{"id":3710,"date":"2014-04-07T10:23:15","date_gmt":"2014-04-07T08:23:15","guid":{"rendered":"http:\/\/www.jazzzeitung.de\/cms\/?p=3710"},"modified":"2014-04-07T10:23:15","modified_gmt":"2014-04-07T08:23:15","slug":"das-leben-lieben-trotz-allem","status":"publish","type":"post","link":"https:\/\/www.jazzzeitung.de\/cms\/2014\/04\/das-leben-lieben-trotz-allem\/","title":{"rendered":"Das Leben lieben &#8211; trotz allem"},"content":{"rendered":"<p>Unsere Newcomer des Monats April sind eigentlich schon alte Hasen, haben aber ihr erstes Duo-Album mit dem Titel \u201eLifelover\u201c beim deutschen Label Traumton herausgebracht. Die ungarische S\u00e4ngerin und Songschreiberin Veronika Harcsa hat daf\u00fcr elf federleichte Lieder geschrieben, die sich mit allen H\u00f6hen und Tiefen des Lebens auseinandersetzen. Begleitet werden sie und ihre glasklare Stimme nur von dem Gitarristen B\u00e1lint Gy\u00e9m\u00e0nt, der auch mit komponiert hat. Eine au\u00dfergew\u00f6hnliche Kombination, die \u00fcberzeugt und sicher ihre Fans bei uns finden wird. (Traumton 4606\/Indigo). Ursula Gaisa sprach mit Veronika Harcsa.<\/p>\n<p>&nbsp;<\/p>\n<p>JazzZeitung: Der Titel \u201eLifelover\u201c, ist das sozusagen das Motto des Duos? Was inspiriert Sie zu Ihren Texten?<\/p>\n<p>Veronika Harcsa: Die Palette der Gef\u00fchle in den Liedern ist sehr breit. Als ich die Texte geschrieben habe, durchlebte ich gerade eine schwierige Periode, und der Schreibprozess war die richtige Therapie daf\u00fcr.<\/p>\n<p>Der Titel \u201eLifelover\u201c ist der Abschluss dieser Therapie. Trotz aller Schwierigkeiten, trotz aller Entt\u00e4uschungen sind wir dankbar, dass wir unser Leben leben und wir uns mit Musik besch\u00e4ftigen k\u00f6nnen.<\/p>\n<p>JazzZeitung: Warum nur Gitarre und Stimme? Was ist die Intention dieser Minimalbesetzung?<\/p>\n<p>Harcsa: Fr\u00fcher habe ich mit B\u00e1lint auch schon im Trio, im Quartett und im Quintett gespielt. Die ersten Duokonzerte kamen spontan, wenn wir zum Beispiel nicht genug Platz f\u00fcr Bandmitglieder oder nicht genug Equipment zur Verf\u00fcgung hatten. Wir haben uns als Duo auf der B\u00fchne so inspiriert gef\u00fchlt, dass wir einfach weitermachen mussten.<\/p>\n<p>Danach haben wir viel Zeit damit verbracht, um die Stimme f\u00fcr unsere Band zu finden. Wir haben angefangen, zusammen Lieder zu schreiben und haben Wege daf\u00fcr gesucht, um die Funktionen der Rhythmussektion zu f\u00fcllen. Im Duo ist unsere musikalische Verantwortung sehr gro\u00df, dadurch haben wir aber mehr Freiheit und mehr Spa\u00df. Wir \u00fcberraschen uns, wir provozieren uns auf der B\u00fchne.<\/p>\n<p><a href=\"https:\/\/i0.wp.com\/www.jazzzeitung.de\/cms\/wp-content\/uploads\/2014\/04\/Veronika-Harcsa-B%C3%A1lint-Gy%C3%A9m%C3%A1nt_7322.jpg\"><img data-recalc-dims=\"1\" loading=\"lazy\" decoding=\"async\" data-attachment-id=\"3713\" data-permalink=\"https:\/\/www.jazzzeitung.de\/cms\/2014\/04\/das-leben-lieben-trotz-allem\/veronika-harcsa-balint-gyemant_7322\/\" data-orig-file=\"https:\/\/i0.wp.com\/www.jazzzeitung.de\/cms\/wp-content\/uploads\/2014\/04\/Veronika-Harcsa-B%C3%A1lint-Gy%C3%A9m%C3%A1nt_7322.jpg?fit=4256%2C2832&amp;ssl=1\" data-orig-size=\"4256,2832\" data-comments-opened=\"1\" data-image-meta=\"{&quot;aperture&quot;:&quot;4.5&quot;,&quot;credit&quot;:&quot;balazs glodi      +36309927726&quot;,&quot;camera&quot;:&quot;NIKON D3S&quot;,&quot;caption&quot;:&quot;&quot;,&quot;created_timestamp&quot;:&quot;1331128889&quot;,&quot;copyright&quot;:&quot;balazs glodi      glodi.balazs@gmail.com +36309927726&quot;,&quot;focal_length&quot;:&quot;85&quot;,&quot;iso&quot;:&quot;100&quot;,&quot;shutter_speed&quot;:&quot;0.005&quot;,&quot;title&quot;:&quot;&quot;}\" data-image-title=\"Veronika Harcsa &amp;#8211; B\u00e1lint Gy\u00e9m\u00e1nt_7322\" data-image-description=\"\" data-image-caption=\"\" data-large-file=\"https:\/\/i0.wp.com\/www.jazzzeitung.de\/cms\/wp-content\/uploads\/2014\/04\/Veronika-Harcsa-B%C3%A1lint-Gy%C3%A9m%C3%A1nt_7322.jpg?fit=840%2C558&amp;ssl=1\" class=\"aligncenter size-large wp-image-3713\" alt=\"Veronika Harcsa - B\u00e1lint Gy\u00e9m\u00e1nt_7322\" src=\"https:\/\/i0.wp.com\/www.jazzzeitung.de\/cms\/wp-content\/uploads\/2014\/04\/Veronika-Harcsa-B%C3%A1lint-Gy%C3%A9m%C3%A1nt_7322-900x598.jpg?resize=695%2C461\" width=\"695\" height=\"461\" srcset=\"https:\/\/i0.wp.com\/www.jazzzeitung.de\/cms\/wp-content\/uploads\/2014\/04\/Veronika-Harcsa-B%C3%A1lint-Gy%C3%A9m%C3%A1nt_7322.jpg?resize=900%2C598&amp;ssl=1 900w, https:\/\/i0.wp.com\/www.jazzzeitung.de\/cms\/wp-content\/uploads\/2014\/04\/Veronika-Harcsa-B%C3%A1lint-Gy%C3%A9m%C3%A1nt_7322.jpg?resize=300%2C200&amp;ssl=1 300w, https:\/\/i0.wp.com\/www.jazzzeitung.de\/cms\/wp-content\/uploads\/2014\/04\/Veronika-Harcsa-B%C3%A1lint-Gy%C3%A9m%C3%A1nt_7322.jpg?w=1680&amp;ssl=1 1680w, https:\/\/i0.wp.com\/www.jazzzeitung.de\/cms\/wp-content\/uploads\/2014\/04\/Veronika-Harcsa-B%C3%A1lint-Gy%C3%A9m%C3%A1nt_7322.jpg?w=2520&amp;ssl=1 2520w\" sizes=\"auto, (max-width: 695px) 100vw, 695px\" \/><\/a><\/p>\n<p>JazzZeitung: Wie kamen Sie zum Jazz? Welche anderen Projekte haben Sie neben dem Duo?<\/p>\n<p>Harcsa: Als Kind habe ich Klavier- und Saxophonspielen gelernt. Es war die Freiheit von Jazz, was auf mich auf der B\u00fchne besonders anziehend wirkte. Zuerst hatte ich ein Quartett, in dem ich angefangen habe eigene Lieder zu schreiben. Ich bin auch Mitglied in einem elektronischen Trio das Bin-Jip hei\u00dft, in dem ich mit B\u00e1lint und mit einem Producer mit Stimmen und Effekten experimentiere.<\/p>\n<p>JazzZeitung: Haben Sie Vorbilder?<\/p>\n<p>Harcsa: Ich habe viele Vorbilder und versuche mich st\u00e4ndig weiterzubilden, um mich meinen Vorbildern anzun\u00e4hern. Ich bewundere K\u00fcnstler, die in sehr verschiedenen Bereichen kreativ sind. Zum Beispiel Joni Mitchell, die nicht nur ihre wundersch\u00f6nen Lieder geschrieben hat, sondern auch ausdrucksvolle Cover eigenh\u00e4ndig gemalt hat.<\/p>\n<p>JazzZeitung: Werden Sie dieses Duo weiter \u201ebetreiben\u201c, am Leben erhalten? Kann man sie live erleben?<\/p>\n<p>Harcsa: Nat\u00fcrlich mache ich das Duo mit B\u00e1lint weiter. Wenn Sie unser Konzert besuchen, werden Sie auch neue Lieder h\u00f6ren, und wir arbeiten viel, um unsere Stimme st\u00e4ndig weiterzuentwickeln. Ich verbringe die H\u00e4lfte meines Lebens in Ungarn, wo wir mit unserem Duo h\u00e4ufig auftreten. Wir werden \u201eLifelover\u201c im Mai in Paris und in Br\u00fcssel pr\u00e4sentieren, und im Juni trete ich in Dresden auf. Von September an werde ich mehr Zeit in Berlin verbringen, weil mich die Szene dort ziemlich interessiert und weil ich einen monatlichen Club im Collegium Hungaricum veranstalten werde.<\/p>\n<p>JazzZeitung: Warum sind Sie bei einem deutschen Label gelandet?<\/p>\n<p>Harcsa: In Ungarn haben wir ein tolles Publikum, wir sind aber jung und abenteuerlustig und m\u00f6chten unsere Musik in die gro\u00dfe weite Welt hinaustragen. Es freut uns sehr, dass Traumton bereit ist, mit uns zusammenzuarbeiten.<\/p>\n<p>JazzZeitung: Was raten Sie anderen Newcomern im Jazzbereich?<\/p>\n<p>Harcsa: Sie m\u00fcssen besonders viel Ausdauer haben, und sie sollen st\u00e4ndig ihre eigene Stimme suchen.<\/p>\n<p>Wir verlosen drei Exemplare der CD, bei Interesse schicken Sie eine E-Mail mit dem Betreff \u201eLifelover\u201c und Ihrer Postadresse an gaisa@jazzzeitung.de<\/p>\n<p>&nbsp;<\/p>\n<p>&nbsp;<\/p>\n","protected":false},"excerpt":{"rendered":"<p>Unsere Newcomer des Monats April sind eigentlich schon alte Hasen, haben aber ihr erstes Duo-Album mit dem Titel \u201eLifelover\u201c beim deutschen Label Traumton herausgebracht. Die ungarische S\u00e4ngerin und Songschreiberin Veronika Harcsa hat daf\u00fcr elf federleichte Lieder geschrieben, die sich mit allen H\u00f6hen und Tiefen des Lebens auseinandersetzen. Begleitet werden sie und ihre glasklare Stimme nur von dem Gitarristen B\u00e1lint Gy\u00e9m\u00e0nt, der auch mit komponiert hat. Eine au\u00dfergew\u00f6hnliche Kombination, die \u00fcberzeugt und sicher ihre Fans bei uns finden wird. (Traumton 4606\/Indigo). Ursula Gaisa sprach mit Veronika Harcsa. &nbsp; JazzZeitung: Der Titel \u201eLifelover\u201c, ist das sozusagen das Motto des Duos? Was inspiriert Sie zu Ihren Texten? Veronika Harcsa: Die Palette der Gef\u00fchle in den Liedern ist sehr breit. Als ich die Texte geschrieben habe, durchlebte ich gerade eine schwierige Periode, und der Schreibprozess war die richtige Therapie daf\u00fcr. Der Titel \u201eLifelover\u201c ist der Abschluss dieser Therapie. Trotz aller Schwierigkeiten, trotz aller Entt\u00e4uschungen sind wir dankbar, dass wir unser Leben leben und wir uns mit Musik besch\u00e4ftigen k\u00f6nnen. JazzZeitung: Warum nur Gitarre und Stimme? Was ist die Intention dieser Minimalbesetzung? Harcsa: Fr\u00fcher habe ich mit B\u00e1lint auch schon &hellip;<\/p>\n","protected":false},"author":18,"featured_media":0,"comment_status":"open","ping_status":"closed","sticky":false,"template":"","format":"standard","meta":{"_jetpack_memberships_contains_paid_content":false,"footnotes":"","jetpack_publicize_message":"","jetpack_publicize_feature_enabled":true,"jetpack_social_post_already_shared":false,"jetpack_social_options":{"image_generator_settings":{"template":"highway","default_image_id":0,"font":"","enabled":false},"version":2}},"categories":[632],"tags":[959,66,120,154,322,339,960,732,881,431,961,958],"coauthors":[695],"class_list":["post-3710","post","type-post","status-publish","format-standard","hentry","category-newcomer","tag-balint-gyemant","tag-berlin","tag-club","tag-dresden","tag-konzert-2","tag-label","tag-lifelover","tag-newcomer-2","tag-newcomer-des-monats","tag-paris","tag-traumton","tag-veronika-harcsa"],"yoast_head":"<!-- This site is optimized with the Yoast SEO plugin v27.5 - https:\/\/yoast.com\/product\/yoast-seo-wordpress\/ -->\n<title>Das Leben lieben - trotz allem - JazzZeitung<\/title>\n<meta name=\"robots\" content=\"index, follow, max-snippet:-1, max-image-preview:large, max-video-preview:-1\" \/>\n<link rel=\"canonical\" href=\"https:\/\/www.jazzzeitung.de\/cms\/2014\/04\/das-leben-lieben-trotz-allem\/\" \/>\n<meta property=\"og:locale\" content=\"de_DE\" \/>\n<meta property=\"og:type\" content=\"article\" \/>\n<meta property=\"og:title\" content=\"Das Leben lieben - trotz allem - JazzZeitung\" \/>\n<meta property=\"og:description\" content=\"Unsere Newcomer des Monats April sind eigentlich schon alte Hasen, haben aber ihr erstes Duo-Album mit dem Titel \u201eLifelover\u201c beim deutschen Label Traumton herausgebracht. Die ungarische S\u00e4ngerin und Songschreiberin Veronika Harcsa hat daf\u00fcr elf federleichte Lieder geschrieben, die sich mit allen H\u00f6hen und Tiefen des Lebens auseinandersetzen. Begleitet werden sie und ihre glasklare Stimme nur von dem Gitarristen B\u00e1lint Gy\u00e9m\u00e0nt, der auch mit komponiert hat. Eine au\u00dfergew\u00f6hnliche Kombination, die \u00fcberzeugt und sicher ihre Fans bei uns finden wird. (Traumton 4606\/Indigo). Ursula Gaisa sprach mit Veronika Harcsa. &nbsp; JazzZeitung: Der Titel \u201eLifelover\u201c, ist das sozusagen das Motto des Duos? Was inspiriert Sie zu Ihren Texten? Veronika Harcsa: Die Palette der Gef\u00fchle in den Liedern ist sehr breit. Als ich die Texte geschrieben habe, durchlebte ich gerade eine schwierige Periode, und der Schreibprozess war die richtige Therapie daf\u00fcr. Der Titel \u201eLifelover\u201c ist der Abschluss dieser Therapie. Trotz aller Schwierigkeiten, trotz aller Entt\u00e4uschungen sind wir dankbar, dass wir unser Leben leben und wir uns mit Musik besch\u00e4ftigen k\u00f6nnen. JazzZeitung: Warum nur Gitarre und Stimme? Was ist die Intention dieser Minimalbesetzung? Harcsa: Fr\u00fcher habe ich mit B\u00e1lint auch schon &hellip;\" \/>\n<meta property=\"og:url\" content=\"https:\/\/www.jazzzeitung.de\/cms\/2014\/04\/das-leben-lieben-trotz-allem\/\" \/>\n<meta property=\"og:site_name\" content=\"JazzZeitung\" \/>\n<meta property=\"article:publisher\" content=\"https:\/\/www.facebook.com\/JazzZeitung\/\" \/>\n<meta property=\"article:published_time\" content=\"2014-04-07T08:23:15+00:00\" \/>\n<meta property=\"og:image\" content=\"https:\/\/i0.wp.com\/www.jazzzeitung.de\/cms\/wp-content\/uploads\/2012\/01\/ipad-logo-200.png?fit=200%2C200&ssl=1\" \/>\n\t<meta property=\"og:image:width\" content=\"200\" \/>\n\t<meta property=\"og:image:height\" content=\"200\" \/>\n\t<meta property=\"og:image:type\" content=\"image\/png\" \/>\n<meta name=\"author\" content=\"Redaktion JazzZeitung\" \/>\n<script type=\"application\/ld+json\" class=\"yoast-schema-graph\">{\"@context\":\"https:\\\/\\\/schema.org\",\"@graph\":[{\"@type\":\"Article\",\"@id\":\"https:\\\/\\\/www.jazzzeitung.de\\\/cms\\\/2014\\\/04\\\/das-leben-lieben-trotz-allem\\\/#article\",\"isPartOf\":{\"@id\":\"https:\\\/\\\/www.jazzzeitung.de\\\/cms\\\/2014\\\/04\\\/das-leben-lieben-trotz-allem\\\/\"},\"author\":{\"name\":\"Redaktion JazzZeitung\",\"@id\":\"https:\\\/\\\/www.jazzzeitung.de\\\/cms\\\/#\\\/schema\\\/person\\\/2245b36b9cd1d24cea10f01c031fb92b\"},\"headline\":\"Das Leben lieben &#8211; trotz allem\",\"datePublished\":\"2014-04-07T08:23:15+00:00\",\"mainEntityOfPage\":{\"@id\":\"https:\\\/\\\/www.jazzzeitung.de\\\/cms\\\/2014\\\/04\\\/das-leben-lieben-trotz-allem\\\/\"},\"wordCount\":662,\"commentCount\":0,\"publisher\":{\"@id\":\"https:\\\/\\\/www.jazzzeitung.de\\\/cms\\\/#organization\"},\"keywords\":[\"B\u00e1lint Gy\u00e9m\u00e0nt\",\"Berlin\",\"Club\",\"Dresden\",\"Konzert\",\"Label\",\"Lifelover\",\"Newcomer\",\"Newcomer des Monats\",\"Paris\",\"Traumton\",\"Veronika Harcsa\"],\"articleSection\":[\"Newcomer des Monats\"],\"inLanguage\":\"de\",\"potentialAction\":[{\"@type\":\"CommentAction\",\"name\":\"Comment\",\"target\":[\"https:\\\/\\\/www.jazzzeitung.de\\\/cms\\\/2014\\\/04\\\/das-leben-lieben-trotz-allem\\\/#respond\"]}]},{\"@type\":\"WebPage\",\"@id\":\"https:\\\/\\\/www.jazzzeitung.de\\\/cms\\\/2014\\\/04\\\/das-leben-lieben-trotz-allem\\\/\",\"url\":\"https:\\\/\\\/www.jazzzeitung.de\\\/cms\\\/2014\\\/04\\\/das-leben-lieben-trotz-allem\\\/\",\"name\":\"Das Leben lieben - trotz allem - JazzZeitung\",\"isPartOf\":{\"@id\":\"https:\\\/\\\/www.jazzzeitung.de\\\/cms\\\/#website\"},\"datePublished\":\"2014-04-07T08:23:15+00:00\",\"breadcrumb\":{\"@id\":\"https:\\\/\\\/www.jazzzeitung.de\\\/cms\\\/2014\\\/04\\\/das-leben-lieben-trotz-allem\\\/#breadcrumb\"},\"inLanguage\":\"de\",\"potentialAction\":[{\"@type\":\"ReadAction\",\"target\":[\"https:\\\/\\\/www.jazzzeitung.de\\\/cms\\\/2014\\\/04\\\/das-leben-lieben-trotz-allem\\\/\"]}]},{\"@type\":\"BreadcrumbList\",\"@id\":\"https:\\\/\\\/www.jazzzeitung.de\\\/cms\\\/2014\\\/04\\\/das-leben-lieben-trotz-allem\\\/#breadcrumb\",\"itemListElement\":[{\"@type\":\"ListItem\",\"position\":1,\"name\":\"Startseite\",\"item\":\"https:\\\/\\\/www.jazzzeitung.de\\\/cms\\\/\"},{\"@type\":\"ListItem\",\"position\":2,\"name\":\"Das Leben lieben &#8211; trotz allem\"}]},{\"@type\":\"WebSite\",\"@id\":\"https:\\\/\\\/www.jazzzeitung.de\\\/cms\\\/#website\",\"url\":\"https:\\\/\\\/www.jazzzeitung.de\\\/cms\\\/\",\"name\":\"JazzZeitung\",\"description\":\"Jazz-News und Jazz-Kontroverses\",\"publisher\":{\"@id\":\"https:\\\/\\\/www.jazzzeitung.de\\\/cms\\\/#organization\"},\"potentialAction\":[{\"@type\":\"SearchAction\",\"target\":{\"@type\":\"EntryPoint\",\"urlTemplate\":\"https:\\\/\\\/www.jazzzeitung.de\\\/cms\\\/?s={search_term_string}\"},\"query-input\":{\"@type\":\"PropertyValueSpecification\",\"valueRequired\":true,\"valueName\":\"search_term_string\"}}],\"inLanguage\":\"de\"},{\"@type\":\"Organization\",\"@id\":\"https:\\\/\\\/www.jazzzeitung.de\\\/cms\\\/#organization\",\"name\":\"JazzZeitung online\",\"url\":\"https:\\\/\\\/www.jazzzeitung.de\\\/cms\\\/\",\"logo\":{\"@type\":\"ImageObject\",\"inLanguage\":\"de\",\"@id\":\"https:\\\/\\\/www.jazzzeitung.de\\\/cms\\\/#\\\/schema\\\/logo\\\/image\\\/\",\"url\":\"https:\\\/\\\/i0.wp.com\\\/www.jazzzeitung.de\\\/cms\\\/wp-content\\\/uploads\\\/2015\\\/08\\\/JAZZZEITUNGDE_Logo_Neu.png?fit=499%2C200&ssl=1\",\"contentUrl\":\"https:\\\/\\\/i0.wp.com\\\/www.jazzzeitung.de\\\/cms\\\/wp-content\\\/uploads\\\/2015\\\/08\\\/JAZZZEITUNGDE_Logo_Neu.png?fit=499%2C200&ssl=1\",\"width\":499,\"height\":200,\"caption\":\"JazzZeitung online\"},\"image\":{\"@id\":\"https:\\\/\\\/www.jazzzeitung.de\\\/cms\\\/#\\\/schema\\\/logo\\\/image\\\/\"},\"sameAs\":[\"https:\\\/\\\/www.facebook.com\\\/JazzZeitung\\\/\"]},{\"@type\":\"Person\",\"@id\":\"https:\\\/\\\/www.jazzzeitung.de\\\/cms\\\/#\\\/schema\\\/person\\\/2245b36b9cd1d24cea10f01c031fb92b\",\"name\":\"Redaktion JazzZeitung\",\"image\":{\"@type\":\"ImageObject\",\"inLanguage\":\"de\",\"@id\":\"https:\\\/\\\/i0.wp.com\\\/www.jazzzeitung.de\\\/cms\\\/wp-content\\\/uploads\\\/2015\\\/08\\\/JAZZZEITUNGDE_Logo_Neu.png?resize=96%2C96&ssl=159975dcacb611b5700bd619b5daf0a7a\",\"url\":\"https:\\\/\\\/i0.wp.com\\\/www.jazzzeitung.de\\\/cms\\\/wp-content\\\/uploads\\\/2015\\\/08\\\/JAZZZEITUNGDE_Logo_Neu.png?resize=96%2C96&ssl=1\",\"contentUrl\":\"https:\\\/\\\/i0.wp.com\\\/www.jazzzeitung.de\\\/cms\\\/wp-content\\\/uploads\\\/2015\\\/08\\\/JAZZZEITUNGDE_Logo_Neu.png?resize=96%2C96&ssl=1\",\"caption\":\"Redaktion JazzZeitung\"},\"description\":\"Artikel der Redaktion der JazzZeitung.\",\"sameAs\":[\"http:\\\/\\\/www.jazzzeitung.de\\\/cms\\\/\"],\"url\":\"https:\\\/\\\/www.jazzzeitung.de\\\/cms\\\/author\\\/redaktion\\\/\"}]}<\/script>\n<!-- \/ Yoast SEO plugin. -->","yoast_head_json":{"title":"Das Leben lieben - trotz allem - JazzZeitung","robots":{"index":"index","follow":"follow","max-snippet":"max-snippet:-1","max-image-preview":"max-image-preview:large","max-video-preview":"max-video-preview:-1"},"canonical":"https:\/\/www.jazzzeitung.de\/cms\/2014\/04\/das-leben-lieben-trotz-allem\/","og_locale":"de_DE","og_type":"article","og_title":"Das Leben lieben - trotz allem - JazzZeitung","og_description":"Unsere Newcomer des Monats April sind eigentlich schon alte Hasen, haben aber ihr erstes Duo-Album mit dem Titel \u201eLifelover\u201c beim deutschen Label Traumton herausgebracht. Die ungarische S\u00e4ngerin und Songschreiberin Veronika Harcsa hat daf\u00fcr elf federleichte Lieder geschrieben, die sich mit allen H\u00f6hen und Tiefen des Lebens auseinandersetzen. Begleitet werden sie und ihre glasklare Stimme nur von dem Gitarristen B\u00e1lint Gy\u00e9m\u00e0nt, der auch mit komponiert hat. Eine au\u00dfergew\u00f6hnliche Kombination, die \u00fcberzeugt und sicher ihre Fans bei uns finden wird. (Traumton 4606\/Indigo). Ursula Gaisa sprach mit Veronika Harcsa. &nbsp; JazzZeitung: Der Titel \u201eLifelover\u201c, ist das sozusagen das Motto des Duos? Was inspiriert Sie zu Ihren Texten? Veronika Harcsa: Die Palette der Gef\u00fchle in den Liedern ist sehr breit. Als ich die Texte geschrieben habe, durchlebte ich gerade eine schwierige Periode, und der Schreibprozess war die richtige Therapie daf\u00fcr. Der Titel \u201eLifelover\u201c ist der Abschluss dieser Therapie. Trotz aller Schwierigkeiten, trotz aller Entt\u00e4uschungen sind wir dankbar, dass wir unser Leben leben und wir uns mit Musik besch\u00e4ftigen k\u00f6nnen. JazzZeitung: Warum nur Gitarre und Stimme? Was ist die Intention dieser Minimalbesetzung? Harcsa: Fr\u00fcher habe ich mit B\u00e1lint auch schon &hellip;","og_url":"https:\/\/www.jazzzeitung.de\/cms\/2014\/04\/das-leben-lieben-trotz-allem\/","og_site_name":"JazzZeitung","article_publisher":"https:\/\/www.facebook.com\/JazzZeitung\/","article_published_time":"2014-04-07T08:23:15+00:00","og_image":[{"width":200,"height":200,"url":"https:\/\/i0.wp.com\/www.jazzzeitung.de\/cms\/wp-content\/uploads\/2012\/01\/ipad-logo-200.png?fit=200%2C200&ssl=1","type":"image\/png"}],"author":"Redaktion JazzZeitung","schema":{"@context":"https:\/\/schema.org","@graph":[{"@type":"Article","@id":"https:\/\/www.jazzzeitung.de\/cms\/2014\/04\/das-leben-lieben-trotz-allem\/#article","isPartOf":{"@id":"https:\/\/www.jazzzeitung.de\/cms\/2014\/04\/das-leben-lieben-trotz-allem\/"},"author":{"name":"Redaktion JazzZeitung","@id":"https:\/\/www.jazzzeitung.de\/cms\/#\/schema\/person\/2245b36b9cd1d24cea10f01c031fb92b"},"headline":"Das Leben lieben &#8211; trotz allem","datePublished":"2014-04-07T08:23:15+00:00","mainEntityOfPage":{"@id":"https:\/\/www.jazzzeitung.de\/cms\/2014\/04\/das-leben-lieben-trotz-allem\/"},"wordCount":662,"commentCount":0,"publisher":{"@id":"https:\/\/www.jazzzeitung.de\/cms\/#organization"},"keywords":["B\u00e1lint Gy\u00e9m\u00e0nt","Berlin","Club","Dresden","Konzert","Label","Lifelover","Newcomer","Newcomer des Monats","Paris","Traumton","Veronika Harcsa"],"articleSection":["Newcomer des Monats"],"inLanguage":"de","potentialAction":[{"@type":"CommentAction","name":"Comment","target":["https:\/\/www.jazzzeitung.de\/cms\/2014\/04\/das-leben-lieben-trotz-allem\/#respond"]}]},{"@type":"WebPage","@id":"https:\/\/www.jazzzeitung.de\/cms\/2014\/04\/das-leben-lieben-trotz-allem\/","url":"https:\/\/www.jazzzeitung.de\/cms\/2014\/04\/das-leben-lieben-trotz-allem\/","name":"Das Leben lieben - trotz allem - JazzZeitung","isPartOf":{"@id":"https:\/\/www.jazzzeitung.de\/cms\/#website"},"datePublished":"2014-04-07T08:23:15+00:00","breadcrumb":{"@id":"https:\/\/www.jazzzeitung.de\/cms\/2014\/04\/das-leben-lieben-trotz-allem\/#breadcrumb"},"inLanguage":"de","potentialAction":[{"@type":"ReadAction","target":["https:\/\/www.jazzzeitung.de\/cms\/2014\/04\/das-leben-lieben-trotz-allem\/"]}]},{"@type":"BreadcrumbList","@id":"https:\/\/www.jazzzeitung.de\/cms\/2014\/04\/das-leben-lieben-trotz-allem\/#breadcrumb","itemListElement":[{"@type":"ListItem","position":1,"name":"Startseite","item":"https:\/\/www.jazzzeitung.de\/cms\/"},{"@type":"ListItem","position":2,"name":"Das Leben lieben &#8211; trotz allem"}]},{"@type":"WebSite","@id":"https:\/\/www.jazzzeitung.de\/cms\/#website","url":"https:\/\/www.jazzzeitung.de\/cms\/","name":"JazzZeitung","description":"Jazz-News und Jazz-Kontroverses","publisher":{"@id":"https:\/\/www.jazzzeitung.de\/cms\/#organization"},"potentialAction":[{"@type":"SearchAction","target":{"@type":"EntryPoint","urlTemplate":"https:\/\/www.jazzzeitung.de\/cms\/?s={search_term_string}"},"query-input":{"@type":"PropertyValueSpecification","valueRequired":true,"valueName":"search_term_string"}}],"inLanguage":"de"},{"@type":"Organization","@id":"https:\/\/www.jazzzeitung.de\/cms\/#organization","name":"JazzZeitung online","url":"https:\/\/www.jazzzeitung.de\/cms\/","logo":{"@type":"ImageObject","inLanguage":"de","@id":"https:\/\/www.jazzzeitung.de\/cms\/#\/schema\/logo\/image\/","url":"https:\/\/i0.wp.com\/www.jazzzeitung.de\/cms\/wp-content\/uploads\/2015\/08\/JAZZZEITUNGDE_Logo_Neu.png?fit=499%2C200&ssl=1","contentUrl":"https:\/\/i0.wp.com\/www.jazzzeitung.de\/cms\/wp-content\/uploads\/2015\/08\/JAZZZEITUNGDE_Logo_Neu.png?fit=499%2C200&ssl=1","width":499,"height":200,"caption":"JazzZeitung online"},"image":{"@id":"https:\/\/www.jazzzeitung.de\/cms\/#\/schema\/logo\/image\/"},"sameAs":["https:\/\/www.facebook.com\/JazzZeitung\/"]},{"@type":"Person","@id":"https:\/\/www.jazzzeitung.de\/cms\/#\/schema\/person\/2245b36b9cd1d24cea10f01c031fb92b","name":"Redaktion JazzZeitung","image":{"@type":"ImageObject","inLanguage":"de","@id":"https:\/\/i0.wp.com\/www.jazzzeitung.de\/cms\/wp-content\/uploads\/2015\/08\/JAZZZEITUNGDE_Logo_Neu.png?resize=96%2C96&ssl=159975dcacb611b5700bd619b5daf0a7a","url":"https:\/\/i0.wp.com\/www.jazzzeitung.de\/cms\/wp-content\/uploads\/2015\/08\/JAZZZEITUNGDE_Logo_Neu.png?resize=96%2C96&ssl=1","contentUrl":"https:\/\/i0.wp.com\/www.jazzzeitung.de\/cms\/wp-content\/uploads\/2015\/08\/JAZZZEITUNGDE_Logo_Neu.png?resize=96%2C96&ssl=1","caption":"Redaktion JazzZeitung"},"description":"Artikel der Redaktion der JazzZeitung.","sameAs":["http:\/\/www.jazzzeitung.de\/cms\/"],"url":"https:\/\/www.jazzzeitung.de\/cms\/author\/redaktion\/"}]}},"wp-worthy-pixel":{"ignored":false,"public":null,"server":null,"url":null},"wp-worthy-type":"normal","jetpack_publicize_connections":[],"cc_featured_image_caption":{"caption_text":false,"source_text":false,"source_url":false},"jetpack_featured_media_url":"","jetpack_shortlink":"https:\/\/wp.me\/p3KEcT-XQ","jetpack-related-posts":[{"id":2472,"url":"https:\/\/www.jazzzeitung.de\/cms\/2013\/10\/newcomer-des-monats-das-trio-schmetterling-hoert-euch-die-musik-einfach-an\/","url_meta":{"origin":3710,"position":0},"title":"Trio Schmetterling &#8211; &#8222;H\u00f6rt euch die Musik einfach an&#8220;","author":"Redaktion JazzZeitung","date":"21. Oktober 2013","format":false,"excerpt":"Wo andere von der Musikhochschule kommen und eifrig demonstrieren, was sie studiert haben, da haben sich Bassist Alexander Binder, Gitarrist\/Keyboarder Keisuke Matsuno und Schlagzeuger Jan Roth schon lange auf denkbar entspannteste Weise freigespielt. Sie wohnen in New York, Berlin und Erfurt und pendeln zwischen ihren eigenen Projekten. Dazu geh\u00f6ren deutsche\u2026","rel":"","context":"In &quot;JazzZeitung (print)&quot;","block_context":{"text":"JazzZeitung (print)","link":"https:\/\/www.jazzzeitung.de\/cms\/thema\/archiv\/jazzzeitung-print\/"},"img":{"alt_text":"trioschmetterling_sw_300","src":"https:\/\/i0.wp.com\/www.jazzzeitung.de\/cms\/wp-content\/uploads\/2013\/10\/trioschmetterling_sw_300-150x150.jpg?resize=350%2C200","width":350,"height":200},"classes":[]},{"id":29037,"url":"https:\/\/www.jazzzeitung.de\/cms\/2023\/01\/ein-festival-das-lange-nachglitzert\/","url_meta":{"origin":3710,"position":1},"title":"Ein Festival, das lange nachglitzert","author":"Andreas Kolb","date":"31. Januar 2023","format":false,"excerpt":"Egal ob Archie Shepp im Teatro del Giglio in Lucca in den 80ern, Johannes Faber und Freunde im M\u00fcnchner Theater am G\u00e4rtnerplatz in den 90ern oder das neue Jazzfestival \u201eSparks & Visions\u201c im Regensburger Stadttheater heute: Jazzmusik im Ambiente eines klassizistischen Theaters ist und bleibt etwas Besonderes. Das beginnt damit,\u2026","rel":"","context":"In &quot;Bericht&quot;","block_context":{"text":"Bericht","link":"https:\/\/www.jazzzeitung.de\/cms\/thema\/bericht\/"},"img":{"alt_text":"","src":"https:\/\/i0.wp.com\/www.jazzzeitung.de\/cms\/wp-content\/uploads\/2023\/01\/DSC_2434-min.jpg?fit=1200%2C800&ssl=1&resize=350%2C200","width":350,"height":200,"srcset":"https:\/\/i0.wp.com\/www.jazzzeitung.de\/cms\/wp-content\/uploads\/2023\/01\/DSC_2434-min.jpg?fit=1200%2C800&ssl=1&resize=350%2C200 1x, https:\/\/i0.wp.com\/www.jazzzeitung.de\/cms\/wp-content\/uploads\/2023\/01\/DSC_2434-min.jpg?fit=1200%2C800&ssl=1&resize=525%2C300 1.5x, https:\/\/i0.wp.com\/www.jazzzeitung.de\/cms\/wp-content\/uploads\/2023\/01\/DSC_2434-min.jpg?fit=1200%2C800&ssl=1&resize=700%2C400 2x, https:\/\/i0.wp.com\/www.jazzzeitung.de\/cms\/wp-content\/uploads\/2023\/01\/DSC_2434-min.jpg?fit=1200%2C800&ssl=1&resize=1050%2C600 3x"},"classes":[]},{"id":5286,"url":"https:\/\/www.jazzzeitung.de\/cms\/2015\/01\/gipsy-jazz-aus-augsburg-sandro-roy-newcomer-des-monats-februar\/","url_meta":{"origin":3710,"position":2},"title":"Gipsy Jazz aus Augsburg: Sandro Roy \u2013 Newcomer des Monats Februar","author":"Redaktion JazzZeitung","date":"26. Januar 2015","format":false,"excerpt":"Von Miriam Hasenkampf \u2013 Es ist kalt geworden im bayerischen Augsburg, dem Wohn- und Geburtsort unseres Newcomers des Monats Februar, Sandro Roy. Der Weihnachts- und Silvestertrubel ist l\u00e4ngst vorbei. Jetzt gilt es, die guten Vors\u00e4tze auch umzusetzen: Mit dem Deb\u00fct-Album \u201eWhere I come from\u201c des erst 20-j\u00e4hrigen Violinisten kann man\u2026","rel":"","context":"In &quot;Newcomer des Monats&quot;","block_context":{"text":"Newcomer des Monats","link":"https:\/\/www.jazzzeitung.de\/cms\/thema\/newcomer\/"},"img":{"alt_text":"Sandro Roy: \"Where I come from\" Skip Records ","src":"https:\/\/i0.wp.com\/www.jazzzeitung.de\/cms\/wp-content\/uploads\/2015\/01\/Sandro-Roy.jpg?resize=350%2C200","width":350,"height":200},"classes":[]},{"id":4011,"url":"https:\/\/www.jazzzeitung.de\/cms\/2014\/06\/newcomer-des-monats-donauwellenreiter\/","url_meta":{"origin":3710,"position":3},"title":"Newcomer des Monats: Donauwellenreiter","author":"Redaktion JazzZeitung","date":"4. Juni 2014","format":false,"excerpt":"Passend zum Fr\u00fchsommer schauen wir ins nachbarliche \u00d6sterreich und stellen den perfekten Soundtrack f\u00fcr die Jahreszeit vor: die Donauwellenreiter. Das sind der Pianist Thomas Castaneda, der auch die meisten der Songs komponiert, Akkordeonist Nikola Zaric und die S\u00e4ngerin und Violinistin Maria Craffonara. Formiert hat sich das Trio 2010, und nach\u2026","rel":"","context":"In &quot;Newcomer des Monats&quot;","block_context":{"text":"Newcomer des Monats","link":"https:\/\/www.jazzzeitung.de\/cms\/thema\/newcomer\/"},"img":{"alt_text":"Messei_CD_Cover","src":"https:\/\/i0.wp.com\/www.jazzzeitung.de\/cms\/wp-content\/uploads\/2014\/06\/Messei_CD_Cover-150x150.jpg?resize=350%2C200","width":350,"height":200},"classes":[]},{"id":28948,"url":"https:\/\/www.jazzzeitung.de\/cms\/2023\/01\/jazz-festival-sparks-vision-feiert-premiere\/","url_meta":{"origin":3710,"position":4},"title":"Jazz-Festival &#8222;Sparks &#038; Vision&#8220; feiert Premiere","author":"Redaktion JazzZeitung","date":"24. Januar 2023","format":false,"excerpt":"Heute vor einem Monat war Heiligabend \u2013 auf ein ganz besonderes Geschenk warten wir aber noch immer. \u00d6ffnen, bzw. er\u00f6ffnen wird es am Freitag von Julia H\u00fclsmann (piano) im Stadttheater Regensburg. Und sie legt gleich noch ein Geschenk oben drauf: das Debut von \u201eHeaven Steps to Seven\u201c, ihrem neuen Septett\u2026","rel":"","context":"In &quot;News&quot;","block_context":{"text":"News","link":"https:\/\/www.jazzzeitung.de\/cms\/thema\/nachrichten\/"},"img":{"alt_text":"","src":"https:\/\/i0.wp.com\/www.jazzzeitung.de\/cms\/wp-content\/uploads\/2023\/01\/2022-03-24_SOS_306136_FotoPaelSosnowski-scaled.jpg?fit=1200%2C800&ssl=1&resize=350%2C200","width":350,"height":200,"srcset":"https:\/\/i0.wp.com\/www.jazzzeitung.de\/cms\/wp-content\/uploads\/2023\/01\/2022-03-24_SOS_306136_FotoPaelSosnowski-scaled.jpg?fit=1200%2C800&ssl=1&resize=350%2C200 1x, https:\/\/i0.wp.com\/www.jazzzeitung.de\/cms\/wp-content\/uploads\/2023\/01\/2022-03-24_SOS_306136_FotoPaelSosnowski-scaled.jpg?fit=1200%2C800&ssl=1&resize=525%2C300 1.5x, https:\/\/i0.wp.com\/www.jazzzeitung.de\/cms\/wp-content\/uploads\/2023\/01\/2022-03-24_SOS_306136_FotoPaelSosnowski-scaled.jpg?fit=1200%2C800&ssl=1&resize=700%2C400 2x, https:\/\/i0.wp.com\/www.jazzzeitung.de\/cms\/wp-content\/uploads\/2023\/01\/2022-03-24_SOS_306136_FotoPaelSosnowski-scaled.jpg?fit=1200%2C800&ssl=1&resize=1050%2C600 3x"},"classes":[]},{"id":6546,"url":"https:\/\/www.jazzzeitung.de\/cms\/2015\/07\/newcomer-des-monats-matthias-lindermayr\/","url_meta":{"origin":3710,"position":5},"title":"Newcomer des Monats: Matthias Lindermayr","author":"Redaktion JazzZeitung","date":"13. Juli 2015","format":false,"excerpt":"Ein Ton, einsam, weit und eindringlich ruft dieser Ton. Eine Verzierung, dann ein zweiter Ton. Lang angehalten, man h\u00f6rt wie die Luft flie\u00dft, wie w\u00fcrzig-rauer Sand weht einem dieser Ton ins Ohr. Kraft hat er und nach Sehnsucht klingt er, tiefgr\u00fcndig und lebendig. Er strahlt nicht nur, dieser Ton hat\u2026","rel":"","context":"In &quot;Newcomer des Monats&quot;","block_context":{"text":"Newcomer des Monats","link":"https:\/\/www.jazzzeitung.de\/cms\/thema\/newcomer\/"},"img":{"alt_text":"\u00a9_hannes_rohrer","src":"https:\/\/i0.wp.com\/www.jazzzeitung.de\/cms\/wp-content\/uploads\/2015\/07\/DSC4308_%C2%A9_hannes_rohrer.jpg?fit=1200%2C798&ssl=1&resize=350%2C200","width":350,"height":200,"srcset":"https:\/\/i0.wp.com\/www.jazzzeitung.de\/cms\/wp-content\/uploads\/2015\/07\/DSC4308_%C2%A9_hannes_rohrer.jpg?fit=1200%2C798&ssl=1&resize=350%2C200 1x, https:\/\/i0.wp.com\/www.jazzzeitung.de\/cms\/wp-content\/uploads\/2015\/07\/DSC4308_%C2%A9_hannes_rohrer.jpg?fit=1200%2C798&ssl=1&resize=525%2C300 1.5x, https:\/\/i0.wp.com\/www.jazzzeitung.de\/cms\/wp-content\/uploads\/2015\/07\/DSC4308_%C2%A9_hannes_rohrer.jpg?fit=1200%2C798&ssl=1&resize=700%2C400 2x, https:\/\/i0.wp.com\/www.jazzzeitung.de\/cms\/wp-content\/uploads\/2015\/07\/DSC4308_%C2%A9_hannes_rohrer.jpg?fit=1200%2C798&ssl=1&resize=1050%2C600 3x"},"classes":[]}],"jetpack_sharing_enabled":true,"_links":{"self":[{"href":"https:\/\/www.jazzzeitung.de\/cms\/wp-json\/wp\/v2\/posts\/3710","targetHints":{"allow":["GET"]}}],"collection":[{"href":"https:\/\/www.jazzzeitung.de\/cms\/wp-json\/wp\/v2\/posts"}],"about":[{"href":"https:\/\/www.jazzzeitung.de\/cms\/wp-json\/wp\/v2\/types\/post"}],"author":[{"embeddable":true,"href":"https:\/\/www.jazzzeitung.de\/cms\/wp-json\/wp\/v2\/users\/18"}],"replies":[{"embeddable":true,"href":"https:\/\/www.jazzzeitung.de\/cms\/wp-json\/wp\/v2\/comments?post=3710"}],"version-history":[{"count":3,"href":"https:\/\/www.jazzzeitung.de\/cms\/wp-json\/wp\/v2\/posts\/3710\/revisions"}],"predecessor-version":[{"id":3715,"href":"https:\/\/www.jazzzeitung.de\/cms\/wp-json\/wp\/v2\/posts\/3710\/revisions\/3715"}],"wp:attachment":[{"href":"https:\/\/www.jazzzeitung.de\/cms\/wp-json\/wp\/v2\/media?parent=3710"}],"wp:term":[{"taxonomy":"category","embeddable":true,"href":"https:\/\/www.jazzzeitung.de\/cms\/wp-json\/wp\/v2\/categories?post=3710"},{"taxonomy":"post_tag","embeddable":true,"href":"https:\/\/www.jazzzeitung.de\/cms\/wp-json\/wp\/v2\/tags?post=3710"},{"taxonomy":"author","embeddable":true,"href":"https:\/\/www.jazzzeitung.de\/cms\/wp-json\/wp\/v2\/coauthors?post=3710"}],"curies":[{"name":"wp","href":"https:\/\/api.w.org\/{rel}","templated":true}]}}