{"id":3689,"date":"2014-04-04T11:28:59","date_gmt":"2014-04-04T09:28:59","guid":{"rendered":"http:\/\/www.jazzzeitung.de\/cms\/?p=3689"},"modified":"2017-10-10T16:40:26","modified_gmt":"2017-10-10T14:40:26","slug":"3689","status":"publish","type":"post","link":"https:\/\/www.jazzzeitung.de\/cms\/2014\/04\/3689\/","title":{"rendered":"Jazz Prek\u00e4r? Zu einer Tagung"},"content":{"rendered":"<p><a href=\"https:\/\/i0.wp.com\/www.jazzzeitung.de\/cms\/wp-content\/uploads\/2014\/04\/UDJ_Logo_CMYK-nur_kugel.jpg\"><img data-recalc-dims=\"1\" loading=\"lazy\" decoding=\"async\" data-attachment-id=\"3692\" data-permalink=\"https:\/\/www.jazzzeitung.de\/cms\/2014\/04\/3689\/udj_logo_final\/\" data-orig-file=\"https:\/\/i0.wp.com\/www.jazzzeitung.de\/cms\/wp-content\/uploads\/2014\/04\/UDJ_Logo_CMYK-nur_kugel.jpg?fit=639%2C656&amp;ssl=1\" data-orig-size=\"639,656\" data-comments-opened=\"1\" data-image-meta=\"{&quot;aperture&quot;:&quot;0&quot;,&quot;credit&quot;:&quot;&quot;,&quot;camera&quot;:&quot;&quot;,&quot;caption&quot;:&quot;&quot;,&quot;created_timestamp&quot;:&quot;0&quot;,&quot;copyright&quot;:&quot;&quot;,&quot;focal_length&quot;:&quot;0&quot;,&quot;iso&quot;:&quot;0&quot;,&quot;shutter_speed&quot;:&quot;0&quot;,&quot;title&quot;:&quot;UDJ_Logo_Final&quot;}\" data-image-title=\"UDJ_Logo_Final\" data-image-description=\"\" data-image-caption=\"\" data-large-file=\"https:\/\/i0.wp.com\/www.jazzzeitung.de\/cms\/wp-content\/uploads\/2014\/04\/UDJ_Logo_CMYK-nur_kugel.jpg?fit=584%2C600&amp;ssl=1\" class=\"alignright size-thumbnail wp-image-3692\" src=\"https:\/\/i0.wp.com\/www.jazzzeitung.de\/cms\/wp-content\/uploads\/2014\/04\/UDJ_Logo_CMYK-nur_kugel-150x150.jpg?resize=150%2C150\" alt=\"UDJ_Logo_Final\" width=\"150\" height=\"150\" srcset=\"https:\/\/i0.wp.com\/www.jazzzeitung.de\/cms\/wp-content\/uploads\/2014\/04\/UDJ_Logo_CMYK-nur_kugel.jpg?resize=150%2C150&amp;ssl=1 150w, https:\/\/i0.wp.com\/www.jazzzeitung.de\/cms\/wp-content\/uploads\/2014\/04\/UDJ_Logo_CMYK-nur_kugel.jpg?resize=144%2C144&amp;ssl=1 144w, https:\/\/i0.wp.com\/www.jazzzeitung.de\/cms\/wp-content\/uploads\/2014\/04\/UDJ_Logo_CMYK-nur_kugel.jpg?resize=96%2C96&amp;ssl=1 96w, https:\/\/i0.wp.com\/www.jazzzeitung.de\/cms\/wp-content\/uploads\/2014\/04\/UDJ_Logo_CMYK-nur_kugel.jpg?resize=24%2C24&amp;ssl=1 24w, https:\/\/i0.wp.com\/www.jazzzeitung.de\/cms\/wp-content\/uploads\/2014\/04\/UDJ_Logo_CMYK-nur_kugel.jpg?resize=36%2C36&amp;ssl=1 36w, https:\/\/i0.wp.com\/www.jazzzeitung.de\/cms\/wp-content\/uploads\/2014\/04\/UDJ_Logo_CMYK-nur_kugel.jpg?resize=48%2C48&amp;ssl=1 48w, https:\/\/i0.wp.com\/www.jazzzeitung.de\/cms\/wp-content\/uploads\/2014\/04\/UDJ_Logo_CMYK-nur_kugel.jpg?resize=64%2C64&amp;ssl=1 64w, https:\/\/i0.wp.com\/www.jazzzeitung.de\/cms\/wp-content\/uploads\/2014\/04\/UDJ_Logo_CMYK-nur_kugel.jpg?resize=32%2C32&amp;ssl=1 32w, https:\/\/i0.wp.com\/www.jazzzeitung.de\/cms\/wp-content\/uploads\/2014\/04\/UDJ_Logo_CMYK-nur_kugel.jpg?resize=128%2C128&amp;ssl=1 128w, https:\/\/i0.wp.com\/www.jazzzeitung.de\/cms\/wp-content\/uploads\/2014\/04\/UDJ_Logo_CMYK-nur_kugel.jpg?zoom=2&amp;resize=150%2C150&amp;ssl=1 300w, https:\/\/i0.wp.com\/www.jazzzeitung.de\/cms\/wp-content\/uploads\/2014\/04\/UDJ_Logo_CMYK-nur_kugel.jpg?zoom=3&amp;resize=150%2C150&amp;ssl=1 450w\" sizes=\"auto, (max-width: 150px) 100vw, 150px\" \/><\/a>Aus der aktuellen Printausgabe der JazzZeitung (auch digital erh\u00e4ltlich unter diesem <a title=\"JazzZeitung digital\" href=\"http:\/\/www.jazzzeitung.de\/cms\/digitale-ausgaben-der-jazzzeitung\/\" target=\"_blank\" rel=\"noopener\">Link<\/a>): ein Artikel von Jonas Pirzer (UDJ) &#8211; Zur Tagung der Kulturpolitischen Gesellschaft und der Evangelischen Akademie Loccum war die Union Deutscher Jazzmusiker eingeladen, um \u00fcber Lebens- und Arbeitsbedingungen von Jazzmusikerinnen und Jazzmusiker zu berichten. Das etwas provokante Motto der Tagung lautete: Kreatives Prekariat \u2013 Wie lebt es sich von und mit der Kunst. Prekariat, heute Teil des Alltagsvokabulars und so selbstverst\u00e4ndlich leicht von den Lippen gehend wie Mittelstandsbauch, Pendlerpauschale oder Krimkrise bietet eine politisch korrekte Begriffsalternative zur hochwertenden \u201eUnterschicht\u201c. Ihm zugerechnet werden Menschen, deren s\u00e4mtliche Lebensumst\u00e4nde als schlecht bezeichnet werden k\u00f6nnen; charakterisiert durch Armut, Arbeitslosigkeit, niedriges Bildungsniveau, Krankheit und\/oder schlechte Zukunftsaussichten. Was ist also Kreatives Prekariat?<\/p>\n<p>Die meisten K\u00fcnstlerinnen und K\u00fcnstler sind hochgebildet, hochproduktiv und hochmotiviert! Prek\u00e4r sind hier in erster Linie die \u00f6konomischen Umst\u00e4nde. Unterdurchschnittliche Verg\u00fctung, lockere, Konjunkturschwankungen unterliegende Arbeitsverh\u00e4ltnisse und damit verbundene Unsicherheiten kennzeichnen die soziale Lage im Jazz wie in allen \u00fcberwiegend freien K\u00fcnstlerberufen. Feste k\u00fcnstlerische Stellen gibt es nur sehr wenige. Das Berufsbild Jazzmusiker ist heute extrem vielschichtig, die Anforderungen vielf\u00e4ltig. Eink\u00fcnfte werden in der Regel in vier gro\u00dfen Feldern erzielt:<\/p>\n<p>(1) Gagen: Konzerte, Dienstleistung (Hintergrundmusik, etc.), Studio<br \/>\n(2) Honorare f\u00fcr Kompositionen,\u00a0 Arrangements, Aufnahmen und Produktion; Veranstaltert\u00e4tigkeit\/Projekte<br \/>\n(3) Verg\u00fctungen\/Tantiemen (z.B. GEMA)<br \/>\n(4) P\u00e4dagogische T\u00e4tigkeit<\/p>\n<p>Die ersten drei Einkommensfelder sorgen in der Regel weder einzeln noch in Kombination f\u00fcr ein existenzsicherndes Einkommen. Gut bezahlte Konzertveranstaltungen sind selten und der Markt f\u00fcr kommerzielle Auftritte stark \u00fcberlaufen sowie starken Schwankungen unterliegend. Hauptberufliche T\u00e4tigkeit als Komponist, Arrangeur oder Musikproduzent ist die Ausnahme. Veranstaltert\u00e4tigkeit von aus\u00fcbenden K\u00fcnstlern erfolgt h\u00e4ufig in ehrenamtlicher Form beziehungsweise ist bestenfalls ein Zubrot. Der weitaus geringere Teil der Musiker erh\u00e4lt signifikante Verg\u00fctungen durch die GEMA. Um ein kontinuierliches und sicheres Einkommen zu erzielen, \u00fcben die allermeisten Jazzmusikerinnen und Jazzmusiker deshalb gleichzeitig eine p\u00e4dagogische T\u00e4tigkeit aus. Viele Jazz-Profis verf\u00fcgen dar\u00fcber hinaus \u00fcber nebenberufliche Standbeine, die nicht notwendigerweise einen Musikbezug haben m\u00fcssen, sich aber oftmals aus den Sekund\u00e4rf\u00e4higkeiten, die f\u00fcr Freiberufler unabdingbar sind, herausbilden. Diese sind h\u00e4ufig im Feld Kulturmanagement und Veranstaltungswesen angesiedelt, reichen aber auch \u00fcber Labelarbeit\u00a0 bis hin zu Webdesign und Instrumentenbau. Solch verschiedene Arbeitsfelder funktionieren nach sehr unterschiedlichen Prinzipien und stellen die Jazzmusikerinnen und Jazzmusiker vor unterschiedlichste Herausforderungen. Das \u201ePatchwork\u201c aus Aufgabenfeldern bietet im Idealfall einen abwechslungsreichen beruflichen Mix mit Synergieeffekten. Allerdings ist es h\u00e4ufig so, dass durch die vielf\u00e4ltigen Anforderungen bei gleichzeitig niedrigen Einkommen aus den verschiedenen Bereichen eine oftmals unhaltbare Situation f\u00fcr Jazzmusikschaffende entsteht, die sie letztendlich zur Aufgabe ihrer k\u00fcnstlerischen T\u00e4tigkeit zwingt.<\/p>\n<p>Eine empirische Abbildung der tats\u00e4chlichen Einkommenssituation und damit der sozialen Lage ist schwierig, da herk\u00f6mmliche Statistiken nur unzureichend geeignet sind, Auskunft \u00fcber das oben beschriebene Berufsbild Jazzmusiker zu geben. Die derzeit interessantesten Statistiken stammen von der K\u00fcnstlersozialkasse und weisen 2013 f\u00fcr Jazz- und Rockmusiker ein Sch\u00e4tzeinkommen von 11.478 Euro aus. Diese Zahl ist nur sehr begrenzt aussagekr\u00e4ftig, da sie zum einen keine genrespezifische Aussage erlaubt und zum anderen alle Jazzmusikerinnen und Jazzmusiker mit Festanstellungen (vor allem an Hochschulen und Musikschulen) au\u00dfer Acht l\u00e4sst. Auch andere freiberufliche Nebent\u00e4tigkeiten werden nicht ber\u00fccksichtigt. Die einzige M\u00f6glichkeit, endlich belastbare Befunde zu erhalten, ist die Durchf\u00fchrung einer direkten Befragung der Jazzschaffenden selbst; Zahlen die in dieser Genauigkeit in der Bundesrepublik bisher noch nicht erhoben wurden, f\u00fcr eine bedarfsgerechte Jazzmusikpolitik aber unabdingbar sind.<\/p>\n<p>Nach Loccum ist vor Loccum. Viele Aspekte am Beruf des Jazzmusikers lassen sich durchaus als prek\u00e4r bezeichnen. Trotzdem wollen ihn zunehmend mehr junge Menschen ergreifen. Allerdings hat sich das K\u00fcnstlerbild,\u00a0 gerade in Hinblick auf die Verschiebung in Richtung freischaffende T\u00e4tigkeit, schneller gewandelt als die Kulturpolitik. \u201eBrauchen wir einen neuen Gesellschaftsvertrag f\u00fcr die Kunst?\u201c, war eine der auf der Tagung gestellten Fragen. Unsere Antwort ist: Wir brauchen neue Denkans\u00e4tze f\u00fcr gute Jazzmusikpolitik. Und vor allem brauchen wir die entsprechenden Taten! Denn, frei nach Heinemann und Regener: Eine Gesellschaft ist nur so viel wert, wie ihr ihre K\u00fcnstler wert sind.<\/p>\n<p><em>Jonas Pirzer<\/em><\/p>\n<p>Lesen Sie dazu auch unsere Blogbeitr\u00e4ge von Benjamin Schaefer zum \u201eBeruf Jazzmusiker\u201c unter www.jazzzeitung.de<\/p>\n","protected":false},"excerpt":{"rendered":"<p>Aus der aktuellen Printausgabe der JazzZeitung (auch digital erh\u00e4ltlich unter diesem Link): ein Artikel von Jonas Pirzer (UDJ) &#8211; Zur Tagung der Kulturpolitischen Gesellschaft und der Evangelischen Akademie Loccum war die Union Deutscher Jazzmusiker eingeladen, um \u00fcber Lebens- und Arbeitsbedingungen von Jazzmusikerinnen und Jazzmusiker zu berichten. Das etwas provokante Motto der Tagung lautete: Kreatives Prekariat \u2013 Wie lebt es sich von und mit der Kunst. Prekariat, heute Teil des Alltagsvokabulars und so selbstverst\u00e4ndlich leicht von den Lippen gehend wie Mittelstandsbauch, Pendlerpauschale oder Krimkrise bietet eine politisch korrekte Begriffsalternative zur hochwertenden \u201eUnterschicht\u201c. Ihm zugerechnet werden Menschen, deren s\u00e4mtliche Lebensumst\u00e4nde als schlecht bezeichnet werden k\u00f6nnen; charakterisiert durch Armut, Arbeitslosigkeit, niedriges Bildungsniveau, Krankheit und\/oder schlechte Zukunftsaussichten. Was ist also Kreatives Prekariat? Die meisten K\u00fcnstlerinnen und K\u00fcnstler sind hochgebildet, hochproduktiv und hochmotiviert! Prek\u00e4r sind hier in erster Linie die \u00f6konomischen Umst\u00e4nde. Unterdurchschnittliche Verg\u00fctung, lockere, Konjunkturschwankungen unterliegende Arbeitsverh\u00e4ltnisse und damit verbundene Unsicherheiten kennzeichnen die soziale Lage im Jazz wie in allen \u00fcberwiegend freien K\u00fcnstlerberufen. Feste k\u00fcnstlerische Stellen gibt es nur sehr wenige. Das Berufsbild Jazzmusiker ist heute extrem vielschichtig, die Anforderungen vielf\u00e4ltig. Eink\u00fcnfte werden in der Regel in vier gro\u00dfen &hellip;<\/p>\n","protected":false},"author":18,"featured_media":0,"comment_status":"open","ping_status":"closed","sticky":false,"template":"","format":"standard","meta":{"_jetpack_memberships_contains_paid_content":false,"footnotes":"","jetpack_publicize_message":"","jetpack_publicize_feature_enabled":true,"jetpack_social_post_already_shared":false,"jetpack_social_options":{"image_generator_settings":{"template":"highway","default_image_id":0,"font":"","enabled":false},"version":2}},"categories":[647,663],"tags":[802,768,194,200,844,281,798,294,687,323,332,565,571],"coauthors":[695],"class_list":["post-3689","post","type-post","status-publish","format-standard","hentry","category-archiv","category-jazzzeitung-print","tag-benjamin-schaefer","tag-beruf","tag-gema","tag-gesellschaft","tag-jazz-prekaer","tag-jazzmusiker","tag-jazzmusikerinnen","tag-jazzzeitung","tag-jonas-pirzer","tag-konzerte","tag-kulturpolitik","tag-udj","tag-union-deutscher-jazzmusiker"],"yoast_head":"<!-- This site is optimized with the Yoast SEO plugin v27.5 - https:\/\/yoast.com\/product\/yoast-seo-wordpress\/ -->\n<title>Jazz Prek\u00e4r? Zu einer Tagung - JazzZeitung<\/title>\n<meta name=\"robots\" content=\"index, follow, max-snippet:-1, max-image-preview:large, max-video-preview:-1\" \/>\n<link rel=\"canonical\" href=\"https:\/\/www.jazzzeitung.de\/cms\/2014\/04\/3689\/\" \/>\n<meta property=\"og:locale\" content=\"de_DE\" \/>\n<meta property=\"og:type\" content=\"article\" \/>\n<meta property=\"og:title\" content=\"Jazz Prek\u00e4r? Zu einer Tagung - JazzZeitung\" \/>\n<meta property=\"og:description\" content=\"Aus der aktuellen Printausgabe der JazzZeitung (auch digital erh\u00e4ltlich unter diesem Link): ein Artikel von Jonas Pirzer (UDJ) &#8211; Zur Tagung der Kulturpolitischen Gesellschaft und der Evangelischen Akademie Loccum war die Union Deutscher Jazzmusiker eingeladen, um \u00fcber Lebens- und Arbeitsbedingungen von Jazzmusikerinnen und Jazzmusiker zu berichten. Das etwas provokante Motto der Tagung lautete: Kreatives Prekariat \u2013 Wie lebt es sich von und mit der Kunst. Prekariat, heute Teil des Alltagsvokabulars und so selbstverst\u00e4ndlich leicht von den Lippen gehend wie Mittelstandsbauch, Pendlerpauschale oder Krimkrise bietet eine politisch korrekte Begriffsalternative zur hochwertenden \u201eUnterschicht\u201c. Ihm zugerechnet werden Menschen, deren s\u00e4mtliche Lebensumst\u00e4nde als schlecht bezeichnet werden k\u00f6nnen; charakterisiert durch Armut, Arbeitslosigkeit, niedriges Bildungsniveau, Krankheit und\/oder schlechte Zukunftsaussichten. Was ist also Kreatives Prekariat? Die meisten K\u00fcnstlerinnen und K\u00fcnstler sind hochgebildet, hochproduktiv und hochmotiviert! Prek\u00e4r sind hier in erster Linie die \u00f6konomischen Umst\u00e4nde. Unterdurchschnittliche Verg\u00fctung, lockere, Konjunkturschwankungen unterliegende Arbeitsverh\u00e4ltnisse und damit verbundene Unsicherheiten kennzeichnen die soziale Lage im Jazz wie in allen \u00fcberwiegend freien K\u00fcnstlerberufen. Feste k\u00fcnstlerische Stellen gibt es nur sehr wenige. Das Berufsbild Jazzmusiker ist heute extrem vielschichtig, die Anforderungen vielf\u00e4ltig. Eink\u00fcnfte werden in der Regel in vier gro\u00dfen &hellip;\" \/>\n<meta property=\"og:url\" content=\"https:\/\/www.jazzzeitung.de\/cms\/2014\/04\/3689\/\" \/>\n<meta property=\"og:site_name\" content=\"JazzZeitung\" \/>\n<meta property=\"article:publisher\" content=\"https:\/\/www.facebook.com\/JazzZeitung\/\" \/>\n<meta property=\"article:published_time\" content=\"2014-04-04T09:28:59+00:00\" \/>\n<meta property=\"article:modified_time\" content=\"2017-10-10T14:40:26+00:00\" \/>\n<meta property=\"og:image\" content=\"http:\/\/www.jazzzeitung.de\/cms\/wp-content\/uploads\/2014\/04\/UDJ_Logo_CMYK-nur_kugel-150x150.jpg\" \/>\n<meta name=\"author\" content=\"Redaktion JazzZeitung\" \/>\n<script type=\"application\/ld+json\" class=\"yoast-schema-graph\">{\"@context\":\"https:\\\/\\\/schema.org\",\"@graph\":[{\"@type\":\"Article\",\"@id\":\"https:\\\/\\\/www.jazzzeitung.de\\\/cms\\\/2014\\\/04\\\/3689\\\/#article\",\"isPartOf\":{\"@id\":\"https:\\\/\\\/www.jazzzeitung.de\\\/cms\\\/2014\\\/04\\\/3689\\\/\"},\"author\":{\"name\":\"Redaktion JazzZeitung\",\"@id\":\"https:\\\/\\\/www.jazzzeitung.de\\\/cms\\\/#\\\/schema\\\/person\\\/2245b36b9cd1d24cea10f01c031fb92b\"},\"headline\":\"Jazz Prek\u00e4r? Zu einer Tagung\",\"datePublished\":\"2014-04-04T09:28:59+00:00\",\"dateModified\":\"2017-10-10T14:40:26+00:00\",\"mainEntityOfPage\":{\"@id\":\"https:\\\/\\\/www.jazzzeitung.de\\\/cms\\\/2014\\\/04\\\/3689\\\/\"},\"wordCount\":722,\"commentCount\":0,\"publisher\":{\"@id\":\"https:\\\/\\\/www.jazzzeitung.de\\\/cms\\\/#organization\"},\"image\":{\"@id\":\"https:\\\/\\\/www.jazzzeitung.de\\\/cms\\\/2014\\\/04\\\/3689\\\/#primaryimage\"},\"thumbnailUrl\":\"http:\\\/\\\/www.jazzzeitung.de\\\/cms\\\/wp-content\\\/uploads\\\/2014\\\/04\\\/UDJ_Logo_CMYK-nur_kugel-150x150.jpg\",\"keywords\":[\"Benjamin Schaefer\",\"Beruf\",\"GEMA\",\"Gesellschaft\",\"Jazz prek\u00e4r\",\"Jazzmusiker\",\"Jazzmusikerinnen\",\"Jazzzeitung\",\"Jonas Pirzer\",\"Konzerte\",\"Kulturpolitik\",\"UdJ\",\"Union deutscher Jazzmusiker\"],\"articleSection\":[\"Archiv\",\"JazzZeitung (print)\"],\"inLanguage\":\"de\",\"potentialAction\":[{\"@type\":\"CommentAction\",\"name\":\"Comment\",\"target\":[\"https:\\\/\\\/www.jazzzeitung.de\\\/cms\\\/2014\\\/04\\\/3689\\\/#respond\"]}]},{\"@type\":\"WebPage\",\"@id\":\"https:\\\/\\\/www.jazzzeitung.de\\\/cms\\\/2014\\\/04\\\/3689\\\/\",\"url\":\"https:\\\/\\\/www.jazzzeitung.de\\\/cms\\\/2014\\\/04\\\/3689\\\/\",\"name\":\"Jazz Prek\u00e4r? Zu einer Tagung - JazzZeitung\",\"isPartOf\":{\"@id\":\"https:\\\/\\\/www.jazzzeitung.de\\\/cms\\\/#website\"},\"primaryImageOfPage\":{\"@id\":\"https:\\\/\\\/www.jazzzeitung.de\\\/cms\\\/2014\\\/04\\\/3689\\\/#primaryimage\"},\"image\":{\"@id\":\"https:\\\/\\\/www.jazzzeitung.de\\\/cms\\\/2014\\\/04\\\/3689\\\/#primaryimage\"},\"thumbnailUrl\":\"http:\\\/\\\/www.jazzzeitung.de\\\/cms\\\/wp-content\\\/uploads\\\/2014\\\/04\\\/UDJ_Logo_CMYK-nur_kugel-150x150.jpg\",\"datePublished\":\"2014-04-04T09:28:59+00:00\",\"dateModified\":\"2017-10-10T14:40:26+00:00\",\"breadcrumb\":{\"@id\":\"https:\\\/\\\/www.jazzzeitung.de\\\/cms\\\/2014\\\/04\\\/3689\\\/#breadcrumb\"},\"inLanguage\":\"de\",\"potentialAction\":[{\"@type\":\"ReadAction\",\"target\":[\"https:\\\/\\\/www.jazzzeitung.de\\\/cms\\\/2014\\\/04\\\/3689\\\/\"]}]},{\"@type\":\"ImageObject\",\"inLanguage\":\"de\",\"@id\":\"https:\\\/\\\/www.jazzzeitung.de\\\/cms\\\/2014\\\/04\\\/3689\\\/#primaryimage\",\"url\":\"http:\\\/\\\/www.jazzzeitung.de\\\/cms\\\/wp-content\\\/uploads\\\/2014\\\/04\\\/UDJ_Logo_CMYK-nur_kugel-150x150.jpg\",\"contentUrl\":\"http:\\\/\\\/www.jazzzeitung.de\\\/cms\\\/wp-content\\\/uploads\\\/2014\\\/04\\\/UDJ_Logo_CMYK-nur_kugel-150x150.jpg\"},{\"@type\":\"BreadcrumbList\",\"@id\":\"https:\\\/\\\/www.jazzzeitung.de\\\/cms\\\/2014\\\/04\\\/3689\\\/#breadcrumb\",\"itemListElement\":[{\"@type\":\"ListItem\",\"position\":1,\"name\":\"Startseite\",\"item\":\"https:\\\/\\\/www.jazzzeitung.de\\\/cms\\\/\"},{\"@type\":\"ListItem\",\"position\":2,\"name\":\"Jazz Prek\u00e4r? Zu einer Tagung\"}]},{\"@type\":\"WebSite\",\"@id\":\"https:\\\/\\\/www.jazzzeitung.de\\\/cms\\\/#website\",\"url\":\"https:\\\/\\\/www.jazzzeitung.de\\\/cms\\\/\",\"name\":\"JazzZeitung\",\"description\":\"Jazz-News und Jazz-Kontroverses\",\"publisher\":{\"@id\":\"https:\\\/\\\/www.jazzzeitung.de\\\/cms\\\/#organization\"},\"potentialAction\":[{\"@type\":\"SearchAction\",\"target\":{\"@type\":\"EntryPoint\",\"urlTemplate\":\"https:\\\/\\\/www.jazzzeitung.de\\\/cms\\\/?s={search_term_string}\"},\"query-input\":{\"@type\":\"PropertyValueSpecification\",\"valueRequired\":true,\"valueName\":\"search_term_string\"}}],\"inLanguage\":\"de\"},{\"@type\":\"Organization\",\"@id\":\"https:\\\/\\\/www.jazzzeitung.de\\\/cms\\\/#organization\",\"name\":\"JazzZeitung online\",\"url\":\"https:\\\/\\\/www.jazzzeitung.de\\\/cms\\\/\",\"logo\":{\"@type\":\"ImageObject\",\"inLanguage\":\"de\",\"@id\":\"https:\\\/\\\/www.jazzzeitung.de\\\/cms\\\/#\\\/schema\\\/logo\\\/image\\\/\",\"url\":\"https:\\\/\\\/i0.wp.com\\\/www.jazzzeitung.de\\\/cms\\\/wp-content\\\/uploads\\\/2015\\\/08\\\/JAZZZEITUNGDE_Logo_Neu.png?fit=499%2C200&ssl=1\",\"contentUrl\":\"https:\\\/\\\/i0.wp.com\\\/www.jazzzeitung.de\\\/cms\\\/wp-content\\\/uploads\\\/2015\\\/08\\\/JAZZZEITUNGDE_Logo_Neu.png?fit=499%2C200&ssl=1\",\"width\":499,\"height\":200,\"caption\":\"JazzZeitung online\"},\"image\":{\"@id\":\"https:\\\/\\\/www.jazzzeitung.de\\\/cms\\\/#\\\/schema\\\/logo\\\/image\\\/\"},\"sameAs\":[\"https:\\\/\\\/www.facebook.com\\\/JazzZeitung\\\/\"]},{\"@type\":\"Person\",\"@id\":\"https:\\\/\\\/www.jazzzeitung.de\\\/cms\\\/#\\\/schema\\\/person\\\/2245b36b9cd1d24cea10f01c031fb92b\",\"name\":\"Redaktion JazzZeitung\",\"image\":{\"@type\":\"ImageObject\",\"inLanguage\":\"de\",\"@id\":\"https:\\\/\\\/i0.wp.com\\\/www.jazzzeitung.de\\\/cms\\\/wp-content\\\/uploads\\\/2015\\\/08\\\/JAZZZEITUNGDE_Logo_Neu.png?resize=96%2C96&ssl=159975dcacb611b5700bd619b5daf0a7a\",\"url\":\"https:\\\/\\\/i0.wp.com\\\/www.jazzzeitung.de\\\/cms\\\/wp-content\\\/uploads\\\/2015\\\/08\\\/JAZZZEITUNGDE_Logo_Neu.png?resize=96%2C96&ssl=1\",\"contentUrl\":\"https:\\\/\\\/i0.wp.com\\\/www.jazzzeitung.de\\\/cms\\\/wp-content\\\/uploads\\\/2015\\\/08\\\/JAZZZEITUNGDE_Logo_Neu.png?resize=96%2C96&ssl=1\",\"caption\":\"Redaktion JazzZeitung\"},\"description\":\"Artikel der Redaktion der JazzZeitung.\",\"sameAs\":[\"http:\\\/\\\/www.jazzzeitung.de\\\/cms\\\/\"],\"url\":\"https:\\\/\\\/www.jazzzeitung.de\\\/cms\\\/author\\\/redaktion\\\/\"}]}<\/script>\n<!-- \/ Yoast SEO plugin. -->","yoast_head_json":{"title":"Jazz Prek\u00e4r? Zu einer Tagung - JazzZeitung","robots":{"index":"index","follow":"follow","max-snippet":"max-snippet:-1","max-image-preview":"max-image-preview:large","max-video-preview":"max-video-preview:-1"},"canonical":"https:\/\/www.jazzzeitung.de\/cms\/2014\/04\/3689\/","og_locale":"de_DE","og_type":"article","og_title":"Jazz Prek\u00e4r? Zu einer Tagung - JazzZeitung","og_description":"Aus der aktuellen Printausgabe der JazzZeitung (auch digital erh\u00e4ltlich unter diesem Link): ein Artikel von Jonas Pirzer (UDJ) &#8211; Zur Tagung der Kulturpolitischen Gesellschaft und der Evangelischen Akademie Loccum war die Union Deutscher Jazzmusiker eingeladen, um \u00fcber Lebens- und Arbeitsbedingungen von Jazzmusikerinnen und Jazzmusiker zu berichten. Das etwas provokante Motto der Tagung lautete: Kreatives Prekariat \u2013 Wie lebt es sich von und mit der Kunst. Prekariat, heute Teil des Alltagsvokabulars und so selbstverst\u00e4ndlich leicht von den Lippen gehend wie Mittelstandsbauch, Pendlerpauschale oder Krimkrise bietet eine politisch korrekte Begriffsalternative zur hochwertenden \u201eUnterschicht\u201c. Ihm zugerechnet werden Menschen, deren s\u00e4mtliche Lebensumst\u00e4nde als schlecht bezeichnet werden k\u00f6nnen; charakterisiert durch Armut, Arbeitslosigkeit, niedriges Bildungsniveau, Krankheit und\/oder schlechte Zukunftsaussichten. Was ist also Kreatives Prekariat? Die meisten K\u00fcnstlerinnen und K\u00fcnstler sind hochgebildet, hochproduktiv und hochmotiviert! Prek\u00e4r sind hier in erster Linie die \u00f6konomischen Umst\u00e4nde. Unterdurchschnittliche Verg\u00fctung, lockere, Konjunkturschwankungen unterliegende Arbeitsverh\u00e4ltnisse und damit verbundene Unsicherheiten kennzeichnen die soziale Lage im Jazz wie in allen \u00fcberwiegend freien K\u00fcnstlerberufen. Feste k\u00fcnstlerische Stellen gibt es nur sehr wenige. Das Berufsbild Jazzmusiker ist heute extrem vielschichtig, die Anforderungen vielf\u00e4ltig. Eink\u00fcnfte werden in der Regel in vier gro\u00dfen &hellip;","og_url":"https:\/\/www.jazzzeitung.de\/cms\/2014\/04\/3689\/","og_site_name":"JazzZeitung","article_publisher":"https:\/\/www.facebook.com\/JazzZeitung\/","article_published_time":"2014-04-04T09:28:59+00:00","article_modified_time":"2017-10-10T14:40:26+00:00","og_image":[{"url":"http:\/\/www.jazzzeitung.de\/cms\/wp-content\/uploads\/2014\/04\/UDJ_Logo_CMYK-nur_kugel-150x150.jpg","type":"","width":"","height":""}],"author":"Redaktion JazzZeitung","schema":{"@context":"https:\/\/schema.org","@graph":[{"@type":"Article","@id":"https:\/\/www.jazzzeitung.de\/cms\/2014\/04\/3689\/#article","isPartOf":{"@id":"https:\/\/www.jazzzeitung.de\/cms\/2014\/04\/3689\/"},"author":{"name":"Redaktion JazzZeitung","@id":"https:\/\/www.jazzzeitung.de\/cms\/#\/schema\/person\/2245b36b9cd1d24cea10f01c031fb92b"},"headline":"Jazz Prek\u00e4r? Zu einer Tagung","datePublished":"2014-04-04T09:28:59+00:00","dateModified":"2017-10-10T14:40:26+00:00","mainEntityOfPage":{"@id":"https:\/\/www.jazzzeitung.de\/cms\/2014\/04\/3689\/"},"wordCount":722,"commentCount":0,"publisher":{"@id":"https:\/\/www.jazzzeitung.de\/cms\/#organization"},"image":{"@id":"https:\/\/www.jazzzeitung.de\/cms\/2014\/04\/3689\/#primaryimage"},"thumbnailUrl":"http:\/\/www.jazzzeitung.de\/cms\/wp-content\/uploads\/2014\/04\/UDJ_Logo_CMYK-nur_kugel-150x150.jpg","keywords":["Benjamin Schaefer","Beruf","GEMA","Gesellschaft","Jazz prek\u00e4r","Jazzmusiker","Jazzmusikerinnen","Jazzzeitung","Jonas Pirzer","Konzerte","Kulturpolitik","UdJ","Union deutscher Jazzmusiker"],"articleSection":["Archiv","JazzZeitung (print)"],"inLanguage":"de","potentialAction":[{"@type":"CommentAction","name":"Comment","target":["https:\/\/www.jazzzeitung.de\/cms\/2014\/04\/3689\/#respond"]}]},{"@type":"WebPage","@id":"https:\/\/www.jazzzeitung.de\/cms\/2014\/04\/3689\/","url":"https:\/\/www.jazzzeitung.de\/cms\/2014\/04\/3689\/","name":"Jazz Prek\u00e4r? Zu einer Tagung - JazzZeitung","isPartOf":{"@id":"https:\/\/www.jazzzeitung.de\/cms\/#website"},"primaryImageOfPage":{"@id":"https:\/\/www.jazzzeitung.de\/cms\/2014\/04\/3689\/#primaryimage"},"image":{"@id":"https:\/\/www.jazzzeitung.de\/cms\/2014\/04\/3689\/#primaryimage"},"thumbnailUrl":"http:\/\/www.jazzzeitung.de\/cms\/wp-content\/uploads\/2014\/04\/UDJ_Logo_CMYK-nur_kugel-150x150.jpg","datePublished":"2014-04-04T09:28:59+00:00","dateModified":"2017-10-10T14:40:26+00:00","breadcrumb":{"@id":"https:\/\/www.jazzzeitung.de\/cms\/2014\/04\/3689\/#breadcrumb"},"inLanguage":"de","potentialAction":[{"@type":"ReadAction","target":["https:\/\/www.jazzzeitung.de\/cms\/2014\/04\/3689\/"]}]},{"@type":"ImageObject","inLanguage":"de","@id":"https:\/\/www.jazzzeitung.de\/cms\/2014\/04\/3689\/#primaryimage","url":"http:\/\/www.jazzzeitung.de\/cms\/wp-content\/uploads\/2014\/04\/UDJ_Logo_CMYK-nur_kugel-150x150.jpg","contentUrl":"http:\/\/www.jazzzeitung.de\/cms\/wp-content\/uploads\/2014\/04\/UDJ_Logo_CMYK-nur_kugel-150x150.jpg"},{"@type":"BreadcrumbList","@id":"https:\/\/www.jazzzeitung.de\/cms\/2014\/04\/3689\/#breadcrumb","itemListElement":[{"@type":"ListItem","position":1,"name":"Startseite","item":"https:\/\/www.jazzzeitung.de\/cms\/"},{"@type":"ListItem","position":2,"name":"Jazz Prek\u00e4r? Zu einer Tagung"}]},{"@type":"WebSite","@id":"https:\/\/www.jazzzeitung.de\/cms\/#website","url":"https:\/\/www.jazzzeitung.de\/cms\/","name":"JazzZeitung","description":"Jazz-News und Jazz-Kontroverses","publisher":{"@id":"https:\/\/www.jazzzeitung.de\/cms\/#organization"},"potentialAction":[{"@type":"SearchAction","target":{"@type":"EntryPoint","urlTemplate":"https:\/\/www.jazzzeitung.de\/cms\/?s={search_term_string}"},"query-input":{"@type":"PropertyValueSpecification","valueRequired":true,"valueName":"search_term_string"}}],"inLanguage":"de"},{"@type":"Organization","@id":"https:\/\/www.jazzzeitung.de\/cms\/#organization","name":"JazzZeitung online","url":"https:\/\/www.jazzzeitung.de\/cms\/","logo":{"@type":"ImageObject","inLanguage":"de","@id":"https:\/\/www.jazzzeitung.de\/cms\/#\/schema\/logo\/image\/","url":"https:\/\/i0.wp.com\/www.jazzzeitung.de\/cms\/wp-content\/uploads\/2015\/08\/JAZZZEITUNGDE_Logo_Neu.png?fit=499%2C200&ssl=1","contentUrl":"https:\/\/i0.wp.com\/www.jazzzeitung.de\/cms\/wp-content\/uploads\/2015\/08\/JAZZZEITUNGDE_Logo_Neu.png?fit=499%2C200&ssl=1","width":499,"height":200,"caption":"JazzZeitung online"},"image":{"@id":"https:\/\/www.jazzzeitung.de\/cms\/#\/schema\/logo\/image\/"},"sameAs":["https:\/\/www.facebook.com\/JazzZeitung\/"]},{"@type":"Person","@id":"https:\/\/www.jazzzeitung.de\/cms\/#\/schema\/person\/2245b36b9cd1d24cea10f01c031fb92b","name":"Redaktion JazzZeitung","image":{"@type":"ImageObject","inLanguage":"de","@id":"https:\/\/i0.wp.com\/www.jazzzeitung.de\/cms\/wp-content\/uploads\/2015\/08\/JAZZZEITUNGDE_Logo_Neu.png?resize=96%2C96&ssl=159975dcacb611b5700bd619b5daf0a7a","url":"https:\/\/i0.wp.com\/www.jazzzeitung.de\/cms\/wp-content\/uploads\/2015\/08\/JAZZZEITUNGDE_Logo_Neu.png?resize=96%2C96&ssl=1","contentUrl":"https:\/\/i0.wp.com\/www.jazzzeitung.de\/cms\/wp-content\/uploads\/2015\/08\/JAZZZEITUNGDE_Logo_Neu.png?resize=96%2C96&ssl=1","caption":"Redaktion JazzZeitung"},"description":"Artikel der Redaktion der JazzZeitung.","sameAs":["http:\/\/www.jazzzeitung.de\/cms\/"],"url":"https:\/\/www.jazzzeitung.de\/cms\/author\/redaktion\/"}]}},"wp-worthy-pixel":{"ignored":false,"public":null,"server":null,"url":null},"wp-worthy-type":"normal","jetpack_publicize_connections":[],"cc_featured_image_caption":{"caption_text":false,"source_text":false,"source_url":false},"jetpack_featured_media_url":"","jetpack_shortlink":"https:\/\/wp.me\/s3KEcT-3689","jetpack-related-posts":[{"id":9453,"url":"https:\/\/www.jazzzeitung.de\/cms\/2016\/06\/urs-johnen-ist-neuer-geschaeftsfuehrer-der-union-deutscher-jazzmusiker\/","url_meta":{"origin":3689,"position":0},"title":"Urs Johnen ist neuer Gesch\u00e4ftsf\u00fchrer der Union Deutscher Jazzmusiker","author":"Redaktion JazzZeitung","date":"6. Juni 2016","format":false,"excerpt":"Der Musiker und Kulturmanager Urs Johnen ist vom Vorstand der Union Deutscher Jazzmusiker (UDJ) zum neuen Gesch\u00e4ftsf\u00fchrer des Vereins berufen worden. Sein Vorg\u00e4nger Jonas Pirzer wechselt nach vierj\u00e4hriger Amtszeit in das Kulturmanagement eines Gro\u00dfkonzerns.\u00a0 \u201eJazzmusik ist ein einzigartiger Botschafter f\u00fcr Werte wie Toleranz, Selbstbestimmtheit und Offenheit \u2013 und das ist\u2026","rel":"","context":"In &quot;News&quot;","block_context":{"text":"News","link":"https:\/\/www.jazzzeitung.de\/cms\/thema\/nachrichten\/"},"img":{"alt_text":"urs_johnen","src":"https:\/\/i0.wp.com\/www.jazzzeitung.de\/cms\/wp-content\/uploads\/2016\/06\/urs_johnen-150x150.jpg?resize=350%2C200","width":350,"height":200},"classes":[]},{"id":3052,"url":"https:\/\/www.jazzzeitung.de\/cms\/2013\/11\/gebhard-ullmann-uebernimmt-vorsitz-der-union-deutscher-jazzmusiker\/","url_meta":{"origin":3689,"position":1},"title":"Gebhard Ullmann \u00fcbernimmt Vorsitz der Union Deutscher Jazzmusiker","author":"Redaktion JazzZeitung","date":"27. November 2013","format":false,"excerpt":"Der Berliner Multiinstrumentalist und Komponist Gebhard Ullmann ist neuer Vorsitzender der Union Deutscher Jazzmusiker. \u201eNach zwei sehr intensiven und fruchtbaren Jahren freue ich mich \u00fcber einen so renommierten und hochgesch\u00e4tzten Kollegen als Nachfolger\u201c, so Julia H\u00fclsmann, die der Union Deutscher Jazzmusiker seit Februar 2012 vorgestanden hatte und auf eigenen Wunsch\u2026","rel":"","context":"In &quot;News&quot;","block_context":{"text":"News","link":"https:\/\/www.jazzzeitung.de\/cms\/thema\/nachrichten\/"},"img":{"alt_text":"Gebhard Ullmann und Julia H\u00fclsmann","src":"https:\/\/i0.wp.com\/www.jazzzeitung.de\/cms\/wp-content\/uploads\/2013\/11\/UDJ-Ullmann-Huelsmann-c-Union-Deutscher-Jazzmusiker-150x150.jpg?resize=350%2C200","width":350,"height":200},"classes":[]},{"id":17487,"url":"https:\/\/www.jazzzeitung.de\/cms\/2018\/10\/nach-erklaerungsveroeffentlichung-jazzmusiker-innen-setzen-massnahmen-zur-gleichstellung-um\/","url_meta":{"origin":3689,"position":2},"title":"Nach Erkl\u00e4rungsver\u00f6ffentlichung: Jazzmusiker\/-innen setzen Ma\u00dfnahmen zur Gleichstellung um","author":"Redaktion JazzZeitung","date":"18. Oktober 2018","format":false,"excerpt":"Jetzt sollen auch Taten folgen: Nach der \u00f6ffentlichen Erkl\u00e4rung zur Gleichstellung der Frauen im Jazz, die die Union Deutscher Jazzmusiker\/-innen vergangene Woche im Rahmen ihres 24. Jazzforums vorgestellt hatten, konkretisierten die jungen Jazzmusikerinnen und -musiker nun die beabsichtigten Ma\u00dfnahmen f\u00fcr eine Gleichberechtigung der Geschlechter. Neben der Aufkl\u00e4rung und der Sensiblisierung\u2026","rel":"","context":"In &quot;News&quot;","block_context":{"text":"News","link":"https:\/\/www.jazzzeitung.de\/cms\/thema\/nachrichten\/"},"img":{"alt_text":"","src":"https:\/\/i0.wp.com\/www.jazzzeitung.de\/cms\/wp-content\/uploads\/2018\/03\/Candy-Dulfer_Vesandgr_Foto_Carolien-Sikkenk_-Photoline-1.jpg?fit=1200%2C800&ssl=1&resize=350%2C200","width":350,"height":200,"srcset":"https:\/\/i0.wp.com\/www.jazzzeitung.de\/cms\/wp-content\/uploads\/2018\/03\/Candy-Dulfer_Vesandgr_Foto_Carolien-Sikkenk_-Photoline-1.jpg?fit=1200%2C800&ssl=1&resize=350%2C200 1x, https:\/\/i0.wp.com\/www.jazzzeitung.de\/cms\/wp-content\/uploads\/2018\/03\/Candy-Dulfer_Vesandgr_Foto_Carolien-Sikkenk_-Photoline-1.jpg?fit=1200%2C800&ssl=1&resize=525%2C300 1.5x, https:\/\/i0.wp.com\/www.jazzzeitung.de\/cms\/wp-content\/uploads\/2018\/03\/Candy-Dulfer_Vesandgr_Foto_Carolien-Sikkenk_-Photoline-1.jpg?fit=1200%2C800&ssl=1&resize=700%2C400 2x, https:\/\/i0.wp.com\/www.jazzzeitung.de\/cms\/wp-content\/uploads\/2018\/03\/Candy-Dulfer_Vesandgr_Foto_Carolien-Sikkenk_-Photoline-1.jpg?fit=1200%2C800&ssl=1&resize=1050%2C600 3x"},"classes":[]},{"id":18903,"url":"https:\/\/www.jazzzeitung.de\/cms\/2019\/03\/laura-block-verstaerkt-udj-geschaeftsstelle-im-bereich-gleichstellung-von-frauen-im-jazz\/","url_meta":{"origin":3689,"position":3},"title":"Laura Block verst\u00e4rkt UDJ-Gesch\u00e4ftsstelle im Bereich Gleichstellung von Frauen im Jazz","author":"Redaktion JazzZeitung","date":"9. M\u00e4rz 2019","format":false,"excerpt":"Gleichstellung von Frauen im Jazz ist aktuell eines der wichtigsten Themen, f\u00fcr die sich die Union Deutscher Jazzmusiker e.V. (UDJ) als \u201eSprachrohr der Jazzmusikerinnen und Jazzmusiker in Deutschland\" einsetzt. Zum Jahresbeginn 2019 hat das Team der Gesch\u00e4ftsstelle in Berlin nun Verst\u00e4rkung bekommen: Die promovierte Sozialwissenschaftlerin Laura Block ist seit Januar\u2026","rel":"","context":"In &quot;News&quot;","block_context":{"text":"News","link":"https:\/\/www.jazzzeitung.de\/cms\/thema\/nachrichten\/"},"img":{"alt_text":"","src":"https:\/\/i0.wp.com\/www.jazzzeitung.de\/cms\/wp-content\/uploads\/2019\/03\/25bc0c91-5930-40a9-9c11-96afc256849a-e1552037230758.jpg?fit=897%2C1200&ssl=1&resize=350%2C200","width":350,"height":200,"srcset":"https:\/\/i0.wp.com\/www.jazzzeitung.de\/cms\/wp-content\/uploads\/2019\/03\/25bc0c91-5930-40a9-9c11-96afc256849a-e1552037230758.jpg?fit=897%2C1200&ssl=1&resize=350%2C200 1x, https:\/\/i0.wp.com\/www.jazzzeitung.de\/cms\/wp-content\/uploads\/2019\/03\/25bc0c91-5930-40a9-9c11-96afc256849a-e1552037230758.jpg?fit=897%2C1200&ssl=1&resize=525%2C300 1.5x, https:\/\/i0.wp.com\/www.jazzzeitung.de\/cms\/wp-content\/uploads\/2019\/03\/25bc0c91-5930-40a9-9c11-96afc256849a-e1552037230758.jpg?fit=897%2C1200&ssl=1&resize=700%2C400 2x"},"classes":[]},{"id":14205,"url":"https:\/\/www.jazzzeitung.de\/cms\/2017\/11\/nikolaus-neuser-ist-neuer-vorsitzender-der-union-deutscher-jazzmusiker\/","url_meta":{"origin":3689,"position":4},"title":"Nikolaus Neuser ist neuer Vorsitzender der Union Deutscher Jazzmusiker","author":"Redaktion JazzZeitung","date":"7. November 2017","format":false,"excerpt":"Der Berliner Jazztrompeter Nikolaus Neuser ist neuer Vorsitzender der Union Deutscher Jazzmusiker (UDJ). Er wurde auf der Mitgliederversammlung der berufs- und fachpolitischen Interessenvereinigung am 04. November 2017 in Berlin in das Amt gew\u00e4hlt. Neuser tritt die Nachfolge des Saxophonisten und Komponisten Gebhard Ullmann an, der den Vorsitz seit 2013 innehatte.\u2026","rel":"","context":"In &quot;News&quot;","block_context":{"text":"News","link":"https:\/\/www.jazzzeitung.de\/cms\/thema\/nachrichten\/"},"img":{"alt_text":"UDJ-Vorstand und Gesch\u00e4ftsf\u00fchrer mit altem und neuem Vorsitzenden. V. l. n. r.: Silke Eberhard, Benjamin Schaefer, Anette von Eichel, Felix Falk,Gebhard Ullmann, Nikolaus Neuser, Alexandra Lehmler und Urs Johnen","src":"https:\/\/i0.wp.com\/www.jazzzeitung.de\/cms\/wp-content\/uploads\/2017\/11\/udj_vorstand_c_manuel_miethe.jpg?fit=1200%2C800&ssl=1&resize=350%2C200","width":350,"height":200,"srcset":"https:\/\/i0.wp.com\/www.jazzzeitung.de\/cms\/wp-content\/uploads\/2017\/11\/udj_vorstand_c_manuel_miethe.jpg?fit=1200%2C800&ssl=1&resize=350%2C200 1x, https:\/\/i0.wp.com\/www.jazzzeitung.de\/cms\/wp-content\/uploads\/2017\/11\/udj_vorstand_c_manuel_miethe.jpg?fit=1200%2C800&ssl=1&resize=525%2C300 1.5x, https:\/\/i0.wp.com\/www.jazzzeitung.de\/cms\/wp-content\/uploads\/2017\/11\/udj_vorstand_c_manuel_miethe.jpg?fit=1200%2C800&ssl=1&resize=700%2C400 2x, https:\/\/i0.wp.com\/www.jazzzeitung.de\/cms\/wp-content\/uploads\/2017\/11\/udj_vorstand_c_manuel_miethe.jpg?fit=1200%2C800&ssl=1&resize=1050%2C600 3x"},"classes":[]},{"id":17353,"url":"https:\/\/www.jazzzeitung.de\/cms\/2018\/10\/24-udj-jazzforum-am-11-12-oktober-2018-im-kulturzentrum-pavillon-in-hannover\/","url_meta":{"origin":3689,"position":5},"title":"24. UDJ-Jazzforum am 11.\/12. Oktober 2018 im Kulturzentrum Pavillon in Hannover","author":"Redaktion JazzZeitung","date":"2. Oktober 2018","format":false,"excerpt":"Am 11. und 12. Oktober 2018 findet das 24. UDJ-Jazzforum im Kulturzentrum Pavillon in Hannover statt. Unter anderem stehen in diesem Jahr spannende Panels mit viel Prominenz aus Szene und Politik auf dem Programm der zweit\u00e4gigen Tagung, zu der die Union Deutscher Jazzmusiker (UDJ) alle Interessierten bei kostenloser Anmeldung einl\u00e4dt.\u2026","rel":"","context":"In &quot;News&quot;","block_context":{"text":"News","link":"https:\/\/www.jazzzeitung.de\/cms\/thema\/nachrichten\/"},"img":{"alt_text":"","src":"https:\/\/i0.wp.com\/www.jazzzeitung.de\/cms\/wp-content\/uploads\/2018\/10\/240dpi_AMEO_Bandphoto%40Sibylle-Fendt.jpg?fit=1200%2C951&ssl=1&resize=350%2C200","width":350,"height":200,"srcset":"https:\/\/i0.wp.com\/www.jazzzeitung.de\/cms\/wp-content\/uploads\/2018\/10\/240dpi_AMEO_Bandphoto%40Sibylle-Fendt.jpg?fit=1200%2C951&ssl=1&resize=350%2C200 1x, https:\/\/i0.wp.com\/www.jazzzeitung.de\/cms\/wp-content\/uploads\/2018\/10\/240dpi_AMEO_Bandphoto%40Sibylle-Fendt.jpg?fit=1200%2C951&ssl=1&resize=525%2C300 1.5x, https:\/\/i0.wp.com\/www.jazzzeitung.de\/cms\/wp-content\/uploads\/2018\/10\/240dpi_AMEO_Bandphoto%40Sibylle-Fendt.jpg?fit=1200%2C951&ssl=1&resize=700%2C400 2x, https:\/\/i0.wp.com\/www.jazzzeitung.de\/cms\/wp-content\/uploads\/2018\/10\/240dpi_AMEO_Bandphoto%40Sibylle-Fendt.jpg?fit=1200%2C951&ssl=1&resize=1050%2C600 3x"},"classes":[]}],"jetpack_sharing_enabled":true,"_links":{"self":[{"href":"https:\/\/www.jazzzeitung.de\/cms\/wp-json\/wp\/v2\/posts\/3689","targetHints":{"allow":["GET"]}}],"collection":[{"href":"https:\/\/www.jazzzeitung.de\/cms\/wp-json\/wp\/v2\/posts"}],"about":[{"href":"https:\/\/www.jazzzeitung.de\/cms\/wp-json\/wp\/v2\/types\/post"}],"author":[{"embeddable":true,"href":"https:\/\/www.jazzzeitung.de\/cms\/wp-json\/wp\/v2\/users\/18"}],"replies":[{"embeddable":true,"href":"https:\/\/www.jazzzeitung.de\/cms\/wp-json\/wp\/v2\/comments?post=3689"}],"version-history":[{"count":5,"href":"https:\/\/www.jazzzeitung.de\/cms\/wp-json\/wp\/v2\/posts\/3689\/revisions"}],"predecessor-version":[{"id":13745,"href":"https:\/\/www.jazzzeitung.de\/cms\/wp-json\/wp\/v2\/posts\/3689\/revisions\/13745"}],"wp:attachment":[{"href":"https:\/\/www.jazzzeitung.de\/cms\/wp-json\/wp\/v2\/media?parent=3689"}],"wp:term":[{"taxonomy":"category","embeddable":true,"href":"https:\/\/www.jazzzeitung.de\/cms\/wp-json\/wp\/v2\/categories?post=3689"},{"taxonomy":"post_tag","embeddable":true,"href":"https:\/\/www.jazzzeitung.de\/cms\/wp-json\/wp\/v2\/tags?post=3689"},{"taxonomy":"author","embeddable":true,"href":"https:\/\/www.jazzzeitung.de\/cms\/wp-json\/wp\/v2\/coauthors?post=3689"}],"curies":[{"name":"wp","href":"https:\/\/api.w.org\/{rel}","templated":true}]}}