{"id":3591,"date":"2014-03-10T18:00:28","date_gmt":"2014-03-10T17:00:28","guid":{"rendered":"http:\/\/www.jazzzeitung.de\/cms\/?p=3591"},"modified":"2014-03-10T18:40:19","modified_gmt":"2014-03-10T17:40:19","slug":"german-jazz-trophy-2014-fuer-den-britischen-posaunisten-und-bandleader-chris-barber","status":"publish","type":"post","link":"https:\/\/www.jazzzeitung.de\/cms\/2014\/03\/german-jazz-trophy-2014-fuer-den-britischen-posaunisten-und-bandleader-chris-barber\/","title":{"rendered":"German Jazz Trophy 2014 f\u00fcr den britischen Posaunisten und Bandleader Chris Barber"},"content":{"rendered":"<p>F\u00fcr sein Lebenswerk erh\u00e4lt der britische Posaunist und Bandleader (geb. am <a title=\"17. April\" href=\"http:\/\/de.wikipedia.org\/wiki\/17._April\">17. April <\/a><a title=\"1930\" href=\"http:\/\/de.wikipedia.org\/wiki\/1930\">1930<\/a> in <a title=\"Welwyn Garden City\" href=\"http:\/\/de.wikipedia.org\/wiki\/Welwyn_Garden_City\">Welwyn Garden City<\/a>, <a title=\"Hertfordshire\" href=\"http:\/\/de.wikipedia.org\/wiki\/Hertfordshire\">Hertfordshire<\/a>, England) die German Jazz Trophy 2014. Die Auszeichnung wird seit 2001 j\u00e4hrlich von der Sparda-Bank Baden-W\u00fcrttemberg, der Kulturgesellschaft Musik+Wort e.V. und der Jazzzeitung verliehen.<\/p>\n<p>Seit beinahe sieben Jahrzehnten pr\u00e4gt Chris Barber nicht nur das britische Musikleben, sondern wirkte mit seiner Band weltweit als erfolgreicher Vertreter des Oldtime Jazz. Sein Markenzeichen war aber nicht nur die Beherrschung des Dixie- und Swing\u2013Idioms, sondern seine Offenheit gegen\u00fcber anderen Stilistiken wie Blues, Rhythm\u2019n\u2018 Blues und Rock\u2019n\u2018Roll. So z\u00e4hlen zu den Musikern mit denen er zusammengearbeitet hat Muddy Waters, Rory Gallagher, Eric Clapton, Keith Emerson, Mark Knopfler, Van Morrison, Dr. John u.v.a. mehr.<\/p>\n<p>Obwohl Barbers Name untrennbar mit der Posaune verkn\u00fcpft ist, ist er eigentlich Multiinstrumentalist. Er lernte zun\u00e4chst Violine und Sopransaxophon, studierte dann Posaune und Kontrabass an der Guildhall School of Music und war ein Bandleader und Arrangeur mit unverkennbarer Handschrift.<\/p>\n<p>1949 gr\u00fcndete er seine erste eigene Band, 1953 seine zweite zusammen mit Ken Clyer. Der Durchbruch gelang dem Bandleader mit der LP \u201eChris Barber Plays (Vol. 3)\u201c \u2013 sie wurde ein Millionenseller. F\u00fcr diese LP griff Barber eine Komposition des aus New Orleans stammenden <a title=\"Sidney Bechet\" href=\"http:\/\/de.wikipedia.org\/wiki\/Sidney_Bechet\">Sidney Bechet<\/a> auf, die dieser erstmals am 21. Januar 1952 in Paris aufgenommen hatte: \u201e<a title=\"Petite fleur\" href=\"http:\/\/de.wikipedia.org\/wiki\/Petite_fleur\">Petite fleur<\/a>\u201c. Barbers Band war als Folge dieses Hits die erste britische Jazzband in den USA, die am 8. M\u00e4rz 1959 live in der <a title=\"Ed Sullivan Show\" href=\"http:\/\/de.wikipedia.org\/wiki\/Ed_Sullivan_Show\">Ed Sullivan Show<\/a> auftreten durfte und ebenso am 2. Oktober 1959 \u00a0die erste britische Band, die beim <a title=\"Monterey Jazz Festival\" href=\"http:\/\/de.wikipedia.org\/wiki\/Monterey_Jazz_Festival\">Monterey Jazz Festival<\/a> auftrat. Zwischen 1959 und 1963 besuchte die Chris Barber Band sieben Mal die Vereinigten Staaten.<\/p>\n<p>Der Erfolg blieb Barber auch w\u00e4hrend der folgenden Jahrzehnte treu, so dass die German Jazz Trophy nicht die erste Auszeichnung ist, die der Posaunist erh\u00e4lt. Im Jahre 1991 wurde er wegen seiner Verdienste um die Musik mit dem Verdienstorden <a title=\"Order of the British Empire\" href=\"http:\/\/de.wikipedia.org\/wiki\/Order_of_the_British_Empire\">The Most Excellent Order of the British Empire (OBE)<\/a> ausgezeichnet. Am 28. Juni 2006 erhielt er die Ehrendoktorw\u00fcrde der Universit\u00e4t Durham und am 28. September 2013 wurde er f\u00fcr seine Verdienste um die Popularisierung des Blues in Europa im Rahmen des <a title=\"Lahnsteiner Bluesfestival\" href=\"http:\/\/de.wikipedia.org\/wiki\/Lahnsteiner_Bluesfestival\">Lahnsteiner Bluesfestivals<\/a> mit dem dort j\u00e4hrlich vergebenen \u201eBlues-Louis\u201c ausgezeichnet.<\/p>\n<p>Die German Jazz Trophy erh\u00e4lt Barber f\u00fcr sein Lebenswerk, seine zahlreichen Schallplatten und sein allen Trends und Moden widerstehendes Wirken f\u00fcr den traditionellen Jazz. Dass dieser traditionelle Stil bei Barber stets authentisch und lebendig blieb, hat er seiner Offenheit gegen\u00fcber anderen Stilisten zu verdanken. Die German Jazz Trophy in Form einer Skulptur des verstorbenen \u00a0K\u00fcnstlers Otto Herbert Hajek wird Chris Barber am Montag, den 21. Juli 2014 im Eventcenter \u201eSpardaWelt\u201c in Stuttgart verliehen.<\/p>\n<p>Zuletzt ging der Preis an den Altsaxophonisten Lee Konitz, die Pianisten Monty Alexander, Dick Hyman und Jacques Loussier, den Bassisten Dave Holland, den Geiger Jean-Luc Ponty, die US-amerikanische Pianistin und Komponistin Carla Bley, den Mundharmonika-Virtuosen Toots Thielemanns und den Trompeter Kenny Wheeler. Zu den Preistr\u00e4gern z\u00e4hlen auch der Pianist und S\u00e4nger Paul Kuhn, der Filmkomponist und Pianist Wolfgang Dauner, der Klarinettist Hugo Strasser sowie als erster Preistr\u00e4ger im Jahr 2001 der Big Band-Leiter und Arrangeur Erwin Lehn.<\/p>\n<p><strong>Preisverleihung und Konzert am 21. Juli beim Festival \u201ejazzopen\u201c in Stuttgart<\/strong><\/p>\n<p>www.german-jazz-trophy.de<\/p>\n","protected":false},"excerpt":{"rendered":"<p>F\u00fcr sein Lebenswerk erh\u00e4lt der britische Posaunist und Bandleader (geb. am 17. April 1930 in Welwyn Garden City, Hertfordshire, England) die German Jazz Trophy 2014. Die Auszeichnung wird seit 2001 j\u00e4hrlich von der Sparda-Bank Baden-W\u00fcrttemberg, der Kulturgesellschaft Musik+Wort e.V. und der Jazzzeitung verliehen. Seit beinahe sieben Jahrzehnten pr\u00e4gt Chris Barber nicht nur das britische Musikleben, sondern wirkte mit seiner Band weltweit als erfolgreicher Vertreter des Oldtime Jazz. Sein Markenzeichen war aber nicht nur die Beherrschung des Dixie- und Swing\u2013Idioms, sondern seine Offenheit gegen\u00fcber anderen Stilistiken wie Blues, Rhythm\u2019n\u2018 Blues und Rock\u2019n\u2018Roll. So z\u00e4hlen zu den Musikern mit denen er zusammengearbeitet hat Muddy Waters, Rory Gallagher, Eric Clapton, Keith Emerson, Mark Knopfler, Van Morrison, Dr. John u.v.a. mehr. Obwohl Barbers Name untrennbar mit der Posaune verkn\u00fcpft ist, ist er eigentlich Multiinstrumentalist. Er lernte zun\u00e4chst Violine und Sopransaxophon, studierte dann Posaune und Kontrabass an der Guildhall School of Music und war ein Bandleader und Arrangeur mit unverkennbarer Handschrift. 1949 gr\u00fcndete er seine erste eigene Band, 1953 seine zweite zusammen mit Ken Clyer. Der Durchbruch gelang dem Bandleader mit der LP \u201eChris Barber Plays (Vol. 3)\u201c \u2013 sie &hellip;<\/p>\n","protected":false},"author":7,"featured_media":3592,"comment_status":"open","ping_status":"closed","sticky":false,"template":"","format":"standard","meta":{"_jetpack_memberships_contains_paid_content":false,"footnotes":"","jetpack_publicize_message":"","jetpack_publicize_feature_enabled":true,"jetpack_social_post_already_shared":false,"jetpack_social_options":{"image_generator_settings":{"template":"highway","default_image_id":0,"font":"","enabled":false},"version":2}},"categories":[634],"tags":[621,83,3,176,940,294,322,908,431],"coauthors":[662],"class_list":["post-3591","post","type-post","status-publish","format-standard","has-post-thumbnail","hentry","category-redaktion","tag-andreas-kolb","tag-blues","tag-festival","tag-filmkomponist","tag-german-jazz-trophy","tag-jazzzeitung","tag-konzert-2","tag-lp","tag-paris"],"yoast_head":"<!-- This site is optimized with the Yoast SEO plugin v27.5 - https:\/\/yoast.com\/product\/yoast-seo-wordpress\/ -->\n<title>German Jazz Trophy 2014 f\u00fcr den britischen Posaunisten und Bandleader Chris Barber  - JazzZeitung<\/title>\n<meta name=\"robots\" content=\"index, follow, max-snippet:-1, max-image-preview:large, max-video-preview:-1\" \/>\n<link rel=\"canonical\" href=\"https:\/\/www.jazzzeitung.de\/cms\/2014\/03\/german-jazz-trophy-2014-fuer-den-britischen-posaunisten-und-bandleader-chris-barber\/\" \/>\n<meta property=\"og:locale\" content=\"de_DE\" \/>\n<meta property=\"og:type\" content=\"article\" \/>\n<meta property=\"og:title\" content=\"German Jazz Trophy 2014 f\u00fcr den britischen Posaunisten und Bandleader Chris Barber  - JazzZeitung\" \/>\n<meta property=\"og:description\" content=\"F\u00fcr sein Lebenswerk erh\u00e4lt der britische Posaunist und Bandleader (geb. am 17. April 1930 in Welwyn Garden City, Hertfordshire, England) die German Jazz Trophy 2014. Die Auszeichnung wird seit 2001 j\u00e4hrlich von der Sparda-Bank Baden-W\u00fcrttemberg, der Kulturgesellschaft Musik+Wort e.V. und der Jazzzeitung verliehen. Seit beinahe sieben Jahrzehnten pr\u00e4gt Chris Barber nicht nur das britische Musikleben, sondern wirkte mit seiner Band weltweit als erfolgreicher Vertreter des Oldtime Jazz. Sein Markenzeichen war aber nicht nur die Beherrschung des Dixie- und Swing\u2013Idioms, sondern seine Offenheit gegen\u00fcber anderen Stilistiken wie Blues, Rhythm\u2019n\u2018 Blues und Rock\u2019n\u2018Roll. So z\u00e4hlen zu den Musikern mit denen er zusammengearbeitet hat Muddy Waters, Rory Gallagher, Eric Clapton, Keith Emerson, Mark Knopfler, Van Morrison, Dr. John u.v.a. mehr. Obwohl Barbers Name untrennbar mit der Posaune verkn\u00fcpft ist, ist er eigentlich Multiinstrumentalist. Er lernte zun\u00e4chst Violine und Sopransaxophon, studierte dann Posaune und Kontrabass an der Guildhall School of Music und war ein Bandleader und Arrangeur mit unverkennbarer Handschrift. 1949 gr\u00fcndete er seine erste eigene Band, 1953 seine zweite zusammen mit Ken Clyer. Der Durchbruch gelang dem Bandleader mit der LP \u201eChris Barber Plays (Vol. 3)\u201c \u2013 sie &hellip;\" \/>\n<meta property=\"og:url\" content=\"https:\/\/www.jazzzeitung.de\/cms\/2014\/03\/german-jazz-trophy-2014-fuer-den-britischen-posaunisten-und-bandleader-chris-barber\/\" \/>\n<meta property=\"og:site_name\" content=\"JazzZeitung\" \/>\n<meta property=\"article:publisher\" content=\"https:\/\/www.facebook.com\/JazzZeitung\/\" \/>\n<meta property=\"article:published_time\" content=\"2014-03-10T17:00:28+00:00\" \/>\n<meta property=\"article:modified_time\" content=\"2014-03-10T17:40:19+00:00\" \/>\n<meta property=\"og:image\" content=\"https:\/\/i0.wp.com\/www.jazzzeitung.de\/cms\/wp-content\/uploads\/2014\/03\/BarberChris-LB84-sign-SHA11-Kumpf.jpg?fit=3328%2C2378&ssl=1\" \/>\n\t<meta property=\"og:image:width\" content=\"3328\" \/>\n\t<meta property=\"og:image:height\" content=\"2378\" \/>\n\t<meta property=\"og:image:type\" content=\"image\/jpeg\" \/>\n<meta name=\"author\" content=\"Andreas Kolb\" \/>\n<script type=\"application\/ld+json\" class=\"yoast-schema-graph\">{\"@context\":\"https:\\\/\\\/schema.org\",\"@graph\":[{\"@type\":\"Article\",\"@id\":\"https:\\\/\\\/www.jazzzeitung.de\\\/cms\\\/2014\\\/03\\\/german-jazz-trophy-2014-fuer-den-britischen-posaunisten-und-bandleader-chris-barber\\\/#article\",\"isPartOf\":{\"@id\":\"https:\\\/\\\/www.jazzzeitung.de\\\/cms\\\/2014\\\/03\\\/german-jazz-trophy-2014-fuer-den-britischen-posaunisten-und-bandleader-chris-barber\\\/\"},\"author\":{\"name\":\"Andreas Kolb\",\"@id\":\"https:\\\/\\\/www.jazzzeitung.de\\\/cms\\\/#\\\/schema\\\/person\\\/23954215d035da9ee48d2a2c09a4a62c\"},\"headline\":\"German Jazz Trophy 2014 f\u00fcr den britischen Posaunisten und Bandleader Chris Barber\",\"datePublished\":\"2014-03-10T17:00:28+00:00\",\"dateModified\":\"2014-03-10T17:40:19+00:00\",\"mainEntityOfPage\":{\"@id\":\"https:\\\/\\\/www.jazzzeitung.de\\\/cms\\\/2014\\\/03\\\/german-jazz-trophy-2014-fuer-den-britischen-posaunisten-und-bandleader-chris-barber\\\/\"},\"wordCount\":548,\"commentCount\":0,\"publisher\":{\"@id\":\"https:\\\/\\\/www.jazzzeitung.de\\\/cms\\\/#organization\"},\"image\":{\"@id\":\"https:\\\/\\\/www.jazzzeitung.de\\\/cms\\\/2014\\\/03\\\/german-jazz-trophy-2014-fuer-den-britischen-posaunisten-und-bandleader-chris-barber\\\/#primaryimage\"},\"thumbnailUrl\":\"https:\\\/\\\/i0.wp.com\\\/www.jazzzeitung.de\\\/cms\\\/wp-content\\\/uploads\\\/2014\\\/03\\\/BarberChris-LB84-sign-SHA11-Kumpf.jpg?fit=3328%2C2378&ssl=1\",\"keywords\":[\"Andreas Kolb\",\"Blues\",\"Festival\",\"Filmkomponist\",\"German Jazz Trophy\",\"Jazzzeitung\",\"Konzert\",\"LP\",\"Paris\"],\"articleSection\":[\"Redaktionelle Nachrichten\"],\"inLanguage\":\"de\",\"potentialAction\":[{\"@type\":\"CommentAction\",\"name\":\"Comment\",\"target\":[\"https:\\\/\\\/www.jazzzeitung.de\\\/cms\\\/2014\\\/03\\\/german-jazz-trophy-2014-fuer-den-britischen-posaunisten-und-bandleader-chris-barber\\\/#respond\"]}]},{\"@type\":\"WebPage\",\"@id\":\"https:\\\/\\\/www.jazzzeitung.de\\\/cms\\\/2014\\\/03\\\/german-jazz-trophy-2014-fuer-den-britischen-posaunisten-und-bandleader-chris-barber\\\/\",\"url\":\"https:\\\/\\\/www.jazzzeitung.de\\\/cms\\\/2014\\\/03\\\/german-jazz-trophy-2014-fuer-den-britischen-posaunisten-und-bandleader-chris-barber\\\/\",\"name\":\"German Jazz Trophy 2014 f\u00fcr den britischen Posaunisten und Bandleader Chris Barber - JazzZeitung\",\"isPartOf\":{\"@id\":\"https:\\\/\\\/www.jazzzeitung.de\\\/cms\\\/#website\"},\"primaryImageOfPage\":{\"@id\":\"https:\\\/\\\/www.jazzzeitung.de\\\/cms\\\/2014\\\/03\\\/german-jazz-trophy-2014-fuer-den-britischen-posaunisten-und-bandleader-chris-barber\\\/#primaryimage\"},\"image\":{\"@id\":\"https:\\\/\\\/www.jazzzeitung.de\\\/cms\\\/2014\\\/03\\\/german-jazz-trophy-2014-fuer-den-britischen-posaunisten-und-bandleader-chris-barber\\\/#primaryimage\"},\"thumbnailUrl\":\"https:\\\/\\\/i0.wp.com\\\/www.jazzzeitung.de\\\/cms\\\/wp-content\\\/uploads\\\/2014\\\/03\\\/BarberChris-LB84-sign-SHA11-Kumpf.jpg?fit=3328%2C2378&ssl=1\",\"datePublished\":\"2014-03-10T17:00:28+00:00\",\"dateModified\":\"2014-03-10T17:40:19+00:00\",\"breadcrumb\":{\"@id\":\"https:\\\/\\\/www.jazzzeitung.de\\\/cms\\\/2014\\\/03\\\/german-jazz-trophy-2014-fuer-den-britischen-posaunisten-und-bandleader-chris-barber\\\/#breadcrumb\"},\"inLanguage\":\"de\",\"potentialAction\":[{\"@type\":\"ReadAction\",\"target\":[\"https:\\\/\\\/www.jazzzeitung.de\\\/cms\\\/2014\\\/03\\\/german-jazz-trophy-2014-fuer-den-britischen-posaunisten-und-bandleader-chris-barber\\\/\"]}]},{\"@type\":\"ImageObject\",\"inLanguage\":\"de\",\"@id\":\"https:\\\/\\\/www.jazzzeitung.de\\\/cms\\\/2014\\\/03\\\/german-jazz-trophy-2014-fuer-den-britischen-posaunisten-und-bandleader-chris-barber\\\/#primaryimage\",\"url\":\"https:\\\/\\\/i0.wp.com\\\/www.jazzzeitung.de\\\/cms\\\/wp-content\\\/uploads\\\/2014\\\/03\\\/BarberChris-LB84-sign-SHA11-Kumpf.jpg?fit=3328%2C2378&ssl=1\",\"contentUrl\":\"https:\\\/\\\/i0.wp.com\\\/www.jazzzeitung.de\\\/cms\\\/wp-content\\\/uploads\\\/2014\\\/03\\\/BarberChris-LB84-sign-SHA11-Kumpf.jpg?fit=3328%2C2378&ssl=1\",\"width\":3328,\"height\":2378,\"caption\":\"Foto: Hans Kumpf\"},{\"@type\":\"BreadcrumbList\",\"@id\":\"https:\\\/\\\/www.jazzzeitung.de\\\/cms\\\/2014\\\/03\\\/german-jazz-trophy-2014-fuer-den-britischen-posaunisten-und-bandleader-chris-barber\\\/#breadcrumb\",\"itemListElement\":[{\"@type\":\"ListItem\",\"position\":1,\"name\":\"Startseite\",\"item\":\"https:\\\/\\\/www.jazzzeitung.de\\\/cms\\\/\"},{\"@type\":\"ListItem\",\"position\":2,\"name\":\"German Jazz Trophy 2014 f\u00fcr den britischen Posaunisten und Bandleader Chris Barber\"}]},{\"@type\":\"WebSite\",\"@id\":\"https:\\\/\\\/www.jazzzeitung.de\\\/cms\\\/#website\",\"url\":\"https:\\\/\\\/www.jazzzeitung.de\\\/cms\\\/\",\"name\":\"JazzZeitung\",\"description\":\"Jazz-News und Jazz-Kontroverses\",\"publisher\":{\"@id\":\"https:\\\/\\\/www.jazzzeitung.de\\\/cms\\\/#organization\"},\"potentialAction\":[{\"@type\":\"SearchAction\",\"target\":{\"@type\":\"EntryPoint\",\"urlTemplate\":\"https:\\\/\\\/www.jazzzeitung.de\\\/cms\\\/?s={search_term_string}\"},\"query-input\":{\"@type\":\"PropertyValueSpecification\",\"valueRequired\":true,\"valueName\":\"search_term_string\"}}],\"inLanguage\":\"de\"},{\"@type\":\"Organization\",\"@id\":\"https:\\\/\\\/www.jazzzeitung.de\\\/cms\\\/#organization\",\"name\":\"JazzZeitung online\",\"url\":\"https:\\\/\\\/www.jazzzeitung.de\\\/cms\\\/\",\"logo\":{\"@type\":\"ImageObject\",\"inLanguage\":\"de\",\"@id\":\"https:\\\/\\\/www.jazzzeitung.de\\\/cms\\\/#\\\/schema\\\/logo\\\/image\\\/\",\"url\":\"https:\\\/\\\/i0.wp.com\\\/www.jazzzeitung.de\\\/cms\\\/wp-content\\\/uploads\\\/2015\\\/08\\\/JAZZZEITUNGDE_Logo_Neu.png?fit=499%2C200&ssl=1\",\"contentUrl\":\"https:\\\/\\\/i0.wp.com\\\/www.jazzzeitung.de\\\/cms\\\/wp-content\\\/uploads\\\/2015\\\/08\\\/JAZZZEITUNGDE_Logo_Neu.png?fit=499%2C200&ssl=1\",\"width\":499,\"height\":200,\"caption\":\"JazzZeitung online\"},\"image\":{\"@id\":\"https:\\\/\\\/www.jazzzeitung.de\\\/cms\\\/#\\\/schema\\\/logo\\\/image\\\/\"},\"sameAs\":[\"https:\\\/\\\/www.facebook.com\\\/JazzZeitung\\\/\"]},{\"@type\":\"Person\",\"@id\":\"https:\\\/\\\/www.jazzzeitung.de\\\/cms\\\/#\\\/schema\\\/person\\\/23954215d035da9ee48d2a2c09a4a62c\",\"name\":\"Andreas Kolb\",\"image\":{\"@type\":\"ImageObject\",\"inLanguage\":\"de\",\"@id\":\"https:\\\/\\\/i0.wp.com\\\/www.jazzzeitung.de\\\/cms\\\/wp-content\\\/uploads\\\/2013\\\/05\\\/kolb-small.jpg?resize=96%2C96&ssl=1d81fdf4aa1b2f31d206a8dd371420dd4\",\"url\":\"https:\\\/\\\/i0.wp.com\\\/www.jazzzeitung.de\\\/cms\\\/wp-content\\\/uploads\\\/2013\\\/05\\\/kolb-small.jpg?resize=96%2C96&ssl=1\",\"contentUrl\":\"https:\\\/\\\/i0.wp.com\\\/www.jazzzeitung.de\\\/cms\\\/wp-content\\\/uploads\\\/2013\\\/05\\\/kolb-small.jpg?resize=96%2C96&ssl=1\",\"caption\":\"Andreas Kolb\"},\"description\":\"Andreas Kolb ist Chefredakteur der Jazzzeitung.\",\"sameAs\":[\"https:\\\/\\\/www.jazzzeitung.de\"],\"url\":\"https:\\\/\\\/www.jazzzeitung.de\\\/cms\\\/author\\\/kolb\\\/\"}]}<\/script>\n<!-- \/ Yoast SEO plugin. -->","yoast_head_json":{"title":"German Jazz Trophy 2014 f\u00fcr den britischen Posaunisten und Bandleader Chris Barber  - JazzZeitung","robots":{"index":"index","follow":"follow","max-snippet":"max-snippet:-1","max-image-preview":"max-image-preview:large","max-video-preview":"max-video-preview:-1"},"canonical":"https:\/\/www.jazzzeitung.de\/cms\/2014\/03\/german-jazz-trophy-2014-fuer-den-britischen-posaunisten-und-bandleader-chris-barber\/","og_locale":"de_DE","og_type":"article","og_title":"German Jazz Trophy 2014 f\u00fcr den britischen Posaunisten und Bandleader Chris Barber  - JazzZeitung","og_description":"F\u00fcr sein Lebenswerk erh\u00e4lt der britische Posaunist und Bandleader (geb. am 17. April 1930 in Welwyn Garden City, Hertfordshire, England) die German Jazz Trophy 2014. Die Auszeichnung wird seit 2001 j\u00e4hrlich von der Sparda-Bank Baden-W\u00fcrttemberg, der Kulturgesellschaft Musik+Wort e.V. und der Jazzzeitung verliehen. Seit beinahe sieben Jahrzehnten pr\u00e4gt Chris Barber nicht nur das britische Musikleben, sondern wirkte mit seiner Band weltweit als erfolgreicher Vertreter des Oldtime Jazz. Sein Markenzeichen war aber nicht nur die Beherrschung des Dixie- und Swing\u2013Idioms, sondern seine Offenheit gegen\u00fcber anderen Stilistiken wie Blues, Rhythm\u2019n\u2018 Blues und Rock\u2019n\u2018Roll. So z\u00e4hlen zu den Musikern mit denen er zusammengearbeitet hat Muddy Waters, Rory Gallagher, Eric Clapton, Keith Emerson, Mark Knopfler, Van Morrison, Dr. John u.v.a. mehr. Obwohl Barbers Name untrennbar mit der Posaune verkn\u00fcpft ist, ist er eigentlich Multiinstrumentalist. Er lernte zun\u00e4chst Violine und Sopransaxophon, studierte dann Posaune und Kontrabass an der Guildhall School of Music und war ein Bandleader und Arrangeur mit unverkennbarer Handschrift. 1949 gr\u00fcndete er seine erste eigene Band, 1953 seine zweite zusammen mit Ken Clyer. Der Durchbruch gelang dem Bandleader mit der LP \u201eChris Barber Plays (Vol. 3)\u201c \u2013 sie &hellip;","og_url":"https:\/\/www.jazzzeitung.de\/cms\/2014\/03\/german-jazz-trophy-2014-fuer-den-britischen-posaunisten-und-bandleader-chris-barber\/","og_site_name":"JazzZeitung","article_publisher":"https:\/\/www.facebook.com\/JazzZeitung\/","article_published_time":"2014-03-10T17:00:28+00:00","article_modified_time":"2014-03-10T17:40:19+00:00","og_image":[{"width":3328,"height":2378,"url":"https:\/\/i0.wp.com\/www.jazzzeitung.de\/cms\/wp-content\/uploads\/2014\/03\/BarberChris-LB84-sign-SHA11-Kumpf.jpg?fit=3328%2C2378&ssl=1","type":"image\/jpeg"}],"author":"Andreas Kolb","schema":{"@context":"https:\/\/schema.org","@graph":[{"@type":"Article","@id":"https:\/\/www.jazzzeitung.de\/cms\/2014\/03\/german-jazz-trophy-2014-fuer-den-britischen-posaunisten-und-bandleader-chris-barber\/#article","isPartOf":{"@id":"https:\/\/www.jazzzeitung.de\/cms\/2014\/03\/german-jazz-trophy-2014-fuer-den-britischen-posaunisten-und-bandleader-chris-barber\/"},"author":{"name":"Andreas Kolb","@id":"https:\/\/www.jazzzeitung.de\/cms\/#\/schema\/person\/23954215d035da9ee48d2a2c09a4a62c"},"headline":"German Jazz Trophy 2014 f\u00fcr den britischen Posaunisten und Bandleader Chris Barber","datePublished":"2014-03-10T17:00:28+00:00","dateModified":"2014-03-10T17:40:19+00:00","mainEntityOfPage":{"@id":"https:\/\/www.jazzzeitung.de\/cms\/2014\/03\/german-jazz-trophy-2014-fuer-den-britischen-posaunisten-und-bandleader-chris-barber\/"},"wordCount":548,"commentCount":0,"publisher":{"@id":"https:\/\/www.jazzzeitung.de\/cms\/#organization"},"image":{"@id":"https:\/\/www.jazzzeitung.de\/cms\/2014\/03\/german-jazz-trophy-2014-fuer-den-britischen-posaunisten-und-bandleader-chris-barber\/#primaryimage"},"thumbnailUrl":"https:\/\/i0.wp.com\/www.jazzzeitung.de\/cms\/wp-content\/uploads\/2014\/03\/BarberChris-LB84-sign-SHA11-Kumpf.jpg?fit=3328%2C2378&ssl=1","keywords":["Andreas Kolb","Blues","Festival","Filmkomponist","German Jazz Trophy","Jazzzeitung","Konzert","LP","Paris"],"articleSection":["Redaktionelle Nachrichten"],"inLanguage":"de","potentialAction":[{"@type":"CommentAction","name":"Comment","target":["https:\/\/www.jazzzeitung.de\/cms\/2014\/03\/german-jazz-trophy-2014-fuer-den-britischen-posaunisten-und-bandleader-chris-barber\/#respond"]}]},{"@type":"WebPage","@id":"https:\/\/www.jazzzeitung.de\/cms\/2014\/03\/german-jazz-trophy-2014-fuer-den-britischen-posaunisten-und-bandleader-chris-barber\/","url":"https:\/\/www.jazzzeitung.de\/cms\/2014\/03\/german-jazz-trophy-2014-fuer-den-britischen-posaunisten-und-bandleader-chris-barber\/","name":"German Jazz Trophy 2014 f\u00fcr den britischen Posaunisten und Bandleader Chris Barber - JazzZeitung","isPartOf":{"@id":"https:\/\/www.jazzzeitung.de\/cms\/#website"},"primaryImageOfPage":{"@id":"https:\/\/www.jazzzeitung.de\/cms\/2014\/03\/german-jazz-trophy-2014-fuer-den-britischen-posaunisten-und-bandleader-chris-barber\/#primaryimage"},"image":{"@id":"https:\/\/www.jazzzeitung.de\/cms\/2014\/03\/german-jazz-trophy-2014-fuer-den-britischen-posaunisten-und-bandleader-chris-barber\/#primaryimage"},"thumbnailUrl":"https:\/\/i0.wp.com\/www.jazzzeitung.de\/cms\/wp-content\/uploads\/2014\/03\/BarberChris-LB84-sign-SHA11-Kumpf.jpg?fit=3328%2C2378&ssl=1","datePublished":"2014-03-10T17:00:28+00:00","dateModified":"2014-03-10T17:40:19+00:00","breadcrumb":{"@id":"https:\/\/www.jazzzeitung.de\/cms\/2014\/03\/german-jazz-trophy-2014-fuer-den-britischen-posaunisten-und-bandleader-chris-barber\/#breadcrumb"},"inLanguage":"de","potentialAction":[{"@type":"ReadAction","target":["https:\/\/www.jazzzeitung.de\/cms\/2014\/03\/german-jazz-trophy-2014-fuer-den-britischen-posaunisten-und-bandleader-chris-barber\/"]}]},{"@type":"ImageObject","inLanguage":"de","@id":"https:\/\/www.jazzzeitung.de\/cms\/2014\/03\/german-jazz-trophy-2014-fuer-den-britischen-posaunisten-und-bandleader-chris-barber\/#primaryimage","url":"https:\/\/i0.wp.com\/www.jazzzeitung.de\/cms\/wp-content\/uploads\/2014\/03\/BarberChris-LB84-sign-SHA11-Kumpf.jpg?fit=3328%2C2378&ssl=1","contentUrl":"https:\/\/i0.wp.com\/www.jazzzeitung.de\/cms\/wp-content\/uploads\/2014\/03\/BarberChris-LB84-sign-SHA11-Kumpf.jpg?fit=3328%2C2378&ssl=1","width":3328,"height":2378,"caption":"Foto: Hans Kumpf"},{"@type":"BreadcrumbList","@id":"https:\/\/www.jazzzeitung.de\/cms\/2014\/03\/german-jazz-trophy-2014-fuer-den-britischen-posaunisten-und-bandleader-chris-barber\/#breadcrumb","itemListElement":[{"@type":"ListItem","position":1,"name":"Startseite","item":"https:\/\/www.jazzzeitung.de\/cms\/"},{"@type":"ListItem","position":2,"name":"German Jazz Trophy 2014 f\u00fcr den britischen Posaunisten und Bandleader Chris Barber"}]},{"@type":"WebSite","@id":"https:\/\/www.jazzzeitung.de\/cms\/#website","url":"https:\/\/www.jazzzeitung.de\/cms\/","name":"JazzZeitung","description":"Jazz-News und Jazz-Kontroverses","publisher":{"@id":"https:\/\/www.jazzzeitung.de\/cms\/#organization"},"potentialAction":[{"@type":"SearchAction","target":{"@type":"EntryPoint","urlTemplate":"https:\/\/www.jazzzeitung.de\/cms\/?s={search_term_string}"},"query-input":{"@type":"PropertyValueSpecification","valueRequired":true,"valueName":"search_term_string"}}],"inLanguage":"de"},{"@type":"Organization","@id":"https:\/\/www.jazzzeitung.de\/cms\/#organization","name":"JazzZeitung online","url":"https:\/\/www.jazzzeitung.de\/cms\/","logo":{"@type":"ImageObject","inLanguage":"de","@id":"https:\/\/www.jazzzeitung.de\/cms\/#\/schema\/logo\/image\/","url":"https:\/\/i0.wp.com\/www.jazzzeitung.de\/cms\/wp-content\/uploads\/2015\/08\/JAZZZEITUNGDE_Logo_Neu.png?fit=499%2C200&ssl=1","contentUrl":"https:\/\/i0.wp.com\/www.jazzzeitung.de\/cms\/wp-content\/uploads\/2015\/08\/JAZZZEITUNGDE_Logo_Neu.png?fit=499%2C200&ssl=1","width":499,"height":200,"caption":"JazzZeitung online"},"image":{"@id":"https:\/\/www.jazzzeitung.de\/cms\/#\/schema\/logo\/image\/"},"sameAs":["https:\/\/www.facebook.com\/JazzZeitung\/"]},{"@type":"Person","@id":"https:\/\/www.jazzzeitung.de\/cms\/#\/schema\/person\/23954215d035da9ee48d2a2c09a4a62c","name":"Andreas Kolb","image":{"@type":"ImageObject","inLanguage":"de","@id":"https:\/\/i0.wp.com\/www.jazzzeitung.de\/cms\/wp-content\/uploads\/2013\/05\/kolb-small.jpg?resize=96%2C96&ssl=1d81fdf4aa1b2f31d206a8dd371420dd4","url":"https:\/\/i0.wp.com\/www.jazzzeitung.de\/cms\/wp-content\/uploads\/2013\/05\/kolb-small.jpg?resize=96%2C96&ssl=1","contentUrl":"https:\/\/i0.wp.com\/www.jazzzeitung.de\/cms\/wp-content\/uploads\/2013\/05\/kolb-small.jpg?resize=96%2C96&ssl=1","caption":"Andreas Kolb"},"description":"Andreas Kolb ist Chefredakteur der Jazzzeitung.","sameAs":["https:\/\/www.jazzzeitung.de"],"url":"https:\/\/www.jazzzeitung.de\/cms\/author\/kolb\/"}]}},"wp-worthy-pixel":{"ignored":false,"public":null,"server":null,"url":null},"wp-worthy-type":"normal","jetpack_publicize_connections":[],"cc_featured_image_caption":{"caption_text":false,"source_text":false,"source_url":false},"jetpack_featured_media_url":"https:\/\/i0.wp.com\/www.jazzzeitung.de\/cms\/wp-content\/uploads\/2014\/03\/BarberChris-LB84-sign-SHA11-Kumpf.jpg?fit=3328%2C2378&ssl=1","jetpack_shortlink":"https:\/\/wp.me\/p3KEcT-VV","jetpack-related-posts":[{"id":4341,"url":"https:\/\/www.jazzzeitung.de\/cms\/2014\/07\/4341\/","url_meta":{"origin":3591,"position":0},"title":"German Jazz Trophy 2014 an Chris Barber \u2013 Laudatio von Andreas Kolb","author":"Andreas Kolb","date":"22. Juli 2014","format":false,"excerpt":"Der britische Posaunist und Bandleader Chris Barber wurde zum Abschluss des Festivals \"Jazzopen\" in Stuttgart am 21. Juli mit der German Jazz Trophy 2014 der Stiftung Spardabank Baden-W\u00fcrttemberg, der Kulturgesellschaft Musik und Wort und der Jazzzeitung geehrt. Trotz eines gebrochenen Fu\u00dfes war Barber im Rollstuhl und mit seiner 10-k\u00f6pfigen Big\u2026","rel":"","context":"In &quot;News&quot;","block_context":{"text":"News","link":"https:\/\/www.jazzzeitung.de\/cms\/thema\/nachrichten\/"},"img":{"alt_text":"Chris Barber erh\u00e4lt die German Jazz Trophy 2014 - a life for jazz in Stuttgart. Foto: Hans Kumpf","src":"https:\/\/i0.wp.com\/www.jazzzeitung.de\/cms\/wp-content\/uploads\/2014\/07\/GJT-BarberChris-S14d-Kumpf.jpg?fit=1200%2C800&ssl=1&resize=350%2C200","width":350,"height":200,"srcset":"https:\/\/i0.wp.com\/www.jazzzeitung.de\/cms\/wp-content\/uploads\/2014\/07\/GJT-BarberChris-S14d-Kumpf.jpg?fit=1200%2C800&ssl=1&resize=350%2C200 1x, https:\/\/i0.wp.com\/www.jazzzeitung.de\/cms\/wp-content\/uploads\/2014\/07\/GJT-BarberChris-S14d-Kumpf.jpg?fit=1200%2C800&ssl=1&resize=525%2C300 1.5x, https:\/\/i0.wp.com\/www.jazzzeitung.de\/cms\/wp-content\/uploads\/2014\/07\/GJT-BarberChris-S14d-Kumpf.jpg?fit=1200%2C800&ssl=1&resize=700%2C400 2x, https:\/\/i0.wp.com\/www.jazzzeitung.de\/cms\/wp-content\/uploads\/2014\/07\/GJT-BarberChris-S14d-Kumpf.jpg?fit=1200%2C800&ssl=1&resize=1050%2C600 3x"},"classes":[]},{"id":24473,"url":"https:\/\/www.jazzzeitung.de\/cms\/2021\/03\/chris-barber-in-memoriam-ice-cream-schnelle-autos-und-millionenhits\/","url_meta":{"origin":3591,"position":1},"title":"Chris Barber in memoriam: Ice Cream, schnelle Autos und Millionenhits","author":"Redaktion JazzZeitung","date":"3. M\u00e4rz 2021","format":false,"excerpt":"Zusammen mit Kenny Ball und Acker Bilk war Chris Barber einer der\u00a0 \u201cThree B\u2019s\u201d, die den Traditional Jazz in Gro\u00dfbritannien definierten und verantwortlich waren f\u00fcr das gro\u00dfe\u00a0 \u201cTrad\u201d-Revival der sp\u00e4ten 50er- und fr\u00fchen 60er-Jahre. Am 2. M\u00e4rz ist der Jazz-Posaunist ist gestorben. Das best\u00e4tigte die Plattenfirma Last Music heute unter\u2026","rel":"","context":"In &quot;News&quot;","block_context":{"text":"News","link":"https:\/\/www.jazzzeitung.de\/cms\/thema\/nachrichten\/"},"img":{"alt_text":"","src":"https:\/\/i0.wp.com\/www.jazzzeitung.de\/cms\/wp-content\/uploads\/2021\/03\/BarberChris-BauerStudios-LB84c-Kumpf-scaled.jpg?fit=1200%2C850&ssl=1&resize=350%2C200","width":350,"height":200,"srcset":"https:\/\/i0.wp.com\/www.jazzzeitung.de\/cms\/wp-content\/uploads\/2021\/03\/BarberChris-BauerStudios-LB84c-Kumpf-scaled.jpg?fit=1200%2C850&ssl=1&resize=350%2C200 1x, https:\/\/i0.wp.com\/www.jazzzeitung.de\/cms\/wp-content\/uploads\/2021\/03\/BarberChris-BauerStudios-LB84c-Kumpf-scaled.jpg?fit=1200%2C850&ssl=1&resize=525%2C300 1.5x, https:\/\/i0.wp.com\/www.jazzzeitung.de\/cms\/wp-content\/uploads\/2021\/03\/BarberChris-BauerStudios-LB84c-Kumpf-scaled.jpg?fit=1200%2C850&ssl=1&resize=700%2C400 2x, https:\/\/i0.wp.com\/www.jazzzeitung.de\/cms\/wp-content\/uploads\/2021\/03\/BarberChris-BauerStudios-LB84c-Kumpf-scaled.jpg?fit=1200%2C850&ssl=1&resize=1050%2C600 3x"},"classes":[]},{"id":8349,"url":"https:\/\/www.jazzzeitung.de\/cms\/2016\/02\/news-das-jazzforum-bayreuth-im-maerz-antares-acoustic-trio-mit-poesie-der-wellen-big-chris-barber-band-der-oper-halle\/","url_meta":{"origin":3591,"position":2},"title":"+++ News +++ Das Jazzforum Bayreuth im M\u00e4rz +++ Antares Acoustic Trio mit \u201ePoesie der Wellen\u201d +++ The Big Chris Barber Band in der Oper Halle +++","author":"Redaktion JazzZeitung","date":"8. Februar 2016","format":false,"excerpt":"+++ Das Jazzforum Bayreuth pr\u00e4sentiert im M\u00e4rz 2016 drei ganz besondere Konzert-Highlights +++ \u2028Am 4. M\u00e4rz bringt Kalle Kalima's Long Winding Road eine ganz besondere Jazz-Mischung nach Bayreuth: Neben dem in Berlin lebenden finnischen Gitarristen und Komponisten Kalle Kalima besteht das Trio mit Greg Cohen am Bass noch aus einer\u00a0US-amerikanischen\u2026","rel":"","context":"In &quot;News&quot;","block_context":{"text":"News","link":"https:\/\/www.jazzzeitung.de\/cms\/thema\/nachrichten\/"},"img":{"alt_text":"","src":"https:\/\/i0.wp.com\/www.jazzzeitung.de\/cms\/wp-content\/uploads\/2016\/02\/kalima-e1454679336982-150x150.jpg?resize=350%2C200","width":350,"height":200},"classes":[]},{"id":5632,"url":"https:\/\/www.jazzzeitung.de\/cms\/2015\/03\/german-jazz-trophy-fuer-ralph-towner\/","url_meta":{"origin":3591,"position":3},"title":"German Jazz Trophy f\u00fcr Ralph Towner","author":"Redaktion JazzZeitung","date":"4. M\u00e4rz 2015","format":false,"excerpt":"Jazzgitarrist und \u201eOregon\u201c-Bandmitglied Ralph Towner erh\u00e4lt f\u00fcr sein musikalisches Lebenswerk die German Jazz Trophy. Der Preis ging 2001 erstmals an Erwin Lehn, Leiter der SDR-Bigband, und wir bis heute j\u00e4hrlich vergeben. Zum Auftakt der jazzopen stuttgart \u00fcbergibt J\u00fcrgen Walter, Staatssekret\u00e4r im baden-w\u00fcrttembergischem Ministerium f\u00fcr Wissenschaft, Forschung und Kunst, am Freitag,\u2026","rel":"","context":"In &quot;Bericht&quot;","block_context":{"text":"Bericht","link":"https:\/\/www.jazzzeitung.de\/cms\/thema\/bericht\/"},"img":{"alt_text":"Ralph Towner an der Gitarre. Foto: Paolo Soriani\/ECM Records","src":"https:\/\/i0.wp.com\/www.jazzzeitung.de\/cms\/wp-content\/uploads\/2015\/03\/Paolo-Soriani-ECM-Records-3-402x600.jpg?resize=350%2C200","width":350,"height":200},"classes":[]},{"id":8255,"url":"https:\/\/www.jazzzeitung.de\/cms\/2016\/02\/german-jazz-trophy-2016-geht-klaus-doldinger\/","url_meta":{"origin":3591,"position":4},"title":"German Jazz Trophy 2016 geht an Klaus Doldinger","author":"Redaktion JazzZeitung","date":"1. Februar 2016","format":false,"excerpt":"Der Saxophonist und Komponist Klaus Doldinger (12. Mai 1936 in Berlin) wird mit der German Jazz Trophy ausgezeichnet. Dies wurde heute auf der Pressekonferenz zurm Festival jazzopen in Stuttgart bekanntgegeben. Der Preis ist mit 15.000 Euro sowie mit einer Statue des Stuttgarter Bildhauers Otto Herbert Hajek dotiert und wird von\u2026","rel":"","context":"In &quot;Redaktionelle Nachrichten&quot;","block_context":{"text":"Redaktionelle Nachrichten","link":"https:\/\/www.jazzzeitung.de\/cms\/thema\/redaktion\/"},"img":{"alt_text":"Der Preistr\u00e4ger Klaus Doldinger. Foto: Warner music group","src":"https:\/\/i0.wp.com\/www.jazzzeitung.de\/cms\/wp-content\/uploads\/2016\/02\/DoldingerWarner-music-groupX_2939-e1454316881588-150x150.jpeg?resize=350%2C200","width":350,"height":200},"classes":[]},{"id":9441,"url":"https:\/\/www.jazzzeitung.de\/cms\/2016\/06\/classic-jazzsaisonhoehepunkt-des-international-hot-jazz-summit-stuttgart\/","url_meta":{"origin":3591,"position":5},"title":"Classic-Jazz-Saisonh\u00f6hepunkt: das \u201eInternational Hot Jazz Summit\u201c  in Stuttgart","author":"Redaktion JazzZeitung","date":"2. Juni 2016","format":false,"excerpt":"Seit 15 Jahren veranstaltet die Kulturgesellschaft Musik+Wort e.V. Jazz-Konzerte und Jazzreisen\u00a0 zwischen Stuttgart, St. Gallen und New Orleans. Ihr Jubil\u00e4um begeht die Kulturgesellschaft Musik+Wort\u00a0 beim Classic-JazzSaisonh\u00f6hepunkt des \u201eInternational Hot Jazz Summit\u201c\u00a0 am Sonntag, 19. Juni 2016, in der\u00a0 Stuttgarter Liederhalle Unter dem Motto \u201efrom Ragtime to Swing \u2013 from New\u2026","rel":"","context":"In &quot;Bericht&quot;","block_context":{"text":"Bericht","link":"https:\/\/www.jazzzeitung.de\/cms\/thema\/bericht\/"},"img":{"alt_text":"","src":"https:\/\/i0.wp.com\/www.jazzzeitung.de\/cms\/wp-content\/uploads\/2016\/06\/Hot_Jazz_Summit_1.jpg?resize=350%2C200","width":350,"height":200,"srcset":"https:\/\/i0.wp.com\/www.jazzzeitung.de\/cms\/wp-content\/uploads\/2016\/06\/Hot_Jazz_Summit_1.jpg?resize=350%2C200 1x, https:\/\/i0.wp.com\/www.jazzzeitung.de\/cms\/wp-content\/uploads\/2016\/06\/Hot_Jazz_Summit_1.jpg?resize=525%2C300 1.5x, https:\/\/i0.wp.com\/www.jazzzeitung.de\/cms\/wp-content\/uploads\/2016\/06\/Hot_Jazz_Summit_1.jpg?resize=700%2C400 2x, https:\/\/i0.wp.com\/www.jazzzeitung.de\/cms\/wp-content\/uploads\/2016\/06\/Hot_Jazz_Summit_1.jpg?resize=1050%2C600 3x, https:\/\/i0.wp.com\/www.jazzzeitung.de\/cms\/wp-content\/uploads\/2016\/06\/Hot_Jazz_Summit_1.jpg?resize=1400%2C800 4x"},"classes":[]}],"jetpack_sharing_enabled":true,"_links":{"self":[{"href":"https:\/\/www.jazzzeitung.de\/cms\/wp-json\/wp\/v2\/posts\/3591","targetHints":{"allow":["GET"]}}],"collection":[{"href":"https:\/\/www.jazzzeitung.de\/cms\/wp-json\/wp\/v2\/posts"}],"about":[{"href":"https:\/\/www.jazzzeitung.de\/cms\/wp-json\/wp\/v2\/types\/post"}],"author":[{"embeddable":true,"href":"https:\/\/www.jazzzeitung.de\/cms\/wp-json\/wp\/v2\/users\/7"}],"replies":[{"embeddable":true,"href":"https:\/\/www.jazzzeitung.de\/cms\/wp-json\/wp\/v2\/comments?post=3591"}],"version-history":[{"count":7,"href":"https:\/\/www.jazzzeitung.de\/cms\/wp-json\/wp\/v2\/posts\/3591\/revisions"}],"predecessor-version":[{"id":3600,"href":"https:\/\/www.jazzzeitung.de\/cms\/wp-json\/wp\/v2\/posts\/3591\/revisions\/3600"}],"wp:featuredmedia":[{"embeddable":true,"href":"https:\/\/www.jazzzeitung.de\/cms\/wp-json\/wp\/v2\/media\/3592"}],"wp:attachment":[{"href":"https:\/\/www.jazzzeitung.de\/cms\/wp-json\/wp\/v2\/media?parent=3591"}],"wp:term":[{"taxonomy":"category","embeddable":true,"href":"https:\/\/www.jazzzeitung.de\/cms\/wp-json\/wp\/v2\/categories?post=3591"},{"taxonomy":"post_tag","embeddable":true,"href":"https:\/\/www.jazzzeitung.de\/cms\/wp-json\/wp\/v2\/tags?post=3591"},{"taxonomy":"author","embeddable":true,"href":"https:\/\/www.jazzzeitung.de\/cms\/wp-json\/wp\/v2\/coauthors?post=3591"}],"curies":[{"name":"wp","href":"https:\/\/api.w.org\/{rel}","templated":true}]}}