{"id":3571,"date":"2014-03-04T10:42:58","date_gmt":"2014-03-04T09:42:58","guid":{"rendered":"http:\/\/www.jazzzeitung.de\/cms\/?p=3571"},"modified":"2014-04-07T11:27:15","modified_gmt":"2014-04-07T09:27:15","slug":"levantino-chapter-one-ein-musikalisches-kaleidoskop-als-erstes-kapitel-2","status":"publish","type":"post","link":"https:\/\/www.jazzzeitung.de\/cms\/2014\/03\/levantino-chapter-one-ein-musikalisches-kaleidoskop-als-erstes-kapitel-2\/","title":{"rendered":"Levantino: \u201eChapter One\u201c \u2013 ein \u201emusikalisches Kaleidoskop\u201c als erstes Kapitel&#8230;."},"content":{"rendered":"<p>Von Friederike Jurth &#8211; Im M\u00e4rz diesen Jahres erscheint es: Das im Sommer 2013 produzierte Deb\u00fctalbum \u201eChapter One\u201c unseres Newcomers Levantino \u2013 ihr \u201eerstes offizielles Kapitel\u201c, an das das Trio die Hoffnung kn\u00fcpft, \u201eanzudeuten wer wir sind, was wir m\u00f6gen\u201c und \u201ewohin es gehen kann.\u201c Gut f\u00fcnf Jahre ist es her, dass die Br\u00fcder Max Bloching (Kontrabass), Michl Bloching \u2013 (Bassklarinette, Klarinette, \u00a0Tenorsaxophon, Akkordeon und Gesang) sowie Tom W\u00f6rndl (Gitarre) \u201eLevantino\u201c gr\u00fcndeten. Das war noch w\u00e4hrend der gemeinsamen Schulzeit auf dem Gymnasium in Bad Aibling. Zu Anfang, genauer von 2006 bis 2010, war das jetztige Trio noch ein Quartett und hatte einen weiteren Akkordeonisten. Man spielte Klezmer und Musik italienischen Stils aus den 50er-Jahren auf Hochzeiten und in Hotelbars und legte den Grundstein daf\u00fcr, die Musik zur Profession zu machen.<\/p>\n<p>Heute sind die drei Youngster ihren musikalischen Kinderschuhen entwachsen und experimentieren mit einem Mix aus verschiedenen Genres wie Gypsy, Indie-Rock, Filmmusik, Klezmer und Jazz, den sie spielerisch mit Elementen aus Tango oder Reggae versehen. \u201eSo richtig hat das erst mit der Vorbereitung f\u00fcr \u201aChapter One\u2018 angefangen. Also Ende 2012&#8230;\u201c, erz\u00e4hlt Michl Bloching. \u201eUnser Stil hat sich eindeutig ge\u00e4ndert, als wir damit begonnen haben, eigene St\u00fccke zu schreiben und nicht nur zu arrangieren. Entscheidend ist auch, dass jeder von uns St\u00fccke in einem anderen Stil schreibt.\u201c Somit wird klar, woher diese Vielfalt an musikalischen Einfl\u00fcssen in Levantinos Musik r\u00fchrt, die von unterschiedlichsten Vorbilden aus \u201eE-\u201c und \u201eU-\u201c Musik wie Giora Feidmann, Sophie Hunger, Macklemore, dem New Yorker Jazztrio \u201eThe Bad Plus\u201c oder den \u201eQueens of the Stone Age\u201c inspiriert und gepr\u00e4gt ist.<\/p>\n<p>Die besondere Liebe der Drei gilt der Improvisation, aber auch anderen L\u00e4ndern und Sprachen: So suchten und dichteten sie f\u00fcr ihre neue CD unter anderem Songtexte in Deutsch, Englisch, Franz\u00f6sisch und Spanisch. In \u201eChapter One\u201c findet sich kaum ein Song, der nicht wie ein musikalisches Kaleidoskop aus mehreren verschiedenen Stilen gestaltet ist, die ganz nat\u00fcrlich und organisch ineinanderflie\u00dfen. Es scheint, als w\u00fcrde man in jedem Song ein Farbenspiel beobachten, das sich durch stetiges Beimischen neuer Farben so lange wandelt, bis das ganze Bild ein Neues geworden ist. Ein Beispiel hierf\u00fcr ist der 4. Song \u201eBarcelona\u201c: Er beginnt mit einem melancholisch wirkenden Akkordeonsolo, das zun\u00e4chst nur von einigen langsamen Schl\u00e4gen der Drums begleitet und von einer dezenten Gitarrenlinie unterlegt ist, geht dann \u00fcber in ein Mischung aus Klezmer und Rock und ver\u00e4ndert sich schlie\u00dflich in temperamentvollen, schnellen &#8222;Vollblut-Rock&#8220;. Und wo beim plastischen Kunstwerk verschiedene Lichteinstrahlungen und Schattierungen ihren Anteil zur stetigen \u201eErneuerung\u201c und Verwandlung leisten, wird bei Levantino mit Klangeffekten gespielt &#8211; wie zum Beispiel im 7. Titel \u201eNumb\u201c, der mit einem experimentell eingesetzten Flageolett der Klarinette beginnt, das dann mit dumpfen Schlagzeugbeats kombiniert wird, die wie eine Art Herzschlag erscheinen. Chapter One ist ein stetiges Spiel mit H\u00f6rerwartungen und \u00dcberraschungen.<\/p>\n<figure id=\"attachment_3567\" aria-describedby=\"caption-attachment-3567\" style=\"width: 695px\" class=\"wp-caption alignnone\"><a href=\"https:\/\/i0.wp.com\/www.jazzzeitung.de\/cms\/wp-content\/uploads\/2014\/03\/chapter-one.jpg\"><img data-recalc-dims=\"1\" loading=\"lazy\" decoding=\"async\" data-attachment-id=\"3567\" data-permalink=\"https:\/\/www.jazzzeitung.de\/cms\/2014\/03\/levantino-chapter-one-ein-musikalisches-kaleidoskop-als-erstes-kapitel-2\/chapter-one\/\" data-orig-file=\"https:\/\/i0.wp.com\/www.jazzzeitung.de\/cms\/wp-content\/uploads\/2014\/03\/chapter-one.jpg?fit=5184%2C3456&amp;ssl=1\" data-orig-size=\"5184,3456\" data-comments-opened=\"1\" data-image-meta=\"{&quot;aperture&quot;:&quot;10&quot;,&quot;credit&quot;:&quot;&quot;,&quot;camera&quot;:&quot;Canon EOS 600D&quot;,&quot;caption&quot;:&quot;&quot;,&quot;created_timestamp&quot;:&quot;1312270859&quot;,&quot;copyright&quot;:&quot;&quot;,&quot;focal_length&quot;:&quot;55&quot;,&quot;iso&quot;:&quot;100&quot;,&quot;shutter_speed&quot;:&quot;0.004&quot;,&quot;title&quot;:&quot;&quot;}\" data-image-title=\"&amp;#8222;erstes Kapitel&amp;#8220; des Trios Levantino \" data-image-description=\"&lt;p&gt;&amp;#8222;erstes Kapitel&amp;#8220; des Trios Levantino &lt;\/p&gt;\n\" data-image-caption=\"&lt;p&gt;&amp;#8222;erstes Kapitel&amp;#8220; des Trios Levantino &lt;\/p&gt;\n\" data-large-file=\"https:\/\/i0.wp.com\/www.jazzzeitung.de\/cms\/wp-content\/uploads\/2014\/03\/chapter-one.jpg?fit=840%2C560&amp;ssl=1\" class=\"size-large wp-image-3567 \" alt=\"&quot;erstes Kapitel&quot; des Trios Levantino \" src=\"https:\/\/i0.wp.com\/www.jazzzeitung.de\/cms\/wp-content\/uploads\/2014\/03\/chapter-one-900x600.jpg?resize=695%2C463\" width=\"695\" height=\"463\" srcset=\"https:\/\/i0.wp.com\/www.jazzzeitung.de\/cms\/wp-content\/uploads\/2014\/03\/chapter-one.jpg?resize=900%2C600&amp;ssl=1 900w, https:\/\/i0.wp.com\/www.jazzzeitung.de\/cms\/wp-content\/uploads\/2014\/03\/chapter-one.jpg?resize=300%2C200&amp;ssl=1 300w, https:\/\/i0.wp.com\/www.jazzzeitung.de\/cms\/wp-content\/uploads\/2014\/03\/chapter-one.jpg?w=1680&amp;ssl=1 1680w, https:\/\/i0.wp.com\/www.jazzzeitung.de\/cms\/wp-content\/uploads\/2014\/03\/chapter-one.jpg?w=2520&amp;ssl=1 2520w\" sizes=\"auto, (max-width: 695px) 100vw, 695px\" \/><\/a><figcaption id=\"caption-attachment-3567\" class=\"wp-caption-text\">&#8222;erstes Kapitel&#8220; des Trios Levantino<\/figcaption><\/figure>\n<p>Die Aufmachung des Covers und Booklets von \u201eChapter One\u201c zeichnet in ein visuelles Bild von dem, was man zu h\u00f6ren bekommt: Es ist kein traditionell gehaltenes Booklet mit einer Auflistung von Songtexten, sondern enth\u00e4lt eine Reihe privat anmutender Fotos, die das Trio nicht auf der B\u00fchne, sondern in pers\u00f6nlichen Situationen zeigen. Zum Beispiel findet sich ein Bild der drei vor einem verlassenen Sch\u00e4ferhaus auf einer Mittelmeerinsel, in dem sie einige Zeit gelebt und gearbeitet haben, daneben ein Foto, dass in den fr\u00fchen Morgenstunden nach einem Konzert im Piemont aufgenommen wurde und ein Schnappschuss von Neujahr 2013.<\/p>\n<p>Auch wenn die Karriere erst k\u00fcrzlich begonnen hat, sind bereits einige Erfolge zu verzeichnen: 2012 erhielt das Trio den Kulturpreis seiner Heimatlandkreises Rosenheim, im Herbst 2013 folgte der\u00a0 Landeswettbewerb CREOLE und im M\u00e4rz diesen Jahres werden sie in der Endrunde des Nachwuchspreises der Jazzwoche Burghausen antreten.<\/p>\n<p><strong>CD-Tipp:<\/strong><br \/>\nLevantino: Chapter One, GLM Music 2014<\/p>\n<p>&nbsp;<\/p>\n","protected":false},"excerpt":{"rendered":"<p>Von Friederike Jurth &#8211; Im M\u00e4rz diesen Jahres erscheint es: Das im Sommer 2013 produzierte Deb\u00fctalbum \u201eChapter One\u201c unseres Newcomers Levantino \u2013 ihr \u201eerstes offizielles Kapitel\u201c, an das das Trio die Hoffnung kn\u00fcpft, \u201eanzudeuten wer wir sind, was wir m\u00f6gen\u201c und \u201ewohin es gehen kann.\u201c Gut f\u00fcnf Jahre ist es her, dass die Br\u00fcder Max Bloching (Kontrabass), Michl Bloching \u2013 (Bassklarinette, Klarinette, \u00a0Tenorsaxophon, Akkordeon und Gesang) sowie Tom W\u00f6rndl (Gitarre) \u201eLevantino\u201c gr\u00fcndeten. Das war noch w\u00e4hrend der gemeinsamen Schulzeit auf dem Gymnasium in Bad Aibling. Zu Anfang, genauer von 2006 bis 2010, war das jetztige Trio noch ein Quartett und hatte einen weiteren Akkordeonisten. Man spielte Klezmer und Musik italienischen Stils aus den 50er-Jahren auf Hochzeiten und in Hotelbars und legte den Grundstein daf\u00fcr, die Musik zur Profession zu machen. Heute sind die drei Youngster ihren musikalischen Kinderschuhen entwachsen und experimentieren mit einem Mix aus verschiedenen Genres wie Gypsy, Indie-Rock, Filmmusik, Klezmer und Jazz, den sie spielerisch mit Elementen aus Tango oder Reggae versehen. \u201eSo richtig hat das erst mit der Vorbereitung f\u00fcr \u201aChapter One\u2018 angefangen. Also Ende 2012&#8230;\u201c, erz\u00e4hlt Michl Bloching. \u201eUnser Stil hat &hellip;<\/p>\n","protected":false},"author":18,"featured_media":0,"comment_status":"open","ping_status":"closed","sticky":false,"template":"","format":"standard","meta":{"_jetpack_memberships_contains_paid_content":false,"footnotes":"","jetpack_publicize_message":"","jetpack_publicize_feature_enabled":true,"jetpack_social_post_already_shared":false,"jetpack_social_options":{"image_generator_settings":{"template":"highway","default_image_id":0,"font":"","enabled":false},"version":2}},"categories":[632],"tags":[33,722,109,932,938,937,842,933,947,322,931,935,934,936],"coauthors":[695],"class_list":["post-3571","post","type-post","status-publish","format-standard","hentry","category-newcomer","tag-akkordeon","tag-burghausen","tag-cd","tag-chapter-one","tag-crossover","tag-erstes-kapitel","tag-glm","tag-glm-music","tag-jazzwoche-burghausen","tag-konzert-2","tag-levantino","tag-max-bloching","tag-michl-bloching","tag-tom-woerndl"],"yoast_head":"<!-- This site is optimized with the Yoast SEO plugin v27.5 - https:\/\/yoast.com\/product\/yoast-seo-wordpress\/ -->\n<title>Levantino: \u201eChapter One\u201c \u2013 ein \u201emusikalisches Kaleidoskop\u201c als erstes Kapitel....  - JazzZeitung<\/title>\n<meta name=\"robots\" content=\"index, follow, max-snippet:-1, max-image-preview:large, max-video-preview:-1\" \/>\n<link rel=\"canonical\" href=\"https:\/\/www.jazzzeitung.de\/cms\/2014\/03\/levantino-chapter-one-ein-musikalisches-kaleidoskop-als-erstes-kapitel-2\/\" \/>\n<meta property=\"og:locale\" content=\"de_DE\" \/>\n<meta property=\"og:type\" content=\"article\" \/>\n<meta property=\"og:title\" content=\"Levantino: \u201eChapter One\u201c \u2013 ein \u201emusikalisches Kaleidoskop\u201c als erstes Kapitel....  - JazzZeitung\" \/>\n<meta property=\"og:description\" content=\"Von Friederike Jurth &#8211; Im M\u00e4rz diesen Jahres erscheint es: Das im Sommer 2013 produzierte Deb\u00fctalbum \u201eChapter One\u201c unseres Newcomers Levantino \u2013 ihr \u201eerstes offizielles Kapitel\u201c, an das das Trio die Hoffnung kn\u00fcpft, \u201eanzudeuten wer wir sind, was wir m\u00f6gen\u201c und \u201ewohin es gehen kann.\u201c Gut f\u00fcnf Jahre ist es her, dass die Br\u00fcder Max Bloching (Kontrabass), Michl Bloching \u2013 (Bassklarinette, Klarinette, \u00a0Tenorsaxophon, Akkordeon und Gesang) sowie Tom W\u00f6rndl (Gitarre) \u201eLevantino\u201c gr\u00fcndeten. Das war noch w\u00e4hrend der gemeinsamen Schulzeit auf dem Gymnasium in Bad Aibling. Zu Anfang, genauer von 2006 bis 2010, war das jetztige Trio noch ein Quartett und hatte einen weiteren Akkordeonisten. Man spielte Klezmer und Musik italienischen Stils aus den 50er-Jahren auf Hochzeiten und in Hotelbars und legte den Grundstein daf\u00fcr, die Musik zur Profession zu machen. Heute sind die drei Youngster ihren musikalischen Kinderschuhen entwachsen und experimentieren mit einem Mix aus verschiedenen Genres wie Gypsy, Indie-Rock, Filmmusik, Klezmer und Jazz, den sie spielerisch mit Elementen aus Tango oder Reggae versehen. \u201eSo richtig hat das erst mit der Vorbereitung f\u00fcr \u201aChapter One\u2018 angefangen. Also Ende 2012&#8230;\u201c, erz\u00e4hlt Michl Bloching. \u201eUnser Stil hat &hellip;\" \/>\n<meta property=\"og:url\" content=\"https:\/\/www.jazzzeitung.de\/cms\/2014\/03\/levantino-chapter-one-ein-musikalisches-kaleidoskop-als-erstes-kapitel-2\/\" \/>\n<meta property=\"og:site_name\" content=\"JazzZeitung\" \/>\n<meta property=\"article:publisher\" content=\"https:\/\/www.facebook.com\/JazzZeitung\/\" \/>\n<meta property=\"article:published_time\" content=\"2014-03-04T09:42:58+00:00\" \/>\n<meta property=\"article:modified_time\" content=\"2014-04-07T09:27:15+00:00\" \/>\n<meta property=\"og:image\" content=\"http:\/\/www.jazzzeitung.de\/cms\/wp-content\/uploads\/2014\/03\/chapter-one-900x600.jpg\" \/>\n<meta name=\"author\" content=\"Redaktion JazzZeitung\" \/>\n<script type=\"application\/ld+json\" class=\"yoast-schema-graph\">{\"@context\":\"https:\\\/\\\/schema.org\",\"@graph\":[{\"@type\":\"Article\",\"@id\":\"https:\\\/\\\/www.jazzzeitung.de\\\/cms\\\/2014\\\/03\\\/levantino-chapter-one-ein-musikalisches-kaleidoskop-als-erstes-kapitel-2\\\/#article\",\"isPartOf\":{\"@id\":\"https:\\\/\\\/www.jazzzeitung.de\\\/cms\\\/2014\\\/03\\\/levantino-chapter-one-ein-musikalisches-kaleidoskop-als-erstes-kapitel-2\\\/\"},\"author\":{\"name\":\"Redaktion JazzZeitung\",\"@id\":\"https:\\\/\\\/www.jazzzeitung.de\\\/cms\\\/#\\\/schema\\\/person\\\/2245b36b9cd1d24cea10f01c031fb92b\"},\"headline\":\"Levantino: \u201eChapter One\u201c \u2013 ein \u201emusikalisches Kaleidoskop\u201c als erstes Kapitel&#8230;.\",\"datePublished\":\"2014-03-04T09:42:58+00:00\",\"dateModified\":\"2014-04-07T09:27:15+00:00\",\"mainEntityOfPage\":{\"@id\":\"https:\\\/\\\/www.jazzzeitung.de\\\/cms\\\/2014\\\/03\\\/levantino-chapter-one-ein-musikalisches-kaleidoskop-als-erstes-kapitel-2\\\/\"},\"wordCount\":658,\"commentCount\":0,\"publisher\":{\"@id\":\"https:\\\/\\\/www.jazzzeitung.de\\\/cms\\\/#organization\"},\"image\":{\"@id\":\"https:\\\/\\\/www.jazzzeitung.de\\\/cms\\\/2014\\\/03\\\/levantino-chapter-one-ein-musikalisches-kaleidoskop-als-erstes-kapitel-2\\\/#primaryimage\"},\"thumbnailUrl\":\"http:\\\/\\\/www.jazzzeitung.de\\\/cms\\\/wp-content\\\/uploads\\\/2014\\\/03\\\/chapter-one-900x600.jpg\",\"keywords\":[\"Akkordeon\",\"Burghausen\",\"CD\",\"Chapter One\",\"Crossover\",\"Erstes kapitel\",\"GLM\",\"GLM Music\",\"Jazzwoche Burghausen\",\"Konzert\",\"Levantino\",\"Max Bloching\",\"Michl Bloching\",\"Tom W\u00f6rndl\"],\"articleSection\":[\"Newcomer des Monats\"],\"inLanguage\":\"de\",\"potentialAction\":[{\"@type\":\"CommentAction\",\"name\":\"Comment\",\"target\":[\"https:\\\/\\\/www.jazzzeitung.de\\\/cms\\\/2014\\\/03\\\/levantino-chapter-one-ein-musikalisches-kaleidoskop-als-erstes-kapitel-2\\\/#respond\"]}]},{\"@type\":\"WebPage\",\"@id\":\"https:\\\/\\\/www.jazzzeitung.de\\\/cms\\\/2014\\\/03\\\/levantino-chapter-one-ein-musikalisches-kaleidoskop-als-erstes-kapitel-2\\\/\",\"url\":\"https:\\\/\\\/www.jazzzeitung.de\\\/cms\\\/2014\\\/03\\\/levantino-chapter-one-ein-musikalisches-kaleidoskop-als-erstes-kapitel-2\\\/\",\"name\":\"Levantino: \u201eChapter One\u201c \u2013 ein \u201emusikalisches Kaleidoskop\u201c als erstes Kapitel.... - JazzZeitung\",\"isPartOf\":{\"@id\":\"https:\\\/\\\/www.jazzzeitung.de\\\/cms\\\/#website\"},\"primaryImageOfPage\":{\"@id\":\"https:\\\/\\\/www.jazzzeitung.de\\\/cms\\\/2014\\\/03\\\/levantino-chapter-one-ein-musikalisches-kaleidoskop-als-erstes-kapitel-2\\\/#primaryimage\"},\"image\":{\"@id\":\"https:\\\/\\\/www.jazzzeitung.de\\\/cms\\\/2014\\\/03\\\/levantino-chapter-one-ein-musikalisches-kaleidoskop-als-erstes-kapitel-2\\\/#primaryimage\"},\"thumbnailUrl\":\"http:\\\/\\\/www.jazzzeitung.de\\\/cms\\\/wp-content\\\/uploads\\\/2014\\\/03\\\/chapter-one-900x600.jpg\",\"datePublished\":\"2014-03-04T09:42:58+00:00\",\"dateModified\":\"2014-04-07T09:27:15+00:00\",\"breadcrumb\":{\"@id\":\"https:\\\/\\\/www.jazzzeitung.de\\\/cms\\\/2014\\\/03\\\/levantino-chapter-one-ein-musikalisches-kaleidoskop-als-erstes-kapitel-2\\\/#breadcrumb\"},\"inLanguage\":\"de\",\"potentialAction\":[{\"@type\":\"ReadAction\",\"target\":[\"https:\\\/\\\/www.jazzzeitung.de\\\/cms\\\/2014\\\/03\\\/levantino-chapter-one-ein-musikalisches-kaleidoskop-als-erstes-kapitel-2\\\/\"]}]},{\"@type\":\"ImageObject\",\"inLanguage\":\"de\",\"@id\":\"https:\\\/\\\/www.jazzzeitung.de\\\/cms\\\/2014\\\/03\\\/levantino-chapter-one-ein-musikalisches-kaleidoskop-als-erstes-kapitel-2\\\/#primaryimage\",\"url\":\"http:\\\/\\\/www.jazzzeitung.de\\\/cms\\\/wp-content\\\/uploads\\\/2014\\\/03\\\/chapter-one-900x600.jpg\",\"contentUrl\":\"http:\\\/\\\/www.jazzzeitung.de\\\/cms\\\/wp-content\\\/uploads\\\/2014\\\/03\\\/chapter-one-900x600.jpg\"},{\"@type\":\"BreadcrumbList\",\"@id\":\"https:\\\/\\\/www.jazzzeitung.de\\\/cms\\\/2014\\\/03\\\/levantino-chapter-one-ein-musikalisches-kaleidoskop-als-erstes-kapitel-2\\\/#breadcrumb\",\"itemListElement\":[{\"@type\":\"ListItem\",\"position\":1,\"name\":\"Startseite\",\"item\":\"https:\\\/\\\/www.jazzzeitung.de\\\/cms\\\/\"},{\"@type\":\"ListItem\",\"position\":2,\"name\":\"Levantino: \u201eChapter One\u201c \u2013 ein \u201emusikalisches Kaleidoskop\u201c als erstes Kapitel&#8230;.\"}]},{\"@type\":\"WebSite\",\"@id\":\"https:\\\/\\\/www.jazzzeitung.de\\\/cms\\\/#website\",\"url\":\"https:\\\/\\\/www.jazzzeitung.de\\\/cms\\\/\",\"name\":\"JazzZeitung\",\"description\":\"Jazz-News und Jazz-Kontroverses\",\"publisher\":{\"@id\":\"https:\\\/\\\/www.jazzzeitung.de\\\/cms\\\/#organization\"},\"potentialAction\":[{\"@type\":\"SearchAction\",\"target\":{\"@type\":\"EntryPoint\",\"urlTemplate\":\"https:\\\/\\\/www.jazzzeitung.de\\\/cms\\\/?s={search_term_string}\"},\"query-input\":{\"@type\":\"PropertyValueSpecification\",\"valueRequired\":true,\"valueName\":\"search_term_string\"}}],\"inLanguage\":\"de\"},{\"@type\":\"Organization\",\"@id\":\"https:\\\/\\\/www.jazzzeitung.de\\\/cms\\\/#organization\",\"name\":\"JazzZeitung online\",\"url\":\"https:\\\/\\\/www.jazzzeitung.de\\\/cms\\\/\",\"logo\":{\"@type\":\"ImageObject\",\"inLanguage\":\"de\",\"@id\":\"https:\\\/\\\/www.jazzzeitung.de\\\/cms\\\/#\\\/schema\\\/logo\\\/image\\\/\",\"url\":\"https:\\\/\\\/i0.wp.com\\\/www.jazzzeitung.de\\\/cms\\\/wp-content\\\/uploads\\\/2015\\\/08\\\/JAZZZEITUNGDE_Logo_Neu.png?fit=499%2C200&ssl=1\",\"contentUrl\":\"https:\\\/\\\/i0.wp.com\\\/www.jazzzeitung.de\\\/cms\\\/wp-content\\\/uploads\\\/2015\\\/08\\\/JAZZZEITUNGDE_Logo_Neu.png?fit=499%2C200&ssl=1\",\"width\":499,\"height\":200,\"caption\":\"JazzZeitung online\"},\"image\":{\"@id\":\"https:\\\/\\\/www.jazzzeitung.de\\\/cms\\\/#\\\/schema\\\/logo\\\/image\\\/\"},\"sameAs\":[\"https:\\\/\\\/www.facebook.com\\\/JazzZeitung\\\/\"]},{\"@type\":\"Person\",\"@id\":\"https:\\\/\\\/www.jazzzeitung.de\\\/cms\\\/#\\\/schema\\\/person\\\/2245b36b9cd1d24cea10f01c031fb92b\",\"name\":\"Redaktion JazzZeitung\",\"image\":{\"@type\":\"ImageObject\",\"inLanguage\":\"de\",\"@id\":\"https:\\\/\\\/i0.wp.com\\\/www.jazzzeitung.de\\\/cms\\\/wp-content\\\/uploads\\\/2015\\\/08\\\/JAZZZEITUNGDE_Logo_Neu.png?resize=96%2C96&ssl=159975dcacb611b5700bd619b5daf0a7a\",\"url\":\"https:\\\/\\\/i0.wp.com\\\/www.jazzzeitung.de\\\/cms\\\/wp-content\\\/uploads\\\/2015\\\/08\\\/JAZZZEITUNGDE_Logo_Neu.png?resize=96%2C96&ssl=1\",\"contentUrl\":\"https:\\\/\\\/i0.wp.com\\\/www.jazzzeitung.de\\\/cms\\\/wp-content\\\/uploads\\\/2015\\\/08\\\/JAZZZEITUNGDE_Logo_Neu.png?resize=96%2C96&ssl=1\",\"caption\":\"Redaktion JazzZeitung\"},\"description\":\"Artikel der Redaktion der JazzZeitung.\",\"sameAs\":[\"http:\\\/\\\/www.jazzzeitung.de\\\/cms\\\/\"],\"url\":\"https:\\\/\\\/www.jazzzeitung.de\\\/cms\\\/author\\\/redaktion\\\/\"}]}<\/script>\n<!-- \/ Yoast SEO plugin. -->","yoast_head_json":{"title":"Levantino: \u201eChapter One\u201c \u2013 ein \u201emusikalisches Kaleidoskop\u201c als erstes Kapitel....  - JazzZeitung","robots":{"index":"index","follow":"follow","max-snippet":"max-snippet:-1","max-image-preview":"max-image-preview:large","max-video-preview":"max-video-preview:-1"},"canonical":"https:\/\/www.jazzzeitung.de\/cms\/2014\/03\/levantino-chapter-one-ein-musikalisches-kaleidoskop-als-erstes-kapitel-2\/","og_locale":"de_DE","og_type":"article","og_title":"Levantino: \u201eChapter One\u201c \u2013 ein \u201emusikalisches Kaleidoskop\u201c als erstes Kapitel....  - JazzZeitung","og_description":"Von Friederike Jurth &#8211; Im M\u00e4rz diesen Jahres erscheint es: Das im Sommer 2013 produzierte Deb\u00fctalbum \u201eChapter One\u201c unseres Newcomers Levantino \u2013 ihr \u201eerstes offizielles Kapitel\u201c, an das das Trio die Hoffnung kn\u00fcpft, \u201eanzudeuten wer wir sind, was wir m\u00f6gen\u201c und \u201ewohin es gehen kann.\u201c Gut f\u00fcnf Jahre ist es her, dass die Br\u00fcder Max Bloching (Kontrabass), Michl Bloching \u2013 (Bassklarinette, Klarinette, \u00a0Tenorsaxophon, Akkordeon und Gesang) sowie Tom W\u00f6rndl (Gitarre) \u201eLevantino\u201c gr\u00fcndeten. Das war noch w\u00e4hrend der gemeinsamen Schulzeit auf dem Gymnasium in Bad Aibling. Zu Anfang, genauer von 2006 bis 2010, war das jetztige Trio noch ein Quartett und hatte einen weiteren Akkordeonisten. Man spielte Klezmer und Musik italienischen Stils aus den 50er-Jahren auf Hochzeiten und in Hotelbars und legte den Grundstein daf\u00fcr, die Musik zur Profession zu machen. Heute sind die drei Youngster ihren musikalischen Kinderschuhen entwachsen und experimentieren mit einem Mix aus verschiedenen Genres wie Gypsy, Indie-Rock, Filmmusik, Klezmer und Jazz, den sie spielerisch mit Elementen aus Tango oder Reggae versehen. \u201eSo richtig hat das erst mit der Vorbereitung f\u00fcr \u201aChapter One\u2018 angefangen. Also Ende 2012&#8230;\u201c, erz\u00e4hlt Michl Bloching. \u201eUnser Stil hat &hellip;","og_url":"https:\/\/www.jazzzeitung.de\/cms\/2014\/03\/levantino-chapter-one-ein-musikalisches-kaleidoskop-als-erstes-kapitel-2\/","og_site_name":"JazzZeitung","article_publisher":"https:\/\/www.facebook.com\/JazzZeitung\/","article_published_time":"2014-03-04T09:42:58+00:00","article_modified_time":"2014-04-07T09:27:15+00:00","og_image":[{"url":"http:\/\/www.jazzzeitung.de\/cms\/wp-content\/uploads\/2014\/03\/chapter-one-900x600.jpg","type":"","width":"","height":""}],"author":"Redaktion JazzZeitung","schema":{"@context":"https:\/\/schema.org","@graph":[{"@type":"Article","@id":"https:\/\/www.jazzzeitung.de\/cms\/2014\/03\/levantino-chapter-one-ein-musikalisches-kaleidoskop-als-erstes-kapitel-2\/#article","isPartOf":{"@id":"https:\/\/www.jazzzeitung.de\/cms\/2014\/03\/levantino-chapter-one-ein-musikalisches-kaleidoskop-als-erstes-kapitel-2\/"},"author":{"name":"Redaktion JazzZeitung","@id":"https:\/\/www.jazzzeitung.de\/cms\/#\/schema\/person\/2245b36b9cd1d24cea10f01c031fb92b"},"headline":"Levantino: \u201eChapter One\u201c \u2013 ein \u201emusikalisches Kaleidoskop\u201c als erstes Kapitel&#8230;.","datePublished":"2014-03-04T09:42:58+00:00","dateModified":"2014-04-07T09:27:15+00:00","mainEntityOfPage":{"@id":"https:\/\/www.jazzzeitung.de\/cms\/2014\/03\/levantino-chapter-one-ein-musikalisches-kaleidoskop-als-erstes-kapitel-2\/"},"wordCount":658,"commentCount":0,"publisher":{"@id":"https:\/\/www.jazzzeitung.de\/cms\/#organization"},"image":{"@id":"https:\/\/www.jazzzeitung.de\/cms\/2014\/03\/levantino-chapter-one-ein-musikalisches-kaleidoskop-als-erstes-kapitel-2\/#primaryimage"},"thumbnailUrl":"http:\/\/www.jazzzeitung.de\/cms\/wp-content\/uploads\/2014\/03\/chapter-one-900x600.jpg","keywords":["Akkordeon","Burghausen","CD","Chapter One","Crossover","Erstes kapitel","GLM","GLM Music","Jazzwoche Burghausen","Konzert","Levantino","Max Bloching","Michl Bloching","Tom W\u00f6rndl"],"articleSection":["Newcomer des Monats"],"inLanguage":"de","potentialAction":[{"@type":"CommentAction","name":"Comment","target":["https:\/\/www.jazzzeitung.de\/cms\/2014\/03\/levantino-chapter-one-ein-musikalisches-kaleidoskop-als-erstes-kapitel-2\/#respond"]}]},{"@type":"WebPage","@id":"https:\/\/www.jazzzeitung.de\/cms\/2014\/03\/levantino-chapter-one-ein-musikalisches-kaleidoskop-als-erstes-kapitel-2\/","url":"https:\/\/www.jazzzeitung.de\/cms\/2014\/03\/levantino-chapter-one-ein-musikalisches-kaleidoskop-als-erstes-kapitel-2\/","name":"Levantino: \u201eChapter One\u201c \u2013 ein \u201emusikalisches Kaleidoskop\u201c als erstes Kapitel.... - JazzZeitung","isPartOf":{"@id":"https:\/\/www.jazzzeitung.de\/cms\/#website"},"primaryImageOfPage":{"@id":"https:\/\/www.jazzzeitung.de\/cms\/2014\/03\/levantino-chapter-one-ein-musikalisches-kaleidoskop-als-erstes-kapitel-2\/#primaryimage"},"image":{"@id":"https:\/\/www.jazzzeitung.de\/cms\/2014\/03\/levantino-chapter-one-ein-musikalisches-kaleidoskop-als-erstes-kapitel-2\/#primaryimage"},"thumbnailUrl":"http:\/\/www.jazzzeitung.de\/cms\/wp-content\/uploads\/2014\/03\/chapter-one-900x600.jpg","datePublished":"2014-03-04T09:42:58+00:00","dateModified":"2014-04-07T09:27:15+00:00","breadcrumb":{"@id":"https:\/\/www.jazzzeitung.de\/cms\/2014\/03\/levantino-chapter-one-ein-musikalisches-kaleidoskop-als-erstes-kapitel-2\/#breadcrumb"},"inLanguage":"de","potentialAction":[{"@type":"ReadAction","target":["https:\/\/www.jazzzeitung.de\/cms\/2014\/03\/levantino-chapter-one-ein-musikalisches-kaleidoskop-als-erstes-kapitel-2\/"]}]},{"@type":"ImageObject","inLanguage":"de","@id":"https:\/\/www.jazzzeitung.de\/cms\/2014\/03\/levantino-chapter-one-ein-musikalisches-kaleidoskop-als-erstes-kapitel-2\/#primaryimage","url":"http:\/\/www.jazzzeitung.de\/cms\/wp-content\/uploads\/2014\/03\/chapter-one-900x600.jpg","contentUrl":"http:\/\/www.jazzzeitung.de\/cms\/wp-content\/uploads\/2014\/03\/chapter-one-900x600.jpg"},{"@type":"BreadcrumbList","@id":"https:\/\/www.jazzzeitung.de\/cms\/2014\/03\/levantino-chapter-one-ein-musikalisches-kaleidoskop-als-erstes-kapitel-2\/#breadcrumb","itemListElement":[{"@type":"ListItem","position":1,"name":"Startseite","item":"https:\/\/www.jazzzeitung.de\/cms\/"},{"@type":"ListItem","position":2,"name":"Levantino: \u201eChapter One\u201c \u2013 ein \u201emusikalisches Kaleidoskop\u201c als erstes Kapitel&#8230;."}]},{"@type":"WebSite","@id":"https:\/\/www.jazzzeitung.de\/cms\/#website","url":"https:\/\/www.jazzzeitung.de\/cms\/","name":"JazzZeitung","description":"Jazz-News und Jazz-Kontroverses","publisher":{"@id":"https:\/\/www.jazzzeitung.de\/cms\/#organization"},"potentialAction":[{"@type":"SearchAction","target":{"@type":"EntryPoint","urlTemplate":"https:\/\/www.jazzzeitung.de\/cms\/?s={search_term_string}"},"query-input":{"@type":"PropertyValueSpecification","valueRequired":true,"valueName":"search_term_string"}}],"inLanguage":"de"},{"@type":"Organization","@id":"https:\/\/www.jazzzeitung.de\/cms\/#organization","name":"JazzZeitung online","url":"https:\/\/www.jazzzeitung.de\/cms\/","logo":{"@type":"ImageObject","inLanguage":"de","@id":"https:\/\/www.jazzzeitung.de\/cms\/#\/schema\/logo\/image\/","url":"https:\/\/i0.wp.com\/www.jazzzeitung.de\/cms\/wp-content\/uploads\/2015\/08\/JAZZZEITUNGDE_Logo_Neu.png?fit=499%2C200&ssl=1","contentUrl":"https:\/\/i0.wp.com\/www.jazzzeitung.de\/cms\/wp-content\/uploads\/2015\/08\/JAZZZEITUNGDE_Logo_Neu.png?fit=499%2C200&ssl=1","width":499,"height":200,"caption":"JazzZeitung online"},"image":{"@id":"https:\/\/www.jazzzeitung.de\/cms\/#\/schema\/logo\/image\/"},"sameAs":["https:\/\/www.facebook.com\/JazzZeitung\/"]},{"@type":"Person","@id":"https:\/\/www.jazzzeitung.de\/cms\/#\/schema\/person\/2245b36b9cd1d24cea10f01c031fb92b","name":"Redaktion JazzZeitung","image":{"@type":"ImageObject","inLanguage":"de","@id":"https:\/\/i0.wp.com\/www.jazzzeitung.de\/cms\/wp-content\/uploads\/2015\/08\/JAZZZEITUNGDE_Logo_Neu.png?resize=96%2C96&ssl=159975dcacb611b5700bd619b5daf0a7a","url":"https:\/\/i0.wp.com\/www.jazzzeitung.de\/cms\/wp-content\/uploads\/2015\/08\/JAZZZEITUNGDE_Logo_Neu.png?resize=96%2C96&ssl=1","contentUrl":"https:\/\/i0.wp.com\/www.jazzzeitung.de\/cms\/wp-content\/uploads\/2015\/08\/JAZZZEITUNGDE_Logo_Neu.png?resize=96%2C96&ssl=1","caption":"Redaktion JazzZeitung"},"description":"Artikel der Redaktion der JazzZeitung.","sameAs":["http:\/\/www.jazzzeitung.de\/cms\/"],"url":"https:\/\/www.jazzzeitung.de\/cms\/author\/redaktion\/"}]}},"wp-worthy-pixel":{"ignored":false,"public":null,"server":null,"url":null},"wp-worthy-type":"normal","jetpack_publicize_connections":[],"cc_featured_image_caption":{"caption_text":false,"source_text":false,"source_url":false},"jetpack_featured_media_url":"","jetpack_shortlink":"https:\/\/wp.me\/p3KEcT-VB","jetpack-related-posts":[{"id":3646,"url":"https:\/\/www.jazzzeitung.de\/cms\/2014\/03\/gewinner-des-6-europaeischen-burghauser-nachwuchs-jazzpreises-ist-das-englische-elliot-galvin-trio\/","url_meta":{"origin":3571,"position":0},"title":"Gewinner des 6. Europ\u00e4ischen Burghauser Nachwuchs-Jazzpreises ist das englische Elliot Galvin Trio","author":"Redaktion JazzZeitung","date":"26. M\u00e4rz 2014","format":false,"excerpt":"\u00dcber vier Stunden hat es gedauert und der Gewinner des 6. Europ\u00e4ischen Burghauser Nachwuchs-Jazzpreis stand fest: Das englische Elliot Galvin Trio. Alle f\u00fcnf Teilnehmer des Finales haben f\u00fcr gro\u00dfe Begeisterung beim Publikum gesorgt. Zum Auftakt des diesj\u00e4hrigen Wettbewerbs zeigte das M\u00fcnchner Trio Levantino, dass musikalisches K\u00f6nnen nicht allein vom Alter\u2026","rel":"","context":"In &quot;News&quot;","block_context":{"text":"News","link":"https:\/\/www.jazzzeitung.de\/cms\/thema\/nachrichten\/"},"img":{"alt_text":"Elliot Galvin Trio","src":"https:\/\/i0.wp.com\/www.jazzzeitung.de\/cms\/wp-content\/uploads\/2014\/03\/Elliot-Galvin-Trio-150x150.jpg?resize=350%2C200","width":350,"height":200},"classes":[]},{"id":3350,"url":"https:\/\/www.jazzzeitung.de\/cms\/2014\/01\/45-jazzwoche-burghausen-2014-das-programm\/","url_meta":{"origin":3571,"position":1},"title":"45. Jazzwoche Burghausen 2014 mit Jamie Cullum","author":"Redaktion JazzZeitung","date":"9. Januar 2014","format":false,"excerpt":"Die Internationale Jazzwoche Burghausen feiert in diesem Jahr ihr 45. Jubil\u00e4um mit einem hochkar\u00e4tigen Programm, Grund genug, die ausf\u00fchrliche Pressemitteilung an dieser Stelle zu ver\u00f6ffentlichen. Schlie\u00dflich pilgern Jazzfans aus ganz Deutschland und Europa Jahr f\u00fcr Jahr nach Burghausen - Zum nunmehr 45. Mal l\u00e4dt die Interessengemeinschaft Jazz Burghausen zur Internationalen\u2026","rel":"","context":"In &quot;News&quot;","block_context":{"text":"News","link":"https:\/\/www.jazzzeitung.de\/cms\/thema\/nachrichten\/"},"img":{"alt_text":"Jamie Cullum Exclusivity10x15","src":"https:\/\/i0.wp.com\/www.jazzzeitung.de\/cms\/wp-content\/uploads\/2014\/01\/Jamie-Cullum-Exclusivity10x15-150x150.jpg?resize=350%2C200","width":350,"height":200},"classes":[]},{"id":23008,"url":"https:\/\/www.jazzzeitung.de\/cms\/2020\/07\/rote-rosen-regnen-im-coolen-gypsy-sound\/","url_meta":{"origin":3571,"position":2},"title":"\u201eRote Rosen\u201c regnen im coolen Gypsy-Sound","author":"Michael Scheiner","date":"23. Juli 2020","format":false,"excerpt":"Von Michael Scheiner.\u00a0Traubeli Weiss, der vor einigen Jahren verstorbene, popul\u00e4re Gipsyswing-Gitarrist, war der Onkel von David und Danino Weiss. Von ihm und anderen der weit verzweigten Familie haben die beiden Straubinger Musiker, Cousins, die sich seit ihrer Kindheit als Br\u00fcder verstehen, viel gelernt. Meist durch\u00a0 Abschauen. Er hat sie auch\u2026","rel":"","context":"In &quot;Rezension&quot;","block_context":{"text":"Rezension","link":"https:\/\/www.jazzzeitung.de\/cms\/thema\/rezension\/"},"img":{"alt_text":"","src":"https:\/\/i0.wp.com\/www.jazzzeitung.de\/cms\/wp-content\/uploads\/2020\/07\/daviddanino-weiss_03c_GLM.jpg?fit=1200%2C797&ssl=1&resize=350%2C200","width":350,"height":200,"srcset":"https:\/\/i0.wp.com\/www.jazzzeitung.de\/cms\/wp-content\/uploads\/2020\/07\/daviddanino-weiss_03c_GLM.jpg?fit=1200%2C797&ssl=1&resize=350%2C200 1x, https:\/\/i0.wp.com\/www.jazzzeitung.de\/cms\/wp-content\/uploads\/2020\/07\/daviddanino-weiss_03c_GLM.jpg?fit=1200%2C797&ssl=1&resize=525%2C300 1.5x, https:\/\/i0.wp.com\/www.jazzzeitung.de\/cms\/wp-content\/uploads\/2020\/07\/daviddanino-weiss_03c_GLM.jpg?fit=1200%2C797&ssl=1&resize=700%2C400 2x, https:\/\/i0.wp.com\/www.jazzzeitung.de\/cms\/wp-content\/uploads\/2020\/07\/daviddanino-weiss_03c_GLM.jpg?fit=1200%2C797&ssl=1&resize=1050%2C600 3x"},"classes":[]},{"id":15287,"url":"https:\/\/www.jazzzeitung.de\/cms\/2018\/03\/bildergalerie-internationale-jazzwoche-burghausen-2018\/","url_meta":{"origin":3571,"position":3},"title":"Bildergalerie: Internationale Jazzwoche Burghausen 2018","author":"Redaktion JazzZeitung","date":"12. M\u00e4rz 2018","format":false,"excerpt":"Gestern ging die 49. Internationale Jazzwoche Burghausen zu Ende. Ralf Dombrowski hat sie uns fotografisch dokumentiert. Die Interessengemeinschaft Jazz Burghausen e.V. ist durchweg zufrieden mit dem Ergebnis der 49. Internationalen Jazzwoche Burghausen e.V.: \u201eWir hatten (mit Stand Sonntagmittag) 7.500 Besucher. Damit kommen wir an das Rekordjahr 2017 nicht ran, aber\u2026","rel":"","context":"In &quot;Galerie&quot;","block_context":{"text":"Galerie","link":"https:\/\/www.jazzzeitung.de\/cms\/thema\/galerie\/"},"img":{"alt_text":"","src":"https:\/\/i0.wp.com\/www.jazzzeitung.de\/cms\/wp-content\/uploads\/2018\/03\/0K3A9690-Leleka-Viktoria-Anton-dombr.jpg?fit=1200%2C800&ssl=1&resize=350%2C200","width":350,"height":200,"srcset":"https:\/\/i0.wp.com\/www.jazzzeitung.de\/cms\/wp-content\/uploads\/2018\/03\/0K3A9690-Leleka-Viktoria-Anton-dombr.jpg?fit=1200%2C800&ssl=1&resize=350%2C200 1x, https:\/\/i0.wp.com\/www.jazzzeitung.de\/cms\/wp-content\/uploads\/2018\/03\/0K3A9690-Leleka-Viktoria-Anton-dombr.jpg?fit=1200%2C800&ssl=1&resize=525%2C300 1.5x, https:\/\/i0.wp.com\/www.jazzzeitung.de\/cms\/wp-content\/uploads\/2018\/03\/0K3A9690-Leleka-Viktoria-Anton-dombr.jpg?fit=1200%2C800&ssl=1&resize=700%2C400 2x, https:\/\/i0.wp.com\/www.jazzzeitung.de\/cms\/wp-content\/uploads\/2018\/03\/0K3A9690-Leleka-Viktoria-Anton-dombr.jpg?fit=1200%2C800&ssl=1&resize=1050%2C600 3x"},"classes":[]},{"id":11552,"url":"https:\/\/www.jazzzeitung.de\/cms\/2017\/01\/finalisten-des-9-europaeischen-nachwuchsjazzpreis-burghausen-stehen-fest\/","url_meta":{"origin":3571,"position":4},"title":"Finalisten des 9. Europ\u00e4ischen Nachwuchsjazzpreis Burghausen stehen fest","author":"Redaktion JazzZeitung","date":"18. Januar 2017","format":false,"excerpt":"F\u00fcnf\u00a0 \u00a0Bands\u00a0 \u00a0hat \u00a0die\u00a0 \u00a0Jury\u00a0 \u00a0aus\u00a0 \u00a074\u00a0 \u00a0Bewerbungen\u00a0 \u00a0f\u00fcr\u00a0 \u00a0den\u00a0 \u00a09. \u00a0Europ\u00e4ischen\u00a0 \u00a0Nachwuchsjazzpreis ausgew\u00e4hlt.\u00a0 \u00a0Am \u00a0Dienstag,\u00a0 \u00a021. \u00a0M\u00e4rz\u00a0 \u00a02017 \u00a0werden \u00a0die\u00a0 \u00a0jungen \u00a0Talente\u00a0 \u00a0im \u00a0Rahmen\u00a0 \u00a0der\u00a0 \u00a048. \u00a0Internationalen Jazzwoche Burghausen \u00a0(21. \u00a0\u2013 \u00a026. \u00a0M\u00e4rz \u00a02017)\u00a0 im Stadtsaal \u00a0ihr \u00a0K\u00f6nnen \u00a0beweisen. \u00a0Jede Band hat 20 Minuten \u00a0Zeit, danach ber\u00e4t sich die\u2026","rel":"","context":"In &quot;Bericht&quot;","block_context":{"text":"Bericht","link":"https:\/\/www.jazzzeitung.de\/cms\/thema\/bericht\/"},"img":{"alt_text":"","src":"https:\/\/i0.wp.com\/www.jazzzeitung.de\/cms\/wp-content\/uploads\/2017\/01\/Filippo-Vignato-Trio-Finalisten-Nachwuchsjazzpreis-Burghausen_kl-150x150.jpg?resize=350%2C200","width":350,"height":200},"classes":[]},{"id":11284,"url":"https:\/\/www.jazzzeitung.de\/cms\/2016\/12\/weihnachtliches-mit-orientalischer-note\/","url_meta":{"origin":3571,"position":5},"title":"Weihnachtliches mit orientalischer Note von Quadro Nuevo","author":"Redaktion JazzZeitung","date":"12. Dezember 2016","format":false,"excerpt":"Alle Jahre wieder \u2013 breitet sich ein hochansteckendes Virus in der Musikszene aus und infiziert wahllos Musiker aller Couleur. Mehrfach angesteckt wurden bereits die Vier von Quadro Nuevo. \u201eMusic for Christmas nights\u201c ist nach \u201eWeihnacht\u201c und \u201eBethlehem\u201c, das vor drei Jahren erschienen ist, bereits ihr drittes Album mit Musik aus\u2026","rel":"","context":"In &quot;Rezension&quot;","block_context":{"text":"Rezension","link":"https:\/\/www.jazzzeitung.de\/cms\/thema\/rezension\/"},"img":{"alt_text":"quadro-fm-221-cover","src":"https:\/\/i0.wp.com\/www.jazzzeitung.de\/cms\/wp-content\/uploads\/2016\/12\/Quadro-FM-221-Cover-150x150.jpg?resize=350%2C200","width":350,"height":200},"classes":[]}],"jetpack_sharing_enabled":true,"_links":{"self":[{"href":"https:\/\/www.jazzzeitung.de\/cms\/wp-json\/wp\/v2\/posts\/3571","targetHints":{"allow":["GET"]}}],"collection":[{"href":"https:\/\/www.jazzzeitung.de\/cms\/wp-json\/wp\/v2\/posts"}],"about":[{"href":"https:\/\/www.jazzzeitung.de\/cms\/wp-json\/wp\/v2\/types\/post"}],"author":[{"embeddable":true,"href":"https:\/\/www.jazzzeitung.de\/cms\/wp-json\/wp\/v2\/users\/18"}],"replies":[{"embeddable":true,"href":"https:\/\/www.jazzzeitung.de\/cms\/wp-json\/wp\/v2\/comments?post=3571"}],"version-history":[{"count":10,"href":"https:\/\/www.jazzzeitung.de\/cms\/wp-json\/wp\/v2\/posts\/3571\/revisions"}],"predecessor-version":[{"id":3720,"href":"https:\/\/www.jazzzeitung.de\/cms\/wp-json\/wp\/v2\/posts\/3571\/revisions\/3720"}],"wp:attachment":[{"href":"https:\/\/www.jazzzeitung.de\/cms\/wp-json\/wp\/v2\/media?parent=3571"}],"wp:term":[{"taxonomy":"category","embeddable":true,"href":"https:\/\/www.jazzzeitung.de\/cms\/wp-json\/wp\/v2\/categories?post=3571"},{"taxonomy":"post_tag","embeddable":true,"href":"https:\/\/www.jazzzeitung.de\/cms\/wp-json\/wp\/v2\/tags?post=3571"},{"taxonomy":"author","embeddable":true,"href":"https:\/\/www.jazzzeitung.de\/cms\/wp-json\/wp\/v2\/coauthors?post=3571"}],"curies":[{"name":"wp","href":"https:\/\/api.w.org\/{rel}","templated":true}]}}