{"id":3544,"date":"2014-02-28T16:24:52","date_gmt":"2014-02-28T15:24:52","guid":{"rendered":"http:\/\/www.jazzzeitung.de\/cms\/?p=3544"},"modified":"2014-02-28T16:24:52","modified_gmt":"2014-02-28T15:24:52","slug":"von-marathon-bis-everlasting-mein-persoenliches-jahr-2013-teil-3","status":"publish","type":"post","link":"https:\/\/www.jazzzeitung.de\/cms\/2014\/02\/von-marathon-bis-everlasting-mein-persoenliches-jahr-2013-teil-3\/","title":{"rendered":"Von Marathon bis \u201eEverlasting\u201c \u2013 Mein pers\u00f6nliches Jahr 2013, Teil 3"},"content":{"rendered":"<p><strong>September-Dezember 2013:<\/strong><\/p>\n<p>Schon war es wieder September und das Jahr verging wie im Flug. Nachdem ich am 5ten aus meinem Urlaub frisch erholt wieder in M\u00fcnchen angekommen war, ging es schon gleich weiter mit den ersten Jobs. Was die CD Produktion betraf, war ich immer noch motiviert und hatte das Ziel diese 2013 auf den Markt zu bringen. So trafen wir uns in der zweiten September-H\u00e4lfte mit Claus f\u00fcr sechs Tage um die Songs zu mischen. Zu diesem Zeitpunkt hatte ich auch endlich das Gef\u00fchl, dass es Richtung Zielgerade geht mit der Produktion, trotz der nervigen Unterbrechungen, die sich immer wieder einschlichen. Es machte mich verr\u00fcckt, die ganzen Leute zu koordinieren, Zeitr\u00e4ume zu finden an denen das Studio frei ist etc &#8230;<\/p>\n<p>Am ersten Mix-Tag versuchten wir die Grundeinstellungen festzulegen, damit wir am n\u00e4chsten Tag direkt anfangen konnten. Es war f\u00fcr uns Beteiligten im Studio wichtig drei Tage mischen zu k\u00f6nnen, und dann mit einer Woche Pause den Rest abzuarbeiten. So konnten wir das Material in Ruhe anh\u00f6ren, Dinge, die uns negativ auffielen in der letzten Mix-Runde aus der Welt schaffen. Mir ging es da vor allem um den Saxophon Sound. Jeder h\u00f6rt bei solchen Kleinigkeiten sein Instrument immer am besten. Nachdem die ersten paar Songs standen ging es pro Track immer schneller, und es waren nur noch Kleinigkeiten, wie dass der Bass bisschen zu laut war, oder die Percussion zu weit hinten. Am Mittwoch dem letzten Mischtag gab es f\u00fcr mich pers\u00f6nlich einen sch\u00f6nen Moment, wo Claus, mein Vater, und Matthias Winckelmann von ENJA records im Studio waren. Alle drei zusammen haben mich immer unterst\u00fctzt, aber sind vor allem immer sehr ehrlich zu mir gewesen falls etwas mal nicht so gut war.<\/p>\n<figure id=\"attachment_3545\" aria-describedby=\"caption-attachment-3545\" style=\"width: 300px\" class=\"wp-caption alignright\"><a href=\"https:\/\/i0.wp.com\/www.jazzzeitung.de\/cms\/wp-content\/uploads\/2014\/02\/SEB9437.jpg\"><img data-recalc-dims=\"1\" loading=\"lazy\" decoding=\"async\" data-attachment-id=\"3545\" data-permalink=\"https:\/\/www.jazzzeitung.de\/cms\/2014\/02\/von-marathon-bis-everlasting-mein-persoenliches-jahr-2013-teil-3\/_seb9437\/\" data-orig-file=\"https:\/\/i0.wp.com\/www.jazzzeitung.de\/cms\/wp-content\/uploads\/2014\/02\/SEB9437.jpg?fit=4928%2C3264&amp;ssl=1\" data-orig-size=\"4928,3264\" data-comments-opened=\"1\" data-image-meta=\"{&quot;aperture&quot;:&quot;4&quot;,&quot;credit&quot;:&quot;SEBASTIAN SCHREINER&quot;,&quot;camera&quot;:&quot;NIKON D7000&quot;,&quot;caption&quot;:&quot;&quot;,&quot;created_timestamp&quot;:&quot;1380129264&quot;,&quot;copyright&quot;:&quot;SEBASTIAN SCHREINER&quot;,&quot;focal_length&quot;:&quot;50&quot;,&quot;iso&quot;:&quot;1600&quot;,&quot;shutter_speed&quot;:&quot;0.016666666666667&quot;,&quot;title&quot;:&quot;&quot;}\" data-image-title=\"&amp;#8222;Everlasting&amp;#8220; @Downhill Studio Munich September 2013\" data-image-description=\"\" data-image-caption=\"&lt;p&gt;von links: Thomas Merseny, Max Merseny, Matthias Winckelmann, Claus Fischer, Tom Peschel&lt;\/p&gt;\n\" data-large-file=\"https:\/\/i0.wp.com\/www.jazzzeitung.de\/cms\/wp-content\/uploads\/2014\/02\/SEB9437.jpg?fit=840%2C556&amp;ssl=1\" class=\"size-medium wp-image-3545 \" alt=\"von links: Thomas Merseny, Max Merseny, Matthias Winckelmann, Claus Fischer, Tom Peschel\" src=\"https:\/\/i0.wp.com\/www.jazzzeitung.de\/cms\/wp-content\/uploads\/2014\/02\/SEB9437-300x198.jpg?resize=300%2C198\" width=\"300\" height=\"198\" srcset=\"https:\/\/i0.wp.com\/www.jazzzeitung.de\/cms\/wp-content\/uploads\/2014\/02\/SEB9437.jpg?resize=300%2C198&amp;ssl=1 300w, https:\/\/i0.wp.com\/www.jazzzeitung.de\/cms\/wp-content\/uploads\/2014\/02\/SEB9437.jpg?resize=900%2C596&amp;ssl=1 900w, https:\/\/i0.wp.com\/www.jazzzeitung.de\/cms\/wp-content\/uploads\/2014\/02\/SEB9437.jpg?w=1680&amp;ssl=1 1680w, https:\/\/i0.wp.com\/www.jazzzeitung.de\/cms\/wp-content\/uploads\/2014\/02\/SEB9437.jpg?w=2520&amp;ssl=1 2520w\" sizes=\"auto, (max-width: 300px) 100vw, 300px\" \/><\/a><figcaption id=\"caption-attachment-3545\" class=\"wp-caption-text\">von links: Thomas Merseny, Max Merseny, Matthias Winckelmann, Claus Fischer, Tom Peschel<\/figcaption><\/figure>\n<p>So machte es mich sehr gl\u00fccklich in begeisterte Gesichter zu schauen. Mit diesem Gef\u00fchl konnte ich sorgenfrei die Songs zum \u201emastern\u201c freigeben.<\/p>\n<p>Claus schlug mir Stefan Heger aus K\u00f6ln vor, der schon unglaubliche K\u00fcnstler in seiner Vita stehen hatte. Auch wenn ich bei allem dabei sein will, was mit meiner Musik passiert, war da mein Vertrauen gro\u00df, dass da nicht mehr viel schief gehen konnte. Denn auch wenn das ganze in K\u00f6ln stattfand, gefallen musste es mir, und ich hatte das letzte Wort. Was mir pers\u00f6nlich nur wichtig war, dass es sch\u00f6n dr\u00fcckt und die Lautst\u00e4rke ein wenig lauter ist als bei vielen europ\u00e4ischen Produktionen. Dadurch dass es wieder mit einer l\u00e4ngeren Pause verbunden war, zwischen mischen und mastern begrub ich langsam meine Hoffnungen, die Platte 2013 noch in den H\u00e4nden zu halten. Viel mehr hatte es mich noch gest\u00f6rt das ganze Jahr lang sechs sch\u00f6ne Auftritte auszumachen, in tollen Clubs deutschlandweit, und dann keine neue CD mit im Gep\u00e4ck zu haben.<\/p>\n<p>Denn neben der Verz\u00f6gerung mit der Musik, war die Arbeit mit dem Artwork anfangs ein wirkliches Desaster. Mein guter Freund Philipp, der seit Jahren meine Fotos macht, schlug vor eine Bekleidungsfirma aus dem n\u00e4heren Bekanntenkreis, als Unterst\u00fctzer f\u00fcr Artwork und paar Teile aus der neuen Kollektion mit ins Boot zu holen. Um nicht zu sehr ins Detail zu gehen, muss ich sagen, dass leider nicht alles so gelaufen ist, mit dem Support wie ich mir das vorgestellt hatte. Zum Gl\u00fcck hatte ich wie gesagt Philipp an meiner Seite, der das ganze Artwork gerettet hat, wof\u00fcr ich ihm sehr dankbar bin! Trotz viel verlorener Zeit war das Design der CD, dann Ende des Jahres fertig, und konnte mit der Musik ins Presswerk. Mir f\u00e4llt es auch sehr schwer mich in diesem Blog zur\u00fcckzuhalten, denn ich bin nie jemand gewesen, der die Wahrheit unter den Teppich kehrt, vor allem wenn manche Dinge ausgemacht, aber nicht gehalten werden. Zum Gl\u00fcck ist diese Geschichte aber es nicht wert breitgetreten zu werden, deshalb erspare ich euch den Rest.<\/p>\n<figure id=\"attachment_3546\" aria-describedby=\"caption-attachment-3546\" style=\"width: 300px\" class=\"wp-caption alignright\"><a href=\"https:\/\/i0.wp.com\/www.jazzzeitung.de\/cms\/wp-content\/uploads\/2014\/02\/Max_Merseny-9.jpg\"><img data-recalc-dims=\"1\" loading=\"lazy\" decoding=\"async\" data-attachment-id=\"3546\" data-permalink=\"https:\/\/www.jazzzeitung.de\/cms\/2014\/02\/von-marathon-bis-everlasting-mein-persoenliches-jahr-2013-teil-3\/max_merseny-9\/\" data-orig-file=\"https:\/\/i0.wp.com\/www.jazzzeitung.de\/cms\/wp-content\/uploads\/2014\/02\/Max_Merseny-9.jpg?fit=4368%2C2912&amp;ssl=1\" data-orig-size=\"4368,2912\" data-comments-opened=\"1\" data-image-meta=\"{&quot;aperture&quot;:&quot;2.8&quot;,&quot;credit&quot;:&quot;Thorsten Doerr&quot;,&quot;camera&quot;:&quot;Canon EOS 5D&quot;,&quot;caption&quot;:&quot;&quot;,&quot;created_timestamp&quot;:&quot;1386885452&quot;,&quot;copyright&quot;:&quot;&quot;,&quot;focal_length&quot;:&quot;63&quot;,&quot;iso&quot;:&quot;1600&quot;,&quot;shutter_speed&quot;:&quot;0.00625&quot;,&quot;title&quot;:&quot;&quot;}\" data-image-title=\"Max_Merseny-9\" data-image-description=\"\" data-image-caption=\"&lt;p&gt;hier im BIX hinten Claus Fischer (es werden fantastische Videos folgen von dem Abend!!) Copyright: Alexander Trofimow&lt;\/p&gt;\n\" data-large-file=\"https:\/\/i0.wp.com\/www.jazzzeitung.de\/cms\/wp-content\/uploads\/2014\/02\/Max_Merseny-9.jpg?fit=840%2C560&amp;ssl=1\" class=\"size-medium wp-image-3546\" alt=\"hier im BIX hinten Claus Fischer (es werden fantastische Videos folgen von dem Abend!!) Copyright: Alexander Trofimow\" src=\"https:\/\/i0.wp.com\/www.jazzzeitung.de\/cms\/wp-content\/uploads\/2014\/02\/Max_Merseny-9-300x200.jpg?resize=300%2C200\" width=\"300\" height=\"200\" srcset=\"https:\/\/i0.wp.com\/www.jazzzeitung.de\/cms\/wp-content\/uploads\/2014\/02\/Max_Merseny-9.jpg?resize=300%2C200&amp;ssl=1 300w, https:\/\/i0.wp.com\/www.jazzzeitung.de\/cms\/wp-content\/uploads\/2014\/02\/Max_Merseny-9.jpg?resize=900%2C600&amp;ssl=1 900w, https:\/\/i0.wp.com\/www.jazzzeitung.de\/cms\/wp-content\/uploads\/2014\/02\/Max_Merseny-9.jpg?w=1680&amp;ssl=1 1680w, https:\/\/i0.wp.com\/www.jazzzeitung.de\/cms\/wp-content\/uploads\/2014\/02\/Max_Merseny-9.jpg?w=2520&amp;ssl=1 2520w\" sizes=\"auto, (max-width: 300px) 100vw, 300px\" \/><\/a><figcaption id=\"caption-attachment-3546\" class=\"wp-caption-text\">hier im BIX hinten Claus Fischer (es werden fantastische Videos folgen von dem Abend!!) Copyright: Alexander Trofimow SELMER<\/figcaption><\/figure>\n<p>Nachdem im Oktober kein Artwork und die Musik auch nicht fertig war, trat bei mir langsam eine \u201escheiss egal Einstellung\u201c ein, was \u00fcberhaupt nicht gut war. Das Endprodukt schien so nah, aber doch soweit weg. So musste ich der Plattenfirma erkl\u00e4ren, warum die CD noch nicht fertig ist, genauso dem Publikum bei allen Konzerten. Irgendwie musste ich mich aber wieder fangen, denn das Release-Konzert im Ampere\/M\u00fcnchen stand auch schon vor der T\u00fcr. Trotz dessen dass die CD noch nicht erh\u00e4ltlich war, wollte ich unbedingt die neue Musik spielen. Die schlechte Laune setzte ich in mein \u00fcben um, damit ich bereit war f\u00fcr das Konzert. Und ich bin sehr dankbar f\u00fcr die ganzen Leute die vor Ort waren, weil es ein traumhafter Abend war, genauso wie in Bamberg, Stuttgart, Ehingen, Schloss Elmau, Berlin und Minden.<\/p>\n<figure id=\"attachment_3547\" aria-describedby=\"caption-attachment-3547\" style=\"width: 300px\" class=\"wp-caption alignright\"><a href=\"https:\/\/i0.wp.com\/www.jazzzeitung.de\/cms\/wp-content\/uploads\/2014\/02\/IMG_4825.jpg\"><img data-recalc-dims=\"1\" loading=\"lazy\" decoding=\"async\" data-attachment-id=\"3547\" data-permalink=\"https:\/\/www.jazzzeitung.de\/cms\/2014\/02\/von-marathon-bis-everlasting-mein-persoenliches-jahr-2013-teil-3\/img_4825\/\" data-orig-file=\"https:\/\/i0.wp.com\/www.jazzzeitung.de\/cms\/wp-content\/uploads\/2014\/02\/IMG_4825.jpg?fit=800%2C600&amp;ssl=1\" data-orig-size=\"800,600\" data-comments-opened=\"1\" data-image-meta=\"{&quot;aperture&quot;:&quot;0&quot;,&quot;credit&quot;:&quot;&quot;,&quot;camera&quot;:&quot;&quot;,&quot;caption&quot;:&quot;&quot;,&quot;created_timestamp&quot;:&quot;0&quot;,&quot;copyright&quot;:&quot;&quot;,&quot;focal_length&quot;:&quot;0&quot;,&quot;iso&quot;:&quot;0&quot;,&quot;shutter_speed&quot;:&quot;0&quot;,&quot;title&quot;:&quot;&quot;}\" data-image-title=\"Max Merseny &amp;amp; Band @Ampere Munich\" data-image-description=\"\" data-image-caption=\"&lt;p&gt;von links: Roger Rekless, Claus Fischer, Felix Lehrmann, Max Merseny, Matthias Bublath&lt;\/p&gt;\n\" data-large-file=\"https:\/\/i0.wp.com\/www.jazzzeitung.de\/cms\/wp-content\/uploads\/2014\/02\/IMG_4825.jpg?fit=800%2C600&amp;ssl=1\" class=\"size-medium wp-image-3547\" alt=\"von links: Roger Rekless, Claus Fischer, Felix Lehrmann, Max Merseny, Matthias Bublath\" src=\"https:\/\/i0.wp.com\/www.jazzzeitung.de\/cms\/wp-content\/uploads\/2014\/02\/IMG_4825-300x225.jpg?resize=300%2C225\" width=\"300\" height=\"225\" srcset=\"https:\/\/i0.wp.com\/www.jazzzeitung.de\/cms\/wp-content\/uploads\/2014\/02\/IMG_4825.jpg?resize=300%2C225&amp;ssl=1 300w, https:\/\/i0.wp.com\/www.jazzzeitung.de\/cms\/wp-content\/uploads\/2014\/02\/IMG_4825.jpg?w=800&amp;ssl=1 800w\" sizes=\"auto, (max-width: 300px) 100vw, 300px\" \/><\/a><figcaption id=\"caption-attachment-3547\" class=\"wp-caption-text\">von links: Roger Rekless, Claus Fischer, Felix Lehrmann, Max Merseny, Matthias Bublath<\/figcaption><\/figure>\n<p>Es war 2013 wirklich eine Berg und Talfahrt! Zum Gl\u00fcck aber bekam ich letztendlich das Mastering und konnte \u00fcberzeugend nach mehrmaligen anh\u00f6ren sagen, dass es fantastisch klang und durchweg gelungen ist. Fast zeitgleich traf das Artwork von Philipp bei mir ein, und sah auch so aus, wie ich mir das vorgestellt hatte.<\/p>\n<p>Blo\u00df was machten wir nun mit dem Release, ich war ja immer noch der Meinung es 2013 auf den Markt zu bringen?<\/p>\n<p>Nach reiflicher \u00dcberlegung beschlossen Enja und ich, nach diesem Kraftakt die CD im April 2014 zu ver\u00f6ffentlichen, denn nach soviel Arbeit, hat diese es auch verdient ordentlich zu erscheinen. So wurde es zum Ende des Jahres wieder ein wenig ruhiger, und auch die Anspannung in meinem Kopf fiel langsam ab. Sehr genie\u00dfe ich die Zeit zu warten, und den Anruf zu bekommen:<\/p>\n<p>\u201eMax deine CD ist da!\u201c<\/p>\n<p>Nach jeder CD Produktion sag ich, dass ich nie wieder eine mache, aber schon jetzt kribbelt es wieder in meinen H\u00e4nden, und der Tatendrang w\u00e4chst. Zuerst aber freue ich mich sehr auf \u201eEverlasting\u201c und rate euch mal reinzuh\u00f6ren, denn es sind nicht nur fantastische Musiker darauf vertreten, sondern es wird auch zu h\u00f6ren sein wo es mit \u201eMax Merseny\u201c in den kommenden Jahren hingehen soll!<\/p>\n<p>Hab versucht den Blog kurz zu halten, jetzt sind drei draus geworden.<\/p>\n<p>Das war mein Jahr 2013, und es ist halt nicht immer so, wie vielleicht manche denken, dass Musiker auf der B\u00fchne stehen und \u201enur\u201c zum Job kommen und spielen. Es geh\u00f6rt soviel dazu neben spielen, \u00fcben etc&#8230;, dass auch ich manchmal den \u00dcberblick verliere.<\/p>\n<p>So jetzt bring das mal zum Ende und w\u00fcnsche euch da drau\u00dfen ein tolles Jahr 2014 und bleibt vor allem gl\u00fccklich und gesund!!<\/p>\n<p>Euer Max<\/p>\n<hr \/>\n<p>PS: Ja und endlich bekam ich die Email: \u201eMax die CD&#8217;s sind da\u201c!<\/p>\n<figure id=\"attachment_3548\" aria-describedby=\"caption-attachment-3548\" style=\"width: 300px\" class=\"wp-caption alignright\"><a href=\"https:\/\/i0.wp.com\/www.jazzzeitung.de\/cms\/wp-content\/uploads\/2014\/02\/max_merseny-2013-05-%C2%A9philipp_wulkstefan_hobmaier-cover.jpg\"><img data-recalc-dims=\"1\" loading=\"lazy\" decoding=\"async\" data-attachment-id=\"3548\" data-permalink=\"https:\/\/www.jazzzeitung.de\/cms\/2014\/02\/von-marathon-bis-everlasting-mein-persoenliches-jahr-2013-teil-3\/max_merseny-2013-05-philipp_wulkstefan_hobmaier-cover\/\" data-orig-file=\"https:\/\/i0.wp.com\/www.jazzzeitung.de\/cms\/wp-content\/uploads\/2014\/02\/max_merseny-2013-05-%C2%A9philipp_wulkstefan_hobmaier-cover.jpg?fit=1665%2C1496&amp;ssl=1\" data-orig-size=\"1665,1496\" data-comments-opened=\"1\" data-image-meta=\"{&quot;aperture&quot;:&quot;0&quot;,&quot;credit&quot;:&quot;&quot;,&quot;camera&quot;:&quot;&quot;,&quot;caption&quot;:&quot;&quot;,&quot;created_timestamp&quot;:&quot;0&quot;,&quot;copyright&quot;:&quot;&quot;,&quot;focal_length&quot;:&quot;0&quot;,&quot;iso&quot;:&quot;0&quot;,&quot;shutter_speed&quot;:&quot;0&quot;,&quot;title&quot;:&quot;&quot;}\" data-image-title=\"Max Merseny &amp;#8222;Everlasting&amp;#8220; Cover \" data-image-description=\"\" data-image-caption=\"&lt;p&gt;und hier ist es endlich, dass neue Cover zu &amp;#8222;Everlasting&amp;#8220;!! Release 04.04.2014!!&lt;\/p&gt;\n\" data-large-file=\"https:\/\/i0.wp.com\/www.jazzzeitung.de\/cms\/wp-content\/uploads\/2014\/02\/max_merseny-2013-05-%C2%A9philipp_wulkstefan_hobmaier-cover.jpg?fit=667%2C600&amp;ssl=1\" class=\"size-medium wp-image-3548\" alt=\"und hier ist es endlich, dass neue Cover zu &quot;Everlasting&quot;!! Release 04.04.2014!!\" src=\"https:\/\/i0.wp.com\/www.jazzzeitung.de\/cms\/wp-content\/uploads\/2014\/02\/max_merseny-2013-05-%C2%A9philipp_wulkstefan_hobmaier-cover-300x269.jpg?resize=300%2C269\" width=\"300\" height=\"269\" srcset=\"https:\/\/i0.wp.com\/www.jazzzeitung.de\/cms\/wp-content\/uploads\/2014\/02\/max_merseny-2013-05-%C2%A9philipp_wulkstefan_hobmaier-cover.jpg?resize=300%2C269&amp;ssl=1 300w, https:\/\/i0.wp.com\/www.jazzzeitung.de\/cms\/wp-content\/uploads\/2014\/02\/max_merseny-2013-05-%C2%A9philipp_wulkstefan_hobmaier-cover.jpg?resize=667%2C600&amp;ssl=1 667w, https:\/\/i0.wp.com\/www.jazzzeitung.de\/cms\/wp-content\/uploads\/2014\/02\/max_merseny-2013-05-%C2%A9philipp_wulkstefan_hobmaier-cover.jpg?resize=900%2C808&amp;ssl=1 900w, https:\/\/i0.wp.com\/www.jazzzeitung.de\/cms\/wp-content\/uploads\/2014\/02\/max_merseny-2013-05-%C2%A9philipp_wulkstefan_hobmaier-cover.jpg?w=1665&amp;ssl=1 1665w\" sizes=\"auto, (max-width: 300px) 100vw, 300px\" \/><\/a><figcaption id=\"caption-attachment-3548\" class=\"wp-caption-text\">und hier ist es endlich, dass neue Cover zu &#8222;Everlasting&#8220;!! Release 04.04.2014!!<\/figcaption><\/figure>\n<p>Am 4ten April ist der offizielle Release-Termin\u00a0der neuen CD \u201eEverlasting\u201c, und wird dann \u00fcberall erh\u00e4ltlich sein!!<\/p>\n<p>Ihr k\u00f6nnt mich aber auch mal gerne auf meiner Facebook Seite besuchen, um auf dem neuesten Stand zu sein:<\/p>\n<p><span style=\"line-height: 1.5em;\">https:\/\/www.facebook.com\/pages\/Max-Merseny\/102620189842843\u00a0<\/span><\/p>\n","protected":false},"excerpt":{"rendered":"<p>September-Dezember 2013: Schon war es wieder September und das Jahr verging wie im Flug. Nachdem ich am 5ten aus meinem Urlaub frisch erholt wieder in M\u00fcnchen angekommen war, ging es schon gleich weiter mit den ersten Jobs. Was die CD Produktion betraf, war ich immer noch motiviert und hatte das Ziel diese 2013 auf den Markt zu bringen. So trafen wir uns in der zweiten September-H\u00e4lfte mit Claus f\u00fcr sechs Tage um die Songs zu mischen. Zu diesem Zeitpunkt hatte ich auch endlich das Gef\u00fchl, dass es Richtung Zielgerade geht mit der Produktion, trotz der nervigen Unterbrechungen, die sich immer wieder einschlichen. Es machte mich verr\u00fcckt, die ganzen Leute zu koordinieren, Zeitr\u00e4ume zu finden an denen das Studio frei ist etc &#8230; Am ersten Mix-Tag versuchten wir die Grundeinstellungen festzulegen, damit wir am n\u00e4chsten Tag direkt anfangen konnten. Es war f\u00fcr uns Beteiligten im Studio wichtig drei Tage mischen zu k\u00f6nnen, und dann mit einer Woche Pause den Rest abzuarbeiten. So konnten wir das Material in Ruhe anh\u00f6ren, Dinge, die uns negativ auffielen in der letzten Mix-Runde aus der Welt schaffen. Mir ging es da &hellip;<\/p>\n","protected":false},"author":16,"featured_media":0,"comment_status":"open","ping_status":"closed","sticky":false,"template":"","format":"standard","meta":{"_jetpack_memberships_contains_paid_content":false,"footnotes":"","jetpack_publicize_message":"","jetpack_publicize_feature_enabled":true,"jetpack_social_post_already_shared":false,"jetpack_social_options":{"image_generator_settings":{"template":"highway","default_image_id":0,"font":"","enabled":false},"version":2}},"categories":[82],"tags":[66,1191,109,1192,140,163,171,198,852,382,401],"coauthors":[781],"class_list":["post-3544","post","type-post","status-publish","format-standard","hentry","category-blog","tag-berlin","tag-blog","tag-cd","tag-clubs","tag-die-zeit","tag-enja","tag-facebook","tag-geschichte","tag-koeln","tag-matthias-winckelmann","tag-muenchen"],"yoast_head":"<!-- This site is optimized with the Yoast SEO plugin v27.5 - https:\/\/yoast.com\/product\/yoast-seo-wordpress\/ -->\n<title>Von Marathon bis \u201eEverlasting\u201c \u2013 Mein pers\u00f6nliches Jahr 2013, Teil 3 - JazzZeitung<\/title>\n<meta name=\"robots\" content=\"index, follow, max-snippet:-1, max-image-preview:large, max-video-preview:-1\" \/>\n<link rel=\"canonical\" href=\"https:\/\/www.jazzzeitung.de\/cms\/2014\/02\/von-marathon-bis-everlasting-mein-persoenliches-jahr-2013-teil-3\/\" \/>\n<meta property=\"og:locale\" content=\"de_DE\" \/>\n<meta property=\"og:type\" content=\"article\" \/>\n<meta property=\"og:title\" content=\"Von Marathon bis \u201eEverlasting\u201c \u2013 Mein pers\u00f6nliches Jahr 2013, Teil 3 - JazzZeitung\" \/>\n<meta property=\"og:description\" content=\"September-Dezember 2013: Schon war es wieder September und das Jahr verging wie im Flug. Nachdem ich am 5ten aus meinem Urlaub frisch erholt wieder in M\u00fcnchen angekommen war, ging es schon gleich weiter mit den ersten Jobs. Was die CD Produktion betraf, war ich immer noch motiviert und hatte das Ziel diese 2013 auf den Markt zu bringen. So trafen wir uns in der zweiten September-H\u00e4lfte mit Claus f\u00fcr sechs Tage um die Songs zu mischen. Zu diesem Zeitpunkt hatte ich auch endlich das Gef\u00fchl, dass es Richtung Zielgerade geht mit der Produktion, trotz der nervigen Unterbrechungen, die sich immer wieder einschlichen. Es machte mich verr\u00fcckt, die ganzen Leute zu koordinieren, Zeitr\u00e4ume zu finden an denen das Studio frei ist etc &#8230; Am ersten Mix-Tag versuchten wir die Grundeinstellungen festzulegen, damit wir am n\u00e4chsten Tag direkt anfangen konnten. Es war f\u00fcr uns Beteiligten im Studio wichtig drei Tage mischen zu k\u00f6nnen, und dann mit einer Woche Pause den Rest abzuarbeiten. So konnten wir das Material in Ruhe anh\u00f6ren, Dinge, die uns negativ auffielen in der letzten Mix-Runde aus der Welt schaffen. Mir ging es da &hellip;\" \/>\n<meta property=\"og:url\" content=\"https:\/\/www.jazzzeitung.de\/cms\/2014\/02\/von-marathon-bis-everlasting-mein-persoenliches-jahr-2013-teil-3\/\" \/>\n<meta property=\"og:site_name\" content=\"JazzZeitung\" \/>\n<meta property=\"article:publisher\" content=\"https:\/\/www.facebook.com\/JazzZeitung\/\" \/>\n<meta property=\"article:published_time\" content=\"2014-02-28T15:24:52+00:00\" \/>\n<meta property=\"og:image\" content=\"http:\/\/www.jazzzeitung.de\/cms\/wp-content\/uploads\/2014\/02\/SEB9437-300x198.jpg\" \/>\n<meta name=\"author\" content=\"Maximilian Thomas Merseny\" \/>\n<script type=\"application\/ld+json\" class=\"yoast-schema-graph\">{\"@context\":\"https:\\\/\\\/schema.org\",\"@graph\":[{\"@type\":\"Article\",\"@id\":\"https:\\\/\\\/www.jazzzeitung.de\\\/cms\\\/2014\\\/02\\\/von-marathon-bis-everlasting-mein-persoenliches-jahr-2013-teil-3\\\/#article\",\"isPartOf\":{\"@id\":\"https:\\\/\\\/www.jazzzeitung.de\\\/cms\\\/2014\\\/02\\\/von-marathon-bis-everlasting-mein-persoenliches-jahr-2013-teil-3\\\/\"},\"author\":{\"name\":\"Maximilian Thomas Merseny\",\"@id\":\"https:\\\/\\\/www.jazzzeitung.de\\\/cms\\\/#\\\/schema\\\/person\\\/480831d88da01e2fa80f9836f180cec4\"},\"headline\":\"Von Marathon bis \u201eEverlasting\u201c \u2013 Mein pers\u00f6nliches Jahr 2013, Teil 3\",\"datePublished\":\"2014-02-28T15:24:52+00:00\",\"mainEntityOfPage\":{\"@id\":\"https:\\\/\\\/www.jazzzeitung.de\\\/cms\\\/2014\\\/02\\\/von-marathon-bis-everlasting-mein-persoenliches-jahr-2013-teil-3\\\/\"},\"wordCount\":1237,\"commentCount\":0,\"publisher\":{\"@id\":\"https:\\\/\\\/www.jazzzeitung.de\\\/cms\\\/#organization\"},\"image\":{\"@id\":\"https:\\\/\\\/www.jazzzeitung.de\\\/cms\\\/2014\\\/02\\\/von-marathon-bis-everlasting-mein-persoenliches-jahr-2013-teil-3\\\/#primaryimage\"},\"thumbnailUrl\":\"http:\\\/\\\/www.jazzzeitung.de\\\/cms\\\/wp-content\\\/uploads\\\/2014\\\/02\\\/SEB9437-300x198.jpg\",\"keywords\":[\"Berlin\",\"Blog\",\"CD\",\"Clubs\",\"die ZEIT\",\"enja\",\"facebook\",\"Geschichte\",\"K\u00f6ln\",\"Matthias Winckelmann\",\"M\u00fcnchen\"],\"articleSection\":[\"Blog\"],\"inLanguage\":\"de\",\"potentialAction\":[{\"@type\":\"CommentAction\",\"name\":\"Comment\",\"target\":[\"https:\\\/\\\/www.jazzzeitung.de\\\/cms\\\/2014\\\/02\\\/von-marathon-bis-everlasting-mein-persoenliches-jahr-2013-teil-3\\\/#respond\"]}]},{\"@type\":\"WebPage\",\"@id\":\"https:\\\/\\\/www.jazzzeitung.de\\\/cms\\\/2014\\\/02\\\/von-marathon-bis-everlasting-mein-persoenliches-jahr-2013-teil-3\\\/\",\"url\":\"https:\\\/\\\/www.jazzzeitung.de\\\/cms\\\/2014\\\/02\\\/von-marathon-bis-everlasting-mein-persoenliches-jahr-2013-teil-3\\\/\",\"name\":\"Von Marathon bis \u201eEverlasting\u201c \u2013 Mein pers\u00f6nliches Jahr 2013, Teil 3 - JazzZeitung\",\"isPartOf\":{\"@id\":\"https:\\\/\\\/www.jazzzeitung.de\\\/cms\\\/#website\"},\"primaryImageOfPage\":{\"@id\":\"https:\\\/\\\/www.jazzzeitung.de\\\/cms\\\/2014\\\/02\\\/von-marathon-bis-everlasting-mein-persoenliches-jahr-2013-teil-3\\\/#primaryimage\"},\"image\":{\"@id\":\"https:\\\/\\\/www.jazzzeitung.de\\\/cms\\\/2014\\\/02\\\/von-marathon-bis-everlasting-mein-persoenliches-jahr-2013-teil-3\\\/#primaryimage\"},\"thumbnailUrl\":\"http:\\\/\\\/www.jazzzeitung.de\\\/cms\\\/wp-content\\\/uploads\\\/2014\\\/02\\\/SEB9437-300x198.jpg\",\"datePublished\":\"2014-02-28T15:24:52+00:00\",\"breadcrumb\":{\"@id\":\"https:\\\/\\\/www.jazzzeitung.de\\\/cms\\\/2014\\\/02\\\/von-marathon-bis-everlasting-mein-persoenliches-jahr-2013-teil-3\\\/#breadcrumb\"},\"inLanguage\":\"de\",\"potentialAction\":[{\"@type\":\"ReadAction\",\"target\":[\"https:\\\/\\\/www.jazzzeitung.de\\\/cms\\\/2014\\\/02\\\/von-marathon-bis-everlasting-mein-persoenliches-jahr-2013-teil-3\\\/\"]}]},{\"@type\":\"ImageObject\",\"inLanguage\":\"de\",\"@id\":\"https:\\\/\\\/www.jazzzeitung.de\\\/cms\\\/2014\\\/02\\\/von-marathon-bis-everlasting-mein-persoenliches-jahr-2013-teil-3\\\/#primaryimage\",\"url\":\"http:\\\/\\\/www.jazzzeitung.de\\\/cms\\\/wp-content\\\/uploads\\\/2014\\\/02\\\/SEB9437-300x198.jpg\",\"contentUrl\":\"http:\\\/\\\/www.jazzzeitung.de\\\/cms\\\/wp-content\\\/uploads\\\/2014\\\/02\\\/SEB9437-300x198.jpg\"},{\"@type\":\"BreadcrumbList\",\"@id\":\"https:\\\/\\\/www.jazzzeitung.de\\\/cms\\\/2014\\\/02\\\/von-marathon-bis-everlasting-mein-persoenliches-jahr-2013-teil-3\\\/#breadcrumb\",\"itemListElement\":[{\"@type\":\"ListItem\",\"position\":1,\"name\":\"Startseite\",\"item\":\"https:\\\/\\\/www.jazzzeitung.de\\\/cms\\\/\"},{\"@type\":\"ListItem\",\"position\":2,\"name\":\"Von Marathon bis \u201eEverlasting\u201c \u2013 Mein pers\u00f6nliches Jahr 2013, Teil 3\"}]},{\"@type\":\"WebSite\",\"@id\":\"https:\\\/\\\/www.jazzzeitung.de\\\/cms\\\/#website\",\"url\":\"https:\\\/\\\/www.jazzzeitung.de\\\/cms\\\/\",\"name\":\"JazzZeitung\",\"description\":\"Jazz-News und Jazz-Kontroverses\",\"publisher\":{\"@id\":\"https:\\\/\\\/www.jazzzeitung.de\\\/cms\\\/#organization\"},\"potentialAction\":[{\"@type\":\"SearchAction\",\"target\":{\"@type\":\"EntryPoint\",\"urlTemplate\":\"https:\\\/\\\/www.jazzzeitung.de\\\/cms\\\/?s={search_term_string}\"},\"query-input\":{\"@type\":\"PropertyValueSpecification\",\"valueRequired\":true,\"valueName\":\"search_term_string\"}}],\"inLanguage\":\"de\"},{\"@type\":\"Organization\",\"@id\":\"https:\\\/\\\/www.jazzzeitung.de\\\/cms\\\/#organization\",\"name\":\"JazzZeitung online\",\"url\":\"https:\\\/\\\/www.jazzzeitung.de\\\/cms\\\/\",\"logo\":{\"@type\":\"ImageObject\",\"inLanguage\":\"de\",\"@id\":\"https:\\\/\\\/www.jazzzeitung.de\\\/cms\\\/#\\\/schema\\\/logo\\\/image\\\/\",\"url\":\"https:\\\/\\\/i0.wp.com\\\/www.jazzzeitung.de\\\/cms\\\/wp-content\\\/uploads\\\/2015\\\/08\\\/JAZZZEITUNGDE_Logo_Neu.png?fit=499%2C200&ssl=1\",\"contentUrl\":\"https:\\\/\\\/i0.wp.com\\\/www.jazzzeitung.de\\\/cms\\\/wp-content\\\/uploads\\\/2015\\\/08\\\/JAZZZEITUNGDE_Logo_Neu.png?fit=499%2C200&ssl=1\",\"width\":499,\"height\":200,\"caption\":\"JazzZeitung online\"},\"image\":{\"@id\":\"https:\\\/\\\/www.jazzzeitung.de\\\/cms\\\/#\\\/schema\\\/logo\\\/image\\\/\"},\"sameAs\":[\"https:\\\/\\\/www.facebook.com\\\/JazzZeitung\\\/\"]},{\"@type\":\"Person\",\"@id\":\"https:\\\/\\\/www.jazzzeitung.de\\\/cms\\\/#\\\/schema\\\/person\\\/480831d88da01e2fa80f9836f180cec4\",\"name\":\"Maximilian Thomas Merseny\",\"image\":{\"@type\":\"ImageObject\",\"inLanguage\":\"de\",\"@id\":\"https:\\\/\\\/secure.gravatar.com\\\/avatar\\\/b81ec8442e24ac2afa347f00cef8cc2e366fb07786249eb37eec89239972bc29?s=96&d=wp_user_avatar&r=ga2d9d2a60f90a2c2974faa81440e4887\",\"url\":\"https:\\\/\\\/secure.gravatar.com\\\/avatar\\\/b81ec8442e24ac2afa347f00cef8cc2e366fb07786249eb37eec89239972bc29?s=96&d=wp_user_avatar&r=g\",\"contentUrl\":\"https:\\\/\\\/secure.gravatar.com\\\/avatar\\\/b81ec8442e24ac2afa347f00cef8cc2e366fb07786249eb37eec89239972bc29?s=96&d=wp_user_avatar&r=g\",\"caption\":\"Maximilian Thomas Merseny\"},\"description\":\"Mit \u201eEverlasting\u201c ver\u00f6ffentlicht mittlerweile Max Merseny sein mittlerweile drittes Album innerhalb von drei Jahren (V\u00d6 bei ENJA Records). Nach der \u00fcberaus erfolgreichen ersten CD \u201eThank Y'All\u201c (ECHO nominiert) und dem einmaligen LIVE Mitschnitt der \u201e-incontri-\u201c Platte, welche letztes Jahr exklusiv nur auf Vinyl erschien, wartet das neue Werk mit zehn neuen Songs auf. Bei den gr\u00f6\u00dftenteils selbstgeschriebenen Songs wurde Max Merseny bei deren Enstehung ma\u00dfgeblich von seinem Wegbegleiter Alex Han (Marcus Miller Band) und seinem Freund Ferdinand Kirner (Gitarrist u.a. Max Herre, Mic Donet) unterst\u00fctzt. W\u00e4hrend Han und Merseny in New York aufeinander trafen, bereichert Kirner den Max Merseny Sound als Mann der ersten Stunde durch seinen Ideenreichtum als Gitarrist und Songwriter. Die Studiosession wird komplettiert durch den virtuosen Matthias Bublath (keyboards) und einen der aufstrebensten Schlagzeuger Deutschlands, Felix Lehrmann. Das Projekt wird mitgetragen durch Claus Fischer, der als Bassist und \u201eHilfsproduzent\u201c viel zum Gesamtsound beigetragen hat. Mit tollen G\u00e4sten wie \u201eIlla J\u201c(Slum Village), Michael \u201ePachches\u201c Stewart u.v.m wird dem Zuh\u00f6rer die musikalische Entwicklung Merseny's verdeutlicht und so darf \u201eEverlasting\u201c keinem R&amp;B-, Soul-, oder Smooth Jazz-Fan im CD Regal fehlen!!\",\"sameAs\":[\"http:\\\/\\\/www.maxmerseny.com\"],\"url\":\"https:\\\/\\\/www.jazzzeitung.de\\\/cms\\\/author\\\/max\\\/\"}]}<\/script>\n<!-- \/ Yoast SEO plugin. -->","yoast_head_json":{"title":"Von Marathon bis \u201eEverlasting\u201c \u2013 Mein pers\u00f6nliches Jahr 2013, Teil 3 - JazzZeitung","robots":{"index":"index","follow":"follow","max-snippet":"max-snippet:-1","max-image-preview":"max-image-preview:large","max-video-preview":"max-video-preview:-1"},"canonical":"https:\/\/www.jazzzeitung.de\/cms\/2014\/02\/von-marathon-bis-everlasting-mein-persoenliches-jahr-2013-teil-3\/","og_locale":"de_DE","og_type":"article","og_title":"Von Marathon bis \u201eEverlasting\u201c \u2013 Mein pers\u00f6nliches Jahr 2013, Teil 3 - JazzZeitung","og_description":"September-Dezember 2013: Schon war es wieder September und das Jahr verging wie im Flug. Nachdem ich am 5ten aus meinem Urlaub frisch erholt wieder in M\u00fcnchen angekommen war, ging es schon gleich weiter mit den ersten Jobs. Was die CD Produktion betraf, war ich immer noch motiviert und hatte das Ziel diese 2013 auf den Markt zu bringen. So trafen wir uns in der zweiten September-H\u00e4lfte mit Claus f\u00fcr sechs Tage um die Songs zu mischen. Zu diesem Zeitpunkt hatte ich auch endlich das Gef\u00fchl, dass es Richtung Zielgerade geht mit der Produktion, trotz der nervigen Unterbrechungen, die sich immer wieder einschlichen. Es machte mich verr\u00fcckt, die ganzen Leute zu koordinieren, Zeitr\u00e4ume zu finden an denen das Studio frei ist etc &#8230; Am ersten Mix-Tag versuchten wir die Grundeinstellungen festzulegen, damit wir am n\u00e4chsten Tag direkt anfangen konnten. Es war f\u00fcr uns Beteiligten im Studio wichtig drei Tage mischen zu k\u00f6nnen, und dann mit einer Woche Pause den Rest abzuarbeiten. So konnten wir das Material in Ruhe anh\u00f6ren, Dinge, die uns negativ auffielen in der letzten Mix-Runde aus der Welt schaffen. Mir ging es da &hellip;","og_url":"https:\/\/www.jazzzeitung.de\/cms\/2014\/02\/von-marathon-bis-everlasting-mein-persoenliches-jahr-2013-teil-3\/","og_site_name":"JazzZeitung","article_publisher":"https:\/\/www.facebook.com\/JazzZeitung\/","article_published_time":"2014-02-28T15:24:52+00:00","og_image":[{"url":"http:\/\/www.jazzzeitung.de\/cms\/wp-content\/uploads\/2014\/02\/SEB9437-300x198.jpg","type":"","width":"","height":""}],"author":"Maximilian Thomas Merseny","schema":{"@context":"https:\/\/schema.org","@graph":[{"@type":"Article","@id":"https:\/\/www.jazzzeitung.de\/cms\/2014\/02\/von-marathon-bis-everlasting-mein-persoenliches-jahr-2013-teil-3\/#article","isPartOf":{"@id":"https:\/\/www.jazzzeitung.de\/cms\/2014\/02\/von-marathon-bis-everlasting-mein-persoenliches-jahr-2013-teil-3\/"},"author":{"name":"Maximilian Thomas Merseny","@id":"https:\/\/www.jazzzeitung.de\/cms\/#\/schema\/person\/480831d88da01e2fa80f9836f180cec4"},"headline":"Von Marathon bis \u201eEverlasting\u201c \u2013 Mein pers\u00f6nliches Jahr 2013, Teil 3","datePublished":"2014-02-28T15:24:52+00:00","mainEntityOfPage":{"@id":"https:\/\/www.jazzzeitung.de\/cms\/2014\/02\/von-marathon-bis-everlasting-mein-persoenliches-jahr-2013-teil-3\/"},"wordCount":1237,"commentCount":0,"publisher":{"@id":"https:\/\/www.jazzzeitung.de\/cms\/#organization"},"image":{"@id":"https:\/\/www.jazzzeitung.de\/cms\/2014\/02\/von-marathon-bis-everlasting-mein-persoenliches-jahr-2013-teil-3\/#primaryimage"},"thumbnailUrl":"http:\/\/www.jazzzeitung.de\/cms\/wp-content\/uploads\/2014\/02\/SEB9437-300x198.jpg","keywords":["Berlin","Blog","CD","Clubs","die ZEIT","enja","facebook","Geschichte","K\u00f6ln","Matthias Winckelmann","M\u00fcnchen"],"articleSection":["Blog"],"inLanguage":"de","potentialAction":[{"@type":"CommentAction","name":"Comment","target":["https:\/\/www.jazzzeitung.de\/cms\/2014\/02\/von-marathon-bis-everlasting-mein-persoenliches-jahr-2013-teil-3\/#respond"]}]},{"@type":"WebPage","@id":"https:\/\/www.jazzzeitung.de\/cms\/2014\/02\/von-marathon-bis-everlasting-mein-persoenliches-jahr-2013-teil-3\/","url":"https:\/\/www.jazzzeitung.de\/cms\/2014\/02\/von-marathon-bis-everlasting-mein-persoenliches-jahr-2013-teil-3\/","name":"Von Marathon bis \u201eEverlasting\u201c \u2013 Mein pers\u00f6nliches Jahr 2013, Teil 3 - JazzZeitung","isPartOf":{"@id":"https:\/\/www.jazzzeitung.de\/cms\/#website"},"primaryImageOfPage":{"@id":"https:\/\/www.jazzzeitung.de\/cms\/2014\/02\/von-marathon-bis-everlasting-mein-persoenliches-jahr-2013-teil-3\/#primaryimage"},"image":{"@id":"https:\/\/www.jazzzeitung.de\/cms\/2014\/02\/von-marathon-bis-everlasting-mein-persoenliches-jahr-2013-teil-3\/#primaryimage"},"thumbnailUrl":"http:\/\/www.jazzzeitung.de\/cms\/wp-content\/uploads\/2014\/02\/SEB9437-300x198.jpg","datePublished":"2014-02-28T15:24:52+00:00","breadcrumb":{"@id":"https:\/\/www.jazzzeitung.de\/cms\/2014\/02\/von-marathon-bis-everlasting-mein-persoenliches-jahr-2013-teil-3\/#breadcrumb"},"inLanguage":"de","potentialAction":[{"@type":"ReadAction","target":["https:\/\/www.jazzzeitung.de\/cms\/2014\/02\/von-marathon-bis-everlasting-mein-persoenliches-jahr-2013-teil-3\/"]}]},{"@type":"ImageObject","inLanguage":"de","@id":"https:\/\/www.jazzzeitung.de\/cms\/2014\/02\/von-marathon-bis-everlasting-mein-persoenliches-jahr-2013-teil-3\/#primaryimage","url":"http:\/\/www.jazzzeitung.de\/cms\/wp-content\/uploads\/2014\/02\/SEB9437-300x198.jpg","contentUrl":"http:\/\/www.jazzzeitung.de\/cms\/wp-content\/uploads\/2014\/02\/SEB9437-300x198.jpg"},{"@type":"BreadcrumbList","@id":"https:\/\/www.jazzzeitung.de\/cms\/2014\/02\/von-marathon-bis-everlasting-mein-persoenliches-jahr-2013-teil-3\/#breadcrumb","itemListElement":[{"@type":"ListItem","position":1,"name":"Startseite","item":"https:\/\/www.jazzzeitung.de\/cms\/"},{"@type":"ListItem","position":2,"name":"Von Marathon bis \u201eEverlasting\u201c \u2013 Mein pers\u00f6nliches Jahr 2013, Teil 3"}]},{"@type":"WebSite","@id":"https:\/\/www.jazzzeitung.de\/cms\/#website","url":"https:\/\/www.jazzzeitung.de\/cms\/","name":"JazzZeitung","description":"Jazz-News und Jazz-Kontroverses","publisher":{"@id":"https:\/\/www.jazzzeitung.de\/cms\/#organization"},"potentialAction":[{"@type":"SearchAction","target":{"@type":"EntryPoint","urlTemplate":"https:\/\/www.jazzzeitung.de\/cms\/?s={search_term_string}"},"query-input":{"@type":"PropertyValueSpecification","valueRequired":true,"valueName":"search_term_string"}}],"inLanguage":"de"},{"@type":"Organization","@id":"https:\/\/www.jazzzeitung.de\/cms\/#organization","name":"JazzZeitung online","url":"https:\/\/www.jazzzeitung.de\/cms\/","logo":{"@type":"ImageObject","inLanguage":"de","@id":"https:\/\/www.jazzzeitung.de\/cms\/#\/schema\/logo\/image\/","url":"https:\/\/i0.wp.com\/www.jazzzeitung.de\/cms\/wp-content\/uploads\/2015\/08\/JAZZZEITUNGDE_Logo_Neu.png?fit=499%2C200&ssl=1","contentUrl":"https:\/\/i0.wp.com\/www.jazzzeitung.de\/cms\/wp-content\/uploads\/2015\/08\/JAZZZEITUNGDE_Logo_Neu.png?fit=499%2C200&ssl=1","width":499,"height":200,"caption":"JazzZeitung online"},"image":{"@id":"https:\/\/www.jazzzeitung.de\/cms\/#\/schema\/logo\/image\/"},"sameAs":["https:\/\/www.facebook.com\/JazzZeitung\/"]},{"@type":"Person","@id":"https:\/\/www.jazzzeitung.de\/cms\/#\/schema\/person\/480831d88da01e2fa80f9836f180cec4","name":"Maximilian Thomas Merseny","image":{"@type":"ImageObject","inLanguage":"de","@id":"https:\/\/secure.gravatar.com\/avatar\/b81ec8442e24ac2afa347f00cef8cc2e366fb07786249eb37eec89239972bc29?s=96&d=wp_user_avatar&r=ga2d9d2a60f90a2c2974faa81440e4887","url":"https:\/\/secure.gravatar.com\/avatar\/b81ec8442e24ac2afa347f00cef8cc2e366fb07786249eb37eec89239972bc29?s=96&d=wp_user_avatar&r=g","contentUrl":"https:\/\/secure.gravatar.com\/avatar\/b81ec8442e24ac2afa347f00cef8cc2e366fb07786249eb37eec89239972bc29?s=96&d=wp_user_avatar&r=g","caption":"Maximilian Thomas Merseny"},"description":"Mit \u201eEverlasting\u201c ver\u00f6ffentlicht mittlerweile Max Merseny sein mittlerweile drittes Album innerhalb von drei Jahren (V\u00d6 bei ENJA Records). Nach der \u00fcberaus erfolgreichen ersten CD \u201eThank Y'All\u201c (ECHO nominiert) und dem einmaligen LIVE Mitschnitt der \u201e-incontri-\u201c Platte, welche letztes Jahr exklusiv nur auf Vinyl erschien, wartet das neue Werk mit zehn neuen Songs auf. Bei den gr\u00f6\u00dftenteils selbstgeschriebenen Songs wurde Max Merseny bei deren Enstehung ma\u00dfgeblich von seinem Wegbegleiter Alex Han (Marcus Miller Band) und seinem Freund Ferdinand Kirner (Gitarrist u.a. Max Herre, Mic Donet) unterst\u00fctzt. W\u00e4hrend Han und Merseny in New York aufeinander trafen, bereichert Kirner den Max Merseny Sound als Mann der ersten Stunde durch seinen Ideenreichtum als Gitarrist und Songwriter. Die Studiosession wird komplettiert durch den virtuosen Matthias Bublath (keyboards) und einen der aufstrebensten Schlagzeuger Deutschlands, Felix Lehrmann. Das Projekt wird mitgetragen durch Claus Fischer, der als Bassist und \u201eHilfsproduzent\u201c viel zum Gesamtsound beigetragen hat. Mit tollen G\u00e4sten wie \u201eIlla J\u201c(Slum Village), Michael \u201ePachches\u201c Stewart u.v.m wird dem Zuh\u00f6rer die musikalische Entwicklung Merseny's verdeutlicht und so darf \u201eEverlasting\u201c keinem R&amp;B-, Soul-, oder Smooth Jazz-Fan im CD Regal fehlen!!","sameAs":["http:\/\/www.maxmerseny.com"],"url":"https:\/\/www.jazzzeitung.de\/cms\/author\/max\/"}]}},"wp-worthy-pixel":{"ignored":false,"public":null,"server":null,"url":null},"wp-worthy-type":"normal","jetpack_publicize_connections":[],"cc_featured_image_caption":{"caption_text":false,"source_text":false,"source_url":false},"jetpack_featured_media_url":"","jetpack_shortlink":"https:\/\/wp.me\/p3KEcT-Va","jetpack-related-posts":[{"id":3444,"url":"https:\/\/www.jazzzeitung.de\/cms\/2014\/01\/von-marathon-bis-everlasting-mein-persoenliches-jahr-2013-teil1\/","url_meta":{"origin":3544,"position":0},"title":"Von Marathon bis \u201eEverlasting\u201c \u2013 Mein pers\u00f6nliches Jahr 2013, Teil1","author":"Maximilian Thomas Merseny","date":"29. Januar 2014","format":false,"excerpt":"Es kann sein, dass wenn dieser Blog online geht, wir schon mitten im Januar sind und voller Tatendrang die neuen Vors\u00e4tze umsetzten wollen. Falls nicht auch nicht schlimm, denn dass ist mein pers\u00f6nlicher R\u00fcckblick auf das Jahr 2013. \u00a0Mancher wird sich fragen warum von mir?? Ganz einfach, \u00fcber andere zu\u2026","rel":"","context":"In &quot;Blog&quot;","block_context":{"text":"Blog","link":"https:\/\/www.jazzzeitung.de\/cms\/thema\/blog\/"},"img":{"alt_text":"Ferdinand Kirner, Matthias Bublath, Claus Fischer & Max Merseny ","src":"https:\/\/i0.wp.com\/www.jazzzeitung.de\/cms\/wp-content\/uploads\/2014\/01\/555379_324385077666352_1713058784_n-300x225.jpg?resize=350%2C200","width":350,"height":200},"classes":[]},{"id":3473,"url":"https:\/\/www.jazzzeitung.de\/cms\/2014\/02\/von-marathon-bis-everlasting-mein-persoenliches-jahr-2013-teil-2\/","url_meta":{"origin":3544,"position":1},"title":"Von Marathon bis \u201eEverlasting\u201c \u2013 Mein pers\u00f6nliches Jahr 2013, Teil 2","author":"Maximilian Thomas Merseny","date":"7. Februar 2014","format":false,"excerpt":"April-August 2013: Mittlerweile im April angekommen stieg die Anspannung immer mehr und mehr. Denn das erste \u00a0Ziel r\u00fcckte unaufhaltsam n\u00e4her. Am 28ten April fand der Marathon in Madrid statt, und die Vorbereitung ging in die Endphase. Da ich aber gut vorbereitet war lief ich Anfang April noch einmal zwei l\u00e4ngere\u2026","rel":"","context":"In &quot;Blog&quot;","block_context":{"text":"Blog","link":"https:\/\/www.jazzzeitung.de\/cms\/thema\/blog\/"},"img":{"alt_text":"@Frankfurter Musikmesse","src":"https:\/\/i0.wp.com\/www.jazzzeitung.de\/cms\/wp-content\/uploads\/2014\/02\/5236_379216968849829_1696010160_n-300x225.jpg?resize=350%2C200","width":350,"height":200},"classes":[]},{"id":30814,"url":"https:\/\/www.jazzzeitung.de\/cms\/2024\/04\/saxophonist-autor-dozent-und-gruender-zum-tod-der-bayerischen-jazzlegende-joe-viera\/","url_meta":{"origin":3544,"position":2},"title":"Saxophonist, Autor, Dozent und Gr\u00fcnder: Zum Tod der bayerischen Jazzlegende Joe Viera","author":"Redaktion JazzZeitung","date":"7. April 2024","format":false,"excerpt":"Heute, am Sonntag, den 7. April, ist der Saxophonist, Arrangeur, Lehrer und Autor Joe Viera im Alter von 91 Jahren verstorben. Er hat die deutsche Jazzszene nach dem Zweiten Weltkrieg ma\u00dfgeblich mitgepr\u00e4gt: der studierte M\u00fcnchner Physiker Joe Viera. Joe Viera ist einer der Gr\u00fcnder des bekannten internationalen Festivals in Burghausen,\u2026","rel":"","context":"In &quot;News&quot;","block_context":{"text":"News","link":"https:\/\/www.jazzzeitung.de\/cms\/thema\/nachrichten\/"},"img":{"alt_text":"","src":"https:\/\/i0.wp.com\/www.jazzzeitung.de\/cms\/wp-content\/uploads\/2021\/08\/education-burghausen-big_111mmKOLB-e1712517567388.jpg?fit=954%2C720&ssl=1&resize=350%2C200","width":350,"height":200,"srcset":"https:\/\/i0.wp.com\/www.jazzzeitung.de\/cms\/wp-content\/uploads\/2021\/08\/education-burghausen-big_111mmKOLB-e1712517567388.jpg?fit=954%2C720&ssl=1&resize=350%2C200 1x, https:\/\/i0.wp.com\/www.jazzzeitung.de\/cms\/wp-content\/uploads\/2021\/08\/education-burghausen-big_111mmKOLB-e1712517567388.jpg?fit=954%2C720&ssl=1&resize=525%2C300 1.5x, https:\/\/i0.wp.com\/www.jazzzeitung.de\/cms\/wp-content\/uploads\/2021\/08\/education-burghausen-big_111mmKOLB-e1712517567388.jpg?fit=954%2C720&ssl=1&resize=700%2C400 2x"},"classes":[]},{"id":20237,"url":"https:\/\/www.jazzzeitung.de\/cms\/2019\/07\/saxophonistin-carolyn-breuer-raesoniert-ueber-35-jahre-jazz\/","url_meta":{"origin":3544,"position":3},"title":"Saxophonistin Carolyn Breuer r\u00e4soniert \u00fcber 35 Jahre Jazz","author":"Redaktion JazzZeitung","date":"31. Juli 2019","format":false,"excerpt":"Ende Juli hat die Saxophonistin Carolyn Breuer den Reigen der \u201eJazz Summer Weeks\u201c in der Unterfahrt er\u00f6ffnet, mit dem der M\u00fcnchner Jazzclub seit vielen Jahren nicht nur der Sommerflaute trotzt, sondern auch meist heimischen Musikern Gelegenheit gibt, \u00fcber f\u00fcnf Tage am St\u00fcck ein Projekt zu entwickeln oder gleich mehrere vorzustellen.\u2026","rel":"","context":"In &quot;Portrait&quot;","block_context":{"text":"Portrait","link":"https:\/\/www.jazzzeitung.de\/cms\/thema\/portrait\/"},"img":{"alt_text":"","src":"https:\/\/i0.wp.com\/www.jazzzeitung.de\/cms\/wp-content\/uploads\/2019\/07\/Carolyn_Breuer_2016_9055-e1564489549712.jpg?fit=1200%2C1065&ssl=1&resize=350%2C200","width":350,"height":200,"srcset":"https:\/\/i0.wp.com\/www.jazzzeitung.de\/cms\/wp-content\/uploads\/2019\/07\/Carolyn_Breuer_2016_9055-e1564489549712.jpg?fit=1200%2C1065&ssl=1&resize=350%2C200 1x, https:\/\/i0.wp.com\/www.jazzzeitung.de\/cms\/wp-content\/uploads\/2019\/07\/Carolyn_Breuer_2016_9055-e1564489549712.jpg?fit=1200%2C1065&ssl=1&resize=525%2C300 1.5x, https:\/\/i0.wp.com\/www.jazzzeitung.de\/cms\/wp-content\/uploads\/2019\/07\/Carolyn_Breuer_2016_9055-e1564489549712.jpg?fit=1200%2C1065&ssl=1&resize=700%2C400 2x, https:\/\/i0.wp.com\/www.jazzzeitung.de\/cms\/wp-content\/uploads\/2019\/07\/Carolyn_Breuer_2016_9055-e1564489549712.jpg?fit=1200%2C1065&ssl=1&resize=1050%2C600 3x"},"classes":[]},{"id":29646,"url":"https:\/\/www.jazzzeitung.de\/cms\/2023\/06\/jazz-sommer-oliver-hochkeppel-ueber-das-comeback-des-muenchener-jazzfestivals\/","url_meta":{"origin":3544,"position":4},"title":"Jazz Sommer: Oliver Hochkeppel \u00fcber das Comeback des M\u00fcnchener Jazzfestivals","author":"Redaktion JazzZeitung","date":"23. Juni 2023","format":false,"excerpt":"Drei Ausgaben des M\u00fcnchener Jazz-Sommers sind coronabedingt ausgefallen. Jetzt geht das einzige M\u00fcnchener Jazzfestival mit internationalem Zuschnitt an den Neustart. Oliver Hochkeppel ist seit M\u00e4rz der neue k\u00fcnstlerische Leiter und sprach mit Jacinta Grundler von der JazzZeitung \u00fcber das Festival und seine pers\u00f6nliche Vision. JazzZeitung: Der Jazz Sommer blickt in\u2026","rel":"","context":"In &quot;Bericht&quot;","block_context":{"text":"Bericht","link":"https:\/\/www.jazzzeitung.de\/cms\/thema\/bericht\/"},"img":{"alt_text":"","src":"https:\/\/i0.wp.com\/www.jazzzeitung.de\/cms\/wp-content\/uploads\/2023\/06\/Jazzrausch_Bigband_Squad_by_Marc_Wilhelm_2021_3-min-scaled.jpg?fit=1200%2C665&ssl=1&resize=350%2C200","width":350,"height":200,"srcset":"https:\/\/i0.wp.com\/www.jazzzeitung.de\/cms\/wp-content\/uploads\/2023\/06\/Jazzrausch_Bigband_Squad_by_Marc_Wilhelm_2021_3-min-scaled.jpg?fit=1200%2C665&ssl=1&resize=350%2C200 1x, https:\/\/i0.wp.com\/www.jazzzeitung.de\/cms\/wp-content\/uploads\/2023\/06\/Jazzrausch_Bigband_Squad_by_Marc_Wilhelm_2021_3-min-scaled.jpg?fit=1200%2C665&ssl=1&resize=525%2C300 1.5x, https:\/\/i0.wp.com\/www.jazzzeitung.de\/cms\/wp-content\/uploads\/2023\/06\/Jazzrausch_Bigband_Squad_by_Marc_Wilhelm_2021_3-min-scaled.jpg?fit=1200%2C665&ssl=1&resize=700%2C400 2x, https:\/\/i0.wp.com\/www.jazzzeitung.de\/cms\/wp-content\/uploads\/2023\/06\/Jazzrausch_Bigband_Squad_by_Marc_Wilhelm_2021_3-min-scaled.jpg?fit=1200%2C665&ssl=1&resize=1050%2C600 3x"},"classes":[]},{"id":5311,"url":"https:\/\/www.jazzzeitung.de\/cms\/2015\/01\/johanna-borchert-zu-ihrem-solo-debuet-fm-biography\/","url_meta":{"origin":3544,"position":5},"title":"Johanna Borchert zu ihrem Solo-Deb\u00fct &#8222;FM Biography&#8220;","author":"Redaktion JazzZeitung","date":"28. Januar 2015","format":false,"excerpt":"Von Oliver Hochkeppel, in Ausz\u00fcgen gedruckt in SILBERHORN 1-15: Der Name Johanna Borchert war bislang nur Experten bekannt, die sich f\u00fcr Bandbesetzungen interessieren: Als eine H\u00e4lfte des Duos Little Red Suitcase mit der Geigerin Elena Seti\u00e9n und Teil des - 2012 mit dem Neuen Deutschen Jazzpreis ausgezeichneten - Quartetts Schneewei\u00df\u2026","rel":"","context":"In &quot;Portrait&quot;","block_context":{"text":"Portrait","link":"https:\/\/www.jazzzeitung.de\/cms\/thema\/portrait\/"},"img":{"alt_text":"Motiv 0 kleine Aufl\u00f6sung","src":"https:\/\/i0.wp.com\/www.jazzzeitung.de\/cms\/wp-content\/uploads\/2015\/01\/Motiv-0-kleine-Aufl%C3%B6sung-150x150.jpg?resize=350%2C200","width":350,"height":200},"classes":[]}],"jetpack_sharing_enabled":true,"_links":{"self":[{"href":"https:\/\/www.jazzzeitung.de\/cms\/wp-json\/wp\/v2\/posts\/3544","targetHints":{"allow":["GET"]}}],"collection":[{"href":"https:\/\/www.jazzzeitung.de\/cms\/wp-json\/wp\/v2\/posts"}],"about":[{"href":"https:\/\/www.jazzzeitung.de\/cms\/wp-json\/wp\/v2\/types\/post"}],"author":[{"embeddable":true,"href":"https:\/\/www.jazzzeitung.de\/cms\/wp-json\/wp\/v2\/users\/16"}],"replies":[{"embeddable":true,"href":"https:\/\/www.jazzzeitung.de\/cms\/wp-json\/wp\/v2\/comments?post=3544"}],"version-history":[{"count":3,"href":"https:\/\/www.jazzzeitung.de\/cms\/wp-json\/wp\/v2\/posts\/3544\/revisions"}],"predecessor-version":[{"id":3551,"href":"https:\/\/www.jazzzeitung.de\/cms\/wp-json\/wp\/v2\/posts\/3544\/revisions\/3551"}],"wp:attachment":[{"href":"https:\/\/www.jazzzeitung.de\/cms\/wp-json\/wp\/v2\/media?parent=3544"}],"wp:term":[{"taxonomy":"category","embeddable":true,"href":"https:\/\/www.jazzzeitung.de\/cms\/wp-json\/wp\/v2\/categories?post=3544"},{"taxonomy":"post_tag","embeddable":true,"href":"https:\/\/www.jazzzeitung.de\/cms\/wp-json\/wp\/v2\/tags?post=3544"},{"taxonomy":"author","embeddable":true,"href":"https:\/\/www.jazzzeitung.de\/cms\/wp-json\/wp\/v2\/coauthors?post=3544"}],"curies":[{"name":"wp","href":"https:\/\/api.w.org\/{rel}","templated":true}]}}