{"id":3537,"date":"2014-02-28T12:02:58","date_gmt":"2014-02-28T11:02:58","guid":{"rendered":"http:\/\/www.jazzzeitung.de\/cms\/?p=3537"},"modified":"2014-02-28T12:02:58","modified_gmt":"2014-02-28T11:02:58","slug":"jazzstudio-nuernberg-feiert-60-jaehriges-bestehen-mit-jazzwoche-im-april","status":"publish","type":"post","link":"https:\/\/www.jazzzeitung.de\/cms\/2014\/02\/jazzstudio-nuernberg-feiert-60-jaehriges-bestehen-mit-jazzwoche-im-april\/","title":{"rendered":"JazzStudio N\u00fcrnberg feiert 60-j\u00e4hriges Bestehen mit Jazzwoche im April"},"content":{"rendered":"<p>\u201eEin Kellerloch als Tor zur Welt\u201c \u2013 so lautet der stimmige Titel eines Buches, das anl\u00e4sslich des 40-j\u00e4hrigen Jubil\u00e4ums im ConBrio Verlag erschienen ist (derzeit nur mehr antiquarisch erh\u00e4ltlich). Und treffender l\u00e4sst sich die frisch renovierte Residenz des JazzStudio N\u00fcrnberg am Fu\u00df der Burg wohl kaum umschreiben. Denn die Liste der absoluten Topstars, die fr\u00fcher oder sp\u00e4ter zu Besuch in der Lebkuchenhauptstadt waren, ist lang und illuster. Ende der 50er- und Anfang der 60er-Jahre waren durch die Zusammenarbeit mit dem Konzertb\u00fcro Lippmann &amp; Rau alle Gr\u00f6\u00dfen der Jazzszene in N\u00fcrnberg zu Gast: Ella Fitzgerald, Miles Davis, Duke Ellington, John Coltrane oder das Modern Jazz Quartet. Nach ihren Auftritten in der Alten Messehalle oder im Lessingtheater traf man sie oftmals noch in den Kellerr\u00e4umen des JazzStudio an.<\/p>\n<p>Ein gesellschaftliches Ereignis mit 2.000 Besuchern wurde das seit 1966 allj\u00e4hrlich stattfindende Festival \u201eJazz Ost-West\u201c, das w\u00e4hrend des Kalten Krieges als Begegnungsst\u00e4tte zwischen Jazzmusikern aus Ost und West diente. Nach dem Zerfall des Ostblocks verlor das Festival an Bedeutung, die Zuschauerzahlen gingen zur\u00fcck, 2002 wurde es das letzte Mal veranstaltet.<\/p>\n<p>Auch mit einem Generationenwechsel hatte man nach dem Ausscheiden so bedeutender Pers\u00f6nlichkeiten wie zum Beispiel Walter Sch\u00e4tzlein zu k\u00e4mpfen. Nach einer krisengesch\u00fcttelten Zeit vor rund zehn Jahren machte man sich auf Sponsorensuche, steckte 135.000 Euro in eine Renovierung. Heute steht der Club finanziell so gut da wie nie zuvor.<\/p>\n<p>Die rund 200 Mitglieder des JazzStudio e.V. werden von f\u00fcnf ehrenamtlichen Vorst\u00e4nden betreut, f\u00fcr einen reibungslosen Konzertablauf sorgen weitere 20 ehrenamtliche Mitarbeiter, eine Teilzeitkraft ist fest angestellt. Nach wie vor hat man sich der \u201ePflege des Jazz\u201c verschrieben. Das Jazzstudio wird zu 40 Prozent von der Stadt N\u00fcrnberg und dem Bezirk Mittelfranken finanziert, 30 Prozent des Budgets wird durch Eintrittsgelder und 20 Prozent durch die Mitgliedsbeitr\u00e4ge gestemmt. Durch Spenden und Fremdanzeigen im Programm konnte zum Beispiel ein neues Klavier angeschafft und die R\u00e4ume renoviert werden.<\/p>\n<p>Rund 99 Zuschauer finden in den engen R\u00e4umlichkeiten des Kellers im N\u00fcrnberger Burgviertel Platz. F\u00fcr gr\u00f6\u00dfere Konzerte konnte die Tafelhalle als Partner gewonnen werden. Konzerte mittleren Kalibers finden in Zukunft auch im nahe gelegenen Eppeleinsaal statt, wo um die 200 Zuschauer Platz finden werden.<\/p>\n<p>Mit JazzTime N\u00fcrnberg wird eine von den Clubmitgliedern Alfred Mangold und Ulrich Wallauer-Faderl moderierte Rundfunksendung angeboten. Gef\u00f6rdert wird das Programm ma\u00dfgeblich von der Bayerischen Landeszentrale f\u00fcr Neue Medien (BLM), wie auch von Radio F. \u201eOn Air\u201c ist JazzTime N\u00fcrnberg jeden Donnerstag von 22 bis 23 Uhr auf den Sendefrequenzen von Radio F (auf UKW 94,5 und den Kabelfrequenzen 98,25 und 98,35).<\/p>\n<p>Eine enge Zusammenarbeit verbindet das JazzStudio seit einigen Jahren auch mit der Hochschule f\u00fcr Musik N\u00fcrnberg. Dozenten und Studenten bekommen hier die Gelegenheit, sich der \u00d6ffentlichlkeit zu pr\u00e4sentieren. Jazzabende der verschiedenen Instrumentalklassen werden regelm\u00e4\u00dfig versanstaltet, und seit 2011 wird gemeinsam mit der Hochschule und dem N\u00fcrnberger Jazzmusiker-Verein die Konzertreihe \u201eYoung Lions On Stage\u201c organisiert. \u00dcber zwei Wochen lang erhalten die \u201eRising Stars\u201c die Gelegenheit, im JazzStudio ihr K\u00f6nnen zu zeigen.<\/p>\n<p><a href=\"https:\/\/i0.wp.com\/www.jazzzeitung.de\/cms\/wp-content\/uploads\/2014\/02\/JazzStudio_Live_2013-05-30.jpg\"><img data-recalc-dims=\"1\" loading=\"lazy\" decoding=\"async\" data-attachment-id=\"3538\" data-permalink=\"https:\/\/www.jazzzeitung.de\/cms\/2014\/02\/jazzstudio-nuernberg-feiert-60-jaehriges-bestehen-mit-jazzwoche-im-april\/jazzstudio_live_2013-05-30\/\" data-orig-file=\"https:\/\/i0.wp.com\/www.jazzzeitung.de\/cms\/wp-content\/uploads\/2014\/02\/JazzStudio_Live_2013-05-30.jpg?fit=2731%2C4096&amp;ssl=1\" data-orig-size=\"2731,4096\" data-comments-opened=\"1\" data-image-meta=\"{&quot;aperture&quot;:&quot;0&quot;,&quot;credit&quot;:&quot;&quot;,&quot;camera&quot;:&quot;&quot;,&quot;caption&quot;:&quot;&quot;,&quot;created_timestamp&quot;:&quot;0&quot;,&quot;copyright&quot;:&quot;Achim Schaefer&quot;,&quot;focal_length&quot;:&quot;0&quot;,&quot;iso&quot;:&quot;0&quot;,&quot;shutter_speed&quot;:&quot;0&quot;,&quot;title&quot;:&quot;&quot;}\" data-image-title=\"JazzStudio_Live_2013-05-30\" data-image-description=\"\" data-image-caption=\"\" data-large-file=\"https:\/\/i0.wp.com\/www.jazzzeitung.de\/cms\/wp-content\/uploads\/2014\/02\/JazzStudio_Live_2013-05-30.jpg?fit=400%2C600&amp;ssl=1\" class=\"alignright size-thumbnail wp-image-3538\" alt=\"JazzStudio_Live_2013-05-30\" src=\"https:\/\/i0.wp.com\/www.jazzzeitung.de\/cms\/wp-content\/uploads\/2014\/02\/JazzStudio_Live_2013-05-30-150x150.jpg?resize=150%2C150\" width=\"150\" height=\"150\" srcset=\"https:\/\/i0.wp.com\/www.jazzzeitung.de\/cms\/wp-content\/uploads\/2014\/02\/JazzStudio_Live_2013-05-30.jpg?resize=150%2C150&amp;ssl=1 150w, https:\/\/i0.wp.com\/www.jazzzeitung.de\/cms\/wp-content\/uploads\/2014\/02\/JazzStudio_Live_2013-05-30.jpg?resize=144%2C144&amp;ssl=1 144w, https:\/\/i0.wp.com\/www.jazzzeitung.de\/cms\/wp-content\/uploads\/2014\/02\/JazzStudio_Live_2013-05-30.jpg?resize=96%2C96&amp;ssl=1 96w, https:\/\/i0.wp.com\/www.jazzzeitung.de\/cms\/wp-content\/uploads\/2014\/02\/JazzStudio_Live_2013-05-30.jpg?resize=24%2C24&amp;ssl=1 24w, https:\/\/i0.wp.com\/www.jazzzeitung.de\/cms\/wp-content\/uploads\/2014\/02\/JazzStudio_Live_2013-05-30.jpg?resize=36%2C36&amp;ssl=1 36w, https:\/\/i0.wp.com\/www.jazzzeitung.de\/cms\/wp-content\/uploads\/2014\/02\/JazzStudio_Live_2013-05-30.jpg?resize=48%2C48&amp;ssl=1 48w, https:\/\/i0.wp.com\/www.jazzzeitung.de\/cms\/wp-content\/uploads\/2014\/02\/JazzStudio_Live_2013-05-30.jpg?resize=64%2C64&amp;ssl=1 64w, https:\/\/i0.wp.com\/www.jazzzeitung.de\/cms\/wp-content\/uploads\/2014\/02\/JazzStudio_Live_2013-05-30.jpg?resize=32%2C32&amp;ssl=1 32w, https:\/\/i0.wp.com\/www.jazzzeitung.de\/cms\/wp-content\/uploads\/2014\/02\/JazzStudio_Live_2013-05-30.jpg?resize=128%2C128&amp;ssl=1 128w, https:\/\/i0.wp.com\/www.jazzzeitung.de\/cms\/wp-content\/uploads\/2014\/02\/JazzStudio_Live_2013-05-30.jpg?zoom=2&amp;resize=150%2C150&amp;ssl=1 300w, https:\/\/i0.wp.com\/www.jazzzeitung.de\/cms\/wp-content\/uploads\/2014\/02\/JazzStudio_Live_2013-05-30.jpg?zoom=3&amp;resize=150%2C150&amp;ssl=1 450w\" sizes=\"auto, (max-width: 150px) 100vw, 150px\" \/><\/a>Das 60-j\u00e4hrige Bestehens feiert das JazzStudio in Kooperation mit der N\u00fcrnberger Tafelhalle mit einer Jazzwoche im April und internationalen Gr\u00f6\u00dfen wie dem Chico Freeman Quartet (7.4. Tafelhalle), dem Heliocentric Counterblast \u2013 A Tribute To Sun Ra (4.4. Tafelhalle), Aki Takase mit Han Bennink am Schlagzeug (9.4. Tafelhalle) oder dem Panzerballett als G\u00e4ste (5.4. K\u00fcnstlerhaus (K4) Festsaal, K\u00f6nigsstr. 39). Ein Festakt f\u00fcr Mitglieder des JazzStudio und geladene G\u00e4ste findet am Gr\u00fcndungsdatum, dem 2.4., in der Tafelhalle statt. Ab 20 Uhr kann auch das interessierte Publikum \u201eSwank\u201c mit den Local Heroes Hubert Winter, Sebastian Strempel, J\u00fcrgen Neudert, Michael Fl\u00fcgel, Markus Schieferdecker und Joachim Leyh lauschen. Eine Fahrt in die Frankenmetropole lohnt sich also allemal.<\/p>\n<p><a href=\"http:\/\/www.jazzstudio.de\">www.jazzstudio.de<\/a><\/p>\n<p><b>Jazzwoche N\u00fcrnberg 2014 <\/b><\/p>\n<p>60 Jahre JazzStudio N\u00fcrnberg<\/p>\n<p>60 Jahre Jazz in N\u00fcrnberg<\/p>\n<p>2. April bis 9. April 2014 \u2013 Konzert\u00fcbersicht<\/p>\n<p><b>\u00a0<\/b><\/p>\n<p><b>\u00a0<\/b><\/p>\n<p>Mi, 02.04.2014, 18 Uhr<\/p>\n<p><b>Tafelhalle, \u00c4u\u00dfere Sulzbacher Stra\u00dfe 62 <\/b><\/p>\n<p><b>Festakt im Foyer<br \/>\n<\/b><b>f\u00fcr Mitglieder des JazzStudio N\u00fcrnberg e.V. und geladene G\u00e4ste. Es spielen <\/b><\/p>\n<p><b><i>Local Heroes <\/i><\/b><\/p>\n<p>Swank<\/p>\n<p><b>Hubert Winter sax\/ Sebastian Strempel tp\/ J\u00fcrgen Neudert tb\/ Michael Fl\u00fcgel p, rhodes\/ Markus Schieferdecker b\/ Joachim Leyh dr <\/b><\/p>\n<p>Ab 20 Uhr: Doors open<\/p>\n<p><b>\u00a0<\/b><\/p>\n<p><b>\u00a0<\/b><\/p>\n<p>Do, 03.04.2014, ab 19 Uhr<\/p>\n<p><b>Eppeleinsaal, Jugendherberge, Burg 2 <\/b><\/p>\n<p><b>JazzStudio, Paniersplatz 27\/29 <\/b><\/p>\n<p>Tag der Hochschule f\u00fcr Musik N\u00fcrnberg (HfM)<\/p>\n<p>Big Band der HfM im Eppeleinsaal <b>(19 Uhr)<\/b><\/p>\n<p>Weitere HfM-Ensembles im JazzStudio <b>(ab 21 Uhr) <\/b><\/p>\n<p><b>\u00a0<\/b><\/p>\n<p><b>\u00a0<\/b><\/p>\n<p>Fr, 04.04.2014, 20 Uhr<\/p>\n<p><b>Tafelhalle, \u00c4u\u00dfere Sulzbacher Stra\u00dfe 62 <\/b><\/p>\n<p><b><i>The Art of Jazz, Konzert Nr. 176 <\/i><\/b><\/p>\n<p>Heliocentric Counterblast \u2013 A Tribute to Sun Ra<\/p>\n<p><b>Nikolaus Neuser tp\/ Kathrin Lemke as\/ Dirk Steglich fl, ts\/ Andreas Dormann bars\/ Florian Juncker tb\/ Niko Meinhold p, space-keys\/ Mike Majkowski b\/ Philipp Bernhardt dr <\/b><\/p>\n<p><b>\u00a0<\/b><\/p>\n<p>Anschlie\u00dfend (ab 23 Uhr) im JazzStudio: Paul Geier legt auf und erz\u00e4hlt Geschichten aus der Gr\u00fcnderzeit: \u201eJazzerleben in Vinyl\u201c<\/p>\n<p><b>\u00a0<\/b><\/p>\n<p><b>\u00a0<\/b><\/p>\n<p>Sa, 05.04.2014, 21 Uhr<\/p>\n<p><b>K\u00fcnstlerhaus (K4) Festsaal, K\u00f6nigstra\u00dfe 93 <\/b><\/p>\n<p><b><i>Grenzg\u00e4nger im Jazz <\/i><\/b><\/p>\n<p>Panzerballett<\/p>\n<p><b>Alexander von Hagke sax\/ Jan Zehrfeld g, comp, arr\/ Josef Doblhofer g\/ Heiko Jung b\/ Sebastian Lanser dr <\/b><\/p>\n<p><b>\u00a0<\/b><\/p>\n<p><b>\u00a0<\/b><\/p>\n<p>Sonntag, 06.04.2014, 11 Uhr<\/p>\n<p><b>JazzStudio, Paniersplatz 27\/29 <\/b><\/p>\n<p><b><i>Jazzfr\u00fchschoppen \u2013 Jazz Classics <\/i><\/b><\/p>\n<p>Nuremberg Traditional All Stars<br \/>\nLtg. Mitch Sauer<\/p>\n<p><b>Besetzung: To Be Announced <\/b><\/p>\n<p><b>\u00a0<\/b><\/p>\n<p><b>\u00a0<\/b><\/p>\n<p>Sonntag, 06.04.2014, 18 Uhr<\/p>\n<p><b>JazzStudio, Paniersplatz 27\/29 <\/b><\/p>\n<p>Geburtstagsfeier NUR fu\u0308r Mitglieder des JazzStudio N\u00fcrnberg e.V.<\/p>\n<p><b><i>Local Heroes <\/i><\/b><\/p>\n<p>Marizikosch<\/p>\n<p><b>Norbert Eisner reeds\/ Bernhard Pichl p\/ Gunther Kohl b\/ Adam Meyer dr <\/b><\/p>\n<p><b>\u00a0<\/b><\/p>\n<p>TEX D\u00d6RING TRIO FEATURING LUTZ H\u00c4FNER<\/p>\n<p><b>Lutz H\u00e4fner ss, ts\/ Tex D\u00f6ring p\/ Manfred \u201eGeneral\u201c Hartlieb b\/ Uli Thielmann dr<\/b><\/p>\n<p><b>\u00a0<\/b><\/p>\n<p><b>\u00a0<\/b><\/p>\n<p>Mo, 07.04.2014, 20 Uhr<\/p>\n<p><b>Tafelhalle, \u00c4u\u00dfere Sulzbacher Stra\u00dfe 62 <\/b><\/p>\n<p><b><i>H\u00f6hepunkt der Festwoche:<br \/>\nThe Art of Jazz, Konzert Nr. 177 <\/i><\/b><\/p>\n<p>Chico Freeman Quartet<\/p>\n<p><b>Chico Freeman ts, ss\/ Antonio Farao p\/ Heiri K\u00e4nzig b\/ Michael Baker dr <\/b><\/p>\n<p><b>\u00a0<\/b><\/p>\n<p><b>\u00a0<\/b><\/p>\n<p>Di, 08.04.2014, 20 Uhr<\/p>\n<p><b>Tafelhalle, \u00c4u\u00dfere Sulzbacher Stra\u00dfe 62 <\/b><\/p>\n<p><b><i>The Art of Jazz, Konzert Nr. 178 <\/i><\/b><\/p>\n<p>Die Dicken Finger featuring Peter Br\u00f6tzmann<\/p>\n<p><b>Peter Br\u00f6tzmann sax\/ Olaf Rupp g\/ Jan Roder b\/ Oliver Steidle dr <\/b><\/p>\n<p><b>\u00a0<\/b><\/p>\n<p>Anschlie\u00dfend (ab 23 Uhr) Session im JazzStudio<\/p>\n<p><b>\u00a0<\/b><\/p>\n<p><b>\u00a0<\/b><\/p>\n<p>Mi, 09.04.2014, 20 Uhr<\/p>\n<p><b>Tafelhalle, \u00c4u\u00dfere Sulzbacher Stra\u00dfe 62 <\/b><\/p>\n<p><b><i>The Art of Jazz, Konzert Nr. 179 <\/i><\/b><\/p>\n<p>Aki Takase\u2019s New Blues Project<\/p>\n<p><b>Rudi Mahall bcl\/ Nils Wogram tb\/ Aki Takase p\/ Eugene Chadbourne g\/ Han Bennink dr <\/b><\/p>\n<p><b>\u00a0<\/b><\/p>\n<p><b>\u00a0<\/b><\/p>\n<p><b>\u00a0<\/b><\/p>\n<p>Weitere Informationen unter:\u00a0 http:\/\/www.jazzstudio.de\/60jahreJSN.php<\/p>\n<p>&nbsp;<\/p>\n","protected":false},"excerpt":{"rendered":"<p>\u201eEin Kellerloch als Tor zur Welt\u201c \u2013 so lautet der stimmige Titel eines Buches, das anl\u00e4sslich des 40-j\u00e4hrigen Jubil\u00e4ums im ConBrio Verlag erschienen ist (derzeit nur mehr antiquarisch erh\u00e4ltlich). Und treffender l\u00e4sst sich die frisch renovierte Residenz des JazzStudio N\u00fcrnberg am Fu\u00df der Burg wohl kaum umschreiben. Denn die Liste der absoluten Topstars, die fr\u00fcher oder sp\u00e4ter zu Besuch in der Lebkuchenhauptstadt waren, ist lang und illuster. Ende der 50er- und Anfang der 60er-Jahre waren durch die Zusammenarbeit mit dem Konzertb\u00fcro Lippmann &amp; Rau alle Gr\u00f6\u00dfen der Jazzszene in N\u00fcrnberg zu Gast: Ella Fitzgerald, Miles Davis, Duke Ellington, John Coltrane oder das Modern Jazz Quartet. Nach ihren Auftritten in der Alten Messehalle oder im Lessingtheater traf man sie oftmals noch in den Kellerr\u00e4umen des JazzStudio an. Ein gesellschaftliches Ereignis mit 2.000 Besuchern wurde das seit 1966 allj\u00e4hrlich stattfindende Festival \u201eJazz Ost-West\u201c, das w\u00e4hrend des Kalten Krieges als Begegnungsst\u00e4tte zwischen Jazzmusikern aus Ost und West diente. Nach dem Zerfall des Ostblocks verlor das Festival an Bedeutung, die Zuschauerzahlen gingen zur\u00fcck, 2002 wurde es das letzte Mal veranstaltet. Auch mit einem Generationenwechsel hatte man nach dem Ausscheiden &hellip;<\/p>\n","protected":false},"author":18,"featured_media":0,"comment_status":"open","ping_status":"closed","sticky":false,"template":"","format":"standard","meta":{"_jetpack_memberships_contains_paid_content":false,"footnotes":"","jetpack_publicize_message":"","jetpack_publicize_feature_enabled":true,"jetpack_social_post_already_shared":false,"jetpack_social_options":{"image_generator_settings":{"template":"highway","default_image_id":0,"font":"","enabled":false},"version":2}},"categories":[121,782],"tags":[32,83,929,120,3,858,928,857,290,309,322,323,420,423,262,1193,930,537],"coauthors":[695],"class_list":["post-3537","post","type-post","status-publish","format-standard","hentry","category-clubs","category-jazzclub-des-monats","tag-aki-takase","tag-blues","tag-chico-freeman-quartet","tag-club","tag-festival","tag-han-bennink","tag-jazzclubs","tag-jazzstudio-nuernberg","tag-jazztime","tag-juergen-neudert","tag-konzert-2","tag-konzerte","tag-nils-wogram","tag-nuernberg","tag-panzerballett","tag-radio","tag-swank","tag-tafelhalle"],"yoast_head":"<!-- This site is optimized with the Yoast SEO plugin v27.5 - https:\/\/yoast.com\/product\/yoast-seo-wordpress\/ -->\n<title>JazzStudio N\u00fcrnberg feiert 60-j\u00e4hriges Bestehen mit Jazzwoche im April - JazzZeitung<\/title>\n<meta name=\"robots\" content=\"index, follow, max-snippet:-1, max-image-preview:large, max-video-preview:-1\" \/>\n<link rel=\"canonical\" href=\"https:\/\/www.jazzzeitung.de\/cms\/2014\/02\/jazzstudio-nuernberg-feiert-60-jaehriges-bestehen-mit-jazzwoche-im-april\/\" \/>\n<meta property=\"og:locale\" content=\"de_DE\" \/>\n<meta property=\"og:type\" content=\"article\" \/>\n<meta property=\"og:title\" content=\"JazzStudio N\u00fcrnberg feiert 60-j\u00e4hriges Bestehen mit Jazzwoche im April - JazzZeitung\" \/>\n<meta property=\"og:description\" content=\"\u201eEin Kellerloch als Tor zur Welt\u201c \u2013 so lautet der stimmige Titel eines Buches, das anl\u00e4sslich des 40-j\u00e4hrigen Jubil\u00e4ums im ConBrio Verlag erschienen ist (derzeit nur mehr antiquarisch erh\u00e4ltlich). Und treffender l\u00e4sst sich die frisch renovierte Residenz des JazzStudio N\u00fcrnberg am Fu\u00df der Burg wohl kaum umschreiben. Denn die Liste der absoluten Topstars, die fr\u00fcher oder sp\u00e4ter zu Besuch in der Lebkuchenhauptstadt waren, ist lang und illuster. Ende der 50er- und Anfang der 60er-Jahre waren durch die Zusammenarbeit mit dem Konzertb\u00fcro Lippmann &amp; Rau alle Gr\u00f6\u00dfen der Jazzszene in N\u00fcrnberg zu Gast: Ella Fitzgerald, Miles Davis, Duke Ellington, John Coltrane oder das Modern Jazz Quartet. Nach ihren Auftritten in der Alten Messehalle oder im Lessingtheater traf man sie oftmals noch in den Kellerr\u00e4umen des JazzStudio an. Ein gesellschaftliches Ereignis mit 2.000 Besuchern wurde das seit 1966 allj\u00e4hrlich stattfindende Festival \u201eJazz Ost-West\u201c, das w\u00e4hrend des Kalten Krieges als Begegnungsst\u00e4tte zwischen Jazzmusikern aus Ost und West diente. Nach dem Zerfall des Ostblocks verlor das Festival an Bedeutung, die Zuschauerzahlen gingen zur\u00fcck, 2002 wurde es das letzte Mal veranstaltet. Auch mit einem Generationenwechsel hatte man nach dem Ausscheiden &hellip;\" \/>\n<meta property=\"og:url\" content=\"https:\/\/www.jazzzeitung.de\/cms\/2014\/02\/jazzstudio-nuernberg-feiert-60-jaehriges-bestehen-mit-jazzwoche-im-april\/\" \/>\n<meta property=\"og:site_name\" content=\"JazzZeitung\" \/>\n<meta property=\"article:publisher\" content=\"https:\/\/www.facebook.com\/JazzZeitung\/\" \/>\n<meta property=\"article:published_time\" content=\"2014-02-28T11:02:58+00:00\" \/>\n<meta property=\"og:image\" content=\"http:\/\/www.jazzzeitung.de\/cms\/wp-content\/uploads\/2014\/02\/JazzStudio_Live_2013-05-30-150x150.jpg\" \/>\n<meta name=\"author\" content=\"Redaktion JazzZeitung\" \/>\n<script type=\"application\/ld+json\" class=\"yoast-schema-graph\">{\"@context\":\"https:\\\/\\\/schema.org\",\"@graph\":[{\"@type\":\"Article\",\"@id\":\"https:\\\/\\\/www.jazzzeitung.de\\\/cms\\\/2014\\\/02\\\/jazzstudio-nuernberg-feiert-60-jaehriges-bestehen-mit-jazzwoche-im-april\\\/#article\",\"isPartOf\":{\"@id\":\"https:\\\/\\\/www.jazzzeitung.de\\\/cms\\\/2014\\\/02\\\/jazzstudio-nuernberg-feiert-60-jaehriges-bestehen-mit-jazzwoche-im-april\\\/\"},\"author\":{\"name\":\"Redaktion JazzZeitung\",\"@id\":\"https:\\\/\\\/www.jazzzeitung.de\\\/cms\\\/#\\\/schema\\\/person\\\/2245b36b9cd1d24cea10f01c031fb92b\"},\"headline\":\"JazzStudio N\u00fcrnberg feiert 60-j\u00e4hriges Bestehen mit Jazzwoche im April\",\"datePublished\":\"2014-02-28T11:02:58+00:00\",\"mainEntityOfPage\":{\"@id\":\"https:\\\/\\\/www.jazzzeitung.de\\\/cms\\\/2014\\\/02\\\/jazzstudio-nuernberg-feiert-60-jaehriges-bestehen-mit-jazzwoche-im-april\\\/\"},\"wordCount\":1033,\"commentCount\":0,\"publisher\":{\"@id\":\"https:\\\/\\\/www.jazzzeitung.de\\\/cms\\\/#organization\"},\"image\":{\"@id\":\"https:\\\/\\\/www.jazzzeitung.de\\\/cms\\\/2014\\\/02\\\/jazzstudio-nuernberg-feiert-60-jaehriges-bestehen-mit-jazzwoche-im-april\\\/#primaryimage\"},\"thumbnailUrl\":\"http:\\\/\\\/www.jazzzeitung.de\\\/cms\\\/wp-content\\\/uploads\\\/2014\\\/02\\\/JazzStudio_Live_2013-05-30-150x150.jpg\",\"keywords\":[\"Aki Takase\",\"Blues\",\"Chico Freeman Quartet\",\"Club\",\"Festival\",\"Han Bennink\",\"Jazzclubs\",\"Jazzstudio N\u00fcrnberg\",\"jazztime\",\"J\u00fcrgen Neudert\",\"Konzert\",\"Konzerte\",\"Nils Wogram\",\"N\u00fcrnberg\",\"Panzerballett\",\"Radio\",\"Swank\",\"Tafelhalle\"],\"articleSection\":[\"Clubs\",\"Jazzclub des Monats\"],\"inLanguage\":\"de\",\"potentialAction\":[{\"@type\":\"CommentAction\",\"name\":\"Comment\",\"target\":[\"https:\\\/\\\/www.jazzzeitung.de\\\/cms\\\/2014\\\/02\\\/jazzstudio-nuernberg-feiert-60-jaehriges-bestehen-mit-jazzwoche-im-april\\\/#respond\"]}]},{\"@type\":\"WebPage\",\"@id\":\"https:\\\/\\\/www.jazzzeitung.de\\\/cms\\\/2014\\\/02\\\/jazzstudio-nuernberg-feiert-60-jaehriges-bestehen-mit-jazzwoche-im-april\\\/\",\"url\":\"https:\\\/\\\/www.jazzzeitung.de\\\/cms\\\/2014\\\/02\\\/jazzstudio-nuernberg-feiert-60-jaehriges-bestehen-mit-jazzwoche-im-april\\\/\",\"name\":\"JazzStudio N\u00fcrnberg feiert 60-j\u00e4hriges Bestehen mit Jazzwoche im April - JazzZeitung\",\"isPartOf\":{\"@id\":\"https:\\\/\\\/www.jazzzeitung.de\\\/cms\\\/#website\"},\"primaryImageOfPage\":{\"@id\":\"https:\\\/\\\/www.jazzzeitung.de\\\/cms\\\/2014\\\/02\\\/jazzstudio-nuernberg-feiert-60-jaehriges-bestehen-mit-jazzwoche-im-april\\\/#primaryimage\"},\"image\":{\"@id\":\"https:\\\/\\\/www.jazzzeitung.de\\\/cms\\\/2014\\\/02\\\/jazzstudio-nuernberg-feiert-60-jaehriges-bestehen-mit-jazzwoche-im-april\\\/#primaryimage\"},\"thumbnailUrl\":\"http:\\\/\\\/www.jazzzeitung.de\\\/cms\\\/wp-content\\\/uploads\\\/2014\\\/02\\\/JazzStudio_Live_2013-05-30-150x150.jpg\",\"datePublished\":\"2014-02-28T11:02:58+00:00\",\"breadcrumb\":{\"@id\":\"https:\\\/\\\/www.jazzzeitung.de\\\/cms\\\/2014\\\/02\\\/jazzstudio-nuernberg-feiert-60-jaehriges-bestehen-mit-jazzwoche-im-april\\\/#breadcrumb\"},\"inLanguage\":\"de\",\"potentialAction\":[{\"@type\":\"ReadAction\",\"target\":[\"https:\\\/\\\/www.jazzzeitung.de\\\/cms\\\/2014\\\/02\\\/jazzstudio-nuernberg-feiert-60-jaehriges-bestehen-mit-jazzwoche-im-april\\\/\"]}]},{\"@type\":\"ImageObject\",\"inLanguage\":\"de\",\"@id\":\"https:\\\/\\\/www.jazzzeitung.de\\\/cms\\\/2014\\\/02\\\/jazzstudio-nuernberg-feiert-60-jaehriges-bestehen-mit-jazzwoche-im-april\\\/#primaryimage\",\"url\":\"http:\\\/\\\/www.jazzzeitung.de\\\/cms\\\/wp-content\\\/uploads\\\/2014\\\/02\\\/JazzStudio_Live_2013-05-30-150x150.jpg\",\"contentUrl\":\"http:\\\/\\\/www.jazzzeitung.de\\\/cms\\\/wp-content\\\/uploads\\\/2014\\\/02\\\/JazzStudio_Live_2013-05-30-150x150.jpg\"},{\"@type\":\"BreadcrumbList\",\"@id\":\"https:\\\/\\\/www.jazzzeitung.de\\\/cms\\\/2014\\\/02\\\/jazzstudio-nuernberg-feiert-60-jaehriges-bestehen-mit-jazzwoche-im-april\\\/#breadcrumb\",\"itemListElement\":[{\"@type\":\"ListItem\",\"position\":1,\"name\":\"Startseite\",\"item\":\"https:\\\/\\\/www.jazzzeitung.de\\\/cms\\\/\"},{\"@type\":\"ListItem\",\"position\":2,\"name\":\"JazzStudio N\u00fcrnberg feiert 60-j\u00e4hriges Bestehen mit Jazzwoche im April\"}]},{\"@type\":\"WebSite\",\"@id\":\"https:\\\/\\\/www.jazzzeitung.de\\\/cms\\\/#website\",\"url\":\"https:\\\/\\\/www.jazzzeitung.de\\\/cms\\\/\",\"name\":\"JazzZeitung\",\"description\":\"Jazz-News und Jazz-Kontroverses\",\"publisher\":{\"@id\":\"https:\\\/\\\/www.jazzzeitung.de\\\/cms\\\/#organization\"},\"potentialAction\":[{\"@type\":\"SearchAction\",\"target\":{\"@type\":\"EntryPoint\",\"urlTemplate\":\"https:\\\/\\\/www.jazzzeitung.de\\\/cms\\\/?s={search_term_string}\"},\"query-input\":{\"@type\":\"PropertyValueSpecification\",\"valueRequired\":true,\"valueName\":\"search_term_string\"}}],\"inLanguage\":\"de\"},{\"@type\":\"Organization\",\"@id\":\"https:\\\/\\\/www.jazzzeitung.de\\\/cms\\\/#organization\",\"name\":\"JazzZeitung online\",\"url\":\"https:\\\/\\\/www.jazzzeitung.de\\\/cms\\\/\",\"logo\":{\"@type\":\"ImageObject\",\"inLanguage\":\"de\",\"@id\":\"https:\\\/\\\/www.jazzzeitung.de\\\/cms\\\/#\\\/schema\\\/logo\\\/image\\\/\",\"url\":\"https:\\\/\\\/i0.wp.com\\\/www.jazzzeitung.de\\\/cms\\\/wp-content\\\/uploads\\\/2015\\\/08\\\/JAZZZEITUNGDE_Logo_Neu.png?fit=499%2C200&ssl=1\",\"contentUrl\":\"https:\\\/\\\/i0.wp.com\\\/www.jazzzeitung.de\\\/cms\\\/wp-content\\\/uploads\\\/2015\\\/08\\\/JAZZZEITUNGDE_Logo_Neu.png?fit=499%2C200&ssl=1\",\"width\":499,\"height\":200,\"caption\":\"JazzZeitung online\"},\"image\":{\"@id\":\"https:\\\/\\\/www.jazzzeitung.de\\\/cms\\\/#\\\/schema\\\/logo\\\/image\\\/\"},\"sameAs\":[\"https:\\\/\\\/www.facebook.com\\\/JazzZeitung\\\/\"]},{\"@type\":\"Person\",\"@id\":\"https:\\\/\\\/www.jazzzeitung.de\\\/cms\\\/#\\\/schema\\\/person\\\/2245b36b9cd1d24cea10f01c031fb92b\",\"name\":\"Redaktion JazzZeitung\",\"image\":{\"@type\":\"ImageObject\",\"inLanguage\":\"de\",\"@id\":\"https:\\\/\\\/i0.wp.com\\\/www.jazzzeitung.de\\\/cms\\\/wp-content\\\/uploads\\\/2015\\\/08\\\/JAZZZEITUNGDE_Logo_Neu.png?resize=96%2C96&ssl=159975dcacb611b5700bd619b5daf0a7a\",\"url\":\"https:\\\/\\\/i0.wp.com\\\/www.jazzzeitung.de\\\/cms\\\/wp-content\\\/uploads\\\/2015\\\/08\\\/JAZZZEITUNGDE_Logo_Neu.png?resize=96%2C96&ssl=1\",\"contentUrl\":\"https:\\\/\\\/i0.wp.com\\\/www.jazzzeitung.de\\\/cms\\\/wp-content\\\/uploads\\\/2015\\\/08\\\/JAZZZEITUNGDE_Logo_Neu.png?resize=96%2C96&ssl=1\",\"caption\":\"Redaktion JazzZeitung\"},\"description\":\"Artikel der Redaktion der JazzZeitung.\",\"sameAs\":[\"http:\\\/\\\/www.jazzzeitung.de\\\/cms\\\/\"],\"url\":\"https:\\\/\\\/www.jazzzeitung.de\\\/cms\\\/author\\\/redaktion\\\/\"}]}<\/script>\n<!-- \/ Yoast SEO plugin. -->","yoast_head_json":{"title":"JazzStudio N\u00fcrnberg feiert 60-j\u00e4hriges Bestehen mit Jazzwoche im April - JazzZeitung","robots":{"index":"index","follow":"follow","max-snippet":"max-snippet:-1","max-image-preview":"max-image-preview:large","max-video-preview":"max-video-preview:-1"},"canonical":"https:\/\/www.jazzzeitung.de\/cms\/2014\/02\/jazzstudio-nuernberg-feiert-60-jaehriges-bestehen-mit-jazzwoche-im-april\/","og_locale":"de_DE","og_type":"article","og_title":"JazzStudio N\u00fcrnberg feiert 60-j\u00e4hriges Bestehen mit Jazzwoche im April - JazzZeitung","og_description":"\u201eEin Kellerloch als Tor zur Welt\u201c \u2013 so lautet der stimmige Titel eines Buches, das anl\u00e4sslich des 40-j\u00e4hrigen Jubil\u00e4ums im ConBrio Verlag erschienen ist (derzeit nur mehr antiquarisch erh\u00e4ltlich). Und treffender l\u00e4sst sich die frisch renovierte Residenz des JazzStudio N\u00fcrnberg am Fu\u00df der Burg wohl kaum umschreiben. Denn die Liste der absoluten Topstars, die fr\u00fcher oder sp\u00e4ter zu Besuch in der Lebkuchenhauptstadt waren, ist lang und illuster. Ende der 50er- und Anfang der 60er-Jahre waren durch die Zusammenarbeit mit dem Konzertb\u00fcro Lippmann &amp; Rau alle Gr\u00f6\u00dfen der Jazzszene in N\u00fcrnberg zu Gast: Ella Fitzgerald, Miles Davis, Duke Ellington, John Coltrane oder das Modern Jazz Quartet. Nach ihren Auftritten in der Alten Messehalle oder im Lessingtheater traf man sie oftmals noch in den Kellerr\u00e4umen des JazzStudio an. Ein gesellschaftliches Ereignis mit 2.000 Besuchern wurde das seit 1966 allj\u00e4hrlich stattfindende Festival \u201eJazz Ost-West\u201c, das w\u00e4hrend des Kalten Krieges als Begegnungsst\u00e4tte zwischen Jazzmusikern aus Ost und West diente. Nach dem Zerfall des Ostblocks verlor das Festival an Bedeutung, die Zuschauerzahlen gingen zur\u00fcck, 2002 wurde es das letzte Mal veranstaltet. Auch mit einem Generationenwechsel hatte man nach dem Ausscheiden &hellip;","og_url":"https:\/\/www.jazzzeitung.de\/cms\/2014\/02\/jazzstudio-nuernberg-feiert-60-jaehriges-bestehen-mit-jazzwoche-im-april\/","og_site_name":"JazzZeitung","article_publisher":"https:\/\/www.facebook.com\/JazzZeitung\/","article_published_time":"2014-02-28T11:02:58+00:00","og_image":[{"url":"http:\/\/www.jazzzeitung.de\/cms\/wp-content\/uploads\/2014\/02\/JazzStudio_Live_2013-05-30-150x150.jpg","type":"","width":"","height":""}],"author":"Redaktion JazzZeitung","schema":{"@context":"https:\/\/schema.org","@graph":[{"@type":"Article","@id":"https:\/\/www.jazzzeitung.de\/cms\/2014\/02\/jazzstudio-nuernberg-feiert-60-jaehriges-bestehen-mit-jazzwoche-im-april\/#article","isPartOf":{"@id":"https:\/\/www.jazzzeitung.de\/cms\/2014\/02\/jazzstudio-nuernberg-feiert-60-jaehriges-bestehen-mit-jazzwoche-im-april\/"},"author":{"name":"Redaktion JazzZeitung","@id":"https:\/\/www.jazzzeitung.de\/cms\/#\/schema\/person\/2245b36b9cd1d24cea10f01c031fb92b"},"headline":"JazzStudio N\u00fcrnberg feiert 60-j\u00e4hriges Bestehen mit Jazzwoche im April","datePublished":"2014-02-28T11:02:58+00:00","mainEntityOfPage":{"@id":"https:\/\/www.jazzzeitung.de\/cms\/2014\/02\/jazzstudio-nuernberg-feiert-60-jaehriges-bestehen-mit-jazzwoche-im-april\/"},"wordCount":1033,"commentCount":0,"publisher":{"@id":"https:\/\/www.jazzzeitung.de\/cms\/#organization"},"image":{"@id":"https:\/\/www.jazzzeitung.de\/cms\/2014\/02\/jazzstudio-nuernberg-feiert-60-jaehriges-bestehen-mit-jazzwoche-im-april\/#primaryimage"},"thumbnailUrl":"http:\/\/www.jazzzeitung.de\/cms\/wp-content\/uploads\/2014\/02\/JazzStudio_Live_2013-05-30-150x150.jpg","keywords":["Aki Takase","Blues","Chico Freeman Quartet","Club","Festival","Han Bennink","Jazzclubs","Jazzstudio N\u00fcrnberg","jazztime","J\u00fcrgen Neudert","Konzert","Konzerte","Nils Wogram","N\u00fcrnberg","Panzerballett","Radio","Swank","Tafelhalle"],"articleSection":["Clubs","Jazzclub des Monats"],"inLanguage":"de","potentialAction":[{"@type":"CommentAction","name":"Comment","target":["https:\/\/www.jazzzeitung.de\/cms\/2014\/02\/jazzstudio-nuernberg-feiert-60-jaehriges-bestehen-mit-jazzwoche-im-april\/#respond"]}]},{"@type":"WebPage","@id":"https:\/\/www.jazzzeitung.de\/cms\/2014\/02\/jazzstudio-nuernberg-feiert-60-jaehriges-bestehen-mit-jazzwoche-im-april\/","url":"https:\/\/www.jazzzeitung.de\/cms\/2014\/02\/jazzstudio-nuernberg-feiert-60-jaehriges-bestehen-mit-jazzwoche-im-april\/","name":"JazzStudio N\u00fcrnberg feiert 60-j\u00e4hriges Bestehen mit Jazzwoche im April - JazzZeitung","isPartOf":{"@id":"https:\/\/www.jazzzeitung.de\/cms\/#website"},"primaryImageOfPage":{"@id":"https:\/\/www.jazzzeitung.de\/cms\/2014\/02\/jazzstudio-nuernberg-feiert-60-jaehriges-bestehen-mit-jazzwoche-im-april\/#primaryimage"},"image":{"@id":"https:\/\/www.jazzzeitung.de\/cms\/2014\/02\/jazzstudio-nuernberg-feiert-60-jaehriges-bestehen-mit-jazzwoche-im-april\/#primaryimage"},"thumbnailUrl":"http:\/\/www.jazzzeitung.de\/cms\/wp-content\/uploads\/2014\/02\/JazzStudio_Live_2013-05-30-150x150.jpg","datePublished":"2014-02-28T11:02:58+00:00","breadcrumb":{"@id":"https:\/\/www.jazzzeitung.de\/cms\/2014\/02\/jazzstudio-nuernberg-feiert-60-jaehriges-bestehen-mit-jazzwoche-im-april\/#breadcrumb"},"inLanguage":"de","potentialAction":[{"@type":"ReadAction","target":["https:\/\/www.jazzzeitung.de\/cms\/2014\/02\/jazzstudio-nuernberg-feiert-60-jaehriges-bestehen-mit-jazzwoche-im-april\/"]}]},{"@type":"ImageObject","inLanguage":"de","@id":"https:\/\/www.jazzzeitung.de\/cms\/2014\/02\/jazzstudio-nuernberg-feiert-60-jaehriges-bestehen-mit-jazzwoche-im-april\/#primaryimage","url":"http:\/\/www.jazzzeitung.de\/cms\/wp-content\/uploads\/2014\/02\/JazzStudio_Live_2013-05-30-150x150.jpg","contentUrl":"http:\/\/www.jazzzeitung.de\/cms\/wp-content\/uploads\/2014\/02\/JazzStudio_Live_2013-05-30-150x150.jpg"},{"@type":"BreadcrumbList","@id":"https:\/\/www.jazzzeitung.de\/cms\/2014\/02\/jazzstudio-nuernberg-feiert-60-jaehriges-bestehen-mit-jazzwoche-im-april\/#breadcrumb","itemListElement":[{"@type":"ListItem","position":1,"name":"Startseite","item":"https:\/\/www.jazzzeitung.de\/cms\/"},{"@type":"ListItem","position":2,"name":"JazzStudio N\u00fcrnberg feiert 60-j\u00e4hriges Bestehen mit Jazzwoche im April"}]},{"@type":"WebSite","@id":"https:\/\/www.jazzzeitung.de\/cms\/#website","url":"https:\/\/www.jazzzeitung.de\/cms\/","name":"JazzZeitung","description":"Jazz-News und Jazz-Kontroverses","publisher":{"@id":"https:\/\/www.jazzzeitung.de\/cms\/#organization"},"potentialAction":[{"@type":"SearchAction","target":{"@type":"EntryPoint","urlTemplate":"https:\/\/www.jazzzeitung.de\/cms\/?s={search_term_string}"},"query-input":{"@type":"PropertyValueSpecification","valueRequired":true,"valueName":"search_term_string"}}],"inLanguage":"de"},{"@type":"Organization","@id":"https:\/\/www.jazzzeitung.de\/cms\/#organization","name":"JazzZeitung online","url":"https:\/\/www.jazzzeitung.de\/cms\/","logo":{"@type":"ImageObject","inLanguage":"de","@id":"https:\/\/www.jazzzeitung.de\/cms\/#\/schema\/logo\/image\/","url":"https:\/\/i0.wp.com\/www.jazzzeitung.de\/cms\/wp-content\/uploads\/2015\/08\/JAZZZEITUNGDE_Logo_Neu.png?fit=499%2C200&ssl=1","contentUrl":"https:\/\/i0.wp.com\/www.jazzzeitung.de\/cms\/wp-content\/uploads\/2015\/08\/JAZZZEITUNGDE_Logo_Neu.png?fit=499%2C200&ssl=1","width":499,"height":200,"caption":"JazzZeitung online"},"image":{"@id":"https:\/\/www.jazzzeitung.de\/cms\/#\/schema\/logo\/image\/"},"sameAs":["https:\/\/www.facebook.com\/JazzZeitung\/"]},{"@type":"Person","@id":"https:\/\/www.jazzzeitung.de\/cms\/#\/schema\/person\/2245b36b9cd1d24cea10f01c031fb92b","name":"Redaktion JazzZeitung","image":{"@type":"ImageObject","inLanguage":"de","@id":"https:\/\/i0.wp.com\/www.jazzzeitung.de\/cms\/wp-content\/uploads\/2015\/08\/JAZZZEITUNGDE_Logo_Neu.png?resize=96%2C96&ssl=159975dcacb611b5700bd619b5daf0a7a","url":"https:\/\/i0.wp.com\/www.jazzzeitung.de\/cms\/wp-content\/uploads\/2015\/08\/JAZZZEITUNGDE_Logo_Neu.png?resize=96%2C96&ssl=1","contentUrl":"https:\/\/i0.wp.com\/www.jazzzeitung.de\/cms\/wp-content\/uploads\/2015\/08\/JAZZZEITUNGDE_Logo_Neu.png?resize=96%2C96&ssl=1","caption":"Redaktion JazzZeitung"},"description":"Artikel der Redaktion der JazzZeitung.","sameAs":["http:\/\/www.jazzzeitung.de\/cms\/"],"url":"https:\/\/www.jazzzeitung.de\/cms\/author\/redaktion\/"}]}},"wp-worthy-pixel":{"ignored":false,"public":null,"server":null,"url":null},"wp-worthy-type":"normal","jetpack_publicize_connections":[],"cc_featured_image_caption":{"caption_text":false,"source_text":false,"source_url":false},"jetpack_featured_media_url":"","jetpack_shortlink":"https:\/\/wp.me\/p3KEcT-V3","jetpack-related-posts":[{"id":3210,"url":"https:\/\/www.jazzzeitung.de\/cms\/2013\/12\/jubilaeumsjahr-das-jazzstudio-nuernberg-feiert-60-jaehriges-bestehen\/","url_meta":{"origin":3537,"position":0},"title":"Jubil\u00e4umsjahr: das JazzStudio N\u00fcrnberg feiert 60-j\u00e4hriges Bestehen","author":"Redaktion JazzZeitung","date":"28. Dezember 2013","format":false,"excerpt":"2014 feiert das JazzStudio N\u00fcrnberg ein besonderes Jubil\u00e4um und z\u00e4hlt damit zu einem der \u00e4ltesten Jazzclubs Deutschlands. Seit 60 Jahren besuchen Jazzfans der Metropolregion den kleinen Keller am Fu\u00dfe der N\u00fcrnberger Burg. \u201eEin Kellerloch als Tor zur Welt\u201c hie\u00df eine Publikation zum 40. Jahrestag 1994, und treffender kann man diese\u2026","rel":"","context":"In &quot;Redaktionelle Nachrichten&quot;","block_context":{"text":"Redaktionelle Nachrichten","link":"https:\/\/www.jazzzeitung.de\/cms\/thema\/redaktion\/"},"img":{"alt_text":"60_Jahre_Jazzstudio_324","src":"https:\/\/i0.wp.com\/www.jazzzeitung.de\/cms\/wp-content\/uploads\/2013\/12\/60_Jahre_Jazzstudio_324-150x150.jpg?resize=350%2C200","width":350,"height":200},"classes":[]},{"id":9296,"url":"https:\/\/www.jazzzeitung.de\/cms\/2016\/05\/young-lions-stage-im-jazzstudio-nuernberg\/","url_meta":{"origin":3537,"position":1},"title":"Young Lions On Stage im JazzStudio N\u00fcrnberg","author":"Redaktion JazzZeitung","date":"14. Mai 2016","format":false,"excerpt":"Mal eben reingeschaut ins JazzStudio N\u00fcrnberg bei \u201eYoung Lions on Stage\u201c und abgetaucht in die wunderbare, einzigartige Atmosph\u00e4re dieses Clubs. Zu Gast waren an diesem Abend im Rahmen der Veranstaltungsreihe die Vokalformation \u201eD. MONIC\u201c und das Orgel-Jazz Quartett \u201eOrganic Project\u201c. Das Herzst\u00fcck von D. MONIC sind die beiden Vokalistinnen Lucia\u2026","rel":"","context":"In &quot;Bericht&quot;","block_context":{"text":"Bericht","link":"https:\/\/www.jazzzeitung.de\/cms\/thema\/bericht\/"},"img":{"alt_text":"","src":"https:\/\/i0.wp.com\/www.jazzzeitung.de\/cms\/wp-content\/uploads\/2016\/05\/P1010840-D.-Monic-Band-Foto-TJ-Krebs.jpg?resize=350%2C200","width":350,"height":200,"srcset":"https:\/\/i0.wp.com\/www.jazzzeitung.de\/cms\/wp-content\/uploads\/2016\/05\/P1010840-D.-Monic-Band-Foto-TJ-Krebs.jpg?resize=350%2C200 1x, https:\/\/i0.wp.com\/www.jazzzeitung.de\/cms\/wp-content\/uploads\/2016\/05\/P1010840-D.-Monic-Band-Foto-TJ-Krebs.jpg?resize=525%2C300 1.5x, https:\/\/i0.wp.com\/www.jazzzeitung.de\/cms\/wp-content\/uploads\/2016\/05\/P1010840-D.-Monic-Band-Foto-TJ-Krebs.jpg?resize=700%2C400 2x, https:\/\/i0.wp.com\/www.jazzzeitung.de\/cms\/wp-content\/uploads\/2016\/05\/P1010840-D.-Monic-Band-Foto-TJ-Krebs.jpg?resize=1050%2C600 3x, https:\/\/i0.wp.com\/www.jazzzeitung.de\/cms\/wp-content\/uploads\/2016\/05\/P1010840-D.-Monic-Band-Foto-TJ-Krebs.jpg?resize=1400%2C800 4x"},"classes":[]},{"id":8933,"url":"https:\/\/www.jazzzeitung.de\/cms\/2016\/04\/8933\/","url_meta":{"origin":3537,"position":2},"title":"+++News+++Young Lions on Stage 2016 in N\u00fcrnberg steht kurz bevor+++Vier Wochen bis zum Moers-Festival: Interview mit dem k\u00fcnstlerischem Leiter Reiner Michalke+++","author":"Redaktion JazzZeitung","date":"15. April 2016","format":false,"excerpt":"Young Lions on Stage 2016 in N\u00fcrnberg steht kurz bevor Auch in diesem Jahr\u00a0 findet wieder die Veranstaltungsreihe Young Lions on Stage in N\u00fcrnberg statt. Veranstaltet wird diese Reihe vom JazzStudio N\u00fcrnberg, von der Hochschule f\u00fcr Musik N\u00fcrnberg und der Tafelhalle im KunstKulturQuartier. Vom 25. April bis zum 13. Mai\u2026","rel":"","context":"In &quot;News&quot;","block_context":{"text":"News","link":"https:\/\/www.jazzzeitung.de\/cms\/thema\/nachrichten\/"},"img":{"alt_text":"OLYMPUS DIGITAL CAMERA","src":"https:\/\/i0.wp.com\/www.jazzzeitung.de\/cms\/wp-content\/uploads\/2016\/04\/AdrianMears-150x150.jpg?resize=350%2C200","width":350,"height":200},"classes":[]},{"id":3205,"url":"https:\/\/www.jazzzeitung.de\/cms\/2013\/12\/ein-weihnachts-geschenk-fuer-neu-abonnenten\/","url_meta":{"origin":3537,"position":3},"title":"Das kleine aber feine Festival \u201eVibraphonissimo\u201c","author":"Redaktion JazzZeitung","date":"20. Dezember 2013","format":false,"excerpt":"Um ihrem Instrument ein Podium zu geben, beschlossen die beiden in N\u00fcrnberg studierenden Vibraphonisten Volker Heuken und Izabella Effenberg, eine spezielle Konzertreihe ins Leben zu rufen. Vom 22. bis 26. Januar wird nun in N\u00fcrnberg und F\u00fcrth das kleine aber feine Festival \u201eVibraphonissimo\u201c stattfinden. JazzZeitung: Wie kam euch die Idee\u2026","rel":"","context":"In &quot;JazzZeitung (print)&quot;","block_context":{"text":"JazzZeitung (print)","link":"https:\/\/www.jazzzeitung.de\/cms\/thema\/archiv\/jazzzeitung-print\/"},"img":{"alt_text":"Layout 1","src":"https:\/\/i0.wp.com\/www.jazzzeitung.de\/cms\/wp-content\/uploads\/2013\/12\/cover_duo_art_act-150x150.jpg?resize=350%2C200","width":350,"height":200},"classes":[]},{"id":6071,"url":"https:\/\/www.jazzzeitung.de\/cms\/2015\/05\/lag-jazzpreis-2015-das-konstantin-herleinsberger-4tet-im-herbst-auf-bayerntour\/","url_meta":{"origin":3537,"position":4},"title":"LAG-Jazzpreis 2015: Das \u201eKonstantin Herleinsberger 4tet\u201c im Herbst auf Bayerntour","author":"Redaktion JazzZeitung","date":"6. Mai 2015","format":false,"excerpt":"Mit einer Fotogalerie von Ralf Dombrowski - Im Herbst wird das Quartett des jungen N\u00fcrnberger Saxophonisten Konstantin Herleinsberger den LAG-Jazzpreis einl\u00f6sen, den es am 28.4. beim Hansj\u00fcrg Hensler Wettbewerb im Rahmen des Kemptener Jazz-Fr\u00fchlings gewonnen hat. Der Preis ist eine Tournee durch bayerische Jazzclubs, die von der Landesarbeitsgemeinschaft (LAG) Jazz\u2026","rel":"","context":"In &quot;Bericht&quot;","block_context":{"text":"Bericht","link":"https:\/\/www.jazzzeitung.de\/cms\/thema\/bericht\/"},"img":{"alt_text":"","src":"https:\/\/i0.wp.com\/www.jazzzeitung.de\/cms\/wp-content\/uploads\/2015\/05\/0K3A3551-Jury-dombr.jpg?resize=350%2C200","width":350,"height":200,"srcset":"https:\/\/i0.wp.com\/www.jazzzeitung.de\/cms\/wp-content\/uploads\/2015\/05\/0K3A3551-Jury-dombr.jpg?resize=350%2C200 1x, https:\/\/i0.wp.com\/www.jazzzeitung.de\/cms\/wp-content\/uploads\/2015\/05\/0K3A3551-Jury-dombr.jpg?resize=525%2C300 1.5x, https:\/\/i0.wp.com\/www.jazzzeitung.de\/cms\/wp-content\/uploads\/2015\/05\/0K3A3551-Jury-dombr.jpg?resize=700%2C400 2x, https:\/\/i0.wp.com\/www.jazzzeitung.de\/cms\/wp-content\/uploads\/2015\/05\/0K3A3551-Jury-dombr.jpg?resize=1050%2C600 3x"},"classes":[]},{"id":10983,"url":"https:\/\/www.jazzzeitung.de\/cms\/2016\/11\/news-vibraphonissimo-festival-2017-ici-ensemble-trifft-phil-minton-suedtirol-jazzfestival-2017\/","url_meta":{"origin":3537,"position":5},"title":"NEWS +++ Vibraphonissimo Festival 2017 +++ ICI Ensemble trifft Phil Minton +++ S\u00fcdtirol Jazzfestival 2017 +++","author":"Redaktion JazzZeitung","date":"19. November 2016","format":false,"excerpt":"+++ Vibraphonissimo Festival 2017 +++ Es ist das Instrument, das jeder ein wenig kennt, doch keiner wirklich: das Vibraphon. Meist wird es mit Xylophon und Marimbaphon verwechselt, dabei ist es selbst doch wesentlich ausgefeilter, mit seinem elektronisch erzeugten Vibrato. Seit 2014 ist ihm ein eigenes Festival in N\u00fcrnberg gewidmet. Das\u2026","rel":"","context":"In &quot;News&quot;","block_context":{"text":"News","link":"https:\/\/www.jazzzeitung.de\/cms\/thema\/nachrichten\/"},"img":{"alt_text":"logo-vibrafonissimo-klein-kopie","src":"https:\/\/i0.wp.com\/www.jazzzeitung.de\/cms\/wp-content\/uploads\/2016\/11\/Logo-vibrafonissimo.klein-Kopie-262x300.png?resize=350%2C200","width":350,"height":200},"classes":[]}],"jetpack_sharing_enabled":true,"_links":{"self":[{"href":"https:\/\/www.jazzzeitung.de\/cms\/wp-json\/wp\/v2\/posts\/3537","targetHints":{"allow":["GET"]}}],"collection":[{"href":"https:\/\/www.jazzzeitung.de\/cms\/wp-json\/wp\/v2\/posts"}],"about":[{"href":"https:\/\/www.jazzzeitung.de\/cms\/wp-json\/wp\/v2\/types\/post"}],"author":[{"embeddable":true,"href":"https:\/\/www.jazzzeitung.de\/cms\/wp-json\/wp\/v2\/users\/18"}],"replies":[{"embeddable":true,"href":"https:\/\/www.jazzzeitung.de\/cms\/wp-json\/wp\/v2\/comments?post=3537"}],"version-history":[{"count":3,"href":"https:\/\/www.jazzzeitung.de\/cms\/wp-json\/wp\/v2\/posts\/3537\/revisions"}],"predecessor-version":[{"id":3541,"href":"https:\/\/www.jazzzeitung.de\/cms\/wp-json\/wp\/v2\/posts\/3537\/revisions\/3541"}],"wp:attachment":[{"href":"https:\/\/www.jazzzeitung.de\/cms\/wp-json\/wp\/v2\/media?parent=3537"}],"wp:term":[{"taxonomy":"category","embeddable":true,"href":"https:\/\/www.jazzzeitung.de\/cms\/wp-json\/wp\/v2\/categories?post=3537"},{"taxonomy":"post_tag","embeddable":true,"href":"https:\/\/www.jazzzeitung.de\/cms\/wp-json\/wp\/v2\/tags?post=3537"},{"taxonomy":"author","embeddable":true,"href":"https:\/\/www.jazzzeitung.de\/cms\/wp-json\/wp\/v2\/coauthors?post=3537"}],"curies":[{"name":"wp","href":"https:\/\/api.w.org\/{rel}","templated":true}]}}