{"id":3508,"date":"2014-02-21T14:07:24","date_gmt":"2014-02-21T13:07:24","guid":{"rendered":"http:\/\/www.jazzzeitung.de\/cms\/?p=3508"},"modified":"2014-02-21T14:07:24","modified_gmt":"2014-02-21T13:07:24","slug":"suedtirol-jazzfestival-alto-adige-2014-mit-chickcorea","status":"publish","type":"post","link":"https:\/\/www.jazzzeitung.de\/cms\/2014\/02\/suedtirol-jazzfestival-alto-adige-2014-mit-chickcorea\/","title":{"rendered":"S\u00fcdtirol Jazzfestival Alto Adige 2014 \u2013 mit ChickCorea"},"content":{"rendered":"<p><a href=\"https:\/\/i0.wp.com\/www.jazzzeitung.de\/cms\/wp-content\/uploads\/2014\/02\/Jazz-Design-2014-2.jpg\"><img data-recalc-dims=\"1\" loading=\"lazy\" decoding=\"async\" data-attachment-id=\"3509\" data-permalink=\"https:\/\/www.jazzzeitung.de\/cms\/2014\/02\/suedtirol-jazzfestival-alto-adige-2014-mit-chickcorea\/jazz-design-2014-2\/\" data-orig-file=\"https:\/\/i0.wp.com\/www.jazzzeitung.de\/cms\/wp-content\/uploads\/2014\/02\/Jazz-Design-2014-2.jpg?fit=1654%2C2339&amp;ssl=1\" data-orig-size=\"1654,2339\" data-comments-opened=\"1\" data-image-meta=\"{&quot;aperture&quot;:&quot;0&quot;,&quot;credit&quot;:&quot;&quot;,&quot;camera&quot;:&quot;&quot;,&quot;caption&quot;:&quot;&quot;,&quot;created_timestamp&quot;:&quot;0&quot;,&quot;copyright&quot;:&quot;&quot;,&quot;focal_length&quot;:&quot;0&quot;,&quot;iso&quot;:&quot;0&quot;,&quot;shutter_speed&quot;:&quot;0&quot;,&quot;title&quot;:&quot;&quot;}\" data-image-title=\"S\u00fcdtiroler Jazzfestival Alto Adige\" data-image-description=\"\" data-image-caption=\"\" data-large-file=\"https:\/\/i0.wp.com\/www.jazzzeitung.de\/cms\/wp-content\/uploads\/2014\/02\/Jazz-Design-2014-2.jpg?fit=424%2C600&amp;ssl=1\" class=\"alignright size-thumbnail wp-image-3509\" alt=\"S\u00fcdtiroler Jazzfestival Alto Adige\" src=\"https:\/\/i0.wp.com\/www.jazzzeitung.de\/cms\/wp-content\/uploads\/2014\/02\/Jazz-Design-2014-2-150x150.jpg?resize=150%2C150\" width=\"150\" height=\"150\" srcset=\"https:\/\/i0.wp.com\/www.jazzzeitung.de\/cms\/wp-content\/uploads\/2014\/02\/Jazz-Design-2014-2.jpg?resize=150%2C150&amp;ssl=1 150w, https:\/\/i0.wp.com\/www.jazzzeitung.de\/cms\/wp-content\/uploads\/2014\/02\/Jazz-Design-2014-2.jpg?resize=144%2C144&amp;ssl=1 144w, https:\/\/i0.wp.com\/www.jazzzeitung.de\/cms\/wp-content\/uploads\/2014\/02\/Jazz-Design-2014-2.jpg?resize=96%2C96&amp;ssl=1 96w, https:\/\/i0.wp.com\/www.jazzzeitung.de\/cms\/wp-content\/uploads\/2014\/02\/Jazz-Design-2014-2.jpg?resize=24%2C24&amp;ssl=1 24w, https:\/\/i0.wp.com\/www.jazzzeitung.de\/cms\/wp-content\/uploads\/2014\/02\/Jazz-Design-2014-2.jpg?resize=36%2C36&amp;ssl=1 36w, https:\/\/i0.wp.com\/www.jazzzeitung.de\/cms\/wp-content\/uploads\/2014\/02\/Jazz-Design-2014-2.jpg?resize=48%2C48&amp;ssl=1 48w, https:\/\/i0.wp.com\/www.jazzzeitung.de\/cms\/wp-content\/uploads\/2014\/02\/Jazz-Design-2014-2.jpg?resize=64%2C64&amp;ssl=1 64w, https:\/\/i0.wp.com\/www.jazzzeitung.de\/cms\/wp-content\/uploads\/2014\/02\/Jazz-Design-2014-2.jpg?resize=32%2C32&amp;ssl=1 32w, https:\/\/i0.wp.com\/www.jazzzeitung.de\/cms\/wp-content\/uploads\/2014\/02\/Jazz-Design-2014-2.jpg?resize=128%2C128&amp;ssl=1 128w, https:\/\/i0.wp.com\/www.jazzzeitung.de\/cms\/wp-content\/uploads\/2014\/02\/Jazz-Design-2014-2.jpg?zoom=2&amp;resize=150%2C150&amp;ssl=1 300w, https:\/\/i0.wp.com\/www.jazzzeitung.de\/cms\/wp-content\/uploads\/2014\/02\/Jazz-Design-2014-2.jpg?zoom=3&amp;resize=150%2C150&amp;ssl=1 450w\" sizes=\"auto, (max-width: 150px) 100vw, 150px\" \/><\/a>Vom Freitag, den 27. Juni bis Sonntag, 6. Juli 2014 wird in S\u00fcdtirol wieder der Jazz dominieren. Zum 32. Mal in Folge findet in diesem Jahr das beliebte S\u00fcdtirol Jazz Festival Alto Adige statt.\u00a0 So unterschiedlich wie die Musik der auftretenden K\u00fcnstler sind auch in jedem Jahr die Austragungsorte der Konzerte: Schl\u00f6sser, Almen, alte Bauernh\u00f6fe, Gassen und Stra\u00dfen sowie Theaters\u00e4le werden zum Schauplatz verschiedenster moderner wie auch traditioneller Musik.<\/p>\n<p>Insgesamt 250 Musiker aus 20 verschiedenen Nationen nehmen auch an der 32. Ausgabe des S\u00fcdtiroler Jazz Festival teil. An den 10 Festivaltagen treten in diesem Jahr rund 45 Bands auf, die an 55 unterschiedlichen Locations rund 100 Auftritte absolvieren. Die Konzerte gliedern sich in verschiedene Konzertreihen: von &#8222;Jazz night&#8220; \u00fcber Themenkonzerte wie &#8222;Jazz &amp; Wine&#8220; in Weinbauernh\u00f6fen, &#8222;Jazz on the Mountains&#8220; in freier Natur oder &#8222;Jazz and the Cities&#8220; und &#8222;Jazz &amp; schools&#8220;. Neu ist dieses Jahr der Themenkreis &#8222;Jazz &amp; social&#8220;, der in Zusammenarbeit mit sozialen Einrichtungen erarbeitet wurde.<\/p>\n<p>Die Vorbereitungen f\u00fcr das 32. S\u00fcdtirol Jazzfestival Alto Adige, an dem das Programm- und Organisationsteam rund um Pr\u00e4sident Klaus Widmann schon seit Wochen arbeitet, laufen auf Hochtouren. Viele Eckpunkte stehen bereits fest, sagt Widmann, aber: \u201eWir stehen heuer vor einer Reihe von Herausforderungen, die wir in unserer Planung ber\u00fccksichtigen m\u00fcssen: Zum einen sind heuer Fu\u00dfball-Weltmeisterschaften, und unser Festival f\u00e4llt mit dem Achtel- und Viertelfinale zusammen. Wir werden unsere Konzertabende so eintakten, dass man beides genie\u00dfen kann: Tolle Musik und hoffentlich spannende Fu\u00dfballspiele. Zum anderen ist, in Zeiten, die wirtschaftlich schwieriger geworden sind, auch das Festivalbudget eine besondere Aufgabe. Trotzdem ist es uns gelungen auch mit der Unterst\u00fctzung der vielen treuen Sponsoren und G\u00f6nner, die mit uns seit vielen Jahren zusammenarbeiten und denen wir sehr dankbar sind, ein besonders interessantes Festival-Programm zu erstellen.&#8220;<\/p>\n<p>So steht bereits ein Festival-Highlight fest, und das aus besonderem Anlass: Mit den Konzerten in der Sterzinger Produktionshalle Prinoth begann das S\u00fcdtirol Jazzfestival Alto Adige vor genau 10 Jahren erstmals, Musik auch au\u00dferhalb der Landeshauptstadt Bozen aufzuf\u00fchren. Zum 10-j\u00e4hrigen Jubil\u00e4um tritt, als besonderes Highlight, in der Prinoth Halle in Sterzing ChickCorea auf.<\/p>\n<p>Mit der Verpflichtung von ChickCorea pr\u00e4sentiert das S\u00fcdtirol Jazzfestival nicht nur einen der einflussreichsten und erfolgreichsten Jazzmusiker der Gegenwart, sondern erinnert auch an seine eigenen \u201eWurzeln\u201c in den achtziger Jahren. Schlie\u00dflich war ChickCorea schon 1987 \u2013 neben weiteren internationalen Top-Acts wie der Pat Metheney Group, DinoSaluzzi, Oregon, Steve Colemans Five Elements oder John Scofield \u2013 in Bozen aufgetreten. Corea spielte im Rahmen der sechsten Ausgabe des Festivals mit dem Vibraphonisten Gary Burton. 27 Jahre sp\u00e4ter kehrt er \u2013 ebenfalls in einer Duoformation \u2013 mit dem Bassisten Stanley Clarke nach S\u00fcdtirol zur\u00fcck und damit stehen in diesem Sommer gleich zwei Ausnahmemusiker, die in den siebziger Jahren Jazzgeschichte geschrieben haben, gemeinsam auf einer B\u00fchne.<\/p>\n<p>ChickCorea&amp; Stanley Clarke Duet werden am Sonntag, 6. Juli 2014 ab 20:30 Uhr in der Produktionshalle Prinoth in Sterzing spielen. Karten sind ab 03.M\u00e4rz 2014 erh\u00e4ltlich.<\/p>\n<p>http:\/\/www.suedtiroljazzfestival.com\/<\/p>\n","protected":false},"excerpt":{"rendered":"<p>Vom Freitag, den 27. Juni bis Sonntag, 6. Juli 2014 wird in S\u00fcdtirol wieder der Jazz dominieren. Zum 32. Mal in Folge findet in diesem Jahr das beliebte S\u00fcdtirol Jazz Festival Alto Adige statt.\u00a0 So unterschiedlich wie die Musik der auftretenden K\u00fcnstler sind auch in jedem Jahr die Austragungsorte der Konzerte: Schl\u00f6sser, Almen, alte Bauernh\u00f6fe, Gassen und Stra\u00dfen sowie Theaters\u00e4le werden zum Schauplatz verschiedenster moderner wie auch traditioneller Musik. Insgesamt 250 Musiker aus 20 verschiedenen Nationen nehmen auch an der 32. Ausgabe des S\u00fcdtiroler Jazz Festival teil. An den 10 Festivaltagen treten in diesem Jahr rund 45 Bands auf, die an 55 unterschiedlichen Locations rund 100 Auftritte absolvieren. Die Konzerte gliedern sich in verschiedene Konzertreihen: von &#8222;Jazz night&#8220; \u00fcber Themenkonzerte wie &#8222;Jazz &amp; Wine&#8220; in Weinbauernh\u00f6fen, &#8222;Jazz on the Mountains&#8220; in freier Natur oder &#8222;Jazz and the Cities&#8220; und &#8222;Jazz &amp; schools&#8220;. Neu ist dieses Jahr der Themenkreis &#8222;Jazz &amp; social&#8220;, der in Zusammenarbeit mit sozialen Einrichtungen erarbeitet wurde. Die Vorbereitungen f\u00fcr das 32. S\u00fcdtirol Jazzfestival Alto Adige, an dem das Programm- und Organisationsteam rund um Pr\u00e4sident Klaus Widmann schon seit Wochen arbeitet, laufen auf &hellip;<\/p>\n","protected":false},"author":18,"featured_media":0,"comment_status":"open","ping_status":"closed","sticky":false,"template":"","format":"standard","meta":{"_jetpack_memberships_contains_paid_content":false,"footnotes":"","jetpack_publicize_message":"","jetpack_publicize_feature_enabled":true,"jetpack_social_post_already_shared":false,"jetpack_social_options":{"image_generator_settings":{"template":"highway","default_image_id":0,"font":"","enabled":false},"version":2}},"categories":[633],"tags":[917,919,921,3,682,214,918,281,758,10,323,920,916],"coauthors":[695],"class_list":["post-3508","post","type-post","status-publish","format-standard","hentry","category-nachrichten","tag-alto-adige","tag-chickcorea","tag-chickcorea-stanley-clarke-duet","tag-festival","tag-festivals","tag-halle","tag-jazzfestival","tag-jazzmusiker","tag-john-scofield","tag-jubilaeum","tag-konzerte","tag-stanley-clarke","tag-suedtiroler-jazzfestival"],"yoast_head":"<!-- This site is optimized with the Yoast SEO plugin v27.5 - https:\/\/yoast.com\/product\/yoast-seo-wordpress\/ -->\n<title>S\u00fcdtirol Jazzfestival Alto Adige 2014 \u2013 mit ChickCorea - JazzZeitung<\/title>\n<meta name=\"robots\" content=\"index, follow, max-snippet:-1, max-image-preview:large, max-video-preview:-1\" \/>\n<link rel=\"canonical\" href=\"https:\/\/www.jazzzeitung.de\/cms\/2014\/02\/suedtirol-jazzfestival-alto-adige-2014-mit-chickcorea\/\" \/>\n<meta property=\"og:locale\" content=\"de_DE\" \/>\n<meta property=\"og:type\" content=\"article\" \/>\n<meta property=\"og:title\" content=\"S\u00fcdtirol Jazzfestival Alto Adige 2014 \u2013 mit ChickCorea - JazzZeitung\" \/>\n<meta property=\"og:description\" content=\"Vom Freitag, den 27. Juni bis Sonntag, 6. Juli 2014 wird in S\u00fcdtirol wieder der Jazz dominieren. Zum 32. Mal in Folge findet in diesem Jahr das beliebte S\u00fcdtirol Jazz Festival Alto Adige statt.\u00a0 So unterschiedlich wie die Musik der auftretenden K\u00fcnstler sind auch in jedem Jahr die Austragungsorte der Konzerte: Schl\u00f6sser, Almen, alte Bauernh\u00f6fe, Gassen und Stra\u00dfen sowie Theaters\u00e4le werden zum Schauplatz verschiedenster moderner wie auch traditioneller Musik. Insgesamt 250 Musiker aus 20 verschiedenen Nationen nehmen auch an der 32. Ausgabe des S\u00fcdtiroler Jazz Festival teil. An den 10 Festivaltagen treten in diesem Jahr rund 45 Bands auf, die an 55 unterschiedlichen Locations rund 100 Auftritte absolvieren. Die Konzerte gliedern sich in verschiedene Konzertreihen: von &#8222;Jazz night&#8220; \u00fcber Themenkonzerte wie &#8222;Jazz &amp; Wine&#8220; in Weinbauernh\u00f6fen, &#8222;Jazz on the Mountains&#8220; in freier Natur oder &#8222;Jazz and the Cities&#8220; und &#8222;Jazz &amp; schools&#8220;. Neu ist dieses Jahr der Themenkreis &#8222;Jazz &amp; social&#8220;, der in Zusammenarbeit mit sozialen Einrichtungen erarbeitet wurde. Die Vorbereitungen f\u00fcr das 32. S\u00fcdtirol Jazzfestival Alto Adige, an dem das Programm- und Organisationsteam rund um Pr\u00e4sident Klaus Widmann schon seit Wochen arbeitet, laufen auf &hellip;\" \/>\n<meta property=\"og:url\" content=\"https:\/\/www.jazzzeitung.de\/cms\/2014\/02\/suedtirol-jazzfestival-alto-adige-2014-mit-chickcorea\/\" \/>\n<meta property=\"og:site_name\" content=\"JazzZeitung\" \/>\n<meta property=\"article:publisher\" content=\"https:\/\/www.facebook.com\/JazzZeitung\/\" \/>\n<meta property=\"article:published_time\" content=\"2014-02-21T13:07:24+00:00\" \/>\n<meta property=\"og:image\" content=\"http:\/\/www.jazzzeitung.de\/cms\/wp-content\/uploads\/2014\/02\/Jazz-Design-2014-2-150x150.jpg\" \/>\n<meta name=\"author\" content=\"Redaktion JazzZeitung\" \/>\n<script type=\"application\/ld+json\" class=\"yoast-schema-graph\">{\"@context\":\"https:\\\/\\\/schema.org\",\"@graph\":[{\"@type\":\"Article\",\"@id\":\"https:\\\/\\\/www.jazzzeitung.de\\\/cms\\\/2014\\\/02\\\/suedtirol-jazzfestival-alto-adige-2014-mit-chickcorea\\\/#article\",\"isPartOf\":{\"@id\":\"https:\\\/\\\/www.jazzzeitung.de\\\/cms\\\/2014\\\/02\\\/suedtirol-jazzfestival-alto-adige-2014-mit-chickcorea\\\/\"},\"author\":{\"name\":\"Redaktion JazzZeitung\",\"@id\":\"https:\\\/\\\/www.jazzzeitung.de\\\/cms\\\/#\\\/schema\\\/person\\\/2245b36b9cd1d24cea10f01c031fb92b\"},\"headline\":\"S\u00fcdtirol Jazzfestival Alto Adige 2014 \u2013 mit ChickCorea\",\"datePublished\":\"2014-02-21T13:07:24+00:00\",\"mainEntityOfPage\":{\"@id\":\"https:\\\/\\\/www.jazzzeitung.de\\\/cms\\\/2014\\\/02\\\/suedtirol-jazzfestival-alto-adige-2014-mit-chickcorea\\\/\"},\"wordCount\":504,\"commentCount\":0,\"publisher\":{\"@id\":\"https:\\\/\\\/www.jazzzeitung.de\\\/cms\\\/#organization\"},\"image\":{\"@id\":\"https:\\\/\\\/www.jazzzeitung.de\\\/cms\\\/2014\\\/02\\\/suedtirol-jazzfestival-alto-adige-2014-mit-chickcorea\\\/#primaryimage\"},\"thumbnailUrl\":\"http:\\\/\\\/www.jazzzeitung.de\\\/cms\\\/wp-content\\\/uploads\\\/2014\\\/02\\\/Jazz-Design-2014-2-150x150.jpg\",\"keywords\":[\"Alto Adige\",\"ChickCorea\",\"ChickCorea&amp; Stanley Clarke Duet\",\"Festival\",\"Festivals\",\"Halle\",\"Jazzfestival\",\"Jazzmusiker\",\"John Scofield\",\"Jubil\u00e4um\",\"Konzerte\",\"Stanley Clarke\",\"S\u00fcdtiroler Jazzfestival\"],\"articleSection\":[\"News\"],\"inLanguage\":\"de\",\"potentialAction\":[{\"@type\":\"CommentAction\",\"name\":\"Comment\",\"target\":[\"https:\\\/\\\/www.jazzzeitung.de\\\/cms\\\/2014\\\/02\\\/suedtirol-jazzfestival-alto-adige-2014-mit-chickcorea\\\/#respond\"]}]},{\"@type\":\"WebPage\",\"@id\":\"https:\\\/\\\/www.jazzzeitung.de\\\/cms\\\/2014\\\/02\\\/suedtirol-jazzfestival-alto-adige-2014-mit-chickcorea\\\/\",\"url\":\"https:\\\/\\\/www.jazzzeitung.de\\\/cms\\\/2014\\\/02\\\/suedtirol-jazzfestival-alto-adige-2014-mit-chickcorea\\\/\",\"name\":\"S\u00fcdtirol Jazzfestival Alto Adige 2014 \u2013 mit ChickCorea - JazzZeitung\",\"isPartOf\":{\"@id\":\"https:\\\/\\\/www.jazzzeitung.de\\\/cms\\\/#website\"},\"primaryImageOfPage\":{\"@id\":\"https:\\\/\\\/www.jazzzeitung.de\\\/cms\\\/2014\\\/02\\\/suedtirol-jazzfestival-alto-adige-2014-mit-chickcorea\\\/#primaryimage\"},\"image\":{\"@id\":\"https:\\\/\\\/www.jazzzeitung.de\\\/cms\\\/2014\\\/02\\\/suedtirol-jazzfestival-alto-adige-2014-mit-chickcorea\\\/#primaryimage\"},\"thumbnailUrl\":\"http:\\\/\\\/www.jazzzeitung.de\\\/cms\\\/wp-content\\\/uploads\\\/2014\\\/02\\\/Jazz-Design-2014-2-150x150.jpg\",\"datePublished\":\"2014-02-21T13:07:24+00:00\",\"breadcrumb\":{\"@id\":\"https:\\\/\\\/www.jazzzeitung.de\\\/cms\\\/2014\\\/02\\\/suedtirol-jazzfestival-alto-adige-2014-mit-chickcorea\\\/#breadcrumb\"},\"inLanguage\":\"de\",\"potentialAction\":[{\"@type\":\"ReadAction\",\"target\":[\"https:\\\/\\\/www.jazzzeitung.de\\\/cms\\\/2014\\\/02\\\/suedtirol-jazzfestival-alto-adige-2014-mit-chickcorea\\\/\"]}]},{\"@type\":\"ImageObject\",\"inLanguage\":\"de\",\"@id\":\"https:\\\/\\\/www.jazzzeitung.de\\\/cms\\\/2014\\\/02\\\/suedtirol-jazzfestival-alto-adige-2014-mit-chickcorea\\\/#primaryimage\",\"url\":\"http:\\\/\\\/www.jazzzeitung.de\\\/cms\\\/wp-content\\\/uploads\\\/2014\\\/02\\\/Jazz-Design-2014-2-150x150.jpg\",\"contentUrl\":\"http:\\\/\\\/www.jazzzeitung.de\\\/cms\\\/wp-content\\\/uploads\\\/2014\\\/02\\\/Jazz-Design-2014-2-150x150.jpg\"},{\"@type\":\"BreadcrumbList\",\"@id\":\"https:\\\/\\\/www.jazzzeitung.de\\\/cms\\\/2014\\\/02\\\/suedtirol-jazzfestival-alto-adige-2014-mit-chickcorea\\\/#breadcrumb\",\"itemListElement\":[{\"@type\":\"ListItem\",\"position\":1,\"name\":\"Startseite\",\"item\":\"https:\\\/\\\/www.jazzzeitung.de\\\/cms\\\/\"},{\"@type\":\"ListItem\",\"position\":2,\"name\":\"S\u00fcdtirol Jazzfestival Alto Adige 2014 \u2013 mit ChickCorea\"}]},{\"@type\":\"WebSite\",\"@id\":\"https:\\\/\\\/www.jazzzeitung.de\\\/cms\\\/#website\",\"url\":\"https:\\\/\\\/www.jazzzeitung.de\\\/cms\\\/\",\"name\":\"JazzZeitung\",\"description\":\"Jazz-News und Jazz-Kontroverses\",\"publisher\":{\"@id\":\"https:\\\/\\\/www.jazzzeitung.de\\\/cms\\\/#organization\"},\"potentialAction\":[{\"@type\":\"SearchAction\",\"target\":{\"@type\":\"EntryPoint\",\"urlTemplate\":\"https:\\\/\\\/www.jazzzeitung.de\\\/cms\\\/?s={search_term_string}\"},\"query-input\":{\"@type\":\"PropertyValueSpecification\",\"valueRequired\":true,\"valueName\":\"search_term_string\"}}],\"inLanguage\":\"de\"},{\"@type\":\"Organization\",\"@id\":\"https:\\\/\\\/www.jazzzeitung.de\\\/cms\\\/#organization\",\"name\":\"JazzZeitung online\",\"url\":\"https:\\\/\\\/www.jazzzeitung.de\\\/cms\\\/\",\"logo\":{\"@type\":\"ImageObject\",\"inLanguage\":\"de\",\"@id\":\"https:\\\/\\\/www.jazzzeitung.de\\\/cms\\\/#\\\/schema\\\/logo\\\/image\\\/\",\"url\":\"https:\\\/\\\/i0.wp.com\\\/www.jazzzeitung.de\\\/cms\\\/wp-content\\\/uploads\\\/2015\\\/08\\\/JAZZZEITUNGDE_Logo_Neu.png?fit=499%2C200&ssl=1\",\"contentUrl\":\"https:\\\/\\\/i0.wp.com\\\/www.jazzzeitung.de\\\/cms\\\/wp-content\\\/uploads\\\/2015\\\/08\\\/JAZZZEITUNGDE_Logo_Neu.png?fit=499%2C200&ssl=1\",\"width\":499,\"height\":200,\"caption\":\"JazzZeitung online\"},\"image\":{\"@id\":\"https:\\\/\\\/www.jazzzeitung.de\\\/cms\\\/#\\\/schema\\\/logo\\\/image\\\/\"},\"sameAs\":[\"https:\\\/\\\/www.facebook.com\\\/JazzZeitung\\\/\"]},{\"@type\":\"Person\",\"@id\":\"https:\\\/\\\/www.jazzzeitung.de\\\/cms\\\/#\\\/schema\\\/person\\\/2245b36b9cd1d24cea10f01c031fb92b\",\"name\":\"Redaktion JazzZeitung\",\"image\":{\"@type\":\"ImageObject\",\"inLanguage\":\"de\",\"@id\":\"https:\\\/\\\/i0.wp.com\\\/www.jazzzeitung.de\\\/cms\\\/wp-content\\\/uploads\\\/2015\\\/08\\\/JAZZZEITUNGDE_Logo_Neu.png?resize=96%2C96&ssl=159975dcacb611b5700bd619b5daf0a7a\",\"url\":\"https:\\\/\\\/i0.wp.com\\\/www.jazzzeitung.de\\\/cms\\\/wp-content\\\/uploads\\\/2015\\\/08\\\/JAZZZEITUNGDE_Logo_Neu.png?resize=96%2C96&ssl=1\",\"contentUrl\":\"https:\\\/\\\/i0.wp.com\\\/www.jazzzeitung.de\\\/cms\\\/wp-content\\\/uploads\\\/2015\\\/08\\\/JAZZZEITUNGDE_Logo_Neu.png?resize=96%2C96&ssl=1\",\"caption\":\"Redaktion JazzZeitung\"},\"description\":\"Artikel der Redaktion der JazzZeitung.\",\"sameAs\":[\"http:\\\/\\\/www.jazzzeitung.de\\\/cms\\\/\"],\"url\":\"https:\\\/\\\/www.jazzzeitung.de\\\/cms\\\/author\\\/redaktion\\\/\"}]}<\/script>\n<!-- \/ Yoast SEO plugin. -->","yoast_head_json":{"title":"S\u00fcdtirol Jazzfestival Alto Adige 2014 \u2013 mit ChickCorea - JazzZeitung","robots":{"index":"index","follow":"follow","max-snippet":"max-snippet:-1","max-image-preview":"max-image-preview:large","max-video-preview":"max-video-preview:-1"},"canonical":"https:\/\/www.jazzzeitung.de\/cms\/2014\/02\/suedtirol-jazzfestival-alto-adige-2014-mit-chickcorea\/","og_locale":"de_DE","og_type":"article","og_title":"S\u00fcdtirol Jazzfestival Alto Adige 2014 \u2013 mit ChickCorea - JazzZeitung","og_description":"Vom Freitag, den 27. Juni bis Sonntag, 6. Juli 2014 wird in S\u00fcdtirol wieder der Jazz dominieren. Zum 32. Mal in Folge findet in diesem Jahr das beliebte S\u00fcdtirol Jazz Festival Alto Adige statt.\u00a0 So unterschiedlich wie die Musik der auftretenden K\u00fcnstler sind auch in jedem Jahr die Austragungsorte der Konzerte: Schl\u00f6sser, Almen, alte Bauernh\u00f6fe, Gassen und Stra\u00dfen sowie Theaters\u00e4le werden zum Schauplatz verschiedenster moderner wie auch traditioneller Musik. Insgesamt 250 Musiker aus 20 verschiedenen Nationen nehmen auch an der 32. Ausgabe des S\u00fcdtiroler Jazz Festival teil. An den 10 Festivaltagen treten in diesem Jahr rund 45 Bands auf, die an 55 unterschiedlichen Locations rund 100 Auftritte absolvieren. Die Konzerte gliedern sich in verschiedene Konzertreihen: von &#8222;Jazz night&#8220; \u00fcber Themenkonzerte wie &#8222;Jazz &amp; Wine&#8220; in Weinbauernh\u00f6fen, &#8222;Jazz on the Mountains&#8220; in freier Natur oder &#8222;Jazz and the Cities&#8220; und &#8222;Jazz &amp; schools&#8220;. Neu ist dieses Jahr der Themenkreis &#8222;Jazz &amp; social&#8220;, der in Zusammenarbeit mit sozialen Einrichtungen erarbeitet wurde. Die Vorbereitungen f\u00fcr das 32. S\u00fcdtirol Jazzfestival Alto Adige, an dem das Programm- und Organisationsteam rund um Pr\u00e4sident Klaus Widmann schon seit Wochen arbeitet, laufen auf &hellip;","og_url":"https:\/\/www.jazzzeitung.de\/cms\/2014\/02\/suedtirol-jazzfestival-alto-adige-2014-mit-chickcorea\/","og_site_name":"JazzZeitung","article_publisher":"https:\/\/www.facebook.com\/JazzZeitung\/","article_published_time":"2014-02-21T13:07:24+00:00","og_image":[{"url":"http:\/\/www.jazzzeitung.de\/cms\/wp-content\/uploads\/2014\/02\/Jazz-Design-2014-2-150x150.jpg","type":"","width":"","height":""}],"author":"Redaktion JazzZeitung","schema":{"@context":"https:\/\/schema.org","@graph":[{"@type":"Article","@id":"https:\/\/www.jazzzeitung.de\/cms\/2014\/02\/suedtirol-jazzfestival-alto-adige-2014-mit-chickcorea\/#article","isPartOf":{"@id":"https:\/\/www.jazzzeitung.de\/cms\/2014\/02\/suedtirol-jazzfestival-alto-adige-2014-mit-chickcorea\/"},"author":{"name":"Redaktion JazzZeitung","@id":"https:\/\/www.jazzzeitung.de\/cms\/#\/schema\/person\/2245b36b9cd1d24cea10f01c031fb92b"},"headline":"S\u00fcdtirol Jazzfestival Alto Adige 2014 \u2013 mit ChickCorea","datePublished":"2014-02-21T13:07:24+00:00","mainEntityOfPage":{"@id":"https:\/\/www.jazzzeitung.de\/cms\/2014\/02\/suedtirol-jazzfestival-alto-adige-2014-mit-chickcorea\/"},"wordCount":504,"commentCount":0,"publisher":{"@id":"https:\/\/www.jazzzeitung.de\/cms\/#organization"},"image":{"@id":"https:\/\/www.jazzzeitung.de\/cms\/2014\/02\/suedtirol-jazzfestival-alto-adige-2014-mit-chickcorea\/#primaryimage"},"thumbnailUrl":"http:\/\/www.jazzzeitung.de\/cms\/wp-content\/uploads\/2014\/02\/Jazz-Design-2014-2-150x150.jpg","keywords":["Alto Adige","ChickCorea","ChickCorea&amp; Stanley Clarke Duet","Festival","Festivals","Halle","Jazzfestival","Jazzmusiker","John Scofield","Jubil\u00e4um","Konzerte","Stanley Clarke","S\u00fcdtiroler Jazzfestival"],"articleSection":["News"],"inLanguage":"de","potentialAction":[{"@type":"CommentAction","name":"Comment","target":["https:\/\/www.jazzzeitung.de\/cms\/2014\/02\/suedtirol-jazzfestival-alto-adige-2014-mit-chickcorea\/#respond"]}]},{"@type":"WebPage","@id":"https:\/\/www.jazzzeitung.de\/cms\/2014\/02\/suedtirol-jazzfestival-alto-adige-2014-mit-chickcorea\/","url":"https:\/\/www.jazzzeitung.de\/cms\/2014\/02\/suedtirol-jazzfestival-alto-adige-2014-mit-chickcorea\/","name":"S\u00fcdtirol Jazzfestival Alto Adige 2014 \u2013 mit ChickCorea - JazzZeitung","isPartOf":{"@id":"https:\/\/www.jazzzeitung.de\/cms\/#website"},"primaryImageOfPage":{"@id":"https:\/\/www.jazzzeitung.de\/cms\/2014\/02\/suedtirol-jazzfestival-alto-adige-2014-mit-chickcorea\/#primaryimage"},"image":{"@id":"https:\/\/www.jazzzeitung.de\/cms\/2014\/02\/suedtirol-jazzfestival-alto-adige-2014-mit-chickcorea\/#primaryimage"},"thumbnailUrl":"http:\/\/www.jazzzeitung.de\/cms\/wp-content\/uploads\/2014\/02\/Jazz-Design-2014-2-150x150.jpg","datePublished":"2014-02-21T13:07:24+00:00","breadcrumb":{"@id":"https:\/\/www.jazzzeitung.de\/cms\/2014\/02\/suedtirol-jazzfestival-alto-adige-2014-mit-chickcorea\/#breadcrumb"},"inLanguage":"de","potentialAction":[{"@type":"ReadAction","target":["https:\/\/www.jazzzeitung.de\/cms\/2014\/02\/suedtirol-jazzfestival-alto-adige-2014-mit-chickcorea\/"]}]},{"@type":"ImageObject","inLanguage":"de","@id":"https:\/\/www.jazzzeitung.de\/cms\/2014\/02\/suedtirol-jazzfestival-alto-adige-2014-mit-chickcorea\/#primaryimage","url":"http:\/\/www.jazzzeitung.de\/cms\/wp-content\/uploads\/2014\/02\/Jazz-Design-2014-2-150x150.jpg","contentUrl":"http:\/\/www.jazzzeitung.de\/cms\/wp-content\/uploads\/2014\/02\/Jazz-Design-2014-2-150x150.jpg"},{"@type":"BreadcrumbList","@id":"https:\/\/www.jazzzeitung.de\/cms\/2014\/02\/suedtirol-jazzfestival-alto-adige-2014-mit-chickcorea\/#breadcrumb","itemListElement":[{"@type":"ListItem","position":1,"name":"Startseite","item":"https:\/\/www.jazzzeitung.de\/cms\/"},{"@type":"ListItem","position":2,"name":"S\u00fcdtirol Jazzfestival Alto Adige 2014 \u2013 mit ChickCorea"}]},{"@type":"WebSite","@id":"https:\/\/www.jazzzeitung.de\/cms\/#website","url":"https:\/\/www.jazzzeitung.de\/cms\/","name":"JazzZeitung","description":"Jazz-News und Jazz-Kontroverses","publisher":{"@id":"https:\/\/www.jazzzeitung.de\/cms\/#organization"},"potentialAction":[{"@type":"SearchAction","target":{"@type":"EntryPoint","urlTemplate":"https:\/\/www.jazzzeitung.de\/cms\/?s={search_term_string}"},"query-input":{"@type":"PropertyValueSpecification","valueRequired":true,"valueName":"search_term_string"}}],"inLanguage":"de"},{"@type":"Organization","@id":"https:\/\/www.jazzzeitung.de\/cms\/#organization","name":"JazzZeitung online","url":"https:\/\/www.jazzzeitung.de\/cms\/","logo":{"@type":"ImageObject","inLanguage":"de","@id":"https:\/\/www.jazzzeitung.de\/cms\/#\/schema\/logo\/image\/","url":"https:\/\/i0.wp.com\/www.jazzzeitung.de\/cms\/wp-content\/uploads\/2015\/08\/JAZZZEITUNGDE_Logo_Neu.png?fit=499%2C200&ssl=1","contentUrl":"https:\/\/i0.wp.com\/www.jazzzeitung.de\/cms\/wp-content\/uploads\/2015\/08\/JAZZZEITUNGDE_Logo_Neu.png?fit=499%2C200&ssl=1","width":499,"height":200,"caption":"JazzZeitung online"},"image":{"@id":"https:\/\/www.jazzzeitung.de\/cms\/#\/schema\/logo\/image\/"},"sameAs":["https:\/\/www.facebook.com\/JazzZeitung\/"]},{"@type":"Person","@id":"https:\/\/www.jazzzeitung.de\/cms\/#\/schema\/person\/2245b36b9cd1d24cea10f01c031fb92b","name":"Redaktion JazzZeitung","image":{"@type":"ImageObject","inLanguage":"de","@id":"https:\/\/i0.wp.com\/www.jazzzeitung.de\/cms\/wp-content\/uploads\/2015\/08\/JAZZZEITUNGDE_Logo_Neu.png?resize=96%2C96&ssl=159975dcacb611b5700bd619b5daf0a7a","url":"https:\/\/i0.wp.com\/www.jazzzeitung.de\/cms\/wp-content\/uploads\/2015\/08\/JAZZZEITUNGDE_Logo_Neu.png?resize=96%2C96&ssl=1","contentUrl":"https:\/\/i0.wp.com\/www.jazzzeitung.de\/cms\/wp-content\/uploads\/2015\/08\/JAZZZEITUNGDE_Logo_Neu.png?resize=96%2C96&ssl=1","caption":"Redaktion JazzZeitung"},"description":"Artikel der Redaktion der JazzZeitung.","sameAs":["http:\/\/www.jazzzeitung.de\/cms\/"],"url":"https:\/\/www.jazzzeitung.de\/cms\/author\/redaktion\/"}]}},"wp-worthy-pixel":{"ignored":false,"public":null,"server":null,"url":null},"wp-worthy-type":"normal","jetpack_publicize_connections":[],"cc_featured_image_caption":{"caption_text":false,"source_text":false,"source_url":false},"jetpack_featured_media_url":"","jetpack_shortlink":"https:\/\/wp.me\/p3KEcT-UA","jetpack-related-posts":[{"id":8716,"url":"https:\/\/www.jazzzeitung.de\/cms\/2016\/03\/das-suedtirol-jazzfestival-alto-adige-kennt-keine-grenzen\/","url_meta":{"origin":3508,"position":0},"title":"Das S\u00fcdtirol Jazzfestival Alto Adige kennt keine Grenzen&#8230;","author":"Redaktion JazzZeitung","date":"17. M\u00e4rz 2016","format":false,"excerpt":"Zum 34. Mal wird das S\u00fcdtirol Jazzfestival Alto Adige auf die B\u00fchne(n) gebracht \u2013 und bespielt wie in den vergangenen Jahren wiederum ganz S\u00fcdtirol. Von der Er\u00f6ffnung am Freitag, 24. Juni bis zum Abschluss am Sonntag, 3. Juli, zieht der bunte Jazz-Tross auf knapp 60 Schaupl\u00e4tzen in 20 S\u00fcdtiroler Gemeinden\u2026","rel":"","context":"In &quot;News&quot;","block_context":{"text":"News","link":"https:\/\/www.jazzzeitung.de\/cms\/thema\/nachrichten\/"},"img":{"alt_text":"Perhaps Contraption - Ritten. Foto: G. Pichler","src":"https:\/\/i0.wp.com\/www.jazzzeitung.de\/cms\/wp-content\/uploads\/2016\/03\/Perhaps-Contraption-Ritten-c-G.-Pichler-150x150.jpg?resize=350%2C200","width":350,"height":200},"classes":[]},{"id":22336,"url":"https:\/\/www.jazzzeitung.de\/cms\/2020\/04\/newssuedtirol-jazzfestival-alto-adige-2020-abgesagtmoers-jazzfestival-soll-stattfinden\/","url_meta":{"origin":3508,"position":1},"title":"news+++S\u00fcdtirol Jazzfestival Alto Adige 2020 abgesagt+++Moers Jazzfestival soll stattfinden+++","author":"Redaktion JazzZeitung","date":"11. April 2020","format":false,"excerpt":"Eine weitere Festival-Absage Das S\u00fcdtirol Jazzfestival Alto Adige findet dieses Jahr zum ersten Mal in 38 Jahren nicht statt. Die Pandemie hat auch die Veranstalter in S\u00fcdtirol gezwungen, Festivals, Konzerte usw. abzusagen. Das Programm des Festivals sollte eigentlich eine Reise in den osteurop\u00e4ischen Jazz sein, Name des Themas: \u201eGegen den\u2026","rel":"","context":"In &quot;News&quot;","block_context":{"text":"News","link":"https:\/\/www.jazzzeitung.de\/cms\/thema\/nachrichten\/"},"img":{"alt_text":"","src":"https:\/\/www.jazzzeitung.de\/cms\/wp-content\/uploads\/2020\/03\/Beitragsbild-beschnitten-e1583498329553.bmp","width":350,"height":200,"srcset":"https:\/\/www.jazzzeitung.de\/cms\/wp-content\/uploads\/2020\/03\/Beitragsbild-beschnitten-e1583498329553.bmp 1x, https:\/\/www.jazzzeitung.de\/cms\/wp-content\/uploads\/2020\/03\/Beitragsbild-beschnitten-e1583498329553.bmp 1.5x, https:\/\/www.jazzzeitung.de\/cms\/wp-content\/uploads\/2020\/03\/Beitragsbild-beschnitten-e1583498329553.bmp 2x, https:\/\/www.jazzzeitung.de\/cms\/wp-content\/uploads\/2020\/03\/Beitragsbild-beschnitten-e1583498329553.bmp 3x"},"classes":[]},{"id":8122,"url":"https:\/\/www.jazzzeitung.de\/cms\/2016\/01\/suedtirol-jazzfestival-alto-adige-2016-startet-die-naechste-runde\/","url_meta":{"origin":3508,"position":2},"title":"Save the Date: S\u00fcdtirol Jazzfestival Alto Adige 2016 startet in die n\u00e4chste Runde","author":"Redaktion JazzZeitung","date":"16. Januar 2016","format":false,"excerpt":"Nach dem Festival ist vor dem Festival: Die Vorbereitungen auf das S\u00fcdtirol Jazzfestival Alto Adige 2016 laufen bereits auf Hochtouren, die Er\u00f6ffnung ist am 24. Juni 2016. Dieses Jahr findet das S\u00fcdtirol Jazzfestival Alto Adige bereits in seiner 34. Auflage statt. Wie jedes Jahr sind auch f\u00fcr das bevorstehende Event\u2026","rel":"","context":"In &quot;News&quot;","block_context":{"text":"News","link":"https:\/\/www.jazzzeitung.de\/cms\/thema\/nachrichten\/"},"img":{"alt_text":"Das 34. S\u00fcdtirol Jazzfestival Alto Adige - dieses Jahr mit dem Schwerpunkt auf \u00d6sterreich und Italien. Foto: G. Pichler","src":"https:\/\/i0.wp.com\/www.jazzzeitung.de\/cms\/wp-content\/uploads\/2016\/01\/SJF15-0701-Waltherplatz-Three-Trapped-Tigers-c-GPichler-14-150x150.jpg?resize=350%2C200","width":350,"height":200},"classes":[]},{"id":9571,"url":"https:\/\/www.jazzzeitung.de\/cms\/2016\/06\/musik-wasser-und-den-sternen-suedtirol-jazzfestival-beginnt\/","url_meta":{"origin":3508,"position":3},"title":"Musik am Wasser und in den Sternen &#8211; S\u00fcdtirol Jazzfestival beginnt","author":"Redaktion JazzZeitung","date":"24. Juni 2016","format":false,"excerpt":"Zum 34. Mal wird das Jazzfestival auf die B\u00fchne(n) gebracht. Dabei wird S\u00fcdtirol landauf, landab bunt erklingen \u2013 diesmal mit dem Jahresthema \u00d6sterreich\/Italien. Wie jedes Jahr wird auch heuer zehn Tage lang Jazz an 60 Schaupl\u00e4tzen in 20 S\u00fcdtiroler Gemeinden mit mehr als 100 Musikern dargeboten. Tolle Musik, besondere Schaupl\u00e4tze\u2026","rel":"","context":"In &quot;News&quot;","block_context":{"text":"News","link":"https:\/\/www.jazzzeitung.de\/cms\/thema\/nachrichten\/"},"img":{"alt_text":"Max Andrzejewski (Stefanie Marcus) kl.","src":"https:\/\/i0.wp.com\/www.jazzzeitung.de\/cms\/wp-content\/uploads\/2016\/06\/Max-Andrzejewski-Stefanie-Marcus-kl.-150x150.jpg?resize=350%2C200","width":350,"height":200},"classes":[]},{"id":4198,"url":"https:\/\/www.jazzzeitung.de\/cms\/2014\/07\/jazz-ist-begegnung-das-32-suedtirol-jazzfestival-zwischen-coax-kollektiv-und-chick-corea\/","url_meta":{"origin":3508,"position":4},"title":"Jazz ist Begegnung &#8211; das 32. S\u00fcdtirol Jazzfestival zwischen Coax-Kollektiv und Chick Corea","author":"Andreas Kolb","date":"7. Juli 2014","format":"gallery","excerpt":"\u00a0 Thank you Klaus \u2013 wenn Rapper Baba Israel sich w\u00e4hrend eines Open Air-Konzerts am Ufer des Talfer beim Festivalchef Klaus Widmann bedankt, dann hat das nichts Artiges an sich, sondern ist authentisch. Und wenn sich sp\u00e4ter Israel, Keyboarder Jason Lindner, Drummer Justin Tyson und Bassist Andreou Panagiotis beim Publikum\u2026","rel":"","context":"In &quot;Galerie&quot;","block_context":{"text":"Galerie","link":"https:\/\/www.jazzzeitung.de\/cms\/thema\/galerie\/"},"img":{"alt_text":"","src":"https:\/\/i0.wp.com\/www.jazzzeitung.de\/cms\/wp-content\/uploads\/2014\/07\/003.jpg?resize=350%2C200","width":350,"height":200,"srcset":"https:\/\/i0.wp.com\/www.jazzzeitung.de\/cms\/wp-content\/uploads\/2014\/07\/003.jpg?resize=350%2C200 1x, https:\/\/i0.wp.com\/www.jazzzeitung.de\/cms\/wp-content\/uploads\/2014\/07\/003.jpg?resize=525%2C300 1.5x, https:\/\/i0.wp.com\/www.jazzzeitung.de\/cms\/wp-content\/uploads\/2014\/07\/003.jpg?resize=700%2C400 2x, https:\/\/i0.wp.com\/www.jazzzeitung.de\/cms\/wp-content\/uploads\/2014\/07\/003.jpg?resize=1050%2C600 3x, https:\/\/i0.wp.com\/www.jazzzeitung.de\/cms\/wp-content\/uploads\/2014\/07\/003.jpg?resize=1400%2C800 4x"},"classes":[]},{"id":29703,"url":"https:\/\/www.jazzzeitung.de\/cms\/2023\/07\/das-suedtirol-jazzfestival-alto-adige-hat-begonnen\/","url_meta":{"origin":3508,"position":5},"title":"Vielfalt pur \u2013 das S\u00fcdtirol Jazzfestival Alto Adige hat begonnen","author":"Andreas Kolb","date":"4. Juli 2023","format":false,"excerpt":"Seit Jahrhunderten gibt es viele Gr\u00fcnde f\u00fcr einen Deutschen, die Alpen zu \u00fcberqueren. Seit 2004 einen weiteren: Das Jazzfestival S\u00fcdtirol Alto Adige. In diesem Jahr hatte der praktische Arzt, Bergsteiger und Gitarrenmusik- und Jazz-Liebhaber Klaus Widmann das S\u00fcdtirol Jazzfestival von Gr\u00fcnder Nicola Ciardi \u00fcbernommen und machte es \u00fcber die Jahre\u2026","rel":"","context":"In &quot;Bericht&quot;","block_context":{"text":"Bericht","link":"https:\/\/www.jazzzeitung.de\/cms\/thema\/bericht\/"},"img":{"alt_text":"","src":"https:\/\/i0.wp.com\/www.jazzzeitung.de\/cms\/wp-content\/uploads\/2023\/07\/Altoadige-Jazz-2023La-Litanie-des-Cimes.jpg?fit=1200%2C800&ssl=1&resize=350%2C200","width":350,"height":200,"srcset":"https:\/\/i0.wp.com\/www.jazzzeitung.de\/cms\/wp-content\/uploads\/2023\/07\/Altoadige-Jazz-2023La-Litanie-des-Cimes.jpg?fit=1200%2C800&ssl=1&resize=350%2C200 1x, https:\/\/i0.wp.com\/www.jazzzeitung.de\/cms\/wp-content\/uploads\/2023\/07\/Altoadige-Jazz-2023La-Litanie-des-Cimes.jpg?fit=1200%2C800&ssl=1&resize=525%2C300 1.5x, https:\/\/i0.wp.com\/www.jazzzeitung.de\/cms\/wp-content\/uploads\/2023\/07\/Altoadige-Jazz-2023La-Litanie-des-Cimes.jpg?fit=1200%2C800&ssl=1&resize=700%2C400 2x, https:\/\/i0.wp.com\/www.jazzzeitung.de\/cms\/wp-content\/uploads\/2023\/07\/Altoadige-Jazz-2023La-Litanie-des-Cimes.jpg?fit=1200%2C800&ssl=1&resize=1050%2C600 3x"},"classes":[]}],"jetpack_sharing_enabled":true,"_links":{"self":[{"href":"https:\/\/www.jazzzeitung.de\/cms\/wp-json\/wp\/v2\/posts\/3508","targetHints":{"allow":["GET"]}}],"collection":[{"href":"https:\/\/www.jazzzeitung.de\/cms\/wp-json\/wp\/v2\/posts"}],"about":[{"href":"https:\/\/www.jazzzeitung.de\/cms\/wp-json\/wp\/v2\/types\/post"}],"author":[{"embeddable":true,"href":"https:\/\/www.jazzzeitung.de\/cms\/wp-json\/wp\/v2\/users\/18"}],"replies":[{"embeddable":true,"href":"https:\/\/www.jazzzeitung.de\/cms\/wp-json\/wp\/v2\/comments?post=3508"}],"version-history":[{"count":2,"href":"https:\/\/www.jazzzeitung.de\/cms\/wp-json\/wp\/v2\/posts\/3508\/revisions"}],"predecessor-version":[{"id":3511,"href":"https:\/\/www.jazzzeitung.de\/cms\/wp-json\/wp\/v2\/posts\/3508\/revisions\/3511"}],"wp:attachment":[{"href":"https:\/\/www.jazzzeitung.de\/cms\/wp-json\/wp\/v2\/media?parent=3508"}],"wp:term":[{"taxonomy":"category","embeddable":true,"href":"https:\/\/www.jazzzeitung.de\/cms\/wp-json\/wp\/v2\/categories?post=3508"},{"taxonomy":"post_tag","embeddable":true,"href":"https:\/\/www.jazzzeitung.de\/cms\/wp-json\/wp\/v2\/tags?post=3508"},{"taxonomy":"author","embeddable":true,"href":"https:\/\/www.jazzzeitung.de\/cms\/wp-json\/wp\/v2\/coauthors?post=3508"}],"curies":[{"name":"wp","href":"https:\/\/api.w.org\/{rel}","templated":true}]}}