{"id":34421,"date":"2026-09-03T13:35:58","date_gmt":"2026-09-03T11:35:58","guid":{"rendered":"https:\/\/www.jazzzeitung.de\/cms\/?p=34421"},"modified":"2026-09-03T13:33:10","modified_gmt":"2026-09-03T11:33:10","slug":"im-offenen-gelaende-zum-tod-von-cassandra-wilson","status":"publish","type":"post","link":"https:\/\/www.jazzzeitung.de\/cms\/2026\/09\/im-offenen-gelaende-zum-tod-von-cassandra-wilson\/","title":{"rendered":"Im offenen Gel\u00e4nde \u2013 Zum Tod von Cassandra Wilson"},"content":{"rendered":"<p class=\"Textbody\"><em><strong><span class=\"StrongEmphasis\">Die S\u00e4ngerin, Gitarristin und Produzentin starb am 1. September 2026 mit 70 Jahren in ihrer Heimatstadt Jackson, Mississippi. Ihre gr\u00f6\u00dfte Wirkung erzielte sie mit dem, was sie weglie\u00df.<\/span><\/strong><\/em><\/p>\n<p class=\"Textbody\">Erkl\u00e4ren musste sie nichts. Dass Blues und Avantgarde, Geschichte und Improvisation zusammengeh\u00f6ren konnten \u2013 all das ergab sich, w\u00e4hrend sie darin sang. Und sie griff selbst zur Gitarre: nicht virtuos im klassischen Sinn, aber als Teil dieses Klangk\u00f6rpers. Sie wollte nicht vor einer Band stehen, sondern sich innerhalb der Musik bewegen.<\/p>\n<p class=\"Textbody\">In Erinnerung geblieben ist nicht zuletzt ein Auftritt beim Moers-Festival, wo Cassandra Wilson vor gut zehn Jahren, am 14. Mai 2016, auf der B\u00fchne stand \u2013 nicht mit einem klassischen Jazzquartett oder einer Band, die ihre bekannten Blue-Note-Sounds reproduzierte, sondern mit dem Trio Harriet Tubman: Brandon Ross an Gitarre und Banjo, Melvin Gibbs am Bass, J. T. Lewis am Schlagzeug. Das Projekt hie\u00df \u201eBlack Sun&#8220;. Schon der Bandname war ein Statement: Harriet Tubman f\u00fchrte im 19. Jahrhundert versklavte Menschen \u00fcber das Underground Railroad in die Freiheit. Entsprechend weit entfernt von gef\u00e4lligem Crossover war die Musik des Trios: elektrisch, schwer, bluesgetr\u00e4nkt, mitunter geradezu bedrohlich \u2013 ein Klangk\u00f6rper, der sich mit afroamerikanischer Geschichte befasste, w\u00e4hrend Brandon Ross auf die afrikanischen Wurzeln des Banjos verwies.<\/p>\n<h3>Nicht covern, sondern freilegen<\/h3>\n<p class=\"Textbody\">Dass Cassandra Wilson am Ende ihres Lebens nach Jackson zur\u00fcckkehrte, ist kein Zufall. So weit sie gereist ist \u2013 von den experimentellen M-Base-Zirkeln im New York der achtziger Jahre bis auf die gro\u00dfen internationalen B\u00fchnen \u2013, diese Stadt blieb die Grundierung, auf der alles andere aufbaute.<\/p>\n<p class=\"Textbody\">Ihre dunkle Altstimme war nicht einfach tief. Sie hatte Gewicht, ohne sich aufzudr\u00e4ngen. Sie konnte hauchen, erz\u00e4hlen, eine Melodie beil\u00e4ufig umkreisen oder einen Ton so lange stehen lassen, bis aus einer schlichten Phrase Geschichte wurde. Gegen\u00fcber der Washington Post hat sie einmal sehr pr\u00e4zise beschrieben, wie sie mit fremdem Material umging: \u201eA song has to live for you.&#8220; Ein St\u00fcck m\u00fcsse mit einer konkreten Erinnerung verbunden sein. Es zu singen bedeute deshalb nie, es zu covern: \u201eYou&#8217;re uncovering it.&#8220; Man legt es frei.<\/p>\n<div class=\"tiled-gallery type-rectangular tiled-gallery-unresized\" data-original-width=\"840\" data-carousel-extra='{&quot;blog_id&quot;:1,&quot;permalink&quot;:&quot;https:\\\/\\\/www.jazzzeitung.de\\\/cms\\\/2026\\\/09\\\/im-offenen-gelaende-zum-tod-von-cassandra-wilson\\\/&quot;,&quot;likes_blog_id&quot;:55446655}' itemscope itemtype=\"http:\/\/schema.org\/ImageGallery\" > <div class=\"gallery-row\" style=\"width: 840px; height: 347px;\" data-original-width=\"840\" data-original-height=\"347\" > <div class=\"gallery-group images-1\" style=\"width: 321px; height: 347px;\" data-original-width=\"321\" data-original-height=\"347\" > <div class=\"tiled-gallery-item tiled-gallery-item-large\" itemprop=\"associatedMedia\" itemscope itemtype=\"http:\/\/schema.org\/ImageObject\"> <a href=\"https:\/\/www.jazzzeitung.de\/cms\/2026\/09\/im-offenen-gelaende-zum-tod-von-cassandra-wilson\/cassandra-wilson-4-c-stefan-pieper\/\" border=\"0\" itemprop=\"url\"> <meta itemprop=\"width\" content=\"317\"> <meta itemprop=\"height\" content=\"343\"> <img decoding=\"async\" class=\"\" data-attachment-id=\"34425\" data-orig-file=\"https:\/\/www.jazzzeitung.de\/cms\/wp-content\/uploads\/2026\/09\/Cassandra-Wilson-4-c-stefan-pieper-scaled.jpg\" data-orig-size=\"2365,2560\" data-comments-opened=\"1\" data-image-title=\"\" data-image-description=\"\" data-medium-file=\"https:\/\/i0.wp.com\/www.jazzzeitung.de\/cms\/wp-content\/uploads\/2026\/09\/Cassandra-Wilson-4-c-stefan-pieper-scaled.jpg?fit=277%2C300&#038;ssl=1\" data-large-file=\"https:\/\/i0.wp.com\/www.jazzzeitung.de\/cms\/wp-content\/uploads\/2026\/09\/Cassandra-Wilson-4-c-stefan-pieper-scaled.jpg?fit=554%2C600&#038;ssl=1\" src=\"https:\/\/i0.wp.com\/www.jazzzeitung.de\/cms\/wp-content\/uploads\/2026\/09\/Cassandra-Wilson-4-c-stefan-pieper-scaled.jpg?w=317&#038;h=343&#038;ssl=1\" srcset=\"https:\/\/i0.wp.com\/www.jazzzeitung.de\/cms\/wp-content\/uploads\/2026\/09\/Cassandra-Wilson-4-c-stefan-pieper-scaled.jpg?w=2365&amp;ssl=1 2365w, https:\/\/i0.wp.com\/www.jazzzeitung.de\/cms\/wp-content\/uploads\/2026\/09\/Cassandra-Wilson-4-c-stefan-pieper-scaled.jpg?resize=277%2C300&amp;ssl=1 277w, https:\/\/i0.wp.com\/www.jazzzeitung.de\/cms\/wp-content\/uploads\/2026\/09\/Cassandra-Wilson-4-c-stefan-pieper-scaled.jpg?resize=554%2C600&amp;ssl=1 554w, https:\/\/i0.wp.com\/www.jazzzeitung.de\/cms\/wp-content\/uploads\/2026\/09\/Cassandra-Wilson-4-c-stefan-pieper-scaled.jpg?resize=768%2C831&amp;ssl=1 768w, https:\/\/i0.wp.com\/www.jazzzeitung.de\/cms\/wp-content\/uploads\/2026\/09\/Cassandra-Wilson-4-c-stefan-pieper-scaled.jpg?resize=1419%2C1536&amp;ssl=1 1419w, https:\/\/i0.wp.com\/www.jazzzeitung.de\/cms\/wp-content\/uploads\/2026\/09\/Cassandra-Wilson-4-c-stefan-pieper-scaled.jpg?resize=1892%2C2048&amp;ssl=1 1892w, https:\/\/i0.wp.com\/www.jazzzeitung.de\/cms\/wp-content\/uploads\/2026\/09\/Cassandra-Wilson-4-c-stefan-pieper-scaled.jpg?resize=1320%2C1429&amp;ssl=1 1320w, https:\/\/i0.wp.com\/www.jazzzeitung.de\/cms\/wp-content\/uploads\/2026\/09\/Cassandra-Wilson-4-c-stefan-pieper-scaled.jpg?w=1680&amp;ssl=1 1680w\" width=\"317\" height=\"343\" loading=\"lazy\" data-original-width=\"317\" data-original-height=\"343\" itemprop=\"http:\/\/schema.org\/image\" title=\"\" alt=\"Cassandra Wilson 2016 in Moers mit dem Trio Harriet Tubman. Foto: Stefan Pieper\" style=\"width: 317px; height: 343px;\" \/> <\/a> <div class=\"tiled-gallery-caption\" itemprop=\"caption description\"> Cassandra Wilson 2016 in Moers mit dem Trio Harriet Tubman. Foto: Stefan Pieper <\/div> <\/div> <\/div> <!-- close group --> <div class=\"gallery-group images-1\" style=\"width: 519px; height: 347px;\" data-original-width=\"519\" data-original-height=\"347\" > <div class=\"tiled-gallery-item tiled-gallery-item-large\" itemprop=\"associatedMedia\" itemscope itemtype=\"http:\/\/schema.org\/ImageObject\"> <a href=\"https:\/\/www.jazzzeitung.de\/cms\/2026\/09\/im-offenen-gelaende-zum-tod-von-cassandra-wilson\/dsc05347\/\" border=\"0\" itemprop=\"url\"> <meta itemprop=\"width\" content=\"515\"> <meta itemprop=\"height\" content=\"343\"> <img decoding=\"async\" class=\"\" data-attachment-id=\"34426\" data-orig-file=\"https:\/\/www.jazzzeitung.de\/cms\/wp-content\/uploads\/2026\/09\/DSC05347-scaled.jpg\" data-orig-size=\"2560,1707\" data-comments-opened=\"1\" data-image-title=\"\" data-image-description=\"\" data-medium-file=\"https:\/\/i0.wp.com\/www.jazzzeitung.de\/cms\/wp-content\/uploads\/2026\/09\/DSC05347-scaled.jpg?fit=300%2C200&#038;ssl=1\" data-large-file=\"https:\/\/i0.wp.com\/www.jazzzeitung.de\/cms\/wp-content\/uploads\/2026\/09\/DSC05347-scaled.jpg?fit=840%2C560&#038;ssl=1\" src=\"https:\/\/i0.wp.com\/www.jazzzeitung.de\/cms\/wp-content\/uploads\/2026\/09\/DSC05347-scaled.jpg?w=515&#038;h=343&#038;ssl=1\" srcset=\"https:\/\/i0.wp.com\/www.jazzzeitung.de\/cms\/wp-content\/uploads\/2026\/09\/DSC05347-scaled.jpg?w=2560&amp;ssl=1 2560w, https:\/\/i0.wp.com\/www.jazzzeitung.de\/cms\/wp-content\/uploads\/2026\/09\/DSC05347-scaled.jpg?resize=300%2C200&amp;ssl=1 300w, https:\/\/i0.wp.com\/www.jazzzeitung.de\/cms\/wp-content\/uploads\/2026\/09\/DSC05347-scaled.jpg?resize=900%2C600&amp;ssl=1 900w, https:\/\/i0.wp.com\/www.jazzzeitung.de\/cms\/wp-content\/uploads\/2026\/09\/DSC05347-scaled.jpg?resize=768%2C512&amp;ssl=1 768w, https:\/\/i0.wp.com\/www.jazzzeitung.de\/cms\/wp-content\/uploads\/2026\/09\/DSC05347-scaled.jpg?resize=1536%2C1024&amp;ssl=1 1536w, https:\/\/i0.wp.com\/www.jazzzeitung.de\/cms\/wp-content\/uploads\/2026\/09\/DSC05347-scaled.jpg?resize=2048%2C1365&amp;ssl=1 2048w, https:\/\/i0.wp.com\/www.jazzzeitung.de\/cms\/wp-content\/uploads\/2026\/09\/DSC05347-scaled.jpg?resize=120%2C80&amp;ssl=1 120w, https:\/\/i0.wp.com\/www.jazzzeitung.de\/cms\/wp-content\/uploads\/2026\/09\/DSC05347-scaled.jpg?resize=1320%2C880&amp;ssl=1 1320w, https:\/\/i0.wp.com\/www.jazzzeitung.de\/cms\/wp-content\/uploads\/2026\/09\/DSC05347-scaled.jpg?w=1680&amp;ssl=1 1680w\" width=\"515\" height=\"343\" loading=\"lazy\" data-original-width=\"515\" data-original-height=\"343\" itemprop=\"http:\/\/schema.org\/image\" title=\"\" alt=\"Cassandra Wilson. Foto: Stefan Pieper\" style=\"width: 515px; height: 343px;\" \/> <\/a> <div class=\"tiled-gallery-caption\" itemprop=\"caption description\"> Cassandra Wilson. Foto: Stefan Pieper <\/div> <\/div> <\/div> <!-- close group --> <\/div> <!-- close row --> <\/div>\n<p class=\"Textbody\">Geboren wurde sie am 4. Dezember 1955 als Cassandra Fowlkes, der Vater Jazzmusiker, die Mutter Lehrerin. Mit sechs Jahren begann sie Klavier zu spielen, sp\u00e4ter kam die Klarinette dazu. Sie sang in Schulproduktionen und schrieb als Jugendliche eigene Songs. Motown und Miles Davis, popul\u00e4re afroamerikanische Musik und Thelonious Monk, das lag in ihrer Welt ohnehin nebeneinander. \u00dcber das College und New Orleans f\u00fchrte der Weg nach New York, ins Umfeld des von Steve Coleman gepr\u00e4gten M-Base Collective: rhythmisch komplex, elektrisch, offen f\u00fcr Hip-Hop und Funk verk\u00f6rperte auch diese Musik das Gegenteil dessen, was man sich damals unter einer Jazzs\u00e4ngerin vorstellte.<\/p>\n<p class=\"Textbody\">Den entscheidenden Schritt machte sie Anfang der neunziger Jahre bei Blue Note. \u201eBlue Light &#8218;Til Dawn&#8220; (1993) fand eine Sprache, die radikal reduziert und zugleich ungemein weit war. Robert Johnson und Joni Mitchell konnten dort nebeneinander stehen, ohne dass daraus ein demonstratives Crossover wurde. Der Rest ist institutionelle Anerkennung: der Grammy f\u00fcr \u201eNew Moon Daughter&#8220; 1997, zw\u00f6lf Jahre sp\u00e4ter ein zweiter f\u00fcr \u201eLoverly&#8220;, 2001 der Titel \u201eAmerica&#8217;s Best Singer&#8220; im Time Magazine, 2022 die Ernennung zum NEA Jazz Master. Mehr als 20 Alben als Bandleaderin, Arbeiten mit Wynton Marsalis \u2013 auch bei dessen Pulitzer-gekr\u00f6ntem \u201eBlood on the Fields&#8220; \u2013, mit Bill Frisell, Charlie Haden, Angelique Kidjo.<\/p>\n<h3>Kunst und Leben<\/h3>\n<p class=\"Textbody\">2015 erschien mit \u201eComing Forth by Day&#8220; ihre Auseinandersetzung mit Billie Holiday zu deren 100. Geburtstag \u2013 und ihr letztes Album unter eigenem Namen. Auch hier ging es nicht um Nachahmung. Wilson behandelte Holiday nicht als Ikone, der man sich m\u00f6glichst originalgetreu anzun\u00e4hern hat, sondern begegnete ihr als K\u00fcnstlerin einer anderen Generation. Nicht die leidvolle Biografie, aus der man diese Musik gemeinhin erkl\u00e4rt, stand im Zentrum, sondern das, was solche Songs vermochten: eine Welt zu schaffen, in der die Realit\u00e4t f\u00fcr einen Moment ertr\u00e4glicher wurde.<\/p>\n<p class=\"Textbody\">Das Politische an dieser Musik lag nie in plakativen Botschaften. Wilson hat aus ihren Konzerten keine Kundgebungen gemacht und ihre Songs nicht mit Parolen aufgeladen. Es lag eine Ebene tiefer, in einer Form von Selbstbestimmung: Sie lie\u00df sich nicht vorschreiben, wie eine Jazzs\u00e4ngerin zu klingen hat, welches Repertoire ihr zusteht, in welche Kategorie sie geh\u00f6rt. Die Weigerung, zwischen Blues und Avantgarde, zwischen Mississippi und New York eine Grenze zu ziehen, war deshalb nie blo\u00df eine Geschmacksfrage. Und ein Abend wie der in Moers war kein Ausflug ins Experimentelle, sondern die konsequente Anwendung dieser Haltung \u2013 auf einer B\u00fchne, auf der afroamerikanische Geschichte nicht Thema war, sondern Material.<\/p>\n<p class=\"Textbody\">Cassandra Wilson musste sich nicht befreien, um Grenzen zu \u00fcberschreiten. Sie hat diese Grenzen gar nicht erst anerkannt. Das war keine Beliebigkeit, es war eine Entscheidung \u2013 und wer sie in Moers und anderswo erlebt hat, konnte das immer wieder \u00fcberpr\u00fcfen. Was bleibt, ist keine Denkmalpflege, sondern das n\u00e4chste H\u00f6ren: ein Song, der pl\u00f6tzlich anders klingt, weil eine Stimme darin steckt, die wusste, dass Musik niemals nur aus T\u00f6nen besteht.<\/p>\n<p>Text und Fotos: Stefan Pieper<\/p>\n<p class=\"Textbody\">\n","protected":false},"excerpt":{"rendered":"<p>Die S\u00e4ngerin, Gitarristin und Produzentin starb am 1. September 2026 mit 70 Jahren in ihrer Heimatstadt Jackson, Mississippi. Ihre gr\u00f6\u00dfte Wirkung erzielte sie mit dem, was sie weglie\u00df. Erkl\u00e4ren musste sie nichts. Dass Blues und Avantgarde, Geschichte und Improvisation zusammengeh\u00f6ren konnten \u2013 all das ergab sich, w\u00e4hrend sie darin sang. Und sie griff selbst zur Gitarre: nicht virtuos im klassischen Sinn, aber als Teil dieses Klangk\u00f6rpers. Sie wollte nicht vor einer Band stehen, sondern sich innerhalb der Musik bewegen. In Erinnerung geblieben ist nicht zuletzt ein Auftritt beim Moers-Festival, wo Cassandra Wilson vor gut zehn Jahren, am 14. Mai 2016, auf der B\u00fchne stand \u2013 nicht mit einem klassischen Jazzquartett oder einer Band, die ihre bekannten Blue-Note-Sounds reproduzierte, sondern mit dem Trio Harriet Tubman: Brandon Ross an Gitarre und Banjo, Melvin Gibbs am Bass, J. T. Lewis am Schlagzeug. Das Projekt hie\u00df \u201eBlack Sun&#8220;. Schon der Bandname war ein Statement: Harriet Tubman f\u00fchrte im 19. Jahrhundert versklavte Menschen \u00fcber das Underground Railroad in die Freiheit. Entsprechend weit entfernt von gef\u00e4lligem Crossover war die Musik des Trios: elektrisch, schwer, bluesgetr\u00e4nkt, mitunter geradezu bedrohlich \u2013 ein Klangk\u00f6rper, &hellip;<\/p>\n","protected":false},"author":18,"featured_media":34423,"comment_status":"open","ping_status":"closed","sticky":false,"template":"","format":"standard","meta":{"_jetpack_newsletter_access":"","_jetpack_dont_email_post_to_subs":false,"_jetpack_newsletter_tier_id":0,"_jetpack_memberships_contains_paywalled_content":false,"_jetpack_feature_clip_id":0,"_jetpack_memberships_contains_paid_content":false,"footnotes":"","jetpack_publicize_message":"","jetpack_publicize_feature_enabled":true,"jetpack_social_post_already_shared":true,"jetpack_social_options":{"image_generator_settings":{"template":"highway","default_image_id":0,"font":"","enabled":false},"version":2},"jetpack_post_was_ever_published":false},"categories":[1063],"tags":[5776,5901,5902],"coauthors":[695],"class_list":["post-34421","post","type-post","status-publish","format-standard","has-post-thumbnail","hentry","category-portrait","tag-cassandra-wilson","tag-magnolia","tag-new-moon-daughter"],"yoast_head":"<!-- This site is optimized with the Yoast SEO plugin v28.4 - https:\/\/yoast.com\/product\/yoast-seo-wordpress\/ -->\n<title>Im offenen Gel\u00e4nde \u2013 Zum Tod von Cassandra Wilson - JazzZeitung<\/title>\n<meta name=\"robots\" content=\"index, follow, max-snippet:-1, max-image-preview:large, max-video-preview:-1\" \/>\n<link rel=\"canonical\" href=\"https:\/\/www.jazzzeitung.de\/cms\/2026\/09\/im-offenen-gelaende-zum-tod-von-cassandra-wilson\/\" \/>\n<meta property=\"og:locale\" content=\"de_DE\" \/>\n<meta property=\"og:type\" content=\"article\" \/>\n<meta property=\"og:title\" content=\"Im offenen Gel\u00e4nde \u2013 Zum Tod von Cassandra Wilson - JazzZeitung\" \/>\n<meta property=\"og:description\" content=\"Die S\u00e4ngerin, Gitarristin und Produzentin starb am 1. September 2026 mit 70 Jahren in ihrer Heimatstadt Jackson, Mississippi. Ihre gr\u00f6\u00dfte Wirkung erzielte sie mit dem, was sie weglie\u00df. Erkl\u00e4ren musste sie nichts. Dass Blues und Avantgarde, Geschichte und Improvisation zusammengeh\u00f6ren konnten \u2013 all das ergab sich, w\u00e4hrend sie darin sang. Und sie griff selbst zur Gitarre: nicht virtuos im klassischen Sinn, aber als Teil dieses Klangk\u00f6rpers. Sie wollte nicht vor einer Band stehen, sondern sich innerhalb der Musik bewegen. In Erinnerung geblieben ist nicht zuletzt ein Auftritt beim Moers-Festival, wo Cassandra Wilson vor gut zehn Jahren, am 14. Mai 2016, auf der B\u00fchne stand \u2013 nicht mit einem klassischen Jazzquartett oder einer Band, die ihre bekannten Blue-Note-Sounds reproduzierte, sondern mit dem Trio Harriet Tubman: Brandon Ross an Gitarre und Banjo, Melvin Gibbs am Bass, J. T. Lewis am Schlagzeug. Das Projekt hie\u00df \u201eBlack Sun&#8220;. Schon der Bandname war ein Statement: Harriet Tubman f\u00fchrte im 19. Jahrhundert versklavte Menschen \u00fcber das Underground Railroad in die Freiheit. Entsprechend weit entfernt von gef\u00e4lligem Crossover war die Musik des Trios: elektrisch, schwer, bluesgetr\u00e4nkt, mitunter geradezu bedrohlich \u2013 ein Klangk\u00f6rper, &hellip;\" \/>\n<meta property=\"og:url\" content=\"https:\/\/www.jazzzeitung.de\/cms\/2026\/09\/im-offenen-gelaende-zum-tod-von-cassandra-wilson\/\" \/>\n<meta property=\"og:site_name\" content=\"JazzZeitung\" \/>\n<meta property=\"article:publisher\" content=\"https:\/\/www.facebook.com\/JazzZeitung\/\" \/>\n<meta property=\"article:published_time\" content=\"2026-09-03T11:35:58+00:00\" \/>\n<meta property=\"og:image\" content=\"https:\/\/i0.wp.com\/www.jazzzeitung.de\/cms\/wp-content\/uploads\/2026\/09\/Cassandra-Wilson-2-c-stefan-pieper_-scaled.jpg?fit=2560%2C1707&ssl=1\" \/>\n\t<meta property=\"og:image:width\" content=\"2560\" \/>\n\t<meta property=\"og:image:height\" content=\"1707\" \/>\n\t<meta property=\"og:image:type\" content=\"image\/jpeg\" \/>\n<meta name=\"author\" content=\"Redaktion JazzZeitung\" \/>\n<script type=\"application\/ld+json\" class=\"yoast-schema-graph\">{\"@context\":\"https:\\\/\\\/schema.org\",\"@graph\":[{\"@type\":\"Article\",\"@id\":\"https:\\\/\\\/www.jazzzeitung.de\\\/cms\\\/2026\\\/09\\\/im-offenen-gelaende-zum-tod-von-cassandra-wilson\\\/#article\",\"isPartOf\":{\"@id\":\"https:\\\/\\\/www.jazzzeitung.de\\\/cms\\\/2026\\\/09\\\/im-offenen-gelaende-zum-tod-von-cassandra-wilson\\\/\"},\"author\":{\"name\":\"Redaktion JazzZeitung\",\"@id\":\"https:\\\/\\\/www.jazzzeitung.de\\\/cms\\\/#\\\/schema\\\/person\\\/2245b36b9cd1d24cea10f01c031fb92b\"},\"headline\":\"Im offenen Gel\u00e4nde \u2013 Zum Tod von Cassandra Wilson\",\"datePublished\":\"2026-09-03T11:35:58+00:00\",\"mainEntityOfPage\":{\"@id\":\"https:\\\/\\\/www.jazzzeitung.de\\\/cms\\\/2026\\\/09\\\/im-offenen-gelaende-zum-tod-von-cassandra-wilson\\\/\"},\"wordCount\":849,\"commentCount\":0,\"publisher\":{\"@id\":\"https:\\\/\\\/www.jazzzeitung.de\\\/cms\\\/#organization\"},\"image\":{\"@id\":\"https:\\\/\\\/www.jazzzeitung.de\\\/cms\\\/2026\\\/09\\\/im-offenen-gelaende-zum-tod-von-cassandra-wilson\\\/#primaryimage\"},\"thumbnailUrl\":\"https:\\\/\\\/i0.wp.com\\\/www.jazzzeitung.de\\\/cms\\\/wp-content\\\/uploads\\\/2026\\\/09\\\/Cassandra-Wilson-2-c-stefan-pieper_-scaled.jpg?fit=2560%2C1707&ssl=1\",\"keywords\":[\"Cassandra Wilson\",\"Magnolia\",\"New Moon Daughter\"],\"articleSection\":[\"Portrait\"],\"inLanguage\":\"de\",\"potentialAction\":[{\"@type\":\"CommentAction\",\"name\":\"Comment\",\"target\":[\"https:\\\/\\\/www.jazzzeitung.de\\\/cms\\\/2026\\\/09\\\/im-offenen-gelaende-zum-tod-von-cassandra-wilson\\\/#respond\"]}]},{\"@type\":\"WebPage\",\"@id\":\"https:\\\/\\\/www.jazzzeitung.de\\\/cms\\\/2026\\\/09\\\/im-offenen-gelaende-zum-tod-von-cassandra-wilson\\\/\",\"url\":\"https:\\\/\\\/www.jazzzeitung.de\\\/cms\\\/2026\\\/09\\\/im-offenen-gelaende-zum-tod-von-cassandra-wilson\\\/\",\"name\":\"Im offenen Gel\u00e4nde \u2013 Zum Tod von Cassandra Wilson - JazzZeitung\",\"isPartOf\":{\"@id\":\"https:\\\/\\\/www.jazzzeitung.de\\\/cms\\\/#website\"},\"primaryImageOfPage\":{\"@id\":\"https:\\\/\\\/www.jazzzeitung.de\\\/cms\\\/2026\\\/09\\\/im-offenen-gelaende-zum-tod-von-cassandra-wilson\\\/#primaryimage\"},\"image\":{\"@id\":\"https:\\\/\\\/www.jazzzeitung.de\\\/cms\\\/2026\\\/09\\\/im-offenen-gelaende-zum-tod-von-cassandra-wilson\\\/#primaryimage\"},\"thumbnailUrl\":\"https:\\\/\\\/i0.wp.com\\\/www.jazzzeitung.de\\\/cms\\\/wp-content\\\/uploads\\\/2026\\\/09\\\/Cassandra-Wilson-2-c-stefan-pieper_-scaled.jpg?fit=2560%2C1707&ssl=1\",\"datePublished\":\"2026-09-03T11:35:58+00:00\",\"breadcrumb\":{\"@id\":\"https:\\\/\\\/www.jazzzeitung.de\\\/cms\\\/2026\\\/09\\\/im-offenen-gelaende-zum-tod-von-cassandra-wilson\\\/#breadcrumb\"},\"inLanguage\":\"de\",\"potentialAction\":[{\"@type\":\"ReadAction\",\"target\":[\"https:\\\/\\\/www.jazzzeitung.de\\\/cms\\\/2026\\\/09\\\/im-offenen-gelaende-zum-tod-von-cassandra-wilson\\\/\"]}]},{\"@type\":\"ImageObject\",\"inLanguage\":\"de\",\"@id\":\"https:\\\/\\\/www.jazzzeitung.de\\\/cms\\\/2026\\\/09\\\/im-offenen-gelaende-zum-tod-von-cassandra-wilson\\\/#primaryimage\",\"url\":\"https:\\\/\\\/i0.wp.com\\\/www.jazzzeitung.de\\\/cms\\\/wp-content\\\/uploads\\\/2026\\\/09\\\/Cassandra-Wilson-2-c-stefan-pieper_-scaled.jpg?fit=2560%2C1707&ssl=1\",\"contentUrl\":\"https:\\\/\\\/i0.wp.com\\\/www.jazzzeitung.de\\\/cms\\\/wp-content\\\/uploads\\\/2026\\\/09\\\/Cassandra-Wilson-2-c-stefan-pieper_-scaled.jpg?fit=2560%2C1707&ssl=1\",\"width\":2560,\"height\":1707},{\"@type\":\"BreadcrumbList\",\"@id\":\"https:\\\/\\\/www.jazzzeitung.de\\\/cms\\\/2026\\\/09\\\/im-offenen-gelaende-zum-tod-von-cassandra-wilson\\\/#breadcrumb\",\"itemListElement\":[{\"@type\":\"ListItem\",\"position\":1,\"name\":\"Startseite\",\"item\":\"https:\\\/\\\/www.jazzzeitung.de\\\/cms\\\/\"},{\"@type\":\"ListItem\",\"position\":2,\"name\":\"Im offenen Gel\u00e4nde \u2013 Zum Tod von Cassandra Wilson\"}]},{\"@type\":\"WebSite\",\"@id\":\"https:\\\/\\\/www.jazzzeitung.de\\\/cms\\\/#website\",\"url\":\"https:\\\/\\\/www.jazzzeitung.de\\\/cms\\\/\",\"name\":\"JazzZeitung\",\"description\":\"Jazz-News und Jazz-Kontroverses\",\"publisher\":{\"@id\":\"https:\\\/\\\/www.jazzzeitung.de\\\/cms\\\/#organization\"},\"potentialAction\":[{\"@type\":\"SearchAction\",\"target\":{\"@type\":\"EntryPoint\",\"urlTemplate\":\"https:\\\/\\\/www.jazzzeitung.de\\\/cms\\\/?s={search_term_string}\"},\"query-input\":{\"@type\":\"PropertyValueSpecification\",\"valueRequired\":true,\"valueName\":\"search_term_string\"}}],\"inLanguage\":\"de\"},{\"@type\":\"Organization\",\"@id\":\"https:\\\/\\\/www.jazzzeitung.de\\\/cms\\\/#organization\",\"name\":\"JazzZeitung online\",\"url\":\"https:\\\/\\\/www.jazzzeitung.de\\\/cms\\\/\",\"logo\":{\"@type\":\"ImageObject\",\"inLanguage\":\"de\",\"@id\":\"https:\\\/\\\/www.jazzzeitung.de\\\/cms\\\/#\\\/schema\\\/logo\\\/image\\\/\",\"url\":\"https:\\\/\\\/i0.wp.com\\\/www.jazzzeitung.de\\\/cms\\\/wp-content\\\/uploads\\\/2015\\\/08\\\/JAZZZEITUNGDE_Logo_Neu.png?fit=499%2C200&ssl=1\",\"contentUrl\":\"https:\\\/\\\/i0.wp.com\\\/www.jazzzeitung.de\\\/cms\\\/wp-content\\\/uploads\\\/2015\\\/08\\\/JAZZZEITUNGDE_Logo_Neu.png?fit=499%2C200&ssl=1\",\"width\":499,\"height\":200,\"caption\":\"JazzZeitung online\"},\"image\":{\"@id\":\"https:\\\/\\\/www.jazzzeitung.de\\\/cms\\\/#\\\/schema\\\/logo\\\/image\\\/\"},\"sameAs\":[\"https:\\\/\\\/www.facebook.com\\\/JazzZeitung\\\/\"]},{\"@type\":\"Person\",\"@id\":\"https:\\\/\\\/www.jazzzeitung.de\\\/cms\\\/#\\\/schema\\\/person\\\/2245b36b9cd1d24cea10f01c031fb92b\",\"name\":\"Redaktion JazzZeitung\",\"image\":{\"@type\":\"ImageObject\",\"inLanguage\":\"de\",\"@id\":\"https:\\\/\\\/i0.wp.com\\\/www.jazzzeitung.de\\\/cms\\\/wp-content\\\/uploads\\\/2015\\\/08\\\/JAZZZEITUNGDE_Logo_Neu.png?resize=96%2C96&ssl=159975dcacb611b5700bd619b5daf0a7a\",\"url\":\"https:\\\/\\\/i0.wp.com\\\/www.jazzzeitung.de\\\/cms\\\/wp-content\\\/uploads\\\/2015\\\/08\\\/JAZZZEITUNGDE_Logo_Neu.png?resize=96%2C96&ssl=1\",\"contentUrl\":\"https:\\\/\\\/i0.wp.com\\\/www.jazzzeitung.de\\\/cms\\\/wp-content\\\/uploads\\\/2015\\\/08\\\/JAZZZEITUNGDE_Logo_Neu.png?resize=96%2C96&ssl=1\",\"caption\":\"Redaktion JazzZeitung\"},\"description\":\"Artikel der Redaktion der JazzZeitung.\",\"sameAs\":[\"http:\\\/\\\/www.jazzzeitung.de\\\/cms\\\/\"],\"url\":\"https:\\\/\\\/www.jazzzeitung.de\\\/cms\\\/author\\\/redaktion\\\/\"}]}<\/script>\n<!-- \/ Yoast SEO plugin. -->","yoast_head_json":{"title":"Im offenen Gel\u00e4nde \u2013 Zum Tod von Cassandra Wilson - JazzZeitung","robots":{"index":"index","follow":"follow","max-snippet":"max-snippet:-1","max-image-preview":"max-image-preview:large","max-video-preview":"max-video-preview:-1"},"canonical":"https:\/\/www.jazzzeitung.de\/cms\/2026\/09\/im-offenen-gelaende-zum-tod-von-cassandra-wilson\/","og_locale":"de_DE","og_type":"article","og_title":"Im offenen Gel\u00e4nde \u2013 Zum Tod von Cassandra Wilson - JazzZeitung","og_description":"Die S\u00e4ngerin, Gitarristin und Produzentin starb am 1. September 2026 mit 70 Jahren in ihrer Heimatstadt Jackson, Mississippi. Ihre gr\u00f6\u00dfte Wirkung erzielte sie mit dem, was sie weglie\u00df. Erkl\u00e4ren musste sie nichts. Dass Blues und Avantgarde, Geschichte und Improvisation zusammengeh\u00f6ren konnten \u2013 all das ergab sich, w\u00e4hrend sie darin sang. Und sie griff selbst zur Gitarre: nicht virtuos im klassischen Sinn, aber als Teil dieses Klangk\u00f6rpers. Sie wollte nicht vor einer Band stehen, sondern sich innerhalb der Musik bewegen. In Erinnerung geblieben ist nicht zuletzt ein Auftritt beim Moers-Festival, wo Cassandra Wilson vor gut zehn Jahren, am 14. Mai 2016, auf der B\u00fchne stand \u2013 nicht mit einem klassischen Jazzquartett oder einer Band, die ihre bekannten Blue-Note-Sounds reproduzierte, sondern mit dem Trio Harriet Tubman: Brandon Ross an Gitarre und Banjo, Melvin Gibbs am Bass, J. T. Lewis am Schlagzeug. Das Projekt hie\u00df \u201eBlack Sun&#8220;. Schon der Bandname war ein Statement: Harriet Tubman f\u00fchrte im 19. Jahrhundert versklavte Menschen \u00fcber das Underground Railroad in die Freiheit. Entsprechend weit entfernt von gef\u00e4lligem Crossover war die Musik des Trios: elektrisch, schwer, bluesgetr\u00e4nkt, mitunter geradezu bedrohlich \u2013 ein Klangk\u00f6rper, &hellip;","og_url":"https:\/\/www.jazzzeitung.de\/cms\/2026\/09\/im-offenen-gelaende-zum-tod-von-cassandra-wilson\/","og_site_name":"JazzZeitung","article_publisher":"https:\/\/www.facebook.com\/JazzZeitung\/","article_published_time":"2026-09-03T11:35:58+00:00","og_image":[{"width":2560,"height":1707,"url":"https:\/\/i0.wp.com\/www.jazzzeitung.de\/cms\/wp-content\/uploads\/2026\/09\/Cassandra-Wilson-2-c-stefan-pieper_-scaled.jpg?fit=2560%2C1707&ssl=1","type":"image\/jpeg"}],"author":"Redaktion JazzZeitung","schema":{"@context":"https:\/\/schema.org","@graph":[{"@type":"Article","@id":"https:\/\/www.jazzzeitung.de\/cms\/2026\/09\/im-offenen-gelaende-zum-tod-von-cassandra-wilson\/#article","isPartOf":{"@id":"https:\/\/www.jazzzeitung.de\/cms\/2026\/09\/im-offenen-gelaende-zum-tod-von-cassandra-wilson\/"},"author":{"name":"Redaktion JazzZeitung","@id":"https:\/\/www.jazzzeitung.de\/cms\/#\/schema\/person\/2245b36b9cd1d24cea10f01c031fb92b"},"headline":"Im offenen Gel\u00e4nde \u2013 Zum Tod von Cassandra Wilson","datePublished":"2026-09-03T11:35:58+00:00","mainEntityOfPage":{"@id":"https:\/\/www.jazzzeitung.de\/cms\/2026\/09\/im-offenen-gelaende-zum-tod-von-cassandra-wilson\/"},"wordCount":849,"commentCount":0,"publisher":{"@id":"https:\/\/www.jazzzeitung.de\/cms\/#organization"},"image":{"@id":"https:\/\/www.jazzzeitung.de\/cms\/2026\/09\/im-offenen-gelaende-zum-tod-von-cassandra-wilson\/#primaryimage"},"thumbnailUrl":"https:\/\/i0.wp.com\/www.jazzzeitung.de\/cms\/wp-content\/uploads\/2026\/09\/Cassandra-Wilson-2-c-stefan-pieper_-scaled.jpg?fit=2560%2C1707&ssl=1","keywords":["Cassandra Wilson","Magnolia","New Moon Daughter"],"articleSection":["Portrait"],"inLanguage":"de","potentialAction":[{"@type":"CommentAction","name":"Comment","target":["https:\/\/www.jazzzeitung.de\/cms\/2026\/09\/im-offenen-gelaende-zum-tod-von-cassandra-wilson\/#respond"]}]},{"@type":"WebPage","@id":"https:\/\/www.jazzzeitung.de\/cms\/2026\/09\/im-offenen-gelaende-zum-tod-von-cassandra-wilson\/","url":"https:\/\/www.jazzzeitung.de\/cms\/2026\/09\/im-offenen-gelaende-zum-tod-von-cassandra-wilson\/","name":"Im offenen Gel\u00e4nde \u2013 Zum Tod von Cassandra Wilson - JazzZeitung","isPartOf":{"@id":"https:\/\/www.jazzzeitung.de\/cms\/#website"},"primaryImageOfPage":{"@id":"https:\/\/www.jazzzeitung.de\/cms\/2026\/09\/im-offenen-gelaende-zum-tod-von-cassandra-wilson\/#primaryimage"},"image":{"@id":"https:\/\/www.jazzzeitung.de\/cms\/2026\/09\/im-offenen-gelaende-zum-tod-von-cassandra-wilson\/#primaryimage"},"thumbnailUrl":"https:\/\/i0.wp.com\/www.jazzzeitung.de\/cms\/wp-content\/uploads\/2026\/09\/Cassandra-Wilson-2-c-stefan-pieper_-scaled.jpg?fit=2560%2C1707&ssl=1","datePublished":"2026-09-03T11:35:58+00:00","breadcrumb":{"@id":"https:\/\/www.jazzzeitung.de\/cms\/2026\/09\/im-offenen-gelaende-zum-tod-von-cassandra-wilson\/#breadcrumb"},"inLanguage":"de","potentialAction":[{"@type":"ReadAction","target":["https:\/\/www.jazzzeitung.de\/cms\/2026\/09\/im-offenen-gelaende-zum-tod-von-cassandra-wilson\/"]}]},{"@type":"ImageObject","inLanguage":"de","@id":"https:\/\/www.jazzzeitung.de\/cms\/2026\/09\/im-offenen-gelaende-zum-tod-von-cassandra-wilson\/#primaryimage","url":"https:\/\/i0.wp.com\/www.jazzzeitung.de\/cms\/wp-content\/uploads\/2026\/09\/Cassandra-Wilson-2-c-stefan-pieper_-scaled.jpg?fit=2560%2C1707&ssl=1","contentUrl":"https:\/\/i0.wp.com\/www.jazzzeitung.de\/cms\/wp-content\/uploads\/2026\/09\/Cassandra-Wilson-2-c-stefan-pieper_-scaled.jpg?fit=2560%2C1707&ssl=1","width":2560,"height":1707},{"@type":"BreadcrumbList","@id":"https:\/\/www.jazzzeitung.de\/cms\/2026\/09\/im-offenen-gelaende-zum-tod-von-cassandra-wilson\/#breadcrumb","itemListElement":[{"@type":"ListItem","position":1,"name":"Startseite","item":"https:\/\/www.jazzzeitung.de\/cms\/"},{"@type":"ListItem","position":2,"name":"Im offenen Gel\u00e4nde \u2013 Zum Tod von Cassandra Wilson"}]},{"@type":"WebSite","@id":"https:\/\/www.jazzzeitung.de\/cms\/#website","url":"https:\/\/www.jazzzeitung.de\/cms\/","name":"JazzZeitung","description":"Jazz-News und Jazz-Kontroverses","publisher":{"@id":"https:\/\/www.jazzzeitung.de\/cms\/#organization"},"potentialAction":[{"@type":"SearchAction","target":{"@type":"EntryPoint","urlTemplate":"https:\/\/www.jazzzeitung.de\/cms\/?s={search_term_string}"},"query-input":{"@type":"PropertyValueSpecification","valueRequired":true,"valueName":"search_term_string"}}],"inLanguage":"de"},{"@type":"Organization","@id":"https:\/\/www.jazzzeitung.de\/cms\/#organization","name":"JazzZeitung online","url":"https:\/\/www.jazzzeitung.de\/cms\/","logo":{"@type":"ImageObject","inLanguage":"de","@id":"https:\/\/www.jazzzeitung.de\/cms\/#\/schema\/logo\/image\/","url":"https:\/\/i0.wp.com\/www.jazzzeitung.de\/cms\/wp-content\/uploads\/2015\/08\/JAZZZEITUNGDE_Logo_Neu.png?fit=499%2C200&ssl=1","contentUrl":"https:\/\/i0.wp.com\/www.jazzzeitung.de\/cms\/wp-content\/uploads\/2015\/08\/JAZZZEITUNGDE_Logo_Neu.png?fit=499%2C200&ssl=1","width":499,"height":200,"caption":"JazzZeitung online"},"image":{"@id":"https:\/\/www.jazzzeitung.de\/cms\/#\/schema\/logo\/image\/"},"sameAs":["https:\/\/www.facebook.com\/JazzZeitung\/"]},{"@type":"Person","@id":"https:\/\/www.jazzzeitung.de\/cms\/#\/schema\/person\/2245b36b9cd1d24cea10f01c031fb92b","name":"Redaktion JazzZeitung","image":{"@type":"ImageObject","inLanguage":"de","@id":"https:\/\/i0.wp.com\/www.jazzzeitung.de\/cms\/wp-content\/uploads\/2015\/08\/JAZZZEITUNGDE_Logo_Neu.png?resize=96%2C96&ssl=159975dcacb611b5700bd619b5daf0a7a","url":"https:\/\/i0.wp.com\/www.jazzzeitung.de\/cms\/wp-content\/uploads\/2015\/08\/JAZZZEITUNGDE_Logo_Neu.png?resize=96%2C96&ssl=1","contentUrl":"https:\/\/i0.wp.com\/www.jazzzeitung.de\/cms\/wp-content\/uploads\/2015\/08\/JAZZZEITUNGDE_Logo_Neu.png?resize=96%2C96&ssl=1","caption":"Redaktion JazzZeitung"},"description":"Artikel der Redaktion der JazzZeitung.","sameAs":["http:\/\/www.jazzzeitung.de\/cms\/"],"url":"https:\/\/www.jazzzeitung.de\/cms\/author\/redaktion\/"}]}},"wp-worthy-pixel":{"ignored":false,"public":null,"server":null,"url":null},"wp-worthy-type":"normal","jetpack_publicize_connections":[],"cc_featured_image_caption":{"caption_text":"","source_text":"","source_url":""},"jetpack_shortlink":"https:\/\/wp.me\/p3KEcT-8Xb","jetpack-related-posts":[{"id":3045,"url":"https:\/\/www.jazzzeitung.de\/cms\/2013\/11\/sofia-ein-foerderprogramm-fuer-junge-jazzmusikerinnen\/","url_meta":{"origin":34421,"position":0},"title":"SOFIA  \u2013 ein F\u00f6rderprogramm f\u00fcr junge Jazzmusikerinnen","author":"Redaktion JazzZeitung","date":"20. November 2013","format":false,"excerpt":"Sie ist hochbegabt, attraktiv und versteht gleich viel von Business und Vermarktung ihrer Talente wie von ihrer Musik. Die Rede ist von Nicole Joh\u00e4nntgen, der Initiatorin von SOFIA. SOFIA ist ein auf Nachhaltigkeit angelegtes Projekt zur F\u00f6rderung begabter Jazz Musikerinnen. Sechs junge Frauen werden aus der Schweiz, Frankreich und Deutschland\u2026","rel":"","context":"In &quot;News&quot;","block_context":{"text":"News","link":"https:\/\/www.jazzzeitung.de\/cms\/thema\/nachrichten\/"},"img":{"alt_text":"johanntgen","src":"https:\/\/i0.wp.com\/www.jazzzeitung.de\/cms\/wp-content\/uploads\/2013\/11\/johanntgen-150x150.jpg?resize=350%2C200","width":350,"height":200},"classes":[]},{"id":22446,"url":"https:\/\/www.jazzzeitung.de\/cms\/2020\/05\/young-german-jazz-neues-von-jakob-manz-und-johanna-summer\/","url_meta":{"origin":34421,"position":1},"title":"Young German Jazz: Neues von Jakob Manz und Johanna Summer","author":"Thomas J. Krebs","date":"4. Mai 2020","format":false,"excerpt":"Im Rahmen der ACT Reihe \u201e:young german jazz\u201c erscheinen aktuell zwei bemerkenswerte Ver\u00f6ffentlichungen. \u201eSchuman Kaleidoskop\u201c von Johanna Summer und \u201eNatural Energy\u201c von The Jakob Manz Project.\u00a0Beide K\u00fcnstler verbindet auf kuriose Weise das Jahr 2018: Die Pianistin Johanna Summer gewann damals mit knapp 23 Jahren den Jungen M\u00fcnchner Jazzpreis und Saxophonist\u2026","rel":"","context":"In &quot;Rezension&quot;","block_context":{"text":"Rezension","link":"https:\/\/www.jazzzeitung.de\/cms\/thema\/rezension\/"},"img":{"alt_text":"","src":"https:\/\/i0.wp.com\/www.jazzzeitung.de\/cms\/wp-content\/uploads\/2020\/05\/P1100662-Jakob-Manz-Project-Foto-TJ-Krebs.jpg?fit=1200%2C800&ssl=1&resize=350%2C200","width":350,"height":200,"srcset":"https:\/\/i0.wp.com\/www.jazzzeitung.de\/cms\/wp-content\/uploads\/2020\/05\/P1100662-Jakob-Manz-Project-Foto-TJ-Krebs.jpg?fit=1200%2C800&ssl=1&resize=350%2C200 1x, https:\/\/i0.wp.com\/www.jazzzeitung.de\/cms\/wp-content\/uploads\/2020\/05\/P1100662-Jakob-Manz-Project-Foto-TJ-Krebs.jpg?fit=1200%2C800&ssl=1&resize=525%2C300 1.5x, https:\/\/i0.wp.com\/www.jazzzeitung.de\/cms\/wp-content\/uploads\/2020\/05\/P1100662-Jakob-Manz-Project-Foto-TJ-Krebs.jpg?fit=1200%2C800&ssl=1&resize=700%2C400 2x, https:\/\/i0.wp.com\/www.jazzzeitung.de\/cms\/wp-content\/uploads\/2020\/05\/P1100662-Jakob-Manz-Project-Foto-TJ-Krebs.jpg?fit=1200%2C800&ssl=1&resize=1050%2C600 3x"},"classes":[]},{"id":30144,"url":"https:\/\/www.jazzzeitung.de\/cms\/2023\/10\/the-very-big-carla-bley-zum-tod-der-us-amerikanischen-komponistin-pianistin-und-bandleaderin\/","url_meta":{"origin":34421,"position":2},"title":"The Very Big Carla Bley: Zum Tod der US-amerikanischen Komponistin, Pianistin und Bandleaderin","author":"Andreas Kolb","date":"18. Oktober 2023","format":false,"excerpt":"Die amerikanische Komponistin und Pianistin Carla Bley war eine der ersten gro\u00dfen Frauen im Jazz, die keine S\u00e4ngerin war. Ihre \"The Very Big Carla Bley Band\" war ein wilder Haufen m\u00e4nnlicher Super-Jazzer, voller Testosteron und Selbstdarstellungstrieben.\u00a0 Doch die Bley akzeptierten sie als Chefin und hinterlie\u00dfen damit ein au\u00dfergew\u00f6hnliches \u0152u\u00adv\u00adre an\u2026","rel":"","context":"In &quot;Portrait&quot;","block_context":{"text":"Portrait","link":"https:\/\/www.jazzzeitung.de\/cms\/thema\/portrait\/"},"img":{"alt_text":"","src":"https:\/\/i0.wp.com\/www.jazzzeitung.de\/cms\/wp-content\/uploads\/2023\/10\/Bley-Carla-09e-Swallow-Steve-Kumpf-scaled.jpg?fit=1200%2C900&ssl=1&resize=350%2C200","width":350,"height":200,"srcset":"https:\/\/i0.wp.com\/www.jazzzeitung.de\/cms\/wp-content\/uploads\/2023\/10\/Bley-Carla-09e-Swallow-Steve-Kumpf-scaled.jpg?fit=1200%2C900&ssl=1&resize=350%2C200 1x, https:\/\/i0.wp.com\/www.jazzzeitung.de\/cms\/wp-content\/uploads\/2023\/10\/Bley-Carla-09e-Swallow-Steve-Kumpf-scaled.jpg?fit=1200%2C900&ssl=1&resize=525%2C300 1.5x, https:\/\/i0.wp.com\/www.jazzzeitung.de\/cms\/wp-content\/uploads\/2023\/10\/Bley-Carla-09e-Swallow-Steve-Kumpf-scaled.jpg?fit=1200%2C900&ssl=1&resize=700%2C400 2x, https:\/\/i0.wp.com\/www.jazzzeitung.de\/cms\/wp-content\/uploads\/2023\/10\/Bley-Carla-09e-Swallow-Steve-Kumpf-scaled.jpg?fit=1200%2C900&ssl=1&resize=1050%2C600 3x"},"classes":[]},{"id":9509,"url":"https:\/\/www.jazzzeitung.de\/cms\/2016\/06\/music-feed-soul-anne-hartkamp-legt-zwei-neue-alben-vor-dear-bill-und-songs-dances\/","url_meta":{"origin":34421,"position":3},"title":"Music To Feed The Soul &#8211; Anne Hartkamp legt zwei neue Alben vor: &#8222;Dear Bill&#8220; und &#8222;Songs &#038; Dances&#8220;","author":"Redaktion JazzZeitung","date":"15. Juni 2016","format":false,"excerpt":"Wer heute Anne Hartkamp h\u00f6rt, im Konzert oder auf CD, ihre Entwicklung zu einer unserer vielseitigsten und profiliertesten, immer authentischen Jazzvokalistinnen seit Jahren verfolgt, kann kaum glauben, dass ihr zu Beginn ihrer Karriere abgeraten wurde, Jazz zu singen. Ihre Stimme sei zu hell. Jazzs\u00e4ngerinnen hatten, in den Achtzigern, schwarz, dunkel,\u2026","rel":"","context":"In &quot;Portrait&quot;","block_context":{"text":"Portrait","link":"https:\/\/www.jazzzeitung.de\/cms\/thema\/portrait\/"},"img":{"alt_text":"","src":"https:\/\/i0.wp.com\/www.jazzzeitung.de\/cms\/wp-content\/uploads\/2016\/06\/fushiya-cd-218-c-01.jpg?fit=600%2C600&ssl=1&resize=350%2C200","width":350,"height":200,"srcset":"https:\/\/i0.wp.com\/www.jazzzeitung.de\/cms\/wp-content\/uploads\/2016\/06\/fushiya-cd-218-c-01.jpg?fit=600%2C600&ssl=1&resize=350%2C200 1x, https:\/\/i0.wp.com\/www.jazzzeitung.de\/cms\/wp-content\/uploads\/2016\/06\/fushiya-cd-218-c-01.jpg?fit=600%2C600&ssl=1&resize=525%2C300 1.5x"},"classes":[]},{"id":9996,"url":"https:\/\/www.jazzzeitung.de\/cms\/2016\/09\/moments-barbara-dennerlein-mit-neuem-album\/","url_meta":{"origin":34421,"position":4},"title":"My Moments \u2013 Barbara Dennerlein mit neuem Album","author":"Redaktion JazzZeitung","date":"11. September 2016","format":false,"excerpt":"Barbara Dennerlein ist unbestritten die K\u00f6nigin der Hammondorgel und pr\u00e4gt national wie international seit \u00fcber 30 Jahren das Bild dieses Genres. Mit ihrer neuen Ver\u00f6ffentlichung \u201eMy Moments\u201c pr\u00e4sentiert sie einen Mitmitschnitt aus einem Doppelkonzert, aufgenommen vor gut zwei Jahren im Konzertsaal der renommierten Musikhochschule im nordschwedischen Pite\u00e5. Das Besondere daran\u2026","rel":"","context":"In &quot;Rezension&quot;","block_context":{"text":"Rezension","link":"https:\/\/www.jazzzeitung.de\/cms\/thema\/rezension\/"},"img":{"alt_text":"Barbara Dennerlein: My Moments. Bebab\/Sony","src":"https:\/\/i0.wp.com\/www.jazzzeitung.de\/cms\/wp-content\/uploads\/2016\/09\/Cover-Dennerlein-150x150.jpg?resize=350%2C200","width":350,"height":200},"classes":[]},{"id":15645,"url":"https:\/\/www.jazzzeitung.de\/cms\/2018\/04\/cd-rezension-katrin-scherers-cluster-quartett\/","url_meta":{"origin":34421,"position":5},"title":"Das neue Projekt der K\u00f6lner Komponistin und Saxophonistin Katrin Scherer","author":"Redaktion JazzZeitung","date":"16. April 2018","format":false,"excerpt":"Dass die K\u00f6lner Saxophonistin, Komponistin und Bandleaderin Katrin Scherer \u00fcber eine eigenst\u00e4ndige Klangsprache verf\u00fcgt, hat sie l\u00e4ngst bewiesen, in drei Alben unter eigenem Namen und etlichen mehr mit dem Saxophon-Kollegen Sven Decker. Und immer hat sie eigene Kompositionen vorgelegt, die sich nicht nur aus dem zeitgen\u00f6ssischen Jazz und der neuen\u2026","rel":"","context":"In &quot;Rezension&quot;","block_context":{"text":"Rezension","link":"https:\/\/www.jazzzeitung.de\/cms\/thema\/rezension\/"},"img":{"alt_text":"","src":"https:\/\/i0.wp.com\/www.jazzzeitung.de\/cms\/wp-content\/uploads\/2018\/04\/cluster-h-300sw.jpg?fit=1200%2C781&ssl=1&resize=350%2C200","width":350,"height":200,"srcset":"https:\/\/i0.wp.com\/www.jazzzeitung.de\/cms\/wp-content\/uploads\/2018\/04\/cluster-h-300sw.jpg?fit=1200%2C781&ssl=1&resize=350%2C200 1x, https:\/\/i0.wp.com\/www.jazzzeitung.de\/cms\/wp-content\/uploads\/2018\/04\/cluster-h-300sw.jpg?fit=1200%2C781&ssl=1&resize=525%2C300 1.5x, https:\/\/i0.wp.com\/www.jazzzeitung.de\/cms\/wp-content\/uploads\/2018\/04\/cluster-h-300sw.jpg?fit=1200%2C781&ssl=1&resize=700%2C400 2x, https:\/\/i0.wp.com\/www.jazzzeitung.de\/cms\/wp-content\/uploads\/2018\/04\/cluster-h-300sw.jpg?fit=1200%2C781&ssl=1&resize=1050%2C600 3x"},"classes":[]}],"jetpack_sharing_enabled":true,"jetpack_featured_media_url":"https:\/\/i0.wp.com\/www.jazzzeitung.de\/cms\/wp-content\/uploads\/2026\/09\/Cassandra-Wilson-2-c-stefan-pieper_-scaled.jpg?fit=2560%2C1707&ssl=1","_links":{"self":[{"href":"https:\/\/www.jazzzeitung.de\/cms\/wp-json\/wp\/v2\/posts\/34421","targetHints":{"allow":["GET"]}}],"collection":[{"href":"https:\/\/www.jazzzeitung.de\/cms\/wp-json\/wp\/v2\/posts"}],"about":[{"href":"https:\/\/www.jazzzeitung.de\/cms\/wp-json\/wp\/v2\/types\/post"}],"author":[{"embeddable":true,"href":"https:\/\/www.jazzzeitung.de\/cms\/wp-json\/wp\/v2\/users\/18"}],"replies":[{"embeddable":true,"href":"https:\/\/www.jazzzeitung.de\/cms\/wp-json\/wp\/v2\/comments?post=34421"}],"version-history":[{"count":4,"href":"https:\/\/www.jazzzeitung.de\/cms\/wp-json\/wp\/v2\/posts\/34421\/revisions"}],"predecessor-version":[{"id":34428,"href":"https:\/\/www.jazzzeitung.de\/cms\/wp-json\/wp\/v2\/posts\/34421\/revisions\/34428"}],"wp:featuredmedia":[{"embeddable":true,"href":"https:\/\/www.jazzzeitung.de\/cms\/wp-json\/wp\/v2\/media\/34423"}],"wp:attachment":[{"href":"https:\/\/www.jazzzeitung.de\/cms\/wp-json\/wp\/v2\/media?parent=34421"}],"wp:term":[{"taxonomy":"category","embeddable":true,"href":"https:\/\/www.jazzzeitung.de\/cms\/wp-json\/wp\/v2\/categories?post=34421"},{"taxonomy":"post_tag","embeddable":true,"href":"https:\/\/www.jazzzeitung.de\/cms\/wp-json\/wp\/v2\/tags?post=34421"},{"taxonomy":"author","embeddable":true,"href":"https:\/\/www.jazzzeitung.de\/cms\/wp-json\/wp\/v2\/coauthors?post=34421"}],"curies":[{"name":"wp","href":"https:\/\/api.w.org\/{rel}","templated":true}]}}