{"id":34417,"date":"2026-09-06T12:00:09","date_gmt":"2026-09-06T10:00:09","guid":{"rendered":"https:\/\/www.jazzzeitung.de\/cms\/?p=34417"},"modified":"2026-09-03T11:43:25","modified_gmt":"2026-09-03T09:43:25","slug":"die-jazz-radiowoche-vom-07-09-26-bis-13-09-26","status":"publish","type":"post","link":"https:\/\/www.jazzzeitung.de\/cms\/2026\/09\/die-jazz-radiowoche-vom-07-09-26-bis-13-09-26\/","title":{"rendered":"Die Jazz-Radiowoche vom 07.09.26 bis 13.09.26"},"content":{"rendered":"<p class=\"western\">Die \u00dcbersicht zum <span style=\"color: #0563c1;\"><u><a href=\"https:\/\/service.conbrio.de\/service\/download\/278\/\" name=\"Download des PDF\">Download als PDF<\/a>.<\/u><\/span> Alle Angaben ohne Gew\u00e4hr. Erg\u00e4nzt mit den tollen Sendungen zur Neuen Musik von BR-KLASSIK und \u00d61. Aktuell bekommen wir nutzbare Informationen nur vom SWR Kultur, \u00d61 und in Sachen Neue Musik von BR-KLASSIK und ebenfalls \u00d61.<\/p>\n<hr \/>\n<h2 class=\"western\"><a name=\"__RefHeading___Toc532_2049876245\"><\/a> Senderliste:<\/h2>\n<hr \/>\n<ul>\n<li><span style=\"color: #0563c1;\"><u><a href=\"https:\/\/oe1.orf.at\/\" name=\"Link zum ORF\">ORF \u2013 \u00d61<\/a><\/u><\/span><\/li>\n<li><span style=\"color: #0563c1;\"><u><a href=\"https:\/\/www.deutschlandradio.de\/\" name=\"Link zum Deutschlandfunk\">Deutschlandfunk<\/a><\/u><\/span> \u2013 \u201eFakten und mehr\u201c<\/li>\n<li><span style=\"color: #0563c1;\"><u><a href=\"https:\/\/www.deutschlandfunkkultur.de\/\" name=\"Link zu Deutschlandfunk Kultur\">Deutschlandfunk-Kultur<\/a><\/u><\/span> \u2013 \u201eDas Feuilleton im Radio\u201c<\/li>\n<li><span style=\"color: #0563c1;\"><u><a href=\"https:\/\/www.ndr.de\/ndrkultur\/\" name=\"Link zu ndr kultur\">ndr Kultur<\/a><\/u><\/span> \u2013 H\u00f6ren und genie\u00dfen<\/li>\n<li><span style=\"color: #0563c1;\"><u><a href=\"https:\/\/www.ndr.de\/ndrblue\/index.html\" name=\"Link zu ndr blue\"><span lang=\"en-US\">ndr blue<\/span><\/a><\/u><\/span><span lang=\"en-US\"> \u2013 Meet The Music<\/span><\/li>\n<li><span style=\"color: #0563c1;\"><u><a href=\"https:\/\/www.bremenzwei.de\/\" name=\"Link zu Radio Bremen\">radio bremen<\/a><\/u><\/span> \u2013 Neugier lohnt sich.<\/li>\n<li><span style=\"color: #0563c1;\"><u><a href=\"https:\/\/www.radiodrei.de\/\" name=\"Link zu Radio 3 von Berlin\">Radio 3<\/a><\/u><\/span> \u2013<\/li>\n<li><span style=\"color: #0563c1;\"><u><a href=\"https:\/\/www.mdr.de\/kultur\/radio\/index.html\" name=\"Link zu medr-kultur\">mdr-kultur<\/a><\/u><\/span> \u2013 Das Radio.<\/li>\n<li><a href=\"https:\/\/www1.wdr.de\/radio\/wdr3\/\" name=\"Link zu WDR3\"><span style=\"color: #0563c1;\"><u>W<\/u><\/span><span style=\"color: #0563c1;\"><u>DR<\/u><\/span><span style=\"color: #0563c1;\"><u>3<\/u><\/span><\/a> \u2013 Das Kulturradio<\/li>\n<li><span style=\"color: #0563c1;\"><u><a href=\"https:\/\/www.hr2.de\/index.html\" name=\"Link zu hr2-kultur\">hr2-kultur<\/a><\/u><\/span> \u2013 Das Kulturradio f\u00fcr Hessen.<\/li>\n<li><a href=\"https:\/\/www.sr.de\/sr\/sr2\/index.html\" name=\"Link zu SR2-Kulturradio\"><span style=\"color: #0563c1;\"><u>S<\/u><\/span><span style=\"color: #0563c1;\"><u>R<\/u><\/span><span style=\"color: #0563c1;\"><u>2 Kulturradio<\/u><\/span><\/a> \u2013 \u2026 gut zu h\u00f6ren.<\/li>\n<li><a href=\"https:\/\/www.swr.de\/swr2\/\" name=\"Link zu SWR Kuultur\"><span style=\"color: #0563c1;\"><u>S<\/u><\/span><span style=\"color: #0563c1;\"><u>WR<\/u><\/span><u> <\/u><\/a><span style=\"color: #0563c1;\"><u>kultur<\/u><\/span> \u2013 Kultur neu entdecken<\/li>\n<li><span style=\"color: #0563c1;\"><u><a href=\"https:\/\/www.br.de\/radio\/br-klassik\/index.html\" name=\"Link zu BR-Klassik\">BR-KLASSIK<\/a><\/u><\/span> \u2013 Klassikstars geben auf BR-KLASSIK den Ton an. Attraktive Magazine bringen Interviews und Neuigkeiten aus dem Musikleben.<\/li>\n<li><span style=\"color: #0563c1;\"><u><a href=\"https:\/\/www.br.de\/radio\/bayern2\/index.html\" name=\"Link zu Bayern2\">Bayern 2<\/a><\/u><\/span> \u2013 Preisgekr\u00f6ntes Radio f\u00fcr H\u00f6rer, die mehr wissen wollen<\/li>\n<\/ul>\n<hr \/>\n<h2 class=\"western\"><a name=\"__RefHeading___Toc534_2049876245\"><\/a>Internet:<\/h2>\n<hr \/>\n<ul>\n<li>Schweden: <span style=\"color: #0563c1;\"><u><a href=\"https:\/\/sverigesradio.se\/tabla.aspx?programid=2562\" name=\"Link zu Schwedens Radio P&quot;\">P2<\/a><\/u><\/span> sendet immer Dienstags von 21:00 bis 22:00 und Sonntags von 18:40 bis 20:00 ein Jazzkonzert<\/li>\n<li>Ungarn: <span style=\"color: #0563c1;\"><u><a href=\"https:\/\/mediaklikk.hu\/bartok\/\" name=\"Link zu Bart\u00f3k-Radio\">Bartok Radio<\/a><\/u><\/span> sendet t\u00e4glich von 23:00 bis 23:55 eine Jazzsendung<\/li>\n<\/ul>\n<h2 class=\"western\"><a name=\"__RefHeading___Toc1132_2881889932\"><\/a><\/h2>\n<hr \/>\n<h2 class=\"western\"><a name=\"__RefHeading___Toc1132_2881889932\"><\/a> mo \u2013 07.09.2026<\/h2>\n<hr \/>\n<p class=\"western\">17:30:00 +++ \u00d61<br \/>\n<b>Musik aus allen Richtungen mit Astrid Schwarz und Rainer Elstner.<\/b><\/p>\n<p class=\"western\">19:30:00 +++ \u00d61<br \/>\n<b>Er\u00f6ffnung des Jazzfestivals Saalfelden 2026: Altsaxofonistin Yvonne Moriel &amp; Strange Motion<\/b><\/p>\n<p class=\"western\" style=\"padding-left: 40px;\">Sie war eine logische Kandidatin: Mit der Tiroler Saxofonistin und Fl\u00f6tistin Yvonne Moriel erhielt eines der spannendsten \u00f6sterreichischen Jazz-Talente der letzten Jahre den Kompositionsauftrag zur Er\u00f6ffnung des diesj\u00e4hrigen Jazzfestivals Saalfelden. Moriel ist gesuchte Solistin u. a. im international erfolgreichen Septett Shake Stew von Bassist Lukas Kranzelbinder. Und auch als Bandleaderin ihres eigenen Sweetlife Quartet ist die 34-j\u00e4hrige, in Wattens geborene Musikerin hervorgetreten. 2024 erhielt Yvonne Moriel den \u00d6sterreichischen Jazzpreis in der Kategorie \u201eBest Newcomer\u201c.<\/p>\n<p class=\"western\" style=\"padding-left: 40px;\">Zur Er\u00f6ffnung des Jazzfestivals Saalfelden am 21. August d. J. auf der Hauptb\u00fchne im Congress Saalfelden hatte Moriel das Sextett Strange Motion zusammengestellt. Nur mit dem Wiener Bassisten Manu Mayr hatte sie zuvor zusammengearbeitet, mit dem in Berlin lebenden griechischen Keyboarder Antonis Anissegos, der in London beheimateten nieder\u00f6sterreichischen Harfenistin Miriam Adefris sowie dem franz\u00f6sischen Schlagzeuger Toma Gouband und seinem Berliner Kollegen Max Andrzejewski stand sie erstmals auf der B\u00fchne.<\/p>\n<p class=\"western\" style=\"padding-left: 40px;\">\u201eJeder von uns gr\u00e4bt nach neuen Kl\u00e4ngen und Ideen und spielt damit\u201c, so Yvonne Moriel vorab im Interview mit dem \u00d61 Magazin \u201egeh\u00f6rt\u201c. Und weiter: \u201eEs ist mein Ziel, dass diese sechs Individuen in Saalfelden nicht einzeln, sondern als Einheit auf der B\u00fchne stehen, als Ensemble, dessen Mitglieder einander durch Neugierde und Offenheit verbunden sind und gemeinsam in verschiedene Soundwelten eintauchen.\u201c<\/p>\n<p class=\"western\">23:03 \u2013 24:00 Uhr +++ SWR KULTUR<br \/>\n<b>ARD Radiofestival. Jazz: Songbook-Chronist \u2013 Michael Feinstein zum 70.<\/b><\/p>\n<p class=\"western\" style=\"padding-left: 40px;\">Von Ralf Dorschel. Reden wir vom Great American Songbook. Also der Musik von George Gershwin, Irving Berlin, Cole Porter und Harold Arlen. Weil: Michael Feinstein singt dieses Songbook. Mehr noch: Er will sicherstellen, dass diese Musik niemals in Vergessenheit ger\u00e4t \u2013 sammelt Studio-B\u00e4nder, archiviert Original-Noten, sucht nach alten Orchester-Arrangements, st\u00f6bert in Tageb\u00fcchern und pr\u00e4sentiert die Ergebnisse dann in TV-Serien, lehrt sie an Schulen. Feinstein will so eine Tradition bewahren, die er zu den gr\u00f6\u00dften kulturellen Errungenschaften der US-Geschichte z\u00e4hlt.<\/p>\n<p class=\"western\">23:03:00 +++ \u00d61<br \/>\n<b>Neue Musik in der DDR \u2013 Zeitgen\u00f6ssische Musik verstehen<\/b><\/p>\n<p class=\"western\" style=\"padding-left: 40px;\">Dietmar Hellmich erhellt zentrale und dezentrale Werke der Musikgeschichte. Diesmal stellt er Werke aus der DDR und der BRD gegen\u00fcber. Motto: \u201cNicht nur Kaffee-Ersatz&#8220;.<\/p>\n<p class=\"western\" style=\"padding-left: 40px;\">Dietmar Hellmich, Komponist und Musikwissenschaftler aus Wien, beleuchtet f\u00fcr \u201eSoundart: Zeit-Ton\u201c im Kamingespr\u00e4ch mit Rainer Elstner zentrale und dezentrale Werke der Musikgeschichte. Diesmal geht es um die wenig bekannte Neue Musik aus der DDR.<\/p>\n<p class=\"western\" style=\"padding-left: 40px;\">Da die Bev\u00f6lkerung der DDR kaum Zugang zu Luxusg\u00fctern und Delikatessen hatte, f\u00fchrte die Ma\u00dfnahme der DDR-F\u00fchrung, die billigste Kaffeesorte durch eine Mischung aus Kaffeebohnen und Surrogaten zu ersetzen, zu Unmut. Schnell musste die SED-F\u00fchrung Rohkaffee organisieren. Auch der Westkaffee war ab nun im Osten k\u00e4uflich zu erwerben. Diese Episode aus den Jahren 1977\/78 f\u00e4llt in eine Zeit, als die zuvor unterdr\u00fcckte Neue Musik in der DDR an Boden gewann. Man findet die Positionen, die aus dem Westen bekannt sind, vertreten von Komponisten Ostdeutschlands, ohne dass ihre Werke epigonenhaft wirken w\u00fcrden.<\/p>\n<p class=\"western\" style=\"padding-left: 40px;\">In der Sendung werden bekanntere Beispiele wichtiger Str\u00f6mungen aus dem Westen den DDR-Leistungen gegen\u00fcbergestellt: Karlheinz Stockhausen trifft im Bereich der Elektronik auf Paul-Heinz Dittrich, Gy\u00f6rgy Ligeti mit seinen Klangfl\u00e4chen auf Ruth Zechlin, Dieter Schnebel mit Beethoven-\u201dRe-Visionen\u201d auf Reiner Bredemeyer, Rolf Riehm mit dialektischer Reaktion auf Publikumserwartungen auf Friedrich Schenker, Helmut Lachenmann mit ger\u00e4uschhafter Verweigerung des instrumentalen Sch\u00f6nklangs auf Nicolaus Richter de Vroe. Gestaltung: Dietmar Hellmich<\/p>\n<hr \/>\n<h2 class=\"western\"><a name=\"__RefHeading___Toc1134_2881889932\"><\/a>di \u2013 08.09.2026<\/h2>\n<hr \/>\n<p class=\"western\">17:30:00 +++ \u00d61<br \/>\n<b>Musik aus allen Richtungen.<\/b><\/p>\n<p class=\"western\">23:03 \u2013 24:00 Uhr +++ SWR KULTUR<br \/>\n<b>ARD Radiofestival. Jazz: Junger HipHop aus Bernburg mit Jazzy Q<\/b><\/p>\n<p class=\"western\" style=\"padding-left: 40px;\">Von Jean-Marc Heukeme.<\/p>\n<p class=\"western\">23:03:00 +++ \u00d61<br \/>\n<b>A Tribute to Hans Falb (3) \u2013 Highlights des Festivals in memoriam des Konfrontationen-Gr\u00fcnders<\/b><\/p>\n<p class=\"western\" style=\"padding-left: 40px;\">Seit 1980 hat es 45 Ausgaben der Konfrontationen gegeben. Gegr\u00fcndet und geleitet wurde dieses europaweit rezipierte Festival von Hans Falb, der Musikschaffende aus der ganzen Welt in sein Gasthaus, die Jazzgalerie, im kleinen burgenl\u00e4ndischen Ort Nickelsdorf gebracht hat. Ende Dezember 2025 ist Hans Falb verstorben. So entschied der Festival-Verein, heuer ein \u201eA Tribute to Hans Falb\u201c abzuhalten. Wie wichtig Falb f\u00fcr die Jazz- und Improvisationsmusik war, l\u00e4sst sich allein schon am eindrucksvollen Line-Up erkennen: Mehr als 30 Musikerinnen und Musiker waren gekommen, ein Who\u2019s Who der Festivalgeschichte. \u00d61 \u201eZeit-Ton\u201c pr\u00e4sentiert in mehreren Sendungen Highlights davon.<\/p>\n<p class=\"western\" style=\"padding-left: 40px;\">Seit vielen Jahren berichtet \u00d61 Zeit-Ton \u00fcber die Konfrontationen und sendet Konzert-Aufnahmen; so auch dieses Jahr. Das Festival \u201eA Tribute to Hans Falb\u201c fand in Anlehnung an die Konfrontationen Ende Juli statt. Das Programm bot an drei Tagen eine ausgewogene Mischung aus Neuem und Bekanntem und war eine Reminiszenz-Veranstaltung, die in die bewegte Geschichte h\u00f6ren lie\u00df und gleichzeitig den Blick ins Heute richtete.<\/p>\n<p class=\"western\" style=\"padding-left: 40px;\">Als Rahmenprogramm wurden zwei Filmdokumentationen und eine Ausstellung des langj\u00e4hrigen Konfrontationen-Fotografen Karl Wendelin gezeigt. Zus\u00e4tzlich zu den Spielst\u00e4tten Jazzgalerie und Evangelische Kirche gab es ein Konzert im Gasthof Risa, der ehemaligen Heurigen-Schenke. Gestaltung: Heinrich Deisl<\/p>\n<hr \/>\n<h2 class=\"western\"><a name=\"__RefHeading___Toc1136_2881889932\"><\/a>mi \u2013 09.09.2026<\/h2>\n<hr \/>\n<p class=\"western\">14:05:00 +++ \u00d61<br \/>\n<b>Pianist Oskar Aichinger und sein neues Quartett im Studio 2 des Wiener RadioKulturhauses<\/b><\/p>\n<p class=\"western\" style=\"padding-left: 40px;\">Mit seinem neuen Quartett versammelt der Pianist und Komponist Oskar Aichinger vier eigenst\u00e4ndige Stimmen der \u00f6sterreichischen Jazz- und Improvisationsszene um sich. Gemeinsam mit Lena Kuchling (Gesang), Lisa Hofmaninger (Bassklarinette und Sopransaxofon) sowie Helene Gl\u00fcxam (Kontrabass) entwickelt Aichinger eine Musik, die Komposition und freie Gestaltung eng miteinander verbindet.<\/p>\n<p class=\"western\" style=\"padding-left: 40px;\">Im Zentrum stehen Aichingers St\u00fccke, gepr\u00e4gt von melodischer Offenheit und anspruchsvoller Formensprache. Lena Kuchlings Stimme bewegt sich zwischen Textausdeutung, Lust an der Melodie und instrumentaler Abstraktion. Lisa Hofmaninger erweitert das Ensemble um die dunklen, flexiblen Klangfarben der Bassklarinette und die Beweglichkeit des Sopransaxofons, w\u00e4hrend Helene Gl\u00fcxam dem Quartett mit ihrem wendigen Kontrabassspiel ein variables Fundament gibt.<\/p>\n<p class=\"western\" style=\"padding-left: 40px;\">So entsteht eine kammermusikalische Klangsprache, die gleicherma\u00dfen von Struktur und Spontaneit\u00e4t lebt. Oskar Aichingers Band steht f\u00fcr zeitgen\u00f6ssischen Jazz, der sich nicht \u00fcber stilistische Etiketten definiert, sondern \u00fcber Aufmerksamkeit, Dialog und die Lust am k\u00fcnstlerischen Risiko.<\/p>\n<p class=\"western\" style=\"padding-left: 40px;\">Im ersten Teil dieser \u00d61 Radiosession spricht Oskar Aichinger anhand eigens ausgew\u00e4hlter und mitgebrachter Musik \u00fcber seine musikalischen Einfl\u00fcsse und Inspirationen.<\/p>\n<p class=\"western\">17:30:00 +++ \u00d61<br \/>\n<b>Musik aus allen Richtungen mit Mirjam Jessa<\/b><\/p>\n<p class=\"western\">23:03 \u2013 24:00 Uhr +++ SWR KULTUR<br \/>\n<b>ARD Radiofestival. Jazz: Das Magazin<\/b><\/p>\n<p class=\"western\" style=\"padding-left: 40px;\">Von Ralf Dombrowski. Das w\u00f6chentliches Jazz-Update, pr\u00e4sentiert von Eurer ARD: In den Sommerwochen gibt es hier bei uns vor allem aktuelle Musik \u2013 au\u00dfergew\u00f6hnliche und wichtige Neu-Ver\u00f6ffentlichungen aller Spielarten des Jazz. Von internationalen Stars und weniger bekannten regionalen Acts, von Funk bis Free, von traditionell bis experimentell \u2013 Nicht verpassen.<\/p>\n<hr \/>\n<h2 class=\"western\"><a name=\"__RefHeading___Toc1138_2881889932\"><\/a>do \u2013 10.09.2026<\/h2>\n<hr \/>\n<p class=\"western\">17:30:00 +++ \u00d61<br \/>\n<b>Musik aus allen Richtungen mit Andreas Felber.<\/b><\/p>\n<p class=\"western\">23:03 \u2013 24:00 Uhr +++ SWR KULTUR<br \/>\n<b>ARD Radiofestival. Jazz: Velvet Revolution feat. Jelena Kulji\u0107 in concert<\/b><\/p>\n<p class=\"western\" style=\"padding-left: 40px;\">Von Beate Sampson. 2015 gr\u00fcndete der Saxofonist Daniel Erdmann mit dem franz\u00f6sischen Geiger Th\u00e9o Ceccaldi und dem englischen Vibrafonisten Jim Hart das Trio Velvet Revolution. Seit 2025 verbindet es seinen einzigartigen Sound und musikalischen Erz\u00e4hlstil mit der subversiv sch\u00f6nen Stimme von Jelena Kulji\u00e6. Mit Interpretationen von Songs der New Yorker Kultband \u201eVelvet Underground\u201c aus den 60er Jahren und eigenen St\u00fccken mit herrlich hintersinnigen Texten der, aus Serbien stammenden S\u00e4ngerin und Schauspielerin schlug diese Konstellation das Publikum beim BR Clubkonzert im Bergson Kunstkraftwerk in ihren Bann.<\/p>\n<figure id=\"attachment_34418\" aria-describedby=\"caption-attachment-34418\" style=\"width: 600px\" class=\"wp-caption aligncenter\"><a href=\"https:\/\/i0.wp.com\/www.jazzzeitung.de\/cms\/wp-content\/uploads\/2026\/09\/perseiden_ohne_schnuppen-scaled.jpg?ssl=1\"><img data-recalc-dims=\"1\" loading=\"lazy\" decoding=\"async\" data-attachment-id=\"34418\" data-permalink=\"https:\/\/www.jazzzeitung.de\/cms\/2026\/09\/die-jazz-radiowoche-vom-07-09-26-bis-13-09-26\/perseiden_ohne_schnuppen\/\" data-orig-file=\"https:\/\/i0.wp.com\/www.jazzzeitung.de\/cms\/wp-content\/uploads\/2026\/09\/perseiden_ohne_schnuppen-scaled.jpg?fit=1920%2C2560&amp;ssl=1\" data-orig-size=\"1920,2560\" data-comments-opened=\"1\" data-image-title=\"Himmel. Foto: Hufner\" data-image-description=\"&lt;p&gt;Himmel. Foto: Hufner&lt;\/p&gt;\n\" data-image-caption=\"&lt;p&gt;Himmel. Foto: Hufner&lt;\/p&gt;\n\" data-large-file=\"https:\/\/i0.wp.com\/www.jazzzeitung.de\/cms\/wp-content\/uploads\/2026\/09\/perseiden_ohne_schnuppen-scaled.jpg?fit=450%2C600&amp;ssl=1\" class=\"wp-image-34418\" src=\"https:\/\/i0.wp.com\/www.jazzzeitung.de\/cms\/wp-content\/uploads\/2026\/09\/perseiden_ohne_schnuppen.jpg?resize=600%2C800&#038;ssl=1\" alt=\"Himmel. Foto: Hufner\" width=\"600\" height=\"800\" srcset=\"https:\/\/i0.wp.com\/www.jazzzeitung.de\/cms\/wp-content\/uploads\/2026\/09\/perseiden_ohne_schnuppen-scaled.jpg?resize=450%2C600&amp;ssl=1 450w, https:\/\/i0.wp.com\/www.jazzzeitung.de\/cms\/wp-content\/uploads\/2026\/09\/perseiden_ohne_schnuppen-scaled.jpg?resize=225%2C300&amp;ssl=1 225w, https:\/\/i0.wp.com\/www.jazzzeitung.de\/cms\/wp-content\/uploads\/2026\/09\/perseiden_ohne_schnuppen-scaled.jpg?resize=768%2C1024&amp;ssl=1 768w, https:\/\/i0.wp.com\/www.jazzzeitung.de\/cms\/wp-content\/uploads\/2026\/09\/perseiden_ohne_schnuppen-scaled.jpg?resize=1152%2C1536&amp;ssl=1 1152w, https:\/\/i0.wp.com\/www.jazzzeitung.de\/cms\/wp-content\/uploads\/2026\/09\/perseiden_ohne_schnuppen-scaled.jpg?resize=1536%2C2048&amp;ssl=1 1536w, https:\/\/i0.wp.com\/www.jazzzeitung.de\/cms\/wp-content\/uploads\/2026\/09\/perseiden_ohne_schnuppen-scaled.jpg?resize=1320%2C1760&amp;ssl=1 1320w, https:\/\/i0.wp.com\/www.jazzzeitung.de\/cms\/wp-content\/uploads\/2026\/09\/perseiden_ohne_schnuppen-scaled.jpg?w=1920&amp;ssl=1 1920w, https:\/\/i0.wp.com\/www.jazzzeitung.de\/cms\/wp-content\/uploads\/2026\/09\/perseiden_ohne_schnuppen-scaled.jpg?w=1680&amp;ssl=1 1680w\" sizes=\"auto, (max-width: 600px) 100vw, 600px\" \/><\/a><figcaption id=\"caption-attachment-34418\" class=\"wp-caption-text\">Himmel. Foto: Hufner<\/figcaption><\/figure>\n<hr \/>\n<h2 class=\"western\"><a name=\"__RefHeading___Toc1140_2881889932\"><\/a>fr \u2013 11.09.2026<\/h2>\n<hr \/>\n<p class=\"western\">14:05:00 +++ \u00d61<br \/>\n<b>Die britische Ausnahmevokalistin Norma Winstone und ihr Trio 2009 beim Salzburger Jazzherbst<\/b><\/p>\n<p class=\"western\" style=\"padding-left: 40px;\">Norma Winstone ist eine Ikone: Ihre stimmliche Vielseitigkeit und stille Kraft, ihre harmonische Raffinesse und Sensibilit\u00e4t sowohl f\u00fcr Liedtexte als auch f\u00fcr wortlose Erz\u00e4hlungen zeugen davon. Bis heute setzt sie Ma\u00dfst\u00e4be mit ihrer lyrischen Gesangskunst.<\/p>\n<p class=\"western\" style=\"padding-left: 40px;\">Die am 23. September 1941 in London geborene Jazzs\u00e4ngerin, Texterin und Member of the British Empire (MBE) entwickelte bereits in den sp\u00e4ten 1960er Jahren eine eigenst\u00e4ndige Methode der Vokalimprovisation (\u201ewordless vocals\u201c), die ihre Stimme zum gleichberechtigten Instrument macht. 1977 gr\u00fcndete Norma Winstone mit Pianist John Taylor und Trompeter Kenny Wheeler das legend\u00e4re Avantgarde-Jazz-Trio Azimuth und erlangte mit den beim M\u00fcnchner Label ECM Records vorgelegten Alben internationalen Ruhm. Azimuth gilt als Inbegriff des \u201eeurop\u00e4ischen Kammerjazz\u201c, und Winstones Stimme fungiert als gleichberechtigte Farbe im Ensembleklang.<\/p>\n<p class=\"western\" style=\"padding-left: 40px;\">Norma Winstone schrieb weiters Texte zu Kompositionen von Ralph Towner, Egberto Gismonti, Steve Swallow und Jimmy Rowles und ver\u00f6ffentlichte mehrere Solo-Alben, u. a. das als Klassiker geltende \u201eSomewhere Called Home\u201c (1987) und das in der Kategorie \u201eBest Jazz Vocal Album\u201c f\u00fcr einen Grammy nominierte und von der Acad\u00e9mie du Jazz in Paris ausgezeichnete Album \u201eDistances\u201c (2008), aufgenommen im Trio mit dem italienischen Pianisten Glauco Venier und dem deutschen Sopransaxofonisten und Bassklarinettisten Klaus Gesing.<\/p>\n<p class=\"western\" style=\"padding-left: 40px;\">Am 31. Oktober 2009 begeisterte das Norma Winstone Trio mit dem Programm von \u201eDistances\u201c das Publikum im Rahmen des 14. Salzburger Jazzherbsts in der Stiegl-Brauwelt. Winstones Texte zu Eigenkompositionen \u2013 auch von Venier und Gesing \u2013 sowie verf\u00fchrerische Versionen von Cole-Porter-und Harry-Nilsson-Songs zeugen von gro\u00dfer poetischer Feinf\u00fchligkeit. Das Ergebnis ist ein einzigartiger und unverwechselbarer Trio-Klang.<\/p>\n<p class=\"western\" style=\"padding-left: 40px;\">Am 23. September 2026 feiert die ungebrochen aktive Norma Winstone ihren 85. Geburtstag.<\/p>\n<p class=\"western\">17:30:00 +++ \u00d61<br \/>\n<b>Musik aus allen Richtungen mit Johann Kneihs.<\/b><\/p>\n<p class=\"western\">22:01:00 +++ \u00d61<br \/>\n<b>Erinnerungen an die S\u00e4nger-Ikone von Queen: Freddie Mercury<\/b><\/p>\n<p class=\"western\" style=\"padding-left: 40px;\">Als Farrokh Bulsara kennen ihn nur eingefleischte Fans. Als Freddie Mercury hat der S\u00e4nger der Band Queen Weltkarriere gemacht. Der 1991 verstorbene Sohn einer nach Gro\u00dfbritannien eingewanderten, indischst\u00e4mmigen Parsen-Familie hatte in London zun\u00e4chst als Kunststudent ein Diplom in Grafikdesign erworben, bevor er \u00fcber Umwege seine Mitstreiter \u2013 Gitarrist Brian May, Bassist John Deacon und Schlagzeuger Roger Taylor \u2013 kennenlernte. Einige Zeit nach der Gr\u00fcndung der Band Queen legte er sich seinen K\u00fcnstlernamen zu. Sp\u00e4testens ab 1975, mit dem \u00dcberhit \u201eBohemian Rhapsody\u201c, galt das Quartett als globales Ph\u00e4nomen, das trotz seiner musikalischen Vielschichtigkeit und der Komplexit\u00e4t mancher Songs erstaunlich massenkompatibel war und ist.<\/p>\n<p class=\"western\" style=\"padding-left: 40px;\">Dank eines 2018 ver\u00f6ffentlichten Biopics \u00fcber Freddie Mercury und diversen posthumen Marketingaktivit\u00e4ten ist die Popularit\u00e4t von Queen auch bei nachfolgenden Generationen ungebrochen \u2013 nicht zuletzt dank der charakteristischen Stimme von Mercury, der als Bariton auch \u00fcberzeugend in den h\u00f6chsten Registern jubilieren konnte. Am 5. September 2026 w\u00e4re der Ausnahmes\u00e4nger 80 Jahre alt geworden. Die Spielr\u00e4ume-Nachtausgabe feiert Freddie Mercurys runden Geburtstag nach.<\/p>\n<p class=\"western\">23:03 \u2013 24:00 Uhr +++ SWR KULTUR<br \/>\n<b>ARD Radiofestival. Jazz: Das Herz der Szene \u2013 40 Jahre Loft in K\u00f6ln<\/b><\/p>\n<p class=\"western\" style=\"padding-left: 40px;\">Von Odilo Clausnitzer. Ohne das Loft w\u00e4re die deutsche Jazzgeschichte anders verlaufen: Hier haben unz\u00e4hlige nationale und internationale Jazz-Gr\u00f6\u00dfen in Wohnzimmer-Atmosph\u00e4re gespielt. Hier haben Karrieren begonnen, wie die von Nils Wogram und Frank Gratkowski. Hier hatte von Anfang an auch kompromisslos experimentelle Musik ein Domizil. Mit oft \u00fcber 200 Konzerten im Jahr ist das Loft das schlagende Herz der K\u00f6lner Jazzszene. Geleitet wird es im Ein-Mann-Betrieb von Urs Benedikt M\u00fcller, dem Sohn des Gr\u00fcnders Hans-Martin M\u00fcller. Beide kommen in der Sendung zu Wort, dazu viel Musik aus dem Loft-Umfeld.<\/p>\n<p class=\"western\">23:03:00 +++ \u00d61<br \/>\n<b>Freddie Mercury w\u00e4re 80 \u2013 Erinnerungen an die S\u00e4nger-Ikone von Queen: Freddie Mercury<\/b><\/p>\n<p class=\"western\" style=\"padding-left: 40px;\">Als Farrokh Bulsara kennen ihn nur eingefleischte Fans. Als Freddie Mercury hat der S\u00e4nger der Band Queen Weltkarriere gemacht. Der 1991 verstorbene Sohn einer nach Gro\u00dfbritannien eingewanderten, indischst\u00e4mmigen Parsen-Familie hatte in London zun\u00e4chst als Kunststudent ein Diplom in Grafikdesign erworben, bevor er \u00fcber Umwege seine Mitstreiter \u2013 Gitarrist Brian May, Bassist John Deacon und Schlagzeuger Roger Taylor \u2013 kennenlernte. Einige Zeit nach der Gr\u00fcndung der Band Queen legte er sich seinen K\u00fcnstlernamen zu. Sp\u00e4testens ab 1975, mit dem \u00dcberhit \u201eBohemian Rhapsody\u201c, galt das Quartett als globales Ph\u00e4nomen, das trotz seiner musikalischen Vielschichtigkeit und der Komplexit\u00e4t mancher Songs erstaunlich massenkompatibel war und ist.<\/p>\n<p class=\"western\" style=\"padding-left: 40px;\">Dank eines 2018 ver\u00f6ffentlichten Biopics \u00fcber Freddie Mercury und diversen posthumen Marketingaktivit\u00e4ten ist die Popularit\u00e4t von Queen auch bei nachfolgenden Generationen ungebrochen \u2013 nicht zuletzt dank der charakteristischen Stimme von Mercury, der als Bariton auch \u00fcberzeugend in den h\u00f6chsten Registern jubilieren konnte. Am 5. September 2026 w\u00e4re der Ausnahmes\u00e4nger 80 Jahre alt geworden. Die Spielr\u00e4ume-Nachtausgabe feiert Freddie Mercurys runden Geburtstag nach. Gestaltung: Klaus Wienerroither<\/p>\n<hr \/>\n<h2 class=\"western\"><a name=\"__RefHeading___Toc1142_2881889932\"><\/a>sa \u2013 12.09.2026<\/h2>\n<hr \/>\n<p class=\"western\">00:05:00 +++ \u00d61<br \/>\n<b>Erinnerungen an die S\u00e4nger-Ikone von Queen: Freddie Mercury<\/b><\/p>\n<p class=\"western\" style=\"padding-left: 40px;\">Als Farrokh Bulsara kennen ihn nur eingefleischte Fans. Als Freddie Mercury hat der S\u00e4nger der Band Queen Weltkarriere gemacht. Der 1991 verstorbene Sohn einer nach Gro\u00dfbritannien eingewanderten, indischst\u00e4mmigen Parsen-Familie hatte in London zun\u00e4chst als Kunststudent ein Diplom in Grafikdesign erworben, bevor er \u00fcber Umwege seine Mitstreiter \u2013 Gitarrist Brian May, Bassist John Deacon und Schlagzeuger Roger Taylor \u2013 kennenlernte. Einige Zeit nach der Gr\u00fcndung der Band Queen legte er sich seinen K\u00fcnstlernamen zu. Sp\u00e4testens ab 1975, mit dem \u00dcberhit \u201eBohemian Rhapsody\u201c, galt das Quartett als globales Ph\u00e4nomen, das trotz seiner musikalischen Vielschichtigkeit und der Komplexit\u00e4t mancher Songs erstaunlich massenkompatibel war und ist.<\/p>\n<p class=\"western\" style=\"padding-left: 40px;\">Dank eines 2018 ver\u00f6ffentlichten Biopics \u00fcber Freddie Mercury und diversen posthumen Marketingaktivit\u00e4ten ist die Popularit\u00e4t von Queen auch bei nachfolgenden Generationen ungebrochen \u2013 nicht zuletzt dank der charakteristischen Stimme von Mercury, der als Bariton auch \u00fcberzeugend in den h\u00f6chsten Registern jubilieren konnte. Am 5. September 2026 w\u00e4re der Ausnahmes\u00e4nger 80 Jahre alt geworden. Die Spielr\u00e4ume-Nachtausgabe feiert Freddie Mercurys runden Geburtstag nach.<\/p>\n<p class=\"western\">14:05 bis 15:00 Uhr +++ BR-KLASSIK<br \/>\n<b>KlassikPlus: Belcanto als Blockbuster? 20 Jahre \u201eThe Met: Live in HD\u201c<\/b><\/p>\n<p class=\"western\" style=\"padding-left: 40px;\">Heute Abend in die Metropolitan Opera? Klar doch \u2013 und zwar ohne gro\u00dfe Ausgaben, Hotelsuche und Flugstrapazen. Schon seit 20 Jahren \u00fcbertr\u00e4gt New Yorks legend\u00e4res Opernhaus ausgew\u00e4hlte Vorstellungen in Kinos weltweit via Satellit: Die Reihe \u201eThe Met: Live in HD\u201c hat seit ihrem Start im Jahr 2006 mehr als 30 Millionen Tickets verkauft, die Live-\u00dcbertragungen werden in rund 2.200 Kinos in mehr als 70 L\u00e4ndern auf sechs Kontinenten ausgestrahlt. In New York als \u201eMatinee\u201c um 13 Uhr gespielt, beginnt die Kino-Vorstellung gem\u00e4\u00df der Zeitverschiebung hierzulande um 19 Uhr \u2013 und zwar \u201elive\u201c in jeder Hinsicht. Das Kinopublikum ist durch 10 bis 12 hochaufl\u00f6sende Kameras weit n\u00e4her am Geschehen als es in der riesigen \u201eMet\u201c m\u00f6glich w\u00e4re; die Pausen sind durch Kollegeninterviews mit den B\u00fchnenstars und spannende Blicke hinter die Kulissen so ansprechend gestaltet, dass kaum jemand freiwillig den Saal verl\u00e4sst. Und wer schon einmal eine f\u00fcnfst\u00fcndige Wagner-Oper im Bayreuther Opernhaus durchgestanden hat, wei\u00df die mittlerweile in vielen teilnehmenden Kinos installierten Komfortsitze mit verstellbarer R\u00fcckenlehne durchaus zu sch\u00e4tzen. Ganz zu schweigen vom Glas k\u00fchlen Wei\u00dfwein, das man sich an den Platz ordern kann. Zum Jubil\u00e4um des erfolgreichen Formats unterh\u00e4lt sich BR Klassik mit Besucherinnen und Kinobetreibern genauso wie mit Tenor Piotr Becza\u0142a und General Manager Peter Gelb. Eine Sendung von Alexandra Maria Dielitz<\/p>\n<p class=\"western\">18:20 \u2013 19:00 Uhr +++ SWR KULTUR<br \/>\n<b>Jazz: N\u00fcchtern und brillant \u2013 Der Trompeter Ralph Alessi<\/b><\/p>\n<p class=\"western\" style=\"padding-left: 40px;\">Von Hans-J\u00fcrgen Schaal. Dass er die Trompete \u201eklassisch\u201c studiert hat, h\u00f6rt man seinem eleganten, pr\u00e4zisen Spiel an. Der amerikanische Trompetenk\u00fcnstler Ralph Alessi war viele Jahre lang der Mann f\u00fcr die schwierigen, die fast unspielbaren Aufgaben im Jazz \u2013 etwa bei Steve Colema n oder Uri Caine. Sein Trompetenspiel besticht durch einen meist k\u00fchlen Ton, eine schlanke Luftigkeit, eine abstrakte Erfindungskraft. Auf mehr als 50 Alben als Sideman und auf \u00fcber einem Dutzend eigener Ver\u00f6ffentlichungen hat Alessi h\u00f6chste Herausforderungen gemeistert \u2013 und dabei seine eigene Trompeten-\u00c4sthetik geschaffen.<\/p>\n<p class=\"western\">23:30:00 +++ \u00d61<br \/>\n<b>\u201eSimply The Best\u201c: S\u00e4nger Louie Austen spricht \u00fcber seine Geburtstags-LP<\/b><\/p>\n<p class=\"western\" style=\"padding-left: 40px;\">Zu Gast im \u00d61 Jazznacht-Studio ist Louie Austen. Der 1946 in Wien als Alois Luef geborene S\u00e4nger feiert am 19. September seinen 80. Geburtstag. Austen hat mit seiner Crooner-Stimme zahlreiche Alben veredelt, hat unter seinem Namen auch viele hervorragende Tontr\u00e4ger selbst herausgebracht und ist aus der \u00f6sterreichischen Jazz-, Soul- und Entertainment-Szene nicht wegzudenken.<\/p>\n<p class=\"western\" style=\"padding-left: 40px;\">Seine lange Karriere f\u00fchrte Louie Austen \u00fcber S\u00fcdafrika nach New York und Las Vegas und schlie\u00dflich 1980 wieder zur\u00fcck nach \u00d6sterreich. Im Gespr\u00e4ch mit Christian Bakonyi wird er \u00fcber seine musikalische Laufbahn erz\u00e4hlen und auch sein neues Album \u201eSimply The Best\u201c mitbringen, das er an seinem 80.\u00a0Geburtstag im Vindobona in Wien live pr\u00e4sentieren wird.<\/p>\n<hr \/>\n<h2 class=\"western\"><a name=\"__RefHeading___Toc1144_2881889932\"><\/a>so \u2013 13.09.2026<\/h2>\n<hr \/>\n<p class=\"western\">00:05:00 +++ \u00d61<br \/>\n<b>(Fortsetzung); \u201eSimply The Best\u201c: S\u00e4nger Louie Austen spricht \u00fcber seine Geburtstags-LP<\/b><\/p>\n<p class=\"western\">01:03:00 +++ \u00d61<br \/>\n<b>Klassiker und Fundst\u00fccke aus 100 Jahren Jazzgeschichte (Wiederholung)<\/b><\/p>\n<p class=\"western\">17:10:00 +++ \u00d61<br \/>\n<b>Aktuelles vom Duo Meatshell, vom Srdjan Ivanovic Quartett und dem Geiger Bjarke Falgren<\/b><\/p>\n<p class=\"western\" style=\"padding-left: 40px;\">Das Duo Meatshell erforscht auf seinem mittlerweile dritten Album \u201eThe Elevator Child\u201c das Klangspektrum von Saxofon, Bass und Stimme und bedient sich dabei der Facetten von Jazz, Pop und Klangimprovisation. Ihre musikalischen Ideen entwickeln Andrew Saragossi (Saxofon, Electronics, Komposition) und Helen Svoboda (Gesang, Electronics, Kontrabass, Bassgitarre) mitunter aus kleinen Klangbausteinen, wobei das Saxofon durchaus auch als Perkussionsinstrument in Erscheinung tritt.<\/p>\n<p class=\"western\" style=\"padding-left: 40px;\">Meatshell erstaunt mit Musik, die angenehm frisch und unvorhersehbar ist und erweist sich auf \u201eThe Elevator Child\u201c klanglich zudem als extrem wandelbar und spielfreudig: Das klingt mal nach improvisierter Soundcollage, mal nach einem gro\u00dfen Ensemble, mal nach Singer-Songwriter-Duo, mal nach Pop mit hohem Elektronikanteil.<\/p>\n<p class=\"western\" style=\"padding-left: 40px;\">Auch Srdjan Ivanovic wandelt in Quartettbesetzung virtuos an den Grenzen von Modern Jazz, World Music und Elektronik. Seine Fluchterfahrung im Balkankrieg ist es, die \u2013 gepaart mit seiner Offenheit und seinen Studien in Amsterdam, Utrecht und New York \u2013 das klanggewaltige Statement des Schlagzeugers auf seinem Album \u201eCosmogonie\u201c entstehen lie\u00dfen. Trotz der komplexen Strukturen von Ivanovics Kompositionen, sowohl rhythmisch als auch melodisch, ist seine Musik zug\u00e4nglich. Wohl auch deshalb, weil Ivanovic sehr sensibel mit Rhythmus und Melodie agiert und seine Mitmusiker Andreas Polyzogopoulos (Trompete), Federico Casagrande (Gitarre) und Mihail Ivanov (Kontrabass) gekonnt in Szene setzt.<\/p>\n<p class=\"western\" style=\"padding-left: 40px;\">Auch Violinist Bjarke Falgren, viermaliger Danish Music Award Winner und Preistr\u00e4ger des Ellen &amp; Svend Asmussen Prize, lotet Grenzen aus: zwischen Pop, Jazz und Folk, zwischen lyrischen Passagen und rhythmischer Bewegung, zwischen stillem Reflektieren und vorw\u00e4rtstreibenden, expressiven Phasen.<\/p>\n<p class=\"western\" style=\"padding-left: 40px;\">Gemeinsam mit Pianist Heine Hansen, Kontrabassist Morgen Lundsby, Perkussionist Eliel Lazo, Schlagzeuger Anders Holm Jensen und Gitarrist Jakob Riis Holm, l\u00e4sst Bjarke Falgren diese Grenzen auf dem 2026 erschienenen Album \u201eTurkis\u201c verschwimmen. Denn die Farbe T\u00fcrkis repr\u00e4sentiert f\u00fcr ihn den Horizont, einen Ort, an dem sich Grenzen aufl\u00f6sen und jede Bewegung fl\u00fcssig und leicht scheint.<\/p>\n<p class=\"western\">19:46 \u2013 20:00 Uhr +++ SWR KULTUR<br \/>\n<b>Big Time Jazz. Jazz-Orchester, Big Band, Oktett \u2013 hier kommt Musik mit Vielen!<\/b><\/p>\n<p class=\"western\" style=\"padding-left: 40px;\">Im Big Time Jazz stellen wir f\u00fcr Sie interessante und sch\u00f6ne Kl\u00e4nge zusammen \u2013 von gro\u00dfen Ensembles aus dem Jazz und der improvisierten Musik. Wir bergen Archivaufnahmen und durchforsten Neuver\u00f6ffentlichungen f\u00fcr eine Zeit, die ganz den gro\u00dfen Kl\u00e4ngen geh\u00f6rt.<\/p>\n<p class=\"western\">23:03:00 +++ \u00d61<br \/>\n<b>Zeit-Ton Magazin \u2013 R\u00fcckblick, Vorschau und aktuelle Ver\u00f6ffentlichungen<\/b><\/p>\n<p class=\"western\" style=\"padding-left: 40px;\">Jeden Sonntag pr\u00e4sentieren wir Ihnen in der ersten Zeit-Ton-Stunde ausgesuchte Veranstaltungstipps f\u00fcr die kommenden sieben Tage und spannende Neuver\u00f6ffentlichungen. Gestaltung: Walter Weidringer<\/p>\n","protected":false},"excerpt":{"rendered":"<p>Jazz im Radio \u2013 Jeden Sonntag gibt es um 12 Uhr unsere \u00dcbersicht f\u00fcr die jeweils nachfolgende Woche. Die #Jazz-Radiowoche vom 07.09.26 bis zum 13.09.26. Auch als PDF zum Download \u2013 #Jazz #JazzZeitung #Radio #Radiowoche \u2013 Ein Service unserer Online-Redaktion.<\/p>\n","protected":false},"author":1,"featured_media":34418,"comment_status":"open","ping_status":"closed","sticky":false,"template":"","format":"standard","meta":{"_jetpack_newsletter_access":"","_jetpack_dont_email_post_to_subs":false,"_jetpack_newsletter_tier_id":0,"_jetpack_memberships_contains_paywalled_content":false,"_jetpack_feature_clip_id":0,"_jetpack_memberships_contains_paid_content":false,"footnotes":"","jetpack_publicize_message":"","jetpack_publicize_feature_enabled":true,"jetpack_social_post_already_shared":true,"jetpack_social_options":{"image_generator_settings":{"template":"highway","default_image_id":0,"font":"","enabled":false},"version":2},"jetpack_post_was_ever_published":false},"categories":[633,452],"tags":[3773,1629],"coauthors":[650],"class_list":["post-34417","post","type-post","status-publish","format-standard","has-post-thumbnail","hentry","category-nachrichten","category-radio","tag-die-radiowoche","tag-jazz-im-radio"],"yoast_head":"<!-- This site is optimized with the Yoast SEO plugin v28.4 - https:\/\/yoast.com\/product\/yoast-seo-wordpress\/ -->\n<title>Die Jazz-Radiowoche vom 07.09.26 bis 13.09.26 - JazzZeitung<\/title>\n<meta name=\"robots\" content=\"index, follow, max-snippet:-1, max-image-preview:large, max-video-preview:-1\" \/>\n<link rel=\"canonical\" href=\"https:\/\/www.jazzzeitung.de\/cms\/2026\/09\/die-jazz-radiowoche-vom-07-09-26-bis-13-09-26\/\" \/>\n<meta property=\"og:locale\" content=\"de_DE\" \/>\n<meta property=\"og:type\" content=\"article\" \/>\n<meta property=\"og:title\" content=\"Die Jazz-Radiowoche vom 07.09.26 bis 13.09.26 - JazzZeitung\" \/>\n<meta property=\"og:description\" content=\"Jazz im Radio \u2013 Jeden Sonntag gibt es um 12 Uhr unsere \u00dcbersicht f\u00fcr die jeweils nachfolgende Woche. Die #Jazz-Radiowoche vom 07.09.26 bis zum 13.09.26. Auch als PDF zum Download \u2013 #Jazz #JazzZeitung #Radio #Radiowoche \u2013 Ein Service unserer Online-Redaktion.\" \/>\n<meta property=\"og:url\" content=\"https:\/\/www.jazzzeitung.de\/cms\/2026\/09\/die-jazz-radiowoche-vom-07-09-26-bis-13-09-26\/\" \/>\n<meta property=\"og:site_name\" content=\"JazzZeitung\" \/>\n<meta property=\"article:publisher\" content=\"https:\/\/www.facebook.com\/JazzZeitung\/\" \/>\n<meta property=\"article:author\" content=\"https:\/\/www.facebook.com\/hufner\" \/>\n<meta property=\"article:published_time\" content=\"2026-09-06T10:00:09+00:00\" \/>\n<meta property=\"og:image\" content=\"https:\/\/i0.wp.com\/www.jazzzeitung.de\/cms\/wp-content\/uploads\/2026\/09\/perseiden_ohne_schnuppen-scaled.jpg?fit=1920%2C2560&ssl=1\" \/>\n\t<meta property=\"og:image:width\" content=\"1920\" \/>\n\t<meta property=\"og:image:height\" content=\"2560\" \/>\n\t<meta property=\"og:image:type\" content=\"image\/jpeg\" \/>\n<meta name=\"author\" content=\"Martin Hufner\" \/>\n<script type=\"application\/ld+json\" class=\"yoast-schema-graph\">{\"@context\":\"https:\\\/\\\/schema.org\",\"@graph\":[{\"@type\":\"Article\",\"@id\":\"https:\\\/\\\/www.jazzzeitung.de\\\/cms\\\/2026\\\/09\\\/die-jazz-radiowoche-vom-07-09-26-bis-13-09-26\\\/#article\",\"isPartOf\":{\"@id\":\"https:\\\/\\\/www.jazzzeitung.de\\\/cms\\\/2026\\\/09\\\/die-jazz-radiowoche-vom-07-09-26-bis-13-09-26\\\/\"},\"author\":{\"name\":\"Martin Hufner\",\"@id\":\"https:\\\/\\\/www.jazzzeitung.de\\\/cms\\\/#\\\/schema\\\/person\\\/b9a4e5ac765d94fb8f617bfa8f1fc5f7\"},\"headline\":\"Die Jazz-Radiowoche vom 07.09.26 bis 13.09.26\",\"datePublished\":\"2026-09-06T10:00:09+00:00\",\"mainEntityOfPage\":{\"@id\":\"https:\\\/\\\/www.jazzzeitung.de\\\/cms\\\/2026\\\/09\\\/die-jazz-radiowoche-vom-07-09-26-bis-13-09-26\\\/\"},\"wordCount\":3163,\"commentCount\":0,\"publisher\":{\"@id\":\"https:\\\/\\\/www.jazzzeitung.de\\\/cms\\\/#organization\"},\"image\":{\"@id\":\"https:\\\/\\\/www.jazzzeitung.de\\\/cms\\\/2026\\\/09\\\/die-jazz-radiowoche-vom-07-09-26-bis-13-09-26\\\/#primaryimage\"},\"thumbnailUrl\":\"https:\\\/\\\/i0.wp.com\\\/www.jazzzeitung.de\\\/cms\\\/wp-content\\\/uploads\\\/2026\\\/09\\\/perseiden_ohne_schnuppen-scaled.jpg?fit=1920%2C2560&ssl=1\",\"keywords\":[\"Die Radiowoche\",\"Jazz im Radio\"],\"articleSection\":[\"News\",\"Radio\"],\"inLanguage\":\"de\",\"potentialAction\":[{\"@type\":\"CommentAction\",\"name\":\"Comment\",\"target\":[\"https:\\\/\\\/www.jazzzeitung.de\\\/cms\\\/2026\\\/09\\\/die-jazz-radiowoche-vom-07-09-26-bis-13-09-26\\\/#respond\"]}]},{\"@type\":\"WebPage\",\"@id\":\"https:\\\/\\\/www.jazzzeitung.de\\\/cms\\\/2026\\\/09\\\/die-jazz-radiowoche-vom-07-09-26-bis-13-09-26\\\/\",\"url\":\"https:\\\/\\\/www.jazzzeitung.de\\\/cms\\\/2026\\\/09\\\/die-jazz-radiowoche-vom-07-09-26-bis-13-09-26\\\/\",\"name\":\"Die Jazz-Radiowoche vom 07.09.26 bis 13.09.26 - JazzZeitung\",\"isPartOf\":{\"@id\":\"https:\\\/\\\/www.jazzzeitung.de\\\/cms\\\/#website\"},\"primaryImageOfPage\":{\"@id\":\"https:\\\/\\\/www.jazzzeitung.de\\\/cms\\\/2026\\\/09\\\/die-jazz-radiowoche-vom-07-09-26-bis-13-09-26\\\/#primaryimage\"},\"image\":{\"@id\":\"https:\\\/\\\/www.jazzzeitung.de\\\/cms\\\/2026\\\/09\\\/die-jazz-radiowoche-vom-07-09-26-bis-13-09-26\\\/#primaryimage\"},\"thumbnailUrl\":\"https:\\\/\\\/i0.wp.com\\\/www.jazzzeitung.de\\\/cms\\\/wp-content\\\/uploads\\\/2026\\\/09\\\/perseiden_ohne_schnuppen-scaled.jpg?fit=1920%2C2560&ssl=1\",\"datePublished\":\"2026-09-06T10:00:09+00:00\",\"breadcrumb\":{\"@id\":\"https:\\\/\\\/www.jazzzeitung.de\\\/cms\\\/2026\\\/09\\\/die-jazz-radiowoche-vom-07-09-26-bis-13-09-26\\\/#breadcrumb\"},\"inLanguage\":\"de\",\"potentialAction\":[{\"@type\":\"ReadAction\",\"target\":[\"https:\\\/\\\/www.jazzzeitung.de\\\/cms\\\/2026\\\/09\\\/die-jazz-radiowoche-vom-07-09-26-bis-13-09-26\\\/\"]}]},{\"@type\":\"ImageObject\",\"inLanguage\":\"de\",\"@id\":\"https:\\\/\\\/www.jazzzeitung.de\\\/cms\\\/2026\\\/09\\\/die-jazz-radiowoche-vom-07-09-26-bis-13-09-26\\\/#primaryimage\",\"url\":\"https:\\\/\\\/i0.wp.com\\\/www.jazzzeitung.de\\\/cms\\\/wp-content\\\/uploads\\\/2026\\\/09\\\/perseiden_ohne_schnuppen-scaled.jpg?fit=1920%2C2560&ssl=1\",\"contentUrl\":\"https:\\\/\\\/i0.wp.com\\\/www.jazzzeitung.de\\\/cms\\\/wp-content\\\/uploads\\\/2026\\\/09\\\/perseiden_ohne_schnuppen-scaled.jpg?fit=1920%2C2560&ssl=1\",\"width\":1920,\"height\":2560,\"caption\":\"Himmel. Foto: Hufner\"},{\"@type\":\"BreadcrumbList\",\"@id\":\"https:\\\/\\\/www.jazzzeitung.de\\\/cms\\\/2026\\\/09\\\/die-jazz-radiowoche-vom-07-09-26-bis-13-09-26\\\/#breadcrumb\",\"itemListElement\":[{\"@type\":\"ListItem\",\"position\":1,\"name\":\"Startseite\",\"item\":\"https:\\\/\\\/www.jazzzeitung.de\\\/cms\\\/\"},{\"@type\":\"ListItem\",\"position\":2,\"name\":\"Die Jazz-Radiowoche vom 07.09.26 bis 13.09.26\"}]},{\"@type\":\"WebSite\",\"@id\":\"https:\\\/\\\/www.jazzzeitung.de\\\/cms\\\/#website\",\"url\":\"https:\\\/\\\/www.jazzzeitung.de\\\/cms\\\/\",\"name\":\"JazzZeitung\",\"description\":\"Jazz-News und Jazz-Kontroverses\",\"publisher\":{\"@id\":\"https:\\\/\\\/www.jazzzeitung.de\\\/cms\\\/#organization\"},\"potentialAction\":[{\"@type\":\"SearchAction\",\"target\":{\"@type\":\"EntryPoint\",\"urlTemplate\":\"https:\\\/\\\/www.jazzzeitung.de\\\/cms\\\/?s={search_term_string}\"},\"query-input\":{\"@type\":\"PropertyValueSpecification\",\"valueRequired\":true,\"valueName\":\"search_term_string\"}}],\"inLanguage\":\"de\"},{\"@type\":\"Organization\",\"@id\":\"https:\\\/\\\/www.jazzzeitung.de\\\/cms\\\/#organization\",\"name\":\"JazzZeitung online\",\"url\":\"https:\\\/\\\/www.jazzzeitung.de\\\/cms\\\/\",\"logo\":{\"@type\":\"ImageObject\",\"inLanguage\":\"de\",\"@id\":\"https:\\\/\\\/www.jazzzeitung.de\\\/cms\\\/#\\\/schema\\\/logo\\\/image\\\/\",\"url\":\"https:\\\/\\\/i0.wp.com\\\/www.jazzzeitung.de\\\/cms\\\/wp-content\\\/uploads\\\/2015\\\/08\\\/JAZZZEITUNGDE_Logo_Neu.png?fit=499%2C200&ssl=1\",\"contentUrl\":\"https:\\\/\\\/i0.wp.com\\\/www.jazzzeitung.de\\\/cms\\\/wp-content\\\/uploads\\\/2015\\\/08\\\/JAZZZEITUNGDE_Logo_Neu.png?fit=499%2C200&ssl=1\",\"width\":499,\"height\":200,\"caption\":\"JazzZeitung online\"},\"image\":{\"@id\":\"https:\\\/\\\/www.jazzzeitung.de\\\/cms\\\/#\\\/schema\\\/logo\\\/image\\\/\"},\"sameAs\":[\"https:\\\/\\\/www.facebook.com\\\/JazzZeitung\\\/\"]},{\"@type\":\"Person\",\"@id\":\"https:\\\/\\\/www.jazzzeitung.de\\\/cms\\\/#\\\/schema\\\/person\\\/b9a4e5ac765d94fb8f617bfa8f1fc5f7\",\"name\":\"Martin Hufner\",\"image\":{\"@type\":\"ImageObject\",\"inLanguage\":\"de\",\"@id\":\"https:\\\/\\\/i0.wp.com\\\/www.jazzzeitung.de\\\/cms\\\/wp-content\\\/uploads\\\/2013\\\/07\\\/huf-06.jpg?resize=96%2C96&ssl=15fcc31aa94540751a3b804516452be00\",\"url\":\"https:\\\/\\\/i0.wp.com\\\/www.jazzzeitung.de\\\/cms\\\/wp-content\\\/uploads\\\/2013\\\/07\\\/huf-06.jpg?resize=96%2C96&ssl=1\",\"contentUrl\":\"https:\\\/\\\/i0.wp.com\\\/www.jazzzeitung.de\\\/cms\\\/wp-content\\\/uploads\\\/2013\\\/07\\\/huf-06.jpg?resize=96%2C96&ssl=1\",\"caption\":\"Martin Hufner\"},\"description\":\"Martin Hufner ist freier Autor der JazzZeitung.\",\"sameAs\":[\"https:\\\/\\\/www.kritische-masse.de\\\/logbuch\",\"https:\\\/\\\/www.facebook.com\\\/hufner\"],\"url\":\"https:\\\/\\\/www.jazzzeitung.de\\\/cms\\\/author\\\/admin\\\/\"}]}<\/script>\n<!-- \/ Yoast SEO plugin. -->","yoast_head_json":{"title":"Die Jazz-Radiowoche vom 07.09.26 bis 13.09.26 - JazzZeitung","robots":{"index":"index","follow":"follow","max-snippet":"max-snippet:-1","max-image-preview":"max-image-preview:large","max-video-preview":"max-video-preview:-1"},"canonical":"https:\/\/www.jazzzeitung.de\/cms\/2026\/09\/die-jazz-radiowoche-vom-07-09-26-bis-13-09-26\/","og_locale":"de_DE","og_type":"article","og_title":"Die Jazz-Radiowoche vom 07.09.26 bis 13.09.26 - JazzZeitung","og_description":"Jazz im Radio \u2013 Jeden Sonntag gibt es um 12 Uhr unsere \u00dcbersicht f\u00fcr die jeweils nachfolgende Woche. Die #Jazz-Radiowoche vom 07.09.26 bis zum 13.09.26. Auch als PDF zum Download \u2013 #Jazz #JazzZeitung #Radio #Radiowoche \u2013 Ein Service unserer Online-Redaktion.","og_url":"https:\/\/www.jazzzeitung.de\/cms\/2026\/09\/die-jazz-radiowoche-vom-07-09-26-bis-13-09-26\/","og_site_name":"JazzZeitung","article_publisher":"https:\/\/www.facebook.com\/JazzZeitung\/","article_author":"https:\/\/www.facebook.com\/hufner","article_published_time":"2026-09-06T10:00:09+00:00","og_image":[{"width":1920,"height":2560,"url":"https:\/\/i0.wp.com\/www.jazzzeitung.de\/cms\/wp-content\/uploads\/2026\/09\/perseiden_ohne_schnuppen-scaled.jpg?fit=1920%2C2560&ssl=1","type":"image\/jpeg"}],"author":"Martin Hufner","schema":{"@context":"https:\/\/schema.org","@graph":[{"@type":"Article","@id":"https:\/\/www.jazzzeitung.de\/cms\/2026\/09\/die-jazz-radiowoche-vom-07-09-26-bis-13-09-26\/#article","isPartOf":{"@id":"https:\/\/www.jazzzeitung.de\/cms\/2026\/09\/die-jazz-radiowoche-vom-07-09-26-bis-13-09-26\/"},"author":{"name":"Martin Hufner","@id":"https:\/\/www.jazzzeitung.de\/cms\/#\/schema\/person\/b9a4e5ac765d94fb8f617bfa8f1fc5f7"},"headline":"Die Jazz-Radiowoche vom 07.09.26 bis 13.09.26","datePublished":"2026-09-06T10:00:09+00:00","mainEntityOfPage":{"@id":"https:\/\/www.jazzzeitung.de\/cms\/2026\/09\/die-jazz-radiowoche-vom-07-09-26-bis-13-09-26\/"},"wordCount":3163,"commentCount":0,"publisher":{"@id":"https:\/\/www.jazzzeitung.de\/cms\/#organization"},"image":{"@id":"https:\/\/www.jazzzeitung.de\/cms\/2026\/09\/die-jazz-radiowoche-vom-07-09-26-bis-13-09-26\/#primaryimage"},"thumbnailUrl":"https:\/\/i0.wp.com\/www.jazzzeitung.de\/cms\/wp-content\/uploads\/2026\/09\/perseiden_ohne_schnuppen-scaled.jpg?fit=1920%2C2560&ssl=1","keywords":["Die Radiowoche","Jazz im Radio"],"articleSection":["News","Radio"],"inLanguage":"de","potentialAction":[{"@type":"CommentAction","name":"Comment","target":["https:\/\/www.jazzzeitung.de\/cms\/2026\/09\/die-jazz-radiowoche-vom-07-09-26-bis-13-09-26\/#respond"]}]},{"@type":"WebPage","@id":"https:\/\/www.jazzzeitung.de\/cms\/2026\/09\/die-jazz-radiowoche-vom-07-09-26-bis-13-09-26\/","url":"https:\/\/www.jazzzeitung.de\/cms\/2026\/09\/die-jazz-radiowoche-vom-07-09-26-bis-13-09-26\/","name":"Die Jazz-Radiowoche vom 07.09.26 bis 13.09.26 - JazzZeitung","isPartOf":{"@id":"https:\/\/www.jazzzeitung.de\/cms\/#website"},"primaryImageOfPage":{"@id":"https:\/\/www.jazzzeitung.de\/cms\/2026\/09\/die-jazz-radiowoche-vom-07-09-26-bis-13-09-26\/#primaryimage"},"image":{"@id":"https:\/\/www.jazzzeitung.de\/cms\/2026\/09\/die-jazz-radiowoche-vom-07-09-26-bis-13-09-26\/#primaryimage"},"thumbnailUrl":"https:\/\/i0.wp.com\/www.jazzzeitung.de\/cms\/wp-content\/uploads\/2026\/09\/perseiden_ohne_schnuppen-scaled.jpg?fit=1920%2C2560&ssl=1","datePublished":"2026-09-06T10:00:09+00:00","breadcrumb":{"@id":"https:\/\/www.jazzzeitung.de\/cms\/2026\/09\/die-jazz-radiowoche-vom-07-09-26-bis-13-09-26\/#breadcrumb"},"inLanguage":"de","potentialAction":[{"@type":"ReadAction","target":["https:\/\/www.jazzzeitung.de\/cms\/2026\/09\/die-jazz-radiowoche-vom-07-09-26-bis-13-09-26\/"]}]},{"@type":"ImageObject","inLanguage":"de","@id":"https:\/\/www.jazzzeitung.de\/cms\/2026\/09\/die-jazz-radiowoche-vom-07-09-26-bis-13-09-26\/#primaryimage","url":"https:\/\/i0.wp.com\/www.jazzzeitung.de\/cms\/wp-content\/uploads\/2026\/09\/perseiden_ohne_schnuppen-scaled.jpg?fit=1920%2C2560&ssl=1","contentUrl":"https:\/\/i0.wp.com\/www.jazzzeitung.de\/cms\/wp-content\/uploads\/2026\/09\/perseiden_ohne_schnuppen-scaled.jpg?fit=1920%2C2560&ssl=1","width":1920,"height":2560,"caption":"Himmel. Foto: Hufner"},{"@type":"BreadcrumbList","@id":"https:\/\/www.jazzzeitung.de\/cms\/2026\/09\/die-jazz-radiowoche-vom-07-09-26-bis-13-09-26\/#breadcrumb","itemListElement":[{"@type":"ListItem","position":1,"name":"Startseite","item":"https:\/\/www.jazzzeitung.de\/cms\/"},{"@type":"ListItem","position":2,"name":"Die Jazz-Radiowoche vom 07.09.26 bis 13.09.26"}]},{"@type":"WebSite","@id":"https:\/\/www.jazzzeitung.de\/cms\/#website","url":"https:\/\/www.jazzzeitung.de\/cms\/","name":"JazzZeitung","description":"Jazz-News und Jazz-Kontroverses","publisher":{"@id":"https:\/\/www.jazzzeitung.de\/cms\/#organization"},"potentialAction":[{"@type":"SearchAction","target":{"@type":"EntryPoint","urlTemplate":"https:\/\/www.jazzzeitung.de\/cms\/?s={search_term_string}"},"query-input":{"@type":"PropertyValueSpecification","valueRequired":true,"valueName":"search_term_string"}}],"inLanguage":"de"},{"@type":"Organization","@id":"https:\/\/www.jazzzeitung.de\/cms\/#organization","name":"JazzZeitung online","url":"https:\/\/www.jazzzeitung.de\/cms\/","logo":{"@type":"ImageObject","inLanguage":"de","@id":"https:\/\/www.jazzzeitung.de\/cms\/#\/schema\/logo\/image\/","url":"https:\/\/i0.wp.com\/www.jazzzeitung.de\/cms\/wp-content\/uploads\/2015\/08\/JAZZZEITUNGDE_Logo_Neu.png?fit=499%2C200&ssl=1","contentUrl":"https:\/\/i0.wp.com\/www.jazzzeitung.de\/cms\/wp-content\/uploads\/2015\/08\/JAZZZEITUNGDE_Logo_Neu.png?fit=499%2C200&ssl=1","width":499,"height":200,"caption":"JazzZeitung online"},"image":{"@id":"https:\/\/www.jazzzeitung.de\/cms\/#\/schema\/logo\/image\/"},"sameAs":["https:\/\/www.facebook.com\/JazzZeitung\/"]},{"@type":"Person","@id":"https:\/\/www.jazzzeitung.de\/cms\/#\/schema\/person\/b9a4e5ac765d94fb8f617bfa8f1fc5f7","name":"Martin Hufner","image":{"@type":"ImageObject","inLanguage":"de","@id":"https:\/\/i0.wp.com\/www.jazzzeitung.de\/cms\/wp-content\/uploads\/2013\/07\/huf-06.jpg?resize=96%2C96&ssl=15fcc31aa94540751a3b804516452be00","url":"https:\/\/i0.wp.com\/www.jazzzeitung.de\/cms\/wp-content\/uploads\/2013\/07\/huf-06.jpg?resize=96%2C96&ssl=1","contentUrl":"https:\/\/i0.wp.com\/www.jazzzeitung.de\/cms\/wp-content\/uploads\/2013\/07\/huf-06.jpg?resize=96%2C96&ssl=1","caption":"Martin Hufner"},"description":"Martin Hufner ist freier Autor der JazzZeitung.","sameAs":["https:\/\/www.kritische-masse.de\/logbuch","https:\/\/www.facebook.com\/hufner"],"url":"https:\/\/www.jazzzeitung.de\/cms\/author\/admin\/"}]}},"wp-worthy-pixel":{"ignored":true,"public":null,"server":null,"url":null},"wp-worthy-type":"normal","jetpack_publicize_connections":[],"cc_featured_image_caption":{"caption_text":"Himmel","source_text":"Foto: Hufner","source_url":"https:\/\/www.kritische-masse.de\/logbuch\/"},"jetpack_shortlink":"https:\/\/wp.me\/p3KEcT-8X7","jetpack-related-posts":[{"id":22236,"url":"https:\/\/www.jazzzeitung.de\/cms\/2020\/03\/die-jazz-radiowoche-vom-30-03-20-bis-05-04-20\/","url_meta":{"origin":34417,"position":0},"title":"Die Jazz-Radiowoche vom 30.03.20 bis 05.04.20","author":"Martin Hufner","date":"29. M\u00e4rz 2020","format":false,"excerpt":"Ein kleiner Blick in die Jazzwoche 14 im Radio. Alle Angaben ohne Gew\u00e4hr. Jazz im Radio (Fernsehen) SR2 \u2013 JazzNow \u2013 Sonntags von 20.04 bis 22.30 Uhr BR-KLASSIK \u2013 Jazztime \u2013 Von Montag bis Freitag t\u00e4glich um 23.05 Uhr rbb-kultur \u2013 Late Night Jazz \u2013 Sa und So 23:04 \u2013\u2026","rel":"","context":"In &quot;News&quot;","block_context":{"text":"News","link":"https:\/\/www.jazzzeitung.de\/cms\/thema\/nachrichten\/"},"img":{"alt_text":"Jazz im Radio. Foto: Hufner","src":"https:\/\/i0.wp.com\/www.jazzzeitung.de\/cms\/wp-content\/uploads\/2019\/03\/jazz_im_radio.jpg?fit=1200%2C773&ssl=1&resize=350%2C200","width":350,"height":200,"srcset":"https:\/\/i0.wp.com\/www.jazzzeitung.de\/cms\/wp-content\/uploads\/2019\/03\/jazz_im_radio.jpg?fit=1200%2C773&ssl=1&resize=350%2C200 1x, https:\/\/i0.wp.com\/www.jazzzeitung.de\/cms\/wp-content\/uploads\/2019\/03\/jazz_im_radio.jpg?fit=1200%2C773&ssl=1&resize=525%2C300 1.5x, https:\/\/i0.wp.com\/www.jazzzeitung.de\/cms\/wp-content\/uploads\/2019\/03\/jazz_im_radio.jpg?fit=1200%2C773&ssl=1&resize=700%2C400 2x, https:\/\/i0.wp.com\/www.jazzzeitung.de\/cms\/wp-content\/uploads\/2019\/03\/jazz_im_radio.jpg?fit=1200%2C773&ssl=1&resize=1050%2C600 3x"},"classes":[]},{"id":23982,"url":"https:\/\/www.jazzzeitung.de\/cms\/2020\/12\/die-jazz-radiowoche-vom-14-12-20-bis-31-12-2020\/","url_meta":{"origin":34417,"position":1},"title":"Die Jazz-Radiowoche vom 14.12.20 bis 31.12.2020","author":"Martin Hufner","date":"13. Dezember 2020","format":false,"excerpt":"Ein kleiner Blick in Restmonat. Die Suchmaschine der ARD hat ihren Dienst am 7.12.2020 eingestellt. Nachfragen haben nur gezeigt, dass die Veranwortlichen kein Interesse daran haben, das zu kommunizieren. Weder ist herauszubekommen, wer das veranlasst hat noch warum. Danke ARD! F\u00fcr nichts. Jetzt schauen wir mal, wie es weiter geht.\u2026","rel":"","context":"In &quot;News&quot;","block_context":{"text":"News","link":"https:\/\/www.jazzzeitung.de\/cms\/thema\/nachrichten\/"},"img":{"alt_text":"Jazz im Radio. Foto: Hufner","src":"https:\/\/i0.wp.com\/www.jazzzeitung.de\/cms\/wp-content\/uploads\/2019\/03\/jazz_im_radio.jpg?fit=1200%2C773&ssl=1&resize=350%2C200","width":350,"height":200,"srcset":"https:\/\/i0.wp.com\/www.jazzzeitung.de\/cms\/wp-content\/uploads\/2019\/03\/jazz_im_radio.jpg?fit=1200%2C773&ssl=1&resize=350%2C200 1x, https:\/\/i0.wp.com\/www.jazzzeitung.de\/cms\/wp-content\/uploads\/2019\/03\/jazz_im_radio.jpg?fit=1200%2C773&ssl=1&resize=525%2C300 1.5x, https:\/\/i0.wp.com\/www.jazzzeitung.de\/cms\/wp-content\/uploads\/2019\/03\/jazz_im_radio.jpg?fit=1200%2C773&ssl=1&resize=700%2C400 2x, https:\/\/i0.wp.com\/www.jazzzeitung.de\/cms\/wp-content\/uploads\/2019\/03\/jazz_im_radio.jpg?fit=1200%2C773&ssl=1&resize=1050%2C600 3x"},"classes":[]},{"id":23939,"url":"https:\/\/www.jazzzeitung.de\/cms\/2020\/12\/die-jazz-radiowoche-vom-7-12-20-bis-13-12-2020\/","url_meta":{"origin":34417,"position":2},"title":"Die Jazz-Radiowoche vom 7.12.20 bis 13.12.2020","author":"Martin Hufner","date":"6. Dezember 2020","format":false,"excerpt":"Ein kleiner Blick in die Jazzwoche 50 im Radio. Der ist dieses mal so klein, es steht da n\u00e4mlich gar nichts drin.Grund daf\u00fcr: Die Suchmaschine f\u00fcr Radiosendungen der ARD gibt am dem 7.12.2020 keine Ergebnisse heraus. Versuche der Kontaktaufnahme mit der ARD sind ohne Echo verhallt. Aktuell bleibt es bei\u2026","rel":"","context":"In &quot;News&quot;","block_context":{"text":"News","link":"https:\/\/www.jazzzeitung.de\/cms\/thema\/nachrichten\/"},"img":{"alt_text":"Jazz im Radio. Foto: Hufner","src":"https:\/\/i0.wp.com\/www.jazzzeitung.de\/cms\/wp-content\/uploads\/2019\/03\/jazz_im_radio.jpg?fit=1200%2C773&ssl=1&resize=350%2C200","width":350,"height":200,"srcset":"https:\/\/i0.wp.com\/www.jazzzeitung.de\/cms\/wp-content\/uploads\/2019\/03\/jazz_im_radio.jpg?fit=1200%2C773&ssl=1&resize=350%2C200 1x, https:\/\/i0.wp.com\/www.jazzzeitung.de\/cms\/wp-content\/uploads\/2019\/03\/jazz_im_radio.jpg?fit=1200%2C773&ssl=1&resize=525%2C300 1.5x, https:\/\/i0.wp.com\/www.jazzzeitung.de\/cms\/wp-content\/uploads\/2019\/03\/jazz_im_radio.jpg?fit=1200%2C773&ssl=1&resize=700%2C400 2x, https:\/\/i0.wp.com\/www.jazzzeitung.de\/cms\/wp-content\/uploads\/2019\/03\/jazz_im_radio.jpg?fit=1200%2C773&ssl=1&resize=1050%2C600 3x"},"classes":[]},{"id":34009,"url":"https:\/\/www.jazzzeitung.de\/cms\/2026\/06\/die-jetzt-ist-schon-juni-radiowoche-vom-08-06-26-bis-14-06-26\/","url_meta":{"origin":34417,"position":3},"title":"Die \u201eJetzt ist schon Juni\u201c-Radiowoche vom 08.06.26 bis 14.06.26","author":"Martin Hufner","date":"7. Juni 2026","format":false,"excerpt":"Jazz im Radio \u2013 Jeden Sonntag gibt es um 12 Uhr unsere \u00dcbersicht f\u00fcr die jeweils nachfolgende Woche. Die #Jazz-Radiowoche vom 08.06.26 bis zum 14.06.26. Auch als PDF zum Download \u2013 #Jazz #JazzZeitung #Radio #Radiowoche \u2013 Ein Service unserer Online-Redaktion.","rel":"","context":"In &quot;News&quot;","block_context":{"text":"News","link":"https:\/\/www.jazzzeitung.de\/cms\/thema\/nachrichten\/"},"img":{"alt_text":"Sand so viel. Foto: Hufner","src":"https:\/\/i0.wp.com\/www.jazzzeitung.de\/cms\/wp-content\/uploads\/2026\/06\/realitaetssalon.jpg?fit=720%2C960&ssl=1&resize=350%2C200","width":350,"height":200,"srcset":"https:\/\/i0.wp.com\/www.jazzzeitung.de\/cms\/wp-content\/uploads\/2026\/06\/realitaetssalon.jpg?fit=720%2C960&ssl=1&resize=350%2C200 1x, https:\/\/i0.wp.com\/www.jazzzeitung.de\/cms\/wp-content\/uploads\/2026\/06\/realitaetssalon.jpg?fit=720%2C960&ssl=1&resize=525%2C300 1.5x, https:\/\/i0.wp.com\/www.jazzzeitung.de\/cms\/wp-content\/uploads\/2026\/06\/realitaetssalon.jpg?fit=720%2C960&ssl=1&resize=700%2C400 2x"},"classes":[]},{"id":33138,"url":"https:\/\/www.jazzzeitung.de\/cms\/2025\/09\/die-atomgrosse-jazz-radiowoche-vom-29-09-2025-bis-05-10-2025\/","url_meta":{"origin":34417,"position":4},"title":"Die atomgro\u00dfe Jazz-Radiowoche vom 29.09.2025 bis 05.10.2025","author":"Martin Hufner","date":"28. September 2025","format":false,"excerpt":"Jazz im Radio \u2013 Jeden Sonntag gibt es um 12 Uhr unsere \u00dcbersicht f\u00fcr die jeweils nachfolgende Woche. Die #Jazz-Radiowoche vom 29.09. bis zum 05.10.2025. Erheblich d\u00fcnn! Auch als PDF zum Download \u2013 #Jazz #JazzZeitung #Radio #Radiowoche \u2013 Ein Service unserer Online-Redaktion.","rel":"","context":"In &quot;News&quot;","block_context":{"text":"News","link":"https:\/\/www.jazzzeitung.de\/cms\/thema\/nachrichten\/"},"img":{"alt_text":"Botanische Supernova mit schwarzem Loch in der Na\u0308he von Terra Nova. Foto: Hufner","src":"https:\/\/i0.wp.com\/www.jazzzeitung.de\/cms\/wp-content\/uploads\/2025\/09\/Botanische-Supernova-mit-schwarzem-Loch-in-der-Naehe-von-Terra-Nova.jpg?fit=1200%2C900&ssl=1&resize=350%2C200","width":350,"height":200,"srcset":"https:\/\/i0.wp.com\/www.jazzzeitung.de\/cms\/wp-content\/uploads\/2025\/09\/Botanische-Supernova-mit-schwarzem-Loch-in-der-Naehe-von-Terra-Nova.jpg?fit=1200%2C900&ssl=1&resize=350%2C200 1x, https:\/\/i0.wp.com\/www.jazzzeitung.de\/cms\/wp-content\/uploads\/2025\/09\/Botanische-Supernova-mit-schwarzem-Loch-in-der-Naehe-von-Terra-Nova.jpg?fit=1200%2C900&ssl=1&resize=525%2C300 1.5x, https:\/\/i0.wp.com\/www.jazzzeitung.de\/cms\/wp-content\/uploads\/2025\/09\/Botanische-Supernova-mit-schwarzem-Loch-in-der-Naehe-von-Terra-Nova.jpg?fit=1200%2C900&ssl=1&resize=700%2C400 2x, https:\/\/i0.wp.com\/www.jazzzeitung.de\/cms\/wp-content\/uploads\/2025\/09\/Botanische-Supernova-mit-schwarzem-Loch-in-der-Naehe-von-Terra-Nova.jpg?fit=1200%2C900&ssl=1&resize=1050%2C600 3x"},"classes":[]},{"id":34076,"url":"https:\/\/www.jazzzeitung.de\/cms\/2026\/06\/die-unwetter-radiowoche-vom-29-06-26-bis-05-07-26\/","url_meta":{"origin":34417,"position":5},"title":"Die \u201eUnwetter\u201c-Radiowoche vom 29.06.26 bis 05.07.26","author":"Martin Hufner","date":"28. Juni 2026","format":false,"excerpt":"Jazz im Radio \u2013 Jeden Sonntag gibt es um 12 Uhr unsere \u00dcbersicht f\u00fcr die jeweils nachfolgende Woche. Die #Jazz-Radiowoche vom 29.06.26 bis zum 07.07.26. Auch als PDF zum Download \u2013 #Jazz #JazzZeitung #Radio #Radiowoche \u2013 Ein Service unserer Online-Redaktion.","rel":"","context":"In &quot;News&quot;","block_context":{"text":"News","link":"https:\/\/www.jazzzeitung.de\/cms\/thema\/nachrichten\/"},"img":{"alt_text":"Das Radio verd\u00fcnnt den Jazz.","src":"https:\/\/i0.wp.com\/www.jazzzeitung.de\/cms\/wp-content\/uploads\/2026\/06\/vielen-dank-fuer.jpg?fit=1200%2C675&ssl=1&resize=350%2C200","width":350,"height":200,"srcset":"https:\/\/i0.wp.com\/www.jazzzeitung.de\/cms\/wp-content\/uploads\/2026\/06\/vielen-dank-fuer.jpg?fit=1200%2C675&ssl=1&resize=350%2C200 1x, https:\/\/i0.wp.com\/www.jazzzeitung.de\/cms\/wp-content\/uploads\/2026\/06\/vielen-dank-fuer.jpg?fit=1200%2C675&ssl=1&resize=525%2C300 1.5x, https:\/\/i0.wp.com\/www.jazzzeitung.de\/cms\/wp-content\/uploads\/2026\/06\/vielen-dank-fuer.jpg?fit=1200%2C675&ssl=1&resize=700%2C400 2x, https:\/\/i0.wp.com\/www.jazzzeitung.de\/cms\/wp-content\/uploads\/2026\/06\/vielen-dank-fuer.jpg?fit=1200%2C675&ssl=1&resize=1050%2C600 3x"},"classes":[]}],"jetpack_sharing_enabled":true,"jetpack_featured_media_url":"https:\/\/i0.wp.com\/www.jazzzeitung.de\/cms\/wp-content\/uploads\/2026\/09\/perseiden_ohne_schnuppen-scaled.jpg?fit=1920%2C2560&ssl=1","_links":{"self":[{"href":"https:\/\/www.jazzzeitung.de\/cms\/wp-json\/wp\/v2\/posts\/34417","targetHints":{"allow":["GET"]}}],"collection":[{"href":"https:\/\/www.jazzzeitung.de\/cms\/wp-json\/wp\/v2\/posts"}],"about":[{"href":"https:\/\/www.jazzzeitung.de\/cms\/wp-json\/wp\/v2\/types\/post"}],"author":[{"embeddable":true,"href":"https:\/\/www.jazzzeitung.de\/cms\/wp-json\/wp\/v2\/users\/1"}],"replies":[{"embeddable":true,"href":"https:\/\/www.jazzzeitung.de\/cms\/wp-json\/wp\/v2\/comments?post=34417"}],"version-history":[{"count":1,"href":"https:\/\/www.jazzzeitung.de\/cms\/wp-json\/wp\/v2\/posts\/34417\/revisions"}],"predecessor-version":[{"id":34419,"href":"https:\/\/www.jazzzeitung.de\/cms\/wp-json\/wp\/v2\/posts\/34417\/revisions\/34419"}],"wp:featuredmedia":[{"embeddable":true,"href":"https:\/\/www.jazzzeitung.de\/cms\/wp-json\/wp\/v2\/media\/34418"}],"wp:attachment":[{"href":"https:\/\/www.jazzzeitung.de\/cms\/wp-json\/wp\/v2\/media?parent=34417"}],"wp:term":[{"taxonomy":"category","embeddable":true,"href":"https:\/\/www.jazzzeitung.de\/cms\/wp-json\/wp\/v2\/categories?post=34417"},{"taxonomy":"post_tag","embeddable":true,"href":"https:\/\/www.jazzzeitung.de\/cms\/wp-json\/wp\/v2\/tags?post=34417"},{"taxonomy":"author","embeddable":true,"href":"https:\/\/www.jazzzeitung.de\/cms\/wp-json\/wp\/v2\/coauthors?post=34417"}],"curies":[{"name":"wp","href":"https:\/\/api.w.org\/{rel}","templated":true}]}}