{"id":33853,"date":"2026-05-03T12:00:19","date_gmt":"2026-05-03T10:00:19","guid":{"rendered":"https:\/\/www.jazzzeitung.de\/cms\/?p=33853"},"modified":"2026-05-01T14:28:56","modified_gmt":"2026-05-01T12:28:56","slug":"die-ulrichsberger-kaleidophon-radiowoche-vom-04-05-26-bis-10-05-26","status":"publish","type":"post","link":"https:\/\/www.jazzzeitung.de\/cms\/2026\/05\/die-ulrichsberger-kaleidophon-radiowoche-vom-04-05-26-bis-10-05-26\/","title":{"rendered":"Die Ulrichsberger-Kaleidophon-Radiowoche vom 04.05.26 bis 10.05.26"},"content":{"rendered":"<p class=\"western\">Die \u00dcbersicht zum <span style=\"color: #0563c1;\"><u><a href=\"https:\/\/service.conbrio.de\/service\/download\/278\/\" name=\"Download des PDF\">Download als PDF<\/a>.<\/u><\/span> Alle Angaben ohne Gew\u00e4hr. Erg\u00e4nzt mit den tollen Sendungen zur Neuen Musik von BR-KLASSIK und \u00d61.<\/p>\n<p class=\"western\">Aktuell bekommen wir Informationen von SWR Kultur, \u00d61 und in Sachen Neue Musik von BR-KLASSIK und ebenfalls \u00d61.<\/p>\n<h2 class=\"western\"><a name=\"__RefHeading___Toc532_2049876245\"><\/a><\/h2>\n<hr \/>\n<h2 class=\"western\"><a name=\"__RefHeading___Toc532_2049876245\"><\/a> Senderliste:<\/h2>\n<hr \/>\n<ul>\n<li><span style=\"color: #0563c1;\"><u><a href=\"https:\/\/oe1.orf.at\/\" name=\"Link zum ORF\">ORF \u2013 \u00d61<\/a><\/u><\/span><\/li>\n<li><span style=\"color: #0563c1;\"><u><a href=\"https:\/\/www.deutschlandradio.de\/\" name=\"Link zum Deutschlandfunk\">Deutschlandfunk<\/a><\/u><\/span> \u2013 \u201eFakten und mehr\u201c<\/li>\n<li><span style=\"color: #0563c1;\"><u><a href=\"https:\/\/www.deutschlandfunkkultur.de\/\" name=\"Link zu Deutschlandfunk Kultur\">Deutschlandfunk-Kultur<\/a><\/u><\/span> \u2013 \u201eDas Feuilleton im Radio\u201c<\/li>\n<li><span style=\"color: #0563c1;\"><u><a href=\"https:\/\/www.ndr.de\/ndrkultur\/\" name=\"Link zu ndr kultur\">ndr Kultur<\/a><\/u><\/span> \u2013 H\u00f6ren und genie\u00dfen<\/li>\n<li><span style=\"color: #0563c1;\"><u><a href=\"https:\/\/www.ndr.de\/ndrblue\/index.html\" name=\"Link zu ndr blue\"><span lang=\"en-US\">ndr blue<\/span><\/a><\/u><\/span><span lang=\"en-US\"> \u2013 Meet The Music<\/span><\/li>\n<li><span style=\"color: #0563c1;\"><u><a href=\"https:\/\/www.bremenzwei.de\/\" name=\"Link zu Radio Bremen\">radio bremen<\/a><\/u><\/span> \u2013 Neugier lohnt sich.<\/li>\n<li><span style=\"color: #0563c1;\"><u><a href=\"https:\/\/www.radiodrei.de\/\" name=\"Link zu Radio 3 von Berlin\">Radio 3<\/a><\/u><\/span> \u2013<\/li>\n<li><span style=\"color: #0563c1;\"><u><a href=\"https:\/\/www.mdr.de\/kultur\/radio\/index.html\" name=\"Link zu medr-kultur\">mdr-kultur<\/a><\/u><\/span> \u2013 Das Radio.<\/li>\n<li><a href=\"https:\/\/www1.wdr.de\/radio\/wdr3\/\" name=\"Link zu WDR3\"><span style=\"color: #0563c1;\"><u>W<\/u><\/span><span style=\"color: #0563c1;\"><u>DR<\/u><\/span><span style=\"color: #0563c1;\"><u>3<\/u><\/span><\/a> \u2013 Das Kulturradio<\/li>\n<li><span style=\"color: #0563c1;\"><u><a href=\"https:\/\/www.hr2.de\/index.html\" name=\"Link zu hr2-kultur\">hr2-kultur<\/a><\/u><\/span> \u2013 Das Kulturradio f\u00fcr Hessen.<\/li>\n<li><a href=\"https:\/\/www.sr.de\/sr\/sr2\/index.html\" name=\"Link zu SR2-Kulturradio\"><span style=\"color: #0563c1;\"><u>S<\/u><\/span><span style=\"color: #0563c1;\"><u>R<\/u><\/span><span style=\"color: #0563c1;\"><u>2 Kulturradio<\/u><\/span><\/a> \u2013 \u2026 gut zu h\u00f6ren.<\/li>\n<li><a href=\"https:\/\/www.swr.de\/swr2\/\" name=\"Link zu SWR Kuultur\"><span style=\"color: #0563c1;\"><u>S<\/u><\/span><span style=\"color: #0563c1;\"><u>WR<\/u><\/span><u> <\/u><\/a><span style=\"color: #0563c1;\"><u>kultur<\/u><\/span> \u2013 Kultur neu entdecken<\/li>\n<li><span style=\"color: #0563c1;\"><u><a href=\"https:\/\/www.br.de\/radio\/br-klassik\/index.html\" name=\"Link zu BR-Klassik\">BR-KLASSIK<\/a><\/u><\/span> \u2013 Klassikstars geben auf BR-KLASSIK den Ton an. Attraktive Magazine bringen Interviews und Neuigkeiten aus dem Musikleben.<\/li>\n<li><span style=\"color: #0563c1;\"><u><a href=\"https:\/\/www.br.de\/radio\/bayern2\/index.html\" name=\"Link zu Bayern2\">Bayern 2<\/a><\/u><\/span> \u2013 Preisgekr\u00f6ntes Radio f\u00fcr H\u00f6rer, die mehr wissen wollen<\/li>\n<\/ul>\n<h2 class=\"western\"><a name=\"__RefHeading___Toc534_2049876245\"><\/a><\/h2>\n<hr \/>\n<h2 class=\"western\"><a name=\"__RefHeading___Toc534_2049876245\"><\/a>Internet:<\/h2>\n<hr \/>\n<ul>\n<li>Schweden: <span style=\"color: #0563c1;\"><u><a href=\"https:\/\/sverigesradio.se\/tabla.aspx?programid=2562\" name=\"Link zu Schwedens Radio P&quot;\">P2<\/a><\/u><\/span> sendet immer Dienstags von 21:00 bis 22:00 und Sonntags von 18:40 bis 20:00 ein Jazzkonzert<\/li>\n<li>Ungarn: <span style=\"color: #0563c1;\"><u><a href=\"https:\/\/mediaklikk.hu\/bartok\/\" name=\"Link zu Bart\u00f3k-Radio\">Bartok Radio<\/a><\/u><\/span> sendet t\u00e4glich von 23:00 bis 23:55 eine Jazzsendung<\/li>\n<\/ul>\n<hr \/>\n<h2 class=\"western\"><a name=\"__RefHeading___Toc4140_3669003080\"><\/a> mo \u2013 04.05.2026<\/h2>\n<p class=\"western\">17:30:00 +++ \u00d61<br \/>\n<b>Musik aus allen Richtungen mit Astrid Schwarz und Rainer Elstner.<\/b><\/p>\n<p class=\"western\">19:30:00 +++ \u00d61<br \/>\n<b>Das franz\u00f6sische Duo NoSax NoClar im Rahmen der Er\u00f6ffnung des Jazzfestivals Leibnitz 2025<\/b><\/p>\n<p class=\"western\" style=\"padding-left: 40px;\">Raffinierte Klarinettenkl\u00e4nge hallten am Abend des 25. September 2025 durch den altehrw\u00fcrdigen, mit riesigen Holzf\u00e4ssern gef\u00fcllten Weinkeller von Schloss Seggau, im Rahmen der Er\u00f6ffnung des traditionsreichen Jazzfestivals Leibnitz: Julien Stella und Bastien Weeger lie\u00dfen vielf\u00e4rbigen, sinnlichen Kammer-Jazz erschallen, inspiriert von der Volksmusik des Mittelmeerraums, vom Balkan bis hin zu den Berbern, ohne wirklich die Gefilde der vielzitierten \u201eFolklore imaginaire\u201c anzusteuern. Stattdessen: \u00dcberraschende, virtuose Duokunst mit avancierten Ideen, geblasen auf Klarinette und Bassklarinette (Stella) bzw. Klarinette, Sopran- und Altsaxofon (Weeger). Musik mit Esprit, die die Ohren spitzen lie\u00df \u2013 in w\u00fcrdiger Nachfolge der langen Reihe innovativer franz\u00f6sischer Jazzklarinettisten-Gr\u00f6\u00dfen von Michel Portal bis Louis Sclavis!<\/p>\n<p class=\"western\">22:03 \u2013 23:00 UHR +++ SWR KULTUR<br \/>\n<b>ARD Jazz. Spotlight: Can you feel the Sunshine? Die Nintendo-Fication des Jazz<\/b><\/p>\n<p class=\"western\" style=\"padding-left: 40px;\">Von Carlotta R\u00f6lleke. Wenn man eine Platte eines beliebigen japanischen Jazz-Fusion Artists wie Masayoshi Takanaka oder der Band Casiopea auflegt, f\u00fchlt man sich an die Fahrten an Mario Kart\u2019s Koopa Beach erinnert. Der Komponist Koji Kondo verbindet dieses Genre mit lateinamerikanischen Rhythmen zu den fr\u00fchen Nintendo-Soundtracks, der Musik von Super Mario und Legends of Zelda. Die Melodien folgen oft einer Struktur, die man auch in Jazzstandards erkennen kann. Die 8-Bit Big Band, Gewinner eines Grammys, interpretiert diese Klassiker im symphonischen Jazz \u2013 sie nennen ihr Programm \u201eThe Great Videogame Soundbook\u201c.<\/p>\n<p class=\"western\">23:03:00 +++ \u00d61<br \/>\n<b>Wally analysiert Zubel \u2013 Neue Musik auf der Couch. Thomas Wally analysiert \u201eNot I\u201c von Agata Zubel.<\/b><\/p>\n<p class=\"western\" style=\"padding-left: 40px;\">Im Jahr 2017 publizierte die italienische Zeitschrift \u201eClassic Voice\u201c das Ergebnis einer Umfrage unter Expert:innen im Bereich der Neuen Musik, welche Werke die wichtigsten Kompositionen des 21. Jahrhunderts w\u00e4ren. Mehrfach genannt wurde \u201eNot I\u201c der polnischen Komponistin Agata Zubel; wenige Jahre zuvor (2013) war das Werk beim prestigetr\u00e4chtigen International Rostrum of Composers ausgezeichnet worden.<\/p>\n<p class=\"western\" style=\"padding-left: 40px;\">\u201eNot I\u201c basiert auf dem gleichnamigen Monolog von Samuel Beckett. Agata Zubel, selbst hervorragende S\u00e4ngerin, ist in der Rolle einer Frau zu h\u00f6ren, deren Gedankenstrom mit auskomponierter Sprachlosigkeit beginnt. Die Aufnahme von \u201eNot I\u201c \u2013 Agata Zubel zusammen mit dem Klangforum Wien unter der Leitung von Clement Power \u2013 schaffte es in den Augen des New Yorker Kritikers Alex Ross in die Top 10 des Jahres 2014.<\/p>\n<p class=\"western\" style=\"padding-left: 40px;\">Thomas Wally, neben seiner T\u00e4tigkeit als freischaffender Komponist und Violinist auch an der Wiener Musikuniversit\u00e4t als Senior Lecturer in musiktheoretischen F\u00e4chern aktiv, betrachtet \u201eNot I\u201c von Agata Zubel im Gespr\u00e4ch mit Rainer Elstner aus (h\u00f6r)analytischer Perspektive: Was h\u00f6ren wir, wenn wir dieses Werk h\u00f6ren? Worauf k\u00f6nnen wir achten? Was sind Besonderheiten, denen wir Aufmerksamkeit schenken sollten? Den H\u00f6rer\/innen werden analytische Tools bereitgestellt, mit deren Hilfe diese Musik mit einem gesch\u00e4rften Fokus wahrgenommen werden kann. Gestaltung: Thomas Wally<\/p>\n<hr \/>\n<h2 class=\"western\"><a name=\"__RefHeading___Toc4142_3669003080\"><\/a>di \u2013 05.05.2026<\/h2>\n<hr \/>\n<p class=\"western\">17:30:00 +++ \u00d61<br \/>\n<b>Musik aus allen Richtungen.<\/b><\/p>\n<p class=\"western\">23:03:00 +++ \u00d61<br \/>\n<b>Das 40. Ulrichsberger Kaleidophon \u2013 Highlights der Jubil\u00e4umsausgabe (Teil 1)<\/b><\/p>\n<p class=\"western\" style=\"padding-left: 40px;\">Ende April fand im ober\u00f6sterreichischen Ulrichsberg die 40. Ausgabe des Festivals Kaleidophon statt. Zu diesem Jubil\u00e4um kamen an drei Tagen zehn Formationen aus den Bereichen Jazz und Improvisierte Musik in das Jazzatelier. \u00d61 Zeit-Ton pr\u00e4sentiert die Konzerte des zweiten Abends in zwei Sendungen am 3. und am 8. Mai.<\/p>\n<p class=\"western\" style=\"padding-left: 40px;\">Das Kaleidophon feierte sein rundes Jubil\u00e4um mit Auftritten u.a. des franko-amerikanischen Malmedier Quartet NYC rund um den Schlagzeuger Tom Malmedier und des Vienna Reed Quintet, das \u2013 zum ersten Mal in der Festival-Geschichte \u2013 in der Pfarrkirche Ulrichsberg spielte. Weiters gab es einen Solo-Gig des finnischen Bassisten Antti J. Virtaranta zu h\u00f6ren und die \u00f6sterreichische Formation Waschtag mit Alexander Babikov, Elisabeth Flunger und Michael Moser pr\u00e4sentierte in einer performativen Installation eine Waschk\u00fcche musikalisch.\u00a0Das Kaleidophon ist seit jeher daf\u00fcr bekannt, dass regionale und internationale Musikschaffende aufeinandertreffen. So entstehen seit 1986 spannende Mischungen aus diversen Formen von Jazz, immer wieder gerne erweitert um Spielweisen zwischen Improvisation und Neuer Musik.<\/p>\n<p class=\"western\" style=\"padding-left: 40px;\">Die Geschichte geht noch weiter zur\u00fcck, bis 1973, als in Ulrichsberg das Jazzatelier gegr\u00fcndet wurde. Der Verein Jazzatelier Ulrichsberg organisiert dort verschiedenste Veranstaltungen, am prominentesten das Festival. Es fand 2026 zum dritten Mal unter der k\u00fcnstlerischen Leitung des Gitarristen Julius Winter statt. Gestaltung: Heinrich Deisl<\/p>\n<hr \/>\n<h2 class=\"western\"><a name=\"__RefHeading___Toc4144_3669003080\"><\/a>mi \u2013 06.05.2026<\/h2>\n<hr \/>\n<p class=\"western\">17:30:00 +++ \u00d61<br \/>\n<b>Musik aus allen Richtungen mit Mirjam Jessa.<\/b><\/p>\n<p class=\"western\">22:03 \u2013 23:00 UHR +++ SWR KULTUR<br \/>\n<b>ARD Jazz. Das Magazin<\/b><\/p>\n<p class=\"western\" style=\"padding-left: 40px;\">Von Niklas Wandt. Das w\u00f6chentliche Jazz-Update, pr\u00e4sentiert von Eurer ARD: au\u00dfergew\u00f6hnliche Ver\u00f6ffentlichungen, relevante Ereignisse und aktuelle Debatten. Wir diskutieren Jazz in allen seinen Facetten und suchen auch deutschlandweit die Orte auf, an denen er zu Hause ist. Nicht verpassen.<\/p>\n<hr \/>\n<h2 class=\"western\"><a name=\"__RefHeading___Toc4146_3669003080\"><\/a>do \u2013 07.05.2026<\/h2>\n<hr \/>\n<p class=\"western\">17:30:00 +++ \u00d61<br \/>\n<b>Musik aus allen Richtungen mit Andreas Felber.<\/b><\/p>\n<p class=\"western\">22:03 \u2013 23:00 UHR +++ SWR KULTUR<br \/>\n<b>Blues&#8217;n&#8217;Roots<\/b><\/p>\n<p class=\"western\" style=\"padding-left: 40px;\">Von Dagmar Fulle. In dieser Sendung pr\u00e4sentieren wir alte und neue Aufnahmen aus den Bereichen Blues, Jazz, Swing, Rhythm&#8217;n&#8217;Blues, Soul und Country. (\u00dcbernahme von hr2-kultur.)<\/p>\n<p class=\"western\">23:03 bis 00:00 Uhr +++ BR-KLASSIK<br \/>\n<b>Horizonte: Ein Festival mit Mission \u2013 Die M\u00fcnchener Biennale unter Hans Werner Henze<\/b><\/p>\n<p class=\"western\" style=\"padding-left: 40px;\">Hans Werner Henzes wohl wichtigstes Projekt au\u00dferhalb seiner eigenen Kompositionen war die Gr\u00fcndung der M\u00fcnchener Biennale im Jahr 1988. Der damals 62-j\u00e4hrige weltber\u00fchmte Komponist initiierte das Festival mit einem klaren Ziel: einen Raum zu schaffen, \u201ean dem theaterinteressierte Komponisten der jungen Generation ihre Ideen in die Wirklichkeit umsetzen k\u00f6nnen\u201c. Unter Henzes k\u00fcnstlerischer Leitung (1988-1996) entwickelte sich die Biennale zum weltweit bedeutendsten Festival f\u00fcr zeitgen\u00f6ssisches Musiktheater mit internationalem Renommee. Sie konzentrierte sich auf Urauff\u00fchrungen neuer Werke \u2013 insbesondere Opern und musiktheatralische Projekte \u2013 h\u00e4ufig von Komponist:innen, die ihre ersten Schritte in dem Genre machten. Henzes Konzept war radikal: Statt neue Musik im Elfenbeinturm entstehen zu lassen oder nur in akademischen Kreisen zu diskutieren, wollte er ein experimentelles Laboratorium f\u00fcr Musiktheater mit Praxisbezug schaffen \u2013 ein Ort zum Ausprobieren, Scheitern, Diskutieren und zu neuem Denken. Und das an einem Ort, an dem es traditionell viel \u00f6ffentliches Interesse f\u00fcr Musik gibt: in M\u00fcnchen. F\u00fcr viele junge Komponist:innen wurde die Biennale zu einem internationalen Sprungbrett. Werke wie Adriana H\u00f6lszkys \u201eBremer Freiheit\u201c oder Tan Duns \u201eMarco Polo\u201c fanden weit \u00fcber M\u00fcnchen hinaus ihren Weg ins Repertoire von Opernh\u00e4usern. Eine Sendung von Robert Jungwirth<\/p>\n<hr \/>\n<h2 class=\"western\"><a name=\"__RefHeading___Toc4148_3669003080\"><\/a>fr \u2013 08.05.2026<\/h2>\n<hr \/>\n<p class=\"western\">14:05:00 +++ \u00d61<br \/>\n<b>Trompeter Nils W\u00fclker und Gitarrist Arne Jansen bei den Leverkusener Jazztagen 2024<\/b><\/p>\n<p class=\"western\" style=\"padding-left: 40px;\">Nils W\u00fclker und Arne Jansen verbindet eine langj\u00e4hrige musikalische Zusammenarbeit. Der Trompeter und der Gitarrist kennen einander seit mehr als zwei Dekaden, seit rund f\u00fcnfzehn Jahren stehen sie auch regelm\u00e4\u00dfig gemeinsam auf der B\u00fchne. Was die beiden neben ihrer stilistischen Offenheit verbindet, ist die Freude an der Improvisation \u2013 der Kunst des unmittelbaren musikalischen Austauschs und der spontanen Reaktion.<\/p>\n<p class=\"western\" style=\"padding-left: 40px;\">2019 waren W\u00fclker und Jansen mit ihrem Duo-Programm \u201eCloser\u201c auf Tour durch Deutschland. Die Resonanz fiel ausgesprochen positiv aus; gelobt wurden die konzentrierte Spielfreude und die Leichtigkeit ihrer musikalischen Dialoge sowie die besondere Vertrautheit im spontanen musikalischen Austausch. \u201eCloser\u201c war dann auch der Titel des siebenten gemeinsamen Albums. Nils W\u00fclker und Arne Jansen erweitern hier ihre Instrumente immer wieder durch Delay-Effekte und pflegen einen \u00fcberaus melodi\u00f6sen Zugang zur Musik. Eine kammermusikalisch verdichtete Form des Jazz mit sehr unterschiedlichem Material als Basis \u2013 beim heute zu erlebenden Konzert des Duos vom 3. November 2024 bei den Leverkusener Jazztagen wurde Trent Reznors \u201eHurt\u201c genauso feinsinnig interpretiert wird wie Musik des schottischen Liedermachers Paul Buchanan.<\/p>\n<p class=\"western\">17:30:00 +++ \u00d61<br \/>\n<b>Musik aus allen Richtungen mit Johann Kneihs.<\/b><\/p>\n<p class=\"western\">23:03:00 +++ \u00d61<br \/>\n<b>Das 40. Ulrichsberger Kaleidophon \u2013 Highlights der Jubil\u00e4umsausgabe (Teil 2)<\/b><\/p>\n<p class=\"western\" style=\"padding-left: 40px;\">Ende April fand im ober\u00f6sterreichischen Ulrichsberg die 40. Ausgabe des Festivals Kaleidophon statt. Zu diesem Jubil\u00e4um kamen an drei Tagen zehn Formationen aus den Bereichen Jazz und Improvisierte Musik in das Jazzatelier. \u00d61 Zeit-Ton pr\u00e4sentiert die Konzerte des zweiten Abends in zwei Sendungen am 3. und am 8. Mai.<\/p>\n<p class=\"western\" style=\"padding-left: 40px;\">Das Kaleidophon feierte sein rundes Jubil\u00e4um mit Auftritten u.a. des franko-amerikanischen Malmedier Quartet NYC rund um den Schlagzeuger Tom Malmedier und des Vienna Reed Quintet, das \u2013 zum ersten Mal in der Festival-Geschichte \u2013 in der Pfarrkirche Ulrichsberg spielte. Weiters gab es einen Solo-Gig des finnischen Bassisten Antti J. Virtaranta zu h\u00f6ren und die \u00f6sterreichische Formation Waschtag mit Alexander Babikov, Elisabeth Flunger und Michael Moser pr\u00e4sentierte in einer performativen Installation eine Waschk\u00fcche musikalisch.\u00a0Das Kaleidophon ist seit jeher daf\u00fcr bekannt, dass regionale und internationale Musikschaffende aufeinandertreffen. So entstehen seit 1986 spannende Mischungen aus diversen Formen von Jazz, immer wieder gerne erweitert um Spielweisen zwischen Improvisation und Neuer Musik.<\/p>\n<p class=\"western\" style=\"padding-left: 40px;\">Die Geschichte geht noch weiter zur\u00fcck, bis 1973, als in Ulrichsberg das Jazzatelier gegr\u00fcndet wurde. Der Verein Jazzatelier Ulrichsberg organisiert dort verschiedenste Veranstaltungen, am prominentesten das Festival. Es fand 2026 zum dritten Mal unter der k\u00fcnstlerischen Leitung des Gitarristen Julius Winter statt. Gestaltung: Heinrich Deisl<\/p>\n<hr \/>\n<h2 class=\"western\"><a name=\"__RefHeading___Toc4150_3669003080\"><\/a>sa \u2013 09.05.2026<\/h2>\n<hr \/>\n<p class=\"western\">14:05 bis 15:00 Uhr+++ BR-KLASSIK<br \/>\n<b>KlassikPlus \u2013 Musikfeature: Mythen aus Kleinasien \u2013 Musikschauplatz Antiochia<\/b><\/p>\n<p class=\"western\" style=\"padding-left: 40px;\">Die antike Stadt Antiochia, das heutige Antakya ganz im S\u00fcdosten der T\u00fcrkei nahe der syrischen Grenze, ist ein geschichtstr\u00e4chtiger Ort und Schauplatz zahlreicher wahrer und erfundener Geschichten: Hier hat sich der Mythologie nach Daphne in einen Lorbeerbaum verwandelt, hier fand die Hochzeit von Kleopatra und Marc Anton statt. Au\u00dferdem ist dies der Ort, an dem sich in der immer noch zu besichtigenden St.-Petrus-Grotte die erste Gemeinde der Christenheit versammelte. Antakya, eine der offensten und fr\u00f6hlichsten St\u00e4dte der T\u00fcrkei, in der sich verschiedene Kulturen und Religionen begegnen, wurde 2023 von einem verheerenden Erdbeben fast vollst\u00e4ndig zerst\u00f6rt, die Jahrhunderte alte Geschichte, die in Opern wie Mercadantes \u201eEmma d\u2019Antiochia\u201c, Verdis \u201eLombardi\u201c und unz\u00e4hligen \u201eDaphne\u201c-Vertonungen auf die B\u00fchne gebracht wurde, l\u00e4sst sich jedoch nicht so leicht ausl\u00f6schen. Eine Sendung von Florian Heurich<\/p>\n<p class=\"western\">18:20 \u2013 19:00 UHR +++ SWR KULTUR<br \/>\n<b>Jazz: Homezone \u2013 Jazz in S\u00fcdwest: Noah Diemer<\/b><\/p>\n<p class=\"western\" style=\"padding-left: 40px;\">Von Henry Altmann. \u201cJust go for truth and beauty and forget the rest.\u201d Diese Aussage von Bill Evans hat sich Noah Diemer zu Herzen genommen. Der in Stuttgart lebende Pianist bringt Ungeschriebenes zum Klingen, erz\u00e4hlt mit Musik Geschichten, teilt Gef\u00fchle und spricht unmittelbar zum Publikum. Klingt altmodisch, erst recht, wenn die Wurzeln seiner Musik nicht nur im Jazz liegen, sondern zu klassischen Komponisten des Impressionismus und der Romantik zur\u00fcckreichen. Im M\u00e4rz 2025 ist Diemers Deb\u00fctalbum \u201eTraces of Dusk\u201c erschienen \u2013 eine Einladung, den Zwischent\u00f6nen der D\u00e4mmerung und den Nuancen der Nacht zu lauschen.<\/p>\n<p class=\"western\">19:05 bis 20:00 Uhr +++ BR-KLASSIK<br \/>\n<b>Musik der Welt: \u201eMother Music\u201c \u2013 Musik zum Muttertag \u00fcber M\u00fctter, Anima und weibliche Gottheiten<\/b><\/p>\n<p class=\"western\" style=\"padding-left: 40px;\">Eine Sendung von Uta Sailer<\/p>\n<p class=\"western\">19:53 \u2013 20:00 UHR +++ SWR KULTUR<br \/>\n<b>Big time Jazz.<\/b><\/p>\n<p class=\"western\" style=\"padding-left: 40px;\">In dieser Sendung pr\u00e4sentieren wir alte und neue Aufnahmen aus den Bereichen Blues, Jazz, Swing, Rhythm&#8217;n&#8217;Blues, Soul und Country.<\/p>\n<p class=\"western\">22:03 \u2013 23:00 UHR +++ SWR KULTUR<br \/>\n<b>NOWJazz: Lyrisch, pers\u00f6nlich, radikal \u2013 Die Pianistin Gisela Horat<\/b><\/p>\n<p class=\"western\" style=\"padding-left: 40px;\">Von Odilo Clausnitzer. Ihre Musik atmet, schwingt in gro\u00dfen B\u00f6gen, g\u00f6nnt sich Ruhe und Nachklang. Dann wieder ballt sie sich zu schroffen Klangkontrasten zusammen. Keine Spur von Klischees. Die Schweizerin Gisela Horat ist im aktuellen Jazz eine h\u00f6chst originelle Au\u00dfenseiterin. Erst nach einem Biologiestudium hat sie sich f\u00fcr ein Leben als Pianistin entschieden. Mit ihrem langj\u00e4hrigen Trio macht sie eine Musik zwischen wachen Kollektivtrips und pointierten Kompositionsideen. \u201eKleine Geschichten\u201c m\u00f6chte sie erz\u00e4hlen, sagt Gisela Horat. Das klingt f\u00fcr ihren aufregenden Sound viel zu harmlos.<\/p>\n<p class=\"western\">22:05:00 +++ \u00d61<br \/>\n<b>Neuigkeiten aus der Welt des Jazz<\/b><\/p>\n<p class=\"western\" style=\"padding-left: 40px;\">Konzertempfehlungen f\u00fcr die kommende Woche, Buchbesprechungen, Kurznachrufe und aktuelle Meldungen.<\/p>\n<p class=\"western\">23:03:30 +++ \u00d61<br \/>\n<b>Die Geschichte des Eurovision Song Contest, gesehen durch die Brille von Schauspieler und Jazzfan Michael Ostrowski<\/b><\/p>\n<p class=\"western\" style=\"padding-left: 40px;\">Michael Ostrowski ist vieles: Schauspieler, Regisseur, Autor, Sprachakrobat \u2013 und Moderator des Eurovision Song Contest 2026 in Wien. Vor allem aber ist er ein leidenschaftlicher Musikliebhaber. Aufgewachsen mit der Jazz-Plattensammlung seines Vaters, begleitet ihn Musik seit jeher \u2013 im Leben ebenso wie in seinen Filmen: von Rock &#8217;n&#8216; Roll bis zum Schlager.<\/p>\n<p class=\"western\" style=\"padding-left: 40px;\">In der \u00d61 Jazznacht spricht Michael Ostrowski mit Lukas Mei\u00dfl \u00fcber seinen ganz pers\u00f6nlichen Zugang zur Musik \u2013 und wirft einen ebenso pers\u00f6nlichen Blick auf die Geschichte des Song Contest: durch die Linse eines Jazzfans.<\/p>\n<hr \/>\n<h2 class=\"western\"><a name=\"__RefHeading___Toc4152_3669003080\"><\/a>so \u2013 10.05.2026<\/h2>\n<hr \/>\n<p class=\"western\">00:05:00 +++ \u00d61<br \/>\n<b>(Fortsetzung); Die Geschichte des Eurovision Song Contest, gesehen durch die Brille von Schauspieler und Jazzfan Michael Ostrowski<\/b><\/p>\n<p class=\"western\">17:10:00 +++ \u00d61<br \/>\n<b>Zwischen Pop und Klassik: Die Komponistin und Arrangeurin Anne Dudley<\/b><\/p>\n<p class=\"western\">23:03:00 +++ \u00d61<br \/>\n<b>Zeit-Ton Magazin \u2013 R\u00fcckblick, Vorschau und aktuelle Ver\u00f6ffentlichungen<\/b><\/p>\n<p class=\"western\" style=\"padding-left: 40px;\">Jeden Sonntag pr\u00e4sentieren wir Ihnen in der ersten Zeit-Ton-Stunde ausgesuchte Veranstaltungstipps f\u00fcr die kommenden sieben Tage und spannende Neuver\u00f6ffentlichungen.\u00a0 Gestaltung: Marlene Schnedl<\/p>\n","protected":false},"excerpt":{"rendered":"<p>Jazz im Radio \u2013 Jeden Sonntag gibt es um 12 Uhr unsere \u00dcbersicht f\u00fcr die jeweils nachfolgende Woche. Die #Jazz-Radiowoche vom 4.05.26 bis zum 10.05.26. Auch als PDF zum Download \u2013 #Jazz #JazzZeitung #Radio #Radiowoche \u2013 Ein Service unserer Online-Redaktion.<\/p>\n","protected":false},"author":1,"featured_media":33854,"comment_status":"open","ping_status":"closed","sticky":false,"template":"","format":"standard","meta":{"_jetpack_memberships_contains_paid_content":false,"footnotes":"","jetpack_publicize_message":"","jetpack_publicize_feature_enabled":true,"jetpack_social_post_already_shared":true,"jetpack_social_options":{"image_generator_settings":{"template":"highway","default_image_id":0,"font":"","enabled":false},"version":2}},"categories":[633,452],"tags":[3773,1629],"coauthors":[650],"class_list":["post-33853","post","type-post","status-publish","format-standard","has-post-thumbnail","hentry","category-nachrichten","category-radio","tag-die-radiowoche","tag-jazz-im-radio"],"yoast_head":"<!-- This site is optimized with the Yoast SEO plugin v27.5 - https:\/\/yoast.com\/product\/yoast-seo-wordpress\/ -->\n<title>Die Ulrichsberger-Kaleidophon-Radiowoche vom 04.05.26 bis 10.05.26 - JazzZeitung<\/title>\n<meta name=\"robots\" content=\"index, follow, max-snippet:-1, max-image-preview:large, max-video-preview:-1\" \/>\n<link rel=\"canonical\" href=\"https:\/\/www.jazzzeitung.de\/cms\/2026\/05\/die-ulrichsberger-kaleidophon-radiowoche-vom-04-05-26-bis-10-05-26\/\" \/>\n<meta property=\"og:locale\" content=\"de_DE\" \/>\n<meta property=\"og:type\" content=\"article\" \/>\n<meta property=\"og:title\" content=\"Die Ulrichsberger-Kaleidophon-Radiowoche vom 04.05.26 bis 10.05.26 - JazzZeitung\" \/>\n<meta property=\"og:description\" content=\"Jazz im Radio \u2013 Jeden Sonntag gibt es um 12 Uhr unsere \u00dcbersicht f\u00fcr die jeweils nachfolgende Woche. Die #Jazz-Radiowoche vom 4.05.26 bis zum 10.05.26. Auch als PDF zum Download \u2013 #Jazz #JazzZeitung #Radio #Radiowoche \u2013 Ein Service unserer Online-Redaktion.\" \/>\n<meta property=\"og:url\" content=\"https:\/\/www.jazzzeitung.de\/cms\/2026\/05\/die-ulrichsberger-kaleidophon-radiowoche-vom-04-05-26-bis-10-05-26\/\" \/>\n<meta property=\"og:site_name\" content=\"JazzZeitung\" \/>\n<meta property=\"article:publisher\" content=\"https:\/\/www.facebook.com\/JazzZeitung\/\" \/>\n<meta property=\"article:author\" content=\"https:\/\/www.facebook.com\/hufner\" \/>\n<meta property=\"article:published_time\" content=\"2026-05-03T10:00:19+00:00\" \/>\n<meta property=\"og:image\" content=\"https:\/\/i0.wp.com\/www.jazzzeitung.de\/cms\/wp-content\/uploads\/2026\/05\/text-am-baum-scaled.jpg?fit=2560%2C1495&ssl=1\" \/>\n\t<meta property=\"og:image:width\" content=\"2560\" \/>\n\t<meta property=\"og:image:height\" content=\"1495\" \/>\n\t<meta property=\"og:image:type\" content=\"image\/jpeg\" \/>\n<meta name=\"author\" content=\"Martin Hufner\" \/>\n<script type=\"application\/ld+json\" class=\"yoast-schema-graph\">{\"@context\":\"https:\\\/\\\/schema.org\",\"@graph\":[{\"@type\":\"Article\",\"@id\":\"https:\\\/\\\/www.jazzzeitung.de\\\/cms\\\/2026\\\/05\\\/die-ulrichsberger-kaleidophon-radiowoche-vom-04-05-26-bis-10-05-26\\\/#article\",\"isPartOf\":{\"@id\":\"https:\\\/\\\/www.jazzzeitung.de\\\/cms\\\/2026\\\/05\\\/die-ulrichsberger-kaleidophon-radiowoche-vom-04-05-26-bis-10-05-26\\\/\"},\"author\":{\"name\":\"Martin Hufner\",\"@id\":\"https:\\\/\\\/www.jazzzeitung.de\\\/cms\\\/#\\\/schema\\\/person\\\/b9a4e5ac765d94fb8f617bfa8f1fc5f7\"},\"headline\":\"Die Ulrichsberger-Kaleidophon-Radiowoche vom 04.05.26 bis 10.05.26\",\"datePublished\":\"2026-05-03T10:00:19+00:00\",\"mainEntityOfPage\":{\"@id\":\"https:\\\/\\\/www.jazzzeitung.de\\\/cms\\\/2026\\\/05\\\/die-ulrichsberger-kaleidophon-radiowoche-vom-04-05-26-bis-10-05-26\\\/\"},\"wordCount\":2166,\"commentCount\":0,\"publisher\":{\"@id\":\"https:\\\/\\\/www.jazzzeitung.de\\\/cms\\\/#organization\"},\"image\":{\"@id\":\"https:\\\/\\\/www.jazzzeitung.de\\\/cms\\\/2026\\\/05\\\/die-ulrichsberger-kaleidophon-radiowoche-vom-04-05-26-bis-10-05-26\\\/#primaryimage\"},\"thumbnailUrl\":\"https:\\\/\\\/i0.wp.com\\\/www.jazzzeitung.de\\\/cms\\\/wp-content\\\/uploads\\\/2026\\\/05\\\/text-am-baum-scaled.jpg?fit=2560%2C1495&ssl=1\",\"keywords\":[\"Die Radiowoche\",\"Jazz im Radio\"],\"articleSection\":[\"News\",\"Radio\"],\"inLanguage\":\"de\",\"potentialAction\":[{\"@type\":\"CommentAction\",\"name\":\"Comment\",\"target\":[\"https:\\\/\\\/www.jazzzeitung.de\\\/cms\\\/2026\\\/05\\\/die-ulrichsberger-kaleidophon-radiowoche-vom-04-05-26-bis-10-05-26\\\/#respond\"]}]},{\"@type\":\"WebPage\",\"@id\":\"https:\\\/\\\/www.jazzzeitung.de\\\/cms\\\/2026\\\/05\\\/die-ulrichsberger-kaleidophon-radiowoche-vom-04-05-26-bis-10-05-26\\\/\",\"url\":\"https:\\\/\\\/www.jazzzeitung.de\\\/cms\\\/2026\\\/05\\\/die-ulrichsberger-kaleidophon-radiowoche-vom-04-05-26-bis-10-05-26\\\/\",\"name\":\"Die Ulrichsberger-Kaleidophon-Radiowoche vom 04.05.26 bis 10.05.26 - JazzZeitung\",\"isPartOf\":{\"@id\":\"https:\\\/\\\/www.jazzzeitung.de\\\/cms\\\/#website\"},\"primaryImageOfPage\":{\"@id\":\"https:\\\/\\\/www.jazzzeitung.de\\\/cms\\\/2026\\\/05\\\/die-ulrichsberger-kaleidophon-radiowoche-vom-04-05-26-bis-10-05-26\\\/#primaryimage\"},\"image\":{\"@id\":\"https:\\\/\\\/www.jazzzeitung.de\\\/cms\\\/2026\\\/05\\\/die-ulrichsberger-kaleidophon-radiowoche-vom-04-05-26-bis-10-05-26\\\/#primaryimage\"},\"thumbnailUrl\":\"https:\\\/\\\/i0.wp.com\\\/www.jazzzeitung.de\\\/cms\\\/wp-content\\\/uploads\\\/2026\\\/05\\\/text-am-baum-scaled.jpg?fit=2560%2C1495&ssl=1\",\"datePublished\":\"2026-05-03T10:00:19+00:00\",\"breadcrumb\":{\"@id\":\"https:\\\/\\\/www.jazzzeitung.de\\\/cms\\\/2026\\\/05\\\/die-ulrichsberger-kaleidophon-radiowoche-vom-04-05-26-bis-10-05-26\\\/#breadcrumb\"},\"inLanguage\":\"de\",\"potentialAction\":[{\"@type\":\"ReadAction\",\"target\":[\"https:\\\/\\\/www.jazzzeitung.de\\\/cms\\\/2026\\\/05\\\/die-ulrichsberger-kaleidophon-radiowoche-vom-04-05-26-bis-10-05-26\\\/\"]}]},{\"@type\":\"ImageObject\",\"inLanguage\":\"de\",\"@id\":\"https:\\\/\\\/www.jazzzeitung.de\\\/cms\\\/2026\\\/05\\\/die-ulrichsberger-kaleidophon-radiowoche-vom-04-05-26-bis-10-05-26\\\/#primaryimage\",\"url\":\"https:\\\/\\\/i0.wp.com\\\/www.jazzzeitung.de\\\/cms\\\/wp-content\\\/uploads\\\/2026\\\/05\\\/text-am-baum-scaled.jpg?fit=2560%2C1495&ssl=1\",\"contentUrl\":\"https:\\\/\\\/i0.wp.com\\\/www.jazzzeitung.de\\\/cms\\\/wp-content\\\/uploads\\\/2026\\\/05\\\/text-am-baum-scaled.jpg?fit=2560%2C1495&ssl=1\",\"width\":2560,\"height\":1495,\"caption\":\"Irgendwas auf einem Baum. Foto: Hufner\"},{\"@type\":\"BreadcrumbList\",\"@id\":\"https:\\\/\\\/www.jazzzeitung.de\\\/cms\\\/2026\\\/05\\\/die-ulrichsberger-kaleidophon-radiowoche-vom-04-05-26-bis-10-05-26\\\/#breadcrumb\",\"itemListElement\":[{\"@type\":\"ListItem\",\"position\":1,\"name\":\"Startseite\",\"item\":\"https:\\\/\\\/www.jazzzeitung.de\\\/cms\\\/\"},{\"@type\":\"ListItem\",\"position\":2,\"name\":\"Die Ulrichsberger-Kaleidophon-Radiowoche vom 04.05.26 bis 10.05.26\"}]},{\"@type\":\"WebSite\",\"@id\":\"https:\\\/\\\/www.jazzzeitung.de\\\/cms\\\/#website\",\"url\":\"https:\\\/\\\/www.jazzzeitung.de\\\/cms\\\/\",\"name\":\"JazzZeitung\",\"description\":\"Jazz-News und Jazz-Kontroverses\",\"publisher\":{\"@id\":\"https:\\\/\\\/www.jazzzeitung.de\\\/cms\\\/#organization\"},\"potentialAction\":[{\"@type\":\"SearchAction\",\"target\":{\"@type\":\"EntryPoint\",\"urlTemplate\":\"https:\\\/\\\/www.jazzzeitung.de\\\/cms\\\/?s={search_term_string}\"},\"query-input\":{\"@type\":\"PropertyValueSpecification\",\"valueRequired\":true,\"valueName\":\"search_term_string\"}}],\"inLanguage\":\"de\"},{\"@type\":\"Organization\",\"@id\":\"https:\\\/\\\/www.jazzzeitung.de\\\/cms\\\/#organization\",\"name\":\"JazzZeitung online\",\"url\":\"https:\\\/\\\/www.jazzzeitung.de\\\/cms\\\/\",\"logo\":{\"@type\":\"ImageObject\",\"inLanguage\":\"de\",\"@id\":\"https:\\\/\\\/www.jazzzeitung.de\\\/cms\\\/#\\\/schema\\\/logo\\\/image\\\/\",\"url\":\"https:\\\/\\\/i0.wp.com\\\/www.jazzzeitung.de\\\/cms\\\/wp-content\\\/uploads\\\/2015\\\/08\\\/JAZZZEITUNGDE_Logo_Neu.png?fit=499%2C200&ssl=1\",\"contentUrl\":\"https:\\\/\\\/i0.wp.com\\\/www.jazzzeitung.de\\\/cms\\\/wp-content\\\/uploads\\\/2015\\\/08\\\/JAZZZEITUNGDE_Logo_Neu.png?fit=499%2C200&ssl=1\",\"width\":499,\"height\":200,\"caption\":\"JazzZeitung online\"},\"image\":{\"@id\":\"https:\\\/\\\/www.jazzzeitung.de\\\/cms\\\/#\\\/schema\\\/logo\\\/image\\\/\"},\"sameAs\":[\"https:\\\/\\\/www.facebook.com\\\/JazzZeitung\\\/\"]},{\"@type\":\"Person\",\"@id\":\"https:\\\/\\\/www.jazzzeitung.de\\\/cms\\\/#\\\/schema\\\/person\\\/b9a4e5ac765d94fb8f617bfa8f1fc5f7\",\"name\":\"Martin Hufner\",\"image\":{\"@type\":\"ImageObject\",\"inLanguage\":\"de\",\"@id\":\"https:\\\/\\\/i0.wp.com\\\/www.jazzzeitung.de\\\/cms\\\/wp-content\\\/uploads\\\/2013\\\/07\\\/huf-06.jpg?resize=96%2C96&ssl=15fcc31aa94540751a3b804516452be00\",\"url\":\"https:\\\/\\\/i0.wp.com\\\/www.jazzzeitung.de\\\/cms\\\/wp-content\\\/uploads\\\/2013\\\/07\\\/huf-06.jpg?resize=96%2C96&ssl=1\",\"contentUrl\":\"https:\\\/\\\/i0.wp.com\\\/www.jazzzeitung.de\\\/cms\\\/wp-content\\\/uploads\\\/2013\\\/07\\\/huf-06.jpg?resize=96%2C96&ssl=1\",\"caption\":\"Martin Hufner\"},\"description\":\"Martin Hufner ist freier Autor der JazzZeitung.\",\"sameAs\":[\"https:\\\/\\\/www.kritische-masse.de\\\/logbuch\",\"https:\\\/\\\/www.facebook.com\\\/hufner\"],\"url\":\"https:\\\/\\\/www.jazzzeitung.de\\\/cms\\\/author\\\/admin\\\/\"}]}<\/script>\n<!-- \/ Yoast SEO plugin. -->","yoast_head_json":{"title":"Die Ulrichsberger-Kaleidophon-Radiowoche vom 04.05.26 bis 10.05.26 - JazzZeitung","robots":{"index":"index","follow":"follow","max-snippet":"max-snippet:-1","max-image-preview":"max-image-preview:large","max-video-preview":"max-video-preview:-1"},"canonical":"https:\/\/www.jazzzeitung.de\/cms\/2026\/05\/die-ulrichsberger-kaleidophon-radiowoche-vom-04-05-26-bis-10-05-26\/","og_locale":"de_DE","og_type":"article","og_title":"Die Ulrichsberger-Kaleidophon-Radiowoche vom 04.05.26 bis 10.05.26 - JazzZeitung","og_description":"Jazz im Radio \u2013 Jeden Sonntag gibt es um 12 Uhr unsere \u00dcbersicht f\u00fcr die jeweils nachfolgende Woche. Die #Jazz-Radiowoche vom 4.05.26 bis zum 10.05.26. Auch als PDF zum Download \u2013 #Jazz #JazzZeitung #Radio #Radiowoche \u2013 Ein Service unserer Online-Redaktion.","og_url":"https:\/\/www.jazzzeitung.de\/cms\/2026\/05\/die-ulrichsberger-kaleidophon-radiowoche-vom-04-05-26-bis-10-05-26\/","og_site_name":"JazzZeitung","article_publisher":"https:\/\/www.facebook.com\/JazzZeitung\/","article_author":"https:\/\/www.facebook.com\/hufner","article_published_time":"2026-05-03T10:00:19+00:00","og_image":[{"width":2560,"height":1495,"url":"https:\/\/i0.wp.com\/www.jazzzeitung.de\/cms\/wp-content\/uploads\/2026\/05\/text-am-baum-scaled.jpg?fit=2560%2C1495&ssl=1","type":"image\/jpeg"}],"author":"Martin Hufner","schema":{"@context":"https:\/\/schema.org","@graph":[{"@type":"Article","@id":"https:\/\/www.jazzzeitung.de\/cms\/2026\/05\/die-ulrichsberger-kaleidophon-radiowoche-vom-04-05-26-bis-10-05-26\/#article","isPartOf":{"@id":"https:\/\/www.jazzzeitung.de\/cms\/2026\/05\/die-ulrichsberger-kaleidophon-radiowoche-vom-04-05-26-bis-10-05-26\/"},"author":{"name":"Martin Hufner","@id":"https:\/\/www.jazzzeitung.de\/cms\/#\/schema\/person\/b9a4e5ac765d94fb8f617bfa8f1fc5f7"},"headline":"Die Ulrichsberger-Kaleidophon-Radiowoche vom 04.05.26 bis 10.05.26","datePublished":"2026-05-03T10:00:19+00:00","mainEntityOfPage":{"@id":"https:\/\/www.jazzzeitung.de\/cms\/2026\/05\/die-ulrichsberger-kaleidophon-radiowoche-vom-04-05-26-bis-10-05-26\/"},"wordCount":2166,"commentCount":0,"publisher":{"@id":"https:\/\/www.jazzzeitung.de\/cms\/#organization"},"image":{"@id":"https:\/\/www.jazzzeitung.de\/cms\/2026\/05\/die-ulrichsberger-kaleidophon-radiowoche-vom-04-05-26-bis-10-05-26\/#primaryimage"},"thumbnailUrl":"https:\/\/i0.wp.com\/www.jazzzeitung.de\/cms\/wp-content\/uploads\/2026\/05\/text-am-baum-scaled.jpg?fit=2560%2C1495&ssl=1","keywords":["Die Radiowoche","Jazz im Radio"],"articleSection":["News","Radio"],"inLanguage":"de","potentialAction":[{"@type":"CommentAction","name":"Comment","target":["https:\/\/www.jazzzeitung.de\/cms\/2026\/05\/die-ulrichsberger-kaleidophon-radiowoche-vom-04-05-26-bis-10-05-26\/#respond"]}]},{"@type":"WebPage","@id":"https:\/\/www.jazzzeitung.de\/cms\/2026\/05\/die-ulrichsberger-kaleidophon-radiowoche-vom-04-05-26-bis-10-05-26\/","url":"https:\/\/www.jazzzeitung.de\/cms\/2026\/05\/die-ulrichsberger-kaleidophon-radiowoche-vom-04-05-26-bis-10-05-26\/","name":"Die Ulrichsberger-Kaleidophon-Radiowoche vom 04.05.26 bis 10.05.26 - JazzZeitung","isPartOf":{"@id":"https:\/\/www.jazzzeitung.de\/cms\/#website"},"primaryImageOfPage":{"@id":"https:\/\/www.jazzzeitung.de\/cms\/2026\/05\/die-ulrichsberger-kaleidophon-radiowoche-vom-04-05-26-bis-10-05-26\/#primaryimage"},"image":{"@id":"https:\/\/www.jazzzeitung.de\/cms\/2026\/05\/die-ulrichsberger-kaleidophon-radiowoche-vom-04-05-26-bis-10-05-26\/#primaryimage"},"thumbnailUrl":"https:\/\/i0.wp.com\/www.jazzzeitung.de\/cms\/wp-content\/uploads\/2026\/05\/text-am-baum-scaled.jpg?fit=2560%2C1495&ssl=1","datePublished":"2026-05-03T10:00:19+00:00","breadcrumb":{"@id":"https:\/\/www.jazzzeitung.de\/cms\/2026\/05\/die-ulrichsberger-kaleidophon-radiowoche-vom-04-05-26-bis-10-05-26\/#breadcrumb"},"inLanguage":"de","potentialAction":[{"@type":"ReadAction","target":["https:\/\/www.jazzzeitung.de\/cms\/2026\/05\/die-ulrichsberger-kaleidophon-radiowoche-vom-04-05-26-bis-10-05-26\/"]}]},{"@type":"ImageObject","inLanguage":"de","@id":"https:\/\/www.jazzzeitung.de\/cms\/2026\/05\/die-ulrichsberger-kaleidophon-radiowoche-vom-04-05-26-bis-10-05-26\/#primaryimage","url":"https:\/\/i0.wp.com\/www.jazzzeitung.de\/cms\/wp-content\/uploads\/2026\/05\/text-am-baum-scaled.jpg?fit=2560%2C1495&ssl=1","contentUrl":"https:\/\/i0.wp.com\/www.jazzzeitung.de\/cms\/wp-content\/uploads\/2026\/05\/text-am-baum-scaled.jpg?fit=2560%2C1495&ssl=1","width":2560,"height":1495,"caption":"Irgendwas auf einem Baum. Foto: Hufner"},{"@type":"BreadcrumbList","@id":"https:\/\/www.jazzzeitung.de\/cms\/2026\/05\/die-ulrichsberger-kaleidophon-radiowoche-vom-04-05-26-bis-10-05-26\/#breadcrumb","itemListElement":[{"@type":"ListItem","position":1,"name":"Startseite","item":"https:\/\/www.jazzzeitung.de\/cms\/"},{"@type":"ListItem","position":2,"name":"Die Ulrichsberger-Kaleidophon-Radiowoche vom 04.05.26 bis 10.05.26"}]},{"@type":"WebSite","@id":"https:\/\/www.jazzzeitung.de\/cms\/#website","url":"https:\/\/www.jazzzeitung.de\/cms\/","name":"JazzZeitung","description":"Jazz-News und Jazz-Kontroverses","publisher":{"@id":"https:\/\/www.jazzzeitung.de\/cms\/#organization"},"potentialAction":[{"@type":"SearchAction","target":{"@type":"EntryPoint","urlTemplate":"https:\/\/www.jazzzeitung.de\/cms\/?s={search_term_string}"},"query-input":{"@type":"PropertyValueSpecification","valueRequired":true,"valueName":"search_term_string"}}],"inLanguage":"de"},{"@type":"Organization","@id":"https:\/\/www.jazzzeitung.de\/cms\/#organization","name":"JazzZeitung online","url":"https:\/\/www.jazzzeitung.de\/cms\/","logo":{"@type":"ImageObject","inLanguage":"de","@id":"https:\/\/www.jazzzeitung.de\/cms\/#\/schema\/logo\/image\/","url":"https:\/\/i0.wp.com\/www.jazzzeitung.de\/cms\/wp-content\/uploads\/2015\/08\/JAZZZEITUNGDE_Logo_Neu.png?fit=499%2C200&ssl=1","contentUrl":"https:\/\/i0.wp.com\/www.jazzzeitung.de\/cms\/wp-content\/uploads\/2015\/08\/JAZZZEITUNGDE_Logo_Neu.png?fit=499%2C200&ssl=1","width":499,"height":200,"caption":"JazzZeitung online"},"image":{"@id":"https:\/\/www.jazzzeitung.de\/cms\/#\/schema\/logo\/image\/"},"sameAs":["https:\/\/www.facebook.com\/JazzZeitung\/"]},{"@type":"Person","@id":"https:\/\/www.jazzzeitung.de\/cms\/#\/schema\/person\/b9a4e5ac765d94fb8f617bfa8f1fc5f7","name":"Martin Hufner","image":{"@type":"ImageObject","inLanguage":"de","@id":"https:\/\/i0.wp.com\/www.jazzzeitung.de\/cms\/wp-content\/uploads\/2013\/07\/huf-06.jpg?resize=96%2C96&ssl=15fcc31aa94540751a3b804516452be00","url":"https:\/\/i0.wp.com\/www.jazzzeitung.de\/cms\/wp-content\/uploads\/2013\/07\/huf-06.jpg?resize=96%2C96&ssl=1","contentUrl":"https:\/\/i0.wp.com\/www.jazzzeitung.de\/cms\/wp-content\/uploads\/2013\/07\/huf-06.jpg?resize=96%2C96&ssl=1","caption":"Martin Hufner"},"description":"Martin Hufner ist freier Autor der JazzZeitung.","sameAs":["https:\/\/www.kritische-masse.de\/logbuch","https:\/\/www.facebook.com\/hufner"],"url":"https:\/\/www.jazzzeitung.de\/cms\/author\/admin\/"}]}},"wp-worthy-pixel":{"ignored":true,"public":null,"server":null,"url":null},"wp-worthy-type":"normal","jetpack_publicize_connections":[],"cc_featured_image_caption":{"caption_text":"Irgendwas auf einem Baum. ","source_text":"Grafik: Hufner","source_url":"https:\/\/www.kritische-masse.de\/logbuch\/"},"jetpack_featured_media_url":"https:\/\/i0.wp.com\/www.jazzzeitung.de\/cms\/wp-content\/uploads\/2026\/05\/text-am-baum-scaled.jpg?fit=2560%2C1495&ssl=1","jetpack_shortlink":"https:\/\/wp.me\/p3KEcT-8O1","jetpack-related-posts":[{"id":22236,"url":"https:\/\/www.jazzzeitung.de\/cms\/2020\/03\/die-jazz-radiowoche-vom-30-03-20-bis-05-04-20\/","url_meta":{"origin":33853,"position":0},"title":"Die Jazz-Radiowoche vom 30.03.20 bis 05.04.20","author":"Martin Hufner","date":"29. M\u00e4rz 2020","format":false,"excerpt":"Ein kleiner Blick in die Jazzwoche 14 im Radio. Alle Angaben ohne Gew\u00e4hr. Jazz im Radio (Fernsehen) SR2 \u2013 JazzNow \u2013 Sonntags von 20.04 bis 22.30 Uhr BR-KLASSIK \u2013 Jazztime \u2013 Von Montag bis Freitag t\u00e4glich um 23.05 Uhr rbb-kultur \u2013 Late Night Jazz \u2013 Sa und So 23:04 \u2013\u2026","rel":"","context":"In &quot;News&quot;","block_context":{"text":"News","link":"https:\/\/www.jazzzeitung.de\/cms\/thema\/nachrichten\/"},"img":{"alt_text":"Jazz im Radio. Foto: Hufner","src":"https:\/\/i0.wp.com\/www.jazzzeitung.de\/cms\/wp-content\/uploads\/2019\/03\/jazz_im_radio.jpg?fit=1200%2C773&ssl=1&resize=350%2C200","width":350,"height":200,"srcset":"https:\/\/i0.wp.com\/www.jazzzeitung.de\/cms\/wp-content\/uploads\/2019\/03\/jazz_im_radio.jpg?fit=1200%2C773&ssl=1&resize=350%2C200 1x, https:\/\/i0.wp.com\/www.jazzzeitung.de\/cms\/wp-content\/uploads\/2019\/03\/jazz_im_radio.jpg?fit=1200%2C773&ssl=1&resize=525%2C300 1.5x, https:\/\/i0.wp.com\/www.jazzzeitung.de\/cms\/wp-content\/uploads\/2019\/03\/jazz_im_radio.jpg?fit=1200%2C773&ssl=1&resize=700%2C400 2x, https:\/\/i0.wp.com\/www.jazzzeitung.de\/cms\/wp-content\/uploads\/2019\/03\/jazz_im_radio.jpg?fit=1200%2C773&ssl=1&resize=1050%2C600 3x"},"classes":[]},{"id":23982,"url":"https:\/\/www.jazzzeitung.de\/cms\/2020\/12\/die-jazz-radiowoche-vom-14-12-20-bis-31-12-2020\/","url_meta":{"origin":33853,"position":1},"title":"Die Jazz-Radiowoche vom 14.12.20 bis 31.12.2020","author":"Martin Hufner","date":"13. Dezember 2020","format":false,"excerpt":"Ein kleiner Blick in Restmonat. Die Suchmaschine der ARD hat ihren Dienst am 7.12.2020 eingestellt. Nachfragen haben nur gezeigt, dass die Veranwortlichen kein Interesse daran haben, das zu kommunizieren. Weder ist herauszubekommen, wer das veranlasst hat noch warum. Danke ARD! F\u00fcr nichts. Jetzt schauen wir mal, wie es weiter geht.\u2026","rel":"","context":"In &quot;News&quot;","block_context":{"text":"News","link":"https:\/\/www.jazzzeitung.de\/cms\/thema\/nachrichten\/"},"img":{"alt_text":"Jazz im Radio. Foto: Hufner","src":"https:\/\/i0.wp.com\/www.jazzzeitung.de\/cms\/wp-content\/uploads\/2019\/03\/jazz_im_radio.jpg?fit=1200%2C773&ssl=1&resize=350%2C200","width":350,"height":200,"srcset":"https:\/\/i0.wp.com\/www.jazzzeitung.de\/cms\/wp-content\/uploads\/2019\/03\/jazz_im_radio.jpg?fit=1200%2C773&ssl=1&resize=350%2C200 1x, https:\/\/i0.wp.com\/www.jazzzeitung.de\/cms\/wp-content\/uploads\/2019\/03\/jazz_im_radio.jpg?fit=1200%2C773&ssl=1&resize=525%2C300 1.5x, https:\/\/i0.wp.com\/www.jazzzeitung.de\/cms\/wp-content\/uploads\/2019\/03\/jazz_im_radio.jpg?fit=1200%2C773&ssl=1&resize=700%2C400 2x, https:\/\/i0.wp.com\/www.jazzzeitung.de\/cms\/wp-content\/uploads\/2019\/03\/jazz_im_radio.jpg?fit=1200%2C773&ssl=1&resize=1050%2C600 3x"},"classes":[]},{"id":33138,"url":"https:\/\/www.jazzzeitung.de\/cms\/2025\/09\/die-atomgrosse-jazz-radiowoche-vom-29-09-2025-bis-05-10-2025\/","url_meta":{"origin":33853,"position":2},"title":"Die atomgro\u00dfe Jazz-Radiowoche vom 29.09.2025 bis 05.10.2025","author":"Martin Hufner","date":"28. September 2025","format":false,"excerpt":"Jazz im Radio \u2013 Jeden Sonntag gibt es um 12 Uhr unsere \u00dcbersicht f\u00fcr die jeweils nachfolgende Woche. Die #Jazz-Radiowoche vom 29.09. bis zum 05.10.2025. Erheblich d\u00fcnn! Auch als PDF zum Download \u2013 #Jazz #JazzZeitung #Radio #Radiowoche \u2013 Ein Service unserer Online-Redaktion.","rel":"","context":"In &quot;News&quot;","block_context":{"text":"News","link":"https:\/\/www.jazzzeitung.de\/cms\/thema\/nachrichten\/"},"img":{"alt_text":"Botanische Supernova mit schwarzem Loch in der Na\u0308he von Terra Nova. Foto: Hufner","src":"https:\/\/i0.wp.com\/www.jazzzeitung.de\/cms\/wp-content\/uploads\/2025\/09\/Botanische-Supernova-mit-schwarzem-Loch-in-der-Naehe-von-Terra-Nova.jpg?fit=1200%2C900&ssl=1&resize=350%2C200","width":350,"height":200,"srcset":"https:\/\/i0.wp.com\/www.jazzzeitung.de\/cms\/wp-content\/uploads\/2025\/09\/Botanische-Supernova-mit-schwarzem-Loch-in-der-Naehe-von-Terra-Nova.jpg?fit=1200%2C900&ssl=1&resize=350%2C200 1x, https:\/\/i0.wp.com\/www.jazzzeitung.de\/cms\/wp-content\/uploads\/2025\/09\/Botanische-Supernova-mit-schwarzem-Loch-in-der-Naehe-von-Terra-Nova.jpg?fit=1200%2C900&ssl=1&resize=525%2C300 1.5x, https:\/\/i0.wp.com\/www.jazzzeitung.de\/cms\/wp-content\/uploads\/2025\/09\/Botanische-Supernova-mit-schwarzem-Loch-in-der-Naehe-von-Terra-Nova.jpg?fit=1200%2C900&ssl=1&resize=700%2C400 2x, https:\/\/i0.wp.com\/www.jazzzeitung.de\/cms\/wp-content\/uploads\/2025\/09\/Botanische-Supernova-mit-schwarzem-Loch-in-der-Naehe-von-Terra-Nova.jpg?fit=1200%2C900&ssl=1&resize=1050%2C600 3x"},"classes":[]},{"id":23939,"url":"https:\/\/www.jazzzeitung.de\/cms\/2020\/12\/die-jazz-radiowoche-vom-7-12-20-bis-13-12-2020\/","url_meta":{"origin":33853,"position":3},"title":"Die Jazz-Radiowoche vom 7.12.20 bis 13.12.2020","author":"Martin Hufner","date":"6. Dezember 2020","format":false,"excerpt":"Ein kleiner Blick in die Jazzwoche 50 im Radio. Der ist dieses mal so klein, es steht da n\u00e4mlich gar nichts drin.Grund daf\u00fcr: Die Suchmaschine f\u00fcr Radiosendungen der ARD gibt am dem 7.12.2020 keine Ergebnisse heraus. Versuche der Kontaktaufnahme mit der ARD sind ohne Echo verhallt. Aktuell bleibt es bei\u2026","rel":"","context":"In &quot;News&quot;","block_context":{"text":"News","link":"https:\/\/www.jazzzeitung.de\/cms\/thema\/nachrichten\/"},"img":{"alt_text":"Jazz im Radio. Foto: Hufner","src":"https:\/\/i0.wp.com\/www.jazzzeitung.de\/cms\/wp-content\/uploads\/2019\/03\/jazz_im_radio.jpg?fit=1200%2C773&ssl=1&resize=350%2C200","width":350,"height":200,"srcset":"https:\/\/i0.wp.com\/www.jazzzeitung.de\/cms\/wp-content\/uploads\/2019\/03\/jazz_im_radio.jpg?fit=1200%2C773&ssl=1&resize=350%2C200 1x, https:\/\/i0.wp.com\/www.jazzzeitung.de\/cms\/wp-content\/uploads\/2019\/03\/jazz_im_radio.jpg?fit=1200%2C773&ssl=1&resize=525%2C300 1.5x, https:\/\/i0.wp.com\/www.jazzzeitung.de\/cms\/wp-content\/uploads\/2019\/03\/jazz_im_radio.jpg?fit=1200%2C773&ssl=1&resize=700%2C400 2x, https:\/\/i0.wp.com\/www.jazzzeitung.de\/cms\/wp-content\/uploads\/2019\/03\/jazz_im_radio.jpg?fit=1200%2C773&ssl=1&resize=1050%2C600 3x"},"classes":[]},{"id":31928,"url":"https:\/\/www.jazzzeitung.de\/cms\/2024\/11\/die-geschmolzene-jazz-radiowoche-vom-25-11-2024-bis-01-12-2024\/","url_meta":{"origin":33853,"position":4},"title":"Die geschmolzene Jazz-Radiowoche vom 25.11.2024 bis 01.12.2024","author":"Martin Hufner","date":"24. November 2024","format":false,"excerpt":"Jazz im Radio \u2013 Jeden Sonntag gibt es um 12 Uhr unsere \u00dcbersicht f\u00fcr die jeweils nachfolgende Woche. Die #Jazz-Radiowoche vom 25. November bis zum 1. Dezember 2024. Erheblich ausged\u00fcnnt. Die ARD schafft ihr Radio gewisserma\u00dfen ab. Auch als PDF zum Download \u2013 #Jazz #JazzZeitung #Radio #Radiowoche \u2013 Ein Service\u2026","rel":"","context":"In &quot;News&quot;","block_context":{"text":"News","link":"https:\/\/www.jazzzeitung.de\/cms\/thema\/nachrichten\/"},"img":{"alt_text":"zugfahrt 2023 1. MH","src":"https:\/\/i0.wp.com\/www.jazzzeitung.de\/cms\/wp-content\/uploads\/2024\/11\/zugfahrt2023-1.-MH.jpg?fit=1200%2C900&ssl=1&resize=350%2C200","width":350,"height":200,"srcset":"https:\/\/i0.wp.com\/www.jazzzeitung.de\/cms\/wp-content\/uploads\/2024\/11\/zugfahrt2023-1.-MH.jpg?fit=1200%2C900&ssl=1&resize=350%2C200 1x, https:\/\/i0.wp.com\/www.jazzzeitung.de\/cms\/wp-content\/uploads\/2024\/11\/zugfahrt2023-1.-MH.jpg?fit=1200%2C900&ssl=1&resize=525%2C300 1.5x, https:\/\/i0.wp.com\/www.jazzzeitung.de\/cms\/wp-content\/uploads\/2024\/11\/zugfahrt2023-1.-MH.jpg?fit=1200%2C900&ssl=1&resize=700%2C400 2x, https:\/\/i0.wp.com\/www.jazzzeitung.de\/cms\/wp-content\/uploads\/2024\/11\/zugfahrt2023-1.-MH.jpg?fit=1200%2C900&ssl=1&resize=1050%2C600 3x"},"classes":[]},{"id":32215,"url":"https:\/\/www.jazzzeitung.de\/cms\/2025\/02\/die-eingeschmolzene-jazz-radiowoche-vom-17-02-2025-bis-23-02-2025\/","url_meta":{"origin":33853,"position":5},"title":"Die eingeschmolzene Jazz-Radiowoche vom 17.02.2025 bis 23.02.2025","author":"Martin Hufner","date":"16. Februar 2025","format":false,"excerpt":"Jazz im Radio \u2013 Jeden Sonntag gibt es um 12 Uhr unsere \u00dcbersicht f\u00fcr die jeweils nachfolgende Woche. Die #Jazz-Radiowoche vom 10. bis 16. Februar 2025. Erheblich ausged\u00fcnnt. Die ARD schafft ihr Radio gewisserma\u00dfen ab. Auch als PDF zum Download \u2013 #Jazz #JazzZeitung #Radio #Radiowoche \u2013 Ein Service unserer Online-Redaktion.","rel":"","context":"In &quot;News&quot;","block_context":{"text":"News","link":"https:\/\/www.jazzzeitung.de\/cms\/thema\/nachrichten\/"},"img":{"alt_text":"Kunst vorm Bau. Foto: Hufner","src":"https:\/\/i0.wp.com\/www.jazzzeitung.de\/cms\/wp-content\/uploads\/2025\/02\/kunstvormbau.jpg?fit=1080%2C939&ssl=1&resize=350%2C200","width":350,"height":200,"srcset":"https:\/\/i0.wp.com\/www.jazzzeitung.de\/cms\/wp-content\/uploads\/2025\/02\/kunstvormbau.jpg?fit=1080%2C939&ssl=1&resize=350%2C200 1x, https:\/\/i0.wp.com\/www.jazzzeitung.de\/cms\/wp-content\/uploads\/2025\/02\/kunstvormbau.jpg?fit=1080%2C939&ssl=1&resize=525%2C300 1.5x, https:\/\/i0.wp.com\/www.jazzzeitung.de\/cms\/wp-content\/uploads\/2025\/02\/kunstvormbau.jpg?fit=1080%2C939&ssl=1&resize=700%2C400 2x, https:\/\/i0.wp.com\/www.jazzzeitung.de\/cms\/wp-content\/uploads\/2025\/02\/kunstvormbau.jpg?fit=1080%2C939&ssl=1&resize=1050%2C600 3x"},"classes":[]}],"jetpack_sharing_enabled":true,"_links":{"self":[{"href":"https:\/\/www.jazzzeitung.de\/cms\/wp-json\/wp\/v2\/posts\/33853","targetHints":{"allow":["GET"]}}],"collection":[{"href":"https:\/\/www.jazzzeitung.de\/cms\/wp-json\/wp\/v2\/posts"}],"about":[{"href":"https:\/\/www.jazzzeitung.de\/cms\/wp-json\/wp\/v2\/types\/post"}],"author":[{"embeddable":true,"href":"https:\/\/www.jazzzeitung.de\/cms\/wp-json\/wp\/v2\/users\/1"}],"replies":[{"embeddable":true,"href":"https:\/\/www.jazzzeitung.de\/cms\/wp-json\/wp\/v2\/comments?post=33853"}],"version-history":[{"count":1,"href":"https:\/\/www.jazzzeitung.de\/cms\/wp-json\/wp\/v2\/posts\/33853\/revisions"}],"predecessor-version":[{"id":33855,"href":"https:\/\/www.jazzzeitung.de\/cms\/wp-json\/wp\/v2\/posts\/33853\/revisions\/33855"}],"wp:featuredmedia":[{"embeddable":true,"href":"https:\/\/www.jazzzeitung.de\/cms\/wp-json\/wp\/v2\/media\/33854"}],"wp:attachment":[{"href":"https:\/\/www.jazzzeitung.de\/cms\/wp-json\/wp\/v2\/media?parent=33853"}],"wp:term":[{"taxonomy":"category","embeddable":true,"href":"https:\/\/www.jazzzeitung.de\/cms\/wp-json\/wp\/v2\/categories?post=33853"},{"taxonomy":"post_tag","embeddable":true,"href":"https:\/\/www.jazzzeitung.de\/cms\/wp-json\/wp\/v2\/tags?post=33853"},{"taxonomy":"author","embeddable":true,"href":"https:\/\/www.jazzzeitung.de\/cms\/wp-json\/wp\/v2\/coauthors?post=33853"}],"curies":[{"name":"wp","href":"https:\/\/api.w.org\/{rel}","templated":true}]}}