{"id":33847,"date":"2026-04-30T17:45:52","date_gmt":"2026-04-30T15:45:52","guid":{"rendered":"https:\/\/www.jazzzeitung.de\/cms\/?p=33847"},"modified":"2026-04-30T17:37:18","modified_gmt":"2026-04-30T15:37:18","slug":"die-muenchner-techno-bigband-stellt-neues-himmlisches-programm-in-der-regensburger-dominikanerkirche-vor","status":"publish","type":"post","link":"https:\/\/www.jazzzeitung.de\/cms\/2026\/04\/die-muenchner-techno-bigband-stellt-neues-himmlisches-programm-in-der-regensburger-dominikanerkirche-vor\/","title":{"rendered":"Die M\u00fcnchner Techno-Bigband stellt neues \u201ehimmlisches\u201c Programm in der Regensburger Dominikanerkirche vor"},"content":{"rendered":"<p><strong>Die ein wenig versteckt in der Predigergasse liegende Dominikanerkirche St. Blasius war bisher keineswegs als Hort \u00fcbersch\u00e4umender Lebensfreude und unb\u00e4ndiger Bewegungslust bekannt. Seit letztem Wochenende ist das anders. Schon vor dem Konzert der in M\u00fcnchen beheimateten Jazzrausch Bigband, die den bewusstseinsver\u00e4ndernden Zustand bereits im Namen tr\u00e4gt, hatten sich vor dem schmalen Eingang am Albertus-Magnus-Platz lange Menschenschlangen gebildet. Geduldig warteten sie auf Einlass in die nur selten zug\u00e4ngliche fr\u00fchgotische Basilika.<\/strong><\/p>\n<p>Es war, wie es eine \u00e4ltere Besucherin zur\u00fcckhaltend ausdr\u00fcckte, \u201eein ganz besonderes Erlebnis\u201c. Das war vom Ort, der nach vorne zum Altar gerichteten B\u00e4nke, der f\u00fcr fast die H\u00e4lftedes Publikums ungewohnten Musikmischung aus Jazz und technoiden Grooves bis hin zur Form der Musikaufnahme in der Tat. Bevor sich die Besuchenden einen Platz in dem von drau\u00dfen erhellten Kirchenraum einen Platz suchen konnten, bekamen sie von Mitgliedern der Bigband einen Kopfh\u00f6rer mit dem Hinweis in die Hand gedr\u00fcckt, dass ein Teil der Musik nur \u00fcber dieses Hilfsmittel zu h\u00f6ren sei.<\/p>\n<p>Mittig im Hauptschiff, wo sich Haupt- und Quergang kreuzen, war eine eher kleine B\u00fchne aus mehreren Elementen aufgebaut, die \u2013 wie sich wenig sp\u00e4ter herausstellte \u2013 Platz f\u00fcr 15 oder 16 Musikern bot. Die genaue Zahl liess sich durch die Anordnung und die ged\u00e4mpften Lichtverh\u00e4ltnisse mit einer farbig flammenden und zuckenden Lightshow nicht ermitteln. Fast so dicht gedr\u00e4ngt wie das Publikum, das in den G\u00e4ngen und B\u00e4nken tanzte oder zumindest Kopf und H\u00fcften zu den unerbittlich vorw\u00e4rtspeitschenden Rhythmen bewegte, standen die Musiker.<\/p>\n<p>Wenn die Bl\u00e4ser nicht gerade Saxofone, Trompeten, Posaunen oder Klarinetten bedienten, waren auch sie am Tanzen und Grooven. In ihrer Mitte der Schlagzeuger. Der trommelte geisterhaft auf einem elektronischen Drumkit, das wie die Stimme von S\u00e4ngerin Caroline Wei\u00df, Gitarre, Bass und Keyboards ausschlie\u00dflich \u00fcber die halbdurchl\u00e4ssigen Kopfh\u00f6rer zu h\u00f6ren war. Setzte man diese w\u00e4hrend des etwa 75-min\u00fctigen Konzertes zeitweise ab, konnte man noch die Bl\u00e4ser und die mit dem M\u00fcnchner Kantor und Organisten Tobias Frank besetzte Kirchenorgel h\u00f6ren, den Rest nur erahnen.<\/p>\n<p>Letztlich lag darin auch das Hauptmanko des ungew\u00f6hnlichen Konzertereignisses. Zwar h\u00f6rte man mit dem technischen Hilfsmittel auch die nicht \u00fcber Kopfh\u00f6rer laufenden Solo von Bandleader Roman Sladek, Posaune, und anderen Solisten. Die sich immer wieder ver\u00e4ndernde Akustik des riesigen Kirchenraumes und manche feinen Nuancen bei Improvisationen aber gingen bei dieser Form der Musikrezeption unter.<\/p>\n<p>Dem von Sladek in seiner Anfangsmoderation ausgegebenen Motto, \u201eseid gl\u00fccklich, habt Spa\u00df und tanzt\u201c, tat das keinen Abbruch. Die Besuchenden liessen sich auf das inhaltlich auf die besondere \u00d6rtlichkeit abgestimmte Erlebnis ein und gaben sich dem elektrisierenden Genuss voll hin. Es war wohl auch dieses besondere Programm, das sechsteiliges Werk \u201eIn Heaven\u00b4s Sake\u201c, welches mit den Ausschlag gab, dass die Kirche f\u00fcr die Auff\u00fchrung genutzt werden konnte.<\/p>\n<p>Die Band, die sich in den zw\u00f6lf Jahren ihres Bestehens weltweit in Clubs und auf Festivals mit Programmen zu Beethoven, Bruckner und Wittgenstein einen Namen gemacht hat, stellte in St. Blasius ihr neues Programm vor. \u201eUm Himmels Willen\u201c, wie die mindestens zweideutige \u00dcbersetzung des Werks von Komponist Leonhard Kuhn lautet, befasst sich \u201eeher metaphysisch mit dem was \u00fcber uns ist\u201c, beschrieb Sladek die Musik. Das gehe von\u00a0 den V\u00f6geln zu den nahen Planeten, zur Sonne und immer tiefer in den Raum hinein. Praktisch spielten dabei die Orgel mit ihrem Wumms und vor allem der Gesang und Sprechgesang von Wei\u00df eine gro\u00dfe Rolle. Die raunte bedeutungsvoll \u00fcber Beginn und Bestehen der Welt, sang wundersch\u00f6n und tobte sich in weiten Vokalisen aus. Dem Zusammenwirken von orchestralem Sound und stimulierenden Technorhythmen setzte die von der Band mitgebrachte Lightshow zudem optisch ein Kr\u00f6nchen auf.<\/p>\n<p>Michael Scheiner<\/p>\n","protected":false},"excerpt":{"rendered":"<p>Die ein wenig versteckt in der Predigergasse liegende Dominikanerkirche St. Blasius war bisher keineswegs als Hort \u00fcbersch\u00e4umender Lebensfreude und unb\u00e4ndiger Bewegungslust bekannt. Seit letztem Wochenende ist das anders. Schon vor dem Konzert der in M\u00fcnchen beheimateten Jazzrausch Bigband, die den bewusstseinsver\u00e4ndernden Zustand bereits im Namen tr\u00e4gt, hatten sich vor dem schmalen Eingang am Albertus-Magnus-Platz lange Menschenschlangen gebildet. Geduldig warteten sie auf Einlass in die nur selten zug\u00e4ngliche fr\u00fchgotische Basilika. Es war, wie es eine \u00e4ltere Besucherin zur\u00fcckhaltend ausdr\u00fcckte, \u201eein ganz besonderes Erlebnis\u201c. Das war vom Ort, der nach vorne zum Altar gerichteten B\u00e4nke, der f\u00fcr fast die H\u00e4lftedes Publikums ungewohnten Musikmischung aus Jazz und technoiden Grooves bis hin zur Form der Musikaufnahme in der Tat. Bevor sich die Besuchenden einen Platz in dem von drau\u00dfen erhellten Kirchenraum einen Platz suchen konnten, bekamen sie von Mitgliedern der Bigband einen Kopfh\u00f6rer mit dem Hinweis in die Hand gedr\u00fcckt, dass ein Teil der Musik nur \u00fcber dieses Hilfsmittel zu h\u00f6ren sei. Mittig im Hauptschiff, wo sich Haupt- und Quergang kreuzen, war eine eher kleine B\u00fchne aus mehreren Elementen aufgebaut, die \u2013 wie sich wenig sp\u00e4ter herausstellte \u2013 Platz &hellip;<\/p>\n","protected":false},"author":37,"featured_media":33848,"comment_status":"open","ping_status":"closed","sticky":false,"template":"","format":"standard","meta":{"_jetpack_memberships_contains_paid_content":false,"footnotes":"","jetpack_publicize_message":"","jetpack_publicize_feature_enabled":true,"jetpack_social_post_already_shared":true,"jetpack_social_options":{"image_generator_settings":{"template":"highway","default_image_id":0,"font":"","enabled":false},"version":2}},"categories":[1053],"tags":[5785,1582,1538],"coauthors":[1765],"class_list":["post-33847","post","type-post","status-publish","format-standard","has-post-thumbnail","hentry","category-bericht","tag-dominikanerkirche","tag-jazzrausch","tag-roman-sladek"],"yoast_head":"<!-- This site is optimized with the Yoast SEO plugin v27.5 - https:\/\/yoast.com\/product\/yoast-seo-wordpress\/ -->\n<title>Die M\u00fcnchner Techno-Bigband stellt neues \u201ehimmlisches\u201c Programm in der Regensburger Dominikanerkirche vor - JazzZeitung<\/title>\n<meta name=\"robots\" content=\"index, follow, max-snippet:-1, max-image-preview:large, max-video-preview:-1\" \/>\n<link rel=\"canonical\" href=\"https:\/\/www.jazzzeitung.de\/cms\/2026\/04\/die-muenchner-techno-bigband-stellt-neues-himmlisches-programm-in-der-regensburger-dominikanerkirche-vor\/\" \/>\n<meta property=\"og:locale\" content=\"de_DE\" \/>\n<meta property=\"og:type\" content=\"article\" \/>\n<meta property=\"og:title\" content=\"Die M\u00fcnchner Techno-Bigband stellt neues \u201ehimmlisches\u201c Programm in der Regensburger Dominikanerkirche vor - JazzZeitung\" \/>\n<meta property=\"og:description\" content=\"Die ein wenig versteckt in der Predigergasse liegende Dominikanerkirche St. Blasius war bisher keineswegs als Hort \u00fcbersch\u00e4umender Lebensfreude und unb\u00e4ndiger Bewegungslust bekannt. Seit letztem Wochenende ist das anders. Schon vor dem Konzert der in M\u00fcnchen beheimateten Jazzrausch Bigband, die den bewusstseinsver\u00e4ndernden Zustand bereits im Namen tr\u00e4gt, hatten sich vor dem schmalen Eingang am Albertus-Magnus-Platz lange Menschenschlangen gebildet. Geduldig warteten sie auf Einlass in die nur selten zug\u00e4ngliche fr\u00fchgotische Basilika. Es war, wie es eine \u00e4ltere Besucherin zur\u00fcckhaltend ausdr\u00fcckte, \u201eein ganz besonderes Erlebnis\u201c. Das war vom Ort, der nach vorne zum Altar gerichteten B\u00e4nke, der f\u00fcr fast die H\u00e4lftedes Publikums ungewohnten Musikmischung aus Jazz und technoiden Grooves bis hin zur Form der Musikaufnahme in der Tat. Bevor sich die Besuchenden einen Platz in dem von drau\u00dfen erhellten Kirchenraum einen Platz suchen konnten, bekamen sie von Mitgliedern der Bigband einen Kopfh\u00f6rer mit dem Hinweis in die Hand gedr\u00fcckt, dass ein Teil der Musik nur \u00fcber dieses Hilfsmittel zu h\u00f6ren sei. Mittig im Hauptschiff, wo sich Haupt- und Quergang kreuzen, war eine eher kleine B\u00fchne aus mehreren Elementen aufgebaut, die \u2013 wie sich wenig sp\u00e4ter herausstellte \u2013 Platz &hellip;\" \/>\n<meta property=\"og:url\" content=\"https:\/\/www.jazzzeitung.de\/cms\/2026\/04\/die-muenchner-techno-bigband-stellt-neues-himmlisches-programm-in-der-regensburger-dominikanerkirche-vor\/\" \/>\n<meta property=\"og:site_name\" content=\"JazzZeitung\" \/>\n<meta property=\"article:publisher\" content=\"https:\/\/www.facebook.com\/JazzZeitung\/\" \/>\n<meta property=\"article:published_time\" content=\"2026-04-30T15:45:52+00:00\" \/>\n<meta property=\"og:image\" content=\"https:\/\/i0.wp.com\/www.jazzzeitung.de\/cms\/wp-content\/uploads\/2026\/04\/Jazzrausch_scheiner-scaled.jpg?fit=1706%2C2560&ssl=1\" \/>\n\t<meta property=\"og:image:width\" content=\"1706\" \/>\n\t<meta property=\"og:image:height\" content=\"2560\" \/>\n\t<meta property=\"og:image:type\" content=\"image\/jpeg\" \/>\n<meta name=\"author\" content=\"Michael Scheiner\" \/>\n<script type=\"application\/ld+json\" class=\"yoast-schema-graph\">{\"@context\":\"https:\\\/\\\/schema.org\",\"@graph\":[{\"@type\":\"Article\",\"@id\":\"https:\\\/\\\/www.jazzzeitung.de\\\/cms\\\/2026\\\/04\\\/die-muenchner-techno-bigband-stellt-neues-himmlisches-programm-in-der-regensburger-dominikanerkirche-vor\\\/#article\",\"isPartOf\":{\"@id\":\"https:\\\/\\\/www.jazzzeitung.de\\\/cms\\\/2026\\\/04\\\/die-muenchner-techno-bigband-stellt-neues-himmlisches-programm-in-der-regensburger-dominikanerkirche-vor\\\/\"},\"author\":{\"name\":\"Michael Scheiner\",\"@id\":\"https:\\\/\\\/www.jazzzeitung.de\\\/cms\\\/#\\\/schema\\\/person\\\/a0bebd4d1728041629a3cbd7790f87fb\"},\"headline\":\"Die M\u00fcnchner Techno-Bigband stellt neues \u201ehimmlisches\u201c Programm in der Regensburger Dominikanerkirche vor\",\"datePublished\":\"2026-04-30T15:45:52+00:00\",\"mainEntityOfPage\":{\"@id\":\"https:\\\/\\\/www.jazzzeitung.de\\\/cms\\\/2026\\\/04\\\/die-muenchner-techno-bigband-stellt-neues-himmlisches-programm-in-der-regensburger-dominikanerkirche-vor\\\/\"},\"wordCount\":644,\"commentCount\":0,\"publisher\":{\"@id\":\"https:\\\/\\\/www.jazzzeitung.de\\\/cms\\\/#organization\"},\"image\":{\"@id\":\"https:\\\/\\\/www.jazzzeitung.de\\\/cms\\\/2026\\\/04\\\/die-muenchner-techno-bigband-stellt-neues-himmlisches-programm-in-der-regensburger-dominikanerkirche-vor\\\/#primaryimage\"},\"thumbnailUrl\":\"https:\\\/\\\/i0.wp.com\\\/www.jazzzeitung.de\\\/cms\\\/wp-content\\\/uploads\\\/2026\\\/04\\\/Jazzrausch_scheiner-scaled.jpg?fit=1706%2C2560&ssl=1\",\"keywords\":[\"Dominikanerkirche\",\"Jazzrausch\",\"Roman Sladek\"],\"articleSection\":[\"Bericht\"],\"inLanguage\":\"de\",\"potentialAction\":[{\"@type\":\"CommentAction\",\"name\":\"Comment\",\"target\":[\"https:\\\/\\\/www.jazzzeitung.de\\\/cms\\\/2026\\\/04\\\/die-muenchner-techno-bigband-stellt-neues-himmlisches-programm-in-der-regensburger-dominikanerkirche-vor\\\/#respond\"]}]},{\"@type\":\"WebPage\",\"@id\":\"https:\\\/\\\/www.jazzzeitung.de\\\/cms\\\/2026\\\/04\\\/die-muenchner-techno-bigband-stellt-neues-himmlisches-programm-in-der-regensburger-dominikanerkirche-vor\\\/\",\"url\":\"https:\\\/\\\/www.jazzzeitung.de\\\/cms\\\/2026\\\/04\\\/die-muenchner-techno-bigband-stellt-neues-himmlisches-programm-in-der-regensburger-dominikanerkirche-vor\\\/\",\"name\":\"Die M\u00fcnchner Techno-Bigband stellt neues \u201ehimmlisches\u201c Programm in der Regensburger Dominikanerkirche vor - JazzZeitung\",\"isPartOf\":{\"@id\":\"https:\\\/\\\/www.jazzzeitung.de\\\/cms\\\/#website\"},\"primaryImageOfPage\":{\"@id\":\"https:\\\/\\\/www.jazzzeitung.de\\\/cms\\\/2026\\\/04\\\/die-muenchner-techno-bigband-stellt-neues-himmlisches-programm-in-der-regensburger-dominikanerkirche-vor\\\/#primaryimage\"},\"image\":{\"@id\":\"https:\\\/\\\/www.jazzzeitung.de\\\/cms\\\/2026\\\/04\\\/die-muenchner-techno-bigband-stellt-neues-himmlisches-programm-in-der-regensburger-dominikanerkirche-vor\\\/#primaryimage\"},\"thumbnailUrl\":\"https:\\\/\\\/i0.wp.com\\\/www.jazzzeitung.de\\\/cms\\\/wp-content\\\/uploads\\\/2026\\\/04\\\/Jazzrausch_scheiner-scaled.jpg?fit=1706%2C2560&ssl=1\",\"datePublished\":\"2026-04-30T15:45:52+00:00\",\"breadcrumb\":{\"@id\":\"https:\\\/\\\/www.jazzzeitung.de\\\/cms\\\/2026\\\/04\\\/die-muenchner-techno-bigband-stellt-neues-himmlisches-programm-in-der-regensburger-dominikanerkirche-vor\\\/#breadcrumb\"},\"inLanguage\":\"de\",\"potentialAction\":[{\"@type\":\"ReadAction\",\"target\":[\"https:\\\/\\\/www.jazzzeitung.de\\\/cms\\\/2026\\\/04\\\/die-muenchner-techno-bigband-stellt-neues-himmlisches-programm-in-der-regensburger-dominikanerkirche-vor\\\/\"]}]},{\"@type\":\"ImageObject\",\"inLanguage\":\"de\",\"@id\":\"https:\\\/\\\/www.jazzzeitung.de\\\/cms\\\/2026\\\/04\\\/die-muenchner-techno-bigband-stellt-neues-himmlisches-programm-in-der-regensburger-dominikanerkirche-vor\\\/#primaryimage\",\"url\":\"https:\\\/\\\/i0.wp.com\\\/www.jazzzeitung.de\\\/cms\\\/wp-content\\\/uploads\\\/2026\\\/04\\\/Jazzrausch_scheiner-scaled.jpg?fit=1706%2C2560&ssl=1\",\"contentUrl\":\"https:\\\/\\\/i0.wp.com\\\/www.jazzzeitung.de\\\/cms\\\/wp-content\\\/uploads\\\/2026\\\/04\\\/Jazzrausch_scheiner-scaled.jpg?fit=1706%2C2560&ssl=1\",\"width\":1706,\"height\":2560},{\"@type\":\"BreadcrumbList\",\"@id\":\"https:\\\/\\\/www.jazzzeitung.de\\\/cms\\\/2026\\\/04\\\/die-muenchner-techno-bigband-stellt-neues-himmlisches-programm-in-der-regensburger-dominikanerkirche-vor\\\/#breadcrumb\",\"itemListElement\":[{\"@type\":\"ListItem\",\"position\":1,\"name\":\"Startseite\",\"item\":\"https:\\\/\\\/www.jazzzeitung.de\\\/cms\\\/\"},{\"@type\":\"ListItem\",\"position\":2,\"name\":\"Die M\u00fcnchner Techno-Bigband stellt neues \u201ehimmlisches\u201c Programm in der Regensburger Dominikanerkirche vor\"}]},{\"@type\":\"WebSite\",\"@id\":\"https:\\\/\\\/www.jazzzeitung.de\\\/cms\\\/#website\",\"url\":\"https:\\\/\\\/www.jazzzeitung.de\\\/cms\\\/\",\"name\":\"JazzZeitung\",\"description\":\"Jazz-News und Jazz-Kontroverses\",\"publisher\":{\"@id\":\"https:\\\/\\\/www.jazzzeitung.de\\\/cms\\\/#organization\"},\"potentialAction\":[{\"@type\":\"SearchAction\",\"target\":{\"@type\":\"EntryPoint\",\"urlTemplate\":\"https:\\\/\\\/www.jazzzeitung.de\\\/cms\\\/?s={search_term_string}\"},\"query-input\":{\"@type\":\"PropertyValueSpecification\",\"valueRequired\":true,\"valueName\":\"search_term_string\"}}],\"inLanguage\":\"de\"},{\"@type\":\"Organization\",\"@id\":\"https:\\\/\\\/www.jazzzeitung.de\\\/cms\\\/#organization\",\"name\":\"JazzZeitung online\",\"url\":\"https:\\\/\\\/www.jazzzeitung.de\\\/cms\\\/\",\"logo\":{\"@type\":\"ImageObject\",\"inLanguage\":\"de\",\"@id\":\"https:\\\/\\\/www.jazzzeitung.de\\\/cms\\\/#\\\/schema\\\/logo\\\/image\\\/\",\"url\":\"https:\\\/\\\/i0.wp.com\\\/www.jazzzeitung.de\\\/cms\\\/wp-content\\\/uploads\\\/2015\\\/08\\\/JAZZZEITUNGDE_Logo_Neu.png?fit=499%2C200&ssl=1\",\"contentUrl\":\"https:\\\/\\\/i0.wp.com\\\/www.jazzzeitung.de\\\/cms\\\/wp-content\\\/uploads\\\/2015\\\/08\\\/JAZZZEITUNGDE_Logo_Neu.png?fit=499%2C200&ssl=1\",\"width\":499,\"height\":200,\"caption\":\"JazzZeitung online\"},\"image\":{\"@id\":\"https:\\\/\\\/www.jazzzeitung.de\\\/cms\\\/#\\\/schema\\\/logo\\\/image\\\/\"},\"sameAs\":[\"https:\\\/\\\/www.facebook.com\\\/JazzZeitung\\\/\"]},{\"@type\":\"Person\",\"@id\":\"https:\\\/\\\/www.jazzzeitung.de\\\/cms\\\/#\\\/schema\\\/person\\\/a0bebd4d1728041629a3cbd7790f87fb\",\"name\":\"Michael Scheiner\",\"image\":{\"@type\":\"ImageObject\",\"inLanguage\":\"de\",\"@id\":\"https:\\\/\\\/secure.gravatar.com\\\/avatar\\\/c2d6ac12f682c419867cf3f803880bb41d5b23007d3670820aa9a6e7b5f6ec8d?s=96&d=wp_user_avatar&r=gdabb1b10453880983dfc53da7552ec76\",\"url\":\"https:\\\/\\\/secure.gravatar.com\\\/avatar\\\/c2d6ac12f682c419867cf3f803880bb41d5b23007d3670820aa9a6e7b5f6ec8d?s=96&d=wp_user_avatar&r=g\",\"contentUrl\":\"https:\\\/\\\/secure.gravatar.com\\\/avatar\\\/c2d6ac12f682c419867cf3f803880bb41d5b23007d3670820aa9a6e7b5f6ec8d?s=96&d=wp_user_avatar&r=g\",\"caption\":\"Michael Scheiner\"},\"sameAs\":[\"http:\\\/\\\/www.michaelscheiner.de\"],\"url\":\"https:\\\/\\\/www.jazzzeitung.de\\\/cms\\\/author\\\/mscheiner\\\/\"}]}<\/script>\n<!-- \/ Yoast SEO plugin. -->","yoast_head_json":{"title":"Die M\u00fcnchner Techno-Bigband stellt neues \u201ehimmlisches\u201c Programm in der Regensburger Dominikanerkirche vor - JazzZeitung","robots":{"index":"index","follow":"follow","max-snippet":"max-snippet:-1","max-image-preview":"max-image-preview:large","max-video-preview":"max-video-preview:-1"},"canonical":"https:\/\/www.jazzzeitung.de\/cms\/2026\/04\/die-muenchner-techno-bigband-stellt-neues-himmlisches-programm-in-der-regensburger-dominikanerkirche-vor\/","og_locale":"de_DE","og_type":"article","og_title":"Die M\u00fcnchner Techno-Bigband stellt neues \u201ehimmlisches\u201c Programm in der Regensburger Dominikanerkirche vor - JazzZeitung","og_description":"Die ein wenig versteckt in der Predigergasse liegende Dominikanerkirche St. Blasius war bisher keineswegs als Hort \u00fcbersch\u00e4umender Lebensfreude und unb\u00e4ndiger Bewegungslust bekannt. Seit letztem Wochenende ist das anders. Schon vor dem Konzert der in M\u00fcnchen beheimateten Jazzrausch Bigband, die den bewusstseinsver\u00e4ndernden Zustand bereits im Namen tr\u00e4gt, hatten sich vor dem schmalen Eingang am Albertus-Magnus-Platz lange Menschenschlangen gebildet. Geduldig warteten sie auf Einlass in die nur selten zug\u00e4ngliche fr\u00fchgotische Basilika. Es war, wie es eine \u00e4ltere Besucherin zur\u00fcckhaltend ausdr\u00fcckte, \u201eein ganz besonderes Erlebnis\u201c. Das war vom Ort, der nach vorne zum Altar gerichteten B\u00e4nke, der f\u00fcr fast die H\u00e4lftedes Publikums ungewohnten Musikmischung aus Jazz und technoiden Grooves bis hin zur Form der Musikaufnahme in der Tat. Bevor sich die Besuchenden einen Platz in dem von drau\u00dfen erhellten Kirchenraum einen Platz suchen konnten, bekamen sie von Mitgliedern der Bigband einen Kopfh\u00f6rer mit dem Hinweis in die Hand gedr\u00fcckt, dass ein Teil der Musik nur \u00fcber dieses Hilfsmittel zu h\u00f6ren sei. Mittig im Hauptschiff, wo sich Haupt- und Quergang kreuzen, war eine eher kleine B\u00fchne aus mehreren Elementen aufgebaut, die \u2013 wie sich wenig sp\u00e4ter herausstellte \u2013 Platz &hellip;","og_url":"https:\/\/www.jazzzeitung.de\/cms\/2026\/04\/die-muenchner-techno-bigband-stellt-neues-himmlisches-programm-in-der-regensburger-dominikanerkirche-vor\/","og_site_name":"JazzZeitung","article_publisher":"https:\/\/www.facebook.com\/JazzZeitung\/","article_published_time":"2026-04-30T15:45:52+00:00","og_image":[{"width":1706,"height":2560,"url":"https:\/\/i0.wp.com\/www.jazzzeitung.de\/cms\/wp-content\/uploads\/2026\/04\/Jazzrausch_scheiner-scaled.jpg?fit=1706%2C2560&ssl=1","type":"image\/jpeg"}],"author":"Michael Scheiner","schema":{"@context":"https:\/\/schema.org","@graph":[{"@type":"Article","@id":"https:\/\/www.jazzzeitung.de\/cms\/2026\/04\/die-muenchner-techno-bigband-stellt-neues-himmlisches-programm-in-der-regensburger-dominikanerkirche-vor\/#article","isPartOf":{"@id":"https:\/\/www.jazzzeitung.de\/cms\/2026\/04\/die-muenchner-techno-bigband-stellt-neues-himmlisches-programm-in-der-regensburger-dominikanerkirche-vor\/"},"author":{"name":"Michael Scheiner","@id":"https:\/\/www.jazzzeitung.de\/cms\/#\/schema\/person\/a0bebd4d1728041629a3cbd7790f87fb"},"headline":"Die M\u00fcnchner Techno-Bigband stellt neues \u201ehimmlisches\u201c Programm in der Regensburger Dominikanerkirche vor","datePublished":"2026-04-30T15:45:52+00:00","mainEntityOfPage":{"@id":"https:\/\/www.jazzzeitung.de\/cms\/2026\/04\/die-muenchner-techno-bigband-stellt-neues-himmlisches-programm-in-der-regensburger-dominikanerkirche-vor\/"},"wordCount":644,"commentCount":0,"publisher":{"@id":"https:\/\/www.jazzzeitung.de\/cms\/#organization"},"image":{"@id":"https:\/\/www.jazzzeitung.de\/cms\/2026\/04\/die-muenchner-techno-bigband-stellt-neues-himmlisches-programm-in-der-regensburger-dominikanerkirche-vor\/#primaryimage"},"thumbnailUrl":"https:\/\/i0.wp.com\/www.jazzzeitung.de\/cms\/wp-content\/uploads\/2026\/04\/Jazzrausch_scheiner-scaled.jpg?fit=1706%2C2560&ssl=1","keywords":["Dominikanerkirche","Jazzrausch","Roman Sladek"],"articleSection":["Bericht"],"inLanguage":"de","potentialAction":[{"@type":"CommentAction","name":"Comment","target":["https:\/\/www.jazzzeitung.de\/cms\/2026\/04\/die-muenchner-techno-bigband-stellt-neues-himmlisches-programm-in-der-regensburger-dominikanerkirche-vor\/#respond"]}]},{"@type":"WebPage","@id":"https:\/\/www.jazzzeitung.de\/cms\/2026\/04\/die-muenchner-techno-bigband-stellt-neues-himmlisches-programm-in-der-regensburger-dominikanerkirche-vor\/","url":"https:\/\/www.jazzzeitung.de\/cms\/2026\/04\/die-muenchner-techno-bigband-stellt-neues-himmlisches-programm-in-der-regensburger-dominikanerkirche-vor\/","name":"Die M\u00fcnchner Techno-Bigband stellt neues \u201ehimmlisches\u201c Programm in der Regensburger Dominikanerkirche vor - JazzZeitung","isPartOf":{"@id":"https:\/\/www.jazzzeitung.de\/cms\/#website"},"primaryImageOfPage":{"@id":"https:\/\/www.jazzzeitung.de\/cms\/2026\/04\/die-muenchner-techno-bigband-stellt-neues-himmlisches-programm-in-der-regensburger-dominikanerkirche-vor\/#primaryimage"},"image":{"@id":"https:\/\/www.jazzzeitung.de\/cms\/2026\/04\/die-muenchner-techno-bigband-stellt-neues-himmlisches-programm-in-der-regensburger-dominikanerkirche-vor\/#primaryimage"},"thumbnailUrl":"https:\/\/i0.wp.com\/www.jazzzeitung.de\/cms\/wp-content\/uploads\/2026\/04\/Jazzrausch_scheiner-scaled.jpg?fit=1706%2C2560&ssl=1","datePublished":"2026-04-30T15:45:52+00:00","breadcrumb":{"@id":"https:\/\/www.jazzzeitung.de\/cms\/2026\/04\/die-muenchner-techno-bigband-stellt-neues-himmlisches-programm-in-der-regensburger-dominikanerkirche-vor\/#breadcrumb"},"inLanguage":"de","potentialAction":[{"@type":"ReadAction","target":["https:\/\/www.jazzzeitung.de\/cms\/2026\/04\/die-muenchner-techno-bigband-stellt-neues-himmlisches-programm-in-der-regensburger-dominikanerkirche-vor\/"]}]},{"@type":"ImageObject","inLanguage":"de","@id":"https:\/\/www.jazzzeitung.de\/cms\/2026\/04\/die-muenchner-techno-bigband-stellt-neues-himmlisches-programm-in-der-regensburger-dominikanerkirche-vor\/#primaryimage","url":"https:\/\/i0.wp.com\/www.jazzzeitung.de\/cms\/wp-content\/uploads\/2026\/04\/Jazzrausch_scheiner-scaled.jpg?fit=1706%2C2560&ssl=1","contentUrl":"https:\/\/i0.wp.com\/www.jazzzeitung.de\/cms\/wp-content\/uploads\/2026\/04\/Jazzrausch_scheiner-scaled.jpg?fit=1706%2C2560&ssl=1","width":1706,"height":2560},{"@type":"BreadcrumbList","@id":"https:\/\/www.jazzzeitung.de\/cms\/2026\/04\/die-muenchner-techno-bigband-stellt-neues-himmlisches-programm-in-der-regensburger-dominikanerkirche-vor\/#breadcrumb","itemListElement":[{"@type":"ListItem","position":1,"name":"Startseite","item":"https:\/\/www.jazzzeitung.de\/cms\/"},{"@type":"ListItem","position":2,"name":"Die M\u00fcnchner Techno-Bigband stellt neues \u201ehimmlisches\u201c Programm in der Regensburger Dominikanerkirche vor"}]},{"@type":"WebSite","@id":"https:\/\/www.jazzzeitung.de\/cms\/#website","url":"https:\/\/www.jazzzeitung.de\/cms\/","name":"JazzZeitung","description":"Jazz-News und Jazz-Kontroverses","publisher":{"@id":"https:\/\/www.jazzzeitung.de\/cms\/#organization"},"potentialAction":[{"@type":"SearchAction","target":{"@type":"EntryPoint","urlTemplate":"https:\/\/www.jazzzeitung.de\/cms\/?s={search_term_string}"},"query-input":{"@type":"PropertyValueSpecification","valueRequired":true,"valueName":"search_term_string"}}],"inLanguage":"de"},{"@type":"Organization","@id":"https:\/\/www.jazzzeitung.de\/cms\/#organization","name":"JazzZeitung online","url":"https:\/\/www.jazzzeitung.de\/cms\/","logo":{"@type":"ImageObject","inLanguage":"de","@id":"https:\/\/www.jazzzeitung.de\/cms\/#\/schema\/logo\/image\/","url":"https:\/\/i0.wp.com\/www.jazzzeitung.de\/cms\/wp-content\/uploads\/2015\/08\/JAZZZEITUNGDE_Logo_Neu.png?fit=499%2C200&ssl=1","contentUrl":"https:\/\/i0.wp.com\/www.jazzzeitung.de\/cms\/wp-content\/uploads\/2015\/08\/JAZZZEITUNGDE_Logo_Neu.png?fit=499%2C200&ssl=1","width":499,"height":200,"caption":"JazzZeitung online"},"image":{"@id":"https:\/\/www.jazzzeitung.de\/cms\/#\/schema\/logo\/image\/"},"sameAs":["https:\/\/www.facebook.com\/JazzZeitung\/"]},{"@type":"Person","@id":"https:\/\/www.jazzzeitung.de\/cms\/#\/schema\/person\/a0bebd4d1728041629a3cbd7790f87fb","name":"Michael Scheiner","image":{"@type":"ImageObject","inLanguage":"de","@id":"https:\/\/secure.gravatar.com\/avatar\/c2d6ac12f682c419867cf3f803880bb41d5b23007d3670820aa9a6e7b5f6ec8d?s=96&d=wp_user_avatar&r=gdabb1b10453880983dfc53da7552ec76","url":"https:\/\/secure.gravatar.com\/avatar\/c2d6ac12f682c419867cf3f803880bb41d5b23007d3670820aa9a6e7b5f6ec8d?s=96&d=wp_user_avatar&r=g","contentUrl":"https:\/\/secure.gravatar.com\/avatar\/c2d6ac12f682c419867cf3f803880bb41d5b23007d3670820aa9a6e7b5f6ec8d?s=96&d=wp_user_avatar&r=g","caption":"Michael Scheiner"},"sameAs":["http:\/\/www.michaelscheiner.de"],"url":"https:\/\/www.jazzzeitung.de\/cms\/author\/mscheiner\/"}]}},"wp-worthy-pixel":{"ignored":false,"public":null,"server":null,"url":null},"wp-worthy-type":"normal","jetpack_publicize_connections":[],"cc_featured_image_caption":{"caption_text":"","source_text":"","source_url":""},"jetpack_featured_media_url":"https:\/\/i0.wp.com\/www.jazzzeitung.de\/cms\/wp-content\/uploads\/2026\/04\/Jazzrausch_scheiner-scaled.jpg?fit=1706%2C2560&ssl=1","jetpack_shortlink":"https:\/\/wp.me\/p3KEcT-8NV","jetpack-related-posts":[{"id":30439,"url":"https:\/\/www.jazzzeitung.de\/cms\/2023\/12\/alle-jahre-wieder-weihnachtskonzert-der-jazzrausch-bigband-und-der-muenchner-symphoniker\/","url_meta":{"origin":33847,"position":0},"title":"Alle Jahre wieder \u2013 Weihnachtskonzert der Jazzrausch-Bigband und der M\u00fcnchner Symphoniker","author":"Redaktion JazzZeitung","date":"30. Dezember 2023","format":false,"excerpt":"Alle Jahre wieder... kommt nicht nur das Christuskind, sondern auch die Jazzrausch-Bigband. N\u00e4mlich zu swingenden Weihnachtskonzerten. Und das von Anfang an, seit ihrer Gr\u00fcndung 2014, und mittlerweile auch deutschlandweit. Der so umtriebige wie gesch\u00e4ftst\u00fcchtige Band-Gr\u00fcnder und -Leiter Roman Sladek ist mit seinem Weihnachts-Projekt auch beim weihnachtsaffinen Label ACT auf offene\u2026","rel":"","context":"In &quot;Bericht&quot;","block_context":{"text":"Bericht","link":"https:\/\/www.jazzzeitung.de\/cms\/thema\/bericht\/"},"img":{"alt_text":"","src":"https:\/\/i0.wp.com\/www.jazzzeitung.de\/cms\/wp-content\/uploads\/2023\/12\/JRBBMSymphoniker%C2%A9Godehard.Lutz%40bayern-mail.de_20231216_190017A-scaled.jpg?fit=1200%2C900&ssl=1&resize=350%2C200","width":350,"height":200,"srcset":"https:\/\/i0.wp.com\/www.jazzzeitung.de\/cms\/wp-content\/uploads\/2023\/12\/JRBBMSymphoniker%C2%A9Godehard.Lutz%40bayern-mail.de_20231216_190017A-scaled.jpg?fit=1200%2C900&ssl=1&resize=350%2C200 1x, https:\/\/i0.wp.com\/www.jazzzeitung.de\/cms\/wp-content\/uploads\/2023\/12\/JRBBMSymphoniker%C2%A9Godehard.Lutz%40bayern-mail.de_20231216_190017A-scaled.jpg?fit=1200%2C900&ssl=1&resize=525%2C300 1.5x, https:\/\/i0.wp.com\/www.jazzzeitung.de\/cms\/wp-content\/uploads\/2023\/12\/JRBBMSymphoniker%C2%A9Godehard.Lutz%40bayern-mail.de_20231216_190017A-scaled.jpg?fit=1200%2C900&ssl=1&resize=700%2C400 2x, https:\/\/i0.wp.com\/www.jazzzeitung.de\/cms\/wp-content\/uploads\/2023\/12\/JRBBMSymphoniker%C2%A9Godehard.Lutz%40bayern-mail.de_20231216_190017A-scaled.jpg?fit=1200%2C900&ssl=1&resize=1050%2C600 3x"},"classes":[]},{"id":25309,"url":"https:\/\/www.jazzzeitung.de\/cms\/2021\/08\/nicht-nur-fuer-bauch-beine-po-muenchner-band-jazzrausch-waehrend-deutschlandtour-zu-gast-in-regensburg\/","url_meta":{"origin":33847,"position":1},"title":"Nicht nur f\u00fcr Bauch, Beine, Po &#8211; M\u00fcnchner Band Jazzrausch w\u00e4hrend Deutschlandtour zu Gast in Regensburg","author":"Andreas Kolb","date":"6. August 2021","format":false,"excerpt":"Es gibt Musik im 4\/4-Takt, im 3\/4-Takt und im Jazz auch gerne balkanesk-angehauchte 5\/4- oder 7\/8-Takte. Die Jazzrausch Bigband l\u00e4sst alle diese M\u00f6glichkeiten links liegen und hat sich von Beginn an spezialisiert auf den 1\/1-Takt, sprich auf Techno-Grooves. Auf stupide Beats per minutes l\u00e4sst sich diese Formation aber nicht herunterrechnen.\u2026","rel":"","context":"In &quot;Bericht&quot;","block_context":{"text":"Bericht","link":"https:\/\/www.jazzzeitung.de\/cms\/thema\/bericht\/"},"img":{"alt_text":"","src":"https:\/\/i0.wp.com\/www.jazzzeitung.de\/cms\/wp-content\/uploads\/2021\/08\/Jazzrausch-Bigband-Foto-van-Loon07.jpg?fit=1134%2C757&ssl=1&resize=350%2C200","width":350,"height":200,"srcset":"https:\/\/i0.wp.com\/www.jazzzeitung.de\/cms\/wp-content\/uploads\/2021\/08\/Jazzrausch-Bigband-Foto-van-Loon07.jpg?fit=1134%2C757&ssl=1&resize=350%2C200 1x, https:\/\/i0.wp.com\/www.jazzzeitung.de\/cms\/wp-content\/uploads\/2021\/08\/Jazzrausch-Bigband-Foto-van-Loon07.jpg?fit=1134%2C757&ssl=1&resize=525%2C300 1.5x, https:\/\/i0.wp.com\/www.jazzzeitung.de\/cms\/wp-content\/uploads\/2021\/08\/Jazzrausch-Bigband-Foto-van-Loon07.jpg?fit=1134%2C757&ssl=1&resize=700%2C400 2x, https:\/\/i0.wp.com\/www.jazzzeitung.de\/cms\/wp-content\/uploads\/2021\/08\/Jazzrausch-Bigband-Foto-van-Loon07.jpg?fit=1134%2C757&ssl=1&resize=1050%2C600 3x"},"classes":[]},{"id":12815,"url":"https:\/\/www.jazzzeitung.de\/cms\/2017\/06\/musikalisches-elmsfeuer-auf-dem-technobeat\/","url_meta":{"origin":33847,"position":2},"title":"Musikalisches Elmsfeuer auf dem Technobeat","author":"Redaktion JazzZeitung","date":"30. Juni 2017","format":false,"excerpt":"Einer w\u00e4re wohl innerlich angewidert davongezogen. Mehr als hundert andere dagegen \u00fcberliessen sich lustvoll den harten Technobeats, mit denen die M\u00fcnchner Jazzrausch Bigband das Degginger in heftige Schwingungen versetzte. Der verstorbene Richard Wiedamann, eine Autorit\u00e4t in Sachen Jazz, sprach dem in den 90er Jahren aufgekommenen Techno und House jegliche Musikalit\u00e4t\u2026","rel":"","context":"In &quot;Bericht&quot;","block_context":{"text":"Bericht","link":"https:\/\/www.jazzzeitung.de\/cms\/thema\/bericht\/"},"img":{"alt_text":"","src":"https:\/\/i0.wp.com\/www.jazzzeitung.de\/cms\/wp-content\/uploads\/2017\/06\/Sladek-Roman_52-300x201.jpg?resize=350%2C200&ssl=1","width":350,"height":200},"classes":[]},{"id":13235,"url":"https:\/\/www.jazzzeitung.de\/cms\/2017\/08\/bmw-welt-young-artist-jazz-award-bringt-roman-sladek-zweimal-auf-die-buehnen-des-landes\/","url_meta":{"origin":33847,"position":3},"title":"BMW Welt Young Artist Jazz Award bringt Roman Sladek zweimal auf die B\u00fchnen des Landes","author":"Redaktion JazzZeitung","date":"9. August 2017","format":false,"excerpt":"Leipzig\/M\u00fcnchen. Roman Sladek, Preistr\u00e4ger des BMW Welt Young Artist Jazz Award 2017, wird als Teil des Preises am 14. Oktober im Werk 2 w\u00e4hrend der Leipziger Jazztage und am 23. Oktober im M\u00fcnchner Jazzclub Unterfahrt mit der Jazzrausch Bigband auftreten. Dar\u00fcber hinaus erh\u00e4lt das Nachwuchstalent 3.000 Euro als Preisgeld. Ausgew\u00e4hlt\u2026","rel":"","context":"In &quot;News&quot;","block_context":{"text":"News","link":"https:\/\/www.jazzzeitung.de\/cms\/thema\/nachrichten\/"},"img":{"alt_text":"","src":"https:\/\/i0.wp.com\/www.jazzzeitung.de\/cms\/wp-content\/uploads\/2017\/06\/Sladek-Roman_52-150x150.jpg?resize=350%2C200&ssl=1","width":350,"height":200},"classes":[]},{"id":14833,"url":"https:\/\/www.jazzzeitung.de\/cms\/2018\/01\/49-internationale-jazzwoche\/","url_meta":{"origin":33847,"position":4},"title":"Die 49. Internationale Jazzwoche Burghausen beginnt am 6. M\u00e4rz 2018","author":"Redaktion JazzZeitung","date":"24. Januar 2018","format":false,"excerpt":"Die 49. Ausgabe der Internationalen Jazzwoche in Burghausen findet heuer vom 6. bis 11. M\u00e4rz statt. Das Vorprogramm f\u00fcr den Auftritt der New Yorker Jazzrock-Band \u201eBlood, Sweat & Tears\u201c in der Wackerhalle am 7. M\u00e4rz wird am Tag davor beim Finale des 10. Europ\u00e4ischen Burghauser Nachwuchs-Jazzpreises ermittelt. Die Erstplatzierten des\u2026","rel":"","context":"In &quot;News&quot;","block_context":{"text":"News","link":"https:\/\/www.jazzzeitung.de\/cms\/thema\/nachrichten\/"},"img":{"alt_text":"","src":"https:\/\/i0.wp.com\/www.jazzzeitung.de\/cms\/wp-content\/uploads\/2018\/01\/bgh_pan_8002_cut.jpg?fit=1200%2C634&ssl=1&resize=350%2C200","width":350,"height":200,"srcset":"https:\/\/i0.wp.com\/www.jazzzeitung.de\/cms\/wp-content\/uploads\/2018\/01\/bgh_pan_8002_cut.jpg?fit=1200%2C634&ssl=1&resize=350%2C200 1x, https:\/\/i0.wp.com\/www.jazzzeitung.de\/cms\/wp-content\/uploads\/2018\/01\/bgh_pan_8002_cut.jpg?fit=1200%2C634&ssl=1&resize=525%2C300 1.5x, https:\/\/i0.wp.com\/www.jazzzeitung.de\/cms\/wp-content\/uploads\/2018\/01\/bgh_pan_8002_cut.jpg?fit=1200%2C634&ssl=1&resize=700%2C400 2x, https:\/\/i0.wp.com\/www.jazzzeitung.de\/cms\/wp-content\/uploads\/2018\/01\/bgh_pan_8002_cut.jpg?fit=1200%2C634&ssl=1&resize=1050%2C600 3x"},"classes":[]},{"id":18436,"url":"https:\/\/www.jazzzeitung.de\/cms\/2019\/01\/news-saalfelden-leogang-feierte-3-tage-jazz-jazzfest-in-rottweil-programm-nahezu-komplett-das-suedtirol-jazzfestival-2019-bespielt-neue-locations\/","url_meta":{"origin":33847,"position":5},"title":"+++ News: +++ Saalfelden Leogang feierte \u201e3 Tage Jazz&#8220; +++ Jazzfest in Rottweil &#8211; Programm nahezu komplett! +++ Das S\u00fcdtirol Jazzfestival 2019 bespielt neue Locations +++","author":"Redaktion JazzZeitung","date":"28. Januar 2019","format":false,"excerpt":"Die ersten \"Drei Tage Jazz\" in der Saalfelden Leogang 2019 Vom 18.-20. Januar 2019 ging das vierte \u201e3 Tage Jazz\" Festival in der Region Saalfelden Leogang\u00a0 inmitten des Salzburger Innergebirgs \u00fcber die B\u00fchne. Das Appetith\u00e4ppchen aufs gro\u00dfe Saalfeldener Sommerfestival ist aber auch schonaus den Kinderschuhen raus und wurde zum neuen\u2026","rel":"","context":"In &quot;News&quot;","block_context":{"text":"News","link":"https:\/\/www.jazzzeitung.de\/cms\/thema\/nachrichten\/"},"img":{"alt_text":"","src":"https:\/\/i0.wp.com\/www.jazzzeitung.de\/cms\/wp-content\/uploads\/2019\/01\/Veranstalter-JazzfestivalcJohannesRadlwimmer.jpg?fit=1200%2C800&ssl=1&resize=350%2C200","width":350,"height":200,"srcset":"https:\/\/i0.wp.com\/www.jazzzeitung.de\/cms\/wp-content\/uploads\/2019\/01\/Veranstalter-JazzfestivalcJohannesRadlwimmer.jpg?fit=1200%2C800&ssl=1&resize=350%2C200 1x, https:\/\/i0.wp.com\/www.jazzzeitung.de\/cms\/wp-content\/uploads\/2019\/01\/Veranstalter-JazzfestivalcJohannesRadlwimmer.jpg?fit=1200%2C800&ssl=1&resize=525%2C300 1.5x, https:\/\/i0.wp.com\/www.jazzzeitung.de\/cms\/wp-content\/uploads\/2019\/01\/Veranstalter-JazzfestivalcJohannesRadlwimmer.jpg?fit=1200%2C800&ssl=1&resize=700%2C400 2x, https:\/\/i0.wp.com\/www.jazzzeitung.de\/cms\/wp-content\/uploads\/2019\/01\/Veranstalter-JazzfestivalcJohannesRadlwimmer.jpg?fit=1200%2C800&ssl=1&resize=1050%2C600 3x"},"classes":[]}],"jetpack_sharing_enabled":true,"_links":{"self":[{"href":"https:\/\/www.jazzzeitung.de\/cms\/wp-json\/wp\/v2\/posts\/33847","targetHints":{"allow":["GET"]}}],"collection":[{"href":"https:\/\/www.jazzzeitung.de\/cms\/wp-json\/wp\/v2\/posts"}],"about":[{"href":"https:\/\/www.jazzzeitung.de\/cms\/wp-json\/wp\/v2\/types\/post"}],"author":[{"embeddable":true,"href":"https:\/\/www.jazzzeitung.de\/cms\/wp-json\/wp\/v2\/users\/37"}],"replies":[{"embeddable":true,"href":"https:\/\/www.jazzzeitung.de\/cms\/wp-json\/wp\/v2\/comments?post=33847"}],"version-history":[{"count":1,"href":"https:\/\/www.jazzzeitung.de\/cms\/wp-json\/wp\/v2\/posts\/33847\/revisions"}],"predecessor-version":[{"id":33849,"href":"https:\/\/www.jazzzeitung.de\/cms\/wp-json\/wp\/v2\/posts\/33847\/revisions\/33849"}],"wp:featuredmedia":[{"embeddable":true,"href":"https:\/\/www.jazzzeitung.de\/cms\/wp-json\/wp\/v2\/media\/33848"}],"wp:attachment":[{"href":"https:\/\/www.jazzzeitung.de\/cms\/wp-json\/wp\/v2\/media?parent=33847"}],"wp:term":[{"taxonomy":"category","embeddable":true,"href":"https:\/\/www.jazzzeitung.de\/cms\/wp-json\/wp\/v2\/categories?post=33847"},{"taxonomy":"post_tag","embeddable":true,"href":"https:\/\/www.jazzzeitung.de\/cms\/wp-json\/wp\/v2\/tags?post=33847"},{"taxonomy":"author","embeddable":true,"href":"https:\/\/www.jazzzeitung.de\/cms\/wp-json\/wp\/v2\/coauthors?post=33847"}],"curies":[{"name":"wp","href":"https:\/\/api.w.org\/{rel}","templated":true}]}}