{"id":33838,"date":"2026-04-28T09:09:16","date_gmt":"2026-04-28T07:09:16","guid":{"rendered":"https:\/\/www.jazzzeitung.de\/cms\/?p=33838"},"modified":"2026-04-28T09:10:45","modified_gmt":"2026-04-28T07:10:45","slug":"jazz-kommt-aus-afrika-zur-jazzahead-2026","status":"publish","type":"post","link":"https:\/\/www.jazzzeitung.de\/cms\/2026\/04\/jazz-kommt-aus-afrika-zur-jazzahead-2026\/","title":{"rendered":"Jazz kommt aus Afrika &#8211; zur jazzahead! 2026"},"content":{"rendered":"<p><span style=\"font-size: 1.125rem;\">(Von Kat Pfeiffer)\u00a0<\/span>Ein paar T\u00f6ne \u2013 und klar ist: Das ist Jazz. Doch wie klingt eine Menge, die \u00fcber Jazz verhandelt? So wie auf der jazzahead! 2026. In Halle 6 summt es wie in einem Bienenhaus \u2013 etwas lauter als im Vorjahr. Die jazzahead! verbindet Showcase-Festival, Club-Night in der Stadt, Branchentreffen, Workshops und Konferenz. Messe und Konferenz sind ausschlie\u00dflich Fachbesuchern vorbehalten. Vor Ort treffen sich Booker, Labels, Musikorganisationen, Vereine, Festivalmacher, Journalistinnen und Musiker. In diesem Jahr ist die jazzahead! 20 Jahre alt geworden und wirkt von Jahr zu Jahr internationaler.<\/p>\n<h3>Fr\u00fcher Meeting f\u00fcr deutsche Player<\/h3>\n<p>Die gr\u00f6\u00dfte Fachmesse Europas breitet sich weltweit aus. \u201ejazzahead! war am Anfang ein Meeting f\u00fcr deutsche Player\u201d, sagt Sybille Kornitschky, die treibende Kraft hinter jazzahead! \u201eWir hatten im ersten Jahr tats\u00e4chlich Teilnehmende aus drei L\u00e4ndern: Deutschland, Italien und \u00d6sterreich. Heute ist diese Veranstaltung weltweit die Nummer eins. Die Teilnehmenden kommen aus 62 L\u00e4ndern von allen f\u00fcnf Kontinenten. Das sind rund die 3.000 registrierte Teilnehmer, die anl\u00e4sslich der jazzahead! nach Bremen reisen. Im Rahmen des Festivals, weil wir auch ein stadtweites Festival produzieren, sind das \u00fcber 20.000 Menschen, die wir an diesem Wochenende bewegen. In diesem Jahr haben wir 160 Konzerte in drei Tagen und vier N\u00e4chten.\u201c<\/p>\n<p>Die Konzerte sind f\u00fcr jeden mit einer Eintrittskarte zug\u00e4nglich. Es werden die Messegel\u00e4nde, das Kulturzentrum Schlachthof und die Stadt Bremen bespielt. In diesem Jahr hat sich das Festival am Samstag in die Bremerhavener Klubs ausgebreitet \u2013 eine Hafenstadt, die durch die dort in der Vergangenheit stationierten Amerikaner eine eigene Jazzerinnerung pflegt.<\/p>\n<h3>Offene Formen<\/h3>\n<p>Alle m\u00f6glichen Jazz-Varianten sind zu h\u00f6ren. Von eher traditionellen Kl\u00e4ngen \u00fcber ethnische Interpretationen bis hin zu offenen Formen \u2013 zum kontemplativen oder aktiven Zuh\u00f6ren. Ob man sich am Freitagabend f\u00fcr die schwedische, polnische, britische oder afrikanische Club Night entscheidet oder f\u00fcr kleinere, einzelne Konzerte, ist auf jeden Fall Teil des Geschehens. Und dann gibt es noch die Jam-Session-N\u00e4chte &#8230;<\/p>\n<p>Mein Freitag-Weg f\u00fchrt mich durch den wundersch\u00f6nen Bremer St.-Petri-Dom, in dem ich zun\u00e4chst dem schwedischen Bachjazz Trio lausche, das moderne Jazz-Interpretationen von Kompositionen Johann Sebastian Bachs spielt. Das zweite Konzert geh\u00f6rt dem Duo Andrii Pokaz (p) und Magnus \u00d6str\u00f6m (dr). Es ist eine emotionale Lawine aus \u00f6stlichen, romantischen Klaviermelodien und rhythmischen Schlagzeugfantasien. Sp\u00e4ter geht es zum Bremer Ratskeller. Dort tritt die Sylwester Ostrowski &amp; Freddy Hendrix Jazz Brigade auf.<\/p>\n<h3>Partnerland Schweden<\/h3>\n<p>Jedes Jahr arbeitet die jazzahead! mit einem Partnerland zusammen. 2026 war das Schweden: mit eigenen K\u00fcnstler:innen, Beitr\u00e4gen zum Konferenzprogramm und einer sichtbaren Pr\u00e4senz in der Messehalle. Mit Beispielen aus der eigenen kultur- und sozialpolitischen Praxis, in der auch von rechten Politikern umstrittene Entscheidungen getroffen wurden, pl\u00e4dierte Schweden auf der Konferenz daf\u00fcr, K\u00fcnstler:innen zu st\u00e4rken, damit sie ihr Schaffen als gesellschaftliches Engagement und als Mission verstehen. Eine gute Nachricht f\u00fcr alle, die sich um Urheberrechte im Zusammenhang mit KI sorgen, kam aus dem Panel \u201eMusik und KI\u201c. Im Rahmen der STIM wurde ein erstes KI-Lizenzierungssystem vorgestellt. Es soll ein faires Training erm\u00f6glichen und durch ein Trackingsystem die legale Nutzung urheberrechtlich gesch\u00fctzter Werke durch KI sichern. Dem schwedischen Vorreiter sind inzwischen weitere Anbieter gefolgt. Es lohnt sich, dazu zu recherchieren.<\/p>\n<p>Am Nachmittag des letzten Tages hat Schweden den symbolischen Torch an die n\u00e4chsten, an die Region Baltikum \u00fcbergeben. Damit stehen die drei Partnerl\u00e4nder f\u00fcr das Jahr 2027 fest: Lettland, Litauen und Estland.<\/p>\n<div class=\"tiled-gallery type-rectangular tiled-gallery-unresized\" data-original-width=\"840\" data-carousel-extra='{&quot;blog_id&quot;:1,&quot;permalink&quot;:&quot;https:\\\/\\\/www.jazzzeitung.de\\\/cms\\\/2026\\\/04\\\/jazz-kommt-aus-afrika-zur-jazzahead-2026\\\/&quot;,&quot;likes_blog_id&quot;:55446655}' itemscope itemtype=\"http:\/\/schema.org\/ImageGallery\" > <div class=\"gallery-row\" style=\"width: 840px; height: 375px;\" data-original-width=\"840\" data-original-height=\"375\" > <div class=\"gallery-group images-1\" style=\"width: 561px; height: 375px;\" data-original-width=\"561\" data-original-height=\"375\" > <div class=\"tiled-gallery-item tiled-gallery-item-large\" itemprop=\"associatedMedia\" itemscope itemtype=\"http:\/\/schema.org\/ImageObject\"> <a href=\"https:\/\/www.jazzzeitung.de\/cms\/2026\/04\/jazz-kommt-aus-afrika-zur-jazzahead-2026\/ja26-andrii-pokaz-magnus-oestroem-m3b-gmbh-jens-schlenker_006-scaled\/\" border=\"0\" itemprop=\"url\"> <meta itemprop=\"width\" content=\"557\"> <meta itemprop=\"height\" content=\"371\"> <img decoding=\"async\" class=\"\" data-attachment-id=\"33842\" data-orig-file=\"https:\/\/www.jazzzeitung.de\/cms\/wp-content\/uploads\/2026\/04\/ja26-Andrii-Pokaz-Magnus-Oestroem-\u00a9M3B-GmbH-Jens-Schlenker_006-scaled-1.jpg\" data-orig-size=\"2560,1707\" data-comments-opened=\"1\" data-image-meta=\"{&quot;aperture&quot;:&quot;0&quot;,&quot;credit&quot;:&quot;&quot;,&quot;camera&quot;:&quot;&quot;,&quot;caption&quot;:&quot;&quot;,&quot;created_timestamp&quot;:&quot;0&quot;,&quot;copyright&quot;:&quot;&quot;,&quot;focal_length&quot;:&quot;0&quot;,&quot;iso&quot;:&quot;0&quot;,&quot;shutter_speed&quot;:&quot;0&quot;,&quot;title&quot;:&quot;&quot;,&quot;orientation&quot;:&quot;0&quot;}\" data-image-title=\"ja26-Andrii-Pokaz-Magnus-Oestroem-\u00a9M3B-GmbH-Jens-Schlenker_006-scaled\" data-image-description=\"\" data-medium-file=\"https:\/\/i0.wp.com\/www.jazzzeitung.de\/cms\/wp-content\/uploads\/2026\/04\/ja26-Andrii-Pokaz-Magnus-Oestroem-%C2%A9M3B-GmbH-Jens-Schlenker_006-scaled-1.jpg?fit=300%2C200&#038;ssl=1\" data-large-file=\"https:\/\/i0.wp.com\/www.jazzzeitung.de\/cms\/wp-content\/uploads\/2026\/04\/ja26-Andrii-Pokaz-Magnus-Oestroem-%C2%A9M3B-GmbH-Jens-Schlenker_006-scaled-1.jpg?fit=840%2C560&#038;ssl=1\" src=\"https:\/\/i0.wp.com\/www.jazzzeitung.de\/cms\/wp-content\/uploads\/2026\/04\/ja26-Andrii-Pokaz-Magnus-Oestroem-%C2%A9M3B-GmbH-Jens-Schlenker_006-scaled-1.jpg?w=557&#038;h=371&#038;ssl=1\" width=\"557\" height=\"371\" loading=\"lazy\" data-original-width=\"557\" data-original-height=\"371\" itemprop=\"http:\/\/schema.org\/image\" title=\"ja26-Andrii-Pokaz-Magnus-Oestroem-\u00a9M3B-GmbH-Jens-Schlenker_006-scaled\" alt=\"ja26-Andrii-Pokaz-Magnus-Oestroem-\u00a9M3B-GmbH-Jens-Schlenker_006-scaled\" style=\"width: 557px; height: 371px;\" \/> <\/a> <\/div> <\/div> <!-- close group --> <div class=\"gallery-group images-2\" style=\"width: 279px; height: 375px;\" data-original-width=\"279\" data-original-height=\"375\" > <div class=\"tiled-gallery-item tiled-gallery-item-large\" itemprop=\"associatedMedia\" itemscope itemtype=\"http:\/\/schema.org\/ImageObject\"> <a href=\"https:\/\/www.jazzzeitung.de\/cms\/2026\/04\/jazz-kommt-aus-afrika-zur-jazzahead-2026\/ja26-andrii-pokaz-magnus-oestroem-m3b-gmbh-jens-schlenker_001-scaled\/\" border=\"0\" itemprop=\"url\"> <meta itemprop=\"width\" content=\"275\"> <meta itemprop=\"height\" content=\"184\"> <img decoding=\"async\" class=\"\" data-attachment-id=\"33841\" data-orig-file=\"https:\/\/www.jazzzeitung.de\/cms\/wp-content\/uploads\/2026\/04\/ja26-Andrii-Pokaz-Magnus-Oestroem-\u00a9M3B-GmbH-Jens-Schlenker_001-scaled-1.jpg\" data-orig-size=\"2560,1707\" data-comments-opened=\"1\" data-image-meta=\"{&quot;aperture&quot;:&quot;0&quot;,&quot;credit&quot;:&quot;&quot;,&quot;camera&quot;:&quot;&quot;,&quot;caption&quot;:&quot;&quot;,&quot;created_timestamp&quot;:&quot;0&quot;,&quot;copyright&quot;:&quot;&quot;,&quot;focal_length&quot;:&quot;0&quot;,&quot;iso&quot;:&quot;0&quot;,&quot;shutter_speed&quot;:&quot;0&quot;,&quot;title&quot;:&quot;&quot;,&quot;orientation&quot;:&quot;0&quot;}\" data-image-title=\"ja26-Andrii-Pokaz-Magnus-Oestroem-\u00a9M3B-GmbH-Jens-Schlenker_001-scaled\" data-image-description=\"\" data-medium-file=\"https:\/\/i0.wp.com\/www.jazzzeitung.de\/cms\/wp-content\/uploads\/2026\/04\/ja26-Andrii-Pokaz-Magnus-Oestroem-%C2%A9M3B-GmbH-Jens-Schlenker_001-scaled-1.jpg?fit=300%2C200&#038;ssl=1\" data-large-file=\"https:\/\/i0.wp.com\/www.jazzzeitung.de\/cms\/wp-content\/uploads\/2026\/04\/ja26-Andrii-Pokaz-Magnus-Oestroem-%C2%A9M3B-GmbH-Jens-Schlenker_001-scaled-1.jpg?fit=840%2C560&#038;ssl=1\" src=\"https:\/\/i0.wp.com\/www.jazzzeitung.de\/cms\/wp-content\/uploads\/2026\/04\/ja26-Andrii-Pokaz-Magnus-Oestroem-%C2%A9M3B-GmbH-Jens-Schlenker_001-scaled-1.jpg?w=275&#038;h=184&#038;ssl=1\" width=\"275\" height=\"184\" loading=\"lazy\" data-original-width=\"275\" data-original-height=\"184\" itemprop=\"http:\/\/schema.org\/image\" title=\"ja26-Andrii-Pokaz-Magnus-Oestroem-\u00a9M3B-GmbH-Jens-Schlenker_001-scaled\" alt=\"ja26-Andrii-Pokaz-Magnus-Oestroem-\u00a9M3B-GmbH-Jens-Schlenker_001-scaled\" style=\"width: 275px; height: 184px;\" \/> <\/a> <\/div> <div class=\"tiled-gallery-item tiled-gallery-item-large\" itemprop=\"associatedMedia\" itemscope itemtype=\"http:\/\/schema.org\/ImageObject\"> <a href=\"https:\/\/www.jazzzeitung.de\/cms\/2026\/04\/jazz-kommt-aus-afrika-zur-jazzahead-2026\/ja26_sydney-mavundla-_-m3b-gmbh_jens-schlenker_005-scaled\/\" border=\"0\" itemprop=\"url\"> <meta itemprop=\"width\" content=\"275\"> <meta itemprop=\"height\" content=\"183\"> <img decoding=\"async\" class=\"\" data-attachment-id=\"33840\" data-orig-file=\"https:\/\/www.jazzzeitung.de\/cms\/wp-content\/uploads\/2026\/04\/ja26_Sydney-Mavundla-_\u00a9-M3B-GmbH_Jens-Schlenker_005-scaled-1.jpg\" data-orig-size=\"2560,1707\" data-comments-opened=\"1\" data-image-meta=\"{&quot;aperture&quot;:&quot;0&quot;,&quot;credit&quot;:&quot;&quot;,&quot;camera&quot;:&quot;&quot;,&quot;caption&quot;:&quot;&quot;,&quot;created_timestamp&quot;:&quot;0&quot;,&quot;copyright&quot;:&quot;&quot;,&quot;focal_length&quot;:&quot;0&quot;,&quot;iso&quot;:&quot;0&quot;,&quot;shutter_speed&quot;:&quot;0&quot;,&quot;title&quot;:&quot;&quot;,&quot;orientation&quot;:&quot;0&quot;}\" data-image-title=\"ja26_Sydney-Mavundla-_\u00a9-M3B-GmbH_Jens-Schlenker_005-scaled\" data-image-description=\"\" data-medium-file=\"https:\/\/i0.wp.com\/www.jazzzeitung.de\/cms\/wp-content\/uploads\/2026\/04\/ja26_Sydney-Mavundla-_%C2%A9-M3B-GmbH_Jens-Schlenker_005-scaled-1.jpg?fit=300%2C200&#038;ssl=1\" data-large-file=\"https:\/\/i0.wp.com\/www.jazzzeitung.de\/cms\/wp-content\/uploads\/2026\/04\/ja26_Sydney-Mavundla-_%C2%A9-M3B-GmbH_Jens-Schlenker_005-scaled-1.jpg?fit=840%2C560&#038;ssl=1\" src=\"https:\/\/i0.wp.com\/www.jazzzeitung.de\/cms\/wp-content\/uploads\/2026\/04\/ja26_Sydney-Mavundla-_%C2%A9-M3B-GmbH_Jens-Schlenker_005-scaled-1.jpg?w=275&#038;h=183&#038;ssl=1\" width=\"275\" height=\"183\" loading=\"lazy\" data-original-width=\"275\" data-original-height=\"183\" itemprop=\"http:\/\/schema.org\/image\" title=\"ja26_Sydney-Mavundla-_\u00a9-M3B-GmbH_Jens-Schlenker_005-scaled\" alt=\"ja26_Sydney-Mavundla-_\u00a9-M3B-GmbH_Jens-Schlenker_005-scaled\" style=\"width: 275px; height: 183px;\" \/> <\/a> <\/div> <\/div> <!-- close group --> <\/div> <!-- close row --> <\/div>\n<p>Drei Jahre lang hat sich die jazzahead! auch thematisch mit dem afrikanischen Kontinent besch\u00e4ftigt. Es wurde \u00fcber den Weg der Musik von Afrika \u00fcber den Atlantik und Amerika nach Europa, \u00fcber die Entwicklungen des Jazz und \u00fcber die aktuellen interkontinentalen Businessm\u00f6glichkeiten diskutiert. \u201eWir haben dieses Thema \u00fcber drei Jahre hinweg verfolgt und jetzt gibt es ein richtiges Netzwerk!\u201d, so Kornitschky. Wie es um den asiatischen Pazifikraum steht, werden wir zwischen 2027 und 2029 erfahren. Der Fokus liegt unter anderem auf Japan, Korea und Australien. \u201eWir denken in Netzwerken, wir motivieren Netzwerke, um besser miteinander zu arbeiten oder rufen sie gar erst ins Leben\u201c, f\u00fchrt die Leiterin weiter aus.<\/p>\n<h3>Deutscher Jazzpreis<\/h3>\n<p>Auch der Deutscher Jazzpreis kehrte von K\u00f6ln nach Bremen zur\u00fcck. Zum sechsten Mal wurden die Auszeichnungen verliehen. Erstmals f\u00fchrten die Journalistin, Schauspielerin und Moderatorin Thelma Buabeng und der Musikjournalist sowie Artistic Advisor der jazzahead!, G\u00f6tz B\u00fchler, gemeinsam durch den Abend. Am Samstag, 25. April (am Geburtstag von Ella Fitzgerald!) wurden im Congress Centrum Bremen die Namen bekannt gegeben und 22 Preise vergeben. Das entspricht der neuen Aufteilung: den 22 Kategorien, die unter die 5 Hauptkategorien geordnet sind. Das Sch\u00f6ne daran ist, dass die Preisgelder, zu denen auch die GEMA beitragt, nicht nur an die Gewinner, sondern auch an die Nominierten vergeben werden. Der DJP steht f\u00fcr die W\u00fcrdigung von Tradition, Interkulturalit\u00e4t, die St\u00e4rkung des Jazz, die Freiheit und Vielfalt. Herzliche Gl\u00fcckw\u00fcnsche an alle ausgezeichneten K\u00fcnstler!<\/p>\n<p>Die DJP-Preisverleihung kann man hier ansehen:\u00a0 <a href=\"https:\/\/www.youtube.com\/watch?v=GcR64a2hKeQ\">https:\/\/www.youtube.com\/watch?v=GcR64a2hKeQ<\/a><\/p>\n<p>Ich schleiche mich langsam raus und gehe zum Nacht Showcase und zum Konzert von Israeli Pianistin Sharon Mansur Trio. Erstaunlich, wie eine so filigrane Frau einen derart pr\u00e4gnanten Klang hervorbringt! Sie spielt Fl\u00fcgel und verbindet dessen Sound mit dem Synthesizer, mit dem sie nah\u00f6stliche Kl\u00e4nge elektronisch moduliert. Ihre Musik widmet sie der Sch\u00f6nheit der Welt und erinnert daran, dass selbst in den dunkelsten Momenten immer die Gnade des Lebens existiert.<\/p>\n<p>In Erinnerung bleibt mir die britische Saxophonistin Jasmine Myra: Harfenkl\u00e4nge wie bei Alice Coltrane oder Andreas Vollenweider, Musik \u00fcber die stets scheinende Sonne \u00fcber den Wolken. Zwei Saxophone und Fl\u00f6te wirken wie weiche Kissen, das Klavier erz\u00e4hlt schaukelnd vom Orient \u2013 tr\u00f6stlich.<\/p>\n<h3>Sprengung<\/h3>\n<p>Sorvina, New Yorkerin und Berlinerin, dagegen: Sie sprengt die Decke des Schlachthofs! Diese junge, amerikanische \u201eChurch Girl\u201c, wie sie sich selbst bezeichnet, bringt die Tradition der schwarzen amerikanischen Diaspora auf die B\u00fchne und verbindet dabei das musikalische Erbe von Soul, Rap und der Hip-Hop-Szene der zweiten H\u00e4lfte des vergangenen Jahrhunderts, wie etwa \u201eDoo Wop\u201c von Lauryn Hill. Sie ist MC, verbindet Herzen \u2013 und springt erstaunlich hoch!<\/p>\n<p>Der s\u00fcdafrikanische Trompeter und S\u00e4nger Sydney Mavundla mit seiner Band pr\u00e4sentiert in Bremen ein musikalisches, indigenes Storytelling. \u201eDirge for Our Fathers\u201c hei\u00dft sein letztes Album. Und bei der stylischen Band SAHAD aus dem Senegal wird zu ihren modernen funky Afrobeat-Grooves heftig getanzt.<\/p>\n<p>\u201eDiese Musik, die wir alle lieben, und das ist eben unsere shared passion, die l\u00e4sst sich nicht in Schubladen stecken und das ist auch gut so. Junge Menschen sagen nicht, dass sie das eine oder das andere Genre h\u00f6ren, die h\u00f6ren Musik, und wir m\u00fcssen von den H\u00f6rerinnen und H\u00f6rer lernen um die Zukunft f\u00fcr Jazz zu gestalten\u201c, sagt die Leiterin der jazzahead!<\/p>\n<p>Alles Beste zum 20. Geburtstag, jazzahead!<\/p>\n<p>Wer nach Bremen nicht kam: ab Juni wird man die Showcase Konzerte 2026 auf dem jazzahead! Youtubekanal ansehen k\u00f6nnen: <a href=\"https:\/\/www.youtube.com\/@jazzaheadtradefair\">https:\/\/www.youtube.com\/@jazzaheadtradefair<\/a><\/p>\n<p>Einiges kann man auf der neuen <a href=\"https:\/\/u24646789.ct.sendgrid.net\/ls\/click?upn=u001.DHo4pOv9yTwSBrJliv1KFwyuezepKxBwiQEO4efzUhQ-3D4umA_i2uggmMKGJXTp4njWOM4yy93AJG3XU0j5sswklmc-2FZmaV6vsbZRtwfCAEqmQpnpL2GpBw2mRei4tB-2Bynr9mPd6yuUo6431To8Kq-2BF2q0Kn4t1xul08zNzwRyEvfua9KKBpJobYmVxwNvB2LKYO1vYJaSdUCeYuffaOBMXPvssn-2F6xgQCG-2FJhjxD8ZCsSEjbryEUGfxRToHYhejzf-2FeBWWQ-3D-3D\">ardjazz.de<\/a>\u00a0 Platform schon jetzt abrufen.<\/p>\n<p>Die n\u00e4chste jazzahead! findet vom 21. bis 24. April 2027 statt.<\/p>\n","protected":false},"excerpt":{"rendered":"<p>(Von Kat Pfeiffer)\u00a0Ein paar T\u00f6ne \u2013 und klar ist: Das ist Jazz. Doch wie klingt eine Menge, die \u00fcber Jazz verhandelt? So wie auf der jazzahead! 2026. In Halle 6 summt es wie in einem Bienenhaus \u2013 etwas lauter als im Vorjahr. Die jazzahead! verbindet Showcase-Festival, Club-Night in der Stadt, Branchentreffen, Workshops und Konferenz. Messe und Konferenz sind ausschlie\u00dflich Fachbesuchern vorbehalten. Vor Ort treffen sich Booker, Labels, Musikorganisationen, Vereine, Festivalmacher, Journalistinnen und Musiker. In diesem Jahr ist die jazzahead! 20 Jahre alt geworden und wirkt von Jahr zu Jahr internationaler. Fr\u00fcher Meeting f\u00fcr deutsche Player Die gr\u00f6\u00dfte Fachmesse Europas breitet sich weltweit aus. \u201ejazzahead! war am Anfang ein Meeting f\u00fcr deutsche Player\u201d, sagt Sybille Kornitschky, die treibende Kraft hinter jazzahead! \u201eWir hatten im ersten Jahr tats\u00e4chlich Teilnehmende aus drei L\u00e4ndern: Deutschland, Italien und \u00d6sterreich. Heute ist diese Veranstaltung weltweit die Nummer eins. Die Teilnehmenden kommen aus 62 L\u00e4ndern von allen f\u00fcnf Kontinenten. Das sind rund die 3.000 registrierte Teilnehmer, die anl\u00e4sslich der jazzahead! nach Bremen reisen. Im Rahmen des Festivals, weil wir auch ein stadtweites Festival produzieren, sind das \u00fcber 20.000 Menschen, die wir an &hellip;<\/p>\n","protected":false},"author":18,"featured_media":33839,"comment_status":"open","ping_status":"closed","sticky":false,"template":"","format":"standard","meta":{"_jetpack_memberships_contains_paid_content":false,"footnotes":"","jetpack_publicize_message":"","jetpack_publicize_feature_enabled":true,"jetpack_social_post_already_shared":true,"jetpack_social_options":{"image_generator_settings":{"template":"highway","default_image_id":0,"font":"","enabled":false},"version":2}},"categories":[1053],"tags":[1197,95,735,5783,2861,5784],"coauthors":[695],"class_list":["post-33838","post","type-post","status-publish","format-standard","has-post-thumbnail","hentry","category-bericht","tag-bericht","tag-bremen","tag-deutscher-jazzpreis","tag-jazzahead-2026","tag-jazzzeitung-de","tag-sorvina"],"yoast_head":"<!-- This site is optimized with the Yoast SEO plugin v27.4 - https:\/\/yoast.com\/product\/yoast-seo-wordpress\/ -->\n<title>Jazz kommt aus Afrika - zur jazzahead! 2026 - JazzZeitung<\/title>\n<meta name=\"robots\" content=\"index, follow, max-snippet:-1, max-image-preview:large, max-video-preview:-1\" \/>\n<link rel=\"canonical\" href=\"https:\/\/www.jazzzeitung.de\/cms\/2026\/04\/jazz-kommt-aus-afrika-zur-jazzahead-2026\/\" \/>\n<meta property=\"og:locale\" content=\"de_DE\" \/>\n<meta property=\"og:type\" content=\"article\" \/>\n<meta property=\"og:title\" content=\"Jazz kommt aus Afrika - zur jazzahead! 2026 - JazzZeitung\" \/>\n<meta property=\"og:description\" content=\"(Von Kat Pfeiffer)\u00a0Ein paar T\u00f6ne \u2013 und klar ist: Das ist Jazz. Doch wie klingt eine Menge, die \u00fcber Jazz verhandelt? So wie auf der jazzahead! 2026. In Halle 6 summt es wie in einem Bienenhaus \u2013 etwas lauter als im Vorjahr. Die jazzahead! verbindet Showcase-Festival, Club-Night in der Stadt, Branchentreffen, Workshops und Konferenz. Messe und Konferenz sind ausschlie\u00dflich Fachbesuchern vorbehalten. Vor Ort treffen sich Booker, Labels, Musikorganisationen, Vereine, Festivalmacher, Journalistinnen und Musiker. In diesem Jahr ist die jazzahead! 20 Jahre alt geworden und wirkt von Jahr zu Jahr internationaler. Fr\u00fcher Meeting f\u00fcr deutsche Player Die gr\u00f6\u00dfte Fachmesse Europas breitet sich weltweit aus. \u201ejazzahead! war am Anfang ein Meeting f\u00fcr deutsche Player\u201d, sagt Sybille Kornitschky, die treibende Kraft hinter jazzahead! \u201eWir hatten im ersten Jahr tats\u00e4chlich Teilnehmende aus drei L\u00e4ndern: Deutschland, Italien und \u00d6sterreich. Heute ist diese Veranstaltung weltweit die Nummer eins. Die Teilnehmenden kommen aus 62 L\u00e4ndern von allen f\u00fcnf Kontinenten. Das sind rund die 3.000 registrierte Teilnehmer, die anl\u00e4sslich der jazzahead! nach Bremen reisen. Im Rahmen des Festivals, weil wir auch ein stadtweites Festival produzieren, sind das \u00fcber 20.000 Menschen, die wir an &hellip;\" \/>\n<meta property=\"og:url\" content=\"https:\/\/www.jazzzeitung.de\/cms\/2026\/04\/jazz-kommt-aus-afrika-zur-jazzahead-2026\/\" \/>\n<meta property=\"og:site_name\" content=\"JazzZeitung\" \/>\n<meta property=\"article:publisher\" content=\"https:\/\/www.facebook.com\/JazzZeitung\/\" \/>\n<meta property=\"article:published_time\" content=\"2026-04-28T07:09:16+00:00\" \/>\n<meta property=\"article:modified_time\" content=\"2026-04-28T07:10:45+00:00\" \/>\n<meta property=\"og:image\" content=\"https:\/\/www.jazzzeitung.de\/cms\/wp-content\/uploads\/2026\/04\/ja26_Sorvina-_\u00a9-M3B-GmbH_Jens-Schlenker_001-scaled-1.jpg\" \/>\n\t<meta property=\"og:image:width\" content=\"2560\" \/>\n\t<meta property=\"og:image:height\" content=\"1707\" \/>\n\t<meta property=\"og:image:type\" content=\"image\/jpeg\" \/>\n<meta name=\"author\" content=\"Redaktion JazzZeitung\" \/>\n<script type=\"application\/ld+json\" class=\"yoast-schema-graph\">{\"@context\":\"https:\\\/\\\/schema.org\",\"@graph\":[{\"@type\":\"Article\",\"@id\":\"https:\\\/\\\/www.jazzzeitung.de\\\/cms\\\/2026\\\/04\\\/jazz-kommt-aus-afrika-zur-jazzahead-2026\\\/#article\",\"isPartOf\":{\"@id\":\"https:\\\/\\\/www.jazzzeitung.de\\\/cms\\\/2026\\\/04\\\/jazz-kommt-aus-afrika-zur-jazzahead-2026\\\/\"},\"author\":{\"name\":\"Redaktion JazzZeitung\",\"@id\":\"https:\\\/\\\/www.jazzzeitung.de\\\/cms\\\/#\\\/schema\\\/person\\\/2245b36b9cd1d24cea10f01c031fb92b\"},\"headline\":\"Jazz kommt aus Afrika &#8211; zur jazzahead! 2026\",\"datePublished\":\"2026-04-28T07:09:16+00:00\",\"dateModified\":\"2026-04-28T07:10:45+00:00\",\"mainEntityOfPage\":{\"@id\":\"https:\\\/\\\/www.jazzzeitung.de\\\/cms\\\/2026\\\/04\\\/jazz-kommt-aus-afrika-zur-jazzahead-2026\\\/\"},\"wordCount\":1201,\"commentCount\":0,\"publisher\":{\"@id\":\"https:\\\/\\\/www.jazzzeitung.de\\\/cms\\\/#organization\"},\"image\":{\"@id\":\"https:\\\/\\\/www.jazzzeitung.de\\\/cms\\\/2026\\\/04\\\/jazz-kommt-aus-afrika-zur-jazzahead-2026\\\/#primaryimage\"},\"thumbnailUrl\":\"https:\\\/\\\/i0.wp.com\\\/www.jazzzeitung.de\\\/cms\\\/wp-content\\\/uploads\\\/2026\\\/04\\\/ja26_Sorvina-_%C2%A9-M3B-GmbH_Jens-Schlenker_001-scaled-1.jpg?fit=2560%2C1707&ssl=1\",\"keywords\":[\"Bericht\",\"Bremen\",\"Deutscher Jazzpreis\",\"jazzahead! 2026\",\"JazzZeitung.de\",\"Sorvina\"],\"articleSection\":[\"Bericht\"],\"inLanguage\":\"de\",\"potentialAction\":[{\"@type\":\"CommentAction\",\"name\":\"Comment\",\"target\":[\"https:\\\/\\\/www.jazzzeitung.de\\\/cms\\\/2026\\\/04\\\/jazz-kommt-aus-afrika-zur-jazzahead-2026\\\/#respond\"]}]},{\"@type\":\"WebPage\",\"@id\":\"https:\\\/\\\/www.jazzzeitung.de\\\/cms\\\/2026\\\/04\\\/jazz-kommt-aus-afrika-zur-jazzahead-2026\\\/\",\"url\":\"https:\\\/\\\/www.jazzzeitung.de\\\/cms\\\/2026\\\/04\\\/jazz-kommt-aus-afrika-zur-jazzahead-2026\\\/\",\"name\":\"Jazz kommt aus Afrika - zur jazzahead! 2026 - JazzZeitung\",\"isPartOf\":{\"@id\":\"https:\\\/\\\/www.jazzzeitung.de\\\/cms\\\/#website\"},\"primaryImageOfPage\":{\"@id\":\"https:\\\/\\\/www.jazzzeitung.de\\\/cms\\\/2026\\\/04\\\/jazz-kommt-aus-afrika-zur-jazzahead-2026\\\/#primaryimage\"},\"image\":{\"@id\":\"https:\\\/\\\/www.jazzzeitung.de\\\/cms\\\/2026\\\/04\\\/jazz-kommt-aus-afrika-zur-jazzahead-2026\\\/#primaryimage\"},\"thumbnailUrl\":\"https:\\\/\\\/i0.wp.com\\\/www.jazzzeitung.de\\\/cms\\\/wp-content\\\/uploads\\\/2026\\\/04\\\/ja26_Sorvina-_%C2%A9-M3B-GmbH_Jens-Schlenker_001-scaled-1.jpg?fit=2560%2C1707&ssl=1\",\"datePublished\":\"2026-04-28T07:09:16+00:00\",\"dateModified\":\"2026-04-28T07:10:45+00:00\",\"breadcrumb\":{\"@id\":\"https:\\\/\\\/www.jazzzeitung.de\\\/cms\\\/2026\\\/04\\\/jazz-kommt-aus-afrika-zur-jazzahead-2026\\\/#breadcrumb\"},\"inLanguage\":\"de\",\"potentialAction\":[{\"@type\":\"ReadAction\",\"target\":[\"https:\\\/\\\/www.jazzzeitung.de\\\/cms\\\/2026\\\/04\\\/jazz-kommt-aus-afrika-zur-jazzahead-2026\\\/\"]}]},{\"@type\":\"ImageObject\",\"inLanguage\":\"de\",\"@id\":\"https:\\\/\\\/www.jazzzeitung.de\\\/cms\\\/2026\\\/04\\\/jazz-kommt-aus-afrika-zur-jazzahead-2026\\\/#primaryimage\",\"url\":\"https:\\\/\\\/i0.wp.com\\\/www.jazzzeitung.de\\\/cms\\\/wp-content\\\/uploads\\\/2026\\\/04\\\/ja26_Sorvina-_%C2%A9-M3B-GmbH_Jens-Schlenker_001-scaled-1.jpg?fit=2560%2C1707&ssl=1\",\"contentUrl\":\"https:\\\/\\\/i0.wp.com\\\/www.jazzzeitung.de\\\/cms\\\/wp-content\\\/uploads\\\/2026\\\/04\\\/ja26_Sorvina-_%C2%A9-M3B-GmbH_Jens-Schlenker_001-scaled-1.jpg?fit=2560%2C1707&ssl=1\",\"width\":2560,\"height\":1707},{\"@type\":\"BreadcrumbList\",\"@id\":\"https:\\\/\\\/www.jazzzeitung.de\\\/cms\\\/2026\\\/04\\\/jazz-kommt-aus-afrika-zur-jazzahead-2026\\\/#breadcrumb\",\"itemListElement\":[{\"@type\":\"ListItem\",\"position\":1,\"name\":\"Startseite\",\"item\":\"https:\\\/\\\/www.jazzzeitung.de\\\/cms\\\/\"},{\"@type\":\"ListItem\",\"position\":2,\"name\":\"Jazz kommt aus Afrika &#8211; zur jazzahead! 2026\"}]},{\"@type\":\"WebSite\",\"@id\":\"https:\\\/\\\/www.jazzzeitung.de\\\/cms\\\/#website\",\"url\":\"https:\\\/\\\/www.jazzzeitung.de\\\/cms\\\/\",\"name\":\"JazzZeitung\",\"description\":\"Jazz-News und Jazz-Kontroverses\",\"publisher\":{\"@id\":\"https:\\\/\\\/www.jazzzeitung.de\\\/cms\\\/#organization\"},\"potentialAction\":[{\"@type\":\"SearchAction\",\"target\":{\"@type\":\"EntryPoint\",\"urlTemplate\":\"https:\\\/\\\/www.jazzzeitung.de\\\/cms\\\/?s={search_term_string}\"},\"query-input\":{\"@type\":\"PropertyValueSpecification\",\"valueRequired\":true,\"valueName\":\"search_term_string\"}}],\"inLanguage\":\"de\"},{\"@type\":\"Organization\",\"@id\":\"https:\\\/\\\/www.jazzzeitung.de\\\/cms\\\/#organization\",\"name\":\"JazzZeitung online\",\"url\":\"https:\\\/\\\/www.jazzzeitung.de\\\/cms\\\/\",\"logo\":{\"@type\":\"ImageObject\",\"inLanguage\":\"de\",\"@id\":\"https:\\\/\\\/www.jazzzeitung.de\\\/cms\\\/#\\\/schema\\\/logo\\\/image\\\/\",\"url\":\"https:\\\/\\\/i0.wp.com\\\/www.jazzzeitung.de\\\/cms\\\/wp-content\\\/uploads\\\/2015\\\/08\\\/JAZZZEITUNGDE_Logo_Neu.png?fit=499%2C200&ssl=1\",\"contentUrl\":\"https:\\\/\\\/i0.wp.com\\\/www.jazzzeitung.de\\\/cms\\\/wp-content\\\/uploads\\\/2015\\\/08\\\/JAZZZEITUNGDE_Logo_Neu.png?fit=499%2C200&ssl=1\",\"width\":499,\"height\":200,\"caption\":\"JazzZeitung online\"},\"image\":{\"@id\":\"https:\\\/\\\/www.jazzzeitung.de\\\/cms\\\/#\\\/schema\\\/logo\\\/image\\\/\"},\"sameAs\":[\"https:\\\/\\\/www.facebook.com\\\/JazzZeitung\\\/\"]},{\"@type\":\"Person\",\"@id\":\"https:\\\/\\\/www.jazzzeitung.de\\\/cms\\\/#\\\/schema\\\/person\\\/2245b36b9cd1d24cea10f01c031fb92b\",\"name\":\"Redaktion JazzZeitung\",\"image\":{\"@type\":\"ImageObject\",\"inLanguage\":\"de\",\"@id\":\"https:\\\/\\\/i0.wp.com\\\/www.jazzzeitung.de\\\/cms\\\/wp-content\\\/uploads\\\/2015\\\/08\\\/JAZZZEITUNGDE_Logo_Neu.png?resize=96%2C96&ssl=159975dcacb611b5700bd619b5daf0a7a\",\"url\":\"https:\\\/\\\/i0.wp.com\\\/www.jazzzeitung.de\\\/cms\\\/wp-content\\\/uploads\\\/2015\\\/08\\\/JAZZZEITUNGDE_Logo_Neu.png?resize=96%2C96&ssl=1\",\"contentUrl\":\"https:\\\/\\\/i0.wp.com\\\/www.jazzzeitung.de\\\/cms\\\/wp-content\\\/uploads\\\/2015\\\/08\\\/JAZZZEITUNGDE_Logo_Neu.png?resize=96%2C96&ssl=1\",\"caption\":\"Redaktion JazzZeitung\"},\"description\":\"Artikel der Redaktion der JazzZeitung.\",\"sameAs\":[\"http:\\\/\\\/www.jazzzeitung.de\\\/cms\\\/\"],\"url\":\"https:\\\/\\\/www.jazzzeitung.de\\\/cms\\\/author\\\/redaktion\\\/\"}]}<\/script>\n<!-- \/ Yoast SEO plugin. -->","yoast_head_json":{"title":"Jazz kommt aus Afrika - zur jazzahead! 2026 - JazzZeitung","robots":{"index":"index","follow":"follow","max-snippet":"max-snippet:-1","max-image-preview":"max-image-preview:large","max-video-preview":"max-video-preview:-1"},"canonical":"https:\/\/www.jazzzeitung.de\/cms\/2026\/04\/jazz-kommt-aus-afrika-zur-jazzahead-2026\/","og_locale":"de_DE","og_type":"article","og_title":"Jazz kommt aus Afrika - zur jazzahead! 2026 - JazzZeitung","og_description":"(Von Kat Pfeiffer)\u00a0Ein paar T\u00f6ne \u2013 und klar ist: Das ist Jazz. Doch wie klingt eine Menge, die \u00fcber Jazz verhandelt? So wie auf der jazzahead! 2026. In Halle 6 summt es wie in einem Bienenhaus \u2013 etwas lauter als im Vorjahr. Die jazzahead! verbindet Showcase-Festival, Club-Night in der Stadt, Branchentreffen, Workshops und Konferenz. Messe und Konferenz sind ausschlie\u00dflich Fachbesuchern vorbehalten. Vor Ort treffen sich Booker, Labels, Musikorganisationen, Vereine, Festivalmacher, Journalistinnen und Musiker. In diesem Jahr ist die jazzahead! 20 Jahre alt geworden und wirkt von Jahr zu Jahr internationaler. Fr\u00fcher Meeting f\u00fcr deutsche Player Die gr\u00f6\u00dfte Fachmesse Europas breitet sich weltweit aus. \u201ejazzahead! war am Anfang ein Meeting f\u00fcr deutsche Player\u201d, sagt Sybille Kornitschky, die treibende Kraft hinter jazzahead! \u201eWir hatten im ersten Jahr tats\u00e4chlich Teilnehmende aus drei L\u00e4ndern: Deutschland, Italien und \u00d6sterreich. Heute ist diese Veranstaltung weltweit die Nummer eins. Die Teilnehmenden kommen aus 62 L\u00e4ndern von allen f\u00fcnf Kontinenten. Das sind rund die 3.000 registrierte Teilnehmer, die anl\u00e4sslich der jazzahead! nach Bremen reisen. Im Rahmen des Festivals, weil wir auch ein stadtweites Festival produzieren, sind das \u00fcber 20.000 Menschen, die wir an &hellip;","og_url":"https:\/\/www.jazzzeitung.de\/cms\/2026\/04\/jazz-kommt-aus-afrika-zur-jazzahead-2026\/","og_site_name":"JazzZeitung","article_publisher":"https:\/\/www.facebook.com\/JazzZeitung\/","article_published_time":"2026-04-28T07:09:16+00:00","article_modified_time":"2026-04-28T07:10:45+00:00","og_image":[{"width":2560,"height":1707,"url":"https:\/\/www.jazzzeitung.de\/cms\/wp-content\/uploads\/2026\/04\/ja26_Sorvina-_\u00a9-M3B-GmbH_Jens-Schlenker_001-scaled-1.jpg","type":"image\/jpeg"}],"author":"Redaktion JazzZeitung","schema":{"@context":"https:\/\/schema.org","@graph":[{"@type":"Article","@id":"https:\/\/www.jazzzeitung.de\/cms\/2026\/04\/jazz-kommt-aus-afrika-zur-jazzahead-2026\/#article","isPartOf":{"@id":"https:\/\/www.jazzzeitung.de\/cms\/2026\/04\/jazz-kommt-aus-afrika-zur-jazzahead-2026\/"},"author":{"name":"Redaktion JazzZeitung","@id":"https:\/\/www.jazzzeitung.de\/cms\/#\/schema\/person\/2245b36b9cd1d24cea10f01c031fb92b"},"headline":"Jazz kommt aus Afrika &#8211; zur jazzahead! 2026","datePublished":"2026-04-28T07:09:16+00:00","dateModified":"2026-04-28T07:10:45+00:00","mainEntityOfPage":{"@id":"https:\/\/www.jazzzeitung.de\/cms\/2026\/04\/jazz-kommt-aus-afrika-zur-jazzahead-2026\/"},"wordCount":1201,"commentCount":0,"publisher":{"@id":"https:\/\/www.jazzzeitung.de\/cms\/#organization"},"image":{"@id":"https:\/\/www.jazzzeitung.de\/cms\/2026\/04\/jazz-kommt-aus-afrika-zur-jazzahead-2026\/#primaryimage"},"thumbnailUrl":"https:\/\/i0.wp.com\/www.jazzzeitung.de\/cms\/wp-content\/uploads\/2026\/04\/ja26_Sorvina-_%C2%A9-M3B-GmbH_Jens-Schlenker_001-scaled-1.jpg?fit=2560%2C1707&ssl=1","keywords":["Bericht","Bremen","Deutscher Jazzpreis","jazzahead! 2026","JazzZeitung.de","Sorvina"],"articleSection":["Bericht"],"inLanguage":"de","potentialAction":[{"@type":"CommentAction","name":"Comment","target":["https:\/\/www.jazzzeitung.de\/cms\/2026\/04\/jazz-kommt-aus-afrika-zur-jazzahead-2026\/#respond"]}]},{"@type":"WebPage","@id":"https:\/\/www.jazzzeitung.de\/cms\/2026\/04\/jazz-kommt-aus-afrika-zur-jazzahead-2026\/","url":"https:\/\/www.jazzzeitung.de\/cms\/2026\/04\/jazz-kommt-aus-afrika-zur-jazzahead-2026\/","name":"Jazz kommt aus Afrika - zur jazzahead! 2026 - JazzZeitung","isPartOf":{"@id":"https:\/\/www.jazzzeitung.de\/cms\/#website"},"primaryImageOfPage":{"@id":"https:\/\/www.jazzzeitung.de\/cms\/2026\/04\/jazz-kommt-aus-afrika-zur-jazzahead-2026\/#primaryimage"},"image":{"@id":"https:\/\/www.jazzzeitung.de\/cms\/2026\/04\/jazz-kommt-aus-afrika-zur-jazzahead-2026\/#primaryimage"},"thumbnailUrl":"https:\/\/i0.wp.com\/www.jazzzeitung.de\/cms\/wp-content\/uploads\/2026\/04\/ja26_Sorvina-_%C2%A9-M3B-GmbH_Jens-Schlenker_001-scaled-1.jpg?fit=2560%2C1707&ssl=1","datePublished":"2026-04-28T07:09:16+00:00","dateModified":"2026-04-28T07:10:45+00:00","breadcrumb":{"@id":"https:\/\/www.jazzzeitung.de\/cms\/2026\/04\/jazz-kommt-aus-afrika-zur-jazzahead-2026\/#breadcrumb"},"inLanguage":"de","potentialAction":[{"@type":"ReadAction","target":["https:\/\/www.jazzzeitung.de\/cms\/2026\/04\/jazz-kommt-aus-afrika-zur-jazzahead-2026\/"]}]},{"@type":"ImageObject","inLanguage":"de","@id":"https:\/\/www.jazzzeitung.de\/cms\/2026\/04\/jazz-kommt-aus-afrika-zur-jazzahead-2026\/#primaryimage","url":"https:\/\/i0.wp.com\/www.jazzzeitung.de\/cms\/wp-content\/uploads\/2026\/04\/ja26_Sorvina-_%C2%A9-M3B-GmbH_Jens-Schlenker_001-scaled-1.jpg?fit=2560%2C1707&ssl=1","contentUrl":"https:\/\/i0.wp.com\/www.jazzzeitung.de\/cms\/wp-content\/uploads\/2026\/04\/ja26_Sorvina-_%C2%A9-M3B-GmbH_Jens-Schlenker_001-scaled-1.jpg?fit=2560%2C1707&ssl=1","width":2560,"height":1707},{"@type":"BreadcrumbList","@id":"https:\/\/www.jazzzeitung.de\/cms\/2026\/04\/jazz-kommt-aus-afrika-zur-jazzahead-2026\/#breadcrumb","itemListElement":[{"@type":"ListItem","position":1,"name":"Startseite","item":"https:\/\/www.jazzzeitung.de\/cms\/"},{"@type":"ListItem","position":2,"name":"Jazz kommt aus Afrika &#8211; zur jazzahead! 2026"}]},{"@type":"WebSite","@id":"https:\/\/www.jazzzeitung.de\/cms\/#website","url":"https:\/\/www.jazzzeitung.de\/cms\/","name":"JazzZeitung","description":"Jazz-News und Jazz-Kontroverses","publisher":{"@id":"https:\/\/www.jazzzeitung.de\/cms\/#organization"},"potentialAction":[{"@type":"SearchAction","target":{"@type":"EntryPoint","urlTemplate":"https:\/\/www.jazzzeitung.de\/cms\/?s={search_term_string}"},"query-input":{"@type":"PropertyValueSpecification","valueRequired":true,"valueName":"search_term_string"}}],"inLanguage":"de"},{"@type":"Organization","@id":"https:\/\/www.jazzzeitung.de\/cms\/#organization","name":"JazzZeitung online","url":"https:\/\/www.jazzzeitung.de\/cms\/","logo":{"@type":"ImageObject","inLanguage":"de","@id":"https:\/\/www.jazzzeitung.de\/cms\/#\/schema\/logo\/image\/","url":"https:\/\/i0.wp.com\/www.jazzzeitung.de\/cms\/wp-content\/uploads\/2015\/08\/JAZZZEITUNGDE_Logo_Neu.png?fit=499%2C200&ssl=1","contentUrl":"https:\/\/i0.wp.com\/www.jazzzeitung.de\/cms\/wp-content\/uploads\/2015\/08\/JAZZZEITUNGDE_Logo_Neu.png?fit=499%2C200&ssl=1","width":499,"height":200,"caption":"JazzZeitung online"},"image":{"@id":"https:\/\/www.jazzzeitung.de\/cms\/#\/schema\/logo\/image\/"},"sameAs":["https:\/\/www.facebook.com\/JazzZeitung\/"]},{"@type":"Person","@id":"https:\/\/www.jazzzeitung.de\/cms\/#\/schema\/person\/2245b36b9cd1d24cea10f01c031fb92b","name":"Redaktion JazzZeitung","image":{"@type":"ImageObject","inLanguage":"de","@id":"https:\/\/i0.wp.com\/www.jazzzeitung.de\/cms\/wp-content\/uploads\/2015\/08\/JAZZZEITUNGDE_Logo_Neu.png?resize=96%2C96&ssl=159975dcacb611b5700bd619b5daf0a7a","url":"https:\/\/i0.wp.com\/www.jazzzeitung.de\/cms\/wp-content\/uploads\/2015\/08\/JAZZZEITUNGDE_Logo_Neu.png?resize=96%2C96&ssl=1","contentUrl":"https:\/\/i0.wp.com\/www.jazzzeitung.de\/cms\/wp-content\/uploads\/2015\/08\/JAZZZEITUNGDE_Logo_Neu.png?resize=96%2C96&ssl=1","caption":"Redaktion JazzZeitung"},"description":"Artikel der Redaktion der JazzZeitung.","sameAs":["http:\/\/www.jazzzeitung.de\/cms\/"],"url":"https:\/\/www.jazzzeitung.de\/cms\/author\/redaktion\/"}]}},"wp-worthy-pixel":{"ignored":false,"public":null,"server":null,"url":null},"wp-worthy-type":"normal","jetpack_publicize_connections":[],"cc_featured_image_caption":{"caption_text":"","source_text":"","source_url":""},"jetpack_featured_media_url":"https:\/\/i0.wp.com\/www.jazzzeitung.de\/cms\/wp-content\/uploads\/2026\/04\/ja26_Sorvina-_%C2%A9-M3B-GmbH_Jens-Schlenker_001-scaled-1.jpg?fit=2560%2C1707&ssl=1","jetpack_shortlink":"https:\/\/wp.me\/p3KEcT-8NM","jetpack-related-posts":[{"id":2260,"url":"https:\/\/www.jazzzeitung.de\/cms\/2013\/09\/los-gehts-jazzahead-gibt-startschuss-fuer-bewerbungsverfahren-zum-showcase-festival-2014\/","url_meta":{"origin":33838,"position":0},"title":"Los geht\u2019s: jazzahead! gibt Startschuss f\u00fcr Bewerbungsverfahren zum Showcase-Festival 2014","author":"Redaktion JazzZeitung","date":"20. September 2013","format":false,"excerpt":"Das Bewerbungsverfahren f\u00fcr die jazzahead! 2014 (24.-27. April 2014) ist ab sofort er\u00f6ffnet. Bewerbungen sind f\u00fcr die German Jazz Expo (K\u00fcnstler aus Deutschland), Danish Night (Jazz aus dem Partnerland 2014: D\u00e4nemark), European Jazz Meeting (europ\u00e4ische Jazzformationen), Overseas Night (Jazz aus \u00dcbersee) m\u00f6glich. Die Bewerbungsfrist endet am 31.10.2013. Wie bereits in\u2026","rel":"","context":"In &quot;News&quot;","block_context":{"text":"News","link":"https:\/\/www.jazzzeitung.de\/cms\/thema\/nachrichten\/"},"img":{"alt_text":"","src":"","width":0,"height":0},"classes":[]},{"id":29425,"url":"https:\/\/www.jazzzeitung.de\/cms\/2023\/05\/jazz-in-deutschland-jazz-aus-deutschland-ein-fazit-zur-messe-jazzahead-2023\/","url_meta":{"origin":33838,"position":1},"title":"Jazz in Deutschland, Jazz aus Deutschland: ein Fazit zur Messe jazzahead 2023","author":"Redaktion JazzZeitung","date":"4. Mai 2023","format":false,"excerpt":"Unter jazzahead-Bedigungen geht Einiges: ein Bericht von der aktuellen Ausgabe der weltgr\u00f6\u00dften Branchenmesse f\u00fcr den Jazz Drei Tage trafen sich in Bremen Musikerinnen und Musiker, Kulturschaffende, Kulturverwaltende, F\u00f6rdernde, Medienleute oder einfach nur Jazzfans. Das Kerngesch\u00e4ft der jazzahead ist klar definiert: Es sind die pers\u00f6nlichen, oft spontanen Begegnungen \u201eFace to face\u201c\u2026","rel":"","context":"In &quot;Bericht&quot;","block_context":{"text":"Bericht","link":"https:\/\/www.jazzzeitung.de\/cms\/thema\/bericht\/"},"img":{"alt_text":"","src":"https:\/\/i0.wp.com\/www.jazzzeitung.de\/cms\/wp-content\/uploads\/2023\/05\/Luise-Volkmann-Athina-Kontou-scaled.jpg?fit=1200%2C900&ssl=1&resize=350%2C200","width":350,"height":200,"srcset":"https:\/\/i0.wp.com\/www.jazzzeitung.de\/cms\/wp-content\/uploads\/2023\/05\/Luise-Volkmann-Athina-Kontou-scaled.jpg?fit=1200%2C900&ssl=1&resize=350%2C200 1x, https:\/\/i0.wp.com\/www.jazzzeitung.de\/cms\/wp-content\/uploads\/2023\/05\/Luise-Volkmann-Athina-Kontou-scaled.jpg?fit=1200%2C900&ssl=1&resize=525%2C300 1.5x, https:\/\/i0.wp.com\/www.jazzzeitung.de\/cms\/wp-content\/uploads\/2023\/05\/Luise-Volkmann-Athina-Kontou-scaled.jpg?fit=1200%2C900&ssl=1&resize=700%2C400 2x, https:\/\/i0.wp.com\/www.jazzzeitung.de\/cms\/wp-content\/uploads\/2023\/05\/Luise-Volkmann-Athina-Kontou-scaled.jpg?fit=1200%2C900&ssl=1&resize=1050%2C600 3x"},"classes":[]},{"id":18049,"url":"https:\/\/www.jazzzeitung.de\/cms\/2018\/12\/erstmals-auf-der-jazzahead-showcases-zu-improvisation-und-jazz-fuer-kinder\/","url_meta":{"origin":33838,"position":2},"title":"Erstmals auf der jazzahead: Showcases zu Improvisation und Jazz f\u00fcr Kinder","author":"Redaktion JazzZeitung","date":"10. Dezember 2018","format":false,"excerpt":"Trotz der diesmal deutlich verk\u00fcrzten Einreichungsfrist gingen 764 Bewerbungen f\u00fcr die 40 Showcase-Konzerte ein und damit 25 Prozent mehr als im Vorjahr. In diesem Jahr sind unter den f\u00fcnf am st\u00e4rksten vertretenen Herkunftsl\u00e4ndern jenseits von Deutschland und dem Partnerland Norwegen die USA und Brasilien, womit Bewerbungen aus \u00dcbersee signifikant zulegten.\u2026","rel":"","context":"In &quot;News&quot;","block_context":{"text":"News","link":"https:\/\/www.jazzzeitung.de\/cms\/thema\/nachrichten\/"},"img":{"alt_text":"Jazzbusiness auf der Bremer jazzahead!. Foto: Jan Rathke","src":"https:\/\/i0.wp.com\/www.jazzzeitung.de\/cms\/wp-content\/uploads\/2018\/12\/MESSE-BREMENJan-RathkeDSC_9355.jpg?fit=1200%2C857&ssl=1&resize=350%2C200","width":350,"height":200,"srcset":"https:\/\/i0.wp.com\/www.jazzzeitung.de\/cms\/wp-content\/uploads\/2018\/12\/MESSE-BREMENJan-RathkeDSC_9355.jpg?fit=1200%2C857&ssl=1&resize=350%2C200 1x, https:\/\/i0.wp.com\/www.jazzzeitung.de\/cms\/wp-content\/uploads\/2018\/12\/MESSE-BREMENJan-RathkeDSC_9355.jpg?fit=1200%2C857&ssl=1&resize=525%2C300 1.5x, https:\/\/i0.wp.com\/www.jazzzeitung.de\/cms\/wp-content\/uploads\/2018\/12\/MESSE-BREMENJan-RathkeDSC_9355.jpg?fit=1200%2C857&ssl=1&resize=700%2C400 2x, https:\/\/i0.wp.com\/www.jazzzeitung.de\/cms\/wp-content\/uploads\/2018\/12\/MESSE-BREMENJan-RathkeDSC_9355.jpg?fit=1200%2C857&ssl=1&resize=1050%2C600 3x"},"classes":[]},{"id":15100,"url":"https:\/\/www.jazzzeitung.de\/cms\/2018\/02\/wo-die-jazzwelt-zusammenkommt-fachmesse-jazzahead-vom-19-22-april-in-bremen\/","url_meta":{"origin":33838,"position":3},"title":"Wo die Jazzwelt zusammenkommt: Fachmesse jazzahead! Vom 19.-22. April in Bremen","author":"Redaktion JazzZeitung","date":"23. Februar 2018","format":false,"excerpt":"Vom 19.-22. April findet die jazzahead! zum 13. Mal in der Messe Bremen statt. Wie die Veranstalter mitteilen, zeichne sich eine st\u00e4rkere Teilnahme aus den L\u00e4ndern ab, die als Zielm\u00e4rkte definiert worden sind. Zu den bisher schon sehr gut vertretenen europ\u00e4ischen L\u00e4ndern, wie beispielsweise Deutschland, Frankreich, Niederlande, Gro\u00dfbritannien, Schweiz oder\u2026","rel":"","context":"In &quot;News&quot;","block_context":{"text":"News","link":"https:\/\/www.jazzzeitung.de\/cms\/thema\/nachrichten\/"},"img":{"alt_text":"","src":"https:\/\/i0.wp.com\/www.jazzzeitung.de\/cms\/wp-content\/uploads\/2018\/02\/jazzahead2of3YXzJanRathke_MesseBremen.jpg?fit=1200%2C604&ssl=1&resize=350%2C200","width":350,"height":200,"srcset":"https:\/\/i0.wp.com\/www.jazzzeitung.de\/cms\/wp-content\/uploads\/2018\/02\/jazzahead2of3YXzJanRathke_MesseBremen.jpg?fit=1200%2C604&ssl=1&resize=350%2C200 1x, https:\/\/i0.wp.com\/www.jazzzeitung.de\/cms\/wp-content\/uploads\/2018\/02\/jazzahead2of3YXzJanRathke_MesseBremen.jpg?fit=1200%2C604&ssl=1&resize=525%2C300 1.5x, https:\/\/i0.wp.com\/www.jazzzeitung.de\/cms\/wp-content\/uploads\/2018\/02\/jazzahead2of3YXzJanRathke_MesseBremen.jpg?fit=1200%2C604&ssl=1&resize=700%2C400 2x, https:\/\/i0.wp.com\/www.jazzzeitung.de\/cms\/wp-content\/uploads\/2018\/02\/jazzahead2of3YXzJanRathke_MesseBremen.jpg?fit=1200%2C604&ssl=1&resize=1050%2C600 3x"},"classes":[]},{"id":7999,"url":"https:\/\/www.jazzzeitung.de\/cms\/2015\/12\/das-jazzahead-showcase-programm-2016-ist-vollstaendig\/","url_meta":{"origin":33838,"position":4},"title":"Das jazzahead!-Showcase-Programm 2016 ist vollst\u00e4ndig","author":"Redaktion JazzZeitung","date":"21. Dezember 2015","format":false,"excerpt":"40 Bands aus 16 L\u00e4ndern wurden f\u00fcr das Showcase-Festival der jazzahead! ausgew\u00e4hlt \u2013 Messe verzeichnet 587 Bewerbungen aus 43 L\u00e4ndern - Die vier Juryteams, die das Showcase-Programm der jazzahead! ausw\u00e4hlen, hatten auch in diesem Jahr allerhand zu tun: F\u00fcr das Showcase-Festival reichten insgesamt 587 Bands aus 43 L\u00e4ndern ihre Bewerbung\u2026","rel":"","context":"In &quot;Redaktionelle Nachrichten&quot;","block_context":{"text":"Redaktionelle Nachrichten","link":"https:\/\/www.jazzzeitung.de\/cms\/thema\/redaktion\/"},"img":{"alt_text":"NicoleJo_c_Hannes_Kirchhof","src":"https:\/\/i0.wp.com\/www.jazzzeitung.de\/cms\/wp-content\/uploads\/2015\/12\/NicoleJo_c_Hannes_Kirchhof-150x150.jpg?resize=350%2C200","width":350,"height":200},"classes":[]},{"id":4907,"url":"https:\/\/www.jazzzeitung.de\/cms\/2014\/11\/showcase-bewerbungsphase-fuer-jazzahead-endet-heute\/","url_meta":{"origin":33838,"position":5},"title":"Showcase-Bewerbungsphase f\u00fcr jazzahead endet heute","author":"Redaktion JazzZeitung","date":"11. November 2014","format":false,"excerpt":"Showcase-Bewerbungsphase endet am 11. November 2014 Bewerbungen f\u00fcr die 40 Showcases auf der zehnten jazzahead! k\u00f6nnen f\u00fcr die Module German Jazz Expo (K\u00fcnstler aus Deutschland), French Night (Jazz aus dem Partnerland 2015: Frankreich), European Jazz Meeting (europ\u00e4ische Jazzformationen) und Overseas Night (Jazz aus \u00dcbersee) eingereicht werden. Konditionen f\u00fcr eine Bewerbung\u2026","rel":"","context":"In &quot;News&quot;","block_context":{"text":"News","link":"https:\/\/www.jazzzeitung.de\/cms\/thema\/nachrichten\/"},"img":{"alt_text":"Staatsministerin f\u00fcr Kultur und Medien, Monika Gr\u00fctters, \u00fcbernimmt 2015 die Schirmherrschaft zur Jubil\u00e4umsausgabe der jazzahead! Foto: Christof Rieken","src":"https:\/\/i0.wp.com\/www.jazzzeitung.de\/cms\/wp-content\/uploads\/2014\/11\/Photo1-MonikaGr%C3%BCtters-c_Quelle-Christof-Rieken_800KB.jpg?fit=799%2C1200&ssl=1&resize=350%2C200","width":350,"height":200,"srcset":"https:\/\/i0.wp.com\/www.jazzzeitung.de\/cms\/wp-content\/uploads\/2014\/11\/Photo1-MonikaGr%C3%BCtters-c_Quelle-Christof-Rieken_800KB.jpg?fit=799%2C1200&ssl=1&resize=350%2C200 1x, https:\/\/i0.wp.com\/www.jazzzeitung.de\/cms\/wp-content\/uploads\/2014\/11\/Photo1-MonikaGr%C3%BCtters-c_Quelle-Christof-Rieken_800KB.jpg?fit=799%2C1200&ssl=1&resize=525%2C300 1.5x, https:\/\/i0.wp.com\/www.jazzzeitung.de\/cms\/wp-content\/uploads\/2014\/11\/Photo1-MonikaGr%C3%BCtters-c_Quelle-Christof-Rieken_800KB.jpg?fit=799%2C1200&ssl=1&resize=700%2C400 2x"},"classes":[]}],"jetpack_sharing_enabled":true,"_links":{"self":[{"href":"https:\/\/www.jazzzeitung.de\/cms\/wp-json\/wp\/v2\/posts\/33838","targetHints":{"allow":["GET"]}}],"collection":[{"href":"https:\/\/www.jazzzeitung.de\/cms\/wp-json\/wp\/v2\/posts"}],"about":[{"href":"https:\/\/www.jazzzeitung.de\/cms\/wp-json\/wp\/v2\/types\/post"}],"author":[{"embeddable":true,"href":"https:\/\/www.jazzzeitung.de\/cms\/wp-json\/wp\/v2\/users\/18"}],"replies":[{"embeddable":true,"href":"https:\/\/www.jazzzeitung.de\/cms\/wp-json\/wp\/v2\/comments?post=33838"}],"version-history":[{"count":3,"href":"https:\/\/www.jazzzeitung.de\/cms\/wp-json\/wp\/v2\/posts\/33838\/revisions"}],"predecessor-version":[{"id":33845,"href":"https:\/\/www.jazzzeitung.de\/cms\/wp-json\/wp\/v2\/posts\/33838\/revisions\/33845"}],"wp:featuredmedia":[{"embeddable":true,"href":"https:\/\/www.jazzzeitung.de\/cms\/wp-json\/wp\/v2\/media\/33839"}],"wp:attachment":[{"href":"https:\/\/www.jazzzeitung.de\/cms\/wp-json\/wp\/v2\/media?parent=33838"}],"wp:term":[{"taxonomy":"category","embeddable":true,"href":"https:\/\/www.jazzzeitung.de\/cms\/wp-json\/wp\/v2\/categories?post=33838"},{"taxonomy":"post_tag","embeddable":true,"href":"https:\/\/www.jazzzeitung.de\/cms\/wp-json\/wp\/v2\/tags?post=33838"},{"taxonomy":"author","embeddable":true,"href":"https:\/\/www.jazzzeitung.de\/cms\/wp-json\/wp\/v2\/coauthors?post=33838"}],"curies":[{"name":"wp","href":"https:\/\/api.w.org\/{rel}","templated":true}]}}