{"id":33834,"date":"2026-04-26T12:00:10","date_gmt":"2026-04-26T10:00:10","guid":{"rendered":"https:\/\/www.jazzzeitung.de\/cms\/?p=33834"},"modified":"2026-04-23T08:48:25","modified_gmt":"2026-04-23T06:48:25","slug":"die-tagderarbeit-radiowoche-vom-27-04-26-bis-03-05-26","status":"publish","type":"post","link":"https:\/\/www.jazzzeitung.de\/cms\/2026\/04\/die-tagderarbeit-radiowoche-vom-27-04-26-bis-03-05-26\/","title":{"rendered":"Die TagDerArbeit-Radiowoche vom 27.04.26 bis 03.05.26"},"content":{"rendered":"<p class=\"western\">Die \u00dcbersicht zum <span style=\"color: #0563c1;\"><u><a href=\"https:\/\/service.conbrio.de\/service\/download\/278\/\" name=\"Download des PDF\">Download als PDF<\/a>.<\/u><\/span> Alle Angaben ohne Gew\u00e4hr. Erg\u00e4nzt mit den tollen Sendungen zur Neuen Musik von BR-KLASSIK und \u00d61.<\/p>\n<p class=\"western\">Aktuell bekommen wir Informationen von SWR Kultur, \u00d61 und in Sachen Neue Musik von BR-KLASSIK und ebenfalls \u00d61.<\/p>\n<hr \/>\n<h2 class=\"western\"><a name=\"__RefHeading___Toc532_2049876245\"><\/a> Senderliste:<\/h2>\n<hr \/>\n<ul>\n<li><span style=\"color: #0563c1;\"><u><a href=\"https:\/\/oe1.orf.at\/\" name=\"Link zum ORF\">ORF \u2013 \u00d61<\/a><\/u><\/span><\/li>\n<li><span style=\"color: #0563c1;\"><u><a href=\"https:\/\/www.deutschlandradio.de\/\" name=\"Link zum Deutschlandfunk\">Deutschlandfunk<\/a><\/u><\/span> \u2013 \u201eFakten und mehr\u201c<\/li>\n<li><span style=\"color: #0563c1;\"><u><a href=\"https:\/\/www.deutschlandfunkkultur.de\/\" name=\"Link zu Deutschlandfunk Kultur\">Deutschlandfunk-Kultur<\/a><\/u><\/span> \u2013 \u201eDas Feuilleton im Radio\u201c<\/li>\n<li><span style=\"color: #0563c1;\"><u><a href=\"https:\/\/www.ndr.de\/ndrkultur\/\" name=\"Link zu ndr kultur\">ndr Kultur<\/a><\/u><\/span> \u2013 H\u00f6ren und genie\u00dfen<\/li>\n<li><span style=\"color: #0563c1;\"><u><a href=\"https:\/\/www.ndr.de\/ndrblue\/index.html\" name=\"Link zu ndr blue\"><span lang=\"en-US\">ndr blue<\/span><\/a><\/u><\/span><span lang=\"en-US\"> \u2013 Meet The Music<\/span><\/li>\n<li><span style=\"color: #0563c1;\"><u><a href=\"https:\/\/www.bremenzwei.de\/\" name=\"Link zu Radio Bremen\">radio bremen<\/a><\/u><\/span> \u2013 Neugier lohnt sich.<\/li>\n<li><span style=\"color: #0563c1;\"><u><a href=\"https:\/\/www.radiodrei.de\/\" name=\"Link zu Radio 3 von Berlin\">Radio 3<\/a><\/u><\/span> \u2013<\/li>\n<li><span style=\"color: #0563c1;\"><u><a href=\"https:\/\/www.mdr.de\/kultur\/radio\/index.html\" name=\"Link zu medr-kultur\">mdr-kultur<\/a><\/u><\/span> \u2013 Das Radio.<\/li>\n<li><a href=\"https:\/\/www1.wdr.de\/radio\/wdr3\/\" name=\"Link zu WDR3\"><span style=\"color: #0563c1;\"><u>W<\/u><\/span><span style=\"color: #0563c1;\"><u>DR<\/u><\/span><span style=\"color: #0563c1;\"><u>3<\/u><\/span><\/a> \u2013 Das Kulturradio<\/li>\n<li><span style=\"color: #0563c1;\"><u><a href=\"https:\/\/www.hr2.de\/index.html\" name=\"Link zu hr2-kultur\">hr2-kultur<\/a><\/u><\/span> \u2013 Das Kulturradio f\u00fcr Hessen.<\/li>\n<li><a href=\"https:\/\/www.sr.de\/sr\/sr2\/index.html\" name=\"Link zu SR2-Kulturradio\"><span style=\"color: #0563c1;\"><u>S<\/u><\/span><span style=\"color: #0563c1;\"><u>R<\/u><\/span><span style=\"color: #0563c1;\"><u>2 Kulturradio<\/u><\/span><\/a> \u2013 \u2026 gut zu h\u00f6ren.<\/li>\n<li><a href=\"https:\/\/www.swr.de\/swr2\/\" name=\"Link zu SWR Kuultur\"><span style=\"color: #0563c1;\"><u>S<\/u><\/span><span style=\"color: #0563c1;\"><u>WR<\/u><\/span><u> <\/u><\/a><span style=\"color: #0563c1;\"><u>kultur<\/u><\/span> \u2013 Kultur neu entdecken<\/li>\n<li><span style=\"color: #0563c1;\"><u><a href=\"https:\/\/www.br.de\/radio\/br-klassik\/index.html\" name=\"Link zu BR-Klassik\">BR-KLASSIK<\/a><\/u><\/span> \u2013 Klassikstars geben auf BR-KLASSIK den Ton an. Attraktive Magazine bringen Interviews und Neuigkeiten aus dem Musikleben.<\/li>\n<li><span style=\"color: #0563c1;\"><u><a href=\"https:\/\/www.br.de\/radio\/bayern2\/index.html\" name=\"Link zu Bayern2\">Bayern 2<\/a><\/u><\/span> \u2013 Preisgekr\u00f6ntes Radio f\u00fcr H\u00f6rer, die mehr wissen wollen<\/li>\n<\/ul>\n<hr \/>\n<h2 class=\"western\"><a name=\"__RefHeading___Toc534_2049876245\"><\/a>Internet:<\/h2>\n<hr \/>\n<ul>\n<li>Schweden: <span style=\"color: #0563c1;\"><u><a href=\"https:\/\/sverigesradio.se\/tabla.aspx?programid=2562\" name=\"Link zu Schwedens Radio P&quot;\">P2<\/a><\/u><\/span> sendet immer Dienstags von 21:00 bis 22:00 und Sonntags von 18:40 bis 20:00 ein Jazzkonzert<\/li>\n<li>Ungarn: <span style=\"color: #0563c1;\"><u><a href=\"https:\/\/mediaklikk.hu\/bartok\/\" name=\"Link zu Bart\u00f3k-Radio\">Bartok Radio<\/a><\/u><\/span> sendet t\u00e4glich von 23:00 bis 23:55 eine Jazzsendung<\/li>\n<\/ul>\n<hr \/>\n<h2 class=\"western\"><a name=\"__RefHeading___Toc682_4200470073\"><\/a> mo \u2013 27.04.2026<\/h2>\n<hr \/>\n<p class=\"western\">17:30:00 +++ \u00d61<br \/>\n<b>Musik aus allen Richtungen mit Astrid Schwarz und Rainer Elstner.<\/b><\/p>\n<p class=\"western\">19:30:00 +++ \u00d61<br \/>\n<b>Flip Philipp, Bertl Mayer, Clemens Gigacher und Andreas Varady im Radiocaf\u00e9 Wien<\/b><\/p>\n<p class=\"western\" style=\"padding-left: 40px;\">Der Vibraphonist Flip Philipp ist im Hauptberuf Schlagwerker bei den Wiener Symphonikern, doch seine zweite Liebe geh\u00f6rt dem Jazz. Am 24. Februar 2026 gastierte er mit dem Mundharmonikavirtuosen Bertl Mayer und dem Kontrabassisten Clemens Gigacher im RadioCaf\u00e9 Wien. Mit dabei auch das Ausnahmetalent Andreas Varady, ein junger Gitarrist aus der Slowakei, der bereits als Teenager beim Jazzfestival Montreux f\u00fcr Aufsehen sorgte.<\/p>\n<p class=\"western\">22:03 \u2013 23:00 UHR +++ SWR KULTUR<br \/>\n<b>ARD Jazz. Spotlight: Zwischen schlagenden Zungen \u2013 Eine Reise durch das Akkordeon<\/b><\/p>\n<p class=\"western\" style=\"padding-left: 40px;\">Von Konrad Bott. Vermutlich haben Sie 2026 schon viel Akkordeonmusik genossen oder \u00fcber sich ergehen lassen m\u00fcssen. Immerhin scheiden sich am Instrument des Jahres 2026 die Geister doch deutlich. Aber egal ob man das Akkordeon liebt oder hasst \u2013 interessant aufgebaut ist es allemal! Reisen Sie mit durch das Innere eines Akkordeons, lernen Sie mit uns, wie so eine Quetschekasten funktioniert und entdecken Sie en passant \u2013 zwischen F\u00fc\u00dfen, Balg und Zunge \u2013 die vielf\u00e4ltigsten Jazzspielarten auf dem Akkordeon.<\/p>\n<p class=\"western\">23:03:00 +++ \u00d61<br \/>\n<b>Neue Musik f\u00fcr klassische Gitarre \u2013 Aktuelle Alben von Klara Tomljanovi\u0107 und Ondrej Vesel\u00fd<\/b><\/p>\n<p class=\"western\" style=\"padding-left: 40px;\">Zwei aktuelle CD-Ver\u00f6ffentlichungen erinnern an die immense klangliche Bandbreite der Konzertgitarre: \u201ePEOPLE\u201c hei\u00dft das neue Album des slowakischen Gitarristen Ondrej Vesel\u00fd. Es ist eine sehr pers\u00f6nliche Reise durch die letzten 15 Jahre seines Schaffens, auf der er gemeinsam mit musikalischen Weggef\u00e4hrt:innen stilistische Grenzen durchquert \u2013 von Igor Stravinsky bis Salvatore Sciarrino, von Astor Piazolla bis zu slowakischen Wiegenliedern.<\/p>\n<p class=\"western\" style=\"padding-left: 40px;\">An die Grenzen der Spieltechnik tastet sich Klara Tomljanovi\u0107 auf ihrer CD-Neuerscheinung heran. \u201eNew Guitar Works\u201c ist eine Sammlung von sechs zeitgen\u00f6ssischen St\u00fccken f\u00fcr Solo-Gitarre, die in engem k\u00fcnstlerischem Austausch mit den beteiligten Komponisten entstanden sind \u2013 einige davon kennt Klara Tomljanovi\u0107 seit vielen Jahren: Marton Illes, Vito Zuraj, Stingrimur Rohloff, Nikolaus Brass und Detlef Heusinger.<\/p>\n<p class=\"western\" style=\"padding-left: 40px;\">Das bei NEOS erschienene Album zelebriert die Andersartigkeit der Gitarre und l\u00e4sst uns als Zuh\u00f6rende oft angetan verwundert zur\u00fcck: Ist das wirklich die Klangerzeugung einer einzigen Spielerin? Gestaltung: Gabriel Schett<\/p>\n<hr \/>\n<h2 class=\"western\"><a name=\"__RefHeading___Toc684_4200470073\"><\/a>di \u2013 28.04.2026<\/h2>\n<hr \/>\n<p class=\"western\">17:30:00 +++ \u00d61<br \/>\n<b>Musik aus allen Richtungen.<\/b><\/p>\n<p class=\"western\">21:00 \u2013 20:00 UHR +++ SWR KULTUR<br \/>\n<b>Niescier\/Reid\/Salem beim Jazzfest Berlin 2025<\/b><\/p>\n<p class=\"western\" style=\"padding-left: 40px;\">Von Odilo Clausnitzer. Cello statt Kontrabass \u2013 wer das bei einer Band als Zeichen f\u00fcr lyrische Grundgesinnung versteht, liegt bei diesem Trio falsch. Das Auftaktkonzert beim Jazzfest Berlin beginnt schon mit Hochdruck; eine brodelnde Rhythmusebene, vom festen Tempo gerade noch geb\u00e4ndigt, dar\u00fcber Tonstrudel durch alle Register des Altsaxofons. Musik in der Tradition des Free Bop, aber geformt durch h\u00f6chst abwechslungs-reiche Kompositionen. Altistin Angelika Niescier und Cellistin Tomeka Reid sind feste Gr\u00f6\u00dfen der inter-nationalen Jazzszene eine Neuentdeckung dagegen die New Yorker Schlagzeugerin Eliza Salem.<\/p>\n<p class=\"western\">23:03:00 +++ \u00d61<br \/>\n<b>Mad Hope beim Donaufestival 2026<\/b><\/p>\n<p class=\"western\" style=\"padding-left: 40px;\">Ein Ausblick auf das Programm des Kremser Festivals f\u00fcr abenteuerliche \u00c4sthetiken und Vibrationen aktueller Gegenwartskunst<\/p>\n<p class=\"western\" style=\"padding-left: 40px;\">Gemeinsam mit Thomas Edlinger, dem k\u00fcnstlerischen Leiter des Kremser Donaufestival, begeben wir uns auf einen Streifzug durch das wiederum h\u00f6chst vielf\u00e4ltige Musikprogramm der diesj\u00e4hrigen Festivalausgabe. Unter dem Motto \u201cMad Hope\u201d geht das Donaufestival heuer der Frage nach, ob im \u201cZeitalter der multiplen Krisen\u201d dem Prinzip Hoffnung auch heute noch eine transformative Kraft innewohnt. Gestaltung:\u00a0Susanna Niedermayr<\/p>\n<hr \/>\n<h2 class=\"western\"><a name=\"__RefHeading___Toc686_4200470073\"><\/a>mi \u2013 29.04.2026<\/h2>\n<hr \/>\n<p class=\"western\">17:30:00 +++ \u00d61<br \/>\n<b>Musik aus allen Richtungen mit Mirjam Jessa <\/b><\/p>\n<p class=\"western\">22:03 \u2013 23:00 UHR +++ SWR KULTUR<br \/>\n<b>ARD Jazz. Das Magazin<\/b><\/p>\n<p class=\"western\" style=\"padding-left: 40px;\">Von Anja Buchmann. Das w\u00f6chentliche Jazz-Update, pr\u00e4sentiert von Eurer ARD: au\u00dfergew\u00f6hnliche Ver\u00f6ffentlichungen, relevante Ereignisse und aktuelle Debatten. Wir diskutieren Jazz in allen seinen Facetten und suchen auch deutschlandweit die Orte auf, an denen er zu Hause ist. Nicht verpassen!<\/p>\n<figure id=\"attachment_33835\" aria-describedby=\"caption-attachment-33835\" style=\"width: 825px\" class=\"wp-caption aligncenter\"><a href=\"https:\/\/i0.wp.com\/www.jazzzeitung.de\/cms\/wp-content\/uploads\/2026\/04\/de_stijl.png?ssl=1\"><img data-recalc-dims=\"1\" loading=\"lazy\" decoding=\"async\" data-attachment-id=\"33835\" data-permalink=\"https:\/\/www.jazzzeitung.de\/cms\/2026\/04\/die-tagderarbeit-radiowoche-vom-27-04-26-bis-03-05-26\/de_stijl\/\" data-orig-file=\"https:\/\/i0.wp.com\/www.jazzzeitung.de\/cms\/wp-content\/uploads\/2026\/04\/de_stijl.png?fit=2200%2C1600&amp;ssl=1\" data-orig-size=\"2200,1600\" data-comments-opened=\"1\" data-image-meta=\"{&quot;aperture&quot;:&quot;0&quot;,&quot;credit&quot;:&quot;&quot;,&quot;camera&quot;:&quot;&quot;,&quot;caption&quot;:&quot;&quot;,&quot;created_timestamp&quot;:&quot;0&quot;,&quot;copyright&quot;:&quot;&quot;,&quot;focal_length&quot;:&quot;0&quot;,&quot;iso&quot;:&quot;0&quot;,&quot;shutter_speed&quot;:&quot;0&quot;,&quot;title&quot;:&quot;&quot;,&quot;orientation&quot;:&quot;0&quot;}\" data-image-title=\"Es gibt hier nichts zu sehen. Grafik: Hufner\" data-image-description=\"&lt;p&gt;Es gibt hier nichts zu sehen. Grafik: Hufner&lt;\/p&gt;\n\" data-image-caption=\"&lt;p&gt;Es gibt hier nichts zu sehen. Grafik: Hufner&lt;\/p&gt;\n\" data-large-file=\"https:\/\/i0.wp.com\/www.jazzzeitung.de\/cms\/wp-content\/uploads\/2026\/04\/de_stijl.png?fit=825%2C600&amp;ssl=1\" class=\"size-large wp-image-33835\" src=\"https:\/\/i0.wp.com\/www.jazzzeitung.de\/cms\/wp-content\/uploads\/2026\/04\/de_stijl.png?resize=825%2C600&#038;ssl=1\" alt=\"Es gibt hier nichts zu sehen. Grafik: Hufner\" width=\"825\" height=\"600\" srcset=\"https:\/\/i0.wp.com\/www.jazzzeitung.de\/cms\/wp-content\/uploads\/2026\/04\/de_stijl.png?resize=825%2C600&amp;ssl=1 825w, https:\/\/i0.wp.com\/www.jazzzeitung.de\/cms\/wp-content\/uploads\/2026\/04\/de_stijl.png?resize=300%2C218&amp;ssl=1 300w, https:\/\/i0.wp.com\/www.jazzzeitung.de\/cms\/wp-content\/uploads\/2026\/04\/de_stijl.png?resize=768%2C559&amp;ssl=1 768w, https:\/\/i0.wp.com\/www.jazzzeitung.de\/cms\/wp-content\/uploads\/2026\/04\/de_stijl.png?resize=1536%2C1117&amp;ssl=1 1536w, https:\/\/i0.wp.com\/www.jazzzeitung.de\/cms\/wp-content\/uploads\/2026\/04\/de_stijl.png?resize=2048%2C1489&amp;ssl=1 2048w, https:\/\/i0.wp.com\/www.jazzzeitung.de\/cms\/wp-content\/uploads\/2026\/04\/de_stijl.png?resize=1320%2C960&amp;ssl=1 1320w, https:\/\/i0.wp.com\/www.jazzzeitung.de\/cms\/wp-content\/uploads\/2026\/04\/de_stijl.png?w=1680&amp;ssl=1 1680w\" sizes=\"auto, (max-width: 825px) 100vw, 825px\" \/><\/a><figcaption id=\"caption-attachment-33835\" class=\"wp-caption-text\">Es gibt hier nichts zu sehen. Grafik: Hufner<\/figcaption><\/figure>\n<hr \/>\n<h2 class=\"western\"><a name=\"__RefHeading___Toc688_4200470073\"><\/a>do \u2013 30.04.2026<\/h2>\n<hr \/>\n<p class=\"western\">17:30:00 +++ \u00d61<br \/>\n<b>Musik aus allen Richtungen mit Andreas Felber.<\/b><\/p>\n<p class=\"western\" style=\"padding-left: 40px;\">East St. Louis trifft Wien-Erdberg: Schlaglichter auf die ungew\u00f6hnliche Freundschaft von Trompeter Miles Davis und Keyboarder Joe Zawinul<\/p>\n<p class=\"western\" style=\"padding-left: 40px;\">Im Februar bzw. August 1969 war der aus Wien-Erdberg stammende Pianist und Keyboarder Josef \u201eJoe\u201c Zawinul ma\u00dfgeblich an den wegweisenden, in New York City aufgenommenen Alben \u201eIn a Silent Way\u201c und \u201eBitches Brew\u201c beteiligt, mit denen Trompeter Miles Davis die \u00c4ra des Rock-Jazz einl\u00e4utete.<\/p>\n<p class=\"western\" style=\"padding-left: 40px;\">So weit, so bekannt. Was nicht alle wissen: Zawinul und Davis hatten einander schon zehn Jahre zuvor, kurz nach der \u00dcbersiedlung des Wieners in die USA, kennen und sch\u00e4tzen gelernt. Und damals, anno 1959, gab der junge, bereits als Begleiter von S\u00e4ngerin Dinah Washington arbeitende Wiener dem ber\u00fchmten \u2013 und darob ziemlich erstaunten \u2013 Trompeter erst einmal einen Korb: &#8222;&#8218;Nein es ist nicht die Zeit daf\u00fcr. Ich habe einen guten Job, ich lerne viel, ich habe keine Eile. Aber wenn es geschehen soll, dann werden wir eines Tages zusammen spielen, und m\u00f6glicherweise machen wir Geschichte. Das hat ihm imponiert&#8220;, so schilderte Zawinul Jahre sp\u00e4ter seine Antwort auf das Engagement-Angebot von Davis, nachzulesen in Gunther Baumanns Buch \u201eZawinul \u2013 Ein Leben aus Jazz\u201c. (S. 49)<\/p>\n<p class=\"western\" style=\"padding-left: 40px;\">Die Worte sollten sich als prophetisch erweisen: Joe Zawinul, der 1966 mit seinem warmen Wurlitzer-E- Piano-Sound im Rahmen seines Hits \u201eMercy, Mercy, Mercy\u201c die erneute Aufmerksamkeit von Miles Davis auf sich zog, lieferte diesem Ende der 1960er Jahre auch Kompositionen wie \u201eDirections\u201c, Pharoah&#8217;s Dance&#8220; und das titelgebende, Ambient-get\u00f6nte \u201eIn A Silent Way\u201c. Und doch blieb er ein ungew\u00f6hnlicher Partner: Der Wiener Tastenmeister schlug Davis&#8216; Angebot aus, mit diesem auf Tournee zu gehen. Und als er selbst anno 1970 das Album \u201eZawinul\u201c aufnahm, verzichtete er darauf, den daf\u00fcr schon bereitstehenden Trompeter als Sideman zu engagieren. Zawinul bat Davis nur, die Liner Notes zu schreiben \u2013 was dieser tats\u00e4chlich tat.<\/p>\n<p class=\"western\" style=\"padding-left: 40px;\">Miles Davis und Joe Zawinul, die auch ein Faible f\u00fcr den Boxsport teilten, blieben nichtsdestotrotz bis zu Davis&#8216; Tod 1991 befreundet.<\/p>\n<p class=\"western\">19:30:00 +++ \u00d61<br \/>\n<b>Manu Delago und Max ZT live aus dem Innsbrucker Treibhaus<\/b><\/p>\n<p class=\"western\" style=\"padding-left: 40px;\">Erstmals kommt heuer die am \u00d61 Jazztag obligate abendliche Live-\u00dcbertragung, moderiert von Andreas Felber, aus dem Innsbrucker Treibhaus. Diese 1981 von Nobert Pleifer gegr\u00fcndete und bis heute geleitete Institution hat in den 45 Jahren ihres Bestehens l\u00e4ngst \u00fcberregionale Ausstrahlung entwickelt und z\u00e4hlt zu den unverzichtbaren Gravitationspunkten in der Tiroler Kulturlandschaft.<\/p>\n<p class=\"western\" style=\"padding-left: 40px;\">Zwei hochkar\u00e4tige Acts werden heute im Treibhaus \u2013 und via \u00d61 in ganz \u00d6sterreich und dar\u00fcber hinaus \u2013 zu erleben sein, darunter das neue Projekt des in London lebenden Tiroler Hang-Virtuosen Manu Delago. Delago, bekannt durch seine Zusammenarbeit mit Bj\u00f6rk und Anoushka Shankar, wird im Duo mit dem in Brooklyn beheimateten Hackbrett-Spieler Max ZT vielf\u00e4rbige, stiloffene Kammermusik auf die B\u00fchne zaubern.<\/p>\n<p class=\"western\" style=\"padding-left: 40px;\">In der Pause wird das \u00d61 Jazzstipendium 2026 \u2013 bestehend aus einem Studium an der JAM Music Lab Private University in Wien plus einer CD-Produktion bei Quinton Records \u2013 an den\/die Gewinner:in \u00fcberreicht.<\/p>\n<p class=\"western\" style=\"padding-left: 40px;\">In der Pause wird das \u00d61 Jazzstipendium 2026 \u2013 bestehend aus einem Studium an der Jam Music Lab Private University in Wien plus einer CD-Produktion bei Quinton Records \u2013 an den\/die Gewinner:in \u00fcberreicht.<\/p>\n<p class=\"western\">22:00:00 +++ \u00d61<br \/>\n<b>Die ehemalige Politikerin Heide Schmidt im Gespr\u00e4ch \u00fcber ihre Jazzvorlieben<\/b><\/p>\n<p class=\"western\" style=\"padding-left: 40px;\">Zu Gast in der \u00d61 Jazznacht zum Ausklang des \u00d61 Jazztags ist Heide Schmidt. Die \u00f6sterreichische Politikerin war von 1987 bis 1990 Mitglied des Bundesrates, anschlie\u00dfend bis 1999 Abgeordnete zum Nationalrat und von 1990 bis 1994 dessen Dritte Pr\u00e4sidentin. Sie war 1993 Mitgr\u00fcnderin des Liberalen Forums und bis 2000 dessen Bundessprecherin. Am 30. September 2008 erkl\u00e4rte sie ihren endg\u00fcltigen R\u00fcckzug aus der Politik und engagiert sich seither im sozialen und demokratie-politischen Bereich. Heide Schmidt ist Jazzfan und wird zu ihrem Gespr\u00e4ch mit Christian Bakonyi ihre Lieblingsaufnahmen mitbringen. Weiters wird das Thema Jazz und Politik das Hauptthema der \u00d61 Jazznacht am \u00d61 Jazztag bilden.<\/p>\n<p class=\"western\">22:03 \u2013 23:00 UHR +++ SWR KULTUR<br \/>\n<b>Jazz and More<\/b><\/p>\n<p class=\"western\" style=\"padding-left: 40px;\">Von J\u00fcrgen Schwab. Ja was haben wir denn da?! Neue Alben aus dem Jazz und seinen Randgebieten. Ob Blues, Neo-Klassik, Global-Pop oder freie Improvisation \u2013 hier darf alles mitmischen. (\u00dcbernahme von hr2-kultur).<\/p>\n<p class=\"western\">23:03 bis 00:00 Uhr +++ BR-KLASSIK<br \/>\n<b>Horizonte: Atmen bedeutet Leben \u2013 Die Urauff\u00fchrung von Bernd Frankes Oper \u201eComing Up For Air\u201c in Leipzig<\/b><\/p>\n<p class=\"western\" style=\"padding-left: 40px;\">In Bernd Frankes Oper \u201eComing Up For Air\u201c, die am 14. M\u00e4rz an der Oper Leipzig uraufgef\u00fchrt wurde, verbinden sich drei Leben \u00fcber das Ph\u00e4nomen Atmung und den Fluss der Zeit. Da ist die junge Schriftstellerin Anouk, die an Mukoviszidose erkrankt ist und um jeden Atemzug ringen muss. Sie rekonstruiert die Geschichte der \u201eInconnue de la Seine\u201c, einer unbekannten Toten aus der Seine, deren Totenmaske um 1900 vor allem K\u00fcnstler inspirierte. Schlie\u00dflich ist da auch der norwegische Puppenmacher Pieter. Nachdem sein Sohn ertrunken ist, erfindet er eine Puppe, mit der die Mund-zu-Mund-Beatmung erlernt werden kann. Wir stellen Bernd Frankes zweite Oper in dieser Ausgabe der \u201eHorizonte\u201c vor. Eine Sendung von Bettina Volksdorf<\/p>\n<hr \/>\n<h2 class=\"western\"><a name=\"__RefHeading___Toc690_4200470073\"><\/a>fr \u2013 01.05.2026<\/h2>\n<hr \/>\n<p class=\"western\">00:05:00 +++ \u00d61<br \/>\n<b>(Fortsetzung); Die ehemalige Politikerin Heide Schmidt im Gespr\u00e4ch \u00fcber ihre Jazzvorlieben<\/b><\/p>\n<p class=\"western\">17:10:00 +++ \u00d61<br \/>\n<b>Talking anything you want<\/b><\/p>\n<p class=\"western\" style=\"padding-left: 40px;\">Blues Songs sind dazu da, zu unterhalten, Geschichten zu erz\u00e4hlen und Botschaften zu verbreiten. Daf\u00fcr braucht es nicht unbedingt eine Melodie; auch Gesprochenes kann zum Song werden, vor allem dann, wenn es harmonisch und\/oder rhythmisch eingebettet wird. Was der Rap zum Prinzip erkoren und in virtuoser Vokaltechnik ausgefeilt hat, ist vermutlich so alt wie menschliches Musizieren und Dichten an sich.<\/p>\n<p class=\"western\" style=\"padding-left: 40px;\">Der 1893 in South Carolina geborene (Wei\u00dfe) Christopher Bouchillon war also sicher nicht der erste, der Songs nicht gesungen, sondern rhythmisch gesprochen hat, aber er wurde dennoch zum Wegbereiter, als er 1926 ein humoristisches St\u00fcck mit dem Titel \u201eTalking Blues\u201c auf Schallplatte bannte. Dieser Song hatte gro\u00dfen Erfolg, fand viele Nachahmer und wurde zum Ausgangspunkt und Namensgeber f\u00fcr ein neues Subgenre in der US-amerikanischen Folk-Tradition. Woody Guthrie, Pete Seeger, Bob Dylan, Phil Ochs und viele mehr \u00fcbernahmen Idee, lyrische Form, rhythmische Struktur und Harmonien vor allem f\u00fcr ihre Protestsongs, in denen trocken vorgetragene Reime voller Witz und Ironie dabei halfen, den Ernst der politischen Botschaften zu unterstreichen.<\/p>\n<p class=\"western\">22:05:00 +++ \u00d61<br \/>\n<b>Jet Lag All Stars Radio Show<\/b><\/p>\n<hr \/>\n<h2 class=\"western\"><a name=\"__RefHeading___Toc692_4200470073\"><\/a>sa \u2013 02.05.2026<\/h2>\n<hr \/>\n<p class=\"western\">09:04 \u2013 10:00 UHR +++ SWR KULTUR<br \/>\n<b>Musikstunde. Jazz Global: Schwerer K\u00f6rper, D\u00fcnne Haut \u2013 Die Harfe im Jazz<\/b><\/p>\n<p class=\"western\" style=\"padding-left: 40px;\">Von Konrad Bott. Eine delikate H\u00fclle und ein noch delikaterer Klang \u2013 die Harfe gilt selbst im klassischen Sinfonieorchester eher als die zart Besaitete. Nicht unbedingt das erste Instrument, das man in eine Jazzband stecken w\u00fcrde. Trotzdem ist die Harfe im Jazz mittlerweile pr\u00e4senter denn je und das tut beiden gut \u2013 dem Jazz und der Harfe. Entdecken Sie mit uns, was das majest\u00e4tische, vielsaitige Instrument mit dem gl\u00e4nzenden Korpus in den Armen verschiedener Musikerinnen alles kann!<\/p>\n<p class=\"western\">14:05 bis 15:00 Uhr+++ BR-KLASSIK<br \/>\n<b>KlassikPlus \u2013 Musikfeature: Die \u201eGoldberg-Variationen\u201c<\/b><\/p>\n<p class=\"western\" style=\"padding-left: 40px;\">Seit der legend\u00e4ren Einspielung des kanadischen Pianisten Glenn Gould im Jahr 1955 sind die \u201eGoldberg-Variationen\u201c (BWV 988) Kult. Urspr\u00fcnglich wurden sie von Johann Sebastian Bach f\u00fcr ein zweimanualiges Cembalo komponiert; Erstdruck 1741. Zu Beginn des 20. Jahrhundert erfuhr das Werk durch die allererste Einspielung der polnisch-franz\u00f6sische Cembalistin Wanda Landowska breite Beachtung. Heute geh\u00f6ren die \u201eGoldberg-Variationen\u201c, die von den Interpretinnen und Interpreten \u00e4u\u00dferste Virtuosit\u00e4t erfordern, zum Standardrepertoire. In diesem Feature kommen unter anderem die Pianisten Angela Hewitt, Yaara Tal und Andreas Groethuysen, die Komponistin Dorothea Hofmann, die Cembalistin Christine Schornsheim und der Dirigent Daniel Grossmann zu Wort. Texte von E.T.A. Hoffmann, Thomas Bernhard und Anna Enquist. Eine Sendung von Noemi Schneider<\/p>\n<p class=\"western\">18:20 \u2013 19:00 UHR +++ SWR KULTUR<br \/>\n<b>Jazz: A Walk On The Wilder Side \u2013 Der Komponist Alec Wilder im Jazz<\/b><\/p>\n<p class=\"western\" style=\"padding-left: 40px;\">Von Odilo Clausnitzer. Der Amerikaner Alec Wilder (1907 \u2013 1980) war als Komponist nirgends so ganz zuhause. Er schrieb originelle, manchmal jazzbeeinflusste Musik f\u00fcr klassische Kammerbesetzungen und mehrere Opern, aber auch rund 200 \u201ePopular Songs\u201c. Besonders seine lyrischen Balladen wie \u201eI\u2019ll Be Around\u201c oder \u201eWhile We\u2019re Young\u201c waren in Jazzkreisen beliebt. Keith Jarrett hat mehrere davon aufgenommen, Pianist Roland Hanna und Posaunist Bob Brookmeyer haben jeweils ganze Wilder-Alben gemacht. Und Frank Sinatra hat Wilders Ensemblemusik sogar dirigiert, um den Au\u00dfenseiter bekannter zu machen.<\/p>\n<p class=\"western\">23:30:00 +++ \u00d61<br \/>\n<b>Michael Prowaznik im Gespr\u00e4ch \u00fcber sein Quartett Beyond the Pulse<\/b><\/p>\n<p class=\"western\" style=\"padding-left: 40px;\">Im \u00d61 Jazznacht-Studio zu Gast ist Michael Prowaznik, Schlagzeuger, Komponist und Bandleader von Beyond the Pulse, einem Quartett, das an der Schnittstelle von Intuition, Improvisation, Komposition und Elektronik agiert. Das Ensemble hat sich dem zeitgen\u00f6ssischen Jazz verschrieben und dabei seine ganz eigene Klangsprache entwickelt. 2025 ist das erste Album bei JazzWerkstatt Records in Wien erschienen. Beyond the Pulse spielt darauf mit komplexen rhythmischen Strukturen und lenkt den Fokus ganz bewusst auch auf die einzelnen K\u00fcnstler:innen: E-Bassist Daniele Camarda, Trompeter Franz Hautzinger, Elektronikerin Isabella Forciniti und Michael Prowaznik selbst am Schlagzeug. Er hat f\u00fcr das \u00d61 Jazznacht-Interview neben seinem neuen Album nat\u00fcrlich auch Musik anderer Projekte mit im Gep\u00e4ck und spricht \u00fcber Neugier, Experimentierfreude sowie seine Liebe zu afroamerikanischen Musikstilen.<\/p>\n<hr \/>\n<h2 class=\"western\"><a name=\"__RefHeading___Toc694_4200470073\"><\/a>so \u2013 03.05.2026<\/h2>\n<hr \/>\n<p class=\"western\">00:03 \u2013 06:00 UHR +++ SWR KULTUR<br \/>\n<b>ARD. Jazz Nacht: Legenden Relive \u2013 Miles Davis und John Coltrane<\/b><\/p>\n<p class=\"western\" style=\"padding-left: 40px;\">Von Julia Neupert. Sie sind die beiden prominentesten Jazz-Jubilare in diesem Jahr: Trompeter Miles Davis w\u00e4re am 26. Mai, Saxofonist John Coltrane am 23. September 100 Jahre alt geworden. Zwei Superstars des Jazz, die den Sound unserer Zeit gepr\u00e4gt haben. Auch im SWR- und dem EBU-Archiv gibt es mit Konzertaufnahmen und Studioproduktionen aus Karlsruhe, Stuttgart, Br\u00fcssel, Belgrad oder Pori etliche Spuren ihrer Arbeit! Einige dieser historischen Dokumente pr\u00e4sentieren wir in dieser Nacht und dazu Interpretationen ihrer Kompositionen von Anderen wie Michel Petrucciani, Brad Mehldau oder dem Turtle Island String Quartet.<\/p>\n<p class=\"western\">00:05:00 +++ \u00d61<br \/>\n<b>(Fortsetzung); Michael Prowaznik im Gespr\u00e4ch \u00fcber sein Quartett Beyond the Pulse<\/b><\/p>\n<p class=\"western\">17:10:00 +++ \u00d61<br \/>\n<b>Taling anything you want Blues<\/b><\/p>\n<p class=\"western\" style=\"padding-left: 40px;\">Songs sind dazu da, zu unterhalten, Geschichten zu erz\u00e4hlen und Botschaften zu verbreiten. Daf\u00fcr braucht es nicht unbedingt eine Melodie; auch Gesprochenes kann zum Song werden, vor allem dann, wenn es harmonisch und\/oder rhythmisch eingebettet wird. Was der Rap zum Prinzip erkoren und in virtuoser Vokaltechnik ausgefeilt hat, ist vermutlich so alt wie menschliches Musizieren und Dichten an sich.<\/p>\n<p class=\"western\" style=\"padding-left: 40px;\">Der 1893 in South Carolina geborene (Wei\u00dfe) Christopher Bouchillon war also sicher nicht der erste, der Songs nicht gesungen, sondern rhythmisch gesprochen hat, aber er wurde dennoch zum Wegbereiter, als er 1926 ein humoristisches St\u00fcck mit dem Titel \u201eTalking Blues\u201c auf Schallplatte bannte. Dieser Song hatte gro\u00dfen Erfolg, fand viele Nachahmer und wurde zum Ausgangspunkt und Namensgeber f\u00fcr ein neues Subgenre in der US-amerikanischen Folk-Tradition. Woody Guthrie, Pete Seeger, Bob Dylan, Phil Ochs und viele mehr \u00fcbernahmen Idee, lyrische Form, rhythmische Struktur und Harmonien vor allem f\u00fcr ihre Protestsongs, in denen trocken vorgetragene Reime voller Witz und Ironie dabei halfen, den Ernst der politischen Botschaften zu unterstreichen.<\/p>\n<p class=\"western\" style=\"padding-left: 40px;\">Ausgehend vom Talking Blues erkunden diese Spielr\u00e4ume aber auch noch andere Beispiele f\u00fcr die hohe Kunst des gesprochenen Songs.<\/p>\n<p class=\"western\">19:44 \u2013 20:00 UHR +++ SWR KULTUR<br \/>\n<b>Big time Jazz. Jazz-Orchester, Big Band, Oktett \u2013 hier kommt Musik mit Vielen!<\/b><\/p>\n<p class=\"western\" style=\"padding-left: 40px;\">Im Big Time Jazz stellen wir f\u00fcr Sie interessante und sch\u00f6ne Kl\u00e4nge zusammen \u2013 von gro\u00dfen Ensembles aus dem Jazz und der improvisierten Musik. Wir bergen Archivaufnahmen und durchforsten Neuver\u00f6ffentlichungen f\u00fcr eine Zeit, die ganz den gro\u00dfen Kl\u00e4ngen geh\u00f6rt.<\/p>\n<p class=\"western\">22:03 \u2013 23:00 UHR +++ SWR KULTUR<br \/>\n<b>NOWJazz: Keine Genres, keine Grenzen \u2013 Mazz Swift und ihre musikalische Freiheit<\/b><\/p>\n<p class=\"western\" style=\"padding-left: 40px;\">Von Sophie Emilie Beha. Mit sechs Jahren f\u00e4ngt Mazz Swift an, Geigenunterricht zu nehmen, sp\u00e4ter absolviert sie die Juilliard-School in ihrer Heimatstadt New York. Heute reicht der k\u00fcnstlerische Horizont der Geigerin, Komponistin und S\u00e4ngerin weit \u00fcber die Klassik hinaus: Von Jazz \u00fcber Folk, Hip-Hop bis zu elektronischen Kl\u00e4ngen und freier Improvisation schafft sie ein einzigartiges Klanguniversum. Ihre Musik verbindet afro-amerikanische Traditionen, Spiritualit\u00e4t und das Konzept \u201eSankofa\u201c \u2013 dem Blick zur\u00fcck, um die Zukunft zu gestalten.<\/p>\n<p class=\"western\">23:03:00 +++ \u00d61<br \/>\n<b>Zeit-Ton Magazin \u2013 R\u00fcckblick, Vorschau und aktuelle Ver\u00f6ffentlichungen<\/b><\/p>\n<p class=\"western\" style=\"padding-left: 40px;\">Jeden Sonntag pr\u00e4sentieren wir Ihnen in der ersten Zeit-Ton-Stunde ausgesuchte Veranstaltungstipps f\u00fcr die kommenden sieben Tage und spannende Neuver\u00f6ffentlichungen.<\/p>\n<p class=\"western\" style=\"padding-left: 40px;\">Mit einer Vorschau auf die M\u00fcnchener Biennale, dem Festival f\u00fcr neues Musiktheater. 1988 von Hans Werner Henze als Plattform f\u00fcr junge Komponierende gegr\u00fcndet, feiert man heuer die 20. Ausgabe. Das alle zwei Jahre stattfindende Musiktheaterfestival bietet Diskursprogramme, Interventionen und Installationen. Geleitet wird das Festival 2026 von der deutschen Kulturmanagerin Katrin Beck und der S\u00fcdtiroler Komponistin Manuela Kerer. Damit liegt das von der Stadt M\u00fcnchen veranstaltete Festival erstmals in weiblicher Hand. Im Interview sprechen Beck und Kerer \u00fcber die Schwerpunkte, die sie mit ihrem Programm setzen m\u00f6chten.<\/p>\n<p class=\"western\" style=\"padding-left: 40px;\">Geboten werden ab Freitag, 8. Mai zw\u00f6lf Produktionen und Installationen mit Urauff\u00fchrungen von Asia Ahmetjanova, Zara Ali, Eugene Birman, Margareta Ferek-Petri\u0107, Julie Herndon, Piyawat Louilarpprasert, Monthati Masebe, Maximiliano Soto Mayorga, Ail\u00eds N\u00ed R\u00edain und Yuri Umemoto. Gestaltung: Rainer Elstner<\/p>\n<p class=\"western\">23:03 bis 00:00 Uhr +++ BR-KLASSIK<br \/>\n<b>Musik der Welt: \u201eMythos of \u00c2\u015f\u0131k\u201c \u2013 Der Multiinstrumentalist und S\u00e4nger Erdem Pancarc\u0131<\/b><\/p>\n<p class=\"western\" style=\"padding-left: 40px;\">Auf seinem Album \u201eMythos of \u00c2\u015f\u0131k\u201c widmet sich Erdem Pancarc\u0131 aus Aschaffenburg einem der \u00e4ltesten und zugleich lebendigsten Erz\u00e4hlgenre Anatoliens und Mesopotamiens: der \u00c2\u015f\u0131k-Tradition. Dieses tief verwurzelte musikalisch-poetische Erbe \u2013 getragen von Wandermusikern, Geschichtenerz\u00e4hlern und spirituellen Suchenden ist eine Form gelebter Erinnerung, eine Br\u00fccke zwischen Volksdichtung, Mystik und sozialer Realit\u00e4t. Pancarc\u0131 verbindet traditionelle Instrumente wie Ba\u011flama und Temb\u00fbr mit einem zeitgen\u00f6ssischen Klangbild, das Jazz, improvisatorische Elemente und globale Musikstile subtil integriert. Die Lieder erz\u00e4hlen von Liebe, Sehnsucht, Gerechtigkeit und spiritueller Hingabe \u2013 Themen, die die \u00c2\u015f\u0131k-Kultur seit Jahrhunderten pr\u00e4gen und heute aktueller denn je erscheinen. Eine Sendung von Grit Friedrich<\/p>\n","protected":false},"excerpt":{"rendered":"<p>Jazz im Radio \u2013 Jeden Sonntag gibt es um 12 Uhr unsere \u00dcbersicht f\u00fcr die jeweils nachfolgende Woche. Die #Jazz-Radiowoche vom 27.04.26 bis zum 03.05.26. Auch als PDF zum Download \u2013 #Jazz #JazzZeitung #Radio #Radiowoche \u2013 Ein Service unserer Online-Redaktion.<\/p>\n","protected":false},"author":1,"featured_media":33835,"comment_status":"open","ping_status":"closed","sticky":false,"template":"","format":"standard","meta":{"_jetpack_memberships_contains_paid_content":false,"footnotes":"","jetpack_publicize_message":"","jetpack_publicize_feature_enabled":true,"jetpack_social_post_already_shared":true,"jetpack_social_options":{"image_generator_settings":{"template":"highway","default_image_id":0,"font":"","enabled":false},"version":2}},"categories":[633,452],"tags":[3773,1629],"coauthors":[650],"class_list":["post-33834","post","type-post","status-publish","format-standard","has-post-thumbnail","hentry","category-nachrichten","category-radio","tag-die-radiowoche","tag-jazz-im-radio"],"yoast_head":"<!-- This site is optimized with the Yoast SEO plugin v27.4 - https:\/\/yoast.com\/product\/yoast-seo-wordpress\/ -->\n<title>Die TagDerArbeit-Radiowoche vom 27.04.26 bis 03.05.26 - JazzZeitung<\/title>\n<meta name=\"robots\" content=\"index, follow, max-snippet:-1, max-image-preview:large, max-video-preview:-1\" \/>\n<link rel=\"canonical\" href=\"https:\/\/www.jazzzeitung.de\/cms\/2026\/04\/die-tagderarbeit-radiowoche-vom-27-04-26-bis-03-05-26\/\" \/>\n<meta property=\"og:locale\" content=\"de_DE\" \/>\n<meta property=\"og:type\" content=\"article\" \/>\n<meta property=\"og:title\" content=\"Die TagDerArbeit-Radiowoche vom 27.04.26 bis 03.05.26 - JazzZeitung\" \/>\n<meta property=\"og:description\" content=\"Jazz im Radio \u2013 Jeden Sonntag gibt es um 12 Uhr unsere \u00dcbersicht f\u00fcr die jeweils nachfolgende Woche. Die #Jazz-Radiowoche vom 27.04.26 bis zum 03.05.26. Auch als PDF zum Download \u2013 #Jazz #JazzZeitung #Radio #Radiowoche \u2013 Ein Service unserer Online-Redaktion.\" \/>\n<meta property=\"og:url\" content=\"https:\/\/www.jazzzeitung.de\/cms\/2026\/04\/die-tagderarbeit-radiowoche-vom-27-04-26-bis-03-05-26\/\" \/>\n<meta property=\"og:site_name\" content=\"JazzZeitung\" \/>\n<meta property=\"article:publisher\" content=\"https:\/\/www.facebook.com\/JazzZeitung\/\" \/>\n<meta property=\"article:author\" content=\"https:\/\/www.facebook.com\/hufner\" \/>\n<meta property=\"article:published_time\" content=\"2026-04-26T10:00:10+00:00\" \/>\n<meta property=\"og:image\" content=\"https:\/\/i0.wp.com\/www.jazzzeitung.de\/cms\/wp-content\/uploads\/2026\/04\/de_stijl.png?fit=2200%2C1600&ssl=1\" \/>\n\t<meta property=\"og:image:width\" content=\"2200\" \/>\n\t<meta property=\"og:image:height\" content=\"1600\" \/>\n\t<meta property=\"og:image:type\" content=\"image\/png\" \/>\n<meta name=\"author\" content=\"Martin Hufner\" \/>\n<script type=\"application\/ld+json\" class=\"yoast-schema-graph\">{\"@context\":\"https:\\\/\\\/schema.org\",\"@graph\":[{\"@type\":\"Article\",\"@id\":\"https:\\\/\\\/www.jazzzeitung.de\\\/cms\\\/2026\\\/04\\\/die-tagderarbeit-radiowoche-vom-27-04-26-bis-03-05-26\\\/#article\",\"isPartOf\":{\"@id\":\"https:\\\/\\\/www.jazzzeitung.de\\\/cms\\\/2026\\\/04\\\/die-tagderarbeit-radiowoche-vom-27-04-26-bis-03-05-26\\\/\"},\"author\":{\"name\":\"Martin Hufner\",\"@id\":\"https:\\\/\\\/www.jazzzeitung.de\\\/cms\\\/#\\\/schema\\\/person\\\/b9a4e5ac765d94fb8f617bfa8f1fc5f7\"},\"headline\":\"Die TagDerArbeit-Radiowoche vom 27.04.26 bis 03.05.26\",\"datePublished\":\"2026-04-26T10:00:10+00:00\",\"mainEntityOfPage\":{\"@id\":\"https:\\\/\\\/www.jazzzeitung.de\\\/cms\\\/2026\\\/04\\\/die-tagderarbeit-radiowoche-vom-27-04-26-bis-03-05-26\\\/\"},\"wordCount\":2950,\"commentCount\":0,\"publisher\":{\"@id\":\"https:\\\/\\\/www.jazzzeitung.de\\\/cms\\\/#organization\"},\"image\":{\"@id\":\"https:\\\/\\\/www.jazzzeitung.de\\\/cms\\\/2026\\\/04\\\/die-tagderarbeit-radiowoche-vom-27-04-26-bis-03-05-26\\\/#primaryimage\"},\"thumbnailUrl\":\"https:\\\/\\\/i0.wp.com\\\/www.jazzzeitung.de\\\/cms\\\/wp-content\\\/uploads\\\/2026\\\/04\\\/de_stijl.png?fit=2200%2C1600&ssl=1\",\"keywords\":[\"Die Radiowoche\",\"Jazz im Radio\"],\"articleSection\":[\"News\",\"Radio\"],\"inLanguage\":\"de\",\"potentialAction\":[{\"@type\":\"CommentAction\",\"name\":\"Comment\",\"target\":[\"https:\\\/\\\/www.jazzzeitung.de\\\/cms\\\/2026\\\/04\\\/die-tagderarbeit-radiowoche-vom-27-04-26-bis-03-05-26\\\/#respond\"]}]},{\"@type\":\"WebPage\",\"@id\":\"https:\\\/\\\/www.jazzzeitung.de\\\/cms\\\/2026\\\/04\\\/die-tagderarbeit-radiowoche-vom-27-04-26-bis-03-05-26\\\/\",\"url\":\"https:\\\/\\\/www.jazzzeitung.de\\\/cms\\\/2026\\\/04\\\/die-tagderarbeit-radiowoche-vom-27-04-26-bis-03-05-26\\\/\",\"name\":\"Die TagDerArbeit-Radiowoche vom 27.04.26 bis 03.05.26 - JazzZeitung\",\"isPartOf\":{\"@id\":\"https:\\\/\\\/www.jazzzeitung.de\\\/cms\\\/#website\"},\"primaryImageOfPage\":{\"@id\":\"https:\\\/\\\/www.jazzzeitung.de\\\/cms\\\/2026\\\/04\\\/die-tagderarbeit-radiowoche-vom-27-04-26-bis-03-05-26\\\/#primaryimage\"},\"image\":{\"@id\":\"https:\\\/\\\/www.jazzzeitung.de\\\/cms\\\/2026\\\/04\\\/die-tagderarbeit-radiowoche-vom-27-04-26-bis-03-05-26\\\/#primaryimage\"},\"thumbnailUrl\":\"https:\\\/\\\/i0.wp.com\\\/www.jazzzeitung.de\\\/cms\\\/wp-content\\\/uploads\\\/2026\\\/04\\\/de_stijl.png?fit=2200%2C1600&ssl=1\",\"datePublished\":\"2026-04-26T10:00:10+00:00\",\"breadcrumb\":{\"@id\":\"https:\\\/\\\/www.jazzzeitung.de\\\/cms\\\/2026\\\/04\\\/die-tagderarbeit-radiowoche-vom-27-04-26-bis-03-05-26\\\/#breadcrumb\"},\"inLanguage\":\"de\",\"potentialAction\":[{\"@type\":\"ReadAction\",\"target\":[\"https:\\\/\\\/www.jazzzeitung.de\\\/cms\\\/2026\\\/04\\\/die-tagderarbeit-radiowoche-vom-27-04-26-bis-03-05-26\\\/\"]}]},{\"@type\":\"ImageObject\",\"inLanguage\":\"de\",\"@id\":\"https:\\\/\\\/www.jazzzeitung.de\\\/cms\\\/2026\\\/04\\\/die-tagderarbeit-radiowoche-vom-27-04-26-bis-03-05-26\\\/#primaryimage\",\"url\":\"https:\\\/\\\/i0.wp.com\\\/www.jazzzeitung.de\\\/cms\\\/wp-content\\\/uploads\\\/2026\\\/04\\\/de_stijl.png?fit=2200%2C1600&ssl=1\",\"contentUrl\":\"https:\\\/\\\/i0.wp.com\\\/www.jazzzeitung.de\\\/cms\\\/wp-content\\\/uploads\\\/2026\\\/04\\\/de_stijl.png?fit=2200%2C1600&ssl=1\",\"width\":2200,\"height\":1600,\"caption\":\"Es gibt hier nichts zu sehen. Grafik: Hufner\"},{\"@type\":\"BreadcrumbList\",\"@id\":\"https:\\\/\\\/www.jazzzeitung.de\\\/cms\\\/2026\\\/04\\\/die-tagderarbeit-radiowoche-vom-27-04-26-bis-03-05-26\\\/#breadcrumb\",\"itemListElement\":[{\"@type\":\"ListItem\",\"position\":1,\"name\":\"Startseite\",\"item\":\"https:\\\/\\\/www.jazzzeitung.de\\\/cms\\\/\"},{\"@type\":\"ListItem\",\"position\":2,\"name\":\"Die TagDerArbeit-Radiowoche vom 27.04.26 bis 03.05.26\"}]},{\"@type\":\"WebSite\",\"@id\":\"https:\\\/\\\/www.jazzzeitung.de\\\/cms\\\/#website\",\"url\":\"https:\\\/\\\/www.jazzzeitung.de\\\/cms\\\/\",\"name\":\"JazzZeitung\",\"description\":\"Jazz-News und Jazz-Kontroverses\",\"publisher\":{\"@id\":\"https:\\\/\\\/www.jazzzeitung.de\\\/cms\\\/#organization\"},\"potentialAction\":[{\"@type\":\"SearchAction\",\"target\":{\"@type\":\"EntryPoint\",\"urlTemplate\":\"https:\\\/\\\/www.jazzzeitung.de\\\/cms\\\/?s={search_term_string}\"},\"query-input\":{\"@type\":\"PropertyValueSpecification\",\"valueRequired\":true,\"valueName\":\"search_term_string\"}}],\"inLanguage\":\"de\"},{\"@type\":\"Organization\",\"@id\":\"https:\\\/\\\/www.jazzzeitung.de\\\/cms\\\/#organization\",\"name\":\"JazzZeitung online\",\"url\":\"https:\\\/\\\/www.jazzzeitung.de\\\/cms\\\/\",\"logo\":{\"@type\":\"ImageObject\",\"inLanguage\":\"de\",\"@id\":\"https:\\\/\\\/www.jazzzeitung.de\\\/cms\\\/#\\\/schema\\\/logo\\\/image\\\/\",\"url\":\"https:\\\/\\\/i0.wp.com\\\/www.jazzzeitung.de\\\/cms\\\/wp-content\\\/uploads\\\/2015\\\/08\\\/JAZZZEITUNGDE_Logo_Neu.png?fit=499%2C200&ssl=1\",\"contentUrl\":\"https:\\\/\\\/i0.wp.com\\\/www.jazzzeitung.de\\\/cms\\\/wp-content\\\/uploads\\\/2015\\\/08\\\/JAZZZEITUNGDE_Logo_Neu.png?fit=499%2C200&ssl=1\",\"width\":499,\"height\":200,\"caption\":\"JazzZeitung online\"},\"image\":{\"@id\":\"https:\\\/\\\/www.jazzzeitung.de\\\/cms\\\/#\\\/schema\\\/logo\\\/image\\\/\"},\"sameAs\":[\"https:\\\/\\\/www.facebook.com\\\/JazzZeitung\\\/\"]},{\"@type\":\"Person\",\"@id\":\"https:\\\/\\\/www.jazzzeitung.de\\\/cms\\\/#\\\/schema\\\/person\\\/b9a4e5ac765d94fb8f617bfa8f1fc5f7\",\"name\":\"Martin Hufner\",\"image\":{\"@type\":\"ImageObject\",\"inLanguage\":\"de\",\"@id\":\"https:\\\/\\\/i0.wp.com\\\/www.jazzzeitung.de\\\/cms\\\/wp-content\\\/uploads\\\/2013\\\/07\\\/huf-06.jpg?resize=96%2C96&ssl=15fcc31aa94540751a3b804516452be00\",\"url\":\"https:\\\/\\\/i0.wp.com\\\/www.jazzzeitung.de\\\/cms\\\/wp-content\\\/uploads\\\/2013\\\/07\\\/huf-06.jpg?resize=96%2C96&ssl=1\",\"contentUrl\":\"https:\\\/\\\/i0.wp.com\\\/www.jazzzeitung.de\\\/cms\\\/wp-content\\\/uploads\\\/2013\\\/07\\\/huf-06.jpg?resize=96%2C96&ssl=1\",\"caption\":\"Martin Hufner\"},\"description\":\"Martin Hufner ist freier Autor der JazzZeitung.\",\"sameAs\":[\"https:\\\/\\\/www.kritische-masse.de\\\/logbuch\",\"https:\\\/\\\/www.facebook.com\\\/hufner\"],\"url\":\"https:\\\/\\\/www.jazzzeitung.de\\\/cms\\\/author\\\/admin\\\/\"}]}<\/script>\n<!-- \/ Yoast SEO plugin. -->","yoast_head_json":{"title":"Die TagDerArbeit-Radiowoche vom 27.04.26 bis 03.05.26 - JazzZeitung","robots":{"index":"index","follow":"follow","max-snippet":"max-snippet:-1","max-image-preview":"max-image-preview:large","max-video-preview":"max-video-preview:-1"},"canonical":"https:\/\/www.jazzzeitung.de\/cms\/2026\/04\/die-tagderarbeit-radiowoche-vom-27-04-26-bis-03-05-26\/","og_locale":"de_DE","og_type":"article","og_title":"Die TagDerArbeit-Radiowoche vom 27.04.26 bis 03.05.26 - JazzZeitung","og_description":"Jazz im Radio \u2013 Jeden Sonntag gibt es um 12 Uhr unsere \u00dcbersicht f\u00fcr die jeweils nachfolgende Woche. Die #Jazz-Radiowoche vom 27.04.26 bis zum 03.05.26. Auch als PDF zum Download \u2013 #Jazz #JazzZeitung #Radio #Radiowoche \u2013 Ein Service unserer Online-Redaktion.","og_url":"https:\/\/www.jazzzeitung.de\/cms\/2026\/04\/die-tagderarbeit-radiowoche-vom-27-04-26-bis-03-05-26\/","og_site_name":"JazzZeitung","article_publisher":"https:\/\/www.facebook.com\/JazzZeitung\/","article_author":"https:\/\/www.facebook.com\/hufner","article_published_time":"2026-04-26T10:00:10+00:00","og_image":[{"width":2200,"height":1600,"url":"https:\/\/i0.wp.com\/www.jazzzeitung.de\/cms\/wp-content\/uploads\/2026\/04\/de_stijl.png?fit=2200%2C1600&ssl=1","type":"image\/png"}],"author":"Martin Hufner","schema":{"@context":"https:\/\/schema.org","@graph":[{"@type":"Article","@id":"https:\/\/www.jazzzeitung.de\/cms\/2026\/04\/die-tagderarbeit-radiowoche-vom-27-04-26-bis-03-05-26\/#article","isPartOf":{"@id":"https:\/\/www.jazzzeitung.de\/cms\/2026\/04\/die-tagderarbeit-radiowoche-vom-27-04-26-bis-03-05-26\/"},"author":{"name":"Martin Hufner","@id":"https:\/\/www.jazzzeitung.de\/cms\/#\/schema\/person\/b9a4e5ac765d94fb8f617bfa8f1fc5f7"},"headline":"Die TagDerArbeit-Radiowoche vom 27.04.26 bis 03.05.26","datePublished":"2026-04-26T10:00:10+00:00","mainEntityOfPage":{"@id":"https:\/\/www.jazzzeitung.de\/cms\/2026\/04\/die-tagderarbeit-radiowoche-vom-27-04-26-bis-03-05-26\/"},"wordCount":2950,"commentCount":0,"publisher":{"@id":"https:\/\/www.jazzzeitung.de\/cms\/#organization"},"image":{"@id":"https:\/\/www.jazzzeitung.de\/cms\/2026\/04\/die-tagderarbeit-radiowoche-vom-27-04-26-bis-03-05-26\/#primaryimage"},"thumbnailUrl":"https:\/\/i0.wp.com\/www.jazzzeitung.de\/cms\/wp-content\/uploads\/2026\/04\/de_stijl.png?fit=2200%2C1600&ssl=1","keywords":["Die Radiowoche","Jazz im Radio"],"articleSection":["News","Radio"],"inLanguage":"de","potentialAction":[{"@type":"CommentAction","name":"Comment","target":["https:\/\/www.jazzzeitung.de\/cms\/2026\/04\/die-tagderarbeit-radiowoche-vom-27-04-26-bis-03-05-26\/#respond"]}]},{"@type":"WebPage","@id":"https:\/\/www.jazzzeitung.de\/cms\/2026\/04\/die-tagderarbeit-radiowoche-vom-27-04-26-bis-03-05-26\/","url":"https:\/\/www.jazzzeitung.de\/cms\/2026\/04\/die-tagderarbeit-radiowoche-vom-27-04-26-bis-03-05-26\/","name":"Die TagDerArbeit-Radiowoche vom 27.04.26 bis 03.05.26 - JazzZeitung","isPartOf":{"@id":"https:\/\/www.jazzzeitung.de\/cms\/#website"},"primaryImageOfPage":{"@id":"https:\/\/www.jazzzeitung.de\/cms\/2026\/04\/die-tagderarbeit-radiowoche-vom-27-04-26-bis-03-05-26\/#primaryimage"},"image":{"@id":"https:\/\/www.jazzzeitung.de\/cms\/2026\/04\/die-tagderarbeit-radiowoche-vom-27-04-26-bis-03-05-26\/#primaryimage"},"thumbnailUrl":"https:\/\/i0.wp.com\/www.jazzzeitung.de\/cms\/wp-content\/uploads\/2026\/04\/de_stijl.png?fit=2200%2C1600&ssl=1","datePublished":"2026-04-26T10:00:10+00:00","breadcrumb":{"@id":"https:\/\/www.jazzzeitung.de\/cms\/2026\/04\/die-tagderarbeit-radiowoche-vom-27-04-26-bis-03-05-26\/#breadcrumb"},"inLanguage":"de","potentialAction":[{"@type":"ReadAction","target":["https:\/\/www.jazzzeitung.de\/cms\/2026\/04\/die-tagderarbeit-radiowoche-vom-27-04-26-bis-03-05-26\/"]}]},{"@type":"ImageObject","inLanguage":"de","@id":"https:\/\/www.jazzzeitung.de\/cms\/2026\/04\/die-tagderarbeit-radiowoche-vom-27-04-26-bis-03-05-26\/#primaryimage","url":"https:\/\/i0.wp.com\/www.jazzzeitung.de\/cms\/wp-content\/uploads\/2026\/04\/de_stijl.png?fit=2200%2C1600&ssl=1","contentUrl":"https:\/\/i0.wp.com\/www.jazzzeitung.de\/cms\/wp-content\/uploads\/2026\/04\/de_stijl.png?fit=2200%2C1600&ssl=1","width":2200,"height":1600,"caption":"Es gibt hier nichts zu sehen. Grafik: Hufner"},{"@type":"BreadcrumbList","@id":"https:\/\/www.jazzzeitung.de\/cms\/2026\/04\/die-tagderarbeit-radiowoche-vom-27-04-26-bis-03-05-26\/#breadcrumb","itemListElement":[{"@type":"ListItem","position":1,"name":"Startseite","item":"https:\/\/www.jazzzeitung.de\/cms\/"},{"@type":"ListItem","position":2,"name":"Die TagDerArbeit-Radiowoche vom 27.04.26 bis 03.05.26"}]},{"@type":"WebSite","@id":"https:\/\/www.jazzzeitung.de\/cms\/#website","url":"https:\/\/www.jazzzeitung.de\/cms\/","name":"JazzZeitung","description":"Jazz-News und Jazz-Kontroverses","publisher":{"@id":"https:\/\/www.jazzzeitung.de\/cms\/#organization"},"potentialAction":[{"@type":"SearchAction","target":{"@type":"EntryPoint","urlTemplate":"https:\/\/www.jazzzeitung.de\/cms\/?s={search_term_string}"},"query-input":{"@type":"PropertyValueSpecification","valueRequired":true,"valueName":"search_term_string"}}],"inLanguage":"de"},{"@type":"Organization","@id":"https:\/\/www.jazzzeitung.de\/cms\/#organization","name":"JazzZeitung online","url":"https:\/\/www.jazzzeitung.de\/cms\/","logo":{"@type":"ImageObject","inLanguage":"de","@id":"https:\/\/www.jazzzeitung.de\/cms\/#\/schema\/logo\/image\/","url":"https:\/\/i0.wp.com\/www.jazzzeitung.de\/cms\/wp-content\/uploads\/2015\/08\/JAZZZEITUNGDE_Logo_Neu.png?fit=499%2C200&ssl=1","contentUrl":"https:\/\/i0.wp.com\/www.jazzzeitung.de\/cms\/wp-content\/uploads\/2015\/08\/JAZZZEITUNGDE_Logo_Neu.png?fit=499%2C200&ssl=1","width":499,"height":200,"caption":"JazzZeitung online"},"image":{"@id":"https:\/\/www.jazzzeitung.de\/cms\/#\/schema\/logo\/image\/"},"sameAs":["https:\/\/www.facebook.com\/JazzZeitung\/"]},{"@type":"Person","@id":"https:\/\/www.jazzzeitung.de\/cms\/#\/schema\/person\/b9a4e5ac765d94fb8f617bfa8f1fc5f7","name":"Martin Hufner","image":{"@type":"ImageObject","inLanguage":"de","@id":"https:\/\/i0.wp.com\/www.jazzzeitung.de\/cms\/wp-content\/uploads\/2013\/07\/huf-06.jpg?resize=96%2C96&ssl=15fcc31aa94540751a3b804516452be00","url":"https:\/\/i0.wp.com\/www.jazzzeitung.de\/cms\/wp-content\/uploads\/2013\/07\/huf-06.jpg?resize=96%2C96&ssl=1","contentUrl":"https:\/\/i0.wp.com\/www.jazzzeitung.de\/cms\/wp-content\/uploads\/2013\/07\/huf-06.jpg?resize=96%2C96&ssl=1","caption":"Martin Hufner"},"description":"Martin Hufner ist freier Autor der JazzZeitung.","sameAs":["https:\/\/www.kritische-masse.de\/logbuch","https:\/\/www.facebook.com\/hufner"],"url":"https:\/\/www.jazzzeitung.de\/cms\/author\/admin\/"}]}},"wp-worthy-pixel":{"ignored":true,"public":null,"server":null,"url":null},"wp-worthy-type":"normal","jetpack_publicize_connections":[],"cc_featured_image_caption":{"caption_text":"Es gibt hier nichts zu sehen. ","source_text":"Grafik: Hufner","source_url":"https:\/\/www.kritische-masse.de\/logbuch\/"},"jetpack_featured_media_url":"https:\/\/i0.wp.com\/www.jazzzeitung.de\/cms\/wp-content\/uploads\/2026\/04\/de_stijl.png?fit=2200%2C1600&ssl=1","jetpack_shortlink":"https:\/\/wp.me\/p3KEcT-8NI","jetpack-related-posts":[{"id":22236,"url":"https:\/\/www.jazzzeitung.de\/cms\/2020\/03\/die-jazz-radiowoche-vom-30-03-20-bis-05-04-20\/","url_meta":{"origin":33834,"position":0},"title":"Die Jazz-Radiowoche vom 30.03.20 bis 05.04.20","author":"Martin Hufner","date":"29. M\u00e4rz 2020","format":false,"excerpt":"Ein kleiner Blick in die Jazzwoche 14 im Radio. Alle Angaben ohne Gew\u00e4hr. Jazz im Radio (Fernsehen) SR2 \u2013 JazzNow \u2013 Sonntags von 20.04 bis 22.30 Uhr BR-KLASSIK \u2013 Jazztime \u2013 Von Montag bis Freitag t\u00e4glich um 23.05 Uhr rbb-kultur \u2013 Late Night Jazz \u2013 Sa und So 23:04 \u2013\u2026","rel":"","context":"In &quot;News&quot;","block_context":{"text":"News","link":"https:\/\/www.jazzzeitung.de\/cms\/thema\/nachrichten\/"},"img":{"alt_text":"Jazz im Radio. Foto: Hufner","src":"https:\/\/i0.wp.com\/www.jazzzeitung.de\/cms\/wp-content\/uploads\/2019\/03\/jazz_im_radio.jpg?fit=1200%2C773&ssl=1&resize=350%2C200","width":350,"height":200,"srcset":"https:\/\/i0.wp.com\/www.jazzzeitung.de\/cms\/wp-content\/uploads\/2019\/03\/jazz_im_radio.jpg?fit=1200%2C773&ssl=1&resize=350%2C200 1x, https:\/\/i0.wp.com\/www.jazzzeitung.de\/cms\/wp-content\/uploads\/2019\/03\/jazz_im_radio.jpg?fit=1200%2C773&ssl=1&resize=525%2C300 1.5x, https:\/\/i0.wp.com\/www.jazzzeitung.de\/cms\/wp-content\/uploads\/2019\/03\/jazz_im_radio.jpg?fit=1200%2C773&ssl=1&resize=700%2C400 2x, https:\/\/i0.wp.com\/www.jazzzeitung.de\/cms\/wp-content\/uploads\/2019\/03\/jazz_im_radio.jpg?fit=1200%2C773&ssl=1&resize=1050%2C600 3x"},"classes":[]},{"id":23982,"url":"https:\/\/www.jazzzeitung.de\/cms\/2020\/12\/die-jazz-radiowoche-vom-14-12-20-bis-31-12-2020\/","url_meta":{"origin":33834,"position":1},"title":"Die Jazz-Radiowoche vom 14.12.20 bis 31.12.2020","author":"Martin Hufner","date":"13. Dezember 2020","format":false,"excerpt":"Ein kleiner Blick in Restmonat. Die Suchmaschine der ARD hat ihren Dienst am 7.12.2020 eingestellt. Nachfragen haben nur gezeigt, dass die Veranwortlichen kein Interesse daran haben, das zu kommunizieren. Weder ist herauszubekommen, wer das veranlasst hat noch warum. Danke ARD! F\u00fcr nichts. Jetzt schauen wir mal, wie es weiter geht.\u2026","rel":"","context":"In &quot;News&quot;","block_context":{"text":"News","link":"https:\/\/www.jazzzeitung.de\/cms\/thema\/nachrichten\/"},"img":{"alt_text":"Jazz im Radio. Foto: Hufner","src":"https:\/\/i0.wp.com\/www.jazzzeitung.de\/cms\/wp-content\/uploads\/2019\/03\/jazz_im_radio.jpg?fit=1200%2C773&ssl=1&resize=350%2C200","width":350,"height":200,"srcset":"https:\/\/i0.wp.com\/www.jazzzeitung.de\/cms\/wp-content\/uploads\/2019\/03\/jazz_im_radio.jpg?fit=1200%2C773&ssl=1&resize=350%2C200 1x, https:\/\/i0.wp.com\/www.jazzzeitung.de\/cms\/wp-content\/uploads\/2019\/03\/jazz_im_radio.jpg?fit=1200%2C773&ssl=1&resize=525%2C300 1.5x, https:\/\/i0.wp.com\/www.jazzzeitung.de\/cms\/wp-content\/uploads\/2019\/03\/jazz_im_radio.jpg?fit=1200%2C773&ssl=1&resize=700%2C400 2x, https:\/\/i0.wp.com\/www.jazzzeitung.de\/cms\/wp-content\/uploads\/2019\/03\/jazz_im_radio.jpg?fit=1200%2C773&ssl=1&resize=1050%2C600 3x"},"classes":[]},{"id":23939,"url":"https:\/\/www.jazzzeitung.de\/cms\/2020\/12\/die-jazz-radiowoche-vom-7-12-20-bis-13-12-2020\/","url_meta":{"origin":33834,"position":2},"title":"Die Jazz-Radiowoche vom 7.12.20 bis 13.12.2020","author":"Martin Hufner","date":"6. Dezember 2020","format":false,"excerpt":"Ein kleiner Blick in die Jazzwoche 50 im Radio. Der ist dieses mal so klein, es steht da n\u00e4mlich gar nichts drin.Grund daf\u00fcr: Die Suchmaschine f\u00fcr Radiosendungen der ARD gibt am dem 7.12.2020 keine Ergebnisse heraus. Versuche der Kontaktaufnahme mit der ARD sind ohne Echo verhallt. Aktuell bleibt es bei\u2026","rel":"","context":"In &quot;News&quot;","block_context":{"text":"News","link":"https:\/\/www.jazzzeitung.de\/cms\/thema\/nachrichten\/"},"img":{"alt_text":"Jazz im Radio. Foto: Hufner","src":"https:\/\/i0.wp.com\/www.jazzzeitung.de\/cms\/wp-content\/uploads\/2019\/03\/jazz_im_radio.jpg?fit=1200%2C773&ssl=1&resize=350%2C200","width":350,"height":200,"srcset":"https:\/\/i0.wp.com\/www.jazzzeitung.de\/cms\/wp-content\/uploads\/2019\/03\/jazz_im_radio.jpg?fit=1200%2C773&ssl=1&resize=350%2C200 1x, https:\/\/i0.wp.com\/www.jazzzeitung.de\/cms\/wp-content\/uploads\/2019\/03\/jazz_im_radio.jpg?fit=1200%2C773&ssl=1&resize=525%2C300 1.5x, https:\/\/i0.wp.com\/www.jazzzeitung.de\/cms\/wp-content\/uploads\/2019\/03\/jazz_im_radio.jpg?fit=1200%2C773&ssl=1&resize=700%2C400 2x, https:\/\/i0.wp.com\/www.jazzzeitung.de\/cms\/wp-content\/uploads\/2019\/03\/jazz_im_radio.jpg?fit=1200%2C773&ssl=1&resize=1050%2C600 3x"},"classes":[]},{"id":33138,"url":"https:\/\/www.jazzzeitung.de\/cms\/2025\/09\/die-atomgrosse-jazz-radiowoche-vom-29-09-2025-bis-05-10-2025\/","url_meta":{"origin":33834,"position":3},"title":"Die atomgro\u00dfe Jazz-Radiowoche vom 29.09.2025 bis 05.10.2025","author":"Martin Hufner","date":"28. September 2025","format":false,"excerpt":"Jazz im Radio \u2013 Jeden Sonntag gibt es um 12 Uhr unsere \u00dcbersicht f\u00fcr die jeweils nachfolgende Woche. Die #Jazz-Radiowoche vom 29.09. bis zum 05.10.2025. Erheblich d\u00fcnn! Auch als PDF zum Download \u2013 #Jazz #JazzZeitung #Radio #Radiowoche \u2013 Ein Service unserer Online-Redaktion.","rel":"","context":"In &quot;News&quot;","block_context":{"text":"News","link":"https:\/\/www.jazzzeitung.de\/cms\/thema\/nachrichten\/"},"img":{"alt_text":"Botanische Supernova mit schwarzem Loch in der Na\u0308he von Terra Nova. Foto: Hufner","src":"https:\/\/i0.wp.com\/www.jazzzeitung.de\/cms\/wp-content\/uploads\/2025\/09\/Botanische-Supernova-mit-schwarzem-Loch-in-der-Naehe-von-Terra-Nova.jpg?fit=1200%2C900&ssl=1&resize=350%2C200","width":350,"height":200,"srcset":"https:\/\/i0.wp.com\/www.jazzzeitung.de\/cms\/wp-content\/uploads\/2025\/09\/Botanische-Supernova-mit-schwarzem-Loch-in-der-Naehe-von-Terra-Nova.jpg?fit=1200%2C900&ssl=1&resize=350%2C200 1x, https:\/\/i0.wp.com\/www.jazzzeitung.de\/cms\/wp-content\/uploads\/2025\/09\/Botanische-Supernova-mit-schwarzem-Loch-in-der-Naehe-von-Terra-Nova.jpg?fit=1200%2C900&ssl=1&resize=525%2C300 1.5x, https:\/\/i0.wp.com\/www.jazzzeitung.de\/cms\/wp-content\/uploads\/2025\/09\/Botanische-Supernova-mit-schwarzem-Loch-in-der-Naehe-von-Terra-Nova.jpg?fit=1200%2C900&ssl=1&resize=700%2C400 2x, https:\/\/i0.wp.com\/www.jazzzeitung.de\/cms\/wp-content\/uploads\/2025\/09\/Botanische-Supernova-mit-schwarzem-Loch-in-der-Naehe-von-Terra-Nova.jpg?fit=1200%2C900&ssl=1&resize=1050%2C600 3x"},"classes":[]},{"id":31928,"url":"https:\/\/www.jazzzeitung.de\/cms\/2024\/11\/die-geschmolzene-jazz-radiowoche-vom-25-11-2024-bis-01-12-2024\/","url_meta":{"origin":33834,"position":4},"title":"Die geschmolzene Jazz-Radiowoche vom 25.11.2024 bis 01.12.2024","author":"Martin Hufner","date":"24. November 2024","format":false,"excerpt":"Jazz im Radio \u2013 Jeden Sonntag gibt es um 12 Uhr unsere \u00dcbersicht f\u00fcr die jeweils nachfolgende Woche. Die #Jazz-Radiowoche vom 25. November bis zum 1. Dezember 2024. Erheblich ausged\u00fcnnt. Die ARD schafft ihr Radio gewisserma\u00dfen ab. Auch als PDF zum Download \u2013 #Jazz #JazzZeitung #Radio #Radiowoche \u2013 Ein Service\u2026","rel":"","context":"In &quot;News&quot;","block_context":{"text":"News","link":"https:\/\/www.jazzzeitung.de\/cms\/thema\/nachrichten\/"},"img":{"alt_text":"zugfahrt 2023 1. MH","src":"https:\/\/i0.wp.com\/www.jazzzeitung.de\/cms\/wp-content\/uploads\/2024\/11\/zugfahrt2023-1.-MH.jpg?fit=1200%2C900&ssl=1&resize=350%2C200","width":350,"height":200,"srcset":"https:\/\/i0.wp.com\/www.jazzzeitung.de\/cms\/wp-content\/uploads\/2024\/11\/zugfahrt2023-1.-MH.jpg?fit=1200%2C900&ssl=1&resize=350%2C200 1x, https:\/\/i0.wp.com\/www.jazzzeitung.de\/cms\/wp-content\/uploads\/2024\/11\/zugfahrt2023-1.-MH.jpg?fit=1200%2C900&ssl=1&resize=525%2C300 1.5x, https:\/\/i0.wp.com\/www.jazzzeitung.de\/cms\/wp-content\/uploads\/2024\/11\/zugfahrt2023-1.-MH.jpg?fit=1200%2C900&ssl=1&resize=700%2C400 2x, https:\/\/i0.wp.com\/www.jazzzeitung.de\/cms\/wp-content\/uploads\/2024\/11\/zugfahrt2023-1.-MH.jpg?fit=1200%2C900&ssl=1&resize=1050%2C600 3x"},"classes":[]},{"id":32215,"url":"https:\/\/www.jazzzeitung.de\/cms\/2025\/02\/die-eingeschmolzene-jazz-radiowoche-vom-17-02-2025-bis-23-02-2025\/","url_meta":{"origin":33834,"position":5},"title":"Die eingeschmolzene Jazz-Radiowoche vom 17.02.2025 bis 23.02.2025","author":"Martin Hufner","date":"16. Februar 2025","format":false,"excerpt":"Jazz im Radio \u2013 Jeden Sonntag gibt es um 12 Uhr unsere \u00dcbersicht f\u00fcr die jeweils nachfolgende Woche. Die #Jazz-Radiowoche vom 10. bis 16. Februar 2025. Erheblich ausged\u00fcnnt. Die ARD schafft ihr Radio gewisserma\u00dfen ab. Auch als PDF zum Download \u2013 #Jazz #JazzZeitung #Radio #Radiowoche \u2013 Ein Service unserer Online-Redaktion.","rel":"","context":"In &quot;News&quot;","block_context":{"text":"News","link":"https:\/\/www.jazzzeitung.de\/cms\/thema\/nachrichten\/"},"img":{"alt_text":"Kunst vorm Bau. Foto: Hufner","src":"https:\/\/i0.wp.com\/www.jazzzeitung.de\/cms\/wp-content\/uploads\/2025\/02\/kunstvormbau.jpg?fit=1080%2C939&ssl=1&resize=350%2C200","width":350,"height":200,"srcset":"https:\/\/i0.wp.com\/www.jazzzeitung.de\/cms\/wp-content\/uploads\/2025\/02\/kunstvormbau.jpg?fit=1080%2C939&ssl=1&resize=350%2C200 1x, https:\/\/i0.wp.com\/www.jazzzeitung.de\/cms\/wp-content\/uploads\/2025\/02\/kunstvormbau.jpg?fit=1080%2C939&ssl=1&resize=525%2C300 1.5x, https:\/\/i0.wp.com\/www.jazzzeitung.de\/cms\/wp-content\/uploads\/2025\/02\/kunstvormbau.jpg?fit=1080%2C939&ssl=1&resize=700%2C400 2x, https:\/\/i0.wp.com\/www.jazzzeitung.de\/cms\/wp-content\/uploads\/2025\/02\/kunstvormbau.jpg?fit=1080%2C939&ssl=1&resize=1050%2C600 3x"},"classes":[]}],"jetpack_sharing_enabled":true,"_links":{"self":[{"href":"https:\/\/www.jazzzeitung.de\/cms\/wp-json\/wp\/v2\/posts\/33834","targetHints":{"allow":["GET"]}}],"collection":[{"href":"https:\/\/www.jazzzeitung.de\/cms\/wp-json\/wp\/v2\/posts"}],"about":[{"href":"https:\/\/www.jazzzeitung.de\/cms\/wp-json\/wp\/v2\/types\/post"}],"author":[{"embeddable":true,"href":"https:\/\/www.jazzzeitung.de\/cms\/wp-json\/wp\/v2\/users\/1"}],"replies":[{"embeddable":true,"href":"https:\/\/www.jazzzeitung.de\/cms\/wp-json\/wp\/v2\/comments?post=33834"}],"version-history":[{"count":1,"href":"https:\/\/www.jazzzeitung.de\/cms\/wp-json\/wp\/v2\/posts\/33834\/revisions"}],"predecessor-version":[{"id":33836,"href":"https:\/\/www.jazzzeitung.de\/cms\/wp-json\/wp\/v2\/posts\/33834\/revisions\/33836"}],"wp:featuredmedia":[{"embeddable":true,"href":"https:\/\/www.jazzzeitung.de\/cms\/wp-json\/wp\/v2\/media\/33835"}],"wp:attachment":[{"href":"https:\/\/www.jazzzeitung.de\/cms\/wp-json\/wp\/v2\/media?parent=33834"}],"wp:term":[{"taxonomy":"category","embeddable":true,"href":"https:\/\/www.jazzzeitung.de\/cms\/wp-json\/wp\/v2\/categories?post=33834"},{"taxonomy":"post_tag","embeddable":true,"href":"https:\/\/www.jazzzeitung.de\/cms\/wp-json\/wp\/v2\/tags?post=33834"},{"taxonomy":"author","embeddable":true,"href":"https:\/\/www.jazzzeitung.de\/cms\/wp-json\/wp\/v2\/coauthors?post=33834"}],"curies":[{"name":"wp","href":"https:\/\/api.w.org\/{rel}","templated":true}]}}