{"id":33731,"date":"2026-03-12T15:57:13","date_gmt":"2026-03-12T14:57:13","guid":{"rendered":"https:\/\/www.jazzzeitung.de\/cms\/?p=33731"},"modified":"2026-03-13T09:23:47","modified_gmt":"2026-03-13T08:23:47","slug":"velvet-revolution-jelena-im-bergson-samtene-verfuehrung","status":"publish","type":"post","link":"https:\/\/www.jazzzeitung.de\/cms\/2026\/03\/velvet-revolution-jelena-im-bergson-samtene-verfuehrung\/","title":{"rendered":"Velvet Revolution &#038; Jelena im Bergson &#8211; samtene Verf\u00fchrung"},"content":{"rendered":"<p>(Von Robert Fischer) Man w\u00fcsste ja gerne, wie Daniel Erdmann das macht: dass man seinem Ton am Saxophon sofort erliegt. Seit rund drei Jahrzehnten ist der 1973 in Wuppertal geborene Musiker jetzt schon in der europ\u00e4ischen und internationalen Szene aktiv. Und in welcher Bandkonstellation auch immer er zu h\u00f6ren ist \u2013 stets kann man sich darauf verlassen, dass sein verf\u00fchrerischer Ton das Ganze zum Erlebnis macht. Was er auch bei seinem BR-Clubkonzert am Mittwoch, dem 11. M\u00e4rz 2026, im M\u00fcnchner Bergson Kunstkraftwerk erneut eindrucksvoll bewies.<\/p>\n<p>Kein Wunder also, dass auch Beate Sampson, die f\u00fcr den das Konzert aufzeichnenden (und am 20. M\u00e4rz ab 23.03 in der Sendung Jazztime auf BR Klassik sendenden) Bayerischen Rundfunk moderierend durch den Abend f\u00fchrte, ins Schw\u00e4rmen kam. \u00dcber einen Musiker, den sie nun schon seit rund drei Jahrzehnten kennt und der nicht zuletzt auch \u00fcber einen hintergr\u00fcndigen Humor verf\u00fcgt, der ihn zum Beispiel dazu brachte, seine vor der Jahrtausendwende \u201eErdmann 2000\u201c genannte Formation nach eben dieser durchaus folgerichtig in \u201eErdmann 3000\u201c umzubenennen.<\/p>\n<h3>Eine Kombination aus Feuer und Zartheit<\/h3>\n<p>\u201eVelvet Revolution\u201c, so bekundete der Tenorsaxophonist anschlie\u00dfend selbst auf der B\u00fchne im gut gef\u00fcllten Club, sei entstanden, als er mit (s)einer ganz eigenen \u201esamtenen Revolution\u201c besch\u00e4ftigt war. Was genau er damit meinte, \u00fcberlie\u00df er der Phantasie des Publikums \u2013 immerhin l\u00e4sst sich die Zeit exakt bestimmen, wann das gewesen sein muss: Velvet Revolution wurde im Jahr 2015 als Trio gegr\u00fcndet, zu dem neben Erdmann selbst der Violinist Th\u00e9o Ceccaldi und der Vibrafonist Jim Hart geh\u00f6ren.<\/p>\n<div class=\"tiled-gallery type-rectangular tiled-gallery-unresized\" data-original-width=\"840\" data-carousel-extra='{&quot;blog_id&quot;:1,&quot;permalink&quot;:&quot;https:\\\/\\\/www.jazzzeitung.de\\\/cms\\\/2026\\\/03\\\/velvet-revolution-jelena-im-bergson-samtene-verfuehrung\\\/&quot;,&quot;likes_blog_id&quot;:55446655}' itemscope itemtype=\"http:\/\/schema.org\/ImageGallery\" > <div class=\"gallery-row\" style=\"width: 840px; height: 313px;\" data-original-width=\"840\" data-original-height=\"313\" > <div class=\"gallery-group images-1\" style=\"width: 210px; height: 313px;\" data-original-width=\"210\" data-original-height=\"313\" > <div class=\"tiled-gallery-item tiled-gallery-item-small\" itemprop=\"associatedMedia\" itemscope itemtype=\"http:\/\/schema.org\/ImageObject\"> <a href=\"https:\/\/www.jazzzeitung.de\/cms\/2026\/03\/velvet-revolution-jelena-im-bergson-samtene-verfuehrung\/_dsc0252_bysimonhaseneder\/\" border=\"0\" itemprop=\"url\"> <meta itemprop=\"width\" content=\"206\"> <meta itemprop=\"height\" content=\"309\"> <img decoding=\"async\" class=\"\" data-attachment-id=\"33737\" data-orig-file=\"https:\/\/www.jazzzeitung.de\/cms\/wp-content\/uploads\/2026\/03\/DSC0252_bySimonHaseneder-scaled.jpg\" data-orig-size=\"1707,2560\" data-comments-opened=\"1\" data-image-meta=\"{&quot;aperture&quot;:&quot;3.2&quot;,&quot;credit&quot;:&quot;SIMON HASENEDER&quot;,&quot;camera&quot;:&quot;ILCE-7RM5&quot;,&quot;caption&quot;:&quot;&quot;,&quot;created_timestamp&quot;:&quot;1773253819&quot;,&quot;copyright&quot;:&quot;HASENEDER&quot;,&quot;focal_length&quot;:&quot;200&quot;,&quot;iso&quot;:&quot;4000&quot;,&quot;shutter_speed&quot;:&quot;0.008&quot;,&quot;title&quot;:&quot;&quot;,&quot;orientation&quot;:&quot;1&quot;}\" data-image-title=\"_DSC0252_bySimonHaseneder\" data-image-description=\"\" data-medium-file=\"https:\/\/i0.wp.com\/www.jazzzeitung.de\/cms\/wp-content\/uploads\/2026\/03\/DSC0252_bySimonHaseneder-scaled.jpg?fit=200%2C300&#038;ssl=1\" data-large-file=\"https:\/\/i0.wp.com\/www.jazzzeitung.de\/cms\/wp-content\/uploads\/2026\/03\/DSC0252_bySimonHaseneder-scaled.jpg?fit=400%2C600&#038;ssl=1\" src=\"https:\/\/i0.wp.com\/www.jazzzeitung.de\/cms\/wp-content\/uploads\/2026\/03\/DSC0252_bySimonHaseneder-scaled.jpg?w=206&#038;h=309&#038;ssl=1\" srcset=\"https:\/\/i0.wp.com\/www.jazzzeitung.de\/cms\/wp-content\/uploads\/2026\/03\/DSC0252_bySimonHaseneder-scaled.jpg?w=1707&amp;ssl=1 1707w, https:\/\/i0.wp.com\/www.jazzzeitung.de\/cms\/wp-content\/uploads\/2026\/03\/DSC0252_bySimonHaseneder-scaled.jpg?resize=200%2C300&amp;ssl=1 200w, https:\/\/i0.wp.com\/www.jazzzeitung.de\/cms\/wp-content\/uploads\/2026\/03\/DSC0252_bySimonHaseneder-scaled.jpg?resize=400%2C600&amp;ssl=1 400w, https:\/\/i0.wp.com\/www.jazzzeitung.de\/cms\/wp-content\/uploads\/2026\/03\/DSC0252_bySimonHaseneder-scaled.jpg?resize=768%2C1152&amp;ssl=1 768w, https:\/\/i0.wp.com\/www.jazzzeitung.de\/cms\/wp-content\/uploads\/2026\/03\/DSC0252_bySimonHaseneder-scaled.jpg?resize=1024%2C1536&amp;ssl=1 1024w, https:\/\/i0.wp.com\/www.jazzzeitung.de\/cms\/wp-content\/uploads\/2026\/03\/DSC0252_bySimonHaseneder-scaled.jpg?resize=1365%2C2048&amp;ssl=1 1365w, https:\/\/i0.wp.com\/www.jazzzeitung.de\/cms\/wp-content\/uploads\/2026\/03\/DSC0252_bySimonHaseneder-scaled.jpg?resize=1320%2C1980&amp;ssl=1 1320w\" width=\"206\" height=\"309\" loading=\"lazy\" data-original-width=\"206\" data-original-height=\"309\" itemprop=\"http:\/\/schema.org\/image\" title=\"_DSC0252_bySimonHaseneder\" alt=\"_DSC0252_bySimonHaseneder\" style=\"width: 206px; height: 309px;\" \/> <\/a> <\/div> <\/div> <!-- close group --> <div class=\"gallery-group images-1\" style=\"width: 210px; height: 313px;\" data-original-width=\"210\" data-original-height=\"313\" > <div class=\"tiled-gallery-item tiled-gallery-item-small\" itemprop=\"associatedMedia\" itemscope itemtype=\"http:\/\/schema.org\/ImageObject\"> <a href=\"https:\/\/www.jazzzeitung.de\/cms\/2026\/03\/velvet-revolution-jelena-im-bergson-samtene-verfuehrung\/_dsc0273_bysimonhaseneder\/\" border=\"0\" itemprop=\"url\"> <meta itemprop=\"width\" content=\"206\"> <meta itemprop=\"height\" content=\"309\"> <img decoding=\"async\" class=\"\" data-attachment-id=\"33738\" data-orig-file=\"https:\/\/www.jazzzeitung.de\/cms\/wp-content\/uploads\/2026\/03\/DSC0273_bySimonHaseneder-scaled.jpg\" data-orig-size=\"1707,2560\" data-comments-opened=\"1\" data-image-meta=\"{&quot;aperture&quot;:&quot;2.8&quot;,&quot;credit&quot;:&quot;SIMON HASENEDER&quot;,&quot;camera&quot;:&quot;ILCE-7RM5&quot;,&quot;caption&quot;:&quot;&quot;,&quot;created_timestamp&quot;:&quot;1773254247&quot;,&quot;copyright&quot;:&quot;HASENEDER&quot;,&quot;focal_length&quot;:&quot;200&quot;,&quot;iso&quot;:&quot;2000&quot;,&quot;shutter_speed&quot;:&quot;0.008&quot;,&quot;title&quot;:&quot;&quot;,&quot;orientation&quot;:&quot;1&quot;}\" data-image-title=\"_DSC0273_bySimonHaseneder\" data-image-description=\"\" data-medium-file=\"https:\/\/i0.wp.com\/www.jazzzeitung.de\/cms\/wp-content\/uploads\/2026\/03\/DSC0273_bySimonHaseneder-scaled.jpg?fit=200%2C300&#038;ssl=1\" data-large-file=\"https:\/\/i0.wp.com\/www.jazzzeitung.de\/cms\/wp-content\/uploads\/2026\/03\/DSC0273_bySimonHaseneder-scaled.jpg?fit=400%2C600&#038;ssl=1\" src=\"https:\/\/i0.wp.com\/www.jazzzeitung.de\/cms\/wp-content\/uploads\/2026\/03\/DSC0273_bySimonHaseneder-scaled.jpg?w=206&#038;h=309&#038;ssl=1\" srcset=\"https:\/\/i0.wp.com\/www.jazzzeitung.de\/cms\/wp-content\/uploads\/2026\/03\/DSC0273_bySimonHaseneder-scaled.jpg?w=1707&amp;ssl=1 1707w, https:\/\/i0.wp.com\/www.jazzzeitung.de\/cms\/wp-content\/uploads\/2026\/03\/DSC0273_bySimonHaseneder-scaled.jpg?resize=200%2C300&amp;ssl=1 200w, https:\/\/i0.wp.com\/www.jazzzeitung.de\/cms\/wp-content\/uploads\/2026\/03\/DSC0273_bySimonHaseneder-scaled.jpg?resize=400%2C600&amp;ssl=1 400w, https:\/\/i0.wp.com\/www.jazzzeitung.de\/cms\/wp-content\/uploads\/2026\/03\/DSC0273_bySimonHaseneder-scaled.jpg?resize=768%2C1152&amp;ssl=1 768w, https:\/\/i0.wp.com\/www.jazzzeitung.de\/cms\/wp-content\/uploads\/2026\/03\/DSC0273_bySimonHaseneder-scaled.jpg?resize=1024%2C1536&amp;ssl=1 1024w, https:\/\/i0.wp.com\/www.jazzzeitung.de\/cms\/wp-content\/uploads\/2026\/03\/DSC0273_bySimonHaseneder-scaled.jpg?resize=1365%2C2048&amp;ssl=1 1365w, https:\/\/i0.wp.com\/www.jazzzeitung.de\/cms\/wp-content\/uploads\/2026\/03\/DSC0273_bySimonHaseneder-scaled.jpg?resize=1320%2C1980&amp;ssl=1 1320w\" width=\"206\" height=\"309\" loading=\"lazy\" data-original-width=\"206\" data-original-height=\"309\" itemprop=\"http:\/\/schema.org\/image\" title=\"_DSC0273_bySimonHaseneder\" alt=\"_DSC0273_bySimonHaseneder\" style=\"width: 206px; height: 309px;\" \/> <\/a> <\/div> <\/div> <!-- close group --> <div class=\"gallery-group images-1\" style=\"width: 210px; height: 313px;\" data-original-width=\"210\" data-original-height=\"313\" > <div class=\"tiled-gallery-item tiled-gallery-item-small\" itemprop=\"associatedMedia\" itemscope itemtype=\"http:\/\/schema.org\/ImageObject\"> <a href=\"https:\/\/www.jazzzeitung.de\/cms\/2026\/03\/velvet-revolution-jelena-im-bergson-samtene-verfuehrung\/_dsc0291_bysimonhaseneder-3\/\" border=\"0\" itemprop=\"url\"> <meta itemprop=\"width\" content=\"206\"> <meta itemprop=\"height\" content=\"309\"> <img decoding=\"async\" class=\"\" data-attachment-id=\"33739\" data-orig-file=\"https:\/\/www.jazzzeitung.de\/cms\/wp-content\/uploads\/2026\/03\/DSC0291_bySimonHaseneder-2-scaled.jpg\" data-orig-size=\"1707,2560\" data-comments-opened=\"1\" data-image-meta=\"{&quot;aperture&quot;:&quot;2.8&quot;,&quot;credit&quot;:&quot;SIMON HASENEDER&quot;,&quot;camera&quot;:&quot;ILCE-7RM5&quot;,&quot;caption&quot;:&quot;&quot;,&quot;created_timestamp&quot;:&quot;1773254349&quot;,&quot;copyright&quot;:&quot;HASENEDER&quot;,&quot;focal_length&quot;:&quot;200&quot;,&quot;iso&quot;:&quot;2500&quot;,&quot;shutter_speed&quot;:&quot;0.005&quot;,&quot;title&quot;:&quot;&quot;,&quot;orientation&quot;:&quot;1&quot;}\" data-image-title=\"_DSC0291_bySimonHaseneder\" data-image-description=\"\" data-medium-file=\"https:\/\/i0.wp.com\/www.jazzzeitung.de\/cms\/wp-content\/uploads\/2026\/03\/DSC0291_bySimonHaseneder-2-scaled.jpg?fit=200%2C300&#038;ssl=1\" data-large-file=\"https:\/\/i0.wp.com\/www.jazzzeitung.de\/cms\/wp-content\/uploads\/2026\/03\/DSC0291_bySimonHaseneder-2-scaled.jpg?fit=400%2C600&#038;ssl=1\" src=\"https:\/\/i0.wp.com\/www.jazzzeitung.de\/cms\/wp-content\/uploads\/2026\/03\/DSC0291_bySimonHaseneder-2-scaled.jpg?w=206&#038;h=309&#038;ssl=1\" srcset=\"https:\/\/i0.wp.com\/www.jazzzeitung.de\/cms\/wp-content\/uploads\/2026\/03\/DSC0291_bySimonHaseneder-2-scaled.jpg?w=1707&amp;ssl=1 1707w, https:\/\/i0.wp.com\/www.jazzzeitung.de\/cms\/wp-content\/uploads\/2026\/03\/DSC0291_bySimonHaseneder-2-scaled.jpg?resize=200%2C300&amp;ssl=1 200w, https:\/\/i0.wp.com\/www.jazzzeitung.de\/cms\/wp-content\/uploads\/2026\/03\/DSC0291_bySimonHaseneder-2-scaled.jpg?resize=400%2C600&amp;ssl=1 400w, https:\/\/i0.wp.com\/www.jazzzeitung.de\/cms\/wp-content\/uploads\/2026\/03\/DSC0291_bySimonHaseneder-2-scaled.jpg?resize=768%2C1152&amp;ssl=1 768w, https:\/\/i0.wp.com\/www.jazzzeitung.de\/cms\/wp-content\/uploads\/2026\/03\/DSC0291_bySimonHaseneder-2-scaled.jpg?resize=1024%2C1536&amp;ssl=1 1024w, https:\/\/i0.wp.com\/www.jazzzeitung.de\/cms\/wp-content\/uploads\/2026\/03\/DSC0291_bySimonHaseneder-2-scaled.jpg?resize=1365%2C2048&amp;ssl=1 1365w, https:\/\/i0.wp.com\/www.jazzzeitung.de\/cms\/wp-content\/uploads\/2026\/03\/DSC0291_bySimonHaseneder-2-scaled.jpg?resize=1320%2C1980&amp;ssl=1 1320w\" width=\"206\" height=\"309\" loading=\"lazy\" data-original-width=\"206\" data-original-height=\"309\" itemprop=\"http:\/\/schema.org\/image\" title=\"_DSC0291_bySimonHaseneder\" alt=\"_DSC0291_bySimonHaseneder\" style=\"width: 206px; height: 309px;\" \/> <\/a> <\/div> <\/div> <!-- close group --> <div class=\"gallery-group images-1\" style=\"width: 210px; height: 313px;\" data-original-width=\"210\" data-original-height=\"313\" > <div class=\"tiled-gallery-item tiled-gallery-item-small\" itemprop=\"associatedMedia\" itemscope itemtype=\"http:\/\/schema.org\/ImageObject\"> <a href=\"https:\/\/www.jazzzeitung.de\/cms\/2026\/03\/velvet-revolution-jelena-im-bergson-samtene-verfuehrung\/_dsc0303_bysimonhaseneder-3\/\" border=\"0\" itemprop=\"url\"> <meta itemprop=\"width\" content=\"206\"> <meta itemprop=\"height\" content=\"309\"> <img decoding=\"async\" class=\"\" data-attachment-id=\"33740\" data-orig-file=\"https:\/\/www.jazzzeitung.de\/cms\/wp-content\/uploads\/2026\/03\/DSC0303_bySimonHaseneder-2-scaled.jpg\" data-orig-size=\"1707,2560\" data-comments-opened=\"1\" data-image-meta=\"{&quot;aperture&quot;:&quot;2.8&quot;,&quot;credit&quot;:&quot;SIMON HASENEDER&quot;,&quot;camera&quot;:&quot;ILCE-7RM5&quot;,&quot;caption&quot;:&quot;&quot;,&quot;created_timestamp&quot;:&quot;1773254552&quot;,&quot;copyright&quot;:&quot;HASENEDER&quot;,&quot;focal_length&quot;:&quot;200&quot;,&quot;iso&quot;:&quot;2000&quot;,&quot;shutter_speed&quot;:&quot;0.005&quot;,&quot;title&quot;:&quot;&quot;,&quot;orientation&quot;:&quot;1&quot;}\" data-image-title=\"_DSC0303_bySimonHaseneder\" data-image-description=\"\" data-medium-file=\"https:\/\/i0.wp.com\/www.jazzzeitung.de\/cms\/wp-content\/uploads\/2026\/03\/DSC0303_bySimonHaseneder-2-scaled.jpg?fit=200%2C300&#038;ssl=1\" data-large-file=\"https:\/\/i0.wp.com\/www.jazzzeitung.de\/cms\/wp-content\/uploads\/2026\/03\/DSC0303_bySimonHaseneder-2-scaled.jpg?fit=400%2C600&#038;ssl=1\" src=\"https:\/\/i0.wp.com\/www.jazzzeitung.de\/cms\/wp-content\/uploads\/2026\/03\/DSC0303_bySimonHaseneder-2-scaled.jpg?w=206&#038;h=309&#038;ssl=1\" srcset=\"https:\/\/i0.wp.com\/www.jazzzeitung.de\/cms\/wp-content\/uploads\/2026\/03\/DSC0303_bySimonHaseneder-2-scaled.jpg?w=1707&amp;ssl=1 1707w, https:\/\/i0.wp.com\/www.jazzzeitung.de\/cms\/wp-content\/uploads\/2026\/03\/DSC0303_bySimonHaseneder-2-scaled.jpg?resize=200%2C300&amp;ssl=1 200w, https:\/\/i0.wp.com\/www.jazzzeitung.de\/cms\/wp-content\/uploads\/2026\/03\/DSC0303_bySimonHaseneder-2-scaled.jpg?resize=400%2C600&amp;ssl=1 400w, https:\/\/i0.wp.com\/www.jazzzeitung.de\/cms\/wp-content\/uploads\/2026\/03\/DSC0303_bySimonHaseneder-2-scaled.jpg?resize=768%2C1152&amp;ssl=1 768w, https:\/\/i0.wp.com\/www.jazzzeitung.de\/cms\/wp-content\/uploads\/2026\/03\/DSC0303_bySimonHaseneder-2-scaled.jpg?resize=1024%2C1536&amp;ssl=1 1024w, https:\/\/i0.wp.com\/www.jazzzeitung.de\/cms\/wp-content\/uploads\/2026\/03\/DSC0303_bySimonHaseneder-2-scaled.jpg?resize=1365%2C2048&amp;ssl=1 1365w, https:\/\/i0.wp.com\/www.jazzzeitung.de\/cms\/wp-content\/uploads\/2026\/03\/DSC0303_bySimonHaseneder-2-scaled.jpg?resize=1320%2C1980&amp;ssl=1 1320w\" width=\"206\" height=\"309\" loading=\"lazy\" data-original-width=\"206\" data-original-height=\"309\" itemprop=\"http:\/\/schema.org\/image\" title=\"_DSC0303_bySimonHaseneder\" alt=\"_DSC0303_bySimonHaseneder\" style=\"width: 206px; height: 309px;\" \/> <\/a> <\/div> <\/div> <!-- close group --> <\/div> <!-- close row --> <\/div>\n<p>In all den Jahren seit der Gr\u00fcndung, so erz\u00e4hlte Daniel Erdmann weiter, sei das Trio immer mal als \u201eVelvet Underground\u201c bezeichnet worden, statt als Velvet Revolution. Was ihn irgendwann dazu gef\u00fchrte habe, seine heimische Plattensammlung noch einmal durchzugehen und seine alte Vinylkopie des legend\u00e4ren Albums der New Yorker Formation um Lou Reed, John Cage\u00a0 und der deutschen S\u00e4ngerin Nico mit dem nicht minder legend\u00e4ren \u201eBananen-Cover\u201c von Andy Warhol hervorzuholen. Die Verwechslung des Namens f\u00fchrte also zu einem Wiederh\u00f6ren der Songs, in dem Erdmann dann auch \u201eeine N\u00e4he in der Absicht, eine Suche nach einem samtigen Klang mit einer festen Textur, leichtg\u00e4ngigen Melodien, einer Kombination aus Feuer und Zartheit\u201c erahnte \u2013 so formuliert er das auf seiner Website.<\/p>\n<h3>Die unvergleichliche Jelena<\/h3>\n<p>Die richtige Partnerin f\u00fcr das Projekt, das so vor seinem inneren Auge entstand, erz\u00e4hlte Erdmann weiter im Bergson Kunstkraftwerk, habe er auch sofort im Kopf gehabt. Und gl\u00fccklicherweise sagte sie sofort zu: Jelena Kulji\u0107 ist eine seit rund 20 Jahren in Deutschland lebende, zum Ensemble der M\u00fcnchner Kammerspiele geh\u00f6rende serbische S\u00e4ngerin und Schauspielerin. Ja \u2013 man k\u00f6nnte sich keine bessere Interpretin f\u00fcr dieses neue Projekt vorstellen, f\u00fcr das Daniel Erdmann einige St\u00fccke von Velvet Underground arrangiert sowie einige neue zu Texten von Jelena geschrieben hat. Das liegt zum einen an der herzerweichenden Nonchalance, mit der Jelena St\u00fccke wie \u201eI\u2019ll Be Your Mirror\u201c, \u201eAll Tomorrow\u2019s Parties\u201c, \u201eSunday Morning\u201c zu neuem Leben erweckt, dann auch an ihren sehr pers\u00f6nlich inspirierten, etwa ihre Eindr\u00fccke w\u00e4hrend einer Fahrt mit der Stra\u00dfenbahn zu den Kammerspielen beschreibenden Texte \u2013 und sicher nicht zuletzt an ihrer B\u00fchnenpr\u00e4senz, die im verbalen Ping-Pong zwischen ihr und Erdmann dem Abend eine ganz besondere Note verlieh.<\/p>\n<h3>Malen mit Noten<\/h3>\n<p>Begonnen hatte das Clubkonzert im M\u00fcnchner Bergson Kunstkraftwerk vor und nach der Pause zun\u00e4chst als das Trio, als das Velvet Revolution einst ins Leben gerufen wurde. Violine, Vibraphon und Saxophon zaubern eine ganz eigene, wie leicht schwebend wirkende Stimmung, getragen von drei exzellenten, auf Augenh\u00f6he miteinander kommunizierenden Instrumentalisten. Und man k\u00f6nnte sich Daniel Erdmann auch gut als musizierenden Maler vorstellen, wie er mit leicht kritischem Blick vor einer Leinwand steht, um hier und da sein Arrangement noch mit ein paar spontan gesetzten Pinselstrichen zu verzieren. Jelenas in der Tat ihrerseits \u00fcber genauso viel Zartheit wie Feuer verf\u00fcgende Stimme verlieh dem Ganzen dann noch zus\u00e4tzlich einen ganz besonderen Charme, dem wohl nicht nur an diesem rundum gelungenen Abend kaum jemand im Publikum widerstehen konnte oder kann.<\/p>\n<p>Fotos: Simon Haseneder\/Bergson<\/p>\n<p>&nbsp;<\/p>\n<p>&nbsp;<\/p>\n","protected":false},"excerpt":{"rendered":"<p>(Von Robert Fischer) Man w\u00fcsste ja gerne, wie Daniel Erdmann das macht: dass man seinem Ton am Saxophon sofort erliegt. Seit rund drei Jahrzehnten ist der 1973 in Wuppertal geborene Musiker jetzt schon in der europ\u00e4ischen und internationalen Szene aktiv. Und in welcher Bandkonstellation auch immer er zu h\u00f6ren ist \u2013 stets kann man sich darauf verlassen, dass sein verf\u00fchrerischer Ton das Ganze zum Erlebnis macht. Was er auch bei seinem BR-Clubkonzert am Mittwoch, dem 11. M\u00e4rz 2026, im M\u00fcnchner Bergson Kunstkraftwerk erneut eindrucksvoll bewies. Kein Wunder also, dass auch Beate Sampson, die f\u00fcr den das Konzert aufzeichnenden (und am 20. M\u00e4rz ab 23.03 in der Sendung Jazztime auf BR Klassik sendenden) Bayerischen Rundfunk moderierend durch den Abend f\u00fchrte, ins Schw\u00e4rmen kam. \u00dcber einen Musiker, den sie nun schon seit rund drei Jahrzehnten kennt und der nicht zuletzt auch \u00fcber einen hintergr\u00fcndigen Humor verf\u00fcgt, der ihn zum Beispiel dazu brachte, seine vor der Jahrtausendwende \u201eErdmann 2000\u201c genannte Formation nach eben dieser durchaus folgerichtig in \u201eErdmann 3000\u201c umzubenennen. Eine Kombination aus Feuer und Zartheit \u201eVelvet Revolution\u201c, so bekundete der Tenorsaxophonist anschlie\u00dfend selbst auf der B\u00fchne im &hellip;<\/p>\n","protected":false},"author":18,"featured_media":33732,"comment_status":"open","ping_status":"closed","sticky":false,"template":"","format":"standard","meta":{"_jetpack_memberships_contains_paid_content":false,"footnotes":"","jetpack_publicize_message":"","jetpack_publicize_feature_enabled":true,"jetpack_social_post_already_shared":true,"jetpack_social_options":{"image_generator_settings":{"template":"highway","default_image_id":0,"font":"","enabled":false},"version":2}},"categories":[1053],"tags":[56,5775,3237,5764,322,5462,3047],"coauthors":[695],"class_list":["post-33731","post","type-post","status-publish","format-standard","has-post-thumbnail","hentry","category-bericht","tag-bayerischer-rundfunk","tag-bergson","tag-daniel-erdmann","tag-jelena-kuljic","tag-konzert-2","tag-robert-fischer","tag-velvet-revolution"],"yoast_head":"<!-- This site is optimized with the Yoast SEO plugin v27.5 - https:\/\/yoast.com\/product\/yoast-seo-wordpress\/ -->\n<title>Velvet Revolution &amp; Jelena im Bergson - samtene Verf\u00fchrung - JazzZeitung<\/title>\n<meta name=\"robots\" content=\"index, follow, max-snippet:-1, max-image-preview:large, max-video-preview:-1\" \/>\n<link rel=\"canonical\" href=\"https:\/\/www.jazzzeitung.de\/cms\/2026\/03\/velvet-revolution-jelena-im-bergson-samtene-verfuehrung\/\" \/>\n<meta property=\"og:locale\" content=\"de_DE\" \/>\n<meta property=\"og:type\" content=\"article\" \/>\n<meta property=\"og:title\" content=\"Velvet Revolution &amp; Jelena im Bergson - samtene Verf\u00fchrung - JazzZeitung\" \/>\n<meta property=\"og:description\" content=\"(Von Robert Fischer) Man w\u00fcsste ja gerne, wie Daniel Erdmann das macht: dass man seinem Ton am Saxophon sofort erliegt. Seit rund drei Jahrzehnten ist der 1973 in Wuppertal geborene Musiker jetzt schon in der europ\u00e4ischen und internationalen Szene aktiv. Und in welcher Bandkonstellation auch immer er zu h\u00f6ren ist \u2013 stets kann man sich darauf verlassen, dass sein verf\u00fchrerischer Ton das Ganze zum Erlebnis macht. Was er auch bei seinem BR-Clubkonzert am Mittwoch, dem 11. M\u00e4rz 2026, im M\u00fcnchner Bergson Kunstkraftwerk erneut eindrucksvoll bewies. Kein Wunder also, dass auch Beate Sampson, die f\u00fcr den das Konzert aufzeichnenden (und am 20. M\u00e4rz ab 23.03 in der Sendung Jazztime auf BR Klassik sendenden) Bayerischen Rundfunk moderierend durch den Abend f\u00fchrte, ins Schw\u00e4rmen kam. \u00dcber einen Musiker, den sie nun schon seit rund drei Jahrzehnten kennt und der nicht zuletzt auch \u00fcber einen hintergr\u00fcndigen Humor verf\u00fcgt, der ihn zum Beispiel dazu brachte, seine vor der Jahrtausendwende \u201eErdmann 2000\u201c genannte Formation nach eben dieser durchaus folgerichtig in \u201eErdmann 3000\u201c umzubenennen. Eine Kombination aus Feuer und Zartheit \u201eVelvet Revolution\u201c, so bekundete der Tenorsaxophonist anschlie\u00dfend selbst auf der B\u00fchne im &hellip;\" \/>\n<meta property=\"og:url\" content=\"https:\/\/www.jazzzeitung.de\/cms\/2026\/03\/velvet-revolution-jelena-im-bergson-samtene-verfuehrung\/\" \/>\n<meta property=\"og:site_name\" content=\"JazzZeitung\" \/>\n<meta property=\"article:publisher\" content=\"https:\/\/www.facebook.com\/JazzZeitung\/\" \/>\n<meta property=\"article:published_time\" content=\"2026-03-12T14:57:13+00:00\" \/>\n<meta property=\"article:modified_time\" content=\"2026-03-13T08:23:47+00:00\" \/>\n<meta property=\"og:image\" content=\"https:\/\/www.jazzzeitung.de\/cms\/wp-content\/uploads\/2026\/03\/Aufmacher_DSC0262_bySimonHaseneder-scaled.jpg\" \/>\n\t<meta property=\"og:image:width\" content=\"2560\" \/>\n\t<meta property=\"og:image:height\" content=\"1707\" \/>\n\t<meta property=\"og:image:type\" content=\"image\/jpeg\" \/>\n<meta name=\"author\" content=\"Redaktion JazzZeitung\" \/>\n<script type=\"application\/ld+json\" class=\"yoast-schema-graph\">{\"@context\":\"https:\\\/\\\/schema.org\",\"@graph\":[{\"@type\":\"Article\",\"@id\":\"https:\\\/\\\/www.jazzzeitung.de\\\/cms\\\/2026\\\/03\\\/velvet-revolution-jelena-im-bergson-samtene-verfuehrung\\\/#article\",\"isPartOf\":{\"@id\":\"https:\\\/\\\/www.jazzzeitung.de\\\/cms\\\/2026\\\/03\\\/velvet-revolution-jelena-im-bergson-samtene-verfuehrung\\\/\"},\"author\":{\"name\":\"Redaktion JazzZeitung\",\"@id\":\"https:\\\/\\\/www.jazzzeitung.de\\\/cms\\\/#\\\/schema\\\/person\\\/2245b36b9cd1d24cea10f01c031fb92b\"},\"headline\":\"Velvet Revolution &#038; Jelena im Bergson &#8211; samtene Verf\u00fchrung\",\"datePublished\":\"2026-03-12T14:57:13+00:00\",\"dateModified\":\"2026-03-13T08:23:47+00:00\",\"mainEntityOfPage\":{\"@id\":\"https:\\\/\\\/www.jazzzeitung.de\\\/cms\\\/2026\\\/03\\\/velvet-revolution-jelena-im-bergson-samtene-verfuehrung\\\/\"},\"wordCount\":712,\"commentCount\":0,\"publisher\":{\"@id\":\"https:\\\/\\\/www.jazzzeitung.de\\\/cms\\\/#organization\"},\"image\":{\"@id\":\"https:\\\/\\\/www.jazzzeitung.de\\\/cms\\\/2026\\\/03\\\/velvet-revolution-jelena-im-bergson-samtene-verfuehrung\\\/#primaryimage\"},\"thumbnailUrl\":\"https:\\\/\\\/i0.wp.com\\\/www.jazzzeitung.de\\\/cms\\\/wp-content\\\/uploads\\\/2026\\\/03\\\/Aufmacher_DSC0262_bySimonHaseneder-scaled.jpg?fit=2560%2C1707&ssl=1\",\"keywords\":[\"Bayerischer Rundfunk\",\"Bergson\",\"Daniel Erdmann\",\"Jelena Kulji\u0107\",\"Konzert\",\"Robert Fischer\",\"Velvet Revolution\"],\"articleSection\":[\"Bericht\"],\"inLanguage\":\"de\",\"potentialAction\":[{\"@type\":\"CommentAction\",\"name\":\"Comment\",\"target\":[\"https:\\\/\\\/www.jazzzeitung.de\\\/cms\\\/2026\\\/03\\\/velvet-revolution-jelena-im-bergson-samtene-verfuehrung\\\/#respond\"]}]},{\"@type\":\"WebPage\",\"@id\":\"https:\\\/\\\/www.jazzzeitung.de\\\/cms\\\/2026\\\/03\\\/velvet-revolution-jelena-im-bergson-samtene-verfuehrung\\\/\",\"url\":\"https:\\\/\\\/www.jazzzeitung.de\\\/cms\\\/2026\\\/03\\\/velvet-revolution-jelena-im-bergson-samtene-verfuehrung\\\/\",\"name\":\"Velvet Revolution & Jelena im Bergson - samtene Verf\u00fchrung - JazzZeitung\",\"isPartOf\":{\"@id\":\"https:\\\/\\\/www.jazzzeitung.de\\\/cms\\\/#website\"},\"primaryImageOfPage\":{\"@id\":\"https:\\\/\\\/www.jazzzeitung.de\\\/cms\\\/2026\\\/03\\\/velvet-revolution-jelena-im-bergson-samtene-verfuehrung\\\/#primaryimage\"},\"image\":{\"@id\":\"https:\\\/\\\/www.jazzzeitung.de\\\/cms\\\/2026\\\/03\\\/velvet-revolution-jelena-im-bergson-samtene-verfuehrung\\\/#primaryimage\"},\"thumbnailUrl\":\"https:\\\/\\\/i0.wp.com\\\/www.jazzzeitung.de\\\/cms\\\/wp-content\\\/uploads\\\/2026\\\/03\\\/Aufmacher_DSC0262_bySimonHaseneder-scaled.jpg?fit=2560%2C1707&ssl=1\",\"datePublished\":\"2026-03-12T14:57:13+00:00\",\"dateModified\":\"2026-03-13T08:23:47+00:00\",\"breadcrumb\":{\"@id\":\"https:\\\/\\\/www.jazzzeitung.de\\\/cms\\\/2026\\\/03\\\/velvet-revolution-jelena-im-bergson-samtene-verfuehrung\\\/#breadcrumb\"},\"inLanguage\":\"de\",\"potentialAction\":[{\"@type\":\"ReadAction\",\"target\":[\"https:\\\/\\\/www.jazzzeitung.de\\\/cms\\\/2026\\\/03\\\/velvet-revolution-jelena-im-bergson-samtene-verfuehrung\\\/\"]}]},{\"@type\":\"ImageObject\",\"inLanguage\":\"de\",\"@id\":\"https:\\\/\\\/www.jazzzeitung.de\\\/cms\\\/2026\\\/03\\\/velvet-revolution-jelena-im-bergson-samtene-verfuehrung\\\/#primaryimage\",\"url\":\"https:\\\/\\\/i0.wp.com\\\/www.jazzzeitung.de\\\/cms\\\/wp-content\\\/uploads\\\/2026\\\/03\\\/Aufmacher_DSC0262_bySimonHaseneder-scaled.jpg?fit=2560%2C1707&ssl=1\",\"contentUrl\":\"https:\\\/\\\/i0.wp.com\\\/www.jazzzeitung.de\\\/cms\\\/wp-content\\\/uploads\\\/2026\\\/03\\\/Aufmacher_DSC0262_bySimonHaseneder-scaled.jpg?fit=2560%2C1707&ssl=1\",\"width\":2560,\"height\":1707},{\"@type\":\"BreadcrumbList\",\"@id\":\"https:\\\/\\\/www.jazzzeitung.de\\\/cms\\\/2026\\\/03\\\/velvet-revolution-jelena-im-bergson-samtene-verfuehrung\\\/#breadcrumb\",\"itemListElement\":[{\"@type\":\"ListItem\",\"position\":1,\"name\":\"Startseite\",\"item\":\"https:\\\/\\\/www.jazzzeitung.de\\\/cms\\\/\"},{\"@type\":\"ListItem\",\"position\":2,\"name\":\"Velvet Revolution &#038; Jelena im Bergson &#8211; samtene Verf\u00fchrung\"}]},{\"@type\":\"WebSite\",\"@id\":\"https:\\\/\\\/www.jazzzeitung.de\\\/cms\\\/#website\",\"url\":\"https:\\\/\\\/www.jazzzeitung.de\\\/cms\\\/\",\"name\":\"JazzZeitung\",\"description\":\"Jazz-News und Jazz-Kontroverses\",\"publisher\":{\"@id\":\"https:\\\/\\\/www.jazzzeitung.de\\\/cms\\\/#organization\"},\"potentialAction\":[{\"@type\":\"SearchAction\",\"target\":{\"@type\":\"EntryPoint\",\"urlTemplate\":\"https:\\\/\\\/www.jazzzeitung.de\\\/cms\\\/?s={search_term_string}\"},\"query-input\":{\"@type\":\"PropertyValueSpecification\",\"valueRequired\":true,\"valueName\":\"search_term_string\"}}],\"inLanguage\":\"de\"},{\"@type\":\"Organization\",\"@id\":\"https:\\\/\\\/www.jazzzeitung.de\\\/cms\\\/#organization\",\"name\":\"JazzZeitung online\",\"url\":\"https:\\\/\\\/www.jazzzeitung.de\\\/cms\\\/\",\"logo\":{\"@type\":\"ImageObject\",\"inLanguage\":\"de\",\"@id\":\"https:\\\/\\\/www.jazzzeitung.de\\\/cms\\\/#\\\/schema\\\/logo\\\/image\\\/\",\"url\":\"https:\\\/\\\/i0.wp.com\\\/www.jazzzeitung.de\\\/cms\\\/wp-content\\\/uploads\\\/2015\\\/08\\\/JAZZZEITUNGDE_Logo_Neu.png?fit=499%2C200&ssl=1\",\"contentUrl\":\"https:\\\/\\\/i0.wp.com\\\/www.jazzzeitung.de\\\/cms\\\/wp-content\\\/uploads\\\/2015\\\/08\\\/JAZZZEITUNGDE_Logo_Neu.png?fit=499%2C200&ssl=1\",\"width\":499,\"height\":200,\"caption\":\"JazzZeitung online\"},\"image\":{\"@id\":\"https:\\\/\\\/www.jazzzeitung.de\\\/cms\\\/#\\\/schema\\\/logo\\\/image\\\/\"},\"sameAs\":[\"https:\\\/\\\/www.facebook.com\\\/JazzZeitung\\\/\"]},{\"@type\":\"Person\",\"@id\":\"https:\\\/\\\/www.jazzzeitung.de\\\/cms\\\/#\\\/schema\\\/person\\\/2245b36b9cd1d24cea10f01c031fb92b\",\"name\":\"Redaktion JazzZeitung\",\"image\":{\"@type\":\"ImageObject\",\"inLanguage\":\"de\",\"@id\":\"https:\\\/\\\/i0.wp.com\\\/www.jazzzeitung.de\\\/cms\\\/wp-content\\\/uploads\\\/2015\\\/08\\\/JAZZZEITUNGDE_Logo_Neu.png?resize=96%2C96&ssl=159975dcacb611b5700bd619b5daf0a7a\",\"url\":\"https:\\\/\\\/i0.wp.com\\\/www.jazzzeitung.de\\\/cms\\\/wp-content\\\/uploads\\\/2015\\\/08\\\/JAZZZEITUNGDE_Logo_Neu.png?resize=96%2C96&ssl=1\",\"contentUrl\":\"https:\\\/\\\/i0.wp.com\\\/www.jazzzeitung.de\\\/cms\\\/wp-content\\\/uploads\\\/2015\\\/08\\\/JAZZZEITUNGDE_Logo_Neu.png?resize=96%2C96&ssl=1\",\"caption\":\"Redaktion JazzZeitung\"},\"description\":\"Artikel der Redaktion der JazzZeitung.\",\"sameAs\":[\"http:\\\/\\\/www.jazzzeitung.de\\\/cms\\\/\"],\"url\":\"https:\\\/\\\/www.jazzzeitung.de\\\/cms\\\/author\\\/redaktion\\\/\"}]}<\/script>\n<!-- \/ Yoast SEO plugin. -->","yoast_head_json":{"title":"Velvet Revolution & Jelena im Bergson - samtene Verf\u00fchrung - JazzZeitung","robots":{"index":"index","follow":"follow","max-snippet":"max-snippet:-1","max-image-preview":"max-image-preview:large","max-video-preview":"max-video-preview:-1"},"canonical":"https:\/\/www.jazzzeitung.de\/cms\/2026\/03\/velvet-revolution-jelena-im-bergson-samtene-verfuehrung\/","og_locale":"de_DE","og_type":"article","og_title":"Velvet Revolution & Jelena im Bergson - samtene Verf\u00fchrung - JazzZeitung","og_description":"(Von Robert Fischer) Man w\u00fcsste ja gerne, wie Daniel Erdmann das macht: dass man seinem Ton am Saxophon sofort erliegt. Seit rund drei Jahrzehnten ist der 1973 in Wuppertal geborene Musiker jetzt schon in der europ\u00e4ischen und internationalen Szene aktiv. Und in welcher Bandkonstellation auch immer er zu h\u00f6ren ist \u2013 stets kann man sich darauf verlassen, dass sein verf\u00fchrerischer Ton das Ganze zum Erlebnis macht. Was er auch bei seinem BR-Clubkonzert am Mittwoch, dem 11. M\u00e4rz 2026, im M\u00fcnchner Bergson Kunstkraftwerk erneut eindrucksvoll bewies. Kein Wunder also, dass auch Beate Sampson, die f\u00fcr den das Konzert aufzeichnenden (und am 20. M\u00e4rz ab 23.03 in der Sendung Jazztime auf BR Klassik sendenden) Bayerischen Rundfunk moderierend durch den Abend f\u00fchrte, ins Schw\u00e4rmen kam. \u00dcber einen Musiker, den sie nun schon seit rund drei Jahrzehnten kennt und der nicht zuletzt auch \u00fcber einen hintergr\u00fcndigen Humor verf\u00fcgt, der ihn zum Beispiel dazu brachte, seine vor der Jahrtausendwende \u201eErdmann 2000\u201c genannte Formation nach eben dieser durchaus folgerichtig in \u201eErdmann 3000\u201c umzubenennen. Eine Kombination aus Feuer und Zartheit \u201eVelvet Revolution\u201c, so bekundete der Tenorsaxophonist anschlie\u00dfend selbst auf der B\u00fchne im &hellip;","og_url":"https:\/\/www.jazzzeitung.de\/cms\/2026\/03\/velvet-revolution-jelena-im-bergson-samtene-verfuehrung\/","og_site_name":"JazzZeitung","article_publisher":"https:\/\/www.facebook.com\/JazzZeitung\/","article_published_time":"2026-03-12T14:57:13+00:00","article_modified_time":"2026-03-13T08:23:47+00:00","og_image":[{"width":2560,"height":1707,"url":"https:\/\/www.jazzzeitung.de\/cms\/wp-content\/uploads\/2026\/03\/Aufmacher_DSC0262_bySimonHaseneder-scaled.jpg","type":"image\/jpeg"}],"author":"Redaktion JazzZeitung","schema":{"@context":"https:\/\/schema.org","@graph":[{"@type":"Article","@id":"https:\/\/www.jazzzeitung.de\/cms\/2026\/03\/velvet-revolution-jelena-im-bergson-samtene-verfuehrung\/#article","isPartOf":{"@id":"https:\/\/www.jazzzeitung.de\/cms\/2026\/03\/velvet-revolution-jelena-im-bergson-samtene-verfuehrung\/"},"author":{"name":"Redaktion JazzZeitung","@id":"https:\/\/www.jazzzeitung.de\/cms\/#\/schema\/person\/2245b36b9cd1d24cea10f01c031fb92b"},"headline":"Velvet Revolution &#038; Jelena im Bergson &#8211; samtene Verf\u00fchrung","datePublished":"2026-03-12T14:57:13+00:00","dateModified":"2026-03-13T08:23:47+00:00","mainEntityOfPage":{"@id":"https:\/\/www.jazzzeitung.de\/cms\/2026\/03\/velvet-revolution-jelena-im-bergson-samtene-verfuehrung\/"},"wordCount":712,"commentCount":0,"publisher":{"@id":"https:\/\/www.jazzzeitung.de\/cms\/#organization"},"image":{"@id":"https:\/\/www.jazzzeitung.de\/cms\/2026\/03\/velvet-revolution-jelena-im-bergson-samtene-verfuehrung\/#primaryimage"},"thumbnailUrl":"https:\/\/i0.wp.com\/www.jazzzeitung.de\/cms\/wp-content\/uploads\/2026\/03\/Aufmacher_DSC0262_bySimonHaseneder-scaled.jpg?fit=2560%2C1707&ssl=1","keywords":["Bayerischer Rundfunk","Bergson","Daniel Erdmann","Jelena Kulji\u0107","Konzert","Robert Fischer","Velvet Revolution"],"articleSection":["Bericht"],"inLanguage":"de","potentialAction":[{"@type":"CommentAction","name":"Comment","target":["https:\/\/www.jazzzeitung.de\/cms\/2026\/03\/velvet-revolution-jelena-im-bergson-samtene-verfuehrung\/#respond"]}]},{"@type":"WebPage","@id":"https:\/\/www.jazzzeitung.de\/cms\/2026\/03\/velvet-revolution-jelena-im-bergson-samtene-verfuehrung\/","url":"https:\/\/www.jazzzeitung.de\/cms\/2026\/03\/velvet-revolution-jelena-im-bergson-samtene-verfuehrung\/","name":"Velvet Revolution & Jelena im Bergson - samtene Verf\u00fchrung - JazzZeitung","isPartOf":{"@id":"https:\/\/www.jazzzeitung.de\/cms\/#website"},"primaryImageOfPage":{"@id":"https:\/\/www.jazzzeitung.de\/cms\/2026\/03\/velvet-revolution-jelena-im-bergson-samtene-verfuehrung\/#primaryimage"},"image":{"@id":"https:\/\/www.jazzzeitung.de\/cms\/2026\/03\/velvet-revolution-jelena-im-bergson-samtene-verfuehrung\/#primaryimage"},"thumbnailUrl":"https:\/\/i0.wp.com\/www.jazzzeitung.de\/cms\/wp-content\/uploads\/2026\/03\/Aufmacher_DSC0262_bySimonHaseneder-scaled.jpg?fit=2560%2C1707&ssl=1","datePublished":"2026-03-12T14:57:13+00:00","dateModified":"2026-03-13T08:23:47+00:00","breadcrumb":{"@id":"https:\/\/www.jazzzeitung.de\/cms\/2026\/03\/velvet-revolution-jelena-im-bergson-samtene-verfuehrung\/#breadcrumb"},"inLanguage":"de","potentialAction":[{"@type":"ReadAction","target":["https:\/\/www.jazzzeitung.de\/cms\/2026\/03\/velvet-revolution-jelena-im-bergson-samtene-verfuehrung\/"]}]},{"@type":"ImageObject","inLanguage":"de","@id":"https:\/\/www.jazzzeitung.de\/cms\/2026\/03\/velvet-revolution-jelena-im-bergson-samtene-verfuehrung\/#primaryimage","url":"https:\/\/i0.wp.com\/www.jazzzeitung.de\/cms\/wp-content\/uploads\/2026\/03\/Aufmacher_DSC0262_bySimonHaseneder-scaled.jpg?fit=2560%2C1707&ssl=1","contentUrl":"https:\/\/i0.wp.com\/www.jazzzeitung.de\/cms\/wp-content\/uploads\/2026\/03\/Aufmacher_DSC0262_bySimonHaseneder-scaled.jpg?fit=2560%2C1707&ssl=1","width":2560,"height":1707},{"@type":"BreadcrumbList","@id":"https:\/\/www.jazzzeitung.de\/cms\/2026\/03\/velvet-revolution-jelena-im-bergson-samtene-verfuehrung\/#breadcrumb","itemListElement":[{"@type":"ListItem","position":1,"name":"Startseite","item":"https:\/\/www.jazzzeitung.de\/cms\/"},{"@type":"ListItem","position":2,"name":"Velvet Revolution &#038; Jelena im Bergson &#8211; samtene Verf\u00fchrung"}]},{"@type":"WebSite","@id":"https:\/\/www.jazzzeitung.de\/cms\/#website","url":"https:\/\/www.jazzzeitung.de\/cms\/","name":"JazzZeitung","description":"Jazz-News und Jazz-Kontroverses","publisher":{"@id":"https:\/\/www.jazzzeitung.de\/cms\/#organization"},"potentialAction":[{"@type":"SearchAction","target":{"@type":"EntryPoint","urlTemplate":"https:\/\/www.jazzzeitung.de\/cms\/?s={search_term_string}"},"query-input":{"@type":"PropertyValueSpecification","valueRequired":true,"valueName":"search_term_string"}}],"inLanguage":"de"},{"@type":"Organization","@id":"https:\/\/www.jazzzeitung.de\/cms\/#organization","name":"JazzZeitung online","url":"https:\/\/www.jazzzeitung.de\/cms\/","logo":{"@type":"ImageObject","inLanguage":"de","@id":"https:\/\/www.jazzzeitung.de\/cms\/#\/schema\/logo\/image\/","url":"https:\/\/i0.wp.com\/www.jazzzeitung.de\/cms\/wp-content\/uploads\/2015\/08\/JAZZZEITUNGDE_Logo_Neu.png?fit=499%2C200&ssl=1","contentUrl":"https:\/\/i0.wp.com\/www.jazzzeitung.de\/cms\/wp-content\/uploads\/2015\/08\/JAZZZEITUNGDE_Logo_Neu.png?fit=499%2C200&ssl=1","width":499,"height":200,"caption":"JazzZeitung online"},"image":{"@id":"https:\/\/www.jazzzeitung.de\/cms\/#\/schema\/logo\/image\/"},"sameAs":["https:\/\/www.facebook.com\/JazzZeitung\/"]},{"@type":"Person","@id":"https:\/\/www.jazzzeitung.de\/cms\/#\/schema\/person\/2245b36b9cd1d24cea10f01c031fb92b","name":"Redaktion JazzZeitung","image":{"@type":"ImageObject","inLanguage":"de","@id":"https:\/\/i0.wp.com\/www.jazzzeitung.de\/cms\/wp-content\/uploads\/2015\/08\/JAZZZEITUNGDE_Logo_Neu.png?resize=96%2C96&ssl=159975dcacb611b5700bd619b5daf0a7a","url":"https:\/\/i0.wp.com\/www.jazzzeitung.de\/cms\/wp-content\/uploads\/2015\/08\/JAZZZEITUNGDE_Logo_Neu.png?resize=96%2C96&ssl=1","contentUrl":"https:\/\/i0.wp.com\/www.jazzzeitung.de\/cms\/wp-content\/uploads\/2015\/08\/JAZZZEITUNGDE_Logo_Neu.png?resize=96%2C96&ssl=1","caption":"Redaktion JazzZeitung"},"description":"Artikel der Redaktion der JazzZeitung.","sameAs":["http:\/\/www.jazzzeitung.de\/cms\/"],"url":"https:\/\/www.jazzzeitung.de\/cms\/author\/redaktion\/"}]}},"wp-worthy-pixel":{"ignored":false,"public":null,"server":null,"url":null},"wp-worthy-type":"normal","jetpack_publicize_connections":[],"cc_featured_image_caption":{"caption_text":"","source_text":"","source_url":""},"jetpack_featured_media_url":"https:\/\/i0.wp.com\/www.jazzzeitung.de\/cms\/wp-content\/uploads\/2026\/03\/Aufmacher_DSC0262_bySimonHaseneder-scaled.jpg?fit=2560%2C1707&ssl=1","jetpack_shortlink":"https:\/\/wp.me\/p3KEcT-8M3","jetpack-related-posts":[{"id":31501,"url":"https:\/\/www.jazzzeitung.de\/cms\/2024\/08\/bezau-beatz-grosse-emotionen-grossartige-musik\/","url_meta":{"origin":33731,"position":0},"title":"Bezau Beatz: Gro\u00dfe Emotionen \u2013 gro\u00dfartige Musik","author":"Redaktion JazzZeitung","date":"14. August 2024","format":false,"excerpt":"(Von Robert Fischer)\u00a0Mit gemischten Gef\u00fchlen waren in diesem Jahr wohl die meisten in den Bregenzerwald gereist, schien die 17. Ausgabe des Bezau Beatz Festivals doch unter einem ungl\u00fccklichen Stern zu stehen. Lange im Vorfeld schon hatte Alfred Vogel \u2013 als Spiritus Rector Herz und Seele dieses heuer vom 8. bis\u2026","rel":"","context":"In &quot;Bericht&quot;","block_context":{"text":"Bericht","link":"https:\/\/www.jazzzeitung.de\/cms\/thema\/bericht\/"},"img":{"alt_text":"","src":"https:\/\/i0.wp.com\/www.jazzzeitung.de\/cms\/wp-content\/uploads\/2024\/08\/Marius-Wankel_BB_10082024_003.jpg?fit=567%2C378&ssl=1&resize=350%2C200","width":350,"height":200,"srcset":"https:\/\/i0.wp.com\/www.jazzzeitung.de\/cms\/wp-content\/uploads\/2024\/08\/Marius-Wankel_BB_10082024_003.jpg?fit=567%2C378&ssl=1&resize=350%2C200 1x, https:\/\/i0.wp.com\/www.jazzzeitung.de\/cms\/wp-content\/uploads\/2024\/08\/Marius-Wankel_BB_10082024_003.jpg?fit=567%2C378&ssl=1&resize=525%2C300 1.5x"},"classes":[]},{"id":24973,"url":"https:\/\/www.jazzzeitung.de\/cms\/2021\/06\/samtene-revolution-velvet-revolution-auf-der-muensterlaendischen-burg-vischering\/","url_meta":{"origin":33731,"position":1},"title":"Samtene Revolution: \u201cVelvet Revolution\u201d auf der m\u00fcnsterl\u00e4ndischen  Burg Vischering","author":"Redaktion JazzZeitung","date":"11. Juni 2021","format":false,"excerpt":"Die Livekonzertsaison beginnt wieder - und alles f\u00fchlt sich neu und urspr\u00fcnglich an. Vor allem, wenn mit dem Trio Velvet Revolution eine der herausragenden Bands im europ\u00e4ischen Jazz den alten Rittersaal in der m\u00fcnsterl\u00e4ndischen Burg Vischering in poetische Klangfarben tauchte. Schon im letzten Jahr hatte die von Christine S\u00f6rries kuratierte\u2026","rel":"","context":"In &quot;Bericht&quot;","block_context":{"text":"Bericht","link":"https:\/\/www.jazzzeitung.de\/cms\/thema\/bericht\/"},"img":{"alt_text":"","src":"https:\/\/i0.wp.com\/www.jazzzeitung.de\/cms\/wp-content\/uploads\/2021\/06\/Velvet-Revolution-scaled.jpg?fit=1200%2C797&ssl=1&resize=350%2C200","width":350,"height":200,"srcset":"https:\/\/i0.wp.com\/www.jazzzeitung.de\/cms\/wp-content\/uploads\/2021\/06\/Velvet-Revolution-scaled.jpg?fit=1200%2C797&ssl=1&resize=350%2C200 1x, https:\/\/i0.wp.com\/www.jazzzeitung.de\/cms\/wp-content\/uploads\/2021\/06\/Velvet-Revolution-scaled.jpg?fit=1200%2C797&ssl=1&resize=525%2C300 1.5x, https:\/\/i0.wp.com\/www.jazzzeitung.de\/cms\/wp-content\/uploads\/2021\/06\/Velvet-Revolution-scaled.jpg?fit=1200%2C797&ssl=1&resize=700%2C400 2x, https:\/\/i0.wp.com\/www.jazzzeitung.de\/cms\/wp-content\/uploads\/2021\/06\/Velvet-Revolution-scaled.jpg?fit=1200%2C797&ssl=1&resize=1050%2C600 3x"},"classes":[]},{"id":23692,"url":"https:\/\/www.jazzzeitung.de\/cms\/2020\/10\/newsdaniel-erdmann-gewinnt-swr-jazzpreis-2020schickmajkowskilovens-am-10-11-in-muenchenveranstaltungen-bix-jazzclub-stuttgart\/","url_meta":{"origin":33731,"position":2},"title":"+++News:+++Daniel Erdmann gewinnt SWR Jazzpreis 2020+++Schick\/Majkowski\/Lovens am 10.11. in M\u00fcnchen+++Veranstaltungen BIX-Jazzclub Stuttgart+++","author":"Redaktion JazzZeitung","date":"28. Oktober 2020","format":false,"excerpt":"+++Daniel Erdmann gewinnt SWR Jazzpreis 2020 +++ Baden-Baden\/Mainz. Der gemeinsam vom S\u00fcdwestrundfunk (SWR) und dem Land Rheinland-Pfalz gestiftete SWR Jazzpreis 2020 wird heute, am 28. Oktober, im Rahmen des Internationalen Festivals \"Enjoy Jazz\" in Ludwigshafen an den Tenorsaxophonisten Daniel Erdmann verliehen. Erdmann, der auf den Tag genau vor 47 Jahren\u2026","rel":"","context":"In &quot;News&quot;","block_context":{"text":"News","link":"https:\/\/www.jazzzeitung.de\/cms\/thema\/nachrichten\/"},"img":{"alt_text":"","src":"https:\/\/i0.wp.com\/www.jazzzeitung.de\/cms\/wp-content\/uploads\/2020\/10\/Schick_Majkowski_Lovens_%C2%A9_UrsulaZeidler_720.jpg?fit=720%2C404&ssl=1&resize=350%2C200","width":350,"height":200,"srcset":"https:\/\/i0.wp.com\/www.jazzzeitung.de\/cms\/wp-content\/uploads\/2020\/10\/Schick_Majkowski_Lovens_%C2%A9_UrsulaZeidler_720.jpg?fit=720%2C404&ssl=1&resize=350%2C200 1x, https:\/\/i0.wp.com\/www.jazzzeitung.de\/cms\/wp-content\/uploads\/2020\/10\/Schick_Majkowski_Lovens_%C2%A9_UrsulaZeidler_720.jpg?fit=720%2C404&ssl=1&resize=525%2C300 1.5x, https:\/\/i0.wp.com\/www.jazzzeitung.de\/cms\/wp-content\/uploads\/2020\/10\/Schick_Majkowski_Lovens_%C2%A9_UrsulaZeidler_720.jpg?fit=720%2C404&ssl=1&resize=700%2C400 2x"},"classes":[]},{"id":33608,"url":"https:\/\/www.jazzzeitung.de\/cms\/2026\/01\/news-wdr-jazzpreis-fuer-hanno-busch-burghauser-nachwuchs-jazzpreis-finalistinnen\/","url_meta":{"origin":33731,"position":3},"title":"+++ news +++ WDR Jazzpreis f\u00fcr Hanno Busch ++++ Burghauser Nachwuchs-Jazzpreis: Finalist:innen +++","author":"Redaktion JazzZeitung","date":"20. Januar 2026","format":false,"excerpt":"+++ WDR Jazzpreis f\u00fcr Hanno Busch +++ Hanno Busch\u00a0erh\u00e4lt den diesj\u00e4hrigen WDR Jazzpreis. Der in Wuppertal geborene Gitarrist, Komponist und Produzent \u00fcberzeugte die Jury mit seiner \u201eherausragend gef\u00fchlvollen, frischen und kreativen Spielweise\u201c, mit der er sich \u201em\u00fchelos zwischen Jazz, Rock, Blues, Pop und anderen Genres\u201c bewegt. Busch spielt in eigenen\u2026","rel":"","context":"In &quot;News&quot;","block_context":{"text":"News","link":"https:\/\/www.jazzzeitung.de\/cms\/thema\/nachrichten\/"},"img":{"alt_text":"","src":"https:\/\/i0.wp.com\/www.jazzzeitung.de\/cms\/wp-content\/uploads\/2026\/01\/WDR_Jazzpreis_2026_.jpg?fit=960%2C540&ssl=1&resize=350%2C200","width":350,"height":200,"srcset":"https:\/\/i0.wp.com\/www.jazzzeitung.de\/cms\/wp-content\/uploads\/2026\/01\/WDR_Jazzpreis_2026_.jpg?fit=960%2C540&ssl=1&resize=350%2C200 1x, https:\/\/i0.wp.com\/www.jazzzeitung.de\/cms\/wp-content\/uploads\/2026\/01\/WDR_Jazzpreis_2026_.jpg?fit=960%2C540&ssl=1&resize=525%2C300 1.5x, https:\/\/i0.wp.com\/www.jazzzeitung.de\/cms\/wp-content\/uploads\/2026\/01\/WDR_Jazzpreis_2026_.jpg?fit=960%2C540&ssl=1&resize=700%2C400 2x"},"classes":[]},{"id":3634,"url":"https:\/\/www.jazzzeitung.de\/cms\/2014\/03\/5-fragen-an-domberts-urban-jazz-konzert-im-studio-2-des-br\/","url_meta":{"origin":33731,"position":4},"title":"5 Fragen an: Dombert&#8217;s Urban Jazz &#8211; Konzert im Studio 2 des BR","author":"Redaktion JazzZeitung","date":"19. M\u00e4rz 2014","format":false,"excerpt":"\"B\u00fchne frei im Studio 2\" hei\u00dft es wieder am 26. M\u00e4rz im Bayerischen Rundfunk. Dombert's Urban Jazz spielen in der Besetzung Andreas Dombert, Gitarre und Komposition; Peter Sandner, Electronics; Lutz H\u00e4fner, Saxophon; Henning Sieverts, Bass; Matthias Meusel, Schlagzeug und Ralf Oberleitner, Videok\u00fcnstler ab 20 Uhr. Anl\u00e4sslich dieses Events ver\u00f6ffentlichen wir\u2026","rel":"","context":"In &quot;Archiv&quot;","block_context":{"text":"Archiv","link":"https:\/\/www.jazzzeitung.de\/cms\/thema\/archiv\/"},"img":{"alt_text":"SONY DSC","src":"https:\/\/i0.wp.com\/www.jazzzeitung.de\/cms\/wp-content\/uploads\/2014\/03\/Dombert-150x150.jpg?resize=350%2C200","width":350,"height":200},"classes":[]},{"id":25615,"url":"https:\/\/www.jazzzeitung.de\/cms\/2021\/09\/aus-der-hoerbar-der-nmz-duos-in-jazz-und-improvisation\/","url_meta":{"origin":33731,"position":5},"title":"Aus der H\u00f6rBar der nmz: Duos in Jazz und Improvisation","author":"Huflaikhan","date":"1. September 2021","format":false,"excerpt":"Ob Aki Takase mit Daniel Erdmann oder Daniel Herskedahl mit Magnus Moksnes Myhre. In der vorletzten Woche hat sich @huflaikhan in der H\u00f6rBar f\u00fcnf aktuelle CDs in Duoformationen etwas genauer angeh\u00f6rt: Takase\/Erdmann \u2013 Isn\u2019t it Romantic?, Poulsen\/Fryland \u2013 Dream a World, Fleischwolf \u2013 Einst, Duo Sonoma I und Herskedahl, Myhre\u2026","rel":"","context":"In &quot;Rezension&quot;","block_context":{"text":"Rezension","link":"https:\/\/www.jazzzeitung.de\/cms\/thema\/rezension\/"},"img":{"alt_text":"Takase\/Erdmann \u2013 Isn\u2019t it Romantic?","src":"https:\/\/i0.wp.com\/www.jazzzeitung.de\/cms\/wp-content\/uploads\/2021\/08\/kw33_takase_erdmann.jpg?fit=1200%2C1063&ssl=1&resize=350%2C200","width":350,"height":200,"srcset":"https:\/\/i0.wp.com\/www.jazzzeitung.de\/cms\/wp-content\/uploads\/2021\/08\/kw33_takase_erdmann.jpg?fit=1200%2C1063&ssl=1&resize=350%2C200 1x, https:\/\/i0.wp.com\/www.jazzzeitung.de\/cms\/wp-content\/uploads\/2021\/08\/kw33_takase_erdmann.jpg?fit=1200%2C1063&ssl=1&resize=525%2C300 1.5x, https:\/\/i0.wp.com\/www.jazzzeitung.de\/cms\/wp-content\/uploads\/2021\/08\/kw33_takase_erdmann.jpg?fit=1200%2C1063&ssl=1&resize=700%2C400 2x, https:\/\/i0.wp.com\/www.jazzzeitung.de\/cms\/wp-content\/uploads\/2021\/08\/kw33_takase_erdmann.jpg?fit=1200%2C1063&ssl=1&resize=1050%2C600 3x"},"classes":[]}],"jetpack_sharing_enabled":true,"_links":{"self":[{"href":"https:\/\/www.jazzzeitung.de\/cms\/wp-json\/wp\/v2\/posts\/33731","targetHints":{"allow":["GET"]}}],"collection":[{"href":"https:\/\/www.jazzzeitung.de\/cms\/wp-json\/wp\/v2\/posts"}],"about":[{"href":"https:\/\/www.jazzzeitung.de\/cms\/wp-json\/wp\/v2\/types\/post"}],"author":[{"embeddable":true,"href":"https:\/\/www.jazzzeitung.de\/cms\/wp-json\/wp\/v2\/users\/18"}],"replies":[{"embeddable":true,"href":"https:\/\/www.jazzzeitung.de\/cms\/wp-json\/wp\/v2\/comments?post=33731"}],"version-history":[{"count":5,"href":"https:\/\/www.jazzzeitung.de\/cms\/wp-json\/wp\/v2\/posts\/33731\/revisions"}],"predecessor-version":[{"id":33745,"href":"https:\/\/www.jazzzeitung.de\/cms\/wp-json\/wp\/v2\/posts\/33731\/revisions\/33745"}],"wp:featuredmedia":[{"embeddable":true,"href":"https:\/\/www.jazzzeitung.de\/cms\/wp-json\/wp\/v2\/media\/33732"}],"wp:attachment":[{"href":"https:\/\/www.jazzzeitung.de\/cms\/wp-json\/wp\/v2\/media?parent=33731"}],"wp:term":[{"taxonomy":"category","embeddable":true,"href":"https:\/\/www.jazzzeitung.de\/cms\/wp-json\/wp\/v2\/categories?post=33731"},{"taxonomy":"post_tag","embeddable":true,"href":"https:\/\/www.jazzzeitung.de\/cms\/wp-json\/wp\/v2\/tags?post=33731"},{"taxonomy":"author","embeddable":true,"href":"https:\/\/www.jazzzeitung.de\/cms\/wp-json\/wp\/v2\/coauthors?post=33731"}],"curies":[{"name":"wp","href":"https:\/\/api.w.org\/{rel}","templated":true}]}}