{"id":33728,"date":"2026-03-15T12:00:03","date_gmt":"2026-03-15T11:00:03","guid":{"rendered":"https:\/\/www.jazzzeitung.de\/cms\/?p=33728"},"modified":"2026-03-12T14:24:00","modified_gmt":"2026-03-12T13:24:00","slug":"jazzwoche12_26","status":"publish","type":"post","link":"https:\/\/www.jazzzeitung.de\/cms\/2026\/03\/jazzwoche12_26\/","title":{"rendered":"Die Haar und Frisur-Jazz-Radiowoche vom 16.03.2026 bis 22.03.2026"},"content":{"rendered":"<p class=\"western\">Die \u00dcbersicht zum <span style=\"color: #0563c1;\"><u><a href=\"https:\/\/service.conbrio.de\/service\/download\/278\/\" name=\"Download des PDF\">Download als PDF<\/a><\/u><\/span><span style=\"text-decoration: line-through;\">.<\/span> Alle Angaben ohne Gew\u00e4hr. Erg\u00e4nzt mit den tollen Sendungen zur Neuen Musik von BR-KLASSIK und \u00d61.<\/p>\n<p class=\"western\">Aktuell bekommen wir Informationen von SWR Kultur, \u00d61 und in Sachen Neue Musik von BR-KLASSIK und ebenfalls \u00d61.<\/p>\n<hr \/>\n<h2 class=\"western\"><a name=\"__RefHeading___Toc532_2049876245\"><\/a><a name=\"_Toc176424572\"><\/a><a name=\"_Toc183595478\"><\/a><a name=\"_Toc184290543\"><\/a><a name=\"_Toc185409041\"><\/a><a name=\"_Toc186792938\"><\/a><a name=\"_Toc187143015\"><\/a><a name=\"_Toc188530705\"><\/a><a name=\"_Toc188957623\"><\/a><a name=\"_Toc189813526\"><\/a><a name=\"_Toc189815284\"><\/a><a name=\"_Toc190257440\"><\/a><a name=\"_Toc174527976\"><\/a><a name=\"_Toc175140589\"><\/a> Senderliste:<\/h2>\n<hr \/>\n<ul>\n<li><span style=\"color: #0563c1;\"><u><a href=\"https:\/\/oe1.orf.at\/\" name=\"Link zum ORF\">ORF \u2013 \u00d61<\/a><\/u><\/span><\/li>\n<li><span style=\"color: #0563c1;\"><u><a href=\"https:\/\/www.deutschlandradio.de\/\" name=\"Link zum Deutschlandfunk\">Deutschlandfunk<\/a><\/u><\/span> \u2013 \u201eFakten und mehr\u201c<\/li>\n<li><span style=\"color: #0563c1;\"><u><a href=\"https:\/\/www.deutschlandfunkkultur.de\/\" name=\"Link zu Deutschlandfunk Kultur\">Deutschlandfunk-Kultur<\/a><\/u><\/span> \u2013 \u201eDas Feuilleton im Radio\u201c<\/li>\n<li><span style=\"color: #0563c1;\"><u><a href=\"https:\/\/www.ndr.de\/ndrkultur\/\" name=\"Link zu ndr kultur\">ndr Kultur<\/a><\/u><\/span> \u2013 H\u00f6ren und genie\u00dfen<\/li>\n<li><span style=\"color: #0563c1;\"><u><a href=\"https:\/\/www.ndr.de\/ndrblue\/index.html\" name=\"Link zu ndr blue\"><span lang=\"en-US\">ndr blue<\/span><\/a><\/u><\/span><span lang=\"en-US\"> \u2013 Meet The Music<\/span><\/li>\n<li><span style=\"color: #0563c1;\"><u><a href=\"https:\/\/www.bremenzwei.de\/\" name=\"Link zu Radio Bremen\">radio bremen<\/a><\/u><\/span> \u2013 Neugier lohnt sich.<\/li>\n<li><span style=\"color: #0563c1;\"><u><a href=\"https:\/\/www.radiodrei.de\/\" name=\"Link zu Radio 3 von Berlin\">Radio 3<\/a><\/u><\/span> \u2013<\/li>\n<li><span style=\"color: #0563c1;\"><u><a href=\"https:\/\/www.mdr.de\/kultur\/radio\/index.html\" name=\"Link zu medr-kultur\">mdr-kultur<\/a><\/u><\/span> \u2013 Das Radio.<\/li>\n<li><a href=\"https:\/\/www1.wdr.de\/radio\/wdr3\/\" name=\"Link zu WDR3\"><span style=\"color: #0563c1;\"><u>W<\/u><\/span><span style=\"color: #0563c1;\"><u>DR<\/u><\/span><span style=\"color: #0563c1;\"><u>3<\/u><\/span><\/a> \u2013 Das Kulturradio<\/li>\n<li><span style=\"color: #0563c1;\"><u><a href=\"https:\/\/www.hr2.de\/index.html\" name=\"Link zu hr2-kultur\">hr2-kultur<\/a><\/u><\/span> \u2013 Das Kulturradio f\u00fcr Hessen.<\/li>\n<li><a href=\"https:\/\/www.sr.de\/sr\/sr2\/index.html\" name=\"Link zu SR2-Kulturradio\"><span style=\"color: #0563c1;\"><u>S<\/u><\/span><span style=\"color: #0563c1;\"><u>R<\/u><\/span><span style=\"color: #0563c1;\"><u>2 Kulturradio<\/u><\/span><\/a> \u2013 \u2026 gut zu h\u00f6ren.<\/li>\n<li><a href=\"https:\/\/www.swr.de\/swr2\/\" name=\"Link zu SWR Kuultur\"><span style=\"color: #0563c1;\"><u>S<\/u><\/span><span style=\"color: #0563c1;\"><u>WR<\/u><\/span><u> <\/u><\/a><span style=\"color: #0563c1;\"><u>kultur<\/u><\/span> \u2013 Kultur neu entdecken<\/li>\n<li><span style=\"color: #0563c1;\"><u><a href=\"https:\/\/www.br.de\/radio\/br-klassik\/index.html\" name=\"Link zu BR-Klassik\">BR-KLASSIK<\/a><\/u><\/span> \u2013 Klassikstars geben auf BR-KLASSIK den Ton an. Attraktive Magazine bringen Interviews und Neuigkeiten aus dem Musikleben.<\/li>\n<li><span style=\"color: #0563c1;\"><u><a href=\"https:\/\/www.br.de\/radio\/bayern2\/index.html\" name=\"Link zu Bayern2\">Bayern 2<\/a><\/u><\/span> \u2013 Preisgekr\u00f6ntes Radio f\u00fcr H\u00f6rer, die mehr wissen wollen<\/li>\n<\/ul>\n<hr \/>\n<h2 class=\"western\"><a name=\"__RefHeading___Toc534_2049876245\"><\/a><a name=\"_Toc190257441\"><\/a><a name=\"_Toc175140590\"><\/a><a name=\"_Toc176424573\"><\/a><a name=\"_Toc183595479\"><\/a><a name=\"_Toc184290544\"><\/a><a name=\"_Toc185409042\"><\/a><a name=\"_Toc186792939\"><\/a><a name=\"_Toc187143016\"><\/a><a name=\"_Toc188530706\"><\/a><a name=\"_Toc188957624\"><\/a><a name=\"_Toc189813527\"><\/a><a name=\"_Toc189815285\"><\/a> Internet:<\/h2>\n<hr \/>\n<ul>\n<li>Schweden: <span style=\"color: #0563c1;\"><u><a href=\"https:\/\/sverigesradio.se\/tabla.aspx?programid=2562\" name=\"Link zu Schwedens Radio P&quot;\">P2<\/a><\/u><\/span> sendet immer Dienstags von 21:00 bis 22:00 und Sonntags von 18:40 bis 20:00 ein Jazzkonzert<\/li>\n<li>Ungarn: <span style=\"color: #0563c1;\"><u><a href=\"https:\/\/mediaklikk.hu\/bartok\/\" name=\"Link zu Bart\u00f3k-Radio\">Bartok Radio<\/a><\/u><\/span> sendet t\u00e4glich von 23:00 bis 23:55 eine Jazzsendung<\/li>\n<\/ul>\n<hr \/>\n<h2 class=\"western\"><a name=\"__RefHeading___Toc2800_1739891913\"><\/a> mo \u2013 16.03.2026<\/h2>\n<hr \/>\n<p class=\"western\">19:30:00 +++ \u00d61<br \/>\n<b>Ein Konzert vom 11. Oktober 2025 mit Analuz Blanco &amp; Milagros Caliva und dem Garup\u00e1 Trio<\/b><\/p>\n<p class=\"western\" style=\"padding-left: 40px;\">Bereits zum dritten Mal fand im Oktober 2025 das Festival \u201eArgentina\u201c im Gro\u00dfen Sendesaal des Wiener ORF Radiokulturhauses statt. Die Gitarristin und S\u00e4ngerin Analuz Blanco sowie die Bandoneon-Spielerin Milagros Caliva pr\u00e4sentierten einen Mix aus argentinischen Volksliedern und neuen Kompositionen.<\/p>\n<p class=\"western\" style=\"padding-left: 40px;\">Im zweiten Teil des Abends gastierte das Garup\u00e1 Trio und widmete sich den Musikstilen Nordargentiniens, u.a. dem Chamam\u00e9, einem Tanz im 6\/8-Takt, der 2020 zum Unesco-Weltkulturerbe erkl\u00e4rt wurde.<\/p>\n<p class=\"western\">22:03 \u2013 23:00 UHR +++ SWR KULTUR<br \/>\n<b>ARD Jazz. Spotlight: Vom Kistenbass zum Weltstar \u2013 Richard Bona<\/b><\/p>\n<p class=\"western\" style=\"padding-left: 40px;\">Von Martin Kersten. Seinen ersten Bass hat er sich aus einer Kiste und Fahrrad-Bremsseilen selbst zusammengebaut, angespornt von Aufnahmen des Bass-Gro\u00dfmeisters Jaco Pastorius. Heute ist Richard Bona selbst einer der bedeutendsten Musiker seiner Generation. Sein Weg f\u00fchrte von Kamerun \u00fcber Paris nach New York, er hat mit Gr\u00f6\u00dfen wie Herbie Hancock oder Chick Corea gespielt. Bona verbindet Jazz, Afropop und Weltmusik, spielt virtuos Bass, singt und beherrscht zahlreiche weitere Instrumente. Sein Konzert mit der hr-Bigband Anfang 2026 war der Anlass f\u00fcr ein Gespr\u00e4ch mit ihm \u00fcber Kunst, Herkunft und Haltung.<\/p>\n<p class=\"western\">23:03:00 +++ \u00d61<br \/>\n<b>Das vierte Soloalbum von Lukas Lauermann \u2013 Cellistische Bohrkerne durch die Sedimente einer sich wandelnden Welt auf \u201cVarve\u201d<\/b><\/p>\n<p class=\"western\" style=\"padding-left: 40px;\">\u201cVarve\u201d bezeichnet die Sedimentierung in Seen und Meeren innerhalb eines Jahres. Nach diesem geologischen Ph\u00e4nomen, das einem Archiv klimatischer Ver\u00e4nderungen gleicht, hat der \u00f6sterreichische Cellist, Komponist und Arrangeur Lukas Lauermann sein viertes Soloalbum benannt. Eingebettet in ein Ensemble aus Tonbandger\u00e4ten und Kassettenrekordern, durchdringt Lukas Lauermann mit seinem Cello Schicht f\u00fcr Schicht einer sich wandelnden Welt, deren Sedimente sich aus Orgelkl\u00e4ngen, Stimmproben und Ger\u00e4terauschen zusammensetzen. Seine Kompositionen offenbaren sich in diesem Zusammenhang wie Bohrkerne, die Teil eines gro\u00dfen Ganzen sind. Auf der Suche nach Resonanz richtet Lukas Lauermann seine Aufmerksamkeit dabei auf \u201ckleinste Unregelm\u00e4\u00dfigkeiten\u201d und \u201csubtile Verschiebungen, die m\u00e4chtige Ver\u00e4nderungen ausl\u00f6sen k\u00f6nnen\u201d. Gestaltung: Marie-Theres Himmler<\/p>\n<hr \/>\n<h2 class=\"western\"><a name=\"__RefHeading___Toc2802_1739891913\"><\/a>di \u2013 17.03.2026<\/h2>\n<hr \/>\n<p class=\"western\">17:30:00 +++ \u00d61<br \/>\n<b>Musik aus allen Richtungen.<\/b><\/p>\n<p class=\"western\">21:00 \u2013 22:00 UHR +++ SWR KULTUR<br \/>\n<b>JetztMusik: James Brandon Lewis Quartet beim Jazzfest Berlin 2025<\/b><\/p>\n<p class=\"western\" style=\"padding-left: 40px;\">Von Konrad Bott. Wer die Vergangenheit nicht ehrt, ist der Zukunft nicht wert. Oder andersrum? Der Saxofonist James Brandon Lewis ist seit Jahren einer der innovativsten und gleichzeitig traditionsbewusstesten Jazz-musiker, die unter der Sonne wandeln. Mit seinem Virtuosen Charme und seinem druckvoll-pr\u00e4zisen Saxofonspiel schubst er Zuh\u00f6rende immer wieder in neue Klangerfahrungen. Mit seinem Quartett ist er im November 2025 beim Jazzfest Berlin im Club Quasimodo aufgetreten. \u00d6ffnen Sie die Ohren und reiten Sie mit auf dem musikalischen Grat zwischen k\u00fchlem Flow und explosiven Ausbr\u00fcchen.<\/p>\n<p class=\"western\">23:03:00 +++ \u00d61<br \/>\n<b>Das Trio Catch gratuliert Helmut Lachenmann \u2013 Auftragswerke von Sara Glojnari\u0107, Mirela Ivi\u010devi\u0107, Matthias Kranebitter sowie ein Klassiker von Helmut Lachenmann<\/b><\/p>\n<p class=\"western\" style=\"padding-left: 40px;\">Klarinette, Violoncello und Klavier: Diese nicht allt\u00e4gliche Besetzung verlangen Werke von Sara Glojnari\u0107, Mirela Ivi\u010devi\u0107 und Matthias Kranebitter, die f\u00fcr das Trio Catch entstanden sind. Au\u00dferdem feierte das Ensemble Helmut Lachenmanns Neunziger mit seinem Klassiker \u201cAllegro sostenuto\u201d. Ein Abend der \u00fcberraschenden Volten und clever unterlaufenen H\u00f6rgewohnheiten (Mitschnitt aus dem Berio-Saal des Wiener Konzerthauses vom 3. Juni 2025)<\/p>\n<p class=\"western\" style=\"padding-left: 40px;\">Catch: Da denkt man in der Musik ans Fangen und Weiterspielen musikalischer B\u00e4lle, ans Einfangen von Stimmungen \u2013 oder auch des Publikums, dessen Interesse man zu fesseln vermag. Das englische Adjektiv \u201ecatchy\u201c kann einpr\u00e4gsam und eing\u00e4ngig bedeuten, aber auch schwierig und anspruchsvoll.<\/p>\n<p class=\"western\" style=\"padding-left: 40px;\">F\u00fcr all das und mehr ist das Trio Catch zust\u00e4ndig. 2010 haben einander urspr\u00fcnglich drei Musikerinnen bei der internationalen Akademie des Ensembles Modern in Frankfurt kennengelernt. Und auch wenn das Trio seit 2022 zu einem Drittel neu besetzt ist, sind die gemeinsamen Prinzipien dieselben geblieben: Die s\u00fcdkoreanische Pianistin Sun-Young Nam und die Schweizer Cellistin Eva Boesch bilden mit dem slowakischen Klarinettisten Marin\u00a0Ad\u00e1mek\u00a0ihr unverwechselbares Ensemble.<\/p>\n<p class=\"western\" style=\"padding-left: 40px;\">In der \u00e4lteren Kammermusik ist diese spezielle Kombination von Schlag-, Streich- und Blasinstrument ja keineswegs h\u00e4ufig anzutreffen, desto \u00f6fter hingegen in j\u00fcngerer Zeit. Die besondere Freude an Werken des 20. und 21. Jahrhunderts f\u00fcr diese Besetzung, die Virtuosit\u00e4t, die diese verlangen, erprobt in Zusammenarbeit mit zahlreichen lebenden Komponistinnen und Komponisten: All das geh\u00f6rt zu den Markenzeichen des Ensembles.<\/p>\n<p class=\"western\" style=\"padding-left: 40px;\">So war es auch nicht weiter verwunderlich, dass das Trio Catch bei seinem Auftritt im Berio-Saal des Wiener Konzerthauses am 3. Juni 2025 einerseits Helmut Lachenmann zu dessen bevorstehendem Neunziger hochleben lie\u00df, dessen ber\u00fchmtes \u201cAllegro sostenuto\u201d selbstredend zum Kernrepertoire des Trios z\u00e4hlt, und andererseits auch drei neuere Kompositionen aufs Programm setzte, die f\u00fcr das Ensemble entstanden und ihm gewidmet sind.<\/p>\n<p class=\"western\" style=\"padding-left: 40px;\">Mirela Ivi\u010devi\u0107 kanalisiert in \u201c\u010car\u201d (\u201cReiz\u201d, \u201cFluch\u201d, \u201cZauber\u201d auf Kroatisch und Serbisch) weibliche Urkr\u00e4fte aus den traditionellen Kulturen Ex-Jugoslawiens. Sara Glojnari\u0107 nimmt in \u201csugarcoating #2\u201d die auf Erfolgsoptimierung zielenden Mechanismen der Popmusik aufs Korn. Und Matthias Kranebitter leitet in \u201cwhirl and pendulum\u201d die Musik aus den kontrastierenden Bewegungsmodellen von Wirbel und Pendel her.<\/p>\n<p class=\"western\" style=\"padding-left: 40px;\">In Summe gewisserma\u00dfen ein \u201eCatch-as-catch-can\u201c der zeitgen\u00f6ssischen Musik, also ein klingendes Freistilringen mit dem Trio Catch \u2013 voller erstaunlicher Drehungen und Wendungen, gespickt mit verbl\u00fcffenden Griffen und Kniffen. Gestaltung: Walter Weidringer<\/p>\n<hr \/>\n<h2 class=\"western\"><a name=\"__RefHeading___Toc2804_1739891913\"><\/a>mi \u2013 18.03.2026<\/h2>\n<hr \/>\n<p class=\"western\">17:30:00 +++ \u00d61<br \/>\n<b>Musik aus allen Richtungen mit Mirjam Jessa.<\/b><\/p>\n<p class=\"western\">22:03 \u2013 23:00 UHR +++ SWR KULTUR<br \/>\n<b>ARD Jazz. Das Magazin<\/b><\/p>\n<p class=\"western\" style=\"padding-left: 40px;\">Von Mauretta Heinzelmann. Das w\u00f6chentliche Jazz-Update, pr\u00e4sentiert von Eurer ARD: au\u00dfergew\u00f6hnliche Ver\u00f6ffentlichungen, relevante Ereignisse und aktuelle Debatten. Wir diskutieren Jazz in allen seinen Facetten und suchen auch deutschlandweit die Orte auf, an denen er zu Hause ist. Nicht verpassen!<\/p>\n<figure id=\"attachment_33729\" aria-describedby=\"caption-attachment-33729\" style=\"width: 450px\" class=\"wp-caption aligncenter\"><a href=\"https:\/\/i0.wp.com\/www.jazzzeitung.de\/cms\/wp-content\/uploads\/2026\/03\/pommes_schranke-scaled.jpg?ssl=1\"><img data-recalc-dims=\"1\" loading=\"lazy\" decoding=\"async\" data-attachment-id=\"33729\" data-permalink=\"https:\/\/www.jazzzeitung.de\/cms\/2026\/03\/jazzwoche12_26\/pommes_schranke\/\" data-orig-file=\"https:\/\/i0.wp.com\/www.jazzzeitung.de\/cms\/wp-content\/uploads\/2026\/03\/pommes_schranke-scaled.jpg?fit=1920%2C2560&amp;ssl=1\" data-orig-size=\"1920,2560\" data-comments-opened=\"1\" data-image-meta=\"{&quot;aperture&quot;:&quot;0&quot;,&quot;credit&quot;:&quot;&quot;,&quot;camera&quot;:&quot;&quot;,&quot;caption&quot;:&quot;&quot;,&quot;created_timestamp&quot;:&quot;0&quot;,&quot;copyright&quot;:&quot;&quot;,&quot;focal_length&quot;:&quot;0&quot;,&quot;iso&quot;:&quot;0&quot;,&quot;shutter_speed&quot;:&quot;0&quot;,&quot;title&quot;:&quot;&quot;,&quot;orientation&quot;:&quot;0&quot;}\" data-image-title=\"Schranke. Foto: Hufner\" data-image-description=\"&lt;p&gt;Schranke. Foto: Hufner&lt;\/p&gt;\n\" data-image-caption=\"&lt;p&gt;Schranke. Foto: Hufner&lt;\/p&gt;\n\" data-large-file=\"https:\/\/i0.wp.com\/www.jazzzeitung.de\/cms\/wp-content\/uploads\/2026\/03\/pommes_schranke-scaled.jpg?fit=450%2C600&amp;ssl=1\" class=\"size-large wp-image-33729\" src=\"https:\/\/i0.wp.com\/www.jazzzeitung.de\/cms\/wp-content\/uploads\/2026\/03\/pommes_schranke.jpg?resize=450%2C600&#038;ssl=1\" alt=\"Schranke. Foto: Hufner\" width=\"450\" height=\"600\" srcset=\"https:\/\/i0.wp.com\/www.jazzzeitung.de\/cms\/wp-content\/uploads\/2026\/03\/pommes_schranke-scaled.jpg?resize=450%2C600&amp;ssl=1 450w, https:\/\/i0.wp.com\/www.jazzzeitung.de\/cms\/wp-content\/uploads\/2026\/03\/pommes_schranke-scaled.jpg?resize=225%2C300&amp;ssl=1 225w, https:\/\/i0.wp.com\/www.jazzzeitung.de\/cms\/wp-content\/uploads\/2026\/03\/pommes_schranke-scaled.jpg?resize=768%2C1024&amp;ssl=1 768w, https:\/\/i0.wp.com\/www.jazzzeitung.de\/cms\/wp-content\/uploads\/2026\/03\/pommes_schranke-scaled.jpg?resize=1152%2C1536&amp;ssl=1 1152w, https:\/\/i0.wp.com\/www.jazzzeitung.de\/cms\/wp-content\/uploads\/2026\/03\/pommes_schranke-scaled.jpg?resize=1536%2C2048&amp;ssl=1 1536w, https:\/\/i0.wp.com\/www.jazzzeitung.de\/cms\/wp-content\/uploads\/2026\/03\/pommes_schranke-scaled.jpg?resize=1320%2C1760&amp;ssl=1 1320w, https:\/\/i0.wp.com\/www.jazzzeitung.de\/cms\/wp-content\/uploads\/2026\/03\/pommes_schranke-scaled.jpg?w=1920&amp;ssl=1 1920w, https:\/\/i0.wp.com\/www.jazzzeitung.de\/cms\/wp-content\/uploads\/2026\/03\/pommes_schranke-scaled.jpg?w=1680&amp;ssl=1 1680w\" sizes=\"auto, (max-width: 450px) 100vw, 450px\" \/><\/a><figcaption id=\"caption-attachment-33729\" class=\"wp-caption-text\">Schranke. Foto: Hufner<\/figcaption><\/figure>\n<hr \/>\n<h2 class=\"western\"><a name=\"__RefHeading___Toc2806_1739891913\"><\/a>do \u2013 19.03.2026<\/h2>\n<hr \/>\n<p class=\"western\">17:30:00 +++ \u00d61<br \/>\n<b>Musik aus allen Richtungen mit Andreas Felber.<\/b><\/p>\n<p class=\"western\">22:03 \u2013 23:00 UHR +++ SWR KULTUR<br \/>\n<b>Jazz and More<\/b><\/p>\n<p class=\"western\" style=\"padding-left: 40px;\">Von J\u00fcrgen Schwab. Ja was haben wir denn da?! Neue Alben aus dem Jazz und seinen Randgebieten. Ob Blues, Neo-Klassik, Global-Pop oder freie Improvisation \u2013 hier darf alles mitmischen. (\u00dcbernahme von hr2-kultur).<\/p>\n<p class=\"western\">23:03 bis 00:00 Uhr +++ BR-KLASSIK<br \/>\n<b>Horizonte: Anthropologie in T\u00f6nen \u2013 Zum 70. Geburtstag von Luca Francesconi<\/b><\/p>\n<p class=\"western\" style=\"padding-left: 40px;\">Seine Musik entspringt einem tiefen Gesp\u00fcr f\u00fcr Kultur, Gesellschaft und Humanit\u00e4t. In seiner Arbeit erforscht Luca Francesconi die vielschichtigen Beziehungen des Menschen zu einer immer komplexer werdenden Welt. Dabei besch\u00e4ftigt er sich etwa mit Volkstraditionen aus Italien, Osteuropa und anderen Teilen der Welt, aber auch mit Schamanismus und Voodoo. Als Sch\u00fcler von Stockhausen und Berio, der au\u00dferdem in Boston Jazz studiert hat, k\u00f6nnen seine Kompositionen genauso von afrikanischer Percussion und traditioneller italienischer Musik inspiriert sein, wie von Frank Zappa oder Miles Davis. Au\u00dferdem schl\u00e4gt sich sein Interesse f\u00fcr neue Technologien in mehreren elektroakustischen Werken nieder. Das Portr\u00e4t eines kompositorisch und thematisch vielseitigen Komponisten anl\u00e4sslich seines 70. Geburtstags am 17. M\u00e4rz.. Eine Sendung von Florian Heurich<\/p>\n<hr \/>\n<h2 class=\"western\"><a name=\"__RefHeading___Toc2808_1739891913\"><\/a>fr \u2013 20.03.2026<\/h2>\n<hr \/>\n<p class=\"western\">14:05:00 +++ \u00d61<br \/>\n<b>Emmet Cohen beim Sea Jazz L&#8217;Estartit Festival an der katalanischen Costa Brava<\/b><\/p>\n<p class=\"western\" style=\"padding-left: 40px;\">Das Emmet Cohen Trio mit Emmet Cohen am Klavier, Philip Norris am Kontrabass sowie Kyle Poole am Schlagzeug. Diese Festival-Ausgabe findet an diesem Sonntag ihren H\u00f6hepunkt: mit einem Pianisten, der als einer der pr\u00e4genden K\u00fcnstler seiner Generation gilt. Emmet Cohen ist international als eines der wichtigsten zeitgen\u00f6ssischen Jazztalente anerkannt. Kritiker heben seinen technischen Glanz und sein warmes harmonisches Vokabular hervor und vor allem die Art, wie er mit Publikum und Mitmusikerinnen und Mitmusikern auf der Ebene von Menschlichkeit und Individualit\u00e4t in Verbindung tritt. Als Bandleader seines Trios ist Cohen zudem der Initiator der \u201eMasters Legacy Series\u201c, einer Reihe von Aufnahmen als Hommage an legend\u00e4re Jazzmusikerinnen und Jazzmusiker.<\/p>\n<p class=\"western\">17:30:00 +++ \u00d61<br \/>\n<b>Musik aus allen Richtungen mit Johann Kneihs.<\/b><\/p>\n<p class=\"western\">23:03:00 +++ \u00d61<br \/>\n<b>Ein legend\u00e4res Ensemble aus New York auf Wien-Besuch<\/b><\/p>\n<p class=\"western\" style=\"padding-left: 40px;\">Das International Contemporary Ensemble musizierte gemeinsam mit dem Webern Ensemble Neue Musik im Rahmen von Wien Modern<\/p>\n<p class=\"western\" style=\"padding-left: 40px;\">Das 2001 gegr\u00fcndete New Yorker International Contemporary Ensemble Werke hat auf Einladung von Wien Modern gemeinsam mit Studierenden der Universit\u00e4t f\u00fcr Musik und darstellende Kunst Wien (mdw) gearbeitet.<\/p>\n<p class=\"western\" style=\"padding-left: 40px;\">Eines der dabei entstandenen Programme wurde am 23. November 2025 im Wiener Musikverein pr\u00e4sentiert. Dabei konnten die jungen Musikerinnen und Musiker erfrischende Zug\u00e4nge zur Musik erfahren, denn einige der St\u00fccke verlangten eigenst\u00e4ndige musikalische Entscheidungen von den Interpretierenden.<\/p>\n<p class=\"western\" style=\"padding-left: 40px;\">Zu h\u00f6ren waren drei Werke von George Lewis, dem Leiter des International Contemporary Ensemble, sowie Kompositionen von Hannah Kendall und Chaya Czernowin. Rainer Elstner hat mit Studierenden, Musiker:innen des International Contemporary Ensemble und des Webern Ensemble Neue Musik der mdw sowie dem Dirigenten Clement Power \u00fcber dieses besondere Projekt gesprochen. Gestaltung: Rainer Elstner<\/p>\n<hr \/>\n<h2 class=\"western\"><a name=\"__RefHeading___Toc2810_1739891913\"><\/a>sa \u2013 21.03.2026<\/h2>\n<hr \/>\n<p class=\"western\">14:05 bis 15:00 Uhr +++ BR-KLASSIK<br \/>\n<b>KlassikPlus \u2013 Musikfeature: Zwischen Wien und Sankt Petersburg: L\u00e9on Minkus \u2013 Meister der russischen Ballettmusik<\/b><\/p>\n<p class=\"western\" style=\"padding-left: 40px;\">L\u00e9on (auch Leo) Minkus war einer der pr\u00e4genden Komponisten des klassischen Balletts. Vor 200 Jahren, 1826 in Wien geboren, f\u00fchrte ihn sein au\u00dfergew\u00f6hnlicher Lebensweg von der Donaumetropole vor allem nach Russland, wo er die musikalische Sprache des Balletts nachhaltig formte. In Sankt Petersburg und Moskau fand der \u00f6sterreichische Geiger und Kapellmeister seine k\u00fcnstlerische Heimat. Dort arbeitete er unter anderem am Bolschoi-Theater und wurde schlie\u00dflich offizieller Ballettkomponist der kaiserlichen Theater. In enger Zusammenarbeit mit dem Choreografen Marius Petipa entstanden Ballette wie \u201eDon Quixote\u201c\u00a0und \u201eLa Bayad\u00e8re\u201c\u00a0&#8211; bis heute Klassiker des internationalen Ballettrepertoires. Minkus\u2019 Musik verbindet Wiener Melodik mit t\u00e4nzerischer Pr\u00e4zision und russischer B\u00fchnenpracht. Sein Werk steht f\u00fcr einen kulturellen Austausch, der das klassische Ballett des 19. Jahrhunderts bis heute pr\u00e4gt. Eine Sendung von Julia Smilga<\/p>\n<p class=\"western\">19:05 bis 20:00 Uhr +++ BR-KLASSIK<br \/>\n<b>Musik der Welt: \u201eVom Eise befreit sind Strom und B\u00e4che \u2026 endlich!\u201c \u2013 Spring Vibes aus der n\u00f6rdlichen Erdhalbkugel<\/b><\/p>\n<p class=\"western\" style=\"padding-left: 40px;\">Die Krokusse bl\u00fchen, die ersten Bienen surren, die ersten Pollen fliegen, und V\u00f6gel zwitschern aufgekratzt in aller Herrgottsfr\u00fche. Endlich hat die Starre ein Ende und die Natur gedeiht wieder, weckt Lebenslust und Lebensgeister. Wie die Tulpenbl\u00fcte in den Niederlanden klingt, wie beschw\u00f6rend ein Dudelsack die H\u00fcgel Schottlands wieder gr\u00fcn zaubern kann und wie man in Rum\u00e4nien den Fr\u00fchling mit der Nai, also einer Fl\u00f6te, der Doina und der Hora feiert, das und mehr mit Sylvia Schreiber in dieser Ausgabe von \u201eMusik der Welt\u201c zum Fr\u00fchlingsbeginn! Eine Sendung von Sylvia Schreiber<\/p>\n<p class=\"western\">22:03 \u2013 23:00 UHR +++ SWR KULTUR<br \/>\n<b>Jazz: Me and My Music \u2013 Sera Kalo<\/b><\/p>\n<p class=\"western\" style=\"padding-left: 40px;\">Von Fanny Opitz. In unserer Sendereihe Me and My Music stellen sich Musiker*innen in einer Wort-Musik-Collage selbst vor. Heute im klingenden Selbstportr\u00e4t: die in Berlin lebende S\u00e4ngerin, Produzentin und interdisziplin\u00e4re K\u00fcnstlerin Sera Kalo. Geboren in den USA und aufgewachsen in einer karibischen Familie, ist ihre Arbeit von kultureller Vielstimmigkeit gepr\u00e4gt und dem Wunsch, als K\u00fcnstlerin gesellschaftlich zu wirken. Als vision\u00e4re Erz\u00e4hlerin bewegt sie sich zwischen Jazz, Hip-Hop, und Spoken Word. Hier stellt sie uns ihr neuestes Projekt Sera Kalo eX.II vor und erkl\u00e4rt, was Jazz f\u00fcr sie mit Punk zu tun hat.<\/p>\n<p class=\"western\">22:10:00 +++ \u00d61<br \/>\n<b>Neuigkeiten aus der Welt des Jazz<\/b><\/p>\n<p class=\"western\" style=\"padding-left: 40px;\">Konzertempfehlungen f\u00fcr die kommende Woche, Buchbesprechungen, Kurznachrufe und aktuelle Meldungen.<\/p>\n<p class=\"western\">23:03:30 +++ \u00d61<br \/>\n<b>Tobias Faulhammer im Gespr\u00e4ch; Robert Sch\u00f6nherr im Grazer Royal Garden Jazz Club 2024<\/b><\/p>\n<p class=\"western\" style=\"padding-left: 40px;\">Der in Wien lebende Gitarrist Tobias Faulhammer ist sowohl als Sideman als auch mit eigenen Projekten in der hiesigen Jazzszene sehr umtriebig.<\/p>\n<p class=\"western\" style=\"padding-left: 40px;\">Eines dieser eigenen Projekte ist ein Trio mit dem Bassisten Gregor Aufmesser und dem Schlagzeuger Jakob Kammerer. Im Jahr 2022 wurde das Deb\u00fctalbum \u201eTres Caballeros\u201c ver\u00f6ffentlicht, nun folgt im M\u00e4rz der zweite Streich \u201eAscension\u201c auf dem Label crackedanegg records. Die Vorbilder von Faulhammer\/Aufmessser\/Kammerer sind prominent und auch gut herauszuh\u00f6ren: Trioeinspielungen der Saitenk\u00fcnstler John Scofield und Bill Frisell. Faulhammer, von dem alle Kompositionen stammen, pr\u00e4sentiert sich als \u201eprimus inter pares\u201c, der seinen Bandkollegen jede Menge Optionen und Freiheiten bietet, so dass ein musikalischer Trialog entsteht, dem es (dennoch) nicht an Klarheit und Zielgerichtetheit fehlt.<\/p>\n<p class=\"western\" style=\"padding-left: 40px;\">Im Studiogespr\u00e4ch der \u00d61 Jazznacht spricht Tobias Faulhammer \u00fcber seinen aktuellen Tontr\u00e4ger sowie \u00fcber vergangene und zuk\u00fcnftige Projekte.<\/p>\n<p class=\"western\" style=\"padding-left: 40px;\">Robert Sch\u00f6nherr kann sich mittlerweile ganz seinem \u201eZweitberuf\u201c des Musikers widmen. Der pensionierte Facharzt f\u00fcr Orthop\u00e4die feiert heuer sein 50-j\u00e4hriges B\u00fchnenjubil\u00e4um. Am 15. M\u00e4rz 2024 gastierte das Quintett des Pianisten im Royal Garden Jazz Club. Sch\u00f6nherrs Mitstreiter sind langj\u00e4hrige musikalische Wegbegleiter: Der Saxofonist Herwig Gradischnig, der Gitarrist Christian Havel, der Bassist Joschi Schneeberger und der Schlagzeuger Mario Gonzi. Auf dem Programm stand eine gediegene Mischung aus Eigenkompositionen von Sch\u00f6nherr und Schneeberger sowie gut abgehangenen Jazzstandards. So erklangen Tunes von Komponisten des \u201eGreat American Songbook\u201c wie Jerome Kern und viel gespielte Klassiker aus der Feder von Chick Corea, Thelonious Monk und Wes Montgomery.<\/p>\n<p class=\"western\" style=\"padding-left: 40px;\">In der \u00d61 Jazznacht wird heute ein ORF-Konzertmitschnitt vom Grazer Jazztag 2024 zu h\u00f6ren sein.<\/p>\n<hr \/>\n<h2 class=\"western\"><a name=\"__RefHeading___Toc2812_1739891913\"><\/a>do \u2013 22.03.2026<\/h2>\n<hr \/>\n<p class=\"western\">00:05:00 +++ \u00d61<br \/>\n<b>(Fortsetzung); Robert Sch\u00f6nherr im Grazer Royal Garden Jazz Club 2024<\/b><\/p>\n<p class=\"western\">17:10:00 +++ \u00d61<br \/>\n<b>Haar und Frisur als symboltr\u00e4chtiges Thema in der brasilianischen Musik<\/b><\/p>\n<p class=\"western\" style=\"padding-left: 40px;\">Die menschliche Haartracht spiegelt mehr als nur Moden wider. Nicht erst bei den Hippies waren lange Haare Symbol f\u00fcr individuelle Freiheit, so wie umgekehrt die kurzen Haare der \u201eG&#8217;scherten\u201c im Mittelalter und schon davor ein Zeichen f\u00fcr Unfreiheit waren. Die alttestamentarische Erz\u00e4hlung von Simson l\u00e4sst dessen k\u00f6rperliche Unbezwingbarkeit als Auserw\u00e4hlter Gottes von der L\u00e4nge seiner Haare abh\u00e4ngen, und noch heute sind manche Menschen \u00fcberzeugt, ihren jeweiligen G\u00f6ttern besonders zu gefallen, wenn sie verh\u00fcllen, bedecken oder entbl\u00f6\u00dfen, wachsen lassen oder abrasieren, was da in steter Regelm\u00e4\u00dfigkeit aus dem Haupte sprie\u00dft.<\/p>\n<p class=\"western\">22:15 \u2013 23:00 UHR +++ SWR KULTUR<br \/>\n<b>NOWJazz: Sonic Wildernes.<\/b><\/p>\n<p class=\"western\" style=\"padding-left: 40px;\">Von Niklas Wandt. Diese Reihe unternimmt Expeditionen in Randgebiete und Zwischenwelten des Jazz: Improv, Electronica, Klangkunst, Noise, Ambient oder Rock \u2013 hier kommen Neuver\u00f6ffentlichungen und Entdeckungen zu Geh\u00f6r, die sonst on air kaum zu haben sind. Abenteuerliche Kl\u00e4nge f\u00fcr abenteuerlustige Ohren.<\/p>\n<p class=\"western\">23:03:00 +++ \u00d61<br \/>\n<b>Zeit-Ton Magazin \u2013 R\u00fcckblick, Vorschau und aktuelle Ver\u00f6ffentlichungen<\/b><\/p>\n<p class=\"western\" style=\"padding-left: 40px;\">Jeden Sonntag pr\u00e4sentieren wir Ihnen in der ersten Zeit-Ton-Stunde ausgesuchte Veranstaltungstipps f\u00fcr die kommenden sieben Tage und spannende Neuver\u00f6ffentlichungen. Gestaltung: Marlene Schnedl<\/p>\n<p class=\"western\">23:03 bis 00:00 Uhr +++ BR-KLASSIK<br \/>\n<b>Musik der Welt: Die iranische S\u00e4ngerin Maryam Akhondy<\/b><\/p>\n<p class=\"western\" style=\"padding-left: 40px;\">Eine Sendung von Michaela Fridrich<\/p>\n","protected":false},"excerpt":{"rendered":"<p>Jazz im Radio \u2013 Jeden Sonntag gibt es um 12 Uhr unsere \u00dcbersicht f\u00fcr die jeweils nachfolgende Woche. Die #Jazz-Radiowoche vom 16.03.26 bis zum 22.03.26. Auch als PDF zum Download \u2013 #Jazz #JazzZeitung #Radio #Radiowoche \u2013 Ein Service unserer Online-Redaktion.<\/p>\n","protected":false},"author":1,"featured_media":33729,"comment_status":"open","ping_status":"closed","sticky":false,"template":"","format":"standard","meta":{"_jetpack_memberships_contains_paid_content":false,"footnotes":"","jetpack_publicize_message":"","jetpack_publicize_feature_enabled":true,"jetpack_social_post_already_shared":true,"jetpack_social_options":{"image_generator_settings":{"template":"highway","default_image_id":0,"font":"","enabled":false},"version":2}},"categories":[633,452],"tags":[3773,1629],"coauthors":[650],"class_list":["post-33728","post","type-post","status-publish","format-standard","has-post-thumbnail","hentry","category-nachrichten","category-radio","tag-die-radiowoche","tag-jazz-im-radio"],"yoast_head":"<!-- This site is optimized with the Yoast SEO plugin v27.5 - https:\/\/yoast.com\/product\/yoast-seo-wordpress\/ -->\n<title>Die Haar und Frisur-Jazz-Radiowoche vom 16.03.2026 bis 22.03.2026 - JazzZeitung<\/title>\n<meta name=\"robots\" content=\"index, follow, max-snippet:-1, max-image-preview:large, max-video-preview:-1\" \/>\n<link rel=\"canonical\" href=\"https:\/\/www.jazzzeitung.de\/cms\/2026\/03\/jazzwoche12_26\/\" \/>\n<meta property=\"og:locale\" content=\"de_DE\" \/>\n<meta property=\"og:type\" content=\"article\" \/>\n<meta property=\"og:title\" content=\"Die Haar und Frisur-Jazz-Radiowoche vom 16.03.2026 bis 22.03.2026 - JazzZeitung\" \/>\n<meta property=\"og:description\" content=\"Jazz im Radio \u2013 Jeden Sonntag gibt es um 12 Uhr unsere \u00dcbersicht f\u00fcr die jeweils nachfolgende Woche. Die #Jazz-Radiowoche vom 16.03.26 bis zum 22.03.26. Auch als PDF zum Download \u2013 #Jazz #JazzZeitung #Radio #Radiowoche \u2013 Ein Service unserer Online-Redaktion.\" \/>\n<meta property=\"og:url\" content=\"https:\/\/www.jazzzeitung.de\/cms\/2026\/03\/jazzwoche12_26\/\" \/>\n<meta property=\"og:site_name\" content=\"JazzZeitung\" \/>\n<meta property=\"article:publisher\" content=\"https:\/\/www.facebook.com\/JazzZeitung\/\" \/>\n<meta property=\"article:author\" content=\"https:\/\/www.facebook.com\/hufner\" \/>\n<meta property=\"article:published_time\" content=\"2026-03-15T11:00:03+00:00\" \/>\n<meta property=\"og:image\" content=\"https:\/\/i0.wp.com\/www.jazzzeitung.de\/cms\/wp-content\/uploads\/2026\/03\/pommes_schranke-scaled.jpg?fit=1920%2C2560&ssl=1\" \/>\n\t<meta property=\"og:image:width\" content=\"1920\" \/>\n\t<meta property=\"og:image:height\" content=\"2560\" \/>\n\t<meta property=\"og:image:type\" content=\"image\/jpeg\" \/>\n<meta name=\"author\" content=\"Martin Hufner\" \/>\n<script type=\"application\/ld+json\" class=\"yoast-schema-graph\">{\"@context\":\"https:\\\/\\\/schema.org\",\"@graph\":[{\"@type\":\"Article\",\"@id\":\"https:\\\/\\\/www.jazzzeitung.de\\\/cms\\\/2026\\\/03\\\/jazzwoche12_26\\\/#article\",\"isPartOf\":{\"@id\":\"https:\\\/\\\/www.jazzzeitung.de\\\/cms\\\/2026\\\/03\\\/jazzwoche12_26\\\/\"},\"author\":{\"name\":\"Martin Hufner\",\"@id\":\"https:\\\/\\\/www.jazzzeitung.de\\\/cms\\\/#\\\/schema\\\/person\\\/b9a4e5ac765d94fb8f617bfa8f1fc5f7\"},\"headline\":\"Die Haar und Frisur-Jazz-Radiowoche vom 16.03.2026 bis 22.03.2026\",\"datePublished\":\"2026-03-15T11:00:03+00:00\",\"mainEntityOfPage\":{\"@id\":\"https:\\\/\\\/www.jazzzeitung.de\\\/cms\\\/2026\\\/03\\\/jazzwoche12_26\\\/\"},\"wordCount\":2436,\"commentCount\":0,\"publisher\":{\"@id\":\"https:\\\/\\\/www.jazzzeitung.de\\\/cms\\\/#organization\"},\"image\":{\"@id\":\"https:\\\/\\\/www.jazzzeitung.de\\\/cms\\\/2026\\\/03\\\/jazzwoche12_26\\\/#primaryimage\"},\"thumbnailUrl\":\"https:\\\/\\\/i0.wp.com\\\/www.jazzzeitung.de\\\/cms\\\/wp-content\\\/uploads\\\/2026\\\/03\\\/pommes_schranke-scaled.jpg?fit=1920%2C2560&ssl=1\",\"keywords\":[\"Die Radiowoche\",\"Jazz im Radio\"],\"articleSection\":[\"News\",\"Radio\"],\"inLanguage\":\"de\",\"potentialAction\":[{\"@type\":\"CommentAction\",\"name\":\"Comment\",\"target\":[\"https:\\\/\\\/www.jazzzeitung.de\\\/cms\\\/2026\\\/03\\\/jazzwoche12_26\\\/#respond\"]}]},{\"@type\":\"WebPage\",\"@id\":\"https:\\\/\\\/www.jazzzeitung.de\\\/cms\\\/2026\\\/03\\\/jazzwoche12_26\\\/\",\"url\":\"https:\\\/\\\/www.jazzzeitung.de\\\/cms\\\/2026\\\/03\\\/jazzwoche12_26\\\/\",\"name\":\"Die Haar und Frisur-Jazz-Radiowoche vom 16.03.2026 bis 22.03.2026 - JazzZeitung\",\"isPartOf\":{\"@id\":\"https:\\\/\\\/www.jazzzeitung.de\\\/cms\\\/#website\"},\"primaryImageOfPage\":{\"@id\":\"https:\\\/\\\/www.jazzzeitung.de\\\/cms\\\/2026\\\/03\\\/jazzwoche12_26\\\/#primaryimage\"},\"image\":{\"@id\":\"https:\\\/\\\/www.jazzzeitung.de\\\/cms\\\/2026\\\/03\\\/jazzwoche12_26\\\/#primaryimage\"},\"thumbnailUrl\":\"https:\\\/\\\/i0.wp.com\\\/www.jazzzeitung.de\\\/cms\\\/wp-content\\\/uploads\\\/2026\\\/03\\\/pommes_schranke-scaled.jpg?fit=1920%2C2560&ssl=1\",\"datePublished\":\"2026-03-15T11:00:03+00:00\",\"breadcrumb\":{\"@id\":\"https:\\\/\\\/www.jazzzeitung.de\\\/cms\\\/2026\\\/03\\\/jazzwoche12_26\\\/#breadcrumb\"},\"inLanguage\":\"de\",\"potentialAction\":[{\"@type\":\"ReadAction\",\"target\":[\"https:\\\/\\\/www.jazzzeitung.de\\\/cms\\\/2026\\\/03\\\/jazzwoche12_26\\\/\"]}]},{\"@type\":\"ImageObject\",\"inLanguage\":\"de\",\"@id\":\"https:\\\/\\\/www.jazzzeitung.de\\\/cms\\\/2026\\\/03\\\/jazzwoche12_26\\\/#primaryimage\",\"url\":\"https:\\\/\\\/i0.wp.com\\\/www.jazzzeitung.de\\\/cms\\\/wp-content\\\/uploads\\\/2026\\\/03\\\/pommes_schranke-scaled.jpg?fit=1920%2C2560&ssl=1\",\"contentUrl\":\"https:\\\/\\\/i0.wp.com\\\/www.jazzzeitung.de\\\/cms\\\/wp-content\\\/uploads\\\/2026\\\/03\\\/pommes_schranke-scaled.jpg?fit=1920%2C2560&ssl=1\",\"width\":1920,\"height\":2560,\"caption\":\"Schranke. Foto: Hufner\"},{\"@type\":\"BreadcrumbList\",\"@id\":\"https:\\\/\\\/www.jazzzeitung.de\\\/cms\\\/2026\\\/03\\\/jazzwoche12_26\\\/#breadcrumb\",\"itemListElement\":[{\"@type\":\"ListItem\",\"position\":1,\"name\":\"Startseite\",\"item\":\"https:\\\/\\\/www.jazzzeitung.de\\\/cms\\\/\"},{\"@type\":\"ListItem\",\"position\":2,\"name\":\"Die Haar und Frisur-Jazz-Radiowoche vom 16.03.2026 bis 22.03.2026\"}]},{\"@type\":\"WebSite\",\"@id\":\"https:\\\/\\\/www.jazzzeitung.de\\\/cms\\\/#website\",\"url\":\"https:\\\/\\\/www.jazzzeitung.de\\\/cms\\\/\",\"name\":\"JazzZeitung\",\"description\":\"Jazz-News und Jazz-Kontroverses\",\"publisher\":{\"@id\":\"https:\\\/\\\/www.jazzzeitung.de\\\/cms\\\/#organization\"},\"potentialAction\":[{\"@type\":\"SearchAction\",\"target\":{\"@type\":\"EntryPoint\",\"urlTemplate\":\"https:\\\/\\\/www.jazzzeitung.de\\\/cms\\\/?s={search_term_string}\"},\"query-input\":{\"@type\":\"PropertyValueSpecification\",\"valueRequired\":true,\"valueName\":\"search_term_string\"}}],\"inLanguage\":\"de\"},{\"@type\":\"Organization\",\"@id\":\"https:\\\/\\\/www.jazzzeitung.de\\\/cms\\\/#organization\",\"name\":\"JazzZeitung online\",\"url\":\"https:\\\/\\\/www.jazzzeitung.de\\\/cms\\\/\",\"logo\":{\"@type\":\"ImageObject\",\"inLanguage\":\"de\",\"@id\":\"https:\\\/\\\/www.jazzzeitung.de\\\/cms\\\/#\\\/schema\\\/logo\\\/image\\\/\",\"url\":\"https:\\\/\\\/i0.wp.com\\\/www.jazzzeitung.de\\\/cms\\\/wp-content\\\/uploads\\\/2015\\\/08\\\/JAZZZEITUNGDE_Logo_Neu.png?fit=499%2C200&ssl=1\",\"contentUrl\":\"https:\\\/\\\/i0.wp.com\\\/www.jazzzeitung.de\\\/cms\\\/wp-content\\\/uploads\\\/2015\\\/08\\\/JAZZZEITUNGDE_Logo_Neu.png?fit=499%2C200&ssl=1\",\"width\":499,\"height\":200,\"caption\":\"JazzZeitung online\"},\"image\":{\"@id\":\"https:\\\/\\\/www.jazzzeitung.de\\\/cms\\\/#\\\/schema\\\/logo\\\/image\\\/\"},\"sameAs\":[\"https:\\\/\\\/www.facebook.com\\\/JazzZeitung\\\/\"]},{\"@type\":\"Person\",\"@id\":\"https:\\\/\\\/www.jazzzeitung.de\\\/cms\\\/#\\\/schema\\\/person\\\/b9a4e5ac765d94fb8f617bfa8f1fc5f7\",\"name\":\"Martin Hufner\",\"image\":{\"@type\":\"ImageObject\",\"inLanguage\":\"de\",\"@id\":\"https:\\\/\\\/i0.wp.com\\\/www.jazzzeitung.de\\\/cms\\\/wp-content\\\/uploads\\\/2013\\\/07\\\/huf-06.jpg?resize=96%2C96&ssl=15fcc31aa94540751a3b804516452be00\",\"url\":\"https:\\\/\\\/i0.wp.com\\\/www.jazzzeitung.de\\\/cms\\\/wp-content\\\/uploads\\\/2013\\\/07\\\/huf-06.jpg?resize=96%2C96&ssl=1\",\"contentUrl\":\"https:\\\/\\\/i0.wp.com\\\/www.jazzzeitung.de\\\/cms\\\/wp-content\\\/uploads\\\/2013\\\/07\\\/huf-06.jpg?resize=96%2C96&ssl=1\",\"caption\":\"Martin Hufner\"},\"description\":\"Martin Hufner ist freier Autor der JazzZeitung.\",\"sameAs\":[\"https:\\\/\\\/www.kritische-masse.de\\\/logbuch\",\"https:\\\/\\\/www.facebook.com\\\/hufner\"],\"url\":\"https:\\\/\\\/www.jazzzeitung.de\\\/cms\\\/author\\\/admin\\\/\"}]}<\/script>\n<!-- \/ Yoast SEO plugin. -->","yoast_head_json":{"title":"Die Haar und Frisur-Jazz-Radiowoche vom 16.03.2026 bis 22.03.2026 - JazzZeitung","robots":{"index":"index","follow":"follow","max-snippet":"max-snippet:-1","max-image-preview":"max-image-preview:large","max-video-preview":"max-video-preview:-1"},"canonical":"https:\/\/www.jazzzeitung.de\/cms\/2026\/03\/jazzwoche12_26\/","og_locale":"de_DE","og_type":"article","og_title":"Die Haar und Frisur-Jazz-Radiowoche vom 16.03.2026 bis 22.03.2026 - JazzZeitung","og_description":"Jazz im Radio \u2013 Jeden Sonntag gibt es um 12 Uhr unsere \u00dcbersicht f\u00fcr die jeweils nachfolgende Woche. Die #Jazz-Radiowoche vom 16.03.26 bis zum 22.03.26. Auch als PDF zum Download \u2013 #Jazz #JazzZeitung #Radio #Radiowoche \u2013 Ein Service unserer Online-Redaktion.","og_url":"https:\/\/www.jazzzeitung.de\/cms\/2026\/03\/jazzwoche12_26\/","og_site_name":"JazzZeitung","article_publisher":"https:\/\/www.facebook.com\/JazzZeitung\/","article_author":"https:\/\/www.facebook.com\/hufner","article_published_time":"2026-03-15T11:00:03+00:00","og_image":[{"width":1920,"height":2560,"url":"https:\/\/i0.wp.com\/www.jazzzeitung.de\/cms\/wp-content\/uploads\/2026\/03\/pommes_schranke-scaled.jpg?fit=1920%2C2560&ssl=1","type":"image\/jpeg"}],"author":"Martin Hufner","schema":{"@context":"https:\/\/schema.org","@graph":[{"@type":"Article","@id":"https:\/\/www.jazzzeitung.de\/cms\/2026\/03\/jazzwoche12_26\/#article","isPartOf":{"@id":"https:\/\/www.jazzzeitung.de\/cms\/2026\/03\/jazzwoche12_26\/"},"author":{"name":"Martin Hufner","@id":"https:\/\/www.jazzzeitung.de\/cms\/#\/schema\/person\/b9a4e5ac765d94fb8f617bfa8f1fc5f7"},"headline":"Die Haar und Frisur-Jazz-Radiowoche vom 16.03.2026 bis 22.03.2026","datePublished":"2026-03-15T11:00:03+00:00","mainEntityOfPage":{"@id":"https:\/\/www.jazzzeitung.de\/cms\/2026\/03\/jazzwoche12_26\/"},"wordCount":2436,"commentCount":0,"publisher":{"@id":"https:\/\/www.jazzzeitung.de\/cms\/#organization"},"image":{"@id":"https:\/\/www.jazzzeitung.de\/cms\/2026\/03\/jazzwoche12_26\/#primaryimage"},"thumbnailUrl":"https:\/\/i0.wp.com\/www.jazzzeitung.de\/cms\/wp-content\/uploads\/2026\/03\/pommes_schranke-scaled.jpg?fit=1920%2C2560&ssl=1","keywords":["Die Radiowoche","Jazz im Radio"],"articleSection":["News","Radio"],"inLanguage":"de","potentialAction":[{"@type":"CommentAction","name":"Comment","target":["https:\/\/www.jazzzeitung.de\/cms\/2026\/03\/jazzwoche12_26\/#respond"]}]},{"@type":"WebPage","@id":"https:\/\/www.jazzzeitung.de\/cms\/2026\/03\/jazzwoche12_26\/","url":"https:\/\/www.jazzzeitung.de\/cms\/2026\/03\/jazzwoche12_26\/","name":"Die Haar und Frisur-Jazz-Radiowoche vom 16.03.2026 bis 22.03.2026 - JazzZeitung","isPartOf":{"@id":"https:\/\/www.jazzzeitung.de\/cms\/#website"},"primaryImageOfPage":{"@id":"https:\/\/www.jazzzeitung.de\/cms\/2026\/03\/jazzwoche12_26\/#primaryimage"},"image":{"@id":"https:\/\/www.jazzzeitung.de\/cms\/2026\/03\/jazzwoche12_26\/#primaryimage"},"thumbnailUrl":"https:\/\/i0.wp.com\/www.jazzzeitung.de\/cms\/wp-content\/uploads\/2026\/03\/pommes_schranke-scaled.jpg?fit=1920%2C2560&ssl=1","datePublished":"2026-03-15T11:00:03+00:00","breadcrumb":{"@id":"https:\/\/www.jazzzeitung.de\/cms\/2026\/03\/jazzwoche12_26\/#breadcrumb"},"inLanguage":"de","potentialAction":[{"@type":"ReadAction","target":["https:\/\/www.jazzzeitung.de\/cms\/2026\/03\/jazzwoche12_26\/"]}]},{"@type":"ImageObject","inLanguage":"de","@id":"https:\/\/www.jazzzeitung.de\/cms\/2026\/03\/jazzwoche12_26\/#primaryimage","url":"https:\/\/i0.wp.com\/www.jazzzeitung.de\/cms\/wp-content\/uploads\/2026\/03\/pommes_schranke-scaled.jpg?fit=1920%2C2560&ssl=1","contentUrl":"https:\/\/i0.wp.com\/www.jazzzeitung.de\/cms\/wp-content\/uploads\/2026\/03\/pommes_schranke-scaled.jpg?fit=1920%2C2560&ssl=1","width":1920,"height":2560,"caption":"Schranke. Foto: Hufner"},{"@type":"BreadcrumbList","@id":"https:\/\/www.jazzzeitung.de\/cms\/2026\/03\/jazzwoche12_26\/#breadcrumb","itemListElement":[{"@type":"ListItem","position":1,"name":"Startseite","item":"https:\/\/www.jazzzeitung.de\/cms\/"},{"@type":"ListItem","position":2,"name":"Die Haar und Frisur-Jazz-Radiowoche vom 16.03.2026 bis 22.03.2026"}]},{"@type":"WebSite","@id":"https:\/\/www.jazzzeitung.de\/cms\/#website","url":"https:\/\/www.jazzzeitung.de\/cms\/","name":"JazzZeitung","description":"Jazz-News und Jazz-Kontroverses","publisher":{"@id":"https:\/\/www.jazzzeitung.de\/cms\/#organization"},"potentialAction":[{"@type":"SearchAction","target":{"@type":"EntryPoint","urlTemplate":"https:\/\/www.jazzzeitung.de\/cms\/?s={search_term_string}"},"query-input":{"@type":"PropertyValueSpecification","valueRequired":true,"valueName":"search_term_string"}}],"inLanguage":"de"},{"@type":"Organization","@id":"https:\/\/www.jazzzeitung.de\/cms\/#organization","name":"JazzZeitung online","url":"https:\/\/www.jazzzeitung.de\/cms\/","logo":{"@type":"ImageObject","inLanguage":"de","@id":"https:\/\/www.jazzzeitung.de\/cms\/#\/schema\/logo\/image\/","url":"https:\/\/i0.wp.com\/www.jazzzeitung.de\/cms\/wp-content\/uploads\/2015\/08\/JAZZZEITUNGDE_Logo_Neu.png?fit=499%2C200&ssl=1","contentUrl":"https:\/\/i0.wp.com\/www.jazzzeitung.de\/cms\/wp-content\/uploads\/2015\/08\/JAZZZEITUNGDE_Logo_Neu.png?fit=499%2C200&ssl=1","width":499,"height":200,"caption":"JazzZeitung online"},"image":{"@id":"https:\/\/www.jazzzeitung.de\/cms\/#\/schema\/logo\/image\/"},"sameAs":["https:\/\/www.facebook.com\/JazzZeitung\/"]},{"@type":"Person","@id":"https:\/\/www.jazzzeitung.de\/cms\/#\/schema\/person\/b9a4e5ac765d94fb8f617bfa8f1fc5f7","name":"Martin Hufner","image":{"@type":"ImageObject","inLanguage":"de","@id":"https:\/\/i0.wp.com\/www.jazzzeitung.de\/cms\/wp-content\/uploads\/2013\/07\/huf-06.jpg?resize=96%2C96&ssl=15fcc31aa94540751a3b804516452be00","url":"https:\/\/i0.wp.com\/www.jazzzeitung.de\/cms\/wp-content\/uploads\/2013\/07\/huf-06.jpg?resize=96%2C96&ssl=1","contentUrl":"https:\/\/i0.wp.com\/www.jazzzeitung.de\/cms\/wp-content\/uploads\/2013\/07\/huf-06.jpg?resize=96%2C96&ssl=1","caption":"Martin Hufner"},"description":"Martin Hufner ist freier Autor der JazzZeitung.","sameAs":["https:\/\/www.kritische-masse.de\/logbuch","https:\/\/www.facebook.com\/hufner"],"url":"https:\/\/www.jazzzeitung.de\/cms\/author\/admin\/"}]}},"wp-worthy-pixel":{"ignored":true,"public":null,"server":null,"url":null},"wp-worthy-type":"normal","jetpack_publicize_connections":[],"cc_featured_image_caption":{"caption_text":"Schranke.","source_text":"Foto: Martin Hufner","source_url":"https:\/\/www.kritische-masse.de\/logbuch\/"},"jetpack_featured_media_url":"https:\/\/i0.wp.com\/www.jazzzeitung.de\/cms\/wp-content\/uploads\/2026\/03\/pommes_schranke-scaled.jpg?fit=1920%2C2560&ssl=1","jetpack_shortlink":"https:\/\/wp.me\/p3KEcT-8M0","jetpack-related-posts":[{"id":33138,"url":"https:\/\/www.jazzzeitung.de\/cms\/2025\/09\/die-atomgrosse-jazz-radiowoche-vom-29-09-2025-bis-05-10-2025\/","url_meta":{"origin":33728,"position":0},"title":"Die atomgro\u00dfe Jazz-Radiowoche vom 29.09.2025 bis 05.10.2025","author":"Martin Hufner","date":"28. September 2025","format":false,"excerpt":"Jazz im Radio \u2013 Jeden Sonntag gibt es um 12 Uhr unsere \u00dcbersicht f\u00fcr die jeweils nachfolgende Woche. Die #Jazz-Radiowoche vom 29.09. bis zum 05.10.2025. Erheblich d\u00fcnn! Auch als PDF zum Download \u2013 #Jazz #JazzZeitung #Radio #Radiowoche \u2013 Ein Service unserer Online-Redaktion.","rel":"","context":"In &quot;News&quot;","block_context":{"text":"News","link":"https:\/\/www.jazzzeitung.de\/cms\/thema\/nachrichten\/"},"img":{"alt_text":"Botanische Supernova mit schwarzem Loch in der Na\u0308he von Terra Nova. Foto: Hufner","src":"https:\/\/i0.wp.com\/www.jazzzeitung.de\/cms\/wp-content\/uploads\/2025\/09\/Botanische-Supernova-mit-schwarzem-Loch-in-der-Naehe-von-Terra-Nova.jpg?fit=1200%2C900&ssl=1&resize=350%2C200","width":350,"height":200,"srcset":"https:\/\/i0.wp.com\/www.jazzzeitung.de\/cms\/wp-content\/uploads\/2025\/09\/Botanische-Supernova-mit-schwarzem-Loch-in-der-Naehe-von-Terra-Nova.jpg?fit=1200%2C900&ssl=1&resize=350%2C200 1x, https:\/\/i0.wp.com\/www.jazzzeitung.de\/cms\/wp-content\/uploads\/2025\/09\/Botanische-Supernova-mit-schwarzem-Loch-in-der-Naehe-von-Terra-Nova.jpg?fit=1200%2C900&ssl=1&resize=525%2C300 1.5x, https:\/\/i0.wp.com\/www.jazzzeitung.de\/cms\/wp-content\/uploads\/2025\/09\/Botanische-Supernova-mit-schwarzem-Loch-in-der-Naehe-von-Terra-Nova.jpg?fit=1200%2C900&ssl=1&resize=700%2C400 2x, https:\/\/i0.wp.com\/www.jazzzeitung.de\/cms\/wp-content\/uploads\/2025\/09\/Botanische-Supernova-mit-schwarzem-Loch-in-der-Naehe-von-Terra-Nova.jpg?fit=1200%2C900&ssl=1&resize=1050%2C600 3x"},"classes":[]},{"id":31928,"url":"https:\/\/www.jazzzeitung.de\/cms\/2024\/11\/die-geschmolzene-jazz-radiowoche-vom-25-11-2024-bis-01-12-2024\/","url_meta":{"origin":33728,"position":1},"title":"Die geschmolzene Jazz-Radiowoche vom 25.11.2024 bis 01.12.2024","author":"Martin Hufner","date":"24. November 2024","format":false,"excerpt":"Jazz im Radio \u2013 Jeden Sonntag gibt es um 12 Uhr unsere \u00dcbersicht f\u00fcr die jeweils nachfolgende Woche. Die #Jazz-Radiowoche vom 25. November bis zum 1. Dezember 2024. Erheblich ausged\u00fcnnt. Die ARD schafft ihr Radio gewisserma\u00dfen ab. Auch als PDF zum Download \u2013 #Jazz #JazzZeitung #Radio #Radiowoche \u2013 Ein Service\u2026","rel":"","context":"In &quot;News&quot;","block_context":{"text":"News","link":"https:\/\/www.jazzzeitung.de\/cms\/thema\/nachrichten\/"},"img":{"alt_text":"zugfahrt 2023 1. MH","src":"https:\/\/i0.wp.com\/www.jazzzeitung.de\/cms\/wp-content\/uploads\/2024\/11\/zugfahrt2023-1.-MH.jpg?fit=1200%2C900&ssl=1&resize=350%2C200","width":350,"height":200,"srcset":"https:\/\/i0.wp.com\/www.jazzzeitung.de\/cms\/wp-content\/uploads\/2024\/11\/zugfahrt2023-1.-MH.jpg?fit=1200%2C900&ssl=1&resize=350%2C200 1x, https:\/\/i0.wp.com\/www.jazzzeitung.de\/cms\/wp-content\/uploads\/2024\/11\/zugfahrt2023-1.-MH.jpg?fit=1200%2C900&ssl=1&resize=525%2C300 1.5x, https:\/\/i0.wp.com\/www.jazzzeitung.de\/cms\/wp-content\/uploads\/2024\/11\/zugfahrt2023-1.-MH.jpg?fit=1200%2C900&ssl=1&resize=700%2C400 2x, https:\/\/i0.wp.com\/www.jazzzeitung.de\/cms\/wp-content\/uploads\/2024\/11\/zugfahrt2023-1.-MH.jpg?fit=1200%2C900&ssl=1&resize=1050%2C600 3x"},"classes":[]},{"id":32215,"url":"https:\/\/www.jazzzeitung.de\/cms\/2025\/02\/die-eingeschmolzene-jazz-radiowoche-vom-17-02-2025-bis-23-02-2025\/","url_meta":{"origin":33728,"position":2},"title":"Die eingeschmolzene Jazz-Radiowoche vom 17.02.2025 bis 23.02.2025","author":"Martin Hufner","date":"16. Februar 2025","format":false,"excerpt":"Jazz im Radio \u2013 Jeden Sonntag gibt es um 12 Uhr unsere \u00dcbersicht f\u00fcr die jeweils nachfolgende Woche. Die #Jazz-Radiowoche vom 10. bis 16. Februar 2025. Erheblich ausged\u00fcnnt. Die ARD schafft ihr Radio gewisserma\u00dfen ab. Auch als PDF zum Download \u2013 #Jazz #JazzZeitung #Radio #Radiowoche \u2013 Ein Service unserer Online-Redaktion.","rel":"","context":"In &quot;News&quot;","block_context":{"text":"News","link":"https:\/\/www.jazzzeitung.de\/cms\/thema\/nachrichten\/"},"img":{"alt_text":"Kunst vorm Bau. Foto: Hufner","src":"https:\/\/i0.wp.com\/www.jazzzeitung.de\/cms\/wp-content\/uploads\/2025\/02\/kunstvormbau.jpg?fit=1080%2C939&ssl=1&resize=350%2C200","width":350,"height":200,"srcset":"https:\/\/i0.wp.com\/www.jazzzeitung.de\/cms\/wp-content\/uploads\/2025\/02\/kunstvormbau.jpg?fit=1080%2C939&ssl=1&resize=350%2C200 1x, https:\/\/i0.wp.com\/www.jazzzeitung.de\/cms\/wp-content\/uploads\/2025\/02\/kunstvormbau.jpg?fit=1080%2C939&ssl=1&resize=525%2C300 1.5x, https:\/\/i0.wp.com\/www.jazzzeitung.de\/cms\/wp-content\/uploads\/2025\/02\/kunstvormbau.jpg?fit=1080%2C939&ssl=1&resize=700%2C400 2x, https:\/\/i0.wp.com\/www.jazzzeitung.de\/cms\/wp-content\/uploads\/2025\/02\/kunstvormbau.jpg?fit=1080%2C939&ssl=1&resize=1050%2C600 3x"},"classes":[]},{"id":32452,"url":"https:\/\/www.jazzzeitung.de\/cms\/2025\/04\/die-eingeschmolzene-jazz-radiowoche-vom-21-04-2025-bis-27-04-2025\/","url_meta":{"origin":33728,"position":3},"title":"Die eingeschmolzene Jazz-Radiowoche vom 21.04.2025 bis 27.04.2025","author":"Martin Hufner","date":"20. April 2025","format":false,"excerpt":"Jazz im Radio \u2013 Jeden Sonntag gibt es um 12 Uhr unsere \u00dcbersicht f\u00fcr die jeweils nachfolgende Woche. Die #Jazz-Radiowoche vom 21. bis 27. April 2025. Erheblich ausged\u00fcnnt. Auch als PDF zum Download \u2013 #Jazz #JazzZeitung #Radio #Radiowoche \u2013 Ein Service unserer Online-Redaktion.","rel":"","context":"In &quot;News&quot;","block_context":{"text":"News","link":"https:\/\/www.jazzzeitung.de\/cms\/thema\/nachrichten\/"},"img":{"alt_text":"Kn\u00f6pfe. Foto: Hufner","src":"https:\/\/i0.wp.com\/www.jazzzeitung.de\/cms\/wp-content\/uploads\/2025\/04\/knoepfe.jpg?fit=1200%2C900&ssl=1&resize=350%2C200","width":350,"height":200,"srcset":"https:\/\/i0.wp.com\/www.jazzzeitung.de\/cms\/wp-content\/uploads\/2025\/04\/knoepfe.jpg?fit=1200%2C900&ssl=1&resize=350%2C200 1x, https:\/\/i0.wp.com\/www.jazzzeitung.de\/cms\/wp-content\/uploads\/2025\/04\/knoepfe.jpg?fit=1200%2C900&ssl=1&resize=525%2C300 1.5x, https:\/\/i0.wp.com\/www.jazzzeitung.de\/cms\/wp-content\/uploads\/2025\/04\/knoepfe.jpg?fit=1200%2C900&ssl=1&resize=700%2C400 2x, https:\/\/i0.wp.com\/www.jazzzeitung.de\/cms\/wp-content\/uploads\/2025\/04\/knoepfe.jpg?fit=1200%2C900&ssl=1&resize=1050%2C600 3x"},"classes":[]},{"id":33293,"url":"https:\/\/www.jazzzeitung.de\/cms\/2025\/11\/die-quarksminimale-jazz-radiowoche-vom-03-11-2025-bis-09-11-2025\/","url_meta":{"origin":33728,"position":4},"title":"Die quarksminimale Jazz-Radiowoche vom 03.11.2025 bis 09.11.2025","author":"Martin Hufner","date":"2. November 2025","format":false,"excerpt":"Jazz im Radio \u2013 Jeden Sonntag gibt es um 12 Uhr unsere \u00dcbersicht f\u00fcr die jeweils nachfolgende Woche. Die #Jazz-Radiowoche vom 03.11. bis zum 09.11.2025. Erheblich d\u00fcnn! Auch als PDF zum Download \u2013 #Jazz #JazzZeitung #Radio #Radiowoche \u2013 Ein Service unserer Online-Redaktion.","rel":"","context":"In &quot;News&quot;","block_context":{"text":"News","link":"https:\/\/www.jazzzeitung.de\/cms\/thema\/nachrichten\/"},"img":{"alt_text":"Holzstapel. Foto: Hufner","src":"https:\/\/i0.wp.com\/www.jazzzeitung.de\/cms\/wp-content\/uploads\/2025\/10\/Wie-viel.jpg?fit=1200%2C900&ssl=1&resize=350%2C200","width":350,"height":200,"srcset":"https:\/\/i0.wp.com\/www.jazzzeitung.de\/cms\/wp-content\/uploads\/2025\/10\/Wie-viel.jpg?fit=1200%2C900&ssl=1&resize=350%2C200 1x, https:\/\/i0.wp.com\/www.jazzzeitung.de\/cms\/wp-content\/uploads\/2025\/10\/Wie-viel.jpg?fit=1200%2C900&ssl=1&resize=525%2C300 1.5x, https:\/\/i0.wp.com\/www.jazzzeitung.de\/cms\/wp-content\/uploads\/2025\/10\/Wie-viel.jpg?fit=1200%2C900&ssl=1&resize=700%2C400 2x, https:\/\/i0.wp.com\/www.jazzzeitung.de\/cms\/wp-content\/uploads\/2025\/10\/Wie-viel.jpg?fit=1200%2C900&ssl=1&resize=1050%2C600 3x"},"classes":[]},{"id":22236,"url":"https:\/\/www.jazzzeitung.de\/cms\/2020\/03\/die-jazz-radiowoche-vom-30-03-20-bis-05-04-20\/","url_meta":{"origin":33728,"position":5},"title":"Die Jazz-Radiowoche vom 30.03.20 bis 05.04.20","author":"Martin Hufner","date":"29. M\u00e4rz 2020","format":false,"excerpt":"Ein kleiner Blick in die Jazzwoche 14 im Radio. Alle Angaben ohne Gew\u00e4hr. Jazz im Radio (Fernsehen) SR2 \u2013 JazzNow \u2013 Sonntags von 20.04 bis 22.30 Uhr BR-KLASSIK \u2013 Jazztime \u2013 Von Montag bis Freitag t\u00e4glich um 23.05 Uhr rbb-kultur \u2013 Late Night Jazz \u2013 Sa und So 23:04 \u2013\u2026","rel":"","context":"In &quot;News&quot;","block_context":{"text":"News","link":"https:\/\/www.jazzzeitung.de\/cms\/thema\/nachrichten\/"},"img":{"alt_text":"Jazz im Radio. Foto: Hufner","src":"https:\/\/i0.wp.com\/www.jazzzeitung.de\/cms\/wp-content\/uploads\/2019\/03\/jazz_im_radio.jpg?fit=1200%2C773&ssl=1&resize=350%2C200","width":350,"height":200,"srcset":"https:\/\/i0.wp.com\/www.jazzzeitung.de\/cms\/wp-content\/uploads\/2019\/03\/jazz_im_radio.jpg?fit=1200%2C773&ssl=1&resize=350%2C200 1x, https:\/\/i0.wp.com\/www.jazzzeitung.de\/cms\/wp-content\/uploads\/2019\/03\/jazz_im_radio.jpg?fit=1200%2C773&ssl=1&resize=525%2C300 1.5x, https:\/\/i0.wp.com\/www.jazzzeitung.de\/cms\/wp-content\/uploads\/2019\/03\/jazz_im_radio.jpg?fit=1200%2C773&ssl=1&resize=700%2C400 2x, https:\/\/i0.wp.com\/www.jazzzeitung.de\/cms\/wp-content\/uploads\/2019\/03\/jazz_im_radio.jpg?fit=1200%2C773&ssl=1&resize=1050%2C600 3x"},"classes":[]}],"jetpack_sharing_enabled":true,"_links":{"self":[{"href":"https:\/\/www.jazzzeitung.de\/cms\/wp-json\/wp\/v2\/posts\/33728","targetHints":{"allow":["GET"]}}],"collection":[{"href":"https:\/\/www.jazzzeitung.de\/cms\/wp-json\/wp\/v2\/posts"}],"about":[{"href":"https:\/\/www.jazzzeitung.de\/cms\/wp-json\/wp\/v2\/types\/post"}],"author":[{"embeddable":true,"href":"https:\/\/www.jazzzeitung.de\/cms\/wp-json\/wp\/v2\/users\/1"}],"replies":[{"embeddable":true,"href":"https:\/\/www.jazzzeitung.de\/cms\/wp-json\/wp\/v2\/comments?post=33728"}],"version-history":[{"count":1,"href":"https:\/\/www.jazzzeitung.de\/cms\/wp-json\/wp\/v2\/posts\/33728\/revisions"}],"predecessor-version":[{"id":33730,"href":"https:\/\/www.jazzzeitung.de\/cms\/wp-json\/wp\/v2\/posts\/33728\/revisions\/33730"}],"wp:featuredmedia":[{"embeddable":true,"href":"https:\/\/www.jazzzeitung.de\/cms\/wp-json\/wp\/v2\/media\/33729"}],"wp:attachment":[{"href":"https:\/\/www.jazzzeitung.de\/cms\/wp-json\/wp\/v2\/media?parent=33728"}],"wp:term":[{"taxonomy":"category","embeddable":true,"href":"https:\/\/www.jazzzeitung.de\/cms\/wp-json\/wp\/v2\/categories?post=33728"},{"taxonomy":"post_tag","embeddable":true,"href":"https:\/\/www.jazzzeitung.de\/cms\/wp-json\/wp\/v2\/tags?post=33728"},{"taxonomy":"author","embeddable":true,"href":"https:\/\/www.jazzzeitung.de\/cms\/wp-json\/wp\/v2\/coauthors?post=33728"}],"curies":[{"name":"wp","href":"https:\/\/api.w.org\/{rel}","templated":true}]}}