{"id":33704,"date":"2026-03-01T12:00:19","date_gmt":"2026-03-01T11:00:19","guid":{"rendered":"https:\/\/www.jazzzeitung.de\/cms\/?p=33704"},"modified":"2026-02-25T10:17:58","modified_gmt":"2026-02-25T09:17:58","slug":"die-jazz-radiowoche-mit-dem-weltfrauentag-vom-02-03-2026-bis-08-03-2026","status":"publish","type":"post","link":"https:\/\/www.jazzzeitung.de\/cms\/2026\/03\/die-jazz-radiowoche-mit-dem-weltfrauentag-vom-02-03-2026-bis-08-03-2026\/","title":{"rendered":"Die Jazz-Radiowoche mit dem Weltfrauentag vom 02.03.2026 bis 08.03.2026"},"content":{"rendered":"<p class=\"western\"><a name=\"_Hlk71805784\"><\/a> Die \u00dcbersicht zum <span style=\"color: #0563c1;\"><u><a href=\"https:\/\/service.conbrio.de\/service\/download\/278\/\" name=\"Download des PDF\">Download als PDF<\/a><\/u><\/span><span style=\"text-decoration: line-through;\">.<\/span> Alle Angaben ohne Gew\u00e4hr. Erg\u00e4nzt mit den tollen Sendungen zur Neuen Musik von BR-KLASSIK und \u00d61.<\/p>\n<p class=\"western\">Aktuell bekommen wir Informationen von SWR Kultur, \u00d61 und in Sachen Neue Musik von BR-KLASSIK und ebenfalls \u00d61.<\/p>\n<hr \/>\n<h2 class=\"western\">Senderliste:<\/h2>\n<hr \/>\n<ul>\n<li><span style=\"color: #0563c1;\"><u><a href=\"https:\/\/oe1.orf.at\/\" name=\"Link zum ORF\">ORF \u2013 \u00d61<\/a><\/u><\/span><\/li>\n<li><span style=\"color: #0563c1;\"><u><a href=\"https:\/\/www.deutschlandradio.de\/\" name=\"Link zum Deutschlandfunk\">Deutschlandfunk<\/a><\/u><\/span> \u2013 \u201eFakten und mehr\u201c<\/li>\n<li><span style=\"color: #0563c1;\"><u><a href=\"https:\/\/www.deutschlandfunkkultur.de\/\" name=\"Link zu Deutschlandfunk Kultur\">Deutschlandfunk-Kultur<\/a><\/u><\/span> \u2013 \u201eDas Feuilleton im Radio\u201c<\/li>\n<li><span style=\"color: #0563c1;\"><u><a href=\"https:\/\/www.ndr.de\/ndrkultur\/\" name=\"Link zu ndr kultur\">ndr Kultur<\/a><\/u><\/span> \u2013 H\u00f6ren und genie\u00dfen<\/li>\n<li><span style=\"color: #0563c1;\"><u><a href=\"https:\/\/www.ndr.de\/ndrblue\/index.html\" name=\"Link zu ndr blue\"><span lang=\"en-US\">ndr blue<\/span><\/a><\/u><\/span><span lang=\"en-US\"> \u2013 Meet The Music<\/span><\/li>\n<li><span style=\"color: #0563c1;\"><u><a href=\"https:\/\/www.bremenzwei.de\/\" name=\"Link zu Radio Bremen\">radio bremen<\/a><\/u><\/span> \u2013 Neugier lohnt sich.<\/li>\n<li><span style=\"color: #0563c1;\"><u><a href=\"https:\/\/www.radiodrei.de\/\" name=\"Link zu Radio 3 von Berlin\">Radio 3<\/a><\/u><\/span> \u2013<\/li>\n<li><span style=\"color: #0563c1;\"><u><a href=\"https:\/\/www.mdr.de\/kultur\/radio\/index.html\" name=\"Link zu medr-kultur\">mdr-kultur<\/a><\/u><\/span> \u2013 Das Radio.<\/li>\n<li><a href=\"https:\/\/www1.wdr.de\/radio\/wdr3\/\" name=\"Link zu WDR3\"><span style=\"color: #0563c1;\"><u>W<\/u><\/span><span style=\"color: #0563c1;\"><u>DR<\/u><\/span><span style=\"color: #0563c1;\"><u>3<\/u><\/span><\/a> \u2013 Das Kulturradio<\/li>\n<li><span style=\"color: #0563c1;\"><u><a href=\"https:\/\/www.hr2.de\/index.html\" name=\"Link zu hr2-kultur\">hr2-kultur<\/a><\/u><\/span> \u2013 Das Kulturradio f\u00fcr Hessen.<\/li>\n<li><a href=\"https:\/\/www.sr.de\/sr\/sr2\/index.html\" name=\"Link zu SR2-Kulturradio\"><span style=\"color: #0563c1;\"><u>S<\/u><\/span><span style=\"color: #0563c1;\"><u>R<\/u><\/span><span style=\"color: #0563c1;\"><u>2 Kulturradio<\/u><\/span><\/a> \u2013 \u2026 gut zu h\u00f6ren.<\/li>\n<li><a href=\"https:\/\/www.swr.de\/swr2\/\" name=\"Link zu SWR Kuultur\"><span style=\"color: #0563c1;\"><u>S<\/u><\/span><span style=\"color: #0563c1;\"><u>WR<\/u><\/span><u> <\/u><\/a><span style=\"color: #0563c1;\"><u>kultur<\/u><\/span> \u2013 Kultur neu entdecken<\/li>\n<li><span style=\"color: #0563c1;\"><u><a href=\"https:\/\/www.br.de\/radio\/br-klassik\/index.html\" name=\"Link zu BR-Klassik\">BR-KLASSIK<\/a><\/u><\/span> \u2013 Klassikstars geben auf BR-KLASSIK den Ton an. Attraktive Magazine bringen Interviews und Neuigkeiten aus dem Musikleben.<\/li>\n<li><span style=\"color: #0563c1;\"><u><a href=\"https:\/\/www.br.de\/radio\/bayern2\/index.html\" name=\"Link zu Bayern2\">Bayern 2<\/a><\/u><\/span> \u2013 Preisgekr\u00f6ntes Radio f\u00fcr H\u00f6rer, die mehr wissen wollen<\/li>\n<\/ul>\n<hr \/>\n<h2 class=\"western\">\u00a0Internet:<\/h2>\n<hr \/>\n<ul>\n<li>Schweden: <span style=\"color: #0563c1;\"><u><a href=\"https:\/\/sverigesradio.se\/tabla.aspx?programid=2562\" name=\"Link zu Schwedens Radio P&quot;\">P2<\/a><\/u><\/span> sendet immer Dienstags von 21:00 bis 22:00 und Sonntags von 18:40 bis 20:00 ein Jazzkonzert<\/li>\n<li>Ungarn: <span style=\"color: #0563c1;\"><u><a href=\"https:\/\/mediaklikk.hu\/bartok\/\" name=\"Link zu Bart\u00f3k-Radio\">Bartok Radio<\/a><\/u><\/span> sendet t\u00e4glich von 23:00 bis 23:55 eine Jazzsendung<\/li>\n<\/ul>\n<hr \/>\n<h2 class=\"western\">mo \u2013 02.03.2026<\/h2>\n<hr \/>\n<p class=\"western\">17:30:00 +++ \u00d61<br \/>\n<b>Musik aus allen Richtungen mit Astrid Schwarz und Rainer Elstner.<\/b><\/p>\n<p class=\"western\">19:30:00 +++ \u00d61<br \/>\n<b>Die italienische S\u00e4ngerin Naima Fara\u00f2 und ihr Quartett<\/b><\/p>\n<p class=\"western\" style=\"padding-left: 40px;\">Am 28. September 2025 gastierte die in Mailand lebende S\u00e4ngerin und Komponistin Naima Fara\u00f2 beim Jazzfestival Leibnitz in der S\u00fcdsteiermark. Sie agiert mit kraftvoller Soulstimme und Electronics, ihr Quartett wird komplettiert durch den Pianisten und Keyboarder Edoardo Maggioni, den Bassisten Andrea Brutti und Schlagzeuger Vincenzo Guerra.<\/p>\n<p class=\"western\">22:03 \u2013 23:00 UHR +++ SWR KULTUR<br \/>\n<b>ARD Jazz. Spotlight: H\u00f6ren wir Gutes und reden dar\u00fcber!<\/b><\/p>\n<p class=\"western\" style=\"padding-left: 40px;\">Von Ulrich Habersetzer, Beate Sampson, Roland Spiegel. \u201eEine Sendung wie eine Insel. Drau\u00dfen herrscht hoher Seegang, aber was im Hier und Jetzt z\u00e4hlt, das sind handverlesene T\u00f6ne, die in die Ohren des Publikums tropfen\u201c. Das schrieb 2022 die Grimme-Jury in ihrer Begr\u00fcndung daf\u00fcr, dass \u201eH\u00f6ren wir Gutes und reden dar\u00fcber!\u201c den Deutschen Radiopreis als \u201eBeste Sendung\u201c erhielt. Wir nehmen Sie mit auf diese H\u00f6r-Insel! Jede und jeder stellt ein neues Jazzalbum vor, ohne den anderen vorher zu verraten, worum es sich handelt. H\u00f6ren, r\u00e4tseln und laut nachdenken \u00fcber T\u00f6ne \u2013 darum geht es bei \u201eH\u00f6ren wir Gutes\u201c. Lassen Sie sich \u00fcberraschen!<\/p>\n<p class=\"western\">23:03:00 +++ \u00d61<br \/>\n<b>Wally analysiert Kurt\u00e1g \u2013 Neue Musik auf der Couch.<\/b><\/p>\n<p class=\"western\" style=\"padding-left: 40px;\">Thomas Wally analysiert die \u201cKafka-Fragmente\u201d op. 24 f\u00fcr Sopran und Violine von Gy\u00f6rgy Kurt\u00e1g<\/p>\n<p class=\"western\" style=\"padding-left: 40px;\">Das Jahr 1926 aus musikalischer Sicht: Puccinis Oper \u201cTurandot\u201d wird in Mailand uraufgef\u00fchrt, Schostakowitschs 1. Symphonie ist im damaligen Leningrad zum ersten Mal zu h\u00f6ren, in K\u00f6ln erklingt die Premiere von Bart\u00f3ks Tanzpantomime \u201cDer wunderbare Mandarin\u201d. Es ist das Geburtsjahr der Komponist:innen Morton Feldman, Friedrich Cerha, Hans Werner Henze, Betsy Jolas und: Gy\u00f6rgy Kurt\u00e1g, dessen einzige Oper \u201cFin de Partie\u201d etwa 90 Jahre nach \u201cTurandot\u201d ebenfalls in Mailand uraufgef\u00fchrt wird.<\/p>\n<p class=\"western\" style=\"padding-left: 40px;\">Anl\u00e4sslich des 100. Geburtstag Gy\u00f6rgy Kurt\u00e1gs widmet sich auch die \u201cZeit-Ton\u201d-Sendereihe \u201cNeue Musik auf der Couch\u201d seiner Musik, und zwar einer seiner meistgespielten Kompositionen: den \u201cKafka-Fragmenten\u201d f\u00fcr Sopran und Violine. In den 1980er Jahren komponiert, stellt diese Komposition eine Sammlung von 40 miniaturartigen Werken dar, denen, wie der Titel schon sagt, literarische Fragmente aus der Feder Franz Kafkas zugrunde liegen.<\/p>\n<p class=\"western\" style=\"padding-left: 40px;\">Thomas Wally, neben seiner T\u00e4tigkeit als freischaffender Komponist und Violinist auch an der Wiener Musikuniversit\u00e4t als Senior Lecturer in musiktheoretischen F\u00e4chern aktiv, betrachtet die Kafka-Fragmente von Gy\u00f6rgy Kurt\u00e1g. Im Gespr\u00e4ch mit Rainer Elstner aus (h\u00f6r)analytischer Perspektive: Was h\u00f6ren wir, wenn wir dieses Werk h\u00f6ren? Worauf k\u00f6nnen wir achten? Was sind Besonderheiten, denen wir Aufmerksamkeit schenken sollten? Den H\u00f6rer\/innen werden analytische Tools bereitgestellt, mit deren Hilfe diese Musik mit einem gesch\u00e4rften Fokus wahrgenommen werden kann. Gestaltung: Thomas Wally<\/p>\n<hr \/>\n<h2 class=\"western\">di \u2013 03.03.2026<\/h2>\n<hr \/>\n<p class=\"western\">17:30:00 +++ \u00d61<br \/>\n<b>Musik aus allen Richtungen.<\/b><\/p>\n<p class=\"western\">21:00 \u2013 22:00 UHR +++ SWR KULTUR<br \/>\n<b>JetztMusik: Urs Leimgruber solo in der Manufaktur Schorndorf<\/b><\/p>\n<p class=\"western\" style=\"padding-left: 40px;\">Von Julia Neupert. Urs Leimgruber liebt das kleine Format \u2013 neben seiner Arbeit in Trios und mit Duettpartner*innen ist der Schweizer Musiker in seiner schon langen Karriere immer wieder auch als Solok\u00fcnstler aufgetreten und hat f\u00fcr seine bevorzugten Instrumente Sopran- und Tenorsaxofon ganz eigene Spieltechniken entwickelt. \u201eLeimgrubers Solospiel ist wie ein nie zu Ende gehender Stream of Consciousness, wie ein Sternschnuppenregen\u201c, so schrieb die Manufaktur Schorndorf in ihrer Ank\u00fcndigung seines Konzertes am 17. Januar.<\/p>\n<p class=\"western\">23:03:00 +++ \u00d61<br \/>\n<b>Neue Konzerte von John Adams und Olga Neuwirth \u2013 Zwei hochkar\u00e4tige Live-Mitschnitte<\/b><\/p>\n<p class=\"western\" style=\"padding-left: 40px;\">Ein virtuoses Klavierkonzert f\u00fcr V\u00edkingur \u00d3lafsson und eine komponierte Erinnerung an den eigenen Vater von Olga Neuwirth.<\/p>\n<p class=\"western\" style=\"padding-left: 40px;\">Der erste Sonntag mit dem neuen, dreist\u00fcndigen \u201eZeit-Ton\u201c-Format klingt mit aktueller Orchestermusik und zwei herausragenden Solisten unserer Zeit aus. In dieser Premiere-Ausgabe sind zwei au\u00dfergew\u00f6hnliche Solokonzerte zu h\u00f6ren: ein Klavierkonzert von John Adams sowie der Urauff\u00fchrungsmitschnitt eines neuen Klarinettenkonzerts von Olga Neuwirth.<\/p>\n<p class=\"western\" style=\"padding-left: 40px;\">Das Klavierkonzert mit dem Titel \u201eAfter the Fall\u201c hat der US-amerikanische Komponist John Adams f\u00fcr den gefragten Klaviervirtuosen V\u00edkingur \u00d3lafsson geschrieben. \u201eAfter the Fall\u201c w\u00fcrdigt \u00d3lafssons \u201emeisterhafte Anmut und Pr\u00e4zision\u201c (\u201eSan Francisco Chronicle\u201c) sowie seine besondere N\u00e4he zu Bach und zitiert aus Bachs Pr\u00e4ludium in c-Moll. Der eigenst\u00e4ndige Umgang mit Energie und Rhythmus ist dabei zu 100 Prozent Adams. Wir senden die London-Premiere dieses im J\u00e4nner 2025 uraufgef\u00fchrten Erfolgsst\u00fccks: einen Mitschnitt aus der Royal Festival Hall vom 25. Februar 2026 mit dem\u00a0Philharmonia\u00a0Orchestra unter der Leitung von Esa-Pekka Salonen.<\/p>\n<p class=\"western\" style=\"padding-left: 40px;\">F\u00fcr den legend\u00e4ren Klarinettisten und Kompositionskollegen J\u00f6rg Widmann hat Olga Neuwirth ein neues Konzert konzipiert. Wir senden den Urauff\u00fchrungsmitschnitt vom 6. Februar 2026, aufgenommen im Rahmen der traditionsreichen Konzertreihe \u201emusica viva\u201c in der Isarphilharmonie M\u00fcnchen. \u201eZones of Blue\u201c ist \u2013 so der Untertitel \u2013 eine \u201eRhapsodie f\u00fcr Klarinette mit Orchester\u201c.<\/p>\n<p class=\"western\" style=\"padding-left: 40px;\">Es ist im Andenken an Neuwirths 2023 verstorbenen Vater geschrieben. Harald Neuwirth war als Pianist, P\u00e4dagoge und Mitbegr\u00fcnder der Grazer Jazz-Hochschule eine pr\u00e4gende Figur der \u00f6sterreichischen Jazz-Szene. Dieses Klarinettenkonzert ist also eine sehr pers\u00f6nliche Erinnerung in und durch Musik.<\/p>\n<p class=\"western\" style=\"padding-left: 40px;\">Sir Simon Rattle dirigiert bei der Urauff\u00fchrung das Symphonieorchester des Bayerischen Rundfunks. Co-Auftraggeber dieses Klarinettenkonzerts ist das Grafenegg Festival. Dort erlebt \u201eZones of Blue\u201c am 21. August 2026 seine \u00d6sterreich-Premiere, erneut mit J\u00f6rg Widmann als Solisten, begleitet vom Tonk\u00fcnstler-Orchester Nieder\u00f6sterreich unter der Leitung von Brad Lubman. Gestaltung: Rainer Elstner<\/p>\n<hr \/>\n<h2 class=\"western\">mi \u2013 04.03.2026<\/h2>\n<hr \/>\n<p class=\"western\">17:30:00 +++ \u00d61<br \/>\n<b>Musik aus allen Richtungen mit Mirjam Jessa.<\/b><\/p>\n<p class=\"western\">22:03 \u2013 23:00 UHR +++ SWR KULTUR<br \/>\n<b>ARD Jazz. Das Magazin<\/b><\/p>\n<p class=\"western\" style=\"padding-left: 40px;\">Von Anja Buchmann. Das w\u00f6chentliche Jazz-Update, pr\u00e4sentiert von Eurer ARD: au\u00dfergew\u00f6hnliche Ver\u00f6ffentlichungen, relevante Ereignisse und aktuelle Debatten. Wir diskutieren Jazz in allen seinen Facetten und suchen auch deutschlandweit die Orte auf, an denen er zu Hause ist. Nicht verpassen!<\/p>\n<figure id=\"attachment_33705\" aria-describedby=\"caption-attachment-33705\" style=\"width: 450px\" class=\"wp-caption aligncenter\"><a href=\"https:\/\/i0.wp.com\/www.jazzzeitung.de\/cms\/wp-content\/uploads\/2026\/02\/polarlicht0120-scaled.jpg?ssl=1\"><img data-recalc-dims=\"1\" loading=\"lazy\" decoding=\"async\" data-attachment-id=\"33705\" data-permalink=\"https:\/\/www.jazzzeitung.de\/cms\/2026\/03\/die-jazz-radiowoche-mit-dem-weltfrauentag-vom-02-03-2026-bis-08-03-2026\/polarlicht0120\/\" data-orig-file=\"https:\/\/i0.wp.com\/www.jazzzeitung.de\/cms\/wp-content\/uploads\/2026\/02\/polarlicht0120-scaled.jpg?fit=1920%2C2560&amp;ssl=1\" data-orig-size=\"1920,2560\" data-comments-opened=\"1\" data-image-meta=\"{&quot;aperture&quot;:&quot;1.5&quot;,&quot;credit&quot;:&quot;&quot;,&quot;camera&quot;:&quot;iPhone 13 Pro&quot;,&quot;caption&quot;:&quot;&quot;,&quot;created_timestamp&quot;:&quot;0&quot;,&quot;copyright&quot;:&quot;&quot;,&quot;focal_length&quot;:&quot;5.7&quot;,&quot;iso&quot;:&quot;8000&quot;,&quot;shutter_speed&quot;:&quot;1&quot;,&quot;title&quot;:&quot;&quot;,&quot;orientation&quot;:&quot;1&quot;}\" data-image-title=\"M\u00e4rz kann kommen. Foto: Hufner\" data-image-description=\"&lt;p&gt;M\u00e4rz kann kommen. Foto: Hufner&lt;\/p&gt;\n\" data-image-caption=\"&lt;p&gt;M\u00e4rz kann kommen. Foto: Hufner&lt;\/p&gt;\n\" data-large-file=\"https:\/\/i0.wp.com\/www.jazzzeitung.de\/cms\/wp-content\/uploads\/2026\/02\/polarlicht0120-scaled.jpg?fit=450%2C600&amp;ssl=1\" class=\"wp-image-33705 size-large\" src=\"https:\/\/i0.wp.com\/www.jazzzeitung.de\/cms\/wp-content\/uploads\/2026\/02\/polarlicht0120.jpg?resize=450%2C600&#038;ssl=1\" alt=\"M\u00e4rz kann kommen. Foto: Hufner\" width=\"450\" height=\"600\" srcset=\"https:\/\/i0.wp.com\/www.jazzzeitung.de\/cms\/wp-content\/uploads\/2026\/02\/polarlicht0120-scaled.jpg?resize=450%2C600&amp;ssl=1 450w, https:\/\/i0.wp.com\/www.jazzzeitung.de\/cms\/wp-content\/uploads\/2026\/02\/polarlicht0120-scaled.jpg?resize=225%2C300&amp;ssl=1 225w, https:\/\/i0.wp.com\/www.jazzzeitung.de\/cms\/wp-content\/uploads\/2026\/02\/polarlicht0120-scaled.jpg?resize=768%2C1024&amp;ssl=1 768w, https:\/\/i0.wp.com\/www.jazzzeitung.de\/cms\/wp-content\/uploads\/2026\/02\/polarlicht0120-scaled.jpg?resize=1152%2C1536&amp;ssl=1 1152w, https:\/\/i0.wp.com\/www.jazzzeitung.de\/cms\/wp-content\/uploads\/2026\/02\/polarlicht0120-scaled.jpg?resize=1536%2C2048&amp;ssl=1 1536w, https:\/\/i0.wp.com\/www.jazzzeitung.de\/cms\/wp-content\/uploads\/2026\/02\/polarlicht0120-scaled.jpg?resize=1320%2C1760&amp;ssl=1 1320w, https:\/\/i0.wp.com\/www.jazzzeitung.de\/cms\/wp-content\/uploads\/2026\/02\/polarlicht0120-scaled.jpg?w=1920&amp;ssl=1 1920w, https:\/\/i0.wp.com\/www.jazzzeitung.de\/cms\/wp-content\/uploads\/2026\/02\/polarlicht0120-scaled.jpg?w=1680&amp;ssl=1 1680w\" sizes=\"auto, (max-width: 450px) 100vw, 450px\" \/><\/a><figcaption id=\"caption-attachment-33705\" class=\"wp-caption-text\">M\u00e4rz kann kommen. Foto: Hufner<\/figcaption><\/figure>\n<hr \/>\n<h2 class=\"western\">do \u2013 05.03.2026<\/h2>\n<hr \/>\n<p class=\"western\">17:30:00 +++ \u00d61<br \/>\n<b>Musik aus allen Richtungen mit Andreas Felber.<\/b><\/p>\n<p class=\"western\">22:03 \u2013 23:00 UHR +++ SWR KULTUR<br \/>\n<b>Jazz and More<\/b><\/p>\n<p class=\"western\" style=\"padding-left: 40px;\">Von Martin Kersten. Ja was haben wir denn da?! Neue Alben aus dem Jazz und seinen Randgebieten. Ob Blues, Neo-Klassik, Global-Pop oder freie Improvisation \u2013 hier darf alles mitmischen. (\u00dcbernahme von hr2-kultur).<\/p>\n<p class=\"western\">23:03 bis 00:00 Uhr +++ BR-KLASSIK<br \/>\n<b>Horizonte: Zum 90. Geburtstag von Aribert Reimann \u2013 Opern, Vokalkompositionen und Lieder des Komponisten<\/b><\/p>\n<p class=\"western\" style=\"padding-left: 40px;\">Er war der gro\u00dfe Lyriker unter den Komponisten in der zweiten H\u00e4lfte des 20. Jahrhunderts und ein Meister der Vokalmusik. Dichter wie H\u00f6lderlin, Celan oder Poe hatten es Aribert Reimann angetan, und mit feinem Gesp\u00fcr f\u00fcrs Theatralische brachte er die bedeutenden Werke der Weltliteratur auf die Opernb\u00fchne: Kafkas \u201eSchloss\u201c, Lorca \u201eBernarda Albas Haus\u201c, Strindbergs \u201eGespenstersonate\u201c, Euripedes\u2018 \u201eTroerinnen\u201c \u2013 und vor allem Shakespeares \u201eLear\u201c. Die M\u00fcnchner Urauff\u00fchrung 1978 mit Dietrich Fischer-Dieskau ist legend\u00e4r, das Werk ein Meilenstein des modernen Musiktheaters. Reimann selbst f\u00fchrt seine Liebe zur Stimme darauf zur\u00fcck, dass er als Kind viel gesungen hat. Ein Streifzug durch das Opern- und Liedschaffen des 2024 verstorbenen Aribert Reimann anl\u00e4sslich seines 90. Geburtstags am 4. M\u00e4rz. Eine Sendung von Florian Heurich<\/p>\n<hr \/>\n<h2 class=\"western\">fr \u2013 06.03.2026<\/h2>\n<hr \/>\n<p class=\"western\">14:05:00 +++ \u00d61<br \/>\n<b>Lyrische Songs mit Klavier, Hang und Perkussion<\/b><\/p>\n<p class=\"western\" style=\"padding-left: 40px;\">Der Tiroler Manu Delago ist ein h\u00f6chst vielseitiger Musiker; er hat Akkordeon und Klavier gelernt und klassisches Schlagwerk und Jazzschlagzeug studiert. Sein gro\u00dfer internationaler Erfolg aber ist eng mit jenem jungen, aus der Schweiz stammenden Instrument namens Hang verkn\u00fcpft, dessen bet\u00f6rende Kl\u00e4nge ganz besonders in Bann ziehen, wenn sie von seinen H\u00e4nden aus dem Stahlblech dieser \u201eKlangskulptur\u201c gezaubert werden.<\/p>\n<p class=\"western\" style=\"padding-left: 40px;\">Neben Gr\u00f6\u00dfen wie Anoushka Shankar, Bugge Wesseltoft oder Bj\u00f6rk, die ihn an ihre Seite geholt haben, ist auch der englische Pianist und Singer-Songwriter Douglas Dare ein deklarierter Fan von Manu Delago. Und umgekehrt! Immer wieder haben die beiden in den vergangenen Jahren zusammengearbeitet und waren auf Alben des jeweils anderen zu h\u00f6ren \u2013 kongeniales Zusammentreffen zweier Klangk\u00fcnstler, die beim gemeinsamen Musizieren nicht nur das Beste aus sich herausholen, sondern vor allem auch aus ihrem Gegen\u00fcber.<\/p>\n<p class=\"western\" style=\"padding-left: 40px;\">Am 25. April 2025 teilten sich Manu Delago und Douglas Dare die B\u00fchne im Pal\u00e1c Akropolis in Prag f\u00fcr ein intimes und inniges Duokonzert voller lyrischer Songs.<\/p>\n<p class=\"western\">17:30:00 +++ \u00d61<br \/>\n<b>Musik aus allen Richtungen mit Johann Kneihs.<\/b><\/p>\n<p class=\"western\">23:03:00 +++ \u00d61<br \/>\n<b>Das Black Page Orchestra bei Wien Modern 2025 \u2013 Glei\u00dfende Hitze, eine schrille Pfeife und die befreiende Kraft des Schreis<\/b><\/p>\n<p class=\"western\" style=\"padding-left: 40px;\">Auch 2025 fand wieder eines der Konzerte, die das Black Page Orchestra im Wiener Musikverein gestaltet, im Rahmen des Wien Modern Festivals statt. Zwei St\u00fccke \u2013 \u201eHalucinatio (II) End of the Work Day\u201c von Jung an Tagen aka Stefan Juster und \u201eFor Roughness\u201c von Katharina Ernst feierten an diesem Abend ihre Urauff\u00fchrung. Der schrille Klang einer Bootsmannspfeife lieferte die Inspiration f\u00fcr das St\u00fcck \u201eHalucinatio (II) End of the Work Day\u201c, in dem Jung an Tagen otoakustische Emissionen als kompositorisches Gestaltungselement einsetzt. \u201eFor Roughness\u201c ist eine musikalische Studie des Schreis, den Katharina Ernst als ein geeignetes Mittel betrachtet, \u201eum auf die Gegenwart zu antworten\u201c.<\/p>\n<p class=\"western\" style=\"padding-left: 40px;\">Auf dem Programm standen weiters eine Reihe von \u00f6sterreichischen Erstauff\u00fchrungen: \u201eSidra na Nebu s Dijamantima \u2013 Rainbow Hoodie\u201c hat Mirela Ivicevic Sona, einem kleinen pal\u00e4stinensischen M\u00e4dchen gewidmet, das im Februar 2024 w\u00e4hrend eines Bombenangriffes auf die Stadt Rafah im Gazastreifen get\u00f6tet worden ist. In \u201ethermo_doxa\u201c untersucht Zara Ali die Beziehung zwischen hei\u00dfen Klimazonen und dogmatischen Religionen. In \u201eDW 16.4. SongBook 1.4\u201c zertr\u00fcmmert Bernhard Lang Popsongs, zu denen er eine starke pers\u00f6nliche Beziehung hat, um sich in den Textsplittern schlie\u00dflich selbst zu spiegeln. Und Pierre\u00a0Jodlowski reflektiert in \u201enumbers\u201c auf humorvolle Weise die allgegenw\u00e4rtige Pr\u00e4senz von Zahlen in unserer durchdigitalisierten Gesellschaft. Unter anderem. Gestaltung: Susanna Niedermayr<\/p>\n<hr \/>\n<h2 class=\"western\">sa \u2013 07.03.2026<\/h2>\n<hr \/>\n<p class=\"western\">09:05 \u2013 10:00 UHR +++ SWR KULTUR<br \/>\n<b>Musikstunde. Jazz global: Improvisation Faunae \u2013 Die verschlungene Welt der Jazzpflanzen<\/b><\/p>\n<p class=\"western\" style=\"padding-left: 40px;\">Von Konrad Bott. Manch eine tr\u00e4gt spitze Dornen, andere zeigen sich samtweich. Manche schie\u00dfen hoch der Sonne entgegen, andere gedeihen nachts und winden sich am Boden: Pflanzen haben K\u00fcnstlerinnen und K\u00fcnstler schon immer fasziniert, auch im Jazz. Und so sind Projekte, Alben und St\u00fccke entstanden, die sich an der Fauna orientieren. Dabei erscheinen die einen anmutig dekorativ, die anderen mit heilenden Kr\u00e4ften. Schlagen Sie sich mit uns durch den Dschungel der kleinen und gro\u00dfen Jazzpflanzen \u2013 es lohnt sich!<\/p>\n<p class=\"western\">18:20 \u2013 19:00 UHR +++ SWR KULTUR<br \/>\n<b>Jazz: Sheroes &amp; New Standards<\/b><\/p>\n<p class=\"western\" style=\"padding-left: 40px;\">Von Maxi Broecking. Von Alice Coltrane bis Carla Bley \u2013 noch immer sind Jazzkomponistinnen kaum im Kanon des Great American Songbook vertreten. Mit \u201eNew Standards \u2013 101 Lead Sheets of Women Composers\u201c hat die Schlagzeugerin, Komponistin und Bandleaderin Terri Lyne Carrington, die in Boston das Institute for Jazz and Gender Justice gr\u00fcndete, ein alternatives Real Book herausgebracht, aus dem wir zum Weltfrauentag einige der herausragenden Werke vorstellen.<\/p>\n<p class=\"western\">22:05:00 +++ \u00d61<br \/>\n<b>Neuigkeiten aus der Welt des Jazz<\/b><\/p>\n<p class=\"western\" style=\"padding-left: 40px;\">Konzertempfehlungen f\u00fcr die kommende Woche, Buchbesprechungen, Kurznachrufe und aktuelle Meldungen.<\/p>\n<p class=\"western\">23:03:30 +++ \u00d61<br \/>\n<strong>Susanna Ridler im Gespr\u00e4ch.\u00a0Ingebrigt H\u00e5ker Flaten (Exit) Knarr beim Jazzfestival Saalfelden 2025. Feministische Stimmen aus der \u00f6sterreichischen Jazzszene zum Internationalen Frauentag<\/strong><\/p>\n<p class=\"western\" style=\"padding-left: 40px;\">Die \u00f6sterreichische Komponistin, Vokalistin und Produzentin Susanna Ridler ver\u00f6ffentlichte k\u00fcrzlich \u201eGreatest Little Hits I + II\u201c auf ihrem eigenen Label Electroland Records.<\/p>\n<p class=\"western\" style=\"padding-left: 40px;\">Die Arbeiten sind eine R\u00fcckschau auf das 2008 erschienene Deb\u00fctalbum [koe:r] und auf die Eigenkompositionen des zweiten [koe:r] Albums \u201eSusystems\u201c, herausgebracht 2012.<\/p>\n<p class=\"western\" style=\"padding-left: 40px;\">Auf Susanna Ridlers Website ist nachzulesen: \u201eDas Album [koe:r] war eine zeitgem\u00e4\u00dfe Auseinandersetzung mit Elektronik, Avantgarde-Pop und Jazz, gepr\u00e4gt von einer melancholisch- downbeatigen \u00c4sthetik im Geist des Trip Hop. Das Ergebnis einer langen Suche, mit der Absicht, Tradition und Moderne zu verkn\u00fcpfen und dabei einen individuellen Stilzugang zu finden\u201c.<\/p>\n<p class=\"western\" style=\"padding-left: 40px;\">Im \u00d61 Jazznacht-Studio spricht sie \u00fcber die Wiederaufnahme und Erweiterung ihres Projekts [koe:r], zudem \u00fcber ihre intensive Auseinandersetzung mit dem \u00f6sterreichischen Schriftsteller Gert Jonke (1946-2009) und ihre musikalische Adaption des Anti-Heimatromans \u201eFretten\u201c von Helena Adler. Dieses Projekt veranlasste Ridler eine neue Klangsprache zu entwickeln und das Ensemble VoCe Plus zu gr\u00fcnden, an dem die Instrumentalistinnen Asja Valcic (Cello), Lena Fankhauser (Viola) und Sophie Hassfurther (Klarinette, Tenorsaxofon, Fl\u00f6te) mitwirken.<\/p>\n<p class=\"western\" style=\"padding-left: 40px;\">In der Konzertschiene der \u00d61 Jazznacht steht ein Mitschnitt vom Jazzfestival Saalfelden 2025 auf dem Programm: Die Band Knarr des norwegischen Bassisten Ingebrigt H\u00e5ker Flaten wurde urspr\u00fcnglich als einmaliger Auftrag f\u00fcr das Vossa Jazz Festival 2021 gegr\u00fcndet, ist aber mittlerweile zu H\u00e5ker Flatens wichtigstem Projekt als Bandleader und Komponist geworden. Am 22. August 2025 gastierte die Band \u2013 mit aktualisierter Besetzung \u2013 auf der Hauptb\u00fchne im Congress Saalfelden und pr\u00e4sentierte ihr zweites Album \u201eBreezy\u201c, ver\u00f6ffentlicht 2024. Es ist der US-amerikanischen Trompeterin Jaimie Branch gewidmet, die 2022 gestorben ist. \u201eBreezy\u201c war Jaimie Branchs Spitzname, und wie der Albumtitel deutlich macht, ist diese Widmung etwas sehr Pers\u00f6nliches. Aber es ist kein Lamento \u00fcber eine brillante K\u00fcnstlerin, die zu jung gestorben ist. \u201eBreezy\u201c ist eine Hommage an das, wof\u00fcr Jaimie Branch stand: aufregende neue Musik, die Risiken einging, sich ins Unbekannte st\u00fcrzte und dabei gro\u00dfen Spa\u00df und Erfolg hatte.<\/p>\n<p class=\"western\" style=\"padding-left: 40px;\">H\u00e5ker Flaten wurde in Saalfelden von den Saxofonist:innen Amalie Dahl und Karl Hjalmar Nyberg, Marta Warelis am Klavier, Jonathan F. Horne an der Gitarre und Olaf Olsen am Schlagzeug begleitet.<\/p>\n<p class=\"western\" style=\"padding-left: 40px;\">Au\u00dferdem in dieser \u00d61 Jazznacht: Feministische Stimmen aus der \u00f6sterreichischen Jazzszene zum Internationalen Frauentag am 08. M\u00e4rz 2026.<\/p>\n<hr \/>\n<h2 class=\"western\">so \u2013 08.03.2026<\/h2>\n<hr \/>\n<p class=\"western\">00:05:00 +++ \u00d61<br \/>\n<b>(Fortsetzung) Ingebrigt H\u00e5ker Flaten (Exit) Knarr beim Jazzfestival Saalfelden 2025 \u2013 Feministische Stimmen aus der \u00f6sterreichischen Jazzszene zum Internationalen Frauentag<\/b>.<\/p>\n<p class=\"western\">17:10:00 +++ \u00d61<br \/>\n<b>Akkordeonistinnen aus aller Welt zum Internationalen Frauentag<\/b><\/p>\n<p class=\"western\" style=\"padding-left: 40px;\">Anl\u00e4sslich des Internationalen Frauentags am 8. M\u00e4rz stehen die \u201eSpielr\u00e4ume Spezial\u201c ganz im Zeichen \u00f6sterreichischer und internationaler Akkordeonistinnen. Das Akkordeon \u2013 Instrument des Jahres 2026 \u2013 ist irgendwo zwischen Volksmusik, Jazz, Klezmer und zeitgen\u00f6ssischer Musik verortet und zeigt sich dabei als facettenreiches Instrument mit gro\u00dfer Bandbreite. Internationale Gr\u00f6\u00dfen wie Maria Kalaniemi, Johanna Juhola oder L\u00edvia Mattos stehen ebenso f\u00fcr die Vielfalt des Akkordeons wie herausragende \u00f6sterreichische Musikerinnen, darunter Marie-Theres Stickler, Heidelinde Gratzl, Franziska Hatz oder Nachwuchsakkordeonistin Pia Madlener u.v.m. Auch beim aktuell laufenden 27. Internationalen Akkordeonfestival zeigt sich deutlich, dass Akkordeonistinnen nicht mehr aus dem Programm wegzudenken sind.<\/p>\n<p class=\"western\" style=\"padding-left: 40px;\">Die \u201eSpielr\u00e4ume Spezial\u201c mit einer musikalischen Entdeckungsreise, die internationale und heimische Akkordeonistinnen ins Zentrum stellt.<\/p>\n<p class=\"western\">23:03:00 +++ \u00d61<br \/>\n<strong>Zeit-Ton Magazin: R\u00fcckblick, Vorschau und aktuelle Ver\u00f6ffentlichungen<\/strong><\/p>\n<p class=\"western\" style=\"padding-left: 40px;\">Jeden Sonntag pr\u00e4sentieren wir Ihnen in der ersten Zeit-Ton-Stunde ausgesuchte Veranstaltungstipps f\u00fcr die kommenden sieben Tage und spannende Neuver\u00f6ffentlichungen. Gestaltung: Susanna Niedermayr<\/p>\n<p class=\"western\">23:03 bis 00:00 Uhr +++ BR-KLASSIK<br \/>\n<b>Musik der Welt: \u201eDas Leben ehren\u201c. Die argentinische Komponistin und Tangos\u00e4ngerin Eladia Bl\u00e1zquez<\/b><\/p>\n<p class=\"western\" style=\"padding-left: 40px;\">Als Komponistin hat sie dem Tango neues Leben eingehaucht zu einer Zeit, als diese Musik an Popularit\u00e4t verlor. Als Lyrikern hat sie ein St\u00fcck des wahren Lebens in ein Genre gebracht, das sich allzu gerne in Sehnsucht verzehrte. Und als S\u00e4ngerin fand sie genau die richtige Mischung aus Pathos und Nat\u00fcrlichkeit. Au\u00dferdem war Eladia Bl\u00e1zquez Pianistin und Gitarristin. Eine Allroundk\u00fcnstlerin. Sie war das, was man eine Cantautora nennt. Das deutsche \u201eLiedermacherin\u201c oder das englische \u201eSinger-Songwriter\u201c trifft es nur zum Teil. In der Tangoszene der sp\u00e4ten 1960er Jahre war das etwas ganz Neues. Das Portr\u00e4t einer au\u00dferhalb Argentiniens kaum bekannten K\u00fcnstlerin, deren Musik die in Chile geborene und in Berlin lebende S\u00e4ngerin Ana-Josefina Nickel\u00e9 und der argentinische Gitarrist Federico D\u2019Attellis in Konzerten und mit Aufnahmen auch einem deutschen Publikum vorstellen m\u00f6chten. Eine Sendung von Florian Heurich<\/p>\n","protected":false},"excerpt":{"rendered":"<p>Jazz im Radio \u2013 Jeden Sonntag gibt es um 12 Uhr unsere \u00dcbersicht f\u00fcr die jeweils nachfolgende Woche. Die #Jazz-Radiowoche vom 02.03.26 bis zum 08.03.26. Erheblich d\u00fcnn! Auch als PDF zum Download \u2013 #Jazz #JazzZeitung #Radio #Radiowoche \u2013 Ein Service unserer Online-Redaktion.<\/p>\n","protected":false},"author":1,"featured_media":33705,"comment_status":"open","ping_status":"closed","sticky":false,"template":"","format":"standard","meta":{"_jetpack_memberships_contains_paid_content":false,"footnotes":"","jetpack_publicize_message":"","jetpack_publicize_feature_enabled":true,"jetpack_social_post_already_shared":true,"jetpack_social_options":{"image_generator_settings":{"template":"highway","default_image_id":0,"font":"","enabled":false},"version":2}},"categories":[633,452],"tags":[3773,1629],"coauthors":[650],"class_list":["post-33704","post","type-post","status-publish","format-standard","has-post-thumbnail","hentry","category-nachrichten","category-radio","tag-die-radiowoche","tag-jazz-im-radio"],"yoast_head":"<!-- This site is optimized with the Yoast SEO plugin v27.5 - https:\/\/yoast.com\/product\/yoast-seo-wordpress\/ -->\n<title>Die Jazz-Radiowoche mit dem Weltfrauentag vom 02.03.2026 bis 08.03.2026 - JazzZeitung<\/title>\n<meta name=\"robots\" content=\"index, follow, max-snippet:-1, max-image-preview:large, max-video-preview:-1\" \/>\n<link rel=\"canonical\" href=\"https:\/\/www.jazzzeitung.de\/cms\/2026\/03\/die-jazz-radiowoche-mit-dem-weltfrauentag-vom-02-03-2026-bis-08-03-2026\/\" \/>\n<meta property=\"og:locale\" content=\"de_DE\" \/>\n<meta property=\"og:type\" content=\"article\" \/>\n<meta property=\"og:title\" content=\"Die Jazz-Radiowoche mit dem Weltfrauentag vom 02.03.2026 bis 08.03.2026 - JazzZeitung\" \/>\n<meta property=\"og:description\" content=\"Jazz im Radio \u2013 Jeden Sonntag gibt es um 12 Uhr unsere \u00dcbersicht f\u00fcr die jeweils nachfolgende Woche. Die #Jazz-Radiowoche vom 02.03.26 bis zum 08.03.26. Erheblich d\u00fcnn! Auch als PDF zum Download \u2013 #Jazz #JazzZeitung #Radio #Radiowoche \u2013 Ein Service unserer Online-Redaktion.\" \/>\n<meta property=\"og:url\" content=\"https:\/\/www.jazzzeitung.de\/cms\/2026\/03\/die-jazz-radiowoche-mit-dem-weltfrauentag-vom-02-03-2026-bis-08-03-2026\/\" \/>\n<meta property=\"og:site_name\" content=\"JazzZeitung\" \/>\n<meta property=\"article:publisher\" content=\"https:\/\/www.facebook.com\/JazzZeitung\/\" \/>\n<meta property=\"article:author\" content=\"https:\/\/www.facebook.com\/hufner\" \/>\n<meta property=\"article:published_time\" content=\"2026-03-01T11:00:19+00:00\" \/>\n<meta property=\"og:image\" content=\"https:\/\/i0.wp.com\/www.jazzzeitung.de\/cms\/wp-content\/uploads\/2026\/02\/polarlicht0120-scaled.jpg?fit=1920%2C2560&ssl=1\" \/>\n\t<meta property=\"og:image:width\" content=\"1920\" \/>\n\t<meta property=\"og:image:height\" content=\"2560\" \/>\n\t<meta property=\"og:image:type\" content=\"image\/jpeg\" \/>\n<meta name=\"author\" content=\"Martin Hufner\" \/>\n<script type=\"application\/ld+json\" class=\"yoast-schema-graph\">{\"@context\":\"https:\\\/\\\/schema.org\",\"@graph\":[{\"@type\":\"Article\",\"@id\":\"https:\\\/\\\/www.jazzzeitung.de\\\/cms\\\/2026\\\/03\\\/die-jazz-radiowoche-mit-dem-weltfrauentag-vom-02-03-2026-bis-08-03-2026\\\/#article\",\"isPartOf\":{\"@id\":\"https:\\\/\\\/www.jazzzeitung.de\\\/cms\\\/2026\\\/03\\\/die-jazz-radiowoche-mit-dem-weltfrauentag-vom-02-03-2026-bis-08-03-2026\\\/\"},\"author\":{\"name\":\"Martin Hufner\",\"@id\":\"https:\\\/\\\/www.jazzzeitung.de\\\/cms\\\/#\\\/schema\\\/person\\\/b9a4e5ac765d94fb8f617bfa8f1fc5f7\"},\"headline\":\"Die Jazz-Radiowoche mit dem Weltfrauentag vom 02.03.2026 bis 08.03.2026\",\"datePublished\":\"2026-03-01T11:00:19+00:00\",\"mainEntityOfPage\":{\"@id\":\"https:\\\/\\\/www.jazzzeitung.de\\\/cms\\\/2026\\\/03\\\/die-jazz-radiowoche-mit-dem-weltfrauentag-vom-02-03-2026-bis-08-03-2026\\\/\"},\"wordCount\":2623,\"commentCount\":0,\"publisher\":{\"@id\":\"https:\\\/\\\/www.jazzzeitung.de\\\/cms\\\/#organization\"},\"image\":{\"@id\":\"https:\\\/\\\/www.jazzzeitung.de\\\/cms\\\/2026\\\/03\\\/die-jazz-radiowoche-mit-dem-weltfrauentag-vom-02-03-2026-bis-08-03-2026\\\/#primaryimage\"},\"thumbnailUrl\":\"https:\\\/\\\/i0.wp.com\\\/www.jazzzeitung.de\\\/cms\\\/wp-content\\\/uploads\\\/2026\\\/02\\\/polarlicht0120-scaled.jpg?fit=1920%2C2560&ssl=1\",\"keywords\":[\"Die Radiowoche\",\"Jazz im Radio\"],\"articleSection\":[\"News\",\"Radio\"],\"inLanguage\":\"de\",\"potentialAction\":[{\"@type\":\"CommentAction\",\"name\":\"Comment\",\"target\":[\"https:\\\/\\\/www.jazzzeitung.de\\\/cms\\\/2026\\\/03\\\/die-jazz-radiowoche-mit-dem-weltfrauentag-vom-02-03-2026-bis-08-03-2026\\\/#respond\"]}]},{\"@type\":\"WebPage\",\"@id\":\"https:\\\/\\\/www.jazzzeitung.de\\\/cms\\\/2026\\\/03\\\/die-jazz-radiowoche-mit-dem-weltfrauentag-vom-02-03-2026-bis-08-03-2026\\\/\",\"url\":\"https:\\\/\\\/www.jazzzeitung.de\\\/cms\\\/2026\\\/03\\\/die-jazz-radiowoche-mit-dem-weltfrauentag-vom-02-03-2026-bis-08-03-2026\\\/\",\"name\":\"Die Jazz-Radiowoche mit dem Weltfrauentag vom 02.03.2026 bis 08.03.2026 - JazzZeitung\",\"isPartOf\":{\"@id\":\"https:\\\/\\\/www.jazzzeitung.de\\\/cms\\\/#website\"},\"primaryImageOfPage\":{\"@id\":\"https:\\\/\\\/www.jazzzeitung.de\\\/cms\\\/2026\\\/03\\\/die-jazz-radiowoche-mit-dem-weltfrauentag-vom-02-03-2026-bis-08-03-2026\\\/#primaryimage\"},\"image\":{\"@id\":\"https:\\\/\\\/www.jazzzeitung.de\\\/cms\\\/2026\\\/03\\\/die-jazz-radiowoche-mit-dem-weltfrauentag-vom-02-03-2026-bis-08-03-2026\\\/#primaryimage\"},\"thumbnailUrl\":\"https:\\\/\\\/i0.wp.com\\\/www.jazzzeitung.de\\\/cms\\\/wp-content\\\/uploads\\\/2026\\\/02\\\/polarlicht0120-scaled.jpg?fit=1920%2C2560&ssl=1\",\"datePublished\":\"2026-03-01T11:00:19+00:00\",\"breadcrumb\":{\"@id\":\"https:\\\/\\\/www.jazzzeitung.de\\\/cms\\\/2026\\\/03\\\/die-jazz-radiowoche-mit-dem-weltfrauentag-vom-02-03-2026-bis-08-03-2026\\\/#breadcrumb\"},\"inLanguage\":\"de\",\"potentialAction\":[{\"@type\":\"ReadAction\",\"target\":[\"https:\\\/\\\/www.jazzzeitung.de\\\/cms\\\/2026\\\/03\\\/die-jazz-radiowoche-mit-dem-weltfrauentag-vom-02-03-2026-bis-08-03-2026\\\/\"]}]},{\"@type\":\"ImageObject\",\"inLanguage\":\"de\",\"@id\":\"https:\\\/\\\/www.jazzzeitung.de\\\/cms\\\/2026\\\/03\\\/die-jazz-radiowoche-mit-dem-weltfrauentag-vom-02-03-2026-bis-08-03-2026\\\/#primaryimage\",\"url\":\"https:\\\/\\\/i0.wp.com\\\/www.jazzzeitung.de\\\/cms\\\/wp-content\\\/uploads\\\/2026\\\/02\\\/polarlicht0120-scaled.jpg?fit=1920%2C2560&ssl=1\",\"contentUrl\":\"https:\\\/\\\/i0.wp.com\\\/www.jazzzeitung.de\\\/cms\\\/wp-content\\\/uploads\\\/2026\\\/02\\\/polarlicht0120-scaled.jpg?fit=1920%2C2560&ssl=1\",\"width\":1920,\"height\":2560,\"caption\":\"M\u00e4rz kann kommen. Foto: Hufner\"},{\"@type\":\"BreadcrumbList\",\"@id\":\"https:\\\/\\\/www.jazzzeitung.de\\\/cms\\\/2026\\\/03\\\/die-jazz-radiowoche-mit-dem-weltfrauentag-vom-02-03-2026-bis-08-03-2026\\\/#breadcrumb\",\"itemListElement\":[{\"@type\":\"ListItem\",\"position\":1,\"name\":\"Startseite\",\"item\":\"https:\\\/\\\/www.jazzzeitung.de\\\/cms\\\/\"},{\"@type\":\"ListItem\",\"position\":2,\"name\":\"Die Jazz-Radiowoche mit dem Weltfrauentag vom 02.03.2026 bis 08.03.2026\"}]},{\"@type\":\"WebSite\",\"@id\":\"https:\\\/\\\/www.jazzzeitung.de\\\/cms\\\/#website\",\"url\":\"https:\\\/\\\/www.jazzzeitung.de\\\/cms\\\/\",\"name\":\"JazzZeitung\",\"description\":\"Jazz-News und Jazz-Kontroverses\",\"publisher\":{\"@id\":\"https:\\\/\\\/www.jazzzeitung.de\\\/cms\\\/#organization\"},\"potentialAction\":[{\"@type\":\"SearchAction\",\"target\":{\"@type\":\"EntryPoint\",\"urlTemplate\":\"https:\\\/\\\/www.jazzzeitung.de\\\/cms\\\/?s={search_term_string}\"},\"query-input\":{\"@type\":\"PropertyValueSpecification\",\"valueRequired\":true,\"valueName\":\"search_term_string\"}}],\"inLanguage\":\"de\"},{\"@type\":\"Organization\",\"@id\":\"https:\\\/\\\/www.jazzzeitung.de\\\/cms\\\/#organization\",\"name\":\"JazzZeitung online\",\"url\":\"https:\\\/\\\/www.jazzzeitung.de\\\/cms\\\/\",\"logo\":{\"@type\":\"ImageObject\",\"inLanguage\":\"de\",\"@id\":\"https:\\\/\\\/www.jazzzeitung.de\\\/cms\\\/#\\\/schema\\\/logo\\\/image\\\/\",\"url\":\"https:\\\/\\\/i0.wp.com\\\/www.jazzzeitung.de\\\/cms\\\/wp-content\\\/uploads\\\/2015\\\/08\\\/JAZZZEITUNGDE_Logo_Neu.png?fit=499%2C200&ssl=1\",\"contentUrl\":\"https:\\\/\\\/i0.wp.com\\\/www.jazzzeitung.de\\\/cms\\\/wp-content\\\/uploads\\\/2015\\\/08\\\/JAZZZEITUNGDE_Logo_Neu.png?fit=499%2C200&ssl=1\",\"width\":499,\"height\":200,\"caption\":\"JazzZeitung online\"},\"image\":{\"@id\":\"https:\\\/\\\/www.jazzzeitung.de\\\/cms\\\/#\\\/schema\\\/logo\\\/image\\\/\"},\"sameAs\":[\"https:\\\/\\\/www.facebook.com\\\/JazzZeitung\\\/\"]},{\"@type\":\"Person\",\"@id\":\"https:\\\/\\\/www.jazzzeitung.de\\\/cms\\\/#\\\/schema\\\/person\\\/b9a4e5ac765d94fb8f617bfa8f1fc5f7\",\"name\":\"Martin Hufner\",\"image\":{\"@type\":\"ImageObject\",\"inLanguage\":\"de\",\"@id\":\"https:\\\/\\\/i0.wp.com\\\/www.jazzzeitung.de\\\/cms\\\/wp-content\\\/uploads\\\/2013\\\/07\\\/huf-06.jpg?resize=96%2C96&ssl=15fcc31aa94540751a3b804516452be00\",\"url\":\"https:\\\/\\\/i0.wp.com\\\/www.jazzzeitung.de\\\/cms\\\/wp-content\\\/uploads\\\/2013\\\/07\\\/huf-06.jpg?resize=96%2C96&ssl=1\",\"contentUrl\":\"https:\\\/\\\/i0.wp.com\\\/www.jazzzeitung.de\\\/cms\\\/wp-content\\\/uploads\\\/2013\\\/07\\\/huf-06.jpg?resize=96%2C96&ssl=1\",\"caption\":\"Martin Hufner\"},\"description\":\"Martin Hufner ist freier Autor der JazzZeitung.\",\"sameAs\":[\"https:\\\/\\\/www.kritische-masse.de\\\/logbuch\",\"https:\\\/\\\/www.facebook.com\\\/hufner\"],\"url\":\"https:\\\/\\\/www.jazzzeitung.de\\\/cms\\\/author\\\/admin\\\/\"}]}<\/script>\n<!-- \/ Yoast SEO plugin. -->","yoast_head_json":{"title":"Die Jazz-Radiowoche mit dem Weltfrauentag vom 02.03.2026 bis 08.03.2026 - JazzZeitung","robots":{"index":"index","follow":"follow","max-snippet":"max-snippet:-1","max-image-preview":"max-image-preview:large","max-video-preview":"max-video-preview:-1"},"canonical":"https:\/\/www.jazzzeitung.de\/cms\/2026\/03\/die-jazz-radiowoche-mit-dem-weltfrauentag-vom-02-03-2026-bis-08-03-2026\/","og_locale":"de_DE","og_type":"article","og_title":"Die Jazz-Radiowoche mit dem Weltfrauentag vom 02.03.2026 bis 08.03.2026 - JazzZeitung","og_description":"Jazz im Radio \u2013 Jeden Sonntag gibt es um 12 Uhr unsere \u00dcbersicht f\u00fcr die jeweils nachfolgende Woche. Die #Jazz-Radiowoche vom 02.03.26 bis zum 08.03.26. Erheblich d\u00fcnn! Auch als PDF zum Download \u2013 #Jazz #JazzZeitung #Radio #Radiowoche \u2013 Ein Service unserer Online-Redaktion.","og_url":"https:\/\/www.jazzzeitung.de\/cms\/2026\/03\/die-jazz-radiowoche-mit-dem-weltfrauentag-vom-02-03-2026-bis-08-03-2026\/","og_site_name":"JazzZeitung","article_publisher":"https:\/\/www.facebook.com\/JazzZeitung\/","article_author":"https:\/\/www.facebook.com\/hufner","article_published_time":"2026-03-01T11:00:19+00:00","og_image":[{"width":1920,"height":2560,"url":"https:\/\/i0.wp.com\/www.jazzzeitung.de\/cms\/wp-content\/uploads\/2026\/02\/polarlicht0120-scaled.jpg?fit=1920%2C2560&ssl=1","type":"image\/jpeg"}],"author":"Martin Hufner","schema":{"@context":"https:\/\/schema.org","@graph":[{"@type":"Article","@id":"https:\/\/www.jazzzeitung.de\/cms\/2026\/03\/die-jazz-radiowoche-mit-dem-weltfrauentag-vom-02-03-2026-bis-08-03-2026\/#article","isPartOf":{"@id":"https:\/\/www.jazzzeitung.de\/cms\/2026\/03\/die-jazz-radiowoche-mit-dem-weltfrauentag-vom-02-03-2026-bis-08-03-2026\/"},"author":{"name":"Martin Hufner","@id":"https:\/\/www.jazzzeitung.de\/cms\/#\/schema\/person\/b9a4e5ac765d94fb8f617bfa8f1fc5f7"},"headline":"Die Jazz-Radiowoche mit dem Weltfrauentag vom 02.03.2026 bis 08.03.2026","datePublished":"2026-03-01T11:00:19+00:00","mainEntityOfPage":{"@id":"https:\/\/www.jazzzeitung.de\/cms\/2026\/03\/die-jazz-radiowoche-mit-dem-weltfrauentag-vom-02-03-2026-bis-08-03-2026\/"},"wordCount":2623,"commentCount":0,"publisher":{"@id":"https:\/\/www.jazzzeitung.de\/cms\/#organization"},"image":{"@id":"https:\/\/www.jazzzeitung.de\/cms\/2026\/03\/die-jazz-radiowoche-mit-dem-weltfrauentag-vom-02-03-2026-bis-08-03-2026\/#primaryimage"},"thumbnailUrl":"https:\/\/i0.wp.com\/www.jazzzeitung.de\/cms\/wp-content\/uploads\/2026\/02\/polarlicht0120-scaled.jpg?fit=1920%2C2560&ssl=1","keywords":["Die Radiowoche","Jazz im Radio"],"articleSection":["News","Radio"],"inLanguage":"de","potentialAction":[{"@type":"CommentAction","name":"Comment","target":["https:\/\/www.jazzzeitung.de\/cms\/2026\/03\/die-jazz-radiowoche-mit-dem-weltfrauentag-vom-02-03-2026-bis-08-03-2026\/#respond"]}]},{"@type":"WebPage","@id":"https:\/\/www.jazzzeitung.de\/cms\/2026\/03\/die-jazz-radiowoche-mit-dem-weltfrauentag-vom-02-03-2026-bis-08-03-2026\/","url":"https:\/\/www.jazzzeitung.de\/cms\/2026\/03\/die-jazz-radiowoche-mit-dem-weltfrauentag-vom-02-03-2026-bis-08-03-2026\/","name":"Die Jazz-Radiowoche mit dem Weltfrauentag vom 02.03.2026 bis 08.03.2026 - JazzZeitung","isPartOf":{"@id":"https:\/\/www.jazzzeitung.de\/cms\/#website"},"primaryImageOfPage":{"@id":"https:\/\/www.jazzzeitung.de\/cms\/2026\/03\/die-jazz-radiowoche-mit-dem-weltfrauentag-vom-02-03-2026-bis-08-03-2026\/#primaryimage"},"image":{"@id":"https:\/\/www.jazzzeitung.de\/cms\/2026\/03\/die-jazz-radiowoche-mit-dem-weltfrauentag-vom-02-03-2026-bis-08-03-2026\/#primaryimage"},"thumbnailUrl":"https:\/\/i0.wp.com\/www.jazzzeitung.de\/cms\/wp-content\/uploads\/2026\/02\/polarlicht0120-scaled.jpg?fit=1920%2C2560&ssl=1","datePublished":"2026-03-01T11:00:19+00:00","breadcrumb":{"@id":"https:\/\/www.jazzzeitung.de\/cms\/2026\/03\/die-jazz-radiowoche-mit-dem-weltfrauentag-vom-02-03-2026-bis-08-03-2026\/#breadcrumb"},"inLanguage":"de","potentialAction":[{"@type":"ReadAction","target":["https:\/\/www.jazzzeitung.de\/cms\/2026\/03\/die-jazz-radiowoche-mit-dem-weltfrauentag-vom-02-03-2026-bis-08-03-2026\/"]}]},{"@type":"ImageObject","inLanguage":"de","@id":"https:\/\/www.jazzzeitung.de\/cms\/2026\/03\/die-jazz-radiowoche-mit-dem-weltfrauentag-vom-02-03-2026-bis-08-03-2026\/#primaryimage","url":"https:\/\/i0.wp.com\/www.jazzzeitung.de\/cms\/wp-content\/uploads\/2026\/02\/polarlicht0120-scaled.jpg?fit=1920%2C2560&ssl=1","contentUrl":"https:\/\/i0.wp.com\/www.jazzzeitung.de\/cms\/wp-content\/uploads\/2026\/02\/polarlicht0120-scaled.jpg?fit=1920%2C2560&ssl=1","width":1920,"height":2560,"caption":"M\u00e4rz kann kommen. Foto: Hufner"},{"@type":"BreadcrumbList","@id":"https:\/\/www.jazzzeitung.de\/cms\/2026\/03\/die-jazz-radiowoche-mit-dem-weltfrauentag-vom-02-03-2026-bis-08-03-2026\/#breadcrumb","itemListElement":[{"@type":"ListItem","position":1,"name":"Startseite","item":"https:\/\/www.jazzzeitung.de\/cms\/"},{"@type":"ListItem","position":2,"name":"Die Jazz-Radiowoche mit dem Weltfrauentag vom 02.03.2026 bis 08.03.2026"}]},{"@type":"WebSite","@id":"https:\/\/www.jazzzeitung.de\/cms\/#website","url":"https:\/\/www.jazzzeitung.de\/cms\/","name":"JazzZeitung","description":"Jazz-News und Jazz-Kontroverses","publisher":{"@id":"https:\/\/www.jazzzeitung.de\/cms\/#organization"},"potentialAction":[{"@type":"SearchAction","target":{"@type":"EntryPoint","urlTemplate":"https:\/\/www.jazzzeitung.de\/cms\/?s={search_term_string}"},"query-input":{"@type":"PropertyValueSpecification","valueRequired":true,"valueName":"search_term_string"}}],"inLanguage":"de"},{"@type":"Organization","@id":"https:\/\/www.jazzzeitung.de\/cms\/#organization","name":"JazzZeitung online","url":"https:\/\/www.jazzzeitung.de\/cms\/","logo":{"@type":"ImageObject","inLanguage":"de","@id":"https:\/\/www.jazzzeitung.de\/cms\/#\/schema\/logo\/image\/","url":"https:\/\/i0.wp.com\/www.jazzzeitung.de\/cms\/wp-content\/uploads\/2015\/08\/JAZZZEITUNGDE_Logo_Neu.png?fit=499%2C200&ssl=1","contentUrl":"https:\/\/i0.wp.com\/www.jazzzeitung.de\/cms\/wp-content\/uploads\/2015\/08\/JAZZZEITUNGDE_Logo_Neu.png?fit=499%2C200&ssl=1","width":499,"height":200,"caption":"JazzZeitung online"},"image":{"@id":"https:\/\/www.jazzzeitung.de\/cms\/#\/schema\/logo\/image\/"},"sameAs":["https:\/\/www.facebook.com\/JazzZeitung\/"]},{"@type":"Person","@id":"https:\/\/www.jazzzeitung.de\/cms\/#\/schema\/person\/b9a4e5ac765d94fb8f617bfa8f1fc5f7","name":"Martin Hufner","image":{"@type":"ImageObject","inLanguage":"de","@id":"https:\/\/i0.wp.com\/www.jazzzeitung.de\/cms\/wp-content\/uploads\/2013\/07\/huf-06.jpg?resize=96%2C96&ssl=15fcc31aa94540751a3b804516452be00","url":"https:\/\/i0.wp.com\/www.jazzzeitung.de\/cms\/wp-content\/uploads\/2013\/07\/huf-06.jpg?resize=96%2C96&ssl=1","contentUrl":"https:\/\/i0.wp.com\/www.jazzzeitung.de\/cms\/wp-content\/uploads\/2013\/07\/huf-06.jpg?resize=96%2C96&ssl=1","caption":"Martin Hufner"},"description":"Martin Hufner ist freier Autor der JazzZeitung.","sameAs":["https:\/\/www.kritische-masse.de\/logbuch","https:\/\/www.facebook.com\/hufner"],"url":"https:\/\/www.jazzzeitung.de\/cms\/author\/admin\/"}]}},"wp-worthy-pixel":{"ignored":true,"public":null,"server":null,"url":null},"wp-worthy-type":"normal","jetpack_publicize_connections":[],"cc_featured_image_caption":{"caption_text":"M\u00e4rz kann kommen. ","source_text":"Foto: Martin Hufner","source_url":"https:\/\/www.kritische-masse.de\/logbuch\/"},"jetpack_featured_media_url":"https:\/\/i0.wp.com\/www.jazzzeitung.de\/cms\/wp-content\/uploads\/2026\/02\/polarlicht0120-scaled.jpg?fit=1920%2C2560&ssl=1","jetpack_shortlink":"https:\/\/wp.me\/p3KEcT-8LC","jetpack-related-posts":[{"id":22236,"url":"https:\/\/www.jazzzeitung.de\/cms\/2020\/03\/die-jazz-radiowoche-vom-30-03-20-bis-05-04-20\/","url_meta":{"origin":33704,"position":0},"title":"Die Jazz-Radiowoche vom 30.03.20 bis 05.04.20","author":"Martin Hufner","date":"29. M\u00e4rz 2020","format":false,"excerpt":"Ein kleiner Blick in die Jazzwoche 14 im Radio. Alle Angaben ohne Gew\u00e4hr. Jazz im Radio (Fernsehen) SR2 \u2013 JazzNow \u2013 Sonntags von 20.04 bis 22.30 Uhr BR-KLASSIK \u2013 Jazztime \u2013 Von Montag bis Freitag t\u00e4glich um 23.05 Uhr rbb-kultur \u2013 Late Night Jazz \u2013 Sa und So 23:04 \u2013\u2026","rel":"","context":"In &quot;News&quot;","block_context":{"text":"News","link":"https:\/\/www.jazzzeitung.de\/cms\/thema\/nachrichten\/"},"img":{"alt_text":"Jazz im Radio. Foto: Hufner","src":"https:\/\/i0.wp.com\/www.jazzzeitung.de\/cms\/wp-content\/uploads\/2019\/03\/jazz_im_radio.jpg?fit=1200%2C773&ssl=1&resize=350%2C200","width":350,"height":200,"srcset":"https:\/\/i0.wp.com\/www.jazzzeitung.de\/cms\/wp-content\/uploads\/2019\/03\/jazz_im_radio.jpg?fit=1200%2C773&ssl=1&resize=350%2C200 1x, https:\/\/i0.wp.com\/www.jazzzeitung.de\/cms\/wp-content\/uploads\/2019\/03\/jazz_im_radio.jpg?fit=1200%2C773&ssl=1&resize=525%2C300 1.5x, https:\/\/i0.wp.com\/www.jazzzeitung.de\/cms\/wp-content\/uploads\/2019\/03\/jazz_im_radio.jpg?fit=1200%2C773&ssl=1&resize=700%2C400 2x, https:\/\/i0.wp.com\/www.jazzzeitung.de\/cms\/wp-content\/uploads\/2019\/03\/jazz_im_radio.jpg?fit=1200%2C773&ssl=1&resize=1050%2C600 3x"},"classes":[]},{"id":23939,"url":"https:\/\/www.jazzzeitung.de\/cms\/2020\/12\/die-jazz-radiowoche-vom-7-12-20-bis-13-12-2020\/","url_meta":{"origin":33704,"position":1},"title":"Die Jazz-Radiowoche vom 7.12.20 bis 13.12.2020","author":"Martin Hufner","date":"6. Dezember 2020","format":false,"excerpt":"Ein kleiner Blick in die Jazzwoche 50 im Radio. Der ist dieses mal so klein, es steht da n\u00e4mlich gar nichts drin.Grund daf\u00fcr: Die Suchmaschine f\u00fcr Radiosendungen der ARD gibt am dem 7.12.2020 keine Ergebnisse heraus. Versuche der Kontaktaufnahme mit der ARD sind ohne Echo verhallt. Aktuell bleibt es bei\u2026","rel":"","context":"In &quot;News&quot;","block_context":{"text":"News","link":"https:\/\/www.jazzzeitung.de\/cms\/thema\/nachrichten\/"},"img":{"alt_text":"Jazz im Radio. Foto: Hufner","src":"https:\/\/i0.wp.com\/www.jazzzeitung.de\/cms\/wp-content\/uploads\/2019\/03\/jazz_im_radio.jpg?fit=1200%2C773&ssl=1&resize=350%2C200","width":350,"height":200,"srcset":"https:\/\/i0.wp.com\/www.jazzzeitung.de\/cms\/wp-content\/uploads\/2019\/03\/jazz_im_radio.jpg?fit=1200%2C773&ssl=1&resize=350%2C200 1x, https:\/\/i0.wp.com\/www.jazzzeitung.de\/cms\/wp-content\/uploads\/2019\/03\/jazz_im_radio.jpg?fit=1200%2C773&ssl=1&resize=525%2C300 1.5x, https:\/\/i0.wp.com\/www.jazzzeitung.de\/cms\/wp-content\/uploads\/2019\/03\/jazz_im_radio.jpg?fit=1200%2C773&ssl=1&resize=700%2C400 2x, https:\/\/i0.wp.com\/www.jazzzeitung.de\/cms\/wp-content\/uploads\/2019\/03\/jazz_im_radio.jpg?fit=1200%2C773&ssl=1&resize=1050%2C600 3x"},"classes":[]},{"id":23982,"url":"https:\/\/www.jazzzeitung.de\/cms\/2020\/12\/die-jazz-radiowoche-vom-14-12-20-bis-31-12-2020\/","url_meta":{"origin":33704,"position":2},"title":"Die Jazz-Radiowoche vom 14.12.20 bis 31.12.2020","author":"Martin Hufner","date":"13. Dezember 2020","format":false,"excerpt":"Ein kleiner Blick in Restmonat. Die Suchmaschine der ARD hat ihren Dienst am 7.12.2020 eingestellt. Nachfragen haben nur gezeigt, dass die Veranwortlichen kein Interesse daran haben, das zu kommunizieren. Weder ist herauszubekommen, wer das veranlasst hat noch warum. Danke ARD! F\u00fcr nichts. Jetzt schauen wir mal, wie es weiter geht.\u2026","rel":"","context":"In &quot;News&quot;","block_context":{"text":"News","link":"https:\/\/www.jazzzeitung.de\/cms\/thema\/nachrichten\/"},"img":{"alt_text":"Jazz im Radio. Foto: Hufner","src":"https:\/\/i0.wp.com\/www.jazzzeitung.de\/cms\/wp-content\/uploads\/2019\/03\/jazz_im_radio.jpg?fit=1200%2C773&ssl=1&resize=350%2C200","width":350,"height":200,"srcset":"https:\/\/i0.wp.com\/www.jazzzeitung.de\/cms\/wp-content\/uploads\/2019\/03\/jazz_im_radio.jpg?fit=1200%2C773&ssl=1&resize=350%2C200 1x, https:\/\/i0.wp.com\/www.jazzzeitung.de\/cms\/wp-content\/uploads\/2019\/03\/jazz_im_radio.jpg?fit=1200%2C773&ssl=1&resize=525%2C300 1.5x, https:\/\/i0.wp.com\/www.jazzzeitung.de\/cms\/wp-content\/uploads\/2019\/03\/jazz_im_radio.jpg?fit=1200%2C773&ssl=1&resize=700%2C400 2x, https:\/\/i0.wp.com\/www.jazzzeitung.de\/cms\/wp-content\/uploads\/2019\/03\/jazz_im_radio.jpg?fit=1200%2C773&ssl=1&resize=1050%2C600 3x"},"classes":[]},{"id":33138,"url":"https:\/\/www.jazzzeitung.de\/cms\/2025\/09\/die-atomgrosse-jazz-radiowoche-vom-29-09-2025-bis-05-10-2025\/","url_meta":{"origin":33704,"position":3},"title":"Die atomgro\u00dfe Jazz-Radiowoche vom 29.09.2025 bis 05.10.2025","author":"Martin Hufner","date":"28. September 2025","format":false,"excerpt":"Jazz im Radio \u2013 Jeden Sonntag gibt es um 12 Uhr unsere \u00dcbersicht f\u00fcr die jeweils nachfolgende Woche. Die #Jazz-Radiowoche vom 29.09. bis zum 05.10.2025. Erheblich d\u00fcnn! Auch als PDF zum Download \u2013 #Jazz #JazzZeitung #Radio #Radiowoche \u2013 Ein Service unserer Online-Redaktion.","rel":"","context":"In &quot;News&quot;","block_context":{"text":"News","link":"https:\/\/www.jazzzeitung.de\/cms\/thema\/nachrichten\/"},"img":{"alt_text":"Botanische Supernova mit schwarzem Loch in der Na\u0308he von Terra Nova. Foto: Hufner","src":"https:\/\/i0.wp.com\/www.jazzzeitung.de\/cms\/wp-content\/uploads\/2025\/09\/Botanische-Supernova-mit-schwarzem-Loch-in-der-Naehe-von-Terra-Nova.jpg?fit=1200%2C900&ssl=1&resize=350%2C200","width":350,"height":200,"srcset":"https:\/\/i0.wp.com\/www.jazzzeitung.de\/cms\/wp-content\/uploads\/2025\/09\/Botanische-Supernova-mit-schwarzem-Loch-in-der-Naehe-von-Terra-Nova.jpg?fit=1200%2C900&ssl=1&resize=350%2C200 1x, https:\/\/i0.wp.com\/www.jazzzeitung.de\/cms\/wp-content\/uploads\/2025\/09\/Botanische-Supernova-mit-schwarzem-Loch-in-der-Naehe-von-Terra-Nova.jpg?fit=1200%2C900&ssl=1&resize=525%2C300 1.5x, https:\/\/i0.wp.com\/www.jazzzeitung.de\/cms\/wp-content\/uploads\/2025\/09\/Botanische-Supernova-mit-schwarzem-Loch-in-der-Naehe-von-Terra-Nova.jpg?fit=1200%2C900&ssl=1&resize=700%2C400 2x, https:\/\/i0.wp.com\/www.jazzzeitung.de\/cms\/wp-content\/uploads\/2025\/09\/Botanische-Supernova-mit-schwarzem-Loch-in-der-Naehe-von-Terra-Nova.jpg?fit=1200%2C900&ssl=1&resize=1050%2C600 3x"},"classes":[]},{"id":31928,"url":"https:\/\/www.jazzzeitung.de\/cms\/2024\/11\/die-geschmolzene-jazz-radiowoche-vom-25-11-2024-bis-01-12-2024\/","url_meta":{"origin":33704,"position":4},"title":"Die geschmolzene Jazz-Radiowoche vom 25.11.2024 bis 01.12.2024","author":"Martin Hufner","date":"24. November 2024","format":false,"excerpt":"Jazz im Radio \u2013 Jeden Sonntag gibt es um 12 Uhr unsere \u00dcbersicht f\u00fcr die jeweils nachfolgende Woche. Die #Jazz-Radiowoche vom 25. November bis zum 1. Dezember 2024. Erheblich ausged\u00fcnnt. Die ARD schafft ihr Radio gewisserma\u00dfen ab. Auch als PDF zum Download \u2013 #Jazz #JazzZeitung #Radio #Radiowoche \u2013 Ein Service\u2026","rel":"","context":"In &quot;News&quot;","block_context":{"text":"News","link":"https:\/\/www.jazzzeitung.de\/cms\/thema\/nachrichten\/"},"img":{"alt_text":"zugfahrt 2023 1. MH","src":"https:\/\/i0.wp.com\/www.jazzzeitung.de\/cms\/wp-content\/uploads\/2024\/11\/zugfahrt2023-1.-MH.jpg?fit=1200%2C900&ssl=1&resize=350%2C200","width":350,"height":200,"srcset":"https:\/\/i0.wp.com\/www.jazzzeitung.de\/cms\/wp-content\/uploads\/2024\/11\/zugfahrt2023-1.-MH.jpg?fit=1200%2C900&ssl=1&resize=350%2C200 1x, https:\/\/i0.wp.com\/www.jazzzeitung.de\/cms\/wp-content\/uploads\/2024\/11\/zugfahrt2023-1.-MH.jpg?fit=1200%2C900&ssl=1&resize=525%2C300 1.5x, https:\/\/i0.wp.com\/www.jazzzeitung.de\/cms\/wp-content\/uploads\/2024\/11\/zugfahrt2023-1.-MH.jpg?fit=1200%2C900&ssl=1&resize=700%2C400 2x, https:\/\/i0.wp.com\/www.jazzzeitung.de\/cms\/wp-content\/uploads\/2024\/11\/zugfahrt2023-1.-MH.jpg?fit=1200%2C900&ssl=1&resize=1050%2C600 3x"},"classes":[]},{"id":32215,"url":"https:\/\/www.jazzzeitung.de\/cms\/2025\/02\/die-eingeschmolzene-jazz-radiowoche-vom-17-02-2025-bis-23-02-2025\/","url_meta":{"origin":33704,"position":5},"title":"Die eingeschmolzene Jazz-Radiowoche vom 17.02.2025 bis 23.02.2025","author":"Martin Hufner","date":"16. Februar 2025","format":false,"excerpt":"Jazz im Radio \u2013 Jeden Sonntag gibt es um 12 Uhr unsere \u00dcbersicht f\u00fcr die jeweils nachfolgende Woche. Die #Jazz-Radiowoche vom 10. bis 16. Februar 2025. Erheblich ausged\u00fcnnt. Die ARD schafft ihr Radio gewisserma\u00dfen ab. Auch als PDF zum Download \u2013 #Jazz #JazzZeitung #Radio #Radiowoche \u2013 Ein Service unserer Online-Redaktion.","rel":"","context":"In &quot;News&quot;","block_context":{"text":"News","link":"https:\/\/www.jazzzeitung.de\/cms\/thema\/nachrichten\/"},"img":{"alt_text":"Kunst vorm Bau. Foto: Hufner","src":"https:\/\/i0.wp.com\/www.jazzzeitung.de\/cms\/wp-content\/uploads\/2025\/02\/kunstvormbau.jpg?fit=1080%2C939&ssl=1&resize=350%2C200","width":350,"height":200,"srcset":"https:\/\/i0.wp.com\/www.jazzzeitung.de\/cms\/wp-content\/uploads\/2025\/02\/kunstvormbau.jpg?fit=1080%2C939&ssl=1&resize=350%2C200 1x, https:\/\/i0.wp.com\/www.jazzzeitung.de\/cms\/wp-content\/uploads\/2025\/02\/kunstvormbau.jpg?fit=1080%2C939&ssl=1&resize=525%2C300 1.5x, https:\/\/i0.wp.com\/www.jazzzeitung.de\/cms\/wp-content\/uploads\/2025\/02\/kunstvormbau.jpg?fit=1080%2C939&ssl=1&resize=700%2C400 2x, https:\/\/i0.wp.com\/www.jazzzeitung.de\/cms\/wp-content\/uploads\/2025\/02\/kunstvormbau.jpg?fit=1080%2C939&ssl=1&resize=1050%2C600 3x"},"classes":[]}],"jetpack_sharing_enabled":true,"_links":{"self":[{"href":"https:\/\/www.jazzzeitung.de\/cms\/wp-json\/wp\/v2\/posts\/33704","targetHints":{"allow":["GET"]}}],"collection":[{"href":"https:\/\/www.jazzzeitung.de\/cms\/wp-json\/wp\/v2\/posts"}],"about":[{"href":"https:\/\/www.jazzzeitung.de\/cms\/wp-json\/wp\/v2\/types\/post"}],"author":[{"embeddable":true,"href":"https:\/\/www.jazzzeitung.de\/cms\/wp-json\/wp\/v2\/users\/1"}],"replies":[{"embeddable":true,"href":"https:\/\/www.jazzzeitung.de\/cms\/wp-json\/wp\/v2\/comments?post=33704"}],"version-history":[{"count":1,"href":"https:\/\/www.jazzzeitung.de\/cms\/wp-json\/wp\/v2\/posts\/33704\/revisions"}],"predecessor-version":[{"id":33706,"href":"https:\/\/www.jazzzeitung.de\/cms\/wp-json\/wp\/v2\/posts\/33704\/revisions\/33706"}],"wp:featuredmedia":[{"embeddable":true,"href":"https:\/\/www.jazzzeitung.de\/cms\/wp-json\/wp\/v2\/media\/33705"}],"wp:attachment":[{"href":"https:\/\/www.jazzzeitung.de\/cms\/wp-json\/wp\/v2\/media?parent=33704"}],"wp:term":[{"taxonomy":"category","embeddable":true,"href":"https:\/\/www.jazzzeitung.de\/cms\/wp-json\/wp\/v2\/categories?post=33704"},{"taxonomy":"post_tag","embeddable":true,"href":"https:\/\/www.jazzzeitung.de\/cms\/wp-json\/wp\/v2\/tags?post=33704"},{"taxonomy":"author","embeddable":true,"href":"https:\/\/www.jazzzeitung.de\/cms\/wp-json\/wp\/v2\/coauthors?post=33704"}],"curies":[{"name":"wp","href":"https:\/\/api.w.org\/{rel}","templated":true}]}}