{"id":33616,"date":"2026-01-27T13:40:05","date_gmt":"2026-01-27T12:40:05","guid":{"rendered":"https:\/\/www.jazzzeitung.de\/cms\/?p=33616"},"modified":"2026-01-28T10:33:35","modified_gmt":"2026-01-28T09:33:35","slug":"anregung-fuer-alle-rezeptoren-zur-vierten-ausgabe-des-wunderbaren-sparks-visions-festivals-in-regensburg","status":"publish","type":"post","link":"https:\/\/www.jazzzeitung.de\/cms\/2026\/01\/anregung-fuer-alle-rezeptoren-zur-vierten-ausgabe-des-wunderbaren-sparks-visions-festivals-in-regensburg\/","title":{"rendered":"Anregung f\u00fcr alle Rezeptoren: Zur vierten Ausgabe des wunderbaren \u201eSparks &#038; Visions\u201c-Festivals in Regensburg"},"content":{"rendered":"<p><strong>Die vierte Ausgabe des \u201eSparks &amp; Visions\u201c-Festivals im Theater Regensburg ist soeben \u00e4u\u00dferst erfolgreich zu Ende gegangen. <\/strong><strong>Alles lief wie am Schn\u00fcrchen, die Teams von Festival und Theater arbeiteten reibungslos zusammen, Pressevertreter aus nah und fern waren da, und einen Zuschauerrekord gab es auch. Man darf also mit Fug und Recht sagen, dass sich das von der Agenturchefin Anastasia Wolkenstein erfundene, programmierte und geleitete junge Festival etabliert hat.<\/strong><\/p>\n<p>Was ja zun\u00e4chst noch nichts \u00fcber den k\u00fcnstlerischen Wert aussagt, nicht wenige Festivals verdanken ihren Zuspruch auch modischem Populismus. Doch \u201eSparks &amp; Visions\u201c \u00fcberzeugte auch inhaltlich wieder auf ganzer Linie. Nat\u00fcrlich ist es in letzter Konsequenz ein Jazz-Festival, doch wie der Titel schon andeutet, k\u00fcmmert sich Wolkenstein nicht allzu sehr um Genre-Definitionen oder -abgrenzungen. Es geht schlicht um Musik, die ber\u00fchrt oder mitrei\u00dft. Bei drei Konzerten pro Abend beziehungsweise zwei am Sonntagvormittag will das auch dramaturgisch sorgsam aufgebaut sein \u2013 was ebenfalls musterg\u00fcltig gelang.<\/p>\n<p>So er\u00f6ffnete das Duo <em>Fil<\/em> der Stimmartistin Leila Martial und des Cello-Klangforschers Valentin Ceccaldi den Reigen mit schillernden, mal kontemplativen, mal dynamischen Experimenten. Musik, die den Kopf frei machte f\u00fcr Kommendes. In diesem Fall f\u00fcr ein sehr zug\u00e4ngliches Klaviersolo von Nitay Hershkovitz und den gewohnt hochenergetischen, komplexen Sound-Walls von Marius Neset und seinem Quintet zum nicht mehr zu toppenden Abschluss.<\/p>\n<div class=\"tiled-gallery type-rectangular tiled-gallery-unresized\" data-original-width=\"840\" data-carousel-extra='{&quot;blog_id&quot;:1,&quot;permalink&quot;:&quot;https:\\\/\\\/www.jazzzeitung.de\\\/cms\\\/2026\\\/01\\\/anregung-fuer-alle-rezeptoren-zur-vierten-ausgabe-des-wunderbaren-sparks-visions-festivals-in-regensburg\\\/&quot;,&quot;likes_blog_id&quot;:55446655}' itemscope itemtype=\"http:\/\/schema.org\/ImageGallery\" > <div class=\"gallery-row\" style=\"width: 840px; height: 388px;\" data-original-width=\"840\" data-original-height=\"388\" > <div class=\"gallery-group images-1\" style=\"width: 580px; height: 388px;\" data-original-width=\"580\" data-original-height=\"388\" > <div class=\"tiled-gallery-item tiled-gallery-item-large\" itemprop=\"associatedMedia\" itemscope itemtype=\"http:\/\/schema.org\/ImageObject\"> <a href=\"https:\/\/www.jazzzeitung.de\/cms\/2026\/01\/anregung-fuer-alle-rezeptoren-zur-vierten-ausgabe-des-wunderbaren-sparks-visions-festivals-in-regensburg\/nitaihershkovitz2_oliverhochkeppel230126\/\" border=\"0\" itemprop=\"url\"> <meta itemprop=\"width\" content=\"576\"> <meta itemprop=\"height\" content=\"384\"> <img decoding=\"async\" class=\"\" data-attachment-id=\"33618\" data-orig-file=\"https:\/\/www.jazzzeitung.de\/cms\/wp-content\/uploads\/2026\/01\/NitaiHershkovitz2_OliverHochkeppel230126-scaled.jpg\" data-orig-size=\"2560,1707\" data-comments-opened=\"1\" data-image-meta=\"{&quot;aperture&quot;:&quot;0&quot;,&quot;credit&quot;:&quot;&quot;,&quot;camera&quot;:&quot;ILCE-7M3&quot;,&quot;caption&quot;:&quot;&quot;,&quot;created_timestamp&quot;:&quot;1769203841&quot;,&quot;copyright&quot;:&quot;&quot;,&quot;focal_length&quot;:&quot;0&quot;,&quot;iso&quot;:&quot;4000&quot;,&quot;shutter_speed&quot;:&quot;0&quot;,&quot;title&quot;:&quot;&quot;,&quot;orientation&quot;:&quot;0&quot;}\" data-image-title=\"\" data-image-description=\"\" data-medium-file=\"https:\/\/i0.wp.com\/www.jazzzeitung.de\/cms\/wp-content\/uploads\/2026\/01\/NitaiHershkovitz2_OliverHochkeppel230126-scaled.jpg?fit=300%2C200&#038;ssl=1\" data-large-file=\"https:\/\/i0.wp.com\/www.jazzzeitung.de\/cms\/wp-content\/uploads\/2026\/01\/NitaiHershkovitz2_OliverHochkeppel230126-scaled.jpg?fit=840%2C560&#038;ssl=1\" src=\"https:\/\/i0.wp.com\/www.jazzzeitung.de\/cms\/wp-content\/uploads\/2026\/01\/NitaiHershkovitz2_OliverHochkeppel230126-scaled.jpg?w=576&#038;h=384&#038;ssl=1\" srcset=\"https:\/\/i0.wp.com\/www.jazzzeitung.de\/cms\/wp-content\/uploads\/2026\/01\/NitaiHershkovitz2_OliverHochkeppel230126-scaled.jpg?w=2560&amp;ssl=1 2560w, https:\/\/i0.wp.com\/www.jazzzeitung.de\/cms\/wp-content\/uploads\/2026\/01\/NitaiHershkovitz2_OliverHochkeppel230126-scaled.jpg?resize=300%2C200&amp;ssl=1 300w, https:\/\/i0.wp.com\/www.jazzzeitung.de\/cms\/wp-content\/uploads\/2026\/01\/NitaiHershkovitz2_OliverHochkeppel230126-scaled.jpg?resize=900%2C600&amp;ssl=1 900w, https:\/\/i0.wp.com\/www.jazzzeitung.de\/cms\/wp-content\/uploads\/2026\/01\/NitaiHershkovitz2_OliverHochkeppel230126-scaled.jpg?resize=768%2C512&amp;ssl=1 768w, https:\/\/i0.wp.com\/www.jazzzeitung.de\/cms\/wp-content\/uploads\/2026\/01\/NitaiHershkovitz2_OliverHochkeppel230126-scaled.jpg?resize=1536%2C1024&amp;ssl=1 1536w, https:\/\/i0.wp.com\/www.jazzzeitung.de\/cms\/wp-content\/uploads\/2026\/01\/NitaiHershkovitz2_OliverHochkeppel230126-scaled.jpg?resize=2048%2C1365&amp;ssl=1 2048w, https:\/\/i0.wp.com\/www.jazzzeitung.de\/cms\/wp-content\/uploads\/2026\/01\/NitaiHershkovitz2_OliverHochkeppel230126-scaled.jpg?resize=120%2C80&amp;ssl=1 120w, https:\/\/i0.wp.com\/www.jazzzeitung.de\/cms\/wp-content\/uploads\/2026\/01\/NitaiHershkovitz2_OliverHochkeppel230126-scaled.jpg?resize=1320%2C880&amp;ssl=1 1320w, https:\/\/i0.wp.com\/www.jazzzeitung.de\/cms\/wp-content\/uploads\/2026\/01\/NitaiHershkovitz2_OliverHochkeppel230126-scaled.jpg?w=1680&amp;ssl=1 1680w\" width=\"576\" height=\"384\" loading=\"lazy\" data-original-width=\"576\" data-original-height=\"384\" itemprop=\"http:\/\/schema.org\/image\" title=\"\" alt=\"Nitai Hershkovitz. Foto: OliverHochkeppel\" style=\"width: 576px; height: 384px;\" \/> <\/a> <div class=\"tiled-gallery-caption\" itemprop=\"caption description\"> Nitai Hershkovitz. Foto: OliverHochkeppel <\/div> <\/div> <\/div> <!-- close group --> <div class=\"gallery-group images-1\" style=\"width: 260px; height: 388px;\" data-original-width=\"260\" data-original-height=\"388\" > <div class=\"tiled-gallery-item tiled-gallery-item-large\" itemprop=\"associatedMedia\" itemscope itemtype=\"http:\/\/schema.org\/ImageObject\"> <a href=\"https:\/\/www.jazzzeitung.de\/cms\/2026\/01\/anregung-fuer-alle-rezeptoren-zur-vierten-ausgabe-des-wunderbaren-sparks-visions-festivals-in-regensburg\/mariusneset8_oliverhochkeppel230126\/\" border=\"0\" itemprop=\"url\"> <meta itemprop=\"width\" content=\"256\"> <meta itemprop=\"height\" content=\"384\"> <img decoding=\"async\" class=\"\" data-attachment-id=\"33619\" data-orig-file=\"https:\/\/www.jazzzeitung.de\/cms\/wp-content\/uploads\/2026\/01\/MariusNeset8_OliverHochkeppel230126-scaled.jpg\" data-orig-size=\"1710,2560\" data-comments-opened=\"1\" data-image-meta=\"{&quot;aperture&quot;:&quot;0&quot;,&quot;credit&quot;:&quot;&quot;,&quot;camera&quot;:&quot;ILCE-7M3&quot;,&quot;caption&quot;:&quot;&quot;,&quot;created_timestamp&quot;:&quot;1769210965&quot;,&quot;copyright&quot;:&quot;&quot;,&quot;focal_length&quot;:&quot;0&quot;,&quot;iso&quot;:&quot;4000&quot;,&quot;shutter_speed&quot;:&quot;0&quot;,&quot;title&quot;:&quot;&quot;,&quot;orientation&quot;:&quot;0&quot;}\" data-image-title=\"\" data-image-description=\"\" data-medium-file=\"https:\/\/i0.wp.com\/www.jazzzeitung.de\/cms\/wp-content\/uploads\/2026\/01\/MariusNeset8_OliverHochkeppel230126-scaled.jpg?fit=200%2C300&#038;ssl=1\" data-large-file=\"https:\/\/i0.wp.com\/www.jazzzeitung.de\/cms\/wp-content\/uploads\/2026\/01\/MariusNeset8_OliverHochkeppel230126-scaled.jpg?fit=401%2C600&#038;ssl=1\" src=\"https:\/\/i0.wp.com\/www.jazzzeitung.de\/cms\/wp-content\/uploads\/2026\/01\/MariusNeset8_OliverHochkeppel230126-scaled.jpg?w=256&#038;h=384&#038;ssl=1\" srcset=\"https:\/\/i0.wp.com\/www.jazzzeitung.de\/cms\/wp-content\/uploads\/2026\/01\/MariusNeset8_OliverHochkeppel230126-scaled.jpg?w=1710&amp;ssl=1 1710w, https:\/\/i0.wp.com\/www.jazzzeitung.de\/cms\/wp-content\/uploads\/2026\/01\/MariusNeset8_OliverHochkeppel230126-scaled.jpg?resize=200%2C300&amp;ssl=1 200w, https:\/\/i0.wp.com\/www.jazzzeitung.de\/cms\/wp-content\/uploads\/2026\/01\/MariusNeset8_OliverHochkeppel230126-scaled.jpg?resize=401%2C600&amp;ssl=1 401w, https:\/\/i0.wp.com\/www.jazzzeitung.de\/cms\/wp-content\/uploads\/2026\/01\/MariusNeset8_OliverHochkeppel230126-scaled.jpg?resize=768%2C1150&amp;ssl=1 768w, https:\/\/i0.wp.com\/www.jazzzeitung.de\/cms\/wp-content\/uploads\/2026\/01\/MariusNeset8_OliverHochkeppel230126-scaled.jpg?resize=1026%2C1536&amp;ssl=1 1026w, https:\/\/i0.wp.com\/www.jazzzeitung.de\/cms\/wp-content\/uploads\/2026\/01\/MariusNeset8_OliverHochkeppel230126-scaled.jpg?resize=1368%2C2048&amp;ssl=1 1368w, https:\/\/i0.wp.com\/www.jazzzeitung.de\/cms\/wp-content\/uploads\/2026\/01\/MariusNeset8_OliverHochkeppel230126-scaled.jpg?resize=1320%2C1976&amp;ssl=1 1320w\" width=\"256\" height=\"384\" loading=\"lazy\" data-original-width=\"256\" data-original-height=\"384\" itemprop=\"http:\/\/schema.org\/image\" title=\"\" alt=\"Marius Neset. Foto: Oliver Hochkeppel\" style=\"width: 256px; height: 384px;\" \/> <\/a> <div class=\"tiled-gallery-caption\" itemprop=\"caption description\"> Marius Neset. Foto: Oliver Hochkeppel <\/div> <\/div> <\/div> <!-- close group --> <\/div> <!-- close row --> <div class=\"gallery-row\" style=\"width: 840px; height: 477px;\" data-original-width=\"840\" data-original-height=\"477\" > <div class=\"gallery-group images-1\" style=\"width: 840px; height: 477px;\" data-original-width=\"840\" data-original-height=\"477\" > <div class=\"tiled-gallery-item tiled-gallery-item-large\" itemprop=\"associatedMedia\" itemscope itemtype=\"http:\/\/schema.org\/ImageObject\"> <a href=\"https:\/\/www.jazzzeitung.de\/cms\/2026\/01\/anregung-fuer-alle-rezeptoren-zur-vierten-ausgabe-des-wunderbaren-sparks-visions-festivals-in-regensburg\/mariusnesetquintet1_oliverhochkeppel230126\/\" border=\"0\" itemprop=\"url\"> <meta itemprop=\"width\" content=\"836\"> <meta itemprop=\"height\" content=\"473\"> <img decoding=\"async\" class=\"\" data-attachment-id=\"33620\" data-orig-file=\"https:\/\/www.jazzzeitung.de\/cms\/wp-content\/uploads\/2026\/01\/MariusNesetQuintet1_OliverHochkeppel230126-scaled.jpg\" data-orig-size=\"2560,1448\" data-comments-opened=\"1\" data-image-meta=\"{&quot;aperture&quot;:&quot;0&quot;,&quot;credit&quot;:&quot;&quot;,&quot;camera&quot;:&quot;ILCE-7M3&quot;,&quot;caption&quot;:&quot;&quot;,&quot;created_timestamp&quot;:&quot;1769209166&quot;,&quot;copyright&quot;:&quot;&quot;,&quot;focal_length&quot;:&quot;0&quot;,&quot;iso&quot;:&quot;4000&quot;,&quot;shutter_speed&quot;:&quot;0&quot;,&quot;title&quot;:&quot;&quot;,&quot;orientation&quot;:&quot;0&quot;}\" data-image-title=\"\" data-image-description=\"\" data-medium-file=\"https:\/\/i0.wp.com\/www.jazzzeitung.de\/cms\/wp-content\/uploads\/2026\/01\/MariusNesetQuintet1_OliverHochkeppel230126-scaled.jpg?fit=300%2C170&#038;ssl=1\" data-large-file=\"https:\/\/i0.wp.com\/www.jazzzeitung.de\/cms\/wp-content\/uploads\/2026\/01\/MariusNesetQuintet1_OliverHochkeppel230126-scaled.jpg?fit=840%2C475&#038;ssl=1\" src=\"https:\/\/i0.wp.com\/www.jazzzeitung.de\/cms\/wp-content\/uploads\/2026\/01\/MariusNesetQuintet1_OliverHochkeppel230126-scaled.jpg?w=836&#038;h=473&#038;ssl=1\" srcset=\"https:\/\/i0.wp.com\/www.jazzzeitung.de\/cms\/wp-content\/uploads\/2026\/01\/MariusNesetQuintet1_OliverHochkeppel230126-scaled.jpg?w=2560&amp;ssl=1 2560w, https:\/\/i0.wp.com\/www.jazzzeitung.de\/cms\/wp-content\/uploads\/2026\/01\/MariusNesetQuintet1_OliverHochkeppel230126-scaled.jpg?resize=300%2C170&amp;ssl=1 300w, https:\/\/i0.wp.com\/www.jazzzeitung.de\/cms\/wp-content\/uploads\/2026\/01\/MariusNesetQuintet1_OliverHochkeppel230126-scaled.jpg?resize=900%2C509&amp;ssl=1 900w, https:\/\/i0.wp.com\/www.jazzzeitung.de\/cms\/wp-content\/uploads\/2026\/01\/MariusNesetQuintet1_OliverHochkeppel230126-scaled.jpg?resize=768%2C434&amp;ssl=1 768w, https:\/\/i0.wp.com\/www.jazzzeitung.de\/cms\/wp-content\/uploads\/2026\/01\/MariusNesetQuintet1_OliverHochkeppel230126-scaled.jpg?resize=1536%2C869&amp;ssl=1 1536w, https:\/\/i0.wp.com\/www.jazzzeitung.de\/cms\/wp-content\/uploads\/2026\/01\/MariusNesetQuintet1_OliverHochkeppel230126-scaled.jpg?resize=2048%2C1158&amp;ssl=1 2048w, https:\/\/i0.wp.com\/www.jazzzeitung.de\/cms\/wp-content\/uploads\/2026\/01\/MariusNesetQuintet1_OliverHochkeppel230126-scaled.jpg?resize=1320%2C746&amp;ssl=1 1320w, https:\/\/i0.wp.com\/www.jazzzeitung.de\/cms\/wp-content\/uploads\/2026\/01\/MariusNesetQuintet1_OliverHochkeppel230126-scaled.jpg?w=1680&amp;ssl=1 1680w\" width=\"836\" height=\"473\" loading=\"lazy\" data-original-width=\"836\" data-original-height=\"473\" itemprop=\"http:\/\/schema.org\/image\" title=\"\" alt=\"Marius Neset Quintet. Foto: Oliver Hochkeppel\" style=\"width: 836px; height: 473px;\" \/> <\/a> <div class=\"tiled-gallery-caption\" itemprop=\"caption description\"> Marius Neset Quintet. Foto: Oliver Hochkeppel <\/div> <\/div> <\/div> <!-- close group --> <\/div> <!-- close row --> <\/div>\n<p>Ebenso schl\u00fcssig war der Bogen des zweiten Abends. Den Boden bereiteten zwei ECM-K\u00fcnstler, die klassische ungarisch-deutsche Gitarristin Zs\u00f3fia Boros und der schwedisch-schweizer E-Bassist Bj\u00f6rn Meyer. Erst jeweils solo, Boros lyrisch virtuos mit sechs zusammengeflochtenen, progressiv in den Tonarten voranschreitenden St\u00fccken, Meyer mit seinem einzigartig perkussiven, von Folk bis Jazz vieles einbindenden Spiel. Und zum Schluss in einer Weltpremiere gemeinsam.<\/p>\n<div class=\"tiled-gallery type-rectangular tiled-gallery-unresized\" data-original-width=\"840\" data-carousel-extra='{&quot;blog_id&quot;:1,&quot;permalink&quot;:&quot;https:\\\/\\\/www.jazzzeitung.de\\\/cms\\\/2026\\\/01\\\/anregung-fuer-alle-rezeptoren-zur-vierten-ausgabe-des-wunderbaren-sparks-visions-festivals-in-regensburg\\\/&quot;,&quot;likes_blog_id&quot;:55446655}' itemscope itemtype=\"http:\/\/schema.org\/ImageGallery\" > <div class=\"gallery-row\" style=\"width: 840px; height: 382px;\" data-original-width=\"840\" data-original-height=\"382\" > <div class=\"gallery-group images-1\" style=\"width: 571px; height: 382px;\" data-original-width=\"571\" data-original-height=\"382\" > <div class=\"tiled-gallery-item tiled-gallery-item-large\" itemprop=\"associatedMedia\" itemscope itemtype=\"http:\/\/schema.org\/ImageObject\"> <a href=\"https:\/\/www.jazzzeitung.de\/cms\/2026\/01\/anregung-fuer-alle-rezeptoren-zur-vierten-ausgabe-des-wunderbaren-sparks-visions-festivals-in-regensburg\/makikohirabayashifredriklundin1_oliverhochkeppel240126\/\" border=\"0\" itemprop=\"url\"> <meta itemprop=\"width\" content=\"567\"> <meta itemprop=\"height\" content=\"378\"> <img decoding=\"async\" class=\"\" data-attachment-id=\"33622\" data-orig-file=\"https:\/\/www.jazzzeitung.de\/cms\/wp-content\/uploads\/2026\/01\/MakikoHirabayashiFredrikLundin1_OliverHochkeppel240126-scaled.jpg\" data-orig-size=\"2560,1707\" data-comments-opened=\"1\" data-image-meta=\"{&quot;aperture&quot;:&quot;0&quot;,&quot;credit&quot;:&quot;&quot;,&quot;camera&quot;:&quot;ILCE-7M3&quot;,&quot;caption&quot;:&quot;&quot;,&quot;created_timestamp&quot;:&quot;1769290667&quot;,&quot;copyright&quot;:&quot;&quot;,&quot;focal_length&quot;:&quot;0&quot;,&quot;iso&quot;:&quot;4000&quot;,&quot;shutter_speed&quot;:&quot;0&quot;,&quot;title&quot;:&quot;&quot;,&quot;orientation&quot;:&quot;0&quot;}\" data-image-title=\"\" data-image-description=\"\" data-medium-file=\"https:\/\/i0.wp.com\/www.jazzzeitung.de\/cms\/wp-content\/uploads\/2026\/01\/MakikoHirabayashiFredrikLundin1_OliverHochkeppel240126-scaled.jpg?fit=300%2C200&#038;ssl=1\" data-large-file=\"https:\/\/i0.wp.com\/www.jazzzeitung.de\/cms\/wp-content\/uploads\/2026\/01\/MakikoHirabayashiFredrikLundin1_OliverHochkeppel240126-scaled.jpg?fit=840%2C560&#038;ssl=1\" src=\"https:\/\/i0.wp.com\/www.jazzzeitung.de\/cms\/wp-content\/uploads\/2026\/01\/MakikoHirabayashiFredrikLundin1_OliverHochkeppel240126-scaled.jpg?w=567&#038;h=378&#038;ssl=1\" srcset=\"https:\/\/i0.wp.com\/www.jazzzeitung.de\/cms\/wp-content\/uploads\/2026\/01\/MakikoHirabayashiFredrikLundin1_OliverHochkeppel240126-scaled.jpg?w=2560&amp;ssl=1 2560w, https:\/\/i0.wp.com\/www.jazzzeitung.de\/cms\/wp-content\/uploads\/2026\/01\/MakikoHirabayashiFredrikLundin1_OliverHochkeppel240126-scaled.jpg?resize=300%2C200&amp;ssl=1 300w, https:\/\/i0.wp.com\/www.jazzzeitung.de\/cms\/wp-content\/uploads\/2026\/01\/MakikoHirabayashiFredrikLundin1_OliverHochkeppel240126-scaled.jpg?resize=900%2C600&amp;ssl=1 900w, https:\/\/i0.wp.com\/www.jazzzeitung.de\/cms\/wp-content\/uploads\/2026\/01\/MakikoHirabayashiFredrikLundin1_OliverHochkeppel240126-scaled.jpg?resize=768%2C512&amp;ssl=1 768w, https:\/\/i0.wp.com\/www.jazzzeitung.de\/cms\/wp-content\/uploads\/2026\/01\/MakikoHirabayashiFredrikLundin1_OliverHochkeppel240126-scaled.jpg?resize=1536%2C1024&amp;ssl=1 1536w, https:\/\/i0.wp.com\/www.jazzzeitung.de\/cms\/wp-content\/uploads\/2026\/01\/MakikoHirabayashiFredrikLundin1_OliverHochkeppel240126-scaled.jpg?resize=2048%2C1365&amp;ssl=1 2048w, https:\/\/i0.wp.com\/www.jazzzeitung.de\/cms\/wp-content\/uploads\/2026\/01\/MakikoHirabayashiFredrikLundin1_OliverHochkeppel240126-scaled.jpg?resize=120%2C80&amp;ssl=1 120w, https:\/\/i0.wp.com\/www.jazzzeitung.de\/cms\/wp-content\/uploads\/2026\/01\/MakikoHirabayashiFredrikLundin1_OliverHochkeppel240126-scaled.jpg?resize=1320%2C880&amp;ssl=1 1320w, https:\/\/i0.wp.com\/www.jazzzeitung.de\/cms\/wp-content\/uploads\/2026\/01\/MakikoHirabayashiFredrikLundin1_OliverHochkeppel240126-scaled.jpg?w=1680&amp;ssl=1 1680w\" width=\"567\" height=\"378\" loading=\"lazy\" data-original-width=\"567\" data-original-height=\"378\" itemprop=\"http:\/\/schema.org\/image\" title=\"\" alt=\"Makiko Hirabayashi &amp; Fredrik Lundin. Foto: Oliver Hochkeppel\" style=\"width: 567px; height: 378px;\" \/> <\/a> <div class=\"tiled-gallery-caption\" itemprop=\"caption description\"> Makiko Hirabayashi &#038; Fredrik Lundin. Foto: Oliver Hochkeppel <\/div> <\/div> <\/div> <!-- close group --> <div class=\"gallery-group images-2\" style=\"width: 269px; height: 382px;\" data-original-width=\"269\" data-original-height=\"382\" > <div class=\"tiled-gallery-item tiled-gallery-item-large\" itemprop=\"associatedMedia\" itemscope itemtype=\"http:\/\/schema.org\/ImageObject\"> <a href=\"https:\/\/www.jazzzeitung.de\/cms\/2026\/01\/anregung-fuer-alle-rezeptoren-zur-vierten-ausgabe-des-wunderbaren-sparks-visions-festivals-in-regensburg\/makikohirabayashi1_oliverhochkeppel240126\/\" border=\"0\" itemprop=\"url\"> <meta itemprop=\"width\" content=\"265\"> <meta itemprop=\"height\" content=\"198\"> <img decoding=\"async\" class=\"\" data-attachment-id=\"33623\" data-orig-file=\"https:\/\/www.jazzzeitung.de\/cms\/wp-content\/uploads\/2026\/01\/MakikoHirabayashi1_OliverHochkeppel240126-scaled.jpg\" data-orig-size=\"2560,1911\" data-comments-opened=\"1\" data-image-meta=\"{&quot;aperture&quot;:&quot;0&quot;,&quot;credit&quot;:&quot;&quot;,&quot;camera&quot;:&quot;ILCE-7M3&quot;,&quot;caption&quot;:&quot;&quot;,&quot;created_timestamp&quot;:&quot;1769291407&quot;,&quot;copyright&quot;:&quot;&quot;,&quot;focal_length&quot;:&quot;0&quot;,&quot;iso&quot;:&quot;4000&quot;,&quot;shutter_speed&quot;:&quot;0&quot;,&quot;title&quot;:&quot;&quot;,&quot;orientation&quot;:&quot;0&quot;}\" data-image-title=\"\" data-image-description=\"\" data-medium-file=\"https:\/\/i0.wp.com\/www.jazzzeitung.de\/cms\/wp-content\/uploads\/2026\/01\/MakikoHirabayashi1_OliverHochkeppel240126-scaled.jpg?fit=300%2C224&#038;ssl=1\" data-large-file=\"https:\/\/i0.wp.com\/www.jazzzeitung.de\/cms\/wp-content\/uploads\/2026\/01\/MakikoHirabayashi1_OliverHochkeppel240126-scaled.jpg?fit=804%2C600&#038;ssl=1\" src=\"https:\/\/i0.wp.com\/www.jazzzeitung.de\/cms\/wp-content\/uploads\/2026\/01\/MakikoHirabayashi1_OliverHochkeppel240126-scaled.jpg?w=265&#038;h=198&#038;ssl=1\" srcset=\"https:\/\/i0.wp.com\/www.jazzzeitung.de\/cms\/wp-content\/uploads\/2026\/01\/MakikoHirabayashi1_OliverHochkeppel240126-scaled.jpg?w=2560&amp;ssl=1 2560w, https:\/\/i0.wp.com\/www.jazzzeitung.de\/cms\/wp-content\/uploads\/2026\/01\/MakikoHirabayashi1_OliverHochkeppel240126-scaled.jpg?resize=300%2C224&amp;ssl=1 300w, https:\/\/i0.wp.com\/www.jazzzeitung.de\/cms\/wp-content\/uploads\/2026\/01\/MakikoHirabayashi1_OliverHochkeppel240126-scaled.jpg?resize=804%2C600&amp;ssl=1 804w, https:\/\/i0.wp.com\/www.jazzzeitung.de\/cms\/wp-content\/uploads\/2026\/01\/MakikoHirabayashi1_OliverHochkeppel240126-scaled.jpg?resize=768%2C573&amp;ssl=1 768w, https:\/\/i0.wp.com\/www.jazzzeitung.de\/cms\/wp-content\/uploads\/2026\/01\/MakikoHirabayashi1_OliverHochkeppel240126-scaled.jpg?resize=1536%2C1147&amp;ssl=1 1536w, https:\/\/i0.wp.com\/www.jazzzeitung.de\/cms\/wp-content\/uploads\/2026\/01\/MakikoHirabayashi1_OliverHochkeppel240126-scaled.jpg?resize=2048%2C1529&amp;ssl=1 2048w, https:\/\/i0.wp.com\/www.jazzzeitung.de\/cms\/wp-content\/uploads\/2026\/01\/MakikoHirabayashi1_OliverHochkeppel240126-scaled.jpg?resize=1320%2C985&amp;ssl=1 1320w, https:\/\/i0.wp.com\/www.jazzzeitung.de\/cms\/wp-content\/uploads\/2026\/01\/MakikoHirabayashi1_OliverHochkeppel240126-scaled.jpg?w=1680&amp;ssl=1 1680w\" width=\"265\" height=\"198\" loading=\"lazy\" data-original-width=\"265\" data-original-height=\"198\" itemprop=\"http:\/\/schema.org\/image\" title=\"\" alt=\"Makiko Hirabayashi. Foto: Oliver Hochkeppel\" style=\"width: 265px; height: 198px;\" \/> <\/a> <div class=\"tiled-gallery-caption\" itemprop=\"caption description\"> Makiko Hirabayashi. Foto: Oliver Hochkeppel <\/div> <\/div> <div class=\"tiled-gallery-item tiled-gallery-item-large\" itemprop=\"associatedMedia\" itemscope itemtype=\"http:\/\/schema.org\/ImageObject\"> <a href=\"https:\/\/www.jazzzeitung.de\/cms\/2026\/01\/anregung-fuer-alle-rezeptoren-zur-vierten-ausgabe-des-wunderbaren-sparks-visions-festivals-in-regensburg\/zsofiaboros1_oliverhochkeppel240126\/\" border=\"0\" itemprop=\"url\"> <meta itemprop=\"width\" content=\"265\"> <meta itemprop=\"height\" content=\"176\"> <img decoding=\"async\" class=\"\" data-attachment-id=\"33624\" data-orig-file=\"https:\/\/www.jazzzeitung.de\/cms\/wp-content\/uploads\/2026\/01\/ZsofiaBoros1_OliverHochkeppel240126-scaled.jpg\" data-orig-size=\"2560,1699\" data-comments-opened=\"1\" data-image-meta=\"{&quot;aperture&quot;:&quot;0&quot;,&quot;credit&quot;:&quot;&quot;,&quot;camera&quot;:&quot;ILCE-7M3&quot;,&quot;caption&quot;:&quot;&quot;,&quot;created_timestamp&quot;:&quot;1769284813&quot;,&quot;copyright&quot;:&quot;&quot;,&quot;focal_length&quot;:&quot;0&quot;,&quot;iso&quot;:&quot;4000&quot;,&quot;shutter_speed&quot;:&quot;0&quot;,&quot;title&quot;:&quot;&quot;,&quot;orientation&quot;:&quot;0&quot;}\" data-image-title=\"\" data-image-description=\"\" data-medium-file=\"https:\/\/i0.wp.com\/www.jazzzeitung.de\/cms\/wp-content\/uploads\/2026\/01\/ZsofiaBoros1_OliverHochkeppel240126-scaled.jpg?fit=300%2C199&#038;ssl=1\" data-large-file=\"https:\/\/i0.wp.com\/www.jazzzeitung.de\/cms\/wp-content\/uploads\/2026\/01\/ZsofiaBoros1_OliverHochkeppel240126-scaled.jpg?fit=840%2C557&#038;ssl=1\" src=\"https:\/\/i0.wp.com\/www.jazzzeitung.de\/cms\/wp-content\/uploads\/2026\/01\/ZsofiaBoros1_OliverHochkeppel240126-scaled.jpg?w=265&#038;h=176&#038;ssl=1\" srcset=\"https:\/\/i0.wp.com\/www.jazzzeitung.de\/cms\/wp-content\/uploads\/2026\/01\/ZsofiaBoros1_OliverHochkeppel240126-scaled.jpg?w=2560&amp;ssl=1 2560w, https:\/\/i0.wp.com\/www.jazzzeitung.de\/cms\/wp-content\/uploads\/2026\/01\/ZsofiaBoros1_OliverHochkeppel240126-scaled.jpg?resize=300%2C199&amp;ssl=1 300w, https:\/\/i0.wp.com\/www.jazzzeitung.de\/cms\/wp-content\/uploads\/2026\/01\/ZsofiaBoros1_OliverHochkeppel240126-scaled.jpg?resize=900%2C597&amp;ssl=1 900w, https:\/\/i0.wp.com\/www.jazzzeitung.de\/cms\/wp-content\/uploads\/2026\/01\/ZsofiaBoros1_OliverHochkeppel240126-scaled.jpg?resize=768%2C510&amp;ssl=1 768w, https:\/\/i0.wp.com\/www.jazzzeitung.de\/cms\/wp-content\/uploads\/2026\/01\/ZsofiaBoros1_OliverHochkeppel240126-scaled.jpg?resize=1536%2C1019&amp;ssl=1 1536w, https:\/\/i0.wp.com\/www.jazzzeitung.de\/cms\/wp-content\/uploads\/2026\/01\/ZsofiaBoros1_OliverHochkeppel240126-scaled.jpg?resize=2048%2C1359&amp;ssl=1 2048w, https:\/\/i0.wp.com\/www.jazzzeitung.de\/cms\/wp-content\/uploads\/2026\/01\/ZsofiaBoros1_OliverHochkeppel240126-scaled.jpg?resize=120%2C80&amp;ssl=1 120w, https:\/\/i0.wp.com\/www.jazzzeitung.de\/cms\/wp-content\/uploads\/2026\/01\/ZsofiaBoros1_OliverHochkeppel240126-scaled.jpg?resize=1320%2C876&amp;ssl=1 1320w, https:\/\/i0.wp.com\/www.jazzzeitung.de\/cms\/wp-content\/uploads\/2026\/01\/ZsofiaBoros1_OliverHochkeppel240126-scaled.jpg?w=1680&amp;ssl=1 1680w\" width=\"265\" height=\"176\" loading=\"lazy\" data-original-width=\"265\" data-original-height=\"176\" itemprop=\"http:\/\/schema.org\/image\" title=\"\" alt=\"Zsofia Boros. Foto: Oliver Hochkeppel\" style=\"width: 265px; height: 176px;\" \/> <\/a> <div class=\"tiled-gallery-caption\" itemprop=\"caption description\"> Zsofia Boros. Foto: Oliver Hochkeppel <\/div> <\/div> <\/div> <!-- close group --> <\/div> <!-- close row --> <div class=\"gallery-row\" style=\"width: 840px; height: 257px;\" data-original-width=\"840\" data-original-height=\"257\" > <div class=\"gallery-group images-1\" style=\"width: 456px; height: 257px;\" data-original-width=\"456\" data-original-height=\"257\" > <div class=\"tiled-gallery-item tiled-gallery-item-large\" itemprop=\"associatedMedia\" itemscope itemtype=\"http:\/\/schema.org\/ImageObject\"> <a href=\"https:\/\/www.jazzzeitung.de\/cms\/2026\/01\/anregung-fuer-alle-rezeptoren-zur-vierten-ausgabe-des-wunderbaren-sparks-visions-festivals-in-regensburg\/bjoernmeyerzsofiaboros1_oliverhochkeppel240126\/\" border=\"0\" itemprop=\"url\"> <meta itemprop=\"width\" content=\"452\"> <meta itemprop=\"height\" content=\"253\"> <img decoding=\"async\" class=\"\" data-attachment-id=\"33625\" data-orig-file=\"https:\/\/www.jazzzeitung.de\/cms\/wp-content\/uploads\/2026\/01\/BjoernMeyerZsofiaBoros1_OliverHochkeppel240126-scaled.jpg\" data-orig-size=\"2560,1435\" data-comments-opened=\"1\" data-image-meta=\"{&quot;aperture&quot;:&quot;0&quot;,&quot;credit&quot;:&quot;&quot;,&quot;camera&quot;:&quot;ILCE-7M3&quot;,&quot;caption&quot;:&quot;&quot;,&quot;created_timestamp&quot;:&quot;1769288319&quot;,&quot;copyright&quot;:&quot;&quot;,&quot;focal_length&quot;:&quot;0&quot;,&quot;iso&quot;:&quot;4000&quot;,&quot;shutter_speed&quot;:&quot;0&quot;,&quot;title&quot;:&quot;&quot;,&quot;orientation&quot;:&quot;0&quot;}\" data-image-title=\"\" data-image-description=\"\" data-medium-file=\"https:\/\/i0.wp.com\/www.jazzzeitung.de\/cms\/wp-content\/uploads\/2026\/01\/BjoernMeyerZsofiaBoros1_OliverHochkeppel240126-scaled.jpg?fit=300%2C168&#038;ssl=1\" data-large-file=\"https:\/\/i0.wp.com\/www.jazzzeitung.de\/cms\/wp-content\/uploads\/2026\/01\/BjoernMeyerZsofiaBoros1_OliverHochkeppel240126-scaled.jpg?fit=840%2C470&#038;ssl=1\" src=\"https:\/\/i0.wp.com\/www.jazzzeitung.de\/cms\/wp-content\/uploads\/2026\/01\/BjoernMeyerZsofiaBoros1_OliverHochkeppel240126-scaled.jpg?w=452&#038;h=253&#038;ssl=1\" srcset=\"https:\/\/i0.wp.com\/www.jazzzeitung.de\/cms\/wp-content\/uploads\/2026\/01\/BjoernMeyerZsofiaBoros1_OliverHochkeppel240126-scaled.jpg?w=2560&amp;ssl=1 2560w, https:\/\/i0.wp.com\/www.jazzzeitung.de\/cms\/wp-content\/uploads\/2026\/01\/BjoernMeyerZsofiaBoros1_OliverHochkeppel240126-scaled.jpg?resize=300%2C168&amp;ssl=1 300w, https:\/\/i0.wp.com\/www.jazzzeitung.de\/cms\/wp-content\/uploads\/2026\/01\/BjoernMeyerZsofiaBoros1_OliverHochkeppel240126-scaled.jpg?resize=900%2C504&amp;ssl=1 900w, https:\/\/i0.wp.com\/www.jazzzeitung.de\/cms\/wp-content\/uploads\/2026\/01\/BjoernMeyerZsofiaBoros1_OliverHochkeppel240126-scaled.jpg?resize=768%2C430&amp;ssl=1 768w, https:\/\/i0.wp.com\/www.jazzzeitung.de\/cms\/wp-content\/uploads\/2026\/01\/BjoernMeyerZsofiaBoros1_OliverHochkeppel240126-scaled.jpg?resize=1536%2C861&amp;ssl=1 1536w, https:\/\/i0.wp.com\/www.jazzzeitung.de\/cms\/wp-content\/uploads\/2026\/01\/BjoernMeyerZsofiaBoros1_OliverHochkeppel240126-scaled.jpg?resize=2048%2C1148&amp;ssl=1 2048w, https:\/\/i0.wp.com\/www.jazzzeitung.de\/cms\/wp-content\/uploads\/2026\/01\/BjoernMeyerZsofiaBoros1_OliverHochkeppel240126-scaled.jpg?resize=1320%2C740&amp;ssl=1 1320w, https:\/\/i0.wp.com\/www.jazzzeitung.de\/cms\/wp-content\/uploads\/2026\/01\/BjoernMeyerZsofiaBoros1_OliverHochkeppel240126-scaled.jpg?w=1680&amp;ssl=1 1680w\" width=\"452\" height=\"253\" loading=\"lazy\" data-original-width=\"452\" data-original-height=\"253\" itemprop=\"http:\/\/schema.org\/image\" title=\"\" alt=\"Bj\u00f6rn Meyer &amp; ZsofiaBoros. Foto: Oliver Hochkeppel\" style=\"width: 452px; height: 253px;\" \/> <\/a> <div class=\"tiled-gallery-caption\" itemprop=\"caption description\"> Bj\u00f6rn Meyer &#038; ZsofiaBoros. Foto: Oliver Hochkeppel <\/div> <\/div> <\/div> <!-- close group --> <div class=\"gallery-group images-1\" style=\"width: 384px; height: 257px;\" data-original-width=\"384\" data-original-height=\"257\" > <div class=\"tiled-gallery-item tiled-gallery-item-large\" itemprop=\"associatedMedia\" itemscope itemtype=\"http:\/\/schema.org\/ImageObject\"> <a href=\"https:\/\/www.jazzzeitung.de\/cms\/2026\/01\/anregung-fuer-alle-rezeptoren-zur-vierten-ausgabe-des-wunderbaren-sparks-visions-festivals-in-regensburg\/bjoernmeyer5_oliverhochkeppel240126\/\" border=\"0\" itemprop=\"url\"> <meta itemprop=\"width\" content=\"380\"> <meta itemprop=\"height\" content=\"253\"> <img decoding=\"async\" class=\"\" data-attachment-id=\"33626\" data-orig-file=\"https:\/\/www.jazzzeitung.de\/cms\/wp-content\/uploads\/2026\/01\/BjoernMeyer5_OliverHochkeppel240126-scaled.jpg\" data-orig-size=\"2560,1704\" data-comments-opened=\"1\" data-image-meta=\"{&quot;aperture&quot;:&quot;0&quot;,&quot;credit&quot;:&quot;&quot;,&quot;camera&quot;:&quot;ILCE-7M3&quot;,&quot;caption&quot;:&quot;&quot;,&quot;created_timestamp&quot;:&quot;1769287285&quot;,&quot;copyright&quot;:&quot;&quot;,&quot;focal_length&quot;:&quot;0&quot;,&quot;iso&quot;:&quot;4000&quot;,&quot;shutter_speed&quot;:&quot;0&quot;,&quot;title&quot;:&quot;&quot;,&quot;orientation&quot;:&quot;0&quot;}\" data-image-title=\"Bj\u00f6rnMeyer5_OliverHochkeppel240126\" data-image-description=\"\" data-medium-file=\"https:\/\/i0.wp.com\/www.jazzzeitung.de\/cms\/wp-content\/uploads\/2026\/01\/BjoernMeyer5_OliverHochkeppel240126-scaled.jpg?fit=300%2C200&#038;ssl=1\" data-large-file=\"https:\/\/i0.wp.com\/www.jazzzeitung.de\/cms\/wp-content\/uploads\/2026\/01\/BjoernMeyer5_OliverHochkeppel240126-scaled.jpg?fit=840%2C560&#038;ssl=1\" src=\"https:\/\/i0.wp.com\/www.jazzzeitung.de\/cms\/wp-content\/uploads\/2026\/01\/BjoernMeyer5_OliverHochkeppel240126-scaled.jpg?w=380&#038;h=253&#038;ssl=1\" srcset=\"https:\/\/i0.wp.com\/www.jazzzeitung.de\/cms\/wp-content\/uploads\/2026\/01\/BjoernMeyer5_OliverHochkeppel240126-scaled.jpg?w=2560&amp;ssl=1 2560w, https:\/\/i0.wp.com\/www.jazzzeitung.de\/cms\/wp-content\/uploads\/2026\/01\/BjoernMeyer5_OliverHochkeppel240126-scaled.jpg?resize=300%2C200&amp;ssl=1 300w, https:\/\/i0.wp.com\/www.jazzzeitung.de\/cms\/wp-content\/uploads\/2026\/01\/BjoernMeyer5_OliverHochkeppel240126-scaled.jpg?resize=900%2C600&amp;ssl=1 900w, https:\/\/i0.wp.com\/www.jazzzeitung.de\/cms\/wp-content\/uploads\/2026\/01\/BjoernMeyer5_OliverHochkeppel240126-scaled.jpg?resize=768%2C511&amp;ssl=1 768w, https:\/\/i0.wp.com\/www.jazzzeitung.de\/cms\/wp-content\/uploads\/2026\/01\/BjoernMeyer5_OliverHochkeppel240126-scaled.jpg?resize=1536%2C1022&amp;ssl=1 1536w, https:\/\/i0.wp.com\/www.jazzzeitung.de\/cms\/wp-content\/uploads\/2026\/01\/BjoernMeyer5_OliverHochkeppel240126-scaled.jpg?resize=2048%2C1363&amp;ssl=1 2048w, https:\/\/i0.wp.com\/www.jazzzeitung.de\/cms\/wp-content\/uploads\/2026\/01\/BjoernMeyer5_OliverHochkeppel240126-scaled.jpg?resize=120%2C80&amp;ssl=1 120w, https:\/\/i0.wp.com\/www.jazzzeitung.de\/cms\/wp-content\/uploads\/2026\/01\/BjoernMeyer5_OliverHochkeppel240126-scaled.jpg?resize=1320%2C879&amp;ssl=1 1320w, https:\/\/i0.wp.com\/www.jazzzeitung.de\/cms\/wp-content\/uploads\/2026\/01\/BjoernMeyer5_OliverHochkeppel240126-scaled.jpg?w=1680&amp;ssl=1 1680w\" width=\"380\" height=\"253\" loading=\"lazy\" data-original-width=\"380\" data-original-height=\"253\" itemprop=\"http:\/\/schema.org\/image\" title=\"Bj\u00f6rnMeyer5_OliverHochkeppel240126\" alt=\"Bj\u00f6rn Meyer. Foto: Oliver Hochkeppel\" style=\"width: 380px; height: 253px;\" \/> <\/a> <div class=\"tiled-gallery-caption\" itemprop=\"caption description\"> Bj\u00f6rn Meyer. Foto: Oliver Hochkeppel <\/div> <\/div> <\/div> <!-- close group --> <\/div> <!-- close row --> <\/div>\n<p>Perfekt anschlie\u00dfend pr\u00e4sentierte danach die japanische-d\u00e4nische Pianistin Makiko Hirabayashi mit ihrem skandinavischen Quartett ihre spannenden H\u00e4ndel-Bearbeitungen. Den Abr\u00e4umer und Rausschmei\u00dfer gab der britische S\u00e4nger und Pianist Reuben James, den man wohl am besten Entertainer nennen sollte. Von der Wucht an den fr\u00fchen Jamie Cullum erinnernd, zog er mit viel Soul, Piano-Wirbel und Talkbox ein gro\u00dfe Show ab. Musikalisch eher retro, aber schon mit einer \u00fcberzeugenden eigenen Handschrift des 28-J\u00e4hrigen.<\/p>\n<div class=\"tiled-gallery type-rectangular tiled-gallery-unresized\" data-original-width=\"840\" data-carousel-extra='{&quot;blog_id&quot;:1,&quot;permalink&quot;:&quot;https:\\\/\\\/www.jazzzeitung.de\\\/cms\\\/2026\\\/01\\\/anregung-fuer-alle-rezeptoren-zur-vierten-ausgabe-des-wunderbaren-sparks-visions-festivals-in-regensburg\\\/&quot;,&quot;likes_blog_id&quot;:55446655}' itemscope itemtype=\"http:\/\/schema.org\/ImageGallery\" > <div class=\"gallery-row\" style=\"width: 840px; height: 554px;\" data-original-width=\"840\" data-original-height=\"554\" > <div class=\"gallery-group images-1\" style=\"width: 549px; height: 554px;\" data-original-width=\"549\" data-original-height=\"554\" > <div class=\"tiled-gallery-item tiled-gallery-item-large\" itemprop=\"associatedMedia\" itemscope itemtype=\"http:\/\/schema.org\/ImageObject\"> <a href=\"https:\/\/www.jazzzeitung.de\/cms\/2026\/01\/anregung-fuer-alle-rezeptoren-zur-vierten-ausgabe-des-wunderbaren-sparks-visions-festivals-in-regensburg\/reubenjames2_oliverhochkeppel240126\/\" border=\"0\" itemprop=\"url\"> <meta itemprop=\"width\" content=\"545\"> <meta itemprop=\"height\" content=\"550\"> <img decoding=\"async\" class=\"\" data-attachment-id=\"33627\" data-orig-file=\"https:\/\/www.jazzzeitung.de\/cms\/wp-content\/uploads\/2026\/01\/ReubenJames2_OliverHochkeppel240126-scaled.jpg\" data-orig-size=\"2538,2560\" data-comments-opened=\"1\" data-image-meta=\"{&quot;aperture&quot;:&quot;0&quot;,&quot;credit&quot;:&quot;&quot;,&quot;camera&quot;:&quot;ILCE-7M3&quot;,&quot;caption&quot;:&quot;&quot;,&quot;created_timestamp&quot;:&quot;1769295930&quot;,&quot;copyright&quot;:&quot;&quot;,&quot;focal_length&quot;:&quot;0&quot;,&quot;iso&quot;:&quot;4000&quot;,&quot;shutter_speed&quot;:&quot;0&quot;,&quot;title&quot;:&quot;&quot;,&quot;orientation&quot;:&quot;0&quot;}\" data-image-title=\"\" data-image-description=\"\" data-medium-file=\"https:\/\/i0.wp.com\/www.jazzzeitung.de\/cms\/wp-content\/uploads\/2026\/01\/ReubenJames2_OliverHochkeppel240126-scaled.jpg?fit=297%2C300&#038;ssl=1\" data-large-file=\"https:\/\/i0.wp.com\/www.jazzzeitung.de\/cms\/wp-content\/uploads\/2026\/01\/ReubenJames2_OliverHochkeppel240126-scaled.jpg?fit=595%2C600&#038;ssl=1\" src=\"https:\/\/i0.wp.com\/www.jazzzeitung.de\/cms\/wp-content\/uploads\/2026\/01\/ReubenJames2_OliverHochkeppel240126-scaled.jpg?w=545&#038;h=550&#038;ssl=1\" srcset=\"https:\/\/i0.wp.com\/www.jazzzeitung.de\/cms\/wp-content\/uploads\/2026\/01\/ReubenJames2_OliverHochkeppel240126-scaled.jpg?w=2538&amp;ssl=1 2538w, https:\/\/i0.wp.com\/www.jazzzeitung.de\/cms\/wp-content\/uploads\/2026\/01\/ReubenJames2_OliverHochkeppel240126-scaled.jpg?resize=297%2C300&amp;ssl=1 297w, https:\/\/i0.wp.com\/www.jazzzeitung.de\/cms\/wp-content\/uploads\/2026\/01\/ReubenJames2_OliverHochkeppel240126-scaled.jpg?resize=595%2C600&amp;ssl=1 595w, https:\/\/i0.wp.com\/www.jazzzeitung.de\/cms\/wp-content\/uploads\/2026\/01\/ReubenJames2_OliverHochkeppel240126-scaled.jpg?resize=150%2C150&amp;ssl=1 150w, https:\/\/i0.wp.com\/www.jazzzeitung.de\/cms\/wp-content\/uploads\/2026\/01\/ReubenJames2_OliverHochkeppel240126-scaled.jpg?resize=768%2C775&amp;ssl=1 768w, https:\/\/i0.wp.com\/www.jazzzeitung.de\/cms\/wp-content\/uploads\/2026\/01\/ReubenJames2_OliverHochkeppel240126-scaled.jpg?resize=1523%2C1536&amp;ssl=1 1523w, https:\/\/i0.wp.com\/www.jazzzeitung.de\/cms\/wp-content\/uploads\/2026\/01\/ReubenJames2_OliverHochkeppel240126-scaled.jpg?resize=2030%2C2048&amp;ssl=1 2030w, https:\/\/i0.wp.com\/www.jazzzeitung.de\/cms\/wp-content\/uploads\/2026\/01\/ReubenJames2_OliverHochkeppel240126-scaled.jpg?resize=1320%2C1331&amp;ssl=1 1320w, https:\/\/i0.wp.com\/www.jazzzeitung.de\/cms\/wp-content\/uploads\/2026\/01\/ReubenJames2_OliverHochkeppel240126-scaled.jpg?resize=24%2C24&amp;ssl=1 24w, https:\/\/i0.wp.com\/www.jazzzeitung.de\/cms\/wp-content\/uploads\/2026\/01\/ReubenJames2_OliverHochkeppel240126-scaled.jpg?resize=48%2C48&amp;ssl=1 48w, https:\/\/i0.wp.com\/www.jazzzeitung.de\/cms\/wp-content\/uploads\/2026\/01\/ReubenJames2_OliverHochkeppel240126-scaled.jpg?resize=96%2C96&amp;ssl=1 96w, https:\/\/i0.wp.com\/www.jazzzeitung.de\/cms\/wp-content\/uploads\/2026\/01\/ReubenJames2_OliverHochkeppel240126-scaled.jpg?w=1680&amp;ssl=1 1680w\" width=\"545\" height=\"550\" loading=\"lazy\" data-original-width=\"545\" data-original-height=\"550\" itemprop=\"http:\/\/schema.org\/image\" title=\"\" alt=\"Reuben James. Foto: Oliver Hochkeppel\" style=\"width: 545px; height: 550px;\" \/> <\/a> <div class=\"tiled-gallery-caption\" itemprop=\"caption description\"> Reuben James. Foto: Oliver Hochkeppel <\/div> <\/div> <\/div> <!-- close group --> <div class=\"gallery-group images-3\" style=\"width: 291px; height: 554px;\" data-original-width=\"291\" data-original-height=\"554\" > <div class=\"tiled-gallery-item tiled-gallery-item-large\" itemprop=\"associatedMedia\" itemscope itemtype=\"http:\/\/schema.org\/ImageObject\"> <a href=\"https:\/\/www.jazzzeitung.de\/cms\/2026\/01\/anregung-fuer-alle-rezeptoren-zur-vierten-ausgabe-des-wunderbaren-sparks-visions-festivals-in-regensburg\/velvetrevolutionjk1_oliverhochkeppel240126\/\" border=\"0\" itemprop=\"url\"> <meta itemprop=\"width\" content=\"287\"> <meta itemprop=\"height\" content=\"161\"> <img decoding=\"async\" class=\"\" data-attachment-id=\"33628\" data-orig-file=\"https:\/\/www.jazzzeitung.de\/cms\/wp-content\/uploads\/2026\/01\/VelvetRevolutionJK1_OliverHochkeppel240126-scaled.jpg\" data-orig-size=\"2560,1437\" data-comments-opened=\"1\" data-image-meta=\"{&quot;aperture&quot;:&quot;0&quot;,&quot;credit&quot;:&quot;&quot;,&quot;camera&quot;:&quot;ILCE-7M3&quot;,&quot;caption&quot;:&quot;&quot;,&quot;created_timestamp&quot;:&quot;1769343172&quot;,&quot;copyright&quot;:&quot;&quot;,&quot;focal_length&quot;:&quot;0&quot;,&quot;iso&quot;:&quot;4000&quot;,&quot;shutter_speed&quot;:&quot;0&quot;,&quot;title&quot;:&quot;&quot;,&quot;orientation&quot;:&quot;0&quot;}\" data-image-title=\"\" data-image-description=\"\" data-medium-file=\"https:\/\/i0.wp.com\/www.jazzzeitung.de\/cms\/wp-content\/uploads\/2026\/01\/VelvetRevolutionJK1_OliverHochkeppel240126-scaled.jpg?fit=300%2C168&#038;ssl=1\" data-large-file=\"https:\/\/i0.wp.com\/www.jazzzeitung.de\/cms\/wp-content\/uploads\/2026\/01\/VelvetRevolutionJK1_OliverHochkeppel240126-scaled.jpg?fit=840%2C471&#038;ssl=1\" src=\"https:\/\/i0.wp.com\/www.jazzzeitung.de\/cms\/wp-content\/uploads\/2026\/01\/VelvetRevolutionJK1_OliverHochkeppel240126-scaled.jpg?w=287&#038;h=161&#038;ssl=1\" srcset=\"https:\/\/i0.wp.com\/www.jazzzeitung.de\/cms\/wp-content\/uploads\/2026\/01\/VelvetRevolutionJK1_OliverHochkeppel240126-scaled.jpg?w=2560&amp;ssl=1 2560w, https:\/\/i0.wp.com\/www.jazzzeitung.de\/cms\/wp-content\/uploads\/2026\/01\/VelvetRevolutionJK1_OliverHochkeppel240126-scaled.jpg?resize=300%2C168&amp;ssl=1 300w, https:\/\/i0.wp.com\/www.jazzzeitung.de\/cms\/wp-content\/uploads\/2026\/01\/VelvetRevolutionJK1_OliverHochkeppel240126-scaled.jpg?resize=900%2C505&amp;ssl=1 900w, https:\/\/i0.wp.com\/www.jazzzeitung.de\/cms\/wp-content\/uploads\/2026\/01\/VelvetRevolutionJK1_OliverHochkeppel240126-scaled.jpg?resize=768%2C431&amp;ssl=1 768w, https:\/\/i0.wp.com\/www.jazzzeitung.de\/cms\/wp-content\/uploads\/2026\/01\/VelvetRevolutionJK1_OliverHochkeppel240126-scaled.jpg?resize=1536%2C862&amp;ssl=1 1536w, https:\/\/i0.wp.com\/www.jazzzeitung.de\/cms\/wp-content\/uploads\/2026\/01\/VelvetRevolutionJK1_OliverHochkeppel240126-scaled.jpg?resize=2048%2C1150&amp;ssl=1 2048w, https:\/\/i0.wp.com\/www.jazzzeitung.de\/cms\/wp-content\/uploads\/2026\/01\/VelvetRevolutionJK1_OliverHochkeppel240126-scaled.jpg?resize=1320%2C741&amp;ssl=1 1320w, https:\/\/i0.wp.com\/www.jazzzeitung.de\/cms\/wp-content\/uploads\/2026\/01\/VelvetRevolutionJK1_OliverHochkeppel240126-scaled.jpg?w=1680&amp;ssl=1 1680w\" width=\"287\" height=\"161\" loading=\"lazy\" data-original-width=\"287\" data-original-height=\"161\" itemprop=\"http:\/\/schema.org\/image\" title=\"\" alt=\"Velvet Revolution &amp; JK1. Foto: Oliver Hochkeppel\" style=\"width: 287px; height: 161px;\" \/> <\/a> <div class=\"tiled-gallery-caption\" itemprop=\"caption description\"> Velvet Revolution &#038; JK1. Foto: Oliver Hochkeppel <\/div> <\/div> <div class=\"tiled-gallery-item tiled-gallery-item-large\" itemprop=\"associatedMedia\" itemscope itemtype=\"http:\/\/schema.org\/ImageObject\"> <a href=\"https:\/\/www.jazzzeitung.de\/cms\/2026\/01\/anregung-fuer-alle-rezeptoren-zur-vierten-ausgabe-des-wunderbaren-sparks-visions-festivals-in-regensburg\/vr_jelenakuljic1_oliverhochkeppel250126\/\" border=\"0\" itemprop=\"url\"> <meta itemprop=\"width\" content=\"287\"> <meta itemprop=\"height\" content=\"191\"> <img decoding=\"async\" class=\"\" data-attachment-id=\"33629\" data-orig-file=\"https:\/\/www.jazzzeitung.de\/cms\/wp-content\/uploads\/2026\/01\/VR_JelenaKuljic1_OliverHochkeppel250126-scaled.jpg\" data-orig-size=\"2560,1702\" data-comments-opened=\"1\" data-image-meta=\"{&quot;aperture&quot;:&quot;0&quot;,&quot;credit&quot;:&quot;&quot;,&quot;camera&quot;:&quot;ILCE-7M3&quot;,&quot;caption&quot;:&quot;&quot;,&quot;created_timestamp&quot;:&quot;1769343300&quot;,&quot;copyright&quot;:&quot;&quot;,&quot;focal_length&quot;:&quot;0&quot;,&quot;iso&quot;:&quot;4000&quot;,&quot;shutter_speed&quot;:&quot;0&quot;,&quot;title&quot;:&quot;&quot;,&quot;orientation&quot;:&quot;0&quot;}\" data-image-title=\"\" data-image-description=\"\" data-medium-file=\"https:\/\/i0.wp.com\/www.jazzzeitung.de\/cms\/wp-content\/uploads\/2026\/01\/VR_JelenaKuljic1_OliverHochkeppel250126-scaled.jpg?fit=300%2C199&#038;ssl=1\" data-large-file=\"https:\/\/i0.wp.com\/www.jazzzeitung.de\/cms\/wp-content\/uploads\/2026\/01\/VR_JelenaKuljic1_OliverHochkeppel250126-scaled.jpg?fit=840%2C558&#038;ssl=1\" src=\"https:\/\/i0.wp.com\/www.jazzzeitung.de\/cms\/wp-content\/uploads\/2026\/01\/VR_JelenaKuljic1_OliverHochkeppel250126-scaled.jpg?w=287&#038;h=191&#038;ssl=1\" srcset=\"https:\/\/i0.wp.com\/www.jazzzeitung.de\/cms\/wp-content\/uploads\/2026\/01\/VR_JelenaKuljic1_OliverHochkeppel250126-scaled.jpg?w=2560&amp;ssl=1 2560w, https:\/\/i0.wp.com\/www.jazzzeitung.de\/cms\/wp-content\/uploads\/2026\/01\/VR_JelenaKuljic1_OliverHochkeppel250126-scaled.jpg?resize=300%2C199&amp;ssl=1 300w, https:\/\/i0.wp.com\/www.jazzzeitung.de\/cms\/wp-content\/uploads\/2026\/01\/VR_JelenaKuljic1_OliverHochkeppel250126-scaled.jpg?resize=900%2C598&amp;ssl=1 900w, https:\/\/i0.wp.com\/www.jazzzeitung.de\/cms\/wp-content\/uploads\/2026\/01\/VR_JelenaKuljic1_OliverHochkeppel250126-scaled.jpg?resize=768%2C511&amp;ssl=1 768w, https:\/\/i0.wp.com\/www.jazzzeitung.de\/cms\/wp-content\/uploads\/2026\/01\/VR_JelenaKuljic1_OliverHochkeppel250126-scaled.jpg?resize=1536%2C1021&amp;ssl=1 1536w, https:\/\/i0.wp.com\/www.jazzzeitung.de\/cms\/wp-content\/uploads\/2026\/01\/VR_JelenaKuljic1_OliverHochkeppel250126-scaled.jpg?resize=2048%2C1362&amp;ssl=1 2048w, https:\/\/i0.wp.com\/www.jazzzeitung.de\/cms\/wp-content\/uploads\/2026\/01\/VR_JelenaKuljic1_OliverHochkeppel250126-scaled.jpg?resize=120%2C80&amp;ssl=1 120w, https:\/\/i0.wp.com\/www.jazzzeitung.de\/cms\/wp-content\/uploads\/2026\/01\/VR_JelenaKuljic1_OliverHochkeppel250126-scaled.jpg?resize=1320%2C878&amp;ssl=1 1320w, https:\/\/i0.wp.com\/www.jazzzeitung.de\/cms\/wp-content\/uploads\/2026\/01\/VR_JelenaKuljic1_OliverHochkeppel250126-scaled.jpg?w=1680&amp;ssl=1 1680w\" width=\"287\" height=\"191\" loading=\"lazy\" data-original-width=\"287\" data-original-height=\"191\" itemprop=\"http:\/\/schema.org\/image\" title=\"\" alt=\"Velvet Revolution &amp; Jelena Kuljic. Foto: Oliver Hochkeppel\" style=\"width: 287px; height: 191px;\" \/> <\/a> <div class=\"tiled-gallery-caption\" itemprop=\"caption description\"> Velvet Revolution &#038; Jelena Kuljic. Foto: Oliver Hochkeppel <\/div> <\/div> <div class=\"tiled-gallery-item tiled-gallery-item-large\" itemprop=\"associatedMedia\" itemscope itemtype=\"http:\/\/schema.org\/ImageObject\"> <a href=\"https:\/\/www.jazzzeitung.de\/cms\/2026\/01\/anregung-fuer-alle-rezeptoren-zur-vierten-ausgabe-des-wunderbaren-sparks-visions-festivals-in-regensburg\/vr_jimhart1_oliverhochkeppel250126\/\" border=\"0\" itemprop=\"url\"> <meta itemprop=\"width\" content=\"287\"> <meta itemprop=\"height\" content=\"190\"> <img decoding=\"async\" class=\"\" data-attachment-id=\"33630\" data-orig-file=\"https:\/\/www.jazzzeitung.de\/cms\/wp-content\/uploads\/2026\/01\/VR_JimHart1_OliverHochkeppel250126-scaled.jpg\" data-orig-size=\"2560,1699\" data-comments-opened=\"1\" data-image-meta=\"{&quot;aperture&quot;:&quot;0&quot;,&quot;credit&quot;:&quot;&quot;,&quot;camera&quot;:&quot;ILCE-7M3&quot;,&quot;caption&quot;:&quot;&quot;,&quot;created_timestamp&quot;:&quot;1769343835&quot;,&quot;copyright&quot;:&quot;&quot;,&quot;focal_length&quot;:&quot;0&quot;,&quot;iso&quot;:&quot;4000&quot;,&quot;shutter_speed&quot;:&quot;0&quot;,&quot;title&quot;:&quot;&quot;,&quot;orientation&quot;:&quot;0&quot;}\" data-image-title=\"\" data-image-description=\"\" data-medium-file=\"https:\/\/i0.wp.com\/www.jazzzeitung.de\/cms\/wp-content\/uploads\/2026\/01\/VR_JimHart1_OliverHochkeppel250126-scaled.jpg?fit=300%2C199&#038;ssl=1\" data-large-file=\"https:\/\/i0.wp.com\/www.jazzzeitung.de\/cms\/wp-content\/uploads\/2026\/01\/VR_JimHart1_OliverHochkeppel250126-scaled.jpg?fit=840%2C557&#038;ssl=1\" src=\"https:\/\/i0.wp.com\/www.jazzzeitung.de\/cms\/wp-content\/uploads\/2026\/01\/VR_JimHart1_OliverHochkeppel250126-scaled.jpg?w=287&#038;h=190&#038;ssl=1\" srcset=\"https:\/\/i0.wp.com\/www.jazzzeitung.de\/cms\/wp-content\/uploads\/2026\/01\/VR_JimHart1_OliverHochkeppel250126-scaled.jpg?w=2560&amp;ssl=1 2560w, https:\/\/i0.wp.com\/www.jazzzeitung.de\/cms\/wp-content\/uploads\/2026\/01\/VR_JimHart1_OliverHochkeppel250126-scaled.jpg?resize=300%2C199&amp;ssl=1 300w, https:\/\/i0.wp.com\/www.jazzzeitung.de\/cms\/wp-content\/uploads\/2026\/01\/VR_JimHart1_OliverHochkeppel250126-scaled.jpg?resize=900%2C597&amp;ssl=1 900w, https:\/\/i0.wp.com\/www.jazzzeitung.de\/cms\/wp-content\/uploads\/2026\/01\/VR_JimHart1_OliverHochkeppel250126-scaled.jpg?resize=768%2C510&amp;ssl=1 768w, https:\/\/i0.wp.com\/www.jazzzeitung.de\/cms\/wp-content\/uploads\/2026\/01\/VR_JimHart1_OliverHochkeppel250126-scaled.jpg?resize=1536%2C1019&amp;ssl=1 1536w, https:\/\/i0.wp.com\/www.jazzzeitung.de\/cms\/wp-content\/uploads\/2026\/01\/VR_JimHart1_OliverHochkeppel250126-scaled.jpg?resize=2048%2C1359&amp;ssl=1 2048w, https:\/\/i0.wp.com\/www.jazzzeitung.de\/cms\/wp-content\/uploads\/2026\/01\/VR_JimHart1_OliverHochkeppel250126-scaled.jpg?resize=120%2C80&amp;ssl=1 120w, https:\/\/i0.wp.com\/www.jazzzeitung.de\/cms\/wp-content\/uploads\/2026\/01\/VR_JimHart1_OliverHochkeppel250126-scaled.jpg?resize=1320%2C876&amp;ssl=1 1320w, https:\/\/i0.wp.com\/www.jazzzeitung.de\/cms\/wp-content\/uploads\/2026\/01\/VR_JimHart1_OliverHochkeppel250126-scaled.jpg?w=1680&amp;ssl=1 1680w\" width=\"287\" height=\"190\" loading=\"lazy\" data-original-width=\"287\" data-original-height=\"190\" itemprop=\"http:\/\/schema.org\/image\" title=\"\" alt=\"Velvet Revolution: Jim Hart. Foto: Oliver Hochkeppel\" style=\"width: 287px; height: 190px;\" \/> <\/a> <div class=\"tiled-gallery-caption\" itemprop=\"caption description\"> Velvet Revolution: Jim Hart. Foto: Oliver Hochkeppel <\/div> <\/div> <\/div> <!-- close group --> <\/div> <!-- close row --> <\/div>\n<p>Ganz anders, aber nicht weniger eindrucksvoll, war die \u201eShow\u201c, mit der es in den Sonntagvormittag ging. Daniel Erdmanns verdienstvolle Band \u201eVelvet Revolution\u201c widmete sich nicht nur Andy Warhols \u201eVelvet Revolution\u201c, mit der man namenstechnisch st\u00e4ndig verwechselt wird \u2013 was nebenbei bemerkt f\u00fcr Erdmanns ausgepr\u00e4gten Humor spricht, den man auch in seiner Musik findet, etwa an der Seite von Aki Takase -, sozusagen in die Rolle der Velvet-Underground-S\u00e4ngerin Nico schl\u00fcpfte auch noch Jelena Kulji\u0107. Sie ist, ausgewiesen durch Projekte wie \u201eKuu!\u201c, nicht nur eine der fesselndsten Stimmen der Republik, sie beherrscht \u2013 nicht ohne Grund ist sie Ensemble-Mitglied der M\u00fcnchner Kammerspiele &#8211; auch jeden Raum und jede B\u00fchne, sobald sie ihn oder sie betritt. So entspann sich auch hier ein spannender Dialog zwischen Indie-Pop, Modern Music und Jazz.<\/p>\n<p>Zum Ausklang erklang dann noch die sph\u00e4rische Harfe von Brandee Younger, deren oft an Alice Coltrane orientiertes eigenes Spiel zwar vielleicht allzu gef\u00e4llig war \u2013 zumindest im Vergleich zu Harfen-Revoluzzerinnen wie Sylvie Campiche oder auch Kathrin Pechlof -, aber in ihrem Trio mit Allan Mednard einen grandiosen, trotzdem noch weithin unbekannten Schlagzeuger pr\u00e4sentierte. \u00dcbrigens waren sie bezeichnenderweise \u2013 spiegelt es doch die Entwicklung der Innovationen im Jazz-Bereich &#8211; die ersten amerikanischen G\u00e4ste in den vier Jahren von \u201eSparks &amp; Visions\u201c.<\/p>\n<p>Nat\u00fcrlich und zum Gl\u00fcck ist \u201eSparks &amp; Visions\u201c kein Konsensfestival. Hier dominiert keine Spielart des Jazz, hier wird keinem Trend, keiner Mode und keinem vermeintlich gro\u00dfen Namen nachgelaufen. Vielmehr geht es hier ausschlie\u00dflich um Pers\u00f6nlichkeit. Um die unverkennbare Individualit\u00e4t, die bei den wirklich interessanten Musikern in ihrer Musik zum Ausdruck kommt, und die damit Stellung beziehen.<\/p>\n<p>So muss einem nicht alles gefallen. Manch einer etwa war von Nitai Hershkovitz entt\u00e4uscht, war dessen Vortrag doch allzu harmlos. Beginnend mit einer noch musikhistorisch interessanten Entdeckung eines brasilianischen Komponisten aus dem fr\u00fchen 20. Jahrhundert (bei dem man eine gewisserma\u00dfen noch undefinierte N\u00e4he zu Chopin, Grieg und dem Early Jazz entdecken konnte), dann aber immer mehr in Yann-Thiersen-artige Wohlklang-B\u00e4der abgleitend. Mancher Hardcore-Jazz konnte sicher wenig mit Zsofia Boros anfangen, andere wiederum sind von den komplexen Gewittern eines Marius Neset \u00fcberfordert.<\/p>\n<p>Ganz sicher aber ist f\u00fcr jeden etwas dabei, und auch das subjektiv Entt\u00e4uschende entt\u00e4uscht interessant. Drei alle Rezeptoren anregende Tage &#8211; so war auch (und ganz besonders) diese vierte Ausgabe von \u201eSparks &amp; Visions\u201c ein Festival, das lange nachklingt. Mehr kann man nicht verlangen.<\/p>\n<p>Unser Titelfoto zeigt die Harfenistin Brandee Younger. Text und Fotos: Oliver Hochkeppel<\/p>\n","protected":false},"excerpt":{"rendered":"<p>Die vierte Ausgabe des \u201eSparks &amp; Visions\u201c-Festivals im Theater Regensburg ist soeben \u00e4u\u00dferst erfolgreich zu Ende gegangen. Alles lief wie am Schn\u00fcrchen, die Teams von Festival und Theater arbeiteten reibungslos zusammen, Pressevertreter aus nah und fern waren da, und einen Zuschauerrekord gab es auch. Man darf also mit Fug und Recht sagen, dass sich das von der Agenturchefin Anastasia Wolkenstein erfundene, programmierte und geleitete junge Festival etabliert hat. Was ja zun\u00e4chst noch nichts \u00fcber den k\u00fcnstlerischen Wert aussagt, nicht wenige Festivals verdanken ihren Zuspruch auch modischem Populismus. Doch \u201eSparks &amp; Visions\u201c \u00fcberzeugte auch inhaltlich wieder auf ganzer Linie. Nat\u00fcrlich ist es in letzter Konsequenz ein Jazz-Festival, doch wie der Titel schon andeutet, k\u00fcmmert sich Wolkenstein nicht allzu sehr um Genre-Definitionen oder -abgrenzungen. Es geht schlicht um Musik, die ber\u00fchrt oder mitrei\u00dft. Bei drei Konzerten pro Abend beziehungsweise zwei am Sonntagvormittag will das auch dramaturgisch sorgsam aufgebaut sein \u2013 was ebenfalls musterg\u00fcltig gelang. So er\u00f6ffnete das Duo Fil der Stimmartistin Leila Martial und des Cello-Klangforschers Valentin Ceccaldi den Reigen mit schillernden, mal kontemplativen, mal dynamischen Experimenten. Musik, die den Kopf frei machte f\u00fcr Kommendes. In diesem &hellip;<\/p>\n","protected":false},"author":18,"featured_media":33632,"comment_status":"open","ping_status":"closed","sticky":false,"template":"","format":"standard","meta":{"_jetpack_memberships_contains_paid_content":false,"footnotes":"","jetpack_publicize_message":"","jetpack_publicize_feature_enabled":true,"jetpack_social_post_already_shared":true,"jetpack_social_options":{"image_generator_settings":{"template":"highway","default_image_id":0,"font":"","enabled":false},"version":2}},"categories":[1053],"tags":[3153,5764,3430,5761,5570,5762,4495,4578,3570,3047,5763],"coauthors":[695],"class_list":["post-33616","post","type-post","status-publish","format-standard","has-post-thumbnail","hentry","category-bericht","tag-bjoern-meyer","tag-jelena-kuljic","tag-jim-hart","tag-leila-martial","tag-makiko-hirabayashi","tag-reuben-james","tag-sparks-visions","tag-stadttheater-regensburg","tag-valentin-ceccaldi","tag-velvet-revolution","tag-zsofia-boros"],"yoast_head":"<!-- This site is optimized with the Yoast SEO plugin v27.5 - https:\/\/yoast.com\/product\/yoast-seo-wordpress\/ -->\n<title>Anregung f\u00fcr alle Rezeptoren: Zur vierten Ausgabe des wunderbaren \u201eSparks &amp; Visions\u201c-Festivals in Regensburg - JazzZeitung<\/title>\n<meta name=\"robots\" content=\"index, follow, max-snippet:-1, max-image-preview:large, max-video-preview:-1\" \/>\n<link rel=\"canonical\" href=\"https:\/\/www.jazzzeitung.de\/cms\/2026\/01\/anregung-fuer-alle-rezeptoren-zur-vierten-ausgabe-des-wunderbaren-sparks-visions-festivals-in-regensburg\/\" \/>\n<meta property=\"og:locale\" content=\"de_DE\" \/>\n<meta property=\"og:type\" content=\"article\" \/>\n<meta property=\"og:title\" content=\"Anregung f\u00fcr alle Rezeptoren: Zur vierten Ausgabe des wunderbaren \u201eSparks &amp; Visions\u201c-Festivals in Regensburg - JazzZeitung\" \/>\n<meta property=\"og:description\" content=\"Die vierte Ausgabe des \u201eSparks &amp; Visions\u201c-Festivals im Theater Regensburg ist soeben \u00e4u\u00dferst erfolgreich zu Ende gegangen. Alles lief wie am Schn\u00fcrchen, die Teams von Festival und Theater arbeiteten reibungslos zusammen, Pressevertreter aus nah und fern waren da, und einen Zuschauerrekord gab es auch. Man darf also mit Fug und Recht sagen, dass sich das von der Agenturchefin Anastasia Wolkenstein erfundene, programmierte und geleitete junge Festival etabliert hat. Was ja zun\u00e4chst noch nichts \u00fcber den k\u00fcnstlerischen Wert aussagt, nicht wenige Festivals verdanken ihren Zuspruch auch modischem Populismus. Doch \u201eSparks &amp; Visions\u201c \u00fcberzeugte auch inhaltlich wieder auf ganzer Linie. Nat\u00fcrlich ist es in letzter Konsequenz ein Jazz-Festival, doch wie der Titel schon andeutet, k\u00fcmmert sich Wolkenstein nicht allzu sehr um Genre-Definitionen oder -abgrenzungen. Es geht schlicht um Musik, die ber\u00fchrt oder mitrei\u00dft. Bei drei Konzerten pro Abend beziehungsweise zwei am Sonntagvormittag will das auch dramaturgisch sorgsam aufgebaut sein \u2013 was ebenfalls musterg\u00fcltig gelang. So er\u00f6ffnete das Duo Fil der Stimmartistin Leila Martial und des Cello-Klangforschers Valentin Ceccaldi den Reigen mit schillernden, mal kontemplativen, mal dynamischen Experimenten. Musik, die den Kopf frei machte f\u00fcr Kommendes. In diesem &hellip;\" \/>\n<meta property=\"og:url\" content=\"https:\/\/www.jazzzeitung.de\/cms\/2026\/01\/anregung-fuer-alle-rezeptoren-zur-vierten-ausgabe-des-wunderbaren-sparks-visions-festivals-in-regensburg\/\" \/>\n<meta property=\"og:site_name\" content=\"JazzZeitung\" \/>\n<meta property=\"article:publisher\" content=\"https:\/\/www.facebook.com\/JazzZeitung\/\" \/>\n<meta property=\"article:published_time\" content=\"2026-01-27T12:40:05+00:00\" \/>\n<meta property=\"article:modified_time\" content=\"2026-01-28T09:33:35+00:00\" \/>\n<meta property=\"og:image\" content=\"https:\/\/www.jazzzeitung.de\/cms\/wp-content\/uploads\/2026\/01\/BrandeeYounger1_OliverHochkeppel240126-scaled.jpg\" \/>\n\t<meta property=\"og:image:width\" content=\"2560\" \/>\n\t<meta property=\"og:image:height\" content=\"1703\" \/>\n\t<meta property=\"og:image:type\" content=\"image\/jpeg\" \/>\n<meta name=\"author\" content=\"Redaktion JazzZeitung\" \/>\n<script type=\"application\/ld+json\" class=\"yoast-schema-graph\">{\"@context\":\"https:\\\/\\\/schema.org\",\"@graph\":[{\"@type\":\"Article\",\"@id\":\"https:\\\/\\\/www.jazzzeitung.de\\\/cms\\\/2026\\\/01\\\/anregung-fuer-alle-rezeptoren-zur-vierten-ausgabe-des-wunderbaren-sparks-visions-festivals-in-regensburg\\\/#article\",\"isPartOf\":{\"@id\":\"https:\\\/\\\/www.jazzzeitung.de\\\/cms\\\/2026\\\/01\\\/anregung-fuer-alle-rezeptoren-zur-vierten-ausgabe-des-wunderbaren-sparks-visions-festivals-in-regensburg\\\/\"},\"author\":{\"name\":\"Redaktion JazzZeitung\",\"@id\":\"https:\\\/\\\/www.jazzzeitung.de\\\/cms\\\/#\\\/schema\\\/person\\\/2245b36b9cd1d24cea10f01c031fb92b\"},\"headline\":\"Anregung f\u00fcr alle Rezeptoren: Zur vierten Ausgabe des wunderbaren \u201eSparks &#038; Visions\u201c-Festivals in Regensburg\",\"datePublished\":\"2026-01-27T12:40:05+00:00\",\"dateModified\":\"2026-01-28T09:33:35+00:00\",\"mainEntityOfPage\":{\"@id\":\"https:\\\/\\\/www.jazzzeitung.de\\\/cms\\\/2026\\\/01\\\/anregung-fuer-alle-rezeptoren-zur-vierten-ausgabe-des-wunderbaren-sparks-visions-festivals-in-regensburg\\\/\"},\"wordCount\":814,\"commentCount\":0,\"publisher\":{\"@id\":\"https:\\\/\\\/www.jazzzeitung.de\\\/cms\\\/#organization\"},\"image\":{\"@id\":\"https:\\\/\\\/www.jazzzeitung.de\\\/cms\\\/2026\\\/01\\\/anregung-fuer-alle-rezeptoren-zur-vierten-ausgabe-des-wunderbaren-sparks-visions-festivals-in-regensburg\\\/#primaryimage\"},\"thumbnailUrl\":\"https:\\\/\\\/i0.wp.com\\\/www.jazzzeitung.de\\\/cms\\\/wp-content\\\/uploads\\\/2026\\\/01\\\/BrandeeYounger1_OliverHochkeppel240126-scaled.jpg?fit=2560%2C1703&ssl=1\",\"keywords\":[\"Bj\u00f6rn Meyer\",\"Jelena Kulji\u0107\",\"Jim Hart\",\"Leila Martial\",\"Makiko Hirabayashi\",\"Reuben James\",\"Sparks &amp; Visions\",\"Stadttheater Regensburg\",\"Valentin Ceccaldi\",\"Velvet Revolution\",\"Zs\u00f3fia Boros\"],\"articleSection\":[\"Bericht\"],\"inLanguage\":\"de\",\"potentialAction\":[{\"@type\":\"CommentAction\",\"name\":\"Comment\",\"target\":[\"https:\\\/\\\/www.jazzzeitung.de\\\/cms\\\/2026\\\/01\\\/anregung-fuer-alle-rezeptoren-zur-vierten-ausgabe-des-wunderbaren-sparks-visions-festivals-in-regensburg\\\/#respond\"]}]},{\"@type\":\"WebPage\",\"@id\":\"https:\\\/\\\/www.jazzzeitung.de\\\/cms\\\/2026\\\/01\\\/anregung-fuer-alle-rezeptoren-zur-vierten-ausgabe-des-wunderbaren-sparks-visions-festivals-in-regensburg\\\/\",\"url\":\"https:\\\/\\\/www.jazzzeitung.de\\\/cms\\\/2026\\\/01\\\/anregung-fuer-alle-rezeptoren-zur-vierten-ausgabe-des-wunderbaren-sparks-visions-festivals-in-regensburg\\\/\",\"name\":\"Anregung f\u00fcr alle Rezeptoren: Zur vierten Ausgabe des wunderbaren \u201eSparks & Visions\u201c-Festivals in Regensburg - JazzZeitung\",\"isPartOf\":{\"@id\":\"https:\\\/\\\/www.jazzzeitung.de\\\/cms\\\/#website\"},\"primaryImageOfPage\":{\"@id\":\"https:\\\/\\\/www.jazzzeitung.de\\\/cms\\\/2026\\\/01\\\/anregung-fuer-alle-rezeptoren-zur-vierten-ausgabe-des-wunderbaren-sparks-visions-festivals-in-regensburg\\\/#primaryimage\"},\"image\":{\"@id\":\"https:\\\/\\\/www.jazzzeitung.de\\\/cms\\\/2026\\\/01\\\/anregung-fuer-alle-rezeptoren-zur-vierten-ausgabe-des-wunderbaren-sparks-visions-festivals-in-regensburg\\\/#primaryimage\"},\"thumbnailUrl\":\"https:\\\/\\\/i0.wp.com\\\/www.jazzzeitung.de\\\/cms\\\/wp-content\\\/uploads\\\/2026\\\/01\\\/BrandeeYounger1_OliverHochkeppel240126-scaled.jpg?fit=2560%2C1703&ssl=1\",\"datePublished\":\"2026-01-27T12:40:05+00:00\",\"dateModified\":\"2026-01-28T09:33:35+00:00\",\"breadcrumb\":{\"@id\":\"https:\\\/\\\/www.jazzzeitung.de\\\/cms\\\/2026\\\/01\\\/anregung-fuer-alle-rezeptoren-zur-vierten-ausgabe-des-wunderbaren-sparks-visions-festivals-in-regensburg\\\/#breadcrumb\"},\"inLanguage\":\"de\",\"potentialAction\":[{\"@type\":\"ReadAction\",\"target\":[\"https:\\\/\\\/www.jazzzeitung.de\\\/cms\\\/2026\\\/01\\\/anregung-fuer-alle-rezeptoren-zur-vierten-ausgabe-des-wunderbaren-sparks-visions-festivals-in-regensburg\\\/\"]}]},{\"@type\":\"ImageObject\",\"inLanguage\":\"de\",\"@id\":\"https:\\\/\\\/www.jazzzeitung.de\\\/cms\\\/2026\\\/01\\\/anregung-fuer-alle-rezeptoren-zur-vierten-ausgabe-des-wunderbaren-sparks-visions-festivals-in-regensburg\\\/#primaryimage\",\"url\":\"https:\\\/\\\/i0.wp.com\\\/www.jazzzeitung.de\\\/cms\\\/wp-content\\\/uploads\\\/2026\\\/01\\\/BrandeeYounger1_OliverHochkeppel240126-scaled.jpg?fit=2560%2C1703&ssl=1\",\"contentUrl\":\"https:\\\/\\\/i0.wp.com\\\/www.jazzzeitung.de\\\/cms\\\/wp-content\\\/uploads\\\/2026\\\/01\\\/BrandeeYounger1_OliverHochkeppel240126-scaled.jpg?fit=2560%2C1703&ssl=1\",\"width\":2560,\"height\":1703},{\"@type\":\"BreadcrumbList\",\"@id\":\"https:\\\/\\\/www.jazzzeitung.de\\\/cms\\\/2026\\\/01\\\/anregung-fuer-alle-rezeptoren-zur-vierten-ausgabe-des-wunderbaren-sparks-visions-festivals-in-regensburg\\\/#breadcrumb\",\"itemListElement\":[{\"@type\":\"ListItem\",\"position\":1,\"name\":\"Startseite\",\"item\":\"https:\\\/\\\/www.jazzzeitung.de\\\/cms\\\/\"},{\"@type\":\"ListItem\",\"position\":2,\"name\":\"Anregung f\u00fcr alle Rezeptoren: Zur vierten Ausgabe des wunderbaren \u201eSparks &#038; Visions\u201c-Festivals in Regensburg\"}]},{\"@type\":\"WebSite\",\"@id\":\"https:\\\/\\\/www.jazzzeitung.de\\\/cms\\\/#website\",\"url\":\"https:\\\/\\\/www.jazzzeitung.de\\\/cms\\\/\",\"name\":\"JazzZeitung\",\"description\":\"Jazz-News und Jazz-Kontroverses\",\"publisher\":{\"@id\":\"https:\\\/\\\/www.jazzzeitung.de\\\/cms\\\/#organization\"},\"potentialAction\":[{\"@type\":\"SearchAction\",\"target\":{\"@type\":\"EntryPoint\",\"urlTemplate\":\"https:\\\/\\\/www.jazzzeitung.de\\\/cms\\\/?s={search_term_string}\"},\"query-input\":{\"@type\":\"PropertyValueSpecification\",\"valueRequired\":true,\"valueName\":\"search_term_string\"}}],\"inLanguage\":\"de\"},{\"@type\":\"Organization\",\"@id\":\"https:\\\/\\\/www.jazzzeitung.de\\\/cms\\\/#organization\",\"name\":\"JazzZeitung online\",\"url\":\"https:\\\/\\\/www.jazzzeitung.de\\\/cms\\\/\",\"logo\":{\"@type\":\"ImageObject\",\"inLanguage\":\"de\",\"@id\":\"https:\\\/\\\/www.jazzzeitung.de\\\/cms\\\/#\\\/schema\\\/logo\\\/image\\\/\",\"url\":\"https:\\\/\\\/i0.wp.com\\\/www.jazzzeitung.de\\\/cms\\\/wp-content\\\/uploads\\\/2015\\\/08\\\/JAZZZEITUNGDE_Logo_Neu.png?fit=499%2C200&ssl=1\",\"contentUrl\":\"https:\\\/\\\/i0.wp.com\\\/www.jazzzeitung.de\\\/cms\\\/wp-content\\\/uploads\\\/2015\\\/08\\\/JAZZZEITUNGDE_Logo_Neu.png?fit=499%2C200&ssl=1\",\"width\":499,\"height\":200,\"caption\":\"JazzZeitung online\"},\"image\":{\"@id\":\"https:\\\/\\\/www.jazzzeitung.de\\\/cms\\\/#\\\/schema\\\/logo\\\/image\\\/\"},\"sameAs\":[\"https:\\\/\\\/www.facebook.com\\\/JazzZeitung\\\/\"]},{\"@type\":\"Person\",\"@id\":\"https:\\\/\\\/www.jazzzeitung.de\\\/cms\\\/#\\\/schema\\\/person\\\/2245b36b9cd1d24cea10f01c031fb92b\",\"name\":\"Redaktion JazzZeitung\",\"image\":{\"@type\":\"ImageObject\",\"inLanguage\":\"de\",\"@id\":\"https:\\\/\\\/i0.wp.com\\\/www.jazzzeitung.de\\\/cms\\\/wp-content\\\/uploads\\\/2015\\\/08\\\/JAZZZEITUNGDE_Logo_Neu.png?resize=96%2C96&ssl=159975dcacb611b5700bd619b5daf0a7a\",\"url\":\"https:\\\/\\\/i0.wp.com\\\/www.jazzzeitung.de\\\/cms\\\/wp-content\\\/uploads\\\/2015\\\/08\\\/JAZZZEITUNGDE_Logo_Neu.png?resize=96%2C96&ssl=1\",\"contentUrl\":\"https:\\\/\\\/i0.wp.com\\\/www.jazzzeitung.de\\\/cms\\\/wp-content\\\/uploads\\\/2015\\\/08\\\/JAZZZEITUNGDE_Logo_Neu.png?resize=96%2C96&ssl=1\",\"caption\":\"Redaktion JazzZeitung\"},\"description\":\"Artikel der Redaktion der JazzZeitung.\",\"sameAs\":[\"http:\\\/\\\/www.jazzzeitung.de\\\/cms\\\/\"],\"url\":\"https:\\\/\\\/www.jazzzeitung.de\\\/cms\\\/author\\\/redaktion\\\/\"}]}<\/script>\n<!-- \/ Yoast SEO plugin. -->","yoast_head_json":{"title":"Anregung f\u00fcr alle Rezeptoren: Zur vierten Ausgabe des wunderbaren \u201eSparks & Visions\u201c-Festivals in Regensburg - JazzZeitung","robots":{"index":"index","follow":"follow","max-snippet":"max-snippet:-1","max-image-preview":"max-image-preview:large","max-video-preview":"max-video-preview:-1"},"canonical":"https:\/\/www.jazzzeitung.de\/cms\/2026\/01\/anregung-fuer-alle-rezeptoren-zur-vierten-ausgabe-des-wunderbaren-sparks-visions-festivals-in-regensburg\/","og_locale":"de_DE","og_type":"article","og_title":"Anregung f\u00fcr alle Rezeptoren: Zur vierten Ausgabe des wunderbaren \u201eSparks & Visions\u201c-Festivals in Regensburg - JazzZeitung","og_description":"Die vierte Ausgabe des \u201eSparks &amp; Visions\u201c-Festivals im Theater Regensburg ist soeben \u00e4u\u00dferst erfolgreich zu Ende gegangen. Alles lief wie am Schn\u00fcrchen, die Teams von Festival und Theater arbeiteten reibungslos zusammen, Pressevertreter aus nah und fern waren da, und einen Zuschauerrekord gab es auch. Man darf also mit Fug und Recht sagen, dass sich das von der Agenturchefin Anastasia Wolkenstein erfundene, programmierte und geleitete junge Festival etabliert hat. Was ja zun\u00e4chst noch nichts \u00fcber den k\u00fcnstlerischen Wert aussagt, nicht wenige Festivals verdanken ihren Zuspruch auch modischem Populismus. Doch \u201eSparks &amp; Visions\u201c \u00fcberzeugte auch inhaltlich wieder auf ganzer Linie. Nat\u00fcrlich ist es in letzter Konsequenz ein Jazz-Festival, doch wie der Titel schon andeutet, k\u00fcmmert sich Wolkenstein nicht allzu sehr um Genre-Definitionen oder -abgrenzungen. Es geht schlicht um Musik, die ber\u00fchrt oder mitrei\u00dft. Bei drei Konzerten pro Abend beziehungsweise zwei am Sonntagvormittag will das auch dramaturgisch sorgsam aufgebaut sein \u2013 was ebenfalls musterg\u00fcltig gelang. So er\u00f6ffnete das Duo Fil der Stimmartistin Leila Martial und des Cello-Klangforschers Valentin Ceccaldi den Reigen mit schillernden, mal kontemplativen, mal dynamischen Experimenten. Musik, die den Kopf frei machte f\u00fcr Kommendes. In diesem &hellip;","og_url":"https:\/\/www.jazzzeitung.de\/cms\/2026\/01\/anregung-fuer-alle-rezeptoren-zur-vierten-ausgabe-des-wunderbaren-sparks-visions-festivals-in-regensburg\/","og_site_name":"JazzZeitung","article_publisher":"https:\/\/www.facebook.com\/JazzZeitung\/","article_published_time":"2026-01-27T12:40:05+00:00","article_modified_time":"2026-01-28T09:33:35+00:00","og_image":[{"width":2560,"height":1703,"url":"https:\/\/www.jazzzeitung.de\/cms\/wp-content\/uploads\/2026\/01\/BrandeeYounger1_OliverHochkeppel240126-scaled.jpg","type":"image\/jpeg"}],"author":"Redaktion JazzZeitung","schema":{"@context":"https:\/\/schema.org","@graph":[{"@type":"Article","@id":"https:\/\/www.jazzzeitung.de\/cms\/2026\/01\/anregung-fuer-alle-rezeptoren-zur-vierten-ausgabe-des-wunderbaren-sparks-visions-festivals-in-regensburg\/#article","isPartOf":{"@id":"https:\/\/www.jazzzeitung.de\/cms\/2026\/01\/anregung-fuer-alle-rezeptoren-zur-vierten-ausgabe-des-wunderbaren-sparks-visions-festivals-in-regensburg\/"},"author":{"name":"Redaktion JazzZeitung","@id":"https:\/\/www.jazzzeitung.de\/cms\/#\/schema\/person\/2245b36b9cd1d24cea10f01c031fb92b"},"headline":"Anregung f\u00fcr alle Rezeptoren: Zur vierten Ausgabe des wunderbaren \u201eSparks &#038; Visions\u201c-Festivals in Regensburg","datePublished":"2026-01-27T12:40:05+00:00","dateModified":"2026-01-28T09:33:35+00:00","mainEntityOfPage":{"@id":"https:\/\/www.jazzzeitung.de\/cms\/2026\/01\/anregung-fuer-alle-rezeptoren-zur-vierten-ausgabe-des-wunderbaren-sparks-visions-festivals-in-regensburg\/"},"wordCount":814,"commentCount":0,"publisher":{"@id":"https:\/\/www.jazzzeitung.de\/cms\/#organization"},"image":{"@id":"https:\/\/www.jazzzeitung.de\/cms\/2026\/01\/anregung-fuer-alle-rezeptoren-zur-vierten-ausgabe-des-wunderbaren-sparks-visions-festivals-in-regensburg\/#primaryimage"},"thumbnailUrl":"https:\/\/i0.wp.com\/www.jazzzeitung.de\/cms\/wp-content\/uploads\/2026\/01\/BrandeeYounger1_OliverHochkeppel240126-scaled.jpg?fit=2560%2C1703&ssl=1","keywords":["Bj\u00f6rn Meyer","Jelena Kulji\u0107","Jim Hart","Leila Martial","Makiko Hirabayashi","Reuben James","Sparks &amp; Visions","Stadttheater Regensburg","Valentin Ceccaldi","Velvet Revolution","Zs\u00f3fia Boros"],"articleSection":["Bericht"],"inLanguage":"de","potentialAction":[{"@type":"CommentAction","name":"Comment","target":["https:\/\/www.jazzzeitung.de\/cms\/2026\/01\/anregung-fuer-alle-rezeptoren-zur-vierten-ausgabe-des-wunderbaren-sparks-visions-festivals-in-regensburg\/#respond"]}]},{"@type":"WebPage","@id":"https:\/\/www.jazzzeitung.de\/cms\/2026\/01\/anregung-fuer-alle-rezeptoren-zur-vierten-ausgabe-des-wunderbaren-sparks-visions-festivals-in-regensburg\/","url":"https:\/\/www.jazzzeitung.de\/cms\/2026\/01\/anregung-fuer-alle-rezeptoren-zur-vierten-ausgabe-des-wunderbaren-sparks-visions-festivals-in-regensburg\/","name":"Anregung f\u00fcr alle Rezeptoren: Zur vierten Ausgabe des wunderbaren \u201eSparks & Visions\u201c-Festivals in Regensburg - JazzZeitung","isPartOf":{"@id":"https:\/\/www.jazzzeitung.de\/cms\/#website"},"primaryImageOfPage":{"@id":"https:\/\/www.jazzzeitung.de\/cms\/2026\/01\/anregung-fuer-alle-rezeptoren-zur-vierten-ausgabe-des-wunderbaren-sparks-visions-festivals-in-regensburg\/#primaryimage"},"image":{"@id":"https:\/\/www.jazzzeitung.de\/cms\/2026\/01\/anregung-fuer-alle-rezeptoren-zur-vierten-ausgabe-des-wunderbaren-sparks-visions-festivals-in-regensburg\/#primaryimage"},"thumbnailUrl":"https:\/\/i0.wp.com\/www.jazzzeitung.de\/cms\/wp-content\/uploads\/2026\/01\/BrandeeYounger1_OliverHochkeppel240126-scaled.jpg?fit=2560%2C1703&ssl=1","datePublished":"2026-01-27T12:40:05+00:00","dateModified":"2026-01-28T09:33:35+00:00","breadcrumb":{"@id":"https:\/\/www.jazzzeitung.de\/cms\/2026\/01\/anregung-fuer-alle-rezeptoren-zur-vierten-ausgabe-des-wunderbaren-sparks-visions-festivals-in-regensburg\/#breadcrumb"},"inLanguage":"de","potentialAction":[{"@type":"ReadAction","target":["https:\/\/www.jazzzeitung.de\/cms\/2026\/01\/anregung-fuer-alle-rezeptoren-zur-vierten-ausgabe-des-wunderbaren-sparks-visions-festivals-in-regensburg\/"]}]},{"@type":"ImageObject","inLanguage":"de","@id":"https:\/\/www.jazzzeitung.de\/cms\/2026\/01\/anregung-fuer-alle-rezeptoren-zur-vierten-ausgabe-des-wunderbaren-sparks-visions-festivals-in-regensburg\/#primaryimage","url":"https:\/\/i0.wp.com\/www.jazzzeitung.de\/cms\/wp-content\/uploads\/2026\/01\/BrandeeYounger1_OliverHochkeppel240126-scaled.jpg?fit=2560%2C1703&ssl=1","contentUrl":"https:\/\/i0.wp.com\/www.jazzzeitung.de\/cms\/wp-content\/uploads\/2026\/01\/BrandeeYounger1_OliverHochkeppel240126-scaled.jpg?fit=2560%2C1703&ssl=1","width":2560,"height":1703},{"@type":"BreadcrumbList","@id":"https:\/\/www.jazzzeitung.de\/cms\/2026\/01\/anregung-fuer-alle-rezeptoren-zur-vierten-ausgabe-des-wunderbaren-sparks-visions-festivals-in-regensburg\/#breadcrumb","itemListElement":[{"@type":"ListItem","position":1,"name":"Startseite","item":"https:\/\/www.jazzzeitung.de\/cms\/"},{"@type":"ListItem","position":2,"name":"Anregung f\u00fcr alle Rezeptoren: Zur vierten Ausgabe des wunderbaren \u201eSparks &#038; Visions\u201c-Festivals in Regensburg"}]},{"@type":"WebSite","@id":"https:\/\/www.jazzzeitung.de\/cms\/#website","url":"https:\/\/www.jazzzeitung.de\/cms\/","name":"JazzZeitung","description":"Jazz-News und Jazz-Kontroverses","publisher":{"@id":"https:\/\/www.jazzzeitung.de\/cms\/#organization"},"potentialAction":[{"@type":"SearchAction","target":{"@type":"EntryPoint","urlTemplate":"https:\/\/www.jazzzeitung.de\/cms\/?s={search_term_string}"},"query-input":{"@type":"PropertyValueSpecification","valueRequired":true,"valueName":"search_term_string"}}],"inLanguage":"de"},{"@type":"Organization","@id":"https:\/\/www.jazzzeitung.de\/cms\/#organization","name":"JazzZeitung online","url":"https:\/\/www.jazzzeitung.de\/cms\/","logo":{"@type":"ImageObject","inLanguage":"de","@id":"https:\/\/www.jazzzeitung.de\/cms\/#\/schema\/logo\/image\/","url":"https:\/\/i0.wp.com\/www.jazzzeitung.de\/cms\/wp-content\/uploads\/2015\/08\/JAZZZEITUNGDE_Logo_Neu.png?fit=499%2C200&ssl=1","contentUrl":"https:\/\/i0.wp.com\/www.jazzzeitung.de\/cms\/wp-content\/uploads\/2015\/08\/JAZZZEITUNGDE_Logo_Neu.png?fit=499%2C200&ssl=1","width":499,"height":200,"caption":"JazzZeitung online"},"image":{"@id":"https:\/\/www.jazzzeitung.de\/cms\/#\/schema\/logo\/image\/"},"sameAs":["https:\/\/www.facebook.com\/JazzZeitung\/"]},{"@type":"Person","@id":"https:\/\/www.jazzzeitung.de\/cms\/#\/schema\/person\/2245b36b9cd1d24cea10f01c031fb92b","name":"Redaktion JazzZeitung","image":{"@type":"ImageObject","inLanguage":"de","@id":"https:\/\/i0.wp.com\/www.jazzzeitung.de\/cms\/wp-content\/uploads\/2015\/08\/JAZZZEITUNGDE_Logo_Neu.png?resize=96%2C96&ssl=159975dcacb611b5700bd619b5daf0a7a","url":"https:\/\/i0.wp.com\/www.jazzzeitung.de\/cms\/wp-content\/uploads\/2015\/08\/JAZZZEITUNGDE_Logo_Neu.png?resize=96%2C96&ssl=1","contentUrl":"https:\/\/i0.wp.com\/www.jazzzeitung.de\/cms\/wp-content\/uploads\/2015\/08\/JAZZZEITUNGDE_Logo_Neu.png?resize=96%2C96&ssl=1","caption":"Redaktion JazzZeitung"},"description":"Artikel der Redaktion der JazzZeitung.","sameAs":["http:\/\/www.jazzzeitung.de\/cms\/"],"url":"https:\/\/www.jazzzeitung.de\/cms\/author\/redaktion\/"}]}},"wp-worthy-pixel":{"ignored":false,"public":null,"server":null,"url":null},"wp-worthy-type":"normal","jetpack_publicize_connections":[],"cc_featured_image_caption":{"caption_text":"","source_text":"","source_url":""},"jetpack_featured_media_url":"https:\/\/i0.wp.com\/www.jazzzeitung.de\/cms\/wp-content\/uploads\/2026\/01\/BrandeeYounger1_OliverHochkeppel240126-scaled.jpg?fit=2560%2C1703&ssl=1","jetpack_shortlink":"https:\/\/wp.me\/p3KEcT-8Kc","jetpack-related-posts":[{"id":28566,"url":"https:\/\/www.jazzzeitung.de\/cms\/2022\/10\/sparks-and-visions-festival-regensburg\/","url_meta":{"origin":33616,"position":0},"title":"Neu! Das Sparks &#038; Visions Festival Regensburg","author":"Redaktion JazzZeitung","date":"28. Oktober 2022","format":false,"excerpt":"Vom 27. bis 29. Januar 2023 findet im Theater Regensburg erstmals das internationale Jazzfestival Sparks & Visions statt. Anl\u00e4sslich dessen hat Patrick Erb mit der Veranstalterin und k\u00fcnstlerischen Leiterin, Anastasia Wolkenstein, gesprochen. Sie haben Ihr Festival Sparks & Visions genannt, also in etwa \u201eFunken & Visionen\/Blicke\/Traumbilder\u201c. Was bedeutet der Titel?\u2026","rel":"","context":"In &quot;Bericht&quot;","block_context":{"text":"Bericht","link":"https:\/\/www.jazzzeitung.de\/cms\/thema\/bericht\/"},"img":{"alt_text":"","src":"https:\/\/i0.wp.com\/www.jazzzeitung.de\/cms\/wp-content\/uploads\/2022\/10\/Anastasia-Wolkenstein_credit-PeterHundert_012_2400px-web-sRGB.jpg?fit=1200%2C800&ssl=1&resize=350%2C200","width":350,"height":200,"srcset":"https:\/\/i0.wp.com\/www.jazzzeitung.de\/cms\/wp-content\/uploads\/2022\/10\/Anastasia-Wolkenstein_credit-PeterHundert_012_2400px-web-sRGB.jpg?fit=1200%2C800&ssl=1&resize=350%2C200 1x, https:\/\/i0.wp.com\/www.jazzzeitung.de\/cms\/wp-content\/uploads\/2022\/10\/Anastasia-Wolkenstein_credit-PeterHundert_012_2400px-web-sRGB.jpg?fit=1200%2C800&ssl=1&resize=525%2C300 1.5x, https:\/\/i0.wp.com\/www.jazzzeitung.de\/cms\/wp-content\/uploads\/2022\/10\/Anastasia-Wolkenstein_credit-PeterHundert_012_2400px-web-sRGB.jpg?fit=1200%2C800&ssl=1&resize=700%2C400 2x, https:\/\/i0.wp.com\/www.jazzzeitung.de\/cms\/wp-content\/uploads\/2022\/10\/Anastasia-Wolkenstein_credit-PeterHundert_012_2400px-web-sRGB.jpg?fit=1200%2C800&ssl=1&resize=1050%2C600 3x"},"classes":[]},{"id":33456,"url":"https:\/\/www.jazzzeitung.de\/cms\/2025\/12\/regensburger-festival-sparks-visions-2026-es-wird-aufregend\/","url_meta":{"origin":33616,"position":1},"title":"Regensburger Festival SPARKS &#038; VISIONS 2026 &#8211; es wird aufregend","author":"Thomas J. Krebs","date":"8. Dezember 2025","format":false,"excerpt":"Weihnachten in Anstand und W\u00fcrde verbracht und Silvester gut \u00fcber die Runden gekommen. Nun steht das neue Jahr ins Haus - gute Vors\u00e4tze? Yes: guten Jazz auch im neuen Jahr f\u00fcr Seele und Wohlbefinden! Zeit zur Besinnung und Neuausrichtung \u2026 das gelingt am besten mit dem seit mittlerweile 4 (!)\u2026","rel":"","context":"In &quot;Redaktionelle Nachrichten&quot;","block_context":{"text":"Redaktionelle Nachrichten","link":"https:\/\/www.jazzzeitung.de\/cms\/thema\/redaktion\/"},"img":{"alt_text":"","src":"https:\/\/i0.wp.com\/www.jazzzeitung.de\/cms\/wp-content\/uploads\/2025\/12\/P2413671-Kuljic-Foto-TJ-Krebs.jpg?fit=1200%2C823&ssl=1&resize=350%2C200","width":350,"height":200,"srcset":"https:\/\/i0.wp.com\/www.jazzzeitung.de\/cms\/wp-content\/uploads\/2025\/12\/P2413671-Kuljic-Foto-TJ-Krebs.jpg?fit=1200%2C823&ssl=1&resize=350%2C200 1x, https:\/\/i0.wp.com\/www.jazzzeitung.de\/cms\/wp-content\/uploads\/2025\/12\/P2413671-Kuljic-Foto-TJ-Krebs.jpg?fit=1200%2C823&ssl=1&resize=525%2C300 1.5x, https:\/\/i0.wp.com\/www.jazzzeitung.de\/cms\/wp-content\/uploads\/2025\/12\/P2413671-Kuljic-Foto-TJ-Krebs.jpg?fit=1200%2C823&ssl=1&resize=700%2C400 2x, https:\/\/i0.wp.com\/www.jazzzeitung.de\/cms\/wp-content\/uploads\/2025\/12\/P2413671-Kuljic-Foto-TJ-Krebs.jpg?fit=1200%2C823&ssl=1&resize=1050%2C600 3x"},"classes":[]},{"id":29037,"url":"https:\/\/www.jazzzeitung.de\/cms\/2023\/01\/ein-festival-das-lange-nachglitzert\/","url_meta":{"origin":33616,"position":2},"title":"Ein Festival, das lange nachglitzert","author":"Andreas Kolb","date":"31. Januar 2023","format":false,"excerpt":"Egal ob Archie Shepp im Teatro del Giglio in Lucca in den 80ern, Johannes Faber und Freunde im M\u00fcnchner Theater am G\u00e4rtnerplatz in den 90ern oder das neue Jazzfestival \u201eSparks & Visions\u201c im Regensburger Stadttheater heute: Jazzmusik im Ambiente eines klassizistischen Theaters ist und bleibt etwas Besonderes. Das beginnt damit,\u2026","rel":"","context":"In &quot;Bericht&quot;","block_context":{"text":"Bericht","link":"https:\/\/www.jazzzeitung.de\/cms\/thema\/bericht\/"},"img":{"alt_text":"","src":"https:\/\/i0.wp.com\/www.jazzzeitung.de\/cms\/wp-content\/uploads\/2023\/01\/DSC_2434-min.jpg?fit=1200%2C800&ssl=1&resize=350%2C200","width":350,"height":200,"srcset":"https:\/\/i0.wp.com\/www.jazzzeitung.de\/cms\/wp-content\/uploads\/2023\/01\/DSC_2434-min.jpg?fit=1200%2C800&ssl=1&resize=350%2C200 1x, https:\/\/i0.wp.com\/www.jazzzeitung.de\/cms\/wp-content\/uploads\/2023\/01\/DSC_2434-min.jpg?fit=1200%2C800&ssl=1&resize=525%2C300 1.5x, https:\/\/i0.wp.com\/www.jazzzeitung.de\/cms\/wp-content\/uploads\/2023\/01\/DSC_2434-min.jpg?fit=1200%2C800&ssl=1&resize=700%2C400 2x, https:\/\/i0.wp.com\/www.jazzzeitung.de\/cms\/wp-content\/uploads\/2023\/01\/DSC_2434-min.jpg?fit=1200%2C800&ssl=1&resize=1050%2C600 3x"},"classes":[]},{"id":28948,"url":"https:\/\/www.jazzzeitung.de\/cms\/2023\/01\/jazz-festival-sparks-vision-feiert-premiere\/","url_meta":{"origin":33616,"position":3},"title":"Jazz-Festival &#8222;Sparks &#038; Vision&#8220; feiert Premiere","author":"Redaktion JazzZeitung","date":"24. Januar 2023","format":false,"excerpt":"Heute vor einem Monat war Heiligabend \u2013 auf ein ganz besonderes Geschenk warten wir aber noch immer. \u00d6ffnen, bzw. er\u00f6ffnen wird es am Freitag von Julia H\u00fclsmann (piano) im Stadttheater Regensburg. Und sie legt gleich noch ein Geschenk oben drauf: das Debut von \u201eHeaven Steps to Seven\u201c, ihrem neuen Septett\u2026","rel":"","context":"In &quot;News&quot;","block_context":{"text":"News","link":"https:\/\/www.jazzzeitung.de\/cms\/thema\/nachrichten\/"},"img":{"alt_text":"","src":"https:\/\/i0.wp.com\/www.jazzzeitung.de\/cms\/wp-content\/uploads\/2023\/01\/2022-03-24_SOS_306136_FotoPaelSosnowski-scaled.jpg?fit=1200%2C800&ssl=1&resize=350%2C200","width":350,"height":200,"srcset":"https:\/\/i0.wp.com\/www.jazzzeitung.de\/cms\/wp-content\/uploads\/2023\/01\/2022-03-24_SOS_306136_FotoPaelSosnowski-scaled.jpg?fit=1200%2C800&ssl=1&resize=350%2C200 1x, https:\/\/i0.wp.com\/www.jazzzeitung.de\/cms\/wp-content\/uploads\/2023\/01\/2022-03-24_SOS_306136_FotoPaelSosnowski-scaled.jpg?fit=1200%2C800&ssl=1&resize=525%2C300 1.5x, https:\/\/i0.wp.com\/www.jazzzeitung.de\/cms\/wp-content\/uploads\/2023\/01\/2022-03-24_SOS_306136_FotoPaelSosnowski-scaled.jpg?fit=1200%2C800&ssl=1&resize=700%2C400 2x, https:\/\/i0.wp.com\/www.jazzzeitung.de\/cms\/wp-content\/uploads\/2023\/01\/2022-03-24_SOS_306136_FotoPaelSosnowski-scaled.jpg?fit=1200%2C800&ssl=1&resize=1050%2C600 3x"},"classes":[]},{"id":32157,"url":"https:\/\/www.jazzzeitung.de\/cms\/2025\/01\/geliebte-vielfalt-das-internationale-festival-sparks-visions-zum-dritten-mal-im-theater-regensburg\/","url_meta":{"origin":33616,"position":4},"title":"Geliebte Vielfalt: Das internationale Festival Sparks &#038; Visions zum dritten Mal im Theater Regensburg","author":"Andreas Kolb","date":"28. Januar 2025","format":false,"excerpt":"Wenn in Regensburg die Nebel aus der Donau kriechen und man eigentlich seine vier W\u00e4nde nicht verlassen will, und wenn die internationalen G\u00e4ste die winterlich-triste Kulturerbe-Stadt noch meiden, immer dann schl\u00e4gt die Stunde von Anastasia Wolkenstein: \u201eSparks & Visions\u201c, Funken und Visionen, hat sie ihr dreit\u00e4giges Festival getauft, entwickelt aus\u2026","rel":"","context":"In &quot;Bericht&quot;","block_context":{"text":"Bericht","link":"https:\/\/www.jazzzeitung.de\/cms\/thema\/bericht\/"},"img":{"alt_text":"","src":"https:\/\/i0.wp.com\/www.jazzzeitung.de\/cms\/wp-content\/uploads\/2025\/01\/Mya_Anissa-Nehari-c-JM-Koch.jpg?fit=1200%2C900&ssl=1&resize=350%2C200","width":350,"height":200,"srcset":"https:\/\/i0.wp.com\/www.jazzzeitung.de\/cms\/wp-content\/uploads\/2025\/01\/Mya_Anissa-Nehari-c-JM-Koch.jpg?fit=1200%2C900&ssl=1&resize=350%2C200 1x, https:\/\/i0.wp.com\/www.jazzzeitung.de\/cms\/wp-content\/uploads\/2025\/01\/Mya_Anissa-Nehari-c-JM-Koch.jpg?fit=1200%2C900&ssl=1&resize=525%2C300 1.5x, https:\/\/i0.wp.com\/www.jazzzeitung.de\/cms\/wp-content\/uploads\/2025\/01\/Mya_Anissa-Nehari-c-JM-Koch.jpg?fit=1200%2C900&ssl=1&resize=700%2C400 2x, https:\/\/i0.wp.com\/www.jazzzeitung.de\/cms\/wp-content\/uploads\/2025\/01\/Mya_Anissa-Nehari-c-JM-Koch.jpg?fit=1200%2C900&ssl=1&resize=1050%2C600 3x"},"classes":[]},{"id":29015,"url":"https:\/\/www.jazzzeitung.de\/cms\/2023\/01\/sparks-visions-internationales-jazz-festival-im-theater-regensburg\/","url_meta":{"origin":33616,"position":5},"title":"\u201eSparks &#038; Visions\u201c &#8211; internationales Jazz-Festival im Theater Regensburg","author":"Juan Martin Koch","date":"30. Januar 2023","format":false,"excerpt":"Das meteorologisch meist tr\u00fcbe und tendenziell eher konzertarme Januar-Ende mit jazzigem Funkenflug und vision\u00e4ren Formationen aufpeppen: Mit dieser guten Idee hat es Managerin und Bookerin Anastasia Wolkenstein geschafft, Sponsoren und Kooperationspartner in Regensburg zu gewinnen und ein hochkar\u00e4tiges Wochenendfestival auf die Beine zu stellen. \u201eSparks & Visions\u201c bot an drei\u2026","rel":"","context":"In &quot;Bericht&quot;","block_context":{"text":"Bericht","link":"https:\/\/www.jazzzeitung.de\/cms\/thema\/bericht\/"},"img":{"alt_text":"Elina Duni. Foto: JM Koch","src":"https:\/\/i0.wp.com\/www.jazzzeitung.de\/cms\/wp-content\/uploads\/2023\/01\/Elina-Duni-c-JM-Koch-e1675090516251.jpg?fit=1200%2C720&ssl=1&resize=350%2C200","width":350,"height":200,"srcset":"https:\/\/i0.wp.com\/www.jazzzeitung.de\/cms\/wp-content\/uploads\/2023\/01\/Elina-Duni-c-JM-Koch-e1675090516251.jpg?fit=1200%2C720&ssl=1&resize=350%2C200 1x, https:\/\/i0.wp.com\/www.jazzzeitung.de\/cms\/wp-content\/uploads\/2023\/01\/Elina-Duni-c-JM-Koch-e1675090516251.jpg?fit=1200%2C720&ssl=1&resize=525%2C300 1.5x, https:\/\/i0.wp.com\/www.jazzzeitung.de\/cms\/wp-content\/uploads\/2023\/01\/Elina-Duni-c-JM-Koch-e1675090516251.jpg?fit=1200%2C720&ssl=1&resize=700%2C400 2x, https:\/\/i0.wp.com\/www.jazzzeitung.de\/cms\/wp-content\/uploads\/2023\/01\/Elina-Duni-c-JM-Koch-e1675090516251.jpg?fit=1200%2C720&ssl=1&resize=1050%2C600 3x"},"classes":[]}],"jetpack_sharing_enabled":true,"_links":{"self":[{"href":"https:\/\/www.jazzzeitung.de\/cms\/wp-json\/wp\/v2\/posts\/33616","targetHints":{"allow":["GET"]}}],"collection":[{"href":"https:\/\/www.jazzzeitung.de\/cms\/wp-json\/wp\/v2\/posts"}],"about":[{"href":"https:\/\/www.jazzzeitung.de\/cms\/wp-json\/wp\/v2\/types\/post"}],"author":[{"embeddable":true,"href":"https:\/\/www.jazzzeitung.de\/cms\/wp-json\/wp\/v2\/users\/18"}],"replies":[{"embeddable":true,"href":"https:\/\/www.jazzzeitung.de\/cms\/wp-json\/wp\/v2\/comments?post=33616"}],"version-history":[{"count":8,"href":"https:\/\/www.jazzzeitung.de\/cms\/wp-json\/wp\/v2\/posts\/33616\/revisions"}],"predecessor-version":[{"id":33638,"href":"https:\/\/www.jazzzeitung.de\/cms\/wp-json\/wp\/v2\/posts\/33616\/revisions\/33638"}],"wp:featuredmedia":[{"embeddable":true,"href":"https:\/\/www.jazzzeitung.de\/cms\/wp-json\/wp\/v2\/media\/33632"}],"wp:attachment":[{"href":"https:\/\/www.jazzzeitung.de\/cms\/wp-json\/wp\/v2\/media?parent=33616"}],"wp:term":[{"taxonomy":"category","embeddable":true,"href":"https:\/\/www.jazzzeitung.de\/cms\/wp-json\/wp\/v2\/categories?post=33616"},{"taxonomy":"post_tag","embeddable":true,"href":"https:\/\/www.jazzzeitung.de\/cms\/wp-json\/wp\/v2\/tags?post=33616"},{"taxonomy":"author","embeddable":true,"href":"https:\/\/www.jazzzeitung.de\/cms\/wp-json\/wp\/v2\/coauthors?post=33616"}],"curies":[{"name":"wp","href":"https:\/\/api.w.org\/{rel}","templated":true}]}}