{"id":33613,"date":"2026-01-31T12:00:12","date_gmt":"2026-01-31T11:00:12","guid":{"rendered":"https:\/\/www.jazzzeitung.de\/cms\/?p=33613"},"modified":"2026-01-27T12:18:06","modified_gmt":"2026-01-27T11:18:06","slug":"die-jetztistfebruar-jazz-radiowoche-vom-01-02-2026-bis-08-02-2026","status":"publish","type":"post","link":"https:\/\/www.jazzzeitung.de\/cms\/2026\/01\/die-jetztistfebruar-jazz-radiowoche-vom-01-02-2026-bis-08-02-2026\/","title":{"rendered":"Die JetztIstFebruar-Jazz-Radiowoche vom 01.02.2026 bis 08.02.2026"},"content":{"rendered":"<p class=\"western\"><a name=\"_Hlk71805784\"><\/a>Die \u00dcbersicht zum <span style=\"color: #0563c1;\"><u><a href=\"https:\/\/service.conbrio.de\/service\/download\/278\/\" name=\"Download des PDF\">Download als PDF<\/a><\/u><\/span><span style=\"text-decoration: line-through;\">.<\/span> Alle Angaben ohne Gew\u00e4hr. Erg\u00e4nzt mit den tollen Sendungen zur Neuen Musik von BR-KLASSIK und \u00d61.<\/p>\n<p class=\"western\">Aktuell bekommen wir Informationen von SWR Kultur, \u00d61 und in Sachen Neue Musik von BR-KLASSIK und ebenfalls \u00d61.<\/p>\n<h2 class=\"western\"><a name=\"__RefHeading___Toc532_2049876245\"><\/a><\/h2>\n<hr \/>\n<h2 class=\"western\"><a name=\"__RefHeading___Toc532_2049876245\"><\/a><a name=\"_Toc176424572\"><\/a><a name=\"_Toc183595478\"><\/a><a name=\"_Toc184290543\"><\/a><a name=\"_Toc185409041\"><\/a><a name=\"_Toc186792938\"><\/a><a name=\"_Toc187143015\"><\/a><a name=\"_Toc188530705\"><\/a><a name=\"_Toc188957623\"><\/a><a name=\"_Toc189813526\"><\/a><a name=\"_Toc189815284\"><\/a><a name=\"_Toc190257440\"><\/a><a name=\"_Toc174527976\"><\/a><a name=\"_Toc175140589\"><\/a> Senderliste:<\/h2>\n<hr \/>\n<ul>\n<li><span style=\"color: #0563c1;\"><u><a href=\"https:\/\/oe1.orf.at\/\" name=\"Link zum ORF\">ORF \u2013 \u00d61<\/a><\/u><\/span><\/li>\n<li><span style=\"color: #0563c1;\"><u><a href=\"https:\/\/www.deutschlandradio.de\/\" name=\"Link zum Deutschlandfunk\">Deutschlandfunk<\/a><\/u><\/span> \u2013 \u201eFakten und mehr\u201c<\/li>\n<li><span style=\"color: #0563c1;\"><u><a href=\"https:\/\/www.deutschlandfunkkultur.de\/\" name=\"Link zu Deutschlandfunk Kultur\">Deutschlandfunk-Kultur<\/a><\/u><\/span> \u2013 \u201eDas Feuilleton im Radio\u201c<\/li>\n<li><span style=\"color: #0563c1;\"><u><a href=\"https:\/\/www.ndr.de\/ndrkultur\/\" name=\"Link zu ndr kultur\">ndr Kultur<\/a><\/u><\/span> \u2013 H\u00f6ren und genie\u00dfen<\/li>\n<li><span style=\"color: #0563c1;\"><u><a href=\"https:\/\/www.ndr.de\/ndrblue\/index.html\" name=\"Link zu ndr blue\"><span lang=\"en-US\">ndr blue<\/span><\/a><\/u><\/span><span lang=\"en-US\"> \u2013 Meet The Music<\/span><\/li>\n<li><span style=\"color: #0563c1;\"><u><a href=\"https:\/\/www.bremenzwei.de\/\" name=\"Link zu Radio Bremen\">radio bremen<\/a><\/u><\/span> \u2013 Neugier lohnt sich.<\/li>\n<li><span style=\"color: #0563c1;\"><u><a href=\"https:\/\/www.radiodrei.de\/\" name=\"Link zu Radio 3 von Berlin\">Radio 3<\/a><\/u><\/span> \u2013<\/li>\n<li><span style=\"color: #0563c1;\"><u><a href=\"https:\/\/www.mdr.de\/kultur\/radio\/index.html\" name=\"Link zu medr-kultur\">mdr-kultur<\/a><\/u><\/span> \u2013 Das Radio.<\/li>\n<li><a href=\"https:\/\/www1.wdr.de\/radio\/wdr3\/\" name=\"Link zu WDR3\"><span style=\"color: #0563c1;\"><u>W<\/u><\/span><span style=\"color: #0563c1;\"><u>DR<\/u><\/span><span style=\"color: #0563c1;\"><u>3<\/u><\/span><\/a> \u2013 Das Kulturradio<\/li>\n<li><span style=\"color: #0563c1;\"><u><a href=\"https:\/\/www.hr2.de\/index.html\" name=\"Link zu hr2-kultur\">hr2-kultur<\/a><\/u><\/span> \u2013 Das Kulturradio f\u00fcr Hessen.<\/li>\n<li><a href=\"https:\/\/www.sr.de\/sr\/sr2\/index.html\" name=\"Link zu SR2-Kulturradio\"><span style=\"color: #0563c1;\"><u>S<\/u><\/span><span style=\"color: #0563c1;\"><u>R<\/u><\/span><span style=\"color: #0563c1;\"><u>2 Kulturradio<\/u><\/span><\/a> \u2013 \u2026 gut zu h\u00f6ren.<\/li>\n<li><a href=\"https:\/\/www.swr.de\/swr2\/\" name=\"Link zu SWR Kuultur\"><span style=\"color: #0563c1;\"><u>S<\/u><\/span><span style=\"color: #0563c1;\"><u>WR<\/u><\/span><u> <\/u><\/a><span style=\"color: #0563c1;\"><u>kultur<\/u><\/span> \u2013 Kultur neu entdecken<\/li>\n<li><span style=\"color: #0563c1;\"><u><a href=\"https:\/\/www.br.de\/radio\/br-klassik\/index.html\" name=\"Link zu BR-Klassik\">BR-KLASSIK<\/a><\/u><\/span> \u2013 Klassikstars geben auf BR-KLASSIK den Ton an. Attraktive Magazine bringen Interviews und Neuigkeiten aus dem Musikleben.<\/li>\n<li><span style=\"color: #0563c1;\"><u><a href=\"https:\/\/www.br.de\/radio\/bayern2\/index.html\" name=\"Link zu Bayern2\">Bayern 2<\/a><\/u><\/span> \u2013 Preisgekr\u00f6ntes Radio f\u00fcr H\u00f6rer, die mehr wissen wollen<\/li>\n<\/ul>\n<h2 class=\"western\"><a name=\"__RefHeading___Toc534_2049876245\"><\/a><\/h2>\n<hr \/>\n<h2 class=\"western\"><a name=\"__RefHeading___Toc534_2049876245\"><\/a><a name=\"_Toc190257441\"><\/a><a name=\"_Toc175140590\"><\/a><a name=\"_Toc176424573\"><\/a><a name=\"_Toc183595479\"><\/a><a name=\"_Toc184290544\"><\/a><a name=\"_Toc185409042\"><\/a><a name=\"_Toc186792939\"><\/a><a name=\"_Toc187143016\"><\/a><a name=\"_Toc188530706\"><\/a><a name=\"_Toc188957624\"><\/a><a name=\"_Toc189813527\"><\/a><a name=\"_Toc189815285\"><\/a> Internet:<\/h2>\n<hr \/>\n<ul>\n<li>Schweden: <span style=\"color: #0563c1;\"><u><a href=\"https:\/\/sverigesradio.se\/tabla.aspx?programid=2562\" name=\"Link zu Schwedens Radio P&quot;\">P2<\/a><\/u><\/span> sendet immer Dienstags von 21:00 bis 22:00 und Sonntags von 18:40 bis 20:00 ein Jazzkonzert<\/li>\n<li>Ungarn: <span style=\"color: #0563c1;\"><u><a href=\"https:\/\/mediaklikk.hu\/bartok\/\" name=\"Link zu Bart\u00f3k-Radio\">Bartok Radio<\/a><\/u><\/span> sendet t\u00e4glich von 23:00 bis 23:55 eine Jazzsendung<\/li>\n<\/ul>\n<hr \/>\n<h2 class=\"western\"><a name=\"__RefHeading___Toc18817_3694535302\"><\/a> so \u2013 01.02.2026<\/h2>\n<hr \/>\n<p class=\"western\">00:03 \u2013 06:00 UHR +++ SWR KULTUR<br \/>\n<b>ARD Jazz. Die Nacht <\/b><\/p>\n<p class=\"western\" style=\"padding-left: 40px;\">Von N.N. (WDR). In ARD Jazz. Die Nacht senden wir Konzert-Highlights: historische Sch\u00e4tze aus den ARD Rundfunk-Archiven und aktuelle Live-Mitschnitte von gro\u00dfen Festivals und aus kleinen Clubs, wo man in Metropolen und auf dem Lande Stars von heute und morgen trifft.<\/p>\n<p class=\"western\">00:05:00 +++ \u00d61<br \/>\n<b>(Fortsetzung); Gitarrist Alex Goodman im Interview, Pianistin Jordina Mill\u00e0 und Cellist Clemens Sainitzer im ORF-RadioKulturhaus in Wien<\/b><\/p>\n<p class=\"western\" style=\"padding-left: 40px;\">Alex Goodman ist der \u201eNeue\u201c: Seit 2025 ist der Kanadier Professor f\u00fcr Gitarre am Jazzinstitut der Kunstuniversit\u00e4t Graz. Goodman, geboren 1987 in Toronto, studierte an der renommierten Manhattan School of Music in New York und arbeitete mit Jazzgr\u00f6\u00dfen wie Charles Lloyd, John Patitucci, Ari Hoenig, John Ellis und Bob Mintzer. Er ver\u00f6ffentlichte sieben Alben als Leader bzw. Co-Leader. 2013 gewann er den ASCAP Herb Alpert Young Jazz Composer Awards, 2014 den International Guitar Competition beim Montreux Jazz Festival \u2013 samt Publikumspreis. Seine Musik zeichnet sich durch \u201efluid lyricism\u201c (Downbeat) und feinsinnige Klangarchitektur aus. Weshalb der studierte Politologe doch zur Musik wechselte und warum er auch Jazz-Lehrwerke verfasst, erz\u00e4hlt er Lukas Mei\u00dfl im \u00d61 Jazznacht-Interview.<\/p>\n<p class=\"western\" style=\"padding-left: 40px;\">Weiters sind in dieser \u00d61 Jazznacht die in Salzburg lebende spanische Pianistin Jordina Mill\u00e0 und der Wiener Cellist Clemens Sainitzer zu h\u00f6ren. Im Rahmen der Reihe \u201eSoloTogether\u201c konzertieren die beiden am 19. J\u00e4nner 2026 im Studio 3 des ORF-RadioKulturhauses in Wien \u2013 zuerst jeweils solo, am Ende im empathischen Dialog.<\/p>\n<p class=\"western\">17:10:00 +++ \u00d61<br \/>\n<b>Vom IMS-Festival in Jerusalem &amp; Tel Aviv (2)<\/b><\/p>\n<p class=\"western\" style=\"padding-left: 40px;\">Wie lebendig und vielf\u00e4ltig die Musikszene Israels derzeit ist, zeigte sich beim dicht programmierten Internationalen Music Showcase Festival in Jerusalem und Tel Aviv im November 2025. Von neuen Zug\u00e4ngen zu traditionellen Melodien, HipHop auf Hebr\u00e4isch bis hin zu avantgardistischen und retro-nostalgischen Jazzmusikerinnen und -musikern decken die unz\u00e4hligen Bands jede erdenkliche Stilrichtung ab. Eine musikalische Entdeckungsreise in das von Konflikten zerr\u00fcttete Land.<\/p>\n<p class=\"western\">19:05:00 +++ \u00d61<br \/>\n<b>Die Band Bad Ida um S\u00e4ngerin Ines Dallaji im Studio 2 des ORF RadioKulturhauses in Wien<\/b><\/p>\n<p class=\"western\" style=\"padding-left: 40px;\">Garage-Soul aus Wien, genauer gesagt: aus dem Waldviertel! Die Musiker:innen von Bad Ida kennen einander teilweise schon seit fr\u00fchen Jugendtagen, die Band bringt rohe Energie und emotionale Tiefe auf die B\u00fchne \u2013 und in diesem Fall direkt ins \u00d61 Studio. S\u00e4ngerin Ines Dallaji sowie Lisa Simhofer (Backgroundstimme, Perkussion), Gernot Hochst\u00f6ger (E-Gitarre), Alexander Lausch (E-Bass \u2013 im \u00dcbrigen auch versierter Gitarrist und Produzent), Stefan Haslinger (Orgel und Mandoline) und Multiinstrumentalist Marc Bruckner pr\u00e4sentieren Songs ihres neuen Albums \u201eEnding Things\u201c, das stilistisch zwischen Soul, R&amp;B, Pop und Rock oszilliert. Im Zentrum stehen starke Texte \u00fcber Verletzlichkeit, Selbstbehauptung und das Loslassen, getragen von einem Sound, der zugleich druckvoll und intim ist. Eine \u00d61 Hausmusik mit Haltung, Groove und G\u00e4nsehautmomenten.<\/p>\n<p class=\"western\">19:29 \u2013 20:00 UHR +++ SWR KULTUR<br \/>\n<b>Big time Jazz: Jazz-Orchester, Big Band, Oktett \u2013 hier kommt Musik mit Vielen! <\/b><\/p>\n<p class=\"western\" style=\"padding-left: 40px;\">Im Big Time Jazz stellen wir f\u00fcr Sie interessante und sch\u00f6ne Kl\u00e4nge zusammen \u2013 von gro\u00dfen Ensembles aus dem Jazz und der improvisierten Musik. Wir bergen Archivaufnahmen und durchforsten Neuver\u00f6ffentlichungen f\u00fcr eine Zeit, die ganz den gro\u00dfen Kl\u00e4ngen geh\u00f6rt.<\/p>\n<p class=\"western\">22:03 \u2013 23:00 UHR +++ SWR KULTUR<br \/>\n<b>NOWJazz:Zwischen zwei Welten \u2013 Die s\u00fcdkoreanische Schlagzeugerin Sun-Mi Hong<\/b><\/p>\n<p class=\"western\" style=\"padding-left: 40px;\">Von Ssirus W. Pakzad. Erst als die aus dem s\u00fcdkoreanischen Incheon stammende Sun-Mi Hong zum Jazz-Studium in die Niederlande ging, hatte sie das Gef\u00fchl, sowohl pers\u00f6nlich als auch musikalisch bei sich selbst ange-kommen zu sein. Schnell etablierte sie sich in der Musikszene unseres Nachbarlands und gr\u00fcndete ein Quintett, das weit \u00fcber die Landesgrenzen hinaus f\u00fcr Aufmerksamkeit sorgte und stilistisch zwischen zwei Welten vermittelte. Im Auftrag des Amsterdamer Bimhuis stellte die Schlagzeugerin mit dem BIDA Orchestra ein Improvisatoren-Ensemble zusammen, das auf diversen europ\u00e4ischen Festivals gefeiert wurde.<\/p>\n<p class=\"western\">23:03:00 +++ \u00d61<br \/>\n<b>Highlights der Konfrontationen Nickelsdorf 2025 \u2013 Meditativ-expressive Improvisationen mit Trapist und Pat Thomas\u2019 Ahmed. <\/b><\/p>\n<p class=\"western\" style=\"padding-left: 40px;\">Ende Juli 2025 fand die 45. Ausgabe der Konfrontationen statt. Zum Jubil\u00e4um bot das Festival im burgenl\u00e4ndischen Nickelsdorf ein Programm mit einigen der aktuell spannendsten und prominentesten Ensembles in den Bereichen der freien und improvisierten Musik. Auch heuer war \u00d61 vor Ort und hat ausgew\u00e4hlte Konzerte aufgenommen. In dieser Ausgabe von \u201eSupernova\u201c gibt es zwei Auftritte vom Er\u00f6ffnungsabend am Freitag, 25. Juli 2025 zu h\u00f6ren: eines der raren Konzerte des Trios Trapist und die \u00d6sterreich-Premiere des Quartetts Ahmed.<\/p>\n<p class=\"western\" style=\"padding-left: 40px;\">Trapist sind Martin Brandlmayr (Schlagzeug), Martin Siewert (Gitarre, Elektronik) und Joe Williamson (Bass). Brandlmayr und Siewert sind Teil des Wiener Trios Radian und haben in diversen Konstellationen am Festival gespielt. Und Williamson war ebenfalls des \u00d6fteren in Nickelsdorf. Aber nie zu dritt als Trapist.<\/p>\n<p class=\"western\" style=\"padding-left: 40px;\">Entstanden ist diese Formation 2002, als der aus Kanada stammende, nun in Stockholm lebende Williamson auf Europa-Tour war und sie auf Vermittlung der Kuratorin Silvia F\u00e4ssler im Wiener rhiz spielte. Seitdem traten Trapist sporadisch, daf\u00fcr in prestigetr\u00e4chtigen Rahmen wie 2012 am ORF musikprotokoll im steirischen herbst auf.<\/p>\n<p class=\"western\" style=\"padding-left: 40px;\">Die Ver\u00f6ffentlichungen dieses Trios wurden stets hochgesch\u00e4tzt, in einer BBC-Rezension war u.a. zu lesen, so w\u00fcrde es wohl klingen, wenn John Cage und Morton Feldman beschlossen h\u00e4tten, eine Rock-Band zu gr\u00fcnden.<\/p>\n<p class=\"western\" style=\"padding-left: 40px;\">Der britische Pianist Pat Thomas war schon mit mehreren Formationen bei den Konfrontationen und wiederholt hatten Festival-Leiter Hans Falb und sein Team versucht, sein Quartett Ahmed nach Nickelsdorf zu bringen. 2025 dann haben sie das erste Mal in \u00d6sterreich gespielt; zuerst bei den Konfrontationen und kurz danach beim Jazzfestival Saalfelden. Ahmed sind neben Thomas der Bassist Joel Grip, der Schlagzeuger Antonin Gerbal und der Saxofonist Seymour Wright.<\/p>\n<p class=\"western\" style=\"padding-left: 40px;\">Benannt ist es nach dem Bassisten und Oud-Spieler Ahmed Abdul-Malik, der als einer der Ersten ab den 1950er Jahren afroamerikanischen Jazz mit arabischer Musik verband.<\/p>\n<p class=\"western\" style=\"padding-left: 40px;\">Nach einigen Live-Alben wie der 5-CD-Box \u201eGiant Beauty\u201c (2024) im renommierten Stockholmer Kunstraum Fylkingen ist Ende 2025 mit \u201eSama\u2019a (Audition)\u201c wieder ein Studio-Album erschienen.<\/p>\n<p class=\"western\" style=\"padding-left: 40px;\">Eine transzendente Jazz-Erfahrung war das Konfrontationen-Konzert. Der besondere Reiz an diesen Interpretationen ist, wie Thomas im Interview erz\u00e4hlt, dass Abdul-Malik auf das Klavier verzichtet hatte und das Quartett dieses nun, angelehnt an afrikanische Pentatonik, wieder integriert. Gestaltung: Heinrich Diesl<\/p>\n<hr \/>\n<h2 class=\"western\"><a name=\"__RefHeading___Toc18819_3694535302\"><\/a>mo \u2013 02.02.2026<\/h2>\n<hr \/>\n<p class=\"western\">17:30:00 +++ \u00d61<br \/>\n<b>Musik aus allen Richtungen mit Astrid Schwarz und Rainer Elstner.<\/b><\/p>\n<p class=\"western\">19:30:00 +++ \u00d61<br \/>\n<b>Pianist Alan Bartus mit seinem NY Trio plus Wolfgang Puschnig im Oktober 2025 im Wiener RadioKulturhaus<\/b><\/p>\n<p class=\"western\" style=\"padding-left: 40px;\">Der 25-j\u00e4hrige Alan Bartus z\u00e4hlt zu den gro\u00dfen Talenten der heimischen Jazzszene: Geboren in der Slowakei, aufgewachsen teilweise im Burgenland, ausgestattet mit dem \u00d61 Jazzstipendium des Jahres 2022, hat der Pianist mittlerweile sein Studium an der Manhattan School of Music in New York City absolviert und ist tief in die Szene im \u201eBig Apple\u201c eingetaucht.<\/p>\n<p class=\"western\" style=\"padding-left: 40px;\">Am 22. Oktober 2025 war er zur\u00fcck in Wien und pr\u00e4sentierte sich mit seinem NY Trio im Gro\u00dfen Sendesaal des Wiener RadioKulturhauses \u2013 virtuos, kraftvoll und ideenreich. Alan Bartus zur Seite standen sein Vater Stefan \u201ePista\u201c Bartus (Kontrabass), der US-amerikanische Schlagzeuger Michael Ode (der wenige Wochen sp\u00e4ter in der Band von Saxofonist Kenny Garrett erneut in Wien konzertierte)\u00a0sowie \u2013 als Gast \u2013 Altsaxofonist und Fl\u00f6tist Wolfgang Puschnig, mit ihm eines der internationalen Aush\u00e4ngeschilder des \u00f6sterreichischen Jazz.<\/p>\n<p class=\"western\" style=\"padding-left: 40px;\">Gerhard Graml pr\u00e4sentiert den gut besuchten und mit viel Applaus aufgenommenen Konzertabend.<\/p>\n<p class=\"western\">22:03 \u2013 23:00 UHR +++ SWR KULTUR<br \/>\n<b>ARD Jazz. Spotlight: Spiritualit\u00e4t im Jazz \u2013 Welche Rolle spielt sie?<\/b><\/p>\n<p class=\"western\" style=\"padding-left: 40px;\">Von Thomas Mau. Spiritualit\u00e4t spielt im Jazz eine bedeutende Rolle. Sie ist eng mit der afro-amerikanischen Kultur verbunden und spiegelt die Erfahrungen der Versklavung und religi\u00f6ser Sinnsuche, beispielsweise in christlichen Spirituals und Gospels. John Coltrane dagegen hat im Islam eine Orientierung gefunden. Musikalisch hat sich das in der LP \u201eA Love Supreme\u201c niedergeschlagen: ein Glaubensbekenntnis, das den Spiritual Jazz begr\u00fcndete. Musiker wie Herbie Hancock oder Wayne Shorter fanden ihre spirituelle Orientierung im Buddhismus. Ihr Glaube klingt auch in ihren Improvisationen und Kompositionen an.<\/p>\n<p class=\"western\">23:03:00 +++ \u00d61<br \/>\n<b>Dialektisches Komponieren \u2013 Zeitgen\u00f6ssische Musik verstehen<\/b><\/p>\n<p class=\"western\" style=\"padding-left: 40px;\">Dietmar Hellmich erhellt zentrale und dezentrale Werke der Musikgeschichte.<\/p>\n<p class=\"western\" style=\"padding-left: 40px;\">In den 1970-er Jahren begann die Postmoderne eine stark traditionsskeptische Nachkriegsmoderne abzul\u00f6sen. Historische Stile wurden etwa von der russischen Komponistin Sofia Gubaidulina in einen organisch wirkenden Kosmos integriert. Einige Komponisten betrachteten diese Entwicklung zu einer gewissen postmodernen Beliebigkeit skeptisch. Als Variante der radikalen und provokativen Konzepte der fr\u00fchen Avantgarden, durch die das Publikum aus seinen b\u00fcrgerlichen Gewohnheiten gerissen und dazu gebracht werden sollte, sich selbst zu hinterfragen, entstand die Spielart des \u201ckritischen\u201d oder \u201cdialektischen\u201d Komponierens.<\/p>\n<p class=\"western\" style=\"padding-left: 40px;\">Nicolaus A. Huber reduziert in seinen \u201cRhythmuskompositionen\u201d das musikalische Material auf extreme Weise, l\u00e4sst zwar elementare Erfahrungen von pr\u00e4gnanter Rhythmik und zugespitzter Steigerung zu, zwingt aber durch seine Kompositionstechnik zur Distanz. Bei Mathias Spahlinger schl\u00e4gt konsequente Zusammenhanglosigkeit dialektisch in ordnungsstiftende Kraft um. Helmut Lachenmann r\u00fcckt die Klangerzeugung des Instrumentariums ins Zentrum. Elemente der Tradition sollen im Umfeld der neuartigen Ger\u00e4usche als nicht mehr intaktes Zeichensystem der klassischen Musiksprache erkennbar werden. Seine Idee, dass Musik, die Folge kritischen Denkens ist, H\u00f6rerinnen und H\u00f6rer zu kritischem Denken anregt, wird inzwischen angezweifelt. So hat seine \u00c4sthetik der \u201cVerweigerung\u201d auch weniger Nachhall gefunden als die neuen Klangwelten, die er den alten Instrumenten entlockte: Als prominente Beispiele daf\u00fcr k\u00f6nnen die Komponistinnen Rebecca Saunders und Clara Iannotta gelten. Gestaltung: Dietmar Hellmich. Redaktion: Rainer Elstner<\/p>\n<hr \/>\n<h2 class=\"western\"><a name=\"__RefHeading___Toc18821_3694535302\"><\/a>di \u2013 03.02.2026<\/h2>\n<hr \/>\n<p class=\"western\">17:30:00 +++ \u00d61<br \/>\n<b>Musik aus allen Richtungen.<\/b><\/p>\n<p class=\"western\">21:00 \u2013 22:00 UHR +++ SWR KULTUR<br \/>\n<b>JetztMusik: Lina Allemano Four beim Jazzfest Berlin 2025<\/b><\/p>\n<p class=\"western\" style=\"padding-left: 40px;\">Von Julia Neupert. Seit zehn Jahren pendelt die Trompeterin Lina Allemano zwischen ihrer Heimat Toronto und ihrer Wahlheimat Berlin. Urspr\u00fcnglich war sie mit einem Stipendium hierhergekommen, um Unterricht bei Axel D\u00f6rner zu nehmen, inzwischen ist sie fest in der hiesigen Szene verankert \u2013 und freute sich umso mehr, beim letztj\u00e4hrigen Jazzfest Berlin ihr kanadisches Quartett \u201eLina Allemano Four\u201c pr\u00e4sentieren zu k\u00f6nnen: 20 Jahre spielt sie schon mit Saxofonist Brodie West, Kontrabassist Andrew Downing und Schlagzeuger Nick Fraser zusammen; im A-Trane stellten sie ihr neues Programm \u201eThe Dyptichs\u201c vor.<\/p>\n<p class=\"western\">23:03:00 +++ \u00d61<br \/>\n<b>Neuerscheinungen und andere Entdeckungen \u2013 Aktuelle Aufnahmen zeitgen\u00f6ssischer Musik<\/b><\/p>\n<p class=\"western\" style=\"padding-left: 40px;\">Auch an diesem Dienstag pr\u00e4sentieren wir Ihnen wieder Neuerscheinungen und andere Entdeckungen aus dem Feld der neuen und experimentellen Musik. Gestaltung: Marlene Schnedl<\/p>\n<hr \/>\n<h2 class=\"western\"><a name=\"__RefHeading___Toc18823_3694535302\"><\/a>mi \u2013 04.02.2026<\/h2>\n<hr \/>\n<p class=\"western\">17:30:00 +++ \u00d61<br \/>\n<b>Musik aus allen Richtungen mit Ulla Pilz und Michael Neuhauser.<\/b><\/p>\n<p class=\"western\">22:03 \u2013 23:00 UHR +++ SWR KULTUR<br \/>\n<b>ARD Jazz \u2013 Das Magazin<\/b><\/p>\n<p class=\"western\" style=\"padding-left: 40px;\">Von Anja Buchmann. Das w\u00f6chentliche Jazz-Update, pr\u00e4sentiert von Eurer ARD: au\u00dfergew\u00f6hnliche Ver\u00f6ffentlichungen, relevante Ereignisse und aktuelle Debatten. Wir diskutieren Jazz in allen seinen Facetten und suchen auch deutschlandweit die Orte auf, an denen er zu Hause ist. Nicht verpassen!<\/p>\n<figure id=\"attachment_33614\" aria-describedby=\"caption-attachment-33614\" style=\"width: 763px\" class=\"wp-caption aligncenter\"><a href=\"https:\/\/i0.wp.com\/www.jazzzeitung.de\/cms\/wp-content\/uploads\/2026\/01\/kw06.jpg?ssl=1\"><img data-recalc-dims=\"1\" loading=\"lazy\" decoding=\"async\" data-attachment-id=\"33614\" data-permalink=\"https:\/\/www.jazzzeitung.de\/cms\/2026\/01\/die-jetztistfebruar-jazz-radiowoche-vom-01-02-2026-bis-08-02-2026\/kw06\/\" data-orig-file=\"https:\/\/i0.wp.com\/www.jazzzeitung.de\/cms\/wp-content\/uploads\/2026\/01\/kw06.jpg?fit=1280%2C1007&amp;ssl=1\" data-orig-size=\"1280,1007\" data-comments-opened=\"1\" data-image-meta=\"{&quot;aperture&quot;:&quot;0&quot;,&quot;credit&quot;:&quot;&quot;,&quot;camera&quot;:&quot;&quot;,&quot;caption&quot;:&quot;&quot;,&quot;created_timestamp&quot;:&quot;0&quot;,&quot;copyright&quot;:&quot;&quot;,&quot;focal_length&quot;:&quot;0&quot;,&quot;iso&quot;:&quot;0&quot;,&quot;shutter_speed&quot;:&quot;0&quot;,&quot;title&quot;:&quot;&quot;,&quot;orientation&quot;:&quot;0&quot;}\" data-image-title=\"Zapf Zapf. Foto: Hufner\" data-image-description=\"&lt;p&gt;Zapf Zapf. Foto: Hufner&lt;\/p&gt;\n\" data-image-caption=\"&lt;p&gt;Zapf Zapf. Foto: Hufner&lt;\/p&gt;\n\" data-large-file=\"https:\/\/i0.wp.com\/www.jazzzeitung.de\/cms\/wp-content\/uploads\/2026\/01\/kw06.jpg?fit=763%2C600&amp;ssl=1\" class=\"size-large wp-image-33614\" src=\"https:\/\/i0.wp.com\/www.jazzzeitung.de\/cms\/wp-content\/uploads\/2026\/01\/kw06.jpg?resize=763%2C600&#038;ssl=1\" alt=\"Zapf Zapf. Foto: Hufner\" width=\"763\" height=\"600\" srcset=\"https:\/\/i0.wp.com\/www.jazzzeitung.de\/cms\/wp-content\/uploads\/2026\/01\/kw06.jpg?resize=763%2C600&amp;ssl=1 763w, https:\/\/i0.wp.com\/www.jazzzeitung.de\/cms\/wp-content\/uploads\/2026\/01\/kw06.jpg?resize=300%2C236&amp;ssl=1 300w, https:\/\/i0.wp.com\/www.jazzzeitung.de\/cms\/wp-content\/uploads\/2026\/01\/kw06.jpg?resize=768%2C604&amp;ssl=1 768w, https:\/\/i0.wp.com\/www.jazzzeitung.de\/cms\/wp-content\/uploads\/2026\/01\/kw06.jpg?w=1280&amp;ssl=1 1280w\" sizes=\"auto, (max-width: 763px) 100vw, 763px\" \/><\/a><figcaption id=\"caption-attachment-33614\" class=\"wp-caption-text\">Zapf Zapf. Foto: Hufner<\/figcaption><\/figure>\n<hr \/>\n<h2 class=\"western\"><a name=\"__RefHeading___Toc18825_3694535302\"><\/a>do \u2013 05.02.2026<\/h2>\n<hr \/>\n<p class=\"western\">17:30:00 +++ \u00d61<br \/>\n<b>Musik aus allen Richtungen mit Andreas Felber.<\/b><\/p>\n<p class=\"western\">22:03 \u2013 23:00 UHR +++ SWR KULTUR<br \/>\n<b>Jazz and more<\/b><\/p>\n<p class=\"western\" style=\"padding-left: 40px;\">Von J\u00fcrgen Schwab. Ja was haben wir denn da?! Neue Alben aus dem Jazz und seinen Randgebieten. Ob Blues, Neo-Klassik, Global-Pop oder freie Improvisation \u2013 hier darf alles mitmischen. (\u00dcbernahme von hr2-kultur).<\/p>\n<p class=\"western\">23:03 bis 00:00 Uhr +++ BR-KLASSIK<br \/>\n<b>Horizonte: Zum 25. Todestag von Iannis Xenakis \u2013 Die Romane von Fran\u00e7oise Xenakis \u00fcber ihren Mann<\/b><\/p>\n<p class=\"western\" style=\"padding-left: 40px;\">Sie waren ein ungleiches K\u00fcnstlerpaar: der strenge Avantgardist aus Griechenland und die humorvolle Journalistin aus der franz\u00f6sischen Provinz, Iannis und Fran\u00e7oise Xenakis. Fast f\u00fcnf Jahrzehnte lang war die quirlige Schriftstellerin verheiratet mit einem der gr\u00f6\u00dften und eigenwilligsten Komponisten des 20. Jahrhunderts. Rund 30 B\u00fccher hat sie ver\u00f6ffentlicht, Gedichte, Erz\u00e4hlungen, Romane \u2013 f\u00fcnf davon drehen sich um ihren Mann. Damit ist Iannis Xenakis einer der wenigen zeitgen\u00f6ssischen Komponisten, der zur Romanfigur geworden ist. Doch Fran\u00e7oise Xenakis portr\u00e4tierte nicht den gro\u00dfen K\u00fcnstler auf dem Sockel, sondern den Privatmenschen: den Geliebten, der sie in der sengenden Sonne k\u00fcsst, damit sie nicht so sehr Durst hat. Den Egomanen, der die Familie jeden Sommer ins Kanu zwingt, um wochenlang \u00fcbers offene Meer zu rudern. Den Traumatisierten, der die Bilder aus dem B\u00fcrgerkrieg nicht vergessen kann. Besonders ber\u00fchrend: ihr Protokoll \u00fcber den langsamen Verfall des an Alzheimer Erkrankten, der zuerst im korsischen Gestr\u00fcpp scheinbar zuf\u00e4llig die Orientierung verliert und am Ende die eigene Tochter nicht mehr erkennt. Vor genau 25 Jahren, am 4. Februar 2001, ist Iannis Xenakis seiner Krankheit erlegen, Fran\u00e7oise Xenakis folgte ihrem Mann 2018 nach. \u201eKlassikPlus\u201c erinnert an das K\u00fcnstlerpaar \u2013 mit O-T\u00f6nen, Musik und Ausz\u00fcgen aus f\u00fcnf B\u00fcchern voller Liebe, Respekt und Augenzwinkern noch unter Tr\u00e4nen Eine Sendung von Thorsten Preu\u00df (Wdh. vom 12.03.2013)<\/p>\n<hr \/>\n<h2 class=\"western\"><a name=\"__RefHeading___Toc18827_3694535302\"><\/a>fr \u2013 06.02.2026<\/h2>\n<hr \/>\n<p class=\"western\">14:05:00 +++ \u00d61<br \/>\n<b>Bassist Nils Kugelmann und sein Trio bei den Leverkusener Jazztagen 2024<\/b><\/p>\n<p class=\"western\" style=\"padding-left: 40px;\">Ein kraftvoller Sound, mitrei\u00dfender Groove und sensibles Zusammenspiel zeichnen das Nils Kugelmann Trio aus. Das gefeierte Deb\u00fctalbum \u201eStormy Beauty\u201c wurde nicht ohne Grund f\u00fcr den Preis der deutschen Schallplattenkritik nominiert. Gemeinsam mit zwei weiteren herausragenden Talenten des deutschen Jazz, Pianist Luca Zambito und Schlagzeuger Sebastian Wolfgruber, zelebriert der M\u00fcnchner Bassist, Komponist und Multiinstrumentalist Nils Kugelmann mit dieser Band Musik voller Energie, Leidenschaft und melodischer Eleganz. Diese Konzertaufnahme, entstanden am 7. November 2024 bei den Leverkusener Jazztagen, zeigt das Trio rund um seinen charakteristisch treibenden Basssound in H\u00f6chstform. Kugelmann, ausgezeichnet u.a. mit dem BMW Young Artist Jazz Award, verbindet Virtuosit\u00e4t mit musikalischem Einfallsreichtum. Ein Konzert, das zeigt, wie aufregend junger Jazz heute klingen kann.<\/p>\n<p class=\"western\">17:30:00 +++ \u00d61<br \/>\n<b>Musik aus allen Richtungen mit Johann Kneihs.<\/b><\/p>\n<p class=\"western\">20:03 bis 22:00 Uhr +++ BR-KLASSIK<br \/>\n<b>Live: Konzertabend der musica viva<\/b><\/p>\n<p class=\"western\" style=\"padding-left: 40px;\">Chor und Symphonieorchester des Bayerischen Rundfunks, T\u00f6lzer Knabenchor, WDR-Rundfunkchor, Leitung: Simon Rattle. Solisten: John Tomlinson, Sprecher; Anna Prohaska, Sopran; Georg Nigl, Bariton<\/p>\n<p class=\"western\" style=\"padding-left: 40px;\">Olga Neuwirth: \u201eZones of Blue\u201c, Rhapsodie (Urauff\u00fchrung); Hans Werner Henze: \u201eDas Flo\u00df der Medusa\u201c.<\/p>\n<p class=\"western\" style=\"padding-left: 40px;\">Hans Werner Henze war das Gegenteil eines Elfenbeinturm-K\u00fcnstlers. Immer wieder trat er als unbequemer und politischer Zeitgenosse in Erscheinung, weil Komponieren f\u00fcr ihn keine \u201eFrage von Stil, sondern von Bewusstseinsforschung\u201c war. Die gescheiterte Hamburger Premiere seines Oratoriums \u201eDas Flo\u00df der Medusa\u201c, das Henze und sein Librettist Ernst Schnabel dem kurz zuvor ermordeten kubanischen Revolutionsf\u00fchrer Che Guevara gewidmet hatten, geriet inmitten der politisch aufgeheizten Stimmung um Vietnamkrieg, Notstandsgesetzgebung und das Attentat auf Rudi Dutschke zu einem handfesten Skandal, der durch entsprechende Artikel der Springer- Presse massiv befeuert wurde. Das Sujet erz\u00e4hlt von der 1816 gesunkenen Fregatte M\u00e9duse, deren von den Offizieren zur\u00fcckgelassene Passagiere vier Wochen lang auf einem Flo\u00df im Atlantik trieben \u2013 unter den tragischsten Umst\u00e4nden. Die Geschichte wurde fr\u00fchzeitig als Allegorie auf Machtmissbrauch der Herrschenden gedeutet, unter anderem vom franz\u00f6sischen Maler Th\u00e9odore G\u00e9ricault in seinem \u00d6lgem\u00e4lde \u201eLe radeau de la M\u00e9duse\u201c, das Henze beim Komponieren erkl\u00e4rterma\u00dfen immer vor Augen hatte. Sir Simon Rattle widmet sich in diesem Konzert dem einstigen Skandalst\u00fcck: Musik, deren d\u00fcsterer Wucht und auffahrender Verzweiflung man sich nur schwer entziehen kann. Vor der Pause ist J\u00f6rg Widmann als Solist in der Urauff\u00fchrung von Olga Neuwirths \u201eZones of Blue\u201c zu erleben. Die Komponistin wurde 2022 mit dem Musikpreis der Ernst von Siemens Musikstiftung ausgezeichnet.<\/p>\n<p class=\"western\">23:03:00 +++ \u00d61<br \/>\n<b>Zwischen Nordkette und Patscherkofel \u2013 \u201cResonance IBK\u201d von Hannes Strobl und Christof Dienz bei den Klangspuren Schwaz 2025<\/b><\/p>\n<p class=\"western\" style=\"padding-left: 40px;\">Seit \u00fcber 20 belauscht der Innsbrucker Musiker und Komponist Hannes Strobl, der in Berlin lebt, die Klangkulissen verschiedener St\u00e4dte, um diese dann in seine Projekte einzubauen. Mit \u201cResonance Innsbruck\u201d widmete er sich im letzten Konzert der Klangspuren Schwaz am 27. September seiner Heimatstadt, die im Kessel zwischen zwei Bergketten liegt, zwischen Nordkette und Patscherkofel.<\/p>\n<p class=\"western\" style=\"padding-left: 40px;\">Hannes Strobl sch\u00f6pft aus Klangaufnahmen, die zeitgleich auf beiden Seiten des Inntals bei Innsbruck entstanden sind. Der Titel verweist auf das Ph\u00e4nomen der Resonanz, das in der Komposition sowohl klanglich als auch konzeptionell erforscht wird. Der Tiroler hat damit auch eine Erkundungsreise in seine eigene Vergangenheit gemacht, denn seit seiner Kindheit in den 1970er Jahren hat sich Innsbruck akustisch stark ver\u00e4ndert. Das Rauschen der Autobahn etwa ist sogar auf den Bergen, auf 2000 Metern, zu h\u00f6ren. Entstanden ist eine mehrteilige Komposition f\u00fcr E-Bass und E-Kontrabass und Fieldrecordings, zu der Christoph Dienz, der scheidende Leiter der Klangspuren Schwaz, eine Komposition f\u00fcr vier Posaunen beigesteuert hat. Das Konzert fand in der ehemaligen Fabrikhalle St. Bartlm\u00e4 statt, in der Musik, Umgebungsger\u00e4usche und architektonische Gegebenheiten \u2013 wie der Klang seiner Eisenstiege \u2013 zu einer gemeinsamen Komposition verschmolzen sind. Gestaltung: Patrizia Jilg<\/p>\n<hr \/>\n<h2 class=\"western\"><a name=\"__RefHeading___Toc18829_3694535302\"><\/a>sa \u2013 07.02.2026<\/h2>\n<hr \/>\n<p class=\"western\">09:04 \u2013 10:00 UHR +++ SWR KULTUR<br \/>\n<b>Musikstunde Jazz global: Baltic Groove in Estland, Lettland, Litauen<\/b><\/p>\n<p class=\"western\" style=\"padding-left: 40px;\">Mit Babette Michel. Jazz aus Estland, Lettland und Litauen klingt frisch, frei, anders, findet Babette Michel und gibt Einblicke in die lebendigen Jazzszenen dieser drei baltischen L\u00e4nder. Lokale Wurzeln werden mit freien Improvisationen, verr\u00fcckten Kompositionen und komplexen Phrasen verkn\u00fcpft. Die wilde Kaunas Big Band \u00fcberrascht mit ihrer starken Fraktion aus Trompeten, Saxofonen, Posaunen. Das litauische CinAmono Duo zelebriert eine beinahe zeremonielle Atmosph\u00e4re. Modern, sch\u00f6n und kreativ ist der Gesang der Lettin L\u00eeva Dumpe, und auch die Estonian Voices \u00f6ffnen mit ihren Stimmen neue Klangr\u00e4ume.<\/p>\n<p class=\"western\">14.00 Uhr +++ Das \u00d61 H\u00f6rspiel<br \/>\n<b>\u201eInsektarium\u201c. Von Gert Jonke (80. Geburtstag am 8.2.). <\/b><\/p>\n<p class=\"western\" style=\"padding-left: 40px;\">Mit Peter Simonischek, Maria Happel, Michael K\u00f6nig, Johannes Terne und Roland Knie, Ton: Herta Werner-Tschaschl, Regie: G\u00f6tz Fritsch (ORF\/DLF 2004)<\/p>\n<p class=\"western\" style=\"padding-left: 40px;\">Elfriede Jelinek sagte \u00fcber den 2008 verstorbenen \u00f6sterreichischen Schriftsteller Gert Jonke, er h\u00e4tte \u201emit Sprache gespielt, wie ein Kind mit Seifenblasen\u201c, er sei \u201eein gro\u00dfer Sprachk\u00fcnstler, einer der gr\u00f6\u00dften.\u201c Jonkes schriftstellerisches Schaffen ist gepr\u00e4gt von sprachlicher Artistik und einer steten Ambivalenz.<\/p>\n<p class=\"western\" style=\"padding-left: 40px;\">Seine Textsammlung \u201eInsektarium\u201c besteht aus teils humorvollen, teils absurd-verst\u00f6renden Fragmenten und scheint wie daf\u00fcr gemacht, als H\u00f6rst\u00fcck inszeniert zu werden. Unter der Regie von G\u00f6tz Fritsch entstand aus Jonkes Texten ein ger\u00e4usch- und sprachgewaltiges Gesamtwerk.<\/p>\n<p class=\"western\">14:05 bis 15:00 Uhr +++ BR-KLASSIK<br \/>\n<b>KlassikPlus: Mozart h\u00e4tte den \u201eFaust\u201c komponieren m\u00fcssen \u2013 Der Faust-Mythos auf der Opernb\u00fchne<\/b><\/p>\n<p class=\"western\" style=\"padding-left: 40px;\">\u201eKeine dramatische Dichtung der Weltliteratur ist so sehr von unh\u00f6rbarer Musik erf\u00fcllt und trotzdem so unkomponierbar wie &#8218;Faust&#8217;\u201c \u2013 so lautet das Fazit des gro\u00dfen Germanisten Dieter Borchmeyer. Was Komponisten freilich nicht daran hinderte, in den letzten 200 Jahren immer wieder Goethes Opus summum auf die Opernb\u00fchne zu bringen. Der Dichterf\u00fcrst selbst hat sich offenbar eine Vertonung gew\u00fcnscht, nur mangelte es ihm an dem geeigneten Kandidaten: Mozart w\u00e4re sein Favorit gewesen, w\u00e4hrend er von den zeitgen\u00f6ssischen Komponisten allenfalls Meyerbeer in Betracht zog, der jedoch \u201ezu sehr mit italienischen Theatern verflochten\u201c sei. So hat Goethe keines der \u00fcber 60 musikdramatischen Werke geh\u00f6rt, die sich auf unterschiedlichste Weise mit der Geschichte von Faust, Gretchen und Mephisto auseinandersetzen. Die Spanne von Gounods romantischer Erfolgsoper \u00fcber Schumanns mystische Faust-Szenen bis zu Boitos zynisch pfeifendem Mefistofele ist breit und der Goethe-Anteil am Libretto schwankend. \u201eVerweile doch! du bist so sch\u00f6n!\u201c wird man aber sicher zu vielen musikalischen Augenblicken sagen k\u00f6nnen in der \u201eKlassikPlus\u201c-Sendung mit dem prominenten Gast Dieter Borchmeyer. Eine Sendung von Alexandra Maria Dielitz (Wdh. vom 14.06.2018)<\/p>\n<p class=\"western\">18:20 \u2013 19:00 UHR +++ SWR KULTUR<br \/>\n<b>Jazz: Me and My Music \u2013 Tuulikki Bartosik<\/b><\/p>\n<p class=\"western\" style=\"padding-left: 40px;\">Von Fanny Opitz. In unserer Sendereihe \u201eMe and My Music\u201c stellen sich Musiker*innen in einer Wort-Musik-Collage selbst vor. Heute im klingenden Selbstportr\u00e4t: die schwedisch-estnische Akkordeonistin und Komponistin Tuulikki Bartosik. Sie verbindet traditionelle Kl\u00e4nge mit Jazz, Neuer Musik, Elektronik und Field Recordings. Als Absolventin der k\u00f6niglichen Musikhochschule Stockholm und der Sibelius-Akademie Helsinki vereint sie sowohl skandinavische als auch baltische Musiktraditionen in ihren internationalen Projekten.<\/p>\n<p class=\"western\">22:15:00 +++ \u00d61<br \/>\n<b>Neuigkeiten aus der Welt des Jazz<\/b><\/p>\n<p class=\"western\" style=\"padding-left: 40px;\">Konzertempfehlungen f\u00fcr die kommende Woche, Buchbesprechungen, Kurznachrufe und aktuelle Meldungen. Sowie die neue Vorab-Single \u201eSpeaking\u201c aus dem im April 2026 in der Edition \u00d61 erscheinenden Album \u201eLife\u201c des Emiliano Sampaio Jazz Orchestra.<\/p>\n<p class=\"western\">23:03:30 +++ \u00d61<br \/>\n<b>Raphael Wressnig im Gespr\u00e4ch; Francesca Tandoi and Eleonora Strino im Dezember 2024 im Grazer Tube&#8217;s<\/b><\/p>\n<p class=\"western\" style=\"padding-left: 40px;\">Die Hammond B3 ist ein ungew\u00f6hnliches Instrument mit einem Gewicht von rund 200 Kilogramm und einer eigenen Geschichte in Jazz, Blues, Soul, R&amp;B und Latin-Boogaloo. Das 2025 ver\u00f6ffentlichte Album \u201eCommitted\u201c des steirischen Organisten Raphael Wressnig vereint all diese Essenzen, w\u00fcrdigt die Meister der Hammondorgel \u2013 Dr. Lonnie Smith, Jimmy McGriff und Jack McDuff \u2013 und bietet so Liebhaber:innen des einzigartigen Sounds ein wahres Vergn\u00fcgen! Neben Raphael Wressnig sind auf dem Album der \u00f6sterreichische Schlagzeuger Hans-J\u00fcrgen Bart und der italienische Gitarrist Enrico Crivellaro zu h\u00f6ren. Das Trio harmoniert in au\u00dfergew\u00f6hnlicher Weise. Raphael Wressnig schreibt dazu im September 2025 in seinem Facebook-Account: \u201eAls ich das Album \u201aCommitted&#8216; betitelte, dachte ich an die Leidenschaft und Hingabe, die n\u00f6tig sind, um Musik zu machen, die wirklich ber\u00fchrt. F\u00fcr mich wird dieses Engagement an der Hammond-B3-Orgel lebendig.\u201c<\/p>\n<p class=\"western\" style=\"padding-left: 40px;\">Im \u00d61 Jazznacht-Studio spricht Wressnig \u00fcber seine Leidenschaft f\u00fcr den Sound der Hammond, die er immer wieder neu entfacht und den er auch im Rahmen des von ihm veranstalteten Festivals \u201eSoul and Blues Groove Summit\u201c zelebriert, das dieses Jahr bereits zum 13. Mal in Bad Radkersburg in der S\u00fcdoststeiermark \u00fcber die B\u00fchne geht \u2013 dort ist Raphael Wressnig auch aufgewachsen.<\/p>\n<p class=\"western\" style=\"padding-left: 40px;\">In der Konzertschiene der \u00d61 Jazznacht steht eine Aufnahme des ORF-Landesstudios Steiermark aus dem Grazer Jazzclub Tube&#8217;s auf dem Programm. Am 20. Dezember 2024 gastierte dort ein einzigartiges italienisches Duo: Pianistin Francesca Tandoi und Gitarristin Eleonora Strino, die auch ihre Stimmen einsetzten, boten ein musikalisches Ideen-Feuerwerk der besonderen Sorte. Die beiden Virtuosinnen intonierten in ungewohnter Besetzung ein buntes Repertoire von Eigenkompositionen \u00fcber Jazzstandards wie \u201eLush Life\u201c und \u201eHow Deep Is the Ocean\u201c bis hin zu \u201eAlfonsina y el mar\u201c, einem der bekanntesten Lieder S\u00fcdamerikas, basierend auf einem Gedicht der Feministin Alfonsina Storni, die als Lyrikerin im fr\u00fchen 20. Jahrhundert in Argentinien verehrt wurde. Was Francesca Tandoi und Eleonora Strino verbindet, ist die Passion f\u00fcr ihre Musik und das Bestreben, die Zuh\u00f6rer:innen so tief wie m\u00f6glich zu ber\u00fchren. Bei ihrem Duokonzert im Grazer Tube&#8217;s war das zweifelsfrei der Fall!<\/p>\n<hr \/>\n<h2 class=\"western\"><a name=\"__RefHeading___Toc18831_3694535302\"><\/a>so \u2013 08.02.2026<\/h2>\n<hr \/>\n<p class=\"western\">00:05:00 +++ \u00d61<br \/>\n<b>(Fortsetzung); Raphael Wressnig im Gespr\u00e4ch; Francesca Tandoi and Eleonora Strino im Dezember 2024 im Grazer Tube&#8217;s<\/b><\/p>\n<p class=\"western\">17:10:00 +++ \u00d61<br \/>\n<b>Songs \u00fcber Z\u00fcge, die es nicht gibt und nie gab<\/b><\/p>\n<p class=\"western\" style=\"padding-left: 40px;\">Manchmal schreibt sich eine Sendung wie von selbst, etwa weil sich eines aus dem anderen ergibt. Manchmal wird einem aber auch ganz unverhofft eine Sendung durch andere zugetragen, wie in diesem Fall. Ingeborg Lechner und Robert Vucsina aus dem steirischen Trofaiach haben sich mit der Reihe \u201eMystery Train\u201c (gesendet zwischen 2013 und 2018 in Apropos Musik und Spielr\u00e4ume Spezial) intensiv besch\u00e4ftigt und nun selbst eine zehnte Folge vorgeschlagen, gewisserma\u00dfen als Nachz\u00fcgler im doppelten Wortsinn, diesmal mit Songs \u00fcber Z\u00fcge, die es nicht gibt und die es nie gab.<\/p>\n<p class=\"western\" style=\"padding-left: 40px;\">Und mit diesem Thema schlie\u00dft sich auch der Kreis. Wurde in der ersten Sendung erw\u00e4hnt, dass das titelgebende \u201eMystery Train\u201c im Song \u201eMystery Train\u201c selbst gar nicht vorkommt, so geht es diesmal um wirkliche \u201eMystery Trains\u201c, Z\u00fcge also, die g\u00e4nzlich dichterischer Freiheit entsprungen sind und als Moritaten, Bilder oder Allegorien dahin rattern.<\/p>\n<p class=\"western\">19:05:00 +++ \u00d61<br \/>\n<b>Thomas Marek, Patrick Bebelaar und Gina Schwarz im Studio 2 des ORF RadioKulturhauses in Wien<\/b><\/p>\n<p class=\"western\" style=\"padding-left: 40px;\">Stepptanz ist f\u00fcr einen Teil der \u00d61 H\u00f6rerschaft wahrscheinlich verbunden mit dem ORF-Fernsehprogramm am Sonntagnachmittag in l\u00e4nger zur\u00fcckliegenden Zeiten. Da konnten in alten Hollywoodfilmen K\u00f6nner wie Fred Astaire oder Gene Kelly bewundert werden, wie sie nicht nur als T\u00e4nzer agierten, sondern auch mit speziellen Schuhen perkussive Kl\u00e4nge erzeugten. \u201eTap Dance\u201c war aber schon vorher fest im Jazz verankert. Im New Yorker Cotton Club traten in den 1920er und 30er Jahren Pioniere wie Bill Robinson alias \u201eMr. Bojangles\u201c mit den Orchestern von Duke Ellington oder Cab Calloway auf.<\/p>\n<p class=\"western\" style=\"padding-left: 40px;\">Der Steppt\u00e4nzer und Schlagzeuger Thomas Marek \u00fcbertr\u00e4gt mit dem Pianisten Patrick Babelaar und der Bassistin Gina Schwarz den Stepptanz in einen zeitgen\u00f6ssischen und freieren Kontext. Das deutsche Magazin Jazzpodium vermerkte dazu nach einem Auftritt des Trios: \u201eThomas Marek tanzte nicht nur zur Musik, sondern war vollwertiger Solist einer Band, die eben an Stelle eines Saxophonisten einen Stepper in der ersten Reihe hat.\u201c<\/p>\n<p class=\"western\">22:03 \u2013 23:00 UHR +++ SWR KULTUR<br \/>\n<b>NOWJazz: Song Unconditional \u2013 Der Pianist Alexander Hawkins<\/b><\/p>\n<p class=\"western\" style=\"padding-left: 40px;\">Von Niklas Wandt. Der Londoner Pianist, Organist und Komponist Alexander Hawkins z\u00e4hlt zu den spannendsten Gestaltern der europ\u00e4ischen Avantgardeszene. In den letzten Jahren hat er Werke f\u00fcr Solopiano, Orchester und verschiedene Duos realisiert, in denen er das Spannungsfeld zwischen straffer Form und energetischer Improvisation auslotet. Ebenso vielgestaltig ist Hawkins&#8216; Klavierspiel, das mit brillanter Technik die gesamte Tradition des Jazzpianos von Art Tatum \u00fcber Thelonious Monk bis hin zu Cecil Taylor in sich vereint.<\/p>\n<p class=\"western\">23:03:00 +++ \u00d61<br \/>\n<b>Ein \u201eRising Star\u201c aus Tirol im Wiener Musikverein \u2013 Die Cellistin Valerie Fritz mit vielseitigem Programm<\/b><\/p>\n<p class=\"western\" style=\"padding-left: 40px;\">Die in Tirol geborene Cellistin Valerie Fritz geh\u00f6rt zu den vielseitigsten Solistinnen der jungen Virtuosinnen-Generation. Das spiegelt sich in der Breite ihres Repertoires genauso wie in ihrer musikalischen Flexibilit\u00e4t. Das erlaubt ihr pr\u00e4zise Zug\u00e4nge zu unterschiedlichsten Musikstilen. Zu erleben war dies am Dienstag, 27. J\u00e4nner 2026 im Wiener Musikverein bei ihrem Solo-Recital. Im Rahmen des Zyklus \u201eRising Stars\u201c spielte sie Werke von Georges Aperghis, Johann Sebastian Bach, Jennifer Walshe, Benjamin Britten, George Crumb, Peter E\u00f6tv\u00f6s, Birgitta von Schweden, Arturo Fuentes und Georg Friedrich Haas.<\/p>\n<p class=\"western\" style=\"padding-left: 40px;\">Ihre musikalische Ausbildung erhielt Valerie Fritz an der Universit\u00e4t Mozarteum Salzburg bei Clemens Hagen und Giovanni Gnocchi. Valerie Fritz spielt auf einem Instrument von Giovanni Battista Guadagnini aus dem Jahr 1744, das ihr privat zur Verf\u00fcgung gestellt wird.<\/p>\n<p class=\"western\" style=\"padding-left: 40px;\">Valerie Fritz ist eine der Musiker:innen, die in dieser Saison als \u201eRising Stars\u201c auf Tournee gehen. F\u00fcr diesen Gemeinschaftszyklus nominieren folgende Institutionen: Elbphilharmonie Hamburg, Bozar Br\u00fcssel, Casa da M\u00fasica Porto, K\u00f6lner Philharmonie, Konzerthaus Dortmund, Musikverein Wien und European Concert Hall Organisation (ECHO). Gestaltung: NN<\/p>\n","protected":false},"excerpt":{"rendered":"<p>Jazz im Radio \u2013 Jeden Sonntag gibt es um 12 Uhr unsere \u00dcbersicht f\u00fcr die jeweils nachfolgende Woche. Die #Jazz-Radiowoche vom 12.01.26 bis zum 18.01.26. Erheblich d\u00fcnn! Auch als PDF zum Download \u2013 #Jazz #JazzZeitung #Radio #Radiowoche \u2013 Ein Service unserer Online-Redaktion.<\/p>\n","protected":false},"author":1,"featured_media":33614,"comment_status":"open","ping_status":"closed","sticky":false,"template":"","format":"standard","meta":{"_jetpack_memberships_contains_paid_content":false,"footnotes":"","jetpack_publicize_message":"","jetpack_publicize_feature_enabled":true,"jetpack_social_post_already_shared":true,"jetpack_social_options":{"image_generator_settings":{"template":"highway","default_image_id":0,"font":"","enabled":false},"version":2}},"categories":[633,452],"tags":[3773,1629],"coauthors":[650],"class_list":["post-33613","post","type-post","status-publish","format-standard","has-post-thumbnail","hentry","category-nachrichten","category-radio","tag-die-radiowoche","tag-jazz-im-radio"],"yoast_head":"<!-- This site is optimized with the Yoast SEO plugin v27.5 - https:\/\/yoast.com\/product\/yoast-seo-wordpress\/ -->\n<title>Die JetztIstFebruar-Jazz-Radiowoche vom 01.02.2026 bis 08.02.2026 - JazzZeitung<\/title>\n<meta name=\"robots\" content=\"index, follow, max-snippet:-1, max-image-preview:large, max-video-preview:-1\" \/>\n<link rel=\"canonical\" href=\"https:\/\/www.jazzzeitung.de\/cms\/2026\/01\/die-jetztistfebruar-jazz-radiowoche-vom-01-02-2026-bis-08-02-2026\/\" \/>\n<meta property=\"og:locale\" content=\"de_DE\" \/>\n<meta property=\"og:type\" content=\"article\" \/>\n<meta property=\"og:title\" content=\"Die JetztIstFebruar-Jazz-Radiowoche vom 01.02.2026 bis 08.02.2026 - JazzZeitung\" \/>\n<meta property=\"og:description\" content=\"Jazz im Radio \u2013 Jeden Sonntag gibt es um 12 Uhr unsere \u00dcbersicht f\u00fcr die jeweils nachfolgende Woche. Die #Jazz-Radiowoche vom 12.01.26 bis zum 18.01.26. Erheblich d\u00fcnn! Auch als PDF zum Download \u2013 #Jazz #JazzZeitung #Radio #Radiowoche \u2013 Ein Service unserer Online-Redaktion.\" \/>\n<meta property=\"og:url\" content=\"https:\/\/www.jazzzeitung.de\/cms\/2026\/01\/die-jetztistfebruar-jazz-radiowoche-vom-01-02-2026-bis-08-02-2026\/\" \/>\n<meta property=\"og:site_name\" content=\"JazzZeitung\" \/>\n<meta property=\"article:publisher\" content=\"https:\/\/www.facebook.com\/JazzZeitung\/\" \/>\n<meta property=\"article:author\" content=\"https:\/\/www.facebook.com\/hufner\" \/>\n<meta property=\"article:published_time\" content=\"2026-01-31T11:00:12+00:00\" \/>\n<meta property=\"og:image\" content=\"https:\/\/i0.wp.com\/www.jazzzeitung.de\/cms\/wp-content\/uploads\/2026\/01\/kw06.jpg?fit=1280%2C1007&ssl=1\" \/>\n\t<meta property=\"og:image:width\" content=\"1280\" \/>\n\t<meta property=\"og:image:height\" content=\"1007\" \/>\n\t<meta property=\"og:image:type\" content=\"image\/jpeg\" \/>\n<meta name=\"author\" content=\"Martin Hufner\" \/>\n<script type=\"application\/ld+json\" class=\"yoast-schema-graph\">{\"@context\":\"https:\\\/\\\/schema.org\",\"@graph\":[{\"@type\":\"Article\",\"@id\":\"https:\\\/\\\/www.jazzzeitung.de\\\/cms\\\/2026\\\/01\\\/die-jetztistfebruar-jazz-radiowoche-vom-01-02-2026-bis-08-02-2026\\\/#article\",\"isPartOf\":{\"@id\":\"https:\\\/\\\/www.jazzzeitung.de\\\/cms\\\/2026\\\/01\\\/die-jetztistfebruar-jazz-radiowoche-vom-01-02-2026-bis-08-02-2026\\\/\"},\"author\":{\"name\":\"Martin Hufner\",\"@id\":\"https:\\\/\\\/www.jazzzeitung.de\\\/cms\\\/#\\\/schema\\\/person\\\/b9a4e5ac765d94fb8f617bfa8f1fc5f7\"},\"headline\":\"Die JetztIstFebruar-Jazz-Radiowoche vom 01.02.2026 bis 08.02.2026\",\"datePublished\":\"2026-01-31T11:00:12+00:00\",\"mainEntityOfPage\":{\"@id\":\"https:\\\/\\\/www.jazzzeitung.de\\\/cms\\\/2026\\\/01\\\/die-jetztistfebruar-jazz-radiowoche-vom-01-02-2026-bis-08-02-2026\\\/\"},\"wordCount\":4277,\"commentCount\":0,\"publisher\":{\"@id\":\"https:\\\/\\\/www.jazzzeitung.de\\\/cms\\\/#organization\"},\"image\":{\"@id\":\"https:\\\/\\\/www.jazzzeitung.de\\\/cms\\\/2026\\\/01\\\/die-jetztistfebruar-jazz-radiowoche-vom-01-02-2026-bis-08-02-2026\\\/#primaryimage\"},\"thumbnailUrl\":\"https:\\\/\\\/i0.wp.com\\\/www.jazzzeitung.de\\\/cms\\\/wp-content\\\/uploads\\\/2026\\\/01\\\/kw06.jpg?fit=1280%2C1007&ssl=1\",\"keywords\":[\"Die Radiowoche\",\"Jazz im Radio\"],\"articleSection\":[\"News\",\"Radio\"],\"inLanguage\":\"de\",\"potentialAction\":[{\"@type\":\"CommentAction\",\"name\":\"Comment\",\"target\":[\"https:\\\/\\\/www.jazzzeitung.de\\\/cms\\\/2026\\\/01\\\/die-jetztistfebruar-jazz-radiowoche-vom-01-02-2026-bis-08-02-2026\\\/#respond\"]}]},{\"@type\":\"WebPage\",\"@id\":\"https:\\\/\\\/www.jazzzeitung.de\\\/cms\\\/2026\\\/01\\\/die-jetztistfebruar-jazz-radiowoche-vom-01-02-2026-bis-08-02-2026\\\/\",\"url\":\"https:\\\/\\\/www.jazzzeitung.de\\\/cms\\\/2026\\\/01\\\/die-jetztistfebruar-jazz-radiowoche-vom-01-02-2026-bis-08-02-2026\\\/\",\"name\":\"Die JetztIstFebruar-Jazz-Radiowoche vom 01.02.2026 bis 08.02.2026 - JazzZeitung\",\"isPartOf\":{\"@id\":\"https:\\\/\\\/www.jazzzeitung.de\\\/cms\\\/#website\"},\"primaryImageOfPage\":{\"@id\":\"https:\\\/\\\/www.jazzzeitung.de\\\/cms\\\/2026\\\/01\\\/die-jetztistfebruar-jazz-radiowoche-vom-01-02-2026-bis-08-02-2026\\\/#primaryimage\"},\"image\":{\"@id\":\"https:\\\/\\\/www.jazzzeitung.de\\\/cms\\\/2026\\\/01\\\/die-jetztistfebruar-jazz-radiowoche-vom-01-02-2026-bis-08-02-2026\\\/#primaryimage\"},\"thumbnailUrl\":\"https:\\\/\\\/i0.wp.com\\\/www.jazzzeitung.de\\\/cms\\\/wp-content\\\/uploads\\\/2026\\\/01\\\/kw06.jpg?fit=1280%2C1007&ssl=1\",\"datePublished\":\"2026-01-31T11:00:12+00:00\",\"breadcrumb\":{\"@id\":\"https:\\\/\\\/www.jazzzeitung.de\\\/cms\\\/2026\\\/01\\\/die-jetztistfebruar-jazz-radiowoche-vom-01-02-2026-bis-08-02-2026\\\/#breadcrumb\"},\"inLanguage\":\"de\",\"potentialAction\":[{\"@type\":\"ReadAction\",\"target\":[\"https:\\\/\\\/www.jazzzeitung.de\\\/cms\\\/2026\\\/01\\\/die-jetztistfebruar-jazz-radiowoche-vom-01-02-2026-bis-08-02-2026\\\/\"]}]},{\"@type\":\"ImageObject\",\"inLanguage\":\"de\",\"@id\":\"https:\\\/\\\/www.jazzzeitung.de\\\/cms\\\/2026\\\/01\\\/die-jetztistfebruar-jazz-radiowoche-vom-01-02-2026-bis-08-02-2026\\\/#primaryimage\",\"url\":\"https:\\\/\\\/i0.wp.com\\\/www.jazzzeitung.de\\\/cms\\\/wp-content\\\/uploads\\\/2026\\\/01\\\/kw06.jpg?fit=1280%2C1007&ssl=1\",\"contentUrl\":\"https:\\\/\\\/i0.wp.com\\\/www.jazzzeitung.de\\\/cms\\\/wp-content\\\/uploads\\\/2026\\\/01\\\/kw06.jpg?fit=1280%2C1007&ssl=1\",\"width\":1280,\"height\":1007,\"caption\":\"Zapf Zapf. Foto: Hufner\"},{\"@type\":\"BreadcrumbList\",\"@id\":\"https:\\\/\\\/www.jazzzeitung.de\\\/cms\\\/2026\\\/01\\\/die-jetztistfebruar-jazz-radiowoche-vom-01-02-2026-bis-08-02-2026\\\/#breadcrumb\",\"itemListElement\":[{\"@type\":\"ListItem\",\"position\":1,\"name\":\"Startseite\",\"item\":\"https:\\\/\\\/www.jazzzeitung.de\\\/cms\\\/\"},{\"@type\":\"ListItem\",\"position\":2,\"name\":\"Die JetztIstFebruar-Jazz-Radiowoche vom 01.02.2026 bis 08.02.2026\"}]},{\"@type\":\"WebSite\",\"@id\":\"https:\\\/\\\/www.jazzzeitung.de\\\/cms\\\/#website\",\"url\":\"https:\\\/\\\/www.jazzzeitung.de\\\/cms\\\/\",\"name\":\"JazzZeitung\",\"description\":\"Jazz-News und Jazz-Kontroverses\",\"publisher\":{\"@id\":\"https:\\\/\\\/www.jazzzeitung.de\\\/cms\\\/#organization\"},\"potentialAction\":[{\"@type\":\"SearchAction\",\"target\":{\"@type\":\"EntryPoint\",\"urlTemplate\":\"https:\\\/\\\/www.jazzzeitung.de\\\/cms\\\/?s={search_term_string}\"},\"query-input\":{\"@type\":\"PropertyValueSpecification\",\"valueRequired\":true,\"valueName\":\"search_term_string\"}}],\"inLanguage\":\"de\"},{\"@type\":\"Organization\",\"@id\":\"https:\\\/\\\/www.jazzzeitung.de\\\/cms\\\/#organization\",\"name\":\"JazzZeitung online\",\"url\":\"https:\\\/\\\/www.jazzzeitung.de\\\/cms\\\/\",\"logo\":{\"@type\":\"ImageObject\",\"inLanguage\":\"de\",\"@id\":\"https:\\\/\\\/www.jazzzeitung.de\\\/cms\\\/#\\\/schema\\\/logo\\\/image\\\/\",\"url\":\"https:\\\/\\\/i0.wp.com\\\/www.jazzzeitung.de\\\/cms\\\/wp-content\\\/uploads\\\/2015\\\/08\\\/JAZZZEITUNGDE_Logo_Neu.png?fit=499%2C200&ssl=1\",\"contentUrl\":\"https:\\\/\\\/i0.wp.com\\\/www.jazzzeitung.de\\\/cms\\\/wp-content\\\/uploads\\\/2015\\\/08\\\/JAZZZEITUNGDE_Logo_Neu.png?fit=499%2C200&ssl=1\",\"width\":499,\"height\":200,\"caption\":\"JazzZeitung online\"},\"image\":{\"@id\":\"https:\\\/\\\/www.jazzzeitung.de\\\/cms\\\/#\\\/schema\\\/logo\\\/image\\\/\"},\"sameAs\":[\"https:\\\/\\\/www.facebook.com\\\/JazzZeitung\\\/\"]},{\"@type\":\"Person\",\"@id\":\"https:\\\/\\\/www.jazzzeitung.de\\\/cms\\\/#\\\/schema\\\/person\\\/b9a4e5ac765d94fb8f617bfa8f1fc5f7\",\"name\":\"Martin Hufner\",\"image\":{\"@type\":\"ImageObject\",\"inLanguage\":\"de\",\"@id\":\"https:\\\/\\\/i0.wp.com\\\/www.jazzzeitung.de\\\/cms\\\/wp-content\\\/uploads\\\/2013\\\/07\\\/huf-06.jpg?resize=96%2C96&ssl=15fcc31aa94540751a3b804516452be00\",\"url\":\"https:\\\/\\\/i0.wp.com\\\/www.jazzzeitung.de\\\/cms\\\/wp-content\\\/uploads\\\/2013\\\/07\\\/huf-06.jpg?resize=96%2C96&ssl=1\",\"contentUrl\":\"https:\\\/\\\/i0.wp.com\\\/www.jazzzeitung.de\\\/cms\\\/wp-content\\\/uploads\\\/2013\\\/07\\\/huf-06.jpg?resize=96%2C96&ssl=1\",\"caption\":\"Martin Hufner\"},\"description\":\"Martin Hufner ist freier Autor der JazzZeitung.\",\"sameAs\":[\"https:\\\/\\\/www.kritische-masse.de\\\/logbuch\",\"https:\\\/\\\/www.facebook.com\\\/hufner\"],\"url\":\"https:\\\/\\\/www.jazzzeitung.de\\\/cms\\\/author\\\/admin\\\/\"}]}<\/script>\n<!-- \/ Yoast SEO plugin. -->","yoast_head_json":{"title":"Die JetztIstFebruar-Jazz-Radiowoche vom 01.02.2026 bis 08.02.2026 - JazzZeitung","robots":{"index":"index","follow":"follow","max-snippet":"max-snippet:-1","max-image-preview":"max-image-preview:large","max-video-preview":"max-video-preview:-1"},"canonical":"https:\/\/www.jazzzeitung.de\/cms\/2026\/01\/die-jetztistfebruar-jazz-radiowoche-vom-01-02-2026-bis-08-02-2026\/","og_locale":"de_DE","og_type":"article","og_title":"Die JetztIstFebruar-Jazz-Radiowoche vom 01.02.2026 bis 08.02.2026 - JazzZeitung","og_description":"Jazz im Radio \u2013 Jeden Sonntag gibt es um 12 Uhr unsere \u00dcbersicht f\u00fcr die jeweils nachfolgende Woche. Die #Jazz-Radiowoche vom 12.01.26 bis zum 18.01.26. Erheblich d\u00fcnn! Auch als PDF zum Download \u2013 #Jazz #JazzZeitung #Radio #Radiowoche \u2013 Ein Service unserer Online-Redaktion.","og_url":"https:\/\/www.jazzzeitung.de\/cms\/2026\/01\/die-jetztistfebruar-jazz-radiowoche-vom-01-02-2026-bis-08-02-2026\/","og_site_name":"JazzZeitung","article_publisher":"https:\/\/www.facebook.com\/JazzZeitung\/","article_author":"https:\/\/www.facebook.com\/hufner","article_published_time":"2026-01-31T11:00:12+00:00","og_image":[{"width":1280,"height":1007,"url":"https:\/\/i0.wp.com\/www.jazzzeitung.de\/cms\/wp-content\/uploads\/2026\/01\/kw06.jpg?fit=1280%2C1007&ssl=1","type":"image\/jpeg"}],"author":"Martin Hufner","schema":{"@context":"https:\/\/schema.org","@graph":[{"@type":"Article","@id":"https:\/\/www.jazzzeitung.de\/cms\/2026\/01\/die-jetztistfebruar-jazz-radiowoche-vom-01-02-2026-bis-08-02-2026\/#article","isPartOf":{"@id":"https:\/\/www.jazzzeitung.de\/cms\/2026\/01\/die-jetztistfebruar-jazz-radiowoche-vom-01-02-2026-bis-08-02-2026\/"},"author":{"name":"Martin Hufner","@id":"https:\/\/www.jazzzeitung.de\/cms\/#\/schema\/person\/b9a4e5ac765d94fb8f617bfa8f1fc5f7"},"headline":"Die JetztIstFebruar-Jazz-Radiowoche vom 01.02.2026 bis 08.02.2026","datePublished":"2026-01-31T11:00:12+00:00","mainEntityOfPage":{"@id":"https:\/\/www.jazzzeitung.de\/cms\/2026\/01\/die-jetztistfebruar-jazz-radiowoche-vom-01-02-2026-bis-08-02-2026\/"},"wordCount":4277,"commentCount":0,"publisher":{"@id":"https:\/\/www.jazzzeitung.de\/cms\/#organization"},"image":{"@id":"https:\/\/www.jazzzeitung.de\/cms\/2026\/01\/die-jetztistfebruar-jazz-radiowoche-vom-01-02-2026-bis-08-02-2026\/#primaryimage"},"thumbnailUrl":"https:\/\/i0.wp.com\/www.jazzzeitung.de\/cms\/wp-content\/uploads\/2026\/01\/kw06.jpg?fit=1280%2C1007&ssl=1","keywords":["Die Radiowoche","Jazz im Radio"],"articleSection":["News","Radio"],"inLanguage":"de","potentialAction":[{"@type":"CommentAction","name":"Comment","target":["https:\/\/www.jazzzeitung.de\/cms\/2026\/01\/die-jetztistfebruar-jazz-radiowoche-vom-01-02-2026-bis-08-02-2026\/#respond"]}]},{"@type":"WebPage","@id":"https:\/\/www.jazzzeitung.de\/cms\/2026\/01\/die-jetztistfebruar-jazz-radiowoche-vom-01-02-2026-bis-08-02-2026\/","url":"https:\/\/www.jazzzeitung.de\/cms\/2026\/01\/die-jetztistfebruar-jazz-radiowoche-vom-01-02-2026-bis-08-02-2026\/","name":"Die JetztIstFebruar-Jazz-Radiowoche vom 01.02.2026 bis 08.02.2026 - JazzZeitung","isPartOf":{"@id":"https:\/\/www.jazzzeitung.de\/cms\/#website"},"primaryImageOfPage":{"@id":"https:\/\/www.jazzzeitung.de\/cms\/2026\/01\/die-jetztistfebruar-jazz-radiowoche-vom-01-02-2026-bis-08-02-2026\/#primaryimage"},"image":{"@id":"https:\/\/www.jazzzeitung.de\/cms\/2026\/01\/die-jetztistfebruar-jazz-radiowoche-vom-01-02-2026-bis-08-02-2026\/#primaryimage"},"thumbnailUrl":"https:\/\/i0.wp.com\/www.jazzzeitung.de\/cms\/wp-content\/uploads\/2026\/01\/kw06.jpg?fit=1280%2C1007&ssl=1","datePublished":"2026-01-31T11:00:12+00:00","breadcrumb":{"@id":"https:\/\/www.jazzzeitung.de\/cms\/2026\/01\/die-jetztistfebruar-jazz-radiowoche-vom-01-02-2026-bis-08-02-2026\/#breadcrumb"},"inLanguage":"de","potentialAction":[{"@type":"ReadAction","target":["https:\/\/www.jazzzeitung.de\/cms\/2026\/01\/die-jetztistfebruar-jazz-radiowoche-vom-01-02-2026-bis-08-02-2026\/"]}]},{"@type":"ImageObject","inLanguage":"de","@id":"https:\/\/www.jazzzeitung.de\/cms\/2026\/01\/die-jetztistfebruar-jazz-radiowoche-vom-01-02-2026-bis-08-02-2026\/#primaryimage","url":"https:\/\/i0.wp.com\/www.jazzzeitung.de\/cms\/wp-content\/uploads\/2026\/01\/kw06.jpg?fit=1280%2C1007&ssl=1","contentUrl":"https:\/\/i0.wp.com\/www.jazzzeitung.de\/cms\/wp-content\/uploads\/2026\/01\/kw06.jpg?fit=1280%2C1007&ssl=1","width":1280,"height":1007,"caption":"Zapf Zapf. Foto: Hufner"},{"@type":"BreadcrumbList","@id":"https:\/\/www.jazzzeitung.de\/cms\/2026\/01\/die-jetztistfebruar-jazz-radiowoche-vom-01-02-2026-bis-08-02-2026\/#breadcrumb","itemListElement":[{"@type":"ListItem","position":1,"name":"Startseite","item":"https:\/\/www.jazzzeitung.de\/cms\/"},{"@type":"ListItem","position":2,"name":"Die JetztIstFebruar-Jazz-Radiowoche vom 01.02.2026 bis 08.02.2026"}]},{"@type":"WebSite","@id":"https:\/\/www.jazzzeitung.de\/cms\/#website","url":"https:\/\/www.jazzzeitung.de\/cms\/","name":"JazzZeitung","description":"Jazz-News und Jazz-Kontroverses","publisher":{"@id":"https:\/\/www.jazzzeitung.de\/cms\/#organization"},"potentialAction":[{"@type":"SearchAction","target":{"@type":"EntryPoint","urlTemplate":"https:\/\/www.jazzzeitung.de\/cms\/?s={search_term_string}"},"query-input":{"@type":"PropertyValueSpecification","valueRequired":true,"valueName":"search_term_string"}}],"inLanguage":"de"},{"@type":"Organization","@id":"https:\/\/www.jazzzeitung.de\/cms\/#organization","name":"JazzZeitung online","url":"https:\/\/www.jazzzeitung.de\/cms\/","logo":{"@type":"ImageObject","inLanguage":"de","@id":"https:\/\/www.jazzzeitung.de\/cms\/#\/schema\/logo\/image\/","url":"https:\/\/i0.wp.com\/www.jazzzeitung.de\/cms\/wp-content\/uploads\/2015\/08\/JAZZZEITUNGDE_Logo_Neu.png?fit=499%2C200&ssl=1","contentUrl":"https:\/\/i0.wp.com\/www.jazzzeitung.de\/cms\/wp-content\/uploads\/2015\/08\/JAZZZEITUNGDE_Logo_Neu.png?fit=499%2C200&ssl=1","width":499,"height":200,"caption":"JazzZeitung online"},"image":{"@id":"https:\/\/www.jazzzeitung.de\/cms\/#\/schema\/logo\/image\/"},"sameAs":["https:\/\/www.facebook.com\/JazzZeitung\/"]},{"@type":"Person","@id":"https:\/\/www.jazzzeitung.de\/cms\/#\/schema\/person\/b9a4e5ac765d94fb8f617bfa8f1fc5f7","name":"Martin Hufner","image":{"@type":"ImageObject","inLanguage":"de","@id":"https:\/\/i0.wp.com\/www.jazzzeitung.de\/cms\/wp-content\/uploads\/2013\/07\/huf-06.jpg?resize=96%2C96&ssl=15fcc31aa94540751a3b804516452be00","url":"https:\/\/i0.wp.com\/www.jazzzeitung.de\/cms\/wp-content\/uploads\/2013\/07\/huf-06.jpg?resize=96%2C96&ssl=1","contentUrl":"https:\/\/i0.wp.com\/www.jazzzeitung.de\/cms\/wp-content\/uploads\/2013\/07\/huf-06.jpg?resize=96%2C96&ssl=1","caption":"Martin Hufner"},"description":"Martin Hufner ist freier Autor der JazzZeitung.","sameAs":["https:\/\/www.kritische-masse.de\/logbuch","https:\/\/www.facebook.com\/hufner"],"url":"https:\/\/www.jazzzeitung.de\/cms\/author\/admin\/"}]}},"wp-worthy-pixel":{"ignored":true,"public":null,"server":null,"url":null},"wp-worthy-type":"normal","jetpack_publicize_connections":[],"cc_featured_image_caption":{"caption_text":"Zapf Zapf. ","source_text":"Foto: Martin Hufner","source_url":"https:\/\/www.kritische-masse.de\/logbuch\/"},"jetpack_featured_media_url":"https:\/\/i0.wp.com\/www.jazzzeitung.de\/cms\/wp-content\/uploads\/2026\/01\/kw06.jpg?fit=1280%2C1007&ssl=1","jetpack_shortlink":"https:\/\/wp.me\/p3KEcT-8K9","jetpack-related-posts":[{"id":33138,"url":"https:\/\/www.jazzzeitung.de\/cms\/2025\/09\/die-atomgrosse-jazz-radiowoche-vom-29-09-2025-bis-05-10-2025\/","url_meta":{"origin":33613,"position":0},"title":"Die atomgro\u00dfe Jazz-Radiowoche vom 29.09.2025 bis 05.10.2025","author":"Martin Hufner","date":"28. September 2025","format":false,"excerpt":"Jazz im Radio \u2013 Jeden Sonntag gibt es um 12 Uhr unsere \u00dcbersicht f\u00fcr die jeweils nachfolgende Woche. Die #Jazz-Radiowoche vom 29.09. bis zum 05.10.2025. Erheblich d\u00fcnn! Auch als PDF zum Download \u2013 #Jazz #JazzZeitung #Radio #Radiowoche \u2013 Ein Service unserer Online-Redaktion.","rel":"","context":"In &quot;News&quot;","block_context":{"text":"News","link":"https:\/\/www.jazzzeitung.de\/cms\/thema\/nachrichten\/"},"img":{"alt_text":"Botanische Supernova mit schwarzem Loch in der Na\u0308he von Terra Nova. Foto: Hufner","src":"https:\/\/i0.wp.com\/www.jazzzeitung.de\/cms\/wp-content\/uploads\/2025\/09\/Botanische-Supernova-mit-schwarzem-Loch-in-der-Naehe-von-Terra-Nova.jpg?fit=1200%2C900&ssl=1&resize=350%2C200","width":350,"height":200,"srcset":"https:\/\/i0.wp.com\/www.jazzzeitung.de\/cms\/wp-content\/uploads\/2025\/09\/Botanische-Supernova-mit-schwarzem-Loch-in-der-Naehe-von-Terra-Nova.jpg?fit=1200%2C900&ssl=1&resize=350%2C200 1x, https:\/\/i0.wp.com\/www.jazzzeitung.de\/cms\/wp-content\/uploads\/2025\/09\/Botanische-Supernova-mit-schwarzem-Loch-in-der-Naehe-von-Terra-Nova.jpg?fit=1200%2C900&ssl=1&resize=525%2C300 1.5x, https:\/\/i0.wp.com\/www.jazzzeitung.de\/cms\/wp-content\/uploads\/2025\/09\/Botanische-Supernova-mit-schwarzem-Loch-in-der-Naehe-von-Terra-Nova.jpg?fit=1200%2C900&ssl=1&resize=700%2C400 2x, https:\/\/i0.wp.com\/www.jazzzeitung.de\/cms\/wp-content\/uploads\/2025\/09\/Botanische-Supernova-mit-schwarzem-Loch-in-der-Naehe-von-Terra-Nova.jpg?fit=1200%2C900&ssl=1&resize=1050%2C600 3x"},"classes":[]},{"id":31928,"url":"https:\/\/www.jazzzeitung.de\/cms\/2024\/11\/die-geschmolzene-jazz-radiowoche-vom-25-11-2024-bis-01-12-2024\/","url_meta":{"origin":33613,"position":1},"title":"Die geschmolzene Jazz-Radiowoche vom 25.11.2024 bis 01.12.2024","author":"Martin Hufner","date":"24. November 2024","format":false,"excerpt":"Jazz im Radio \u2013 Jeden Sonntag gibt es um 12 Uhr unsere \u00dcbersicht f\u00fcr die jeweils nachfolgende Woche. Die #Jazz-Radiowoche vom 25. November bis zum 1. Dezember 2024. Erheblich ausged\u00fcnnt. Die ARD schafft ihr Radio gewisserma\u00dfen ab. Auch als PDF zum Download \u2013 #Jazz #JazzZeitung #Radio #Radiowoche \u2013 Ein Service\u2026","rel":"","context":"In &quot;News&quot;","block_context":{"text":"News","link":"https:\/\/www.jazzzeitung.de\/cms\/thema\/nachrichten\/"},"img":{"alt_text":"zugfahrt 2023 1. MH","src":"https:\/\/i0.wp.com\/www.jazzzeitung.de\/cms\/wp-content\/uploads\/2024\/11\/zugfahrt2023-1.-MH.jpg?fit=1200%2C900&ssl=1&resize=350%2C200","width":350,"height":200,"srcset":"https:\/\/i0.wp.com\/www.jazzzeitung.de\/cms\/wp-content\/uploads\/2024\/11\/zugfahrt2023-1.-MH.jpg?fit=1200%2C900&ssl=1&resize=350%2C200 1x, https:\/\/i0.wp.com\/www.jazzzeitung.de\/cms\/wp-content\/uploads\/2024\/11\/zugfahrt2023-1.-MH.jpg?fit=1200%2C900&ssl=1&resize=525%2C300 1.5x, https:\/\/i0.wp.com\/www.jazzzeitung.de\/cms\/wp-content\/uploads\/2024\/11\/zugfahrt2023-1.-MH.jpg?fit=1200%2C900&ssl=1&resize=700%2C400 2x, https:\/\/i0.wp.com\/www.jazzzeitung.de\/cms\/wp-content\/uploads\/2024\/11\/zugfahrt2023-1.-MH.jpg?fit=1200%2C900&ssl=1&resize=1050%2C600 3x"},"classes":[]},{"id":22236,"url":"https:\/\/www.jazzzeitung.de\/cms\/2020\/03\/die-jazz-radiowoche-vom-30-03-20-bis-05-04-20\/","url_meta":{"origin":33613,"position":2},"title":"Die Jazz-Radiowoche vom 30.03.20 bis 05.04.20","author":"Martin Hufner","date":"29. M\u00e4rz 2020","format":false,"excerpt":"Ein kleiner Blick in die Jazzwoche 14 im Radio. Alle Angaben ohne Gew\u00e4hr. Jazz im Radio (Fernsehen) SR2 \u2013 JazzNow \u2013 Sonntags von 20.04 bis 22.30 Uhr BR-KLASSIK \u2013 Jazztime \u2013 Von Montag bis Freitag t\u00e4glich um 23.05 Uhr rbb-kultur \u2013 Late Night Jazz \u2013 Sa und So 23:04 \u2013\u2026","rel":"","context":"In &quot;News&quot;","block_context":{"text":"News","link":"https:\/\/www.jazzzeitung.de\/cms\/thema\/nachrichten\/"},"img":{"alt_text":"Jazz im Radio. Foto: Hufner","src":"https:\/\/i0.wp.com\/www.jazzzeitung.de\/cms\/wp-content\/uploads\/2019\/03\/jazz_im_radio.jpg?fit=1200%2C773&ssl=1&resize=350%2C200","width":350,"height":200,"srcset":"https:\/\/i0.wp.com\/www.jazzzeitung.de\/cms\/wp-content\/uploads\/2019\/03\/jazz_im_radio.jpg?fit=1200%2C773&ssl=1&resize=350%2C200 1x, https:\/\/i0.wp.com\/www.jazzzeitung.de\/cms\/wp-content\/uploads\/2019\/03\/jazz_im_radio.jpg?fit=1200%2C773&ssl=1&resize=525%2C300 1.5x, https:\/\/i0.wp.com\/www.jazzzeitung.de\/cms\/wp-content\/uploads\/2019\/03\/jazz_im_radio.jpg?fit=1200%2C773&ssl=1&resize=700%2C400 2x, https:\/\/i0.wp.com\/www.jazzzeitung.de\/cms\/wp-content\/uploads\/2019\/03\/jazz_im_radio.jpg?fit=1200%2C773&ssl=1&resize=1050%2C600 3x"},"classes":[]},{"id":32215,"url":"https:\/\/www.jazzzeitung.de\/cms\/2025\/02\/die-eingeschmolzene-jazz-radiowoche-vom-17-02-2025-bis-23-02-2025\/","url_meta":{"origin":33613,"position":3},"title":"Die eingeschmolzene Jazz-Radiowoche vom 17.02.2025 bis 23.02.2025","author":"Martin Hufner","date":"16. Februar 2025","format":false,"excerpt":"Jazz im Radio \u2013 Jeden Sonntag gibt es um 12 Uhr unsere \u00dcbersicht f\u00fcr die jeweils nachfolgende Woche. Die #Jazz-Radiowoche vom 10. bis 16. Februar 2025. Erheblich ausged\u00fcnnt. Die ARD schafft ihr Radio gewisserma\u00dfen ab. Auch als PDF zum Download \u2013 #Jazz #JazzZeitung #Radio #Radiowoche \u2013 Ein Service unserer Online-Redaktion.","rel":"","context":"In &quot;News&quot;","block_context":{"text":"News","link":"https:\/\/www.jazzzeitung.de\/cms\/thema\/nachrichten\/"},"img":{"alt_text":"Kunst vorm Bau. Foto: Hufner","src":"https:\/\/i0.wp.com\/www.jazzzeitung.de\/cms\/wp-content\/uploads\/2025\/02\/kunstvormbau.jpg?fit=1080%2C939&ssl=1&resize=350%2C200","width":350,"height":200,"srcset":"https:\/\/i0.wp.com\/www.jazzzeitung.de\/cms\/wp-content\/uploads\/2025\/02\/kunstvormbau.jpg?fit=1080%2C939&ssl=1&resize=350%2C200 1x, https:\/\/i0.wp.com\/www.jazzzeitung.de\/cms\/wp-content\/uploads\/2025\/02\/kunstvormbau.jpg?fit=1080%2C939&ssl=1&resize=525%2C300 1.5x, https:\/\/i0.wp.com\/www.jazzzeitung.de\/cms\/wp-content\/uploads\/2025\/02\/kunstvormbau.jpg?fit=1080%2C939&ssl=1&resize=700%2C400 2x, https:\/\/i0.wp.com\/www.jazzzeitung.de\/cms\/wp-content\/uploads\/2025\/02\/kunstvormbau.jpg?fit=1080%2C939&ssl=1&resize=1050%2C600 3x"},"classes":[]},{"id":33149,"url":"https:\/\/www.jazzzeitung.de\/cms\/2025\/10\/die-protonenfette-jazz-radiowoche-vom-06-10-2025-bis-12-10-2025-2\/","url_meta":{"origin":33613,"position":4},"title":"Die atomgro\u00dfe Jazz-Radiowoche vom 06.10.2025 bis 12.10.2025","author":"Martin Hufner","date":"5. Oktober 2025","format":false,"excerpt":"Jazz im Radio \u2013 Jeden Sonntag gibt es um 12 Uhr unsere \u00dcbersicht f\u00fcr die jeweils nachfolgende Woche. Die #Jazz-Radiowoche vom 06.10. bis zum 12.10.2025. Erheblich d\u00fcnn! Auch als PDF zum Download \u2013 #Jazz #JazzZeitung #Radio #Radiowoche \u2013 Ein Service unserer Online-Redaktion.","rel":"","context":"In &quot;News&quot;","block_context":{"text":"News","link":"https:\/\/www.jazzzeitung.de\/cms\/thema\/nachrichten\/"},"img":{"alt_text":"Im G\u00e4stezimmer des Lebens. Foto: Hufner","src":"https:\/\/i0.wp.com\/www.jazzzeitung.de\/cms\/wp-content\/uploads\/2025\/10\/gaestezimmer.jpg?fit=960%2C1200&ssl=1&resize=350%2C200","width":350,"height":200,"srcset":"https:\/\/i0.wp.com\/www.jazzzeitung.de\/cms\/wp-content\/uploads\/2025\/10\/gaestezimmer.jpg?fit=960%2C1200&ssl=1&resize=350%2C200 1x, https:\/\/i0.wp.com\/www.jazzzeitung.de\/cms\/wp-content\/uploads\/2025\/10\/gaestezimmer.jpg?fit=960%2C1200&ssl=1&resize=525%2C300 1.5x, https:\/\/i0.wp.com\/www.jazzzeitung.de\/cms\/wp-content\/uploads\/2025\/10\/gaestezimmer.jpg?fit=960%2C1200&ssl=1&resize=700%2C400 2x"},"classes":[]},{"id":33293,"url":"https:\/\/www.jazzzeitung.de\/cms\/2025\/11\/die-quarksminimale-jazz-radiowoche-vom-03-11-2025-bis-09-11-2025\/","url_meta":{"origin":33613,"position":5},"title":"Die quarksminimale Jazz-Radiowoche vom 03.11.2025 bis 09.11.2025","author":"Martin Hufner","date":"2. November 2025","format":false,"excerpt":"Jazz im Radio \u2013 Jeden Sonntag gibt es um 12 Uhr unsere \u00dcbersicht f\u00fcr die jeweils nachfolgende Woche. Die #Jazz-Radiowoche vom 03.11. bis zum 09.11.2025. Erheblich d\u00fcnn! Auch als PDF zum Download \u2013 #Jazz #JazzZeitung #Radio #Radiowoche \u2013 Ein Service unserer Online-Redaktion.","rel":"","context":"In &quot;News&quot;","block_context":{"text":"News","link":"https:\/\/www.jazzzeitung.de\/cms\/thema\/nachrichten\/"},"img":{"alt_text":"Holzstapel. Foto: Hufner","src":"https:\/\/i0.wp.com\/www.jazzzeitung.de\/cms\/wp-content\/uploads\/2025\/10\/Wie-viel.jpg?fit=1200%2C900&ssl=1&resize=350%2C200","width":350,"height":200,"srcset":"https:\/\/i0.wp.com\/www.jazzzeitung.de\/cms\/wp-content\/uploads\/2025\/10\/Wie-viel.jpg?fit=1200%2C900&ssl=1&resize=350%2C200 1x, https:\/\/i0.wp.com\/www.jazzzeitung.de\/cms\/wp-content\/uploads\/2025\/10\/Wie-viel.jpg?fit=1200%2C900&ssl=1&resize=525%2C300 1.5x, https:\/\/i0.wp.com\/www.jazzzeitung.de\/cms\/wp-content\/uploads\/2025\/10\/Wie-viel.jpg?fit=1200%2C900&ssl=1&resize=700%2C400 2x, https:\/\/i0.wp.com\/www.jazzzeitung.de\/cms\/wp-content\/uploads\/2025\/10\/Wie-viel.jpg?fit=1200%2C900&ssl=1&resize=1050%2C600 3x"},"classes":[]}],"jetpack_sharing_enabled":true,"_links":{"self":[{"href":"https:\/\/www.jazzzeitung.de\/cms\/wp-json\/wp\/v2\/posts\/33613","targetHints":{"allow":["GET"]}}],"collection":[{"href":"https:\/\/www.jazzzeitung.de\/cms\/wp-json\/wp\/v2\/posts"}],"about":[{"href":"https:\/\/www.jazzzeitung.de\/cms\/wp-json\/wp\/v2\/types\/post"}],"author":[{"embeddable":true,"href":"https:\/\/www.jazzzeitung.de\/cms\/wp-json\/wp\/v2\/users\/1"}],"replies":[{"embeddable":true,"href":"https:\/\/www.jazzzeitung.de\/cms\/wp-json\/wp\/v2\/comments?post=33613"}],"version-history":[{"count":1,"href":"https:\/\/www.jazzzeitung.de\/cms\/wp-json\/wp\/v2\/posts\/33613\/revisions"}],"predecessor-version":[{"id":33615,"href":"https:\/\/www.jazzzeitung.de\/cms\/wp-json\/wp\/v2\/posts\/33613\/revisions\/33615"}],"wp:featuredmedia":[{"embeddable":true,"href":"https:\/\/www.jazzzeitung.de\/cms\/wp-json\/wp\/v2\/media\/33614"}],"wp:attachment":[{"href":"https:\/\/www.jazzzeitung.de\/cms\/wp-json\/wp\/v2\/media?parent=33613"}],"wp:term":[{"taxonomy":"category","embeddable":true,"href":"https:\/\/www.jazzzeitung.de\/cms\/wp-json\/wp\/v2\/categories?post=33613"},{"taxonomy":"post_tag","embeddable":true,"href":"https:\/\/www.jazzzeitung.de\/cms\/wp-json\/wp\/v2\/tags?post=33613"},{"taxonomy":"author","embeddable":true,"href":"https:\/\/www.jazzzeitung.de\/cms\/wp-json\/wp\/v2\/coauthors?post=33613"}],"curies":[{"name":"wp","href":"https:\/\/api.w.org\/{rel}","templated":true}]}}