{"id":336,"date":"2010-07-27T13:11:13","date_gmt":"2010-07-27T11:11:13","guid":{"rendered":"http:\/\/blogs.nmz.de\/jazz\/?p=336"},"modified":"2013-06-11T11:08:25","modified_gmt":"2013-06-11T09:08:25","slug":"werner-goetze-der-jazzmann-mit-der-pfeife","status":"publish","type":"post","link":"https:\/\/www.jazzzeitung.de\/cms\/2010\/07\/werner-goetze-der-jazzmann-mit-der-pfeife\/","title":{"rendered":"Werner G\u00f6tze \u2013 Der Jazzmann mit der Pfeife"},"content":{"rendered":"<p>Bereits im Juni 2010 ist in M\u00fcnchen der ehemalige Rundfunkmoderator und -redakteur des Bayerischen Rundfunks Werner G\u00f6tze verstorben. Etwas versp\u00e4tet wollen wir an den Mann mit der Pfeife erinnern, der mit Sendungen wie &#8222;Mitternacht in M\u00fcnchen&#8220; und\u00a0 &#8222;Jazz auf Reisen&#8220; das Jazzbild der Nachkriegsgeneration mitgepr\u00e4gt hat.<\/p>\n<p><strong>Ein Nachruf von Roland Spiegel, <em>Bayerischer Rundfunk<\/em>:<\/strong><br \/>\nDer H\u00f6rfunk trauert um seinen langj\u00e4hrigen Moderator und Abteilungsleiter Werner G\u00f6tze. Lange Jahre pr\u00e4gte er mit seinen (Jazz-)Sendungen die Programme des Bayerischen Rundfunks. Von 1976 bis 1982 war er Leiter der Abteilung &#8222;Leichte Musik&#8220;. Jetzt ist Werner G\u00f6tze nach l\u00e4ngerer Krankheit kurz nach seinem 85. Geburtstag in M\u00fcnchen gestorben.<br \/>\n<!--more--><\/p>\n<p>Ein Zug setzt sich schnaufend in Bewegung, gewinnt rhythmisch an Fahrt, bevor ein Saxophon, eine coole Gitarre und fetzige Blechbl\u00e4ser l\u00e4ssig losswingen: Mit diesem Klang identifizierte man in Radio-Sendungen viele Jahre lang eine Stimme, die dann \u00fcber den schmissigen Bl\u00e4sern sonor und mit diskret gerolltem &#8222;R&#8220; sagte: &#8222;Jazz auf Reisen: Der Bayerische Rundfunk meldet sich mit dieser monatlichen Sendung heute aus\u2026&#8220; Es war die Stimme von Werner G\u00f6tze. Er rief diese Sendung, die es noch heute jeden dritten Freitag im Monat auf BR-Klassik gibt, 1961 ins Leben. Die Idee dahinter war, mit Live-Aufnahmen Jazz-Spielst\u00e4tten in ganz Bayern vorzustellen \u2013 und anfangs gingen diese Konzerte auch direkt auf Sendung. Werner G\u00f6tze moderierte viele davon von der Konzertb\u00fchne aus. Musikfans in Bayern kannten daher nicht nur seine Stimme, sondern auch das Gesicht des stets mit rauchender Pfeife auftauchenden Moderators. Und manche erinnern sich noch heute an Stunden, in denen sie seinen Sendungen gebannt lauschten.<\/p>\n<p>Werner G\u00f6tze war 1925 in Insterburg in Ostpreu\u00dfen geboren worden. Ende des zweiten Weltkriegs befand er sich in M\u00fcnchen, wo er mit Freunden die Jazzband &#8222;Alpine Combo&#8220; gr\u00fcndete. Wie viele andere, spielte auch diese Band in amerikanischen Soldatenclubs, wo sie mit Zigaretten bezahlt wurde. Der damalige Leiter der Abteilung &#8222;Tanzmusik und Unterhaltung&#8220; Jimmy Jungermann wurde auf ihn aufmerksam und holte Werner G\u00f6tze zu Radio M\u00fcnchen. G\u00f6tze wurde neben Jungermann einer der Moderatoren der Sendung &#8222;Mitternacht in M\u00fcnchen&#8220;, die vom 2. Dezember 1947 an Platten und Live-Jazz sendete \u2013 und dies schon bald dreimal pro Woche.<\/p>\n<p><img data-recalc-dims=\"1\" loading=\"lazy\" decoding=\"async\" data-attachment-id=\"340\" data-permalink=\"https:\/\/www.jazzzeitung.de\/cms\/2010\/07\/werner-goetze-der-jazzmann-mit-der-pfeife\/jazz\/\" data-orig-file=\"https:\/\/i0.wp.com\/www.jazzzeitung.de\/cms\/wp-content\/uploads\/2010\/07\/jazz.jpg?fit=862%2C594&amp;ssl=1\" data-orig-size=\"862,594\" data-comments-opened=\"1\" data-image-meta=\"{&quot;aperture&quot;:&quot;0&quot;,&quot;credit&quot;:&quot;&quot;,&quot;camera&quot;:&quot;&quot;,&quot;caption&quot;:&quot;&quot;,&quot;created_timestamp&quot;:&quot;0&quot;,&quot;copyright&quot;:&quot;&quot;,&quot;focal_length&quot;:&quot;0&quot;,&quot;iso&quot;:&quot;0&quot;,&quot;shutter_speed&quot;:&quot;0&quot;,&quot;title&quot;:&quot;&quot;}\" data-image-title=\"jazz\" data-image-description=\"\" data-image-caption=\"&lt;p&gt;Jazzaufnahme im BR. Foto: BR, Historisches Archiv&lt;\/p&gt;\n\" data-large-file=\"https:\/\/i0.wp.com\/www.jazzzeitung.de\/cms\/wp-content\/uploads\/2010\/07\/jazz.jpg?fit=840%2C579&amp;ssl=1\" class=\"size-thumbnail wp-image-340    alignleft\" title=\"Jazzaufnahme im BR. Foto: BR, Historisches Archiv\" alt=\"Jazzaufnahme im BR. Foto: BR, Historisches Archiv\" src=\"https:\/\/i0.wp.com\/www.jazzzeitung.de\/cms\/wp-content\/uploads\/2010\/07\/jazz-150x150.jpg?resize=150%2C150\" width=\"150\" height=\"150\" srcset=\"https:\/\/i0.wp.com\/www.jazzzeitung.de\/cms\/wp-content\/uploads\/2010\/07\/jazz.jpg?resize=150%2C150&amp;ssl=1 150w, https:\/\/i0.wp.com\/www.jazzzeitung.de\/cms\/wp-content\/uploads\/2010\/07\/jazz.jpg?zoom=2&amp;resize=150%2C150&amp;ssl=1 300w, https:\/\/i0.wp.com\/www.jazzzeitung.de\/cms\/wp-content\/uploads\/2010\/07\/jazz.jpg?zoom=3&amp;resize=150%2C150&amp;ssl=1 450w\" sizes=\"auto, (max-width: 150px) 100vw, 150px\" \/><\/p>\n<p>Werner G\u00f6tze blieb beim Radio und lebte fortan da seine Begeisterung f\u00fcr swingende Kl\u00e4nge aus. &#8222;Wir schallplatteln&#8220; und &#8222;Der Plattenkramer&#8220; hie\u00dfen andere Sendungen, die er moderierte. Und auch bei Bayern 3 war er von Anfang an mit von der Partie \u2013 wo er unter anderem die Sendung &#8222;Musik-Report&#8220; moderierte und betreute. Von 1976 bis 1982 war G\u00f6tze Leiter der Abteilung &#8222;Leichte Musik&#8220;, die damals auch f\u00fcr so popul\u00e4re Sendungen wie &#8222;Pop nach Acht&#8220; mit Thomas Gottschalk zust\u00e4ndig war. Bis in die 90er-Jahre konnte man das ostpreu\u00dfisch gerollte &#8222;R&#8220; Werner G\u00f6tzes in Radio-Stunden \u00fcber die stets von ihm bevorzugte traditionell swingende Jazzmusik von Django Reinhardt bis Frank Sinatra gelegentlich noch h\u00f6ren.<\/p>\n<p><em>Roland Spiegel<\/em><\/p>\n","protected":false},"excerpt":{"rendered":"<p>Bereits im Juni 2010 ist in M\u00fcnchen der ehemalige Rundfunkmoderator und -redakteur des Bayerischen Rundfunks Werner G\u00f6tze verstorben. Etwas versp\u00e4tet wollen wir an den Mann mit der Pfeife erinnern, der mit Sendungen wie &#8222;Mitternacht in M\u00fcnchen&#8220; und\u00a0 &#8222;Jazz auf Reisen&#8220; das Jazzbild der Nachkriegsgeneration mitgepr\u00e4gt hat. Ein Nachruf von Roland Spiegel, Bayerischer Rundfunk: Der H\u00f6rfunk trauert um seinen langj\u00e4hrigen Moderator und Abteilungsleiter Werner G\u00f6tze. Lange Jahre pr\u00e4gte er mit seinen (Jazz-)Sendungen die Programme des Bayerischen Rundfunks. Von 1976 bis 1982 war er Leiter der Abteilung &#8222;Leichte Musik&#8220;. Jetzt ist Werner G\u00f6tze nach l\u00e4ngerer Krankheit kurz nach seinem 85. Geburtstag in M\u00fcnchen gestorben.<\/p>\n","protected":false},"author":4,"featured_media":0,"comment_status":"open","ping_status":"open","sticky":false,"template":"","format":"standard","meta":{"_jetpack_memberships_contains_paid_content":false,"footnotes":"","jetpack_publicize_message":"","jetpack_publicize_feature_enabled":true,"jetpack_social_post_already_shared":false,"jetpack_social_options":{"image_generator_settings":{"template":"highway","default_image_id":0,"font":"","enabled":false},"version":2}},"categories":[82],"tags":[56,94,253,298,323,393,395,401,408,1193,453,462,473,15,496,510,596],"coauthors":[],"class_list":["post-336","post","type-post","status-publish","format-standard","hentry","category-blog","tag-bayerischer-rundfunk","tag-br-klassik","tag-jazz-auf-reisen","tag-jimmy-jungermann","tag-konzerte","tag-mitternacht-in-muenchen","tag-moderator","tag-muenchen","tag-nachruf","tag-radio","tag-radio-muenchen","tag-reinhardt","tag-roland-spiegel","tag-rundfunk","tag-sendung","tag-spiegel","tag-werner-goetze"],"yoast_head":"<!-- This site is optimized with the Yoast SEO plugin v27.5 - https:\/\/yoast.com\/product\/yoast-seo-wordpress\/ -->\n<title>Werner G\u00f6tze \u2013 Der Jazzmann mit der Pfeife - JazzZeitung<\/title>\n<meta name=\"robots\" content=\"index, follow, max-snippet:-1, max-image-preview:large, max-video-preview:-1\" \/>\n<link rel=\"canonical\" href=\"https:\/\/www.jazzzeitung.de\/cms\/2010\/07\/werner-goetze-der-jazzmann-mit-der-pfeife\/\" \/>\n<meta property=\"og:locale\" content=\"de_DE\" \/>\n<meta property=\"og:type\" content=\"article\" \/>\n<meta property=\"og:title\" content=\"Werner G\u00f6tze \u2013 Der Jazzmann mit der Pfeife - JazzZeitung\" \/>\n<meta property=\"og:description\" content=\"Bereits im Juni 2010 ist in M\u00fcnchen der ehemalige Rundfunkmoderator und -redakteur des Bayerischen Rundfunks Werner G\u00f6tze verstorben. Etwas versp\u00e4tet wollen wir an den Mann mit der Pfeife erinnern, der mit Sendungen wie &#8222;Mitternacht in M\u00fcnchen&#8220; und\u00a0 &#8222;Jazz auf Reisen&#8220; das Jazzbild der Nachkriegsgeneration mitgepr\u00e4gt hat. Ein Nachruf von Roland Spiegel, Bayerischer Rundfunk: Der H\u00f6rfunk trauert um seinen langj\u00e4hrigen Moderator und Abteilungsleiter Werner G\u00f6tze. Lange Jahre pr\u00e4gte er mit seinen (Jazz-)Sendungen die Programme des Bayerischen Rundfunks. Von 1976 bis 1982 war er Leiter der Abteilung &#8222;Leichte Musik&#8220;. Jetzt ist Werner G\u00f6tze nach l\u00e4ngerer Krankheit kurz nach seinem 85. Geburtstag in M\u00fcnchen gestorben.\" \/>\n<meta property=\"og:url\" content=\"https:\/\/www.jazzzeitung.de\/cms\/2010\/07\/werner-goetze-der-jazzmann-mit-der-pfeife\/\" \/>\n<meta property=\"og:site_name\" content=\"JazzZeitung\" \/>\n<meta property=\"article:publisher\" content=\"https:\/\/www.facebook.com\/JazzZeitung\/\" \/>\n<meta property=\"article:published_time\" content=\"2010-07-27T11:11:13+00:00\" \/>\n<meta property=\"article:modified_time\" content=\"2013-06-11T09:08:25+00:00\" \/>\n<meta property=\"og:image\" content=\"http:\/\/www.jazzzeitung.de\/cms\/wp-content\/uploads\/2010\/07\/jazz-150x150.jpg\" \/>\n<meta name=\"author\" content=\"J\u00f6rg Lichtinger\" \/>\n<script type=\"application\/ld+json\" class=\"yoast-schema-graph\">{\"@context\":\"https:\\\/\\\/schema.org\",\"@graph\":[{\"@type\":\"Article\",\"@id\":\"https:\\\/\\\/www.jazzzeitung.de\\\/cms\\\/2010\\\/07\\\/werner-goetze-der-jazzmann-mit-der-pfeife\\\/#article\",\"isPartOf\":{\"@id\":\"https:\\\/\\\/www.jazzzeitung.de\\\/cms\\\/2010\\\/07\\\/werner-goetze-der-jazzmann-mit-der-pfeife\\\/\"},\"author\":{\"name\":\"J\u00f6rg Lichtinger\",\"@id\":\"https:\\\/\\\/www.jazzzeitung.de\\\/cms\\\/#\\\/schema\\\/person\\\/4c5aaf486bdcd85db94b9a8b9e026bad\"},\"headline\":\"Werner G\u00f6tze \u2013 Der Jazzmann mit der Pfeife\",\"datePublished\":\"2010-07-27T11:11:13+00:00\",\"dateModified\":\"2013-06-11T09:08:25+00:00\",\"mainEntityOfPage\":{\"@id\":\"https:\\\/\\\/www.jazzzeitung.de\\\/cms\\\/2010\\\/07\\\/werner-goetze-der-jazzmann-mit-der-pfeife\\\/\"},\"wordCount\":494,\"commentCount\":0,\"publisher\":{\"@id\":\"https:\\\/\\\/www.jazzzeitung.de\\\/cms\\\/#organization\"},\"image\":{\"@id\":\"https:\\\/\\\/www.jazzzeitung.de\\\/cms\\\/2010\\\/07\\\/werner-goetze-der-jazzmann-mit-der-pfeife\\\/#primaryimage\"},\"thumbnailUrl\":\"http:\\\/\\\/www.jazzzeitung.de\\\/cms\\\/wp-content\\\/uploads\\\/2010\\\/07\\\/jazz-150x150.jpg\",\"keywords\":[\"Bayerischer Rundfunk\",\"Br-Klassik\",\"Jazz auf Reisen\",\"Jimmy Jungermann\",\"Konzerte\",\"Mitternacht in M\u00fcnchen\",\"Moderator\",\"M\u00fcnchen\",\"Nachruf\",\"Radio\",\"Radio M\u00fcnchen\",\"reinhardt\",\"Roland Spiegel\",\"Rundfunk\",\"Sendung\",\"Spiegel\",\"Werner G\u00f6tze\"],\"articleSection\":[\"Blog\"],\"inLanguage\":\"de\",\"potentialAction\":[{\"@type\":\"CommentAction\",\"name\":\"Comment\",\"target\":[\"https:\\\/\\\/www.jazzzeitung.de\\\/cms\\\/2010\\\/07\\\/werner-goetze-der-jazzmann-mit-der-pfeife\\\/#respond\"]}]},{\"@type\":\"WebPage\",\"@id\":\"https:\\\/\\\/www.jazzzeitung.de\\\/cms\\\/2010\\\/07\\\/werner-goetze-der-jazzmann-mit-der-pfeife\\\/\",\"url\":\"https:\\\/\\\/www.jazzzeitung.de\\\/cms\\\/2010\\\/07\\\/werner-goetze-der-jazzmann-mit-der-pfeife\\\/\",\"name\":\"Werner G\u00f6tze \u2013 Der Jazzmann mit der Pfeife - JazzZeitung\",\"isPartOf\":{\"@id\":\"https:\\\/\\\/www.jazzzeitung.de\\\/cms\\\/#website\"},\"primaryImageOfPage\":{\"@id\":\"https:\\\/\\\/www.jazzzeitung.de\\\/cms\\\/2010\\\/07\\\/werner-goetze-der-jazzmann-mit-der-pfeife\\\/#primaryimage\"},\"image\":{\"@id\":\"https:\\\/\\\/www.jazzzeitung.de\\\/cms\\\/2010\\\/07\\\/werner-goetze-der-jazzmann-mit-der-pfeife\\\/#primaryimage\"},\"thumbnailUrl\":\"http:\\\/\\\/www.jazzzeitung.de\\\/cms\\\/wp-content\\\/uploads\\\/2010\\\/07\\\/jazz-150x150.jpg\",\"datePublished\":\"2010-07-27T11:11:13+00:00\",\"dateModified\":\"2013-06-11T09:08:25+00:00\",\"breadcrumb\":{\"@id\":\"https:\\\/\\\/www.jazzzeitung.de\\\/cms\\\/2010\\\/07\\\/werner-goetze-der-jazzmann-mit-der-pfeife\\\/#breadcrumb\"},\"inLanguage\":\"de\",\"potentialAction\":[{\"@type\":\"ReadAction\",\"target\":[\"https:\\\/\\\/www.jazzzeitung.de\\\/cms\\\/2010\\\/07\\\/werner-goetze-der-jazzmann-mit-der-pfeife\\\/\"]}]},{\"@type\":\"ImageObject\",\"inLanguage\":\"de\",\"@id\":\"https:\\\/\\\/www.jazzzeitung.de\\\/cms\\\/2010\\\/07\\\/werner-goetze-der-jazzmann-mit-der-pfeife\\\/#primaryimage\",\"url\":\"http:\\\/\\\/www.jazzzeitung.de\\\/cms\\\/wp-content\\\/uploads\\\/2010\\\/07\\\/jazz-150x150.jpg\",\"contentUrl\":\"http:\\\/\\\/www.jazzzeitung.de\\\/cms\\\/wp-content\\\/uploads\\\/2010\\\/07\\\/jazz-150x150.jpg\"},{\"@type\":\"BreadcrumbList\",\"@id\":\"https:\\\/\\\/www.jazzzeitung.de\\\/cms\\\/2010\\\/07\\\/werner-goetze-der-jazzmann-mit-der-pfeife\\\/#breadcrumb\",\"itemListElement\":[{\"@type\":\"ListItem\",\"position\":1,\"name\":\"Startseite\",\"item\":\"https:\\\/\\\/www.jazzzeitung.de\\\/cms\\\/\"},{\"@type\":\"ListItem\",\"position\":2,\"name\":\"Werner G\u00f6tze \u2013 Der Jazzmann mit der Pfeife\"}]},{\"@type\":\"WebSite\",\"@id\":\"https:\\\/\\\/www.jazzzeitung.de\\\/cms\\\/#website\",\"url\":\"https:\\\/\\\/www.jazzzeitung.de\\\/cms\\\/\",\"name\":\"JazzZeitung\",\"description\":\"Jazz-News und Jazz-Kontroverses\",\"publisher\":{\"@id\":\"https:\\\/\\\/www.jazzzeitung.de\\\/cms\\\/#organization\"},\"potentialAction\":[{\"@type\":\"SearchAction\",\"target\":{\"@type\":\"EntryPoint\",\"urlTemplate\":\"https:\\\/\\\/www.jazzzeitung.de\\\/cms\\\/?s={search_term_string}\"},\"query-input\":{\"@type\":\"PropertyValueSpecification\",\"valueRequired\":true,\"valueName\":\"search_term_string\"}}],\"inLanguage\":\"de\"},{\"@type\":\"Organization\",\"@id\":\"https:\\\/\\\/www.jazzzeitung.de\\\/cms\\\/#organization\",\"name\":\"JazzZeitung online\",\"url\":\"https:\\\/\\\/www.jazzzeitung.de\\\/cms\\\/\",\"logo\":{\"@type\":\"ImageObject\",\"inLanguage\":\"de\",\"@id\":\"https:\\\/\\\/www.jazzzeitung.de\\\/cms\\\/#\\\/schema\\\/logo\\\/image\\\/\",\"url\":\"https:\\\/\\\/i0.wp.com\\\/www.jazzzeitung.de\\\/cms\\\/wp-content\\\/uploads\\\/2015\\\/08\\\/JAZZZEITUNGDE_Logo_Neu.png?fit=499%2C200&ssl=1\",\"contentUrl\":\"https:\\\/\\\/i0.wp.com\\\/www.jazzzeitung.de\\\/cms\\\/wp-content\\\/uploads\\\/2015\\\/08\\\/JAZZZEITUNGDE_Logo_Neu.png?fit=499%2C200&ssl=1\",\"width\":499,\"height\":200,\"caption\":\"JazzZeitung online\"},\"image\":{\"@id\":\"https:\\\/\\\/www.jazzzeitung.de\\\/cms\\\/#\\\/schema\\\/logo\\\/image\\\/\"},\"sameAs\":[\"https:\\\/\\\/www.facebook.com\\\/JazzZeitung\\\/\"]},{\"@type\":\"Person\",\"@id\":\"https:\\\/\\\/www.jazzzeitung.de\\\/cms\\\/#\\\/schema\\\/person\\\/4c5aaf486bdcd85db94b9a8b9e026bad\",\"name\":\"J\u00f6rg Lichtinger\",\"image\":{\"@type\":\"ImageObject\",\"inLanguage\":\"de\",\"@id\":\"https:\\\/\\\/secure.gravatar.com\\\/avatar\\\/8d1d484eb77cf370a1620f9866681cdba540c9b8439ce96ea0c830dd3b59936c?s=96&d=wp_user_avatar&r=ge66dff7680db2349fb79ae0cb2d734e3\",\"url\":\"https:\\\/\\\/secure.gravatar.com\\\/avatar\\\/8d1d484eb77cf370a1620f9866681cdba540c9b8439ce96ea0c830dd3b59936c?s=96&d=wp_user_avatar&r=g\",\"contentUrl\":\"https:\\\/\\\/secure.gravatar.com\\\/avatar\\\/8d1d484eb77cf370a1620f9866681cdba540c9b8439ce96ea0c830dd3b59936c?s=96&d=wp_user_avatar&r=g\",\"caption\":\"J\u00f6rg Lichtinger\"},\"url\":\"https:\\\/\\\/www.jazzzeitung.de\\\/cms\\\/author\\\/lichtinger\\\/\"}]}<\/script>\n<!-- \/ Yoast SEO plugin. -->","yoast_head_json":{"title":"Werner G\u00f6tze \u2013 Der Jazzmann mit der Pfeife - JazzZeitung","robots":{"index":"index","follow":"follow","max-snippet":"max-snippet:-1","max-image-preview":"max-image-preview:large","max-video-preview":"max-video-preview:-1"},"canonical":"https:\/\/www.jazzzeitung.de\/cms\/2010\/07\/werner-goetze-der-jazzmann-mit-der-pfeife\/","og_locale":"de_DE","og_type":"article","og_title":"Werner G\u00f6tze \u2013 Der Jazzmann mit der Pfeife - JazzZeitung","og_description":"Bereits im Juni 2010 ist in M\u00fcnchen der ehemalige Rundfunkmoderator und -redakteur des Bayerischen Rundfunks Werner G\u00f6tze verstorben. Etwas versp\u00e4tet wollen wir an den Mann mit der Pfeife erinnern, der mit Sendungen wie &#8222;Mitternacht in M\u00fcnchen&#8220; und\u00a0 &#8222;Jazz auf Reisen&#8220; das Jazzbild der Nachkriegsgeneration mitgepr\u00e4gt hat. Ein Nachruf von Roland Spiegel, Bayerischer Rundfunk: Der H\u00f6rfunk trauert um seinen langj\u00e4hrigen Moderator und Abteilungsleiter Werner G\u00f6tze. Lange Jahre pr\u00e4gte er mit seinen (Jazz-)Sendungen die Programme des Bayerischen Rundfunks. Von 1976 bis 1982 war er Leiter der Abteilung &#8222;Leichte Musik&#8220;. Jetzt ist Werner G\u00f6tze nach l\u00e4ngerer Krankheit kurz nach seinem 85. Geburtstag in M\u00fcnchen gestorben.","og_url":"https:\/\/www.jazzzeitung.de\/cms\/2010\/07\/werner-goetze-der-jazzmann-mit-der-pfeife\/","og_site_name":"JazzZeitung","article_publisher":"https:\/\/www.facebook.com\/JazzZeitung\/","article_published_time":"2010-07-27T11:11:13+00:00","article_modified_time":"2013-06-11T09:08:25+00:00","og_image":[{"url":"http:\/\/www.jazzzeitung.de\/cms\/wp-content\/uploads\/2010\/07\/jazz-150x150.jpg","type":"","width":"","height":""}],"author":"J\u00f6rg Lichtinger","schema":{"@context":"https:\/\/schema.org","@graph":[{"@type":"Article","@id":"https:\/\/www.jazzzeitung.de\/cms\/2010\/07\/werner-goetze-der-jazzmann-mit-der-pfeife\/#article","isPartOf":{"@id":"https:\/\/www.jazzzeitung.de\/cms\/2010\/07\/werner-goetze-der-jazzmann-mit-der-pfeife\/"},"author":{"name":"J\u00f6rg Lichtinger","@id":"https:\/\/www.jazzzeitung.de\/cms\/#\/schema\/person\/4c5aaf486bdcd85db94b9a8b9e026bad"},"headline":"Werner G\u00f6tze \u2013 Der Jazzmann mit der Pfeife","datePublished":"2010-07-27T11:11:13+00:00","dateModified":"2013-06-11T09:08:25+00:00","mainEntityOfPage":{"@id":"https:\/\/www.jazzzeitung.de\/cms\/2010\/07\/werner-goetze-der-jazzmann-mit-der-pfeife\/"},"wordCount":494,"commentCount":0,"publisher":{"@id":"https:\/\/www.jazzzeitung.de\/cms\/#organization"},"image":{"@id":"https:\/\/www.jazzzeitung.de\/cms\/2010\/07\/werner-goetze-der-jazzmann-mit-der-pfeife\/#primaryimage"},"thumbnailUrl":"http:\/\/www.jazzzeitung.de\/cms\/wp-content\/uploads\/2010\/07\/jazz-150x150.jpg","keywords":["Bayerischer Rundfunk","Br-Klassik","Jazz auf Reisen","Jimmy Jungermann","Konzerte","Mitternacht in M\u00fcnchen","Moderator","M\u00fcnchen","Nachruf","Radio","Radio M\u00fcnchen","reinhardt","Roland Spiegel","Rundfunk","Sendung","Spiegel","Werner G\u00f6tze"],"articleSection":["Blog"],"inLanguage":"de","potentialAction":[{"@type":"CommentAction","name":"Comment","target":["https:\/\/www.jazzzeitung.de\/cms\/2010\/07\/werner-goetze-der-jazzmann-mit-der-pfeife\/#respond"]}]},{"@type":"WebPage","@id":"https:\/\/www.jazzzeitung.de\/cms\/2010\/07\/werner-goetze-der-jazzmann-mit-der-pfeife\/","url":"https:\/\/www.jazzzeitung.de\/cms\/2010\/07\/werner-goetze-der-jazzmann-mit-der-pfeife\/","name":"Werner G\u00f6tze \u2013 Der Jazzmann mit der Pfeife - JazzZeitung","isPartOf":{"@id":"https:\/\/www.jazzzeitung.de\/cms\/#website"},"primaryImageOfPage":{"@id":"https:\/\/www.jazzzeitung.de\/cms\/2010\/07\/werner-goetze-der-jazzmann-mit-der-pfeife\/#primaryimage"},"image":{"@id":"https:\/\/www.jazzzeitung.de\/cms\/2010\/07\/werner-goetze-der-jazzmann-mit-der-pfeife\/#primaryimage"},"thumbnailUrl":"http:\/\/www.jazzzeitung.de\/cms\/wp-content\/uploads\/2010\/07\/jazz-150x150.jpg","datePublished":"2010-07-27T11:11:13+00:00","dateModified":"2013-06-11T09:08:25+00:00","breadcrumb":{"@id":"https:\/\/www.jazzzeitung.de\/cms\/2010\/07\/werner-goetze-der-jazzmann-mit-der-pfeife\/#breadcrumb"},"inLanguage":"de","potentialAction":[{"@type":"ReadAction","target":["https:\/\/www.jazzzeitung.de\/cms\/2010\/07\/werner-goetze-der-jazzmann-mit-der-pfeife\/"]}]},{"@type":"ImageObject","inLanguage":"de","@id":"https:\/\/www.jazzzeitung.de\/cms\/2010\/07\/werner-goetze-der-jazzmann-mit-der-pfeife\/#primaryimage","url":"http:\/\/www.jazzzeitung.de\/cms\/wp-content\/uploads\/2010\/07\/jazz-150x150.jpg","contentUrl":"http:\/\/www.jazzzeitung.de\/cms\/wp-content\/uploads\/2010\/07\/jazz-150x150.jpg"},{"@type":"BreadcrumbList","@id":"https:\/\/www.jazzzeitung.de\/cms\/2010\/07\/werner-goetze-der-jazzmann-mit-der-pfeife\/#breadcrumb","itemListElement":[{"@type":"ListItem","position":1,"name":"Startseite","item":"https:\/\/www.jazzzeitung.de\/cms\/"},{"@type":"ListItem","position":2,"name":"Werner G\u00f6tze \u2013 Der Jazzmann mit der Pfeife"}]},{"@type":"WebSite","@id":"https:\/\/www.jazzzeitung.de\/cms\/#website","url":"https:\/\/www.jazzzeitung.de\/cms\/","name":"JazzZeitung","description":"Jazz-News und Jazz-Kontroverses","publisher":{"@id":"https:\/\/www.jazzzeitung.de\/cms\/#organization"},"potentialAction":[{"@type":"SearchAction","target":{"@type":"EntryPoint","urlTemplate":"https:\/\/www.jazzzeitung.de\/cms\/?s={search_term_string}"},"query-input":{"@type":"PropertyValueSpecification","valueRequired":true,"valueName":"search_term_string"}}],"inLanguage":"de"},{"@type":"Organization","@id":"https:\/\/www.jazzzeitung.de\/cms\/#organization","name":"JazzZeitung online","url":"https:\/\/www.jazzzeitung.de\/cms\/","logo":{"@type":"ImageObject","inLanguage":"de","@id":"https:\/\/www.jazzzeitung.de\/cms\/#\/schema\/logo\/image\/","url":"https:\/\/i0.wp.com\/www.jazzzeitung.de\/cms\/wp-content\/uploads\/2015\/08\/JAZZZEITUNGDE_Logo_Neu.png?fit=499%2C200&ssl=1","contentUrl":"https:\/\/i0.wp.com\/www.jazzzeitung.de\/cms\/wp-content\/uploads\/2015\/08\/JAZZZEITUNGDE_Logo_Neu.png?fit=499%2C200&ssl=1","width":499,"height":200,"caption":"JazzZeitung online"},"image":{"@id":"https:\/\/www.jazzzeitung.de\/cms\/#\/schema\/logo\/image\/"},"sameAs":["https:\/\/www.facebook.com\/JazzZeitung\/"]},{"@type":"Person","@id":"https:\/\/www.jazzzeitung.de\/cms\/#\/schema\/person\/4c5aaf486bdcd85db94b9a8b9e026bad","name":"J\u00f6rg Lichtinger","image":{"@type":"ImageObject","inLanguage":"de","@id":"https:\/\/secure.gravatar.com\/avatar\/8d1d484eb77cf370a1620f9866681cdba540c9b8439ce96ea0c830dd3b59936c?s=96&d=wp_user_avatar&r=ge66dff7680db2349fb79ae0cb2d734e3","url":"https:\/\/secure.gravatar.com\/avatar\/8d1d484eb77cf370a1620f9866681cdba540c9b8439ce96ea0c830dd3b59936c?s=96&d=wp_user_avatar&r=g","contentUrl":"https:\/\/secure.gravatar.com\/avatar\/8d1d484eb77cf370a1620f9866681cdba540c9b8439ce96ea0c830dd3b59936c?s=96&d=wp_user_avatar&r=g","caption":"J\u00f6rg Lichtinger"},"url":"https:\/\/www.jazzzeitung.de\/cms\/author\/lichtinger\/"}]}},"wp-worthy-pixel":{"ignored":false,"public":null,"server":null,"url":null},"wp-worthy-type":"normal","jetpack_publicize_connections":[],"cc_featured_image_caption":{"caption_text":false,"source_text":false,"source_url":false},"jetpack_featured_media_url":"","jetpack_shortlink":"https:\/\/wp.me\/p3KEcT-5q","jetpack-related-posts":[{"id":454,"url":"https:\/\/www.jazzzeitung.de\/cms\/2010\/10\/jazz-im-rundfunk-episode-i-der-br\/","url_meta":{"origin":336,"position":0},"title":"Jazz im Rundfunk \u2013 Episode I: Der BR","author":"J\u00f6rg Lichtinger","date":"10. Oktober 2010","format":false,"excerpt":"Der Jazz beim Bayerischen Rundfunk hat eine lange Geschichte und reicht bis zur Zeit zur\u00fcck, als man noch als Radio M\u00fcnchen unter der \u00c4gide der Amerikaner sendete \u2013 Mitternacht in M\u00fcnchen hie\u00df die ber\u00fchmteste Sendung mit Jazz in dieser Zeit. Als Redakteure in der Abteilung \"Leichte Musik\", zu der der\u2026","rel":"","context":"In &quot;Blog&quot;","block_context":{"text":"Blog","link":"https:\/\/www.jazzzeitung.de\/cms\/thema\/blog\/"},"img":{"alt_text":"Jazztime \u2013 Die Jazzsendung beim BR.","src":"https:\/\/i0.wp.com\/www.jazzzeitung.de\/cms\/wp-content\/uploads\/2010\/10\/screenshot_jazztime-300x292.jpg?resize=350%2C200","width":350,"height":200},"classes":[]},{"id":639,"url":"https:\/\/www.jazzzeitung.de\/cms\/2010\/12\/ausstellungstipp-jazz-in-muenchen\/","url_meta":{"origin":336,"position":1},"title":"Ausstellungstipp: Jazz in M\u00fcnchen","author":"J\u00f6rg Lichtinger","date":"16. Dezember 2010","format":false,"excerpt":"Im Jahr 2007 wurde die von den Autoren Gisela Kurz und Hermann Wilhelm bereits zuvor als Brosch\u00fcre erschienene Geschichte des Jazz in M\u00fcnchen beim Verlag der Lentnerschen Buchhandlung als Hardcover neu verlegt. Zu den Feierlichkeiten 25 Jahre Gasteig ist in M\u00fcnchen aus diesem Fundus jetzt eine Ausstellung konzipiert worden. Das\u2026","rel":"","context":"In &quot;Blog&quot;","block_context":{"text":"Blog","link":"https:\/\/www.jazzzeitung.de\/cms\/thema\/blog\/"},"img":{"alt_text":"Redakteur der ersten Stunde beim BR: Werner G\u00f6tze. Foto: BR\/Lindinger","src":"https:\/\/i0.wp.com\/www.jazzzeitung.de\/cms\/wp-content\/uploads\/2010\/07\/G%C3%B6tze-217x300.jpg?resize=350%2C200","width":350,"height":200},"classes":[]},{"id":22344,"url":"https:\/\/www.jazzzeitung.de\/cms\/2020\/04\/newsbmw-welt-jazz-award-finale-auf-anfang-2021-verschoben\/","url_meta":{"origin":336,"position":2},"title":"news+++BMW Welt Jazz Award Finale auf Anfang 2021 verschoben+++","author":"Redaktion JazzZeitung","date":"14. April 2020","format":false,"excerpt":"M\u00fcnchen. Nach den spannenden Konzerten des diesj\u00e4hrigen BMW Welt Jazz Award im Doppelkegel der BMW Welt hat die Jury jetzt die Finalisten bekannt gegeben: Adam Ba\u0142dych Quartet und Peter Gall Quintet. Mit dem diesj\u00e4hrigen Motto \u201eThe Melody at Night\u201c besann sich der BMW Welt Jazz Award auf die Wurzeln des\u2026","rel":"","context":"In &quot;News&quot;","block_context":{"text":"News","link":"https:\/\/www.jazzzeitung.de\/cms\/thema\/nachrichten\/"},"img":{"alt_text":"","src":"https:\/\/i0.wp.com\/www.jazzzeitung.de\/cms\/wp-content\/uploads\/2020\/04\/P90332903_highRes_bmw-welt-jazz-award--scaled.jpg?fit=800%2C1200&ssl=1&resize=350%2C200","width":350,"height":200,"srcset":"https:\/\/i0.wp.com\/www.jazzzeitung.de\/cms\/wp-content\/uploads\/2020\/04\/P90332903_highRes_bmw-welt-jazz-award--scaled.jpg?fit=800%2C1200&ssl=1&resize=350%2C200 1x, https:\/\/i0.wp.com\/www.jazzzeitung.de\/cms\/wp-content\/uploads\/2020\/04\/P90332903_highRes_bmw-welt-jazz-award--scaled.jpg?fit=800%2C1200&ssl=1&resize=525%2C300 1.5x, https:\/\/i0.wp.com\/www.jazzzeitung.de\/cms\/wp-content\/uploads\/2020\/04\/P90332903_highRes_bmw-welt-jazz-award--scaled.jpg?fit=800%2C1200&ssl=1&resize=700%2C400 2x"},"classes":[]},{"id":29874,"url":"https:\/\/www.jazzzeitung.de\/cms\/2023\/07\/valentin-renner-karoline-weidt-und-luca-zambito-mit-dem-bmw-young-artist-jazz-award-2023-ausgezeichnet\/","url_meta":{"origin":336,"position":3},"title":"Valentin Renner, Karoline Weidt und Luca Zambito mit dem BMW Young Artist Jazz Award 2023 ausgezeichnet","author":"Redaktion JazzZeitung","date":"25. Juli 2023","format":false,"excerpt":"M\u00fcnchen. Als Zeichen der anhaltenden Unterst\u00fctzung der jungen Jazzszene verleiht die BMW Group zusammen mit der Landeshauptstadt M\u00fcnchen den BMW Young Artist Jazz Award auch in diesem Jahr an drei junge Musikerinnen und Musiker der M\u00fcnchener\u00a0 Jazzszene. Dies meldet heute die BMW Group. Neben einem Preisgeld, das ab diesem Jahr\u2026","rel":"","context":"In &quot;News&quot;","block_context":{"text":"News","link":"https:\/\/www.jazzzeitung.de\/cms\/thema\/nachrichten\/"},"img":{"alt_text":"","src":"https:\/\/i0.wp.com\/www.jazzzeitung.de\/cms\/wp-content\/uploads\/2022\/07\/JW-2022-Karoline-Weidt-c-JM-Koch.jpg?fit=1200%2C900&ssl=1&resize=350%2C200","width":350,"height":200,"srcset":"https:\/\/i0.wp.com\/www.jazzzeitung.de\/cms\/wp-content\/uploads\/2022\/07\/JW-2022-Karoline-Weidt-c-JM-Koch.jpg?fit=1200%2C900&ssl=1&resize=350%2C200 1x, https:\/\/i0.wp.com\/www.jazzzeitung.de\/cms\/wp-content\/uploads\/2022\/07\/JW-2022-Karoline-Weidt-c-JM-Koch.jpg?fit=1200%2C900&ssl=1&resize=525%2C300 1.5x, https:\/\/i0.wp.com\/www.jazzzeitung.de\/cms\/wp-content\/uploads\/2022\/07\/JW-2022-Karoline-Weidt-c-JM-Koch.jpg?fit=1200%2C900&ssl=1&resize=700%2C400 2x, https:\/\/i0.wp.com\/www.jazzzeitung.de\/cms\/wp-content\/uploads\/2022\/07\/JW-2022-Karoline-Weidt-c-JM-Koch.jpg?fit=1200%2C900&ssl=1&resize=1050%2C600 3x"},"classes":[]},{"id":11518,"url":"https:\/\/www.jazzzeitung.de\/cms\/2017\/01\/start-des-bmw-welt-jazz-award-2017-bass-erstaunt\/","url_meta":{"origin":336,"position":4},"title":"Start des BMW Welt Jazz Award 2017 &#8211; \u201eBass erstaunt\u201c","author":"Redaktion JazzZeitung","date":"16. Januar 2017","format":false,"excerpt":"Mit zwei skandinavischen G\u00e4sten startet der BMW Welt Jazz Award 2017 in seine neunte Saison. Chris Minh Doky & New Nordic Jazz werden am 22. Januar im BMW Welt Doppelkegel zeigen, warum im d\u00e4nischen Jazz Kontrabassisten die wahren Bandleader sind. Der Schwede Lars Danielsson wird am 5. Februar erstmalig mit\u2026","rel":"","context":"In &quot;News&quot;","block_context":{"text":"News","link":"https:\/\/www.jazzzeitung.de\/cms\/thema\/nachrichten\/"},"img":{"alt_text":"","src":"https:\/\/i0.wp.com\/www.jazzzeitung.de\/cms\/wp-content\/uploads\/2017\/01\/BMW-Welt_Jazz-Award-2017-c-BMW-AG-150x150.jpg?resize=350%2C200","width":350,"height":200},"classes":[]},{"id":24303,"url":"https:\/\/www.jazzzeitung.de\/cms\/2021\/01\/die-entscheidung-ist-gefallen-komponistin-und-pianistin-shuteen-erdenebaatar-gewinnt-1-preis-des-kurt-maas-jazz-award-2021\/","url_meta":{"origin":336,"position":5},"title":"Die Entscheidung ist gefallen: Komponistin und Pianistin Shuteen Erdenebaatar gewinnt 1. Preis des Kurt Maas Jazz Award 2021","author":"Redaktion JazzZeitung","date":"22. Januar 2021","format":false,"excerpt":"Livestream auf Youtube: https:\/\/youtu.be\/SxzMhVn4Dec heute, am 22. Januar 2021: Preistr\u00e4gerkonzert mit Verleihung des \u00bbBerklee Master of Global Jazz Award\u00ab an Dusko Goykovich Im Finale des Kurt Maas Jazz Award 2021, das am Mittwoch, den 20. Januar 2021 im Kleinen Konzertsaal des M\u00fcnchner Gasteigs stattfand, konnte sich die Komponistin und Pianistin\u2026","rel":"","context":"In &quot;Bericht&quot;","block_context":{"text":"Bericht","link":"https:\/\/www.jazzzeitung.de\/cms\/thema\/bericht\/"},"img":{"alt_text":"","src":"https:\/\/i0.wp.com\/www.jazzzeitung.de\/cms\/wp-content\/uploads\/2021\/01\/KMJA_2021_Finale_Sh_Erdenebaatar-c-HMTM.jpg?fit=1200%2C800&ssl=1&resize=350%2C200","width":350,"height":200,"srcset":"https:\/\/i0.wp.com\/www.jazzzeitung.de\/cms\/wp-content\/uploads\/2021\/01\/KMJA_2021_Finale_Sh_Erdenebaatar-c-HMTM.jpg?fit=1200%2C800&ssl=1&resize=350%2C200 1x, https:\/\/i0.wp.com\/www.jazzzeitung.de\/cms\/wp-content\/uploads\/2021\/01\/KMJA_2021_Finale_Sh_Erdenebaatar-c-HMTM.jpg?fit=1200%2C800&ssl=1&resize=525%2C300 1.5x, https:\/\/i0.wp.com\/www.jazzzeitung.de\/cms\/wp-content\/uploads\/2021\/01\/KMJA_2021_Finale_Sh_Erdenebaatar-c-HMTM.jpg?fit=1200%2C800&ssl=1&resize=700%2C400 2x, https:\/\/i0.wp.com\/www.jazzzeitung.de\/cms\/wp-content\/uploads\/2021\/01\/KMJA_2021_Finale_Sh_Erdenebaatar-c-HMTM.jpg?fit=1200%2C800&ssl=1&resize=1050%2C600 3x"},"classes":[]}],"jetpack_sharing_enabled":true,"_links":{"self":[{"href":"https:\/\/www.jazzzeitung.de\/cms\/wp-json\/wp\/v2\/posts\/336","targetHints":{"allow":["GET"]}}],"collection":[{"href":"https:\/\/www.jazzzeitung.de\/cms\/wp-json\/wp\/v2\/posts"}],"about":[{"href":"https:\/\/www.jazzzeitung.de\/cms\/wp-json\/wp\/v2\/types\/post"}],"author":[{"embeddable":true,"href":"https:\/\/www.jazzzeitung.de\/cms\/wp-json\/wp\/v2\/users\/4"}],"replies":[{"embeddable":true,"href":"https:\/\/www.jazzzeitung.de\/cms\/wp-json\/wp\/v2\/comments?post=336"}],"version-history":[{"count":2,"href":"https:\/\/www.jazzzeitung.de\/cms\/wp-json\/wp\/v2\/posts\/336\/revisions"}],"predecessor-version":[{"id":1724,"href":"https:\/\/www.jazzzeitung.de\/cms\/wp-json\/wp\/v2\/posts\/336\/revisions\/1724"}],"wp:attachment":[{"href":"https:\/\/www.jazzzeitung.de\/cms\/wp-json\/wp\/v2\/media?parent=336"}],"wp:term":[{"taxonomy":"category","embeddable":true,"href":"https:\/\/www.jazzzeitung.de\/cms\/wp-json\/wp\/v2\/categories?post=336"},{"taxonomy":"post_tag","embeddable":true,"href":"https:\/\/www.jazzzeitung.de\/cms\/wp-json\/wp\/v2\/tags?post=336"},{"taxonomy":"author","embeddable":true,"href":"https:\/\/www.jazzzeitung.de\/cms\/wp-json\/wp\/v2\/coauthors?post=336"}],"curies":[{"name":"wp","href":"https:\/\/api.w.org\/{rel}","templated":true}]}}