{"id":33477,"date":"2025-12-15T12:46:50","date_gmt":"2025-12-15T11:46:50","guid":{"rendered":"https:\/\/www.jazzzeitung.de\/cms\/?p=33477"},"modified":"2025-12-15T12:46:50","modified_gmt":"2025-12-15T11:46:50","slug":"piano-buehne-oberthulba-wird-25-konzert-mit-al-jones","status":"publish","type":"post","link":"https:\/\/www.jazzzeitung.de\/cms\/2025\/12\/piano-buehne-oberthulba-wird-25-konzert-mit-al-jones\/","title":{"rendered":"Piano-B\u00fchne Oberthulba wird 25, Konzert mit Al Jones"},"content":{"rendered":"<p>(PM) Die Piano-B\u00fchne von Peter Kleinhenz wird 2026 nun 25 Jahre alt. Die Genres Jazz, Blues, Funky Soul, R&amp;B und Comedy werden vorrangig gespielt.\u00a0Die B\u00fchne wird von Peter und Beatrix Kleinhenz mit viel Leidenschaft und Einsatz zusammen mit Verwandtschaft und angestellten Helfern betrieben. Finanziert wird sie ausschlie\u00dflich \u00fcber die Ticketpreise, da staatliche, st\u00e4dtische oder \u00f6rtliche F\u00f6rderungen wie \u00fcblich nicht erfolgen.<\/p>\n<h3>Labour of love<\/h3>\n<p>GEMA, K\u00fcnstlersozialkasse, Musiker-Gagen, L\u00f6hne, Werbung, Technik, Licht, Steinway-Fl\u00fcgel und alle sonstigen Kosten m\u00fcssen durch den Eintrittspreis eingespielt werden. Wir bedanken uns hiermit bei unseren vielen Fans der Piano-B\u00fchne, die aus Fulda, W\u00fcrzburg, Schweinfurt im Umkreis 100 Kilometern und nat\u00fcrlich aus der hiesigen Region durch ihren intensiven, aktiven Besuch im meist vollen Haus diese coolen Events m\u00f6glich machen.<\/p>\n<p>Nachdem 1999 das 2.000 qm gro\u00dfe Piano-Center neu gebaut war, wurde 2001 ein gro\u00dfer B\u00fchnenraum mit zirka 300 Pl\u00e4tzen eingerichtet. Die Vorstellungen begannen\u00a0im Jahre 2001 mit dem Konzert von Rosa King &amp; Band aus USA\/Amsterdam, es folgten dann namhafte K\u00fcnstler wie Axel Zwingenberger &amp; Gottfried B\u00f6ttcher in Sachen Boogie-Woogie und Ragtime Piano-Spiel. Axel Zwingenberger ist seitdem\u00a0alle zwei Jahre mit gro\u00dfem Erfolg hier unterwegs.<\/p>\n<h3>Internationale Stars<\/h3>\n<p>Weitere internationale B\u00fchnen-Stars waren Martin Schmitt, Charly Antolini, Jimmy Woode, Diana Shuur, das beliebte Paul Kuhn-Trio war f\u00fcnfmal zu Gast, Helge Schneider dreimal, Deborah Woodson und das Willy-Ketzer-Quartett, Jan Eschke, Ingrid Arthur, Jeff Hamilton, Gretje Kauffeld, Ron Williams, George Green, Kirk Smith, Freddy Cole, Tamir Hendelmann , die Hammond Stars Jimmy Smith, Barbara Dennerlein und Matthias Bublath. Weitere wie Adriano Prestel, Nikki Harris, Will Jacobs, Tommy Schneller &amp; Band und Mr. Blues aus Erfurt, J\u00fcrgen Kerth, Terrence Ngassa, Lars Re Reichow, Eva Smirnova! Musikalische Ideengeber und Vorbilder in Sachen Jazz-Improvisation f\u00fcr B\u00fchnenchef Peter Kleinhenz waren und sind die Pianisten Eduard Mendelson und Joe Dietz!<\/p>\n<h3>Folgendes Programm im Jubil\u00e4umsjahr 2026 ist geplant:<\/h3>\n<p>Freitag, 16.1. 2026,\u00a020 Uhr: Al Jones &amp; Band, American Blues der Extraklasse<\/p>\n<p>Al Jones war der Mann der ersten Stunde, der den amerikanischen Blues in Deutschland popul\u00e4r machte. Seit jeher assoziiert man den Namen &#8222;Al Jones&#8220; mit Blues. Al, der Top-Gitarrist und S\u00e4nger, legte den Grundstein f\u00fcr die deutsch-amerikanische Geschichte dieses coolen Genres. Im Laufe der Zeit entwickelte er<span style=\"font-size: 1.125rem;\"> seinen Bluesstil stetig weiter und spannt einen Bogen von legend\u00e4ren Originalen bis hin zu modernen Eigenkompositionen.<\/span><\/p>\n<p><img data-recalc-dims=\"1\" loading=\"lazy\" decoding=\"async\" data-attachment-id=\"33479\" data-permalink=\"https:\/\/www.jazzzeitung.de\/cms\/2025\/12\/piano-buehne-oberthulba-wird-25-konzert-mit-al-jones\/al-jones\/\" data-orig-file=\"https:\/\/i0.wp.com\/www.jazzzeitung.de\/cms\/wp-content\/uploads\/2025\/12\/Al-Jones-scaled.jpg?fit=1920%2C2560&amp;ssl=1\" data-orig-size=\"1920,2560\" data-comments-opened=\"1\" data-image-meta=\"{&quot;aperture&quot;:&quot;2&quot;,&quot;credit&quot;:&quot;&quot;,&quot;camera&quot;:&quot;iPhone 11 Pro Max&quot;,&quot;caption&quot;:&quot;&quot;,&quot;created_timestamp&quot;:&quot;1625257599&quot;,&quot;copyright&quot;:&quot;&quot;,&quot;focal_length&quot;:&quot;6&quot;,&quot;iso&quot;:&quot;100&quot;,&quot;shutter_speed&quot;:&quot;0.02&quot;,&quot;title&quot;:&quot;&quot;,&quot;orientation&quot;:&quot;1&quot;}\" data-image-title=\"Al Jones\" data-image-description=\"\" data-image-caption=\"\" data-large-file=\"https:\/\/i0.wp.com\/www.jazzzeitung.de\/cms\/wp-content\/uploads\/2025\/12\/Al-Jones-scaled.jpg?fit=450%2C600&amp;ssl=1\" class=\"alignleft size-medium wp-image-33479\" src=\"https:\/\/i0.wp.com\/www.jazzzeitung.de\/cms\/wp-content\/uploads\/2025\/12\/Al-Jones.jpg?resize=225%2C300&#038;ssl=1\" alt=\"\" width=\"225\" height=\"300\" srcset=\"https:\/\/i0.wp.com\/www.jazzzeitung.de\/cms\/wp-content\/uploads\/2025\/12\/Al-Jones-scaled.jpg?resize=225%2C300&amp;ssl=1 225w, https:\/\/i0.wp.com\/www.jazzzeitung.de\/cms\/wp-content\/uploads\/2025\/12\/Al-Jones-scaled.jpg?resize=450%2C600&amp;ssl=1 450w, https:\/\/i0.wp.com\/www.jazzzeitung.de\/cms\/wp-content\/uploads\/2025\/12\/Al-Jones-scaled.jpg?resize=768%2C1024&amp;ssl=1 768w, https:\/\/i0.wp.com\/www.jazzzeitung.de\/cms\/wp-content\/uploads\/2025\/12\/Al-Jones-scaled.jpg?resize=1152%2C1536&amp;ssl=1 1152w, https:\/\/i0.wp.com\/www.jazzzeitung.de\/cms\/wp-content\/uploads\/2025\/12\/Al-Jones-scaled.jpg?resize=1536%2C2048&amp;ssl=1 1536w, https:\/\/i0.wp.com\/www.jazzzeitung.de\/cms\/wp-content\/uploads\/2025\/12\/Al-Jones-scaled.jpg?resize=1320%2C1760&amp;ssl=1 1320w, https:\/\/i0.wp.com\/www.jazzzeitung.de\/cms\/wp-content\/uploads\/2025\/12\/Al-Jones-scaled.jpg?w=1920&amp;ssl=1 1920w, https:\/\/i0.wp.com\/www.jazzzeitung.de\/cms\/wp-content\/uploads\/2025\/12\/Al-Jones-scaled.jpg?w=1680&amp;ssl=1 1680w\" sizes=\"auto, (max-width: 225px) 100vw, 225px\" \/><\/p>\n<p><span style=\"font-size: 1.125rem;\">Die Band ist bekannt f\u00fcr ihren authentischen, schn\u00f6rkellosen Sound, der sowohl legend\u00e4re Originale als auch Eigenkompositionen umfasst. Al Jones arbeitete im Laufe seiner langen erfolgreichen Karriere mit Stars wie B.B. King, Johny Winter, Champion Jack Dupre oder Lousiana Red zusammen. In allen Medien wie Radio, TV, Spotify, Instagram, Youtube und mit vielen eigenen Schallplatten ist er pr\u00e4sent! Als Sidemen fungieren diesmal hochkar\u00e4tige Profimusiker wie\u00a0 Matthias Bublath (Hammond, Fender Steinway-Piano), Guido May (Drums), Christoph B\u00f6hm (Gitarre) und Uli Lehmann (Bass).\u00a0 After-Concert-Jam mit Joe Dietz, Lutz K\u00f6nig, Vladi Strecker und Peter Kleinhenz!<\/span><\/p>\n<p>Foto: Al Jones<\/p>\n<p><strong><a href=\"https:\/\/youtu.be\/fhsZPNdlU2w?si=cE58Q32zCeLN4tvx\">https:\/\/youtu.be\/fhsZPNdlU2w?si=cE58Q32zCeLN4tvx<\/a><\/strong><\/p>\n<p><strong><a href=\"https:\/\/youtu.be\/fhsZPNdlU2w?si=Q1VqyIzeiGd0j7CC\">https:\/\/youtu.be\/fhsZPNdlU2w?si=Q1VqyIzeiGd0j7CC<\/a><\/strong><\/p>\n<p><strong><a href=\"https:\/\/youtu.be\/Rs6fQ244wts?si=JojhJrsWOY8U_lve\">https:\/\/youtu.be\/Rs6fQ244wts?si=JojhJrsWOY8U_lve<\/a><\/strong><\/p>\n<p><strong><a href=\"https:\/\/youtu.be\/zonnwOss2e4?si=q9Zs-BBi1WRlviR4\">https:\/\/youtu.be\/zonnwOss2e4?si=q9Zs-BBi1WRlviR4<\/a>\u00a0 \u00a0\u00a0<\/strong><\/p>\n<p>Karten unter Tel. 09736\/657\u00a0\u00a0 oder\u00a0 <a href=\"mailto:info@piano.de\">info@piano.de<\/a><\/p>\n<p>Beitragsfoto: Peter Kleinhenz<\/p>\n<p><strong>Weitere Termine<\/strong><\/p>\n<p>Samstag 7. M\u00e4rz 2026,\u00a0 20 Uhr:\u00a0Will Jacobs&amp;Band, Chicago-Blues &amp; 30 years Will<\/p>\n<p>Freitag, 3. Juli 2025, 20 Uhr: Jubil\u00e4ums-Konzert mit \u00a0Deborah Woodson&amp;Willy Ketzer Quartett<\/p>\n<p>In Planung Oktober 2026:<\/p>\n<p>Tamir Hendelmann-Quartett (New York) &amp; Ingrid Arthur<\/p>\n<p>oder<\/p>\n<p>J\u00fcrgen Kerth-Band,\u00a0 Mr. Blues\u00a0 aus Erfurt<\/p>\n<p><a href=\"http:\/\/www.pianobuehne.de\">www.pianobuehne.de<\/a><\/p>\n<p>&nbsp;<\/p>\n","protected":false},"excerpt":{"rendered":"<p>(PM) Die Piano-B\u00fchne von Peter Kleinhenz wird 2026 nun 25 Jahre alt. Die Genres Jazz, Blues, Funky Soul, R&amp;B und Comedy werden vorrangig gespielt.\u00a0Die B\u00fchne wird von Peter und Beatrix Kleinhenz mit viel Leidenschaft und Einsatz zusammen mit Verwandtschaft und angestellten Helfern betrieben. Finanziert wird sie ausschlie\u00dflich \u00fcber die Ticketpreise, da staatliche, st\u00e4dtische oder \u00f6rtliche F\u00f6rderungen wie \u00fcblich nicht erfolgen. Labour of love GEMA, K\u00fcnstlersozialkasse, Musiker-Gagen, L\u00f6hne, Werbung, Technik, Licht, Steinway-Fl\u00fcgel und alle sonstigen Kosten m\u00fcssen durch den Eintrittspreis eingespielt werden. Wir bedanken uns hiermit bei unseren vielen Fans der Piano-B\u00fchne, die aus Fulda, W\u00fcrzburg, Schweinfurt im Umkreis 100 Kilometern und nat\u00fcrlich aus der hiesigen Region durch ihren intensiven, aktiven Besuch im meist vollen Haus diese coolen Events m\u00f6glich machen. Nachdem 1999 das 2.000 qm gro\u00dfe Piano-Center neu gebaut war, wurde 2001 ein gro\u00dfer B\u00fchnenraum mit zirka 300 Pl\u00e4tzen eingerichtet. Die Vorstellungen begannen\u00a0im Jahre 2001 mit dem Konzert von Rosa King &amp; Band aus USA\/Amsterdam, es folgten dann namhafte K\u00fcnstler wie Axel Zwingenberger &amp; Gottfried B\u00f6ttcher in Sachen Boogie-Woogie und Ragtime Piano-Spiel. Axel Zwingenberger ist seitdem\u00a0alle zwei Jahre mit gro\u00dfem Erfolg hier unterwegs. Internationale Stars &hellip;<\/p>\n","protected":false},"author":18,"featured_media":33478,"comment_status":"open","ping_status":"closed","sticky":false,"template":"","format":"standard","meta":{"_jetpack_memberships_contains_paid_content":false,"footnotes":"","jetpack_publicize_message":"","jetpack_publicize_feature_enabled":true,"jetpack_social_post_already_shared":true,"jetpack_social_options":{"image_generator_settings":{"template":"highway","default_image_id":0,"font":"","enabled":false},"version":2}},"categories":[633,634],"tags":[5742,5741,10,2868,5743,2867],"coauthors":[695],"class_list":["post-33477","post","type-post","status-publish","format-standard","has-post-thumbnail","hentry","category-nachrichten","category-redaktion","tag-25-jahre-konzerte","tag-al-jones","tag-jubilaeum","tag-kleinhenz","tag-konzertbuehne","tag-pianobuehne-oberthulba"],"yoast_head":"<!-- This site is optimized with the Yoast SEO plugin v27.5 - https:\/\/yoast.com\/product\/yoast-seo-wordpress\/ -->\n<title>Piano-B\u00fchne Oberthulba wird 25, Konzert mit Al Jones - JazzZeitung<\/title>\n<meta name=\"robots\" content=\"index, follow, max-snippet:-1, max-image-preview:large, max-video-preview:-1\" \/>\n<link rel=\"canonical\" href=\"https:\/\/www.jazzzeitung.de\/cms\/2025\/12\/piano-buehne-oberthulba-wird-25-konzert-mit-al-jones\/\" \/>\n<meta property=\"og:locale\" content=\"de_DE\" \/>\n<meta property=\"og:type\" content=\"article\" \/>\n<meta property=\"og:title\" content=\"Piano-B\u00fchne Oberthulba wird 25, Konzert mit Al Jones - JazzZeitung\" \/>\n<meta property=\"og:description\" content=\"(PM) Die Piano-B\u00fchne von Peter Kleinhenz wird 2026 nun 25 Jahre alt. Die Genres Jazz, Blues, Funky Soul, R&amp;B und Comedy werden vorrangig gespielt.\u00a0Die B\u00fchne wird von Peter und Beatrix Kleinhenz mit viel Leidenschaft und Einsatz zusammen mit Verwandtschaft und angestellten Helfern betrieben. Finanziert wird sie ausschlie\u00dflich \u00fcber die Ticketpreise, da staatliche, st\u00e4dtische oder \u00f6rtliche F\u00f6rderungen wie \u00fcblich nicht erfolgen. Labour of love GEMA, K\u00fcnstlersozialkasse, Musiker-Gagen, L\u00f6hne, Werbung, Technik, Licht, Steinway-Fl\u00fcgel und alle sonstigen Kosten m\u00fcssen durch den Eintrittspreis eingespielt werden. Wir bedanken uns hiermit bei unseren vielen Fans der Piano-B\u00fchne, die aus Fulda, W\u00fcrzburg, Schweinfurt im Umkreis 100 Kilometern und nat\u00fcrlich aus der hiesigen Region durch ihren intensiven, aktiven Besuch im meist vollen Haus diese coolen Events m\u00f6glich machen. Nachdem 1999 das 2.000 qm gro\u00dfe Piano-Center neu gebaut war, wurde 2001 ein gro\u00dfer B\u00fchnenraum mit zirka 300 Pl\u00e4tzen eingerichtet. Die Vorstellungen begannen\u00a0im Jahre 2001 mit dem Konzert von Rosa King &amp; Band aus USA\/Amsterdam, es folgten dann namhafte K\u00fcnstler wie Axel Zwingenberger &amp; Gottfried B\u00f6ttcher in Sachen Boogie-Woogie und Ragtime Piano-Spiel. Axel Zwingenberger ist seitdem\u00a0alle zwei Jahre mit gro\u00dfem Erfolg hier unterwegs. Internationale Stars &hellip;\" \/>\n<meta property=\"og:url\" content=\"https:\/\/www.jazzzeitung.de\/cms\/2025\/12\/piano-buehne-oberthulba-wird-25-konzert-mit-al-jones\/\" \/>\n<meta property=\"og:site_name\" content=\"JazzZeitung\" \/>\n<meta property=\"article:publisher\" content=\"https:\/\/www.facebook.com\/JazzZeitung\/\" \/>\n<meta property=\"article:published_time\" content=\"2025-12-15T11:46:50+00:00\" \/>\n<meta property=\"og:image\" content=\"https:\/\/www.jazzzeitung.de\/cms\/wp-content\/uploads\/2025\/12\/kleinhenz1-scaled.jpg\" \/>\n\t<meta property=\"og:image:width\" content=\"2560\" \/>\n\t<meta property=\"og:image:height\" content=\"1706\" \/>\n\t<meta property=\"og:image:type\" content=\"image\/jpeg\" \/>\n<meta name=\"author\" content=\"Redaktion JazzZeitung\" \/>\n<script type=\"application\/ld+json\" class=\"yoast-schema-graph\">{\"@context\":\"https:\\\/\\\/schema.org\",\"@graph\":[{\"@type\":\"Article\",\"@id\":\"https:\\\/\\\/www.jazzzeitung.de\\\/cms\\\/2025\\\/12\\\/piano-buehne-oberthulba-wird-25-konzert-mit-al-jones\\\/#article\",\"isPartOf\":{\"@id\":\"https:\\\/\\\/www.jazzzeitung.de\\\/cms\\\/2025\\\/12\\\/piano-buehne-oberthulba-wird-25-konzert-mit-al-jones\\\/\"},\"author\":{\"name\":\"Redaktion JazzZeitung\",\"@id\":\"https:\\\/\\\/www.jazzzeitung.de\\\/cms\\\/#\\\/schema\\\/person\\\/2245b36b9cd1d24cea10f01c031fb92b\"},\"headline\":\"Piano-B\u00fchne Oberthulba wird 25, Konzert mit Al Jones\",\"datePublished\":\"2025-12-15T11:46:50+00:00\",\"mainEntityOfPage\":{\"@id\":\"https:\\\/\\\/www.jazzzeitung.de\\\/cms\\\/2025\\\/12\\\/piano-buehne-oberthulba-wird-25-konzert-mit-al-jones\\\/\"},\"wordCount\":601,\"commentCount\":0,\"publisher\":{\"@id\":\"https:\\\/\\\/www.jazzzeitung.de\\\/cms\\\/#organization\"},\"image\":{\"@id\":\"https:\\\/\\\/www.jazzzeitung.de\\\/cms\\\/2025\\\/12\\\/piano-buehne-oberthulba-wird-25-konzert-mit-al-jones\\\/#primaryimage\"},\"thumbnailUrl\":\"https:\\\/\\\/i0.wp.com\\\/www.jazzzeitung.de\\\/cms\\\/wp-content\\\/uploads\\\/2025\\\/12\\\/kleinhenz1-scaled.jpg?fit=2560%2C1706&ssl=1\",\"keywords\":[\"25 Jahre Konzerte\",\"Al Jones\",\"Jubil\u00e4um\",\"Kleinhenz\",\"Konzertb\u00fchne\",\"Pianob\u00fchne Oberthulba\"],\"articleSection\":[\"News\",\"Redaktionelle Nachrichten\"],\"inLanguage\":\"de\",\"potentialAction\":[{\"@type\":\"CommentAction\",\"name\":\"Comment\",\"target\":[\"https:\\\/\\\/www.jazzzeitung.de\\\/cms\\\/2025\\\/12\\\/piano-buehne-oberthulba-wird-25-konzert-mit-al-jones\\\/#respond\"]}]},{\"@type\":\"WebPage\",\"@id\":\"https:\\\/\\\/www.jazzzeitung.de\\\/cms\\\/2025\\\/12\\\/piano-buehne-oberthulba-wird-25-konzert-mit-al-jones\\\/\",\"url\":\"https:\\\/\\\/www.jazzzeitung.de\\\/cms\\\/2025\\\/12\\\/piano-buehne-oberthulba-wird-25-konzert-mit-al-jones\\\/\",\"name\":\"Piano-B\u00fchne Oberthulba wird 25, Konzert mit Al Jones - JazzZeitung\",\"isPartOf\":{\"@id\":\"https:\\\/\\\/www.jazzzeitung.de\\\/cms\\\/#website\"},\"primaryImageOfPage\":{\"@id\":\"https:\\\/\\\/www.jazzzeitung.de\\\/cms\\\/2025\\\/12\\\/piano-buehne-oberthulba-wird-25-konzert-mit-al-jones\\\/#primaryimage\"},\"image\":{\"@id\":\"https:\\\/\\\/www.jazzzeitung.de\\\/cms\\\/2025\\\/12\\\/piano-buehne-oberthulba-wird-25-konzert-mit-al-jones\\\/#primaryimage\"},\"thumbnailUrl\":\"https:\\\/\\\/i0.wp.com\\\/www.jazzzeitung.de\\\/cms\\\/wp-content\\\/uploads\\\/2025\\\/12\\\/kleinhenz1-scaled.jpg?fit=2560%2C1706&ssl=1\",\"datePublished\":\"2025-12-15T11:46:50+00:00\",\"breadcrumb\":{\"@id\":\"https:\\\/\\\/www.jazzzeitung.de\\\/cms\\\/2025\\\/12\\\/piano-buehne-oberthulba-wird-25-konzert-mit-al-jones\\\/#breadcrumb\"},\"inLanguage\":\"de\",\"potentialAction\":[{\"@type\":\"ReadAction\",\"target\":[\"https:\\\/\\\/www.jazzzeitung.de\\\/cms\\\/2025\\\/12\\\/piano-buehne-oberthulba-wird-25-konzert-mit-al-jones\\\/\"]}]},{\"@type\":\"ImageObject\",\"inLanguage\":\"de\",\"@id\":\"https:\\\/\\\/www.jazzzeitung.de\\\/cms\\\/2025\\\/12\\\/piano-buehne-oberthulba-wird-25-konzert-mit-al-jones\\\/#primaryimage\",\"url\":\"https:\\\/\\\/i0.wp.com\\\/www.jazzzeitung.de\\\/cms\\\/wp-content\\\/uploads\\\/2025\\\/12\\\/kleinhenz1-scaled.jpg?fit=2560%2C1706&ssl=1\",\"contentUrl\":\"https:\\\/\\\/i0.wp.com\\\/www.jazzzeitung.de\\\/cms\\\/wp-content\\\/uploads\\\/2025\\\/12\\\/kleinhenz1-scaled.jpg?fit=2560%2C1706&ssl=1\",\"width\":2560,\"height\":1706},{\"@type\":\"BreadcrumbList\",\"@id\":\"https:\\\/\\\/www.jazzzeitung.de\\\/cms\\\/2025\\\/12\\\/piano-buehne-oberthulba-wird-25-konzert-mit-al-jones\\\/#breadcrumb\",\"itemListElement\":[{\"@type\":\"ListItem\",\"position\":1,\"name\":\"Startseite\",\"item\":\"https:\\\/\\\/www.jazzzeitung.de\\\/cms\\\/\"},{\"@type\":\"ListItem\",\"position\":2,\"name\":\"Piano-B\u00fchne Oberthulba wird 25, Konzert mit Al Jones\"}]},{\"@type\":\"WebSite\",\"@id\":\"https:\\\/\\\/www.jazzzeitung.de\\\/cms\\\/#website\",\"url\":\"https:\\\/\\\/www.jazzzeitung.de\\\/cms\\\/\",\"name\":\"JazzZeitung\",\"description\":\"Jazz-News und Jazz-Kontroverses\",\"publisher\":{\"@id\":\"https:\\\/\\\/www.jazzzeitung.de\\\/cms\\\/#organization\"},\"potentialAction\":[{\"@type\":\"SearchAction\",\"target\":{\"@type\":\"EntryPoint\",\"urlTemplate\":\"https:\\\/\\\/www.jazzzeitung.de\\\/cms\\\/?s={search_term_string}\"},\"query-input\":{\"@type\":\"PropertyValueSpecification\",\"valueRequired\":true,\"valueName\":\"search_term_string\"}}],\"inLanguage\":\"de\"},{\"@type\":\"Organization\",\"@id\":\"https:\\\/\\\/www.jazzzeitung.de\\\/cms\\\/#organization\",\"name\":\"JazzZeitung online\",\"url\":\"https:\\\/\\\/www.jazzzeitung.de\\\/cms\\\/\",\"logo\":{\"@type\":\"ImageObject\",\"inLanguage\":\"de\",\"@id\":\"https:\\\/\\\/www.jazzzeitung.de\\\/cms\\\/#\\\/schema\\\/logo\\\/image\\\/\",\"url\":\"https:\\\/\\\/i0.wp.com\\\/www.jazzzeitung.de\\\/cms\\\/wp-content\\\/uploads\\\/2015\\\/08\\\/JAZZZEITUNGDE_Logo_Neu.png?fit=499%2C200&ssl=1\",\"contentUrl\":\"https:\\\/\\\/i0.wp.com\\\/www.jazzzeitung.de\\\/cms\\\/wp-content\\\/uploads\\\/2015\\\/08\\\/JAZZZEITUNGDE_Logo_Neu.png?fit=499%2C200&ssl=1\",\"width\":499,\"height\":200,\"caption\":\"JazzZeitung online\"},\"image\":{\"@id\":\"https:\\\/\\\/www.jazzzeitung.de\\\/cms\\\/#\\\/schema\\\/logo\\\/image\\\/\"},\"sameAs\":[\"https:\\\/\\\/www.facebook.com\\\/JazzZeitung\\\/\"]},{\"@type\":\"Person\",\"@id\":\"https:\\\/\\\/www.jazzzeitung.de\\\/cms\\\/#\\\/schema\\\/person\\\/2245b36b9cd1d24cea10f01c031fb92b\",\"name\":\"Redaktion JazzZeitung\",\"image\":{\"@type\":\"ImageObject\",\"inLanguage\":\"de\",\"@id\":\"https:\\\/\\\/i0.wp.com\\\/www.jazzzeitung.de\\\/cms\\\/wp-content\\\/uploads\\\/2015\\\/08\\\/JAZZZEITUNGDE_Logo_Neu.png?resize=96%2C96&ssl=159975dcacb611b5700bd619b5daf0a7a\",\"url\":\"https:\\\/\\\/i0.wp.com\\\/www.jazzzeitung.de\\\/cms\\\/wp-content\\\/uploads\\\/2015\\\/08\\\/JAZZZEITUNGDE_Logo_Neu.png?resize=96%2C96&ssl=1\",\"contentUrl\":\"https:\\\/\\\/i0.wp.com\\\/www.jazzzeitung.de\\\/cms\\\/wp-content\\\/uploads\\\/2015\\\/08\\\/JAZZZEITUNGDE_Logo_Neu.png?resize=96%2C96&ssl=1\",\"caption\":\"Redaktion JazzZeitung\"},\"description\":\"Artikel der Redaktion der JazzZeitung.\",\"sameAs\":[\"http:\\\/\\\/www.jazzzeitung.de\\\/cms\\\/\"],\"url\":\"https:\\\/\\\/www.jazzzeitung.de\\\/cms\\\/author\\\/redaktion\\\/\"}]}<\/script>\n<!-- \/ Yoast SEO plugin. -->","yoast_head_json":{"title":"Piano-B\u00fchne Oberthulba wird 25, Konzert mit Al Jones - JazzZeitung","robots":{"index":"index","follow":"follow","max-snippet":"max-snippet:-1","max-image-preview":"max-image-preview:large","max-video-preview":"max-video-preview:-1"},"canonical":"https:\/\/www.jazzzeitung.de\/cms\/2025\/12\/piano-buehne-oberthulba-wird-25-konzert-mit-al-jones\/","og_locale":"de_DE","og_type":"article","og_title":"Piano-B\u00fchne Oberthulba wird 25, Konzert mit Al Jones - JazzZeitung","og_description":"(PM) Die Piano-B\u00fchne von Peter Kleinhenz wird 2026 nun 25 Jahre alt. Die Genres Jazz, Blues, Funky Soul, R&amp;B und Comedy werden vorrangig gespielt.\u00a0Die B\u00fchne wird von Peter und Beatrix Kleinhenz mit viel Leidenschaft und Einsatz zusammen mit Verwandtschaft und angestellten Helfern betrieben. Finanziert wird sie ausschlie\u00dflich \u00fcber die Ticketpreise, da staatliche, st\u00e4dtische oder \u00f6rtliche F\u00f6rderungen wie \u00fcblich nicht erfolgen. Labour of love GEMA, K\u00fcnstlersozialkasse, Musiker-Gagen, L\u00f6hne, Werbung, Technik, Licht, Steinway-Fl\u00fcgel und alle sonstigen Kosten m\u00fcssen durch den Eintrittspreis eingespielt werden. Wir bedanken uns hiermit bei unseren vielen Fans der Piano-B\u00fchne, die aus Fulda, W\u00fcrzburg, Schweinfurt im Umkreis 100 Kilometern und nat\u00fcrlich aus der hiesigen Region durch ihren intensiven, aktiven Besuch im meist vollen Haus diese coolen Events m\u00f6glich machen. Nachdem 1999 das 2.000 qm gro\u00dfe Piano-Center neu gebaut war, wurde 2001 ein gro\u00dfer B\u00fchnenraum mit zirka 300 Pl\u00e4tzen eingerichtet. Die Vorstellungen begannen\u00a0im Jahre 2001 mit dem Konzert von Rosa King &amp; Band aus USA\/Amsterdam, es folgten dann namhafte K\u00fcnstler wie Axel Zwingenberger &amp; Gottfried B\u00f6ttcher in Sachen Boogie-Woogie und Ragtime Piano-Spiel. Axel Zwingenberger ist seitdem\u00a0alle zwei Jahre mit gro\u00dfem Erfolg hier unterwegs. Internationale Stars &hellip;","og_url":"https:\/\/www.jazzzeitung.de\/cms\/2025\/12\/piano-buehne-oberthulba-wird-25-konzert-mit-al-jones\/","og_site_name":"JazzZeitung","article_publisher":"https:\/\/www.facebook.com\/JazzZeitung\/","article_published_time":"2025-12-15T11:46:50+00:00","og_image":[{"width":2560,"height":1706,"url":"https:\/\/www.jazzzeitung.de\/cms\/wp-content\/uploads\/2025\/12\/kleinhenz1-scaled.jpg","type":"image\/jpeg"}],"author":"Redaktion JazzZeitung","schema":{"@context":"https:\/\/schema.org","@graph":[{"@type":"Article","@id":"https:\/\/www.jazzzeitung.de\/cms\/2025\/12\/piano-buehne-oberthulba-wird-25-konzert-mit-al-jones\/#article","isPartOf":{"@id":"https:\/\/www.jazzzeitung.de\/cms\/2025\/12\/piano-buehne-oberthulba-wird-25-konzert-mit-al-jones\/"},"author":{"name":"Redaktion JazzZeitung","@id":"https:\/\/www.jazzzeitung.de\/cms\/#\/schema\/person\/2245b36b9cd1d24cea10f01c031fb92b"},"headline":"Piano-B\u00fchne Oberthulba wird 25, Konzert mit Al Jones","datePublished":"2025-12-15T11:46:50+00:00","mainEntityOfPage":{"@id":"https:\/\/www.jazzzeitung.de\/cms\/2025\/12\/piano-buehne-oberthulba-wird-25-konzert-mit-al-jones\/"},"wordCount":601,"commentCount":0,"publisher":{"@id":"https:\/\/www.jazzzeitung.de\/cms\/#organization"},"image":{"@id":"https:\/\/www.jazzzeitung.de\/cms\/2025\/12\/piano-buehne-oberthulba-wird-25-konzert-mit-al-jones\/#primaryimage"},"thumbnailUrl":"https:\/\/i0.wp.com\/www.jazzzeitung.de\/cms\/wp-content\/uploads\/2025\/12\/kleinhenz1-scaled.jpg?fit=2560%2C1706&ssl=1","keywords":["25 Jahre Konzerte","Al Jones","Jubil\u00e4um","Kleinhenz","Konzertb\u00fchne","Pianob\u00fchne Oberthulba"],"articleSection":["News","Redaktionelle Nachrichten"],"inLanguage":"de","potentialAction":[{"@type":"CommentAction","name":"Comment","target":["https:\/\/www.jazzzeitung.de\/cms\/2025\/12\/piano-buehne-oberthulba-wird-25-konzert-mit-al-jones\/#respond"]}]},{"@type":"WebPage","@id":"https:\/\/www.jazzzeitung.de\/cms\/2025\/12\/piano-buehne-oberthulba-wird-25-konzert-mit-al-jones\/","url":"https:\/\/www.jazzzeitung.de\/cms\/2025\/12\/piano-buehne-oberthulba-wird-25-konzert-mit-al-jones\/","name":"Piano-B\u00fchne Oberthulba wird 25, Konzert mit Al Jones - JazzZeitung","isPartOf":{"@id":"https:\/\/www.jazzzeitung.de\/cms\/#website"},"primaryImageOfPage":{"@id":"https:\/\/www.jazzzeitung.de\/cms\/2025\/12\/piano-buehne-oberthulba-wird-25-konzert-mit-al-jones\/#primaryimage"},"image":{"@id":"https:\/\/www.jazzzeitung.de\/cms\/2025\/12\/piano-buehne-oberthulba-wird-25-konzert-mit-al-jones\/#primaryimage"},"thumbnailUrl":"https:\/\/i0.wp.com\/www.jazzzeitung.de\/cms\/wp-content\/uploads\/2025\/12\/kleinhenz1-scaled.jpg?fit=2560%2C1706&ssl=1","datePublished":"2025-12-15T11:46:50+00:00","breadcrumb":{"@id":"https:\/\/www.jazzzeitung.de\/cms\/2025\/12\/piano-buehne-oberthulba-wird-25-konzert-mit-al-jones\/#breadcrumb"},"inLanguage":"de","potentialAction":[{"@type":"ReadAction","target":["https:\/\/www.jazzzeitung.de\/cms\/2025\/12\/piano-buehne-oberthulba-wird-25-konzert-mit-al-jones\/"]}]},{"@type":"ImageObject","inLanguage":"de","@id":"https:\/\/www.jazzzeitung.de\/cms\/2025\/12\/piano-buehne-oberthulba-wird-25-konzert-mit-al-jones\/#primaryimage","url":"https:\/\/i0.wp.com\/www.jazzzeitung.de\/cms\/wp-content\/uploads\/2025\/12\/kleinhenz1-scaled.jpg?fit=2560%2C1706&ssl=1","contentUrl":"https:\/\/i0.wp.com\/www.jazzzeitung.de\/cms\/wp-content\/uploads\/2025\/12\/kleinhenz1-scaled.jpg?fit=2560%2C1706&ssl=1","width":2560,"height":1706},{"@type":"BreadcrumbList","@id":"https:\/\/www.jazzzeitung.de\/cms\/2025\/12\/piano-buehne-oberthulba-wird-25-konzert-mit-al-jones\/#breadcrumb","itemListElement":[{"@type":"ListItem","position":1,"name":"Startseite","item":"https:\/\/www.jazzzeitung.de\/cms\/"},{"@type":"ListItem","position":2,"name":"Piano-B\u00fchne Oberthulba wird 25, Konzert mit Al Jones"}]},{"@type":"WebSite","@id":"https:\/\/www.jazzzeitung.de\/cms\/#website","url":"https:\/\/www.jazzzeitung.de\/cms\/","name":"JazzZeitung","description":"Jazz-News und Jazz-Kontroverses","publisher":{"@id":"https:\/\/www.jazzzeitung.de\/cms\/#organization"},"potentialAction":[{"@type":"SearchAction","target":{"@type":"EntryPoint","urlTemplate":"https:\/\/www.jazzzeitung.de\/cms\/?s={search_term_string}"},"query-input":{"@type":"PropertyValueSpecification","valueRequired":true,"valueName":"search_term_string"}}],"inLanguage":"de"},{"@type":"Organization","@id":"https:\/\/www.jazzzeitung.de\/cms\/#organization","name":"JazzZeitung online","url":"https:\/\/www.jazzzeitung.de\/cms\/","logo":{"@type":"ImageObject","inLanguage":"de","@id":"https:\/\/www.jazzzeitung.de\/cms\/#\/schema\/logo\/image\/","url":"https:\/\/i0.wp.com\/www.jazzzeitung.de\/cms\/wp-content\/uploads\/2015\/08\/JAZZZEITUNGDE_Logo_Neu.png?fit=499%2C200&ssl=1","contentUrl":"https:\/\/i0.wp.com\/www.jazzzeitung.de\/cms\/wp-content\/uploads\/2015\/08\/JAZZZEITUNGDE_Logo_Neu.png?fit=499%2C200&ssl=1","width":499,"height":200,"caption":"JazzZeitung online"},"image":{"@id":"https:\/\/www.jazzzeitung.de\/cms\/#\/schema\/logo\/image\/"},"sameAs":["https:\/\/www.facebook.com\/JazzZeitung\/"]},{"@type":"Person","@id":"https:\/\/www.jazzzeitung.de\/cms\/#\/schema\/person\/2245b36b9cd1d24cea10f01c031fb92b","name":"Redaktion JazzZeitung","image":{"@type":"ImageObject","inLanguage":"de","@id":"https:\/\/i0.wp.com\/www.jazzzeitung.de\/cms\/wp-content\/uploads\/2015\/08\/JAZZZEITUNGDE_Logo_Neu.png?resize=96%2C96&ssl=159975dcacb611b5700bd619b5daf0a7a","url":"https:\/\/i0.wp.com\/www.jazzzeitung.de\/cms\/wp-content\/uploads\/2015\/08\/JAZZZEITUNGDE_Logo_Neu.png?resize=96%2C96&ssl=1","contentUrl":"https:\/\/i0.wp.com\/www.jazzzeitung.de\/cms\/wp-content\/uploads\/2015\/08\/JAZZZEITUNGDE_Logo_Neu.png?resize=96%2C96&ssl=1","caption":"Redaktion JazzZeitung"},"description":"Artikel der Redaktion der JazzZeitung.","sameAs":["http:\/\/www.jazzzeitung.de\/cms\/"],"url":"https:\/\/www.jazzzeitung.de\/cms\/author\/redaktion\/"}]}},"wp-worthy-pixel":{"ignored":false,"public":null,"server":null,"url":null},"wp-worthy-type":"normal","jetpack_publicize_connections":[],"cc_featured_image_caption":{"caption_text":"","source_text":"","source_url":""},"jetpack_featured_media_url":"https:\/\/i0.wp.com\/www.jazzzeitung.de\/cms\/wp-content\/uploads\/2025\/12\/kleinhenz1-scaled.jpg?fit=2560%2C1706&ssl=1","jetpack_shortlink":"https:\/\/wp.me\/p3KEcT-8HX","jetpack-related-posts":[{"id":31147,"url":"https:\/\/www.jazzzeitung.de\/cms\/2024\/06\/terrence-ngassa-willy-ketzer-trio-auf-piano-buehne-oberthulba\/","url_meta":{"origin":33477,"position":0},"title":"Terrence Ngassa &#038; Willy-Ketzer-Trio auf Piano-B\u00fchne Oberthulba","author":"Redaktion JazzZeitung","date":"5. Juni 2024","format":false,"excerpt":"(Pressemeldung) Am Mittwoch den 3. Juli 2024 ab 20 Uhr findet auf der Piano-B\u00fchne, 97723 Oberthulba wieder ein spektakul\u00e4res Konzert statt. Unter dem Titel \"Funky Louis Armstrong\" musizieren das Terrence Ngassa & Willy-Ketzer-Trio (ehem. Paul-Kuhn-Trio) in der Besetzung Terrence Ngassa (Vocals\/Trumpet), Jan Eschke (Piano), Jens Foltinovicz (Bass) und Willy Ketzer\u2026","rel":"","context":"In &quot;News&quot;","block_context":{"text":"News","link":"https:\/\/www.jazzzeitung.de\/cms\/thema\/nachrichten\/"},"img":{"alt_text":"","src":"https:\/\/i0.wp.com\/www.jazzzeitung.de\/cms\/wp-content\/uploads\/2024\/06\/ngassa-scaled.jpg?fit=1200%2C798&ssl=1&resize=350%2C200","width":350,"height":200,"srcset":"https:\/\/i0.wp.com\/www.jazzzeitung.de\/cms\/wp-content\/uploads\/2024\/06\/ngassa-scaled.jpg?fit=1200%2C798&ssl=1&resize=350%2C200 1x, https:\/\/i0.wp.com\/www.jazzzeitung.de\/cms\/wp-content\/uploads\/2024\/06\/ngassa-scaled.jpg?fit=1200%2C798&ssl=1&resize=525%2C300 1.5x, https:\/\/i0.wp.com\/www.jazzzeitung.de\/cms\/wp-content\/uploads\/2024\/06\/ngassa-scaled.jpg?fit=1200%2C798&ssl=1&resize=700%2C400 2x, https:\/\/i0.wp.com\/www.jazzzeitung.de\/cms\/wp-content\/uploads\/2024\/06\/ngassa-scaled.jpg?fit=1200%2C798&ssl=1&resize=1050%2C600 3x"},"classes":[]},{"id":7920,"url":"https:\/\/www.jazzzeitung.de\/cms\/2015\/12\/helge-schneider-rockte-die-piano-buehne-oberthulba\/","url_meta":{"origin":33477,"position":1},"title":"Helge Schneider rockte die Piano-B\u00fchne in Oberthulba","author":"Redaktion JazzZeitung","date":"9. Dezember 2015","format":false,"excerpt":"Ein Live-Bericht vom 2.12.2105 des Veranstalters Peter Kleinhenz - Aus Oberhausen vom Konzert am Vortag\u00a0durch viele Baustellen versp\u00e4tet angereist \u00fcberpr\u00fcfte Helge Schneider erst mal professionell den Fl\u00fcgel, die B\u00fchnenaufstellung und die Mikrofone des BR. Nach mehrfachen Tests wurde dann doch ein gr\u00f6\u00dferer Fl\u00fcgel, n\u00e4mlich ein Steinway D 274, auf die\u2026","rel":"","context":"In &quot;Bericht&quot;","block_context":{"text":"Bericht","link":"https:\/\/www.jazzzeitung.de\/cms\/thema\/bericht\/"},"img":{"alt_text":"SONY DSC","src":"https:\/\/i0.wp.com\/www.jazzzeitung.de\/cms\/wp-content\/uploads\/2015\/12\/DSC03037-150x150.jpg?resize=350%2C200","width":350,"height":200},"classes":[]},{"id":21670,"url":"https:\/\/www.jazzzeitung.de\/cms\/2020\/01\/news-dienstag-after-work-der-bmw-welt-jazz-award-2020-will-jacobs-in-oberthulba\/","url_meta":{"origin":33477,"position":2},"title":"+++ news +++ Dienstag after work: Der BMW Welt Jazz Award 2020 +++ Will Jacobs in Oberthulba +++","author":"Redaktion JazzZeitung","date":"14. Januar 2020","format":false,"excerpt":"+++ Dienstag after work: Der BMW Welt Jazz Award 2020 +++ Bereits zum 12. Mal findet dieses Jahr der BMW Welt Jazz Award statt: allerdings nicht l\u00e4nger Sonntagvormittag, sondern zwischen 14. Januar und 10. M\u00e4rz an sechs Dienstag-Abenden im Doppelkegel der BMW Welt. Die Veranstalter stellen in diesem Jahr alles\u2026","rel":"","context":"In &quot;News&quot;","block_context":{"text":"News","link":"https:\/\/www.jazzzeitung.de\/cms\/thema\/nachrichten\/"},"img":{"alt_text":"","src":"https:\/\/i0.wp.com\/www.jazzzeitung.de\/cms\/wp-content\/uploads\/2020\/01\/Maciej_Obara-04_12x18_300dpi_c_Pakzad.jpg?fit=1200%2C799&ssl=1&resize=350%2C200","width":350,"height":200,"srcset":"https:\/\/i0.wp.com\/www.jazzzeitung.de\/cms\/wp-content\/uploads\/2020\/01\/Maciej_Obara-04_12x18_300dpi_c_Pakzad.jpg?fit=1200%2C799&ssl=1&resize=350%2C200 1x, https:\/\/i0.wp.com\/www.jazzzeitung.de\/cms\/wp-content\/uploads\/2020\/01\/Maciej_Obara-04_12x18_300dpi_c_Pakzad.jpg?fit=1200%2C799&ssl=1&resize=525%2C300 1.5x, https:\/\/i0.wp.com\/www.jazzzeitung.de\/cms\/wp-content\/uploads\/2020\/01\/Maciej_Obara-04_12x18_300dpi_c_Pakzad.jpg?fit=1200%2C799&ssl=1&resize=700%2C400 2x, https:\/\/i0.wp.com\/www.jazzzeitung.de\/cms\/wp-content\/uploads\/2020\/01\/Maciej_Obara-04_12x18_300dpi_c_Pakzad.jpg?fit=1200%2C799&ssl=1&resize=1050%2C600 3x"},"classes":[]},{"id":29223,"url":"https:\/\/www.jazzzeitung.de\/cms\/2023\/03\/news-moers-festival-programm-mathias-bublath-in-oberthulba-jazz-april-in-berlins-gretchen\/","url_meta":{"origin":33477,"position":3},"title":"News: +++ moers festival Programm +++ Mathias Bublath in Oberthulba +++ Jazz-April in Berlins Gretchen +++","author":"Redaktion JazzZeitung","date":"20. M\u00e4rz 2023","format":false,"excerpt":"+++ Das moers festival hat sein 52. Programm vorgestellt +++ Am Pfingstwochenende (26. bis 29. Mai 2023) treten \u00fcber 250 K\u00fcnstler*innen aus 23 Nationen in Moers auf. Das Programm (K\u00fcnstlerische Leitung: Tim Isfort) ist, neben einigen davon losgel\u00f6sten Programmpunkten, um die Schlagworte \u201eAUFBRUCH\u201c, \u201e?AFRIKA\u201d, \u201eKYLWIRIA\u201d, \u201eWERT\u201d und \u201eBEFREIUNG\u201d konzipiert. Unter\u2026","rel":"","context":"In &quot;News&quot;","block_context":{"text":"News","link":"https:\/\/www.jazzzeitung.de\/cms\/thema\/nachrichten\/"},"img":{"alt_text":"","src":"https:\/\/i0.wp.com\/www.jazzzeitung.de\/cms\/wp-content\/uploads\/2023\/03\/Jeembaa-Groove_Credits-Jembaa-Groove2-klein-scaled.jpg?fit=1200%2C800&ssl=1&resize=350%2C200","width":350,"height":200,"srcset":"https:\/\/i0.wp.com\/www.jazzzeitung.de\/cms\/wp-content\/uploads\/2023\/03\/Jeembaa-Groove_Credits-Jembaa-Groove2-klein-scaled.jpg?fit=1200%2C800&ssl=1&resize=350%2C200 1x, https:\/\/i0.wp.com\/www.jazzzeitung.de\/cms\/wp-content\/uploads\/2023\/03\/Jeembaa-Groove_Credits-Jembaa-Groove2-klein-scaled.jpg?fit=1200%2C800&ssl=1&resize=525%2C300 1.5x, https:\/\/i0.wp.com\/www.jazzzeitung.de\/cms\/wp-content\/uploads\/2023\/03\/Jeembaa-Groove_Credits-Jembaa-Groove2-klein-scaled.jpg?fit=1200%2C800&ssl=1&resize=700%2C400 2x, https:\/\/i0.wp.com\/www.jazzzeitung.de\/cms\/wp-content\/uploads\/2023\/03\/Jeembaa-Groove_Credits-Jembaa-Groove2-klein-scaled.jpg?fit=1200%2C800&ssl=1&resize=1050%2C600 3x"},"classes":[]},{"id":8531,"url":"https:\/\/www.jazzzeitung.de\/cms\/2016\/02\/news-boogie-woogie-blues-piano-die-klaenge-der-anderen-neuer-deutscher-jazzpreis-mannheim-2016\/","url_meta":{"origin":33477,"position":4},"title":"+++ News +++ Boogie &#038; Woogie-Blues-Piano +++ Die Kl\u00e4nge der Anderen +++ Neuer Deutscher Jazzpreis Mannheim 2016 +++","author":"Redaktion JazzZeitung","date":"26. Februar 2016","format":false,"excerpt":"+++ Boogie & Woogie-Blues-Piano +++ Der Hamburger Axel Zwingenberger spielt am Freitag, den 11. M\u00e4rz 2016 Blues und Boogie & Woogie auf der Piano-B\u00fchne Oberthulba. Seit 2001 ist der aus Radio und TV bekannte Pianist Stammgast auf dieser B\u00fchne. Er trat unter anderem mit Llionel Hampton, Ray Briant, Charly Watts\u2026","rel":"","context":"In &quot;News&quot;","block_context":{"text":"News","link":"https:\/\/www.jazzzeitung.de\/cms\/thema\/nachrichten\/"},"img":{"alt_text":"","src":"https:\/\/i0.wp.com\/www.jazzzeitung.de\/cms\/wp-content\/uploads\/2016\/02\/Zwingenberger-300x200.jpg?resize=350%2C200","width":350,"height":200},"classes":[]},{"id":17135,"url":"https:\/\/www.jazzzeitung.de\/cms\/2018\/09\/news-will-jacobs-blues-band-spielen-auf-der-piano-buehne-kleinhenz\/","url_meta":{"origin":33477,"position":5},"title":"+++ News +++ Will Jacobs &#038; Blues-Band spielen auf der Piano-B\u00fchne Kleinhenz +++ 12. Deidesheimer Jazz-Wanderung +++ SWR Big Band mit Joo Kraus bei den Ehinger Jazztagen +++","author":"Redaktion JazzZeitung","date":"6. September 2018","format":false,"excerpt":"+++ Will Jacobs & Blues-Band spielen aufder Piano-B\u00fchne Kleinhenz +++ Immer wieder l\u00e4dt das Piano-Center Kleinhenz in Bad Kissingen\/Oberthulba zu Jazz-Konzerten auf der eigenen Piano-B\u00fchne ein. So spielten im aktuellen Jahr bereits unter anderen Adriano Prestel, Garry Wiggins und Will Jacobs inmitten des Fl\u00fcgelsortiments. Letzterer will es am 19. Oktober\u2026","rel":"","context":"In &quot;News&quot;","block_context":{"text":"News","link":"https:\/\/www.jazzzeitung.de\/cms\/thema\/nachrichten\/"},"img":{"alt_text":"","src":"https:\/\/i0.wp.com\/www.jazzzeitung.de\/cms\/wp-content\/uploads\/2018\/09\/36755002-1310726789059841-4253428575631310848-o.jpg?fit=1024%2C683&ssl=1&resize=350%2C200","width":350,"height":200,"srcset":"https:\/\/i0.wp.com\/www.jazzzeitung.de\/cms\/wp-content\/uploads\/2018\/09\/36755002-1310726789059841-4253428575631310848-o.jpg?fit=1024%2C683&ssl=1&resize=350%2C200 1x, https:\/\/i0.wp.com\/www.jazzzeitung.de\/cms\/wp-content\/uploads\/2018\/09\/36755002-1310726789059841-4253428575631310848-o.jpg?fit=1024%2C683&ssl=1&resize=525%2C300 1.5x, https:\/\/i0.wp.com\/www.jazzzeitung.de\/cms\/wp-content\/uploads\/2018\/09\/36755002-1310726789059841-4253428575631310848-o.jpg?fit=1024%2C683&ssl=1&resize=700%2C400 2x"},"classes":[]}],"jetpack_sharing_enabled":true,"_links":{"self":[{"href":"https:\/\/www.jazzzeitung.de\/cms\/wp-json\/wp\/v2\/posts\/33477","targetHints":{"allow":["GET"]}}],"collection":[{"href":"https:\/\/www.jazzzeitung.de\/cms\/wp-json\/wp\/v2\/posts"}],"about":[{"href":"https:\/\/www.jazzzeitung.de\/cms\/wp-json\/wp\/v2\/types\/post"}],"author":[{"embeddable":true,"href":"https:\/\/www.jazzzeitung.de\/cms\/wp-json\/wp\/v2\/users\/18"}],"replies":[{"embeddable":true,"href":"https:\/\/www.jazzzeitung.de\/cms\/wp-json\/wp\/v2\/comments?post=33477"}],"version-history":[{"count":1,"href":"https:\/\/www.jazzzeitung.de\/cms\/wp-json\/wp\/v2\/posts\/33477\/revisions"}],"predecessor-version":[{"id":33480,"href":"https:\/\/www.jazzzeitung.de\/cms\/wp-json\/wp\/v2\/posts\/33477\/revisions\/33480"}],"wp:featuredmedia":[{"embeddable":true,"href":"https:\/\/www.jazzzeitung.de\/cms\/wp-json\/wp\/v2\/media\/33478"}],"wp:attachment":[{"href":"https:\/\/www.jazzzeitung.de\/cms\/wp-json\/wp\/v2\/media?parent=33477"}],"wp:term":[{"taxonomy":"category","embeddable":true,"href":"https:\/\/www.jazzzeitung.de\/cms\/wp-json\/wp\/v2\/categories?post=33477"},{"taxonomy":"post_tag","embeddable":true,"href":"https:\/\/www.jazzzeitung.de\/cms\/wp-json\/wp\/v2\/tags?post=33477"},{"taxonomy":"author","embeddable":true,"href":"https:\/\/www.jazzzeitung.de\/cms\/wp-json\/wp\/v2\/coauthors?post=33477"}],"curies":[{"name":"wp","href":"https:\/\/api.w.org\/{rel}","templated":true}]}}