{"id":33470,"date":"2025-12-09T16:08:29","date_gmt":"2025-12-09T15:08:29","guid":{"rendered":"https:\/\/www.jazzzeitung.de\/cms\/?p=33470"},"modified":"2025-12-09T16:08:58","modified_gmt":"2025-12-09T15:08:58","slug":"john-wolf-brennan-von-nacht-i-gallen-und-anderen-tieren","status":"publish","type":"post","link":"https:\/\/www.jazzzeitung.de\/cms\/2025\/12\/john-wolf-brennan-von-nacht-i-gallen-und-anderen-tieren\/","title":{"rendered":"John Wolf Brennan &#8211; von Nacht I Gallen und anderen Tieren"},"content":{"rendered":"<p>Kein bisschen leise sagt man manchmal \u00fcber \u00c4ltere, die entgegen \u00e4u\u00dferer Erwartungen auch in h\u00f6herem Alter noch aktiv sind. Auf Musiker:innen und andere Kunstschaffende trifft dies fast immer zu. John Wolf Brennan, der irisch-schweizerische Pianist und Musikp\u00e4dagoge, macht da keine Ausnahme. Der Output des Komponisten und Improvisationsmusikers ist fast schon spektakul\u00e4r. Alleine in den letzten zwei Jahren sind es mehr als ein halbes Dutzend, insgesamt z\u00e4hlt sein Gesamtwerk \u00fcber 80 CDs\/Einspielungen. Aktuell geh\u00f6ren dazu Aufnahmen mit neuer Musik mit der Groupe Lacroix, mit weit gespanntem musikalischen Horizont mit den Pilgrims, mit dem Langzeitprojekt Pago Libre und gemischten Besetzungen.<\/p>\n<p>\u201eWild Card \u2013 Songs For A Farm\u201c ist nach dem erfrischend uncoolen 24er Album \u201eFriendShip \u2013 Riffs ahead!\u201c mit tausenderlei Zitaten der Pop- und Rockgeschichte j\u00fcngstes Pago-Libre-Werk und Album Nummer 83. Es ist das 15. Album des renommierten Jazz-Quartetts und musikalisch und von seiner Entstehung her etwas ziemlich Ausgefallenes.\u00a0 \u201eSongs From A Farm\u201c ist kein\u00a0 einfacher Gimmick, die Musik wurde tats\u00e4chlich auf einem Bauernhof eingespielt, was dem Album eine erdige Atmosph\u00e4re verleiht.<\/p>\n<h3>Wilde T\u00e4nze mit Kobolden<\/h3>\n<p>Tats\u00e4chlich regten H\u00fchner, Raben, Zwergziegen und Alpacas die Musikanten an und stachelten sie zu wilden T\u00e4nzen mit Kobolden, einschmeichelnd sch\u00f6nen Melodien, verzwickten rhythmischen Eskapaden und einer seltsamen Meditation an. \u201eYogi Riding a Bicycle on Top of a Hill\u201c l\u00e4sst einen \u00fcber wenigen Klaviert\u00f6nen und auf den zarten Kl\u00e4ngen der Geige Florian Mayers und einem malerischen Fl\u00fcgelhorn in eine kontemplative Stimmung gleiten, aus der man nach viereinhalb Minuten geradezu fallen gelassen wird.<\/p>\n<p>Zum Gl\u00fcck f\u00e4ngt einen der geheimnisvolle langsame Walzer \u201eGoldseeli\u201c wenig sp\u00e4ter auf, nur um anschlie\u00dfend mit \u201e3&#215;7=21+9=30\u201c eine volksmusikalische Stolperfalle einzubauen, in die man unbedarft hineintappt. V\u00f6llig verwirrend um nicht zu sagen durchgedreht wird des mit \u201eSisponysynopsis\u201c. Der dreimin\u00fctige Dreher-Walzer-Tango-Irgendwas verdient es weit eher als versteckter Hinweis auf berauschende Mittel gelesen \u2013 und nat\u00fcrlich geh\u00f6rt \u2013 zu werden, als es dem Beatles-Song \u201eLucy in the Sky with Diamonds\u201c hartn\u00e4ckig an den Fersen hing.<\/p>\n<h3>Grenzensprengend<\/h3>\n<p>\u201eWild Card\u201c ist wie von Brennan und Pago Libre erwartbar ein grenzensprengendes Album voller Leichtigkeit, Charme und gleichzeitig tiefer Ernsthaftigkeit. Gespeist durch die kulturellen Wurzeln und Hintergr\u00fcnde der Vier (Deutschland, Russland, Irland, Schweiz) ist wieder eine erfrischende Mischung aus kammermusikalisch klangvollem Jazz und experimentierfreudigem Spielwitz zwischen Komposition und Improvisation entstanden.<\/p>\n<p>Mit zur H\u00e4lfte gleicher Besetzung, Brennan und Shilkloper, erweitert um die zwei Vokalisten\/S\u00e4nger Marcello Wick und Christian Zehnder, bleibt auch das Album \u201eNight in Gale\u201c zumindest \u00e4u\u00dferlich der Natur verhaftet. Letztlich bieten nat\u00fcrlich die beiden \u201eNachtigallen\u201c weniger Naturklang, als vielmehr hinrei\u00dfend kunstvolle Stimmakrobatik vom Obertongesang bis zum fr\u00f6hlichen folkloristischen Jodeln. F\u00fcr die beiden Instrumentalisten ist es die erste Aufnahme als Duo. Vor allem improvisierte St\u00fccke lassen eine fast symbiotische Verbindung zwischen ihnen erkennen. Seltsame Instrumente wie das Alperidoo, ein modifiziertes Alphorn, Tamburopia und Mini-Moog tragen zum\u00a0 \u00fcberraschend vielgestaltigen Sound bei.<\/p>\n<h3>Vergn\u00fcgliche Geschichten<\/h3>\n<p>Vergn\u00fcglich die Geschichten, die sich mit einigen St\u00fccken verbinden.\u00a0 So befasst sich \u201eT\u00fc-da-do\u201c in 49 starken, witzigen und heiteren Variationen mit dem allen SchweizerInnen gel\u00e4ufigen Dreiklang des Horns der schweizerischen Postautos. Ein wilder 13\/8tel Takt ist mit \u201eF\u00f6hnsturm\u201c den warmen Fallwinden an den Alpen gewidmet. Die von diesen Winden h\u00e4ufig ausgel\u00f6ste Konfusion setzt Wick lautmalerisch ganz k\u00f6stlich in Szene. Geradezu and\u00e4chtig wird es mit Shilklopers \u201eA Valley Tale &#8211; Alpine Story\u201c, wenn Stimme und Horn sich in fl\u00e4chigen Sounds \u00fcberlagern und durchdringen. Nach der H\u00e4lfte nimmt der Song auch rhythmisch Fahrt auf und leitet mit langem Nachhall zu einer verr\u00fcckten Nummer Zehnders \u00fcber. \u201eStr\u00e4ng 7er\u201c beruht auf einem alten archaisch anmutenden Yodel aus der Innerschweiz.<\/p>\n<p>In Zehnders Interpretation entwickelt es im Dialog mit Shilklopers Gebl\u00e4se eine magische Kraft. Endend mit dem eindringlichen \u201eLullaby \u2013 Pastille Kalimba\u201c und dem reichlich schr\u00e4gen \u201eNeozoen \u2013 A Palimdromatic Synopsis\u201c zwischen mystischem Kehlkopfgesang, Yodelfetzen und Alphornflehen hilft alles Warten nichts \u2013 man muss wieder von vorne anfangen und sich in diesem Kosmos vertiefen.<\/p>\n<p>Michael Scheiner<\/p>\n<p><img data-recalc-dims=\"1\" loading=\"lazy\" decoding=\"async\" data-attachment-id=\"33471\" data-permalink=\"https:\/\/www.jazzzeitung.de\/cms\/2025\/12\/john-wolf-brennan-von-nacht-i-gallen-und-anderen-tieren\/cover-15\/\" data-orig-file=\"https:\/\/i0.wp.com\/www.jazzzeitung.de\/cms\/wp-content\/uploads\/2025\/12\/cover.jpg?fit=772%2C651&amp;ssl=1\" data-orig-size=\"772,651\" data-comments-opened=\"1\" data-image-meta=\"{&quot;aperture&quot;:&quot;0&quot;,&quot;credit&quot;:&quot;&quot;,&quot;camera&quot;:&quot;&quot;,&quot;caption&quot;:&quot;&quot;,&quot;created_timestamp&quot;:&quot;0&quot;,&quot;copyright&quot;:&quot;&quot;,&quot;focal_length&quot;:&quot;0&quot;,&quot;iso&quot;:&quot;0&quot;,&quot;shutter_speed&quot;:&quot;0&quot;,&quot;title&quot;:&quot;&quot;,&quot;orientation&quot;:&quot;0&quot;}\" data-image-title=\"cover\" data-image-description=\"\" data-image-caption=\"\" data-large-file=\"https:\/\/i0.wp.com\/www.jazzzeitung.de\/cms\/wp-content\/uploads\/2025\/12\/cover.jpg?fit=712%2C600&amp;ssl=1\" class=\"alignleft size-medium wp-image-33471\" src=\"https:\/\/i0.wp.com\/www.jazzzeitung.de\/cms\/wp-content\/uploads\/2025\/12\/cover.jpg?resize=300%2C253&#038;ssl=1\" alt=\"\" width=\"300\" height=\"253\" srcset=\"https:\/\/i0.wp.com\/www.jazzzeitung.de\/cms\/wp-content\/uploads\/2025\/12\/cover.jpg?resize=300%2C253&amp;ssl=1 300w, https:\/\/i0.wp.com\/www.jazzzeitung.de\/cms\/wp-content\/uploads\/2025\/12\/cover.jpg?resize=712%2C600&amp;ssl=1 712w, https:\/\/i0.wp.com\/www.jazzzeitung.de\/cms\/wp-content\/uploads\/2025\/12\/cover.jpg?resize=768%2C648&amp;ssl=1 768w, https:\/\/i0.wp.com\/www.jazzzeitung.de\/cms\/wp-content\/uploads\/2025\/12\/cover.jpg?w=772&amp;ssl=1 772w\" sizes=\"auto, (max-width: 300px) 100vw, 300px\" \/><\/p>\n<p><em>Wild Card, Leo Records LR 945, 2025<\/em><\/p>\n<p><em>John Wolf Brennan, Piano\/Melodica<br \/>\nArkady Shilkloper, Horn\/Fl\u00fcgelhorn<br \/>\nFlorian Mayer, Violine<br \/>\nRaetus Flisch, Kontrabass<\/em><\/p>\n<p><em>\u00a0<\/em><\/p>\n<p><em>Night In Gale, Leo Records LR 944, 2025<\/em><\/p>\n<p><em>John Wolf Brennan, Piano\/Melodica, Kalimba, Aeropiano u.a.<br \/>\nArkady Shilkloper, Horn\/Fl\u00fcgelhorn, Alphorn<br \/>\nChristian Zehnder \u2013 voice, overtone singing, global yodeling, mini-moog<\/em><\/p>\n<p><em>Marcello Wick \u2013 voice, overtone and throat singing, natural yodeling <\/em><\/p>\n<p><em>\u00a0<\/em><\/p>\n","protected":false},"excerpt":{"rendered":"<p>Kein bisschen leise sagt man manchmal \u00fcber \u00c4ltere, die entgegen \u00e4u\u00dferer Erwartungen auch in h\u00f6herem Alter noch aktiv sind. Auf Musiker:innen und andere Kunstschaffende trifft dies fast immer zu. John Wolf Brennan, der irisch-schweizerische Pianist und Musikp\u00e4dagoge, macht da keine Ausnahme. Der Output des Komponisten und Improvisationsmusikers ist fast schon spektakul\u00e4r. Alleine in den letzten zwei Jahren sind es mehr als ein halbes Dutzend, insgesamt z\u00e4hlt sein Gesamtwerk \u00fcber 80 CDs\/Einspielungen. Aktuell geh\u00f6ren dazu Aufnahmen mit neuer Musik mit der Groupe Lacroix, mit weit gespanntem musikalischen Horizont mit den Pilgrims, mit dem Langzeitprojekt Pago Libre und gemischten Besetzungen. \u201eWild Card \u2013 Songs For A Farm\u201c ist nach dem erfrischend uncoolen 24er Album \u201eFriendShip \u2013 Riffs ahead!\u201c mit tausenderlei Zitaten der Pop- und Rockgeschichte j\u00fcngstes Pago-Libre-Werk und Album Nummer 83. Es ist das 15. Album des renommierten Jazz-Quartetts und musikalisch und von seiner Entstehung her etwas ziemlich Ausgefallenes.\u00a0 \u201eSongs From A Farm\u201c ist kein\u00a0 einfacher Gimmick, die Musik wurde tats\u00e4chlich auf einem Bauernhof eingespielt, was dem Album eine erdige Atmosph\u00e4re verleiht. Wilde T\u00e4nze mit Kobolden Tats\u00e4chlich regten H\u00fchner, Raben, Zwergziegen und Alpacas die Musikanten an und &hellip;<\/p>\n","protected":false},"author":37,"featured_media":33472,"comment_status":"open","ping_status":"closed","sticky":false,"template":"","format":"standard","meta":{"_jetpack_memberships_contains_paid_content":false,"footnotes":"","jetpack_publicize_message":"","jetpack_publicize_feature_enabled":true,"jetpack_social_post_already_shared":true,"jetpack_social_options":{"image_generator_settings":{"template":"highway","default_image_id":0,"font":"","enabled":false},"version":2}},"categories":[1152],"tags":[109,3460,387,5740,5739],"coauthors":[1765],"class_list":["post-33470","post","type-post","status-publish","format-standard","has-post-thumbnail","hentry","category-rezension","tag-cd","tag-john-wolf-brennan","tag-michael-scheiner","tag-night-in-gale","tag-nightingale"],"yoast_head":"<!-- This site is optimized with the Yoast SEO plugin v27.4 - https:\/\/yoast.com\/product\/yoast-seo-wordpress\/ -->\n<title>John Wolf Brennan - von Nacht I Gallen und anderen Tieren - JazzZeitung<\/title>\n<meta name=\"robots\" content=\"index, follow, max-snippet:-1, max-image-preview:large, max-video-preview:-1\" \/>\n<link rel=\"canonical\" href=\"https:\/\/www.jazzzeitung.de\/cms\/2025\/12\/john-wolf-brennan-von-nacht-i-gallen-und-anderen-tieren\/\" \/>\n<meta property=\"og:locale\" content=\"de_DE\" \/>\n<meta property=\"og:type\" content=\"article\" \/>\n<meta property=\"og:title\" content=\"John Wolf Brennan - von Nacht I Gallen und anderen Tieren - JazzZeitung\" \/>\n<meta property=\"og:description\" content=\"Kein bisschen leise sagt man manchmal \u00fcber \u00c4ltere, die entgegen \u00e4u\u00dferer Erwartungen auch in h\u00f6herem Alter noch aktiv sind. Auf Musiker:innen und andere Kunstschaffende trifft dies fast immer zu. John Wolf Brennan, der irisch-schweizerische Pianist und Musikp\u00e4dagoge, macht da keine Ausnahme. Der Output des Komponisten und Improvisationsmusikers ist fast schon spektakul\u00e4r. Alleine in den letzten zwei Jahren sind es mehr als ein halbes Dutzend, insgesamt z\u00e4hlt sein Gesamtwerk \u00fcber 80 CDs\/Einspielungen. Aktuell geh\u00f6ren dazu Aufnahmen mit neuer Musik mit der Groupe Lacroix, mit weit gespanntem musikalischen Horizont mit den Pilgrims, mit dem Langzeitprojekt Pago Libre und gemischten Besetzungen. \u201eWild Card \u2013 Songs For A Farm\u201c ist nach dem erfrischend uncoolen 24er Album \u201eFriendShip \u2013 Riffs ahead!\u201c mit tausenderlei Zitaten der Pop- und Rockgeschichte j\u00fcngstes Pago-Libre-Werk und Album Nummer 83. Es ist das 15. Album des renommierten Jazz-Quartetts und musikalisch und von seiner Entstehung her etwas ziemlich Ausgefallenes.\u00a0 \u201eSongs From A Farm\u201c ist kein\u00a0 einfacher Gimmick, die Musik wurde tats\u00e4chlich auf einem Bauernhof eingespielt, was dem Album eine erdige Atmosph\u00e4re verleiht. Wilde T\u00e4nze mit Kobolden Tats\u00e4chlich regten H\u00fchner, Raben, Zwergziegen und Alpacas die Musikanten an und &hellip;\" \/>\n<meta property=\"og:url\" content=\"https:\/\/www.jazzzeitung.de\/cms\/2025\/12\/john-wolf-brennan-von-nacht-i-gallen-und-anderen-tieren\/\" \/>\n<meta property=\"og:site_name\" content=\"JazzZeitung\" \/>\n<meta property=\"article:publisher\" content=\"https:\/\/www.facebook.com\/JazzZeitung\/\" \/>\n<meta property=\"article:published_time\" content=\"2025-12-09T15:08:29+00:00\" \/>\n<meta property=\"article:modified_time\" content=\"2025-12-09T15:08:58+00:00\" \/>\n<meta property=\"og:image\" content=\"https:\/\/www.jazzzeitung.de\/cms\/wp-content\/uploads\/2025\/12\/titel.jpg\" \/>\n\t<meta property=\"og:image:width\" content=\"721\" \/>\n\t<meta property=\"og:image:height\" content=\"452\" \/>\n\t<meta property=\"og:image:type\" content=\"image\/jpeg\" \/>\n<meta name=\"author\" content=\"Michael Scheiner\" \/>\n<script type=\"application\/ld+json\" class=\"yoast-schema-graph\">{\"@context\":\"https:\\\/\\\/schema.org\",\"@graph\":[{\"@type\":\"Article\",\"@id\":\"https:\\\/\\\/www.jazzzeitung.de\\\/cms\\\/2025\\\/12\\\/john-wolf-brennan-von-nacht-i-gallen-und-anderen-tieren\\\/#article\",\"isPartOf\":{\"@id\":\"https:\\\/\\\/www.jazzzeitung.de\\\/cms\\\/2025\\\/12\\\/john-wolf-brennan-von-nacht-i-gallen-und-anderen-tieren\\\/\"},\"author\":{\"name\":\"Michael Scheiner\",\"@id\":\"https:\\\/\\\/www.jazzzeitung.de\\\/cms\\\/#\\\/schema\\\/person\\\/a0bebd4d1728041629a3cbd7790f87fb\"},\"headline\":\"John Wolf Brennan &#8211; von Nacht I Gallen und anderen Tieren\",\"datePublished\":\"2025-12-09T15:08:29+00:00\",\"dateModified\":\"2025-12-09T15:08:58+00:00\",\"mainEntityOfPage\":{\"@id\":\"https:\\\/\\\/www.jazzzeitung.de\\\/cms\\\/2025\\\/12\\\/john-wolf-brennan-von-nacht-i-gallen-und-anderen-tieren\\\/\"},\"wordCount\":745,\"commentCount\":0,\"publisher\":{\"@id\":\"https:\\\/\\\/www.jazzzeitung.de\\\/cms\\\/#organization\"},\"image\":{\"@id\":\"https:\\\/\\\/www.jazzzeitung.de\\\/cms\\\/2025\\\/12\\\/john-wolf-brennan-von-nacht-i-gallen-und-anderen-tieren\\\/#primaryimage\"},\"thumbnailUrl\":\"https:\\\/\\\/i0.wp.com\\\/www.jazzzeitung.de\\\/cms\\\/wp-content\\\/uploads\\\/2025\\\/12\\\/titel.jpg?fit=721%2C452&ssl=1\",\"keywords\":[\"CD\",\"John Wolf Brennan\",\"Michael Scheiner\",\"Night In Gale\",\"Nightingale\"],\"articleSection\":[\"Rezension\"],\"inLanguage\":\"de\",\"potentialAction\":[{\"@type\":\"CommentAction\",\"name\":\"Comment\",\"target\":[\"https:\\\/\\\/www.jazzzeitung.de\\\/cms\\\/2025\\\/12\\\/john-wolf-brennan-von-nacht-i-gallen-und-anderen-tieren\\\/#respond\"]}]},{\"@type\":\"WebPage\",\"@id\":\"https:\\\/\\\/www.jazzzeitung.de\\\/cms\\\/2025\\\/12\\\/john-wolf-brennan-von-nacht-i-gallen-und-anderen-tieren\\\/\",\"url\":\"https:\\\/\\\/www.jazzzeitung.de\\\/cms\\\/2025\\\/12\\\/john-wolf-brennan-von-nacht-i-gallen-und-anderen-tieren\\\/\",\"name\":\"John Wolf Brennan - von Nacht I Gallen und anderen Tieren - JazzZeitung\",\"isPartOf\":{\"@id\":\"https:\\\/\\\/www.jazzzeitung.de\\\/cms\\\/#website\"},\"primaryImageOfPage\":{\"@id\":\"https:\\\/\\\/www.jazzzeitung.de\\\/cms\\\/2025\\\/12\\\/john-wolf-brennan-von-nacht-i-gallen-und-anderen-tieren\\\/#primaryimage\"},\"image\":{\"@id\":\"https:\\\/\\\/www.jazzzeitung.de\\\/cms\\\/2025\\\/12\\\/john-wolf-brennan-von-nacht-i-gallen-und-anderen-tieren\\\/#primaryimage\"},\"thumbnailUrl\":\"https:\\\/\\\/i0.wp.com\\\/www.jazzzeitung.de\\\/cms\\\/wp-content\\\/uploads\\\/2025\\\/12\\\/titel.jpg?fit=721%2C452&ssl=1\",\"datePublished\":\"2025-12-09T15:08:29+00:00\",\"dateModified\":\"2025-12-09T15:08:58+00:00\",\"breadcrumb\":{\"@id\":\"https:\\\/\\\/www.jazzzeitung.de\\\/cms\\\/2025\\\/12\\\/john-wolf-brennan-von-nacht-i-gallen-und-anderen-tieren\\\/#breadcrumb\"},\"inLanguage\":\"de\",\"potentialAction\":[{\"@type\":\"ReadAction\",\"target\":[\"https:\\\/\\\/www.jazzzeitung.de\\\/cms\\\/2025\\\/12\\\/john-wolf-brennan-von-nacht-i-gallen-und-anderen-tieren\\\/\"]}]},{\"@type\":\"ImageObject\",\"inLanguage\":\"de\",\"@id\":\"https:\\\/\\\/www.jazzzeitung.de\\\/cms\\\/2025\\\/12\\\/john-wolf-brennan-von-nacht-i-gallen-und-anderen-tieren\\\/#primaryimage\",\"url\":\"https:\\\/\\\/i0.wp.com\\\/www.jazzzeitung.de\\\/cms\\\/wp-content\\\/uploads\\\/2025\\\/12\\\/titel.jpg?fit=721%2C452&ssl=1\",\"contentUrl\":\"https:\\\/\\\/i0.wp.com\\\/www.jazzzeitung.de\\\/cms\\\/wp-content\\\/uploads\\\/2025\\\/12\\\/titel.jpg?fit=721%2C452&ssl=1\",\"width\":721,\"height\":452},{\"@type\":\"BreadcrumbList\",\"@id\":\"https:\\\/\\\/www.jazzzeitung.de\\\/cms\\\/2025\\\/12\\\/john-wolf-brennan-von-nacht-i-gallen-und-anderen-tieren\\\/#breadcrumb\",\"itemListElement\":[{\"@type\":\"ListItem\",\"position\":1,\"name\":\"Startseite\",\"item\":\"https:\\\/\\\/www.jazzzeitung.de\\\/cms\\\/\"},{\"@type\":\"ListItem\",\"position\":2,\"name\":\"John Wolf Brennan &#8211; von Nacht I Gallen und anderen Tieren\"}]},{\"@type\":\"WebSite\",\"@id\":\"https:\\\/\\\/www.jazzzeitung.de\\\/cms\\\/#website\",\"url\":\"https:\\\/\\\/www.jazzzeitung.de\\\/cms\\\/\",\"name\":\"JazzZeitung\",\"description\":\"Jazz-News und Jazz-Kontroverses\",\"publisher\":{\"@id\":\"https:\\\/\\\/www.jazzzeitung.de\\\/cms\\\/#organization\"},\"potentialAction\":[{\"@type\":\"SearchAction\",\"target\":{\"@type\":\"EntryPoint\",\"urlTemplate\":\"https:\\\/\\\/www.jazzzeitung.de\\\/cms\\\/?s={search_term_string}\"},\"query-input\":{\"@type\":\"PropertyValueSpecification\",\"valueRequired\":true,\"valueName\":\"search_term_string\"}}],\"inLanguage\":\"de\"},{\"@type\":\"Organization\",\"@id\":\"https:\\\/\\\/www.jazzzeitung.de\\\/cms\\\/#organization\",\"name\":\"JazzZeitung online\",\"url\":\"https:\\\/\\\/www.jazzzeitung.de\\\/cms\\\/\",\"logo\":{\"@type\":\"ImageObject\",\"inLanguage\":\"de\",\"@id\":\"https:\\\/\\\/www.jazzzeitung.de\\\/cms\\\/#\\\/schema\\\/logo\\\/image\\\/\",\"url\":\"https:\\\/\\\/i0.wp.com\\\/www.jazzzeitung.de\\\/cms\\\/wp-content\\\/uploads\\\/2015\\\/08\\\/JAZZZEITUNGDE_Logo_Neu.png?fit=499%2C200&ssl=1\",\"contentUrl\":\"https:\\\/\\\/i0.wp.com\\\/www.jazzzeitung.de\\\/cms\\\/wp-content\\\/uploads\\\/2015\\\/08\\\/JAZZZEITUNGDE_Logo_Neu.png?fit=499%2C200&ssl=1\",\"width\":499,\"height\":200,\"caption\":\"JazzZeitung online\"},\"image\":{\"@id\":\"https:\\\/\\\/www.jazzzeitung.de\\\/cms\\\/#\\\/schema\\\/logo\\\/image\\\/\"},\"sameAs\":[\"https:\\\/\\\/www.facebook.com\\\/JazzZeitung\\\/\"]},{\"@type\":\"Person\",\"@id\":\"https:\\\/\\\/www.jazzzeitung.de\\\/cms\\\/#\\\/schema\\\/person\\\/a0bebd4d1728041629a3cbd7790f87fb\",\"name\":\"Michael Scheiner\",\"image\":{\"@type\":\"ImageObject\",\"inLanguage\":\"de\",\"@id\":\"https:\\\/\\\/secure.gravatar.com\\\/avatar\\\/c2d6ac12f682c419867cf3f803880bb41d5b23007d3670820aa9a6e7b5f6ec8d?s=96&d=wp_user_avatar&r=gdabb1b10453880983dfc53da7552ec76\",\"url\":\"https:\\\/\\\/secure.gravatar.com\\\/avatar\\\/c2d6ac12f682c419867cf3f803880bb41d5b23007d3670820aa9a6e7b5f6ec8d?s=96&d=wp_user_avatar&r=g\",\"contentUrl\":\"https:\\\/\\\/secure.gravatar.com\\\/avatar\\\/c2d6ac12f682c419867cf3f803880bb41d5b23007d3670820aa9a6e7b5f6ec8d?s=96&d=wp_user_avatar&r=g\",\"caption\":\"Michael Scheiner\"},\"sameAs\":[\"http:\\\/\\\/www.michaelscheiner.de\"],\"url\":\"https:\\\/\\\/www.jazzzeitung.de\\\/cms\\\/author\\\/mscheiner\\\/\"}]}<\/script>\n<!-- \/ Yoast SEO plugin. -->","yoast_head_json":{"title":"John Wolf Brennan - von Nacht I Gallen und anderen Tieren - JazzZeitung","robots":{"index":"index","follow":"follow","max-snippet":"max-snippet:-1","max-image-preview":"max-image-preview:large","max-video-preview":"max-video-preview:-1"},"canonical":"https:\/\/www.jazzzeitung.de\/cms\/2025\/12\/john-wolf-brennan-von-nacht-i-gallen-und-anderen-tieren\/","og_locale":"de_DE","og_type":"article","og_title":"John Wolf Brennan - von Nacht I Gallen und anderen Tieren - JazzZeitung","og_description":"Kein bisschen leise sagt man manchmal \u00fcber \u00c4ltere, die entgegen \u00e4u\u00dferer Erwartungen auch in h\u00f6herem Alter noch aktiv sind. Auf Musiker:innen und andere Kunstschaffende trifft dies fast immer zu. John Wolf Brennan, der irisch-schweizerische Pianist und Musikp\u00e4dagoge, macht da keine Ausnahme. Der Output des Komponisten und Improvisationsmusikers ist fast schon spektakul\u00e4r. Alleine in den letzten zwei Jahren sind es mehr als ein halbes Dutzend, insgesamt z\u00e4hlt sein Gesamtwerk \u00fcber 80 CDs\/Einspielungen. Aktuell geh\u00f6ren dazu Aufnahmen mit neuer Musik mit der Groupe Lacroix, mit weit gespanntem musikalischen Horizont mit den Pilgrims, mit dem Langzeitprojekt Pago Libre und gemischten Besetzungen. \u201eWild Card \u2013 Songs For A Farm\u201c ist nach dem erfrischend uncoolen 24er Album \u201eFriendShip \u2013 Riffs ahead!\u201c mit tausenderlei Zitaten der Pop- und Rockgeschichte j\u00fcngstes Pago-Libre-Werk und Album Nummer 83. Es ist das 15. Album des renommierten Jazz-Quartetts und musikalisch und von seiner Entstehung her etwas ziemlich Ausgefallenes.\u00a0 \u201eSongs From A Farm\u201c ist kein\u00a0 einfacher Gimmick, die Musik wurde tats\u00e4chlich auf einem Bauernhof eingespielt, was dem Album eine erdige Atmosph\u00e4re verleiht. Wilde T\u00e4nze mit Kobolden Tats\u00e4chlich regten H\u00fchner, Raben, Zwergziegen und Alpacas die Musikanten an und &hellip;","og_url":"https:\/\/www.jazzzeitung.de\/cms\/2025\/12\/john-wolf-brennan-von-nacht-i-gallen-und-anderen-tieren\/","og_site_name":"JazzZeitung","article_publisher":"https:\/\/www.facebook.com\/JazzZeitung\/","article_published_time":"2025-12-09T15:08:29+00:00","article_modified_time":"2025-12-09T15:08:58+00:00","og_image":[{"width":721,"height":452,"url":"https:\/\/www.jazzzeitung.de\/cms\/wp-content\/uploads\/2025\/12\/titel.jpg","type":"image\/jpeg"}],"author":"Michael Scheiner","schema":{"@context":"https:\/\/schema.org","@graph":[{"@type":"Article","@id":"https:\/\/www.jazzzeitung.de\/cms\/2025\/12\/john-wolf-brennan-von-nacht-i-gallen-und-anderen-tieren\/#article","isPartOf":{"@id":"https:\/\/www.jazzzeitung.de\/cms\/2025\/12\/john-wolf-brennan-von-nacht-i-gallen-und-anderen-tieren\/"},"author":{"name":"Michael Scheiner","@id":"https:\/\/www.jazzzeitung.de\/cms\/#\/schema\/person\/a0bebd4d1728041629a3cbd7790f87fb"},"headline":"John Wolf Brennan &#8211; von Nacht I Gallen und anderen Tieren","datePublished":"2025-12-09T15:08:29+00:00","dateModified":"2025-12-09T15:08:58+00:00","mainEntityOfPage":{"@id":"https:\/\/www.jazzzeitung.de\/cms\/2025\/12\/john-wolf-brennan-von-nacht-i-gallen-und-anderen-tieren\/"},"wordCount":745,"commentCount":0,"publisher":{"@id":"https:\/\/www.jazzzeitung.de\/cms\/#organization"},"image":{"@id":"https:\/\/www.jazzzeitung.de\/cms\/2025\/12\/john-wolf-brennan-von-nacht-i-gallen-und-anderen-tieren\/#primaryimage"},"thumbnailUrl":"https:\/\/i0.wp.com\/www.jazzzeitung.de\/cms\/wp-content\/uploads\/2025\/12\/titel.jpg?fit=721%2C452&ssl=1","keywords":["CD","John Wolf Brennan","Michael Scheiner","Night In Gale","Nightingale"],"articleSection":["Rezension"],"inLanguage":"de","potentialAction":[{"@type":"CommentAction","name":"Comment","target":["https:\/\/www.jazzzeitung.de\/cms\/2025\/12\/john-wolf-brennan-von-nacht-i-gallen-und-anderen-tieren\/#respond"]}]},{"@type":"WebPage","@id":"https:\/\/www.jazzzeitung.de\/cms\/2025\/12\/john-wolf-brennan-von-nacht-i-gallen-und-anderen-tieren\/","url":"https:\/\/www.jazzzeitung.de\/cms\/2025\/12\/john-wolf-brennan-von-nacht-i-gallen-und-anderen-tieren\/","name":"John Wolf Brennan - von Nacht I Gallen und anderen Tieren - JazzZeitung","isPartOf":{"@id":"https:\/\/www.jazzzeitung.de\/cms\/#website"},"primaryImageOfPage":{"@id":"https:\/\/www.jazzzeitung.de\/cms\/2025\/12\/john-wolf-brennan-von-nacht-i-gallen-und-anderen-tieren\/#primaryimage"},"image":{"@id":"https:\/\/www.jazzzeitung.de\/cms\/2025\/12\/john-wolf-brennan-von-nacht-i-gallen-und-anderen-tieren\/#primaryimage"},"thumbnailUrl":"https:\/\/i0.wp.com\/www.jazzzeitung.de\/cms\/wp-content\/uploads\/2025\/12\/titel.jpg?fit=721%2C452&ssl=1","datePublished":"2025-12-09T15:08:29+00:00","dateModified":"2025-12-09T15:08:58+00:00","breadcrumb":{"@id":"https:\/\/www.jazzzeitung.de\/cms\/2025\/12\/john-wolf-brennan-von-nacht-i-gallen-und-anderen-tieren\/#breadcrumb"},"inLanguage":"de","potentialAction":[{"@type":"ReadAction","target":["https:\/\/www.jazzzeitung.de\/cms\/2025\/12\/john-wolf-brennan-von-nacht-i-gallen-und-anderen-tieren\/"]}]},{"@type":"ImageObject","inLanguage":"de","@id":"https:\/\/www.jazzzeitung.de\/cms\/2025\/12\/john-wolf-brennan-von-nacht-i-gallen-und-anderen-tieren\/#primaryimage","url":"https:\/\/i0.wp.com\/www.jazzzeitung.de\/cms\/wp-content\/uploads\/2025\/12\/titel.jpg?fit=721%2C452&ssl=1","contentUrl":"https:\/\/i0.wp.com\/www.jazzzeitung.de\/cms\/wp-content\/uploads\/2025\/12\/titel.jpg?fit=721%2C452&ssl=1","width":721,"height":452},{"@type":"BreadcrumbList","@id":"https:\/\/www.jazzzeitung.de\/cms\/2025\/12\/john-wolf-brennan-von-nacht-i-gallen-und-anderen-tieren\/#breadcrumb","itemListElement":[{"@type":"ListItem","position":1,"name":"Startseite","item":"https:\/\/www.jazzzeitung.de\/cms\/"},{"@type":"ListItem","position":2,"name":"John Wolf Brennan &#8211; von Nacht I Gallen und anderen Tieren"}]},{"@type":"WebSite","@id":"https:\/\/www.jazzzeitung.de\/cms\/#website","url":"https:\/\/www.jazzzeitung.de\/cms\/","name":"JazzZeitung","description":"Jazz-News und Jazz-Kontroverses","publisher":{"@id":"https:\/\/www.jazzzeitung.de\/cms\/#organization"},"potentialAction":[{"@type":"SearchAction","target":{"@type":"EntryPoint","urlTemplate":"https:\/\/www.jazzzeitung.de\/cms\/?s={search_term_string}"},"query-input":{"@type":"PropertyValueSpecification","valueRequired":true,"valueName":"search_term_string"}}],"inLanguage":"de"},{"@type":"Organization","@id":"https:\/\/www.jazzzeitung.de\/cms\/#organization","name":"JazzZeitung online","url":"https:\/\/www.jazzzeitung.de\/cms\/","logo":{"@type":"ImageObject","inLanguage":"de","@id":"https:\/\/www.jazzzeitung.de\/cms\/#\/schema\/logo\/image\/","url":"https:\/\/i0.wp.com\/www.jazzzeitung.de\/cms\/wp-content\/uploads\/2015\/08\/JAZZZEITUNGDE_Logo_Neu.png?fit=499%2C200&ssl=1","contentUrl":"https:\/\/i0.wp.com\/www.jazzzeitung.de\/cms\/wp-content\/uploads\/2015\/08\/JAZZZEITUNGDE_Logo_Neu.png?fit=499%2C200&ssl=1","width":499,"height":200,"caption":"JazzZeitung online"},"image":{"@id":"https:\/\/www.jazzzeitung.de\/cms\/#\/schema\/logo\/image\/"},"sameAs":["https:\/\/www.facebook.com\/JazzZeitung\/"]},{"@type":"Person","@id":"https:\/\/www.jazzzeitung.de\/cms\/#\/schema\/person\/a0bebd4d1728041629a3cbd7790f87fb","name":"Michael Scheiner","image":{"@type":"ImageObject","inLanguage":"de","@id":"https:\/\/secure.gravatar.com\/avatar\/c2d6ac12f682c419867cf3f803880bb41d5b23007d3670820aa9a6e7b5f6ec8d?s=96&d=wp_user_avatar&r=gdabb1b10453880983dfc53da7552ec76","url":"https:\/\/secure.gravatar.com\/avatar\/c2d6ac12f682c419867cf3f803880bb41d5b23007d3670820aa9a6e7b5f6ec8d?s=96&d=wp_user_avatar&r=g","contentUrl":"https:\/\/secure.gravatar.com\/avatar\/c2d6ac12f682c419867cf3f803880bb41d5b23007d3670820aa9a6e7b5f6ec8d?s=96&d=wp_user_avatar&r=g","caption":"Michael Scheiner"},"sameAs":["http:\/\/www.michaelscheiner.de"],"url":"https:\/\/www.jazzzeitung.de\/cms\/author\/mscheiner\/"}]}},"wp-worthy-pixel":{"ignored":false,"public":null,"server":null,"url":null},"wp-worthy-type":"normal","jetpack_publicize_connections":[],"cc_featured_image_caption":{"caption_text":"","source_text":"","source_url":""},"jetpack_featured_media_url":"https:\/\/i0.wp.com\/www.jazzzeitung.de\/cms\/wp-content\/uploads\/2025\/12\/titel.jpg?fit=721%2C452&ssl=1","jetpack_shortlink":"https:\/\/wp.me\/p3KEcT-8HQ","jetpack-related-posts":[{"id":25199,"url":"https:\/\/www.jazzzeitung.de\/cms\/2021\/07\/im-dada-marsch-berge-bezwingen-neue-cd-von-pago-libre\/","url_meta":{"origin":33470,"position":0},"title":"Im Dada-Marsch Berge bezwingen\u00a0\u00a0&#8211; neue CD von Pago Libre","author":"Michael Scheiner","date":"23. Juli 2021","format":false,"excerpt":"Wenn der Berg ruft ist der Jodler nicht weit. Komplettieren Jazz und Schweiz das klangsensible Duett, ist es meist eine erfrischend uncoole Jodlerin, die in diversen Suchmaschinen aufploppt. Bei den Mountain Songlines des in der Schweiz angesiedelten europ\u00e4ischen Quartetts Pago Libre ist es eher umgekehrt: Nicht der Berg ruft hier,\u2026","rel":"","context":"In &quot;Rezension&quot;","block_context":{"text":"Rezension","link":"https:\/\/www.jazzzeitung.de\/cms\/thema\/rezension\/"},"img":{"alt_text":"","src":"https:\/\/i0.wp.com\/www.jazzzeitung.de\/cms\/wp-content\/uploads\/2021\/07\/pago-libre-mountain.jpg?fit=1175%2C1200&ssl=1&resize=350%2C200","width":350,"height":200,"srcset":"https:\/\/i0.wp.com\/www.jazzzeitung.de\/cms\/wp-content\/uploads\/2021\/07\/pago-libre-mountain.jpg?fit=1175%2C1200&ssl=1&resize=350%2C200 1x, https:\/\/i0.wp.com\/www.jazzzeitung.de\/cms\/wp-content\/uploads\/2021\/07\/pago-libre-mountain.jpg?fit=1175%2C1200&ssl=1&resize=525%2C300 1.5x, https:\/\/i0.wp.com\/www.jazzzeitung.de\/cms\/wp-content\/uploads\/2021\/07\/pago-libre-mountain.jpg?fit=1175%2C1200&ssl=1&resize=700%2C400 2x, https:\/\/i0.wp.com\/www.jazzzeitung.de\/cms\/wp-content\/uploads\/2021\/07\/pago-libre-mountain.jpg?fit=1175%2C1200&ssl=1&resize=1050%2C600 3x"},"classes":[]},{"id":1662,"url":"https:\/\/www.jazzzeitung.de\/cms\/2012\/07\/ror-wolf-zum-80-geburtstag\/","url_meta":{"origin":33470,"position":1},"title":"Ror Wolf zum 80. Geburtstag","author":"Dietrich Schlegel","date":"5. Juli 2012","format":false,"excerpt":"Der vielfach ausgezeichnete Schriftsteller Ror Wolf, ein Virtuose der Sprache, der nicht zuletzt wegen seiner H\u00f6rspiele und Radiocollagen auch einem breiteren Publikum bekannt wurde (Stichwort: Fu\u00dfball), hat sich Jazzmusikern und \u2013fans vor allem durch sein gro\u00dfartiges H\u00f6rspiel \u201eLeben und Tod des Kornettisten Bix Beiderbecke aus Nordamerika\u201c eingepr\u00e4gt. Wolf zeichnet darin\u2026","rel":"","context":"In &quot;Portrait&quot;","block_context":{"text":"Portrait","link":"https:\/\/www.jazzzeitung.de\/cms\/thema\/portrait\/"},"img":{"alt_text":"Ror Wolf. Foto: ???","src":"https:\/\/i0.wp.com\/www.jazzzeitung.de\/cms\/wp-content\/uploads\/2015\/07\/Ror-Wolf.jpg?fit=460%2C360&ssl=1&resize=350%2C200","width":350,"height":200},"classes":[]},{"id":5981,"url":"https:\/\/www.jazzzeitung.de\/cms\/2015\/04\/preis-fuer-deutschen-jazzjournalismus-wolf-kampmann\/","url_meta":{"origin":33470,"position":2},"title":"Preis f\u00fcr deutschen Jazzjournalismus an Wolf Kampmann","author":"Redaktion JazzZeitung","date":"24. April 2015","format":false,"excerpt":"Zum dritten Mal wurde der Preis f\u00fcr deutschen Jazzjournalismus auf der Musikfachmesse jazzahead! in Bremen verliehen. Diesj\u00e4hriger Preistr\u00e4ger ist Wolf Kampmann. Die diesj\u00e4hrige Jury bestand aus dem vorherigen Preistr\u00e4ger Ralf Dombrowski, dem Musiker Nils Wogram und Spiegel-Redakteur Hans Hielscher und begr\u00fcndete ihre Wahl wie folgt: .\u201eDer Berliner Journalist Wolf Kampmann\u2026","rel":"","context":"In &quot;News&quot;","block_context":{"text":"News","link":"https:\/\/www.jazzzeitung.de\/cms\/thema\/nachrichten\/"},"img":{"alt_text":"Preistr\u00e4ger Wolf Kampmann fotografiert von Kay Michalak.","src":"https:\/\/i0.wp.com\/www.jazzzeitung.de\/cms\/wp-content\/uploads\/2015\/04\/jazz15_WOLF_KAMPMANN__c__Kay_Michalak-150x150.jpg?resize=350%2C200","width":350,"height":200},"classes":[]},{"id":6638,"url":"https:\/\/www.jazzzeitung.de\/cms\/2015\/07\/news-ror-wolf-geehrt-5-orientalische-musik-sommerakademie-sulzburg\/","url_meta":{"origin":33470,"position":3},"title":"+++ News +++ Ror Wolf geehrt +++ 5. Orientalische Musik-Sommerakademie in Sulzburg +++","author":"Redaktion JazzZeitung","date":"20. Juli 2015","format":false,"excerpt":"+++ H\u00f6rspiel-Autor Ror Wolf geehrt +++ Der Schriftsteller Autor Ror Wolf (83), zu dessen erfolgreichsten Werken das H\u00f6rspiel \u201eLeben und Sterben des Kornettisten Bix Beiderbecke aus Nordamerika\u201c z\u00e4hlt, wurde am 7. Juli in Leipzig mit dem renommierten G\u00fcnter-Eich-Preis geehrt. Wolf war 1953 aus der DDR in die Bundesrepublik gefl\u00fcchtet, schlug\u2026","rel":"","context":"In &quot;News&quot;","block_context":{"text":"News","link":"https:\/\/www.jazzzeitung.de\/cms\/thema\/nachrichten\/"},"img":{"alt_text":"Ror-Wolf","src":"https:\/\/i0.wp.com\/www.jazzzeitung.de\/cms\/wp-content\/uploads\/2015\/07\/Ror-Wolf-150x150.jpg?resize=350%2C200","width":350,"height":200},"classes":[]},{"id":27427,"url":"https:\/\/www.jazzzeitung.de\/cms\/2022\/05\/muenchener-musikstipendien-mit-viel-jazz\/","url_meta":{"origin":33470,"position":4},"title":"M\u00fcnchener Musikstipendien mit viel Jazz","author":"Redaktion JazzZeitung","date":"31. Mai 2022","format":false,"excerpt":"J\u00e4hrlich vergibt der Kulturausschuss des M\u00fcnchener Stadtrats sechs Musikstipendien sowie den des Leonhard und Ida Wolf-Ged\u00e4chtnispreis. Die Auswahl der Jury ist dieses Jahr \u00fcberdurchschnittlich jazzig ausgefallen. Die Auswahl kann aber auch darauf hindeuten, dass die Genres verschwimmen und die K\u00fcnstler sich immer breiter aufstellen. Da will die Jazzzeitung nicht hintenanstehen\u2026","rel":"","context":"In &quot;News&quot;","block_context":{"text":"News","link":"https:\/\/www.jazzzeitung.de\/cms\/thema\/nachrichten\/"},"img":{"alt_text":"","src":"https:\/\/i0.wp.com\/www.jazzzeitung.de\/cms\/wp-content\/uploads\/2022\/05\/KMJA_2021_Finale_Sh_Erdenebaatar-c-HMTM.jpg?fit=1200%2C800&ssl=1&resize=350%2C200","width":350,"height":200,"srcset":"https:\/\/i0.wp.com\/www.jazzzeitung.de\/cms\/wp-content\/uploads\/2022\/05\/KMJA_2021_Finale_Sh_Erdenebaatar-c-HMTM.jpg?fit=1200%2C800&ssl=1&resize=350%2C200 1x, https:\/\/i0.wp.com\/www.jazzzeitung.de\/cms\/wp-content\/uploads\/2022\/05\/KMJA_2021_Finale_Sh_Erdenebaatar-c-HMTM.jpg?fit=1200%2C800&ssl=1&resize=525%2C300 1.5x, https:\/\/i0.wp.com\/www.jazzzeitung.de\/cms\/wp-content\/uploads\/2022\/05\/KMJA_2021_Finale_Sh_Erdenebaatar-c-HMTM.jpg?fit=1200%2C800&ssl=1&resize=700%2C400 2x, https:\/\/i0.wp.com\/www.jazzzeitung.de\/cms\/wp-content\/uploads\/2022\/05\/KMJA_2021_Finale_Sh_Erdenebaatar-c-HMTM.jpg?fit=1200%2C800&ssl=1&resize=1050%2C600 3x"},"classes":[]},{"id":26572,"url":"https:\/\/www.jazzzeitung.de\/cms\/2022\/01\/protest-ist-moeglich-the-dorf-ueberrascht-mit-seinem-konzeptalbum\/","url_meta":{"origin":33470,"position":5},"title":"Protest ist m\u00f6glich: The Dorf \u00fcberrascht mit seinem Konzeptalbum","author":"Redaktion JazzZeitung","date":"21. Januar 2022","format":false,"excerpt":"15 Jahre nach der Bandgr\u00fcndung reflektieren Jan Klare und seine Band The Dorf gesellschaftliche Zust\u00e4nde \u2013 und machen musikalisch m\u00e4chtig Druck dabei Das aktuelle Album von \u201eThe Dorf\u201c irritiert so manchen treuen Fan. Yes! No! Protest Possible steht auf dem Cover. Die Musik klingt genauso, wie diese Optik suggeriert und\u2026","rel":"","context":"In &quot;Rezension&quot;","block_context":{"text":"Rezension","link":"https:\/\/www.jazzzeitung.de\/cms\/thema\/rezension\/"},"img":{"alt_text":"","src":"https:\/\/i0.wp.com\/www.jazzzeitung.de\/cms\/wp-content\/uploads\/2022\/01\/KlareProtest3954190958_10.jpg?fit=1200%2C1080&ssl=1&resize=350%2C200","width":350,"height":200,"srcset":"https:\/\/i0.wp.com\/www.jazzzeitung.de\/cms\/wp-content\/uploads\/2022\/01\/KlareProtest3954190958_10.jpg?fit=1200%2C1080&ssl=1&resize=350%2C200 1x, https:\/\/i0.wp.com\/www.jazzzeitung.de\/cms\/wp-content\/uploads\/2022\/01\/KlareProtest3954190958_10.jpg?fit=1200%2C1080&ssl=1&resize=525%2C300 1.5x, https:\/\/i0.wp.com\/www.jazzzeitung.de\/cms\/wp-content\/uploads\/2022\/01\/KlareProtest3954190958_10.jpg?fit=1200%2C1080&ssl=1&resize=700%2C400 2x, https:\/\/i0.wp.com\/www.jazzzeitung.de\/cms\/wp-content\/uploads\/2022\/01\/KlareProtest3954190958_10.jpg?fit=1200%2C1080&ssl=1&resize=1050%2C600 3x"},"classes":[]}],"jetpack_sharing_enabled":true,"_links":{"self":[{"href":"https:\/\/www.jazzzeitung.de\/cms\/wp-json\/wp\/v2\/posts\/33470","targetHints":{"allow":["GET"]}}],"collection":[{"href":"https:\/\/www.jazzzeitung.de\/cms\/wp-json\/wp\/v2\/posts"}],"about":[{"href":"https:\/\/www.jazzzeitung.de\/cms\/wp-json\/wp\/v2\/types\/post"}],"author":[{"embeddable":true,"href":"https:\/\/www.jazzzeitung.de\/cms\/wp-json\/wp\/v2\/users\/37"}],"replies":[{"embeddable":true,"href":"https:\/\/www.jazzzeitung.de\/cms\/wp-json\/wp\/v2\/comments?post=33470"}],"version-history":[{"count":2,"href":"https:\/\/www.jazzzeitung.de\/cms\/wp-json\/wp\/v2\/posts\/33470\/revisions"}],"predecessor-version":[{"id":33474,"href":"https:\/\/www.jazzzeitung.de\/cms\/wp-json\/wp\/v2\/posts\/33470\/revisions\/33474"}],"wp:featuredmedia":[{"embeddable":true,"href":"https:\/\/www.jazzzeitung.de\/cms\/wp-json\/wp\/v2\/media\/33472"}],"wp:attachment":[{"href":"https:\/\/www.jazzzeitung.de\/cms\/wp-json\/wp\/v2\/media?parent=33470"}],"wp:term":[{"taxonomy":"category","embeddable":true,"href":"https:\/\/www.jazzzeitung.de\/cms\/wp-json\/wp\/v2\/categories?post=33470"},{"taxonomy":"post_tag","embeddable":true,"href":"https:\/\/www.jazzzeitung.de\/cms\/wp-json\/wp\/v2\/tags?post=33470"},{"taxonomy":"author","embeddable":true,"href":"https:\/\/www.jazzzeitung.de\/cms\/wp-json\/wp\/v2\/coauthors?post=33470"}],"curies":[{"name":"wp","href":"https:\/\/api.w.org\/{rel}","templated":true}]}}