{"id":33467,"date":"2025-12-14T12:00:11","date_gmt":"2025-12-14T11:00:11","guid":{"rendered":"https:\/\/www.jazzzeitung.de\/cms\/?p=33467"},"modified":"2025-12-09T12:13:41","modified_gmt":"2025-12-09T11:13:41","slug":"die-uiuiui-jazz-radiowoche-vom-15-12-2025-bis-21-12-2025","status":"publish","type":"post","link":"https:\/\/www.jazzzeitung.de\/cms\/2025\/12\/die-uiuiui-jazz-radiowoche-vom-15-12-2025-bis-21-12-2025\/","title":{"rendered":"Die uiuiui-Jazz-Radiowoche vom 15.12.2025 bis 21.12.2025"},"content":{"rendered":"<p class=\"western\">Die \u00dcbersicht zum <span style=\"color: #0563c1;\"><u><a href=\"https:\/\/service.conbrio.de\/service\/download\/278\/\" name=\"Download des PDF\">Download als PDF<\/a><\/u><\/span><span style=\"text-decoration: line-through;\">.<\/span> Alle Angaben ohne Gew\u00e4hr. Erg\u00e4nzt mit den tollen Sendungen zur Neuen Musik von BR-KLASSIK und \u00d61.<\/p>\n<p class=\"western\">Aktuell bekommen wir Informationen von SWR Kultur, \u00d61 und in Sachen Neue Musik von BR-KLASSIK und ebenfalls \u00d61.<\/p>\n<hr \/>\n<h2 class=\"western\"><a name=\"__RefHeading___Toc532_2049876245\"><\/a><a name=\"_Toc175140589\"><\/a><a name=\"_Toc174527976\"><\/a><a name=\"_Toc190257440\"><\/a><a name=\"_Toc189815284\"><\/a><a name=\"_Toc189813526\"><\/a><a name=\"_Toc188957623\"><\/a><a name=\"_Toc188530705\"><\/a><a name=\"_Toc187143015\"><\/a><a name=\"_Toc186792938\"><\/a><a name=\"_Toc185409041\"><\/a><a name=\"_Toc184290543\"><\/a><a name=\"_Toc183595478\"><\/a><a name=\"_Toc176424572\"><\/a> Senderliste:<\/h2>\n<hr \/>\n<ul>\n<li><span style=\"color: #0563c1;\"><u><a href=\"https:\/\/oe1.orf.at\/\" name=\"Link zum ORF\">ORF \u2013 \u00d61<\/a><\/u><\/span><\/li>\n<li><span style=\"color: #0563c1;\"><u><a href=\"https:\/\/www.deutschlandradio.de\/\" name=\"Link zum Deutschlandfunk\">Deutschlandfunk<\/a><\/u><\/span> \u2013 \u201eFakten und mehr\u201c<\/li>\n<li><span style=\"color: #0563c1;\"><u><a href=\"https:\/\/www.deutschlandfunkkultur.de\/\" name=\"Link zu Deutschlandfunk Kultur\">Deutschlandfunk-Kultur<\/a><\/u><\/span> \u2013 \u201eDas Feuilleton im Radio\u201c<\/li>\n<li><span style=\"color: #0563c1;\"><u><a href=\"https:\/\/www.ndr.de\/ndrkultur\/\" name=\"Link zu ndr kultur\">ndr Kultur<\/a><\/u><\/span> \u2013 H\u00f6ren und genie\u00dfen<\/li>\n<li><span style=\"color: #0563c1;\"><u><a href=\"https:\/\/www.ndr.de\/ndrblue\/index.html\" name=\"Link zu ndr blue\"><span lang=\"en-US\">ndr blue<\/span><\/a><\/u><\/span><span lang=\"en-US\"> \u2013 Meet The Music<\/span><\/li>\n<li><span style=\"color: #0563c1;\"><u><a href=\"https:\/\/www.bremenzwei.de\/\" name=\"Link zu Radio Bremen\">radio bremen<\/a><\/u><\/span> \u2013 Neugier lohnt sich.<\/li>\n<li><span style=\"color: #0563c1;\"><u><a href=\"https:\/\/www.radiodrei.de\/\" name=\"Link zu Radio 3 von Berlin\">Radio 3<\/a><\/u><\/span> \u2013<\/li>\n<li><span style=\"color: #0563c1;\"><u><a href=\"https:\/\/www.mdr.de\/kultur\/radio\/index.html\" name=\"Link zu medr-kultur\">mdr-kultur<\/a><\/u><\/span> \u2013 Das Radio.<\/li>\n<li><a href=\"https:\/\/www1.wdr.de\/radio\/wdr3\/\" name=\"Link zu WDR3\"><span style=\"color: #0563c1;\"><u>W<\/u><\/span><span style=\"color: #0563c1;\"><u>DR<\/u><\/span><span style=\"color: #0563c1;\"><u>3<\/u><\/span><\/a> \u2013 Das Kulturradio<\/li>\n<li><span style=\"color: #0563c1;\"><u><a href=\"https:\/\/www.hr2.de\/index.html\" name=\"Link zu hr2-kultur\">hr2-kultur<\/a><\/u><\/span> \u2013 Das Kulturradio f\u00fcr Hessen.<\/li>\n<li><a href=\"https:\/\/www.sr.de\/sr\/sr2\/index.html\" name=\"Link zu SR2-Kulturradio\"><span style=\"color: #0563c1;\"><u>S<\/u><\/span><span style=\"color: #0563c1;\"><u>R<\/u><\/span><span style=\"color: #0563c1;\"><u>2 Kulturradio<\/u><\/span><\/a> \u2013 \u2026 gut zu h\u00f6ren.<\/li>\n<li><a href=\"https:\/\/www.swr.de\/swr2\/\" name=\"Link zu SWR Kuultur\"><span style=\"color: #0563c1;\"><u>S<\/u><\/span><span style=\"color: #0563c1;\"><u>WR<\/u><\/span><u> <\/u><\/a><span style=\"color: #0563c1;\"><u>kultur<\/u><\/span> \u2013 Kultur neu entdecken<\/li>\n<li><span style=\"color: #0563c1;\"><u><a href=\"https:\/\/www.br.de\/radio\/br-klassik\/index.html\" name=\"Link zu BR-Klassik\">BR-KLASSIK<\/a><\/u><\/span> \u2013 Klassikstars geben auf BR-KLASSIK den Ton an. Attraktive Magazine bringen Interviews und Neuigkeiten aus dem Musikleben.<\/li>\n<li><span style=\"color: #0563c1;\"><u><a href=\"https:\/\/www.br.de\/radio\/bayern2\/index.html\" name=\"Link zu Bayern2\">Bayern 2<\/a><\/u><\/span> \u2013 Preisgekr\u00f6ntes Radio f\u00fcr H\u00f6rer, die mehr wissen wollen<\/li>\n<\/ul>\n<h2 class=\"western\"><a name=\"__RefHeading___Toc534_2049876245\"><\/a><\/h2>\n<hr \/>\n<h2 class=\"western\"><a name=\"__RefHeading___Toc534_2049876245\"><\/a><a name=\"_Toc189815285\"><\/a><a name=\"_Toc189813527\"><\/a><a name=\"_Toc188957624\"><\/a><a name=\"_Toc188530706\"><\/a><a name=\"_Toc187143016\"><\/a><a name=\"_Toc186792939\"><\/a><a name=\"_Toc185409042\"><\/a><a name=\"_Toc184290544\"><\/a><a name=\"_Toc183595479\"><\/a><a name=\"_Toc176424573\"><\/a><a name=\"_Toc175140590\"><\/a><a name=\"_Toc190257441\"><\/a> Internet:<\/h2>\n<hr \/>\n<ul>\n<li>Schweden: <span style=\"color: #0563c1;\"><u><a href=\"https:\/\/sverigesradio.se\/tabla.aspx?programid=2562\" name=\"Link zu Schwedens Radio P&quot;\">P2<\/a><\/u><\/span> sendet immer Dienstags von 21:00 bis 22:00 und Sonntags von 18:40 bis 20:00 ein Jazzkonzert<\/li>\n<li>Ungarn: <span style=\"color: #0563c1;\"><u><a href=\"https:\/\/mediaklikk.hu\/bartok\/\" name=\"Link zu Bart\u00f3k-Radio\">Bartok Radio<\/a><\/u><\/span> sendet t\u00e4glich von 23:00 bis 23:55 eine Jazzsendung<\/li>\n<\/ul>\n<hr \/>\n<h2 class=\"western\"><a name=\"__RefHeading___Toc5506_684666059\"><\/a> mo \u2013 15.12.2025<\/h2>\n<hr \/>\n<p class=\"western\">17:30:00 +++ \u00d61<br \/>\n<b>Musik aus allen Richtungen mit Astrid Schwarz und Rainer Elstner.<\/b><\/p>\n<p class=\"western\">19:30:00 +++ \u00d61<br \/>\n<b>Der bosnische S\u00e4nger Damir Imamovic im September 2025 im Wiener ORF RadioKulturhaus<\/b><\/p>\n<p class=\"western\" style=\"padding-left: 40px;\">Mit Damir Imamovic gastierte am 13. September 2025 einer der bekanntesten Vertreter der neuen Generation der Sevdalinka-Interpret:innen im Gro\u00dfen Sendesaal des ORF RadioKulturhauses in Wien. Der 47-j\u00e4hrige S\u00e4nger aus Sarajevo gilt als Bewahrer und sanfter Erneurer der bis ins 16. Jahrhundert zur\u00fcckreichenden bosnischen Liebeslied-Tradition, in die im Laufe der Zeit Elemente aus osmanischer, aus Roma- und sephardischer Musik eingeschmolzen wurden. Neben bekannten traditionellen Liedern intonierte Imamovic an diesem Abend auch solche aus seinen Soloalben \u201eDamir Imamovic\u201c und \u201eThe House of Svrzo\u201c, wobei er den expressiven, sehnsuchtsvollen Gesang am Tambur begleitete, einem selbst entworfenen Instrument zwischen Gitarre und traditioneller Saz.<\/p>\n<p class=\"western\">22:03 \u2013 23:00 UHR +++ SWR KULTUR<br \/>\n<b>ARD Jazz. Spotlight: Pianist mit Leuchtkraft \u2013 Danilo P\u00e9rez aus Panama<\/b><\/p>\n<p class=\"western\" style=\"padding-left: 40px;\">Von Mauretta Heinzelmann. Das Klavier als Lichtquelle: Danilo P\u00e9rez hat zun\u00e4chst Elektronik studiert, dann mit Dizzy Gillespie und Wayne Shorter gespielt, er ist UNICEF-Botschafter und Kulturbotschafter von Panama. Das mittelamerikanische Land steht f\u00fcr die Verbindung der Amerikas und der Meere, ein idealer Schmelztiegel f\u00fcr den Jazz. Kulturen zusammenzubringen, treibt Danilo P\u00e9rez seit langem an. Am 29. Dezember wird er 60 Jahre alt. Im November ist er zu Gast bei der NDR Bigband, um sein Werk \u201eLumen\u201c aufzuf\u00fchren. Mauretta Heinzelmann nutzt die Gelegenheit, um mit P\u00e9rez \u00fcber seine lange Karriere und seine Musik zu sprechen.<\/p>\n<p class=\"western\">23:03:00 +++ \u00d61<br \/>\n<b>Cembalo und Harfe trifft auf Elektronik<\/b><\/p>\n<p class=\"western\" style=\"padding-left: 40px;\">Klangspuren Schwaz 2025. Das Ensemble Airborne Extended mit vier Urauff\u00fchrungen<\/p>\n<p class=\"western\" style=\"padding-left: 40px;\">Sie haben einen ungew\u00f6hnlichen Zugang zur Neuen Musik und verwenden sehr ungew\u00f6hnliches Instrumentarium: Das aus Tirol stammende Ensemble Airborne Extended. Die f\u00fcnf Musikerinnen verbinden Block- und Paetzoldfl\u00f6ten, Querfl\u00f6ten, Harfe und Cembalo mit Elektronik, visuellen Medien, Objekten und Performance. Bei Klangspuren Schwaz haben Airborne Extendet vier Urauff\u00fchrungen pr\u00e4sentiert. Darunter auch Kompositionen desTiroler Komponisten Bernhard Gander und des S\u00fcdtirolers Manuel Zwerger. Dazu waren Werke von Anda Kryeziu, Anna Korsun, Marina Poleukhina und Alisa Kobzar zu h\u00f6ren. Gestaltung: Patrizia Jilg<\/p>\n<hr \/>\n<h2 class=\"western\"><a name=\"__RefHeading___Toc5508_684666059\"><\/a>di \u2013 16.12.2025<\/h2>\n<hr \/>\n<p class=\"western\">17:30:00 +++ \u00d61<br \/>\n<b>Musik aus allen Richtungen.<\/b><\/p>\n<p class=\"western\">23:03:00 +++ \u00d61<br \/>\n<strong>Neuerscheinungen und andere Entdeckungen \u2013 Aktuelle Aufnahmen zeitgen\u00f6ssischer Musik<\/strong><\/p>\n<p class=\"western\">Auch an diesem Dienstag pr\u00e4sentieren wir Ihnen wieder Neuerscheinungen und andere Entdeckungen aus dem Feld der neuen und experimentellen Musik. Gestaltung: Astrid Schwarz<\/p>\n<hr \/>\n<h2 class=\"western\"><a name=\"__RefHeading___Toc5510_684666059\"><\/a>mi \u2013 17.12.2025<\/h2>\n<hr \/>\n<p class=\"western\">17:30:00 +++ \u00d61<br \/>\n<b>Musik aus allen Richtungen mit Ulla Pilz und Michael Neuhauser.<\/b><\/p>\n<p class=\"western\">22:03 \u2013 22:00 UHR +++ SWR KULTUR<br \/>\n<b>ARD Jazz. Das Magazin<\/b><\/p>\n<p class=\"western\" style=\"padding-left: 40px;\">Von Ulrich Habersetzer. Das w\u00f6chentliche Jazz-Update, pr\u00e4sentiert von Eurer ARD: au\u00dfergew\u00f6hnliche Ver\u00f6ffentlichungen, relevante Ereignisse und aktuelle Debatten. Wir diskutieren Jazz in allen seinen Facetten und suchen auch deutschlandweit die Orte auf, an denen er zu Hause ist. Nicht verpassen!<\/p>\n<hr \/>\n<h2 class=\"western\"><a name=\"__RefHeading___Toc5512_684666059\"><\/a>do \u2013 18.12.2025<\/h2>\n<hr \/>\n<p class=\"western\">17:30:00 +++ \u00d61<br \/>\n<b>Musik aus allen Richtungen mit Andreas Felber.<\/b><\/p>\n<p class=\"western\">22:03 \u2013 23:00 UHR +++ SWR KULTUR<br \/>\n<b>Blues&#8217;n&#8217;Roots<\/b><\/p>\n<p class=\"western\" style=\"padding-left: 40px;\">Von Dagmar Fulle. In dieser Sendung pr\u00e4sentieren wir alte und neue Aufnahmen aus den Bereichen Blues, Jazz, Swing, Rhythm&#8217;n&#8217;Blues, Soul und Country.<\/p>\n<p class=\"western\">23:03 bis 00:00 Uhr +++ BR-KLASSIK<br \/>\n<b>Horizonte: Das menschliche Ma\u00df \u2013 Der \u00f6sterreichische Komponist Wolfgang Florey<\/b><\/p>\n<p class=\"western\" style=\"padding-left: 40px;\">Seine k\u00fcnstlerische Entwicklung stehe im Spannungsfeld von Musik und Politik, sagt Wolfgang Florey. Der 1945 in Salzburg geborene Komponist bewegte sich zun\u00e4chst viele Jahre als Cellist in K\u00fcnstlerkreisen, die der Studentenbewegung nahestanden. Erst sp\u00e4ter fand er \u00fcber den Umweg des Sprechtheaters zum Schreiben von Musik. Die Erfahrungen als ausf\u00fchrender Instrumentalist in experimentellen Ensembles wie \u201eHinz und Kunst\u201c haben seinen Blick auf die zeitgen\u00f6ssische Musik ebenso gepr\u00e4gt wie seine langj\u00e4hrige Arbeit als musikalischer Leiter des Ensembles der Ruhrfestspiele Recklinghausen. Seine Werke sind oft von Texten und Bildern inspiriert, beziehen daraus ihre starke Mitteilungskraft. Dabei verzichtet Wolfgang Florey ganz bewusst auf den Einsatz jeglicher Technik. Denn als Komponist sieht er sich dem menschlichen Ma\u00df verpflichtet: So stellt er an sich den Anspruch, mit Musik zu ber\u00fchren und sinnstiftend in die Gesellschaft hinein zu wirken. Eine Sendung von Michaela Fridrich<\/p>\n<hr \/>\n<h2 class=\"western\"><a name=\"__RefHeading___Toc5514_684666059\"><\/a>fr \u2013 19.12.2025<\/h2>\n<hr \/>\n<p class=\"western\">14:05:00 +++ \u00d61<br \/>\n<b>Kat Eaton im November 2024 bei den Leverkusener Jazztagen<\/b><\/p>\n<p class=\"western\" style=\"padding-left: 40px;\">Mit ihrer unverwechselbaren Mischung aus Soul, Jazz und Blues hat sich Kat Eaton in den vergangenen Jahren zu einer der spannendsten Stimmen der britischen Musikszene entwickelt. Nach erfolgreichen Tourneen durch Gro\u00dfbritannien und Kontinentaleuropa, an der Seite von K\u00fcnstlern wie Jools Holland, Paul Carrack, The Teskey Brothers, Marc Broussard und Mamas Gun, brachte die charismatische S\u00e4ngerin am 9. November 2024 ihr kraftvolles Live-Programm bei den Leverkusener Jazztagen zur Auff\u00fchrung.<\/p>\n<p class=\"western\" style=\"padding-left: 40px;\">Unterst\u00fctzt wurde sie dabei von einer hochkar\u00e4tigen Band: Charlotte Churchman und Adenik\u00e8 Zen (Backing Vocals), Keith Rogan (Saxofon), Trevor Myers (Posaune), Nick Atkinson (Gitarre), Dan Drury (Bass), Joe Glossop (Keyboard), Ally McDougal (Schlagzeug) und Callus Edwards (Perkussion). Rund um Kat Eatons Stimme kreiert diese Band einen Sound, der einmal roh und mitrei\u00dfend, dann wieder feinf\u00fchlig und atmosph\u00e4risch klingt und das Publikum unweigerlich in seinen Bann zieht.<\/p>\n<p class=\"western\">17:30:00 +++ \u00d61<br \/>\n<b>Musik aus allen Richtungen mit Johann Kneihs.<\/b><\/p>\n<p class=\"western\">19:03 bis 20:00 Uhr +++ BR-KLASSIK<br \/>\n<b>KlassikPlus \u2013 Musikfeature: \u201eHirten, Heilige und Herrscher\u201c \u2013 Die Weihnachtsmusik des Alessandro Scarlatti<\/b><\/p>\n<p class=\"western\" style=\"padding-left: 40px;\">Rom \u2013 Stadt der Heiligen, P\u00e4pste, K\u00fcnstler und Musik. Hier schuf Alessandro Scarlatti barocke Werke zwischen sakraler Feierlichkeit, arkadischer Schlichtheit und h\u00f6fischem Glanz. Im Schutz gro\u00dfer Musikpatrone wie Kardinal Pietro Ottoboni und K\u00f6nigin Kristina von Schweden schrieb er Musik, die die Ideen der Gegenreformation und der h\u00f6fischen Repr\u00e4sentation widerspiegeln. F\u00fcr den Vizek\u00f6nig in Neapel, Hauptstadt des K\u00f6nigreichs Sizilien, komponierte er eindrucksvolle Opern. Die Weihnachtszeit war in beiden St\u00e4dten von besonderer Bedeutung: W\u00e4hrend in Rom festliche Weihnachtskantaten erklangen und feierliche Gottesdienste stattfanden, standen in Neapel bunte Krippen mit teils derben Stra\u00dfenszenen im Mittelpunkt. Vielleicht inspirierten sie Scarlatti zu einer Kantate im neapolitanischen Dialekt, in der nicht die Weihnachtsengel, sondern ein anderes gefl\u00fcgeltes Wesen die Hauptrolle spielt: Ammore, brutto figlio de pottana. Zusammen mit Scarlattiexperte Norbert Dubowy und den Romspezialistinnen Katrin Losleben und Sabine Ehrmann-Herfort erkundet BR-KLASSIK die weihnachtlichen St\u00e4dte Rom und Neapel um 1700. Eine Sendung zum 300. Todestag Alessandro Scarlattis \u2013 von Andreas Pehl<\/p>\n<p class=\"western\">22:01:00 +++ \u00d61<br \/>\n<b>Die Spielr\u00e4ume-Nachtausgabe liefert den Soundtrack f\u00fcr vorweihnachtliche Entspannung<\/b><\/p>\n<p class=\"western\" style=\"padding-left: 40px;\">Der Advent, die angeblich stillste Zeit des Jahres, ist oft von vorweihnachtlicher Hektik gepr\u00e4gt. Noch ein Geschenk besorgen, noch eine Weihnachtsfeier, schnell noch beim Punschstand vorbeischauen.<\/p>\n<p class=\"western\" style=\"padding-left: 40px;\">In dieser Spielr\u00e4ume Nachtausgabe wird musikalisch mehrere G\u00e4nge herunter geschalten. Ausschlie\u00dflich ruhiges (und beruhigendes) Liedgut wird zu h\u00f6ren. Balladen aus Jazz, Pop und artverwandten Stilistiken werden zu h\u00f6ren sein. Keineswegs ausschlie\u00dflich religi\u00f6se Lieder, oft geht es in diesem Fach um erf\u00fcllte oder unerf\u00fcllte Liebe oder auch philosophische Einsichten. Alle Sprachen sind m\u00f6glich, auch instrumentale Aufnahmen werden zu h\u00f6ren sein. Trauriges, Fr\u00f6hliches, Erhellendes und Verdunkelndes wird von den G\u00e4sten dieser Sendung pr\u00e4sentiert werden. Die G\u00e4ste dieser Livesendung, welche auch live Balladen interpretieren werden, sind die S\u00e4ngerinnen Karin Bachner, Bettina Krenosz und Marija Miletic.<\/p>\n<hr \/>\n<h2 class=\"western\"><a name=\"__RefHeading___Toc5516_684666059\"><\/a>sa \u2013 20.12.2025<\/h2>\n<hr \/>\n<p class=\"western\">00:05:00 +++ \u00d61<br \/>\n<b>(Fortsetzung). Die Spielr\u00e4ume-Nachtausgabe liefert den Soundtrack f\u00fcr vorweihnachtliche Entspannung<\/b><\/p>\n<p class=\"western\">14:05 bis 15:00 Uhr +++ BR-KLASSIK<br \/>\n<b>KlassikPlus \u2013 Musikfeature: \u201eHirten, Heilige und Herrscher\u201c \u2013 Die Weihnachtsmusik des Alessandro Scarlatti<\/b><\/p>\n<p class=\"western\" style=\"padding-left: 40px;\">Rom \u2013 Stadt der Heiligen, P\u00e4pste, K\u00fcnstler und Musik. Hier schuf Alessandro Scarlatti barocke Werke zwischen sakraler Feierlichkeit, arkadischer Schlichtheit und h\u00f6fischem Glanz. Im Schutz gro\u00dfer Musikpatrone wie Kardinal Pietro Ottoboni und K\u00f6nigin Kristina von Schweden schrieb er Musik, die die Ideen der Gegenreformation und der h\u00f6fischen Repr\u00e4sentation widerspiegeln. F\u00fcr den Vizek\u00f6nig in Neapel, Hauptstadt des K\u00f6nigreichs Sizilien, komponierte er eindrucksvolle Opern. Die Weihnachtszeit war in beiden St\u00e4dten von besonderer Bedeutung: W\u00e4hrend in Rom festliche Weihnachtskantaten erklangen und feierliche Gottesdienste stattfanden, standen in Neapel bunte Krippen mit teils derben Stra\u00dfenszenen im Mittelpunkt. Vielleicht inspirierten sie Scarlatti zu einer Kantate im neapolitanischen Dialekt, in der nicht die Weihnachtsengel, sondern ein anderes gefl\u00fcgeltes Wesen die Hauptrolle spielt: Ammore, brutto figlio de pottana. Zusammen mit Scarlattiexperte Norbert Dubowy und den Romspezialistinnen Katrin Losleben und Sabine Ehrmann-Herfort erkundet BR-KLASSIK die weihnachtlichen St\u00e4dte Rom und Neapel um 1700. Eine Sendung zum 300. Todestag Alessandro Scarlattis \u2013 von Andreas Pehl<\/p>\n<p class=\"western\">18:20 \u2013 19:00 UHR +++ SWR KULTUR<br \/>\n<b>Jazz: A Shift of Experience \u2013 Der Saxofonist und Fl\u00f6tist Xhosa Cole<\/b><\/p>\n<p class=\"western\" style=\"padding-left: 40px;\">Von Ssirus W. Pakzad. Seine westafrikanische Familie hat Xhosa Cole die Liebe zur eigenen Tanztradition mitgegeben, sein multikultureller Freundeskreis in Birmingham bereichert ihn k\u00fcnstlerisch, seit er denken kann. Er spielt Saxofon und Fl\u00f6te ist noch keine drei\u00dfig Jahre alt und hat schon diverse Auszeichnungen f\u00fcr seine Musik erhalten. Er liebt das Duo-Spiel und hat dabei mit diversesten Schlagwerkern zusammengearbeitet. Internationale Aufmerksamkeit hat er zuletzt durch seine Auseinandersetzung mit Thelonious Monks Werk bekommen.<\/p>\n<p class=\"western\">22:05:00 +++ \u00d61<br \/>\n<b>Neuigkeiten aus der Welt des Jazz<\/b><\/p>\n<p class=\"western\" style=\"padding-left: 40px;\">Konzertempfehlungen f\u00fcr die kommende Woche, Buchbesprechungen, Kurznachrufe und aktuelle Meldungen.<\/p>\n<p class=\"western\">23:03:30 +++ \u00d61<br \/>\n<b>Saxofonistin Anna Tsombanis im Gespr\u00e4ch, Scott Robinson &amp; M\u00e1ty\u00e1s Bartha Trio bei den INNt\u00f6nen 2025<\/b><\/p>\n<p class=\"western\" style=\"padding-left: 40px;\">Die Wahlwiener Tenorsaxofonistin Anna Tsombanis nimmt heute im \u00d61 Jazznacht-Studio Platz. Mit ihrem Quartett Tsombanis4 hat sie 2025 das Album \u201eEssentials\u201c ver\u00f6ffentlicht und fr\u00f6nt darauf in neuer Besetzung den tiefen T\u00f6nen: Gleich zwei Kontrab\u00e4sse sind Teil ihres Quartetts, das mit Andreas Waelti, Beate Wiesinger und Schlagzeuger Herbert Pirker durchwegs bekannte Szene-Gr\u00f6\u00dfen vereint. Mit Katharina Osztovics spricht Anna Tsombanis \u00fcber ihre Faszination f\u00fcr die tiefen Tonlagen, ihren warmen Tenorsaxofonsound und die Jazzgr\u00f6\u00dfen, die sie bis heute beeindrucken. Neben der Viererbesetzung hat sie auch Musik ihres Trios mit im Gep\u00e4ck.<\/p>\n<p class=\"western\" style=\"padding-left: 40px;\">Ein Trio steht auch im Mittelpunkt der \u00d61-Konzertaufnahme: Am 19. Juli dieses Jahres konzertierte M\u00e1ty\u00e1s Bartha mit seinem Trio am Buchmannhof in Diersbach. Im Rahmen des INNt\u00f6ne-Festivals war der in Wien lebende ungarische Pianist gemeinsam mit Bassist Danny Ziemann und Christian Salfellner auf der Open-Air-B\u00fchne zu erleben. Als Stargast war der US-amerikanische Tenorsaxofonist und Multiinstrumentalist Scott Robinson mit von der Partie.<\/p>\n<hr \/>\n<h2 class=\"western\"><a name=\"__RefHeading___Toc5518_684666059\"><\/a>so \u2013 21.12.2025<\/h2>\n<hr \/>\n<p class=\"western\">00:05:00 +++ \u00d61<br \/>\n<b>(Fortsetzung); Saxofonistin Anna Tsombanis im Gespr\u00e4ch, Scott Robinson &amp; M\u00e1ty\u00e1s Bartha Trio bei den INNt\u00f6nen 2025<\/b><\/p>\n<p class=\"western\">17:10:00 +++ \u00d61<br \/>\n<b>Lieder \u00fcber die magische Zeitspanne von zwei Dekaden<\/b><\/p>\n<p class=\"western\" style=\"padding-left: 40px;\">In 20 Jahren werden Menschen erwachsen. In 20 Jahren k\u00f6nnen Erwachsene in dem, was sie tun, zu alten Hasen werden. Und \u00fcber 20 Jahre des \u00c4lterwerdens k\u00f6nnen auch kosmetische Tricks nicht mehr hinwegt\u00e4uschen. 20 Jahre sind lang genug, um einem Menschenleben ihren unausl\u00f6schlichen Stempel aufzudr\u00fccken, aber doch kurz genug, um \u2013 falls es schlimme Jahre waren \u2013 auch noch andere Wendungen in diesem Menschenleben zuzulassen.<\/p>\n<p class=\"western\" style=\"padding-left: 40px;\">Zwei Dekaden k\u00f6nnen sich unertr\u00e4glich lange hinziehen oder aber vergehen wie im Flug, je nachdem, ob man nun 20 Jahre lang gl\u00fccklich verheiratet ist oder 20 Jahre lang im Gef\u00e4ngnis sitzt. Bedauernswert, wer 20 Jahre lang unerf\u00fcllten Tr\u00e4umen, ungenutzten Gelegenheiten und verflossenen Beziehungen nachtrauert; gesegnet, wer sich jetzt schon darauf freut, in 20 Jahren auf das zur\u00fcckzublicken, was im Moment gerade passiert.<\/p>\n<p class=\"western\" style=\"padding-left: 40px;\">\u201eWenn die Dinge, die man sich w\u00fcnscht \/ In Reichweite w\u00e4ren \/ W\u00fcrdest du mich genauso lieben \/ Wie vor zwanzig Jahren&#8230;\u201c \u2013 mit der Habanera \u201eVeinte A\u00f1os\u201c hat die kubanische S\u00e4ngerin, Gitarristin und Komponistin Mar\u00eda Teresa Vera in den 1930er Jahren einen Klassiker von zeitloser Eindringlichkeit geschaffen. Mit \u201eIt was twenty years ago today \/ When Sgt. Pepper taught the band to play \/ They&#8217;ve been going in and out of style \/ But they&#8217;re guaranteed to raise a smile\u201c starteten die Beatles 1967 ihr Sgt. Pepper-Album.<\/p>\n<p class=\"western\">19:05:00 +++ \u00d61<br \/>\n<b>Jo Strauss aus Linz im Studio 2 des Wiener ORF RadioKulturhauses<\/b><\/p>\n<p class=\"western\" style=\"padding-left: 40px;\">Eine Linzer Band erfindet sich neu: War Jo Strauss bis dato der K\u00fcnstlername von S\u00e4nger-Gitarrist Christoph Ameseder, so fungieren die beide W\u00f6rter nun als Bezeichnung des Quintetts mit Ameseder, Lukas H\u00f6fler (Gitarre, Gesang), David Sonntagbauer (Keyboards), Felipe Ramos (Bass) und Tobias Wagner (Drums). Jo Strauss verbindet Poesie, sicheres Gesp\u00fcr f\u00fcr Melodien und krachigen Indie-Sound zu einem unverwechselbaren Klangbild. Die Songs handeln von den kleinen und gro\u00dfen Dramen des Alltags. Manchmal sehr pers\u00f6nlich, oft melancholisch, aber immer mit einem unverstellten Blick auf das Leben. Jo Strauss steht f\u00fcr eine Performance, die intime Momente und kraftvolle Energie gleicherma\u00dfen hervorbringt.<\/p>\n<p class=\"western\">22:03 \u2013 23:00 UHR +++ SWR KULTUR<br \/>\n<b>NOWJazz: Gletschersounds und Klangskulpturen \u2013 Die Musikerin Susie Ibarra<\/b><\/p>\n<p class=\"western\" style=\"padding-left: 40px;\">Von Maxi Broecking. F\u00fcr ihr Werk \u201eSky Islands\u201c \u2013 \u201eHimmelsinseln\u201c \u00fcber den Klang sensibler \u00d6kosysteme in gro\u00dfen H\u00f6henlagen, erhielt die New Yorker Perkussionistin und Improvisatorin Susie Ibarra in diesem Jahr den renommierten Pulitzer Preis f\u00fcr Musik. Dazu arbeitet Ibarra mit Jazz- und Improvisationsprojekten, mobilen Sound-Mapping-Apps und Mehrkanal-Audioinstallationen. Im vergangenen Jahr erschien ihr Buch \u201eRhythm in Nature: An Ecology of Rhythm\u201c, eine Studie \u00fcber das H\u00f6ren und das koloniale Erbe der Kartierung von Klang.<\/p>\n<p class=\"western\">23:03:00 +++ \u00d61<br \/>\n<b>Legend\u00e4res Gitarrenquartett zu Gast in Graz<\/b><\/p>\n<p class=\"western\" style=\"padding-left: 40px;\">ORF musikprotokolll 2025. Das Aleph Gitarrenquartett mit Ur- und Erstauff\u00fchrungen in der Helmut List Halle<\/p>\n<p class=\"western\" style=\"padding-left: 40px;\">Das 1993 gegr\u00fcndete Aleph Gitarrenquartett erm\u00f6glicht mit seiner Virtuosit\u00e4t die Erkundung neuer musikalischer R\u00e4ume. Mit Werken f\u00fchrender Komponist:innen unserer Zeit hat das Quartett bei seinem Auftritt im Rahmen des ORF musikprotokoll im steirischen herbst gezeigt, welch klanglicher und formaler Reichtum in einem klassischen Gitarrenensemble steckt. Zwei Ur- und zwei \u00f6sterreichische Erstauff\u00fchrungen waren am 4. Oktober 2025 zu erleben. Mit Tristan Murail widmete einer der zentralen Komponisten Frankreichs dem Gitarrenquartett ein neues Werk. Ebenfalls erstmals zu h\u00f6ren war ein neues St\u00fcck der in Deutschland lebenden Ukrainerin Anna Korsun.<\/p>\n<p class=\"western\" style=\"padding-left: 40px;\">Die Musik der Schwedin Lisa Streich verbindet Witz und tiefgr\u00fcndige Emotionen. Ihr erstmals in \u00d6sterreich pr\u00e4sentiertes St\u00fcck hei\u00dft \u201cLupinen\u201d, so wie die in ihrer Heimat invasive Pflanzenart, von der eine gef\u00e4hrliche Sch\u00f6nheit ausgeht. Bernhard Lang sprengte mit einem Werk aus seiner GAME-Serie die Grenzen klassischer Partituren. Die Form entstand im Spiel: Die Musiker w\u00e4hlen aus gemischten Kartensets und folgten dabei einem Satz von Spielregeln. Selbstorganisation ist Ziel und Mittel dieser musikalisch-kompositorischen Strategien. Passend zum Motto des Festivals, \u201cregel:bruch\u201d. Gestaltung: Marie-Therese Rudolph<\/p>\n<p class=\"western\">23:03 bis 00:00 Uhr +++ BR-KLASSIK<br \/>\n<b>Musik der Welt: Das Klezmer-Ensemble Noisten<\/b><\/p>\n<p class=\"western\" style=\"padding-left: 40px;\">Eine Sendung von Michaela Fridrich<\/p>\n","protected":false},"excerpt":{"rendered":"<p>Jazz im Radio \u2013 Jeden Sonntag gibt es um 12 Uhr unsere \u00dcbersicht f\u00fcr die jeweils nachfolgende Woche. Die #Jazz-Radiowoche vom 15.12. bis zum 21.12.2025. Erheblich d\u00fcnn! Auch als PDF zum Download \u2013 #Jazz #JazzZeitung #Radio #Radiowoche \u2013 Ein Service unserer Online-Redaktion.<\/p>\n","protected":false},"author":1,"featured_media":33468,"comment_status":"open","ping_status":"open","sticky":false,"template":"","format":"standard","meta":{"_jetpack_memberships_contains_paid_content":false,"footnotes":"","jetpack_publicize_message":"","jetpack_publicize_feature_enabled":true,"jetpack_social_post_already_shared":true,"jetpack_social_options":{"image_generator_settings":{"template":"highway","default_image_id":0,"font":"","enabled":false},"version":2}},"categories":[633,452],"tags":[3773,1629],"coauthors":[650],"class_list":["post-33467","post","type-post","status-publish","format-standard","has-post-thumbnail","hentry","category-nachrichten","category-radio","tag-die-radiowoche","tag-jazz-im-radio"],"yoast_head":"<!-- This site is optimized with the Yoast SEO plugin v27.5 - https:\/\/yoast.com\/product\/yoast-seo-wordpress\/ -->\n<title>Die uiuiui-Jazz-Radiowoche vom 15.12.2025 bis 21.12.2025 - JazzZeitung<\/title>\n<meta name=\"robots\" content=\"index, follow, max-snippet:-1, max-image-preview:large, max-video-preview:-1\" \/>\n<link rel=\"canonical\" href=\"https:\/\/www.jazzzeitung.de\/cms\/2025\/12\/die-uiuiui-jazz-radiowoche-vom-15-12-2025-bis-21-12-2025\/\" \/>\n<meta property=\"og:locale\" content=\"de_DE\" \/>\n<meta property=\"og:type\" content=\"article\" \/>\n<meta property=\"og:title\" content=\"Die uiuiui-Jazz-Radiowoche vom 15.12.2025 bis 21.12.2025 - JazzZeitung\" \/>\n<meta property=\"og:description\" content=\"Jazz im Radio \u2013 Jeden Sonntag gibt es um 12 Uhr unsere \u00dcbersicht f\u00fcr die jeweils nachfolgende Woche. Die #Jazz-Radiowoche vom 15.12. bis zum 21.12.2025. Erheblich d\u00fcnn! Auch als PDF zum Download \u2013 #Jazz #JazzZeitung #Radio #Radiowoche \u2013 Ein Service unserer Online-Redaktion.\" \/>\n<meta property=\"og:url\" content=\"https:\/\/www.jazzzeitung.de\/cms\/2025\/12\/die-uiuiui-jazz-radiowoche-vom-15-12-2025-bis-21-12-2025\/\" \/>\n<meta property=\"og:site_name\" content=\"JazzZeitung\" \/>\n<meta property=\"article:publisher\" content=\"https:\/\/www.facebook.com\/JazzZeitung\/\" \/>\n<meta property=\"article:author\" content=\"https:\/\/www.facebook.com\/hufner\" \/>\n<meta property=\"article:published_time\" content=\"2025-12-14T11:00:11+00:00\" \/>\n<meta property=\"og:image\" content=\"https:\/\/i0.wp.com\/www.jazzzeitung.de\/cms\/wp-content\/uploads\/2025\/12\/streifen.jpg?fit=1728%2C1296&ssl=1\" \/>\n\t<meta property=\"og:image:width\" content=\"1728\" \/>\n\t<meta property=\"og:image:height\" content=\"1296\" \/>\n\t<meta property=\"og:image:type\" content=\"image\/jpeg\" \/>\n<meta name=\"author\" content=\"Martin Hufner\" \/>\n<script type=\"application\/ld+json\" class=\"yoast-schema-graph\">{\"@context\":\"https:\\\/\\\/schema.org\",\"@graph\":[{\"@type\":\"Article\",\"@id\":\"https:\\\/\\\/www.jazzzeitung.de\\\/cms\\\/2025\\\/12\\\/die-uiuiui-jazz-radiowoche-vom-15-12-2025-bis-21-12-2025\\\/#article\",\"isPartOf\":{\"@id\":\"https:\\\/\\\/www.jazzzeitung.de\\\/cms\\\/2025\\\/12\\\/die-uiuiui-jazz-radiowoche-vom-15-12-2025-bis-21-12-2025\\\/\"},\"author\":{\"name\":\"Martin Hufner\",\"@id\":\"https:\\\/\\\/www.jazzzeitung.de\\\/cms\\\/#\\\/schema\\\/person\\\/b9a4e5ac765d94fb8f617bfa8f1fc5f7\"},\"headline\":\"Die uiuiui-Jazz-Radiowoche vom 15.12.2025 bis 21.12.2025\",\"datePublished\":\"2025-12-14T11:00:11+00:00\",\"mainEntityOfPage\":{\"@id\":\"https:\\\/\\\/www.jazzzeitung.de\\\/cms\\\/2025\\\/12\\\/die-uiuiui-jazz-radiowoche-vom-15-12-2025-bis-21-12-2025\\\/\"},\"wordCount\":2411,\"commentCount\":0,\"publisher\":{\"@id\":\"https:\\\/\\\/www.jazzzeitung.de\\\/cms\\\/#organization\"},\"image\":{\"@id\":\"https:\\\/\\\/www.jazzzeitung.de\\\/cms\\\/2025\\\/12\\\/die-uiuiui-jazz-radiowoche-vom-15-12-2025-bis-21-12-2025\\\/#primaryimage\"},\"thumbnailUrl\":\"https:\\\/\\\/i0.wp.com\\\/www.jazzzeitung.de\\\/cms\\\/wp-content\\\/uploads\\\/2025\\\/12\\\/streifen.jpg?fit=1728%2C1296&ssl=1\",\"keywords\":[\"Die Radiowoche\",\"Jazz im Radio\"],\"articleSection\":[\"News\",\"Radio\"],\"inLanguage\":\"de\",\"potentialAction\":[{\"@type\":\"CommentAction\",\"name\":\"Comment\",\"target\":[\"https:\\\/\\\/www.jazzzeitung.de\\\/cms\\\/2025\\\/12\\\/die-uiuiui-jazz-radiowoche-vom-15-12-2025-bis-21-12-2025\\\/#respond\"]}]},{\"@type\":\"WebPage\",\"@id\":\"https:\\\/\\\/www.jazzzeitung.de\\\/cms\\\/2025\\\/12\\\/die-uiuiui-jazz-radiowoche-vom-15-12-2025-bis-21-12-2025\\\/\",\"url\":\"https:\\\/\\\/www.jazzzeitung.de\\\/cms\\\/2025\\\/12\\\/die-uiuiui-jazz-radiowoche-vom-15-12-2025-bis-21-12-2025\\\/\",\"name\":\"Die uiuiui-Jazz-Radiowoche vom 15.12.2025 bis 21.12.2025 - JazzZeitung\",\"isPartOf\":{\"@id\":\"https:\\\/\\\/www.jazzzeitung.de\\\/cms\\\/#website\"},\"primaryImageOfPage\":{\"@id\":\"https:\\\/\\\/www.jazzzeitung.de\\\/cms\\\/2025\\\/12\\\/die-uiuiui-jazz-radiowoche-vom-15-12-2025-bis-21-12-2025\\\/#primaryimage\"},\"image\":{\"@id\":\"https:\\\/\\\/www.jazzzeitung.de\\\/cms\\\/2025\\\/12\\\/die-uiuiui-jazz-radiowoche-vom-15-12-2025-bis-21-12-2025\\\/#primaryimage\"},\"thumbnailUrl\":\"https:\\\/\\\/i0.wp.com\\\/www.jazzzeitung.de\\\/cms\\\/wp-content\\\/uploads\\\/2025\\\/12\\\/streifen.jpg?fit=1728%2C1296&ssl=1\",\"datePublished\":\"2025-12-14T11:00:11+00:00\",\"breadcrumb\":{\"@id\":\"https:\\\/\\\/www.jazzzeitung.de\\\/cms\\\/2025\\\/12\\\/die-uiuiui-jazz-radiowoche-vom-15-12-2025-bis-21-12-2025\\\/#breadcrumb\"},\"inLanguage\":\"de\",\"potentialAction\":[{\"@type\":\"ReadAction\",\"target\":[\"https:\\\/\\\/www.jazzzeitung.de\\\/cms\\\/2025\\\/12\\\/die-uiuiui-jazz-radiowoche-vom-15-12-2025-bis-21-12-2025\\\/\"]}]},{\"@type\":\"ImageObject\",\"inLanguage\":\"de\",\"@id\":\"https:\\\/\\\/www.jazzzeitung.de\\\/cms\\\/2025\\\/12\\\/die-uiuiui-jazz-radiowoche-vom-15-12-2025-bis-21-12-2025\\\/#primaryimage\",\"url\":\"https:\\\/\\\/i0.wp.com\\\/www.jazzzeitung.de\\\/cms\\\/wp-content\\\/uploads\\\/2025\\\/12\\\/streifen.jpg?fit=1728%2C1296&ssl=1\",\"contentUrl\":\"https:\\\/\\\/i0.wp.com\\\/www.jazzzeitung.de\\\/cms\\\/wp-content\\\/uploads\\\/2025\\\/12\\\/streifen.jpg?fit=1728%2C1296&ssl=1\",\"width\":1728,\"height\":1296,\"caption\":\"Streifen. Foto: Hufner\"},{\"@type\":\"BreadcrumbList\",\"@id\":\"https:\\\/\\\/www.jazzzeitung.de\\\/cms\\\/2025\\\/12\\\/die-uiuiui-jazz-radiowoche-vom-15-12-2025-bis-21-12-2025\\\/#breadcrumb\",\"itemListElement\":[{\"@type\":\"ListItem\",\"position\":1,\"name\":\"Startseite\",\"item\":\"https:\\\/\\\/www.jazzzeitung.de\\\/cms\\\/\"},{\"@type\":\"ListItem\",\"position\":2,\"name\":\"Die uiuiui-Jazz-Radiowoche vom 15.12.2025 bis 21.12.2025\"}]},{\"@type\":\"WebSite\",\"@id\":\"https:\\\/\\\/www.jazzzeitung.de\\\/cms\\\/#website\",\"url\":\"https:\\\/\\\/www.jazzzeitung.de\\\/cms\\\/\",\"name\":\"JazzZeitung\",\"description\":\"Jazz-News und Jazz-Kontroverses\",\"publisher\":{\"@id\":\"https:\\\/\\\/www.jazzzeitung.de\\\/cms\\\/#organization\"},\"potentialAction\":[{\"@type\":\"SearchAction\",\"target\":{\"@type\":\"EntryPoint\",\"urlTemplate\":\"https:\\\/\\\/www.jazzzeitung.de\\\/cms\\\/?s={search_term_string}\"},\"query-input\":{\"@type\":\"PropertyValueSpecification\",\"valueRequired\":true,\"valueName\":\"search_term_string\"}}],\"inLanguage\":\"de\"},{\"@type\":\"Organization\",\"@id\":\"https:\\\/\\\/www.jazzzeitung.de\\\/cms\\\/#organization\",\"name\":\"JazzZeitung online\",\"url\":\"https:\\\/\\\/www.jazzzeitung.de\\\/cms\\\/\",\"logo\":{\"@type\":\"ImageObject\",\"inLanguage\":\"de\",\"@id\":\"https:\\\/\\\/www.jazzzeitung.de\\\/cms\\\/#\\\/schema\\\/logo\\\/image\\\/\",\"url\":\"https:\\\/\\\/i0.wp.com\\\/www.jazzzeitung.de\\\/cms\\\/wp-content\\\/uploads\\\/2015\\\/08\\\/JAZZZEITUNGDE_Logo_Neu.png?fit=499%2C200&ssl=1\",\"contentUrl\":\"https:\\\/\\\/i0.wp.com\\\/www.jazzzeitung.de\\\/cms\\\/wp-content\\\/uploads\\\/2015\\\/08\\\/JAZZZEITUNGDE_Logo_Neu.png?fit=499%2C200&ssl=1\",\"width\":499,\"height\":200,\"caption\":\"JazzZeitung online\"},\"image\":{\"@id\":\"https:\\\/\\\/www.jazzzeitung.de\\\/cms\\\/#\\\/schema\\\/logo\\\/image\\\/\"},\"sameAs\":[\"https:\\\/\\\/www.facebook.com\\\/JazzZeitung\\\/\"]},{\"@type\":\"Person\",\"@id\":\"https:\\\/\\\/www.jazzzeitung.de\\\/cms\\\/#\\\/schema\\\/person\\\/b9a4e5ac765d94fb8f617bfa8f1fc5f7\",\"name\":\"Martin Hufner\",\"image\":{\"@type\":\"ImageObject\",\"inLanguage\":\"de\",\"@id\":\"https:\\\/\\\/i0.wp.com\\\/www.jazzzeitung.de\\\/cms\\\/wp-content\\\/uploads\\\/2013\\\/07\\\/huf-06.jpg?resize=96%2C96&ssl=15fcc31aa94540751a3b804516452be00\",\"url\":\"https:\\\/\\\/i0.wp.com\\\/www.jazzzeitung.de\\\/cms\\\/wp-content\\\/uploads\\\/2013\\\/07\\\/huf-06.jpg?resize=96%2C96&ssl=1\",\"contentUrl\":\"https:\\\/\\\/i0.wp.com\\\/www.jazzzeitung.de\\\/cms\\\/wp-content\\\/uploads\\\/2013\\\/07\\\/huf-06.jpg?resize=96%2C96&ssl=1\",\"caption\":\"Martin Hufner\"},\"description\":\"Martin Hufner ist freier Autor der JazzZeitung.\",\"sameAs\":[\"https:\\\/\\\/www.kritische-masse.de\\\/logbuch\",\"https:\\\/\\\/www.facebook.com\\\/hufner\"],\"url\":\"https:\\\/\\\/www.jazzzeitung.de\\\/cms\\\/author\\\/admin\\\/\"}]}<\/script>\n<!-- \/ Yoast SEO plugin. -->","yoast_head_json":{"title":"Die uiuiui-Jazz-Radiowoche vom 15.12.2025 bis 21.12.2025 - JazzZeitung","robots":{"index":"index","follow":"follow","max-snippet":"max-snippet:-1","max-image-preview":"max-image-preview:large","max-video-preview":"max-video-preview:-1"},"canonical":"https:\/\/www.jazzzeitung.de\/cms\/2025\/12\/die-uiuiui-jazz-radiowoche-vom-15-12-2025-bis-21-12-2025\/","og_locale":"de_DE","og_type":"article","og_title":"Die uiuiui-Jazz-Radiowoche vom 15.12.2025 bis 21.12.2025 - JazzZeitung","og_description":"Jazz im Radio \u2013 Jeden Sonntag gibt es um 12 Uhr unsere \u00dcbersicht f\u00fcr die jeweils nachfolgende Woche. Die #Jazz-Radiowoche vom 15.12. bis zum 21.12.2025. Erheblich d\u00fcnn! Auch als PDF zum Download \u2013 #Jazz #JazzZeitung #Radio #Radiowoche \u2013 Ein Service unserer Online-Redaktion.","og_url":"https:\/\/www.jazzzeitung.de\/cms\/2025\/12\/die-uiuiui-jazz-radiowoche-vom-15-12-2025-bis-21-12-2025\/","og_site_name":"JazzZeitung","article_publisher":"https:\/\/www.facebook.com\/JazzZeitung\/","article_author":"https:\/\/www.facebook.com\/hufner","article_published_time":"2025-12-14T11:00:11+00:00","og_image":[{"width":1728,"height":1296,"url":"https:\/\/i0.wp.com\/www.jazzzeitung.de\/cms\/wp-content\/uploads\/2025\/12\/streifen.jpg?fit=1728%2C1296&ssl=1","type":"image\/jpeg"}],"author":"Martin Hufner","schema":{"@context":"https:\/\/schema.org","@graph":[{"@type":"Article","@id":"https:\/\/www.jazzzeitung.de\/cms\/2025\/12\/die-uiuiui-jazz-radiowoche-vom-15-12-2025-bis-21-12-2025\/#article","isPartOf":{"@id":"https:\/\/www.jazzzeitung.de\/cms\/2025\/12\/die-uiuiui-jazz-radiowoche-vom-15-12-2025-bis-21-12-2025\/"},"author":{"name":"Martin Hufner","@id":"https:\/\/www.jazzzeitung.de\/cms\/#\/schema\/person\/b9a4e5ac765d94fb8f617bfa8f1fc5f7"},"headline":"Die uiuiui-Jazz-Radiowoche vom 15.12.2025 bis 21.12.2025","datePublished":"2025-12-14T11:00:11+00:00","mainEntityOfPage":{"@id":"https:\/\/www.jazzzeitung.de\/cms\/2025\/12\/die-uiuiui-jazz-radiowoche-vom-15-12-2025-bis-21-12-2025\/"},"wordCount":2411,"commentCount":0,"publisher":{"@id":"https:\/\/www.jazzzeitung.de\/cms\/#organization"},"image":{"@id":"https:\/\/www.jazzzeitung.de\/cms\/2025\/12\/die-uiuiui-jazz-radiowoche-vom-15-12-2025-bis-21-12-2025\/#primaryimage"},"thumbnailUrl":"https:\/\/i0.wp.com\/www.jazzzeitung.de\/cms\/wp-content\/uploads\/2025\/12\/streifen.jpg?fit=1728%2C1296&ssl=1","keywords":["Die Radiowoche","Jazz im Radio"],"articleSection":["News","Radio"],"inLanguage":"de","potentialAction":[{"@type":"CommentAction","name":"Comment","target":["https:\/\/www.jazzzeitung.de\/cms\/2025\/12\/die-uiuiui-jazz-radiowoche-vom-15-12-2025-bis-21-12-2025\/#respond"]}]},{"@type":"WebPage","@id":"https:\/\/www.jazzzeitung.de\/cms\/2025\/12\/die-uiuiui-jazz-radiowoche-vom-15-12-2025-bis-21-12-2025\/","url":"https:\/\/www.jazzzeitung.de\/cms\/2025\/12\/die-uiuiui-jazz-radiowoche-vom-15-12-2025-bis-21-12-2025\/","name":"Die uiuiui-Jazz-Radiowoche vom 15.12.2025 bis 21.12.2025 - JazzZeitung","isPartOf":{"@id":"https:\/\/www.jazzzeitung.de\/cms\/#website"},"primaryImageOfPage":{"@id":"https:\/\/www.jazzzeitung.de\/cms\/2025\/12\/die-uiuiui-jazz-radiowoche-vom-15-12-2025-bis-21-12-2025\/#primaryimage"},"image":{"@id":"https:\/\/www.jazzzeitung.de\/cms\/2025\/12\/die-uiuiui-jazz-radiowoche-vom-15-12-2025-bis-21-12-2025\/#primaryimage"},"thumbnailUrl":"https:\/\/i0.wp.com\/www.jazzzeitung.de\/cms\/wp-content\/uploads\/2025\/12\/streifen.jpg?fit=1728%2C1296&ssl=1","datePublished":"2025-12-14T11:00:11+00:00","breadcrumb":{"@id":"https:\/\/www.jazzzeitung.de\/cms\/2025\/12\/die-uiuiui-jazz-radiowoche-vom-15-12-2025-bis-21-12-2025\/#breadcrumb"},"inLanguage":"de","potentialAction":[{"@type":"ReadAction","target":["https:\/\/www.jazzzeitung.de\/cms\/2025\/12\/die-uiuiui-jazz-radiowoche-vom-15-12-2025-bis-21-12-2025\/"]}]},{"@type":"ImageObject","inLanguage":"de","@id":"https:\/\/www.jazzzeitung.de\/cms\/2025\/12\/die-uiuiui-jazz-radiowoche-vom-15-12-2025-bis-21-12-2025\/#primaryimage","url":"https:\/\/i0.wp.com\/www.jazzzeitung.de\/cms\/wp-content\/uploads\/2025\/12\/streifen.jpg?fit=1728%2C1296&ssl=1","contentUrl":"https:\/\/i0.wp.com\/www.jazzzeitung.de\/cms\/wp-content\/uploads\/2025\/12\/streifen.jpg?fit=1728%2C1296&ssl=1","width":1728,"height":1296,"caption":"Streifen. Foto: Hufner"},{"@type":"BreadcrumbList","@id":"https:\/\/www.jazzzeitung.de\/cms\/2025\/12\/die-uiuiui-jazz-radiowoche-vom-15-12-2025-bis-21-12-2025\/#breadcrumb","itemListElement":[{"@type":"ListItem","position":1,"name":"Startseite","item":"https:\/\/www.jazzzeitung.de\/cms\/"},{"@type":"ListItem","position":2,"name":"Die uiuiui-Jazz-Radiowoche vom 15.12.2025 bis 21.12.2025"}]},{"@type":"WebSite","@id":"https:\/\/www.jazzzeitung.de\/cms\/#website","url":"https:\/\/www.jazzzeitung.de\/cms\/","name":"JazzZeitung","description":"Jazz-News und Jazz-Kontroverses","publisher":{"@id":"https:\/\/www.jazzzeitung.de\/cms\/#organization"},"potentialAction":[{"@type":"SearchAction","target":{"@type":"EntryPoint","urlTemplate":"https:\/\/www.jazzzeitung.de\/cms\/?s={search_term_string}"},"query-input":{"@type":"PropertyValueSpecification","valueRequired":true,"valueName":"search_term_string"}}],"inLanguage":"de"},{"@type":"Organization","@id":"https:\/\/www.jazzzeitung.de\/cms\/#organization","name":"JazzZeitung online","url":"https:\/\/www.jazzzeitung.de\/cms\/","logo":{"@type":"ImageObject","inLanguage":"de","@id":"https:\/\/www.jazzzeitung.de\/cms\/#\/schema\/logo\/image\/","url":"https:\/\/i0.wp.com\/www.jazzzeitung.de\/cms\/wp-content\/uploads\/2015\/08\/JAZZZEITUNGDE_Logo_Neu.png?fit=499%2C200&ssl=1","contentUrl":"https:\/\/i0.wp.com\/www.jazzzeitung.de\/cms\/wp-content\/uploads\/2015\/08\/JAZZZEITUNGDE_Logo_Neu.png?fit=499%2C200&ssl=1","width":499,"height":200,"caption":"JazzZeitung online"},"image":{"@id":"https:\/\/www.jazzzeitung.de\/cms\/#\/schema\/logo\/image\/"},"sameAs":["https:\/\/www.facebook.com\/JazzZeitung\/"]},{"@type":"Person","@id":"https:\/\/www.jazzzeitung.de\/cms\/#\/schema\/person\/b9a4e5ac765d94fb8f617bfa8f1fc5f7","name":"Martin Hufner","image":{"@type":"ImageObject","inLanguage":"de","@id":"https:\/\/i0.wp.com\/www.jazzzeitung.de\/cms\/wp-content\/uploads\/2013\/07\/huf-06.jpg?resize=96%2C96&ssl=15fcc31aa94540751a3b804516452be00","url":"https:\/\/i0.wp.com\/www.jazzzeitung.de\/cms\/wp-content\/uploads\/2013\/07\/huf-06.jpg?resize=96%2C96&ssl=1","contentUrl":"https:\/\/i0.wp.com\/www.jazzzeitung.de\/cms\/wp-content\/uploads\/2013\/07\/huf-06.jpg?resize=96%2C96&ssl=1","caption":"Martin Hufner"},"description":"Martin Hufner ist freier Autor der JazzZeitung.","sameAs":["https:\/\/www.kritische-masse.de\/logbuch","https:\/\/www.facebook.com\/hufner"],"url":"https:\/\/www.jazzzeitung.de\/cms\/author\/admin\/"}]}},"wp-worthy-pixel":{"ignored":true,"public":null,"server":null,"url":null},"wp-worthy-type":"normal","jetpack_publicize_connections":[],"cc_featured_image_caption":{"caption_text":"Streifen. ","source_text":"Foto: Martin Hufner","source_url":"https:\/\/www.kritische-masse.de"},"jetpack_featured_media_url":"https:\/\/i0.wp.com\/www.jazzzeitung.de\/cms\/wp-content\/uploads\/2025\/12\/streifen.jpg?fit=1728%2C1296&ssl=1","jetpack_shortlink":"https:\/\/wp.me\/p3KEcT-8HN","jetpack-related-posts":[{"id":33138,"url":"https:\/\/www.jazzzeitung.de\/cms\/2025\/09\/die-atomgrosse-jazz-radiowoche-vom-29-09-2025-bis-05-10-2025\/","url_meta":{"origin":33467,"position":0},"title":"Die atomgro\u00dfe Jazz-Radiowoche vom 29.09.2025 bis 05.10.2025","author":"Martin Hufner","date":"28. September 2025","format":false,"excerpt":"Jazz im Radio \u2013 Jeden Sonntag gibt es um 12 Uhr unsere \u00dcbersicht f\u00fcr die jeweils nachfolgende Woche. Die #Jazz-Radiowoche vom 29.09. bis zum 05.10.2025. Erheblich d\u00fcnn! Auch als PDF zum Download \u2013 #Jazz #JazzZeitung #Radio #Radiowoche \u2013 Ein Service unserer Online-Redaktion.","rel":"","context":"In &quot;News&quot;","block_context":{"text":"News","link":"https:\/\/www.jazzzeitung.de\/cms\/thema\/nachrichten\/"},"img":{"alt_text":"Botanische Supernova mit schwarzem Loch in der Na\u0308he von Terra Nova. Foto: Hufner","src":"https:\/\/i0.wp.com\/www.jazzzeitung.de\/cms\/wp-content\/uploads\/2025\/09\/Botanische-Supernova-mit-schwarzem-Loch-in-der-Naehe-von-Terra-Nova.jpg?fit=1200%2C900&ssl=1&resize=350%2C200","width":350,"height":200,"srcset":"https:\/\/i0.wp.com\/www.jazzzeitung.de\/cms\/wp-content\/uploads\/2025\/09\/Botanische-Supernova-mit-schwarzem-Loch-in-der-Naehe-von-Terra-Nova.jpg?fit=1200%2C900&ssl=1&resize=350%2C200 1x, https:\/\/i0.wp.com\/www.jazzzeitung.de\/cms\/wp-content\/uploads\/2025\/09\/Botanische-Supernova-mit-schwarzem-Loch-in-der-Naehe-von-Terra-Nova.jpg?fit=1200%2C900&ssl=1&resize=525%2C300 1.5x, https:\/\/i0.wp.com\/www.jazzzeitung.de\/cms\/wp-content\/uploads\/2025\/09\/Botanische-Supernova-mit-schwarzem-Loch-in-der-Naehe-von-Terra-Nova.jpg?fit=1200%2C900&ssl=1&resize=700%2C400 2x, https:\/\/i0.wp.com\/www.jazzzeitung.de\/cms\/wp-content\/uploads\/2025\/09\/Botanische-Supernova-mit-schwarzem-Loch-in-der-Naehe-von-Terra-Nova.jpg?fit=1200%2C900&ssl=1&resize=1050%2C600 3x"},"classes":[]},{"id":31928,"url":"https:\/\/www.jazzzeitung.de\/cms\/2024\/11\/die-geschmolzene-jazz-radiowoche-vom-25-11-2024-bis-01-12-2024\/","url_meta":{"origin":33467,"position":1},"title":"Die geschmolzene Jazz-Radiowoche vom 25.11.2024 bis 01.12.2024","author":"Martin Hufner","date":"24. November 2024","format":false,"excerpt":"Jazz im Radio \u2013 Jeden Sonntag gibt es um 12 Uhr unsere \u00dcbersicht f\u00fcr die jeweils nachfolgende Woche. Die #Jazz-Radiowoche vom 25. November bis zum 1. Dezember 2024. Erheblich ausged\u00fcnnt. Die ARD schafft ihr Radio gewisserma\u00dfen ab. Auch als PDF zum Download \u2013 #Jazz #JazzZeitung #Radio #Radiowoche \u2013 Ein Service\u2026","rel":"","context":"In &quot;News&quot;","block_context":{"text":"News","link":"https:\/\/www.jazzzeitung.de\/cms\/thema\/nachrichten\/"},"img":{"alt_text":"zugfahrt 2023 1. MH","src":"https:\/\/i0.wp.com\/www.jazzzeitung.de\/cms\/wp-content\/uploads\/2024\/11\/zugfahrt2023-1.-MH.jpg?fit=1200%2C900&ssl=1&resize=350%2C200","width":350,"height":200,"srcset":"https:\/\/i0.wp.com\/www.jazzzeitung.de\/cms\/wp-content\/uploads\/2024\/11\/zugfahrt2023-1.-MH.jpg?fit=1200%2C900&ssl=1&resize=350%2C200 1x, https:\/\/i0.wp.com\/www.jazzzeitung.de\/cms\/wp-content\/uploads\/2024\/11\/zugfahrt2023-1.-MH.jpg?fit=1200%2C900&ssl=1&resize=525%2C300 1.5x, https:\/\/i0.wp.com\/www.jazzzeitung.de\/cms\/wp-content\/uploads\/2024\/11\/zugfahrt2023-1.-MH.jpg?fit=1200%2C900&ssl=1&resize=700%2C400 2x, https:\/\/i0.wp.com\/www.jazzzeitung.de\/cms\/wp-content\/uploads\/2024\/11\/zugfahrt2023-1.-MH.jpg?fit=1200%2C900&ssl=1&resize=1050%2C600 3x"},"classes":[]},{"id":32215,"url":"https:\/\/www.jazzzeitung.de\/cms\/2025\/02\/die-eingeschmolzene-jazz-radiowoche-vom-17-02-2025-bis-23-02-2025\/","url_meta":{"origin":33467,"position":2},"title":"Die eingeschmolzene Jazz-Radiowoche vom 17.02.2025 bis 23.02.2025","author":"Martin Hufner","date":"16. Februar 2025","format":false,"excerpt":"Jazz im Radio \u2013 Jeden Sonntag gibt es um 12 Uhr unsere \u00dcbersicht f\u00fcr die jeweils nachfolgende Woche. Die #Jazz-Radiowoche vom 10. bis 16. Februar 2025. Erheblich ausged\u00fcnnt. Die ARD schafft ihr Radio gewisserma\u00dfen ab. Auch als PDF zum Download \u2013 #Jazz #JazzZeitung #Radio #Radiowoche \u2013 Ein Service unserer Online-Redaktion.","rel":"","context":"In &quot;News&quot;","block_context":{"text":"News","link":"https:\/\/www.jazzzeitung.de\/cms\/thema\/nachrichten\/"},"img":{"alt_text":"Kunst vorm Bau. Foto: Hufner","src":"https:\/\/i0.wp.com\/www.jazzzeitung.de\/cms\/wp-content\/uploads\/2025\/02\/kunstvormbau.jpg?fit=1080%2C939&ssl=1&resize=350%2C200","width":350,"height":200,"srcset":"https:\/\/i0.wp.com\/www.jazzzeitung.de\/cms\/wp-content\/uploads\/2025\/02\/kunstvormbau.jpg?fit=1080%2C939&ssl=1&resize=350%2C200 1x, https:\/\/i0.wp.com\/www.jazzzeitung.de\/cms\/wp-content\/uploads\/2025\/02\/kunstvormbau.jpg?fit=1080%2C939&ssl=1&resize=525%2C300 1.5x, https:\/\/i0.wp.com\/www.jazzzeitung.de\/cms\/wp-content\/uploads\/2025\/02\/kunstvormbau.jpg?fit=1080%2C939&ssl=1&resize=700%2C400 2x, https:\/\/i0.wp.com\/www.jazzzeitung.de\/cms\/wp-content\/uploads\/2025\/02\/kunstvormbau.jpg?fit=1080%2C939&ssl=1&resize=1050%2C600 3x"},"classes":[]},{"id":22236,"url":"https:\/\/www.jazzzeitung.de\/cms\/2020\/03\/die-jazz-radiowoche-vom-30-03-20-bis-05-04-20\/","url_meta":{"origin":33467,"position":3},"title":"Die Jazz-Radiowoche vom 30.03.20 bis 05.04.20","author":"Martin Hufner","date":"29. M\u00e4rz 2020","format":false,"excerpt":"Ein kleiner Blick in die Jazzwoche 14 im Radio. Alle Angaben ohne Gew\u00e4hr. Jazz im Radio (Fernsehen) SR2 \u2013 JazzNow \u2013 Sonntags von 20.04 bis 22.30 Uhr BR-KLASSIK \u2013 Jazztime \u2013 Von Montag bis Freitag t\u00e4glich um 23.05 Uhr rbb-kultur \u2013 Late Night Jazz \u2013 Sa und So 23:04 \u2013\u2026","rel":"","context":"In &quot;News&quot;","block_context":{"text":"News","link":"https:\/\/www.jazzzeitung.de\/cms\/thema\/nachrichten\/"},"img":{"alt_text":"Jazz im Radio. Foto: Hufner","src":"https:\/\/i0.wp.com\/www.jazzzeitung.de\/cms\/wp-content\/uploads\/2019\/03\/jazz_im_radio.jpg?fit=1200%2C773&ssl=1&resize=350%2C200","width":350,"height":200,"srcset":"https:\/\/i0.wp.com\/www.jazzzeitung.de\/cms\/wp-content\/uploads\/2019\/03\/jazz_im_radio.jpg?fit=1200%2C773&ssl=1&resize=350%2C200 1x, https:\/\/i0.wp.com\/www.jazzzeitung.de\/cms\/wp-content\/uploads\/2019\/03\/jazz_im_radio.jpg?fit=1200%2C773&ssl=1&resize=525%2C300 1.5x, https:\/\/i0.wp.com\/www.jazzzeitung.de\/cms\/wp-content\/uploads\/2019\/03\/jazz_im_radio.jpg?fit=1200%2C773&ssl=1&resize=700%2C400 2x, https:\/\/i0.wp.com\/www.jazzzeitung.de\/cms\/wp-content\/uploads\/2019\/03\/jazz_im_radio.jpg?fit=1200%2C773&ssl=1&resize=1050%2C600 3x"},"classes":[]},{"id":32452,"url":"https:\/\/www.jazzzeitung.de\/cms\/2025\/04\/die-eingeschmolzene-jazz-radiowoche-vom-21-04-2025-bis-27-04-2025\/","url_meta":{"origin":33467,"position":4},"title":"Die eingeschmolzene Jazz-Radiowoche vom 21.04.2025 bis 27.04.2025","author":"Martin Hufner","date":"20. April 2025","format":false,"excerpt":"Jazz im Radio \u2013 Jeden Sonntag gibt es um 12 Uhr unsere \u00dcbersicht f\u00fcr die jeweils nachfolgende Woche. Die #Jazz-Radiowoche vom 21. bis 27. April 2025. Erheblich ausged\u00fcnnt. Auch als PDF zum Download \u2013 #Jazz #JazzZeitung #Radio #Radiowoche \u2013 Ein Service unserer Online-Redaktion.","rel":"","context":"In &quot;News&quot;","block_context":{"text":"News","link":"https:\/\/www.jazzzeitung.de\/cms\/thema\/nachrichten\/"},"img":{"alt_text":"Kn\u00f6pfe. Foto: Hufner","src":"https:\/\/i0.wp.com\/www.jazzzeitung.de\/cms\/wp-content\/uploads\/2025\/04\/knoepfe.jpg?fit=1200%2C900&ssl=1&resize=350%2C200","width":350,"height":200,"srcset":"https:\/\/i0.wp.com\/www.jazzzeitung.de\/cms\/wp-content\/uploads\/2025\/04\/knoepfe.jpg?fit=1200%2C900&ssl=1&resize=350%2C200 1x, https:\/\/i0.wp.com\/www.jazzzeitung.de\/cms\/wp-content\/uploads\/2025\/04\/knoepfe.jpg?fit=1200%2C900&ssl=1&resize=525%2C300 1.5x, https:\/\/i0.wp.com\/www.jazzzeitung.de\/cms\/wp-content\/uploads\/2025\/04\/knoepfe.jpg?fit=1200%2C900&ssl=1&resize=700%2C400 2x, https:\/\/i0.wp.com\/www.jazzzeitung.de\/cms\/wp-content\/uploads\/2025\/04\/knoepfe.jpg?fit=1200%2C900&ssl=1&resize=1050%2C600 3x"},"classes":[]},{"id":33293,"url":"https:\/\/www.jazzzeitung.de\/cms\/2025\/11\/die-quarksminimale-jazz-radiowoche-vom-03-11-2025-bis-09-11-2025\/","url_meta":{"origin":33467,"position":5},"title":"Die quarksminimale Jazz-Radiowoche vom 03.11.2025 bis 09.11.2025","author":"Martin Hufner","date":"2. November 2025","format":false,"excerpt":"Jazz im Radio \u2013 Jeden Sonntag gibt es um 12 Uhr unsere \u00dcbersicht f\u00fcr die jeweils nachfolgende Woche. Die #Jazz-Radiowoche vom 03.11. bis zum 09.11.2025. Erheblich d\u00fcnn! Auch als PDF zum Download \u2013 #Jazz #JazzZeitung #Radio #Radiowoche \u2013 Ein Service unserer Online-Redaktion.","rel":"","context":"In &quot;News&quot;","block_context":{"text":"News","link":"https:\/\/www.jazzzeitung.de\/cms\/thema\/nachrichten\/"},"img":{"alt_text":"Holzstapel. Foto: Hufner","src":"https:\/\/i0.wp.com\/www.jazzzeitung.de\/cms\/wp-content\/uploads\/2025\/10\/Wie-viel.jpg?fit=1200%2C900&ssl=1&resize=350%2C200","width":350,"height":200,"srcset":"https:\/\/i0.wp.com\/www.jazzzeitung.de\/cms\/wp-content\/uploads\/2025\/10\/Wie-viel.jpg?fit=1200%2C900&ssl=1&resize=350%2C200 1x, https:\/\/i0.wp.com\/www.jazzzeitung.de\/cms\/wp-content\/uploads\/2025\/10\/Wie-viel.jpg?fit=1200%2C900&ssl=1&resize=525%2C300 1.5x, https:\/\/i0.wp.com\/www.jazzzeitung.de\/cms\/wp-content\/uploads\/2025\/10\/Wie-viel.jpg?fit=1200%2C900&ssl=1&resize=700%2C400 2x, https:\/\/i0.wp.com\/www.jazzzeitung.de\/cms\/wp-content\/uploads\/2025\/10\/Wie-viel.jpg?fit=1200%2C900&ssl=1&resize=1050%2C600 3x"},"classes":[]}],"jetpack_sharing_enabled":false,"_links":{"self":[{"href":"https:\/\/www.jazzzeitung.de\/cms\/wp-json\/wp\/v2\/posts\/33467","targetHints":{"allow":["GET"]}}],"collection":[{"href":"https:\/\/www.jazzzeitung.de\/cms\/wp-json\/wp\/v2\/posts"}],"about":[{"href":"https:\/\/www.jazzzeitung.de\/cms\/wp-json\/wp\/v2\/types\/post"}],"author":[{"embeddable":true,"href":"https:\/\/www.jazzzeitung.de\/cms\/wp-json\/wp\/v2\/users\/1"}],"replies":[{"embeddable":true,"href":"https:\/\/www.jazzzeitung.de\/cms\/wp-json\/wp\/v2\/comments?post=33467"}],"version-history":[{"count":1,"href":"https:\/\/www.jazzzeitung.de\/cms\/wp-json\/wp\/v2\/posts\/33467\/revisions"}],"predecessor-version":[{"id":33469,"href":"https:\/\/www.jazzzeitung.de\/cms\/wp-json\/wp\/v2\/posts\/33467\/revisions\/33469"}],"wp:featuredmedia":[{"embeddable":true,"href":"https:\/\/www.jazzzeitung.de\/cms\/wp-json\/wp\/v2\/media\/33468"}],"wp:attachment":[{"href":"https:\/\/www.jazzzeitung.de\/cms\/wp-json\/wp\/v2\/media?parent=33467"}],"wp:term":[{"taxonomy":"category","embeddable":true,"href":"https:\/\/www.jazzzeitung.de\/cms\/wp-json\/wp\/v2\/categories?post=33467"},{"taxonomy":"post_tag","embeddable":true,"href":"https:\/\/www.jazzzeitung.de\/cms\/wp-json\/wp\/v2\/tags?post=33467"},{"taxonomy":"author","embeddable":true,"href":"https:\/\/www.jazzzeitung.de\/cms\/wp-json\/wp\/v2\/coauthors?post=33467"}],"curies":[{"name":"wp","href":"https:\/\/api.w.org\/{rel}","templated":true}]}}