{"id":33368,"date":"2025-11-18T08:26:52","date_gmt":"2025-11-18T07:26:52","guid":{"rendered":"https:\/\/www.jazzzeitung.de\/cms\/?p=33368"},"modified":"2025-11-17T16:27:09","modified_gmt":"2025-11-17T15:27:09","slug":"groove-und-klasse-bei-den-ingolstaedter-jazztagen","status":"publish","type":"post","link":"https:\/\/www.jazzzeitung.de\/cms\/2025\/11\/groove-und-klasse-bei-den-ingolstaedter-jazztagen\/","title":{"rendered":"Groove und Klasse bei den Ingolst\u00e4dter Jazztagen"},"content":{"rendered":"<p><strong>Fast zu viel des Guten<\/strong><\/p>\n<p><strong>Die Jazzparty der Ingolst\u00e4dter Jazztage steht diesmal ganz im Zeichen des k\u00fcnstlerischen Leiters Wolfgang Haffner. Alles hat Groove und Klasse, aber neun Acts bringen die Zuh\u00f6rer an die Grenze der Aufnahmef\u00e4higkeit<\/strong><\/p>\n<p>Schon immer waren die Jazzpartys H\u00f6hepunkte der Jazztage Ingolstadt. Daran hat sich auch wenig ge\u00e4ndert, seit Wolfgang Haffner die k\u00fcnstlerische Leitung \u00fcbernommen hat und man vom NH Hotel ins schmucke neue Maritim Hotel umgezogen ist. Allerdings gibt es statt zwei Abende nur noch einen, der freilich statt mit sechs mit acht Acts (plus jeweils einer Session-Band) best\u00fcckt ist.<\/p>\n<p>War Haffner im vergangenen Jahr noch gar nicht dabei, weil er die Leitung so kurzfristig \u00fcbernommen hatte, dass er au\u00dfer bei Grand Opening und Grand Closing selbst auf Tour unterwegs war, so lie\u00df er es sich heuer nicht nehmen, jedes Konzert selbst anzusagen. Die Begr\u00fc\u00dfungen fielen ihm nicht schwer, waren doch alles Bands musikalische Geistesverwandte oder gleich Freunde, mit denen er schon selbst gespielt hat.<\/p>\n<div class=\"tiled-gallery type-rectangular tiled-gallery-unresized\" data-original-width=\"840\" data-carousel-extra='{&quot;blog_id&quot;:1,&quot;permalink&quot;:&quot;https:\\\/\\\/www.jazzzeitung.de\\\/cms\\\/2025\\\/11\\\/groove-und-klasse-bei-den-ingolstaedter-jazztagen\\\/&quot;,&quot;likes_blog_id&quot;:55446655}' itemscope itemtype=\"http:\/\/schema.org\/ImageGallery\" > <div class=\"gallery-row\" style=\"width: 840px; height: 190px;\" data-original-width=\"840\" data-original-height=\"190\" > <div class=\"gallery-group images-1\" style=\"width: 145px; height: 190px;\" data-original-width=\"145\" data-original-height=\"190\" > <div class=\"tiled-gallery-item tiled-gallery-item-small\" itemprop=\"associatedMedia\" itemscope itemtype=\"http:\/\/schema.org\/ImageObject\"> <a href=\"https:\/\/www.jazzzeitung.de\/cms\/2025\/11\/groove-und-klasse-bei-den-ingolstaedter-jazztagen\/dieterilg2_oliverhochkeppel141125\/\" border=\"0\" itemprop=\"url\"> <meta itemprop=\"width\" content=\"141\"> <meta itemprop=\"height\" content=\"186\"> <img decoding=\"async\" class=\"\" data-attachment-id=\"33372\" data-orig-file=\"https:\/\/www.jazzzeitung.de\/cms\/wp-content\/uploads\/2025\/11\/DieterIlg2_OliverHochkeppel141125-scaled.jpg\" data-orig-size=\"1938,2560\" data-comments-opened=\"1\" data-image-meta=\"{&quot;aperture&quot;:&quot;0&quot;,&quot;credit&quot;:&quot;&quot;,&quot;camera&quot;:&quot;ILCE-7M3&quot;,&quot;caption&quot;:&quot;&quot;,&quot;created_timestamp&quot;:&quot;1763159412&quot;,&quot;copyright&quot;:&quot;&quot;,&quot;focal_length&quot;:&quot;0&quot;,&quot;iso&quot;:&quot;4000&quot;,&quot;shutter_speed&quot;:&quot;0&quot;,&quot;title&quot;:&quot;&quot;,&quot;orientation&quot;:&quot;0&quot;}\" data-image-title=\"\" data-image-description=\"\" data-medium-file=\"https:\/\/i0.wp.com\/www.jazzzeitung.de\/cms\/wp-content\/uploads\/2025\/11\/DieterIlg2_OliverHochkeppel141125-scaled.jpg?fit=227%2C300&#038;ssl=1\" data-large-file=\"https:\/\/i0.wp.com\/www.jazzzeitung.de\/cms\/wp-content\/uploads\/2025\/11\/DieterIlg2_OliverHochkeppel141125-scaled.jpg?fit=454%2C600&#038;ssl=1\" src=\"https:\/\/i0.wp.com\/www.jazzzeitung.de\/cms\/wp-content\/uploads\/2025\/11\/DieterIlg2_OliverHochkeppel141125-scaled.jpg?w=141&#038;h=186&#038;ssl=1\" srcset=\"https:\/\/i0.wp.com\/www.jazzzeitung.de\/cms\/wp-content\/uploads\/2025\/11\/DieterIlg2_OliverHochkeppel141125-scaled.jpg?w=1938&amp;ssl=1 1938w, https:\/\/i0.wp.com\/www.jazzzeitung.de\/cms\/wp-content\/uploads\/2025\/11\/DieterIlg2_OliverHochkeppel141125-scaled.jpg?resize=227%2C300&amp;ssl=1 227w, https:\/\/i0.wp.com\/www.jazzzeitung.de\/cms\/wp-content\/uploads\/2025\/11\/DieterIlg2_OliverHochkeppel141125-scaled.jpg?resize=454%2C600&amp;ssl=1 454w, https:\/\/i0.wp.com\/www.jazzzeitung.de\/cms\/wp-content\/uploads\/2025\/11\/DieterIlg2_OliverHochkeppel141125-scaled.jpg?resize=768%2C1015&amp;ssl=1 768w, https:\/\/i0.wp.com\/www.jazzzeitung.de\/cms\/wp-content\/uploads\/2025\/11\/DieterIlg2_OliverHochkeppel141125-scaled.jpg?resize=1163%2C1536&amp;ssl=1 1163w, https:\/\/i0.wp.com\/www.jazzzeitung.de\/cms\/wp-content\/uploads\/2025\/11\/DieterIlg2_OliverHochkeppel141125-scaled.jpg?resize=1550%2C2048&amp;ssl=1 1550w, https:\/\/i0.wp.com\/www.jazzzeitung.de\/cms\/wp-content\/uploads\/2025\/11\/DieterIlg2_OliverHochkeppel141125-scaled.jpg?resize=1320%2C1744&amp;ssl=1 1320w, https:\/\/i0.wp.com\/www.jazzzeitung.de\/cms\/wp-content\/uploads\/2025\/11\/DieterIlg2_OliverHochkeppel141125-scaled.jpg?w=1680&amp;ssl=1 1680w\" width=\"141\" height=\"186\" loading=\"lazy\" data-original-width=\"141\" data-original-height=\"186\" itemprop=\"http:\/\/schema.org\/image\" title=\"\" alt=\"Dieter Ilg. Foto: OliverHochkeppel\" style=\"width: 141px; height: 186px;\" \/> <\/a> <div class=\"tiled-gallery-caption\" itemprop=\"caption description\"> Dieter Ilg. Foto: OliverHochkeppel <\/div> <\/div> <\/div> <!-- close group --> <div class=\"gallery-group images-1\" style=\"width: 282px; height: 190px;\" data-original-width=\"282\" data-original-height=\"190\" > <div class=\"tiled-gallery-item tiled-gallery-item-large\" itemprop=\"associatedMedia\" itemscope itemtype=\"http:\/\/schema.org\/ImageObject\"> <a href=\"https:\/\/www.jazzzeitung.de\/cms\/2025\/11\/groove-und-klasse-bei-den-ingolstaedter-jazztagen\/eliasvollmer1_oliverhochkeppel141125\/\" border=\"0\" itemprop=\"url\"> <meta itemprop=\"width\" content=\"278\"> <meta itemprop=\"height\" content=\"186\"> <img decoding=\"async\" class=\"\" data-attachment-id=\"33373\" data-orig-file=\"https:\/\/www.jazzzeitung.de\/cms\/wp-content\/uploads\/2025\/11\/EliasVollmer1_OliverHochkeppel141125-scaled.jpg\" data-orig-size=\"2560,1716\" data-comments-opened=\"1\" data-image-meta=\"{&quot;aperture&quot;:&quot;0&quot;,&quot;credit&quot;:&quot;&quot;,&quot;camera&quot;:&quot;ILCE-7M3&quot;,&quot;caption&quot;:&quot;&quot;,&quot;created_timestamp&quot;:&quot;1763160897&quot;,&quot;copyright&quot;:&quot;&quot;,&quot;focal_length&quot;:&quot;0&quot;,&quot;iso&quot;:&quot;4000&quot;,&quot;shutter_speed&quot;:&quot;0&quot;,&quot;title&quot;:&quot;&quot;,&quot;orientation&quot;:&quot;0&quot;}\" data-image-title=\"\" data-image-description=\"\" data-medium-file=\"https:\/\/i0.wp.com\/www.jazzzeitung.de\/cms\/wp-content\/uploads\/2025\/11\/EliasVollmer1_OliverHochkeppel141125-scaled.jpg?fit=300%2C201&#038;ssl=1\" data-large-file=\"https:\/\/i0.wp.com\/www.jazzzeitung.de\/cms\/wp-content\/uploads\/2025\/11\/EliasVollmer1_OliverHochkeppel141125-scaled.jpg?fit=840%2C563&#038;ssl=1\" src=\"https:\/\/i0.wp.com\/www.jazzzeitung.de\/cms\/wp-content\/uploads\/2025\/11\/EliasVollmer1_OliverHochkeppel141125-scaled.jpg?w=278&#038;h=186&#038;ssl=1\" srcset=\"https:\/\/i0.wp.com\/www.jazzzeitung.de\/cms\/wp-content\/uploads\/2025\/11\/EliasVollmer1_OliverHochkeppel141125-scaled.jpg?w=2560&amp;ssl=1 2560w, https:\/\/i0.wp.com\/www.jazzzeitung.de\/cms\/wp-content\/uploads\/2025\/11\/EliasVollmer1_OliverHochkeppel141125-scaled.jpg?resize=300%2C201&amp;ssl=1 300w, https:\/\/i0.wp.com\/www.jazzzeitung.de\/cms\/wp-content\/uploads\/2025\/11\/EliasVollmer1_OliverHochkeppel141125-scaled.jpg?resize=895%2C600&amp;ssl=1 895w, https:\/\/i0.wp.com\/www.jazzzeitung.de\/cms\/wp-content\/uploads\/2025\/11\/EliasVollmer1_OliverHochkeppel141125-scaled.jpg?resize=768%2C515&amp;ssl=1 768w, https:\/\/i0.wp.com\/www.jazzzeitung.de\/cms\/wp-content\/uploads\/2025\/11\/EliasVollmer1_OliverHochkeppel141125-scaled.jpg?resize=1536%2C1030&amp;ssl=1 1536w, https:\/\/i0.wp.com\/www.jazzzeitung.de\/cms\/wp-content\/uploads\/2025\/11\/EliasVollmer1_OliverHochkeppel141125-scaled.jpg?resize=2048%2C1373&amp;ssl=1 2048w, https:\/\/i0.wp.com\/www.jazzzeitung.de\/cms\/wp-content\/uploads\/2025\/11\/EliasVollmer1_OliverHochkeppel141125-scaled.jpg?resize=120%2C80&amp;ssl=1 120w, https:\/\/i0.wp.com\/www.jazzzeitung.de\/cms\/wp-content\/uploads\/2025\/11\/EliasVollmer1_OliverHochkeppel141125-scaled.jpg?resize=1320%2C885&amp;ssl=1 1320w, https:\/\/i0.wp.com\/www.jazzzeitung.de\/cms\/wp-content\/uploads\/2025\/11\/EliasVollmer1_OliverHochkeppel141125-scaled.jpg?w=1680&amp;ssl=1 1680w\" width=\"278\" height=\"186\" loading=\"lazy\" data-original-width=\"278\" data-original-height=\"186\" itemprop=\"http:\/\/schema.org\/image\" title=\"\" alt=\"Elias Vollmer. Foto: OliverHochkeppel\" style=\"width: 278px; height: 186px;\" \/> <\/a> <div class=\"tiled-gallery-caption\" itemprop=\"caption description\"> Elias Vollmer. Foto: OliverHochkeppel <\/div> <\/div> <\/div> <!-- close group --> <div class=\"gallery-group images-1\" style=\"width: 128px; height: 190px;\" data-original-width=\"128\" data-original-height=\"190\" > <div class=\"tiled-gallery-item tiled-gallery-item-small\" itemprop=\"associatedMedia\" itemscope itemtype=\"http:\/\/schema.org\/ImageObject\"> <a href=\"https:\/\/www.jazzzeitung.de\/cms\/2025\/11\/groove-und-klasse-bei-den-ingolstaedter-jazztagen\/larsdanielsson3_oliverhochkeppel141125\/\" border=\"0\" itemprop=\"url\"> <meta itemprop=\"width\" content=\"124\"> <meta itemprop=\"height\" content=\"186\"> <img decoding=\"async\" class=\"\" data-attachment-id=\"33374\" data-orig-file=\"https:\/\/www.jazzzeitung.de\/cms\/wp-content\/uploads\/2025\/11\/LarsDanielsson3_OliverHochkeppel141125-scaled.jpg\" data-orig-size=\"1703,2560\" data-comments-opened=\"1\" data-image-meta=\"{&quot;aperture&quot;:&quot;0&quot;,&quot;credit&quot;:&quot;&quot;,&quot;camera&quot;:&quot;ILCE-7M3&quot;,&quot;caption&quot;:&quot;&quot;,&quot;created_timestamp&quot;:&quot;1763151817&quot;,&quot;copyright&quot;:&quot;&quot;,&quot;focal_length&quot;:&quot;0&quot;,&quot;iso&quot;:&quot;3200&quot;,&quot;shutter_speed&quot;:&quot;0&quot;,&quot;title&quot;:&quot;&quot;,&quot;orientation&quot;:&quot;0&quot;}\" data-image-title=\"\" data-image-description=\"\" data-medium-file=\"https:\/\/i0.wp.com\/www.jazzzeitung.de\/cms\/wp-content\/uploads\/2025\/11\/LarsDanielsson3_OliverHochkeppel141125-scaled.jpg?fit=200%2C300&#038;ssl=1\" data-large-file=\"https:\/\/i0.wp.com\/www.jazzzeitung.de\/cms\/wp-content\/uploads\/2025\/11\/LarsDanielsson3_OliverHochkeppel141125-scaled.jpg?fit=399%2C600&#038;ssl=1\" src=\"https:\/\/i0.wp.com\/www.jazzzeitung.de\/cms\/wp-content\/uploads\/2025\/11\/LarsDanielsson3_OliverHochkeppel141125-scaled.jpg?w=124&#038;h=186&#038;ssl=1\" srcset=\"https:\/\/i0.wp.com\/www.jazzzeitung.de\/cms\/wp-content\/uploads\/2025\/11\/LarsDanielsson3_OliverHochkeppel141125-scaled.jpg?w=1703&amp;ssl=1 1703w, https:\/\/i0.wp.com\/www.jazzzeitung.de\/cms\/wp-content\/uploads\/2025\/11\/LarsDanielsson3_OliverHochkeppel141125-scaled.jpg?resize=200%2C300&amp;ssl=1 200w, https:\/\/i0.wp.com\/www.jazzzeitung.de\/cms\/wp-content\/uploads\/2025\/11\/LarsDanielsson3_OliverHochkeppel141125-scaled.jpg?resize=399%2C600&amp;ssl=1 399w, https:\/\/i0.wp.com\/www.jazzzeitung.de\/cms\/wp-content\/uploads\/2025\/11\/LarsDanielsson3_OliverHochkeppel141125-scaled.jpg?resize=768%2C1154&amp;ssl=1 768w, https:\/\/i0.wp.com\/www.jazzzeitung.de\/cms\/wp-content\/uploads\/2025\/11\/LarsDanielsson3_OliverHochkeppel141125-scaled.jpg?resize=1022%2C1536&amp;ssl=1 1022w, https:\/\/i0.wp.com\/www.jazzzeitung.de\/cms\/wp-content\/uploads\/2025\/11\/LarsDanielsson3_OliverHochkeppel141125-scaled.jpg?resize=1362%2C2048&amp;ssl=1 1362w, https:\/\/i0.wp.com\/www.jazzzeitung.de\/cms\/wp-content\/uploads\/2025\/11\/LarsDanielsson3_OliverHochkeppel141125-scaled.jpg?resize=1320%2C1984&amp;ssl=1 1320w\" width=\"124\" height=\"186\" loading=\"lazy\" data-original-width=\"124\" data-original-height=\"186\" itemprop=\"http:\/\/schema.org\/image\" title=\"\" alt=\"Lars Danielsson. Foto: OliverHochkeppel\" style=\"width: 124px; height: 186px;\" \/> <\/a> <div class=\"tiled-gallery-caption\" itemprop=\"caption description\"> Lars Danielsson. Foto: OliverHochkeppel <\/div> <\/div> <\/div> <!-- close group --> <div class=\"gallery-group images-1\" style=\"width: 285px; height: 190px;\" data-original-width=\"285\" data-original-height=\"190\" > <div class=\"tiled-gallery-item tiled-gallery-item-large\" itemprop=\"associatedMedia\" itemscope itemtype=\"http:\/\/schema.org\/ImageObject\"> <a href=\"https:\/\/www.jazzzeitung.de\/cms\/2025\/11\/groove-und-klasse-bei-den-ingolstaedter-jazztagen\/larsdanielssoncaecilie-norby1_oliverhochkeppel141125\/\" border=\"0\" itemprop=\"url\"> <meta itemprop=\"width\" content=\"281\"> <meta itemprop=\"height\" content=\"186\"> <img decoding=\"async\" class=\"\" data-attachment-id=\"33375\" data-orig-file=\"https:\/\/www.jazzzeitung.de\/cms\/wp-content\/uploads\/2025\/11\/LarsDanielssonCaecilie-Norby1_OliverHochkeppel141125-scaled.jpg\" data-orig-size=\"2560,1698\" data-comments-opened=\"1\" data-image-meta=\"{&quot;aperture&quot;:&quot;0&quot;,&quot;credit&quot;:&quot;&quot;,&quot;camera&quot;:&quot;ILCE-7M3&quot;,&quot;caption&quot;:&quot;&quot;,&quot;created_timestamp&quot;:&quot;1763152474&quot;,&quot;copyright&quot;:&quot;&quot;,&quot;focal_length&quot;:&quot;0&quot;,&quot;iso&quot;:&quot;3200&quot;,&quot;shutter_speed&quot;:&quot;0&quot;,&quot;title&quot;:&quot;&quot;,&quot;orientation&quot;:&quot;0&quot;}\" data-image-title=\"\" data-image-description=\"\" data-medium-file=\"https:\/\/i0.wp.com\/www.jazzzeitung.de\/cms\/wp-content\/uploads\/2025\/11\/LarsDanielssonCaecilie-Norby1_OliverHochkeppel141125-scaled.jpg?fit=300%2C199&#038;ssl=1\" data-large-file=\"https:\/\/i0.wp.com\/www.jazzzeitung.de\/cms\/wp-content\/uploads\/2025\/11\/LarsDanielssonCaecilie-Norby1_OliverHochkeppel141125-scaled.jpg?fit=840%2C557&#038;ssl=1\" src=\"https:\/\/i0.wp.com\/www.jazzzeitung.de\/cms\/wp-content\/uploads\/2025\/11\/LarsDanielssonCaecilie-Norby1_OliverHochkeppel141125-scaled.jpg?w=281&#038;h=186&#038;ssl=1\" srcset=\"https:\/\/i0.wp.com\/www.jazzzeitung.de\/cms\/wp-content\/uploads\/2025\/11\/LarsDanielssonCaecilie-Norby1_OliverHochkeppel141125-scaled.jpg?w=2560&amp;ssl=1 2560w, https:\/\/i0.wp.com\/www.jazzzeitung.de\/cms\/wp-content\/uploads\/2025\/11\/LarsDanielssonCaecilie-Norby1_OliverHochkeppel141125-scaled.jpg?resize=300%2C199&amp;ssl=1 300w, https:\/\/i0.wp.com\/www.jazzzeitung.de\/cms\/wp-content\/uploads\/2025\/11\/LarsDanielssonCaecilie-Norby1_OliverHochkeppel141125-scaled.jpg?resize=900%2C597&amp;ssl=1 900w, https:\/\/i0.wp.com\/www.jazzzeitung.de\/cms\/wp-content\/uploads\/2025\/11\/LarsDanielssonCaecilie-Norby1_OliverHochkeppel141125-scaled.jpg?resize=768%2C509&amp;ssl=1 768w, https:\/\/i0.wp.com\/www.jazzzeitung.de\/cms\/wp-content\/uploads\/2025\/11\/LarsDanielssonCaecilie-Norby1_OliverHochkeppel141125-scaled.jpg?resize=1536%2C1019&amp;ssl=1 1536w, https:\/\/i0.wp.com\/www.jazzzeitung.de\/cms\/wp-content\/uploads\/2025\/11\/LarsDanielssonCaecilie-Norby1_OliverHochkeppel141125-scaled.jpg?resize=2048%2C1358&amp;ssl=1 2048w, https:\/\/i0.wp.com\/www.jazzzeitung.de\/cms\/wp-content\/uploads\/2025\/11\/LarsDanielssonCaecilie-Norby1_OliverHochkeppel141125-scaled.jpg?resize=120%2C80&amp;ssl=1 120w, https:\/\/i0.wp.com\/www.jazzzeitung.de\/cms\/wp-content\/uploads\/2025\/11\/LarsDanielssonCaecilie-Norby1_OliverHochkeppel141125-scaled.jpg?resize=1320%2C875&amp;ssl=1 1320w, https:\/\/i0.wp.com\/www.jazzzeitung.de\/cms\/wp-content\/uploads\/2025\/11\/LarsDanielssonCaecilie-Norby1_OliverHochkeppel141125-scaled.jpg?w=1680&amp;ssl=1 1680w\" width=\"281\" height=\"186\" loading=\"lazy\" data-original-width=\"281\" data-original-height=\"186\" itemprop=\"http:\/\/schema.org\/image\" title=\"\" alt=\"C\u00e6cilie Norby und LarsDanielsson. Foto: Oliver Hochkeppel\" style=\"width: 281px; height: 186px;\" \/> <\/a> <div class=\"tiled-gallery-caption\" itemprop=\"caption description\"> C\u00e6cilie Norby und LarsDanielsson. Foto: Oliver Hochkeppel <\/div> <\/div> <\/div> <!-- close group --> <\/div> <!-- close row --> <\/div>\n<p>Was mit Simon Oslender begann, seit einigen Jahren Haffners fester Pianist und Keyboarder. Nicht nur stellte der immer noch erst 27-J\u00e4hrige wieder einmal unter Beweis \u2013 jedenfalls f\u00fcr die Besucher, die einen Platz im rappelvollen Saal ergattern konnten -, das er eines der souligsten und groovendsten Talente der hiesigen Szene ist. Er konnte auch mit erlesenen Begleitern aufwarten. Neben Bruno M\u00fcller und Will Lee der legend\u00e4re Steve Gadd. Und wer dachte, dass der inzwischen etwas 80-J\u00e4hrige nicht nur in der Beweglichkeit auf den Beinen, sondern auch am Schlagzeug nachgelassen hat, der hatte sich get\u00e4uscht. Immer noch konkurrenzlos ist sein Feeling f\u00fcr groovende Figuren.<\/p>\n<p>Im gro\u00dfen Saal 1 folgten auf sie Trompetenstar Theo Croker mit einer moderneren, jazzigeren Version einer multistilistischen, aber immer noch eing\u00e4ngigen Hochdruck-Beschallung. W\u00e4hrend der Acid Jazz von Jean-Paul \u201eBluey\u201c Maunicks <em>Incognito-<\/em>Kollektiv inzwischen doch schon etwas Rost angesetzt hat. Vielleicht hat man es in Ingolstadt hnehin zum letzten Mal h\u00f6ren k\u00f6nnen, Maunick hat ernste gesundheitliche Probleme.<\/p>\n<p>F\u00fcr die cubbigeren Acts war der Saal 2 reserviert. Erst das jugendlich besetzte, frech vertrackte Sounds kultivierende Quartett des <em>Blumentopf<\/em>-Mitgr\u00fcnders Sepalot, dann die R\u2019n\u2019B- und Soulgetr\u00e4nkte, immer wieder \u00fcberzeugende Show des S\u00e4nger, Mundharmonika-Spielers und Charismatikers San2.<\/p>\n<div class=\"tiled-gallery type-rectangular tiled-gallery-unresized\" data-original-width=\"840\" data-carousel-extra='{&quot;blog_id&quot;:1,&quot;permalink&quot;:&quot;https:\\\/\\\/www.jazzzeitung.de\\\/cms\\\/2025\\\/11\\\/groove-und-klasse-bei-den-ingolstaedter-jazztagen\\\/&quot;,&quot;likes_blog_id&quot;:55446655}' itemscope itemtype=\"http:\/\/schema.org\/ImageGallery\" > <div class=\"gallery-row\" style=\"width: 840px; height: 169px;\" data-original-width=\"840\" data-original-height=\"169\" > <div class=\"gallery-group images-1\" style=\"width: 222px; height: 169px;\" data-original-width=\"222\" data-original-height=\"169\" > <div class=\"tiled-gallery-item tiled-gallery-item-small\" itemprop=\"associatedMedia\" itemscope itemtype=\"http:\/\/schema.org\/ImageObject\"> <a href=\"https:\/\/www.jazzzeitung.de\/cms\/2025\/11\/groove-und-klasse-bei-den-ingolstaedter-jazztagen\/patriceheral1_oliverhochkeppel141125\/\" border=\"0\" itemprop=\"url\"> <meta itemprop=\"width\" content=\"218\"> <meta itemprop=\"height\" content=\"165\"> <img decoding=\"async\" class=\"\" data-attachment-id=\"33377\" data-orig-file=\"https:\/\/www.jazzzeitung.de\/cms\/wp-content\/uploads\/2025\/11\/PatriceHeral1_OliverHochkeppel141125-scaled.jpg\" data-orig-size=\"2560,1931\" data-comments-opened=\"1\" data-image-meta=\"{&quot;aperture&quot;:&quot;0&quot;,&quot;credit&quot;:&quot;&quot;,&quot;camera&quot;:&quot;ILCE-7M3&quot;,&quot;caption&quot;:&quot;&quot;,&quot;created_timestamp&quot;:&quot;1763158468&quot;,&quot;copyright&quot;:&quot;&quot;,&quot;focal_length&quot;:&quot;0&quot;,&quot;iso&quot;:&quot;4000&quot;,&quot;shutter_speed&quot;:&quot;0&quot;,&quot;title&quot;:&quot;&quot;,&quot;orientation&quot;:&quot;0&quot;}\" data-image-title=\"\" data-image-description=\"\" data-medium-file=\"https:\/\/i0.wp.com\/www.jazzzeitung.de\/cms\/wp-content\/uploads\/2025\/11\/PatriceHeral1_OliverHochkeppel141125-scaled.jpg?fit=300%2C226&#038;ssl=1\" data-large-file=\"https:\/\/i0.wp.com\/www.jazzzeitung.de\/cms\/wp-content\/uploads\/2025\/11\/PatriceHeral1_OliverHochkeppel141125-scaled.jpg?fit=796%2C600&#038;ssl=1\" src=\"https:\/\/i0.wp.com\/www.jazzzeitung.de\/cms\/wp-content\/uploads\/2025\/11\/PatriceHeral1_OliverHochkeppel141125-scaled.jpg?w=218&#038;h=165&#038;ssl=1\" srcset=\"https:\/\/i0.wp.com\/www.jazzzeitung.de\/cms\/wp-content\/uploads\/2025\/11\/PatriceHeral1_OliverHochkeppel141125-scaled.jpg?w=2560&amp;ssl=1 2560w, https:\/\/i0.wp.com\/www.jazzzeitung.de\/cms\/wp-content\/uploads\/2025\/11\/PatriceHeral1_OliverHochkeppel141125-scaled.jpg?resize=300%2C226&amp;ssl=1 300w, https:\/\/i0.wp.com\/www.jazzzeitung.de\/cms\/wp-content\/uploads\/2025\/11\/PatriceHeral1_OliverHochkeppel141125-scaled.jpg?resize=796%2C600&amp;ssl=1 796w, https:\/\/i0.wp.com\/www.jazzzeitung.de\/cms\/wp-content\/uploads\/2025\/11\/PatriceHeral1_OliverHochkeppel141125-scaled.jpg?resize=768%2C579&amp;ssl=1 768w, https:\/\/i0.wp.com\/www.jazzzeitung.de\/cms\/wp-content\/uploads\/2025\/11\/PatriceHeral1_OliverHochkeppel141125-scaled.jpg?resize=1536%2C1158&amp;ssl=1 1536w, https:\/\/i0.wp.com\/www.jazzzeitung.de\/cms\/wp-content\/uploads\/2025\/11\/PatriceHeral1_OliverHochkeppel141125-scaled.jpg?resize=2048%2C1545&amp;ssl=1 2048w, https:\/\/i0.wp.com\/www.jazzzeitung.de\/cms\/wp-content\/uploads\/2025\/11\/PatriceHeral1_OliverHochkeppel141125-scaled.jpg?resize=1320%2C995&amp;ssl=1 1320w, https:\/\/i0.wp.com\/www.jazzzeitung.de\/cms\/wp-content\/uploads\/2025\/11\/PatriceHeral1_OliverHochkeppel141125-scaled.jpg?w=1680&amp;ssl=1 1680w\" width=\"218\" height=\"165\" loading=\"lazy\" data-original-width=\"218\" data-original-height=\"165\" itemprop=\"http:\/\/schema.org\/image\" title=\"\" alt=\"Patrice Heral. Foto: OliverHochkeppel\" style=\"width: 218px; height: 165px;\" \/> <\/a> <div class=\"tiled-gallery-caption\" itemprop=\"caption description\"> Patrice Heral. Foto: OliverHochkeppel <\/div> <\/div> <\/div> <!-- close group --> <div class=\"gallery-group images-1\" style=\"width: 114px; height: 169px;\" data-original-width=\"114\" data-original-height=\"169\" > <div class=\"tiled-gallery-item tiled-gallery-item-small\" itemprop=\"associatedMedia\" itemscope itemtype=\"http:\/\/schema.org\/ImageObject\"> <a href=\"https:\/\/www.jazzzeitung.de\/cms\/2025\/11\/groove-und-klasse-bei-den-ingolstaedter-jazztagen\/rainerboehm1_oliverhochkeppel141125\/\" border=\"0\" itemprop=\"url\"> <meta itemprop=\"width\" content=\"110\"> <meta itemprop=\"height\" content=\"165\"> <img decoding=\"async\" class=\"\" data-attachment-id=\"33378\" data-orig-file=\"https:\/\/www.jazzzeitung.de\/cms\/wp-content\/uploads\/2025\/11\/RainerBoehm1_OliverHochkeppel141125-scaled.jpg\" data-orig-size=\"1706,2560\" data-comments-opened=\"1\" data-image-meta=\"{&quot;aperture&quot;:&quot;0&quot;,&quot;credit&quot;:&quot;&quot;,&quot;camera&quot;:&quot;ILCE-7M3&quot;,&quot;caption&quot;:&quot;&quot;,&quot;created_timestamp&quot;:&quot;1763158590&quot;,&quot;copyright&quot;:&quot;&quot;,&quot;focal_length&quot;:&quot;0&quot;,&quot;iso&quot;:&quot;4000&quot;,&quot;shutter_speed&quot;:&quot;0&quot;,&quot;title&quot;:&quot;&quot;,&quot;orientation&quot;:&quot;0&quot;}\" data-image-title=\"\" data-image-description=\"\" data-medium-file=\"https:\/\/i0.wp.com\/www.jazzzeitung.de\/cms\/wp-content\/uploads\/2025\/11\/RainerBoehm1_OliverHochkeppel141125-scaled.jpg?fit=200%2C300&#038;ssl=1\" data-large-file=\"https:\/\/i0.wp.com\/www.jazzzeitung.de\/cms\/wp-content\/uploads\/2025\/11\/RainerBoehm1_OliverHochkeppel141125-scaled.jpg?fit=400%2C600&#038;ssl=1\" src=\"https:\/\/i0.wp.com\/www.jazzzeitung.de\/cms\/wp-content\/uploads\/2025\/11\/RainerBoehm1_OliverHochkeppel141125-scaled.jpg?w=110&#038;h=165&#038;ssl=1\" srcset=\"https:\/\/i0.wp.com\/www.jazzzeitung.de\/cms\/wp-content\/uploads\/2025\/11\/RainerBoehm1_OliverHochkeppel141125-scaled.jpg?w=1706&amp;ssl=1 1706w, https:\/\/i0.wp.com\/www.jazzzeitung.de\/cms\/wp-content\/uploads\/2025\/11\/RainerBoehm1_OliverHochkeppel141125-scaled.jpg?resize=200%2C300&amp;ssl=1 200w, https:\/\/i0.wp.com\/www.jazzzeitung.de\/cms\/wp-content\/uploads\/2025\/11\/RainerBoehm1_OliverHochkeppel141125-scaled.jpg?resize=400%2C600&amp;ssl=1 400w, https:\/\/i0.wp.com\/www.jazzzeitung.de\/cms\/wp-content\/uploads\/2025\/11\/RainerBoehm1_OliverHochkeppel141125-scaled.jpg?resize=768%2C1152&amp;ssl=1 768w, https:\/\/i0.wp.com\/www.jazzzeitung.de\/cms\/wp-content\/uploads\/2025\/11\/RainerBoehm1_OliverHochkeppel141125-scaled.jpg?resize=1024%2C1536&amp;ssl=1 1024w, https:\/\/i0.wp.com\/www.jazzzeitung.de\/cms\/wp-content\/uploads\/2025\/11\/RainerBoehm1_OliverHochkeppel141125-scaled.jpg?resize=1365%2C2048&amp;ssl=1 1365w, https:\/\/i0.wp.com\/www.jazzzeitung.de\/cms\/wp-content\/uploads\/2025\/11\/RainerBoehm1_OliverHochkeppel141125-scaled.jpg?resize=1320%2C1980&amp;ssl=1 1320w\" width=\"110\" height=\"165\" loading=\"lazy\" data-original-width=\"110\" data-original-height=\"165\" itemprop=\"http:\/\/schema.org\/image\" title=\"\" alt=\"Rainer B\u00f6hm. Foto: OliverHochkeppel\" style=\"width: 110px; height: 165px;\" \/> <\/a> <div class=\"tiled-gallery-caption\" itemprop=\"caption description\"> Rainer B\u00f6hm. Foto: OliverHochkeppel <\/div> <\/div> <\/div> <!-- close group --> <div class=\"gallery-group images-1\" style=\"width: 253px; height: 169px;\" data-original-width=\"253\" data-original-height=\"169\" > <div class=\"tiled-gallery-item tiled-gallery-item-small\" itemprop=\"associatedMedia\" itemscope itemtype=\"http:\/\/schema.org\/ImageObject\"> <a href=\"https:\/\/www.jazzzeitung.de\/cms\/2025\/11\/groove-und-klasse-bei-den-ingolstaedter-jazztagen\/san2_oliverhochkeppel141125\/\" border=\"0\" itemprop=\"url\"> <meta itemprop=\"width\" content=\"249\"> <meta itemprop=\"height\" content=\"165\"> <img decoding=\"async\" class=\"\" data-attachment-id=\"33379\" data-orig-file=\"https:\/\/www.jazzzeitung.de\/cms\/wp-content\/uploads\/2025\/11\/San2_OliverHochkeppel141125-scaled.jpg\" data-orig-size=\"2560,1696\" data-comments-opened=\"1\" data-image-meta=\"{&quot;aperture&quot;:&quot;0&quot;,&quot;credit&quot;:&quot;&quot;,&quot;camera&quot;:&quot;ILCE-7M3&quot;,&quot;caption&quot;:&quot;&quot;,&quot;created_timestamp&quot;:&quot;1763160969&quot;,&quot;copyright&quot;:&quot;&quot;,&quot;focal_length&quot;:&quot;0&quot;,&quot;iso&quot;:&quot;4000&quot;,&quot;shutter_speed&quot;:&quot;0&quot;,&quot;title&quot;:&quot;&quot;,&quot;orientation&quot;:&quot;0&quot;}\" data-image-title=\"\" data-image-description=\"\" data-medium-file=\"https:\/\/i0.wp.com\/www.jazzzeitung.de\/cms\/wp-content\/uploads\/2025\/11\/San2_OliverHochkeppel141125-scaled.jpg?fit=300%2C199&#038;ssl=1\" data-large-file=\"https:\/\/i0.wp.com\/www.jazzzeitung.de\/cms\/wp-content\/uploads\/2025\/11\/San2_OliverHochkeppel141125-scaled.jpg?fit=840%2C556&#038;ssl=1\" src=\"https:\/\/i0.wp.com\/www.jazzzeitung.de\/cms\/wp-content\/uploads\/2025\/11\/San2_OliverHochkeppel141125-scaled.jpg?w=249&#038;h=165&#038;ssl=1\" srcset=\"https:\/\/i0.wp.com\/www.jazzzeitung.de\/cms\/wp-content\/uploads\/2025\/11\/San2_OliverHochkeppel141125-scaled.jpg?w=2560&amp;ssl=1 2560w, https:\/\/i0.wp.com\/www.jazzzeitung.de\/cms\/wp-content\/uploads\/2025\/11\/San2_OliverHochkeppel141125-scaled.jpg?resize=300%2C199&amp;ssl=1 300w, https:\/\/i0.wp.com\/www.jazzzeitung.de\/cms\/wp-content\/uploads\/2025\/11\/San2_OliverHochkeppel141125-scaled.jpg?resize=900%2C596&amp;ssl=1 900w, https:\/\/i0.wp.com\/www.jazzzeitung.de\/cms\/wp-content\/uploads\/2025\/11\/San2_OliverHochkeppel141125-scaled.jpg?resize=768%2C509&amp;ssl=1 768w, https:\/\/i0.wp.com\/www.jazzzeitung.de\/cms\/wp-content\/uploads\/2025\/11\/San2_OliverHochkeppel141125-scaled.jpg?resize=1536%2C1017&amp;ssl=1 1536w, https:\/\/i0.wp.com\/www.jazzzeitung.de\/cms\/wp-content\/uploads\/2025\/11\/San2_OliverHochkeppel141125-scaled.jpg?resize=2048%2C1357&amp;ssl=1 2048w, https:\/\/i0.wp.com\/www.jazzzeitung.de\/cms\/wp-content\/uploads\/2025\/11\/San2_OliverHochkeppel141125-scaled.jpg?resize=120%2C80&amp;ssl=1 120w, https:\/\/i0.wp.com\/www.jazzzeitung.de\/cms\/wp-content\/uploads\/2025\/11\/San2_OliverHochkeppel141125-scaled.jpg?resize=1320%2C874&amp;ssl=1 1320w, https:\/\/i0.wp.com\/www.jazzzeitung.de\/cms\/wp-content\/uploads\/2025\/11\/San2_OliverHochkeppel141125-scaled.jpg?w=1680&amp;ssl=1 1680w\" width=\"249\" height=\"165\" loading=\"lazy\" data-original-width=\"249\" data-original-height=\"165\" itemprop=\"http:\/\/schema.org\/image\" title=\"\" alt=\"San. Foto: Oliver Hochkeppel\" style=\"width: 249px; height: 165px;\" \/> <\/a> <div class=\"tiled-gallery-caption\" itemprop=\"caption description\"> San. Foto: Oliver Hochkeppel <\/div> <\/div> <\/div> <!-- close group --> <div class=\"gallery-group images-1\" style=\"width: 251px; height: 169px;\" data-original-width=\"251\" data-original-height=\"169\" > <div class=\"tiled-gallery-item tiled-gallery-item-small\" itemprop=\"associatedMedia\" itemscope itemtype=\"http:\/\/schema.org\/ImageObject\"> <a href=\"https:\/\/www.jazzzeitung.de\/cms\/2025\/11\/groove-und-klasse-bei-den-ingolstaedter-jazztagen\/theocroker1_oliverhochkeppel141125\/\" border=\"0\" itemprop=\"url\"> <meta itemprop=\"width\" content=\"247\"> <meta itemprop=\"height\" content=\"165\"> <img decoding=\"async\" class=\"\" data-attachment-id=\"33381\" data-orig-file=\"https:\/\/www.jazzzeitung.de\/cms\/wp-content\/uploads\/2025\/11\/TheoCroker1_OliverHochkeppel141125-scaled.jpg\" data-orig-size=\"2560,1703\" data-comments-opened=\"1\" data-image-meta=\"{&quot;aperture&quot;:&quot;0&quot;,&quot;credit&quot;:&quot;&quot;,&quot;camera&quot;:&quot;ILCE-7M3&quot;,&quot;caption&quot;:&quot;&quot;,&quot;created_timestamp&quot;:&quot;1763158053&quot;,&quot;copyright&quot;:&quot;&quot;,&quot;focal_length&quot;:&quot;0&quot;,&quot;iso&quot;:&quot;4000&quot;,&quot;shutter_speed&quot;:&quot;0&quot;,&quot;title&quot;:&quot;&quot;,&quot;orientation&quot;:&quot;0&quot;}\" data-image-title=\"\" data-image-description=\"\" data-medium-file=\"https:\/\/i0.wp.com\/www.jazzzeitung.de\/cms\/wp-content\/uploads\/2025\/11\/TheoCroker1_OliverHochkeppel141125-scaled.jpg?fit=300%2C200&#038;ssl=1\" data-large-file=\"https:\/\/i0.wp.com\/www.jazzzeitung.de\/cms\/wp-content\/uploads\/2025\/11\/TheoCroker1_OliverHochkeppel141125-scaled.jpg?fit=840%2C560&#038;ssl=1\" src=\"https:\/\/i0.wp.com\/www.jazzzeitung.de\/cms\/wp-content\/uploads\/2025\/11\/TheoCroker1_OliverHochkeppel141125-scaled.jpg?w=247&#038;h=165&#038;ssl=1\" srcset=\"https:\/\/i0.wp.com\/www.jazzzeitung.de\/cms\/wp-content\/uploads\/2025\/11\/TheoCroker1_OliverHochkeppel141125-scaled.jpg?w=2560&amp;ssl=1 2560w, https:\/\/i0.wp.com\/www.jazzzeitung.de\/cms\/wp-content\/uploads\/2025\/11\/TheoCroker1_OliverHochkeppel141125-scaled.jpg?resize=300%2C200&amp;ssl=1 300w, https:\/\/i0.wp.com\/www.jazzzeitung.de\/cms\/wp-content\/uploads\/2025\/11\/TheoCroker1_OliverHochkeppel141125-scaled.jpg?resize=900%2C600&amp;ssl=1 900w, https:\/\/i0.wp.com\/www.jazzzeitung.de\/cms\/wp-content\/uploads\/2025\/11\/TheoCroker1_OliverHochkeppel141125-scaled.jpg?resize=768%2C511&amp;ssl=1 768w, https:\/\/i0.wp.com\/www.jazzzeitung.de\/cms\/wp-content\/uploads\/2025\/11\/TheoCroker1_OliverHochkeppel141125-scaled.jpg?resize=1536%2C1022&amp;ssl=1 1536w, https:\/\/i0.wp.com\/www.jazzzeitung.de\/cms\/wp-content\/uploads\/2025\/11\/TheoCroker1_OliverHochkeppel141125-scaled.jpg?resize=2048%2C1362&amp;ssl=1 2048w, https:\/\/i0.wp.com\/www.jazzzeitung.de\/cms\/wp-content\/uploads\/2025\/11\/TheoCroker1_OliverHochkeppel141125-scaled.jpg?resize=120%2C80&amp;ssl=1 120w, https:\/\/i0.wp.com\/www.jazzzeitung.de\/cms\/wp-content\/uploads\/2025\/11\/TheoCroker1_OliverHochkeppel141125-scaled.jpg?resize=1320%2C878&amp;ssl=1 1320w, https:\/\/i0.wp.com\/www.jazzzeitung.de\/cms\/wp-content\/uploads\/2025\/11\/TheoCroker1_OliverHochkeppel141125-scaled.jpg?w=1680&amp;ssl=1 1680w\" width=\"247\" height=\"165\" loading=\"lazy\" data-original-width=\"247\" data-original-height=\"165\" itemprop=\"http:\/\/schema.org\/image\" title=\"\" alt=\"Theo Croker. Foto: OliverHochkeppel\" style=\"width: 247px; height: 165px;\" \/> <\/a> <div class=\"tiled-gallery-caption\" itemprop=\"caption description\"> Theo Croker. Foto: OliverHochkeppel <\/div> <\/div> <\/div> <!-- close group --> <\/div> <!-- close row --> <\/div>\n<p>Im Saal 3 schlie\u00dflich gab es die feineren T\u00f6ne. Erst das h\u00f6rbar nordische, Pop in kammermusikalischen Jazz verwandelnde Duo der stimmgewaltigen C\u00e6cilie Norby und ihres Ehemanns Lars Danielsson an Kontrabass und Cello. Dann \u2013 als ein H\u00f6hepunkt des H\u00f6hepunkts &#8211; das wieder einmal umwerfende Dieter Ilg Trio: Ilg selbst r\u00fcckte sich erneut als einer der weltbesten seines Fachs ins Ged\u00e4chtnis. So filigran, so swingend, so musikalisch, so melodisch und so wuchtig, wenn n\u00f6tig. Nicht minder eindrucksvoll Rainer B\u00f6hm, der auf einer Stufe mit einem Michael Wollny stehen m\u00fcsste, wenn es in der Musikrezeption gerecht zuginge. Und schlie\u00dflich Patrice Heral mit seinem perkussiven Schlagzeugspiel und seinem eigenwilligen Humor. Alles zum ersten Mal nicht auf der Betrachtung einer Klassik-Ikone ausgerichtet, sondern unter dem Titel \u201eMotherland\u201c auf Lieblingsst\u00fccken verschiedenster Provenienz, darunter eben auch viele eigene.<\/p>\n<p>Und schlie\u00dflich noch das kubanische-lateinamerikanische Element mit Marialy Pacheco und ihrem Trio, schwungvoll und lebenslustig. Bevor es oben in der Bar mit einer von Tom \u201eTorpedo\u201c Jahn geleiteten Session auf die lange Schlussgerade ging.<\/p>\n<p>Eine beachtliche Bandbreite wurde hier also abgedeckt, wenn auch das Sperrige, Avantgardistische, frei Improvisatorische ausgeblendet blieb. Was aber ja zum einem dem Geist von Wolfgang Haffner wie dem Sinn einer Jazzparty entsprach. Wenn man etwas einwenden k\u00f6nnte, dann die Masse: Neun Acts an einem Abend sind selbst f\u00fcr einen Berufs-Jazzh\u00f6rer an der Grenze zur Aufnahmef\u00e4higkeit, abgesehen davon, dass man nat\u00fcrlich kein Konzert ganz anh\u00f6ren konnte, ohne Teile von anderen zu verpassen. Vielleicht w\u00e4re weniger mehr. Sechs Bands wie fr\u00fcher w\u00fcrden es auch tun.<\/p>\n<p>Text und Fotos: Oliver Hochkeppel<br \/>\nBeitragsbild: die britische Acid Jazzz-Band Incognito<\/p>\n","protected":false},"excerpt":{"rendered":"<p>Fast zu viel des Guten Die Jazzparty der Ingolst\u00e4dter Jazztage steht diesmal ganz im Zeichen des k\u00fcnstlerischen Leiters Wolfgang Haffner. Alles hat Groove und Klasse, aber neun Acts bringen die Zuh\u00f6rer an die Grenze der Aufnahmef\u00e4higkeit Schon immer waren die Jazzpartys H\u00f6hepunkte der Jazztage Ingolstadt. Daran hat sich auch wenig ge\u00e4ndert, seit Wolfgang Haffner die k\u00fcnstlerische Leitung \u00fcbernommen hat und man vom NH Hotel ins schmucke neue Maritim Hotel umgezogen ist. Allerdings gibt es statt zwei Abende nur noch einen, der freilich statt mit sechs mit acht Acts (plus jeweils einer Session-Band) best\u00fcckt ist. War Haffner im vergangenen Jahr noch gar nicht dabei, weil er die Leitung so kurzfristig \u00fcbernommen hatte, dass er au\u00dfer bei Grand Opening und Grand Closing selbst auf Tour unterwegs war, so lie\u00df er es sich heuer nicht nehmen, jedes Konzert selbst anzusagen. Die Begr\u00fc\u00dfungen fielen ihm nicht schwer, waren doch alles Bands musikalische Geistesverwandte oder gleich Freunde, mit denen er schon selbst gespielt hat. Was mit Simon Oslender begann, seit einigen Jahren Haffners fester Pianist und Keyboarder. Nicht nur stellte der immer noch erst 27-J\u00e4hrige wieder einmal unter Beweis \u2013 &hellip;<\/p>\n","protected":false},"author":18,"featured_media":33371,"comment_status":"open","ping_status":"closed","sticky":false,"template":"","format":"standard","meta":{"_jetpack_memberships_contains_paid_content":false,"footnotes":"","jetpack_publicize_message":"","jetpack_publicize_feature_enabled":true,"jetpack_social_post_already_shared":true,"jetpack_social_options":{"image_generator_settings":{"template":"highway","default_image_id":0,"font":"","enabled":false},"version":2}},"categories":[633],"tags":[3126,5728,344,5687,1164,5727,5726,924],"coauthors":[695],"class_list":["post-33368","post","type-post","status-publish","format-standard","has-post-thumbnail","hentry","category-nachrichten","tag-caecilie-norby","tag-dieter-ilg","tag-lars-danielsson","tag-marialy-pacheco","tag-rainer-boehm","tag-san2","tag-sepalot","tag-theo-croker"],"yoast_head":"<!-- This site is optimized with the Yoast SEO plugin v27.5 - https:\/\/yoast.com\/product\/yoast-seo-wordpress\/ -->\n<title>Groove und Klasse bei den Ingolst\u00e4dter Jazztagen - JazzZeitung<\/title>\n<meta name=\"robots\" content=\"index, follow, max-snippet:-1, max-image-preview:large, max-video-preview:-1\" \/>\n<link rel=\"canonical\" href=\"https:\/\/www.jazzzeitung.de\/cms\/2025\/11\/groove-und-klasse-bei-den-ingolstaedter-jazztagen\/\" \/>\n<meta property=\"og:locale\" content=\"de_DE\" \/>\n<meta property=\"og:type\" content=\"article\" \/>\n<meta property=\"og:title\" content=\"Groove und Klasse bei den Ingolst\u00e4dter Jazztagen - JazzZeitung\" \/>\n<meta property=\"og:description\" content=\"Fast zu viel des Guten Die Jazzparty der Ingolst\u00e4dter Jazztage steht diesmal ganz im Zeichen des k\u00fcnstlerischen Leiters Wolfgang Haffner. Alles hat Groove und Klasse, aber neun Acts bringen die Zuh\u00f6rer an die Grenze der Aufnahmef\u00e4higkeit Schon immer waren die Jazzpartys H\u00f6hepunkte der Jazztage Ingolstadt. Daran hat sich auch wenig ge\u00e4ndert, seit Wolfgang Haffner die k\u00fcnstlerische Leitung \u00fcbernommen hat und man vom NH Hotel ins schmucke neue Maritim Hotel umgezogen ist. Allerdings gibt es statt zwei Abende nur noch einen, der freilich statt mit sechs mit acht Acts (plus jeweils einer Session-Band) best\u00fcckt ist. War Haffner im vergangenen Jahr noch gar nicht dabei, weil er die Leitung so kurzfristig \u00fcbernommen hatte, dass er au\u00dfer bei Grand Opening und Grand Closing selbst auf Tour unterwegs war, so lie\u00df er es sich heuer nicht nehmen, jedes Konzert selbst anzusagen. Die Begr\u00fc\u00dfungen fielen ihm nicht schwer, waren doch alles Bands musikalische Geistesverwandte oder gleich Freunde, mit denen er schon selbst gespielt hat. Was mit Simon Oslender begann, seit einigen Jahren Haffners fester Pianist und Keyboarder. Nicht nur stellte der immer noch erst 27-J\u00e4hrige wieder einmal unter Beweis \u2013 &hellip;\" \/>\n<meta property=\"og:url\" content=\"https:\/\/www.jazzzeitung.de\/cms\/2025\/11\/groove-und-klasse-bei-den-ingolstaedter-jazztagen\/\" \/>\n<meta property=\"og:site_name\" content=\"JazzZeitung\" \/>\n<meta property=\"article:publisher\" content=\"https:\/\/www.facebook.com\/JazzZeitung\/\" \/>\n<meta property=\"article:published_time\" content=\"2025-11-18T07:26:52+00:00\" \/>\n<meta property=\"og:image\" content=\"https:\/\/i0.wp.com\/www.jazzzeitung.de\/cms\/wp-content\/uploads\/2025\/11\/Incognito2_OliverHochkeppel141125-scaled.jpg?fit=2560%2C1711&ssl=1\" \/>\n\t<meta property=\"og:image:width\" content=\"2560\" \/>\n\t<meta property=\"og:image:height\" content=\"1711\" \/>\n\t<meta property=\"og:image:type\" content=\"image\/jpeg\" \/>\n<meta name=\"author\" content=\"Redaktion JazzZeitung\" \/>\n<script type=\"application\/ld+json\" class=\"yoast-schema-graph\">{\"@context\":\"https:\\\/\\\/schema.org\",\"@graph\":[{\"@type\":\"Article\",\"@id\":\"https:\\\/\\\/www.jazzzeitung.de\\\/cms\\\/2025\\\/11\\\/groove-und-klasse-bei-den-ingolstaedter-jazztagen\\\/#article\",\"isPartOf\":{\"@id\":\"https:\\\/\\\/www.jazzzeitung.de\\\/cms\\\/2025\\\/11\\\/groove-und-klasse-bei-den-ingolstaedter-jazztagen\\\/\"},\"author\":{\"name\":\"Redaktion JazzZeitung\",\"@id\":\"https:\\\/\\\/www.jazzzeitung.de\\\/cms\\\/#\\\/schema\\\/person\\\/2245b36b9cd1d24cea10f01c031fb92b\"},\"headline\":\"Groove und Klasse bei den Ingolst\u00e4dter Jazztagen\",\"datePublished\":\"2025-11-18T07:26:52+00:00\",\"mainEntityOfPage\":{\"@id\":\"https:\\\/\\\/www.jazzzeitung.de\\\/cms\\\/2025\\\/11\\\/groove-und-klasse-bei-den-ingolstaedter-jazztagen\\\/\"},\"wordCount\":675,\"commentCount\":0,\"publisher\":{\"@id\":\"https:\\\/\\\/www.jazzzeitung.de\\\/cms\\\/#organization\"},\"image\":{\"@id\":\"https:\\\/\\\/www.jazzzeitung.de\\\/cms\\\/2025\\\/11\\\/groove-und-klasse-bei-den-ingolstaedter-jazztagen\\\/#primaryimage\"},\"thumbnailUrl\":\"https:\\\/\\\/i0.wp.com\\\/www.jazzzeitung.de\\\/cms\\\/wp-content\\\/uploads\\\/2025\\\/11\\\/Incognito2_OliverHochkeppel141125-scaled.jpg?fit=2560%2C1711&ssl=1\",\"keywords\":[\"Caecilie Norby\",\"Dieter Ilg\",\"Lars Danielsson\",\"Marialy Pacheco\",\"Rainer B\u00f6hm\",\"San2\",\"Sepalot\",\"Theo Croker\"],\"articleSection\":[\"News\"],\"inLanguage\":\"de\",\"potentialAction\":[{\"@type\":\"CommentAction\",\"name\":\"Comment\",\"target\":[\"https:\\\/\\\/www.jazzzeitung.de\\\/cms\\\/2025\\\/11\\\/groove-und-klasse-bei-den-ingolstaedter-jazztagen\\\/#respond\"]}]},{\"@type\":\"WebPage\",\"@id\":\"https:\\\/\\\/www.jazzzeitung.de\\\/cms\\\/2025\\\/11\\\/groove-und-klasse-bei-den-ingolstaedter-jazztagen\\\/\",\"url\":\"https:\\\/\\\/www.jazzzeitung.de\\\/cms\\\/2025\\\/11\\\/groove-und-klasse-bei-den-ingolstaedter-jazztagen\\\/\",\"name\":\"Groove und Klasse bei den Ingolst\u00e4dter Jazztagen - JazzZeitung\",\"isPartOf\":{\"@id\":\"https:\\\/\\\/www.jazzzeitung.de\\\/cms\\\/#website\"},\"primaryImageOfPage\":{\"@id\":\"https:\\\/\\\/www.jazzzeitung.de\\\/cms\\\/2025\\\/11\\\/groove-und-klasse-bei-den-ingolstaedter-jazztagen\\\/#primaryimage\"},\"image\":{\"@id\":\"https:\\\/\\\/www.jazzzeitung.de\\\/cms\\\/2025\\\/11\\\/groove-und-klasse-bei-den-ingolstaedter-jazztagen\\\/#primaryimage\"},\"thumbnailUrl\":\"https:\\\/\\\/i0.wp.com\\\/www.jazzzeitung.de\\\/cms\\\/wp-content\\\/uploads\\\/2025\\\/11\\\/Incognito2_OliverHochkeppel141125-scaled.jpg?fit=2560%2C1711&ssl=1\",\"datePublished\":\"2025-11-18T07:26:52+00:00\",\"breadcrumb\":{\"@id\":\"https:\\\/\\\/www.jazzzeitung.de\\\/cms\\\/2025\\\/11\\\/groove-und-klasse-bei-den-ingolstaedter-jazztagen\\\/#breadcrumb\"},\"inLanguage\":\"de\",\"potentialAction\":[{\"@type\":\"ReadAction\",\"target\":[\"https:\\\/\\\/www.jazzzeitung.de\\\/cms\\\/2025\\\/11\\\/groove-und-klasse-bei-den-ingolstaedter-jazztagen\\\/\"]}]},{\"@type\":\"ImageObject\",\"inLanguage\":\"de\",\"@id\":\"https:\\\/\\\/www.jazzzeitung.de\\\/cms\\\/2025\\\/11\\\/groove-und-klasse-bei-den-ingolstaedter-jazztagen\\\/#primaryimage\",\"url\":\"https:\\\/\\\/i0.wp.com\\\/www.jazzzeitung.de\\\/cms\\\/wp-content\\\/uploads\\\/2025\\\/11\\\/Incognito2_OliverHochkeppel141125-scaled.jpg?fit=2560%2C1711&ssl=1\",\"contentUrl\":\"https:\\\/\\\/i0.wp.com\\\/www.jazzzeitung.de\\\/cms\\\/wp-content\\\/uploads\\\/2025\\\/11\\\/Incognito2_OliverHochkeppel141125-scaled.jpg?fit=2560%2C1711&ssl=1\",\"width\":2560,\"height\":1711},{\"@type\":\"BreadcrumbList\",\"@id\":\"https:\\\/\\\/www.jazzzeitung.de\\\/cms\\\/2025\\\/11\\\/groove-und-klasse-bei-den-ingolstaedter-jazztagen\\\/#breadcrumb\",\"itemListElement\":[{\"@type\":\"ListItem\",\"position\":1,\"name\":\"Startseite\",\"item\":\"https:\\\/\\\/www.jazzzeitung.de\\\/cms\\\/\"},{\"@type\":\"ListItem\",\"position\":2,\"name\":\"Groove und Klasse bei den Ingolst\u00e4dter Jazztagen\"}]},{\"@type\":\"WebSite\",\"@id\":\"https:\\\/\\\/www.jazzzeitung.de\\\/cms\\\/#website\",\"url\":\"https:\\\/\\\/www.jazzzeitung.de\\\/cms\\\/\",\"name\":\"JazzZeitung\",\"description\":\"Jazz-News und Jazz-Kontroverses\",\"publisher\":{\"@id\":\"https:\\\/\\\/www.jazzzeitung.de\\\/cms\\\/#organization\"},\"potentialAction\":[{\"@type\":\"SearchAction\",\"target\":{\"@type\":\"EntryPoint\",\"urlTemplate\":\"https:\\\/\\\/www.jazzzeitung.de\\\/cms\\\/?s={search_term_string}\"},\"query-input\":{\"@type\":\"PropertyValueSpecification\",\"valueRequired\":true,\"valueName\":\"search_term_string\"}}],\"inLanguage\":\"de\"},{\"@type\":\"Organization\",\"@id\":\"https:\\\/\\\/www.jazzzeitung.de\\\/cms\\\/#organization\",\"name\":\"JazzZeitung online\",\"url\":\"https:\\\/\\\/www.jazzzeitung.de\\\/cms\\\/\",\"logo\":{\"@type\":\"ImageObject\",\"inLanguage\":\"de\",\"@id\":\"https:\\\/\\\/www.jazzzeitung.de\\\/cms\\\/#\\\/schema\\\/logo\\\/image\\\/\",\"url\":\"https:\\\/\\\/i0.wp.com\\\/www.jazzzeitung.de\\\/cms\\\/wp-content\\\/uploads\\\/2015\\\/08\\\/JAZZZEITUNGDE_Logo_Neu.png?fit=499%2C200&ssl=1\",\"contentUrl\":\"https:\\\/\\\/i0.wp.com\\\/www.jazzzeitung.de\\\/cms\\\/wp-content\\\/uploads\\\/2015\\\/08\\\/JAZZZEITUNGDE_Logo_Neu.png?fit=499%2C200&ssl=1\",\"width\":499,\"height\":200,\"caption\":\"JazzZeitung online\"},\"image\":{\"@id\":\"https:\\\/\\\/www.jazzzeitung.de\\\/cms\\\/#\\\/schema\\\/logo\\\/image\\\/\"},\"sameAs\":[\"https:\\\/\\\/www.facebook.com\\\/JazzZeitung\\\/\"]},{\"@type\":\"Person\",\"@id\":\"https:\\\/\\\/www.jazzzeitung.de\\\/cms\\\/#\\\/schema\\\/person\\\/2245b36b9cd1d24cea10f01c031fb92b\",\"name\":\"Redaktion JazzZeitung\",\"image\":{\"@type\":\"ImageObject\",\"inLanguage\":\"de\",\"@id\":\"https:\\\/\\\/i0.wp.com\\\/www.jazzzeitung.de\\\/cms\\\/wp-content\\\/uploads\\\/2015\\\/08\\\/JAZZZEITUNGDE_Logo_Neu.png?resize=96%2C96&ssl=159975dcacb611b5700bd619b5daf0a7a\",\"url\":\"https:\\\/\\\/i0.wp.com\\\/www.jazzzeitung.de\\\/cms\\\/wp-content\\\/uploads\\\/2015\\\/08\\\/JAZZZEITUNGDE_Logo_Neu.png?resize=96%2C96&ssl=1\",\"contentUrl\":\"https:\\\/\\\/i0.wp.com\\\/www.jazzzeitung.de\\\/cms\\\/wp-content\\\/uploads\\\/2015\\\/08\\\/JAZZZEITUNGDE_Logo_Neu.png?resize=96%2C96&ssl=1\",\"caption\":\"Redaktion JazzZeitung\"},\"description\":\"Artikel der Redaktion der JazzZeitung.\",\"sameAs\":[\"http:\\\/\\\/www.jazzzeitung.de\\\/cms\\\/\"],\"url\":\"https:\\\/\\\/www.jazzzeitung.de\\\/cms\\\/author\\\/redaktion\\\/\"}]}<\/script>\n<!-- \/ Yoast SEO plugin. -->","yoast_head_json":{"title":"Groove und Klasse bei den Ingolst\u00e4dter Jazztagen - JazzZeitung","robots":{"index":"index","follow":"follow","max-snippet":"max-snippet:-1","max-image-preview":"max-image-preview:large","max-video-preview":"max-video-preview:-1"},"canonical":"https:\/\/www.jazzzeitung.de\/cms\/2025\/11\/groove-und-klasse-bei-den-ingolstaedter-jazztagen\/","og_locale":"de_DE","og_type":"article","og_title":"Groove und Klasse bei den Ingolst\u00e4dter Jazztagen - JazzZeitung","og_description":"Fast zu viel des Guten Die Jazzparty der Ingolst\u00e4dter Jazztage steht diesmal ganz im Zeichen des k\u00fcnstlerischen Leiters Wolfgang Haffner. Alles hat Groove und Klasse, aber neun Acts bringen die Zuh\u00f6rer an die Grenze der Aufnahmef\u00e4higkeit Schon immer waren die Jazzpartys H\u00f6hepunkte der Jazztage Ingolstadt. Daran hat sich auch wenig ge\u00e4ndert, seit Wolfgang Haffner die k\u00fcnstlerische Leitung \u00fcbernommen hat und man vom NH Hotel ins schmucke neue Maritim Hotel umgezogen ist. Allerdings gibt es statt zwei Abende nur noch einen, der freilich statt mit sechs mit acht Acts (plus jeweils einer Session-Band) best\u00fcckt ist. War Haffner im vergangenen Jahr noch gar nicht dabei, weil er die Leitung so kurzfristig \u00fcbernommen hatte, dass er au\u00dfer bei Grand Opening und Grand Closing selbst auf Tour unterwegs war, so lie\u00df er es sich heuer nicht nehmen, jedes Konzert selbst anzusagen. Die Begr\u00fc\u00dfungen fielen ihm nicht schwer, waren doch alles Bands musikalische Geistesverwandte oder gleich Freunde, mit denen er schon selbst gespielt hat. Was mit Simon Oslender begann, seit einigen Jahren Haffners fester Pianist und Keyboarder. Nicht nur stellte der immer noch erst 27-J\u00e4hrige wieder einmal unter Beweis \u2013 &hellip;","og_url":"https:\/\/www.jazzzeitung.de\/cms\/2025\/11\/groove-und-klasse-bei-den-ingolstaedter-jazztagen\/","og_site_name":"JazzZeitung","article_publisher":"https:\/\/www.facebook.com\/JazzZeitung\/","article_published_time":"2025-11-18T07:26:52+00:00","og_image":[{"width":2560,"height":1711,"url":"https:\/\/i0.wp.com\/www.jazzzeitung.de\/cms\/wp-content\/uploads\/2025\/11\/Incognito2_OliverHochkeppel141125-scaled.jpg?fit=2560%2C1711&ssl=1","type":"image\/jpeg"}],"author":"Redaktion JazzZeitung","schema":{"@context":"https:\/\/schema.org","@graph":[{"@type":"Article","@id":"https:\/\/www.jazzzeitung.de\/cms\/2025\/11\/groove-und-klasse-bei-den-ingolstaedter-jazztagen\/#article","isPartOf":{"@id":"https:\/\/www.jazzzeitung.de\/cms\/2025\/11\/groove-und-klasse-bei-den-ingolstaedter-jazztagen\/"},"author":{"name":"Redaktion JazzZeitung","@id":"https:\/\/www.jazzzeitung.de\/cms\/#\/schema\/person\/2245b36b9cd1d24cea10f01c031fb92b"},"headline":"Groove und Klasse bei den Ingolst\u00e4dter Jazztagen","datePublished":"2025-11-18T07:26:52+00:00","mainEntityOfPage":{"@id":"https:\/\/www.jazzzeitung.de\/cms\/2025\/11\/groove-und-klasse-bei-den-ingolstaedter-jazztagen\/"},"wordCount":675,"commentCount":0,"publisher":{"@id":"https:\/\/www.jazzzeitung.de\/cms\/#organization"},"image":{"@id":"https:\/\/www.jazzzeitung.de\/cms\/2025\/11\/groove-und-klasse-bei-den-ingolstaedter-jazztagen\/#primaryimage"},"thumbnailUrl":"https:\/\/i0.wp.com\/www.jazzzeitung.de\/cms\/wp-content\/uploads\/2025\/11\/Incognito2_OliverHochkeppel141125-scaled.jpg?fit=2560%2C1711&ssl=1","keywords":["Caecilie Norby","Dieter Ilg","Lars Danielsson","Marialy Pacheco","Rainer B\u00f6hm","San2","Sepalot","Theo Croker"],"articleSection":["News"],"inLanguage":"de","potentialAction":[{"@type":"CommentAction","name":"Comment","target":["https:\/\/www.jazzzeitung.de\/cms\/2025\/11\/groove-und-klasse-bei-den-ingolstaedter-jazztagen\/#respond"]}]},{"@type":"WebPage","@id":"https:\/\/www.jazzzeitung.de\/cms\/2025\/11\/groove-und-klasse-bei-den-ingolstaedter-jazztagen\/","url":"https:\/\/www.jazzzeitung.de\/cms\/2025\/11\/groove-und-klasse-bei-den-ingolstaedter-jazztagen\/","name":"Groove und Klasse bei den Ingolst\u00e4dter Jazztagen - JazzZeitung","isPartOf":{"@id":"https:\/\/www.jazzzeitung.de\/cms\/#website"},"primaryImageOfPage":{"@id":"https:\/\/www.jazzzeitung.de\/cms\/2025\/11\/groove-und-klasse-bei-den-ingolstaedter-jazztagen\/#primaryimage"},"image":{"@id":"https:\/\/www.jazzzeitung.de\/cms\/2025\/11\/groove-und-klasse-bei-den-ingolstaedter-jazztagen\/#primaryimage"},"thumbnailUrl":"https:\/\/i0.wp.com\/www.jazzzeitung.de\/cms\/wp-content\/uploads\/2025\/11\/Incognito2_OliverHochkeppel141125-scaled.jpg?fit=2560%2C1711&ssl=1","datePublished":"2025-11-18T07:26:52+00:00","breadcrumb":{"@id":"https:\/\/www.jazzzeitung.de\/cms\/2025\/11\/groove-und-klasse-bei-den-ingolstaedter-jazztagen\/#breadcrumb"},"inLanguage":"de","potentialAction":[{"@type":"ReadAction","target":["https:\/\/www.jazzzeitung.de\/cms\/2025\/11\/groove-und-klasse-bei-den-ingolstaedter-jazztagen\/"]}]},{"@type":"ImageObject","inLanguage":"de","@id":"https:\/\/www.jazzzeitung.de\/cms\/2025\/11\/groove-und-klasse-bei-den-ingolstaedter-jazztagen\/#primaryimage","url":"https:\/\/i0.wp.com\/www.jazzzeitung.de\/cms\/wp-content\/uploads\/2025\/11\/Incognito2_OliverHochkeppel141125-scaled.jpg?fit=2560%2C1711&ssl=1","contentUrl":"https:\/\/i0.wp.com\/www.jazzzeitung.de\/cms\/wp-content\/uploads\/2025\/11\/Incognito2_OliverHochkeppel141125-scaled.jpg?fit=2560%2C1711&ssl=1","width":2560,"height":1711},{"@type":"BreadcrumbList","@id":"https:\/\/www.jazzzeitung.de\/cms\/2025\/11\/groove-und-klasse-bei-den-ingolstaedter-jazztagen\/#breadcrumb","itemListElement":[{"@type":"ListItem","position":1,"name":"Startseite","item":"https:\/\/www.jazzzeitung.de\/cms\/"},{"@type":"ListItem","position":2,"name":"Groove und Klasse bei den Ingolst\u00e4dter Jazztagen"}]},{"@type":"WebSite","@id":"https:\/\/www.jazzzeitung.de\/cms\/#website","url":"https:\/\/www.jazzzeitung.de\/cms\/","name":"JazzZeitung","description":"Jazz-News und Jazz-Kontroverses","publisher":{"@id":"https:\/\/www.jazzzeitung.de\/cms\/#organization"},"potentialAction":[{"@type":"SearchAction","target":{"@type":"EntryPoint","urlTemplate":"https:\/\/www.jazzzeitung.de\/cms\/?s={search_term_string}"},"query-input":{"@type":"PropertyValueSpecification","valueRequired":true,"valueName":"search_term_string"}}],"inLanguage":"de"},{"@type":"Organization","@id":"https:\/\/www.jazzzeitung.de\/cms\/#organization","name":"JazzZeitung online","url":"https:\/\/www.jazzzeitung.de\/cms\/","logo":{"@type":"ImageObject","inLanguage":"de","@id":"https:\/\/www.jazzzeitung.de\/cms\/#\/schema\/logo\/image\/","url":"https:\/\/i0.wp.com\/www.jazzzeitung.de\/cms\/wp-content\/uploads\/2015\/08\/JAZZZEITUNGDE_Logo_Neu.png?fit=499%2C200&ssl=1","contentUrl":"https:\/\/i0.wp.com\/www.jazzzeitung.de\/cms\/wp-content\/uploads\/2015\/08\/JAZZZEITUNGDE_Logo_Neu.png?fit=499%2C200&ssl=1","width":499,"height":200,"caption":"JazzZeitung online"},"image":{"@id":"https:\/\/www.jazzzeitung.de\/cms\/#\/schema\/logo\/image\/"},"sameAs":["https:\/\/www.facebook.com\/JazzZeitung\/"]},{"@type":"Person","@id":"https:\/\/www.jazzzeitung.de\/cms\/#\/schema\/person\/2245b36b9cd1d24cea10f01c031fb92b","name":"Redaktion JazzZeitung","image":{"@type":"ImageObject","inLanguage":"de","@id":"https:\/\/i0.wp.com\/www.jazzzeitung.de\/cms\/wp-content\/uploads\/2015\/08\/JAZZZEITUNGDE_Logo_Neu.png?resize=96%2C96&ssl=159975dcacb611b5700bd619b5daf0a7a","url":"https:\/\/i0.wp.com\/www.jazzzeitung.de\/cms\/wp-content\/uploads\/2015\/08\/JAZZZEITUNGDE_Logo_Neu.png?resize=96%2C96&ssl=1","contentUrl":"https:\/\/i0.wp.com\/www.jazzzeitung.de\/cms\/wp-content\/uploads\/2015\/08\/JAZZZEITUNGDE_Logo_Neu.png?resize=96%2C96&ssl=1","caption":"Redaktion JazzZeitung"},"description":"Artikel der Redaktion der JazzZeitung.","sameAs":["http:\/\/www.jazzzeitung.de\/cms\/"],"url":"https:\/\/www.jazzzeitung.de\/cms\/author\/redaktion\/"}]}},"wp-worthy-pixel":{"ignored":false,"public":null,"server":null,"url":null},"wp-worthy-type":"normal","jetpack_publicize_connections":[],"cc_featured_image_caption":{"caption_text":"","source_text":"","source_url":""},"jetpack_featured_media_url":"https:\/\/i0.wp.com\/www.jazzzeitung.de\/cms\/wp-content\/uploads\/2025\/11\/Incognito2_OliverHochkeppel141125-scaled.jpg?fit=2560%2C1711&ssl=1","jetpack_shortlink":"https:\/\/wp.me\/p3KEcT-8Gc","jetpack-related-posts":[{"id":33155,"url":"https:\/\/www.jazzzeitung.de\/cms\/2025\/10\/tradition-innovation-vorbericht-zu-den-ingolstaedter-jazztagen-2025\/","url_meta":{"origin":33368,"position":0},"title":"Tradition &#038; Innovation: Vorbericht zu den Ingolst\u00e4dter Jazztagen 2025","author":"Thomas J. Krebs","date":"9. Oktober 2025","format":false,"excerpt":"Alle Jahre wieder wenn es Herbst wird, k\u00fchl und grau, stehen die Ingolst\u00e4dter Jazztage ins Haus. So auch dieses Jahr zum 42. mal vom 04. bis 15. November, unter der k\u00fcnstlerischen Leitung von Wolfgang Haffner, mit einem abwechslungsreichen Programm das spannenden Jazz, die Grenzbereiche Soul,\u00a0 Latin, Pop oder Weltmusik auslotet\u2026","rel":"","context":"In &quot;News&quot;","block_context":{"text":"News","link":"https:\/\/www.jazzzeitung.de\/cms\/thema\/nachrichten\/"},"img":{"alt_text":"","src":"https:\/\/i0.wp.com\/www.jazzzeitung.de\/cms\/wp-content\/uploads\/2025\/10\/P2536832-Wright-Foto-TJ-Krebs.jpg?fit=1200%2C800&ssl=1&resize=350%2C200","width":350,"height":200,"srcset":"https:\/\/i0.wp.com\/www.jazzzeitung.de\/cms\/wp-content\/uploads\/2025\/10\/P2536832-Wright-Foto-TJ-Krebs.jpg?fit=1200%2C800&ssl=1&resize=350%2C200 1x, https:\/\/i0.wp.com\/www.jazzzeitung.de\/cms\/wp-content\/uploads\/2025\/10\/P2536832-Wright-Foto-TJ-Krebs.jpg?fit=1200%2C800&ssl=1&resize=525%2C300 1.5x, https:\/\/i0.wp.com\/www.jazzzeitung.de\/cms\/wp-content\/uploads\/2025\/10\/P2536832-Wright-Foto-TJ-Krebs.jpg?fit=1200%2C800&ssl=1&resize=700%2C400 2x, https:\/\/i0.wp.com\/www.jazzzeitung.de\/cms\/wp-content\/uploads\/2025\/10\/P2536832-Wright-Foto-TJ-Krebs.jpg?fit=1200%2C800&ssl=1&resize=1050%2C600 3x"},"classes":[]},{"id":33393,"url":"https:\/\/www.jazzzeitung.de\/cms\/2025\/11\/ingolstaedter-jazztage-mit-fotos-von-thomas-j-krebs\/","url_meta":{"origin":33368,"position":1},"title":"Ingolst\u00e4dter Jazztage \u2013 mit Fotos von Thomas J. Krebs","author":"Thomas J. Krebs","date":"20. November 2025","format":false,"excerpt":"Elvis Costello & die WDR Big Band Absolutes Festivalhighlight im Rahmen des \u201eGrand Concert\u201c war der mit Spannung erwartete Auftritt von Pop-\/Punk & Rocklegende Elvis Costello mit der WDR Big Band. Unter der Leitung von Michael Leonhardt wurde ein abwechslungsreiches, vielschichtiges Programm pr\u00e4sentiert, angefangen von Klassikern wie \u201eWatching The Detectives\u201c,\u2026","rel":"","context":"In &quot;Bericht&quot;","block_context":{"text":"Bericht","link":"https:\/\/www.jazzzeitung.de\/cms\/thema\/bericht\/"},"img":{"alt_text":"","src":"https:\/\/i0.wp.com\/www.jazzzeitung.de\/cms\/wp-content\/uploads\/2025\/11\/P1870272-Bakken-Foto-TJ-Krebs.jpg?fit=1200%2C799&ssl=1&resize=350%2C200","width":350,"height":200,"srcset":"https:\/\/i0.wp.com\/www.jazzzeitung.de\/cms\/wp-content\/uploads\/2025\/11\/P1870272-Bakken-Foto-TJ-Krebs.jpg?fit=1200%2C799&ssl=1&resize=350%2C200 1x, https:\/\/i0.wp.com\/www.jazzzeitung.de\/cms\/wp-content\/uploads\/2025\/11\/P1870272-Bakken-Foto-TJ-Krebs.jpg?fit=1200%2C799&ssl=1&resize=525%2C300 1.5x, https:\/\/i0.wp.com\/www.jazzzeitung.de\/cms\/wp-content\/uploads\/2025\/11\/P1870272-Bakken-Foto-TJ-Krebs.jpg?fit=1200%2C799&ssl=1&resize=700%2C400 2x, https:\/\/i0.wp.com\/www.jazzzeitung.de\/cms\/wp-content\/uploads\/2025\/11\/P1870272-Bakken-Foto-TJ-Krebs.jpg?fit=1200%2C799&ssl=1&resize=1050%2C600 3x"},"classes":[]},{"id":31835,"url":"https:\/\/www.jazzzeitung.de\/cms\/2024\/11\/jan-garbarek-group-bei-den-ingolstaedter-jazztagen\/","url_meta":{"origin":33368,"position":2},"title":"Jan Garbarek Group bei den Ingolst\u00e4dter Jazztagen","author":"Redaktion JazzZeitung","date":"8. November 2024","format":false,"excerpt":"(Von Thomas J. Krebs) Die Ingolst\u00e4dter Jazztage sind eine \u00fcber die Jahre gewachsene, feste Institution und nicht zuletzt das musikalische Aush\u00e4ngeschild der Stadt. Seit 41 Jahren findet dieses vielseitige und abwechslungsreiche Jazzfest mit nationalen Acts, Geheimtipps, Newcomern, vor allem aber auch den gro\u00dfen Namen des Jazz statt. Nachdem der bisherige\u2026","rel":"","context":"In &quot;Bericht&quot;","block_context":{"text":"Bericht","link":"https:\/\/www.jazzzeitung.de\/cms\/thema\/bericht\/"},"img":{"alt_text":"","src":"https:\/\/i0.wp.com\/www.jazzzeitung.de\/cms\/wp-content\/uploads\/2024\/11\/P1378356-Jan-Garbarek-Group-Foto-TJ-Krebs.jpg?fit=1200%2C799&ssl=1&resize=350%2C200","width":350,"height":200,"srcset":"https:\/\/i0.wp.com\/www.jazzzeitung.de\/cms\/wp-content\/uploads\/2024\/11\/P1378356-Jan-Garbarek-Group-Foto-TJ-Krebs.jpg?fit=1200%2C799&ssl=1&resize=350%2C200 1x, https:\/\/i0.wp.com\/www.jazzzeitung.de\/cms\/wp-content\/uploads\/2024\/11\/P1378356-Jan-Garbarek-Group-Foto-TJ-Krebs.jpg?fit=1200%2C799&ssl=1&resize=525%2C300 1.5x, https:\/\/i0.wp.com\/www.jazzzeitung.de\/cms\/wp-content\/uploads\/2024\/11\/P1378356-Jan-Garbarek-Group-Foto-TJ-Krebs.jpg?fit=1200%2C799&ssl=1&resize=700%2C400 2x, https:\/\/i0.wp.com\/www.jazzzeitung.de\/cms\/wp-content\/uploads\/2024\/11\/P1378356-Jan-Garbarek-Group-Foto-TJ-Krebs.jpg?fit=1200%2C799&ssl=1&resize=1050%2C600 3x"},"classes":[]},{"id":13209,"url":"https:\/\/www.jazzzeitung.de\/cms\/2017\/08\/ingolstaedter-jazzfoerderpreis-2017-geht-an-benedikt-streicher\/","url_meta":{"origin":33368,"position":3},"title":"Ingolst\u00e4dter Jazzf\u00f6rderpreis 2017 geht an Benedikt Streicher","author":"Redaktion JazzZeitung","date":"5. August 2017","format":false,"excerpt":"Mit dem Jazzf\u00f6rderpreis w\u00fcrdigt die Stadt Ingolstadt seit \u00fcber zwanzig Jahren herausragende Talente der Region. In diesem Jahr geht die renommierte Auszeichnung an den jungen Ingolst\u00e4dter Komponisten und Pianisten Benedikt Streicher. Die Verleihung des mit 5.000 Euro dotierten Ingolst\u00e4dter Jazzf\u00f6rderpreises findet am Samstag, 21. Oktober, um 20 Uhr im Kulturzentrum\u2026","rel":"","context":"In &quot;News&quot;","block_context":{"text":"News","link":"https:\/\/www.jazzzeitung.de\/cms\/thema\/nachrichten\/"},"img":{"alt_text":"","src":"https:\/\/i0.wp.com\/www.jazzzeitung.de\/cms\/wp-content\/uploads\/2017\/08\/Benedikt_Streicher_1-150x150.jpg?resize=350%2C200&ssl=1","width":350,"height":200},"classes":[]},{"id":30129,"url":"https:\/\/www.jazzzeitung.de\/cms\/2023\/10\/news40-jahre-ingolstaedter-jazztage-das-jubilaeumsprogramm\/","url_meta":{"origin":33368,"position":4},"title":"+++News:+++40 Jahre Ingolst\u00e4dter Jazztage &#8211; das Jubil\u00e4umsprogramm+++","author":"Redaktion JazzZeitung","date":"11. Oktober 2023","format":false,"excerpt":"Die Ingolst\u00e4dter Jazztage feiern dieses Jahr ihr 40-j\u00e4hriges Jubil\u00e4um. Unabh\u00e4ngig von dieser Kontinuit\u00e4t, sind die Jazztage mittlerweile das musikalische Aush\u00e4ngeschild der Stadt. Die ganze Stadt swingt in den Wochen w\u00e4hrend des Festivals. In mehr als f\u00fcnfundzwanzig Locations wird Ingolstadt ab dem 21. Oktober, jazzen, rocken, es wird gedanced und schwei\u00dftreibender\u2026","rel":"","context":"In &quot;News&quot;","block_context":{"text":"News","link":"https:\/\/www.jazzzeitung.de\/cms\/thema\/nachrichten\/"},"img":{"alt_text":"","src":"https:\/\/i0.wp.com\/www.jazzzeitung.de\/cms\/wp-content\/uploads\/2023\/10\/Jazztage_Josef-Heinl_02-%C2%A9-Alexander-Schuktuew-scaled-1.jpg?fit=1200%2C800&ssl=1&resize=350%2C200","width":350,"height":200,"srcset":"https:\/\/i0.wp.com\/www.jazzzeitung.de\/cms\/wp-content\/uploads\/2023\/10\/Jazztage_Josef-Heinl_02-%C2%A9-Alexander-Schuktuew-scaled-1.jpg?fit=1200%2C800&ssl=1&resize=350%2C200 1x, https:\/\/i0.wp.com\/www.jazzzeitung.de\/cms\/wp-content\/uploads\/2023\/10\/Jazztage_Josef-Heinl_02-%C2%A9-Alexander-Schuktuew-scaled-1.jpg?fit=1200%2C800&ssl=1&resize=525%2C300 1.5x, https:\/\/i0.wp.com\/www.jazzzeitung.de\/cms\/wp-content\/uploads\/2023\/10\/Jazztage_Josef-Heinl_02-%C2%A9-Alexander-Schuktuew-scaled-1.jpg?fit=1200%2C800&ssl=1&resize=700%2C400 2x, https:\/\/i0.wp.com\/www.jazzzeitung.de\/cms\/wp-content\/uploads\/2023\/10\/Jazztage_Josef-Heinl_02-%C2%A9-Alexander-Schuktuew-scaled-1.jpg?fit=1200%2C800&ssl=1&resize=1050%2C600 3x"},"classes":[]},{"id":30280,"url":"https:\/\/www.jazzzeitung.de\/cms\/2023\/11\/ingolstaedter-jazztage-partys-feierlaune-bei-jazz-in-den-kneipen\/","url_meta":{"origin":33368,"position":5},"title":"Ingolst\u00e4dter Jazztage: Partys &#038; Feierlaune bei Jazz in den Kneipen","author":"Redaktion JazzZeitung","date":"14. November 2023","format":false,"excerpt":"Die Ingolst\u00e4dter Jazztage dieses Jahr mit ihrer 40. Ausgabe. Das ist in vielerlei Hinsicht beachtenswert. Zum einen, weil die Veranstaltungen nun zum letzten Mal unter der Leitung von Jan Rottau stattfanden, zum anderen weil ein bew\u00e4hrtes Konzept mal wieder aufgegangen ist. Bleibt abzuwarten, wie sich die Jazztage in der Zukunft\u2026","rel":"","context":"In &quot;Bericht&quot;","block_context":{"text":"Bericht","link":"https:\/\/www.jazzzeitung.de\/cms\/thema\/bericht\/"},"img":{"alt_text":"","src":"https:\/\/i0.wp.com\/www.jazzzeitung.de\/cms\/wp-content\/uploads\/2023\/11\/P2680803-Yellowjackets-Foto-TJ-Krebs.jpg?fit=1200%2C800&ssl=1&resize=350%2C200","width":350,"height":200,"srcset":"https:\/\/i0.wp.com\/www.jazzzeitung.de\/cms\/wp-content\/uploads\/2023\/11\/P2680803-Yellowjackets-Foto-TJ-Krebs.jpg?fit=1200%2C800&ssl=1&resize=350%2C200 1x, https:\/\/i0.wp.com\/www.jazzzeitung.de\/cms\/wp-content\/uploads\/2023\/11\/P2680803-Yellowjackets-Foto-TJ-Krebs.jpg?fit=1200%2C800&ssl=1&resize=525%2C300 1.5x, https:\/\/i0.wp.com\/www.jazzzeitung.de\/cms\/wp-content\/uploads\/2023\/11\/P2680803-Yellowjackets-Foto-TJ-Krebs.jpg?fit=1200%2C800&ssl=1&resize=700%2C400 2x, https:\/\/i0.wp.com\/www.jazzzeitung.de\/cms\/wp-content\/uploads\/2023\/11\/P2680803-Yellowjackets-Foto-TJ-Krebs.jpg?fit=1200%2C800&ssl=1&resize=1050%2C600 3x"},"classes":[]}],"jetpack_sharing_enabled":true,"_links":{"self":[{"href":"https:\/\/www.jazzzeitung.de\/cms\/wp-json\/wp\/v2\/posts\/33368","targetHints":{"allow":["GET"]}}],"collection":[{"href":"https:\/\/www.jazzzeitung.de\/cms\/wp-json\/wp\/v2\/posts"}],"about":[{"href":"https:\/\/www.jazzzeitung.de\/cms\/wp-json\/wp\/v2\/types\/post"}],"author":[{"embeddable":true,"href":"https:\/\/www.jazzzeitung.de\/cms\/wp-json\/wp\/v2\/users\/18"}],"replies":[{"embeddable":true,"href":"https:\/\/www.jazzzeitung.de\/cms\/wp-json\/wp\/v2\/comments?post=33368"}],"version-history":[{"count":6,"href":"https:\/\/www.jazzzeitung.de\/cms\/wp-json\/wp\/v2\/posts\/33368\/revisions"}],"predecessor-version":[{"id":33385,"href":"https:\/\/www.jazzzeitung.de\/cms\/wp-json\/wp\/v2\/posts\/33368\/revisions\/33385"}],"wp:featuredmedia":[{"embeddable":true,"href":"https:\/\/www.jazzzeitung.de\/cms\/wp-json\/wp\/v2\/media\/33371"}],"wp:attachment":[{"href":"https:\/\/www.jazzzeitung.de\/cms\/wp-json\/wp\/v2\/media?parent=33368"}],"wp:term":[{"taxonomy":"category","embeddable":true,"href":"https:\/\/www.jazzzeitung.de\/cms\/wp-json\/wp\/v2\/categories?post=33368"},{"taxonomy":"post_tag","embeddable":true,"href":"https:\/\/www.jazzzeitung.de\/cms\/wp-json\/wp\/v2\/tags?post=33368"},{"taxonomy":"author","embeddable":true,"href":"https:\/\/www.jazzzeitung.de\/cms\/wp-json\/wp\/v2\/coauthors?post=33368"}],"curies":[{"name":"wp","href":"https:\/\/api.w.org\/{rel}","templated":true}]}}