{"id":33283,"date":"2025-10-29T13:22:14","date_gmt":"2025-10-29T12:22:14","guid":{"rendered":"https:\/\/www.jazzzeitung.de\/cms\/?p=33283"},"modified":"2025-10-29T13:18:29","modified_gmt":"2025-10-29T12:18:29","slug":"zum-tod-des-meistertrommlers-und-komponisten-jack-dejohnette","status":"publish","type":"post","link":"https:\/\/www.jazzzeitung.de\/cms\/2025\/10\/zum-tod-des-meistertrommlers-und-komponisten-jack-dejohnette\/","title":{"rendered":"Zum Tod des Meistertrommlers und Komponisten Jack DeJohnette"},"content":{"rendered":"<p>Jack DeJohnette hat als Jazzschlagzeuger Musikgeschichte geschrieben. Gr\u00f6\u00dfen wie Miles Davis, Keith Jarrett und John Coltrane geh\u00f6rten zu seinen Partnern. Nun ist der Musiker im Alter von 83 Jahren gestorben, wie sein Label ECM mitteilte.<\/p>\n<p>Ornette Coleman, Sonny Rollins, Sun Ra, Jackie McLean, Thelonious Monk, Bill Evans, Stan Getz, Keith Jarrett, Chet Baker, George Benson und Herbie Hancock \u2013 die Liste der K\u00fcnstler, mit denen DeJohnette zusammenarbeitete, ist beeindruckend. Seit den 1970er-Jahren war er Hausschlagzeuger des deutschen Labels ECM, f\u00fcr das er zahlreiche Alben aufnahm, darunter \u201eSpecial Edition\u201c, \u201eSong X\u201c und \u201eNew Directions\u201c \u2013 als Sideman, Bandleader oder unter eigenem Namen.<\/p>\n<p>DeJohnette wurde am 9. August 1942 in Chicago geboren. Vom vierten bis zum vierzehnten Lebensjahr spielte er Klavier, bevor er in der High School zum Schlagzeug wechselte und anschlie\u00dfend Musik studierte. Als eines seiner Vorbilder nannte er den Jazzpianisten Ahmad Jamal (1930\u20132023), das Idol f\u00fcr Generationen von Musikerinnen und Musikern.<\/p>\n<div class=\"tiled-gallery type-rectangular tiled-gallery-unresized\" data-original-width=\"840\" data-carousel-extra='{&quot;blog_id&quot;:1,&quot;permalink&quot;:&quot;https:\\\/\\\/www.jazzzeitung.de\\\/cms\\\/2025\\\/10\\\/zum-tod-des-meistertrommlers-und-komponisten-jack-dejohnette\\\/&quot;,&quot;likes_blog_id&quot;:55446655}' itemscope itemtype=\"http:\/\/schema.org\/ImageGallery\" > <div class=\"gallery-row\" style=\"width: 840px; height: 388px;\" data-original-width=\"840\" data-original-height=\"388\" > <div class=\"gallery-group images-1\" style=\"width: 260px; height: 388px;\" data-original-width=\"260\" data-original-height=\"388\" > <div class=\"tiled-gallery-item tiled-gallery-item-large\" itemprop=\"associatedMedia\" itemscope itemtype=\"http:\/\/schema.org\/ImageObject\"> <a href=\"https:\/\/www.jazzzeitung.de\/cms\/2025\/10\/zum-tod-des-meistertrommlers-und-komponisten-jack-dejohnette\/p1020245-de-johnette-jack-foto-tj-krebs\/\" border=\"0\" itemprop=\"url\"> <meta itemprop=\"width\" content=\"256\"> <meta itemprop=\"height\" content=\"384\"> <img decoding=\"async\" class=\"\" data-attachment-id=\"33289\" data-orig-file=\"https:\/\/www.jazzzeitung.de\/cms\/wp-content\/uploads\/2025\/10\/P1020245-De-Johnette-Jack-Foto-TJ-Krebs.jpg\" data-orig-size=\"1000,1500\" data-comments-opened=\"1\" data-image-meta=\"{&quot;aperture&quot;:&quot;0&quot;,&quot;credit&quot;:&quot;&quot;,&quot;camera&quot;:&quot;&quot;,&quot;caption&quot;:&quot;&quot;,&quot;created_timestamp&quot;:&quot;0&quot;,&quot;copyright&quot;:&quot;&quot;,&quot;focal_length&quot;:&quot;0&quot;,&quot;iso&quot;:&quot;0&quot;,&quot;shutter_speed&quot;:&quot;0&quot;,&quot;title&quot;:&quot;&quot;,&quot;orientation&quot;:&quot;0&quot;}\" data-image-title=\"\" data-image-description=\"\" data-medium-file=\"https:\/\/i0.wp.com\/www.jazzzeitung.de\/cms\/wp-content\/uploads\/2025\/10\/P1020245-De-Johnette-Jack-Foto-TJ-Krebs.jpg?fit=200%2C300&#038;ssl=1\" data-large-file=\"https:\/\/i0.wp.com\/www.jazzzeitung.de\/cms\/wp-content\/uploads\/2025\/10\/P1020245-De-Johnette-Jack-Foto-TJ-Krebs.jpg?fit=400%2C600&#038;ssl=1\" src=\"https:\/\/i0.wp.com\/www.jazzzeitung.de\/cms\/wp-content\/uploads\/2025\/10\/P1020245-De-Johnette-Jack-Foto-TJ-Krebs.jpg?w=256&#038;h=384&#038;ssl=1\" srcset=\"https:\/\/i0.wp.com\/www.jazzzeitung.de\/cms\/wp-content\/uploads\/2025\/10\/P1020245-De-Johnette-Jack-Foto-TJ-Krebs.jpg?w=1000&amp;ssl=1 1000w, https:\/\/i0.wp.com\/www.jazzzeitung.de\/cms\/wp-content\/uploads\/2025\/10\/P1020245-De-Johnette-Jack-Foto-TJ-Krebs.jpg?resize=200%2C300&amp;ssl=1 200w, https:\/\/i0.wp.com\/www.jazzzeitung.de\/cms\/wp-content\/uploads\/2025\/10\/P1020245-De-Johnette-Jack-Foto-TJ-Krebs.jpg?resize=400%2C600&amp;ssl=1 400w, https:\/\/i0.wp.com\/www.jazzzeitung.de\/cms\/wp-content\/uploads\/2025\/10\/P1020245-De-Johnette-Jack-Foto-TJ-Krebs.jpg?resize=768%2C1152&amp;ssl=1 768w\" width=\"256\" height=\"384\" loading=\"lazy\" data-original-width=\"256\" data-original-height=\"384\" itemprop=\"http:\/\/schema.org\/image\" title=\"\" alt=\"Am Klavier: Jack De Johnette. Foto: TJ Krebs\" style=\"width: 256px; height: 384px;\" \/> <\/a> <div class=\"tiled-gallery-caption\" itemprop=\"caption description\"> Am Klavier: Jack De Johnette. Foto: TJ Krebs <\/div> <\/div> <\/div> <!-- close group --> <div class=\"gallery-group images-1\" style=\"width: 580px; height: 388px;\" data-original-width=\"580\" data-original-height=\"388\" > <div class=\"tiled-gallery-item tiled-gallery-item-large\" itemprop=\"associatedMedia\" itemscope itemtype=\"http:\/\/schema.org\/ImageObject\"> <a href=\"https:\/\/www.jazzzeitung.de\/cms\/2025\/10\/zum-tod-des-meistertrommlers-und-komponisten-jack-dejohnette\/dejohnette-jack-05-foto-tj-krebs\/\" border=\"0\" itemprop=\"url\"> <meta itemprop=\"width\" content=\"576\"> <meta itemprop=\"height\" content=\"384\"> <img decoding=\"async\" class=\"\" data-attachment-id=\"33287\" data-orig-file=\"https:\/\/www.jazzzeitung.de\/cms\/wp-content\/uploads\/2025\/10\/DeJohnette-Jack-05-Foto-TJ-Krebs.jpg\" data-orig-size=\"1500,1000\" data-comments-opened=\"1\" data-image-meta=\"{&quot;aperture&quot;:&quot;0&quot;,&quot;credit&quot;:&quot;&quot;,&quot;camera&quot;:&quot;&quot;,&quot;caption&quot;:&quot;&quot;,&quot;created_timestamp&quot;:&quot;0&quot;,&quot;copyright&quot;:&quot;&quot;,&quot;focal_length&quot;:&quot;0&quot;,&quot;iso&quot;:&quot;0&quot;,&quot;shutter_speed&quot;:&quot;0&quot;,&quot;title&quot;:&quot;&quot;,&quot;orientation&quot;:&quot;0&quot;}\" data-image-title=\"DeJohnette, Jack 05 &amp;#8211; Foto TJ Krebs\" data-image-description=\"\" data-medium-file=\"https:\/\/i0.wp.com\/www.jazzzeitung.de\/cms\/wp-content\/uploads\/2025\/10\/DeJohnette-Jack-05-Foto-TJ-Krebs.jpg?fit=300%2C200&#038;ssl=1\" data-large-file=\"https:\/\/i0.wp.com\/www.jazzzeitung.de\/cms\/wp-content\/uploads\/2025\/10\/DeJohnette-Jack-05-Foto-TJ-Krebs.jpg?fit=840%2C560&#038;ssl=1\" src=\"https:\/\/i0.wp.com\/www.jazzzeitung.de\/cms\/wp-content\/uploads\/2025\/10\/DeJohnette-Jack-05-Foto-TJ-Krebs.jpg?w=576&#038;h=384&#038;ssl=1\" srcset=\"https:\/\/i0.wp.com\/www.jazzzeitung.de\/cms\/wp-content\/uploads\/2025\/10\/DeJohnette-Jack-05-Foto-TJ-Krebs.jpg?w=1500&amp;ssl=1 1500w, https:\/\/i0.wp.com\/www.jazzzeitung.de\/cms\/wp-content\/uploads\/2025\/10\/DeJohnette-Jack-05-Foto-TJ-Krebs.jpg?resize=300%2C200&amp;ssl=1 300w, https:\/\/i0.wp.com\/www.jazzzeitung.de\/cms\/wp-content\/uploads\/2025\/10\/DeJohnette-Jack-05-Foto-TJ-Krebs.jpg?resize=900%2C600&amp;ssl=1 900w, https:\/\/i0.wp.com\/www.jazzzeitung.de\/cms\/wp-content\/uploads\/2025\/10\/DeJohnette-Jack-05-Foto-TJ-Krebs.jpg?resize=768%2C512&amp;ssl=1 768w, https:\/\/i0.wp.com\/www.jazzzeitung.de\/cms\/wp-content\/uploads\/2025\/10\/DeJohnette-Jack-05-Foto-TJ-Krebs.jpg?resize=120%2C80&amp;ssl=1 120w, https:\/\/i0.wp.com\/www.jazzzeitung.de\/cms\/wp-content\/uploads\/2025\/10\/DeJohnette-Jack-05-Foto-TJ-Krebs.jpg?resize=1320%2C880&amp;ssl=1 1320w\" width=\"576\" height=\"384\" loading=\"lazy\" data-original-width=\"576\" data-original-height=\"384\" itemprop=\"http:\/\/schema.org\/image\" title=\"DeJohnette, Jack 05 - Foto TJ Krebs\" alt=\"Am Drumset: Jack De Johnette. Foto: TJ Krebs\" style=\"width: 576px; height: 384px;\" \/> <\/a> <div class=\"tiled-gallery-caption\" itemprop=\"caption description\"> Am Drumset: Jack De Johnette. Foto: TJ Krebs <\/div> <\/div> <\/div> <!-- close group --> <\/div> <!-- close row --> <\/div>\n<p>DeJohnettes Karriere begann 1966 in New York. Zun\u00e4chst spielte er im Ensemble des Saxophonisten John Coltrane, sp\u00e4ter im Quartett von Charles Lloyd, dem auch der junge Pianist Keith Jarrett angeh\u00f6rte. Mit Jarrett und dem Bassisten Gary Peacock gr\u00fcndete DeJohnette in den 1980er-Jahren das ber\u00fchmte Keith Jarrett Trio.<\/p>\n<p>Er wirkte bei der LP &#8222;80\/81&#8220; von Pat Metheny mit und bei &#8222;Song X&#8220; von Ornette Coleman. Er war Sideman bei Michael Breckers erster Soloaufnahme (1986), wie auch bei dessen letzte Einspielung &#8222;Pilgrimage&#8220; (2007). Au\u00dferdem begleitete er Sonny Rollins von Ende der 1980er-Jahre bis 2000 auf f\u00fcnf Alben.<\/p>\n<p>Stilistisch folgte DeJohnette den gro\u00dfen Schlagzeugern der 1960er-Jahre, Tony Williams und Elvin Jones. Dabei verband er Elemente des Free Jazz mit dem Rhythmusgef\u00fchl des R&amp;B \u2013 eine seltene Mischung, die seinen unverwechselbaren Stil pr\u00e4gte. Auch als Komponist hinterlie\u00df er bedeutende Werke, darunter \u201eAhmad the Terrible\u201c, \u201eEbony\u201c, \u201eHerbie\u2019s Hand Cocked\u201c, \u201eIndigo Dreamscapes\u201c, \u201eIrresistible Forces\u201c, \u201eJack In\u201c, \u201eLydia\u201c und \u201eMilton\u201c. 2016 f\u00fchrte ihn das Magazin Rolling Stone auf Platz 40 der 100 gr\u00f6\u00dften Schlagzeuger aller Zeiten.<\/p>\n<p>Seit Mitte der 1970er-Jahre lebte Jack DeJohnette in den Catskill Mountains, zuletzt in Woodstock. Er verstarb am 26. Oktober 2025 im Beisein seiner Frau Lisa und enger Freunde im Health Alliance Hospital in Kingston (New York) an Herzversagen.<\/p>\n<p>Beitragsbild Jack DeJohnette 2013 beim Jazzfest Berlin: Susanne van Loon<\/p>\n<p>Siehe auch Artikel in der <a href=\"https:\/\/www.nmz.de\/kritik\/jazz-rock-pop\/musik-ist-geglueckter-augenblick\">nmz 12\/2013<\/a><\/p>\n<p>&nbsp;<\/p>\n","protected":false},"excerpt":{"rendered":"<p>Jack DeJohnette hat als Jazzschlagzeuger Musikgeschichte geschrieben. Gr\u00f6\u00dfen wie Miles Davis, Keith Jarrett und John Coltrane geh\u00f6rten zu seinen Partnern. Nun ist der Musiker im Alter von 83 Jahren gestorben, wie sein Label ECM mitteilte. Ornette Coleman, Sonny Rollins, Sun Ra, Jackie McLean, Thelonious Monk, Bill Evans, Stan Getz, Keith Jarrett, Chet Baker, George Benson und Herbie Hancock \u2013 die Liste der K\u00fcnstler, mit denen DeJohnette zusammenarbeitete, ist beeindruckend. Seit den 1970er-Jahren war er Hausschlagzeuger des deutschen Labels ECM, f\u00fcr das er zahlreiche Alben aufnahm, darunter \u201eSpecial Edition\u201c, \u201eSong X\u201c und \u201eNew Directions\u201c \u2013 als Sideman, Bandleader oder unter eigenem Namen. DeJohnette wurde am 9. August 1942 in Chicago geboren. Vom vierten bis zum vierzehnten Lebensjahr spielte er Klavier, bevor er in der High School zum Schlagzeug wechselte und anschlie\u00dfend Musik studierte. Als eines seiner Vorbilder nannte er den Jazzpianisten Ahmad Jamal (1930\u20132023), das Idol f\u00fcr Generationen von Musikerinnen und Musikern. DeJohnettes Karriere begann 1966 in New York. Zun\u00e4chst spielte er im Ensemble des Saxophonisten John Coltrane, sp\u00e4ter im Quartett von Charles Lloyd, dem auch der junge Pianist Keith Jarrett angeh\u00f6rte. Mit Jarrett und dem &hellip;<\/p>\n","protected":false},"author":7,"featured_media":33285,"comment_status":"open","ping_status":"closed","sticky":false,"template":"","format":"standard","meta":{"_jetpack_memberships_contains_paid_content":false,"footnotes":"","jetpack_publicize_message":"","jetpack_publicize_feature_enabled":true,"jetpack_social_post_already_shared":true,"jetpack_social_options":{"image_generator_settings":{"template":"highway","default_image_id":0,"font":"","enabled":false},"version":2}},"categories":[1053],"tags":[158,247,272,5704,408,904,5706,5705],"coauthors":[662],"class_list":["post-33283","post","type-post","status-publish","format-standard","has-post-thumbnail","hentry","category-bericht","tag-ecm","tag-jack-dejohnette","tag-jazzfest-berlin","tag-keith-jarret","tag-nachruf","tag-new-york","tag-schlagzeut","tag-susanne-van-loon"],"yoast_head":"<!-- This site is optimized with the Yoast SEO plugin v27.5 - https:\/\/yoast.com\/product\/yoast-seo-wordpress\/ -->\n<title>Zum Tod des Meistertrommlers und Komponisten Jack DeJohnette - JazzZeitung<\/title>\n<meta name=\"robots\" content=\"index, follow, max-snippet:-1, max-image-preview:large, max-video-preview:-1\" \/>\n<link rel=\"canonical\" href=\"https:\/\/www.jazzzeitung.de\/cms\/2025\/10\/zum-tod-des-meistertrommlers-und-komponisten-jack-dejohnette\/\" \/>\n<meta property=\"og:locale\" content=\"de_DE\" \/>\n<meta property=\"og:type\" content=\"article\" \/>\n<meta property=\"og:title\" content=\"Zum Tod des Meistertrommlers und Komponisten Jack DeJohnette - JazzZeitung\" \/>\n<meta property=\"og:description\" content=\"Jack DeJohnette hat als Jazzschlagzeuger Musikgeschichte geschrieben. Gr\u00f6\u00dfen wie Miles Davis, Keith Jarrett und John Coltrane geh\u00f6rten zu seinen Partnern. Nun ist der Musiker im Alter von 83 Jahren gestorben, wie sein Label ECM mitteilte. Ornette Coleman, Sonny Rollins, Sun Ra, Jackie McLean, Thelonious Monk, Bill Evans, Stan Getz, Keith Jarrett, Chet Baker, George Benson und Herbie Hancock \u2013 die Liste der K\u00fcnstler, mit denen DeJohnette zusammenarbeitete, ist beeindruckend. Seit den 1970er-Jahren war er Hausschlagzeuger des deutschen Labels ECM, f\u00fcr das er zahlreiche Alben aufnahm, darunter \u201eSpecial Edition\u201c, \u201eSong X\u201c und \u201eNew Directions\u201c \u2013 als Sideman, Bandleader oder unter eigenem Namen. DeJohnette wurde am 9. August 1942 in Chicago geboren. Vom vierten bis zum vierzehnten Lebensjahr spielte er Klavier, bevor er in der High School zum Schlagzeug wechselte und anschlie\u00dfend Musik studierte. Als eines seiner Vorbilder nannte er den Jazzpianisten Ahmad Jamal (1930\u20132023), das Idol f\u00fcr Generationen von Musikerinnen und Musikern. DeJohnettes Karriere begann 1966 in New York. Zun\u00e4chst spielte er im Ensemble des Saxophonisten John Coltrane, sp\u00e4ter im Quartett von Charles Lloyd, dem auch der junge Pianist Keith Jarrett angeh\u00f6rte. Mit Jarrett und dem &hellip;\" \/>\n<meta property=\"og:url\" content=\"https:\/\/www.jazzzeitung.de\/cms\/2025\/10\/zum-tod-des-meistertrommlers-und-komponisten-jack-dejohnette\/\" \/>\n<meta property=\"og:site_name\" content=\"JazzZeitung\" \/>\n<meta property=\"article:publisher\" content=\"https:\/\/www.facebook.com\/JazzZeitung\/\" \/>\n<meta property=\"article:published_time\" content=\"2025-10-29T12:22:14+00:00\" \/>\n<meta property=\"og:image\" content=\"https:\/\/i0.wp.com\/www.jazzzeitung.de\/cms\/wp-content\/uploads\/2025\/10\/107-scaled.jpg?fit=2560%2C1703&ssl=1\" \/>\n\t<meta property=\"og:image:width\" content=\"2560\" \/>\n\t<meta property=\"og:image:height\" content=\"1703\" \/>\n\t<meta property=\"og:image:type\" content=\"image\/jpeg\" \/>\n<meta name=\"author\" content=\"Andreas Kolb\" \/>\n<script type=\"application\/ld+json\" class=\"yoast-schema-graph\">{\"@context\":\"https:\\\/\\\/schema.org\",\"@graph\":[{\"@type\":\"Article\",\"@id\":\"https:\\\/\\\/www.jazzzeitung.de\\\/cms\\\/2025\\\/10\\\/zum-tod-des-meistertrommlers-und-komponisten-jack-dejohnette\\\/#article\",\"isPartOf\":{\"@id\":\"https:\\\/\\\/www.jazzzeitung.de\\\/cms\\\/2025\\\/10\\\/zum-tod-des-meistertrommlers-und-komponisten-jack-dejohnette\\\/\"},\"author\":{\"name\":\"Andreas Kolb\",\"@id\":\"https:\\\/\\\/www.jazzzeitung.de\\\/cms\\\/#\\\/schema\\\/person\\\/23954215d035da9ee48d2a2c09a4a62c\"},\"headline\":\"Zum Tod des Meistertrommlers und Komponisten Jack DeJohnette\",\"datePublished\":\"2025-10-29T12:22:14+00:00\",\"mainEntityOfPage\":{\"@id\":\"https:\\\/\\\/www.jazzzeitung.de\\\/cms\\\/2025\\\/10\\\/zum-tod-des-meistertrommlers-und-komponisten-jack-dejohnette\\\/\"},\"wordCount\":390,\"commentCount\":0,\"publisher\":{\"@id\":\"https:\\\/\\\/www.jazzzeitung.de\\\/cms\\\/#organization\"},\"image\":{\"@id\":\"https:\\\/\\\/www.jazzzeitung.de\\\/cms\\\/2025\\\/10\\\/zum-tod-des-meistertrommlers-und-komponisten-jack-dejohnette\\\/#primaryimage\"},\"thumbnailUrl\":\"https:\\\/\\\/i0.wp.com\\\/www.jazzzeitung.de\\\/cms\\\/wp-content\\\/uploads\\\/2025\\\/10\\\/107-scaled.jpg?fit=2560%2C1703&ssl=1\",\"keywords\":[\"ECM\",\"Jack Dejohnette\",\"Jazzfest Berlin\",\"Keith Jarret\",\"Nachruf\",\"New York\",\"Schlagzeut\",\"Susanne van Loon\"],\"articleSection\":[\"Bericht\"],\"inLanguage\":\"de\",\"potentialAction\":[{\"@type\":\"CommentAction\",\"name\":\"Comment\",\"target\":[\"https:\\\/\\\/www.jazzzeitung.de\\\/cms\\\/2025\\\/10\\\/zum-tod-des-meistertrommlers-und-komponisten-jack-dejohnette\\\/#respond\"]}]},{\"@type\":\"WebPage\",\"@id\":\"https:\\\/\\\/www.jazzzeitung.de\\\/cms\\\/2025\\\/10\\\/zum-tod-des-meistertrommlers-und-komponisten-jack-dejohnette\\\/\",\"url\":\"https:\\\/\\\/www.jazzzeitung.de\\\/cms\\\/2025\\\/10\\\/zum-tod-des-meistertrommlers-und-komponisten-jack-dejohnette\\\/\",\"name\":\"Zum Tod des Meistertrommlers und Komponisten Jack DeJohnette - JazzZeitung\",\"isPartOf\":{\"@id\":\"https:\\\/\\\/www.jazzzeitung.de\\\/cms\\\/#website\"},\"primaryImageOfPage\":{\"@id\":\"https:\\\/\\\/www.jazzzeitung.de\\\/cms\\\/2025\\\/10\\\/zum-tod-des-meistertrommlers-und-komponisten-jack-dejohnette\\\/#primaryimage\"},\"image\":{\"@id\":\"https:\\\/\\\/www.jazzzeitung.de\\\/cms\\\/2025\\\/10\\\/zum-tod-des-meistertrommlers-und-komponisten-jack-dejohnette\\\/#primaryimage\"},\"thumbnailUrl\":\"https:\\\/\\\/i0.wp.com\\\/www.jazzzeitung.de\\\/cms\\\/wp-content\\\/uploads\\\/2025\\\/10\\\/107-scaled.jpg?fit=2560%2C1703&ssl=1\",\"datePublished\":\"2025-10-29T12:22:14+00:00\",\"breadcrumb\":{\"@id\":\"https:\\\/\\\/www.jazzzeitung.de\\\/cms\\\/2025\\\/10\\\/zum-tod-des-meistertrommlers-und-komponisten-jack-dejohnette\\\/#breadcrumb\"},\"inLanguage\":\"de\",\"potentialAction\":[{\"@type\":\"ReadAction\",\"target\":[\"https:\\\/\\\/www.jazzzeitung.de\\\/cms\\\/2025\\\/10\\\/zum-tod-des-meistertrommlers-und-komponisten-jack-dejohnette\\\/\"]}]},{\"@type\":\"ImageObject\",\"inLanguage\":\"de\",\"@id\":\"https:\\\/\\\/www.jazzzeitung.de\\\/cms\\\/2025\\\/10\\\/zum-tod-des-meistertrommlers-und-komponisten-jack-dejohnette\\\/#primaryimage\",\"url\":\"https:\\\/\\\/i0.wp.com\\\/www.jazzzeitung.de\\\/cms\\\/wp-content\\\/uploads\\\/2025\\\/10\\\/107-scaled.jpg?fit=2560%2C1703&ssl=1\",\"contentUrl\":\"https:\\\/\\\/i0.wp.com\\\/www.jazzzeitung.de\\\/cms\\\/wp-content\\\/uploads\\\/2025\\\/10\\\/107-scaled.jpg?fit=2560%2C1703&ssl=1\",\"width\":2560,\"height\":1703},{\"@type\":\"BreadcrumbList\",\"@id\":\"https:\\\/\\\/www.jazzzeitung.de\\\/cms\\\/2025\\\/10\\\/zum-tod-des-meistertrommlers-und-komponisten-jack-dejohnette\\\/#breadcrumb\",\"itemListElement\":[{\"@type\":\"ListItem\",\"position\":1,\"name\":\"Startseite\",\"item\":\"https:\\\/\\\/www.jazzzeitung.de\\\/cms\\\/\"},{\"@type\":\"ListItem\",\"position\":2,\"name\":\"Zum Tod des Meistertrommlers und Komponisten Jack DeJohnette\"}]},{\"@type\":\"WebSite\",\"@id\":\"https:\\\/\\\/www.jazzzeitung.de\\\/cms\\\/#website\",\"url\":\"https:\\\/\\\/www.jazzzeitung.de\\\/cms\\\/\",\"name\":\"JazzZeitung\",\"description\":\"Jazz-News und Jazz-Kontroverses\",\"publisher\":{\"@id\":\"https:\\\/\\\/www.jazzzeitung.de\\\/cms\\\/#organization\"},\"potentialAction\":[{\"@type\":\"SearchAction\",\"target\":{\"@type\":\"EntryPoint\",\"urlTemplate\":\"https:\\\/\\\/www.jazzzeitung.de\\\/cms\\\/?s={search_term_string}\"},\"query-input\":{\"@type\":\"PropertyValueSpecification\",\"valueRequired\":true,\"valueName\":\"search_term_string\"}}],\"inLanguage\":\"de\"},{\"@type\":\"Organization\",\"@id\":\"https:\\\/\\\/www.jazzzeitung.de\\\/cms\\\/#organization\",\"name\":\"JazzZeitung online\",\"url\":\"https:\\\/\\\/www.jazzzeitung.de\\\/cms\\\/\",\"logo\":{\"@type\":\"ImageObject\",\"inLanguage\":\"de\",\"@id\":\"https:\\\/\\\/www.jazzzeitung.de\\\/cms\\\/#\\\/schema\\\/logo\\\/image\\\/\",\"url\":\"https:\\\/\\\/i0.wp.com\\\/www.jazzzeitung.de\\\/cms\\\/wp-content\\\/uploads\\\/2015\\\/08\\\/JAZZZEITUNGDE_Logo_Neu.png?fit=499%2C200&ssl=1\",\"contentUrl\":\"https:\\\/\\\/i0.wp.com\\\/www.jazzzeitung.de\\\/cms\\\/wp-content\\\/uploads\\\/2015\\\/08\\\/JAZZZEITUNGDE_Logo_Neu.png?fit=499%2C200&ssl=1\",\"width\":499,\"height\":200,\"caption\":\"JazzZeitung online\"},\"image\":{\"@id\":\"https:\\\/\\\/www.jazzzeitung.de\\\/cms\\\/#\\\/schema\\\/logo\\\/image\\\/\"},\"sameAs\":[\"https:\\\/\\\/www.facebook.com\\\/JazzZeitung\\\/\"]},{\"@type\":\"Person\",\"@id\":\"https:\\\/\\\/www.jazzzeitung.de\\\/cms\\\/#\\\/schema\\\/person\\\/23954215d035da9ee48d2a2c09a4a62c\",\"name\":\"Andreas Kolb\",\"image\":{\"@type\":\"ImageObject\",\"inLanguage\":\"de\",\"@id\":\"https:\\\/\\\/i0.wp.com\\\/www.jazzzeitung.de\\\/cms\\\/wp-content\\\/uploads\\\/2013\\\/05\\\/kolb-small.jpg?resize=96%2C96&ssl=1d81fdf4aa1b2f31d206a8dd371420dd4\",\"url\":\"https:\\\/\\\/i0.wp.com\\\/www.jazzzeitung.de\\\/cms\\\/wp-content\\\/uploads\\\/2013\\\/05\\\/kolb-small.jpg?resize=96%2C96&ssl=1\",\"contentUrl\":\"https:\\\/\\\/i0.wp.com\\\/www.jazzzeitung.de\\\/cms\\\/wp-content\\\/uploads\\\/2013\\\/05\\\/kolb-small.jpg?resize=96%2C96&ssl=1\",\"caption\":\"Andreas Kolb\"},\"description\":\"Andreas Kolb ist Chefredakteur der Jazzzeitung.\",\"sameAs\":[\"https:\\\/\\\/www.jazzzeitung.de\"],\"url\":\"https:\\\/\\\/www.jazzzeitung.de\\\/cms\\\/author\\\/kolb\\\/\"}]}<\/script>\n<!-- \/ Yoast SEO plugin. -->","yoast_head_json":{"title":"Zum Tod des Meistertrommlers und Komponisten Jack DeJohnette - JazzZeitung","robots":{"index":"index","follow":"follow","max-snippet":"max-snippet:-1","max-image-preview":"max-image-preview:large","max-video-preview":"max-video-preview:-1"},"canonical":"https:\/\/www.jazzzeitung.de\/cms\/2025\/10\/zum-tod-des-meistertrommlers-und-komponisten-jack-dejohnette\/","og_locale":"de_DE","og_type":"article","og_title":"Zum Tod des Meistertrommlers und Komponisten Jack DeJohnette - JazzZeitung","og_description":"Jack DeJohnette hat als Jazzschlagzeuger Musikgeschichte geschrieben. Gr\u00f6\u00dfen wie Miles Davis, Keith Jarrett und John Coltrane geh\u00f6rten zu seinen Partnern. Nun ist der Musiker im Alter von 83 Jahren gestorben, wie sein Label ECM mitteilte. Ornette Coleman, Sonny Rollins, Sun Ra, Jackie McLean, Thelonious Monk, Bill Evans, Stan Getz, Keith Jarrett, Chet Baker, George Benson und Herbie Hancock \u2013 die Liste der K\u00fcnstler, mit denen DeJohnette zusammenarbeitete, ist beeindruckend. Seit den 1970er-Jahren war er Hausschlagzeuger des deutschen Labels ECM, f\u00fcr das er zahlreiche Alben aufnahm, darunter \u201eSpecial Edition\u201c, \u201eSong X\u201c und \u201eNew Directions\u201c \u2013 als Sideman, Bandleader oder unter eigenem Namen. DeJohnette wurde am 9. August 1942 in Chicago geboren. Vom vierten bis zum vierzehnten Lebensjahr spielte er Klavier, bevor er in der High School zum Schlagzeug wechselte und anschlie\u00dfend Musik studierte. Als eines seiner Vorbilder nannte er den Jazzpianisten Ahmad Jamal (1930\u20132023), das Idol f\u00fcr Generationen von Musikerinnen und Musikern. DeJohnettes Karriere begann 1966 in New York. Zun\u00e4chst spielte er im Ensemble des Saxophonisten John Coltrane, sp\u00e4ter im Quartett von Charles Lloyd, dem auch der junge Pianist Keith Jarrett angeh\u00f6rte. Mit Jarrett und dem &hellip;","og_url":"https:\/\/www.jazzzeitung.de\/cms\/2025\/10\/zum-tod-des-meistertrommlers-und-komponisten-jack-dejohnette\/","og_site_name":"JazzZeitung","article_publisher":"https:\/\/www.facebook.com\/JazzZeitung\/","article_published_time":"2025-10-29T12:22:14+00:00","og_image":[{"width":2560,"height":1703,"url":"https:\/\/i0.wp.com\/www.jazzzeitung.de\/cms\/wp-content\/uploads\/2025\/10\/107-scaled.jpg?fit=2560%2C1703&ssl=1","type":"image\/jpeg"}],"author":"Andreas Kolb","schema":{"@context":"https:\/\/schema.org","@graph":[{"@type":"Article","@id":"https:\/\/www.jazzzeitung.de\/cms\/2025\/10\/zum-tod-des-meistertrommlers-und-komponisten-jack-dejohnette\/#article","isPartOf":{"@id":"https:\/\/www.jazzzeitung.de\/cms\/2025\/10\/zum-tod-des-meistertrommlers-und-komponisten-jack-dejohnette\/"},"author":{"name":"Andreas Kolb","@id":"https:\/\/www.jazzzeitung.de\/cms\/#\/schema\/person\/23954215d035da9ee48d2a2c09a4a62c"},"headline":"Zum Tod des Meistertrommlers und Komponisten Jack DeJohnette","datePublished":"2025-10-29T12:22:14+00:00","mainEntityOfPage":{"@id":"https:\/\/www.jazzzeitung.de\/cms\/2025\/10\/zum-tod-des-meistertrommlers-und-komponisten-jack-dejohnette\/"},"wordCount":390,"commentCount":0,"publisher":{"@id":"https:\/\/www.jazzzeitung.de\/cms\/#organization"},"image":{"@id":"https:\/\/www.jazzzeitung.de\/cms\/2025\/10\/zum-tod-des-meistertrommlers-und-komponisten-jack-dejohnette\/#primaryimage"},"thumbnailUrl":"https:\/\/i0.wp.com\/www.jazzzeitung.de\/cms\/wp-content\/uploads\/2025\/10\/107-scaled.jpg?fit=2560%2C1703&ssl=1","keywords":["ECM","Jack Dejohnette","Jazzfest Berlin","Keith Jarret","Nachruf","New York","Schlagzeut","Susanne van Loon"],"articleSection":["Bericht"],"inLanguage":"de","potentialAction":[{"@type":"CommentAction","name":"Comment","target":["https:\/\/www.jazzzeitung.de\/cms\/2025\/10\/zum-tod-des-meistertrommlers-und-komponisten-jack-dejohnette\/#respond"]}]},{"@type":"WebPage","@id":"https:\/\/www.jazzzeitung.de\/cms\/2025\/10\/zum-tod-des-meistertrommlers-und-komponisten-jack-dejohnette\/","url":"https:\/\/www.jazzzeitung.de\/cms\/2025\/10\/zum-tod-des-meistertrommlers-und-komponisten-jack-dejohnette\/","name":"Zum Tod des Meistertrommlers und Komponisten Jack DeJohnette - JazzZeitung","isPartOf":{"@id":"https:\/\/www.jazzzeitung.de\/cms\/#website"},"primaryImageOfPage":{"@id":"https:\/\/www.jazzzeitung.de\/cms\/2025\/10\/zum-tod-des-meistertrommlers-und-komponisten-jack-dejohnette\/#primaryimage"},"image":{"@id":"https:\/\/www.jazzzeitung.de\/cms\/2025\/10\/zum-tod-des-meistertrommlers-und-komponisten-jack-dejohnette\/#primaryimage"},"thumbnailUrl":"https:\/\/i0.wp.com\/www.jazzzeitung.de\/cms\/wp-content\/uploads\/2025\/10\/107-scaled.jpg?fit=2560%2C1703&ssl=1","datePublished":"2025-10-29T12:22:14+00:00","breadcrumb":{"@id":"https:\/\/www.jazzzeitung.de\/cms\/2025\/10\/zum-tod-des-meistertrommlers-und-komponisten-jack-dejohnette\/#breadcrumb"},"inLanguage":"de","potentialAction":[{"@type":"ReadAction","target":["https:\/\/www.jazzzeitung.de\/cms\/2025\/10\/zum-tod-des-meistertrommlers-und-komponisten-jack-dejohnette\/"]}]},{"@type":"ImageObject","inLanguage":"de","@id":"https:\/\/www.jazzzeitung.de\/cms\/2025\/10\/zum-tod-des-meistertrommlers-und-komponisten-jack-dejohnette\/#primaryimage","url":"https:\/\/i0.wp.com\/www.jazzzeitung.de\/cms\/wp-content\/uploads\/2025\/10\/107-scaled.jpg?fit=2560%2C1703&ssl=1","contentUrl":"https:\/\/i0.wp.com\/www.jazzzeitung.de\/cms\/wp-content\/uploads\/2025\/10\/107-scaled.jpg?fit=2560%2C1703&ssl=1","width":2560,"height":1703},{"@type":"BreadcrumbList","@id":"https:\/\/www.jazzzeitung.de\/cms\/2025\/10\/zum-tod-des-meistertrommlers-und-komponisten-jack-dejohnette\/#breadcrumb","itemListElement":[{"@type":"ListItem","position":1,"name":"Startseite","item":"https:\/\/www.jazzzeitung.de\/cms\/"},{"@type":"ListItem","position":2,"name":"Zum Tod des Meistertrommlers und Komponisten Jack DeJohnette"}]},{"@type":"WebSite","@id":"https:\/\/www.jazzzeitung.de\/cms\/#website","url":"https:\/\/www.jazzzeitung.de\/cms\/","name":"JazzZeitung","description":"Jazz-News und Jazz-Kontroverses","publisher":{"@id":"https:\/\/www.jazzzeitung.de\/cms\/#organization"},"potentialAction":[{"@type":"SearchAction","target":{"@type":"EntryPoint","urlTemplate":"https:\/\/www.jazzzeitung.de\/cms\/?s={search_term_string}"},"query-input":{"@type":"PropertyValueSpecification","valueRequired":true,"valueName":"search_term_string"}}],"inLanguage":"de"},{"@type":"Organization","@id":"https:\/\/www.jazzzeitung.de\/cms\/#organization","name":"JazzZeitung online","url":"https:\/\/www.jazzzeitung.de\/cms\/","logo":{"@type":"ImageObject","inLanguage":"de","@id":"https:\/\/www.jazzzeitung.de\/cms\/#\/schema\/logo\/image\/","url":"https:\/\/i0.wp.com\/www.jazzzeitung.de\/cms\/wp-content\/uploads\/2015\/08\/JAZZZEITUNGDE_Logo_Neu.png?fit=499%2C200&ssl=1","contentUrl":"https:\/\/i0.wp.com\/www.jazzzeitung.de\/cms\/wp-content\/uploads\/2015\/08\/JAZZZEITUNGDE_Logo_Neu.png?fit=499%2C200&ssl=1","width":499,"height":200,"caption":"JazzZeitung online"},"image":{"@id":"https:\/\/www.jazzzeitung.de\/cms\/#\/schema\/logo\/image\/"},"sameAs":["https:\/\/www.facebook.com\/JazzZeitung\/"]},{"@type":"Person","@id":"https:\/\/www.jazzzeitung.de\/cms\/#\/schema\/person\/23954215d035da9ee48d2a2c09a4a62c","name":"Andreas Kolb","image":{"@type":"ImageObject","inLanguage":"de","@id":"https:\/\/i0.wp.com\/www.jazzzeitung.de\/cms\/wp-content\/uploads\/2013\/05\/kolb-small.jpg?resize=96%2C96&ssl=1d81fdf4aa1b2f31d206a8dd371420dd4","url":"https:\/\/i0.wp.com\/www.jazzzeitung.de\/cms\/wp-content\/uploads\/2013\/05\/kolb-small.jpg?resize=96%2C96&ssl=1","contentUrl":"https:\/\/i0.wp.com\/www.jazzzeitung.de\/cms\/wp-content\/uploads\/2013\/05\/kolb-small.jpg?resize=96%2C96&ssl=1","caption":"Andreas Kolb"},"description":"Andreas Kolb ist Chefredakteur der Jazzzeitung.","sameAs":["https:\/\/www.jazzzeitung.de"],"url":"https:\/\/www.jazzzeitung.de\/cms\/author\/kolb\/"}]}},"wp-worthy-pixel":{"ignored":false,"public":null,"server":null,"url":null},"wp-worthy-type":"normal","jetpack_publicize_connections":[],"cc_featured_image_caption":{"caption_text":"","source_text":"","source_url":""},"jetpack_featured_media_url":"https:\/\/i0.wp.com\/www.jazzzeitung.de\/cms\/wp-content\/uploads\/2025\/10\/107-scaled.jpg?fit=2560%2C1703&ssl=1","jetpack_shortlink":"https:\/\/wp.me\/p3KEcT-8EP","jetpack-related-posts":[{"id":2677,"url":"https:\/\/www.jazzzeitung.de\/cms\/2013\/11\/jazzfest-2013-michael-riessler-big-circle-und-jack-dejohnette-group-solistenzwang-und-gruppenklang\/","url_meta":{"origin":33283,"position":0},"title":"Jazzfest 2013 \u2013 Michael Riessler \u201eBig Circle\u201c und Jack DeJohnette Group \u2013 Solistenzwang und Gruppenklang","author":"Huflaikhan","date":"2. November 2013","format":false,"excerpt":"Der zweite Tag des Jazzfestes hat im Haus der Berliner Festspiele ein Kontrastprogramm bereitgehalten. Ein gro\u00dfer Kreis, Michael Riesslers \u201eBig Circle\u201c traf auf ein Jazzquartett um den Schlagzeuger Jack DeJohnette. Kraftsuppe trifft auf kammermusikalisches Quartett. Die Fragen stellten sich an diesem Abend anders: Reproduktion des Selbst (Michael Riessler) Der gro\u00dfe\u2026","rel":"","context":"In &quot;Blog&quot;","block_context":{"text":"Blog","link":"https:\/\/www.jazzzeitung.de\/cms\/thema\/blog\/"},"img":{"alt_text":"Michael Riessler \u201eBig Circle\u201c. Foto: Petra Basche","src":"https:\/\/i0.wp.com\/www.jazzzeitung.de\/cms\/wp-content\/uploads\/2013\/11\/jf13-02-0886.jpg?resize=350%2C200","width":350,"height":200,"srcset":"https:\/\/i0.wp.com\/www.jazzzeitung.de\/cms\/wp-content\/uploads\/2013\/11\/jf13-02-0886.jpg?resize=350%2C200 1x, https:\/\/i0.wp.com\/www.jazzzeitung.de\/cms\/wp-content\/uploads\/2013\/11\/jf13-02-0886.jpg?resize=525%2C300 1.5x, https:\/\/i0.wp.com\/www.jazzzeitung.de\/cms\/wp-content\/uploads\/2013\/11\/jf13-02-0886.jpg?resize=700%2C400 2x, https:\/\/i0.wp.com\/www.jazzzeitung.de\/cms\/wp-content\/uploads\/2013\/11\/jf13-02-0886.jpg?resize=1050%2C600 3x"},"classes":[]},{"id":4885,"url":"https:\/\/www.jazzzeitung.de\/cms\/2014\/11\/jack-dejohnette-der-muenchener-unterfahrt\/","url_meta":{"origin":33283,"position":1},"title":"Jack DeJohnette in der M\u00fcnchener Unterfahrt","author":"Redaktion JazzZeitung","date":"12. November 2014","format":"gallery","excerpt":"Bereits vor zwanzig Jahren brachte DeJohnette den Saxophonisten Ravi Coltrane und den Bassisten Matthew Garrison zum ersten Mal zusammen, um im Brooklyn Museum in New York zu spielen. Dieses einzigartige Trio fand sich nun wieder f\u00fcr eine gemeinsame Tournee zusammen und gastiert am 4. November 2014 in der M\u00fcnchener Unterfahrt.\u2026","rel":"","context":"In &quot;News&quot;","block_context":{"text":"News","link":"https:\/\/www.jazzzeitung.de\/cms\/thema\/nachrichten\/"},"img":{"alt_text":"","src":"https:\/\/i0.wp.com\/www.jazzzeitung.de\/cms\/wp-content\/uploads\/2014\/11\/0K3A0005-Coltrane-DeJohnette-Garrison-Dombr.jpg?fit=1200%2C800&ssl=1&resize=350%2C200","width":350,"height":200,"srcset":"https:\/\/i0.wp.com\/www.jazzzeitung.de\/cms\/wp-content\/uploads\/2014\/11\/0K3A0005-Coltrane-DeJohnette-Garrison-Dombr.jpg?fit=1200%2C800&ssl=1&resize=350%2C200 1x, https:\/\/i0.wp.com\/www.jazzzeitung.de\/cms\/wp-content\/uploads\/2014\/11\/0K3A0005-Coltrane-DeJohnette-Garrison-Dombr.jpg?fit=1200%2C800&ssl=1&resize=525%2C300 1.5x, https:\/\/i0.wp.com\/www.jazzzeitung.de\/cms\/wp-content\/uploads\/2014\/11\/0K3A0005-Coltrane-DeJohnette-Garrison-Dombr.jpg?fit=1200%2C800&ssl=1&resize=700%2C400 2x, https:\/\/i0.wp.com\/www.jazzzeitung.de\/cms\/wp-content\/uploads\/2014\/11\/0K3A0005-Coltrane-DeJohnette-Garrison-Dombr.jpg?fit=1200%2C800&ssl=1&resize=1050%2C600 3x"},"classes":[]},{"id":13353,"url":"https:\/\/www.jazzzeitung.de\/cms\/2017\/08\/dejohnettegrenadiermedeskiscofield-hudson\/","url_meta":{"origin":33283,"position":2},"title":"CD-Rezension: Hudson","author":"Redaktion JazzZeitung","date":"16. August 2017","format":false,"excerpt":"\u201eHudson\u201c - so der Titel des neuen, auf dem Label Mot\u00e9ma erschienen Albums, das auf den ersten Blick profan und unscheinbar wirkt, bis man auf die Besetzungsliste der Formation schaut: Eine Erntedankfestbesetzung mit Jack DeJohnette, John Scofield, John Medeski und Larry Grenadier. Was die vier dann auf dem Album soundtechnisch\u2026","rel":"","context":"In &quot;Rezension&quot;","block_context":{"text":"Rezension","link":"https:\/\/www.jazzzeitung.de\/cms\/thema\/rezension\/"},"img":{"alt_text":"","src":"https:\/\/i0.wp.com\/www.jazzzeitung.de\/cms\/wp-content\/uploads\/2017\/08\/Hudson-Cover-1.jpg?fit=1200%2C1200&ssl=1&resize=350%2C200","width":350,"height":200,"srcset":"https:\/\/i0.wp.com\/www.jazzzeitung.de\/cms\/wp-content\/uploads\/2017\/08\/Hudson-Cover-1.jpg?fit=1200%2C1200&ssl=1&resize=350%2C200 1x, https:\/\/i0.wp.com\/www.jazzzeitung.de\/cms\/wp-content\/uploads\/2017\/08\/Hudson-Cover-1.jpg?fit=1200%2C1200&ssl=1&resize=525%2C300 1.5x, https:\/\/i0.wp.com\/www.jazzzeitung.de\/cms\/wp-content\/uploads\/2017\/08\/Hudson-Cover-1.jpg?fit=1200%2C1200&ssl=1&resize=700%2C400 2x, https:\/\/i0.wp.com\/www.jazzzeitung.de\/cms\/wp-content\/uploads\/2017\/08\/Hudson-Cover-1.jpg?fit=1200%2C1200&ssl=1&resize=1050%2C600 3x"},"classes":[]},{"id":15668,"url":"https:\/\/www.jazzzeitung.de\/cms\/2018\/04\/anouar-brahem-tunesian-blues-in-der-muenchner-philharmonie\/","url_meta":{"origin":33283,"position":3},"title":"Anouar Brahem &#8211; Tunesian Blues in der M\u00fcnchner Philharmonie","author":"Thomas J. Krebs","date":"16. April 2018","format":false,"excerpt":"Es gibt sie \u2026 diese \u00dcberraschungsabende und -konzerte. Man freut sich darauf, hat eine gewisse Erwartung, ist gespannt auf Musiker in einer bestimmten Formation und am Ende ist alles doch anders, noch viel besser und interessanter als man es sich gew\u00fcnscht hat. So geschehen am vergangenen Samstag. Anouar Brahem, der\u2026","rel":"","context":"In &quot;Bericht&quot;","block_context":{"text":"Bericht","link":"https:\/\/www.jazzzeitung.de\/cms\/thema\/bericht\/"},"img":{"alt_text":"","src":"https:\/\/i0.wp.com\/www.jazzzeitung.de\/cms\/wp-content\/uploads\/2018\/04\/Anouar-Brahem-3-Foto-TJ-Krebs-jazzphotoagency%40web.de_.jpg?fit=1200%2C800&ssl=1&resize=350%2C200","width":350,"height":200,"srcset":"https:\/\/i0.wp.com\/www.jazzzeitung.de\/cms\/wp-content\/uploads\/2018\/04\/Anouar-Brahem-3-Foto-TJ-Krebs-jazzphotoagency%40web.de_.jpg?fit=1200%2C800&ssl=1&resize=350%2C200 1x, https:\/\/i0.wp.com\/www.jazzzeitung.de\/cms\/wp-content\/uploads\/2018\/04\/Anouar-Brahem-3-Foto-TJ-Krebs-jazzphotoagency%40web.de_.jpg?fit=1200%2C800&ssl=1&resize=525%2C300 1.5x, https:\/\/i0.wp.com\/www.jazzzeitung.de\/cms\/wp-content\/uploads\/2018\/04\/Anouar-Brahem-3-Foto-TJ-Krebs-jazzphotoagency%40web.de_.jpg?fit=1200%2C800&ssl=1&resize=700%2C400 2x, https:\/\/i0.wp.com\/www.jazzzeitung.de\/cms\/wp-content\/uploads\/2018\/04\/Anouar-Brahem-3-Foto-TJ-Krebs-jazzphotoagency%40web.de_.jpg?fit=1200%2C800&ssl=1&resize=1050%2C600 3x"},"classes":[]},{"id":14305,"url":"https:\/\/www.jazzzeitung.de\/cms\/2017\/11\/ecm-records-beginnt-mit-streaming\/","url_meta":{"origin":33283,"position":4},"title":"ECM Records beginnt mit Streaming","author":"Huflaikhan","date":"17. November 2017","format":false,"excerpt":"Einige haben es in den letzten Tagen schon bemerkt. Der Musikkatalog von ECM tauchte fallweise bei einigen Streamingdiensten auf. Nun ist es offiziell: \"Das Label ECM Records gab heute bekannt, dass es seine Zusammenarbeit mit dem langj\u00e4hrigen Vertriebspartner Universal Music Group (UMG), Weltmarktf\u00fchrer im musikbasierten Unterhaltungsgesch\u00e4ft, ausbaut, um den gesamten\u2026","rel":"","context":"In &quot;News&quot;","block_context":{"text":"News","link":"https:\/\/www.jazzzeitung.de\/cms\/thema\/nachrichten\/"},"img":{"alt_text":"Auch eine Art Streamingdienst. Foto: Hufner","src":"https:\/\/i0.wp.com\/www.jazzzeitung.de\/cms\/wp-content\/uploads\/2017\/11\/toieltte.jpg?fit=1200%2C900&ssl=1&resize=350%2C200","width":350,"height":200,"srcset":"https:\/\/i0.wp.com\/www.jazzzeitung.de\/cms\/wp-content\/uploads\/2017\/11\/toieltte.jpg?fit=1200%2C900&ssl=1&resize=350%2C200 1x, https:\/\/i0.wp.com\/www.jazzzeitung.de\/cms\/wp-content\/uploads\/2017\/11\/toieltte.jpg?fit=1200%2C900&ssl=1&resize=525%2C300 1.5x, https:\/\/i0.wp.com\/www.jazzzeitung.de\/cms\/wp-content\/uploads\/2017\/11\/toieltte.jpg?fit=1200%2C900&ssl=1&resize=700%2C400 2x, https:\/\/i0.wp.com\/www.jazzzeitung.de\/cms\/wp-content\/uploads\/2017\/11\/toieltte.jpg?fit=1200%2C900&ssl=1&resize=1050%2C600 3x"},"classes":[]},{"id":10815,"url":"https:\/\/www.jazzzeitung.de\/cms\/2016\/11\/jazzfest-berlin-2016-3-unter-groovekillern-spielen-und-kaputtspielen\/","url_meta":{"origin":33283,"position":5},"title":"Jazzfest Berlin 2016 (3) \u2013 Unter Groovekillern: Spielen und kaputtspielen","author":"Huflaikhan","date":"6. November 2016","format":false,"excerpt":"Eigentlich eine Dom\u00e4ne des europ\u00e4ischen Jazz, das Kaputtspielen \u2013 ganz aus den sp\u00e4ten 68ern heraus. So wie vorgestern beim Globe Unity Orchestra. Man kann die Dinge aber auch anders kaputtspielen: entweder wegen \u00dcberforderung oder durch ein aneinander vorbeispielen. Wird ja schon keiner merken \u2013 bei Profis oder gar Superstars der\u2026","rel":"","context":"In &quot;Bericht&quot;","block_context":{"text":"Bericht","link":"https:\/\/www.jazzzeitung.de\/cms\/thema\/bericht\/"},"img":{"alt_text":"Angelika Niescier \u2013 Florian Weber Quintet. Angelika Niescier. Foto: Petra Basche","src":"https:\/\/i0.wp.com\/www.jazzzeitung.de\/cms\/wp-content\/uploads\/2016\/11\/jazzfest_2016_Niescier_0030t2016.jpg?fit=1200%2C800&ssl=1&resize=350%2C200","width":350,"height":200,"srcset":"https:\/\/i0.wp.com\/www.jazzzeitung.de\/cms\/wp-content\/uploads\/2016\/11\/jazzfest_2016_Niescier_0030t2016.jpg?fit=1200%2C800&ssl=1&resize=350%2C200 1x, https:\/\/i0.wp.com\/www.jazzzeitung.de\/cms\/wp-content\/uploads\/2016\/11\/jazzfest_2016_Niescier_0030t2016.jpg?fit=1200%2C800&ssl=1&resize=525%2C300 1.5x, https:\/\/i0.wp.com\/www.jazzzeitung.de\/cms\/wp-content\/uploads\/2016\/11\/jazzfest_2016_Niescier_0030t2016.jpg?fit=1200%2C800&ssl=1&resize=700%2C400 2x, https:\/\/i0.wp.com\/www.jazzzeitung.de\/cms\/wp-content\/uploads\/2016\/11\/jazzfest_2016_Niescier_0030t2016.jpg?fit=1200%2C800&ssl=1&resize=1050%2C600 3x"},"classes":[]}],"jetpack_sharing_enabled":true,"_links":{"self":[{"href":"https:\/\/www.jazzzeitung.de\/cms\/wp-json\/wp\/v2\/posts\/33283","targetHints":{"allow":["GET"]}}],"collection":[{"href":"https:\/\/www.jazzzeitung.de\/cms\/wp-json\/wp\/v2\/posts"}],"about":[{"href":"https:\/\/www.jazzzeitung.de\/cms\/wp-json\/wp\/v2\/types\/post"}],"author":[{"embeddable":true,"href":"https:\/\/www.jazzzeitung.de\/cms\/wp-json\/wp\/v2\/users\/7"}],"replies":[{"embeddable":true,"href":"https:\/\/www.jazzzeitung.de\/cms\/wp-json\/wp\/v2\/comments?post=33283"}],"version-history":[{"count":5,"href":"https:\/\/www.jazzzeitung.de\/cms\/wp-json\/wp\/v2\/posts\/33283\/revisions"}],"predecessor-version":[{"id":33292,"href":"https:\/\/www.jazzzeitung.de\/cms\/wp-json\/wp\/v2\/posts\/33283\/revisions\/33292"}],"wp:featuredmedia":[{"embeddable":true,"href":"https:\/\/www.jazzzeitung.de\/cms\/wp-json\/wp\/v2\/media\/33285"}],"wp:attachment":[{"href":"https:\/\/www.jazzzeitung.de\/cms\/wp-json\/wp\/v2\/media?parent=33283"}],"wp:term":[{"taxonomy":"category","embeddable":true,"href":"https:\/\/www.jazzzeitung.de\/cms\/wp-json\/wp\/v2\/categories?post=33283"},{"taxonomy":"post_tag","embeddable":true,"href":"https:\/\/www.jazzzeitung.de\/cms\/wp-json\/wp\/v2\/tags?post=33283"},{"taxonomy":"author","embeddable":true,"href":"https:\/\/www.jazzzeitung.de\/cms\/wp-json\/wp\/v2\/coauthors?post=33283"}],"curies":[{"name":"wp","href":"https:\/\/api.w.org\/{rel}","templated":true}]}}