{"id":33236,"date":"2025-10-26T12:00:32","date_gmt":"2025-10-26T11:00:32","guid":{"rendered":"https:\/\/www.jazzzeitung.de\/cms\/?p=33236"},"modified":"2025-10-26T12:19:02","modified_gmt":"2025-10-26T11:19:02","slug":"die-neutronenarme-jazz-radiowoche-vom-27-10-2025-bis-02-11-2025","status":"publish","type":"post","link":"https:\/\/www.jazzzeitung.de\/cms\/2025\/10\/die-neutronenarme-jazz-radiowoche-vom-27-10-2025-bis-02-11-2025\/","title":{"rendered":"Die neutronenarme Jazz-Radiowoche vom 27.10.2025 bis 02.11.2025"},"content":{"rendered":"<p class=\"western\"><a name=\"_Hlk71805784\"><\/a> Die \u00dcbersicht zum <span style=\"color: #0563c1;\"><u><a href=\"https:\/\/service.conbrio.de\/service\/download\/278\/\" name=\"Download des PDF\">Download als PDF<\/a><\/u><\/span><span style=\"text-decoration: line-through;\">.<\/span> Alle Angaben ohne Gew\u00e4hr. Erg\u00e4nzt mit den tollen Sendungen zur Neuen Musik von BR-KLASSIK und \u00d61. Die n\u00e4chsten beiden Ausgaben entfallen wegen Urlaub.<\/p>\n<p class=\"western\">Leider hat die ARD ihre Suchmaschine in Fragen Radio in der Zwischenzeit komplett geschreddert. Damit sind wir nun komplett auf Zulieferungen der Sendeanstalten angewiesen. Aktuell bekommen wir Informationen von SWR Kultur, \u00d61 und in Sachen Neue Musik von BR-KLASSIK und ebenfalls \u00d61.<\/p>\n<hr \/>\n<h2 class=\"western\"><a name=\"__RefHeading___Toc532_2049876245\"><\/a><a name=\"_Toc176424572\"><\/a><a name=\"_Toc183595478\"><\/a><a name=\"_Toc184290543\"><\/a><a name=\"_Toc185409041\"><\/a><a name=\"_Toc186792938\"><\/a><a name=\"_Toc187143015\"><\/a><a name=\"_Toc188530705\"><\/a><a name=\"_Toc188957623\"><\/a><a name=\"_Toc189813526\"><\/a><a name=\"_Toc189815284\"><\/a><a name=\"_Toc190257440\"><\/a><a name=\"_Toc174527976\"><\/a><a name=\"_Toc175140589\"><\/a> Senderliste:<\/h2>\n<hr \/>\n<ul>\n<li><span style=\"color: #0563c1;\"><u><a href=\"https:\/\/oe1.orf.at\/\" name=\"Link zum ORF\">ORF \u2013 \u00d61<\/a><\/u><\/span><\/li>\n<li><span style=\"color: #0563c1;\"><u><a href=\"https:\/\/www.deutschlandradio.de\/\" name=\"Link zum Deutschlandfunk\">Deutschlandfunk<\/a><\/u><\/span> \u2013 \u201eFakten und mehr\u201c<\/li>\n<li><span style=\"color: #0563c1;\"><u><a href=\"https:\/\/www.deutschlandfunkkultur.de\/\" name=\"Link zu Deutschlandfunk Kultur\">Deutschlandfunk-Kultur<\/a><\/u><\/span> \u2013 \u201eDas Feuilleton im Radio\u201c<\/li>\n<li><span style=\"color: #0563c1;\"><u><a href=\"https:\/\/www.ndr.de\/ndrkultur\/\" name=\"Link zu ndr kultur\">ndr Kultur<\/a><\/u><\/span> \u2013 H\u00f6ren und genie\u00dfen<\/li>\n<li><span style=\"color: #0563c1;\"><u><a href=\"https:\/\/www.ndr.de\/ndrblue\/index.html\" name=\"Link zu ndr blue\"><span lang=\"en-US\">ndr blue<\/span><\/a><\/u><\/span><span lang=\"en-US\"> \u2013 Meet The Music<\/span><\/li>\n<li><span style=\"color: #0563c1;\"><u><a href=\"https:\/\/www.bremenzwei.de\/\" name=\"Link zu Radio Bremen\">radio bremen<\/a><\/u><\/span> \u2013 Neugier lohnt sich.<\/li>\n<li><span style=\"color: #0563c1;\"><u><a href=\"https:\/\/www.radiodrei.de\/\" name=\"Link zu Radio 3 von Berlin\">Radio 3<\/a><\/u><\/span> \u2013<\/li>\n<li><span style=\"color: #0563c1;\"><u><a href=\"https:\/\/www.mdr.de\/kultur\/radio\/index.html\" name=\"Link zu medr-kultur\">mdr-kultur<\/a><\/u><\/span> \u2013 Das Radio.<\/li>\n<li><a href=\"https:\/\/www1.wdr.de\/radio\/wdr3\/\" name=\"Link zu WDR3\"><span style=\"color: #0563c1;\"><u>W<\/u><\/span><span style=\"color: #0563c1;\"><u>DR<\/u><\/span><span style=\"color: #0563c1;\"><u>3<\/u><\/span><\/a> \u2013 Das Kulturradio<\/li>\n<li><span style=\"color: #0563c1;\"><u><a href=\"https:\/\/www.hr2.de\/index.html\" name=\"Link zu hr2-kultur\">hr2-kultur<\/a><\/u><\/span> \u2013 Das Kulturradio f\u00fcr Hessen.<\/li>\n<li><a href=\"https:\/\/www.sr.de\/sr\/sr2\/index.html\" name=\"Link zu SR2-Kulturradio\"><span style=\"color: #0563c1;\"><u>S<\/u><\/span><span style=\"color: #0563c1;\"><u>R<\/u><\/span><span style=\"color: #0563c1;\"><u>2 Kulturradio<\/u><\/span><\/a> \u2013 \u2026 gut zu h\u00f6ren.<\/li>\n<li><a href=\"https:\/\/www.swr.de\/swr2\/\" name=\"Link zu SWR Kuultur\"><span style=\"color: #0563c1;\"><u>S<\/u><\/span><span style=\"color: #0563c1;\"><u>WR<\/u><\/span><u> <\/u><\/a><span style=\"color: #0563c1;\"><u>kultur<\/u><\/span> \u2013 Kultur neu entdecken<\/li>\n<li><span style=\"color: #0563c1;\"><u><a href=\"https:\/\/www.br.de\/radio\/br-klassik\/index.html\" name=\"Link zu BR-Klassik\">BR-KLASSIK<\/a><\/u><\/span> \u2013 Klassikstars geben auf BR-KLASSIK den Ton an. Attraktive Magazine bringen Interviews und Neuigkeiten aus dem Musikleben.<\/li>\n<li><span style=\"color: #0563c1;\"><u><a href=\"https:\/\/www.br.de\/radio\/bayern2\/index.html\" name=\"Link zu Bayern2\">Bayern 2<\/a><\/u><\/span> \u2013 Preisgekr\u00f6ntes Radio f\u00fcr H\u00f6rer, die mehr wissen wollen<br \/>\n<hr \/>\n<\/li>\n<\/ul>\n<h2 class=\"western\"><a name=\"__RefHeading___Toc534_2049876245\"><\/a><a name=\"_Toc190257441\"><\/a><a name=\"_Toc175140590\"><\/a><a name=\"_Toc176424573\"><\/a><a name=\"_Toc183595479\"><\/a><a name=\"_Toc184290544\"><\/a><a name=\"_Toc185409042\"><\/a><a name=\"_Toc186792939\"><\/a><a name=\"_Toc187143016\"><\/a><a name=\"_Toc188530706\"><\/a><a name=\"_Toc188957624\"><\/a><a name=\"_Toc189813527\"><\/a><a name=\"_Toc189815285\"><\/a> Internet:<\/h2>\n<hr \/>\n<ul>\n<li>Schweden: <span style=\"color: #0563c1;\"><u><a href=\"https:\/\/sverigesradio.se\/tabla.aspx?programid=2562\" name=\"Link zu Schwedens Radio P&quot;\">P2<\/a><\/u><\/span> sendet immer Dienstags von 21:00 bis 22:00 und Sonntags von 18:40 bis 20:00 ein Jazzkonzert<\/li>\n<li>Ungarn: <span style=\"color: #0563c1;\"><u><a href=\"https:\/\/mediaklikk.hu\/bartok\/\" name=\"Link zu Bart\u00f3k-Radio\">Bartok Radio<\/a><\/u><\/span> sendet t\u00e4glich von 23:00 bis 23:55 eine Jazzsendung<\/li>\n<\/ul>\n<hr \/>\n<h2 class=\"western\"><a name=\"__RefHeading___Toc18469_1919771904\"><\/a> mo &#8211; 27.10.2025<\/h2>\n<hr \/>\n<p class=\"western\">22:03 \u2013 23:00 UHR +++ SWR KULTUR<br \/>\n<b>ARD Jazz. Spotlight<\/b><\/p>\n<p class=\"western\" style=\"padding-left: 40px;\">Vorschau auf das Jazzfest Berlin 2025. Von Florian Rumberg.<\/p>\n<p class=\"western\">23:03:00 +++ \u00d61<br \/>\n<b>Zum 100. Geburtstag von Luciano Berio \u2013 Aktuelle EBU-Aufnahmen des bedeutenden italienischen Komponisten<\/b><\/p>\n<p class=\"western\" style=\"padding-left: 40px;\">Der in Oneglia geborene Luciano Berio (1925-2003) z\u00e4hlte ab der Mitte des 20. Jahrhunderts zu den gro\u00dfen Namen der musikalischen Avantgarde, neben\u00a0Komponistenkollegen wie Karlheinz Stockhausen, Pierre Boulez oder Luigi Nono. Bekannt wurde er unter anderem mit seinen virtuosen \u201eSequenza\u201c-Kompositionen f\u00fcr ein Soloinstrument oder dem von Collagetechnik gepr\u00e4gten Orchesterwerk \u201eSinfonia\u201c.<\/p>\n<p class=\"western\" style=\"padding-left: 40px;\">Im Herbst 2025 feiert die Musikwelt ein Jubil\u00e4um, anl\u00e4sslich des 100. Geburtstags des einflussreichen Komponisten am 24. Oktober. In \u201eZeit-Ton\u201c bringen wir H\u00f6hepunkte aus aktuellen Konzertmitschnitten mit Werken von Luciano Berio, zur Verf\u00fcgung gestellt von unseren Partnersendern der EBU. Gestaltung: Philipp Weismann<\/p>\n<hr \/>\n<h2 class=\"western\"><a name=\"__RefHeading___Toc18471_1919771904\"><\/a>di &#8211; 28.10.2025<\/h2>\n<hr \/>\n<p class=\"western\">21:00 \u2013 22:00 UHR +++ SWR KULTUR<br \/>\n<b>JetztMusik: Kuhn Fu beim Akut Festival Mainz<\/b><\/p>\n<p class=\"western\" style=\"padding-left: 40px;\">Von Nina Polaschegg. Wer sagt, in Mainz g\u00e4be es keinen Platz f\u00fcr experimentellen Jazz, der irrt: Das Akut-Festival schafft genau das \u2013 die Grenzen zwischen Jazz, Rock, E-Musik und Avantgarde auszuloten. Am 6. September findet das Festival, das vom UpArt-Verein auf die Beine gestellt wird zum 24. Mal statt. Unsere Jazzredaktion ist vor Ort, nimmt die Sets auf und spricht mit den K\u00fcnstlerinnen und K\u00fcnstlern. In dieser Sendung h\u00f6ren Sie Kuhn Fu, ein launiges Jazz-Rock-Septett, das fantasievoll lautmalt und Grooves abseits der Norm ersinnt.<\/p>\n<p class=\"western\">23:03:00 +++ \u00d61<br \/>\n<b>So wird Wien Modern 2025 \u2013 Festivalleiter Bernhard G\u00fcnther mit einem Ausblick auf 32 Tage voll mit zeitgen\u00f6ssischer Musik<\/b><\/p>\n<p class=\"western\" style=\"padding-left: 40px;\">Ab 30. Oktober 2025 zeigt sich die altehrw\u00fcrdige Musikstadt wieder einen guten Monat lang von ihren heutigsten Seiten: An diesem Abend er\u00f6ffnet n\u00e4mlich das ORF Radio-Symphonieorchester Wien unter der Leitung von Vimbayi Kaziboni im Wiener Konzerthaus mit Werken von George Lewis, Jessie Cox und Hannah Kendall die 38. Ausgabe des Festivals Wien Modern.<\/p>\n<p class=\"western\" style=\"padding-left: 40px;\">Eine wichtige Programmschiene dieser traditionsreichen Parade des Neuen steht dabei schon lange fest, weil sie im Vorjahr wegen eines gebrochenen Arms nicht wie geplant \u00fcber die B\u00fchne gehen konnte und verschoben werden musste: Aus Anlass seines Goldenen B\u00fchnenjubil\u00e4ums spielt das Arditti Quartet die vier Streichquartette Arnold Sch\u00f6nbergs und kombiniert diese mit extra daf\u00fcr entstandenen Novit\u00e4ten aus der Feder von Chaya Czernowin, Sarah Nemtsov, Ilda Paredes und Stefan Prins. Ebenso fix ist, dass nach einer Reihe von Vertreterinnen und Vertretern der jungen Generation der Erste Bank Kompositionspreis 2025 wieder einmal an einen bereits arrivierten K\u00fcnstler geht, n\u00e4mlich den 1960 geborenen Pierluigi Billone.<\/p>\n<p class=\"western\" style=\"padding-left: 40px;\">Was Wien Modern dar\u00fcber hinaus an zeitgen\u00f6ssischen Kl\u00e4ngen und Konzepten bietet, welche Leitlinien und Themen, stil- und genre\u00fcbergreifenden Begegnungen, ungew\u00f6hnlichen Spielorten und -formate noch zu erleben sind, das verr\u00e4t Bernhard G\u00fcnther, der K\u00fcnstlerische Leiter des Festivals, in dieser Sendung. Gestaltung: Walter Weidringer<\/p>\n<hr \/>\n<h2 class=\"western\"><a name=\"__RefHeading___Toc18473_1919771904\"><\/a>mi &#8211; 29.10.2025<\/h2>\n<hr \/>\n<p class=\"western\">22:03 \u2013 23:00 UHR +++ SWR KULTUR<br \/>\n<b>ARD Jazz. Das Magazin<\/b><\/p>\n<p class=\"western\" style=\"padding-left: 40px;\">Von Anja Buchmann. Das w\u00f6chentliche Jazz-Update, pr\u00e4sentiert von Eurer ARD: au\u00dfergew\u00f6hnliche Ver\u00f6ffentlichungen, relevante Ereignisse und aktuelle Debatten. Wir diskutieren Jazz in allen seinen Facetten und suchen auch deutschlandweit die Orte auf, an denen er zu Hause ist. Nicht verpassen!<\/p>\n<h2 class=\"western\"><a name=\"__RefHeading___Toc18475_1919771904\"><\/a>do &#8211; 30.10.2025<\/h2>\n<p class=\"western\">22:03 \u2013 23:00 UHR +++ SWR KULTUR<br \/>\n<b>Jazz and More<\/b><\/p>\n<p class=\"western\" style=\"padding-left: 40px;\">Von Karmen Mikovic. Ja was haben wir denn da?! Neue Alben aus dem Jazz und seinen Randgebieten. Ob Blues, Neo-Klassik, Global-Pop oder freie Improvisation \u2013 hier darf alles mitmischen. (\u00dcbernahme von hr2-kultur).<\/p>\n<p class=\"western\">23:03 bis 00:00 Uhr +++ BR-KLASSIK<br \/>\n<b>Horizonte: Musik zwischen Tradition und Zukunft. Zum 100. Geburtstag von Luciano Berio<\/b><\/p>\n<p class=\"western\" style=\"padding-left: 40px;\">Eine Sendung von Elgin Heuerding (Wiederholung aus dem Jahr 2010)<\/p>\n<hr \/>\n<h2 class=\"western\"><a name=\"__RefHeading___Toc18477_1919771904\"><\/a>fr &#8211; 31.10.2025<\/h2>\n<hr \/>\n<p class=\"western\">23:03:00 +++ \u00d61<br \/>\n<b>\u201eI Am Your Body\u201c von Marco Donnarumma \u2013 Musik f\u00fcr sowohl geh\u00f6rloses und schwerh\u00f6riges als auch h\u00f6rendes Publikum beim ORF musikprotokoll (Teil 1)<\/b><\/p>\n<p class=\"western\" style=\"padding-left: 40px;\">Technologien normieren Verhalten, indem sie die Art und Weise bestimmen, wie Menschen die Welt wahrnehmen. \u201eIm Laufe der Geschichte baute die Entwicklung von Klangtechnologien ausschlie\u00dflich auf den Erfahrungen h\u00f6render, nicht-tauber Menschen auf\u201c, so Marco Donnarumma, der selbst sp\u00e4tertaubt ist. \u201eJahrhundertelange Konzentration auf Cochlea-H\u00f6rtechnologien hat alle anderen M\u00f6glichkeiten, Klang wahrzunehmen, als unwichtig erscheinen lassen und so dazu beigetragen, die soziale Norm zu etablieren, die Geh\u00f6rlosigkeit als das direkte Gegenteil von Klang betrachtet. Doch was ist Geh\u00f6rlosigkeit, wenn nicht eine andere Form der Wahrnehmung?\u201c In seinem vielgestaltigen Projekt\u201eI Am Your Body\u201c l\u00e4dt Donnarumma sowohl geh\u00f6rlose und schwerh\u00f6rige als auch h\u00f6rende Menschen ein, gemeinsam mit ihm die Grenzen des normativen H\u00f6rens hinter sich zu lassen, um in eine faszinierende Welt voller neuer sensorischer Erfahrungen einzutauchen, in der modifizierte Cochlea-Implantate und KI- H\u00f6ralgorithmen nicht versuchen einen Verlust zu reparieren, sondern zu neuartigen Organen des Teilens werden. Bereits 2020 f\u00fchrte Marco Donnarumma mit \u201eInanis\u201c, einer Auftragskomposition des ORF musikprotokoll, in die vermeintliche Leere des Ungeh\u00f6rten. Was nicht geh\u00f6rt wird, ist nicht abwesend, vielmehr existiert es in einer sensorischen Dimension, zu der man vielleicht erst einen Zugang finden muss. Gestaltung: Susanna Niedermayr<\/p>\n<figure id=\"attachment_33237\" aria-describedby=\"caption-attachment-33237\" style=\"width: 835px\" class=\"wp-caption aligncenter\"><a href=\"https:\/\/i0.wp.com\/www.jazzzeitung.de\/cms\/wp-content\/uploads\/2025\/10\/Irgendwas-ist-mit-meinen-Beinen-nicht-ganz-richtig.jpg?ssl=1\"><img data-recalc-dims=\"1\" loading=\"lazy\" decoding=\"async\" data-attachment-id=\"33237\" data-permalink=\"https:\/\/www.jazzzeitung.de\/cms\/2025\/10\/die-neutronenarme-jazz-radiowoche-vom-27-10-2025-bis-02-11-2025\/irgendwas-ist-mit-meinen-beinen-nicht-ganz-richtig\/\" data-orig-file=\"https:\/\/i0.wp.com\/www.jazzzeitung.de\/cms\/wp-content\/uploads\/2025\/10\/Irgendwas-ist-mit-meinen-Beinen-nicht-ganz-richtig.jpg?fit=1440%2C1035&amp;ssl=1\" data-orig-size=\"1440,1035\" data-comments-opened=\"1\" data-image-meta=\"{&quot;aperture&quot;:&quot;0&quot;,&quot;credit&quot;:&quot;&quot;,&quot;camera&quot;:&quot;&quot;,&quot;caption&quot;:&quot;&quot;,&quot;created_timestamp&quot;:&quot;0&quot;,&quot;copyright&quot;:&quot;&quot;,&quot;focal_length&quot;:&quot;0&quot;,&quot;iso&quot;:&quot;0&quot;,&quot;shutter_speed&quot;:&quot;0&quot;,&quot;title&quot;:&quot;&quot;,&quot;orientation&quot;:&quot;0&quot;}\" data-image-title=\"Irgendwas ist mit meinen Beinen nicht ganz richtig\" data-image-description=\"&lt;p&gt;Irgendwas ist mit meinen Beinen nicht ganz richtig. Foto: Hufner&lt;\/p&gt;\n\" data-image-caption=\"&lt;p&gt;Irgendwas ist mit meinen Beinen nicht ganz richtig. Foto: Hufner&lt;\/p&gt;\n\" data-large-file=\"https:\/\/i0.wp.com\/www.jazzzeitung.de\/cms\/wp-content\/uploads\/2025\/10\/Irgendwas-ist-mit-meinen-Beinen-nicht-ganz-richtig.jpg?fit=835%2C600&amp;ssl=1\" class=\"size-large wp-image-33237\" src=\"https:\/\/i0.wp.com\/www.jazzzeitung.de\/cms\/wp-content\/uploads\/2025\/10\/Irgendwas-ist-mit-meinen-Beinen-nicht-ganz-richtig.jpg?resize=835%2C600&#038;ssl=1\" alt=\"Irgendwas ist mit meinen Beinen nicht ganz richtig. Foto: Hufner\" width=\"835\" height=\"600\" srcset=\"https:\/\/i0.wp.com\/www.jazzzeitung.de\/cms\/wp-content\/uploads\/2025\/10\/Irgendwas-ist-mit-meinen-Beinen-nicht-ganz-richtig.jpg?resize=835%2C600&amp;ssl=1 835w, https:\/\/i0.wp.com\/www.jazzzeitung.de\/cms\/wp-content\/uploads\/2025\/10\/Irgendwas-ist-mit-meinen-Beinen-nicht-ganz-richtig.jpg?resize=300%2C216&amp;ssl=1 300w, https:\/\/i0.wp.com\/www.jazzzeitung.de\/cms\/wp-content\/uploads\/2025\/10\/Irgendwas-ist-mit-meinen-Beinen-nicht-ganz-richtig.jpg?resize=768%2C552&amp;ssl=1 768w, https:\/\/i0.wp.com\/www.jazzzeitung.de\/cms\/wp-content\/uploads\/2025\/10\/Irgendwas-ist-mit-meinen-Beinen-nicht-ganz-richtig.jpg?resize=1320%2C949&amp;ssl=1 1320w, https:\/\/i0.wp.com\/www.jazzzeitung.de\/cms\/wp-content\/uploads\/2025\/10\/Irgendwas-ist-mit-meinen-Beinen-nicht-ganz-richtig.jpg?w=1440&amp;ssl=1 1440w\" sizes=\"auto, (max-width: 835px) 100vw, 835px\" \/><\/a><figcaption id=\"caption-attachment-33237\" class=\"wp-caption-text\">Irgendwas ist mit meinen Beinen nicht ganz richtig. Tern\u00e4r! Foto: Hufner<\/figcaption><\/figure>\n<hr \/>\n<h2 class=\"western\"><a name=\"__RefHeading___Toc18479_1919771904\"><\/a>sa \u2013 01.11.2025<\/h2>\n<hr \/>\n<p class=\"western\">17:10:00 +++ \u00d61<br \/>\n<b>Die Allerheiligenbucht und die vielen Heiligen Brasiliens<\/b><\/p>\n<p class=\"western\" style=\"padding-left: 40px;\">Im Jahr 1501 erhielt der Seefahrer Gon\u00e7alo Coelho vom portugiesischen K\u00f6nig Manuel I. den Auftrag, die K\u00fcstenlinie des k\u00fcrzlich von Pedro \u00c1lvares Cabral entdeckten Landes im Westen zu untersuchen und zu kl\u00e4ren, ob dieses zu einem Kontinent geh\u00f6re und gem\u00e4\u00df dem Vertrag von Tordesillas der portugiesischen Krone zustehe. Am 1. November 1501 erreichte Coelho an der s\u00fcdamerikanischen Atlantikk\u00fcste den Eingang zu einer riesigen Bucht und nannte sie Ba\u00eda de Todos-os-Santos &#8211; Allerheiligenbucht.<\/p>\n<p class=\"western\" style=\"padding-left: 40px;\">Dieser an sich einfallslose Name h\u00e4tte aus heutiger Sicht nicht treffender sein k\u00f6nnen. Der sp\u00e4tere Bundesstaat Bahia und seine am Eingang der Bucht gelegene Hauptstadt Salvador wurden zur politischen, gesellschaftlichen und kulturellen Keimzelle Brasiliens und gelten bis heute als jene Gegend, in der Brasilien am \u201ebrasilianischsten\u201c ist. Mit den Eroberern und Siedlern der erzkatholischen Kolonialmacht Portugal gelangten dort nat\u00fcrlich auch die vielen Heiligen der Alten Welt in die Neue Welt, wo sie bis heute in der Alltagskultur eine wichtige, wenn auch nicht immer streng religi\u00f6se Rolle spielen. Ab 1538 brachten die in die Sklaverei verschleppten Menschen aus Afrika die von ihnen verehrten Gottheiten und Geistwesen mit. Und so wurde das Gebiet rund um die Allerheiligenbucht zum pulsierenden Zentrum eines Synkretismus, der ins restliche Brasilien ausgestrahlt und auch in der brasilianischen Musik gro\u00dfen Niederschlag gefunden hat.<\/p>\n<p class=\"western\">20:03 \u2013 00:00 UHR +++ SWR KULTUR<br \/>\n<b>ARD Jazz: Jazzfest Berlin 2025 \u2013 Live<\/b><\/p>\n<p class=\"western\" style=\"padding-left: 40px;\">Von Nabil Atassi. Das Jazzfest Berlin ist aus dem Kreis europ\u00e4ischer Jazz-Festivals nicht wegzudenken. Hier musiziert die Jazzgeschichte Seite an Seite mit dem Hot Stuff von morgen. Aus dem Haus der Berliner Festspiele werden wir am 3. Festivalabend in der Live\u00fcbertragung die Gitarristin Mary Halvorson mit ihrem delikaten Amaryllis-Sextett h\u00f6ren, danach das London Jazz Composers Orchestra mit den dicht verwobenen Kompositionen des Bassisten Barry Guy und au\u00dferdem das hyperagile Septett der Vibrafonistin Patricia Brennan.<\/p>\n<hr \/>\n<h2 class=\"western\"><a name=\"__RefHeading___Toc18481_1919771904\"><\/a>so &#8211; 02.11.2025<\/h2>\n<hr \/>\n<p class=\"western\">00:00 \u2013 06:00 UHR +++ SWR KULTUR<br \/>\n<b>ARD Jazz. Die Nacht: Jazzfest Berlin 2025<\/b><\/p>\n<p class=\"western\" style=\"padding-left: 40px;\">Von Julia Hemmerling und Odilo Clausnitzer. An die Live\u00fcbertragung vom Jazzfest Berlin schlie\u00dft ab Mitternacht ARD Jazz. Die Nacht an. Dort pr\u00e4sentieren wir musikalische Highlights der ersten Festivaltage. Mit dabei sind das ineinander verschlungen spielende Trio von Angelica Niescier, Tomeka Reid und Eliza Salem, das grotesk-unterhaltsame Banshee-Projekt der Saxofonistin Signe Emmeluth, das Quartett des Jazz-Urgesteins David Murray und einige mehr. Interviews mit K\u00fcnstler*innen, Eindr\u00fccke aus dem Festivalgeschehen und Gespr\u00e4che mit G\u00e4sten erg\u00e4nzen das Programm zu einer abwechslungsreichen und nahbaren Bestandsaufnahme der 62. Festivaledition.<\/p>\n<p class=\"western\">00:05:00 +++ \u00d61<br \/>\n<b>S\u00e4ngerin Elly Wright im Geburtstagsinterview, \u00d61 Jazzstipendiengewinner Thomas Quendler bei \u201e5 Millionen Pesos\u201c<\/b><\/p>\n<p class=\"western\" style=\"padding-left: 40px;\">In dieser \u00d61 Jazznacht werden Menschen unterschiedlicher Generationen vors Mikrofon gebeten: Zum einen die Wiener S\u00e4ngerin Elly Wright, die am 6. November ihren 85. Geburtstag feiert und zu diesem Anlass einige der seit 2017 auch in Buchform vorliegenden Erinnerungen teilt: an ihr Initiationserlebnis in Sachen Jazz mit dem Orchester von Harry James anno 1957, ihre Wanderjahre als T\u00e4nzerin in Hamburg und Berlin, die Anf\u00e4nge als Jazzs\u00e4ngerin und die Zeit mit Altsaxofonist und Fl\u00f6tist Leo Wright. Und nat\u00fcrlich wird die quirlige Musikerin auch dar\u00fcber sprechen, was sie heute umtreibt.<\/p>\n<p class=\"western\" style=\"padding-left: 40px;\">Nach 1 Uhr kommt mit dem sechs Jahrzehnte j\u00fcngeren Pianisten Thomas Quendler der Gewinner des \u00d61 Jazzstipendiums 2025 zu Wort. Quendler, der am 16. November 2025 seinen 25. Geburtstag feiert, stammt aus Wolfsberg in K\u00e4rnten und hat bei Olaf Polziehn am Jazzinstitut der Kunstuniversit\u00e4t Graz studiert. Im Rahmen der finalen Jazzstipendien-Audition konnte er die u. a. mit Gitarrist Wolfgang Muthspiel besetzte Jury im akustischen Klaviertrio mit Jakob G\u00f6nitzer (Kontrabass) und Andreas Reisenhofer (Schlagzeug) \u00fcberzeugen. In dieser Besetzung pr\u00e4sentierte Quendler am 19. September im Wiener RadioCafe in der Reihe \u201e5 Millionen Pesos\u201c das Deb\u00fctalbum \u201eAwaking\u201c. Andreas Felber pr\u00e4sentiert das Konzert und bittet Thomas Quendler &#8211; und zuvor Elly Wright &#8211; zum Gespr\u00e4ch<\/p>\n<p class=\"western\">17:10:00 +++ \u00d61<br \/>\n<b>Alan und Marilyn Bergman<\/b><\/p>\n<p class=\"western\" style=\"padding-left: 40px;\">In Brooklyn geboren, in Los Angeles erfolgreich: Alan und Marilyn Bergman schrieben Songtexte f\u00fcrs \u201eThe Windmills of Your Mind\u201c aus dem Film \u201eThomas Crown ist nicht zu fassen\u201c mit Steve McQueen, \u201eThe Way We Were (Memories)\u201c aus dem gleichnamigen Streifen mit Barbra Streisand und Robert Redford, \u201eYou Don&#8217;t Bring Me Flowers\u201c, geschrieben f\u00fcr Neil Diamond, \u201eNice &#8217;n&#8216; Easy\u201c, \u201eIt Might Be You\u201c aus dem Film \u201eTootsie\u201c, oder alle Songs aus dem Film \u201eYentl\u201c von und mit Barbra Streisand &#8211; viele haben diese Lieder im Ohr, oft mit der Erinnerung an die Filme, f\u00fcr die sie die Songs geschrieben haben oder mit den Stimmen bestimmter Interpretinnen oder Interpreten, mit denen Alan und Marilyn eine enge Zusammenarbeit, oft auch Freundschaft verband wie mit Barbra Streisand, Neil Diamond oder Frank Sinatra.<\/p>\n<p class=\"western\" style=\"padding-left: 40px;\">Vier Emmys, drei Oscars, zwei Grammys zeichnen ihre Arbeit aus. Verheiratet waren sie 64 Jahre lang, bis zum Tod von Marilyn im J\u00e4nner 2022, Alan Bergman starb heuer im Juli und verpasste so seinen 100. Geburtstag am 11. September. Dass ihre Liebes- und Lebensgeschichte noch nicht verfilmt wurde, ist kaum zu glauben, liest sie sich doch wie ein Drehbuch: Die beiden wurden im selben Krankenhaus geboren, wuchsen im selben Teil von Brooklyn, New York City, in j\u00fcdischen Familien auf und begegneten einander dort nie. Erst in Los Angeles, wohin sie beide in den sp\u00e4ten 50er Jahren \u00fcbersiedelt waren, trafen sie zusammen und blieben beieinander, bis der Tod sie trennte. Und im R\u00fcckblick scheint es, als ob sich von da an ein gro\u00dfer Erfolg an den n\u00e4chsten reihte.<\/p>\n<p class=\"western\" style=\"padding-left: 40px;\">Was zeichnet ihre Arbeit aus, was macht sie unverwechselbar? Obwohl die Zusammenarbeit mit dem franz\u00f6sischen Komponisten Michel Legrand umfangreich und pr\u00e4gend war, gelingt es Alan und Marilyn, den typischen Bergman-Sound mit sehr unterschiedlichen Komponisten zu treffen, darunter Quincy Jones, Marvin Hamlish, Dave Grusin oder John Williams. Die Suggestionskraft ihrer Texte entsteht aus ihrer Originalit\u00e4t, ihrer Bildhaftigkeit, ihrem hohen Anspruch &#8211; intelligenter Tiefgang gepaart mit poetischer Leichtigkeit, quasi \u201eNice &#8217;n&#8216; Easy\u201c und gleichzeitig dieses Gedicht von den sich drehenden Windm\u00fchlen im Kopf, ein Text wie vom franz\u00f6sischen Dichter Jacques Prevert erdacht, der so endet: \u201e&#8230;wenn die Bilder dann verwehn, werd ich blind die Kreise sehn, die sich immer enger drehn.\u201c<\/p>\n<p class=\"western\">19:05:00 +++ \u00d61<br \/>\n<b>Bassist Uli Langthaler und Q&#8217;arteto im Studio 2 des ORF-RadioKulturhauses in Wien<\/b><\/p>\n<p class=\"western\" style=\"padding-left: 40px;\">Der in Wien lebende Bassist Uli Langthaler hatte schon lange die Idee in sich getragen, eine Band ohne Akkordinstrument zu gr\u00fcnden. Mit Q&#8217;arteto wurde sie schlie\u00dflich verwirklicht: Die Band besteht aus zwei Steirern, Trompeter Gerhard Ornig und Saxofonisten Tobias Pustelnik, sowie dem aus Serbien stammenden Schlagzeuger Dusan Novakov, einem langj\u00e4hrigen Partner Langthalers u. a. im Trio Triple Ace mit dem Pianisten Oliver Kent. Weiters stie\u00df der Perkussionist Andi Steirer zur Band, der animierende Klangfl\u00e4chen zu diesem Ensemble beisteuert. Und obwohl nun aus dem Quartett ein Quintett geworden war, behielt Langthaler den urspr\u00fcnglichen Bandnamen bei.<\/p>\n<p class=\"western\" style=\"padding-left: 40px;\">2023 ver\u00f6ffentlichte diese Formation ihren ersten Tontr\u00e4ger. Neben Eigenkompositionen von Uli Langthaler, der unter anderem seiner verstorbenen Mutter die ber\u00fchrende Nummer \u201eCampanula\u201c widmete, lieferte auch seine Tochter Paula Beitr\u00e4ge zu diesem Projekt zwischen Bebop, Modern-Mainstream-Jazz und funky Grooves. Ihre Kompositionen und Arrangements sind heute ebenfalls zu h\u00f6ren.<\/p>\n<p class=\"western\">19:19 \u2013 20:00 UHR +++ SWR KULTUR<br \/>\n<b>Big Time Jazz. Jazz-Orchester, Big Band, Oktett \u2013 hier kommt Musik mit Vielen! <\/b><\/p>\n<p class=\"western\" style=\"padding-left: 40px;\">Im Big Time Jazz stellen wir f\u00fcr Sie interessante und sch\u00f6ne Kl\u00e4nge zusammen \u2013 von gro\u00dfen Ensembles aus dem Jazz und der improvisierten Musik. Wir bergen Archivaufnahmen und durchforsten Neuver\u00f6ffentlichungen f\u00fcr eine Zeit, die ganz den gro\u00dfen Kl\u00e4ngen geh\u00f6rt.<\/p>\n<p class=\"western\">22:03 \u2013 23:00 UHR +++ SWR KULTUR<br \/>\n<b>NOWJazz: Voiceprints \u2013 Die Vokalistin Lauren Newton<\/b><\/p>\n<p class=\"western\" style=\"padding-left: 40px;\">Von Julia Neupert: Jeder Mensch hat nicht nur einen einzigartigen Fingerabdruck, sondern auch eine einzigartige Stimme, meint Lauren Newton. Sie selbst \u2013 aufgewachsen in Oregon und schon lange in S\u00fcddeutschland beheimatet \u2013 hat ihren \u201eVoiceprint\u201c seit den Siebzigerjahren an unterschiedlichsten k\u00fcnstlerischen Orten hinterlassen. Als eine Pionierin und Vermittlerin der vokalen Klangkunst arbeitet sie mit Jazzmusiker*innen, Bildenden K\u00fcnstlern, T\u00e4nzerinnen und Literaten \u2013 und wird in diesem Jahr beim Jazzfest Berlin mit dem Albert-Mangelsdorff-Preis ausgezeichnet.<\/p>\n<p class=\"western\">23:03 bis 00:00 Uhr +++ BR-KLASSIK<br \/>\n<b>Musik der Welt: Kommt auf den Platz \u2013 \u201eMeydan\u201c von Meral Polat<\/b><\/p>\n<p class=\"western\" style=\"padding-left: 40px;\">\u201eDas Album \u201aMeydan\u2018 ist meine Stimme, die Stimme einer Frau die nach ihren eigenen Regeln lebt, inspiriert vom Ruf JIN, JIYAN, AZADI (Frau, Leben, Freiheit), die Wurzeln hat in der kurdischen Frauenbewegung\u201c, sagt Meral Polat. Sie ist eine niederl\u00e4ndische Schauspielerin und Singer-Songwriterin mit alevitisch-kurdischen Wurzeln und ver\u00f6ffentlichte 2022 in Amsterdam ihr Deb\u00fctalbum \u201eEz Ki Me&#8220; (\u201eWer bin ich\u201c), Songs mit Texten ihres Vaters, von dem sie als Kind Lieder an der Saz h\u00f6rte und der sie ermutigte, ihren Weg zu gehen. \u201eMeydan\u201c erwuchs aus diesem Samenkorn, ihre eigenen Texte thematisieren Selbstbestimmung, Widerstand gegen patriarchalische Strukturen, sowie kollektive weibliche St\u00e4rke. Musikalisch verbinden die Songs anatolische Musik, kurdische Dengb\u00eaj-Traditionen, t\u00fcrkischen Psychedelic-Rock der 70er, Mali Blues, Afrobeat und Improvisation zu einem vielschichtigen Klangbild. G\u00e4ste sind u.a. ein Frauen-Chor, die s\u00fcdamerikanische S\u00e4ngerin Ibelisse Guardia Ferragutti, sowie Murat Ertel an der Saz und Can \u00d6mer Uygan (Trompete) aus Istanbul. Eine Sendung von Grit Friedrich<\/p>\n<p><span lang=\"de-DE\">23:03:00 +++ \u00d61<br \/>\n<\/span><strong><span lang=\"de-DE\">\u201e<\/span><span lang=\"de-DE\">BAROGUE<\/span><span lang=\"de-DE\">\u201c<\/span><span lang=\"de-DE\"> von Marko Ciciliani \u2013 Das ungest\u00fcme Barock neu geh\u00f6rt und neu gedacht beim ORF musikprotokoll<\/span><\/strong><\/p>\n<p style=\"padding-left: 40px;\"><span lang=\"de-DE\">Mit \u201eBAROGUE\u201c entwirft der Komponist und Medienk\u00fcnstler Marko Ciciliani ein transmediales Projekt, das sich mit den Widerspr\u00fcchen und Nachwirkungen des Barock auseinandersetzt. Ausgangspunkt ist das Spannungsfeld zwischen Ordnung und \u00dcberfluss, Dominanz und Kontrollverlust, das die \u00c4sthetik und Ideologie des 18. Jahrhunderts und des Barock ma\u00dfgeblich pr\u00e4gte, \u2013 und bis heute nachwirkt.<\/span><\/p>\n<p style=\"padding-left: 40px;\"><span lang=\"de-DE\">Das dreiteilige Werk fragt danach, wie das barocke Streben nach Reinheit und Klassifikation nicht nur Kunst, sondern auch Wissenschaft und Gesellschaft geformt hat. \u201eBAROGUE\u201c beleuchtet die Ambivalenz dieser Epoche: Ihre besessene Suche nach Struktur brachte revolution\u00e4re Erkenntnisse und kunsthistorische H\u00f6hepunkte hervor, \u2013 zugleich aber auch Ausgrenzung, Normierung und die Begrenzung des Denkbaren.<\/span><\/p>\n<p style=\"padding-left: 40px;\">Mit musikalischen, visuellen und performativen Mitteln f\u00fchrt Ciciliani in eine Welt, in der Ornament und Ordnung, Exzess und Kontrolle einander durchdringen. \u201eBAROGUE\u201c ist eine Reflexion \u00fcber historische Machtstrukturen und eine Untersuchung ihrer aktuellen Spuren in unserem Denken, Wahrnehmen und H\u00f6ren.<\/p>\n<p style=\"padding-left: 40px;\"><span lang=\"de-DE\">Mit der Unterst\u00fctzung von VGR &#8211; Verwertungsgesellschaft Rundfunk. Gestaltung: <\/span><span lang=\"de-DE\">Astrid Schwarz<\/span><\/p>\n","protected":false},"excerpt":{"rendered":"<p>Jazz im Radio \u2013 Jeden Sonntag gibt es um 12 Uhr unsere \u00dcbersicht f\u00fcr die jeweils nachfolgende Woche. Die #Jazz-Radiowoche vom 27.10. bis zum 02.11.2025. Erheblich d\u00fcnn! Auch als PDF zum Download \u2013 #Jazz #JazzZeitung #Radio #Radiowoche \u2013 Ein Service unserer Online-Redaktion.<\/p>\n","protected":false},"author":1,"featured_media":33237,"comment_status":"open","ping_status":"open","sticky":false,"template":"","format":"standard","meta":{"_jetpack_memberships_contains_paid_content":false,"footnotes":"","jetpack_publicize_message":"","jetpack_publicize_feature_enabled":true,"jetpack_social_post_already_shared":true,"jetpack_social_options":{"image_generator_settings":{"template":"highway","default_image_id":0,"font":"","enabled":false},"version":2}},"categories":[633,452],"tags":[3773,1629],"coauthors":[650],"class_list":["post-33236","post","type-post","status-publish","format-standard","has-post-thumbnail","hentry","category-nachrichten","category-radio","tag-die-radiowoche","tag-jazz-im-radio"],"yoast_head":"<!-- This site is optimized with the Yoast SEO plugin v27.5 - https:\/\/yoast.com\/product\/yoast-seo-wordpress\/ -->\n<title>Die neutronenarme Jazz-Radiowoche vom 27.10.2025 bis 02.11.2025 - JazzZeitung<\/title>\n<meta name=\"robots\" content=\"index, follow, max-snippet:-1, max-image-preview:large, max-video-preview:-1\" \/>\n<link rel=\"canonical\" href=\"https:\/\/www.jazzzeitung.de\/cms\/2025\/10\/die-neutronenarme-jazz-radiowoche-vom-27-10-2025-bis-02-11-2025\/\" \/>\n<meta property=\"og:locale\" content=\"de_DE\" \/>\n<meta property=\"og:type\" content=\"article\" \/>\n<meta property=\"og:title\" content=\"Die neutronenarme Jazz-Radiowoche vom 27.10.2025 bis 02.11.2025 - JazzZeitung\" \/>\n<meta property=\"og:description\" content=\"Jazz im Radio \u2013 Jeden Sonntag gibt es um 12 Uhr unsere \u00dcbersicht f\u00fcr die jeweils nachfolgende Woche. Die #Jazz-Radiowoche vom 27.10. bis zum 02.11.2025. Erheblich d\u00fcnn! Auch als PDF zum Download \u2013 #Jazz #JazzZeitung #Radio #Radiowoche \u2013 Ein Service unserer Online-Redaktion.\" \/>\n<meta property=\"og:url\" content=\"https:\/\/www.jazzzeitung.de\/cms\/2025\/10\/die-neutronenarme-jazz-radiowoche-vom-27-10-2025-bis-02-11-2025\/\" \/>\n<meta property=\"og:site_name\" content=\"JazzZeitung\" \/>\n<meta property=\"article:publisher\" content=\"https:\/\/www.facebook.com\/JazzZeitung\/\" \/>\n<meta property=\"article:author\" content=\"https:\/\/www.facebook.com\/hufner\" \/>\n<meta property=\"article:published_time\" content=\"2025-10-26T11:00:32+00:00\" \/>\n<meta property=\"article:modified_time\" content=\"2025-10-26T11:19:02+00:00\" \/>\n<meta property=\"og:image\" content=\"https:\/\/www.jazzzeitung.de\/cms\/wp-content\/uploads\/2025\/10\/Irgendwas-ist-mit-meinen-Beinen-nicht-ganz-richtig.jpg\" \/>\n\t<meta property=\"og:image:width\" content=\"1440\" \/>\n\t<meta property=\"og:image:height\" content=\"1035\" \/>\n\t<meta property=\"og:image:type\" content=\"image\/jpeg\" \/>\n<meta name=\"author\" content=\"Martin Hufner\" \/>\n<script type=\"application\/ld+json\" class=\"yoast-schema-graph\">{\"@context\":\"https:\\\/\\\/schema.org\",\"@graph\":[{\"@type\":\"Article\",\"@id\":\"https:\\\/\\\/www.jazzzeitung.de\\\/cms\\\/2025\\\/10\\\/die-neutronenarme-jazz-radiowoche-vom-27-10-2025-bis-02-11-2025\\\/#article\",\"isPartOf\":{\"@id\":\"https:\\\/\\\/www.jazzzeitung.de\\\/cms\\\/2025\\\/10\\\/die-neutronenarme-jazz-radiowoche-vom-27-10-2025-bis-02-11-2025\\\/\"},\"author\":{\"name\":\"Martin Hufner\",\"@id\":\"https:\\\/\\\/www.jazzzeitung.de\\\/cms\\\/#\\\/schema\\\/person\\\/b9a4e5ac765d94fb8f617bfa8f1fc5f7\"},\"headline\":\"Die neutronenarme Jazz-Radiowoche vom 27.10.2025 bis 02.11.2025\",\"datePublished\":\"2025-10-26T11:00:32+00:00\",\"dateModified\":\"2025-10-26T11:19:02+00:00\",\"mainEntityOfPage\":{\"@id\":\"https:\\\/\\\/www.jazzzeitung.de\\\/cms\\\/2025\\\/10\\\/die-neutronenarme-jazz-radiowoche-vom-27-10-2025-bis-02-11-2025\\\/\"},\"wordCount\":2663,\"commentCount\":0,\"publisher\":{\"@id\":\"https:\\\/\\\/www.jazzzeitung.de\\\/cms\\\/#organization\"},\"image\":{\"@id\":\"https:\\\/\\\/www.jazzzeitung.de\\\/cms\\\/2025\\\/10\\\/die-neutronenarme-jazz-radiowoche-vom-27-10-2025-bis-02-11-2025\\\/#primaryimage\"},\"thumbnailUrl\":\"https:\\\/\\\/i0.wp.com\\\/www.jazzzeitung.de\\\/cms\\\/wp-content\\\/uploads\\\/2025\\\/10\\\/Irgendwas-ist-mit-meinen-Beinen-nicht-ganz-richtig.jpg?fit=1440%2C1035&ssl=1\",\"keywords\":[\"Die Radiowoche\",\"Jazz im Radio\"],\"articleSection\":[\"News\",\"Radio\"],\"inLanguage\":\"de\",\"potentialAction\":[{\"@type\":\"CommentAction\",\"name\":\"Comment\",\"target\":[\"https:\\\/\\\/www.jazzzeitung.de\\\/cms\\\/2025\\\/10\\\/die-neutronenarme-jazz-radiowoche-vom-27-10-2025-bis-02-11-2025\\\/#respond\"]}]},{\"@type\":\"WebPage\",\"@id\":\"https:\\\/\\\/www.jazzzeitung.de\\\/cms\\\/2025\\\/10\\\/die-neutronenarme-jazz-radiowoche-vom-27-10-2025-bis-02-11-2025\\\/\",\"url\":\"https:\\\/\\\/www.jazzzeitung.de\\\/cms\\\/2025\\\/10\\\/die-neutronenarme-jazz-radiowoche-vom-27-10-2025-bis-02-11-2025\\\/\",\"name\":\"Die neutronenarme Jazz-Radiowoche vom 27.10.2025 bis 02.11.2025 - JazzZeitung\",\"isPartOf\":{\"@id\":\"https:\\\/\\\/www.jazzzeitung.de\\\/cms\\\/#website\"},\"primaryImageOfPage\":{\"@id\":\"https:\\\/\\\/www.jazzzeitung.de\\\/cms\\\/2025\\\/10\\\/die-neutronenarme-jazz-radiowoche-vom-27-10-2025-bis-02-11-2025\\\/#primaryimage\"},\"image\":{\"@id\":\"https:\\\/\\\/www.jazzzeitung.de\\\/cms\\\/2025\\\/10\\\/die-neutronenarme-jazz-radiowoche-vom-27-10-2025-bis-02-11-2025\\\/#primaryimage\"},\"thumbnailUrl\":\"https:\\\/\\\/i0.wp.com\\\/www.jazzzeitung.de\\\/cms\\\/wp-content\\\/uploads\\\/2025\\\/10\\\/Irgendwas-ist-mit-meinen-Beinen-nicht-ganz-richtig.jpg?fit=1440%2C1035&ssl=1\",\"datePublished\":\"2025-10-26T11:00:32+00:00\",\"dateModified\":\"2025-10-26T11:19:02+00:00\",\"breadcrumb\":{\"@id\":\"https:\\\/\\\/www.jazzzeitung.de\\\/cms\\\/2025\\\/10\\\/die-neutronenarme-jazz-radiowoche-vom-27-10-2025-bis-02-11-2025\\\/#breadcrumb\"},\"inLanguage\":\"de\",\"potentialAction\":[{\"@type\":\"ReadAction\",\"target\":[\"https:\\\/\\\/www.jazzzeitung.de\\\/cms\\\/2025\\\/10\\\/die-neutronenarme-jazz-radiowoche-vom-27-10-2025-bis-02-11-2025\\\/\"]}]},{\"@type\":\"ImageObject\",\"inLanguage\":\"de\",\"@id\":\"https:\\\/\\\/www.jazzzeitung.de\\\/cms\\\/2025\\\/10\\\/die-neutronenarme-jazz-radiowoche-vom-27-10-2025-bis-02-11-2025\\\/#primaryimage\",\"url\":\"https:\\\/\\\/i0.wp.com\\\/www.jazzzeitung.de\\\/cms\\\/wp-content\\\/uploads\\\/2025\\\/10\\\/Irgendwas-ist-mit-meinen-Beinen-nicht-ganz-richtig.jpg?fit=1440%2C1035&ssl=1\",\"contentUrl\":\"https:\\\/\\\/i0.wp.com\\\/www.jazzzeitung.de\\\/cms\\\/wp-content\\\/uploads\\\/2025\\\/10\\\/Irgendwas-ist-mit-meinen-Beinen-nicht-ganz-richtig.jpg?fit=1440%2C1035&ssl=1\",\"width\":1440,\"height\":1035,\"caption\":\"Irgendwas ist mit meinen Beinen nicht ganz richtig. Foto: Hufner\"},{\"@type\":\"BreadcrumbList\",\"@id\":\"https:\\\/\\\/www.jazzzeitung.de\\\/cms\\\/2025\\\/10\\\/die-neutronenarme-jazz-radiowoche-vom-27-10-2025-bis-02-11-2025\\\/#breadcrumb\",\"itemListElement\":[{\"@type\":\"ListItem\",\"position\":1,\"name\":\"Startseite\",\"item\":\"https:\\\/\\\/www.jazzzeitung.de\\\/cms\\\/\"},{\"@type\":\"ListItem\",\"position\":2,\"name\":\"Die neutronenarme Jazz-Radiowoche vom 27.10.2025 bis 02.11.2025\"}]},{\"@type\":\"WebSite\",\"@id\":\"https:\\\/\\\/www.jazzzeitung.de\\\/cms\\\/#website\",\"url\":\"https:\\\/\\\/www.jazzzeitung.de\\\/cms\\\/\",\"name\":\"JazzZeitung\",\"description\":\"Jazz-News und Jazz-Kontroverses\",\"publisher\":{\"@id\":\"https:\\\/\\\/www.jazzzeitung.de\\\/cms\\\/#organization\"},\"potentialAction\":[{\"@type\":\"SearchAction\",\"target\":{\"@type\":\"EntryPoint\",\"urlTemplate\":\"https:\\\/\\\/www.jazzzeitung.de\\\/cms\\\/?s={search_term_string}\"},\"query-input\":{\"@type\":\"PropertyValueSpecification\",\"valueRequired\":true,\"valueName\":\"search_term_string\"}}],\"inLanguage\":\"de\"},{\"@type\":\"Organization\",\"@id\":\"https:\\\/\\\/www.jazzzeitung.de\\\/cms\\\/#organization\",\"name\":\"JazzZeitung online\",\"url\":\"https:\\\/\\\/www.jazzzeitung.de\\\/cms\\\/\",\"logo\":{\"@type\":\"ImageObject\",\"inLanguage\":\"de\",\"@id\":\"https:\\\/\\\/www.jazzzeitung.de\\\/cms\\\/#\\\/schema\\\/logo\\\/image\\\/\",\"url\":\"https:\\\/\\\/i0.wp.com\\\/www.jazzzeitung.de\\\/cms\\\/wp-content\\\/uploads\\\/2015\\\/08\\\/JAZZZEITUNGDE_Logo_Neu.png?fit=499%2C200&ssl=1\",\"contentUrl\":\"https:\\\/\\\/i0.wp.com\\\/www.jazzzeitung.de\\\/cms\\\/wp-content\\\/uploads\\\/2015\\\/08\\\/JAZZZEITUNGDE_Logo_Neu.png?fit=499%2C200&ssl=1\",\"width\":499,\"height\":200,\"caption\":\"JazzZeitung online\"},\"image\":{\"@id\":\"https:\\\/\\\/www.jazzzeitung.de\\\/cms\\\/#\\\/schema\\\/logo\\\/image\\\/\"},\"sameAs\":[\"https:\\\/\\\/www.facebook.com\\\/JazzZeitung\\\/\"]},{\"@type\":\"Person\",\"@id\":\"https:\\\/\\\/www.jazzzeitung.de\\\/cms\\\/#\\\/schema\\\/person\\\/b9a4e5ac765d94fb8f617bfa8f1fc5f7\",\"name\":\"Martin Hufner\",\"image\":{\"@type\":\"ImageObject\",\"inLanguage\":\"de\",\"@id\":\"https:\\\/\\\/i0.wp.com\\\/www.jazzzeitung.de\\\/cms\\\/wp-content\\\/uploads\\\/2013\\\/07\\\/huf-06.jpg?resize=96%2C96&ssl=15fcc31aa94540751a3b804516452be00\",\"url\":\"https:\\\/\\\/i0.wp.com\\\/www.jazzzeitung.de\\\/cms\\\/wp-content\\\/uploads\\\/2013\\\/07\\\/huf-06.jpg?resize=96%2C96&ssl=1\",\"contentUrl\":\"https:\\\/\\\/i0.wp.com\\\/www.jazzzeitung.de\\\/cms\\\/wp-content\\\/uploads\\\/2013\\\/07\\\/huf-06.jpg?resize=96%2C96&ssl=1\",\"caption\":\"Martin Hufner\"},\"description\":\"Martin Hufner ist freier Autor der JazzZeitung.\",\"sameAs\":[\"https:\\\/\\\/www.kritische-masse.de\\\/logbuch\",\"https:\\\/\\\/www.facebook.com\\\/hufner\"],\"url\":\"https:\\\/\\\/www.jazzzeitung.de\\\/cms\\\/author\\\/admin\\\/\"}]}<\/script>\n<!-- \/ Yoast SEO plugin. -->","yoast_head_json":{"title":"Die neutronenarme Jazz-Radiowoche vom 27.10.2025 bis 02.11.2025 - JazzZeitung","robots":{"index":"index","follow":"follow","max-snippet":"max-snippet:-1","max-image-preview":"max-image-preview:large","max-video-preview":"max-video-preview:-1"},"canonical":"https:\/\/www.jazzzeitung.de\/cms\/2025\/10\/die-neutronenarme-jazz-radiowoche-vom-27-10-2025-bis-02-11-2025\/","og_locale":"de_DE","og_type":"article","og_title":"Die neutronenarme Jazz-Radiowoche vom 27.10.2025 bis 02.11.2025 - JazzZeitung","og_description":"Jazz im Radio \u2013 Jeden Sonntag gibt es um 12 Uhr unsere \u00dcbersicht f\u00fcr die jeweils nachfolgende Woche. Die #Jazz-Radiowoche vom 27.10. bis zum 02.11.2025. Erheblich d\u00fcnn! Auch als PDF zum Download \u2013 #Jazz #JazzZeitung #Radio #Radiowoche \u2013 Ein Service unserer Online-Redaktion.","og_url":"https:\/\/www.jazzzeitung.de\/cms\/2025\/10\/die-neutronenarme-jazz-radiowoche-vom-27-10-2025-bis-02-11-2025\/","og_site_name":"JazzZeitung","article_publisher":"https:\/\/www.facebook.com\/JazzZeitung\/","article_author":"https:\/\/www.facebook.com\/hufner","article_published_time":"2025-10-26T11:00:32+00:00","article_modified_time":"2025-10-26T11:19:02+00:00","og_image":[{"width":1440,"height":1035,"url":"https:\/\/www.jazzzeitung.de\/cms\/wp-content\/uploads\/2025\/10\/Irgendwas-ist-mit-meinen-Beinen-nicht-ganz-richtig.jpg","type":"image\/jpeg"}],"author":"Martin Hufner","schema":{"@context":"https:\/\/schema.org","@graph":[{"@type":"Article","@id":"https:\/\/www.jazzzeitung.de\/cms\/2025\/10\/die-neutronenarme-jazz-radiowoche-vom-27-10-2025-bis-02-11-2025\/#article","isPartOf":{"@id":"https:\/\/www.jazzzeitung.de\/cms\/2025\/10\/die-neutronenarme-jazz-radiowoche-vom-27-10-2025-bis-02-11-2025\/"},"author":{"name":"Martin Hufner","@id":"https:\/\/www.jazzzeitung.de\/cms\/#\/schema\/person\/b9a4e5ac765d94fb8f617bfa8f1fc5f7"},"headline":"Die neutronenarme Jazz-Radiowoche vom 27.10.2025 bis 02.11.2025","datePublished":"2025-10-26T11:00:32+00:00","dateModified":"2025-10-26T11:19:02+00:00","mainEntityOfPage":{"@id":"https:\/\/www.jazzzeitung.de\/cms\/2025\/10\/die-neutronenarme-jazz-radiowoche-vom-27-10-2025-bis-02-11-2025\/"},"wordCount":2663,"commentCount":0,"publisher":{"@id":"https:\/\/www.jazzzeitung.de\/cms\/#organization"},"image":{"@id":"https:\/\/www.jazzzeitung.de\/cms\/2025\/10\/die-neutronenarme-jazz-radiowoche-vom-27-10-2025-bis-02-11-2025\/#primaryimage"},"thumbnailUrl":"https:\/\/i0.wp.com\/www.jazzzeitung.de\/cms\/wp-content\/uploads\/2025\/10\/Irgendwas-ist-mit-meinen-Beinen-nicht-ganz-richtig.jpg?fit=1440%2C1035&ssl=1","keywords":["Die Radiowoche","Jazz im Radio"],"articleSection":["News","Radio"],"inLanguage":"de","potentialAction":[{"@type":"CommentAction","name":"Comment","target":["https:\/\/www.jazzzeitung.de\/cms\/2025\/10\/die-neutronenarme-jazz-radiowoche-vom-27-10-2025-bis-02-11-2025\/#respond"]}]},{"@type":"WebPage","@id":"https:\/\/www.jazzzeitung.de\/cms\/2025\/10\/die-neutronenarme-jazz-radiowoche-vom-27-10-2025-bis-02-11-2025\/","url":"https:\/\/www.jazzzeitung.de\/cms\/2025\/10\/die-neutronenarme-jazz-radiowoche-vom-27-10-2025-bis-02-11-2025\/","name":"Die neutronenarme Jazz-Radiowoche vom 27.10.2025 bis 02.11.2025 - JazzZeitung","isPartOf":{"@id":"https:\/\/www.jazzzeitung.de\/cms\/#website"},"primaryImageOfPage":{"@id":"https:\/\/www.jazzzeitung.de\/cms\/2025\/10\/die-neutronenarme-jazz-radiowoche-vom-27-10-2025-bis-02-11-2025\/#primaryimage"},"image":{"@id":"https:\/\/www.jazzzeitung.de\/cms\/2025\/10\/die-neutronenarme-jazz-radiowoche-vom-27-10-2025-bis-02-11-2025\/#primaryimage"},"thumbnailUrl":"https:\/\/i0.wp.com\/www.jazzzeitung.de\/cms\/wp-content\/uploads\/2025\/10\/Irgendwas-ist-mit-meinen-Beinen-nicht-ganz-richtig.jpg?fit=1440%2C1035&ssl=1","datePublished":"2025-10-26T11:00:32+00:00","dateModified":"2025-10-26T11:19:02+00:00","breadcrumb":{"@id":"https:\/\/www.jazzzeitung.de\/cms\/2025\/10\/die-neutronenarme-jazz-radiowoche-vom-27-10-2025-bis-02-11-2025\/#breadcrumb"},"inLanguage":"de","potentialAction":[{"@type":"ReadAction","target":["https:\/\/www.jazzzeitung.de\/cms\/2025\/10\/die-neutronenarme-jazz-radiowoche-vom-27-10-2025-bis-02-11-2025\/"]}]},{"@type":"ImageObject","inLanguage":"de","@id":"https:\/\/www.jazzzeitung.de\/cms\/2025\/10\/die-neutronenarme-jazz-radiowoche-vom-27-10-2025-bis-02-11-2025\/#primaryimage","url":"https:\/\/i0.wp.com\/www.jazzzeitung.de\/cms\/wp-content\/uploads\/2025\/10\/Irgendwas-ist-mit-meinen-Beinen-nicht-ganz-richtig.jpg?fit=1440%2C1035&ssl=1","contentUrl":"https:\/\/i0.wp.com\/www.jazzzeitung.de\/cms\/wp-content\/uploads\/2025\/10\/Irgendwas-ist-mit-meinen-Beinen-nicht-ganz-richtig.jpg?fit=1440%2C1035&ssl=1","width":1440,"height":1035,"caption":"Irgendwas ist mit meinen Beinen nicht ganz richtig. Foto: Hufner"},{"@type":"BreadcrumbList","@id":"https:\/\/www.jazzzeitung.de\/cms\/2025\/10\/die-neutronenarme-jazz-radiowoche-vom-27-10-2025-bis-02-11-2025\/#breadcrumb","itemListElement":[{"@type":"ListItem","position":1,"name":"Startseite","item":"https:\/\/www.jazzzeitung.de\/cms\/"},{"@type":"ListItem","position":2,"name":"Die neutronenarme Jazz-Radiowoche vom 27.10.2025 bis 02.11.2025"}]},{"@type":"WebSite","@id":"https:\/\/www.jazzzeitung.de\/cms\/#website","url":"https:\/\/www.jazzzeitung.de\/cms\/","name":"JazzZeitung","description":"Jazz-News und Jazz-Kontroverses","publisher":{"@id":"https:\/\/www.jazzzeitung.de\/cms\/#organization"},"potentialAction":[{"@type":"SearchAction","target":{"@type":"EntryPoint","urlTemplate":"https:\/\/www.jazzzeitung.de\/cms\/?s={search_term_string}"},"query-input":{"@type":"PropertyValueSpecification","valueRequired":true,"valueName":"search_term_string"}}],"inLanguage":"de"},{"@type":"Organization","@id":"https:\/\/www.jazzzeitung.de\/cms\/#organization","name":"JazzZeitung online","url":"https:\/\/www.jazzzeitung.de\/cms\/","logo":{"@type":"ImageObject","inLanguage":"de","@id":"https:\/\/www.jazzzeitung.de\/cms\/#\/schema\/logo\/image\/","url":"https:\/\/i0.wp.com\/www.jazzzeitung.de\/cms\/wp-content\/uploads\/2015\/08\/JAZZZEITUNGDE_Logo_Neu.png?fit=499%2C200&ssl=1","contentUrl":"https:\/\/i0.wp.com\/www.jazzzeitung.de\/cms\/wp-content\/uploads\/2015\/08\/JAZZZEITUNGDE_Logo_Neu.png?fit=499%2C200&ssl=1","width":499,"height":200,"caption":"JazzZeitung online"},"image":{"@id":"https:\/\/www.jazzzeitung.de\/cms\/#\/schema\/logo\/image\/"},"sameAs":["https:\/\/www.facebook.com\/JazzZeitung\/"]},{"@type":"Person","@id":"https:\/\/www.jazzzeitung.de\/cms\/#\/schema\/person\/b9a4e5ac765d94fb8f617bfa8f1fc5f7","name":"Martin Hufner","image":{"@type":"ImageObject","inLanguage":"de","@id":"https:\/\/i0.wp.com\/www.jazzzeitung.de\/cms\/wp-content\/uploads\/2013\/07\/huf-06.jpg?resize=96%2C96&ssl=15fcc31aa94540751a3b804516452be00","url":"https:\/\/i0.wp.com\/www.jazzzeitung.de\/cms\/wp-content\/uploads\/2013\/07\/huf-06.jpg?resize=96%2C96&ssl=1","contentUrl":"https:\/\/i0.wp.com\/www.jazzzeitung.de\/cms\/wp-content\/uploads\/2013\/07\/huf-06.jpg?resize=96%2C96&ssl=1","caption":"Martin Hufner"},"description":"Martin Hufner ist freier Autor der JazzZeitung.","sameAs":["https:\/\/www.kritische-masse.de\/logbuch","https:\/\/www.facebook.com\/hufner"],"url":"https:\/\/www.jazzzeitung.de\/cms\/author\/admin\/"}]}},"wp-worthy-pixel":{"ignored":true,"public":null,"server":null,"url":null},"wp-worthy-type":"normal","jetpack_publicize_connections":[],"cc_featured_image_caption":{"caption_text":"Irgendwas ist mit meinen Beinen nicht ganz richtig. ","source_text":"Foto: Martin Hufner","source_url":"https:\/\/www.kritische-masse.de"},"jetpack_featured_media_url":"https:\/\/i0.wp.com\/www.jazzzeitung.de\/cms\/wp-content\/uploads\/2025\/10\/Irgendwas-ist-mit-meinen-Beinen-nicht-ganz-richtig.jpg?fit=1440%2C1035&ssl=1","jetpack_shortlink":"https:\/\/wp.me\/p3KEcT-8E4","jetpack-related-posts":[{"id":33138,"url":"https:\/\/www.jazzzeitung.de\/cms\/2025\/09\/die-atomgrosse-jazz-radiowoche-vom-29-09-2025-bis-05-10-2025\/","url_meta":{"origin":33236,"position":0},"title":"Die atomgro\u00dfe Jazz-Radiowoche vom 29.09.2025 bis 05.10.2025","author":"Martin Hufner","date":"28. September 2025","format":false,"excerpt":"Jazz im Radio \u2013 Jeden Sonntag gibt es um 12 Uhr unsere \u00dcbersicht f\u00fcr die jeweils nachfolgende Woche. Die #Jazz-Radiowoche vom 29.09. bis zum 05.10.2025. Erheblich d\u00fcnn! Auch als PDF zum Download \u2013 #Jazz #JazzZeitung #Radio #Radiowoche \u2013 Ein Service unserer Online-Redaktion.","rel":"","context":"In &quot;News&quot;","block_context":{"text":"News","link":"https:\/\/www.jazzzeitung.de\/cms\/thema\/nachrichten\/"},"img":{"alt_text":"Botanische Supernova mit schwarzem Loch in der Na\u0308he von Terra Nova. Foto: Hufner","src":"https:\/\/i0.wp.com\/www.jazzzeitung.de\/cms\/wp-content\/uploads\/2025\/09\/Botanische-Supernova-mit-schwarzem-Loch-in-der-Naehe-von-Terra-Nova.jpg?fit=1200%2C900&ssl=1&resize=350%2C200","width":350,"height":200,"srcset":"https:\/\/i0.wp.com\/www.jazzzeitung.de\/cms\/wp-content\/uploads\/2025\/09\/Botanische-Supernova-mit-schwarzem-Loch-in-der-Naehe-von-Terra-Nova.jpg?fit=1200%2C900&ssl=1&resize=350%2C200 1x, https:\/\/i0.wp.com\/www.jazzzeitung.de\/cms\/wp-content\/uploads\/2025\/09\/Botanische-Supernova-mit-schwarzem-Loch-in-der-Naehe-von-Terra-Nova.jpg?fit=1200%2C900&ssl=1&resize=525%2C300 1.5x, https:\/\/i0.wp.com\/www.jazzzeitung.de\/cms\/wp-content\/uploads\/2025\/09\/Botanische-Supernova-mit-schwarzem-Loch-in-der-Naehe-von-Terra-Nova.jpg?fit=1200%2C900&ssl=1&resize=700%2C400 2x, https:\/\/i0.wp.com\/www.jazzzeitung.de\/cms\/wp-content\/uploads\/2025\/09\/Botanische-Supernova-mit-schwarzem-Loch-in-der-Naehe-von-Terra-Nova.jpg?fit=1200%2C900&ssl=1&resize=1050%2C600 3x"},"classes":[]},{"id":31928,"url":"https:\/\/www.jazzzeitung.de\/cms\/2024\/11\/die-geschmolzene-jazz-radiowoche-vom-25-11-2024-bis-01-12-2024\/","url_meta":{"origin":33236,"position":1},"title":"Die geschmolzene Jazz-Radiowoche vom 25.11.2024 bis 01.12.2024","author":"Martin Hufner","date":"24. November 2024","format":false,"excerpt":"Jazz im Radio \u2013 Jeden Sonntag gibt es um 12 Uhr unsere \u00dcbersicht f\u00fcr die jeweils nachfolgende Woche. Die #Jazz-Radiowoche vom 25. November bis zum 1. Dezember 2024. Erheblich ausged\u00fcnnt. Die ARD schafft ihr Radio gewisserma\u00dfen ab. Auch als PDF zum Download \u2013 #Jazz #JazzZeitung #Radio #Radiowoche \u2013 Ein Service\u2026","rel":"","context":"In &quot;News&quot;","block_context":{"text":"News","link":"https:\/\/www.jazzzeitung.de\/cms\/thema\/nachrichten\/"},"img":{"alt_text":"zugfahrt 2023 1. MH","src":"https:\/\/i0.wp.com\/www.jazzzeitung.de\/cms\/wp-content\/uploads\/2024\/11\/zugfahrt2023-1.-MH.jpg?fit=1200%2C900&ssl=1&resize=350%2C200","width":350,"height":200,"srcset":"https:\/\/i0.wp.com\/www.jazzzeitung.de\/cms\/wp-content\/uploads\/2024\/11\/zugfahrt2023-1.-MH.jpg?fit=1200%2C900&ssl=1&resize=350%2C200 1x, https:\/\/i0.wp.com\/www.jazzzeitung.de\/cms\/wp-content\/uploads\/2024\/11\/zugfahrt2023-1.-MH.jpg?fit=1200%2C900&ssl=1&resize=525%2C300 1.5x, https:\/\/i0.wp.com\/www.jazzzeitung.de\/cms\/wp-content\/uploads\/2024\/11\/zugfahrt2023-1.-MH.jpg?fit=1200%2C900&ssl=1&resize=700%2C400 2x, https:\/\/i0.wp.com\/www.jazzzeitung.de\/cms\/wp-content\/uploads\/2024\/11\/zugfahrt2023-1.-MH.jpg?fit=1200%2C900&ssl=1&resize=1050%2C600 3x"},"classes":[]},{"id":33149,"url":"https:\/\/www.jazzzeitung.de\/cms\/2025\/10\/die-protonenfette-jazz-radiowoche-vom-06-10-2025-bis-12-10-2025-2\/","url_meta":{"origin":33236,"position":2},"title":"Die atomgro\u00dfe Jazz-Radiowoche vom 06.10.2025 bis 12.10.2025","author":"Martin Hufner","date":"5. Oktober 2025","format":false,"excerpt":"Jazz im Radio \u2013 Jeden Sonntag gibt es um 12 Uhr unsere \u00dcbersicht f\u00fcr die jeweils nachfolgende Woche. Die #Jazz-Radiowoche vom 06.10. bis zum 12.10.2025. Erheblich d\u00fcnn! Auch als PDF zum Download \u2013 #Jazz #JazzZeitung #Radio #Radiowoche \u2013 Ein Service unserer Online-Redaktion.","rel":"","context":"In &quot;News&quot;","block_context":{"text":"News","link":"https:\/\/www.jazzzeitung.de\/cms\/thema\/nachrichten\/"},"img":{"alt_text":"Im G\u00e4stezimmer des Lebens. Foto: Hufner","src":"https:\/\/i0.wp.com\/www.jazzzeitung.de\/cms\/wp-content\/uploads\/2025\/10\/gaestezimmer.jpg?fit=960%2C1200&ssl=1&resize=350%2C200","width":350,"height":200,"srcset":"https:\/\/i0.wp.com\/www.jazzzeitung.de\/cms\/wp-content\/uploads\/2025\/10\/gaestezimmer.jpg?fit=960%2C1200&ssl=1&resize=350%2C200 1x, https:\/\/i0.wp.com\/www.jazzzeitung.de\/cms\/wp-content\/uploads\/2025\/10\/gaestezimmer.jpg?fit=960%2C1200&ssl=1&resize=525%2C300 1.5x, https:\/\/i0.wp.com\/www.jazzzeitung.de\/cms\/wp-content\/uploads\/2025\/10\/gaestezimmer.jpg?fit=960%2C1200&ssl=1&resize=700%2C400 2x"},"classes":[]},{"id":32215,"url":"https:\/\/www.jazzzeitung.de\/cms\/2025\/02\/die-eingeschmolzene-jazz-radiowoche-vom-17-02-2025-bis-23-02-2025\/","url_meta":{"origin":33236,"position":3},"title":"Die eingeschmolzene Jazz-Radiowoche vom 17.02.2025 bis 23.02.2025","author":"Martin Hufner","date":"16. Februar 2025","format":false,"excerpt":"Jazz im Radio \u2013 Jeden Sonntag gibt es um 12 Uhr unsere \u00dcbersicht f\u00fcr die jeweils nachfolgende Woche. Die #Jazz-Radiowoche vom 10. bis 16. Februar 2025. Erheblich ausged\u00fcnnt. Die ARD schafft ihr Radio gewisserma\u00dfen ab. Auch als PDF zum Download \u2013 #Jazz #JazzZeitung #Radio #Radiowoche \u2013 Ein Service unserer Online-Redaktion.","rel":"","context":"In &quot;News&quot;","block_context":{"text":"News","link":"https:\/\/www.jazzzeitung.de\/cms\/thema\/nachrichten\/"},"img":{"alt_text":"Kunst vorm Bau. Foto: Hufner","src":"https:\/\/i0.wp.com\/www.jazzzeitung.de\/cms\/wp-content\/uploads\/2025\/02\/kunstvormbau.jpg?fit=1080%2C939&ssl=1&resize=350%2C200","width":350,"height":200,"srcset":"https:\/\/i0.wp.com\/www.jazzzeitung.de\/cms\/wp-content\/uploads\/2025\/02\/kunstvormbau.jpg?fit=1080%2C939&ssl=1&resize=350%2C200 1x, https:\/\/i0.wp.com\/www.jazzzeitung.de\/cms\/wp-content\/uploads\/2025\/02\/kunstvormbau.jpg?fit=1080%2C939&ssl=1&resize=525%2C300 1.5x, https:\/\/i0.wp.com\/www.jazzzeitung.de\/cms\/wp-content\/uploads\/2025\/02\/kunstvormbau.jpg?fit=1080%2C939&ssl=1&resize=700%2C400 2x, https:\/\/i0.wp.com\/www.jazzzeitung.de\/cms\/wp-content\/uploads\/2025\/02\/kunstvormbau.jpg?fit=1080%2C939&ssl=1&resize=1050%2C600 3x"},"classes":[]},{"id":33293,"url":"https:\/\/www.jazzzeitung.de\/cms\/2025\/11\/die-quarksminimale-jazz-radiowoche-vom-03-11-2025-bis-09-11-2025\/","url_meta":{"origin":33236,"position":4},"title":"Die quarksminimale Jazz-Radiowoche vom 03.11.2025 bis 09.11.2025","author":"Martin Hufner","date":"2. November 2025","format":false,"excerpt":"Jazz im Radio \u2013 Jeden Sonntag gibt es um 12 Uhr unsere \u00dcbersicht f\u00fcr die jeweils nachfolgende Woche. Die #Jazz-Radiowoche vom 03.11. bis zum 09.11.2025. Erheblich d\u00fcnn! Auch als PDF zum Download \u2013 #Jazz #JazzZeitung #Radio #Radiowoche \u2013 Ein Service unserer Online-Redaktion.","rel":"","context":"In &quot;News&quot;","block_context":{"text":"News","link":"https:\/\/www.jazzzeitung.de\/cms\/thema\/nachrichten\/"},"img":{"alt_text":"Holzstapel. Foto: Hufner","src":"https:\/\/i0.wp.com\/www.jazzzeitung.de\/cms\/wp-content\/uploads\/2025\/10\/Wie-viel.jpg?fit=1200%2C900&ssl=1&resize=350%2C200","width":350,"height":200,"srcset":"https:\/\/i0.wp.com\/www.jazzzeitung.de\/cms\/wp-content\/uploads\/2025\/10\/Wie-viel.jpg?fit=1200%2C900&ssl=1&resize=350%2C200 1x, https:\/\/i0.wp.com\/www.jazzzeitung.de\/cms\/wp-content\/uploads\/2025\/10\/Wie-viel.jpg?fit=1200%2C900&ssl=1&resize=525%2C300 1.5x, https:\/\/i0.wp.com\/www.jazzzeitung.de\/cms\/wp-content\/uploads\/2025\/10\/Wie-viel.jpg?fit=1200%2C900&ssl=1&resize=700%2C400 2x, https:\/\/i0.wp.com\/www.jazzzeitung.de\/cms\/wp-content\/uploads\/2025\/10\/Wie-viel.jpg?fit=1200%2C900&ssl=1&resize=1050%2C600 3x"},"classes":[]},{"id":32452,"url":"https:\/\/www.jazzzeitung.de\/cms\/2025\/04\/die-eingeschmolzene-jazz-radiowoche-vom-21-04-2025-bis-27-04-2025\/","url_meta":{"origin":33236,"position":5},"title":"Die eingeschmolzene Jazz-Radiowoche vom 21.04.2025 bis 27.04.2025","author":"Martin Hufner","date":"20. April 2025","format":false,"excerpt":"Jazz im Radio \u2013 Jeden Sonntag gibt es um 12 Uhr unsere \u00dcbersicht f\u00fcr die jeweils nachfolgende Woche. Die #Jazz-Radiowoche vom 21. bis 27. April 2025. Erheblich ausged\u00fcnnt. Auch als PDF zum Download \u2013 #Jazz #JazzZeitung #Radio #Radiowoche \u2013 Ein Service unserer Online-Redaktion.","rel":"","context":"In &quot;News&quot;","block_context":{"text":"News","link":"https:\/\/www.jazzzeitung.de\/cms\/thema\/nachrichten\/"},"img":{"alt_text":"Kn\u00f6pfe. Foto: Hufner","src":"https:\/\/i0.wp.com\/www.jazzzeitung.de\/cms\/wp-content\/uploads\/2025\/04\/knoepfe.jpg?fit=1200%2C900&ssl=1&resize=350%2C200","width":350,"height":200,"srcset":"https:\/\/i0.wp.com\/www.jazzzeitung.de\/cms\/wp-content\/uploads\/2025\/04\/knoepfe.jpg?fit=1200%2C900&ssl=1&resize=350%2C200 1x, https:\/\/i0.wp.com\/www.jazzzeitung.de\/cms\/wp-content\/uploads\/2025\/04\/knoepfe.jpg?fit=1200%2C900&ssl=1&resize=525%2C300 1.5x, https:\/\/i0.wp.com\/www.jazzzeitung.de\/cms\/wp-content\/uploads\/2025\/04\/knoepfe.jpg?fit=1200%2C900&ssl=1&resize=700%2C400 2x, https:\/\/i0.wp.com\/www.jazzzeitung.de\/cms\/wp-content\/uploads\/2025\/04\/knoepfe.jpg?fit=1200%2C900&ssl=1&resize=1050%2C600 3x"},"classes":[]}],"jetpack_sharing_enabled":false,"_links":{"self":[{"href":"https:\/\/www.jazzzeitung.de\/cms\/wp-json\/wp\/v2\/posts\/33236","targetHints":{"allow":["GET"]}}],"collection":[{"href":"https:\/\/www.jazzzeitung.de\/cms\/wp-json\/wp\/v2\/posts"}],"about":[{"href":"https:\/\/www.jazzzeitung.de\/cms\/wp-json\/wp\/v2\/types\/post"}],"author":[{"embeddable":true,"href":"https:\/\/www.jazzzeitung.de\/cms\/wp-json\/wp\/v2\/users\/1"}],"replies":[{"embeddable":true,"href":"https:\/\/www.jazzzeitung.de\/cms\/wp-json\/wp\/v2\/comments?post=33236"}],"version-history":[{"count":5,"href":"https:\/\/www.jazzzeitung.de\/cms\/wp-json\/wp\/v2\/posts\/33236\/revisions"}],"predecessor-version":[{"id":33281,"href":"https:\/\/www.jazzzeitung.de\/cms\/wp-json\/wp\/v2\/posts\/33236\/revisions\/33281"}],"wp:featuredmedia":[{"embeddable":true,"href":"https:\/\/www.jazzzeitung.de\/cms\/wp-json\/wp\/v2\/media\/33237"}],"wp:attachment":[{"href":"https:\/\/www.jazzzeitung.de\/cms\/wp-json\/wp\/v2\/media?parent=33236"}],"wp:term":[{"taxonomy":"category","embeddable":true,"href":"https:\/\/www.jazzzeitung.de\/cms\/wp-json\/wp\/v2\/categories?post=33236"},{"taxonomy":"post_tag","embeddable":true,"href":"https:\/\/www.jazzzeitung.de\/cms\/wp-json\/wp\/v2\/tags?post=33236"},{"taxonomy":"author","embeddable":true,"href":"https:\/\/www.jazzzeitung.de\/cms\/wp-json\/wp\/v2\/coauthors?post=33236"}],"curies":[{"name":"wp","href":"https:\/\/api.w.org\/{rel}","templated":true}]}}