{"id":33044,"date":"2025-09-02T14:15:21","date_gmt":"2025-09-02T12:15:21","guid":{"rendered":"https:\/\/www.jazzzeitung.de\/cms\/?p=33044"},"modified":"2025-09-02T14:10:35","modified_gmt":"2025-09-02T12:10:35","slug":"news-jazzahead-april-2026-ab-sofort-startet-die-registrierung-und-die-bewerbungsphase-fuer-die-38-showcase-konzerte-albert-mangelsdorff-preis-2025-geht-an-lauren-newton-jazzclub-reg","status":"publish","type":"post","link":"https:\/\/www.jazzzeitung.de\/cms\/2025\/09\/news-jazzahead-april-2026-ab-sofort-startet-die-registrierung-und-die-bewerbungsphase-fuer-die-38-showcase-konzerte-albert-mangelsdorff-preis-2025-geht-an-lauren-newton-jazzclub-reg\/","title":{"rendered":"+++ News: +++ jazzahead! April 2026: Ab sofort startet die Registrierung und die Bewerbungsphase f\u00fcr die 38 Showcase-Konzerte +++ Albert-Mangelsdorff-Preis 2025 geht an Lauren Newton +++ Jazzclub Regensburg \u00fcbernimmt den Saal in des st\u00e4dtischen Kulturhauses Leerer Beutels in Eigenregie+++"},"content":{"rendered":"<div id=\"mount_0_0_MQ\">\n<div>\n<div class=\"\">\n<div class=\"x9f619 x1n2onr6 x1ja2u2z\">\n<form action=\"\/logout.php?button_location=settings&amp;button_name=logout\" method=\"POST\" data-visualcompletion=\"ignore\">\n<div class=\"x6s0dn4 x9f619 x78zum5 x1iyjqo2 x1s65kcs x1o0tod xyqm7xq xixxii4 x13vifvy xzkaem6\">\n<div class=\"x4txaam x10l6tqk xcd74o5 x1k90msu x6o7n8i xbxq160 xg01cxk x47corl\">\n<div>\n<div>\n<div class=\"elementor-widget-container\">\n<h2 class=\"elementor-heading-title elementor-size-default\">+++ Albert-Mangelsdorff-Preis 2025 geht an Lauren Newton +++<\/h2>\n<\/div>\n<\/div>\n<\/div>\n<\/div>\n<\/div>\n<\/form>\n<\/div>\n<\/div>\n<\/div>\n<\/div>\n<div data-visualcompletion=\"ignore\">\n<div class=\"elementor-element elementor-element-439f0f21 elementor-widget elementor-widget-theme-post-content\" data-id=\"439f0f21\" data-element_type=\"widget\" data-widget_type=\"theme-post-content.default\">\n<div class=\"elementor-widget-container\">\n<p>Zum 17. Mal wird der Albert-Mangelsdorff-Preis in Anerkennung f\u00fcr Jazz- und Improvisationsmusiker:innen vergeben<\/p>\n<p>Die US-amerikanische und in Deutschland aktive Vokalistin Lauren Newton wird in diesem Jahr mit dem Albert-Mangelsdorff-Preis geehrt. Er gilt als bedeutende Auszeichnung f\u00fcr Jazzmusiker*innen in Deutschland und wird seit 1994 von der Deutschen Jazzunion f\u00fcr herausragende k\u00fcnstlerische Leistungen sowie nachhaltige Impulse f\u00fcr die Entwicklung der Jazz- und Improvisationsszene verliehen.<\/p>\n<h4 class=\"wp-block-heading\"><strong>\u00dcber die Preistr\u00e4gerin<\/strong><\/h4>\n<p>Lauren Newton, in Oregon geboren und seit 1974 in Baden-W\u00fcrttemberg lebend, machte sich mit ihrer kunstvollen Erweiterung vokaler Ausdrucksm\u00f6glichkeiten international einen Namen. Als Solistin trat sie in legend\u00e4ren Formationen wie dem Vienna Art Orchestra oder Vocal Summit und an der Seite von Gr\u00f6\u00dfen wie Bobby McFerrin oder Anthony Braxton auf. Ihre Diskografie umfasst rund 90 Aufnahmen. Auszeichnungen wie der Jahrespreis der Deutschen Schallplattenkritik 1983 und der Sonderpreis des Jazz-Preis Baden-W\u00fcrttemberg f\u00fcr ihr Lebenswerk 2020 ehrten die K\u00fcnstlerin, die bis heute mit Konzerten, Kompositionen und Lehre die Musikszene inspiriert. Ihr Buch <em>Vocal Adventures \u2013 Free Improvisation in Sound, Space, Spirit and Song <\/em>erschien 2022 im Wolke-Verlag.<\/p>\n<p>Ihr einzigartiger Stil macht sie zu den pr\u00e4genden zeitgen\u00f6ssischen Vokal-Improvisatorinnen des Jazz. Mit ihren Werken schafft sie Br\u00fccken zwischen Tradition und Innovation, was von der Jury entsprechend gew\u00fcrdigt wird. \u201eDer Albert Mangelsdorff Preis 2025 geht an eine K\u00fcnstlerin, die au\u00dfergew\u00f6hnlich konsequent einen k\u00fcnstlerischen Weg verfolgt, den keine vor ihr gegangen ist, und mit der Konsequenz ihrer Haltung zahlreiche Musikerinnen und Musiker inspiriert und immer wieder ermutigt hat. Lauren Newton ist ein Fixstern der Improvisierten Musik, eine (ideale) Gesamt-Musikerin, die alles zugleich ist, Komponistin und Interpretin, Sch\u00f6pferin und Improvisatorin, S\u00e4ngerin und Instrumentalistin ihrer Stimme, Abrissbagger abgestumpfter Klischees und Baumeisterin einer neuen Welt aus Klang und tiefer, menschlicher Kommunikation\u201c, hei\u00dft es in der Jurybegr\u00fcndung.<\/p>\n<p>\u201eLauren Newton ist mit ihrer unverwechselbaren Klangsprache eine pr\u00e4gende und zentrale Vertreterin der experimentellen freien Vokalmusik im Jazz. Der Albert-Mangelsdorff-Preis w\u00fcrdigt Pers\u00f6nlichkeiten, die der Jazzszene richtungsweisende Impulse geben \u2013 und ihr innovatives Schaffen steht exemplarisch f\u00fcr diesen Anspruch. Ich gratuliere herzlich zu dieser verdienten Auszeichnung.\u201c, so Dr. Monika Staudt, Gesch\u00e4ftsf\u00fchrerin der GEMA-Stiftung.<\/p>\n<p>Die Preistr\u00e4gerin wird nicht nur mit der 15.000 Euro dotierten Auszeichnung geehrt, sondern repr\u00e4sentiert auch bis zur n\u00e4chsten Vergabe und dar\u00fcber hinaus den Jazz aus Deutschland auf nationaler sowie internationaler Ebene. Gef\u00f6rdert wird der Albert-Mangelsdorff-Preis durch die GEMA-Stiftung, die GVL sowie den F\u00f6rderungs- und Hilfsfonds des Deutschen Komponist:innenverbands (DVK), die die Dotierung stiften.<\/p>\n<p>Die feierliche Preisverleihung mit Konzert der Preistr\u00e4gerin findet am 1. November 2025 ab 16:30 Uhr im Rahmen des Jazzfest Berlin statt. F\u00fcr diesen besonderen Anlass wird Lauren Newton im Duo mit der franz\u00f6sischen Kontrabassistin Jo\u00eblle L\u00e9andre auftreten.<\/p>\n<\/div>\n<h3><\/h3>\n<h2>+++ April 2026: Die jazzahead! feiert 20-j\u00e4hriges Jubil\u00e4um +++<\/h2>\n<p><strong>+++ Die gr\u00f6\u00dfte Jazzmesse der Welt und das Festival beginnen am 22. April 2026 +++ Ab sofort startet die Registrierung und die Bewerbungsphase f\u00fcr die 38 Showcase-Konzerte +++ Partnerland: Schweden<\/strong><\/p>\n<p>Die Showcase-Bewerbungsphase f\u00fcr die jazzahead! 2026 startet am 1. September und endet am 8. Oktober. Unter<a href=\"https:\/\/u24646789.ct.sendgrid.net\/ls\/click?upn=u001.BzDIhWxNp-2FzBE9q6MvbfsWC-2FmHvLFDdi-2B1tRHZZdxhGOTd9Byv8wGFRRnxu9K2BIin4s_F-2B18IOO1ZU6iY4K-2F9Q9GBI-2B2WGCIwwGasd-2FfnUyb6cqx5kXSJWjqkjQSe-2FgIqn2TRFdgAhu7fc4rjfsWtLC7si9QAg5oQ2b6haeZhk-2Bv62yiWNl-2Bcqd984z1wHHRLAmQs83U0ArWccLYHF8-2BqHthMR-2BdgLtyDGaJyPAOktZCdbIZqR1tbcGGnCrfXaqP0qqUXnMsOIw6dI5Tbc6NuoF9-2FA-3D-3D\"> jazzahead.de\/showcases\/<\/a> sind ab sofort Bewerbungen f\u00fcr die begehrten 30 bis 45-min\u00fctigen Kurz-Konzerte m\u00f6glich.<\/p>\n<p>Gleichzeitig beginnt die<a href=\"https:\/\/u24646789.ct.sendgrid.net\/ls\/click?upn=u001.BzDIhWxNp-2FzBE9q6MvbfsdFfxgu-2BBpuBPUkOVbHJ0l-2BydcDHX46tWFy5p-2FntxSfMtBIKnz7Hy3j3CDrwPp4AzPUfYOfxQbt5wrCywlduYUMhPrZ35rD2BUHFe6yR6BmAnDNd_F-2B18IOO1ZU6iY4K-2F9Q9GBI-2B2WGCIwwGasd-2FfnUyb6cqx5kXSJWjqkjQSe-2FgIqn2Tbcsgsi5vMJF67k05PYCfICKsFegbxGNGjMhWLYJpLG8pzTN9mruxBHoaHDN6w35ud9PED-2Fl65jhXaIMCavElRUzQRPpsAQjpDhg-2Bz3MdW7ojnInzXZbJuuT6gtUN6d3hhLxeWLlm4ft5Jq-2F0-2FZ0c-2Bg-3D-3D\"> Registrierung<\/a> f\u00fcr Professionals \u2013 die sich schon jetzt mit ihrer Anmeldung online vernetzen k\u00f6nnen. \u00dcber den besonderen Fokus 2026 auf das Partnerland Schweden sagt G\u00f6tz B\u00fchler, K\u00fcnstlerischer Berater der jazzahead!: \u201eSchweden war \u00fcberf\u00e4llig als Partnerland. Angefangen mit Jan Johansson \u00fcber E.S.T. bis zu Goran Kajfes und Mats Gustafsson und dar\u00fcber hinaus hat sich eine vital-eigenst\u00e4ndige Szene entwickelt. Es gibt ihn nicht, den \u201aSchwedischen Jazz\u2018 &#8211; seine Vielfalt macht ihn so spannend.\u201c<\/p>\n<figure id=\"attachment_33058\" aria-describedby=\"caption-attachment-33058\" style=\"width: 317px\" class=\"wp-caption alignright\"><img data-recalc-dims=\"1\" loading=\"lazy\" decoding=\"async\" data-attachment-id=\"33058\" data-permalink=\"https:\/\/www.jazzzeitung.de\/cms\/2025\/09\/news-jazzahead-april-2026-ab-sofort-startet-die-registrierung-und-die-bewerbungsphase-fuer-die-38-showcase-konzerte-albert-mangelsdorff-preis-2025-geht-an-lauren-newton-jazzclub-reg\/rs77829_dsc_3529_jan_rathke_jazzahead_2025_-scaled\/\" data-orig-file=\"https:\/\/i0.wp.com\/www.jazzzeitung.de\/cms\/wp-content\/uploads\/2025\/09\/RS77829_DSC_3529_Jan_Rathke_jazzahead_2025_-scaled-1.jpg?fit=1950%2C2560&amp;ssl=1\" data-orig-size=\"1950,2560\" data-comments-opened=\"1\" data-image-meta=\"{&quot;aperture&quot;:&quot;0&quot;,&quot;credit&quot;:&quot;&quot;,&quot;camera&quot;:&quot;&quot;,&quot;caption&quot;:&quot;&quot;,&quot;created_timestamp&quot;:&quot;0&quot;,&quot;copyright&quot;:&quot;&quot;,&quot;focal_length&quot;:&quot;0&quot;,&quot;iso&quot;:&quot;0&quot;,&quot;shutter_speed&quot;:&quot;0&quot;,&quot;title&quot;:&quot;&quot;,&quot;orientation&quot;:&quot;0&quot;}\" data-image-title=\"RS77829_DSC_3529_Jan_Rathke_jazzahead_2025_-scaled\" data-image-description=\"\" data-image-caption=\"\" data-large-file=\"https:\/\/i0.wp.com\/www.jazzzeitung.de\/cms\/wp-content\/uploads\/2025\/09\/RS77829_DSC_3529_Jan_Rathke_jazzahead_2025_-scaled-1.jpg?fit=457%2C600&amp;ssl=1\" class=\"wp-image-33058\" src=\"https:\/\/i0.wp.com\/www.jazzzeitung.de\/cms\/wp-content\/uploads\/2025\/09\/RS77829_DSC_3529_Jan_Rathke_jazzahead_2025_-scaled-1.jpg?resize=317%2C348&#038;ssl=1\" alt=\"\" width=\"317\" height=\"348\" \/><figcaption id=\"caption-attachment-33058\" class=\"wp-caption-text\">Partnerland Schweden 2026. Foto Jan Rathke\/jazzahead!<\/figcaption><\/figure>\n<p><strong>20 Jahre jazzahead! \u2013 eine bewegte Reise<\/strong><br \/>\n\u201eAlles begann mit sechs Abendkonzerten im Congress Centrum Bremen\u201c, erinnert sich Sybille Kornitschky, von Beginn an Leiterin der jazzahead! \u201eDie Messe f\u00fcllte eigentlich nur das Foyer aus. Von Messebau war wenig zu sehen, ich habe vor allem Tapeziertische im Kopf. 2006 unterschieden wir noch nicht in Fachteilnehmende und Konzertbesucher:innen. Die rund 900 G\u00e4ste kamen \u00fcberwiegend aus Deutschland.\u201c Heute ist die jazzahead! die weltweit f\u00fchrende Branchenveranstaltung im Jazzbusiness, mit rund 3.000 Fachteilnehmenden aus \u00fcber 60 Nationen. \u201eDamals h\u00e4tte das keiner von uns zu hoffen gewagt\u201d, so Kornitschky. \u201eDazu kommt die Entwicklung eines stadtweiten Festivals f\u00fcr ein breites Publikum. 2025 kamen \u00fcber 20.000 Besucher:innen in Bremens City.&#8220;<\/p>\n<p>Die jazzahead! beginnt am 22. April 2026 mit dem Grand Opening-Konzert und endet sp\u00e4t am 25. April. Am selben Abend findet die Verleihung des Deutschen Jazzpreises erneut in Bremen statt.<\/p>\n<h3><\/h3>\n<h2>+++ Jazzclub Regensburg f\u00fchrt den Saal des st\u00e4dtischen Kulturhauses Leerer Beutel +++<\/h2>\n<\/div>\n<p>Der Jazzclub Regensburg, \u00fcbernimmt ab dem Herbst 2025\u00a0 den Saal des Leeren Beutels in Eigenregie und will diesem traditionellen Ort der Regensburger Kultur neues Leben einhauchen.<\/p>\n<\/div>\n<div class=\"xyamay9 xv54qhq xf7dkkf xjkvuk6 x1odjw0f x1jols5v\">\n<div class=\"x14z9mp xat24cr x1lziwak x1vvkbs xtlvy1s x126k92a\">Die R\u00e4umlichkeiten werden derzeit umfassend renoviert &#8211; mit tatkr\u00e4ftiger Unterst\u00fctzung der Stadt Regensburg.\u00a0Bald soll der traditionelle Saal in neuem Glanz erstrahlen und G\u00e4ste in einem modernen Ambiente empfangen.<\/div>\n<div><\/div>\n<div class=\"x14z9mp xat24cr x1lziwak x1vvkbs xtlvy1s x126k92a\">\n<p>\u201eF\u00fcr uns ist das eine gro\u00dfe Chance und zugleich eine Verpflichtung. Der Leere Beutel ist ein Kulturort mit Geschichte und besonderer Atmosph\u00e4re \u2013 und wir m\u00f6chten daf\u00fcr sorgen, dass er weiterhin ein attraktiver Treffpunkt f\u00fcr Kultur in Regensburg bleibt\u201c, lassen die Vorst\u00e4nde des Jazzclubs, Eva Brandl, Peter Reiterer und Bernhard Lindner wissen.<\/p>\n<\/div>\n<div class=\"x14z9mp xat24cr x1lziwak x1vvkbs xtlvy1s x126k92a\">\n<div class=\"tiled-gallery type-rectangular tiled-gallery-unresized\" data-original-width=\"840\" data-carousel-extra='{&quot;blog_id&quot;:1,&quot;permalink&quot;:&quot;https:\\\/\\\/www.jazzzeitung.de\\\/cms\\\/2025\\\/09\\\/news-jazzahead-april-2026-ab-sofort-startet-die-registrierung-und-die-bewerbungsphase-fuer-die-38-showcase-konzerte-albert-mangelsdorff-preis-2025-geht-an-lauren-newton-jazzclub-reg\\\/&quot;,&quot;likes_blog_id&quot;:55446655}' itemscope itemtype=\"http:\/\/schema.org\/ImageGallery\" > <div class=\"gallery-row\" style=\"width: 840px; height: 628px;\" data-original-width=\"840\" data-original-height=\"628\" > <div class=\"gallery-group images-1\" style=\"width: 420px; height: 628px;\" data-original-width=\"420\" data-original-height=\"628\" > <div class=\"tiled-gallery-item tiled-gallery-item-large\" itemprop=\"associatedMedia\" itemscope itemtype=\"http:\/\/schema.org\/ImageObject\"> <a href=\"https:\/\/www.jazzzeitung.de\/cms\/2025\/09\/news-jazzahead-april-2026-ab-sofort-startet-die-registrierung-und-die-bewerbungsphase-fuer-die-38-showcase-konzerte-albert-mangelsdorff-preis-2025-geht-an-lauren-newton-jazzclub-reg\/leerer-beutel-aussen-2\/\" border=\"0\" itemprop=\"url\"> <meta itemprop=\"width\" content=\"416\"> <meta itemprop=\"height\" content=\"624\"> <img decoding=\"async\" class=\"\" data-attachment-id=\"33054\" data-orig-file=\"https:\/\/www.jazzzeitung.de\/cms\/wp-content\/uploads\/2025\/09\/leerer-beutel-aussen-1.jpg\" data-orig-size=\"760,1140\" data-comments-opened=\"1\" data-image-meta=\"{&quot;aperture&quot;:&quot;0&quot;,&quot;credit&quot;:&quot;&quot;,&quot;camera&quot;:&quot;&quot;,&quot;caption&quot;:&quot;&quot;,&quot;created_timestamp&quot;:&quot;0&quot;,&quot;copyright&quot;:&quot;&quot;,&quot;focal_length&quot;:&quot;0&quot;,&quot;iso&quot;:&quot;0&quot;,&quot;shutter_speed&quot;:&quot;0&quot;,&quot;title&quot;:&quot;&quot;,&quot;orientation&quot;:&quot;0&quot;}\" data-image-title=\"leerer-beutel-aussen\" data-image-description=\"\" data-medium-file=\"https:\/\/i0.wp.com\/www.jazzzeitung.de\/cms\/wp-content\/uploads\/2025\/09\/leerer-beutel-aussen-1.jpg?fit=200%2C300&#038;ssl=1\" data-large-file=\"https:\/\/i0.wp.com\/www.jazzzeitung.de\/cms\/wp-content\/uploads\/2025\/09\/leerer-beutel-aussen-1.jpg?fit=400%2C600&#038;ssl=1\" src=\"https:\/\/i0.wp.com\/www.jazzzeitung.de\/cms\/wp-content\/uploads\/2025\/09\/leerer-beutel-aussen-1.jpg?w=416&#038;h=624&#038;ssl=1\" srcset=\"https:\/\/i0.wp.com\/www.jazzzeitung.de\/cms\/wp-content\/uploads\/2025\/09\/leerer-beutel-aussen-1.jpg?w=760&amp;ssl=1 760w, https:\/\/i0.wp.com\/www.jazzzeitung.de\/cms\/wp-content\/uploads\/2025\/09\/leerer-beutel-aussen-1.jpg?resize=200%2C300&amp;ssl=1 200w, https:\/\/i0.wp.com\/www.jazzzeitung.de\/cms\/wp-content\/uploads\/2025\/09\/leerer-beutel-aussen-1.jpg?resize=400%2C600&amp;ssl=1 400w\" width=\"416\" height=\"624\" loading=\"lazy\" data-original-width=\"416\" data-original-height=\"624\" itemprop=\"http:\/\/schema.org\/image\" title=\"leerer-beutel-aussen\" alt=\"Der Leere Beutel: Jazzclub, St\u00e4dtische Galerie, Filmgalerie und mehr. Foto: Bilddokumentation der Stadt Regensburg\" style=\"width: 416px; height: 624px;\" \/> <\/a> <div class=\"tiled-gallery-caption\" itemprop=\"caption description\"> Der Leere Beutel: Jazzclub, St\u00e4dtische Galerie, Filmgalerie und mehr. Foto: Bilddokumentation der Stadt Regensburg <\/div> <\/div> <\/div> <!-- close group --> <div class=\"gallery-group images-1\" style=\"width: 420px; height: 628px;\" data-original-width=\"420\" data-original-height=\"628\" > <div class=\"tiled-gallery-item tiled-gallery-item-large\" itemprop=\"associatedMedia\" itemscope itemtype=\"http:\/\/schema.org\/ImageObject\"> <a href=\"https:\/\/www.jazzzeitung.de\/cms\/2022\/01\/zwei-die-sich-inspirieren-siyounhell\/siyounhell-02\/\" border=\"0\" itemprop=\"url\"> <meta itemprop=\"width\" content=\"416\"> <meta itemprop=\"height\" content=\"624\"> <img decoding=\"async\" class=\"\" data-attachment-id=\"26628\" data-orig-file=\"https:\/\/www.jazzzeitung.de\/cms\/wp-content\/uploads\/2022\/01\/SiyounHell-02.jpg\" data-orig-size=\"1134,1701\" data-comments-opened=\"1\" data-image-meta=\"{&quot;aperture&quot;:&quot;2.8&quot;,&quot;credit&quot;:&quot;&quot;,&quot;camera&quot;:&quot;NIKON D810&quot;,&quot;caption&quot;:&quot;&quot;,&quot;created_timestamp&quot;:&quot;1396853899&quot;,&quot;copyright&quot;:&quot;&quot;,&quot;focal_length&quot;:&quot;200&quot;,&quot;iso&quot;:&quot;1000&quot;,&quot;shutter_speed&quot;:&quot;0.008&quot;,&quot;title&quot;:&quot;&quot;,&quot;orientation&quot;:&quot;1&quot;}\" data-image-title=\"SiyounHell 02\" data-image-description=\"\" data-medium-file=\"https:\/\/i0.wp.com\/www.jazzzeitung.de\/cms\/wp-content\/uploads\/2022\/01\/SiyounHell-02.jpg?fit=200%2C300&#038;ssl=1\" data-large-file=\"https:\/\/i0.wp.com\/www.jazzzeitung.de\/cms\/wp-content\/uploads\/2022\/01\/SiyounHell-02.jpg?fit=400%2C600&#038;ssl=1\" src=\"https:\/\/i0.wp.com\/www.jazzzeitung.de\/cms\/wp-content\/uploads\/2022\/01\/SiyounHell-02.jpg?w=416&#038;h=624&#038;ssl=1\" srcset=\"https:\/\/i0.wp.com\/www.jazzzeitung.de\/cms\/wp-content\/uploads\/2022\/01\/SiyounHell-02.jpg?w=1134&amp;ssl=1 1134w, https:\/\/i0.wp.com\/www.jazzzeitung.de\/cms\/wp-content\/uploads\/2022\/01\/SiyounHell-02.jpg?resize=200%2C300&amp;ssl=1 200w, https:\/\/i0.wp.com\/www.jazzzeitung.de\/cms\/wp-content\/uploads\/2022\/01\/SiyounHell-02.jpg?resize=400%2C600&amp;ssl=1 400w, https:\/\/i0.wp.com\/www.jazzzeitung.de\/cms\/wp-content\/uploads\/2022\/01\/SiyounHell-02.jpg?resize=768%2C1152&amp;ssl=1 768w, https:\/\/i0.wp.com\/www.jazzzeitung.de\/cms\/wp-content\/uploads\/2022\/01\/SiyounHell-02.jpg?resize=1024%2C1536&amp;ssl=1 1024w\" width=\"416\" height=\"624\" loading=\"lazy\" data-original-width=\"416\" data-original-height=\"624\" itemprop=\"http:\/\/schema.org\/image\" title=\"SiyounHell 02\" alt=\"Siyou Isabelle Ngnoubamdjum im Jazzclub Leerer Beutel in Regensburg. Foto: Susanne van Loon\" style=\"width: 416px; height: 624px;\" \/> <\/a> <div class=\"tiled-gallery-caption\" itemprop=\"caption description\"> Siyou Isabelle Ngnoubamdjum im Jazzclub Leerer Beutel in Regensburg. Foto: Susanne van Loon <\/div> <\/div> <\/div> <!-- close group --> <\/div> <!-- close row --> <div class=\"gallery-row\" style=\"width: 840px; height: 558px;\" data-original-width=\"840\" data-original-height=\"558\" > <div class=\"gallery-group images-1\" style=\"width: 840px; height: 558px;\" data-original-width=\"840\" data-original-height=\"558\" > <div class=\"tiled-gallery-item tiled-gallery-item-large\" itemprop=\"associatedMedia\" itemscope itemtype=\"http:\/\/schema.org\/ImageObject\"> <a href=\"https:\/\/www.jazzzeitung.de\/cms\/2017\/11\/lyambiko-im-jazzclub-regensburg-relaxte-swingsongs-ueber-die-liebe\/lyambiko-band_86\/\" border=\"0\" itemprop=\"url\"> <meta itemprop=\"width\" content=\"836\"> <meta itemprop=\"height\" content=\"554\"> <img decoding=\"async\" class=\"\" data-attachment-id=\"14062\" data-orig-file=\"https:\/\/www.jazzzeitung.de\/cms\/wp-content\/uploads\/2017\/11\/Lyambiko-Band_86.jpg\" data-orig-size=\"2362,1565\" data-comments-opened=\"1\" data-image-meta=\"{&quot;aperture&quot;:&quot;5&quot;,&quot;credit&quot;:&quot;&quot;,&quot;camera&quot;:&quot;NIKON D7000&quot;,&quot;caption&quot;:&quot;&quot;,&quot;created_timestamp&quot;:&quot;1508364392&quot;,&quot;copyright&quot;:&quot;&quot;,&quot;focal_length&quot;:&quot;50&quot;,&quot;iso&quot;:&quot;1600&quot;,&quot;shutter_speed&quot;:&quot;0.02&quot;,&quot;title&quot;:&quot;&quot;,&quot;orientation&quot;:&quot;1&quot;}\" data-image-title=\"Lyambiko-Band_86\" data-image-description=\"\" data-medium-file=\"https:\/\/i0.wp.com\/www.jazzzeitung.de\/cms\/wp-content\/uploads\/2017\/11\/Lyambiko-Band_86.jpg?fit=300%2C199&#038;ssl=1\" data-large-file=\"https:\/\/i0.wp.com\/www.jazzzeitung.de\/cms\/wp-content\/uploads\/2017\/11\/Lyambiko-Band_86.jpg?fit=840%2C556&#038;ssl=1\" src=\"https:\/\/i0.wp.com\/www.jazzzeitung.de\/cms\/wp-content\/uploads\/2017\/11\/Lyambiko-Band_86.jpg?w=836&#038;h=554&#038;ssl=1\" srcset=\"https:\/\/i0.wp.com\/www.jazzzeitung.de\/cms\/wp-content\/uploads\/2017\/11\/Lyambiko-Band_86.jpg?w=2362&amp;ssl=1 2362w, https:\/\/i0.wp.com\/www.jazzzeitung.de\/cms\/wp-content\/uploads\/2017\/11\/Lyambiko-Band_86.jpg?resize=300%2C199&amp;ssl=1 300w, https:\/\/i0.wp.com\/www.jazzzeitung.de\/cms\/wp-content\/uploads\/2017\/11\/Lyambiko-Band_86.jpg?resize=768%2C509&amp;ssl=1 768w, https:\/\/i0.wp.com\/www.jazzzeitung.de\/cms\/wp-content\/uploads\/2017\/11\/Lyambiko-Band_86.jpg?resize=900%2C596&amp;ssl=1 900w, https:\/\/i0.wp.com\/www.jazzzeitung.de\/cms\/wp-content\/uploads\/2017\/11\/Lyambiko-Band_86.jpg?resize=600%2C398&amp;ssl=1 600w, https:\/\/i0.wp.com\/www.jazzzeitung.de\/cms\/wp-content\/uploads\/2017\/11\/Lyambiko-Band_86.jpg?resize=120%2C80&amp;ssl=1 120w, https:\/\/i0.wp.com\/www.jazzzeitung.de\/cms\/wp-content\/uploads\/2017\/11\/Lyambiko-Band_86.jpg?w=1680&amp;ssl=1 1680w\" width=\"836\" height=\"554\" loading=\"lazy\" data-original-width=\"836\" data-original-height=\"554\" itemprop=\"http:\/\/schema.org\/image\" title=\"Lyambiko-Band_86\" alt=\"Lyambiko mit Band im Jazzclub Leerer beutel. Foto: Michael Scheiner\" style=\"width: 836px; height: 554px;\" \/> <\/a> <div class=\"tiled-gallery-caption\" itemprop=\"caption description\"> Lyambiko mit Band im Jazzclub Leerer beutel. Foto: Michael Scheiner <\/div> <\/div> <\/div> <!-- close group --> <\/div> <!-- close row --> <\/div>\n<p>Mit der \u00dcbernahme des Saals schl\u00e4gt der Jazzclub ein neues Kapitel auf: Der Saal wird k\u00fcnftig nicht nur f\u00fcr eigene Konzerte genutzt, sondern auch externen Veranstalterinnen und Veranstaltern offenstehen, etwa f\u00fcr Lesungen, Theaterauff\u00fchrungen, Vortr\u00e4ge, Konzerte und andere kulturelle Formate.<\/p>\n<\/div>\n<div class=\"x14z9mp xat24cr x1lziwak x1vvkbs xtlvy1s x126k92a\">\u201eWir m\u00f6chten den Saal nicht exklusiv f\u00fcr uns nutzen, sondern ihn als Ort f\u00fcr die gesamte Kulturszene Regensburgs \u00f6ffnen. Unser Ziel ist, dass der Leere Beutel wieder zu einem lebendigen Zentrum f\u00fcr Begegnung und Vielfalt wird\u201c, betont der Vorstand. Parallel dazu wurde auch die @filmgalerie.regensburg \u2013 Kino im Leeren Beutel im ersten Stock umfassend renoviert.<\/div>\n<div class=\"x14z9mp xat24cr x1lziwak x1vvkbs xtlvy1s x126k92a\">Die St\u00e4dtische Galerie ist weiterhin t\u00e4glich von Dienstag bis Sonntag ge\u00f6ffnet. Ab 13. September zeigt sie eine Ausstel- lung des K\u00fcnstlers Guido Weggemann, der f\u00fcr seine beeindruckende Synthese aus traditionellem Handwerk und zeit- gen\u00f6ssischer Konzeptkunst bekannt ist.<\/div>\n<\/div>\n<div class=\"xh8yej3\">\n<div class=\"x9f619 x1ja2u2z x78zum5 x2lah0s x1n2onr6 x1qughib x1qjc9v5 xozqiw3 x1q0g3np x1iorvi4 x1ws5yxj xw01apr\">\n<div class=\"x9f619 x1n2onr6 x1ja2u2z x78zum5 xdt5ytf x193iq5w xeuugli x1r8uery x1iyjqo2 xs83m0k x1icxu4v x25sj25\">\n<div class=\"xf7dkkf x1y1aw1k\"><\/div>\n<\/div>\n<div class=\"x9f619 x1n2onr6 x1ja2u2z x78zum5 xdt5ytf x2lah0s x193iq5w xeuugli x1icxu4v x25sj25\">\n<div class=\"xqz5vs7 x1hc1fzr x1o7uuvo\">\n<div class=\"x9f619 x1ja2u2z x78zum5 x2lah0s x1n2onr6 x1qughib x1qjc9v5 xozqiw3 x1q0g3np xv54qhq xf7dkkf xyamay9\">\n<div class=\"x9f619 x1n2onr6 x1ja2u2z x78zum5 xdt5ytf x2lah0s x193iq5w xeuugli\"><\/div>\n<div class=\"x9f619 x1n2onr6 x1ja2u2z x78zum5 xdt5ytf x2lah0s x193iq5w xeuugli\">\n<div class=\"x4k7w5x x1h91t0o x1beo9mf xaigb6o x12ejxvf x3igimt xarpa2k xedcshv x1lytzrv x1t2pt76 x7ja8zs x1n2onr6 x1qrby5j x1jfb8zj\"><\/div>\n<\/div>\n<\/div>\n<\/div>\n<\/div>\n<\/div>\n<\/div>\n<div class=\"x9f619 x1n2onr6 x1ja2u2z x78zum5 xdt5ytf x2lah0s x193iq5w xeuugli\">\n<div class=\"x4k7w5x x1h91t0o x1beo9mf xaigb6o x12ejxvf x3igimt xarpa2k xedcshv x1lytzrv x1t2pt76 x7ja8zs x1n2onr6 x1qrby5j x1jfb8zj\"><\/div>\n<\/div>\n<div class=\"xod5an3 x1lziwak xygnafs x1vjfegm\">\n<div class=\"x1n2onr6 x1ja2u2z x9f619 x78zum5 xdt5ytf x2lah0s x193iq5w\">\n<div class=\"x9f619 x1n2onr6 x1ja2u2z x78zum5 xdt5ytf x1iyjqo2 x2lwn1j\">\n<div class=\"x9f619 x1n2onr6 x1ja2u2z x78zum5 xdt5ytf x2lah0s x193iq5w x1xmf6yo x1e56ztr xzboxd6 x14l7nz5\"><\/div>\n<div class=\"x9f619 x1n2onr6 x1ja2u2z x78zum5 xdt5ytf x2lah0s x193iq5w x1xmf6yo x1e56ztr xzboxd6 x14l7nz5\">\n<div class=\"x11hdunq x100vrsf\">\n<div class=\"__fb-dark-mode x1afcbsf x1uhb9sk x1swf91x\"><\/div>\n<\/div>\n<\/div>\n<\/div>\n<\/div>\n<\/div>\n<div class=\"x9f619 x1n2onr6 x1ja2u2z\">\n<div class=\"x78zum5 xdt5ytf x1n2onr6 x1ja2u2z\">\n<div class=\"x78zum5 xdt5ytf x1n2onr6 xat3117 xxzkxad\">\n<div class=\"x78zum5 xdt5ytf x1t2pt76 x1n2onr6 x1ja2u2z x10cihs4\">\n<div>\n<div><\/div>\n<\/div>\n<\/div>\n<div>\n<div><\/div>\n<\/div>\n<\/div>\n<\/div>\n<\/div>\n<div>\n<div><\/div>\n<\/div>\n<div class=\"\" data-visualcompletion=\"ignore\">\n<div class=\"x1ey2m1c xtijo5x xixxii4 xamhafn x1vjfegm\">\n<div class=\"xuk3077 x78zum5 xc8icb0\">\n<div class=\"xpqajaz x1ey2m1c x78zum5 x1jndppq xixxii4 x1vjfegm\"><\/div>\n<div class=\"\">\n<div class=\"x191j7n5 xdg88n9 x10l6tqk x1useyqa\"><\/div>\n<\/div>\n<\/div>\n<\/div>\n<\/div>\n<div id=\"mount_0_0_MQ\">\n<div>\n<div class=\"\">\n<div class=\"x9f619 x1n2onr6 x1ja2u2z\">\n<div class=\"\" data-visualcompletion=\"ignore\">\n<div class=\"x1ey2m1c xtijo5x xixxii4 xamhafn x1vjfegm\">\n<div>\n<div><\/div>\n<\/div>\n<\/div>\n<div class=\"\" data-visualcompletion=\"ignore\"><\/div>\n<form action=\"\/logout.php?button_location=settings&amp;button_name=logout\" method=\"POST\" data-visualcompletion=\"ignore\"><\/form>\n<\/div>\n<\/div>\n<\/div>\n<div>\n<div class=\"x1uvtmcs x4k7w5x x1h91t0o x1beo9mf xaigb6o x12ejxvf x3igimt xarpa2k xedcshv x1lytzrv x1t2pt76 x7ja8zs x1n2onr6 x1qrby5j x1jfb8zj\" tabindex=\"-1\">\n<div data-at-shortcutkeys=\"{&quot;?&quot;:&quot;Tastaturhilfe anzeigen oder verbergen&quot;,&quot;\/&quot;:&quot;Facebook durchsuchen&quot;,&quot;c&quot;:&quot;Aktuellen Beitrag kommentieren&quot;,&quot;enter&quot;:&quot;Mehr vom aktuellen Beitrag ansehen&quot;,&quot;f&quot;:&quot;Vollbild aktivieren\/deaktivieren&quot;,&quot;j&quot;:&quot;Zum n\u00e4chsten Beitrag in einem Feed oder zum n\u00e4chsten Foto in der Fotoansicht gehen&quot;,&quot;k&quot;:&quot;Zum vorherigen Beitrag in einem Feed oder zum vorherigen Foto in der Fotoansicht gehen&quot;,&quot;l&quot;:&quot;Aktuellen Beitrag in einem Feed oder ein Foto in der Fotoansicht mit \u201eGef\u00e4llt mir\u201c markieren oder darauf reagieren&quot;,&quot;o&quot;:&quot;Anhang aus aktuellem Beitrag \u00f6ffnen&quot;,&quot;p&quot;:&quot;Neuen Beitrag erstellen&quot;,&quot;q&quot;:&quot;Messenger-Kontakte durchsuchen&quot;,&quot;s&quot;:&quot;Aktuellen Beitrag teilen&quot;}\"><\/div>\n<\/div>\n<\/div>\n<\/div>\n<\/div>\n<div class=\"AdBox Ad advert post-ads\"><\/div>\n<div class=\"sponsorPost\"><\/div>\n","protected":false},"excerpt":{"rendered":"<p>+++ Albert-Mangelsdorff-Preis 2025 geht an Lauren Newton +++ Zum 17. Mal wird der Albert-Mangelsdorff-Preis in Anerkennung f\u00fcr Jazz- und Improvisationsmusiker:innen vergeben Die US-amerikanische und in Deutschland aktive Vokalistin Lauren Newton wird in diesem Jahr mit dem Albert-Mangelsdorff-Preis geehrt. Er gilt als bedeutende Auszeichnung f\u00fcr Jazzmusiker*innen in Deutschland und wird seit 1994 von der Deutschen Jazzunion f\u00fcr herausragende k\u00fcnstlerische Leistungen sowie nachhaltige Impulse f\u00fcr die Entwicklung der Jazz- und Improvisationsszene verliehen. \u00dcber die Preistr\u00e4gerin Lauren Newton, in Oregon geboren und seit 1974 in Baden-W\u00fcrttemberg lebend, machte sich mit ihrer kunstvollen Erweiterung vokaler Ausdrucksm\u00f6glichkeiten international einen Namen. Als Solistin trat sie in legend\u00e4ren Formationen wie dem Vienna Art Orchestra oder Vocal Summit und an der Seite von Gr\u00f6\u00dfen wie Bobby McFerrin oder Anthony Braxton auf. Ihre Diskografie umfasst rund 90 Aufnahmen. Auszeichnungen wie der Jahrespreis der Deutschen Schallplattenkritik 1983 und der Sonderpreis des Jazz-Preis Baden-W\u00fcrttemberg f\u00fcr ihr Lebenswerk 2020 ehrten die K\u00fcnstlerin, die bis heute mit Konzerten, Kompositionen und Lehre die Musikszene inspiriert. Ihr Buch Vocal Adventures \u2013 Free Improvisation in Sound, Space, Spirit and Song erschien 2022 im Wolke-Verlag. Ihr einzigartiger Stil macht sie zu den &hellip;<\/p>\n","protected":false},"author":7,"featured_media":26097,"comment_status":"open","ping_status":"closed","sticky":false,"template":"","format":"standard","meta":{"_jetpack_memberships_contains_paid_content":false,"footnotes":"","jetpack_publicize_message":"","jetpack_publicize_feature_enabled":true,"jetpack_social_post_already_shared":true,"jetpack_social_options":{"image_generator_settings":{"template":"highway","default_image_id":0,"font":"","enabled":false},"version":2}},"categories":[633],"tags":[5627,4648,268,1896,5675,787,4828],"coauthors":[662],"class_list":["post-33044","post","type-post","status-publish","format-standard","has-post-thumbnail","hentry","category-nachrichten","tag-bernhard-lindner","tag-goetz-buehler","tag-jazzahead","tag-jazzclub-leerer-beutel","tag-lauren-newton","tag-leerer-beutel","tag-sybille-kornitschky"],"yoast_head":"<!-- This site is optimized with the Yoast SEO plugin v27.5 - https:\/\/yoast.com\/product\/yoast-seo-wordpress\/ -->\n<title>+++ News: +++ jazzahead! April 2026: Ab sofort startet die Registrierung und die Bewerbungsphase f\u00fcr die 38 Showcase-Konzerte +++ Albert-Mangelsdorff-Preis 2025 geht an Lauren Newton +++ Jazzclub Regensburg \u00fcbernimmt den Saal in des st\u00e4dtischen Kulturhauses Leerer Beutels in Eigenregie+++ - JazzZeitung<\/title>\n<meta name=\"robots\" content=\"index, follow, max-snippet:-1, max-image-preview:large, max-video-preview:-1\" \/>\n<link rel=\"canonical\" href=\"https:\/\/www.jazzzeitung.de\/cms\/2025\/09\/news-jazzahead-april-2026-ab-sofort-startet-die-registrierung-und-die-bewerbungsphase-fuer-die-38-showcase-konzerte-albert-mangelsdorff-preis-2025-geht-an-lauren-newton-jazzclub-reg\/\" \/>\n<meta property=\"og:locale\" content=\"de_DE\" \/>\n<meta property=\"og:type\" content=\"article\" \/>\n<meta property=\"og:title\" content=\"+++ News: +++ jazzahead! April 2026: Ab sofort startet die Registrierung und die Bewerbungsphase f\u00fcr die 38 Showcase-Konzerte +++ Albert-Mangelsdorff-Preis 2025 geht an Lauren Newton +++ Jazzclub Regensburg \u00fcbernimmt den Saal in des st\u00e4dtischen Kulturhauses Leerer Beutels in Eigenregie+++ - JazzZeitung\" \/>\n<meta property=\"og:description\" content=\"+++ Albert-Mangelsdorff-Preis 2025 geht an Lauren Newton +++ Zum 17. Mal wird der Albert-Mangelsdorff-Preis in Anerkennung f\u00fcr Jazz- und Improvisationsmusiker:innen vergeben Die US-amerikanische und in Deutschland aktive Vokalistin Lauren Newton wird in diesem Jahr mit dem Albert-Mangelsdorff-Preis geehrt. Er gilt als bedeutende Auszeichnung f\u00fcr Jazzmusiker*innen in Deutschland und wird seit 1994 von der Deutschen Jazzunion f\u00fcr herausragende k\u00fcnstlerische Leistungen sowie nachhaltige Impulse f\u00fcr die Entwicklung der Jazz- und Improvisationsszene verliehen. \u00dcber die Preistr\u00e4gerin Lauren Newton, in Oregon geboren und seit 1974 in Baden-W\u00fcrttemberg lebend, machte sich mit ihrer kunstvollen Erweiterung vokaler Ausdrucksm\u00f6glichkeiten international einen Namen. Als Solistin trat sie in legend\u00e4ren Formationen wie dem Vienna Art Orchestra oder Vocal Summit und an der Seite von Gr\u00f6\u00dfen wie Bobby McFerrin oder Anthony Braxton auf. Ihre Diskografie umfasst rund 90 Aufnahmen. Auszeichnungen wie der Jahrespreis der Deutschen Schallplattenkritik 1983 und der Sonderpreis des Jazz-Preis Baden-W\u00fcrttemberg f\u00fcr ihr Lebenswerk 2020 ehrten die K\u00fcnstlerin, die bis heute mit Konzerten, Kompositionen und Lehre die Musikszene inspiriert. Ihr Buch Vocal Adventures \u2013 Free Improvisation in Sound, Space, Spirit and Song erschien 2022 im Wolke-Verlag. Ihr einzigartiger Stil macht sie zu den &hellip;\" \/>\n<meta property=\"og:url\" content=\"https:\/\/www.jazzzeitung.de\/cms\/2025\/09\/news-jazzahead-april-2026-ab-sofort-startet-die-registrierung-und-die-bewerbungsphase-fuer-die-38-showcase-konzerte-albert-mangelsdorff-preis-2025-geht-an-lauren-newton-jazzclub-reg\/\" \/>\n<meta property=\"og:site_name\" content=\"JazzZeitung\" \/>\n<meta property=\"article:publisher\" content=\"https:\/\/www.facebook.com\/JazzZeitung\/\" \/>\n<meta property=\"article:published_time\" content=\"2025-09-02T12:15:21+00:00\" \/>\n<meta property=\"og:image\" content=\"https:\/\/i0.wp.com\/www.jazzzeitung.de\/cms\/wp-content\/uploads\/2021\/11\/lauren-newton3.jpg?fit=1920%2C1080&ssl=1\" \/>\n\t<meta property=\"og:image:width\" content=\"1920\" \/>\n\t<meta property=\"og:image:height\" content=\"1080\" \/>\n\t<meta property=\"og:image:type\" content=\"image\/jpeg\" \/>\n<meta name=\"author\" content=\"Andreas Kolb\" \/>\n<script type=\"application\/ld+json\" class=\"yoast-schema-graph\">{\"@context\":\"https:\\\/\\\/schema.org\",\"@graph\":[{\"@type\":\"Article\",\"@id\":\"https:\\\/\\\/www.jazzzeitung.de\\\/cms\\\/2025\\\/09\\\/news-jazzahead-april-2026-ab-sofort-startet-die-registrierung-und-die-bewerbungsphase-fuer-die-38-showcase-konzerte-albert-mangelsdorff-preis-2025-geht-an-lauren-newton-jazzclub-reg\\\/#article\",\"isPartOf\":{\"@id\":\"https:\\\/\\\/www.jazzzeitung.de\\\/cms\\\/2025\\\/09\\\/news-jazzahead-april-2026-ab-sofort-startet-die-registrierung-und-die-bewerbungsphase-fuer-die-38-showcase-konzerte-albert-mangelsdorff-preis-2025-geht-an-lauren-newton-jazzclub-reg\\\/\"},\"author\":{\"name\":\"Andreas Kolb\",\"@id\":\"https:\\\/\\\/www.jazzzeitung.de\\\/cms\\\/#\\\/schema\\\/person\\\/23954215d035da9ee48d2a2c09a4a62c\"},\"headline\":\"+++ News: +++ jazzahead! April 2026: Ab sofort startet die Registrierung und die Bewerbungsphase f\u00fcr die 38 Showcase-Konzerte +++ Albert-Mangelsdorff-Preis 2025 geht an Lauren Newton +++ Jazzclub Regensburg \u00fcbernimmt den Saal in des st\u00e4dtischen Kulturhauses Leerer Beutels in Eigenregie+++\",\"datePublished\":\"2025-09-02T12:15:21+00:00\",\"mainEntityOfPage\":{\"@id\":\"https:\\\/\\\/www.jazzzeitung.de\\\/cms\\\/2025\\\/09\\\/news-jazzahead-april-2026-ab-sofort-startet-die-registrierung-und-die-bewerbungsphase-fuer-die-38-showcase-konzerte-albert-mangelsdorff-preis-2025-geht-an-lauren-newton-jazzclub-reg\\\/\"},\"wordCount\":1071,\"commentCount\":0,\"publisher\":{\"@id\":\"https:\\\/\\\/www.jazzzeitung.de\\\/cms\\\/#organization\"},\"image\":{\"@id\":\"https:\\\/\\\/www.jazzzeitung.de\\\/cms\\\/2025\\\/09\\\/news-jazzahead-april-2026-ab-sofort-startet-die-registrierung-und-die-bewerbungsphase-fuer-die-38-showcase-konzerte-albert-mangelsdorff-preis-2025-geht-an-lauren-newton-jazzclub-reg\\\/#primaryimage\"},\"thumbnailUrl\":\"https:\\\/\\\/i0.wp.com\\\/www.jazzzeitung.de\\\/cms\\\/wp-content\\\/uploads\\\/2021\\\/11\\\/lauren-newton3.jpg?fit=1920%2C1080&ssl=1\",\"keywords\":[\"Bernhard Lindner\",\"G\u00f6tz B\u00fchler\",\"Jazzahead\",\"Jazzclub Leerer Beutel\",\"Lauren Newton\",\"Leerer Beutel\",\"Sybille Kornitschky\"],\"articleSection\":[\"News\"],\"inLanguage\":\"de\",\"potentialAction\":[{\"@type\":\"CommentAction\",\"name\":\"Comment\",\"target\":[\"https:\\\/\\\/www.jazzzeitung.de\\\/cms\\\/2025\\\/09\\\/news-jazzahead-april-2026-ab-sofort-startet-die-registrierung-und-die-bewerbungsphase-fuer-die-38-showcase-konzerte-albert-mangelsdorff-preis-2025-geht-an-lauren-newton-jazzclub-reg\\\/#respond\"]}]},{\"@type\":\"WebPage\",\"@id\":\"https:\\\/\\\/www.jazzzeitung.de\\\/cms\\\/2025\\\/09\\\/news-jazzahead-april-2026-ab-sofort-startet-die-registrierung-und-die-bewerbungsphase-fuer-die-38-showcase-konzerte-albert-mangelsdorff-preis-2025-geht-an-lauren-newton-jazzclub-reg\\\/\",\"url\":\"https:\\\/\\\/www.jazzzeitung.de\\\/cms\\\/2025\\\/09\\\/news-jazzahead-april-2026-ab-sofort-startet-die-registrierung-und-die-bewerbungsphase-fuer-die-38-showcase-konzerte-albert-mangelsdorff-preis-2025-geht-an-lauren-newton-jazzclub-reg\\\/\",\"name\":\"+++ News: +++ jazzahead! April 2026: Ab sofort startet die Registrierung und die Bewerbungsphase f\u00fcr die 38 Showcase-Konzerte +++ Albert-Mangelsdorff-Preis 2025 geht an Lauren Newton +++ Jazzclub Regensburg \u00fcbernimmt den Saal in des st\u00e4dtischen Kulturhauses Leerer Beutels in Eigenregie+++ - JazzZeitung\",\"isPartOf\":{\"@id\":\"https:\\\/\\\/www.jazzzeitung.de\\\/cms\\\/#website\"},\"primaryImageOfPage\":{\"@id\":\"https:\\\/\\\/www.jazzzeitung.de\\\/cms\\\/2025\\\/09\\\/news-jazzahead-april-2026-ab-sofort-startet-die-registrierung-und-die-bewerbungsphase-fuer-die-38-showcase-konzerte-albert-mangelsdorff-preis-2025-geht-an-lauren-newton-jazzclub-reg\\\/#primaryimage\"},\"image\":{\"@id\":\"https:\\\/\\\/www.jazzzeitung.de\\\/cms\\\/2025\\\/09\\\/news-jazzahead-april-2026-ab-sofort-startet-die-registrierung-und-die-bewerbungsphase-fuer-die-38-showcase-konzerte-albert-mangelsdorff-preis-2025-geht-an-lauren-newton-jazzclub-reg\\\/#primaryimage\"},\"thumbnailUrl\":\"https:\\\/\\\/i0.wp.com\\\/www.jazzzeitung.de\\\/cms\\\/wp-content\\\/uploads\\\/2021\\\/11\\\/lauren-newton3.jpg?fit=1920%2C1080&ssl=1\",\"datePublished\":\"2025-09-02T12:15:21+00:00\",\"breadcrumb\":{\"@id\":\"https:\\\/\\\/www.jazzzeitung.de\\\/cms\\\/2025\\\/09\\\/news-jazzahead-april-2026-ab-sofort-startet-die-registrierung-und-die-bewerbungsphase-fuer-die-38-showcase-konzerte-albert-mangelsdorff-preis-2025-geht-an-lauren-newton-jazzclub-reg\\\/#breadcrumb\"},\"inLanguage\":\"de\",\"potentialAction\":[{\"@type\":\"ReadAction\",\"target\":[\"https:\\\/\\\/www.jazzzeitung.de\\\/cms\\\/2025\\\/09\\\/news-jazzahead-april-2026-ab-sofort-startet-die-registrierung-und-die-bewerbungsphase-fuer-die-38-showcase-konzerte-albert-mangelsdorff-preis-2025-geht-an-lauren-newton-jazzclub-reg\\\/\"]}]},{\"@type\":\"ImageObject\",\"inLanguage\":\"de\",\"@id\":\"https:\\\/\\\/www.jazzzeitung.de\\\/cms\\\/2025\\\/09\\\/news-jazzahead-april-2026-ab-sofort-startet-die-registrierung-und-die-bewerbungsphase-fuer-die-38-showcase-konzerte-albert-mangelsdorff-preis-2025-geht-an-lauren-newton-jazzclub-reg\\\/#primaryimage\",\"url\":\"https:\\\/\\\/i0.wp.com\\\/www.jazzzeitung.de\\\/cms\\\/wp-content\\\/uploads\\\/2021\\\/11\\\/lauren-newton3.jpg?fit=1920%2C1080&ssl=1\",\"contentUrl\":\"https:\\\/\\\/i0.wp.com\\\/www.jazzzeitung.de\\\/cms\\\/wp-content\\\/uploads\\\/2021\\\/11\\\/lauren-newton3.jpg?fit=1920%2C1080&ssl=1\",\"width\":1920,\"height\":1080},{\"@type\":\"BreadcrumbList\",\"@id\":\"https:\\\/\\\/www.jazzzeitung.de\\\/cms\\\/2025\\\/09\\\/news-jazzahead-april-2026-ab-sofort-startet-die-registrierung-und-die-bewerbungsphase-fuer-die-38-showcase-konzerte-albert-mangelsdorff-preis-2025-geht-an-lauren-newton-jazzclub-reg\\\/#breadcrumb\",\"itemListElement\":[{\"@type\":\"ListItem\",\"position\":1,\"name\":\"Startseite\",\"item\":\"https:\\\/\\\/www.jazzzeitung.de\\\/cms\\\/\"},{\"@type\":\"ListItem\",\"position\":2,\"name\":\"+++ News: +++ jazzahead! April 2026: Ab sofort startet die Registrierung und die Bewerbungsphase f\u00fcr die 38 Showcase-Konzerte +++ Albert-Mangelsdorff-Preis 2025 geht an Lauren Newton +++ Jazzclub Regensburg \u00fcbernimmt den Saal in des st\u00e4dtischen Kulturhauses Leerer Beutels in Eigenregie+++\"}]},{\"@type\":\"WebSite\",\"@id\":\"https:\\\/\\\/www.jazzzeitung.de\\\/cms\\\/#website\",\"url\":\"https:\\\/\\\/www.jazzzeitung.de\\\/cms\\\/\",\"name\":\"JazzZeitung\",\"description\":\"Jazz-News und Jazz-Kontroverses\",\"publisher\":{\"@id\":\"https:\\\/\\\/www.jazzzeitung.de\\\/cms\\\/#organization\"},\"potentialAction\":[{\"@type\":\"SearchAction\",\"target\":{\"@type\":\"EntryPoint\",\"urlTemplate\":\"https:\\\/\\\/www.jazzzeitung.de\\\/cms\\\/?s={search_term_string}\"},\"query-input\":{\"@type\":\"PropertyValueSpecification\",\"valueRequired\":true,\"valueName\":\"search_term_string\"}}],\"inLanguage\":\"de\"},{\"@type\":\"Organization\",\"@id\":\"https:\\\/\\\/www.jazzzeitung.de\\\/cms\\\/#organization\",\"name\":\"JazzZeitung online\",\"url\":\"https:\\\/\\\/www.jazzzeitung.de\\\/cms\\\/\",\"logo\":{\"@type\":\"ImageObject\",\"inLanguage\":\"de\",\"@id\":\"https:\\\/\\\/www.jazzzeitung.de\\\/cms\\\/#\\\/schema\\\/logo\\\/image\\\/\",\"url\":\"https:\\\/\\\/i0.wp.com\\\/www.jazzzeitung.de\\\/cms\\\/wp-content\\\/uploads\\\/2015\\\/08\\\/JAZZZEITUNGDE_Logo_Neu.png?fit=499%2C200&ssl=1\",\"contentUrl\":\"https:\\\/\\\/i0.wp.com\\\/www.jazzzeitung.de\\\/cms\\\/wp-content\\\/uploads\\\/2015\\\/08\\\/JAZZZEITUNGDE_Logo_Neu.png?fit=499%2C200&ssl=1\",\"width\":499,\"height\":200,\"caption\":\"JazzZeitung online\"},\"image\":{\"@id\":\"https:\\\/\\\/www.jazzzeitung.de\\\/cms\\\/#\\\/schema\\\/logo\\\/image\\\/\"},\"sameAs\":[\"https:\\\/\\\/www.facebook.com\\\/JazzZeitung\\\/\"]},{\"@type\":\"Person\",\"@id\":\"https:\\\/\\\/www.jazzzeitung.de\\\/cms\\\/#\\\/schema\\\/person\\\/23954215d035da9ee48d2a2c09a4a62c\",\"name\":\"Andreas Kolb\",\"image\":{\"@type\":\"ImageObject\",\"inLanguage\":\"de\",\"@id\":\"https:\\\/\\\/i0.wp.com\\\/www.jazzzeitung.de\\\/cms\\\/wp-content\\\/uploads\\\/2013\\\/05\\\/kolb-small.jpg?resize=96%2C96&ssl=1d81fdf4aa1b2f31d206a8dd371420dd4\",\"url\":\"https:\\\/\\\/i0.wp.com\\\/www.jazzzeitung.de\\\/cms\\\/wp-content\\\/uploads\\\/2013\\\/05\\\/kolb-small.jpg?resize=96%2C96&ssl=1\",\"contentUrl\":\"https:\\\/\\\/i0.wp.com\\\/www.jazzzeitung.de\\\/cms\\\/wp-content\\\/uploads\\\/2013\\\/05\\\/kolb-small.jpg?resize=96%2C96&ssl=1\",\"caption\":\"Andreas Kolb\"},\"description\":\"Andreas Kolb ist Chefredakteur der Jazzzeitung.\",\"sameAs\":[\"https:\\\/\\\/www.jazzzeitung.de\"],\"url\":\"https:\\\/\\\/www.jazzzeitung.de\\\/cms\\\/author\\\/kolb\\\/\"}]}<\/script>\n<!-- \/ Yoast SEO plugin. -->","yoast_head_json":{"title":"+++ News: +++ jazzahead! April 2026: Ab sofort startet die Registrierung und die Bewerbungsphase f\u00fcr die 38 Showcase-Konzerte +++ Albert-Mangelsdorff-Preis 2025 geht an Lauren Newton +++ Jazzclub Regensburg \u00fcbernimmt den Saal in des st\u00e4dtischen Kulturhauses Leerer Beutels in Eigenregie+++ - JazzZeitung","robots":{"index":"index","follow":"follow","max-snippet":"max-snippet:-1","max-image-preview":"max-image-preview:large","max-video-preview":"max-video-preview:-1"},"canonical":"https:\/\/www.jazzzeitung.de\/cms\/2025\/09\/news-jazzahead-april-2026-ab-sofort-startet-die-registrierung-und-die-bewerbungsphase-fuer-die-38-showcase-konzerte-albert-mangelsdorff-preis-2025-geht-an-lauren-newton-jazzclub-reg\/","og_locale":"de_DE","og_type":"article","og_title":"+++ News: +++ jazzahead! April 2026: Ab sofort startet die Registrierung und die Bewerbungsphase f\u00fcr die 38 Showcase-Konzerte +++ Albert-Mangelsdorff-Preis 2025 geht an Lauren Newton +++ Jazzclub Regensburg \u00fcbernimmt den Saal in des st\u00e4dtischen Kulturhauses Leerer Beutels in Eigenregie+++ - JazzZeitung","og_description":"+++ Albert-Mangelsdorff-Preis 2025 geht an Lauren Newton +++ Zum 17. Mal wird der Albert-Mangelsdorff-Preis in Anerkennung f\u00fcr Jazz- und Improvisationsmusiker:innen vergeben Die US-amerikanische und in Deutschland aktive Vokalistin Lauren Newton wird in diesem Jahr mit dem Albert-Mangelsdorff-Preis geehrt. Er gilt als bedeutende Auszeichnung f\u00fcr Jazzmusiker*innen in Deutschland und wird seit 1994 von der Deutschen Jazzunion f\u00fcr herausragende k\u00fcnstlerische Leistungen sowie nachhaltige Impulse f\u00fcr die Entwicklung der Jazz- und Improvisationsszene verliehen. \u00dcber die Preistr\u00e4gerin Lauren Newton, in Oregon geboren und seit 1974 in Baden-W\u00fcrttemberg lebend, machte sich mit ihrer kunstvollen Erweiterung vokaler Ausdrucksm\u00f6glichkeiten international einen Namen. Als Solistin trat sie in legend\u00e4ren Formationen wie dem Vienna Art Orchestra oder Vocal Summit und an der Seite von Gr\u00f6\u00dfen wie Bobby McFerrin oder Anthony Braxton auf. Ihre Diskografie umfasst rund 90 Aufnahmen. Auszeichnungen wie der Jahrespreis der Deutschen Schallplattenkritik 1983 und der Sonderpreis des Jazz-Preis Baden-W\u00fcrttemberg f\u00fcr ihr Lebenswerk 2020 ehrten die K\u00fcnstlerin, die bis heute mit Konzerten, Kompositionen und Lehre die Musikszene inspiriert. Ihr Buch Vocal Adventures \u2013 Free Improvisation in Sound, Space, Spirit and Song erschien 2022 im Wolke-Verlag. Ihr einzigartiger Stil macht sie zu den &hellip;","og_url":"https:\/\/www.jazzzeitung.de\/cms\/2025\/09\/news-jazzahead-april-2026-ab-sofort-startet-die-registrierung-und-die-bewerbungsphase-fuer-die-38-showcase-konzerte-albert-mangelsdorff-preis-2025-geht-an-lauren-newton-jazzclub-reg\/","og_site_name":"JazzZeitung","article_publisher":"https:\/\/www.facebook.com\/JazzZeitung\/","article_published_time":"2025-09-02T12:15:21+00:00","og_image":[{"width":1920,"height":1080,"url":"https:\/\/i0.wp.com\/www.jazzzeitung.de\/cms\/wp-content\/uploads\/2021\/11\/lauren-newton3.jpg?fit=1920%2C1080&ssl=1","type":"image\/jpeg"}],"author":"Andreas Kolb","schema":{"@context":"https:\/\/schema.org","@graph":[{"@type":"Article","@id":"https:\/\/www.jazzzeitung.de\/cms\/2025\/09\/news-jazzahead-april-2026-ab-sofort-startet-die-registrierung-und-die-bewerbungsphase-fuer-die-38-showcase-konzerte-albert-mangelsdorff-preis-2025-geht-an-lauren-newton-jazzclub-reg\/#article","isPartOf":{"@id":"https:\/\/www.jazzzeitung.de\/cms\/2025\/09\/news-jazzahead-april-2026-ab-sofort-startet-die-registrierung-und-die-bewerbungsphase-fuer-die-38-showcase-konzerte-albert-mangelsdorff-preis-2025-geht-an-lauren-newton-jazzclub-reg\/"},"author":{"name":"Andreas Kolb","@id":"https:\/\/www.jazzzeitung.de\/cms\/#\/schema\/person\/23954215d035da9ee48d2a2c09a4a62c"},"headline":"+++ News: +++ jazzahead! April 2026: Ab sofort startet die Registrierung und die Bewerbungsphase f\u00fcr die 38 Showcase-Konzerte +++ Albert-Mangelsdorff-Preis 2025 geht an Lauren Newton +++ Jazzclub Regensburg \u00fcbernimmt den Saal in des st\u00e4dtischen Kulturhauses Leerer Beutels in Eigenregie+++","datePublished":"2025-09-02T12:15:21+00:00","mainEntityOfPage":{"@id":"https:\/\/www.jazzzeitung.de\/cms\/2025\/09\/news-jazzahead-april-2026-ab-sofort-startet-die-registrierung-und-die-bewerbungsphase-fuer-die-38-showcase-konzerte-albert-mangelsdorff-preis-2025-geht-an-lauren-newton-jazzclub-reg\/"},"wordCount":1071,"commentCount":0,"publisher":{"@id":"https:\/\/www.jazzzeitung.de\/cms\/#organization"},"image":{"@id":"https:\/\/www.jazzzeitung.de\/cms\/2025\/09\/news-jazzahead-april-2026-ab-sofort-startet-die-registrierung-und-die-bewerbungsphase-fuer-die-38-showcase-konzerte-albert-mangelsdorff-preis-2025-geht-an-lauren-newton-jazzclub-reg\/#primaryimage"},"thumbnailUrl":"https:\/\/i0.wp.com\/www.jazzzeitung.de\/cms\/wp-content\/uploads\/2021\/11\/lauren-newton3.jpg?fit=1920%2C1080&ssl=1","keywords":["Bernhard Lindner","G\u00f6tz B\u00fchler","Jazzahead","Jazzclub Leerer Beutel","Lauren Newton","Leerer Beutel","Sybille Kornitschky"],"articleSection":["News"],"inLanguage":"de","potentialAction":[{"@type":"CommentAction","name":"Comment","target":["https:\/\/www.jazzzeitung.de\/cms\/2025\/09\/news-jazzahead-april-2026-ab-sofort-startet-die-registrierung-und-die-bewerbungsphase-fuer-die-38-showcase-konzerte-albert-mangelsdorff-preis-2025-geht-an-lauren-newton-jazzclub-reg\/#respond"]}]},{"@type":"WebPage","@id":"https:\/\/www.jazzzeitung.de\/cms\/2025\/09\/news-jazzahead-april-2026-ab-sofort-startet-die-registrierung-und-die-bewerbungsphase-fuer-die-38-showcase-konzerte-albert-mangelsdorff-preis-2025-geht-an-lauren-newton-jazzclub-reg\/","url":"https:\/\/www.jazzzeitung.de\/cms\/2025\/09\/news-jazzahead-april-2026-ab-sofort-startet-die-registrierung-und-die-bewerbungsphase-fuer-die-38-showcase-konzerte-albert-mangelsdorff-preis-2025-geht-an-lauren-newton-jazzclub-reg\/","name":"+++ News: +++ jazzahead! April 2026: Ab sofort startet die Registrierung und die Bewerbungsphase f\u00fcr die 38 Showcase-Konzerte +++ Albert-Mangelsdorff-Preis 2025 geht an Lauren Newton +++ Jazzclub Regensburg \u00fcbernimmt den Saal in des st\u00e4dtischen Kulturhauses Leerer Beutels in Eigenregie+++ - JazzZeitung","isPartOf":{"@id":"https:\/\/www.jazzzeitung.de\/cms\/#website"},"primaryImageOfPage":{"@id":"https:\/\/www.jazzzeitung.de\/cms\/2025\/09\/news-jazzahead-april-2026-ab-sofort-startet-die-registrierung-und-die-bewerbungsphase-fuer-die-38-showcase-konzerte-albert-mangelsdorff-preis-2025-geht-an-lauren-newton-jazzclub-reg\/#primaryimage"},"image":{"@id":"https:\/\/www.jazzzeitung.de\/cms\/2025\/09\/news-jazzahead-april-2026-ab-sofort-startet-die-registrierung-und-die-bewerbungsphase-fuer-die-38-showcase-konzerte-albert-mangelsdorff-preis-2025-geht-an-lauren-newton-jazzclub-reg\/#primaryimage"},"thumbnailUrl":"https:\/\/i0.wp.com\/www.jazzzeitung.de\/cms\/wp-content\/uploads\/2021\/11\/lauren-newton3.jpg?fit=1920%2C1080&ssl=1","datePublished":"2025-09-02T12:15:21+00:00","breadcrumb":{"@id":"https:\/\/www.jazzzeitung.de\/cms\/2025\/09\/news-jazzahead-april-2026-ab-sofort-startet-die-registrierung-und-die-bewerbungsphase-fuer-die-38-showcase-konzerte-albert-mangelsdorff-preis-2025-geht-an-lauren-newton-jazzclub-reg\/#breadcrumb"},"inLanguage":"de","potentialAction":[{"@type":"ReadAction","target":["https:\/\/www.jazzzeitung.de\/cms\/2025\/09\/news-jazzahead-april-2026-ab-sofort-startet-die-registrierung-und-die-bewerbungsphase-fuer-die-38-showcase-konzerte-albert-mangelsdorff-preis-2025-geht-an-lauren-newton-jazzclub-reg\/"]}]},{"@type":"ImageObject","inLanguage":"de","@id":"https:\/\/www.jazzzeitung.de\/cms\/2025\/09\/news-jazzahead-april-2026-ab-sofort-startet-die-registrierung-und-die-bewerbungsphase-fuer-die-38-showcase-konzerte-albert-mangelsdorff-preis-2025-geht-an-lauren-newton-jazzclub-reg\/#primaryimage","url":"https:\/\/i0.wp.com\/www.jazzzeitung.de\/cms\/wp-content\/uploads\/2021\/11\/lauren-newton3.jpg?fit=1920%2C1080&ssl=1","contentUrl":"https:\/\/i0.wp.com\/www.jazzzeitung.de\/cms\/wp-content\/uploads\/2021\/11\/lauren-newton3.jpg?fit=1920%2C1080&ssl=1","width":1920,"height":1080},{"@type":"BreadcrumbList","@id":"https:\/\/www.jazzzeitung.de\/cms\/2025\/09\/news-jazzahead-april-2026-ab-sofort-startet-die-registrierung-und-die-bewerbungsphase-fuer-die-38-showcase-konzerte-albert-mangelsdorff-preis-2025-geht-an-lauren-newton-jazzclub-reg\/#breadcrumb","itemListElement":[{"@type":"ListItem","position":1,"name":"Startseite","item":"https:\/\/www.jazzzeitung.de\/cms\/"},{"@type":"ListItem","position":2,"name":"+++ News: +++ jazzahead! April 2026: Ab sofort startet die Registrierung und die Bewerbungsphase f\u00fcr die 38 Showcase-Konzerte +++ Albert-Mangelsdorff-Preis 2025 geht an Lauren Newton +++ Jazzclub Regensburg \u00fcbernimmt den Saal in des st\u00e4dtischen Kulturhauses Leerer Beutels in Eigenregie+++"}]},{"@type":"WebSite","@id":"https:\/\/www.jazzzeitung.de\/cms\/#website","url":"https:\/\/www.jazzzeitung.de\/cms\/","name":"JazzZeitung","description":"Jazz-News und Jazz-Kontroverses","publisher":{"@id":"https:\/\/www.jazzzeitung.de\/cms\/#organization"},"potentialAction":[{"@type":"SearchAction","target":{"@type":"EntryPoint","urlTemplate":"https:\/\/www.jazzzeitung.de\/cms\/?s={search_term_string}"},"query-input":{"@type":"PropertyValueSpecification","valueRequired":true,"valueName":"search_term_string"}}],"inLanguage":"de"},{"@type":"Organization","@id":"https:\/\/www.jazzzeitung.de\/cms\/#organization","name":"JazzZeitung online","url":"https:\/\/www.jazzzeitung.de\/cms\/","logo":{"@type":"ImageObject","inLanguage":"de","@id":"https:\/\/www.jazzzeitung.de\/cms\/#\/schema\/logo\/image\/","url":"https:\/\/i0.wp.com\/www.jazzzeitung.de\/cms\/wp-content\/uploads\/2015\/08\/JAZZZEITUNGDE_Logo_Neu.png?fit=499%2C200&ssl=1","contentUrl":"https:\/\/i0.wp.com\/www.jazzzeitung.de\/cms\/wp-content\/uploads\/2015\/08\/JAZZZEITUNGDE_Logo_Neu.png?fit=499%2C200&ssl=1","width":499,"height":200,"caption":"JazzZeitung online"},"image":{"@id":"https:\/\/www.jazzzeitung.de\/cms\/#\/schema\/logo\/image\/"},"sameAs":["https:\/\/www.facebook.com\/JazzZeitung\/"]},{"@type":"Person","@id":"https:\/\/www.jazzzeitung.de\/cms\/#\/schema\/person\/23954215d035da9ee48d2a2c09a4a62c","name":"Andreas Kolb","image":{"@type":"ImageObject","inLanguage":"de","@id":"https:\/\/i0.wp.com\/www.jazzzeitung.de\/cms\/wp-content\/uploads\/2013\/05\/kolb-small.jpg?resize=96%2C96&ssl=1d81fdf4aa1b2f31d206a8dd371420dd4","url":"https:\/\/i0.wp.com\/www.jazzzeitung.de\/cms\/wp-content\/uploads\/2013\/05\/kolb-small.jpg?resize=96%2C96&ssl=1","contentUrl":"https:\/\/i0.wp.com\/www.jazzzeitung.de\/cms\/wp-content\/uploads\/2013\/05\/kolb-small.jpg?resize=96%2C96&ssl=1","caption":"Andreas Kolb"},"description":"Andreas Kolb ist Chefredakteur der Jazzzeitung.","sameAs":["https:\/\/www.jazzzeitung.de"],"url":"https:\/\/www.jazzzeitung.de\/cms\/author\/kolb\/"}]}},"wp-worthy-pixel":{"ignored":false,"public":null,"server":null,"url":null},"wp-worthy-type":"normal","jetpack_publicize_connections":[],"cc_featured_image_caption":{"caption_text":"","source_text":"","source_url":""},"jetpack_featured_media_url":"https:\/\/i0.wp.com\/www.jazzzeitung.de\/cms\/wp-content\/uploads\/2021\/11\/lauren-newton3.jpg?fit=1920%2C1080&ssl=1","jetpack_shortlink":"https:\/\/wp.me\/p3KEcT-8AY","jetpack-related-posts":[{"id":13670,"url":"https:\/\/www.jazzzeitung.de\/cms\/2017\/10\/save-the-date-der-jazzclub-regensburg-wird-30\/","url_meta":{"origin":33044,"position":0},"title":"Save the date: der Jazzclub Regensburg wird 30","author":"Redaktion JazzZeitung","date":"5. Oktober 2017","format":false,"excerpt":"Seit 30 Jahren steht der Jazzclub Regensburg f\u00fcr ein genauso hochkar\u00e4tiges, wie abwechslungsreiches Live-Programm. In diesem Herbst wird die bayerische Musikinstitution 30 Jahre alt \u2013 gefeiert wird im November. Seit 1987 hat der Jazz in Regensburg ein Zuhause \u2013im Jazzclub Regensburg, angesiedelt im historischen Gem\u00e4uer des Kulturzentrums \u201eLeerer Beutel\u201c (Bertoldstra\u00dfe\u2026","rel":"","context":"In &quot;News&quot;","block_context":{"text":"News","link":"https:\/\/www.jazzzeitung.de\/cms\/thema\/nachrichten\/"},"img":{"alt_text":"","src":"https:\/\/i0.wp.com\/www.jazzzeitung.de\/cms\/wp-content\/uploads\/2017\/10\/Pablo-Held-Trio-Wald-73423.jpg?fit=1200%2C800&ssl=1&resize=350%2C200","width":350,"height":200,"srcset":"https:\/\/i0.wp.com\/www.jazzzeitung.de\/cms\/wp-content\/uploads\/2017\/10\/Pablo-Held-Trio-Wald-73423.jpg?fit=1200%2C800&ssl=1&resize=350%2C200 1x, https:\/\/i0.wp.com\/www.jazzzeitung.de\/cms\/wp-content\/uploads\/2017\/10\/Pablo-Held-Trio-Wald-73423.jpg?fit=1200%2C800&ssl=1&resize=525%2C300 1.5x, https:\/\/i0.wp.com\/www.jazzzeitung.de\/cms\/wp-content\/uploads\/2017\/10\/Pablo-Held-Trio-Wald-73423.jpg?fit=1200%2C800&ssl=1&resize=700%2C400 2x, https:\/\/i0.wp.com\/www.jazzzeitung.de\/cms\/wp-content\/uploads\/2017\/10\/Pablo-Held-Trio-Wald-73423.jpg?fit=1200%2C800&ssl=1&resize=1050%2C600 3x"},"classes":[]},{"id":2516,"url":"https:\/\/www.jazzzeitung.de\/cms\/2013\/10\/drei-hammond-eggs-und-ein-amerikaner-im-regensburger-jazzclub-leerer-beutel\/","url_meta":{"origin":33044,"position":1},"title":"Drei Hammond Eggs und ein Amerikaner im Regensburger Jazzclub \u201eLeerer Beutel\u201c","author":"Redaktion JazzZeitung","date":"24. Oktober 2013","format":false,"excerpt":"Hammond Eggs, das sind Jermaine Landsberger an einer unaufh\u00f6rlich\u00a0 brodelnden Hammond-Orgel, Paulo Morello, der seine Gitarre cool und\u00a0 kultiviert grooven l\u00e4sst, sowie Christoph Huber hinger seinem pr\u00e4zise, knackig arbeitenden Schlagwerk. Gestern besuchte das Trio den Regensburger Jazzclub \u201eLeerer Beutel\u201c gemeinsam mit dem amerikanischen Trompeter Randy Brecker. Das Quartett produzierte \u00fcber\u2026","rel":"","context":"In &quot;News&quot;","block_context":{"text":"News","link":"https:\/\/www.jazzzeitung.de\/cms\/thema\/nachrichten\/"},"img":{"alt_text":"","src":"https:\/\/i0.wp.com\/www.jazzzeitung.de\/cms\/wp-content\/uploads\/2013\/10\/DSC_0221.jpg?fit=1200%2C797&ssl=1&resize=350%2C200","width":350,"height":200,"srcset":"https:\/\/i0.wp.com\/www.jazzzeitung.de\/cms\/wp-content\/uploads\/2013\/10\/DSC_0221.jpg?fit=1200%2C797&ssl=1&resize=350%2C200 1x, https:\/\/i0.wp.com\/www.jazzzeitung.de\/cms\/wp-content\/uploads\/2013\/10\/DSC_0221.jpg?fit=1200%2C797&ssl=1&resize=525%2C300 1.5x, https:\/\/i0.wp.com\/www.jazzzeitung.de\/cms\/wp-content\/uploads\/2013\/10\/DSC_0221.jpg?fit=1200%2C797&ssl=1&resize=700%2C400 2x, https:\/\/i0.wp.com\/www.jazzzeitung.de\/cms\/wp-content\/uploads\/2013\/10\/DSC_0221.jpg?fit=1200%2C797&ssl=1&resize=1050%2C600 3x"},"classes":[]},{"id":26578,"url":"https:\/\/www.jazzzeitung.de\/cms\/2022\/01\/zwei-furiose-geister-im-gleichklang\/","url_meta":{"origin":33044,"position":2},"title":"Zwei furiose Geister im Gleichklang","author":"Michael Scheiner","date":"22. Januar 2022","format":false,"excerpt":"Regensburg. \u201eFurios, es war einfach furios!\u201c Es ist eine Mischung aus Staunen, Begeisterung und Ehrfurcht, die sich im Gesicht der Jazzclub-Besucherin widerspiegelt. \u201eIch konnte nur noch ihre H\u00e4nde anschauen\u201c, stimmt die Begleiterin in das Lob \u00fcber das Konzert der Berliner Pianistin Aki Takase mit dem Saxofonisten Daniel Erdmann ein. Nach\u2026","rel":"","context":"In &quot;Bericht&quot;","block_context":{"text":"Bericht","link":"https:\/\/www.jazzzeitung.de\/cms\/thema\/bericht\/"},"img":{"alt_text":"","src":"https:\/\/i0.wp.com\/www.jazzzeitung.de\/cms\/wp-content\/uploads\/2022\/01\/takase-aki_56.jpg?fit=1200%2C800&ssl=1&resize=350%2C200","width":350,"height":200,"srcset":"https:\/\/i0.wp.com\/www.jazzzeitung.de\/cms\/wp-content\/uploads\/2022\/01\/takase-aki_56.jpg?fit=1200%2C800&ssl=1&resize=350%2C200 1x, https:\/\/i0.wp.com\/www.jazzzeitung.de\/cms\/wp-content\/uploads\/2022\/01\/takase-aki_56.jpg?fit=1200%2C800&ssl=1&resize=525%2C300 1.5x, https:\/\/i0.wp.com\/www.jazzzeitung.de\/cms\/wp-content\/uploads\/2022\/01\/takase-aki_56.jpg?fit=1200%2C800&ssl=1&resize=700%2C400 2x, https:\/\/i0.wp.com\/www.jazzzeitung.de\/cms\/wp-content\/uploads\/2022\/01\/takase-aki_56.jpg?fit=1200%2C800&ssl=1&resize=1050%2C600 3x"},"classes":[]},{"id":20912,"url":"https:\/\/www.jazzzeitung.de\/cms\/2019\/10\/ein-werwolf-tanzt-den-rap\/","url_meta":{"origin":33044,"position":3},"title":"Ein Werwolf tanzt den Rap","author":"Redaktion JazzZeitung","date":"17. Oktober 2019","format":false,"excerpt":"Im Jazzclub Leerer Beutel in Regensburg bekommt die portugiesische S\u00e4ngerin Maria Jo\u00e3o im Duo mit Jo\u00e3o Farinha frenetischen Applaus. \u00a0\u00a0\u00a0\u00a0\u00a0\u00a0\u00a0\u00a0\u00a0 Singen? Klar, singen kann sie auch, die Portugiesin mit der Mehroktavenstimme \u2013 und wie! Was sie aber sonst noch alles mit ihrer Stimme, der Zunge, den Lippen und mit dem\u2026","rel":"","context":"In &quot;Bericht&quot;","block_context":{"text":"Bericht","link":"https:\/\/www.jazzzeitung.de\/cms\/thema\/bericht\/"},"img":{"alt_text":"","src":"https:\/\/i0.wp.com\/www.jazzzeitung.de\/cms\/wp-content\/uploads\/2019\/10\/Joao-maria_10.jpeg?fit=567%2C386&ssl=1&resize=350%2C200","width":350,"height":200,"srcset":"https:\/\/i0.wp.com\/www.jazzzeitung.de\/cms\/wp-content\/uploads\/2019\/10\/Joao-maria_10.jpeg?fit=567%2C386&ssl=1&resize=350%2C200 1x, https:\/\/i0.wp.com\/www.jazzzeitung.de\/cms\/wp-content\/uploads\/2019\/10\/Joao-maria_10.jpeg?fit=567%2C386&ssl=1&resize=525%2C300 1.5x"},"classes":[]},{"id":30694,"url":"https:\/\/www.jazzzeitung.de\/cms\/2024\/03\/jazztrio-renner-ueberzeugt-in-regensburg\/","url_meta":{"origin":33044,"position":4},"title":"Mit dichten Sounds und feinen Balladen: Jazztrio Renner \u00fcberzeugt bei erstem Auftritt in Regensburg","author":"Redaktion JazzZeitung","date":"8. M\u00e4rz 2024","format":false,"excerpt":"Ray Anderson hat es getan und der geniale Albert Mangelsdorff, der fr\u00fch verstorbene Johannes Bauer und die britische Posaunistin Annie Whitehead. Jeder dieser herausragenden Jazzposaunisten spielte im Laufe der Karriere mindestens einmal in einem Trio ohne Harmonieinstrument. In diese beeindruckende Tradition reiht sich das junge Trio Renner ein, das sich\u2026","rel":"","context":"In &quot;Bericht&quot;","block_context":{"text":"Bericht","link":"https:\/\/www.jazzzeitung.de\/cms\/thema\/bericht\/"},"img":{"alt_text":"","src":"https:\/\/i0.wp.com\/www.jazzzeitung.de\/cms\/wp-content\/uploads\/2024\/03\/renner-band_59.jpg?fit=1200%2C779&ssl=1&resize=350%2C200","width":350,"height":200,"srcset":"https:\/\/i0.wp.com\/www.jazzzeitung.de\/cms\/wp-content\/uploads\/2024\/03\/renner-band_59.jpg?fit=1200%2C779&ssl=1&resize=350%2C200 1x, https:\/\/i0.wp.com\/www.jazzzeitung.de\/cms\/wp-content\/uploads\/2024\/03\/renner-band_59.jpg?fit=1200%2C779&ssl=1&resize=525%2C300 1.5x, https:\/\/i0.wp.com\/www.jazzzeitung.de\/cms\/wp-content\/uploads\/2024\/03\/renner-band_59.jpg?fit=1200%2C779&ssl=1&resize=700%2C400 2x, https:\/\/i0.wp.com\/www.jazzzeitung.de\/cms\/wp-content\/uploads\/2024\/03\/renner-band_59.jpg?fit=1200%2C779&ssl=1&resize=1050%2C600 3x"},"classes":[]},{"id":28719,"url":"https:\/\/www.jazzzeitung.de\/cms\/2022\/11\/wuchtige-grooves-stille-momente-kultband-om-im-jazzclub-leerer-beutel\/","url_meta":{"origin":33044,"position":5},"title":"Wuchtige Grooves, stille Momente: Kultband OM im Jazzclub Leerer Beutel","author":"Michael Scheiner","date":"30. November 2022","format":false,"excerpt":"P-M-F\/B, der Titel ist so r\u00e4tselhaft, wie vieldeutig. Mit diesem m\u00e4chtig groovenden St\u00fcck aus ihrem neuen Album \u201eOM 50\u201c fallen die vier Musiker der schweizerischen Kultband beim Jazzclub in Regensburg mit der T\u00fcr ins Haus. Unnachgiebig jagt Bobby Burri mit dem Plektron \u00fcber die Saiten des Kontrabasses, nicht weniger straff\u2026","rel":"","context":"In &quot;Rezension&quot;","block_context":{"text":"Rezension","link":"https:\/\/www.jazzzeitung.de\/cms\/thema\/rezension\/"},"img":{"alt_text":"","src":"https:\/\/i0.wp.com\/www.jazzzeitung.de\/cms\/wp-content\/uploads\/2022\/11\/om-studer_97.jpg?fit=1200%2C769&ssl=1&resize=350%2C200","width":350,"height":200,"srcset":"https:\/\/i0.wp.com\/www.jazzzeitung.de\/cms\/wp-content\/uploads\/2022\/11\/om-studer_97.jpg?fit=1200%2C769&ssl=1&resize=350%2C200 1x, https:\/\/i0.wp.com\/www.jazzzeitung.de\/cms\/wp-content\/uploads\/2022\/11\/om-studer_97.jpg?fit=1200%2C769&ssl=1&resize=525%2C300 1.5x, https:\/\/i0.wp.com\/www.jazzzeitung.de\/cms\/wp-content\/uploads\/2022\/11\/om-studer_97.jpg?fit=1200%2C769&ssl=1&resize=700%2C400 2x, https:\/\/i0.wp.com\/www.jazzzeitung.de\/cms\/wp-content\/uploads\/2022\/11\/om-studer_97.jpg?fit=1200%2C769&ssl=1&resize=1050%2C600 3x"},"classes":[]}],"jetpack_sharing_enabled":true,"_links":{"self":[{"href":"https:\/\/www.jazzzeitung.de\/cms\/wp-json\/wp\/v2\/posts\/33044","targetHints":{"allow":["GET"]}}],"collection":[{"href":"https:\/\/www.jazzzeitung.de\/cms\/wp-json\/wp\/v2\/posts"}],"about":[{"href":"https:\/\/www.jazzzeitung.de\/cms\/wp-json\/wp\/v2\/types\/post"}],"author":[{"embeddable":true,"href":"https:\/\/www.jazzzeitung.de\/cms\/wp-json\/wp\/v2\/users\/7"}],"replies":[{"embeddable":true,"href":"https:\/\/www.jazzzeitung.de\/cms\/wp-json\/wp\/v2\/comments?post=33044"}],"version-history":[{"count":12,"href":"https:\/\/www.jazzzeitung.de\/cms\/wp-json\/wp\/v2\/posts\/33044\/revisions"}],"predecessor-version":[{"id":33060,"href":"https:\/\/www.jazzzeitung.de\/cms\/wp-json\/wp\/v2\/posts\/33044\/revisions\/33060"}],"wp:featuredmedia":[{"embeddable":true,"href":"https:\/\/www.jazzzeitung.de\/cms\/wp-json\/wp\/v2\/media\/26097"}],"wp:attachment":[{"href":"https:\/\/www.jazzzeitung.de\/cms\/wp-json\/wp\/v2\/media?parent=33044"}],"wp:term":[{"taxonomy":"category","embeddable":true,"href":"https:\/\/www.jazzzeitung.de\/cms\/wp-json\/wp\/v2\/categories?post=33044"},{"taxonomy":"post_tag","embeddable":true,"href":"https:\/\/www.jazzzeitung.de\/cms\/wp-json\/wp\/v2\/tags?post=33044"},{"taxonomy":"author","embeddable":true,"href":"https:\/\/www.jazzzeitung.de\/cms\/wp-json\/wp\/v2\/coauthors?post=33044"}],"curies":[{"name":"wp","href":"https:\/\/api.w.org\/{rel}","templated":true}]}}