{"id":33038,"date":"2025-08-31T12:00:17","date_gmt":"2025-08-31T10:00:17","guid":{"rendered":"https:\/\/www.jazzzeitung.de\/cms\/?p=33038"},"modified":"2025-08-30T10:52:34","modified_gmt":"2025-08-30T08:52:34","slug":"die-superschmale-jazz-radiowoche-vom-01-09-2025-bis-07-09-2025","status":"publish","type":"post","link":"https:\/\/www.jazzzeitung.de\/cms\/2025\/08\/die-superschmale-jazz-radiowoche-vom-01-09-2025-bis-07-09-2025\/","title":{"rendered":"Die superschmale Jazz-Radiowoche vom 01.09.2025 bis 07.09.2025"},"content":{"rendered":"<p class=\"western\">Die \u00dcbersicht zum <span style=\"color: #0563c1;\"><u><a href=\"https:\/\/service.conbrio.de\/service\/download\/278\/\" name=\"Download des PDF\">Download als PDF<\/a><\/u><\/span><span style=\"text-decoration: line-through;\">.<\/span> Alle Angaben ohne Gew\u00e4hr. Erg\u00e4nzt mit den tollen Sendungen zur Neuen Musik von BR-KLASSIK und \u00d61. F\u00fcr den September fehlen aktuell die Daten allerdings bei \u00d61.<\/p>\n<p class=\"western\">Leider hat die ARD ihre Suchmaschine in Fragen Radio in der Zwischenzeit komplett geschreddert, nachdem sie in den vergangenen Jahren schon nicht mehr \u00fcber Schlagworte funktioniert hat. Damit sind wir nun komplett auf Zulieferungen der Sendeanstalten angewiesen. Aktuell bekommen wir Informationen von SWR Kultur, \u00d61 und in Sachen Neue Musik von BR-KLASSIK und ebenfalls \u00d61.<\/p>\n<h2 class=\"western\"><a name=\"__RefHeading___Toc532_2049876245\"><\/a><\/h2>\n<hr \/>\n<h2 class=\"western\"><a name=\"__RefHeading___Toc532_2049876245\"><\/a><a name=\"_Toc176424572\"><\/a><a name=\"_Toc183595478\"><\/a><a name=\"_Toc184290543\"><\/a><a name=\"_Toc185409041\"><\/a><a name=\"_Toc186792938\"><\/a><a name=\"_Toc187143015\"><\/a><a name=\"_Toc188530705\"><\/a><a name=\"_Toc188957623\"><\/a><a name=\"_Toc189813526\"><\/a><a name=\"_Toc189815284\"><\/a><a name=\"_Toc190257440\"><\/a><a name=\"_Toc174527976\"><\/a><a name=\"_Toc175140589\"><\/a> Senderliste:<\/h2>\n<hr \/>\n<ul>\n<li><span style=\"color: #0563c1;\"><u><a href=\"https:\/\/oe1.orf.at\/\" name=\"Link zum ORF\">ORF \u2013 \u00d61<\/a><\/u><\/span><\/li>\n<li><span style=\"color: #0563c1;\"><u><a href=\"https:\/\/www.deutschlandradio.de\/\" name=\"Link zum Deutschlandfunk\">Deutschlandfunk<\/a><\/u><\/span> \u2013 \u201eFakten und mehr\u201c<\/li>\n<li><span style=\"color: #0563c1;\"><u><a href=\"https:\/\/www.deutschlandfunkkultur.de\/\" name=\"Link zu Deutschlandfunk Kultur\">Deutschlandfunk-Kultur<\/a><\/u><\/span> \u2013 \u201eDas Feuilleton im Radio\u201c<\/li>\n<li><span style=\"color: #0563c1;\"><u><a href=\"https:\/\/www.ndr.de\/ndrkultur\/\" name=\"Link zu ndr kultur\">ndr Kultur<\/a><\/u><\/span> \u2013 H\u00f6ren und genie\u00dfen<\/li>\n<li><span style=\"color: #0563c1;\"><u><a href=\"https:\/\/www.ndr.de\/ndrblue\/index.html\" name=\"Link zu ndr blue\"><span lang=\"en-US\">ndr blue<\/span><\/a><\/u><\/span><span lang=\"en-US\"> \u2013 Meet The Music<\/span><\/li>\n<li><span style=\"color: #0563c1;\"><u><a href=\"https:\/\/www.bremenzwei.de\/\" name=\"Link zu Radio Bremen\">radio bremen<\/a><\/u><\/span> \u2013 Neugier lohnt sich.<\/li>\n<li><span style=\"color: #0563c1;\"><u><a href=\"https:\/\/www.radiodrei.de\/\" name=\"Link zu Radio 3 von Berlin\">Radio 3<\/a><\/u><\/span> \u2013<\/li>\n<li><span style=\"color: #0563c1;\"><u><a href=\"https:\/\/www.mdr.de\/kultur\/radio\/index.html\" name=\"Link zu medr-kultur\">mdr-kultur<\/a><\/u><\/span> \u2013 Das Radio.<\/li>\n<li><a href=\"https:\/\/www1.wdr.de\/radio\/wdr3\/\" name=\"Link zu WDR3\"><span style=\"color: #0563c1;\"><u>W<\/u><\/span><span style=\"color: #0563c1;\"><u>DR<\/u><\/span><span style=\"color: #0563c1;\"><u>3<\/u><\/span><\/a> \u2013 Das Kulturradio<\/li>\n<li><span style=\"color: #0563c1;\"><u><a href=\"https:\/\/www.hr2.de\/index.html\" name=\"Link zu hr2-kultur\">hr2-kultur<\/a><\/u><\/span> \u2013 Das Kulturradio f\u00fcr Hessen.<\/li>\n<li><a href=\"https:\/\/www.sr.de\/sr\/sr2\/index.html\" name=\"Link zu SR2-Kulturradio\"><span style=\"color: #0563c1;\"><u>S<\/u><\/span><span style=\"color: #0563c1;\"><u>R<\/u><\/span><span style=\"color: #0563c1;\"><u>2 Kulturradio<\/u><\/span><\/a> \u2013 \u2026 gut zu h\u00f6ren.<\/li>\n<li><a href=\"https:\/\/www.swr.de\/swr2\/\" name=\"Link zu SWR Kuultur\"><span style=\"color: #0563c1;\"><u>S<\/u><\/span><span style=\"color: #0563c1;\"><u>WR<\/u><\/span><u> <\/u><\/a><span style=\"color: #0563c1;\"><u>kultur<\/u><\/span> \u2013 Kultur neu entdecken<\/li>\n<li><span style=\"color: #0563c1;\"><u><a href=\"https:\/\/www.br.de\/radio\/br-klassik\/index.html\" name=\"Link zu BR-Klassik\">BR-KLASSIK<\/a><\/u><\/span> \u2013 Klassikstars geben auf BR-KLASSIK den Ton an. Attraktive Magazine bringen Interviews und Neuigkeiten aus dem Musikleben.<\/li>\n<li><span style=\"color: #0563c1;\"><u><a href=\"https:\/\/www.br.de\/radio\/bayern2\/index.html\" name=\"Link zu Bayern2\">Bayern 2<\/a><\/u><\/span> \u2013 Preisgekr\u00f6ntes Radio f\u00fcr H\u00f6rer, die mehr wissen wollen<\/li>\n<\/ul>\n<h2 class=\"western\"><a name=\"__RefHeading___Toc534_2049876245\"><\/a><\/h2>\n<hr \/>\n<h2 class=\"western\"><a name=\"__RefHeading___Toc534_2049876245\"><\/a><a name=\"_Toc190257441\"><\/a><a name=\"_Toc175140590\"><\/a><a name=\"_Toc176424573\"><\/a><a name=\"_Toc183595479\"><\/a><a name=\"_Toc184290544\"><\/a><a name=\"_Toc185409042\"><\/a><a name=\"_Toc186792939\"><\/a><a name=\"_Toc187143016\"><\/a><a name=\"_Toc188530706\"><\/a><a name=\"_Toc188957624\"><\/a><a name=\"_Toc189813527\"><\/a><a name=\"_Toc189815285\"><\/a> Internet:<\/h2>\n<hr \/>\n<ul>\n<li>Schweden: <span style=\"color: #0563c1;\"><u><a href=\"https:\/\/sverigesradio.se\/tabla.aspx?programid=2562\" name=\"Link zu Schwedens Radio P&quot;\">P2<\/a><\/u><\/span> sendet immer Dienstags von 21:00 bis 22:00 und Sonntags von 18:40 bis 20:00 ein Jazzkonzert<\/li>\n<li>Ungarn: <span style=\"color: #0563c1;\"><u><a href=\"https:\/\/mediaklikk.hu\/bartok\/\" name=\"Link zu Bart\u00f3k-Radio\">Bartok Radio<\/a><\/u><\/span> sendet t\u00e4glich von 23:00 bis 23:55 eine Jazzsendung<\/li>\n<\/ul>\n<hr \/>\n<h2 class=\"western\"><a name=\"__RefHeading___Toc6144_934975334\"><\/a> mo \u2013 01.09.25<\/h2>\n<hr \/>\n<p class=\"western\">23:03 \u2013 00:00 UHR +++ SWR KULTUR<br \/>\n<strong>ARD Radiofestival. Jazz: Straight Life \u2013 Der Saxofonist Art Pepper<\/strong><\/p>\n<p class=\"western\" style=\"padding-left: 40px;\">Von Odilo Clausnitzer. Westcoast-Eleganz, Bluesfeeling und brennende Energie hat der Altsaxofonist Art Pepper in seinem Spiel vereint. Zu Jazz-Ruhm gelangt ist er in der Stan Kenton Big Band der fr\u00fchen 1950er-Jahre. Seine Karriere verlief steil, wurde aber durch mehrere lange Gef\u00e4ngnisaufenthalte unterbrochen. Ein Comeback feierte er in den 1970er-Jahren \u2013 da war sein Sound h\u00e4rter und sein Stil zerrissener geworden. Einen Einblick in seine problematische Pers\u00f6nlichkeit gibt die schonungslose Autobiografie \u201eStraight Life\u201c, die in der Sendung auch thematisiert wird. Im August w\u00e4re Art Pepper 100 Jahre alt geworden.<\/p>\n<p class=\"western\">23:03:00 +++ \u00d61<br \/>\n<b>Zeit-Ton Zeitreise mit Ramon Bauer und Tina Frank \u2013 30 Jahre Editions Mego<\/b><\/p>\n<p class=\"western\" style=\"padding-left: 40px;\">Mego wurde 1995 von Peter Meininger und Ramon Bauer und Andi Pieper gegr\u00fcndet, Bauer und Pieper spielten damals bereits im Duo General Magic zusammen. Pita Rehberg, der auch die Produktion der ersten Mego-Platte, der legend\u00e4ren \u201eFridge Trax\u201c angeregt hatte, geh\u00f6rte wenig sp\u00e4ter ebenfalls zum fixen Kern. Mego sollte ein Ort f\u00fcr experimentierfreudige elektronische und artverwandte Musik sein, f\u00fcr jene Musik, die man damals bei den diversen Raves am ehesten in den Chill Out Rooms h\u00f6rte, bzw. beim phonoTAKTIK Festival oder im rhiz.<\/p>\n<p class=\"western\" style=\"padding-left: 40px;\">Es waren die Anfangstage des World Wide Web, immer mehr Menschen legten sich einen Heimcomputer zu und verbanden sich mit dem Internet, das die Gr\u00fcnder von Mego von der ersten Minute an f\u00fcr sich zu nutzen verstanden. Auch deshalb verk\u00f6rperte das Label den damaligen Zeitgeist. Schnell wurde es zu einem musikalischen Zentrum einer Gemeinschaft an Kunst- und Kulturschaffenden, die den Aufbruch in eine neue Zukunft feierten. Zu den ersten Musikern, die auf Mego ver\u00f6ffentlichten, z\u00e4hlten neben General Magic und Pita selbst etwa Famers Manual, Christian\u00a0Fennesz\u00a0und Florian Hecker.<\/p>\n<p class=\"western\" style=\"padding-left: 40px;\">Seit 2006 war Pita Rehberg der alleinige Betreiber des Labels, das er in Editions Mego umbenannte. Nach seinem v\u00f6llig \u00fcberraschenden Tod im Sommer 2021, beschlossen seine langj\u00e4hrige Partnerin Isabelle Piechaczyk und seine Tochter Natasha Rehberg Editions Mego gemeinsam mir Morr Music weiterzuf\u00fchren. Und so wird heuer das 30j\u00e4hrige Jubil\u00e4um mehrfach gefeiert, nach Berlin nun auch am kommenden Wochenende in Wien, im Rahmen des diesj\u00e4hrigen Unsafe and Sounds Festivals.<\/p>\n<p class=\"western\" style=\"padding-left: 40px;\">In dieser Zeit-Ton Zeitreise lassen wir die vergangenen drei Jahrzehnte noch einmal Revue passieren,- gemeinsam mit Ramon Bauer und Tina Frank, die f\u00fcr Mego und Editions Mego hunderte Vinyl- und CD-Cover designt hat und im Zusammenspiel mit zahlreichen Elektronikmusiker:innen internationale Ma\u00dfst\u00e4be im Bereich der audiovisuellen Performance setzte. Gestaltung: Susanna Niedermayr<\/p>\n<hr \/>\n<h2 class=\"western\"><a name=\"__RefHeading___Toc6146_934975334\"><\/a>di \u2013 02.09.25<\/h2>\n<hr \/>\n<p class=\"western\">23:03 \u2013 00:00 UHR +++ SWR KULTUR<br \/>\n<b>ARD Radiofestival. Jazz: Kansas City, New Orleans, London \u2013 Der Klarinettist Giacomo Smith<\/b><\/p>\n<p class=\"western\" style=\"padding-left: 40px;\">Von Sirius W. Pakzad. Der in London lebende Italo-Amerikaner Giacomo Smith gilt als einer der herausragenden Klarinettisten des aktuellen Jazz \u2013 ein Mann mit stupender Technik, unendlichem Flow und einem famosen Ausdrucksspektrum. In London betrieb der klassisch ausgebildete Virtuose lange eine Formation namens \u201eKansas Smitty\u2019s\u201c, die auf kuriose Weise zwischen Tradition und Moderne vermittelte und Smith\u2019 Humorbegabung gerecht wurde. Heute pflegt der Enddrei\u00dfiger sein Faible f\u00fcr Jazz Manouche, etwa zu h\u00f6ren auf einem gemeinsamen Album mit dem niederl\u00e4ndischen Gypsy Swing-Gitarristen Mozes Rosenberg.<\/p>\n<p class=\"western\">23:03:00 +++ \u00d61<br \/>\n<b>Neuerscheinungen und andere Entdeckungen \u2013 Aktuelle Aufnahmen zeitgen\u00f6ssischer Musik<\/b><\/p>\n<p class=\"western\" style=\"padding-left: 40px;\">Auch an diesem Dienstag pr\u00e4sentieren wir Ihnen wieder Neuerscheinungen und andere Entdeckungen aus dem Feld der neuen und experimentellen Musik. Gestaltung: Susanna Niedermayr<\/p>\n<hr \/>\n<h2 class=\"western\"><a name=\"__RefHeading___Toc6148_934975334\"><\/a>mi \u2013 03.09.25<\/h2>\n<hr \/>\n<p class=\"western\">23:03 \u2013 24:00 UHR +++ SWR KULTUR<br \/>\n<b>ARD Radiofestival. Jazz \u2013 Das Magazin<\/b><\/p>\n<p class=\"western\" style=\"padding-left: 40px;\">Von Anja Buchmann. Das w\u00f6chentliches Jazz-Update, pr\u00e4sentiert von Eurer ARD: In den Sommerwochen gibt es hier bei uns vor allem aktuelle Musik \u2013 au\u00dfergew\u00f6hnliche und wichtige Neu-Ver\u00f6ffentlichungen aller Spielarten des Jazz. Von internationalen Stars und weniger bekannten regionalen Acts, von Funk bis Free, von traditionell bis experimentell \u2013 Nicht verpassen.<\/p>\n<hr \/>\n<h2 class=\"western\"><a name=\"__RefHeading___Toc6150_934975334\"><\/a>do \u2013 04.09.25<\/h2>\n<hr \/>\n<p class=\"western\">23:03 \u2013 24:00 UHR +++ SWR KULTUR<br \/>\n<b>ARD Radiofestival. Jazz: Neue Ufer \u2013 Tobias Meinharts neues Album \u201eSonic River\u201c<\/b><\/p>\n<p class=\"western\" style=\"padding-left: 40px;\">Von Holger Zimmer. Wie klingt Rilke als Jazz-St\u00fcck? Was hat David Foster Wallace mit dem im Jazz so gew\u00fcnschten \u201eFlow\u201c zu tun? All dies erkundet das neueste Album: \u201eSonic River\u201c des deutschen Saxofonisten Tobias Meinhart. Sein 10. Album als Bandleader markiert einen Neuanfang \u2013 auch, weil er es als Debut auf seinem eigenen Plattenlabel ver\u00f6ffentlicht. Wichtig f\u00fcr seine Kreativit\u00e4t ist auch der Spagat zwischen Deutschland und Amerika, zwischen Berlin und New York.<\/p>\n<hr \/>\n<h2 class=\"western\"><a name=\"__RefHeading___Toc6152_934975334\"><\/a>fr \u2013 05.09.25<\/h2>\n<hr \/>\n<p class=\"western\">23:03 \u2013 00:00 UHR +++ SWR KULTUR<br \/>\n<b>ARD Radiofestival. Jazz: Weltwunder der tiefen T\u00f6ne \u2013 Der Jazzbassist Jimmy Blanton<\/b><\/p>\n<p class=\"western\" style=\"padding-left: 40px;\">Von Hennig Sieverts. Sein Bass schiebt von unten und setzt von oben solistische Glanzlichter: Jimmy Blanton (1918-1942) revolutioniert in nur zweieinhalb Jahren (er stirbt 23j\u00e4hrig an Tuberkulose) das Jazzbass-Spiel und wird zum Vorbild f\u00fcr sp\u00e4tere Meisterbassisten wie Oscar Pettiford oder Ray Brown. Henning Sieverts erinnert an den Bass-Wunderknaben, erkl\u00e4rt, was sein Bass-Spiel so besonders macht und spielt zeitlos gute Aufnahmen mit dem vielleicht besten Ellington Orchestra aller Zeiten und mit den ersten Bass-Klavier-Duetten der Jazzgeschichte.<\/p>\n<p class=\"western\">23:03:00 +++ \u00d61<br \/>\n<b>Zum 100. Geburtstag von B. B. King \u2013 B. B. King (1925-2015), einer der Pioniere des elektronischen Blues<\/b><\/p>\n<p class=\"western\" style=\"padding-left: 40px;\">Er war einer der drei K\u00f6nige des elektrischen Blues: Neben Albert und Freddie komplettiert B. B. King dieses Triumvirat.<\/p>\n<p class=\"western\" style=\"padding-left: 40px;\">Das B. B. in seinem Namen steht f\u00fcr &#8222;Blues Boy&#8220;, und das ist wiederum eine Abbreviation f\u00fcr das Pseudonym &#8222;Beale Street Blues Boy&#8220;, mit dem Riley Benjamin King 1949 seine Karriere als Moderator bei einem Radiosender gestartet hatte. Erst in den 1950er Jahren setzte B. B. King ganz auf seine Musikkarriere, die kaum kommerzielle Einbr\u00fcche hatte, weil King seinen musikalischen Stil immer wieder ein wenig adaptierte, auch Popelemente nicht verschm\u00e4hte, ohne seine Blues- und (vor allem vokal) Gospelwurzeln jemals zu verleugnen. Der Mann mit dem charakteristischen Vibrato auf seinem Gitarrenmodell der Firma Gibson, der ES-335, dem er den Kosenamen &#8222;Lucille&#8220; gab, hat Generationen von Musikerinnen und Musikern beeinflusst. Bis ins hohe Alter war der 15-fache Vater musikalisch aktiv, 2015 starb er im Alter von 89 Jahren in einem Krankenhaus in Las Vegas. Am 16. September j\u00e4hrt sich sein Geburtstag zum 100. Mal. Die &#8222;Spielr\u00e4ume Nachtausgabe&#8220; w\u00fcrdigt einen ikonischen Bluesmusiker. Gestaltung: Klaus Wienerroither<\/p>\n<hr \/>\n<h2 class=\"western\"><a name=\"__RefHeading___Toc6154_934975334\"><\/a>sa \u2013 06.09.25<\/h2>\n<hr \/>\n<p class=\"western\">09:04 \u2013 10:00 UHR +++ SWR KULTUR<br \/>\n<b>SWR Kultur Musikstunde: Jazz global: Six Strings of Sahel \u2013 die Vielfalt der Westafrikanischen Gitarrenmusik<\/b><\/p>\n<p class=\"western\" style=\"padding-left: 40px;\">Von Konrad Bott. Wenn man den \u201eDesert Blues\u201c im Nordwesten Afrikas unter die Lupe nimmt, scheinen die Musiker und Bands so vielf\u00e4ltig wie die Sandk\u00f6rner der naheliegenden Sahara. Ob von den Tuareg oder den Griots \u2013 wir h\u00f6ren uns an, welche Musikkulturen sich in Mali, Algerien, Niger und Burkina Faso seit Jahrzehnten mit Jazz und Blues verbinden. Und wir verfolgen die Verbindungen und Unterschiede in allem, was unter dem Namen \u201eDesert Blues\u201c in einen Topf gepackt wird.<\/p>\n<p class=\"western\">18:20 \u2013 19:00 UHR +++ SWR KULTUR<br \/>\n<b>Jazz: Me and My Music \u2013 Elina Duni<\/b><\/p>\n<p class=\"western\" style=\"padding-left: 40px;\">Von Julia Neupert. \u201eMeine Heimat ist meine Stimme\u201c, sagt Elina Duni; ihre Musik ist in verschiedenen Traditionen zuhause. Die albanisch-schweizerische S\u00e4ngerin wuchs als Tochter einer Schriftstellerin und eines Regisseurs in Tirana und Genf auf; ihre Songs interpretiert sie heute in zw\u00f6lf Sprachen! Sie singt von Abschieden, Ver\u00e4nderungen und Erinnerungen \u2013 und zeigt dabei, wieviel Kraft in fragilen, lyrischen Momenten liegen kann. In unserer Sendereihe \u201eMe and My Music\u201c h\u00f6ren wir Elina Duni im Zwiegespr\u00e4ch mit ihrer Musik.<\/p>\n<hr \/>\n<h2 class=\"western\"><a name=\"__RefHeading___Toc6156_934975334\"><\/a>so \u2013 07.09.25<\/h2>\n<hr \/>\n<p class=\"western\">23:03:00 +++ \u00d61<br \/>\n<b>Highlights der Konfrontationen Nickelsdorf 2025 (2) \u2013 Experimentelle Spielfreude mit dem Schlippenbach Quintett und der Bl\u00e4ser-Gruppe Superluft.<\/b><\/p>\n<p class=\"western\" style=\"padding-left: 40px;\">Ende Juli fanden die 45. Konfrontationen statt. Zu diesem Jubil\u00e4um bot das Festival im burgenl\u00e4ndischen Nickelsdorf ein dreit\u00e4giges Programm mit einigen der aktuell spannendsten und prominentesten Ensembles in den Bereichen der freien und improvisierten Musik. In zwei &#8222;Supernova&#8220;-Sendungen sind einige dieser H\u00f6hepunkte zu h\u00f6ren. Heute: F\u00fcnf Bands, darunter das Trio Franz Hautzinger, Vinicius Cajado und Lukas K\u00f6nig, das Quartett Flight Mode sowie die Premiere von Fennesz mit Le Quan Ninh.<\/p>\n<p class=\"western\" style=\"padding-left: 40px;\">Das diesj\u00e4hrige Programm war eine \u00e4u\u00dferst vielschichtige Mischung aus Musikschaffenden, die entweder in diesen Konstellationen noch nie auf der B\u00fchne der Jazzgalerie gestanden hatten oder solchen, die ihre internationalen Projekte pr\u00e4sentierten: Zum 45. Jubil\u00e4um warteten die Konfrontationen mit einem eindrucksvollen Line-Up auf. An die 45 Musikerinnen und Musiker waren zu erleben.<\/p>\n<p class=\"western\" style=\"padding-left: 40px;\">Auch heuer war \u00d61 wieder vor Ort und hat ausgew\u00e4hlte Konzerte aufgenommen. In dieser &#8222;Supernova&#8220; gibt es die Auftritte vom zweiten Abend, Samstag, dem 26. Juli.<\/p>\n<p class=\"western\" style=\"padding-left: 40px;\">Das Quintett des legend\u00e4ren Improvisations-Pianisten Alexander von Schlippenbach besteht aus deutschen und portugiesischen Musikern. Das erste gemeinsame Album nennt sich &#8222;Conundrum&#8220; und erschien 2023 auf dem Lissabonner Label Creative Sources.<\/p>\n<p class=\"western\" style=\"padding-left: 40px;\">Dann spielte der Trompeter Franz Hautzinger mit dem Schlagzeuger Lukas K\u00f6nig und dem Bassisten Vinicius Cajado. Hautzinger und K\u00f6nig sind seit langem Fixgr\u00f6\u00dfen der Wiener Improvisationsszene, bereichert seit einigen Jahren von dem aus Brasilien stammenden Cajado, der u.a. mit Jo\u00eblle L\u00e9andre ein Album aufgenommen hat.<\/p>\n<p class=\"western\" style=\"padding-left: 40px;\">Das Quartett Flight Mode mit Tony Buck (Schlagzeug), John Edwards (Bass), Elisabeth Harnik (Piano) und Harri Sj\u00f6str\u00f6m (Saxofon) brachte Mitte letzten Jahres &#8222;Live in Berlin 2023&#8220; heraus. Dieses Album war das Resultat einer ausgedehnten Europa-Tournee. Heuer waren Flight Mode nun auch auf der B\u00fchne der Jazzgalerie Nickelsdorf zu erleben.<\/p>\n<p class=\"western\" style=\"padding-left: 40px;\">Ein weiteres erstes Mal: Das Konzert des \u00f6sterreichischen Elektronikmusikers Fennesz mit dem Pariser Perkussionisten L\u00ea Quan Ninh, dem Mitbegr\u00fcnder des auf Neue Musik spezialisierten, interdisziplin\u00e4ren Performance-Projekts ensemble]h[iatus.<\/p>\n<p class=\"western\" style=\"padding-left: 40px;\">Superluft wurde vom Trio zum Quintett: Posaunistin Anke Lucks und Saxofonistin Almut Schlichting gr\u00fcndeten 2022 mit dem Stimmk\u00fcnstler Christian Reiner diese Gruppe. Ein Jahr sp\u00e4ter stie\u00df der Schlagzeuger Christian Marien dazu und f\u00fcr den Konfrontationen-Auftritt spielten sie mit der Bass-Klarinettistin Susanna Gartmayr.<\/p>\n<p class=\"western\" style=\"padding-left: 40px;\">Den ersten Teil der Konzert-Aufnahmen von den 45. Konfrontationen pr\u00e4sentierten wir in \u00d61 &#8222;Supernova&#8220; am Sonntag, 31. August, mit u.a. Pat Thomas\u2019 Quartett Ahmed und der Premiere des Ensembles Isabelle Duthoit, Steve Heather und Andy Moor. Gestaltung: Heinrich Deisl<\/p>\n","protected":false},"excerpt":{"rendered":"<p>Jazz im Radio \u2013 Jeden Sonntag gibt es um 12 Uhr unsere \u00dcbersicht f\u00fcr die jeweils nachfolgende Woche. Die #Jazz-Radiowoche vom 25.08. bis zum 31.08.2025. Erheblich d\u00fcnn! Auch als PDF zum Download \u2013 #Jazz #JazzZeitung #Radio #Radiowoche \u2013 Ein Service unserer Online-Redaktion.<\/p>\n","protected":false},"author":1,"featured_media":33039,"comment_status":"open","ping_status":"open","sticky":false,"template":"","format":"standard","meta":{"_jetpack_memberships_contains_paid_content":false,"footnotes":"","jetpack_publicize_message":"","jetpack_publicize_feature_enabled":true,"jetpack_social_post_already_shared":true,"jetpack_social_options":{"image_generator_settings":{"template":"highway","default_image_id":0,"font":"","enabled":false},"version":2}},"categories":[633,452],"tags":[3773,1629],"coauthors":[650],"class_list":["post-33038","post","type-post","status-publish","format-standard","has-post-thumbnail","hentry","category-nachrichten","category-radio","tag-die-radiowoche","tag-jazz-im-radio"],"yoast_head":"<!-- This site is optimized with the Yoast SEO plugin v27.5 - https:\/\/yoast.com\/product\/yoast-seo-wordpress\/ -->\n<title>Die superschmale Jazz-Radiowoche vom 01.09.2025 bis 07.09.2025 - JazzZeitung<\/title>\n<meta name=\"robots\" content=\"index, follow, max-snippet:-1, max-image-preview:large, max-video-preview:-1\" \/>\n<link rel=\"canonical\" href=\"https:\/\/www.jazzzeitung.de\/cms\/2025\/08\/die-superschmale-jazz-radiowoche-vom-01-09-2025-bis-07-09-2025\/\" \/>\n<meta property=\"og:locale\" content=\"de_DE\" \/>\n<meta property=\"og:type\" content=\"article\" \/>\n<meta property=\"og:title\" content=\"Die superschmale Jazz-Radiowoche vom 01.09.2025 bis 07.09.2025 - JazzZeitung\" \/>\n<meta property=\"og:description\" content=\"Jazz im Radio \u2013 Jeden Sonntag gibt es um 12 Uhr unsere \u00dcbersicht f\u00fcr die jeweils nachfolgende Woche. Die #Jazz-Radiowoche vom 25.08. bis zum 31.08.2025. Erheblich d\u00fcnn! Auch als PDF zum Download \u2013 #Jazz #JazzZeitung #Radio #Radiowoche \u2013 Ein Service unserer Online-Redaktion.\" \/>\n<meta property=\"og:url\" content=\"https:\/\/www.jazzzeitung.de\/cms\/2025\/08\/die-superschmale-jazz-radiowoche-vom-01-09-2025-bis-07-09-2025\/\" \/>\n<meta property=\"og:site_name\" content=\"JazzZeitung\" \/>\n<meta property=\"article:publisher\" content=\"https:\/\/www.facebook.com\/JazzZeitung\/\" \/>\n<meta property=\"article:author\" content=\"https:\/\/www.facebook.com\/hufner\" \/>\n<meta property=\"article:published_time\" content=\"2025-08-31T10:00:17+00:00\" \/>\n<meta property=\"og:image\" content=\"https:\/\/i0.wp.com\/www.jazzzeitung.de\/cms\/wp-content\/uploads\/2025\/08\/matrix2023.jpg?fit=1440%2C1800&ssl=1\" \/>\n\t<meta property=\"og:image:width\" content=\"1440\" \/>\n\t<meta property=\"og:image:height\" content=\"1800\" \/>\n\t<meta property=\"og:image:type\" content=\"image\/jpeg\" \/>\n<meta name=\"author\" content=\"Martin Hufner\" \/>\n<script type=\"application\/ld+json\" class=\"yoast-schema-graph\">{\"@context\":\"https:\\\/\\\/schema.org\",\"@graph\":[{\"@type\":\"Article\",\"@id\":\"https:\\\/\\\/www.jazzzeitung.de\\\/cms\\\/2025\\\/08\\\/die-superschmale-jazz-radiowoche-vom-01-09-2025-bis-07-09-2025\\\/#article\",\"isPartOf\":{\"@id\":\"https:\\\/\\\/www.jazzzeitung.de\\\/cms\\\/2025\\\/08\\\/die-superschmale-jazz-radiowoche-vom-01-09-2025-bis-07-09-2025\\\/\"},\"author\":{\"name\":\"Martin Hufner\",\"@id\":\"https:\\\/\\\/www.jazzzeitung.de\\\/cms\\\/#\\\/schema\\\/person\\\/b9a4e5ac765d94fb8f617bfa8f1fc5f7\"},\"headline\":\"Die superschmale Jazz-Radiowoche vom 01.09.2025 bis 07.09.2025\",\"datePublished\":\"2025-08-31T10:00:17+00:00\",\"mainEntityOfPage\":{\"@id\":\"https:\\\/\\\/www.jazzzeitung.de\\\/cms\\\/2025\\\/08\\\/die-superschmale-jazz-radiowoche-vom-01-09-2025-bis-07-09-2025\\\/\"},\"wordCount\":1802,\"commentCount\":0,\"publisher\":{\"@id\":\"https:\\\/\\\/www.jazzzeitung.de\\\/cms\\\/#organization\"},\"image\":{\"@id\":\"https:\\\/\\\/www.jazzzeitung.de\\\/cms\\\/2025\\\/08\\\/die-superschmale-jazz-radiowoche-vom-01-09-2025-bis-07-09-2025\\\/#primaryimage\"},\"thumbnailUrl\":\"https:\\\/\\\/i0.wp.com\\\/www.jazzzeitung.de\\\/cms\\\/wp-content\\\/uploads\\\/2025\\\/08\\\/matrix2023.jpg?fit=1440%2C1800&ssl=1\",\"keywords\":[\"Die Radiowoche\",\"Jazz im Radio\"],\"articleSection\":[\"News\",\"Radio\"],\"inLanguage\":\"de\",\"potentialAction\":[{\"@type\":\"CommentAction\",\"name\":\"Comment\",\"target\":[\"https:\\\/\\\/www.jazzzeitung.de\\\/cms\\\/2025\\\/08\\\/die-superschmale-jazz-radiowoche-vom-01-09-2025-bis-07-09-2025\\\/#respond\"]}]},{\"@type\":\"WebPage\",\"@id\":\"https:\\\/\\\/www.jazzzeitung.de\\\/cms\\\/2025\\\/08\\\/die-superschmale-jazz-radiowoche-vom-01-09-2025-bis-07-09-2025\\\/\",\"url\":\"https:\\\/\\\/www.jazzzeitung.de\\\/cms\\\/2025\\\/08\\\/die-superschmale-jazz-radiowoche-vom-01-09-2025-bis-07-09-2025\\\/\",\"name\":\"Die superschmale Jazz-Radiowoche vom 01.09.2025 bis 07.09.2025 - JazzZeitung\",\"isPartOf\":{\"@id\":\"https:\\\/\\\/www.jazzzeitung.de\\\/cms\\\/#website\"},\"primaryImageOfPage\":{\"@id\":\"https:\\\/\\\/www.jazzzeitung.de\\\/cms\\\/2025\\\/08\\\/die-superschmale-jazz-radiowoche-vom-01-09-2025-bis-07-09-2025\\\/#primaryimage\"},\"image\":{\"@id\":\"https:\\\/\\\/www.jazzzeitung.de\\\/cms\\\/2025\\\/08\\\/die-superschmale-jazz-radiowoche-vom-01-09-2025-bis-07-09-2025\\\/#primaryimage\"},\"thumbnailUrl\":\"https:\\\/\\\/i0.wp.com\\\/www.jazzzeitung.de\\\/cms\\\/wp-content\\\/uploads\\\/2025\\\/08\\\/matrix2023.jpg?fit=1440%2C1800&ssl=1\",\"datePublished\":\"2025-08-31T10:00:17+00:00\",\"breadcrumb\":{\"@id\":\"https:\\\/\\\/www.jazzzeitung.de\\\/cms\\\/2025\\\/08\\\/die-superschmale-jazz-radiowoche-vom-01-09-2025-bis-07-09-2025\\\/#breadcrumb\"},\"inLanguage\":\"de\",\"potentialAction\":[{\"@type\":\"ReadAction\",\"target\":[\"https:\\\/\\\/www.jazzzeitung.de\\\/cms\\\/2025\\\/08\\\/die-superschmale-jazz-radiowoche-vom-01-09-2025-bis-07-09-2025\\\/\"]}]},{\"@type\":\"ImageObject\",\"inLanguage\":\"de\",\"@id\":\"https:\\\/\\\/www.jazzzeitung.de\\\/cms\\\/2025\\\/08\\\/die-superschmale-jazz-radiowoche-vom-01-09-2025-bis-07-09-2025\\\/#primaryimage\",\"url\":\"https:\\\/\\\/i0.wp.com\\\/www.jazzzeitung.de\\\/cms\\\/wp-content\\\/uploads\\\/2025\\\/08\\\/matrix2023.jpg?fit=1440%2C1800&ssl=1\",\"contentUrl\":\"https:\\\/\\\/i0.wp.com\\\/www.jazzzeitung.de\\\/cms\\\/wp-content\\\/uploads\\\/2025\\\/08\\\/matrix2023.jpg?fit=1440%2C1800&ssl=1\",\"width\":1440,\"height\":1800,\"caption\":\"In der Matrix. Foto: Hufner\"},{\"@type\":\"BreadcrumbList\",\"@id\":\"https:\\\/\\\/www.jazzzeitung.de\\\/cms\\\/2025\\\/08\\\/die-superschmale-jazz-radiowoche-vom-01-09-2025-bis-07-09-2025\\\/#breadcrumb\",\"itemListElement\":[{\"@type\":\"ListItem\",\"position\":1,\"name\":\"Startseite\",\"item\":\"https:\\\/\\\/www.jazzzeitung.de\\\/cms\\\/\"},{\"@type\":\"ListItem\",\"position\":2,\"name\":\"Die superschmale Jazz-Radiowoche vom 01.09.2025 bis 07.09.2025\"}]},{\"@type\":\"WebSite\",\"@id\":\"https:\\\/\\\/www.jazzzeitung.de\\\/cms\\\/#website\",\"url\":\"https:\\\/\\\/www.jazzzeitung.de\\\/cms\\\/\",\"name\":\"JazzZeitung\",\"description\":\"Jazz-News und Jazz-Kontroverses\",\"publisher\":{\"@id\":\"https:\\\/\\\/www.jazzzeitung.de\\\/cms\\\/#organization\"},\"potentialAction\":[{\"@type\":\"SearchAction\",\"target\":{\"@type\":\"EntryPoint\",\"urlTemplate\":\"https:\\\/\\\/www.jazzzeitung.de\\\/cms\\\/?s={search_term_string}\"},\"query-input\":{\"@type\":\"PropertyValueSpecification\",\"valueRequired\":true,\"valueName\":\"search_term_string\"}}],\"inLanguage\":\"de\"},{\"@type\":\"Organization\",\"@id\":\"https:\\\/\\\/www.jazzzeitung.de\\\/cms\\\/#organization\",\"name\":\"JazzZeitung online\",\"url\":\"https:\\\/\\\/www.jazzzeitung.de\\\/cms\\\/\",\"logo\":{\"@type\":\"ImageObject\",\"inLanguage\":\"de\",\"@id\":\"https:\\\/\\\/www.jazzzeitung.de\\\/cms\\\/#\\\/schema\\\/logo\\\/image\\\/\",\"url\":\"https:\\\/\\\/i0.wp.com\\\/www.jazzzeitung.de\\\/cms\\\/wp-content\\\/uploads\\\/2015\\\/08\\\/JAZZZEITUNGDE_Logo_Neu.png?fit=499%2C200&ssl=1\",\"contentUrl\":\"https:\\\/\\\/i0.wp.com\\\/www.jazzzeitung.de\\\/cms\\\/wp-content\\\/uploads\\\/2015\\\/08\\\/JAZZZEITUNGDE_Logo_Neu.png?fit=499%2C200&ssl=1\",\"width\":499,\"height\":200,\"caption\":\"JazzZeitung online\"},\"image\":{\"@id\":\"https:\\\/\\\/www.jazzzeitung.de\\\/cms\\\/#\\\/schema\\\/logo\\\/image\\\/\"},\"sameAs\":[\"https:\\\/\\\/www.facebook.com\\\/JazzZeitung\\\/\"]},{\"@type\":\"Person\",\"@id\":\"https:\\\/\\\/www.jazzzeitung.de\\\/cms\\\/#\\\/schema\\\/person\\\/b9a4e5ac765d94fb8f617bfa8f1fc5f7\",\"name\":\"Martin Hufner\",\"image\":{\"@type\":\"ImageObject\",\"inLanguage\":\"de\",\"@id\":\"https:\\\/\\\/i0.wp.com\\\/www.jazzzeitung.de\\\/cms\\\/wp-content\\\/uploads\\\/2013\\\/07\\\/huf-06.jpg?resize=96%2C96&ssl=15fcc31aa94540751a3b804516452be00\",\"url\":\"https:\\\/\\\/i0.wp.com\\\/www.jazzzeitung.de\\\/cms\\\/wp-content\\\/uploads\\\/2013\\\/07\\\/huf-06.jpg?resize=96%2C96&ssl=1\",\"contentUrl\":\"https:\\\/\\\/i0.wp.com\\\/www.jazzzeitung.de\\\/cms\\\/wp-content\\\/uploads\\\/2013\\\/07\\\/huf-06.jpg?resize=96%2C96&ssl=1\",\"caption\":\"Martin Hufner\"},\"description\":\"Martin Hufner ist freier Autor der JazzZeitung.\",\"sameAs\":[\"https:\\\/\\\/www.kritische-masse.de\\\/logbuch\",\"https:\\\/\\\/www.facebook.com\\\/hufner\"],\"url\":\"https:\\\/\\\/www.jazzzeitung.de\\\/cms\\\/author\\\/admin\\\/\"}]}<\/script>\n<!-- \/ Yoast SEO plugin. -->","yoast_head_json":{"title":"Die superschmale Jazz-Radiowoche vom 01.09.2025 bis 07.09.2025 - JazzZeitung","robots":{"index":"index","follow":"follow","max-snippet":"max-snippet:-1","max-image-preview":"max-image-preview:large","max-video-preview":"max-video-preview:-1"},"canonical":"https:\/\/www.jazzzeitung.de\/cms\/2025\/08\/die-superschmale-jazz-radiowoche-vom-01-09-2025-bis-07-09-2025\/","og_locale":"de_DE","og_type":"article","og_title":"Die superschmale Jazz-Radiowoche vom 01.09.2025 bis 07.09.2025 - JazzZeitung","og_description":"Jazz im Radio \u2013 Jeden Sonntag gibt es um 12 Uhr unsere \u00dcbersicht f\u00fcr die jeweils nachfolgende Woche. Die #Jazz-Radiowoche vom 25.08. bis zum 31.08.2025. Erheblich d\u00fcnn! Auch als PDF zum Download \u2013 #Jazz #JazzZeitung #Radio #Radiowoche \u2013 Ein Service unserer Online-Redaktion.","og_url":"https:\/\/www.jazzzeitung.de\/cms\/2025\/08\/die-superschmale-jazz-radiowoche-vom-01-09-2025-bis-07-09-2025\/","og_site_name":"JazzZeitung","article_publisher":"https:\/\/www.facebook.com\/JazzZeitung\/","article_author":"https:\/\/www.facebook.com\/hufner","article_published_time":"2025-08-31T10:00:17+00:00","og_image":[{"width":1440,"height":1800,"url":"https:\/\/i0.wp.com\/www.jazzzeitung.de\/cms\/wp-content\/uploads\/2025\/08\/matrix2023.jpg?fit=1440%2C1800&ssl=1","type":"image\/jpeg"}],"author":"Martin Hufner","schema":{"@context":"https:\/\/schema.org","@graph":[{"@type":"Article","@id":"https:\/\/www.jazzzeitung.de\/cms\/2025\/08\/die-superschmale-jazz-radiowoche-vom-01-09-2025-bis-07-09-2025\/#article","isPartOf":{"@id":"https:\/\/www.jazzzeitung.de\/cms\/2025\/08\/die-superschmale-jazz-radiowoche-vom-01-09-2025-bis-07-09-2025\/"},"author":{"name":"Martin Hufner","@id":"https:\/\/www.jazzzeitung.de\/cms\/#\/schema\/person\/b9a4e5ac765d94fb8f617bfa8f1fc5f7"},"headline":"Die superschmale Jazz-Radiowoche vom 01.09.2025 bis 07.09.2025","datePublished":"2025-08-31T10:00:17+00:00","mainEntityOfPage":{"@id":"https:\/\/www.jazzzeitung.de\/cms\/2025\/08\/die-superschmale-jazz-radiowoche-vom-01-09-2025-bis-07-09-2025\/"},"wordCount":1802,"commentCount":0,"publisher":{"@id":"https:\/\/www.jazzzeitung.de\/cms\/#organization"},"image":{"@id":"https:\/\/www.jazzzeitung.de\/cms\/2025\/08\/die-superschmale-jazz-radiowoche-vom-01-09-2025-bis-07-09-2025\/#primaryimage"},"thumbnailUrl":"https:\/\/i0.wp.com\/www.jazzzeitung.de\/cms\/wp-content\/uploads\/2025\/08\/matrix2023.jpg?fit=1440%2C1800&ssl=1","keywords":["Die Radiowoche","Jazz im Radio"],"articleSection":["News","Radio"],"inLanguage":"de","potentialAction":[{"@type":"CommentAction","name":"Comment","target":["https:\/\/www.jazzzeitung.de\/cms\/2025\/08\/die-superschmale-jazz-radiowoche-vom-01-09-2025-bis-07-09-2025\/#respond"]}]},{"@type":"WebPage","@id":"https:\/\/www.jazzzeitung.de\/cms\/2025\/08\/die-superschmale-jazz-radiowoche-vom-01-09-2025-bis-07-09-2025\/","url":"https:\/\/www.jazzzeitung.de\/cms\/2025\/08\/die-superschmale-jazz-radiowoche-vom-01-09-2025-bis-07-09-2025\/","name":"Die superschmale Jazz-Radiowoche vom 01.09.2025 bis 07.09.2025 - JazzZeitung","isPartOf":{"@id":"https:\/\/www.jazzzeitung.de\/cms\/#website"},"primaryImageOfPage":{"@id":"https:\/\/www.jazzzeitung.de\/cms\/2025\/08\/die-superschmale-jazz-radiowoche-vom-01-09-2025-bis-07-09-2025\/#primaryimage"},"image":{"@id":"https:\/\/www.jazzzeitung.de\/cms\/2025\/08\/die-superschmale-jazz-radiowoche-vom-01-09-2025-bis-07-09-2025\/#primaryimage"},"thumbnailUrl":"https:\/\/i0.wp.com\/www.jazzzeitung.de\/cms\/wp-content\/uploads\/2025\/08\/matrix2023.jpg?fit=1440%2C1800&ssl=1","datePublished":"2025-08-31T10:00:17+00:00","breadcrumb":{"@id":"https:\/\/www.jazzzeitung.de\/cms\/2025\/08\/die-superschmale-jazz-radiowoche-vom-01-09-2025-bis-07-09-2025\/#breadcrumb"},"inLanguage":"de","potentialAction":[{"@type":"ReadAction","target":["https:\/\/www.jazzzeitung.de\/cms\/2025\/08\/die-superschmale-jazz-radiowoche-vom-01-09-2025-bis-07-09-2025\/"]}]},{"@type":"ImageObject","inLanguage":"de","@id":"https:\/\/www.jazzzeitung.de\/cms\/2025\/08\/die-superschmale-jazz-radiowoche-vom-01-09-2025-bis-07-09-2025\/#primaryimage","url":"https:\/\/i0.wp.com\/www.jazzzeitung.de\/cms\/wp-content\/uploads\/2025\/08\/matrix2023.jpg?fit=1440%2C1800&ssl=1","contentUrl":"https:\/\/i0.wp.com\/www.jazzzeitung.de\/cms\/wp-content\/uploads\/2025\/08\/matrix2023.jpg?fit=1440%2C1800&ssl=1","width":1440,"height":1800,"caption":"In der Matrix. Foto: Hufner"},{"@type":"BreadcrumbList","@id":"https:\/\/www.jazzzeitung.de\/cms\/2025\/08\/die-superschmale-jazz-radiowoche-vom-01-09-2025-bis-07-09-2025\/#breadcrumb","itemListElement":[{"@type":"ListItem","position":1,"name":"Startseite","item":"https:\/\/www.jazzzeitung.de\/cms\/"},{"@type":"ListItem","position":2,"name":"Die superschmale Jazz-Radiowoche vom 01.09.2025 bis 07.09.2025"}]},{"@type":"WebSite","@id":"https:\/\/www.jazzzeitung.de\/cms\/#website","url":"https:\/\/www.jazzzeitung.de\/cms\/","name":"JazzZeitung","description":"Jazz-News und Jazz-Kontroverses","publisher":{"@id":"https:\/\/www.jazzzeitung.de\/cms\/#organization"},"potentialAction":[{"@type":"SearchAction","target":{"@type":"EntryPoint","urlTemplate":"https:\/\/www.jazzzeitung.de\/cms\/?s={search_term_string}"},"query-input":{"@type":"PropertyValueSpecification","valueRequired":true,"valueName":"search_term_string"}}],"inLanguage":"de"},{"@type":"Organization","@id":"https:\/\/www.jazzzeitung.de\/cms\/#organization","name":"JazzZeitung online","url":"https:\/\/www.jazzzeitung.de\/cms\/","logo":{"@type":"ImageObject","inLanguage":"de","@id":"https:\/\/www.jazzzeitung.de\/cms\/#\/schema\/logo\/image\/","url":"https:\/\/i0.wp.com\/www.jazzzeitung.de\/cms\/wp-content\/uploads\/2015\/08\/JAZZZEITUNGDE_Logo_Neu.png?fit=499%2C200&ssl=1","contentUrl":"https:\/\/i0.wp.com\/www.jazzzeitung.de\/cms\/wp-content\/uploads\/2015\/08\/JAZZZEITUNGDE_Logo_Neu.png?fit=499%2C200&ssl=1","width":499,"height":200,"caption":"JazzZeitung online"},"image":{"@id":"https:\/\/www.jazzzeitung.de\/cms\/#\/schema\/logo\/image\/"},"sameAs":["https:\/\/www.facebook.com\/JazzZeitung\/"]},{"@type":"Person","@id":"https:\/\/www.jazzzeitung.de\/cms\/#\/schema\/person\/b9a4e5ac765d94fb8f617bfa8f1fc5f7","name":"Martin Hufner","image":{"@type":"ImageObject","inLanguage":"de","@id":"https:\/\/i0.wp.com\/www.jazzzeitung.de\/cms\/wp-content\/uploads\/2013\/07\/huf-06.jpg?resize=96%2C96&ssl=15fcc31aa94540751a3b804516452be00","url":"https:\/\/i0.wp.com\/www.jazzzeitung.de\/cms\/wp-content\/uploads\/2013\/07\/huf-06.jpg?resize=96%2C96&ssl=1","contentUrl":"https:\/\/i0.wp.com\/www.jazzzeitung.de\/cms\/wp-content\/uploads\/2013\/07\/huf-06.jpg?resize=96%2C96&ssl=1","caption":"Martin Hufner"},"description":"Martin Hufner ist freier Autor der JazzZeitung.","sameAs":["https:\/\/www.kritische-masse.de\/logbuch","https:\/\/www.facebook.com\/hufner"],"url":"https:\/\/www.jazzzeitung.de\/cms\/author\/admin\/"}]}},"wp-worthy-pixel":{"ignored":true,"public":null,"server":null,"url":null},"wp-worthy-type":"normal","jetpack_publicize_connections":[],"cc_featured_image_caption":{"caption_text":"In der Matrix.","source_text":"Foto: Hufner","source_url":"https:\/\/www.kritische-masse.de"},"jetpack_featured_media_url":"https:\/\/i0.wp.com\/www.jazzzeitung.de\/cms\/wp-content\/uploads\/2025\/08\/matrix2023.jpg?fit=1440%2C1800&ssl=1","jetpack_shortlink":"https:\/\/wp.me\/p3KEcT-8AS","jetpack-related-posts":[{"id":31928,"url":"https:\/\/www.jazzzeitung.de\/cms\/2024\/11\/die-geschmolzene-jazz-radiowoche-vom-25-11-2024-bis-01-12-2024\/","url_meta":{"origin":33038,"position":0},"title":"Die geschmolzene Jazz-Radiowoche vom 25.11.2024 bis 01.12.2024","author":"Martin Hufner","date":"24. November 2024","format":false,"excerpt":"Jazz im Radio \u2013 Jeden Sonntag gibt es um 12 Uhr unsere \u00dcbersicht f\u00fcr die jeweils nachfolgende Woche. Die #Jazz-Radiowoche vom 25. November bis zum 1. Dezember 2024. Erheblich ausged\u00fcnnt. Die ARD schafft ihr Radio gewisserma\u00dfen ab. Auch als PDF zum Download \u2013 #Jazz #JazzZeitung #Radio #Radiowoche \u2013 Ein Service\u2026","rel":"","context":"In &quot;News&quot;","block_context":{"text":"News","link":"https:\/\/www.jazzzeitung.de\/cms\/thema\/nachrichten\/"},"img":{"alt_text":"zugfahrt 2023 1. MH","src":"https:\/\/i0.wp.com\/www.jazzzeitung.de\/cms\/wp-content\/uploads\/2024\/11\/zugfahrt2023-1.-MH.jpg?fit=1200%2C900&ssl=1&resize=350%2C200","width":350,"height":200,"srcset":"https:\/\/i0.wp.com\/www.jazzzeitung.de\/cms\/wp-content\/uploads\/2024\/11\/zugfahrt2023-1.-MH.jpg?fit=1200%2C900&ssl=1&resize=350%2C200 1x, https:\/\/i0.wp.com\/www.jazzzeitung.de\/cms\/wp-content\/uploads\/2024\/11\/zugfahrt2023-1.-MH.jpg?fit=1200%2C900&ssl=1&resize=525%2C300 1.5x, https:\/\/i0.wp.com\/www.jazzzeitung.de\/cms\/wp-content\/uploads\/2024\/11\/zugfahrt2023-1.-MH.jpg?fit=1200%2C900&ssl=1&resize=700%2C400 2x, https:\/\/i0.wp.com\/www.jazzzeitung.de\/cms\/wp-content\/uploads\/2024\/11\/zugfahrt2023-1.-MH.jpg?fit=1200%2C900&ssl=1&resize=1050%2C600 3x"},"classes":[]},{"id":33138,"url":"https:\/\/www.jazzzeitung.de\/cms\/2025\/09\/die-atomgrosse-jazz-radiowoche-vom-29-09-2025-bis-05-10-2025\/","url_meta":{"origin":33038,"position":1},"title":"Die atomgro\u00dfe Jazz-Radiowoche vom 29.09.2025 bis 05.10.2025","author":"Martin Hufner","date":"28. September 2025","format":false,"excerpt":"Jazz im Radio \u2013 Jeden Sonntag gibt es um 12 Uhr unsere \u00dcbersicht f\u00fcr die jeweils nachfolgende Woche. Die #Jazz-Radiowoche vom 29.09. bis zum 05.10.2025. Erheblich d\u00fcnn! Auch als PDF zum Download \u2013 #Jazz #JazzZeitung #Radio #Radiowoche \u2013 Ein Service unserer Online-Redaktion.","rel":"","context":"In &quot;News&quot;","block_context":{"text":"News","link":"https:\/\/www.jazzzeitung.de\/cms\/thema\/nachrichten\/"},"img":{"alt_text":"Botanische Supernova mit schwarzem Loch in der Na\u0308he von Terra Nova. Foto: Hufner","src":"https:\/\/i0.wp.com\/www.jazzzeitung.de\/cms\/wp-content\/uploads\/2025\/09\/Botanische-Supernova-mit-schwarzem-Loch-in-der-Naehe-von-Terra-Nova.jpg?fit=1200%2C900&ssl=1&resize=350%2C200","width":350,"height":200,"srcset":"https:\/\/i0.wp.com\/www.jazzzeitung.de\/cms\/wp-content\/uploads\/2025\/09\/Botanische-Supernova-mit-schwarzem-Loch-in-der-Naehe-von-Terra-Nova.jpg?fit=1200%2C900&ssl=1&resize=350%2C200 1x, https:\/\/i0.wp.com\/www.jazzzeitung.de\/cms\/wp-content\/uploads\/2025\/09\/Botanische-Supernova-mit-schwarzem-Loch-in-der-Naehe-von-Terra-Nova.jpg?fit=1200%2C900&ssl=1&resize=525%2C300 1.5x, https:\/\/i0.wp.com\/www.jazzzeitung.de\/cms\/wp-content\/uploads\/2025\/09\/Botanische-Supernova-mit-schwarzem-Loch-in-der-Naehe-von-Terra-Nova.jpg?fit=1200%2C900&ssl=1&resize=700%2C400 2x, https:\/\/i0.wp.com\/www.jazzzeitung.de\/cms\/wp-content\/uploads\/2025\/09\/Botanische-Supernova-mit-schwarzem-Loch-in-der-Naehe-von-Terra-Nova.jpg?fit=1200%2C900&ssl=1&resize=1050%2C600 3x"},"classes":[]},{"id":32452,"url":"https:\/\/www.jazzzeitung.de\/cms\/2025\/04\/die-eingeschmolzene-jazz-radiowoche-vom-21-04-2025-bis-27-04-2025\/","url_meta":{"origin":33038,"position":2},"title":"Die eingeschmolzene Jazz-Radiowoche vom 21.04.2025 bis 27.04.2025","author":"Martin Hufner","date":"20. April 2025","format":false,"excerpt":"Jazz im Radio \u2013 Jeden Sonntag gibt es um 12 Uhr unsere \u00dcbersicht f\u00fcr die jeweils nachfolgende Woche. Die #Jazz-Radiowoche vom 21. bis 27. April 2025. Erheblich ausged\u00fcnnt. Auch als PDF zum Download \u2013 #Jazz #JazzZeitung #Radio #Radiowoche \u2013 Ein Service unserer Online-Redaktion.","rel":"","context":"In &quot;News&quot;","block_context":{"text":"News","link":"https:\/\/www.jazzzeitung.de\/cms\/thema\/nachrichten\/"},"img":{"alt_text":"Kn\u00f6pfe. Foto: Hufner","src":"https:\/\/i0.wp.com\/www.jazzzeitung.de\/cms\/wp-content\/uploads\/2025\/04\/knoepfe.jpg?fit=1200%2C900&ssl=1&resize=350%2C200","width":350,"height":200,"srcset":"https:\/\/i0.wp.com\/www.jazzzeitung.de\/cms\/wp-content\/uploads\/2025\/04\/knoepfe.jpg?fit=1200%2C900&ssl=1&resize=350%2C200 1x, https:\/\/i0.wp.com\/www.jazzzeitung.de\/cms\/wp-content\/uploads\/2025\/04\/knoepfe.jpg?fit=1200%2C900&ssl=1&resize=525%2C300 1.5x, https:\/\/i0.wp.com\/www.jazzzeitung.de\/cms\/wp-content\/uploads\/2025\/04\/knoepfe.jpg?fit=1200%2C900&ssl=1&resize=700%2C400 2x, https:\/\/i0.wp.com\/www.jazzzeitung.de\/cms\/wp-content\/uploads\/2025\/04\/knoepfe.jpg?fit=1200%2C900&ssl=1&resize=1050%2C600 3x"},"classes":[]},{"id":33293,"url":"https:\/\/www.jazzzeitung.de\/cms\/2025\/11\/die-quarksminimale-jazz-radiowoche-vom-03-11-2025-bis-09-11-2025\/","url_meta":{"origin":33038,"position":3},"title":"Die quarksminimale Jazz-Radiowoche vom 03.11.2025 bis 09.11.2025","author":"Martin Hufner","date":"2. November 2025","format":false,"excerpt":"Jazz im Radio \u2013 Jeden Sonntag gibt es um 12 Uhr unsere \u00dcbersicht f\u00fcr die jeweils nachfolgende Woche. Die #Jazz-Radiowoche vom 03.11. bis zum 09.11.2025. Erheblich d\u00fcnn! Auch als PDF zum Download \u2013 #Jazz #JazzZeitung #Radio #Radiowoche \u2013 Ein Service unserer Online-Redaktion.","rel":"","context":"In &quot;News&quot;","block_context":{"text":"News","link":"https:\/\/www.jazzzeitung.de\/cms\/thema\/nachrichten\/"},"img":{"alt_text":"Holzstapel. Foto: Hufner","src":"https:\/\/i0.wp.com\/www.jazzzeitung.de\/cms\/wp-content\/uploads\/2025\/10\/Wie-viel.jpg?fit=1200%2C900&ssl=1&resize=350%2C200","width":350,"height":200,"srcset":"https:\/\/i0.wp.com\/www.jazzzeitung.de\/cms\/wp-content\/uploads\/2025\/10\/Wie-viel.jpg?fit=1200%2C900&ssl=1&resize=350%2C200 1x, https:\/\/i0.wp.com\/www.jazzzeitung.de\/cms\/wp-content\/uploads\/2025\/10\/Wie-viel.jpg?fit=1200%2C900&ssl=1&resize=525%2C300 1.5x, https:\/\/i0.wp.com\/www.jazzzeitung.de\/cms\/wp-content\/uploads\/2025\/10\/Wie-viel.jpg?fit=1200%2C900&ssl=1&resize=700%2C400 2x, https:\/\/i0.wp.com\/www.jazzzeitung.de\/cms\/wp-content\/uploads\/2025\/10\/Wie-viel.jpg?fit=1200%2C900&ssl=1&resize=1050%2C600 3x"},"classes":[]},{"id":33149,"url":"https:\/\/www.jazzzeitung.de\/cms\/2025\/10\/die-protonenfette-jazz-radiowoche-vom-06-10-2025-bis-12-10-2025-2\/","url_meta":{"origin":33038,"position":4},"title":"Die atomgro\u00dfe Jazz-Radiowoche vom 06.10.2025 bis 12.10.2025","author":"Martin Hufner","date":"5. Oktober 2025","format":false,"excerpt":"Jazz im Radio \u2013 Jeden Sonntag gibt es um 12 Uhr unsere \u00dcbersicht f\u00fcr die jeweils nachfolgende Woche. Die #Jazz-Radiowoche vom 06.10. bis zum 12.10.2025. Erheblich d\u00fcnn! Auch als PDF zum Download \u2013 #Jazz #JazzZeitung #Radio #Radiowoche \u2013 Ein Service unserer Online-Redaktion.","rel":"","context":"In &quot;News&quot;","block_context":{"text":"News","link":"https:\/\/www.jazzzeitung.de\/cms\/thema\/nachrichten\/"},"img":{"alt_text":"Im G\u00e4stezimmer des Lebens. Foto: Hufner","src":"https:\/\/i0.wp.com\/www.jazzzeitung.de\/cms\/wp-content\/uploads\/2025\/10\/gaestezimmer.jpg?fit=960%2C1200&ssl=1&resize=350%2C200","width":350,"height":200,"srcset":"https:\/\/i0.wp.com\/www.jazzzeitung.de\/cms\/wp-content\/uploads\/2025\/10\/gaestezimmer.jpg?fit=960%2C1200&ssl=1&resize=350%2C200 1x, https:\/\/i0.wp.com\/www.jazzzeitung.de\/cms\/wp-content\/uploads\/2025\/10\/gaestezimmer.jpg?fit=960%2C1200&ssl=1&resize=525%2C300 1.5x, https:\/\/i0.wp.com\/www.jazzzeitung.de\/cms\/wp-content\/uploads\/2025\/10\/gaestezimmer.jpg?fit=960%2C1200&ssl=1&resize=700%2C400 2x"},"classes":[]},{"id":32215,"url":"https:\/\/www.jazzzeitung.de\/cms\/2025\/02\/die-eingeschmolzene-jazz-radiowoche-vom-17-02-2025-bis-23-02-2025\/","url_meta":{"origin":33038,"position":5},"title":"Die eingeschmolzene Jazz-Radiowoche vom 17.02.2025 bis 23.02.2025","author":"Martin Hufner","date":"16. Februar 2025","format":false,"excerpt":"Jazz im Radio \u2013 Jeden Sonntag gibt es um 12 Uhr unsere \u00dcbersicht f\u00fcr die jeweils nachfolgende Woche. Die #Jazz-Radiowoche vom 10. bis 16. Februar 2025. Erheblich ausged\u00fcnnt. Die ARD schafft ihr Radio gewisserma\u00dfen ab. Auch als PDF zum Download \u2013 #Jazz #JazzZeitung #Radio #Radiowoche \u2013 Ein Service unserer Online-Redaktion.","rel":"","context":"In &quot;News&quot;","block_context":{"text":"News","link":"https:\/\/www.jazzzeitung.de\/cms\/thema\/nachrichten\/"},"img":{"alt_text":"Kunst vorm Bau. Foto: Hufner","src":"https:\/\/i0.wp.com\/www.jazzzeitung.de\/cms\/wp-content\/uploads\/2025\/02\/kunstvormbau.jpg?fit=1080%2C939&ssl=1&resize=350%2C200","width":350,"height":200,"srcset":"https:\/\/i0.wp.com\/www.jazzzeitung.de\/cms\/wp-content\/uploads\/2025\/02\/kunstvormbau.jpg?fit=1080%2C939&ssl=1&resize=350%2C200 1x, https:\/\/i0.wp.com\/www.jazzzeitung.de\/cms\/wp-content\/uploads\/2025\/02\/kunstvormbau.jpg?fit=1080%2C939&ssl=1&resize=525%2C300 1.5x, https:\/\/i0.wp.com\/www.jazzzeitung.de\/cms\/wp-content\/uploads\/2025\/02\/kunstvormbau.jpg?fit=1080%2C939&ssl=1&resize=700%2C400 2x, https:\/\/i0.wp.com\/www.jazzzeitung.de\/cms\/wp-content\/uploads\/2025\/02\/kunstvormbau.jpg?fit=1080%2C939&ssl=1&resize=1050%2C600 3x"},"classes":[]}],"jetpack_sharing_enabled":false,"_links":{"self":[{"href":"https:\/\/www.jazzzeitung.de\/cms\/wp-json\/wp\/v2\/posts\/33038","targetHints":{"allow":["GET"]}}],"collection":[{"href":"https:\/\/www.jazzzeitung.de\/cms\/wp-json\/wp\/v2\/posts"}],"about":[{"href":"https:\/\/www.jazzzeitung.de\/cms\/wp-json\/wp\/v2\/types\/post"}],"author":[{"embeddable":true,"href":"https:\/\/www.jazzzeitung.de\/cms\/wp-json\/wp\/v2\/users\/1"}],"replies":[{"embeddable":true,"href":"https:\/\/www.jazzzeitung.de\/cms\/wp-json\/wp\/v2\/comments?post=33038"}],"version-history":[{"count":1,"href":"https:\/\/www.jazzzeitung.de\/cms\/wp-json\/wp\/v2\/posts\/33038\/revisions"}],"predecessor-version":[{"id":33040,"href":"https:\/\/www.jazzzeitung.de\/cms\/wp-json\/wp\/v2\/posts\/33038\/revisions\/33040"}],"wp:featuredmedia":[{"embeddable":true,"href":"https:\/\/www.jazzzeitung.de\/cms\/wp-json\/wp\/v2\/media\/33039"}],"wp:attachment":[{"href":"https:\/\/www.jazzzeitung.de\/cms\/wp-json\/wp\/v2\/media?parent=33038"}],"wp:term":[{"taxonomy":"category","embeddable":true,"href":"https:\/\/www.jazzzeitung.de\/cms\/wp-json\/wp\/v2\/categories?post=33038"},{"taxonomy":"post_tag","embeddable":true,"href":"https:\/\/www.jazzzeitung.de\/cms\/wp-json\/wp\/v2\/tags?post=33038"},{"taxonomy":"author","embeddable":true,"href":"https:\/\/www.jazzzeitung.de\/cms\/wp-json\/wp\/v2\/coauthors?post=33038"}],"curies":[{"name":"wp","href":"https:\/\/api.w.org\/{rel}","templated":true}]}}