{"id":33034,"date":"2025-08-24T12:00:11","date_gmt":"2025-08-24T10:00:11","guid":{"rendered":"https:\/\/www.jazzzeitung.de\/cms\/?p=33034"},"modified":"2025-08-20T12:18:07","modified_gmt":"2025-08-20T10:18:07","slug":"die-knusperschmale-jazz-radiowoche-vom-25-08-2025-bis-31-08-2025","status":"publish","type":"post","link":"https:\/\/www.jazzzeitung.de\/cms\/2025\/08\/die-knusperschmale-jazz-radiowoche-vom-25-08-2025-bis-31-08-2025\/","title":{"rendered":"Die knusperschmale Jazz-Radiowoche vom 25.08.2025 bis 31.08.2025"},"content":{"rendered":"<p class=\"western\">Die \u00dcbersicht zum <span style=\"color: #0563c1;\"><u><a href=\"https:\/\/service.conbrio.de\/service\/download\/278\/\" name=\"Download des PDF\">Download als PDF<\/a><\/u><\/span><span style=\"text-decoration: line-through;\">.<\/span> Alle Angaben ohne Gew\u00e4hr. Erg\u00e4nzt mit den tollen Sendungen zur Neuen Musik von BR-KLASSIK und \u00d61.<\/p>\n<p class=\"western\">Leider hat die ARD ihre Suchmaschine in Fragen Radio in der Zwischenzeit komplett geschreddert, nachdem sie in den vergangenen Jahren schon nicht mehr \u00fcber Schlagworte funktioniert hat. Damit sind wir nun komplett auf Zulieferungen der Sendeanstalten angewiesen. Aktuell bekommen wir Informationen von SWR Kultur, \u00d61 und in Sachen Neue Musik von BR-KLASSIK und ebenfalls \u00d61.<\/p>\n<h2 class=\"western\"><a name=\"__RefHeading___Toc532_2049876245\"><\/a><\/h2>\n<hr \/>\n<h2 class=\"western\"><a name=\"__RefHeading___Toc532_2049876245\"><\/a><a name=\"_Toc175140589\"><\/a><a name=\"_Toc174527976\"><\/a><a name=\"_Toc190257440\"><\/a><a name=\"_Toc189815284\"><\/a><a name=\"_Toc189813526\"><\/a><a name=\"_Toc188957623\"><\/a><a name=\"_Toc188530705\"><\/a><a name=\"_Toc187143015\"><\/a><a name=\"_Toc186792938\"><\/a><a name=\"_Toc185409041\"><\/a><a name=\"_Toc184290543\"><\/a><a name=\"_Toc183595478\"><\/a><a name=\"_Toc176424572\"><\/a> Senderliste:<del><\/p>\n<hr \/>\n<p><\/del><\/h2>\n<ul>\n<li><span style=\"color: #0563c1;\"><u><a href=\"https:\/\/oe1.orf.at\/\" name=\"Link zum ORF\">ORF \u2013 \u00d61<\/a><\/u><\/span><\/li>\n<li><span style=\"color: #0563c1;\"><u><a href=\"https:\/\/www.deutschlandradio.de\/\" name=\"Link zum Deutschlandfunk\">Deutschlandfunk<\/a><\/u><\/span> \u2013 \u201eFakten und mehr\u201c<\/li>\n<li><span style=\"color: #0563c1;\"><u><a href=\"https:\/\/www.deutschlandfunkkultur.de\/\" name=\"Link zu Deutschlandfunk Kultur\">Deutschlandfunk-Kultur<\/a><\/u><\/span> \u2013 \u201eDas Feuilleton im Radio\u201c<\/li>\n<li><span style=\"color: #0563c1;\"><u><a href=\"https:\/\/www.ndr.de\/ndrkultur\/\" name=\"Link zu ndr kultur\">ndr Kultur<\/a><\/u><\/span> \u2013 H\u00f6ren und genie\u00dfen<\/li>\n<li><span style=\"color: #0563c1;\"><u><a href=\"https:\/\/www.ndr.de\/ndrblue\/index.html\" name=\"Link zu ndr blue\"><span lang=\"en-US\">ndr blue<\/span><\/a><\/u><\/span><span lang=\"en-US\"> \u2013 Meet The Music<\/span><\/li>\n<li><span style=\"color: #0563c1;\"><u><a href=\"https:\/\/www.bremenzwei.de\/\" name=\"Link zu Radio Bremen\">radio bremen<\/a><\/u><\/span> \u2013 Neugier lohnt sich.<\/li>\n<li><span style=\"color: #0563c1;\"><u><a href=\"https:\/\/www.radiodrei.de\/\" name=\"Link zu Radio 3 von Berlin\">Radio 3<\/a><\/u><\/span> \u2013<\/li>\n<li><span style=\"color: #0563c1;\"><u><a href=\"https:\/\/www.mdr.de\/kultur\/radio\/index.html\" name=\"Link zu medr-kultur\">mdr-kultur<\/a><\/u><\/span> \u2013 Das Radio.<\/li>\n<li><a href=\"https:\/\/www1.wdr.de\/radio\/wdr3\/\" name=\"Link zu WDR3\"><span style=\"color: #0563c1;\"><u>W<\/u><\/span><span style=\"color: #0563c1;\"><u>DR<\/u><\/span><span style=\"color: #0563c1;\"><u>3<\/u><\/span><\/a> \u2013 Das Kulturradio<\/li>\n<li><span style=\"color: #0563c1;\"><u><a href=\"https:\/\/www.hr2.de\/index.html\" name=\"Link zu hr2-kultur\">hr2-kultur<\/a><\/u><\/span> \u2013 Das Kulturradio f\u00fcr Hessen.<\/li>\n<li><a href=\"https:\/\/www.sr.de\/sr\/sr2\/index.html\" name=\"Link zu SR2-Kulturradio\"><span style=\"color: #0563c1;\"><u>S<\/u><\/span><span style=\"color: #0563c1;\"><u>R<\/u><\/span><span style=\"color: #0563c1;\"><u>2 Kulturradio<\/u><\/span><\/a> \u2013 \u2026 gut zu h\u00f6ren.<\/li>\n<li><a href=\"https:\/\/www.swr.de\/swr2\/\" name=\"Link zu SWR Kuultur\"><span style=\"color: #0563c1;\"><u>S<\/u><\/span><span style=\"color: #0563c1;\"><u>WR<\/u><\/span><u> <\/u><\/a><span style=\"color: #0563c1;\"><u>kultur<\/u><\/span> \u2013 Kultur neu entdecken<\/li>\n<li><span style=\"color: #0563c1;\"><u><a href=\"https:\/\/www.br.de\/radio\/br-klassik\/index.html\" name=\"Link zu BR-Klassik\">BR-KLASSIK<\/a><\/u><\/span> \u2013 Klassikstars geben auf BR-KLASSIK den Ton an. Attraktive Magazine bringen Interviews und Neuigkeiten aus dem Musikleben.<\/li>\n<li><span style=\"color: #0563c1;\"><u><a href=\"https:\/\/www.br.de\/radio\/bayern2\/index.html\" name=\"Link zu Bayern2\">Bayern 2<\/a><\/u><\/span> \u2013 Preisgekr\u00f6ntes Radio f\u00fcr H\u00f6rer, die mehr wissen wollen<\/li>\n<\/ul>\n<h2 class=\"western\"><a name=\"__RefHeading___Toc534_2049876245\"><\/a><\/h2>\n<hr \/>\n<h2 class=\"western\"><a name=\"__RefHeading___Toc534_2049876245\"><\/a><a name=\"_Toc189815285\"><\/a><a name=\"_Toc189813527\"><\/a><a name=\"_Toc188957624\"><\/a><a name=\"_Toc188530706\"><\/a><a name=\"_Toc187143016\"><\/a><a name=\"_Toc186792939\"><\/a><a name=\"_Toc185409042\"><\/a><a name=\"_Toc184290544\"><\/a><a name=\"_Toc183595479\"><\/a><a name=\"_Toc176424573\"><\/a><a name=\"_Toc175140590\"><\/a><a name=\"_Toc190257441\"><\/a> Internet:<\/h2>\n<hr \/>\n<ul>\n<li>Schweden: <span style=\"color: #0563c1;\"><u><a href=\"https:\/\/sverigesradio.se\/tabla.aspx?programid=2562\" name=\"Link zu Schwedens Radio P&quot;\">P2<\/a><\/u><\/span> sendet immer Dienstags von 21:00 bis 22:00 und Sonntags von 18:40 bis 20:00 ein Jazzkonzert<\/li>\n<li>Ungarn: <span style=\"color: #0563c1;\"><u><a href=\"https:\/\/mediaklikk.hu\/bartok\/\" name=\"Link zu Bart\u00f3k-Radio\">Bartok Radio<\/a><\/u><\/span> sendet t\u00e4glich von 23:00 bis 23:55 eine Jazzsendung<\/li>\n<\/ul>\n<hr \/>\n<h2 class=\"western\">mo \u2013 25.08.2025<\/h2>\n<hr \/>\n<p class=\"western\">17:30:00 +++ \u00d61<br \/>\n<b>Musik aus allen Richtungen mit Astrid Schwarz und Rainer Elstner.<\/b><\/p>\n<p class=\"western\">19:30:00 +++ \u00d61<br \/>\n<b>S\u00e9l\u00e8ne Saint-Aim\u00e9 String Trio mit \u201eNew Orleans Creole Songs\u201c bei Glatt &amp; Verkehrt 2025<\/b><\/p>\n<p class=\"western\" style=\"padding-left: 40px;\">Kontrabassistin und S\u00e4ngerin S\u00e9l\u00e8ne Saint-Aim\u00e9 ist eine der spannenden neuen Stimmen der franz\u00f6sischen Jazzszene, was auch die Auszeichnung als \u201eEntdeckung des Jahres\u201c im Rahmen der Victoires du jazz 2021 mit dem Prix Frank T\u00e9not veranschaulicht, die sie f\u00fcr ihr Album-Deb\u00fct \u201eMare Undarum\u201c erhielt.<\/p>\n<p class=\"western\" style=\"padding-left: 40px;\">In ihrer Musik vereint Saint-Aim\u00e9 Einfl\u00fcsse aus der Karibik, aus Afrika und aus Europa. Studienaufenthalte zur Erkundung der musikalischen Traditionen der afrikanischen Diaspora f\u00fchrten sie zuletzt nach Martinique (woher ihr Vater stammt), nach Saint Louis im Senegal und New Orleans. Der Input wurde im Programm \u201eNew Orleans Creole Songs\u201c kreativ und sehr pers\u00f6nlich umgesetzt, das die junge Musikerin am 26. Juli 2025 mit ihrem String Trio mit Ma\u00eblle Desbrosses (Viola) und Bruno Ducret (Violoncello) beim Festival Glatt &amp; Verkehrt im Hof der Winzer Krems vorstellte. Zu h\u00f6ren war stiloffener Kammer-Jazz von sinnlicher Leichtigkeit, der vom Publikum mit viel Applaus aufgenommen wurde.<\/p>\n<p class=\"western\">23:03:00 +++ \u00d61<br \/>\n<b>Kompositionsprofessor Laure M. Hiendl im Portr\u00e4t \u2013 Komposition als politischer Raum. Ein Besuch am Mozarteum Salzburg bei Laure M. Hiendl<\/b><\/p>\n<p class=\"western\" style=\"padding-left: 40px;\">Laure M. Hiendl, geboren 1986, z\u00e4hlt zu einer der markanten Stimmen einer neuen Generation Komponist:innen in Europa. Als Professor:in und Leiter:in der Abteilung f\u00fcr Komposition &amp; Musiktheorie am Mozarteum Salzburg verbindet Hiendl kompositorische Praxis mit einer dezidiert politischen, theoretisch fundierten Haltung. Hiendls Arbeiten besch\u00e4ftigen sich mit den strukturellen und medialen Dynamiken der kapitalistischen Zirkulation \u2013 Digitalit\u00e4t, Beschleunigung und Entdigitalisierung \u2013 und deren \u00e4sthetischen Auswirkungen auf die Kunstmusik der Gegenwart und oszillieren zwischen Neuer Musik, Performance, Musiktheater und Installation. In den letzten Jahren ist Hiendls Ansatz formalistischer geworden, eine Neuorientierung fand statt. Davon und wie Hiendl die Rolle als Professor:in anlegt erz\u00e4hlt xier in diesem Portr\u00e4t.<\/p>\n<p class=\"western\" style=\"padding-left: 40px;\">Diese Sendung ist Teil unserer \u201eZeit-Ton\u201c-Serie zu den Unterrichtenden im Fach Komposition an \u00d6sterreichs Musikuniversit\u00e4ten. Gestaltung: Astrid Schwarz<\/p>\n<p class=\"western\">23:03 \u2013 00:00 UHR +++ SWR KULTUR<br \/>\n<b>ARD Radiofestival. Jazz: Transcendental Jazz \u2013 Br\u00fccke zum G\u00f6ttlichen<\/b><\/p>\n<p class=\"western\" style=\"padding-left: 40px;\">Von Manuela Krause. Jazzmusik als Br\u00fccke und Vermittlerin zwischen dem Irdischen und dem G\u00f6ttlichen. Der schwedische Trompeter und Komponist Tobias Wiklund zelebriert genau diese Verbindung. Auf seinem neuen Album Inner Flight Music erforscht Wiklund auf dem Kornett die menschliche Beziehung zum Universum durch konkrete Kompositionen und abstraktere Formen der kollektiven Improvisation. Seine Musik vermittelt einen utopischen Traum und eine Vision eines gesellschaftlichen spirituellen Erwachens.<\/p>\n<hr \/>\n<h2 class=\"western\">di \u2013 26.08.2025<\/h2>\n<hr \/>\n<p class=\"western\">17:30:00 +++ \u00d61<br \/>\n<b>Musik aus allen Richtungen mit Albert Hosp.<\/b><\/p>\n<p class=\"western\">23:03:00 +++ \u00d61<br \/>\n<b>Die vielgestaltige Musik von Jorge Sanchez-Chiong \u2013 Jorge Sanchez-Chiong im Zeit-Ton Portr\u00e4t<\/b><\/p>\n<p class=\"western\" style=\"padding-left: 40px;\">Wir portr\u00e4tieren in dieser und den beiden kommenden Wochen Kompositionsprofessor:innen zu einer Zeit des Generationenwechsels und von Weichenstellungen im Lehrplan an \u00d6sterreichs Musikuniversit\u00e4ten. Welche Leitbilder haben in einer Epoche Geltung, die von der gleichzeitigen Verf\u00fcgbarkeit stilistischer Schulen und Traditionen gepr\u00e4gt ist? Ist historisch fundiertes, solides Handwerk wichtiger oder ein kreativer Umgang mit den allerneuesten Klangwelten?<\/p>\n<p class=\"western\" style=\"padding-left: 40px;\">\u201eKomponist:innenkarrieren sind kaum noch ohne das Wissen um die Wechselwirkung von Musik, Medien und ihren Technologien m\u00f6glich\u201c, so ein Text zum Studienzweig \u201eMedienkomposition &amp; Angewandte Musik\u201c der mdw, der Universit\u00e4t f\u00fcr Musik und darstellende Kunst Wien. Mit Jorge Sanchez-Chiong hat die mdw seit 2022 einen Professor, der sowohl Komponist als auch Elektronikmusiker und Turntablist ist, und viel im interdisziplin\u00e4ren Bereich arbeitet, etwa gemeinsam mit der Choreographin und Performerin Brigitte Wilfing. Seine reiche Erfahrung teilte Sanchez-Chiong bereits als Gastprofessor an der Z\u00fcricher Hochschule der K\u00fcnste. Weiters ist er als Kompositionsdozent bei den Internationalen Sommerkursen f\u00fcr Neue Musik Darmstadt und Impuls Graz t\u00e4tig. Gestaltung: Susanna Niedermayr<\/p>\n<p class=\"western\">23:03 \u2013 00:00 UHR +++ SWR KULTUR<br \/>\n<b>ARD Radiofestival. Jazz: Geir&#8217;s Goodbye \u2013 Geir Lysne und die NDR Bigband<\/b><\/p>\n<p class=\"western\" style=\"padding-left: 40px;\">Von Henry Altmann. Als Geir Lysne 2015 Chef-Dirigent der NDR Bigband wurde, konnte der norwegische Komponist noch nicht ahnen, dass es eine \u00c4ra von neun reichen Jahren werden w\u00fcrde. Eine \u00c4ra, in denen er dem Ensemble neue Facetten hinzuf\u00fcgte und dessen Profil als ein f\u00fchrendes zeitgen\u00f6ssisches Jazz-Orchester sch\u00e4rfte \u2013 mit waghalsigen Produktionen, mit Wikinger-Wumms, aber auch mit detailversessener Kleinarbeit. Sein letztes Werk f\u00fcr die NDR Bigband, \u201ePolar Soundscapes\u201c, war am 25. Juni in der Elbphilharmonie Fazit und Verm\u00e4chtnis zugleich.<\/p>\n<hr \/>\n<h2 class=\"western\">mi \u2013 27.08.2025<\/h2>\n<hr \/>\n<p class=\"western\">17:30:00 +++ \u00d61<br \/>\n<b>Musik aus allen Richtungen mit Mirjam Jessa.<\/b><\/p>\n<p class=\"western\">23:03 \u2013 00:00 UHR +++ SWR KULTUR<br \/>\n<b>ARD Radiofestival. Jazz: Das Magazin: Cologne Jazzweek 2025 \u2013 eine Vorschau<\/b><\/p>\n<p class=\"western\" style=\"padding-left: 40px;\">Von Anja Buchmann. Im Jahr 2021 von der \u201eK\u00f6lner Jazzkonferenz\u201c initiiert, 2022 mit dem Deutschen Jazzpreis als Festival des Jahres ausgezeichnet, in diesem Jahr aus finanziellen Gr\u00fcnden mit nur sechs statt acht Festivaltagen. Die aber haben es in sich: Von K\u00f6lner K\u00fcnstlerinnen und K\u00fcnstlern wie Annie Bloch mit ihrem Tentett, das viele Stile in sich vereint \u00fcber das Duo Musho der schwedischen Vokalistin mit \u00e4thiopischen Wurzeln, Sofia Jernberg, und dem britischen Pianisten Alexander Hawkins bis zum Spiritual Jazz des US-Saxofonisten Isaiah Collier.<\/p>\n<figure id=\"attachment_33035\" aria-describedby=\"caption-attachment-33035\" style=\"width: 600px\" class=\"wp-caption aligncenter\"><a href=\"https:\/\/i0.wp.com\/www.jazzzeitung.de\/cms\/wp-content\/uploads\/2025\/08\/Tischdecke-im-Regen.-.jpg?ssl=1\"><img data-recalc-dims=\"1\" loading=\"lazy\" decoding=\"async\" data-attachment-id=\"33035\" data-permalink=\"https:\/\/www.jazzzeitung.de\/cms\/2025\/08\/die-knusperschmale-jazz-radiowoche-vom-25-08-2025-bis-31-08-2025\/tischdecke-im-regen\/\" data-orig-file=\"https:\/\/i0.wp.com\/www.jazzzeitung.de\/cms\/wp-content\/uploads\/2025\/08\/Tischdecke-im-Regen.-.jpg?fit=1079%2C1079&amp;ssl=1\" data-orig-size=\"1079,1079\" data-comments-opened=\"1\" data-image-meta=\"{&quot;aperture&quot;:&quot;0&quot;,&quot;credit&quot;:&quot;&quot;,&quot;camera&quot;:&quot;&quot;,&quot;caption&quot;:&quot;&quot;,&quot;created_timestamp&quot;:&quot;0&quot;,&quot;copyright&quot;:&quot;&quot;,&quot;focal_length&quot;:&quot;0&quot;,&quot;iso&quot;:&quot;0&quot;,&quot;shutter_speed&quot;:&quot;0&quot;,&quot;title&quot;:&quot;&quot;,&quot;orientation&quot;:&quot;0&quot;}\" data-image-title=\"Tischdecke im Regen. Foto: Hufner\" data-image-description=\"&lt;p&gt;Tischdecke im Regen. Foto: Hufner&lt;\/p&gt;\n\" data-image-caption=\"&lt;p&gt;Tischdecke im Regen. Foto: Hufner&lt;\/p&gt;\n\" data-large-file=\"https:\/\/i0.wp.com\/www.jazzzeitung.de\/cms\/wp-content\/uploads\/2025\/08\/Tischdecke-im-Regen.-.jpg?fit=600%2C600&amp;ssl=1\" class=\"size-large wp-image-33035\" src=\"https:\/\/i0.wp.com\/www.jazzzeitung.de\/cms\/wp-content\/uploads\/2025\/08\/Tischdecke-im-Regen.-.jpg?resize=600%2C600&#038;ssl=1\" alt=\"Tischdecke im Regen. Foto: Hufner\" width=\"600\" height=\"600\" srcset=\"https:\/\/i0.wp.com\/www.jazzzeitung.de\/cms\/wp-content\/uploads\/2025\/08\/Tischdecke-im-Regen.-.jpg?resize=600%2C600&amp;ssl=1 600w, https:\/\/i0.wp.com\/www.jazzzeitung.de\/cms\/wp-content\/uploads\/2025\/08\/Tischdecke-im-Regen.-.jpg?resize=300%2C300&amp;ssl=1 300w, https:\/\/i0.wp.com\/www.jazzzeitung.de\/cms\/wp-content\/uploads\/2025\/08\/Tischdecke-im-Regen.-.jpg?resize=150%2C150&amp;ssl=1 150w, https:\/\/i0.wp.com\/www.jazzzeitung.de\/cms\/wp-content\/uploads\/2025\/08\/Tischdecke-im-Regen.-.jpg?resize=768%2C768&amp;ssl=1 768w, https:\/\/i0.wp.com\/www.jazzzeitung.de\/cms\/wp-content\/uploads\/2025\/08\/Tischdecke-im-Regen.-.jpg?resize=24%2C24&amp;ssl=1 24w, https:\/\/i0.wp.com\/www.jazzzeitung.de\/cms\/wp-content\/uploads\/2025\/08\/Tischdecke-im-Regen.-.jpg?resize=48%2C48&amp;ssl=1 48w, https:\/\/i0.wp.com\/www.jazzzeitung.de\/cms\/wp-content\/uploads\/2025\/08\/Tischdecke-im-Regen.-.jpg?resize=96%2C96&amp;ssl=1 96w, https:\/\/i0.wp.com\/www.jazzzeitung.de\/cms\/wp-content\/uploads\/2025\/08\/Tischdecke-im-Regen.-.jpg?w=1079&amp;ssl=1 1079w\" sizes=\"auto, (max-width: 600px) 100vw, 600px\" \/><\/a><figcaption id=\"caption-attachment-33035\" class=\"wp-caption-text\">Tischdecke im Regen. Foto: Hufner<\/figcaption><\/figure>\n<hr \/>\n<h2 class=\"western\">do \u2013 28.08.2025<\/h2>\n<hr \/>\n<p class=\"western\">17:30:00 +++ \u00d61<br \/>\n<b>Musik aus allen Richtungen mit Andreas Felber.<\/b><\/p>\n<p class=\"western\">23:03 \u2013 00:00 UHR +++ SWR KULTUR<br \/>\n<b>ARD Radiofestival. Jazz: H\u00f6ren wir Gutes und reden dar\u00fcber!<\/b><\/p>\n<p class=\"western\" style=\"padding-left: 40px;\">Von Beate Sampson, Roland Spiegel und Ulrich Habersetzer. \u201eEine Sendung wie eine Insel. Drau\u00dfen herrscht hoher Seegang, aber was im Hier und Jetzt z\u00e4hlt, das sind handverlesene T\u00f6ne, die in die Ohren des Publikums tropfen\u201c. Das schrieb 2022 die Grimme-Jury in ihrer Begr\u00fcndung daf\u00fcr, dass \u201eH\u00f6ren wir Gutes und reden dar\u00fcber!\u201c den Deutschen Radiopreis als \u201eBeste Sendung\u201c erhielt. Wir nehmen Sie mit auf diese H\u00f6r-Insel! Jede und jeder stellt ein neues Jazzalbum vor, ohne den anderen vorher zu verraten, worum es sich handelt. H\u00f6ren, r\u00e4tseln und laut nachdenken \u00fcber T\u00f6ne \u2013 darum geht es bei \u201eH\u00f6ren wir Gutes\u201c. Lassen Sie sich \u00fcberraschen!<\/p>\n<hr \/>\n<h2 class=\"western\">fr \u2013 29.08.2025<\/h2>\n<hr \/>\n<p class=\"western\">14:05:00 +++ \u00d61<br \/>\n<b>Der finnische Jazztrompeter Verneri Pohjola und sein Programm \u201eMonkey Mind\u201c beim Tampere Jazz Happening 2023<\/b><\/p>\n<p class=\"western\" style=\"padding-left: 40px;\">Am 3. November 2023 war auf der B\u00fchne im historischen Tullikamarin Pakkahuone, dem Alten Zollhaus im finnischen Tampere, ein Ensemble von internationaler Strahlkraft zu Gast: Verneri Pohjola mit seinem Projekt \u201eMonkey Mind\u201c. Pohjola, der 47-j\u00e4hrige finnische Trompeter und Klangforscher, ist bekannt f\u00fcr seine dichte musikalische Sprache. Sie ist lyrisch, eruptiv, oft auch elektronisch erweitert.<\/p>\n<p class=\"western\" style=\"padding-left: 40px;\">F\u00fcr \u201eMonkey Mind\u201c hat Verneri Pohjola ein au\u00dfergew\u00f6hnliches Sextett zusammengestellt. An seiner Seite: der d\u00e4nische Bassist Jasper H\u00f8iby, der britische Pianist Kit Downes, der vielseitige Drummer Olavi Louhivuori sowie weiters Keyboarder Tuomo Pr\u00e4tt\u00e4l\u00e4 und Linda Fredriksson am Saxofon, eine der markantesten Pers\u00f6nlichkeiten der neuen finnischen Szene.<\/p>\n<p class=\"western\" style=\"padding-left: 40px;\">Der Titel \u201eMonkey Mind\u201c ist ein Begriff aus der buddhistischen Psychologie und verweist auf den rastlosen, innerlich unruhigen Geist. Und tats\u00e4chlich spannt die Musik dieses Konzerts einen Bogen von meditativen Passagen \u00fcber komplexe Grooves bis zu eruptiven Ausbr\u00fcchen. Elektronische Effekte, ausgekl\u00fcgelte Jazzharmonik und nordische Melancholie f\u00fcgen sich zu einem vielschichtigen Klangbild. Ein Konzert beim traditionsreichen Tampere Jazz Happening, das die kreative Kraft der improvisierten Musik eindrucksvoll sp\u00fcrbar macht.<\/p>\n<p class=\"western\">17:30:00 +++ \u00d61<br \/>\n<b>Musik aus allen Richtungen mit Johann Kneihs.<\/b><\/p>\n<p class=\"western\">23:03:00 +++ \u00d61<br \/>\n<b>Michael Fischer im Zeit-Ton Portrait \u2013 Saxofonist, Instant Composition Conductor, Ensemble-Leiter<\/b><\/p>\n<p class=\"western\" style=\"padding-left: 40px;\">Seit 21 Jahren leitet Michael Fischer, geboren 1963 in Wien, das renommierteste Ensemble f\u00fcr improvisierte Music in \u00d6sterreich: Das Vienna Improvisers Orchestra. Nach dem Prinzip des Instant Composition Conducting leitet er mit einem Repertoire von Gesten und Handbewegungen eine kollektive Komposition im Moment, wobei jedes Mitglied des Klangk\u00f6rpers innerhalb dieser Vorgaben eigene Klangvisionen einbringt. Die Besetzung wechselt regelm\u00e4\u00dfig, neue Sounds von neuen Mitgliedern dienen der steten Weiterentwicklung der klanglichen M\u00f6glichkeiten des VIO. Als Instrumentalist ist Michael Fischer vor allem als Saxofonist t\u00e4tig, insbesondere mit dem Feedback-Saxofon, mit dem er die Oberton-Welten dieses Instruments und dessen erweiterten Spieltechniken erkundet. Weiters hat er mit drei CD-Spielern eine eigene Form des Soundscapings entwickelt, mit der Michael Fischer vor allem in Kontext von experimenteller Literatur arbeitet, nicht zuletzt in einigen Produktionen f\u00fcr die ehemalige \u00d61 Sendereihe Kunstradio, die nun den Titel \u201eKunst zum H\u00f6ren\u201c tr\u00e4gt. Zeit-Ton hat den nach wie vor h\u00f6chst umtrieben Michael Fischer zum Gespr\u00e4ch \u00fcber den Stand der Dinge in der heimischen Improvisations-Szene getroffen und mit ihm einige wichtige Punkte seiner Diskografie Revue passieren lassen. Gestaltung: Xavier Plus<\/p>\n<p class=\"western\">23:03 \u2013 00:00 UHR +++ SWR KULTUR<br \/>\n<b>ARD Radiofestival. Jazz: Visions \u2013 Das Amina Claudine Myers Trio 1983 in Stuttgart<\/b><\/p>\n<p class=\"western\" style=\"padding-left: 40px;\">Von Konrad Bott. Sie spielt mit offenen Ohren und \u00f6ffnet dabei die Ohren anderer: Amina Claudine Myers, geboren 1942 \u2013 Pianistin, S\u00e4ngerin, Komponistin. Ungezwungen und neugierig verbindet sie seit Jahrzehnten Musikstile \u2013 ganz im Sinne des Chicagoer Kollektivs AACM, dem sie seit den 1960er Jahren angeh\u00f6rt. Dabei schimmert das kraftvolle Geflecht ihrer Blues- und Gospel-Wurzeln durch alles, was sie anpackt. 1983 ist sie mit Bassist Don Pate und Schlagzeuger Thurman Parker, ihrem damaligen Trio, in Stuttgart aufgetreten.<\/p>\n<hr \/>\n<h2 class=\"western\">sa \u2013 30.08.2025<\/h2>\n<hr \/>\n<p class=\"western\">18:20 \u2013 19:00 UHR +++ SWR KULTUR<br \/>\n<b>Jazz: Fackeltr\u00e4ger \u2013 Der Trompeter Adam O-Farrill<\/b><\/p>\n<p class=\"western\" style=\"padding-left: 40px;\">Von Odilo Clausnitzer. Er kommt aus einer gro\u00dfen Musikerdynastie; sein Gro\u00dfvater Chico hat schon mit Charlie Parker und Dizzy Gillespie gespielt. Er selbst ist einer der meistbesch\u00e4ftigten Trompeter der aktuellen New Yorker Szene: Mit souver\u00e4ner Technik, einem furchtlosen Sinn f\u00fcr Improvisation, aber auch gro\u00dfem kompositorischem Verst\u00e4ndnis ist Adam O&#8217;Farrill der Mann der Wahl f\u00fcr bedeutende Kollegen aus dem experimentellen Bereich, darunter Gitarristin Mary Halvorson. Er ist aber auch festes Mitglied in der Turbo-Fusion Band der Star-Pianistin Hiromi und hat mehrere ambitionierte eigene Alben gemacht. Ein Portr\u00e4t.<\/p>\n<p class=\"western\">22:30:00 +++ \u00d61<br \/>\n<b>Neuigkeiten aus der Welt des Jazz<\/b><\/p>\n<p class=\"western\" style=\"padding-left: 40px;\">Konzertempfehlungen f\u00fcr die kommende Woche, Buchbesprechungen, Kurznachrufe und aktuelle Meldungen.<\/p>\n<p class=\"western\">23:03 \u2013 00:00 UHR +++ SWR KULTUR<br \/>\n<b>ARD Radiofestival. Jazz: Helge Schneider wird 70<\/b><\/p>\n<p class=\"western\" style=\"padding-left: 40px;\">Von Ulrich Habersetzer. Improvisation ist alles! Zumindest f\u00fcr Helge Schneider. An Vorgaben h\u00e4lt er sich nicht. Mit dieser anarchisch-improvisatorischen Art hat er eine riesige Fangemeinde gewonnen, auch in der Jazzszene. Denn im tiefsten seines Herzens ist Helge Schneider ein Jazzer, aber einer mit weitem Horizont. Von \u201eK\u00e4sebrot\u201c \u00fcber \u201eKatzeklo\u201c bis hin zu \u201ePartypeople beim Fleischer\u201c \u00fcberall in Schneider Schaffen steckt Jazz. Wir feiern den runden Geburtstag des Musikclowns mit Musik und schr\u00e4gen, aber auch nachdenklichen Aussagen.<\/p>\n<p class=\"western\">23:03:00 +++ \u00d61<br \/>\n<b>Posaunist Phil Yaeger im Gespr\u00e4ch, Fr\u00e4ulein Blauboad im April 2025 im ORF-RadioKulturhaus in Wien<\/b><\/p>\n<p class=\"western\" style=\"padding-left: 40px;\">In der Rubrik \u201eLive-Mitschnitt\u201c ist in der heutigen \u00d61 Jazznacht ein Konzert des Trios Fr\u00e4ulein Blauboad zu h\u00f6ren, aufgenommen am 2. April 2025 im Studio 3 des ORF-RadioKulturhauses in Wien. An diesem Abend pr\u00e4sentierten Eva Mayer (Gesang), Herbert Berger (Saxofon) und Christian Frank (Klavier) ihr nunmehr zweites Album mit dem Titel \u201eDu keast nur mir\u201c. Fr\u00e4ulein Blauboad erz\u00e4hlt abgr\u00fcndige Geschichten aus Wiener Beisln, von n\u00e4chtlichen Stra\u00dfen vor zwielichtigen Kaffeeh\u00e4usern und selbstverst\u00e4ndlich von den vielen Facetten, welche die Liebe zu bieten hat. Die eindr\u00fccklichen Texte mit doppeltem Boden stammen unter anderem von H. C. Artmann, Peter Ahorner und von Eva Mayer selbst, musikalisch verpackt werden sie als Dialektchanson, Beislblues, Donaureggae, Hieb-Ballade oder Gstanzl-Soul.<\/p>\n<p class=\"western\" style=\"padding-left: 40px;\">Zu Gast im \u00d61 Jazznacht-Studio ist zuvor der Posaunist Phil Yaeger, der sein j\u00fcngstes, im Februar erschienenes Album \u201eAs Long As We&#8217;re Here\u201c vorstellen wird. Damit schlug der Musiker und Komponist ein neues Kapitel seines langj\u00e4hrigen Projekts \u201eHunter\u201c auf und bewies einmal mehr Vielseitigkeit und Innovationskraft. Der seit 2004 in \u00d6sterreich lebende Phil Yaeger ist im Nordosten der USA aufgewachsen, er studierte Jazz-Posaune an der William Paterson University in New Jersey und an der Kunstuniversit\u00e4t Graz und arbeitet derzeit in seiner Wahlheimat Wien, wo er die \u00f6sterreichische Musikszene bereichert und unter anderem eng mit der Jazzwerkstatt Wien verbunden ist. Seine Musik vereint Elemente aus Jazz, Post-Rock und Soul zu einer einzigartigen, genre\u00fcbergreifenden Klangwelt, die eine ganz eigene, fesselnde Atmosph\u00e4re entwickelt.<\/p>\n<p class=\"western\" style=\"padding-left: 40px;\">Au\u00dferdem in der \u00d61 Jazznacht zu h\u00f6ren: Neuerscheinungen aus nah und fern, ein Beitrag zum 100. Geburtstag von Altsaxofonist Art Pepper am 1. September und ein \u00d61 Jazznacht-Magazin mit Ank\u00fcndigungen aktueller Konzertveranstaltungen.<\/p>\n<hr \/>\n<h2 class=\"western\">so \u2013 31.08.2025<\/h2>\n<hr \/>\n<p class=\"western\">00:05:00 +++ \u00d61<br \/>\n<b>(Fortsetzung); Posaunist Phil Yaeger im Gespr\u00e4ch, Fr\u00e4ulein Blauboad im April 2025 im ORF- RadioKulturhaus in Wien<\/b><\/p>\n<p class=\"western\">17:10:00 +++ \u00d61<br \/>\n<b>Pionierinnen des Funk: Lyn Collins, Betty Davis, Brides Of Funkenstein<\/b><\/p>\n<p class=\"western\" style=\"padding-left: 40px;\">Weibliche Funk-Bands wie \u201eBrides Of Funkenstein\u201c und \u201eParlet\u201c hatten in ihrer Bl\u00fctezeit eine gro\u00dfe Fangemeinde, aber ihre Arbeit wurde nicht so anerkannt wie die ihrer m\u00e4nnlichen Gleichgesinnten.<\/p>\n<p class=\"western\" style=\"padding-left: 40px;\">Und doch finden sich Musikerinnen, die dem Genre ihren unvergleichlichen Stempel aufgedr\u00fcckt haben: Chaka Khan, zehnfache Grammy-Preistr\u00e4gerin, z\u00e4hlt nach wie vor mit ihrer feurigen und vielseitigen Stimme zu den bekanntesten und best\u00e4ndigsten Titaninnen der Musikszene. Betty Davis, \u2013 2022 im Alter von 76 Jahren gestorben \u2013 deren wegweisende Arbeit heute als Ma\u00dfstab f\u00fcr den Funk-Rock gewertet wird und offen sexuelle Texte dazu beitrugen, die Doppelmoral des Genres zu durchbrechen. Oder Labelle, die mit ihren gewagten feministischen und politischen Streifz\u00fcgen begeisterten. Gemeinsam haben diese K\u00fcnstlerinnen, dass sie ihre pers\u00f6nlichen Eigenarten, Energie und Wildheit immer in den Vordergrund stellten.<\/p>\n<p class=\"western\">19:05:00 +++ \u00d61<br \/>\n<b>S\u00e4ngerin Barbara Neuhauser und Band im Studio 2 des ORF RadioKulturhauses in Wien<\/b><\/p>\n<p class=\"western\" style=\"padding-left: 40px;\">S\u00e4ngerin und Songwriterin Barbara Neuhauser hat sich von der \u00d61 Hausmusik zu einer neuen Besetzung inspirieren lassen. Mit von der Partie sind Pia Denz und Sophie Vierbauch (Backgroundstimmen), Arsenije Krstic (Keyboards), Wolfgang Reichmann (Bass-Synthesizer) und Thomas K\u00e4fel (Schlagzeug).<\/p>\n<p class=\"western\" style=\"padding-left: 40px;\">Barbara Neuhauser hegt ein Faible f\u00fcr soulige Melodien und vertr\u00e4umte Klangwelten mit experimentellen Elementen. In ihren Songs setzt sie sich mit gesellschaftspolitischen Themen und Fragen der Selbstwahrnehmung auseinander. Aktuell entsteht in Zusammenarbeit mit dem Pianisten und Produzenten Angel Vassilev ihr erstes Soloalbum. Kostproben daraus sind heute in der \u00d61 Hausmusik zu vernehmen.<\/p>\n<p class=\"western\">23:03:00 +++ \u00d61<br \/>\n<b>Highlights der Konfrontationen Nickelsdorf 2025 (1) \u2013 Improvisationen mit dem Pat Thomas Quartet und einem Trio mit Isabelle Duthoit<\/b><\/p>\n<p class=\"western\" style=\"padding-left: 40px;\">Ende Juli fanden die Konfrontationen statt. Es war die 45. Ausgabe. Zu diesem Jubil\u00e4um bot das Festival im burgenl\u00e4ndischen Nickelsdorf an drei Tagen ein Programm mit einigen der aktuell spannendsten und prominentesten Ensembles in den Bereichen der freien und improvisierten Musik. In zwei \u201eSupernova\u201c-Sendungen sind einige dieser H\u00f6hepunkte zu h\u00f6ren. Heute: Pat Thomas\u2019 Quartett interpretiert St\u00fccke von Ahmed Abdul-Malik, es gibt eines der raren Konzerte des Trios Trapist, dann ein Trio aus Isabelle Duthoit, Andy Moor und Steve Heather sowie das Christian Marien Quartett.<\/p>\n<p class=\"western\" style=\"padding-left: 40px;\">Das diesj\u00e4hrige Programm war eine \u00e4u\u00dferst vielschichtige Mischung aus Musikschaffenden, die entweder in diesen Konstellationen noch nie auf der B\u00fchne der Jazzgalerie gestanden hatten oder solchen, die ihre internationalen Projekte pr\u00e4sentierten. Anders gesagt: Zum 45. Jubil\u00e4um warteten die Konfrontationen mit einem eindrucksvollen Line-Up auf. An die 45 Musikerinnen und Musiker waren zu erleben.<\/p>\n<p class=\"western\" style=\"padding-left: 40px;\">Auch heuer war \u00d61 wieder vor Ort und hat ausgew\u00e4hlte Konzerte aufgenommen. In dieser \u201eSupernova\u201c gibt es die Auftritte vom Er\u00f6ffnungsabend am Freitag, 25. Juli.<\/p>\n<p class=\"western\" style=\"padding-left: 40px;\">Das Quartett des deutschen Schlagzeugers Christian Marien besteht aus Antonio Borghini (Bass), Jasper Stadhouders (Gitarre) und Tobias Delius (Saxofon). 2024 ist mit \u201eHow Long Is Now\u201c das Deb\u00fct-Album dieser Band erschienen.<\/p>\n<p class=\"western\" style=\"padding-left: 40px;\">Trapist sind Martin Brandlmayr (Schlagzeug) und Martin Siewert (Gitarre, Elektronik) mit dem kanadischen Bassisten Joe Williamson. Die Ver\u00f6ffentlichungen dieses Trios wurden stets hochgesch\u00e4tzt, in einer BBC-Rezension war u.a. zu lesen, so w\u00fcrde es wohl klingen, wenn John Cage und Morton Feldman beschlossen h\u00e4tten, eine Rock-Band zu gr\u00fcnden.<\/p>\n<p class=\"western\" style=\"padding-left: 40px;\">Das erste Mal bei den Konfrontationen in dieser Besetzung: Die franz\u00f6sische Klarinettistin und Stimm-Performerin Isabelle Duthoit mit dem Schlagzeuger Steve Heather \u2013 der u.a. im Berliner Splitter Orchester spielt \u2013 und Andy Moor, Gitarrist bei der Improv-Punk-Band The Ex.<\/p>\n<p class=\"western\" style=\"padding-left: 40px;\">Der britische Pianist Pat Thomas war bereits mit mehreren Formationen bei den Konfrontationen und schon des \u00d6fteren hatten Festival-Leiter Hans Falb und sein Team versucht, Thomas\u2019 Quartett Ahmed nach Nickelsdorf zu bringen. Benannt ist es nach dem Bassisten und Oud-Spieler Ahmed Abdul-Malik, der als einer der Ersten ab den 1950er Jahren afroamerikanischen Jazz mit arabischer Musik verband.<\/p>\n<p class=\"western\" style=\"padding-left: 40px;\">2024 hat das Quartett die 5-CD-Box \u201eGiant Beauty\u201c ver\u00f6ffentlicht. Ahmed sind neben Thomas der Bassist Joel Grip, der Schlagzeuger Antonin Gerbal und der Saxofonist Seymour Wright. Eine transzendente Jazz-Konzert-Erfahrung als Abschluss dieses Abends.<\/p>\n<p class=\"western\" style=\"padding-left: 40px;\">Den zweiten Teil der Konfrontationen-Aufnahmen pr\u00e4sentieren wir in einer \u00d61\u00a0\u201eSupernova\u201c am Sonntag, 7. September. Es spielen u.a. das Quintett des Pianisten Alexander von Schlippenbach sowie Elisabeth Harniks Quartett Flight Mode. Gestaltung: Heinrich Deisl<\/p>\n","protected":false},"excerpt":{"rendered":"<p>Jazz im Radio \u2013 Jeden Sonntag gibt es um 12 Uhr unsere \u00dcbersicht f\u00fcr die jeweils nachfolgende Woche. Die #Jazz-Radiowoche vom 25.08. bis zum 31.08.2025. Erheblich d\u00fcnn! Auch als PDF zum Download \u2013 #Jazz #JazzZeitung #Radio #Radiowoche \u2013 Ein Service unserer Online-Redaktion.<\/p>\n","protected":false},"author":1,"featured_media":33035,"comment_status":"open","ping_status":"open","sticky":false,"template":"","format":"standard","meta":{"_jetpack_memberships_contains_paid_content":false,"footnotes":"","jetpack_publicize_message":"","jetpack_publicize_feature_enabled":true,"jetpack_social_post_already_shared":true,"jetpack_social_options":{"image_generator_settings":{"template":"highway","default_image_id":0,"font":"","enabled":false},"version":2}},"categories":[633,452],"tags":[3773,1629],"coauthors":[650],"class_list":["post-33034","post","type-post","status-publish","format-standard","has-post-thumbnail","hentry","category-nachrichten","category-radio","tag-die-radiowoche","tag-jazz-im-radio"],"yoast_head":"<!-- This site is optimized with the Yoast SEO plugin v27.5 - https:\/\/yoast.com\/product\/yoast-seo-wordpress\/ -->\n<title>Die knusperschmale Jazz-Radiowoche vom 25.08.2025 bis 31.08.2025 - JazzZeitung<\/title>\n<meta name=\"robots\" content=\"index, follow, max-snippet:-1, max-image-preview:large, max-video-preview:-1\" \/>\n<link rel=\"canonical\" href=\"https:\/\/www.jazzzeitung.de\/cms\/2025\/08\/die-knusperschmale-jazz-radiowoche-vom-25-08-2025-bis-31-08-2025\/\" \/>\n<meta property=\"og:locale\" content=\"de_DE\" \/>\n<meta property=\"og:type\" content=\"article\" \/>\n<meta property=\"og:title\" content=\"Die knusperschmale Jazz-Radiowoche vom 25.08.2025 bis 31.08.2025 - JazzZeitung\" \/>\n<meta property=\"og:description\" content=\"Jazz im Radio \u2013 Jeden Sonntag gibt es um 12 Uhr unsere \u00dcbersicht f\u00fcr die jeweils nachfolgende Woche. Die #Jazz-Radiowoche vom 25.08. bis zum 31.08.2025. Erheblich d\u00fcnn! Auch als PDF zum Download \u2013 #Jazz #JazzZeitung #Radio #Radiowoche \u2013 Ein Service unserer Online-Redaktion.\" \/>\n<meta property=\"og:url\" content=\"https:\/\/www.jazzzeitung.de\/cms\/2025\/08\/die-knusperschmale-jazz-radiowoche-vom-25-08-2025-bis-31-08-2025\/\" \/>\n<meta property=\"og:site_name\" content=\"JazzZeitung\" \/>\n<meta property=\"article:publisher\" content=\"https:\/\/www.facebook.com\/JazzZeitung\/\" \/>\n<meta property=\"article:author\" content=\"https:\/\/www.facebook.com\/hufner\" \/>\n<meta property=\"article:published_time\" content=\"2025-08-24T10:00:11+00:00\" \/>\n<meta property=\"og:image\" content=\"https:\/\/i0.wp.com\/www.jazzzeitung.de\/cms\/wp-content\/uploads\/2025\/08\/Tischdecke-im-Regen.-.jpg?fit=1079%2C1079&ssl=1\" \/>\n\t<meta property=\"og:image:width\" content=\"1079\" \/>\n\t<meta property=\"og:image:height\" content=\"1079\" \/>\n\t<meta property=\"og:image:type\" content=\"image\/jpeg\" \/>\n<meta name=\"author\" content=\"Martin Hufner\" \/>\n<script type=\"application\/ld+json\" class=\"yoast-schema-graph\">{\"@context\":\"https:\\\/\\\/schema.org\",\"@graph\":[{\"@type\":\"Article\",\"@id\":\"https:\\\/\\\/www.jazzzeitung.de\\\/cms\\\/2025\\\/08\\\/die-knusperschmale-jazz-radiowoche-vom-25-08-2025-bis-31-08-2025\\\/#article\",\"isPartOf\":{\"@id\":\"https:\\\/\\\/www.jazzzeitung.de\\\/cms\\\/2025\\\/08\\\/die-knusperschmale-jazz-radiowoche-vom-25-08-2025-bis-31-08-2025\\\/\"},\"author\":{\"name\":\"Martin Hufner\",\"@id\":\"https:\\\/\\\/www.jazzzeitung.de\\\/cms\\\/#\\\/schema\\\/person\\\/b9a4e5ac765d94fb8f617bfa8f1fc5f7\"},\"headline\":\"Die knusperschmale Jazz-Radiowoche vom 25.08.2025 bis 31.08.2025\",\"datePublished\":\"2025-08-24T10:00:11+00:00\",\"mainEntityOfPage\":{\"@id\":\"https:\\\/\\\/www.jazzzeitung.de\\\/cms\\\/2025\\\/08\\\/die-knusperschmale-jazz-radiowoche-vom-25-08-2025-bis-31-08-2025\\\/\"},\"wordCount\":2828,\"commentCount\":0,\"publisher\":{\"@id\":\"https:\\\/\\\/www.jazzzeitung.de\\\/cms\\\/#organization\"},\"image\":{\"@id\":\"https:\\\/\\\/www.jazzzeitung.de\\\/cms\\\/2025\\\/08\\\/die-knusperschmale-jazz-radiowoche-vom-25-08-2025-bis-31-08-2025\\\/#primaryimage\"},\"thumbnailUrl\":\"https:\\\/\\\/i0.wp.com\\\/www.jazzzeitung.de\\\/cms\\\/wp-content\\\/uploads\\\/2025\\\/08\\\/Tischdecke-im-Regen.-.jpg?fit=1079%2C1079&ssl=1\",\"keywords\":[\"Die Radiowoche\",\"Jazz im Radio\"],\"articleSection\":[\"News\",\"Radio\"],\"inLanguage\":\"de\",\"potentialAction\":[{\"@type\":\"CommentAction\",\"name\":\"Comment\",\"target\":[\"https:\\\/\\\/www.jazzzeitung.de\\\/cms\\\/2025\\\/08\\\/die-knusperschmale-jazz-radiowoche-vom-25-08-2025-bis-31-08-2025\\\/#respond\"]}]},{\"@type\":\"WebPage\",\"@id\":\"https:\\\/\\\/www.jazzzeitung.de\\\/cms\\\/2025\\\/08\\\/die-knusperschmale-jazz-radiowoche-vom-25-08-2025-bis-31-08-2025\\\/\",\"url\":\"https:\\\/\\\/www.jazzzeitung.de\\\/cms\\\/2025\\\/08\\\/die-knusperschmale-jazz-radiowoche-vom-25-08-2025-bis-31-08-2025\\\/\",\"name\":\"Die knusperschmale Jazz-Radiowoche vom 25.08.2025 bis 31.08.2025 - JazzZeitung\",\"isPartOf\":{\"@id\":\"https:\\\/\\\/www.jazzzeitung.de\\\/cms\\\/#website\"},\"primaryImageOfPage\":{\"@id\":\"https:\\\/\\\/www.jazzzeitung.de\\\/cms\\\/2025\\\/08\\\/die-knusperschmale-jazz-radiowoche-vom-25-08-2025-bis-31-08-2025\\\/#primaryimage\"},\"image\":{\"@id\":\"https:\\\/\\\/www.jazzzeitung.de\\\/cms\\\/2025\\\/08\\\/die-knusperschmale-jazz-radiowoche-vom-25-08-2025-bis-31-08-2025\\\/#primaryimage\"},\"thumbnailUrl\":\"https:\\\/\\\/i0.wp.com\\\/www.jazzzeitung.de\\\/cms\\\/wp-content\\\/uploads\\\/2025\\\/08\\\/Tischdecke-im-Regen.-.jpg?fit=1079%2C1079&ssl=1\",\"datePublished\":\"2025-08-24T10:00:11+00:00\",\"breadcrumb\":{\"@id\":\"https:\\\/\\\/www.jazzzeitung.de\\\/cms\\\/2025\\\/08\\\/die-knusperschmale-jazz-radiowoche-vom-25-08-2025-bis-31-08-2025\\\/#breadcrumb\"},\"inLanguage\":\"de\",\"potentialAction\":[{\"@type\":\"ReadAction\",\"target\":[\"https:\\\/\\\/www.jazzzeitung.de\\\/cms\\\/2025\\\/08\\\/die-knusperschmale-jazz-radiowoche-vom-25-08-2025-bis-31-08-2025\\\/\"]}]},{\"@type\":\"ImageObject\",\"inLanguage\":\"de\",\"@id\":\"https:\\\/\\\/www.jazzzeitung.de\\\/cms\\\/2025\\\/08\\\/die-knusperschmale-jazz-radiowoche-vom-25-08-2025-bis-31-08-2025\\\/#primaryimage\",\"url\":\"https:\\\/\\\/i0.wp.com\\\/www.jazzzeitung.de\\\/cms\\\/wp-content\\\/uploads\\\/2025\\\/08\\\/Tischdecke-im-Regen.-.jpg?fit=1079%2C1079&ssl=1\",\"contentUrl\":\"https:\\\/\\\/i0.wp.com\\\/www.jazzzeitung.de\\\/cms\\\/wp-content\\\/uploads\\\/2025\\\/08\\\/Tischdecke-im-Regen.-.jpg?fit=1079%2C1079&ssl=1\",\"width\":1079,\"height\":1079,\"caption\":\"Tischdecke im Regen. Foto: Hufner\"},{\"@type\":\"BreadcrumbList\",\"@id\":\"https:\\\/\\\/www.jazzzeitung.de\\\/cms\\\/2025\\\/08\\\/die-knusperschmale-jazz-radiowoche-vom-25-08-2025-bis-31-08-2025\\\/#breadcrumb\",\"itemListElement\":[{\"@type\":\"ListItem\",\"position\":1,\"name\":\"Startseite\",\"item\":\"https:\\\/\\\/www.jazzzeitung.de\\\/cms\\\/\"},{\"@type\":\"ListItem\",\"position\":2,\"name\":\"Die knusperschmale Jazz-Radiowoche vom 25.08.2025 bis 31.08.2025\"}]},{\"@type\":\"WebSite\",\"@id\":\"https:\\\/\\\/www.jazzzeitung.de\\\/cms\\\/#website\",\"url\":\"https:\\\/\\\/www.jazzzeitung.de\\\/cms\\\/\",\"name\":\"JazzZeitung\",\"description\":\"Jazz-News und Jazz-Kontroverses\",\"publisher\":{\"@id\":\"https:\\\/\\\/www.jazzzeitung.de\\\/cms\\\/#organization\"},\"potentialAction\":[{\"@type\":\"SearchAction\",\"target\":{\"@type\":\"EntryPoint\",\"urlTemplate\":\"https:\\\/\\\/www.jazzzeitung.de\\\/cms\\\/?s={search_term_string}\"},\"query-input\":{\"@type\":\"PropertyValueSpecification\",\"valueRequired\":true,\"valueName\":\"search_term_string\"}}],\"inLanguage\":\"de\"},{\"@type\":\"Organization\",\"@id\":\"https:\\\/\\\/www.jazzzeitung.de\\\/cms\\\/#organization\",\"name\":\"JazzZeitung online\",\"url\":\"https:\\\/\\\/www.jazzzeitung.de\\\/cms\\\/\",\"logo\":{\"@type\":\"ImageObject\",\"inLanguage\":\"de\",\"@id\":\"https:\\\/\\\/www.jazzzeitung.de\\\/cms\\\/#\\\/schema\\\/logo\\\/image\\\/\",\"url\":\"https:\\\/\\\/i0.wp.com\\\/www.jazzzeitung.de\\\/cms\\\/wp-content\\\/uploads\\\/2015\\\/08\\\/JAZZZEITUNGDE_Logo_Neu.png?fit=499%2C200&ssl=1\",\"contentUrl\":\"https:\\\/\\\/i0.wp.com\\\/www.jazzzeitung.de\\\/cms\\\/wp-content\\\/uploads\\\/2015\\\/08\\\/JAZZZEITUNGDE_Logo_Neu.png?fit=499%2C200&ssl=1\",\"width\":499,\"height\":200,\"caption\":\"JazzZeitung online\"},\"image\":{\"@id\":\"https:\\\/\\\/www.jazzzeitung.de\\\/cms\\\/#\\\/schema\\\/logo\\\/image\\\/\"},\"sameAs\":[\"https:\\\/\\\/www.facebook.com\\\/JazzZeitung\\\/\"]},{\"@type\":\"Person\",\"@id\":\"https:\\\/\\\/www.jazzzeitung.de\\\/cms\\\/#\\\/schema\\\/person\\\/b9a4e5ac765d94fb8f617bfa8f1fc5f7\",\"name\":\"Martin Hufner\",\"image\":{\"@type\":\"ImageObject\",\"inLanguage\":\"de\",\"@id\":\"https:\\\/\\\/i0.wp.com\\\/www.jazzzeitung.de\\\/cms\\\/wp-content\\\/uploads\\\/2013\\\/07\\\/huf-06.jpg?resize=96%2C96&ssl=15fcc31aa94540751a3b804516452be00\",\"url\":\"https:\\\/\\\/i0.wp.com\\\/www.jazzzeitung.de\\\/cms\\\/wp-content\\\/uploads\\\/2013\\\/07\\\/huf-06.jpg?resize=96%2C96&ssl=1\",\"contentUrl\":\"https:\\\/\\\/i0.wp.com\\\/www.jazzzeitung.de\\\/cms\\\/wp-content\\\/uploads\\\/2013\\\/07\\\/huf-06.jpg?resize=96%2C96&ssl=1\",\"caption\":\"Martin Hufner\"},\"description\":\"Martin Hufner ist freier Autor der JazzZeitung.\",\"sameAs\":[\"https:\\\/\\\/www.kritische-masse.de\\\/logbuch\",\"https:\\\/\\\/www.facebook.com\\\/hufner\"],\"url\":\"https:\\\/\\\/www.jazzzeitung.de\\\/cms\\\/author\\\/admin\\\/\"}]}<\/script>\n<!-- \/ Yoast SEO plugin. -->","yoast_head_json":{"title":"Die knusperschmale Jazz-Radiowoche vom 25.08.2025 bis 31.08.2025 - JazzZeitung","robots":{"index":"index","follow":"follow","max-snippet":"max-snippet:-1","max-image-preview":"max-image-preview:large","max-video-preview":"max-video-preview:-1"},"canonical":"https:\/\/www.jazzzeitung.de\/cms\/2025\/08\/die-knusperschmale-jazz-radiowoche-vom-25-08-2025-bis-31-08-2025\/","og_locale":"de_DE","og_type":"article","og_title":"Die knusperschmale Jazz-Radiowoche vom 25.08.2025 bis 31.08.2025 - JazzZeitung","og_description":"Jazz im Radio \u2013 Jeden Sonntag gibt es um 12 Uhr unsere \u00dcbersicht f\u00fcr die jeweils nachfolgende Woche. Die #Jazz-Radiowoche vom 25.08. bis zum 31.08.2025. Erheblich d\u00fcnn! Auch als PDF zum Download \u2013 #Jazz #JazzZeitung #Radio #Radiowoche \u2013 Ein Service unserer Online-Redaktion.","og_url":"https:\/\/www.jazzzeitung.de\/cms\/2025\/08\/die-knusperschmale-jazz-radiowoche-vom-25-08-2025-bis-31-08-2025\/","og_site_name":"JazzZeitung","article_publisher":"https:\/\/www.facebook.com\/JazzZeitung\/","article_author":"https:\/\/www.facebook.com\/hufner","article_published_time":"2025-08-24T10:00:11+00:00","og_image":[{"width":1079,"height":1079,"url":"https:\/\/i0.wp.com\/www.jazzzeitung.de\/cms\/wp-content\/uploads\/2025\/08\/Tischdecke-im-Regen.-.jpg?fit=1079%2C1079&ssl=1","type":"image\/jpeg"}],"author":"Martin Hufner","schema":{"@context":"https:\/\/schema.org","@graph":[{"@type":"Article","@id":"https:\/\/www.jazzzeitung.de\/cms\/2025\/08\/die-knusperschmale-jazz-radiowoche-vom-25-08-2025-bis-31-08-2025\/#article","isPartOf":{"@id":"https:\/\/www.jazzzeitung.de\/cms\/2025\/08\/die-knusperschmale-jazz-radiowoche-vom-25-08-2025-bis-31-08-2025\/"},"author":{"name":"Martin Hufner","@id":"https:\/\/www.jazzzeitung.de\/cms\/#\/schema\/person\/b9a4e5ac765d94fb8f617bfa8f1fc5f7"},"headline":"Die knusperschmale Jazz-Radiowoche vom 25.08.2025 bis 31.08.2025","datePublished":"2025-08-24T10:00:11+00:00","mainEntityOfPage":{"@id":"https:\/\/www.jazzzeitung.de\/cms\/2025\/08\/die-knusperschmale-jazz-radiowoche-vom-25-08-2025-bis-31-08-2025\/"},"wordCount":2828,"commentCount":0,"publisher":{"@id":"https:\/\/www.jazzzeitung.de\/cms\/#organization"},"image":{"@id":"https:\/\/www.jazzzeitung.de\/cms\/2025\/08\/die-knusperschmale-jazz-radiowoche-vom-25-08-2025-bis-31-08-2025\/#primaryimage"},"thumbnailUrl":"https:\/\/i0.wp.com\/www.jazzzeitung.de\/cms\/wp-content\/uploads\/2025\/08\/Tischdecke-im-Regen.-.jpg?fit=1079%2C1079&ssl=1","keywords":["Die Radiowoche","Jazz im Radio"],"articleSection":["News","Radio"],"inLanguage":"de","potentialAction":[{"@type":"CommentAction","name":"Comment","target":["https:\/\/www.jazzzeitung.de\/cms\/2025\/08\/die-knusperschmale-jazz-radiowoche-vom-25-08-2025-bis-31-08-2025\/#respond"]}]},{"@type":"WebPage","@id":"https:\/\/www.jazzzeitung.de\/cms\/2025\/08\/die-knusperschmale-jazz-radiowoche-vom-25-08-2025-bis-31-08-2025\/","url":"https:\/\/www.jazzzeitung.de\/cms\/2025\/08\/die-knusperschmale-jazz-radiowoche-vom-25-08-2025-bis-31-08-2025\/","name":"Die knusperschmale Jazz-Radiowoche vom 25.08.2025 bis 31.08.2025 - JazzZeitung","isPartOf":{"@id":"https:\/\/www.jazzzeitung.de\/cms\/#website"},"primaryImageOfPage":{"@id":"https:\/\/www.jazzzeitung.de\/cms\/2025\/08\/die-knusperschmale-jazz-radiowoche-vom-25-08-2025-bis-31-08-2025\/#primaryimage"},"image":{"@id":"https:\/\/www.jazzzeitung.de\/cms\/2025\/08\/die-knusperschmale-jazz-radiowoche-vom-25-08-2025-bis-31-08-2025\/#primaryimage"},"thumbnailUrl":"https:\/\/i0.wp.com\/www.jazzzeitung.de\/cms\/wp-content\/uploads\/2025\/08\/Tischdecke-im-Regen.-.jpg?fit=1079%2C1079&ssl=1","datePublished":"2025-08-24T10:00:11+00:00","breadcrumb":{"@id":"https:\/\/www.jazzzeitung.de\/cms\/2025\/08\/die-knusperschmale-jazz-radiowoche-vom-25-08-2025-bis-31-08-2025\/#breadcrumb"},"inLanguage":"de","potentialAction":[{"@type":"ReadAction","target":["https:\/\/www.jazzzeitung.de\/cms\/2025\/08\/die-knusperschmale-jazz-radiowoche-vom-25-08-2025-bis-31-08-2025\/"]}]},{"@type":"ImageObject","inLanguage":"de","@id":"https:\/\/www.jazzzeitung.de\/cms\/2025\/08\/die-knusperschmale-jazz-radiowoche-vom-25-08-2025-bis-31-08-2025\/#primaryimage","url":"https:\/\/i0.wp.com\/www.jazzzeitung.de\/cms\/wp-content\/uploads\/2025\/08\/Tischdecke-im-Regen.-.jpg?fit=1079%2C1079&ssl=1","contentUrl":"https:\/\/i0.wp.com\/www.jazzzeitung.de\/cms\/wp-content\/uploads\/2025\/08\/Tischdecke-im-Regen.-.jpg?fit=1079%2C1079&ssl=1","width":1079,"height":1079,"caption":"Tischdecke im Regen. Foto: Hufner"},{"@type":"BreadcrumbList","@id":"https:\/\/www.jazzzeitung.de\/cms\/2025\/08\/die-knusperschmale-jazz-radiowoche-vom-25-08-2025-bis-31-08-2025\/#breadcrumb","itemListElement":[{"@type":"ListItem","position":1,"name":"Startseite","item":"https:\/\/www.jazzzeitung.de\/cms\/"},{"@type":"ListItem","position":2,"name":"Die knusperschmale Jazz-Radiowoche vom 25.08.2025 bis 31.08.2025"}]},{"@type":"WebSite","@id":"https:\/\/www.jazzzeitung.de\/cms\/#website","url":"https:\/\/www.jazzzeitung.de\/cms\/","name":"JazzZeitung","description":"Jazz-News und Jazz-Kontroverses","publisher":{"@id":"https:\/\/www.jazzzeitung.de\/cms\/#organization"},"potentialAction":[{"@type":"SearchAction","target":{"@type":"EntryPoint","urlTemplate":"https:\/\/www.jazzzeitung.de\/cms\/?s={search_term_string}"},"query-input":{"@type":"PropertyValueSpecification","valueRequired":true,"valueName":"search_term_string"}}],"inLanguage":"de"},{"@type":"Organization","@id":"https:\/\/www.jazzzeitung.de\/cms\/#organization","name":"JazzZeitung online","url":"https:\/\/www.jazzzeitung.de\/cms\/","logo":{"@type":"ImageObject","inLanguage":"de","@id":"https:\/\/www.jazzzeitung.de\/cms\/#\/schema\/logo\/image\/","url":"https:\/\/i0.wp.com\/www.jazzzeitung.de\/cms\/wp-content\/uploads\/2015\/08\/JAZZZEITUNGDE_Logo_Neu.png?fit=499%2C200&ssl=1","contentUrl":"https:\/\/i0.wp.com\/www.jazzzeitung.de\/cms\/wp-content\/uploads\/2015\/08\/JAZZZEITUNGDE_Logo_Neu.png?fit=499%2C200&ssl=1","width":499,"height":200,"caption":"JazzZeitung online"},"image":{"@id":"https:\/\/www.jazzzeitung.de\/cms\/#\/schema\/logo\/image\/"},"sameAs":["https:\/\/www.facebook.com\/JazzZeitung\/"]},{"@type":"Person","@id":"https:\/\/www.jazzzeitung.de\/cms\/#\/schema\/person\/b9a4e5ac765d94fb8f617bfa8f1fc5f7","name":"Martin Hufner","image":{"@type":"ImageObject","inLanguage":"de","@id":"https:\/\/i0.wp.com\/www.jazzzeitung.de\/cms\/wp-content\/uploads\/2013\/07\/huf-06.jpg?resize=96%2C96&ssl=15fcc31aa94540751a3b804516452be00","url":"https:\/\/i0.wp.com\/www.jazzzeitung.de\/cms\/wp-content\/uploads\/2013\/07\/huf-06.jpg?resize=96%2C96&ssl=1","contentUrl":"https:\/\/i0.wp.com\/www.jazzzeitung.de\/cms\/wp-content\/uploads\/2013\/07\/huf-06.jpg?resize=96%2C96&ssl=1","caption":"Martin Hufner"},"description":"Martin Hufner ist freier Autor der JazzZeitung.","sameAs":["https:\/\/www.kritische-masse.de\/logbuch","https:\/\/www.facebook.com\/hufner"],"url":"https:\/\/www.jazzzeitung.de\/cms\/author\/admin\/"}]}},"wp-worthy-pixel":{"ignored":true,"public":null,"server":null,"url":null},"wp-worthy-type":"normal","jetpack_publicize_connections":[],"cc_featured_image_caption":{"caption_text":"Tischdecke im Regen. ","source_text":"Foto: Martin Hufner","source_url":"https:\/\/www.kritische-masse.de"},"jetpack_featured_media_url":"https:\/\/i0.wp.com\/www.jazzzeitung.de\/cms\/wp-content\/uploads\/2025\/08\/Tischdecke-im-Regen.-.jpg?fit=1079%2C1079&ssl=1","jetpack_shortlink":"https:\/\/wp.me\/p3KEcT-8AO","jetpack-related-posts":[{"id":33138,"url":"https:\/\/www.jazzzeitung.de\/cms\/2025\/09\/die-atomgrosse-jazz-radiowoche-vom-29-09-2025-bis-05-10-2025\/","url_meta":{"origin":33034,"position":0},"title":"Die atomgro\u00dfe Jazz-Radiowoche vom 29.09.2025 bis 05.10.2025","author":"Martin Hufner","date":"28. September 2025","format":false,"excerpt":"Jazz im Radio \u2013 Jeden Sonntag gibt es um 12 Uhr unsere \u00dcbersicht f\u00fcr die jeweils nachfolgende Woche. Die #Jazz-Radiowoche vom 29.09. bis zum 05.10.2025. Erheblich d\u00fcnn! Auch als PDF zum Download \u2013 #Jazz #JazzZeitung #Radio #Radiowoche \u2013 Ein Service unserer Online-Redaktion.","rel":"","context":"In &quot;News&quot;","block_context":{"text":"News","link":"https:\/\/www.jazzzeitung.de\/cms\/thema\/nachrichten\/"},"img":{"alt_text":"Botanische Supernova mit schwarzem Loch in der Na\u0308he von Terra Nova. Foto: Hufner","src":"https:\/\/i0.wp.com\/www.jazzzeitung.de\/cms\/wp-content\/uploads\/2025\/09\/Botanische-Supernova-mit-schwarzem-Loch-in-der-Naehe-von-Terra-Nova.jpg?fit=1200%2C900&ssl=1&resize=350%2C200","width":350,"height":200,"srcset":"https:\/\/i0.wp.com\/www.jazzzeitung.de\/cms\/wp-content\/uploads\/2025\/09\/Botanische-Supernova-mit-schwarzem-Loch-in-der-Naehe-von-Terra-Nova.jpg?fit=1200%2C900&ssl=1&resize=350%2C200 1x, https:\/\/i0.wp.com\/www.jazzzeitung.de\/cms\/wp-content\/uploads\/2025\/09\/Botanische-Supernova-mit-schwarzem-Loch-in-der-Naehe-von-Terra-Nova.jpg?fit=1200%2C900&ssl=1&resize=525%2C300 1.5x, https:\/\/i0.wp.com\/www.jazzzeitung.de\/cms\/wp-content\/uploads\/2025\/09\/Botanische-Supernova-mit-schwarzem-Loch-in-der-Naehe-von-Terra-Nova.jpg?fit=1200%2C900&ssl=1&resize=700%2C400 2x, https:\/\/i0.wp.com\/www.jazzzeitung.de\/cms\/wp-content\/uploads\/2025\/09\/Botanische-Supernova-mit-schwarzem-Loch-in-der-Naehe-von-Terra-Nova.jpg?fit=1200%2C900&ssl=1&resize=1050%2C600 3x"},"classes":[]},{"id":31928,"url":"https:\/\/www.jazzzeitung.de\/cms\/2024\/11\/die-geschmolzene-jazz-radiowoche-vom-25-11-2024-bis-01-12-2024\/","url_meta":{"origin":33034,"position":1},"title":"Die geschmolzene Jazz-Radiowoche vom 25.11.2024 bis 01.12.2024","author":"Martin Hufner","date":"24. November 2024","format":false,"excerpt":"Jazz im Radio \u2013 Jeden Sonntag gibt es um 12 Uhr unsere \u00dcbersicht f\u00fcr die jeweils nachfolgende Woche. Die #Jazz-Radiowoche vom 25. November bis zum 1. Dezember 2024. Erheblich ausged\u00fcnnt. Die ARD schafft ihr Radio gewisserma\u00dfen ab. Auch als PDF zum Download \u2013 #Jazz #JazzZeitung #Radio #Radiowoche \u2013 Ein Service\u2026","rel":"","context":"In &quot;News&quot;","block_context":{"text":"News","link":"https:\/\/www.jazzzeitung.de\/cms\/thema\/nachrichten\/"},"img":{"alt_text":"zugfahrt 2023 1. MH","src":"https:\/\/i0.wp.com\/www.jazzzeitung.de\/cms\/wp-content\/uploads\/2024\/11\/zugfahrt2023-1.-MH.jpg?fit=1200%2C900&ssl=1&resize=350%2C200","width":350,"height":200,"srcset":"https:\/\/i0.wp.com\/www.jazzzeitung.de\/cms\/wp-content\/uploads\/2024\/11\/zugfahrt2023-1.-MH.jpg?fit=1200%2C900&ssl=1&resize=350%2C200 1x, https:\/\/i0.wp.com\/www.jazzzeitung.de\/cms\/wp-content\/uploads\/2024\/11\/zugfahrt2023-1.-MH.jpg?fit=1200%2C900&ssl=1&resize=525%2C300 1.5x, https:\/\/i0.wp.com\/www.jazzzeitung.de\/cms\/wp-content\/uploads\/2024\/11\/zugfahrt2023-1.-MH.jpg?fit=1200%2C900&ssl=1&resize=700%2C400 2x, https:\/\/i0.wp.com\/www.jazzzeitung.de\/cms\/wp-content\/uploads\/2024\/11\/zugfahrt2023-1.-MH.jpg?fit=1200%2C900&ssl=1&resize=1050%2C600 3x"},"classes":[]},{"id":33038,"url":"https:\/\/www.jazzzeitung.de\/cms\/2025\/08\/die-superschmale-jazz-radiowoche-vom-01-09-2025-bis-07-09-2025\/","url_meta":{"origin":33034,"position":2},"title":"Die superschmale Jazz-Radiowoche vom 01.09.2025 bis 07.09.2025","author":"Martin Hufner","date":"31. August 2025","format":false,"excerpt":"Jazz im Radio \u2013 Jeden Sonntag gibt es um 12 Uhr unsere \u00dcbersicht f\u00fcr die jeweils nachfolgende Woche. Die #Jazz-Radiowoche vom 25.08. bis zum 31.08.2025. Erheblich d\u00fcnn! Auch als PDF zum Download \u2013 #Jazz #JazzZeitung #Radio #Radiowoche \u2013 Ein Service unserer Online-Redaktion.","rel":"","context":"In &quot;News&quot;","block_context":{"text":"News","link":"https:\/\/www.jazzzeitung.de\/cms\/thema\/nachrichten\/"},"img":{"alt_text":"In der Matrix. Foto: Hufner","src":"https:\/\/i0.wp.com\/www.jazzzeitung.de\/cms\/wp-content\/uploads\/2025\/08\/matrix2023.jpg?fit=960%2C1200&ssl=1&resize=350%2C200","width":350,"height":200,"srcset":"https:\/\/i0.wp.com\/www.jazzzeitung.de\/cms\/wp-content\/uploads\/2025\/08\/matrix2023.jpg?fit=960%2C1200&ssl=1&resize=350%2C200 1x, https:\/\/i0.wp.com\/www.jazzzeitung.de\/cms\/wp-content\/uploads\/2025\/08\/matrix2023.jpg?fit=960%2C1200&ssl=1&resize=525%2C300 1.5x, https:\/\/i0.wp.com\/www.jazzzeitung.de\/cms\/wp-content\/uploads\/2025\/08\/matrix2023.jpg?fit=960%2C1200&ssl=1&resize=700%2C400 2x"},"classes":[]},{"id":33149,"url":"https:\/\/www.jazzzeitung.de\/cms\/2025\/10\/die-protonenfette-jazz-radiowoche-vom-06-10-2025-bis-12-10-2025-2\/","url_meta":{"origin":33034,"position":3},"title":"Die atomgro\u00dfe Jazz-Radiowoche vom 06.10.2025 bis 12.10.2025","author":"Martin Hufner","date":"5. Oktober 2025","format":false,"excerpt":"Jazz im Radio \u2013 Jeden Sonntag gibt es um 12 Uhr unsere \u00dcbersicht f\u00fcr die jeweils nachfolgende Woche. Die #Jazz-Radiowoche vom 06.10. bis zum 12.10.2025. Erheblich d\u00fcnn! Auch als PDF zum Download \u2013 #Jazz #JazzZeitung #Radio #Radiowoche \u2013 Ein Service unserer Online-Redaktion.","rel":"","context":"In &quot;News&quot;","block_context":{"text":"News","link":"https:\/\/www.jazzzeitung.de\/cms\/thema\/nachrichten\/"},"img":{"alt_text":"Im G\u00e4stezimmer des Lebens. Foto: Hufner","src":"https:\/\/i0.wp.com\/www.jazzzeitung.de\/cms\/wp-content\/uploads\/2025\/10\/gaestezimmer.jpg?fit=960%2C1200&ssl=1&resize=350%2C200","width":350,"height":200,"srcset":"https:\/\/i0.wp.com\/www.jazzzeitung.de\/cms\/wp-content\/uploads\/2025\/10\/gaestezimmer.jpg?fit=960%2C1200&ssl=1&resize=350%2C200 1x, https:\/\/i0.wp.com\/www.jazzzeitung.de\/cms\/wp-content\/uploads\/2025\/10\/gaestezimmer.jpg?fit=960%2C1200&ssl=1&resize=525%2C300 1.5x, https:\/\/i0.wp.com\/www.jazzzeitung.de\/cms\/wp-content\/uploads\/2025\/10\/gaestezimmer.jpg?fit=960%2C1200&ssl=1&resize=700%2C400 2x"},"classes":[]},{"id":33293,"url":"https:\/\/www.jazzzeitung.de\/cms\/2025\/11\/die-quarksminimale-jazz-radiowoche-vom-03-11-2025-bis-09-11-2025\/","url_meta":{"origin":33034,"position":4},"title":"Die quarksminimale Jazz-Radiowoche vom 03.11.2025 bis 09.11.2025","author":"Martin Hufner","date":"2. November 2025","format":false,"excerpt":"Jazz im Radio \u2013 Jeden Sonntag gibt es um 12 Uhr unsere \u00dcbersicht f\u00fcr die jeweils nachfolgende Woche. Die #Jazz-Radiowoche vom 03.11. bis zum 09.11.2025. Erheblich d\u00fcnn! Auch als PDF zum Download \u2013 #Jazz #JazzZeitung #Radio #Radiowoche \u2013 Ein Service unserer Online-Redaktion.","rel":"","context":"In &quot;News&quot;","block_context":{"text":"News","link":"https:\/\/www.jazzzeitung.de\/cms\/thema\/nachrichten\/"},"img":{"alt_text":"Holzstapel. Foto: Hufner","src":"https:\/\/i0.wp.com\/www.jazzzeitung.de\/cms\/wp-content\/uploads\/2025\/10\/Wie-viel.jpg?fit=1200%2C900&ssl=1&resize=350%2C200","width":350,"height":200,"srcset":"https:\/\/i0.wp.com\/www.jazzzeitung.de\/cms\/wp-content\/uploads\/2025\/10\/Wie-viel.jpg?fit=1200%2C900&ssl=1&resize=350%2C200 1x, https:\/\/i0.wp.com\/www.jazzzeitung.de\/cms\/wp-content\/uploads\/2025\/10\/Wie-viel.jpg?fit=1200%2C900&ssl=1&resize=525%2C300 1.5x, https:\/\/i0.wp.com\/www.jazzzeitung.de\/cms\/wp-content\/uploads\/2025\/10\/Wie-viel.jpg?fit=1200%2C900&ssl=1&resize=700%2C400 2x, https:\/\/i0.wp.com\/www.jazzzeitung.de\/cms\/wp-content\/uploads\/2025\/10\/Wie-viel.jpg?fit=1200%2C900&ssl=1&resize=1050%2C600 3x"},"classes":[]},{"id":32452,"url":"https:\/\/www.jazzzeitung.de\/cms\/2025\/04\/die-eingeschmolzene-jazz-radiowoche-vom-21-04-2025-bis-27-04-2025\/","url_meta":{"origin":33034,"position":5},"title":"Die eingeschmolzene Jazz-Radiowoche vom 21.04.2025 bis 27.04.2025","author":"Martin Hufner","date":"20. April 2025","format":false,"excerpt":"Jazz im Radio \u2013 Jeden Sonntag gibt es um 12 Uhr unsere \u00dcbersicht f\u00fcr die jeweils nachfolgende Woche. Die #Jazz-Radiowoche vom 21. bis 27. April 2025. Erheblich ausged\u00fcnnt. Auch als PDF zum Download \u2013 #Jazz #JazzZeitung #Radio #Radiowoche \u2013 Ein Service unserer Online-Redaktion.","rel":"","context":"In &quot;News&quot;","block_context":{"text":"News","link":"https:\/\/www.jazzzeitung.de\/cms\/thema\/nachrichten\/"},"img":{"alt_text":"Kn\u00f6pfe. Foto: Hufner","src":"https:\/\/i0.wp.com\/www.jazzzeitung.de\/cms\/wp-content\/uploads\/2025\/04\/knoepfe.jpg?fit=1200%2C900&ssl=1&resize=350%2C200","width":350,"height":200,"srcset":"https:\/\/i0.wp.com\/www.jazzzeitung.de\/cms\/wp-content\/uploads\/2025\/04\/knoepfe.jpg?fit=1200%2C900&ssl=1&resize=350%2C200 1x, https:\/\/i0.wp.com\/www.jazzzeitung.de\/cms\/wp-content\/uploads\/2025\/04\/knoepfe.jpg?fit=1200%2C900&ssl=1&resize=525%2C300 1.5x, https:\/\/i0.wp.com\/www.jazzzeitung.de\/cms\/wp-content\/uploads\/2025\/04\/knoepfe.jpg?fit=1200%2C900&ssl=1&resize=700%2C400 2x, https:\/\/i0.wp.com\/www.jazzzeitung.de\/cms\/wp-content\/uploads\/2025\/04\/knoepfe.jpg?fit=1200%2C900&ssl=1&resize=1050%2C600 3x"},"classes":[]}],"jetpack_sharing_enabled":false,"_links":{"self":[{"href":"https:\/\/www.jazzzeitung.de\/cms\/wp-json\/wp\/v2\/posts\/33034","targetHints":{"allow":["GET"]}}],"collection":[{"href":"https:\/\/www.jazzzeitung.de\/cms\/wp-json\/wp\/v2\/posts"}],"about":[{"href":"https:\/\/www.jazzzeitung.de\/cms\/wp-json\/wp\/v2\/types\/post"}],"author":[{"embeddable":true,"href":"https:\/\/www.jazzzeitung.de\/cms\/wp-json\/wp\/v2\/users\/1"}],"replies":[{"embeddable":true,"href":"https:\/\/www.jazzzeitung.de\/cms\/wp-json\/wp\/v2\/comments?post=33034"}],"version-history":[{"count":1,"href":"https:\/\/www.jazzzeitung.de\/cms\/wp-json\/wp\/v2\/posts\/33034\/revisions"}],"predecessor-version":[{"id":33036,"href":"https:\/\/www.jazzzeitung.de\/cms\/wp-json\/wp\/v2\/posts\/33034\/revisions\/33036"}],"wp:featuredmedia":[{"embeddable":true,"href":"https:\/\/www.jazzzeitung.de\/cms\/wp-json\/wp\/v2\/media\/33035"}],"wp:attachment":[{"href":"https:\/\/www.jazzzeitung.de\/cms\/wp-json\/wp\/v2\/media?parent=33034"}],"wp:term":[{"taxonomy":"category","embeddable":true,"href":"https:\/\/www.jazzzeitung.de\/cms\/wp-json\/wp\/v2\/categories?post=33034"},{"taxonomy":"post_tag","embeddable":true,"href":"https:\/\/www.jazzzeitung.de\/cms\/wp-json\/wp\/v2\/tags?post=33034"},{"taxonomy":"author","embeddable":true,"href":"https:\/\/www.jazzzeitung.de\/cms\/wp-json\/wp\/v2\/coauthors?post=33034"}],"curies":[{"name":"wp","href":"https:\/\/api.w.org\/{rel}","templated":true}]}}