{"id":32827,"date":"2025-07-17T12:40:35","date_gmt":"2025-07-17T10:40:35","guid":{"rendered":"https:\/\/www.jazzzeitung.de\/cms\/?p=32827"},"modified":"2025-07-17T12:38:47","modified_gmt":"2025-07-17T10:38:47","slug":"ein-rundgang-ueber-das-44-bayerische-jazzweekend-in-regensburg","status":"publish","type":"post","link":"https:\/\/www.jazzzeitung.de\/cms\/2025\/07\/ein-rundgang-ueber-das-44-bayerische-jazzweekend-in-regensburg\/","title":{"rendered":"Ein Rundgang \u00fcber das 44. Bayerische Jazzweekend in Regensburg"},"content":{"rendered":"<p>Rund 90.000 Musikbegeisterte lauschten vom 10. bis 13. Juli 2025 vier Tage lang den vielseitigen Spielarten des Jazz. An 14 Spielorten in Regensburg und weiteren 5 Spielorten in Kallm\u00fcnz erlebte das tanzfreudige, kritische und begeisterungsf\u00e4hige Publikum rund 110 unterschiedliche Formationen und deren Konzerte.<\/p>\n<p>International gefragte Gr\u00f6\u00dfen des Jazz trafen beim Jazzweekend auf junge, aufstrebende Talente, experimentelle T\u00f6ne auf klassische Kl\u00e4nge, au\u00dfergew\u00f6hnliche Stile auf unkonventionelle Zug\u00e4nge, laute auf leise T\u00f6ne, Dixieland auf Latin-Jazz und Techno.<\/p>\n<p>F\u00fcr welche Konzerte und K\u00fcnstler sich der Regensburger Musikkritiker und nmz-Redakteur Juan Martin Koch bei seinem diesj\u00e4hrigen Weekend-Rundgang entschied, zeigt unsere JazzZeitungs-Galerie.<\/p>\n<div class=\"tiled-gallery type-rectangular tiled-gallery-unresized\" data-original-width=\"840\" data-carousel-extra='{&quot;blog_id&quot;:1,&quot;permalink&quot;:&quot;https:\\\/\\\/www.jazzzeitung.de\\\/cms\\\/2025\\\/07\\\/ein-rundgang-ueber-das-44-bayerische-jazzweekend-in-regensburg\\\/&quot;,&quot;likes_blog_id&quot;:55446655}' itemscope itemtype=\"http:\/\/schema.org\/ImageGallery\" > <div class=\"gallery-row\" style=\"width: 840px; height: 421px;\" data-original-width=\"840\" data-original-height=\"421\" > <div class=\"gallery-group images-1\" style=\"width: 560px; height: 421px;\" data-original-width=\"560\" data-original-height=\"421\" > <div class=\"tiled-gallery-item tiled-gallery-item-large\" itemprop=\"associatedMedia\" itemscope itemtype=\"http:\/\/schema.org\/ImageObject\"> <a href=\"https:\/\/www.jazzzeitung.de\/cms\/2025\/07\/ein-rundgang-ueber-das-44-bayerische-jazzweekend-in-regensburg\/olympus-digital-camera-232\/\" border=\"0\" itemprop=\"url\"> <meta itemprop=\"width\" content=\"556\"> <meta itemprop=\"height\" content=\"417\"> <img decoding=\"async\" class=\"\" data-attachment-id=\"32828\" data-orig-file=\"https:\/\/www.jazzzeitung.de\/cms\/wp-content\/uploads\/2025\/07\/Chris-Gall-c-JM-Koch.jpg\" data-orig-size=\"2131,1599\" data-comments-opened=\"1\" data-image-meta=\"{&quot;aperture&quot;:&quot;5.8&quot;,&quot;credit&quot;:&quot;&quot;,&quot;camera&quot;:&quot;E-M10MarkII&quot;,&quot;caption&quot;:&quot;OLYMPUS DIGITAL CAMERA&quot;,&quot;created_timestamp&quot;:&quot;1752341760&quot;,&quot;copyright&quot;:&quot;Juan Martin Koch&quot;,&quot;focal_length&quot;:&quot;150&quot;,&quot;iso&quot;:&quot;200&quot;,&quot;shutter_speed&quot;:&quot;0.025&quot;,&quot;title&quot;:&quot;OLYMPUS DIGITAL CAMERA&quot;,&quot;orientation&quot;:&quot;1&quot;}\" data-image-title=\"OLYMPUS DIGITAL CAMERA\" data-image-description=\"\" data-medium-file=\"https:\/\/i0.wp.com\/www.jazzzeitung.de\/cms\/wp-content\/uploads\/2025\/07\/Chris-Gall-c-JM-Koch.jpg?fit=300%2C225&#038;ssl=1\" data-large-file=\"https:\/\/i0.wp.com\/www.jazzzeitung.de\/cms\/wp-content\/uploads\/2025\/07\/Chris-Gall-c-JM-Koch.jpg?fit=800%2C600&#038;ssl=1\" src=\"https:\/\/i0.wp.com\/www.jazzzeitung.de\/cms\/wp-content\/uploads\/2025\/07\/Chris-Gall-c-JM-Koch.jpg?w=556&#038;h=417&#038;ssl=1\" srcset=\"https:\/\/i0.wp.com\/www.jazzzeitung.de\/cms\/wp-content\/uploads\/2025\/07\/Chris-Gall-c-JM-Koch.jpg?w=2131&amp;ssl=1 2131w, https:\/\/i0.wp.com\/www.jazzzeitung.de\/cms\/wp-content\/uploads\/2025\/07\/Chris-Gall-c-JM-Koch.jpg?resize=300%2C225&amp;ssl=1 300w, https:\/\/i0.wp.com\/www.jazzzeitung.de\/cms\/wp-content\/uploads\/2025\/07\/Chris-Gall-c-JM-Koch.jpg?resize=800%2C600&amp;ssl=1 800w, https:\/\/i0.wp.com\/www.jazzzeitung.de\/cms\/wp-content\/uploads\/2025\/07\/Chris-Gall-c-JM-Koch.jpg?resize=768%2C576&amp;ssl=1 768w, https:\/\/i0.wp.com\/www.jazzzeitung.de\/cms\/wp-content\/uploads\/2025\/07\/Chris-Gall-c-JM-Koch.jpg?resize=1536%2C1153&amp;ssl=1 1536w, https:\/\/i0.wp.com\/www.jazzzeitung.de\/cms\/wp-content\/uploads\/2025\/07\/Chris-Gall-c-JM-Koch.jpg?resize=2048%2C1537&amp;ssl=1 2048w, https:\/\/i0.wp.com\/www.jazzzeitung.de\/cms\/wp-content\/uploads\/2025\/07\/Chris-Gall-c-JM-Koch.jpg?resize=1320%2C990&amp;ssl=1 1320w, https:\/\/i0.wp.com\/www.jazzzeitung.de\/cms\/wp-content\/uploads\/2025\/07\/Chris-Gall-c-JM-Koch.jpg?w=1680&amp;ssl=1 1680w\" width=\"556\" height=\"417\" loading=\"lazy\" data-original-width=\"556\" data-original-height=\"417\" itemprop=\"http:\/\/schema.org\/image\" title=\"OLYMPUS DIGITAL CAMERA\" alt=\"Glasklares Modulkonzept in der Tradition der Minimal Music: Prepared von und mit Chris Gall . Foto Juan Martin Koch\" style=\"width: 556px; height: 417px;\" \/> <\/a> <div class=\"tiled-gallery-caption\" itemprop=\"caption description\"> Glasklares Modulkonzept in der Tradition der Minimal Music: Prepared von und mit Chris Gall . Foto Juan Martin Koch <\/div> <\/div> <\/div> <!-- close group --> <div class=\"gallery-group images-2\" style=\"width: 280px; height: 421px;\" data-original-width=\"280\" data-original-height=\"421\" > <div class=\"tiled-gallery-item tiled-gallery-item-large\" itemprop=\"associatedMedia\" itemscope itemtype=\"http:\/\/schema.org\/ImageObject\"> <a href=\"https:\/\/www.jazzzeitung.de\/cms\/2025\/07\/ein-rundgang-ueber-das-44-bayerische-jazzweekend-in-regensburg\/olympus-digital-camera-233\/\" border=\"0\" itemprop=\"url\"> <meta itemprop=\"width\" content=\"276\"> <meta itemprop=\"height\" content=\"206\"> <img decoding=\"async\" class=\"\" data-attachment-id=\"32829\" data-orig-file=\"https:\/\/www.jazzzeitung.de\/cms\/wp-content\/uploads\/2025\/07\/Diego-Pinera-c-JM-Koch.jpg\" data-orig-size=\"2461,1845\" data-comments-opened=\"1\" data-image-meta=\"{&quot;aperture&quot;:&quot;2.8&quot;,&quot;credit&quot;:&quot;&quot;,&quot;camera&quot;:&quot;E-M10MarkII&quot;,&quot;caption&quot;:&quot;OLYMPUS DIGITAL CAMERA&quot;,&quot;created_timestamp&quot;:&quot;1752354525&quot;,&quot;copyright&quot;:&quot;Juan Martin Koch&quot;,&quot;focal_length&quot;:&quot;60&quot;,&quot;iso&quot;:&quot;200&quot;,&quot;shutter_speed&quot;:&quot;0.0125&quot;,&quot;title&quot;:&quot;OLYMPUS DIGITAL CAMERA&quot;,&quot;orientation&quot;:&quot;1&quot;}\" data-image-title=\"OLYMPUS DIGITAL CAMERA\" data-image-description=\"\" data-medium-file=\"https:\/\/i0.wp.com\/www.jazzzeitung.de\/cms\/wp-content\/uploads\/2025\/07\/Diego-Pinera-c-JM-Koch.jpg?fit=300%2C225&#038;ssl=1\" data-large-file=\"https:\/\/i0.wp.com\/www.jazzzeitung.de\/cms\/wp-content\/uploads\/2025\/07\/Diego-Pinera-c-JM-Koch.jpg?fit=800%2C600&#038;ssl=1\" src=\"https:\/\/i0.wp.com\/www.jazzzeitung.de\/cms\/wp-content\/uploads\/2025\/07\/Diego-Pinera-c-JM-Koch.jpg?w=276&#038;h=206&#038;ssl=1\" srcset=\"https:\/\/i0.wp.com\/www.jazzzeitung.de\/cms\/wp-content\/uploads\/2025\/07\/Diego-Pinera-c-JM-Koch.jpg?w=2461&amp;ssl=1 2461w, https:\/\/i0.wp.com\/www.jazzzeitung.de\/cms\/wp-content\/uploads\/2025\/07\/Diego-Pinera-c-JM-Koch.jpg?resize=300%2C225&amp;ssl=1 300w, https:\/\/i0.wp.com\/www.jazzzeitung.de\/cms\/wp-content\/uploads\/2025\/07\/Diego-Pinera-c-JM-Koch.jpg?resize=800%2C600&amp;ssl=1 800w, https:\/\/i0.wp.com\/www.jazzzeitung.de\/cms\/wp-content\/uploads\/2025\/07\/Diego-Pinera-c-JM-Koch.jpg?resize=768%2C576&amp;ssl=1 768w, https:\/\/i0.wp.com\/www.jazzzeitung.de\/cms\/wp-content\/uploads\/2025\/07\/Diego-Pinera-c-JM-Koch.jpg?resize=1536%2C1152&amp;ssl=1 1536w, https:\/\/i0.wp.com\/www.jazzzeitung.de\/cms\/wp-content\/uploads\/2025\/07\/Diego-Pinera-c-JM-Koch.jpg?resize=2048%2C1535&amp;ssl=1 2048w, https:\/\/i0.wp.com\/www.jazzzeitung.de\/cms\/wp-content\/uploads\/2025\/07\/Diego-Pinera-c-JM-Koch.jpg?resize=1320%2C990&amp;ssl=1 1320w, https:\/\/i0.wp.com\/www.jazzzeitung.de\/cms\/wp-content\/uploads\/2025\/07\/Diego-Pinera-c-JM-Koch.jpg?w=1680&amp;ssl=1 1680w\" width=\"276\" height=\"206\" loading=\"lazy\" data-original-width=\"276\" data-original-height=\"206\" itemprop=\"http:\/\/schema.org\/image\" title=\"OLYMPUS DIGITAL CAMERA\" alt=\"Unb\u00e4ndige Spiellaune in allen metrischen Konstellationen: Diego Pi\u00f1eras Odd Wisdom. Foto: Juan Martin KochA\" style=\"width: 276px; height: 206px;\" \/> <\/a> <div class=\"tiled-gallery-caption\" itemprop=\"caption description\"> Unb\u00e4ndige Spiellaune in allen metrischen Konstellationen: Diego Pi\u00f1eras Odd Wisdom. Foto: Juan Martin KochA <\/div> <\/div> <div class=\"tiled-gallery-item tiled-gallery-item-large\" itemprop=\"associatedMedia\" itemscope itemtype=\"http:\/\/schema.org\/ImageObject\"> <a href=\"https:\/\/www.jazzzeitung.de\/cms\/2025\/07\/ein-rundgang-ueber-das-44-bayerische-jazzweekend-in-regensburg\/olympus-digital-camera-234\/\" border=\"0\" itemprop=\"url\"> <meta itemprop=\"width\" content=\"276\"> <meta itemprop=\"height\" content=\"207\"> <img decoding=\"async\" class=\"\" data-attachment-id=\"32830\" data-orig-file=\"https:\/\/www.jazzzeitung.de\/cms\/wp-content\/uploads\/2025\/07\/Dream-Big-Fish-c-JM-Koch-scaled.jpg\" data-orig-size=\"2560,1920\" data-comments-opened=\"1\" data-image-meta=\"{&quot;aperture&quot;:&quot;2.8&quot;,&quot;credit&quot;:&quot;&quot;,&quot;camera&quot;:&quot;E-M10MarkII&quot;,&quot;caption&quot;:&quot;OLYMPUS DIGITAL CAMERA&quot;,&quot;created_timestamp&quot;:&quot;1752438905&quot;,&quot;copyright&quot;:&quot;Juan Martin Koch&quot;,&quot;focal_length&quot;:&quot;60&quot;,&quot;iso&quot;:&quot;200&quot;,&quot;shutter_speed&quot;:&quot;0.004&quot;,&quot;title&quot;:&quot;OLYMPUS DIGITAL CAMERA&quot;,&quot;orientation&quot;:&quot;1&quot;}\" data-image-title=\"OLYMPUS DIGITAL CAMERA\" data-image-description=\"\" data-medium-file=\"https:\/\/i0.wp.com\/www.jazzzeitung.de\/cms\/wp-content\/uploads\/2025\/07\/Dream-Big-Fish-c-JM-Koch-scaled.jpg?fit=300%2C225&#038;ssl=1\" data-large-file=\"https:\/\/i0.wp.com\/www.jazzzeitung.de\/cms\/wp-content\/uploads\/2025\/07\/Dream-Big-Fish-c-JM-Koch-scaled.jpg?fit=800%2C600&#038;ssl=1\" src=\"https:\/\/i0.wp.com\/www.jazzzeitung.de\/cms\/wp-content\/uploads\/2025\/07\/Dream-Big-Fish-c-JM-Koch-scaled.jpg?w=276&#038;h=207&#038;ssl=1\" srcset=\"https:\/\/i0.wp.com\/www.jazzzeitung.de\/cms\/wp-content\/uploads\/2025\/07\/Dream-Big-Fish-c-JM-Koch-scaled.jpg?w=2560&amp;ssl=1 2560w, https:\/\/i0.wp.com\/www.jazzzeitung.de\/cms\/wp-content\/uploads\/2025\/07\/Dream-Big-Fish-c-JM-Koch-scaled.jpg?resize=300%2C225&amp;ssl=1 300w, https:\/\/i0.wp.com\/www.jazzzeitung.de\/cms\/wp-content\/uploads\/2025\/07\/Dream-Big-Fish-c-JM-Koch-scaled.jpg?resize=800%2C600&amp;ssl=1 800w, https:\/\/i0.wp.com\/www.jazzzeitung.de\/cms\/wp-content\/uploads\/2025\/07\/Dream-Big-Fish-c-JM-Koch-scaled.jpg?resize=768%2C576&amp;ssl=1 768w, https:\/\/i0.wp.com\/www.jazzzeitung.de\/cms\/wp-content\/uploads\/2025\/07\/Dream-Big-Fish-c-JM-Koch-scaled.jpg?resize=1536%2C1152&amp;ssl=1 1536w, https:\/\/i0.wp.com\/www.jazzzeitung.de\/cms\/wp-content\/uploads\/2025\/07\/Dream-Big-Fish-c-JM-Koch-scaled.jpg?resize=2048%2C1536&amp;ssl=1 2048w, https:\/\/i0.wp.com\/www.jazzzeitung.de\/cms\/wp-content\/uploads\/2025\/07\/Dream-Big-Fish-c-JM-Koch-scaled.jpg?resize=1320%2C990&amp;ssl=1 1320w, https:\/\/i0.wp.com\/www.jazzzeitung.de\/cms\/wp-content\/uploads\/2025\/07\/Dream-Big-Fish-c-JM-Koch-scaled.jpg?w=1680&amp;ssl=1 1680w\" width=\"276\" height=\"207\" loading=\"lazy\" data-original-width=\"276\" data-original-height=\"207\" itemprop=\"http:\/\/schema.org\/image\" title=\"OLYMPUS DIGITAL CAMERA\" alt=\"Herausragendes Freispiel-Trio: Dream Big Fisch mit Julius Gawlik, Tenorsaxophon, Thorbj\u00f8rn Stefansson, Bass und Marius Wankel, Drums. Juan Martin Koch\" style=\"width: 276px; height: 207px;\" \/> <\/a> <div class=\"tiled-gallery-caption\" itemprop=\"caption description\"> Herausragendes Freispiel-Trio: Dream Big Fisch mit Julius Gawlik, Tenorsaxophon, Thorbj\u00f8rn Stefansson, Bass und Marius Wankel, Drums. Juan Martin Koch <\/div> <\/div> <\/div> <!-- close group --> <\/div> <!-- close row --> <div class=\"gallery-row\" style=\"width: 840px; height: 158px;\" data-original-width=\"840\" data-original-height=\"158\" > <div class=\"gallery-group images-1\" style=\"width: 210px; height: 158px;\" data-original-width=\"210\" data-original-height=\"158\" > <div class=\"tiled-gallery-item tiled-gallery-item-small\" itemprop=\"associatedMedia\" itemscope itemtype=\"http:\/\/schema.org\/ImageObject\"> <a href=\"https:\/\/www.jazzzeitung.de\/cms\/2025\/07\/ein-rundgang-ueber-das-44-bayerische-jazzweekend-in-regensburg\/olympus-digital-camera-235\/\" border=\"0\" itemprop=\"url\"> <meta itemprop=\"width\" content=\"206\"> <meta itemprop=\"height\" content=\"154\"> <img decoding=\"async\" class=\"\" data-attachment-id=\"32831\" data-orig-file=\"https:\/\/www.jazzzeitung.de\/cms\/wp-content\/uploads\/2025\/07\/Fiona-Grond-c-JM-Koch.jpg\" data-orig-size=\"2461,1845\" data-comments-opened=\"1\" data-image-meta=\"{&quot;aperture&quot;:&quot;3.5&quot;,&quot;credit&quot;:&quot;&quot;,&quot;camera&quot;:&quot;E-M10MarkII&quot;,&quot;caption&quot;:&quot;OLYMPUS DIGITAL CAMERA&quot;,&quot;created_timestamp&quot;:&quot;1752334535&quot;,&quot;copyright&quot;:&quot;Juan Martin Koch&quot;,&quot;focal_length&quot;:&quot;60&quot;,&quot;iso&quot;:&quot;200&quot;,&quot;shutter_speed&quot;:&quot;0.0025&quot;,&quot;title&quot;:&quot;OLYMPUS DIGITAL CAMERA&quot;,&quot;orientation&quot;:&quot;1&quot;}\" data-image-title=\"OLYMPUS DIGITAL CAMERA\" data-image-description=\"\" data-medium-file=\"https:\/\/i0.wp.com\/www.jazzzeitung.de\/cms\/wp-content\/uploads\/2025\/07\/Fiona-Grond-c-JM-Koch.jpg?fit=300%2C225&#038;ssl=1\" data-large-file=\"https:\/\/i0.wp.com\/www.jazzzeitung.de\/cms\/wp-content\/uploads\/2025\/07\/Fiona-Grond-c-JM-Koch.jpg?fit=800%2C600&#038;ssl=1\" src=\"https:\/\/i0.wp.com\/www.jazzzeitung.de\/cms\/wp-content\/uploads\/2025\/07\/Fiona-Grond-c-JM-Koch.jpg?w=206&#038;h=154&#038;ssl=1\" srcset=\"https:\/\/i0.wp.com\/www.jazzzeitung.de\/cms\/wp-content\/uploads\/2025\/07\/Fiona-Grond-c-JM-Koch.jpg?w=2461&amp;ssl=1 2461w, https:\/\/i0.wp.com\/www.jazzzeitung.de\/cms\/wp-content\/uploads\/2025\/07\/Fiona-Grond-c-JM-Koch.jpg?resize=300%2C225&amp;ssl=1 300w, https:\/\/i0.wp.com\/www.jazzzeitung.de\/cms\/wp-content\/uploads\/2025\/07\/Fiona-Grond-c-JM-Koch.jpg?resize=800%2C600&amp;ssl=1 800w, https:\/\/i0.wp.com\/www.jazzzeitung.de\/cms\/wp-content\/uploads\/2025\/07\/Fiona-Grond-c-JM-Koch.jpg?resize=768%2C576&amp;ssl=1 768w, https:\/\/i0.wp.com\/www.jazzzeitung.de\/cms\/wp-content\/uploads\/2025\/07\/Fiona-Grond-c-JM-Koch.jpg?resize=1536%2C1152&amp;ssl=1 1536w, https:\/\/i0.wp.com\/www.jazzzeitung.de\/cms\/wp-content\/uploads\/2025\/07\/Fiona-Grond-c-JM-Koch.jpg?resize=2048%2C1535&amp;ssl=1 2048w, https:\/\/i0.wp.com\/www.jazzzeitung.de\/cms\/wp-content\/uploads\/2025\/07\/Fiona-Grond-c-JM-Koch.jpg?resize=1320%2C990&amp;ssl=1 1320w, https:\/\/i0.wp.com\/www.jazzzeitung.de\/cms\/wp-content\/uploads\/2025\/07\/Fiona-Grond-c-JM-Koch.jpg?w=1680&amp;ssl=1 1680w\" width=\"206\" height=\"154\" loading=\"lazy\" data-original-width=\"206\" data-original-height=\"154\" itemprop=\"http:\/\/schema.org\/image\" title=\"OLYMPUS DIGITAL CAMERA\" alt=\"Die hohe Kunst des Jazzliedgesangs: Fiona Grond. Foto: Juan Martin Koch\" style=\"width: 206px; height: 154px;\" \/> <\/a> <div class=\"tiled-gallery-caption\" itemprop=\"caption description\"> Die hohe Kunst des Jazzliedgesangs: Fiona Grond. Foto: Juan Martin Koch <\/div> <\/div> <\/div> <!-- close group --> <div class=\"gallery-group images-1\" style=\"width: 210px; height: 158px;\" data-original-width=\"210\" data-original-height=\"158\" > <div class=\"tiled-gallery-item tiled-gallery-item-small\" itemprop=\"associatedMedia\" itemscope itemtype=\"http:\/\/schema.org\/ImageObject\"> <a href=\"https:\/\/www.jazzzeitung.de\/cms\/2025\/07\/ein-rundgang-ueber-das-44-bayerische-jazzweekend-in-regensburg\/olympus-digital-camera-236\/\" border=\"0\" itemprop=\"url\"> <meta itemprop=\"width\" content=\"206\"> <meta itemprop=\"height\" content=\"154\"> <img decoding=\"async\" class=\"\" data-attachment-id=\"32832\" data-orig-file=\"https:\/\/www.jazzzeitung.de\/cms\/wp-content\/uploads\/2025\/07\/Roundabout-Manu-Kreutzer-c-JM-Koch.jpg\" data-orig-size=\"2461,1845\" data-comments-opened=\"1\" data-image-meta=\"{&quot;aperture&quot;:&quot;6.3&quot;,&quot;credit&quot;:&quot;&quot;,&quot;camera&quot;:&quot;E-M10MarkII&quot;,&quot;caption&quot;:&quot;OLYMPUS DIGITAL CAMERA&quot;,&quot;created_timestamp&quot;:&quot;1752260625&quot;,&quot;copyright&quot;:&quot;Juan Martin Koch&quot;,&quot;focal_length&quot;:&quot;118&quot;,&quot;iso&quot;:&quot;200&quot;,&quot;shutter_speed&quot;:&quot;0.016666666666667&quot;,&quot;title&quot;:&quot;OLYMPUS DIGITAL CAMERA&quot;,&quot;orientation&quot;:&quot;1&quot;}\" data-image-title=\"OLYMPUS DIGITAL CAMERA\" data-image-description=\"\" data-medium-file=\"https:\/\/i0.wp.com\/www.jazzzeitung.de\/cms\/wp-content\/uploads\/2025\/07\/Roundabout-Manu-Kreutzer-c-JM-Koch.jpg?fit=300%2C225&#038;ssl=1\" data-large-file=\"https:\/\/i0.wp.com\/www.jazzzeitung.de\/cms\/wp-content\/uploads\/2025\/07\/Roundabout-Manu-Kreutzer-c-JM-Koch.jpg?fit=800%2C600&#038;ssl=1\" src=\"https:\/\/i0.wp.com\/www.jazzzeitung.de\/cms\/wp-content\/uploads\/2025\/07\/Roundabout-Manu-Kreutzer-c-JM-Koch.jpg?w=206&#038;h=154&#038;ssl=1\" srcset=\"https:\/\/i0.wp.com\/www.jazzzeitung.de\/cms\/wp-content\/uploads\/2025\/07\/Roundabout-Manu-Kreutzer-c-JM-Koch.jpg?w=2461&amp;ssl=1 2461w, https:\/\/i0.wp.com\/www.jazzzeitung.de\/cms\/wp-content\/uploads\/2025\/07\/Roundabout-Manu-Kreutzer-c-JM-Koch.jpg?resize=300%2C225&amp;ssl=1 300w, https:\/\/i0.wp.com\/www.jazzzeitung.de\/cms\/wp-content\/uploads\/2025\/07\/Roundabout-Manu-Kreutzer-c-JM-Koch.jpg?resize=800%2C600&amp;ssl=1 800w, https:\/\/i0.wp.com\/www.jazzzeitung.de\/cms\/wp-content\/uploads\/2025\/07\/Roundabout-Manu-Kreutzer-c-JM-Koch.jpg?resize=768%2C576&amp;ssl=1 768w, https:\/\/i0.wp.com\/www.jazzzeitung.de\/cms\/wp-content\/uploads\/2025\/07\/Roundabout-Manu-Kreutzer-c-JM-Koch.jpg?resize=1536%2C1152&amp;ssl=1 1536w, https:\/\/i0.wp.com\/www.jazzzeitung.de\/cms\/wp-content\/uploads\/2025\/07\/Roundabout-Manu-Kreutzer-c-JM-Koch.jpg?resize=2048%2C1535&amp;ssl=1 2048w, https:\/\/i0.wp.com\/www.jazzzeitung.de\/cms\/wp-content\/uploads\/2025\/07\/Roundabout-Manu-Kreutzer-c-JM-Koch.jpg?resize=1320%2C990&amp;ssl=1 1320w, https:\/\/i0.wp.com\/www.jazzzeitung.de\/cms\/wp-content\/uploads\/2025\/07\/Roundabout-Manu-Kreutzer-c-JM-Koch.jpg?w=1680&amp;ssl=1 1680w\" width=\"206\" height=\"154\" loading=\"lazy\" data-original-width=\"206\" data-original-height=\"154\" itemprop=\"http:\/\/schema.org\/image\" title=\"OLYMPUS DIGITAL CAMERA\" alt=\"Junge Energie aus Linz: Man\u00fa Kreutzer von Roundabout. Foto: Juan martin Koch\" style=\"width: 206px; height: 154px;\" \/> <\/a> <div class=\"tiled-gallery-caption\" itemprop=\"caption description\"> Junge Energie aus Linz: Man\u00fa Kreutzer von Roundabout. Foto: Juan martin Koch <\/div> <\/div> <\/div> <!-- close group --> <div class=\"gallery-group images-1\" style=\"width: 210px; height: 158px;\" data-original-width=\"210\" data-original-height=\"158\" > <div class=\"tiled-gallery-item tiled-gallery-item-small\" itemprop=\"associatedMedia\" itemscope itemtype=\"http:\/\/schema.org\/ImageObject\"> <a href=\"https:\/\/www.jazzzeitung.de\/cms\/2025\/07\/ein-rundgang-ueber-das-44-bayerische-jazzweekend-in-regensburg\/olympus-digital-camera-237\/\" border=\"0\" itemprop=\"url\"> <meta itemprop=\"width\" content=\"206\"> <meta itemprop=\"height\" content=\"154\"> <img decoding=\"async\" class=\"\" data-attachment-id=\"32833\" data-orig-file=\"https:\/\/www.jazzzeitung.de\/cms\/wp-content\/uploads\/2025\/07\/SiEA-Antonia-Dering-c-JM-Koch.jpg\" data-orig-size=\"2461,1846\" data-comments-opened=\"1\" data-image-meta=\"{&quot;aperture&quot;:&quot;1.8&quot;,&quot;credit&quot;:&quot;&quot;,&quot;camera&quot;:&quot;E-M10MarkII&quot;,&quot;caption&quot;:&quot;OLYMPUS DIGITAL CAMERA&quot;,&quot;created_timestamp&quot;:&quot;1752267402&quot;,&quot;copyright&quot;:&quot;Juan Martin Koch&quot;,&quot;focal_length&quot;:&quot;45&quot;,&quot;iso&quot;:&quot;200&quot;,&quot;shutter_speed&quot;:&quot;0.008&quot;,&quot;title&quot;:&quot;OLYMPUS DIGITAL CAMERA&quot;,&quot;orientation&quot;:&quot;1&quot;}\" data-image-title=\"OLYMPUS DIGITAL CAMERA\" data-image-description=\"\" data-medium-file=\"https:\/\/i0.wp.com\/www.jazzzeitung.de\/cms\/wp-content\/uploads\/2025\/07\/SiEA-Antonia-Dering-c-JM-Koch.jpg?fit=300%2C225&#038;ssl=1\" data-large-file=\"https:\/\/i0.wp.com\/www.jazzzeitung.de\/cms\/wp-content\/uploads\/2025\/07\/SiEA-Antonia-Dering-c-JM-Koch.jpg?fit=800%2C600&#038;ssl=1\" src=\"https:\/\/i0.wp.com\/www.jazzzeitung.de\/cms\/wp-content\/uploads\/2025\/07\/SiEA-Antonia-Dering-c-JM-Koch.jpg?w=206&#038;h=154&#038;ssl=1\" srcset=\"https:\/\/i0.wp.com\/www.jazzzeitung.de\/cms\/wp-content\/uploads\/2025\/07\/SiEA-Antonia-Dering-c-JM-Koch.jpg?w=2461&amp;ssl=1 2461w, https:\/\/i0.wp.com\/www.jazzzeitung.de\/cms\/wp-content\/uploads\/2025\/07\/SiEA-Antonia-Dering-c-JM-Koch.jpg?resize=300%2C225&amp;ssl=1 300w, https:\/\/i0.wp.com\/www.jazzzeitung.de\/cms\/wp-content\/uploads\/2025\/07\/SiEA-Antonia-Dering-c-JM-Koch.jpg?resize=800%2C600&amp;ssl=1 800w, https:\/\/i0.wp.com\/www.jazzzeitung.de\/cms\/wp-content\/uploads\/2025\/07\/SiEA-Antonia-Dering-c-JM-Koch.jpg?resize=768%2C576&amp;ssl=1 768w, https:\/\/i0.wp.com\/www.jazzzeitung.de\/cms\/wp-content\/uploads\/2025\/07\/SiEA-Antonia-Dering-c-JM-Koch.jpg?resize=1536%2C1152&amp;ssl=1 1536w, https:\/\/i0.wp.com\/www.jazzzeitung.de\/cms\/wp-content\/uploads\/2025\/07\/SiEA-Antonia-Dering-c-JM-Koch.jpg?resize=2048%2C1536&amp;ssl=1 2048w, https:\/\/i0.wp.com\/www.jazzzeitung.de\/cms\/wp-content\/uploads\/2025\/07\/SiEA-Antonia-Dering-c-JM-Koch.jpg?resize=1320%2C990&amp;ssl=1 1320w, https:\/\/i0.wp.com\/www.jazzzeitung.de\/cms\/wp-content\/uploads\/2025\/07\/SiEA-Antonia-Dering-c-JM-Koch.jpg?w=1680&amp;ssl=1 1680w\" width=\"206\" height=\"154\" loading=\"lazy\" data-original-width=\"206\" data-original-height=\"154\" itemprop=\"http:\/\/schema.org\/image\" title=\"OLYMPUS DIGITAL CAMERA\" alt=\"SiEA: Pop und Performance mit Antonia Dering. Im Hintergrund Valentina Oefele, Altsaxophon, und Am\u00e9lie Haidt, Gitarre. Foto Juan Martin Koch\" style=\"width: 206px; height: 154px;\" \/> <\/a> <div class=\"tiled-gallery-caption\" itemprop=\"caption description\"> SiEA: Pop und Performance mit Antonia Dering. Im Hintergrund Valentina Oefele, Altsaxophon, und Am\u00e9lie Haidt, Gitarre. Foto Juan Martin Koch <\/div> <\/div> <\/div> <!-- close group --> <div class=\"gallery-group images-1\" style=\"width: 210px; height: 158px;\" data-original-width=\"210\" data-original-height=\"158\" > <div class=\"tiled-gallery-item tiled-gallery-item-small\" itemprop=\"associatedMedia\" itemscope itemtype=\"http:\/\/schema.org\/ImageObject\"> <a href=\"https:\/\/www.jazzzeitung.de\/cms\/2025\/07\/ein-rundgang-ueber-das-44-bayerische-jazzweekend-in-regensburg\/olympus-digital-camera-238\/\" border=\"0\" itemprop=\"url\"> <meta itemprop=\"width\" content=\"206\"> <meta itemprop=\"height\" content=\"154\"> <img decoding=\"async\" class=\"\" data-attachment-id=\"32834\" data-orig-file=\"https:\/\/www.jazzzeitung.de\/cms\/wp-content\/uploads\/2025\/07\/Vincent-Meissner-c-JM-Koch.jpg\" data-orig-size=\"2461,1845\" data-comments-opened=\"1\" data-image-meta=\"{&quot;aperture&quot;:&quot;5.6&quot;,&quot;credit&quot;:&quot;&quot;,&quot;camera&quot;:&quot;E-M10MarkII&quot;,&quot;caption&quot;:&quot;OLYMPUS DIGITAL CAMERA&quot;,&quot;created_timestamp&quot;:&quot;1752328095&quot;,&quot;copyright&quot;:&quot;Juan Martin Koch&quot;,&quot;focal_length&quot;:&quot;70&quot;,&quot;iso&quot;:&quot;800&quot;,&quot;shutter_speed&quot;:&quot;0.0015625&quot;,&quot;title&quot;:&quot;OLYMPUS DIGITAL CAMERA&quot;,&quot;orientation&quot;:&quot;1&quot;}\" data-image-title=\"OLYMPUS DIGITAL CAMERA\" data-image-description=\"\" data-medium-file=\"https:\/\/i0.wp.com\/www.jazzzeitung.de\/cms\/wp-content\/uploads\/2025\/07\/Vincent-Meissner-c-JM-Koch.jpg?fit=300%2C225&#038;ssl=1\" data-large-file=\"https:\/\/i0.wp.com\/www.jazzzeitung.de\/cms\/wp-content\/uploads\/2025\/07\/Vincent-Meissner-c-JM-Koch.jpg?fit=800%2C600&#038;ssl=1\" src=\"https:\/\/i0.wp.com\/www.jazzzeitung.de\/cms\/wp-content\/uploads\/2025\/07\/Vincent-Meissner-c-JM-Koch.jpg?w=206&#038;h=154&#038;ssl=1\" srcset=\"https:\/\/i0.wp.com\/www.jazzzeitung.de\/cms\/wp-content\/uploads\/2025\/07\/Vincent-Meissner-c-JM-Koch.jpg?w=2461&amp;ssl=1 2461w, https:\/\/i0.wp.com\/www.jazzzeitung.de\/cms\/wp-content\/uploads\/2025\/07\/Vincent-Meissner-c-JM-Koch.jpg?resize=300%2C225&amp;ssl=1 300w, https:\/\/i0.wp.com\/www.jazzzeitung.de\/cms\/wp-content\/uploads\/2025\/07\/Vincent-Meissner-c-JM-Koch.jpg?resize=800%2C600&amp;ssl=1 800w, https:\/\/i0.wp.com\/www.jazzzeitung.de\/cms\/wp-content\/uploads\/2025\/07\/Vincent-Meissner-c-JM-Koch.jpg?resize=768%2C576&amp;ssl=1 768w, https:\/\/i0.wp.com\/www.jazzzeitung.de\/cms\/wp-content\/uploads\/2025\/07\/Vincent-Meissner-c-JM-Koch.jpg?resize=1536%2C1152&amp;ssl=1 1536w, https:\/\/i0.wp.com\/www.jazzzeitung.de\/cms\/wp-content\/uploads\/2025\/07\/Vincent-Meissner-c-JM-Koch.jpg?resize=2048%2C1535&amp;ssl=1 2048w, https:\/\/i0.wp.com\/www.jazzzeitung.de\/cms\/wp-content\/uploads\/2025\/07\/Vincent-Meissner-c-JM-Koch.jpg?resize=1320%2C990&amp;ssl=1 1320w, https:\/\/i0.wp.com\/www.jazzzeitung.de\/cms\/wp-content\/uploads\/2025\/07\/Vincent-Meissner-c-JM-Koch.jpg?w=1680&amp;ssl=1 1680w\" width=\"206\" height=\"154\" loading=\"lazy\" data-original-width=\"206\" data-original-height=\"154\" itemprop=\"http:\/\/schema.org\/image\" title=\"OLYMPUS DIGITAL CAMERA\" alt=\"Wollny-Sch\u00fcler mit eigener Pers\u00f6nlichkeit: Vincent Meissner. Foto: Juan Martin Koch\" style=\"width: 206px; height: 154px;\" \/> <\/a> <div class=\"tiled-gallery-caption\" itemprop=\"caption description\"> Wollny-Sch\u00fcler mit eigener Pers\u00f6nlichkeit: Vincent Meissner. Foto: Juan Martin Koch <\/div> <\/div> <\/div> <!-- close group --> <\/div> <!-- close row --> <\/div>\n<p>Das Bayerische Jazzweekend geht im kommenden Jahr, von <b>2. bis zum 5. Juli 2026<\/b>, in seine 45. Ausgabe. Musikerinnen und Musiker k\u00f6nnen sich ab dem 1. August 2025 \u00fcber ein Online-Formular unter folgenden Link\u00a0f\u00fcr einen Auftritt bewerben. Die Bewerbungsphase l\u00e4uft bis zum 15. Oktober 2025.<\/p>\n<p><a href=\"https:\/\/www.jazzwe.de\/\">jazzwe.de<\/a><\/p>\n","protected":false},"excerpt":{"rendered":"<p>Rund 90.000 Musikbegeisterte lauschten vom 10. bis 13. Juli 2025 vier Tage lang den vielseitigen Spielarten des Jazz. An 14 Spielorten in Regensburg und weiteren 5 Spielorten in Kallm\u00fcnz erlebte das tanzfreudige, kritische und begeisterungsf\u00e4hige Publikum rund 110 unterschiedliche Formationen und deren Konzerte. International gefragte Gr\u00f6\u00dfen des Jazz trafen beim Jazzweekend auf junge, aufstrebende Talente, experimentelle T\u00f6ne auf klassische Kl\u00e4nge, au\u00dfergew\u00f6hnliche Stile auf unkonventionelle Zug\u00e4nge, laute auf leise T\u00f6ne, Dixieland auf Latin-Jazz und Techno. F\u00fcr welche Konzerte und K\u00fcnstler sich der Regensburger Musikkritiker und nmz-Redakteur Juan Martin Koch bei seinem diesj\u00e4hrigen Weekend-Rundgang entschied, zeigt unsere JazzZeitungs-Galerie. Das Bayerische Jazzweekend geht im kommenden Jahr, von 2. bis zum 5. Juli 2026, in seine 45. Ausgabe. Musikerinnen und Musiker k\u00f6nnen sich ab dem 1. August 2025 \u00fcber ein Online-Formular unter folgenden Link\u00a0f\u00fcr einen Auftritt bewerben. Die Bewerbungsphase l\u00e4uft bis zum 15. Oktober 2025. jazzwe.de<\/p>\n","protected":false},"author":18,"featured_media":32833,"comment_status":"open","ping_status":"closed","sticky":false,"template":"","format":"standard","meta":{"_jetpack_memberships_contains_paid_content":false,"footnotes":"","jetpack_publicize_message":"","jetpack_publicize_feature_enabled":true,"jetpack_social_post_already_shared":true,"jetpack_social_options":{"image_generator_settings":{"template":"highway","default_image_id":0,"font":"","enabled":false},"version":2}},"categories":[652],"tags":[5653,1035],"coauthors":[695],"class_list":["post-32827","post","type-post","status-publish","format-standard","has-post-thumbnail","hentry","category-galerie","tag-bayerisches-jazzweekend-2025","tag-tobias-meinhart"],"yoast_head":"<!-- This site is optimized with the Yoast SEO plugin v27.4 - https:\/\/yoast.com\/product\/yoast-seo-wordpress\/ -->\n<title>Ein Rundgang \u00fcber das 44. Bayerische Jazzweekend in Regensburg - JazzZeitung<\/title>\n<meta name=\"robots\" content=\"index, follow, max-snippet:-1, max-image-preview:large, max-video-preview:-1\" \/>\n<link rel=\"canonical\" href=\"https:\/\/www.jazzzeitung.de\/cms\/2025\/07\/ein-rundgang-ueber-das-44-bayerische-jazzweekend-in-regensburg\/\" \/>\n<meta property=\"og:locale\" content=\"de_DE\" \/>\n<meta property=\"og:type\" content=\"article\" \/>\n<meta property=\"og:title\" content=\"Ein Rundgang \u00fcber das 44. Bayerische Jazzweekend in Regensburg - JazzZeitung\" \/>\n<meta property=\"og:description\" content=\"Rund 90.000 Musikbegeisterte lauschten vom 10. bis 13. Juli 2025 vier Tage lang den vielseitigen Spielarten des Jazz. An 14 Spielorten in Regensburg und weiteren 5 Spielorten in Kallm\u00fcnz erlebte das tanzfreudige, kritische und begeisterungsf\u00e4hige Publikum rund 110 unterschiedliche Formationen und deren Konzerte. International gefragte Gr\u00f6\u00dfen des Jazz trafen beim Jazzweekend auf junge, aufstrebende Talente, experimentelle T\u00f6ne auf klassische Kl\u00e4nge, au\u00dfergew\u00f6hnliche Stile auf unkonventionelle Zug\u00e4nge, laute auf leise T\u00f6ne, Dixieland auf Latin-Jazz und Techno. F\u00fcr welche Konzerte und K\u00fcnstler sich der Regensburger Musikkritiker und nmz-Redakteur Juan Martin Koch bei seinem diesj\u00e4hrigen Weekend-Rundgang entschied, zeigt unsere JazzZeitungs-Galerie. Das Bayerische Jazzweekend geht im kommenden Jahr, von 2. bis zum 5. Juli 2026, in seine 45. Ausgabe. Musikerinnen und Musiker k\u00f6nnen sich ab dem 1. August 2025 \u00fcber ein Online-Formular unter folgenden Link\u00a0f\u00fcr einen Auftritt bewerben. Die Bewerbungsphase l\u00e4uft bis zum 15. Oktober 2025. jazzwe.de\" \/>\n<meta property=\"og:url\" content=\"https:\/\/www.jazzzeitung.de\/cms\/2025\/07\/ein-rundgang-ueber-das-44-bayerische-jazzweekend-in-regensburg\/\" \/>\n<meta property=\"og:site_name\" content=\"JazzZeitung\" \/>\n<meta property=\"article:publisher\" content=\"https:\/\/www.facebook.com\/JazzZeitung\/\" \/>\n<meta property=\"article:published_time\" content=\"2025-07-17T10:40:35+00:00\" \/>\n<meta property=\"og:image\" content=\"https:\/\/www.jazzzeitung.de\/cms\/wp-content\/uploads\/2025\/07\/SiEA-Antonia-Dering-c-JM-Koch-800x600.jpg\" \/>\n\t<meta property=\"og:image:width\" content=\"800\" \/>\n\t<meta property=\"og:image:height\" content=\"600\" \/>\n\t<meta property=\"og:image:type\" content=\"image\/jpeg\" \/>\n<meta name=\"author\" content=\"Redaktion JazzZeitung\" \/>\n<script type=\"application\/ld+json\" class=\"yoast-schema-graph\">{\"@context\":\"https:\\\/\\\/schema.org\",\"@graph\":[{\"@type\":\"Article\",\"@id\":\"https:\\\/\\\/www.jazzzeitung.de\\\/cms\\\/2025\\\/07\\\/ein-rundgang-ueber-das-44-bayerische-jazzweekend-in-regensburg\\\/#article\",\"isPartOf\":{\"@id\":\"https:\\\/\\\/www.jazzzeitung.de\\\/cms\\\/2025\\\/07\\\/ein-rundgang-ueber-das-44-bayerische-jazzweekend-in-regensburg\\\/\"},\"author\":{\"name\":\"Redaktion JazzZeitung\",\"@id\":\"https:\\\/\\\/www.jazzzeitung.de\\\/cms\\\/#\\\/schema\\\/person\\\/2245b36b9cd1d24cea10f01c031fb92b\"},\"headline\":\"Ein Rundgang \u00fcber das 44. Bayerische Jazzweekend in Regensburg\",\"datePublished\":\"2025-07-17T10:40:35+00:00\",\"mainEntityOfPage\":{\"@id\":\"https:\\\/\\\/www.jazzzeitung.de\\\/cms\\\/2025\\\/07\\\/ein-rundgang-ueber-das-44-bayerische-jazzweekend-in-regensburg\\\/\"},\"wordCount\":156,\"commentCount\":0,\"publisher\":{\"@id\":\"https:\\\/\\\/www.jazzzeitung.de\\\/cms\\\/#organization\"},\"image\":{\"@id\":\"https:\\\/\\\/www.jazzzeitung.de\\\/cms\\\/2025\\\/07\\\/ein-rundgang-ueber-das-44-bayerische-jazzweekend-in-regensburg\\\/#primaryimage\"},\"thumbnailUrl\":\"https:\\\/\\\/i0.wp.com\\\/www.jazzzeitung.de\\\/cms\\\/wp-content\\\/uploads\\\/2025\\\/07\\\/SiEA-Antonia-Dering-c-JM-Koch.jpg?fit=2461%2C1846&ssl=1\",\"keywords\":[\"Bayerisches Jazzweekend 2025\",\"Tobias Meinhart\"],\"articleSection\":[\"Galerie\"],\"inLanguage\":\"de\",\"potentialAction\":[{\"@type\":\"CommentAction\",\"name\":\"Comment\",\"target\":[\"https:\\\/\\\/www.jazzzeitung.de\\\/cms\\\/2025\\\/07\\\/ein-rundgang-ueber-das-44-bayerische-jazzweekend-in-regensburg\\\/#respond\"]}]},{\"@type\":\"WebPage\",\"@id\":\"https:\\\/\\\/www.jazzzeitung.de\\\/cms\\\/2025\\\/07\\\/ein-rundgang-ueber-das-44-bayerische-jazzweekend-in-regensburg\\\/\",\"url\":\"https:\\\/\\\/www.jazzzeitung.de\\\/cms\\\/2025\\\/07\\\/ein-rundgang-ueber-das-44-bayerische-jazzweekend-in-regensburg\\\/\",\"name\":\"Ein Rundgang \u00fcber das 44. Bayerische Jazzweekend in Regensburg - JazzZeitung\",\"isPartOf\":{\"@id\":\"https:\\\/\\\/www.jazzzeitung.de\\\/cms\\\/#website\"},\"primaryImageOfPage\":{\"@id\":\"https:\\\/\\\/www.jazzzeitung.de\\\/cms\\\/2025\\\/07\\\/ein-rundgang-ueber-das-44-bayerische-jazzweekend-in-regensburg\\\/#primaryimage\"},\"image\":{\"@id\":\"https:\\\/\\\/www.jazzzeitung.de\\\/cms\\\/2025\\\/07\\\/ein-rundgang-ueber-das-44-bayerische-jazzweekend-in-regensburg\\\/#primaryimage\"},\"thumbnailUrl\":\"https:\\\/\\\/i0.wp.com\\\/www.jazzzeitung.de\\\/cms\\\/wp-content\\\/uploads\\\/2025\\\/07\\\/SiEA-Antonia-Dering-c-JM-Koch.jpg?fit=2461%2C1846&ssl=1\",\"datePublished\":\"2025-07-17T10:40:35+00:00\",\"breadcrumb\":{\"@id\":\"https:\\\/\\\/www.jazzzeitung.de\\\/cms\\\/2025\\\/07\\\/ein-rundgang-ueber-das-44-bayerische-jazzweekend-in-regensburg\\\/#breadcrumb\"},\"inLanguage\":\"de\",\"potentialAction\":[{\"@type\":\"ReadAction\",\"target\":[\"https:\\\/\\\/www.jazzzeitung.de\\\/cms\\\/2025\\\/07\\\/ein-rundgang-ueber-das-44-bayerische-jazzweekend-in-regensburg\\\/\"]}]},{\"@type\":\"ImageObject\",\"inLanguage\":\"de\",\"@id\":\"https:\\\/\\\/www.jazzzeitung.de\\\/cms\\\/2025\\\/07\\\/ein-rundgang-ueber-das-44-bayerische-jazzweekend-in-regensburg\\\/#primaryimage\",\"url\":\"https:\\\/\\\/i0.wp.com\\\/www.jazzzeitung.de\\\/cms\\\/wp-content\\\/uploads\\\/2025\\\/07\\\/SiEA-Antonia-Dering-c-JM-Koch.jpg?fit=2461%2C1846&ssl=1\",\"contentUrl\":\"https:\\\/\\\/i0.wp.com\\\/www.jazzzeitung.de\\\/cms\\\/wp-content\\\/uploads\\\/2025\\\/07\\\/SiEA-Antonia-Dering-c-JM-Koch.jpg?fit=2461%2C1846&ssl=1\",\"width\":2461,\"height\":1846,\"caption\":\"SiEA: Pop und Performance mit Antonia Dering. Im Hintergrund Valentina Oefele, Altsaxophon, und Am\u00e9lie Haidt, Gitarre. Foto Juan Martin Koch\"},{\"@type\":\"BreadcrumbList\",\"@id\":\"https:\\\/\\\/www.jazzzeitung.de\\\/cms\\\/2025\\\/07\\\/ein-rundgang-ueber-das-44-bayerische-jazzweekend-in-regensburg\\\/#breadcrumb\",\"itemListElement\":[{\"@type\":\"ListItem\",\"position\":1,\"name\":\"Startseite\",\"item\":\"https:\\\/\\\/www.jazzzeitung.de\\\/cms\\\/\"},{\"@type\":\"ListItem\",\"position\":2,\"name\":\"Ein Rundgang \u00fcber das 44. Bayerische Jazzweekend in Regensburg\"}]},{\"@type\":\"WebSite\",\"@id\":\"https:\\\/\\\/www.jazzzeitung.de\\\/cms\\\/#website\",\"url\":\"https:\\\/\\\/www.jazzzeitung.de\\\/cms\\\/\",\"name\":\"JazzZeitung\",\"description\":\"Jazz-News und Jazz-Kontroverses\",\"publisher\":{\"@id\":\"https:\\\/\\\/www.jazzzeitung.de\\\/cms\\\/#organization\"},\"potentialAction\":[{\"@type\":\"SearchAction\",\"target\":{\"@type\":\"EntryPoint\",\"urlTemplate\":\"https:\\\/\\\/www.jazzzeitung.de\\\/cms\\\/?s={search_term_string}\"},\"query-input\":{\"@type\":\"PropertyValueSpecification\",\"valueRequired\":true,\"valueName\":\"search_term_string\"}}],\"inLanguage\":\"de\"},{\"@type\":\"Organization\",\"@id\":\"https:\\\/\\\/www.jazzzeitung.de\\\/cms\\\/#organization\",\"name\":\"JazzZeitung online\",\"url\":\"https:\\\/\\\/www.jazzzeitung.de\\\/cms\\\/\",\"logo\":{\"@type\":\"ImageObject\",\"inLanguage\":\"de\",\"@id\":\"https:\\\/\\\/www.jazzzeitung.de\\\/cms\\\/#\\\/schema\\\/logo\\\/image\\\/\",\"url\":\"https:\\\/\\\/i0.wp.com\\\/www.jazzzeitung.de\\\/cms\\\/wp-content\\\/uploads\\\/2015\\\/08\\\/JAZZZEITUNGDE_Logo_Neu.png?fit=499%2C200&ssl=1\",\"contentUrl\":\"https:\\\/\\\/i0.wp.com\\\/www.jazzzeitung.de\\\/cms\\\/wp-content\\\/uploads\\\/2015\\\/08\\\/JAZZZEITUNGDE_Logo_Neu.png?fit=499%2C200&ssl=1\",\"width\":499,\"height\":200,\"caption\":\"JazzZeitung online\"},\"image\":{\"@id\":\"https:\\\/\\\/www.jazzzeitung.de\\\/cms\\\/#\\\/schema\\\/logo\\\/image\\\/\"},\"sameAs\":[\"https:\\\/\\\/www.facebook.com\\\/JazzZeitung\\\/\"]},{\"@type\":\"Person\",\"@id\":\"https:\\\/\\\/www.jazzzeitung.de\\\/cms\\\/#\\\/schema\\\/person\\\/2245b36b9cd1d24cea10f01c031fb92b\",\"name\":\"Redaktion JazzZeitung\",\"image\":{\"@type\":\"ImageObject\",\"inLanguage\":\"de\",\"@id\":\"https:\\\/\\\/i0.wp.com\\\/www.jazzzeitung.de\\\/cms\\\/wp-content\\\/uploads\\\/2015\\\/08\\\/JAZZZEITUNGDE_Logo_Neu.png?resize=96%2C96&ssl=159975dcacb611b5700bd619b5daf0a7a\",\"url\":\"https:\\\/\\\/i0.wp.com\\\/www.jazzzeitung.de\\\/cms\\\/wp-content\\\/uploads\\\/2015\\\/08\\\/JAZZZEITUNGDE_Logo_Neu.png?resize=96%2C96&ssl=1\",\"contentUrl\":\"https:\\\/\\\/i0.wp.com\\\/www.jazzzeitung.de\\\/cms\\\/wp-content\\\/uploads\\\/2015\\\/08\\\/JAZZZEITUNGDE_Logo_Neu.png?resize=96%2C96&ssl=1\",\"caption\":\"Redaktion JazzZeitung\"},\"description\":\"Artikel der Redaktion der JazzZeitung.\",\"sameAs\":[\"http:\\\/\\\/www.jazzzeitung.de\\\/cms\\\/\"],\"url\":\"https:\\\/\\\/www.jazzzeitung.de\\\/cms\\\/author\\\/redaktion\\\/\"}]}<\/script>\n<!-- \/ Yoast SEO plugin. -->","yoast_head_json":{"title":"Ein Rundgang \u00fcber das 44. Bayerische Jazzweekend in Regensburg - JazzZeitung","robots":{"index":"index","follow":"follow","max-snippet":"max-snippet:-1","max-image-preview":"max-image-preview:large","max-video-preview":"max-video-preview:-1"},"canonical":"https:\/\/www.jazzzeitung.de\/cms\/2025\/07\/ein-rundgang-ueber-das-44-bayerische-jazzweekend-in-regensburg\/","og_locale":"de_DE","og_type":"article","og_title":"Ein Rundgang \u00fcber das 44. Bayerische Jazzweekend in Regensburg - JazzZeitung","og_description":"Rund 90.000 Musikbegeisterte lauschten vom 10. bis 13. Juli 2025 vier Tage lang den vielseitigen Spielarten des Jazz. An 14 Spielorten in Regensburg und weiteren 5 Spielorten in Kallm\u00fcnz erlebte das tanzfreudige, kritische und begeisterungsf\u00e4hige Publikum rund 110 unterschiedliche Formationen und deren Konzerte. International gefragte Gr\u00f6\u00dfen des Jazz trafen beim Jazzweekend auf junge, aufstrebende Talente, experimentelle T\u00f6ne auf klassische Kl\u00e4nge, au\u00dfergew\u00f6hnliche Stile auf unkonventionelle Zug\u00e4nge, laute auf leise T\u00f6ne, Dixieland auf Latin-Jazz und Techno. F\u00fcr welche Konzerte und K\u00fcnstler sich der Regensburger Musikkritiker und nmz-Redakteur Juan Martin Koch bei seinem diesj\u00e4hrigen Weekend-Rundgang entschied, zeigt unsere JazzZeitungs-Galerie. Das Bayerische Jazzweekend geht im kommenden Jahr, von 2. bis zum 5. Juli 2026, in seine 45. Ausgabe. Musikerinnen und Musiker k\u00f6nnen sich ab dem 1. August 2025 \u00fcber ein Online-Formular unter folgenden Link\u00a0f\u00fcr einen Auftritt bewerben. Die Bewerbungsphase l\u00e4uft bis zum 15. Oktober 2025. jazzwe.de","og_url":"https:\/\/www.jazzzeitung.de\/cms\/2025\/07\/ein-rundgang-ueber-das-44-bayerische-jazzweekend-in-regensburg\/","og_site_name":"JazzZeitung","article_publisher":"https:\/\/www.facebook.com\/JazzZeitung\/","article_published_time":"2025-07-17T10:40:35+00:00","og_image":[{"width":800,"height":600,"url":"https:\/\/www.jazzzeitung.de\/cms\/wp-content\/uploads\/2025\/07\/SiEA-Antonia-Dering-c-JM-Koch-800x600.jpg","type":"image\/jpeg"}],"author":"Redaktion JazzZeitung","schema":{"@context":"https:\/\/schema.org","@graph":[{"@type":"Article","@id":"https:\/\/www.jazzzeitung.de\/cms\/2025\/07\/ein-rundgang-ueber-das-44-bayerische-jazzweekend-in-regensburg\/#article","isPartOf":{"@id":"https:\/\/www.jazzzeitung.de\/cms\/2025\/07\/ein-rundgang-ueber-das-44-bayerische-jazzweekend-in-regensburg\/"},"author":{"name":"Redaktion JazzZeitung","@id":"https:\/\/www.jazzzeitung.de\/cms\/#\/schema\/person\/2245b36b9cd1d24cea10f01c031fb92b"},"headline":"Ein Rundgang \u00fcber das 44. Bayerische Jazzweekend in Regensburg","datePublished":"2025-07-17T10:40:35+00:00","mainEntityOfPage":{"@id":"https:\/\/www.jazzzeitung.de\/cms\/2025\/07\/ein-rundgang-ueber-das-44-bayerische-jazzweekend-in-regensburg\/"},"wordCount":156,"commentCount":0,"publisher":{"@id":"https:\/\/www.jazzzeitung.de\/cms\/#organization"},"image":{"@id":"https:\/\/www.jazzzeitung.de\/cms\/2025\/07\/ein-rundgang-ueber-das-44-bayerische-jazzweekend-in-regensburg\/#primaryimage"},"thumbnailUrl":"https:\/\/i0.wp.com\/www.jazzzeitung.de\/cms\/wp-content\/uploads\/2025\/07\/SiEA-Antonia-Dering-c-JM-Koch.jpg?fit=2461%2C1846&ssl=1","keywords":["Bayerisches Jazzweekend 2025","Tobias Meinhart"],"articleSection":["Galerie"],"inLanguage":"de","potentialAction":[{"@type":"CommentAction","name":"Comment","target":["https:\/\/www.jazzzeitung.de\/cms\/2025\/07\/ein-rundgang-ueber-das-44-bayerische-jazzweekend-in-regensburg\/#respond"]}]},{"@type":"WebPage","@id":"https:\/\/www.jazzzeitung.de\/cms\/2025\/07\/ein-rundgang-ueber-das-44-bayerische-jazzweekend-in-regensburg\/","url":"https:\/\/www.jazzzeitung.de\/cms\/2025\/07\/ein-rundgang-ueber-das-44-bayerische-jazzweekend-in-regensburg\/","name":"Ein Rundgang \u00fcber das 44. Bayerische Jazzweekend in Regensburg - JazzZeitung","isPartOf":{"@id":"https:\/\/www.jazzzeitung.de\/cms\/#website"},"primaryImageOfPage":{"@id":"https:\/\/www.jazzzeitung.de\/cms\/2025\/07\/ein-rundgang-ueber-das-44-bayerische-jazzweekend-in-regensburg\/#primaryimage"},"image":{"@id":"https:\/\/www.jazzzeitung.de\/cms\/2025\/07\/ein-rundgang-ueber-das-44-bayerische-jazzweekend-in-regensburg\/#primaryimage"},"thumbnailUrl":"https:\/\/i0.wp.com\/www.jazzzeitung.de\/cms\/wp-content\/uploads\/2025\/07\/SiEA-Antonia-Dering-c-JM-Koch.jpg?fit=2461%2C1846&ssl=1","datePublished":"2025-07-17T10:40:35+00:00","breadcrumb":{"@id":"https:\/\/www.jazzzeitung.de\/cms\/2025\/07\/ein-rundgang-ueber-das-44-bayerische-jazzweekend-in-regensburg\/#breadcrumb"},"inLanguage":"de","potentialAction":[{"@type":"ReadAction","target":["https:\/\/www.jazzzeitung.de\/cms\/2025\/07\/ein-rundgang-ueber-das-44-bayerische-jazzweekend-in-regensburg\/"]}]},{"@type":"ImageObject","inLanguage":"de","@id":"https:\/\/www.jazzzeitung.de\/cms\/2025\/07\/ein-rundgang-ueber-das-44-bayerische-jazzweekend-in-regensburg\/#primaryimage","url":"https:\/\/i0.wp.com\/www.jazzzeitung.de\/cms\/wp-content\/uploads\/2025\/07\/SiEA-Antonia-Dering-c-JM-Koch.jpg?fit=2461%2C1846&ssl=1","contentUrl":"https:\/\/i0.wp.com\/www.jazzzeitung.de\/cms\/wp-content\/uploads\/2025\/07\/SiEA-Antonia-Dering-c-JM-Koch.jpg?fit=2461%2C1846&ssl=1","width":2461,"height":1846,"caption":"SiEA: Pop und Performance mit Antonia Dering. Im Hintergrund Valentina Oefele, Altsaxophon, und Am\u00e9lie Haidt, Gitarre. Foto Juan Martin Koch"},{"@type":"BreadcrumbList","@id":"https:\/\/www.jazzzeitung.de\/cms\/2025\/07\/ein-rundgang-ueber-das-44-bayerische-jazzweekend-in-regensburg\/#breadcrumb","itemListElement":[{"@type":"ListItem","position":1,"name":"Startseite","item":"https:\/\/www.jazzzeitung.de\/cms\/"},{"@type":"ListItem","position":2,"name":"Ein Rundgang \u00fcber das 44. Bayerische Jazzweekend in Regensburg"}]},{"@type":"WebSite","@id":"https:\/\/www.jazzzeitung.de\/cms\/#website","url":"https:\/\/www.jazzzeitung.de\/cms\/","name":"JazzZeitung","description":"Jazz-News und Jazz-Kontroverses","publisher":{"@id":"https:\/\/www.jazzzeitung.de\/cms\/#organization"},"potentialAction":[{"@type":"SearchAction","target":{"@type":"EntryPoint","urlTemplate":"https:\/\/www.jazzzeitung.de\/cms\/?s={search_term_string}"},"query-input":{"@type":"PropertyValueSpecification","valueRequired":true,"valueName":"search_term_string"}}],"inLanguage":"de"},{"@type":"Organization","@id":"https:\/\/www.jazzzeitung.de\/cms\/#organization","name":"JazzZeitung online","url":"https:\/\/www.jazzzeitung.de\/cms\/","logo":{"@type":"ImageObject","inLanguage":"de","@id":"https:\/\/www.jazzzeitung.de\/cms\/#\/schema\/logo\/image\/","url":"https:\/\/i0.wp.com\/www.jazzzeitung.de\/cms\/wp-content\/uploads\/2015\/08\/JAZZZEITUNGDE_Logo_Neu.png?fit=499%2C200&ssl=1","contentUrl":"https:\/\/i0.wp.com\/www.jazzzeitung.de\/cms\/wp-content\/uploads\/2015\/08\/JAZZZEITUNGDE_Logo_Neu.png?fit=499%2C200&ssl=1","width":499,"height":200,"caption":"JazzZeitung online"},"image":{"@id":"https:\/\/www.jazzzeitung.de\/cms\/#\/schema\/logo\/image\/"},"sameAs":["https:\/\/www.facebook.com\/JazzZeitung\/"]},{"@type":"Person","@id":"https:\/\/www.jazzzeitung.de\/cms\/#\/schema\/person\/2245b36b9cd1d24cea10f01c031fb92b","name":"Redaktion JazzZeitung","image":{"@type":"ImageObject","inLanguage":"de","@id":"https:\/\/i0.wp.com\/www.jazzzeitung.de\/cms\/wp-content\/uploads\/2015\/08\/JAZZZEITUNGDE_Logo_Neu.png?resize=96%2C96&ssl=159975dcacb611b5700bd619b5daf0a7a","url":"https:\/\/i0.wp.com\/www.jazzzeitung.de\/cms\/wp-content\/uploads\/2015\/08\/JAZZZEITUNGDE_Logo_Neu.png?resize=96%2C96&ssl=1","contentUrl":"https:\/\/i0.wp.com\/www.jazzzeitung.de\/cms\/wp-content\/uploads\/2015\/08\/JAZZZEITUNGDE_Logo_Neu.png?resize=96%2C96&ssl=1","caption":"Redaktion JazzZeitung"},"description":"Artikel der Redaktion der JazzZeitung.","sameAs":["http:\/\/www.jazzzeitung.de\/cms\/"],"url":"https:\/\/www.jazzzeitung.de\/cms\/author\/redaktion\/"}]}},"wp-worthy-pixel":{"ignored":false,"public":null,"server":null,"url":null},"wp-worthy-type":"normal","jetpack_publicize_connections":[],"cc_featured_image_caption":{"caption_text":"","source_text":"","source_url":""},"jetpack_featured_media_url":"https:\/\/i0.wp.com\/www.jazzzeitung.de\/cms\/wp-content\/uploads\/2025\/07\/SiEA-Antonia-Dering-c-JM-Koch.jpg?fit=2461%2C1846&ssl=1","jetpack_shortlink":"https:\/\/wp.me\/p3KEcT-8xt","jetpack-related-posts":[{"id":12914,"url":"https:\/\/www.jazzzeitung.de\/cms\/2017\/07\/bildergalerie-das-bayerische-jazzweekend-2017\/","url_meta":{"origin":32827,"position":0},"title":"Bildergalerie: das Bayerische Jazzweekend 2017","author":"Redaktion JazzZeitung","date":"10. Juli 2017","format":false,"excerpt":"Vergangenes Wochenende erlebte Regensburg die 36. Ausgabe seines legend\u00e4ren Festivals Bayerisches Jazzweekend. Etwa 100 Bands bespielten den historischen Kern der Stadt mit Dixieland, Blues, Swing, Modern und Free Jazz. Die Fotografin Petra Basche lie\u00df sich von der widrigen Witterung nicht abschrecken, sondern von dem lebendigen Treiben auf den diversen\u00a0 B\u00fchnen\u2026","rel":"","context":"In &quot;Galerie&quot;","block_context":{"text":"Galerie","link":"https:\/\/www.jazzzeitung.de\/cms\/thema\/galerie\/"},"img":{"alt_text":"Gourmet-Drummer Max Andrzjewski. Foto: Petra Basche","src":"https:\/\/i0.wp.com\/www.jazzzeitung.de\/cms\/wp-content\/uploads\/2017\/07\/Jazzweekend_Regensburg_2017_Max-Andrz.Huette20170017.jpg?fit=1200%2C800&ssl=1&resize=350%2C200","width":350,"height":200,"srcset":"https:\/\/i0.wp.com\/www.jazzzeitung.de\/cms\/wp-content\/uploads\/2017\/07\/Jazzweekend_Regensburg_2017_Max-Andrz.Huette20170017.jpg?fit=1200%2C800&ssl=1&resize=350%2C200 1x, https:\/\/i0.wp.com\/www.jazzzeitung.de\/cms\/wp-content\/uploads\/2017\/07\/Jazzweekend_Regensburg_2017_Max-Andrz.Huette20170017.jpg?fit=1200%2C800&ssl=1&resize=525%2C300 1.5x, https:\/\/i0.wp.com\/www.jazzzeitung.de\/cms\/wp-content\/uploads\/2017\/07\/Jazzweekend_Regensburg_2017_Max-Andrz.Huette20170017.jpg?fit=1200%2C800&ssl=1&resize=700%2C400 2x, https:\/\/i0.wp.com\/www.jazzzeitung.de\/cms\/wp-content\/uploads\/2017\/07\/Jazzweekend_Regensburg_2017_Max-Andrz.Huette20170017.jpg?fit=1200%2C800&ssl=1&resize=1050%2C600 3x"},"classes":[]},{"id":1115,"url":"https:\/\/www.jazzzeitung.de\/cms\/2011\/07\/auf-den-spuren-von-richard-jazzweekend-regensburg-2011\/","url_meta":{"origin":32827,"position":1},"title":"Auf den Spuren von Richard: Jazzweekend Regensburg 2011","author":"J\u00f6rg Lichtinger","date":"7. Juli 2011","format":false,"excerpt":"Das heute gestartete 30. Bayerische Jazzweekend Regensburg ist die erste Ausgabe des Stadtfestivals ohne seinen Initiator Richard Wiedamann. Der am 06. Januar 2011 verstorbene Wiedamann war eine Pers\u00f6nlichkeit, der seine Region pr\u00e4gte, indem er \u00fcber Jahrzehnte hinweg Strukturen aufbaute (Bayerisches Jazzweekend, Bayerisches Jazzinstitut, Landesjugend Jazzorchester), von denen der Jazz in\u2026","rel":"","context":"In &quot;Blog&quot;","block_context":{"text":"Blog","link":"https:\/\/www.jazzzeitung.de\/cms\/thema\/blog\/"},"img":{"alt_text":"jw_logo","src":"https:\/\/i0.wp.com\/www.jazzzeitung.de\/cms\/wp-content\/uploads\/2011\/07\/jw_logo.jpg?resize=350%2C200","width":350,"height":200},"classes":[]},{"id":29554,"url":"https:\/\/www.jazzzeitung.de\/cms\/2023\/06\/regensburg-praesentiert-das-programm-fuer-das-42-bayerische-jazzweekend\/","url_meta":{"origin":32827,"position":2},"title":"Regensburg pr\u00e4sentiert das Programm f\u00fcr das 42. Bayerische Jazzweekend","author":"Redaktion JazzZeitung","date":"9. Juni 2023","format":false,"excerpt":"Das Programm des Jazzweekends 2023 steht fest. Vom 13. bis 16. Juli werden 105 kostenfreie Konzerte von 101 Bands, Combos und Einzelk\u00fcnstlerinnen und -k\u00fcnstlern \u00fcber die B\u00fchnen der Stadt gehen. Das Konzept gibt es seit 42 Jahren, dem seit 2022 wirkenden neuen k\u00fcnstlerischen Leiter, Christian Sommerer, gelingt es wie versprochen,\u2026","rel":"","context":"In &quot;Bericht&quot;","block_context":{"text":"Bericht","link":"https:\/\/www.jazzzeitung.de\/cms\/thema\/bericht\/"},"img":{"alt_text":"","src":"https:\/\/i0.wp.com\/www.jazzzeitung.de\/cms\/wp-content\/uploads\/2023\/06\/Monika-Roscher-Big-Band_Lukas-Diller-scaled.jpg?fit=1200%2C794&ssl=1&resize=350%2C200","width":350,"height":200,"srcset":"https:\/\/i0.wp.com\/www.jazzzeitung.de\/cms\/wp-content\/uploads\/2023\/06\/Monika-Roscher-Big-Band_Lukas-Diller-scaled.jpg?fit=1200%2C794&ssl=1&resize=350%2C200 1x, https:\/\/i0.wp.com\/www.jazzzeitung.de\/cms\/wp-content\/uploads\/2023\/06\/Monika-Roscher-Big-Band_Lukas-Diller-scaled.jpg?fit=1200%2C794&ssl=1&resize=525%2C300 1.5x, https:\/\/i0.wp.com\/www.jazzzeitung.de\/cms\/wp-content\/uploads\/2023\/06\/Monika-Roscher-Big-Band_Lukas-Diller-scaled.jpg?fit=1200%2C794&ssl=1&resize=700%2C400 2x, https:\/\/i0.wp.com\/www.jazzzeitung.de\/cms\/wp-content\/uploads\/2023\/06\/Monika-Roscher-Big-Band_Lukas-Diller-scaled.jpg?fit=1200%2C794&ssl=1&resize=1050%2C600 3x"},"classes":[]},{"id":27812,"url":"https:\/\/www.jazzzeitung.de\/cms\/2022\/07\/das-41-jazzweekend-regensburg-ist-gestartet-ukrainische-lieder-und-neo-scat-aus-muenchen\/","url_meta":{"origin":32827,"position":3},"title":"Das 41. Jazzweekend Regensburg ist gestartet: Ukrainische Lieder und Neo-Scat aus M\u00fcnchen","author":"Redaktion JazzZeitung","date":"15. Juli 2022","format":false,"excerpt":"Rund 100 nationale sowie internationale Bands, Kombos und Einzelk\u00fcnstlerinnen und -k\u00fcnstler sind der Einladung nach Regensburg gefolgt und bespielen von heute Abend bis Sonntag 17 B\u00fchnen und Schaupl\u00e4tze auf die ganze Innenstadt verteilt. Heute um 18:00 er\u00f6ffnet die Regensburger Oberb\u00fcrgermeisterin Gertrud Maltz-Schwarzfischer das 41. Bayerische Jazzweekend am Regensburger Platz der\u2026","rel":"","context":"In &quot;Bericht&quot;","block_context":{"text":"Bericht","link":"https:\/\/www.jazzzeitung.de\/cms\/thema\/bericht\/"},"img":{"alt_text":"","src":"https:\/\/i0.wp.com\/www.jazzzeitung.de\/cms\/wp-content\/uploads\/2022\/07\/20220714_193718-scaled.jpg?fit=1200%2C900&ssl=1&resize=350%2C200","width":350,"height":200,"srcset":"https:\/\/i0.wp.com\/www.jazzzeitung.de\/cms\/wp-content\/uploads\/2022\/07\/20220714_193718-scaled.jpg?fit=1200%2C900&ssl=1&resize=350%2C200 1x, https:\/\/i0.wp.com\/www.jazzzeitung.de\/cms\/wp-content\/uploads\/2022\/07\/20220714_193718-scaled.jpg?fit=1200%2C900&ssl=1&resize=525%2C300 1.5x, https:\/\/i0.wp.com\/www.jazzzeitung.de\/cms\/wp-content\/uploads\/2022\/07\/20220714_193718-scaled.jpg?fit=1200%2C900&ssl=1&resize=700%2C400 2x, https:\/\/i0.wp.com\/www.jazzzeitung.de\/cms\/wp-content\/uploads\/2022\/07\/20220714_193718-scaled.jpg?fit=1200%2C900&ssl=1&resize=1050%2C600 3x"},"classes":[]},{"id":27829,"url":"https:\/\/www.jazzzeitung.de\/cms\/2022\/07\/impressionen-vom-bayerischen-jazzweekend-regensburg-2022\/","url_meta":{"origin":32827,"position":4},"title":"Impressionen vom Bayerischen Jazzweekend Regensburg 2022","author":"Juan Martin Koch","date":"18. Juli 2022","format":false,"excerpt":"Alles neu beim Bayerischen Jazzweekend? Beim offenohrigen Schlendern durch die Regensburger Altstadt deutete der erste Eindruck eher nicht darauf hin. Da f\u00fchlte sich an den zu vorr\u00fcckender Stunde immer st\u00e4rker sich f\u00fcllenden Open-Air-Locations eigentlich alles so an wie immer: Entspannte, gute Stimmung bei Jazz und Jazzverwandtem jeglicher Couleur von semiprofessionell\u2026","rel":"","context":"In &quot;Galerie&quot;","block_context":{"text":"Galerie","link":"https:\/\/www.jazzzeitung.de\/cms\/thema\/galerie\/"},"img":{"alt_text":"","src":"https:\/\/i0.wp.com\/www.jazzzeitung.de\/cms\/wp-content\/uploads\/2022\/07\/JW-2022-Banner-c-JM-Koch.jpg?fit=960%2C720&ssl=1&resize=350%2C200","width":350,"height":200,"srcset":"https:\/\/i0.wp.com\/www.jazzzeitung.de\/cms\/wp-content\/uploads\/2022\/07\/JW-2022-Banner-c-JM-Koch.jpg?fit=960%2C720&ssl=1&resize=350%2C200 1x, https:\/\/i0.wp.com\/www.jazzzeitung.de\/cms\/wp-content\/uploads\/2022\/07\/JW-2022-Banner-c-JM-Koch.jpg?fit=960%2C720&ssl=1&resize=525%2C300 1.5x, https:\/\/i0.wp.com\/www.jazzzeitung.de\/cms\/wp-content\/uploads\/2022\/07\/JW-2022-Banner-c-JM-Koch.jpg?fit=960%2C720&ssl=1&resize=700%2C400 2x"},"classes":[]},{"id":27456,"url":"https:\/\/www.jazzzeitung.de\/cms\/2022\/06\/programm-fuer-das-41-bayerische-jazzweekend-2022-steht\/","url_meta":{"origin":32827,"position":5},"title":"Programm f\u00fcr das 41. Bayerische Jazzweekend 2022 steht","author":"Redaktion JazzZeitung","date":"1. Juni 2022","format":false,"excerpt":"Endlich wieder Jazz in Regensburg - und das ein ganzes verl\u00e4ngertes Wochenende lang vom 14. bis 17. Juli 2022. 14 B\u00fchnen verteilen sich auf die ganze Innenstadt: Vom Degginger zum Leeren Beutel, vom italienischen Restaurant bis zum Nachtclub, vom Schiffsanleger am Marc-Aurel-Ufer bis zum Thon-Dittmer-Palais - und das alles kostenlos\u2026","rel":"","context":"In &quot;Bericht&quot;","block_context":{"text":"Bericht","link":"https:\/\/www.jazzzeitung.de\/cms\/thema\/bericht\/"},"img":{"alt_text":"","src":"https:\/\/i0.wp.com\/www.jazzzeitung.de\/cms\/wp-content\/uploads\/2022\/05\/weekend_regensburg_gaisa_pressekonferenz-3-scaled.jpg?fit=1200%2C675&ssl=1&resize=350%2C200","width":350,"height":200,"srcset":"https:\/\/i0.wp.com\/www.jazzzeitung.de\/cms\/wp-content\/uploads\/2022\/05\/weekend_regensburg_gaisa_pressekonferenz-3-scaled.jpg?fit=1200%2C675&ssl=1&resize=350%2C200 1x, https:\/\/i0.wp.com\/www.jazzzeitung.de\/cms\/wp-content\/uploads\/2022\/05\/weekend_regensburg_gaisa_pressekonferenz-3-scaled.jpg?fit=1200%2C675&ssl=1&resize=525%2C300 1.5x, https:\/\/i0.wp.com\/www.jazzzeitung.de\/cms\/wp-content\/uploads\/2022\/05\/weekend_regensburg_gaisa_pressekonferenz-3-scaled.jpg?fit=1200%2C675&ssl=1&resize=700%2C400 2x, https:\/\/i0.wp.com\/www.jazzzeitung.de\/cms\/wp-content\/uploads\/2022\/05\/weekend_regensburg_gaisa_pressekonferenz-3-scaled.jpg?fit=1200%2C675&ssl=1&resize=1050%2C600 3x"},"classes":[]}],"jetpack_sharing_enabled":true,"_links":{"self":[{"href":"https:\/\/www.jazzzeitung.de\/cms\/wp-json\/wp\/v2\/posts\/32827","targetHints":{"allow":["GET"]}}],"collection":[{"href":"https:\/\/www.jazzzeitung.de\/cms\/wp-json\/wp\/v2\/posts"}],"about":[{"href":"https:\/\/www.jazzzeitung.de\/cms\/wp-json\/wp\/v2\/types\/post"}],"author":[{"embeddable":true,"href":"https:\/\/www.jazzzeitung.de\/cms\/wp-json\/wp\/v2\/users\/18"}],"replies":[{"embeddable":true,"href":"https:\/\/www.jazzzeitung.de\/cms\/wp-json\/wp\/v2\/comments?post=32827"}],"version-history":[{"count":6,"href":"https:\/\/www.jazzzeitung.de\/cms\/wp-json\/wp\/v2\/posts\/32827\/revisions"}],"predecessor-version":[{"id":32837,"href":"https:\/\/www.jazzzeitung.de\/cms\/wp-json\/wp\/v2\/posts\/32827\/revisions\/32837"}],"wp:featuredmedia":[{"embeddable":true,"href":"https:\/\/www.jazzzeitung.de\/cms\/wp-json\/wp\/v2\/media\/32833"}],"wp:attachment":[{"href":"https:\/\/www.jazzzeitung.de\/cms\/wp-json\/wp\/v2\/media?parent=32827"}],"wp:term":[{"taxonomy":"category","embeddable":true,"href":"https:\/\/www.jazzzeitung.de\/cms\/wp-json\/wp\/v2\/categories?post=32827"},{"taxonomy":"post_tag","embeddable":true,"href":"https:\/\/www.jazzzeitung.de\/cms\/wp-json\/wp\/v2\/tags?post=32827"},{"taxonomy":"author","embeddable":true,"href":"https:\/\/www.jazzzeitung.de\/cms\/wp-json\/wp\/v2\/coauthors?post=32827"}],"curies":[{"name":"wp","href":"https:\/\/api.w.org\/{rel}","templated":true}]}}