{"id":32822,"date":"2025-07-20T12:00:46","date_gmt":"2025-07-20T10:00:46","guid":{"rendered":"https:\/\/www.jazzzeitung.de\/cms\/?p=32822"},"modified":"2025-07-17T10:25:59","modified_gmt":"2025-07-17T08:25:59","slug":"die-abgeschlappte-jazz-radiowoche-vom-21-07-2025-bis-27-07-2025","status":"publish","type":"post","link":"https:\/\/www.jazzzeitung.de\/cms\/2025\/07\/die-abgeschlappte-jazz-radiowoche-vom-21-07-2025-bis-27-07-2025\/","title":{"rendered":"Die abgeschlappte Jazz-Radiowoche vom 21.07.2025 bis 27.07.2025"},"content":{"rendered":"<p class=\"western\">Die \u00dcbersicht zum <span style=\"color: #0563c1;\"><u><a href=\"https:\/\/service.conbrio.de\/service\/download\/278\/\" name=\"Download des PDF\">Download als PDF<\/a><\/u><\/span><span style=\"text-decoration: line-through;\">.<\/span> Alle Angaben ohne Gew\u00e4hr. Erg\u00e4nzt mit den tollen Sendungen zur Neuen Musik von BR-KLASSIK und \u00d61.<\/p>\n<p class=\"western\">Leider hat die ARD ihre Suchmaschine in Fragen Radio in der Zwischenzeit komplett geschreddert, nachdem sie in den vergangenen Jahren schon nicht mehr \u00fcber Schlagworte funktioniert hat. Damit sind wir nun komplett auf Zulieferungen der Sendeanstalten angewiesen. Aktuell bekommen wir Informationen von SWR Kultur, \u00d61 und in Sachen Neue Musik von BR-KLASSIK und ebenfalls \u00d61.<\/p>\n<hr \/>\n<h2 class=\"western\"><a name=\"__RefHeading___Toc532_2049876245\"><\/a><a name=\"_Toc176424572\"><\/a><a name=\"_Toc183595478\"><\/a><a name=\"_Toc184290543\"><\/a><a name=\"_Toc185409041\"><\/a><a name=\"_Toc186792938\"><\/a><a name=\"_Toc187143015\"><\/a><a name=\"_Toc188530705\"><\/a><a name=\"_Toc188957623\"><\/a><a name=\"_Toc189813526\"><\/a><a name=\"_Toc189815284\"><\/a><a name=\"_Toc190257440\"><\/a><a name=\"_Toc174527976\"><\/a><a name=\"_Toc175140589\"><\/a> Senderliste:<\/h2>\n<ul>\n<li><span style=\"color: #0563c1;\"><u><a href=\"https:\/\/oe1.orf.at\/\" name=\"Link zum ORF\">ORF \u2013 \u00d61<\/a><\/u><\/span><\/li>\n<li><span style=\"color: #0563c1;\"><u><a href=\"https:\/\/www.deutschlandradio.de\/\" name=\"Link zum Deutschlandfunk\">Deutschlandfunk<\/a><\/u><\/span> \u2013 \u201eFakten und mehr\u201c<\/li>\n<li><span style=\"color: #0563c1;\"><u><a href=\"https:\/\/www.deutschlandfunkkultur.de\/\" name=\"Link zu Deutschlandfunk Kultur\">Deutschlandfunk-Kultur<\/a><\/u><\/span> \u2013 \u201eDas Feuilleton im Radio\u201c<\/li>\n<li><span style=\"color: #0563c1;\"><u><a href=\"https:\/\/www.ndr.de\/ndrkultur\/\" name=\"Link zu ndr kultur\">ndr Kultur<\/a><\/u><\/span> \u2013 H\u00f6ren und genie\u00dfen<\/li>\n<li><span style=\"color: #0563c1;\"><u><a href=\"https:\/\/www.ndr.de\/ndrblue\/index.html\" name=\"Link zu ndr blue\"><span lang=\"en-US\">ndr blue<\/span><\/a><\/u><\/span><span lang=\"en-US\"> \u2013 Meet The Music<\/span><\/li>\n<li><span style=\"color: #0563c1;\"><u><a href=\"https:\/\/www.bremenzwei.de\/\" name=\"Link zu Radio Bremen\">radio bremen<\/a><\/u><\/span> \u2013 Neugier lohnt sich.<\/li>\n<li><span style=\"color: #0563c1;\"><u><a href=\"https:\/\/www.radiodrei.de\/\" name=\"Link zu Radio 3 von Berlin\">Radio 3<\/a><\/u><\/span> \u2013<\/li>\n<li><span style=\"color: #0563c1;\"><u><a href=\"https:\/\/www.mdr.de\/kultur\/radio\/index.html\" name=\"Link zu medr-kultur\">mdr-kultur<\/a><\/u><\/span> \u2013 Das Radio.<\/li>\n<li><a href=\"https:\/\/www1.wdr.de\/radio\/wdr3\/\" name=\"Link zu WDR3\"><span style=\"color: #0563c1;\"><u>W<\/u><\/span><span style=\"color: #0563c1;\"><u>DR<\/u><\/span><span style=\"color: #0563c1;\"><u>3<\/u><\/span><\/a> \u2013 Das Kulturradio<\/li>\n<li><span style=\"color: #0563c1;\"><u><a href=\"https:\/\/www.hr2.de\/index.html\" name=\"Link zu hr2-kultur\">hr2-kultur<\/a><\/u><\/span> \u2013 Das Kulturradio f\u00fcr Hessen.<\/li>\n<li><a href=\"https:\/\/www.sr.de\/sr\/sr2\/index.html\" name=\"Link zu SR2-Kulturradio\"><span style=\"color: #0563c1;\"><u>S<\/u><\/span><span style=\"color: #0563c1;\"><u>R<\/u><\/span><span style=\"color: #0563c1;\"><u>2 Kulturradio<\/u><\/span><\/a> \u2013 \u2026 gut zu h\u00f6ren.<\/li>\n<li><a href=\"https:\/\/www.swr.de\/swr2\/\" name=\"Link zu SWR Kuultur\"><span style=\"color: #0563c1;\"><u>S<\/u><\/span><span style=\"color: #0563c1;\"><u>WR<\/u><\/span><u> <\/u><\/a><span style=\"color: #0563c1;\"><u>kultur<\/u><\/span> \u2013 Kultur neu entdecken<\/li>\n<li><span style=\"color: #0563c1;\"><u><a href=\"https:\/\/www.br.de\/radio\/br-klassik\/index.html\" name=\"Link zu BR-Klassik\">BR-KLASSIK<\/a><\/u><\/span> \u2013 Klassikstars geben auf BR-KLASSIK den Ton an. Attraktive Magazine bringen Interviews und Neuigkeiten aus dem Musikleben.<\/li>\n<li><span style=\"color: #0563c1;\"><u><a href=\"https:\/\/www.br.de\/radio\/bayern2\/index.html\" name=\"Link zu Bayern2\">Bayern 2<\/a><\/u><\/span> \u2013 Preisgekr\u00f6ntes Radio f\u00fcr H\u00f6rer, die mehr wissen wollen<\/li>\n<\/ul>\n<h2 class=\"western\"><a name=\"__RefHeading___Toc534_2049876245\"><\/a><a name=\"_Toc190257441\"><\/a><a name=\"_Toc175140590\"><\/a><a name=\"_Toc176424573\"><\/a><a name=\"_Toc183595479\"><\/a><a name=\"_Toc184290544\"><\/a><a name=\"_Toc185409042\"><\/a><a name=\"_Toc186792939\"><\/a><a name=\"_Toc187143016\"><\/a><a name=\"_Toc188530706\"><\/a><a name=\"_Toc188957624\"><\/a><a name=\"_Toc189813527\"><\/a><a name=\"_Toc189815285\"><\/a> Internet:<\/h2>\n<ul>\n<li>Schweden: <span style=\"color: #0563c1;\"><u><a href=\"https:\/\/sverigesradio.se\/tabla.aspx?programid=2562\" name=\"Link zu Schwedens Radio P&quot;\">P2<\/a><\/u><\/span> sendet immer Dienstags von 21:00 bis 22:00 und Sonntags von 18:40 bis 20:00 ein Jazzkonzert<\/li>\n<li>Ungarn: <span style=\"color: #0563c1;\"><u><a href=\"https:\/\/mediaklikk.hu\/bartok\/\" name=\"Link zu Bart\u00f3k-Radio\">Bartok Radio<\/a><\/u><\/span> sendet t\u00e4glich von 23:00 bis 23:55 eine Jazzsendung<\/li>\n<\/ul>\n<hr \/>\n<h2 class=\"western\">mo \u2013 21.07.2025<\/h2>\n<hr \/>\n<p class=\"western\">17:30:00 +++ \u00d61<br \/>\n<b>Musik aus allen Richtungen mit Astrid Schwarz und Rainer Elstner.<\/b><\/p>\n<p class=\"western\">19:30:00 +++ \u00d61<br \/>\n<b>Pianist Danny Grissett und sein Trio mit dem Mivos Quartet im Mai 2025 im Wiener Konzerthaus<\/b><\/p>\n<p class=\"western\" style=\"padding-left: 40px;\">Eine interessante Premiere war am 6. Mai 2025 im Mozart-Saal des Wiener Konzerthauses zu erleben: Der aus Los Angeles stammende, in Wien lebende Pianist Danny Grissett pr\u00e4sentierte die Musik seines neuen Albums \u201eTravelogue: A Tale of Three Cities\u201c, allerdings in erweiterter Besetzung: Zum Jazz-Piano- Trio mit Vicente Archer (Kontrabass) und Francesco Ciniglio (Schlagzeug) gesellten sich die Streicher des New Yorker Mivos Quartet sowie Wolfgang Lindenthal (Fl\u00f6te), Irem Mass\u00e9 (Oboe) und Melissa Danas (Waldhorn).<\/p>\n<p class=\"western\" style=\"padding-left: 40px;\">Der aus Russland stammende Arrangeur Pavel Klimashevsky hatte Danny Grissetts Musik f\u00fcr diese Besetzung bearbeitet und das Kammer-Ensemble phasenweise als klangliche Erweiterung der thematischen Strukturen, teilweise auch als eigenst\u00e4ndigen Gegenpart zu Klavier, Bass und Schlagzeug in Szene gesetzt.<\/p>\n<p class=\"western\" style=\"padding-left: 40px;\">Marlene Schnedl pr\u00e4sentiert diesen vom Publikum mit viel Applaus bedachten Konzertabend.<\/p>\n<p class=\"western\">23:03:00 +++ \u00d61<br \/>\n<b>Georgiens Musikszene im Kampf um ihre Rechte \u2013 Ein Besuch beim Festival \u201eClose Encounters\u201c in Tbilisi<\/b><\/p>\n<p class=\"western\" style=\"padding-left: 40px;\">Seit Monaten gehen in Georgien Menschen auf die Stra\u00dfe, um gegen die antieurop\u00e4ische Politik ihrer Regierung zu protestieren. Einer der Ausl\u00f6ser war das nach russischem Vorbild konstruierte \u201eAgentengesetz\u201c, das zur sch\u00e4rferen Kontrolle ausl\u00e4ndisch finanzierter NGOs f\u00fchrt. Getragen werden die Proteste auch ma\u00dfgeblich von der international bestens vernetzten Musikszene Georgiens. Dazu z\u00e4hlen legend\u00e4re Clubs genauso wie Festivals und einzeln K\u00fcnstlerInnen. \u201eZeit-Ton\u201c hat im Februar 2025 das Festival \u201eClose Encounters\u201c in Tbilisi besucht, das von der in der Schweiz lebenden georgischen Pianistin Tamriko Kortdzaia abwechselnd in ihrer neuen Heimat Schweiz und in ihrer alten Heimat Georgien organisiert wird. Zu erleben waren Konzerte mit den Ensembles KIOSK und u \/r aus der Schweiz und den Georgischen Kunstschaffenden Tiko Gogoberidze, Giorgi Koberidze, Nika Machaidze, Alexandre Kordzaia, Natalie Beridze und Sandro Chinchaladze.<\/p>\n<p class=\"western\" style=\"padding-left: 40px;\">Georgische Musikerinnen und Musiker sprechen sich klar und kritisch gegen die Politik ihrer Regierung aus \u2013 und lassen die Erlebnisse w\u00e4hrend der Proteste und auch dort eingefangene Kl\u00e4nge in ihre Werke einflie\u00dfen.<\/p>\n<p class=\"western\" style=\"padding-left: 40px;\">Zentraler Medienpartner des Festivals \u201eClose Encounters\u201c war Mutant Radio. 2019 montierte das Team rund um Tata Janashia und Nina Bochorishvili ein kleines Holzh\u00e4uschen auf einen Anh\u00e4nger, um bald darauf von Kulturveranstaltungen im ganzen Land zu senden. In Tiflis steht das mobile Radiostudio auf dem Gel\u00e4nde eines ehemaligen Kraftwerkes am Ufer des Flusses Mtkwari. Im Juni 2022 haben wir hier unseren allj\u00e4hrlichen Shape+ Showcase veranstaltet. Wenige Wochen sp\u00e4ter wurde Mutant Radio Mitglied unserer Festivalplattform, die 2014 vom ORF Festival musikprotokoll im steirischen herbst mitbegr\u00fcndet wurde. 2022 hatte das Team von Mutant Radio gerade damit begonnen, eines der beiden ihnen zur Verf\u00fcgung stehenden Geb\u00e4ude zu einer Konzert-Location umzubauen, nun bot es \u201eClose Encounters\u201c nicht nur eine Medien\u00f6ffentlichkeit, sondern auch eine B\u00fchne. Der Zukunft blicken Janashia und Bochorishvili ungeachtet ihres lokalen und internationalen Erfolges mit gro\u00dfer Sorge entgegen. (Wiederholung vom Montag, 17. M\u00e4rz 2025) Gestaltung: Rainer Elstner<\/p>\n<p class=\"western\">23:03 \u2013 00:00 UHR +++ SWR KULTUR<br \/>\n<b>ARD Radiofestival. Jazz: Ironbound \u2013 Jazz und Metal in fruchtbarem Austausch<\/b><\/p>\n<p class=\"western\" style=\"padding-left: 40px;\">Von Konrad Bott. Sie stehen Schulter an Schulter \u2013 der Jazz mit seinen offenen Formen, der Metal mit seiner geschlossenen Virtuosit\u00e4t. Der eine schreibt sich Improvisation auf die Fahne, der andere f\u00fchrt akribisch Auskomponiertes im Schilde. Musikerinnen und Musiker verbinden die beiden Genres heute selbst-verst\u00e4ndlicher als je zuvor. Wir beleuchten mit unserem Spotlight die Fragen: Wie funktioniert dieser eigenartige Zusammenschluss? Oder ist daran gar nichts eigenartig \u2013 waren die beiden vielleicht schon immer zwei Seiten einer Medaille?<\/p>\n<hr \/>\n<h2 class=\"western\">di \u2013 22.07.2025<\/h2>\n<hr \/>\n<p class=\"western\">17:30:00 +++ \u00d61<br \/>\n<b>Musik aus allen Richtungen.<\/b><\/p>\n<p class=\"western\">23:03:00 +++ \u00d61<br \/>\n<b>In Gedenken Pita Rehberg anl\u00e4sslich 30 Jahre Editions Mego<\/b><\/p>\n<p class=\"western\" style=\"padding-left: 40px;\">Das einflussreiche Label Editions Mego (von 1994 bis 2006 Mego) feiert heuer sein 30j\u00e4hriges Bestehen. Dieser \u201eZeit-Ton\u201c ist Mitbegr\u00fcnder Pita Rehberg gewidmet, der vor genau vier Jahren, am 22. Juli 2021, v\u00f6llig \u00fcberraschend im Alter von 53 Jahren an einem Herzinfarkt gestorben ist. Wir pr\u00e4sentieren Ihnen heute noch einmal jene Sendung, die wir damals wenige Tage nach seinem Tod in memoriam gestaltet haben. Er mag die \u201ePhysikalit\u00e4t\u201c \u2013 die K\u00f6rperlichkeit \u2013 von Klang, starke Bilder und Gef\u00fchle und eine gute Dynamik, schilderte Rehberg einmal in einem \u201eZeit-Ton\u201c-Interview. Mit seiner stets intensiven Musik, die in ihrer Tiefensch\u00e4rfe in allen Farben zu funkeln vermag, und mit seiner engagierten Label-Arbeit hat er Generationen an Elektronikmusiker:innen inspiriert und gepr\u00e4gt. Seit 30 Jahren bereits ist eine Ver\u00f6ffentlichung auf Mego bzw. auf Editions Mego ein G\u00fctesiegel, das viele Musikschaffende erstmals ins internationale Rampenlicht r\u00fcckte und dabei den Grundstein f\u00fcr so manche Karriere legte. Gestaltung: Susanna Niedermayr<\/p>\n<p class=\"western\">23:03 \u2013 00:00 UHR +++ SWR KULTUR<br \/>\n<b>ARD Radiofestival. Jazz: Persien im Puls des Jazz \u2013 Iranische Jazzwelten<\/b><\/p>\n<p class=\"western\" style=\"padding-left: 40px;\">Von Babette Michel. Mit dabei: Cymin Samawatie, bekannt f\u00fcr persischen Kammermusikjazz und trans-traditionelle Experimente im Trickster Orchestra. Der Tar-Spieler Hamed Sadeghi, der in Australien im Trio Vazesh neue Musik schafft. Kioomars Musayyebi, der das persische Hackbrett Santur mit Jazz zusammenf\u00fchrt. Die S\u00e4ngerin Golnar Shahyar, die in Wien mit dem Gitarristen Mahan Mirarab im k\u00e4mpferischen Geist des Jazz die Szene belebt und an die mutigen Frauen im Iran erinnert.<\/p>\n<hr \/>\n<h2 class=\"western\">mi \u2013 23.07.2025<\/h2>\n<hr \/>\n<p class=\"western\">17:30:00 +++ \u00d61<br \/>\n<b>Musik aus allen Richtungen mit Ulla Pilz und Michael Neuhauser.<\/b><\/p>\n<p class=\"western\">19:30:00 +++ \u00d61<br \/>\n<b>Christian Muthspiels Orjazztra Vienna mit \u201evom Jandln zum Ernst\u201c, das estnische Duo Puuluup erstmals in \u00d6sterreich<\/b><\/p>\n<p class=\"western\" style=\"padding-left: 40px;\">Dieser Abend, \u00fcbertragen live aus Krems, wird wie im Flug vergehen! \u201ef\u00fcr und mit ernst\u201c titelte im Jahr 2008 Christian Muthspiels Ernst-Jandl-Soloprogramm. Anno 2025, zum 100. Geburtstag des Lautpoeten, n\u00e4hert sich Muthspiel kompositorisch erneut unter Einbindung von Jandls markanter Stimme dessen Gedichten an. Instrumental steht jedoch die \u00fcppige Klangfarbenpalette seines 17-k\u00f6pfigen Orjazztra Vienna zur Verf\u00fcgung. Im Rahmen von Glatt &amp; Verkehrt erlebt das neue Programm \u201evom Jandln zum Ernst\u201c unter Christian Muthspiels Leitung heute seine Urauff\u00fchrung!<\/p>\n<p class=\"western\" style=\"padding-left: 40px;\">Wortspiele sind auch dem estnischen Duo Puuluup nicht fremd, das das zweite Konzert des Abends im Hof der Winzer Krems und damit seine \u00d6sterreich-Premiere bestreitet: Ramo Teder und Marko Veisson entfalten stimmlich, mit der traditionellen Talharpa (der mit einem Bogen gestrichenen \u201ePferdeschwanzhaarharfe\u201c) und Soundelektronik einen skurril-bunten Sprach- und Stilmix, den sie selbst augenzwinkernd als \u201eromantische Post-Folk-Neo-Zombie\u201c-Musik bezeichnen. Ein vergn\u00fcgliches H\u00f6rerlebnis ist garantiert!<\/p>\n<p class=\"western\">23:03 \u2013 00:00 UHR +++ SWR KULTUR<br \/>\n<b>ARD Radiofestival. Jazz: Das Magazin<\/b><\/p>\n<p class=\"western\" style=\"padding-left: 40px;\">Von Mauretta Heinzelmann. Das w\u00f6chentliche Jazz-Update, pr\u00e4sentiert von Eurer ARD: In den Sommerwochen gibt es hier bei uns vor allem aktuelle Musik \u2013 au\u00dfergew\u00f6hnliche und wichtige Neu-Ver\u00f6ffentlichungen aller Spielarten des Jazz. Von internationalen Stars und weniger bekannten regionalen Acts, von Funk bis Free, von traditionell bis experimentell. Nicht verpassen!<\/p>\n<figure id=\"attachment_32824\" aria-describedby=\"caption-attachment-32824\" style=\"width: 600px\" class=\"wp-caption aligncenter\"><a href=\"https:\/\/i0.wp.com\/www.jazzzeitung.de\/cms\/wp-content\/uploads\/2025\/07\/showfenster-in-muelheim.jpg?ssl=1\"><img data-recalc-dims=\"1\" loading=\"lazy\" decoding=\"async\" data-attachment-id=\"32824\" data-permalink=\"https:\/\/www.jazzzeitung.de\/cms\/2025\/07\/die-abgeschlappte-jazz-radiowoche-vom-21-07-2025-bis-27-07-2025\/showfenster-in-muelheim\/\" data-orig-file=\"https:\/\/i0.wp.com\/www.jazzzeitung.de\/cms\/wp-content\/uploads\/2025\/07\/showfenster-in-muelheim.jpg?fit=1080%2C1080&amp;ssl=1\" data-orig-size=\"1080,1080\" data-comments-opened=\"1\" data-image-meta=\"{&quot;aperture&quot;:&quot;0&quot;,&quot;credit&quot;:&quot;&quot;,&quot;camera&quot;:&quot;&quot;,&quot;caption&quot;:&quot;&quot;,&quot;created_timestamp&quot;:&quot;0&quot;,&quot;copyright&quot;:&quot;&quot;,&quot;focal_length&quot;:&quot;0&quot;,&quot;iso&quot;:&quot;0&quot;,&quot;shutter_speed&quot;:&quot;0&quot;,&quot;title&quot;:&quot;&quot;,&quot;orientation&quot;:&quot;0&quot;}\" data-image-title=\"Ein Showfenster in M\u00fclheim an der Ruhr. Foto: Hufner\" data-image-description=\"&lt;p&gt;Ein Showfenster in M\u00fclheim an der Ruhr. Foto: Hufner&lt;\/p&gt;\n\" data-image-caption=\"&lt;p&gt;Ein Showfenster in M\u00fclheim an der Ruhr. Foto: Hufner&lt;\/p&gt;\n\" data-large-file=\"https:\/\/i0.wp.com\/www.jazzzeitung.de\/cms\/wp-content\/uploads\/2025\/07\/showfenster-in-muelheim.jpg?fit=600%2C600&amp;ssl=1\" class=\"size-large wp-image-32824\" src=\"https:\/\/i0.wp.com\/www.jazzzeitung.de\/cms\/wp-content\/uploads\/2025\/07\/showfenster-in-muelheim.jpg?resize=600%2C600&#038;ssl=1\" alt=\"Ein Showfenster in M\u00fclheim an der Ruhr. Foto: Hufner\" width=\"600\" height=\"600\" srcset=\"https:\/\/i0.wp.com\/www.jazzzeitung.de\/cms\/wp-content\/uploads\/2025\/07\/showfenster-in-muelheim.jpg?resize=600%2C600&amp;ssl=1 600w, https:\/\/i0.wp.com\/www.jazzzeitung.de\/cms\/wp-content\/uploads\/2025\/07\/showfenster-in-muelheim.jpg?resize=300%2C300&amp;ssl=1 300w, https:\/\/i0.wp.com\/www.jazzzeitung.de\/cms\/wp-content\/uploads\/2025\/07\/showfenster-in-muelheim.jpg?resize=150%2C150&amp;ssl=1 150w, https:\/\/i0.wp.com\/www.jazzzeitung.de\/cms\/wp-content\/uploads\/2025\/07\/showfenster-in-muelheim.jpg?resize=768%2C768&amp;ssl=1 768w, https:\/\/i0.wp.com\/www.jazzzeitung.de\/cms\/wp-content\/uploads\/2025\/07\/showfenster-in-muelheim.jpg?resize=24%2C24&amp;ssl=1 24w, https:\/\/i0.wp.com\/www.jazzzeitung.de\/cms\/wp-content\/uploads\/2025\/07\/showfenster-in-muelheim.jpg?resize=48%2C48&amp;ssl=1 48w, https:\/\/i0.wp.com\/www.jazzzeitung.de\/cms\/wp-content\/uploads\/2025\/07\/showfenster-in-muelheim.jpg?resize=96%2C96&amp;ssl=1 96w, https:\/\/i0.wp.com\/www.jazzzeitung.de\/cms\/wp-content\/uploads\/2025\/07\/showfenster-in-muelheim.jpg?w=1080&amp;ssl=1 1080w\" sizes=\"auto, (max-width: 600px) 100vw, 600px\" \/><\/a><figcaption id=\"caption-attachment-32824\" class=\"wp-caption-text\">Ein Showfenster in M\u00fclheim an der Ruhr. Foto: Hufner<\/figcaption><\/figure>\n<hr \/>\n<h2 class=\"western\">do \u2013 24.07.2025<\/h2>\n<hr \/>\n<p class=\"western\">17:30:00 +++ \u00d61<br \/>\n<b>Musik aus allen Richtungen.<\/b><\/p>\n<p class=\"western\">19:30:00 +++ \u00d61<br \/>\n<b>Fatima Szalay singt traditionelle Lieder aus Ungarn, Kefaya &amp; Elaha Soroor bieten widerst\u00e4ndische Songs aus Afghanistan<\/b><\/p>\n<p class=\"western\" style=\"padding-left: 40px;\">Glatt &amp; Verkehrt blickt heute nach Osten: Im ersten Konzert nicht weit. Nur \u00fcber die \u00f6sterreichisch- ungarische Grenze, wo Fatima Szalay seit der Ver\u00f6ffentlichung des Albums \u201eAmor Fati\u201c im Dezember 2023 als neue Stimme der magyarischen Volksmusikszene gefeiert wird. Es sind ber\u00fchrende, expressive Traditionskl\u00e4nge, die die 30-j\u00e4hrige S\u00e4ngerin mit ihrem Ensemble nun erstmals in \u00d6sterreich zum Besten gibt.<\/p>\n<p class=\"western\" style=\"padding-left: 40px;\">Im zweiten Konzert steht Afghanistan im Fokus, wobei es nicht erstaunt, dass die Lieder von Elaha Soroor eine politische Botschaft in sich tragen. Die S\u00e4ngerin aus dem Volk der Hazara lebt inzwischen in London, von wo aus sie gegen den systematischen Ausschluss der Frauen aus dem \u00f6ffentlichen Leben durch die Taliban-Regierung ank\u00e4mpft: \u201eNaan, Kar, Azadi\u201c (Brot, Arbeit, Freiheit) hei\u00dft eines ihrer j\u00fcngst ver\u00f6ffentlichen Lieder. Elaha Soroor zur Seite steht das ebenfalls in London beheimatete, zwischen Jazz, Folk und vielen anderen Einfl\u00fcssen changierende Ensemble Kefaya um den italienischen Gitarristen Giuliano Modarelli und den britischen Keyboarder Al MacSween.<\/p>\n<p class=\"western\">23:03 \u2013 00:00 UHR +++ SWR KULTUR<br \/>\n<b>ARD Radiofestival. Jazz: Das Fundament des Jazz-Grooves \u2013 Berliner Bassisten <\/b><\/p>\n<p class=\"western\" style=\"padding-left: 40px;\">Von Eva Garthe. Den undankbarsten Job in einer Band? Den haben Bassisten. Die Tieft\u00f6ner stehen im Hintergrund, Ruhm und Ehre bekommen sie selten ab. Gleichzeitig obliegt ihnen die Herkulesaufgabe, die Band musikalisch zusammen zu halten, zwischen Harmonie und Rhythmus zu vermitteln. So ist es jedenfalls im Pop. Im Jazz stehen die Chancen f\u00fcr Bassisten besser \u2013 zumindest, wenn sie als Bandleader auftreten. Namen wie Dave Holland oder Ron Carter sind ja vielen gel\u00e4ufig. Eva Garthe stellt mit Carlos Bica, Phil Donkin und Lisa Hoppe drei Bassist*innen vor, die der Berliner Jazzszene das n\u00f6tige Fundament geben.<\/p>\n<hr \/>\n<h2 class=\"western\">fr \u2013 25.07.2025<\/h2>\n<hr \/>\n<p class=\"western\">14:05:00 +++ \u00d61<br \/>\n<b>Die WDR-Bigband mit Kurt Elling im Dezember 2024 in der Philharmonie K\u00f6ln<\/b><\/p>\n<p class=\"western\" style=\"padding-left: 40px;\">Bei Jazzklassikern denkt man\/frau wohl zuerst einmal an Songs von George Gershwin oder Cole Porter. Aber nat\u00fcrlich haben auch die Kompositionen etwa des Saxofonisten Wayne Shorter Klassikerstatus. Der US-amerikanische S\u00e4nger Kurt Elling verfasst gerne Texte zu diesen urspr\u00fcnglich rein instrumental gedachten St\u00fccken \u2013 wie eben Shorters \u201eSpeak No Evil\u201c.<\/p>\n<p class=\"western\" style=\"padding-left: 40px;\">Bei Ellings Konzert mit der WDR-Bigband am 15. Dezember 2024 in der Philharmonie K\u00f6ln standen Kompositionen von Wayne Shorter, Joe Zawinul und Jaco Pastorius gleichberechtigt neben Songs aus der Feder von Richard Rodgers oder Duke Ellington auf dem Programm. Der Abend stand unter dem Motto \u201eAll Those Jazz Classics\u201c, Saxofonist Bob Mintzer, der die St\u00fccke teilweise auch arrangiert hatte, dirigierte die Bigband des Westdeutschen Rundfunks.<\/p>\n<p class=\"western\">17:30:00 +++ \u00d61<br \/>\n<b>Musik aus allen Richtungen mit Johann Kneihs.<\/b><\/p>\n<p class=\"western\">19:30:00 +++ \u00d61<br \/>\n<b>Harfenistin Cerys Hafana im Dialog mit Akkordeonistin Katharina Baschinger; lusofone Melodien und Rhythmen von S\u00e4ngerin Cristina Clara<\/b><\/p>\n<p class=\"western\" style=\"padding-left: 40px;\">Ein kleiner Clash of Cultures passiert heute auf der Glatt-&amp;-Verkehrt-B\u00fchne im Hof der Winzer Krems: Die 24-j\u00e4hrige walisische S\u00e4ngerin und Harfenistin Cerys Hafana trifft im Festivalauftrag auf die ebenso junge Katharina Baschinger aus Wels, ihres Zeichens Meisterin der Steirischen Harmonika und fester Bestandteil der hiesigen Volksmusikszene.<\/p>\n<p class=\"western\" style=\"padding-left: 40px;\">Im Anschluss entf\u00fchrt die portugiesische Singer-Songwriterin Cristina Clara mit warmer, schlanker Stimme und vierk\u00f6pfiger Begleitband in die Welt lusofoner Melodien und Rhythmen, von Brasilien \u00fcber die Kapverden bis nach Lissabon, wo Clara seit 20 Jahren lebt. Fado trifft Morna trifft Choro trifft Jazz und Pop und mehr: Damit \u00fcberzeugte Cristina Clara im Oktober 2024 die Besucher:innen der WOMEX in Manchester. Und damit wird sie auch heute dem Glatt-&amp;-Verkehrt-Publikum und den \u00d61-H\u00f6rer:innen ein starkes Konzerterlebnis bescheren.<\/p>\n<p class=\"western\">22:30:00 +++ \u00d61<br \/>\n<b>Neuigkeiten aus der Welt des Jazz<\/b><\/p>\n<p class=\"western\" style=\"padding-left: 40px;\">Konzertempfehlungen f\u00fcr die kommende Woche, Buchbesprechungen, Kurznachrufe und aktuelle Meldungen.<\/p>\n<p class=\"western\">23:03:00 +++ \u00d61<br \/>\n<b>Neues aus der Welt des experimentellen HipHop \u2013 Die Grenzen durchbrechen<\/b><\/p>\n<p class=\"western\" style=\"padding-left: 40px;\">Je gr\u00f6\u00dfer Rap als dominierende Kraft in der Popmusik wird, desto weiter wachsen auch seine Triebe in verschiedenste Richtungen. Auch kommerziell sehr erfolgreiche K\u00fcnstler wie Playboi Carti bedienen sich mitunter krachiger Klang\u00e4sthetik. Und in den verschiedenen Ebenen des Untergrundes wird noch befreiter in Sachen Wort und Sound geforscht. Wir h\u00f6ren neue Musik etwa von The Clipping, Moor Mother, JPEGMAFIA oder Doseone. Gestaltung: Stefan Trischler<\/p>\n<hr \/>\n<h2 class=\"western\">sa \u2013 26.07.2025<\/h2>\n<hr \/>\n<p class=\"western\">14.00 Uhr, Das \u00d61 H\u00f6rspiel<br \/>\n<b>\u201eRomy Schneider \u2013 Zwei Gesichter einer Frau\u201c. <\/b><\/p>\n<p class=\"western\" style=\"padding-left: 40px;\">Von und mit Chris Pichler. Tongestaltung: Herta Werner-Tschaschl und Katharina B\u00f6hm. Regie: Chris Pichler und Daniela Gassner (ORF 2008)<\/p>\n<p class=\"western\" style=\"padding-left: 40px;\">\u201eIch muss unbedingt Schauspielerin werden, ich muss!\u201c \u2013 diesen Satz schrieb Romy Schneider im Jahr 1953 mit 15 Jahren in ihr Tagebuch. Es war der Beginn einer au\u00dfergew\u00f6hnlichen Karriere und eines Lebens voller H\u00f6hen und Tiefen. Bereits im selben Jahr deb\u00fctierte sie im Film \u201eWenn der wei\u00dfe Flieder wieder bl\u00fcht\u201c, und nur zwei Jahre sp\u00e4ter gelang ihr mit der Rolle der Sissi der internationale Durchbruch. Das Bild des s\u00fc\u00dfen Kaiserm\u00e4dels sollte sie Zeit ihres Lebens verfolgen.<\/p>\n<p class=\"western\" style=\"padding-left: 40px;\">In dem H\u00f6rspiel \u201eRomy Schneider \u2013 Zwei Gesichter einer Frau\u201c sp\u00fcrt die Schauspielerin, Autorin und Regisseurin Chris Pichler dem bewegenden Leben dieser Ikone nach \u2013 emotional, pr\u00e4zise und mit gro\u00dfem Respekt. Grundlage des St\u00fccks sind die pers\u00f6nlichen Aufzeichnungen Romy Schneiders, die 1989 unter dem Titel \u201eIch, Romy. Tagebuch eines Lebens\u201c ver\u00f6ffentlicht wurden. Pichler verdichtete die Tageb\u00fccher, Briefe und Interviews zu einem eindringlichen Theatersoloabend, der 2008 auch als H\u00f6rspiel seinen Weg zum Publikum fand.<\/p>\n<p class=\"western\" style=\"padding-left: 40px;\">Die Produktion offenbart eine Frau zwischen \u00f6ffentlichem Glanz und innerem Kampf. Besonders ber\u00fchrend ist eine Szene, in der Romy Schneider w\u00e4hrend der Dreharbeiten zu \u201eGruppenbild mit Dame\u201c einen Brief an den Nobelpreistr\u00e4ger Heinrich B\u00f6ll schreibt. Darin bittet sie um ein pers\u00f6nliches Gespr\u00e4ch \u2013 \u00fcber Kunst, Verantwortung und das Bild, das die \u00d6ffentlichkeit von ihr hat. Das Treffen fand das am 5. Dezember 1976 statt.<\/p>\n<p class=\"western\" style=\"padding-left: 40px;\">\u201eIch kann nichts im Leben, aber alles auf der Leinwand\u201c, sagte der Weltstar einst \u00fcber sich. Ihre Worte zeugen von der tiefen Zerrissenheit einer K\u00fcnstlerin, die stets zwischen Erfolg und Selbstzweifel, zwischen Bewunderung und Einsamkeit pendelte. Der fr\u00fche Tod ihres Sohnes David, private Katastrophen und die st\u00e4ndige mediale Beobachtung hinterlie\u00dfen Spuren, an denen sie zerbrach. Im Mai 1982 starb Romy Schneider im Alter von 44 Jahren in Paris. Als Todesursache wurde Herzversagen angegeben.<\/p>\n<p class=\"western\" style=\"padding-left: 40px;\">Chris Pichler, die selbst seit vielen Jahren als Schauspielerin auf renommierten B\u00fchnen im deutschsprachigen Raum wirkt, gelingt mit diesem Monolog ein feinf\u00fchliges Portr\u00e4t einer Frau, die mehr war als nur ein Star \u2013und deren k\u00fcnstlerisches Verm\u00e4chtnis bis heute ber\u00fchrt.<\/p>\n<ul>\n<li>\n<p class=\"western\">https:\/\/oe1.orf.at\/programm\/20250726#801432\/Romy-Schneider-Zwei-Gesichter-einer-Frau<\/p>\n<\/li>\n<\/ul>\n<p class=\"western\">23:03:00 +++ \u00d61<br \/>\n<b>Saxofonistin Muriel Grossmann im Gespr\u00e4ch, das Duo Tomas Nov\u00e1k\/Paul Schuberth im Mai 2025 im Wiener RadioCafe<\/b><\/p>\n<p class=\"western\" style=\"padding-left: 40px;\">Die in Paris geborene, in Wien aufgewachsene und auf der Balearen-Insel Ibiza lebende Saxofonistin Muriel Grossmann z\u00e4hlt zu den pr\u00e4genden Stimmen des Spiritual Jazz der letzten Jahre. Sie ist bekannt f\u00fcr hochenergetische Musik, die sie mit ihrem angestammten Quartett kreiert, bestehend aus Radomir Milojkovic (Gitarre), Abel Boquera (Hammond-Orgel) und Uros Stamenkovic (Schlagzeug). Nach Studioalben unter anderem f\u00fcr das britische Label Jazzman Records ist am 5. M\u00e4rz 2025 das erste Livealbum des MGQ erschienen: \u201eLive im King Georg K\u00f6ln\u201c. Aufgenommen im November 2022 im gleichnamigen K\u00f6lner Jazzclub, dokumentiert diese Arbeit die explosive Live-Energie der Band, inspiriert von John Coltranes Musik ebenso wie vom Jazz-Funk eines Grant Green oder Lou Donaldson. Im \u00d61 Jazznacht-Gespr\u00e4ch erz\u00e4hlt Muriel Grossmann unter anderem vom Antrieb hinter ihrem steten Output, den Vorz\u00fcgen und Nachteilen einer Aufnahme vor Publikum, und warum jetzt der richtige Zeitpunkt f\u00fcr ihr erstes Live-Album gekommen ist.<\/p>\n<p class=\"western\" style=\"padding-left: 40px;\">\u201eFransen\u00fcberblick\u201c nennen Paul Schuberth (Akkordeon) und Tom\u00e1s Nov\u00e1k (Geige) ihr neues Album, das im elften Jahr des Bestehens ihres Duos erschienen ist. Sie verweben musikalische \u201eFransen\u201c aus Jazz, zeitgen\u00f6ssischen Kl\u00e4ngen, Volksmusik und vielen weiteren Elementen zu ihrem eigenen Klangteppich, den sie am 6. Mai 2025 im Wiener RadioCafe pr\u00e4sentierten. Die Aufnahme dieses Konzerts wird ebenfalls in der \u00d61 Jazznacht zu h\u00f6ren sein, zusammen mit weiteren historischen und aktuellen Konzertmitschnitten.<\/p>\n<hr \/>\n<h2 class=\"western\">so \u2013 27.07.2025<\/h2>\n<hr \/>\n<p class=\"western\">00:05:00 +++ \u00d61<br \/>\n<b>(Fortsetzung); Saxofonistin Muriel Grossmann im Gespr\u00e4ch, das Duo Tomas Nov\u00e1k\/Paul Schuberth im Mai 2025 im Wiener RadioCafe<\/b><\/p>\n<p class=\"western\">03:03:00 +++ \u00d61<br \/>\n<b>Mit klingenden Kulinarien in den Sonntag-Morgen<\/b><\/p>\n<p class=\"western\" style=\"padding-left: 40px;\">Klassiker und Fundst\u00fccke aus 100 Jahren Jazzgeschichte (Wiederholung).<\/p>\n<p class=\"western\">17:10:00 +++ \u00d61<br \/>\n<b>S\u00e4ngerin Magal\u00ed Sare und Kontrabassist Manel Forti\u00e0 aus Barcelona zu Gast im Hof der Winzer Krems<\/b><\/p>\n<p class=\"western\" style=\"padding-left: 40px;\">Sie singt und spielt Fl\u00f6te, er bearbeitet den Kontrabass. Und trotz dieser schlanken Duo-Besetzung er\u00f6ffnen Magal\u00ed Sare und Manel Forti\u00e0 in ihrer Musik eine facettenreiche, charmante Welt an Timbres, Melodien und Rhythmen. Magal\u00ed Sare stammt aus Cerdanyola del Vall\u00e8s bei Barcelona, Manel Forti\u00e0 aus Cass\u00e0 de la Selva bei Girona \u2013 in der Musik sind sie freilich Weltb\u00fcrger, die den kubanischen Schmachtfetzen \u201eGuantanamera\u201c ebenso veredeln wie Tangos, Perlen aus dem Fado-Repertoire und katalanische Volkslieder. Sare ber\u00fcckt mit wandlungsf\u00e4higer, starker Stimme, Forti\u00e0 kann auf das Vokabular und die Flexibilit\u00e4t eines erfahrenen Jazzbassisten zur\u00fcckgreifen, der \u00fcber gute Verbindungen nach New York City verf\u00fcgt und mit den Saxofonisten Dave Liebman und Chris Cheek musiziert hat. Ein kammermusikalisches Rufzeichen im heurigen Glatt-&amp;-Verkehrt-Programm!<\/p>\n<p class=\"western\">19:05:00 +++ \u00d61<br \/>\n<b>Bassist Reggie Washington und das Kollektiv Black Lives im Hof der Winzer Krems<\/b><\/p>\n<p class=\"western\" style=\"padding-left: 40px;\">Die \u201eBlack Lives Matter\u201c-Bewegung infolge der T\u00f6tung von George Floyd in Polizeigewahrsam im Mai 2020 in Minneapolis ist Namensgeber f\u00fcr ein aus exzellenten europ\u00e4ischen und US-amerikanischen Jazzmusikern bestehendes Ensemble: Kontrabassist Reggie Washington war einer der Initiatoren des Projektes \u201eBlack Lives \u2013 from Generation to Generation\u201c, das unter seiner Leitung seither zwei Alben vorgelegt hat und durch Europa tourt: Neben den Stimmen von Christie Dashiell, Georgia Heers und Shariff Simmons sind der franz\u00f6sische Saxofonist Pierrick P\u00e9dron, der aus Martinique stammende Pianist Gr\u00e9gory Privat sowie US-Gitarrist David Gilmore und Drummer Gene Lake mit von der Partie. Gemeinsam intonieren sie zum Ausklang von Glatt &amp; Verkehrt 2025 eine kraftvolle Mischung aus Jazz, Soul, Funk und Rap. Mit Haltung und Message, versteht sich.<\/p>\n<p class=\"western\">23:03:00 +++ \u00d61<br \/>\n<b>Elektro Guzzi und Yoruba Percussion \u2013 Konzert-Highlight mit Elektro Guzzi und Yoruba Percussion bei \u201eGlatt &amp; Verkehrt\u201c 2012<\/b><\/p>\n<p class=\"western\" style=\"padding-left: 40px;\">Nach der Live-\u00dcbertragung vom Festival \u201eGlatt &amp; Verkehrt\u201c soeben, holen wir in dieser verk\u00fcrzten Ausgabe von Supernova den Mitschnitt eines Konzertes aus dem Archiv, das 2012 ebendort stattgefunden hat und uns in ganz besonders heller Erinnerung geblieben ist. Der Dance Floor ist hiermit er\u00f6ffnet. Techno, virtuos gespielt mit Gitarre, Bass und Schlagzeug, \u2013 mit diesem einzigartigen musikalischen Konzept begeisterten Elektro Guzzi Anfang der 2000er Jahre das Publikum dies- und jenseits der \u00f6sterreichischen Landesgrenze. Eingehende Klangforschung steht seit jeher im Zentrum des Trio-Projektes von Bernhard Hammer, Jakob Schneidewind und Bernhard Breuer. Nach immer wieder neuen Rhythmen suchend, besch\u00e4ftigten sich die Drei Anfang der 2010er Jahre gerade intensiv mit afrokubanischer Musik, als sie von Glatt &amp; Verkehrt&#8220; eingeladen wurden, f\u00fcr die Festivalausgabe 2012 ein gemeinsames Konzert mit den drei Perkussionisten Michael Herrera Perez, Didiel Armando Acosta Mitjans und Lesmais Quintero Iglesias der aus Kuba stammenden Formation Yoruba Andabo zu erarbeiten. Die so elektrisierte Stimmung zwischen den Musikern auf der B\u00fchne \u00fcbertrug sich schnell auf das Publikum, das Konzert sollte einer der H\u00f6hepunkte besagter Festivalausgabe werden. Gestaltung: Susanna Niedermayr<\/p>\n","protected":false},"excerpt":{"rendered":"<p>Jazz im Radio \u2013 Jeden Sonntag gibt es um 12 Uhr unsere \u00dcbersicht f\u00fcr die jeweils nachfolgende Woche. Die #Jazz-Radiowoche vom 21.07. bis zum 27.07.2025. Erheblich d\u00fcnn! Auch als PDF zum Download \u2013 #Jazz #JazzZeitung #Radio #Radiowoche \u2013 Ein Service unserer Online-Redaktion.<\/p>\n","protected":false},"author":1,"featured_media":32824,"comment_status":"open","ping_status":"open","sticky":false,"template":"","format":"standard","meta":{"_jetpack_memberships_contains_paid_content":false,"footnotes":"","jetpack_publicize_message":"","jetpack_publicize_feature_enabled":true,"jetpack_social_post_already_shared":true,"jetpack_social_options":{"image_generator_settings":{"template":"highway","default_image_id":0,"font":"","enabled":false},"version":2}},"categories":[633,452],"tags":[3773,1629],"coauthors":[650],"class_list":["post-32822","post","type-post","status-publish","format-standard","has-post-thumbnail","hentry","category-nachrichten","category-radio","tag-die-radiowoche","tag-jazz-im-radio"],"yoast_head":"<!-- This site is optimized with the Yoast SEO plugin v27.4 - https:\/\/yoast.com\/product\/yoast-seo-wordpress\/ -->\n<title>Die abgeschlappte Jazz-Radiowoche vom 21.07.2025 bis 27.07.2025 - JazzZeitung<\/title>\n<meta name=\"robots\" content=\"index, follow, max-snippet:-1, max-image-preview:large, max-video-preview:-1\" \/>\n<link rel=\"canonical\" href=\"https:\/\/www.jazzzeitung.de\/cms\/2025\/07\/die-abgeschlappte-jazz-radiowoche-vom-21-07-2025-bis-27-07-2025\/\" \/>\n<meta property=\"og:locale\" content=\"de_DE\" \/>\n<meta property=\"og:type\" content=\"article\" \/>\n<meta property=\"og:title\" content=\"Die abgeschlappte Jazz-Radiowoche vom 21.07.2025 bis 27.07.2025 - JazzZeitung\" \/>\n<meta property=\"og:description\" content=\"Jazz im Radio \u2013 Jeden Sonntag gibt es um 12 Uhr unsere \u00dcbersicht f\u00fcr die jeweils nachfolgende Woche. Die #Jazz-Radiowoche vom 21.07. bis zum 27.07.2025. Erheblich d\u00fcnn! Auch als PDF zum Download \u2013 #Jazz #JazzZeitung #Radio #Radiowoche \u2013 Ein Service unserer Online-Redaktion.\" \/>\n<meta property=\"og:url\" content=\"https:\/\/www.jazzzeitung.de\/cms\/2025\/07\/die-abgeschlappte-jazz-radiowoche-vom-21-07-2025-bis-27-07-2025\/\" \/>\n<meta property=\"og:site_name\" content=\"JazzZeitung\" \/>\n<meta property=\"article:publisher\" content=\"https:\/\/www.facebook.com\/JazzZeitung\/\" \/>\n<meta property=\"article:author\" content=\"https:\/\/www.facebook.com\/hufner\" \/>\n<meta property=\"article:published_time\" content=\"2025-07-20T10:00:46+00:00\" \/>\n<meta property=\"og:image\" content=\"https:\/\/i0.wp.com\/www.jazzzeitung.de\/cms\/wp-content\/uploads\/2025\/07\/showfenster-in-muelheim.jpg?fit=1080%2C1080&ssl=1\" \/>\n\t<meta property=\"og:image:width\" content=\"1080\" \/>\n\t<meta property=\"og:image:height\" content=\"1080\" \/>\n\t<meta property=\"og:image:type\" content=\"image\/jpeg\" \/>\n<meta name=\"author\" content=\"Martin Hufner\" \/>\n<script type=\"application\/ld+json\" class=\"yoast-schema-graph\">{\"@context\":\"https:\\\/\\\/schema.org\",\"@graph\":[{\"@type\":\"Article\",\"@id\":\"https:\\\/\\\/www.jazzzeitung.de\\\/cms\\\/2025\\\/07\\\/die-abgeschlappte-jazz-radiowoche-vom-21-07-2025-bis-27-07-2025\\\/#article\",\"isPartOf\":{\"@id\":\"https:\\\/\\\/www.jazzzeitung.de\\\/cms\\\/2025\\\/07\\\/die-abgeschlappte-jazz-radiowoche-vom-21-07-2025-bis-27-07-2025\\\/\"},\"author\":{\"name\":\"Martin Hufner\",\"@id\":\"https:\\\/\\\/www.jazzzeitung.de\\\/cms\\\/#\\\/schema\\\/person\\\/b9a4e5ac765d94fb8f617bfa8f1fc5f7\"},\"headline\":\"Die abgeschlappte Jazz-Radiowoche vom 21.07.2025 bis 27.07.2025\",\"datePublished\":\"2025-07-20T10:00:46+00:00\",\"mainEntityOfPage\":{\"@id\":\"https:\\\/\\\/www.jazzzeitung.de\\\/cms\\\/2025\\\/07\\\/die-abgeschlappte-jazz-radiowoche-vom-21-07-2025-bis-27-07-2025\\\/\"},\"wordCount\":3085,\"commentCount\":0,\"publisher\":{\"@id\":\"https:\\\/\\\/www.jazzzeitung.de\\\/cms\\\/#organization\"},\"image\":{\"@id\":\"https:\\\/\\\/www.jazzzeitung.de\\\/cms\\\/2025\\\/07\\\/die-abgeschlappte-jazz-radiowoche-vom-21-07-2025-bis-27-07-2025\\\/#primaryimage\"},\"thumbnailUrl\":\"https:\\\/\\\/i0.wp.com\\\/www.jazzzeitung.de\\\/cms\\\/wp-content\\\/uploads\\\/2025\\\/07\\\/showfenster-in-muelheim.jpg?fit=1080%2C1080&ssl=1\",\"keywords\":[\"Die Radiowoche\",\"Jazz im Radio\"],\"articleSection\":[\"News\",\"Radio\"],\"inLanguage\":\"de\",\"potentialAction\":[{\"@type\":\"CommentAction\",\"name\":\"Comment\",\"target\":[\"https:\\\/\\\/www.jazzzeitung.de\\\/cms\\\/2025\\\/07\\\/die-abgeschlappte-jazz-radiowoche-vom-21-07-2025-bis-27-07-2025\\\/#respond\"]}]},{\"@type\":\"WebPage\",\"@id\":\"https:\\\/\\\/www.jazzzeitung.de\\\/cms\\\/2025\\\/07\\\/die-abgeschlappte-jazz-radiowoche-vom-21-07-2025-bis-27-07-2025\\\/\",\"url\":\"https:\\\/\\\/www.jazzzeitung.de\\\/cms\\\/2025\\\/07\\\/die-abgeschlappte-jazz-radiowoche-vom-21-07-2025-bis-27-07-2025\\\/\",\"name\":\"Die abgeschlappte Jazz-Radiowoche vom 21.07.2025 bis 27.07.2025 - JazzZeitung\",\"isPartOf\":{\"@id\":\"https:\\\/\\\/www.jazzzeitung.de\\\/cms\\\/#website\"},\"primaryImageOfPage\":{\"@id\":\"https:\\\/\\\/www.jazzzeitung.de\\\/cms\\\/2025\\\/07\\\/die-abgeschlappte-jazz-radiowoche-vom-21-07-2025-bis-27-07-2025\\\/#primaryimage\"},\"image\":{\"@id\":\"https:\\\/\\\/www.jazzzeitung.de\\\/cms\\\/2025\\\/07\\\/die-abgeschlappte-jazz-radiowoche-vom-21-07-2025-bis-27-07-2025\\\/#primaryimage\"},\"thumbnailUrl\":\"https:\\\/\\\/i0.wp.com\\\/www.jazzzeitung.de\\\/cms\\\/wp-content\\\/uploads\\\/2025\\\/07\\\/showfenster-in-muelheim.jpg?fit=1080%2C1080&ssl=1\",\"datePublished\":\"2025-07-20T10:00:46+00:00\",\"breadcrumb\":{\"@id\":\"https:\\\/\\\/www.jazzzeitung.de\\\/cms\\\/2025\\\/07\\\/die-abgeschlappte-jazz-radiowoche-vom-21-07-2025-bis-27-07-2025\\\/#breadcrumb\"},\"inLanguage\":\"de\",\"potentialAction\":[{\"@type\":\"ReadAction\",\"target\":[\"https:\\\/\\\/www.jazzzeitung.de\\\/cms\\\/2025\\\/07\\\/die-abgeschlappte-jazz-radiowoche-vom-21-07-2025-bis-27-07-2025\\\/\"]}]},{\"@type\":\"ImageObject\",\"inLanguage\":\"de\",\"@id\":\"https:\\\/\\\/www.jazzzeitung.de\\\/cms\\\/2025\\\/07\\\/die-abgeschlappte-jazz-radiowoche-vom-21-07-2025-bis-27-07-2025\\\/#primaryimage\",\"url\":\"https:\\\/\\\/i0.wp.com\\\/www.jazzzeitung.de\\\/cms\\\/wp-content\\\/uploads\\\/2025\\\/07\\\/showfenster-in-muelheim.jpg?fit=1080%2C1080&ssl=1\",\"contentUrl\":\"https:\\\/\\\/i0.wp.com\\\/www.jazzzeitung.de\\\/cms\\\/wp-content\\\/uploads\\\/2025\\\/07\\\/showfenster-in-muelheim.jpg?fit=1080%2C1080&ssl=1\",\"width\":1080,\"height\":1080,\"caption\":\"Ein Showfenster in M\u00fclheim an der Ruhr. Foto: Hufner\"},{\"@type\":\"BreadcrumbList\",\"@id\":\"https:\\\/\\\/www.jazzzeitung.de\\\/cms\\\/2025\\\/07\\\/die-abgeschlappte-jazz-radiowoche-vom-21-07-2025-bis-27-07-2025\\\/#breadcrumb\",\"itemListElement\":[{\"@type\":\"ListItem\",\"position\":1,\"name\":\"Startseite\",\"item\":\"https:\\\/\\\/www.jazzzeitung.de\\\/cms\\\/\"},{\"@type\":\"ListItem\",\"position\":2,\"name\":\"Die abgeschlappte Jazz-Radiowoche vom 21.07.2025 bis 27.07.2025\"}]},{\"@type\":\"WebSite\",\"@id\":\"https:\\\/\\\/www.jazzzeitung.de\\\/cms\\\/#website\",\"url\":\"https:\\\/\\\/www.jazzzeitung.de\\\/cms\\\/\",\"name\":\"JazzZeitung\",\"description\":\"Jazz-News und Jazz-Kontroverses\",\"publisher\":{\"@id\":\"https:\\\/\\\/www.jazzzeitung.de\\\/cms\\\/#organization\"},\"potentialAction\":[{\"@type\":\"SearchAction\",\"target\":{\"@type\":\"EntryPoint\",\"urlTemplate\":\"https:\\\/\\\/www.jazzzeitung.de\\\/cms\\\/?s={search_term_string}\"},\"query-input\":{\"@type\":\"PropertyValueSpecification\",\"valueRequired\":true,\"valueName\":\"search_term_string\"}}],\"inLanguage\":\"de\"},{\"@type\":\"Organization\",\"@id\":\"https:\\\/\\\/www.jazzzeitung.de\\\/cms\\\/#organization\",\"name\":\"JazzZeitung online\",\"url\":\"https:\\\/\\\/www.jazzzeitung.de\\\/cms\\\/\",\"logo\":{\"@type\":\"ImageObject\",\"inLanguage\":\"de\",\"@id\":\"https:\\\/\\\/www.jazzzeitung.de\\\/cms\\\/#\\\/schema\\\/logo\\\/image\\\/\",\"url\":\"https:\\\/\\\/i0.wp.com\\\/www.jazzzeitung.de\\\/cms\\\/wp-content\\\/uploads\\\/2015\\\/08\\\/JAZZZEITUNGDE_Logo_Neu.png?fit=499%2C200&ssl=1\",\"contentUrl\":\"https:\\\/\\\/i0.wp.com\\\/www.jazzzeitung.de\\\/cms\\\/wp-content\\\/uploads\\\/2015\\\/08\\\/JAZZZEITUNGDE_Logo_Neu.png?fit=499%2C200&ssl=1\",\"width\":499,\"height\":200,\"caption\":\"JazzZeitung online\"},\"image\":{\"@id\":\"https:\\\/\\\/www.jazzzeitung.de\\\/cms\\\/#\\\/schema\\\/logo\\\/image\\\/\"},\"sameAs\":[\"https:\\\/\\\/www.facebook.com\\\/JazzZeitung\\\/\"]},{\"@type\":\"Person\",\"@id\":\"https:\\\/\\\/www.jazzzeitung.de\\\/cms\\\/#\\\/schema\\\/person\\\/b9a4e5ac765d94fb8f617bfa8f1fc5f7\",\"name\":\"Martin Hufner\",\"image\":{\"@type\":\"ImageObject\",\"inLanguage\":\"de\",\"@id\":\"https:\\\/\\\/i0.wp.com\\\/www.jazzzeitung.de\\\/cms\\\/wp-content\\\/uploads\\\/2013\\\/07\\\/huf-06.jpg?resize=96%2C96&ssl=15fcc31aa94540751a3b804516452be00\",\"url\":\"https:\\\/\\\/i0.wp.com\\\/www.jazzzeitung.de\\\/cms\\\/wp-content\\\/uploads\\\/2013\\\/07\\\/huf-06.jpg?resize=96%2C96&ssl=1\",\"contentUrl\":\"https:\\\/\\\/i0.wp.com\\\/www.jazzzeitung.de\\\/cms\\\/wp-content\\\/uploads\\\/2013\\\/07\\\/huf-06.jpg?resize=96%2C96&ssl=1\",\"caption\":\"Martin Hufner\"},\"description\":\"Martin Hufner ist freier Autor der JazzZeitung.\",\"sameAs\":[\"https:\\\/\\\/www.kritische-masse.de\\\/logbuch\",\"https:\\\/\\\/www.facebook.com\\\/hufner\"],\"url\":\"https:\\\/\\\/www.jazzzeitung.de\\\/cms\\\/author\\\/admin\\\/\"}]}<\/script>\n<!-- \/ Yoast SEO plugin. -->","yoast_head_json":{"title":"Die abgeschlappte Jazz-Radiowoche vom 21.07.2025 bis 27.07.2025 - JazzZeitung","robots":{"index":"index","follow":"follow","max-snippet":"max-snippet:-1","max-image-preview":"max-image-preview:large","max-video-preview":"max-video-preview:-1"},"canonical":"https:\/\/www.jazzzeitung.de\/cms\/2025\/07\/die-abgeschlappte-jazz-radiowoche-vom-21-07-2025-bis-27-07-2025\/","og_locale":"de_DE","og_type":"article","og_title":"Die abgeschlappte Jazz-Radiowoche vom 21.07.2025 bis 27.07.2025 - JazzZeitung","og_description":"Jazz im Radio \u2013 Jeden Sonntag gibt es um 12 Uhr unsere \u00dcbersicht f\u00fcr die jeweils nachfolgende Woche. Die #Jazz-Radiowoche vom 21.07. bis zum 27.07.2025. Erheblich d\u00fcnn! Auch als PDF zum Download \u2013 #Jazz #JazzZeitung #Radio #Radiowoche \u2013 Ein Service unserer Online-Redaktion.","og_url":"https:\/\/www.jazzzeitung.de\/cms\/2025\/07\/die-abgeschlappte-jazz-radiowoche-vom-21-07-2025-bis-27-07-2025\/","og_site_name":"JazzZeitung","article_publisher":"https:\/\/www.facebook.com\/JazzZeitung\/","article_author":"https:\/\/www.facebook.com\/hufner","article_published_time":"2025-07-20T10:00:46+00:00","og_image":[{"width":1080,"height":1080,"url":"https:\/\/i0.wp.com\/www.jazzzeitung.de\/cms\/wp-content\/uploads\/2025\/07\/showfenster-in-muelheim.jpg?fit=1080%2C1080&ssl=1","type":"image\/jpeg"}],"author":"Martin Hufner","schema":{"@context":"https:\/\/schema.org","@graph":[{"@type":"Article","@id":"https:\/\/www.jazzzeitung.de\/cms\/2025\/07\/die-abgeschlappte-jazz-radiowoche-vom-21-07-2025-bis-27-07-2025\/#article","isPartOf":{"@id":"https:\/\/www.jazzzeitung.de\/cms\/2025\/07\/die-abgeschlappte-jazz-radiowoche-vom-21-07-2025-bis-27-07-2025\/"},"author":{"name":"Martin Hufner","@id":"https:\/\/www.jazzzeitung.de\/cms\/#\/schema\/person\/b9a4e5ac765d94fb8f617bfa8f1fc5f7"},"headline":"Die abgeschlappte Jazz-Radiowoche vom 21.07.2025 bis 27.07.2025","datePublished":"2025-07-20T10:00:46+00:00","mainEntityOfPage":{"@id":"https:\/\/www.jazzzeitung.de\/cms\/2025\/07\/die-abgeschlappte-jazz-radiowoche-vom-21-07-2025-bis-27-07-2025\/"},"wordCount":3085,"commentCount":0,"publisher":{"@id":"https:\/\/www.jazzzeitung.de\/cms\/#organization"},"image":{"@id":"https:\/\/www.jazzzeitung.de\/cms\/2025\/07\/die-abgeschlappte-jazz-radiowoche-vom-21-07-2025-bis-27-07-2025\/#primaryimage"},"thumbnailUrl":"https:\/\/i0.wp.com\/www.jazzzeitung.de\/cms\/wp-content\/uploads\/2025\/07\/showfenster-in-muelheim.jpg?fit=1080%2C1080&ssl=1","keywords":["Die Radiowoche","Jazz im Radio"],"articleSection":["News","Radio"],"inLanguage":"de","potentialAction":[{"@type":"CommentAction","name":"Comment","target":["https:\/\/www.jazzzeitung.de\/cms\/2025\/07\/die-abgeschlappte-jazz-radiowoche-vom-21-07-2025-bis-27-07-2025\/#respond"]}]},{"@type":"WebPage","@id":"https:\/\/www.jazzzeitung.de\/cms\/2025\/07\/die-abgeschlappte-jazz-radiowoche-vom-21-07-2025-bis-27-07-2025\/","url":"https:\/\/www.jazzzeitung.de\/cms\/2025\/07\/die-abgeschlappte-jazz-radiowoche-vom-21-07-2025-bis-27-07-2025\/","name":"Die abgeschlappte Jazz-Radiowoche vom 21.07.2025 bis 27.07.2025 - JazzZeitung","isPartOf":{"@id":"https:\/\/www.jazzzeitung.de\/cms\/#website"},"primaryImageOfPage":{"@id":"https:\/\/www.jazzzeitung.de\/cms\/2025\/07\/die-abgeschlappte-jazz-radiowoche-vom-21-07-2025-bis-27-07-2025\/#primaryimage"},"image":{"@id":"https:\/\/www.jazzzeitung.de\/cms\/2025\/07\/die-abgeschlappte-jazz-radiowoche-vom-21-07-2025-bis-27-07-2025\/#primaryimage"},"thumbnailUrl":"https:\/\/i0.wp.com\/www.jazzzeitung.de\/cms\/wp-content\/uploads\/2025\/07\/showfenster-in-muelheim.jpg?fit=1080%2C1080&ssl=1","datePublished":"2025-07-20T10:00:46+00:00","breadcrumb":{"@id":"https:\/\/www.jazzzeitung.de\/cms\/2025\/07\/die-abgeschlappte-jazz-radiowoche-vom-21-07-2025-bis-27-07-2025\/#breadcrumb"},"inLanguage":"de","potentialAction":[{"@type":"ReadAction","target":["https:\/\/www.jazzzeitung.de\/cms\/2025\/07\/die-abgeschlappte-jazz-radiowoche-vom-21-07-2025-bis-27-07-2025\/"]}]},{"@type":"ImageObject","inLanguage":"de","@id":"https:\/\/www.jazzzeitung.de\/cms\/2025\/07\/die-abgeschlappte-jazz-radiowoche-vom-21-07-2025-bis-27-07-2025\/#primaryimage","url":"https:\/\/i0.wp.com\/www.jazzzeitung.de\/cms\/wp-content\/uploads\/2025\/07\/showfenster-in-muelheim.jpg?fit=1080%2C1080&ssl=1","contentUrl":"https:\/\/i0.wp.com\/www.jazzzeitung.de\/cms\/wp-content\/uploads\/2025\/07\/showfenster-in-muelheim.jpg?fit=1080%2C1080&ssl=1","width":1080,"height":1080,"caption":"Ein Showfenster in M\u00fclheim an der Ruhr. Foto: Hufner"},{"@type":"BreadcrumbList","@id":"https:\/\/www.jazzzeitung.de\/cms\/2025\/07\/die-abgeschlappte-jazz-radiowoche-vom-21-07-2025-bis-27-07-2025\/#breadcrumb","itemListElement":[{"@type":"ListItem","position":1,"name":"Startseite","item":"https:\/\/www.jazzzeitung.de\/cms\/"},{"@type":"ListItem","position":2,"name":"Die abgeschlappte Jazz-Radiowoche vom 21.07.2025 bis 27.07.2025"}]},{"@type":"WebSite","@id":"https:\/\/www.jazzzeitung.de\/cms\/#website","url":"https:\/\/www.jazzzeitung.de\/cms\/","name":"JazzZeitung","description":"Jazz-News und Jazz-Kontroverses","publisher":{"@id":"https:\/\/www.jazzzeitung.de\/cms\/#organization"},"potentialAction":[{"@type":"SearchAction","target":{"@type":"EntryPoint","urlTemplate":"https:\/\/www.jazzzeitung.de\/cms\/?s={search_term_string}"},"query-input":{"@type":"PropertyValueSpecification","valueRequired":true,"valueName":"search_term_string"}}],"inLanguage":"de"},{"@type":"Organization","@id":"https:\/\/www.jazzzeitung.de\/cms\/#organization","name":"JazzZeitung online","url":"https:\/\/www.jazzzeitung.de\/cms\/","logo":{"@type":"ImageObject","inLanguage":"de","@id":"https:\/\/www.jazzzeitung.de\/cms\/#\/schema\/logo\/image\/","url":"https:\/\/i0.wp.com\/www.jazzzeitung.de\/cms\/wp-content\/uploads\/2015\/08\/JAZZZEITUNGDE_Logo_Neu.png?fit=499%2C200&ssl=1","contentUrl":"https:\/\/i0.wp.com\/www.jazzzeitung.de\/cms\/wp-content\/uploads\/2015\/08\/JAZZZEITUNGDE_Logo_Neu.png?fit=499%2C200&ssl=1","width":499,"height":200,"caption":"JazzZeitung online"},"image":{"@id":"https:\/\/www.jazzzeitung.de\/cms\/#\/schema\/logo\/image\/"},"sameAs":["https:\/\/www.facebook.com\/JazzZeitung\/"]},{"@type":"Person","@id":"https:\/\/www.jazzzeitung.de\/cms\/#\/schema\/person\/b9a4e5ac765d94fb8f617bfa8f1fc5f7","name":"Martin Hufner","image":{"@type":"ImageObject","inLanguage":"de","@id":"https:\/\/i0.wp.com\/www.jazzzeitung.de\/cms\/wp-content\/uploads\/2013\/07\/huf-06.jpg?resize=96%2C96&ssl=15fcc31aa94540751a3b804516452be00","url":"https:\/\/i0.wp.com\/www.jazzzeitung.de\/cms\/wp-content\/uploads\/2013\/07\/huf-06.jpg?resize=96%2C96&ssl=1","contentUrl":"https:\/\/i0.wp.com\/www.jazzzeitung.de\/cms\/wp-content\/uploads\/2013\/07\/huf-06.jpg?resize=96%2C96&ssl=1","caption":"Martin Hufner"},"description":"Martin Hufner ist freier Autor der JazzZeitung.","sameAs":["https:\/\/www.kritische-masse.de\/logbuch","https:\/\/www.facebook.com\/hufner"],"url":"https:\/\/www.jazzzeitung.de\/cms\/author\/admin\/"}]}},"wp-worthy-pixel":{"ignored":true,"public":null,"server":null,"url":null},"wp-worthy-type":"normal","jetpack_publicize_connections":[],"cc_featured_image_caption":{"caption_text":"Ein Showfenster in M\u00fclheim an der Ruhr. ","source_text":"Foto: Martin Hufner","source_url":"http:\/\/www.kritische-masse.de"},"jetpack_featured_media_url":"https:\/\/i0.wp.com\/www.jazzzeitung.de\/cms\/wp-content\/uploads\/2025\/07\/showfenster-in-muelheim.jpg?fit=1080%2C1080&ssl=1","jetpack_shortlink":"https:\/\/wp.me\/p3KEcT-8xo","jetpack-related-posts":[{"id":33138,"url":"https:\/\/www.jazzzeitung.de\/cms\/2025\/09\/die-atomgrosse-jazz-radiowoche-vom-29-09-2025-bis-05-10-2025\/","url_meta":{"origin":32822,"position":0},"title":"Die atomgro\u00dfe Jazz-Radiowoche vom 29.09.2025 bis 05.10.2025","author":"Martin Hufner","date":"28. September 2025","format":false,"excerpt":"Jazz im Radio \u2013 Jeden Sonntag gibt es um 12 Uhr unsere \u00dcbersicht f\u00fcr die jeweils nachfolgende Woche. Die #Jazz-Radiowoche vom 29.09. bis zum 05.10.2025. Erheblich d\u00fcnn! Auch als PDF zum Download \u2013 #Jazz #JazzZeitung #Radio #Radiowoche \u2013 Ein Service unserer Online-Redaktion.","rel":"","context":"In &quot;News&quot;","block_context":{"text":"News","link":"https:\/\/www.jazzzeitung.de\/cms\/thema\/nachrichten\/"},"img":{"alt_text":"Botanische Supernova mit schwarzem Loch in der Na\u0308he von Terra Nova. Foto: Hufner","src":"https:\/\/i0.wp.com\/www.jazzzeitung.de\/cms\/wp-content\/uploads\/2025\/09\/Botanische-Supernova-mit-schwarzem-Loch-in-der-Naehe-von-Terra-Nova.jpg?fit=1200%2C900&ssl=1&resize=350%2C200","width":350,"height":200,"srcset":"https:\/\/i0.wp.com\/www.jazzzeitung.de\/cms\/wp-content\/uploads\/2025\/09\/Botanische-Supernova-mit-schwarzem-Loch-in-der-Naehe-von-Terra-Nova.jpg?fit=1200%2C900&ssl=1&resize=350%2C200 1x, https:\/\/i0.wp.com\/www.jazzzeitung.de\/cms\/wp-content\/uploads\/2025\/09\/Botanische-Supernova-mit-schwarzem-Loch-in-der-Naehe-von-Terra-Nova.jpg?fit=1200%2C900&ssl=1&resize=525%2C300 1.5x, https:\/\/i0.wp.com\/www.jazzzeitung.de\/cms\/wp-content\/uploads\/2025\/09\/Botanische-Supernova-mit-schwarzem-Loch-in-der-Naehe-von-Terra-Nova.jpg?fit=1200%2C900&ssl=1&resize=700%2C400 2x, https:\/\/i0.wp.com\/www.jazzzeitung.de\/cms\/wp-content\/uploads\/2025\/09\/Botanische-Supernova-mit-schwarzem-Loch-in-der-Naehe-von-Terra-Nova.jpg?fit=1200%2C900&ssl=1&resize=1050%2C600 3x"},"classes":[]},{"id":31928,"url":"https:\/\/www.jazzzeitung.de\/cms\/2024\/11\/die-geschmolzene-jazz-radiowoche-vom-25-11-2024-bis-01-12-2024\/","url_meta":{"origin":32822,"position":1},"title":"Die geschmolzene Jazz-Radiowoche vom 25.11.2024 bis 01.12.2024","author":"Martin Hufner","date":"24. November 2024","format":false,"excerpt":"Jazz im Radio \u2013 Jeden Sonntag gibt es um 12 Uhr unsere \u00dcbersicht f\u00fcr die jeweils nachfolgende Woche. Die #Jazz-Radiowoche vom 25. November bis zum 1. Dezember 2024. Erheblich ausged\u00fcnnt. Die ARD schafft ihr Radio gewisserma\u00dfen ab. Auch als PDF zum Download \u2013 #Jazz #JazzZeitung #Radio #Radiowoche \u2013 Ein Service\u2026","rel":"","context":"In &quot;News&quot;","block_context":{"text":"News","link":"https:\/\/www.jazzzeitung.de\/cms\/thema\/nachrichten\/"},"img":{"alt_text":"zugfahrt 2023 1. MH","src":"https:\/\/i0.wp.com\/www.jazzzeitung.de\/cms\/wp-content\/uploads\/2024\/11\/zugfahrt2023-1.-MH.jpg?fit=1200%2C900&ssl=1&resize=350%2C200","width":350,"height":200,"srcset":"https:\/\/i0.wp.com\/www.jazzzeitung.de\/cms\/wp-content\/uploads\/2024\/11\/zugfahrt2023-1.-MH.jpg?fit=1200%2C900&ssl=1&resize=350%2C200 1x, https:\/\/i0.wp.com\/www.jazzzeitung.de\/cms\/wp-content\/uploads\/2024\/11\/zugfahrt2023-1.-MH.jpg?fit=1200%2C900&ssl=1&resize=525%2C300 1.5x, https:\/\/i0.wp.com\/www.jazzzeitung.de\/cms\/wp-content\/uploads\/2024\/11\/zugfahrt2023-1.-MH.jpg?fit=1200%2C900&ssl=1&resize=700%2C400 2x, https:\/\/i0.wp.com\/www.jazzzeitung.de\/cms\/wp-content\/uploads\/2024\/11\/zugfahrt2023-1.-MH.jpg?fit=1200%2C900&ssl=1&resize=1050%2C600 3x"},"classes":[]},{"id":33149,"url":"https:\/\/www.jazzzeitung.de\/cms\/2025\/10\/die-protonenfette-jazz-radiowoche-vom-06-10-2025-bis-12-10-2025-2\/","url_meta":{"origin":32822,"position":2},"title":"Die atomgro\u00dfe Jazz-Radiowoche vom 06.10.2025 bis 12.10.2025","author":"Martin Hufner","date":"5. Oktober 2025","format":false,"excerpt":"Jazz im Radio \u2013 Jeden Sonntag gibt es um 12 Uhr unsere \u00dcbersicht f\u00fcr die jeweils nachfolgende Woche. Die #Jazz-Radiowoche vom 06.10. bis zum 12.10.2025. Erheblich d\u00fcnn! Auch als PDF zum Download \u2013 #Jazz #JazzZeitung #Radio #Radiowoche \u2013 Ein Service unserer Online-Redaktion.","rel":"","context":"In &quot;News&quot;","block_context":{"text":"News","link":"https:\/\/www.jazzzeitung.de\/cms\/thema\/nachrichten\/"},"img":{"alt_text":"Im G\u00e4stezimmer des Lebens. Foto: Hufner","src":"https:\/\/i0.wp.com\/www.jazzzeitung.de\/cms\/wp-content\/uploads\/2025\/10\/gaestezimmer.jpg?fit=960%2C1200&ssl=1&resize=350%2C200","width":350,"height":200,"srcset":"https:\/\/i0.wp.com\/www.jazzzeitung.de\/cms\/wp-content\/uploads\/2025\/10\/gaestezimmer.jpg?fit=960%2C1200&ssl=1&resize=350%2C200 1x, https:\/\/i0.wp.com\/www.jazzzeitung.de\/cms\/wp-content\/uploads\/2025\/10\/gaestezimmer.jpg?fit=960%2C1200&ssl=1&resize=525%2C300 1.5x, https:\/\/i0.wp.com\/www.jazzzeitung.de\/cms\/wp-content\/uploads\/2025\/10\/gaestezimmer.jpg?fit=960%2C1200&ssl=1&resize=700%2C400 2x"},"classes":[]},{"id":33293,"url":"https:\/\/www.jazzzeitung.de\/cms\/2025\/11\/die-quarksminimale-jazz-radiowoche-vom-03-11-2025-bis-09-11-2025\/","url_meta":{"origin":32822,"position":3},"title":"Die quarksminimale Jazz-Radiowoche vom 03.11.2025 bis 09.11.2025","author":"Martin Hufner","date":"2. November 2025","format":false,"excerpt":"Jazz im Radio \u2013 Jeden Sonntag gibt es um 12 Uhr unsere \u00dcbersicht f\u00fcr die jeweils nachfolgende Woche. Die #Jazz-Radiowoche vom 03.11. bis zum 09.11.2025. Erheblich d\u00fcnn! Auch als PDF zum Download \u2013 #Jazz #JazzZeitung #Radio #Radiowoche \u2013 Ein Service unserer Online-Redaktion.","rel":"","context":"In &quot;News&quot;","block_context":{"text":"News","link":"https:\/\/www.jazzzeitung.de\/cms\/thema\/nachrichten\/"},"img":{"alt_text":"Holzstapel. Foto: Hufner","src":"https:\/\/i0.wp.com\/www.jazzzeitung.de\/cms\/wp-content\/uploads\/2025\/10\/Wie-viel.jpg?fit=1200%2C900&ssl=1&resize=350%2C200","width":350,"height":200,"srcset":"https:\/\/i0.wp.com\/www.jazzzeitung.de\/cms\/wp-content\/uploads\/2025\/10\/Wie-viel.jpg?fit=1200%2C900&ssl=1&resize=350%2C200 1x, https:\/\/i0.wp.com\/www.jazzzeitung.de\/cms\/wp-content\/uploads\/2025\/10\/Wie-viel.jpg?fit=1200%2C900&ssl=1&resize=525%2C300 1.5x, https:\/\/i0.wp.com\/www.jazzzeitung.de\/cms\/wp-content\/uploads\/2025\/10\/Wie-viel.jpg?fit=1200%2C900&ssl=1&resize=700%2C400 2x, https:\/\/i0.wp.com\/www.jazzzeitung.de\/cms\/wp-content\/uploads\/2025\/10\/Wie-viel.jpg?fit=1200%2C900&ssl=1&resize=1050%2C600 3x"},"classes":[]},{"id":32452,"url":"https:\/\/www.jazzzeitung.de\/cms\/2025\/04\/die-eingeschmolzene-jazz-radiowoche-vom-21-04-2025-bis-27-04-2025\/","url_meta":{"origin":32822,"position":4},"title":"Die eingeschmolzene Jazz-Radiowoche vom 21.04.2025 bis 27.04.2025","author":"Martin Hufner","date":"20. April 2025","format":false,"excerpt":"Jazz im Radio \u2013 Jeden Sonntag gibt es um 12 Uhr unsere \u00dcbersicht f\u00fcr die jeweils nachfolgende Woche. Die #Jazz-Radiowoche vom 21. bis 27. April 2025. Erheblich ausged\u00fcnnt. Auch als PDF zum Download \u2013 #Jazz #JazzZeitung #Radio #Radiowoche \u2013 Ein Service unserer Online-Redaktion.","rel":"","context":"In &quot;News&quot;","block_context":{"text":"News","link":"https:\/\/www.jazzzeitung.de\/cms\/thema\/nachrichten\/"},"img":{"alt_text":"Kn\u00f6pfe. Foto: Hufner","src":"https:\/\/i0.wp.com\/www.jazzzeitung.de\/cms\/wp-content\/uploads\/2025\/04\/knoepfe.jpg?fit=1200%2C900&ssl=1&resize=350%2C200","width":350,"height":200,"srcset":"https:\/\/i0.wp.com\/www.jazzzeitung.de\/cms\/wp-content\/uploads\/2025\/04\/knoepfe.jpg?fit=1200%2C900&ssl=1&resize=350%2C200 1x, https:\/\/i0.wp.com\/www.jazzzeitung.de\/cms\/wp-content\/uploads\/2025\/04\/knoepfe.jpg?fit=1200%2C900&ssl=1&resize=525%2C300 1.5x, https:\/\/i0.wp.com\/www.jazzzeitung.de\/cms\/wp-content\/uploads\/2025\/04\/knoepfe.jpg?fit=1200%2C900&ssl=1&resize=700%2C400 2x, https:\/\/i0.wp.com\/www.jazzzeitung.de\/cms\/wp-content\/uploads\/2025\/04\/knoepfe.jpg?fit=1200%2C900&ssl=1&resize=1050%2C600 3x"},"classes":[]},{"id":32215,"url":"https:\/\/www.jazzzeitung.de\/cms\/2025\/02\/die-eingeschmolzene-jazz-radiowoche-vom-17-02-2025-bis-23-02-2025\/","url_meta":{"origin":32822,"position":5},"title":"Die eingeschmolzene Jazz-Radiowoche vom 17.02.2025 bis 23.02.2025","author":"Martin Hufner","date":"16. Februar 2025","format":false,"excerpt":"Jazz im Radio \u2013 Jeden Sonntag gibt es um 12 Uhr unsere \u00dcbersicht f\u00fcr die jeweils nachfolgende Woche. Die #Jazz-Radiowoche vom 10. bis 16. Februar 2025. Erheblich ausged\u00fcnnt. Die ARD schafft ihr Radio gewisserma\u00dfen ab. Auch als PDF zum Download \u2013 #Jazz #JazzZeitung #Radio #Radiowoche \u2013 Ein Service unserer Online-Redaktion.","rel":"","context":"In &quot;News&quot;","block_context":{"text":"News","link":"https:\/\/www.jazzzeitung.de\/cms\/thema\/nachrichten\/"},"img":{"alt_text":"Kunst vorm Bau. Foto: Hufner","src":"https:\/\/i0.wp.com\/www.jazzzeitung.de\/cms\/wp-content\/uploads\/2025\/02\/kunstvormbau.jpg?fit=1080%2C939&ssl=1&resize=350%2C200","width":350,"height":200,"srcset":"https:\/\/i0.wp.com\/www.jazzzeitung.de\/cms\/wp-content\/uploads\/2025\/02\/kunstvormbau.jpg?fit=1080%2C939&ssl=1&resize=350%2C200 1x, https:\/\/i0.wp.com\/www.jazzzeitung.de\/cms\/wp-content\/uploads\/2025\/02\/kunstvormbau.jpg?fit=1080%2C939&ssl=1&resize=525%2C300 1.5x, https:\/\/i0.wp.com\/www.jazzzeitung.de\/cms\/wp-content\/uploads\/2025\/02\/kunstvormbau.jpg?fit=1080%2C939&ssl=1&resize=700%2C400 2x, https:\/\/i0.wp.com\/www.jazzzeitung.de\/cms\/wp-content\/uploads\/2025\/02\/kunstvormbau.jpg?fit=1080%2C939&ssl=1&resize=1050%2C600 3x"},"classes":[]}],"jetpack_sharing_enabled":false,"_links":{"self":[{"href":"https:\/\/www.jazzzeitung.de\/cms\/wp-json\/wp\/v2\/posts\/32822","targetHints":{"allow":["GET"]}}],"collection":[{"href":"https:\/\/www.jazzzeitung.de\/cms\/wp-json\/wp\/v2\/posts"}],"about":[{"href":"https:\/\/www.jazzzeitung.de\/cms\/wp-json\/wp\/v2\/types\/post"}],"author":[{"embeddable":true,"href":"https:\/\/www.jazzzeitung.de\/cms\/wp-json\/wp\/v2\/users\/1"}],"replies":[{"embeddable":true,"href":"https:\/\/www.jazzzeitung.de\/cms\/wp-json\/wp\/v2\/comments?post=32822"}],"version-history":[{"count":1,"href":"https:\/\/www.jazzzeitung.de\/cms\/wp-json\/wp\/v2\/posts\/32822\/revisions"}],"predecessor-version":[{"id":32825,"href":"https:\/\/www.jazzzeitung.de\/cms\/wp-json\/wp\/v2\/posts\/32822\/revisions\/32825"}],"wp:featuredmedia":[{"embeddable":true,"href":"https:\/\/www.jazzzeitung.de\/cms\/wp-json\/wp\/v2\/media\/32824"}],"wp:attachment":[{"href":"https:\/\/www.jazzzeitung.de\/cms\/wp-json\/wp\/v2\/media?parent=32822"}],"wp:term":[{"taxonomy":"category","embeddable":true,"href":"https:\/\/www.jazzzeitung.de\/cms\/wp-json\/wp\/v2\/categories?post=32822"},{"taxonomy":"post_tag","embeddable":true,"href":"https:\/\/www.jazzzeitung.de\/cms\/wp-json\/wp\/v2\/tags?post=32822"},{"taxonomy":"author","embeddable":true,"href":"https:\/\/www.jazzzeitung.de\/cms\/wp-json\/wp\/v2\/coauthors?post=32822"}],"curies":[{"name":"wp","href":"https:\/\/api.w.org\/{rel}","templated":true}]}}