{"id":32812,"date":"2025-07-13T12:00:25","date_gmt":"2025-07-13T10:00:25","guid":{"rendered":"https:\/\/www.jazzzeitung.de\/cms\/?p=32812"},"modified":"2025-07-11T12:24:21","modified_gmt":"2025-07-11T10:24:21","slug":"die-ausgelaugte-jazz-radiowoche-vom-14-07-2025-bis-20-07-2025","status":"publish","type":"post","link":"https:\/\/www.jazzzeitung.de\/cms\/2025\/07\/die-ausgelaugte-jazz-radiowoche-vom-14-07-2025-bis-20-07-2025\/","title":{"rendered":"Die ausgelaugte Jazz-Radiowoche vom 14.07.2025 bis 20.07.2025"},"content":{"rendered":"<p class=\"western\"><a name=\"_Hlk71805784\"><\/a> Die \u00dcbersicht zum <span style=\"color: #0563c1;\"><u><a href=\"https:\/\/service.conbrio.de\/service\/download\/278\/\" name=\"Download des PDF\">Download als PDF<\/a><\/u><\/span><span style=\"text-decoration: line-through;\">.<\/span> Alle Angaben ohne Gew\u00e4hr. Erg\u00e4nzt mit den tollen Sendungen zur Neuen Musik von BR-KLASSIK und \u00d61.<\/p>\n<p class=\"western\">Leider hat die ARD ihre Suchmaschine in Fragen Radio in der Zwischenzeit komplett geschreddert, nachdem sie in den vergangenen Jahren schon nicht mehr \u00fcber Schlagworte funktioniert hat. Damit sind wir nun komplett auf Zulieferungen der Sendeanstalten angewiesen. Aktuell bekommen wir Informationen von SWR Kultur, \u00d61 und in Sachen Neue Musik von BR-KLASSIK und ebenfalls \u00d61.<\/p>\n<h2 class=\"western\"><a name=\"__RefHeading___Toc532_2049876245\"><\/a><\/h2>\n<hr \/>\n<h2 class=\"western\"><a name=\"__RefHeading___Toc532_2049876245\"><\/a><a name=\"_Toc176424572\"><\/a><a name=\"_Toc183595478\"><\/a><a name=\"_Toc184290543\"><\/a><a name=\"_Toc185409041\"><\/a><a name=\"_Toc186792938\"><\/a><a name=\"_Toc187143015\"><\/a><a name=\"_Toc188530705\"><\/a><a name=\"_Toc188957623\"><\/a><a name=\"_Toc189813526\"><\/a><a name=\"_Toc189815284\"><\/a><a name=\"_Toc190257440\"><\/a><a name=\"_Toc174527976\"><\/a><a name=\"_Toc175140589\"><\/a> Senderliste:<\/h2>\n<hr \/>\n<ul>\n<li><span style=\"color: #0563c1;\"><u><a href=\"https:\/\/oe1.orf.at\/\" name=\"Link zum ORF\">ORF \u2013 \u00d61<\/a><\/u><\/span><\/li>\n<li><span style=\"color: #0563c1;\"><u><a href=\"https:\/\/www.deutschlandradio.de\/\" name=\"Link zum Deutschlandfunk\">Deutschlandfunk<\/a><\/u><\/span> \u2013 \u201eFakten und mehr\u201c<\/li>\n<li><span style=\"color: #0563c1;\"><u><a href=\"https:\/\/www.deutschlandfunkkultur.de\/\" name=\"Link zu Deutschlandfunk Kultur\">Deutschlandfunk-Kultur<\/a><\/u><\/span> \u2013 \u201eDas Feuilleton im Radio\u201c<\/li>\n<li><span style=\"color: #0563c1;\"><u><a href=\"https:\/\/www.ndr.de\/ndrkultur\/\" name=\"Link zu ndr kultur\">ndr Kultur<\/a><\/u><\/span> \u2013 H\u00f6ren und genie\u00dfen<\/li>\n<li><span style=\"color: #0563c1;\"><u><a href=\"https:\/\/www.ndr.de\/ndrblue\/index.html\" name=\"Link zu ndr blue\"><span lang=\"en-US\">ndr blue<\/span><\/a><\/u><\/span><span lang=\"en-US\"> \u2013 Meet The Music<\/span><\/li>\n<li><span style=\"color: #0563c1;\"><u><a href=\"https:\/\/www.bremenzwei.de\/\" name=\"Link zu Radio Bremen\">radio bremen<\/a><\/u><\/span> \u2013 Neugier lohnt sich.<\/li>\n<li><span style=\"color: #0563c1;\"><u><a href=\"https:\/\/www.radiodrei.de\/\" name=\"Link zu Radio 3 von Berlin\">Radio 3<\/a><\/u><\/span> \u2013<\/li>\n<li><span style=\"color: #0563c1;\"><u><a href=\"https:\/\/www.mdr.de\/kultur\/radio\/index.html\" name=\"Link zu medr-kultur\">mdr-kultur<\/a><\/u><\/span> \u2013 Das Radio.<\/li>\n<li><a href=\"https:\/\/www1.wdr.de\/radio\/wdr3\/\" name=\"Link zu WDR3\"><span style=\"color: #0563c1;\"><u>W<\/u><\/span><span style=\"color: #0563c1;\"><u>DR<\/u><\/span><span style=\"color: #0563c1;\"><u>3<\/u><\/span><\/a> \u2013 Das Kulturradio<\/li>\n<li><span style=\"color: #0563c1;\"><u><a href=\"https:\/\/www.hr2.de\/index.html\" name=\"Link zu hr2-kultur\">hr2-kultur<\/a><\/u><\/span> \u2013 Das Kulturradio f\u00fcr Hessen.<\/li>\n<li><a href=\"https:\/\/www.sr.de\/sr\/sr2\/index.html\" name=\"Link zu SR2-Kulturradio\"><span style=\"color: #0563c1;\"><u>S<\/u><\/span><span style=\"color: #0563c1;\"><u>R<\/u><\/span><span style=\"color: #0563c1;\"><u>2 Kulturradio<\/u><\/span><\/a> \u2013 \u2026 gut zu h\u00f6ren.<\/li>\n<li><a href=\"https:\/\/www.swr.de\/swr2\/\" name=\"Link zu SWR Kuultur\"><span style=\"color: #0563c1;\"><u>S<\/u><\/span><span style=\"color: #0563c1;\"><u>WR<\/u><\/span><u> <\/u><\/a><span style=\"color: #0563c1;\"><u>kultur<\/u><\/span> \u2013 Kultur neu entdecken<\/li>\n<li><span style=\"color: #0563c1;\"><u><a href=\"https:\/\/www.br.de\/radio\/br-klassik\/index.html\" name=\"Link zu BR-Klassik\">BR-KLASSIK<\/a><\/u><\/span> \u2013 Klassikstars geben auf BR-KLASSIK den Ton an. Attraktive Magazine bringen Interviews und Neuigkeiten aus dem Musikleben.<\/li>\n<li><span style=\"color: #0563c1;\"><u><a href=\"https:\/\/www.br.de\/radio\/bayern2\/index.html\" name=\"Link zu Bayern2\">Bayern 2<\/a><\/u><\/span> \u2013 Preisgekr\u00f6ntes Radio f\u00fcr H\u00f6rer, die mehr wissen wollen<\/li>\n<\/ul>\n<h2 class=\"western\"><a name=\"__RefHeading___Toc534_2049876245\"><\/a><\/h2>\n<hr \/>\n<h2 class=\"western\"><a name=\"__RefHeading___Toc534_2049876245\"><\/a><a name=\"_Toc190257441\"><\/a><a name=\"_Toc175140590\"><\/a><a name=\"_Toc176424573\"><\/a><a name=\"_Toc183595479\"><\/a><a name=\"_Toc184290544\"><\/a><a name=\"_Toc185409042\"><\/a><a name=\"_Toc186792939\"><\/a><a name=\"_Toc187143016\"><\/a><a name=\"_Toc188530706\"><\/a><a name=\"_Toc188957624\"><\/a><a name=\"_Toc189813527\"><\/a><a name=\"_Toc189815285\"><\/a> Internet:<\/h2>\n<hr \/>\n<ul>\n<li>Schweden: <span style=\"color: #0563c1;\"><u><a href=\"https:\/\/sverigesradio.se\/tabla.aspx?programid=2562\" name=\"Link zu Schwedens Radio P&quot;\">P2<\/a><\/u><\/span> sendet immer Dienstags von 21:00 bis 22:00 und Sonntags von 18:40 bis 20:00 ein Jazzkonzert<\/li>\n<li>Ungarn: <span style=\"color: #0563c1;\"><u><a href=\"https:\/\/mediaklikk.hu\/bartok\/\" name=\"Link zu Bart\u00f3k-Radio\">Bartok Radio<\/a><\/u><\/span> sendet t\u00e4glich von 23:00 bis 23:55 eine Jazzsendung<\/li>\n<\/ul>\n<hr \/>\n<h2 class=\"western\"><a name=\"__RefHeading___Toc2881_1897571958\"><\/a> mo \u2013 14.07.2025<\/h2>\n<hr \/>\n<p class=\"western\">17:30:00 +++ \u00d61<br \/>\n<b>Musik aus allen Richtungen mit Astrid Schwarz und Rainer Elstner.<\/b><\/p>\n<p class=\"western\">19:30:00 +++ \u00d61<br \/>\n<b>S\u00e4nger-Gitarrist Bernard Allison und Band beim Vienna Blues Spring 2025<\/b><\/p>\n<p class=\"western\" style=\"padding-left: 40px;\">\u201eBlues is not a sad music, it&#8217;s a happy music. I want to put smiles on your faces.\u201c \u2013 So war Bernard Allison am 15. April 2025 im Wiener Reigen zu vernehmen. Und der 59-j\u00e4hrige geb\u00fcrtige Chicagoer pr\u00e4sentierte sich im Rahmen des Auftritts beim Vienna Blues Spring tats\u00e4chlich nicht nur als gro\u00dfartiger, rockorientierter Bluesmeister, sondern auch als guter Entertainer \u2013 etwa in Aron Burtons launigem Hit \u201eGarbage Man\u201c und mit gewitzten Einlagen auf der \u201esprechenden\u201c Gitarre. Und nat\u00fcrlich durften auch Songs aus dem Repertoire seines Vaters nicht fehlen, der 1997 verstorbenen Chicago-Blues-Legende Luther Allison. Ein starker Abend im Wiener Reigen!<\/p>\n<p class=\"western\" style=\"padding-left: 40px;\">(Konzertproduktion und Aufnahme erfolgten in Zusammenarbeit mit Funkytown-Productions \/ Andreas Neubauer e. U.)<\/p>\n<p class=\"western\">23:00 \u2013 00:00 UHR +++ SWR KULTUR<br \/>\n<b>ARD Radiofestival. Jazz: Mit Seele \u2013 Der katalanische Pianist Marco Mezquida<\/b><\/p>\n<p class=\"western\" style=\"padding-left: 40px;\">Von Thomas Haak. \u201eDies war eines von jenen kostbaren Konzerten, aus denen man als neuer Mensch nach Hause geht\u201c \u2013 war Anfang 2017 in der Rheinischen Post\u00a0\u00fcber einen Abend am Niederrhein zu lesen. Kurz darauf trat der 1987 auf Menorca geborene Pianist auf der Messe jazzahead! in Bremen auf \u2013 seitdem sorgt Marco Mezquida in ganz Europa f\u00fcr Aufhorchen. Vor allem mit seinen weltoffenen Trios, mit denen er wie im Vorbeifliegen einzigartige mediterrane Erfahrungen kreiert \u2013 angesiedelt zwischen Ravel, Jazz, der spanischen Moderne des fr\u00fchen 20. Jahrhunderts sowie iberischen Volkskunstformen wie Fado und Flamenco.<\/p>\n<p class=\"western\">23:03:00 +++ \u00d61<br \/>\n<b>Olga Neuwirth als Kompositionsprofessorin<\/b><\/p>\n<p class=\"western\" style=\"padding-left: 40px;\">\u201eKomponieren kann man nicht unterrichten.\u201c Die \u00f6sterreichische Komponistin und Lehrerin erz\u00e4hlt von ihrem Unterricht.<\/p>\n<p class=\"western\" style=\"padding-left: 40px;\">Lange hat es gedauert, bis Olga Neuwirth eine Professur erhalten hat: Seit Herbst 2021 unterrichtet die renommierte \u00f6sterreichische Komponistin an der Universit\u00e4t f\u00fcr Musik und darstellende Kunst in Wien Komposition. Als Studentin hat sie selbst unterschiedliche Systeme von Musikuniversit\u00e4ten in Europa und in den USA erlebt. Damals, Ende der 1980er Jahre, erinnert sich Neuwirth, gab es etwa am Konservatorium von San Francisco viel mehr studierende Frauen als in Wien, keine Hierarchie und auch die stilistisch-\u00e4sthetische Vielfalt war ungleich gr\u00f6\u00dfer. Sie sch\u00e4tzte den interdisziplin\u00e4ren Ansatz, den sie auch in vielen ihrer Arbeiten verfolgt und lernte sp\u00e4ter dann von Adriana\u00a0H\u00f6lszky\u00a0in Stuttgart, dass es viel mehr vorurteilsfreies H\u00f6ren gehe und weniger darum, zu bewerten. Mit ihren Studierenden in Wien versucht sie nun, den Austausch untereinander zu erm\u00f6glichen und \u2013 auch wenn sie \u00fcberzeugt ist, dass man Komposition per se gar nicht unterrichten k\u00f6nne \u2013 ihnen mitzugeben, wie sie die Welt wahrnehmen und daraufhin etwas Abstraktes zu Papier bringen k\u00f6nnen. (Wiederholung vom Dienstag, 22. April 2024) Gestaltung: Marie-Therese Rudolph<\/p>\n<hr \/>\n<h2 class=\"western\"><a name=\"__RefHeading___Toc2883_1897571958\"><\/a>di \u2013 15.07.2025<\/h2>\n<hr \/>\n<p class=\"western\">17:30:00 +++ \u00d61<br \/>\n<b>Musik aus allen Richtungen.<\/b><\/p>\n<p class=\"western\">23:03:00 +++ \u00d61<br \/>\n<b>Wie lehrt man Komponieren? \u2013 Musik als Akustisches Objekt. Der Komponist Klaus Lang und seine Professur in Wien<\/b><\/p>\n<p class=\"western\" style=\"padding-left: 40px;\">Wie vermittelt man die Kunst des Komponierens? Wir widmen uns einer Zunft im Umbruch. Mit 1. Oktober 2024 hat Klaus Lang seine Professur f\u00fcr Tonsatz und Kirchliche Komposition am Institut f\u00fcr Orgel, Orgelforschung und Kirchenmusik in Wien angetreten. Damit wechselt einer der f\u00fchrenden Komponisten der Gegenwart als Lehrender von Graz in die Bundeshauptstadt. Lang selbst ist Jahrgang 1971 und studierte bei Hermann Markus Pre\u00dfl und Beat Furrer Komposition und Musiktheorie und bei Otto Bruckner Konzertfach Orgel in Graz. Weitere Studien f\u00fchrten ihn zu Younghi Pagh-Paan nach Bremen. Als Komponist und Organist ist er regelm\u00e4\u00dfig Gast bei den gro\u00dfen Festivals f\u00fcr Neue Musik. Regelm\u00e4\u00dfig ist er Dozent f\u00fcr Komposition bei Kursen und Meisterklassen wie Darmst\u00e4dter Ferienkurse f\u00fcr neue Musik, Klangspuren Schwaz, Composition Academy Kalv\/Schweden, impuls Graz oder Reykjavik Nordic Musik Days. Er hat sich wissenschaftlich intensiv mit dem Thema historischer Stimmungen besch\u00e4ftigt. Musik ist f\u00fcr ihn keine Sprache, die der Kommunikation au\u00dfermusikalischer Inhalte dient, sie ist ein freies, f\u00fcr sich stehendes akustisches Objekt. Gleichzeitig versteht es der Komponist, in faszinierender Weise \u00fcber Musik zu sprechen. Wir besuchen Lang sie seinem neuen Arbeitsplatz und fragen nach, wie Komposition heutzutage vermittelt wird.<\/p>\n<p class=\"western\" style=\"padding-left: 40px;\">Welche Leitbilder haben in einer Epoche Geltung, die von der gleichzeitigen Verf\u00fcgbarkeit stilistischer Schulen und Traditionen gepr\u00e4gt ist? Ist historisch fundiertes, solides Handwerk wichtiger oder ein kreativer Umgang mit den allerneuesten Klangwelten? Wir portr\u00e4tieren KompositionsprofessorInnen zu einer Zeit des Generationenwechsels und von Weichenstellungen im Lehrplan an \u00d6sterreichs Musikuniversit\u00e4ten. (Wiederholung vom Montag, 28. April 2025) Gestaltung: Rainer Elstner<\/p>\n<p class=\"western\">23:00 \u2013 00:00 UHR +++ SWR KULTUR<br \/>\n<b>ARD Radiofestival. Jazz: Talk &amp; Play mit Pianist Claus Raible als Gast<\/b><\/p>\n<p class=\"western\" style=\"padding-left: 40px;\">Von Henning Sieverts. Der M\u00fcnchner Jazzpianist Claus Raible ist kein Allrounder, kein Alles-Spieler. Er ist tief verwurzelt in einer Klavier\u00e4sthetik, die im Swing und Bebop entstanden ist, also vor inzwischen 80, 90 Jahren. Diese Begeisterung f\u00fcr den Jazz-Sound unserer Gro\u00dfv\u00e4ter ist aber nicht museal bewahrend. Sie wird von Claus Raible mit viel Herzblut und Spielwitz in die Jetztzeit \u00fcberf\u00fchrt. \u201eTalk &amp; Play\u201c ist vieles: Eine Stunde mit Gespr\u00e4ch, mit Musik von Alben und vor allem mit live im Studio gespielter Musik des Pianisten Claus Raible, gemeinsam mit Moderator Henning Sieverts am Kontrabass.<\/p>\n<hr \/>\n<h2 class=\"western\"><a name=\"__RefHeading___Toc2885_1897571958\"><\/a>mi \u2013 16.07.2025<\/h2>\n<hr \/>\n<p class=\"western\">17:30:00 +++ \u00d61<br \/>\n<b>Musik aus allen Richtungen mit Ulla Pilz und Michael Neuhauser.<\/b><\/p>\n<p class=\"western\">23:00 \u2013 00:00 UHR +++ SWR KULTUR<br \/>\n<b>ARD Radiofestival. Jazz: Das Magazin<\/b><\/p>\n<p class=\"western\" style=\"padding-left: 40px;\">Von Anja Buchmann. Das w\u00f6chentliches Jazz-Update, pr\u00e4sentiert von Eurer ARD: In den Sommerwochen gibt es hier bei uns vor allem aktuelle Musik \u2013 au\u00dfergew\u00f6hnliche und wichtige Neu-Ver\u00f6ffentlichungen aller Spielarten des Jazz. Von internationalen Stars und weniger bekannten regionalen Acts, von Funk bis Free, von traditionell bis experimentell. Nicht verpassen!<\/p>\n<h2 class=\"western\"><a name=\"__RefHeading___Toc2887_1897571958\"><\/a><\/h2>\n<figure id=\"attachment_32813\" aria-describedby=\"caption-attachment-32813\" style=\"width: 800px\" class=\"wp-caption aligncenter\"><a href=\"https:\/\/i0.wp.com\/www.jazzzeitung.de\/cms\/wp-content\/uploads\/2025\/07\/fotobombing_hund.jpg?ssl=1\"><img data-recalc-dims=\"1\" loading=\"lazy\" decoding=\"async\" data-attachment-id=\"32813\" data-permalink=\"https:\/\/www.jazzzeitung.de\/cms\/2025\/07\/die-ausgelaugte-jazz-radiowoche-vom-14-07-2025-bis-20-07-2025\/fotobombing_hund\/\" data-orig-file=\"https:\/\/i0.wp.com\/www.jazzzeitung.de\/cms\/wp-content\/uploads\/2025\/07\/fotobombing_hund.jpg?fit=1440%2C1080&amp;ssl=1\" data-orig-size=\"1440,1080\" data-comments-opened=\"1\" data-image-meta=\"{&quot;aperture&quot;:&quot;0&quot;,&quot;credit&quot;:&quot;&quot;,&quot;camera&quot;:&quot;&quot;,&quot;caption&quot;:&quot;&quot;,&quot;created_timestamp&quot;:&quot;0&quot;,&quot;copyright&quot;:&quot;&quot;,&quot;focal_length&quot;:&quot;0&quot;,&quot;iso&quot;:&quot;0&quot;,&quot;shutter_speed&quot;:&quot;0&quot;,&quot;title&quot;:&quot;&quot;,&quot;orientation&quot;:&quot;0&quot;}\" data-image-title=\"Fotobombing. Foto: Hufner\" data-image-description=\"&lt;p&gt;Fotobombing. Foto: Hufner&lt;\/p&gt;\n\" data-image-caption=\"&lt;p&gt;Fotobombing. Foto: Hufner&lt;\/p&gt;\n\" data-large-file=\"https:\/\/i0.wp.com\/www.jazzzeitung.de\/cms\/wp-content\/uploads\/2025\/07\/fotobombing_hund.jpg?fit=800%2C600&amp;ssl=1\" class=\"size-large wp-image-32813\" src=\"https:\/\/i0.wp.com\/www.jazzzeitung.de\/cms\/wp-content\/uploads\/2025\/07\/fotobombing_hund.jpg?resize=800%2C600&#038;ssl=1\" alt=\"Fotobombing. Foto: Hufner\" width=\"800\" height=\"600\" srcset=\"https:\/\/i0.wp.com\/www.jazzzeitung.de\/cms\/wp-content\/uploads\/2025\/07\/fotobombing_hund.jpg?resize=800%2C600&amp;ssl=1 800w, https:\/\/i0.wp.com\/www.jazzzeitung.de\/cms\/wp-content\/uploads\/2025\/07\/fotobombing_hund.jpg?resize=300%2C225&amp;ssl=1 300w, https:\/\/i0.wp.com\/www.jazzzeitung.de\/cms\/wp-content\/uploads\/2025\/07\/fotobombing_hund.jpg?resize=768%2C576&amp;ssl=1 768w, https:\/\/i0.wp.com\/www.jazzzeitung.de\/cms\/wp-content\/uploads\/2025\/07\/fotobombing_hund.jpg?resize=1320%2C990&amp;ssl=1 1320w, https:\/\/i0.wp.com\/www.jazzzeitung.de\/cms\/wp-content\/uploads\/2025\/07\/fotobombing_hund.jpg?w=1440&amp;ssl=1 1440w\" sizes=\"auto, (max-width: 800px) 100vw, 800px\" \/><\/a><figcaption id=\"caption-attachment-32813\" class=\"wp-caption-text\">Fotobombing. Foto: Hufner<\/figcaption><\/figure>\n<h2 class=\"western\"><a name=\"__RefHeading___Toc2887_1897571958\"><\/a><\/h2>\n<hr \/>\n<h2 class=\"western\"><a name=\"__RefHeading___Toc2887_1897571958\"><\/a>do \u2013 17.07.2025<\/h2>\n<hr \/>\n<p class=\"western\">17:30:00 +++ \u00d61<br \/>\n<b>Musik aus allen Richtungen mit Andreas Felber.<\/b><\/p>\n<p class=\"western\">23:00 \u2013 00:00 UHR +++ SWR KULTUR<br \/>\n<b>ARD Radiofestival. Jazz: All the Way \u2013 Die zerbrechliche Kunst des Jimmy Scott<\/b><\/p>\n<p class=\"western\" style=\"padding-left: 40px;\">Von Ralf Dorschel. Seine Kunst: ein einziges Trauerspiel. Sein Leben: ein Ringen um Respekt. Seine Karriere: eine Achterbahn mit sp\u00e4tem Loop. Und seine Lieder: so sch\u00f6n, dass es wehtut. Jimmy Scott hat ein paar der gr\u00f6\u00dften Jazz-Balladen gesungen \u2013 mit androgyner Stimme in einem K\u00f6rper, der aufgrund eines Leidens kindlich blieb. Niemand tauchte so tief in diese Lieder ein, niemand dehnte die Zeilen, verschleppte die Worte derart virtuos: Ausgerechnet Charles Mingus verlie\u00df eine Session unter Protest \u2013 weil hier nichts zu stimmen schien. Erst im Alter wurde Scott doch noch zum Weltstar.<\/p>\n<hr \/>\n<h2 class=\"western\"><a name=\"__RefHeading___Toc2889_1897571958\"><\/a>fr \u2013 18.07.2025<\/h2>\n<hr \/>\n<p class=\"western\">14:05:00 +++ \u00d61<br \/>\n<b>Die estnische Kontrabassistin Mingo Rajandi und ihr wandlungsf\u00e4higes Quintett beim Jazzkaar Festival 2024<\/b><\/p>\n<p class=\"western\" style=\"padding-left: 40px;\">Mit ihren oft interdisziplin\u00e4r entworfenen Projekten ist die 1980 geborene Kontrabassistin und Komponistin Mingo Rajandi eine wichtige Mittlerin in der estnischen Musikszene, zwischen frei improvisierter und durchkomponierter Musik, zwischen Konzert und Theater, zwischen elektronischen Sounds und akustischem Spiel, zwischen Jazz, Progressive Rock, zeitgen\u00f6ssischer Klassik und vielen weiteren Musikwelten und B\u00fchnenkonzepten.<\/p>\n<p class=\"western\" style=\"padding-left: 40px;\">Ihr vom Jazzkaar Festival in Auftrag gegebenes Werk \u201eWerewolves\u201c erlebte am 27. April 2024 seine Urauff\u00fchrung in der JAIK-Konzerthalle im Zentrum von Tallinn und macht Fremdheit und Entmenschlichung zum Thema. Wer hat Anspruch auf Mitgef\u00fchl, das Recht zu leben und zu lieben, wer wird als Au\u00dfenseiter abgestempelt? Das Quintett mit Tobias Tammearu (Saxofon, Electronics), Erki P\u00e4rnoja (Gitarren, Electronics), Andres Kaljuste (Viola) und Ahto Abner (Schlagzeug) l\u00e4sst cineastische Klanglandschaften entstehen und schafft in einem wohldurchdachten dramaturgischen Bogen ein reichhaltiges Geflecht aus ekstatischer Improvisation, minimalistischem Ambiente, beunruhigenden Dissonanzen und purem, vollem Wohlklang .<\/p>\n<p class=\"western\">17:30:00 +++ \u00d61<br \/>\n<b>Musik aus allen Richtungen mit Johann Kneihs.<\/b><\/p>\n<p class=\"western\">23:00 \u2013 00:00 UHR +++ SWR KULTUR<br \/>\n<b>ARD Radiofestival. Jazz: Stimmen &amp; Stimung \u2013 When Jazz Meets Barock<\/b><\/p>\n<p class=\"western\" style=\"padding-left: 40px;\">Von Manuela Krause. Barockmusik ist Musik des 17.\/18. Jahrhunderts, Jazz ist ein Idiom des 20. Jahrhunderts. Aktuelle Crossover Projekte, die auf einer Synthese von Jazz und Barockmusik beruhen, wie zum Beispiel Julie Campiche Transitions oder Benjamin Schaefer Irregular Pearls, bewegen sich abseits ausgetretener Klassik-Jazz-Fusionen und kommen mit ihrer speziellen Kombination genau im 21. Jahrhundert an..<\/p>\n<p class=\"western\">23:03:00 +++ \u00d61<br \/>\n<b>Ensemble NeuRaum im ORF Landesstudio K\u00e4rnten \u2013 Konzertreigen neuer Kl\u00e4nge aus Klagenfurt<\/b><\/p>\n<p class=\"western\" style=\"padding-left: 40px;\">Am Samstag, 16. November 2024 fand im ORF Landesstudio K\u00e4rnten eine \u201eLange Nacht der neuen Musik\u201c mit dem Ensemble NeuRaum statt. Zu h\u00f6ren waren Kompositionen von Eber Garcia Condes, Violeta Dinescu, Margareta Ferek-Petric, Elisabeth Harnik, Juan Pablo Trad Hasbun, Dorothea Hofmann, Anna Korsun, Anestis Logothetis, Dana Probst, Martin Ritter, Salvatore Sciarrino, Bruno Strobl, Lorenzo Troiani, Gerhard E. Winkler und Alfred Zimmerlin. Wir senden bis Samstagfr\u00fch Mitschnitte aus diesem Konzertreigen. Gestaltung: Christine Pleschberger<\/p>\n<hr \/>\n<h2 class=\"western\"><a name=\"__RefHeading___Toc2891_1897571958\"><\/a>sa \u2013 19.07.2025<\/h2>\n<hr \/>\n<p class=\"western\">14.00 Uhr +++ Das \u00d61 H\u00f6rspiel<br \/>\n<b>\u201eVier St\u00fcrme, ein Sturm\u201c von Philipp Blom<\/b><\/p>\n<p class=\"western\" style=\"padding-left: 40px;\">Mit Petra Morz\u00e9, Michael Dangl, Felix Kammerer, Katharina Stemberger, Eva Mayer, Karl Markovics sowie dem Cuarteto Quiroga. Musikaufnahmeleitung: Jens Jamin. Tongestaltung: Martin Leitner und Manuel Radinger. Regie: Leonhard Koppelmann (ORF 2025)<\/p>\n<p class=\"western\" style=\"padding-left: 40px;\">Ein naturgewaltiger, entfesselter Sturm, der durch eine beliebige Stadt fegt. Dort ein Baum, \u2013 auf einem kleinen Pl\u00e4tzchen vielleicht -, dem Blitzeinschlag und die zerrenden Winde einen schweren Ast aus der Krone brechen. Und drumherum vier Schicksale, die von \u00e4hnlich gewaltigen inneren St\u00fcrmen umgetrieben werden. So k\u00f6nnte man vielleicht den Grund der Geschichte beschreiben, den der Autor Philipp Blom seinen Figuren bereitet hat, aber das stellte am Ende wahrscheinlich eine allzu naturalistische Eingrenzung dar. Auch wenn der Sturm dort vor den Fenstern w\u00fctet und drau\u00dfen auf der Stra\u00dfe die Menschen in die Hauseing\u00e4nge dr\u00e4ngt, ist er doch in seiner Geschichte vor allen Dingen der Anlass f\u00fcr ein kurzes Innehalten in einer dr\u00e4ngend bewegten Welt.<\/p>\n<p class=\"western\" style=\"padding-left: 40px;\">Da ist ein Mann, der die Welt nur noch mit der D\u00e4mpfung von Tabletten und Alkohol aush\u00e4lt. Kein verlorener S\u00fcchtiger, sondern ein erfolgreicher Macher, der pl\u00f6tzlich feststellt, dass er einsam und sich selbst ausgeliefert zunehmend von seinem Leben ersch\u00f6pft ist. \u2013 Da ist eine Frau auf Gesch\u00e4ftsreise in irgendeinem gesichtslosen Hotel. Verbunden mit ihrer Lebenspartnerin, wie so oft nur, durch kurz getippte Nachrichten oder abfotografierte Zettelchen, auf die sie ein paar liebe Worte f\u00fcr sie niedergeschrieben hat. \u2013 Da ist ein P\u00e4rchen, in Leidenschaft einander zugetan. Doch stammen sie aus so unterschiedlichen Lebenswelten, dass ihre Begegnung wohl nicht dauerhaft sein wird. Aber sie erkennen zumindest die Sch\u00f6nheit aneinander und die gierige Kraft des Moments. \u2013 Da ist ein M\u00fcllsammler mit seinem Karren, ihn h\u00e4tte der abgerissene Ast des sturmgesch\u00fcttelten Baums um ein Haar erschlagen. F\u00fcr ihn hat sich das Leben bisher in stetig \u201eschrumpfenden Kreisen bewegt\u201c. Jetzt studiert er den M\u00fcll und erkennt darin Konsequenzen, die weit \u00fcber sein Schicksal und das der anderen hinausweisen.<\/p>\n<p class=\"western\" style=\"padding-left: 40px;\">Philipp Blom hat nicht einfach kleine Schicksalssplitter \u00fcber ein \u00e4u\u00dferes Ereignis miteinander verkn\u00fcpft, sondern vielschichtige Fabeln \u00fcber uns und unsere Gegenwart erz\u00e4hlt. Der Sturm wird so gleichsam zu seinem Gegenteil, er wird stiller Reflexionsort und die gro\u00dfen Themen: Einsamkeit, Liebe, Flucht, Sch\u00f6nheit und der (selbst-)zerst\u00f6rerische Konflikt zwischen dem Raubtier Mensch und seiner Lebensumwelt scheinen in seinen Geschichten auf.<\/p>\n<p class=\"western\" style=\"padding-left: 40px;\">Das wunderbare Cuarteto Quiroga hat im Rahmen der H\u00f6rspielaufnahmen Streichquartett-S\u00e4tze von Bartok, Weinberg, Beethoven, Ravel und Haydn eingespielt. Ausschnitte daraus umrahmen und durchwirken Philipp Bloms Geschichten. Die Musik tritt in Korrespondenz zu den Worten, \u00f6ffnet Assoziationsr\u00e4ume, stellt sich in Widerspruch oder Fortf\u00fchrung und \u00fcbertr\u00e4gt die innere Bewegung dieses gro\u00dfen immersiven Gedankenstroms auf uns.<\/p>\n<ul>\n<li>\n<p class=\"western\"><a href=\"https:\/\/oe1.orf.at\/programm\/20250719#801111\/Fliessender-Gedankenstrom-aus-Sprache-und-Musik\">https:\/\/oe1.orf.at\/programm\/20250719#801111\/Fliessender-Gedankenstrom-aus-Sprache-und-Musik<\/a><\/p>\n<\/li>\n<\/ul>\n<p class=\"western\">18:20 \u2013 19:00 UHR +++ SWR KULTUR<br \/>\n<b>Jazz: Me and My Music \u2013 Andreas Schaerer<\/b><\/p>\n<p class=\"western\" style=\"padding-left: 40px;\">Von Fanny Opitz. Jazz-Gesang, Beatboxen, Sprechkunst und zwischendurch ein herzhafter Jodler: Das ist die Welt des S\u00e4ngers Andreas Schaerer. Der Schweizer Vokalartist singt vornehmlich in erfundenen Sprachen und stellt sich damit in die Tradition der Avantgardebewegung Dadaismus, die Anfang des 20. Jahrhunderts von Z\u00fcrich aus die Welt eroberte. Als innovativer Bandleader erforscht er die Schnittstellen zwischen Sprache, Klang, Rhythmus und Melodie. In Me and My Music erkl\u00e4rt er, warum er sein Instrument als dreidimensionale Figur versteht.<\/p>\n<p class=\"western\">22:05:00 +++ \u00d61<br \/>\n<b>Neuigkeiten aus der Welt des Jazz<\/b><\/p>\n<p class=\"western\" style=\"padding-left: 40px;\">Konzertempfehlungen f\u00fcr die kommende Woche, Buchbesprechungen, Kurznachrufe und aktuelle Meldungen.<\/p>\n<p class=\"western\">23:00 \u2013 00:00 UHR +++ SWR KULTUR<br \/>\n<b>ARD Radiofestival. Jazz<\/b><\/p>\n<p class=\"western\" style=\"padding-left: 40px;\">records.de \u2013 Die unglaubliche Story von Nico Gr\u00e4fenhan aus Erfurt. Von Heidi Eichenberg.<\/p>\n<p class=\"western\">23:03:00 +++ \u00d61<br \/>\n<b>Pianist Peter Madsen im Interview; Stefanie Boltz, das Quartett River und Gene Pritsker&#8217;s Sound Liberation beim Outreach-Festival 2024<\/b><\/p>\n<p class=\"western\" style=\"padding-left: 40px;\">Katharina Osztovics begr\u00fc\u00dft Peter Madsen zum \u00d61 Jazznacht-Gespr\u00e4ch und gratuliert dem aus Racine, Wisconsin, geb\u00fcrtigen Pianisten zum 70. Geburtstag, den er exakt am 19. Juli 2025 feiert. Madsen war lange Jahre in New York City t\u00e4tig, begleitete Jazzstars wie Tony Allen, Randy Brecker und Maceo Parker. Madsen hat in Vorarlberg eine zweite Heimat gefunden (und in Montreal inzwischen auch eine dritte). Bis 2023 unterrichtete er am Jazzseminar Dornbirn, dadurch befruchtete er sp\u00fcrbar die regionale Szene. Mit dem Austrian Syndicate, der Band seines Sch\u00fclers David Helbock, durfte er sich letztes Jahr \u00fcber den 3. Platz beim \u00d6sterreichischen Jazzpreis in der Kategorie \u201eBest Live Act\u201c freuen. Madsen tourt durch die ganze Welt, gibt Kurse, Workshops, konzertiert, komponiert. \u00dcber 100 Alben gehen mittlerweile auf sein Konto. Woher dieser gro\u00dfe Schaffensdrang kommt und was Saxofonist Stan Getz mit seinem ersten gro\u00dfen Erfolg in der Jazzwelt zu tun hat, erz\u00e4hlt er im Interview mit Katharina Osztovics.<\/p>\n<p class=\"western\" style=\"padding-left: 40px;\">Der Konzertmitschnitt im Anschluss kommt vom letztj\u00e4hrigen Outreach-Festival in Schwaz. Dort war am\u00a01. August 2024 die M\u00fcnchener S\u00e4ngerin Stefanie Boltz mit ihrem Projekt \u201eFemale\u201c auf der Hauptb\u00fchne im SZentrum zu Gast. Au\u00dferdem pr\u00e4sentierten sich an diesem Abend E-Bassistin Nina Feldgrill und Saxofonist Robert Unterk\u00f6fler mit ihrem Quartett River, w\u00e4hrend der New Yorker Gitarrist und Komponist Gene Pritsker mit Sound Liberation aufhorchen lie\u00df \u2013 unter anderem mit der Violinistin Lara St. John als Gast.<\/p>\n<hr \/>\n<h2 class=\"western\"><a name=\"__RefHeading___Toc2893_1897571958\"><\/a>so \u2013 20.07.2025<\/h2>\n<hr \/>\n<p class=\"western\">00:05:00 +++ \u00d61<br \/>\n<b>(Fortsetzung); Pianist Peter Madsen im Interview; Stefanie Boltz, das Quartett River und Gene Pritsker&#8217;s Sound Liberation beim Outreach-Festival 2024<\/b><\/p>\n<p class=\"western\">03:03:00 +++ \u00d61<br \/>\n<b>Mit klingenden Kulinarien in den Sonntag-Morgen<\/b><\/p>\n<p class=\"western\" style=\"padding-left: 40px;\">Klassiker und Fundst\u00fccke aus 100 Jahren Jazzgeschichte (Wiederholung).<\/p>\n<p class=\"western\">17:10:00 +++ \u00d61<br \/>\n<b>Ein Portr\u00e4t der Wiener Komponistin, Arrangeurin, Pianistin und Big Band-Leaderin<\/b><\/p>\n<p class=\"western\" style=\"padding-left: 40px;\">Musik liebt Barbara Bruckm\u00fcller, seit sie denken kann, besonders den Sound von Big Bands. Mit sechs Jahren will sie unbedingt Schlagzeug lernen, aber weil im elterlichen Haushalt ein Klavier steht, wird das ihr Instrument \u2013 an das sie nach einer pubert\u00e4tsbedingten Pause mit 18 reum\u00fctig zur\u00fcckkehrt, als sie den Live Jazz f\u00fcr sich entdeckt.<\/p>\n<p class=\"western\" style=\"padding-left: 40px;\">W\u00e4hrend ihres Jazzklavier-Studiums verschiebt sich Bruckm\u00fcllers Fokus aber immer mehr in Richtung arrangieren und komponieren und ihre alte Liebe zur Big Band erwacht wieder. Weil ihr aber keine Big Band zur Verf\u00fcgung steht, gr\u00fcndet sie selbst eine: die Barbara Bruckm\u00fcller Big Band, kurz BBBB. Und damit gelingt ihr eine echte Sensation \u2013 schon das haupts\u00e4chlich mit ihren eigenen Kompositionen best\u00fcckte Deb\u00fctalbum der Formation gewinnt 2013 den renommierten Preis der deutschen Schallplattenkritik. Das zweite Album widmet Bruckm\u00fcller dann ihrer Heimatstadt, hier verpasst sie Wiener Liedern endlich den Swing, den sie verdienen.<\/p>\n<p class=\"western\" style=\"padding-left: 40px;\">2015\/16 ist die BBBB Stage Band im Wiener Jazzclub Porgy &amp; Bess, in dieser Saison setzt Bruckm\u00fcller die unterschiedlichsten Projekte um, von Live-Stummfilm-Musik \u00fcber Verbindungen mit Spoken Word Art bis hin zu Tributes f\u00fcr Frank Sinatra und Ray Charles.<\/p>\n<p class=\"western\" style=\"padding-left: 40px;\">2017 erm\u00f6glicht ihr ein Arbeitsstipendium, sich der Komposition gr\u00f6\u00dferer Werke zu widmen, es entsteht unter anderem \u201eA Chain of Moments\u201c, eine Genregrenzen \u00fcberschreitende Suite in f\u00fcnf S\u00e4tzen. Das Werk wirkt lange nach, 2024 macht Bruckm\u00fcller daraus ihr bemerkenswertes Tripelalbum \u201eThree Views on a Musical Piece\u201c. Daf\u00fcr arrangiert sie \u201eA Chain of Moments\u201c je einmal f\u00fcr Jazz Sextett, f\u00fcr Streichquartett und Klavier und f\u00fcr ihr Orchester, das hei\u00dft, die BBBB plus Streicher und Klavier. Das DownBeat Magazine lobt das Werk als \u201eatemberaubendes St\u00fcck Jazz-trifft-Klassik-Fusion\u201c und attestiert Bruckm\u00fcller, sie beweise wieder einmal, was f\u00fcr eine faszinierende Arrangeurin und Komponistin sie sei.<\/p>\n<p class=\"western\" style=\"padding-left: 40px;\">Am 17. Juli feiert Barbara Bruckm\u00fcller ihren 50er \u2013 h\u00f6chste Zeit f\u00fcr ein kleines musikalisches Portrait.<\/p>\n<p class=\"western\">19:05:00 +++ \u00d61<br \/>\n<b>Candlelight Ficus im Studio 2 des Wiener RadioKulturhauses<\/b><\/p>\n<p class=\"western\" style=\"padding-left: 40px;\">Die Grazer Funk-Popband Candlelight Ficus hat im Zuge der Arbeit am aktuellen, zweiten Tontr\u00e4ger \u201eMusic\u201c gro\u00dfen Wert auf das Handwerk im wahren Sinn des Wortes gelegt. Weder live noch im Studio lassen sich die jungen Musiker nun von Sequenzern, Samples oder elektronischen Sounds unterst\u00fctzen. Hier wird musiziert, wie es einst James Brown oder Marvin Gaye in den 1960er und 1970er Jahren gemacht haben. Die Musiker rund um den Mastermind, den Gitarristen und S\u00e4nger Niki Waltersdorfer, sind \u00fcberzeugt, mit diesem Ansatz die geballte Energie ihrer Livekonzerte einfangen zu k\u00f6nnen \u2013 im Gegensatz zu fr\u00fcheren Studioaufnahmen der Band, die mit Overdubs und elektronischen Effekten entstanden sind.<\/p>\n<p class=\"western\" style=\"padding-left: 40px;\">Bei dieser \u00d61 Hausmusik-Session wird Niki Waltersdorfer von Bassist Paul \u00d6llinger, Schlagzeuger Simon Brugner, Keyboarder Lukas Mei\u00dfl sowie Trompeter Johannes Plechinger und Saxofonist Jonathan Herrgesell begleitet. Das langj\u00e4hrige Zusammenspiel der Musiker macht sich bezahlt: Zu h\u00f6ren ist eine gut ge\u00f6lte, groovende Funk-Maschine.<\/p>\n<p class=\"western\">19:36 \u2013 20:00 UHR +++ SWR KULTUR<br \/>\n<b>Big Time Jazz: Jazz-Orchester, Big Band, Oktett \u2013 hier kommt Musik mit Vielen! <\/b><\/p>\n<p class=\"western\" style=\"padding-left: 40px;\">Im Big Time Jazz stellen wir f\u00fcr Sie interessante und sch\u00f6ne Kl\u00e4nge zusammen \u2013 von gro\u00dfen Ensembles aus dem Jazz und der improvisierten Musik. Wir bergen Archivaufnahmen und durchforsten Neuver\u00f6ffentlichungen f\u00fcr eine Zeit, die ganz den gro\u00dfen Kl\u00e4ngen geh\u00f6rt..<\/p>\n<p class=\"western\">23:03:00 +++ \u00d61<br \/>\n<b>Stilistische Vielfalt mit dem Ensemble Phace \u2013 Zykluskonzert im Wiener Konzerthaus unter dem Motto \u201eLightness\u201c<\/b><\/p>\n<p class=\"western\" style=\"padding-left: 40px;\">Das Ensemble Phace hat sich zu einem Aush\u00e4ngeschild der \u00f6sterreichischen Musikszene entwickelt. Nach der Gr\u00fcndung 1991 als ensemble on_line durch den Dirigenten und Komponisten Simeon Pironkoff und einem Relaunch 2010 unter dem Namen Phace hat es unter\u00a0der k\u00fcnstlerischen Leitung des Komponisten Reinhard Fuchs seinen Ruf weiter gefestigt.<\/p>\n<p class=\"western\" style=\"padding-left: 40px;\">Die stilistische Gewandtheit und interpretatorische Virtuosit\u00e4t konnte man beim dritten Zyklus-Konzert im Wiener Konzerthaus beweisen. Unter dem Konzertmotto \u201eLightness\u201c waren sehr unterschiedliche Werke zu erleben. Etwa ein jazzig angehauchter Doppelschlag von Alexander Schubert (\u201eSuperimpose I &amp; II\u201c), ein fein ausgearbeitetes Klanggewebe f\u00fcr vier Instrumente von Franck Bedrossian (\u201eWe met as Sparks\u201c), ein Wechselspiel mit der Elektronik in einem neuen Werk von Oliver Weber und ein Klangst\u00fcck f\u00fcr Streichholz-Ensemble (!) von Juliana Hodkinson.<\/p>\n<p class=\"western\" style=\"padding-left: 40px;\">Ein \u00d61 Mitschnitt, aufgenommen am Dienstag, 11. M\u00e4rz 2025 im Berio-Saal des Wiener Konzerthauses. Gestaltung: Rainer Elstner<\/p>\n","protected":false},"excerpt":{"rendered":"<p>Jazz im Radio \u2013 Jeden Sonntag gibt es um 12 Uhr unsere \u00dcbersicht f\u00fcr die jeweils nachfolgende Woche. Die #Jazz-Radiowoche vom 14.07. bis zum 20.07.2025. Erheblich ausged\u00fcnnt. Auch als PDF zum Download \u2013 #Jazz #JazzZeitung #Radio #Radiowoche \u2013 Ein Service unserer Online-Redaktion.<\/p>\n","protected":false},"author":1,"featured_media":32813,"comment_status":"open","ping_status":"open","sticky":false,"template":"","format":"standard","meta":{"_jetpack_memberships_contains_paid_content":false,"footnotes":"","jetpack_publicize_message":"","jetpack_publicize_feature_enabled":true,"jetpack_social_post_already_shared":true,"jetpack_social_options":{"image_generator_settings":{"template":"highway","default_image_id":0,"font":"","enabled":false},"version":2}},"categories":[633,452],"tags":[3773,1629],"coauthors":[650],"class_list":["post-32812","post","type-post","status-publish","format-standard","has-post-thumbnail","hentry","category-nachrichten","category-radio","tag-die-radiowoche","tag-jazz-im-radio"],"yoast_head":"<!-- This site is optimized with the Yoast SEO plugin v27.4 - https:\/\/yoast.com\/product\/yoast-seo-wordpress\/ -->\n<title>Die ausgelaugte Jazz-Radiowoche vom 14.07.2025 bis 20.07.2025 - JazzZeitung<\/title>\n<meta name=\"robots\" content=\"index, follow, max-snippet:-1, max-image-preview:large, max-video-preview:-1\" \/>\n<link rel=\"canonical\" href=\"https:\/\/www.jazzzeitung.de\/cms\/2025\/07\/die-ausgelaugte-jazz-radiowoche-vom-14-07-2025-bis-20-07-2025\/\" \/>\n<meta property=\"og:locale\" content=\"de_DE\" \/>\n<meta property=\"og:type\" content=\"article\" \/>\n<meta property=\"og:title\" content=\"Die ausgelaugte Jazz-Radiowoche vom 14.07.2025 bis 20.07.2025 - JazzZeitung\" \/>\n<meta property=\"og:description\" content=\"Jazz im Radio \u2013 Jeden Sonntag gibt es um 12 Uhr unsere \u00dcbersicht f\u00fcr die jeweils nachfolgende Woche. Die #Jazz-Radiowoche vom 14.07. bis zum 20.07.2025. Erheblich ausged\u00fcnnt. Auch als PDF zum Download \u2013 #Jazz #JazzZeitung #Radio #Radiowoche \u2013 Ein Service unserer Online-Redaktion.\" \/>\n<meta property=\"og:url\" content=\"https:\/\/www.jazzzeitung.de\/cms\/2025\/07\/die-ausgelaugte-jazz-radiowoche-vom-14-07-2025-bis-20-07-2025\/\" \/>\n<meta property=\"og:site_name\" content=\"JazzZeitung\" \/>\n<meta property=\"article:publisher\" content=\"https:\/\/www.facebook.com\/JazzZeitung\/\" \/>\n<meta property=\"article:author\" content=\"https:\/\/www.facebook.com\/hufner\" \/>\n<meta property=\"article:published_time\" content=\"2025-07-13T10:00:25+00:00\" \/>\n<meta property=\"og:image\" content=\"https:\/\/i0.wp.com\/www.jazzzeitung.de\/cms\/wp-content\/uploads\/2025\/07\/fotobombing_hund.jpg?fit=1440%2C1080&ssl=1\" \/>\n\t<meta property=\"og:image:width\" content=\"1440\" \/>\n\t<meta property=\"og:image:height\" content=\"1080\" \/>\n\t<meta property=\"og:image:type\" content=\"image\/jpeg\" \/>\n<meta name=\"author\" content=\"Martin Hufner\" \/>\n<script type=\"application\/ld+json\" class=\"yoast-schema-graph\">{\"@context\":\"https:\\\/\\\/schema.org\",\"@graph\":[{\"@type\":\"Article\",\"@id\":\"https:\\\/\\\/www.jazzzeitung.de\\\/cms\\\/2025\\\/07\\\/die-ausgelaugte-jazz-radiowoche-vom-14-07-2025-bis-20-07-2025\\\/#article\",\"isPartOf\":{\"@id\":\"https:\\\/\\\/www.jazzzeitung.de\\\/cms\\\/2025\\\/07\\\/die-ausgelaugte-jazz-radiowoche-vom-14-07-2025-bis-20-07-2025\\\/\"},\"author\":{\"name\":\"Martin Hufner\",\"@id\":\"https:\\\/\\\/www.jazzzeitung.de\\\/cms\\\/#\\\/schema\\\/person\\\/b9a4e5ac765d94fb8f617bfa8f1fc5f7\"},\"headline\":\"Die ausgelaugte Jazz-Radiowoche vom 14.07.2025 bis 20.07.2025\",\"datePublished\":\"2025-07-13T10:00:25+00:00\",\"mainEntityOfPage\":{\"@id\":\"https:\\\/\\\/www.jazzzeitung.de\\\/cms\\\/2025\\\/07\\\/die-ausgelaugte-jazz-radiowoche-vom-14-07-2025-bis-20-07-2025\\\/\"},\"wordCount\":3125,\"commentCount\":0,\"publisher\":{\"@id\":\"https:\\\/\\\/www.jazzzeitung.de\\\/cms\\\/#organization\"},\"image\":{\"@id\":\"https:\\\/\\\/www.jazzzeitung.de\\\/cms\\\/2025\\\/07\\\/die-ausgelaugte-jazz-radiowoche-vom-14-07-2025-bis-20-07-2025\\\/#primaryimage\"},\"thumbnailUrl\":\"https:\\\/\\\/i0.wp.com\\\/www.jazzzeitung.de\\\/cms\\\/wp-content\\\/uploads\\\/2025\\\/07\\\/fotobombing_hund.jpg?fit=1440%2C1080&ssl=1\",\"keywords\":[\"Die Radiowoche\",\"Jazz im Radio\"],\"articleSection\":[\"News\",\"Radio\"],\"inLanguage\":\"de\",\"potentialAction\":[{\"@type\":\"CommentAction\",\"name\":\"Comment\",\"target\":[\"https:\\\/\\\/www.jazzzeitung.de\\\/cms\\\/2025\\\/07\\\/die-ausgelaugte-jazz-radiowoche-vom-14-07-2025-bis-20-07-2025\\\/#respond\"]}]},{\"@type\":\"WebPage\",\"@id\":\"https:\\\/\\\/www.jazzzeitung.de\\\/cms\\\/2025\\\/07\\\/die-ausgelaugte-jazz-radiowoche-vom-14-07-2025-bis-20-07-2025\\\/\",\"url\":\"https:\\\/\\\/www.jazzzeitung.de\\\/cms\\\/2025\\\/07\\\/die-ausgelaugte-jazz-radiowoche-vom-14-07-2025-bis-20-07-2025\\\/\",\"name\":\"Die ausgelaugte Jazz-Radiowoche vom 14.07.2025 bis 20.07.2025 - JazzZeitung\",\"isPartOf\":{\"@id\":\"https:\\\/\\\/www.jazzzeitung.de\\\/cms\\\/#website\"},\"primaryImageOfPage\":{\"@id\":\"https:\\\/\\\/www.jazzzeitung.de\\\/cms\\\/2025\\\/07\\\/die-ausgelaugte-jazz-radiowoche-vom-14-07-2025-bis-20-07-2025\\\/#primaryimage\"},\"image\":{\"@id\":\"https:\\\/\\\/www.jazzzeitung.de\\\/cms\\\/2025\\\/07\\\/die-ausgelaugte-jazz-radiowoche-vom-14-07-2025-bis-20-07-2025\\\/#primaryimage\"},\"thumbnailUrl\":\"https:\\\/\\\/i0.wp.com\\\/www.jazzzeitung.de\\\/cms\\\/wp-content\\\/uploads\\\/2025\\\/07\\\/fotobombing_hund.jpg?fit=1440%2C1080&ssl=1\",\"datePublished\":\"2025-07-13T10:00:25+00:00\",\"breadcrumb\":{\"@id\":\"https:\\\/\\\/www.jazzzeitung.de\\\/cms\\\/2025\\\/07\\\/die-ausgelaugte-jazz-radiowoche-vom-14-07-2025-bis-20-07-2025\\\/#breadcrumb\"},\"inLanguage\":\"de\",\"potentialAction\":[{\"@type\":\"ReadAction\",\"target\":[\"https:\\\/\\\/www.jazzzeitung.de\\\/cms\\\/2025\\\/07\\\/die-ausgelaugte-jazz-radiowoche-vom-14-07-2025-bis-20-07-2025\\\/\"]}]},{\"@type\":\"ImageObject\",\"inLanguage\":\"de\",\"@id\":\"https:\\\/\\\/www.jazzzeitung.de\\\/cms\\\/2025\\\/07\\\/die-ausgelaugte-jazz-radiowoche-vom-14-07-2025-bis-20-07-2025\\\/#primaryimage\",\"url\":\"https:\\\/\\\/i0.wp.com\\\/www.jazzzeitung.de\\\/cms\\\/wp-content\\\/uploads\\\/2025\\\/07\\\/fotobombing_hund.jpg?fit=1440%2C1080&ssl=1\",\"contentUrl\":\"https:\\\/\\\/i0.wp.com\\\/www.jazzzeitung.de\\\/cms\\\/wp-content\\\/uploads\\\/2025\\\/07\\\/fotobombing_hund.jpg?fit=1440%2C1080&ssl=1\",\"width\":1440,\"height\":1080,\"caption\":\"Fotobombing. Foto: Hufner\"},{\"@type\":\"BreadcrumbList\",\"@id\":\"https:\\\/\\\/www.jazzzeitung.de\\\/cms\\\/2025\\\/07\\\/die-ausgelaugte-jazz-radiowoche-vom-14-07-2025-bis-20-07-2025\\\/#breadcrumb\",\"itemListElement\":[{\"@type\":\"ListItem\",\"position\":1,\"name\":\"Startseite\",\"item\":\"https:\\\/\\\/www.jazzzeitung.de\\\/cms\\\/\"},{\"@type\":\"ListItem\",\"position\":2,\"name\":\"Die ausgelaugte Jazz-Radiowoche vom 14.07.2025 bis 20.07.2025\"}]},{\"@type\":\"WebSite\",\"@id\":\"https:\\\/\\\/www.jazzzeitung.de\\\/cms\\\/#website\",\"url\":\"https:\\\/\\\/www.jazzzeitung.de\\\/cms\\\/\",\"name\":\"JazzZeitung\",\"description\":\"Jazz-News und Jazz-Kontroverses\",\"publisher\":{\"@id\":\"https:\\\/\\\/www.jazzzeitung.de\\\/cms\\\/#organization\"},\"potentialAction\":[{\"@type\":\"SearchAction\",\"target\":{\"@type\":\"EntryPoint\",\"urlTemplate\":\"https:\\\/\\\/www.jazzzeitung.de\\\/cms\\\/?s={search_term_string}\"},\"query-input\":{\"@type\":\"PropertyValueSpecification\",\"valueRequired\":true,\"valueName\":\"search_term_string\"}}],\"inLanguage\":\"de\"},{\"@type\":\"Organization\",\"@id\":\"https:\\\/\\\/www.jazzzeitung.de\\\/cms\\\/#organization\",\"name\":\"JazzZeitung online\",\"url\":\"https:\\\/\\\/www.jazzzeitung.de\\\/cms\\\/\",\"logo\":{\"@type\":\"ImageObject\",\"inLanguage\":\"de\",\"@id\":\"https:\\\/\\\/www.jazzzeitung.de\\\/cms\\\/#\\\/schema\\\/logo\\\/image\\\/\",\"url\":\"https:\\\/\\\/i0.wp.com\\\/www.jazzzeitung.de\\\/cms\\\/wp-content\\\/uploads\\\/2015\\\/08\\\/JAZZZEITUNGDE_Logo_Neu.png?fit=499%2C200&ssl=1\",\"contentUrl\":\"https:\\\/\\\/i0.wp.com\\\/www.jazzzeitung.de\\\/cms\\\/wp-content\\\/uploads\\\/2015\\\/08\\\/JAZZZEITUNGDE_Logo_Neu.png?fit=499%2C200&ssl=1\",\"width\":499,\"height\":200,\"caption\":\"JazzZeitung online\"},\"image\":{\"@id\":\"https:\\\/\\\/www.jazzzeitung.de\\\/cms\\\/#\\\/schema\\\/logo\\\/image\\\/\"},\"sameAs\":[\"https:\\\/\\\/www.facebook.com\\\/JazzZeitung\\\/\"]},{\"@type\":\"Person\",\"@id\":\"https:\\\/\\\/www.jazzzeitung.de\\\/cms\\\/#\\\/schema\\\/person\\\/b9a4e5ac765d94fb8f617bfa8f1fc5f7\",\"name\":\"Martin Hufner\",\"image\":{\"@type\":\"ImageObject\",\"inLanguage\":\"de\",\"@id\":\"https:\\\/\\\/i0.wp.com\\\/www.jazzzeitung.de\\\/cms\\\/wp-content\\\/uploads\\\/2013\\\/07\\\/huf-06.jpg?resize=96%2C96&ssl=15fcc31aa94540751a3b804516452be00\",\"url\":\"https:\\\/\\\/i0.wp.com\\\/www.jazzzeitung.de\\\/cms\\\/wp-content\\\/uploads\\\/2013\\\/07\\\/huf-06.jpg?resize=96%2C96&ssl=1\",\"contentUrl\":\"https:\\\/\\\/i0.wp.com\\\/www.jazzzeitung.de\\\/cms\\\/wp-content\\\/uploads\\\/2013\\\/07\\\/huf-06.jpg?resize=96%2C96&ssl=1\",\"caption\":\"Martin Hufner\"},\"description\":\"Martin Hufner ist freier Autor der JazzZeitung.\",\"sameAs\":[\"https:\\\/\\\/www.kritische-masse.de\\\/logbuch\",\"https:\\\/\\\/www.facebook.com\\\/hufner\"],\"url\":\"https:\\\/\\\/www.jazzzeitung.de\\\/cms\\\/author\\\/admin\\\/\"}]}<\/script>\n<!-- \/ Yoast SEO plugin. -->","yoast_head_json":{"title":"Die ausgelaugte Jazz-Radiowoche vom 14.07.2025 bis 20.07.2025 - JazzZeitung","robots":{"index":"index","follow":"follow","max-snippet":"max-snippet:-1","max-image-preview":"max-image-preview:large","max-video-preview":"max-video-preview:-1"},"canonical":"https:\/\/www.jazzzeitung.de\/cms\/2025\/07\/die-ausgelaugte-jazz-radiowoche-vom-14-07-2025-bis-20-07-2025\/","og_locale":"de_DE","og_type":"article","og_title":"Die ausgelaugte Jazz-Radiowoche vom 14.07.2025 bis 20.07.2025 - JazzZeitung","og_description":"Jazz im Radio \u2013 Jeden Sonntag gibt es um 12 Uhr unsere \u00dcbersicht f\u00fcr die jeweils nachfolgende Woche. Die #Jazz-Radiowoche vom 14.07. bis zum 20.07.2025. Erheblich ausged\u00fcnnt. Auch als PDF zum Download \u2013 #Jazz #JazzZeitung #Radio #Radiowoche \u2013 Ein Service unserer Online-Redaktion.","og_url":"https:\/\/www.jazzzeitung.de\/cms\/2025\/07\/die-ausgelaugte-jazz-radiowoche-vom-14-07-2025-bis-20-07-2025\/","og_site_name":"JazzZeitung","article_publisher":"https:\/\/www.facebook.com\/JazzZeitung\/","article_author":"https:\/\/www.facebook.com\/hufner","article_published_time":"2025-07-13T10:00:25+00:00","og_image":[{"width":1440,"height":1080,"url":"https:\/\/i0.wp.com\/www.jazzzeitung.de\/cms\/wp-content\/uploads\/2025\/07\/fotobombing_hund.jpg?fit=1440%2C1080&ssl=1","type":"image\/jpeg"}],"author":"Martin Hufner","schema":{"@context":"https:\/\/schema.org","@graph":[{"@type":"Article","@id":"https:\/\/www.jazzzeitung.de\/cms\/2025\/07\/die-ausgelaugte-jazz-radiowoche-vom-14-07-2025-bis-20-07-2025\/#article","isPartOf":{"@id":"https:\/\/www.jazzzeitung.de\/cms\/2025\/07\/die-ausgelaugte-jazz-radiowoche-vom-14-07-2025-bis-20-07-2025\/"},"author":{"name":"Martin Hufner","@id":"https:\/\/www.jazzzeitung.de\/cms\/#\/schema\/person\/b9a4e5ac765d94fb8f617bfa8f1fc5f7"},"headline":"Die ausgelaugte Jazz-Radiowoche vom 14.07.2025 bis 20.07.2025","datePublished":"2025-07-13T10:00:25+00:00","mainEntityOfPage":{"@id":"https:\/\/www.jazzzeitung.de\/cms\/2025\/07\/die-ausgelaugte-jazz-radiowoche-vom-14-07-2025-bis-20-07-2025\/"},"wordCount":3125,"commentCount":0,"publisher":{"@id":"https:\/\/www.jazzzeitung.de\/cms\/#organization"},"image":{"@id":"https:\/\/www.jazzzeitung.de\/cms\/2025\/07\/die-ausgelaugte-jazz-radiowoche-vom-14-07-2025-bis-20-07-2025\/#primaryimage"},"thumbnailUrl":"https:\/\/i0.wp.com\/www.jazzzeitung.de\/cms\/wp-content\/uploads\/2025\/07\/fotobombing_hund.jpg?fit=1440%2C1080&ssl=1","keywords":["Die Radiowoche","Jazz im Radio"],"articleSection":["News","Radio"],"inLanguage":"de","potentialAction":[{"@type":"CommentAction","name":"Comment","target":["https:\/\/www.jazzzeitung.de\/cms\/2025\/07\/die-ausgelaugte-jazz-radiowoche-vom-14-07-2025-bis-20-07-2025\/#respond"]}]},{"@type":"WebPage","@id":"https:\/\/www.jazzzeitung.de\/cms\/2025\/07\/die-ausgelaugte-jazz-radiowoche-vom-14-07-2025-bis-20-07-2025\/","url":"https:\/\/www.jazzzeitung.de\/cms\/2025\/07\/die-ausgelaugte-jazz-radiowoche-vom-14-07-2025-bis-20-07-2025\/","name":"Die ausgelaugte Jazz-Radiowoche vom 14.07.2025 bis 20.07.2025 - JazzZeitung","isPartOf":{"@id":"https:\/\/www.jazzzeitung.de\/cms\/#website"},"primaryImageOfPage":{"@id":"https:\/\/www.jazzzeitung.de\/cms\/2025\/07\/die-ausgelaugte-jazz-radiowoche-vom-14-07-2025-bis-20-07-2025\/#primaryimage"},"image":{"@id":"https:\/\/www.jazzzeitung.de\/cms\/2025\/07\/die-ausgelaugte-jazz-radiowoche-vom-14-07-2025-bis-20-07-2025\/#primaryimage"},"thumbnailUrl":"https:\/\/i0.wp.com\/www.jazzzeitung.de\/cms\/wp-content\/uploads\/2025\/07\/fotobombing_hund.jpg?fit=1440%2C1080&ssl=1","datePublished":"2025-07-13T10:00:25+00:00","breadcrumb":{"@id":"https:\/\/www.jazzzeitung.de\/cms\/2025\/07\/die-ausgelaugte-jazz-radiowoche-vom-14-07-2025-bis-20-07-2025\/#breadcrumb"},"inLanguage":"de","potentialAction":[{"@type":"ReadAction","target":["https:\/\/www.jazzzeitung.de\/cms\/2025\/07\/die-ausgelaugte-jazz-radiowoche-vom-14-07-2025-bis-20-07-2025\/"]}]},{"@type":"ImageObject","inLanguage":"de","@id":"https:\/\/www.jazzzeitung.de\/cms\/2025\/07\/die-ausgelaugte-jazz-radiowoche-vom-14-07-2025-bis-20-07-2025\/#primaryimage","url":"https:\/\/i0.wp.com\/www.jazzzeitung.de\/cms\/wp-content\/uploads\/2025\/07\/fotobombing_hund.jpg?fit=1440%2C1080&ssl=1","contentUrl":"https:\/\/i0.wp.com\/www.jazzzeitung.de\/cms\/wp-content\/uploads\/2025\/07\/fotobombing_hund.jpg?fit=1440%2C1080&ssl=1","width":1440,"height":1080,"caption":"Fotobombing. Foto: Hufner"},{"@type":"BreadcrumbList","@id":"https:\/\/www.jazzzeitung.de\/cms\/2025\/07\/die-ausgelaugte-jazz-radiowoche-vom-14-07-2025-bis-20-07-2025\/#breadcrumb","itemListElement":[{"@type":"ListItem","position":1,"name":"Startseite","item":"https:\/\/www.jazzzeitung.de\/cms\/"},{"@type":"ListItem","position":2,"name":"Die ausgelaugte Jazz-Radiowoche vom 14.07.2025 bis 20.07.2025"}]},{"@type":"WebSite","@id":"https:\/\/www.jazzzeitung.de\/cms\/#website","url":"https:\/\/www.jazzzeitung.de\/cms\/","name":"JazzZeitung","description":"Jazz-News und Jazz-Kontroverses","publisher":{"@id":"https:\/\/www.jazzzeitung.de\/cms\/#organization"},"potentialAction":[{"@type":"SearchAction","target":{"@type":"EntryPoint","urlTemplate":"https:\/\/www.jazzzeitung.de\/cms\/?s={search_term_string}"},"query-input":{"@type":"PropertyValueSpecification","valueRequired":true,"valueName":"search_term_string"}}],"inLanguage":"de"},{"@type":"Organization","@id":"https:\/\/www.jazzzeitung.de\/cms\/#organization","name":"JazzZeitung online","url":"https:\/\/www.jazzzeitung.de\/cms\/","logo":{"@type":"ImageObject","inLanguage":"de","@id":"https:\/\/www.jazzzeitung.de\/cms\/#\/schema\/logo\/image\/","url":"https:\/\/i0.wp.com\/www.jazzzeitung.de\/cms\/wp-content\/uploads\/2015\/08\/JAZZZEITUNGDE_Logo_Neu.png?fit=499%2C200&ssl=1","contentUrl":"https:\/\/i0.wp.com\/www.jazzzeitung.de\/cms\/wp-content\/uploads\/2015\/08\/JAZZZEITUNGDE_Logo_Neu.png?fit=499%2C200&ssl=1","width":499,"height":200,"caption":"JazzZeitung online"},"image":{"@id":"https:\/\/www.jazzzeitung.de\/cms\/#\/schema\/logo\/image\/"},"sameAs":["https:\/\/www.facebook.com\/JazzZeitung\/"]},{"@type":"Person","@id":"https:\/\/www.jazzzeitung.de\/cms\/#\/schema\/person\/b9a4e5ac765d94fb8f617bfa8f1fc5f7","name":"Martin Hufner","image":{"@type":"ImageObject","inLanguage":"de","@id":"https:\/\/i0.wp.com\/www.jazzzeitung.de\/cms\/wp-content\/uploads\/2013\/07\/huf-06.jpg?resize=96%2C96&ssl=15fcc31aa94540751a3b804516452be00","url":"https:\/\/i0.wp.com\/www.jazzzeitung.de\/cms\/wp-content\/uploads\/2013\/07\/huf-06.jpg?resize=96%2C96&ssl=1","contentUrl":"https:\/\/i0.wp.com\/www.jazzzeitung.de\/cms\/wp-content\/uploads\/2013\/07\/huf-06.jpg?resize=96%2C96&ssl=1","caption":"Martin Hufner"},"description":"Martin Hufner ist freier Autor der JazzZeitung.","sameAs":["https:\/\/www.kritische-masse.de\/logbuch","https:\/\/www.facebook.com\/hufner"],"url":"https:\/\/www.jazzzeitung.de\/cms\/author\/admin\/"}]}},"wp-worthy-pixel":{"ignored":true,"public":null,"server":null,"url":null},"wp-worthy-type":"normal","jetpack_publicize_connections":[],"cc_featured_image_caption":{"caption_text":"Fotobombing. ","source_text":"Foto: Martin Hufner","source_url":"http:\/\/www.kritische-masse.de"},"jetpack_featured_media_url":"https:\/\/i0.wp.com\/www.jazzzeitung.de\/cms\/wp-content\/uploads\/2025\/07\/fotobombing_hund.jpg?fit=1440%2C1080&ssl=1","jetpack_shortlink":"https:\/\/wp.me\/p3KEcT-8xe","jetpack-related-posts":[{"id":33138,"url":"https:\/\/www.jazzzeitung.de\/cms\/2025\/09\/die-atomgrosse-jazz-radiowoche-vom-29-09-2025-bis-05-10-2025\/","url_meta":{"origin":32812,"position":0},"title":"Die atomgro\u00dfe Jazz-Radiowoche vom 29.09.2025 bis 05.10.2025","author":"Martin Hufner","date":"28. September 2025","format":false,"excerpt":"Jazz im Radio \u2013 Jeden Sonntag gibt es um 12 Uhr unsere \u00dcbersicht f\u00fcr die jeweils nachfolgende Woche. Die #Jazz-Radiowoche vom 29.09. bis zum 05.10.2025. Erheblich d\u00fcnn! Auch als PDF zum Download \u2013 #Jazz #JazzZeitung #Radio #Radiowoche \u2013 Ein Service unserer Online-Redaktion.","rel":"","context":"In &quot;News&quot;","block_context":{"text":"News","link":"https:\/\/www.jazzzeitung.de\/cms\/thema\/nachrichten\/"},"img":{"alt_text":"Botanische Supernova mit schwarzem Loch in der Na\u0308he von Terra Nova. Foto: Hufner","src":"https:\/\/i0.wp.com\/www.jazzzeitung.de\/cms\/wp-content\/uploads\/2025\/09\/Botanische-Supernova-mit-schwarzem-Loch-in-der-Naehe-von-Terra-Nova.jpg?fit=1200%2C900&ssl=1&resize=350%2C200","width":350,"height":200,"srcset":"https:\/\/i0.wp.com\/www.jazzzeitung.de\/cms\/wp-content\/uploads\/2025\/09\/Botanische-Supernova-mit-schwarzem-Loch-in-der-Naehe-von-Terra-Nova.jpg?fit=1200%2C900&ssl=1&resize=350%2C200 1x, https:\/\/i0.wp.com\/www.jazzzeitung.de\/cms\/wp-content\/uploads\/2025\/09\/Botanische-Supernova-mit-schwarzem-Loch-in-der-Naehe-von-Terra-Nova.jpg?fit=1200%2C900&ssl=1&resize=525%2C300 1.5x, https:\/\/i0.wp.com\/www.jazzzeitung.de\/cms\/wp-content\/uploads\/2025\/09\/Botanische-Supernova-mit-schwarzem-Loch-in-der-Naehe-von-Terra-Nova.jpg?fit=1200%2C900&ssl=1&resize=700%2C400 2x, https:\/\/i0.wp.com\/www.jazzzeitung.de\/cms\/wp-content\/uploads\/2025\/09\/Botanische-Supernova-mit-schwarzem-Loch-in-der-Naehe-von-Terra-Nova.jpg?fit=1200%2C900&ssl=1&resize=1050%2C600 3x"},"classes":[]},{"id":31928,"url":"https:\/\/www.jazzzeitung.de\/cms\/2024\/11\/die-geschmolzene-jazz-radiowoche-vom-25-11-2024-bis-01-12-2024\/","url_meta":{"origin":32812,"position":1},"title":"Die geschmolzene Jazz-Radiowoche vom 25.11.2024 bis 01.12.2024","author":"Martin Hufner","date":"24. November 2024","format":false,"excerpt":"Jazz im Radio \u2013 Jeden Sonntag gibt es um 12 Uhr unsere \u00dcbersicht f\u00fcr die jeweils nachfolgende Woche. Die #Jazz-Radiowoche vom 25. November bis zum 1. Dezember 2024. Erheblich ausged\u00fcnnt. Die ARD schafft ihr Radio gewisserma\u00dfen ab. Auch als PDF zum Download \u2013 #Jazz #JazzZeitung #Radio #Radiowoche \u2013 Ein Service\u2026","rel":"","context":"In &quot;News&quot;","block_context":{"text":"News","link":"https:\/\/www.jazzzeitung.de\/cms\/thema\/nachrichten\/"},"img":{"alt_text":"zugfahrt 2023 1. MH","src":"https:\/\/i0.wp.com\/www.jazzzeitung.de\/cms\/wp-content\/uploads\/2024\/11\/zugfahrt2023-1.-MH.jpg?fit=1200%2C900&ssl=1&resize=350%2C200","width":350,"height":200,"srcset":"https:\/\/i0.wp.com\/www.jazzzeitung.de\/cms\/wp-content\/uploads\/2024\/11\/zugfahrt2023-1.-MH.jpg?fit=1200%2C900&ssl=1&resize=350%2C200 1x, https:\/\/i0.wp.com\/www.jazzzeitung.de\/cms\/wp-content\/uploads\/2024\/11\/zugfahrt2023-1.-MH.jpg?fit=1200%2C900&ssl=1&resize=525%2C300 1.5x, https:\/\/i0.wp.com\/www.jazzzeitung.de\/cms\/wp-content\/uploads\/2024\/11\/zugfahrt2023-1.-MH.jpg?fit=1200%2C900&ssl=1&resize=700%2C400 2x, https:\/\/i0.wp.com\/www.jazzzeitung.de\/cms\/wp-content\/uploads\/2024\/11\/zugfahrt2023-1.-MH.jpg?fit=1200%2C900&ssl=1&resize=1050%2C600 3x"},"classes":[]},{"id":33149,"url":"https:\/\/www.jazzzeitung.de\/cms\/2025\/10\/die-protonenfette-jazz-radiowoche-vom-06-10-2025-bis-12-10-2025-2\/","url_meta":{"origin":32812,"position":2},"title":"Die atomgro\u00dfe Jazz-Radiowoche vom 06.10.2025 bis 12.10.2025","author":"Martin Hufner","date":"5. Oktober 2025","format":false,"excerpt":"Jazz im Radio \u2013 Jeden Sonntag gibt es um 12 Uhr unsere \u00dcbersicht f\u00fcr die jeweils nachfolgende Woche. Die #Jazz-Radiowoche vom 06.10. bis zum 12.10.2025. Erheblich d\u00fcnn! Auch als PDF zum Download \u2013 #Jazz #JazzZeitung #Radio #Radiowoche \u2013 Ein Service unserer Online-Redaktion.","rel":"","context":"In &quot;News&quot;","block_context":{"text":"News","link":"https:\/\/www.jazzzeitung.de\/cms\/thema\/nachrichten\/"},"img":{"alt_text":"Im G\u00e4stezimmer des Lebens. Foto: Hufner","src":"https:\/\/i0.wp.com\/www.jazzzeitung.de\/cms\/wp-content\/uploads\/2025\/10\/gaestezimmer.jpg?fit=960%2C1200&ssl=1&resize=350%2C200","width":350,"height":200,"srcset":"https:\/\/i0.wp.com\/www.jazzzeitung.de\/cms\/wp-content\/uploads\/2025\/10\/gaestezimmer.jpg?fit=960%2C1200&ssl=1&resize=350%2C200 1x, https:\/\/i0.wp.com\/www.jazzzeitung.de\/cms\/wp-content\/uploads\/2025\/10\/gaestezimmer.jpg?fit=960%2C1200&ssl=1&resize=525%2C300 1.5x, https:\/\/i0.wp.com\/www.jazzzeitung.de\/cms\/wp-content\/uploads\/2025\/10\/gaestezimmer.jpg?fit=960%2C1200&ssl=1&resize=700%2C400 2x"},"classes":[]},{"id":33293,"url":"https:\/\/www.jazzzeitung.de\/cms\/2025\/11\/die-quarksminimale-jazz-radiowoche-vom-03-11-2025-bis-09-11-2025\/","url_meta":{"origin":32812,"position":3},"title":"Die quarksminimale Jazz-Radiowoche vom 03.11.2025 bis 09.11.2025","author":"Martin Hufner","date":"2. November 2025","format":false,"excerpt":"Jazz im Radio \u2013 Jeden Sonntag gibt es um 12 Uhr unsere \u00dcbersicht f\u00fcr die jeweils nachfolgende Woche. Die #Jazz-Radiowoche vom 03.11. bis zum 09.11.2025. Erheblich d\u00fcnn! Auch als PDF zum Download \u2013 #Jazz #JazzZeitung #Radio #Radiowoche \u2013 Ein Service unserer Online-Redaktion.","rel":"","context":"In &quot;News&quot;","block_context":{"text":"News","link":"https:\/\/www.jazzzeitung.de\/cms\/thema\/nachrichten\/"},"img":{"alt_text":"Holzstapel. Foto: Hufner","src":"https:\/\/i0.wp.com\/www.jazzzeitung.de\/cms\/wp-content\/uploads\/2025\/10\/Wie-viel.jpg?fit=1200%2C900&ssl=1&resize=350%2C200","width":350,"height":200,"srcset":"https:\/\/i0.wp.com\/www.jazzzeitung.de\/cms\/wp-content\/uploads\/2025\/10\/Wie-viel.jpg?fit=1200%2C900&ssl=1&resize=350%2C200 1x, https:\/\/i0.wp.com\/www.jazzzeitung.de\/cms\/wp-content\/uploads\/2025\/10\/Wie-viel.jpg?fit=1200%2C900&ssl=1&resize=525%2C300 1.5x, https:\/\/i0.wp.com\/www.jazzzeitung.de\/cms\/wp-content\/uploads\/2025\/10\/Wie-viel.jpg?fit=1200%2C900&ssl=1&resize=700%2C400 2x, https:\/\/i0.wp.com\/www.jazzzeitung.de\/cms\/wp-content\/uploads\/2025\/10\/Wie-viel.jpg?fit=1200%2C900&ssl=1&resize=1050%2C600 3x"},"classes":[]},{"id":32452,"url":"https:\/\/www.jazzzeitung.de\/cms\/2025\/04\/die-eingeschmolzene-jazz-radiowoche-vom-21-04-2025-bis-27-04-2025\/","url_meta":{"origin":32812,"position":4},"title":"Die eingeschmolzene Jazz-Radiowoche vom 21.04.2025 bis 27.04.2025","author":"Martin Hufner","date":"20. April 2025","format":false,"excerpt":"Jazz im Radio \u2013 Jeden Sonntag gibt es um 12 Uhr unsere \u00dcbersicht f\u00fcr die jeweils nachfolgende Woche. Die #Jazz-Radiowoche vom 21. bis 27. April 2025. Erheblich ausged\u00fcnnt. Auch als PDF zum Download \u2013 #Jazz #JazzZeitung #Radio #Radiowoche \u2013 Ein Service unserer Online-Redaktion.","rel":"","context":"In &quot;News&quot;","block_context":{"text":"News","link":"https:\/\/www.jazzzeitung.de\/cms\/thema\/nachrichten\/"},"img":{"alt_text":"Kn\u00f6pfe. Foto: Hufner","src":"https:\/\/i0.wp.com\/www.jazzzeitung.de\/cms\/wp-content\/uploads\/2025\/04\/knoepfe.jpg?fit=1200%2C900&ssl=1&resize=350%2C200","width":350,"height":200,"srcset":"https:\/\/i0.wp.com\/www.jazzzeitung.de\/cms\/wp-content\/uploads\/2025\/04\/knoepfe.jpg?fit=1200%2C900&ssl=1&resize=350%2C200 1x, https:\/\/i0.wp.com\/www.jazzzeitung.de\/cms\/wp-content\/uploads\/2025\/04\/knoepfe.jpg?fit=1200%2C900&ssl=1&resize=525%2C300 1.5x, https:\/\/i0.wp.com\/www.jazzzeitung.de\/cms\/wp-content\/uploads\/2025\/04\/knoepfe.jpg?fit=1200%2C900&ssl=1&resize=700%2C400 2x, https:\/\/i0.wp.com\/www.jazzzeitung.de\/cms\/wp-content\/uploads\/2025\/04\/knoepfe.jpg?fit=1200%2C900&ssl=1&resize=1050%2C600 3x"},"classes":[]},{"id":32215,"url":"https:\/\/www.jazzzeitung.de\/cms\/2025\/02\/die-eingeschmolzene-jazz-radiowoche-vom-17-02-2025-bis-23-02-2025\/","url_meta":{"origin":32812,"position":5},"title":"Die eingeschmolzene Jazz-Radiowoche vom 17.02.2025 bis 23.02.2025","author":"Martin Hufner","date":"16. Februar 2025","format":false,"excerpt":"Jazz im Radio \u2013 Jeden Sonntag gibt es um 12 Uhr unsere \u00dcbersicht f\u00fcr die jeweils nachfolgende Woche. Die #Jazz-Radiowoche vom 10. bis 16. Februar 2025. Erheblich ausged\u00fcnnt. Die ARD schafft ihr Radio gewisserma\u00dfen ab. Auch als PDF zum Download \u2013 #Jazz #JazzZeitung #Radio #Radiowoche \u2013 Ein Service unserer Online-Redaktion.","rel":"","context":"In &quot;News&quot;","block_context":{"text":"News","link":"https:\/\/www.jazzzeitung.de\/cms\/thema\/nachrichten\/"},"img":{"alt_text":"Kunst vorm Bau. Foto: Hufner","src":"https:\/\/i0.wp.com\/www.jazzzeitung.de\/cms\/wp-content\/uploads\/2025\/02\/kunstvormbau.jpg?fit=1080%2C939&ssl=1&resize=350%2C200","width":350,"height":200,"srcset":"https:\/\/i0.wp.com\/www.jazzzeitung.de\/cms\/wp-content\/uploads\/2025\/02\/kunstvormbau.jpg?fit=1080%2C939&ssl=1&resize=350%2C200 1x, https:\/\/i0.wp.com\/www.jazzzeitung.de\/cms\/wp-content\/uploads\/2025\/02\/kunstvormbau.jpg?fit=1080%2C939&ssl=1&resize=525%2C300 1.5x, https:\/\/i0.wp.com\/www.jazzzeitung.de\/cms\/wp-content\/uploads\/2025\/02\/kunstvormbau.jpg?fit=1080%2C939&ssl=1&resize=700%2C400 2x, https:\/\/i0.wp.com\/www.jazzzeitung.de\/cms\/wp-content\/uploads\/2025\/02\/kunstvormbau.jpg?fit=1080%2C939&ssl=1&resize=1050%2C600 3x"},"classes":[]}],"jetpack_sharing_enabled":false,"_links":{"self":[{"href":"https:\/\/www.jazzzeitung.de\/cms\/wp-json\/wp\/v2\/posts\/32812","targetHints":{"allow":["GET"]}}],"collection":[{"href":"https:\/\/www.jazzzeitung.de\/cms\/wp-json\/wp\/v2\/posts"}],"about":[{"href":"https:\/\/www.jazzzeitung.de\/cms\/wp-json\/wp\/v2\/types\/post"}],"author":[{"embeddable":true,"href":"https:\/\/www.jazzzeitung.de\/cms\/wp-json\/wp\/v2\/users\/1"}],"replies":[{"embeddable":true,"href":"https:\/\/www.jazzzeitung.de\/cms\/wp-json\/wp\/v2\/comments?post=32812"}],"version-history":[{"count":1,"href":"https:\/\/www.jazzzeitung.de\/cms\/wp-json\/wp\/v2\/posts\/32812\/revisions"}],"predecessor-version":[{"id":32814,"href":"https:\/\/www.jazzzeitung.de\/cms\/wp-json\/wp\/v2\/posts\/32812\/revisions\/32814"}],"wp:featuredmedia":[{"embeddable":true,"href":"https:\/\/www.jazzzeitung.de\/cms\/wp-json\/wp\/v2\/media\/32813"}],"wp:attachment":[{"href":"https:\/\/www.jazzzeitung.de\/cms\/wp-json\/wp\/v2\/media?parent=32812"}],"wp:term":[{"taxonomy":"category","embeddable":true,"href":"https:\/\/www.jazzzeitung.de\/cms\/wp-json\/wp\/v2\/categories?post=32812"},{"taxonomy":"post_tag","embeddable":true,"href":"https:\/\/www.jazzzeitung.de\/cms\/wp-json\/wp\/v2\/tags?post=32812"},{"taxonomy":"author","embeddable":true,"href":"https:\/\/www.jazzzeitung.de\/cms\/wp-json\/wp\/v2\/coauthors?post=32812"}],"curies":[{"name":"wp","href":"https:\/\/api.w.org\/{rel}","templated":true}]}}