{"id":32795,"date":"2025-07-11T10:36:42","date_gmt":"2025-07-11T08:36:42","guid":{"rendered":"https:\/\/www.jazzzeitung.de\/cms\/?p=32795"},"modified":"2025-07-10T10:36:57","modified_gmt":"2025-07-10T08:36:57","slug":"alto-adige-jazzfestival-2025-sound-expeditionen-in-bunker-und-berge","status":"publish","type":"post","link":"https:\/\/www.jazzzeitung.de\/cms\/2025\/07\/alto-adige-jazzfestival-2025-sound-expeditionen-in-bunker-und-berge\/","title":{"rendered":"Alto Adige Jazzfestival 2025: Sound-Expeditionen in Bunker und Berge"},"content":{"rendered":"<p><strong>An \u00fcberraschenden Orten durch die verbindende Sprache der Musik ein intensives soziales Miteinander zu erzeugen \u2013 darum ging es auch im weiteren Verlauf des Alto Adige Jazzfestival 2025. In Bunkersystemen und einem ehemaligen Gef\u00e4ngnishof, in zwei Bergstollen hoch oben in unwirtlicher Umgebung, aber auch in alten Gasth\u00e4usern und in einer Schnapsbrennerei. Und ja \u2013 dieser Zustand des Reisens im Rahmen eines Festivalprogramms verdichtete das Kernanliegen, um das es geht.<\/strong><\/p>\n<p>Frei improvisierte Kl\u00e4nge aus Saxofonen wurden zum Bestandteil einer Sound-Arch\u00e4ologie, in einem 1943 von der Wehrmacht errichteten Bunkersystem am Rande von Bozen. Dan Kinzelman und die argentinische Saxophonistin Camila Nebbia verwandelten die unterirdische Anlage in einen Resonanzraum f\u00fcr eine besondere &#8222;Unterweltprozession&#8220; mit dem Publikum.<\/p>\n<p>Zwei Saxophone addierten sich in der zerkl\u00fcfteten Akustik dieses Gew\u00f6lbes zu einer symboltr\u00e4chtigen Sound-Skulptur. Meditierende, beschw\u00f6rende, klagende, manchmal z\u00e4rtliche Laut\u00e4u\u00dferungen dialogisierten vielschichtig zwischen metallischen Obert\u00f6nen, Atemz\u00fcge produzierten Echos, die sich in den G\u00e4ngen verloren und wiederfanden. Schlie\u00dflich begaben sich Camila Nebbia und Dan Kinzelman noch in einen kleinen &#8222;See&#8220; am Ende der H\u00f6hle hinein \u2013 das h\u00e4tte auch in eine Wagner-Inszenierung hineingepasst.<\/p>\n<p>Bei all dem geht es beim S\u00fcdtirol Jazzfestival Alto Adige nie um eitle Event-Gimmicks, sondern darum, dass ein Spielort k\u00fcnstlerisch Sinn machte. Hier war ein weitere Mehrwert inkludiert: Der einstige Ort des Krieges als k\u00fcnstlerischer Resonanzraum f\u00fcr Verst\u00e4ndigung.<\/p>\n<h4><strong>Logistische Herausforderung<\/strong><\/h4>\n<p>Die sommerlichen Wetterkapriolen stellten das Festival vor permanente logistische Herausforderungen. Kann das Konzert drau\u00dfen stattfinden oder muss doch nach indoor ausgewichen werden? Routiniertes Teamwork sorgt f\u00fcr verl\u00e4ssliche Dynamik.<\/p>\n<div class=\"tiled-gallery type-rectangular tiled-gallery-unresized\" data-original-width=\"840\" data-carousel-extra='{&quot;blog_id&quot;:1,&quot;permalink&quot;:&quot;https:\\\/\\\/www.jazzzeitung.de\\\/cms\\\/2025\\\/07\\\/alto-adige-jazzfestival-2025-sound-expeditionen-in-bunker-und-berge\\\/&quot;,&quot;likes_blog_id&quot;:55446655}' itemscope itemtype=\"http:\/\/schema.org\/ImageGallery\" > <div class=\"gallery-row\" style=\"width: 840px; height: 475px;\" data-original-width=\"840\" data-original-height=\"475\" > <div class=\"gallery-group images-1\" style=\"width: 552px; height: 475px;\" data-original-width=\"552\" data-original-height=\"475\" > <div class=\"tiled-gallery-item tiled-gallery-item-large\" itemprop=\"associatedMedia\" itemscope itemtype=\"http:\/\/schema.org\/ImageObject\"> <a href=\"https:\/\/www.jazzzeitung.de\/cms\/2025\/07\/alto-adige-jazzfestival-2025-sound-expeditionen-in-bunker-und-berge\/filippo-vignato-c-stefan-pieper\/\" border=\"0\" itemprop=\"url\"> <meta itemprop=\"width\" content=\"548\"> <meta itemprop=\"height\" content=\"471\"> <img decoding=\"async\" class=\"\" data-attachment-id=\"32800\" data-orig-file=\"https:\/\/www.jazzzeitung.de\/cms\/wp-content\/uploads\/2025\/07\/Filippo-Vignato-c-stefan-pieper-scaled.jpg\" data-orig-size=\"2560,2197\" data-comments-opened=\"1\" data-image-meta=\"{&quot;aperture&quot;:&quot;2.8&quot;,&quot;credit&quot;:&quot;&quot;,&quot;camera&quot;:&quot;DSC-RX10&quot;,&quot;caption&quot;:&quot;&quot;,&quot;created_timestamp&quot;:&quot;1751454685&quot;,&quot;copyright&quot;:&quot;&quot;,&quot;focal_length&quot;:&quot;47.05&quot;,&quot;iso&quot;:&quot;1250&quot;,&quot;shutter_speed&quot;:&quot;0.00625&quot;,&quot;title&quot;:&quot;&quot;,&quot;orientation&quot;:&quot;1&quot;}\" data-image-title=\"\" data-image-description=\"\" data-medium-file=\"https:\/\/i0.wp.com\/www.jazzzeitung.de\/cms\/wp-content\/uploads\/2025\/07\/Filippo-Vignato-c-stefan-pieper-scaled.jpg?fit=300%2C257&#038;ssl=1\" data-large-file=\"https:\/\/i0.wp.com\/www.jazzzeitung.de\/cms\/wp-content\/uploads\/2025\/07\/Filippo-Vignato-c-stefan-pieper-scaled.jpg?fit=699%2C600&#038;ssl=1\" src=\"https:\/\/i0.wp.com\/www.jazzzeitung.de\/cms\/wp-content\/uploads\/2025\/07\/Filippo-Vignato-c-stefan-pieper-scaled.jpg?w=548&#038;h=471&#038;ssl=1\" srcset=\"https:\/\/i0.wp.com\/www.jazzzeitung.de\/cms\/wp-content\/uploads\/2025\/07\/Filippo-Vignato-c-stefan-pieper-scaled.jpg?w=2560&amp;ssl=1 2560w, https:\/\/i0.wp.com\/www.jazzzeitung.de\/cms\/wp-content\/uploads\/2025\/07\/Filippo-Vignato-c-stefan-pieper-scaled.jpg?resize=300%2C257&amp;ssl=1 300w, https:\/\/i0.wp.com\/www.jazzzeitung.de\/cms\/wp-content\/uploads\/2025\/07\/Filippo-Vignato-c-stefan-pieper-scaled.jpg?resize=699%2C600&amp;ssl=1 699w, https:\/\/i0.wp.com\/www.jazzzeitung.de\/cms\/wp-content\/uploads\/2025\/07\/Filippo-Vignato-c-stefan-pieper-scaled.jpg?resize=768%2C659&amp;ssl=1 768w, https:\/\/i0.wp.com\/www.jazzzeitung.de\/cms\/wp-content\/uploads\/2025\/07\/Filippo-Vignato-c-stefan-pieper-scaled.jpg?resize=1536%2C1318&amp;ssl=1 1536w, https:\/\/i0.wp.com\/www.jazzzeitung.de\/cms\/wp-content\/uploads\/2025\/07\/Filippo-Vignato-c-stefan-pieper-scaled.jpg?resize=2048%2C1757&amp;ssl=1 2048w, https:\/\/i0.wp.com\/www.jazzzeitung.de\/cms\/wp-content\/uploads\/2025\/07\/Filippo-Vignato-c-stefan-pieper-scaled.jpg?resize=1320%2C1133&amp;ssl=1 1320w, https:\/\/i0.wp.com\/www.jazzzeitung.de\/cms\/wp-content\/uploads\/2025\/07\/Filippo-Vignato-c-stefan-pieper-scaled.jpg?w=1680&amp;ssl=1 1680w\" width=\"548\" height=\"471\" loading=\"lazy\" data-original-width=\"548\" data-original-height=\"471\" itemprop=\"http:\/\/schema.org\/image\" title=\"\" alt=\"Filippo Vignato. Foto: Stefan Pieper\" style=\"width: 548px; height: 471px;\" \/> <\/a> <div class=\"tiled-gallery-caption\" itemprop=\"caption description\"> Filippo Vignato. Foto: Stefan Pieper <\/div> <\/div> <\/div> <!-- close group --> <div class=\"gallery-group images-2\" style=\"width: 288px; height: 475px;\" data-original-width=\"288\" data-original-height=\"475\" > <div class=\"tiled-gallery-item tiled-gallery-item-large\" itemprop=\"associatedMedia\" itemscope itemtype=\"http:\/\/schema.org\/ImageObject\"> <a href=\"https:\/\/www.jazzzeitung.de\/cms\/2025\/07\/alto-adige-jazzfestival-2025-sound-expeditionen-in-bunker-und-berge\/kabarila\/\" border=\"0\" itemprop=\"url\"> <meta itemprop=\"width\" content=\"284\"> <meta itemprop=\"height\" content=\"238\"> <img decoding=\"async\" class=\"\" data-attachment-id=\"32801\" data-orig-file=\"https:\/\/www.jazzzeitung.de\/cms\/wp-content\/uploads\/2025\/07\/Kabarila-scaled.jpg\" data-orig-size=\"2560,2150\" data-comments-opened=\"1\" data-image-meta=\"{&quot;aperture&quot;:&quot;2.8&quot;,&quot;credit&quot;:&quot;&quot;,&quot;camera&quot;:&quot;DSC-RX10&quot;,&quot;caption&quot;:&quot;&quot;,&quot;created_timestamp&quot;:&quot;1751506782&quot;,&quot;copyright&quot;:&quot;&quot;,&quot;focal_length&quot;:&quot;8.8&quot;,&quot;iso&quot;:&quot;250&quot;,&quot;shutter_speed&quot;:&quot;0.033333333333333&quot;,&quot;title&quot;:&quot;&quot;,&quot;orientation&quot;:&quot;1&quot;}\" data-image-title=\"\" data-image-description=\"\" data-medium-file=\"https:\/\/i0.wp.com\/www.jazzzeitung.de\/cms\/wp-content\/uploads\/2025\/07\/Kabarila-scaled.jpg?fit=300%2C252&#038;ssl=1\" data-large-file=\"https:\/\/i0.wp.com\/www.jazzzeitung.de\/cms\/wp-content\/uploads\/2025\/07\/Kabarila-scaled.jpg?fit=714%2C600&#038;ssl=1\" src=\"https:\/\/i0.wp.com\/www.jazzzeitung.de\/cms\/wp-content\/uploads\/2025\/07\/Kabarila-scaled.jpg?w=284&#038;h=238&#038;ssl=1\" srcset=\"https:\/\/i0.wp.com\/www.jazzzeitung.de\/cms\/wp-content\/uploads\/2025\/07\/Kabarila-scaled.jpg?w=2560&amp;ssl=1 2560w, https:\/\/i0.wp.com\/www.jazzzeitung.de\/cms\/wp-content\/uploads\/2025\/07\/Kabarila-scaled.jpg?resize=300%2C252&amp;ssl=1 300w, https:\/\/i0.wp.com\/www.jazzzeitung.de\/cms\/wp-content\/uploads\/2025\/07\/Kabarila-scaled.jpg?resize=714%2C600&amp;ssl=1 714w, https:\/\/i0.wp.com\/www.jazzzeitung.de\/cms\/wp-content\/uploads\/2025\/07\/Kabarila-scaled.jpg?resize=768%2C645&amp;ssl=1 768w, https:\/\/i0.wp.com\/www.jazzzeitung.de\/cms\/wp-content\/uploads\/2025\/07\/Kabarila-scaled.jpg?resize=1536%2C1290&amp;ssl=1 1536w, https:\/\/i0.wp.com\/www.jazzzeitung.de\/cms\/wp-content\/uploads\/2025\/07\/Kabarila-scaled.jpg?resize=2048%2C1720&amp;ssl=1 2048w, https:\/\/i0.wp.com\/www.jazzzeitung.de\/cms\/wp-content\/uploads\/2025\/07\/Kabarila-scaled.jpg?resize=1320%2C1109&amp;ssl=1 1320w, https:\/\/i0.wp.com\/www.jazzzeitung.de\/cms\/wp-content\/uploads\/2025\/07\/Kabarila-scaled.jpg?w=1680&amp;ssl=1 1680w\" width=\"284\" height=\"238\" loading=\"lazy\" data-original-width=\"284\" data-original-height=\"238\" itemprop=\"http:\/\/schema.org\/image\" title=\"\" alt=\"Kabarila. Foto: Stefan Pieper\" style=\"width: 284px; height: 238px;\" \/> <\/a> <div class=\"tiled-gallery-caption\" itemprop=\"caption description\"> Kabarila. Foto: Stefan Pieper <\/div> <\/div> <div class=\"tiled-gallery-item tiled-gallery-item-large\" itemprop=\"associatedMedia\" itemscope itemtype=\"http:\/\/schema.org\/ImageObject\"> <a href=\"https:\/\/www.jazzzeitung.de\/cms\/2025\/07\/alto-adige-jazzfestival-2025-sound-expeditionen-in-bunker-und-berge\/rainier-baas-dan-kinzelmann\/\" border=\"0\" itemprop=\"url\"> <meta itemprop=\"width\" content=\"284\"> <meta itemprop=\"height\" content=\"229\"> <img decoding=\"async\" class=\"\" data-attachment-id=\"32805\" data-orig-file=\"https:\/\/www.jazzzeitung.de\/cms\/wp-content\/uploads\/2025\/07\/Rainier-Baas-Dan-Kinzelmann-scaled.jpg\" data-orig-size=\"2560,2062\" data-comments-opened=\"1\" data-image-meta=\"{&quot;aperture&quot;:&quot;2.8&quot;,&quot;credit&quot;:&quot;&quot;,&quot;camera&quot;:&quot;DSC-RX10&quot;,&quot;caption&quot;:&quot;&quot;,&quot;created_timestamp&quot;:&quot;1751395670&quot;,&quot;copyright&quot;:&quot;&quot;,&quot;focal_length&quot;:&quot;18.98&quot;,&quot;iso&quot;:&quot;3200&quot;,&quot;shutter_speed&quot;:&quot;0.033333333333333&quot;,&quot;title&quot;:&quot;&quot;,&quot;orientation&quot;:&quot;1&quot;}\" data-image-title=\"\" data-image-description=\"\" data-medium-file=\"https:\/\/i0.wp.com\/www.jazzzeitung.de\/cms\/wp-content\/uploads\/2025\/07\/Rainier-Baas-Dan-Kinzelmann-scaled.jpg?fit=300%2C242&#038;ssl=1\" data-large-file=\"https:\/\/i0.wp.com\/www.jazzzeitung.de\/cms\/wp-content\/uploads\/2025\/07\/Rainier-Baas-Dan-Kinzelmann-scaled.jpg?fit=745%2C600&#038;ssl=1\" src=\"https:\/\/i0.wp.com\/www.jazzzeitung.de\/cms\/wp-content\/uploads\/2025\/07\/Rainier-Baas-Dan-Kinzelmann-scaled.jpg?w=284&#038;h=229&#038;ssl=1\" srcset=\"https:\/\/i0.wp.com\/www.jazzzeitung.de\/cms\/wp-content\/uploads\/2025\/07\/Rainier-Baas-Dan-Kinzelmann-scaled.jpg?w=2560&amp;ssl=1 2560w, https:\/\/i0.wp.com\/www.jazzzeitung.de\/cms\/wp-content\/uploads\/2025\/07\/Rainier-Baas-Dan-Kinzelmann-scaled.jpg?resize=300%2C242&amp;ssl=1 300w, https:\/\/i0.wp.com\/www.jazzzeitung.de\/cms\/wp-content\/uploads\/2025\/07\/Rainier-Baas-Dan-Kinzelmann-scaled.jpg?resize=745%2C600&amp;ssl=1 745w, https:\/\/i0.wp.com\/www.jazzzeitung.de\/cms\/wp-content\/uploads\/2025\/07\/Rainier-Baas-Dan-Kinzelmann-scaled.jpg?resize=768%2C618&amp;ssl=1 768w, https:\/\/i0.wp.com\/www.jazzzeitung.de\/cms\/wp-content\/uploads\/2025\/07\/Rainier-Baas-Dan-Kinzelmann-scaled.jpg?resize=1536%2C1237&amp;ssl=1 1536w, https:\/\/i0.wp.com\/www.jazzzeitung.de\/cms\/wp-content\/uploads\/2025\/07\/Rainier-Baas-Dan-Kinzelmann-scaled.jpg?resize=2048%2C1649&amp;ssl=1 2048w, https:\/\/i0.wp.com\/www.jazzzeitung.de\/cms\/wp-content\/uploads\/2025\/07\/Rainier-Baas-Dan-Kinzelmann-scaled.jpg?resize=1320%2C1063&amp;ssl=1 1320w, https:\/\/i0.wp.com\/www.jazzzeitung.de\/cms\/wp-content\/uploads\/2025\/07\/Rainier-Baas-Dan-Kinzelmann-scaled.jpg?w=1680&amp;ssl=1 1680w\" width=\"284\" height=\"229\" loading=\"lazy\" data-original-width=\"284\" data-original-height=\"229\" itemprop=\"http:\/\/schema.org\/image\" title=\"\" alt=\"Rainier Baas und Dan Kinzelmann. Foto: Stefan Pieper\" style=\"width: 284px; height: 229px;\" \/> <\/a> <div class=\"tiled-gallery-caption\" itemprop=\"caption description\"> Rainier Baas und Dan Kinzelmann. Foto: Stefan Pieper <\/div> <\/div> <\/div> <!-- close group --> <\/div> <!-- close row --> <div class=\"gallery-row\" style=\"width: 840px; height: 337px;\" data-original-width=\"840\" data-original-height=\"337\" > <div class=\"gallery-group images-1\" style=\"width: 392px; height: 337px;\" data-original-width=\"392\" data-original-height=\"337\" > <div class=\"tiled-gallery-item tiled-gallery-item-large\" itemprop=\"associatedMedia\" itemscope itemtype=\"http:\/\/schema.org\/ImageObject\"> <a href=\"https:\/\/www.jazzzeitung.de\/cms\/2025\/07\/alto-adige-jazzfestival-2025-sound-expeditionen-in-bunker-und-berge\/reiner-baas-c-stefan-pieper\/\" border=\"0\" itemprop=\"url\"> <meta itemprop=\"width\" content=\"388\"> <meta itemprop=\"height\" content=\"333\"> <img decoding=\"async\" class=\"\" data-attachment-id=\"32806\" data-orig-file=\"https:\/\/www.jazzzeitung.de\/cms\/wp-content\/uploads\/2025\/07\/Reiner-Baas-c-stefan-pieper-scaled.jpg\" data-orig-size=\"2560,2197\" data-comments-opened=\"1\" data-image-meta=\"{&quot;aperture&quot;:&quot;2.8&quot;,&quot;credit&quot;:&quot;&quot;,&quot;camera&quot;:&quot;DSC-RX10&quot;,&quot;caption&quot;:&quot;&quot;,&quot;created_timestamp&quot;:&quot;1751406170&quot;,&quot;copyright&quot;:&quot;&quot;,&quot;focal_length&quot;:&quot;48.67&quot;,&quot;iso&quot;:&quot;1250&quot;,&quot;shutter_speed&quot;:&quot;0.00625&quot;,&quot;title&quot;:&quot;&quot;,&quot;orientation&quot;:&quot;1&quot;}\" data-image-title=\"\" data-image-description=\"\" data-medium-file=\"https:\/\/i0.wp.com\/www.jazzzeitung.de\/cms\/wp-content\/uploads\/2025\/07\/Reiner-Baas-c-stefan-pieper-scaled.jpg?fit=300%2C257&#038;ssl=1\" data-large-file=\"https:\/\/i0.wp.com\/www.jazzzeitung.de\/cms\/wp-content\/uploads\/2025\/07\/Reiner-Baas-c-stefan-pieper-scaled.jpg?fit=699%2C600&#038;ssl=1\" src=\"https:\/\/i0.wp.com\/www.jazzzeitung.de\/cms\/wp-content\/uploads\/2025\/07\/Reiner-Baas-c-stefan-pieper-scaled.jpg?w=388&#038;h=333&#038;ssl=1\" srcset=\"https:\/\/i0.wp.com\/www.jazzzeitung.de\/cms\/wp-content\/uploads\/2025\/07\/Reiner-Baas-c-stefan-pieper-scaled.jpg?w=2560&amp;ssl=1 2560w, https:\/\/i0.wp.com\/www.jazzzeitung.de\/cms\/wp-content\/uploads\/2025\/07\/Reiner-Baas-c-stefan-pieper-scaled.jpg?resize=300%2C257&amp;ssl=1 300w, https:\/\/i0.wp.com\/www.jazzzeitung.de\/cms\/wp-content\/uploads\/2025\/07\/Reiner-Baas-c-stefan-pieper-scaled.jpg?resize=699%2C600&amp;ssl=1 699w, https:\/\/i0.wp.com\/www.jazzzeitung.de\/cms\/wp-content\/uploads\/2025\/07\/Reiner-Baas-c-stefan-pieper-scaled.jpg?resize=768%2C659&amp;ssl=1 768w, https:\/\/i0.wp.com\/www.jazzzeitung.de\/cms\/wp-content\/uploads\/2025\/07\/Reiner-Baas-c-stefan-pieper-scaled.jpg?resize=1536%2C1318&amp;ssl=1 1536w, https:\/\/i0.wp.com\/www.jazzzeitung.de\/cms\/wp-content\/uploads\/2025\/07\/Reiner-Baas-c-stefan-pieper-scaled.jpg?resize=2048%2C1757&amp;ssl=1 2048w, https:\/\/i0.wp.com\/www.jazzzeitung.de\/cms\/wp-content\/uploads\/2025\/07\/Reiner-Baas-c-stefan-pieper-scaled.jpg?resize=1320%2C1133&amp;ssl=1 1320w, https:\/\/i0.wp.com\/www.jazzzeitung.de\/cms\/wp-content\/uploads\/2025\/07\/Reiner-Baas-c-stefan-pieper-scaled.jpg?w=1680&amp;ssl=1 1680w\" width=\"388\" height=\"333\" loading=\"lazy\" data-original-width=\"388\" data-original-height=\"333\" itemprop=\"http:\/\/schema.org\/image\" title=\"\" alt=\"Reiner Baas. Foto: Stefan Pieper\" style=\"width: 388px; height: 333px;\" \/> <\/a> <div class=\"tiled-gallery-caption\" itemprop=\"caption description\"> Reiner Baas. Foto: Stefan Pieper <\/div> <\/div> <\/div> <!-- close group --> <div class=\"gallery-group images-1\" style=\"width: 448px; height: 337px;\" data-original-width=\"448\" data-original-height=\"337\" > <div class=\"tiled-gallery-item tiled-gallery-item-large\" itemprop=\"associatedMedia\" itemscope itemtype=\"http:\/\/schema.org\/ImageObject\"> <a href=\"https:\/\/www.jazzzeitung.de\/cms\/2025\/07\/alto-adige-jazzfestival-2025-sound-expeditionen-in-bunker-und-berge\/simon-segers\/\" border=\"0\" itemprop=\"url\"> <meta itemprop=\"width\" content=\"444\"> <meta itemprop=\"height\" content=\"333\"> <img decoding=\"async\" class=\"\" data-attachment-id=\"32808\" data-orig-file=\"https:\/\/www.jazzzeitung.de\/cms\/wp-content\/uploads\/2025\/07\/Simon-Segers-scaled.jpg\" data-orig-size=\"2560,1920\" data-comments-opened=\"1\" data-image-meta=\"{&quot;aperture&quot;:&quot;2.8&quot;,&quot;credit&quot;:&quot;&quot;,&quot;camera&quot;:&quot;DSC-RX10&quot;,&quot;caption&quot;:&quot;&quot;,&quot;created_timestamp&quot;:&quot;1751406990&quot;,&quot;copyright&quot;:&quot;&quot;,&quot;focal_length&quot;:&quot;73.3&quot;,&quot;iso&quot;:&quot;640&quot;,&quot;shutter_speed&quot;:&quot;0.005&quot;,&quot;title&quot;:&quot;&quot;,&quot;orientation&quot;:&quot;1&quot;}\" data-image-title=\"\" data-image-description=\"\" data-medium-file=\"https:\/\/i0.wp.com\/www.jazzzeitung.de\/cms\/wp-content\/uploads\/2025\/07\/Simon-Segers-scaled.jpg?fit=300%2C225&#038;ssl=1\" data-large-file=\"https:\/\/i0.wp.com\/www.jazzzeitung.de\/cms\/wp-content\/uploads\/2025\/07\/Simon-Segers-scaled.jpg?fit=800%2C600&#038;ssl=1\" src=\"https:\/\/i0.wp.com\/www.jazzzeitung.de\/cms\/wp-content\/uploads\/2025\/07\/Simon-Segers-scaled.jpg?w=444&#038;h=333&#038;ssl=1\" srcset=\"https:\/\/i0.wp.com\/www.jazzzeitung.de\/cms\/wp-content\/uploads\/2025\/07\/Simon-Segers-scaled.jpg?w=2560&amp;ssl=1 2560w, https:\/\/i0.wp.com\/www.jazzzeitung.de\/cms\/wp-content\/uploads\/2025\/07\/Simon-Segers-scaled.jpg?resize=300%2C225&amp;ssl=1 300w, https:\/\/i0.wp.com\/www.jazzzeitung.de\/cms\/wp-content\/uploads\/2025\/07\/Simon-Segers-scaled.jpg?resize=800%2C600&amp;ssl=1 800w, https:\/\/i0.wp.com\/www.jazzzeitung.de\/cms\/wp-content\/uploads\/2025\/07\/Simon-Segers-scaled.jpg?resize=768%2C576&amp;ssl=1 768w, https:\/\/i0.wp.com\/www.jazzzeitung.de\/cms\/wp-content\/uploads\/2025\/07\/Simon-Segers-scaled.jpg?resize=1536%2C1152&amp;ssl=1 1536w, https:\/\/i0.wp.com\/www.jazzzeitung.de\/cms\/wp-content\/uploads\/2025\/07\/Simon-Segers-scaled.jpg?resize=2048%2C1536&amp;ssl=1 2048w, https:\/\/i0.wp.com\/www.jazzzeitung.de\/cms\/wp-content\/uploads\/2025\/07\/Simon-Segers-scaled.jpg?resize=1320%2C990&amp;ssl=1 1320w, https:\/\/i0.wp.com\/www.jazzzeitung.de\/cms\/wp-content\/uploads\/2025\/07\/Simon-Segers-scaled.jpg?w=1680&amp;ssl=1 1680w\" width=\"444\" height=\"333\" loading=\"lazy\" data-original-width=\"444\" data-original-height=\"333\" itemprop=\"http:\/\/schema.org\/image\" title=\"\" alt=\"Simon Segers. Foto: Stefan Pieper\" style=\"width: 444px; height: 333px;\" \/> <\/a> <div class=\"tiled-gallery-caption\" itemprop=\"caption description\"> Simon Segers. Foto: Stefan Pieper <\/div> <\/div> <\/div> <!-- close group --> <\/div> <!-- close row --> <\/div>\n<p>Irgendwann fand doch mal ein Konzert drau\u00dfen statt, als der Himmel seine Schleusen \u00f6ffnete \u2013 und zwar bei De Beren Gieren im Gef\u00e4ngnishof Tschumpus in Brixen, der heute Kulturzentrum ist. Diesmal mit Reinier Baas an der Gitarre, der kurzfristig f\u00fcr Fulco Ottervanger einspringen durfte.. Hyperaktiver rhythmischer Fluss entwickelte sich, ein pochendes Schlagzeug klang wie beschleunigter Herzschlag \u2013 oft war das mehr Postrock als Jazz. Reinier Baas f\u00fchlte sich auch hier auf Anhieb in seinem Element, lie\u00df die Kl\u00e4nge fantasievoll aus den Saiten sprechen, w\u00e4hrend Lieven Van P\u00e9e seinen Bass manchmal fast orientalisch singen lie\u00df. Man f\u00fchlte sich umarmt durch so viel Musik, w\u00e4hrend der Regen auf die Ponchos, die schnell verteilt worden waren, prasselte.<\/p>\n<p>Eine Novit\u00e4t in der Programmplanung dieser Festivalausgabe bildeten die &#8222;Sonic Reactions&#8220; \u2013 zwei Musiker, die sich nicht kennen, werden aufeinander &#8222;losgelassen&#8220;. Musikalische Atome treffen im gro\u00dfen kreativen Labor aufeinander und erzeugen unvorhersehbare chemische Reaktionen. Zum Beispiel traf Andreas Tausch (Gitarre) auf Filippo Vignato (Posaune), in einem Plattenladen mitten in Bozen.<\/p>\n<p>Dan Kinzelman (Saxophon) und Reinier Baas (Gitarre) agierten zwar nicht im Rahmen dieser Reihe, aber auch ihr Duokonzert im Ansitz Punthof bei Meran lebte von der Magie des geteilten Moments \u2013 leichtf\u00fc\u00dfig bewegten beide sich auf den dynamischen Wogen progressiver Jazzstilistiken und hoben auch in h\u00f6here Sph\u00e4ren ab. Eine Lee Konitz-Zugabe am Schluss wirkte wie ein \u00fcberlegenes Fazit. Die beiden d\u00fcrfen so etwas, weil sie es k\u00f6nnen.<\/p>\n<h4><strong>Jazz-Cineastik und Trance-Rituale<\/strong><\/h4>\n<p>Die Kooperation mit dem Bozener Filmclub f\u00fcr ein musikalisch interpretiertes Stummfilm-Konzert hat eine lange Tradition beim S\u00fcdtirol Jazzfestival Alto Adige und bringt jedes Jahr aufs Neue kostbare Momente hervor. Fritz Freislers expressionistisches Meisterwerk &#8222;Der Mandarin&#8220; von 1918 \u2013 in der K.u.K.-Monarchie entstanden und schon lange verschollen, aber 2004 restauriert \u2013 stand diesmal auf dem Programm und bekam durch De Beren Gieren zusammen mit Dan Kinzelman einen neuen, verdichtenden Soundtrack aus dem Heute.<\/p>\n<div class=\"tiled-gallery type-rectangular tiled-gallery-unresized\" data-original-width=\"840\" data-carousel-extra='{&quot;blog_id&quot;:1,&quot;permalink&quot;:&quot;https:\\\/\\\/www.jazzzeitung.de\\\/cms\\\/2025\\\/07\\\/alto-adige-jazzfestival-2025-sound-expeditionen-in-bunker-und-berge\\\/&quot;,&quot;likes_blog_id&quot;:55446655}' itemscope itemtype=\"http:\/\/schema.org\/ImageGallery\" > <div class=\"gallery-row\" style=\"width: 840px; height: 433px;\" data-original-width=\"840\" data-original-height=\"433\" > <div class=\"gallery-group images-1\" style=\"width: 576px; height: 433px;\" data-original-width=\"576\" data-original-height=\"433\" > <div class=\"tiled-gallery-item tiled-gallery-item-large\" itemprop=\"associatedMedia\" itemscope itemtype=\"http:\/\/schema.org\/ImageObject\"> <a href=\"https:\/\/www.jazzzeitung.de\/cms\/2025\/07\/alto-adige-jazzfestival-2025-sound-expeditionen-in-bunker-und-berge\/lukas-kranzelbinder-c-stefan-pieper\/\" border=\"0\" itemprop=\"url\"> <meta itemprop=\"width\" content=\"572\"> <meta itemprop=\"height\" content=\"429\"> <img decoding=\"async\" class=\"\" data-attachment-id=\"32803\" data-orig-file=\"https:\/\/www.jazzzeitung.de\/cms\/wp-content\/uploads\/2025\/07\/Lukas-Kranzelbinder-c-stefan-pieper-scaled.jpg\" data-orig-size=\"2560,1920\" data-comments-opened=\"1\" data-image-meta=\"{&quot;aperture&quot;:&quot;2.8&quot;,&quot;credit&quot;:&quot;&quot;,&quot;camera&quot;:&quot;DSC-RX10&quot;,&quot;caption&quot;:&quot;&quot;,&quot;created_timestamp&quot;:&quot;1751503850&quot;,&quot;copyright&quot;:&quot;&quot;,&quot;focal_length&quot;:&quot;21.94&quot;,&quot;iso&quot;:&quot;1600&quot;,&quot;shutter_speed&quot;:&quot;0.0125&quot;,&quot;title&quot;:&quot;&quot;,&quot;orientation&quot;:&quot;1&quot;}\" data-image-title=\"(c) stefan pieper\" data-image-description=\"\" data-medium-file=\"https:\/\/i0.wp.com\/www.jazzzeitung.de\/cms\/wp-content\/uploads\/2025\/07\/Lukas-Kranzelbinder-c-stefan-pieper-scaled.jpg?fit=300%2C225&#038;ssl=1\" data-large-file=\"https:\/\/i0.wp.com\/www.jazzzeitung.de\/cms\/wp-content\/uploads\/2025\/07\/Lukas-Kranzelbinder-c-stefan-pieper-scaled.jpg?fit=800%2C600&#038;ssl=1\" src=\"https:\/\/i0.wp.com\/www.jazzzeitung.de\/cms\/wp-content\/uploads\/2025\/07\/Lukas-Kranzelbinder-c-stefan-pieper-scaled.jpg?w=572&#038;h=429&#038;ssl=1\" srcset=\"https:\/\/i0.wp.com\/www.jazzzeitung.de\/cms\/wp-content\/uploads\/2025\/07\/Lukas-Kranzelbinder-c-stefan-pieper-scaled.jpg?w=2560&amp;ssl=1 2560w, https:\/\/i0.wp.com\/www.jazzzeitung.de\/cms\/wp-content\/uploads\/2025\/07\/Lukas-Kranzelbinder-c-stefan-pieper-scaled.jpg?resize=300%2C225&amp;ssl=1 300w, https:\/\/i0.wp.com\/www.jazzzeitung.de\/cms\/wp-content\/uploads\/2025\/07\/Lukas-Kranzelbinder-c-stefan-pieper-scaled.jpg?resize=800%2C600&amp;ssl=1 800w, https:\/\/i0.wp.com\/www.jazzzeitung.de\/cms\/wp-content\/uploads\/2025\/07\/Lukas-Kranzelbinder-c-stefan-pieper-scaled.jpg?resize=768%2C576&amp;ssl=1 768w, https:\/\/i0.wp.com\/www.jazzzeitung.de\/cms\/wp-content\/uploads\/2025\/07\/Lukas-Kranzelbinder-c-stefan-pieper-scaled.jpg?resize=1536%2C1152&amp;ssl=1 1536w, https:\/\/i0.wp.com\/www.jazzzeitung.de\/cms\/wp-content\/uploads\/2025\/07\/Lukas-Kranzelbinder-c-stefan-pieper-scaled.jpg?resize=2048%2C1536&amp;ssl=1 2048w, https:\/\/i0.wp.com\/www.jazzzeitung.de\/cms\/wp-content\/uploads\/2025\/07\/Lukas-Kranzelbinder-c-stefan-pieper-scaled.jpg?resize=1320%2C990&amp;ssl=1 1320w, https:\/\/i0.wp.com\/www.jazzzeitung.de\/cms\/wp-content\/uploads\/2025\/07\/Lukas-Kranzelbinder-c-stefan-pieper-scaled.jpg?w=1680&amp;ssl=1 1680w\" width=\"572\" height=\"429\" loading=\"lazy\" data-original-width=\"572\" data-original-height=\"429\" itemprop=\"http:\/\/schema.org\/image\" title=\"(c) stefan pieper\" alt=\"Lukas Kranzelbinder. Foto: Stefan Pieper\" style=\"width: 572px; height: 429px;\" \/> <\/a> <div class=\"tiled-gallery-caption\" itemprop=\"caption description\"> Lukas Kranzelbinder. Foto: Stefan Pieper <\/div> <\/div> <\/div> <!-- close group --> <div class=\"gallery-group images-2\" style=\"width: 264px; height: 433px;\" data-original-width=\"264\" data-original-height=\"433\" > <div class=\"tiled-gallery-item tiled-gallery-item-large\" itemprop=\"associatedMedia\" itemscope itemtype=\"http:\/\/schema.org\/ImageObject\"> <a href=\"https:\/\/www.jazzzeitung.de\/cms\/2025\/07\/alto-adige-jazzfestival-2025-sound-expeditionen-in-bunker-und-berge\/lukas-kranzelbinder-c-s-pieper\/\" border=\"0\" itemprop=\"url\"> <meta itemprop=\"width\" content=\"260\"> <meta itemprop=\"height\" content=\"195\"> <img decoding=\"async\" class=\"\" data-attachment-id=\"32802\" data-orig-file=\"https:\/\/www.jazzzeitung.de\/cms\/wp-content\/uploads\/2025\/07\/Lukas-Kranzelbinder-c-s-pieper-scaled.jpg\" data-orig-size=\"2560,1920\" data-comments-opened=\"1\" data-image-meta=\"{&quot;aperture&quot;:&quot;2.8&quot;,&quot;credit&quot;:&quot;&quot;,&quot;camera&quot;:&quot;DSC-RX10&quot;,&quot;caption&quot;:&quot;&quot;,&quot;created_timestamp&quot;:&quot;1751505167&quot;,&quot;copyright&quot;:&quot;&quot;,&quot;focal_length&quot;:&quot;13.1&quot;,&quot;iso&quot;:&quot;500&quot;,&quot;shutter_speed&quot;:&quot;0.025&quot;,&quot;title&quot;:&quot;&quot;,&quot;orientation&quot;:&quot;1&quot;}\" data-image-title=\"(c) s pieper\" data-image-description=\"\" data-medium-file=\"https:\/\/i0.wp.com\/www.jazzzeitung.de\/cms\/wp-content\/uploads\/2025\/07\/Lukas-Kranzelbinder-c-s-pieper-scaled.jpg?fit=300%2C225&#038;ssl=1\" data-large-file=\"https:\/\/i0.wp.com\/www.jazzzeitung.de\/cms\/wp-content\/uploads\/2025\/07\/Lukas-Kranzelbinder-c-s-pieper-scaled.jpg?fit=800%2C600&#038;ssl=1\" src=\"https:\/\/i0.wp.com\/www.jazzzeitung.de\/cms\/wp-content\/uploads\/2025\/07\/Lukas-Kranzelbinder-c-s-pieper-scaled.jpg?w=260&#038;h=195&#038;ssl=1\" srcset=\"https:\/\/i0.wp.com\/www.jazzzeitung.de\/cms\/wp-content\/uploads\/2025\/07\/Lukas-Kranzelbinder-c-s-pieper-scaled.jpg?w=2560&amp;ssl=1 2560w, https:\/\/i0.wp.com\/www.jazzzeitung.de\/cms\/wp-content\/uploads\/2025\/07\/Lukas-Kranzelbinder-c-s-pieper-scaled.jpg?resize=300%2C225&amp;ssl=1 300w, https:\/\/i0.wp.com\/www.jazzzeitung.de\/cms\/wp-content\/uploads\/2025\/07\/Lukas-Kranzelbinder-c-s-pieper-scaled.jpg?resize=800%2C600&amp;ssl=1 800w, https:\/\/i0.wp.com\/www.jazzzeitung.de\/cms\/wp-content\/uploads\/2025\/07\/Lukas-Kranzelbinder-c-s-pieper-scaled.jpg?resize=768%2C576&amp;ssl=1 768w, https:\/\/i0.wp.com\/www.jazzzeitung.de\/cms\/wp-content\/uploads\/2025\/07\/Lukas-Kranzelbinder-c-s-pieper-scaled.jpg?resize=1536%2C1152&amp;ssl=1 1536w, https:\/\/i0.wp.com\/www.jazzzeitung.de\/cms\/wp-content\/uploads\/2025\/07\/Lukas-Kranzelbinder-c-s-pieper-scaled.jpg?resize=2048%2C1536&amp;ssl=1 2048w, https:\/\/i0.wp.com\/www.jazzzeitung.de\/cms\/wp-content\/uploads\/2025\/07\/Lukas-Kranzelbinder-c-s-pieper-scaled.jpg?resize=1320%2C990&amp;ssl=1 1320w, https:\/\/i0.wp.com\/www.jazzzeitung.de\/cms\/wp-content\/uploads\/2025\/07\/Lukas-Kranzelbinder-c-s-pieper-scaled.jpg?w=1680&amp;ssl=1 1680w\" width=\"260\" height=\"195\" loading=\"lazy\" data-original-width=\"260\" data-original-height=\"195\" itemprop=\"http:\/\/schema.org\/image\" title=\"(c) s pieper\" alt=\"Lukas Kranzelbinder. Foto: Stefan Pieper\" style=\"width: 260px; height: 195px;\" \/> <\/a> <div class=\"tiled-gallery-caption\" itemprop=\"caption description\"> Lukas Kranzelbinder. Foto: Stefan Pieper <\/div> <\/div> <div class=\"tiled-gallery-item tiled-gallery-item-large\" itemprop=\"associatedMedia\" itemscope itemtype=\"http:\/\/schema.org\/ImageObject\"> <a href=\"https:\/\/www.jazzzeitung.de\/cms\/2025\/07\/alto-adige-jazzfestival-2025-sound-expeditionen-in-bunker-und-berge\/lukas-kranzelbinder-delphine-joussein\/\" border=\"0\" itemprop=\"url\"> <meta itemprop=\"width\" content=\"260\"> <meta itemprop=\"height\" content=\"230\"> <img decoding=\"async\" class=\"\" data-attachment-id=\"32804\" data-orig-file=\"https:\/\/www.jazzzeitung.de\/cms\/wp-content\/uploads\/2025\/07\/Lukas-Kranzelbinder-Delphine-Joussein-scaled.jpg\" data-orig-size=\"2560,2275\" data-comments-opened=\"1\" data-image-meta=\"{&quot;aperture&quot;:&quot;2.8&quot;,&quot;credit&quot;:&quot;&quot;,&quot;camera&quot;:&quot;DSC-RX10&quot;,&quot;caption&quot;:&quot;&quot;,&quot;created_timestamp&quot;:&quot;1751504439&quot;,&quot;copyright&quot;:&quot;&quot;,&quot;focal_length&quot;:&quot;8.8&quot;,&quot;iso&quot;:&quot;1250&quot;,&quot;shutter_speed&quot;:&quot;0.033333333333333&quot;,&quot;title&quot;:&quot;&quot;,&quot;orientation&quot;:&quot;1&quot;}\" data-image-title=\"L\" data-image-description=\"\" data-medium-file=\"https:\/\/i0.wp.com\/www.jazzzeitung.de\/cms\/wp-content\/uploads\/2025\/07\/Lukas-Kranzelbinder-Delphine-Joussein-scaled.jpg?fit=300%2C267&#038;ssl=1\" data-large-file=\"https:\/\/i0.wp.com\/www.jazzzeitung.de\/cms\/wp-content\/uploads\/2025\/07\/Lukas-Kranzelbinder-Delphine-Joussein-scaled.jpg?fit=675%2C600&#038;ssl=1\" src=\"https:\/\/i0.wp.com\/www.jazzzeitung.de\/cms\/wp-content\/uploads\/2025\/07\/Lukas-Kranzelbinder-Delphine-Joussein-scaled.jpg?w=260&#038;h=230&#038;ssl=1\" srcset=\"https:\/\/i0.wp.com\/www.jazzzeitung.de\/cms\/wp-content\/uploads\/2025\/07\/Lukas-Kranzelbinder-Delphine-Joussein-scaled.jpg?w=2560&amp;ssl=1 2560w, https:\/\/i0.wp.com\/www.jazzzeitung.de\/cms\/wp-content\/uploads\/2025\/07\/Lukas-Kranzelbinder-Delphine-Joussein-scaled.jpg?resize=300%2C267&amp;ssl=1 300w, https:\/\/i0.wp.com\/www.jazzzeitung.de\/cms\/wp-content\/uploads\/2025\/07\/Lukas-Kranzelbinder-Delphine-Joussein-scaled.jpg?resize=675%2C600&amp;ssl=1 675w, https:\/\/i0.wp.com\/www.jazzzeitung.de\/cms\/wp-content\/uploads\/2025\/07\/Lukas-Kranzelbinder-Delphine-Joussein-scaled.jpg?resize=768%2C683&amp;ssl=1 768w, https:\/\/i0.wp.com\/www.jazzzeitung.de\/cms\/wp-content\/uploads\/2025\/07\/Lukas-Kranzelbinder-Delphine-Joussein-scaled.jpg?resize=1536%2C1365&amp;ssl=1 1536w, https:\/\/i0.wp.com\/www.jazzzeitung.de\/cms\/wp-content\/uploads\/2025\/07\/Lukas-Kranzelbinder-Delphine-Joussein-scaled.jpg?resize=2048%2C1820&amp;ssl=1 2048w, https:\/\/i0.wp.com\/www.jazzzeitung.de\/cms\/wp-content\/uploads\/2025\/07\/Lukas-Kranzelbinder-Delphine-Joussein-scaled.jpg?resize=1320%2C1173&amp;ssl=1 1320w, https:\/\/i0.wp.com\/www.jazzzeitung.de\/cms\/wp-content\/uploads\/2025\/07\/Lukas-Kranzelbinder-Delphine-Joussein-scaled.jpg?w=1680&amp;ssl=1 1680w\" width=\"260\" height=\"230\" loading=\"lazy\" data-original-width=\"260\" data-original-height=\"230\" itemprop=\"http:\/\/schema.org\/image\" title=\"L\" alt=\"ukas Kranzelb\u00ednder und Delphine Joussein. Foto: Stefan Pieper\" style=\"width: 260px; height: 230px;\" \/> <\/a> <div class=\"tiled-gallery-caption\" itemprop=\"caption description\"> ukas Kranzelb\u00ednder und Delphine Joussein. Foto: Stefan Pieper <\/div> <\/div> <\/div> <!-- close group --> <\/div> <!-- close row --> <\/div>\n<p>Wummernde Trommelwirbel fungierten als Unheilsboten f\u00fcr psychologische Spannung, gellende, grotesk verbogene Saxofonfiguren deuteten darauf hin, dass der Protagonist allm\u00e4hlich dem Wahnsinn verf\u00e4llt. Da zeigt sich gestalterische Kraft aus dem Stegreif \u2013 jenes imponierende Potenzial versierter Musiker, Bilder in T\u00f6ne zu verwandeln und dabei neue narrative Ebenen zu erschlie\u00dfen.<\/p>\n<p>Seit drei Jahren liefert die Kabarila-Performance eine engagierte Ansage an konventionelle Domestizierungen des \u00fcblichen Konzertbetriebs. Gerne ist auch von Ritual die Rede, eben weil passive Zuh\u00f6rende zu aktiv Teilnehmenden werden \u2013 diesmal mit so viel Konsequenz, dass \u00fcber weite Strecken im Keller des Batzenh\u00e4usels regelrecht Rave-Atmosph\u00e4re dominierte.<\/p>\n<p>Lukas Kranzelbinder, Delphine Joussein, Johannes Schleiermacher, Julian Sartorius und drei T\u00e4nzer arbeiteten sich f\u00fcnf lange Stunden daran ab, treibend und hypnotisch jeden Zeitbegriff der Musik aufzul\u00f6sen. Psychedelische Fl\u00f6tensounds schweben wie farbige Rauchschwaden durch den Raum. Hypnotische Bass- und Guembri-Figuren geben den kollektiven Herzschlag vor. \u00dcber allem die psychedelisch gellenden, wild fauchenden Sounds aus der elektronisch modifizierten Fl\u00f6te von Delphine Joussein, die jedes Jahr bei Kabarila mitmacht.<\/p>\n<p>Und da war es \u00fcberf\u00e4llig, diese franz\u00f6sische Ausnahme-K\u00fcnstlerin mal mit einem Solo-Recital zu w\u00fcrdigen. &#8222;Calamity&#8220; nannte sie ihr Projekt, und das transformierte die Querfl\u00f6te, dieses &#8222;Engelsinstrument&#8220;, in eine expressive Klangmaschine \u2013 mit Live-Elektronik, Loops und Effekten, in \u00e4sthetischen Kollisionen von Sch\u00f6nheit mit abgr\u00fcndiger Brachialit\u00e4t, dass alle Tore zum dunklen Unterbewusstsein aufbrachen. &#8222;The dark side of the flute&#8220; nannte Delphine Joussein ihr k\u00fcnstlerisches Unterfangen, als sie zwischendurch mal ein St\u00fcck ansagte.<\/p>\n<h4><strong>Die famili\u00e4re Geborgenheit inspiriert<\/strong><\/h4>\n<p>M\u00f6ge das S\u00fcdtirol Festival mit seiner tonangebenden Ausstrahlung dazu beitragen, dass sich diese eindringliche Stimme in der aktuellen Musik nun noch internationaler Geh\u00f6r verschafft! Was eben an diesem Ort mit seinem internationalen Publikum und vor allem viel ausl\u00e4ndischer Medienpr\u00e4senz immer f\u00fcr einen guten kulturellen Mehrwert sorgt.<\/p>\n<p>Das gilt auch f\u00fcr viele weitere spannende Entdeckungen, die auch diese Festivalausgabe wieder verl\u00e4sslich hervor brachte \u2013 etwa ein M\u00fcnchener Duo bestehend aus Enji Erkhem und Simon Popp mit ihrer hypnotischen Melange aus mongolischen Gesangstraditionen und Post-Dub-Beats. Oder f\u00fcr eine d\u00e4nisch-norwegische Band, die ihrem verspielt kreativen, polytonal vertrackten Jazz fast schon so etwas wie eine punkige Attit\u00fcde verliehen.<\/p>\n<p>Wer hier auftritt, ist meist auch selbst v\u00f6llig hin und weg von dem Ambiente, von der famili\u00e4ren Geborgenheit in diesem sozialen Kosmos, der wohl auch k\u00fcnftig klein, aber fein bleibt. Und das ist auch gut so. So \u00e4hnlich formulierte es auch Ronny Graupe bei der Anmoderation seines Konzertes, \u00a0der v\u00f6llig hin und weg war vom alpinen Panorama, das sich hoch oben von der Gartenterrasse des Parkhotel Holzner bot, bevor es mit Kit Downes (Piano) und der S\u00e4ngerin Damaris Brendle (Gesang) auch musikalisch-k\u00fcnstlerisch hoch hinaus ging.<\/p>\n<p>Text und Fotos: Stefan Pieper<br \/>\nUnser Beitragsbild zeigt Dan Kinzelman und die argentinische Saxophonistin Camila Nebbia im 1943 von der deutschen Wehrmacht errichteten Bunkersystem am Rande von Bozen.<\/p>\n","protected":false},"excerpt":{"rendered":"<p>An \u00fcberraschenden Orten durch die verbindende Sprache der Musik ein intensives soziales Miteinander zu erzeugen \u2013 darum ging es auch im weiteren Verlauf des Alto Adige Jazzfestival 2025. In Bunkersystemen und einem ehemaligen Gef\u00e4ngnishof, in zwei Bergstollen hoch oben in unwirtlicher Umgebung, aber auch in alten Gasth\u00e4usern und in einer Schnapsbrennerei. Und ja \u2013 dieser Zustand des Reisens im Rahmen eines Festivalprogramms verdichtete das Kernanliegen, um das es geht. Frei improvisierte Kl\u00e4nge aus Saxofonen wurden zum Bestandteil einer Sound-Arch\u00e4ologie, in einem 1943 von der Wehrmacht errichteten Bunkersystem am Rande von Bozen. Dan Kinzelman und die argentinische Saxophonistin Camila Nebbia verwandelten die unterirdische Anlage in einen Resonanzraum f\u00fcr eine besondere &#8222;Unterweltprozession&#8220; mit dem Publikum. Zwei Saxophone addierten sich in der zerkl\u00fcfteten Akustik dieses Gew\u00f6lbes zu einer symboltr\u00e4chtigen Sound-Skulptur. Meditierende, beschw\u00f6rende, klagende, manchmal z\u00e4rtliche Laut\u00e4u\u00dferungen dialogisierten vielschichtig zwischen metallischen Obert\u00f6nen, Atemz\u00fcge produzierten Echos, die sich in den G\u00e4ngen verloren und wiederfanden. Schlie\u00dflich begaben sich Camila Nebbia und Dan Kinzelman noch in einen kleinen &#8222;See&#8220; am Ende der H\u00f6hle hinein \u2013 das h\u00e4tte auch in eine Wagner-Inszenierung hineingepasst. Bei all dem geht es beim S\u00fcdtirol Jazzfestival Alto Adige &hellip;<\/p>\n","protected":false},"author":18,"featured_media":32797,"comment_status":"open","ping_status":"closed","sticky":false,"template":"","format":"standard","meta":{"_jetpack_memberships_contains_paid_content":false,"footnotes":"","jetpack_publicize_message":"","jetpack_publicize_feature_enabled":true,"jetpack_social_post_already_shared":true,"jetpack_social_options":{"image_generator_settings":{"template":"highway","default_image_id":0,"font":"","enabled":false},"version":2}},"categories":[1053],"tags":[],"coauthors":[695],"class_list":["post-32795","post","type-post","status-publish","format-standard","has-post-thumbnail","hentry","category-bericht"],"yoast_head":"<!-- This site is optimized with the Yoast SEO plugin v27.4 - https:\/\/yoast.com\/product\/yoast-seo-wordpress\/ -->\n<title>Alto Adige Jazzfestival 2025: Sound-Expeditionen in Bunker und Berge - JazzZeitung<\/title>\n<meta name=\"robots\" content=\"index, follow, max-snippet:-1, max-image-preview:large, max-video-preview:-1\" \/>\n<link rel=\"canonical\" href=\"https:\/\/www.jazzzeitung.de\/cms\/2025\/07\/alto-adige-jazzfestival-2025-sound-expeditionen-in-bunker-und-berge\/\" \/>\n<meta property=\"og:locale\" content=\"de_DE\" \/>\n<meta property=\"og:type\" content=\"article\" \/>\n<meta property=\"og:title\" content=\"Alto Adige Jazzfestival 2025: Sound-Expeditionen in Bunker und Berge - JazzZeitung\" \/>\n<meta property=\"og:description\" content=\"An \u00fcberraschenden Orten durch die verbindende Sprache der Musik ein intensives soziales Miteinander zu erzeugen \u2013 darum ging es auch im weiteren Verlauf des Alto Adige Jazzfestival 2025. In Bunkersystemen und einem ehemaligen Gef\u00e4ngnishof, in zwei Bergstollen hoch oben in unwirtlicher Umgebung, aber auch in alten Gasth\u00e4usern und in einer Schnapsbrennerei. Und ja \u2013 dieser Zustand des Reisens im Rahmen eines Festivalprogramms verdichtete das Kernanliegen, um das es geht. Frei improvisierte Kl\u00e4nge aus Saxofonen wurden zum Bestandteil einer Sound-Arch\u00e4ologie, in einem 1943 von der Wehrmacht errichteten Bunkersystem am Rande von Bozen. Dan Kinzelman und die argentinische Saxophonistin Camila Nebbia verwandelten die unterirdische Anlage in einen Resonanzraum f\u00fcr eine besondere &#8222;Unterweltprozession&#8220; mit dem Publikum. Zwei Saxophone addierten sich in der zerkl\u00fcfteten Akustik dieses Gew\u00f6lbes zu einer symboltr\u00e4chtigen Sound-Skulptur. Meditierende, beschw\u00f6rende, klagende, manchmal z\u00e4rtliche Laut\u00e4u\u00dferungen dialogisierten vielschichtig zwischen metallischen Obert\u00f6nen, Atemz\u00fcge produzierten Echos, die sich in den G\u00e4ngen verloren und wiederfanden. Schlie\u00dflich begaben sich Camila Nebbia und Dan Kinzelman noch in einen kleinen &#8222;See&#8220; am Ende der H\u00f6hle hinein \u2013 das h\u00e4tte auch in eine Wagner-Inszenierung hineingepasst. Bei all dem geht es beim S\u00fcdtirol Jazzfestival Alto Adige &hellip;\" \/>\n<meta property=\"og:url\" content=\"https:\/\/www.jazzzeitung.de\/cms\/2025\/07\/alto-adige-jazzfestival-2025-sound-expeditionen-in-bunker-und-berge\/\" \/>\n<meta property=\"og:site_name\" content=\"JazzZeitung\" \/>\n<meta property=\"article:publisher\" content=\"https:\/\/www.facebook.com\/JazzZeitung\/\" \/>\n<meta property=\"article:published_time\" content=\"2025-07-11T08:36:42+00:00\" \/>\n<meta property=\"og:image\" content=\"https:\/\/i0.wp.com\/www.jazzzeitung.de\/cms\/wp-content\/uploads\/2025\/07\/DSC06211-scaled.jpg?fit=2560%2C1441&ssl=1\" \/>\n\t<meta property=\"og:image:width\" content=\"2560\" \/>\n\t<meta property=\"og:image:height\" content=\"1441\" \/>\n\t<meta property=\"og:image:type\" content=\"image\/jpeg\" \/>\n<meta name=\"author\" content=\"Redaktion JazzZeitung\" \/>\n<script type=\"application\/ld+json\" class=\"yoast-schema-graph\">{\"@context\":\"https:\\\/\\\/schema.org\",\"@graph\":[{\"@type\":\"Article\",\"@id\":\"https:\\\/\\\/www.jazzzeitung.de\\\/cms\\\/2025\\\/07\\\/alto-adige-jazzfestival-2025-sound-expeditionen-in-bunker-und-berge\\\/#article\",\"isPartOf\":{\"@id\":\"https:\\\/\\\/www.jazzzeitung.de\\\/cms\\\/2025\\\/07\\\/alto-adige-jazzfestival-2025-sound-expeditionen-in-bunker-und-berge\\\/\"},\"author\":{\"name\":\"Redaktion JazzZeitung\",\"@id\":\"https:\\\/\\\/www.jazzzeitung.de\\\/cms\\\/#\\\/schema\\\/person\\\/2245b36b9cd1d24cea10f01c031fb92b\"},\"headline\":\"Alto Adige Jazzfestival 2025: Sound-Expeditionen in Bunker und Berge\",\"datePublished\":\"2025-07-11T08:36:42+00:00\",\"mainEntityOfPage\":{\"@id\":\"https:\\\/\\\/www.jazzzeitung.de\\\/cms\\\/2025\\\/07\\\/alto-adige-jazzfestival-2025-sound-expeditionen-in-bunker-und-berge\\\/\"},\"wordCount\":1088,\"commentCount\":0,\"publisher\":{\"@id\":\"https:\\\/\\\/www.jazzzeitung.de\\\/cms\\\/#organization\"},\"image\":{\"@id\":\"https:\\\/\\\/www.jazzzeitung.de\\\/cms\\\/2025\\\/07\\\/alto-adige-jazzfestival-2025-sound-expeditionen-in-bunker-und-berge\\\/#primaryimage\"},\"thumbnailUrl\":\"https:\\\/\\\/i0.wp.com\\\/www.jazzzeitung.de\\\/cms\\\/wp-content\\\/uploads\\\/2025\\\/07\\\/DSC06211-scaled.jpg?fit=2560%2C1441&ssl=1\",\"articleSection\":[\"Bericht\"],\"inLanguage\":\"de\",\"potentialAction\":[{\"@type\":\"CommentAction\",\"name\":\"Comment\",\"target\":[\"https:\\\/\\\/www.jazzzeitung.de\\\/cms\\\/2025\\\/07\\\/alto-adige-jazzfestival-2025-sound-expeditionen-in-bunker-und-berge\\\/#respond\"]}]},{\"@type\":\"WebPage\",\"@id\":\"https:\\\/\\\/www.jazzzeitung.de\\\/cms\\\/2025\\\/07\\\/alto-adige-jazzfestival-2025-sound-expeditionen-in-bunker-und-berge\\\/\",\"url\":\"https:\\\/\\\/www.jazzzeitung.de\\\/cms\\\/2025\\\/07\\\/alto-adige-jazzfestival-2025-sound-expeditionen-in-bunker-und-berge\\\/\",\"name\":\"Alto Adige Jazzfestival 2025: Sound-Expeditionen in Bunker und Berge - JazzZeitung\",\"isPartOf\":{\"@id\":\"https:\\\/\\\/www.jazzzeitung.de\\\/cms\\\/#website\"},\"primaryImageOfPage\":{\"@id\":\"https:\\\/\\\/www.jazzzeitung.de\\\/cms\\\/2025\\\/07\\\/alto-adige-jazzfestival-2025-sound-expeditionen-in-bunker-und-berge\\\/#primaryimage\"},\"image\":{\"@id\":\"https:\\\/\\\/www.jazzzeitung.de\\\/cms\\\/2025\\\/07\\\/alto-adige-jazzfestival-2025-sound-expeditionen-in-bunker-und-berge\\\/#primaryimage\"},\"thumbnailUrl\":\"https:\\\/\\\/i0.wp.com\\\/www.jazzzeitung.de\\\/cms\\\/wp-content\\\/uploads\\\/2025\\\/07\\\/DSC06211-scaled.jpg?fit=2560%2C1441&ssl=1\",\"datePublished\":\"2025-07-11T08:36:42+00:00\",\"breadcrumb\":{\"@id\":\"https:\\\/\\\/www.jazzzeitung.de\\\/cms\\\/2025\\\/07\\\/alto-adige-jazzfestival-2025-sound-expeditionen-in-bunker-und-berge\\\/#breadcrumb\"},\"inLanguage\":\"de\",\"potentialAction\":[{\"@type\":\"ReadAction\",\"target\":[\"https:\\\/\\\/www.jazzzeitung.de\\\/cms\\\/2025\\\/07\\\/alto-adige-jazzfestival-2025-sound-expeditionen-in-bunker-und-berge\\\/\"]}]},{\"@type\":\"ImageObject\",\"inLanguage\":\"de\",\"@id\":\"https:\\\/\\\/www.jazzzeitung.de\\\/cms\\\/2025\\\/07\\\/alto-adige-jazzfestival-2025-sound-expeditionen-in-bunker-und-berge\\\/#primaryimage\",\"url\":\"https:\\\/\\\/i0.wp.com\\\/www.jazzzeitung.de\\\/cms\\\/wp-content\\\/uploads\\\/2025\\\/07\\\/DSC06211-scaled.jpg?fit=2560%2C1441&ssl=1\",\"contentUrl\":\"https:\\\/\\\/i0.wp.com\\\/www.jazzzeitung.de\\\/cms\\\/wp-content\\\/uploads\\\/2025\\\/07\\\/DSC06211-scaled.jpg?fit=2560%2C1441&ssl=1\",\"width\":2560,\"height\":1441},{\"@type\":\"BreadcrumbList\",\"@id\":\"https:\\\/\\\/www.jazzzeitung.de\\\/cms\\\/2025\\\/07\\\/alto-adige-jazzfestival-2025-sound-expeditionen-in-bunker-und-berge\\\/#breadcrumb\",\"itemListElement\":[{\"@type\":\"ListItem\",\"position\":1,\"name\":\"Startseite\",\"item\":\"https:\\\/\\\/www.jazzzeitung.de\\\/cms\\\/\"},{\"@type\":\"ListItem\",\"position\":2,\"name\":\"Alto Adige Jazzfestival 2025: Sound-Expeditionen in Bunker und Berge\"}]},{\"@type\":\"WebSite\",\"@id\":\"https:\\\/\\\/www.jazzzeitung.de\\\/cms\\\/#website\",\"url\":\"https:\\\/\\\/www.jazzzeitung.de\\\/cms\\\/\",\"name\":\"JazzZeitung\",\"description\":\"Jazz-News und Jazz-Kontroverses\",\"publisher\":{\"@id\":\"https:\\\/\\\/www.jazzzeitung.de\\\/cms\\\/#organization\"},\"potentialAction\":[{\"@type\":\"SearchAction\",\"target\":{\"@type\":\"EntryPoint\",\"urlTemplate\":\"https:\\\/\\\/www.jazzzeitung.de\\\/cms\\\/?s={search_term_string}\"},\"query-input\":{\"@type\":\"PropertyValueSpecification\",\"valueRequired\":true,\"valueName\":\"search_term_string\"}}],\"inLanguage\":\"de\"},{\"@type\":\"Organization\",\"@id\":\"https:\\\/\\\/www.jazzzeitung.de\\\/cms\\\/#organization\",\"name\":\"JazzZeitung online\",\"url\":\"https:\\\/\\\/www.jazzzeitung.de\\\/cms\\\/\",\"logo\":{\"@type\":\"ImageObject\",\"inLanguage\":\"de\",\"@id\":\"https:\\\/\\\/www.jazzzeitung.de\\\/cms\\\/#\\\/schema\\\/logo\\\/image\\\/\",\"url\":\"https:\\\/\\\/i0.wp.com\\\/www.jazzzeitung.de\\\/cms\\\/wp-content\\\/uploads\\\/2015\\\/08\\\/JAZZZEITUNGDE_Logo_Neu.png?fit=499%2C200&ssl=1\",\"contentUrl\":\"https:\\\/\\\/i0.wp.com\\\/www.jazzzeitung.de\\\/cms\\\/wp-content\\\/uploads\\\/2015\\\/08\\\/JAZZZEITUNGDE_Logo_Neu.png?fit=499%2C200&ssl=1\",\"width\":499,\"height\":200,\"caption\":\"JazzZeitung online\"},\"image\":{\"@id\":\"https:\\\/\\\/www.jazzzeitung.de\\\/cms\\\/#\\\/schema\\\/logo\\\/image\\\/\"},\"sameAs\":[\"https:\\\/\\\/www.facebook.com\\\/JazzZeitung\\\/\"]},{\"@type\":\"Person\",\"@id\":\"https:\\\/\\\/www.jazzzeitung.de\\\/cms\\\/#\\\/schema\\\/person\\\/2245b36b9cd1d24cea10f01c031fb92b\",\"name\":\"Redaktion JazzZeitung\",\"image\":{\"@type\":\"ImageObject\",\"inLanguage\":\"de\",\"@id\":\"https:\\\/\\\/i0.wp.com\\\/www.jazzzeitung.de\\\/cms\\\/wp-content\\\/uploads\\\/2015\\\/08\\\/JAZZZEITUNGDE_Logo_Neu.png?resize=96%2C96&ssl=159975dcacb611b5700bd619b5daf0a7a\",\"url\":\"https:\\\/\\\/i0.wp.com\\\/www.jazzzeitung.de\\\/cms\\\/wp-content\\\/uploads\\\/2015\\\/08\\\/JAZZZEITUNGDE_Logo_Neu.png?resize=96%2C96&ssl=1\",\"contentUrl\":\"https:\\\/\\\/i0.wp.com\\\/www.jazzzeitung.de\\\/cms\\\/wp-content\\\/uploads\\\/2015\\\/08\\\/JAZZZEITUNGDE_Logo_Neu.png?resize=96%2C96&ssl=1\",\"caption\":\"Redaktion JazzZeitung\"},\"description\":\"Artikel der Redaktion der JazzZeitung.\",\"sameAs\":[\"http:\\\/\\\/www.jazzzeitung.de\\\/cms\\\/\"],\"url\":\"https:\\\/\\\/www.jazzzeitung.de\\\/cms\\\/author\\\/redaktion\\\/\"}]}<\/script>\n<!-- \/ Yoast SEO plugin. -->","yoast_head_json":{"title":"Alto Adige Jazzfestival 2025: Sound-Expeditionen in Bunker und Berge - JazzZeitung","robots":{"index":"index","follow":"follow","max-snippet":"max-snippet:-1","max-image-preview":"max-image-preview:large","max-video-preview":"max-video-preview:-1"},"canonical":"https:\/\/www.jazzzeitung.de\/cms\/2025\/07\/alto-adige-jazzfestival-2025-sound-expeditionen-in-bunker-und-berge\/","og_locale":"de_DE","og_type":"article","og_title":"Alto Adige Jazzfestival 2025: Sound-Expeditionen in Bunker und Berge - JazzZeitung","og_description":"An \u00fcberraschenden Orten durch die verbindende Sprache der Musik ein intensives soziales Miteinander zu erzeugen \u2013 darum ging es auch im weiteren Verlauf des Alto Adige Jazzfestival 2025. In Bunkersystemen und einem ehemaligen Gef\u00e4ngnishof, in zwei Bergstollen hoch oben in unwirtlicher Umgebung, aber auch in alten Gasth\u00e4usern und in einer Schnapsbrennerei. Und ja \u2013 dieser Zustand des Reisens im Rahmen eines Festivalprogramms verdichtete das Kernanliegen, um das es geht. Frei improvisierte Kl\u00e4nge aus Saxofonen wurden zum Bestandteil einer Sound-Arch\u00e4ologie, in einem 1943 von der Wehrmacht errichteten Bunkersystem am Rande von Bozen. Dan Kinzelman und die argentinische Saxophonistin Camila Nebbia verwandelten die unterirdische Anlage in einen Resonanzraum f\u00fcr eine besondere &#8222;Unterweltprozession&#8220; mit dem Publikum. Zwei Saxophone addierten sich in der zerkl\u00fcfteten Akustik dieses Gew\u00f6lbes zu einer symboltr\u00e4chtigen Sound-Skulptur. Meditierende, beschw\u00f6rende, klagende, manchmal z\u00e4rtliche Laut\u00e4u\u00dferungen dialogisierten vielschichtig zwischen metallischen Obert\u00f6nen, Atemz\u00fcge produzierten Echos, die sich in den G\u00e4ngen verloren und wiederfanden. Schlie\u00dflich begaben sich Camila Nebbia und Dan Kinzelman noch in einen kleinen &#8222;See&#8220; am Ende der H\u00f6hle hinein \u2013 das h\u00e4tte auch in eine Wagner-Inszenierung hineingepasst. Bei all dem geht es beim S\u00fcdtirol Jazzfestival Alto Adige &hellip;","og_url":"https:\/\/www.jazzzeitung.de\/cms\/2025\/07\/alto-adige-jazzfestival-2025-sound-expeditionen-in-bunker-und-berge\/","og_site_name":"JazzZeitung","article_publisher":"https:\/\/www.facebook.com\/JazzZeitung\/","article_published_time":"2025-07-11T08:36:42+00:00","og_image":[{"width":2560,"height":1441,"url":"https:\/\/i0.wp.com\/www.jazzzeitung.de\/cms\/wp-content\/uploads\/2025\/07\/DSC06211-scaled.jpg?fit=2560%2C1441&ssl=1","type":"image\/jpeg"}],"author":"Redaktion JazzZeitung","schema":{"@context":"https:\/\/schema.org","@graph":[{"@type":"Article","@id":"https:\/\/www.jazzzeitung.de\/cms\/2025\/07\/alto-adige-jazzfestival-2025-sound-expeditionen-in-bunker-und-berge\/#article","isPartOf":{"@id":"https:\/\/www.jazzzeitung.de\/cms\/2025\/07\/alto-adige-jazzfestival-2025-sound-expeditionen-in-bunker-und-berge\/"},"author":{"name":"Redaktion JazzZeitung","@id":"https:\/\/www.jazzzeitung.de\/cms\/#\/schema\/person\/2245b36b9cd1d24cea10f01c031fb92b"},"headline":"Alto Adige Jazzfestival 2025: Sound-Expeditionen in Bunker und Berge","datePublished":"2025-07-11T08:36:42+00:00","mainEntityOfPage":{"@id":"https:\/\/www.jazzzeitung.de\/cms\/2025\/07\/alto-adige-jazzfestival-2025-sound-expeditionen-in-bunker-und-berge\/"},"wordCount":1088,"commentCount":0,"publisher":{"@id":"https:\/\/www.jazzzeitung.de\/cms\/#organization"},"image":{"@id":"https:\/\/www.jazzzeitung.de\/cms\/2025\/07\/alto-adige-jazzfestival-2025-sound-expeditionen-in-bunker-und-berge\/#primaryimage"},"thumbnailUrl":"https:\/\/i0.wp.com\/www.jazzzeitung.de\/cms\/wp-content\/uploads\/2025\/07\/DSC06211-scaled.jpg?fit=2560%2C1441&ssl=1","articleSection":["Bericht"],"inLanguage":"de","potentialAction":[{"@type":"CommentAction","name":"Comment","target":["https:\/\/www.jazzzeitung.de\/cms\/2025\/07\/alto-adige-jazzfestival-2025-sound-expeditionen-in-bunker-und-berge\/#respond"]}]},{"@type":"WebPage","@id":"https:\/\/www.jazzzeitung.de\/cms\/2025\/07\/alto-adige-jazzfestival-2025-sound-expeditionen-in-bunker-und-berge\/","url":"https:\/\/www.jazzzeitung.de\/cms\/2025\/07\/alto-adige-jazzfestival-2025-sound-expeditionen-in-bunker-und-berge\/","name":"Alto Adige Jazzfestival 2025: Sound-Expeditionen in Bunker und Berge - JazzZeitung","isPartOf":{"@id":"https:\/\/www.jazzzeitung.de\/cms\/#website"},"primaryImageOfPage":{"@id":"https:\/\/www.jazzzeitung.de\/cms\/2025\/07\/alto-adige-jazzfestival-2025-sound-expeditionen-in-bunker-und-berge\/#primaryimage"},"image":{"@id":"https:\/\/www.jazzzeitung.de\/cms\/2025\/07\/alto-adige-jazzfestival-2025-sound-expeditionen-in-bunker-und-berge\/#primaryimage"},"thumbnailUrl":"https:\/\/i0.wp.com\/www.jazzzeitung.de\/cms\/wp-content\/uploads\/2025\/07\/DSC06211-scaled.jpg?fit=2560%2C1441&ssl=1","datePublished":"2025-07-11T08:36:42+00:00","breadcrumb":{"@id":"https:\/\/www.jazzzeitung.de\/cms\/2025\/07\/alto-adige-jazzfestival-2025-sound-expeditionen-in-bunker-und-berge\/#breadcrumb"},"inLanguage":"de","potentialAction":[{"@type":"ReadAction","target":["https:\/\/www.jazzzeitung.de\/cms\/2025\/07\/alto-adige-jazzfestival-2025-sound-expeditionen-in-bunker-und-berge\/"]}]},{"@type":"ImageObject","inLanguage":"de","@id":"https:\/\/www.jazzzeitung.de\/cms\/2025\/07\/alto-adige-jazzfestival-2025-sound-expeditionen-in-bunker-und-berge\/#primaryimage","url":"https:\/\/i0.wp.com\/www.jazzzeitung.de\/cms\/wp-content\/uploads\/2025\/07\/DSC06211-scaled.jpg?fit=2560%2C1441&ssl=1","contentUrl":"https:\/\/i0.wp.com\/www.jazzzeitung.de\/cms\/wp-content\/uploads\/2025\/07\/DSC06211-scaled.jpg?fit=2560%2C1441&ssl=1","width":2560,"height":1441},{"@type":"BreadcrumbList","@id":"https:\/\/www.jazzzeitung.de\/cms\/2025\/07\/alto-adige-jazzfestival-2025-sound-expeditionen-in-bunker-und-berge\/#breadcrumb","itemListElement":[{"@type":"ListItem","position":1,"name":"Startseite","item":"https:\/\/www.jazzzeitung.de\/cms\/"},{"@type":"ListItem","position":2,"name":"Alto Adige Jazzfestival 2025: Sound-Expeditionen in Bunker und Berge"}]},{"@type":"WebSite","@id":"https:\/\/www.jazzzeitung.de\/cms\/#website","url":"https:\/\/www.jazzzeitung.de\/cms\/","name":"JazzZeitung","description":"Jazz-News und Jazz-Kontroverses","publisher":{"@id":"https:\/\/www.jazzzeitung.de\/cms\/#organization"},"potentialAction":[{"@type":"SearchAction","target":{"@type":"EntryPoint","urlTemplate":"https:\/\/www.jazzzeitung.de\/cms\/?s={search_term_string}"},"query-input":{"@type":"PropertyValueSpecification","valueRequired":true,"valueName":"search_term_string"}}],"inLanguage":"de"},{"@type":"Organization","@id":"https:\/\/www.jazzzeitung.de\/cms\/#organization","name":"JazzZeitung online","url":"https:\/\/www.jazzzeitung.de\/cms\/","logo":{"@type":"ImageObject","inLanguage":"de","@id":"https:\/\/www.jazzzeitung.de\/cms\/#\/schema\/logo\/image\/","url":"https:\/\/i0.wp.com\/www.jazzzeitung.de\/cms\/wp-content\/uploads\/2015\/08\/JAZZZEITUNGDE_Logo_Neu.png?fit=499%2C200&ssl=1","contentUrl":"https:\/\/i0.wp.com\/www.jazzzeitung.de\/cms\/wp-content\/uploads\/2015\/08\/JAZZZEITUNGDE_Logo_Neu.png?fit=499%2C200&ssl=1","width":499,"height":200,"caption":"JazzZeitung online"},"image":{"@id":"https:\/\/www.jazzzeitung.de\/cms\/#\/schema\/logo\/image\/"},"sameAs":["https:\/\/www.facebook.com\/JazzZeitung\/"]},{"@type":"Person","@id":"https:\/\/www.jazzzeitung.de\/cms\/#\/schema\/person\/2245b36b9cd1d24cea10f01c031fb92b","name":"Redaktion JazzZeitung","image":{"@type":"ImageObject","inLanguage":"de","@id":"https:\/\/i0.wp.com\/www.jazzzeitung.de\/cms\/wp-content\/uploads\/2015\/08\/JAZZZEITUNGDE_Logo_Neu.png?resize=96%2C96&ssl=159975dcacb611b5700bd619b5daf0a7a","url":"https:\/\/i0.wp.com\/www.jazzzeitung.de\/cms\/wp-content\/uploads\/2015\/08\/JAZZZEITUNGDE_Logo_Neu.png?resize=96%2C96&ssl=1","contentUrl":"https:\/\/i0.wp.com\/www.jazzzeitung.de\/cms\/wp-content\/uploads\/2015\/08\/JAZZZEITUNGDE_Logo_Neu.png?resize=96%2C96&ssl=1","caption":"Redaktion JazzZeitung"},"description":"Artikel der Redaktion der JazzZeitung.","sameAs":["http:\/\/www.jazzzeitung.de\/cms\/"],"url":"https:\/\/www.jazzzeitung.de\/cms\/author\/redaktion\/"}]}},"wp-worthy-pixel":{"ignored":false,"public":null,"server":null,"url":null},"wp-worthy-type":"normal","jetpack_publicize_connections":[],"cc_featured_image_caption":{"caption_text":"","source_text":"","source_url":""},"jetpack_featured_media_url":"https:\/\/i0.wp.com\/www.jazzzeitung.de\/cms\/wp-content\/uploads\/2025\/07\/DSC06211-scaled.jpg?fit=2560%2C1441&ssl=1","jetpack_shortlink":"https:\/\/wp.me\/p3KEcT-8wX","jetpack-related-posts":[{"id":22336,"url":"https:\/\/www.jazzzeitung.de\/cms\/2020\/04\/newssuedtirol-jazzfestival-alto-adige-2020-abgesagtmoers-jazzfestival-soll-stattfinden\/","url_meta":{"origin":32795,"position":0},"title":"news+++S\u00fcdtirol Jazzfestival Alto Adige 2020 abgesagt+++Moers Jazzfestival soll stattfinden+++","author":"Redaktion JazzZeitung","date":"11. April 2020","format":false,"excerpt":"Eine weitere Festival-Absage Das S\u00fcdtirol Jazzfestival Alto Adige findet dieses Jahr zum ersten Mal in 38 Jahren nicht statt. Die Pandemie hat auch die Veranstalter in S\u00fcdtirol gezwungen, Festivals, Konzerte usw. abzusagen. Das Programm des Festivals sollte eigentlich eine Reise in den osteurop\u00e4ischen Jazz sein, Name des Themas: \u201eGegen den\u2026","rel":"","context":"In &quot;News&quot;","block_context":{"text":"News","link":"https:\/\/www.jazzzeitung.de\/cms\/thema\/nachrichten\/"},"img":{"alt_text":"","src":"https:\/\/www.jazzzeitung.de\/cms\/wp-content\/uploads\/2020\/03\/Beitragsbild-beschnitten-e1583498329553.bmp","width":350,"height":200,"srcset":"https:\/\/www.jazzzeitung.de\/cms\/wp-content\/uploads\/2020\/03\/Beitragsbild-beschnitten-e1583498329553.bmp 1x, https:\/\/www.jazzzeitung.de\/cms\/wp-content\/uploads\/2020\/03\/Beitragsbild-beschnitten-e1583498329553.bmp 1.5x, https:\/\/www.jazzzeitung.de\/cms\/wp-content\/uploads\/2020\/03\/Beitragsbild-beschnitten-e1583498329553.bmp 2x, https:\/\/www.jazzzeitung.de\/cms\/wp-content\/uploads\/2020\/03\/Beitragsbild-beschnitten-e1583498329553.bmp 3x"},"classes":[]},{"id":12848,"url":"https:\/\/www.jazzzeitung.de\/cms\/2017\/07\/bergklaenge-und-stadtkultur-das-suedtirol-jazzfestival-alto-adige-geht-in-die-35-runde\/","url_meta":{"origin":32795,"position":1},"title":"Bergkl\u00e4nge und Stadtkultur &#8211; das S\u00fcdtirol Jazzfestival Alto Adige geht in die 35. Runde","author":"Redaktion JazzZeitung","date":"3. Juli 2017","format":false,"excerpt":"Klaus Widmann traut sich was. Denn er widersetzt sich als k\u00fcnstlerischer Leiter souver\u00e4n den Gesetzen der Festivalwelt, die in der Regel Aufmerksamkeit \u00fcber Prominenz generiert, und gestaltet das S\u00fcdtirol Jazzfestival Alto Adige \u00fcberwiegend mit Musikern, die erst noch entdeckt werden wollen. \u201eMich interessieren die jungen Leute und ihre Ideen\u201c, meint\u2026","rel":"","context":"In &quot;Bericht&quot;","block_context":{"text":"Bericht","link":"https:\/\/www.jazzzeitung.de\/cms\/thema\/bericht\/"},"img":{"alt_text":"","src":"https:\/\/i0.wp.com\/www.jazzzeitung.de\/cms\/wp-content\/uploads\/2017\/07\/0K3A1103-Reinier-Baas-dombr.jpg?resize=350%2C200","width":350,"height":200,"srcset":"https:\/\/i0.wp.com\/www.jazzzeitung.de\/cms\/wp-content\/uploads\/2017\/07\/0K3A1103-Reinier-Baas-dombr.jpg?resize=350%2C200 1x, https:\/\/i0.wp.com\/www.jazzzeitung.de\/cms\/wp-content\/uploads\/2017\/07\/0K3A1103-Reinier-Baas-dombr.jpg?resize=525%2C300 1.5x, https:\/\/i0.wp.com\/www.jazzzeitung.de\/cms\/wp-content\/uploads\/2017\/07\/0K3A1103-Reinier-Baas-dombr.jpg?resize=700%2C400 2x"},"classes":[]},{"id":8122,"url":"https:\/\/www.jazzzeitung.de\/cms\/2016\/01\/suedtirol-jazzfestival-alto-adige-2016-startet-die-naechste-runde\/","url_meta":{"origin":32795,"position":2},"title":"Save the Date: S\u00fcdtirol Jazzfestival Alto Adige 2016 startet in die n\u00e4chste Runde","author":"Redaktion JazzZeitung","date":"16. Januar 2016","format":false,"excerpt":"Nach dem Festival ist vor dem Festival: Die Vorbereitungen auf das S\u00fcdtirol Jazzfestival Alto Adige 2016 laufen bereits auf Hochtouren, die Er\u00f6ffnung ist am 24. Juni 2016. Dieses Jahr findet das S\u00fcdtirol Jazzfestival Alto Adige bereits in seiner 34. Auflage statt. Wie jedes Jahr sind auch f\u00fcr das bevorstehende Event\u2026","rel":"","context":"In &quot;News&quot;","block_context":{"text":"News","link":"https:\/\/www.jazzzeitung.de\/cms\/thema\/nachrichten\/"},"img":{"alt_text":"Das 34. S\u00fcdtirol Jazzfestival Alto Adige - dieses Jahr mit dem Schwerpunkt auf \u00d6sterreich und Italien. Foto: G. Pichler","src":"https:\/\/i0.wp.com\/www.jazzzeitung.de\/cms\/wp-content\/uploads\/2016\/01\/SJF15-0701-Waltherplatz-Three-Trapped-Tigers-c-GPichler-14-150x150.jpg?resize=350%2C200","width":350,"height":200},"classes":[]},{"id":3508,"url":"https:\/\/www.jazzzeitung.de\/cms\/2014\/02\/suedtirol-jazzfestival-alto-adige-2014-mit-chickcorea\/","url_meta":{"origin":32795,"position":3},"title":"S\u00fcdtirol Jazzfestival Alto Adige 2014 \u2013 mit ChickCorea","author":"Redaktion JazzZeitung","date":"21. Februar 2014","format":false,"excerpt":"Vom Freitag, den 27. Juni bis Sonntag, 6. Juli 2014 wird in S\u00fcdtirol wieder der Jazz dominieren. Zum 32. Mal in Folge findet in diesem Jahr das beliebte S\u00fcdtirol Jazz Festival Alto Adige statt.\u00a0 So unterschiedlich wie die Musik der auftretenden K\u00fcnstler sind auch in jedem Jahr die Austragungsorte der\u2026","rel":"","context":"In &quot;News&quot;","block_context":{"text":"News","link":"https:\/\/www.jazzzeitung.de\/cms\/thema\/nachrichten\/"},"img":{"alt_text":"S\u00fcdtiroler Jazzfestival Alto Adige","src":"https:\/\/i0.wp.com\/www.jazzzeitung.de\/cms\/wp-content\/uploads\/2014\/02\/Jazz-Design-2014-2-150x150.jpg?resize=350%2C200","width":350,"height":200},"classes":[]},{"id":8716,"url":"https:\/\/www.jazzzeitung.de\/cms\/2016\/03\/das-suedtirol-jazzfestival-alto-adige-kennt-keine-grenzen\/","url_meta":{"origin":32795,"position":4},"title":"Das S\u00fcdtirol Jazzfestival Alto Adige kennt keine Grenzen&#8230;","author":"Redaktion JazzZeitung","date":"17. M\u00e4rz 2016","format":false,"excerpt":"Zum 34. Mal wird das S\u00fcdtirol Jazzfestival Alto Adige auf die B\u00fchne(n) gebracht \u2013 und bespielt wie in den vergangenen Jahren wiederum ganz S\u00fcdtirol. Von der Er\u00f6ffnung am Freitag, 24. Juni bis zum Abschluss am Sonntag, 3. Juli, zieht der bunte Jazz-Tross auf knapp 60 Schaupl\u00e4tzen in 20 S\u00fcdtiroler Gemeinden\u2026","rel":"","context":"In &quot;News&quot;","block_context":{"text":"News","link":"https:\/\/www.jazzzeitung.de\/cms\/thema\/nachrichten\/"},"img":{"alt_text":"Perhaps Contraption - Ritten. Foto: G. Pichler","src":"https:\/\/i0.wp.com\/www.jazzzeitung.de\/cms\/wp-content\/uploads\/2016\/03\/Perhaps-Contraption-Ritten-c-G.-Pichler-150x150.jpg?resize=350%2C200","width":350,"height":200},"classes":[]},{"id":29703,"url":"https:\/\/www.jazzzeitung.de\/cms\/2023\/07\/das-suedtirol-jazzfestival-alto-adige-hat-begonnen\/","url_meta":{"origin":32795,"position":5},"title":"Vielfalt pur \u2013 das S\u00fcdtirol Jazzfestival Alto Adige hat begonnen","author":"Andreas Kolb","date":"4. Juli 2023","format":false,"excerpt":"Seit Jahrhunderten gibt es viele Gr\u00fcnde f\u00fcr einen Deutschen, die Alpen zu \u00fcberqueren. Seit 2004 einen weiteren: Das Jazzfestival S\u00fcdtirol Alto Adige. In diesem Jahr hatte der praktische Arzt, Bergsteiger und Gitarrenmusik- und Jazz-Liebhaber Klaus Widmann das S\u00fcdtirol Jazzfestival von Gr\u00fcnder Nicola Ciardi \u00fcbernommen und machte es \u00fcber die Jahre\u2026","rel":"","context":"In &quot;Bericht&quot;","block_context":{"text":"Bericht","link":"https:\/\/www.jazzzeitung.de\/cms\/thema\/bericht\/"},"img":{"alt_text":"","src":"https:\/\/i0.wp.com\/www.jazzzeitung.de\/cms\/wp-content\/uploads\/2023\/07\/Altoadige-Jazz-2023La-Litanie-des-Cimes.jpg?fit=1200%2C800&ssl=1&resize=350%2C200","width":350,"height":200,"srcset":"https:\/\/i0.wp.com\/www.jazzzeitung.de\/cms\/wp-content\/uploads\/2023\/07\/Altoadige-Jazz-2023La-Litanie-des-Cimes.jpg?fit=1200%2C800&ssl=1&resize=350%2C200 1x, https:\/\/i0.wp.com\/www.jazzzeitung.de\/cms\/wp-content\/uploads\/2023\/07\/Altoadige-Jazz-2023La-Litanie-des-Cimes.jpg?fit=1200%2C800&ssl=1&resize=525%2C300 1.5x, https:\/\/i0.wp.com\/www.jazzzeitung.de\/cms\/wp-content\/uploads\/2023\/07\/Altoadige-Jazz-2023La-Litanie-des-Cimes.jpg?fit=1200%2C800&ssl=1&resize=700%2C400 2x, https:\/\/i0.wp.com\/www.jazzzeitung.de\/cms\/wp-content\/uploads\/2023\/07\/Altoadige-Jazz-2023La-Litanie-des-Cimes.jpg?fit=1200%2C800&ssl=1&resize=1050%2C600 3x"},"classes":[]}],"jetpack_sharing_enabled":true,"_links":{"self":[{"href":"https:\/\/www.jazzzeitung.de\/cms\/wp-json\/wp\/v2\/posts\/32795","targetHints":{"allow":["GET"]}}],"collection":[{"href":"https:\/\/www.jazzzeitung.de\/cms\/wp-json\/wp\/v2\/posts"}],"about":[{"href":"https:\/\/www.jazzzeitung.de\/cms\/wp-json\/wp\/v2\/types\/post"}],"author":[{"embeddable":true,"href":"https:\/\/www.jazzzeitung.de\/cms\/wp-json\/wp\/v2\/users\/18"}],"replies":[{"embeddable":true,"href":"https:\/\/www.jazzzeitung.de\/cms\/wp-json\/wp\/v2\/comments?post=32795"}],"version-history":[{"count":5,"href":"https:\/\/www.jazzzeitung.de\/cms\/wp-json\/wp\/v2\/posts\/32795\/revisions"}],"predecessor-version":[{"id":32810,"href":"https:\/\/www.jazzzeitung.de\/cms\/wp-json\/wp\/v2\/posts\/32795\/revisions\/32810"}],"wp:featuredmedia":[{"embeddable":true,"href":"https:\/\/www.jazzzeitung.de\/cms\/wp-json\/wp\/v2\/media\/32797"}],"wp:attachment":[{"href":"https:\/\/www.jazzzeitung.de\/cms\/wp-json\/wp\/v2\/media?parent=32795"}],"wp:term":[{"taxonomy":"category","embeddable":true,"href":"https:\/\/www.jazzzeitung.de\/cms\/wp-json\/wp\/v2\/categories?post=32795"},{"taxonomy":"post_tag","embeddable":true,"href":"https:\/\/www.jazzzeitung.de\/cms\/wp-json\/wp\/v2\/tags?post=32795"},{"taxonomy":"author","embeddable":true,"href":"https:\/\/www.jazzzeitung.de\/cms\/wp-json\/wp\/v2\/coauthors?post=32795"}],"curies":[{"name":"wp","href":"https:\/\/api.w.org\/{rel}","templated":true}]}}