{"id":32780,"date":"2025-07-08T15:21:51","date_gmt":"2025-07-08T13:21:51","guid":{"rendered":"https:\/\/www.jazzzeitung.de\/cms\/?p=32780"},"modified":"2025-07-08T15:33:43","modified_gmt":"2025-07-08T13:33:43","slug":"regensburg-praesentiert-das-programm-fuer-das-44-bayerische-jazzweekend","status":"publish","type":"post","link":"https:\/\/www.jazzzeitung.de\/cms\/2025\/07\/regensburg-praesentiert-das-programm-fuer-das-44-bayerische-jazzweekend\/","title":{"rendered":"Regensburg pr\u00e4sentiert das Programm f\u00fcr das 44. Bayerische Jazzweekend"},"content":{"rendered":"<p><strong>Von 10. bis 13. Juli 2025 ist Regensburg wieder ganz Jazz<\/strong><\/p>\n<p><strong>Das Programm f\u00fcr das Bayerische Jazzweekend 2025 ist ab sofort unter\u00a0<a href=\"https:\/\/www.jazzwe.de\/\">www.jazzwe.de<\/a> aufrufbar. Ein Programmflyer liegt kurz vor und w\u00e4hrend des Jazzweekends an den g\u00e4ngigen Auflagestellen in der Stadt und an den Spielorten und B\u00fchnen aus. Kurzfristige Programm\u00e4nderungen sind vorbehalten und k\u00f6nnen immer aktuell auf der Website eingesehen werden.<\/strong><\/p>\n<p>Zentrale Anlaufstelle f\u00fcr alle K\u00fcnstlerinnen und K\u00fcnstler und alle Besucherinnen und Besucher des Festivals ist die Jazzweekend-Lounge am Kohlenmarkt. Dort gibt es Ausk\u00fcnfte zum Programm, zu den Spielorten und zu Fragen aller Art.<\/p>\n<p><strong>Programm-Auswahl und Kuratorium 2025<br \/>\n<\/strong>Die Programm-Auswahl f\u00fcr das Jazzweekend wird jedes Jahr von einem Kuratorium unter der k\u00fcnstlerischen Leitung von Christian Sommerer getroffen. Das Gremium setzt sich aus je einem Mitglied des Bayerischen Jazzverbands e. V., den Jazz-Hochschulen in Bayern, der Jazzzeitung, dem Jazzclub Regensburg und der freien Szene zusammen. 2025 wird die freie Jazz-Szene von Marion Dimbath vertreten (unser Titelfoto machte Stefan Effenhauser bei der Pressekonferenz zum Weekend). Die Jazzmusikerin studierte in M\u00fcnchen und W\u00fcrzburg mit Abschluss als Diplom-Musikp\u00e4dagogin und arbeitet als freie Posaunistin, S\u00e4ngerin und Tubistin in verschiedenen Jazz-, Rock- und Popbesetzungen, am Theater und als Lehrerin f\u00fcr Posaune und Euphonium. Vertreterin der Jazz-Hochschulen ist in diesem Jahr die Hochschule f\u00fcr Musik und Theater M\u00fcnchen.<\/p>\n<p><strong>Jazz in der Stadt, eine Stadt im Jazz<br \/>\n<\/strong>Nationale sowie internationale Bands, Kombos und Einzelk\u00fcnstlerinnen und -k\u00fcnstler feiern in \u00fcber 100 kostenfreien Konzerten die unterschiedlichen Facetten und Spielarten des Jazz. Am Bayerischen Jazzweekend verteilen sich insgesamt 16\u00a0Spielorte \u2013 mit gro\u00dfen B\u00fchnen und kleinen Schaupl\u00e4tzen \u2013 auf ganz Regensburg: vom gro\u00dfen Saal im Leeren Beutel zum atmosph\u00e4rischen Innenhof des Rehorik, vom italienischen Restaurant zum vertr\u00e4umten Schlossgarten in Kallm\u00fcnz, vom Schiffsanleger am Marc-Aurel-Ufer bis hin zum ehrw\u00fcrdigen Thon-Dittmer-Palais. Den Auftakt des Jazzweekends macht traditionell der Regensburger Gewerbepark auf seiner Piazza am Donnerstag, 10. Juli 2025, mit B\u00fchnenprogramm ab 17.30\u00a0Uhr. Offiziell er\u00f6ffnet wird das Jazzweekend am Freitag, 11. Juli 2025, um 18 Uhr auf dem Bismarckplatz mit dem Landesjugendjazzorchester Bayern.<\/p>\n<p><strong>Junger Jazz und au\u00dfergew\u00f6hnliche Fusionen aus der nationalen Jazzszene<br \/>\n<\/strong>Zahlreiche nationale Jazzmusikerinnen und Jazzmusiker, Bands und Kombos sind in diesem Jahr wieder in Regensburg vertreten. Sie kommen aus Berlin, Hamburg, K\u00f6ln, Dresden, Leipzig, Stuttgart sowie aus zahlreichen bayerischen St\u00e4dten zum Jazzweekend.<\/p>\n<div class=\"tiled-gallery type-rectangular tiled-gallery-unresized\" data-original-width=\"840\" data-carousel-extra='{&quot;blog_id&quot;:1,&quot;permalink&quot;:&quot;https:\\\/\\\/www.jazzzeitung.de\\\/cms\\\/2025\\\/07\\\/regensburg-praesentiert-das-programm-fuer-das-44-bayerische-jazzweekend\\\/&quot;,&quot;likes_blog_id&quot;:55446655}' itemscope itemtype=\"http:\/\/schema.org\/ImageGallery\" > <div class=\"gallery-row\" style=\"width: 840px; height: 239px;\" data-original-width=\"840\" data-original-height=\"239\" > <div class=\"gallery-group images-1\" style=\"width: 161px; height: 239px;\" data-original-width=\"161\" data-original-height=\"239\" > <div class=\"tiled-gallery-item tiled-gallery-item-small\" itemprop=\"associatedMedia\" itemscope itemtype=\"http:\/\/schema.org\/ImageObject\"> <a href=\"https:\/\/www.jazzzeitung.de\/cms\/2025\/07\/regensburg-praesentiert-das-programm-fuer-das-44-bayerische-jazzweekend\/baritonia_c-silas-isenmann\/\" border=\"0\" itemprop=\"url\"> <meta itemprop=\"width\" content=\"157\"> <meta itemprop=\"height\" content=\"235\"> <img decoding=\"async\" class=\"\" data-attachment-id=\"32785\" data-orig-file=\"https:\/\/www.jazzzeitung.de\/cms\/wp-content\/uploads\/2025\/07\/Baritonia_C-Silas-Isenmann-scaled.jpg\" data-orig-size=\"1707,2560\" data-comments-opened=\"1\" data-image-meta=\"{&quot;aperture&quot;:&quot;3.5&quot;,&quot;credit&quot;:&quot;&quot;,&quot;camera&quot;:&quot;ILCE-6600&quot;,&quot;caption&quot;:&quot;&quot;,&quot;created_timestamp&quot;:&quot;1670074047&quot;,&quot;copyright&quot;:&quot;&quot;,&quot;focal_length&quot;:&quot;23&quot;,&quot;iso&quot;:&quot;100&quot;,&quot;shutter_speed&quot;:&quot;0.8&quot;,&quot;title&quot;:&quot;&quot;,&quot;orientation&quot;:&quot;1&quot;}\" data-image-title=\"\" data-image-description=\"\" data-medium-file=\"https:\/\/i0.wp.com\/www.jazzzeitung.de\/cms\/wp-content\/uploads\/2025\/07\/Baritonia_C-Silas-Isenmann-scaled.jpg?fit=200%2C300&#038;ssl=1\" data-large-file=\"https:\/\/i0.wp.com\/www.jazzzeitung.de\/cms\/wp-content\/uploads\/2025\/07\/Baritonia_C-Silas-Isenmann-scaled.jpg?fit=400%2C600&#038;ssl=1\" src=\"https:\/\/i0.wp.com\/www.jazzzeitung.de\/cms\/wp-content\/uploads\/2025\/07\/Baritonia_C-Silas-Isenmann-scaled.jpg?w=157&#038;h=235&#038;ssl=1\" srcset=\"https:\/\/i0.wp.com\/www.jazzzeitung.de\/cms\/wp-content\/uploads\/2025\/07\/Baritonia_C-Silas-Isenmann-scaled.jpg?w=1707&amp;ssl=1 1707w, https:\/\/i0.wp.com\/www.jazzzeitung.de\/cms\/wp-content\/uploads\/2025\/07\/Baritonia_C-Silas-Isenmann-scaled.jpg?resize=200%2C300&amp;ssl=1 200w, https:\/\/i0.wp.com\/www.jazzzeitung.de\/cms\/wp-content\/uploads\/2025\/07\/Baritonia_C-Silas-Isenmann-scaled.jpg?resize=400%2C600&amp;ssl=1 400w, https:\/\/i0.wp.com\/www.jazzzeitung.de\/cms\/wp-content\/uploads\/2025\/07\/Baritonia_C-Silas-Isenmann-scaled.jpg?resize=768%2C1152&amp;ssl=1 768w, https:\/\/i0.wp.com\/www.jazzzeitung.de\/cms\/wp-content\/uploads\/2025\/07\/Baritonia_C-Silas-Isenmann-scaled.jpg?resize=1024%2C1536&amp;ssl=1 1024w, https:\/\/i0.wp.com\/www.jazzzeitung.de\/cms\/wp-content\/uploads\/2025\/07\/Baritonia_C-Silas-Isenmann-scaled.jpg?resize=1365%2C2048&amp;ssl=1 1365w, https:\/\/i0.wp.com\/www.jazzzeitung.de\/cms\/wp-content\/uploads\/2025\/07\/Baritonia_C-Silas-Isenmann-scaled.jpg?resize=1320%2C1980&amp;ssl=1 1320w\" width=\"157\" height=\"235\" loading=\"lazy\" data-original-width=\"157\" data-original-height=\"235\" itemprop=\"http:\/\/schema.org\/image\" title=\"\" alt=\"BMW Young Artist Jazz Preistr\u00e4gerin Valentina Oefele mit ihrem Projekt Baritonia. Foto: Silas Isenmann\" style=\"width: 157px; height: 235px;\" \/> <\/a> <div class=\"tiled-gallery-caption\" itemprop=\"caption description\"> BMW Young Artist Jazz Preistr\u00e4gerin Valentina Oefele mit ihrem Projekt Baritonia. Foto: Silas Isenmann <\/div> <\/div> <\/div> <!-- close group --> <div class=\"gallery-group images-1\" style=\"width: 357px; height: 239px;\" data-original-width=\"357\" data-original-height=\"239\" > <div class=\"tiled-gallery-item tiled-gallery-item-large\" itemprop=\"associatedMedia\" itemscope itemtype=\"http:\/\/schema.org\/ImageObject\"> <a href=\"https:\/\/www.jazzzeitung.de\/cms\/2025\/07\/regensburg-praesentiert-das-programm-fuer-das-44-bayerische-jazzweekend\/siea_c-christoph-lohr\/\" border=\"0\" itemprop=\"url\"> <meta itemprop=\"width\" content=\"353\"> <meta itemprop=\"height\" content=\"235\"> <img decoding=\"async\" class=\"\" data-attachment-id=\"32786\" data-orig-file=\"https:\/\/www.jazzzeitung.de\/cms\/wp-content\/uploads\/2025\/07\/SiEA_C-Christoph-Lohr.jpg\" data-orig-size=\"567,378\" data-comments-opened=\"1\" data-image-meta=\"{&quot;aperture&quot;:&quot;1.4&quot;,&quot;credit&quot;:&quot;&quot;,&quot;camera&quot;:&quot;X-E1&quot;,&quot;caption&quot;:&quot;&quot;,&quot;created_timestamp&quot;:&quot;1612617372&quot;,&quot;copyright&quot;:&quot;&quot;,&quot;focal_length&quot;:&quot;35&quot;,&quot;iso&quot;:&quot;800&quot;,&quot;shutter_speed&quot;:&quot;0.016666666666667&quot;,&quot;title&quot;:&quot;&quot;,&quot;orientation&quot;:&quot;1&quot;}\" data-image-title=\"\" data-image-description=\"\" data-medium-file=\"https:\/\/i0.wp.com\/www.jazzzeitung.de\/cms\/wp-content\/uploads\/2025\/07\/SiEA_C-Christoph-Lohr.jpg?fit=300%2C200&#038;ssl=1\" data-large-file=\"https:\/\/i0.wp.com\/www.jazzzeitung.de\/cms\/wp-content\/uploads\/2025\/07\/SiEA_C-Christoph-Lohr.jpg?fit=567%2C378&#038;ssl=1\" src=\"https:\/\/i0.wp.com\/www.jazzzeitung.de\/cms\/wp-content\/uploads\/2025\/07\/SiEA_C-Christoph-Lohr.jpg?w=353&#038;h=235&#038;ssl=1\" srcset=\"https:\/\/i0.wp.com\/www.jazzzeitung.de\/cms\/wp-content\/uploads\/2025\/07\/SiEA_C-Christoph-Lohr.jpg?w=567&amp;ssl=1 567w, https:\/\/i0.wp.com\/www.jazzzeitung.de\/cms\/wp-content\/uploads\/2025\/07\/SiEA_C-Christoph-Lohr.jpg?resize=300%2C200&amp;ssl=1 300w, https:\/\/i0.wp.com\/www.jazzzeitung.de\/cms\/wp-content\/uploads\/2025\/07\/SiEA_C-Christoph-Lohr.jpg?resize=120%2C80&amp;ssl=1 120w\" width=\"353\" height=\"235\" loading=\"lazy\" data-original-width=\"353\" data-original-height=\"235\" itemprop=\"http:\/\/schema.org\/image\" title=\"\" alt=\"Feminismus f\u00fcr jedermann: SiEA. Foto: Christoph Lohr\" style=\"width: 353px; height: 235px;\" \/> <\/a> <div class=\"tiled-gallery-caption\" itemprop=\"caption description\"> Feminismus f\u00fcr jedermann: SiEA. Foto: Christoph Lohr <\/div> <\/div> <\/div> <!-- close group --> <div class=\"gallery-group images-1\" style=\"width: 161px; height: 239px;\" data-original-width=\"161\" data-original-height=\"239\" > <div class=\"tiled-gallery-item tiled-gallery-item-small\" itemprop=\"associatedMedia\" itemscope itemtype=\"http:\/\/schema.org\/ImageObject\"> <a href=\"https:\/\/www.jazzzeitung.de\/cms\/2025\/07\/regensburg-praesentiert-das-programm-fuer-das-44-bayerische-jazzweekend\/binary-boy_c-luis-welz\/\" border=\"0\" itemprop=\"url\"> <meta itemprop=\"width\" content=\"157\"> <meta itemprop=\"height\" content=\"235\"> <img decoding=\"async\" class=\"\" data-attachment-id=\"32787\" data-orig-file=\"https:\/\/www.jazzzeitung.de\/cms\/wp-content\/uploads\/2025\/07\/Binary-Boy_C-Luis-Welz.jpg\" data-orig-size=\"567,850\" data-comments-opened=\"1\" data-image-meta=\"{&quot;aperture&quot;:&quot;0&quot;,&quot;credit&quot;:&quot;&quot;,&quot;camera&quot;:&quot;&quot;,&quot;caption&quot;:&quot;&quot;,&quot;created_timestamp&quot;:&quot;0&quot;,&quot;copyright&quot;:&quot;&quot;,&quot;focal_length&quot;:&quot;0&quot;,&quot;iso&quot;:&quot;0&quot;,&quot;shutter_speed&quot;:&quot;0&quot;,&quot;title&quot;:&quot;&quot;,&quot;orientation&quot;:&quot;1&quot;}\" data-image-title=\"\" data-image-description=\"\" data-medium-file=\"https:\/\/i0.wp.com\/www.jazzzeitung.de\/cms\/wp-content\/uploads\/2025\/07\/Binary-Boy_C-Luis-Welz.jpg?fit=200%2C300&#038;ssl=1\" data-large-file=\"https:\/\/i0.wp.com\/www.jazzzeitung.de\/cms\/wp-content\/uploads\/2025\/07\/Binary-Boy_C-Luis-Welz.jpg?fit=400%2C600&#038;ssl=1\" src=\"https:\/\/i0.wp.com\/www.jazzzeitung.de\/cms\/wp-content\/uploads\/2025\/07\/Binary-Boy_C-Luis-Welz.jpg?w=157&#038;h=235&#038;ssl=1\" srcset=\"https:\/\/i0.wp.com\/www.jazzzeitung.de\/cms\/wp-content\/uploads\/2025\/07\/Binary-Boy_C-Luis-Welz.jpg?w=567&amp;ssl=1 567w, https:\/\/i0.wp.com\/www.jazzzeitung.de\/cms\/wp-content\/uploads\/2025\/07\/Binary-Boy_C-Luis-Welz.jpg?resize=200%2C300&amp;ssl=1 200w, https:\/\/i0.wp.com\/www.jazzzeitung.de\/cms\/wp-content\/uploads\/2025\/07\/Binary-Boy_C-Luis-Welz.jpg?resize=400%2C600&amp;ssl=1 400w\" width=\"157\" height=\"235\" loading=\"lazy\" data-original-width=\"157\" data-original-height=\"235\" itemprop=\"http:\/\/schema.org\/image\" title=\"\" alt=\"Binary Boys: Jakob Seeber und Arno Gru\u00dfendorf. Foto: Luis Welz\" style=\"width: 157px; height: 235px;\" \/> <\/a> <div class=\"tiled-gallery-caption\" itemprop=\"caption description\"> Binary Boys: Jakob Seeber und Arno Gru\u00dfendorf. Foto: Luis Welz <\/div> <\/div> <\/div> <!-- close group --> <div class=\"gallery-group images-1\" style=\"width: 161px; height: 239px;\" data-original-width=\"161\" data-original-height=\"239\" > <div class=\"tiled-gallery-item tiled-gallery-item-small\" itemprop=\"associatedMedia\" itemscope itemtype=\"http:\/\/schema.org\/ImageObject\"> <a href=\"https:\/\/www.jazzzeitung.de\/cms\/2025\/07\/regensburg-praesentiert-das-programm-fuer-das-44-bayerische-jazzweekend\/tobias-meinhart-quintett-julia-karosi_c-daniel-gaal\/\" border=\"0\" itemprop=\"url\"> <meta itemprop=\"width\" content=\"157\"> <meta itemprop=\"height\" content=\"235\"> <img decoding=\"async\" class=\"\" data-attachment-id=\"32788\" data-orig-file=\"https:\/\/www.jazzzeitung.de\/cms\/wp-content\/uploads\/2025\/07\/Tobias-Meinhart-Quintett-Julia-Karosi_C-Daniel-Gaal.jpg\" data-orig-size=\"567,850\" data-comments-opened=\"1\" data-image-meta=\"{&quot;aperture&quot;:&quot;0&quot;,&quot;credit&quot;:&quot;&quot;,&quot;camera&quot;:&quot;&quot;,&quot;caption&quot;:&quot;&quot;,&quot;created_timestamp&quot;:&quot;0&quot;,&quot;copyright&quot;:&quot;&quot;,&quot;focal_length&quot;:&quot;0&quot;,&quot;iso&quot;:&quot;0&quot;,&quot;shutter_speed&quot;:&quot;0&quot;,&quot;title&quot;:&quot;&quot;,&quot;orientation&quot;:&quot;1&quot;}\" data-image-title=\"\" data-image-description=\"\" data-medium-file=\"https:\/\/i0.wp.com\/www.jazzzeitung.de\/cms\/wp-content\/uploads\/2025\/07\/Tobias-Meinhart-Quintett-Julia-Karosi_C-Daniel-Gaal.jpg?fit=200%2C300&#038;ssl=1\" data-large-file=\"https:\/\/i0.wp.com\/www.jazzzeitung.de\/cms\/wp-content\/uploads\/2025\/07\/Tobias-Meinhart-Quintett-Julia-Karosi_C-Daniel-Gaal.jpg?fit=400%2C600&#038;ssl=1\" src=\"https:\/\/i0.wp.com\/www.jazzzeitung.de\/cms\/wp-content\/uploads\/2025\/07\/Tobias-Meinhart-Quintett-Julia-Karosi_C-Daniel-Gaal.jpg?w=157&#038;h=235&#038;ssl=1\" srcset=\"https:\/\/i0.wp.com\/www.jazzzeitung.de\/cms\/wp-content\/uploads\/2025\/07\/Tobias-Meinhart-Quintett-Julia-Karosi_C-Daniel-Gaal.jpg?w=567&amp;ssl=1 567w, https:\/\/i0.wp.com\/www.jazzzeitung.de\/cms\/wp-content\/uploads\/2025\/07\/Tobias-Meinhart-Quintett-Julia-Karosi_C-Daniel-Gaal.jpg?resize=200%2C300&amp;ssl=1 200w, https:\/\/i0.wp.com\/www.jazzzeitung.de\/cms\/wp-content\/uploads\/2025\/07\/Tobias-Meinhart-Quintett-Julia-Karosi_C-Daniel-Gaal.jpg?resize=400%2C600&amp;ssl=1 400w\" width=\"157\" height=\"235\" loading=\"lazy\" data-original-width=\"157\" data-original-height=\"235\" itemprop=\"http:\/\/schema.org\/image\" title=\"\" alt=\"Tobias Meinhart Quintett mit der ungarische S\u00e4ngerin J\u00falia Karosi. Foto: Daniel Gaal\" style=\"width: 157px; height: 235px;\" \/> <\/a> <div class=\"tiled-gallery-caption\" itemprop=\"caption description\"> Tobias Meinhart Quintett mit der ungarische S\u00e4ngerin J\u00falia Karosi. Foto: Daniel Gaal <\/div> <\/div> <\/div> <!-- close group --> <\/div> <!-- close row --> <\/div>\n<p>Mit dabei ist unter anderen das elektro-akustische Breakbeat-Duo Binary Boy aus Berlin. Die beiden K\u00fcnstler Jakob Seeber und Arno Gru\u00dfendorf lassen bei ihren Live-Sets auf der B\u00fchne ausschlie\u00dflich ihre eigenen Kreationen erklingen. Markige Voice-Samples, jazzige Synthie-Claves, Basslines, grandiose Aufbauten und klangliche House-Einfl\u00fcsse f\u00fcllen die Nachtstunden am Samstag, 12. Juli 2025, um 23 Uhr im Saal des Leeren Beutels.<\/p>\n<p>Ohne jedwede Bereitschaft, sich stilistisch einschr\u00e4nken zu lassen, spielt das Hamburger Instrumentaltrio Cosmic Latte. Ganz im Sinne des namengebenden Farbtons, der die Farbe von Galaxien beschreibt, kommt das gesamte Spektrum ihres musikalischen Repertoires, angereichert durch die Arbeit mit zahlreichen K\u00fcnstlerinnen und K\u00fcnstlern aus nahezu jeder Sparte, ungefiltert zusammen. Auf ihrem neuen Album \u201eTRAPEZIA\u201c verbindet sich dieses Spektrum zu einer einzigartigen Melange aus Fusion, Pop und Progressive Rock. Live erleben kann man Cosmic Latte ebenfalls am 12. Juli um 20.30 Uhr im Degginger.<\/p>\n<p>Die junge K\u00f6lner Band MOLASS hat es sich zur Aufgabe gemacht, das Neo-Soul-Genre neu zu definieren. Ihre Musik ist eine faszinierende Verschmelzung von Altem und Neuem und l\u00f6st dabei konventionelle Genregrenzen auf. Jazz und elektronische Elemente dienen dabei als Sprungbrett, werden aber nie bis zum Ende ausformuliert, sondern fusionieren mit der markant facettenreichen Stimme von Frontfrau Marissa M\u00f6ller zu einer Groovy Fairytale. Die eingespielte Combo wird durch Keyboarder Jan Lammert, Bassist Julian Schwiebert und Drummer Lambert Windges vervollst\u00e4ndigt. MOLASS tritt am 12.\u00a0Juli um 16.45 Uhr am Haidplatz und um 20 Uhr auf der Ruthof am Marc-Aurel-Ufer auf.<\/p>\n<p>Der Sound von Y\u00c6LLEE ist im Jazz und Neo-Soul beheimatet und verbindet tanzbare Sommerabend-Grooves mit tiefgrei-fenden Emotionen. Die Band wurde 2023 in Dresden gegr\u00fcndet und besteht aus ehemaligen und aktuellen Studierenden der Hochschule f\u00fcr Musik Dresden. In den Texten der Band geht es um erstarktes Selbstbewusstsein, Chaos im Gehirn, Liebe und Verletzlichkeit. Diese Themen spiegeln sich auch in der Musik wider, die mal rhythmisch und \u00fcberschw\u00e4nglich und mal melancholisch und dunkel klingt. In Regensburg auf der B\u00fchne stehen sie am 12. Juli um 20 Uhr am St.-Kassians-Platz.<\/p>\n<p><strong>Internationaler Jazz in Regensburg<br \/>\n<\/strong>Auch zahlreiche internationale Bands und K\u00fcnstlerinnen und K\u00fcnstler unter anderem aus Uruguay, den USA, Kolumbien, Brasilien, Ungarn, der Ukraine, Australien, Schottland, Gro\u00dfbritannien, Tschechien, \u00d6sterreich und der Schweiz bereichern das 44. Bayerische Jazzweekend.<\/p>\n<p>Im Rahmen des Jazz-in-Residence-Programms l\u00e4dt der diesj\u00e4hrige Artist-in-Residence Tobias Meinhart G\u00e4ste aus aller Welt nach Regensburg ein. Der geb\u00fcrtige Regensburger und Saxophonist lebt und arbeitet in Brooklyn, New York. Neben seiner freischaffenden musikalischen T\u00e4tigkeit in New York City und Europa leitet er sein eigenes Quintett und ist Mitglied des Composer\u2019s Collective Brooklyn Aliens. Regelm\u00e4\u00dfig tritt er in renommierten New Yorker Jazzclubs auf. Das Tobias Meinhart Quintett steht in Regensburg zusammen mit der ungarische S\u00e4ngerin J\u00falia Karosi am Donnerstag, 10. Juli 2025, um 19 Uhr im Gewerbepark und am Freitag, 11. Juli 2025, um 20 Uhr auf dem St.-Kassians-Platz auf der B\u00fchne. J\u00falia Karosi z\u00e4hlt zu den f\u00fchrenden Stimmen des ungarischen Jazz und begeistert mit einer einzigartigen Mischung aus lyrischem Ausdruck und modernen Harmonien. Ihr Stil verbindet klassische Einfl\u00fcsse, ungarische Folklore und modernen Jazz mit einer klaren, ausdrucksstarken Stimme.<\/p>\n<div class=\"tiled-gallery type-rectangular tiled-gallery-unresized\" data-original-width=\"840\" data-carousel-extra='{&quot;blog_id&quot;:1,&quot;permalink&quot;:&quot;https:\\\/\\\/www.jazzzeitung.de\\\/cms\\\/2025\\\/07\\\/regensburg-praesentiert-das-programm-fuer-das-44-bayerische-jazzweekend\\\/&quot;,&quot;likes_blog_id&quot;:55446655}' itemscope itemtype=\"http:\/\/schema.org\/ImageGallery\" > <div class=\"gallery-row\" style=\"width: 840px; height: 491px;\" data-original-width=\"840\" data-original-height=\"491\" > <div class=\"gallery-group images-1\" style=\"width: 491px; height: 491px;\" data-original-width=\"491\" data-original-height=\"491\" > <div class=\"tiled-gallery-item tiled-gallery-item-large\" itemprop=\"associatedMedia\" itemscope itemtype=\"http:\/\/schema.org\/ImageObject\"> <a href=\"https:\/\/www.jazzzeitung.de\/cms\/2025\/07\/regensburg-praesentiert-das-programm-fuer-das-44-bayerische-jazzweekend\/booom_c-uli-zrenner-wolkenstein\/\" border=\"0\" itemprop=\"url\"> <meta itemprop=\"width\" content=\"487\"> <meta itemprop=\"height\" content=\"487\"> <img decoding=\"async\" class=\"\" data-attachment-id=\"32790\" data-orig-file=\"https:\/\/www.jazzzeitung.de\/cms\/wp-content\/uploads\/2025\/07\/BOOOM_C-Uli-Zrenner-Wolkenstein.jpg\" data-orig-size=\"567,567\" data-comments-opened=\"1\" data-image-meta=\"{&quot;aperture&quot;:&quot;0&quot;,&quot;credit&quot;:&quot;&quot;,&quot;camera&quot;:&quot;&quot;,&quot;caption&quot;:&quot;&quot;,&quot;created_timestamp&quot;:&quot;1684261864&quot;,&quot;copyright&quot;:&quot;&quot;,&quot;focal_length&quot;:&quot;0&quot;,&quot;iso&quot;:&quot;0&quot;,&quot;shutter_speed&quot;:&quot;0&quot;,&quot;title&quot;:&quot;&quot;,&quot;orientation&quot;:&quot;1&quot;}\" data-image-title=\"\" data-image-description=\"\" data-medium-file=\"https:\/\/i0.wp.com\/www.jazzzeitung.de\/cms\/wp-content\/uploads\/2025\/07\/BOOOM_C-Uli-Zrenner-Wolkenstein.jpg?fit=300%2C300&#038;ssl=1\" data-large-file=\"https:\/\/i0.wp.com\/www.jazzzeitung.de\/cms\/wp-content\/uploads\/2025\/07\/BOOOM_C-Uli-Zrenner-Wolkenstein.jpg?fit=567%2C567&#038;ssl=1\" src=\"https:\/\/i0.wp.com\/www.jazzzeitung.de\/cms\/wp-content\/uploads\/2025\/07\/BOOOM_C-Uli-Zrenner-Wolkenstein.jpg?w=487&#038;h=487&#038;crop=1&#038;ssl=1\" srcset=\"https:\/\/i0.wp.com\/www.jazzzeitung.de\/cms\/wp-content\/uploads\/2025\/07\/BOOOM_C-Uli-Zrenner-Wolkenstein.jpg?w=567&amp;ssl=1 567w, https:\/\/i0.wp.com\/www.jazzzeitung.de\/cms\/wp-content\/uploads\/2025\/07\/BOOOM_C-Uli-Zrenner-Wolkenstein.jpg?resize=300%2C300&amp;ssl=1 300w, https:\/\/i0.wp.com\/www.jazzzeitung.de\/cms\/wp-content\/uploads\/2025\/07\/BOOOM_C-Uli-Zrenner-Wolkenstein.jpg?resize=150%2C150&amp;ssl=1 150w, https:\/\/i0.wp.com\/www.jazzzeitung.de\/cms\/wp-content\/uploads\/2025\/07\/BOOOM_C-Uli-Zrenner-Wolkenstein.jpg?resize=24%2C24&amp;ssl=1 24w, https:\/\/i0.wp.com\/www.jazzzeitung.de\/cms\/wp-content\/uploads\/2025\/07\/BOOOM_C-Uli-Zrenner-Wolkenstein.jpg?resize=48%2C48&amp;ssl=1 48w, https:\/\/i0.wp.com\/www.jazzzeitung.de\/cms\/wp-content\/uploads\/2025\/07\/BOOOM_C-Uli-Zrenner-Wolkenstein.jpg?resize=96%2C96&amp;ssl=1 96w\" width=\"487\" height=\"487\" loading=\"lazy\" data-original-width=\"487\" data-original-height=\"487\" itemprop=\"http:\/\/schema.org\/image\" title=\"\" alt=\"BOOOM! mit Gerwin Eisenhauer und Layla Carter. Foto: Uli Zrenner-Wolkenstein\" style=\"width: 487px; height: 487px;\" \/> <\/a> <div class=\"tiled-gallery-caption\" itemprop=\"caption description\"> BOOOM! mit Gerwin Eisenhauer und Layla Carter. Foto: Uli Zrenner-Wolkenstein <\/div> <\/div> <\/div> <!-- close group --> <div class=\"gallery-group images-2\" style=\"width: 349px; height: 491px;\" data-original-width=\"349\" data-original-height=\"491\" > <div class=\"tiled-gallery-item tiled-gallery-item-large\" itemprop=\"associatedMedia\" itemscope itemtype=\"http:\/\/schema.org\/ImageObject\"> <a href=\"https:\/\/www.jazzzeitung.de\/cms\/2025\/07\/regensburg-praesentiert-das-programm-fuer-das-44-bayerische-jazzweekend\/aufmessers-schneide_c-theresa-pewal\/\" border=\"0\" itemprop=\"url\"> <meta itemprop=\"width\" content=\"345\"> <meta itemprop=\"height\" content=\"247\"> <img decoding=\"async\" class=\"\" data-attachment-id=\"32789\" data-orig-file=\"https:\/\/www.jazzzeitung.de\/cms\/wp-content\/uploads\/2025\/07\/Aufmessers-Schneide_C-Theresa-Pewal.jpg\" data-orig-size=\"2362,1687\" data-comments-opened=\"1\" data-image-meta=\"{&quot;aperture&quot;:&quot;0&quot;,&quot;credit&quot;:&quot;&quot;,&quot;camera&quot;:&quot;&quot;,&quot;caption&quot;:&quot;&quot;,&quot;created_timestamp&quot;:&quot;0&quot;,&quot;copyright&quot;:&quot;&quot;,&quot;focal_length&quot;:&quot;0&quot;,&quot;iso&quot;:&quot;0&quot;,&quot;shutter_speed&quot;:&quot;0&quot;,&quot;title&quot;:&quot;&quot;,&quot;orientation&quot;:&quot;1&quot;}\" data-image-title=\"\" data-image-description=\"\" data-medium-file=\"https:\/\/i0.wp.com\/www.jazzzeitung.de\/cms\/wp-content\/uploads\/2025\/07\/Aufmessers-Schneide_C-Theresa-Pewal.jpg?fit=300%2C214&#038;ssl=1\" data-large-file=\"https:\/\/i0.wp.com\/www.jazzzeitung.de\/cms\/wp-content\/uploads\/2025\/07\/Aufmessers-Schneide_C-Theresa-Pewal.jpg?fit=840%2C600&#038;ssl=1\" src=\"https:\/\/i0.wp.com\/www.jazzzeitung.de\/cms\/wp-content\/uploads\/2025\/07\/Aufmessers-Schneide_C-Theresa-Pewal.jpg?w=345&#038;h=247&#038;ssl=1\" srcset=\"https:\/\/i0.wp.com\/www.jazzzeitung.de\/cms\/wp-content\/uploads\/2025\/07\/Aufmessers-Schneide_C-Theresa-Pewal.jpg?w=2362&amp;ssl=1 2362w, https:\/\/i0.wp.com\/www.jazzzeitung.de\/cms\/wp-content\/uploads\/2025\/07\/Aufmessers-Schneide_C-Theresa-Pewal.jpg?resize=300%2C214&amp;ssl=1 300w, https:\/\/i0.wp.com\/www.jazzzeitung.de\/cms\/wp-content\/uploads\/2025\/07\/Aufmessers-Schneide_C-Theresa-Pewal.jpg?resize=840%2C600&amp;ssl=1 840w, https:\/\/i0.wp.com\/www.jazzzeitung.de\/cms\/wp-content\/uploads\/2025\/07\/Aufmessers-Schneide_C-Theresa-Pewal.jpg?resize=768%2C549&amp;ssl=1 768w, https:\/\/i0.wp.com\/www.jazzzeitung.de\/cms\/wp-content\/uploads\/2025\/07\/Aufmessers-Schneide_C-Theresa-Pewal.jpg?resize=1536%2C1097&amp;ssl=1 1536w, https:\/\/i0.wp.com\/www.jazzzeitung.de\/cms\/wp-content\/uploads\/2025\/07\/Aufmessers-Schneide_C-Theresa-Pewal.jpg?resize=2048%2C1463&amp;ssl=1 2048w, https:\/\/i0.wp.com\/www.jazzzeitung.de\/cms\/wp-content\/uploads\/2025\/07\/Aufmessers-Schneide_C-Theresa-Pewal.jpg?resize=1320%2C943&amp;ssl=1 1320w, https:\/\/i0.wp.com\/www.jazzzeitung.de\/cms\/wp-content\/uploads\/2025\/07\/Aufmessers-Schneide_C-Theresa-Pewal.jpg?w=1680&amp;ssl=1 1680w\" width=\"345\" height=\"247\" loading=\"lazy\" data-original-width=\"345\" data-original-height=\"247\" itemprop=\"http:\/\/schema.org\/image\" title=\"\" alt=\"Aufmessers Schneide. Foto: Theresa Pewal\" style=\"width: 345px; height: 247px;\" \/> <\/a> <div class=\"tiled-gallery-caption\" itemprop=\"caption description\"> Aufmessers Schneide. Foto: Theresa Pewal <\/div> <\/div> <div class=\"tiled-gallery-item tiled-gallery-item-large\" itemprop=\"associatedMedia\" itemscope itemtype=\"http:\/\/schema.org\/ImageObject\"> <a href=\"https:\/\/www.jazzzeitung.de\/cms\/2025\/07\/regensburg-praesentiert-das-programm-fuer-das-44-bayerische-jazzweekend\/benjamin-stadler-group_c-marco-van-der-heijden\/\" border=\"0\" itemprop=\"url\"> <meta itemprop=\"width\" content=\"345\"> <meta itemprop=\"height\" content=\"236\"> <img decoding=\"async\" class=\"\" data-attachment-id=\"32784\" data-orig-file=\"https:\/\/www.jazzzeitung.de\/cms\/wp-content\/uploads\/2025\/07\/Benjamin-Stadler-Group_C-Marco-Van-Der-Heijden.jpg\" data-orig-size=\"2362,1618\" data-comments-opened=\"1\" data-image-meta=\"{&quot;aperture&quot;:&quot;2&quot;,&quot;credit&quot;:&quot;&quot;,&quot;camera&quot;:&quot;Canon EOS M&quot;,&quot;caption&quot;:&quot;&quot;,&quot;created_timestamp&quot;:&quot;1615138727&quot;,&quot;copyright&quot;:&quot;&quot;,&quot;focal_length&quot;:&quot;35&quot;,&quot;iso&quot;:&quot;100&quot;,&quot;shutter_speed&quot;:&quot;0.003125&quot;,&quot;title&quot;:&quot;&quot;,&quot;orientation&quot;:&quot;1&quot;}\" data-image-title=\"\" data-image-description=\"\" data-medium-file=\"https:\/\/i0.wp.com\/www.jazzzeitung.de\/cms\/wp-content\/uploads\/2025\/07\/Benjamin-Stadler-Group_C-Marco-Van-Der-Heijden.jpg?fit=300%2C206&#038;ssl=1\" data-large-file=\"https:\/\/i0.wp.com\/www.jazzzeitung.de\/cms\/wp-content\/uploads\/2025\/07\/Benjamin-Stadler-Group_C-Marco-Van-Der-Heijden.jpg?fit=840%2C575&#038;ssl=1\" src=\"https:\/\/i0.wp.com\/www.jazzzeitung.de\/cms\/wp-content\/uploads\/2025\/07\/Benjamin-Stadler-Group_C-Marco-Van-Der-Heijden.jpg?w=345&#038;h=236&#038;ssl=1\" srcset=\"https:\/\/i0.wp.com\/www.jazzzeitung.de\/cms\/wp-content\/uploads\/2025\/07\/Benjamin-Stadler-Group_C-Marco-Van-Der-Heijden.jpg?w=2362&amp;ssl=1 2362w, https:\/\/i0.wp.com\/www.jazzzeitung.de\/cms\/wp-content\/uploads\/2025\/07\/Benjamin-Stadler-Group_C-Marco-Van-Der-Heijden.jpg?resize=300%2C206&amp;ssl=1 300w, https:\/\/i0.wp.com\/www.jazzzeitung.de\/cms\/wp-content\/uploads\/2025\/07\/Benjamin-Stadler-Group_C-Marco-Van-Der-Heijden.jpg?resize=876%2C600&amp;ssl=1 876w, https:\/\/i0.wp.com\/www.jazzzeitung.de\/cms\/wp-content\/uploads\/2025\/07\/Benjamin-Stadler-Group_C-Marco-Van-Der-Heijden.jpg?resize=768%2C526&amp;ssl=1 768w, https:\/\/i0.wp.com\/www.jazzzeitung.de\/cms\/wp-content\/uploads\/2025\/07\/Benjamin-Stadler-Group_C-Marco-Van-Der-Heijden.jpg?resize=1536%2C1052&amp;ssl=1 1536w, https:\/\/i0.wp.com\/www.jazzzeitung.de\/cms\/wp-content\/uploads\/2025\/07\/Benjamin-Stadler-Group_C-Marco-Van-Der-Heijden.jpg?resize=2048%2C1403&amp;ssl=1 2048w, https:\/\/i0.wp.com\/www.jazzzeitung.de\/cms\/wp-content\/uploads\/2025\/07\/Benjamin-Stadler-Group_C-Marco-Van-Der-Heijden.jpg?resize=1320%2C904&amp;ssl=1 1320w, https:\/\/i0.wp.com\/www.jazzzeitung.de\/cms\/wp-content\/uploads\/2025\/07\/Benjamin-Stadler-Group_C-Marco-Van-Der-Heijden.jpg?w=1680&amp;ssl=1 1680w\" width=\"345\" height=\"236\" loading=\"lazy\" data-original-width=\"345\" data-original-height=\"236\" itemprop=\"http:\/\/schema.org\/image\" title=\"\" alt=\"Benjamin Stadler Group. Foto: Marco Van Der Heijden\" style=\"width: 345px; height: 236px;\" \/> <\/a> <div class=\"tiled-gallery-caption\" itemprop=\"caption description\"> Benjamin Stadler Group. Foto: Marco Van Der Heijden <\/div> <\/div> <\/div> <!-- close group --> <\/div> <!-- close row --> <div class=\"gallery-row\" style=\"width: 840px; height: 539px;\" data-original-width=\"840\" data-original-height=\"539\" > <div class=\"gallery-group images-1\" style=\"width: 840px; height: 539px;\" data-original-width=\"840\" data-original-height=\"539\" > <div class=\"tiled-gallery-item tiled-gallery-item-large\" itemprop=\"associatedMedia\" itemscope itemtype=\"http:\/\/schema.org\/ImageObject\"> <a href=\"https:\/\/www.jazzzeitung.de\/cms\/2025\/07\/regensburg-praesentiert-das-programm-fuer-das-44-bayerische-jazzweekend\/bayerisches-schul-big-band-meeting-regensburg_c\/\" border=\"0\" itemprop=\"url\"> <meta itemprop=\"width\" content=\"836\"> <meta itemprop=\"height\" content=\"535\"> <img decoding=\"async\" class=\"\" data-attachment-id=\"32783\" data-orig-file=\"https:\/\/www.jazzzeitung.de\/cms\/wp-content\/uploads\/2025\/07\/Bayerisches-Schul-Big-Band-Meeting-Regensburg_C.jpg\" data-orig-size=\"567,363\" data-comments-opened=\"1\" data-image-meta=\"{&quot;aperture&quot;:&quot;0&quot;,&quot;credit&quot;:&quot;&quot;,&quot;camera&quot;:&quot;&quot;,&quot;caption&quot;:&quot;&quot;,&quot;created_timestamp&quot;:&quot;0&quot;,&quot;copyright&quot;:&quot;&quot;,&quot;focal_length&quot;:&quot;0&quot;,&quot;iso&quot;:&quot;0&quot;,&quot;shutter_speed&quot;:&quot;0&quot;,&quot;title&quot;:&quot;&quot;,&quot;orientation&quot;:&quot;1&quot;}\" data-image-title=\"\" data-image-description=\"\" data-medium-file=\"https:\/\/i0.wp.com\/www.jazzzeitung.de\/cms\/wp-content\/uploads\/2025\/07\/Bayerisches-Schul-Big-Band-Meeting-Regensburg_C.jpg?fit=300%2C192&#038;ssl=1\" data-large-file=\"https:\/\/i0.wp.com\/www.jazzzeitung.de\/cms\/wp-content\/uploads\/2025\/07\/Bayerisches-Schul-Big-Band-Meeting-Regensburg_C.jpg?fit=567%2C363&#038;ssl=1\" src=\"https:\/\/i0.wp.com\/www.jazzzeitung.de\/cms\/wp-content\/uploads\/2025\/07\/Bayerisches-Schul-Big-Band-Meeting-Regensburg_C.jpg?w=836&#038;h=535&#038;ssl=1\" srcset=\"https:\/\/i0.wp.com\/www.jazzzeitung.de\/cms\/wp-content\/uploads\/2025\/07\/Bayerisches-Schul-Big-Band-Meeting-Regensburg_C.jpg?w=567&amp;ssl=1 567w, https:\/\/i0.wp.com\/www.jazzzeitung.de\/cms\/wp-content\/uploads\/2025\/07\/Bayerisches-Schul-Big-Band-Meeting-Regensburg_C.jpg?resize=300%2C192&amp;ssl=1 300w\" width=\"836\" height=\"535\" loading=\"lazy\" data-original-width=\"836\" data-original-height=\"535\" itemprop=\"http:\/\/schema.org\/image\" title=\"\" alt=\"Bayerisches Schul-Big-Band-Meeting Regensburg\" style=\"width: 836px; height: 535px;\" \/> <\/a> <div class=\"tiled-gallery-caption\" itemprop=\"caption description\"> Bayerisches Schul-Big-Band-Meeting Regensburg <\/div> <\/div> <\/div> <!-- close group --> <\/div> <!-- close row --> <\/div>\n<p>&nbsp;<\/p>\n<p>Im Duo mit Jesse Simpson ist Tobias Meinhart am Samstag, 12.\u00a0Juli 2025, um 17.30 Uhr im Kunstraum Atelier Wigg in Kallm\u00fcnz zu h\u00f6ren. In dieser intimen Duo-Formation treffen zwei langj\u00e4hrige Weggef\u00e4hrten aufeinander. Tobias Meinhart und Drummer Jesse Simpson kennen sich seit vielen Jahren aus der New Yorker Szene. Gemeinsam loten sie die M\u00f6glichkeiten zwischen freier Improvisation, Groove und Klangmalerei aus. Ebenfalls am 12. Juli um 22.30 Uhr im Degginger trifft Tobias Meinhart auf das Regensburger Urgestein, Drummer und Beat-T\u00fcftler Gerwin \u201eGeff\u201c Eisenhauer. Berghain trifft Village Vanguard, wenn die beiden elektronische Beats, House- und Technosounds gepaart mit improvisierten Jazzlines direkt auf die Tanzfl\u00e4che bringen \u2013 ein Late-Night-Set mit Druck, Energie und offenen Klangr\u00e4umen.<\/p>\n<p>Bereits zum Auftakt am Donnerstag, 10.\u00a0Juli\u00a02025, im Gewerbepark stehen auch Paula Jackman`s Jazz Masters aus Gro\u00dfbritannien um 17.30 Uhr auf der B\u00fchne. 2022 gr\u00fcndet die aus Essex stammende Klarinettistin Paula Jackman ihre Band Jazz Masters. Das sechsk\u00f6pfige Ensemble tourt seitdem erfolgreich durch ganz Europa und spielt in Jazzclubs \u00fcberall in Gro\u00dfbritannien. Die Jazz Masters sind bekannt f\u00fcr ihren Dixieland-Sound, bieten aber auch eine bunte Mischung aus bekannten und weniger bekannten Melodien, die es verdienen, geh\u00f6rt zu werden. Ein zweites Mal zu sehen sind sie am Freitag, 11. Juli 2025, um 20 Uhr auf der Ruthof am Marc-Aurel-Ufer.<\/p>\n<p>Aus Berlin reist Diego Pi\u00f1era, ein Jazzvirtuose aus Uruguay, mit seiner Band Diego Pi\u00f1era Odd Wisdom an. Sie verbinden auf faszinierende Weise lateinamerikanische Wurzeln mit amerikanischen Jazztraditionen und den avantgardistischen Kl\u00e4ngen der Berliner Musikszene. Die internationale Band wird durch drei herausragende Musiker aus Deutschland und der Ukraine vervollst\u00e4ndigt, die nicht nur Kollegen, sondern auch enge Freunde Pi\u00f1eras sind. Diese Verbindung sorgt f\u00fcr ein tiefes gemeinsames Verst\u00e4ndnis von Rhythmus und Groove am Samstag, 12. Juli 2025, um 20.30 Uhr im Thon-Dittmer-Palais.<\/p>\n<p>Mit dabei sind in diesem Jahr wieder zahlreiche Bands und Kombos aus \u00d6sterreich. So stehen beispielsweise am 11. Juli um 18 Uhr der Gew\u00fcrztraminer und da gmischte Satz aus Wien im Thon-Dittmer-Palais auf der B\u00fchne. \u00d6sterreichs innovativste Balkan-Truppe bietet dem Publikum einen fr\u00f6hlichen Abend. Die virtuosen Instrumentalistinnen und Instrumentalisten spielen sich in herrlich durchdachten Arrangements durch alle denkbaren Musikrichtungen von Folk, Rock, Hip Hop bis hin zu Swing. Um 20.30 Uhr folgt dann Aufmessers Schneide aus Wien. Die siebenk\u00f6pfige Formation rund um den Kontrabassisten Gregor Aufmesser pr\u00e4sentiert Kompositionen voller Gegens\u00e4tzlichkeit: Sie spannen den Bogen zwischen klassisch ausgerichtetem Kontrapunkt und ausuferndem Jazz \u00e0 la Charles Mingus.<\/p>\n<p>Auch aus \u00d6sterreich reist Moreland an. Mit ihrer nahtlosen Verschmelzung von Soul, Funk und unwiderstehlichen Grooves hat sich Moreland einen festen Platz auf der internationalen Musikb\u00fchne erspielt. Die in Innsbruck und Atlanta beheimatete Band wird von dem charismatischen Dwight Moreland Jr. angef\u00fchrt, der das Publikum mit seiner souver\u00e4nen Pr\u00e4senz und unverwechselbaren Stimme vom ersten Ton an in seinen Bann zieht. Ihre Musik ist ein meisterhaftes Zusammenspiel von messerscharfen Rhythmen und gef\u00fchlvollen Melodien, das K\u00f6rper und Geist bewegt, zu erleben am 13. Juli um 18.30 Uhr am Haidplatz.<\/p>\n<p>Ein au\u00dfergew\u00f6hnliches Konzert ist am 13. Juli um 20.30 Uhr im Degginger geboten. Dort spielt der Schweizer Kontrabassist Andreas Waelti ein Solokonzert. Waelti geh\u00f6rt zu den aktivsten Musikern im Bereich des Jazz in \u00d6sterreich und der Schweiz. In verschiedenen Projekten zeichnet er sich durch seine gro\u00dfe musikalische Bandbreite aus. Ob als freier Improvisator oder im klassischen Jazzkontext \u2013 jede Musik bereichert er mit seinem facettenreichen, aufgeschlossenen Spiel.<\/p>\n<p>Den letzten Jazzweekend-Abend kann man auch mit Dream Big Fish aus Berlin und New York ausklingen lassen am 13. Juli um 20.30 Uhr im Thon-Dittmer-Palais. Die internationale Gruppe fordert sich in ihrem Spiel immer wieder selbst heraus, Ausdruck, Sch\u00f6nheit und Sinn im intimen Rahmen des Trios zu finden. Das Ergebnis ist ein Sound, der sich irgendwo zwischen freier Improvisation und konzeptioneller Komposition bewegt. Verflochtene Grooves, rhythmische Beats und starke wiederkehrende Melodien erzeugen eine Klangwelt, die einzigartig und tiefgr\u00fcndig ist.<\/p>\n<p><strong>Dem Nachwuchs eine Stimme geben<br \/>\n<\/strong>Beim Jazzweekend stehen in diesem Jahr zahlreiche junge Nachwuchsmusikerinnen und -musiker auf der B\u00fchne. Am Bismarckplatz bietet die Junge B\u00fchne erneut eine Plattform f\u00fcr die Bands, Big Bands und Ensembles der Bayerischen Jazzhochschulen N\u00fcrnberg, M\u00fcnchen und W\u00fcrzburg. Bereits zum zweiten Mal findet au\u00dferdem das Bayerische Schul-Big-Band-Meeting statt, bei dem Sch\u00fclerinnen und Sch\u00fcler aus verschiedenen bayerischen Schulen auf der B\u00fchne am St.-Kassians-Platz aufeinandertreffen. Mit dabei sind die VMG Big Band des Von-M\u00fcller-Gymnasiums Regensburg am Samstag, 12. Juli, um 12 Uhr und um 12.40 Uhr die CG Big Band des Clavius-Gymnasiums Bamberg.<\/p>\n<p><strong>Besondere Programm-Specials<br \/>\n<\/strong>Neben den zahlreichen hochkar\u00e4tigen Konzerten aus allen Sparten des Jazz verleihen Programm-Specials und Aktionen jeder Jazzweekend-Ausgabe einen besonderen Anstrich. Neben dem St.-Kassians-Platz ist die Boulderwelt Regensburg als neuer Spielort Teil des Jazzweekends. In der Boulderwelt ist eine besondere Fusion aus Jazz-Konzerten und Unterhaltungs-Programm f\u00fcr Gro\u00df und Klein geboten.<\/p>\n<p>Am Samstag, 12. Juli, von 15 bis 20.30 Uhr verspricht ein mitrei\u00dfender Swingtanz-Nachmittag in der Boulderwelt mit Live-Musik, Tanzkurs und DJ ein besonderes Erlebnis f\u00fcr alle Tanzbegeisterten \u2013 und solchen, die es noch werden wollen. Ab 15 Uhr ist die Boulderhalle ge\u00f6ffnet f\u00fcr alle, die in lockerer Atmosph\u00e4re in die Welt des Swing eintauchen m\u00f6chten. Um 16\u00a0Uhr beginnt ein einst\u00fcndiger Einf\u00fchrungstanzkurs, geleitet von Elena Romero Fernandez und Christian Eibl. Der Kurs ist f\u00fcr alle Niveaus geeignet \u2013 auch ohne Vorkenntnisse. Von 17 bis 18.30 Uhr gibt es Gelegenheit, das Gelernte bei einer \u00dcbungsstunde mit Swing-DJ Mark Becke direkt auf der Tanzfl\u00e4che auszuprobieren. Ob allein oder mit Partnerin oder Partner \u2013 der Spa\u00df an der Bewegung steht im Vordergrund. Den musikalischen H\u00f6hepunkt bildet das Live-Tanzkonzert um 19\u00a0Uhr: Die Musikerinnen und Musiker der grandios swingenden Band The Babettes &amp; The Barflies bringen klassischen Swing und authentischen Retro-Charme auf die B\u00fchne und laden zum Tanzen ein. Der Eintritt ist frei, bequeme Kleidung empfohlen und Tanzfreude erw\u00fcnscht.<\/p>\n<p>Auch f\u00fcr kleine Jazzfans ist in der Boulderwelt einiges geboten. Am Samstag, 12. Juli, um 12 Uhr und um 14 Uhr finden zwei Kinderkonzerte statt. Begleitet von einem Jazz-Quartett singt Susanna Bartilla die jazzigsten Songs aus den sch\u00f6nsten Disneyfilmen. Die Zeitreise geht von \u201eSchneewittchen\u201c aus dem Jahr 1937 \u00fcber die \u201eAristocats\u201c, das \u201eDschungelbuch\u201c und \u201eK\u00fcss den Frosch\u201c bis hin zu den neusten Hits.<\/p>\n<p>Mehr unter <a href=\"http:\/\/www.jazzwe.de\">www.jazzwe.de<\/a><\/p>\n<p>Beitragsbild: Marion Dimbath jazzt die Pressekonferenz. Foto: Stefan Effenhauser<\/p>\n","protected":false},"excerpt":{"rendered":"<p>Von 10. bis 13. Juli 2025 ist Regensburg wieder ganz Jazz Das Programm f\u00fcr das Bayerische Jazzweekend 2025 ist ab sofort unter\u00a0www.jazzwe.de aufrufbar. Ein Programmflyer liegt kurz vor und w\u00e4hrend des Jazzweekends an den g\u00e4ngigen Auflagestellen in der Stadt und an den Spielorten und B\u00fchnen aus. Kurzfristige Programm\u00e4nderungen sind vorbehalten und k\u00f6nnen immer aktuell auf der Website eingesehen werden. Zentrale Anlaufstelle f\u00fcr alle K\u00fcnstlerinnen und K\u00fcnstler und alle Besucherinnen und Besucher des Festivals ist die Jazzweekend-Lounge am Kohlenmarkt. Dort gibt es Ausk\u00fcnfte zum Programm, zu den Spielorten und zu Fragen aller Art. Programm-Auswahl und Kuratorium 2025 Die Programm-Auswahl f\u00fcr das Jazzweekend wird jedes Jahr von einem Kuratorium unter der k\u00fcnstlerischen Leitung von Christian Sommerer getroffen. Das Gremium setzt sich aus je einem Mitglied des Bayerischen Jazzverbands e. V., den Jazz-Hochschulen in Bayern, der Jazzzeitung, dem Jazzclub Regensburg und der freien Szene zusammen. 2025 wird die freie Jazz-Szene von Marion Dimbath vertreten (unser Titelfoto machte Stefan Effenhauser bei der Pressekonferenz zum Weekend). Die Jazzmusikerin studierte in M\u00fcnchen und W\u00fcrzburg mit Abschluss als Diplom-Musikp\u00e4dagogin und arbeitet als freie Posaunistin, S\u00e4ngerin und Tubistin in verschiedenen Jazz-, Rock- und &hellip;<\/p>\n","protected":false},"author":18,"featured_media":32782,"comment_status":"open","ping_status":"closed","sticky":false,"template":"","format":"standard","meta":{"_jetpack_memberships_contains_paid_content":false,"footnotes":"","jetpack_publicize_message":"","jetpack_publicize_feature_enabled":true,"jetpack_social_post_already_shared":true,"jetpack_social_options":{"image_generator_settings":{"template":"highway","default_image_id":0,"font":"","enabled":false},"version":2}},"categories":[633],"tags":[5652,5651],"coauthors":[695],"class_list":["post-32780","post","type-post","status-publish","format-standard","has-post-thumbnail","hentry","category-nachrichten","tag-arno-grussendorf-tobias-meinhart","tag-jakob-seeber"],"yoast_head":"<!-- This site is optimized with the Yoast SEO plugin v27.4 - https:\/\/yoast.com\/product\/yoast-seo-wordpress\/ -->\n<title>Regensburg pr\u00e4sentiert das Programm f\u00fcr das 44. Bayerische Jazzweekend - JazzZeitung<\/title>\n<meta name=\"robots\" content=\"index, follow, max-snippet:-1, max-image-preview:large, max-video-preview:-1\" \/>\n<link rel=\"canonical\" href=\"https:\/\/www.jazzzeitung.de\/cms\/2025\/07\/regensburg-praesentiert-das-programm-fuer-das-44-bayerische-jazzweekend\/\" \/>\n<meta property=\"og:locale\" content=\"de_DE\" \/>\n<meta property=\"og:type\" content=\"article\" \/>\n<meta property=\"og:title\" content=\"Regensburg pr\u00e4sentiert das Programm f\u00fcr das 44. Bayerische Jazzweekend - JazzZeitung\" \/>\n<meta property=\"og:description\" content=\"Von 10. bis 13. Juli 2025 ist Regensburg wieder ganz Jazz Das Programm f\u00fcr das Bayerische Jazzweekend 2025 ist ab sofort unter\u00a0www.jazzwe.de aufrufbar. Ein Programmflyer liegt kurz vor und w\u00e4hrend des Jazzweekends an den g\u00e4ngigen Auflagestellen in der Stadt und an den Spielorten und B\u00fchnen aus. Kurzfristige Programm\u00e4nderungen sind vorbehalten und k\u00f6nnen immer aktuell auf der Website eingesehen werden. Zentrale Anlaufstelle f\u00fcr alle K\u00fcnstlerinnen und K\u00fcnstler und alle Besucherinnen und Besucher des Festivals ist die Jazzweekend-Lounge am Kohlenmarkt. Dort gibt es Ausk\u00fcnfte zum Programm, zu den Spielorten und zu Fragen aller Art. Programm-Auswahl und Kuratorium 2025 Die Programm-Auswahl f\u00fcr das Jazzweekend wird jedes Jahr von einem Kuratorium unter der k\u00fcnstlerischen Leitung von Christian Sommerer getroffen. Das Gremium setzt sich aus je einem Mitglied des Bayerischen Jazzverbands e. V., den Jazz-Hochschulen in Bayern, der Jazzzeitung, dem Jazzclub Regensburg und der freien Szene zusammen. 2025 wird die freie Jazz-Szene von Marion Dimbath vertreten (unser Titelfoto machte Stefan Effenhauser bei der Pressekonferenz zum Weekend). Die Jazzmusikerin studierte in M\u00fcnchen und W\u00fcrzburg mit Abschluss als Diplom-Musikp\u00e4dagogin und arbeitet als freie Posaunistin, S\u00e4ngerin und Tubistin in verschiedenen Jazz-, Rock- und &hellip;\" \/>\n<meta property=\"og:url\" content=\"https:\/\/www.jazzzeitung.de\/cms\/2025\/07\/regensburg-praesentiert-das-programm-fuer-das-44-bayerische-jazzweekend\/\" \/>\n<meta property=\"og:site_name\" content=\"JazzZeitung\" \/>\n<meta property=\"article:publisher\" content=\"https:\/\/www.facebook.com\/JazzZeitung\/\" \/>\n<meta property=\"article:published_time\" content=\"2025-07-08T13:21:51+00:00\" \/>\n<meta property=\"article:modified_time\" content=\"2025-07-08T13:33:43+00:00\" \/>\n<meta property=\"og:image\" content=\"https:\/\/www.jazzzeitung.de\/cms\/wp-content\/uploads\/2025\/07\/h096-354911-scaled.jpg\" \/>\n\t<meta property=\"og:image:width\" content=\"2560\" \/>\n\t<meta property=\"og:image:height\" content=\"1707\" \/>\n\t<meta property=\"og:image:type\" content=\"image\/jpeg\" \/>\n<meta name=\"author\" content=\"Redaktion JazzZeitung\" \/>\n<script type=\"application\/ld+json\" class=\"yoast-schema-graph\">{\"@context\":\"https:\\\/\\\/schema.org\",\"@graph\":[{\"@type\":\"Article\",\"@id\":\"https:\\\/\\\/www.jazzzeitung.de\\\/cms\\\/2025\\\/07\\\/regensburg-praesentiert-das-programm-fuer-das-44-bayerische-jazzweekend\\\/#article\",\"isPartOf\":{\"@id\":\"https:\\\/\\\/www.jazzzeitung.de\\\/cms\\\/2025\\\/07\\\/regensburg-praesentiert-das-programm-fuer-das-44-bayerische-jazzweekend\\\/\"},\"author\":{\"name\":\"Redaktion JazzZeitung\",\"@id\":\"https:\\\/\\\/www.jazzzeitung.de\\\/cms\\\/#\\\/schema\\\/person\\\/2245b36b9cd1d24cea10f01c031fb92b\"},\"headline\":\"Regensburg pr\u00e4sentiert das Programm f\u00fcr das 44. Bayerische Jazzweekend\",\"datePublished\":\"2025-07-08T13:21:51+00:00\",\"dateModified\":\"2025-07-08T13:33:43+00:00\",\"mainEntityOfPage\":{\"@id\":\"https:\\\/\\\/www.jazzzeitung.de\\\/cms\\\/2025\\\/07\\\/regensburg-praesentiert-das-programm-fuer-das-44-bayerische-jazzweekend\\\/\"},\"wordCount\":1972,\"commentCount\":0,\"publisher\":{\"@id\":\"https:\\\/\\\/www.jazzzeitung.de\\\/cms\\\/#organization\"},\"image\":{\"@id\":\"https:\\\/\\\/www.jazzzeitung.de\\\/cms\\\/2025\\\/07\\\/regensburg-praesentiert-das-programm-fuer-das-44-bayerische-jazzweekend\\\/#primaryimage\"},\"thumbnailUrl\":\"https:\\\/\\\/i0.wp.com\\\/www.jazzzeitung.de\\\/cms\\\/wp-content\\\/uploads\\\/2025\\\/07\\\/h096-354911-scaled.jpg?fit=2560%2C1707&ssl=1\",\"keywords\":[\"Arno Gru\u00dfendorf. Tobias Meinhart\",\"Jakob Seeber\"],\"articleSection\":[\"News\"],\"inLanguage\":\"de\",\"potentialAction\":[{\"@type\":\"CommentAction\",\"name\":\"Comment\",\"target\":[\"https:\\\/\\\/www.jazzzeitung.de\\\/cms\\\/2025\\\/07\\\/regensburg-praesentiert-das-programm-fuer-das-44-bayerische-jazzweekend\\\/#respond\"]}]},{\"@type\":\"WebPage\",\"@id\":\"https:\\\/\\\/www.jazzzeitung.de\\\/cms\\\/2025\\\/07\\\/regensburg-praesentiert-das-programm-fuer-das-44-bayerische-jazzweekend\\\/\",\"url\":\"https:\\\/\\\/www.jazzzeitung.de\\\/cms\\\/2025\\\/07\\\/regensburg-praesentiert-das-programm-fuer-das-44-bayerische-jazzweekend\\\/\",\"name\":\"Regensburg pr\u00e4sentiert das Programm f\u00fcr das 44. Bayerische Jazzweekend - JazzZeitung\",\"isPartOf\":{\"@id\":\"https:\\\/\\\/www.jazzzeitung.de\\\/cms\\\/#website\"},\"primaryImageOfPage\":{\"@id\":\"https:\\\/\\\/www.jazzzeitung.de\\\/cms\\\/2025\\\/07\\\/regensburg-praesentiert-das-programm-fuer-das-44-bayerische-jazzweekend\\\/#primaryimage\"},\"image\":{\"@id\":\"https:\\\/\\\/www.jazzzeitung.de\\\/cms\\\/2025\\\/07\\\/regensburg-praesentiert-das-programm-fuer-das-44-bayerische-jazzweekend\\\/#primaryimage\"},\"thumbnailUrl\":\"https:\\\/\\\/i0.wp.com\\\/www.jazzzeitung.de\\\/cms\\\/wp-content\\\/uploads\\\/2025\\\/07\\\/h096-354911-scaled.jpg?fit=2560%2C1707&ssl=1\",\"datePublished\":\"2025-07-08T13:21:51+00:00\",\"dateModified\":\"2025-07-08T13:33:43+00:00\",\"breadcrumb\":{\"@id\":\"https:\\\/\\\/www.jazzzeitung.de\\\/cms\\\/2025\\\/07\\\/regensburg-praesentiert-das-programm-fuer-das-44-bayerische-jazzweekend\\\/#breadcrumb\"},\"inLanguage\":\"de\",\"potentialAction\":[{\"@type\":\"ReadAction\",\"target\":[\"https:\\\/\\\/www.jazzzeitung.de\\\/cms\\\/2025\\\/07\\\/regensburg-praesentiert-das-programm-fuer-das-44-bayerische-jazzweekend\\\/\"]}]},{\"@type\":\"ImageObject\",\"inLanguage\":\"de\",\"@id\":\"https:\\\/\\\/www.jazzzeitung.de\\\/cms\\\/2025\\\/07\\\/regensburg-praesentiert-das-programm-fuer-das-44-bayerische-jazzweekend\\\/#primaryimage\",\"url\":\"https:\\\/\\\/i0.wp.com\\\/www.jazzzeitung.de\\\/cms\\\/wp-content\\\/uploads\\\/2025\\\/07\\\/h096-354911-scaled.jpg?fit=2560%2C1707&ssl=1\",\"contentUrl\":\"https:\\\/\\\/i0.wp.com\\\/www.jazzzeitung.de\\\/cms\\\/wp-content\\\/uploads\\\/2025\\\/07\\\/h096-354911-scaled.jpg?fit=2560%2C1707&ssl=1\",\"width\":2560,\"height\":1707},{\"@type\":\"BreadcrumbList\",\"@id\":\"https:\\\/\\\/www.jazzzeitung.de\\\/cms\\\/2025\\\/07\\\/regensburg-praesentiert-das-programm-fuer-das-44-bayerische-jazzweekend\\\/#breadcrumb\",\"itemListElement\":[{\"@type\":\"ListItem\",\"position\":1,\"name\":\"Startseite\",\"item\":\"https:\\\/\\\/www.jazzzeitung.de\\\/cms\\\/\"},{\"@type\":\"ListItem\",\"position\":2,\"name\":\"Regensburg pr\u00e4sentiert das Programm f\u00fcr das 44. Bayerische Jazzweekend\"}]},{\"@type\":\"WebSite\",\"@id\":\"https:\\\/\\\/www.jazzzeitung.de\\\/cms\\\/#website\",\"url\":\"https:\\\/\\\/www.jazzzeitung.de\\\/cms\\\/\",\"name\":\"JazzZeitung\",\"description\":\"Jazz-News und Jazz-Kontroverses\",\"publisher\":{\"@id\":\"https:\\\/\\\/www.jazzzeitung.de\\\/cms\\\/#organization\"},\"potentialAction\":[{\"@type\":\"SearchAction\",\"target\":{\"@type\":\"EntryPoint\",\"urlTemplate\":\"https:\\\/\\\/www.jazzzeitung.de\\\/cms\\\/?s={search_term_string}\"},\"query-input\":{\"@type\":\"PropertyValueSpecification\",\"valueRequired\":true,\"valueName\":\"search_term_string\"}}],\"inLanguage\":\"de\"},{\"@type\":\"Organization\",\"@id\":\"https:\\\/\\\/www.jazzzeitung.de\\\/cms\\\/#organization\",\"name\":\"JazzZeitung online\",\"url\":\"https:\\\/\\\/www.jazzzeitung.de\\\/cms\\\/\",\"logo\":{\"@type\":\"ImageObject\",\"inLanguage\":\"de\",\"@id\":\"https:\\\/\\\/www.jazzzeitung.de\\\/cms\\\/#\\\/schema\\\/logo\\\/image\\\/\",\"url\":\"https:\\\/\\\/i0.wp.com\\\/www.jazzzeitung.de\\\/cms\\\/wp-content\\\/uploads\\\/2015\\\/08\\\/JAZZZEITUNGDE_Logo_Neu.png?fit=499%2C200&ssl=1\",\"contentUrl\":\"https:\\\/\\\/i0.wp.com\\\/www.jazzzeitung.de\\\/cms\\\/wp-content\\\/uploads\\\/2015\\\/08\\\/JAZZZEITUNGDE_Logo_Neu.png?fit=499%2C200&ssl=1\",\"width\":499,\"height\":200,\"caption\":\"JazzZeitung online\"},\"image\":{\"@id\":\"https:\\\/\\\/www.jazzzeitung.de\\\/cms\\\/#\\\/schema\\\/logo\\\/image\\\/\"},\"sameAs\":[\"https:\\\/\\\/www.facebook.com\\\/JazzZeitung\\\/\"]},{\"@type\":\"Person\",\"@id\":\"https:\\\/\\\/www.jazzzeitung.de\\\/cms\\\/#\\\/schema\\\/person\\\/2245b36b9cd1d24cea10f01c031fb92b\",\"name\":\"Redaktion JazzZeitung\",\"image\":{\"@type\":\"ImageObject\",\"inLanguage\":\"de\",\"@id\":\"https:\\\/\\\/i0.wp.com\\\/www.jazzzeitung.de\\\/cms\\\/wp-content\\\/uploads\\\/2015\\\/08\\\/JAZZZEITUNGDE_Logo_Neu.png?resize=96%2C96&ssl=159975dcacb611b5700bd619b5daf0a7a\",\"url\":\"https:\\\/\\\/i0.wp.com\\\/www.jazzzeitung.de\\\/cms\\\/wp-content\\\/uploads\\\/2015\\\/08\\\/JAZZZEITUNGDE_Logo_Neu.png?resize=96%2C96&ssl=1\",\"contentUrl\":\"https:\\\/\\\/i0.wp.com\\\/www.jazzzeitung.de\\\/cms\\\/wp-content\\\/uploads\\\/2015\\\/08\\\/JAZZZEITUNGDE_Logo_Neu.png?resize=96%2C96&ssl=1\",\"caption\":\"Redaktion JazzZeitung\"},\"description\":\"Artikel der Redaktion der JazzZeitung.\",\"sameAs\":[\"http:\\\/\\\/www.jazzzeitung.de\\\/cms\\\/\"],\"url\":\"https:\\\/\\\/www.jazzzeitung.de\\\/cms\\\/author\\\/redaktion\\\/\"}]}<\/script>\n<!-- \/ Yoast SEO plugin. -->","yoast_head_json":{"title":"Regensburg pr\u00e4sentiert das Programm f\u00fcr das 44. Bayerische Jazzweekend - JazzZeitung","robots":{"index":"index","follow":"follow","max-snippet":"max-snippet:-1","max-image-preview":"max-image-preview:large","max-video-preview":"max-video-preview:-1"},"canonical":"https:\/\/www.jazzzeitung.de\/cms\/2025\/07\/regensburg-praesentiert-das-programm-fuer-das-44-bayerische-jazzweekend\/","og_locale":"de_DE","og_type":"article","og_title":"Regensburg pr\u00e4sentiert das Programm f\u00fcr das 44. Bayerische Jazzweekend - JazzZeitung","og_description":"Von 10. bis 13. Juli 2025 ist Regensburg wieder ganz Jazz Das Programm f\u00fcr das Bayerische Jazzweekend 2025 ist ab sofort unter\u00a0www.jazzwe.de aufrufbar. Ein Programmflyer liegt kurz vor und w\u00e4hrend des Jazzweekends an den g\u00e4ngigen Auflagestellen in der Stadt und an den Spielorten und B\u00fchnen aus. Kurzfristige Programm\u00e4nderungen sind vorbehalten und k\u00f6nnen immer aktuell auf der Website eingesehen werden. Zentrale Anlaufstelle f\u00fcr alle K\u00fcnstlerinnen und K\u00fcnstler und alle Besucherinnen und Besucher des Festivals ist die Jazzweekend-Lounge am Kohlenmarkt. Dort gibt es Ausk\u00fcnfte zum Programm, zu den Spielorten und zu Fragen aller Art. Programm-Auswahl und Kuratorium 2025 Die Programm-Auswahl f\u00fcr das Jazzweekend wird jedes Jahr von einem Kuratorium unter der k\u00fcnstlerischen Leitung von Christian Sommerer getroffen. Das Gremium setzt sich aus je einem Mitglied des Bayerischen Jazzverbands e. V., den Jazz-Hochschulen in Bayern, der Jazzzeitung, dem Jazzclub Regensburg und der freien Szene zusammen. 2025 wird die freie Jazz-Szene von Marion Dimbath vertreten (unser Titelfoto machte Stefan Effenhauser bei der Pressekonferenz zum Weekend). Die Jazzmusikerin studierte in M\u00fcnchen und W\u00fcrzburg mit Abschluss als Diplom-Musikp\u00e4dagogin und arbeitet als freie Posaunistin, S\u00e4ngerin und Tubistin in verschiedenen Jazz-, Rock- und &hellip;","og_url":"https:\/\/www.jazzzeitung.de\/cms\/2025\/07\/regensburg-praesentiert-das-programm-fuer-das-44-bayerische-jazzweekend\/","og_site_name":"JazzZeitung","article_publisher":"https:\/\/www.facebook.com\/JazzZeitung\/","article_published_time":"2025-07-08T13:21:51+00:00","article_modified_time":"2025-07-08T13:33:43+00:00","og_image":[{"width":2560,"height":1707,"url":"https:\/\/www.jazzzeitung.de\/cms\/wp-content\/uploads\/2025\/07\/h096-354911-scaled.jpg","type":"image\/jpeg"}],"author":"Redaktion JazzZeitung","schema":{"@context":"https:\/\/schema.org","@graph":[{"@type":"Article","@id":"https:\/\/www.jazzzeitung.de\/cms\/2025\/07\/regensburg-praesentiert-das-programm-fuer-das-44-bayerische-jazzweekend\/#article","isPartOf":{"@id":"https:\/\/www.jazzzeitung.de\/cms\/2025\/07\/regensburg-praesentiert-das-programm-fuer-das-44-bayerische-jazzweekend\/"},"author":{"name":"Redaktion JazzZeitung","@id":"https:\/\/www.jazzzeitung.de\/cms\/#\/schema\/person\/2245b36b9cd1d24cea10f01c031fb92b"},"headline":"Regensburg pr\u00e4sentiert das Programm f\u00fcr das 44. Bayerische Jazzweekend","datePublished":"2025-07-08T13:21:51+00:00","dateModified":"2025-07-08T13:33:43+00:00","mainEntityOfPage":{"@id":"https:\/\/www.jazzzeitung.de\/cms\/2025\/07\/regensburg-praesentiert-das-programm-fuer-das-44-bayerische-jazzweekend\/"},"wordCount":1972,"commentCount":0,"publisher":{"@id":"https:\/\/www.jazzzeitung.de\/cms\/#organization"},"image":{"@id":"https:\/\/www.jazzzeitung.de\/cms\/2025\/07\/regensburg-praesentiert-das-programm-fuer-das-44-bayerische-jazzweekend\/#primaryimage"},"thumbnailUrl":"https:\/\/i0.wp.com\/www.jazzzeitung.de\/cms\/wp-content\/uploads\/2025\/07\/h096-354911-scaled.jpg?fit=2560%2C1707&ssl=1","keywords":["Arno Gru\u00dfendorf. Tobias Meinhart","Jakob Seeber"],"articleSection":["News"],"inLanguage":"de","potentialAction":[{"@type":"CommentAction","name":"Comment","target":["https:\/\/www.jazzzeitung.de\/cms\/2025\/07\/regensburg-praesentiert-das-programm-fuer-das-44-bayerische-jazzweekend\/#respond"]}]},{"@type":"WebPage","@id":"https:\/\/www.jazzzeitung.de\/cms\/2025\/07\/regensburg-praesentiert-das-programm-fuer-das-44-bayerische-jazzweekend\/","url":"https:\/\/www.jazzzeitung.de\/cms\/2025\/07\/regensburg-praesentiert-das-programm-fuer-das-44-bayerische-jazzweekend\/","name":"Regensburg pr\u00e4sentiert das Programm f\u00fcr das 44. Bayerische Jazzweekend - JazzZeitung","isPartOf":{"@id":"https:\/\/www.jazzzeitung.de\/cms\/#website"},"primaryImageOfPage":{"@id":"https:\/\/www.jazzzeitung.de\/cms\/2025\/07\/regensburg-praesentiert-das-programm-fuer-das-44-bayerische-jazzweekend\/#primaryimage"},"image":{"@id":"https:\/\/www.jazzzeitung.de\/cms\/2025\/07\/regensburg-praesentiert-das-programm-fuer-das-44-bayerische-jazzweekend\/#primaryimage"},"thumbnailUrl":"https:\/\/i0.wp.com\/www.jazzzeitung.de\/cms\/wp-content\/uploads\/2025\/07\/h096-354911-scaled.jpg?fit=2560%2C1707&ssl=1","datePublished":"2025-07-08T13:21:51+00:00","dateModified":"2025-07-08T13:33:43+00:00","breadcrumb":{"@id":"https:\/\/www.jazzzeitung.de\/cms\/2025\/07\/regensburg-praesentiert-das-programm-fuer-das-44-bayerische-jazzweekend\/#breadcrumb"},"inLanguage":"de","potentialAction":[{"@type":"ReadAction","target":["https:\/\/www.jazzzeitung.de\/cms\/2025\/07\/regensburg-praesentiert-das-programm-fuer-das-44-bayerische-jazzweekend\/"]}]},{"@type":"ImageObject","inLanguage":"de","@id":"https:\/\/www.jazzzeitung.de\/cms\/2025\/07\/regensburg-praesentiert-das-programm-fuer-das-44-bayerische-jazzweekend\/#primaryimage","url":"https:\/\/i0.wp.com\/www.jazzzeitung.de\/cms\/wp-content\/uploads\/2025\/07\/h096-354911-scaled.jpg?fit=2560%2C1707&ssl=1","contentUrl":"https:\/\/i0.wp.com\/www.jazzzeitung.de\/cms\/wp-content\/uploads\/2025\/07\/h096-354911-scaled.jpg?fit=2560%2C1707&ssl=1","width":2560,"height":1707},{"@type":"BreadcrumbList","@id":"https:\/\/www.jazzzeitung.de\/cms\/2025\/07\/regensburg-praesentiert-das-programm-fuer-das-44-bayerische-jazzweekend\/#breadcrumb","itemListElement":[{"@type":"ListItem","position":1,"name":"Startseite","item":"https:\/\/www.jazzzeitung.de\/cms\/"},{"@type":"ListItem","position":2,"name":"Regensburg pr\u00e4sentiert das Programm f\u00fcr das 44. Bayerische Jazzweekend"}]},{"@type":"WebSite","@id":"https:\/\/www.jazzzeitung.de\/cms\/#website","url":"https:\/\/www.jazzzeitung.de\/cms\/","name":"JazzZeitung","description":"Jazz-News und Jazz-Kontroverses","publisher":{"@id":"https:\/\/www.jazzzeitung.de\/cms\/#organization"},"potentialAction":[{"@type":"SearchAction","target":{"@type":"EntryPoint","urlTemplate":"https:\/\/www.jazzzeitung.de\/cms\/?s={search_term_string}"},"query-input":{"@type":"PropertyValueSpecification","valueRequired":true,"valueName":"search_term_string"}}],"inLanguage":"de"},{"@type":"Organization","@id":"https:\/\/www.jazzzeitung.de\/cms\/#organization","name":"JazzZeitung online","url":"https:\/\/www.jazzzeitung.de\/cms\/","logo":{"@type":"ImageObject","inLanguage":"de","@id":"https:\/\/www.jazzzeitung.de\/cms\/#\/schema\/logo\/image\/","url":"https:\/\/i0.wp.com\/www.jazzzeitung.de\/cms\/wp-content\/uploads\/2015\/08\/JAZZZEITUNGDE_Logo_Neu.png?fit=499%2C200&ssl=1","contentUrl":"https:\/\/i0.wp.com\/www.jazzzeitung.de\/cms\/wp-content\/uploads\/2015\/08\/JAZZZEITUNGDE_Logo_Neu.png?fit=499%2C200&ssl=1","width":499,"height":200,"caption":"JazzZeitung online"},"image":{"@id":"https:\/\/www.jazzzeitung.de\/cms\/#\/schema\/logo\/image\/"},"sameAs":["https:\/\/www.facebook.com\/JazzZeitung\/"]},{"@type":"Person","@id":"https:\/\/www.jazzzeitung.de\/cms\/#\/schema\/person\/2245b36b9cd1d24cea10f01c031fb92b","name":"Redaktion JazzZeitung","image":{"@type":"ImageObject","inLanguage":"de","@id":"https:\/\/i0.wp.com\/www.jazzzeitung.de\/cms\/wp-content\/uploads\/2015\/08\/JAZZZEITUNGDE_Logo_Neu.png?resize=96%2C96&ssl=159975dcacb611b5700bd619b5daf0a7a","url":"https:\/\/i0.wp.com\/www.jazzzeitung.de\/cms\/wp-content\/uploads\/2015\/08\/JAZZZEITUNGDE_Logo_Neu.png?resize=96%2C96&ssl=1","contentUrl":"https:\/\/i0.wp.com\/www.jazzzeitung.de\/cms\/wp-content\/uploads\/2015\/08\/JAZZZEITUNGDE_Logo_Neu.png?resize=96%2C96&ssl=1","caption":"Redaktion JazzZeitung"},"description":"Artikel der Redaktion der JazzZeitung.","sameAs":["http:\/\/www.jazzzeitung.de\/cms\/"],"url":"https:\/\/www.jazzzeitung.de\/cms\/author\/redaktion\/"}]}},"wp-worthy-pixel":{"ignored":false,"public":null,"server":null,"url":null},"wp-worthy-type":"normal","jetpack_publicize_connections":[],"cc_featured_image_caption":{"caption_text":"","source_text":"","source_url":""},"jetpack_featured_media_url":"https:\/\/i0.wp.com\/www.jazzzeitung.de\/cms\/wp-content\/uploads\/2025\/07\/h096-354911-scaled.jpg?fit=2560%2C1707&ssl=1","jetpack_shortlink":"https:\/\/wp.me\/p3KEcT-8wI","jetpack-related-posts":[{"id":27456,"url":"https:\/\/www.jazzzeitung.de\/cms\/2022\/06\/programm-fuer-das-41-bayerische-jazzweekend-2022-steht\/","url_meta":{"origin":32780,"position":0},"title":"Programm f\u00fcr das 41. Bayerische Jazzweekend 2022 steht","author":"Redaktion JazzZeitung","date":"1. Juni 2022","format":false,"excerpt":"Endlich wieder Jazz in Regensburg - und das ein ganzes verl\u00e4ngertes Wochenende lang vom 14. bis 17. Juli 2022. 14 B\u00fchnen verteilen sich auf die ganze Innenstadt: Vom Degginger zum Leeren Beutel, vom italienischen Restaurant bis zum Nachtclub, vom Schiffsanleger am Marc-Aurel-Ufer bis zum Thon-Dittmer-Palais - und das alles kostenlos\u2026","rel":"","context":"In &quot;Bericht&quot;","block_context":{"text":"Bericht","link":"https:\/\/www.jazzzeitung.de\/cms\/thema\/bericht\/"},"img":{"alt_text":"","src":"https:\/\/i0.wp.com\/www.jazzzeitung.de\/cms\/wp-content\/uploads\/2022\/05\/weekend_regensburg_gaisa_pressekonferenz-3-scaled.jpg?fit=1200%2C675&ssl=1&resize=350%2C200","width":350,"height":200,"srcset":"https:\/\/i0.wp.com\/www.jazzzeitung.de\/cms\/wp-content\/uploads\/2022\/05\/weekend_regensburg_gaisa_pressekonferenz-3-scaled.jpg?fit=1200%2C675&ssl=1&resize=350%2C200 1x, https:\/\/i0.wp.com\/www.jazzzeitung.de\/cms\/wp-content\/uploads\/2022\/05\/weekend_regensburg_gaisa_pressekonferenz-3-scaled.jpg?fit=1200%2C675&ssl=1&resize=525%2C300 1.5x, https:\/\/i0.wp.com\/www.jazzzeitung.de\/cms\/wp-content\/uploads\/2022\/05\/weekend_regensburg_gaisa_pressekonferenz-3-scaled.jpg?fit=1200%2C675&ssl=1&resize=700%2C400 2x, https:\/\/i0.wp.com\/www.jazzzeitung.de\/cms\/wp-content\/uploads\/2022\/05\/weekend_regensburg_gaisa_pressekonferenz-3-scaled.jpg?fit=1200%2C675&ssl=1&resize=1050%2C600 3x"},"classes":[]},{"id":26185,"url":"https:\/\/www.jazzzeitung.de\/cms\/2021\/11\/26185\/","url_meta":{"origin":32780,"position":1},"title":"Bewerbungsphase f\u00fcrs Bayerische Jazzweekend Regensburg gestartet","author":"Redaktion JazzZeitung","date":"18. November 2021","format":false,"excerpt":"\u201eVom 14. bis 17. Juli 2022 ist Regensburg ganz Jazz. Von Dixieland \u00fcber Swing und Bebop bis hin zu Free Jazz: Das Bayerische Jazzweekend Regensburg sucht Musikerinnen und Musiker, Bands und Combos auf allen Richtungen und Sparten der Jazzmusik. Wir freuen uns auf Ihre Bewerbung! \u201c Das Zitat stammt von\u2026","rel":"","context":"In &quot;News&quot;","block_context":{"text":"News","link":"https:\/\/www.jazzzeitung.de\/cms\/thema\/nachrichten\/"},"img":{"alt_text":"","src":"https:\/\/i0.wp.com\/www.jazzzeitung.de\/cms\/wp-content\/uploads\/2021\/11\/weekend1-scaled-e1637159697323.jpg?fit=1200%2C836&ssl=1&resize=350%2C200","width":350,"height":200,"srcset":"https:\/\/i0.wp.com\/www.jazzzeitung.de\/cms\/wp-content\/uploads\/2021\/11\/weekend1-scaled-e1637159697323.jpg?fit=1200%2C836&ssl=1&resize=350%2C200 1x, https:\/\/i0.wp.com\/www.jazzzeitung.de\/cms\/wp-content\/uploads\/2021\/11\/weekend1-scaled-e1637159697323.jpg?fit=1200%2C836&ssl=1&resize=525%2C300 1.5x, https:\/\/i0.wp.com\/www.jazzzeitung.de\/cms\/wp-content\/uploads\/2021\/11\/weekend1-scaled-e1637159697323.jpg?fit=1200%2C836&ssl=1&resize=700%2C400 2x, https:\/\/i0.wp.com\/www.jazzzeitung.de\/cms\/wp-content\/uploads\/2021\/11\/weekend1-scaled-e1637159697323.jpg?fit=1200%2C836&ssl=1&resize=1050%2C600 3x"},"classes":[]},{"id":26558,"url":"https:\/\/www.jazzzeitung.de\/cms\/2022\/01\/newsdie-deutsche-jazz-szene-unter-der-lupe-infoveranstaltung-der-dju-zur-jazzstudie-2022-anmeldefrist-fuers-bayerische-jazzweekend-regensburg-bis-24-1-2022-verlaengert\/","url_meta":{"origin":32780,"position":2},"title":"+++ News +++ Die deutsche Jazz-Szene unter der Lupe: Infoveranstaltung der DJU zur Jazzstudie 2022 +++  Anmeldefrist f\u00fcrs Bayerische Jazzweekend Regensburg bis 24.1.2022 verl\u00e4ngert +++","author":"Redaktion JazzZeitung","date":"19. Januar 2022","format":false,"excerpt":"+++ Infoveranstaltung der DJU zur Jazzstudie 2022 am 20.01.22, 19:00\u201320:00 +++ Die im Auftrag der Deutschen Jazzunion verfasste und im vergangenen Jahr unter Aspekten der Geschlechtergerechtigkeit erneut ausgewertete erste Jazzstudie 2016 ist eine wichtige und viel zitierte empirische Quelle zur Situation von Jazzmusiker*innen in Deutschland. Um die Situation und die\u2026","rel":"","context":"In &quot;News&quot;","block_context":{"text":"News","link":"https:\/\/www.jazzzeitung.de\/cms\/thema\/nachrichten\/"},"img":{"alt_text":"","src":"https:\/\/i0.wp.com\/www.jazzzeitung.de\/cms\/wp-content\/uploads\/2022\/01\/4ac5dd_3865d9dc332a47f2a0947c8a1bf649b5mv2-e1642600192241.webp?fit=741%2C502&ssl=1&resize=350%2C200","width":350,"height":200,"srcset":"https:\/\/i0.wp.com\/www.jazzzeitung.de\/cms\/wp-content\/uploads\/2022\/01\/4ac5dd_3865d9dc332a47f2a0947c8a1bf649b5mv2-e1642600192241.webp?fit=741%2C502&ssl=1&resize=350%2C200 1x, https:\/\/i0.wp.com\/www.jazzzeitung.de\/cms\/wp-content\/uploads\/2022\/01\/4ac5dd_3865d9dc332a47f2a0947c8a1bf649b5mv2-e1642600192241.webp?fit=741%2C502&ssl=1&resize=525%2C300 1.5x, https:\/\/i0.wp.com\/www.jazzzeitung.de\/cms\/wp-content\/uploads\/2022\/01\/4ac5dd_3865d9dc332a47f2a0947c8a1bf649b5mv2-e1642600192241.webp?fit=741%2C502&ssl=1&resize=700%2C400 2x"},"classes":[]},{"id":28776,"url":"https:\/\/www.jazzzeitung.de\/cms\/2022\/12\/open-call-jetzt-bewerben-fuers-jazzweeekend-2023\/","url_meta":{"origin":32780,"position":3},"title":"Open Call: Jetzt bis 31. Dezember bewerben f\u00fcr das Bayerische Jazzweeekend 2023 in Regensburg","author":"Redaktion JazzZeitung","date":"13. Dezember 2022","format":false,"excerpt":"Vom 13. bis 16. Juli 2023 ist Regensburg wieder einmal ganz Jazz: am 42. Bayerischen Jazzweekend. Daf\u00fcr sucht das Jazzweekend Musikerinnen und Musiker, Bands und Kombos aus allen Richtungen und Sparten der Jazzmusik. Die Bewerbung kann digital auf der Website unter diesem Link eingereicht werden. Die Bewerbungsfrist endet am 31.\u2026","rel":"","context":"In &quot;News&quot;","block_context":{"text":"News","link":"https:\/\/www.jazzzeitung.de\/cms\/thema\/nachrichten\/"},"img":{"alt_text":"","src":"https:\/\/i0.wp.com\/www.jazzzeitung.de\/cms\/wp-content\/uploads\/2022\/07\/JW-2022-Anarchist-Brass-Collective-c-JM-Koch.jpg?fit=1200%2C900&ssl=1&resize=350%2C200","width":350,"height":200,"srcset":"https:\/\/i0.wp.com\/www.jazzzeitung.de\/cms\/wp-content\/uploads\/2022\/07\/JW-2022-Anarchist-Brass-Collective-c-JM-Koch.jpg?fit=1200%2C900&ssl=1&resize=350%2C200 1x, https:\/\/i0.wp.com\/www.jazzzeitung.de\/cms\/wp-content\/uploads\/2022\/07\/JW-2022-Anarchist-Brass-Collective-c-JM-Koch.jpg?fit=1200%2C900&ssl=1&resize=525%2C300 1.5x, https:\/\/i0.wp.com\/www.jazzzeitung.de\/cms\/wp-content\/uploads\/2022\/07\/JW-2022-Anarchist-Brass-Collective-c-JM-Koch.jpg?fit=1200%2C900&ssl=1&resize=700%2C400 2x, https:\/\/i0.wp.com\/www.jazzzeitung.de\/cms\/wp-content\/uploads\/2022\/07\/JW-2022-Anarchist-Brass-Collective-c-JM-Koch.jpg?fit=1200%2C900&ssl=1&resize=1050%2C600 3x"},"classes":[]},{"id":29554,"url":"https:\/\/www.jazzzeitung.de\/cms\/2023\/06\/regensburg-praesentiert-das-programm-fuer-das-42-bayerische-jazzweekend\/","url_meta":{"origin":32780,"position":4},"title":"Regensburg pr\u00e4sentiert das Programm f\u00fcr das 42. Bayerische Jazzweekend","author":"Redaktion JazzZeitung","date":"9. Juni 2023","format":false,"excerpt":"Das Programm des Jazzweekends 2023 steht fest. Vom 13. bis 16. Juli werden 105 kostenfreie Konzerte von 101 Bands, Combos und Einzelk\u00fcnstlerinnen und -k\u00fcnstlern \u00fcber die B\u00fchnen der Stadt gehen. Das Konzept gibt es seit 42 Jahren, dem seit 2022 wirkenden neuen k\u00fcnstlerischen Leiter, Christian Sommerer, gelingt es wie versprochen,\u2026","rel":"","context":"In &quot;Bericht&quot;","block_context":{"text":"Bericht","link":"https:\/\/www.jazzzeitung.de\/cms\/thema\/bericht\/"},"img":{"alt_text":"","src":"https:\/\/i0.wp.com\/www.jazzzeitung.de\/cms\/wp-content\/uploads\/2023\/06\/Monika-Roscher-Big-Band_Lukas-Diller-scaled.jpg?fit=1200%2C794&ssl=1&resize=350%2C200","width":350,"height":200,"srcset":"https:\/\/i0.wp.com\/www.jazzzeitung.de\/cms\/wp-content\/uploads\/2023\/06\/Monika-Roscher-Big-Band_Lukas-Diller-scaled.jpg?fit=1200%2C794&ssl=1&resize=350%2C200 1x, https:\/\/i0.wp.com\/www.jazzzeitung.de\/cms\/wp-content\/uploads\/2023\/06\/Monika-Roscher-Big-Band_Lukas-Diller-scaled.jpg?fit=1200%2C794&ssl=1&resize=525%2C300 1.5x, https:\/\/i0.wp.com\/www.jazzzeitung.de\/cms\/wp-content\/uploads\/2023\/06\/Monika-Roscher-Big-Band_Lukas-Diller-scaled.jpg?fit=1200%2C794&ssl=1&resize=700%2C400 2x, https:\/\/i0.wp.com\/www.jazzzeitung.de\/cms\/wp-content\/uploads\/2023\/06\/Monika-Roscher-Big-Band_Lukas-Diller-scaled.jpg?fit=1200%2C794&ssl=1&resize=1050%2C600 3x"},"classes":[]},{"id":32827,"url":"https:\/\/www.jazzzeitung.de\/cms\/2025\/07\/ein-rundgang-ueber-das-44-bayerische-jazzweekend-in-regensburg\/","url_meta":{"origin":32780,"position":5},"title":"Ein Rundgang \u00fcber das 44. Bayerische Jazzweekend in Regensburg","author":"Redaktion JazzZeitung","date":"17. Juli 2025","format":false,"excerpt":"Rund 90.000 Musikbegeisterte lauschten vom 10. bis 13. Juli 2025 vier Tage lang den vielseitigen Spielarten des Jazz. An 14 Spielorten in Regensburg und weiteren 5 Spielorten in Kallm\u00fcnz erlebte das tanzfreudige, kritische und begeisterungsf\u00e4hige Publikum rund 110 unterschiedliche Formationen und deren Konzerte. International gefragte Gr\u00f6\u00dfen des Jazz trafen beim\u2026","rel":"","context":"In &quot;Galerie&quot;","block_context":{"text":"Galerie","link":"https:\/\/www.jazzzeitung.de\/cms\/thema\/galerie\/"},"img":{"alt_text":"","src":"https:\/\/i0.wp.com\/www.jazzzeitung.de\/cms\/wp-content\/uploads\/2025\/07\/SiEA-Antonia-Dering-c-JM-Koch.jpg?fit=1200%2C900&ssl=1&resize=350%2C200","width":350,"height":200,"srcset":"https:\/\/i0.wp.com\/www.jazzzeitung.de\/cms\/wp-content\/uploads\/2025\/07\/SiEA-Antonia-Dering-c-JM-Koch.jpg?fit=1200%2C900&ssl=1&resize=350%2C200 1x, https:\/\/i0.wp.com\/www.jazzzeitung.de\/cms\/wp-content\/uploads\/2025\/07\/SiEA-Antonia-Dering-c-JM-Koch.jpg?fit=1200%2C900&ssl=1&resize=525%2C300 1.5x, https:\/\/i0.wp.com\/www.jazzzeitung.de\/cms\/wp-content\/uploads\/2025\/07\/SiEA-Antonia-Dering-c-JM-Koch.jpg?fit=1200%2C900&ssl=1&resize=700%2C400 2x, https:\/\/i0.wp.com\/www.jazzzeitung.de\/cms\/wp-content\/uploads\/2025\/07\/SiEA-Antonia-Dering-c-JM-Koch.jpg?fit=1200%2C900&ssl=1&resize=1050%2C600 3x"},"classes":[]}],"jetpack_sharing_enabled":true,"_links":{"self":[{"href":"https:\/\/www.jazzzeitung.de\/cms\/wp-json\/wp\/v2\/posts\/32780","targetHints":{"allow":["GET"]}}],"collection":[{"href":"https:\/\/www.jazzzeitung.de\/cms\/wp-json\/wp\/v2\/posts"}],"about":[{"href":"https:\/\/www.jazzzeitung.de\/cms\/wp-json\/wp\/v2\/types\/post"}],"author":[{"embeddable":true,"href":"https:\/\/www.jazzzeitung.de\/cms\/wp-json\/wp\/v2\/users\/18"}],"replies":[{"embeddable":true,"href":"https:\/\/www.jazzzeitung.de\/cms\/wp-json\/wp\/v2\/comments?post=32780"}],"version-history":[{"count":5,"href":"https:\/\/www.jazzzeitung.de\/cms\/wp-json\/wp\/v2\/posts\/32780\/revisions"}],"predecessor-version":[{"id":32794,"href":"https:\/\/www.jazzzeitung.de\/cms\/wp-json\/wp\/v2\/posts\/32780\/revisions\/32794"}],"wp:featuredmedia":[{"embeddable":true,"href":"https:\/\/www.jazzzeitung.de\/cms\/wp-json\/wp\/v2\/media\/32782"}],"wp:attachment":[{"href":"https:\/\/www.jazzzeitung.de\/cms\/wp-json\/wp\/v2\/media?parent=32780"}],"wp:term":[{"taxonomy":"category","embeddable":true,"href":"https:\/\/www.jazzzeitung.de\/cms\/wp-json\/wp\/v2\/categories?post=32780"},{"taxonomy":"post_tag","embeddable":true,"href":"https:\/\/www.jazzzeitung.de\/cms\/wp-json\/wp\/v2\/tags?post=32780"},{"taxonomy":"author","embeddable":true,"href":"https:\/\/www.jazzzeitung.de\/cms\/wp-json\/wp\/v2\/coauthors?post=32780"}],"curies":[{"name":"wp","href":"https:\/\/api.w.org\/{rel}","templated":true}]}}