{"id":32771,"date":"2025-07-06T12:00:53","date_gmt":"2025-07-06T10:00:53","guid":{"rendered":"https:\/\/www.jazzzeitung.de\/cms\/?p=32771"},"modified":"2025-07-02T10:34:27","modified_gmt":"2025-07-02T08:34:27","slug":"die-eingedampfte-jazz-radiowoche-vom-07-07-2025-bis-13-07-2025","status":"publish","type":"post","link":"https:\/\/www.jazzzeitung.de\/cms\/2025\/07\/die-eingedampfte-jazz-radiowoche-vom-07-07-2025-bis-13-07-2025\/","title":{"rendered":"Die eingedampfte Jazz-Radiowoche vom 07.07.2025 bis 13.07.2025"},"content":{"rendered":"<p class=\"western\">Die \u00dcbersicht zum <span style=\"color: #0563c1;\"><u><a href=\"https:\/\/service.conbrio.de\/service\/download\/278\/\" name=\"Download des PDF\">Download als PDF<\/a><\/u><\/span><span style=\"text-decoration: line-through;\">.<\/span> Alle Angaben ohne Gew\u00e4hr. Erg\u00e4nzt mit den tollen Sendungen zur Neuen Musik von BR-KLASSIK und \u00d61.<\/p>\n<p class=\"western\">Leider hat die ARD ihre Suchmaschine in Fragen Radio in der Zwischenzeit komplett geschreddert, nachdem sie in den vergangenen Jahren schon nicht mehr \u00fcber Schlagworte funktioniert hat. Damit sind wir nun komplett auf Zulieferungen der Sendeanstalten angewiesen. Aktuell bekommen wir Informationen von SWR Kultur, \u00d61 und in Sachen Neue Musik von BR-KLASSIK und ebenfalls \u00d61.<\/p>\n<h2 class=\"western\"><a name=\"__RefHeading___Toc532_2049876245\"><\/a><\/h2>\n<hr \/>\n<h2 class=\"western\"><a name=\"__RefHeading___Toc532_2049876245\"><\/a><a name=\"_Toc175140589\"><\/a><a name=\"_Toc174527976\"><\/a><a name=\"_Toc190257440\"><\/a><a name=\"_Toc189815284\"><\/a><a name=\"_Toc189813526\"><\/a><a name=\"_Toc188957623\"><\/a><a name=\"_Toc188530705\"><\/a><a name=\"_Toc187143015\"><\/a><a name=\"_Toc186792938\"><\/a><a name=\"_Toc185409041\"><\/a><a name=\"_Toc184290543\"><\/a><a name=\"_Toc183595478\"><\/a><a name=\"_Toc176424572\"><\/a> Senderliste:<\/h2>\n<hr \/>\n<ul>\n<li><span style=\"color: #0563c1;\"><u><a href=\"https:\/\/oe1.orf.at\/\" name=\"Link zum ORF\">ORF \u2013 \u00d61<\/a><\/u><\/span><\/li>\n<li><span style=\"color: #0563c1;\"><u><a href=\"https:\/\/www.deutschlandradio.de\/\" name=\"Link zum Deutschlandfunk\">Deutschlandfunk<\/a><\/u><\/span> \u2013 \u201eFakten und mehr\u201c<\/li>\n<li><span style=\"color: #0563c1;\"><u><a href=\"https:\/\/www.deutschlandfunkkultur.de\/\" name=\"Link zu Deutschlandfunk Kultur\">Deutschlandfunk-Kultur<\/a><\/u><\/span> \u2013 \u201eDas Feuilleton im Radio\u201c<\/li>\n<li><span style=\"color: #0563c1;\"><u><a href=\"https:\/\/www.ndr.de\/ndrkultur\/\" name=\"Link zu ndr kultur\">ndr Kultur<\/a><\/u><\/span> \u2013 H\u00f6ren und genie\u00dfen<\/li>\n<li><span style=\"color: #0563c1;\"><u><a href=\"https:\/\/www.ndr.de\/ndrblue\/index.html\" name=\"Link zu ndr blue\"><span lang=\"en-US\">ndr blue<\/span><\/a><\/u><\/span><span lang=\"en-US\"> \u2013 Meet The Music<\/span><\/li>\n<li><span style=\"color: #0563c1;\"><u><a href=\"https:\/\/www.bremenzwei.de\/\" name=\"Link zu Radio Bremen\">radio bremen<\/a><\/u><\/span> \u2013 Neugier lohnt sich.<\/li>\n<li><span style=\"color: #0563c1;\"><u><a href=\"https:\/\/www.radiodrei.de\/\" name=\"Link zu Radio 3 von Berlin\">Radio 3<\/a><\/u><\/span> \u2013<\/li>\n<li><span style=\"color: #0563c1;\"><u><a href=\"https:\/\/www.mdr.de\/kultur\/radio\/index.html\" name=\"Link zu medr-kultur\">mdr-kultur<\/a><\/u><\/span> \u2013 Das Radio.<\/li>\n<li><a href=\"https:\/\/www1.wdr.de\/radio\/wdr3\/\" name=\"Link zu WDR3\"><span style=\"color: #0563c1;\"><u>W<\/u><\/span><span style=\"color: #0563c1;\"><u>DR<\/u><\/span><span style=\"color: #0563c1;\"><u>3<\/u><\/span><\/a> \u2013 Das Kulturradio<\/li>\n<li><span style=\"color: #0563c1;\"><u><a href=\"https:\/\/www.hr2.de\/index.html\" name=\"Link zu hr2-kultur\">hr2-kultur<\/a><\/u><\/span> \u2013 Das Kulturradio f\u00fcr Hessen.<\/li>\n<li><a href=\"https:\/\/www.sr.de\/sr\/sr2\/index.html\" name=\"Link zu SR2-Kulturradio\"><span style=\"color: #0563c1;\"><u>S<\/u><\/span><span style=\"color: #0563c1;\"><u>R<\/u><\/span><span style=\"color: #0563c1;\"><u>2 Kulturradio<\/u><\/span><\/a> \u2013 \u2026 gut zu h\u00f6ren.<\/li>\n<li><a href=\"https:\/\/www.swr.de\/swr2\/\" name=\"Link zu SWR Kuultur\"><span style=\"color: #0563c1;\"><u>S<\/u><\/span><span style=\"color: #0563c1;\"><u>WR<\/u><\/span><u> <\/u><\/a><span style=\"color: #0563c1;\"><u>kultur<\/u><\/span> \u2013 Kultur neu entdecken<\/li>\n<li><span style=\"color: #0563c1;\"><u><a href=\"https:\/\/www.br.de\/radio\/br-klassik\/index.html\" name=\"Link zu BR-Klassik\">BR-KLASSIK<\/a><\/u><\/span> \u2013 Klassikstars geben auf BR-KLASSIK den Ton an. Attraktive Magazine bringen Interviews und Neuigkeiten aus dem Musikleben.<\/li>\n<li><span style=\"color: #0563c1;\"><u><a href=\"https:\/\/www.br.de\/radio\/bayern2\/index.html\" name=\"Link zu Bayern2\">Bayern 2<\/a><\/u><\/span> \u2013 Preisgekr\u00f6ntes Radio f\u00fcr H\u00f6rer, die mehr wissen wollen<\/li>\n<\/ul>\n<h2 class=\"western\"><a name=\"__RefHeading___Toc534_2049876245\"><\/a><\/h2>\n<hr \/>\n<h2 class=\"western\"><a name=\"__RefHeading___Toc534_2049876245\"><\/a><a name=\"_Toc189815285\"><\/a><a name=\"_Toc189813527\"><\/a><a name=\"_Toc188957624\"><\/a><a name=\"_Toc188530706\"><\/a><a name=\"_Toc187143016\"><\/a><a name=\"_Toc186792939\"><\/a><a name=\"_Toc185409042\"><\/a><a name=\"_Toc184290544\"><\/a><a name=\"_Toc183595479\"><\/a><a name=\"_Toc176424573\"><\/a><a name=\"_Toc175140590\"><\/a><a name=\"_Toc190257441\"><\/a> Internet:<\/h2>\n<hr \/>\n<ul>\n<li>Schweden: <span style=\"color: #0563c1;\"><u><a href=\"https:\/\/sverigesradio.se\/tabla.aspx?programid=2562\" name=\"Link zu Schwedens Radio P&quot;\">P2<\/a><\/u><\/span> sendet immer Dienstags von 21:00 bis 22:00 und Sonntags von 18:40 bis 20:00 ein Jazzkonzert<\/li>\n<li>Ungarn: <span style=\"color: #0563c1;\"><u><a href=\"https:\/\/mediaklikk.hu\/bartok\/\" name=\"Link zu Bart\u00f3k-Radio\">Bartok Radio<\/a><\/u><\/span> sendet t\u00e4glich von 23:00 bis 23:55 eine Jazzsendung<\/li>\n<\/ul>\n<hr \/>\n<h2 class=\"western\">mo \u2013 07.07.2025<\/h2>\n<hr \/>\n<p class=\"western\">17:30:00 +++ \u00d61<br \/>\n<b>Musik aus allen Richtungen mit Astrid Schwarz und Rainer Elstner.<\/b><\/p>\n<p class=\"western\">19:30:00 +++ \u00d61<br \/>\n<b>Michel Godard, Natasa Mirkovic, Matthias Loibner und Rolf Lislevand im Juni 2025 im Kunsthaus M\u00fcrz<\/b><\/p>\n<p class=\"western\" style=\"padding-left: 40px;\">\u201eBeyond Borders\u201c war das Konzert im Rahmen des Zyklus \u201eBaroque 24\/25\u201c am 26. Juni 2025 im Kunsthaus M\u00fcrz in M\u00fcrzzuschlag \u00fcberschrieben, und dieses Motto war zweifellos zutreffend. Mit dem franz\u00f6sischen Serpent-Virtuosen Michel Godard, der aus Bosnien stammenden S\u00e4ngerin Natasa Mirkovic, dem steirischen Drehleier-Spieler Matthias Loibner und dem norwegischen Lautenisten und Gitarristen Rolf Lislevand hatten sich vier musikalische Individualist:innen eingefunden, um frei zwischen den musikalischen Welten zu flottieren: Von sephardischen Liedern \u00fcber Musik des spanischen Barock- Komponisten Santiago de Murcia und seines italienischen Kollegen Johann Hieronymus Kapsberger bis hin zu freien Improvisationen im Geiste barocker Kl\u00e4nge wurde der Raum erkundet. Geistreich, kammermusikalisch -dezent und voller \u00dcberraschungen.<\/p>\n<p class=\"western\">22:03 \u2013 23:00 UHR +++ SWR KULTUR<br \/>\n<b>ARD Jazz. Spotlight: Signale aus Berlin<\/b><\/p>\n<p class=\"western\" style=\"padding-left: 40px;\">Von Wolf Kampmann. Was treibt die Szene in Berlin dieser Tage um? Das wurde deutlich bei der Jazzwoche Berlin. Die siebte Ausgabe des Branchen-Treffs Jazzwoche stand unter dem Motto WWhere do we go from here?\u201c und nat\u00fcrlich ging es auch um die aktuellen K\u00fcrzungen im Kulturbereich. Was die Szene denkt und welche kreativen L\u00f6sungen es auch gibt, das hat Wolf Kampmann herausgefunden. Und er blickt auch nach vorn: Der Jazzpreis Berlin wird am 22. Juli an den Musiker Tobias Delius verliehen. Der Saxofonist und Klarinettist stehe, so die Jury: \u201ef\u00fcr ein musikalisches Denken, das Vergangenheit und Gegenwart zusammenf\u00fchrt\u201c. Viele akustische und politische Signale aus Berlin also im heutigen Spotlight..<\/p>\n<p class=\"western\">23:03:00 +++ \u00d61<br \/>\n<b>Neue Musik auf der Couch: Serieller Meilenstein \u2013 Thomas Wally analysiert \u201eStructures I\u201c von Pierre Boulez (1952)<\/b><\/p>\n<p class=\"western\" style=\"padding-left: 40px;\">\u201eIn dieser Reihe von Werken geht es mir darum, die serielle Architektur auf allen Ebenen umzusetzen: in der Disposition der Tonh\u00f6hen, der Lautst\u00e4rken, der Anschlagsarten und der Dauern. Die Architektur der Tonh\u00f6hen kann sich in die Architektur der Dauern oder der Lautst\u00e4rken oder der Anschlagsarten verwandeln. So weit, dass alle Strukturen untereinander austauschbar sind.\u201c Mit diesen Worten beschreibt Pierre Boulez seinem etwas \u00e4lteren Kollegen und Brieffreund John Cage in einem Brief seine neueste Komposition: Ein Werk, das als eines der Meilensteine der seriellen Musik in die Musikgeschichte eingehen wird.<\/p>\n<p class=\"western\" style=\"padding-left: 40px;\">Sperrig, automatisch, unpers\u00f6nlich? Jedenfalls ein ausgesprochen spannendes Kapitel der Musikgeschichte, in dem das Weiterdenken des Reihengedankens der Zweiten Wiener Schule eine der radikalsten Sch\u00f6pfungen des 20. Jahrhunderts hervorgebracht hat.<\/p>\n<p class=\"western\" style=\"padding-left: 40px;\">Thomas Wally, neben seiner T\u00e4tigkeit als freischaffender Komponist und Violinist auch an der Wiener Musikuniversit\u00e4t als Senior Lecturer in musiktheoretischen F\u00e4chern aktiv, betrachtet \u201eStructures I\u201c von Pierre Boulez im Gespr\u00e4ch mit Rainer Elstner aus (h\u00f6r)analytischer Perspektive: Was h\u00f6ren wir, wenn wir dieses Werk h\u00f6ren? Worauf k\u00f6nnen wir achten? Was sind Besonderheiten, denen wir Aufmerksamkeit schenken sollten? Den H\u00f6rer\/innen werden analytische Tools bereitgestellt, mit deren Hilfe diese Musik mit einem gesch\u00e4rften Fokus wahrgenommen werden kann. (Wiederholung vom Montag, 3. M\u00e4rz 2025) Gestaltung: Thomas Wally<\/p>\n<hr \/>\n<h2 class=\"western\">di \u2013 08.07.2025<\/h2>\n<hr \/>\n<p class=\"western\">17:30:00 +++ \u00d61<br \/>\n<b>Musik aus allen Richtungen.<\/b><\/p>\n<p class=\"western\">21:00 \u2013 22:00 UHR +++ SWR KULTUR<br \/>\n<b>JetztMusik: J\u00e4nnitt\u00e4v\u00e4! H\u00f6hepunkte vom Tampere Jazz Happening 2024<\/b><\/p>\n<p class=\"western\" style=\"padding-left: 40px;\">Von Julia Neupert. Seit 1982 gibt es das Tampere Jazz Happening, das Festival ist seitdem ein Fixpunkt f\u00fcr die europ\u00e4ische Jazzszene \u2013 mit verl\u00e4sslich aufregender (finnisch: j\u00e4nnitt\u00e4v\u00e4) Programmierung. Zu den H\u00f6hepunkten der letzten Happening-Ausgabe im s\u00fcdwestlichen Finnland geh\u00f6rte unter anderem eine Hommage an Duke Ellington vom Trio Pat Thomas\/Per Zanussi\/ St\u00e5le Liavik Solberg, der Auftritt des AVA-Trios mit Aki Takase, Angelika Niescier und DJ Illvibe und das Konzert von Olavi Louhivuoris Band Superposition feat. Linda Frederiksson, Adele Suaros und Mikael Saastamoinen..<\/p>\n<p class=\"western\">23:03:00 +++ \u00d61<br \/>\n<b>Wie Georg Friedrich Haas das ORF musikprotokoll pr\u00e4gte<\/b><\/p>\n<p class=\"western\" style=\"padding-left: 40px;\">Vision\u00e4re Retrospektiven, riskante Urauff\u00fchrungen und hochpolitische Reden des in den USA lebenden Komponisten in Graz<\/p>\n<p class=\"western\" style=\"padding-left: 40px;\">Das musikalisch und gesellschaftspolitisch wirksame Schaffen von Georg Friedrich Haas ist eng mit Graz und dem ORF musikprotokoll im steirischen herbst verbunden. Der bedeutende Komponist wurde 1953 in Graz geboren. Er wuchs zwar in Vorarlberg auf, hat aber seine Kompositionsstudien in seiner Geburtsstadt bei Iv\u00e1n Er\u00f6d und G\u00f6sta Neuwirth begonnen (und sp\u00e4ter in Wien bei Friedrich Cerha fortgesetzt). Dann hat er selbst 16 Jahre an der Grazer Musikuniversit\u00e4t unterrichtet. Beim ORF\u00a0musikprotokoll\u00a0wurden einige seiner zentralen Werke in Graz uraufgef\u00fchrt, darunter sein Erstes und Viertes Streichquartett sowie sein politisch brisanter \u201eMonolog f\u00fcr Graz\u201c \u00fcber die Wirkm\u00e4chtigkeit nationalsozialistischen Gedankenguts \u201eals unterschwelliges Substrat in der Realit\u00e4t der \u00f6sterreichischen Gesellschaft\u201c. Das schonungslose Aufarbeiten seiner eigenen Familiengeschichte und der damit verbundenen Naziideologie, die ihn in seiner Jugend gepr\u00e4gt hatte, m\u00fcndete 2022 in der Ver\u00f6ffentlichung seines autobiografischen Buches \u201eDurch vergiftete Zeiten \u2013 Memoiren eines Nazibuben\u201c.<\/p>\n<p class=\"western\" style=\"padding-left: 40px;\">Auch die Wurzeln seines Kompositionsstils reichen in die Geschichte von \u00d6sterreichs \u00e4ltestem Festival f\u00fcr zeitgen\u00f6ssische Musik zur\u00fcck: Intendant Karl Ernst Hoffmann holte 1988 Haas als Kurator zum musikprotokoll. Eine Festivalausgabe, die damals kritisch be\u00e4ugt wurde und heute als vision\u00e4r erkannt wird, weil sie die M\u00f6glichkeiten des Komponierens mit Mikrointervallen exemplifiziert hat. Haas wirkte selbst bei mehreren Auff\u00fchrungen mit, unter anderem leitete er die Auff\u00fchrung von \u201eArc-en-Ciel\u201c f\u00fcr sechs Klaviere im Zw\u00f6lfteltonabstand von Ivan Wyschnegradsky, dem Pionier mikrotonalen Komponierens.<\/p>\n<p class=\"western\" style=\"padding-left: 40px;\">Graz als Ballungsraum der Musikgeschichte \u2013 darauf wies Haas selbst in seiner Festrede zur Er\u00f6ffnung des 50. Steirischen herbst 2017: \u201eIn einem \u2013 sehr seri\u00f6s durchgef\u00fchrten \u2013 Ranking der Musikzeitschrift &#8218;Classic Voice&#8216;, wo die 50 weltweit wichtigsten Komponistinnen und Komponisten des 21. Jahrhunderts aufgez\u00e4hlt wurden, sind die R\u00e4nge 1, 8, 10, 28 und 39 von Personen belegt, die entweder in der Steiermark geboren bzw. aufgewachsen sind, oder an der Kunstuniversit\u00e4t in Graz lehren, \u2013 d.h. 10 Prozent der 50 Wichtigsten sind von hier.\u201c Die Nummer 1 in dieser Umfrage, die war Haas selbst.<\/p>\n<p class=\"western\" style=\"padding-left: 40px;\">Eine Sendung im Rahmen des \u00d61 Sommerschwerpunktes \u201e\u00d6sterreicherinnen und \u00d6sterreich in der Welt\u201c.\u00a0 Gestaltung: Rainer Elstner und Marie-Therese Rudolph<\/p>\n<hr \/>\n<h2 class=\"western\">mi \u2013 09.07.2025<\/h2>\n<hr \/>\n<p class=\"western\">17:30:00 +++ \u00d61<br \/>\n<b>Musik aus allen Richtungen mit Ulla Pilz und Michael Neuhauser.<\/b><\/p>\n<p class=\"western\">22:03 \u2013 23:00 UHR +++ SWR KULTUR<br \/>\n<b>ARD Jazz. Das Magazin<\/b><\/p>\n<p class=\"western\" style=\"padding-left: 40px;\">Von Niklas Wandt. Das w\u00f6chentliche Jazz-Update, pr\u00e4sentiert von Eurer ARD: Au\u00dfergew\u00f6hnliche Ver\u00f6ffentlichungen, relevante Ereignisse und aktuelle Debatten. Wir diskutieren Jazz in allen seinen Facetten und suchen auch deutschlandweit die Orte auf, an denen er zuhause ist. Nicht verpassen.<\/p>\n<figure id=\"attachment_32772\" aria-describedby=\"caption-attachment-32772\" style=\"width: 600px\" class=\"wp-caption aligncenter\"><a href=\"https:\/\/i0.wp.com\/www.jazzzeitung.de\/cms\/wp-content\/uploads\/2025\/07\/Landschaft-bei-Hannover.jpg?ssl=1\"><img data-recalc-dims=\"1\" loading=\"lazy\" decoding=\"async\" data-attachment-id=\"32772\" data-permalink=\"https:\/\/www.jazzzeitung.de\/cms\/2025\/07\/die-eingedampfte-jazz-radiowoche-vom-07-07-2025-bis-13-07-2025\/landschaft-bei-hannover\/\" data-orig-file=\"https:\/\/i0.wp.com\/www.jazzzeitung.de\/cms\/wp-content\/uploads\/2025\/07\/Landschaft-bei-Hannover.jpg?fit=1080%2C1080&amp;ssl=1\" data-orig-size=\"1080,1080\" data-comments-opened=\"1\" data-image-meta=\"{&quot;aperture&quot;:&quot;0&quot;,&quot;credit&quot;:&quot;&quot;,&quot;camera&quot;:&quot;&quot;,&quot;caption&quot;:&quot;&quot;,&quot;created_timestamp&quot;:&quot;0&quot;,&quot;copyright&quot;:&quot;&quot;,&quot;focal_length&quot;:&quot;0&quot;,&quot;iso&quot;:&quot;0&quot;,&quot;shutter_speed&quot;:&quot;0&quot;,&quot;title&quot;:&quot;&quot;,&quot;orientation&quot;:&quot;0&quot;}\" data-image-title=\"Landschaft bei Hannover. Foto: Hufner\" data-image-description=\"&lt;p&gt;Landschaft bei Hannover. Foto: Hufner&lt;\/p&gt;\n\" data-image-caption=\"&lt;p&gt;Landschaft bei Hannover. Foto: Hufner&lt;\/p&gt;\n\" data-large-file=\"https:\/\/i0.wp.com\/www.jazzzeitung.de\/cms\/wp-content\/uploads\/2025\/07\/Landschaft-bei-Hannover.jpg?fit=600%2C600&amp;ssl=1\" class=\"size-large wp-image-32772\" src=\"https:\/\/i0.wp.com\/www.jazzzeitung.de\/cms\/wp-content\/uploads\/2025\/07\/Landschaft-bei-Hannover.jpg?resize=600%2C600&#038;ssl=1\" alt=\"Landschaft bei Hannover. Foto: Hufner\" width=\"600\" height=\"600\" srcset=\"https:\/\/i0.wp.com\/www.jazzzeitung.de\/cms\/wp-content\/uploads\/2025\/07\/Landschaft-bei-Hannover.jpg?resize=600%2C600&amp;ssl=1 600w, https:\/\/i0.wp.com\/www.jazzzeitung.de\/cms\/wp-content\/uploads\/2025\/07\/Landschaft-bei-Hannover.jpg?resize=300%2C300&amp;ssl=1 300w, https:\/\/i0.wp.com\/www.jazzzeitung.de\/cms\/wp-content\/uploads\/2025\/07\/Landschaft-bei-Hannover.jpg?resize=150%2C150&amp;ssl=1 150w, https:\/\/i0.wp.com\/www.jazzzeitung.de\/cms\/wp-content\/uploads\/2025\/07\/Landschaft-bei-Hannover.jpg?resize=768%2C768&amp;ssl=1 768w, https:\/\/i0.wp.com\/www.jazzzeitung.de\/cms\/wp-content\/uploads\/2025\/07\/Landschaft-bei-Hannover.jpg?resize=24%2C24&amp;ssl=1 24w, https:\/\/i0.wp.com\/www.jazzzeitung.de\/cms\/wp-content\/uploads\/2025\/07\/Landschaft-bei-Hannover.jpg?resize=48%2C48&amp;ssl=1 48w, https:\/\/i0.wp.com\/www.jazzzeitung.de\/cms\/wp-content\/uploads\/2025\/07\/Landschaft-bei-Hannover.jpg?resize=96%2C96&amp;ssl=1 96w, https:\/\/i0.wp.com\/www.jazzzeitung.de\/cms\/wp-content\/uploads\/2025\/07\/Landschaft-bei-Hannover.jpg?w=1080&amp;ssl=1 1080w\" sizes=\"auto, (max-width: 600px) 100vw, 600px\" \/><\/a><figcaption id=\"caption-attachment-32772\" class=\"wp-caption-text\">Landschaft bei Hannover. Foto: Hufner<\/figcaption><\/figure>\n<hr \/>\n<h2 class=\"western\">do \u2013 10.07.2025<\/h2>\n<hr \/>\n<p class=\"western\">17:30:00 +++ \u00d61<br \/>\n<b>Musik aus allen Richtungen mit Andreas Felber.<\/b><\/p>\n<p class=\"western\">22:03 \u2013 23:00 UHR +++ SWR KULTUR<br \/>\n<b>Jazz and More<\/b><\/p>\n<p class=\"western\" style=\"padding-left: 40px;\">Von Daniella Baumeister. Ja was haben wir denn da?! Neue Alben aus dem Jazz und seinen Randgebieten. Ob Blues, Neo-Klassik, Global-Pop oder freie Improvisation \u2013 hier darf alles mitmischen. (\u00dcbernahme von hr2-kultur).<\/p>\n<p class=\"western\">23:03 bis 00:00 Uhr +++ BR-KLASSIK<br \/>\n<b>Horizonte: der\/gelbe\/klang: Musik von Minas Borboudakis<\/b><\/p>\n<p class=\"western\" style=\"padding-left: 40px;\">Minas Borboudakis: \u201eThreads\u201c (Katerina Giannitsioti, Violoncello); \u201eLight &amp; Ashes\u201c (Oliver Klenk, Klarinette; Mathis Nitschke, Klangregie); \u201eChrysalis\u201c (Mathias Lachenmayr, Vibrafon); &#8222;Le Cri de Marsyas (Claire Sirjacobs, Oboe; Mathis Nitschke, Klangregie)<\/p>\n<hr \/>\n<h2 class=\"western\">fr \u2013 11.07.2025<\/h2>\n<hr \/>\n<p class=\"western\">14:05:00 +++ \u00d61<br \/>\n<b>S\u00e4nger Jimmy Scott im Jahr 2000 im Schloss Esterhazy in Eisenstadt<\/b><\/p>\n<p class=\"western\" style=\"padding-left: 40px;\">Die raue Sopranstimme von James Victor \u201eJimmy\u201c Scott hat niemanden kalt gelassen. Aufgrund einer seltenen Erbkrankheit fiel seine Pubert\u00e4t aus, Scott kam nie in den Stimmbruch. F\u00fcr die einen hatte er die Stimme eines Engels, f\u00fcr die anderen war es unangenehm, einem erwachsenen Kind beim Singen zuzuh\u00f6ren. Mit 13 Jahren verlor Jimmy Scott seine geliebte Mutter durch einen Autounfall: Ein weiterer Grund, weshalb seine Stimme oft als eine des Schmerzes bezeichnet wurde.<\/p>\n<p class=\"western\" style=\"padding-left: 40px;\">Am 26. Juli 2000 trat Scott zusammen mit dem Pianisten Michael Kanan, dem Kontrabassisten Hilliard Greene und dem Schlagzeuger Dwayne \u201eCook\u201c Broadnax im Schloss Esterhazy in Eisenstadt auf, im Rahmen des Jazzfestivals Wiesen. Standards aus dem Great American Songbook wie \u201eAll of Me\u201c oder \u201eAll The Way\u201c waren ebenso zu h\u00f6ren wie der alte Spiritual-Song \u201eSometimes I Feel Like a Motherless Child\u201c. Am 17. Juli j\u00e4hrt sich der Geburtstag des 2014 verstorbenen Jimmy Scott zum 100. Mal.<\/p>\n<p class=\"western\">17:30:00 +++ \u00d61<br \/>\n<b>Musik aus allen Richtungen mit Johann Kneihs.<\/b><\/p>\n<p class=\"western\">23:03:00 +++ \u00d61<br \/>\n<b>\u201efreiStil\u201c im Zeit-Ton Portr\u00e4t \u2013 20 Jahre Musik-Magazin \u201efreiStil\u201c. Periphere Sounds im Zentrum.<\/b><\/p>\n<p class=\"western\" style=\"padding-left: 40px;\">\u201eMagazin f\u00fcr Musik und Umgebung\u201c, so der programmatische Untertitel des seit Mai 2005 erscheinenden \u201efreiStil\u201c. Eine seiner Besonderheiten ist der hohe Anteil an Musikerinnen und K\u00fcnstlern, die alle zwei Monate die internationale und besonders die \u00f6sterreichische Szene zwischen Improvisation, Jazz und experimenteller (Elektronik-)Musik beleuchten. Zudem: Labels, Veranstaltungsorte und viele Rezensionen \u00fcber Literatur und Alben. Im Zeit-Ton erz\u00e4hlt Andreas \u201eFelix\u201c Fellinger, Gr\u00fcnder und Herausgeber des \u201efreiStil\u201c, \u00fcber 20 Jahre Magazin-Journalismus.<\/p>\n<p class=\"western\" style=\"padding-left: 40px;\">In Wels gegr\u00fcndet und seit 2012 in Wien produziert, besch\u00e4ftigt sich \u201efreiStil\u201c mit Musik \u201eohne zwischen verschiedenen Genres qualitative Unterschiede zu machen, sowie um deren gesellschaftliche und \u00e4sthetische Umgebungen\u201c, stellt Andreas \u201eFelix\u201c Fellinger fest. Gut drei Viertel der anfallenden Agenden werden von ihm \u00fcbernommen, die zehn bis 15 \u201efreiStil\u201c-Autorinnen und -Autoren kommen aus \u00d6sterreich und Deutschland.<\/p>\n<p class=\"western\" style=\"padding-left: 40px;\">Das Magazin ist kleinunternehmerisch organisiert, wodurch es politisch und wirtschaftlich autark ist. Aufgelegt wird es im Fachhandel wie in Plattenl\u00e4den und Kulturzentren sowie auf Festivals wie den Konfrontationen, dem Unlimited oder dem Ulrichsberger Kaleidophon.<\/p>\n<p class=\"western\" style=\"padding-left: 40px;\">Musik freier Stile: In diesem Umfeld kristallisierte sich bei dem aus Gmunden stammenden Buchh\u00e4ndler und Musik-Autor Andreas Fellinger vor mittlerweile 20 Jahren die Absicht, die gro\u00dfe, stark vernetzte und \u00e4u\u00dferst produktive\u00a0Improv-, Jazz- und Noise-Szene in einem regelm\u00e4\u00dfig erscheinenden Magazin abzubilden. \u201efreiStil\u201c ist eines der letzten verbliebenen Musik-Magazine \u00d6sterreichs, das in Papierform erscheint. Die Online-Auftritt wird \u00fcber das klingt.org-Netzwerk abgewickelt.<\/p>\n<p class=\"western\" style=\"padding-left: 40px;\">St\u00e4ndige Rubriken sind Portr\u00e4ts und Interviews mit international wichtigen Musikschaffenden, dazu gibt es Label- und Locations-Berichte sowie Live- und Plattenrezensionen. Und das mit feministischen Schwerpunkten, aus denen u.a. die Compilation-Reihe \u201eDAMN!\u00a0freiStil-Samplerinnen\u201c entstanden ist. In einer Selbstbeschreibung war einmal zu lesen: Von \u201eA\u201c wie Peter Ablinger bis \u201eZ\u201c wie John Zorn.<\/p>\n<p class=\"western\" style=\"padding-left: 40px;\">Im Zeit-Ton Portr\u00e4t berichtet Andreas Fellinger, 20 Jahre ein unabh\u00e4ngiges Musik-Magazin zu gestalten, mehrmals in der Woche auf Veranstaltungen zu gehen und dem Engagement f\u00fcr Musik und Kunst feien Stils. Gestaltung: Heinrich Deisl<\/p>\n<hr \/>\n<h2 class=\"western\">sa \u2013 12.07.2025<\/h2>\n<hr \/>\n<p class=\"western\">18:20 \u2013 19:00 UHR +++ SWR KULTUR<br \/>\n<b>Jazz: Homezone \u2013 Jazz in S\u00fcdwest. Das Trio Illumina beim Jazzcollege in Mainz (3\/3) Jazz College (3\/3)<\/b><\/p>\n<p class=\"western\" style=\"padding-left: 40px;\">Von Konrad Bott. Am 13. Mai fand das siebte SWR Jazz College statt, ein Konzertabend mit jungen Musiker*innen aus den Jazzinstituten im Sendegebiet. Ein Heimspiel dieses Mal f\u00fcr das Trio Illumina der Bassistin Mina Lichtenberg. Einfl\u00fcsse aus dem Jazz, der klassischen Klaviermusik und der kolumbianischen Folklore flie\u00dfen hier ineinander. Schalten Sie ein und genie\u00dfen Sie das filigrane empathische Zusammenspiel der Mainzer Formation!.<\/p>\n<p class=\"western\">22:05:00 +++ \u00d61<br \/>\n<b>Neuigkeiten aus der Welt des Jazz<\/b><\/p>\n<p class=\"western\" style=\"padding-left: 40px;\">Konzertempfehlungen f\u00fcr die kommende Woche, Buchbesprechungen, Kurznachrufe und aktuelle Meldungen.<\/p>\n<p class=\"western\">23:03 \u2013 00:00 UHR +++ SWR KULTUR<br \/>\n<b>ARD Radiofestival. Jazz: Dhafer Youssef beim Jazzfestival \u201efill in\u201c Saarbr\u00fccken<\/b><\/p>\n<p class=\"western\" style=\"padding-left: 40px;\">Von Karsten Neuschwender. Die Juroren des Preises der Deutschen Schallplattenkritik haben von einem Wunder gesprochen. Dhafer Youssefs Album \u201eStreets of Minaretts\u201c verbindet ph\u00e4nomenal Jazz und Sufi Mystik. Der tunesische S\u00e4nger und Oud-Spieler gibt sich ganz den orientalischen ornamentalen Melodien hin, integriert diese in ein Gesamtkunstwerk mit Jazz und Funk mit klaren Ankl\u00e4ngen an die 70er Jahre. Mit seiner aktuellen Band schuf Dhafer Youssef beim Internationalen Jazzfestival fill in in Saarbr\u00fccken ein lebendiges Statement von Musik als Ausdruck globaler Einheit..<\/p>\n<p class=\"western\">23:03:00 +++ \u00d61<br \/>\n<b>Der Salzburger Jazzaktivist Adi J\u00fcstel im Gespr\u00e4ch, das Trio Johnology aus Budapest beim Jazzfestival Leibnitz 2024<\/b><\/p>\n<p class=\"western\" style=\"padding-left: 40px;\">Adi J\u00fcstel als ein St\u00fcck Salzburger Jazzgeschichte zu bezeichnen, ist w\u00fcrdig und recht: Der geb\u00fcrtige Wagrainer kam unmittelbar nach Kriegsende \u00fcber US-amerikanische Besatzungssoldaten mit swingenden Kl\u00e4ngen in Ber\u00fchrung, seit seiner Jugend ist er selbst als Hobbymusiker aktiv \u2013 ab den 1950er Jahren als Trompeter bei den Salzach River Stompers, ab Mitte der 1970er als Pianist im bis heute existierenden Adi J\u00fcstel Latin Swing Express. Zudem leitete er mit dem Mexicano-Keller (1973-97) und dem Salzburger Altstadtkeller jahrzehntelang wichtige Jazz-Treffpunkte in der Stadt Salzburg. J\u00fcstel gelang es im Jahr 1977 auch, Ella Fitzgerald f\u00fcr ein Konzert im Gro\u00dfen Festspielhaus nach Salzburg zu holen. Der mittlerweile 85-J\u00e4hrige ist bis heute aktiv, als Gast von Andreas Felber spricht Adi J\u00fcstel \u00fcber Erinnerungen an die Zeit, als der Jazz nach Salzburg kam, und aktuelle musikalische Taten.<\/p>\n<p class=\"western\" style=\"padding-left: 40px;\">Im Anschluss ist das Konzert des Trio Johnology beim Jazzfestival Leibnitz am 28. September 2024 zu h\u00f6ren. Dahinter steht die Formation des ebenso jungen wie talentierten ungarischen Pianisten J\u00e1nos Egri Jr. Neben ihm standen in Leibnitz Vater J\u00e1nos Egri Sr. (E-Bass), seines Zeichens eine Institution des ungarischen Jazz, sowie Chris Parker (Schlagzeug) auf der B\u00fchne. Zu h\u00f6ren waren energievolle Eigenkompositionen und eine Version von John Coltranes \u201eCountdown\u201c.<\/p>\n<hr \/>\n<h2 class=\"western\">so \u2013 13.07.2025<\/h2>\n<hr \/>\n<p class=\"western\">00:05:00 +++ \u00d61<br \/>\n<b>(Fortsetzung); Der Salzburger Jazzaktivist Adi J\u00fcstel im Gespr\u00e4ch, das Trio Johnology aus Budapest beim Jazzfestival Leibnitz 2024<\/b><\/p>\n<p class=\"western\">03:03:00 +++ \u00d61<br \/>\n<b>Mit klingenden Kulinarien in den Sonntag-Morgen<\/b><\/p>\n<p class=\"western\" style=\"padding-left: 40px;\">Klassiker und Fundst\u00fccke aus 100 Jahren Jazzgeschichte (Wiederholung).<\/p>\n<p class=\"western\">17:10:00 +++ \u00d61<br \/>\n<b>Johnny Parth und sein Label: \u201eDocument Records\u201c<\/b><\/p>\n<p class=\"western\" style=\"padding-left: 40px;\">Eingeweihte erkennen die Covers schon von weitem: mit ihrem einheitlichen Design in schlichtem Schwarz-Wei\u00df und der quadratischen Zierleiste rund um Titel und alte Schwarzwei\u00df-Fotos wirken diese LPs und CDs wie eine bewusste Gegenthese zu \u201eCoffee-Table-Schallplatten\u201c. Auch der gro\u00df gedruckte, n\u00fcchterne Name des 1985 gegr\u00fcndeten Labels \u201eDocument Records\u201c unterstreicht: hier geht es nicht um Zeitgeist, sondern um m\u00f6glichst akkurate Dokumentation von Musik, deren alter Glanz und bleibender Wert dann f\u00fcr sich selbst sprechen. Und wie viele Sch\u00e4tze verbergen sich da in weit \u00fcber tausend Ver\u00f6ffentlichungen \u2013 \u201ecompiled and produced by Johnny Parth, Eipeldauerstr. 23\/43\/5, A-1220 Vienna, Austria\u201c.<\/p>\n<p class=\"western\" style=\"padding-left: 40px;\">Es hat immer wieder f\u00fcr Verwunderung und Schmunzeln gesorgt, dass ausgerechnet ein \u00d6sterreicher hinter dem ambitionierten Projekt steht, alle zwischen 1902 und 1942 entstandenen, oft nicht in Reissues erh\u00e4ltlichen Aufnahmen afroamerikanischer K\u00fcnstlerinnen und K\u00fcnstler in den Bereichen Blues und Gospel neu zu ver\u00f6ffentlichen. Genau das hat der 1930 geborene Ottakringer Johann Ferdinand Parth tats\u00e4chlich gemacht, gemeinsam mit seiner Frau und transatlantischer Unterst\u00fctzung von seelenverwandten Musikforschern und -sammlern wie Chris Strachwitz (der \u00fcbrigens ein geb\u00fcrtiger Schlesier war!). Der Name Johnny Parth steht aber auch hinter vielen weiteren Ver\u00f6ffentlichungen, von Hillbilly-Musik \u00fcber Flamenco und Wienerlied bis hin zu Aufnahmen der zeitgen\u00f6ssischen heimischen Blues- und Jazzszene.<\/p>\n<p class=\"western\" style=\"padding-left: 40px;\">Heuer am 8. Mai ist Johnny Parth 95-j\u00e4hrig verstorben. Der internationale Dank und Respekt f\u00fcr sein unsch\u00e4tzbar wertvolles Erbe werden seinen Namen noch lange in Ehren halten.<\/p>\n<p class=\"western\">19:05:00 +++ \u00d61<br \/>\n<b>Hot Brew im Studio 2 des Wiener RadioKulturhauses<\/b><\/p>\n<p class=\"western\" style=\"padding-left: 40px;\">Die Herren von Hot Brew bezeichnen sich selbst als \u201evierk\u00f6pfige Bigband\u201c. Saxofonist Step\u00e1n Flagar, Akkordeonist Vojta Drnek und Gitarrist Jan Lacina stammen aus Tschechien, der rum\u00e4nische Kontrabassist Michael Acker lebt schon seit mehreren Jahren in Wien. Diese Besetzung ist ungew\u00f6hnlich, besonders f\u00fcr ein Quartett, das bevorzugt St\u00fccke aus der Swing-\u00c4ra interpretiert. Deshalb klingen Nummern wie \u201eLil&#8216; Darlin&#8217;\u201c von Neal Hefti oder \u201eSix Appeal\u201c von Benny Goodman frisch und unverbraucht und oft auch richtig \u201ehot\u201c. Ob es nun ein langsamer Blues ist, die Bearbeitung eines wohlbekannten Bigband-Hits oder eine rasante Swing-Komposition: Hot Brew bringen die F\u00fc\u00dfe der H\u00f6rerinnen und H\u00f6rer zumindest zum Mitwippen, oft auch zum Tanzen. Und das ganz ohne Schlagzeug.<\/p>\n<p class=\"western\">19:39 \u2013 20:00 UHR +++ SWR KULTUR<br \/>\n<b>Big Time Jazz. Jazz-Orchester, Big Band, Oktett \u2013 hier kommt Musik mit Vielen!<\/b><\/p>\n<p class=\"western\" style=\"padding-left: 40px;\">Im Big Time Jazz stellen wir f\u00fcr Sie interessante und sch\u00f6ne Kl\u00e4nge zusammen \u2013 von gro\u00dfen Ensembles aus dem Jazz und der improvisierten Musik. Wir bergen Archivaufnahmen und durchforsten Neuver\u00f6ffentlichungen f\u00fcr eine Zeit, die ganz den gro\u00dfen Kl\u00e4ngen geh\u00f6rt..<\/p>\n<p class=\"western\">23:03:00 +++ \u00d61<br \/>\n<b>Zehn Jahre Shape (Teil 2) \u2013 R\u00fcckblick auf zehn inspirierende Jahre mit unseren Shape Partner Festivals<\/b><\/p>\n<p class=\"western\" style=\"padding-left: 40px;\">Im Dezember 2014 gr\u00fcndete das ORF Festival musikprotokoll im steirischen herbst gemeinsam mit f\u00fcnfzehn artverwandten Festivals in ganz Europa (darunter etwa das CTM Festival, Unsound, Skanu Mezs und das UH Fest) die Plattform Shape f\u00fcr spannende neue Projekte aus dem Bereich der Musik und audiovisuellen Kunst. Zwei Mal wurde das urspr\u00fcnglich f\u00fcr drei Jahre angelegte Projekt aufgrund seines Erfolges von der EU mit einer weiteren F\u00f6rderung bedacht. Nun gelangt Shape Mitte Juli nach zehn Jahren zu seinem Ende.<\/p>\n<p class=\"western\" style=\"padding-left: 40px;\">Jedes Jahr nominierte jedes Festival drei Musiker:innen bzw. Musikformationen, auf die dann jeweils zw\u00f6lf Monate lang die Shape Scheinwerfer gerichtet waren. Im Zentrum standen Auftritte bei den diversen Veranstaltungen der Shape Mitglieder. Es wurden aber auch Workshops, Diskursveranstaltungen und Showcases bei befreundeten Festivals initiiert, die sich jenseits der Grenzen der Europ\u00e4ischen Union befinden, wie etwa beim Mutek Festival in Montreal, beim Gamma Festival in St. Petersburg, beim Novas Frequencias Festival in Rio de Janeiro oder beim Nyege Nyege Festival in Jinja. Einmal im Jahr fand weiters eine Shape Academy statt, bei der die jeweiligen Shape Artists nicht zuletzt die M\u00f6glichkeit hatten einander kennenzulernen. Begleitet wurde all das von einer intensiven Berichterstattung, etwa auf der Shape Website, den diversen einschl\u00e4gigen Social Media Plattformen oder Radiosendern wie Resonance FM und nat\u00fcrlich ORF \u00d61. Auf der Shape Website finden sich u.a. hunderte Interviews, die Lucia Udvardyova im Rahmen der Serie \u201eShape Artist of the Week\u201c gef\u00fchrt hat, eine Auswahl davon erschien immer Ende des Shape Jahres in einem kleinen B\u00fcchlein. Auch eine Shape Compilation wurde jedes Jahr ver\u00f6ffentlicht, als Beilage zum Musikmagazin The Wire.<\/p>\n<p class=\"western\" style=\"padding-left: 40px;\">\u00dcber 500 Musikerinnen, Musiker und Musik-Formationen haben w\u00e4hrend der vergangenen zehn Jahre an den Programmen der Shape Plattform teilgenommen. Auch wir vom ORF musikprotokoll hatten \u00fcber Shape nicht nur die M\u00f6glichkeit in \u00d6sterreich lebenden Musikschaffenden zu mehr internationaler Bekanntheit zu verhelfen, durch unsere Shape Kolleg:innen haben wir zahlreiche Neuentdeckungen gemacht, die das Programm unseres Festivals und nat\u00fcrlich auch unserer Sendereihen \u00d61 Zeit-Ton und \u00d61 Supernova ma\u00dfgeblich bereichert haben. Im den beiden Ausgaben von Supernova diesen und kommenden Sonntag m\u00f6chten wir Ihnen einige ausgesuchte Programm-Highlights noch einmal ausschnittsweise pr\u00e4sentieren. Gestaltung: Susanna Niedermayr<\/p>\n","protected":false},"excerpt":{"rendered":"<p>Jazz im Radio \u2013 Jeden Sonntag gibt es um 12 Uhr unsere \u00dcbersicht f\u00fcr die jeweils nachfolgende Woche. Die #Jazz-Radiowoche vom 7.07. bis zum 13.07.2025. Erheblich ausged\u00fcnnt. Auch als PDF zum Download \u2013 #Jazz #JazzZeitung #Radio #Radiowoche \u2013 Ein Service unserer Online-Redaktion.<\/p>\n","protected":false},"author":1,"featured_media":32772,"comment_status":"open","ping_status":"open","sticky":false,"template":"","format":"standard","meta":{"_jetpack_memberships_contains_paid_content":false,"footnotes":"","jetpack_publicize_message":"","jetpack_publicize_feature_enabled":true,"jetpack_social_post_already_shared":true,"jetpack_social_options":{"image_generator_settings":{"template":"highway","default_image_id":0,"font":"","enabled":false},"version":2}},"categories":[633,452],"tags":[3773,1629],"coauthors":[650],"class_list":["post-32771","post","type-post","status-publish","format-standard","has-post-thumbnail","hentry","category-nachrichten","category-radio","tag-die-radiowoche","tag-jazz-im-radio"],"yoast_head":"<!-- This site is optimized with the Yoast SEO plugin v27.4 - https:\/\/yoast.com\/product\/yoast-seo-wordpress\/ -->\n<title>Die eingedampfte Jazz-Radiowoche vom 07.07.2025 bis 13.07.2025 - JazzZeitung<\/title>\n<meta name=\"robots\" content=\"index, follow, max-snippet:-1, max-image-preview:large, max-video-preview:-1\" \/>\n<link rel=\"canonical\" href=\"https:\/\/www.jazzzeitung.de\/cms\/2025\/07\/die-eingedampfte-jazz-radiowoche-vom-07-07-2025-bis-13-07-2025\/\" \/>\n<meta property=\"og:locale\" content=\"de_DE\" \/>\n<meta property=\"og:type\" content=\"article\" \/>\n<meta property=\"og:title\" content=\"Die eingedampfte Jazz-Radiowoche vom 07.07.2025 bis 13.07.2025 - JazzZeitung\" \/>\n<meta property=\"og:description\" content=\"Jazz im Radio \u2013 Jeden Sonntag gibt es um 12 Uhr unsere \u00dcbersicht f\u00fcr die jeweils nachfolgende Woche. Die #Jazz-Radiowoche vom 7.07. bis zum 13.07.2025. Erheblich ausged\u00fcnnt. Auch als PDF zum Download \u2013 #Jazz #JazzZeitung #Radio #Radiowoche \u2013 Ein Service unserer Online-Redaktion.\" \/>\n<meta property=\"og:url\" content=\"https:\/\/www.jazzzeitung.de\/cms\/2025\/07\/die-eingedampfte-jazz-radiowoche-vom-07-07-2025-bis-13-07-2025\/\" \/>\n<meta property=\"og:site_name\" content=\"JazzZeitung\" \/>\n<meta property=\"article:publisher\" content=\"https:\/\/www.facebook.com\/JazzZeitung\/\" \/>\n<meta property=\"article:author\" content=\"https:\/\/www.facebook.com\/hufner\" \/>\n<meta property=\"article:published_time\" content=\"2025-07-06T10:00:53+00:00\" \/>\n<meta property=\"og:image\" content=\"https:\/\/i0.wp.com\/www.jazzzeitung.de\/cms\/wp-content\/uploads\/2025\/07\/Landschaft-bei-Hannover.jpg?fit=1080%2C1080&ssl=1\" \/>\n\t<meta property=\"og:image:width\" content=\"1080\" \/>\n\t<meta property=\"og:image:height\" content=\"1080\" \/>\n\t<meta property=\"og:image:type\" content=\"image\/jpeg\" \/>\n<meta name=\"author\" content=\"Martin Hufner\" \/>\n<script type=\"application\/ld+json\" class=\"yoast-schema-graph\">{\"@context\":\"https:\\\/\\\/schema.org\",\"@graph\":[{\"@type\":\"Article\",\"@id\":\"https:\\\/\\\/www.jazzzeitung.de\\\/cms\\\/2025\\\/07\\\/die-eingedampfte-jazz-radiowoche-vom-07-07-2025-bis-13-07-2025\\\/#article\",\"isPartOf\":{\"@id\":\"https:\\\/\\\/www.jazzzeitung.de\\\/cms\\\/2025\\\/07\\\/die-eingedampfte-jazz-radiowoche-vom-07-07-2025-bis-13-07-2025\\\/\"},\"author\":{\"name\":\"Martin Hufner\",\"@id\":\"https:\\\/\\\/www.jazzzeitung.de\\\/cms\\\/#\\\/schema\\\/person\\\/b9a4e5ac765d94fb8f617bfa8f1fc5f7\"},\"headline\":\"Die eingedampfte Jazz-Radiowoche vom 07.07.2025 bis 13.07.2025\",\"datePublished\":\"2025-07-06T10:00:53+00:00\",\"mainEntityOfPage\":{\"@id\":\"https:\\\/\\\/www.jazzzeitung.de\\\/cms\\\/2025\\\/07\\\/die-eingedampfte-jazz-radiowoche-vom-07-07-2025-bis-13-07-2025\\\/\"},\"wordCount\":3083,\"commentCount\":0,\"publisher\":{\"@id\":\"https:\\\/\\\/www.jazzzeitung.de\\\/cms\\\/#organization\"},\"image\":{\"@id\":\"https:\\\/\\\/www.jazzzeitung.de\\\/cms\\\/2025\\\/07\\\/die-eingedampfte-jazz-radiowoche-vom-07-07-2025-bis-13-07-2025\\\/#primaryimage\"},\"thumbnailUrl\":\"https:\\\/\\\/i0.wp.com\\\/www.jazzzeitung.de\\\/cms\\\/wp-content\\\/uploads\\\/2025\\\/07\\\/Landschaft-bei-Hannover.jpg?fit=1080%2C1080&ssl=1\",\"keywords\":[\"Die Radiowoche\",\"Jazz im Radio\"],\"articleSection\":[\"News\",\"Radio\"],\"inLanguage\":\"de\",\"potentialAction\":[{\"@type\":\"CommentAction\",\"name\":\"Comment\",\"target\":[\"https:\\\/\\\/www.jazzzeitung.de\\\/cms\\\/2025\\\/07\\\/die-eingedampfte-jazz-radiowoche-vom-07-07-2025-bis-13-07-2025\\\/#respond\"]}]},{\"@type\":\"WebPage\",\"@id\":\"https:\\\/\\\/www.jazzzeitung.de\\\/cms\\\/2025\\\/07\\\/die-eingedampfte-jazz-radiowoche-vom-07-07-2025-bis-13-07-2025\\\/\",\"url\":\"https:\\\/\\\/www.jazzzeitung.de\\\/cms\\\/2025\\\/07\\\/die-eingedampfte-jazz-radiowoche-vom-07-07-2025-bis-13-07-2025\\\/\",\"name\":\"Die eingedampfte Jazz-Radiowoche vom 07.07.2025 bis 13.07.2025 - JazzZeitung\",\"isPartOf\":{\"@id\":\"https:\\\/\\\/www.jazzzeitung.de\\\/cms\\\/#website\"},\"primaryImageOfPage\":{\"@id\":\"https:\\\/\\\/www.jazzzeitung.de\\\/cms\\\/2025\\\/07\\\/die-eingedampfte-jazz-radiowoche-vom-07-07-2025-bis-13-07-2025\\\/#primaryimage\"},\"image\":{\"@id\":\"https:\\\/\\\/www.jazzzeitung.de\\\/cms\\\/2025\\\/07\\\/die-eingedampfte-jazz-radiowoche-vom-07-07-2025-bis-13-07-2025\\\/#primaryimage\"},\"thumbnailUrl\":\"https:\\\/\\\/i0.wp.com\\\/www.jazzzeitung.de\\\/cms\\\/wp-content\\\/uploads\\\/2025\\\/07\\\/Landschaft-bei-Hannover.jpg?fit=1080%2C1080&ssl=1\",\"datePublished\":\"2025-07-06T10:00:53+00:00\",\"breadcrumb\":{\"@id\":\"https:\\\/\\\/www.jazzzeitung.de\\\/cms\\\/2025\\\/07\\\/die-eingedampfte-jazz-radiowoche-vom-07-07-2025-bis-13-07-2025\\\/#breadcrumb\"},\"inLanguage\":\"de\",\"potentialAction\":[{\"@type\":\"ReadAction\",\"target\":[\"https:\\\/\\\/www.jazzzeitung.de\\\/cms\\\/2025\\\/07\\\/die-eingedampfte-jazz-radiowoche-vom-07-07-2025-bis-13-07-2025\\\/\"]}]},{\"@type\":\"ImageObject\",\"inLanguage\":\"de\",\"@id\":\"https:\\\/\\\/www.jazzzeitung.de\\\/cms\\\/2025\\\/07\\\/die-eingedampfte-jazz-radiowoche-vom-07-07-2025-bis-13-07-2025\\\/#primaryimage\",\"url\":\"https:\\\/\\\/i0.wp.com\\\/www.jazzzeitung.de\\\/cms\\\/wp-content\\\/uploads\\\/2025\\\/07\\\/Landschaft-bei-Hannover.jpg?fit=1080%2C1080&ssl=1\",\"contentUrl\":\"https:\\\/\\\/i0.wp.com\\\/www.jazzzeitung.de\\\/cms\\\/wp-content\\\/uploads\\\/2025\\\/07\\\/Landschaft-bei-Hannover.jpg?fit=1080%2C1080&ssl=1\",\"width\":1080,\"height\":1080,\"caption\":\"Landschaft bei Hannover. Foto: Hufner\"},{\"@type\":\"BreadcrumbList\",\"@id\":\"https:\\\/\\\/www.jazzzeitung.de\\\/cms\\\/2025\\\/07\\\/die-eingedampfte-jazz-radiowoche-vom-07-07-2025-bis-13-07-2025\\\/#breadcrumb\",\"itemListElement\":[{\"@type\":\"ListItem\",\"position\":1,\"name\":\"Startseite\",\"item\":\"https:\\\/\\\/www.jazzzeitung.de\\\/cms\\\/\"},{\"@type\":\"ListItem\",\"position\":2,\"name\":\"Die eingedampfte Jazz-Radiowoche vom 07.07.2025 bis 13.07.2025\"}]},{\"@type\":\"WebSite\",\"@id\":\"https:\\\/\\\/www.jazzzeitung.de\\\/cms\\\/#website\",\"url\":\"https:\\\/\\\/www.jazzzeitung.de\\\/cms\\\/\",\"name\":\"JazzZeitung\",\"description\":\"Jazz-News und Jazz-Kontroverses\",\"publisher\":{\"@id\":\"https:\\\/\\\/www.jazzzeitung.de\\\/cms\\\/#organization\"},\"potentialAction\":[{\"@type\":\"SearchAction\",\"target\":{\"@type\":\"EntryPoint\",\"urlTemplate\":\"https:\\\/\\\/www.jazzzeitung.de\\\/cms\\\/?s={search_term_string}\"},\"query-input\":{\"@type\":\"PropertyValueSpecification\",\"valueRequired\":true,\"valueName\":\"search_term_string\"}}],\"inLanguage\":\"de\"},{\"@type\":\"Organization\",\"@id\":\"https:\\\/\\\/www.jazzzeitung.de\\\/cms\\\/#organization\",\"name\":\"JazzZeitung online\",\"url\":\"https:\\\/\\\/www.jazzzeitung.de\\\/cms\\\/\",\"logo\":{\"@type\":\"ImageObject\",\"inLanguage\":\"de\",\"@id\":\"https:\\\/\\\/www.jazzzeitung.de\\\/cms\\\/#\\\/schema\\\/logo\\\/image\\\/\",\"url\":\"https:\\\/\\\/i0.wp.com\\\/www.jazzzeitung.de\\\/cms\\\/wp-content\\\/uploads\\\/2015\\\/08\\\/JAZZZEITUNGDE_Logo_Neu.png?fit=499%2C200&ssl=1\",\"contentUrl\":\"https:\\\/\\\/i0.wp.com\\\/www.jazzzeitung.de\\\/cms\\\/wp-content\\\/uploads\\\/2015\\\/08\\\/JAZZZEITUNGDE_Logo_Neu.png?fit=499%2C200&ssl=1\",\"width\":499,\"height\":200,\"caption\":\"JazzZeitung online\"},\"image\":{\"@id\":\"https:\\\/\\\/www.jazzzeitung.de\\\/cms\\\/#\\\/schema\\\/logo\\\/image\\\/\"},\"sameAs\":[\"https:\\\/\\\/www.facebook.com\\\/JazzZeitung\\\/\"]},{\"@type\":\"Person\",\"@id\":\"https:\\\/\\\/www.jazzzeitung.de\\\/cms\\\/#\\\/schema\\\/person\\\/b9a4e5ac765d94fb8f617bfa8f1fc5f7\",\"name\":\"Martin Hufner\",\"image\":{\"@type\":\"ImageObject\",\"inLanguage\":\"de\",\"@id\":\"https:\\\/\\\/i0.wp.com\\\/www.jazzzeitung.de\\\/cms\\\/wp-content\\\/uploads\\\/2013\\\/07\\\/huf-06.jpg?resize=96%2C96&ssl=15fcc31aa94540751a3b804516452be00\",\"url\":\"https:\\\/\\\/i0.wp.com\\\/www.jazzzeitung.de\\\/cms\\\/wp-content\\\/uploads\\\/2013\\\/07\\\/huf-06.jpg?resize=96%2C96&ssl=1\",\"contentUrl\":\"https:\\\/\\\/i0.wp.com\\\/www.jazzzeitung.de\\\/cms\\\/wp-content\\\/uploads\\\/2013\\\/07\\\/huf-06.jpg?resize=96%2C96&ssl=1\",\"caption\":\"Martin Hufner\"},\"description\":\"Martin Hufner ist freier Autor der JazzZeitung.\",\"sameAs\":[\"https:\\\/\\\/www.kritische-masse.de\\\/logbuch\",\"https:\\\/\\\/www.facebook.com\\\/hufner\"],\"url\":\"https:\\\/\\\/www.jazzzeitung.de\\\/cms\\\/author\\\/admin\\\/\"}]}<\/script>\n<!-- \/ Yoast SEO plugin. -->","yoast_head_json":{"title":"Die eingedampfte Jazz-Radiowoche vom 07.07.2025 bis 13.07.2025 - JazzZeitung","robots":{"index":"index","follow":"follow","max-snippet":"max-snippet:-1","max-image-preview":"max-image-preview:large","max-video-preview":"max-video-preview:-1"},"canonical":"https:\/\/www.jazzzeitung.de\/cms\/2025\/07\/die-eingedampfte-jazz-radiowoche-vom-07-07-2025-bis-13-07-2025\/","og_locale":"de_DE","og_type":"article","og_title":"Die eingedampfte Jazz-Radiowoche vom 07.07.2025 bis 13.07.2025 - JazzZeitung","og_description":"Jazz im Radio \u2013 Jeden Sonntag gibt es um 12 Uhr unsere \u00dcbersicht f\u00fcr die jeweils nachfolgende Woche. Die #Jazz-Radiowoche vom 7.07. bis zum 13.07.2025. Erheblich ausged\u00fcnnt. Auch als PDF zum Download \u2013 #Jazz #JazzZeitung #Radio #Radiowoche \u2013 Ein Service unserer Online-Redaktion.","og_url":"https:\/\/www.jazzzeitung.de\/cms\/2025\/07\/die-eingedampfte-jazz-radiowoche-vom-07-07-2025-bis-13-07-2025\/","og_site_name":"JazzZeitung","article_publisher":"https:\/\/www.facebook.com\/JazzZeitung\/","article_author":"https:\/\/www.facebook.com\/hufner","article_published_time":"2025-07-06T10:00:53+00:00","og_image":[{"width":1080,"height":1080,"url":"https:\/\/i0.wp.com\/www.jazzzeitung.de\/cms\/wp-content\/uploads\/2025\/07\/Landschaft-bei-Hannover.jpg?fit=1080%2C1080&ssl=1","type":"image\/jpeg"}],"author":"Martin Hufner","schema":{"@context":"https:\/\/schema.org","@graph":[{"@type":"Article","@id":"https:\/\/www.jazzzeitung.de\/cms\/2025\/07\/die-eingedampfte-jazz-radiowoche-vom-07-07-2025-bis-13-07-2025\/#article","isPartOf":{"@id":"https:\/\/www.jazzzeitung.de\/cms\/2025\/07\/die-eingedampfte-jazz-radiowoche-vom-07-07-2025-bis-13-07-2025\/"},"author":{"name":"Martin Hufner","@id":"https:\/\/www.jazzzeitung.de\/cms\/#\/schema\/person\/b9a4e5ac765d94fb8f617bfa8f1fc5f7"},"headline":"Die eingedampfte Jazz-Radiowoche vom 07.07.2025 bis 13.07.2025","datePublished":"2025-07-06T10:00:53+00:00","mainEntityOfPage":{"@id":"https:\/\/www.jazzzeitung.de\/cms\/2025\/07\/die-eingedampfte-jazz-radiowoche-vom-07-07-2025-bis-13-07-2025\/"},"wordCount":3083,"commentCount":0,"publisher":{"@id":"https:\/\/www.jazzzeitung.de\/cms\/#organization"},"image":{"@id":"https:\/\/www.jazzzeitung.de\/cms\/2025\/07\/die-eingedampfte-jazz-radiowoche-vom-07-07-2025-bis-13-07-2025\/#primaryimage"},"thumbnailUrl":"https:\/\/i0.wp.com\/www.jazzzeitung.de\/cms\/wp-content\/uploads\/2025\/07\/Landschaft-bei-Hannover.jpg?fit=1080%2C1080&ssl=1","keywords":["Die Radiowoche","Jazz im Radio"],"articleSection":["News","Radio"],"inLanguage":"de","potentialAction":[{"@type":"CommentAction","name":"Comment","target":["https:\/\/www.jazzzeitung.de\/cms\/2025\/07\/die-eingedampfte-jazz-radiowoche-vom-07-07-2025-bis-13-07-2025\/#respond"]}]},{"@type":"WebPage","@id":"https:\/\/www.jazzzeitung.de\/cms\/2025\/07\/die-eingedampfte-jazz-radiowoche-vom-07-07-2025-bis-13-07-2025\/","url":"https:\/\/www.jazzzeitung.de\/cms\/2025\/07\/die-eingedampfte-jazz-radiowoche-vom-07-07-2025-bis-13-07-2025\/","name":"Die eingedampfte Jazz-Radiowoche vom 07.07.2025 bis 13.07.2025 - JazzZeitung","isPartOf":{"@id":"https:\/\/www.jazzzeitung.de\/cms\/#website"},"primaryImageOfPage":{"@id":"https:\/\/www.jazzzeitung.de\/cms\/2025\/07\/die-eingedampfte-jazz-radiowoche-vom-07-07-2025-bis-13-07-2025\/#primaryimage"},"image":{"@id":"https:\/\/www.jazzzeitung.de\/cms\/2025\/07\/die-eingedampfte-jazz-radiowoche-vom-07-07-2025-bis-13-07-2025\/#primaryimage"},"thumbnailUrl":"https:\/\/i0.wp.com\/www.jazzzeitung.de\/cms\/wp-content\/uploads\/2025\/07\/Landschaft-bei-Hannover.jpg?fit=1080%2C1080&ssl=1","datePublished":"2025-07-06T10:00:53+00:00","breadcrumb":{"@id":"https:\/\/www.jazzzeitung.de\/cms\/2025\/07\/die-eingedampfte-jazz-radiowoche-vom-07-07-2025-bis-13-07-2025\/#breadcrumb"},"inLanguage":"de","potentialAction":[{"@type":"ReadAction","target":["https:\/\/www.jazzzeitung.de\/cms\/2025\/07\/die-eingedampfte-jazz-radiowoche-vom-07-07-2025-bis-13-07-2025\/"]}]},{"@type":"ImageObject","inLanguage":"de","@id":"https:\/\/www.jazzzeitung.de\/cms\/2025\/07\/die-eingedampfte-jazz-radiowoche-vom-07-07-2025-bis-13-07-2025\/#primaryimage","url":"https:\/\/i0.wp.com\/www.jazzzeitung.de\/cms\/wp-content\/uploads\/2025\/07\/Landschaft-bei-Hannover.jpg?fit=1080%2C1080&ssl=1","contentUrl":"https:\/\/i0.wp.com\/www.jazzzeitung.de\/cms\/wp-content\/uploads\/2025\/07\/Landschaft-bei-Hannover.jpg?fit=1080%2C1080&ssl=1","width":1080,"height":1080,"caption":"Landschaft bei Hannover. Foto: Hufner"},{"@type":"BreadcrumbList","@id":"https:\/\/www.jazzzeitung.de\/cms\/2025\/07\/die-eingedampfte-jazz-radiowoche-vom-07-07-2025-bis-13-07-2025\/#breadcrumb","itemListElement":[{"@type":"ListItem","position":1,"name":"Startseite","item":"https:\/\/www.jazzzeitung.de\/cms\/"},{"@type":"ListItem","position":2,"name":"Die eingedampfte Jazz-Radiowoche vom 07.07.2025 bis 13.07.2025"}]},{"@type":"WebSite","@id":"https:\/\/www.jazzzeitung.de\/cms\/#website","url":"https:\/\/www.jazzzeitung.de\/cms\/","name":"JazzZeitung","description":"Jazz-News und Jazz-Kontroverses","publisher":{"@id":"https:\/\/www.jazzzeitung.de\/cms\/#organization"},"potentialAction":[{"@type":"SearchAction","target":{"@type":"EntryPoint","urlTemplate":"https:\/\/www.jazzzeitung.de\/cms\/?s={search_term_string}"},"query-input":{"@type":"PropertyValueSpecification","valueRequired":true,"valueName":"search_term_string"}}],"inLanguage":"de"},{"@type":"Organization","@id":"https:\/\/www.jazzzeitung.de\/cms\/#organization","name":"JazzZeitung online","url":"https:\/\/www.jazzzeitung.de\/cms\/","logo":{"@type":"ImageObject","inLanguage":"de","@id":"https:\/\/www.jazzzeitung.de\/cms\/#\/schema\/logo\/image\/","url":"https:\/\/i0.wp.com\/www.jazzzeitung.de\/cms\/wp-content\/uploads\/2015\/08\/JAZZZEITUNGDE_Logo_Neu.png?fit=499%2C200&ssl=1","contentUrl":"https:\/\/i0.wp.com\/www.jazzzeitung.de\/cms\/wp-content\/uploads\/2015\/08\/JAZZZEITUNGDE_Logo_Neu.png?fit=499%2C200&ssl=1","width":499,"height":200,"caption":"JazzZeitung online"},"image":{"@id":"https:\/\/www.jazzzeitung.de\/cms\/#\/schema\/logo\/image\/"},"sameAs":["https:\/\/www.facebook.com\/JazzZeitung\/"]},{"@type":"Person","@id":"https:\/\/www.jazzzeitung.de\/cms\/#\/schema\/person\/b9a4e5ac765d94fb8f617bfa8f1fc5f7","name":"Martin Hufner","image":{"@type":"ImageObject","inLanguage":"de","@id":"https:\/\/i0.wp.com\/www.jazzzeitung.de\/cms\/wp-content\/uploads\/2013\/07\/huf-06.jpg?resize=96%2C96&ssl=15fcc31aa94540751a3b804516452be00","url":"https:\/\/i0.wp.com\/www.jazzzeitung.de\/cms\/wp-content\/uploads\/2013\/07\/huf-06.jpg?resize=96%2C96&ssl=1","contentUrl":"https:\/\/i0.wp.com\/www.jazzzeitung.de\/cms\/wp-content\/uploads\/2013\/07\/huf-06.jpg?resize=96%2C96&ssl=1","caption":"Martin Hufner"},"description":"Martin Hufner ist freier Autor der JazzZeitung.","sameAs":["https:\/\/www.kritische-masse.de\/logbuch","https:\/\/www.facebook.com\/hufner"],"url":"https:\/\/www.jazzzeitung.de\/cms\/author\/admin\/"}]}},"wp-worthy-pixel":{"ignored":true,"public":null,"server":null,"url":null},"wp-worthy-type":"normal","jetpack_publicize_connections":[],"cc_featured_image_caption":{"caption_text":"Landschaft bei Hannover. ","source_text":"Foto: Martin Hufner","source_url":"http:\/\/www.kritische-masse.de"},"jetpack_featured_media_url":"https:\/\/i0.wp.com\/www.jazzzeitung.de\/cms\/wp-content\/uploads\/2025\/07\/Landschaft-bei-Hannover.jpg?fit=1080%2C1080&ssl=1","jetpack_shortlink":"https:\/\/wp.me\/p3KEcT-8wz","jetpack-related-posts":[{"id":33138,"url":"https:\/\/www.jazzzeitung.de\/cms\/2025\/09\/die-atomgrosse-jazz-radiowoche-vom-29-09-2025-bis-05-10-2025\/","url_meta":{"origin":32771,"position":0},"title":"Die atomgro\u00dfe Jazz-Radiowoche vom 29.09.2025 bis 05.10.2025","author":"Martin Hufner","date":"28. September 2025","format":false,"excerpt":"Jazz im Radio \u2013 Jeden Sonntag gibt es um 12 Uhr unsere \u00dcbersicht f\u00fcr die jeweils nachfolgende Woche. Die #Jazz-Radiowoche vom 29.09. bis zum 05.10.2025. Erheblich d\u00fcnn! Auch als PDF zum Download \u2013 #Jazz #JazzZeitung #Radio #Radiowoche \u2013 Ein Service unserer Online-Redaktion.","rel":"","context":"In &quot;News&quot;","block_context":{"text":"News","link":"https:\/\/www.jazzzeitung.de\/cms\/thema\/nachrichten\/"},"img":{"alt_text":"Botanische Supernova mit schwarzem Loch in der Na\u0308he von Terra Nova. Foto: Hufner","src":"https:\/\/i0.wp.com\/www.jazzzeitung.de\/cms\/wp-content\/uploads\/2025\/09\/Botanische-Supernova-mit-schwarzem-Loch-in-der-Naehe-von-Terra-Nova.jpg?fit=1200%2C900&ssl=1&resize=350%2C200","width":350,"height":200,"srcset":"https:\/\/i0.wp.com\/www.jazzzeitung.de\/cms\/wp-content\/uploads\/2025\/09\/Botanische-Supernova-mit-schwarzem-Loch-in-der-Naehe-von-Terra-Nova.jpg?fit=1200%2C900&ssl=1&resize=350%2C200 1x, https:\/\/i0.wp.com\/www.jazzzeitung.de\/cms\/wp-content\/uploads\/2025\/09\/Botanische-Supernova-mit-schwarzem-Loch-in-der-Naehe-von-Terra-Nova.jpg?fit=1200%2C900&ssl=1&resize=525%2C300 1.5x, https:\/\/i0.wp.com\/www.jazzzeitung.de\/cms\/wp-content\/uploads\/2025\/09\/Botanische-Supernova-mit-schwarzem-Loch-in-der-Naehe-von-Terra-Nova.jpg?fit=1200%2C900&ssl=1&resize=700%2C400 2x, https:\/\/i0.wp.com\/www.jazzzeitung.de\/cms\/wp-content\/uploads\/2025\/09\/Botanische-Supernova-mit-schwarzem-Loch-in-der-Naehe-von-Terra-Nova.jpg?fit=1200%2C900&ssl=1&resize=1050%2C600 3x"},"classes":[]},{"id":31928,"url":"https:\/\/www.jazzzeitung.de\/cms\/2024\/11\/die-geschmolzene-jazz-radiowoche-vom-25-11-2024-bis-01-12-2024\/","url_meta":{"origin":32771,"position":1},"title":"Die geschmolzene Jazz-Radiowoche vom 25.11.2024 bis 01.12.2024","author":"Martin Hufner","date":"24. November 2024","format":false,"excerpt":"Jazz im Radio \u2013 Jeden Sonntag gibt es um 12 Uhr unsere \u00dcbersicht f\u00fcr die jeweils nachfolgende Woche. Die #Jazz-Radiowoche vom 25. November bis zum 1. Dezember 2024. Erheblich ausged\u00fcnnt. Die ARD schafft ihr Radio gewisserma\u00dfen ab. Auch als PDF zum Download \u2013 #Jazz #JazzZeitung #Radio #Radiowoche \u2013 Ein Service\u2026","rel":"","context":"In &quot;News&quot;","block_context":{"text":"News","link":"https:\/\/www.jazzzeitung.de\/cms\/thema\/nachrichten\/"},"img":{"alt_text":"zugfahrt 2023 1. MH","src":"https:\/\/i0.wp.com\/www.jazzzeitung.de\/cms\/wp-content\/uploads\/2024\/11\/zugfahrt2023-1.-MH.jpg?fit=1200%2C900&ssl=1&resize=350%2C200","width":350,"height":200,"srcset":"https:\/\/i0.wp.com\/www.jazzzeitung.de\/cms\/wp-content\/uploads\/2024\/11\/zugfahrt2023-1.-MH.jpg?fit=1200%2C900&ssl=1&resize=350%2C200 1x, https:\/\/i0.wp.com\/www.jazzzeitung.de\/cms\/wp-content\/uploads\/2024\/11\/zugfahrt2023-1.-MH.jpg?fit=1200%2C900&ssl=1&resize=525%2C300 1.5x, https:\/\/i0.wp.com\/www.jazzzeitung.de\/cms\/wp-content\/uploads\/2024\/11\/zugfahrt2023-1.-MH.jpg?fit=1200%2C900&ssl=1&resize=700%2C400 2x, https:\/\/i0.wp.com\/www.jazzzeitung.de\/cms\/wp-content\/uploads\/2024\/11\/zugfahrt2023-1.-MH.jpg?fit=1200%2C900&ssl=1&resize=1050%2C600 3x"},"classes":[]},{"id":33149,"url":"https:\/\/www.jazzzeitung.de\/cms\/2025\/10\/die-protonenfette-jazz-radiowoche-vom-06-10-2025-bis-12-10-2025-2\/","url_meta":{"origin":32771,"position":2},"title":"Die atomgro\u00dfe Jazz-Radiowoche vom 06.10.2025 bis 12.10.2025","author":"Martin Hufner","date":"5. Oktober 2025","format":false,"excerpt":"Jazz im Radio \u2013 Jeden Sonntag gibt es um 12 Uhr unsere \u00dcbersicht f\u00fcr die jeweils nachfolgende Woche. Die #Jazz-Radiowoche vom 06.10. bis zum 12.10.2025. Erheblich d\u00fcnn! Auch als PDF zum Download \u2013 #Jazz #JazzZeitung #Radio #Radiowoche \u2013 Ein Service unserer Online-Redaktion.","rel":"","context":"In &quot;News&quot;","block_context":{"text":"News","link":"https:\/\/www.jazzzeitung.de\/cms\/thema\/nachrichten\/"},"img":{"alt_text":"Im G\u00e4stezimmer des Lebens. Foto: Hufner","src":"https:\/\/i0.wp.com\/www.jazzzeitung.de\/cms\/wp-content\/uploads\/2025\/10\/gaestezimmer.jpg?fit=960%2C1200&ssl=1&resize=350%2C200","width":350,"height":200,"srcset":"https:\/\/i0.wp.com\/www.jazzzeitung.de\/cms\/wp-content\/uploads\/2025\/10\/gaestezimmer.jpg?fit=960%2C1200&ssl=1&resize=350%2C200 1x, https:\/\/i0.wp.com\/www.jazzzeitung.de\/cms\/wp-content\/uploads\/2025\/10\/gaestezimmer.jpg?fit=960%2C1200&ssl=1&resize=525%2C300 1.5x, https:\/\/i0.wp.com\/www.jazzzeitung.de\/cms\/wp-content\/uploads\/2025\/10\/gaestezimmer.jpg?fit=960%2C1200&ssl=1&resize=700%2C400 2x"},"classes":[]},{"id":33293,"url":"https:\/\/www.jazzzeitung.de\/cms\/2025\/11\/die-quarksminimale-jazz-radiowoche-vom-03-11-2025-bis-09-11-2025\/","url_meta":{"origin":32771,"position":3},"title":"Die quarksminimale Jazz-Radiowoche vom 03.11.2025 bis 09.11.2025","author":"Martin Hufner","date":"2. November 2025","format":false,"excerpt":"Jazz im Radio \u2013 Jeden Sonntag gibt es um 12 Uhr unsere \u00dcbersicht f\u00fcr die jeweils nachfolgende Woche. Die #Jazz-Radiowoche vom 03.11. bis zum 09.11.2025. Erheblich d\u00fcnn! Auch als PDF zum Download \u2013 #Jazz #JazzZeitung #Radio #Radiowoche \u2013 Ein Service unserer Online-Redaktion.","rel":"","context":"In &quot;News&quot;","block_context":{"text":"News","link":"https:\/\/www.jazzzeitung.de\/cms\/thema\/nachrichten\/"},"img":{"alt_text":"Holzstapel. Foto: Hufner","src":"https:\/\/i0.wp.com\/www.jazzzeitung.de\/cms\/wp-content\/uploads\/2025\/10\/Wie-viel.jpg?fit=1200%2C900&ssl=1&resize=350%2C200","width":350,"height":200,"srcset":"https:\/\/i0.wp.com\/www.jazzzeitung.de\/cms\/wp-content\/uploads\/2025\/10\/Wie-viel.jpg?fit=1200%2C900&ssl=1&resize=350%2C200 1x, https:\/\/i0.wp.com\/www.jazzzeitung.de\/cms\/wp-content\/uploads\/2025\/10\/Wie-viel.jpg?fit=1200%2C900&ssl=1&resize=525%2C300 1.5x, https:\/\/i0.wp.com\/www.jazzzeitung.de\/cms\/wp-content\/uploads\/2025\/10\/Wie-viel.jpg?fit=1200%2C900&ssl=1&resize=700%2C400 2x, https:\/\/i0.wp.com\/www.jazzzeitung.de\/cms\/wp-content\/uploads\/2025\/10\/Wie-viel.jpg?fit=1200%2C900&ssl=1&resize=1050%2C600 3x"},"classes":[]},{"id":32452,"url":"https:\/\/www.jazzzeitung.de\/cms\/2025\/04\/die-eingeschmolzene-jazz-radiowoche-vom-21-04-2025-bis-27-04-2025\/","url_meta":{"origin":32771,"position":4},"title":"Die eingeschmolzene Jazz-Radiowoche vom 21.04.2025 bis 27.04.2025","author":"Martin Hufner","date":"20. April 2025","format":false,"excerpt":"Jazz im Radio \u2013 Jeden Sonntag gibt es um 12 Uhr unsere \u00dcbersicht f\u00fcr die jeweils nachfolgende Woche. Die #Jazz-Radiowoche vom 21. bis 27. April 2025. Erheblich ausged\u00fcnnt. Auch als PDF zum Download \u2013 #Jazz #JazzZeitung #Radio #Radiowoche \u2013 Ein Service unserer Online-Redaktion.","rel":"","context":"In &quot;News&quot;","block_context":{"text":"News","link":"https:\/\/www.jazzzeitung.de\/cms\/thema\/nachrichten\/"},"img":{"alt_text":"Kn\u00f6pfe. Foto: Hufner","src":"https:\/\/i0.wp.com\/www.jazzzeitung.de\/cms\/wp-content\/uploads\/2025\/04\/knoepfe.jpg?fit=1200%2C900&ssl=1&resize=350%2C200","width":350,"height":200,"srcset":"https:\/\/i0.wp.com\/www.jazzzeitung.de\/cms\/wp-content\/uploads\/2025\/04\/knoepfe.jpg?fit=1200%2C900&ssl=1&resize=350%2C200 1x, https:\/\/i0.wp.com\/www.jazzzeitung.de\/cms\/wp-content\/uploads\/2025\/04\/knoepfe.jpg?fit=1200%2C900&ssl=1&resize=525%2C300 1.5x, https:\/\/i0.wp.com\/www.jazzzeitung.de\/cms\/wp-content\/uploads\/2025\/04\/knoepfe.jpg?fit=1200%2C900&ssl=1&resize=700%2C400 2x, https:\/\/i0.wp.com\/www.jazzzeitung.de\/cms\/wp-content\/uploads\/2025\/04\/knoepfe.jpg?fit=1200%2C900&ssl=1&resize=1050%2C600 3x"},"classes":[]},{"id":32215,"url":"https:\/\/www.jazzzeitung.de\/cms\/2025\/02\/die-eingeschmolzene-jazz-radiowoche-vom-17-02-2025-bis-23-02-2025\/","url_meta":{"origin":32771,"position":5},"title":"Die eingeschmolzene Jazz-Radiowoche vom 17.02.2025 bis 23.02.2025","author":"Martin Hufner","date":"16. Februar 2025","format":false,"excerpt":"Jazz im Radio \u2013 Jeden Sonntag gibt es um 12 Uhr unsere \u00dcbersicht f\u00fcr die jeweils nachfolgende Woche. Die #Jazz-Radiowoche vom 10. bis 16. Februar 2025. Erheblich ausged\u00fcnnt. Die ARD schafft ihr Radio gewisserma\u00dfen ab. Auch als PDF zum Download \u2013 #Jazz #JazzZeitung #Radio #Radiowoche \u2013 Ein Service unserer Online-Redaktion.","rel":"","context":"In &quot;News&quot;","block_context":{"text":"News","link":"https:\/\/www.jazzzeitung.de\/cms\/thema\/nachrichten\/"},"img":{"alt_text":"Kunst vorm Bau. Foto: Hufner","src":"https:\/\/i0.wp.com\/www.jazzzeitung.de\/cms\/wp-content\/uploads\/2025\/02\/kunstvormbau.jpg?fit=1080%2C939&ssl=1&resize=350%2C200","width":350,"height":200,"srcset":"https:\/\/i0.wp.com\/www.jazzzeitung.de\/cms\/wp-content\/uploads\/2025\/02\/kunstvormbau.jpg?fit=1080%2C939&ssl=1&resize=350%2C200 1x, https:\/\/i0.wp.com\/www.jazzzeitung.de\/cms\/wp-content\/uploads\/2025\/02\/kunstvormbau.jpg?fit=1080%2C939&ssl=1&resize=525%2C300 1.5x, https:\/\/i0.wp.com\/www.jazzzeitung.de\/cms\/wp-content\/uploads\/2025\/02\/kunstvormbau.jpg?fit=1080%2C939&ssl=1&resize=700%2C400 2x, https:\/\/i0.wp.com\/www.jazzzeitung.de\/cms\/wp-content\/uploads\/2025\/02\/kunstvormbau.jpg?fit=1080%2C939&ssl=1&resize=1050%2C600 3x"},"classes":[]}],"jetpack_sharing_enabled":false,"_links":{"self":[{"href":"https:\/\/www.jazzzeitung.de\/cms\/wp-json\/wp\/v2\/posts\/32771","targetHints":{"allow":["GET"]}}],"collection":[{"href":"https:\/\/www.jazzzeitung.de\/cms\/wp-json\/wp\/v2\/posts"}],"about":[{"href":"https:\/\/www.jazzzeitung.de\/cms\/wp-json\/wp\/v2\/types\/post"}],"author":[{"embeddable":true,"href":"https:\/\/www.jazzzeitung.de\/cms\/wp-json\/wp\/v2\/users\/1"}],"replies":[{"embeddable":true,"href":"https:\/\/www.jazzzeitung.de\/cms\/wp-json\/wp\/v2\/comments?post=32771"}],"version-history":[{"count":1,"href":"https:\/\/www.jazzzeitung.de\/cms\/wp-json\/wp\/v2\/posts\/32771\/revisions"}],"predecessor-version":[{"id":32773,"href":"https:\/\/www.jazzzeitung.de\/cms\/wp-json\/wp\/v2\/posts\/32771\/revisions\/32773"}],"wp:featuredmedia":[{"embeddable":true,"href":"https:\/\/www.jazzzeitung.de\/cms\/wp-json\/wp\/v2\/media\/32772"}],"wp:attachment":[{"href":"https:\/\/www.jazzzeitung.de\/cms\/wp-json\/wp\/v2\/media?parent=32771"}],"wp:term":[{"taxonomy":"category","embeddable":true,"href":"https:\/\/www.jazzzeitung.de\/cms\/wp-json\/wp\/v2\/categories?post=32771"},{"taxonomy":"post_tag","embeddable":true,"href":"https:\/\/www.jazzzeitung.de\/cms\/wp-json\/wp\/v2\/tags?post=32771"},{"taxonomy":"author","embeddable":true,"href":"https:\/\/www.jazzzeitung.de\/cms\/wp-json\/wp\/v2\/coauthors?post=32771"}],"curies":[{"name":"wp","href":"https:\/\/api.w.org\/{rel}","templated":true}]}}