{"id":32752,"date":"2025-07-01T16:45:52","date_gmt":"2025-07-01T14:45:52","guid":{"rendered":"https:\/\/www.jazzzeitung.de\/cms\/?p=32752"},"modified":"2025-07-01T16:32:35","modified_gmt":"2025-07-01T14:32:35","slug":"ohne-zentrum-aber-kuenstlerisch-fokussiert-ein-zwischenbericht-vom-suedtirol-jazzfestival-alto-adige-2025","status":"publish","type":"post","link":"https:\/\/www.jazzzeitung.de\/cms\/2025\/07\/ohne-zentrum-aber-kuenstlerisch-fokussiert-ein-zwischenbericht-vom-suedtirol-jazzfestival-alto-adige-2025\/","title":{"rendered":"Ohne Zentrum, aber k\u00fcnstlerisch fokussiert: Ein Zwischenbericht vom S\u00fcdtirol Jazzfestival Alto Adige 2025"},"content":{"rendered":"<p><strong>Das Publikum schwebt in einem kleinen Sessellift durch den Wald, w\u00e4hrend Musikerinnen und Musiker des niederl\u00e4ndischen Brainteaser Orchesters aus verschiedenen Positionen wechselnde Klangstationen liefern \u2013 dieses Passieren im Schwebezustand wurde beim S\u00fcdtirol Alto Adige Festival zur assoziativen Reise aus Musik, Naturger\u00e4uschen und Bergakustik. Die Natur als Konzerthalle, die Landschaft als Instrument. \u201eFloating Through Sound&#8220; lautete der Titel dieses besonderen Konzertevents, die in dieser Form ja sowas wie die DNA dieses Festivals verk\u00f6rpern.<\/strong><\/p>\n<p>Eine lebendige Gegenwart eines Festivals lebt von der Tugend, aus wechselnden Rahmenbedingungen immer wieder das Beste rauszuholen. Auch in diesem Jahr ist mal wieder alles anders geworden, da der Kapuzinerpark, in den letzten Jahren der Hauptspielort als Zentrum weichen musste. Deswegen ist jetzt wieder R\u00fcckbesinnung angesagt:\u00a0 Zwischen historischen Festungsmauern, malerischen Stadtpl\u00e4tzen und Instagram-gehypten Bergseen entfaltet sich eine R\u00fcckbesinnung auf Klaus Widmanns urspr\u00fcngliches Konzept, die weitl\u00e4ufige Erkundung der Region.<\/p>\n<p>Franzensfeste, fr\u00fcher Nachmittag. Die m\u00e4chtige Festung reckt sich aus der Landschaft. Zwischen ihren jahrhundertealten Mauern staut sich die Hitze wie in einem Backofen. Man m\u00f6chte sich in den Schatten legen. Aber bei der Wiener Band Purple Muscle Car ist von Hitzekoma keine Spur. Diese Musik an diesem Ort klingt genauso muskul\u00f6s, wie es der Name suggeriert. Wiener Elektronik-Underground mit fettem Synthie und quirlig gebrochenen Schlagzeugbeats \u2013 dazu ein dichter, manchmal sich allzu hyperaktiv geb\u00e4rdender Bl\u00e4sersatz, bei dem vor allem das virtuose Saxofon mit T\u00f6nen nie geizt. Das kann einem den Rest geben unter diesen Bedingungen \u2013 aber wichtiger noch: So klingt der hungrige Geist einer nimmerm\u00fcden europ\u00e4ischen Szene \u2013 auch und gerade an diesem Ort, an einst k.u.k.-Soldaten patroullierten.<\/p>\n<figure id=\"attachment_32762\" aria-describedby=\"caption-attachment-32762\" style=\"width: 619px\" class=\"wp-caption alignleft\"><img data-recalc-dims=\"1\" loading=\"lazy\" decoding=\"async\" data-attachment-id=\"32762\" data-permalink=\"https:\/\/www.jazzzeitung.de\/cms\/2025\/07\/ohne-zentrum-aber-kuenstlerisch-fokussiert-ein-zwischenbericht-vom-suedtirol-jazzfestival-alto-adige-2025\/purple-muscle-car-c-stp\/\" data-orig-file=\"https:\/\/i0.wp.com\/www.jazzzeitung.de\/cms\/wp-content\/uploads\/2025\/07\/Purple-Muscle-Car-c-stp-scaled.jpg?fit=2560%2C1441&amp;ssl=1\" data-orig-size=\"2560,1441\" data-comments-opened=\"1\" data-image-meta=\"{&quot;aperture&quot;:&quot;4&quot;,&quot;credit&quot;:&quot;&quot;,&quot;camera&quot;:&quot;DSC-RX10&quot;,&quot;caption&quot;:&quot;&quot;,&quot;created_timestamp&quot;:&quot;1751212262&quot;,&quot;copyright&quot;:&quot;&quot;,&quot;focal_length&quot;:&quot;65.23&quot;,&quot;iso&quot;:&quot;125&quot;,&quot;shutter_speed&quot;:&quot;0.003125&quot;,&quot;title&quot;:&quot;&quot;,&quot;orientation&quot;:&quot;0&quot;}\" data-image-title=\"Purple Muscle Car (c) stp\" data-image-description=\"\" data-image-caption=\"\" data-large-file=\"https:\/\/i0.wp.com\/www.jazzzeitung.de\/cms\/wp-content\/uploads\/2025\/07\/Purple-Muscle-Car-c-stp-scaled.jpg?fit=840%2C473&amp;ssl=1\" class=\"wp-image-32762\" src=\"https:\/\/i0.wp.com\/www.jazzzeitung.de\/cms\/wp-content\/uploads\/2025\/07\/Purple-Muscle-Car-c-stp.jpg?resize=619%2C395&#038;ssl=1\" alt=\"\" width=\"619\" height=\"395\" \/><figcaption id=\"caption-attachment-32762\" class=\"wp-caption-text\">Purple Muscle Car. Foto: Stefan Pieper<\/figcaption><\/figure>\n<h2>Jazz aus Bozen vs Jazz in Bozen<\/h2>\n<p>Auch nach dem Wegfall des Kapuzinerparks, der vier Jahre lang dem Festival eine neue \u2013 und vor allem publikumswirksame &#8211; Zentriertheit gab, m\u00f6chte Jazz aus Bozen auch Jazz \u201ein\u201c Bozen bleiben. Ein Bilderbuch-Sommerabend auf der Piazza Walter ist fast schon wie im M\u00e4rchen:\u00a0 Freiluftsitzreihen f\u00fcllen sich mit dem abendlichen Flanierpublikum, viele junge Menschen bev\u00f6lkern den Brunnen\u00a0 &#8211; und lassen sich langsam in die gro\u00dfe Sache des Jazz hineinziehen, die sich weniger nur Untermalung ist.<\/p>\n<div class=\"tiled-gallery type-rectangular tiled-gallery-unresized\" data-original-width=\"840\" data-carousel-extra='{&quot;blog_id&quot;:1,&quot;permalink&quot;:&quot;https:\\\/\\\/www.jazzzeitung.de\\\/cms\\\/2025\\\/07\\\/ohne-zentrum-aber-kuenstlerisch-fokussiert-ein-zwischenbericht-vom-suedtirol-jazzfestival-alto-adige-2025\\\/&quot;,&quot;likes_blog_id&quot;:55446655}' itemscope itemtype=\"http:\/\/schema.org\/ImageGallery\" > <div class=\"gallery-row\" style=\"width: 840px; height: 495px;\" data-original-width=\"840\" data-original-height=\"495\" > <div class=\"gallery-group images-1\" style=\"width: 542px; height: 495px;\" data-original-width=\"542\" data-original-height=\"495\" > <div class=\"tiled-gallery-item tiled-gallery-item-large\" itemprop=\"associatedMedia\" itemscope itemtype=\"http:\/\/schema.org\/ImageObject\"> <a href=\"https:\/\/www.jazzzeitung.de\/cms\/2025\/07\/ohne-zentrum-aber-kuenstlerisch-fokussiert-ein-zwischenbericht-vom-suedtirol-jazzfestival-alto-adige-2025\/dsc07142-floating-through-sound-c-ralf-dombrowski\/\" border=\"0\" itemprop=\"url\"> <meta itemprop=\"width\" content=\"538\"> <meta itemprop=\"height\" content=\"491\"> <img decoding=\"async\" class=\"\" data-attachment-id=\"32759\" data-orig-file=\"https:\/\/www.jazzzeitung.de\/cms\/wp-content\/uploads\/2025\/07\/DSC07142-Floating-Through-Sound-c-Ralf-Dombrowski.jpg\" data-orig-size=\"1352,1234\" data-comments-opened=\"1\" data-image-meta=\"{&quot;aperture&quot;:&quot;10&quot;,&quot;credit&quot;:&quot;&quot;,&quot;camera&quot;:&quot;ILCE-7M4&quot;,&quot;caption&quot;:&quot;Floating Through Sound, Members of Brainteaser Orchestra, Vigiljoch, S\\u00fcdtirol Jazzfestival Alto Adige, Photo (c) Ralf Dombrowski&quot;,&quot;created_timestamp&quot;:&quot;1751120178&quot;,&quot;copyright&quot;:&quot;&quot;,&quot;focal_length&quot;:&quot;69&quot;,&quot;iso&quot;:&quot;250&quot;,&quot;shutter_speed&quot;:&quot;0.005&quot;,&quot;title&quot;:&quot;&quot;,&quot;orientation&quot;:&quot;0&quot;}\" data-image-title=\"DSC07142, Floating Through Sound (c) Ralf Dombrowski\" data-image-description=\"\" data-medium-file=\"https:\/\/i0.wp.com\/www.jazzzeitung.de\/cms\/wp-content\/uploads\/2025\/07\/DSC07142-Floating-Through-Sound-c-Ralf-Dombrowski.jpg?fit=300%2C274&#038;ssl=1\" data-large-file=\"https:\/\/i0.wp.com\/www.jazzzeitung.de\/cms\/wp-content\/uploads\/2025\/07\/DSC07142-Floating-Through-Sound-c-Ralf-Dombrowski.jpg?fit=657%2C600&#038;ssl=1\" src=\"https:\/\/i0.wp.com\/www.jazzzeitung.de\/cms\/wp-content\/uploads\/2025\/07\/DSC07142-Floating-Through-Sound-c-Ralf-Dombrowski.jpg?w=538&#038;h=491&#038;ssl=1\" srcset=\"https:\/\/i0.wp.com\/www.jazzzeitung.de\/cms\/wp-content\/uploads\/2025\/07\/DSC07142-Floating-Through-Sound-c-Ralf-Dombrowski.jpg?w=1352&amp;ssl=1 1352w, https:\/\/i0.wp.com\/www.jazzzeitung.de\/cms\/wp-content\/uploads\/2025\/07\/DSC07142-Floating-Through-Sound-c-Ralf-Dombrowski.jpg?resize=300%2C274&amp;ssl=1 300w, https:\/\/i0.wp.com\/www.jazzzeitung.de\/cms\/wp-content\/uploads\/2025\/07\/DSC07142-Floating-Through-Sound-c-Ralf-Dombrowski.jpg?resize=657%2C600&amp;ssl=1 657w, https:\/\/i0.wp.com\/www.jazzzeitung.de\/cms\/wp-content\/uploads\/2025\/07\/DSC07142-Floating-Through-Sound-c-Ralf-Dombrowski.jpg?resize=768%2C701&amp;ssl=1 768w, https:\/\/i0.wp.com\/www.jazzzeitung.de\/cms\/wp-content\/uploads\/2025\/07\/DSC07142-Floating-Through-Sound-c-Ralf-Dombrowski.jpg?resize=1320%2C1205&amp;ssl=1 1320w\" width=\"538\" height=\"491\" loading=\"lazy\" data-original-width=\"538\" data-original-height=\"491\" itemprop=\"http:\/\/schema.org\/image\" title=\"DSC07142, Floating Through Sound (c) Ralf Dombrowski\" alt=\"Floating Through Sound, Members of Brainteaser Orchestra am Vigiljoch beim S\u00fcdtirol Jazzfestival Alto Adige. Foto: Ralf Dombrowski\" style=\"width: 538px; height: 491px;\" \/> <\/a> <div class=\"tiled-gallery-caption\" itemprop=\"caption description\"> Floating Through Sound, Members of Brainteaser Orchestra am Vigiljoch beim S\u00fcdtirol Jazzfestival Alto Adige. Foto: Ralf Dombrowski <\/div> <\/div> <\/div> <!-- close group --> <div class=\"gallery-group images-2\" style=\"width: 298px; height: 495px;\" data-original-width=\"298\" data-original-height=\"495\" > <div class=\"tiled-gallery-item tiled-gallery-item-large\" itemprop=\"associatedMedia\" itemscope itemtype=\"http:\/\/schema.org\/ImageObject\"> <a href=\"https:\/\/www.jazzzeitung.de\/cms\/2025\/07\/ohne-zentrum-aber-kuenstlerisch-fokussiert-ein-zwischenbericht-vom-suedtirol-jazzfestival-alto-adige-2025\/dsc07134-floating-through-sound-c-ralf-dombrowski\/\" border=\"0\" itemprop=\"url\"> <meta itemprop=\"width\" content=\"294\"> <meta itemprop=\"height\" content=\"291\"> <img decoding=\"async\" class=\"\" data-attachment-id=\"32758\" data-orig-file=\"https:\/\/www.jazzzeitung.de\/cms\/wp-content\/uploads\/2025\/07\/DSC07134-Floating-Through-Sound-c-Ralf-Dombrowski-scaled.jpg\" data-orig-size=\"2560,2530\" data-comments-opened=\"1\" data-image-meta=\"{&quot;aperture&quot;:&quot;5&quot;,&quot;credit&quot;:&quot;&quot;,&quot;camera&quot;:&quot;ILCE-7M4&quot;,&quot;caption&quot;:&quot;Floating Through Sound, Members of Brainteaser Orchestra, Vigiljoch, S\\u00fcdtirol Jazzfestival Alto Adige, Photo (c) Ralf Dombrowski&quot;,&quot;created_timestamp&quot;:&quot;1751120001&quot;,&quot;copyright&quot;:&quot;&quot;,&quot;focal_length&quot;:&quot;49&quot;,&quot;iso&quot;:&quot;100&quot;,&quot;shutter_speed&quot;:&quot;0.005&quot;,&quot;title&quot;:&quot;&quot;,&quot;orientation&quot;:&quot;0&quot;}\" data-image-title=\"DSC07134, Floating Through Sound (c) Ralf Dombrowski\" data-image-description=\"\" data-medium-file=\"https:\/\/i0.wp.com\/www.jazzzeitung.de\/cms\/wp-content\/uploads\/2025\/07\/DSC07134-Floating-Through-Sound-c-Ralf-Dombrowski-scaled.jpg?fit=300%2C296&#038;ssl=1\" data-large-file=\"https:\/\/i0.wp.com\/www.jazzzeitung.de\/cms\/wp-content\/uploads\/2025\/07\/DSC07134-Floating-Through-Sound-c-Ralf-Dombrowski-scaled.jpg?fit=607%2C600&#038;ssl=1\" src=\"https:\/\/i0.wp.com\/www.jazzzeitung.de\/cms\/wp-content\/uploads\/2025\/07\/DSC07134-Floating-Through-Sound-c-Ralf-Dombrowski-scaled.jpg?w=294&#038;h=291&#038;ssl=1\" srcset=\"https:\/\/i0.wp.com\/www.jazzzeitung.de\/cms\/wp-content\/uploads\/2025\/07\/DSC07134-Floating-Through-Sound-c-Ralf-Dombrowski-scaled.jpg?w=2560&amp;ssl=1 2560w, https:\/\/i0.wp.com\/www.jazzzeitung.de\/cms\/wp-content\/uploads\/2025\/07\/DSC07134-Floating-Through-Sound-c-Ralf-Dombrowski-scaled.jpg?resize=300%2C296&amp;ssl=1 300w, https:\/\/i0.wp.com\/www.jazzzeitung.de\/cms\/wp-content\/uploads\/2025\/07\/DSC07134-Floating-Through-Sound-c-Ralf-Dombrowski-scaled.jpg?resize=607%2C600&amp;ssl=1 607w, https:\/\/i0.wp.com\/www.jazzzeitung.de\/cms\/wp-content\/uploads\/2025\/07\/DSC07134-Floating-Through-Sound-c-Ralf-Dombrowski-scaled.jpg?resize=768%2C759&amp;ssl=1 768w, https:\/\/i0.wp.com\/www.jazzzeitung.de\/cms\/wp-content\/uploads\/2025\/07\/DSC07134-Floating-Through-Sound-c-Ralf-Dombrowski-scaled.jpg?resize=1536%2C1518&amp;ssl=1 1536w, https:\/\/i0.wp.com\/www.jazzzeitung.de\/cms\/wp-content\/uploads\/2025\/07\/DSC07134-Floating-Through-Sound-c-Ralf-Dombrowski-scaled.jpg?resize=2048%2C2024&amp;ssl=1 2048w, https:\/\/i0.wp.com\/www.jazzzeitung.de\/cms\/wp-content\/uploads\/2025\/07\/DSC07134-Floating-Through-Sound-c-Ralf-Dombrowski-scaled.jpg?resize=1320%2C1304&amp;ssl=1 1320w, https:\/\/i0.wp.com\/www.jazzzeitung.de\/cms\/wp-content\/uploads\/2025\/07\/DSC07134-Floating-Through-Sound-c-Ralf-Dombrowski-scaled.jpg?resize=24%2C24&amp;ssl=1 24w, https:\/\/i0.wp.com\/www.jazzzeitung.de\/cms\/wp-content\/uploads\/2025\/07\/DSC07134-Floating-Through-Sound-c-Ralf-Dombrowski-scaled.jpg?resize=48%2C48&amp;ssl=1 48w, https:\/\/i0.wp.com\/www.jazzzeitung.de\/cms\/wp-content\/uploads\/2025\/07\/DSC07134-Floating-Through-Sound-c-Ralf-Dombrowski-scaled.jpg?resize=96%2C96&amp;ssl=1 96w, https:\/\/i0.wp.com\/www.jazzzeitung.de\/cms\/wp-content\/uploads\/2025\/07\/DSC07134-Floating-Through-Sound-c-Ralf-Dombrowski-scaled.jpg?w=1680&amp;ssl=1 1680w\" width=\"294\" height=\"291\" loading=\"lazy\" data-original-width=\"294\" data-original-height=\"291\" itemprop=\"http:\/\/schema.org\/image\" title=\"DSC07134, Floating Through Sound (c) Ralf Dombrowski\" alt=\"Floating Through Sound, Members of Brainteaser Orchestra am Vigiljoch beim S\u00fcdtirol Jazzfestival Alto Adige. Foto: Ralf Dombrowski\" style=\"width: 294px; height: 291px;\" \/> <\/a> <div class=\"tiled-gallery-caption\" itemprop=\"caption description\"> Floating Through Sound, Members of Brainteaser Orchestra am Vigiljoch beim S\u00fcdtirol Jazzfestival Alto Adige. Foto: Ralf Dombrowski <\/div> <\/div> <div class=\"tiled-gallery-item tiled-gallery-item-large\" itemprop=\"associatedMedia\" itemscope itemtype=\"http:\/\/schema.org\/ImageObject\"> <a href=\"https:\/\/www.jazzzeitung.de\/cms\/2025\/07\/ohne-zentrum-aber-kuenstlerisch-fokussiert-ein-zwischenbericht-vom-suedtirol-jazzfestival-alto-adige-2025\/brainteaser-orchestra-c-ralf-dombrowski\/\" border=\"0\" itemprop=\"url\"> <meta itemprop=\"width\" content=\"294\"> <meta itemprop=\"height\" content=\"196\"> <img decoding=\"async\" class=\"\" data-attachment-id=\"32756\" data-orig-file=\"https:\/\/www.jazzzeitung.de\/cms\/wp-content\/uploads\/2025\/07\/Brainteaser-Orchestra-c-Ralf-Dombrowski-scaled.jpg\" data-orig-size=\"2560,1707\" data-comments-opened=\"1\" data-image-meta=\"{&quot;aperture&quot;:&quot;5.6&quot;,&quot;credit&quot;:&quot;&quot;,&quot;camera&quot;:&quot;ILCE-7M4&quot;,&quot;caption&quot;:&quot;Industrial Echoes, Pau Sola (vcl), Yanna Pelser (vla), S\\u00fcdtirol Jazzfestival Alto Adige, Photo (c) Ralf Dombrowski&quot;,&quot;created_timestamp&quot;:&quot;1751059837&quot;,&quot;copyright&quot;:&quot;&quot;,&quot;focal_length&quot;:&quot;265&quot;,&quot;iso&quot;:&quot;5000&quot;,&quot;shutter_speed&quot;:&quot;0.005&quot;,&quot;title&quot;:&quot;&quot;,&quot;orientation&quot;:&quot;0&quot;}\" data-image-title=\"Ralf Dombrowski\" data-image-description=\"\" data-medium-file=\"https:\/\/i0.wp.com\/www.jazzzeitung.de\/cms\/wp-content\/uploads\/2025\/07\/Brainteaser-Orchestra-c-Ralf-Dombrowski-scaled.jpg?fit=300%2C200&#038;ssl=1\" data-large-file=\"https:\/\/i0.wp.com\/www.jazzzeitung.de\/cms\/wp-content\/uploads\/2025\/07\/Brainteaser-Orchestra-c-Ralf-Dombrowski-scaled.jpg?fit=840%2C560&#038;ssl=1\" src=\"https:\/\/i0.wp.com\/www.jazzzeitung.de\/cms\/wp-content\/uploads\/2025\/07\/Brainteaser-Orchestra-c-Ralf-Dombrowski-scaled.jpg?w=294&#038;h=196&#038;ssl=1\" srcset=\"https:\/\/i0.wp.com\/www.jazzzeitung.de\/cms\/wp-content\/uploads\/2025\/07\/Brainteaser-Orchestra-c-Ralf-Dombrowski-scaled.jpg?w=2560&amp;ssl=1 2560w, https:\/\/i0.wp.com\/www.jazzzeitung.de\/cms\/wp-content\/uploads\/2025\/07\/Brainteaser-Orchestra-c-Ralf-Dombrowski-scaled.jpg?resize=300%2C200&amp;ssl=1 300w, https:\/\/i0.wp.com\/www.jazzzeitung.de\/cms\/wp-content\/uploads\/2025\/07\/Brainteaser-Orchestra-c-Ralf-Dombrowski-scaled.jpg?resize=900%2C600&amp;ssl=1 900w, https:\/\/i0.wp.com\/www.jazzzeitung.de\/cms\/wp-content\/uploads\/2025\/07\/Brainteaser-Orchestra-c-Ralf-Dombrowski-scaled.jpg?resize=768%2C512&amp;ssl=1 768w, https:\/\/i0.wp.com\/www.jazzzeitung.de\/cms\/wp-content\/uploads\/2025\/07\/Brainteaser-Orchestra-c-Ralf-Dombrowski-scaled.jpg?resize=1536%2C1024&amp;ssl=1 1536w, https:\/\/i0.wp.com\/www.jazzzeitung.de\/cms\/wp-content\/uploads\/2025\/07\/Brainteaser-Orchestra-c-Ralf-Dombrowski-scaled.jpg?resize=2048%2C1365&amp;ssl=1 2048w, https:\/\/i0.wp.com\/www.jazzzeitung.de\/cms\/wp-content\/uploads\/2025\/07\/Brainteaser-Orchestra-c-Ralf-Dombrowski-scaled.jpg?resize=120%2C80&amp;ssl=1 120w, https:\/\/i0.wp.com\/www.jazzzeitung.de\/cms\/wp-content\/uploads\/2025\/07\/Brainteaser-Orchestra-c-Ralf-Dombrowski-scaled.jpg?resize=1320%2C880&amp;ssl=1 1320w, https:\/\/i0.wp.com\/www.jazzzeitung.de\/cms\/wp-content\/uploads\/2025\/07\/Brainteaser-Orchestra-c-Ralf-Dombrowski-scaled.jpg?w=1680&amp;ssl=1 1680w\" width=\"294\" height=\"196\" loading=\"lazy\" data-original-width=\"294\" data-original-height=\"196\" itemprop=\"http:\/\/schema.org\/image\" title=\"Ralf Dombrowski\" alt=\"Industrial Echoes: Brainteaser Orchestra. Foto: Ralf Dombrowski\" style=\"width: 294px; height: 196px;\" \/> <\/a> <div class=\"tiled-gallery-caption\" itemprop=\"caption description\"> Industrial Echoes: Brainteaser Orchestra. Foto: Ralf Dombrowski <\/div> <\/div> <\/div> <!-- close group --> <\/div> <!-- close row --> <div class=\"gallery-row\" style=\"width: 840px; height: 475px;\" data-original-width=\"840\" data-original-height=\"475\" > <div class=\"gallery-group images-1\" style=\"width: 840px; height: 475px;\" data-original-width=\"840\" data-original-height=\"475\" > <div class=\"tiled-gallery-item tiled-gallery-item-large\" itemprop=\"associatedMedia\" itemscope itemtype=\"http:\/\/schema.org\/ImageObject\"> <a href=\"https:\/\/www.jazzzeitung.de\/cms\/2025\/07\/ohne-zentrum-aber-kuenstlerisch-fokussiert-ein-zwischenbericht-vom-suedtirol-jazzfestival-alto-adige-2025\/stephane-gallard-and-the-rhythm-hunters-c-stefan-pieper\/\" border=\"0\" itemprop=\"url\"> <meta itemprop=\"width\" content=\"836\"> <meta itemprop=\"height\" content=\"471\"> <img decoding=\"async\" class=\"\" data-attachment-id=\"32763\" data-orig-file=\"https:\/\/www.jazzzeitung.de\/cms\/wp-content\/uploads\/2025\/07\/Stephane-Gallard-and-the-Rhythm-Hunters-c-stefan-pieper-scaled.jpg\" data-orig-size=\"2560,1441\" data-comments-opened=\"1\" data-image-meta=\"{&quot;aperture&quot;:&quot;2.8&quot;,&quot;credit&quot;:&quot;&quot;,&quot;camera&quot;:&quot;DSC-RX10&quot;,&quot;caption&quot;:&quot;&quot;,&quot;created_timestamp&quot;:&quot;1751233443&quot;,&quot;copyright&quot;:&quot;&quot;,&quot;focal_length&quot;:&quot;17.48&quot;,&quot;iso&quot;:&quot;1000&quot;,&quot;shutter_speed&quot;:&quot;0.02&quot;,&quot;title&quot;:&quot;&quot;,&quot;orientation&quot;:&quot;0&quot;}\" data-image-title=\"\" data-image-description=\"\" data-medium-file=\"https:\/\/i0.wp.com\/www.jazzzeitung.de\/cms\/wp-content\/uploads\/2025\/07\/Stephane-Gallard-and-the-Rhythm-Hunters-c-stefan-pieper-scaled.jpg?fit=300%2C169&#038;ssl=1\" data-large-file=\"https:\/\/i0.wp.com\/www.jazzzeitung.de\/cms\/wp-content\/uploads\/2025\/07\/Stephane-Gallard-and-the-Rhythm-Hunters-c-stefan-pieper-scaled.jpg?fit=840%2C473&#038;ssl=1\" src=\"https:\/\/i0.wp.com\/www.jazzzeitung.de\/cms\/wp-content\/uploads\/2025\/07\/Stephane-Gallard-and-the-Rhythm-Hunters-c-stefan-pieper-scaled.jpg?w=836&#038;h=471&#038;ssl=1\" srcset=\"https:\/\/i0.wp.com\/www.jazzzeitung.de\/cms\/wp-content\/uploads\/2025\/07\/Stephane-Gallard-and-the-Rhythm-Hunters-c-stefan-pieper-scaled.jpg?w=2560&amp;ssl=1 2560w, https:\/\/i0.wp.com\/www.jazzzeitung.de\/cms\/wp-content\/uploads\/2025\/07\/Stephane-Gallard-and-the-Rhythm-Hunters-c-stefan-pieper-scaled.jpg?resize=300%2C169&amp;ssl=1 300w, https:\/\/i0.wp.com\/www.jazzzeitung.de\/cms\/wp-content\/uploads\/2025\/07\/Stephane-Gallard-and-the-Rhythm-Hunters-c-stefan-pieper-scaled.jpg?resize=900%2C507&amp;ssl=1 900w, https:\/\/i0.wp.com\/www.jazzzeitung.de\/cms\/wp-content\/uploads\/2025\/07\/Stephane-Gallard-and-the-Rhythm-Hunters-c-stefan-pieper-scaled.jpg?resize=768%2C432&amp;ssl=1 768w, https:\/\/i0.wp.com\/www.jazzzeitung.de\/cms\/wp-content\/uploads\/2025\/07\/Stephane-Gallard-and-the-Rhythm-Hunters-c-stefan-pieper-scaled.jpg?resize=1536%2C865&amp;ssl=1 1536w, https:\/\/i0.wp.com\/www.jazzzeitung.de\/cms\/wp-content\/uploads\/2025\/07\/Stephane-Gallard-and-the-Rhythm-Hunters-c-stefan-pieper-scaled.jpg?resize=2048%2C1153&amp;ssl=1 2048w, https:\/\/i0.wp.com\/www.jazzzeitung.de\/cms\/wp-content\/uploads\/2025\/07\/Stephane-Gallard-and-the-Rhythm-Hunters-c-stefan-pieper-scaled.jpg?resize=1320%2C743&amp;ssl=1 1320w, https:\/\/i0.wp.com\/www.jazzzeitung.de\/cms\/wp-content\/uploads\/2025\/07\/Stephane-Gallard-and-the-Rhythm-Hunters-c-stefan-pieper-scaled.jpg?w=1680&amp;ssl=1 1680w\" width=\"836\" height=\"471\" loading=\"lazy\" data-original-width=\"836\" data-original-height=\"471\" itemprop=\"http:\/\/schema.org\/image\" title=\"\" alt=\"St\u00e9phane Gallard and the Rhythm Hunters. Foto: Stefan Pieper\" style=\"width: 836px; height: 471px;\" \/> <\/a> <div class=\"tiled-gallery-caption\" itemprop=\"caption description\"> St\u00e9phane Gallard and the Rhythm Hunters. Foto: Stefan Pieper <\/div> <\/div> <\/div> <!-- close group --> <\/div> <!-- close row --> <\/div>\n<p>Denn Stephane Gallard and the Rhythm Hunters \u2013 eine franz\u00f6sisch-belgische Formation \u2013 wei\u00df, wie man einen solchen Ort bespielt, dass es funktioniert und sich f\u00fcr alle gut anf\u00fchlt:\u00a0 Dieser\u00a0 Jazz ist groovig, l\u00e4ssig, authentisch und braucht keine avantgardistischen Verrenkungen. Als leuchtender Stern ist da der junge Tenorsaxophonist Pierre-Antoine Savoyat, bei dem jeder Ton daf\u00fcr spricht, dass er sich beim Studium in New York an den richtigen Quellen bedient hat. Saxophone \u2013 diese lauten, durchdringend pr\u00e4senten Instrumente brauchen Raum und Luft, damit dieser potente Klang nicht alles durchschneidet, sondern zu atmen beginnt. Das Freiluft-Setting auf der Piazza bietet genau das, um seinen H\u00f6hepunkt in einem hymnischen Solo und sp\u00e4ter in Coltranes \u201eAfro Blue&#8220; als Zugabe zu finden. Hoch oben auf den Bergen brennt ein riesiges Feuer \u2013 kein Waldbrand, sondern Brauch zur Sommersonnenwende. Die Flammen tanzen, w\u00e4hrend unten auf der Piazza die Instrumente singen. Es ist Sommer \u2013 mit allen Ausrufezeichen!<\/p>\n<h2>Famili\u00e4re Kooperationen sind \u00dcberlebenselixer f\u00fcr die Kultur<\/h2>\n<p>Jazz ist auch in Italien eine Minderheitenangelegenheit. Wenn die Stadtgesellschaft im Kapuzinerpark etwas Neues bauen will, hat auch ein internationales Festival keinen Platz mehr dort. Also braucht es neue Kooperationen f\u00fcr eine nachhaltige Verankerung:<\/p>\n<p>Famili\u00e4r wirken die vielen neuen Kooperationen mit Menschen, die interessante Spielorte anbieten und idealerweise auch Jazzfans sind. Einer dieser Orte ist ein kleines Yoga-Studio mitten in der City, direkt neben einem Antiquit\u00e4tenladen \u2013 perfekt f\u00fcr eine neue Duo-Reihe: Zwei Musikerpers\u00f6nlichkeiten, die vorher nichts miteinander zu tun hatten, werden aufeinander losgelassen. In diesem Fall die Leipziger Posaunistin Antonia Hausmann \u2013 eine starke Stimme auf diesem Instrument \u2013 zusammen mit der Kontrabassistin Marion Ruault.<\/p>\n<p>Beide zelebrieren eine Sternstunde eines melodi\u00f6sen, traumverlorenen Kammerjazz. Faszinierend ist Hausmanns spielerische Pr\u00e4senz und ihre Gabe, mit ihrem Instrument einen komplexen Rahmen abzustecken, auf dass lange Melodieb\u00f6gen eine tiefe narrative Kraft entfalten. Eine bessere Einladung zum Tr\u00e4umen gab es an diesem Vormittag kaum. Sogar die in Bozen allgegenw\u00e4rtigen Spatzen reagierten drau\u00dfen auf die Musik und stimmten ihre \u201eEins\u00e4tze&#8220; darauf ab.<\/p>\n<h2>Postkartenidyllen entzaubern<\/h2>\n<p>Die Verteilung der Programmpunkte auf so viele Orte und Regionen ist sportlich geraten. Mancher Konzertbesuch kann zum Tagestrip ausarten \u2013 f\u00fcrs Publikum stehen aber Shuttle-Busse f\u00fcr die weiten Exkursionen bereit. Neu im Portfolio ist das ehrw\u00fcrdige Grandhotel am Pragser Wildsee, der bekanntlich zu einer der gehyptesten globalen Spots der Instagrammer-Gemeinde geworden ist.<\/p>\n<p>Aber an diesem Vorabend, an dem eine der ber\u00fcchtigten Gewitterfronten die Postkartenidylle pulverisiert, strahlt dieser Ort vor seiner m\u00e4chtigen Bergkulisse in regenschwerer Luft eine andere, ernste W\u00fcrde aus.\u00a0 tiefe Abgeschiedenheit aus. Ein Nebengeb\u00e4ude des Hotels wurde zur Konzertlocation. Hier gibt sich wieder Antonia Hausmann die Ehre, diesmal mit ihrem eigenen spielfreudigen Quartett. Hausmann hat das Sagen auf ihrem Instrument, auch mit ihren Kompositionen, zu denen sie sich durch pers\u00f6nliche Empfindungen und Reflexionen \u00fcber ihr Dasein inspiriert f\u00fchlt. Der stille, dunkle, tiefe See drau\u00dfen erinnere sie an den Vierwaldst\u00e4ttersee, dessen Kulisse sie so lange vor Augen hatte \u2013 als sie bei Nils Wogram in der Schweiz studierte, eine Referenz, die in ihrem zupackenden Spiel auf jeden Fall h\u00f6rbar ist. Die Welt ihrer Band ist betont freundlich und mit verspielten solistischen Kapriolen seitens aller Beteiligten. Irgendwie schwingt da auch wieder diese neue Innerlichkeit vieler junger Jazzbands, die manchmal auch etwas von Weltflucht hat.<\/p>\n<h2>Festivalauftakt als kreative Spielwiese<\/h2>\n<div class=\"tiled-gallery type-rectangular tiled-gallery-unresized\" data-original-width=\"840\" data-carousel-extra='{&quot;blog_id&quot;:1,&quot;permalink&quot;:&quot;https:\\\/\\\/www.jazzzeitung.de\\\/cms\\\/2025\\\/07\\\/ohne-zentrum-aber-kuenstlerisch-fokussiert-ein-zwischenbericht-vom-suedtirol-jazzfestival-alto-adige-2025\\\/&quot;,&quot;likes_blog_id&quot;:55446655}' itemscope itemtype=\"http:\/\/schema.org\/ImageGallery\" > <div class=\"gallery-row\" style=\"width: 840px; height: 397px;\" data-original-width=\"840\" data-original-height=\"397\" > <div class=\"gallery-group images-1\" style=\"width: 593px; height: 397px;\" data-original-width=\"593\" data-original-height=\"397\" > <div class=\"tiled-gallery-item tiled-gallery-item-large\" itemprop=\"associatedMedia\" itemscope itemtype=\"http:\/\/schema.org\/ImageObject\"> <a href=\"https:\/\/www.jazzzeitung.de\/cms\/2025\/07\/ohne-zentrum-aber-kuenstlerisch-fokussiert-ein-zwischenbericht-vom-suedtirol-jazzfestival-alto-adige-2025\/dsc06978-brainteaser-orchestra-at-techpark-c-ralf-dombrowski\/\" border=\"0\" itemprop=\"url\"> <meta itemprop=\"width\" content=\"589\"> <meta itemprop=\"height\" content=\"393\"> <img decoding=\"async\" class=\"\" data-attachment-id=\"32757\" data-orig-file=\"https:\/\/www.jazzzeitung.de\/cms\/wp-content\/uploads\/2025\/07\/DSC06978-Brainteaser-Orchestra-at-Techpark-c-Ralf-Dombrowski-scaled.jpg\" data-orig-size=\"2560,1707\" data-comments-opened=\"1\" data-image-meta=\"{&quot;aperture&quot;:&quot;4&quot;,&quot;credit&quot;:&quot;&quot;,&quot;camera&quot;:&quot;ILCE-7M4&quot;,&quot;caption&quot;:&quot;Industrial Echoes, Pau Sola (vcl), Yanna Pelser (vla), S\\u00fcdtirol Jazzfestival Alto Adige, Photo (c) Ralf Dombrowski&quot;,&quot;created_timestamp&quot;:&quot;1751059194&quot;,&quot;copyright&quot;:&quot;&quot;,&quot;focal_length&quot;:&quot;28&quot;,&quot;iso&quot;:&quot;6400&quot;,&quot;shutter_speed&quot;:&quot;0.005&quot;,&quot;title&quot;:&quot;&quot;,&quot;orientation&quot;:&quot;0&quot;}\" data-image-title=\"DSC06978, Brainteaser Orchestra at Techpark (c) Ralf Dombrowski\" data-image-description=\"\" data-medium-file=\"https:\/\/i0.wp.com\/www.jazzzeitung.de\/cms\/wp-content\/uploads\/2025\/07\/DSC06978-Brainteaser-Orchestra-at-Techpark-c-Ralf-Dombrowski-scaled.jpg?fit=300%2C200&#038;ssl=1\" data-large-file=\"https:\/\/i0.wp.com\/www.jazzzeitung.de\/cms\/wp-content\/uploads\/2025\/07\/DSC06978-Brainteaser-Orchestra-at-Techpark-c-Ralf-Dombrowski-scaled.jpg?fit=840%2C560&#038;ssl=1\" src=\"https:\/\/i0.wp.com\/www.jazzzeitung.de\/cms\/wp-content\/uploads\/2025\/07\/DSC06978-Brainteaser-Orchestra-at-Techpark-c-Ralf-Dombrowski-scaled.jpg?w=589&#038;h=393&#038;ssl=1\" srcset=\"https:\/\/i0.wp.com\/www.jazzzeitung.de\/cms\/wp-content\/uploads\/2025\/07\/DSC06978-Brainteaser-Orchestra-at-Techpark-c-Ralf-Dombrowski-scaled.jpg?w=2560&amp;ssl=1 2560w, https:\/\/i0.wp.com\/www.jazzzeitung.de\/cms\/wp-content\/uploads\/2025\/07\/DSC06978-Brainteaser-Orchestra-at-Techpark-c-Ralf-Dombrowski-scaled.jpg?resize=300%2C200&amp;ssl=1 300w, https:\/\/i0.wp.com\/www.jazzzeitung.de\/cms\/wp-content\/uploads\/2025\/07\/DSC06978-Brainteaser-Orchestra-at-Techpark-c-Ralf-Dombrowski-scaled.jpg?resize=900%2C600&amp;ssl=1 900w, https:\/\/i0.wp.com\/www.jazzzeitung.de\/cms\/wp-content\/uploads\/2025\/07\/DSC06978-Brainteaser-Orchestra-at-Techpark-c-Ralf-Dombrowski-scaled.jpg?resize=768%2C512&amp;ssl=1 768w, https:\/\/i0.wp.com\/www.jazzzeitung.de\/cms\/wp-content\/uploads\/2025\/07\/DSC06978-Brainteaser-Orchestra-at-Techpark-c-Ralf-Dombrowski-scaled.jpg?resize=1536%2C1024&amp;ssl=1 1536w, https:\/\/i0.wp.com\/www.jazzzeitung.de\/cms\/wp-content\/uploads\/2025\/07\/DSC06978-Brainteaser-Orchestra-at-Techpark-c-Ralf-Dombrowski-scaled.jpg?resize=2048%2C1365&amp;ssl=1 2048w, https:\/\/i0.wp.com\/www.jazzzeitung.de\/cms\/wp-content\/uploads\/2025\/07\/DSC06978-Brainteaser-Orchestra-at-Techpark-c-Ralf-Dombrowski-scaled.jpg?resize=120%2C80&amp;ssl=1 120w, https:\/\/i0.wp.com\/www.jazzzeitung.de\/cms\/wp-content\/uploads\/2025\/07\/DSC06978-Brainteaser-Orchestra-at-Techpark-c-Ralf-Dombrowski-scaled.jpg?resize=1320%2C880&amp;ssl=1 1320w, https:\/\/i0.wp.com\/www.jazzzeitung.de\/cms\/wp-content\/uploads\/2025\/07\/DSC06978-Brainteaser-Orchestra-at-Techpark-c-Ralf-Dombrowski-scaled.jpg?w=1680&amp;ssl=1 1680w\" width=\"589\" height=\"393\" loading=\"lazy\" data-original-width=\"589\" data-original-height=\"393\" itemprop=\"http:\/\/schema.org\/image\" title=\"DSC06978, Brainteaser Orchestra at Techpark (c) Ralf Dombrowski\" alt=\"Industrial Echoes. Foto: Ralf Dombrowski\" style=\"width: 589px; height: 393px;\" \/> <\/a> <div class=\"tiled-gallery-caption\" itemprop=\"caption description\"> Industrial Echoes. Foto: Ralf Dombrowski <\/div> <\/div> <\/div> <!-- close group --> <div class=\"gallery-group images-2\" style=\"width: 247px; height: 397px;\" data-original-width=\"247\" data-original-height=\"397\" > <div class=\"tiled-gallery-item tiled-gallery-item-small\" itemprop=\"associatedMedia\" itemscope itemtype=\"http:\/\/schema.org\/ImageObject\"> <a href=\"https:\/\/www.jazzzeitung.de\/cms\/2025\/07\/ohne-zentrum-aber-kuenstlerisch-fokussiert-ein-zwischenbericht-vom-suedtirol-jazzfestival-alto-adige-2025\/louise-van-de-heuvel-c-stp\/\" border=\"0\" itemprop=\"url\"> <meta itemprop=\"width\" content=\"243\"> <meta itemprop=\"height\" content=\"227\"> <img decoding=\"async\" class=\"\" data-attachment-id=\"32760\" data-orig-file=\"https:\/\/www.jazzzeitung.de\/cms\/wp-content\/uploads\/2025\/07\/Louise-van-de-Heuvel-c-stp-scaled.jpg\" data-orig-size=\"2560,2385\" data-comments-opened=\"1\" data-image-meta=\"{&quot;aperture&quot;:&quot;2.8&quot;,&quot;credit&quot;:&quot;&quot;,&quot;camera&quot;:&quot;DSC-RX10&quot;,&quot;caption&quot;:&quot;&quot;,&quot;created_timestamp&quot;:&quot;1751232806&quot;,&quot;copyright&quot;:&quot;&quot;,&quot;focal_length&quot;:&quot;73.3&quot;,&quot;iso&quot;:&quot;1600&quot;,&quot;shutter_speed&quot;:&quot;0.005&quot;,&quot;title&quot;:&quot;&quot;,&quot;orientation&quot;:&quot;0&quot;}\" data-image-title=\"\" data-image-description=\"\" data-medium-file=\"https:\/\/i0.wp.com\/www.jazzzeitung.de\/cms\/wp-content\/uploads\/2025\/07\/Louise-van-de-Heuvel-c-stp-scaled.jpg?fit=300%2C279&#038;ssl=1\" data-large-file=\"https:\/\/i0.wp.com\/www.jazzzeitung.de\/cms\/wp-content\/uploads\/2025\/07\/Louise-van-de-Heuvel-c-stp-scaled.jpg?fit=644%2C600&#038;ssl=1\" src=\"https:\/\/i0.wp.com\/www.jazzzeitung.de\/cms\/wp-content\/uploads\/2025\/07\/Louise-van-de-Heuvel-c-stp-scaled.jpg?w=243&#038;h=227&#038;ssl=1\" srcset=\"https:\/\/i0.wp.com\/www.jazzzeitung.de\/cms\/wp-content\/uploads\/2025\/07\/Louise-van-de-Heuvel-c-stp-scaled.jpg?w=2560&amp;ssl=1 2560w, https:\/\/i0.wp.com\/www.jazzzeitung.de\/cms\/wp-content\/uploads\/2025\/07\/Louise-van-de-Heuvel-c-stp-scaled.jpg?resize=300%2C279&amp;ssl=1 300w, https:\/\/i0.wp.com\/www.jazzzeitung.de\/cms\/wp-content\/uploads\/2025\/07\/Louise-van-de-Heuvel-c-stp-scaled.jpg?resize=644%2C600&amp;ssl=1 644w, https:\/\/i0.wp.com\/www.jazzzeitung.de\/cms\/wp-content\/uploads\/2025\/07\/Louise-van-de-Heuvel-c-stp-scaled.jpg?resize=768%2C715&amp;ssl=1 768w, https:\/\/i0.wp.com\/www.jazzzeitung.de\/cms\/wp-content\/uploads\/2025\/07\/Louise-van-de-Heuvel-c-stp-scaled.jpg?resize=1536%2C1431&amp;ssl=1 1536w, https:\/\/i0.wp.com\/www.jazzzeitung.de\/cms\/wp-content\/uploads\/2025\/07\/Louise-van-de-Heuvel-c-stp-scaled.jpg?resize=2048%2C1908&amp;ssl=1 2048w, https:\/\/i0.wp.com\/www.jazzzeitung.de\/cms\/wp-content\/uploads\/2025\/07\/Louise-van-de-Heuvel-c-stp-scaled.jpg?resize=1320%2C1230&amp;ssl=1 1320w, https:\/\/i0.wp.com\/www.jazzzeitung.de\/cms\/wp-content\/uploads\/2025\/07\/Louise-van-de-Heuvel-c-stp-scaled.jpg?w=1680&amp;ssl=1 1680w\" width=\"243\" height=\"227\" loading=\"lazy\" data-original-width=\"243\" data-original-height=\"227\" itemprop=\"http:\/\/schema.org\/image\" title=\"\" alt=\"Louise van de Heuvel. Foto: Stefan Pieper\" style=\"width: 243px; height: 227px;\" \/> <\/a> <div class=\"tiled-gallery-caption\" itemprop=\"caption description\"> Louise van de Heuvel. Foto: Stefan Pieper <\/div> <\/div> <div class=\"tiled-gallery-item tiled-gallery-item-small\" itemprop=\"associatedMedia\" itemscope itemtype=\"http:\/\/schema.org\/ImageObject\"> <a href=\"https:\/\/www.jazzzeitung.de\/cms\/2025\/07\/ohne-zentrum-aber-kuenstlerisch-fokussiert-ein-zwischenbericht-vom-suedtirol-jazzfestival-alto-adige-2025\/tijn-wybenga-c-ralf-dombrowski\/\" border=\"0\" itemprop=\"url\"> <meta itemprop=\"width\" content=\"243\"> <meta itemprop=\"height\" content=\"162\"> <img decoding=\"async\" class=\"\" data-attachment-id=\"32764\" data-orig-file=\"https:\/\/www.jazzzeitung.de\/cms\/wp-content\/uploads\/2025\/07\/Tijn-Wybenga-c-ralf-dombrowski-scaled.jpg\" data-orig-size=\"2560,1707\" data-comments-opened=\"1\" data-image-meta=\"{&quot;aperture&quot;:&quot;5.6&quot;,&quot;credit&quot;:&quot;&quot;,&quot;camera&quot;:&quot;ILCE-7M4&quot;,&quot;caption&quot;:&quot;Industrial Echoes, Pau Sola (vcl), Yanna Pelser (vla), S\\u00fcdtirol Jazzfestival Alto Adige, Photo (c) Ralf Dombrowski&quot;,&quot;created_timestamp&quot;:&quot;1751059444&quot;,&quot;copyright&quot;:&quot;&quot;,&quot;focal_length&quot;:&quot;217&quot;,&quot;iso&quot;:&quot;3200&quot;,&quot;shutter_speed&quot;:&quot;0.005&quot;,&quot;title&quot;:&quot;&quot;,&quot;orientation&quot;:&quot;0&quot;}\" data-image-title=\"Tijn Wybenga (c) ralf dombrowski\" data-image-description=\"\" data-medium-file=\"https:\/\/i0.wp.com\/www.jazzzeitung.de\/cms\/wp-content\/uploads\/2025\/07\/Tijn-Wybenga-c-ralf-dombrowski-scaled.jpg?fit=300%2C200&#038;ssl=1\" data-large-file=\"https:\/\/i0.wp.com\/www.jazzzeitung.de\/cms\/wp-content\/uploads\/2025\/07\/Tijn-Wybenga-c-ralf-dombrowski-scaled.jpg?fit=840%2C560&#038;ssl=1\" src=\"https:\/\/i0.wp.com\/www.jazzzeitung.de\/cms\/wp-content\/uploads\/2025\/07\/Tijn-Wybenga-c-ralf-dombrowski-scaled.jpg?w=243&#038;h=162&#038;ssl=1\" srcset=\"https:\/\/i0.wp.com\/www.jazzzeitung.de\/cms\/wp-content\/uploads\/2025\/07\/Tijn-Wybenga-c-ralf-dombrowski-scaled.jpg?w=2560&amp;ssl=1 2560w, https:\/\/i0.wp.com\/www.jazzzeitung.de\/cms\/wp-content\/uploads\/2025\/07\/Tijn-Wybenga-c-ralf-dombrowski-scaled.jpg?resize=300%2C200&amp;ssl=1 300w, https:\/\/i0.wp.com\/www.jazzzeitung.de\/cms\/wp-content\/uploads\/2025\/07\/Tijn-Wybenga-c-ralf-dombrowski-scaled.jpg?resize=900%2C600&amp;ssl=1 900w, https:\/\/i0.wp.com\/www.jazzzeitung.de\/cms\/wp-content\/uploads\/2025\/07\/Tijn-Wybenga-c-ralf-dombrowski-scaled.jpg?resize=768%2C512&amp;ssl=1 768w, https:\/\/i0.wp.com\/www.jazzzeitung.de\/cms\/wp-content\/uploads\/2025\/07\/Tijn-Wybenga-c-ralf-dombrowski-scaled.jpg?resize=1536%2C1024&amp;ssl=1 1536w, https:\/\/i0.wp.com\/www.jazzzeitung.de\/cms\/wp-content\/uploads\/2025\/07\/Tijn-Wybenga-c-ralf-dombrowski-scaled.jpg?resize=2048%2C1365&amp;ssl=1 2048w, https:\/\/i0.wp.com\/www.jazzzeitung.de\/cms\/wp-content\/uploads\/2025\/07\/Tijn-Wybenga-c-ralf-dombrowski-scaled.jpg?resize=120%2C80&amp;ssl=1 120w, https:\/\/i0.wp.com\/www.jazzzeitung.de\/cms\/wp-content\/uploads\/2025\/07\/Tijn-Wybenga-c-ralf-dombrowski-scaled.jpg?resize=1320%2C880&amp;ssl=1 1320w, https:\/\/i0.wp.com\/www.jazzzeitung.de\/cms\/wp-content\/uploads\/2025\/07\/Tijn-Wybenga-c-ralf-dombrowski-scaled.jpg?w=1680&amp;ssl=1 1680w\" width=\"243\" height=\"162\" loading=\"lazy\" data-original-width=\"243\" data-original-height=\"162\" itemprop=\"http:\/\/schema.org\/image\" title=\"Tijn Wybenga (c) ralf dombrowski\" alt=\"Brainteaser Orchestra. Foto: Ralf Dombrowski\" style=\"width: 243px; height: 162px;\" \/> <\/a> <div class=\"tiled-gallery-caption\" itemprop=\"caption description\"> Brainteaser Orchestra. Foto: Ralf Dombrowski <\/div> <\/div> <\/div> <!-- close group --> <\/div> <!-- close row --> <div class=\"gallery-row\" style=\"width: 840px; height: 475px;\" data-original-width=\"840\" data-original-height=\"475\" > <div class=\"gallery-group images-1\" style=\"width: 840px; height: 475px;\" data-original-width=\"840\" data-original-height=\"475\" > <div class=\"tiled-gallery-item tiled-gallery-item-large\" itemprop=\"associatedMedia\" itemscope itemtype=\"http:\/\/schema.org\/ImageObject\"> <a href=\"https:\/\/www.jazzzeitung.de\/cms\/2025\/07\/ohne-zentrum-aber-kuenstlerisch-fokussiert-ein-zwischenbericht-vom-suedtirol-jazzfestival-alto-adige-2025\/pragser-wildsee-c-stefan-pieper\/\" border=\"0\" itemprop=\"url\"> <meta itemprop=\"width\" content=\"836\"> <meta itemprop=\"height\" content=\"471\"> <img decoding=\"async\" class=\"\" data-attachment-id=\"32761\" data-orig-file=\"https:\/\/www.jazzzeitung.de\/cms\/wp-content\/uploads\/2025\/07\/Pragser-Wildsee-c-stefan-pieper-scaled.jpg\" data-orig-size=\"2560,1441\" data-comments-opened=\"1\" data-image-meta=\"{&quot;aperture&quot;:&quot;2.8&quot;,&quot;credit&quot;:&quot;&quot;,&quot;camera&quot;:&quot;DSC-RX10&quot;,&quot;caption&quot;:&quot;&quot;,&quot;created_timestamp&quot;:&quot;1751315629&quot;,&quot;copyright&quot;:&quot;&quot;,&quot;focal_length&quot;:&quot;12.3&quot;,&quot;iso&quot;:&quot;1000&quot;,&quot;shutter_speed&quot;:&quot;0.025&quot;,&quot;title&quot;:&quot;&quot;,&quot;orientation&quot;:&quot;0&quot;}\" data-image-title=\"pieper\" data-image-description=\"\" data-medium-file=\"https:\/\/i0.wp.com\/www.jazzzeitung.de\/cms\/wp-content\/uploads\/2025\/07\/Pragser-Wildsee-c-stefan-pieper-scaled.jpg?fit=300%2C169&#038;ssl=1\" data-large-file=\"https:\/\/i0.wp.com\/www.jazzzeitung.de\/cms\/wp-content\/uploads\/2025\/07\/Pragser-Wildsee-c-stefan-pieper-scaled.jpg?fit=840%2C473&#038;ssl=1\" src=\"https:\/\/i0.wp.com\/www.jazzzeitung.de\/cms\/wp-content\/uploads\/2025\/07\/Pragser-Wildsee-c-stefan-pieper-scaled.jpg?w=836&#038;h=471&#038;ssl=1\" srcset=\"https:\/\/i0.wp.com\/www.jazzzeitung.de\/cms\/wp-content\/uploads\/2025\/07\/Pragser-Wildsee-c-stefan-pieper-scaled.jpg?w=2560&amp;ssl=1 2560w, https:\/\/i0.wp.com\/www.jazzzeitung.de\/cms\/wp-content\/uploads\/2025\/07\/Pragser-Wildsee-c-stefan-pieper-scaled.jpg?resize=300%2C169&amp;ssl=1 300w, https:\/\/i0.wp.com\/www.jazzzeitung.de\/cms\/wp-content\/uploads\/2025\/07\/Pragser-Wildsee-c-stefan-pieper-scaled.jpg?resize=900%2C507&amp;ssl=1 900w, https:\/\/i0.wp.com\/www.jazzzeitung.de\/cms\/wp-content\/uploads\/2025\/07\/Pragser-Wildsee-c-stefan-pieper-scaled.jpg?resize=768%2C432&amp;ssl=1 768w, https:\/\/i0.wp.com\/www.jazzzeitung.de\/cms\/wp-content\/uploads\/2025\/07\/Pragser-Wildsee-c-stefan-pieper-scaled.jpg?resize=1536%2C864&amp;ssl=1 1536w, https:\/\/i0.wp.com\/www.jazzzeitung.de\/cms\/wp-content\/uploads\/2025\/07\/Pragser-Wildsee-c-stefan-pieper-scaled.jpg?resize=2048%2C1153&amp;ssl=1 2048w, https:\/\/i0.wp.com\/www.jazzzeitung.de\/cms\/wp-content\/uploads\/2025\/07\/Pragser-Wildsee-c-stefan-pieper-scaled.jpg?resize=1320%2C743&amp;ssl=1 1320w, https:\/\/i0.wp.com\/www.jazzzeitung.de\/cms\/wp-content\/uploads\/2025\/07\/Pragser-Wildsee-c-stefan-pieper-scaled.jpg?w=1680&amp;ssl=1 1680w\" width=\"836\" height=\"471\" loading=\"lazy\" data-original-width=\"836\" data-original-height=\"471\" itemprop=\"http:\/\/schema.org\/image\" title=\"pieper\" alt=\"Pragser Wildsee. Foto: Stefan Pieper\" style=\"width: 836px; height: 471px;\" \/> <\/a> <div class=\"tiled-gallery-caption\" itemprop=\"caption description\"> Pragser Wildsee. Foto: Stefan Pieper <\/div> <\/div> <\/div> <!-- close group --> <\/div> <!-- close row --> <\/div>\n<p>Vor allem das Auftaktwochenende ist unter dem jungen Festivalteam zur neuen, kreativen Spielwiese geworden, vor allem der Er\u00f6ffnungsabend trug eine solche Handschrift im NOI Techpark. Wo fr\u00fcher Industrieroboter ihre monotonen Kreise zogen, lieferte das Industrial Echoes Sextett eine Antwort aus dem Heute. Vor allem die Niederlande sind Schwerpunkt-Thema beim diesj\u00e4hrigen Festival. Auf dem Techpark-Gel\u00e4nde dirigierte Tijs Wybenga, ein niederl\u00e4ndischer Tastenzauberer und Komponist, sein Brainteaser Orchestra durch ein Set, das alle Erwartungen pulverisierte. Elf Musiker aus sieben L\u00e4ndern, die meisten Absolventen des Amsterdamer Konservatoriums, st\u00fctzten sich mit Neugier und k\u00fcnstlerischem Hei\u00dfhunger auf Wybengas gro\u00dfformatige Kompositionen. Wer der Hitze entfliehen wollte, durfte dies beim Einfahren in einen alten Bergwerksstollen tun: Der niederl\u00e4ndische Ausnahmegitarrist Reinier Baas erforschte in der unterirdischen K\u00fchle die klanglichen Grenzen seines Instruments. Von raffinierten Jazzstandards bis zur freien Improvisation reicht die riesige Palette und noch Tage sp\u00e4ter war es Gespr\u00e4chsthema im Publikum, wie die Stollen-Akustik aus jedem Ton ein kleines Wunder gemacht hat. Das stellt auch wieder die kuratorische Konsequenz der Bozener Festivalmacher klar: Bei der Auswahl der Locations geht es nie um Event-Gimmicks \u2013 es kommt darauf an, was k\u00fcnstlerisch Sinn macht.<\/p>\n<p>Viele weitere \u00dcberraschungen und Musikerlebnisse folgen noch, bis das Festival am Sonntag, 6. Juli, mit einer Closing Party in der kultigen Batzen-Brauerei seinen Abschluss findet.<\/p>\n<p>Beitragsbild: Antonia Hausmann. Foto: Stefan Pieper<\/p>\n<p>&nbsp;<\/p>\n<h1><\/h1>\n","protected":false},"excerpt":{"rendered":"<p>Das Publikum schwebt in einem kleinen Sessellift durch den Wald, w\u00e4hrend Musikerinnen und Musiker des niederl\u00e4ndischen Brainteaser Orchesters aus verschiedenen Positionen wechselnde Klangstationen liefern \u2013 dieses Passieren im Schwebezustand wurde beim S\u00fcdtirol Alto Adige Festival zur assoziativen Reise aus Musik, Naturger\u00e4uschen und Bergakustik. Die Natur als Konzerthalle, die Landschaft als Instrument. \u201eFloating Through Sound&#8220; lautete der Titel dieses besonderen Konzertevents, die in dieser Form ja sowas wie die DNA dieses Festivals verk\u00f6rpern. Eine lebendige Gegenwart eines Festivals lebt von der Tugend, aus wechselnden Rahmenbedingungen immer wieder das Beste rauszuholen. Auch in diesem Jahr ist mal wieder alles anders geworden, da der Kapuzinerpark, in den letzten Jahren der Hauptspielort als Zentrum weichen musste. Deswegen ist jetzt wieder R\u00fcckbesinnung angesagt:\u00a0 Zwischen historischen Festungsmauern, malerischen Stadtpl\u00e4tzen und Instagram-gehypten Bergseen entfaltet sich eine R\u00fcckbesinnung auf Klaus Widmanns urspr\u00fcngliches Konzept, die weitl\u00e4ufige Erkundung der Region. Franzensfeste, fr\u00fcher Nachmittag. Die m\u00e4chtige Festung reckt sich aus der Landschaft. Zwischen ihren jahrhundertealten Mauern staut sich die Hitze wie in einem Backofen. Man m\u00f6chte sich in den Schatten legen. Aber bei der Wiener Band Purple Muscle Car ist von Hitzekoma keine Spur. Diese Musik &hellip;<\/p>\n","protected":false},"author":18,"featured_media":32755,"comment_status":"open","ping_status":"closed","sticky":false,"template":"","format":"standard","meta":{"_jetpack_memberships_contains_paid_content":false,"footnotes":"","jetpack_publicize_message":"","jetpack_publicize_feature_enabled":true,"jetpack_social_post_already_shared":true,"jetpack_social_options":{"image_generator_settings":{"template":"highway","default_image_id":0,"font":"","enabled":false},"version":2}},"categories":[1053],"tags":[],"coauthors":[695],"class_list":["post-32752","post","type-post","status-publish","format-standard","has-post-thumbnail","hentry","category-bericht"],"yoast_head":"<!-- This site is optimized with the Yoast SEO plugin v27.4 - https:\/\/yoast.com\/product\/yoast-seo-wordpress\/ -->\n<title>Ohne Zentrum, aber k\u00fcnstlerisch fokussiert: Ein Zwischenbericht vom S\u00fcdtirol Jazzfestival Alto Adige 2025 - JazzZeitung<\/title>\n<meta name=\"robots\" content=\"index, follow, max-snippet:-1, max-image-preview:large, max-video-preview:-1\" \/>\n<link rel=\"canonical\" href=\"https:\/\/www.jazzzeitung.de\/cms\/2025\/07\/ohne-zentrum-aber-kuenstlerisch-fokussiert-ein-zwischenbericht-vom-suedtirol-jazzfestival-alto-adige-2025\/\" \/>\n<meta property=\"og:locale\" content=\"de_DE\" \/>\n<meta property=\"og:type\" content=\"article\" \/>\n<meta property=\"og:title\" content=\"Ohne Zentrum, aber k\u00fcnstlerisch fokussiert: Ein Zwischenbericht vom S\u00fcdtirol Jazzfestival Alto Adige 2025 - JazzZeitung\" \/>\n<meta property=\"og:description\" content=\"Das Publikum schwebt in einem kleinen Sessellift durch den Wald, w\u00e4hrend Musikerinnen und Musiker des niederl\u00e4ndischen Brainteaser Orchesters aus verschiedenen Positionen wechselnde Klangstationen liefern \u2013 dieses Passieren im Schwebezustand wurde beim S\u00fcdtirol Alto Adige Festival zur assoziativen Reise aus Musik, Naturger\u00e4uschen und Bergakustik. Die Natur als Konzerthalle, die Landschaft als Instrument. \u201eFloating Through Sound&#8220; lautete der Titel dieses besonderen Konzertevents, die in dieser Form ja sowas wie die DNA dieses Festivals verk\u00f6rpern. Eine lebendige Gegenwart eines Festivals lebt von der Tugend, aus wechselnden Rahmenbedingungen immer wieder das Beste rauszuholen. Auch in diesem Jahr ist mal wieder alles anders geworden, da der Kapuzinerpark, in den letzten Jahren der Hauptspielort als Zentrum weichen musste. Deswegen ist jetzt wieder R\u00fcckbesinnung angesagt:\u00a0 Zwischen historischen Festungsmauern, malerischen Stadtpl\u00e4tzen und Instagram-gehypten Bergseen entfaltet sich eine R\u00fcckbesinnung auf Klaus Widmanns urspr\u00fcngliches Konzept, die weitl\u00e4ufige Erkundung der Region. Franzensfeste, fr\u00fcher Nachmittag. Die m\u00e4chtige Festung reckt sich aus der Landschaft. Zwischen ihren jahrhundertealten Mauern staut sich die Hitze wie in einem Backofen. Man m\u00f6chte sich in den Schatten legen. Aber bei der Wiener Band Purple Muscle Car ist von Hitzekoma keine Spur. Diese Musik &hellip;\" \/>\n<meta property=\"og:url\" content=\"https:\/\/www.jazzzeitung.de\/cms\/2025\/07\/ohne-zentrum-aber-kuenstlerisch-fokussiert-ein-zwischenbericht-vom-suedtirol-jazzfestival-alto-adige-2025\/\" \/>\n<meta property=\"og:site_name\" content=\"JazzZeitung\" \/>\n<meta property=\"article:publisher\" content=\"https:\/\/www.facebook.com\/JazzZeitung\/\" \/>\n<meta property=\"article:published_time\" content=\"2025-07-01T14:45:52+00:00\" \/>\n<meta property=\"og:image\" content=\"https:\/\/i0.wp.com\/www.jazzzeitung.de\/cms\/wp-content\/uploads\/2025\/07\/Antonia-Hausmann-c-stp-scaled-e1751378883547.jpg?fit=1920%2C1480&ssl=1\" \/>\n\t<meta property=\"og:image:width\" content=\"1920\" \/>\n\t<meta property=\"og:image:height\" content=\"1480\" \/>\n\t<meta property=\"og:image:type\" content=\"image\/jpeg\" \/>\n<meta name=\"author\" content=\"Redaktion JazzZeitung\" \/>\n<script type=\"application\/ld+json\" class=\"yoast-schema-graph\">{\"@context\":\"https:\\\/\\\/schema.org\",\"@graph\":[{\"@type\":\"Article\",\"@id\":\"https:\\\/\\\/www.jazzzeitung.de\\\/cms\\\/2025\\\/07\\\/ohne-zentrum-aber-kuenstlerisch-fokussiert-ein-zwischenbericht-vom-suedtirol-jazzfestival-alto-adige-2025\\\/#article\",\"isPartOf\":{\"@id\":\"https:\\\/\\\/www.jazzzeitung.de\\\/cms\\\/2025\\\/07\\\/ohne-zentrum-aber-kuenstlerisch-fokussiert-ein-zwischenbericht-vom-suedtirol-jazzfestival-alto-adige-2025\\\/\"},\"author\":{\"name\":\"Redaktion JazzZeitung\",\"@id\":\"https:\\\/\\\/www.jazzzeitung.de\\\/cms\\\/#\\\/schema\\\/person\\\/2245b36b9cd1d24cea10f01c031fb92b\"},\"headline\":\"Ohne Zentrum, aber k\u00fcnstlerisch fokussiert: Ein Zwischenbericht vom S\u00fcdtirol Jazzfestival Alto Adige 2025\",\"datePublished\":\"2025-07-01T14:45:52+00:00\",\"mainEntityOfPage\":{\"@id\":\"https:\\\/\\\/www.jazzzeitung.de\\\/cms\\\/2025\\\/07\\\/ohne-zentrum-aber-kuenstlerisch-fokussiert-ein-zwischenbericht-vom-suedtirol-jazzfestival-alto-adige-2025\\\/\"},\"wordCount\":1183,\"commentCount\":0,\"publisher\":{\"@id\":\"https:\\\/\\\/www.jazzzeitung.de\\\/cms\\\/#organization\"},\"image\":{\"@id\":\"https:\\\/\\\/www.jazzzeitung.de\\\/cms\\\/2025\\\/07\\\/ohne-zentrum-aber-kuenstlerisch-fokussiert-ein-zwischenbericht-vom-suedtirol-jazzfestival-alto-adige-2025\\\/#primaryimage\"},\"thumbnailUrl\":\"https:\\\/\\\/i0.wp.com\\\/www.jazzzeitung.de\\\/cms\\\/wp-content\\\/uploads\\\/2025\\\/07\\\/Antonia-Hausmann-c-stp-scaled-e1751378883547.jpg?fit=1920%2C1480&ssl=1\",\"articleSection\":[\"Bericht\"],\"inLanguage\":\"de\",\"potentialAction\":[{\"@type\":\"CommentAction\",\"name\":\"Comment\",\"target\":[\"https:\\\/\\\/www.jazzzeitung.de\\\/cms\\\/2025\\\/07\\\/ohne-zentrum-aber-kuenstlerisch-fokussiert-ein-zwischenbericht-vom-suedtirol-jazzfestival-alto-adige-2025\\\/#respond\"]}]},{\"@type\":\"WebPage\",\"@id\":\"https:\\\/\\\/www.jazzzeitung.de\\\/cms\\\/2025\\\/07\\\/ohne-zentrum-aber-kuenstlerisch-fokussiert-ein-zwischenbericht-vom-suedtirol-jazzfestival-alto-adige-2025\\\/\",\"url\":\"https:\\\/\\\/www.jazzzeitung.de\\\/cms\\\/2025\\\/07\\\/ohne-zentrum-aber-kuenstlerisch-fokussiert-ein-zwischenbericht-vom-suedtirol-jazzfestival-alto-adige-2025\\\/\",\"name\":\"Ohne Zentrum, aber k\u00fcnstlerisch fokussiert: Ein Zwischenbericht vom S\u00fcdtirol Jazzfestival Alto Adige 2025 - JazzZeitung\",\"isPartOf\":{\"@id\":\"https:\\\/\\\/www.jazzzeitung.de\\\/cms\\\/#website\"},\"primaryImageOfPage\":{\"@id\":\"https:\\\/\\\/www.jazzzeitung.de\\\/cms\\\/2025\\\/07\\\/ohne-zentrum-aber-kuenstlerisch-fokussiert-ein-zwischenbericht-vom-suedtirol-jazzfestival-alto-adige-2025\\\/#primaryimage\"},\"image\":{\"@id\":\"https:\\\/\\\/www.jazzzeitung.de\\\/cms\\\/2025\\\/07\\\/ohne-zentrum-aber-kuenstlerisch-fokussiert-ein-zwischenbericht-vom-suedtirol-jazzfestival-alto-adige-2025\\\/#primaryimage\"},\"thumbnailUrl\":\"https:\\\/\\\/i0.wp.com\\\/www.jazzzeitung.de\\\/cms\\\/wp-content\\\/uploads\\\/2025\\\/07\\\/Antonia-Hausmann-c-stp-scaled-e1751378883547.jpg?fit=1920%2C1480&ssl=1\",\"datePublished\":\"2025-07-01T14:45:52+00:00\",\"breadcrumb\":{\"@id\":\"https:\\\/\\\/www.jazzzeitung.de\\\/cms\\\/2025\\\/07\\\/ohne-zentrum-aber-kuenstlerisch-fokussiert-ein-zwischenbericht-vom-suedtirol-jazzfestival-alto-adige-2025\\\/#breadcrumb\"},\"inLanguage\":\"de\",\"potentialAction\":[{\"@type\":\"ReadAction\",\"target\":[\"https:\\\/\\\/www.jazzzeitung.de\\\/cms\\\/2025\\\/07\\\/ohne-zentrum-aber-kuenstlerisch-fokussiert-ein-zwischenbericht-vom-suedtirol-jazzfestival-alto-adige-2025\\\/\"]}]},{\"@type\":\"ImageObject\",\"inLanguage\":\"de\",\"@id\":\"https:\\\/\\\/www.jazzzeitung.de\\\/cms\\\/2025\\\/07\\\/ohne-zentrum-aber-kuenstlerisch-fokussiert-ein-zwischenbericht-vom-suedtirol-jazzfestival-alto-adige-2025\\\/#primaryimage\",\"url\":\"https:\\\/\\\/i0.wp.com\\\/www.jazzzeitung.de\\\/cms\\\/wp-content\\\/uploads\\\/2025\\\/07\\\/Antonia-Hausmann-c-stp-scaled-e1751378883547.jpg?fit=1920%2C1480&ssl=1\",\"contentUrl\":\"https:\\\/\\\/i0.wp.com\\\/www.jazzzeitung.de\\\/cms\\\/wp-content\\\/uploads\\\/2025\\\/07\\\/Antonia-Hausmann-c-stp-scaled-e1751378883547.jpg?fit=1920%2C1480&ssl=1\",\"width\":1920,\"height\":1480},{\"@type\":\"BreadcrumbList\",\"@id\":\"https:\\\/\\\/www.jazzzeitung.de\\\/cms\\\/2025\\\/07\\\/ohne-zentrum-aber-kuenstlerisch-fokussiert-ein-zwischenbericht-vom-suedtirol-jazzfestival-alto-adige-2025\\\/#breadcrumb\",\"itemListElement\":[{\"@type\":\"ListItem\",\"position\":1,\"name\":\"Startseite\",\"item\":\"https:\\\/\\\/www.jazzzeitung.de\\\/cms\\\/\"},{\"@type\":\"ListItem\",\"position\":2,\"name\":\"Ohne Zentrum, aber k\u00fcnstlerisch fokussiert: Ein Zwischenbericht vom S\u00fcdtirol Jazzfestival Alto Adige 2025\"}]},{\"@type\":\"WebSite\",\"@id\":\"https:\\\/\\\/www.jazzzeitung.de\\\/cms\\\/#website\",\"url\":\"https:\\\/\\\/www.jazzzeitung.de\\\/cms\\\/\",\"name\":\"JazzZeitung\",\"description\":\"Jazz-News und Jazz-Kontroverses\",\"publisher\":{\"@id\":\"https:\\\/\\\/www.jazzzeitung.de\\\/cms\\\/#organization\"},\"potentialAction\":[{\"@type\":\"SearchAction\",\"target\":{\"@type\":\"EntryPoint\",\"urlTemplate\":\"https:\\\/\\\/www.jazzzeitung.de\\\/cms\\\/?s={search_term_string}\"},\"query-input\":{\"@type\":\"PropertyValueSpecification\",\"valueRequired\":true,\"valueName\":\"search_term_string\"}}],\"inLanguage\":\"de\"},{\"@type\":\"Organization\",\"@id\":\"https:\\\/\\\/www.jazzzeitung.de\\\/cms\\\/#organization\",\"name\":\"JazzZeitung online\",\"url\":\"https:\\\/\\\/www.jazzzeitung.de\\\/cms\\\/\",\"logo\":{\"@type\":\"ImageObject\",\"inLanguage\":\"de\",\"@id\":\"https:\\\/\\\/www.jazzzeitung.de\\\/cms\\\/#\\\/schema\\\/logo\\\/image\\\/\",\"url\":\"https:\\\/\\\/i0.wp.com\\\/www.jazzzeitung.de\\\/cms\\\/wp-content\\\/uploads\\\/2015\\\/08\\\/JAZZZEITUNGDE_Logo_Neu.png?fit=499%2C200&ssl=1\",\"contentUrl\":\"https:\\\/\\\/i0.wp.com\\\/www.jazzzeitung.de\\\/cms\\\/wp-content\\\/uploads\\\/2015\\\/08\\\/JAZZZEITUNGDE_Logo_Neu.png?fit=499%2C200&ssl=1\",\"width\":499,\"height\":200,\"caption\":\"JazzZeitung online\"},\"image\":{\"@id\":\"https:\\\/\\\/www.jazzzeitung.de\\\/cms\\\/#\\\/schema\\\/logo\\\/image\\\/\"},\"sameAs\":[\"https:\\\/\\\/www.facebook.com\\\/JazzZeitung\\\/\"]},{\"@type\":\"Person\",\"@id\":\"https:\\\/\\\/www.jazzzeitung.de\\\/cms\\\/#\\\/schema\\\/person\\\/2245b36b9cd1d24cea10f01c031fb92b\",\"name\":\"Redaktion JazzZeitung\",\"image\":{\"@type\":\"ImageObject\",\"inLanguage\":\"de\",\"@id\":\"https:\\\/\\\/i0.wp.com\\\/www.jazzzeitung.de\\\/cms\\\/wp-content\\\/uploads\\\/2015\\\/08\\\/JAZZZEITUNGDE_Logo_Neu.png?resize=96%2C96&ssl=159975dcacb611b5700bd619b5daf0a7a\",\"url\":\"https:\\\/\\\/i0.wp.com\\\/www.jazzzeitung.de\\\/cms\\\/wp-content\\\/uploads\\\/2015\\\/08\\\/JAZZZEITUNGDE_Logo_Neu.png?resize=96%2C96&ssl=1\",\"contentUrl\":\"https:\\\/\\\/i0.wp.com\\\/www.jazzzeitung.de\\\/cms\\\/wp-content\\\/uploads\\\/2015\\\/08\\\/JAZZZEITUNGDE_Logo_Neu.png?resize=96%2C96&ssl=1\",\"caption\":\"Redaktion JazzZeitung\"},\"description\":\"Artikel der Redaktion der JazzZeitung.\",\"sameAs\":[\"http:\\\/\\\/www.jazzzeitung.de\\\/cms\\\/\"],\"url\":\"https:\\\/\\\/www.jazzzeitung.de\\\/cms\\\/author\\\/redaktion\\\/\"}]}<\/script>\n<!-- \/ Yoast SEO plugin. -->","yoast_head_json":{"title":"Ohne Zentrum, aber k\u00fcnstlerisch fokussiert: Ein Zwischenbericht vom S\u00fcdtirol Jazzfestival Alto Adige 2025 - JazzZeitung","robots":{"index":"index","follow":"follow","max-snippet":"max-snippet:-1","max-image-preview":"max-image-preview:large","max-video-preview":"max-video-preview:-1"},"canonical":"https:\/\/www.jazzzeitung.de\/cms\/2025\/07\/ohne-zentrum-aber-kuenstlerisch-fokussiert-ein-zwischenbericht-vom-suedtirol-jazzfestival-alto-adige-2025\/","og_locale":"de_DE","og_type":"article","og_title":"Ohne Zentrum, aber k\u00fcnstlerisch fokussiert: Ein Zwischenbericht vom S\u00fcdtirol Jazzfestival Alto Adige 2025 - JazzZeitung","og_description":"Das Publikum schwebt in einem kleinen Sessellift durch den Wald, w\u00e4hrend Musikerinnen und Musiker des niederl\u00e4ndischen Brainteaser Orchesters aus verschiedenen Positionen wechselnde Klangstationen liefern \u2013 dieses Passieren im Schwebezustand wurde beim S\u00fcdtirol Alto Adige Festival zur assoziativen Reise aus Musik, Naturger\u00e4uschen und Bergakustik. Die Natur als Konzerthalle, die Landschaft als Instrument. \u201eFloating Through Sound&#8220; lautete der Titel dieses besonderen Konzertevents, die in dieser Form ja sowas wie die DNA dieses Festivals verk\u00f6rpern. Eine lebendige Gegenwart eines Festivals lebt von der Tugend, aus wechselnden Rahmenbedingungen immer wieder das Beste rauszuholen. Auch in diesem Jahr ist mal wieder alles anders geworden, da der Kapuzinerpark, in den letzten Jahren der Hauptspielort als Zentrum weichen musste. Deswegen ist jetzt wieder R\u00fcckbesinnung angesagt:\u00a0 Zwischen historischen Festungsmauern, malerischen Stadtpl\u00e4tzen und Instagram-gehypten Bergseen entfaltet sich eine R\u00fcckbesinnung auf Klaus Widmanns urspr\u00fcngliches Konzept, die weitl\u00e4ufige Erkundung der Region. Franzensfeste, fr\u00fcher Nachmittag. Die m\u00e4chtige Festung reckt sich aus der Landschaft. Zwischen ihren jahrhundertealten Mauern staut sich die Hitze wie in einem Backofen. Man m\u00f6chte sich in den Schatten legen. Aber bei der Wiener Band Purple Muscle Car ist von Hitzekoma keine Spur. Diese Musik &hellip;","og_url":"https:\/\/www.jazzzeitung.de\/cms\/2025\/07\/ohne-zentrum-aber-kuenstlerisch-fokussiert-ein-zwischenbericht-vom-suedtirol-jazzfestival-alto-adige-2025\/","og_site_name":"JazzZeitung","article_publisher":"https:\/\/www.facebook.com\/JazzZeitung\/","article_published_time":"2025-07-01T14:45:52+00:00","og_image":[{"width":1920,"height":1480,"url":"https:\/\/i0.wp.com\/www.jazzzeitung.de\/cms\/wp-content\/uploads\/2025\/07\/Antonia-Hausmann-c-stp-scaled-e1751378883547.jpg?fit=1920%2C1480&ssl=1","type":"image\/jpeg"}],"author":"Redaktion JazzZeitung","schema":{"@context":"https:\/\/schema.org","@graph":[{"@type":"Article","@id":"https:\/\/www.jazzzeitung.de\/cms\/2025\/07\/ohne-zentrum-aber-kuenstlerisch-fokussiert-ein-zwischenbericht-vom-suedtirol-jazzfestival-alto-adige-2025\/#article","isPartOf":{"@id":"https:\/\/www.jazzzeitung.de\/cms\/2025\/07\/ohne-zentrum-aber-kuenstlerisch-fokussiert-ein-zwischenbericht-vom-suedtirol-jazzfestival-alto-adige-2025\/"},"author":{"name":"Redaktion JazzZeitung","@id":"https:\/\/www.jazzzeitung.de\/cms\/#\/schema\/person\/2245b36b9cd1d24cea10f01c031fb92b"},"headline":"Ohne Zentrum, aber k\u00fcnstlerisch fokussiert: Ein Zwischenbericht vom S\u00fcdtirol Jazzfestival Alto Adige 2025","datePublished":"2025-07-01T14:45:52+00:00","mainEntityOfPage":{"@id":"https:\/\/www.jazzzeitung.de\/cms\/2025\/07\/ohne-zentrum-aber-kuenstlerisch-fokussiert-ein-zwischenbericht-vom-suedtirol-jazzfestival-alto-adige-2025\/"},"wordCount":1183,"commentCount":0,"publisher":{"@id":"https:\/\/www.jazzzeitung.de\/cms\/#organization"},"image":{"@id":"https:\/\/www.jazzzeitung.de\/cms\/2025\/07\/ohne-zentrum-aber-kuenstlerisch-fokussiert-ein-zwischenbericht-vom-suedtirol-jazzfestival-alto-adige-2025\/#primaryimage"},"thumbnailUrl":"https:\/\/i0.wp.com\/www.jazzzeitung.de\/cms\/wp-content\/uploads\/2025\/07\/Antonia-Hausmann-c-stp-scaled-e1751378883547.jpg?fit=1920%2C1480&ssl=1","articleSection":["Bericht"],"inLanguage":"de","potentialAction":[{"@type":"CommentAction","name":"Comment","target":["https:\/\/www.jazzzeitung.de\/cms\/2025\/07\/ohne-zentrum-aber-kuenstlerisch-fokussiert-ein-zwischenbericht-vom-suedtirol-jazzfestival-alto-adige-2025\/#respond"]}]},{"@type":"WebPage","@id":"https:\/\/www.jazzzeitung.de\/cms\/2025\/07\/ohne-zentrum-aber-kuenstlerisch-fokussiert-ein-zwischenbericht-vom-suedtirol-jazzfestival-alto-adige-2025\/","url":"https:\/\/www.jazzzeitung.de\/cms\/2025\/07\/ohne-zentrum-aber-kuenstlerisch-fokussiert-ein-zwischenbericht-vom-suedtirol-jazzfestival-alto-adige-2025\/","name":"Ohne Zentrum, aber k\u00fcnstlerisch fokussiert: Ein Zwischenbericht vom S\u00fcdtirol Jazzfestival Alto Adige 2025 - JazzZeitung","isPartOf":{"@id":"https:\/\/www.jazzzeitung.de\/cms\/#website"},"primaryImageOfPage":{"@id":"https:\/\/www.jazzzeitung.de\/cms\/2025\/07\/ohne-zentrum-aber-kuenstlerisch-fokussiert-ein-zwischenbericht-vom-suedtirol-jazzfestival-alto-adige-2025\/#primaryimage"},"image":{"@id":"https:\/\/www.jazzzeitung.de\/cms\/2025\/07\/ohne-zentrum-aber-kuenstlerisch-fokussiert-ein-zwischenbericht-vom-suedtirol-jazzfestival-alto-adige-2025\/#primaryimage"},"thumbnailUrl":"https:\/\/i0.wp.com\/www.jazzzeitung.de\/cms\/wp-content\/uploads\/2025\/07\/Antonia-Hausmann-c-stp-scaled-e1751378883547.jpg?fit=1920%2C1480&ssl=1","datePublished":"2025-07-01T14:45:52+00:00","breadcrumb":{"@id":"https:\/\/www.jazzzeitung.de\/cms\/2025\/07\/ohne-zentrum-aber-kuenstlerisch-fokussiert-ein-zwischenbericht-vom-suedtirol-jazzfestival-alto-adige-2025\/#breadcrumb"},"inLanguage":"de","potentialAction":[{"@type":"ReadAction","target":["https:\/\/www.jazzzeitung.de\/cms\/2025\/07\/ohne-zentrum-aber-kuenstlerisch-fokussiert-ein-zwischenbericht-vom-suedtirol-jazzfestival-alto-adige-2025\/"]}]},{"@type":"ImageObject","inLanguage":"de","@id":"https:\/\/www.jazzzeitung.de\/cms\/2025\/07\/ohne-zentrum-aber-kuenstlerisch-fokussiert-ein-zwischenbericht-vom-suedtirol-jazzfestival-alto-adige-2025\/#primaryimage","url":"https:\/\/i0.wp.com\/www.jazzzeitung.de\/cms\/wp-content\/uploads\/2025\/07\/Antonia-Hausmann-c-stp-scaled-e1751378883547.jpg?fit=1920%2C1480&ssl=1","contentUrl":"https:\/\/i0.wp.com\/www.jazzzeitung.de\/cms\/wp-content\/uploads\/2025\/07\/Antonia-Hausmann-c-stp-scaled-e1751378883547.jpg?fit=1920%2C1480&ssl=1","width":1920,"height":1480},{"@type":"BreadcrumbList","@id":"https:\/\/www.jazzzeitung.de\/cms\/2025\/07\/ohne-zentrum-aber-kuenstlerisch-fokussiert-ein-zwischenbericht-vom-suedtirol-jazzfestival-alto-adige-2025\/#breadcrumb","itemListElement":[{"@type":"ListItem","position":1,"name":"Startseite","item":"https:\/\/www.jazzzeitung.de\/cms\/"},{"@type":"ListItem","position":2,"name":"Ohne Zentrum, aber k\u00fcnstlerisch fokussiert: Ein Zwischenbericht vom S\u00fcdtirol Jazzfestival Alto Adige 2025"}]},{"@type":"WebSite","@id":"https:\/\/www.jazzzeitung.de\/cms\/#website","url":"https:\/\/www.jazzzeitung.de\/cms\/","name":"JazzZeitung","description":"Jazz-News und Jazz-Kontroverses","publisher":{"@id":"https:\/\/www.jazzzeitung.de\/cms\/#organization"},"potentialAction":[{"@type":"SearchAction","target":{"@type":"EntryPoint","urlTemplate":"https:\/\/www.jazzzeitung.de\/cms\/?s={search_term_string}"},"query-input":{"@type":"PropertyValueSpecification","valueRequired":true,"valueName":"search_term_string"}}],"inLanguage":"de"},{"@type":"Organization","@id":"https:\/\/www.jazzzeitung.de\/cms\/#organization","name":"JazzZeitung online","url":"https:\/\/www.jazzzeitung.de\/cms\/","logo":{"@type":"ImageObject","inLanguage":"de","@id":"https:\/\/www.jazzzeitung.de\/cms\/#\/schema\/logo\/image\/","url":"https:\/\/i0.wp.com\/www.jazzzeitung.de\/cms\/wp-content\/uploads\/2015\/08\/JAZZZEITUNGDE_Logo_Neu.png?fit=499%2C200&ssl=1","contentUrl":"https:\/\/i0.wp.com\/www.jazzzeitung.de\/cms\/wp-content\/uploads\/2015\/08\/JAZZZEITUNGDE_Logo_Neu.png?fit=499%2C200&ssl=1","width":499,"height":200,"caption":"JazzZeitung online"},"image":{"@id":"https:\/\/www.jazzzeitung.de\/cms\/#\/schema\/logo\/image\/"},"sameAs":["https:\/\/www.facebook.com\/JazzZeitung\/"]},{"@type":"Person","@id":"https:\/\/www.jazzzeitung.de\/cms\/#\/schema\/person\/2245b36b9cd1d24cea10f01c031fb92b","name":"Redaktion JazzZeitung","image":{"@type":"ImageObject","inLanguage":"de","@id":"https:\/\/i0.wp.com\/www.jazzzeitung.de\/cms\/wp-content\/uploads\/2015\/08\/JAZZZEITUNGDE_Logo_Neu.png?resize=96%2C96&ssl=159975dcacb611b5700bd619b5daf0a7a","url":"https:\/\/i0.wp.com\/www.jazzzeitung.de\/cms\/wp-content\/uploads\/2015\/08\/JAZZZEITUNGDE_Logo_Neu.png?resize=96%2C96&ssl=1","contentUrl":"https:\/\/i0.wp.com\/www.jazzzeitung.de\/cms\/wp-content\/uploads\/2015\/08\/JAZZZEITUNGDE_Logo_Neu.png?resize=96%2C96&ssl=1","caption":"Redaktion JazzZeitung"},"description":"Artikel der Redaktion der JazzZeitung.","sameAs":["http:\/\/www.jazzzeitung.de\/cms\/"],"url":"https:\/\/www.jazzzeitung.de\/cms\/author\/redaktion\/"}]}},"wp-worthy-pixel":{"ignored":false,"public":null,"server":null,"url":null},"wp-worthy-type":"normal","jetpack_publicize_connections":[],"cc_featured_image_caption":{"caption_text":"","source_text":"","source_url":""},"jetpack_featured_media_url":"https:\/\/i0.wp.com\/www.jazzzeitung.de\/cms\/wp-content\/uploads\/2025\/07\/Antonia-Hausmann-c-stp-scaled-e1751378883547.jpg?fit=1920%2C1480&ssl=1","jetpack_shortlink":"https:\/\/wp.me\/p3KEcT-8wg","jetpack-related-posts":[{"id":8122,"url":"https:\/\/www.jazzzeitung.de\/cms\/2016\/01\/suedtirol-jazzfestival-alto-adige-2016-startet-die-naechste-runde\/","url_meta":{"origin":32752,"position":0},"title":"Save the Date: S\u00fcdtirol Jazzfestival Alto Adige 2016 startet in die n\u00e4chste Runde","author":"Redaktion JazzZeitung","date":"16. Januar 2016","format":false,"excerpt":"Nach dem Festival ist vor dem Festival: Die Vorbereitungen auf das S\u00fcdtirol Jazzfestival Alto Adige 2016 laufen bereits auf Hochtouren, die Er\u00f6ffnung ist am 24. Juni 2016. Dieses Jahr findet das S\u00fcdtirol Jazzfestival Alto Adige bereits in seiner 34. Auflage statt. Wie jedes Jahr sind auch f\u00fcr das bevorstehende Event\u2026","rel":"","context":"In &quot;News&quot;","block_context":{"text":"News","link":"https:\/\/www.jazzzeitung.de\/cms\/thema\/nachrichten\/"},"img":{"alt_text":"Das 34. S\u00fcdtirol Jazzfestival Alto Adige - dieses Jahr mit dem Schwerpunkt auf \u00d6sterreich und Italien. Foto: G. Pichler","src":"https:\/\/i0.wp.com\/www.jazzzeitung.de\/cms\/wp-content\/uploads\/2016\/01\/SJF15-0701-Waltherplatz-Three-Trapped-Tigers-c-GPichler-14-150x150.jpg?resize=350%2C200","width":350,"height":200},"classes":[]},{"id":22336,"url":"https:\/\/www.jazzzeitung.de\/cms\/2020\/04\/newssuedtirol-jazzfestival-alto-adige-2020-abgesagtmoers-jazzfestival-soll-stattfinden\/","url_meta":{"origin":32752,"position":1},"title":"news+++S\u00fcdtirol Jazzfestival Alto Adige 2020 abgesagt+++Moers Jazzfestival soll stattfinden+++","author":"Redaktion JazzZeitung","date":"11. April 2020","format":false,"excerpt":"Eine weitere Festival-Absage Das S\u00fcdtirol Jazzfestival Alto Adige findet dieses Jahr zum ersten Mal in 38 Jahren nicht statt. Die Pandemie hat auch die Veranstalter in S\u00fcdtirol gezwungen, Festivals, Konzerte usw. abzusagen. Das Programm des Festivals sollte eigentlich eine Reise in den osteurop\u00e4ischen Jazz sein, Name des Themas: \u201eGegen den\u2026","rel":"","context":"In &quot;News&quot;","block_context":{"text":"News","link":"https:\/\/www.jazzzeitung.de\/cms\/thema\/nachrichten\/"},"img":{"alt_text":"","src":"https:\/\/www.jazzzeitung.de\/cms\/wp-content\/uploads\/2020\/03\/Beitragsbild-beschnitten-e1583498329553.bmp","width":350,"height":200,"srcset":"https:\/\/www.jazzzeitung.de\/cms\/wp-content\/uploads\/2020\/03\/Beitragsbild-beschnitten-e1583498329553.bmp 1x, https:\/\/www.jazzzeitung.de\/cms\/wp-content\/uploads\/2020\/03\/Beitragsbild-beschnitten-e1583498329553.bmp 1.5x, https:\/\/www.jazzzeitung.de\/cms\/wp-content\/uploads\/2020\/03\/Beitragsbild-beschnitten-e1583498329553.bmp 2x, https:\/\/www.jazzzeitung.de\/cms\/wp-content\/uploads\/2020\/03\/Beitragsbild-beschnitten-e1583498329553.bmp 3x"},"classes":[]},{"id":3508,"url":"https:\/\/www.jazzzeitung.de\/cms\/2014\/02\/suedtirol-jazzfestival-alto-adige-2014-mit-chickcorea\/","url_meta":{"origin":32752,"position":2},"title":"S\u00fcdtirol Jazzfestival Alto Adige 2014 \u2013 mit ChickCorea","author":"Redaktion JazzZeitung","date":"21. Februar 2014","format":false,"excerpt":"Vom Freitag, den 27. Juni bis Sonntag, 6. Juli 2014 wird in S\u00fcdtirol wieder der Jazz dominieren. Zum 32. Mal in Folge findet in diesem Jahr das beliebte S\u00fcdtirol Jazz Festival Alto Adige statt.\u00a0 So unterschiedlich wie die Musik der auftretenden K\u00fcnstler sind auch in jedem Jahr die Austragungsorte der\u2026","rel":"","context":"In &quot;News&quot;","block_context":{"text":"News","link":"https:\/\/www.jazzzeitung.de\/cms\/thema\/nachrichten\/"},"img":{"alt_text":"S\u00fcdtiroler Jazzfestival Alto Adige","src":"https:\/\/i0.wp.com\/www.jazzzeitung.de\/cms\/wp-content\/uploads\/2014\/02\/Jazz-Design-2014-2-150x150.jpg?resize=350%2C200","width":350,"height":200},"classes":[]},{"id":9659,"url":"https:\/\/www.jazzzeitung.de\/cms\/2016\/07\/suedtirol-jazzfestival-alto-adige-2016-impulse-fuer-die-internationale-szene\/","url_meta":{"origin":32752,"position":3},"title":"S\u00fcdtirol Jazzfestival Alto Adige 2016 &#8211; \u201eImpulse f\u00fcr die internationale Szene\u201c","author":"Redaktion JazzZeitung","date":"15. Juli 2016","format":false,"excerpt":"Das S\u00fcdtirol Jazzfestival Alto Adige wird immer mehr zu einer Werkstatt, von der neue Impulse f\u00fcr die internationale Musikszene ausgehen. Dies hat die 34. Ausgabe des Festivals erneut best\u00e4tigt, die am Wochenende zu Ende ging. Jazz-Pr\u00e4sident Klaus Widmann ist \u00fcberaus zufrieden mit den vergangenen 10 Tagen Jazzfestival mit L\u00e4nderschwerpunkt \u00d6sterreich\/Italien.\u2026","rel":"","context":"In &quot;News&quot;","block_context":{"text":"News","link":"https:\/\/www.jazzzeitung.de\/cms\/thema\/nachrichten\/"},"img":{"alt_text":"IMG_6938","src":"https:\/\/i0.wp.com\/www.jazzzeitung.de\/cms\/wp-content\/uploads\/2016\/07\/IMG_6938-150x150.jpg?resize=350%2C200","width":350,"height":200},"classes":[]},{"id":29703,"url":"https:\/\/www.jazzzeitung.de\/cms\/2023\/07\/das-suedtirol-jazzfestival-alto-adige-hat-begonnen\/","url_meta":{"origin":32752,"position":4},"title":"Vielfalt pur \u2013 das S\u00fcdtirol Jazzfestival Alto Adige hat begonnen","author":"Andreas Kolb","date":"4. Juli 2023","format":false,"excerpt":"Seit Jahrhunderten gibt es viele Gr\u00fcnde f\u00fcr einen Deutschen, die Alpen zu \u00fcberqueren. Seit 2004 einen weiteren: Das Jazzfestival S\u00fcdtirol Alto Adige. In diesem Jahr hatte der praktische Arzt, Bergsteiger und Gitarrenmusik- und Jazz-Liebhaber Klaus Widmann das S\u00fcdtirol Jazzfestival von Gr\u00fcnder Nicola Ciardi \u00fcbernommen und machte es \u00fcber die Jahre\u2026","rel":"","context":"In &quot;Bericht&quot;","block_context":{"text":"Bericht","link":"https:\/\/www.jazzzeitung.de\/cms\/thema\/bericht\/"},"img":{"alt_text":"","src":"https:\/\/i0.wp.com\/www.jazzzeitung.de\/cms\/wp-content\/uploads\/2023\/07\/Altoadige-Jazz-2023La-Litanie-des-Cimes.jpg?fit=1200%2C800&ssl=1&resize=350%2C200","width":350,"height":200,"srcset":"https:\/\/i0.wp.com\/www.jazzzeitung.de\/cms\/wp-content\/uploads\/2023\/07\/Altoadige-Jazz-2023La-Litanie-des-Cimes.jpg?fit=1200%2C800&ssl=1&resize=350%2C200 1x, https:\/\/i0.wp.com\/www.jazzzeitung.de\/cms\/wp-content\/uploads\/2023\/07\/Altoadige-Jazz-2023La-Litanie-des-Cimes.jpg?fit=1200%2C800&ssl=1&resize=525%2C300 1.5x, https:\/\/i0.wp.com\/www.jazzzeitung.de\/cms\/wp-content\/uploads\/2023\/07\/Altoadige-Jazz-2023La-Litanie-des-Cimes.jpg?fit=1200%2C800&ssl=1&resize=700%2C400 2x, https:\/\/i0.wp.com\/www.jazzzeitung.de\/cms\/wp-content\/uploads\/2023\/07\/Altoadige-Jazz-2023La-Litanie-des-Cimes.jpg?fit=1200%2C800&ssl=1&resize=1050%2C600 3x"},"classes":[]},{"id":11947,"url":"https:\/\/www.jazzzeitung.de\/cms\/2017\/03\/11947\/","url_meta":{"origin":32752,"position":5},"title":"35 Jahre S\u00fcdtirol Jazzfestival Alto Adige: Start in vier Monaten","author":"Redaktion JazzZeitung","date":"19. M\u00e4rz 2017","format":false,"excerpt":"Musik zu Berge und im Tal, auf sch\u00f6nen Pl\u00e4tzen und an besonderen Orten in ganz S\u00fcdtirol, und das ganze 10 Tage lang: In knapp vier Monaten, am 30. Juni, f\u00e4llt der Startschuss f\u00fcr das S\u00fcdtirol Jazzfestival Alto Adige 2017. Zum diesj\u00e4hrigen 35-j\u00e4hrigen Jubil\u00e4um f\u00fchrt der L\u00e4nderschwerpunkt in die Benelux-Staaten \u2013\u2026","rel":"","context":"In &quot;News&quot;","block_context":{"text":"News","link":"https:\/\/www.jazzzeitung.de\/cms\/thema\/nachrichten\/"},"img":{"alt_text":"","src":"https:\/\/i0.wp.com\/www.jazzzeitung.de\/cms\/wp-content\/uploads\/2017\/03\/IMG_7299-150x150.jpg?resize=350%2C200","width":350,"height":200},"classes":[]}],"jetpack_sharing_enabled":true,"_links":{"self":[{"href":"https:\/\/www.jazzzeitung.de\/cms\/wp-json\/wp\/v2\/posts\/32752","targetHints":{"allow":["GET"]}}],"collection":[{"href":"https:\/\/www.jazzzeitung.de\/cms\/wp-json\/wp\/v2\/posts"}],"about":[{"href":"https:\/\/www.jazzzeitung.de\/cms\/wp-json\/wp\/v2\/types\/post"}],"author":[{"embeddable":true,"href":"https:\/\/www.jazzzeitung.de\/cms\/wp-json\/wp\/v2\/users\/18"}],"replies":[{"embeddable":true,"href":"https:\/\/www.jazzzeitung.de\/cms\/wp-json\/wp\/v2\/comments?post=32752"}],"version-history":[{"count":7,"href":"https:\/\/www.jazzzeitung.de\/cms\/wp-json\/wp\/v2\/posts\/32752\/revisions"}],"predecessor-version":[{"id":32769,"href":"https:\/\/www.jazzzeitung.de\/cms\/wp-json\/wp\/v2\/posts\/32752\/revisions\/32769"}],"wp:featuredmedia":[{"embeddable":true,"href":"https:\/\/www.jazzzeitung.de\/cms\/wp-json\/wp\/v2\/media\/32755"}],"wp:attachment":[{"href":"https:\/\/www.jazzzeitung.de\/cms\/wp-json\/wp\/v2\/media?parent=32752"}],"wp:term":[{"taxonomy":"category","embeddable":true,"href":"https:\/\/www.jazzzeitung.de\/cms\/wp-json\/wp\/v2\/categories?post=32752"},{"taxonomy":"post_tag","embeddable":true,"href":"https:\/\/www.jazzzeitung.de\/cms\/wp-json\/wp\/v2\/tags?post=32752"},{"taxonomy":"author","embeddable":true,"href":"https:\/\/www.jazzzeitung.de\/cms\/wp-json\/wp\/v2\/coauthors?post=32752"}],"curies":[{"name":"wp","href":"https:\/\/api.w.org\/{rel}","templated":true}]}}