{"id":32740,"date":"2025-06-27T12:45:21","date_gmt":"2025-06-27T10:45:21","guid":{"rendered":"https:\/\/www.jazzzeitung.de\/cms\/?p=32740"},"modified":"2025-07-07T17:19:30","modified_gmt":"2025-07-07T15:19:30","slug":"news-dianne-reeves-erhaelt-german-jazz-trophy-focusyear-band-25-gutenberg-jazz-collective-in-mainz","status":"publish","type":"post","link":"https:\/\/www.jazzzeitung.de\/cms\/2025\/06\/news-dianne-reeves-erhaelt-german-jazz-trophy-focusyear-band-25-gutenberg-jazz-collective-in-mainz\/","title":{"rendered":"+++ News: +++ Dianne Reeves erh\u00e4lt German Jazz Trophy +++ Focusyear Band 25 +++ \u201eGutenberg Jazz Collective\u201c in Mainz +++"},"content":{"rendered":"<h3><strong>+++ German Jazz Trophy f\u00fcr Dianne Reeves +++<\/strong><\/h3>\n<p>Der S\u00e4ngerin <strong>Dianne Reeves<\/strong>, f\u00fcnfmalige Grammygewinnerin \u2013 drei davon in aufeinanderfolgenden Jahren f\u00fcr die beste Jazz-Gesangsperformance \u2013, wird am 2. Juli im Zuge der \u201ejazz-open\u201c Stuttgart 2025 die mit 15.000 Euro dotierte German Jazz Trophy verliehen. Zwei Tage nach der Preisverleihung im Sparda Event Center ist sie ein zweites mal auf dem Festival jazzopen im sch\u00f6nen Ambiente des Alten Schlosses zu h\u00f6ren.<br \/>\nReeves hat mit Jazzgr\u00f6\u00dfen wie \u00ad<strong>Wynton Marsalis<\/strong> und <strong>Gregory Porter<\/strong>, aber auch mit Orchestern wie dem Chicago Symphony Orchestra und den Berliner Philharmonikern zusammengearbeitet. Sie war als \u201eCreative Chair for Jazz\u201c au\u00dferdem die erste k\u00fcnstlerische Leiterin f\u00fcr Jazz der Los Angeles Philharmonic \u00fcberhaupt.<\/p>\n<p>Unter dem Motto \u201eA Life for Jazz\u201c (\u201eEin Leben f\u00fcr Jazz\u201c) zeichnet die German Jazz Trophy Musiker aus, die durch ihr Lebenswerk dem Jazz neue Impulse gegeben und seinen Stellenwert gef\u00f6rdert haben. Der Preis wird j\u00e4hrlich gemeinsam von der Stiftung Kunst und Kultur der Sparda-Bank Baden-W\u00fcrttemberg, dem Magazin Neue Musikzeitung und dem Internetportal jazzzeitung.de vergeben. Die\u00a0 Statue wurde vom Stuttgarter Bildhauer Otto Herbert Hajek gestaltet. Foto: Jerris Madison\/Jazz Open<\/p>\n<div class=\"elementor-element elementor-element-2ce6d7d elementor-widget elementor-widget-heading\" data-id=\"2ce6d7d\" data-element_type=\"widget\" data-widget_type=\"heading.default\">\n<div class=\"elementor-widget-container\">\n<h3 class=\"elementor-heading-title elementor-size-default\"><strong>+++ Focusyear Band 25: Die Zukunft des europ\u00e4ischen Jazz! Feat. Lorenz Widauer +++<\/strong><\/h3>\n<\/div>\n<\/div>\n<figure id=\"attachment_32745\" aria-describedby=\"caption-attachment-32745\" style=\"width: 300px\" class=\"wp-caption alignright\"><img data-recalc-dims=\"1\" loading=\"lazy\" decoding=\"async\" data-attachment-id=\"32745\" data-permalink=\"https:\/\/www.jazzzeitung.de\/cms\/2025\/06\/news-dianne-reeves-erhaelt-german-jazz-trophy-focusyear-band-25-gutenberg-jazz-collective-in-mainz\/image00013-scaled-e1719411527710\/\" data-orig-file=\"https:\/\/i0.wp.com\/www.jazzzeitung.de\/cms\/wp-content\/uploads\/2025\/06\/image00013-scaled-e1719411527710.jpeg?fit=2056%2C1365&amp;ssl=1\" data-orig-size=\"2056,1365\" data-comments-opened=\"1\" data-image-meta=\"{&quot;aperture&quot;:&quot;0&quot;,&quot;credit&quot;:&quot;&quot;,&quot;camera&quot;:&quot;&quot;,&quot;caption&quot;:&quot;&quot;,&quot;created_timestamp&quot;:&quot;0&quot;,&quot;copyright&quot;:&quot;&quot;,&quot;focal_length&quot;:&quot;0&quot;,&quot;iso&quot;:&quot;0&quot;,&quot;shutter_speed&quot;:&quot;0&quot;,&quot;title&quot;:&quot;&quot;,&quot;orientation&quot;:&quot;1&quot;}\" data-image-title=\"image00013-scaled-e1719411527710\" data-image-description=\"\" data-image-caption=\"\" data-large-file=\"https:\/\/i0.wp.com\/www.jazzzeitung.de\/cms\/wp-content\/uploads\/2025\/06\/image00013-scaled-e1719411527710.jpeg?fit=840%2C558&amp;ssl=1\" class=\"wp-image-32745 size-medium\" src=\"https:\/\/i0.wp.com\/www.jazzzeitung.de\/cms\/wp-content\/uploads\/2025\/06\/image00013-scaled-e1719411527710-300x199.jpeg?resize=300%2C199&#038;ssl=1\" alt=\"\" width=\"300\" height=\"199\" srcset=\"https:\/\/i0.wp.com\/www.jazzzeitung.de\/cms\/wp-content\/uploads\/2025\/06\/image00013-scaled-e1719411527710.jpeg?resize=300%2C199&amp;ssl=1 300w, https:\/\/i0.wp.com\/www.jazzzeitung.de\/cms\/wp-content\/uploads\/2025\/06\/image00013-scaled-e1719411527710.jpeg?resize=900%2C598&amp;ssl=1 900w, https:\/\/i0.wp.com\/www.jazzzeitung.de\/cms\/wp-content\/uploads\/2025\/06\/image00013-scaled-e1719411527710.jpeg?resize=768%2C510&amp;ssl=1 768w, https:\/\/i0.wp.com\/www.jazzzeitung.de\/cms\/wp-content\/uploads\/2025\/06\/image00013-scaled-e1719411527710.jpeg?resize=1536%2C1020&amp;ssl=1 1536w, https:\/\/i0.wp.com\/www.jazzzeitung.de\/cms\/wp-content\/uploads\/2025\/06\/image00013-scaled-e1719411527710.jpeg?resize=2048%2C1360&amp;ssl=1 2048w, https:\/\/i0.wp.com\/www.jazzzeitung.de\/cms\/wp-content\/uploads\/2025\/06\/image00013-scaled-e1719411527710.jpeg?resize=120%2C80&amp;ssl=1 120w, https:\/\/i0.wp.com\/www.jazzzeitung.de\/cms\/wp-content\/uploads\/2025\/06\/image00013-scaled-e1719411527710.jpeg?resize=1320%2C876&amp;ssl=1 1320w, https:\/\/i0.wp.com\/www.jazzzeitung.de\/cms\/wp-content\/uploads\/2025\/06\/image00013-scaled-e1719411527710.jpeg?w=1680&amp;ssl=1 1680w\" sizes=\"auto, (max-width: 300px) 100vw, 300px\" \/><figcaption id=\"caption-attachment-32745\" class=\"wp-caption-text\">Musikalischer Nahkampf: die Jazzit-Sessions. Foto Pressefoto Jazzit<\/figcaption><\/figure>\n<p>Die Zukunft des Jazz pr\u00e4sentiert sich am 03. Juli im Salzburger Music Club Jazzit in Form der erlesenen <strong>Focusyear<\/strong>\u00a0Band der Musik Akademie Basel unter der Schirmherrschaft von\u00a0<strong>Wolfgang Muthspiel.<\/strong>\u00a0Focusyear ist ein einj\u00e4hriges Programm f\u00fcr ein international zusammengesetztes Ensemble von neun Studierenden, die in einem regelm\u00e4\u00dfigen Zyklus von anerkannten Meistern der internationalen Jazzszene unterrichtet werden. Mit dem Trompeter<strong>\u00a0Lorenz Widauer<\/strong>\u00a0konnte ein Salzburger Musiker einen der begehrten Pl\u00e4tze f\u00fcr das Jahr 2024\/2025 ergattern.<\/p>\n<p><strong>Schirmherr Wolfgang Muthspiel:<\/strong> \u201eDie achte Ausgabe der Focusyear Band bringt ein wahrhaft internationales Ensemble von sechs bemerkenswerten Musikern zusammen. Zu dieser dynamischen Gruppe geh\u00f6ren zwei skandinavische Gitarristen, Albin Ormegard aus Schweden und Mads Oldenskov aus D\u00e4nemark, die zusammen mit dem australischen Bassisten Alistair Peel und dem italienischen Schlagzeuger Fabrizio Doberti eine h\u00f6chst originelle Rhythmusgruppe bilden. An den Blasinstrumenten verleihen der \u00f6sterreichische Trompeter Lorenz Widauer und der franz\u00f6sische Alt- und Sopransaxophonist Darius Moglia dem Ensemble Licht und Struktur. Trotz ihres jungen Alters zeigen die Musiker eine bemerkenswerte Reife in ihrer F\u00e4higkeit zu improvisieren, zusammenzuarbeiten und miteinander zu interagieren. Im Laufe eines Jahres am JazzCampus Basel werden sie von einer beeindruckenden Reihe von Weltklasse-K\u00fcnstler:innen betreut, darunter Sylvie Courvoisier, Kris Davis, Guillermo Klein, Linda May Han Oh, Wolfgang Muthspiel, Jorge Rossy, Kendrick Scott, Sara Serpa, Becca Stevens, Cuong Vu, Immanuel Wilkins und Miguel Zenon.\u201c<\/p>\n<p><a href=\"https:\/\/www.jazzit.at\/event\/\/\">W<\/a><a href=\"https:\/\/www.jazzit.at\/event\/\/\">eitere jazzit-Events<\/a><\/p>\n<h3>+++ Jetzt f\u00fcrs\u00a0 \u201eGutenberg Jazz Collective\u201c am Jazz Campus Mainz bewerben +++<\/h3>\n<p>Die Bewerbungsfrist (6. Juli 2025) f\u00fcr die 5. Ausgabe des \u201eGutenberg Jazz Collective\u201c am Jazz Campus Mainz l\u00e4uft ab. Junge Jazzprofis und Studierende (bis 35 Jahre) aus aller Welt k\u00f6nnen sich JETZT bewerben \u2013 um von den internationalen Jazzgr\u00f6\u00dfen Terence Blanchard, Han Bennink, Joris Roelofs und Jen Shyu unterrichtet zu werden. Das Ensemble bleibt ein Jahr lang zusammen und trifft sich in Mainz f\u00fcr vier einw\u00f6chige Aufenthalte. Die Aufenthalte sind kostenlos, Unterkunft und Reisekosten werden vollst\u00e4ndig \u00fcbernommen. Verschaffen Sie sich einen Eindruck von den inspirierenden bisherigen Ausgaben des Programms mit Gastk\u00fcnstlern wie Christian McBride, Ben Wendel, Lionel Loueke, Kris Davis und Billy Hart auf unserem YouTube-Kanal: <a href=\"https:\/\/www.youtube.com\/channel\/UCrFQ1vIqV-ozOeTum7RNr_w\">https:\/\/www.youtube.com\/channel\/UCrFQ1vIqV-ozOeTum7RNr_w<\/a><\/p>\n<figure id=\"attachment_13063\" aria-describedby=\"caption-attachment-13063\" style=\"width: 300px\" class=\"wp-caption alignright\"><img data-recalc-dims=\"1\" loading=\"lazy\" decoding=\"async\" data-attachment-id=\"13063\" data-permalink=\"https:\/\/www.jazzzeitung.de\/cms\/2017\/07\/1-jazzfest-ottobrunn-geht-in-die-vollen\/p1450046-ret-billy-hart-foto-tj-krebs-jazzphotoagencyweb-de\/\" data-orig-file=\"https:\/\/i0.wp.com\/www.jazzzeitung.de\/cms\/wp-content\/uploads\/2017\/07\/P1450046-ret-Billy-Hart-Foto-TJ-Krebs-jazzphotoagency%40web.de_.jpg?fit=1200%2C800&amp;ssl=1\" data-orig-size=\"1200,800\" data-comments-opened=\"1\" data-image-meta=\"{&quot;aperture&quot;:&quot;0&quot;,&quot;credit&quot;:&quot;&quot;,&quot;camera&quot;:&quot;&quot;,&quot;caption&quot;:&quot;&quot;,&quot;created_timestamp&quot;:&quot;0&quot;,&quot;copyright&quot;:&quot;&quot;,&quot;focal_length&quot;:&quot;0&quot;,&quot;iso&quot;:&quot;0&quot;,&quot;shutter_speed&quot;:&quot;0&quot;,&quot;title&quot;:&quot;&quot;,&quot;orientation&quot;:&quot;0&quot;}\" data-image-title=\"P1450046 ret Billy Hart &amp;#8211; Foto TJ Krebs jazzphotoagency@web.de\" data-image-description=\"\" data-image-caption=\"\" data-large-file=\"https:\/\/i0.wp.com\/www.jazzzeitung.de\/cms\/wp-content\/uploads\/2017\/07\/P1450046-ret-Billy-Hart-Foto-TJ-Krebs-jazzphotoagency%40web.de_.jpg?fit=840%2C560&amp;ssl=1\" class=\"wp-image-13063 size-medium\" src=\"https:\/\/i0.wp.com\/www.jazzzeitung.de\/cms\/wp-content\/uploads\/2017\/07\/P1450046-ret-Billy-Hart-Foto-TJ-Krebs-jazzphotoagency%40web.de_.jpg?resize=300%2C200&#038;ssl=1\" alt=\"\" width=\"300\" height=\"200\" srcset=\"https:\/\/i0.wp.com\/www.jazzzeitung.de\/cms\/wp-content\/uploads\/2017\/07\/P1450046-ret-Billy-Hart-Foto-TJ-Krebs-jazzphotoagency%40web.de_.jpg?resize=300%2C200&amp;ssl=1 300w, https:\/\/i0.wp.com\/www.jazzzeitung.de\/cms\/wp-content\/uploads\/2017\/07\/P1450046-ret-Billy-Hart-Foto-TJ-Krebs-jazzphotoagency%40web.de_.jpg?resize=768%2C512&amp;ssl=1 768w, https:\/\/i0.wp.com\/www.jazzzeitung.de\/cms\/wp-content\/uploads\/2017\/07\/P1450046-ret-Billy-Hart-Foto-TJ-Krebs-jazzphotoagency%40web.de_.jpg?resize=900%2C600&amp;ssl=1 900w, https:\/\/i0.wp.com\/www.jazzzeitung.de\/cms\/wp-content\/uploads\/2017\/07\/P1450046-ret-Billy-Hart-Foto-TJ-Krebs-jazzphotoagency%40web.de_.jpg?w=1200&amp;ssl=1 1200w\" sizes=\"auto, (max-width: 300px) 100vw, 300px\" \/><figcaption id=\"caption-attachment-13063\" class=\"wp-caption-text\">Einer von vielen hochkar\u00e4tigen Dozenten in Mainz: Billy Hart<\/figcaption><\/figure>\n<p><a href=\"http:\/\/www.jazzcampusmainz.com\">Alle Informationen zur Bewerbung, Terminen etc. finden Sie hier: www.jazzcampusmainz.com<\/a> Bewerben k\u00f6nnen sich alle Instrumente und Stimmen. Bewerbungsschluss: 6. Juli 2025.<\/p>\n","protected":false},"excerpt":{"rendered":"<p>+++ German Jazz Trophy f\u00fcr Dianne Reeves +++ Der S\u00e4ngerin Dianne Reeves, f\u00fcnfmalige Grammygewinnerin \u2013 drei davon in aufeinanderfolgenden Jahren f\u00fcr die beste Jazz-Gesangsperformance \u2013, wird am 2. Juli im Zuge der \u201ejazz-open\u201c Stuttgart 2025 die mit 15.000 Euro dotierte German Jazz Trophy verliehen. Zwei Tage nach der Preisverleihung im Sparda Event Center ist sie ein zweites mal auf dem Festival jazzopen im sch\u00f6nen Ambiente des Alten Schlosses zu h\u00f6ren. Reeves hat mit Jazzgr\u00f6\u00dfen wie \u00adWynton Marsalis und Gregory Porter, aber auch mit Orchestern wie dem Chicago Symphony Orchestra und den Berliner Philharmonikern zusammengearbeitet. Sie war als \u201eCreative Chair for Jazz\u201c au\u00dferdem die erste k\u00fcnstlerische Leiterin f\u00fcr Jazz der Los Angeles Philharmonic \u00fcberhaupt. Unter dem Motto \u201eA Life for Jazz\u201c (\u201eEin Leben f\u00fcr Jazz\u201c) zeichnet die German Jazz Trophy Musiker aus, die durch ihr Lebenswerk dem Jazz neue Impulse gegeben und seinen Stellenwert gef\u00f6rdert haben. Der Preis wird j\u00e4hrlich gemeinsam von der Stiftung Kunst und Kultur der Sparda-Bank Baden-W\u00fcrttemberg, dem Magazin Neue Musikzeitung und dem Internetportal jazzzeitung.de vergeben. Die\u00a0 Statue wurde vom Stuttgarter Bildhauer Otto Herbert Hajek gestaltet. Foto: Jerris Madison\/Jazz Open +++ Focusyear Band &hellip;<\/p>\n","protected":false},"author":7,"featured_media":32742,"comment_status":"open","ping_status":"closed","sticky":false,"template":"","format":"standard","meta":{"_jetpack_memberships_contains_paid_content":false,"footnotes":"","jetpack_publicize_message":"","jetpack_publicize_feature_enabled":true,"jetpack_social_post_already_shared":true,"jetpack_social_options":{"image_generator_settings":{"template":"highway","default_image_id":0,"font":"","enabled":false},"version":2}},"categories":[633],"tags":[5572,940],"coauthors":[662],"class_list":["post-32740","post","type-post","status-publish","format-standard","has-post-thumbnail","hentry","category-nachrichten","tag-dianne-reeves","tag-german-jazz-trophy"],"yoast_head":"<!-- This site is optimized with the Yoast SEO plugin v27.4 - https:\/\/yoast.com\/product\/yoast-seo-wordpress\/ -->\n<title>+++ News: +++ Dianne Reeves erh\u00e4lt German Jazz Trophy +++ Focusyear Band 25 +++ \u201eGutenberg Jazz Collective\u201c in Mainz +++ - JazzZeitung<\/title>\n<meta name=\"robots\" content=\"index, follow, max-snippet:-1, max-image-preview:large, max-video-preview:-1\" \/>\n<link rel=\"canonical\" href=\"https:\/\/www.jazzzeitung.de\/cms\/2025\/06\/news-dianne-reeves-erhaelt-german-jazz-trophy-focusyear-band-25-gutenberg-jazz-collective-in-mainz\/\" \/>\n<meta property=\"og:locale\" content=\"de_DE\" \/>\n<meta property=\"og:type\" content=\"article\" \/>\n<meta property=\"og:title\" content=\"+++ News: +++ Dianne Reeves erh\u00e4lt German Jazz Trophy +++ Focusyear Band 25 +++ \u201eGutenberg Jazz Collective\u201c in Mainz +++ - JazzZeitung\" \/>\n<meta property=\"og:description\" content=\"+++ German Jazz Trophy f\u00fcr Dianne Reeves +++ Der S\u00e4ngerin Dianne Reeves, f\u00fcnfmalige Grammygewinnerin \u2013 drei davon in aufeinanderfolgenden Jahren f\u00fcr die beste Jazz-Gesangsperformance \u2013, wird am 2. Juli im Zuge der \u201ejazz-open\u201c Stuttgart 2025 die mit 15.000 Euro dotierte German Jazz Trophy verliehen. Zwei Tage nach der Preisverleihung im Sparda Event Center ist sie ein zweites mal auf dem Festival jazzopen im sch\u00f6nen Ambiente des Alten Schlosses zu h\u00f6ren. Reeves hat mit Jazzgr\u00f6\u00dfen wie \u00adWynton Marsalis und Gregory Porter, aber auch mit Orchestern wie dem Chicago Symphony Orchestra und den Berliner Philharmonikern zusammengearbeitet. Sie war als \u201eCreative Chair for Jazz\u201c au\u00dferdem die erste k\u00fcnstlerische Leiterin f\u00fcr Jazz der Los Angeles Philharmonic \u00fcberhaupt. Unter dem Motto \u201eA Life for Jazz\u201c (\u201eEin Leben f\u00fcr Jazz\u201c) zeichnet die German Jazz Trophy Musiker aus, die durch ihr Lebenswerk dem Jazz neue Impulse gegeben und seinen Stellenwert gef\u00f6rdert haben. Der Preis wird j\u00e4hrlich gemeinsam von der Stiftung Kunst und Kultur der Sparda-Bank Baden-W\u00fcrttemberg, dem Magazin Neue Musikzeitung und dem Internetportal jazzzeitung.de vergeben. Die\u00a0 Statue wurde vom Stuttgarter Bildhauer Otto Herbert Hajek gestaltet. Foto: Jerris Madison\/Jazz Open +++ Focusyear Band &hellip;\" \/>\n<meta property=\"og:url\" content=\"https:\/\/www.jazzzeitung.de\/cms\/2025\/06\/news-dianne-reeves-erhaelt-german-jazz-trophy-focusyear-band-25-gutenberg-jazz-collective-in-mainz\/\" \/>\n<meta property=\"og:site_name\" content=\"JazzZeitung\" \/>\n<meta property=\"article:publisher\" content=\"https:\/\/www.facebook.com\/JazzZeitung\/\" \/>\n<meta property=\"article:published_time\" content=\"2025-06-27T10:45:21+00:00\" \/>\n<meta property=\"article:modified_time\" content=\"2025-07-07T15:19:30+00:00\" \/>\n<meta property=\"og:image\" content=\"https:\/\/www.jazzzeitung.de\/cms\/wp-content\/uploads\/2025\/06\/cmyk_huf_neu_Dianne-Reeves_Jerris_Madison-1489010671-Kopie-900x600.jpg\" \/>\n\t<meta property=\"og:image:width\" content=\"900\" \/>\n\t<meta property=\"og:image:height\" content=\"600\" \/>\n\t<meta property=\"og:image:type\" content=\"image\/jpeg\" \/>\n<meta name=\"author\" content=\"Andreas Kolb\" \/>\n<script type=\"application\/ld+json\" class=\"yoast-schema-graph\">{\"@context\":\"https:\\\/\\\/schema.org\",\"@graph\":[{\"@type\":\"Article\",\"@id\":\"https:\\\/\\\/www.jazzzeitung.de\\\/cms\\\/2025\\\/06\\\/news-dianne-reeves-erhaelt-german-jazz-trophy-focusyear-band-25-gutenberg-jazz-collective-in-mainz\\\/#article\",\"isPartOf\":{\"@id\":\"https:\\\/\\\/www.jazzzeitung.de\\\/cms\\\/2025\\\/06\\\/news-dianne-reeves-erhaelt-german-jazz-trophy-focusyear-band-25-gutenberg-jazz-collective-in-mainz\\\/\"},\"author\":{\"name\":\"Andreas Kolb\",\"@id\":\"https:\\\/\\\/www.jazzzeitung.de\\\/cms\\\/#\\\/schema\\\/person\\\/23954215d035da9ee48d2a2c09a4a62c\"},\"headline\":\"+++ News: +++ Dianne Reeves erh\u00e4lt German Jazz Trophy +++ Focusyear Band 25 +++ \u201eGutenberg Jazz Collective\u201c in Mainz +++\",\"datePublished\":\"2025-06-27T10:45:21+00:00\",\"dateModified\":\"2025-07-07T15:19:30+00:00\",\"mainEntityOfPage\":{\"@id\":\"https:\\\/\\\/www.jazzzeitung.de\\\/cms\\\/2025\\\/06\\\/news-dianne-reeves-erhaelt-german-jazz-trophy-focusyear-band-25-gutenberg-jazz-collective-in-mainz\\\/\"},\"wordCount\":628,\"commentCount\":0,\"publisher\":{\"@id\":\"https:\\\/\\\/www.jazzzeitung.de\\\/cms\\\/#organization\"},\"image\":{\"@id\":\"https:\\\/\\\/www.jazzzeitung.de\\\/cms\\\/2025\\\/06\\\/news-dianne-reeves-erhaelt-german-jazz-trophy-focusyear-band-25-gutenberg-jazz-collective-in-mainz\\\/#primaryimage\"},\"thumbnailUrl\":\"https:\\\/\\\/i0.wp.com\\\/www.jazzzeitung.de\\\/cms\\\/wp-content\\\/uploads\\\/2025\\\/06\\\/cmyk_huf_neu_Dianne-Reeves_Jerris_Madison-1489010671-Kopie.jpg?fit=1996%2C1331&ssl=1\",\"keywords\":[\"Dianne Reeves\",\"German Jazz Trophy\"],\"articleSection\":[\"News\"],\"inLanguage\":\"de\",\"potentialAction\":[{\"@type\":\"CommentAction\",\"name\":\"Comment\",\"target\":[\"https:\\\/\\\/www.jazzzeitung.de\\\/cms\\\/2025\\\/06\\\/news-dianne-reeves-erhaelt-german-jazz-trophy-focusyear-band-25-gutenberg-jazz-collective-in-mainz\\\/#respond\"]}]},{\"@type\":\"WebPage\",\"@id\":\"https:\\\/\\\/www.jazzzeitung.de\\\/cms\\\/2025\\\/06\\\/news-dianne-reeves-erhaelt-german-jazz-trophy-focusyear-band-25-gutenberg-jazz-collective-in-mainz\\\/\",\"url\":\"https:\\\/\\\/www.jazzzeitung.de\\\/cms\\\/2025\\\/06\\\/news-dianne-reeves-erhaelt-german-jazz-trophy-focusyear-band-25-gutenberg-jazz-collective-in-mainz\\\/\",\"name\":\"+++ News: +++ Dianne Reeves erh\u00e4lt German Jazz Trophy +++ Focusyear Band 25 +++ \u201eGutenberg Jazz Collective\u201c in Mainz +++ - JazzZeitung\",\"isPartOf\":{\"@id\":\"https:\\\/\\\/www.jazzzeitung.de\\\/cms\\\/#website\"},\"primaryImageOfPage\":{\"@id\":\"https:\\\/\\\/www.jazzzeitung.de\\\/cms\\\/2025\\\/06\\\/news-dianne-reeves-erhaelt-german-jazz-trophy-focusyear-band-25-gutenberg-jazz-collective-in-mainz\\\/#primaryimage\"},\"image\":{\"@id\":\"https:\\\/\\\/www.jazzzeitung.de\\\/cms\\\/2025\\\/06\\\/news-dianne-reeves-erhaelt-german-jazz-trophy-focusyear-band-25-gutenberg-jazz-collective-in-mainz\\\/#primaryimage\"},\"thumbnailUrl\":\"https:\\\/\\\/i0.wp.com\\\/www.jazzzeitung.de\\\/cms\\\/wp-content\\\/uploads\\\/2025\\\/06\\\/cmyk_huf_neu_Dianne-Reeves_Jerris_Madison-1489010671-Kopie.jpg?fit=1996%2C1331&ssl=1\",\"datePublished\":\"2025-06-27T10:45:21+00:00\",\"dateModified\":\"2025-07-07T15:19:30+00:00\",\"breadcrumb\":{\"@id\":\"https:\\\/\\\/www.jazzzeitung.de\\\/cms\\\/2025\\\/06\\\/news-dianne-reeves-erhaelt-german-jazz-trophy-focusyear-band-25-gutenberg-jazz-collective-in-mainz\\\/#breadcrumb\"},\"inLanguage\":\"de\",\"potentialAction\":[{\"@type\":\"ReadAction\",\"target\":[\"https:\\\/\\\/www.jazzzeitung.de\\\/cms\\\/2025\\\/06\\\/news-dianne-reeves-erhaelt-german-jazz-trophy-focusyear-band-25-gutenberg-jazz-collective-in-mainz\\\/\"]}]},{\"@type\":\"ImageObject\",\"inLanguage\":\"de\",\"@id\":\"https:\\\/\\\/www.jazzzeitung.de\\\/cms\\\/2025\\\/06\\\/news-dianne-reeves-erhaelt-german-jazz-trophy-focusyear-band-25-gutenberg-jazz-collective-in-mainz\\\/#primaryimage\",\"url\":\"https:\\\/\\\/i0.wp.com\\\/www.jazzzeitung.de\\\/cms\\\/wp-content\\\/uploads\\\/2025\\\/06\\\/cmyk_huf_neu_Dianne-Reeves_Jerris_Madison-1489010671-Kopie.jpg?fit=1996%2C1331&ssl=1\",\"contentUrl\":\"https:\\\/\\\/i0.wp.com\\\/www.jazzzeitung.de\\\/cms\\\/wp-content\\\/uploads\\\/2025\\\/06\\\/cmyk_huf_neu_Dianne-Reeves_Jerris_Madison-1489010671-Kopie.jpg?fit=1996%2C1331&ssl=1\",\"width\":1996,\"height\":1331},{\"@type\":\"BreadcrumbList\",\"@id\":\"https:\\\/\\\/www.jazzzeitung.de\\\/cms\\\/2025\\\/06\\\/news-dianne-reeves-erhaelt-german-jazz-trophy-focusyear-band-25-gutenberg-jazz-collective-in-mainz\\\/#breadcrumb\",\"itemListElement\":[{\"@type\":\"ListItem\",\"position\":1,\"name\":\"Startseite\",\"item\":\"https:\\\/\\\/www.jazzzeitung.de\\\/cms\\\/\"},{\"@type\":\"ListItem\",\"position\":2,\"name\":\"+++ News: +++ Dianne Reeves erh\u00e4lt German Jazz Trophy +++ Focusyear Band 25 +++ \u201eGutenberg Jazz Collective\u201c in Mainz +++\"}]},{\"@type\":\"WebSite\",\"@id\":\"https:\\\/\\\/www.jazzzeitung.de\\\/cms\\\/#website\",\"url\":\"https:\\\/\\\/www.jazzzeitung.de\\\/cms\\\/\",\"name\":\"JazzZeitung\",\"description\":\"Jazz-News und Jazz-Kontroverses\",\"publisher\":{\"@id\":\"https:\\\/\\\/www.jazzzeitung.de\\\/cms\\\/#organization\"},\"potentialAction\":[{\"@type\":\"SearchAction\",\"target\":{\"@type\":\"EntryPoint\",\"urlTemplate\":\"https:\\\/\\\/www.jazzzeitung.de\\\/cms\\\/?s={search_term_string}\"},\"query-input\":{\"@type\":\"PropertyValueSpecification\",\"valueRequired\":true,\"valueName\":\"search_term_string\"}}],\"inLanguage\":\"de\"},{\"@type\":\"Organization\",\"@id\":\"https:\\\/\\\/www.jazzzeitung.de\\\/cms\\\/#organization\",\"name\":\"JazzZeitung online\",\"url\":\"https:\\\/\\\/www.jazzzeitung.de\\\/cms\\\/\",\"logo\":{\"@type\":\"ImageObject\",\"inLanguage\":\"de\",\"@id\":\"https:\\\/\\\/www.jazzzeitung.de\\\/cms\\\/#\\\/schema\\\/logo\\\/image\\\/\",\"url\":\"https:\\\/\\\/i0.wp.com\\\/www.jazzzeitung.de\\\/cms\\\/wp-content\\\/uploads\\\/2015\\\/08\\\/JAZZZEITUNGDE_Logo_Neu.png?fit=499%2C200&ssl=1\",\"contentUrl\":\"https:\\\/\\\/i0.wp.com\\\/www.jazzzeitung.de\\\/cms\\\/wp-content\\\/uploads\\\/2015\\\/08\\\/JAZZZEITUNGDE_Logo_Neu.png?fit=499%2C200&ssl=1\",\"width\":499,\"height\":200,\"caption\":\"JazzZeitung online\"},\"image\":{\"@id\":\"https:\\\/\\\/www.jazzzeitung.de\\\/cms\\\/#\\\/schema\\\/logo\\\/image\\\/\"},\"sameAs\":[\"https:\\\/\\\/www.facebook.com\\\/JazzZeitung\\\/\"]},{\"@type\":\"Person\",\"@id\":\"https:\\\/\\\/www.jazzzeitung.de\\\/cms\\\/#\\\/schema\\\/person\\\/23954215d035da9ee48d2a2c09a4a62c\",\"name\":\"Andreas Kolb\",\"image\":{\"@type\":\"ImageObject\",\"inLanguage\":\"de\",\"@id\":\"https:\\\/\\\/i0.wp.com\\\/www.jazzzeitung.de\\\/cms\\\/wp-content\\\/uploads\\\/2013\\\/05\\\/kolb-small.jpg?resize=96%2C96&ssl=1d81fdf4aa1b2f31d206a8dd371420dd4\",\"url\":\"https:\\\/\\\/i0.wp.com\\\/www.jazzzeitung.de\\\/cms\\\/wp-content\\\/uploads\\\/2013\\\/05\\\/kolb-small.jpg?resize=96%2C96&ssl=1\",\"contentUrl\":\"https:\\\/\\\/i0.wp.com\\\/www.jazzzeitung.de\\\/cms\\\/wp-content\\\/uploads\\\/2013\\\/05\\\/kolb-small.jpg?resize=96%2C96&ssl=1\",\"caption\":\"Andreas Kolb\"},\"description\":\"Andreas Kolb ist Chefredakteur der Jazzzeitung.\",\"sameAs\":[\"https:\\\/\\\/www.jazzzeitung.de\"],\"url\":\"https:\\\/\\\/www.jazzzeitung.de\\\/cms\\\/author\\\/kolb\\\/\"}]}<\/script>\n<!-- \/ Yoast SEO plugin. -->","yoast_head_json":{"title":"+++ News: +++ Dianne Reeves erh\u00e4lt German Jazz Trophy +++ Focusyear Band 25 +++ \u201eGutenberg Jazz Collective\u201c in Mainz +++ - JazzZeitung","robots":{"index":"index","follow":"follow","max-snippet":"max-snippet:-1","max-image-preview":"max-image-preview:large","max-video-preview":"max-video-preview:-1"},"canonical":"https:\/\/www.jazzzeitung.de\/cms\/2025\/06\/news-dianne-reeves-erhaelt-german-jazz-trophy-focusyear-band-25-gutenberg-jazz-collective-in-mainz\/","og_locale":"de_DE","og_type":"article","og_title":"+++ News: +++ Dianne Reeves erh\u00e4lt German Jazz Trophy +++ Focusyear Band 25 +++ \u201eGutenberg Jazz Collective\u201c in Mainz +++ - JazzZeitung","og_description":"+++ German Jazz Trophy f\u00fcr Dianne Reeves +++ Der S\u00e4ngerin Dianne Reeves, f\u00fcnfmalige Grammygewinnerin \u2013 drei davon in aufeinanderfolgenden Jahren f\u00fcr die beste Jazz-Gesangsperformance \u2013, wird am 2. Juli im Zuge der \u201ejazz-open\u201c Stuttgart 2025 die mit 15.000 Euro dotierte German Jazz Trophy verliehen. Zwei Tage nach der Preisverleihung im Sparda Event Center ist sie ein zweites mal auf dem Festival jazzopen im sch\u00f6nen Ambiente des Alten Schlosses zu h\u00f6ren. Reeves hat mit Jazzgr\u00f6\u00dfen wie \u00adWynton Marsalis und Gregory Porter, aber auch mit Orchestern wie dem Chicago Symphony Orchestra und den Berliner Philharmonikern zusammengearbeitet. Sie war als \u201eCreative Chair for Jazz\u201c au\u00dferdem die erste k\u00fcnstlerische Leiterin f\u00fcr Jazz der Los Angeles Philharmonic \u00fcberhaupt. Unter dem Motto \u201eA Life for Jazz\u201c (\u201eEin Leben f\u00fcr Jazz\u201c) zeichnet die German Jazz Trophy Musiker aus, die durch ihr Lebenswerk dem Jazz neue Impulse gegeben und seinen Stellenwert gef\u00f6rdert haben. Der Preis wird j\u00e4hrlich gemeinsam von der Stiftung Kunst und Kultur der Sparda-Bank Baden-W\u00fcrttemberg, dem Magazin Neue Musikzeitung und dem Internetportal jazzzeitung.de vergeben. Die\u00a0 Statue wurde vom Stuttgarter Bildhauer Otto Herbert Hajek gestaltet. Foto: Jerris Madison\/Jazz Open +++ Focusyear Band &hellip;","og_url":"https:\/\/www.jazzzeitung.de\/cms\/2025\/06\/news-dianne-reeves-erhaelt-german-jazz-trophy-focusyear-band-25-gutenberg-jazz-collective-in-mainz\/","og_site_name":"JazzZeitung","article_publisher":"https:\/\/www.facebook.com\/JazzZeitung\/","article_published_time":"2025-06-27T10:45:21+00:00","article_modified_time":"2025-07-07T15:19:30+00:00","og_image":[{"width":900,"height":600,"url":"https:\/\/www.jazzzeitung.de\/cms\/wp-content\/uploads\/2025\/06\/cmyk_huf_neu_Dianne-Reeves_Jerris_Madison-1489010671-Kopie-900x600.jpg","type":"image\/jpeg"}],"author":"Andreas Kolb","schema":{"@context":"https:\/\/schema.org","@graph":[{"@type":"Article","@id":"https:\/\/www.jazzzeitung.de\/cms\/2025\/06\/news-dianne-reeves-erhaelt-german-jazz-trophy-focusyear-band-25-gutenberg-jazz-collective-in-mainz\/#article","isPartOf":{"@id":"https:\/\/www.jazzzeitung.de\/cms\/2025\/06\/news-dianne-reeves-erhaelt-german-jazz-trophy-focusyear-band-25-gutenberg-jazz-collective-in-mainz\/"},"author":{"name":"Andreas Kolb","@id":"https:\/\/www.jazzzeitung.de\/cms\/#\/schema\/person\/23954215d035da9ee48d2a2c09a4a62c"},"headline":"+++ News: +++ Dianne Reeves erh\u00e4lt German Jazz Trophy +++ Focusyear Band 25 +++ \u201eGutenberg Jazz Collective\u201c in Mainz +++","datePublished":"2025-06-27T10:45:21+00:00","dateModified":"2025-07-07T15:19:30+00:00","mainEntityOfPage":{"@id":"https:\/\/www.jazzzeitung.de\/cms\/2025\/06\/news-dianne-reeves-erhaelt-german-jazz-trophy-focusyear-band-25-gutenberg-jazz-collective-in-mainz\/"},"wordCount":628,"commentCount":0,"publisher":{"@id":"https:\/\/www.jazzzeitung.de\/cms\/#organization"},"image":{"@id":"https:\/\/www.jazzzeitung.de\/cms\/2025\/06\/news-dianne-reeves-erhaelt-german-jazz-trophy-focusyear-band-25-gutenberg-jazz-collective-in-mainz\/#primaryimage"},"thumbnailUrl":"https:\/\/i0.wp.com\/www.jazzzeitung.de\/cms\/wp-content\/uploads\/2025\/06\/cmyk_huf_neu_Dianne-Reeves_Jerris_Madison-1489010671-Kopie.jpg?fit=1996%2C1331&ssl=1","keywords":["Dianne Reeves","German Jazz Trophy"],"articleSection":["News"],"inLanguage":"de","potentialAction":[{"@type":"CommentAction","name":"Comment","target":["https:\/\/www.jazzzeitung.de\/cms\/2025\/06\/news-dianne-reeves-erhaelt-german-jazz-trophy-focusyear-band-25-gutenberg-jazz-collective-in-mainz\/#respond"]}]},{"@type":"WebPage","@id":"https:\/\/www.jazzzeitung.de\/cms\/2025\/06\/news-dianne-reeves-erhaelt-german-jazz-trophy-focusyear-band-25-gutenberg-jazz-collective-in-mainz\/","url":"https:\/\/www.jazzzeitung.de\/cms\/2025\/06\/news-dianne-reeves-erhaelt-german-jazz-trophy-focusyear-band-25-gutenberg-jazz-collective-in-mainz\/","name":"+++ News: +++ Dianne Reeves erh\u00e4lt German Jazz Trophy +++ Focusyear Band 25 +++ \u201eGutenberg Jazz Collective\u201c in Mainz +++ - JazzZeitung","isPartOf":{"@id":"https:\/\/www.jazzzeitung.de\/cms\/#website"},"primaryImageOfPage":{"@id":"https:\/\/www.jazzzeitung.de\/cms\/2025\/06\/news-dianne-reeves-erhaelt-german-jazz-trophy-focusyear-band-25-gutenberg-jazz-collective-in-mainz\/#primaryimage"},"image":{"@id":"https:\/\/www.jazzzeitung.de\/cms\/2025\/06\/news-dianne-reeves-erhaelt-german-jazz-trophy-focusyear-band-25-gutenberg-jazz-collective-in-mainz\/#primaryimage"},"thumbnailUrl":"https:\/\/i0.wp.com\/www.jazzzeitung.de\/cms\/wp-content\/uploads\/2025\/06\/cmyk_huf_neu_Dianne-Reeves_Jerris_Madison-1489010671-Kopie.jpg?fit=1996%2C1331&ssl=1","datePublished":"2025-06-27T10:45:21+00:00","dateModified":"2025-07-07T15:19:30+00:00","breadcrumb":{"@id":"https:\/\/www.jazzzeitung.de\/cms\/2025\/06\/news-dianne-reeves-erhaelt-german-jazz-trophy-focusyear-band-25-gutenberg-jazz-collective-in-mainz\/#breadcrumb"},"inLanguage":"de","potentialAction":[{"@type":"ReadAction","target":["https:\/\/www.jazzzeitung.de\/cms\/2025\/06\/news-dianne-reeves-erhaelt-german-jazz-trophy-focusyear-band-25-gutenberg-jazz-collective-in-mainz\/"]}]},{"@type":"ImageObject","inLanguage":"de","@id":"https:\/\/www.jazzzeitung.de\/cms\/2025\/06\/news-dianne-reeves-erhaelt-german-jazz-trophy-focusyear-band-25-gutenberg-jazz-collective-in-mainz\/#primaryimage","url":"https:\/\/i0.wp.com\/www.jazzzeitung.de\/cms\/wp-content\/uploads\/2025\/06\/cmyk_huf_neu_Dianne-Reeves_Jerris_Madison-1489010671-Kopie.jpg?fit=1996%2C1331&ssl=1","contentUrl":"https:\/\/i0.wp.com\/www.jazzzeitung.de\/cms\/wp-content\/uploads\/2025\/06\/cmyk_huf_neu_Dianne-Reeves_Jerris_Madison-1489010671-Kopie.jpg?fit=1996%2C1331&ssl=1","width":1996,"height":1331},{"@type":"BreadcrumbList","@id":"https:\/\/www.jazzzeitung.de\/cms\/2025\/06\/news-dianne-reeves-erhaelt-german-jazz-trophy-focusyear-band-25-gutenberg-jazz-collective-in-mainz\/#breadcrumb","itemListElement":[{"@type":"ListItem","position":1,"name":"Startseite","item":"https:\/\/www.jazzzeitung.de\/cms\/"},{"@type":"ListItem","position":2,"name":"+++ News: +++ Dianne Reeves erh\u00e4lt German Jazz Trophy +++ Focusyear Band 25 +++ \u201eGutenberg Jazz Collective\u201c in Mainz +++"}]},{"@type":"WebSite","@id":"https:\/\/www.jazzzeitung.de\/cms\/#website","url":"https:\/\/www.jazzzeitung.de\/cms\/","name":"JazzZeitung","description":"Jazz-News und Jazz-Kontroverses","publisher":{"@id":"https:\/\/www.jazzzeitung.de\/cms\/#organization"},"potentialAction":[{"@type":"SearchAction","target":{"@type":"EntryPoint","urlTemplate":"https:\/\/www.jazzzeitung.de\/cms\/?s={search_term_string}"},"query-input":{"@type":"PropertyValueSpecification","valueRequired":true,"valueName":"search_term_string"}}],"inLanguage":"de"},{"@type":"Organization","@id":"https:\/\/www.jazzzeitung.de\/cms\/#organization","name":"JazzZeitung online","url":"https:\/\/www.jazzzeitung.de\/cms\/","logo":{"@type":"ImageObject","inLanguage":"de","@id":"https:\/\/www.jazzzeitung.de\/cms\/#\/schema\/logo\/image\/","url":"https:\/\/i0.wp.com\/www.jazzzeitung.de\/cms\/wp-content\/uploads\/2015\/08\/JAZZZEITUNGDE_Logo_Neu.png?fit=499%2C200&ssl=1","contentUrl":"https:\/\/i0.wp.com\/www.jazzzeitung.de\/cms\/wp-content\/uploads\/2015\/08\/JAZZZEITUNGDE_Logo_Neu.png?fit=499%2C200&ssl=1","width":499,"height":200,"caption":"JazzZeitung online"},"image":{"@id":"https:\/\/www.jazzzeitung.de\/cms\/#\/schema\/logo\/image\/"},"sameAs":["https:\/\/www.facebook.com\/JazzZeitung\/"]},{"@type":"Person","@id":"https:\/\/www.jazzzeitung.de\/cms\/#\/schema\/person\/23954215d035da9ee48d2a2c09a4a62c","name":"Andreas Kolb","image":{"@type":"ImageObject","inLanguage":"de","@id":"https:\/\/i0.wp.com\/www.jazzzeitung.de\/cms\/wp-content\/uploads\/2013\/05\/kolb-small.jpg?resize=96%2C96&ssl=1d81fdf4aa1b2f31d206a8dd371420dd4","url":"https:\/\/i0.wp.com\/www.jazzzeitung.de\/cms\/wp-content\/uploads\/2013\/05\/kolb-small.jpg?resize=96%2C96&ssl=1","contentUrl":"https:\/\/i0.wp.com\/www.jazzzeitung.de\/cms\/wp-content\/uploads\/2013\/05\/kolb-small.jpg?resize=96%2C96&ssl=1","caption":"Andreas Kolb"},"description":"Andreas Kolb ist Chefredakteur der Jazzzeitung.","sameAs":["https:\/\/www.jazzzeitung.de"],"url":"https:\/\/www.jazzzeitung.de\/cms\/author\/kolb\/"}]}},"wp-worthy-pixel":{"ignored":false,"public":null,"server":null,"url":null},"wp-worthy-type":"normal","jetpack_publicize_connections":[],"cc_featured_image_caption":{"caption_text":"","source_text":"","source_url":""},"jetpack_featured_media_url":"https:\/\/i0.wp.com\/www.jazzzeitung.de\/cms\/wp-content\/uploads\/2025\/06\/cmyk_huf_neu_Dianne-Reeves_Jerris_Madison-1489010671-Kopie.jpg?fit=1996%2C1331&ssl=1","jetpack_shortlink":"https:\/\/wp.me\/p3KEcT-8w4","jetpack-related-posts":[{"id":6675,"url":"https:\/\/www.jazzzeitung.de\/cms\/2015\/07\/news-ljjo-hessen-feiert-mit-dianne-reeves-hamburger-jazz-walk-im-august\/","url_meta":{"origin":32740,"position":0},"title":"+++ News +++ LJJO Hessen feiert mit Dianne Reeves +++ Hamburger Jazz Walk im August +++","author":"Redaktion JazzZeitung","date":"22. Juli 2015","format":false,"excerpt":"+++ Landes Jugend Jazz Orchester Hessen feiert sein 30-J\u00e4hriges mit Dianne Reeves +++ 2015 feiert das hessische Ensemble mit seinem Gr\u00fcnder und musikalischen Leiter Wolfgang Diefenbach sein 30j\u00e4hriges Bestehen im Rahmen eines Konzerts des Rheingau Musik Festivals. F\u00fcr den Auftritt am Sonntag, 2. August\u00a0 im Wiesbadener Kurpark konnte Macher Diefenbach\u2026","rel":"","context":"In &quot;News&quot;","block_context":{"text":"News","link":"https:\/\/www.jazzzeitung.de\/cms\/thema\/nachrichten\/"},"img":{"alt_text":"Reeves_0715","src":"https:\/\/i0.wp.com\/www.jazzzeitung.de\/cms\/wp-content\/uploads\/2015\/07\/Reeves_0715-150x150.jpg?resize=350%2C200","width":350,"height":200},"classes":[]},{"id":6502,"url":"https:\/\/www.jazzzeitung.de\/cms\/2015\/07\/jazzopen-stuttgart-erwarten-fuer-2015-besucherrekord\/","url_meta":{"origin":32740,"position":1},"title":"jazzopen stuttgart erwarten f\u00fcr 2015 Besucherrekord","author":"Redaktion JazzZeitung","date":"1. Juli 2015","format":false,"excerpt":"Vom 3. bis 12. Juli 2015 pr\u00e4sentieren die jazzopen stuttgart Stars der internationalen Jazz-, Blues-, Soul- und Pop-Szene auf sechs B\u00fchnen \u2013 darunter Gregory Porter & Dianne Reeves, Jamie Cullum, Zaz & SWR Big Band, Max Herre, Caro Emerald, Mariza und viele mehr. Diesen Freitag, den 3. Juli beginnt die\u2026","rel":"","context":"In &quot;News&quot;","block_context":{"text":"News","link":"https:\/\/www.jazzzeitung.de\/cms\/thema\/nachrichten\/"},"img":{"alt_text":"Mercedes Benz  Museum: Laue Sommern\u00e4chte - hei\u00dfer Jazz. Foto: jazzopen","src":"https:\/\/i0.wp.com\/www.jazzzeitung.de\/cms\/wp-content\/uploads\/2015\/07\/MercedesBenz-Museum-150x150.jpg?resize=350%2C200","width":350,"height":200},"classes":[]},{"id":32134,"url":"https:\/\/www.jazzzeitung.de\/cms\/2025\/01\/news-zwingenberger-in-oberthulba-jazzopen-stuttgart-2025\/","url_meta":{"origin":32740,"position":2},"title":"+++ news +++ Zwingenberger in Oberthulba +++ jazzopen Stuttgart 2025 +++","author":"Redaktion JazzZeitung","date":"20. Januar 2025","format":false,"excerpt":"+++ Axel Zwingenberger, der Meister aus Hamburg, kommt wieder auf die Piano-B\u00fchne +++ Boogie&Woogie & Blues-Piano-Spiel der Spitzenklasse sind angesagt Zwingenberger, Sohn eines Arztes, erhielt ab seinem 6. Lebensjahr Klavierunterricht, kam aber erst mit 17 Jahren mit dem Boogie-Woogie in Ber\u00fchrung. Bis dahin habe er (Zitat) \u201enicht gewusst, dass man\u2026","rel":"","context":"In &quot;News&quot;","block_context":{"text":"News","link":"https:\/\/www.jazzzeitung.de\/cms\/thema\/nachrichten\/"},"img":{"alt_text":"","src":"https:\/\/i0.wp.com\/www.jazzzeitung.de\/cms\/wp-content\/uploads\/2025\/01\/AxelPeter.jpg?fit=1200%2C800&ssl=1&resize=350%2C200","width":350,"height":200,"srcset":"https:\/\/i0.wp.com\/www.jazzzeitung.de\/cms\/wp-content\/uploads\/2025\/01\/AxelPeter.jpg?fit=1200%2C800&ssl=1&resize=350%2C200 1x, https:\/\/i0.wp.com\/www.jazzzeitung.de\/cms\/wp-content\/uploads\/2025\/01\/AxelPeter.jpg?fit=1200%2C800&ssl=1&resize=525%2C300 1.5x, https:\/\/i0.wp.com\/www.jazzzeitung.de\/cms\/wp-content\/uploads\/2025\/01\/AxelPeter.jpg?fit=1200%2C800&ssl=1&resize=700%2C400 2x, https:\/\/i0.wp.com\/www.jazzzeitung.de\/cms\/wp-content\/uploads\/2025\/01\/AxelPeter.jpg?fit=1200%2C800&ssl=1&resize=1050%2C600 3x"},"classes":[]},{"id":6258,"url":"https:\/\/www.jazzzeitung.de\/cms\/2015\/05\/dianne-als-gaststar-30-jahre-landes-jugend-jazz-orchester-hessen\/","url_meta":{"origin":32740,"position":3},"title":"Dianne Reeves als Gaststar: 30 Jahre Landes Jugend Jazz Orchester Hessen","author":"Redaktion JazzZeitung","date":"31. Mai 2015","format":false,"excerpt":"Seit 30 Jahren steht der Hessische Kulturpreistr\u00e4ger Wolfgang Diefenbach mit dem Landes Jugend Jazz Orchester Hessen (Kicks & Sticks) f\u00fcr Jazzausbildung auf h\u00f6chstem Niveau. Der Dirigent und Voice Coach hat sich der nachhaltigen F\u00f6rderung junger hochbegabter hessischer Jazzmusiker verschrieben und bietet diesen die M\u00f6glichkeit einer professionellen Big Band-Ausbildung. Inzwischen z\u00e4hlt\u2026","rel":"","context":"In &quot;Bericht&quot;","block_context":{"text":"Bericht","link":"https:\/\/www.jazzzeitung.de\/cms\/thema\/bericht\/"},"img":{"alt_text":"Kicks&Sticks. Foto Rokoko","src":"https:\/\/i0.wp.com\/www.jazzzeitung.de\/cms\/wp-content\/uploads\/2015\/05\/KicksSticks-in-SA-150x150.jpg?resize=350%2C200","width":350,"height":200},"classes":[]},{"id":27676,"url":"https:\/\/www.jazzzeitung.de\/cms\/2022\/07\/german-jazz-trophy-preistraeger-arturo-sandoval-eroeffnet-das-festival-jazzopen-in-stuttgart\/","url_meta":{"origin":32740,"position":4},"title":"German Jazz Trophy-Preistr\u00e4ger Arturo Sandoval er\u00f6ffnet das Festival jazzopen in Stuttgart","author":"Redaktion JazzZeitung","date":"5. Juli 2022","format":false,"excerpt":"\u201eArturo Sandoval mit der German Jazz Trophy ausgezeichnet\u201c \u2013 diese Schlagzeile h\u00e4tte es bereits vor zwei Jahren geben sollen. Doch wie viele Veranstaltungen, fiel auch die Preisverleihung der German Jazz Trophy der Pandemie zum Opfer. \u201eGemeinsam haben wir aber einen langen Atem bewiesen\u201c, betont Martin Hettich, der Vorstandsvorsitzende der Sparda-Bank\u2026","rel":"","context":"In &quot;News&quot;","block_context":{"text":"News","link":"https:\/\/www.jazzzeitung.de\/cms\/thema\/nachrichten\/"},"img":{"alt_text":"","src":"https:\/\/i0.wp.com\/www.jazzzeitung.de\/cms\/wp-content\/uploads\/2022\/07\/IMG_4430-Arturo-Sandoval-sw-c-Ralf-Dombrowski-1-scaled.jpeg?fit=1200%2C800&ssl=1&resize=350%2C200","width":350,"height":200,"srcset":"https:\/\/i0.wp.com\/www.jazzzeitung.de\/cms\/wp-content\/uploads\/2022\/07\/IMG_4430-Arturo-Sandoval-sw-c-Ralf-Dombrowski-1-scaled.jpeg?fit=1200%2C800&ssl=1&resize=350%2C200 1x, https:\/\/i0.wp.com\/www.jazzzeitung.de\/cms\/wp-content\/uploads\/2022\/07\/IMG_4430-Arturo-Sandoval-sw-c-Ralf-Dombrowski-1-scaled.jpeg?fit=1200%2C800&ssl=1&resize=525%2C300 1.5x, https:\/\/i0.wp.com\/www.jazzzeitung.de\/cms\/wp-content\/uploads\/2022\/07\/IMG_4430-Arturo-Sandoval-sw-c-Ralf-Dombrowski-1-scaled.jpeg?fit=1200%2C800&ssl=1&resize=700%2C400 2x, https:\/\/i0.wp.com\/www.jazzzeitung.de\/cms\/wp-content\/uploads\/2022\/07\/IMG_4430-Arturo-Sandoval-sw-c-Ralf-Dombrowski-1-scaled.jpeg?fit=1200%2C800&ssl=1&resize=1050%2C600 3x"},"classes":[]},{"id":19998,"url":"https:\/\/www.jazzzeitung.de\/cms\/2019\/07\/dee-dee-bridgewater-erhaelt-german-jazz-trophy-und-eroeffnet-das-stuttgarter-festival-jazzopen\/","url_meta":{"origin":32740,"position":5},"title":"Dee Dee Bridgewater erh\u00e4lt German Jazz Trophy und er\u00f6ffnet das Stuttgarter Festival jazzopen","author":"Redaktion JazzZeitung","date":"6. Juli 2019","format":false,"excerpt":"Am Donnerstag, den 4. Juli 2019, \u00fcberreichte Martin Hettich, Vorstandsvorsitzender der Sparda Bank Baden-W\u00fcrttemberg, f\u00fcr die Stiftung seiner Bank die German Jazz Trophy 2019 an die amerikanische K\u00fcnstlerin DeeDee Bridgewater. Die Auszeichnung - eine Statuette des Bildhauers Otto Hajek\u00a0 sowie 20.000 Euro Preisgeld - erhielt die K\u00fcnstlerin f\u00fcr ihr Gesamtwerk\u2026","rel":"","context":"In &quot;News&quot;","block_context":{"text":"News","link":"https:\/\/www.jazzzeitung.de\/cms\/thema\/nachrichten\/"},"img":{"alt_text":"","src":"https:\/\/i0.wp.com\/www.jazzzeitung.de\/cms\/wp-content\/uploads\/2019\/07\/BridgewaterDeeDee-GJT-JO19i-Kumpf-1.jpg?fit=1200%2C848&ssl=1&resize=350%2C200","width":350,"height":200,"srcset":"https:\/\/i0.wp.com\/www.jazzzeitung.de\/cms\/wp-content\/uploads\/2019\/07\/BridgewaterDeeDee-GJT-JO19i-Kumpf-1.jpg?fit=1200%2C848&ssl=1&resize=350%2C200 1x, https:\/\/i0.wp.com\/www.jazzzeitung.de\/cms\/wp-content\/uploads\/2019\/07\/BridgewaterDeeDee-GJT-JO19i-Kumpf-1.jpg?fit=1200%2C848&ssl=1&resize=525%2C300 1.5x, https:\/\/i0.wp.com\/www.jazzzeitung.de\/cms\/wp-content\/uploads\/2019\/07\/BridgewaterDeeDee-GJT-JO19i-Kumpf-1.jpg?fit=1200%2C848&ssl=1&resize=700%2C400 2x, https:\/\/i0.wp.com\/www.jazzzeitung.de\/cms\/wp-content\/uploads\/2019\/07\/BridgewaterDeeDee-GJT-JO19i-Kumpf-1.jpg?fit=1200%2C848&ssl=1&resize=1050%2C600 3x"},"classes":[]}],"jetpack_sharing_enabled":true,"_links":{"self":[{"href":"https:\/\/www.jazzzeitung.de\/cms\/wp-json\/wp\/v2\/posts\/32740","targetHints":{"allow":["GET"]}}],"collection":[{"href":"https:\/\/www.jazzzeitung.de\/cms\/wp-json\/wp\/v2\/posts"}],"about":[{"href":"https:\/\/www.jazzzeitung.de\/cms\/wp-json\/wp\/v2\/types\/post"}],"author":[{"embeddable":true,"href":"https:\/\/www.jazzzeitung.de\/cms\/wp-json\/wp\/v2\/users\/7"}],"replies":[{"embeddable":true,"href":"https:\/\/www.jazzzeitung.de\/cms\/wp-json\/wp\/v2\/comments?post=32740"}],"version-history":[{"count":10,"href":"https:\/\/www.jazzzeitung.de\/cms\/wp-json\/wp\/v2\/posts\/32740\/revisions"}],"predecessor-version":[{"id":32779,"href":"https:\/\/www.jazzzeitung.de\/cms\/wp-json\/wp\/v2\/posts\/32740\/revisions\/32779"}],"wp:featuredmedia":[{"embeddable":true,"href":"https:\/\/www.jazzzeitung.de\/cms\/wp-json\/wp\/v2\/media\/32742"}],"wp:attachment":[{"href":"https:\/\/www.jazzzeitung.de\/cms\/wp-json\/wp\/v2\/media?parent=32740"}],"wp:term":[{"taxonomy":"category","embeddable":true,"href":"https:\/\/www.jazzzeitung.de\/cms\/wp-json\/wp\/v2\/categories?post=32740"},{"taxonomy":"post_tag","embeddable":true,"href":"https:\/\/www.jazzzeitung.de\/cms\/wp-json\/wp\/v2\/tags?post=32740"},{"taxonomy":"author","embeddable":true,"href":"https:\/\/www.jazzzeitung.de\/cms\/wp-json\/wp\/v2\/coauthors?post=32740"}],"curies":[{"name":"wp","href":"https:\/\/api.w.org\/{rel}","templated":true}]}}