{"id":32704,"date":"2025-06-29T12:00:23","date_gmt":"2025-06-29T10:00:23","guid":{"rendered":"https:\/\/www.jazzzeitung.de\/cms\/?p=32704"},"modified":"2025-06-24T11:43:03","modified_gmt":"2025-06-24T09:43:03","slug":"die-eingeschmolzene-jazz-radiowoche-vom-30-06-2025-bis-06-07-2025","status":"publish","type":"post","link":"https:\/\/www.jazzzeitung.de\/cms\/2025\/06\/die-eingeschmolzene-jazz-radiowoche-vom-30-06-2025-bis-06-07-2025\/","title":{"rendered":"Die eingeschmolzene Jazz-Radiowoche vom 30.06.2025 bis 06.07.2025"},"content":{"rendered":"<p class=\"western\"><a name=\"_Hlk71805784\"><\/a> Die \u00dcbersicht zum <span style=\"color: #0563c1;\"><u><a href=\"https:\/\/service.conbrio.de\/service\/download\/278\/\" name=\"Download des PDF\">Download als PDF<\/a><\/u><\/span><span style=\"text-decoration: line-through;\">.<\/span> Alle Angaben ohne Gew\u00e4hr. Erg\u00e4nzt mit den tollen Sendungen zur Neuen Musik von BR-KLASSIK und \u00d61.<\/p>\n<p class=\"western\">Leider hat die ARD ihre Suchmaschine in Fragen Radio in der Zwischenzeit komplett geschreddert, nachdem sie in den vergangenen Jahren schon nicht mehr \u00fcber Schlagworte funktioniert hat. Damit sind wir nun komplett auf Zulieferungen der Sendeanstalten angewiesen. Aktuell bekommen wir Informationen von SWR Kultur, \u00d61 und in Sachen Neue Musik von BR-KLASSIK und ebenfalls \u00d61.<\/p>\n<h2 class=\"western\"><a name=\"__RefHeading___Toc532_2049876245\"><\/a><\/h2>\n<hr \/>\n<h2 class=\"western\"><a name=\"__RefHeading___Toc532_2049876245\"><\/a><a name=\"_Toc176424572\"><\/a><a name=\"_Toc183595478\"><\/a><a name=\"_Toc184290543\"><\/a><a name=\"_Toc185409041\"><\/a><a name=\"_Toc186792938\"><\/a><a name=\"_Toc187143015\"><\/a><a name=\"_Toc188530705\"><\/a><a name=\"_Toc188957623\"><\/a><a name=\"_Toc189813526\"><\/a><a name=\"_Toc189815284\"><\/a><a name=\"_Toc190257440\"><\/a><a name=\"_Toc174527976\"><\/a><a name=\"_Toc175140589\"><\/a> Senderliste:<\/h2>\n<hr \/>\n<ul>\n<li><span style=\"color: #0563c1;\"><u><a href=\"https:\/\/oe1.orf.at\/\" name=\"Link zum ORF\">ORF \u2013 \u00d61<\/a><\/u><\/span><\/li>\n<li><span style=\"color: #0563c1;\"><u><a href=\"https:\/\/www.deutschlandradio.de\/\" name=\"Link zum Deutschlandfunk\">Deutschlandfunk<\/a><\/u><\/span> \u2013 \u201eFakten und mehr\u201c<\/li>\n<li><span style=\"color: #0563c1;\"><u><a href=\"https:\/\/www.deutschlandfunkkultur.de\/\" name=\"Link zu Deutschlandfunk Kultur\">Deutschlandfunk-Kultur<\/a><\/u><\/span> \u2013 \u201eDas Feuilleton im Radio\u201c<\/li>\n<li><span style=\"color: #0563c1;\"><u><a href=\"https:\/\/www.ndr.de\/ndrkultur\/\" name=\"Link zu ndr kultur\">ndr Kultur<\/a><\/u><\/span> \u2013 H\u00f6ren und genie\u00dfen<\/li>\n<li><span style=\"color: #0563c1;\"><u><a href=\"https:\/\/www.ndr.de\/ndrblue\/index.html\" name=\"Link zu ndr blue\"><span lang=\"en-US\">ndr blue<\/span><\/a><\/u><\/span><span lang=\"en-US\"> \u2013 Meet The Music<\/span><\/li>\n<li><span style=\"color: #0563c1;\"><u><a href=\"https:\/\/www.bremenzwei.de\/\" name=\"Link zu Radio Bremen\">radio bremen<\/a><\/u><\/span> \u2013 Neugier lohnt sich.<\/li>\n<li><span style=\"color: #0563c1;\"><u><a href=\"https:\/\/www.radiodrei.de\/\" name=\"Link zu Radio 3 von Berlin\">Radio 3<\/a><\/u><\/span> \u2013<\/li>\n<li><span style=\"color: #0563c1;\"><u><a href=\"https:\/\/www.mdr.de\/kultur\/radio\/index.html\" name=\"Link zu medr-kultur\">mdr-kultur<\/a><\/u><\/span> \u2013 Das Radio.<\/li>\n<li><a href=\"https:\/\/www1.wdr.de\/radio\/wdr3\/\" name=\"Link zu WDR3\"><span style=\"color: #0563c1;\"><u>W<\/u><\/span><span style=\"color: #0563c1;\"><u>DR<\/u><\/span><span style=\"color: #0563c1;\"><u>3<\/u><\/span><\/a> \u2013 Das Kulturradio<\/li>\n<li><span style=\"color: #0563c1;\"><u><a href=\"https:\/\/www.hr2.de\/index.html\" name=\"Link zu hr2-kultur\">hr2-kultur<\/a><\/u><\/span> \u2013 Das Kulturradio f\u00fcr Hessen.<\/li>\n<li><a href=\"https:\/\/www.sr.de\/sr\/sr2\/index.html\" name=\"Link zu SR2-Kulturradio\"><span style=\"color: #0563c1;\"><u>S<\/u><\/span><span style=\"color: #0563c1;\"><u>R<\/u><\/span><span style=\"color: #0563c1;\"><u>2 Kulturradio<\/u><\/span><\/a> \u2013 \u2026 gut zu h\u00f6ren.<\/li>\n<li><a href=\"https:\/\/www.swr.de\/swr2\/\" name=\"Link zu SWR Kuultur\"><span style=\"color: #0563c1;\"><u>S<\/u><\/span><span style=\"color: #0563c1;\"><u>WR<\/u><\/span><u> <\/u><\/a><span style=\"color: #0563c1;\"><u>kultur<\/u><\/span> \u2013 Kultur neu entdecken<\/li>\n<li><span style=\"color: #0563c1;\"><u><a href=\"https:\/\/www.br.de\/radio\/br-klassik\/index.html\" name=\"Link zu BR-Klassik\">BR-KLASSIK<\/a><\/u><\/span> \u2013 Klassikstars geben auf BR-KLASSIK den Ton an. Attraktive Magazine bringen Interviews und Neuigkeiten aus dem Musikleben.<\/li>\n<li><span style=\"color: #0563c1;\"><u><a href=\"https:\/\/www.br.de\/radio\/bayern2\/index.html\" name=\"Link zu Bayern2\">Bayern 2<\/a><\/u><\/span> \u2013 Preisgekr\u00f6ntes Radio f\u00fcr H\u00f6rer, die mehr wissen wollen<\/li>\n<\/ul>\n<h2 class=\"western\"><a name=\"__RefHeading___Toc534_2049876245\"><\/a><\/h2>\n<hr \/>\n<h2 class=\"western\"><a name=\"__RefHeading___Toc534_2049876245\"><\/a><a name=\"_Toc190257441\"><\/a><a name=\"_Toc175140590\"><\/a><a name=\"_Toc176424573\"><\/a><a name=\"_Toc183595479\"><\/a><a name=\"_Toc184290544\"><\/a><a name=\"_Toc185409042\"><\/a><a name=\"_Toc186792939\"><\/a><a name=\"_Toc187143016\"><\/a><a name=\"_Toc188530706\"><\/a><a name=\"_Toc188957624\"><\/a><a name=\"_Toc189813527\"><\/a><a name=\"_Toc189815285\"><\/a> Internet:<\/h2>\n<hr \/>\n<ul>\n<li>Schweden: <span style=\"color: #0563c1;\"><u><a href=\"https:\/\/sverigesradio.se\/tabla.aspx?programid=2562\" name=\"Link zu Schwedens Radio P&quot;\">P2<\/a><\/u><\/span> sendet immer Dienstags von 21:00 bis 22:00 und Sonntags von 18:40 bis 20:00 ein Jazzkonzert<\/li>\n<li>Ungarn: <span style=\"color: #0563c1;\"><u><a href=\"https:\/\/mediaklikk.hu\/bartok\/\" name=\"Link zu Bart\u00f3k-Radio\">Bartok Radio<\/a><\/u><\/span> sendet t\u00e4glich von 23:00 bis 23:55 eine Jazzsendung<\/li>\n<\/ul>\n<hr \/>\n<h2 class=\"western\">mo \u2013 30.06.2025<\/h2>\n<hr \/>\n<p class=\"western\">17:30:00 +++ \u00d61<br \/>\n<b>Musik aus allen Richtungen mit Astrid Schwarz und Rainer Elstner.<\/b><\/p>\n<p class=\"western\">19:30:00 +++ \u00d61<br \/>\n<b>Trompeter Joo Kraus und Pianistin Marialy Pacheco 2025 beim Festival Jazzambach in G\u00f6tzis<\/b><\/p>\n<p class=\"western\" style=\"padding-left: 40px;\">Zum ersten Mal fand von 26. Februar bis 2. M\u00e4rz 2025 das Festival Jazzambach in G\u00f6tzis statt, kuratiert von Pianist David Helbock. Neben bekannten Musiker:innen mit Vorarlberg-Bezug wie Helbock selbst, Pianistenkollege Peter Madsen, S\u00e4ngerin Veronika Morscher oder Kontrabassist Peter Herbert waren auch internationale G\u00e4ste geladen: So konzertierten am 1. M\u00e4rz d. J. Trompeter Joo Kraus und Pianistin Marialy Pacheco im Kulturzentrum Ambach und begeistern das Auditorium mit intrikaten, behutsam entwickelten Dialogen.<\/p>\n<p class=\"western\" style=\"padding-left: 40px;\">Kraus ist als Teil des deutschen Hip-Jazz-Duos Tab Two und als Mitglied der Formation Jazzkantine bekannt geworden. Pacheco, die 42-J\u00e4hrige aus der kubanischen Hauptstadt Havanna, die seit 2013 in Deutschland lebt, war ein Jahr zuvor die erste Frau, die den prestigetr\u00e4chtigen Piano Solo Competition in Montreux gewinnen konnte.<\/p>\n<p class=\"western\" style=\"padding-left: 40px;\">In G\u00f6tzis entboten Joo Kraus und Marialy Pacheco in einer prickelnden Melange aus Raffinesse und Zug\u00e4nglichkeit ein buntes Potpourri an Kompositionen, von Sting bis Michael Jackson, von Mercer Ellingtons \u201eThings Ain&#8217;t What They Used to Be\u201c bis zu St\u00fccken der kubanischen Latin-Jazz-Legende Mario Bauz\u00e1. Sehr zur Freude des Vorarlberger Publikums.<\/p>\n<p class=\"western\">22:03 \u2013 23:00 UHR +++ SWR KULTUR<br \/>\n<b>ARD Jazz. Spotlight: H\u00f6ren wir Gutes und reden dar\u00fcber!<\/b><\/p>\n<p class=\"western\" style=\"padding-left: 40px;\">Von Ulrich Habersetzer, Beate Sampson, Roland Spiegel. \u201eEine Sendung wie eine Insel. Drau\u00dfen herrscht hoher Seegang, aber was im Hier und Jetzt z\u00e4hlt, das sind handverlesene T\u00f6ne, die in die Ohren des Publikums tropfen\u201c. Das schrieb 2022 die Grimme-Jury in ihrer Begr\u00fcndung daf\u00fcr, dass \u201eH\u00f6ren wir Gutes und reden dar\u00fcber\u201c den Deutschen Radiopreis als \u201eBeste Sendung\u201c erhielt. Wir nehmen Sie mit auf diese H\u00f6r-Insel! Jede und jeder stellt ein neues Jazzalbum vor, ohne den anderen zu verraten, worum es sich handelt. H\u00f6ren, r\u00e4tseln und laut nachdenken \u00fcber T\u00f6ne \u2013darum geht es bei \u201eH\u00f6ren wir Gutes\u201c. Lassen Sie sich \u00fcberraschen!.<\/p>\n<p class=\"western\">23:03:00 +++ \u00d61<br \/>\n<b>Neues mit dem Orchester des Bayerischen Rundfunks \u2013 Ein schillerndes Cellokonzert von Liza Lim f\u00fcr den Virtuosen Nicolas Altstaedt<\/b><\/p>\n<p class=\"western\" style=\"padding-left: 40px;\">Der Bayerische Rundfunk und das Symphonieorchester des Bayerischen Rundfunks feiern in der Saison 2024\/2025 ihren 75. Geburtstag. Beide wurden 1949 gegr\u00fcndet, beide sind der zeitgen\u00f6ssischen Kunstproduktion verpflichtet. Das spiegelt sich auch in der zukunftsorientierten Konzertreihe musica viva des Bayerischen Rundfunks wider \u2013 sie ist sogar um vier Jahre \u00e4lter als die Institution selbst. Dieser Konzertzyklus wurde 1945 von Karl Amadeus Hartmann ins Leben gerufen. Dieses Forum f\u00fcr zeitgen\u00f6ssische Musik ist weiterhin hoch aktiv und wird seit 2011 von Winrich Hopp geleitet. Im Rahmen dieser Reihe bietet das Symphonieorchester des Bayerischen Rundfunks neue Orchesterkl\u00e4nge und macht sie via EBU (European Broadcasting Union) auch den Partnerstationen zug\u00e4nglich.<\/p>\n<p class=\"western\" style=\"padding-left: 40px;\">In dieser Sendung pr\u00e4sentieren wir einen Konzertmitschnitt vom 25. Oktober 2024. Neben zwei Werken von Oliver Knussen und \u201eThree Screaming Popes\u201c von Mark-Anthony Turnage (ein Werk, das sich auf Bilder von Francis Bacon bezieht) war die Urauff\u00fchrung eines Cellokonzertes zu erleben: Liza Lim, Australierin mit chinesischen Wurzeln, hat f\u00fcr den Cello-Virtuosen Nicolas Altstaedt das St\u00fcck \u201eA Sutured World\u201c geschrieben. Vielfarbig schillernde Musik, in deren Titel bereits das zentrale Lebensthema der Komponistin mit chinesischen Wurzeln anklingt: die komplexen Beziehungen unterschiedlicher Kulturen zueinander. Gestaltung: Rainer Elstner<\/p>\n<hr \/>\n<h2 class=\"western\">di \u2013 01.07.2025<\/h2>\n<hr \/>\n<p class=\"western\">17:30:00 +++ \u00d61<br \/>\n<b>Musik aus allen Richtungen.<\/b><\/p>\n<p class=\"western\">23:03:00 +++ \u00d61<br \/>\n<b>Ein Besuch beim Borealis Festival in Norwegen \u2013 Das vielseitige Programm von Bergens Borealis Festival f\u00fcr experimentelle Musik<\/b><\/p>\n<p class=\"western\" style=\"padding-left: 40px;\">Wir blicken im heutigen Zeit-Ton noch einmal zur\u00fcck auf die 21. Ausgabe des Borealis Festivals f\u00fcr experimentelle Musik, das vom 12. bis zum 17. M\u00e4rz in der norwegischen Stadt Bergen stattgefunden hat. Wir werden unter anderem Zeuginnen und Zeugen einer bedeutungsvollen Premiere in Bergens Domkirche werden, in der zum ersten Mal in der jahrhundertealten Geschichte gejoikt wurde, den Verlust der Vogelkolonien in Rost betrauern, im Hafen eine Flo\u00dfsauna besuchen, die w\u00e4hrend der Festivaldauer zu einem schwimmenden Instrument umgebaut wurde und h\u00f6ren, wie in dem St\u00fcck \u201eBarru Bara\u201c der Komponistin Herborg Rundberg das Meer an die norwegische K\u00fcste brandet. Zur Urauff\u00fchrung gebracht wurde dieses St\u00fcck von The Norwegian Naval Forces Band, einem Blasorchester der norwegischen Streitkr\u00e4fte, das besonders gerne zeitgen\u00f6ssische Musik spielt.<\/p>\n<p class=\"western\" style=\"padding-left: 40px;\">Einige der Konzert-Highlights, die wir Ihnen heute in kurzen Ausschnitten pr\u00e4sentieren, konnten Sie am vergangenen Sonntag in \u201eSupernova\u201c in voller L\u00e4nge h\u00f6ren. Gestaltung: Susanna Niedermayr<\/p>\n<hr \/>\n<h2 class=\"western\">mi \u2013 02.07.2025<\/h2>\n<hr \/>\n<p class=\"western\">17:30:00 +++ \u00d61<br \/>\n<b>Musik aus allen Richtungen mit Ulla Pilz und Michael Neuhauser.<\/b><\/p>\n<p class=\"western\">22:03 \u2013 23:00 UHR +++ SWR KULTUR<br \/>\n<b>ARD Jazz. Das Magazin<\/b><\/p>\n<p class=\"western\" style=\"padding-left: 40px;\">Von Ulrich Habersetzer. Das w\u00f6chentliche Jazz-Update, pr\u00e4sentiert von Eurer ARD: au\u00dfergew\u00f6hnliche Ver\u00f6ffentlichungen, relevante Ereignisse und aktuelle Debatten. Wir diskutieren Jazz in allen seinen Facetten und suchen auch deutschlandweit die Orte auf, an denen er zu Hause ist. Nicht verpassen!<\/p>\n<figure id=\"attachment_32705\" aria-describedby=\"caption-attachment-32705\" style=\"width: 799px\" class=\"wp-caption aligncenter\"><a href=\"https:\/\/i0.wp.com\/www.jazzzeitung.de\/cms\/wp-content\/uploads\/2025\/06\/cafe-schubert-c-hufner.jpg?ssl=1\"><img data-recalc-dims=\"1\" loading=\"lazy\" decoding=\"async\" data-attachment-id=\"32705\" data-permalink=\"https:\/\/www.jazzzeitung.de\/cms\/2025\/06\/die-eingeschmolzene-jazz-radiowoche-vom-30-06-2025-bis-06-07-2025\/cafe-schubert-c-hufner\/\" data-orig-file=\"https:\/\/i0.wp.com\/www.jazzzeitung.de\/cms\/wp-content\/uploads\/2025\/06\/cafe-schubert-c-hufner.jpg?fit=1440%2C1081&amp;ssl=1\" data-orig-size=\"1440,1081\" data-comments-opened=\"1\" data-image-meta=\"{&quot;aperture&quot;:&quot;0&quot;,&quot;credit&quot;:&quot;&quot;,&quot;camera&quot;:&quot;&quot;,&quot;caption&quot;:&quot;&quot;,&quot;created_timestamp&quot;:&quot;0&quot;,&quot;copyright&quot;:&quot;&quot;,&quot;focal_length&quot;:&quot;0&quot;,&quot;iso&quot;:&quot;0&quot;,&quot;shutter_speed&quot;:&quot;0&quot;,&quot;title&quot;:&quot;&quot;,&quot;orientation&quot;:&quot;0&quot;}\" data-image-title=\"Caf\u00e9 Schubert Potsdam. Foto: Hufner\" data-image-description=\"&lt;p&gt;Caf\u00e9 Schubert Potsdam. Foto: Hufner&lt;\/p&gt;\n\" data-image-caption=\"&lt;p&gt;Caf\u00e9 Schubert Potsdam. Foto: Hufner&lt;\/p&gt;\n\" data-large-file=\"https:\/\/i0.wp.com\/www.jazzzeitung.de\/cms\/wp-content\/uploads\/2025\/06\/cafe-schubert-c-hufner.jpg?fit=799%2C600&amp;ssl=1\" class=\"size-large wp-image-32705\" src=\"https:\/\/i0.wp.com\/www.jazzzeitung.de\/cms\/wp-content\/uploads\/2025\/06\/cafe-schubert-c-hufner.jpg?resize=799%2C600&#038;ssl=1\" alt=\"Caf\u00e9 Schubert Potsdam. Foto: Hufner\" width=\"799\" height=\"600\" srcset=\"https:\/\/i0.wp.com\/www.jazzzeitung.de\/cms\/wp-content\/uploads\/2025\/06\/cafe-schubert-c-hufner.jpg?resize=799%2C600&amp;ssl=1 799w, https:\/\/i0.wp.com\/www.jazzzeitung.de\/cms\/wp-content\/uploads\/2025\/06\/cafe-schubert-c-hufner.jpg?resize=300%2C225&amp;ssl=1 300w, https:\/\/i0.wp.com\/www.jazzzeitung.de\/cms\/wp-content\/uploads\/2025\/06\/cafe-schubert-c-hufner.jpg?resize=768%2C577&amp;ssl=1 768w, https:\/\/i0.wp.com\/www.jazzzeitung.de\/cms\/wp-content\/uploads\/2025\/06\/cafe-schubert-c-hufner.jpg?resize=1320%2C991&amp;ssl=1 1320w, https:\/\/i0.wp.com\/www.jazzzeitung.de\/cms\/wp-content\/uploads\/2025\/06\/cafe-schubert-c-hufner.jpg?w=1440&amp;ssl=1 1440w\" sizes=\"auto, (max-width: 799px) 100vw, 799px\" \/><\/a><figcaption id=\"caption-attachment-32705\" class=\"wp-caption-text\">Caf\u00e9 Schubert Potsdam. Foto: Hufner<\/figcaption><\/figure>\n<hr \/>\n<h2 class=\"western\">do &#8211; 03.07.2025<\/h2>\n<hr \/>\n<p class=\"western\">17:30:00 +++ \u00d61<br \/>\n<b>Musik aus allen Richtungen mit Andreas Felber.<\/b><\/p>\n<p class=\"western\">22:03 \u2013 23:00 UHR +++ SWR KULTUR<br \/>\n<b>Blues&#8217;n`Roots: <\/b><\/p>\n<p class=\"western\" style=\"padding-left: 40px;\">Von Dagmar Fulle. In dieser Sendung pr\u00e4sentieren wir alte und neue Aufnahmen aus den Bereichen Blues, Jazz, Swing, Rhythm&#8217;n&#8217;Blues, Soul und Country. (\u00dcbernahme von hr2-kultur).<\/p>\n<p class=\"western\">23:03 bis 00:00 Uhr +++ BR-KLASSIK<br \/>\n<b>Horizonte: Ask the Composer! Portr\u00e4tkonzert Dai Fujikura<\/b><\/p>\n<p class=\"western\" style=\"padding-left: 40px;\">Studierende der Hochschule f\u00fcr Musik N\u00fcrnberg. K\u00fcnstlerische Leitung: Prof. Jeremias Schwarzer. Aufnahme vom 27. Mai 2025<\/p>\n<hr \/>\n<h2 class=\"western\">fr \u2013 04.07.2025<\/h2>\n<hr \/>\n<p class=\"western\">14:05:00 +++ \u00d61<br \/>\n<b>Der US-Schlagzeuger und S\u00e4nger Kassa Overall im Juni 2024 beim Jazz Fest Brno in Tschechien<\/b><\/p>\n<p class=\"western\" style=\"padding-left: 40px;\">Kassa Overall ist ein US-amerikanischer, Grammy-nominierter Musiker und Produzent, der experimentelle Sounds mit Hip-Hop verbindet. Als S\u00e4nger und Schlagzeuger lieferte er mit Matt Wong (Keyboards), Tomoki Sanders (Saxofon) und Bendji Allonce (Perkussion) am 2. Juni 2024 beim Jazz Fest Brno ein extrem abgefahrenes Set ab, das weder vor Raubz\u00fcgen im Klassik-Melodie-Restlverkauf noch vor verzerrten Stimmkl\u00e4ngen zur\u00fcckschreckte. Kid A und Robert Glasper winkten aus der Ferne.<\/p>\n<p class=\"western\" style=\"padding-left: 40px;\">Manchmal agierte die Band sehr druckvoll, dann wieder klang sie wie eine ausgeleierte Kompaktkassette. Technische St\u00f6rung als Teil des Repertoires, so k\u00f6nnte man sagen. Kaleidoskopische und subversive (Fieber-)Tr\u00e4ume, die oft blitzartig von einer Stimmung in die n\u00e4chste wechselten, inspiriert auch von den Schlagzeug-Mentoren Elvin Jones und Billy Hart, bei denen Kassa Overall am Oberlin Conservatory of Music in den USA studiert hat. H\u00f6renswert!<\/p>\n<p class=\"western\">17:30:00 +++ \u00d61<br \/>\n<b>Musik aus allen Richtungen mit Johann Kneihs.<\/b><\/p>\n<p class=\"western\">23:03:00 +++ \u00d61<br \/>\n<b>Katharina Ernst im Zeit-Ton Portr\u00e4t \u2013 Extrametrics und andere Schl\u00e4ge mit Katharina Ernst<\/b><\/p>\n<p class=\"western\" style=\"padding-left: 40px;\">Geboren in Wien lebt die vielbesch\u00e4ftigte Schlagzeugerin Katharina Ernst mittlerweile in Berlin. Als eine der renommiertesten Drummerinnen in der experimentellen elektronischen Musikwelt hat sie ihr Augenmerk auf polyrhythmische Strukturen gelegt, die sie in ihrer Liveperformance \u201eExtrametrics\u201c erforscht.<\/p>\n<p class=\"western\" style=\"padding-left: 40px;\">Rhythmusstrukturen werden in Et\u00fcdenformen \u00fcberf\u00fchrt, die Wellenl\u00e4ngen und Obert\u00f6ne unterschiedlicher Schlagobjekte miteinander in Beziehung gesetzt. Mit Schlagzeug, Drum-Synthesizer, Metallobjekten, Tamtams und Kalimbas werden Ebenen so geschichtet, dass sie sich \u00fcberlagern, kontrastieren, in- oder gegeneinander laufen. F\u00fcr die Performance \u201eKranet\u00fcde\u201c von Choreographin Valentina Holzinger in Berlin im Juni 2023 hat sie die Musik geschrieben. Bei der Verleihung des H13 Preises, dem nieder\u00f6sterreichischen Preis f\u00fcr Performance, im November 2024 pr\u00e4sentierte sie ihr St\u00fcck \u201emetrics\u201c &#8211; ein immersiv-perkussiver Live-Soundscape, in dem sie Verfahren der Minimal Music virtuos mit \u00c4sthetiken der Minimal Art kombiniert. Anfang Mai er\u00f6ffnete sie mit einer adaptierten Version von \u201ePolylog\u201c (gemeinsam mit Michael Breyer und ATELIER-E) das Musikprogramm des diesj\u00e4hrigen Donaufestival in der Kremser Minoritenkirche. Im Rahmen der Zweiten Akademie der Moderne der Wiener Festwochen gelangte im Juni ihre neueste Komposition \u201eMerge \/ Emerge\u201c zur Urauff\u00fchrung.<\/p>\n<p class=\"western\" style=\"padding-left: 40px;\">Eine Sendung im Rahmen des \u00d61 Sommerschwerpunktes \u201e\u00d6sterreicherinnen und \u00d6sterreich in der Welt\u201c. Gestaltung: Astrid Schwarz<\/p>\n<hr \/>\n<h2 class=\"western\">sa \u2013 05.07.2025<\/h2>\n<hr \/>\n<p class=\"western\">09:04 \u2013 10:00 UHR +++ SWR KULTUR<br \/>\n<b>Musikstunde: Jazz global: Das gibt`s ja gar nicht! \u2013 Fantasiewesen im Jazz<\/b><\/p>\n<p class=\"western\" style=\"padding-left: 40px;\">Von Konrad Bott. Sechs Augen, drei K\u00f6pfe, Dornenhaut und Tentakel am Rumpf \u2013 so ein Wesen gibt`s doch gar nicht! Oder doch? In der Fantasie vieler Jazzmusikerinnen und -musiker leben die absonderlichsten Kreaturen. Manche sind inspiriert von Mythen, Sagen, Fabeln, manche hervorgekrochen aus den tiefsten H\u00f6hlen des Unterbewusstseins oder herabgestiegen aus den entferntesten Luftschl\u00f6ssern des Tagtraums. Sie bringen jede Menge zauberhafte Melodien und wahnsinnige Rhythmen mit sich. Schalten Sie ein und begleiten sie den phantasmagorischen Musikantenzug!.<\/p>\n<p class=\"western\">18:20 \u2013 19:00 UHR +++ SWR KULTUR<br \/>\n<b>Jazz: Homezone \u2013 Jazz in S\u00fcdwest: Das Jonas Neubauer Quintett beim Jazzcollege in Mainz (2\/3)<\/b><\/p>\n<p class=\"western\" style=\"padding-left: 40px;\">Von Konrad Bott. Am 13. Mai hat das siebte SWR Jazz College stattgefunden, ein Konzertabend mit jungen Musiker*innen aus den Jazzinstituten im Sendegebiet. Aus Mannheim fand das Jonas Neubauer Quintett seinen Weg in den roten Saal der Musikhochschule Mainz. Die St\u00fccke, die die f\u00fcnf Jungs ins Publikum hineinspielten, schwanken zwischen tiefer Melancholie und freudiger Ekstase. Moderne Klang\u00e4sthetik und Jazz-Traditionspflege legen sich dabei in zug\u00e4nglichen Kompositionen \u00fcbereinander. Lassen Sie sich von den Mannheimern \u00fcberraschen!<\/p>\n<p class=\"western\">21:30:00 +++ \u00d61<br \/>\n<b>Neuigkeiten aus der Welt des Jazz<\/b><\/p>\n<p class=\"western\">Konzertempfehlungen f\u00fcr die kommende Woche, Buchbesprechungen, Kurznachrufe und aktuelle Meldungen.<\/p>\n<p class=\"western\">22:05:00 +++ \u00d61<br \/>\n<b>Neuigkeiten aus der Welt des Jazz<\/b><\/p>\n<p class=\"western\" style=\"padding-left: 40px;\">Konzertempfehlungen f\u00fcr die kommende Woche, Buchbesprechungen, Kurznachrufe und aktuelle Meldungen.<\/p>\n<p class=\"western\">23:03:00 +++ \u00d61<br \/>\n<b>Gitarrist Valentin Goidinger im Interview und mit dem Trio X!XU konzertant im Wiener RadioKulturhaus<\/b><\/p>\n<p class=\"western\" style=\"padding-left: 40px;\">Valentin Goidinger hei\u00dft der Mann hinter dem Trio X!XU, das man wie \u201eSki-Schuh\u201c ausspricht. Der Gitarrist, Jahrgang 1996, ist geb\u00fcrtiger Innsbrucker, studiert hat er u. a. an der Anton-Bruckner- Privatuniversit\u00e4t in Linz. Dort gr\u00fcndete Goidinger anno 2021 auch X!XU, mit den Triogef\u00e4hrten Alexander Matheis (Bass) und Patrick Pillichshammer (Schlagzeug). Und diese Band lie\u00df gleich einmal die Ohren spitzen: Das selbstbetitelte, 2023 ver\u00f6ffentlichte Deb\u00fctalbum hebt mit einer Bearbeitung von Erik Saties \u201eGnossienne Nr. 1\u201c an, um dann energievoll an Fahrt aufzunehmen. Auch im weiteren Programm zeigt sich in den Kompositionen Valentin Goidingers eine gl\u00fcckliche Verbindung von Herz und Hirn: Druckvolle Rock-Patterns treffen auf jazzige, dissonante Harmonien, klug und kontrastreich choreografiert mittels Groove- und Tempowechseln.<\/p>\n<p class=\"western\" style=\"padding-left: 40px;\">Nicht zuf\u00e4llig war Goidinger einer der Finalisten des \u00d61 Jazzstipendiums 2024, wo er sich mit X!XU nachdr\u00fccklich f\u00fcr einen Auftritt in der Reihe \u201e5 Millionen Pesos\u201c im Wiener RadioKulturhauses empfahl. Im dortigen Studio 3 gastierte das Trio nun am 11. Juni 2025. Gerhard Graml bittet Valentin Goidinger zum Gespr\u00e4ch und pr\u00e4sentiert das Konzert.<\/p>\n<hr \/>\n<h2 class=\"western\">so \u2013 06.07.2025<\/h2>\n<hr \/>\n<p class=\"western\">00:02 \u2013 06:00 UHR +++ SWR KULTUR<br \/>\n<b>ARD Jazz. Die Nacht: Jazzahead 2025 \u2013 Aufnahmen vom Bremer Showcasefestival<\/b><\/p>\n<p class=\"western\" style=\"padding-left: 40px;\">Von Till Lorenzen. Vom Soloklavier bis zum 19-k\u00f6pfigen Jazzorchester \u2013 die Jazzahead 2025 vom 23. bis 27. April hatte klanglich abwechslungsreiches zu bieten. In den Showcasekonzerten des Festivals soll die Vielfalt der Szene abgebildet werden: Teils ironisch zwinkernder Jazz des Briten Sam Newbould mit seinem Quintet, orchestrale Wucht aus N\u00fcrnberg mit dem Oumuamua Orchestra und pulsierende Rhythmen aus Kenia von Kasiva Mutua. Je drei K\u00fcnstler*innen kamen zudem aus Spanien, Frankreich und der Schweiz, die als Partnerregion ausgew\u00e4hlt wurden. Erg\u00e4nzend dazu gibt es Interviews und Portr\u00e4ts..<\/p>\n<p class=\"western\">00:05:00 +++ \u00d61<br \/>\n<b>(Fortsetzung); Gitarrist Valentin Goidinger im Interview und mit dem Trio X!XU konzertant im Wiener RadioKulturhaus<\/b><\/p>\n<p class=\"western\">03:03:00 +++ \u00d61<br \/>\n<b>Mit klingenden Kulinarien in den Sonntag-Morgen<\/b><\/p>\n<p class=\"western\" style=\"padding-left: 40px;\">Klassiker und Fundst\u00fccke aus 100 Jahren Jazzgeschichte (Wiederholung).<\/p>\n<p class=\"western\">17:10:00 +++ \u00d61<br \/>\n<b>Zum 60. Geburtstag des \u00f6sterreichischen Posaunisten Bertl M\u00fctter<\/b><\/p>\n<p class=\"western\">Der Posaunist, Komponist und Autor Bertl M\u00fctter wurde am 6. Juli 1965 in Steyr geboren und feiert heuer seinen 60. Geburtstag.<\/p>\n<p class=\"western\" style=\"padding-left: 40px;\">Oft solo anzutreffen, widmet er sich Schubert, Schumann, Mahler, Wagner oder Feldman, sowie Dichtern wie H. C. Artmann, Franzobel, Ernst Jandl oder Angela Krau\u00df. Gerne spielt M\u00fctter auch im Duo, beispielsweise mit dem Tausendsassa Christoph Cech, dem gro\u00dfartigen Drehleierspieler Matthias Loibner oder dem slowakischen Pianisten Miki Skuta. Das einzigartige Ensemble \u201eDr. M\u00fctter&#8217;s Ensemble der Radikalen Mitte (ERM)\u201c ist quasi ein zirkulierendes Quadrat, bei dem M\u00fctter als Spieltrainer stets mit von der Partie ist, um seine \u201eplusquammusikalischen Ausheckungen\u201c zu realisieren. Im Jahr 2020 lauschte er in \u201eaus|cul|ta|tio|nes\u201c dem leeren Wiener Stephansdom von ganz unten bis ganz oben einmalige Kl\u00e4nge ab. Zudem leitet er regelm\u00e4\u00dfig Workshops f\u00fcr improvisierte Musik im akademischen Umfeld, aber auch f\u00fcr Laien.<\/p>\n<p class=\"western\" style=\"padding-left: 40px;\">M\u00fctters Musik ist \u201eSlow Food f\u00fcr die Ohren\u201c und sein Lebensmittelpunkt befindet sich irgendwo zwischen Wien, Steyr und unterwegs. Die Spielr\u00e4ume Spezial gratulieren Bertl M\u00fctter zum 60. Geburtstag.<\/p>\n<p class=\"western\">19:05:00 +++ \u00d61<br \/>\n<b>Saxofonist Sigi Finkel und Akkordeonist Zoltan Migovics im Studio 2 des Wiener RadioKulturhauses<\/b><\/p>\n<p class=\"western\" style=\"padding-left: 40px;\">Ungarische Volksmusik in einer zeitgem\u00e4\u00dfen, originellen Variante ist heute zu h\u00f6ren: Sopransaxofonist Sigi Finkel und Akkordeonist Zoltan Migovics konzentrieren sich neben eigenen Kompositionen auf traditionelle Vorlagen, die in gekonnten Arrangements an den Jazz herangef\u00fchrt werden.<\/p>\n<p class=\"western\" style=\"padding-left: 40px;\">Zoltan Migovics, der aus der ungarischen Minderheit im Westen der Ukraine stammt, und der geb\u00fcrtige Deutsche Sigi Finkel, der schon lange in Wien lebt und einen zweiten Lebensmittelpunkt in Ungarn hat, haben ihre Musik k\u00fcrzlich auch auf Tontr\u00e4ger gebannt. Titel: \u201ePuszta\u201c. Melancholie mit Geschmack und hocherfreuliche Improvisationskunst abseits aller Klischees.<\/p>\n<p class=\"western\">19:34 \u2013 20:00 UHR +++ SWR KULTUR<br \/>\n<b>Big Time Jazz. Jazz-Orchester, Big Band, Oktett \u2013 hier kommt Musik mit Vielen! <\/b><\/p>\n<p class=\"western\" style=\"padding-left: 40px;\">Im Big Time Jazz stellen wir f\u00fcr Sie interessante und sch\u00f6ne Kl\u00e4nge zusammen \u2013 von gro\u00dfen Ensembles aus dem Jazz und der improvisierten Musik. Wir bergen Archivaufnahmen und durchforsten Neuver\u00f6ffentlichungen f\u00fcr eine Zeit, die ganz den gro\u00dfen Kl\u00e4ngen geh\u00f6rt.<\/p>\n<p class=\"western\">22:03 \u2013 23:00 UHR +++ SWR KULTUR<br \/>\n<b>NOWJazz: \u201cThe Way out of Easy\u201d \u2013 Der Gitarrist Jeff Parker<\/b><\/p>\n<p class=\"western\" style=\"padding-left: 40px;\">Von Ulrich Kriest. Der kalifornische Musiker Jeff Parker hat zuletzt mindestens drei gro\u00dfartige Alben ver\u00f6ffentlicht, unter anderem mit seinem ETA-Quartett. Jazz, Hip-Hop, Rhythm und Blues, Rock \u2013 sein musikalisches Spektrum ist breit, sein k\u00fcnstlerisches Netzwerk gro\u00df. In Chicago wurde Parker Mitglied der legend\u00e4ren AACM \u2013 und Gitarrist der Kultband Tortoise, er spielte mit Jamie Branch, Rob Mazurek oder Makaya McCraven. Mittlerweile lebt er in Los Angeles, und stellt f\u00fcr sein eigenes Ensemble New Breed immer wieder neue und spannende Konstellationen zusammen..<\/p>\n<p class=\"western\">23:03:00 +++ \u00d61<br \/>\n<b>Zehn Jahre Shape (Teil 1) \u2013 R\u00fcckblick auf zehn inspirierende Jahre mit unseren Shape Partner Festivals<\/b><\/p>\n<p class=\"western\" style=\"padding-left: 40px;\">Im Dezember 2014 gr\u00fcndete das ORF Festival musikprotokoll im steirischen herbst gemeinsam mit f\u00fcnfzehn artverwandten Festivals in ganz Europa (darunter etwa das CTM Festival, Unsound, Skanu Mezs und das UH Fest) die Plattform Shape f\u00fcr spannende neue Projekte aus dem Bereich der Musik und audiovisuellen Kunst. Zwei Mal wurde das urspr\u00fcnglich f\u00fcr drei Jahre angelegte Projekt aufgrund seines Erfolges von der EU mit einer weiteren F\u00f6rderung bedacht. Nun gelangt Shape Mitte Juli nach zehn Jahren zu seinem Ende.<\/p>\n<p class=\"western\" style=\"padding-left: 40px;\">Jedes Jahr nominierte jedes Festival drei Musiker:innen bzw. Musikformationen, auf die dann jeweils zw\u00f6lf Monate lang die Shape Scheinwerfer gerichtet waren. Im Zentrum standen Auftritte bei den diversen Veranstaltungen der Shape Mitglieder. Es wurden aber auch Workshops, Diskursveranstaltungen und Showcases bei befreundeten Festivals initiiert, die sich jenseits der Grenzen der Europ\u00e4ischen Union befinden, wie etwa beim Mutek Festival in Montreal, beim Gamma Festival in St. Petersburg, beim Novas Frequencias Festival in Rio de Janeiro oder beim Nyege Nyege Festival in Jinja. Einmal im Jahr fand weiters eine Shape Academy statt, bei der die jeweiligen Shape Artists nicht zuletzt die M\u00f6glichkeit hatten einander kennenzulernen. Begleitet wurde all das von einer intensiven Berichterstattung, etwa auf der Shape Website, den diversen einschl\u00e4gigen Social Media Plattformen oder Radiosendern wie etwa Resonance FM und nat\u00fcrlich ORF \u00d61. Auf der Shape Website finden sich u.a. hunderte Interviews, die Lucia Udvardyova im Rahmen der Serie \u201eShape Artist of the Week\u201c gef\u00fchrt hat, eine Auswahl davon erschien immer Ende des Shape Jahres in einem kleinen B\u00fcchlein. Auch eine Shape Compilation wurde jedes Jahr ver\u00f6ffentlicht, als Beilage zum Musikmagazin The Wire.<\/p>\n<p class=\"western\" style=\"padding-left: 40px;\">\u00dcber 500 Musikerinnen, Musiker und Musik-Formationen haben w\u00e4hrend der vergangenen zehn Jahre an den Programmen der Shape Plattform teilgenommen. Auch wir vom ORF musikprotokoll hatten \u00fcber Shape nicht nur die M\u00f6glichkeit in \u00d6sterreich lebenden Musikschaffenden zu mehr internationaler Bekanntheit zu verhelfen, durch unsere Shape Kolleg:innen haben wir zahlreiche Neuentdeckungen gemacht, die das Programm unseres Festivals und nat\u00fcrlich auch unserer Sendereihen \u00d61 Zeit-Ton und \u00d61 Supernova ma\u00dfgeblich bereichert haben. In den beiden Ausgaben von Supernova diesen und kommenden Sonntag m\u00f6chten wir Ihnen einige ausgesuchte Programm-Highlights noch einmal ausschnittsweise pr\u00e4sentieren. Gestaltung: Susanna Niedermayr<\/p>\n<p class=\"western\">23:03 bis 00:00 Uhr +++ BR-KLASSIK<br \/>\n<b>Musik der Welt: Basar und aktuelle Projekte des Goethe-Instituts<\/b><\/p>\n<p class=\"western\" style=\"padding-left: 40px;\">Es ist ein buntes Fest der Stimmen: der Internationale Kammerchorwettbewerb Marktoberdorf mit S\u00e4ngerinnen und S\u00e4ngern aus der ganzen Welt. In diesem Jahr stehen u.a. Ch\u00f6re aus Indonesien, Georgien, der T\u00fcrkei und Mexiko auf der B\u00fchne. Alle sind nicht nur im Bereich klassischer Chormusik aktiv, sondern setzen sich dar\u00fcber hinaus f\u00fcr die traditionelle und zeitgen\u00f6ssische Musik ihrer jeweiligen Heimat ein. In ihrem Beitrag wirft Uta Sailer vor allem einen Blick auf die traditionellen Lieder, die aus aller Welt nach Marktoberdorf mitgebracht werden. Eine Sendung von Susanne Schmerda (Basar) und Uta Sailer (Goethe-Projekt Marktoberdorf)<\/p>\n","protected":false},"excerpt":{"rendered":"<p>Jazz im Radio \u2013 Jeden Sonntag gibt es um 12 Uhr unsere \u00dcbersicht f\u00fcr die jeweils nachfolgende Woche. Die #Jazz-Radiowoche vom 30.06. bis zum 06.07.2025. Erheblich ausged\u00fcnnt. Auch als PDF zum Download \u2013 #Jazz #JazzZeitung #Radio #Radiowoche \u2013 Ein Service unserer Online-Redaktion.<\/p>\n","protected":false},"author":1,"featured_media":32705,"comment_status":"open","ping_status":"closed","sticky":false,"template":"","format":"standard","meta":{"_jetpack_memberships_contains_paid_content":false,"footnotes":"","jetpack_publicize_message":"","jetpack_publicize_feature_enabled":true,"jetpack_social_post_already_shared":true,"jetpack_social_options":{"image_generator_settings":{"template":"highway","default_image_id":0,"font":"","enabled":false},"version":2}},"categories":[633,452],"tags":[3773,1629],"coauthors":[650],"class_list":["post-32704","post","type-post","status-publish","format-standard","has-post-thumbnail","hentry","category-nachrichten","category-radio","tag-die-radiowoche","tag-jazz-im-radio"],"yoast_head":"<!-- This site is optimized with the Yoast SEO plugin v27.4 - https:\/\/yoast.com\/product\/yoast-seo-wordpress\/ -->\n<title>Die eingeschmolzene Jazz-Radiowoche vom 30.06.2025 bis 06.07.2025 - JazzZeitung<\/title>\n<meta name=\"robots\" content=\"index, follow, max-snippet:-1, max-image-preview:large, max-video-preview:-1\" \/>\n<link rel=\"canonical\" href=\"https:\/\/www.jazzzeitung.de\/cms\/2025\/06\/die-eingeschmolzene-jazz-radiowoche-vom-30-06-2025-bis-06-07-2025\/\" \/>\n<meta property=\"og:locale\" content=\"de_DE\" \/>\n<meta property=\"og:type\" content=\"article\" \/>\n<meta property=\"og:title\" content=\"Die eingeschmolzene Jazz-Radiowoche vom 30.06.2025 bis 06.07.2025 - JazzZeitung\" \/>\n<meta property=\"og:description\" content=\"Jazz im Radio \u2013 Jeden Sonntag gibt es um 12 Uhr unsere \u00dcbersicht f\u00fcr die jeweils nachfolgende Woche. Die #Jazz-Radiowoche vom 30.06. bis zum 06.07.2025. Erheblich ausged\u00fcnnt. Auch als PDF zum Download \u2013 #Jazz #JazzZeitung #Radio #Radiowoche \u2013 Ein Service unserer Online-Redaktion.\" \/>\n<meta property=\"og:url\" content=\"https:\/\/www.jazzzeitung.de\/cms\/2025\/06\/die-eingeschmolzene-jazz-radiowoche-vom-30-06-2025-bis-06-07-2025\/\" \/>\n<meta property=\"og:site_name\" content=\"JazzZeitung\" \/>\n<meta property=\"article:publisher\" content=\"https:\/\/www.facebook.com\/JazzZeitung\/\" \/>\n<meta property=\"article:author\" content=\"https:\/\/www.facebook.com\/hufner\" \/>\n<meta property=\"article:published_time\" content=\"2025-06-29T10:00:23+00:00\" \/>\n<meta property=\"og:image\" content=\"https:\/\/i0.wp.com\/www.jazzzeitung.de\/cms\/wp-content\/uploads\/2025\/06\/cafe-schubert-c-hufner.jpg?fit=1440%2C1081&ssl=1\" \/>\n\t<meta property=\"og:image:width\" content=\"1440\" \/>\n\t<meta property=\"og:image:height\" content=\"1081\" \/>\n\t<meta property=\"og:image:type\" content=\"image\/jpeg\" \/>\n<meta name=\"author\" content=\"Martin Hufner\" \/>\n<script type=\"application\/ld+json\" class=\"yoast-schema-graph\">{\"@context\":\"https:\\\/\\\/schema.org\",\"@graph\":[{\"@type\":\"Article\",\"@id\":\"https:\\\/\\\/www.jazzzeitung.de\\\/cms\\\/2025\\\/06\\\/die-eingeschmolzene-jazz-radiowoche-vom-30-06-2025-bis-06-07-2025\\\/#article\",\"isPartOf\":{\"@id\":\"https:\\\/\\\/www.jazzzeitung.de\\\/cms\\\/2025\\\/06\\\/die-eingeschmolzene-jazz-radiowoche-vom-30-06-2025-bis-06-07-2025\\\/\"},\"author\":{\"name\":\"Martin Hufner\",\"@id\":\"https:\\\/\\\/www.jazzzeitung.de\\\/cms\\\/#\\\/schema\\\/person\\\/b9a4e5ac765d94fb8f617bfa8f1fc5f7\"},\"headline\":\"Die eingeschmolzene Jazz-Radiowoche vom 30.06.2025 bis 06.07.2025\",\"datePublished\":\"2025-06-29T10:00:23+00:00\",\"mainEntityOfPage\":{\"@id\":\"https:\\\/\\\/www.jazzzeitung.de\\\/cms\\\/2025\\\/06\\\/die-eingeschmolzene-jazz-radiowoche-vom-30-06-2025-bis-06-07-2025\\\/\"},\"wordCount\":2907,\"commentCount\":0,\"publisher\":{\"@id\":\"https:\\\/\\\/www.jazzzeitung.de\\\/cms\\\/#organization\"},\"image\":{\"@id\":\"https:\\\/\\\/www.jazzzeitung.de\\\/cms\\\/2025\\\/06\\\/die-eingeschmolzene-jazz-radiowoche-vom-30-06-2025-bis-06-07-2025\\\/#primaryimage\"},\"thumbnailUrl\":\"https:\\\/\\\/i0.wp.com\\\/www.jazzzeitung.de\\\/cms\\\/wp-content\\\/uploads\\\/2025\\\/06\\\/cafe-schubert-c-hufner.jpg?fit=1440%2C1081&ssl=1\",\"keywords\":[\"Die Radiowoche\",\"Jazz im Radio\"],\"articleSection\":[\"News\",\"Radio\"],\"inLanguage\":\"de\",\"potentialAction\":[{\"@type\":\"CommentAction\",\"name\":\"Comment\",\"target\":[\"https:\\\/\\\/www.jazzzeitung.de\\\/cms\\\/2025\\\/06\\\/die-eingeschmolzene-jazz-radiowoche-vom-30-06-2025-bis-06-07-2025\\\/#respond\"]}]},{\"@type\":\"WebPage\",\"@id\":\"https:\\\/\\\/www.jazzzeitung.de\\\/cms\\\/2025\\\/06\\\/die-eingeschmolzene-jazz-radiowoche-vom-30-06-2025-bis-06-07-2025\\\/\",\"url\":\"https:\\\/\\\/www.jazzzeitung.de\\\/cms\\\/2025\\\/06\\\/die-eingeschmolzene-jazz-radiowoche-vom-30-06-2025-bis-06-07-2025\\\/\",\"name\":\"Die eingeschmolzene Jazz-Radiowoche vom 30.06.2025 bis 06.07.2025 - JazzZeitung\",\"isPartOf\":{\"@id\":\"https:\\\/\\\/www.jazzzeitung.de\\\/cms\\\/#website\"},\"primaryImageOfPage\":{\"@id\":\"https:\\\/\\\/www.jazzzeitung.de\\\/cms\\\/2025\\\/06\\\/die-eingeschmolzene-jazz-radiowoche-vom-30-06-2025-bis-06-07-2025\\\/#primaryimage\"},\"image\":{\"@id\":\"https:\\\/\\\/www.jazzzeitung.de\\\/cms\\\/2025\\\/06\\\/die-eingeschmolzene-jazz-radiowoche-vom-30-06-2025-bis-06-07-2025\\\/#primaryimage\"},\"thumbnailUrl\":\"https:\\\/\\\/i0.wp.com\\\/www.jazzzeitung.de\\\/cms\\\/wp-content\\\/uploads\\\/2025\\\/06\\\/cafe-schubert-c-hufner.jpg?fit=1440%2C1081&ssl=1\",\"datePublished\":\"2025-06-29T10:00:23+00:00\",\"breadcrumb\":{\"@id\":\"https:\\\/\\\/www.jazzzeitung.de\\\/cms\\\/2025\\\/06\\\/die-eingeschmolzene-jazz-radiowoche-vom-30-06-2025-bis-06-07-2025\\\/#breadcrumb\"},\"inLanguage\":\"de\",\"potentialAction\":[{\"@type\":\"ReadAction\",\"target\":[\"https:\\\/\\\/www.jazzzeitung.de\\\/cms\\\/2025\\\/06\\\/die-eingeschmolzene-jazz-radiowoche-vom-30-06-2025-bis-06-07-2025\\\/\"]}]},{\"@type\":\"ImageObject\",\"inLanguage\":\"de\",\"@id\":\"https:\\\/\\\/www.jazzzeitung.de\\\/cms\\\/2025\\\/06\\\/die-eingeschmolzene-jazz-radiowoche-vom-30-06-2025-bis-06-07-2025\\\/#primaryimage\",\"url\":\"https:\\\/\\\/i0.wp.com\\\/www.jazzzeitung.de\\\/cms\\\/wp-content\\\/uploads\\\/2025\\\/06\\\/cafe-schubert-c-hufner.jpg?fit=1440%2C1081&ssl=1\",\"contentUrl\":\"https:\\\/\\\/i0.wp.com\\\/www.jazzzeitung.de\\\/cms\\\/wp-content\\\/uploads\\\/2025\\\/06\\\/cafe-schubert-c-hufner.jpg?fit=1440%2C1081&ssl=1\",\"width\":1440,\"height\":1081,\"caption\":\"Caf\u00e9 Schubert Potsdam. Foto: Hufner\"},{\"@type\":\"BreadcrumbList\",\"@id\":\"https:\\\/\\\/www.jazzzeitung.de\\\/cms\\\/2025\\\/06\\\/die-eingeschmolzene-jazz-radiowoche-vom-30-06-2025-bis-06-07-2025\\\/#breadcrumb\",\"itemListElement\":[{\"@type\":\"ListItem\",\"position\":1,\"name\":\"Startseite\",\"item\":\"https:\\\/\\\/www.jazzzeitung.de\\\/cms\\\/\"},{\"@type\":\"ListItem\",\"position\":2,\"name\":\"Die eingeschmolzene Jazz-Radiowoche vom 30.06.2025 bis 06.07.2025\"}]},{\"@type\":\"WebSite\",\"@id\":\"https:\\\/\\\/www.jazzzeitung.de\\\/cms\\\/#website\",\"url\":\"https:\\\/\\\/www.jazzzeitung.de\\\/cms\\\/\",\"name\":\"JazzZeitung\",\"description\":\"Jazz-News und Jazz-Kontroverses\",\"publisher\":{\"@id\":\"https:\\\/\\\/www.jazzzeitung.de\\\/cms\\\/#organization\"},\"potentialAction\":[{\"@type\":\"SearchAction\",\"target\":{\"@type\":\"EntryPoint\",\"urlTemplate\":\"https:\\\/\\\/www.jazzzeitung.de\\\/cms\\\/?s={search_term_string}\"},\"query-input\":{\"@type\":\"PropertyValueSpecification\",\"valueRequired\":true,\"valueName\":\"search_term_string\"}}],\"inLanguage\":\"de\"},{\"@type\":\"Organization\",\"@id\":\"https:\\\/\\\/www.jazzzeitung.de\\\/cms\\\/#organization\",\"name\":\"JazzZeitung online\",\"url\":\"https:\\\/\\\/www.jazzzeitung.de\\\/cms\\\/\",\"logo\":{\"@type\":\"ImageObject\",\"inLanguage\":\"de\",\"@id\":\"https:\\\/\\\/www.jazzzeitung.de\\\/cms\\\/#\\\/schema\\\/logo\\\/image\\\/\",\"url\":\"https:\\\/\\\/i0.wp.com\\\/www.jazzzeitung.de\\\/cms\\\/wp-content\\\/uploads\\\/2015\\\/08\\\/JAZZZEITUNGDE_Logo_Neu.png?fit=499%2C200&ssl=1\",\"contentUrl\":\"https:\\\/\\\/i0.wp.com\\\/www.jazzzeitung.de\\\/cms\\\/wp-content\\\/uploads\\\/2015\\\/08\\\/JAZZZEITUNGDE_Logo_Neu.png?fit=499%2C200&ssl=1\",\"width\":499,\"height\":200,\"caption\":\"JazzZeitung online\"},\"image\":{\"@id\":\"https:\\\/\\\/www.jazzzeitung.de\\\/cms\\\/#\\\/schema\\\/logo\\\/image\\\/\"},\"sameAs\":[\"https:\\\/\\\/www.facebook.com\\\/JazzZeitung\\\/\"]},{\"@type\":\"Person\",\"@id\":\"https:\\\/\\\/www.jazzzeitung.de\\\/cms\\\/#\\\/schema\\\/person\\\/b9a4e5ac765d94fb8f617bfa8f1fc5f7\",\"name\":\"Martin Hufner\",\"image\":{\"@type\":\"ImageObject\",\"inLanguage\":\"de\",\"@id\":\"https:\\\/\\\/i0.wp.com\\\/www.jazzzeitung.de\\\/cms\\\/wp-content\\\/uploads\\\/2013\\\/07\\\/huf-06.jpg?resize=96%2C96&ssl=15fcc31aa94540751a3b804516452be00\",\"url\":\"https:\\\/\\\/i0.wp.com\\\/www.jazzzeitung.de\\\/cms\\\/wp-content\\\/uploads\\\/2013\\\/07\\\/huf-06.jpg?resize=96%2C96&ssl=1\",\"contentUrl\":\"https:\\\/\\\/i0.wp.com\\\/www.jazzzeitung.de\\\/cms\\\/wp-content\\\/uploads\\\/2013\\\/07\\\/huf-06.jpg?resize=96%2C96&ssl=1\",\"caption\":\"Martin Hufner\"},\"description\":\"Martin Hufner ist freier Autor der JazzZeitung.\",\"sameAs\":[\"https:\\\/\\\/www.kritische-masse.de\\\/logbuch\",\"https:\\\/\\\/www.facebook.com\\\/hufner\"],\"url\":\"https:\\\/\\\/www.jazzzeitung.de\\\/cms\\\/author\\\/admin\\\/\"}]}<\/script>\n<!-- \/ Yoast SEO plugin. -->","yoast_head_json":{"title":"Die eingeschmolzene Jazz-Radiowoche vom 30.06.2025 bis 06.07.2025 - JazzZeitung","robots":{"index":"index","follow":"follow","max-snippet":"max-snippet:-1","max-image-preview":"max-image-preview:large","max-video-preview":"max-video-preview:-1"},"canonical":"https:\/\/www.jazzzeitung.de\/cms\/2025\/06\/die-eingeschmolzene-jazz-radiowoche-vom-30-06-2025-bis-06-07-2025\/","og_locale":"de_DE","og_type":"article","og_title":"Die eingeschmolzene Jazz-Radiowoche vom 30.06.2025 bis 06.07.2025 - JazzZeitung","og_description":"Jazz im Radio \u2013 Jeden Sonntag gibt es um 12 Uhr unsere \u00dcbersicht f\u00fcr die jeweils nachfolgende Woche. Die #Jazz-Radiowoche vom 30.06. bis zum 06.07.2025. Erheblich ausged\u00fcnnt. Auch als PDF zum Download \u2013 #Jazz #JazzZeitung #Radio #Radiowoche \u2013 Ein Service unserer Online-Redaktion.","og_url":"https:\/\/www.jazzzeitung.de\/cms\/2025\/06\/die-eingeschmolzene-jazz-radiowoche-vom-30-06-2025-bis-06-07-2025\/","og_site_name":"JazzZeitung","article_publisher":"https:\/\/www.facebook.com\/JazzZeitung\/","article_author":"https:\/\/www.facebook.com\/hufner","article_published_time":"2025-06-29T10:00:23+00:00","og_image":[{"width":1440,"height":1081,"url":"https:\/\/i0.wp.com\/www.jazzzeitung.de\/cms\/wp-content\/uploads\/2025\/06\/cafe-schubert-c-hufner.jpg?fit=1440%2C1081&ssl=1","type":"image\/jpeg"}],"author":"Martin Hufner","schema":{"@context":"https:\/\/schema.org","@graph":[{"@type":"Article","@id":"https:\/\/www.jazzzeitung.de\/cms\/2025\/06\/die-eingeschmolzene-jazz-radiowoche-vom-30-06-2025-bis-06-07-2025\/#article","isPartOf":{"@id":"https:\/\/www.jazzzeitung.de\/cms\/2025\/06\/die-eingeschmolzene-jazz-radiowoche-vom-30-06-2025-bis-06-07-2025\/"},"author":{"name":"Martin Hufner","@id":"https:\/\/www.jazzzeitung.de\/cms\/#\/schema\/person\/b9a4e5ac765d94fb8f617bfa8f1fc5f7"},"headline":"Die eingeschmolzene Jazz-Radiowoche vom 30.06.2025 bis 06.07.2025","datePublished":"2025-06-29T10:00:23+00:00","mainEntityOfPage":{"@id":"https:\/\/www.jazzzeitung.de\/cms\/2025\/06\/die-eingeschmolzene-jazz-radiowoche-vom-30-06-2025-bis-06-07-2025\/"},"wordCount":2907,"commentCount":0,"publisher":{"@id":"https:\/\/www.jazzzeitung.de\/cms\/#organization"},"image":{"@id":"https:\/\/www.jazzzeitung.de\/cms\/2025\/06\/die-eingeschmolzene-jazz-radiowoche-vom-30-06-2025-bis-06-07-2025\/#primaryimage"},"thumbnailUrl":"https:\/\/i0.wp.com\/www.jazzzeitung.de\/cms\/wp-content\/uploads\/2025\/06\/cafe-schubert-c-hufner.jpg?fit=1440%2C1081&ssl=1","keywords":["Die Radiowoche","Jazz im Radio"],"articleSection":["News","Radio"],"inLanguage":"de","potentialAction":[{"@type":"CommentAction","name":"Comment","target":["https:\/\/www.jazzzeitung.de\/cms\/2025\/06\/die-eingeschmolzene-jazz-radiowoche-vom-30-06-2025-bis-06-07-2025\/#respond"]}]},{"@type":"WebPage","@id":"https:\/\/www.jazzzeitung.de\/cms\/2025\/06\/die-eingeschmolzene-jazz-radiowoche-vom-30-06-2025-bis-06-07-2025\/","url":"https:\/\/www.jazzzeitung.de\/cms\/2025\/06\/die-eingeschmolzene-jazz-radiowoche-vom-30-06-2025-bis-06-07-2025\/","name":"Die eingeschmolzene Jazz-Radiowoche vom 30.06.2025 bis 06.07.2025 - JazzZeitung","isPartOf":{"@id":"https:\/\/www.jazzzeitung.de\/cms\/#website"},"primaryImageOfPage":{"@id":"https:\/\/www.jazzzeitung.de\/cms\/2025\/06\/die-eingeschmolzene-jazz-radiowoche-vom-30-06-2025-bis-06-07-2025\/#primaryimage"},"image":{"@id":"https:\/\/www.jazzzeitung.de\/cms\/2025\/06\/die-eingeschmolzene-jazz-radiowoche-vom-30-06-2025-bis-06-07-2025\/#primaryimage"},"thumbnailUrl":"https:\/\/i0.wp.com\/www.jazzzeitung.de\/cms\/wp-content\/uploads\/2025\/06\/cafe-schubert-c-hufner.jpg?fit=1440%2C1081&ssl=1","datePublished":"2025-06-29T10:00:23+00:00","breadcrumb":{"@id":"https:\/\/www.jazzzeitung.de\/cms\/2025\/06\/die-eingeschmolzene-jazz-radiowoche-vom-30-06-2025-bis-06-07-2025\/#breadcrumb"},"inLanguage":"de","potentialAction":[{"@type":"ReadAction","target":["https:\/\/www.jazzzeitung.de\/cms\/2025\/06\/die-eingeschmolzene-jazz-radiowoche-vom-30-06-2025-bis-06-07-2025\/"]}]},{"@type":"ImageObject","inLanguage":"de","@id":"https:\/\/www.jazzzeitung.de\/cms\/2025\/06\/die-eingeschmolzene-jazz-radiowoche-vom-30-06-2025-bis-06-07-2025\/#primaryimage","url":"https:\/\/i0.wp.com\/www.jazzzeitung.de\/cms\/wp-content\/uploads\/2025\/06\/cafe-schubert-c-hufner.jpg?fit=1440%2C1081&ssl=1","contentUrl":"https:\/\/i0.wp.com\/www.jazzzeitung.de\/cms\/wp-content\/uploads\/2025\/06\/cafe-schubert-c-hufner.jpg?fit=1440%2C1081&ssl=1","width":1440,"height":1081,"caption":"Caf\u00e9 Schubert Potsdam. Foto: Hufner"},{"@type":"BreadcrumbList","@id":"https:\/\/www.jazzzeitung.de\/cms\/2025\/06\/die-eingeschmolzene-jazz-radiowoche-vom-30-06-2025-bis-06-07-2025\/#breadcrumb","itemListElement":[{"@type":"ListItem","position":1,"name":"Startseite","item":"https:\/\/www.jazzzeitung.de\/cms\/"},{"@type":"ListItem","position":2,"name":"Die eingeschmolzene Jazz-Radiowoche vom 30.06.2025 bis 06.07.2025"}]},{"@type":"WebSite","@id":"https:\/\/www.jazzzeitung.de\/cms\/#website","url":"https:\/\/www.jazzzeitung.de\/cms\/","name":"JazzZeitung","description":"Jazz-News und Jazz-Kontroverses","publisher":{"@id":"https:\/\/www.jazzzeitung.de\/cms\/#organization"},"potentialAction":[{"@type":"SearchAction","target":{"@type":"EntryPoint","urlTemplate":"https:\/\/www.jazzzeitung.de\/cms\/?s={search_term_string}"},"query-input":{"@type":"PropertyValueSpecification","valueRequired":true,"valueName":"search_term_string"}}],"inLanguage":"de"},{"@type":"Organization","@id":"https:\/\/www.jazzzeitung.de\/cms\/#organization","name":"JazzZeitung online","url":"https:\/\/www.jazzzeitung.de\/cms\/","logo":{"@type":"ImageObject","inLanguage":"de","@id":"https:\/\/www.jazzzeitung.de\/cms\/#\/schema\/logo\/image\/","url":"https:\/\/i0.wp.com\/www.jazzzeitung.de\/cms\/wp-content\/uploads\/2015\/08\/JAZZZEITUNGDE_Logo_Neu.png?fit=499%2C200&ssl=1","contentUrl":"https:\/\/i0.wp.com\/www.jazzzeitung.de\/cms\/wp-content\/uploads\/2015\/08\/JAZZZEITUNGDE_Logo_Neu.png?fit=499%2C200&ssl=1","width":499,"height":200,"caption":"JazzZeitung online"},"image":{"@id":"https:\/\/www.jazzzeitung.de\/cms\/#\/schema\/logo\/image\/"},"sameAs":["https:\/\/www.facebook.com\/JazzZeitung\/"]},{"@type":"Person","@id":"https:\/\/www.jazzzeitung.de\/cms\/#\/schema\/person\/b9a4e5ac765d94fb8f617bfa8f1fc5f7","name":"Martin Hufner","image":{"@type":"ImageObject","inLanguage":"de","@id":"https:\/\/i0.wp.com\/www.jazzzeitung.de\/cms\/wp-content\/uploads\/2013\/07\/huf-06.jpg?resize=96%2C96&ssl=15fcc31aa94540751a3b804516452be00","url":"https:\/\/i0.wp.com\/www.jazzzeitung.de\/cms\/wp-content\/uploads\/2013\/07\/huf-06.jpg?resize=96%2C96&ssl=1","contentUrl":"https:\/\/i0.wp.com\/www.jazzzeitung.de\/cms\/wp-content\/uploads\/2013\/07\/huf-06.jpg?resize=96%2C96&ssl=1","caption":"Martin Hufner"},"description":"Martin Hufner ist freier Autor der JazzZeitung.","sameAs":["https:\/\/www.kritische-masse.de\/logbuch","https:\/\/www.facebook.com\/hufner"],"url":"https:\/\/www.jazzzeitung.de\/cms\/author\/admin\/"}]}},"wp-worthy-pixel":{"ignored":true,"public":null,"server":null,"url":null},"wp-worthy-type":"normal","jetpack_publicize_connections":[],"cc_featured_image_caption":{"caption_text":"Caf\u00e9 Schubert Potsdam.","source_text":"Foto: Martin Hufner","source_url":"https:\/\/www.kritische-masse.de"},"jetpack_featured_media_url":"https:\/\/i0.wp.com\/www.jazzzeitung.de\/cms\/wp-content\/uploads\/2025\/06\/cafe-schubert-c-hufner.jpg?fit=1440%2C1081&ssl=1","jetpack_shortlink":"https:\/\/wp.me\/p3KEcT-8vu","jetpack-related-posts":[{"id":33138,"url":"https:\/\/www.jazzzeitung.de\/cms\/2025\/09\/die-atomgrosse-jazz-radiowoche-vom-29-09-2025-bis-05-10-2025\/","url_meta":{"origin":32704,"position":0},"title":"Die atomgro\u00dfe Jazz-Radiowoche vom 29.09.2025 bis 05.10.2025","author":"Martin Hufner","date":"28. September 2025","format":false,"excerpt":"Jazz im Radio \u2013 Jeden Sonntag gibt es um 12 Uhr unsere \u00dcbersicht f\u00fcr die jeweils nachfolgende Woche. Die #Jazz-Radiowoche vom 29.09. bis zum 05.10.2025. Erheblich d\u00fcnn! Auch als PDF zum Download \u2013 #Jazz #JazzZeitung #Radio #Radiowoche \u2013 Ein Service unserer Online-Redaktion.","rel":"","context":"In &quot;News&quot;","block_context":{"text":"News","link":"https:\/\/www.jazzzeitung.de\/cms\/thema\/nachrichten\/"},"img":{"alt_text":"Botanische Supernova mit schwarzem Loch in der Na\u0308he von Terra Nova. Foto: Hufner","src":"https:\/\/i0.wp.com\/www.jazzzeitung.de\/cms\/wp-content\/uploads\/2025\/09\/Botanische-Supernova-mit-schwarzem-Loch-in-der-Naehe-von-Terra-Nova.jpg?fit=1200%2C900&ssl=1&resize=350%2C200","width":350,"height":200,"srcset":"https:\/\/i0.wp.com\/www.jazzzeitung.de\/cms\/wp-content\/uploads\/2025\/09\/Botanische-Supernova-mit-schwarzem-Loch-in-der-Naehe-von-Terra-Nova.jpg?fit=1200%2C900&ssl=1&resize=350%2C200 1x, https:\/\/i0.wp.com\/www.jazzzeitung.de\/cms\/wp-content\/uploads\/2025\/09\/Botanische-Supernova-mit-schwarzem-Loch-in-der-Naehe-von-Terra-Nova.jpg?fit=1200%2C900&ssl=1&resize=525%2C300 1.5x, https:\/\/i0.wp.com\/www.jazzzeitung.de\/cms\/wp-content\/uploads\/2025\/09\/Botanische-Supernova-mit-schwarzem-Loch-in-der-Naehe-von-Terra-Nova.jpg?fit=1200%2C900&ssl=1&resize=700%2C400 2x, https:\/\/i0.wp.com\/www.jazzzeitung.de\/cms\/wp-content\/uploads\/2025\/09\/Botanische-Supernova-mit-schwarzem-Loch-in-der-Naehe-von-Terra-Nova.jpg?fit=1200%2C900&ssl=1&resize=1050%2C600 3x"},"classes":[]},{"id":31928,"url":"https:\/\/www.jazzzeitung.de\/cms\/2024\/11\/die-geschmolzene-jazz-radiowoche-vom-25-11-2024-bis-01-12-2024\/","url_meta":{"origin":32704,"position":1},"title":"Die geschmolzene Jazz-Radiowoche vom 25.11.2024 bis 01.12.2024","author":"Martin Hufner","date":"24. November 2024","format":false,"excerpt":"Jazz im Radio \u2013 Jeden Sonntag gibt es um 12 Uhr unsere \u00dcbersicht f\u00fcr die jeweils nachfolgende Woche. Die #Jazz-Radiowoche vom 25. November bis zum 1. Dezember 2024. Erheblich ausged\u00fcnnt. Die ARD schafft ihr Radio gewisserma\u00dfen ab. Auch als PDF zum Download \u2013 #Jazz #JazzZeitung #Radio #Radiowoche \u2013 Ein Service\u2026","rel":"","context":"In &quot;News&quot;","block_context":{"text":"News","link":"https:\/\/www.jazzzeitung.de\/cms\/thema\/nachrichten\/"},"img":{"alt_text":"zugfahrt 2023 1. MH","src":"https:\/\/i0.wp.com\/www.jazzzeitung.de\/cms\/wp-content\/uploads\/2024\/11\/zugfahrt2023-1.-MH.jpg?fit=1200%2C900&ssl=1&resize=350%2C200","width":350,"height":200,"srcset":"https:\/\/i0.wp.com\/www.jazzzeitung.de\/cms\/wp-content\/uploads\/2024\/11\/zugfahrt2023-1.-MH.jpg?fit=1200%2C900&ssl=1&resize=350%2C200 1x, https:\/\/i0.wp.com\/www.jazzzeitung.de\/cms\/wp-content\/uploads\/2024\/11\/zugfahrt2023-1.-MH.jpg?fit=1200%2C900&ssl=1&resize=525%2C300 1.5x, https:\/\/i0.wp.com\/www.jazzzeitung.de\/cms\/wp-content\/uploads\/2024\/11\/zugfahrt2023-1.-MH.jpg?fit=1200%2C900&ssl=1&resize=700%2C400 2x, https:\/\/i0.wp.com\/www.jazzzeitung.de\/cms\/wp-content\/uploads\/2024\/11\/zugfahrt2023-1.-MH.jpg?fit=1200%2C900&ssl=1&resize=1050%2C600 3x"},"classes":[]},{"id":33149,"url":"https:\/\/www.jazzzeitung.de\/cms\/2025\/10\/die-protonenfette-jazz-radiowoche-vom-06-10-2025-bis-12-10-2025-2\/","url_meta":{"origin":32704,"position":2},"title":"Die atomgro\u00dfe Jazz-Radiowoche vom 06.10.2025 bis 12.10.2025","author":"Martin Hufner","date":"5. Oktober 2025","format":false,"excerpt":"Jazz im Radio \u2013 Jeden Sonntag gibt es um 12 Uhr unsere \u00dcbersicht f\u00fcr die jeweils nachfolgende Woche. Die #Jazz-Radiowoche vom 06.10. bis zum 12.10.2025. Erheblich d\u00fcnn! Auch als PDF zum Download \u2013 #Jazz #JazzZeitung #Radio #Radiowoche \u2013 Ein Service unserer Online-Redaktion.","rel":"","context":"In &quot;News&quot;","block_context":{"text":"News","link":"https:\/\/www.jazzzeitung.de\/cms\/thema\/nachrichten\/"},"img":{"alt_text":"Im G\u00e4stezimmer des Lebens. Foto: Hufner","src":"https:\/\/i0.wp.com\/www.jazzzeitung.de\/cms\/wp-content\/uploads\/2025\/10\/gaestezimmer.jpg?fit=960%2C1200&ssl=1&resize=350%2C200","width":350,"height":200,"srcset":"https:\/\/i0.wp.com\/www.jazzzeitung.de\/cms\/wp-content\/uploads\/2025\/10\/gaestezimmer.jpg?fit=960%2C1200&ssl=1&resize=350%2C200 1x, https:\/\/i0.wp.com\/www.jazzzeitung.de\/cms\/wp-content\/uploads\/2025\/10\/gaestezimmer.jpg?fit=960%2C1200&ssl=1&resize=525%2C300 1.5x, https:\/\/i0.wp.com\/www.jazzzeitung.de\/cms\/wp-content\/uploads\/2025\/10\/gaestezimmer.jpg?fit=960%2C1200&ssl=1&resize=700%2C400 2x"},"classes":[]},{"id":33293,"url":"https:\/\/www.jazzzeitung.de\/cms\/2025\/11\/die-quarksminimale-jazz-radiowoche-vom-03-11-2025-bis-09-11-2025\/","url_meta":{"origin":32704,"position":3},"title":"Die quarksminimale Jazz-Radiowoche vom 03.11.2025 bis 09.11.2025","author":"Martin Hufner","date":"2. November 2025","format":false,"excerpt":"Jazz im Radio \u2013 Jeden Sonntag gibt es um 12 Uhr unsere \u00dcbersicht f\u00fcr die jeweils nachfolgende Woche. Die #Jazz-Radiowoche vom 03.11. bis zum 09.11.2025. Erheblich d\u00fcnn! Auch als PDF zum Download \u2013 #Jazz #JazzZeitung #Radio #Radiowoche \u2013 Ein Service unserer Online-Redaktion.","rel":"","context":"In &quot;News&quot;","block_context":{"text":"News","link":"https:\/\/www.jazzzeitung.de\/cms\/thema\/nachrichten\/"},"img":{"alt_text":"Holzstapel. Foto: Hufner","src":"https:\/\/i0.wp.com\/www.jazzzeitung.de\/cms\/wp-content\/uploads\/2025\/10\/Wie-viel.jpg?fit=1200%2C900&ssl=1&resize=350%2C200","width":350,"height":200,"srcset":"https:\/\/i0.wp.com\/www.jazzzeitung.de\/cms\/wp-content\/uploads\/2025\/10\/Wie-viel.jpg?fit=1200%2C900&ssl=1&resize=350%2C200 1x, https:\/\/i0.wp.com\/www.jazzzeitung.de\/cms\/wp-content\/uploads\/2025\/10\/Wie-viel.jpg?fit=1200%2C900&ssl=1&resize=525%2C300 1.5x, https:\/\/i0.wp.com\/www.jazzzeitung.de\/cms\/wp-content\/uploads\/2025\/10\/Wie-viel.jpg?fit=1200%2C900&ssl=1&resize=700%2C400 2x, https:\/\/i0.wp.com\/www.jazzzeitung.de\/cms\/wp-content\/uploads\/2025\/10\/Wie-viel.jpg?fit=1200%2C900&ssl=1&resize=1050%2C600 3x"},"classes":[]},{"id":32452,"url":"https:\/\/www.jazzzeitung.de\/cms\/2025\/04\/die-eingeschmolzene-jazz-radiowoche-vom-21-04-2025-bis-27-04-2025\/","url_meta":{"origin":32704,"position":4},"title":"Die eingeschmolzene Jazz-Radiowoche vom 21.04.2025 bis 27.04.2025","author":"Martin Hufner","date":"20. April 2025","format":false,"excerpt":"Jazz im Radio \u2013 Jeden Sonntag gibt es um 12 Uhr unsere \u00dcbersicht f\u00fcr die jeweils nachfolgende Woche. Die #Jazz-Radiowoche vom 21. bis 27. April 2025. Erheblich ausged\u00fcnnt. Auch als PDF zum Download \u2013 #Jazz #JazzZeitung #Radio #Radiowoche \u2013 Ein Service unserer Online-Redaktion.","rel":"","context":"In &quot;News&quot;","block_context":{"text":"News","link":"https:\/\/www.jazzzeitung.de\/cms\/thema\/nachrichten\/"},"img":{"alt_text":"Kn\u00f6pfe. Foto: Hufner","src":"https:\/\/i0.wp.com\/www.jazzzeitung.de\/cms\/wp-content\/uploads\/2025\/04\/knoepfe.jpg?fit=1200%2C900&ssl=1&resize=350%2C200","width":350,"height":200,"srcset":"https:\/\/i0.wp.com\/www.jazzzeitung.de\/cms\/wp-content\/uploads\/2025\/04\/knoepfe.jpg?fit=1200%2C900&ssl=1&resize=350%2C200 1x, https:\/\/i0.wp.com\/www.jazzzeitung.de\/cms\/wp-content\/uploads\/2025\/04\/knoepfe.jpg?fit=1200%2C900&ssl=1&resize=525%2C300 1.5x, https:\/\/i0.wp.com\/www.jazzzeitung.de\/cms\/wp-content\/uploads\/2025\/04\/knoepfe.jpg?fit=1200%2C900&ssl=1&resize=700%2C400 2x, https:\/\/i0.wp.com\/www.jazzzeitung.de\/cms\/wp-content\/uploads\/2025\/04\/knoepfe.jpg?fit=1200%2C900&ssl=1&resize=1050%2C600 3x"},"classes":[]},{"id":32215,"url":"https:\/\/www.jazzzeitung.de\/cms\/2025\/02\/die-eingeschmolzene-jazz-radiowoche-vom-17-02-2025-bis-23-02-2025\/","url_meta":{"origin":32704,"position":5},"title":"Die eingeschmolzene Jazz-Radiowoche vom 17.02.2025 bis 23.02.2025","author":"Martin Hufner","date":"16. Februar 2025","format":false,"excerpt":"Jazz im Radio \u2013 Jeden Sonntag gibt es um 12 Uhr unsere \u00dcbersicht f\u00fcr die jeweils nachfolgende Woche. Die #Jazz-Radiowoche vom 10. bis 16. Februar 2025. Erheblich ausged\u00fcnnt. Die ARD schafft ihr Radio gewisserma\u00dfen ab. Auch als PDF zum Download \u2013 #Jazz #JazzZeitung #Radio #Radiowoche \u2013 Ein Service unserer Online-Redaktion.","rel":"","context":"In &quot;News&quot;","block_context":{"text":"News","link":"https:\/\/www.jazzzeitung.de\/cms\/thema\/nachrichten\/"},"img":{"alt_text":"Kunst vorm Bau. Foto: Hufner","src":"https:\/\/i0.wp.com\/www.jazzzeitung.de\/cms\/wp-content\/uploads\/2025\/02\/kunstvormbau.jpg?fit=1080%2C939&ssl=1&resize=350%2C200","width":350,"height":200,"srcset":"https:\/\/i0.wp.com\/www.jazzzeitung.de\/cms\/wp-content\/uploads\/2025\/02\/kunstvormbau.jpg?fit=1080%2C939&ssl=1&resize=350%2C200 1x, https:\/\/i0.wp.com\/www.jazzzeitung.de\/cms\/wp-content\/uploads\/2025\/02\/kunstvormbau.jpg?fit=1080%2C939&ssl=1&resize=525%2C300 1.5x, https:\/\/i0.wp.com\/www.jazzzeitung.de\/cms\/wp-content\/uploads\/2025\/02\/kunstvormbau.jpg?fit=1080%2C939&ssl=1&resize=700%2C400 2x, https:\/\/i0.wp.com\/www.jazzzeitung.de\/cms\/wp-content\/uploads\/2025\/02\/kunstvormbau.jpg?fit=1080%2C939&ssl=1&resize=1050%2C600 3x"},"classes":[]}],"jetpack_sharing_enabled":false,"_links":{"self":[{"href":"https:\/\/www.jazzzeitung.de\/cms\/wp-json\/wp\/v2\/posts\/32704","targetHints":{"allow":["GET"]}}],"collection":[{"href":"https:\/\/www.jazzzeitung.de\/cms\/wp-json\/wp\/v2\/posts"}],"about":[{"href":"https:\/\/www.jazzzeitung.de\/cms\/wp-json\/wp\/v2\/types\/post"}],"author":[{"embeddable":true,"href":"https:\/\/www.jazzzeitung.de\/cms\/wp-json\/wp\/v2\/users\/1"}],"replies":[{"embeddable":true,"href":"https:\/\/www.jazzzeitung.de\/cms\/wp-json\/wp\/v2\/comments?post=32704"}],"version-history":[{"count":1,"href":"https:\/\/www.jazzzeitung.de\/cms\/wp-json\/wp\/v2\/posts\/32704\/revisions"}],"predecessor-version":[{"id":32706,"href":"https:\/\/www.jazzzeitung.de\/cms\/wp-json\/wp\/v2\/posts\/32704\/revisions\/32706"}],"wp:featuredmedia":[{"embeddable":true,"href":"https:\/\/www.jazzzeitung.de\/cms\/wp-json\/wp\/v2\/media\/32705"}],"wp:attachment":[{"href":"https:\/\/www.jazzzeitung.de\/cms\/wp-json\/wp\/v2\/media?parent=32704"}],"wp:term":[{"taxonomy":"category","embeddable":true,"href":"https:\/\/www.jazzzeitung.de\/cms\/wp-json\/wp\/v2\/categories?post=32704"},{"taxonomy":"post_tag","embeddable":true,"href":"https:\/\/www.jazzzeitung.de\/cms\/wp-json\/wp\/v2\/tags?post=32704"},{"taxonomy":"author","embeddable":true,"href":"https:\/\/www.jazzzeitung.de\/cms\/wp-json\/wp\/v2\/coauthors?post=32704"}],"curies":[{"name":"wp","href":"https:\/\/api.w.org\/{rel}","templated":true}]}}