{"id":32701,"date":"2025-06-22T12:00:53","date_gmt":"2025-06-22T10:00:53","guid":{"rendered":"https:\/\/www.jazzzeitung.de\/cms\/?p=32701"},"modified":"2025-06-19T10:36:22","modified_gmt":"2025-06-19T08:36:22","slug":"die-eingeschmolzene-jazz-radiowoche-vom-23-06-2025-bis-29-06-2025","status":"publish","type":"post","link":"https:\/\/www.jazzzeitung.de\/cms\/2025\/06\/die-eingeschmolzene-jazz-radiowoche-vom-23-06-2025-bis-29-06-2025\/","title":{"rendered":"Die eingeschmolzene Jazz-Radiowoche vom 23.06.2025 bis 29.06.2025"},"content":{"rendered":"<p class=\"western\">Die \u00dcbersicht zum <span style=\"color: #0563c1;\"><u><a href=\"https:\/\/service.conbrio.de\/service\/download\/278\/\" name=\"Download des PDF\">Download als PDF<\/a><\/u><\/span><span style=\"text-decoration: line-through;\">.<\/span> Alle Angaben ohne Gew\u00e4hr. Erg\u00e4nzt mit den tollen Sendungen zur Neuen Musik von BR-KLASSIK und \u00d61.<\/p>\n<p class=\"western\">Leider hat die ARD ihre Suchmaschine in Fragen Radio in der Zwischenzeit komplett geschreddert, nachdem sie in den vergangenen Jahren schon nicht mehr \u00fcber Schlagworte funktioniert hat. Damit sind wir nun komplett auf Zulieferungen der Sendeanstalten angewiesen. Aktuell bekommen wir Informationen von SWR Kultur, \u00d61 und in Sachen Neue Musik von BR-KLASSIK und ebenfalls \u00d61.<\/p>\n<h2 class=\"western\"><a name=\"__RefHeading___Toc532_2049876245\"><\/a><\/h2>\n<hr \/>\n<h2 class=\"western\"><a name=\"__RefHeading___Toc532_2049876245\"><\/a><a name=\"_Toc175140589\"><\/a><a name=\"_Toc174527976\"><\/a><a name=\"_Toc190257440\"><\/a><a name=\"_Toc189815284\"><\/a><a name=\"_Toc189813526\"><\/a><a name=\"_Toc188957623\"><\/a><a name=\"_Toc188530705\"><\/a><a name=\"_Toc187143015\"><\/a><a name=\"_Toc186792938\"><\/a><a name=\"_Toc185409041\"><\/a><a name=\"_Toc184290543\"><\/a><a name=\"_Toc183595478\"><\/a><a name=\"_Toc176424572\"><\/a> Senderliste:<\/h2>\n<hr \/>\n<ul>\n<li><span style=\"color: #0563c1;\"><u><a href=\"https:\/\/oe1.orf.at\/\" name=\"Link zum ORF\">ORF \u2013 \u00d61<\/a><\/u><\/span><\/li>\n<li><span style=\"color: #0563c1;\"><u><a href=\"https:\/\/www.deutschlandradio.de\/\" name=\"Link zum Deutschlandfunk\">Deutschlandfunk<\/a><\/u><\/span> \u2013 \u201eFakten und mehr\u201c<\/li>\n<li><span style=\"color: #0563c1;\"><u><a href=\"https:\/\/www.deutschlandfunkkultur.de\/\" name=\"Link zu Deutschlandfunk Kultur\">Deutschlandfunk-Kultur<\/a><\/u><\/span> \u2013 \u201eDas Feuilleton im Radio\u201c<\/li>\n<li><span style=\"color: #0563c1;\"><u><a href=\"https:\/\/www.ndr.de\/ndrkultur\/\" name=\"Link zu ndr kultur\">ndr Kultur<\/a><\/u><\/span> \u2013 H\u00f6ren und genie\u00dfen<\/li>\n<li><span style=\"color: #0563c1;\"><u><a href=\"https:\/\/www.ndr.de\/ndrblue\/index.html\" name=\"Link zu ndr blue\"><span lang=\"en-US\">ndr blue<\/span><\/a><\/u><\/span><span lang=\"en-US\"> \u2013 Meet The Music<\/span><\/li>\n<li><span style=\"color: #0563c1;\"><u><a href=\"https:\/\/www.bremenzwei.de\/\" name=\"Link zu Radio Bremen\">radio bremen<\/a><\/u><\/span> \u2013 Neugier lohnt sich.<\/li>\n<li><span style=\"color: #0563c1;\"><u><a href=\"https:\/\/www.radiodrei.de\/\" name=\"Link zu Radio 3 von Berlin\">Radio 3<\/a><\/u><\/span> \u2013<\/li>\n<li><span style=\"color: #0563c1;\"><u><a href=\"https:\/\/www.mdr.de\/kultur\/radio\/index.html\" name=\"Link zu medr-kultur\">mdr-kultur<\/a><\/u><\/span> \u2013 Das Radio.<\/li>\n<li><a href=\"https:\/\/www1.wdr.de\/radio\/wdr3\/\" name=\"Link zu WDR3\"><span style=\"color: #0563c1;\"><u>W<\/u><\/span><span style=\"color: #0563c1;\"><u>DR<\/u><\/span><span style=\"color: #0563c1;\"><u>3<\/u><\/span><\/a> \u2013 Das Kulturradio<\/li>\n<li><span style=\"color: #0563c1;\"><u><a href=\"https:\/\/www.hr2.de\/index.html\" name=\"Link zu hr2-kultur\">hr2-kultur<\/a><\/u><\/span> \u2013 Das Kulturradio f\u00fcr Hessen.<\/li>\n<li><a href=\"https:\/\/www.sr.de\/sr\/sr2\/index.html\" name=\"Link zu SR2-Kulturradio\"><span style=\"color: #0563c1;\"><u>S<\/u><\/span><span style=\"color: #0563c1;\"><u>R<\/u><\/span><span style=\"color: #0563c1;\"><u>2 Kulturradio<\/u><\/span><\/a> \u2013 \u2026 gut zu h\u00f6ren.<\/li>\n<li><a href=\"https:\/\/www.swr.de\/swr2\/\" name=\"Link zu SWR Kuultur\"><span style=\"color: #0563c1;\"><u>S<\/u><\/span><span style=\"color: #0563c1;\"><u>WR<\/u><\/span><u> <\/u><\/a><span style=\"color: #0563c1;\"><u>kultur<\/u><\/span> \u2013 Kultur neu entdecken<\/li>\n<li><span style=\"color: #0563c1;\"><u><a href=\"https:\/\/www.br.de\/radio\/br-klassik\/index.html\" name=\"Link zu BR-Klassik\">BR-KLASSIK<\/a><\/u><\/span> \u2013 Klassikstars geben auf BR-KLASSIK den Ton an. Attraktive Magazine bringen Interviews und Neuigkeiten aus dem Musikleben.<\/li>\n<li><span style=\"color: #0563c1;\"><u><a href=\"https:\/\/www.br.de\/radio\/bayern2\/index.html\" name=\"Link zu Bayern2\">Bayern 2<\/a><\/u><\/span> \u2013 Preisgekr\u00f6ntes Radio f\u00fcr H\u00f6rer, die mehr wissen wollen<\/li>\n<\/ul>\n<h2 class=\"western\"><a name=\"__RefHeading___Toc534_2049876245\"><\/a><\/h2>\n<hr \/>\n<h2 class=\"western\"><a name=\"__RefHeading___Toc534_2049876245\"><\/a><a name=\"_Toc189815285\"><\/a><a name=\"_Toc189813527\"><\/a><a name=\"_Toc188957624\"><\/a><a name=\"_Toc188530706\"><\/a><a name=\"_Toc187143016\"><\/a><a name=\"_Toc186792939\"><\/a><a name=\"_Toc185409042\"><\/a><a name=\"_Toc184290544\"><\/a><a name=\"_Toc183595479\"><\/a><a name=\"_Toc176424573\"><\/a><a name=\"_Toc175140590\"><\/a><a name=\"_Toc190257441\"><\/a> Internet:<\/h2>\n<hr \/>\n<ul>\n<li>Schweden: <span style=\"color: #0563c1;\"><u><a href=\"https:\/\/sverigesradio.se\/tabla.aspx?programid=2562\" name=\"Link zu Schwedens Radio P&quot;\">P2<\/a><\/u><\/span> sendet immer Dienstags von 21:00 bis 22:00 und Sonntags von 18:40 bis 20:00 ein Jazzkonzert<\/li>\n<li>Ungarn: <span style=\"color: #0563c1;\"><u><a href=\"https:\/\/mediaklikk.hu\/bartok\/\" name=\"Link zu Bart\u00f3k-Radio\">Bartok Radio<\/a><\/u><\/span> sendet t\u00e4glich von 23:00 bis 23:55 eine Jazzsendung<\/li>\n<\/ul>\n<hr \/>\n<h2 class=\"western\">mo &#8211; 23.06.2025<\/h2>\n<hr \/>\n<p class=\"western\">17:30:00 +++ \u00d61<br \/>\n<b>Musik aus allen Richtungen mit Astrid Schwarz und Rainer Elstner.<\/b><\/p>\n<p class=\"western\">19:30:00 +++ \u00d61<br \/>\n<b>Gitarrist Wolfgang Muthspiel mit Lionel Loueke und Linda May Han Oh im April 2025 im Wiener Konzerthaus<\/b><\/p>\n<p class=\"western\" style=\"padding-left: 40px;\">Am 24. April 2025 stellte Wolfgang Muthspiel, \u00d6sterreichs internationales Aush\u00e4ngeschild in Sachen Jazzgitarre, im Mozartsaal des Wiener Konzerthauses sein neues Trio Touch vor: Seine Partner sind hier einerseits der aus dem westafrikanischen Benin stammende und seit Jahren als Begleiter von Pianist Herbie Hancock bekannte Gitarrist Lionel Loueke. Andererseits die australische Kontrabassistin Linda May Han Oh, die jahrelang in der Band von Gitarrist Pat Metheny gespielt hat.<\/p>\n<p class=\"western\" style=\"padding-left: 40px;\">Alle drei Saiteninstrumentalist:innen setzen in diesem intimen Setting auch gerne ihre Stimmen ein, wie im Konzerthaus zu h\u00f6ren war. Das Klangbild von Touch ist ein kammermusikalisch -schlankes, zuweilen rhythmisch sanft pulsierendes, wobei die Musik durch die vokalen Erweiterungen an Unmittelbarkeit, F\u00e4rbigkeit, pers\u00f6nlicher N\u00e4he gewinnt. Drei bekannte, reife Musikerpers\u00f6nlichkeiten in neuer, aufregender Trio-Konstellation!<\/p>\n<p class=\"western\">22:03 \u2013 23:00 UHR +++ SWR KULTUR<br \/>\n<b>ARD Jazz. Spotlight: Seerosen im Bigband-Sound. Das Silent Explosion Orchestra spielt Kunst<\/b><\/p>\n<p class=\"western\" style=\"padding-left: 40px;\">Von Karsten Neuschwender. Eine Person? Ein Thema? Oder doch ein Konzert? Montags gehen wir in die Tiefe und werfen ein Schlaglicht auf Musik und Musikschaffende aus der internationalen und nationalen Jazzszene. Erleben Sie Portr\u00e4ts von au\u00dfergew\u00f6hnlichen K\u00fcnstler*innen oder fantastische Konzertaufnahmen. Abwechselnd tragen alle unsere Sender dazu bei &#8211; mit eigener Handschrift und eigenem Fokus. Denn wir alle finden: Jazz geh\u00f6rt ins Spotlight.<\/p>\n<p class=\"western\">23:03:00 +++ \u00d61<br \/>\n<b>Abtauchen mit Schwertsiks \u201eAlice\u201c \u2013 Kurt Schwertsik und die Oper: eine Revue zum Neunziger<\/b><\/p>\n<p class=\"western\" style=\"padding-left: 40px;\">\u201eDown the Rabbit-Hole\u201c mit dem Opernkomponisten Kurt Schwertsik: Das kann auch dem Publikum im Nu das Grinsen der Cheshire Cat ins Gesicht zaubern. Ausgehend von \u201eAlice\u201c, komponiert von einem 88-j\u00e4hrigen Jung-Greis \u2013 oder sollte man vielleicht besser sagen: Alt-Kind? \u2013, geht es in dieser Ausgabe von \u201eZeit-Ton\u201c hinein ins Wunderland eines jedenfalls vitalen Musikdramatikers, der nun seinen Neunziger feiern darf. Eine \u201eRevue\u201c k\u00f6nnte man dieses Programm nennen \u2013 so wie Schwertsik auch seine Lewis-Carroll-Vertonung \u00fcberschrieben hat.<\/p>\n<p class=\"western\" style=\"padding-left: 40px;\">\u201eLieber Schwertsik, es ist schwer, Ihnen mit Liebe zuzuh\u00f6ren\u201c: Das musste sich der junge Komponist einst von einer Zentralfigur in der Musik des 20. Jahrhunderts sagen lassen, von Karlheinz Stockhausen. Dabei meinte der Guru der Avantgarde damals gar nicht die Musik Kurt Schwertsiks, sondern seine pessimistischen Ansichten, was die Zukunft der Neuen Musik anlangte. \u201eIch wei\u00df nicht mehr, was genau ich ihm bei diesem Gespr\u00e4ch vorgejammert habe, ich wei\u00df nur, dass ich schwarzgesehen habe. Mir scheint\u201c, f\u00fcgt Schwertsik auf seine typisch verschmitzte Art hinzu, \u201eda habe ich Recht gehabt.\u201c Und er nach kurzem \u00dcberlegen und lacht wieder gn\u00e4dig. \u201eIch habe nur immer das Gef\u00fchl gehabt, dass der Ernst zu kurz greift. Mit Ernst kommt man der Welt nicht bei.\u201c Gestaltung: Walter Weidringer<\/p>\n<hr \/>\n<h2 class=\"western\">di &#8211; 24.06.2025<\/h2>\n<hr \/>\n<p class=\"western\">17:30:00 +++ \u00d61<br \/>\n<b>Musik aus allen Richtungen.<\/b><\/p>\n<p class=\"western\">21:00 \u2013 22:00 UHR +++ SWR KULTUR<br \/>\n<b>JetztMusik: Sylvie Courvoisier Poppy Seeds beim Jazzfest Berlin 2024<\/b><\/p>\n<p class=\"western\" style=\"padding-left: 40px;\">Von Odilo Claunsitzer. Seit dem \u201eModern Jazz Quartet\u201c ist die Besetzung Klaviertrio plus Vibrafon mit einem eher k\u00fchlen und gediegenen Klangbild verbunden. Die Pianistin Sylvie Courvoisier greift das Format auf, um eine spritzige, von kontrastreichen Kompositionen und verschlungenen Kollektivaktionen gepr\u00e4gte Musik zu machen \u2013 swing und walking bass nicht ausgeschlossen! Die aufregende Vibrafonistin Patricia Brennan spielt ihr Instrument hier ohne sonst gerne eingesetzte Elektronik. An Bass und Schlagzeug zwei sehr gefragte Meister der zeitgen\u00f6ssischen New Yorker Szene, Bassist Thomas Morgan und Schlagzeuger Dan Weiss. Das Konzert in Berlin war die Europapremiere neuen Band.<\/p>\n<p class=\"western\">23:03:00 +++ \u00d61<br \/>\n<b>Kurt Schwertsik empfiehlt \u2013 Die Lieblingskompositionen des Komponisten, der am 25. Juni 90. Geburtstag feiert<\/b><\/p>\n<p class=\"western\" style=\"padding-left: 40px;\">Kurt Schwertsik wird 90 \u2013 in \u201eZeit-Ton\u201c stellt er seine Lieblingsmusik vor. Wir haben den Komponisten gebeten, f\u00fcr uns Musik zusammenzustellen, die ihn gepr\u00e4gt und inspiriert hat. Schwertsik, am 25. Juni 1935 in Wien geboren, studierte in den 1950er-Jahren an der Wiener Hochschule f\u00fcr Musik und darstellende Kunst Komposition und Horn. Ab 1960 nahm er wiederholt an den Internationalen Ferienkursen f\u00fcr Neue Musik in Darmstadt teil, wo er unter anderen durch Karlheinz Stockhausen, Mauricio Kagel und John Cage wichtige Anregungen f\u00fcr seine kompositorische Arbeit erhielt. 1958 gr\u00fcndete er mit Friedrich Cerha das Ensemble &#8222;die reihe\u201c, 1965 veranstaltete Schwertsik gemeinsam mit Otto M. Zykan in Wien die ersten \u201eSalonkonzerte\u201c, 1968 kreierte er f\u00fcr ein gemeinsam mit HK Gruber und Zykan gegr\u00fcndetes Ensemble den Namen \u201eMOB art &amp; tone ART\u201c. Von 1989 bis zu seiner Emeritierung 2003 lehrte Schwertsik als ordentlicher Professor f\u00fcr Komposition an der Hochschule f\u00fcr Musik und darstellende Kunst Wien. (Wiederholung vom 18. Dezember 2022) Gestaltung: Marie-Therese Rudolph<\/p>\n<hr \/>\n<h2 class=\"western\">mi &#8211; 25.06.2025<\/h2>\n<hr \/>\n<p class=\"western\">17:30:00 +++ \u00d61<br \/>\n<b>Musik aus allen Richtungen mit Ulla Pilz und Michael Neuhauser.<\/b><\/p>\n<p class=\"western\">22:03 \u2013 23:00 UHR +++ SWR KULTUR<br \/>\n<b>ARD Jazz. Das Magazin<\/b><\/p>\n<p class=\"western\" style=\"padding-left: 40px;\">Von Mauretta Heinzelmann. Das w\u00f6chentliche Jazz-Update, pr\u00e4sentiert von Eurer ARD: au\u00dfergew\u00f6hnliche Ver\u00f6ffentlichungen, relevante Ereignisse und aktuelle Debatten. Wir diskutieren Jazz in allen seinen Facetten und suchen auch deutschlandweit die Orte auf, an denen er zu Hause ist. Nicht verpassen!<\/p>\n<hr \/>\n<h2 class=\"western\">do &#8211; 26.06.2025<\/h2>\n<hr \/>\n<p class=\"western\">17:30:00 +++ \u00d61<br \/>\n<b>Musik aus allen Richtungen mit Andreas Felber.<\/b><\/p>\n<p class=\"western\">22:03 \u2013 23:00 UHR +++ SWR KULTUR<br \/>\n<b>Jazz and More: Von J\u00fcrgen Schwab<\/b><\/p>\n<p class=\"western\" style=\"padding-left: 40px;\">Ja was haben wir denn da?! Neue Alben aus dem Jazz und seinen Randgebieten. Ob Blues, Neo-Klassik, Global-Pop oder freie Improvisation \u2013 hier darf alles mitmischen. (\u00dcbernahme von hr2-kultur).<\/p>\n<p class=\"western\">23:03 bis 00:00 Uhr +++ BR-KLASSIK<br \/>\n<b>Horizonte: Zum 90. Geburtstag von Terry Riley<\/b><\/p>\n<p class=\"western\" style=\"padding-left: 40px;\">Kleinste Motive, die sich st\u00e4ndig wiederholen. Langsam schieben sich Rhythmen und Kl\u00e4nge ineinander, \u00fcberlagern und ver\u00e4ndern sich. Weite Klanglandschaften entstehen, die Zeit scheint still zu stehen, ein Hauch von Ewigkeit. Terry Riley gilt als Vater der Minimal Music. Mit seinem St\u00fcck \u201eIn C\u201c verwandelte er Kalifornien zum Zentrum einer neuen Musikrichtung. Ein Schock f\u00fcr die Avantgarde! Ausgehend vom Jazz experimentierte Riley mit Tonbandschleifen, Echoeffekten und Phasenverschiebung. Zentral war und blieb bei ihm aber auch immer die Improvisation. Als Minimal Music hat Riley selbst seine Werke nie bezeichnet. Doch losgeworden ist er dieses Etikett nie wieder. Und die Einfl\u00fcsse seiner Looptechnik sind auch heute noch in der Popmusik und der elektronischen Musikszene sp\u00fcrbar Eine Sendung von Susanna Felix (Wiederholung aus dem Jahr 2020)<\/p>\n<figure id=\"attachment_32702\" aria-describedby=\"caption-attachment-32702\" style=\"width: 600px\" class=\"wp-caption aligncenter\"><a href=\"https:\/\/i0.wp.com\/www.jazzzeitung.de\/cms\/wp-content\/uploads\/2025\/06\/land-udn-leute-licht.jpg?ssl=1\"><img data-recalc-dims=\"1\" loading=\"lazy\" decoding=\"async\" data-attachment-id=\"32702\" data-permalink=\"https:\/\/www.jazzzeitung.de\/cms\/2025\/06\/die-eingeschmolzene-jazz-radiowoche-vom-23-06-2025-bis-29-06-2025\/land-udn-leute-licht\/\" data-orig-file=\"https:\/\/i0.wp.com\/www.jazzzeitung.de\/cms\/wp-content\/uploads\/2025\/06\/land-udn-leute-licht.jpg?fit=960%2C960&amp;ssl=1\" data-orig-size=\"960,960\" data-comments-opened=\"1\" data-image-meta=\"{&quot;aperture&quot;:&quot;0&quot;,&quot;credit&quot;:&quot;&quot;,&quot;camera&quot;:&quot;&quot;,&quot;caption&quot;:&quot;&quot;,&quot;created_timestamp&quot;:&quot;0&quot;,&quot;copyright&quot;:&quot;&quot;,&quot;focal_length&quot;:&quot;0&quot;,&quot;iso&quot;:&quot;0&quot;,&quot;shutter_speed&quot;:&quot;0&quot;,&quot;title&quot;:&quot;&quot;,&quot;orientation&quot;:&quot;0&quot;}\" data-image-title=\"Land und Leute. Licht. Foto: Hufner\" data-image-description=\"&lt;p&gt;Land und Leute. Licht. Foto: Hufner&lt;\/p&gt;\n\" data-image-caption=\"&lt;p&gt;Land und Leute. Licht. Foto: Hufner&lt;\/p&gt;\n\" data-large-file=\"https:\/\/i0.wp.com\/www.jazzzeitung.de\/cms\/wp-content\/uploads\/2025\/06\/land-udn-leute-licht.jpg?fit=600%2C600&amp;ssl=1\" class=\"size-large wp-image-32702\" src=\"https:\/\/i0.wp.com\/www.jazzzeitung.de\/cms\/wp-content\/uploads\/2025\/06\/land-udn-leute-licht.jpg?resize=600%2C600&#038;ssl=1\" alt=\"Land und Leute. Licht. Foto: Hufner\" width=\"600\" height=\"600\" srcset=\"https:\/\/i0.wp.com\/www.jazzzeitung.de\/cms\/wp-content\/uploads\/2025\/06\/land-udn-leute-licht.jpg?resize=600%2C600&amp;ssl=1 600w, https:\/\/i0.wp.com\/www.jazzzeitung.de\/cms\/wp-content\/uploads\/2025\/06\/land-udn-leute-licht.jpg?resize=300%2C300&amp;ssl=1 300w, https:\/\/i0.wp.com\/www.jazzzeitung.de\/cms\/wp-content\/uploads\/2025\/06\/land-udn-leute-licht.jpg?resize=150%2C150&amp;ssl=1 150w, https:\/\/i0.wp.com\/www.jazzzeitung.de\/cms\/wp-content\/uploads\/2025\/06\/land-udn-leute-licht.jpg?resize=768%2C768&amp;ssl=1 768w, https:\/\/i0.wp.com\/www.jazzzeitung.de\/cms\/wp-content\/uploads\/2025\/06\/land-udn-leute-licht.jpg?resize=24%2C24&amp;ssl=1 24w, https:\/\/i0.wp.com\/www.jazzzeitung.de\/cms\/wp-content\/uploads\/2025\/06\/land-udn-leute-licht.jpg?resize=48%2C48&amp;ssl=1 48w, https:\/\/i0.wp.com\/www.jazzzeitung.de\/cms\/wp-content\/uploads\/2025\/06\/land-udn-leute-licht.jpg?resize=96%2C96&amp;ssl=1 96w, https:\/\/i0.wp.com\/www.jazzzeitung.de\/cms\/wp-content\/uploads\/2025\/06\/land-udn-leute-licht.jpg?w=960&amp;ssl=1 960w\" sizes=\"auto, (max-width: 600px) 100vw, 600px\" \/><\/a><figcaption id=\"caption-attachment-32702\" class=\"wp-caption-text\">Land und Leute. Licht. Foto: Hufner<\/figcaption><\/figure>\n<hr \/>\n<h2 class=\"western\">fr &#8211; 27.06.2025<\/h2>\n<hr \/>\n<p class=\"western\">14:05:00 +++ \u00d61<br \/>\n<b>Tenorsaxofonist Daniel Erdmanns Th\u00e9rapie de couple und das Trio Omar<\/b><\/p>\n<p class=\"western\" style=\"padding-left: 40px;\">Der deutsche Trompeter Joo Kraus war schon \u00f6fter mit dem kubanischen und mittlerweile in Barcelona lebenden Pianisten Omar Sosa auf Tour. Mit dem uruguayischen Schlagzeuger Diego Pi\u00f1era haben die beiden sich zum Trio Vibe Factor zusammengeschlossen, und gute Vibes ziehen sich tats\u00e4chlich durch ihre Musik, manchmal sph\u00e4risch und farbenreich, manchmal furios und explosiv. Wobei Joo Kraus nicht nur Trompete spielt und singt, sondern auch gekonnt elektronische Soundeffekte einsetzt, die dem Trio bisweilen den Anschein einer gr\u00f6\u00dferen Band verleihen.<\/p>\n<p class=\"western\" style=\"padding-left: 40px;\">Am 18. Juni 2024 spielte Vibe Factor im Rolf Liebermann Studio des Norddeutschen Rundfunks in Hamburg das erste Set des f\u00fcnften NDR-Jazzkonzerts der Saison. Den zweiten Teil des Abends gestaltete Daniel Erdmann mit seinem Projekt \u201eTh\u00e9rapie de couple\u201c. Dieser ironische Bandname spielt auf die Tatsache an, dass das Sextett eine deutsch-franz\u00f6sische Paarung ist: Daniel Erdmann (Tenorsaxofon), Robert Lucaciu (Bass) und Eva Klesse (Schlagzeug) sowie H\u00e9l\u00e8ne Duret (Klarinette), Th\u00e9o Ceccaldi (Violine) und Vincent Courtois (Cello). Diese zwei Trios werden zwar augen- und ohrenscheinlich nicht wirklich von Beziehungsproblemen geplagt, doch das Bild eines therapeutischen Prozesses ist gut geeignet, um das Entstehen von Musik im Allgemeinen und der des Sextetts im Speziellen zu verdeutlichen: Geht es doch immer um ein Ausloten von Gef\u00fchlen und Handlungsm\u00f6glichkeiten sowie um das Wechselspiel zwischen vorgefertigten Mustern und dem Ringen um Ausbruch und Freiheit.<\/p>\n<p class=\"western\">17:30:00 +++ \u00d61<br \/>\n<b>Musik aus allen Richtungen mit Johann Kneihs.<\/b><\/p>\n<p class=\"western\">23:03:00 +++ \u00d61<br \/>\n<b>Musik f\u00fcr Quanten-Computer \u2013 Eine Reise in die Zukunft der Musiktechnologie mit Eduardo Miranda<\/b><\/p>\n<p class=\"western\" style=\"padding-left: 40px;\">Die Musiktechnologie wird innerhalb des n\u00e4chsten Jahrzehnts einen gro\u00dfen Sprung nach vorne machen, ist der Komponist und Forscher Eduardo Miranda, ein Pionier der Quantenprogrammierung, \u00fcberzeugt. Miranda hat u.a. an der Universit\u00e4t in Plymouth das Interdisciplinary Centre for Computer Music Research gegr\u00fcndet, das Grundlagenwerk \u201eQuantum Computer Music. Foundations, Methods and Advanced Concepts\u201c herausgegeben und 2024 \u201eQubism\u201c ver\u00f6ffentlicht, das erste Album, das mit der Hilfe von Quantencomputern entstanden ist.<\/p>\n<p class=\"western\" style=\"padding-left: 40px;\">Ausgangspunkt f\u00fcr seine Besch\u00e4ftigung mit Quanten-Computern als Musikinstrumente bildete die Besch\u00e4ftigung mit K\u00fcnstlicher Intelligenz, schildert Eduardo Miranda. \u201eIch habe mich gefragt, ob es auch noch andere Formen von Hardware gibt, auf der KI-Algorithmen laufen k\u00f6nnen\u201c, so der Komponist. \u201eIch bin dann auf die Entwicklung der DNA- oder Bio-Computer gesto\u00dfen. Hier wird versucht die Erbsubstanz als Speicher- und Verarbeitungsmedium zu nutzen. Dass auch an Quantencomputern gearbeitet wird, die Informationen auf subatomarer Ebene prozessieren, davon habe ich zum ersten Mal vor rund zehn Jahren geh\u00f6rt. Damals war das noch sehr theoretisch, aber die Idee war geboren und ich hatte sie seither stets im Hinterkopf. Ich denke, wenn es in der Zukunft andere Formen von Hardware geben wird, dann wird das auch zu anderen Formen k\u00fcnstlicher Intelligenz f\u00fchren, zu einer k\u00fcnstlichen Intelligenz, die vielleicht nicht m\u00e4chtiger, aber kreativer sein wird, weil sie gewisse Aspekte unserer Intelligenz auf eine andere Art modelliert, die mit Digitalcomputern so nicht m\u00f6glich ist.\u201c Gestaltung: Susanna Niedermayr<\/p>\n<hr \/>\n<h2 class=\"western\">sa &#8211; 28.06.2025<\/h2>\n<hr \/>\n<p class=\"western\">18:20 \u2013 19:00 UHR +++ SWR KULTUR<br \/>\n<b>Jazz: Homezone \u2013 Jazz in S\u00fcdwest: Clara de Farias beim Jazz College Mainz (1\/3)<\/b><\/p>\n<p class=\"western\" style=\"padding-left: 40px;\">Von Konrad Bott. Am 13. Mai findet das siebte SWR Jazz College statt, ein Konzertabend mit jungen Musiker*innen aus den Jazzinstituten im Sendegebiet. Die S\u00e4ngerin Clara de Farias reist mit ihrem Ensemble aus Stuttgart an. Auf flie\u00dfenden Bahnen f\u00fchrt Claras Stimme durch Klassiker des Vocal Jazz und eigene Kompositionen. Mit Leichtigkeit rankt sie sich erz\u00e4hlerisch im urbanen Bandsound hin und her. Schalten Sie ein und lassen Sie sich in die sanft schillernde hineinfallen, die Clara und ihre Band an diesem Abend liefern. (Teil 2, Samstag, 5. Juli 2025, 18:20 Uhr).<\/p>\n<p class=\"western\">22:05:00 +++ \u00d61<br \/>\n<b>Neuigkeiten aus der Welt des Jazz<\/b><\/p>\n<p class=\"western\" style=\"padding-left: 40px;\">Konzertempfehlungen f\u00fcr die kommende Woche, Buchbesprechungen, Kurznachrufe und aktuelle Meldungen.<\/p>\n<p class=\"western\">23:03:00 +++ \u00d61<br \/>\n<b>Franz Kirchner im Interview, Steve Watts\/Kirk Lightsey\/Don Moye bei den INNt\u00f6nen 2024<\/b><\/p>\n<p class=\"western\" style=\"padding-left: 40px;\">Der 1. Juli 1975 markiert das Datum des Deb\u00fctkonzerts der Franz Kirchner Big Band im Rathauspark in Ebensee. Seitdem sind 50 Jahre vergangen und die Band ist aus der ober\u00f6sterreichischen Musiklandschaft nicht mehr wegzudenken. Katharina Osztovics gratuliert dem Bandleader und Bassisten Franz Kirchner und bittet ihn zum Gespr\u00e4ch \u2013 \u00fcber ein Leben mit und f\u00fcr Orchester, Blaskapelle und Big Band zwischen Jazzfestivals, Tourneen, Tanzveranstaltungen und dem Familienalltag. Au\u00dferdem verr\u00e4t Franz Kirchner, wie eine Fernseh\u00fcbertragung einst seine Liebe f\u00fcr den Jazz entfacht hat.<\/p>\n<p class=\"western\" style=\"padding-left: 40px;\">Die heutige \u00d61-Konzertaufnahme kommt vom INNt\u00f6ne-Festival 2024, mitgeschnitten am 20. Juli letzten Jahres am Buchmannhof im ober\u00f6sterreichischen Diersbach. Dort brachte der britische Bassist Steve Watts mit zwei US-amerikanischen Jazzlegenden die B\u00fchne zum Beben \u2013 mit dem zu diesem Zeitpunkt 87-j\u00e4hrigen Pianisten Kirk Lightsey und dem 78-j\u00e4hrigen Schlagzeuger Don Moye, bekannt als langj\u00e4hriges Mitglied des Art Ensemble of Chicago. Ein H\u00f6hepunkt der INNt\u00f6ne 2024!<\/p>\n<hr \/>\n<h2 class=\"western\">so &#8211; 29.06.2025<\/h2>\n<hr \/>\n<p class=\"western\">00:05:00 +++ \u00d61<br \/>\n<b>(Fortsetzung); Franz Kirchner im Interview, Steve Watts\/Kirk Lightsey\/Don Moye bei den INNt\u00f6nen 2024<\/b><\/p>\n<p class=\"western\" style=\"padding-left: 40px;\">Der 1. Juli 1975 markiert das Datum des Deb\u00fctkonzerts der Franz Kirchner Big Band im Rathauspark in Ebensee. Seitdem sind 50 Jahre vergangen und die Band ist aus der ober\u00f6sterreichischen Musiklandschaft nicht mehr wegzudenken. Katharina Osztovics gratuliert dem Bandleader und Bassisten Franz Kirchner und bittet ihn zum Gespr\u00e4ch \u2013 \u00fcber ein Leben mit und f\u00fcr Orchester, Blaskapelle und Big Band zwischen Jazzfestivals, Tourneen, Tanzveranstaltungen und dem Familienalltag. Au\u00dferdem verr\u00e4t Franz Kirchner, wie eine Fernseh\u00fcbertragung einst seine Liebe f\u00fcr den Jazz entfacht hat.<\/p>\n<p class=\"western\" style=\"padding-left: 40px;\">Die heutige \u00d61 Konzertaufnahme kommt vom INNt\u00f6ne-Festival 2024, mitgeschnitten am 20. Juli letzten Jahres am Buchmannhof im ober\u00f6sterreichischen Diersbach. Dort brachte der britische Bassist Steve Watts mit zwei US-amerikanischen Jazzlegenden die B\u00fchne zum Beben \u2013 mit dem zu diesem Zeitpunkt 87-j\u00e4hrigen Pianisten Kirk Lightsey und dem 78-j\u00e4hrigen Schlagzeuger Don Moye, bekannt als langj\u00e4hriges Mitglied des Art Ensemble of Chicago. Ein H\u00f6hepunkt der INNt\u00f6ne 2024!<\/p>\n<p class=\"western\">03:03:00 +++ \u00d61<br \/>\n<b>Mit klingenden Kulinarien in den Sonntag-Morgen<\/b><\/p>\n<p class=\"western\" style=\"padding-left: 40px;\">Klassiker und Fundst\u00fccke aus 100 Jahren Jazzgeschichte (Wiederholung).<\/p>\n<p class=\"western\">17:10:00 +++ \u00d61<br \/>\n<b>Vor 50 Jahren starb Tim Buckley<\/b><\/p>\n<p class=\"western\" style=\"padding-left: 40px;\">Man kann sich Tim Buckley \u00fcber seine fr\u00fchen, im Folk und Folkrock verwurzelten Lieder n\u00e4hern, \u00fcber seine ausufernden, avantgardistischen Songexperimente, seine funkigen Seiten oder seine (oft vom oder mit dem Dichterfreund und ehemaligen Bandkollegen Larry Beckett verfassten) Songtexte. Nicht wenige haben ihn auch erst \u00fcber Coverversionen anderer f\u00fcr sich entdeckt, oder auf dem Umweg \u00fcber seinen in den 90er-Jahren zu Ruhm gelangten Sohn Jeff, der ja so vieles mit ihm gemeinsam hat, obwohl die beiden einander kaum kannten. In erster Linie ist es aber wohl immer diese elastische und kr\u00e4ftige, bis ins hohe Falsett sattelfeste und doch auch vulnerabel wirkende Stimme, welche die Faszination f\u00fcr Tim Buckley ausmacht. Neun sehr unterschiedliche Studioalben hat der charismatische Timothy Charles Buckley zwischen 1966 und 1975 aufgenommen, dann hat eine \u00dcberdosis Heroin den 28-J\u00e4hrigen dahingerafft \u2013 genau heute vor 50 Jahren.<\/p>\n<p class=\"western\">19:05:00 +++ \u00d61<br \/>\n<b>Freie Improvisation zu viert: Anna Sophia Defant, Kenji Herbert, Jakob Gnigler und Michael Prowaznik<\/b><\/p>\n<p class=\"western\" style=\"padding-left: 40px;\">S:e, das Quartett der aus Saalfelden stammenden Pianistin und Komponistin Anna Sophia Defant, zeichnet sich durch eine Besetzung mit sehr individuellen Pers\u00f6nlichkeiten aus. Die Mitglieder respektieren die jeweilige k\u00fcnstlerische Haltung und Herangehensweise der Kolleg:innen und stellen das gegenseitige Zuh\u00f6ren in den Mittelpunkt. F\u00fcr Anna Sophia Defant, welche im Gegensatz zu ihren Mitstreitern \u00fcber einen klassischen Ausbildungshintergrund verf\u00fcgt, war der regelm\u00e4\u00dfige Besuch des Jazzfestivals in ihrer Heimatstadt der Anlass, sich mit (freier) Improvisation auseinander zu setzen.<\/p>\n<p class=\"western\" style=\"padding-left: 40px;\">Die Mitstreiter, Gitarrist Kenji Herbert, Saxofonist Jakob Gnigler und Schlagzeuger Michael Prowaznik, pflegen wiederum nicht die im Mainstream-Jazz \u00fcblichen Rollenverteilungen. Die Musik von S:e nimmt unbek\u00fcmmert Anleihen bei verschiedensten Stilrichtungen und spinnt diese immer weiter fort \u2013 vom Bekannten ins Unbekannte, von der Verdichtung zur Transparenz. Am 27. Juni ver\u00f6ffentlicht S.e seinen ersten Tontr\u00e4ger beim Schweizer Label Unit Records.<\/p>\n<p class=\"western\">22:03 \u2013 23:00 UHR +++ SWR KULTUR<br \/>\n<b>NOWJazz: \u201eCreative Music\u201c \u2013 Der Jazzphilosoph Wadada Leo Smith<\/b><\/p>\n<p class=\"western\" style=\"padding-left: 40px;\">Von Fanny Opitz. Wadada Leo Smith wird 1943 mitten ins Epizentrum des Blues hineingeboren: Leland, Mississippi. Dort kommt er zum ersten Mal mit etwas in Kontakt, was ihn sein Leben lang faszinieren wird: der Dynamik zwischen einer Solo- und einer kollektiven Improvisation. Pole, die er sp\u00e4ter als einer der wichtigsten K\u00f6pfe der AACM, der Association for the Advancement of Creative Musicians in Chicago nicht nur auf der B\u00fchne erforscht, sondern auch in philosophischen Schriften. F\u00fcr Wadada ist Jazz \u201eCreative Music\u201c, die die Welt zu einem besseren Ort macht. Fanny Opitz hat ihn auf dem Moers Festival getroffen.<\/p>\n<p class=\"western\">23:03:00 +++ \u00d61<br \/>\n<b>Konzert-Highlights vom Borealis Festival 2025 \u2013 Neue Musik von Herborg Rundberg, Sondre N\u00e4rva Pettersen und Okkyung Lee<\/b><\/p>\n<p class=\"western\" style=\"padding-left: 40px;\">In der heutigen Ausgabe von Supernova pr\u00e4sentieren wir Ihnen einige der Konzert-Highlights des Borealis Festivals, das vom 12. bis zum 17. M\u00e4rz 2025 in der norwegischen Stadt Bergen stattgefunden hat. Borealis m\u00f6chte nicht nur ein Festival f\u00fcr experimentelle Musik aus Norwegen, sondern auch aus Sapmi sein. Sapmi ist der samische Name f\u00fcr das Siedlungsgebiet und den Kulturraum der Samen, der sich von Norwegen \u00fcber Schweden und Finnland bis nach Russland spannt.<\/p>\n<p class=\"western\" style=\"padding-left: 40px;\">Heuer wurden Kompositionsauftr\u00e4ge an Herborg Rundberg und Sondre N\u00e4rva Pettersen vergeben, die beide eine duale Identit\u00e4t haben, die sowohl in Norwegen als auch in Sapmi verwurzelt sind. Rundberg war eingeladen, ein neues St\u00fcck f\u00fcr einen ganz besonderen Klangk\u00f6rper zu schreiben, f\u00fcr die Norwegian Naval Forces Band n\u00e4mlich, das Blasorchester der norwegischen Streitkr\u00e4fte. Rundberg ist, wie sie selbst sagt, \u201ea sea costal Sami\u201c, also eine Samin, die an der K\u00fcste aufgewachsen ist und eine starke Verbindung zum Meer hat. Das an den Strand brandende Meer war auch Inspirationsquelle f\u00fcr ihr St\u00fcck \u201ebarru bara\u201c. Im Leben der Musikerinnen und Musiker der Norwegian Naval Forces Band w\u00fcrde das Meer ebenfalls einen starken Bezugspunkt bilden, so Rundberg, hier h\u00e4tte sie also eine Gemeinsamkeit gesehen.<\/p>\n<p class=\"western\" style=\"padding-left: 40px;\">Sondre N\u00e4rva Pettersen ist nicht nur Norweger und Same, er geh\u00f6rt noch einer weiteren Volksgruppe an, die, genauso wie die Samen, im heutigen Norwegen, Schweden, Finnland und Russland beheimatet ist, n\u00e4mlich der Volksgruppe der Kvenen. In seiner k\u00fcnstlerischen Arbeit w\u00fcrde es immer darum gehen, diese unterschiedlichen Identit\u00e4ten miteinander zu verbinden und Musik sei daf\u00fcr ein ideales Medium, so der K\u00fcnstler. Der studierte Jazzs\u00e4nger kann auch Joiken, beherrscht also die traditionelle samische Gesangstechnik. Sein St\u00fcck \u201eVI SOM ER Mailmmiid gaskkas \u2013 Mii geat orut MELLOM VERDENER\u201c (in der deutschen \u00dcbersetzung: Wir, die wir zwischen den Welten sind) hat Sondre N\u00e4rva Pettersen in der Bergener Domkirche aufgenommen. Es war das erste Mal, dass in diesem altehrw\u00fcrdigen Gem\u00e4uer gejoikt wurde, denn in einer Kirche zu joiken wurde lange Zeit im Wortsinn verteufelt, sahen die Christen in Sapmi doch tats\u00e4chlich ein Tor zur H\u00f6lle. Aber auch die Kirchenorgel kam zum Einsatz.<\/p>\n<p class=\"western\" style=\"padding-left: 40px;\">Nicht nur lokal, sondern auch international ist das Borealis Festival bestens vernetzt. Eine Musikerin, die heuer bereits zum dritten Mal zu Gast war, ist die Cellistin und Komponistin Okkyung Lee, die im Auftrag des Borealis Festivals ein St\u00fcck f\u00fcr das sechzehnk\u00f6pfige Bergener BIT20 Ensemble geschrieben hat. \u201eskylight\u201c sollte ein St\u00fcck werden, das den Ensemble-Musiker:innen Raum zur individuellen musikalischen Entfaltung einr\u00e4umt. \u201eskylight\u201c sei ihr erstes St\u00fcck, das man wohl als politisch bezeichnen k\u00f6nne, so die K\u00fcnstlerin.<\/p>\n<p class=\"western\" style=\"padding-left: 40px;\">\u201eWir leben in einer sehr herausfordernden Zeit und ich wollte Musik schreiben, die den Leuten Freude bringt, die ein Gef\u00fchl von Optimismus aufkommen l\u00e4sst\u201c, f\u00fchrt Okkyung Lee aus. \u201eDeswegen sage ich, dass es sich bei \u201eskylight\u201c um ein beinahe politisches St\u00fcck handelt. Ja, tats\u00e4chlich ist vieles schrecklich, aber ich wollte eine Musik schaffen, bei der sich die Leute denken: Wir k\u00f6nnen weiter machen! Wir m\u00fcssen weiter machen! Und es soll sich nicht wie ein Kampf anf\u00fchlen, vielmehr sollten wir eine Art freudige Aufregung versp\u00fcren!\u201c Gestaltung: Susanna Niedermayr<\/p>\n<p class=\"western\">23:03 bis 00:00 Uhr +++ BR-KLASSIK<br \/>\n<b>Musik der Welt: Ricky Kej und Stewart Copeland &#8211; eine Begegnung<\/b><\/p>\n<p class=\"western\" style=\"padding-left: 40px;\">Der indische Keyboarder und \u201eAmbient-Star\u201c Ricky Kej hat sich in der Corona-Pandemie mit dem ehemaligen Police-Drummer Stewart Copeland zusammengetan um vors\u00e4tzlich ein Album zu schaffen, das in opulenten weltmusikalischen Impressionen \u201edas Leben feiern und bei unseren Zuh\u00f6rern eine Welle der dringend ben\u00f6tigten Positivit\u00e4t ausl\u00f6sen soll\u201c, so Ricky Kej. Mit zwei Grammy-Awards ausgezeichnet, geht es bei diesem Projekt \u201eDivine Tides\u201c um Harmonie zwischen Kulturen, zwischen Mensch und Natur, zwischen Tradition und Moderne. \u201eEs ist ein Fest, ein Aufruf zum Nachdenken und eine Erinnerung daran, dass jede Handlung &#8211; wie die Flut &#8211; eine Wirkung hat, die weit \u00fcber das hinausgeht, was wir sehen k\u00f6nnen.\u201c Indische, aber auch mal s\u00fcdafrikanisch angehauchte Klanglandschaften oder die Vereinigung von Flamenco, Son und Raga, durchdrungen von Sitarkl\u00e4ngen, Streichern, Fl\u00f6ten, Ch\u00f6ren und breiten Orchesterpassagen &#8211; das ist die H\u00f6rwelt, zu der wir in dieser \u201eMusik der Welt\u201c-Folge eingeladen sind. Eine Sendung von Roland Kunz<\/p>\n","protected":false},"excerpt":{"rendered":"<p>Jazz im Radio \u2013 Jeden Sonntag gibt es um 12 Uhr unsere \u00dcbersicht f\u00fcr die jeweils nachfolgende Woche. Die #Jazz-Radiowoche vom 23.06. bis zum 29.06.2025. Erheblich ausged\u00fcnnt. Auch als PDF zum Download \u2013 #Jazz #JazzZeitung #Radio #Radiowoche \u2013 Ein Service unserer Online-Redaktion.<\/p>\n","protected":false},"author":1,"featured_media":32702,"comment_status":"open","ping_status":"closed","sticky":false,"template":"","format":"standard","meta":{"_jetpack_memberships_contains_paid_content":false,"footnotes":"","jetpack_publicize_message":"","jetpack_publicize_feature_enabled":true,"jetpack_social_post_already_shared":true,"jetpack_social_options":{"image_generator_settings":{"template":"highway","default_image_id":0,"font":"","enabled":false},"version":2}},"categories":[633,452],"tags":[3773,1629],"coauthors":[650],"class_list":["post-32701","post","type-post","status-publish","format-standard","has-post-thumbnail","hentry","category-nachrichten","category-radio","tag-die-radiowoche","tag-jazz-im-radio"],"yoast_head":"<!-- This site is optimized with the Yoast SEO plugin v27.4 - https:\/\/yoast.com\/product\/yoast-seo-wordpress\/ -->\n<title>Die eingeschmolzene Jazz-Radiowoche vom 23.06.2025 bis 29.06.2025 - JazzZeitung<\/title>\n<meta name=\"robots\" content=\"index, follow, max-snippet:-1, max-image-preview:large, max-video-preview:-1\" \/>\n<link rel=\"canonical\" href=\"https:\/\/www.jazzzeitung.de\/cms\/2025\/06\/die-eingeschmolzene-jazz-radiowoche-vom-23-06-2025-bis-29-06-2025\/\" \/>\n<meta property=\"og:locale\" content=\"de_DE\" \/>\n<meta property=\"og:type\" content=\"article\" \/>\n<meta property=\"og:title\" content=\"Die eingeschmolzene Jazz-Radiowoche vom 23.06.2025 bis 29.06.2025 - JazzZeitung\" \/>\n<meta property=\"og:description\" content=\"Jazz im Radio \u2013 Jeden Sonntag gibt es um 12 Uhr unsere \u00dcbersicht f\u00fcr die jeweils nachfolgende Woche. Die #Jazz-Radiowoche vom 23.06. bis zum 29.06.2025. Erheblich ausged\u00fcnnt. Auch als PDF zum Download \u2013 #Jazz #JazzZeitung #Radio #Radiowoche \u2013 Ein Service unserer Online-Redaktion.\" \/>\n<meta property=\"og:url\" content=\"https:\/\/www.jazzzeitung.de\/cms\/2025\/06\/die-eingeschmolzene-jazz-radiowoche-vom-23-06-2025-bis-29-06-2025\/\" \/>\n<meta property=\"og:site_name\" content=\"JazzZeitung\" \/>\n<meta property=\"article:publisher\" content=\"https:\/\/www.facebook.com\/JazzZeitung\/\" \/>\n<meta property=\"article:author\" content=\"https:\/\/www.facebook.com\/hufner\" \/>\n<meta property=\"article:published_time\" content=\"2025-06-22T10:00:53+00:00\" \/>\n<meta property=\"og:image\" content=\"https:\/\/i0.wp.com\/www.jazzzeitung.de\/cms\/wp-content\/uploads\/2025\/06\/land-udn-leute-licht.jpg?fit=960%2C960&ssl=1\" \/>\n\t<meta property=\"og:image:width\" content=\"960\" \/>\n\t<meta property=\"og:image:height\" content=\"960\" \/>\n\t<meta property=\"og:image:type\" content=\"image\/jpeg\" \/>\n<meta name=\"author\" content=\"Martin Hufner\" \/>\n<script type=\"application\/ld+json\" class=\"yoast-schema-graph\">{\"@context\":\"https:\\\/\\\/schema.org\",\"@graph\":[{\"@type\":\"Article\",\"@id\":\"https:\\\/\\\/www.jazzzeitung.de\\\/cms\\\/2025\\\/06\\\/die-eingeschmolzene-jazz-radiowoche-vom-23-06-2025-bis-29-06-2025\\\/#article\",\"isPartOf\":{\"@id\":\"https:\\\/\\\/www.jazzzeitung.de\\\/cms\\\/2025\\\/06\\\/die-eingeschmolzene-jazz-radiowoche-vom-23-06-2025-bis-29-06-2025\\\/\"},\"author\":{\"name\":\"Martin Hufner\",\"@id\":\"https:\\\/\\\/www.jazzzeitung.de\\\/cms\\\/#\\\/schema\\\/person\\\/b9a4e5ac765d94fb8f617bfa8f1fc5f7\"},\"headline\":\"Die eingeschmolzene Jazz-Radiowoche vom 23.06.2025 bis 29.06.2025\",\"datePublished\":\"2025-06-22T10:00:53+00:00\",\"mainEntityOfPage\":{\"@id\":\"https:\\\/\\\/www.jazzzeitung.de\\\/cms\\\/2025\\\/06\\\/die-eingeschmolzene-jazz-radiowoche-vom-23-06-2025-bis-29-06-2025\\\/\"},\"wordCount\":3307,\"commentCount\":0,\"publisher\":{\"@id\":\"https:\\\/\\\/www.jazzzeitung.de\\\/cms\\\/#organization\"},\"image\":{\"@id\":\"https:\\\/\\\/www.jazzzeitung.de\\\/cms\\\/2025\\\/06\\\/die-eingeschmolzene-jazz-radiowoche-vom-23-06-2025-bis-29-06-2025\\\/#primaryimage\"},\"thumbnailUrl\":\"https:\\\/\\\/i0.wp.com\\\/www.jazzzeitung.de\\\/cms\\\/wp-content\\\/uploads\\\/2025\\\/06\\\/land-udn-leute-licht.jpg?fit=960%2C960&ssl=1\",\"keywords\":[\"Die Radiowoche\",\"Jazz im Radio\"],\"articleSection\":[\"News\",\"Radio\"],\"inLanguage\":\"de\",\"potentialAction\":[{\"@type\":\"CommentAction\",\"name\":\"Comment\",\"target\":[\"https:\\\/\\\/www.jazzzeitung.de\\\/cms\\\/2025\\\/06\\\/die-eingeschmolzene-jazz-radiowoche-vom-23-06-2025-bis-29-06-2025\\\/#respond\"]}]},{\"@type\":\"WebPage\",\"@id\":\"https:\\\/\\\/www.jazzzeitung.de\\\/cms\\\/2025\\\/06\\\/die-eingeschmolzene-jazz-radiowoche-vom-23-06-2025-bis-29-06-2025\\\/\",\"url\":\"https:\\\/\\\/www.jazzzeitung.de\\\/cms\\\/2025\\\/06\\\/die-eingeschmolzene-jazz-radiowoche-vom-23-06-2025-bis-29-06-2025\\\/\",\"name\":\"Die eingeschmolzene Jazz-Radiowoche vom 23.06.2025 bis 29.06.2025 - JazzZeitung\",\"isPartOf\":{\"@id\":\"https:\\\/\\\/www.jazzzeitung.de\\\/cms\\\/#website\"},\"primaryImageOfPage\":{\"@id\":\"https:\\\/\\\/www.jazzzeitung.de\\\/cms\\\/2025\\\/06\\\/die-eingeschmolzene-jazz-radiowoche-vom-23-06-2025-bis-29-06-2025\\\/#primaryimage\"},\"image\":{\"@id\":\"https:\\\/\\\/www.jazzzeitung.de\\\/cms\\\/2025\\\/06\\\/die-eingeschmolzene-jazz-radiowoche-vom-23-06-2025-bis-29-06-2025\\\/#primaryimage\"},\"thumbnailUrl\":\"https:\\\/\\\/i0.wp.com\\\/www.jazzzeitung.de\\\/cms\\\/wp-content\\\/uploads\\\/2025\\\/06\\\/land-udn-leute-licht.jpg?fit=960%2C960&ssl=1\",\"datePublished\":\"2025-06-22T10:00:53+00:00\",\"breadcrumb\":{\"@id\":\"https:\\\/\\\/www.jazzzeitung.de\\\/cms\\\/2025\\\/06\\\/die-eingeschmolzene-jazz-radiowoche-vom-23-06-2025-bis-29-06-2025\\\/#breadcrumb\"},\"inLanguage\":\"de\",\"potentialAction\":[{\"@type\":\"ReadAction\",\"target\":[\"https:\\\/\\\/www.jazzzeitung.de\\\/cms\\\/2025\\\/06\\\/die-eingeschmolzene-jazz-radiowoche-vom-23-06-2025-bis-29-06-2025\\\/\"]}]},{\"@type\":\"ImageObject\",\"inLanguage\":\"de\",\"@id\":\"https:\\\/\\\/www.jazzzeitung.de\\\/cms\\\/2025\\\/06\\\/die-eingeschmolzene-jazz-radiowoche-vom-23-06-2025-bis-29-06-2025\\\/#primaryimage\",\"url\":\"https:\\\/\\\/i0.wp.com\\\/www.jazzzeitung.de\\\/cms\\\/wp-content\\\/uploads\\\/2025\\\/06\\\/land-udn-leute-licht.jpg?fit=960%2C960&ssl=1\",\"contentUrl\":\"https:\\\/\\\/i0.wp.com\\\/www.jazzzeitung.de\\\/cms\\\/wp-content\\\/uploads\\\/2025\\\/06\\\/land-udn-leute-licht.jpg?fit=960%2C960&ssl=1\",\"width\":960,\"height\":960,\"caption\":\"Land und Leute. Licht. Foto: Hufner\"},{\"@type\":\"BreadcrumbList\",\"@id\":\"https:\\\/\\\/www.jazzzeitung.de\\\/cms\\\/2025\\\/06\\\/die-eingeschmolzene-jazz-radiowoche-vom-23-06-2025-bis-29-06-2025\\\/#breadcrumb\",\"itemListElement\":[{\"@type\":\"ListItem\",\"position\":1,\"name\":\"Startseite\",\"item\":\"https:\\\/\\\/www.jazzzeitung.de\\\/cms\\\/\"},{\"@type\":\"ListItem\",\"position\":2,\"name\":\"Die eingeschmolzene Jazz-Radiowoche vom 23.06.2025 bis 29.06.2025\"}]},{\"@type\":\"WebSite\",\"@id\":\"https:\\\/\\\/www.jazzzeitung.de\\\/cms\\\/#website\",\"url\":\"https:\\\/\\\/www.jazzzeitung.de\\\/cms\\\/\",\"name\":\"JazzZeitung\",\"description\":\"Jazz-News und Jazz-Kontroverses\",\"publisher\":{\"@id\":\"https:\\\/\\\/www.jazzzeitung.de\\\/cms\\\/#organization\"},\"potentialAction\":[{\"@type\":\"SearchAction\",\"target\":{\"@type\":\"EntryPoint\",\"urlTemplate\":\"https:\\\/\\\/www.jazzzeitung.de\\\/cms\\\/?s={search_term_string}\"},\"query-input\":{\"@type\":\"PropertyValueSpecification\",\"valueRequired\":true,\"valueName\":\"search_term_string\"}}],\"inLanguage\":\"de\"},{\"@type\":\"Organization\",\"@id\":\"https:\\\/\\\/www.jazzzeitung.de\\\/cms\\\/#organization\",\"name\":\"JazzZeitung online\",\"url\":\"https:\\\/\\\/www.jazzzeitung.de\\\/cms\\\/\",\"logo\":{\"@type\":\"ImageObject\",\"inLanguage\":\"de\",\"@id\":\"https:\\\/\\\/www.jazzzeitung.de\\\/cms\\\/#\\\/schema\\\/logo\\\/image\\\/\",\"url\":\"https:\\\/\\\/i0.wp.com\\\/www.jazzzeitung.de\\\/cms\\\/wp-content\\\/uploads\\\/2015\\\/08\\\/JAZZZEITUNGDE_Logo_Neu.png?fit=499%2C200&ssl=1\",\"contentUrl\":\"https:\\\/\\\/i0.wp.com\\\/www.jazzzeitung.de\\\/cms\\\/wp-content\\\/uploads\\\/2015\\\/08\\\/JAZZZEITUNGDE_Logo_Neu.png?fit=499%2C200&ssl=1\",\"width\":499,\"height\":200,\"caption\":\"JazzZeitung online\"},\"image\":{\"@id\":\"https:\\\/\\\/www.jazzzeitung.de\\\/cms\\\/#\\\/schema\\\/logo\\\/image\\\/\"},\"sameAs\":[\"https:\\\/\\\/www.facebook.com\\\/JazzZeitung\\\/\"]},{\"@type\":\"Person\",\"@id\":\"https:\\\/\\\/www.jazzzeitung.de\\\/cms\\\/#\\\/schema\\\/person\\\/b9a4e5ac765d94fb8f617bfa8f1fc5f7\",\"name\":\"Martin Hufner\",\"image\":{\"@type\":\"ImageObject\",\"inLanguage\":\"de\",\"@id\":\"https:\\\/\\\/i0.wp.com\\\/www.jazzzeitung.de\\\/cms\\\/wp-content\\\/uploads\\\/2013\\\/07\\\/huf-06.jpg?resize=96%2C96&ssl=15fcc31aa94540751a3b804516452be00\",\"url\":\"https:\\\/\\\/i0.wp.com\\\/www.jazzzeitung.de\\\/cms\\\/wp-content\\\/uploads\\\/2013\\\/07\\\/huf-06.jpg?resize=96%2C96&ssl=1\",\"contentUrl\":\"https:\\\/\\\/i0.wp.com\\\/www.jazzzeitung.de\\\/cms\\\/wp-content\\\/uploads\\\/2013\\\/07\\\/huf-06.jpg?resize=96%2C96&ssl=1\",\"caption\":\"Martin Hufner\"},\"description\":\"Martin Hufner ist freier Autor der JazzZeitung.\",\"sameAs\":[\"https:\\\/\\\/www.kritische-masse.de\\\/logbuch\",\"https:\\\/\\\/www.facebook.com\\\/hufner\"],\"url\":\"https:\\\/\\\/www.jazzzeitung.de\\\/cms\\\/author\\\/admin\\\/\"}]}<\/script>\n<!-- \/ Yoast SEO plugin. -->","yoast_head_json":{"title":"Die eingeschmolzene Jazz-Radiowoche vom 23.06.2025 bis 29.06.2025 - JazzZeitung","robots":{"index":"index","follow":"follow","max-snippet":"max-snippet:-1","max-image-preview":"max-image-preview:large","max-video-preview":"max-video-preview:-1"},"canonical":"https:\/\/www.jazzzeitung.de\/cms\/2025\/06\/die-eingeschmolzene-jazz-radiowoche-vom-23-06-2025-bis-29-06-2025\/","og_locale":"de_DE","og_type":"article","og_title":"Die eingeschmolzene Jazz-Radiowoche vom 23.06.2025 bis 29.06.2025 - JazzZeitung","og_description":"Jazz im Radio \u2013 Jeden Sonntag gibt es um 12 Uhr unsere \u00dcbersicht f\u00fcr die jeweils nachfolgende Woche. Die #Jazz-Radiowoche vom 23.06. bis zum 29.06.2025. Erheblich ausged\u00fcnnt. Auch als PDF zum Download \u2013 #Jazz #JazzZeitung #Radio #Radiowoche \u2013 Ein Service unserer Online-Redaktion.","og_url":"https:\/\/www.jazzzeitung.de\/cms\/2025\/06\/die-eingeschmolzene-jazz-radiowoche-vom-23-06-2025-bis-29-06-2025\/","og_site_name":"JazzZeitung","article_publisher":"https:\/\/www.facebook.com\/JazzZeitung\/","article_author":"https:\/\/www.facebook.com\/hufner","article_published_time":"2025-06-22T10:00:53+00:00","og_image":[{"width":960,"height":960,"url":"https:\/\/i0.wp.com\/www.jazzzeitung.de\/cms\/wp-content\/uploads\/2025\/06\/land-udn-leute-licht.jpg?fit=960%2C960&ssl=1","type":"image\/jpeg"}],"author":"Martin Hufner","schema":{"@context":"https:\/\/schema.org","@graph":[{"@type":"Article","@id":"https:\/\/www.jazzzeitung.de\/cms\/2025\/06\/die-eingeschmolzene-jazz-radiowoche-vom-23-06-2025-bis-29-06-2025\/#article","isPartOf":{"@id":"https:\/\/www.jazzzeitung.de\/cms\/2025\/06\/die-eingeschmolzene-jazz-radiowoche-vom-23-06-2025-bis-29-06-2025\/"},"author":{"name":"Martin Hufner","@id":"https:\/\/www.jazzzeitung.de\/cms\/#\/schema\/person\/b9a4e5ac765d94fb8f617bfa8f1fc5f7"},"headline":"Die eingeschmolzene Jazz-Radiowoche vom 23.06.2025 bis 29.06.2025","datePublished":"2025-06-22T10:00:53+00:00","mainEntityOfPage":{"@id":"https:\/\/www.jazzzeitung.de\/cms\/2025\/06\/die-eingeschmolzene-jazz-radiowoche-vom-23-06-2025-bis-29-06-2025\/"},"wordCount":3307,"commentCount":0,"publisher":{"@id":"https:\/\/www.jazzzeitung.de\/cms\/#organization"},"image":{"@id":"https:\/\/www.jazzzeitung.de\/cms\/2025\/06\/die-eingeschmolzene-jazz-radiowoche-vom-23-06-2025-bis-29-06-2025\/#primaryimage"},"thumbnailUrl":"https:\/\/i0.wp.com\/www.jazzzeitung.de\/cms\/wp-content\/uploads\/2025\/06\/land-udn-leute-licht.jpg?fit=960%2C960&ssl=1","keywords":["Die Radiowoche","Jazz im Radio"],"articleSection":["News","Radio"],"inLanguage":"de","potentialAction":[{"@type":"CommentAction","name":"Comment","target":["https:\/\/www.jazzzeitung.de\/cms\/2025\/06\/die-eingeschmolzene-jazz-radiowoche-vom-23-06-2025-bis-29-06-2025\/#respond"]}]},{"@type":"WebPage","@id":"https:\/\/www.jazzzeitung.de\/cms\/2025\/06\/die-eingeschmolzene-jazz-radiowoche-vom-23-06-2025-bis-29-06-2025\/","url":"https:\/\/www.jazzzeitung.de\/cms\/2025\/06\/die-eingeschmolzene-jazz-radiowoche-vom-23-06-2025-bis-29-06-2025\/","name":"Die eingeschmolzene Jazz-Radiowoche vom 23.06.2025 bis 29.06.2025 - JazzZeitung","isPartOf":{"@id":"https:\/\/www.jazzzeitung.de\/cms\/#website"},"primaryImageOfPage":{"@id":"https:\/\/www.jazzzeitung.de\/cms\/2025\/06\/die-eingeschmolzene-jazz-radiowoche-vom-23-06-2025-bis-29-06-2025\/#primaryimage"},"image":{"@id":"https:\/\/www.jazzzeitung.de\/cms\/2025\/06\/die-eingeschmolzene-jazz-radiowoche-vom-23-06-2025-bis-29-06-2025\/#primaryimage"},"thumbnailUrl":"https:\/\/i0.wp.com\/www.jazzzeitung.de\/cms\/wp-content\/uploads\/2025\/06\/land-udn-leute-licht.jpg?fit=960%2C960&ssl=1","datePublished":"2025-06-22T10:00:53+00:00","breadcrumb":{"@id":"https:\/\/www.jazzzeitung.de\/cms\/2025\/06\/die-eingeschmolzene-jazz-radiowoche-vom-23-06-2025-bis-29-06-2025\/#breadcrumb"},"inLanguage":"de","potentialAction":[{"@type":"ReadAction","target":["https:\/\/www.jazzzeitung.de\/cms\/2025\/06\/die-eingeschmolzene-jazz-radiowoche-vom-23-06-2025-bis-29-06-2025\/"]}]},{"@type":"ImageObject","inLanguage":"de","@id":"https:\/\/www.jazzzeitung.de\/cms\/2025\/06\/die-eingeschmolzene-jazz-radiowoche-vom-23-06-2025-bis-29-06-2025\/#primaryimage","url":"https:\/\/i0.wp.com\/www.jazzzeitung.de\/cms\/wp-content\/uploads\/2025\/06\/land-udn-leute-licht.jpg?fit=960%2C960&ssl=1","contentUrl":"https:\/\/i0.wp.com\/www.jazzzeitung.de\/cms\/wp-content\/uploads\/2025\/06\/land-udn-leute-licht.jpg?fit=960%2C960&ssl=1","width":960,"height":960,"caption":"Land und Leute. Licht. Foto: Hufner"},{"@type":"BreadcrumbList","@id":"https:\/\/www.jazzzeitung.de\/cms\/2025\/06\/die-eingeschmolzene-jazz-radiowoche-vom-23-06-2025-bis-29-06-2025\/#breadcrumb","itemListElement":[{"@type":"ListItem","position":1,"name":"Startseite","item":"https:\/\/www.jazzzeitung.de\/cms\/"},{"@type":"ListItem","position":2,"name":"Die eingeschmolzene Jazz-Radiowoche vom 23.06.2025 bis 29.06.2025"}]},{"@type":"WebSite","@id":"https:\/\/www.jazzzeitung.de\/cms\/#website","url":"https:\/\/www.jazzzeitung.de\/cms\/","name":"JazzZeitung","description":"Jazz-News und Jazz-Kontroverses","publisher":{"@id":"https:\/\/www.jazzzeitung.de\/cms\/#organization"},"potentialAction":[{"@type":"SearchAction","target":{"@type":"EntryPoint","urlTemplate":"https:\/\/www.jazzzeitung.de\/cms\/?s={search_term_string}"},"query-input":{"@type":"PropertyValueSpecification","valueRequired":true,"valueName":"search_term_string"}}],"inLanguage":"de"},{"@type":"Organization","@id":"https:\/\/www.jazzzeitung.de\/cms\/#organization","name":"JazzZeitung online","url":"https:\/\/www.jazzzeitung.de\/cms\/","logo":{"@type":"ImageObject","inLanguage":"de","@id":"https:\/\/www.jazzzeitung.de\/cms\/#\/schema\/logo\/image\/","url":"https:\/\/i0.wp.com\/www.jazzzeitung.de\/cms\/wp-content\/uploads\/2015\/08\/JAZZZEITUNGDE_Logo_Neu.png?fit=499%2C200&ssl=1","contentUrl":"https:\/\/i0.wp.com\/www.jazzzeitung.de\/cms\/wp-content\/uploads\/2015\/08\/JAZZZEITUNGDE_Logo_Neu.png?fit=499%2C200&ssl=1","width":499,"height":200,"caption":"JazzZeitung online"},"image":{"@id":"https:\/\/www.jazzzeitung.de\/cms\/#\/schema\/logo\/image\/"},"sameAs":["https:\/\/www.facebook.com\/JazzZeitung\/"]},{"@type":"Person","@id":"https:\/\/www.jazzzeitung.de\/cms\/#\/schema\/person\/b9a4e5ac765d94fb8f617bfa8f1fc5f7","name":"Martin Hufner","image":{"@type":"ImageObject","inLanguage":"de","@id":"https:\/\/i0.wp.com\/www.jazzzeitung.de\/cms\/wp-content\/uploads\/2013\/07\/huf-06.jpg?resize=96%2C96&ssl=15fcc31aa94540751a3b804516452be00","url":"https:\/\/i0.wp.com\/www.jazzzeitung.de\/cms\/wp-content\/uploads\/2013\/07\/huf-06.jpg?resize=96%2C96&ssl=1","contentUrl":"https:\/\/i0.wp.com\/www.jazzzeitung.de\/cms\/wp-content\/uploads\/2013\/07\/huf-06.jpg?resize=96%2C96&ssl=1","caption":"Martin Hufner"},"description":"Martin Hufner ist freier Autor der JazzZeitung.","sameAs":["https:\/\/www.kritische-masse.de\/logbuch","https:\/\/www.facebook.com\/hufner"],"url":"https:\/\/www.jazzzeitung.de\/cms\/author\/admin\/"}]}},"wp-worthy-pixel":{"ignored":true,"public":null,"server":null,"url":null},"wp-worthy-type":"normal","jetpack_publicize_connections":[],"cc_featured_image_caption":{"caption_text":"Land und Leute. Licht.","source_text":"Foto: Martin Hufner","source_url":"https:\/\/www.kritische-masse.de"},"jetpack_featured_media_url":"https:\/\/i0.wp.com\/www.jazzzeitung.de\/cms\/wp-content\/uploads\/2025\/06\/land-udn-leute-licht.jpg?fit=960%2C960&ssl=1","jetpack_shortlink":"https:\/\/wp.me\/p3KEcT-8vr","jetpack-related-posts":[{"id":33138,"url":"https:\/\/www.jazzzeitung.de\/cms\/2025\/09\/die-atomgrosse-jazz-radiowoche-vom-29-09-2025-bis-05-10-2025\/","url_meta":{"origin":32701,"position":0},"title":"Die atomgro\u00dfe Jazz-Radiowoche vom 29.09.2025 bis 05.10.2025","author":"Martin Hufner","date":"28. September 2025","format":false,"excerpt":"Jazz im Radio \u2013 Jeden Sonntag gibt es um 12 Uhr unsere \u00dcbersicht f\u00fcr die jeweils nachfolgende Woche. Die #Jazz-Radiowoche vom 29.09. bis zum 05.10.2025. Erheblich d\u00fcnn! Auch als PDF zum Download \u2013 #Jazz #JazzZeitung #Radio #Radiowoche \u2013 Ein Service unserer Online-Redaktion.","rel":"","context":"In &quot;News&quot;","block_context":{"text":"News","link":"https:\/\/www.jazzzeitung.de\/cms\/thema\/nachrichten\/"},"img":{"alt_text":"Botanische Supernova mit schwarzem Loch in der Na\u0308he von Terra Nova. Foto: Hufner","src":"https:\/\/i0.wp.com\/www.jazzzeitung.de\/cms\/wp-content\/uploads\/2025\/09\/Botanische-Supernova-mit-schwarzem-Loch-in-der-Naehe-von-Terra-Nova.jpg?fit=1200%2C900&ssl=1&resize=350%2C200","width":350,"height":200,"srcset":"https:\/\/i0.wp.com\/www.jazzzeitung.de\/cms\/wp-content\/uploads\/2025\/09\/Botanische-Supernova-mit-schwarzem-Loch-in-der-Naehe-von-Terra-Nova.jpg?fit=1200%2C900&ssl=1&resize=350%2C200 1x, https:\/\/i0.wp.com\/www.jazzzeitung.de\/cms\/wp-content\/uploads\/2025\/09\/Botanische-Supernova-mit-schwarzem-Loch-in-der-Naehe-von-Terra-Nova.jpg?fit=1200%2C900&ssl=1&resize=525%2C300 1.5x, https:\/\/i0.wp.com\/www.jazzzeitung.de\/cms\/wp-content\/uploads\/2025\/09\/Botanische-Supernova-mit-schwarzem-Loch-in-der-Naehe-von-Terra-Nova.jpg?fit=1200%2C900&ssl=1&resize=700%2C400 2x, https:\/\/i0.wp.com\/www.jazzzeitung.de\/cms\/wp-content\/uploads\/2025\/09\/Botanische-Supernova-mit-schwarzem-Loch-in-der-Naehe-von-Terra-Nova.jpg?fit=1200%2C900&ssl=1&resize=1050%2C600 3x"},"classes":[]},{"id":31928,"url":"https:\/\/www.jazzzeitung.de\/cms\/2024\/11\/die-geschmolzene-jazz-radiowoche-vom-25-11-2024-bis-01-12-2024\/","url_meta":{"origin":32701,"position":1},"title":"Die geschmolzene Jazz-Radiowoche vom 25.11.2024 bis 01.12.2024","author":"Martin Hufner","date":"24. November 2024","format":false,"excerpt":"Jazz im Radio \u2013 Jeden Sonntag gibt es um 12 Uhr unsere \u00dcbersicht f\u00fcr die jeweils nachfolgende Woche. Die #Jazz-Radiowoche vom 25. November bis zum 1. Dezember 2024. Erheblich ausged\u00fcnnt. Die ARD schafft ihr Radio gewisserma\u00dfen ab. Auch als PDF zum Download \u2013 #Jazz #JazzZeitung #Radio #Radiowoche \u2013 Ein Service\u2026","rel":"","context":"In &quot;News&quot;","block_context":{"text":"News","link":"https:\/\/www.jazzzeitung.de\/cms\/thema\/nachrichten\/"},"img":{"alt_text":"zugfahrt 2023 1. MH","src":"https:\/\/i0.wp.com\/www.jazzzeitung.de\/cms\/wp-content\/uploads\/2024\/11\/zugfahrt2023-1.-MH.jpg?fit=1200%2C900&ssl=1&resize=350%2C200","width":350,"height":200,"srcset":"https:\/\/i0.wp.com\/www.jazzzeitung.de\/cms\/wp-content\/uploads\/2024\/11\/zugfahrt2023-1.-MH.jpg?fit=1200%2C900&ssl=1&resize=350%2C200 1x, https:\/\/i0.wp.com\/www.jazzzeitung.de\/cms\/wp-content\/uploads\/2024\/11\/zugfahrt2023-1.-MH.jpg?fit=1200%2C900&ssl=1&resize=525%2C300 1.5x, https:\/\/i0.wp.com\/www.jazzzeitung.de\/cms\/wp-content\/uploads\/2024\/11\/zugfahrt2023-1.-MH.jpg?fit=1200%2C900&ssl=1&resize=700%2C400 2x, https:\/\/i0.wp.com\/www.jazzzeitung.de\/cms\/wp-content\/uploads\/2024\/11\/zugfahrt2023-1.-MH.jpg?fit=1200%2C900&ssl=1&resize=1050%2C600 3x"},"classes":[]},{"id":33149,"url":"https:\/\/www.jazzzeitung.de\/cms\/2025\/10\/die-protonenfette-jazz-radiowoche-vom-06-10-2025-bis-12-10-2025-2\/","url_meta":{"origin":32701,"position":2},"title":"Die atomgro\u00dfe Jazz-Radiowoche vom 06.10.2025 bis 12.10.2025","author":"Martin Hufner","date":"5. Oktober 2025","format":false,"excerpt":"Jazz im Radio \u2013 Jeden Sonntag gibt es um 12 Uhr unsere \u00dcbersicht f\u00fcr die jeweils nachfolgende Woche. Die #Jazz-Radiowoche vom 06.10. bis zum 12.10.2025. Erheblich d\u00fcnn! Auch als PDF zum Download \u2013 #Jazz #JazzZeitung #Radio #Radiowoche \u2013 Ein Service unserer Online-Redaktion.","rel":"","context":"In &quot;News&quot;","block_context":{"text":"News","link":"https:\/\/www.jazzzeitung.de\/cms\/thema\/nachrichten\/"},"img":{"alt_text":"Im G\u00e4stezimmer des Lebens. Foto: Hufner","src":"https:\/\/i0.wp.com\/www.jazzzeitung.de\/cms\/wp-content\/uploads\/2025\/10\/gaestezimmer.jpg?fit=960%2C1200&ssl=1&resize=350%2C200","width":350,"height":200,"srcset":"https:\/\/i0.wp.com\/www.jazzzeitung.de\/cms\/wp-content\/uploads\/2025\/10\/gaestezimmer.jpg?fit=960%2C1200&ssl=1&resize=350%2C200 1x, https:\/\/i0.wp.com\/www.jazzzeitung.de\/cms\/wp-content\/uploads\/2025\/10\/gaestezimmer.jpg?fit=960%2C1200&ssl=1&resize=525%2C300 1.5x, https:\/\/i0.wp.com\/www.jazzzeitung.de\/cms\/wp-content\/uploads\/2025\/10\/gaestezimmer.jpg?fit=960%2C1200&ssl=1&resize=700%2C400 2x"},"classes":[]},{"id":33293,"url":"https:\/\/www.jazzzeitung.de\/cms\/2025\/11\/die-quarksminimale-jazz-radiowoche-vom-03-11-2025-bis-09-11-2025\/","url_meta":{"origin":32701,"position":3},"title":"Die quarksminimale Jazz-Radiowoche vom 03.11.2025 bis 09.11.2025","author":"Martin Hufner","date":"2. November 2025","format":false,"excerpt":"Jazz im Radio \u2013 Jeden Sonntag gibt es um 12 Uhr unsere \u00dcbersicht f\u00fcr die jeweils nachfolgende Woche. Die #Jazz-Radiowoche vom 03.11. bis zum 09.11.2025. Erheblich d\u00fcnn! Auch als PDF zum Download \u2013 #Jazz #JazzZeitung #Radio #Radiowoche \u2013 Ein Service unserer Online-Redaktion.","rel":"","context":"In &quot;News&quot;","block_context":{"text":"News","link":"https:\/\/www.jazzzeitung.de\/cms\/thema\/nachrichten\/"},"img":{"alt_text":"Holzstapel. Foto: Hufner","src":"https:\/\/i0.wp.com\/www.jazzzeitung.de\/cms\/wp-content\/uploads\/2025\/10\/Wie-viel.jpg?fit=1200%2C900&ssl=1&resize=350%2C200","width":350,"height":200,"srcset":"https:\/\/i0.wp.com\/www.jazzzeitung.de\/cms\/wp-content\/uploads\/2025\/10\/Wie-viel.jpg?fit=1200%2C900&ssl=1&resize=350%2C200 1x, https:\/\/i0.wp.com\/www.jazzzeitung.de\/cms\/wp-content\/uploads\/2025\/10\/Wie-viel.jpg?fit=1200%2C900&ssl=1&resize=525%2C300 1.5x, https:\/\/i0.wp.com\/www.jazzzeitung.de\/cms\/wp-content\/uploads\/2025\/10\/Wie-viel.jpg?fit=1200%2C900&ssl=1&resize=700%2C400 2x, https:\/\/i0.wp.com\/www.jazzzeitung.de\/cms\/wp-content\/uploads\/2025\/10\/Wie-viel.jpg?fit=1200%2C900&ssl=1&resize=1050%2C600 3x"},"classes":[]},{"id":32452,"url":"https:\/\/www.jazzzeitung.de\/cms\/2025\/04\/die-eingeschmolzene-jazz-radiowoche-vom-21-04-2025-bis-27-04-2025\/","url_meta":{"origin":32701,"position":4},"title":"Die eingeschmolzene Jazz-Radiowoche vom 21.04.2025 bis 27.04.2025","author":"Martin Hufner","date":"20. April 2025","format":false,"excerpt":"Jazz im Radio \u2013 Jeden Sonntag gibt es um 12 Uhr unsere \u00dcbersicht f\u00fcr die jeweils nachfolgende Woche. Die #Jazz-Radiowoche vom 21. bis 27. April 2025. Erheblich ausged\u00fcnnt. Auch als PDF zum Download \u2013 #Jazz #JazzZeitung #Radio #Radiowoche \u2013 Ein Service unserer Online-Redaktion.","rel":"","context":"In &quot;News&quot;","block_context":{"text":"News","link":"https:\/\/www.jazzzeitung.de\/cms\/thema\/nachrichten\/"},"img":{"alt_text":"Kn\u00f6pfe. Foto: Hufner","src":"https:\/\/i0.wp.com\/www.jazzzeitung.de\/cms\/wp-content\/uploads\/2025\/04\/knoepfe.jpg?fit=1200%2C900&ssl=1&resize=350%2C200","width":350,"height":200,"srcset":"https:\/\/i0.wp.com\/www.jazzzeitung.de\/cms\/wp-content\/uploads\/2025\/04\/knoepfe.jpg?fit=1200%2C900&ssl=1&resize=350%2C200 1x, https:\/\/i0.wp.com\/www.jazzzeitung.de\/cms\/wp-content\/uploads\/2025\/04\/knoepfe.jpg?fit=1200%2C900&ssl=1&resize=525%2C300 1.5x, https:\/\/i0.wp.com\/www.jazzzeitung.de\/cms\/wp-content\/uploads\/2025\/04\/knoepfe.jpg?fit=1200%2C900&ssl=1&resize=700%2C400 2x, https:\/\/i0.wp.com\/www.jazzzeitung.de\/cms\/wp-content\/uploads\/2025\/04\/knoepfe.jpg?fit=1200%2C900&ssl=1&resize=1050%2C600 3x"},"classes":[]},{"id":32215,"url":"https:\/\/www.jazzzeitung.de\/cms\/2025\/02\/die-eingeschmolzene-jazz-radiowoche-vom-17-02-2025-bis-23-02-2025\/","url_meta":{"origin":32701,"position":5},"title":"Die eingeschmolzene Jazz-Radiowoche vom 17.02.2025 bis 23.02.2025","author":"Martin Hufner","date":"16. Februar 2025","format":false,"excerpt":"Jazz im Radio \u2013 Jeden Sonntag gibt es um 12 Uhr unsere \u00dcbersicht f\u00fcr die jeweils nachfolgende Woche. Die #Jazz-Radiowoche vom 10. bis 16. Februar 2025. Erheblich ausged\u00fcnnt. Die ARD schafft ihr Radio gewisserma\u00dfen ab. Auch als PDF zum Download \u2013 #Jazz #JazzZeitung #Radio #Radiowoche \u2013 Ein Service unserer Online-Redaktion.","rel":"","context":"In &quot;News&quot;","block_context":{"text":"News","link":"https:\/\/www.jazzzeitung.de\/cms\/thema\/nachrichten\/"},"img":{"alt_text":"Kunst vorm Bau. Foto: Hufner","src":"https:\/\/i0.wp.com\/www.jazzzeitung.de\/cms\/wp-content\/uploads\/2025\/02\/kunstvormbau.jpg?fit=1080%2C939&ssl=1&resize=350%2C200","width":350,"height":200,"srcset":"https:\/\/i0.wp.com\/www.jazzzeitung.de\/cms\/wp-content\/uploads\/2025\/02\/kunstvormbau.jpg?fit=1080%2C939&ssl=1&resize=350%2C200 1x, https:\/\/i0.wp.com\/www.jazzzeitung.de\/cms\/wp-content\/uploads\/2025\/02\/kunstvormbau.jpg?fit=1080%2C939&ssl=1&resize=525%2C300 1.5x, https:\/\/i0.wp.com\/www.jazzzeitung.de\/cms\/wp-content\/uploads\/2025\/02\/kunstvormbau.jpg?fit=1080%2C939&ssl=1&resize=700%2C400 2x, https:\/\/i0.wp.com\/www.jazzzeitung.de\/cms\/wp-content\/uploads\/2025\/02\/kunstvormbau.jpg?fit=1080%2C939&ssl=1&resize=1050%2C600 3x"},"classes":[]}],"jetpack_sharing_enabled":false,"_links":{"self":[{"href":"https:\/\/www.jazzzeitung.de\/cms\/wp-json\/wp\/v2\/posts\/32701","targetHints":{"allow":["GET"]}}],"collection":[{"href":"https:\/\/www.jazzzeitung.de\/cms\/wp-json\/wp\/v2\/posts"}],"about":[{"href":"https:\/\/www.jazzzeitung.de\/cms\/wp-json\/wp\/v2\/types\/post"}],"author":[{"embeddable":true,"href":"https:\/\/www.jazzzeitung.de\/cms\/wp-json\/wp\/v2\/users\/1"}],"replies":[{"embeddable":true,"href":"https:\/\/www.jazzzeitung.de\/cms\/wp-json\/wp\/v2\/comments?post=32701"}],"version-history":[{"count":1,"href":"https:\/\/www.jazzzeitung.de\/cms\/wp-json\/wp\/v2\/posts\/32701\/revisions"}],"predecessor-version":[{"id":32703,"href":"https:\/\/www.jazzzeitung.de\/cms\/wp-json\/wp\/v2\/posts\/32701\/revisions\/32703"}],"wp:featuredmedia":[{"embeddable":true,"href":"https:\/\/www.jazzzeitung.de\/cms\/wp-json\/wp\/v2\/media\/32702"}],"wp:attachment":[{"href":"https:\/\/www.jazzzeitung.de\/cms\/wp-json\/wp\/v2\/media?parent=32701"}],"wp:term":[{"taxonomy":"category","embeddable":true,"href":"https:\/\/www.jazzzeitung.de\/cms\/wp-json\/wp\/v2\/categories?post=32701"},{"taxonomy":"post_tag","embeddable":true,"href":"https:\/\/www.jazzzeitung.de\/cms\/wp-json\/wp\/v2\/tags?post=32701"},{"taxonomy":"author","embeddable":true,"href":"https:\/\/www.jazzzeitung.de\/cms\/wp-json\/wp\/v2\/coauthors?post=32701"}],"curies":[{"name":"wp","href":"https:\/\/api.w.org\/{rel}","templated":true}]}}