{"id":32629,"date":"2025-06-08T12:00:52","date_gmt":"2025-06-08T10:00:52","guid":{"rendered":"https:\/\/www.jazzzeitung.de\/cms\/?p=32629"},"modified":"2025-06-05T11:45:52","modified_gmt":"2025-06-05T09:45:52","slug":"die-eingeschmolzene-jazz-radiowoche-vom-09-06-2025-bis-15-06-2025","status":"publish","type":"post","link":"https:\/\/www.jazzzeitung.de\/cms\/2025\/06\/die-eingeschmolzene-jazz-radiowoche-vom-09-06-2025-bis-15-06-2025\/","title":{"rendered":"Die eingeschmolzene Jazz-Radiowoche vom 09.06.2025 bis 15.06.2025"},"content":{"rendered":"<p class=\"western\"><a name=\"_Hlk71805784\"><\/a> Die \u00dcbersicht zum <span style=\"color: #0563c1;\"><u><a href=\"https:\/\/service.conbrio.de\/service\/download\/278\/\" name=\"Download des PDF\">Download als PDF<\/a><\/u><\/span><span style=\"text-decoration: line-through;\">.<\/span> Alle Angaben ohne Gew\u00e4hr. Erg\u00e4nzt mit den tollen Sendungen zur Neuen Musik von BR-KLASSIK und \u00d61.<\/p>\n<p class=\"western\">Leider hat die ARD ihre Suchmaschine in Fragen Radio in der Zwischenzeit komplett geschreddert, nachdem sie in den vergangenen Jahren schon nicht mehr \u00fcber Schlagworte funktioniert hat. Damit sind wir nun komplett auf Zulieferungen der Sendeanstalten angewiesen. Aktuell bekommen wir Informationen von SWR Kultur, \u00d61 und in Sachen Neue Musik von BR-KLASSIK und ebenfalls \u00d61.<\/p>\n<h2 class=\"western\"><a name=\"__RefHeading___Toc532_2049876245\"><\/a><a name=\"_Toc176424572\"><\/a><a name=\"_Toc183595478\"><\/a><a name=\"_Toc184290543\"><\/a><a name=\"_Toc185409041\"><\/a><a name=\"_Toc186792938\"><\/a><a name=\"_Toc187143015\"><\/a><a name=\"_Toc188530705\"><\/a><a name=\"_Toc188957623\"><\/a><a name=\"_Toc189813526\"><\/a><a name=\"_Toc189815284\"><\/a><a name=\"_Toc190257440\"><\/a><a name=\"_Toc174527976\"><\/a><a name=\"_Toc175140589\"><\/a> Senderliste:<\/h2>\n<ul>\n<li><span style=\"color: #0563c1;\"><u><a href=\"https:\/\/oe1.orf.at\/\" name=\"Link zum ORF\">ORF \u2013 \u00d61<\/a><\/u><\/span><\/li>\n<li><span style=\"color: #0563c1;\"><u><a href=\"https:\/\/www.deutschlandradio.de\/\" name=\"Link zum Deutschlandfunk\">Deutschlandfunk<\/a><\/u><\/span> \u2013 \u201eFakten und mehr\u201c<\/li>\n<li><span style=\"color: #0563c1;\"><u><a href=\"https:\/\/www.deutschlandfunkkultur.de\/\" name=\"Link zu Deutschlandfunk Kultur\">Deutschlandfunk-Kultur<\/a><\/u><\/span> \u2013 \u201eDas Feuilleton im Radio\u201c<\/li>\n<li><span style=\"color: #0563c1;\"><u><a href=\"https:\/\/www.ndr.de\/ndrkultur\/\" name=\"Link zu ndr kultur\">ndr Kultur<\/a><\/u><\/span> \u2013 H\u00f6ren und genie\u00dfen<\/li>\n<li><span style=\"color: #0563c1;\"><u><a href=\"https:\/\/www.ndr.de\/ndrblue\/index.html\" name=\"Link zu ndr blue\"><span lang=\"en-US\">ndr blue<\/span><\/a><\/u><\/span><span lang=\"en-US\"> \u2013 Meet The Music<\/span><\/li>\n<li><span style=\"color: #0563c1;\"><u><a href=\"https:\/\/www.bremenzwei.de\/\" name=\"Link zu Radio Bremen\">radio bremen<\/a><\/u><\/span> \u2013 Neugier lohnt sich.<\/li>\n<li><span style=\"color: #0563c1;\"><u><a href=\"https:\/\/www.radiodrei.de\/\" name=\"Link zu Radio 3 von Berlin\">Radio 3<\/a><\/u><\/span> \u2013<\/li>\n<li><span style=\"color: #0563c1;\"><u><a href=\"https:\/\/www.mdr.de\/kultur\/radio\/index.html\" name=\"Link zu medr-kultur\">mdr-kultur<\/a><\/u><\/span> \u2013 Das Radio.<\/li>\n<li><a href=\"https:\/\/www1.wdr.de\/radio\/wdr3\/\" name=\"Link zu WDR3\"><span style=\"color: #0563c1;\"><u>W<\/u><\/span><span style=\"color: #0563c1;\"><u>DR<\/u><\/span><span style=\"color: #0563c1;\"><u>3<\/u><\/span><\/a> \u2013 Das Kulturradio<\/li>\n<li><span style=\"color: #0563c1;\"><u><a href=\"https:\/\/www.hr2.de\/index.html\" name=\"Link zu hr2-kultur\">hr2-kultur<\/a><\/u><\/span> \u2013 Das Kulturradio f\u00fcr Hessen.<\/li>\n<li><a href=\"https:\/\/www.sr.de\/sr\/sr2\/index.html\" name=\"Link zu SR2-Kulturradio\"><span style=\"color: #0563c1;\"><u>S<\/u><\/span><span style=\"color: #0563c1;\"><u>R<\/u><\/span><span style=\"color: #0563c1;\"><u>2 Kulturradio<\/u><\/span><\/a> \u2013 \u2026 gut zu h\u00f6ren.<\/li>\n<li><a href=\"https:\/\/www.swr.de\/swr2\/\" name=\"Link zu SWR Kuultur\"><span style=\"color: #0563c1;\"><u>S<\/u><\/span><span style=\"color: #0563c1;\"><u>WR<\/u><\/span><u> <\/u><\/a><span style=\"color: #0563c1;\"><u>kultur<\/u><\/span> \u2013 Kultur neu entdecken<\/li>\n<li><span style=\"color: #0563c1;\"><u><a href=\"https:\/\/www.br.de\/radio\/br-klassik\/index.html\" name=\"Link zu BR-Klassik\">BR-KLASSIK<\/a><\/u><\/span> \u2013 Klassikstars geben auf BR-KLASSIK den Ton an. Attraktive Magazine bringen Interviews und Neuigkeiten aus dem Musikleben.<\/li>\n<li><span style=\"color: #0563c1;\"><u><a href=\"https:\/\/www.br.de\/radio\/bayern2\/index.html\" name=\"Link zu Bayern2\">Bayern 2<\/a><\/u><\/span> \u2013 Preisgekr\u00f6ntes Radio f\u00fcr H\u00f6rer, die mehr wissen wollen<\/li>\n<\/ul>\n<h2 class=\"western\"><a name=\"__RefHeading___Toc534_2049876245\"><\/a><a name=\"_Toc190257441\"><\/a><a name=\"_Toc175140590\"><\/a><a name=\"_Toc176424573\"><\/a><a name=\"_Toc183595479\"><\/a><a name=\"_Toc184290544\"><\/a><a name=\"_Toc185409042\"><\/a><a name=\"_Toc186792939\"><\/a><a name=\"_Toc187143016\"><\/a><a name=\"_Toc188530706\"><\/a><a name=\"_Toc188957624\"><\/a><a name=\"_Toc189813527\"><\/a><a name=\"_Toc189815285\"><\/a> Internet:<\/h2>\n<ul>\n<li>Schweden: <span style=\"color: #0563c1;\"><u><a href=\"https:\/\/sverigesradio.se\/tabla.aspx?programid=2562\" name=\"Link zu Schwedens Radio P&quot;\">P2<\/a><\/u><\/span> sendet immer Dienstags von 21:00 bis 22:00 und Sonntags von 18:40 bis 20:00 ein Jazzkonzert<\/li>\n<li>Ungarn: <span style=\"color: #0563c1;\"><u><a href=\"https:\/\/mediaklikk.hu\/bartok\/\" name=\"Link zu Bart\u00f3k-Radio\">Bartok Radio<\/a><\/u><\/span> sendet t\u00e4glich von 23:00 bis 23:55 eine Jazzsendung<\/li>\n<\/ul>\n<hr \/>\n<h2 class=\"western\"><a name=\"__RefHeading___Toc2913_1894427267\"><\/a> mo \u2013 09.06.2025<\/h2>\n<hr \/>\n<p class=\"western\">17:10:00 +++ \u00d61<br \/>\n<b>Neapel sehen \u2013 und weiterleben. Zweieinhalb Jahrtausende einer unm\u00f6glichen Stadt<\/b><\/p>\n<p class=\"western\" style=\"padding-left: 40px;\">Neapel k\u00f6nnte es genauso gut nicht geben. Gelegen zwischen einem schlafenden Supervulkan unter den angrenzenden Phlegr\u00e4ischen Feldern und dem Vesuv, der bekanntlich schon einmal eine Stadt vernichtet hat, existiert die Metropole am Mittelmeer prek\u00e4r in Erwartung von Unheil. Dies aber immerhin seit zweieinhalbtausend Jahren \u2013 genau 475 vor unserer Zeitrechnung soll die \u201eNea Polis\u201c, die \u201eneue Stadt\u201c, als griechische Siedlung gegr\u00fcndet worden sein \u2013 so will es jedenfalls die Politik, die heuer offiziell 2.500 Jahre Neapel feiert.<\/p>\n<p class=\"western\" style=\"padding-left: 40px;\">Mit Widerspr\u00fcchen und Provisorien lebt man jedenfalls seit Langem (ein paar Jahre auf oder ab scheinen da vernachl\u00e4ssigbar) \u2013 lebt mit dem Gegensatz zwischen der atemberaubenden Sch\u00f6nheit des Golfs von Neapel, seiner Inseln und der nahen Amalfik\u00fcste einerseits und andererseits der atemberaubenden Desolatheit vieler Wohnquartiere in der Altstadt wie auch in den rasch gealterten Neubauvierteln der Peripherie. Oder mit dem Kontrast zwischen beeindruckenden Kunstsch\u00e4tzen und Kirchen, tiefgl\u00e4ubigem Katholizismus und ebenso beeindruckend tiefer Korruption und Kriminalit\u00e4t.<\/p>\n<p class=\"western\" style=\"padding-left: 40px;\">All das ist selbstverst\u00e4ndlich auch reicher N\u00e4hrboden f\u00fcr Drama und Ironie, Sch\u00f6nheit und Spott, wie sie f\u00fcr die neapolitanische kulturelle Tradition und popul\u00e4re Musik charakteristisch sind. In diesen Spielr\u00e4umen, aus dem willkommenen Anlass des Jubil\u00e4ums, ein Blick zur\u00fcck, wenn nicht auf zweieinhalbtausend Jahre, so zumindest auf einige Jahrzehnte \u00dcberlebenswillen, Sch\u00f6nheit und Witz.<\/p>\n<p class=\"western\">22:03 \u2013 23:00 UHR +++ SWR KULTUR<br \/>\n<b>ARD Jazz. Spotlight: KI im Jazz \u2013 M\u00f6glichkeiten und Grenzen<\/b><\/p>\n<p class=\"western\" style=\"padding-left: 40px;\">Von Thomas Mau. Eine Person? Ein Thema? Oder doch ein Konzert? Montags gehen wir in die Tiefe und werfen ein Schlaglicht auf Musik und Musikschaffende aus der internationalen und nationalen Jazzszene. Erleben Sie Portraits von au\u00dfergew\u00f6hnlichen K\u00fcnstler*innen oder fantastische Konzertaufnahmen. Abwechselnd tragen alle unsere Sender dazu bei \u2013 mit eigener Handschrift und eigenem Fokus. Denn wir alle finden: Jazz geh\u00f6rt ins Spotlight..<\/p>\n<p class=\"western\">22:05:00 +++ \u00d61<br \/>\n<b>Jet Lag All Stars Radio Show<\/b><\/p>\n<hr \/>\n<h2 class=\"western\"><a name=\"__RefHeading___Toc2915_1894427267\"><\/a>di \u2013 10.06.2025<\/h2>\n<hr \/>\n<p class=\"western\">17:30:00 +++ \u00d61<br \/>\n<b>Musik aus allen Richtungen.<\/b><\/p>\n<p class=\"western\">21:00 \u2013 22:00 UHR +++ SWR KULTUR<br \/>\n<b>JetztMusik: freejazzsaar 2025: Baby Sommer\u2019s Brother &amp; Sisterhood<\/b><\/p>\n<p class=\"western\" style=\"padding-left: 40px;\">Von Karsten Neuschwender. Ekstatisch mit einer Mischung aus dem rhythmischen und melodi\u00f6sen Spirit s\u00fcdafrikanischer Urbanit\u00e4t und den experimentellen Freiheiten des europ\u00e4ischen Avantgarde-Jazz \u2013 so wurde Brotherhood of Breath in den 60er- und 70er-Jahren zu einer der international aufregendsten Bigbands. Diese Band wird beim 10. Freejazzfestival in Saarbr\u00fccken mit einer atemberaubenden Hommage gefeiert. Von Baby Sommer&#8216; s Brother &amp; Sisterhood, einer Formation, in der sich die gro\u00dfen Player des Free Jazz der vergangenen Jahrzehnte zusammengefunden haben.<\/p>\n<p class=\"western\">23:03:00 +++ \u00d61<br \/>\n<b>Neuerscheinungen und andere Entdeckungen \u2013 Aktuelle Aufnahmen zeitgen\u00f6ssischer Musik <\/b><\/p>\n<p class=\"western\" style=\"padding-left: 40px;\">Auch an diesem Dienstag pr\u00e4sentieren wir Ihnen wieder Neuerscheinungen und andere Entdeckungen aus dem Feld der neuen und experimentellen Musik. Mit der W\u00fcrdigung zweier Jubilare: Das in Salzburg ans\u00e4ssige \u00d6sterreichisches Ensemble f\u00fcr Neue Musik (oenm) feiert 50., das Klangforum Wien 40. Geburtstag. Letzteres wurde im M\u00e4rz 1985 auf Initiative von Beat Furrer als Soci\u00e9t\u00e9 de l\u2019Art Acoustique gegr\u00fcndet. Das erste Konzert des sp\u00e4teren Klangforum fand am 13. Juni 1985 statt. Gestaltung: Astrid Schwarz<\/p>\n<hr \/>\n<h2 class=\"western\"><a name=\"__RefHeading___Toc2917_1894427267\"><\/a>mi \u2013 11.06.2025<\/h2>\n<hr \/>\n<p class=\"western\">17:30:00 +++ \u00d61<br \/>\n<b>Musik aus allen Richtungen mit Ulla Pilz und Michael Neuhauser.<\/b><\/p>\n<p class=\"western\">22:03 \u2013 23:00 UHR +++ SWR KULTUR<br \/>\n<b>ARD Jazz. Das Magazin<\/b><\/p>\n<p class=\"western\" style=\"padding-left: 40px;\">Von Mauretta Heinzelmann. Das w\u00f6chentliche Jazz-Update, pr\u00e4sentiert von Eurer ARD: Au\u00dfergew\u00f6hnliche Ver\u00f6ffentlichungen, relevante Ereignisse und aktuelle Debatten. Wir diskutieren Jazz in allen seinen Facetten und suchen auch deutschlandweit die Orte auf, an denen er zuhause ist. Nicht verpassen!<\/p>\n<hr \/>\n<h2 class=\"western\"><a name=\"__RefHeading___Toc2919_1894427267\"><\/a>do \u2013 12.06.2025<\/h2>\n<hr \/>\n<p class=\"western\">17:30:00 +++ \u00d61<br \/>\n<b>Musik aus allen Richtungen mit Andreas Felber.<\/b><\/p>\n<p class=\"western\">22:03 \u2013 23:00 UHR +++ SWR KULTUR<br \/>\n<b>Jazz and More<\/b><\/p>\n<p class=\"western\" style=\"padding-left: 40px;\">Von Karmen Mikovic. Ja was haben wir denn da?! Neue Alben aus dem Jazz und seinen Randgebieten. Ob Blues, Neo-Klassik, Global-Pop oder freie Improvisation \u2013 hier darf alles mitmischen. (\u00dcbernahme von hr2-kultur).<\/p>\n<p class=\"western\">23:03 bis 00:00 Uhr +++ BR-KLASSIK<br \/>\n<b>Horizonte: Ask the Composer! \u2013 Portr\u00e4tkonzert Anna Korsun<\/b><\/p>\n<p class=\"western\" style=\"padding-left: 40px;\">Seit Jahren eine \u00e4u\u00dferst fruchtbare Tradition an der Musikhochschule N\u00fcrnberg: das Format \u201eAsk the composer\u201c, bei dem Studierende und Publikum einer Komponistin oder einem Komponisten und ihrem Schaffen ganz nah kommen k\u00f6nnen. Im vergangenen Jahr war die ukrainische Komponistin Anna Korsun zu Gast, die seit ihrem Kompositionsstudium bei Moritz Eggert an der M\u00fcnchner Hochschule f\u00fcr Musik und Theater in Deutschland lebt. Die in Donezk geborene Musikerin ist nicht nur als Komponistin t\u00e4tig, sondern auch als S\u00e4ngerin, Pianistin, Organistin und Dirigentin. Sie erhielt Stipendien in der Villa Concordia in Bamberg und der Villa Massimo in Rom. Ihre Werke waren u.a. bei den Darmst\u00e4dter Ferienkursen oder dem Warschauer Herbst zu h\u00f6ren. Sie unterrichtet als Dozentin am Konservatorium in Amsterdam. Anna Korsun erarbeitete pers\u00f6nlich mit den Studierenden der Musikhochschule N\u00fcrnberg einige ihrer Werke \u2013 ein besonderes Erlebnis, erm\u00f6glicht doch der Austausch mit der Komponistin tiefe Einblicke in den kreativen Schaffensprozess. \u00dcber ihre Musik sagt Anna Korsun: \u201eIch benutze manchmal Elektronik, manchmal arbeite ich mit anderen Kunstformen, aber f\u00fcr mich stehen immer die akustischen Quellen im Mittelpunkt. F\u00fcr mich ist Musik eine Art Kunst, bei der der K\u00fcnstler mit Kl\u00e4ngen arbeitet, sowie mit ihren Beziehungen in Raum und Zeit. Aber vor allem ist Musik f\u00fcr mich eine Denkweise, eine Art, die Welt wahrzunehmen.\u201c Eine Sendung von Thorsten Preu\u00df<\/p>\n<figure id=\"attachment_32630\" aria-describedby=\"caption-attachment-32630\" style=\"width: 840px\" class=\"wp-caption aligncenter\"><a href=\"https:\/\/i0.wp.com\/www.jazzzeitung.de\/cms\/wp-content\/uploads\/2025\/06\/fruehling.jpg?ssl=1\"><img data-recalc-dims=\"1\" loading=\"lazy\" decoding=\"async\" data-attachment-id=\"32630\" data-permalink=\"https:\/\/www.jazzzeitung.de\/cms\/2025\/06\/die-eingeschmolzene-jazz-radiowoche-vom-09-06-2025-bis-15-06-2025\/fruehling\/\" data-orig-file=\"https:\/\/i0.wp.com\/www.jazzzeitung.de\/cms\/wp-content\/uploads\/2025\/06\/fruehling.jpg?fit=1600%2C1060&amp;ssl=1\" data-orig-size=\"1600,1060\" data-comments-opened=\"1\" data-image-meta=\"{&quot;aperture&quot;:&quot;0&quot;,&quot;credit&quot;:&quot;&quot;,&quot;camera&quot;:&quot;&quot;,&quot;caption&quot;:&quot;&quot;,&quot;created_timestamp&quot;:&quot;0&quot;,&quot;copyright&quot;:&quot;&quot;,&quot;focal_length&quot;:&quot;0&quot;,&quot;iso&quot;:&quot;0&quot;,&quot;shutter_speed&quot;:&quot;0&quot;,&quot;title&quot;:&quot;&quot;,&quot;orientation&quot;:&quot;1&quot;}\" data-image-title=\"Fr\u00fchling, Sommer. Foto: Hufner\" data-image-description=\"&lt;p&gt;Fr\u00fchling, Sommer. Foto: Hufner&lt;\/p&gt;\n\" data-image-caption=\"&lt;p&gt;Fr\u00fchling, Sommer. Foto: Hufner&lt;\/p&gt;\n\" data-large-file=\"https:\/\/i0.wp.com\/www.jazzzeitung.de\/cms\/wp-content\/uploads\/2025\/06\/fruehling.jpg?fit=840%2C556&amp;ssl=1\" class=\"size-large wp-image-32630\" src=\"https:\/\/i0.wp.com\/www.jazzzeitung.de\/cms\/wp-content\/uploads\/2025\/06\/fruehling.jpg?resize=840%2C556&#038;ssl=1\" alt=\"Fr\u00fchling, Sommer. Foto: Hufner\" width=\"840\" height=\"556\" srcset=\"https:\/\/i0.wp.com\/www.jazzzeitung.de\/cms\/wp-content\/uploads\/2025\/06\/fruehling.jpg?resize=900%2C596&amp;ssl=1 900w, https:\/\/i0.wp.com\/www.jazzzeitung.de\/cms\/wp-content\/uploads\/2025\/06\/fruehling.jpg?resize=300%2C199&amp;ssl=1 300w, https:\/\/i0.wp.com\/www.jazzzeitung.de\/cms\/wp-content\/uploads\/2025\/06\/fruehling.jpg?resize=768%2C509&amp;ssl=1 768w, https:\/\/i0.wp.com\/www.jazzzeitung.de\/cms\/wp-content\/uploads\/2025\/06\/fruehling.jpg?resize=1536%2C1018&amp;ssl=1 1536w, https:\/\/i0.wp.com\/www.jazzzeitung.de\/cms\/wp-content\/uploads\/2025\/06\/fruehling.jpg?resize=120%2C80&amp;ssl=1 120w, https:\/\/i0.wp.com\/www.jazzzeitung.de\/cms\/wp-content\/uploads\/2025\/06\/fruehling.jpg?resize=1320%2C875&amp;ssl=1 1320w, https:\/\/i0.wp.com\/www.jazzzeitung.de\/cms\/wp-content\/uploads\/2025\/06\/fruehling.jpg?w=1600&amp;ssl=1 1600w\" sizes=\"auto, (max-width: 840px) 100vw, 840px\" \/><\/a><figcaption id=\"caption-attachment-32630\" class=\"wp-caption-text\">Fr\u00fchling, Sommer. Foto: Hufner<\/figcaption><\/figure>\n<hr \/>\n<h2 class=\"western\"><a name=\"__RefHeading___Toc2921_1894427267\"><\/a>fr \u2013 13.06.2025<\/h2>\n<hr \/>\n<p class=\"western\">14:05:00 +++ \u00d61<br \/>\n<b>S\u00e4ngerin und Trompeterin Alba Armengou im Duo mit Gitarrist Vicente L\u00f3pez 2024 im schwedischen Ystad<\/b><\/p>\n<p class=\"western\" style=\"padding-left: 40px;\">2024 pr\u00e4sentierte sich ein ungew\u00f6hnliches Duo beim Jazzfestival im schwedischen Ystad. Der spanische Gitarrist Vicente L\u00f3pez lie\u00df sich mit der zu diesem Zeitpunkt 23 Jahre jungen Alba Armengou aus Barcelona h\u00f6ren. Letztere ist ein weiteres Doppeltalent auf den Spuren der inzwischen international bekannten Andrea Motis: Auch Armengou spielt hinrei\u00dfend Trompete und singt \u2013 und zwar auf Katalanisch, Spanisch, Portugiesisch und Englisch. Ihr Talent war und ist so herausragend, dass sie bereits im Alter von sieben Jahren in die renommierte Sant Andreu Jazz Band in Barcelona aufgenommen wurde, mit der sie 13 Jahre lang spielte und an \u00fcber 30 Alben mitwirkte.<\/p>\n<p class=\"western\" style=\"padding-left: 40px;\">Im Jahr 2020 begann die musikalische Kooperation Alba Armengous mit Vicente L\u00f3pez. Das Deb\u00fctalbum der beiden, das den Titel \u201eSusurros del Viento\u201c tr\u00e4gt, vereint zahlreiche Stile, auch aus der brasilianischen Musikwelt. Ein vielseitiges und kurzweiliges Programm, das sich von jazzigen Boleros \u00fcber katalanische Lieder bis zu Bossa Novas erstreckte, demonstrierten Alba Armengou und Vicente L\u00f3pez auch am 31. Juli letzten Jahres in der Abteikirche in Ystad \u2013 und begeisterten damit das Publikum.<\/p>\n<p class=\"western\">17:30:00 +++ \u00d61<br \/>\n<b>Musik aus allen Richtungen mit Johann Kneihs.<\/b><\/p>\n<p class=\"western\">19:03 bis 20:00 Uhr +++ BR-KLASSIK<br \/>\n<b>KlassikPlus \u2013 Musikfeature: Eine Musikauslese zum 150. Todestag des Lyrikers Eduard M\u00f6rike<\/b><\/p>\n<p class=\"western\" style=\"padding-left: 40px;\">Er schrieb von Geistern, von unerf\u00fcllter Liebe, vom \u201eblauen Band\u201c in der Natur und der Sehnsucht der Seele. Fraglos dichtete der evangelische Pfarrer Eduard M\u00f6rike im Geiste der Romantik. Seine Balladen und Gedichte in ihrer lichten, rhythmisch schwingenden Sprache wurden rasch in den Kanon romantischer Lyrik aufgenommen und inspirierten schon zu seinen Lebzeiten Musikschaffende zu zahlreichen Liedern. Bis in die zeitgen\u00f6ssische Musik finden sich vielf\u00e4ltige Vertonungen, die M\u00f6rikes Lyrik in ein ansprechendes Klangbild setzen. Zum 150. Todestag des schw\u00e4bischen Dichters stellt BR-KLASSIK eine Musikauswahl zusammen und streift mit dem Naturhistoriker Nils Franke die Fragen: Was bedeutet jenseits von Mondlichtschimmer der romantische Blick auf die Welt und was macht ihn bis heute so anziehend? Eine Sendung von Julia Sch\u00f6lzel<\/p>\n<p class=\"western\">19:30:00 +++ \u00d61<br \/>\n<b>Die Pianistin und S\u00e4ngerin Katarina Kochetova<\/b><\/p>\n<p class=\"western\" style=\"padding-left: 40px;\">Virtuose Beherrschung der 88 Tasten und pr\u00e4gnante Kompositionen zeichnen sie aus: Katarina Kochetova, geboren in Kiiv, hat in Serbien klassisches Klavier studiert, danach Jazz-Klavier an der Musik- und Kunst-Privatuniversit\u00e4t der Stadt Wien \u2013 und in den letzten Jahren zahlreiche Wettbewerbe und Auszeichnungen gewonnen. Vor Kurzem ist ihr Deb\u00fctalbum \u201eBeyond Motion\u201c erschienen.<\/p>\n<p class=\"western\" style=\"padding-left: 40px;\">Am 6. Juni 2025 bat sie Johann Kneihs im Wiener RadioCafe zum Gespr\u00e4ch.<\/p>\n<p class=\"western\">22:30:00 +++ \u00d61<br \/>\n<b>Die W\u00fcrdigung eines Gitarrenmodells und seines Erfinders Les Paul<\/b><\/p>\n<p class=\"western\" style=\"padding-left: 40px;\">Der US-amerikanische Gitarrist Lester William Polsfuss war ein Pionier in mehreren Belangen. Zum einen wurde die von ihm entworfene Gitarre, die \u201eLes Paul\u201c zu einem ikonischen elektrischen Gitarrenmodell der Popularmusik. Seit 1952 wird dieses Modell von der Firma Gibson hergestellt.<\/p>\n<p class=\"western\" style=\"padding-left: 40px;\">Zum anderen war Les Paul als Produzent einer der ersten, der Mehrspurverfahren bei der Aufnahmetechnik nutzte und so verschiedene Gitarrenparts hintereinander aufnehmen konnte. Diese Overdubs erm\u00f6glichten g\u00e4nzlich neue Klangwelten und machten das Tonstudio zu einem Musikinstrument, welches mittels Klangmanipulation v\u00f6llig neuartige Sounds, die live nicht reproduziert werden konnten, fabrizierte. Am 9. Juni j\u00e4hrt sich der Geburtstag des 2009 verstorbenen Les Paul zum<\/p>\n<p class=\"western\" style=\"padding-left: 40px;\">110. Mal. Die Spielr\u00e4ume Nachtausgabe w\u00fcrdigt nicht nur den Musiker, sondern auch das Gitarrenmodell Les Paul. Von Eric Clapton beim Beatles-Klassiker \u201eWhile my guitar gently weeps\u201c bis zu Noel Gallagher von der Band Oasis, der mit einer geliehenen Les Paul die ersten Aufnahmen seiner Band pr\u00e4gte, werden wichtige historische Aufnahmen mit diesem Gitarrenmodell zu h\u00f6ren sein. Die G\u00e4ste dieser Sendung, welche auch live musizieren werden, sind die Gitarristen Norbert Schneider und Thomas Palme.<\/p>\n<hr \/>\n<h2 class=\"western\"><a name=\"__RefHeading___Toc2923_1894427267\"><\/a>sa \u2013 14.06.2025<\/h2>\n<hr \/>\n<p class=\"western\">00:05:00 +++ \u00d61<br \/>\n<b>(Fortsetzung). Die W\u00fcrdigung eines Gitarrenmodells und seines Erfinders Les Paul<\/b><\/p>\n<p class=\"western\">14:05 bis 15:00 Uhr +++ BR-KLASSIK<br \/>\n<b>KlassikPlus \u2013 Musikfeature: Eine Musikauslese zum 150. Todestag des Lyrikers Eduard M\u00f6rike<\/b><\/p>\n<p class=\"western\" style=\"padding-left: 40px;\">Er schrieb von Geistern, von unerf\u00fcllter Liebe, vom \u201eblauen Band\u201c in der Natur und der Sehnsucht der Seele. Fraglos dichtete der evangelische Pfarrer Eduard M\u00f6rike im Geiste der Romantik. Seine Balladen und Gedichte in ihrer lichten, rhythmisch schwingenden Sprache wurden rasch in den Kanon romantischer Lyrik aufgenommen und inspirierten schon zu seinen Lebzeiten Musikschaffende zu zahlreichen Liedern. Bis in die zeitgen\u00f6ssische Musik finden sich vielf\u00e4ltige Vertonungen, die M\u00f6rikes Lyrik in ein ansprechendes Klangbild setzen. Zum 150. Todestag des schw\u00e4bischen Dichters stellt BR-KLASSIK eine Musikauswahl zusammen und streift mit dem Naturhistoriker Nils Franke die Fragen: Was bedeutet jenseits von Mondlichtschimmer der romantische Blick auf die Welt und was macht ihn bis heute so anziehend? Eine Sendung von Julia Sch\u00f6lzel<\/p>\n<p class=\"western\">18:20 \u2013 19:00 UHR +++ SWR KULTUR<br \/>\n<b>Jazz: Sea Songs and Harbour Horns \u2013 Der Jazz und das Meer<\/b><\/p>\n<p class=\"western\" style=\"padding-left: 40px;\">Von Henry Altmann. Am 8. Juni war der \u201eTag des Meeres\u201c, am 25. ist der \u201eTag des Seefahrers\u201c \u2013 vom Land aufs Meer und vom Meer aufs Land zu blicken, geh\u00f6rt zu den menschlichen Ur-Sehns\u00fcchten. Das Meer ist mehr \u2013 eine musikalische Metapher f\u00fcr Sehns\u00fcchte und Hoffnungen aller Art. Selbstredend, dass auch im Jazz maritim gesegelt wurde, ob von Herbie Hancock oder Charles Trenet, von Woody Herman oder Miles Davis, Kurt Weill, Gil Evans oder dessen ehemaliger Sch\u00fclerin Maria Schneider. Jazz in SWR Kultur geht heute auf gro\u00dfe Meerfahrt durch die Wellenweiten der Jazz-Geschichte.<\/p>\n<p class=\"western\">19:05 bis 20:00 Uhr +++ BR-KLASSIK<br \/>\n<b>Musik der Welt: Lieder und T\u00e4nze zur Begr\u00fc\u00dfung<\/b><\/p>\n<p class=\"western\" style=\"padding-left: 40px;\">\u201eHerzlich willkommen\u201c \u2013 das sind nur zwei Worte, die viel bedeuten und gerne gesagt werden von Radiomoderatorinnen zu Beginn einer Sendung, vom Gastgeber eines Festes oder auch vom Conf\u00e9rencier im Zirkus. Lieder und T\u00e4nze zur Begr\u00fc\u00dfung aus verschiedenen L\u00e4ndern dieser Erde gibt\u00b4s in dieser Ausgabe von \u201eMusik der Welt\u201c. Begr\u00fc\u00dft werden: die K\u00f6nigin von Saba, der n\u00e4chste Morgen, eine Gruppe steppender Iren aus Dublin, alte Freunde in Georgien und Italien. Auch ein Lied von Franz Schubert kommt vor, denn der hat, weil offenbar praktisch veranlagt, \u201eWillkommen\u201c und \u201eAbschied\u201c in ein und demselben Lied vorkommen lassen. Eine Sendung von Sylvia Schreiber<\/p>\n<p class=\"western\">23:25:00 +++ \u00d61<br \/>\n<b>Neuigkeiten aus der Welt des Jazz<\/b><\/p>\n<p class=\"western\" style=\"padding-left: 40px;\">Konzertempfehlungen f\u00fcr die kommende Woche, Buchbesprechungen, Kurznachrufe und aktuelle Meldungen.<\/p>\n<hr \/>\n<h2 class=\"western\"><a name=\"__RefHeading___Toc2925_1894427267\"><\/a>so \u2013 15.06.2025<\/h2>\n<hr \/>\n<p class=\"western\">00:05:00 +++ \u00d61<br \/>\n<b>Das Salzburger Duo Javentu im Interview und konzertant im Wiener RadioCafe<\/b><\/p>\n<p class=\"western\" style=\"padding-left: 40px;\">Frischer Wind von der Salzach! Javentu nennt sich ein grooviges Duo aus der Stadt Salzburg, das 2024 mit der Ver\u00f6ffentlichung des Deb\u00fct-Albums \u201ePivots on the Rock\u201c hat aufhorchen lassen: Saxofonist Vitus Denifl und sein aus D\u00e4nemark stammender Partner Jacob Gregersen (E-Bass) machen seit 2021 gemeinsame Sache, sie kreieren mit reduzierten Mitteln weite, repetitive, rhythmuszentrierte Klangr\u00e4ume, beeinflusst von Jazz sowie indischer bis karibischer Musik.<\/p>\n<p class=\"western\" style=\"padding-left: 40px;\">Beim Konzert im Wiener RadioCafe am 21. M\u00e4rz 2025 in der Reihe \u201e5 Millionen\u201c Pesos gesellte sich in der zweiten H\u00e4lfte der Schlagzeuger-Gast Thomas Mantl zum Duo auf die B\u00fchnen und verst\u00e4rkte die groovige Seite der Musik von Javentu. Christian Bakonyi pr\u00e4sentiert das Konzert und bittet Vitus Denifl und Jacob Gregersen zum Interview: Thema ist auch ihre Besch\u00e4ftigung mit Bewegung und Tanz, die in der Musik als physische Qualit\u00e4t erlebbar wird.<\/p>\n<p class=\"western\" style=\"padding-left: 40px;\">Au\u00dferdem: Erinnerungen an den aus dem tschechischen Ostrau stammenden Schlagzeuger und Rundfunkmoderator Paul Polansky, der ab Ende der 1960er Jahre am reformierten ORF wirkte und hier\u00a0u. a. als Chef der Produktionsabteilung Unterhaltungsmusik sowie als Gr\u00fcnder und Leiter der ORF- Jazzredaktion fungierte. Polansky w\u00e4re am 14. Juni 100 Jahre alt geworden.<\/p>\n<p class=\"western\">03:03:00 +++ \u00d61<br \/>\n<b>Mit klingenden Kulinarien in den Sonntag-Morgen<\/b><\/p>\n<p class=\"western\" style=\"padding-left: 40px;\">Klassiker und Fundst\u00fccke aus 100 Jahren Jazzgeschichte (Wiederholung).<\/p>\n<p class=\"western\">17:10:00 +++ \u00d61<br \/>\n<b>Ivan Lins, der unbesungene Held der brasilianischen Musik<\/b><\/p>\n<p class=\"western\" style=\"padding-left: 40px;\">Wenn es um das Thema M\u00fasica Popular Brasileira geht, fallen schnell die Namen Gilberto Gil, Astrud und Jo\u00e3o Gilberto, Ant\u00f4nio Carlos Jobim oder Caetano Veloso. Ivan Lins wird in unseren Breiten selten genannt, dabei ist er einer der meist aufgenommenen und gecoverten brasilianischen Songwriter; und auch als S\u00e4nger und Pianist hat Lins \u00fcber 40 Alben herausgebracht und dabei die Musiktraditionen seines Landes oft in Richtung Jazz und Fusion ge\u00f6ffnet.<\/p>\n<p class=\"western\" style=\"padding-left: 40px;\">Am 16.6. 1945 in Rio de Janeiro geboren, w\u00e4chst Ivan Lins teilweise in Boston auf, er ist also von Anfang an in zwei Welten zu Hause. Nach dem Studienabschluss als Chemieingenieur st\u00fcrzt sich der Autodidakt ganz auf die Musik. 1970 legt Lins mit \u201eMadalena\u201c, gesungen von Elis Regina, einen Sensationserfolg hin und ist seither eine zentrale Gr\u00f6\u00dfe der brasilianischen Musikszene. 1980 entdeckt ihn Quincy Jones f\u00fcr den internationalen Markt, Ivan Lins\u00b4 gr\u00f6\u00dfter Hit \u201eLove Dance\u201c wird von George Benson, Sarah Vaughan, Peggy Lee, Shirley Horn, Barbra Streisand und vielen anderen gecovert.<\/p>\n<p class=\"western\" style=\"padding-left: 40px;\">Seither tourt der vielseitige K\u00fcnstler, der zwischen Rio und Lissabon pendelt, durch die ganze Welt. Auch rund um seinen 80. Geburtstag.<\/p>\n<p class=\"western\">19:05:00 +++ \u00d61<br \/>\n<b>Das Valentin Schuppich Quartett im Studio 2 des Wiener RadioKulturhauses<\/b><\/p>\n<p class=\"western\" style=\"padding-left: 40px;\">Der geb\u00fcrtige Wiener Valentin Schuppich z\u00e4hlt zu den wichtigen Stimmen der hiesigen Jazzszene. Seine musikalische Laufbahn beginnt er zun\u00e4chst mit Geigen-Unterricht, ehe er mit elf Jahren seine Liebe zum Klavier entdeckt. Nach dem Studium an der Jazzabteilung der Musik- und Kunst-Privatuniversit\u00e4t der Stadt Wien konzentriert er sich vor allem auf die Arbeit mit seinem Trio, in dem er gemeinsam mit Bassist Karol Hodas und Schlagzeuger Dusan Novakov seit Jahren die kreativen M\u00f6glichkeiten dieses zeitlosen Formats auslotet.<\/p>\n<p class=\"western\" style=\"padding-left: 40px;\">Mit dem Tenorsaxofonisten Roman Schwaller wird der Dreier nun zum Vierer. Selten gespielte Jazzstandards wie \u201eAll Through The Night\u201c von Cole Porter und Perlen der Jazzliteratur wie \u201eYou Know I Care\u201c von Pianist Duke Pearson werden in frischen Arrangements pr\u00e4sentiert, in denen alle Bandmitglieder solistisch zur Geltung kommen. Die Maxime des Valentin Schuppich Quartetts lautet: \u201eIt don&#8217;t mean a thing if it ain&#8217;t got that swing!\u201c Der erste Tontr\u00e4ger der Band wird diesen Monat beim Wiener Label Homebase Records ver\u00f6ffentlicht.<\/p>\n<p class=\"western\">19:46 \u2013 20:00 UHR +++ SWR KULTUR<br \/>\n<b>Big Time Jazz. Jazz-Orchester, Big Band, Oktett \u2013 hier kommt Musik mit Vielen! <\/b><\/p>\n<p class=\"western\" style=\"padding-left: 40px;\">Im Big Time Jazz stellen wir f\u00fcr Sie interessante und sch\u00f6ne Kl\u00e4nge zusammen \u2013 von gro\u00dfen Ensembles aus dem Jazz und der improvisierten Musik. Wir bergen Archivaufnahmen und durchforsten Neuver\u00f6ffentlichungen f\u00fcr eine Zeit, die ganz den gro\u00dfen Kl\u00e4ngen geh\u00f6rt.<\/p>\n<p class=\"western\">22:03 \u2013 23:00 UHR +++ SWR KULTUR<br \/>\n<b>NOWJazz: Sonic Wilderness<\/b><\/p>\n<p class=\"western\" style=\"padding-left: 40px;\">Von Ulrich Kriest. Diese Reihe unternimmt Expeditionen in Randgebiete und Zwischenwelten des Jazz: Improv, Electronica, Klangkunst, Noise, Ambient oder Rock \u2013 hier kommen Neuver\u00f6ffentlichungen und Entdeckungen zu Geh\u00f6r, die sonst on air kaum zu haben sind. Abenteuerliche Kl\u00e4nge f\u00fcr abenteuerlustige Ohren.<\/p>\n<p class=\"western\">23:03:00 +++ \u00d61<br \/>\n<b>Wiener Festwochen: Musik von Komponistinnen (1) \u2013 Akademie Zweite Moderne: Geschichten von Identit\u00e4t, Krieg und Freiheit bei den Wiener Festwochen<\/b><\/p>\n<p class=\"western\" style=\"padding-left: 40px;\">Die Akademie Zweite Moderne, veranstaltet von den Wiener Festwochen, geht in die zweite Runde mit Musik voller \u201estories that matter\u201c. Idee ist es, dass Komponistinnen (Frauen und \/ oder trans-, inter-, nicht-bin\u00e4re Personen) sich selbst und ihre Arbeit an zwei Abenden im ORF-Radiokulturhaus vorstellen.<\/p>\n<p class=\"western\" style=\"padding-left: 40px;\">Kuratiert wird die Akademie Zweite Moderne von Jana Beckmann als Abbild unserer heutigen globalisierten Gegenwart. Die Initiative soll internationale Veranstalter dazu bewegen, gr\u00f6\u00dftm\u00f6gliche Diversit\u00e4t in ihren Programmen sicht- und vor allem h\u00f6rbar zu machen. Deshalb ist dem Programm auch ein diskursives Format mit internationaler Beteiligung angeschlossen. An zwei Konzertabenden spielt das Klangforum Wien unter der Leitung der Dirigentin Irene Delgado-Jim\u00e9nez.<\/p>\n<p class=\"western\" style=\"padding-left: 40px;\">Passend zum ausgerufenen Thema sind die k\u00fcnstlerischen Zug\u00e4nge der Werke bestechend individuell: Am ersten Abend erz\u00e4hlen die Kompositionen Geschichten von Identit\u00e4t, Krieg und Freiheit. Die Zug\u00e4nge sind immer sehr pers\u00f6nlich, wie etwa jener der Komponistin, Klangk\u00fcnstlerin und k\u00fcnstlerischen Forscherin Nyokabi Kari\u0169ki. Sie will mit ihrer Musik dazu beitragen, die afrikanische, im Speziellen die kenianische Kultur zu erhalten, und versucht mit ihrem autobiografischen St\u00fcck \u201eA Walk Through My Cu\u0303cu\u0303&#8217;s Farm\u201c die akustischen Eindr\u00fccke der Farm ihrer Gro\u00dfmutter vor dem Vergessen zu bewahren: \u201eWir gingen \u00fcber die Farm \u2013 genau wie immer, wenn wir zu Besuch sind \u2013 aber diesmal fiel es mir auf, dass ich mehr Acht gab: dem Boden, unseren Sprachen Kiswahili und Kikuyu, den B\u00e4umen und Fr\u00fcchten. Es f\u00fchlte sich an, als w\u00fcrden die Dinge um uns herum mir leise etwas beibringen.\u201c<\/p>\n<p class=\"western\" style=\"padding-left: 40px;\">Mit originalem, dokumentarischen Audiomaterial arbeitet die armenisch-amerikanische Komponistin Mary Kouyoumdjian. F\u00fcr \u201eBombs of Beirut\u201d schuf sie ein Denkmal f\u00fcr die Stadt im Libanon, wohin ihre Familie vor dem armenischen Genozid fliehen musste. Mit Aufnahmen von Bombeneinschl\u00e4gen und Gewehrsalven, die zwischen 1976 und 1978 vom Balkon einer Wohnung in Beirut gemacht worden waren, skizzierte sie ein akustisches Bild der Stadt im Nahen Osten, brutal und ungesch\u00f6nt.<\/p>\n<p class=\"western\" style=\"padding-left: 40px;\">Niloufar Nourbakhsh komponierte die Oper \u201eWe the Innumerable\u201c. Darin erz\u00e4hlt sie die Geschichte einer Iranerin, f\u00fcr die Wahrheit und Freiheit das h\u00f6chste Ma\u00df sind, selbst unter Todesgefahr und unter Androhung von Gewalt. Auch dieser Plot beruht auf wahren historischen Ereignissen, der iranweiten Protestbewegung, die 2009 in Teheran nach den Pr\u00e4sidentschaftswahlen ausgebrochen war. Unz\u00e4hlige Menschen wurden festgenommen, viele davon ermordet. Die junge Komponistin lebt in den USA, wo sie die Iranian Female Composers Association gegr\u00fcndet hat, und sich als deren Leiterin f\u00fcr Chancengleichheit einsetzt.<\/p>\n<p class=\"western\" style=\"padding-left: 40px;\">Eine Wiedergabe des Konzerts vom Samstag, 7. Juni 2025 aus dem ORF-Radiokulturhaus.<\/p>\n<p class=\"western\" style=\"padding-left: 40px;\">Der zweite Abend vom Sonntag, 8. Juni 2025, wird am Sonntag, 22. Juni 2025 um 19:45 Uhr in \u201eSupernova\u201c gesendet. Gestaltung: Marie-Therese Rudolph und Marlene Schnedl<\/p>\n<p class=\"western\">23:03 bis 00:00 Uhr +++ BR-KLASSIK<br \/>\n<b>Musik der Welt: \u201eDer Nachtigall Enkeltochter\u201c \u2013 Die persisch-j\u00fcdische S\u00e4ngerin Galeet Dardashti <\/b><\/p>\n<p class=\"western\" style=\"padding-left: 40px;\">\u201eIch lernte Kl\u00e4nge zu erzeugen, die ich nicht geglaubt hatte, je machen zu k\u00f6nnen\u201c, erinnert sich Galeet Dardashti an den Moment, als sie den orientalischen Gesang f\u00fcr sich entdeckte. Die amerikanische S\u00e4ngerin persisch-j\u00fcdischer Abstammung erhielt zun\u00e4chst eine klassische Gesangsausbildung, wollte aber nie Operns\u00e4ngerin werden. In ihrer Familie wurde j\u00fcdische Musik gemacht, allerdings nicht die orientalisch gepr\u00e4gte, sondern die aschkenasische wie man sie in Europa und in den USA kennt. Dass sie sich w\u00e4hrend ihres Studiums der Anthropologie mit der Musik der Mizrachim, also der j\u00fcdischen Bev\u00f6lkerung des Nahen Ostens zu besch\u00e4ftigen begann, hat mit ihrem Gro\u00dfvater zu tun. Der war einer der gro\u00dfen Meister der persischen klassischen Musik in den 1950er Jahren und wurde als \u201eNachtigall des Irans\u201c ger\u00fchmt. Gleichzeitig sang er an hohen j\u00fcdischen Festtagen in der Synagoge. Dieses sp\u00e4t entdeckte musikalische Erbe integriert Galeet Dardashti heute in ihre k\u00fcnstlerische Arbeit, indem sie die alten Aufnahmen ihres Gro\u00dfvaters mit ihrer eigenen Musik in zeitgem\u00e4\u00dfen Arrangements kombiniert. Damit will sie auch an die einstige Harmonie zwischen den Kulturen und Religionen im Nahen Osten erinnern. Eine Sendung von Michaela Fridrich<\/p>\n","protected":false},"excerpt":{"rendered":"<p>Jazz im Radio \u2013 Jeden Sonntag gibt es um 12 Uhr unsere \u00dcbersicht f\u00fcr die jeweils nachfolgende Woche. Die #Jazz-Radiowoche vom 09.06. bis zum 15.06.2025. Erheblich ausged\u00fcnnt. Auch als PDF zum Download \u2013 #Jazz #JazzZeitung #Radio #Radiowoche \u2013 Ein Service unserer Online-Redaktion.<\/p>\n","protected":false},"author":1,"featured_media":32630,"comment_status":"open","ping_status":"closed","sticky":false,"template":"","format":"standard","meta":{"_jetpack_memberships_contains_paid_content":false,"footnotes":"","jetpack_publicize_message":"","jetpack_publicize_feature_enabled":true,"jetpack_social_post_already_shared":true,"jetpack_social_options":{"image_generator_settings":{"template":"highway","default_image_id":0,"font":"","enabled":false},"version":2}},"categories":[633,452],"tags":[3773,1629],"coauthors":[650],"class_list":["post-32629","post","type-post","status-publish","format-standard","has-post-thumbnail","hentry","category-nachrichten","category-radio","tag-die-radiowoche","tag-jazz-im-radio"],"yoast_head":"<!-- This site is optimized with the Yoast SEO plugin v27.5 - https:\/\/yoast.com\/product\/yoast-seo-wordpress\/ -->\n<title>Die eingeschmolzene Jazz-Radiowoche vom 09.06.2025 bis 15.06.2025 - JazzZeitung<\/title>\n<meta name=\"robots\" content=\"index, follow, max-snippet:-1, max-image-preview:large, max-video-preview:-1\" \/>\n<link rel=\"canonical\" href=\"https:\/\/www.jazzzeitung.de\/cms\/2025\/06\/die-eingeschmolzene-jazz-radiowoche-vom-09-06-2025-bis-15-06-2025\/\" \/>\n<meta property=\"og:locale\" content=\"de_DE\" \/>\n<meta property=\"og:type\" content=\"article\" \/>\n<meta property=\"og:title\" content=\"Die eingeschmolzene Jazz-Radiowoche vom 09.06.2025 bis 15.06.2025 - JazzZeitung\" \/>\n<meta property=\"og:description\" content=\"Jazz im Radio \u2013 Jeden Sonntag gibt es um 12 Uhr unsere \u00dcbersicht f\u00fcr die jeweils nachfolgende Woche. Die #Jazz-Radiowoche vom 09.06. bis zum 15.06.2025. Erheblich ausged\u00fcnnt. Auch als PDF zum Download \u2013 #Jazz #JazzZeitung #Radio #Radiowoche \u2013 Ein Service unserer Online-Redaktion.\" \/>\n<meta property=\"og:url\" content=\"https:\/\/www.jazzzeitung.de\/cms\/2025\/06\/die-eingeschmolzene-jazz-radiowoche-vom-09-06-2025-bis-15-06-2025\/\" \/>\n<meta property=\"og:site_name\" content=\"JazzZeitung\" \/>\n<meta property=\"article:publisher\" content=\"https:\/\/www.facebook.com\/JazzZeitung\/\" \/>\n<meta property=\"article:author\" content=\"https:\/\/www.facebook.com\/hufner\" \/>\n<meta property=\"article:published_time\" content=\"2025-06-08T10:00:52+00:00\" \/>\n<meta property=\"og:image\" content=\"https:\/\/i0.wp.com\/www.jazzzeitung.de\/cms\/wp-content\/uploads\/2025\/06\/fruehling.jpg?fit=1600%2C1060&ssl=1\" \/>\n\t<meta property=\"og:image:width\" content=\"1600\" \/>\n\t<meta property=\"og:image:height\" content=\"1060\" \/>\n\t<meta property=\"og:image:type\" content=\"image\/jpeg\" \/>\n<meta name=\"author\" content=\"Martin Hufner\" \/>\n<script type=\"application\/ld+json\" class=\"yoast-schema-graph\">{\"@context\":\"https:\\\/\\\/schema.org\",\"@graph\":[{\"@type\":\"Article\",\"@id\":\"https:\\\/\\\/www.jazzzeitung.de\\\/cms\\\/2025\\\/06\\\/die-eingeschmolzene-jazz-radiowoche-vom-09-06-2025-bis-15-06-2025\\\/#article\",\"isPartOf\":{\"@id\":\"https:\\\/\\\/www.jazzzeitung.de\\\/cms\\\/2025\\\/06\\\/die-eingeschmolzene-jazz-radiowoche-vom-09-06-2025-bis-15-06-2025\\\/\"},\"author\":{\"name\":\"Martin Hufner\",\"@id\":\"https:\\\/\\\/www.jazzzeitung.de\\\/cms\\\/#\\\/schema\\\/person\\\/b9a4e5ac765d94fb8f617bfa8f1fc5f7\"},\"headline\":\"Die eingeschmolzene Jazz-Radiowoche vom 09.06.2025 bis 15.06.2025\",\"datePublished\":\"2025-06-08T10:00:52+00:00\",\"mainEntityOfPage\":{\"@id\":\"https:\\\/\\\/www.jazzzeitung.de\\\/cms\\\/2025\\\/06\\\/die-eingeschmolzene-jazz-radiowoche-vom-09-06-2025-bis-15-06-2025\\\/\"},\"wordCount\":3420,\"commentCount\":0,\"publisher\":{\"@id\":\"https:\\\/\\\/www.jazzzeitung.de\\\/cms\\\/#organization\"},\"image\":{\"@id\":\"https:\\\/\\\/www.jazzzeitung.de\\\/cms\\\/2025\\\/06\\\/die-eingeschmolzene-jazz-radiowoche-vom-09-06-2025-bis-15-06-2025\\\/#primaryimage\"},\"thumbnailUrl\":\"https:\\\/\\\/i0.wp.com\\\/www.jazzzeitung.de\\\/cms\\\/wp-content\\\/uploads\\\/2025\\\/06\\\/fruehling.jpg?fit=1600%2C1060&ssl=1\",\"keywords\":[\"Die Radiowoche\",\"Jazz im Radio\"],\"articleSection\":[\"News\",\"Radio\"],\"inLanguage\":\"de\",\"potentialAction\":[{\"@type\":\"CommentAction\",\"name\":\"Comment\",\"target\":[\"https:\\\/\\\/www.jazzzeitung.de\\\/cms\\\/2025\\\/06\\\/die-eingeschmolzene-jazz-radiowoche-vom-09-06-2025-bis-15-06-2025\\\/#respond\"]}]},{\"@type\":\"WebPage\",\"@id\":\"https:\\\/\\\/www.jazzzeitung.de\\\/cms\\\/2025\\\/06\\\/die-eingeschmolzene-jazz-radiowoche-vom-09-06-2025-bis-15-06-2025\\\/\",\"url\":\"https:\\\/\\\/www.jazzzeitung.de\\\/cms\\\/2025\\\/06\\\/die-eingeschmolzene-jazz-radiowoche-vom-09-06-2025-bis-15-06-2025\\\/\",\"name\":\"Die eingeschmolzene Jazz-Radiowoche vom 09.06.2025 bis 15.06.2025 - JazzZeitung\",\"isPartOf\":{\"@id\":\"https:\\\/\\\/www.jazzzeitung.de\\\/cms\\\/#website\"},\"primaryImageOfPage\":{\"@id\":\"https:\\\/\\\/www.jazzzeitung.de\\\/cms\\\/2025\\\/06\\\/die-eingeschmolzene-jazz-radiowoche-vom-09-06-2025-bis-15-06-2025\\\/#primaryimage\"},\"image\":{\"@id\":\"https:\\\/\\\/www.jazzzeitung.de\\\/cms\\\/2025\\\/06\\\/die-eingeschmolzene-jazz-radiowoche-vom-09-06-2025-bis-15-06-2025\\\/#primaryimage\"},\"thumbnailUrl\":\"https:\\\/\\\/i0.wp.com\\\/www.jazzzeitung.de\\\/cms\\\/wp-content\\\/uploads\\\/2025\\\/06\\\/fruehling.jpg?fit=1600%2C1060&ssl=1\",\"datePublished\":\"2025-06-08T10:00:52+00:00\",\"breadcrumb\":{\"@id\":\"https:\\\/\\\/www.jazzzeitung.de\\\/cms\\\/2025\\\/06\\\/die-eingeschmolzene-jazz-radiowoche-vom-09-06-2025-bis-15-06-2025\\\/#breadcrumb\"},\"inLanguage\":\"de\",\"potentialAction\":[{\"@type\":\"ReadAction\",\"target\":[\"https:\\\/\\\/www.jazzzeitung.de\\\/cms\\\/2025\\\/06\\\/die-eingeschmolzene-jazz-radiowoche-vom-09-06-2025-bis-15-06-2025\\\/\"]}]},{\"@type\":\"ImageObject\",\"inLanguage\":\"de\",\"@id\":\"https:\\\/\\\/www.jazzzeitung.de\\\/cms\\\/2025\\\/06\\\/die-eingeschmolzene-jazz-radiowoche-vom-09-06-2025-bis-15-06-2025\\\/#primaryimage\",\"url\":\"https:\\\/\\\/i0.wp.com\\\/www.jazzzeitung.de\\\/cms\\\/wp-content\\\/uploads\\\/2025\\\/06\\\/fruehling.jpg?fit=1600%2C1060&ssl=1\",\"contentUrl\":\"https:\\\/\\\/i0.wp.com\\\/www.jazzzeitung.de\\\/cms\\\/wp-content\\\/uploads\\\/2025\\\/06\\\/fruehling.jpg?fit=1600%2C1060&ssl=1\",\"width\":1600,\"height\":1060,\"caption\":\"Fr\u00fchling, Sommer. Foto: Hufner\"},{\"@type\":\"BreadcrumbList\",\"@id\":\"https:\\\/\\\/www.jazzzeitung.de\\\/cms\\\/2025\\\/06\\\/die-eingeschmolzene-jazz-radiowoche-vom-09-06-2025-bis-15-06-2025\\\/#breadcrumb\",\"itemListElement\":[{\"@type\":\"ListItem\",\"position\":1,\"name\":\"Startseite\",\"item\":\"https:\\\/\\\/www.jazzzeitung.de\\\/cms\\\/\"},{\"@type\":\"ListItem\",\"position\":2,\"name\":\"Die eingeschmolzene Jazz-Radiowoche vom 09.06.2025 bis 15.06.2025\"}]},{\"@type\":\"WebSite\",\"@id\":\"https:\\\/\\\/www.jazzzeitung.de\\\/cms\\\/#website\",\"url\":\"https:\\\/\\\/www.jazzzeitung.de\\\/cms\\\/\",\"name\":\"JazzZeitung\",\"description\":\"Jazz-News und Jazz-Kontroverses\",\"publisher\":{\"@id\":\"https:\\\/\\\/www.jazzzeitung.de\\\/cms\\\/#organization\"},\"potentialAction\":[{\"@type\":\"SearchAction\",\"target\":{\"@type\":\"EntryPoint\",\"urlTemplate\":\"https:\\\/\\\/www.jazzzeitung.de\\\/cms\\\/?s={search_term_string}\"},\"query-input\":{\"@type\":\"PropertyValueSpecification\",\"valueRequired\":true,\"valueName\":\"search_term_string\"}}],\"inLanguage\":\"de\"},{\"@type\":\"Organization\",\"@id\":\"https:\\\/\\\/www.jazzzeitung.de\\\/cms\\\/#organization\",\"name\":\"JazzZeitung online\",\"url\":\"https:\\\/\\\/www.jazzzeitung.de\\\/cms\\\/\",\"logo\":{\"@type\":\"ImageObject\",\"inLanguage\":\"de\",\"@id\":\"https:\\\/\\\/www.jazzzeitung.de\\\/cms\\\/#\\\/schema\\\/logo\\\/image\\\/\",\"url\":\"https:\\\/\\\/i0.wp.com\\\/www.jazzzeitung.de\\\/cms\\\/wp-content\\\/uploads\\\/2015\\\/08\\\/JAZZZEITUNGDE_Logo_Neu.png?fit=499%2C200&ssl=1\",\"contentUrl\":\"https:\\\/\\\/i0.wp.com\\\/www.jazzzeitung.de\\\/cms\\\/wp-content\\\/uploads\\\/2015\\\/08\\\/JAZZZEITUNGDE_Logo_Neu.png?fit=499%2C200&ssl=1\",\"width\":499,\"height\":200,\"caption\":\"JazzZeitung online\"},\"image\":{\"@id\":\"https:\\\/\\\/www.jazzzeitung.de\\\/cms\\\/#\\\/schema\\\/logo\\\/image\\\/\"},\"sameAs\":[\"https:\\\/\\\/www.facebook.com\\\/JazzZeitung\\\/\"]},{\"@type\":\"Person\",\"@id\":\"https:\\\/\\\/www.jazzzeitung.de\\\/cms\\\/#\\\/schema\\\/person\\\/b9a4e5ac765d94fb8f617bfa8f1fc5f7\",\"name\":\"Martin Hufner\",\"image\":{\"@type\":\"ImageObject\",\"inLanguage\":\"de\",\"@id\":\"https:\\\/\\\/i0.wp.com\\\/www.jazzzeitung.de\\\/cms\\\/wp-content\\\/uploads\\\/2013\\\/07\\\/huf-06.jpg?resize=96%2C96&ssl=15fcc31aa94540751a3b804516452be00\",\"url\":\"https:\\\/\\\/i0.wp.com\\\/www.jazzzeitung.de\\\/cms\\\/wp-content\\\/uploads\\\/2013\\\/07\\\/huf-06.jpg?resize=96%2C96&ssl=1\",\"contentUrl\":\"https:\\\/\\\/i0.wp.com\\\/www.jazzzeitung.de\\\/cms\\\/wp-content\\\/uploads\\\/2013\\\/07\\\/huf-06.jpg?resize=96%2C96&ssl=1\",\"caption\":\"Martin Hufner\"},\"description\":\"Martin Hufner ist freier Autor der JazzZeitung.\",\"sameAs\":[\"https:\\\/\\\/www.kritische-masse.de\\\/logbuch\",\"https:\\\/\\\/www.facebook.com\\\/hufner\"],\"url\":\"https:\\\/\\\/www.jazzzeitung.de\\\/cms\\\/author\\\/admin\\\/\"}]}<\/script>\n<!-- \/ Yoast SEO plugin. -->","yoast_head_json":{"title":"Die eingeschmolzene Jazz-Radiowoche vom 09.06.2025 bis 15.06.2025 - JazzZeitung","robots":{"index":"index","follow":"follow","max-snippet":"max-snippet:-1","max-image-preview":"max-image-preview:large","max-video-preview":"max-video-preview:-1"},"canonical":"https:\/\/www.jazzzeitung.de\/cms\/2025\/06\/die-eingeschmolzene-jazz-radiowoche-vom-09-06-2025-bis-15-06-2025\/","og_locale":"de_DE","og_type":"article","og_title":"Die eingeschmolzene Jazz-Radiowoche vom 09.06.2025 bis 15.06.2025 - JazzZeitung","og_description":"Jazz im Radio \u2013 Jeden Sonntag gibt es um 12 Uhr unsere \u00dcbersicht f\u00fcr die jeweils nachfolgende Woche. Die #Jazz-Radiowoche vom 09.06. bis zum 15.06.2025. Erheblich ausged\u00fcnnt. Auch als PDF zum Download \u2013 #Jazz #JazzZeitung #Radio #Radiowoche \u2013 Ein Service unserer Online-Redaktion.","og_url":"https:\/\/www.jazzzeitung.de\/cms\/2025\/06\/die-eingeschmolzene-jazz-radiowoche-vom-09-06-2025-bis-15-06-2025\/","og_site_name":"JazzZeitung","article_publisher":"https:\/\/www.facebook.com\/JazzZeitung\/","article_author":"https:\/\/www.facebook.com\/hufner","article_published_time":"2025-06-08T10:00:52+00:00","og_image":[{"width":1600,"height":1060,"url":"https:\/\/i0.wp.com\/www.jazzzeitung.de\/cms\/wp-content\/uploads\/2025\/06\/fruehling.jpg?fit=1600%2C1060&ssl=1","type":"image\/jpeg"}],"author":"Martin Hufner","schema":{"@context":"https:\/\/schema.org","@graph":[{"@type":"Article","@id":"https:\/\/www.jazzzeitung.de\/cms\/2025\/06\/die-eingeschmolzene-jazz-radiowoche-vom-09-06-2025-bis-15-06-2025\/#article","isPartOf":{"@id":"https:\/\/www.jazzzeitung.de\/cms\/2025\/06\/die-eingeschmolzene-jazz-radiowoche-vom-09-06-2025-bis-15-06-2025\/"},"author":{"name":"Martin Hufner","@id":"https:\/\/www.jazzzeitung.de\/cms\/#\/schema\/person\/b9a4e5ac765d94fb8f617bfa8f1fc5f7"},"headline":"Die eingeschmolzene Jazz-Radiowoche vom 09.06.2025 bis 15.06.2025","datePublished":"2025-06-08T10:00:52+00:00","mainEntityOfPage":{"@id":"https:\/\/www.jazzzeitung.de\/cms\/2025\/06\/die-eingeschmolzene-jazz-radiowoche-vom-09-06-2025-bis-15-06-2025\/"},"wordCount":3420,"commentCount":0,"publisher":{"@id":"https:\/\/www.jazzzeitung.de\/cms\/#organization"},"image":{"@id":"https:\/\/www.jazzzeitung.de\/cms\/2025\/06\/die-eingeschmolzene-jazz-radiowoche-vom-09-06-2025-bis-15-06-2025\/#primaryimage"},"thumbnailUrl":"https:\/\/i0.wp.com\/www.jazzzeitung.de\/cms\/wp-content\/uploads\/2025\/06\/fruehling.jpg?fit=1600%2C1060&ssl=1","keywords":["Die Radiowoche","Jazz im Radio"],"articleSection":["News","Radio"],"inLanguage":"de","potentialAction":[{"@type":"CommentAction","name":"Comment","target":["https:\/\/www.jazzzeitung.de\/cms\/2025\/06\/die-eingeschmolzene-jazz-radiowoche-vom-09-06-2025-bis-15-06-2025\/#respond"]}]},{"@type":"WebPage","@id":"https:\/\/www.jazzzeitung.de\/cms\/2025\/06\/die-eingeschmolzene-jazz-radiowoche-vom-09-06-2025-bis-15-06-2025\/","url":"https:\/\/www.jazzzeitung.de\/cms\/2025\/06\/die-eingeschmolzene-jazz-radiowoche-vom-09-06-2025-bis-15-06-2025\/","name":"Die eingeschmolzene Jazz-Radiowoche vom 09.06.2025 bis 15.06.2025 - JazzZeitung","isPartOf":{"@id":"https:\/\/www.jazzzeitung.de\/cms\/#website"},"primaryImageOfPage":{"@id":"https:\/\/www.jazzzeitung.de\/cms\/2025\/06\/die-eingeschmolzene-jazz-radiowoche-vom-09-06-2025-bis-15-06-2025\/#primaryimage"},"image":{"@id":"https:\/\/www.jazzzeitung.de\/cms\/2025\/06\/die-eingeschmolzene-jazz-radiowoche-vom-09-06-2025-bis-15-06-2025\/#primaryimage"},"thumbnailUrl":"https:\/\/i0.wp.com\/www.jazzzeitung.de\/cms\/wp-content\/uploads\/2025\/06\/fruehling.jpg?fit=1600%2C1060&ssl=1","datePublished":"2025-06-08T10:00:52+00:00","breadcrumb":{"@id":"https:\/\/www.jazzzeitung.de\/cms\/2025\/06\/die-eingeschmolzene-jazz-radiowoche-vom-09-06-2025-bis-15-06-2025\/#breadcrumb"},"inLanguage":"de","potentialAction":[{"@type":"ReadAction","target":["https:\/\/www.jazzzeitung.de\/cms\/2025\/06\/die-eingeschmolzene-jazz-radiowoche-vom-09-06-2025-bis-15-06-2025\/"]}]},{"@type":"ImageObject","inLanguage":"de","@id":"https:\/\/www.jazzzeitung.de\/cms\/2025\/06\/die-eingeschmolzene-jazz-radiowoche-vom-09-06-2025-bis-15-06-2025\/#primaryimage","url":"https:\/\/i0.wp.com\/www.jazzzeitung.de\/cms\/wp-content\/uploads\/2025\/06\/fruehling.jpg?fit=1600%2C1060&ssl=1","contentUrl":"https:\/\/i0.wp.com\/www.jazzzeitung.de\/cms\/wp-content\/uploads\/2025\/06\/fruehling.jpg?fit=1600%2C1060&ssl=1","width":1600,"height":1060,"caption":"Fr\u00fchling, Sommer. Foto: Hufner"},{"@type":"BreadcrumbList","@id":"https:\/\/www.jazzzeitung.de\/cms\/2025\/06\/die-eingeschmolzene-jazz-radiowoche-vom-09-06-2025-bis-15-06-2025\/#breadcrumb","itemListElement":[{"@type":"ListItem","position":1,"name":"Startseite","item":"https:\/\/www.jazzzeitung.de\/cms\/"},{"@type":"ListItem","position":2,"name":"Die eingeschmolzene Jazz-Radiowoche vom 09.06.2025 bis 15.06.2025"}]},{"@type":"WebSite","@id":"https:\/\/www.jazzzeitung.de\/cms\/#website","url":"https:\/\/www.jazzzeitung.de\/cms\/","name":"JazzZeitung","description":"Jazz-News und Jazz-Kontroverses","publisher":{"@id":"https:\/\/www.jazzzeitung.de\/cms\/#organization"},"potentialAction":[{"@type":"SearchAction","target":{"@type":"EntryPoint","urlTemplate":"https:\/\/www.jazzzeitung.de\/cms\/?s={search_term_string}"},"query-input":{"@type":"PropertyValueSpecification","valueRequired":true,"valueName":"search_term_string"}}],"inLanguage":"de"},{"@type":"Organization","@id":"https:\/\/www.jazzzeitung.de\/cms\/#organization","name":"JazzZeitung online","url":"https:\/\/www.jazzzeitung.de\/cms\/","logo":{"@type":"ImageObject","inLanguage":"de","@id":"https:\/\/www.jazzzeitung.de\/cms\/#\/schema\/logo\/image\/","url":"https:\/\/i0.wp.com\/www.jazzzeitung.de\/cms\/wp-content\/uploads\/2015\/08\/JAZZZEITUNGDE_Logo_Neu.png?fit=499%2C200&ssl=1","contentUrl":"https:\/\/i0.wp.com\/www.jazzzeitung.de\/cms\/wp-content\/uploads\/2015\/08\/JAZZZEITUNGDE_Logo_Neu.png?fit=499%2C200&ssl=1","width":499,"height":200,"caption":"JazzZeitung online"},"image":{"@id":"https:\/\/www.jazzzeitung.de\/cms\/#\/schema\/logo\/image\/"},"sameAs":["https:\/\/www.facebook.com\/JazzZeitung\/"]},{"@type":"Person","@id":"https:\/\/www.jazzzeitung.de\/cms\/#\/schema\/person\/b9a4e5ac765d94fb8f617bfa8f1fc5f7","name":"Martin Hufner","image":{"@type":"ImageObject","inLanguage":"de","@id":"https:\/\/i0.wp.com\/www.jazzzeitung.de\/cms\/wp-content\/uploads\/2013\/07\/huf-06.jpg?resize=96%2C96&ssl=15fcc31aa94540751a3b804516452be00","url":"https:\/\/i0.wp.com\/www.jazzzeitung.de\/cms\/wp-content\/uploads\/2013\/07\/huf-06.jpg?resize=96%2C96&ssl=1","contentUrl":"https:\/\/i0.wp.com\/www.jazzzeitung.de\/cms\/wp-content\/uploads\/2013\/07\/huf-06.jpg?resize=96%2C96&ssl=1","caption":"Martin Hufner"},"description":"Martin Hufner ist freier Autor der JazzZeitung.","sameAs":["https:\/\/www.kritische-masse.de\/logbuch","https:\/\/www.facebook.com\/hufner"],"url":"https:\/\/www.jazzzeitung.de\/cms\/author\/admin\/"}]}},"wp-worthy-pixel":{"ignored":true,"public":null,"server":null,"url":null},"wp-worthy-type":"normal","jetpack_publicize_connections":[],"cc_featured_image_caption":{"caption_text":"Fr\u00fchling, Sommer.","source_text":"Foto: Martin Hufner","source_url":"https:\/\/www.kritische-masse.de"},"jetpack_featured_media_url":"https:\/\/i0.wp.com\/www.jazzzeitung.de\/cms\/wp-content\/uploads\/2025\/06\/fruehling.jpg?fit=1600%2C1060&ssl=1","jetpack_shortlink":"https:\/\/wp.me\/p3KEcT-8uh","jetpack-related-posts":[{"id":33138,"url":"https:\/\/www.jazzzeitung.de\/cms\/2025\/09\/die-atomgrosse-jazz-radiowoche-vom-29-09-2025-bis-05-10-2025\/","url_meta":{"origin":32629,"position":0},"title":"Die atomgro\u00dfe Jazz-Radiowoche vom 29.09.2025 bis 05.10.2025","author":"Martin Hufner","date":"28. September 2025","format":false,"excerpt":"Jazz im Radio \u2013 Jeden Sonntag gibt es um 12 Uhr unsere \u00dcbersicht f\u00fcr die jeweils nachfolgende Woche. Die #Jazz-Radiowoche vom 29.09. bis zum 05.10.2025. Erheblich d\u00fcnn! Auch als PDF zum Download \u2013 #Jazz #JazzZeitung #Radio #Radiowoche \u2013 Ein Service unserer Online-Redaktion.","rel":"","context":"In &quot;News&quot;","block_context":{"text":"News","link":"https:\/\/www.jazzzeitung.de\/cms\/thema\/nachrichten\/"},"img":{"alt_text":"Botanische Supernova mit schwarzem Loch in der Na\u0308he von Terra Nova. Foto: Hufner","src":"https:\/\/i0.wp.com\/www.jazzzeitung.de\/cms\/wp-content\/uploads\/2025\/09\/Botanische-Supernova-mit-schwarzem-Loch-in-der-Naehe-von-Terra-Nova.jpg?fit=1200%2C900&ssl=1&resize=350%2C200","width":350,"height":200,"srcset":"https:\/\/i0.wp.com\/www.jazzzeitung.de\/cms\/wp-content\/uploads\/2025\/09\/Botanische-Supernova-mit-schwarzem-Loch-in-der-Naehe-von-Terra-Nova.jpg?fit=1200%2C900&ssl=1&resize=350%2C200 1x, https:\/\/i0.wp.com\/www.jazzzeitung.de\/cms\/wp-content\/uploads\/2025\/09\/Botanische-Supernova-mit-schwarzem-Loch-in-der-Naehe-von-Terra-Nova.jpg?fit=1200%2C900&ssl=1&resize=525%2C300 1.5x, https:\/\/i0.wp.com\/www.jazzzeitung.de\/cms\/wp-content\/uploads\/2025\/09\/Botanische-Supernova-mit-schwarzem-Loch-in-der-Naehe-von-Terra-Nova.jpg?fit=1200%2C900&ssl=1&resize=700%2C400 2x, https:\/\/i0.wp.com\/www.jazzzeitung.de\/cms\/wp-content\/uploads\/2025\/09\/Botanische-Supernova-mit-schwarzem-Loch-in-der-Naehe-von-Terra-Nova.jpg?fit=1200%2C900&ssl=1&resize=1050%2C600 3x"},"classes":[]},{"id":31928,"url":"https:\/\/www.jazzzeitung.de\/cms\/2024\/11\/die-geschmolzene-jazz-radiowoche-vom-25-11-2024-bis-01-12-2024\/","url_meta":{"origin":32629,"position":1},"title":"Die geschmolzene Jazz-Radiowoche vom 25.11.2024 bis 01.12.2024","author":"Martin Hufner","date":"24. November 2024","format":false,"excerpt":"Jazz im Radio \u2013 Jeden Sonntag gibt es um 12 Uhr unsere \u00dcbersicht f\u00fcr die jeweils nachfolgende Woche. Die #Jazz-Radiowoche vom 25. November bis zum 1. Dezember 2024. Erheblich ausged\u00fcnnt. Die ARD schafft ihr Radio gewisserma\u00dfen ab. Auch als PDF zum Download \u2013 #Jazz #JazzZeitung #Radio #Radiowoche \u2013 Ein Service\u2026","rel":"","context":"In &quot;News&quot;","block_context":{"text":"News","link":"https:\/\/www.jazzzeitung.de\/cms\/thema\/nachrichten\/"},"img":{"alt_text":"zugfahrt 2023 1. MH","src":"https:\/\/i0.wp.com\/www.jazzzeitung.de\/cms\/wp-content\/uploads\/2024\/11\/zugfahrt2023-1.-MH.jpg?fit=1200%2C900&ssl=1&resize=350%2C200","width":350,"height":200,"srcset":"https:\/\/i0.wp.com\/www.jazzzeitung.de\/cms\/wp-content\/uploads\/2024\/11\/zugfahrt2023-1.-MH.jpg?fit=1200%2C900&ssl=1&resize=350%2C200 1x, https:\/\/i0.wp.com\/www.jazzzeitung.de\/cms\/wp-content\/uploads\/2024\/11\/zugfahrt2023-1.-MH.jpg?fit=1200%2C900&ssl=1&resize=525%2C300 1.5x, https:\/\/i0.wp.com\/www.jazzzeitung.de\/cms\/wp-content\/uploads\/2024\/11\/zugfahrt2023-1.-MH.jpg?fit=1200%2C900&ssl=1&resize=700%2C400 2x, https:\/\/i0.wp.com\/www.jazzzeitung.de\/cms\/wp-content\/uploads\/2024\/11\/zugfahrt2023-1.-MH.jpg?fit=1200%2C900&ssl=1&resize=1050%2C600 3x"},"classes":[]},{"id":33149,"url":"https:\/\/www.jazzzeitung.de\/cms\/2025\/10\/die-protonenfette-jazz-radiowoche-vom-06-10-2025-bis-12-10-2025-2\/","url_meta":{"origin":32629,"position":2},"title":"Die atomgro\u00dfe Jazz-Radiowoche vom 06.10.2025 bis 12.10.2025","author":"Martin Hufner","date":"5. Oktober 2025","format":false,"excerpt":"Jazz im Radio \u2013 Jeden Sonntag gibt es um 12 Uhr unsere \u00dcbersicht f\u00fcr die jeweils nachfolgende Woche. Die #Jazz-Radiowoche vom 06.10. bis zum 12.10.2025. Erheblich d\u00fcnn! Auch als PDF zum Download \u2013 #Jazz #JazzZeitung #Radio #Radiowoche \u2013 Ein Service unserer Online-Redaktion.","rel":"","context":"In &quot;News&quot;","block_context":{"text":"News","link":"https:\/\/www.jazzzeitung.de\/cms\/thema\/nachrichten\/"},"img":{"alt_text":"Im G\u00e4stezimmer des Lebens. Foto: Hufner","src":"https:\/\/i0.wp.com\/www.jazzzeitung.de\/cms\/wp-content\/uploads\/2025\/10\/gaestezimmer.jpg?fit=960%2C1200&ssl=1&resize=350%2C200","width":350,"height":200,"srcset":"https:\/\/i0.wp.com\/www.jazzzeitung.de\/cms\/wp-content\/uploads\/2025\/10\/gaestezimmer.jpg?fit=960%2C1200&ssl=1&resize=350%2C200 1x, https:\/\/i0.wp.com\/www.jazzzeitung.de\/cms\/wp-content\/uploads\/2025\/10\/gaestezimmer.jpg?fit=960%2C1200&ssl=1&resize=525%2C300 1.5x, https:\/\/i0.wp.com\/www.jazzzeitung.de\/cms\/wp-content\/uploads\/2025\/10\/gaestezimmer.jpg?fit=960%2C1200&ssl=1&resize=700%2C400 2x"},"classes":[]},{"id":33293,"url":"https:\/\/www.jazzzeitung.de\/cms\/2025\/11\/die-quarksminimale-jazz-radiowoche-vom-03-11-2025-bis-09-11-2025\/","url_meta":{"origin":32629,"position":3},"title":"Die quarksminimale Jazz-Radiowoche vom 03.11.2025 bis 09.11.2025","author":"Martin Hufner","date":"2. November 2025","format":false,"excerpt":"Jazz im Radio \u2013 Jeden Sonntag gibt es um 12 Uhr unsere \u00dcbersicht f\u00fcr die jeweils nachfolgende Woche. Die #Jazz-Radiowoche vom 03.11. bis zum 09.11.2025. Erheblich d\u00fcnn! Auch als PDF zum Download \u2013 #Jazz #JazzZeitung #Radio #Radiowoche \u2013 Ein Service unserer Online-Redaktion.","rel":"","context":"In &quot;News&quot;","block_context":{"text":"News","link":"https:\/\/www.jazzzeitung.de\/cms\/thema\/nachrichten\/"},"img":{"alt_text":"Holzstapel. Foto: Hufner","src":"https:\/\/i0.wp.com\/www.jazzzeitung.de\/cms\/wp-content\/uploads\/2025\/10\/Wie-viel.jpg?fit=1200%2C900&ssl=1&resize=350%2C200","width":350,"height":200,"srcset":"https:\/\/i0.wp.com\/www.jazzzeitung.de\/cms\/wp-content\/uploads\/2025\/10\/Wie-viel.jpg?fit=1200%2C900&ssl=1&resize=350%2C200 1x, https:\/\/i0.wp.com\/www.jazzzeitung.de\/cms\/wp-content\/uploads\/2025\/10\/Wie-viel.jpg?fit=1200%2C900&ssl=1&resize=525%2C300 1.5x, https:\/\/i0.wp.com\/www.jazzzeitung.de\/cms\/wp-content\/uploads\/2025\/10\/Wie-viel.jpg?fit=1200%2C900&ssl=1&resize=700%2C400 2x, https:\/\/i0.wp.com\/www.jazzzeitung.de\/cms\/wp-content\/uploads\/2025\/10\/Wie-viel.jpg?fit=1200%2C900&ssl=1&resize=1050%2C600 3x"},"classes":[]},{"id":32452,"url":"https:\/\/www.jazzzeitung.de\/cms\/2025\/04\/die-eingeschmolzene-jazz-radiowoche-vom-21-04-2025-bis-27-04-2025\/","url_meta":{"origin":32629,"position":4},"title":"Die eingeschmolzene Jazz-Radiowoche vom 21.04.2025 bis 27.04.2025","author":"Martin Hufner","date":"20. April 2025","format":false,"excerpt":"Jazz im Radio \u2013 Jeden Sonntag gibt es um 12 Uhr unsere \u00dcbersicht f\u00fcr die jeweils nachfolgende Woche. Die #Jazz-Radiowoche vom 21. bis 27. April 2025. Erheblich ausged\u00fcnnt. Auch als PDF zum Download \u2013 #Jazz #JazzZeitung #Radio #Radiowoche \u2013 Ein Service unserer Online-Redaktion.","rel":"","context":"In &quot;News&quot;","block_context":{"text":"News","link":"https:\/\/www.jazzzeitung.de\/cms\/thema\/nachrichten\/"},"img":{"alt_text":"Kn\u00f6pfe. Foto: Hufner","src":"https:\/\/i0.wp.com\/www.jazzzeitung.de\/cms\/wp-content\/uploads\/2025\/04\/knoepfe.jpg?fit=1200%2C900&ssl=1&resize=350%2C200","width":350,"height":200,"srcset":"https:\/\/i0.wp.com\/www.jazzzeitung.de\/cms\/wp-content\/uploads\/2025\/04\/knoepfe.jpg?fit=1200%2C900&ssl=1&resize=350%2C200 1x, https:\/\/i0.wp.com\/www.jazzzeitung.de\/cms\/wp-content\/uploads\/2025\/04\/knoepfe.jpg?fit=1200%2C900&ssl=1&resize=525%2C300 1.5x, https:\/\/i0.wp.com\/www.jazzzeitung.de\/cms\/wp-content\/uploads\/2025\/04\/knoepfe.jpg?fit=1200%2C900&ssl=1&resize=700%2C400 2x, https:\/\/i0.wp.com\/www.jazzzeitung.de\/cms\/wp-content\/uploads\/2025\/04\/knoepfe.jpg?fit=1200%2C900&ssl=1&resize=1050%2C600 3x"},"classes":[]},{"id":32215,"url":"https:\/\/www.jazzzeitung.de\/cms\/2025\/02\/die-eingeschmolzene-jazz-radiowoche-vom-17-02-2025-bis-23-02-2025\/","url_meta":{"origin":32629,"position":5},"title":"Die eingeschmolzene Jazz-Radiowoche vom 17.02.2025 bis 23.02.2025","author":"Martin Hufner","date":"16. Februar 2025","format":false,"excerpt":"Jazz im Radio \u2013 Jeden Sonntag gibt es um 12 Uhr unsere \u00dcbersicht f\u00fcr die jeweils nachfolgende Woche. Die #Jazz-Radiowoche vom 10. bis 16. Februar 2025. Erheblich ausged\u00fcnnt. Die ARD schafft ihr Radio gewisserma\u00dfen ab. Auch als PDF zum Download \u2013 #Jazz #JazzZeitung #Radio #Radiowoche \u2013 Ein Service unserer Online-Redaktion.","rel":"","context":"In &quot;News&quot;","block_context":{"text":"News","link":"https:\/\/www.jazzzeitung.de\/cms\/thema\/nachrichten\/"},"img":{"alt_text":"Kunst vorm Bau. Foto: Hufner","src":"https:\/\/i0.wp.com\/www.jazzzeitung.de\/cms\/wp-content\/uploads\/2025\/02\/kunstvormbau.jpg?fit=1080%2C939&ssl=1&resize=350%2C200","width":350,"height":200,"srcset":"https:\/\/i0.wp.com\/www.jazzzeitung.de\/cms\/wp-content\/uploads\/2025\/02\/kunstvormbau.jpg?fit=1080%2C939&ssl=1&resize=350%2C200 1x, https:\/\/i0.wp.com\/www.jazzzeitung.de\/cms\/wp-content\/uploads\/2025\/02\/kunstvormbau.jpg?fit=1080%2C939&ssl=1&resize=525%2C300 1.5x, https:\/\/i0.wp.com\/www.jazzzeitung.de\/cms\/wp-content\/uploads\/2025\/02\/kunstvormbau.jpg?fit=1080%2C939&ssl=1&resize=700%2C400 2x, https:\/\/i0.wp.com\/www.jazzzeitung.de\/cms\/wp-content\/uploads\/2025\/02\/kunstvormbau.jpg?fit=1080%2C939&ssl=1&resize=1050%2C600 3x"},"classes":[]}],"jetpack_sharing_enabled":false,"_links":{"self":[{"href":"https:\/\/www.jazzzeitung.de\/cms\/wp-json\/wp\/v2\/posts\/32629","targetHints":{"allow":["GET"]}}],"collection":[{"href":"https:\/\/www.jazzzeitung.de\/cms\/wp-json\/wp\/v2\/posts"}],"about":[{"href":"https:\/\/www.jazzzeitung.de\/cms\/wp-json\/wp\/v2\/types\/post"}],"author":[{"embeddable":true,"href":"https:\/\/www.jazzzeitung.de\/cms\/wp-json\/wp\/v2\/users\/1"}],"replies":[{"embeddable":true,"href":"https:\/\/www.jazzzeitung.de\/cms\/wp-json\/wp\/v2\/comments?post=32629"}],"version-history":[{"count":1,"href":"https:\/\/www.jazzzeitung.de\/cms\/wp-json\/wp\/v2\/posts\/32629\/revisions"}],"predecessor-version":[{"id":32631,"href":"https:\/\/www.jazzzeitung.de\/cms\/wp-json\/wp\/v2\/posts\/32629\/revisions\/32631"}],"wp:featuredmedia":[{"embeddable":true,"href":"https:\/\/www.jazzzeitung.de\/cms\/wp-json\/wp\/v2\/media\/32630"}],"wp:attachment":[{"href":"https:\/\/www.jazzzeitung.de\/cms\/wp-json\/wp\/v2\/media?parent=32629"}],"wp:term":[{"taxonomy":"category","embeddable":true,"href":"https:\/\/www.jazzzeitung.de\/cms\/wp-json\/wp\/v2\/categories?post=32629"},{"taxonomy":"post_tag","embeddable":true,"href":"https:\/\/www.jazzzeitung.de\/cms\/wp-json\/wp\/v2\/tags?post=32629"},{"taxonomy":"author","embeddable":true,"href":"https:\/\/www.jazzzeitung.de\/cms\/wp-json\/wp\/v2\/coauthors?post=32629"}],"curies":[{"name":"wp","href":"https:\/\/api.w.org\/{rel}","templated":true}]}}