{"id":32592,"date":"2025-06-03T13:05:31","date_gmt":"2025-06-03T11:05:31","guid":{"rendered":"https:\/\/www.jazzzeitung.de\/cms\/?p=32592"},"modified":"2025-06-03T13:01:04","modified_gmt":"2025-06-03T11:01:04","slug":"reise-durch-die-welt-des-rhythmus-mit-magnus-dauner","status":"publish","type":"post","link":"https:\/\/www.jazzzeitung.de\/cms\/2025\/06\/reise-durch-die-welt-des-rhythmus-mit-magnus-dauner\/","title":{"rendered":"Reise durch die Welt des Rhythmus mit Magnus Dauner"},"content":{"rendered":"<p><strong>Der vielgereiste Allg\u00e4uer Magnus Dauner stellte im Mai zusammen mit S\u00e4nger Kilian Sladek, Trompeter Andreas Unterreiner, Pianist Andreas Sch\u00fctz und Bassist Lukas Pamminger sein Projekt \u201ePortrait in Rhythm\u201c vor. Jazzzeitungs-Autor Michael Scheiner besuchte ihn bei seiner Station im Regensburger Jazzclub \u201eLeerer Beutel\u201c.<\/strong><\/p>\n<p>\u201eWenn die erste Reihe frei ist\u201c, frozzelte Dauner in seiner Begr\u00fc\u00dfung gut gelaunt, \u201edann wissen die Besucher schon was auf sie zukommt\u201c. In diesem Fall war es eine rhythmisch anspruchsvolle, t\u00e4nzerisch leichte Jazznummer mit einem Fl\u00fcgelhornsolo von Andreas Unterreiner bei dem vielen Zuh\u00f6renden regelrecht das Herz aufging.<\/p>\n<p>\u201eBeautiful Melody\u201c habe er nach einer Begegnung mit einem Lehrmeister genau daf\u00fcr geschrieben, erl\u00e4utert der Bandleader wie es zu dem sprechenden Titel gekommen sei. \u201eMan soll\u201c, habe dieser ihm nahegelegt, \u201ein allem was man macht, kochen, Schlagzeug spielen oder Fahrrad fahren, das Sch\u00f6ne sehen\u201c. Weniger erfolgreich mit dem Rat war er wohl selbst bei der n\u00e4chste Geschichte, die ihn zur afrikanisch anmutenden Komposition \u201eNot my Mountain\u201c inspirierte. Bei einem Studienaufenthalt in Ostafrika scheiterte er kl\u00e4glich an der Besteigung des Ol Doinyo Lengai. Sein ebenfalls musikalisch aktiver Vater hatte ihm dazu animiert den heiligen Bergs der Massai im Norden Tansanias hinauf zu klettern.<\/p>\n<div class=\"tiled-gallery type-rectangular tiled-gallery-unresized\" data-original-width=\"840\" data-carousel-extra='{&quot;blog_id&quot;:1,&quot;permalink&quot;:&quot;https:\\\/\\\/www.jazzzeitung.de\\\/cms\\\/2025\\\/06\\\/reise-durch-die-welt-des-rhythmus-mit-magnus-dauner\\\/&quot;,&quot;likes_blog_id&quot;:55446655}' itemscope itemtype=\"http:\/\/schema.org\/ImageGallery\" > <div class=\"gallery-row\" style=\"width: 840px; height: 281px;\" data-original-width=\"840\" data-original-height=\"281\" > <div class=\"gallery-group images-1\" style=\"width: 420px; height: 281px;\" data-original-width=\"420\" data-original-height=\"281\" > <div class=\"tiled-gallery-item tiled-gallery-item-large\" itemprop=\"associatedMedia\" itemscope itemtype=\"http:\/\/schema.org\/ImageObject\"> <a href=\"https:\/\/www.jazzzeitung.de\/cms\/2025\/06\/reise-durch-die-welt-des-rhythmus-mit-magnus-dauner\/dauner-magnus_99\/\" border=\"0\" itemprop=\"url\"> <meta itemprop=\"width\" content=\"416\"> <meta itemprop=\"height\" content=\"277\"> <img decoding=\"async\" class=\"\" data-attachment-id=\"32593\" data-orig-file=\"https:\/\/www.jazzzeitung.de\/cms\/wp-content\/uploads\/2025\/06\/dauner-magnus_99-scaled.jpg\" data-orig-size=\"2560,1703\" data-comments-opened=\"1\" data-image-meta=\"{&quot;aperture&quot;:&quot;5.6&quot;,&quot;credit&quot;:&quot;&quot;,&quot;camera&quot;:&quot;ILCE-6700&quot;,&quot;caption&quot;:&quot;&quot;,&quot;created_timestamp&quot;:&quot;0&quot;,&quot;copyright&quot;:&quot;&quot;,&quot;focal_length&quot;:&quot;70&quot;,&quot;iso&quot;:&quot;10000&quot;,&quot;shutter_speed&quot;:&quot;0.008&quot;,&quot;title&quot;:&quot;&quot;,&quot;orientation&quot;:&quot;1&quot;}\" data-image-title=\"\" data-image-description=\"\" data-medium-file=\"https:\/\/i0.wp.com\/www.jazzzeitung.de\/cms\/wp-content\/uploads\/2025\/06\/dauner-magnus_99-scaled.jpg?fit=300%2C200&#038;ssl=1\" data-large-file=\"https:\/\/i0.wp.com\/www.jazzzeitung.de\/cms\/wp-content\/uploads\/2025\/06\/dauner-magnus_99-scaled.jpg?fit=840%2C560&#038;ssl=1\" src=\"https:\/\/i0.wp.com\/www.jazzzeitung.de\/cms\/wp-content\/uploads\/2025\/06\/dauner-magnus_99-scaled.jpg?w=416&#038;h=277&#038;ssl=1\" srcset=\"https:\/\/i0.wp.com\/www.jazzzeitung.de\/cms\/wp-content\/uploads\/2025\/06\/dauner-magnus_99-scaled.jpg?w=2560&amp;ssl=1 2560w, https:\/\/i0.wp.com\/www.jazzzeitung.de\/cms\/wp-content\/uploads\/2025\/06\/dauner-magnus_99-scaled.jpg?resize=300%2C200&amp;ssl=1 300w, https:\/\/i0.wp.com\/www.jazzzeitung.de\/cms\/wp-content\/uploads\/2025\/06\/dauner-magnus_99-scaled.jpg?resize=900%2C600&amp;ssl=1 900w, https:\/\/i0.wp.com\/www.jazzzeitung.de\/cms\/wp-content\/uploads\/2025\/06\/dauner-magnus_99-scaled.jpg?resize=768%2C511&amp;ssl=1 768w, https:\/\/i0.wp.com\/www.jazzzeitung.de\/cms\/wp-content\/uploads\/2025\/06\/dauner-magnus_99-scaled.jpg?resize=1536%2C1022&amp;ssl=1 1536w, https:\/\/i0.wp.com\/www.jazzzeitung.de\/cms\/wp-content\/uploads\/2025\/06\/dauner-magnus_99-scaled.jpg?resize=2048%2C1362&amp;ssl=1 2048w, https:\/\/i0.wp.com\/www.jazzzeitung.de\/cms\/wp-content\/uploads\/2025\/06\/dauner-magnus_99-scaled.jpg?resize=120%2C80&amp;ssl=1 120w, https:\/\/i0.wp.com\/www.jazzzeitung.de\/cms\/wp-content\/uploads\/2025\/06\/dauner-magnus_99-scaled.jpg?resize=1320%2C878&amp;ssl=1 1320w, https:\/\/i0.wp.com\/www.jazzzeitung.de\/cms\/wp-content\/uploads\/2025\/06\/dauner-magnus_99-scaled.jpg?w=1680&amp;ssl=1 1680w\" width=\"416\" height=\"277\" loading=\"lazy\" data-original-width=\"416\" data-original-height=\"277\" itemprop=\"http:\/\/schema.org\/image\" title=\"\" alt=\"Magnus Dauner. Foto: Michael Scheiner\" style=\"width: 416px; height: 277px;\" \/> <\/a> <div class=\"tiled-gallery-caption\" itemprop=\"caption description\"> Magnus Dauner. Foto: Michael Scheiner <\/div> <\/div> <\/div> <!-- close group --> <div class=\"gallery-group images-1\" style=\"width: 420px; height: 281px;\" data-original-width=\"420\" data-original-height=\"281\" > <div class=\"tiled-gallery-item tiled-gallery-item-large\" itemprop=\"associatedMedia\" itemscope itemtype=\"http:\/\/schema.org\/ImageObject\"> <a href=\"https:\/\/www.jazzzeitung.de\/cms\/2025\/06\/reise-durch-die-welt-des-rhythmus-mit-magnus-dauner\/sladek-kilian_33\/\" border=\"0\" itemprop=\"url\"> <meta itemprop=\"width\" content=\"416\"> <meta itemprop=\"height\" content=\"277\"> <img decoding=\"async\" class=\"\" data-attachment-id=\"32594\" data-orig-file=\"https:\/\/www.jazzzeitung.de\/cms\/wp-content\/uploads\/2025\/06\/sladek-kilian_33-scaled.jpg\" data-orig-size=\"2560,1706\" data-comments-opened=\"1\" data-image-meta=\"{&quot;aperture&quot;:&quot;8&quot;,&quot;credit&quot;:&quot;&quot;,&quot;camera&quot;:&quot;ILCE-6700&quot;,&quot;caption&quot;:&quot;&quot;,&quot;created_timestamp&quot;:&quot;0&quot;,&quot;copyright&quot;:&quot;&quot;,&quot;focal_length&quot;:&quot;58&quot;,&quot;iso&quot;:&quot;10000&quot;,&quot;shutter_speed&quot;:&quot;0.008&quot;,&quot;title&quot;:&quot;&quot;,&quot;orientation&quot;:&quot;1&quot;}\" data-image-title=\"\" data-image-description=\"\" data-medium-file=\"https:\/\/i0.wp.com\/www.jazzzeitung.de\/cms\/wp-content\/uploads\/2025\/06\/sladek-kilian_33-scaled.jpg?fit=300%2C200&#038;ssl=1\" data-large-file=\"https:\/\/i0.wp.com\/www.jazzzeitung.de\/cms\/wp-content\/uploads\/2025\/06\/sladek-kilian_33-scaled.jpg?fit=840%2C560&#038;ssl=1\" src=\"https:\/\/i0.wp.com\/www.jazzzeitung.de\/cms\/wp-content\/uploads\/2025\/06\/sladek-kilian_33-scaled.jpg?w=416&#038;h=277&#038;ssl=1\" srcset=\"https:\/\/i0.wp.com\/www.jazzzeitung.de\/cms\/wp-content\/uploads\/2025\/06\/sladek-kilian_33-scaled.jpg?w=2560&amp;ssl=1 2560w, https:\/\/i0.wp.com\/www.jazzzeitung.de\/cms\/wp-content\/uploads\/2025\/06\/sladek-kilian_33-scaled.jpg?resize=300%2C200&amp;ssl=1 300w, https:\/\/i0.wp.com\/www.jazzzeitung.de\/cms\/wp-content\/uploads\/2025\/06\/sladek-kilian_33-scaled.jpg?resize=900%2C600&amp;ssl=1 900w, https:\/\/i0.wp.com\/www.jazzzeitung.de\/cms\/wp-content\/uploads\/2025\/06\/sladek-kilian_33-scaled.jpg?resize=768%2C512&amp;ssl=1 768w, https:\/\/i0.wp.com\/www.jazzzeitung.de\/cms\/wp-content\/uploads\/2025\/06\/sladek-kilian_33-scaled.jpg?resize=1536%2C1024&amp;ssl=1 1536w, https:\/\/i0.wp.com\/www.jazzzeitung.de\/cms\/wp-content\/uploads\/2025\/06\/sladek-kilian_33-scaled.jpg?resize=2048%2C1365&amp;ssl=1 2048w, https:\/\/i0.wp.com\/www.jazzzeitung.de\/cms\/wp-content\/uploads\/2025\/06\/sladek-kilian_33-scaled.jpg?resize=120%2C80&amp;ssl=1 120w, https:\/\/i0.wp.com\/www.jazzzeitung.de\/cms\/wp-content\/uploads\/2025\/06\/sladek-kilian_33-scaled.jpg?resize=1320%2C880&amp;ssl=1 1320w, https:\/\/i0.wp.com\/www.jazzzeitung.de\/cms\/wp-content\/uploads\/2025\/06\/sladek-kilian_33-scaled.jpg?w=1680&amp;ssl=1 1680w\" width=\"416\" height=\"277\" loading=\"lazy\" data-original-width=\"416\" data-original-height=\"277\" itemprop=\"http:\/\/schema.org\/image\" title=\"\" alt=\"Kilian Sladek. Foto: Michael Scheiner\" style=\"width: 416px; height: 277px;\" \/> <\/a> <div class=\"tiled-gallery-caption\" itemprop=\"caption description\"> Kilian Sladek. Foto: Michael Scheiner <\/div> <\/div> <\/div> <!-- close group --> <\/div> <!-- close row --> <\/div>\n<p>Dauner hat zur Entstehung jeder Nummer eine Geschichte, die er sichtlich gern und zum Vergn\u00fcgen des Publikums erz\u00e4hlte. Aus S\u00fcdindien, wo er seit zehn Jahren j\u00e4hrlich Unterricht im Karnataka College of Percussion nimmt, hat er Konnakol gelernt. Die\u00a0 Silbensprache mit der das Spiel auf der Trommel Mridangam nachgeahmt wird, beherrscht\u00a0 Dauner mit virtuoser Raffinesse, wie er in einem St\u00fcck demonstrierte. In den \u00fcbrigen Songs hat der aus der N\u00e4he von Deggendorf stammende Kilian Sladek den Part des S\u00e4ngers inne. Sein intensiver wortloser Gesang, der an die Brasilianerin Flora Purim w\u00e4hrend ihrer Zeit bei Chick Corea erinnerte, gab er Musik Dauners eine sph\u00e4rische Stimmung. Oft intonierte er seine instrumentalen Gesangslinien im Unisono mit der Trompete oder dem Klavier von Andreas Sch\u00fctz.<\/p>\n<p>Mit Sch\u00fctz, der den rhythmischen Charakter der St\u00fccke oft mit repetitiven Motiven unterst\u00fctzte, verbindet Dauner eine lange Freundschaft und musikalische Partnerschaft. Abgerundet wird das nichtallt\u00e4gliche Lineup durch den \u00f6sterreichischen Bassisten Lukas Pamminger, der seinen sechssaitigen E-Bass wie eine Gitarre singen lassen kann. Herausragend auch das wunderbar warme und weiche Spiel Unterreiners auf dem Fl\u00fcgelhorn, mit dem er Erinnerungen an den gro\u00dfen Ack van Rooyen heraufbeschw\u00f6rt.<\/p>\n<p>Musikalisch verbindet Dauner in seiner Musik eine gro\u00dfe rhythmische Vielfalt, die er auf seinen Reisen und Studienaufenthalten in verschiedenen Teilen der Welt in sich aufgesogen hat.<\/p>\n<p>In der nachhaltig eingeforderten Zugabe, \u201eist es mir weniger wichtig was passiert, als in meinen eigenen St\u00fccken\u201c, zeigt er sich offen f\u00fcr unerwartete Entwicklungen. In \u201eAfro Blue\u201c, das sich in John Coltranes 1963er Version zum Standard entwickelte, konnten sich die Musiker auch au\u00dferhalb vorgegebener Soli entfalten und lieferten eine ausdrucksstarke, spannende Interpretation dieses Klassikers.<\/p>\n<p>Text und Fotos: Michael Scheiner<\/p>\n","protected":false},"excerpt":{"rendered":"<p>Der vielgereiste Allg\u00e4uer Magnus Dauner stellte im Mai zusammen mit S\u00e4nger Kilian Sladek, Trompeter Andreas Unterreiner, Pianist Andreas Sch\u00fctz und Bassist Lukas Pamminger sein Projekt \u201ePortrait in Rhythm\u201c vor. Jazzzeitungs-Autor Michael Scheiner besuchte ihn bei seiner Station im Regensburger Jazzclub \u201eLeerer Beutel\u201c. \u201eWenn die erste Reihe frei ist\u201c, frozzelte Dauner in seiner Begr\u00fc\u00dfung gut gelaunt, \u201edann wissen die Besucher schon was auf sie zukommt\u201c. In diesem Fall war es eine rhythmisch anspruchsvolle, t\u00e4nzerisch leichte Jazznummer mit einem Fl\u00fcgelhornsolo von Andreas Unterreiner bei dem vielen Zuh\u00f6renden regelrecht das Herz aufging. \u201eBeautiful Melody\u201c habe er nach einer Begegnung mit einem Lehrmeister genau daf\u00fcr geschrieben, erl\u00e4utert der Bandleader wie es zu dem sprechenden Titel gekommen sei. \u201eMan soll\u201c, habe dieser ihm nahegelegt, \u201ein allem was man macht, kochen, Schlagzeug spielen oder Fahrrad fahren, das Sch\u00f6ne sehen\u201c. Weniger erfolgreich mit dem Rat war er wohl selbst bei der n\u00e4chste Geschichte, die ihn zur afrikanisch anmutenden Komposition \u201eNot my Mountain\u201c inspirierte. Bei einem Studienaufenthalt in Ostafrika scheiterte er kl\u00e4glich an der Besteigung des Ol Doinyo Lengai. Sein ebenfalls musikalisch aktiver Vater hatte ihm dazu animiert den heiligen Bergs der Massai &hellip;<\/p>\n","protected":false},"author":37,"featured_media":32595,"comment_status":"open","ping_status":"closed","sticky":false,"template":"","format":"standard","meta":{"_jetpack_memberships_contains_paid_content":false,"footnotes":"","jetpack_publicize_message":"","jetpack_publicize_feature_enabled":true,"jetpack_social_post_already_shared":true,"jetpack_social_options":{"image_generator_settings":{"template":"highway","default_image_id":0,"font":"","enabled":false},"version":2}},"categories":[1053],"tags":[3650],"coauthors":[1765],"class_list":["post-32592","post","type-post","status-publish","format-standard","has-post-thumbnail","hentry","category-bericht","tag-magnus-dauner"],"yoast_head":"<!-- This site is optimized with the Yoast SEO plugin v27.5 - https:\/\/yoast.com\/product\/yoast-seo-wordpress\/ -->\n<title>Reise durch die Welt des Rhythmus mit Magnus Dauner - JazzZeitung<\/title>\n<meta name=\"robots\" content=\"index, follow, max-snippet:-1, max-image-preview:large, max-video-preview:-1\" \/>\n<link rel=\"canonical\" href=\"https:\/\/www.jazzzeitung.de\/cms\/2025\/06\/reise-durch-die-welt-des-rhythmus-mit-magnus-dauner\/\" \/>\n<meta property=\"og:locale\" content=\"de_DE\" \/>\n<meta property=\"og:type\" content=\"article\" \/>\n<meta property=\"og:title\" content=\"Reise durch die Welt des Rhythmus mit Magnus Dauner - JazzZeitung\" \/>\n<meta property=\"og:description\" content=\"Der vielgereiste Allg\u00e4uer Magnus Dauner stellte im Mai zusammen mit S\u00e4nger Kilian Sladek, Trompeter Andreas Unterreiner, Pianist Andreas Sch\u00fctz und Bassist Lukas Pamminger sein Projekt \u201ePortrait in Rhythm\u201c vor. Jazzzeitungs-Autor Michael Scheiner besuchte ihn bei seiner Station im Regensburger Jazzclub \u201eLeerer Beutel\u201c. \u201eWenn die erste Reihe frei ist\u201c, frozzelte Dauner in seiner Begr\u00fc\u00dfung gut gelaunt, \u201edann wissen die Besucher schon was auf sie zukommt\u201c. In diesem Fall war es eine rhythmisch anspruchsvolle, t\u00e4nzerisch leichte Jazznummer mit einem Fl\u00fcgelhornsolo von Andreas Unterreiner bei dem vielen Zuh\u00f6renden regelrecht das Herz aufging. \u201eBeautiful Melody\u201c habe er nach einer Begegnung mit einem Lehrmeister genau daf\u00fcr geschrieben, erl\u00e4utert der Bandleader wie es zu dem sprechenden Titel gekommen sei. \u201eMan soll\u201c, habe dieser ihm nahegelegt, \u201ein allem was man macht, kochen, Schlagzeug spielen oder Fahrrad fahren, das Sch\u00f6ne sehen\u201c. Weniger erfolgreich mit dem Rat war er wohl selbst bei der n\u00e4chste Geschichte, die ihn zur afrikanisch anmutenden Komposition \u201eNot my Mountain\u201c inspirierte. Bei einem Studienaufenthalt in Ostafrika scheiterte er kl\u00e4glich an der Besteigung des Ol Doinyo Lengai. Sein ebenfalls musikalisch aktiver Vater hatte ihm dazu animiert den heiligen Bergs der Massai &hellip;\" \/>\n<meta property=\"og:url\" content=\"https:\/\/www.jazzzeitung.de\/cms\/2025\/06\/reise-durch-die-welt-des-rhythmus-mit-magnus-dauner\/\" \/>\n<meta property=\"og:site_name\" content=\"JazzZeitung\" \/>\n<meta property=\"article:publisher\" content=\"https:\/\/www.facebook.com\/JazzZeitung\/\" \/>\n<meta property=\"article:published_time\" content=\"2025-06-03T11:05:31+00:00\" \/>\n<meta property=\"og:image\" content=\"https:\/\/www.jazzzeitung.de\/cms\/wp-content\/uploads\/2025\/06\/dauner-band_55-900x597.jpg\" \/>\n\t<meta property=\"og:image:width\" content=\"900\" \/>\n\t<meta property=\"og:image:height\" content=\"597\" \/>\n\t<meta property=\"og:image:type\" content=\"image\/jpeg\" \/>\n<meta name=\"author\" content=\"Michael Scheiner\" \/>\n<script type=\"application\/ld+json\" class=\"yoast-schema-graph\">{\"@context\":\"https:\\\/\\\/schema.org\",\"@graph\":[{\"@type\":\"Article\",\"@id\":\"https:\\\/\\\/www.jazzzeitung.de\\\/cms\\\/2025\\\/06\\\/reise-durch-die-welt-des-rhythmus-mit-magnus-dauner\\\/#article\",\"isPartOf\":{\"@id\":\"https:\\\/\\\/www.jazzzeitung.de\\\/cms\\\/2025\\\/06\\\/reise-durch-die-welt-des-rhythmus-mit-magnus-dauner\\\/\"},\"author\":{\"name\":\"Michael Scheiner\",\"@id\":\"https:\\\/\\\/www.jazzzeitung.de\\\/cms\\\/#\\\/schema\\\/person\\\/a0bebd4d1728041629a3cbd7790f87fb\"},\"headline\":\"Reise durch die Welt des Rhythmus mit Magnus Dauner\",\"datePublished\":\"2025-06-03T11:05:31+00:00\",\"mainEntityOfPage\":{\"@id\":\"https:\\\/\\\/www.jazzzeitung.de\\\/cms\\\/2025\\\/06\\\/reise-durch-die-welt-des-rhythmus-mit-magnus-dauner\\\/\"},\"wordCount\":507,\"commentCount\":0,\"publisher\":{\"@id\":\"https:\\\/\\\/www.jazzzeitung.de\\\/cms\\\/#organization\"},\"image\":{\"@id\":\"https:\\\/\\\/www.jazzzeitung.de\\\/cms\\\/2025\\\/06\\\/reise-durch-die-welt-des-rhythmus-mit-magnus-dauner\\\/#primaryimage\"},\"thumbnailUrl\":\"https:\\\/\\\/i0.wp.com\\\/www.jazzzeitung.de\\\/cms\\\/wp-content\\\/uploads\\\/2025\\\/06\\\/dauner-band_55.jpg?fit=2067%2C1372&ssl=1\",\"keywords\":[\"Magnus Dauner\"],\"articleSection\":[\"Bericht\"],\"inLanguage\":\"de\",\"potentialAction\":[{\"@type\":\"CommentAction\",\"name\":\"Comment\",\"target\":[\"https:\\\/\\\/www.jazzzeitung.de\\\/cms\\\/2025\\\/06\\\/reise-durch-die-welt-des-rhythmus-mit-magnus-dauner\\\/#respond\"]}]},{\"@type\":\"WebPage\",\"@id\":\"https:\\\/\\\/www.jazzzeitung.de\\\/cms\\\/2025\\\/06\\\/reise-durch-die-welt-des-rhythmus-mit-magnus-dauner\\\/\",\"url\":\"https:\\\/\\\/www.jazzzeitung.de\\\/cms\\\/2025\\\/06\\\/reise-durch-die-welt-des-rhythmus-mit-magnus-dauner\\\/\",\"name\":\"Reise durch die Welt des Rhythmus mit Magnus Dauner - JazzZeitung\",\"isPartOf\":{\"@id\":\"https:\\\/\\\/www.jazzzeitung.de\\\/cms\\\/#website\"},\"primaryImageOfPage\":{\"@id\":\"https:\\\/\\\/www.jazzzeitung.de\\\/cms\\\/2025\\\/06\\\/reise-durch-die-welt-des-rhythmus-mit-magnus-dauner\\\/#primaryimage\"},\"image\":{\"@id\":\"https:\\\/\\\/www.jazzzeitung.de\\\/cms\\\/2025\\\/06\\\/reise-durch-die-welt-des-rhythmus-mit-magnus-dauner\\\/#primaryimage\"},\"thumbnailUrl\":\"https:\\\/\\\/i0.wp.com\\\/www.jazzzeitung.de\\\/cms\\\/wp-content\\\/uploads\\\/2025\\\/06\\\/dauner-band_55.jpg?fit=2067%2C1372&ssl=1\",\"datePublished\":\"2025-06-03T11:05:31+00:00\",\"breadcrumb\":{\"@id\":\"https:\\\/\\\/www.jazzzeitung.de\\\/cms\\\/2025\\\/06\\\/reise-durch-die-welt-des-rhythmus-mit-magnus-dauner\\\/#breadcrumb\"},\"inLanguage\":\"de\",\"potentialAction\":[{\"@type\":\"ReadAction\",\"target\":[\"https:\\\/\\\/www.jazzzeitung.de\\\/cms\\\/2025\\\/06\\\/reise-durch-die-welt-des-rhythmus-mit-magnus-dauner\\\/\"]}]},{\"@type\":\"ImageObject\",\"inLanguage\":\"de\",\"@id\":\"https:\\\/\\\/www.jazzzeitung.de\\\/cms\\\/2025\\\/06\\\/reise-durch-die-welt-des-rhythmus-mit-magnus-dauner\\\/#primaryimage\",\"url\":\"https:\\\/\\\/i0.wp.com\\\/www.jazzzeitung.de\\\/cms\\\/wp-content\\\/uploads\\\/2025\\\/06\\\/dauner-band_55.jpg?fit=2067%2C1372&ssl=1\",\"contentUrl\":\"https:\\\/\\\/i0.wp.com\\\/www.jazzzeitung.de\\\/cms\\\/wp-content\\\/uploads\\\/2025\\\/06\\\/dauner-band_55.jpg?fit=2067%2C1372&ssl=1\",\"width\":2067,\"height\":1372},{\"@type\":\"BreadcrumbList\",\"@id\":\"https:\\\/\\\/www.jazzzeitung.de\\\/cms\\\/2025\\\/06\\\/reise-durch-die-welt-des-rhythmus-mit-magnus-dauner\\\/#breadcrumb\",\"itemListElement\":[{\"@type\":\"ListItem\",\"position\":1,\"name\":\"Startseite\",\"item\":\"https:\\\/\\\/www.jazzzeitung.de\\\/cms\\\/\"},{\"@type\":\"ListItem\",\"position\":2,\"name\":\"Reise durch die Welt des Rhythmus mit Magnus Dauner\"}]},{\"@type\":\"WebSite\",\"@id\":\"https:\\\/\\\/www.jazzzeitung.de\\\/cms\\\/#website\",\"url\":\"https:\\\/\\\/www.jazzzeitung.de\\\/cms\\\/\",\"name\":\"JazzZeitung\",\"description\":\"Jazz-News und Jazz-Kontroverses\",\"publisher\":{\"@id\":\"https:\\\/\\\/www.jazzzeitung.de\\\/cms\\\/#organization\"},\"potentialAction\":[{\"@type\":\"SearchAction\",\"target\":{\"@type\":\"EntryPoint\",\"urlTemplate\":\"https:\\\/\\\/www.jazzzeitung.de\\\/cms\\\/?s={search_term_string}\"},\"query-input\":{\"@type\":\"PropertyValueSpecification\",\"valueRequired\":true,\"valueName\":\"search_term_string\"}}],\"inLanguage\":\"de\"},{\"@type\":\"Organization\",\"@id\":\"https:\\\/\\\/www.jazzzeitung.de\\\/cms\\\/#organization\",\"name\":\"JazzZeitung online\",\"url\":\"https:\\\/\\\/www.jazzzeitung.de\\\/cms\\\/\",\"logo\":{\"@type\":\"ImageObject\",\"inLanguage\":\"de\",\"@id\":\"https:\\\/\\\/www.jazzzeitung.de\\\/cms\\\/#\\\/schema\\\/logo\\\/image\\\/\",\"url\":\"https:\\\/\\\/i0.wp.com\\\/www.jazzzeitung.de\\\/cms\\\/wp-content\\\/uploads\\\/2015\\\/08\\\/JAZZZEITUNGDE_Logo_Neu.png?fit=499%2C200&ssl=1\",\"contentUrl\":\"https:\\\/\\\/i0.wp.com\\\/www.jazzzeitung.de\\\/cms\\\/wp-content\\\/uploads\\\/2015\\\/08\\\/JAZZZEITUNGDE_Logo_Neu.png?fit=499%2C200&ssl=1\",\"width\":499,\"height\":200,\"caption\":\"JazzZeitung online\"},\"image\":{\"@id\":\"https:\\\/\\\/www.jazzzeitung.de\\\/cms\\\/#\\\/schema\\\/logo\\\/image\\\/\"},\"sameAs\":[\"https:\\\/\\\/www.facebook.com\\\/JazzZeitung\\\/\"]},{\"@type\":\"Person\",\"@id\":\"https:\\\/\\\/www.jazzzeitung.de\\\/cms\\\/#\\\/schema\\\/person\\\/a0bebd4d1728041629a3cbd7790f87fb\",\"name\":\"Michael Scheiner\",\"image\":{\"@type\":\"ImageObject\",\"inLanguage\":\"de\",\"@id\":\"https:\\\/\\\/secure.gravatar.com\\\/avatar\\\/c2d6ac12f682c419867cf3f803880bb41d5b23007d3670820aa9a6e7b5f6ec8d?s=96&d=wp_user_avatar&r=gdabb1b10453880983dfc53da7552ec76\",\"url\":\"https:\\\/\\\/secure.gravatar.com\\\/avatar\\\/c2d6ac12f682c419867cf3f803880bb41d5b23007d3670820aa9a6e7b5f6ec8d?s=96&d=wp_user_avatar&r=g\",\"contentUrl\":\"https:\\\/\\\/secure.gravatar.com\\\/avatar\\\/c2d6ac12f682c419867cf3f803880bb41d5b23007d3670820aa9a6e7b5f6ec8d?s=96&d=wp_user_avatar&r=g\",\"caption\":\"Michael Scheiner\"},\"sameAs\":[\"http:\\\/\\\/www.michaelscheiner.de\"],\"url\":\"https:\\\/\\\/www.jazzzeitung.de\\\/cms\\\/author\\\/mscheiner\\\/\"}]}<\/script>\n<!-- \/ Yoast SEO plugin. -->","yoast_head_json":{"title":"Reise durch die Welt des Rhythmus mit Magnus Dauner - JazzZeitung","robots":{"index":"index","follow":"follow","max-snippet":"max-snippet:-1","max-image-preview":"max-image-preview:large","max-video-preview":"max-video-preview:-1"},"canonical":"https:\/\/www.jazzzeitung.de\/cms\/2025\/06\/reise-durch-die-welt-des-rhythmus-mit-magnus-dauner\/","og_locale":"de_DE","og_type":"article","og_title":"Reise durch die Welt des Rhythmus mit Magnus Dauner - JazzZeitung","og_description":"Der vielgereiste Allg\u00e4uer Magnus Dauner stellte im Mai zusammen mit S\u00e4nger Kilian Sladek, Trompeter Andreas Unterreiner, Pianist Andreas Sch\u00fctz und Bassist Lukas Pamminger sein Projekt \u201ePortrait in Rhythm\u201c vor. Jazzzeitungs-Autor Michael Scheiner besuchte ihn bei seiner Station im Regensburger Jazzclub \u201eLeerer Beutel\u201c. \u201eWenn die erste Reihe frei ist\u201c, frozzelte Dauner in seiner Begr\u00fc\u00dfung gut gelaunt, \u201edann wissen die Besucher schon was auf sie zukommt\u201c. In diesem Fall war es eine rhythmisch anspruchsvolle, t\u00e4nzerisch leichte Jazznummer mit einem Fl\u00fcgelhornsolo von Andreas Unterreiner bei dem vielen Zuh\u00f6renden regelrecht das Herz aufging. \u201eBeautiful Melody\u201c habe er nach einer Begegnung mit einem Lehrmeister genau daf\u00fcr geschrieben, erl\u00e4utert der Bandleader wie es zu dem sprechenden Titel gekommen sei. \u201eMan soll\u201c, habe dieser ihm nahegelegt, \u201ein allem was man macht, kochen, Schlagzeug spielen oder Fahrrad fahren, das Sch\u00f6ne sehen\u201c. Weniger erfolgreich mit dem Rat war er wohl selbst bei der n\u00e4chste Geschichte, die ihn zur afrikanisch anmutenden Komposition \u201eNot my Mountain\u201c inspirierte. Bei einem Studienaufenthalt in Ostafrika scheiterte er kl\u00e4glich an der Besteigung des Ol Doinyo Lengai. Sein ebenfalls musikalisch aktiver Vater hatte ihm dazu animiert den heiligen Bergs der Massai &hellip;","og_url":"https:\/\/www.jazzzeitung.de\/cms\/2025\/06\/reise-durch-die-welt-des-rhythmus-mit-magnus-dauner\/","og_site_name":"JazzZeitung","article_publisher":"https:\/\/www.facebook.com\/JazzZeitung\/","article_published_time":"2025-06-03T11:05:31+00:00","og_image":[{"width":900,"height":597,"url":"https:\/\/www.jazzzeitung.de\/cms\/wp-content\/uploads\/2025\/06\/dauner-band_55-900x597.jpg","type":"image\/jpeg"}],"author":"Michael Scheiner","schema":{"@context":"https:\/\/schema.org","@graph":[{"@type":"Article","@id":"https:\/\/www.jazzzeitung.de\/cms\/2025\/06\/reise-durch-die-welt-des-rhythmus-mit-magnus-dauner\/#article","isPartOf":{"@id":"https:\/\/www.jazzzeitung.de\/cms\/2025\/06\/reise-durch-die-welt-des-rhythmus-mit-magnus-dauner\/"},"author":{"name":"Michael Scheiner","@id":"https:\/\/www.jazzzeitung.de\/cms\/#\/schema\/person\/a0bebd4d1728041629a3cbd7790f87fb"},"headline":"Reise durch die Welt des Rhythmus mit Magnus Dauner","datePublished":"2025-06-03T11:05:31+00:00","mainEntityOfPage":{"@id":"https:\/\/www.jazzzeitung.de\/cms\/2025\/06\/reise-durch-die-welt-des-rhythmus-mit-magnus-dauner\/"},"wordCount":507,"commentCount":0,"publisher":{"@id":"https:\/\/www.jazzzeitung.de\/cms\/#organization"},"image":{"@id":"https:\/\/www.jazzzeitung.de\/cms\/2025\/06\/reise-durch-die-welt-des-rhythmus-mit-magnus-dauner\/#primaryimage"},"thumbnailUrl":"https:\/\/i0.wp.com\/www.jazzzeitung.de\/cms\/wp-content\/uploads\/2025\/06\/dauner-band_55.jpg?fit=2067%2C1372&ssl=1","keywords":["Magnus Dauner"],"articleSection":["Bericht"],"inLanguage":"de","potentialAction":[{"@type":"CommentAction","name":"Comment","target":["https:\/\/www.jazzzeitung.de\/cms\/2025\/06\/reise-durch-die-welt-des-rhythmus-mit-magnus-dauner\/#respond"]}]},{"@type":"WebPage","@id":"https:\/\/www.jazzzeitung.de\/cms\/2025\/06\/reise-durch-die-welt-des-rhythmus-mit-magnus-dauner\/","url":"https:\/\/www.jazzzeitung.de\/cms\/2025\/06\/reise-durch-die-welt-des-rhythmus-mit-magnus-dauner\/","name":"Reise durch die Welt des Rhythmus mit Magnus Dauner - JazzZeitung","isPartOf":{"@id":"https:\/\/www.jazzzeitung.de\/cms\/#website"},"primaryImageOfPage":{"@id":"https:\/\/www.jazzzeitung.de\/cms\/2025\/06\/reise-durch-die-welt-des-rhythmus-mit-magnus-dauner\/#primaryimage"},"image":{"@id":"https:\/\/www.jazzzeitung.de\/cms\/2025\/06\/reise-durch-die-welt-des-rhythmus-mit-magnus-dauner\/#primaryimage"},"thumbnailUrl":"https:\/\/i0.wp.com\/www.jazzzeitung.de\/cms\/wp-content\/uploads\/2025\/06\/dauner-band_55.jpg?fit=2067%2C1372&ssl=1","datePublished":"2025-06-03T11:05:31+00:00","breadcrumb":{"@id":"https:\/\/www.jazzzeitung.de\/cms\/2025\/06\/reise-durch-die-welt-des-rhythmus-mit-magnus-dauner\/#breadcrumb"},"inLanguage":"de","potentialAction":[{"@type":"ReadAction","target":["https:\/\/www.jazzzeitung.de\/cms\/2025\/06\/reise-durch-die-welt-des-rhythmus-mit-magnus-dauner\/"]}]},{"@type":"ImageObject","inLanguage":"de","@id":"https:\/\/www.jazzzeitung.de\/cms\/2025\/06\/reise-durch-die-welt-des-rhythmus-mit-magnus-dauner\/#primaryimage","url":"https:\/\/i0.wp.com\/www.jazzzeitung.de\/cms\/wp-content\/uploads\/2025\/06\/dauner-band_55.jpg?fit=2067%2C1372&ssl=1","contentUrl":"https:\/\/i0.wp.com\/www.jazzzeitung.de\/cms\/wp-content\/uploads\/2025\/06\/dauner-band_55.jpg?fit=2067%2C1372&ssl=1","width":2067,"height":1372},{"@type":"BreadcrumbList","@id":"https:\/\/www.jazzzeitung.de\/cms\/2025\/06\/reise-durch-die-welt-des-rhythmus-mit-magnus-dauner\/#breadcrumb","itemListElement":[{"@type":"ListItem","position":1,"name":"Startseite","item":"https:\/\/www.jazzzeitung.de\/cms\/"},{"@type":"ListItem","position":2,"name":"Reise durch die Welt des Rhythmus mit Magnus Dauner"}]},{"@type":"WebSite","@id":"https:\/\/www.jazzzeitung.de\/cms\/#website","url":"https:\/\/www.jazzzeitung.de\/cms\/","name":"JazzZeitung","description":"Jazz-News und Jazz-Kontroverses","publisher":{"@id":"https:\/\/www.jazzzeitung.de\/cms\/#organization"},"potentialAction":[{"@type":"SearchAction","target":{"@type":"EntryPoint","urlTemplate":"https:\/\/www.jazzzeitung.de\/cms\/?s={search_term_string}"},"query-input":{"@type":"PropertyValueSpecification","valueRequired":true,"valueName":"search_term_string"}}],"inLanguage":"de"},{"@type":"Organization","@id":"https:\/\/www.jazzzeitung.de\/cms\/#organization","name":"JazzZeitung online","url":"https:\/\/www.jazzzeitung.de\/cms\/","logo":{"@type":"ImageObject","inLanguage":"de","@id":"https:\/\/www.jazzzeitung.de\/cms\/#\/schema\/logo\/image\/","url":"https:\/\/i0.wp.com\/www.jazzzeitung.de\/cms\/wp-content\/uploads\/2015\/08\/JAZZZEITUNGDE_Logo_Neu.png?fit=499%2C200&ssl=1","contentUrl":"https:\/\/i0.wp.com\/www.jazzzeitung.de\/cms\/wp-content\/uploads\/2015\/08\/JAZZZEITUNGDE_Logo_Neu.png?fit=499%2C200&ssl=1","width":499,"height":200,"caption":"JazzZeitung online"},"image":{"@id":"https:\/\/www.jazzzeitung.de\/cms\/#\/schema\/logo\/image\/"},"sameAs":["https:\/\/www.facebook.com\/JazzZeitung\/"]},{"@type":"Person","@id":"https:\/\/www.jazzzeitung.de\/cms\/#\/schema\/person\/a0bebd4d1728041629a3cbd7790f87fb","name":"Michael Scheiner","image":{"@type":"ImageObject","inLanguage":"de","@id":"https:\/\/secure.gravatar.com\/avatar\/c2d6ac12f682c419867cf3f803880bb41d5b23007d3670820aa9a6e7b5f6ec8d?s=96&d=wp_user_avatar&r=gdabb1b10453880983dfc53da7552ec76","url":"https:\/\/secure.gravatar.com\/avatar\/c2d6ac12f682c419867cf3f803880bb41d5b23007d3670820aa9a6e7b5f6ec8d?s=96&d=wp_user_avatar&r=g","contentUrl":"https:\/\/secure.gravatar.com\/avatar\/c2d6ac12f682c419867cf3f803880bb41d5b23007d3670820aa9a6e7b5f6ec8d?s=96&d=wp_user_avatar&r=g","caption":"Michael Scheiner"},"sameAs":["http:\/\/www.michaelscheiner.de"],"url":"https:\/\/www.jazzzeitung.de\/cms\/author\/mscheiner\/"}]}},"wp-worthy-pixel":{"ignored":false,"public":null,"server":null,"url":null},"wp-worthy-type":"normal","jetpack_publicize_connections":[],"cc_featured_image_caption":{"caption_text":"","source_text":"","source_url":""},"jetpack_featured_media_url":"https:\/\/i0.wp.com\/www.jazzzeitung.de\/cms\/wp-content\/uploads\/2025\/06\/dauner-band_55.jpg?fit=2067%2C1372&ssl=1","jetpack_shortlink":"https:\/\/wp.me\/p3KEcT-8tG","jetpack-related-posts":[{"id":33220,"url":"https:\/\/www.jazzzeitung.de\/cms\/2025\/10\/jazzfest-muenchen-jazzfest-im-muenchener-olympiadorf\/","url_meta":{"origin":32592,"position":0},"title":"+++Jazzfest M\u00fcnchen &#038; Jazzfest im M\u00fcnchener Olympiadorf  +++ \u201eTribute to Wolfgang Dauner\u201c im Beethovensaal der Stuttgarter Liederhalle +++ Jugend jazzt in Hamburg +++","author":"Andreas Kolb","date":"23. Oktober 2025","format":false,"excerpt":"+++ Das M\u00fcnchener Jazzfest JIM und das Jazzfest im M\u00fcnchener Olympiadorf starten heute Abend gemeinsam+++ \"Jazz goes to town\" orakelt es leicht unbestimmt zum diesj\u00e4hrigen Jazzfest. Leicht irre wie der Titelheld des Films \"Mr. Deeds goes to town\" sahen die Vereinsvorderen sich einer Stadt gegen\u00fcber, die herausforderte und verwirrte. Ein\u2026","rel":"","context":"In &quot;News&quot;","block_context":{"text":"News","link":"https:\/\/www.jazzzeitung.de\/cms\/thema\/nachrichten\/"},"img":{"alt_text":"","src":"https:\/\/i0.wp.com\/www.jazzzeitung.de\/cms\/wp-content\/uploads\/2025\/10\/FailerieFailera-scaled.jpg?fit=1200%2C900&ssl=1&resize=350%2C200","width":350,"height":200,"srcset":"https:\/\/i0.wp.com\/www.jazzzeitung.de\/cms\/wp-content\/uploads\/2025\/10\/FailerieFailera-scaled.jpg?fit=1200%2C900&ssl=1&resize=350%2C200 1x, https:\/\/i0.wp.com\/www.jazzzeitung.de\/cms\/wp-content\/uploads\/2025\/10\/FailerieFailera-scaled.jpg?fit=1200%2C900&ssl=1&resize=525%2C300 1.5x, https:\/\/i0.wp.com\/www.jazzzeitung.de\/cms\/wp-content\/uploads\/2025\/10\/FailerieFailera-scaled.jpg?fit=1200%2C900&ssl=1&resize=700%2C400 2x, https:\/\/i0.wp.com\/www.jazzzeitung.de\/cms\/wp-content\/uploads\/2025\/10\/FailerieFailera-scaled.jpg?fit=1200%2C900&ssl=1&resize=1050%2C600 3x"},"classes":[]},{"id":21643,"url":"https:\/\/www.jazzzeitung.de\/cms\/2020\/01\/vom-bergwerk-zum-olymp-zum-tod-des-pianisten-und-komponisten-wolfgang-dauner\/","url_meta":{"origin":32592,"position":1},"title":"Vom Bergwerk zum Olymp \u2013 Zum Tod des Pianisten und Komponisten Wolfgang Dauner","author":"Andreas Kolb","date":"11. Januar 2020","format":false,"excerpt":"Nach l\u00e4ngerer Krankheit ist der Jazzmusiker, Pianist und Komponist Wolfgang Dauner im Alter von 84 Jahren in seiner Heimatstadt Stuttgart gestorben. Andreas Kolb erinnert an den Musiker und Komponisten.","rel":"","context":"In &quot;Bericht&quot;","block_context":{"text":"Bericht","link":"https:\/\/www.jazzzeitung.de\/cms\/thema\/bericht\/"},"img":{"alt_text":"","src":"https:\/\/i0.wp.com\/www.jazzzeitung.de\/cms\/wp-content\/uploads\/2020\/01\/DaunerWolfgang-Synthi100-S75e-Kumpf-scaled.jpg?fit=1200%2C788&ssl=1&resize=350%2C200","width":350,"height":200,"srcset":"https:\/\/i0.wp.com\/www.jazzzeitung.de\/cms\/wp-content\/uploads\/2020\/01\/DaunerWolfgang-Synthi100-S75e-Kumpf-scaled.jpg?fit=1200%2C788&ssl=1&resize=350%2C200 1x, https:\/\/i0.wp.com\/www.jazzzeitung.de\/cms\/wp-content\/uploads\/2020\/01\/DaunerWolfgang-Synthi100-S75e-Kumpf-scaled.jpg?fit=1200%2C788&ssl=1&resize=525%2C300 1.5x, https:\/\/i0.wp.com\/www.jazzzeitung.de\/cms\/wp-content\/uploads\/2020\/01\/DaunerWolfgang-Synthi100-S75e-Kumpf-scaled.jpg?fit=1200%2C788&ssl=1&resize=700%2C400 2x, https:\/\/i0.wp.com\/www.jazzzeitung.de\/cms\/wp-content\/uploads\/2020\/01\/DaunerWolfgang-Synthi100-S75e-Kumpf-scaled.jpg?fit=1200%2C788&ssl=1&resize=1050%2C600 3x"},"classes":[]},{"id":8015,"url":"https:\/\/www.jazzzeitung.de\/cms\/2015\/12\/aus-dem-bergwerk-die-spitze\/","url_meta":{"origin":32592,"position":2},"title":"Aus dem Bergwerk an die Spitze &#8211; Wolfgang Dauner zum Achtzigsten","author":"Redaktion JazzZeitung","date":"30. Dezember 2015","format":false,"excerpt":"Der 1935 in Stuttgart geborene und dort bis heute lebende und arbeitende Komponist und Musiker Wolfgang Dauner ist seit mehr als f\u00fcnf Jahrzehnten ein Innovator f\u00fcr den Jazz aus Deutschland. Am 30.12. 2015 feiert der Jazzpianist seinen achtzigsten Geburtstag: Anlass f\u00fcr JazzZeitung.de die Laudatio zu publizieren, die JazzZeitungs-Chefredakteur Andreas Kolb\u2026","rel":"","context":"In &quot;Portrait&quot;","block_context":{"text":"Portrait","link":"https:\/\/www.jazzzeitung.de\/cms\/thema\/portrait\/"},"img":{"alt_text":"honorarfrei-bei-abdruck-des-fotografen-j\u00f6rg-becker-3","src":"https:\/\/i0.wp.com\/www.jazzzeitung.de\/cms\/wp-content\/uploads\/2015\/12\/honorarfrei-bei-abdruck-des-fotografen-j%C3%B6rg-becker-3-150x150.jpg?resize=350%2C200","width":350,"height":200},"classes":[]},{"id":7144,"url":"https:\/\/www.jazzzeitung.de\/cms\/2015\/09\/landesjazzpreis-baden-wuerttemberg-sonderpreis-fuer-das-lebenswerk-geht-den-bassisten-eberhard-weber\/","url_meta":{"origin":32592,"position":3},"title":"Landesjazzpreis Baden-W\u00fcrttemberg: \u201eSonderpreis f\u00fcr das Lebenswerk\u201c geht an Wolfgang Dauner","author":"Redaktion JazzZeitung","date":"23. September 2015","format":false,"excerpt":"Der Jazzpreis Baden-W\u00fcrttemberg ist ein mit 15.000 Euro dotierter Nachwuchspreis f\u00fcr Jazzmusiker. Er wurde vom Land Baden-W\u00fcrttemberg erstmals\u00a01985 verliehen und geht an Musiker, die nicht \u00e4lter als 35 Jahre sind und einen wesentlichen Beitrag f\u00fcr die Jazzszene des Landes geleistet haben. 2016 wird zum zweiten Mal der Landesjazzpreis Baden-W\u00fcrttemberg in\u2026","rel":"","context":"In &quot;News&quot;","block_context":{"text":"News","link":"https:\/\/www.jazzzeitung.de\/cms\/thema\/nachrichten\/"},"img":{"alt_text":"Der Preistr\u00e4ger Wolfgang Dauner. Foto: J\u00f6rg Becker","src":"https:\/\/i0.wp.com\/www.jazzzeitung.de\/cms\/wp-content\/uploads\/2015\/09\/Der-Preistr%C3%A4ger-Wolfgang-Dauner.-Foto-J%C3%B6rg-Becker-150x150.jpg?resize=350%2C200","width":350,"height":200},"classes":[]},{"id":14311,"url":"https:\/\/www.jazzzeitung.de\/cms\/2017\/11\/wolfgang-dauner-wusste-es-bereits-1970-musikstreaming-kommt\/","url_meta":{"origin":32592,"position":4},"title":"Der Prophet des Musikstreaming: Wolfgang Dauner im Jahr 1970","author":"Huflaikhan","date":"22. November 2017","format":false,"excerpt":"ECM goes Streaming. So stand es gerade in der JazzZeitung. Nach einer ersten Sichtung waren Katalogs sind da aber doch einige L\u00fccken auszumachen, die mittlerweile sehr ordentlich geschlossen wurden. So fehlen bei Keith Jarrett - nur als Beispiel - zahlreiche Aufnahmen, andere sind teilweise ausgegraut und keinesfalls anh\u00f6rbar. Zumindest bei\u2026","rel":"","context":"In &quot;Blog&quot;","block_context":{"text":"Blog","link":"https:\/\/www.jazzzeitung.de\/cms\/thema\/blog\/"},"img":{"alt_text":"Dauner: Output - Front. ECM 1970","src":"https:\/\/i0.wp.com\/www.jazzzeitung.de\/cms\/wp-content\/uploads\/2017\/11\/dauner_output_c_ecm.jpg?fit=1196%2C1200&ssl=1&resize=350%2C200","width":350,"height":200,"srcset":"https:\/\/i0.wp.com\/www.jazzzeitung.de\/cms\/wp-content\/uploads\/2017\/11\/dauner_output_c_ecm.jpg?fit=1196%2C1200&ssl=1&resize=350%2C200 1x, https:\/\/i0.wp.com\/www.jazzzeitung.de\/cms\/wp-content\/uploads\/2017\/11\/dauner_output_c_ecm.jpg?fit=1196%2C1200&ssl=1&resize=525%2C300 1.5x, https:\/\/i0.wp.com\/www.jazzzeitung.de\/cms\/wp-content\/uploads\/2017\/11\/dauner_output_c_ecm.jpg?fit=1196%2C1200&ssl=1&resize=700%2C400 2x, https:\/\/i0.wp.com\/www.jazzzeitung.de\/cms\/wp-content\/uploads\/2017\/11\/dauner_output_c_ecm.jpg?fit=1196%2C1200&ssl=1&resize=1050%2C600 3x"},"classes":[]},{"id":9406,"url":"https:\/\/www.jazzzeitung.de\/cms\/2016\/05\/lebenswerk-von-wolfgang-dauner-wird-mit-dem-echo-jazz-2016-honoriert\/","url_meta":{"origin":32592,"position":5},"title":"Lebenswerk von Wolfgang Dauner wird mit dem Echo Jazz 2016 honoriert","author":"Redaktion JazzZeitung","date":"27. Mai 2016","format":false,"excerpt":"Der Keyboarder, Jazzpianist und Filmkomponist Wolfgang Dauner wird in diesem Jahr mit dem ECHO JAZZ f\u00fcr sein Lebenswerk ausgezeichnet. Der 1935 in Stuttgart geborene K\u00fcnstler schrieb Musik f\u00fcr Film, Fernsehen, Theater und Musicalb\u00fchnen und hatte dabei stets den Anspruch, Genregrenzen zu transzendieren und neue gestalterische M\u00f6glichkeiten auszutesten. Im Laufe seiner\u2026","rel":"","context":"In &quot;Bericht&quot;","block_context":{"text":"Bericht","link":"https:\/\/www.jazzzeitung.de\/cms\/thema\/bericht\/"},"img":{"alt_text":"","src":"https:\/\/i0.wp.com\/www.jazzzeitung.de\/cms\/wp-content\/uploads\/2016\/05\/presse-dauner-total.jpeg?resize=350%2C200","width":350,"height":200},"classes":[]}],"jetpack_sharing_enabled":true,"_links":{"self":[{"href":"https:\/\/www.jazzzeitung.de\/cms\/wp-json\/wp\/v2\/posts\/32592","targetHints":{"allow":["GET"]}}],"collection":[{"href":"https:\/\/www.jazzzeitung.de\/cms\/wp-json\/wp\/v2\/posts"}],"about":[{"href":"https:\/\/www.jazzzeitung.de\/cms\/wp-json\/wp\/v2\/types\/post"}],"author":[{"embeddable":true,"href":"https:\/\/www.jazzzeitung.de\/cms\/wp-json\/wp\/v2\/users\/37"}],"replies":[{"embeddable":true,"href":"https:\/\/www.jazzzeitung.de\/cms\/wp-json\/wp\/v2\/comments?post=32592"}],"version-history":[{"count":4,"href":"https:\/\/www.jazzzeitung.de\/cms\/wp-json\/wp\/v2\/posts\/32592\/revisions"}],"predecessor-version":[{"id":32610,"href":"https:\/\/www.jazzzeitung.de\/cms\/wp-json\/wp\/v2\/posts\/32592\/revisions\/32610"}],"wp:featuredmedia":[{"embeddable":true,"href":"https:\/\/www.jazzzeitung.de\/cms\/wp-json\/wp\/v2\/media\/32595"}],"wp:attachment":[{"href":"https:\/\/www.jazzzeitung.de\/cms\/wp-json\/wp\/v2\/media?parent=32592"}],"wp:term":[{"taxonomy":"category","embeddable":true,"href":"https:\/\/www.jazzzeitung.de\/cms\/wp-json\/wp\/v2\/categories?post=32592"},{"taxonomy":"post_tag","embeddable":true,"href":"https:\/\/www.jazzzeitung.de\/cms\/wp-json\/wp\/v2\/tags?post=32592"},{"taxonomy":"author","embeddable":true,"href":"https:\/\/www.jazzzeitung.de\/cms\/wp-json\/wp\/v2\/coauthors?post=32592"}],"curies":[{"name":"wp","href":"https:\/\/api.w.org\/{rel}","templated":true}]}}