{"id":32587,"date":"2025-06-01T12:00:27","date_gmt":"2025-06-01T10:00:27","guid":{"rendered":"https:\/\/www.jazzzeitung.de\/cms\/?p=32587"},"modified":"2025-05-27T10:46:44","modified_gmt":"2025-05-27T08:46:44","slug":"die-eingeschmolzene-jazz-radiowoche-vom-02-06-2025-bis-08-06-2025","status":"publish","type":"post","link":"https:\/\/www.jazzzeitung.de\/cms\/2025\/06\/die-eingeschmolzene-jazz-radiowoche-vom-02-06-2025-bis-08-06-2025\/","title":{"rendered":"Die eingeschmolzene Jazz-Radiowoche vom 02.06.2025 bis 08.06.2025"},"content":{"rendered":"<p class=\"western\"><a name=\"_Hlk71805784\"><\/a> Die \u00dcbersicht zum <span style=\"color: #0563c1;\"><u><a href=\"https:\/\/service.conbrio.de\/service\/download\/278\/\" name=\"Download des PDF\">Download als PDF<\/a><\/u><\/span><span style=\"text-decoration: line-through;\">.<\/span> Alle Angaben ohne Gew\u00e4hr. Erg\u00e4nzt mit den tollen Sendungen zur Neuen Musik von BR-KLASSIK und \u00d61.<\/p>\n<p class=\"western\">Leider hat die ARD ihre Suchmaschine in Fragen Radio in der Zwischenzeit komplett geschreddert, nachdem sie in den vergangenen Jahren schon nicht mehr \u00fcber Schlagworte funktioniert hat. Damit sind wir nun komplett auf Zulieferungen der Sendeanstalten angewiesen. Aktuell bekommen wir Informationen von SWR Kultur, \u00d61 und in Sachen Neue Musik von BR-KLASSIK und ebenfalls \u00d61.<\/p>\n<hr \/>\n<h2 class=\"western\"><a name=\"__RefHeading___Toc532_2049876245\"><\/a><a name=\"_Toc175140589\"><\/a><a name=\"_Toc174527976\"><\/a><a name=\"_Toc190257440\"><\/a><a name=\"_Toc189815284\"><\/a><a name=\"_Toc189813526\"><\/a><a name=\"_Toc188957623\"><\/a><a name=\"_Toc188530705\"><\/a><a name=\"_Toc187143015\"><\/a><a name=\"_Toc186792938\"><\/a><a name=\"_Toc185409041\"><\/a><a name=\"_Toc184290543\"><\/a><a name=\"_Toc183595478\"><\/a><a name=\"_Toc176424572\"><\/a> Senderliste:<\/h2>\n<hr \/>\n<ul>\n<li><span style=\"color: #0563c1;\"><u><a href=\"https:\/\/oe1.orf.at\/\" name=\"Link zum ORF\">ORF \u2013 \u00d61<\/a><\/u><\/span><\/li>\n<li><span style=\"color: #0563c1;\"><u><a href=\"https:\/\/www.deutschlandradio.de\/\" name=\"Link zum Deutschlandfunk\">Deutschlandfunk<\/a><\/u><\/span> \u2013 \u201eFakten und mehr\u201c<\/li>\n<li><span style=\"color: #0563c1;\"><u><a href=\"https:\/\/www.deutschlandfunkkultur.de\/\" name=\"Link zu Deutschlandfunk Kultur\">Deutschlandfunk-Kultur<\/a><\/u><\/span> \u2013 \u201eDas Feuilleton im Radio\u201c<\/li>\n<li><span style=\"color: #0563c1;\"><u><a href=\"https:\/\/www.ndr.de\/ndrkultur\/\" name=\"Link zu ndr kultur\">ndr Kultur<\/a><\/u><\/span> \u2013 H\u00f6ren und genie\u00dfen<\/li>\n<li><span style=\"color: #0563c1;\"><u><a href=\"https:\/\/www.ndr.de\/ndrblue\/index.html\" name=\"Link zu ndr blue\"><span lang=\"en-US\">ndr blue<\/span><\/a><\/u><\/span><span lang=\"en-US\"> \u2013 Meet The Music<\/span><\/li>\n<li><span style=\"color: #0563c1;\"><u><a href=\"https:\/\/www.bremenzwei.de\/\" name=\"Link zu Radio Bremen\">radio bremen<\/a><\/u><\/span> \u2013 Neugier lohnt sich.<\/li>\n<li><span style=\"color: #0563c1;\"><u><a href=\"https:\/\/www.radiodrei.de\/\" name=\"Link zu Radio 3 von Berlin\">Radio 3<\/a><\/u><\/span> \u2013<\/li>\n<li><span style=\"color: #0563c1;\"><u><a href=\"https:\/\/www.mdr.de\/kultur\/radio\/index.html\" name=\"Link zu medr-kultur\">mdr-kultur<\/a><\/u><\/span> \u2013 Das Radio.<\/li>\n<li><a href=\"https:\/\/www1.wdr.de\/radio\/wdr3\/\" name=\"Link zu WDR3\"><span style=\"color: #0563c1;\"><u>W<\/u><\/span><span style=\"color: #0563c1;\"><u>DR<\/u><\/span><span style=\"color: #0563c1;\"><u>3<\/u><\/span><\/a> \u2013 Das Kulturradio<\/li>\n<li><span style=\"color: #0563c1;\"><u><a href=\"https:\/\/www.hr2.de\/index.html\" name=\"Link zu hr2-kultur\">hr2-kultur<\/a><\/u><\/span> \u2013 Das Kulturradio f\u00fcr Hessen.<\/li>\n<li><a href=\"https:\/\/www.sr.de\/sr\/sr2\/index.html\" name=\"Link zu SR2-Kulturradio\"><span style=\"color: #0563c1;\"><u>S<\/u><\/span><span style=\"color: #0563c1;\"><u>R<\/u><\/span><span style=\"color: #0563c1;\"><u>2 Kulturradio<\/u><\/span><\/a> \u2013 \u2026 gut zu h\u00f6ren.<\/li>\n<li><a href=\"https:\/\/www.swr.de\/swr2\/\" name=\"Link zu SWR Kuultur\"><span style=\"color: #0563c1;\"><u>S<\/u><\/span><span style=\"color: #0563c1;\"><u>WR<\/u><\/span><u> <\/u><\/a><span style=\"color: #0563c1;\"><u>kultur<\/u><\/span> \u2013 Kultur neu entdecken<\/li>\n<li><span style=\"color: #0563c1;\"><u><a href=\"https:\/\/www.br.de\/radio\/br-klassik\/index.html\" name=\"Link zu BR-Klassik\">BR-KLASSIK<\/a><\/u><\/span> \u2013 Klassikstars geben auf BR-KLASSIK den Ton an. Attraktive Magazine bringen Interviews und Neuigkeiten aus dem Musikleben.<\/li>\n<li><span style=\"color: #0563c1;\"><u><a href=\"https:\/\/www.br.de\/radio\/bayern2\/index.html\" name=\"Link zu Bayern2\">Bayern 2<\/a><\/u><\/span> \u2013 Preisgekr\u00f6ntes Radio f\u00fcr H\u00f6rer, die mehr wissen wollen<br \/>\n<hr \/>\n<\/li>\n<\/ul>\n<h2 class=\"western\"><a name=\"__RefHeading___Toc534_2049876245\"><\/a><a name=\"_Toc189815285\"><\/a><a name=\"_Toc189813527\"><\/a><a name=\"_Toc188957624\"><\/a><a name=\"_Toc188530706\"><\/a><a name=\"_Toc187143016\"><\/a><a name=\"_Toc186792939\"><\/a><a name=\"_Toc185409042\"><\/a><a name=\"_Toc184290544\"><\/a><a name=\"_Toc183595479\"><\/a><a name=\"_Toc176424573\"><\/a><a name=\"_Toc175140590\"><\/a><a name=\"_Toc190257441\"><\/a> Internet:<\/h2>\n<hr \/>\n<ul>\n<li>Schweden: <span style=\"color: #0563c1;\"><u><a href=\"https:\/\/sverigesradio.se\/tabla.aspx?programid=2562\" name=\"Link zu Schwedens Radio P&quot;\">P2<\/a><\/u><\/span> sendet immer Dienstags von 21:00 bis 22:00 und Sonntags von 18:40 bis 20:00 ein Jazzkonzert<\/li>\n<li>Ungarn: <span style=\"color: #0563c1;\"><u><a href=\"https:\/\/mediaklikk.hu\/bartok\/\" name=\"Link zu Bart\u00f3k-Radio\">Bartok Radio<\/a><\/u><\/span> sendet t\u00e4glich von 23:00 bis 23:55 eine Jazzsendung<\/li>\n<\/ul>\n<hr \/>\n<h2 class=\"western\">mo \u2013 02.06.2025<\/h2>\n<hr \/>\n<p class=\"western\">17:30:00 +++ \u00d61<br \/>\n<b>Musik aus allen Richtungen mit Astrid Schwarz und Rainer Elstner.<\/b><\/p>\n<p class=\"western\">19:30:00 +++ \u00d61<br \/>\n<b>Urauff\u00fchrung von Natasa Mirkovic und Matthias Loibners Bearbeitung von \u201eDas kleine Ich-bin-ich\u201c im Wiener RadioKulturhaus<\/b><\/p>\n<p class=\"western\" style=\"padding-left: 40px;\">Natasa Mirkovic und Matthias Loibner kooperieren seit vielen Jahren, schon 2009 pr\u00e4sentierten sie ihre vielbeachtete Bearbeitung von Franz Schuberts \u201eWinterreise\u201c im Gro\u00dfen Sendesaal des Wiener RadioKulturhauses \u2013 wo am 28. Mai 2025 ein neues Projekt der wahl\u00f6sterreichischen S\u00e4ngerin aus Bosnien und des steirischen Drehleier-Virtuosen seine Premiere erlebte: Mirkovic und Loibner pr\u00e4sentierten ihre Bearbeitung des 1972 ver\u00f6ffentlichten, bald darauf in zahlreiche Sprachen \u00fcbersetzten Kinderbuchklassikers \u201eDas kleine Ich-bin-ich\u201c von Mira Lobe: Die Geschichte des bunten Tiers, das auf der Suche nach seiner Identit\u00e4t \u00fcber eine Blumenwiese spaziert und die anderen Tiere fragt, wer es denn sei. Um schlie\u00dflich seine Einzigartigkeit auf ganz nat\u00fcrliche, selbstverst\u00e4ndliche Art zu erkennen.<\/p>\n<p class=\"western\" style=\"padding-left: 40px;\">Natasa Mirkovic und Matthias Loibner betrachten die Geschichte aus ihrer Perspektive, verbinden sie mit elementaren existenziellen Themen wie dem Verlassen der eigenen Heimat (Blumenwiese), dem Dazugeh\u00f6renwollen und Abgewiesenwerden. Die Drehleier darf \u2013 dem kleinen Ich-bin-Ich \u00e4hnlich \u2013 als schwer zuordenbares, stilistisch entgrenztes Saiten-, Streich-, Tasten- und Zupfinstrument f\u00fcr die klangliche Grundierung sorgen. Natasa Mirkovic gibt mit nuancenreicher, plastischer Singstimme die Erz\u00e4hlerin.<\/p>\n<p class=\"western\">22:03 \u2013 23:00 UHR +++ SWR KULTUR<br \/>\n<b>ARD Jazz. Spotlight: H\u00f6ren wir Gutes und reden dar\u00fcber!<\/b><\/p>\n<p class=\"western\" style=\"padding-left: 40px;\">Von Ulrich Habersetzer, Beate Sampson, Roland Spiegel. \u201eEine Sendung wie eine Insel. Drau\u00dfen herrscht hoher Seegang, aber was im Hier und Jetzt z\u00e4hlt, das sind handverlesene T\u00f6ne, die in die Ohren des Publikums tropfen\u201c. Das schrieb 2022 die Grimme-Jury in ihrer Begr\u00fcndung daf\u00fcr, dass \u201eH\u00f6ren wir Gutes und reden dar\u00fcber!\u201c den Deutschen Radiopreis als \u201eBeste Sendung\u201c erhielt. Wir nehmen Sie mit auf diese H\u00f6r-Insel! Jede und jeder stellt ein neues Jazzalbum vor, ohne den anderen vorher zu verraten, worum es sich handelt. H\u00f6ren, r\u00e4tseln und laut nachdenken \u00fcber T\u00f6ne \u2013 darum geht es bei \u201eH\u00f6ren wir Gutes\u201c. Lassen Sie sich \u00fcberraschen!<\/p>\n<p class=\"western\">23:03:00 +++ \u00d61<br \/>\n<b>Thomas Wally analysiert Unsuk Chins Cellokonzert \u2013 Neue Musik auf der Couch: \u201eCello Concerto\u201c von Unsuk Chin <\/b><\/p>\n<p class=\"western\" style=\"padding-left: 40px;\">\u201eUnkonventionelle Ideen, eine einzigartige Imagination und eine Pers\u00f6nlichkeit von starkem, komplexem Charakter\u201c \u2013 so beschreibt der Dirigent Kent Nagano seinen Eindruck bei der Durchsicht von Unsuk Chins Werken, nachdem ihn 1998 der Komponist George Benjamin auf die Werke der in Seoul geborenen Komponistin aufmerksam gemacht hatte.<\/p>\n<p class=\"western\" style=\"padding-left: 40px;\">Die Gattung des Konzertes spielt in Unsuk Chins Werkverzeichnis eine wichtige Rolle. F\u00fcr ihr Violinkonzert wird ihr 2004 der prestigetr\u00e4chtige Grawemeyer Award verliehen. Ihr wenige Jahre sp\u00e4ter komponiertes Konzert f\u00fcr Cello und Orchester enth\u00e4lt eine der eher seltenen Bezugnahmen Chins auf die musikalischen Traditionen ihrer Heimat. So ist der erste Satz betitelt mit \u201eAniri\u201c: ein Begriff aus dem koreanischen Pansori-Theater, welcher Erz\u00e4hlpassagen in diesen \u201eEin-Mann-Opern\u201c bezeichnet.<\/p>\n<p class=\"western\" style=\"padding-left: 40px;\">Thomas Wally, neben seiner T\u00e4tigkeit als freischaffender Komponist und Violinist auch an der Wiener Musikuniversit\u00e4t als Senior Lecturer in musiktheoretischen F\u00e4chern aktiv, betrachtet das<\/p>\n<p class=\"western\" style=\"padding-left: 40px;\">\u201eCello Concerto\u201c (2006-8; rev. 2013) von Unsuk Chin im Gespr\u00e4ch mit Rainer Elstner aus (h\u00f6r)analytischer Perspektive: Was h\u00f6ren wir, wenn wir dieses Werk h\u00f6ren? Worauf k\u00f6nnen wir achten? Was sind Besonderheiten, denen wir Aufmerksamkeit schenken sollten? Den H\u00f6rerinnen und H\u00f6rern werden analytische Tools bereitgestellt, mit deren Hilfe diese Musik mit einem gesch\u00e4rften Fokus wahrgenommen werden kann. Gestaltung: Thomas Wally, Redaktion: Rainer Elstner<\/p>\n<hr \/>\n<h2 class=\"western\">di \u2013 03.06.2025<\/h2>\n<hr \/>\n<p class=\"western\">17:30:00 +++ \u00d61<br \/>\n<b>Musik aus allen Richtungen.<\/b><\/p>\n<p class=\"western\">23:03:00 +++ \u00d61<br \/>\n<b>Katharina Klement beim Kaleidophon Ulrichsberg 2025 \u2013 Klavierkl\u00e4nge vervielfachen. \u201eSpiegel\u201c von Katharina Klement. <\/b><\/p>\n<p class=\"western\" style=\"padding-left: 40px;\">Zeit-Ton pr\u00e4sentiert ein neues Zeit-Ton pr\u00e4sentiert ein neues Werk der Pianistin und Elektronik-Komponistin Katharina Klement: Aufgef\u00fchrt hat sie dieses Solo-St\u00fcck Ende April beim Festival f\u00fcr Jazz- und Improvisationsmusik Kaleidophon im ober\u00f6sterreichischen Ulrichsberg. \u201eSpiegel\u201c ist ein vielschichtiges Klang-Portr\u00e4t aus der Musikerin, ihren Instrumenten und ihren k\u00fcnstlerischen Eindr\u00fccken.<\/p>\n<p class=\"western\" style=\"padding-left: 40px;\">In der Musik von Katharina Klement geht es um alles, was h\u00f6rbar ist. 1963 in Graz geboren, studierte sie in Wien Klavier und besuchte den Lehrgang f\u00fcr elektroakustische Musik, dem sie seit vielen Jahren nun als Lehrbeauftragte verbunden ist. 2013 wurde sie mit dem \u00d6sterreichischen Kunstpreis in der Sparte Musik ausgezeichnet, 2023 mit dem 1. Preis des Akusmatik-Wettbewerbs der Weimarer Fr\u00fchjahrstage.<\/p>\n<p class=\"western\" style=\"padding-left: 40px;\">Als Klangk\u00fcnstlerin lotet Klement die Grenzbereich von Komposition und Improvisation st\u00e4ndig neu aus, dazu kommen v.a. r\u00e4umliche und performative Gestaltungselemente.<\/p>\n<p class=\"western\" style=\"padding-left: 40px;\">Am 27. April pr\u00e4sentierte Katharina Klement bei der 39. Ausgabe des Festivals Kaleidophon im Ulrichsberger Jazz-Atelier das Solo-St\u00fcck \u201eSpiegel\u201c f\u00fcr Klavier und Elektronik. Es ist die Weiterbearbeitung des Werkes \u201eSpiegel\u201c, das sie im M\u00e4rz 2021 am Gare du Nord in Basel (damals pandemiegedingt ohne Publikum) auff\u00fchrte.<\/p>\n<p class=\"western\" style=\"padding-left: 40px;\">\u201eSpiegel\u201c setzt Klavier, Elektronik und die K\u00fcnstlerin in eine portr\u00e4thafte Beziehung: Das Klavier als Klanggenerator, die Elektronik mit teils geloopten Ger\u00e4uschen als eine Art Prisma, das die Sound-Impulse auff\u00e4chert, und die Musikerin als Spiegelung dieser Prozesse. Es sind ebenso fragile wie schillernde Klanglandschaften, die Klement in diesem Konzert ihrem Instrumentarium entlockt.<\/p>\n<p class=\"western\" style=\"padding-left: 40px;\">Im Zeit-Ton ist \u201eSpiegel\u201c ist fast voller L\u00e4nge zu h\u00f6ren. Dazu erz\u00e4hlt Katharina Klement von diesem Werk und anderen Arbeiten.<\/p>\n<p class=\"western\" style=\"padding-left: 40px;\">In der Ausgabe von Supernova am vergangenen Sonntag, dem 1. Juni, standen Ausschnitte aus den Konzerten des Quartetts Tiho\u017eitje\/Stillleben, des Posaunen-Trios Jeb Bishop, Matthias M\u00fcller und Matthias Muche sowie des Trio Now! auf dem Programm Gestaltung: Heinrich Deisl<\/p>\n<hr \/>\n<h2 class=\"western\">mi \u2013 04.06.2025<\/h2>\n<hr \/>\n<p class=\"western\">17:30:00 +++ \u00d61<br \/>\n<b>Musik aus allen Richtungen mit Ulla Pilz und Michael Neuhauser.<\/b><\/p>\n<p class=\"western\">22:03 \u2013 23:00 UHR +++ SWR KULTUR<br \/>\n<b>ARD Jazz. Das Magazin: Von Ulrich Habersetzer. <\/b><\/p>\n<p class=\"western\" style=\"padding-left: 40px;\">Das w\u00f6chentliche Jazz-Update, pr\u00e4sentiert von Eurer ARD: au\u00dfergew\u00f6hnliche Ver\u00f6ffentlichungen, relevante Ereignisse und aktuelle Debatten. Wir diskutieren Jazz in allen seinen Facetten und suchen auch deutschlandweit die Orte auf, an denen er zu Hause ist. Nicht verpassen!<\/p>\n<figure id=\"attachment_32588\" aria-describedby=\"caption-attachment-32588\" style=\"width: 840px\" class=\"wp-caption aligncenter\"><a href=\"https:\/\/i0.wp.com\/www.jazzzeitung.de\/cms\/wp-content\/uploads\/2025\/05\/schnappschuss-SharpenAI-Focus.jpg?ssl=1\"><img data-recalc-dims=\"1\" loading=\"lazy\" decoding=\"async\" data-attachment-id=\"32588\" data-permalink=\"https:\/\/www.jazzzeitung.de\/cms\/2025\/06\/die-eingeschmolzene-jazz-radiowoche-vom-02-06-2025-bis-08-06-2025\/schnappschuss-sharpenai-focus\/\" data-orig-file=\"https:\/\/i0.wp.com\/www.jazzzeitung.de\/cms\/wp-content\/uploads\/2025\/05\/schnappschuss-SharpenAI-Focus.jpg?fit=2408%2C977&amp;ssl=1\" data-orig-size=\"2408,977\" data-comments-opened=\"1\" data-image-meta=\"{&quot;aperture&quot;:&quot;0&quot;,&quot;credit&quot;:&quot;Martin Hufner&quot;,&quot;camera&quot;:&quot;&quot;,&quot;caption&quot;:&quot;&quot;,&quot;created_timestamp&quot;:&quot;0&quot;,&quot;copyright&quot;:&quot;Martin Hufner&quot;,&quot;focal_length&quot;:&quot;0&quot;,&quot;iso&quot;:&quot;0&quot;,&quot;shutter_speed&quot;:&quot;0&quot;,&quot;title&quot;:&quot;&quot;,&quot;orientation&quot;:&quot;0&quot;}\" data-image-title=\"Hunger. Foto: Hufner\" data-image-description=\"&lt;p&gt;Hunger. Foto: Hufner&lt;\/p&gt;\n\" data-image-caption=\"&lt;p&gt;Hunger. Foto: Hufner&lt;\/p&gt;\n\" data-large-file=\"https:\/\/i0.wp.com\/www.jazzzeitung.de\/cms\/wp-content\/uploads\/2025\/05\/schnappschuss-SharpenAI-Focus.jpg?fit=840%2C341&amp;ssl=1\" class=\"size-large wp-image-32588\" src=\"https:\/\/i0.wp.com\/www.jazzzeitung.de\/cms\/wp-content\/uploads\/2025\/05\/schnappschuss-SharpenAI-Focus.jpg?resize=840%2C341&#038;ssl=1\" alt=\"Hunger. Foto: Hufner\" width=\"840\" height=\"341\" srcset=\"https:\/\/i0.wp.com\/www.jazzzeitung.de\/cms\/wp-content\/uploads\/2025\/05\/schnappschuss-SharpenAI-Focus.jpg?resize=900%2C365&amp;ssl=1 900w, https:\/\/i0.wp.com\/www.jazzzeitung.de\/cms\/wp-content\/uploads\/2025\/05\/schnappschuss-SharpenAI-Focus.jpg?resize=300%2C122&amp;ssl=1 300w, https:\/\/i0.wp.com\/www.jazzzeitung.de\/cms\/wp-content\/uploads\/2025\/05\/schnappschuss-SharpenAI-Focus.jpg?resize=768%2C312&amp;ssl=1 768w, https:\/\/i0.wp.com\/www.jazzzeitung.de\/cms\/wp-content\/uploads\/2025\/05\/schnappschuss-SharpenAI-Focus.jpg?resize=1536%2C623&amp;ssl=1 1536w, https:\/\/i0.wp.com\/www.jazzzeitung.de\/cms\/wp-content\/uploads\/2025\/05\/schnappschuss-SharpenAI-Focus.jpg?resize=2048%2C831&amp;ssl=1 2048w, https:\/\/i0.wp.com\/www.jazzzeitung.de\/cms\/wp-content\/uploads\/2025\/05\/schnappschuss-SharpenAI-Focus.jpg?resize=1320%2C536&amp;ssl=1 1320w, https:\/\/i0.wp.com\/www.jazzzeitung.de\/cms\/wp-content\/uploads\/2025\/05\/schnappschuss-SharpenAI-Focus.jpg?w=1680&amp;ssl=1 1680w\" sizes=\"auto, (max-width: 840px) 100vw, 840px\" \/><\/a><figcaption id=\"caption-attachment-32588\" class=\"wp-caption-text\">Hunger. Foto: Hufner<\/figcaption><\/figure>\n<hr \/>\n<h2 class=\"western\">do \u2013 05.06.2025<\/h2>\n<hr \/>\n<p class=\"western\">17:30:00 +++ \u00d61<br \/>\n<b>Musik aus allen Richtungen mit Andreas Felber.<\/b><\/p>\n<p class=\"western\">22:03 \u2013 23:00 UHR +++ SWR KULTUR<br \/>\n<b>Blues`n`Roots<\/b><\/p>\n<p class=\"western\" style=\"padding-left: 40px;\">Von Dagmar Fulle. In dieser Sendung pr\u00e4sentieren wir alte und neue Aufnahmen aus den Bereichen Blues, Jazz, Swing, Rhythm&#8217;n&#8217;Blues, Soul und Country. (\u00dcbernahme von hr2-kultur).<\/p>\n<p class=\"western\">23:03 bis 00:00 Uhr +++ BR-KLASSIK<br \/>\n<b>Horizonte: Das Festival \u201eMusik Installationen\u201c in N\u00fcrnberg<\/b><\/p>\n<p class=\"western\" style=\"padding-left: 40px;\">In einer Galerie am N\u00fcrnberger Hauptmarkt l\u00e4uft ein Horror-Musical von Caroline Beach mit Videos und Live-Performances, in einer alten Diskothek stellt die K\u00fcnstlerin Maya Dunietz ihre Klaviere auf, die sich selbst in Schwingung bringen k\u00f6nnen, und im Luitpoldhain, wo w\u00e4hrend der Nazizeit 150.000 Menschen aufmarschiert sind, ruft der israelische Komponist und Regisseur eine \u201eArmy of Love\u201c zusammen, die mit ihren Smartphones vernetzt ist und diesen belasteten Ort in einen Musik- und Bewegungsraum verwandelt. Das sind drei von neun Kunst-Musik-Aktionen und Performances des Festivals \u201eMusik Installationen N\u00fcrnberg\u201c, das nach der sehr erfolgreichen Premiere 2022 nun vom 23. Mai bis 1. Juni zum zweiten Mal stattfindet. Kuratiert wird das \u201eFestival f\u00fcr RaumZeitK\u00f6rper-Musiken\u201c von drei kreativen K\u00f6pfen, dem Wiener Komponisten Laure M. Hiendl sowie Marie-Therese Bruglacher und Bastian Zimmermann. Mit einem hochkar\u00e4tigen Tableau internationaler K\u00fcnstlerinnen und K\u00fcnstler wird der urbane Raum zur B\u00fchne f\u00fcr eine neue Art Musik zu erleben: als Klang-Kunst-Installation, die das Publikum mitten hineinzieht in den kreativen Moment und mit den Menschen in Interaktion tritt. Eine Sendung von Wolfgang Schicker<\/p>\n<hr \/>\n<h2 class=\"western\">fr \u2013 06.06.2025<\/h2>\n<hr \/>\n<p class=\"western\">14:05:00 +++ \u00d61<br \/>\n<b>Facettenreiche Big-Band-Party zum 30-j\u00e4hrigen Jubil\u00e4um des Brussels Jazz Orchestra im Oktober 2023<\/b><\/p>\n<p class=\"western\" style=\"padding-left: 40px;\">1993 gr\u00fcndeten die Saxofonisten Frank Vagan\u00e9e und Bo van der Werf mit Trompeter Serge Plume und Posaunist Marc Godfroid das 16-k\u00f6pfige Brussels Jazz Orchestra. Zu Beginn spielte die Big Band alle zwei Wochen Sessions im Jazzclub The Sounds in Br\u00fcssel. Seither aber ist viel passiert. Stars wie Dave Douglas, Gianluigi Trovesi, McCoy Tyner, Maria Jo\u00e3o, Toots Thielemans, Joe Lovano, Wynton Marsalis und viele mehr haben mit dem erstklassigen Ensemble musiziert, das auch heute noch von Frank Vagan\u00e9e geleitet wird.<\/p>\n<p class=\"western\" style=\"padding-left: 40px;\">2023 konnte das Brussels Jazz Orchestra zur\u00fcckblicken auf drei dichte Dekaden voller \u201eorchestrierter Leidenschaft f\u00fcr den Jazz\u201c, wie als Motto auf der Website der Band zu lesen ist. Das Jubil\u00e4umskonzert am 11. Oktober 2023 gestaltete sich als fulminante und stilistisch facettenreiche Party im f\u00fcr seine herausragende Akustik ber\u00fchmten Studio 4 des Flagey-Geb\u00e4udes in Br\u00fcssel.<\/p>\n<p class=\"western\">17:30:00 +++ \u00d61<br \/>\n<b>Musik aus allen Richtungen mit Johann Kneihs.<\/b><\/p>\n<p class=\"western\">19:03 bis 20:00 Uhr +++ BR-KLASSIK<br \/>\n<b>KlassikPlus \u2013 Musikfeature: \u201eIm Zwielicht\u201c \u2013 Thomas Mann und die Musik<\/b><\/p>\n<p class=\"western\" style=\"padding-left: 40px;\">Musik spielte eine zentrale Rolle in Leben und Werk des Nobelpreistr\u00e4gers Thomas Mann. Zum 150. Geburtstag des Schriftstellers bringt Noemi Schneider das musikalische Mann-Universum zum Klingen. Die Autorin fragt bei Musikschaffenden nach, was sie an Thomas Manns Werk heute fasziniert und er\u00f6rtert mit Experten die musikalischen Vorlieben des Schriftstellers von der Wiener Klassik bis zur Zw\u00f6lftontechnik, seine Lieblingsinterpreten und die Rolle der Musik in seinen Werken von den \u201eBuddenbrooks\u201c \u00fcber \u201eDoktor Faustus\u201c bis zum \u201eTod in Venedig\u201c. Eine Sendung von Noemi Schneider<\/p>\n<p class=\"western\">23:03:00 +++ \u00d61<br \/>\n<b>Wolfgang Seierl zum 70. Geburtstag \u2013 Wolfgang Seierl im Zeit-Ton Portrait.<\/b><\/p>\n<p class=\"western\" style=\"padding-left: 40px;\">K\u00fcnstlerische Arbeiten mit Botschaft. Sein Zugang ist ein durchaus philosophischer und stets mit Relevanz, seine k\u00fcnstlerischen Arbeiten sind irgendwo zwischen Musik und bildender Kunst, Performance und Soundart angesiedelt: Der geb\u00fcrtige Wiener Wolfgang Seierl hat in den letzten Jahren immer wieder gesellschaftspolitische Themen aufgegriffen und sie in kollektive Projekte transferiert. Etwa mit einem \u201cRequiem\u201c w\u00e4hrend der massiven Fl\u00fcchtlingsbewegungen, u.a. auf Texte aus Gespr\u00e4chen mit Schutzsuchenden im Ute-Bock-Haus Wien sowie einer Zuspielung unter Verwendung von deren Aufzeichnungen; oder zu der von Lockdowns gepr\u00e4gten Pandemiezeit mit \u201eA distance drawing\u201c. Ausgehend von der damals vorgeschriebenen 1-Meter-Abstandsregelung verschickte er an 120 Freunde auf der ganzen Welt ein Blatt Papier mit einer Kohlestift-Linie von genau einem Meter L\u00e4nge, die er verschlungen zeichnen musste, um sie auf ein Blatt zu bekommen. Es war seine Einladung, \u00fcber Distanz nachzudenken und \u201eob man sie nicht vielleicht als etwas Bewegliches, Befl\u00fcgelndes zwischen uns empfinden kann\u201c. Viele der R\u00fcckmeldungen, die in erreichten, waren sehr pers\u00f6nlich und ber\u00fchrten ihn.<\/p>\n<p class=\"western\" style=\"padding-left: 40px;\">Ganz wie Seierls k\u00fcnstlerischer Ansatz, \u00f6ffnete sich auch sein kuratorischer im Lauf der Jahrzehnte. Seit der Gr\u00fcndung des Komponist:innenforum Mittersill 1996 gemeinsam mit Christian Heindl hat sich die Ausrichtung des Festivals rund um das aktuelle Musikgeschehen stark erweitert. Die Besucher:innen treffen sich in Salzburg zum Austausch und zur Vernetzung, untereinander und mit den Artists in Residence, zu denen nun, nach einer inhaltlichen Neupositionierung, auch Schriftsteller:innen, Philosoph:innen und Performancek\u00fcnstler:innen z\u00e4hlen. Zudem erweiterte Seierl das Programm rund um die im Zentrum stehende Musik mit Tanz, bildender Kunst, Film und Video. Dokumentiert sind Musikproduktionen der letzten Jahrzehnte auf dem dazugeh\u00f6rigen Label ein_klang records.<\/p>\n<p class=\"western\" style=\"padding-left: 40px;\">Wolfgang Seierl, ausgebildeter Gitarrist und aktiver Musiker, komponiert f\u00fcr die unterschiedlichsten Besetzungen: Von Gitarre \u00fcber Ensembles bis hin zu Chor- und Orchestermusik. Klanginstallationen z\u00e4hlen ebenso zu seinem Werkkatalog wie elektronische Musik. Auch kompositorische Arbeiten f\u00fcr Theater, Performance und andere darstellende Formen sind Teil seiner k\u00fcnstlerischen Arbeit. Wolfgang Seierl ist auch als Musikwissenschafter t\u00e4tig und war Vorstandsmitglied von mica \u2013 music information center Austria.<\/p>\n<p class=\"western\" style=\"padding-left: 40px;\">Ein Portr\u00e4t anl\u00e4sslich seines 70. Geburtstags! Gestaltung: Marie-Therese Rudolph<\/p>\n<hr \/>\n<h2 class=\"western\">sa \u2013 07.06.2025<\/h2>\n<hr \/>\n<p class=\"western\">09:04 \u2013 10:00 UHR +++ SWR KULTUR<br \/>\n<b>SWR Kultur Musikstunde: Jazz global \u2013 Rund ums Mittelmeer<\/b><\/p>\n<p class=\"western\" style=\"padding-left: 40px;\">Von Babette Michel. Mehr als 20 L\u00e4nder s\u00e4umen das \u201eMare Mediterraneum\u201c, das Europa, Asien und Afrika verbindet. Wenn Jazz auf mediterrane Musikstile wie Flamenco, griechische Volksmusik, sardische Polyphonie oder auf nordafrikanische Rhythmen und Mikrot\u00f6ne der arabischen Musik trifft, einstehen einzigartige Kl\u00e4nge. Wir begegnen Musiker*innen mit Wurzeln in Griechenland (Tania Giannouli, Petros Klampanis), Libanon (Rabih Lahoud), Frankreich (Sissoko-Segal-Parisien-Peirani), Italien (Paolo Fresu), Tunesien (Dhafer Youssef) und anderen L\u00e4ndern, Inseln und Regionen dies- und jenseits des Mittelmeeres.<\/p>\n<p class=\"western\">14:05 bis 15:00 Uhr +++ BR-KLASSIK<br \/>\n<b>KlassikPlus \u2013 Musikfeature: \u201eIm Zwielicht\u201c \u2013 Thomas Mann und die Musik<\/b><\/p>\n<p class=\"western\" style=\"padding-left: 40px;\">Musik spielte eine zentrale Rolle in Leben und Werk des Nobelpreistr\u00e4gers Thomas Mann. Zum 150. Geburtstag des Schriftstellers bringt Noemi Schneider das musikalische Mann-Universum zum Klingen. Die Autorin fragt bei Musikschaffenden nach, was sie an Thomas Manns Werk heute fasziniert und er\u00f6rtert mit Experten die musikalischen Vorlieben des Schriftstellers von der Wiener Klassik bis zur Zw\u00f6lftontechnik, seine Lieblingsinterpreten und die Rolle der Musik in seinen Werken von den \u201eBuddenbrooks\u201c \u00fcber \u201eDoktor Faustus\u201c bis zum \u201eTod in Venedig\u201c. Eine Sendung von Noemi Schneider<\/p>\n<p class=\"western\">18:20 \u2013 19:00 UHR +++ SWR KULTUR<br \/>\n<b>Jazz: Piano Voices \u2013 S\u00e4nger*innen an den Tasten (2\/2)<\/b><\/p>\n<p class=\"western\" style=\"padding-left: 40px;\">Von Odilo Claunsnitzer. Stimme plus Klavier, und manchmal auch noch ein selbstkomponiertes Repertoire dazu: S\u00e4nger*innen an den Tasten haben das k\u00fcnstlerische Gesamtpaket im Angebot. Manche von ihnen sind damit \u00fcber die Jazz-Bubble hinaus bekannt geworden, wie Diana Krall, Jamie Cullum oder Kandace Springs. Die Isl\u00e4nderin Laufey ist mir ihren swingenden Songs bei einer jungen Generation \u00fcberraschend popul\u00e4r. In diesem zweiten Teil von \u201ePiano Voices\u201c stellen wir sie und andere zeitgen\u00f6ssische K\u00fcnstler*innen vor.<\/p>\n<p class=\"western\">19:05 bis 20:00 Uhr +++ BR-KLASSIK<br \/>\n<b>Musik der Welt: Musik zum Tag des Meeres<\/b><\/p>\n<p class=\"western\" style=\"padding-left: 40px;\">Zum Tag des Meeres am Sonntag, den 8. Juni l\u00f6sen wir die Leinen. Gemeinsam erkunden wir Inseln im Pazifik, schlendern an der Adria-K\u00fcste entlang und tauchen ab in die schillernden Unterwasserwelten vor den K\u00fcsten Mexikos. Aber wir erfahren auch, wie schlecht es um unsere Ozeane steht. Und fragen bei den Experten nach: Was k\u00f6nnen wir noch tun, um unsere Meere zu retten? Eine Sendung von Judith Rubatscher<\/p>\n<p class=\"western\">22:30:00 +++ \u00d61<br \/>\n<b>Neuigkeiten aus der Welt des Jazz<\/b><\/p>\n<p class=\"western\" style=\"padding-left: 40px;\">Konzertempfehlungen f\u00fcr die kommende Woche, Buchbesprechungen, Kurznachrufe und aktuelle Meldungen.<\/p>\n<p class=\"western\">23:03:00 +++ \u00d61<br \/>\n<b>Pianistin Verena Zeiner im Interview, das OnQ-Ensemble spielt Musik von Peter Herbert<\/b><\/p>\n<p class=\"western\" style=\"padding-left: 40px;\">Die Pianistin Verena Zeiner widmet sich auf ihrem neuen Album einigen gro\u00dfen Themen: Welche Verantwortung tragen K\u00fcnstler:innen in der heutigen Zeit, und was kann ihre Kunst bewirken? Wie k\u00f6nnen wir einer von so vielen Krisen gebeutelten Welt begegnen? Letztere Frage beantwortet Verena Zeiner mit dem Titel ihres neuen Werks: \u201eRadical Care\u201c. Musikalisch basiert das Album, wie auch schon der Vorg\u00e4nger \u201eThe Sweetness of Finitude\u201c (2021), auf dem Zusammenspiel von Zeiner mit dem Schlagzeuger Ziv Ravitz. Weiters tragen Kenji Herbert (Gitarre), Andreas Waelti (Bass), Emily Stewart (Violine), Simon Schellnegger (Viola) und Asja Valcic (Cello) zu einer Klangwelt bei, die sich zwischen zeitgen\u00f6ssischer Kammermusik und Jazz bewegt. Im Studio erz\u00e4hlt Verena Zeiner vom Verh\u00e4ltnis von Konzept und Klang auf diesem Album, von der Zusammenarbeit mit dem in New York lebenden Ziv Ravitz und ihrem pers\u00f6nlichen Umgang mit den gro\u00dfen Fragestellungen, die ihre Musik inspirieren.<\/p>\n<p class=\"western\" style=\"padding-left: 40px;\">Die Konzertrubrik dieser Sendung h\u00e4lt eine \u00d61-Aufnahme von der Kulturb\u00fchne Ambach in G\u00f6tzis, Vorarlberg, bereit: Das 13-k\u00f6pfige, von Bassist Tobias Vedovelli und Pianist Mike Tiefenbacher initiierte OnQ-Ensemble spielte dort am 1. M\u00e4rz dieses Jahres ein aus Kompositionen von Peter Herbert bestehendes Programm, mit diesem selbst am Kontrabass. Diese Formation des OnQ-Ensembles hat sich Peter Herbert nach eigenen W\u00fcnschen f\u00fcr die Umsetzung seiner Kompositionen zusammengestellt, unter anderem mit einem Streichquartett und dem Gitarristen Kenji Herbert. Der Komponist beschrieb seine Arbeit im Zuge seiner Anmoderation als \u201emodulare Musik, die manchmal \u00fcbereinander passiert, manchmal nebeneinander\u201c. Stilistisch vielseitig informierte, nicht kategorisierbare und jedenfalls aufregende Musik wurde an diesem Abend in Vorarlberg geboten und ist in dieser \u00d61 Jazznacht in voller L\u00e4nge nachzuh\u00f6ren.<\/p>\n<hr \/>\n<h2 class=\"western\">so \u2013 08.06.2025<\/h2>\n<hr \/>\n<p class=\"western\">00:05:00 +++ \u00d61<br \/>\n<b>(Fortsetzung); Pianistin Verena Zeiner im Interview, das OnQ-Ensemble spielt Musik von Peter Herbert<\/b><\/p>\n<p class=\"western\" style=\"padding-left: 40px;\">Die Pianistin Verena Zeiner widmet sich auf ihrem neuen Album einigen gro\u00dfen Themen: Welche Verantwortung tragen K\u00fcnstler:innen in der heutigen Zeit, und was kann ihre Kunst bewirken? Wie k\u00f6nnen wir einer von so vielen Krisen gebeutelten Welt begegnen? Letztere Frage beantwortet Verena Zeiner mit dem Titel ihres neuen Werks: \u201eRadical Care\u201c. Musikalisch basiert das Album, wie auch schon der Vorg\u00e4nger \u201eThe Sweetness of Finitude\u201c (2021), auf dem Zusammenspiel von Zeiner mit dem Schlagzeuger Ziv Ravitz. Weiters tragen Kenji Herbert (Gitarre), Andreas Waelti (Bass), Emily Stewart (Violine), Simon Schellnegger (Viola) und Asja Valcic (Cello) zu einer Klangwelt bei, die sich zwischen zeitgen\u00f6ssischer Kammermusik und Jazz bewegt. Im Studio erz\u00e4hlt Verena Zeiner vom Verh\u00e4ltnis von Konzept und Klang auf diesem Album, von der Zusammenarbeit mit dem in New York lebenden Ziv Ravitz und ihrem pers\u00f6nlichen Umgang mit den gro\u00dfen Fragestellungen, die ihre Musik inspirieren.<\/p>\n<p class=\"western\" style=\"padding-left: 40px;\">Die Konzertrubrik dieser Sendung h\u00e4lt eine \u00d61-Aufnahme von der Kulturb\u00fchne Ambach in G\u00f6tzis, Vorarlberg, bereit: Das 13-k\u00f6pfige, von Bassist Tobias Vedovelli und Pianist Mike Tiefenbacher initiierte OnQ-Ensemble spielte dort am 1. M\u00e4rz dieses Jahres ein aus Kompositionen von Peter Herbert bestehendes Programm, mit diesem selbst am Kontrabass. Diese Formation des OnQ-Ensembles hat sich Peter Herbert nach eigenen W\u00fcnschen f\u00fcr die Umsetzung seiner Kompositionen zusammengestellt, unter anderem mit einem Streichquartett und dem Gitarristen Kenji Herbert. Der Komponist beschrieb seine Arbeit im Zuge seiner Anmoderation als \u201emodulare Musik, die manchmal \u00fcbereinander passiert, manchmal nebeneinander\u201c. Stilistisch vielseitig informierte, nicht kategorisierbare und jedenfalls aufregende Musik wurde an diesem Abend in Vorarlberg geboten und ist in dieser \u00d61 Jazznacht in voller L\u00e4nge nachzuh\u00f6ren.<\/p>\n<p class=\"western\">03:03:00 +++ \u00d61<br \/>\n<b>Mit klingenden Kulinarien in den Sonntag-Morgen<\/b><\/p>\n<p class=\"western\" style=\"padding-left: 40px;\">Klassiker und Fundst\u00fccke aus 100 Jahren Jazzgeschichte (Wiederholung).<\/p>\n<p class=\"western\">17:10:00 +++ \u00d61<br \/>\n<b>Gitarrist Grant Green 1935-1979<\/b><\/p>\n<p class=\"western\" style=\"padding-left: 40px;\">Er war eines der Idole von \u00d6sterreichs Gitarrenhelden Karl Ratzer. Der aus St. Louis stammende Grant Green spielte bereits als 13-j\u00e4hriger professionell Boogie Woogie, wechselte dann zum Rhythm &amp; Blues und sp\u00e4ter zum Jazz. Aufnahmen des Saxofonisten Charlie Parker und des Gitarristen Charlie Christian bef\u00f6rderten diese musikalische Entwicklung. Das Erdige und Bluesige in seinem Sound hat Grant Green aber auch in seine Jazzaufnahmen behalten. Er ist einer Meister des \u201ePacing\u201c: Vereinfacht gesagt geht es dabei darum, die richtigen Noten zur richtigen Zeit zu spielen. Nicht \u201ehudeln\u201c w\u00fcrde es in \u00d6sterreich hei\u00dfen. Grant Greens solistische Einw\u00fcrfe sind bestechend in ihrer musikalischen Logik und deshalb Studienobjekte f\u00fcr alle Aspirantinnen und Aspiranten der Jazzgitarre. Nach einer \u00fcberwundenen Heroinsucht und der damit verbundenen mehrj\u00e4hrigen musikalischen Pause nahm Grant Green Ende der 1960-er Jahre auch noch Funkmusik auf. Samples von diesen Platten finden sich auf zahlreichen Hip- Hop Alben. Am 6. Juni hat sich der Geburtstag des 1979 verstorbenen Green zum 90. Mal gej\u00e4hrt.<\/p>\n<p class=\"western\">19:05:00 +++ \u00d61<br \/>\n<b>Gewitzte Klassik-inspirierte T\u00f6ne aus Salzburg: Chez Fr\u00eda im Studio 2 des Wiener RadioKulturhauses<\/b><\/p>\n<p class=\"western\" style=\"padding-left: 40px;\">Die f\u00fcnf Musiker von Chez Fr\u00eda bringen Musik von Hildegard von Bingen, Johann Sebastian Bach und vieles mehr bis hin zu Elektro und Jazz zusammen. Ein wilder stilistischer Flickenteppich, der beim H\u00f6ren vollkommen schl\u00fcssig klingt. Mit Witz und Stil improvisieren und interpretieren Fl\u00f6tist Felix Gutschi, Keyboarder Ferdinand Rauchmann, Trompeter Lorenz Widauer sowie Max Rehrl (Keyboards und Bass) und Paul Widauer (Schlagzeug) klassische Musik neu \u2013 faszinierend, stringent und mit hoher Pr\u00e4zision. Der Bandname bedeutet \u00fcbrigens auf gut Salzburgerisch: \u201eSch\u00f6n fr\u00fch.\u201c<\/p>\n<p class=\"western\">22:03 \u2013 23:00 UHR +++ SWR KULTUR<br \/>\n<b>NOWJazz: Gigantisch, uncool, genial \u2013 Die Orgel neu entdeckt<\/b><\/p>\n<p class=\"western\" style=\"padding-left: 40px;\">Von Sophie Emilie Beha. Sie ist gigantisch, opulent und erzeugt manchmal Sounds, die man eher f\u00fchlt als h\u00f6rt. Ihre T\u00f6ne k\u00f6nnen theoretisch ewig klingen, w\u00e4hrend eine SUV-gro\u00dfe Maschine im Hintergrund daf\u00fcr sorgt, dass ihr nie die Luft ausgeht. Mit Tausenden von Pfeifen und Registern steht sie f\u00fcr Genialit\u00e4t und Gr\u00f6\u00dfenwahn zugleich. Orgelmusik hat einen eigenwilligen Ruf \u2013 uncool und etwas f\u00fcr Nerds oder m\u00e4nnliche Spezialisten. Wer sich also heute diesem Instrument zuwendet, der muss es wirklich wollen. Sophie Emilie Beha spricht mit den Organist*innen und Komponist*innen Annie Boch, Maxime Denuc und Julius Windisch.<\/p>\n<p class=\"western\">23:03:00 +++ \u00d61<br \/>\n<b>Ensemble Kontrapunkte mit Musik zum Thema Blumen \u2013 Ein thematisch konzipiertes Konzert unter Gottfried Rabl<\/b><\/p>\n<p class=\"western\" style=\"padding-left: 40px;\">Im Archiv der Musikfreund in Wien ist ein zarter Schatz verwahrt: ein Album mit Str\u00e4u\u00dfchen getrockneter Blumen, die Clara Schumann f\u00fcr Johannes Brahms gesammelt hat. Im Musikverein Festival 2025 bildete \u201eClaras Blumenalbum\u201c den Ausgangspunkt eines Programms rund um die Themen Liebe, Freundschaft und die Natur als Resonanzraum des Gef\u00fchls. Auch das Ensemble Kontrapunkte hat sich mit einem stringent konzipierten Konzert mit dem Thema \u201eBlumen\u201c auseinandergesetzt. Der K\u00fcnstlerische Leiter Gottfried Rabl dirigierte im Gl\u00e4sernen Saal des Wiener Musikvereins einen klanglich vielf\u00e4ltigen Strau\u00df zeitgen\u00f6ssischer Kl\u00e4nge mit Werken von Svend Hvidtfelt Nielsen Flowerfall, Liza Lim, Grace-Evangeline Mason und Enno Poppe. Ein \u00d61 Mitschnitt vom 7. April 2025. Gestaltung: Daniela Fietzek<\/p>\n<p class=\"western\">23:03 bis 00:00 Uhr +++ BR-KLASSIK<br \/>\n<b>Musik der Welt: Musik rund um das Pfingstwunder<\/b><\/p>\n<p class=\"western\" style=\"padding-left: 40px;\">Am 50. Tag nach der Auferstehung Jesu soll den Aposteln der Heilige Geist erschienen sein. Flammenzungen sollen auf die M\u00e4nner niedergefahren sein, dazu tobte ein Sausen und Brausen in der Luft, dass den Versammelten H\u00f6ren und Sehen verging, bevor sie in verschiedenen Sprachen die christliche Botschaft in die Welt tragen konnten. So wird im Neuen Testament vom Pfingstwunder erz\u00e4hlt. Taube, Feuer und Wind werden seit dem fr\u00fchen Christentum als Pfingstsymbole \u00fcberliefert. Welche musikalischen Sch\u00e4tze sich mit ihnen verbunden haben und heute als Traditionen weitergetragen werden, das zeigt ein vielfarbiger globaler Streifzug. Eine Sendung von Julia Sch\u00f6lzel<\/p>\n","protected":false},"excerpt":{"rendered":"<p>Jazz im Radio \u2013 Jeden Sonntag gibt es um 12 Uhr unsere \u00dcbersicht f\u00fcr die jeweils nachfolgende Woche. Die #Jazz-Radiowoche vom 02.06. bis 08.06.2025. Erheblich ausged\u00fcnnt. Auch als PDF zum Download \u2013 #Jazz #JazzZeitung #Radio #Radiowoche \u2013 Ein Service unserer Online-Redaktion.<\/p>\n","protected":false},"author":1,"featured_media":32588,"comment_status":"open","ping_status":"closed","sticky":false,"template":"","format":"standard","meta":{"_jetpack_memberships_contains_paid_content":false,"footnotes":"","jetpack_publicize_message":"","jetpack_publicize_feature_enabled":true,"jetpack_social_post_already_shared":true,"jetpack_social_options":{"image_generator_settings":{"template":"highway","default_image_id":0,"font":"","enabled":false},"version":2}},"categories":[633,452],"tags":[3773,1629],"coauthors":[650],"class_list":["post-32587","post","type-post","status-publish","format-standard","has-post-thumbnail","hentry","category-nachrichten","category-radio","tag-die-radiowoche","tag-jazz-im-radio"],"yoast_head":"<!-- This site is optimized with the Yoast SEO plugin v27.5 - https:\/\/yoast.com\/product\/yoast-seo-wordpress\/ -->\n<title>Die eingeschmolzene Jazz-Radiowoche vom 02.06.2025 bis 08.06.2025 - JazzZeitung<\/title>\n<meta name=\"robots\" content=\"index, follow, max-snippet:-1, max-image-preview:large, max-video-preview:-1\" \/>\n<link rel=\"canonical\" href=\"https:\/\/www.jazzzeitung.de\/cms\/2025\/06\/die-eingeschmolzene-jazz-radiowoche-vom-02-06-2025-bis-08-06-2025\/\" \/>\n<meta property=\"og:locale\" content=\"de_DE\" \/>\n<meta property=\"og:type\" content=\"article\" \/>\n<meta property=\"og:title\" content=\"Die eingeschmolzene Jazz-Radiowoche vom 02.06.2025 bis 08.06.2025 - JazzZeitung\" \/>\n<meta property=\"og:description\" content=\"Jazz im Radio \u2013 Jeden Sonntag gibt es um 12 Uhr unsere \u00dcbersicht f\u00fcr die jeweils nachfolgende Woche. Die #Jazz-Radiowoche vom 02.06. bis 08.06.2025. Erheblich ausged\u00fcnnt. Auch als PDF zum Download \u2013 #Jazz #JazzZeitung #Radio #Radiowoche \u2013 Ein Service unserer Online-Redaktion.\" \/>\n<meta property=\"og:url\" content=\"https:\/\/www.jazzzeitung.de\/cms\/2025\/06\/die-eingeschmolzene-jazz-radiowoche-vom-02-06-2025-bis-08-06-2025\/\" \/>\n<meta property=\"og:site_name\" content=\"JazzZeitung\" \/>\n<meta property=\"article:publisher\" content=\"https:\/\/www.facebook.com\/JazzZeitung\/\" \/>\n<meta property=\"article:author\" content=\"https:\/\/www.facebook.com\/hufner\" \/>\n<meta property=\"article:published_time\" content=\"2025-06-01T10:00:27+00:00\" \/>\n<meta property=\"og:image\" content=\"https:\/\/i0.wp.com\/www.jazzzeitung.de\/cms\/wp-content\/uploads\/2025\/05\/schnappschuss-SharpenAI-Focus.jpg?fit=2408%2C977&ssl=1\" \/>\n\t<meta property=\"og:image:width\" content=\"2408\" \/>\n\t<meta property=\"og:image:height\" content=\"977\" \/>\n\t<meta property=\"og:image:type\" content=\"image\/jpeg\" \/>\n<meta name=\"author\" content=\"Martin Hufner\" \/>\n<script type=\"application\/ld+json\" class=\"yoast-schema-graph\">{\"@context\":\"https:\\\/\\\/schema.org\",\"@graph\":[{\"@type\":\"Article\",\"@id\":\"https:\\\/\\\/www.jazzzeitung.de\\\/cms\\\/2025\\\/06\\\/die-eingeschmolzene-jazz-radiowoche-vom-02-06-2025-bis-08-06-2025\\\/#article\",\"isPartOf\":{\"@id\":\"https:\\\/\\\/www.jazzzeitung.de\\\/cms\\\/2025\\\/06\\\/die-eingeschmolzene-jazz-radiowoche-vom-02-06-2025-bis-08-06-2025\\\/\"},\"author\":{\"name\":\"Martin Hufner\",\"@id\":\"https:\\\/\\\/www.jazzzeitung.de\\\/cms\\\/#\\\/schema\\\/person\\\/b9a4e5ac765d94fb8f617bfa8f1fc5f7\"},\"headline\":\"Die eingeschmolzene Jazz-Radiowoche vom 02.06.2025 bis 08.06.2025\",\"datePublished\":\"2025-06-01T10:00:27+00:00\",\"mainEntityOfPage\":{\"@id\":\"https:\\\/\\\/www.jazzzeitung.de\\\/cms\\\/2025\\\/06\\\/die-eingeschmolzene-jazz-radiowoche-vom-02-06-2025-bis-08-06-2025\\\/\"},\"wordCount\":3588,\"commentCount\":0,\"publisher\":{\"@id\":\"https:\\\/\\\/www.jazzzeitung.de\\\/cms\\\/#organization\"},\"image\":{\"@id\":\"https:\\\/\\\/www.jazzzeitung.de\\\/cms\\\/2025\\\/06\\\/die-eingeschmolzene-jazz-radiowoche-vom-02-06-2025-bis-08-06-2025\\\/#primaryimage\"},\"thumbnailUrl\":\"https:\\\/\\\/i0.wp.com\\\/www.jazzzeitung.de\\\/cms\\\/wp-content\\\/uploads\\\/2025\\\/05\\\/schnappschuss-SharpenAI-Focus.jpg?fit=2408%2C977&ssl=1\",\"keywords\":[\"Die Radiowoche\",\"Jazz im Radio\"],\"articleSection\":[\"News\",\"Radio\"],\"inLanguage\":\"de\",\"potentialAction\":[{\"@type\":\"CommentAction\",\"name\":\"Comment\",\"target\":[\"https:\\\/\\\/www.jazzzeitung.de\\\/cms\\\/2025\\\/06\\\/die-eingeschmolzene-jazz-radiowoche-vom-02-06-2025-bis-08-06-2025\\\/#respond\"]}]},{\"@type\":\"WebPage\",\"@id\":\"https:\\\/\\\/www.jazzzeitung.de\\\/cms\\\/2025\\\/06\\\/die-eingeschmolzene-jazz-radiowoche-vom-02-06-2025-bis-08-06-2025\\\/\",\"url\":\"https:\\\/\\\/www.jazzzeitung.de\\\/cms\\\/2025\\\/06\\\/die-eingeschmolzene-jazz-radiowoche-vom-02-06-2025-bis-08-06-2025\\\/\",\"name\":\"Die eingeschmolzene Jazz-Radiowoche vom 02.06.2025 bis 08.06.2025 - JazzZeitung\",\"isPartOf\":{\"@id\":\"https:\\\/\\\/www.jazzzeitung.de\\\/cms\\\/#website\"},\"primaryImageOfPage\":{\"@id\":\"https:\\\/\\\/www.jazzzeitung.de\\\/cms\\\/2025\\\/06\\\/die-eingeschmolzene-jazz-radiowoche-vom-02-06-2025-bis-08-06-2025\\\/#primaryimage\"},\"image\":{\"@id\":\"https:\\\/\\\/www.jazzzeitung.de\\\/cms\\\/2025\\\/06\\\/die-eingeschmolzene-jazz-radiowoche-vom-02-06-2025-bis-08-06-2025\\\/#primaryimage\"},\"thumbnailUrl\":\"https:\\\/\\\/i0.wp.com\\\/www.jazzzeitung.de\\\/cms\\\/wp-content\\\/uploads\\\/2025\\\/05\\\/schnappschuss-SharpenAI-Focus.jpg?fit=2408%2C977&ssl=1\",\"datePublished\":\"2025-06-01T10:00:27+00:00\",\"breadcrumb\":{\"@id\":\"https:\\\/\\\/www.jazzzeitung.de\\\/cms\\\/2025\\\/06\\\/die-eingeschmolzene-jazz-radiowoche-vom-02-06-2025-bis-08-06-2025\\\/#breadcrumb\"},\"inLanguage\":\"de\",\"potentialAction\":[{\"@type\":\"ReadAction\",\"target\":[\"https:\\\/\\\/www.jazzzeitung.de\\\/cms\\\/2025\\\/06\\\/die-eingeschmolzene-jazz-radiowoche-vom-02-06-2025-bis-08-06-2025\\\/\"]}]},{\"@type\":\"ImageObject\",\"inLanguage\":\"de\",\"@id\":\"https:\\\/\\\/www.jazzzeitung.de\\\/cms\\\/2025\\\/06\\\/die-eingeschmolzene-jazz-radiowoche-vom-02-06-2025-bis-08-06-2025\\\/#primaryimage\",\"url\":\"https:\\\/\\\/i0.wp.com\\\/www.jazzzeitung.de\\\/cms\\\/wp-content\\\/uploads\\\/2025\\\/05\\\/schnappschuss-SharpenAI-Focus.jpg?fit=2408%2C977&ssl=1\",\"contentUrl\":\"https:\\\/\\\/i0.wp.com\\\/www.jazzzeitung.de\\\/cms\\\/wp-content\\\/uploads\\\/2025\\\/05\\\/schnappschuss-SharpenAI-Focus.jpg?fit=2408%2C977&ssl=1\",\"width\":2408,\"height\":977,\"caption\":\"Hunger. Foto: Hufner\"},{\"@type\":\"BreadcrumbList\",\"@id\":\"https:\\\/\\\/www.jazzzeitung.de\\\/cms\\\/2025\\\/06\\\/die-eingeschmolzene-jazz-radiowoche-vom-02-06-2025-bis-08-06-2025\\\/#breadcrumb\",\"itemListElement\":[{\"@type\":\"ListItem\",\"position\":1,\"name\":\"Startseite\",\"item\":\"https:\\\/\\\/www.jazzzeitung.de\\\/cms\\\/\"},{\"@type\":\"ListItem\",\"position\":2,\"name\":\"Die eingeschmolzene Jazz-Radiowoche vom 02.06.2025 bis 08.06.2025\"}]},{\"@type\":\"WebSite\",\"@id\":\"https:\\\/\\\/www.jazzzeitung.de\\\/cms\\\/#website\",\"url\":\"https:\\\/\\\/www.jazzzeitung.de\\\/cms\\\/\",\"name\":\"JazzZeitung\",\"description\":\"Jazz-News und Jazz-Kontroverses\",\"publisher\":{\"@id\":\"https:\\\/\\\/www.jazzzeitung.de\\\/cms\\\/#organization\"},\"potentialAction\":[{\"@type\":\"SearchAction\",\"target\":{\"@type\":\"EntryPoint\",\"urlTemplate\":\"https:\\\/\\\/www.jazzzeitung.de\\\/cms\\\/?s={search_term_string}\"},\"query-input\":{\"@type\":\"PropertyValueSpecification\",\"valueRequired\":true,\"valueName\":\"search_term_string\"}}],\"inLanguage\":\"de\"},{\"@type\":\"Organization\",\"@id\":\"https:\\\/\\\/www.jazzzeitung.de\\\/cms\\\/#organization\",\"name\":\"JazzZeitung online\",\"url\":\"https:\\\/\\\/www.jazzzeitung.de\\\/cms\\\/\",\"logo\":{\"@type\":\"ImageObject\",\"inLanguage\":\"de\",\"@id\":\"https:\\\/\\\/www.jazzzeitung.de\\\/cms\\\/#\\\/schema\\\/logo\\\/image\\\/\",\"url\":\"https:\\\/\\\/i0.wp.com\\\/www.jazzzeitung.de\\\/cms\\\/wp-content\\\/uploads\\\/2015\\\/08\\\/JAZZZEITUNGDE_Logo_Neu.png?fit=499%2C200&ssl=1\",\"contentUrl\":\"https:\\\/\\\/i0.wp.com\\\/www.jazzzeitung.de\\\/cms\\\/wp-content\\\/uploads\\\/2015\\\/08\\\/JAZZZEITUNGDE_Logo_Neu.png?fit=499%2C200&ssl=1\",\"width\":499,\"height\":200,\"caption\":\"JazzZeitung online\"},\"image\":{\"@id\":\"https:\\\/\\\/www.jazzzeitung.de\\\/cms\\\/#\\\/schema\\\/logo\\\/image\\\/\"},\"sameAs\":[\"https:\\\/\\\/www.facebook.com\\\/JazzZeitung\\\/\"]},{\"@type\":\"Person\",\"@id\":\"https:\\\/\\\/www.jazzzeitung.de\\\/cms\\\/#\\\/schema\\\/person\\\/b9a4e5ac765d94fb8f617bfa8f1fc5f7\",\"name\":\"Martin Hufner\",\"image\":{\"@type\":\"ImageObject\",\"inLanguage\":\"de\",\"@id\":\"https:\\\/\\\/i0.wp.com\\\/www.jazzzeitung.de\\\/cms\\\/wp-content\\\/uploads\\\/2013\\\/07\\\/huf-06.jpg?resize=96%2C96&ssl=15fcc31aa94540751a3b804516452be00\",\"url\":\"https:\\\/\\\/i0.wp.com\\\/www.jazzzeitung.de\\\/cms\\\/wp-content\\\/uploads\\\/2013\\\/07\\\/huf-06.jpg?resize=96%2C96&ssl=1\",\"contentUrl\":\"https:\\\/\\\/i0.wp.com\\\/www.jazzzeitung.de\\\/cms\\\/wp-content\\\/uploads\\\/2013\\\/07\\\/huf-06.jpg?resize=96%2C96&ssl=1\",\"caption\":\"Martin Hufner\"},\"description\":\"Martin Hufner ist freier Autor der JazzZeitung.\",\"sameAs\":[\"https:\\\/\\\/www.kritische-masse.de\\\/logbuch\",\"https:\\\/\\\/www.facebook.com\\\/hufner\"],\"url\":\"https:\\\/\\\/www.jazzzeitung.de\\\/cms\\\/author\\\/admin\\\/\"}]}<\/script>\n<!-- \/ Yoast SEO plugin. -->","yoast_head_json":{"title":"Die eingeschmolzene Jazz-Radiowoche vom 02.06.2025 bis 08.06.2025 - JazzZeitung","robots":{"index":"index","follow":"follow","max-snippet":"max-snippet:-1","max-image-preview":"max-image-preview:large","max-video-preview":"max-video-preview:-1"},"canonical":"https:\/\/www.jazzzeitung.de\/cms\/2025\/06\/die-eingeschmolzene-jazz-radiowoche-vom-02-06-2025-bis-08-06-2025\/","og_locale":"de_DE","og_type":"article","og_title":"Die eingeschmolzene Jazz-Radiowoche vom 02.06.2025 bis 08.06.2025 - JazzZeitung","og_description":"Jazz im Radio \u2013 Jeden Sonntag gibt es um 12 Uhr unsere \u00dcbersicht f\u00fcr die jeweils nachfolgende Woche. Die #Jazz-Radiowoche vom 02.06. bis 08.06.2025. Erheblich ausged\u00fcnnt. Auch als PDF zum Download \u2013 #Jazz #JazzZeitung #Radio #Radiowoche \u2013 Ein Service unserer Online-Redaktion.","og_url":"https:\/\/www.jazzzeitung.de\/cms\/2025\/06\/die-eingeschmolzene-jazz-radiowoche-vom-02-06-2025-bis-08-06-2025\/","og_site_name":"JazzZeitung","article_publisher":"https:\/\/www.facebook.com\/JazzZeitung\/","article_author":"https:\/\/www.facebook.com\/hufner","article_published_time":"2025-06-01T10:00:27+00:00","og_image":[{"width":2408,"height":977,"url":"https:\/\/i0.wp.com\/www.jazzzeitung.de\/cms\/wp-content\/uploads\/2025\/05\/schnappschuss-SharpenAI-Focus.jpg?fit=2408%2C977&ssl=1","type":"image\/jpeg"}],"author":"Martin Hufner","schema":{"@context":"https:\/\/schema.org","@graph":[{"@type":"Article","@id":"https:\/\/www.jazzzeitung.de\/cms\/2025\/06\/die-eingeschmolzene-jazz-radiowoche-vom-02-06-2025-bis-08-06-2025\/#article","isPartOf":{"@id":"https:\/\/www.jazzzeitung.de\/cms\/2025\/06\/die-eingeschmolzene-jazz-radiowoche-vom-02-06-2025-bis-08-06-2025\/"},"author":{"name":"Martin Hufner","@id":"https:\/\/www.jazzzeitung.de\/cms\/#\/schema\/person\/b9a4e5ac765d94fb8f617bfa8f1fc5f7"},"headline":"Die eingeschmolzene Jazz-Radiowoche vom 02.06.2025 bis 08.06.2025","datePublished":"2025-06-01T10:00:27+00:00","mainEntityOfPage":{"@id":"https:\/\/www.jazzzeitung.de\/cms\/2025\/06\/die-eingeschmolzene-jazz-radiowoche-vom-02-06-2025-bis-08-06-2025\/"},"wordCount":3588,"commentCount":0,"publisher":{"@id":"https:\/\/www.jazzzeitung.de\/cms\/#organization"},"image":{"@id":"https:\/\/www.jazzzeitung.de\/cms\/2025\/06\/die-eingeschmolzene-jazz-radiowoche-vom-02-06-2025-bis-08-06-2025\/#primaryimage"},"thumbnailUrl":"https:\/\/i0.wp.com\/www.jazzzeitung.de\/cms\/wp-content\/uploads\/2025\/05\/schnappschuss-SharpenAI-Focus.jpg?fit=2408%2C977&ssl=1","keywords":["Die Radiowoche","Jazz im Radio"],"articleSection":["News","Radio"],"inLanguage":"de","potentialAction":[{"@type":"CommentAction","name":"Comment","target":["https:\/\/www.jazzzeitung.de\/cms\/2025\/06\/die-eingeschmolzene-jazz-radiowoche-vom-02-06-2025-bis-08-06-2025\/#respond"]}]},{"@type":"WebPage","@id":"https:\/\/www.jazzzeitung.de\/cms\/2025\/06\/die-eingeschmolzene-jazz-radiowoche-vom-02-06-2025-bis-08-06-2025\/","url":"https:\/\/www.jazzzeitung.de\/cms\/2025\/06\/die-eingeschmolzene-jazz-radiowoche-vom-02-06-2025-bis-08-06-2025\/","name":"Die eingeschmolzene Jazz-Radiowoche vom 02.06.2025 bis 08.06.2025 - JazzZeitung","isPartOf":{"@id":"https:\/\/www.jazzzeitung.de\/cms\/#website"},"primaryImageOfPage":{"@id":"https:\/\/www.jazzzeitung.de\/cms\/2025\/06\/die-eingeschmolzene-jazz-radiowoche-vom-02-06-2025-bis-08-06-2025\/#primaryimage"},"image":{"@id":"https:\/\/www.jazzzeitung.de\/cms\/2025\/06\/die-eingeschmolzene-jazz-radiowoche-vom-02-06-2025-bis-08-06-2025\/#primaryimage"},"thumbnailUrl":"https:\/\/i0.wp.com\/www.jazzzeitung.de\/cms\/wp-content\/uploads\/2025\/05\/schnappschuss-SharpenAI-Focus.jpg?fit=2408%2C977&ssl=1","datePublished":"2025-06-01T10:00:27+00:00","breadcrumb":{"@id":"https:\/\/www.jazzzeitung.de\/cms\/2025\/06\/die-eingeschmolzene-jazz-radiowoche-vom-02-06-2025-bis-08-06-2025\/#breadcrumb"},"inLanguage":"de","potentialAction":[{"@type":"ReadAction","target":["https:\/\/www.jazzzeitung.de\/cms\/2025\/06\/die-eingeschmolzene-jazz-radiowoche-vom-02-06-2025-bis-08-06-2025\/"]}]},{"@type":"ImageObject","inLanguage":"de","@id":"https:\/\/www.jazzzeitung.de\/cms\/2025\/06\/die-eingeschmolzene-jazz-radiowoche-vom-02-06-2025-bis-08-06-2025\/#primaryimage","url":"https:\/\/i0.wp.com\/www.jazzzeitung.de\/cms\/wp-content\/uploads\/2025\/05\/schnappschuss-SharpenAI-Focus.jpg?fit=2408%2C977&ssl=1","contentUrl":"https:\/\/i0.wp.com\/www.jazzzeitung.de\/cms\/wp-content\/uploads\/2025\/05\/schnappschuss-SharpenAI-Focus.jpg?fit=2408%2C977&ssl=1","width":2408,"height":977,"caption":"Hunger. Foto: Hufner"},{"@type":"BreadcrumbList","@id":"https:\/\/www.jazzzeitung.de\/cms\/2025\/06\/die-eingeschmolzene-jazz-radiowoche-vom-02-06-2025-bis-08-06-2025\/#breadcrumb","itemListElement":[{"@type":"ListItem","position":1,"name":"Startseite","item":"https:\/\/www.jazzzeitung.de\/cms\/"},{"@type":"ListItem","position":2,"name":"Die eingeschmolzene Jazz-Radiowoche vom 02.06.2025 bis 08.06.2025"}]},{"@type":"WebSite","@id":"https:\/\/www.jazzzeitung.de\/cms\/#website","url":"https:\/\/www.jazzzeitung.de\/cms\/","name":"JazzZeitung","description":"Jazz-News und Jazz-Kontroverses","publisher":{"@id":"https:\/\/www.jazzzeitung.de\/cms\/#organization"},"potentialAction":[{"@type":"SearchAction","target":{"@type":"EntryPoint","urlTemplate":"https:\/\/www.jazzzeitung.de\/cms\/?s={search_term_string}"},"query-input":{"@type":"PropertyValueSpecification","valueRequired":true,"valueName":"search_term_string"}}],"inLanguage":"de"},{"@type":"Organization","@id":"https:\/\/www.jazzzeitung.de\/cms\/#organization","name":"JazzZeitung online","url":"https:\/\/www.jazzzeitung.de\/cms\/","logo":{"@type":"ImageObject","inLanguage":"de","@id":"https:\/\/www.jazzzeitung.de\/cms\/#\/schema\/logo\/image\/","url":"https:\/\/i0.wp.com\/www.jazzzeitung.de\/cms\/wp-content\/uploads\/2015\/08\/JAZZZEITUNGDE_Logo_Neu.png?fit=499%2C200&ssl=1","contentUrl":"https:\/\/i0.wp.com\/www.jazzzeitung.de\/cms\/wp-content\/uploads\/2015\/08\/JAZZZEITUNGDE_Logo_Neu.png?fit=499%2C200&ssl=1","width":499,"height":200,"caption":"JazzZeitung online"},"image":{"@id":"https:\/\/www.jazzzeitung.de\/cms\/#\/schema\/logo\/image\/"},"sameAs":["https:\/\/www.facebook.com\/JazzZeitung\/"]},{"@type":"Person","@id":"https:\/\/www.jazzzeitung.de\/cms\/#\/schema\/person\/b9a4e5ac765d94fb8f617bfa8f1fc5f7","name":"Martin Hufner","image":{"@type":"ImageObject","inLanguage":"de","@id":"https:\/\/i0.wp.com\/www.jazzzeitung.de\/cms\/wp-content\/uploads\/2013\/07\/huf-06.jpg?resize=96%2C96&ssl=15fcc31aa94540751a3b804516452be00","url":"https:\/\/i0.wp.com\/www.jazzzeitung.de\/cms\/wp-content\/uploads\/2013\/07\/huf-06.jpg?resize=96%2C96&ssl=1","contentUrl":"https:\/\/i0.wp.com\/www.jazzzeitung.de\/cms\/wp-content\/uploads\/2013\/07\/huf-06.jpg?resize=96%2C96&ssl=1","caption":"Martin Hufner"},"description":"Martin Hufner ist freier Autor der JazzZeitung.","sameAs":["https:\/\/www.kritische-masse.de\/logbuch","https:\/\/www.facebook.com\/hufner"],"url":"https:\/\/www.jazzzeitung.de\/cms\/author\/admin\/"}]}},"wp-worthy-pixel":{"ignored":true,"public":null,"server":null,"url":null},"wp-worthy-type":"normal","jetpack_publicize_connections":[],"cc_featured_image_caption":{"caption_text":"Hunger","source_text":"Foto: Martin Hufner","source_url":"http:\/\/www.kritische-masse.de"},"jetpack_featured_media_url":"https:\/\/i0.wp.com\/www.jazzzeitung.de\/cms\/wp-content\/uploads\/2025\/05\/schnappschuss-SharpenAI-Focus.jpg?fit=2408%2C977&ssl=1","jetpack_shortlink":"https:\/\/wp.me\/p3KEcT-8tB","jetpack-related-posts":[{"id":33138,"url":"https:\/\/www.jazzzeitung.de\/cms\/2025\/09\/die-atomgrosse-jazz-radiowoche-vom-29-09-2025-bis-05-10-2025\/","url_meta":{"origin":32587,"position":0},"title":"Die atomgro\u00dfe Jazz-Radiowoche vom 29.09.2025 bis 05.10.2025","author":"Martin Hufner","date":"28. September 2025","format":false,"excerpt":"Jazz im Radio \u2013 Jeden Sonntag gibt es um 12 Uhr unsere \u00dcbersicht f\u00fcr die jeweils nachfolgende Woche. Die #Jazz-Radiowoche vom 29.09. bis zum 05.10.2025. Erheblich d\u00fcnn! Auch als PDF zum Download \u2013 #Jazz #JazzZeitung #Radio #Radiowoche \u2013 Ein Service unserer Online-Redaktion.","rel":"","context":"In &quot;News&quot;","block_context":{"text":"News","link":"https:\/\/www.jazzzeitung.de\/cms\/thema\/nachrichten\/"},"img":{"alt_text":"Botanische Supernova mit schwarzem Loch in der Na\u0308he von Terra Nova. Foto: Hufner","src":"https:\/\/i0.wp.com\/www.jazzzeitung.de\/cms\/wp-content\/uploads\/2025\/09\/Botanische-Supernova-mit-schwarzem-Loch-in-der-Naehe-von-Terra-Nova.jpg?fit=1200%2C900&ssl=1&resize=350%2C200","width":350,"height":200,"srcset":"https:\/\/i0.wp.com\/www.jazzzeitung.de\/cms\/wp-content\/uploads\/2025\/09\/Botanische-Supernova-mit-schwarzem-Loch-in-der-Naehe-von-Terra-Nova.jpg?fit=1200%2C900&ssl=1&resize=350%2C200 1x, https:\/\/i0.wp.com\/www.jazzzeitung.de\/cms\/wp-content\/uploads\/2025\/09\/Botanische-Supernova-mit-schwarzem-Loch-in-der-Naehe-von-Terra-Nova.jpg?fit=1200%2C900&ssl=1&resize=525%2C300 1.5x, https:\/\/i0.wp.com\/www.jazzzeitung.de\/cms\/wp-content\/uploads\/2025\/09\/Botanische-Supernova-mit-schwarzem-Loch-in-der-Naehe-von-Terra-Nova.jpg?fit=1200%2C900&ssl=1&resize=700%2C400 2x, https:\/\/i0.wp.com\/www.jazzzeitung.de\/cms\/wp-content\/uploads\/2025\/09\/Botanische-Supernova-mit-schwarzem-Loch-in-der-Naehe-von-Terra-Nova.jpg?fit=1200%2C900&ssl=1&resize=1050%2C600 3x"},"classes":[]},{"id":31928,"url":"https:\/\/www.jazzzeitung.de\/cms\/2024\/11\/die-geschmolzene-jazz-radiowoche-vom-25-11-2024-bis-01-12-2024\/","url_meta":{"origin":32587,"position":1},"title":"Die geschmolzene Jazz-Radiowoche vom 25.11.2024 bis 01.12.2024","author":"Martin Hufner","date":"24. November 2024","format":false,"excerpt":"Jazz im Radio \u2013 Jeden Sonntag gibt es um 12 Uhr unsere \u00dcbersicht f\u00fcr die jeweils nachfolgende Woche. Die #Jazz-Radiowoche vom 25. November bis zum 1. Dezember 2024. Erheblich ausged\u00fcnnt. Die ARD schafft ihr Radio gewisserma\u00dfen ab. Auch als PDF zum Download \u2013 #Jazz #JazzZeitung #Radio #Radiowoche \u2013 Ein Service\u2026","rel":"","context":"In &quot;News&quot;","block_context":{"text":"News","link":"https:\/\/www.jazzzeitung.de\/cms\/thema\/nachrichten\/"},"img":{"alt_text":"zugfahrt 2023 1. MH","src":"https:\/\/i0.wp.com\/www.jazzzeitung.de\/cms\/wp-content\/uploads\/2024\/11\/zugfahrt2023-1.-MH.jpg?fit=1200%2C900&ssl=1&resize=350%2C200","width":350,"height":200,"srcset":"https:\/\/i0.wp.com\/www.jazzzeitung.de\/cms\/wp-content\/uploads\/2024\/11\/zugfahrt2023-1.-MH.jpg?fit=1200%2C900&ssl=1&resize=350%2C200 1x, https:\/\/i0.wp.com\/www.jazzzeitung.de\/cms\/wp-content\/uploads\/2024\/11\/zugfahrt2023-1.-MH.jpg?fit=1200%2C900&ssl=1&resize=525%2C300 1.5x, https:\/\/i0.wp.com\/www.jazzzeitung.de\/cms\/wp-content\/uploads\/2024\/11\/zugfahrt2023-1.-MH.jpg?fit=1200%2C900&ssl=1&resize=700%2C400 2x, https:\/\/i0.wp.com\/www.jazzzeitung.de\/cms\/wp-content\/uploads\/2024\/11\/zugfahrt2023-1.-MH.jpg?fit=1200%2C900&ssl=1&resize=1050%2C600 3x"},"classes":[]},{"id":33149,"url":"https:\/\/www.jazzzeitung.de\/cms\/2025\/10\/die-protonenfette-jazz-radiowoche-vom-06-10-2025-bis-12-10-2025-2\/","url_meta":{"origin":32587,"position":2},"title":"Die atomgro\u00dfe Jazz-Radiowoche vom 06.10.2025 bis 12.10.2025","author":"Martin Hufner","date":"5. Oktober 2025","format":false,"excerpt":"Jazz im Radio \u2013 Jeden Sonntag gibt es um 12 Uhr unsere \u00dcbersicht f\u00fcr die jeweils nachfolgende Woche. Die #Jazz-Radiowoche vom 06.10. bis zum 12.10.2025. Erheblich d\u00fcnn! Auch als PDF zum Download \u2013 #Jazz #JazzZeitung #Radio #Radiowoche \u2013 Ein Service unserer Online-Redaktion.","rel":"","context":"In &quot;News&quot;","block_context":{"text":"News","link":"https:\/\/www.jazzzeitung.de\/cms\/thema\/nachrichten\/"},"img":{"alt_text":"Im G\u00e4stezimmer des Lebens. Foto: Hufner","src":"https:\/\/i0.wp.com\/www.jazzzeitung.de\/cms\/wp-content\/uploads\/2025\/10\/gaestezimmer.jpg?fit=960%2C1200&ssl=1&resize=350%2C200","width":350,"height":200,"srcset":"https:\/\/i0.wp.com\/www.jazzzeitung.de\/cms\/wp-content\/uploads\/2025\/10\/gaestezimmer.jpg?fit=960%2C1200&ssl=1&resize=350%2C200 1x, https:\/\/i0.wp.com\/www.jazzzeitung.de\/cms\/wp-content\/uploads\/2025\/10\/gaestezimmer.jpg?fit=960%2C1200&ssl=1&resize=525%2C300 1.5x, https:\/\/i0.wp.com\/www.jazzzeitung.de\/cms\/wp-content\/uploads\/2025\/10\/gaestezimmer.jpg?fit=960%2C1200&ssl=1&resize=700%2C400 2x"},"classes":[]},{"id":32452,"url":"https:\/\/www.jazzzeitung.de\/cms\/2025\/04\/die-eingeschmolzene-jazz-radiowoche-vom-21-04-2025-bis-27-04-2025\/","url_meta":{"origin":32587,"position":3},"title":"Die eingeschmolzene Jazz-Radiowoche vom 21.04.2025 bis 27.04.2025","author":"Martin Hufner","date":"20. April 2025","format":false,"excerpt":"Jazz im Radio \u2013 Jeden Sonntag gibt es um 12 Uhr unsere \u00dcbersicht f\u00fcr die jeweils nachfolgende Woche. Die #Jazz-Radiowoche vom 21. bis 27. April 2025. Erheblich ausged\u00fcnnt. Auch als PDF zum Download \u2013 #Jazz #JazzZeitung #Radio #Radiowoche \u2013 Ein Service unserer Online-Redaktion.","rel":"","context":"In &quot;News&quot;","block_context":{"text":"News","link":"https:\/\/www.jazzzeitung.de\/cms\/thema\/nachrichten\/"},"img":{"alt_text":"Kn\u00f6pfe. Foto: Hufner","src":"https:\/\/i0.wp.com\/www.jazzzeitung.de\/cms\/wp-content\/uploads\/2025\/04\/knoepfe.jpg?fit=1200%2C900&ssl=1&resize=350%2C200","width":350,"height":200,"srcset":"https:\/\/i0.wp.com\/www.jazzzeitung.de\/cms\/wp-content\/uploads\/2025\/04\/knoepfe.jpg?fit=1200%2C900&ssl=1&resize=350%2C200 1x, https:\/\/i0.wp.com\/www.jazzzeitung.de\/cms\/wp-content\/uploads\/2025\/04\/knoepfe.jpg?fit=1200%2C900&ssl=1&resize=525%2C300 1.5x, https:\/\/i0.wp.com\/www.jazzzeitung.de\/cms\/wp-content\/uploads\/2025\/04\/knoepfe.jpg?fit=1200%2C900&ssl=1&resize=700%2C400 2x, https:\/\/i0.wp.com\/www.jazzzeitung.de\/cms\/wp-content\/uploads\/2025\/04\/knoepfe.jpg?fit=1200%2C900&ssl=1&resize=1050%2C600 3x"},"classes":[]},{"id":33293,"url":"https:\/\/www.jazzzeitung.de\/cms\/2025\/11\/die-quarksminimale-jazz-radiowoche-vom-03-11-2025-bis-09-11-2025\/","url_meta":{"origin":32587,"position":4},"title":"Die quarksminimale Jazz-Radiowoche vom 03.11.2025 bis 09.11.2025","author":"Martin Hufner","date":"2. November 2025","format":false,"excerpt":"Jazz im Radio \u2013 Jeden Sonntag gibt es um 12 Uhr unsere \u00dcbersicht f\u00fcr die jeweils nachfolgende Woche. Die #Jazz-Radiowoche vom 03.11. bis zum 09.11.2025. Erheblich d\u00fcnn! Auch als PDF zum Download \u2013 #Jazz #JazzZeitung #Radio #Radiowoche \u2013 Ein Service unserer Online-Redaktion.","rel":"","context":"In &quot;News&quot;","block_context":{"text":"News","link":"https:\/\/www.jazzzeitung.de\/cms\/thema\/nachrichten\/"},"img":{"alt_text":"Holzstapel. Foto: Hufner","src":"https:\/\/i0.wp.com\/www.jazzzeitung.de\/cms\/wp-content\/uploads\/2025\/10\/Wie-viel.jpg?fit=1200%2C900&ssl=1&resize=350%2C200","width":350,"height":200,"srcset":"https:\/\/i0.wp.com\/www.jazzzeitung.de\/cms\/wp-content\/uploads\/2025\/10\/Wie-viel.jpg?fit=1200%2C900&ssl=1&resize=350%2C200 1x, https:\/\/i0.wp.com\/www.jazzzeitung.de\/cms\/wp-content\/uploads\/2025\/10\/Wie-viel.jpg?fit=1200%2C900&ssl=1&resize=525%2C300 1.5x, https:\/\/i0.wp.com\/www.jazzzeitung.de\/cms\/wp-content\/uploads\/2025\/10\/Wie-viel.jpg?fit=1200%2C900&ssl=1&resize=700%2C400 2x, https:\/\/i0.wp.com\/www.jazzzeitung.de\/cms\/wp-content\/uploads\/2025\/10\/Wie-viel.jpg?fit=1200%2C900&ssl=1&resize=1050%2C600 3x"},"classes":[]},{"id":32215,"url":"https:\/\/www.jazzzeitung.de\/cms\/2025\/02\/die-eingeschmolzene-jazz-radiowoche-vom-17-02-2025-bis-23-02-2025\/","url_meta":{"origin":32587,"position":5},"title":"Die eingeschmolzene Jazz-Radiowoche vom 17.02.2025 bis 23.02.2025","author":"Martin Hufner","date":"16. Februar 2025","format":false,"excerpt":"Jazz im Radio \u2013 Jeden Sonntag gibt es um 12 Uhr unsere \u00dcbersicht f\u00fcr die jeweils nachfolgende Woche. Die #Jazz-Radiowoche vom 10. bis 16. Februar 2025. Erheblich ausged\u00fcnnt. Die ARD schafft ihr Radio gewisserma\u00dfen ab. Auch als PDF zum Download \u2013 #Jazz #JazzZeitung #Radio #Radiowoche \u2013 Ein Service unserer Online-Redaktion.","rel":"","context":"In &quot;News&quot;","block_context":{"text":"News","link":"https:\/\/www.jazzzeitung.de\/cms\/thema\/nachrichten\/"},"img":{"alt_text":"Kunst vorm Bau. Foto: Hufner","src":"https:\/\/i0.wp.com\/www.jazzzeitung.de\/cms\/wp-content\/uploads\/2025\/02\/kunstvormbau.jpg?fit=1080%2C939&ssl=1&resize=350%2C200","width":350,"height":200,"srcset":"https:\/\/i0.wp.com\/www.jazzzeitung.de\/cms\/wp-content\/uploads\/2025\/02\/kunstvormbau.jpg?fit=1080%2C939&ssl=1&resize=350%2C200 1x, https:\/\/i0.wp.com\/www.jazzzeitung.de\/cms\/wp-content\/uploads\/2025\/02\/kunstvormbau.jpg?fit=1080%2C939&ssl=1&resize=525%2C300 1.5x, https:\/\/i0.wp.com\/www.jazzzeitung.de\/cms\/wp-content\/uploads\/2025\/02\/kunstvormbau.jpg?fit=1080%2C939&ssl=1&resize=700%2C400 2x, https:\/\/i0.wp.com\/www.jazzzeitung.de\/cms\/wp-content\/uploads\/2025\/02\/kunstvormbau.jpg?fit=1080%2C939&ssl=1&resize=1050%2C600 3x"},"classes":[]}],"jetpack_sharing_enabled":false,"_links":{"self":[{"href":"https:\/\/www.jazzzeitung.de\/cms\/wp-json\/wp\/v2\/posts\/32587","targetHints":{"allow":["GET"]}}],"collection":[{"href":"https:\/\/www.jazzzeitung.de\/cms\/wp-json\/wp\/v2\/posts"}],"about":[{"href":"https:\/\/www.jazzzeitung.de\/cms\/wp-json\/wp\/v2\/types\/post"}],"author":[{"embeddable":true,"href":"https:\/\/www.jazzzeitung.de\/cms\/wp-json\/wp\/v2\/users\/1"}],"replies":[{"embeddable":true,"href":"https:\/\/www.jazzzeitung.de\/cms\/wp-json\/wp\/v2\/comments?post=32587"}],"version-history":[{"count":2,"href":"https:\/\/www.jazzzeitung.de\/cms\/wp-json\/wp\/v2\/posts\/32587\/revisions"}],"predecessor-version":[{"id":32590,"href":"https:\/\/www.jazzzeitung.de\/cms\/wp-json\/wp\/v2\/posts\/32587\/revisions\/32590"}],"wp:featuredmedia":[{"embeddable":true,"href":"https:\/\/www.jazzzeitung.de\/cms\/wp-json\/wp\/v2\/media\/32588"}],"wp:attachment":[{"href":"https:\/\/www.jazzzeitung.de\/cms\/wp-json\/wp\/v2\/media?parent=32587"}],"wp:term":[{"taxonomy":"category","embeddable":true,"href":"https:\/\/www.jazzzeitung.de\/cms\/wp-json\/wp\/v2\/categories?post=32587"},{"taxonomy":"post_tag","embeddable":true,"href":"https:\/\/www.jazzzeitung.de\/cms\/wp-json\/wp\/v2\/tags?post=32587"},{"taxonomy":"author","embeddable":true,"href":"https:\/\/www.jazzzeitung.de\/cms\/wp-json\/wp\/v2\/coauthors?post=32587"}],"curies":[{"name":"wp","href":"https:\/\/api.w.org\/{rel}","templated":true}]}}