{"id":32582,"date":"2025-05-25T12:00:01","date_gmt":"2025-05-25T10:00:01","guid":{"rendered":"https:\/\/www.jazzzeitung.de\/cms\/?p=32582"},"modified":"2025-05-22T09:53:40","modified_gmt":"2025-05-22T07:53:40","slug":"die-eingeschmolzene-jazz-radiowoche-vom-26-05-2025-bis-01-06-2025","status":"publish","type":"post","link":"https:\/\/www.jazzzeitung.de\/cms\/2025\/05\/die-eingeschmolzene-jazz-radiowoche-vom-26-05-2025-bis-01-06-2025\/","title":{"rendered":"Die eingeschmolzene Jazz-Radiowoche vom 26.05.2025 bis 01.06.2025"},"content":{"rendered":"<p class=\"western\"><a name=\"_Hlk71805784\"><\/a> Die \u00dcbersicht zum <span style=\"color: #0563c1;\"><u><a href=\"https:\/\/service.conbrio.de\/service\/download\/278\/\" name=\"Download des PDF\">Download als PDF<\/a><\/u><\/span><span style=\"text-decoration: line-through;\">.<\/span> Alle Angaben ohne Gew\u00e4hr. Erg\u00e4nzt mit den tollen Sendungen zur Neuen Musik von BR-KLASSIK und \u00d61.<\/p>\n<p class=\"western\">Leider hat die ARD ihre Suchmaschine in Fragen Radio in der Zwischenzeit komplett geschreddert, nachdem sie in den vergangenen Jahren schon nicht mehr \u00fcber Schlagworte funktioniert hat. Damit sind wir nun komplett auf Zulieferungen der Sendeanstalten angewiesen. Aktuell bekommen wir Informationen von SWR Kultur, \u00d61 und in Sachen Neue Musik von BR-KLASSIK und ebenfalls \u00d61.<\/p>\n<hr \/>\n<h2 class=\"western\"><a name=\"__RefHeading___Toc532_2049876245\"><\/a><a name=\"_Toc176424572\"><\/a><a name=\"_Toc183595478\"><\/a><a name=\"_Toc184290543\"><\/a><a name=\"_Toc185409041\"><\/a><a name=\"_Toc186792938\"><\/a><a name=\"_Toc187143015\"><\/a><a name=\"_Toc188530705\"><\/a><a name=\"_Toc188957623\"><\/a><a name=\"_Toc189813526\"><\/a><a name=\"_Toc189815284\"><\/a><a name=\"_Toc190257440\"><\/a><a name=\"_Toc174527976\"><\/a><a name=\"_Toc175140589\"><\/a> Senderliste:<\/h2>\n<hr \/>\n<ul>\n<li><span style=\"color: #0563c1;\"><u><a href=\"https:\/\/oe1.orf.at\/\" name=\"Link zum ORF\">ORF \u2013 \u00d61<\/a><\/u><\/span><\/li>\n<li><span style=\"color: #0563c1;\"><u><a href=\"https:\/\/www.deutschlandradio.de\/\" name=\"Link zum Deutschlandfunk\">Deutschlandfunk<\/a><\/u><\/span> \u2013 \u201eFakten und mehr\u201c<\/li>\n<li><span style=\"color: #0563c1;\"><u><a href=\"https:\/\/www.deutschlandfunkkultur.de\/\" name=\"Link zu Deutschlandfunk Kultur\">Deutschlandfunk-Kultur<\/a><\/u><\/span> \u2013 \u201eDas Feuilleton im Radio\u201c<\/li>\n<li><span style=\"color: #0563c1;\"><u><a href=\"https:\/\/www.ndr.de\/ndrkultur\/\" name=\"Link zu ndr kultur\">ndr Kultur<\/a><\/u><\/span> \u2013 H\u00f6ren und genie\u00dfen<\/li>\n<li><span style=\"color: #0563c1;\"><u><a href=\"https:\/\/www.ndr.de\/ndrblue\/index.html\" name=\"Link zu ndr blue\"><span lang=\"en-US\">ndr blue<\/span><\/a><\/u><\/span><span lang=\"en-US\"> \u2013 Meet The Music<\/span><\/li>\n<li><span style=\"color: #0563c1;\"><u><a href=\"https:\/\/www.bremenzwei.de\/\" name=\"Link zu Radio Bremen\">radio bremen<\/a><\/u><\/span> \u2013 Neugier lohnt sich.<\/li>\n<li><span style=\"color: #0563c1;\"><u><a href=\"https:\/\/www.radiodrei.de\/\" name=\"Link zu Radio 3 von Berlin\">Radio 3<\/a><\/u><\/span> \u2013<\/li>\n<li><span style=\"color: #0563c1;\"><u><a href=\"https:\/\/www.mdr.de\/kultur\/radio\/index.html\" name=\"Link zu medr-kultur\">mdr-kultur<\/a><\/u><\/span> \u2013 Das Radio.<\/li>\n<li><a href=\"https:\/\/www1.wdr.de\/radio\/wdr3\/\" name=\"Link zu WDR3\"><span style=\"color: #0563c1;\"><u>W<\/u><\/span><span style=\"color: #0563c1;\"><u>DR<\/u><\/span><span style=\"color: #0563c1;\"><u>3<\/u><\/span><\/a> \u2013 Das Kulturradio<\/li>\n<li><span style=\"color: #0563c1;\"><u><a href=\"https:\/\/www.hr2.de\/index.html\" name=\"Link zu hr2-kultur\">hr2-kultur<\/a><\/u><\/span> \u2013 Das Kulturradio f\u00fcr Hessen.<\/li>\n<li><a href=\"https:\/\/www.sr.de\/sr\/sr2\/index.html\" name=\"Link zu SR2-Kulturradio\"><span style=\"color: #0563c1;\"><u>S<\/u><\/span><span style=\"color: #0563c1;\"><u>R<\/u><\/span><span style=\"color: #0563c1;\"><u>2 Kulturradio<\/u><\/span><\/a> \u2013 \u2026 gut zu h\u00f6ren.<\/li>\n<li><a href=\"https:\/\/www.swr.de\/swr2\/\" name=\"Link zu SWR Kuultur\"><span style=\"color: #0563c1;\"><u>S<\/u><\/span><span style=\"color: #0563c1;\"><u>WR<\/u><\/span><u> <\/u><\/a><span style=\"color: #0563c1;\"><u>kultur<\/u><\/span> \u2013 Kultur neu entdecken<\/li>\n<li><span style=\"color: #0563c1;\"><u><a href=\"https:\/\/www.br.de\/radio\/br-klassik\/index.html\" name=\"Link zu BR-Klassik\">BR-KLASSIK<\/a><\/u><\/span> \u2013 Klassikstars geben auf BR-KLASSIK den Ton an. Attraktive Magazine bringen Interviews und Neuigkeiten aus dem Musikleben.<\/li>\n<li><span style=\"color: #0563c1;\"><u><a href=\"https:\/\/www.br.de\/radio\/bayern2\/index.html\" name=\"Link zu Bayern2\">Bayern 2<\/a><\/u><\/span> \u2013 Preisgekr\u00f6ntes Radio f\u00fcr H\u00f6rer, die mehr wissen wollen<br \/>\n<hr \/>\n<\/li>\n<\/ul>\n<h2 class=\"western\"><a name=\"__RefHeading___Toc534_2049876245\"><\/a><a name=\"_Toc190257441\"><\/a><a name=\"_Toc175140590\"><\/a><a name=\"_Toc176424573\"><\/a><a name=\"_Toc183595479\"><\/a><a name=\"_Toc184290544\"><\/a><a name=\"_Toc185409042\"><\/a><a name=\"_Toc186792939\"><\/a><a name=\"_Toc187143016\"><\/a><a name=\"_Toc188530706\"><\/a><a name=\"_Toc188957624\"><\/a><a name=\"_Toc189813527\"><\/a><a name=\"_Toc189815285\"><\/a> Internet:<\/h2>\n<hr \/>\n<ul>\n<li>Schweden: <span style=\"color: #0563c1;\"><u><a href=\"https:\/\/sverigesradio.se\/tabla.aspx?programid=2562\" name=\"Link zu Schwedens Radio P&quot;\">P2<\/a><\/u><\/span> sendet immer Dienstags von 21:00 bis 22:00 und Sonntags von 18:40 bis 20:00 ein Jazzkonzert<\/li>\n<li>Ungarn: <span style=\"color: #0563c1;\"><u><a href=\"https:\/\/mediaklikk.hu\/bartok\/\" name=\"Link zu Bart\u00f3k-Radio\">Bartok Radio<\/a><\/u><\/span> sendet t\u00e4glich von 23:00 bis 23:55 eine Jazzsendung<\/li>\n<\/ul>\n<hr \/>\n<h2 class=\"western\">mo \u2013 26.05.2025<\/h2>\n<hr \/>\n<p class=\"western\">17:30:00 +++ \u00d61<br \/>\n<b>Musik aus allen Richtungen mit Astrid Schwarz und Rainer Elstner.<\/b><\/p>\n<p class=\"western\">19:30:00 +++ \u00d61<br \/>\n<b>Maria Schneider und das Oslo Jazz Ensemble mit dem Grammy-bekr\u00f6nten Programm \u201eData Lords\u201c im M\u00e4rz 2025 im Wiener Konzerthaus<\/b><\/p>\n<p class=\"western\" style=\"padding-left: 40px;\">Maria Schneider z\u00e4hlt zu den bedeutendsten Jazzkomponist:innen der Gegenwart. Die 64-j\u00e4hrige US- Amerikanerin, ehemals Assistentin von Gil Evans, ist bekannt als Architektin vielf\u00e4rbig schillernder Klangr\u00e4ume, als Choreografin meisterhafter, impressionistisch-lyrischer Stimmungen. Ihr aktuelles Programm \u201eData Lords\u201c, 2020 ver\u00f6ffentlicht und 2021 mit zwei Grammy Awards in den Kategorien \u201eBest Large Jazz Ensemble Album\u201c und \u201eBest Instrumental Composition\u201c (f\u00fcr das St\u00fcck \u201eSputnik\u201c) ausgezeichnet, ist zweifellos eines ihrer bisher ambitioniertesten: In Teil 1, betitelt \u201eThe Digital World\u201c, reflektiert Maria Schneider Ph\u00e4nomene und Gefahren der Digitalisierung. Teil 2 \u2013 \u201eOur Natural World\u201c \u2013 hingegen steht f\u00fcr die bedrohte Welt der Natur, des Humanen, des Analogen.<\/p>\n<p class=\"western\" style=\"padding-left: 40px;\">Am 7. M\u00e4rz 2025 gab das von Maria Schneider dirigierte Oslo Jazz Ensemble Teile des \u201eData Lords\u201c- Programms im Mozartsaal des Wiener Konzerthauses zum Besten \u2013 vor einem restlos begeisterten, mit Standing Ovations reagierenden Publikum<\/p>\n<p class=\"western\">22:03 \u2013 23:00 UHR +++ SWR KULTUR<br \/>\n<b>ARD Jazz. Spotlight: Der mit den Mallets tanzt \u2013 Vibrafonist Warren Wolf<\/b><\/p>\n<p class=\"western\" style=\"padding-left: 40px;\">Von Martin Kersten. Ob mit zwei oder vier Schl\u00e4geln (engl.: Mallets), ob auf dem Vibra- oder Marimbaphon: Wenn Warren Wolf mit seiner unb\u00e4ndigen Energie und Kreativit\u00e4t die Klangst\u00e4be seiner Instrumente aus Holz oder Metall zum Schwingen bringt, dann brennt die Luft. Wie neulich, als er zu Gast in Frankfurt bei der hr-Big Band war und sich einmal quer durch die \u201eHistory of the Vibraphone\u201c (Albumtitel) gespielt hat. Von Post-Bop und Modern Jazz gepr\u00e4gt, integriert Wolf gerne auch Elemente von Soul und R&amp;B in seine Musik. Wir werfen ein Schlaglicht auf den vielseitigen Mallet-Virtuosen.<\/p>\n<p class=\"western\">23:03:00 +++ \u00d61<br \/>\n<b>Junges Ensemble spielt einen \u201eHerzenswunsch\u201c von Haas \u2013 \u201eFremde Welten\u201c mit dem Ensemble Konstellation bei der Tiroler Konzertreihe \u201eCon Spirito\u201c<\/b><\/p>\n<p class=\"western\" style=\"padding-left: 40px;\">Im Rahmen der Konzertreihe \u201eCon Spirito\u201c gastierte das junge Ensemble Konstellation am Dienstag, 25. Februar 2025 im Haus der Musik in Innsbruck. Im Mittelpunkt des Konzertabends unter der Leitung von Ivana Prista\u0161ov\u00e1 Zaugg stand \u201eFremde Welten\u201c von Georg Friedrich Haas, das seit seiner Urauff\u00fchrung 1997 nicht mehr gespielt wurde. Das Werk f\u00fcr Klavier und 20 Streicher ist ein atmosph\u00e4risches Klangst\u00fcck, das vor allem mit der Skordatur, der Stimmung der Streichinstrumente und mit \u00fcberraschenden Harmonien spielt. F\u00fcr Georg Friedrich Haas ist es damit ideal f\u00fcr ein junges Orchester, das sich einer Komposition noch frisch und unbefangen\u00a0n\u00e4hert. Der Solist war Michael Sch\u00f6ch.<\/p>\n<p class=\"western\" style=\"padding-left: 40px;\">Kombiniert wurde diese \u201eHerzensangelegenheit\u201c des Komponisten f\u00fcr die Georg Friedrich Haas aus New York angereist ist, mit dem ironisch-humorvollen \u201eMoz-Art \u00e0 la Haydn\u201c aus dem Jahr 1977 von Alfred Schnittke und Arvo P\u00e4rts \u201eOrient &amp; Occident\u201c f\u00fcr Streichorchester aus dem Jahr 2000. Gestaltung: Patrizia Jilg<\/p>\n<hr \/>\n<h2 class=\"western\">di \u2013 27.05.2025<\/h2>\n<hr \/>\n<p class=\"western\">17:30:00 +++ \u00d61<br \/>\n<b>Musik aus allen Richtungen<\/b><\/p>\n<p class=\"western\">20:03 bis 22:00 Uhr +++ BR-KLASSIK<br \/>\n<b>Horizonte: Ernst von Siemens Musikpreis 2025<\/b><\/p>\n<p class=\"western\" style=\"padding-left: 40px;\">Mit Sir Simon Rattle. Ausschnitte aus der Preisverleihung vom 17. Mai 2025 im Herkulessaal der M\u00fcnchner Residenz. Eine Sendung von Johann Jahn<\/p>\n<p class=\"western\">21:00 \u2013 22:00 UHR +++ SWR KULTUR<br \/>\n<b>JetztMusik: \u201eStone, Stone, Stone\u201c \u2013 Otomo Yoshihides Special Big-Band beim Jazzfest Berlin 2024<\/b><\/p>\n<p class=\"western\" style=\"padding-left: 40px;\">Von Nina Polaschegg. Er ist Film- und Fernsehkomponist, Gitarrist und Pionier des experimentellen Turntablismus \u2013 Otomo Yoshihide. Mit seiner Experimentalrockband \u201eGround Zero\u201c wurde in den 90er-Jahren international bekannt. Der Japaner ist ein Musiker mit offenen Ohren, der einmal betretene Pfade zwar gerne weiterverfolgt, aber immer wieder neue Verbindungslinien schafft. Zum Abschluss des Jazzfest Berlin 2024 trat er mit seiner 16-k\u00f6pfigen Big Band auf, wenige Tage sp\u00e4ter war er mit seinem Quartett im Rahmen des Festivals Wien Modern zu h\u00f6ren. Gro\u00dfer Kontrast und feinste Klangimprovisationen.<\/p>\n<p class=\"western\">23:03:00 +++ \u00d61<br \/>\n<b>Neuerscheinungen und andere Entdeckungen \u2013 Aktuelle Aufnahmen zeitgen\u00f6ssischer Musik<\/b><\/p>\n<p class=\"western\" style=\"padding-left: 40px;\">Auch an diesem Dienstag pr\u00e4sentieren wir Ihnen wieder Neuerscheinungen und andere Entdeckungen aus dem Feld der neuen und experimentellen Musik Gestaltung: Marie Therese Rudolph<\/p>\n<hr \/>\n<h2 class=\"western\">mi \u2013 28.05.2025<\/h2>\n<hr \/>\n<p class=\"western\">17:30:00 +++ \u00d61<br \/>\n<b>Musik aus allen Richtungen mit Ulla Pilz und Michael Neuhauser.<\/b><\/p>\n<figure id=\"attachment_32584\" aria-describedby=\"caption-attachment-32584\" style=\"width: 800px\" class=\"wp-caption aligncenter\"><a href=\"https:\/\/i0.wp.com\/www.jazzzeitung.de\/cms\/wp-content\/uploads\/2025\/05\/klingelkasten.jpg?ssl=1\"><img data-recalc-dims=\"1\" loading=\"lazy\" decoding=\"async\" data-attachment-id=\"32584\" data-permalink=\"https:\/\/www.jazzzeitung.de\/cms\/2025\/05\/die-eingeschmolzene-jazz-radiowoche-vom-26-05-2025-bis-01-06-2025\/klingelkasten\/\" data-orig-file=\"https:\/\/i0.wp.com\/www.jazzzeitung.de\/cms\/wp-content\/uploads\/2025\/05\/klingelkasten.jpg?fit=1600%2C1200&amp;ssl=1\" data-orig-size=\"1600,1200\" data-comments-opened=\"1\" data-image-meta=\"{&quot;aperture&quot;:&quot;0&quot;,&quot;credit&quot;:&quot;&quot;,&quot;camera&quot;:&quot;&quot;,&quot;caption&quot;:&quot;&quot;,&quot;created_timestamp&quot;:&quot;0&quot;,&quot;copyright&quot;:&quot;&quot;,&quot;focal_length&quot;:&quot;0&quot;,&quot;iso&quot;:&quot;0&quot;,&quot;shutter_speed&quot;:&quot;0&quot;,&quot;title&quot;:&quot;&quot;,&quot;orientation&quot;:&quot;0&quot;}\" data-image-title=\"Kliningeling. Foto: Hufner\" data-image-description=\"&lt;p&gt;Kliningeling. Foto: Hufner&lt;\/p&gt;\n\" data-image-caption=\"&lt;p&gt;Kliningeling. Foto: Hufner&lt;\/p&gt;\n\" data-large-file=\"https:\/\/i0.wp.com\/www.jazzzeitung.de\/cms\/wp-content\/uploads\/2025\/05\/klingelkasten.jpg?fit=800%2C600&amp;ssl=1\" class=\"size-large wp-image-32584\" src=\"https:\/\/i0.wp.com\/www.jazzzeitung.de\/cms\/wp-content\/uploads\/2025\/05\/klingelkasten.jpg?resize=800%2C600&#038;ssl=1\" alt=\"Kliningeling. Foto: Hufner\" width=\"800\" height=\"600\" srcset=\"https:\/\/i0.wp.com\/www.jazzzeitung.de\/cms\/wp-content\/uploads\/2025\/05\/klingelkasten.jpg?resize=800%2C600&amp;ssl=1 800w, https:\/\/i0.wp.com\/www.jazzzeitung.de\/cms\/wp-content\/uploads\/2025\/05\/klingelkasten.jpg?resize=300%2C225&amp;ssl=1 300w, https:\/\/i0.wp.com\/www.jazzzeitung.de\/cms\/wp-content\/uploads\/2025\/05\/klingelkasten.jpg?resize=768%2C576&amp;ssl=1 768w, https:\/\/i0.wp.com\/www.jazzzeitung.de\/cms\/wp-content\/uploads\/2025\/05\/klingelkasten.jpg?resize=1536%2C1152&amp;ssl=1 1536w, https:\/\/i0.wp.com\/www.jazzzeitung.de\/cms\/wp-content\/uploads\/2025\/05\/klingelkasten.jpg?resize=1320%2C990&amp;ssl=1 1320w, https:\/\/i0.wp.com\/www.jazzzeitung.de\/cms\/wp-content\/uploads\/2025\/05\/klingelkasten.jpg?w=1600&amp;ssl=1 1600w\" sizes=\"auto, (max-width: 800px) 100vw, 800px\" \/><\/a><figcaption id=\"caption-attachment-32584\" class=\"wp-caption-text\">Kliningeling. Foto: Hufner<\/figcaption><\/figure>\n<hr \/>\n<h2 class=\"western\">do \u2013 29.05.2025<\/h2>\n<hr \/>\n<p class=\"western\">17:10:00 +++ \u00d61<br \/>\n<b>Eine Avantgardistin im Portr\u00e4t<\/b><\/p>\n<p class=\"western\" style=\"padding-left: 40px;\">Als Virtuosin an einem Instrument, das lange Zeit von m\u00e4nnlichen Spielern dominiert wurde, sprengte Susan Alcorn die Grenzen der Pedal-Steel-Gitarre. Einer der entscheidenden Momente in Alcorns musikalischer Ausbildung war im Jahr 1990, als sie die Komponistin und Philosophin Pauline Oliveros kennenlernte, die sie in das \u201eDeep Listening\u201c \u2013 entwickelt von Oliveros \u2013 einf\u00fchrte. Dieses Konzept inspirierte Susan Alcorn beim Schreiben ihrer eigenen Musik sehr und im Jahr 2000 ver\u00f6ffentlichte sie ihr Solodeb\u00fct \u201eUma\u201c. Wie der Titel ihres 2006 erschienenen Albums \u201eAnd I Await the Resurrection of the Pedal Steel Guitar\u201c andeutet, f\u00fchrte Susan Alcorn das Instrument in neue Gefilde. Im Laufe ihrer Karriere, in der sie zahllose Genres streifte und neugestaltete, ver\u00f6ffentlichte sie \u00fcber 20 Alben als Solok\u00fcnstlerin und in Zusammenarbeit mit grenz\u00fcberschreitenden Musiker:innen wie u.a. dem Gitarristen und Banjospieler Eugene Chadbourne, der Saxophonistin Caroline Kraabel und der Gitarristin Mary Halvorson.<\/p>\n<p class=\"western\" style=\"padding-left: 40px;\">Im Jahr 2017 erhielt Alcorn den \u201eBaker Artist Award\u201c und 2018 nahm sie zusammen mit dem Saxophonisten Joe McPhee den \u201eInstant Award in Improvised Music\u201c entgegen.<\/p>\n<p class=\"western\" style=\"padding-left: 40px;\">Ihr Album \u201ePedernal\u201c, das 2020 erschien, wurde in mehrere Jahresbestenlisten aufgenommen, unter anderem von der New York Times. Im Jahr 2023 erlangte ihre Aufnahme \u201eCanto\u201c internationale Anerkennung und 2024 ver\u00f6ffentlichte sie ihre letzte Arbeit \u201eIn-Yu\u201c.<\/p>\n<p class=\"western\" style=\"padding-left: 40px;\">Susan Alcorn, die ihr Instrument weit \u00fcber seine traditionelle Rolle in der Country-Musik hinaus bekanntmachte, ist am 31. Januar 2025 in Baltimore im Alter von 71 Jahren unerwartet gestorben.<\/p>\n<p class=\"western\">22:05:00 +++ \u00d61<br \/>\n<b>Jet Lag All Stars Radio Show<\/b><\/p>\n<p class=\"western\">23:03 bis 00:00 Uhr +++ BR-KLASSIK<br \/>\n<b>Horizonte: Der Musikschriftsteller \u2013 Zum 70. Geburtstag von Pascal Dusapin<\/b><\/p>\n<p class=\"western\" style=\"padding-left: 40px;\">Als \u201eMusikschriftsteller\u201c bezeichnet Pascal Dusapin sich selbst. Denn zum einen sei sein Komponieren vor allem von der Literatur inspiriert. Zum anderen handele es sich bei ihm vorrangig um eine Schreibtischt\u00e4tigkeit. Und die vollf\u00fchrt Dusapin mit \u00e4u\u00dferster Pr\u00e4zision: Mit einem Lineal und mit schwarzer Tinte zeichnet er seine Partituren aufs Papier wie ein Architekt. Auch diesen Beruf erw\u00e4hnt er gerne, wenn er \u00fcber seine Arbeitsweise nachdenkt. Wobei da vielleicht auch die Erinnerung an seinen Lehrer Iannis Xenakis mitschwingt, in dem er seinen musikalischen Vater sieht. Doch wenn man den franz\u00f6sischen Komponisten und seine Musik charakterisieren will, wird es kompliziert. Sein umfangreiches Schaffen umfasst Werke so gut wie aller musikalischer Gattungen und l\u00e4sst sich keiner konkreten Richtung oder Schule zuordnen. So ist es vor allem die stilistische Eigenst\u00e4ndigkeit, die Pascal Dusapin zum derzeit meistbeachteten unter den franz\u00f6sischen Komponisten macht. Eine Sendung von Michaela Fridrich<\/p>\n<hr \/>\n<h2 class=\"western\">fr \u2013 30.05.2025<\/h2>\n<hr \/>\n<p class=\"western\">14:05:00 +++ \u00d61<br \/>\n<b>Aaron Parks als Gast der K\u00f6lner WDR-Bigband<\/b><\/p>\n<p class=\"western\" style=\"padding-left: 40px;\">Der 1983 geborene US-amerikanische Pianist Aaron Parks gilt als einer der spannendsten Jazzpianisten seiner Generation. Bereits im Alter von 14 Jahren begann er, an der University of Washington in seiner Heimatstadt Seattle Musik zu studieren, sp\u00e4ter war er Sch\u00fcler von Kenny Barron an der Manhattan School of Music in New York City. Mit 18 Jahren startete Parks dann seine Karriere als Sideman in der Band des Trompeters Terence Blanchard.<\/p>\n<p class=\"western\" style=\"padding-left: 40px;\">Am 3. Februar 2024 war Aaron Parks im Rahmen eines Konzerts im K\u00f6lner Stadtgarten Gastsolist der WDR-Bigband, des renommierten Jazzorchesters des Westdeutschen Rundfunks. Seine Kompositionen wurden vom 1983 geborenen Christian Els\u00e4sser arrangiert und auch dirigiert. Els\u00e4sser, ebenfalls Pianist, versuchte in seiner Deutung von Parks&#8216; St\u00fccken dessen vielseitige und tiefgr\u00fcndige Klangsprache am Klavier in einen jazzorchestralen Kontext zu \u00fcbersetzen.<\/p>\n<p class=\"western\">17:30:00 +++ \u00d61<br \/>\n<b>Musik aus allen Richtungen mit Johann Kneihs.<\/b><\/p>\n<p class=\"western\">19:03 bis 20:00 Uhr +++ BR-KLASSIK<br \/>\n<b>KlassikPlus \u2013 Musikfeature: Zum 150. Geburtstag des Komponisten Georges Bizet<\/b><\/p>\n<p class=\"western\" style=\"padding-left: 40px;\">So wie sie ihm jetzt gegen\u00fcbersteht, hat er sie nicht gekannt: Weltber\u00fchmt und willkommen auf allen Opernb\u00fchnen der Welt. Zu seinen Lebzeiten hatte man sie als die \u201eVerk\u00f6rperung von Laster und S\u00fcnde\u201c geschm\u00e4ht. Man schm\u00e4hte sie als \u201eein Delirium an Kastagnetten\u201c beleidigte sie als \u201einkoh\u00e4rente Lumpen von Akkorden\u201c, und w\u00fcrdigte sie als \u201eunzusammenh\u00e4ngende Rhythmen\u201c und \u201eabgerissene Melodien\u201c herab. Dass seine Oper \u201eCarmen\u201c in Georges Bizets Heimatstadt Paris so unwillkommen war, brach ihm das Herz \u2013 hei\u00dft es. Drei Monate nach der Urauff\u00fchrung war Georges Bizet jedenfalls tot. Und Carmen wurde unsterblich. Sie wirft einen gewaltigen Schatten, der alles verschluckt, was Bizet sonst an Opern, Suiten und Liedern hinterlie\u00df, als er sich im Alter von nur 36 Jahren von seiner scheinbar so wenig erfolgreichen Carmen verabschiedete. Heute begr\u00fcndet ihr Erfolg allein seine posthume Popularit\u00e4t. Und sie? Verdankt sie ihm nicht alles? War es nicht er, der aus einer romantischen Erz\u00e4hlung erst eine Verk\u00f6rperung aus Fleisch und Blut schuf? Der sie zum archetypischen Mythos machte? H\u00f6chste Zeit f\u00fcr eine Aussprache. Eine Sendung von Frank Halbach<\/p>\n<p class=\"western\">23:03:00 +++ \u00d61<br \/>\n<b>Stefan Fraunbergers Quellgeister \u2013 \u201eQuellgeister #4: Kurzenaufstand\u201c von Stefan Fraunberger<\/b><\/p>\n<p class=\"western\" style=\"padding-left: 40px;\">Die Geschichte der Werkreihe \u201eQuellgeister\u201c reicht rund 25 Jahre zur\u00fcck. Damals absolvierte Stefan Fraunberger in Rum\u00e4nien seinen Auslandszivildienst, in einem alten s\u00e4chsischen Pfarrhaus. In den N\u00e4chten ging er oft in die Kirche gleich nebenan, um dort die von der Witterung schon reichlich gezeichnete Orgel zu spielen.<\/p>\n<p class=\"western\" style=\"padding-left: 40px;\">In den darauffolgenden Jahren erkundete Fraunberger noch weiterer verwaiste und der Witterung preisgegebene Kirchenorgeln in Rum\u00e4nien, dabei interessierte er sich sowohl f\u00fcr deren klangliche M\u00f6glichkeiten als auch f\u00fcr den kulturellen Kontext. Mehrere St\u00fccke und drei Ver\u00f6ffentlichungen entstanden. \u201eDie vom deutschen Ingenieurgeist verlassenen Funktionsapparate wurden in die Wildnis entlassen\u201c, schreibt der K\u00fcnstler in einem begleitenden Text. \u201eZerfressene Registertrakturen gerieten in die N\u00e4he eines \u201cWurmlochs #2&#8243;. Der l\u00f6chrige Blasebalg wurde in den Ereignishorizont \u201eBussd #3\u201c gerissen. Die krachende Mechanik ist auf der anderen Seite auf der Oberfl\u00e4che eines Planeten gecrashed.&#8220;<\/p>\n<p class=\"western\" style=\"padding-left: 40px;\">Beim Kremser Donaufestival gelangte nun in der Kremser Minoritenkirche der vierte Teil der Werkreihe zu seiner Urauff\u00fchrung, f\u00fcr diesen Zeit-Ton hat Stefan Fraunberger eine Radioversion des St\u00fcckes angefertigt. Fraunberger zu dem Untertitel \u201eKuruzenaufstand\u201c: \u201eDer \u201eKuruzenaufstand #4\u201c \u2013 ein Aufb\u00e4umen g\u00e4render Wirkkr\u00e4fte gegen das Joch der Unterdr\u00fcckung. Inspiriert von der Geschichte Aufst\u00e4ndischer in Osteuropa, den \u201eKuruzen\u201c, die gegen das Joch der Monarchie mobilisierten. Eine Bewegung, die in der zweiten T\u00fcrkenbelagerung Wiens kulminierte, in einer Welt, die es nie gab. Der Kurzenaufstand ist das Pendant zur Franz\u00f6sischen Revolution.&#8220;<\/p>\n<p class=\"western\" style=\"padding-left: 40px;\">Und Fraunberger schl\u00e4gt eine Br\u00fccke zur Gegenwart: \u201eIn einer Zeit, in der wir immer noch schneller laufen, um nicht zur\u00fcckzubleiben und dem Unheimlichen zu entkommen, zelebriert der Zyklus Quellgeister die endzeitlichen Aspekte von Gemeinschaft und darin verborgene Chancen f\u00fcr Neubeginn.\u201c Gestaltung: Susanna Niedermayr<\/p>\n<hr \/>\n<h2 class=\"western\">sa \u2013 31.05.2025<\/h2>\n<hr \/>\n<p class=\"western\">14.00 Uhr, Das \u00d61 H\u00f6rspiel<br \/>\n<b>\u201eDas Gemeindekind\u201c von Marie von Ebner-Eschenbach (Teil 2 von 2). <\/b><\/p>\n<p class=\"western\" style=\"padding-left: 40px;\">Mit Elisabeth Orth, David Miesmer, Isabella Campestrini, Bibiana Zeller, Martin Schwab, Annemarie D\u00fcringer, Wolfram Berger, Brigitte Swoboda, Birgit Minichmayr, Boris Eder, Anne Bennent, Erhard Koren, Linde Prelog, Rudolf Buczolich u.v.a. Komposition: Otto Lechner. Schnitt: Stefan Wirtitsch, Katharina B\u00f6hm. Ton: Herta Werner. Bearbeitung und Regie: G\u00f6tz Fritsch (ORF\/MDR 2008)<\/p>\n<p class=\"western\" style=\"padding-left: 40px;\">Die Bedingungen k\u00f6nnten schlechter nicht sein. Der Vater wegen Mordes gehenkt, die Mutter zu zehn Jahren Haft ins Zuchthaus gesto\u00dfen. Die beiden Kinder, Milada und Pavel, bleiben, mit diesem Makel behaftet, alleine und auf sich gestellt. Doch w\u00e4hrend die h\u00fcbsche Milada durch eine gl\u00fcckliche F\u00fcgung auf Kosten der Gutsherrin in einer Klosterschule erzogen wird, verwildert der st\u00f6rrische Pavel zusehends.<\/p>\n<p class=\"western\" style=\"padding-left: 40px;\">Die Gemeindebewohner des kleinen m\u00e4hrischen Dorfes lassen ihn seine Herkunft sp\u00fcren. Pavel wird zum Musterbeispiel eines schwer erziehbaren Buben. Nach einer Begegnung mit seiner unschuldig-frommen Schwester beginnt sich Pavel jedoch allm\u00e4hlich aus seinem Dilemma zu befreien. Er beginnt aus eigenem Antrieb zu lernen, bezwingt seinen Menschenhass und wird, trotz aller Steine, die man ihm weiterhin in den Weg zu werfen versucht, ein rechtschaffener Mann.<\/p>\n<p class=\"western\" style=\"padding-left: 40px;\">Mit ihrem 1887 erschienenen und bereits damals h\u00f6chst erfolgreichen Roman \u201eDas Gemeindekind\u201c wendet sich Marie von Ebner-Eschenbach (1830-1916) erstaunlich fr\u00fch und erstaunlich vehement gegen die \u2013 nicht nur zu ihrer Zeit \u2013 vorherrschende deterministische Vererbungstheorie. Menschen, so lautet ihr Credo, sind nicht allein Sklaven ihrer Herkunft und Opfer der Umst\u00e4nde. Sie k\u00f6nnen sich, bei entsprechendem Willen, aus ihren Fesseln befreien.<\/p>\n<p class=\"western\">https:\/\/oe1.orf.at\/programm\/20250531#795438\/Grosse-Erzaehlkunst-mit-paedagogischer-Absicht<\/p>\n<p class=\"western\">14:05 bis 15:00 Uhr +++ BR-KLASSIK<br \/>\n<b>KlassikPlus \u2013 Musikfeature: Zum 150. Geburtstag des Komponisten Georges Bizet<\/b><\/p>\n<p class=\"western\" style=\"padding-left: 40px;\">So wie sie ihm jetzt gegen\u00fcbersteht, hat er sie nicht gekannt: Weltber\u00fchmt und willkommen auf allen Opernb\u00fchnen der Welt. Zu seinen Lebzeiten hatte man sie als die \u201eVerk\u00f6rperung von Laster und S\u00fcnde\u201c geschm\u00e4ht. Man schm\u00e4hte sie als \u201eein Delirium an Kastagnetten\u201c beleidigte sie als \u201einkoh\u00e4rente Lumpen von Akkorden\u201c, und w\u00fcrdigte sie als \u201eunzusammenh\u00e4ngende Rhythmen\u201c und \u201eabgerissene Melodien\u201c herab. Dass seine Oper \u201eCarmen\u201c in Georges Bizets Heimatstadt Paris so unwillkommen war, brach ihm das Herz \u2013 hei\u00dft es. Drei Monate nach der Urauff\u00fchrung war Georges Bizet jedenfalls tot. Und Carmen wurde unsterblich. Sie wirft einen gewaltigen Schatten, der alles verschluckt, was Bizet sonst an Opern, Suiten und Liedern hinterlie\u00df, als er sich im Alter von nur 36 Jahren von seiner scheinbar so wenig erfolgreichen Carmen verabschiedete. Heute begr\u00fcndet ihr Erfolg allein seine posthume Popularit\u00e4t. Und sie? Verdankt sie ihm nicht alles? War es nicht er, der aus einer romantischen Erz\u00e4hlung erst eine Verk\u00f6rperung aus Fleisch und Blut schuf? Der sie zum archetypischen Mythos machte? H\u00f6chste Zeit f\u00fcr eine Aussprache. Eine Sendung von Frank Halbach<\/p>\n<p class=\"western\">18:20 \u2013 19:00 UHR +++ SWR KULTUR<br \/>\n<b>Jazz: Piano Voices \u2013 S\u00e4nger*innen an den Tasten (1\/2)<\/b><\/p>\n<p class=\"western\" style=\"padding-left: 40px;\">Von Odilo Clausnitzer. Stimme plus Klavier, und manchmal auch noch ein selbstkomponiertes Repertoire dazu: Die S\u00e4nger*innen an den Tasten haben das k\u00fcnstlerische Gesamtpaket im Angebot. Oft sind sie nicht nur in allen Bereichen gut, sondern in einzelnen sogar \u00fcberragend. In einem ersten Teil stellen wir historische Vertreter vor: Meisterpianist*innen, die auch sangen, wie Fats Waller und Hazel Scott. Ber\u00fchmt gewordene S\u00e4nger*innen, die \u201eeigentlich\u201c Klavier spielten, wie Shirley Horn und Nat \u201eKing\u201c Cole, und die humorvollen Singer-Songwriter des Jazz wie Bob Dorough und Blossom Dearie.<\/p>\n<p class=\"western\">23:10:00 +++ \u00d61<br \/>\n<b>Neuigkeiten aus der Welt des Jazz<\/b><\/p>\n<p class=\"western\" style=\"padding-left: 40px;\">Konzertempfehlungen f\u00fcr die kommende Woche, Buchbesprechungen, Kurznachrufe und aktuelle Meldungen.<\/p>\n<hr \/>\n<h2 class=\"western\">so\u00a0 \u2013 01.06.2025<\/h2>\n<hr \/>\n<p class=\"western\">00:03 \u2013 06:00 UHR +++ SWR KULTUR<br \/>\n<b>ARD Jazz. Die Nacht: Best of Elbjazz \u2013 Das internationale Jazzfestival im Hamburger Hafen<\/b><\/p>\n<p class=\"western\" style=\"padding-left: 40px;\">Von Thomas Haak. In ARD Jazz. Die Nacht senden wir Konzert-Highlights: historische Sch\u00e4tze aus den ARD Rundfunk-Archiven und aktuelle Live-Mitschnitte von gro\u00dfen Festivals und aus kleinen Clubs, wo man in Metropolen und auf dem Lande Stars von heute und morgen trifft.<\/p>\n<p class=\"western\">00:05:00 +++ \u00d61<br \/>\n<b>(Fortsetzung); Vokalist Andreas Schaerer im Interview, US-Saxofonist Avram Fefer und sein Quartett beim Jazzfestival Leibnitz 2024<\/b><\/p>\n<p class=\"western\" style=\"padding-left: 40px;\">Zu Gast im \u00d61 Jazznacht-Studio ist der Schweizer Jazzvokalist Andreas Schaerer, der k\u00fcrzlich sein aktuelles Album \u201eAnthem For No Man&#8217;s Land\u201c vorgelegt hat. Auf dieser musikalischen Forschungsreise ins akustische Niemandsland verfolgt er ein ungew\u00f6hnliches Konzept und verzichtet g\u00e4nzlich auf die Sprache als Bedeutungstr\u00e4ger. Man meint beim beil\u00e4ufigen H\u00f6ren, vertraute Silben zu entdecken, und doch ist das, was er singt, erfunden. Schaerer vermengt alpenl\u00e4ndische Folk-Kl\u00e4nge, Jazz-Rhythmen und einen Hauch von Prog-Rock, angereichert mit Tango und westafrikanischen Rhythmen \u2013 Dada trifft auf eine Vielfalt an Kl\u00e4ngen, die allesamt dazu beitragen, dass Sprachgrenzen und musikalische Territorien zugunsten eines harmonischen Miteinanders \u00fcberschritten werden. Dazu und \u00fcber seine Stimme als gleichberechtigtes Instrument wird der Vokalk\u00fcnstler im Interview Auskunft geben.<\/p>\n<p class=\"western\" style=\"padding-left: 40px;\">Als Live-Mitschnitt der \u00d61 Jazznacht gibt es eine Konzertaufnahme mit dem Jazz-Veteranen Avram Fefer zu h\u00f6ren, den man aus US-amerikanischen Big-Band-Projekten der vergangenen Jahrzehnte kennt, etwa der David Murray Big Band, dem Butch Morris Orchestra oder dem Mingus Orchestra. Dort hat Fefer als Solist am Saxofon und an der Klarinette eine zentrale Position eingenommen. Aber auch in seinen eigenen, kleineren Ensembles vermag Avram Fefer zu \u00fcberzeugen. Etwa in seinem Quartett, mit dem er flotten Post-Bop und gewagt formales Freit\u00f6nen zwischen Coleman und Mingus zelebriert, und mit dem er seine Vorlieben f\u00fcr westafrikanische und arabische Musik auslebt. Mit einzigartigem Sound und ungez\u00fcgelter Energie begeisterte die Band am 26. September 2024 beim Auftritt im Weinkeller von Schloss Seggau im Rahmen des Jazzfestivals Leibnitz. Avram Fefer zur Seite standen Anders Nilsson (Gitarre), Hamid Drake (Drums) und Luke Stewart (Bass), der vom Downbeat Magazine als einer der 25 Musiker ausgew\u00e4hlt wurde, die in den kommenden Jahrzehnten den Jazz ma\u00dfgeblich pr\u00e4gen werden.<\/p>\n<p class=\"western\" style=\"padding-left: 40px;\">Au\u00dferdem in der \u00d61 Jazznacht zu h\u00f6ren: Neuerscheinungen aus nah und fern.<\/p>\n<p class=\"western\">03:03:00 +++ \u00d61<br \/>\n<b>Mit klingenden Kulinarien in den Sonntag-Morgen<\/b><\/p>\n<p class=\"western\" style=\"padding-left: 40px;\">Klassiker und Fundst\u00fccke aus 100 Jahren Jazzgeschichte (Wiederholung).<\/p>\n<p class=\"western\">19:05:00 +++ \u00d61<br \/>\n<b>Live aus dem RadioCafe: Christian Muthspiels Orjazztra Vienna in Trio-Abordnung und Akkordeonistin Katharina Baschinger solo<\/b><\/p>\n<p class=\"western\" style=\"padding-left: 40px;\">Im Vorfeld des 100. Geburtstags von Ernst Jandl am 1. August 2025 erleben neue Kompositionen von Christian Muthspiel zu Texten des Dichters Ende Juli bei Glatt &amp; Verkehrt in Krems ihre Urauff\u00fchrung. Drei Mitglieder von Muthspiels Orjazztra Vienna pr\u00e4sentieren eine klingende Vorschau: Trompeter Gerhard Ornig, Saxofonist Robert Unterk\u00f6fler sowie Kontrabassistin Judith Ferstl. Im Gespr\u00e4ch mit Johann Kneihs erl\u00e4utert Christian Muthspiel seine Gedanken zu Jandls Lyrik und zu Fragen ihrer Vertonbarkeit.<\/p>\n<p class=\"western\" style=\"padding-left: 40px;\">Das Orjazztra ist eine von mehreren Formationen, die sich bei der heurigen Ausgabe von Glatt &amp; Verkehrt der Beziehung von Musik und Sprache widmen. Im Programm des Festivals, seit 1997 in Kooperation mit \u00d61 veranstaltet, kommt es aber auch zu \u201erein\u201c musikalischen Begegnungen \u2013 so zwischen der walisischen Harfenistin Cerys Hafana und der Akkordeonistin Katharina Baschinger, ihres Zeichens viel gefragte Knopfharmonika-Spielerin der j\u00fcngeren Generation in \u00d6sterreich. Auch sie spielt live im RadioCaf\u00e9 in der Wiener Argentinierstra\u00dfe.<\/p>\n<p class=\"western\">Die 29. Ausgabe von Glatt &amp; Verkehrt findet von 11. bis 27. Juli 2025 statt.<\/p>\n<p class=\"western\">22:03 \u2013 23:00 UHR +++ SWR KULTUR<br \/>\n<b>NOWJazz: Von Gl\u00fchlampen und Ger\u00e4uschen \u2013 Michael Vorfelds Klanguniversum<\/b><\/p>\n<p class=\"western\" style=\"padding-left: 40px;\">Von Nina Polaschegg. Wenn Michael Vorfeld improvisiert, erlebt man einen quirligen, stets mit dem ganzen K\u00f6rper vibrierenden, gestikulierenden, Impulse setzenden Musiker. Es sind keine der typischen, oft stereotypen Posen. Er ist ganz eins mit seinem wohl ausgew\u00e4hlten Instrumentarium. Wer triggert hier wen, mag man sich manchmal fragen? Reaktionsschnell und pointiert sind seine Aktionen, ob im fl\u00e4chigen oder impulsiven Spiel. Dynamisch agil, exakt austariert. Und dann gibt es noch den Gl\u00fchlampenspieler. Ruhig und klar setzt er Aktionen. Schaltet ein und aus, bringt Farben und Formen zum Leuchten und Klingen.<\/p>\n<p class=\"western\">23:03:00 +++ \u00d61<br \/>\n<b>Highlights des Kaleidophon Ulrichsberg 2025 \u2013 Jazz von Nah und Fern<\/b><\/p>\n<p class=\"western\" style=\"padding-left: 40px;\">Ende April fand im ober\u00f6sterreichischen Ulrichsberg die mittlerweile 39. Ausgabe des Festivals Kaleidophon statt. Im zweiten Jahr der k\u00fcnstlerischen Leitung von Julius Winter waren zehn Ensembles aus den Bereichen Jazz und improvisierte Musik zu erleben. \u00d61 \u201eSupernova\u201c pr\u00e4sentiert die Konzerte des Quartetts Tiho\u017eitje\/Stillleben, des Posaunen-Trios Jeb Bishop, Matthias M\u00fcller und Matthias Muche sowie des Trio Now!.<\/p>\n<p class=\"western\" style=\"padding-left: 40px;\">An den drei Abenden des Kaleidophon bot das Jazz-Atelier Ulrichsberg ein spannendes, forderndes und intensives Programm aus Musik, Veranstaltungen und Kunst. Es traten an die 30 Musikschaffenden auf. Wichtig dabei, wie Julius Winter betont, war eine ausgewogene Mischung aus internationalen und lokalen Gr\u00f6\u00dfen.<\/p>\n<p class=\"western\" style=\"padding-left: 40px;\">Tiho\u017eitje\/Stillleben ist eine Kollaboration zwischen dem Bassisten Toma\u017e Grom und der S\u00e4ngerin Irena Toma\u017ein \u2013 beide kommen aus Ljubljana \u2013 mit dem f\u00fcr seine ungew\u00f6hnlichen Instrumente wie einer mikrofonierten Hurdy-Gurdy bekannten Multi-Instrumentalisten Samo Kutin und dem \u00f6sterreichischen Klangk\u00fcnstler Matija Schellander.<\/p>\n<p class=\"western\" style=\"padding-left: 40px;\">Da Toma\u017ein bei diesem Auftritt nicht dabei sein konnte, sprang die Pianistin und Elektronik-Komponistin Katharina Klement ein.<\/p>\n<p class=\"western\" style=\"padding-left: 40px;\">Das US-amerikanisch-deutsche Trio Jeb Bishop, Matthias M\u00fcller und Matthias Muche treibt die Klangm\u00f6glichkeiten seiner drei Posaunen immer wieder \u00fcber seine Grenzen hinaus. Das reicht von vielschichtigen Drones bis zur freien Improvisation. 2022 haben sie auf dem Wiener Label Jazzwerkstatt das vielbeachtete Album \u201eFrom A To B\u201c herausgebracht.<\/p>\n<p class=\"western\" style=\"padding-left: 40px;\">Trio Now! sind die local heros des Ulrichsberger Jazz-Ateliers: Tanja Feichtmair (Saxofon), Uli Winter (Cello) und Fredi Pr\u00f6ll (Schlagzeug) sind quasi seit Anfang an mit dem Kaleidophon verbunden, haben im Atelier ihren Proberaum und spielen von dort aus in der ganzen Welt. \u201eIn bester US-Free Jazz-Tradition mit so manchem Gef\u00fchls\u00fcberschwang, aber auch mit dem kontrolliertem Puls und der Klang\u00e4sthetik der Improvisierten Musik europ\u00e4ischer Provenienz\u201c, beschrieb der Wiener Musik-Club Echoraum die Musik des Trio Now!.<\/p>\n<p class=\"western\" style=\"padding-left: 40px;\">Auch der Zeit-Ton am kommenden Dienstag, am 2. Juni, steht ganz im Zeichen des diesj\u00e4hrigen Ulrichsberger Kaleidophon, mit der Pr\u00e4sentation von Katharina Klements St\u00fcck \u201eSpiegel 1.1\u201c f\u00fcr Klavier und Elektronik, das am letzten Festivaltag auf dem Programm stand. Gestaltung: Heinrich Deisl<\/p>\n","protected":false},"excerpt":{"rendered":"<p>Jazz im Radio \u2013 Jeden Sonntag gibt es um 12 Uhr unsere \u00dcbersicht f\u00fcr die jeweils nachfolgende Woche. Die #Jazz-Radiowoche vom 26.05. bis 01.06.2025. Erheblich ausged\u00fcnnt. Auch als PDF zum Download \u2013 #Jazz #JazzZeitung #Radio #Radiowoche \u2013 Ein Service unserer Online-Redaktion.<\/p>\n","protected":false},"author":1,"featured_media":32584,"comment_status":"open","ping_status":"closed","sticky":false,"template":"","format":"standard","meta":{"_jetpack_memberships_contains_paid_content":false,"footnotes":"","jetpack_publicize_message":"","jetpack_publicize_feature_enabled":true,"jetpack_social_post_already_shared":true,"jetpack_social_options":{"image_generator_settings":{"template":"highway","default_image_id":0,"font":"","enabled":false},"version":2}},"categories":[633,452],"tags":[3773,1629],"coauthors":[650],"class_list":["post-32582","post","type-post","status-publish","format-standard","has-post-thumbnail","hentry","category-nachrichten","category-radio","tag-die-radiowoche","tag-jazz-im-radio"],"yoast_head":"<!-- This site is optimized with the Yoast SEO plugin v27.5 - https:\/\/yoast.com\/product\/yoast-seo-wordpress\/ -->\n<title>Die eingeschmolzene Jazz-Radiowoche vom 26.05.2025 bis 01.06.2025 - JazzZeitung<\/title>\n<meta name=\"robots\" content=\"index, follow, max-snippet:-1, max-image-preview:large, max-video-preview:-1\" \/>\n<link rel=\"canonical\" href=\"https:\/\/www.jazzzeitung.de\/cms\/2025\/05\/die-eingeschmolzene-jazz-radiowoche-vom-26-05-2025-bis-01-06-2025\/\" \/>\n<meta property=\"og:locale\" content=\"de_DE\" \/>\n<meta property=\"og:type\" content=\"article\" \/>\n<meta property=\"og:title\" content=\"Die eingeschmolzene Jazz-Radiowoche vom 26.05.2025 bis 01.06.2025 - JazzZeitung\" \/>\n<meta property=\"og:description\" content=\"Jazz im Radio \u2013 Jeden Sonntag gibt es um 12 Uhr unsere \u00dcbersicht f\u00fcr die jeweils nachfolgende Woche. Die #Jazz-Radiowoche vom 26.05. bis 01.06.2025. Erheblich ausged\u00fcnnt. Auch als PDF zum Download \u2013 #Jazz #JazzZeitung #Radio #Radiowoche \u2013 Ein Service unserer Online-Redaktion.\" \/>\n<meta property=\"og:url\" content=\"https:\/\/www.jazzzeitung.de\/cms\/2025\/05\/die-eingeschmolzene-jazz-radiowoche-vom-26-05-2025-bis-01-06-2025\/\" \/>\n<meta property=\"og:site_name\" content=\"JazzZeitung\" \/>\n<meta property=\"article:publisher\" content=\"https:\/\/www.facebook.com\/JazzZeitung\/\" \/>\n<meta property=\"article:author\" content=\"https:\/\/www.facebook.com\/hufner\" \/>\n<meta property=\"article:published_time\" content=\"2025-05-25T10:00:01+00:00\" \/>\n<meta property=\"og:image\" content=\"https:\/\/i0.wp.com\/www.jazzzeitung.de\/cms\/wp-content\/uploads\/2025\/05\/klingelkasten.jpg?fit=1600%2C1200&ssl=1\" \/>\n\t<meta property=\"og:image:width\" content=\"1600\" \/>\n\t<meta property=\"og:image:height\" content=\"1200\" \/>\n\t<meta property=\"og:image:type\" content=\"image\/jpeg\" \/>\n<meta name=\"author\" content=\"Martin Hufner\" \/>\n<script type=\"application\/ld+json\" class=\"yoast-schema-graph\">{\"@context\":\"https:\\\/\\\/schema.org\",\"@graph\":[{\"@type\":\"Article\",\"@id\":\"https:\\\/\\\/www.jazzzeitung.de\\\/cms\\\/2025\\\/05\\\/die-eingeschmolzene-jazz-radiowoche-vom-26-05-2025-bis-01-06-2025\\\/#article\",\"isPartOf\":{\"@id\":\"https:\\\/\\\/www.jazzzeitung.de\\\/cms\\\/2025\\\/05\\\/die-eingeschmolzene-jazz-radiowoche-vom-26-05-2025-bis-01-06-2025\\\/\"},\"author\":{\"name\":\"Martin Hufner\",\"@id\":\"https:\\\/\\\/www.jazzzeitung.de\\\/cms\\\/#\\\/schema\\\/person\\\/b9a4e5ac765d94fb8f617bfa8f1fc5f7\"},\"headline\":\"Die eingeschmolzene Jazz-Radiowoche vom 26.05.2025 bis 01.06.2025\",\"datePublished\":\"2025-05-25T10:00:01+00:00\",\"mainEntityOfPage\":{\"@id\":\"https:\\\/\\\/www.jazzzeitung.de\\\/cms\\\/2025\\\/05\\\/die-eingeschmolzene-jazz-radiowoche-vom-26-05-2025-bis-01-06-2025\\\/\"},\"wordCount\":3466,\"commentCount\":0,\"publisher\":{\"@id\":\"https:\\\/\\\/www.jazzzeitung.de\\\/cms\\\/#organization\"},\"image\":{\"@id\":\"https:\\\/\\\/www.jazzzeitung.de\\\/cms\\\/2025\\\/05\\\/die-eingeschmolzene-jazz-radiowoche-vom-26-05-2025-bis-01-06-2025\\\/#primaryimage\"},\"thumbnailUrl\":\"https:\\\/\\\/i0.wp.com\\\/www.jazzzeitung.de\\\/cms\\\/wp-content\\\/uploads\\\/2025\\\/05\\\/klingelkasten.jpg?fit=1600%2C1200&ssl=1\",\"keywords\":[\"Die Radiowoche\",\"Jazz im Radio\"],\"articleSection\":[\"News\",\"Radio\"],\"inLanguage\":\"de\",\"potentialAction\":[{\"@type\":\"CommentAction\",\"name\":\"Comment\",\"target\":[\"https:\\\/\\\/www.jazzzeitung.de\\\/cms\\\/2025\\\/05\\\/die-eingeschmolzene-jazz-radiowoche-vom-26-05-2025-bis-01-06-2025\\\/#respond\"]}]},{\"@type\":\"WebPage\",\"@id\":\"https:\\\/\\\/www.jazzzeitung.de\\\/cms\\\/2025\\\/05\\\/die-eingeschmolzene-jazz-radiowoche-vom-26-05-2025-bis-01-06-2025\\\/\",\"url\":\"https:\\\/\\\/www.jazzzeitung.de\\\/cms\\\/2025\\\/05\\\/die-eingeschmolzene-jazz-radiowoche-vom-26-05-2025-bis-01-06-2025\\\/\",\"name\":\"Die eingeschmolzene Jazz-Radiowoche vom 26.05.2025 bis 01.06.2025 - JazzZeitung\",\"isPartOf\":{\"@id\":\"https:\\\/\\\/www.jazzzeitung.de\\\/cms\\\/#website\"},\"primaryImageOfPage\":{\"@id\":\"https:\\\/\\\/www.jazzzeitung.de\\\/cms\\\/2025\\\/05\\\/die-eingeschmolzene-jazz-radiowoche-vom-26-05-2025-bis-01-06-2025\\\/#primaryimage\"},\"image\":{\"@id\":\"https:\\\/\\\/www.jazzzeitung.de\\\/cms\\\/2025\\\/05\\\/die-eingeschmolzene-jazz-radiowoche-vom-26-05-2025-bis-01-06-2025\\\/#primaryimage\"},\"thumbnailUrl\":\"https:\\\/\\\/i0.wp.com\\\/www.jazzzeitung.de\\\/cms\\\/wp-content\\\/uploads\\\/2025\\\/05\\\/klingelkasten.jpg?fit=1600%2C1200&ssl=1\",\"datePublished\":\"2025-05-25T10:00:01+00:00\",\"breadcrumb\":{\"@id\":\"https:\\\/\\\/www.jazzzeitung.de\\\/cms\\\/2025\\\/05\\\/die-eingeschmolzene-jazz-radiowoche-vom-26-05-2025-bis-01-06-2025\\\/#breadcrumb\"},\"inLanguage\":\"de\",\"potentialAction\":[{\"@type\":\"ReadAction\",\"target\":[\"https:\\\/\\\/www.jazzzeitung.de\\\/cms\\\/2025\\\/05\\\/die-eingeschmolzene-jazz-radiowoche-vom-26-05-2025-bis-01-06-2025\\\/\"]}]},{\"@type\":\"ImageObject\",\"inLanguage\":\"de\",\"@id\":\"https:\\\/\\\/www.jazzzeitung.de\\\/cms\\\/2025\\\/05\\\/die-eingeschmolzene-jazz-radiowoche-vom-26-05-2025-bis-01-06-2025\\\/#primaryimage\",\"url\":\"https:\\\/\\\/i0.wp.com\\\/www.jazzzeitung.de\\\/cms\\\/wp-content\\\/uploads\\\/2025\\\/05\\\/klingelkasten.jpg?fit=1600%2C1200&ssl=1\",\"contentUrl\":\"https:\\\/\\\/i0.wp.com\\\/www.jazzzeitung.de\\\/cms\\\/wp-content\\\/uploads\\\/2025\\\/05\\\/klingelkasten.jpg?fit=1600%2C1200&ssl=1\",\"width\":1600,\"height\":1200,\"caption\":\"Kliningeling. Foto: Hufner\"},{\"@type\":\"BreadcrumbList\",\"@id\":\"https:\\\/\\\/www.jazzzeitung.de\\\/cms\\\/2025\\\/05\\\/die-eingeschmolzene-jazz-radiowoche-vom-26-05-2025-bis-01-06-2025\\\/#breadcrumb\",\"itemListElement\":[{\"@type\":\"ListItem\",\"position\":1,\"name\":\"Startseite\",\"item\":\"https:\\\/\\\/www.jazzzeitung.de\\\/cms\\\/\"},{\"@type\":\"ListItem\",\"position\":2,\"name\":\"Die eingeschmolzene Jazz-Radiowoche vom 26.05.2025 bis 01.06.2025\"}]},{\"@type\":\"WebSite\",\"@id\":\"https:\\\/\\\/www.jazzzeitung.de\\\/cms\\\/#website\",\"url\":\"https:\\\/\\\/www.jazzzeitung.de\\\/cms\\\/\",\"name\":\"JazzZeitung\",\"description\":\"Jazz-News und Jazz-Kontroverses\",\"publisher\":{\"@id\":\"https:\\\/\\\/www.jazzzeitung.de\\\/cms\\\/#organization\"},\"potentialAction\":[{\"@type\":\"SearchAction\",\"target\":{\"@type\":\"EntryPoint\",\"urlTemplate\":\"https:\\\/\\\/www.jazzzeitung.de\\\/cms\\\/?s={search_term_string}\"},\"query-input\":{\"@type\":\"PropertyValueSpecification\",\"valueRequired\":true,\"valueName\":\"search_term_string\"}}],\"inLanguage\":\"de\"},{\"@type\":\"Organization\",\"@id\":\"https:\\\/\\\/www.jazzzeitung.de\\\/cms\\\/#organization\",\"name\":\"JazzZeitung online\",\"url\":\"https:\\\/\\\/www.jazzzeitung.de\\\/cms\\\/\",\"logo\":{\"@type\":\"ImageObject\",\"inLanguage\":\"de\",\"@id\":\"https:\\\/\\\/www.jazzzeitung.de\\\/cms\\\/#\\\/schema\\\/logo\\\/image\\\/\",\"url\":\"https:\\\/\\\/i0.wp.com\\\/www.jazzzeitung.de\\\/cms\\\/wp-content\\\/uploads\\\/2015\\\/08\\\/JAZZZEITUNGDE_Logo_Neu.png?fit=499%2C200&ssl=1\",\"contentUrl\":\"https:\\\/\\\/i0.wp.com\\\/www.jazzzeitung.de\\\/cms\\\/wp-content\\\/uploads\\\/2015\\\/08\\\/JAZZZEITUNGDE_Logo_Neu.png?fit=499%2C200&ssl=1\",\"width\":499,\"height\":200,\"caption\":\"JazzZeitung online\"},\"image\":{\"@id\":\"https:\\\/\\\/www.jazzzeitung.de\\\/cms\\\/#\\\/schema\\\/logo\\\/image\\\/\"},\"sameAs\":[\"https:\\\/\\\/www.facebook.com\\\/JazzZeitung\\\/\"]},{\"@type\":\"Person\",\"@id\":\"https:\\\/\\\/www.jazzzeitung.de\\\/cms\\\/#\\\/schema\\\/person\\\/b9a4e5ac765d94fb8f617bfa8f1fc5f7\",\"name\":\"Martin Hufner\",\"image\":{\"@type\":\"ImageObject\",\"inLanguage\":\"de\",\"@id\":\"https:\\\/\\\/i0.wp.com\\\/www.jazzzeitung.de\\\/cms\\\/wp-content\\\/uploads\\\/2013\\\/07\\\/huf-06.jpg?resize=96%2C96&ssl=15fcc31aa94540751a3b804516452be00\",\"url\":\"https:\\\/\\\/i0.wp.com\\\/www.jazzzeitung.de\\\/cms\\\/wp-content\\\/uploads\\\/2013\\\/07\\\/huf-06.jpg?resize=96%2C96&ssl=1\",\"contentUrl\":\"https:\\\/\\\/i0.wp.com\\\/www.jazzzeitung.de\\\/cms\\\/wp-content\\\/uploads\\\/2013\\\/07\\\/huf-06.jpg?resize=96%2C96&ssl=1\",\"caption\":\"Martin Hufner\"},\"description\":\"Martin Hufner ist freier Autor der JazzZeitung.\",\"sameAs\":[\"https:\\\/\\\/www.kritische-masse.de\\\/logbuch\",\"https:\\\/\\\/www.facebook.com\\\/hufner\"],\"url\":\"https:\\\/\\\/www.jazzzeitung.de\\\/cms\\\/author\\\/admin\\\/\"}]}<\/script>\n<!-- \/ Yoast SEO plugin. -->","yoast_head_json":{"title":"Die eingeschmolzene Jazz-Radiowoche vom 26.05.2025 bis 01.06.2025 - JazzZeitung","robots":{"index":"index","follow":"follow","max-snippet":"max-snippet:-1","max-image-preview":"max-image-preview:large","max-video-preview":"max-video-preview:-1"},"canonical":"https:\/\/www.jazzzeitung.de\/cms\/2025\/05\/die-eingeschmolzene-jazz-radiowoche-vom-26-05-2025-bis-01-06-2025\/","og_locale":"de_DE","og_type":"article","og_title":"Die eingeschmolzene Jazz-Radiowoche vom 26.05.2025 bis 01.06.2025 - JazzZeitung","og_description":"Jazz im Radio \u2013 Jeden Sonntag gibt es um 12 Uhr unsere \u00dcbersicht f\u00fcr die jeweils nachfolgende Woche. Die #Jazz-Radiowoche vom 26.05. bis 01.06.2025. Erheblich ausged\u00fcnnt. Auch als PDF zum Download \u2013 #Jazz #JazzZeitung #Radio #Radiowoche \u2013 Ein Service unserer Online-Redaktion.","og_url":"https:\/\/www.jazzzeitung.de\/cms\/2025\/05\/die-eingeschmolzene-jazz-radiowoche-vom-26-05-2025-bis-01-06-2025\/","og_site_name":"JazzZeitung","article_publisher":"https:\/\/www.facebook.com\/JazzZeitung\/","article_author":"https:\/\/www.facebook.com\/hufner","article_published_time":"2025-05-25T10:00:01+00:00","og_image":[{"width":1600,"height":1200,"url":"https:\/\/i0.wp.com\/www.jazzzeitung.de\/cms\/wp-content\/uploads\/2025\/05\/klingelkasten.jpg?fit=1600%2C1200&ssl=1","type":"image\/jpeg"}],"author":"Martin Hufner","schema":{"@context":"https:\/\/schema.org","@graph":[{"@type":"Article","@id":"https:\/\/www.jazzzeitung.de\/cms\/2025\/05\/die-eingeschmolzene-jazz-radiowoche-vom-26-05-2025-bis-01-06-2025\/#article","isPartOf":{"@id":"https:\/\/www.jazzzeitung.de\/cms\/2025\/05\/die-eingeschmolzene-jazz-radiowoche-vom-26-05-2025-bis-01-06-2025\/"},"author":{"name":"Martin Hufner","@id":"https:\/\/www.jazzzeitung.de\/cms\/#\/schema\/person\/b9a4e5ac765d94fb8f617bfa8f1fc5f7"},"headline":"Die eingeschmolzene Jazz-Radiowoche vom 26.05.2025 bis 01.06.2025","datePublished":"2025-05-25T10:00:01+00:00","mainEntityOfPage":{"@id":"https:\/\/www.jazzzeitung.de\/cms\/2025\/05\/die-eingeschmolzene-jazz-radiowoche-vom-26-05-2025-bis-01-06-2025\/"},"wordCount":3466,"commentCount":0,"publisher":{"@id":"https:\/\/www.jazzzeitung.de\/cms\/#organization"},"image":{"@id":"https:\/\/www.jazzzeitung.de\/cms\/2025\/05\/die-eingeschmolzene-jazz-radiowoche-vom-26-05-2025-bis-01-06-2025\/#primaryimage"},"thumbnailUrl":"https:\/\/i0.wp.com\/www.jazzzeitung.de\/cms\/wp-content\/uploads\/2025\/05\/klingelkasten.jpg?fit=1600%2C1200&ssl=1","keywords":["Die Radiowoche","Jazz im Radio"],"articleSection":["News","Radio"],"inLanguage":"de","potentialAction":[{"@type":"CommentAction","name":"Comment","target":["https:\/\/www.jazzzeitung.de\/cms\/2025\/05\/die-eingeschmolzene-jazz-radiowoche-vom-26-05-2025-bis-01-06-2025\/#respond"]}]},{"@type":"WebPage","@id":"https:\/\/www.jazzzeitung.de\/cms\/2025\/05\/die-eingeschmolzene-jazz-radiowoche-vom-26-05-2025-bis-01-06-2025\/","url":"https:\/\/www.jazzzeitung.de\/cms\/2025\/05\/die-eingeschmolzene-jazz-radiowoche-vom-26-05-2025-bis-01-06-2025\/","name":"Die eingeschmolzene Jazz-Radiowoche vom 26.05.2025 bis 01.06.2025 - JazzZeitung","isPartOf":{"@id":"https:\/\/www.jazzzeitung.de\/cms\/#website"},"primaryImageOfPage":{"@id":"https:\/\/www.jazzzeitung.de\/cms\/2025\/05\/die-eingeschmolzene-jazz-radiowoche-vom-26-05-2025-bis-01-06-2025\/#primaryimage"},"image":{"@id":"https:\/\/www.jazzzeitung.de\/cms\/2025\/05\/die-eingeschmolzene-jazz-radiowoche-vom-26-05-2025-bis-01-06-2025\/#primaryimage"},"thumbnailUrl":"https:\/\/i0.wp.com\/www.jazzzeitung.de\/cms\/wp-content\/uploads\/2025\/05\/klingelkasten.jpg?fit=1600%2C1200&ssl=1","datePublished":"2025-05-25T10:00:01+00:00","breadcrumb":{"@id":"https:\/\/www.jazzzeitung.de\/cms\/2025\/05\/die-eingeschmolzene-jazz-radiowoche-vom-26-05-2025-bis-01-06-2025\/#breadcrumb"},"inLanguage":"de","potentialAction":[{"@type":"ReadAction","target":["https:\/\/www.jazzzeitung.de\/cms\/2025\/05\/die-eingeschmolzene-jazz-radiowoche-vom-26-05-2025-bis-01-06-2025\/"]}]},{"@type":"ImageObject","inLanguage":"de","@id":"https:\/\/www.jazzzeitung.de\/cms\/2025\/05\/die-eingeschmolzene-jazz-radiowoche-vom-26-05-2025-bis-01-06-2025\/#primaryimage","url":"https:\/\/i0.wp.com\/www.jazzzeitung.de\/cms\/wp-content\/uploads\/2025\/05\/klingelkasten.jpg?fit=1600%2C1200&ssl=1","contentUrl":"https:\/\/i0.wp.com\/www.jazzzeitung.de\/cms\/wp-content\/uploads\/2025\/05\/klingelkasten.jpg?fit=1600%2C1200&ssl=1","width":1600,"height":1200,"caption":"Kliningeling. Foto: Hufner"},{"@type":"BreadcrumbList","@id":"https:\/\/www.jazzzeitung.de\/cms\/2025\/05\/die-eingeschmolzene-jazz-radiowoche-vom-26-05-2025-bis-01-06-2025\/#breadcrumb","itemListElement":[{"@type":"ListItem","position":1,"name":"Startseite","item":"https:\/\/www.jazzzeitung.de\/cms\/"},{"@type":"ListItem","position":2,"name":"Die eingeschmolzene Jazz-Radiowoche vom 26.05.2025 bis 01.06.2025"}]},{"@type":"WebSite","@id":"https:\/\/www.jazzzeitung.de\/cms\/#website","url":"https:\/\/www.jazzzeitung.de\/cms\/","name":"JazzZeitung","description":"Jazz-News und Jazz-Kontroverses","publisher":{"@id":"https:\/\/www.jazzzeitung.de\/cms\/#organization"},"potentialAction":[{"@type":"SearchAction","target":{"@type":"EntryPoint","urlTemplate":"https:\/\/www.jazzzeitung.de\/cms\/?s={search_term_string}"},"query-input":{"@type":"PropertyValueSpecification","valueRequired":true,"valueName":"search_term_string"}}],"inLanguage":"de"},{"@type":"Organization","@id":"https:\/\/www.jazzzeitung.de\/cms\/#organization","name":"JazzZeitung online","url":"https:\/\/www.jazzzeitung.de\/cms\/","logo":{"@type":"ImageObject","inLanguage":"de","@id":"https:\/\/www.jazzzeitung.de\/cms\/#\/schema\/logo\/image\/","url":"https:\/\/i0.wp.com\/www.jazzzeitung.de\/cms\/wp-content\/uploads\/2015\/08\/JAZZZEITUNGDE_Logo_Neu.png?fit=499%2C200&ssl=1","contentUrl":"https:\/\/i0.wp.com\/www.jazzzeitung.de\/cms\/wp-content\/uploads\/2015\/08\/JAZZZEITUNGDE_Logo_Neu.png?fit=499%2C200&ssl=1","width":499,"height":200,"caption":"JazzZeitung online"},"image":{"@id":"https:\/\/www.jazzzeitung.de\/cms\/#\/schema\/logo\/image\/"},"sameAs":["https:\/\/www.facebook.com\/JazzZeitung\/"]},{"@type":"Person","@id":"https:\/\/www.jazzzeitung.de\/cms\/#\/schema\/person\/b9a4e5ac765d94fb8f617bfa8f1fc5f7","name":"Martin Hufner","image":{"@type":"ImageObject","inLanguage":"de","@id":"https:\/\/i0.wp.com\/www.jazzzeitung.de\/cms\/wp-content\/uploads\/2013\/07\/huf-06.jpg?resize=96%2C96&ssl=15fcc31aa94540751a3b804516452be00","url":"https:\/\/i0.wp.com\/www.jazzzeitung.de\/cms\/wp-content\/uploads\/2013\/07\/huf-06.jpg?resize=96%2C96&ssl=1","contentUrl":"https:\/\/i0.wp.com\/www.jazzzeitung.de\/cms\/wp-content\/uploads\/2013\/07\/huf-06.jpg?resize=96%2C96&ssl=1","caption":"Martin Hufner"},"description":"Martin Hufner ist freier Autor der JazzZeitung.","sameAs":["https:\/\/www.kritische-masse.de\/logbuch","https:\/\/www.facebook.com\/hufner"],"url":"https:\/\/www.jazzzeitung.de\/cms\/author\/admin\/"}]}},"wp-worthy-pixel":{"ignored":true,"public":null,"server":null,"url":null},"wp-worthy-type":"normal","jetpack_publicize_connections":[],"cc_featured_image_caption":{"caption_text":"Kliningeling. ","source_text":"Foto: Hufner","source_url":"https:\/\/www.kritische-masse.de"},"jetpack_featured_media_url":"https:\/\/i0.wp.com\/www.jazzzeitung.de\/cms\/wp-content\/uploads\/2025\/05\/klingelkasten.jpg?fit=1600%2C1200&ssl=1","jetpack_shortlink":"https:\/\/wp.me\/p3KEcT-8tw","jetpack-related-posts":[{"id":33138,"url":"https:\/\/www.jazzzeitung.de\/cms\/2025\/09\/die-atomgrosse-jazz-radiowoche-vom-29-09-2025-bis-05-10-2025\/","url_meta":{"origin":32582,"position":0},"title":"Die atomgro\u00dfe Jazz-Radiowoche vom 29.09.2025 bis 05.10.2025","author":"Martin Hufner","date":"28. September 2025","format":false,"excerpt":"Jazz im Radio \u2013 Jeden Sonntag gibt es um 12 Uhr unsere \u00dcbersicht f\u00fcr die jeweils nachfolgende Woche. Die #Jazz-Radiowoche vom 29.09. bis zum 05.10.2025. Erheblich d\u00fcnn! Auch als PDF zum Download \u2013 #Jazz #JazzZeitung #Radio #Radiowoche \u2013 Ein Service unserer Online-Redaktion.","rel":"","context":"In &quot;News&quot;","block_context":{"text":"News","link":"https:\/\/www.jazzzeitung.de\/cms\/thema\/nachrichten\/"},"img":{"alt_text":"Botanische Supernova mit schwarzem Loch in der Na\u0308he von Terra Nova. Foto: Hufner","src":"https:\/\/i0.wp.com\/www.jazzzeitung.de\/cms\/wp-content\/uploads\/2025\/09\/Botanische-Supernova-mit-schwarzem-Loch-in-der-Naehe-von-Terra-Nova.jpg?fit=1200%2C900&ssl=1&resize=350%2C200","width":350,"height":200,"srcset":"https:\/\/i0.wp.com\/www.jazzzeitung.de\/cms\/wp-content\/uploads\/2025\/09\/Botanische-Supernova-mit-schwarzem-Loch-in-der-Naehe-von-Terra-Nova.jpg?fit=1200%2C900&ssl=1&resize=350%2C200 1x, https:\/\/i0.wp.com\/www.jazzzeitung.de\/cms\/wp-content\/uploads\/2025\/09\/Botanische-Supernova-mit-schwarzem-Loch-in-der-Naehe-von-Terra-Nova.jpg?fit=1200%2C900&ssl=1&resize=525%2C300 1.5x, https:\/\/i0.wp.com\/www.jazzzeitung.de\/cms\/wp-content\/uploads\/2025\/09\/Botanische-Supernova-mit-schwarzem-Loch-in-der-Naehe-von-Terra-Nova.jpg?fit=1200%2C900&ssl=1&resize=700%2C400 2x, https:\/\/i0.wp.com\/www.jazzzeitung.de\/cms\/wp-content\/uploads\/2025\/09\/Botanische-Supernova-mit-schwarzem-Loch-in-der-Naehe-von-Terra-Nova.jpg?fit=1200%2C900&ssl=1&resize=1050%2C600 3x"},"classes":[]},{"id":31928,"url":"https:\/\/www.jazzzeitung.de\/cms\/2024\/11\/die-geschmolzene-jazz-radiowoche-vom-25-11-2024-bis-01-12-2024\/","url_meta":{"origin":32582,"position":1},"title":"Die geschmolzene Jazz-Radiowoche vom 25.11.2024 bis 01.12.2024","author":"Martin Hufner","date":"24. November 2024","format":false,"excerpt":"Jazz im Radio \u2013 Jeden Sonntag gibt es um 12 Uhr unsere \u00dcbersicht f\u00fcr die jeweils nachfolgende Woche. Die #Jazz-Radiowoche vom 25. November bis zum 1. Dezember 2024. Erheblich ausged\u00fcnnt. Die ARD schafft ihr Radio gewisserma\u00dfen ab. Auch als PDF zum Download \u2013 #Jazz #JazzZeitung #Radio #Radiowoche \u2013 Ein Service\u2026","rel":"","context":"In &quot;News&quot;","block_context":{"text":"News","link":"https:\/\/www.jazzzeitung.de\/cms\/thema\/nachrichten\/"},"img":{"alt_text":"zugfahrt 2023 1. MH","src":"https:\/\/i0.wp.com\/www.jazzzeitung.de\/cms\/wp-content\/uploads\/2024\/11\/zugfahrt2023-1.-MH.jpg?fit=1200%2C900&ssl=1&resize=350%2C200","width":350,"height":200,"srcset":"https:\/\/i0.wp.com\/www.jazzzeitung.de\/cms\/wp-content\/uploads\/2024\/11\/zugfahrt2023-1.-MH.jpg?fit=1200%2C900&ssl=1&resize=350%2C200 1x, https:\/\/i0.wp.com\/www.jazzzeitung.de\/cms\/wp-content\/uploads\/2024\/11\/zugfahrt2023-1.-MH.jpg?fit=1200%2C900&ssl=1&resize=525%2C300 1.5x, https:\/\/i0.wp.com\/www.jazzzeitung.de\/cms\/wp-content\/uploads\/2024\/11\/zugfahrt2023-1.-MH.jpg?fit=1200%2C900&ssl=1&resize=700%2C400 2x, https:\/\/i0.wp.com\/www.jazzzeitung.de\/cms\/wp-content\/uploads\/2024\/11\/zugfahrt2023-1.-MH.jpg?fit=1200%2C900&ssl=1&resize=1050%2C600 3x"},"classes":[]},{"id":33149,"url":"https:\/\/www.jazzzeitung.de\/cms\/2025\/10\/die-protonenfette-jazz-radiowoche-vom-06-10-2025-bis-12-10-2025-2\/","url_meta":{"origin":32582,"position":2},"title":"Die atomgro\u00dfe Jazz-Radiowoche vom 06.10.2025 bis 12.10.2025","author":"Martin Hufner","date":"5. Oktober 2025","format":false,"excerpt":"Jazz im Radio \u2013 Jeden Sonntag gibt es um 12 Uhr unsere \u00dcbersicht f\u00fcr die jeweils nachfolgende Woche. Die #Jazz-Radiowoche vom 06.10. bis zum 12.10.2025. Erheblich d\u00fcnn! Auch als PDF zum Download \u2013 #Jazz #JazzZeitung #Radio #Radiowoche \u2013 Ein Service unserer Online-Redaktion.","rel":"","context":"In &quot;News&quot;","block_context":{"text":"News","link":"https:\/\/www.jazzzeitung.de\/cms\/thema\/nachrichten\/"},"img":{"alt_text":"Im G\u00e4stezimmer des Lebens. Foto: Hufner","src":"https:\/\/i0.wp.com\/www.jazzzeitung.de\/cms\/wp-content\/uploads\/2025\/10\/gaestezimmer.jpg?fit=960%2C1200&ssl=1&resize=350%2C200","width":350,"height":200,"srcset":"https:\/\/i0.wp.com\/www.jazzzeitung.de\/cms\/wp-content\/uploads\/2025\/10\/gaestezimmer.jpg?fit=960%2C1200&ssl=1&resize=350%2C200 1x, https:\/\/i0.wp.com\/www.jazzzeitung.de\/cms\/wp-content\/uploads\/2025\/10\/gaestezimmer.jpg?fit=960%2C1200&ssl=1&resize=525%2C300 1.5x, https:\/\/i0.wp.com\/www.jazzzeitung.de\/cms\/wp-content\/uploads\/2025\/10\/gaestezimmer.jpg?fit=960%2C1200&ssl=1&resize=700%2C400 2x"},"classes":[]},{"id":32452,"url":"https:\/\/www.jazzzeitung.de\/cms\/2025\/04\/die-eingeschmolzene-jazz-radiowoche-vom-21-04-2025-bis-27-04-2025\/","url_meta":{"origin":32582,"position":3},"title":"Die eingeschmolzene Jazz-Radiowoche vom 21.04.2025 bis 27.04.2025","author":"Martin Hufner","date":"20. April 2025","format":false,"excerpt":"Jazz im Radio \u2013 Jeden Sonntag gibt es um 12 Uhr unsere \u00dcbersicht f\u00fcr die jeweils nachfolgende Woche. Die #Jazz-Radiowoche vom 21. bis 27. April 2025. Erheblich ausged\u00fcnnt. Auch als PDF zum Download \u2013 #Jazz #JazzZeitung #Radio #Radiowoche \u2013 Ein Service unserer Online-Redaktion.","rel":"","context":"In &quot;News&quot;","block_context":{"text":"News","link":"https:\/\/www.jazzzeitung.de\/cms\/thema\/nachrichten\/"},"img":{"alt_text":"Kn\u00f6pfe. Foto: Hufner","src":"https:\/\/i0.wp.com\/www.jazzzeitung.de\/cms\/wp-content\/uploads\/2025\/04\/knoepfe.jpg?fit=1200%2C900&ssl=1&resize=350%2C200","width":350,"height":200,"srcset":"https:\/\/i0.wp.com\/www.jazzzeitung.de\/cms\/wp-content\/uploads\/2025\/04\/knoepfe.jpg?fit=1200%2C900&ssl=1&resize=350%2C200 1x, https:\/\/i0.wp.com\/www.jazzzeitung.de\/cms\/wp-content\/uploads\/2025\/04\/knoepfe.jpg?fit=1200%2C900&ssl=1&resize=525%2C300 1.5x, https:\/\/i0.wp.com\/www.jazzzeitung.de\/cms\/wp-content\/uploads\/2025\/04\/knoepfe.jpg?fit=1200%2C900&ssl=1&resize=700%2C400 2x, https:\/\/i0.wp.com\/www.jazzzeitung.de\/cms\/wp-content\/uploads\/2025\/04\/knoepfe.jpg?fit=1200%2C900&ssl=1&resize=1050%2C600 3x"},"classes":[]},{"id":33293,"url":"https:\/\/www.jazzzeitung.de\/cms\/2025\/11\/die-quarksminimale-jazz-radiowoche-vom-03-11-2025-bis-09-11-2025\/","url_meta":{"origin":32582,"position":4},"title":"Die quarksminimale Jazz-Radiowoche vom 03.11.2025 bis 09.11.2025","author":"Martin Hufner","date":"2. November 2025","format":false,"excerpt":"Jazz im Radio \u2013 Jeden Sonntag gibt es um 12 Uhr unsere \u00dcbersicht f\u00fcr die jeweils nachfolgende Woche. Die #Jazz-Radiowoche vom 03.11. bis zum 09.11.2025. Erheblich d\u00fcnn! Auch als PDF zum Download \u2013 #Jazz #JazzZeitung #Radio #Radiowoche \u2013 Ein Service unserer Online-Redaktion.","rel":"","context":"In &quot;News&quot;","block_context":{"text":"News","link":"https:\/\/www.jazzzeitung.de\/cms\/thema\/nachrichten\/"},"img":{"alt_text":"Holzstapel. Foto: Hufner","src":"https:\/\/i0.wp.com\/www.jazzzeitung.de\/cms\/wp-content\/uploads\/2025\/10\/Wie-viel.jpg?fit=1200%2C900&ssl=1&resize=350%2C200","width":350,"height":200,"srcset":"https:\/\/i0.wp.com\/www.jazzzeitung.de\/cms\/wp-content\/uploads\/2025\/10\/Wie-viel.jpg?fit=1200%2C900&ssl=1&resize=350%2C200 1x, https:\/\/i0.wp.com\/www.jazzzeitung.de\/cms\/wp-content\/uploads\/2025\/10\/Wie-viel.jpg?fit=1200%2C900&ssl=1&resize=525%2C300 1.5x, https:\/\/i0.wp.com\/www.jazzzeitung.de\/cms\/wp-content\/uploads\/2025\/10\/Wie-viel.jpg?fit=1200%2C900&ssl=1&resize=700%2C400 2x, https:\/\/i0.wp.com\/www.jazzzeitung.de\/cms\/wp-content\/uploads\/2025\/10\/Wie-viel.jpg?fit=1200%2C900&ssl=1&resize=1050%2C600 3x"},"classes":[]},{"id":32215,"url":"https:\/\/www.jazzzeitung.de\/cms\/2025\/02\/die-eingeschmolzene-jazz-radiowoche-vom-17-02-2025-bis-23-02-2025\/","url_meta":{"origin":32582,"position":5},"title":"Die eingeschmolzene Jazz-Radiowoche vom 17.02.2025 bis 23.02.2025","author":"Martin Hufner","date":"16. Februar 2025","format":false,"excerpt":"Jazz im Radio \u2013 Jeden Sonntag gibt es um 12 Uhr unsere \u00dcbersicht f\u00fcr die jeweils nachfolgende Woche. Die #Jazz-Radiowoche vom 10. bis 16. Februar 2025. Erheblich ausged\u00fcnnt. Die ARD schafft ihr Radio gewisserma\u00dfen ab. Auch als PDF zum Download \u2013 #Jazz #JazzZeitung #Radio #Radiowoche \u2013 Ein Service unserer Online-Redaktion.","rel":"","context":"In &quot;News&quot;","block_context":{"text":"News","link":"https:\/\/www.jazzzeitung.de\/cms\/thema\/nachrichten\/"},"img":{"alt_text":"Kunst vorm Bau. Foto: Hufner","src":"https:\/\/i0.wp.com\/www.jazzzeitung.de\/cms\/wp-content\/uploads\/2025\/02\/kunstvormbau.jpg?fit=1080%2C939&ssl=1&resize=350%2C200","width":350,"height":200,"srcset":"https:\/\/i0.wp.com\/www.jazzzeitung.de\/cms\/wp-content\/uploads\/2025\/02\/kunstvormbau.jpg?fit=1080%2C939&ssl=1&resize=350%2C200 1x, https:\/\/i0.wp.com\/www.jazzzeitung.de\/cms\/wp-content\/uploads\/2025\/02\/kunstvormbau.jpg?fit=1080%2C939&ssl=1&resize=525%2C300 1.5x, https:\/\/i0.wp.com\/www.jazzzeitung.de\/cms\/wp-content\/uploads\/2025\/02\/kunstvormbau.jpg?fit=1080%2C939&ssl=1&resize=700%2C400 2x, https:\/\/i0.wp.com\/www.jazzzeitung.de\/cms\/wp-content\/uploads\/2025\/02\/kunstvormbau.jpg?fit=1080%2C939&ssl=1&resize=1050%2C600 3x"},"classes":[]}],"jetpack_sharing_enabled":false,"_links":{"self":[{"href":"https:\/\/www.jazzzeitung.de\/cms\/wp-json\/wp\/v2\/posts\/32582","targetHints":{"allow":["GET"]}}],"collection":[{"href":"https:\/\/www.jazzzeitung.de\/cms\/wp-json\/wp\/v2\/posts"}],"about":[{"href":"https:\/\/www.jazzzeitung.de\/cms\/wp-json\/wp\/v2\/types\/post"}],"author":[{"embeddable":true,"href":"https:\/\/www.jazzzeitung.de\/cms\/wp-json\/wp\/v2\/users\/1"}],"replies":[{"embeddable":true,"href":"https:\/\/www.jazzzeitung.de\/cms\/wp-json\/wp\/v2\/comments?post=32582"}],"version-history":[{"count":2,"href":"https:\/\/www.jazzzeitung.de\/cms\/wp-json\/wp\/v2\/posts\/32582\/revisions"}],"predecessor-version":[{"id":32586,"href":"https:\/\/www.jazzzeitung.de\/cms\/wp-json\/wp\/v2\/posts\/32582\/revisions\/32586"}],"wp:featuredmedia":[{"embeddable":true,"href":"https:\/\/www.jazzzeitung.de\/cms\/wp-json\/wp\/v2\/media\/32584"}],"wp:attachment":[{"href":"https:\/\/www.jazzzeitung.de\/cms\/wp-json\/wp\/v2\/media?parent=32582"}],"wp:term":[{"taxonomy":"category","embeddable":true,"href":"https:\/\/www.jazzzeitung.de\/cms\/wp-json\/wp\/v2\/categories?post=32582"},{"taxonomy":"post_tag","embeddable":true,"href":"https:\/\/www.jazzzeitung.de\/cms\/wp-json\/wp\/v2\/tags?post=32582"},{"taxonomy":"author","embeddable":true,"href":"https:\/\/www.jazzzeitung.de\/cms\/wp-json\/wp\/v2\/coauthors?post=32582"}],"curies":[{"name":"wp","href":"https:\/\/api.w.org\/{rel}","templated":true}]}}