{"id":32558,"date":"2025-05-21T10:04:34","date_gmt":"2025-05-21T08:04:34","guid":{"rendered":"https:\/\/www.jazzzeitung.de\/cms\/?p=32558"},"modified":"2025-05-21T10:04:34","modified_gmt":"2025-05-21T08:04:34","slug":"like-a-jazz-machine-festival-feines-finale","status":"publish","type":"post","link":"https:\/\/www.jazzzeitung.de\/cms\/2025\/05\/like-a-jazz-machine-festival-feines-finale\/","title":{"rendered":"&#8222;Like A Jazz Machine&#8220;-Festival: Feines Finale"},"content":{"rendered":"<p><strong>(Text\/Fotos: Oliver Hochkeppel) Das 13. \u201eLike A Jazz Machine\u201c-Festival im luxemburgischen Dudelange best\u00e4tigte seinen Rang als eines der interessantesten europ\u00e4ischen Jazzfestivals \u2013 doch Vieles wird sich nun \u00e4ndern.<\/strong><\/p>\n<p>\u201eWenn das so toll weitergeht mit den Konzerten, dann wird es nicht auszuhalten sein\u201c, scherzte Patricia Jochheim schon am Donnerstag, dem ersten \u201erichtigen\u201c von von f\u00fcnf Festivaltagen mit drei Konzerten im Kulturzentrum Opderschmelz, nach dem \u201eTeaser\u201c mit Jozef Dumoulin und Lynn Cassiers am Mittwochabend in der Kirche St. Martin. Ein Humor, der einem zuk\u00fcnftig fehlen wird: Jochheim, die das Programm seit 2018 zusammengestellt hat, geht nun mit 64 in Rente. Als Angestellte im \u00f6ffentlichen Dienst kann sie nicht anders, denn der Veranstalter des Festivals wie des Kulturzentrums ist ja die Stadt D\u00fcdelingen beziehungsweise Diddeleng oder Dudelange, wie sie im mehrsprachigen Luxemburg auch hei\u00dft.<\/p>\n<h3>Ordentliches Umkrempeln<\/h3>\n<p>Der Direktor des Kulturzentrums John Rech nimmt dies nun zum Anlass, das \u201eLike A Jazz Machine\u201c ordentlich umzukrempeln. Zun\u00e4chst einmal wird das Fr\u00fchlings- zum Herbstfestival und zieht vom angestammten Mai-Termin auf den Oktober um. Rech begr\u00fcndet das zum einen damit, dass bislang immer ein Feiertag dabei war, an dem Personal und Technik viel teurer sind. Au\u00dferdem sei das kleine Team mit der raschen Abfolge von \u201eZeltik\u201c (dem keltischen Weltmusikfestival), \u201eLike A Jazz Machine\u201c, \u201eUsina\u201c (einem Pop-Festival) und der \u201eFete de la Musique\u201c von M\u00e4rz bis Juni \u00fcberlastet. Es k\u00f6nnte aber nat\u00fcrlich auch sein, dass Rech, der Comics zeichnet, in einer Folkband spielt und eben kein ausgewiesener Jazzkenner und -freund ist, die Gewichte verschieben will.<\/p>\n<p>Daf\u00fcr spricht auch, dass er nur noch zwei Tage mit mehreren Konzerten im ideal daf\u00fcr ausgestatteten Kulturzentrum Opderschmelz machen will. Daf\u00fcr soll es \u201ein die Stadt und zu den Leuten gehen\u201c, also in Restaurants, eine neue Weinhandlung und \u00c4hnlichem. Man kennt das vom \u201eJazz in der Altstadt\u201c oder \u201eJazz in den Kneipen\u201c auf vielen Festivals \u2013 meist um den Preis, dass sich reichlich Blues- und Pop-Bands ins Programm schmuggeln. Mit Danny Epstein gibt es auch einen neuen, sehr jungen, im Jazz nicht sehr erfahrenen Booker.<\/p>\n<div class=\"tiled-gallery type-rectangular tiled-gallery-unresized\" data-original-width=\"840\" data-carousel-extra='{&quot;blog_id&quot;:1,&quot;permalink&quot;:&quot;https:\\\/\\\/www.jazzzeitung.de\\\/cms\\\/2025\\\/05\\\/like-a-jazz-machine-festival-feines-finale\\\/&quot;,&quot;likes_blog_id&quot;:55446655}' itemscope itemtype=\"http:\/\/schema.org\/ImageGallery\" > <div class=\"gallery-row\" style=\"width: 840px; height: 376px;\" data-original-width=\"840\" data-original-height=\"376\" > <div class=\"gallery-group images-1\" style=\"width: 561px; height: 376px;\" data-original-width=\"561\" data-original-height=\"376\" > <div class=\"tiled-gallery-item tiled-gallery-item-large\" itemprop=\"associatedMedia\" itemscope itemtype=\"http:\/\/schema.org\/ImageObject\"> <a href=\"https:\/\/www.jazzzeitung.de\/cms\/2025\/05\/like-a-jazz-machine-festival-feines-finale\/benoitmartiny4_oliverhochkeppel100525\/\" border=\"0\" itemprop=\"url\"> <meta itemprop=\"width\" content=\"557\"> <meta itemprop=\"height\" content=\"372\"> <img decoding=\"async\" class=\"\" data-attachment-id=\"32570\" data-orig-file=\"https:\/\/www.jazzzeitung.de\/cms\/wp-content\/uploads\/2025\/05\/BenoitMartiny4_OliverHochkeppel100525-scaled.jpg\" data-orig-size=\"2560,1708\" data-comments-opened=\"1\" data-image-meta=\"{&quot;aperture&quot;:&quot;0&quot;,&quot;credit&quot;:&quot;&quot;,&quot;camera&quot;:&quot;ILCE-7M3&quot;,&quot;caption&quot;:&quot;&quot;,&quot;created_timestamp&quot;:&quot;1746917424&quot;,&quot;copyright&quot;:&quot;&quot;,&quot;focal_length&quot;:&quot;0&quot;,&quot;iso&quot;:&quot;3200&quot;,&quot;shutter_speed&quot;:&quot;0&quot;,&quot;title&quot;:&quot;&quot;,&quot;orientation&quot;:&quot;0&quot;}\" data-image-title=\"BenoitMartiny4_OliverHochkeppel100525\" data-image-description=\"\" data-medium-file=\"https:\/\/i0.wp.com\/www.jazzzeitung.de\/cms\/wp-content\/uploads\/2025\/05\/BenoitMartiny4_OliverHochkeppel100525-scaled.jpg?fit=300%2C200&#038;ssl=1\" data-large-file=\"https:\/\/i0.wp.com\/www.jazzzeitung.de\/cms\/wp-content\/uploads\/2025\/05\/BenoitMartiny4_OliverHochkeppel100525-scaled.jpg?fit=840%2C560&#038;ssl=1\" src=\"https:\/\/i0.wp.com\/www.jazzzeitung.de\/cms\/wp-content\/uploads\/2025\/05\/BenoitMartiny4_OliverHochkeppel100525-scaled.jpg?w=557&#038;h=372&#038;ssl=1\" srcset=\"https:\/\/i0.wp.com\/www.jazzzeitung.de\/cms\/wp-content\/uploads\/2025\/05\/BenoitMartiny4_OliverHochkeppel100525-scaled.jpg?w=2560&amp;ssl=1 2560w, https:\/\/i0.wp.com\/www.jazzzeitung.de\/cms\/wp-content\/uploads\/2025\/05\/BenoitMartiny4_OliverHochkeppel100525-scaled.jpg?resize=300%2C200&amp;ssl=1 300w, https:\/\/i0.wp.com\/www.jazzzeitung.de\/cms\/wp-content\/uploads\/2025\/05\/BenoitMartiny4_OliverHochkeppel100525-scaled.jpg?resize=900%2C600&amp;ssl=1 900w, https:\/\/i0.wp.com\/www.jazzzeitung.de\/cms\/wp-content\/uploads\/2025\/05\/BenoitMartiny4_OliverHochkeppel100525-scaled.jpg?resize=768%2C512&amp;ssl=1 768w, https:\/\/i0.wp.com\/www.jazzzeitung.de\/cms\/wp-content\/uploads\/2025\/05\/BenoitMartiny4_OliverHochkeppel100525-scaled.jpg?resize=1536%2C1025&amp;ssl=1 1536w, https:\/\/i0.wp.com\/www.jazzzeitung.de\/cms\/wp-content\/uploads\/2025\/05\/BenoitMartiny4_OliverHochkeppel100525-scaled.jpg?resize=2048%2C1366&amp;ssl=1 2048w, https:\/\/i0.wp.com\/www.jazzzeitung.de\/cms\/wp-content\/uploads\/2025\/05\/BenoitMartiny4_OliverHochkeppel100525-scaled.jpg?resize=120%2C80&amp;ssl=1 120w, https:\/\/i0.wp.com\/www.jazzzeitung.de\/cms\/wp-content\/uploads\/2025\/05\/BenoitMartiny4_OliverHochkeppel100525-scaled.jpg?resize=1320%2C881&amp;ssl=1 1320w, https:\/\/i0.wp.com\/www.jazzzeitung.de\/cms\/wp-content\/uploads\/2025\/05\/BenoitMartiny4_OliverHochkeppel100525-scaled.jpg?w=1680&amp;ssl=1 1680w\" width=\"557\" height=\"372\" loading=\"lazy\" data-original-width=\"557\" data-original-height=\"372\" itemprop=\"http:\/\/schema.org\/image\" title=\"BenoitMartiny4_OliverHochkeppel100525\" alt=\"BenoitMartiny4_OliverHochkeppel100525\" style=\"width: 557px; height: 372px;\" \/> <\/a> <\/div> <\/div> <!-- close group --> <div class=\"gallery-group images-2\" style=\"width: 279px; height: 376px;\" data-original-width=\"279\" data-original-height=\"376\" > <div class=\"tiled-gallery-item tiled-gallery-item-large\" itemprop=\"associatedMedia\" itemscope itemtype=\"http:\/\/schema.org\/ImageObject\"> <a href=\"https:\/\/www.jazzzeitung.de\/cms\/2025\/05\/like-a-jazz-machine-festival-feines-finale\/boyanz_claireparsons2_oliverhochkeppe080525\/\" border=\"0\" itemprop=\"url\"> <meta itemprop=\"width\" content=\"275\"> <meta itemprop=\"height\" content=\"184\"> <img decoding=\"async\" class=\"\" data-attachment-id=\"32571\" data-orig-file=\"https:\/\/www.jazzzeitung.de\/cms\/wp-content\/uploads\/2025\/05\/BoyanZ_ClaireParsons2_OliverHochkeppe080525-scaled.jpg\" data-orig-size=\"2560,1716\" data-comments-opened=\"1\" data-image-meta=\"{&quot;aperture&quot;:&quot;0&quot;,&quot;credit&quot;:&quot;&quot;,&quot;camera&quot;:&quot;ILCE-7M3&quot;,&quot;caption&quot;:&quot;&quot;,&quot;created_timestamp&quot;:&quot;1746736698&quot;,&quot;copyright&quot;:&quot;&quot;,&quot;focal_length&quot;:&quot;0&quot;,&quot;iso&quot;:&quot;4000&quot;,&quot;shutter_speed&quot;:&quot;0&quot;,&quot;title&quot;:&quot;&quot;,&quot;orientation&quot;:&quot;0&quot;}\" data-image-title=\"BoyanZ_ClaireParsons2_OliverHochkeppe080525\" data-image-description=\"\" data-medium-file=\"https:\/\/i0.wp.com\/www.jazzzeitung.de\/cms\/wp-content\/uploads\/2025\/05\/BoyanZ_ClaireParsons2_OliverHochkeppe080525-scaled.jpg?fit=300%2C201&#038;ssl=1\" data-large-file=\"https:\/\/i0.wp.com\/www.jazzzeitung.de\/cms\/wp-content\/uploads\/2025\/05\/BoyanZ_ClaireParsons2_OliverHochkeppe080525-scaled.jpg?fit=840%2C563&#038;ssl=1\" src=\"https:\/\/i0.wp.com\/www.jazzzeitung.de\/cms\/wp-content\/uploads\/2025\/05\/BoyanZ_ClaireParsons2_OliverHochkeppe080525-scaled.jpg?w=275&#038;h=184&#038;ssl=1\" srcset=\"https:\/\/i0.wp.com\/www.jazzzeitung.de\/cms\/wp-content\/uploads\/2025\/05\/BoyanZ_ClaireParsons2_OliverHochkeppe080525-scaled.jpg?w=2560&amp;ssl=1 2560w, https:\/\/i0.wp.com\/www.jazzzeitung.de\/cms\/wp-content\/uploads\/2025\/05\/BoyanZ_ClaireParsons2_OliverHochkeppe080525-scaled.jpg?resize=300%2C201&amp;ssl=1 300w, https:\/\/i0.wp.com\/www.jazzzeitung.de\/cms\/wp-content\/uploads\/2025\/05\/BoyanZ_ClaireParsons2_OliverHochkeppe080525-scaled.jpg?resize=895%2C600&amp;ssl=1 895w, https:\/\/i0.wp.com\/www.jazzzeitung.de\/cms\/wp-content\/uploads\/2025\/05\/BoyanZ_ClaireParsons2_OliverHochkeppe080525-scaled.jpg?resize=768%2C515&amp;ssl=1 768w, https:\/\/i0.wp.com\/www.jazzzeitung.de\/cms\/wp-content\/uploads\/2025\/05\/BoyanZ_ClaireParsons2_OliverHochkeppe080525-scaled.jpg?resize=1536%2C1030&amp;ssl=1 1536w, https:\/\/i0.wp.com\/www.jazzzeitung.de\/cms\/wp-content\/uploads\/2025\/05\/BoyanZ_ClaireParsons2_OliverHochkeppe080525-scaled.jpg?resize=2048%2C1373&amp;ssl=1 2048w, https:\/\/i0.wp.com\/www.jazzzeitung.de\/cms\/wp-content\/uploads\/2025\/05\/BoyanZ_ClaireParsons2_OliverHochkeppe080525-scaled.jpg?resize=120%2C80&amp;ssl=1 120w, https:\/\/i0.wp.com\/www.jazzzeitung.de\/cms\/wp-content\/uploads\/2025\/05\/BoyanZ_ClaireParsons2_OliverHochkeppe080525-scaled.jpg?resize=1320%2C885&amp;ssl=1 1320w, https:\/\/i0.wp.com\/www.jazzzeitung.de\/cms\/wp-content\/uploads\/2025\/05\/BoyanZ_ClaireParsons2_OliverHochkeppe080525-scaled.jpg?w=1680&amp;ssl=1 1680w\" width=\"275\" height=\"184\" loading=\"lazy\" data-original-width=\"275\" data-original-height=\"184\" itemprop=\"http:\/\/schema.org\/image\" title=\"BoyanZ_ClaireParsons2_OliverHochkeppe080525\" alt=\"BoyanZ_ClaireParsons2_OliverHochkeppe080525\" style=\"width: 275px; height: 184px;\" \/> <\/a> <\/div> <div class=\"tiled-gallery-item tiled-gallery-item-large\" itemprop=\"associatedMedia\" itemscope itemtype=\"http:\/\/schema.org\/ImageObject\"> <a href=\"https:\/\/www.jazzzeitung.de\/cms\/2025\/05\/like-a-jazz-machine-festival-feines-finale\/boyanz3_oliverhochkeppe080525\/\" border=\"0\" itemprop=\"url\"> <meta itemprop=\"width\" content=\"275\"> <meta itemprop=\"height\" content=\"184\"> <img decoding=\"async\" class=\"\" data-attachment-id=\"32572\" data-orig-file=\"https:\/\/www.jazzzeitung.de\/cms\/wp-content\/uploads\/2025\/05\/BoyanZ3_OliverHochkeppe080525-scaled.jpg\" data-orig-size=\"2560,1707\" data-comments-opened=\"1\" data-image-meta=\"{&quot;aperture&quot;:&quot;0&quot;,&quot;credit&quot;:&quot;&quot;,&quot;camera&quot;:&quot;ILCE-7M3&quot;,&quot;caption&quot;:&quot;&quot;,&quot;created_timestamp&quot;:&quot;1746735904&quot;,&quot;copyright&quot;:&quot;&quot;,&quot;focal_length&quot;:&quot;0&quot;,&quot;iso&quot;:&quot;4000&quot;,&quot;shutter_speed&quot;:&quot;0&quot;,&quot;title&quot;:&quot;&quot;,&quot;orientation&quot;:&quot;0&quot;}\" data-image-title=\"BoyanZ3_OliverHochkeppe080525\" data-image-description=\"\" data-medium-file=\"https:\/\/i0.wp.com\/www.jazzzeitung.de\/cms\/wp-content\/uploads\/2025\/05\/BoyanZ3_OliverHochkeppe080525-scaled.jpg?fit=300%2C200&#038;ssl=1\" data-large-file=\"https:\/\/i0.wp.com\/www.jazzzeitung.de\/cms\/wp-content\/uploads\/2025\/05\/BoyanZ3_OliverHochkeppe080525-scaled.jpg?fit=840%2C560&#038;ssl=1\" src=\"https:\/\/i0.wp.com\/www.jazzzeitung.de\/cms\/wp-content\/uploads\/2025\/05\/BoyanZ3_OliverHochkeppe080525-scaled.jpg?w=275&#038;h=184&#038;ssl=1\" srcset=\"https:\/\/i0.wp.com\/www.jazzzeitung.de\/cms\/wp-content\/uploads\/2025\/05\/BoyanZ3_OliverHochkeppe080525-scaled.jpg?w=2560&amp;ssl=1 2560w, https:\/\/i0.wp.com\/www.jazzzeitung.de\/cms\/wp-content\/uploads\/2025\/05\/BoyanZ3_OliverHochkeppe080525-scaled.jpg?resize=300%2C200&amp;ssl=1 300w, https:\/\/i0.wp.com\/www.jazzzeitung.de\/cms\/wp-content\/uploads\/2025\/05\/BoyanZ3_OliverHochkeppe080525-scaled.jpg?resize=900%2C600&amp;ssl=1 900w, https:\/\/i0.wp.com\/www.jazzzeitung.de\/cms\/wp-content\/uploads\/2025\/05\/BoyanZ3_OliverHochkeppe080525-scaled.jpg?resize=768%2C512&amp;ssl=1 768w, https:\/\/i0.wp.com\/www.jazzzeitung.de\/cms\/wp-content\/uploads\/2025\/05\/BoyanZ3_OliverHochkeppe080525-scaled.jpg?resize=1536%2C1024&amp;ssl=1 1536w, https:\/\/i0.wp.com\/www.jazzzeitung.de\/cms\/wp-content\/uploads\/2025\/05\/BoyanZ3_OliverHochkeppe080525-scaled.jpg?resize=2048%2C1365&amp;ssl=1 2048w, https:\/\/i0.wp.com\/www.jazzzeitung.de\/cms\/wp-content\/uploads\/2025\/05\/BoyanZ3_OliverHochkeppe080525-scaled.jpg?resize=120%2C80&amp;ssl=1 120w, https:\/\/i0.wp.com\/www.jazzzeitung.de\/cms\/wp-content\/uploads\/2025\/05\/BoyanZ3_OliverHochkeppe080525-scaled.jpg?resize=1320%2C880&amp;ssl=1 1320w, https:\/\/i0.wp.com\/www.jazzzeitung.de\/cms\/wp-content\/uploads\/2025\/05\/BoyanZ3_OliverHochkeppe080525-scaled.jpg?w=1680&amp;ssl=1 1680w\" width=\"275\" height=\"184\" loading=\"lazy\" data-original-width=\"275\" data-original-height=\"184\" itemprop=\"http:\/\/schema.org\/image\" title=\"BoyanZ3_OliverHochkeppe080525\" alt=\"BoyanZ3_OliverHochkeppe080525\" style=\"width: 275px; height: 184px;\" \/> <\/a> <\/div> <\/div> <!-- close group --> <\/div> <!-- close row --> <div class=\"gallery-row\" style=\"width: 840px; height: 536px;\" data-original-width=\"840\" data-original-height=\"536\" > <div class=\"gallery-group images-2\" style=\"width: 408px; height: 536px;\" data-original-width=\"408\" data-original-height=\"536\" > <div class=\"tiled-gallery-item tiled-gallery-item-large\" itemprop=\"associatedMedia\" itemscope itemtype=\"http:\/\/schema.org\/ImageObject\"> <a href=\"https:\/\/www.jazzzeitung.de\/cms\/2025\/05\/like-a-jazz-machine-festival-feines-finale\/chicofreeman_band2_oliverhochkeppe090525\/\" border=\"0\" itemprop=\"url\"> <meta itemprop=\"width\" content=\"404\"> <meta itemprop=\"height\" content=\"302\"> <img decoding=\"async\" class=\"\" data-attachment-id=\"32573\" data-orig-file=\"https:\/\/www.jazzzeitung.de\/cms\/wp-content\/uploads\/2025\/05\/ChicoFreeman_Band2_OliverHochkeppe090525-scaled.jpg\" data-orig-size=\"2560,1915\" data-comments-opened=\"1\" data-image-meta=\"{&quot;aperture&quot;:&quot;0&quot;,&quot;credit&quot;:&quot;&quot;,&quot;camera&quot;:&quot;ILCE-7M3&quot;,&quot;caption&quot;:&quot;&quot;,&quot;created_timestamp&quot;:&quot;1746827597&quot;,&quot;copyright&quot;:&quot;&quot;,&quot;focal_length&quot;:&quot;0&quot;,&quot;iso&quot;:&quot;5000&quot;,&quot;shutter_speed&quot;:&quot;0&quot;,&quot;title&quot;:&quot;&quot;,&quot;orientation&quot;:&quot;0&quot;}\" data-image-title=\"ChicoFreeman_Band2_OliverHochkeppe090525\" data-image-description=\"\" data-medium-file=\"https:\/\/i0.wp.com\/www.jazzzeitung.de\/cms\/wp-content\/uploads\/2025\/05\/ChicoFreeman_Band2_OliverHochkeppe090525-scaled.jpg?fit=300%2C224&#038;ssl=1\" data-large-file=\"https:\/\/i0.wp.com\/www.jazzzeitung.de\/cms\/wp-content\/uploads\/2025\/05\/ChicoFreeman_Band2_OliverHochkeppe090525-scaled.jpg?fit=802%2C600&#038;ssl=1\" src=\"https:\/\/i0.wp.com\/www.jazzzeitung.de\/cms\/wp-content\/uploads\/2025\/05\/ChicoFreeman_Band2_OliverHochkeppe090525-scaled.jpg?w=404&#038;h=302&#038;ssl=1\" srcset=\"https:\/\/i0.wp.com\/www.jazzzeitung.de\/cms\/wp-content\/uploads\/2025\/05\/ChicoFreeman_Band2_OliverHochkeppe090525-scaled.jpg?w=2560&amp;ssl=1 2560w, https:\/\/i0.wp.com\/www.jazzzeitung.de\/cms\/wp-content\/uploads\/2025\/05\/ChicoFreeman_Band2_OliverHochkeppe090525-scaled.jpg?resize=300%2C224&amp;ssl=1 300w, https:\/\/i0.wp.com\/www.jazzzeitung.de\/cms\/wp-content\/uploads\/2025\/05\/ChicoFreeman_Band2_OliverHochkeppe090525-scaled.jpg?resize=802%2C600&amp;ssl=1 802w, https:\/\/i0.wp.com\/www.jazzzeitung.de\/cms\/wp-content\/uploads\/2025\/05\/ChicoFreeman_Band2_OliverHochkeppe090525-scaled.jpg?resize=768%2C574&amp;ssl=1 768w, https:\/\/i0.wp.com\/www.jazzzeitung.de\/cms\/wp-content\/uploads\/2025\/05\/ChicoFreeman_Band2_OliverHochkeppe090525-scaled.jpg?resize=1536%2C1149&amp;ssl=1 1536w, https:\/\/i0.wp.com\/www.jazzzeitung.de\/cms\/wp-content\/uploads\/2025\/05\/ChicoFreeman_Band2_OliverHochkeppe090525-scaled.jpg?resize=2048%2C1532&amp;ssl=1 2048w, https:\/\/i0.wp.com\/www.jazzzeitung.de\/cms\/wp-content\/uploads\/2025\/05\/ChicoFreeman_Band2_OliverHochkeppe090525-scaled.jpg?resize=1320%2C987&amp;ssl=1 1320w, https:\/\/i0.wp.com\/www.jazzzeitung.de\/cms\/wp-content\/uploads\/2025\/05\/ChicoFreeman_Band2_OliverHochkeppe090525-scaled.jpg?w=1680&amp;ssl=1 1680w\" width=\"404\" height=\"302\" loading=\"lazy\" data-original-width=\"404\" data-original-height=\"302\" itemprop=\"http:\/\/schema.org\/image\" title=\"ChicoFreeman_Band2_OliverHochkeppe090525\" alt=\"ChicoFreeman_Band2_OliverHochkeppe090525\" style=\"width: 404px; height: 302px;\" \/> <\/a> <\/div> <div class=\"tiled-gallery-item tiled-gallery-item-large\" itemprop=\"associatedMedia\" itemscope itemtype=\"http:\/\/schema.org\/ImageObject\"> <a href=\"https:\/\/www.jazzzeitung.de\/cms\/2025\/05\/like-a-jazz-machine-festival-feines-finale\/chicofreeman_band4_oliverhochkeppe090525\/\" border=\"0\" itemprop=\"url\"> <meta itemprop=\"width\" content=\"404\"> <meta itemprop=\"height\" content=\"226\"> <img decoding=\"async\" class=\"\" data-attachment-id=\"32574\" data-orig-file=\"https:\/\/www.jazzzeitung.de\/cms\/wp-content\/uploads\/2025\/05\/ChicoFreeman_Band4_OliverHochkeppe090525-scaled.jpg\" data-orig-size=\"2560,1432\" data-comments-opened=\"1\" data-image-meta=\"{&quot;aperture&quot;:&quot;0&quot;,&quot;credit&quot;:&quot;&quot;,&quot;camera&quot;:&quot;ILCE-7M3&quot;,&quot;caption&quot;:&quot;&quot;,&quot;created_timestamp&quot;:&quot;1746828738&quot;,&quot;copyright&quot;:&quot;&quot;,&quot;focal_length&quot;:&quot;0&quot;,&quot;iso&quot;:&quot;5000&quot;,&quot;shutter_speed&quot;:&quot;0&quot;,&quot;title&quot;:&quot;&quot;,&quot;orientation&quot;:&quot;0&quot;}\" data-image-title=\"ChicoFreeman_Band4_OliverHochkeppe090525\" data-image-description=\"\" data-medium-file=\"https:\/\/i0.wp.com\/www.jazzzeitung.de\/cms\/wp-content\/uploads\/2025\/05\/ChicoFreeman_Band4_OliverHochkeppe090525-scaled.jpg?fit=300%2C168&#038;ssl=1\" data-large-file=\"https:\/\/i0.wp.com\/www.jazzzeitung.de\/cms\/wp-content\/uploads\/2025\/05\/ChicoFreeman_Band4_OliverHochkeppe090525-scaled.jpg?fit=840%2C470&#038;ssl=1\" src=\"https:\/\/i0.wp.com\/www.jazzzeitung.de\/cms\/wp-content\/uploads\/2025\/05\/ChicoFreeman_Band4_OliverHochkeppe090525-scaled.jpg?w=404&#038;h=226&#038;ssl=1\" srcset=\"https:\/\/i0.wp.com\/www.jazzzeitung.de\/cms\/wp-content\/uploads\/2025\/05\/ChicoFreeman_Band4_OliverHochkeppe090525-scaled.jpg?w=2560&amp;ssl=1 2560w, https:\/\/i0.wp.com\/www.jazzzeitung.de\/cms\/wp-content\/uploads\/2025\/05\/ChicoFreeman_Band4_OliverHochkeppe090525-scaled.jpg?resize=300%2C168&amp;ssl=1 300w, https:\/\/i0.wp.com\/www.jazzzeitung.de\/cms\/wp-content\/uploads\/2025\/05\/ChicoFreeman_Band4_OliverHochkeppe090525-scaled.jpg?resize=900%2C504&amp;ssl=1 900w, https:\/\/i0.wp.com\/www.jazzzeitung.de\/cms\/wp-content\/uploads\/2025\/05\/ChicoFreeman_Band4_OliverHochkeppe090525-scaled.jpg?resize=768%2C430&amp;ssl=1 768w, https:\/\/i0.wp.com\/www.jazzzeitung.de\/cms\/wp-content\/uploads\/2025\/05\/ChicoFreeman_Band4_OliverHochkeppe090525-scaled.jpg?resize=1536%2C859&amp;ssl=1 1536w, https:\/\/i0.wp.com\/www.jazzzeitung.de\/cms\/wp-content\/uploads\/2025\/05\/ChicoFreeman_Band4_OliverHochkeppe090525-scaled.jpg?resize=2048%2C1146&amp;ssl=1 2048w, https:\/\/i0.wp.com\/www.jazzzeitung.de\/cms\/wp-content\/uploads\/2025\/05\/ChicoFreeman_Band4_OliverHochkeppe090525-scaled.jpg?resize=1320%2C739&amp;ssl=1 1320w, https:\/\/i0.wp.com\/www.jazzzeitung.de\/cms\/wp-content\/uploads\/2025\/05\/ChicoFreeman_Band4_OliverHochkeppe090525-scaled.jpg?w=1680&amp;ssl=1 1680w\" width=\"404\" height=\"226\" loading=\"lazy\" data-original-width=\"404\" data-original-height=\"226\" itemprop=\"http:\/\/schema.org\/image\" title=\"ChicoFreeman_Band4_OliverHochkeppe090525\" alt=\"ChicoFreeman_Band4_OliverHochkeppe090525\" style=\"width: 404px; height: 226px;\" \/> <\/a> <\/div> <\/div> <!-- close group --> <div class=\"gallery-group images-1\" style=\"width: 432px; height: 536px;\" data-original-width=\"432\" data-original-height=\"536\" > <div class=\"tiled-gallery-item tiled-gallery-item-large\" itemprop=\"associatedMedia\" itemscope itemtype=\"http:\/\/schema.org\/ImageObject\"> <a href=\"https:\/\/www.jazzzeitung.de\/cms\/2025\/05\/like-a-jazz-machine-festival-feines-finale\/chicofreeman_retoweberduo1_oliverhochkeppe090525\/\" border=\"0\" itemprop=\"url\"> <meta itemprop=\"width\" content=\"428\"> <meta itemprop=\"height\" content=\"532\"> <img decoding=\"async\" class=\"\" data-attachment-id=\"32575\" data-orig-file=\"https:\/\/www.jazzzeitung.de\/cms\/wp-content\/uploads\/2025\/05\/ChicoFreeman_RetoWeberDuo1_OliverHochkeppe090525-scaled.jpg\" data-orig-size=\"2057,2560\" data-comments-opened=\"1\" data-image-meta=\"{&quot;aperture&quot;:&quot;0&quot;,&quot;credit&quot;:&quot;&quot;,&quot;camera&quot;:&quot;ILCE-7M3&quot;,&quot;caption&quot;:&quot;&quot;,&quot;created_timestamp&quot;:&quot;1746828233&quot;,&quot;copyright&quot;:&quot;&quot;,&quot;focal_length&quot;:&quot;0&quot;,&quot;iso&quot;:&quot;5000&quot;,&quot;shutter_speed&quot;:&quot;0&quot;,&quot;title&quot;:&quot;&quot;,&quot;orientation&quot;:&quot;0&quot;}\" data-image-title=\"ChicoFreeman_RetoWeberDuo1_OliverHochkeppe090525\" data-image-description=\"\" data-medium-file=\"https:\/\/i0.wp.com\/www.jazzzeitung.de\/cms\/wp-content\/uploads\/2025\/05\/ChicoFreeman_RetoWeberDuo1_OliverHochkeppe090525-scaled.jpg?fit=241%2C300&#038;ssl=1\" data-large-file=\"https:\/\/i0.wp.com\/www.jazzzeitung.de\/cms\/wp-content\/uploads\/2025\/05\/ChicoFreeman_RetoWeberDuo1_OliverHochkeppe090525-scaled.jpg?fit=482%2C600&#038;ssl=1\" src=\"https:\/\/i0.wp.com\/www.jazzzeitung.de\/cms\/wp-content\/uploads\/2025\/05\/ChicoFreeman_RetoWeberDuo1_OliverHochkeppe090525-scaled.jpg?w=428&#038;h=532&#038;ssl=1\" srcset=\"https:\/\/i0.wp.com\/www.jazzzeitung.de\/cms\/wp-content\/uploads\/2025\/05\/ChicoFreeman_RetoWeberDuo1_OliverHochkeppe090525-scaled.jpg?w=2057&amp;ssl=1 2057w, https:\/\/i0.wp.com\/www.jazzzeitung.de\/cms\/wp-content\/uploads\/2025\/05\/ChicoFreeman_RetoWeberDuo1_OliverHochkeppe090525-scaled.jpg?resize=241%2C300&amp;ssl=1 241w, https:\/\/i0.wp.com\/www.jazzzeitung.de\/cms\/wp-content\/uploads\/2025\/05\/ChicoFreeman_RetoWeberDuo1_OliverHochkeppe090525-scaled.jpg?resize=482%2C600&amp;ssl=1 482w, https:\/\/i0.wp.com\/www.jazzzeitung.de\/cms\/wp-content\/uploads\/2025\/05\/ChicoFreeman_RetoWeberDuo1_OliverHochkeppe090525-scaled.jpg?resize=768%2C956&amp;ssl=1 768w, https:\/\/i0.wp.com\/www.jazzzeitung.de\/cms\/wp-content\/uploads\/2025\/05\/ChicoFreeman_RetoWeberDuo1_OliverHochkeppe090525-scaled.jpg?resize=1234%2C1536&amp;ssl=1 1234w, https:\/\/i0.wp.com\/www.jazzzeitung.de\/cms\/wp-content\/uploads\/2025\/05\/ChicoFreeman_RetoWeberDuo1_OliverHochkeppe090525-scaled.jpg?resize=1646%2C2048&amp;ssl=1 1646w, https:\/\/i0.wp.com\/www.jazzzeitung.de\/cms\/wp-content\/uploads\/2025\/05\/ChicoFreeman_RetoWeberDuo1_OliverHochkeppe090525-scaled.jpg?resize=1320%2C1643&amp;ssl=1 1320w\" width=\"428\" height=\"532\" loading=\"lazy\" data-original-width=\"428\" data-original-height=\"532\" itemprop=\"http:\/\/schema.org\/image\" title=\"ChicoFreeman_RetoWeberDuo1_OliverHochkeppe090525\" alt=\"ChicoFreeman_RetoWeberDuo1_OliverHochkeppe090525\" style=\"width: 428px; height: 532px;\" \/> <\/a> <\/div> <\/div> <!-- close group --> <\/div> <!-- close row --> <div class=\"gallery-row\" style=\"width: 840px; height: 234px;\" data-original-width=\"840\" data-original-height=\"234\" > <div class=\"gallery-group images-1\" style=\"width: 347px; height: 234px;\" data-original-width=\"347\" data-original-height=\"234\" > <div class=\"tiled-gallery-item tiled-gallery-item-large\" itemprop=\"associatedMedia\" itemscope itemtype=\"http:\/\/schema.org\/ImageObject\"> <a href=\"https:\/\/www.jazzzeitung.de\/cms\/2025\/05\/like-a-jazz-machine-festival-feines-finale\/chicofreeman4_oliverhochkeppe090525\/\" border=\"0\" itemprop=\"url\"> <meta itemprop=\"width\" content=\"343\"> <meta itemprop=\"height\" content=\"230\"> <img decoding=\"async\" class=\"\" data-attachment-id=\"32576\" data-orig-file=\"https:\/\/www.jazzzeitung.de\/cms\/wp-content\/uploads\/2025\/05\/ChicoFreeman4_OliverHochkeppe090525-scaled.jpg\" data-orig-size=\"2560,1716\" data-comments-opened=\"1\" data-image-meta=\"{&quot;aperture&quot;:&quot;0&quot;,&quot;credit&quot;:&quot;&quot;,&quot;camera&quot;:&quot;ILCE-7M3&quot;,&quot;caption&quot;:&quot;&quot;,&quot;created_timestamp&quot;:&quot;1746827419&quot;,&quot;copyright&quot;:&quot;&quot;,&quot;focal_length&quot;:&quot;0&quot;,&quot;iso&quot;:&quot;5000&quot;,&quot;shutter_speed&quot;:&quot;0&quot;,&quot;title&quot;:&quot;&quot;,&quot;orientation&quot;:&quot;0&quot;}\" data-image-title=\"ChicoFreeman4_OliverHochkeppe090525\" data-image-description=\"\" data-medium-file=\"https:\/\/i0.wp.com\/www.jazzzeitung.de\/cms\/wp-content\/uploads\/2025\/05\/ChicoFreeman4_OliverHochkeppe090525-scaled.jpg?fit=300%2C201&#038;ssl=1\" data-large-file=\"https:\/\/i0.wp.com\/www.jazzzeitung.de\/cms\/wp-content\/uploads\/2025\/05\/ChicoFreeman4_OliverHochkeppe090525-scaled.jpg?fit=840%2C563&#038;ssl=1\" src=\"https:\/\/i0.wp.com\/www.jazzzeitung.de\/cms\/wp-content\/uploads\/2025\/05\/ChicoFreeman4_OliverHochkeppe090525-scaled.jpg?w=343&#038;h=230&#038;ssl=1\" srcset=\"https:\/\/i0.wp.com\/www.jazzzeitung.de\/cms\/wp-content\/uploads\/2025\/05\/ChicoFreeman4_OliverHochkeppe090525-scaled.jpg?w=2560&amp;ssl=1 2560w, https:\/\/i0.wp.com\/www.jazzzeitung.de\/cms\/wp-content\/uploads\/2025\/05\/ChicoFreeman4_OliverHochkeppe090525-scaled.jpg?resize=300%2C201&amp;ssl=1 300w, https:\/\/i0.wp.com\/www.jazzzeitung.de\/cms\/wp-content\/uploads\/2025\/05\/ChicoFreeman4_OliverHochkeppe090525-scaled.jpg?resize=895%2C600&amp;ssl=1 895w, https:\/\/i0.wp.com\/www.jazzzeitung.de\/cms\/wp-content\/uploads\/2025\/05\/ChicoFreeman4_OliverHochkeppe090525-scaled.jpg?resize=768%2C515&amp;ssl=1 768w, https:\/\/i0.wp.com\/www.jazzzeitung.de\/cms\/wp-content\/uploads\/2025\/05\/ChicoFreeman4_OliverHochkeppe090525-scaled.jpg?resize=1536%2C1030&amp;ssl=1 1536w, https:\/\/i0.wp.com\/www.jazzzeitung.de\/cms\/wp-content\/uploads\/2025\/05\/ChicoFreeman4_OliverHochkeppe090525-scaled.jpg?resize=2048%2C1373&amp;ssl=1 2048w, https:\/\/i0.wp.com\/www.jazzzeitung.de\/cms\/wp-content\/uploads\/2025\/05\/ChicoFreeman4_OliverHochkeppe090525-scaled.jpg?resize=120%2C80&amp;ssl=1 120w, https:\/\/i0.wp.com\/www.jazzzeitung.de\/cms\/wp-content\/uploads\/2025\/05\/ChicoFreeman4_OliverHochkeppe090525-scaled.jpg?resize=1320%2C885&amp;ssl=1 1320w, https:\/\/i0.wp.com\/www.jazzzeitung.de\/cms\/wp-content\/uploads\/2025\/05\/ChicoFreeman4_OliverHochkeppe090525-scaled.jpg?w=1680&amp;ssl=1 1680w\" width=\"343\" height=\"230\" loading=\"lazy\" data-original-width=\"343\" data-original-height=\"230\" itemprop=\"http:\/\/schema.org\/image\" title=\"ChicoFreeman4_OliverHochkeppe090525\" alt=\"ChicoFreeman4_OliverHochkeppe090525\" style=\"width: 343px; height: 230px;\" \/> <\/a> <\/div> <\/div> <!-- close group --> <div class=\"gallery-group images-1\" style=\"width: 178px; height: 234px;\" data-original-width=\"178\" data-original-height=\"234\" > <div class=\"tiled-gallery-item tiled-gallery-item-small\" itemprop=\"associatedMedia\" itemscope itemtype=\"http:\/\/schema.org\/ImageObject\"> <a href=\"https:\/\/www.jazzzeitung.de\/cms\/2025\/05\/like-a-jazz-machine-festival-feines-finale\/christofthewes1_oliverhochkeppe090525\/\" border=\"0\" itemprop=\"url\"> <meta itemprop=\"width\" content=\"174\"> <meta itemprop=\"height\" content=\"230\"> <img decoding=\"async\" class=\"\" data-attachment-id=\"32577\" data-orig-file=\"https:\/\/www.jazzzeitung.de\/cms\/wp-content\/uploads\/2025\/05\/ChristofThewes1_OliverHochkeppe090525-scaled.jpg\" data-orig-size=\"1934,2560\" data-comments-opened=\"1\" data-image-meta=\"{&quot;aperture&quot;:&quot;6.3&quot;,&quot;credit&quot;:&quot;&quot;,&quot;camera&quot;:&quot;ILCE-7M3&quot;,&quot;caption&quot;:&quot;&quot;,&quot;created_timestamp&quot;:&quot;1746821665&quot;,&quot;copyright&quot;:&quot;&quot;,&quot;focal_length&quot;:&quot;138&quot;,&quot;iso&quot;:&quot;4000&quot;,&quot;shutter_speed&quot;:&quot;0.01&quot;,&quot;title&quot;:&quot;&quot;,&quot;orientation&quot;:&quot;0&quot;}\" data-image-title=\"ChristofThewes1_OliverHochkeppe090525\" data-image-description=\"\" data-medium-file=\"https:\/\/i0.wp.com\/www.jazzzeitung.de\/cms\/wp-content\/uploads\/2025\/05\/ChristofThewes1_OliverHochkeppe090525-scaled.jpg?fit=227%2C300&#038;ssl=1\" data-large-file=\"https:\/\/i0.wp.com\/www.jazzzeitung.de\/cms\/wp-content\/uploads\/2025\/05\/ChristofThewes1_OliverHochkeppe090525-scaled.jpg?fit=453%2C600&#038;ssl=1\" src=\"https:\/\/i0.wp.com\/www.jazzzeitung.de\/cms\/wp-content\/uploads\/2025\/05\/ChristofThewes1_OliverHochkeppe090525-scaled.jpg?w=174&#038;h=230&#038;ssl=1\" srcset=\"https:\/\/i0.wp.com\/www.jazzzeitung.de\/cms\/wp-content\/uploads\/2025\/05\/ChristofThewes1_OliverHochkeppe090525-scaled.jpg?w=1934&amp;ssl=1 1934w, https:\/\/i0.wp.com\/www.jazzzeitung.de\/cms\/wp-content\/uploads\/2025\/05\/ChristofThewes1_OliverHochkeppe090525-scaled.jpg?resize=227%2C300&amp;ssl=1 227w, https:\/\/i0.wp.com\/www.jazzzeitung.de\/cms\/wp-content\/uploads\/2025\/05\/ChristofThewes1_OliverHochkeppe090525-scaled.jpg?resize=453%2C600&amp;ssl=1 453w, https:\/\/i0.wp.com\/www.jazzzeitung.de\/cms\/wp-content\/uploads\/2025\/05\/ChristofThewes1_OliverHochkeppe090525-scaled.jpg?resize=768%2C1017&amp;ssl=1 768w, https:\/\/i0.wp.com\/www.jazzzeitung.de\/cms\/wp-content\/uploads\/2025\/05\/ChristofThewes1_OliverHochkeppe090525-scaled.jpg?resize=1160%2C1536&amp;ssl=1 1160w, https:\/\/i0.wp.com\/www.jazzzeitung.de\/cms\/wp-content\/uploads\/2025\/05\/ChristofThewes1_OliverHochkeppe090525-scaled.jpg?resize=1547%2C2048&amp;ssl=1 1547w, https:\/\/i0.wp.com\/www.jazzzeitung.de\/cms\/wp-content\/uploads\/2025\/05\/ChristofThewes1_OliverHochkeppe090525-scaled.jpg?resize=1320%2C1747&amp;ssl=1 1320w, https:\/\/i0.wp.com\/www.jazzzeitung.de\/cms\/wp-content\/uploads\/2025\/05\/ChristofThewes1_OliverHochkeppe090525-scaled.jpg?w=1680&amp;ssl=1 1680w\" width=\"174\" height=\"230\" loading=\"lazy\" data-original-width=\"174\" data-original-height=\"230\" itemprop=\"http:\/\/schema.org\/image\" title=\"ChristofThewes1_OliverHochkeppe090525\" alt=\"ChristofThewes1_OliverHochkeppe090525\" style=\"width: 174px; height: 230px;\" \/> <\/a> <\/div> <\/div> <!-- close group --> <div class=\"gallery-group images-1\" style=\"width: 158px; height: 234px;\" data-original-width=\"158\" data-original-height=\"234\" > <div class=\"tiled-gallery-item tiled-gallery-item-small\" itemprop=\"associatedMedia\" itemscope itemtype=\"http:\/\/schema.org\/ImageObject\"> <a href=\"https:\/\/www.jazzzeitung.de\/cms\/2025\/05\/like-a-jazz-machine-festival-feines-finale\/danielerdmann2_oliverhochkeppe090525\/\" border=\"0\" itemprop=\"url\"> <meta itemprop=\"width\" content=\"154\"> <meta itemprop=\"height\" content=\"230\"> <img decoding=\"async\" class=\"\" data-attachment-id=\"32578\" data-orig-file=\"https:\/\/www.jazzzeitung.de\/cms\/wp-content\/uploads\/2025\/05\/DanielErdmann2_OliverHochkeppe090525-scaled.jpg\" data-orig-size=\"1707,2560\" data-comments-opened=\"1\" data-image-meta=\"{&quot;aperture&quot;:&quot;0&quot;,&quot;credit&quot;:&quot;&quot;,&quot;camera&quot;:&quot;ILCE-7M3&quot;,&quot;caption&quot;:&quot;&quot;,&quot;created_timestamp&quot;:&quot;1746815215&quot;,&quot;copyright&quot;:&quot;&quot;,&quot;focal_length&quot;:&quot;0&quot;,&quot;iso&quot;:&quot;4000&quot;,&quot;shutter_speed&quot;:&quot;0&quot;,&quot;title&quot;:&quot;&quot;,&quot;orientation&quot;:&quot;0&quot;}\" data-image-title=\"DanielErdmann2_OliverHochkeppe090525\" data-image-description=\"\" data-medium-file=\"https:\/\/i0.wp.com\/www.jazzzeitung.de\/cms\/wp-content\/uploads\/2025\/05\/DanielErdmann2_OliverHochkeppe090525-scaled.jpg?fit=200%2C300&#038;ssl=1\" data-large-file=\"https:\/\/i0.wp.com\/www.jazzzeitung.de\/cms\/wp-content\/uploads\/2025\/05\/DanielErdmann2_OliverHochkeppe090525-scaled.jpg?fit=400%2C600&#038;ssl=1\" src=\"https:\/\/i0.wp.com\/www.jazzzeitung.de\/cms\/wp-content\/uploads\/2025\/05\/DanielErdmann2_OliverHochkeppe090525-scaled.jpg?w=154&#038;h=230&#038;ssl=1\" srcset=\"https:\/\/i0.wp.com\/www.jazzzeitung.de\/cms\/wp-content\/uploads\/2025\/05\/DanielErdmann2_OliverHochkeppe090525-scaled.jpg?w=1707&amp;ssl=1 1707w, https:\/\/i0.wp.com\/www.jazzzeitung.de\/cms\/wp-content\/uploads\/2025\/05\/DanielErdmann2_OliverHochkeppe090525-scaled.jpg?resize=200%2C300&amp;ssl=1 200w, https:\/\/i0.wp.com\/www.jazzzeitung.de\/cms\/wp-content\/uploads\/2025\/05\/DanielErdmann2_OliverHochkeppe090525-scaled.jpg?resize=400%2C600&amp;ssl=1 400w, https:\/\/i0.wp.com\/www.jazzzeitung.de\/cms\/wp-content\/uploads\/2025\/05\/DanielErdmann2_OliverHochkeppe090525-scaled.jpg?resize=768%2C1152&amp;ssl=1 768w, https:\/\/i0.wp.com\/www.jazzzeitung.de\/cms\/wp-content\/uploads\/2025\/05\/DanielErdmann2_OliverHochkeppe090525-scaled.jpg?resize=1024%2C1536&amp;ssl=1 1024w, https:\/\/i0.wp.com\/www.jazzzeitung.de\/cms\/wp-content\/uploads\/2025\/05\/DanielErdmann2_OliverHochkeppe090525-scaled.jpg?resize=1365%2C2048&amp;ssl=1 1365w, https:\/\/i0.wp.com\/www.jazzzeitung.de\/cms\/wp-content\/uploads\/2025\/05\/DanielErdmann2_OliverHochkeppe090525-scaled.jpg?resize=1320%2C1980&amp;ssl=1 1320w\" width=\"154\" height=\"230\" loading=\"lazy\" data-original-width=\"154\" data-original-height=\"230\" itemprop=\"http:\/\/schema.org\/image\" title=\"DanielErdmann2_OliverHochkeppe090525\" alt=\"DanielErdmann2_OliverHochkeppe090525\" style=\"width: 154px; height: 230px;\" \/> <\/a> <\/div> <\/div> <!-- close group --> <div class=\"gallery-group images-1\" style=\"width: 157px; height: 234px;\" data-original-width=\"157\" data-original-height=\"234\" > <div class=\"tiled-gallery-item tiled-gallery-item-small\" itemprop=\"associatedMedia\" itemscope itemtype=\"http:\/\/schema.org\/ImageObject\"> <a href=\"https:\/\/www.jazzzeitung.de\/cms\/2025\/05\/like-a-jazz-machine-festival-feines-finale\/danielerdmann4_oliverhochkeppe090525\/\" border=\"0\" itemprop=\"url\"> <meta itemprop=\"width\" content=\"153\"> <meta itemprop=\"height\" content=\"230\"> <img decoding=\"async\" class=\"\" data-attachment-id=\"32579\" data-orig-file=\"https:\/\/www.jazzzeitung.de\/cms\/wp-content\/uploads\/2025\/05\/DanielErdmann4_OliverHochkeppe090525-scaled.jpg\" data-orig-size=\"1707,2560\" data-comments-opened=\"1\" data-image-meta=\"{&quot;aperture&quot;:&quot;0&quot;,&quot;credit&quot;:&quot;&quot;,&quot;camera&quot;:&quot;ILCE-7M3&quot;,&quot;caption&quot;:&quot;&quot;,&quot;created_timestamp&quot;:&quot;1746816769&quot;,&quot;copyright&quot;:&quot;&quot;,&quot;focal_length&quot;:&quot;0&quot;,&quot;iso&quot;:&quot;4000&quot;,&quot;shutter_speed&quot;:&quot;0&quot;,&quot;title&quot;:&quot;&quot;,&quot;orientation&quot;:&quot;0&quot;}\" data-image-title=\"DanielErdmann4_OliverHochkeppe090525\" data-image-description=\"\" data-medium-file=\"https:\/\/i0.wp.com\/www.jazzzeitung.de\/cms\/wp-content\/uploads\/2025\/05\/DanielErdmann4_OliverHochkeppe090525-scaled.jpg?fit=200%2C300&#038;ssl=1\" data-large-file=\"https:\/\/i0.wp.com\/www.jazzzeitung.de\/cms\/wp-content\/uploads\/2025\/05\/DanielErdmann4_OliverHochkeppe090525-scaled.jpg?fit=400%2C600&#038;ssl=1\" src=\"https:\/\/i0.wp.com\/www.jazzzeitung.de\/cms\/wp-content\/uploads\/2025\/05\/DanielErdmann4_OliverHochkeppe090525-scaled.jpg?w=153&#038;h=230&#038;ssl=1\" srcset=\"https:\/\/i0.wp.com\/www.jazzzeitung.de\/cms\/wp-content\/uploads\/2025\/05\/DanielErdmann4_OliverHochkeppe090525-scaled.jpg?w=1707&amp;ssl=1 1707w, https:\/\/i0.wp.com\/www.jazzzeitung.de\/cms\/wp-content\/uploads\/2025\/05\/DanielErdmann4_OliverHochkeppe090525-scaled.jpg?resize=200%2C300&amp;ssl=1 200w, https:\/\/i0.wp.com\/www.jazzzeitung.de\/cms\/wp-content\/uploads\/2025\/05\/DanielErdmann4_OliverHochkeppe090525-scaled.jpg?resize=400%2C600&amp;ssl=1 400w, https:\/\/i0.wp.com\/www.jazzzeitung.de\/cms\/wp-content\/uploads\/2025\/05\/DanielErdmann4_OliverHochkeppe090525-scaled.jpg?resize=768%2C1152&amp;ssl=1 768w, https:\/\/i0.wp.com\/www.jazzzeitung.de\/cms\/wp-content\/uploads\/2025\/05\/DanielErdmann4_OliverHochkeppe090525-scaled.jpg?resize=1024%2C1536&amp;ssl=1 1024w, https:\/\/i0.wp.com\/www.jazzzeitung.de\/cms\/wp-content\/uploads\/2025\/05\/DanielErdmann4_OliverHochkeppe090525-scaled.jpg?resize=1365%2C2048&amp;ssl=1 1365w, https:\/\/i0.wp.com\/www.jazzzeitung.de\/cms\/wp-content\/uploads\/2025\/05\/DanielErdmann4_OliverHochkeppe090525-scaled.jpg?resize=1320%2C1980&amp;ssl=1 1320w\" width=\"153\" height=\"230\" loading=\"lazy\" data-original-width=\"153\" data-original-height=\"230\" itemprop=\"http:\/\/schema.org\/image\" title=\"DanielErdmann4_OliverHochkeppe090525\" alt=\"DanielErdmann4_OliverHochkeppe090525\" style=\"width: 153px; height: 230px;\" \/> <\/a> <\/div> <\/div> <!-- close group --> <\/div> <!-- close row --> <\/div>\n<h3>Junges Publikum ansprechen<\/h3>\n<p>Der Versuch, ein anderes, j\u00fcngeres als das klassische Jazz-Publikum anzusprechen, ist verst\u00e4ndlich. Man wird sehen, ob es funktioniert. Schade freilich w\u00e4re es, wenn dabei die Errungenschaften dieses selbst noch jungen Festivals verloren gingen. Zum einen hat es eine wichtige Rolle beim Coming Out der luxemburgischen Jazzszene gespielt. Von Anfang an hat man hier die f\u00fcr das kleine Land erstaunlich vielen heimischen Talente wie Pascal Schumacher, Michel Meis, Pol Belardi, Claire Parsons, Marly Marques, Maxime Bender, Greg Lamy, Michel Reis, Pit Dahm, Niels Engel, Jeff Herr und andere mit gro\u00dfen europ\u00e4ischen und amerikanischen Namen zusammengespannt, oft als artists in residence. Hat sie mithilfe des Exportb\u00fcros \u201ekultur:LX\u201c unter anderem beim Speed-Dating mit eingeladenen Journalisten, Veranstaltern und Bookern aus den Nachbarl\u00e4ndern zusammen- und damit nach und nach auf die europ\u00e4ische Landkarte gebracht.<\/p>\n<p>Und ganz generell geh\u00f6rten Jochheims Programme wie schon die ihrer Vorg\u00e4ngerin Danielle Igniti immer zu den spannendsten vergleichbarer Festivals. Neben den eigenen Leuten und Festivallieblingen wie Bojan Z., Joachim K\u00fchn oder Daniel Erdmann waren sehr oft die jeweils heftig Angesagten vertreten, ob junge europ\u00e4ische Wilde wie Kit Downes, Nik B\u00e4rtsch, Marius Neset, Theo Cecchaldi oder das radio.string.quartet.vienna, ob US-Stars wie Kyle Eastwood, Ravi Coltrane, Lakecia Benjamin (schon 2014!) oder Ambrose Akinmusire. Stets \u00fcberw\u00f6lbt von gro\u00dfen Alten wie Enrico Rava, Eric Truffaz, Billy Cobham, Maceo Parker oder Stanley Clarke.<\/p>\n<h3>\u00dcberraschend fesselnd<\/h3>\n<p>Wohldosiert, aufeinander abgestimmt, und doch \u00fcberraschend und fesselnd war auch diese 13. Ausgabe. Fast alle Eingeladenen hatten nichts Beliebiges am Start, sondern ein ausget\u00fcfteltes Programm mit Anspruch. Vom aufgef\u00e4cherten Spiel mit den sich aus der Besetzung seines durch Francesco Bearzatti verst\u00e4rkten Quartetts ergebenden M\u00f6glichkeiten, das der Schlagzeuger Jens D\u00fcppe in Szene setzte, \u00fcber dem schon im Bandtitel \u201eThe Flow\u201c angelegten Scofield-Groove eines Greg Lamy bis zur gro\u00dfartigen, humorvollen Ellington-Dekonstruktion von Aki Takase und Daniel Erdmann. \u00dcberhaupt Humor: Der fand sich auch bei artists in residence, sowohl bei der neuen Luxemburg-Connection von Bojan Z mit Claire Parsons und Pit Dahm wie bei den Freejazz-Nachkl\u00e4ngen der <em>Jazzghosts <\/em>mit Christof Thewes, Johannes Schmitz und Michel Meis.<\/p>\n<p>Saxofon- (und Rap-)Veteran Chico Freeman verlie\u00df sich erfolgreich auf die mit dem Bandnamen <em>Exotica<\/em> bestens beschriebenen Klangfarben seiner Begleiter, alles voran Schlagwerk-Forscher Reto Weber. Das fein gesponnenste, and\u00e4chtigste, dadurch vielleicht ergreifendste Konzert lieferte das nagelneue (es war ihr erstes Konzert) Duo des Pianisten Michel Reis und des Saxofonisten Matthieu Bordenave. Wenn er Leidensgeschichten wie seine Scheidung vertonte, war auch der Modern Jazz des US-Saxofonisten Noah Preminger und seines All-Star-Quartetts (herausragend der junge deutsche Schlagzeuger Leif Berger) am st\u00e4rksten. Der Luxemburger Pianist Arthur Possing wiederum besch\u00e4ftigte sich auf dem hier vorgestellten Album \u201eHome\u201c mit den musikalischen Attributen des Heimatgef\u00fchls, im Kontrast zu seinem special guest Joel Rabesolo, der aus Madagascar stammt.<\/p>\n<h3>Drei junge Bands<\/h3>\n<p>Einzig die j\u00fcngsten Luxemburger entt\u00e4uschten etwas. So <em>Veda and the String Machine <\/em>der Gitarristin Veda Bartringer, wurde doch bei diesem Projekt kaum ersichtlich, warum ein Streichquartett in die Band integriert wurde. Und auch die drei jungen Bands, die am Samstagnachmittag in der \u201eKantin\u201c spielten, einer zur Bar umger\u00fcsteten Fabrikhalle oberhalb des Kulturzentrums, kamen eigentlich allesamt nicht \u00fcber den Status \u201eStudentenband\u201c hinaus. Daf\u00fcr lie\u00df es sp\u00e4tabends Schlagzeuger Benoit Martiny beim 20. Geburtstag seiner Band <em>BMB<\/em> dort noch einmal richtig krachen.<\/p>\n<p>Alles in allem best\u00e4tigte dies alles, was f\u00fcr ein Jammer es w\u00e4re, wenn dieses besondere Festival, ein Flaggschiff des Luxemburger Jazz, nun auseinanderfallen w\u00fcrde. Besonders f\u00fcr die eigenen Musiker.<\/p>\n","protected":false},"excerpt":{"rendered":"<p>(Text\/Fotos: Oliver Hochkeppel) Das 13. \u201eLike A Jazz Machine\u201c-Festival im luxemburgischen Dudelange best\u00e4tigte seinen Rang als eines der interessantesten europ\u00e4ischen Jazzfestivals \u2013 doch Vieles wird sich nun \u00e4ndern. \u201eWenn das so toll weitergeht mit den Konzerten, dann wird es nicht auszuhalten sein\u201c, scherzte Patricia Jochheim schon am Donnerstag, dem ersten \u201erichtigen\u201c von von f\u00fcnf Festivaltagen mit drei Konzerten im Kulturzentrum Opderschmelz, nach dem \u201eTeaser\u201c mit Jozef Dumoulin und Lynn Cassiers am Mittwochabend in der Kirche St. Martin. Ein Humor, der einem zuk\u00fcnftig fehlen wird: Jochheim, die das Programm seit 2018 zusammengestellt hat, geht nun mit 64 in Rente. Als Angestellte im \u00f6ffentlichen Dienst kann sie nicht anders, denn der Veranstalter des Festivals wie des Kulturzentrums ist ja die Stadt D\u00fcdelingen beziehungsweise Diddeleng oder Dudelange, wie sie im mehrsprachigen Luxemburg auch hei\u00dft. Ordentliches Umkrempeln Der Direktor des Kulturzentrums John Rech nimmt dies nun zum Anlass, das \u201eLike A Jazz Machine\u201c ordentlich umzukrempeln. Zun\u00e4chst einmal wird das Fr\u00fchlings- zum Herbstfestival und zieht vom angestammten Mai-Termin auf den Oktober um. Rech begr\u00fcndet das zum einen damit, dass bislang immer ein Feiertag dabei war, an dem Personal und Technik &hellip;<\/p>\n","protected":false},"author":18,"featured_media":32569,"comment_status":"open","ping_status":"closed","sticky":false,"template":"","format":"standard","meta":{"_jetpack_memberships_contains_paid_content":false,"footnotes":"","jetpack_publicize_message":"","jetpack_publicize_feature_enabled":true,"jetpack_social_post_already_shared":true,"jetpack_social_options":{"image_generator_settings":{"template":"highway","default_image_id":0,"font":"","enabled":false},"version":2}},"categories":[1053],"tags":[5633,1197,3,294,845,5632],"coauthors":[695],"class_list":["post-32558","post","type-post","status-publish","format-standard","has-post-thumbnail","hentry","category-bericht","tag-belgien","tag-bericht","tag-festival","tag-jazzzeitung","tag-oliver-hochkeppel","tag-like-a-jazz-machine"],"yoast_head":"<!-- This site is optimized with the Yoast SEO plugin v27.5 - https:\/\/yoast.com\/product\/yoast-seo-wordpress\/ -->\n<title>&quot;Like A Jazz Machine&quot;-Festival: Feines Finale - JazzZeitung<\/title>\n<meta name=\"robots\" content=\"index, follow, max-snippet:-1, max-image-preview:large, max-video-preview:-1\" \/>\n<link rel=\"canonical\" href=\"https:\/\/www.jazzzeitung.de\/cms\/2025\/05\/like-a-jazz-machine-festival-feines-finale\/\" \/>\n<meta property=\"og:locale\" content=\"de_DE\" \/>\n<meta property=\"og:type\" content=\"article\" \/>\n<meta property=\"og:title\" content=\"&quot;Like A Jazz Machine&quot;-Festival: Feines Finale - JazzZeitung\" \/>\n<meta property=\"og:description\" content=\"(Text\/Fotos: Oliver Hochkeppel) Das 13. \u201eLike A Jazz Machine\u201c-Festival im luxemburgischen Dudelange best\u00e4tigte seinen Rang als eines der interessantesten europ\u00e4ischen Jazzfestivals \u2013 doch Vieles wird sich nun \u00e4ndern. \u201eWenn das so toll weitergeht mit den Konzerten, dann wird es nicht auszuhalten sein\u201c, scherzte Patricia Jochheim schon am Donnerstag, dem ersten \u201erichtigen\u201c von von f\u00fcnf Festivaltagen mit drei Konzerten im Kulturzentrum Opderschmelz, nach dem \u201eTeaser\u201c mit Jozef Dumoulin und Lynn Cassiers am Mittwochabend in der Kirche St. Martin. Ein Humor, der einem zuk\u00fcnftig fehlen wird: Jochheim, die das Programm seit 2018 zusammengestellt hat, geht nun mit 64 in Rente. Als Angestellte im \u00f6ffentlichen Dienst kann sie nicht anders, denn der Veranstalter des Festivals wie des Kulturzentrums ist ja die Stadt D\u00fcdelingen beziehungsweise Diddeleng oder Dudelange, wie sie im mehrsprachigen Luxemburg auch hei\u00dft. Ordentliches Umkrempeln Der Direktor des Kulturzentrums John Rech nimmt dies nun zum Anlass, das \u201eLike A Jazz Machine\u201c ordentlich umzukrempeln. Zun\u00e4chst einmal wird das Fr\u00fchlings- zum Herbstfestival und zieht vom angestammten Mai-Termin auf den Oktober um. Rech begr\u00fcndet das zum einen damit, dass bislang immer ein Feiertag dabei war, an dem Personal und Technik &hellip;\" \/>\n<meta property=\"og:url\" content=\"https:\/\/www.jazzzeitung.de\/cms\/2025\/05\/like-a-jazz-machine-festival-feines-finale\/\" \/>\n<meta property=\"og:site_name\" content=\"JazzZeitung\" \/>\n<meta property=\"article:publisher\" content=\"https:\/\/www.facebook.com\/JazzZeitung\/\" \/>\n<meta property=\"article:published_time\" content=\"2025-05-21T08:04:34+00:00\" \/>\n<meta property=\"og:image\" content=\"https:\/\/www.jazzzeitung.de\/cms\/wp-content\/uploads\/2025\/05\/AkiTakase2_OliverHochkeppe090525-scaled.jpg\" \/>\n\t<meta property=\"og:image:width\" content=\"2560\" \/>\n\t<meta property=\"og:image:height\" content=\"1707\" \/>\n\t<meta property=\"og:image:type\" content=\"image\/jpeg\" \/>\n<meta name=\"author\" content=\"Redaktion JazzZeitung\" \/>\n<script type=\"application\/ld+json\" class=\"yoast-schema-graph\">{\"@context\":\"https:\\\/\\\/schema.org\",\"@graph\":[{\"@type\":\"Article\",\"@id\":\"https:\\\/\\\/www.jazzzeitung.de\\\/cms\\\/2025\\\/05\\\/like-a-jazz-machine-festival-feines-finale\\\/#article\",\"isPartOf\":{\"@id\":\"https:\\\/\\\/www.jazzzeitung.de\\\/cms\\\/2025\\\/05\\\/like-a-jazz-machine-festival-feines-finale\\\/\"},\"author\":{\"name\":\"Redaktion JazzZeitung\",\"@id\":\"https:\\\/\\\/www.jazzzeitung.de\\\/cms\\\/#\\\/schema\\\/person\\\/2245b36b9cd1d24cea10f01c031fb92b\"},\"headline\":\"&#8222;Like A Jazz Machine&#8220;-Festival: Feines Finale\",\"datePublished\":\"2025-05-21T08:04:34+00:00\",\"mainEntityOfPage\":{\"@id\":\"https:\\\/\\\/www.jazzzeitung.de\\\/cms\\\/2025\\\/05\\\/like-a-jazz-machine-festival-feines-finale\\\/\"},\"wordCount\":951,\"commentCount\":0,\"publisher\":{\"@id\":\"https:\\\/\\\/www.jazzzeitung.de\\\/cms\\\/#organization\"},\"image\":{\"@id\":\"https:\\\/\\\/www.jazzzeitung.de\\\/cms\\\/2025\\\/05\\\/like-a-jazz-machine-festival-feines-finale\\\/#primaryimage\"},\"thumbnailUrl\":\"https:\\\/\\\/i0.wp.com\\\/www.jazzzeitung.de\\\/cms\\\/wp-content\\\/uploads\\\/2025\\\/05\\\/AkiTakase2_OliverHochkeppe090525-scaled.jpg?fit=2560%2C1707&ssl=1\",\"keywords\":[\"Belgien\",\"Bericht\",\"Festival\",\"Jazzzeitung\",\"Oliver Hochkeppel\",\"\u201eLike A Jazz Machine\u201c\"],\"articleSection\":[\"Bericht\"],\"inLanguage\":\"de\",\"potentialAction\":[{\"@type\":\"CommentAction\",\"name\":\"Comment\",\"target\":[\"https:\\\/\\\/www.jazzzeitung.de\\\/cms\\\/2025\\\/05\\\/like-a-jazz-machine-festival-feines-finale\\\/#respond\"]}]},{\"@type\":\"WebPage\",\"@id\":\"https:\\\/\\\/www.jazzzeitung.de\\\/cms\\\/2025\\\/05\\\/like-a-jazz-machine-festival-feines-finale\\\/\",\"url\":\"https:\\\/\\\/www.jazzzeitung.de\\\/cms\\\/2025\\\/05\\\/like-a-jazz-machine-festival-feines-finale\\\/\",\"name\":\"\\\"Like A Jazz Machine\\\"-Festival: Feines Finale - JazzZeitung\",\"isPartOf\":{\"@id\":\"https:\\\/\\\/www.jazzzeitung.de\\\/cms\\\/#website\"},\"primaryImageOfPage\":{\"@id\":\"https:\\\/\\\/www.jazzzeitung.de\\\/cms\\\/2025\\\/05\\\/like-a-jazz-machine-festival-feines-finale\\\/#primaryimage\"},\"image\":{\"@id\":\"https:\\\/\\\/www.jazzzeitung.de\\\/cms\\\/2025\\\/05\\\/like-a-jazz-machine-festival-feines-finale\\\/#primaryimage\"},\"thumbnailUrl\":\"https:\\\/\\\/i0.wp.com\\\/www.jazzzeitung.de\\\/cms\\\/wp-content\\\/uploads\\\/2025\\\/05\\\/AkiTakase2_OliverHochkeppe090525-scaled.jpg?fit=2560%2C1707&ssl=1\",\"datePublished\":\"2025-05-21T08:04:34+00:00\",\"breadcrumb\":{\"@id\":\"https:\\\/\\\/www.jazzzeitung.de\\\/cms\\\/2025\\\/05\\\/like-a-jazz-machine-festival-feines-finale\\\/#breadcrumb\"},\"inLanguage\":\"de\",\"potentialAction\":[{\"@type\":\"ReadAction\",\"target\":[\"https:\\\/\\\/www.jazzzeitung.de\\\/cms\\\/2025\\\/05\\\/like-a-jazz-machine-festival-feines-finale\\\/\"]}]},{\"@type\":\"ImageObject\",\"inLanguage\":\"de\",\"@id\":\"https:\\\/\\\/www.jazzzeitung.de\\\/cms\\\/2025\\\/05\\\/like-a-jazz-machine-festival-feines-finale\\\/#primaryimage\",\"url\":\"https:\\\/\\\/i0.wp.com\\\/www.jazzzeitung.de\\\/cms\\\/wp-content\\\/uploads\\\/2025\\\/05\\\/AkiTakase2_OliverHochkeppe090525-scaled.jpg?fit=2560%2C1707&ssl=1\",\"contentUrl\":\"https:\\\/\\\/i0.wp.com\\\/www.jazzzeitung.de\\\/cms\\\/wp-content\\\/uploads\\\/2025\\\/05\\\/AkiTakase2_OliverHochkeppe090525-scaled.jpg?fit=2560%2C1707&ssl=1\",\"width\":2560,\"height\":1707},{\"@type\":\"BreadcrumbList\",\"@id\":\"https:\\\/\\\/www.jazzzeitung.de\\\/cms\\\/2025\\\/05\\\/like-a-jazz-machine-festival-feines-finale\\\/#breadcrumb\",\"itemListElement\":[{\"@type\":\"ListItem\",\"position\":1,\"name\":\"Startseite\",\"item\":\"https:\\\/\\\/www.jazzzeitung.de\\\/cms\\\/\"},{\"@type\":\"ListItem\",\"position\":2,\"name\":\"&#8222;Like A Jazz Machine&#8220;-Festival: Feines Finale\"}]},{\"@type\":\"WebSite\",\"@id\":\"https:\\\/\\\/www.jazzzeitung.de\\\/cms\\\/#website\",\"url\":\"https:\\\/\\\/www.jazzzeitung.de\\\/cms\\\/\",\"name\":\"JazzZeitung\",\"description\":\"Jazz-News und Jazz-Kontroverses\",\"publisher\":{\"@id\":\"https:\\\/\\\/www.jazzzeitung.de\\\/cms\\\/#organization\"},\"potentialAction\":[{\"@type\":\"SearchAction\",\"target\":{\"@type\":\"EntryPoint\",\"urlTemplate\":\"https:\\\/\\\/www.jazzzeitung.de\\\/cms\\\/?s={search_term_string}\"},\"query-input\":{\"@type\":\"PropertyValueSpecification\",\"valueRequired\":true,\"valueName\":\"search_term_string\"}}],\"inLanguage\":\"de\"},{\"@type\":\"Organization\",\"@id\":\"https:\\\/\\\/www.jazzzeitung.de\\\/cms\\\/#organization\",\"name\":\"JazzZeitung online\",\"url\":\"https:\\\/\\\/www.jazzzeitung.de\\\/cms\\\/\",\"logo\":{\"@type\":\"ImageObject\",\"inLanguage\":\"de\",\"@id\":\"https:\\\/\\\/www.jazzzeitung.de\\\/cms\\\/#\\\/schema\\\/logo\\\/image\\\/\",\"url\":\"https:\\\/\\\/i0.wp.com\\\/www.jazzzeitung.de\\\/cms\\\/wp-content\\\/uploads\\\/2015\\\/08\\\/JAZZZEITUNGDE_Logo_Neu.png?fit=499%2C200&ssl=1\",\"contentUrl\":\"https:\\\/\\\/i0.wp.com\\\/www.jazzzeitung.de\\\/cms\\\/wp-content\\\/uploads\\\/2015\\\/08\\\/JAZZZEITUNGDE_Logo_Neu.png?fit=499%2C200&ssl=1\",\"width\":499,\"height\":200,\"caption\":\"JazzZeitung online\"},\"image\":{\"@id\":\"https:\\\/\\\/www.jazzzeitung.de\\\/cms\\\/#\\\/schema\\\/logo\\\/image\\\/\"},\"sameAs\":[\"https:\\\/\\\/www.facebook.com\\\/JazzZeitung\\\/\"]},{\"@type\":\"Person\",\"@id\":\"https:\\\/\\\/www.jazzzeitung.de\\\/cms\\\/#\\\/schema\\\/person\\\/2245b36b9cd1d24cea10f01c031fb92b\",\"name\":\"Redaktion JazzZeitung\",\"image\":{\"@type\":\"ImageObject\",\"inLanguage\":\"de\",\"@id\":\"https:\\\/\\\/i0.wp.com\\\/www.jazzzeitung.de\\\/cms\\\/wp-content\\\/uploads\\\/2015\\\/08\\\/JAZZZEITUNGDE_Logo_Neu.png?resize=96%2C96&ssl=159975dcacb611b5700bd619b5daf0a7a\",\"url\":\"https:\\\/\\\/i0.wp.com\\\/www.jazzzeitung.de\\\/cms\\\/wp-content\\\/uploads\\\/2015\\\/08\\\/JAZZZEITUNGDE_Logo_Neu.png?resize=96%2C96&ssl=1\",\"contentUrl\":\"https:\\\/\\\/i0.wp.com\\\/www.jazzzeitung.de\\\/cms\\\/wp-content\\\/uploads\\\/2015\\\/08\\\/JAZZZEITUNGDE_Logo_Neu.png?resize=96%2C96&ssl=1\",\"caption\":\"Redaktion JazzZeitung\"},\"description\":\"Artikel der Redaktion der JazzZeitung.\",\"sameAs\":[\"http:\\\/\\\/www.jazzzeitung.de\\\/cms\\\/\"],\"url\":\"https:\\\/\\\/www.jazzzeitung.de\\\/cms\\\/author\\\/redaktion\\\/\"}]}<\/script>\n<!-- \/ Yoast SEO plugin. -->","yoast_head_json":{"title":"\"Like A Jazz Machine\"-Festival: Feines Finale - JazzZeitung","robots":{"index":"index","follow":"follow","max-snippet":"max-snippet:-1","max-image-preview":"max-image-preview:large","max-video-preview":"max-video-preview:-1"},"canonical":"https:\/\/www.jazzzeitung.de\/cms\/2025\/05\/like-a-jazz-machine-festival-feines-finale\/","og_locale":"de_DE","og_type":"article","og_title":"\"Like A Jazz Machine\"-Festival: Feines Finale - JazzZeitung","og_description":"(Text\/Fotos: Oliver Hochkeppel) Das 13. \u201eLike A Jazz Machine\u201c-Festival im luxemburgischen Dudelange best\u00e4tigte seinen Rang als eines der interessantesten europ\u00e4ischen Jazzfestivals \u2013 doch Vieles wird sich nun \u00e4ndern. \u201eWenn das so toll weitergeht mit den Konzerten, dann wird es nicht auszuhalten sein\u201c, scherzte Patricia Jochheim schon am Donnerstag, dem ersten \u201erichtigen\u201c von von f\u00fcnf Festivaltagen mit drei Konzerten im Kulturzentrum Opderschmelz, nach dem \u201eTeaser\u201c mit Jozef Dumoulin und Lynn Cassiers am Mittwochabend in der Kirche St. Martin. Ein Humor, der einem zuk\u00fcnftig fehlen wird: Jochheim, die das Programm seit 2018 zusammengestellt hat, geht nun mit 64 in Rente. Als Angestellte im \u00f6ffentlichen Dienst kann sie nicht anders, denn der Veranstalter des Festivals wie des Kulturzentrums ist ja die Stadt D\u00fcdelingen beziehungsweise Diddeleng oder Dudelange, wie sie im mehrsprachigen Luxemburg auch hei\u00dft. Ordentliches Umkrempeln Der Direktor des Kulturzentrums John Rech nimmt dies nun zum Anlass, das \u201eLike A Jazz Machine\u201c ordentlich umzukrempeln. Zun\u00e4chst einmal wird das Fr\u00fchlings- zum Herbstfestival und zieht vom angestammten Mai-Termin auf den Oktober um. Rech begr\u00fcndet das zum einen damit, dass bislang immer ein Feiertag dabei war, an dem Personal und Technik &hellip;","og_url":"https:\/\/www.jazzzeitung.de\/cms\/2025\/05\/like-a-jazz-machine-festival-feines-finale\/","og_site_name":"JazzZeitung","article_publisher":"https:\/\/www.facebook.com\/JazzZeitung\/","article_published_time":"2025-05-21T08:04:34+00:00","og_image":[{"width":2560,"height":1707,"url":"https:\/\/www.jazzzeitung.de\/cms\/wp-content\/uploads\/2025\/05\/AkiTakase2_OliverHochkeppe090525-scaled.jpg","type":"image\/jpeg"}],"author":"Redaktion JazzZeitung","schema":{"@context":"https:\/\/schema.org","@graph":[{"@type":"Article","@id":"https:\/\/www.jazzzeitung.de\/cms\/2025\/05\/like-a-jazz-machine-festival-feines-finale\/#article","isPartOf":{"@id":"https:\/\/www.jazzzeitung.de\/cms\/2025\/05\/like-a-jazz-machine-festival-feines-finale\/"},"author":{"name":"Redaktion JazzZeitung","@id":"https:\/\/www.jazzzeitung.de\/cms\/#\/schema\/person\/2245b36b9cd1d24cea10f01c031fb92b"},"headline":"&#8222;Like A Jazz Machine&#8220;-Festival: Feines Finale","datePublished":"2025-05-21T08:04:34+00:00","mainEntityOfPage":{"@id":"https:\/\/www.jazzzeitung.de\/cms\/2025\/05\/like-a-jazz-machine-festival-feines-finale\/"},"wordCount":951,"commentCount":0,"publisher":{"@id":"https:\/\/www.jazzzeitung.de\/cms\/#organization"},"image":{"@id":"https:\/\/www.jazzzeitung.de\/cms\/2025\/05\/like-a-jazz-machine-festival-feines-finale\/#primaryimage"},"thumbnailUrl":"https:\/\/i0.wp.com\/www.jazzzeitung.de\/cms\/wp-content\/uploads\/2025\/05\/AkiTakase2_OliverHochkeppe090525-scaled.jpg?fit=2560%2C1707&ssl=1","keywords":["Belgien","Bericht","Festival","Jazzzeitung","Oliver Hochkeppel","\u201eLike A Jazz Machine\u201c"],"articleSection":["Bericht"],"inLanguage":"de","potentialAction":[{"@type":"CommentAction","name":"Comment","target":["https:\/\/www.jazzzeitung.de\/cms\/2025\/05\/like-a-jazz-machine-festival-feines-finale\/#respond"]}]},{"@type":"WebPage","@id":"https:\/\/www.jazzzeitung.de\/cms\/2025\/05\/like-a-jazz-machine-festival-feines-finale\/","url":"https:\/\/www.jazzzeitung.de\/cms\/2025\/05\/like-a-jazz-machine-festival-feines-finale\/","name":"\"Like A Jazz Machine\"-Festival: Feines Finale - JazzZeitung","isPartOf":{"@id":"https:\/\/www.jazzzeitung.de\/cms\/#website"},"primaryImageOfPage":{"@id":"https:\/\/www.jazzzeitung.de\/cms\/2025\/05\/like-a-jazz-machine-festival-feines-finale\/#primaryimage"},"image":{"@id":"https:\/\/www.jazzzeitung.de\/cms\/2025\/05\/like-a-jazz-machine-festival-feines-finale\/#primaryimage"},"thumbnailUrl":"https:\/\/i0.wp.com\/www.jazzzeitung.de\/cms\/wp-content\/uploads\/2025\/05\/AkiTakase2_OliverHochkeppe090525-scaled.jpg?fit=2560%2C1707&ssl=1","datePublished":"2025-05-21T08:04:34+00:00","breadcrumb":{"@id":"https:\/\/www.jazzzeitung.de\/cms\/2025\/05\/like-a-jazz-machine-festival-feines-finale\/#breadcrumb"},"inLanguage":"de","potentialAction":[{"@type":"ReadAction","target":["https:\/\/www.jazzzeitung.de\/cms\/2025\/05\/like-a-jazz-machine-festival-feines-finale\/"]}]},{"@type":"ImageObject","inLanguage":"de","@id":"https:\/\/www.jazzzeitung.de\/cms\/2025\/05\/like-a-jazz-machine-festival-feines-finale\/#primaryimage","url":"https:\/\/i0.wp.com\/www.jazzzeitung.de\/cms\/wp-content\/uploads\/2025\/05\/AkiTakase2_OliverHochkeppe090525-scaled.jpg?fit=2560%2C1707&ssl=1","contentUrl":"https:\/\/i0.wp.com\/www.jazzzeitung.de\/cms\/wp-content\/uploads\/2025\/05\/AkiTakase2_OliverHochkeppe090525-scaled.jpg?fit=2560%2C1707&ssl=1","width":2560,"height":1707},{"@type":"BreadcrumbList","@id":"https:\/\/www.jazzzeitung.de\/cms\/2025\/05\/like-a-jazz-machine-festival-feines-finale\/#breadcrumb","itemListElement":[{"@type":"ListItem","position":1,"name":"Startseite","item":"https:\/\/www.jazzzeitung.de\/cms\/"},{"@type":"ListItem","position":2,"name":"&#8222;Like A Jazz Machine&#8220;-Festival: Feines Finale"}]},{"@type":"WebSite","@id":"https:\/\/www.jazzzeitung.de\/cms\/#website","url":"https:\/\/www.jazzzeitung.de\/cms\/","name":"JazzZeitung","description":"Jazz-News und Jazz-Kontroverses","publisher":{"@id":"https:\/\/www.jazzzeitung.de\/cms\/#organization"},"potentialAction":[{"@type":"SearchAction","target":{"@type":"EntryPoint","urlTemplate":"https:\/\/www.jazzzeitung.de\/cms\/?s={search_term_string}"},"query-input":{"@type":"PropertyValueSpecification","valueRequired":true,"valueName":"search_term_string"}}],"inLanguage":"de"},{"@type":"Organization","@id":"https:\/\/www.jazzzeitung.de\/cms\/#organization","name":"JazzZeitung online","url":"https:\/\/www.jazzzeitung.de\/cms\/","logo":{"@type":"ImageObject","inLanguage":"de","@id":"https:\/\/www.jazzzeitung.de\/cms\/#\/schema\/logo\/image\/","url":"https:\/\/i0.wp.com\/www.jazzzeitung.de\/cms\/wp-content\/uploads\/2015\/08\/JAZZZEITUNGDE_Logo_Neu.png?fit=499%2C200&ssl=1","contentUrl":"https:\/\/i0.wp.com\/www.jazzzeitung.de\/cms\/wp-content\/uploads\/2015\/08\/JAZZZEITUNGDE_Logo_Neu.png?fit=499%2C200&ssl=1","width":499,"height":200,"caption":"JazzZeitung online"},"image":{"@id":"https:\/\/www.jazzzeitung.de\/cms\/#\/schema\/logo\/image\/"},"sameAs":["https:\/\/www.facebook.com\/JazzZeitung\/"]},{"@type":"Person","@id":"https:\/\/www.jazzzeitung.de\/cms\/#\/schema\/person\/2245b36b9cd1d24cea10f01c031fb92b","name":"Redaktion JazzZeitung","image":{"@type":"ImageObject","inLanguage":"de","@id":"https:\/\/i0.wp.com\/www.jazzzeitung.de\/cms\/wp-content\/uploads\/2015\/08\/JAZZZEITUNGDE_Logo_Neu.png?resize=96%2C96&ssl=159975dcacb611b5700bd619b5daf0a7a","url":"https:\/\/i0.wp.com\/www.jazzzeitung.de\/cms\/wp-content\/uploads\/2015\/08\/JAZZZEITUNGDE_Logo_Neu.png?resize=96%2C96&ssl=1","contentUrl":"https:\/\/i0.wp.com\/www.jazzzeitung.de\/cms\/wp-content\/uploads\/2015\/08\/JAZZZEITUNGDE_Logo_Neu.png?resize=96%2C96&ssl=1","caption":"Redaktion JazzZeitung"},"description":"Artikel der Redaktion der JazzZeitung.","sameAs":["http:\/\/www.jazzzeitung.de\/cms\/"],"url":"https:\/\/www.jazzzeitung.de\/cms\/author\/redaktion\/"}]}},"wp-worthy-pixel":{"ignored":false,"public":null,"server":null,"url":null},"wp-worthy-type":"normal","jetpack_publicize_connections":[],"cc_featured_image_caption":{"caption_text":"","source_text":"","source_url":""},"jetpack_featured_media_url":"https:\/\/i0.wp.com\/www.jazzzeitung.de\/cms\/wp-content\/uploads\/2025\/05\/AkiTakase2_OliverHochkeppe090525-scaled.jpg?fit=2560%2C1707&ssl=1","jetpack_shortlink":"https:\/\/wp.me\/p3KEcT-8t8","jetpack-related-posts":[{"id":29646,"url":"https:\/\/www.jazzzeitung.de\/cms\/2023\/06\/jazz-sommer-oliver-hochkeppel-ueber-das-comeback-des-muenchener-jazzfestivals\/","url_meta":{"origin":32558,"position":0},"title":"Jazz Sommer: Oliver Hochkeppel \u00fcber das Comeback des M\u00fcnchener Jazzfestivals","author":"Redaktion JazzZeitung","date":"23. Juni 2023","format":false,"excerpt":"Drei Ausgaben des M\u00fcnchener Jazz-Sommers sind coronabedingt ausgefallen. Jetzt geht das einzige M\u00fcnchener Jazzfestival mit internationalem Zuschnitt an den Neustart. Oliver Hochkeppel ist seit M\u00e4rz der neue k\u00fcnstlerische Leiter und sprach mit Jacinta Grundler von der JazzZeitung \u00fcber das Festival und seine pers\u00f6nliche Vision. JazzZeitung: Der Jazz Sommer blickt in\u2026","rel":"","context":"In &quot;Bericht&quot;","block_context":{"text":"Bericht","link":"https:\/\/www.jazzzeitung.de\/cms\/thema\/bericht\/"},"img":{"alt_text":"","src":"https:\/\/i0.wp.com\/www.jazzzeitung.de\/cms\/wp-content\/uploads\/2023\/06\/Jazzrausch_Bigband_Squad_by_Marc_Wilhelm_2021_3-min-scaled.jpg?fit=1200%2C665&ssl=1&resize=350%2C200","width":350,"height":200,"srcset":"https:\/\/i0.wp.com\/www.jazzzeitung.de\/cms\/wp-content\/uploads\/2023\/06\/Jazzrausch_Bigband_Squad_by_Marc_Wilhelm_2021_3-min-scaled.jpg?fit=1200%2C665&ssl=1&resize=350%2C200 1x, https:\/\/i0.wp.com\/www.jazzzeitung.de\/cms\/wp-content\/uploads\/2023\/06\/Jazzrausch_Bigband_Squad_by_Marc_Wilhelm_2021_3-min-scaled.jpg?fit=1200%2C665&ssl=1&resize=525%2C300 1.5x, https:\/\/i0.wp.com\/www.jazzzeitung.de\/cms\/wp-content\/uploads\/2023\/06\/Jazzrausch_Bigband_Squad_by_Marc_Wilhelm_2021_3-min-scaled.jpg?fit=1200%2C665&ssl=1&resize=700%2C400 2x, https:\/\/i0.wp.com\/www.jazzzeitung.de\/cms\/wp-content\/uploads\/2023\/06\/Jazzrausch_Bigband_Squad_by_Marc_Wilhelm_2021_3-min-scaled.jpg?fit=1200%2C665&ssl=1&resize=1050%2C600 3x"},"classes":[]},{"id":31684,"url":"https:\/\/www.jazzzeitung.de\/cms\/2024\/09\/kampf-gegen-die-klischees-new-colours-festival-gelsenkirchen\/","url_meta":{"origin":32558,"position":1},"title":"Kampf gegen die Klischees &#8211; \u201eNew Colours Festival\u201c Gelsenkirchen","author":"Redaktion JazzZeitung","date":"24. September 2024","format":false,"excerpt":"(Text und Fotos: Oliver Hochkeppel)\u00a0Drei EM-Spiele gab es im Sommer in der Schalke-Arena, und ausgerechnet die englischen Fans w\u00e4rmten wieder alle Gelsenkirchen-Klischees von Deutschlands h\u00e4sslichster und \u00e4rmster Stadt auf. Sicher es gibt schlimme Ecken \u2013 wie in mittlerweile jeder englischen Stadt. Seit einigen Jahren schon k\u00e4mpfen die Gelsenkirchener Bernd Zimmermann\u2026","rel":"","context":"In &quot;Bericht&quot;","block_context":{"text":"Bericht","link":"https:\/\/www.jazzzeitung.de\/cms\/thema\/bericht\/"},"img":{"alt_text":"","src":"https:\/\/i0.wp.com\/www.jazzzeitung.de\/cms\/wp-content\/uploads\/2024\/09\/YumiIto5_OliverHochkeppel130924-scaled-e1727168295867.jpg?fit=1200%2C740&ssl=1&resize=350%2C200","width":350,"height":200,"srcset":"https:\/\/i0.wp.com\/www.jazzzeitung.de\/cms\/wp-content\/uploads\/2024\/09\/YumiIto5_OliverHochkeppel130924-scaled-e1727168295867.jpg?fit=1200%2C740&ssl=1&resize=350%2C200 1x, https:\/\/i0.wp.com\/www.jazzzeitung.de\/cms\/wp-content\/uploads\/2024\/09\/YumiIto5_OliverHochkeppel130924-scaled-e1727168295867.jpg?fit=1200%2C740&ssl=1&resize=525%2C300 1.5x, https:\/\/i0.wp.com\/www.jazzzeitung.de\/cms\/wp-content\/uploads\/2024\/09\/YumiIto5_OliverHochkeppel130924-scaled-e1727168295867.jpg?fit=1200%2C740&ssl=1&resize=700%2C400 2x, https:\/\/i0.wp.com\/www.jazzzeitung.de\/cms\/wp-content\/uploads\/2024\/09\/YumiIto5_OliverHochkeppel130924-scaled-e1727168295867.jpg?fit=1200%2C740&ssl=1&resize=1050%2C600 3x"},"classes":[]},{"id":22300,"url":"https:\/\/www.jazzzeitung.de\/cms\/2020\/04\/die-wueste-lebt-das-bahrain-jazzfestival\/","url_meta":{"origin":32558,"position":2},"title":"Die W\u00fcste lebt &#8211; Das Bahrain Jazz Fest","author":"Redaktion JazzZeitung","date":"7. April 2020","format":false,"excerpt":"Selbst in Bahrain gibt es jetzt ein Jazzfestival. Expansion ist Programm Die Liste der L\u00e4nder, die auf der \u2013 wegen COVID-19 auf 29. April bis 2.Mai 2021 verschobenen \u2013 Messe Jazzahead in Bremen vertreten gewesen w\u00e4ren, ist auf der Jazzahead-Homepage alphabetisch sortiert. 23 Nationen sind es inzwischen, was - ebenso\u2026","rel":"","context":"In &quot;Bericht&quot;","block_context":{"text":"Bericht","link":"https:\/\/www.jazzzeitung.de\/cms\/thema\/bericht\/"},"img":{"alt_text":"","src":"https:\/\/i0.wp.com\/www.jazzzeitung.de\/cms\/wp-content\/uploads\/2020\/04\/BahJazz2-scaled-e1586158882942.jpg?fit=1200%2C968&ssl=1&resize=350%2C200","width":350,"height":200,"srcset":"https:\/\/i0.wp.com\/www.jazzzeitung.de\/cms\/wp-content\/uploads\/2020\/04\/BahJazz2-scaled-e1586158882942.jpg?fit=1200%2C968&ssl=1&resize=350%2C200 1x, https:\/\/i0.wp.com\/www.jazzzeitung.de\/cms\/wp-content\/uploads\/2020\/04\/BahJazz2-scaled-e1586158882942.jpg?fit=1200%2C968&ssl=1&resize=525%2C300 1.5x, https:\/\/i0.wp.com\/www.jazzzeitung.de\/cms\/wp-content\/uploads\/2020\/04\/BahJazz2-scaled-e1586158882942.jpg?fit=1200%2C968&ssl=1&resize=700%2C400 2x, https:\/\/i0.wp.com\/www.jazzzeitung.de\/cms\/wp-content\/uploads\/2020\/04\/BahJazz2-scaled-e1586158882942.jpg?fit=1200%2C968&ssl=1&resize=1050%2C600 3x"},"classes":[]},{"id":23878,"url":"https:\/\/www.jazzzeitung.de\/cms\/2020\/11\/munichs-finest-jazz-organ-summit-zwei-tage-festival-im-jazzclub-unterfahrt\/","url_meta":{"origin":32558,"position":3},"title":"&#8222;Munich&#8217;s Finest\u201c &#8211; Jazz Organ Summit: Zwei Tage Festival im Jazzclub Unterfahrt","author":"Thomas J. Krebs","date":"27. November 2020","format":false,"excerpt":"Die von Laurens Hammond in den 1930er Jahren erfundene Hammondorgel erfreute sich in den 1960er und 1970er Jahren der wohl gr\u00f6\u00dften Popularit\u00e4t, gerade im Jazz. Der Hammondklassiker, das Modell B-3 in Verbindung mit einem Leslie-Lautsprechersystem, ist klanglich bis heute einzigartig unverwechselbar und hat sich nach wie vor im Jazz, aber\u2026","rel":"","context":"In &quot;Bericht&quot;","block_context":{"text":"Bericht","link":"https:\/\/www.jazzzeitung.de\/cms\/thema\/bericht\/"},"img":{"alt_text":"","src":"https:\/\/i0.wp.com\/www.jazzzeitung.de\/cms\/wp-content\/uploads\/2020\/11\/Titelbild-Farbe-P1918871-Bublath-Trio-Foto-TJ-Krebs.jpg?fit=1200%2C808&ssl=1&resize=350%2C200","width":350,"height":200,"srcset":"https:\/\/i0.wp.com\/www.jazzzeitung.de\/cms\/wp-content\/uploads\/2020\/11\/Titelbild-Farbe-P1918871-Bublath-Trio-Foto-TJ-Krebs.jpg?fit=1200%2C808&ssl=1&resize=350%2C200 1x, https:\/\/i0.wp.com\/www.jazzzeitung.de\/cms\/wp-content\/uploads\/2020\/11\/Titelbild-Farbe-P1918871-Bublath-Trio-Foto-TJ-Krebs.jpg?fit=1200%2C808&ssl=1&resize=525%2C300 1.5x, https:\/\/i0.wp.com\/www.jazzzeitung.de\/cms\/wp-content\/uploads\/2020\/11\/Titelbild-Farbe-P1918871-Bublath-Trio-Foto-TJ-Krebs.jpg?fit=1200%2C808&ssl=1&resize=700%2C400 2x, https:\/\/i0.wp.com\/www.jazzzeitung.de\/cms\/wp-content\/uploads\/2020\/11\/Titelbild-Farbe-P1918871-Bublath-Trio-Foto-TJ-Krebs.jpg?fit=1200%2C808&ssl=1&resize=1050%2C600 3x"},"classes":[]},{"id":12756,"url":"https:\/\/www.jazzzeitung.de\/cms\/2017\/06\/news-jazzorchester-featuring-wu-wei-29-06-2017-in-weimar-jazz-live-keys-sticks-fotografien-von-thomas-j-krebs-vernissage\/","url_meta":{"origin":32558,"position":4},"title":"+++ News +++ \u201eJazzorchester featuring Wu Wei\u201c in Weimar +++ &#8222;JAZZ &#8211; live, keys &#038; sticks&#8220;: Fotografien von Thomas J. Krebs in Unterf\u00f6hring +++ 1. Jazzfest Ottobrunn im Wolf-Ferrari-Haus +++","author":"Redaktion JazzZeitung","date":"22. Juni 2017","format":false,"excerpt":"+++ \u201eJazzorchester featuring Wu Wei\u201c 29.06.2017 in Weimar +++ Am Donnerstag, 29. Juni um 19:30 Uhr im Festsaal F\u00fcrstenhaus wird ein Konzert-Projekt f\u00fcr ein Programm mit einem Gastsolisten, dem chinesischen Mundorgelspieler, Wu Wei stattfinden. Er spielt auf der \u201eCheng\u201c, einem Instrument mit 3.000 Jahre alter Tradition, das seine Kl\u00e4nge mit\u2026","rel":"","context":"In &quot;Bericht&quot;","block_context":{"text":"Bericht","link":"https:\/\/www.jazzzeitung.de\/cms\/thema\/bericht\/"},"img":{"alt_text":"","src":"https:\/\/i0.wp.com\/www.jazzzeitung.de\/cms\/wp-content\/uploads\/2017\/06\/Schultze_Stefan_Foto_Maik_Schuck-150x150.jpg?resize=350%2C200&ssl=1","width":350,"height":200},"classes":[]},{"id":30593,"url":"https:\/\/www.jazzzeitung.de\/cms\/2024\/02\/aufbruch-in-den-jazz\/","url_meta":{"origin":32558,"position":5},"title":"Aufbruch in den Jazz: Eindr\u00fccke vom 1. Internationalen Jazz Festival im saudi-arabischen Riad","author":"Redaktion JazzZeitung","date":"16. Februar 2024","format":false,"excerpt":"Der Jazz wird Teil der saudischen Kulturpolitik Im \u201eAlten Europa\", wie es ein gewisser US-Pr\u00e4sident einmal formulierte, tut man sich mit Ver\u00e4nderungen immer schwerer. Wenn hierzulande in einem jahrelangen Prozess das Heizen umgestellt werden soll, gibt es nahezu einen Volksaufstand; der Bau von Flugh\u00e4fen oder Schnellbahnlinien dauert Jahrzehnte; die Briten\u2026","rel":"","context":"In &quot;Bericht&quot;","block_context":{"text":"Bericht","link":"https:\/\/www.jazzzeitung.de\/cms\/thema\/bericht\/"},"img":{"alt_text":"","src":"https:\/\/i0.wp.com\/www.jazzzeitung.de\/cms\/wp-content\/uploads\/2024\/02\/RJF_YoBrown6_OliverHochkeppel080224-scaled.jpg?fit=1200%2C803&ssl=1&resize=350%2C200","width":350,"height":200,"srcset":"https:\/\/i0.wp.com\/www.jazzzeitung.de\/cms\/wp-content\/uploads\/2024\/02\/RJF_YoBrown6_OliverHochkeppel080224-scaled.jpg?fit=1200%2C803&ssl=1&resize=350%2C200 1x, https:\/\/i0.wp.com\/www.jazzzeitung.de\/cms\/wp-content\/uploads\/2024\/02\/RJF_YoBrown6_OliverHochkeppel080224-scaled.jpg?fit=1200%2C803&ssl=1&resize=525%2C300 1.5x, https:\/\/i0.wp.com\/www.jazzzeitung.de\/cms\/wp-content\/uploads\/2024\/02\/RJF_YoBrown6_OliverHochkeppel080224-scaled.jpg?fit=1200%2C803&ssl=1&resize=700%2C400 2x, https:\/\/i0.wp.com\/www.jazzzeitung.de\/cms\/wp-content\/uploads\/2024\/02\/RJF_YoBrown6_OliverHochkeppel080224-scaled.jpg?fit=1200%2C803&ssl=1&resize=1050%2C600 3x"},"classes":[]}],"jetpack_sharing_enabled":true,"_links":{"self":[{"href":"https:\/\/www.jazzzeitung.de\/cms\/wp-json\/wp\/v2\/posts\/32558","targetHints":{"allow":["GET"]}}],"collection":[{"href":"https:\/\/www.jazzzeitung.de\/cms\/wp-json\/wp\/v2\/posts"}],"about":[{"href":"https:\/\/www.jazzzeitung.de\/cms\/wp-json\/wp\/v2\/types\/post"}],"author":[{"embeddable":true,"href":"https:\/\/www.jazzzeitung.de\/cms\/wp-json\/wp\/v2\/users\/18"}],"replies":[{"embeddable":true,"href":"https:\/\/www.jazzzeitung.de\/cms\/wp-json\/wp\/v2\/comments?post=32558"}],"version-history":[{"count":1,"href":"https:\/\/www.jazzzeitung.de\/cms\/wp-json\/wp\/v2\/posts\/32558\/revisions"}],"predecessor-version":[{"id":32580,"href":"https:\/\/www.jazzzeitung.de\/cms\/wp-json\/wp\/v2\/posts\/32558\/revisions\/32580"}],"wp:featuredmedia":[{"embeddable":true,"href":"https:\/\/www.jazzzeitung.de\/cms\/wp-json\/wp\/v2\/media\/32569"}],"wp:attachment":[{"href":"https:\/\/www.jazzzeitung.de\/cms\/wp-json\/wp\/v2\/media?parent=32558"}],"wp:term":[{"taxonomy":"category","embeddable":true,"href":"https:\/\/www.jazzzeitung.de\/cms\/wp-json\/wp\/v2\/categories?post=32558"},{"taxonomy":"post_tag","embeddable":true,"href":"https:\/\/www.jazzzeitung.de\/cms\/wp-json\/wp\/v2\/tags?post=32558"},{"taxonomy":"author","embeddable":true,"href":"https:\/\/www.jazzzeitung.de\/cms\/wp-json\/wp\/v2\/coauthors?post=32558"}],"curies":[{"name":"wp","href":"https:\/\/api.w.org\/{rel}","templated":true}]}}