{"id":32554,"date":"2025-05-18T12:00:45","date_gmt":"2025-05-18T10:00:45","guid":{"rendered":"https:\/\/www.jazzzeitung.de\/cms\/?p=32554"},"modified":"2025-05-16T10:52:39","modified_gmt":"2025-05-16T08:52:39","slug":"die-eingeschmolzene-jazz-radiowoche-vom-19-05-2025-bis-25-05-2025","status":"publish","type":"post","link":"https:\/\/www.jazzzeitung.de\/cms\/2025\/05\/die-eingeschmolzene-jazz-radiowoche-vom-19-05-2025-bis-25-05-2025\/","title":{"rendered":"Die eingeschmolzene Jazz-Radiowoche vom 19.05.2025 bis 25.05.2025"},"content":{"rendered":"<p class=\"western\"><a name=\"_Hlk71805784\"><\/a> Die \u00dcbersicht zum <span style=\"color: #0563c1;\"><u><a href=\"https:\/\/service.conbrio.de\/service\/download\/278\/\" name=\"Download des PDF\">Download als PDF<\/a><\/u><\/span><span style=\"text-decoration: line-through;\">.<\/span> Alle Angaben ohne Gew\u00e4hr. Erg\u00e4nzt mit den tollen Sendungen zur Neuen Musik von BR-KLASSIK und \u00d61.<\/p>\n<p class=\"western\">Leider hat die ARD ihre Suchmaschine in Fragen Radio in der Zwischenzeit komplett geschreddert, nachdem sie in den vergangenen Jahren schon nicht mehr \u00fcber Schlagworte funktioniert hat. Damit sind wir nun komplett auf Zulieferungen der Sendeanstalten angewiesen. Aktuell bekommen wir Informationen von SWR Kultur, \u00d61 und in Sachen Neue Musik von BR-KLASSIK und ebenfalls \u00d61.<\/p>\n<hr \/>\n<h2 class=\"western\"><a name=\"__RefHeading___Toc532_2049876245\"><\/a><a name=\"_Toc175140589\"><\/a><a name=\"_Toc174527976\"><\/a><a name=\"_Toc190257440\"><\/a><a name=\"_Toc189815284\"><\/a><a name=\"_Toc189813526\"><\/a><a name=\"_Toc188957623\"><\/a><a name=\"_Toc188530705\"><\/a><a name=\"_Toc187143015\"><\/a><a name=\"_Toc186792938\"><\/a><a name=\"_Toc185409041\"><\/a><a name=\"_Toc184290543\"><\/a><a name=\"_Toc183595478\"><\/a><a name=\"_Toc176424572\"><\/a> Senderliste:<\/h2>\n<hr \/>\n<ul>\n<li><span style=\"color: #0563c1;\"><u><a href=\"https:\/\/oe1.orf.at\/\" name=\"Link zum ORF\">ORF \u2013 \u00d61<\/a><\/u><\/span><\/li>\n<li><span style=\"color: #0563c1;\"><u><a href=\"https:\/\/www.deutschlandradio.de\/\" name=\"Link zum Deutschlandfunk\">Deutschlandfunk<\/a><\/u><\/span> \u2013 \u201eFakten und mehr\u201c<\/li>\n<li><span style=\"color: #0563c1;\"><u><a href=\"https:\/\/www.deutschlandfunkkultur.de\/\" name=\"Link zu Deutschlandfunk Kultur\">Deutschlandfunk-Kultur<\/a><\/u><\/span> \u2013 \u201eDas Feuilleton im Radio\u201c<\/li>\n<li><span style=\"color: #0563c1;\"><u><a href=\"https:\/\/www.ndr.de\/ndrkultur\/\" name=\"Link zu ndr kultur\">ndr Kultur<\/a><\/u><\/span> \u2013 H\u00f6ren und genie\u00dfen<\/li>\n<li><span style=\"color: #0563c1;\"><u><a href=\"https:\/\/www.ndr.de\/ndrblue\/index.html\" name=\"Link zu ndr blue\"><span lang=\"en-US\">ndr blue<\/span><\/a><\/u><\/span><span lang=\"en-US\"> \u2013 Meet The Music<\/span><\/li>\n<li><span style=\"color: #0563c1;\"><u><a href=\"https:\/\/www.bremenzwei.de\/\" name=\"Link zu Radio Bremen\">radio bremen<\/a><\/u><\/span> \u2013 Neugier lohnt sich.<\/li>\n<li><span style=\"color: #0563c1;\"><u><a href=\"https:\/\/www.radiodrei.de\/\" name=\"Link zu Radio 3 von Berlin\">Radio 3<\/a><\/u><\/span> \u2013<\/li>\n<li><span style=\"color: #0563c1;\"><u><a href=\"https:\/\/www.mdr.de\/kultur\/radio\/index.html\" name=\"Link zu medr-kultur\">mdr-kultur<\/a><\/u><\/span> \u2013 Das Radio.<\/li>\n<li><a href=\"https:\/\/www1.wdr.de\/radio\/wdr3\/\" name=\"Link zu WDR3\"><span style=\"color: #0563c1;\"><u>W<\/u><\/span><span style=\"color: #0563c1;\"><u>DR<\/u><\/span><span style=\"color: #0563c1;\"><u>3<\/u><\/span><\/a> \u2013 Das Kulturradio<\/li>\n<li><span style=\"color: #0563c1;\"><u><a href=\"https:\/\/www.hr2.de\/index.html\" name=\"Link zu hr2-kultur\">hr2-kultur<\/a><\/u><\/span> \u2013 Das Kulturradio f\u00fcr Hessen.<\/li>\n<li><a href=\"https:\/\/www.sr.de\/sr\/sr2\/index.html\" name=\"Link zu SR2-Kulturradio\"><span style=\"color: #0563c1;\"><u>S<\/u><\/span><span style=\"color: #0563c1;\"><u>R<\/u><\/span><span style=\"color: #0563c1;\"><u>2 Kulturradio<\/u><\/span><\/a> \u2013 \u2026 gut zu h\u00f6ren.<\/li>\n<li><a href=\"https:\/\/www.swr.de\/swr2\/\" name=\"Link zu SWR Kuultur\"><span style=\"color: #0563c1;\"><u>S<\/u><\/span><span style=\"color: #0563c1;\"><u>WR<\/u><\/span><u> <\/u><\/a><span style=\"color: #0563c1;\"><u>kultur<\/u><\/span> \u2013 Kultur neu entdecken<\/li>\n<li><span style=\"color: #0563c1;\"><u><a href=\"https:\/\/www.br.de\/radio\/br-klassik\/index.html\" name=\"Link zu BR-Klassik\">BR-KLASSIK<\/a><\/u><\/span> \u2013 Klassikstars geben auf BR-KLASSIK den Ton an. Attraktive Magazine bringen Interviews und Neuigkeiten aus dem Musikleben.<\/li>\n<li><span style=\"color: #0563c1;\"><u><a href=\"https:\/\/www.br.de\/radio\/bayern2\/index.html\" name=\"Link zu Bayern2\">Bayern 2<\/a><\/u><\/span> \u2013 Preisgekr\u00f6ntes Radio f\u00fcr H\u00f6rer, die mehr wissen wollen<br \/>\n<hr \/>\n<\/li>\n<\/ul>\n<h2 class=\"western\"><a name=\"__RefHeading___Toc534_2049876245\"><\/a><a name=\"_Toc189815285\"><\/a><a name=\"_Toc189813527\"><\/a><a name=\"_Toc188957624\"><\/a><a name=\"_Toc188530706\"><\/a><a name=\"_Toc187143016\"><\/a><a name=\"_Toc186792939\"><\/a><a name=\"_Toc185409042\"><\/a><a name=\"_Toc184290544\"><\/a><a name=\"_Toc183595479\"><\/a><a name=\"_Toc176424573\"><\/a><a name=\"_Toc175140590\"><\/a><a name=\"_Toc190257441\"><\/a> Internet:<\/h2>\n<hr \/>\n<ul>\n<li>Schweden: <span style=\"color: #0563c1;\"><u><a href=\"https:\/\/sverigesradio.se\/tabla.aspx?programid=2562\" name=\"Link zu Schwedens Radio P&quot;\">P2<\/a><\/u><\/span> sendet immer Dienstags von 21:00 bis 22:00 und Sonntags von 18:40 bis 20:00 ein Jazzkonzert<\/li>\n<li>Ungarn: <span style=\"color: #0563c1;\"><u><a href=\"https:\/\/mediaklikk.hu\/bartok\/\" name=\"Link zu Bart\u00f3k-Radio\">Bartok Radio<\/a><\/u><\/span> sendet t\u00e4glich von 23:00 bis 23:55 eine Jazzsendung<\/li>\n<\/ul>\n<hr \/>\n<h2 class=\"western\"><a name=\"__RefHeading___Toc2311_2103619283\"><\/a> mo &#8211; 19.05.2025<\/h2>\n<hr \/>\n<p class=\"western\">17:30:00 +++ \u00d61<br \/>\n<b>Musik aus allen Richtungen mit Astrid Schwarz und Rainer Elstner.<\/b><\/p>\n<p class=\"western\">19:30:00 +++ \u00d61<br \/>\n<b>Die portugiesische Singer-Songwriterin Cristina Clara im M\u00e4rz 2025 im RadioKulturhaus in Wien<\/b><\/p>\n<p class=\"western\" style=\"padding-left: 40px;\">Am 29. M\u00e4rz 2025 stellte sich die portugiesische Singer-Songwriterin Cristina Clara mit ihrer Band im Gro\u00dfen Sendesaal des Wiener RadioKulturhauses vor. Clara bezirzte mit warmer, schlanker Stimme und Melodien und Rhythmen, die sich von Jazz und Pop ebenso inspiriert zeigten wie von den Traditionsmusiken der lusofonen Welt, aus Brasilien \u00fcber die Kapverden bis nach Lissabon, wo Clara seit 20 Jahren lebt.<\/p>\n<p class=\"western\" style=\"padding-left: 40px;\">Fado trifft Morna, Choro und mehr: Damit \u00fcberzeugte Cristina Clara im Oktober 2024 die Besucher:innen der WOMEX in Manchester. Und damit begeisterte sie auch das Publikum im Gro\u00dfen Sendesaal des RadioKulturhauses.<\/p>\n<p class=\"western\">22:03 \u2013 23:00 UHR +++ SWR KULTUR<br \/>\n<b>ARD Jazz. Spotlight: Seid ihr schon l\u00e4nger hier? \u2013 Jazz im postmigrantischen Deutschland<\/b><\/p>\n<p class=\"western\" style=\"padding-left: 40px;\">Von Konrad Bott. Der Jazz gilt als eine Musik voller Freiheit, als Musik, die mit der Improvisation ganz besonders auf individuellen Ausdruck setzt. Au\u00dferdem ist er historisch untrennbar mit der Rebellion gegen Ausgrenzung und Unterdr\u00fcckung verbunden. Wie ist das in Deutschland 2025? Ist der Jazz immer noch ein k\u00fcnstlerisches Werkzeug zur Selbsterm\u00e4chtigung unter Menschen, die Rassismus erfahren? Oder spielt dieser Aspekt des Jazz f\u00fcr Musikerinnen und Musiker mit wahrnehmbarer Migrationsgeschichte hierzulande gar keine Rolle mehr? Spotlight an!<\/p>\n<p class=\"western\">23:03:00 +++ \u00d61<br \/>\n<b>Der portugiesische Komponist Lu\u00eds Tinoco im Portr\u00e4t \u2013 Der Pessoa-Preistr\u00e4ger und sein \u201eInteresse f\u00fcr das Ph\u00e4nomen der Sch\u00f6pfung\u201c<\/b><\/p>\n<p class=\"western\" style=\"padding-left: 40px;\">Der renommierte Pessoa-Preis zeichnet herausragende Pers\u00f6nlichkeiten des portugiesischen kulturellen und wissenschaftlichen Lebens aus; 2024 hat ihn der portugiesische Komponist Lu\u00eds Tinoco (*1966) erhalten, als insgesamt erst dritter K\u00fcnstler der Sparte Musik \u2013 und das im 38. Jahr des Preises. Ganz entsprechend seinen eigenen vielf\u00e4ltigen Bet\u00e4tigungen \u2013 er ist Komponist, Universit\u00e4tsprofessor, Radiojournalist, Veranstalter und Forscher \u2013 w\u00fcnscht er sich, dass der Preis als Anerkennung f\u00fcr die gesamte Musikszene verstanden wird, inklusive der Interpret:innen und Wissenschafter:innen. Sein Werkkatalog umfasst gro\u00dfe Orchesterwerke, Opern und Kammermusik, von denen viele eingespielt wurden.<\/p>\n<p class=\"western\" style=\"padding-left: 40px;\">Auf die Frage, welche Themen ihn bei seiner eigenen Musik, beim Komponieren besch\u00e4ftigen, meint Tinoco: \u201eIch interessiere mich grunds\u00e4tzlich f\u00fcr das Ph\u00e4nomen der Sch\u00f6pfung. Antworten auf kompositorische Probleme zu finden, \u00fcber die Herausforderungen jeder neuen Partitur nachzudenken und L\u00f6sungen zu finden, die es mir erm\u00f6glichen, meine Arbeitsmethoden weiterzuentwickeln und zu erneuern. Ich bin auch sehr daran interessiert, darauf zu achten, was weltweit von Musikern verschiedener Generationen und Stile geschaffen wird. Ich bin nicht daran interessiert, &#8218;Sippschaften&#8216; (meiner eigenen oder den anderer) zugeordnet zu werden. Ich bin daran interessiert, die Praxis des Schaffens zu verstehen und einen Sinn darin zu finden, besonders in einer Zeit, in der ein Gro\u00dfteil der Realit\u00e4t, die ich beobachte, dunkel, ungerecht und bedrohlich ist. Es geht mir im Wesentlichen darum, auf den Impuls des Schreibens zu reagieren, ohne jedoch die Suche nach dem Sinn des heutigen Musikmachens zu vernachl\u00e4ssigen.\u201c Gestaltung: Marie-Therese Rudolph<\/p>\n<hr \/>\n<h2 class=\"western\"><a name=\"__RefHeading___Toc2313_2103619283\"><\/a>di &#8211; 20.05.2025<\/h2>\n<hr \/>\n<p class=\"western\">17:30:00 +++ \u00d61<br \/>\n<b>Musik aus allen Richtungen.<\/b><\/p>\n<p class=\"western\">23:03:00 +++ \u00d61<br \/>\n<b>Eine Woche art@CMS im CERN \u2013 Klangpartikel im Teilchenbeschleuniger<\/b><\/p>\n<p class=\"western\" style=\"padding-left: 40px;\">Woher kommen wir? Und wie ist der Raum, in dem wir mit unserem Heimatplaneten Erde eingebettet sind, beschaffen? Es sind die gro\u00dfen Fragen der Menschheit, die die Wissenschaftler:innen der ESA, der Europ\u00e4ischen Weltraumorganisation antreiben, &#8211; seit bereits 50 Jahren. Am 30. Mai 1975 wurde die ESA gegr\u00fcndet und diesen runden Geburtstag feiern wir, den ganzen kommenden Donnerstag lang, mit einem \u00d61 \u201eSpace Day\u201c. Zeit-Ton gl\u00fcht schon einmal vor. Wir reisen heute zwar nicht hinaus in das Weltall, sondern in die genau entgegengesetzte Richtung, um jedoch schlie\u00dflich ebenfalls beim Anfang allen Seins anzukommen.<\/p>\n<p class=\"western\" style=\"padding-left: 40px;\">Aus welchen Bausteinen alles und damit auch wir zusammengesetzt sind versuchen die Wissenschaftler:innen am CERN herauszufinden, am weitl\u00e4ufigen Gel\u00e4nde der Europ\u00e4ischen Organisation f\u00fcr Kernforschung nahe Genf. Dort befindet sich der derzeit weltgr\u00f6\u00dfte Teilchenbeschleuniger, der Large Hadron Collider (LHC), mit dem ein Zustand hergestellt werden kann, der jenem kurz nach dem Urknall \u00e4hnelt, so die Annahme.<\/p>\n<p class=\"western\" style=\"padding-left: 40px;\">Wir durften Mitte Februar an einer \u201eSciArt Dialogue Week\u201c teilnehmen, zu der Teilchenphysiker, Fotograph und K\u00fcnstler Michael Hoch im Rahmen seines Programmes \u201eart@CMS\u201c geladen hat. CMS (Compact Muon Solenoid) ist der Name von einem der vier Teilchendetektoren des LHC. Seit 2012 verbindet art@CMS die Wissenschaftsgemeinschaft rund um CMS und weitere angrenzende Institutionen mit Kunstschaffenden, Kunststudierenden und Kunstlehrenden, um m\u00f6glichst viele Menschen f\u00fcr die Teilchenphysik zu begeistern.<\/p>\n<p class=\"western\" style=\"padding-left: 40px;\">F\u00fcr die \u201eSciArt Dialogue Week\u201c Mitte Februar nach Genf gereist sind u.a. Studierende und Lehrende der Hochschule f\u00fcr Musik Karlsruhe, der Kunst Akademie Karlsruhe und der Florida State University. Gestaltung: Susanna\u00a0Niedermayr<\/p>\n<hr \/>\n<h2 class=\"western\"><a name=\"__RefHeading___Toc2315_2103619283\"><\/a>mi &#8211; 21.05.2025<\/h2>\n<hr \/>\n<p class=\"western\">17:30:00 +++ \u00d61<br \/>\n<b>Musik aus allen Richtungen mit Ulla Pilz und Michael Neuhauser.<\/b><\/p>\n<p class=\"western\">22:03 \u2013 23:00 UHR +++ SWR KULTUR<br \/>\n<b>ARD Jazz. Das Magazin<\/b><\/p>\n<p class=\"western\" style=\"padding-left: 40px;\">Von Niklas Wandt. Das w\u00f6chentliche Jazz-Update, pr\u00e4sentiert von Eurer ARD: Au\u00dfergew\u00f6hnliche Ver\u00f6ffentlichungen, relevante Ereignisse und aktuelle Debatten. Wir diskutieren Jazz in allen seinen Facetten und suchen auch deutschlandweit die Orte auf, an denen er zuhause ist. Nicht verpassen!<\/p>\n<figure id=\"attachment_32555\" aria-describedby=\"caption-attachment-32555\" style=\"width: 600px\" class=\"wp-caption aligncenter\"><a href=\"https:\/\/i0.wp.com\/www.jazzzeitung.de\/cms\/wp-content\/uploads\/2025\/05\/baum_im_asphalt-topaz-denoise-lighting-upscale-1x.jpg?ssl=1\"><img data-recalc-dims=\"1\" loading=\"lazy\" decoding=\"async\" data-attachment-id=\"32555\" data-permalink=\"https:\/\/www.jazzzeitung.de\/cms\/2025\/05\/die-eingeschmolzene-jazz-radiowoche-vom-19-05-2025-bis-25-05-2025\/baum_im_asphalt-topaz-denoise-lighting-upscale-1x\/\" data-orig-file=\"https:\/\/i0.wp.com\/www.jazzzeitung.de\/cms\/wp-content\/uploads\/2025\/05\/baum_im_asphalt-topaz-denoise-lighting-upscale-1x.jpg?fit=1279%2C1279&amp;ssl=1\" data-orig-size=\"1279,1279\" data-comments-opened=\"1\" data-image-meta=\"{&quot;aperture&quot;:&quot;0&quot;,&quot;credit&quot;:&quot;&quot;,&quot;camera&quot;:&quot;&quot;,&quot;caption&quot;:&quot;&quot;,&quot;created_timestamp&quot;:&quot;0&quot;,&quot;copyright&quot;:&quot;&quot;,&quot;focal_length&quot;:&quot;0&quot;,&quot;iso&quot;:&quot;0&quot;,&quot;shutter_speed&quot;:&quot;0&quot;,&quot;title&quot;:&quot;&quot;,&quot;orientation&quot;:&quot;0&quot;}\" data-image-title=\"Hoffnungsvolles. Foto: Hufner\" data-image-description=\"&lt;p&gt;Hoffnungsvolles. Foto: Hufner&lt;\/p&gt;\n\" data-image-caption=\"&lt;p&gt;Hoffnungsvolles. Foto: Hufner&lt;\/p&gt;\n\" data-large-file=\"https:\/\/i0.wp.com\/www.jazzzeitung.de\/cms\/wp-content\/uploads\/2025\/05\/baum_im_asphalt-topaz-denoise-lighting-upscale-1x.jpg?fit=600%2C600&amp;ssl=1\" class=\"size-large wp-image-32555\" src=\"https:\/\/i0.wp.com\/www.jazzzeitung.de\/cms\/wp-content\/uploads\/2025\/05\/baum_im_asphalt-topaz-denoise-lighting-upscale-1x.jpg?resize=600%2C600&#038;ssl=1\" alt=\"Hoffnungsvolles. Foto: Hufner\" width=\"600\" height=\"600\" data-wp-editing=\"1\" srcset=\"https:\/\/i0.wp.com\/www.jazzzeitung.de\/cms\/wp-content\/uploads\/2025\/05\/baum_im_asphalt-topaz-denoise-lighting-upscale-1x.jpg?resize=600%2C600&amp;ssl=1 600w, https:\/\/i0.wp.com\/www.jazzzeitung.de\/cms\/wp-content\/uploads\/2025\/05\/baum_im_asphalt-topaz-denoise-lighting-upscale-1x.jpg?resize=300%2C300&amp;ssl=1 300w, https:\/\/i0.wp.com\/www.jazzzeitung.de\/cms\/wp-content\/uploads\/2025\/05\/baum_im_asphalt-topaz-denoise-lighting-upscale-1x.jpg?resize=150%2C150&amp;ssl=1 150w, https:\/\/i0.wp.com\/www.jazzzeitung.de\/cms\/wp-content\/uploads\/2025\/05\/baum_im_asphalt-topaz-denoise-lighting-upscale-1x.jpg?resize=768%2C768&amp;ssl=1 768w, https:\/\/i0.wp.com\/www.jazzzeitung.de\/cms\/wp-content\/uploads\/2025\/05\/baum_im_asphalt-topaz-denoise-lighting-upscale-1x.jpg?resize=24%2C24&amp;ssl=1 24w, https:\/\/i0.wp.com\/www.jazzzeitung.de\/cms\/wp-content\/uploads\/2025\/05\/baum_im_asphalt-topaz-denoise-lighting-upscale-1x.jpg?resize=48%2C48&amp;ssl=1 48w, https:\/\/i0.wp.com\/www.jazzzeitung.de\/cms\/wp-content\/uploads\/2025\/05\/baum_im_asphalt-topaz-denoise-lighting-upscale-1x.jpg?resize=96%2C96&amp;ssl=1 96w, https:\/\/i0.wp.com\/www.jazzzeitung.de\/cms\/wp-content\/uploads\/2025\/05\/baum_im_asphalt-topaz-denoise-lighting-upscale-1x.jpg?w=1279&amp;ssl=1 1279w\" sizes=\"auto, (max-width: 600px) 100vw, 600px\" \/><\/a><figcaption id=\"caption-attachment-32555\" class=\"wp-caption-text\">Hoffnungsvolles. Foto: Hufner<\/figcaption><\/figure>\n<hr \/>\n<h2 class=\"western\"><a name=\"__RefHeading___Toc2317_2103619283\"><\/a>do &#8211; 22.05.2025<\/h2>\n<hr \/>\n<p class=\"western\">17:30:00 +++ \u00d61<br \/>\n<b>Musik aus allen Richtungen mit Andreas Felber.<\/b><\/p>\n<p class=\"western\">22:03 \u2013 23:00 UHR +++ SWR KULTUR<br \/>\n<b>Blues`n`Roots<\/b><\/p>\n<p class=\"western\" style=\"padding-left: 40px;\">Von Dagmar Fulle . In dieser Sendung pr\u00e4sentieren wir alte und neue Aufnahmen aus den Bereichen Blues, Jazz, Swing, Rhythm&#8217;n&#8217;Blues, Soul und Country. (\u00dcbernahme von hr2-kultur)<\/p>\n<p class=\"western\">23:03 bis 00:00 Uhr +++ BR-KLASSIK<br \/>\n<b>Horizonte: Ernst von Siemens Musikstiftung 2025<\/b><\/p>\n<p class=\"western\" style=\"padding-left: 40px;\">Verleihung der F\u00f6rderpreise. Mitschnitt vom 17. Mai 2025 aus dem Herkulessaal der M\u00fcnchner Residenz<\/p>\n<hr \/>\n<h2 class=\"western\"><a name=\"__RefHeading___Toc2319_2103619283\"><\/a>fr &#8211; 23.05.2025<\/h2>\n<hr \/>\n<p class=\"western\">00:05:00 +++ \u00d61<br \/>\n<b>Der Weltraum als Inspirationsquelle f\u00fcr Jazzmusiker und -musikerinnen<\/b><\/p>\n<p class=\"western\" style=\"padding-left: 40px;\">Die Unendlichkeit des Weltalls, bekannte und unbekannte Planeten, Sterne und Galaxien sowie ihre Wirkung auf uns sind auch f\u00fcr Jazzmusiker:innen stetige Inspirationsquellen. Mary Lou Williams begann schon 1942 an ihrer \u201eZodiac Suite\u201c zu arbeiten, 1960 komponierte George Russell \u201eJazz in the Space Age\u201c, Sun Ra proklamierte 1973: \u201eSpace is the Place.\u201c<\/p>\n<p class=\"western\" style=\"padding-left: 40px;\">Und die Faszination h\u00e4lt an: Von den Nordlichtern lie\u00df sich die Trompeterin Jaimie Branch kurz vor ihrem Tod 2022 zu \u201eAurora Rising\u201c und \u201eBorealis Dancing\u201c inspirieren, und Lisa Ull\u00e9n, Elsa Bergman und Anna Lund nennen ihr Trio schlicht, aber mehrdeutig: Space.<\/p>\n<p class=\"western\" style=\"padding-left: 40px;\">Ob assoziativ im Klang oder plakativ im Titel: Zum Abschluss des \u00d61 Space Days begibt sich Xavier Plus in einer \u201e\u00d61 Space Jazz Night\u201c auf die Suche nach dem All im Kosmos des Jazz.<\/p>\n<p class=\"western\">01:03:00 +++ \u00d61<br \/>\n<b>Der Weltraum als Inspirationsquelle f\u00fcr Jazzmusiker und -musikerinnen<\/b><\/p>\n<p class=\"western\">03:03:00 +++ \u00d61<br \/>\n<b>Der Weltraum als Inspirationsquelle f\u00fcr Jazzmusiker und -musikerinnen<\/b><\/p>\n<p class=\"western\">05:03:00 +++ \u00d61<br \/>\n<b>Der Weltraum als Inspirationsquelle f\u00fcr Jazzmusiker und -musikerinnen<\/b><\/p>\n<p class=\"western\">14:05:00 +++ \u00d61<br \/>\n<b>Der US-amerikanische Pianist Emmet Cohen und sein Trio 2024 beim L&#8217;Estartit-Festival an der spanischen Costa Brava<\/b><\/p>\n<p class=\"western\" style=\"padding-left: 40px;\">Rund zehn Alben hat Emmet Cohen mit Gr\u00f6\u00dfen wie Ron Carter, George Coleman und Christian McBride ver\u00f6ffentlicht. Im Fokus der Aktivit\u00e4ten des umtriebigen US-amerikanischen Pianisten, der am 25. Mai seinen 35. Geburtstag feiert, steht aber sein Trio mit Kontrabassist Philip Norris und Schlagzeuger Kyle Poole.<\/p>\n<p class=\"western\" style=\"padding-left: 40px;\">Damit und mit seinen w\u00e4hrend der Pandemie live aus seiner Wohnung in Harlem, New York City, gestreamten Konzerten ist Cohen zu einer zentralen Figur seiner Generation im Jazz aufgestiegen. Am<\/p>\n<p class=\"western\" style=\"padding-left: 40px;\">28. Juli 2024 war Emmet Cohen mit den genannten Mitstreitern beim L&#8217;Estartit-Festival in El Molinet an der spanischen Costa Brava zu Gast. Die Energie, der Spielwitz und die stupende Technik des Trios hinterlie\u00dfen ein begeistertes Publikum.<\/p>\n<p class=\"western\">17:30:00 +++ \u00d61<br \/>\n<b>Musik aus allen Richtungen mit Johann Kneihs.<\/b><\/p>\n<p class=\"western\">19:03 bis 20:00 Uhr +++ BR-KLASSIK<br \/>\n<b>KlassikPlus \u2013 Musikfeature: Zum 100. Geburtstag von Dietrich Fischer-Dieskau<\/b><\/p>\n<p class=\"western\" style=\"padding-left: 40px;\">Auf einmalige Weise begegnen sich im unbedingten Gestaltungswillen des Baritons Dietrich Fischer-Dieskau Genialit\u00e4t und Gef\u00e4hrdung, Kunstanstrengung und Grenz\u00fcberschreitung, sch\u00f6pferischer Impetus und Verstiegenheit. Das Attribut eines \u201eCantor doctus\u201c ist ihm schon angesichts der enzyklop\u00e4dischen F\u00fclle seines Liedrepertoires zuzubilligen. Nicht wenige Gesamteditionen des Liedwerks verschiedener Komponisten verzeichnet seine un\u00fcberschaubare Diskografie, die wohl umfassendste der Schallplattengeschichte \u00fcberhaupt. Will man Dietrich Fischer-Dieskau auf der H\u00f6he seines stimmlichen und gesanglichen K\u00f6nnens erleben, dann sollte man zu den Tondokumenten aus der ersten H\u00e4lfte seiner Karriere greifen, als seine genuin lyrische Baritonstimme noch nicht die Zeichen der sp\u00e4teren \u00dcberforderung durch zu dramatische Opernpartien Wagners und Verdis h\u00f6ren lie\u00df. Immer dann, wenn Fischer-Dieskau versucht, die Musik zu ihrem Recht kommen zu lassen, ihr den Ausdruck nicht aufzwingt, sondern mit einem Minimum von vokalen Gesten auskommt, dann gelingen ihm einzigartige Interpretationen. Eine Sendung von Robert Jungwirth<\/p>\n<p class=\"western\">20:03 bis 22:00 Uhr +++ BR-KLASSIK<br \/>\n<b>Live: Konzertabend der musica viva: Symphonieorchester des Bayerischen Rundfunks<\/b><\/p>\n<p class=\"western\" style=\"padding-left: 40px;\">Leitung: Matthias Hermann. Solisten: Nicolas Hodges, Klavier; Solist*innen des BRSO. Claude Vivier: \u201eEt je reverrai cette ville \u00e9trange\u201c; Helmut Lachenmann: \u201eKlangschatten &#8211; mein Saitenspiel\u201c; Rebecca Saunders: \u201eTo an Utterance\u201c. Aus dem Herkulessaal der M\u00fcnchner Residenz<\/p>\n<p class=\"western\">23:03:00 +++ \u00d61<br \/>\n<b>S.E.T.I. im Zeit-Ton Portrait \u2013 Auf der Suche nach au\u00dferirdischer Intelligenz mit S.E.T.I.<\/b><\/p>\n<p class=\"western\" style=\"padding-left: 40px;\">Gestern feierten wir in \u00d61 mit einem \u201eSpace Day\u201c das 50j\u00e4hrige Jubil\u00e4um der ESA, der Europ\u00e4ischen Weltraumorganisation. Im heutigen Zeit-Ton reisen wir noch einmal hinaus in das Weltall. Eines der vielen Projekte des Elektronikmusikers Andrew Lagowski tr\u00e4gt den Namen S.E.T.I.. S.E.T.I. steht f\u00fcr \u201eSearch for Extraterrestrial Intelligence\u201c und verweist damit auf jene Forschungseinrichtungen, die sich der Suche nach au\u00dferirdischen Lebewesen widmen. Als musikalisches Ausgangsmaterial dienen Lagowski aka S.E.T.I. durch das Internet schwirrende Audiofiles mit Sounds, die von Wissenschaftlerinnen und Wissenschaftlern im Rahmen diverser Raumfahrtprogramme auf der Suche nach au\u00dferirdischem Leben eingefangen wurden bzw. eingefangen worden sein sollen.<\/p>\n<p class=\"western\" style=\"padding-left: 40px;\">In einem Text zu seinem monumentalen, acht CDs umfassenden Album \u201eS.E.I.T. Sleep Environments for Interplanetary Travel\u201c schreibt Andrew Lagowski: \u201eSie befinden sich auf einer Reise zu anderen Welten, durch Wurml\u00f6cher und unter kosmischer F\u00fchrung. Sie werden sich in Paralleluniversen wiederfinden. Sie werden viel schlafen, um geistig gesund zu bleiben. Und diese Kl\u00e4nge k\u00f6nnen Sie dabei unterst\u00fctzen, wenn Sie sich auf sie einlassen.\u201c Gestaltung: Susanna\u00a0Niedermayr<\/p>\n<hr \/>\n<h2 class=\"western\"><a name=\"__RefHeading___Toc2321_2103619283\"><\/a>sa &#8211; 24.05.2025<\/h2>\n<hr \/>\n<p class=\"western\">14.00 Uhr, Das \u00d61 H\u00f6rspiel<br \/>\n<b>\u201eDylan denken\u201c von Theo Roos und G\u00fcnther Janssen. <\/b><\/p>\n<p class=\"western\" style=\"padding-left: 40px;\">Mit Alan Bangs, Sibylle Canonica, Danny Dziuk, Stefan Hunstein, Sophie von Kessel und anderen, Technische Realisierung: Peter Urban, Adele Kurdziel, Susanne Herzig, Komposition: Bob Dylan, Regie: Theo Roos und G\u00fcnther Janssen (Produktion BR 2001)<\/p>\n<p class=\"western\" style=\"padding-left: 40px;\">Dass H\u00f6rspiel vielseitig sein kann und sein soll, das zeigt das H\u00f6rspiel \u201eDylan denken\u201c. Es ist eine sorgf\u00e4ltig angelegte Collage, die einen der gr\u00f6\u00dften K\u00fcnstler der Gegenwart w\u00fcrdigt: Bob Dylan. Kenner und Kennerinnen des Songwriters, Lyrikers und Musikers widmen ihm eigenwillige Coverversionen, die sich wundervoll in ein akustisches Geschenk f\u00fcgen. Man h\u00e4tte das St\u00fcck auch \u201eDylan h\u00f6ren\u201c oder \u201eDylan f\u00fchlen\u201c nennen k\u00f6nnen, denn es wirkt k\u00f6rperlich. Es geht nicht um die permanente Dekonstruktion des Gesagten oder\/und Gesungenen, sondern darum, Dylan zu sp\u00fcren: musikalisch und interpretativ biografisch. Coverversionen und philosophische Ansichten steuerten der deutsche Kulturwissenschaftler Klaus Theweleit, die Literaturnobelpreistr\u00e4gerin Elfriede Jelinek, die Schriftstellerin Marlene Streeruwitz und die Autorin Elisabeth Bronfen bei. https:\/\/oe1.orf.at\/programm\/20250524#795106\/Zum-84-Geburtstag-von-Bob-Dylan<\/p>\n<p class=\"western\">14:05 bis 15:00 Uhr +++ BR-KLASSIK<br \/>\n<b>KlassikPlus \u2013 Musikfeature: Zum 100. Geburtstag von Dietrich Fischer-Dieskau<\/b><\/p>\n<p class=\"western\" style=\"padding-left: 40px;\">Auf einmalige Weise begegnen sich im unbedingten Gestaltungswillen des Baritons Dietrich Fischer-Dieskau Genialit\u00e4t und Gef\u00e4hrdung, Kunstanstrengung und Grenz\u00fcberschreitung, sch\u00f6pferischer Impetus und Verstiegenheit. Das Attribut eines \u201eCantor doctus\u201c ist ihm schon angesichts der enzyklop\u00e4dischen F\u00fclle seines Liedrepertoires zuzubilligen. Nicht wenige Gesamteditionen des Liedwerks verschiedener Komponisten verzeichnet seine un\u00fcberschaubare Diskografie, die wohl umfassendste der Schallplattengeschichte \u00fcberhaupt. Will man Dietrich Fischer-Dieskau auf der H\u00f6he seines stimmlichen und gesanglichen K\u00f6nnens erleben, dann sollte man zu den Tondokumenten aus der ersten H\u00e4lfte seiner Karriere greifen, als seine genuin lyrische Baritonstimme noch nicht die Zeichen der sp\u00e4teren \u00dcberforderung durch zu dramatische Opernpartien Wagners und Verdis h\u00f6ren lie\u00df. Immer dann, wenn Fischer-Dieskau versucht, die Musik zu ihrem Recht kommen zu lassen, ihr den Ausdruck nicht aufzwingt, sondern mit einem Minimum von vokalen Gesten auskommt, dann gelingen ihm einzigartige Interpretationen. Eine Sendung von Robert Jungwirth<\/p>\n<p class=\"western\">18:20 \u2013 19:00 UHR +++ SWR KULTUR<br \/>\n<b>Jazz: \u201eGet Happy, All You Sinners!\u201c \u2013 Jazz und Religion<\/b><\/p>\n<p class=\"western\" style=\"padding-left: 40px;\">Von Henry Altmann. \u201eGet ready for this scat sermon, get happy, all you sinners!\u201c \u2013 \u201eSeid bereit f\u00fcr meine Scat-Predigt, werdet gl\u00fccklich all ihr S\u00fcnder\u201c: Mit solchen Zeilen feuerte Cab Calloway sein Publikum im Duktus afro-amerikanischer Prediger an. Gospelgrooves \u201ejazzen\u201c Bluestunes in die Charts, \u201eJazzing religion\u201c oder \u201eJazz religion\u201c \u2013 Religion aufpeppen oder Jazz als Religion, zeitweise konkurrierten die Genres sogar um Anh\u00e4nger. Ray Charles oder James Brown kondensierten religi\u00f6se Intensit\u00e4t mit Musik in s\u00e4kularen Schwei\u00df. Und manche wie Duke Ellington brachten den Jazzclub sogar wieder in die Kirche zur\u00fcck..<\/p>\n<p class=\"western\">19:05 bis 20:00 Uhr +++ BR-KLASSIK<br \/>\n<b>Musik der Welt: D\u00fcfte der Welt<\/b><\/p>\n<p class=\"western\" style=\"padding-left: 40px;\">D\u00fcfte k\u00f6nnen bet\u00f6rend, umwerfend, aufdringlich, schwer, s\u00fc\u00dflich, frisch, floral, harmonisch sein! Auch T\u00f6ne, Kl\u00e4nge, Klangwelten und Harmonien werden von D\u00fcften durchzogen. D\u00fcfte wecken Erinnerungen, k\u00f6nnen uns schlagartig an Orte der Kindheit katapultieren oder in ein Stra\u00dfencaf\u00e9 des letzten Urlaubs &#8230; irgendwo auf dieser Welt. Dass Nigel Hess zum Film \u201eDer Duft von Lavendel\u201c eine ebenso blumige wie bet\u00f6rende Musik geschrieben hat, die es auch schafft, ohne die Bilder existieren zu k\u00f6nnen, belegt den Duft-Charakter mancher Klangwelten. Dazu geh\u00f6rt auch die Musik zum Film \u201eDas Parf\u00fcm\u201c. Aber auch ein Klavierst\u00fcck \u201eohne Worte\u201c von Felix Mendelssohn Bartholdy oder \u201eScent of Green Mango\u201c des Chinesen Ye Xiaogang kann Duft verstr\u00f6men. In diesem Sinne verspricht die Sendung einiges an \u201eDuftnoten\u201c in der Musik ausfindig zu machen. Eine Sendung von Roland Kunz<\/p>\n<p class=\"western\">22:05:00 +++ \u00d61<br \/>\n<b>Neuigkeiten aus der Welt des Jazz<\/b><\/p>\n<p class=\"western\" style=\"padding-left: 40px;\">Konzertempfehlungen f\u00fcr die kommende Woche, Buchbesprechungen, Kurznachrufe und aktuelle Meldungen.<\/p>\n<p class=\"western\">23:03:00 +++ \u00d61<br \/>\n<b>Saxofonist und Klarinettist Christoph \u201ePepe\u201c Auer \u00fcber das neue Album \u201eLake\u201c; Roman Schwaller &amp; Organ Grinders 2024 in Graz<\/b><\/p>\n<p class=\"western\" style=\"padding-left: 40px;\">Studiogast dieser \u00d61 Jazznacht ist Christoph \u201ePepe\u201c Auer. Der 1981 in Hall in Tirol geborene Saxofonist und Klarinettist gibt am 1. Juni 2025 im Wiener Porgy &amp; Bess sein Comeback-Konzert mit seiner Formation White Noise, mit der er auch das neue Album \u201eLake\u201c pr\u00e4sentiert. Auer musste sich in den vergangenen Jahren mehrmals aus dem Konzertbetrieb zur\u00fcckziehen: Erst war es ein Bergunfall und dann eine Operation, die ihn zu l\u00e4ngeren Spielpausen zwangen. Im Studio-Gespr\u00e4ch mit Christian Bakonyi wird Christoph \u201ePepe\u201c Auer \u00fcber seine Erfahrungen in diesen unfreiwilligen Auszeiten sprechen und Ausblicke auf seine musikalische Zukunft geben.<\/p>\n<p class=\"western\" style=\"padding-left: 40px;\">Der \u00d61-Konzertmitschnitt stammt aus dem Royal Garden Jazz Club in Graz. Dort trat am 6. Dezember 2024 das vom Tenorsaxofonisten Roman Schwaller geleitete Quartett Organ Grinders auf. Gemeinsam mit Organist Fabian Supancic, Gitarrist Christopher Pawluk und Schlagzeuger Valentin Duit gab Schwaller mit gro\u00dfer Spielfreude u. a. Kompositionen von Thelonious Monk, Kurt Weill, Fred Lacy und Wes Montgomery zum Besten.<\/p>\n<hr \/>\n<h2 class=\"western\"><a name=\"__RefHeading___Toc2323_2103619283\"><\/a>so &#8211; 25.05.2025<\/h2>\n<hr \/>\n<p class=\"western\">00:05:00 +++ \u00d61<br \/>\n<b>(Fortsetzung); Saxofonist und Klarinettist Christoph \u201ePepe\u201c Auer \u00fcber das neue Album \u201eLake\u201c; Roman Schwaller &amp; Organ Grinders 2024 in Graz<\/b><\/p>\n<p class=\"western\">03:03:00 +++ \u00d61<br \/>\n<b>Mit klingenden Kulinarien in den Sonntag-Morgen<\/b><\/p>\n<p class=\"western\" style=\"padding-left: 40px;\">Klassiker und Fundst\u00fccke aus 100 Jahren Jazzgeschichte (Wiederholung).<\/p>\n<p class=\"western\">17:10:00 +++ \u00d61<br \/>\n<b>Zum 60. Gr\u00fcndungsjubil\u00e4um der Association For The Advancement Of Creative Musicians<\/b><\/p>\n<p class=\"western\" style=\"padding-left: 40px;\">Im Jahr 1962 formiert sich in Chicago rund um den Pianisten Muhal Richard Abrams eine Gruppe von Avantgarde-Jazz Musikern, die h\u00e4ufig zusammenspielen aber kaum Auftrittsm\u00f6glichkeiten haben. Der Name dieser Gruppe: The Experimental Band. Aus dieser Experimental Band gr\u00fcnden Abrams, Pianist Jodie Christian, Komponist Phil Cohran und Schlagzeuger Steve McCall eine neue Vereinigung. Am 8. Mai 1965 werden in einem Treffen mit weiteren Musikern die Grundprinzipien dieser Vereinigung festgelegt, die Ende des Monats ihren finalen Namen erh\u00e4lt: \u201eAssociation For The Advancement Of Creative Musicians\u201c, kurz AACM. Das Motto: \u201eGreat Black Music, Ancient To Future\u201c. Seither widmet sich die AACM der Bildung junger Musikerinnen und Musiker sowie dem Erm\u00f6glichen von Auftritten und Aufnahmen f\u00fcr experimentelle Musikprojekte, verwurzelt im Jazz, mit engen Bez\u00fcgen zur neuen Musik. Wichtige Mitglieder sind unter anderem Anthony Braxton, Roscoe Mitchell, Henry Threadgill, Amina Claudine Myers und in den letzten Jahren Nicole Mitchell, Jeff Parker und Tomeka Reid. Die \u201eSpielr\u00e4ume Spezial\u201c widmen sich anl\u00e4sslich des 60. Gr\u00fcndungsjubil\u00e4ums dieser weiterhin einflussreichen Chicagoer Organisation der Musik ihrer Mitglieder und ihrem Umfeld.<\/p>\n<p class=\"western\">19:05:00 +++ \u00d61<br \/>\n<b>Singer-Songwriter Georg Neureiter im Studio 2 des Wiener RadioKulturhauses<\/b><\/p>\n<p class=\"western\" style=\"padding-left: 40px;\">Die Saitenk\u00fcnstler Michael Hedges, Don Ross oder Andy McKee sind Einfl\u00fcsse in der Musik des Grazer Gitarristen und Singer-Songwriters Georg Neureiter. Zudem waren f\u00fcr Neureiter irische Musik und Folk sowie die improvisierte Musik von genre\u00fcberschreitenden K\u00fcnstlern wie Bobby McFerrin oder Keith Jarrett wichtige Inspirationsquellen.<\/p>\n<p class=\"western\" style=\"padding-left: 40px;\">Das Resultat sind flie\u00dfende, treibende Klangfl\u00e4chen, die er seiner Stahlsaitengitarre entlockt, meist in alternativer Stimmung. Georg Neureiters aktuelles, viertes Solo-Album mit dem Titel \u201eThe Getaway\u201c widmet sich ganz diesem akustischen Gitarrenmodell. Neben den rein instrumentalen St\u00fccken von \u201eThe Getaway\u201c ist der Steirer in der \u00d61 Hausmusik auch als S\u00e4nger zu vernehmen.<\/p>\n<p class=\"western\">19:10 \u2013 20:00 UHR +++ SWR KULTUR<br \/>\n<b>Big Time Jazz. Jazz-Orchester, Big Band, Oktett \u2013 hier kommt Musik mit Vielen! <\/b><\/p>\n<p class=\"western\" style=\"padding-left: 40px;\">Im Big Time Jazz stellen wir f\u00fcr Sie interessante und sch\u00f6ne Kl\u00e4nge zusammen \u2013 von gro\u00dfen Ensembles aus dem Jazz und der improvisierten Musik. Wir bergen Archivaufnahmen und durchforsten Neuver\u00f6ffentlichungen f\u00fcr eine Zeit, die ganz den gro\u00dfen Kl\u00e4ngen geh\u00f6rt.<\/p>\n<p class=\"western\">22:03 \u2013 23:00 UHR +++ SWR KULTUR<br \/>\n<b>NOWJazz: Sonic Wilderness<\/b><\/p>\n<p class=\"western\" style=\"padding-left: 40px;\">Von Julia Neupert. Diese Reihe unternimmt Expeditionen in Randgebiete und Zwischenwelten des Jazz: Improv, Electronica, Klangkunst, Noise, Ambient oder Rock \u2013 hier kommen Neuver\u00f6ffentlichungen und Entdeckungen zu Geh\u00f6r, die sonst on air kaum zu haben sind. Abenteuerliche Kl\u00e4nge f\u00fcr abenteuerlustige Ohren.<\/p>\n<p class=\"western\">23:03:00 +++ \u00d61<br \/>\n<b>Alpenglow. Styria meets Serbia and Bremen. \u2013 Besser als Fu\u00dfball!<\/b><\/p>\n<p class=\"western\" style=\"padding-left: 40px;\">In der Nations League war die \u00f6sterreichische Nationalmannschaft im Hin- und R\u00fcckspiel Serbien unterlegen, bei \u201eAlpenglow 9\u201c fanden Begegnungen auf Ohrenh\u00f6he statt.<\/p>\n<p class=\"western\" style=\"padding-left: 40px;\">Anfang April trafen sich in Graz Musiker:innen aus Serbien und der Steiermark, um in sechs Konzerten gemeinsam zu improvisieren und sich im Bereich der neuen und elektronischen Musik auszutauschen. Es war dies der zweite Teil einer Kooperation, die im Oktober 2024 in Novi Sad begonnen hat. Au\u00dferdem waren G\u00e4ste aus Bremen bei den Konzerten dabei, die diese musikalische Stafette als \u201eAlpenglow 10\u201c im Herbst 2026 zur Biennale Neue Musik nach Norddeutschland weitertragen werden<\/p>\n<p class=\"western\" style=\"padding-left: 40px;\">Wir haben f\u00fcr diese Ausgab von Supernova die Konzerte des letzten Festivaltages im \u201eSpace 04\u201c des Grazer Kunsthauses aufgenommen. Der Kulturaustausch \u201eAlpenglow\u201c, der bereits Musiker:innen aus u.a. Moskau, Amsterdam, London, Brno, Wroclaw, Trondheim und Ljubljana mit der steirischen Impro-Szene zusammenf\u00fchrte, fand im Rahmen des ST\/O Festivals von STANIM, der StyrianAssociation for New &amp; Improvised Music, statt. N\u00e4chstes Jahr ist \u201eAlpenglow\u201c in Bremen zu Gast, 2027\/28 ist ein Austausch mit der Schweiz geplant. Gestaltung: Werner Ranacher<\/p>\n<p class=\"western\">23:03 bis 00:00 Uhr +++ BR-KLASSIK<br \/>\n<b>Musik der Welt: Our Calling \u2013 Piers Faccini &amp; Ballak\u00e9 Sissoko<\/b><\/p>\n<p class=\"western\" style=\"padding-left: 40px;\">Anfang der 2000er Jahre lernten sich der britisch-italienische Singer-Songwriter Piers Faccini und der malische Kora-Virtuose Ballak\u00e9 Sissoko in einem ersten Projekt kennen und sch\u00e4tzen. Ein Vierteljahrhundert sp\u00e4ter schicken sie einen weiteren musikalischen Ruf in die Welt: Erz\u00e4hlerisch und poetisch zugleich breiten sich die entspannten Klangwelten dieser europ\u00e4isch-afrikanischen Zusammenarbeit aus wie Wellen rund um einen ins Wasser eintauchenden Stein. Sissoko und Faccini bieten ein Fest f\u00fcr die Ohren, lassen Gitarre und Kora in ihrer rein akustischen Sch\u00f6nheit glitzern. Der britische Songwriter platziert seine Melodien auf uralte folkloristische \u201eMandinka\u201c-Traditionen aus Mali. Daraus entsteht ein spannend-sch\u00f6nes Zwiegespr\u00e4ch, zu dem sich ab und an auch noch Cello, die viersaitige Spie\u00dflaute \u201eNgoni\u201c und die dreisaitige \u201eGimbri\u201c hinzugesellen. Faccini &amp; Sissoko laden uns ein zu einer stimmungsvollen \u201eMusik der Welt\u201c kurz vor Mitternacht. Eine Sendung von Roland Kunz<\/p>\n","protected":false},"excerpt":{"rendered":"<p>Jazz im Radio \u2013 Jeden Sonntag gibt es um 12 Uhr unsere \u00dcbersicht f\u00fcr die jeweils nachfolgende Woche. Die #Jazz-Radiowoche vom 19.05. bis 25.05.2025. Erheblich ausged\u00fcnnt. Auch als PDF zum Download \u2013 #Jazz #JazzZeitung #Radio #Radiowoche \u2013 Ein Service unserer Online-Redaktion.<\/p>\n","protected":false},"author":1,"featured_media":32555,"comment_status":"open","ping_status":"closed","sticky":false,"template":"","format":"standard","meta":{"_jetpack_memberships_contains_paid_content":false,"footnotes":"","jetpack_publicize_message":"","jetpack_publicize_feature_enabled":true,"jetpack_social_post_already_shared":true,"jetpack_social_options":{"image_generator_settings":{"template":"highway","default_image_id":0,"font":"","enabled":false},"version":2}},"categories":[633,452],"tags":[3773,1629],"coauthors":[650],"class_list":["post-32554","post","type-post","status-publish","format-standard","has-post-thumbnail","hentry","category-nachrichten","category-radio","tag-die-radiowoche","tag-jazz-im-radio"],"yoast_head":"<!-- This site is optimized with the Yoast SEO plugin v27.5 - https:\/\/yoast.com\/product\/yoast-seo-wordpress\/ -->\n<title>Die eingeschmolzene Jazz-Radiowoche vom 19.05.2025 bis 25.05.2025 - JazzZeitung<\/title>\n<meta name=\"robots\" content=\"index, follow, max-snippet:-1, max-image-preview:large, max-video-preview:-1\" \/>\n<link rel=\"canonical\" href=\"https:\/\/www.jazzzeitung.de\/cms\/2025\/05\/die-eingeschmolzene-jazz-radiowoche-vom-19-05-2025-bis-25-05-2025\/\" \/>\n<meta property=\"og:locale\" content=\"de_DE\" \/>\n<meta property=\"og:type\" content=\"article\" \/>\n<meta property=\"og:title\" content=\"Die eingeschmolzene Jazz-Radiowoche vom 19.05.2025 bis 25.05.2025 - JazzZeitung\" \/>\n<meta property=\"og:description\" content=\"Jazz im Radio \u2013 Jeden Sonntag gibt es um 12 Uhr unsere \u00dcbersicht f\u00fcr die jeweils nachfolgende Woche. Die #Jazz-Radiowoche vom 19.05. bis 25.05.2025. Erheblich ausged\u00fcnnt. Auch als PDF zum Download \u2013 #Jazz #JazzZeitung #Radio #Radiowoche \u2013 Ein Service unserer Online-Redaktion.\" \/>\n<meta property=\"og:url\" content=\"https:\/\/www.jazzzeitung.de\/cms\/2025\/05\/die-eingeschmolzene-jazz-radiowoche-vom-19-05-2025-bis-25-05-2025\/\" \/>\n<meta property=\"og:site_name\" content=\"JazzZeitung\" \/>\n<meta property=\"article:publisher\" content=\"https:\/\/www.facebook.com\/JazzZeitung\/\" \/>\n<meta property=\"article:author\" content=\"https:\/\/www.facebook.com\/hufner\" \/>\n<meta property=\"article:published_time\" content=\"2025-05-18T10:00:45+00:00\" \/>\n<meta property=\"og:image\" content=\"https:\/\/i0.wp.com\/www.jazzzeitung.de\/cms\/wp-content\/uploads\/2025\/05\/baum_im_asphalt-topaz-denoise-lighting-upscale-1x.jpg?fit=1279%2C1279&ssl=1\" \/>\n\t<meta property=\"og:image:width\" content=\"1279\" \/>\n\t<meta property=\"og:image:height\" content=\"1279\" \/>\n\t<meta property=\"og:image:type\" content=\"image\/jpeg\" \/>\n<meta name=\"author\" content=\"Martin Hufner\" \/>\n<script type=\"application\/ld+json\" class=\"yoast-schema-graph\">{\"@context\":\"https:\\\/\\\/schema.org\",\"@graph\":[{\"@type\":\"Article\",\"@id\":\"https:\\\/\\\/www.jazzzeitung.de\\\/cms\\\/2025\\\/05\\\/die-eingeschmolzene-jazz-radiowoche-vom-19-05-2025-bis-25-05-2025\\\/#article\",\"isPartOf\":{\"@id\":\"https:\\\/\\\/www.jazzzeitung.de\\\/cms\\\/2025\\\/05\\\/die-eingeschmolzene-jazz-radiowoche-vom-19-05-2025-bis-25-05-2025\\\/\"},\"author\":{\"name\":\"Martin Hufner\",\"@id\":\"https:\\\/\\\/www.jazzzeitung.de\\\/cms\\\/#\\\/schema\\\/person\\\/b9a4e5ac765d94fb8f617bfa8f1fc5f7\"},\"headline\":\"Die eingeschmolzene Jazz-Radiowoche vom 19.05.2025 bis 25.05.2025\",\"datePublished\":\"2025-05-18T10:00:45+00:00\",\"mainEntityOfPage\":{\"@id\":\"https:\\\/\\\/www.jazzzeitung.de\\\/cms\\\/2025\\\/05\\\/die-eingeschmolzene-jazz-radiowoche-vom-19-05-2025-bis-25-05-2025\\\/\"},\"wordCount\":3373,\"commentCount\":0,\"publisher\":{\"@id\":\"https:\\\/\\\/www.jazzzeitung.de\\\/cms\\\/#organization\"},\"image\":{\"@id\":\"https:\\\/\\\/www.jazzzeitung.de\\\/cms\\\/2025\\\/05\\\/die-eingeschmolzene-jazz-radiowoche-vom-19-05-2025-bis-25-05-2025\\\/#primaryimage\"},\"thumbnailUrl\":\"https:\\\/\\\/i0.wp.com\\\/www.jazzzeitung.de\\\/cms\\\/wp-content\\\/uploads\\\/2025\\\/05\\\/baum_im_asphalt-topaz-denoise-lighting-upscale-1x.jpg?fit=1279%2C1279&ssl=1\",\"keywords\":[\"Die Radiowoche\",\"Jazz im Radio\"],\"articleSection\":[\"News\",\"Radio\"],\"inLanguage\":\"de\",\"potentialAction\":[{\"@type\":\"CommentAction\",\"name\":\"Comment\",\"target\":[\"https:\\\/\\\/www.jazzzeitung.de\\\/cms\\\/2025\\\/05\\\/die-eingeschmolzene-jazz-radiowoche-vom-19-05-2025-bis-25-05-2025\\\/#respond\"]}]},{\"@type\":\"WebPage\",\"@id\":\"https:\\\/\\\/www.jazzzeitung.de\\\/cms\\\/2025\\\/05\\\/die-eingeschmolzene-jazz-radiowoche-vom-19-05-2025-bis-25-05-2025\\\/\",\"url\":\"https:\\\/\\\/www.jazzzeitung.de\\\/cms\\\/2025\\\/05\\\/die-eingeschmolzene-jazz-radiowoche-vom-19-05-2025-bis-25-05-2025\\\/\",\"name\":\"Die eingeschmolzene Jazz-Radiowoche vom 19.05.2025 bis 25.05.2025 - JazzZeitung\",\"isPartOf\":{\"@id\":\"https:\\\/\\\/www.jazzzeitung.de\\\/cms\\\/#website\"},\"primaryImageOfPage\":{\"@id\":\"https:\\\/\\\/www.jazzzeitung.de\\\/cms\\\/2025\\\/05\\\/die-eingeschmolzene-jazz-radiowoche-vom-19-05-2025-bis-25-05-2025\\\/#primaryimage\"},\"image\":{\"@id\":\"https:\\\/\\\/www.jazzzeitung.de\\\/cms\\\/2025\\\/05\\\/die-eingeschmolzene-jazz-radiowoche-vom-19-05-2025-bis-25-05-2025\\\/#primaryimage\"},\"thumbnailUrl\":\"https:\\\/\\\/i0.wp.com\\\/www.jazzzeitung.de\\\/cms\\\/wp-content\\\/uploads\\\/2025\\\/05\\\/baum_im_asphalt-topaz-denoise-lighting-upscale-1x.jpg?fit=1279%2C1279&ssl=1\",\"datePublished\":\"2025-05-18T10:00:45+00:00\",\"breadcrumb\":{\"@id\":\"https:\\\/\\\/www.jazzzeitung.de\\\/cms\\\/2025\\\/05\\\/die-eingeschmolzene-jazz-radiowoche-vom-19-05-2025-bis-25-05-2025\\\/#breadcrumb\"},\"inLanguage\":\"de\",\"potentialAction\":[{\"@type\":\"ReadAction\",\"target\":[\"https:\\\/\\\/www.jazzzeitung.de\\\/cms\\\/2025\\\/05\\\/die-eingeschmolzene-jazz-radiowoche-vom-19-05-2025-bis-25-05-2025\\\/\"]}]},{\"@type\":\"ImageObject\",\"inLanguage\":\"de\",\"@id\":\"https:\\\/\\\/www.jazzzeitung.de\\\/cms\\\/2025\\\/05\\\/die-eingeschmolzene-jazz-radiowoche-vom-19-05-2025-bis-25-05-2025\\\/#primaryimage\",\"url\":\"https:\\\/\\\/i0.wp.com\\\/www.jazzzeitung.de\\\/cms\\\/wp-content\\\/uploads\\\/2025\\\/05\\\/baum_im_asphalt-topaz-denoise-lighting-upscale-1x.jpg?fit=1279%2C1279&ssl=1\",\"contentUrl\":\"https:\\\/\\\/i0.wp.com\\\/www.jazzzeitung.de\\\/cms\\\/wp-content\\\/uploads\\\/2025\\\/05\\\/baum_im_asphalt-topaz-denoise-lighting-upscale-1x.jpg?fit=1279%2C1279&ssl=1\",\"width\":1279,\"height\":1279,\"caption\":\"Hoffnungsvolles. Foto: Hufner\"},{\"@type\":\"BreadcrumbList\",\"@id\":\"https:\\\/\\\/www.jazzzeitung.de\\\/cms\\\/2025\\\/05\\\/die-eingeschmolzene-jazz-radiowoche-vom-19-05-2025-bis-25-05-2025\\\/#breadcrumb\",\"itemListElement\":[{\"@type\":\"ListItem\",\"position\":1,\"name\":\"Startseite\",\"item\":\"https:\\\/\\\/www.jazzzeitung.de\\\/cms\\\/\"},{\"@type\":\"ListItem\",\"position\":2,\"name\":\"Die eingeschmolzene Jazz-Radiowoche vom 19.05.2025 bis 25.05.2025\"}]},{\"@type\":\"WebSite\",\"@id\":\"https:\\\/\\\/www.jazzzeitung.de\\\/cms\\\/#website\",\"url\":\"https:\\\/\\\/www.jazzzeitung.de\\\/cms\\\/\",\"name\":\"JazzZeitung\",\"description\":\"Jazz-News und Jazz-Kontroverses\",\"publisher\":{\"@id\":\"https:\\\/\\\/www.jazzzeitung.de\\\/cms\\\/#organization\"},\"potentialAction\":[{\"@type\":\"SearchAction\",\"target\":{\"@type\":\"EntryPoint\",\"urlTemplate\":\"https:\\\/\\\/www.jazzzeitung.de\\\/cms\\\/?s={search_term_string}\"},\"query-input\":{\"@type\":\"PropertyValueSpecification\",\"valueRequired\":true,\"valueName\":\"search_term_string\"}}],\"inLanguage\":\"de\"},{\"@type\":\"Organization\",\"@id\":\"https:\\\/\\\/www.jazzzeitung.de\\\/cms\\\/#organization\",\"name\":\"JazzZeitung online\",\"url\":\"https:\\\/\\\/www.jazzzeitung.de\\\/cms\\\/\",\"logo\":{\"@type\":\"ImageObject\",\"inLanguage\":\"de\",\"@id\":\"https:\\\/\\\/www.jazzzeitung.de\\\/cms\\\/#\\\/schema\\\/logo\\\/image\\\/\",\"url\":\"https:\\\/\\\/i0.wp.com\\\/www.jazzzeitung.de\\\/cms\\\/wp-content\\\/uploads\\\/2015\\\/08\\\/JAZZZEITUNGDE_Logo_Neu.png?fit=499%2C200&ssl=1\",\"contentUrl\":\"https:\\\/\\\/i0.wp.com\\\/www.jazzzeitung.de\\\/cms\\\/wp-content\\\/uploads\\\/2015\\\/08\\\/JAZZZEITUNGDE_Logo_Neu.png?fit=499%2C200&ssl=1\",\"width\":499,\"height\":200,\"caption\":\"JazzZeitung online\"},\"image\":{\"@id\":\"https:\\\/\\\/www.jazzzeitung.de\\\/cms\\\/#\\\/schema\\\/logo\\\/image\\\/\"},\"sameAs\":[\"https:\\\/\\\/www.facebook.com\\\/JazzZeitung\\\/\"]},{\"@type\":\"Person\",\"@id\":\"https:\\\/\\\/www.jazzzeitung.de\\\/cms\\\/#\\\/schema\\\/person\\\/b9a4e5ac765d94fb8f617bfa8f1fc5f7\",\"name\":\"Martin Hufner\",\"image\":{\"@type\":\"ImageObject\",\"inLanguage\":\"de\",\"@id\":\"https:\\\/\\\/i0.wp.com\\\/www.jazzzeitung.de\\\/cms\\\/wp-content\\\/uploads\\\/2013\\\/07\\\/huf-06.jpg?resize=96%2C96&ssl=15fcc31aa94540751a3b804516452be00\",\"url\":\"https:\\\/\\\/i0.wp.com\\\/www.jazzzeitung.de\\\/cms\\\/wp-content\\\/uploads\\\/2013\\\/07\\\/huf-06.jpg?resize=96%2C96&ssl=1\",\"contentUrl\":\"https:\\\/\\\/i0.wp.com\\\/www.jazzzeitung.de\\\/cms\\\/wp-content\\\/uploads\\\/2013\\\/07\\\/huf-06.jpg?resize=96%2C96&ssl=1\",\"caption\":\"Martin Hufner\"},\"description\":\"Martin Hufner ist freier Autor der JazzZeitung.\",\"sameAs\":[\"https:\\\/\\\/www.kritische-masse.de\\\/logbuch\",\"https:\\\/\\\/www.facebook.com\\\/hufner\"],\"url\":\"https:\\\/\\\/www.jazzzeitung.de\\\/cms\\\/author\\\/admin\\\/\"}]}<\/script>\n<!-- \/ Yoast SEO plugin. -->","yoast_head_json":{"title":"Die eingeschmolzene Jazz-Radiowoche vom 19.05.2025 bis 25.05.2025 - JazzZeitung","robots":{"index":"index","follow":"follow","max-snippet":"max-snippet:-1","max-image-preview":"max-image-preview:large","max-video-preview":"max-video-preview:-1"},"canonical":"https:\/\/www.jazzzeitung.de\/cms\/2025\/05\/die-eingeschmolzene-jazz-radiowoche-vom-19-05-2025-bis-25-05-2025\/","og_locale":"de_DE","og_type":"article","og_title":"Die eingeschmolzene Jazz-Radiowoche vom 19.05.2025 bis 25.05.2025 - JazzZeitung","og_description":"Jazz im Radio \u2013 Jeden Sonntag gibt es um 12 Uhr unsere \u00dcbersicht f\u00fcr die jeweils nachfolgende Woche. Die #Jazz-Radiowoche vom 19.05. bis 25.05.2025. Erheblich ausged\u00fcnnt. Auch als PDF zum Download \u2013 #Jazz #JazzZeitung #Radio #Radiowoche \u2013 Ein Service unserer Online-Redaktion.","og_url":"https:\/\/www.jazzzeitung.de\/cms\/2025\/05\/die-eingeschmolzene-jazz-radiowoche-vom-19-05-2025-bis-25-05-2025\/","og_site_name":"JazzZeitung","article_publisher":"https:\/\/www.facebook.com\/JazzZeitung\/","article_author":"https:\/\/www.facebook.com\/hufner","article_published_time":"2025-05-18T10:00:45+00:00","og_image":[{"width":1279,"height":1279,"url":"https:\/\/i0.wp.com\/www.jazzzeitung.de\/cms\/wp-content\/uploads\/2025\/05\/baum_im_asphalt-topaz-denoise-lighting-upscale-1x.jpg?fit=1279%2C1279&ssl=1","type":"image\/jpeg"}],"author":"Martin Hufner","schema":{"@context":"https:\/\/schema.org","@graph":[{"@type":"Article","@id":"https:\/\/www.jazzzeitung.de\/cms\/2025\/05\/die-eingeschmolzene-jazz-radiowoche-vom-19-05-2025-bis-25-05-2025\/#article","isPartOf":{"@id":"https:\/\/www.jazzzeitung.de\/cms\/2025\/05\/die-eingeschmolzene-jazz-radiowoche-vom-19-05-2025-bis-25-05-2025\/"},"author":{"name":"Martin Hufner","@id":"https:\/\/www.jazzzeitung.de\/cms\/#\/schema\/person\/b9a4e5ac765d94fb8f617bfa8f1fc5f7"},"headline":"Die eingeschmolzene Jazz-Radiowoche vom 19.05.2025 bis 25.05.2025","datePublished":"2025-05-18T10:00:45+00:00","mainEntityOfPage":{"@id":"https:\/\/www.jazzzeitung.de\/cms\/2025\/05\/die-eingeschmolzene-jazz-radiowoche-vom-19-05-2025-bis-25-05-2025\/"},"wordCount":3373,"commentCount":0,"publisher":{"@id":"https:\/\/www.jazzzeitung.de\/cms\/#organization"},"image":{"@id":"https:\/\/www.jazzzeitung.de\/cms\/2025\/05\/die-eingeschmolzene-jazz-radiowoche-vom-19-05-2025-bis-25-05-2025\/#primaryimage"},"thumbnailUrl":"https:\/\/i0.wp.com\/www.jazzzeitung.de\/cms\/wp-content\/uploads\/2025\/05\/baum_im_asphalt-topaz-denoise-lighting-upscale-1x.jpg?fit=1279%2C1279&ssl=1","keywords":["Die Radiowoche","Jazz im Radio"],"articleSection":["News","Radio"],"inLanguage":"de","potentialAction":[{"@type":"CommentAction","name":"Comment","target":["https:\/\/www.jazzzeitung.de\/cms\/2025\/05\/die-eingeschmolzene-jazz-radiowoche-vom-19-05-2025-bis-25-05-2025\/#respond"]}]},{"@type":"WebPage","@id":"https:\/\/www.jazzzeitung.de\/cms\/2025\/05\/die-eingeschmolzene-jazz-radiowoche-vom-19-05-2025-bis-25-05-2025\/","url":"https:\/\/www.jazzzeitung.de\/cms\/2025\/05\/die-eingeschmolzene-jazz-radiowoche-vom-19-05-2025-bis-25-05-2025\/","name":"Die eingeschmolzene Jazz-Radiowoche vom 19.05.2025 bis 25.05.2025 - JazzZeitung","isPartOf":{"@id":"https:\/\/www.jazzzeitung.de\/cms\/#website"},"primaryImageOfPage":{"@id":"https:\/\/www.jazzzeitung.de\/cms\/2025\/05\/die-eingeschmolzene-jazz-radiowoche-vom-19-05-2025-bis-25-05-2025\/#primaryimage"},"image":{"@id":"https:\/\/www.jazzzeitung.de\/cms\/2025\/05\/die-eingeschmolzene-jazz-radiowoche-vom-19-05-2025-bis-25-05-2025\/#primaryimage"},"thumbnailUrl":"https:\/\/i0.wp.com\/www.jazzzeitung.de\/cms\/wp-content\/uploads\/2025\/05\/baum_im_asphalt-topaz-denoise-lighting-upscale-1x.jpg?fit=1279%2C1279&ssl=1","datePublished":"2025-05-18T10:00:45+00:00","breadcrumb":{"@id":"https:\/\/www.jazzzeitung.de\/cms\/2025\/05\/die-eingeschmolzene-jazz-radiowoche-vom-19-05-2025-bis-25-05-2025\/#breadcrumb"},"inLanguage":"de","potentialAction":[{"@type":"ReadAction","target":["https:\/\/www.jazzzeitung.de\/cms\/2025\/05\/die-eingeschmolzene-jazz-radiowoche-vom-19-05-2025-bis-25-05-2025\/"]}]},{"@type":"ImageObject","inLanguage":"de","@id":"https:\/\/www.jazzzeitung.de\/cms\/2025\/05\/die-eingeschmolzene-jazz-radiowoche-vom-19-05-2025-bis-25-05-2025\/#primaryimage","url":"https:\/\/i0.wp.com\/www.jazzzeitung.de\/cms\/wp-content\/uploads\/2025\/05\/baum_im_asphalt-topaz-denoise-lighting-upscale-1x.jpg?fit=1279%2C1279&ssl=1","contentUrl":"https:\/\/i0.wp.com\/www.jazzzeitung.de\/cms\/wp-content\/uploads\/2025\/05\/baum_im_asphalt-topaz-denoise-lighting-upscale-1x.jpg?fit=1279%2C1279&ssl=1","width":1279,"height":1279,"caption":"Hoffnungsvolles. Foto: Hufner"},{"@type":"BreadcrumbList","@id":"https:\/\/www.jazzzeitung.de\/cms\/2025\/05\/die-eingeschmolzene-jazz-radiowoche-vom-19-05-2025-bis-25-05-2025\/#breadcrumb","itemListElement":[{"@type":"ListItem","position":1,"name":"Startseite","item":"https:\/\/www.jazzzeitung.de\/cms\/"},{"@type":"ListItem","position":2,"name":"Die eingeschmolzene Jazz-Radiowoche vom 19.05.2025 bis 25.05.2025"}]},{"@type":"WebSite","@id":"https:\/\/www.jazzzeitung.de\/cms\/#website","url":"https:\/\/www.jazzzeitung.de\/cms\/","name":"JazzZeitung","description":"Jazz-News und Jazz-Kontroverses","publisher":{"@id":"https:\/\/www.jazzzeitung.de\/cms\/#organization"},"potentialAction":[{"@type":"SearchAction","target":{"@type":"EntryPoint","urlTemplate":"https:\/\/www.jazzzeitung.de\/cms\/?s={search_term_string}"},"query-input":{"@type":"PropertyValueSpecification","valueRequired":true,"valueName":"search_term_string"}}],"inLanguage":"de"},{"@type":"Organization","@id":"https:\/\/www.jazzzeitung.de\/cms\/#organization","name":"JazzZeitung online","url":"https:\/\/www.jazzzeitung.de\/cms\/","logo":{"@type":"ImageObject","inLanguage":"de","@id":"https:\/\/www.jazzzeitung.de\/cms\/#\/schema\/logo\/image\/","url":"https:\/\/i0.wp.com\/www.jazzzeitung.de\/cms\/wp-content\/uploads\/2015\/08\/JAZZZEITUNGDE_Logo_Neu.png?fit=499%2C200&ssl=1","contentUrl":"https:\/\/i0.wp.com\/www.jazzzeitung.de\/cms\/wp-content\/uploads\/2015\/08\/JAZZZEITUNGDE_Logo_Neu.png?fit=499%2C200&ssl=1","width":499,"height":200,"caption":"JazzZeitung online"},"image":{"@id":"https:\/\/www.jazzzeitung.de\/cms\/#\/schema\/logo\/image\/"},"sameAs":["https:\/\/www.facebook.com\/JazzZeitung\/"]},{"@type":"Person","@id":"https:\/\/www.jazzzeitung.de\/cms\/#\/schema\/person\/b9a4e5ac765d94fb8f617bfa8f1fc5f7","name":"Martin Hufner","image":{"@type":"ImageObject","inLanguage":"de","@id":"https:\/\/i0.wp.com\/www.jazzzeitung.de\/cms\/wp-content\/uploads\/2013\/07\/huf-06.jpg?resize=96%2C96&ssl=15fcc31aa94540751a3b804516452be00","url":"https:\/\/i0.wp.com\/www.jazzzeitung.de\/cms\/wp-content\/uploads\/2013\/07\/huf-06.jpg?resize=96%2C96&ssl=1","contentUrl":"https:\/\/i0.wp.com\/www.jazzzeitung.de\/cms\/wp-content\/uploads\/2013\/07\/huf-06.jpg?resize=96%2C96&ssl=1","caption":"Martin Hufner"},"description":"Martin Hufner ist freier Autor der JazzZeitung.","sameAs":["https:\/\/www.kritische-masse.de\/logbuch","https:\/\/www.facebook.com\/hufner"],"url":"https:\/\/www.jazzzeitung.de\/cms\/author\/admin\/"}]}},"wp-worthy-pixel":{"ignored":true,"public":null,"server":null,"url":null},"wp-worthy-type":"normal","jetpack_publicize_connections":[],"cc_featured_image_caption":{"caption_text":"Hoffnungsvolles.","source_text":"Foto: Martin Hufner","source_url":"http:\/\/www.kritische-masse.de"},"jetpack_featured_media_url":"https:\/\/i0.wp.com\/www.jazzzeitung.de\/cms\/wp-content\/uploads\/2025\/05\/baum_im_asphalt-topaz-denoise-lighting-upscale-1x.jpg?fit=1279%2C1279&ssl=1","jetpack_shortlink":"https:\/\/wp.me\/p3KEcT-8t4","jetpack-related-posts":[{"id":33138,"url":"https:\/\/www.jazzzeitung.de\/cms\/2025\/09\/die-atomgrosse-jazz-radiowoche-vom-29-09-2025-bis-05-10-2025\/","url_meta":{"origin":32554,"position":0},"title":"Die atomgro\u00dfe Jazz-Radiowoche vom 29.09.2025 bis 05.10.2025","author":"Martin Hufner","date":"28. September 2025","format":false,"excerpt":"Jazz im Radio \u2013 Jeden Sonntag gibt es um 12 Uhr unsere \u00dcbersicht f\u00fcr die jeweils nachfolgende Woche. Die #Jazz-Radiowoche vom 29.09. bis zum 05.10.2025. Erheblich d\u00fcnn! Auch als PDF zum Download \u2013 #Jazz #JazzZeitung #Radio #Radiowoche \u2013 Ein Service unserer Online-Redaktion.","rel":"","context":"In &quot;News&quot;","block_context":{"text":"News","link":"https:\/\/www.jazzzeitung.de\/cms\/thema\/nachrichten\/"},"img":{"alt_text":"Botanische Supernova mit schwarzem Loch in der Na\u0308he von Terra Nova. Foto: Hufner","src":"https:\/\/i0.wp.com\/www.jazzzeitung.de\/cms\/wp-content\/uploads\/2025\/09\/Botanische-Supernova-mit-schwarzem-Loch-in-der-Naehe-von-Terra-Nova.jpg?fit=1200%2C900&ssl=1&resize=350%2C200","width":350,"height":200,"srcset":"https:\/\/i0.wp.com\/www.jazzzeitung.de\/cms\/wp-content\/uploads\/2025\/09\/Botanische-Supernova-mit-schwarzem-Loch-in-der-Naehe-von-Terra-Nova.jpg?fit=1200%2C900&ssl=1&resize=350%2C200 1x, https:\/\/i0.wp.com\/www.jazzzeitung.de\/cms\/wp-content\/uploads\/2025\/09\/Botanische-Supernova-mit-schwarzem-Loch-in-der-Naehe-von-Terra-Nova.jpg?fit=1200%2C900&ssl=1&resize=525%2C300 1.5x, https:\/\/i0.wp.com\/www.jazzzeitung.de\/cms\/wp-content\/uploads\/2025\/09\/Botanische-Supernova-mit-schwarzem-Loch-in-der-Naehe-von-Terra-Nova.jpg?fit=1200%2C900&ssl=1&resize=700%2C400 2x, https:\/\/i0.wp.com\/www.jazzzeitung.de\/cms\/wp-content\/uploads\/2025\/09\/Botanische-Supernova-mit-schwarzem-Loch-in-der-Naehe-von-Terra-Nova.jpg?fit=1200%2C900&ssl=1&resize=1050%2C600 3x"},"classes":[]},{"id":31928,"url":"https:\/\/www.jazzzeitung.de\/cms\/2024\/11\/die-geschmolzene-jazz-radiowoche-vom-25-11-2024-bis-01-12-2024\/","url_meta":{"origin":32554,"position":1},"title":"Die geschmolzene Jazz-Radiowoche vom 25.11.2024 bis 01.12.2024","author":"Martin Hufner","date":"24. November 2024","format":false,"excerpt":"Jazz im Radio \u2013 Jeden Sonntag gibt es um 12 Uhr unsere \u00dcbersicht f\u00fcr die jeweils nachfolgende Woche. Die #Jazz-Radiowoche vom 25. November bis zum 1. Dezember 2024. Erheblich ausged\u00fcnnt. Die ARD schafft ihr Radio gewisserma\u00dfen ab. Auch als PDF zum Download \u2013 #Jazz #JazzZeitung #Radio #Radiowoche \u2013 Ein Service\u2026","rel":"","context":"In &quot;News&quot;","block_context":{"text":"News","link":"https:\/\/www.jazzzeitung.de\/cms\/thema\/nachrichten\/"},"img":{"alt_text":"zugfahrt 2023 1. MH","src":"https:\/\/i0.wp.com\/www.jazzzeitung.de\/cms\/wp-content\/uploads\/2024\/11\/zugfahrt2023-1.-MH.jpg?fit=1200%2C900&ssl=1&resize=350%2C200","width":350,"height":200,"srcset":"https:\/\/i0.wp.com\/www.jazzzeitung.de\/cms\/wp-content\/uploads\/2024\/11\/zugfahrt2023-1.-MH.jpg?fit=1200%2C900&ssl=1&resize=350%2C200 1x, https:\/\/i0.wp.com\/www.jazzzeitung.de\/cms\/wp-content\/uploads\/2024\/11\/zugfahrt2023-1.-MH.jpg?fit=1200%2C900&ssl=1&resize=525%2C300 1.5x, https:\/\/i0.wp.com\/www.jazzzeitung.de\/cms\/wp-content\/uploads\/2024\/11\/zugfahrt2023-1.-MH.jpg?fit=1200%2C900&ssl=1&resize=700%2C400 2x, https:\/\/i0.wp.com\/www.jazzzeitung.de\/cms\/wp-content\/uploads\/2024\/11\/zugfahrt2023-1.-MH.jpg?fit=1200%2C900&ssl=1&resize=1050%2C600 3x"},"classes":[]},{"id":33149,"url":"https:\/\/www.jazzzeitung.de\/cms\/2025\/10\/die-protonenfette-jazz-radiowoche-vom-06-10-2025-bis-12-10-2025-2\/","url_meta":{"origin":32554,"position":2},"title":"Die atomgro\u00dfe Jazz-Radiowoche vom 06.10.2025 bis 12.10.2025","author":"Martin Hufner","date":"5. Oktober 2025","format":false,"excerpt":"Jazz im Radio \u2013 Jeden Sonntag gibt es um 12 Uhr unsere \u00dcbersicht f\u00fcr die jeweils nachfolgende Woche. Die #Jazz-Radiowoche vom 06.10. bis zum 12.10.2025. Erheblich d\u00fcnn! Auch als PDF zum Download \u2013 #Jazz #JazzZeitung #Radio #Radiowoche \u2013 Ein Service unserer Online-Redaktion.","rel":"","context":"In &quot;News&quot;","block_context":{"text":"News","link":"https:\/\/www.jazzzeitung.de\/cms\/thema\/nachrichten\/"},"img":{"alt_text":"Im G\u00e4stezimmer des Lebens. Foto: Hufner","src":"https:\/\/i0.wp.com\/www.jazzzeitung.de\/cms\/wp-content\/uploads\/2025\/10\/gaestezimmer.jpg?fit=960%2C1200&ssl=1&resize=350%2C200","width":350,"height":200,"srcset":"https:\/\/i0.wp.com\/www.jazzzeitung.de\/cms\/wp-content\/uploads\/2025\/10\/gaestezimmer.jpg?fit=960%2C1200&ssl=1&resize=350%2C200 1x, https:\/\/i0.wp.com\/www.jazzzeitung.de\/cms\/wp-content\/uploads\/2025\/10\/gaestezimmer.jpg?fit=960%2C1200&ssl=1&resize=525%2C300 1.5x, https:\/\/i0.wp.com\/www.jazzzeitung.de\/cms\/wp-content\/uploads\/2025\/10\/gaestezimmer.jpg?fit=960%2C1200&ssl=1&resize=700%2C400 2x"},"classes":[]},{"id":32452,"url":"https:\/\/www.jazzzeitung.de\/cms\/2025\/04\/die-eingeschmolzene-jazz-radiowoche-vom-21-04-2025-bis-27-04-2025\/","url_meta":{"origin":32554,"position":3},"title":"Die eingeschmolzene Jazz-Radiowoche vom 21.04.2025 bis 27.04.2025","author":"Martin Hufner","date":"20. April 2025","format":false,"excerpt":"Jazz im Radio \u2013 Jeden Sonntag gibt es um 12 Uhr unsere \u00dcbersicht f\u00fcr die jeweils nachfolgende Woche. Die #Jazz-Radiowoche vom 21. bis 27. April 2025. Erheblich ausged\u00fcnnt. Auch als PDF zum Download \u2013 #Jazz #JazzZeitung #Radio #Radiowoche \u2013 Ein Service unserer Online-Redaktion.","rel":"","context":"In &quot;News&quot;","block_context":{"text":"News","link":"https:\/\/www.jazzzeitung.de\/cms\/thema\/nachrichten\/"},"img":{"alt_text":"Kn\u00f6pfe. Foto: Hufner","src":"https:\/\/i0.wp.com\/www.jazzzeitung.de\/cms\/wp-content\/uploads\/2025\/04\/knoepfe.jpg?fit=1200%2C900&ssl=1&resize=350%2C200","width":350,"height":200,"srcset":"https:\/\/i0.wp.com\/www.jazzzeitung.de\/cms\/wp-content\/uploads\/2025\/04\/knoepfe.jpg?fit=1200%2C900&ssl=1&resize=350%2C200 1x, https:\/\/i0.wp.com\/www.jazzzeitung.de\/cms\/wp-content\/uploads\/2025\/04\/knoepfe.jpg?fit=1200%2C900&ssl=1&resize=525%2C300 1.5x, https:\/\/i0.wp.com\/www.jazzzeitung.de\/cms\/wp-content\/uploads\/2025\/04\/knoepfe.jpg?fit=1200%2C900&ssl=1&resize=700%2C400 2x, https:\/\/i0.wp.com\/www.jazzzeitung.de\/cms\/wp-content\/uploads\/2025\/04\/knoepfe.jpg?fit=1200%2C900&ssl=1&resize=1050%2C600 3x"},"classes":[]},{"id":33293,"url":"https:\/\/www.jazzzeitung.de\/cms\/2025\/11\/die-quarksminimale-jazz-radiowoche-vom-03-11-2025-bis-09-11-2025\/","url_meta":{"origin":32554,"position":4},"title":"Die quarksminimale Jazz-Radiowoche vom 03.11.2025 bis 09.11.2025","author":"Martin Hufner","date":"2. November 2025","format":false,"excerpt":"Jazz im Radio \u2013 Jeden Sonntag gibt es um 12 Uhr unsere \u00dcbersicht f\u00fcr die jeweils nachfolgende Woche. Die #Jazz-Radiowoche vom 03.11. bis zum 09.11.2025. Erheblich d\u00fcnn! Auch als PDF zum Download \u2013 #Jazz #JazzZeitung #Radio #Radiowoche \u2013 Ein Service unserer Online-Redaktion.","rel":"","context":"In &quot;News&quot;","block_context":{"text":"News","link":"https:\/\/www.jazzzeitung.de\/cms\/thema\/nachrichten\/"},"img":{"alt_text":"Holzstapel. Foto: Hufner","src":"https:\/\/i0.wp.com\/www.jazzzeitung.de\/cms\/wp-content\/uploads\/2025\/10\/Wie-viel.jpg?fit=1200%2C900&ssl=1&resize=350%2C200","width":350,"height":200,"srcset":"https:\/\/i0.wp.com\/www.jazzzeitung.de\/cms\/wp-content\/uploads\/2025\/10\/Wie-viel.jpg?fit=1200%2C900&ssl=1&resize=350%2C200 1x, https:\/\/i0.wp.com\/www.jazzzeitung.de\/cms\/wp-content\/uploads\/2025\/10\/Wie-viel.jpg?fit=1200%2C900&ssl=1&resize=525%2C300 1.5x, https:\/\/i0.wp.com\/www.jazzzeitung.de\/cms\/wp-content\/uploads\/2025\/10\/Wie-viel.jpg?fit=1200%2C900&ssl=1&resize=700%2C400 2x, https:\/\/i0.wp.com\/www.jazzzeitung.de\/cms\/wp-content\/uploads\/2025\/10\/Wie-viel.jpg?fit=1200%2C900&ssl=1&resize=1050%2C600 3x"},"classes":[]},{"id":32215,"url":"https:\/\/www.jazzzeitung.de\/cms\/2025\/02\/die-eingeschmolzene-jazz-radiowoche-vom-17-02-2025-bis-23-02-2025\/","url_meta":{"origin":32554,"position":5},"title":"Die eingeschmolzene Jazz-Radiowoche vom 17.02.2025 bis 23.02.2025","author":"Martin Hufner","date":"16. Februar 2025","format":false,"excerpt":"Jazz im Radio \u2013 Jeden Sonntag gibt es um 12 Uhr unsere \u00dcbersicht f\u00fcr die jeweils nachfolgende Woche. Die #Jazz-Radiowoche vom 10. bis 16. Februar 2025. Erheblich ausged\u00fcnnt. Die ARD schafft ihr Radio gewisserma\u00dfen ab. Auch als PDF zum Download \u2013 #Jazz #JazzZeitung #Radio #Radiowoche \u2013 Ein Service unserer Online-Redaktion.","rel":"","context":"In &quot;News&quot;","block_context":{"text":"News","link":"https:\/\/www.jazzzeitung.de\/cms\/thema\/nachrichten\/"},"img":{"alt_text":"Kunst vorm Bau. Foto: Hufner","src":"https:\/\/i0.wp.com\/www.jazzzeitung.de\/cms\/wp-content\/uploads\/2025\/02\/kunstvormbau.jpg?fit=1080%2C939&ssl=1&resize=350%2C200","width":350,"height":200,"srcset":"https:\/\/i0.wp.com\/www.jazzzeitung.de\/cms\/wp-content\/uploads\/2025\/02\/kunstvormbau.jpg?fit=1080%2C939&ssl=1&resize=350%2C200 1x, https:\/\/i0.wp.com\/www.jazzzeitung.de\/cms\/wp-content\/uploads\/2025\/02\/kunstvormbau.jpg?fit=1080%2C939&ssl=1&resize=525%2C300 1.5x, https:\/\/i0.wp.com\/www.jazzzeitung.de\/cms\/wp-content\/uploads\/2025\/02\/kunstvormbau.jpg?fit=1080%2C939&ssl=1&resize=700%2C400 2x, https:\/\/i0.wp.com\/www.jazzzeitung.de\/cms\/wp-content\/uploads\/2025\/02\/kunstvormbau.jpg?fit=1080%2C939&ssl=1&resize=1050%2C600 3x"},"classes":[]}],"jetpack_sharing_enabled":false,"_links":{"self":[{"href":"https:\/\/www.jazzzeitung.de\/cms\/wp-json\/wp\/v2\/posts\/32554","targetHints":{"allow":["GET"]}}],"collection":[{"href":"https:\/\/www.jazzzeitung.de\/cms\/wp-json\/wp\/v2\/posts"}],"about":[{"href":"https:\/\/www.jazzzeitung.de\/cms\/wp-json\/wp\/v2\/types\/post"}],"author":[{"embeddable":true,"href":"https:\/\/www.jazzzeitung.de\/cms\/wp-json\/wp\/v2\/users\/1"}],"replies":[{"embeddable":true,"href":"https:\/\/www.jazzzeitung.de\/cms\/wp-json\/wp\/v2\/comments?post=32554"}],"version-history":[{"count":1,"href":"https:\/\/www.jazzzeitung.de\/cms\/wp-json\/wp\/v2\/posts\/32554\/revisions"}],"predecessor-version":[{"id":32556,"href":"https:\/\/www.jazzzeitung.de\/cms\/wp-json\/wp\/v2\/posts\/32554\/revisions\/32556"}],"wp:featuredmedia":[{"embeddable":true,"href":"https:\/\/www.jazzzeitung.de\/cms\/wp-json\/wp\/v2\/media\/32555"}],"wp:attachment":[{"href":"https:\/\/www.jazzzeitung.de\/cms\/wp-json\/wp\/v2\/media?parent=32554"}],"wp:term":[{"taxonomy":"category","embeddable":true,"href":"https:\/\/www.jazzzeitung.de\/cms\/wp-json\/wp\/v2\/categories?post=32554"},{"taxonomy":"post_tag","embeddable":true,"href":"https:\/\/www.jazzzeitung.de\/cms\/wp-json\/wp\/v2\/tags?post=32554"},{"taxonomy":"author","embeddable":true,"href":"https:\/\/www.jazzzeitung.de\/cms\/wp-json\/wp\/v2\/coauthors?post=32554"}],"curies":[{"name":"wp","href":"https:\/\/api.w.org\/{rel}","templated":true}]}}