{"id":32543,"date":"2025-05-15T09:38:11","date_gmt":"2025-05-15T07:38:11","guid":{"rendered":"https:\/\/www.jazzzeitung.de\/cms\/?p=32543"},"modified":"2025-05-13T16:41:37","modified_gmt":"2025-05-13T14:41:37","slug":"news-5","status":"publish","type":"post","link":"https:\/\/www.jazzzeitung.de\/cms\/2025\/05\/news-5\/","title":{"rendered":"News: +++Deutscher Jazzpreis f\u00fcr Uschi Br\u00fcning+++Bayerische Jazzpreise f\u00fcr Teresa Luns, Mantra Trio, mibanda und das Anastasija Sanina Trio+++Winfried Freisleben neuer Ehrenvorstand des Regensburger Jazzclubs+++"},"content":{"rendered":"<h3>+++ Uschi Br\u00fcning erh\u00e4lt den Preis f\u00fcrs Lebenswerk +++<\/h3>\n<p>Berlin, 13. Mai 2025. Der Deutsche Jazzpreis w\u00fcrdigt 2025 eine unverwechselbare Stimme des deutschen Jazz: <strong>Uschi Br\u00fcning<\/strong> erh\u00e4lt den Deutschen Jazzpreis f\u00fcr ihr Lebenswerk.<\/p>\n<p>Seit 2021 pr\u00e4miert der <a href=\"https:\/\/music-on-net.de\/deutscher-jazzpreis-2025-vorstellung-jury\/\">Deutsche Jazzpreis<\/a> herausragende k\u00fcnstlerische Leistungen der nationalen und internationalen Jazzszene. Hauptf\u00f6rdernde des Preises ist die Beauftragte der Bundesregierung f\u00fcr Kultur und Medien (BKM). Die f\u00fcnfte Preisverleihung findet am 13. Juni 2025 in Kooperation mit der Stadt K\u00f6ln und dem Land Nordrhein-Westfalen im E-Werk K\u00f6ln statt.<\/p>\n<p>Die Jury ehrt sie als &#8222;gro\u00dfartige und faszinierende Musikerin, deren Wirken \u00fcber Jahrzehnte hinweg Generationen gepr\u00e4gt hat. Br\u00fcning gilt als eine Ikone des Ostens \u2013 ihre Kunst war immer von echter Leidenschaft und tiefem musikalischem Verst\u00e4ndnis getragen, wobei sie den k\u00fcnstlerischen Ausdruck stets \u00fcber kommerzielle Interessen stellte. Seit mehr als f\u00fcnf Jahrzehnten begeistert sie als stilistisch vielseitige S\u00e4ngerin mit einer einzigartigen Mischung aus Jazz, Soul und Chanson. Ihre k\u00fcnstlerische Integrit\u00e4t, ihr musikalischer Mut und ihre gesellschaftliche Haltung machen sie zu einer herausragenden Pers\u00f6nlichkeit der deutschen Musiklandschaft \u2013 \u00fcber Grenzen hinweg, zwischen Ost und West, zwischen Tradition und Innovation.&#8220;<\/p>\n<p>Beitragsbild: Uschi Br\u00fcning \u00a9cleografie by schleychwerbung<\/p>\n<p>&nbsp;<\/p>\n<h3>+++F\u00f6rdertour des Bayerischen Jazzverbands 2025 \u2013 Teresa Luna \u00fcberzeugt die Jury, Mantra gewinnt den Publikumspreis+++<\/h3>\n<p>Am Dienstag, den 29. April 2025, fand im Rahmen des 40. Kemptener Jazzfr\u00fchlings zum elften Mal das F\u00f6rdertourfinale des Bayerischen Jazzverbands statt. Den Hauptpreis \u2013 eine Tournee mit 13 Konzerten durch bayerische Jazzclubs und Festivals \u2013 sicherte sich in diesem Jahr die S\u00e4ngerin <strong>Teresa Luna<\/strong> mit ihrer Band.<\/p>\n<figure id=\"attachment_32549\" aria-describedby=\"caption-attachment-32549\" style=\"width: 300px\" class=\"wp-caption alignright\"><img data-recalc-dims=\"1\" loading=\"lazy\" decoding=\"async\" data-attachment-id=\"32549\" data-permalink=\"https:\/\/www.jazzzeitung.de\/cms\/2025\/05\/news-5\/jazzfruehling-wettbewerb-c-karl-jena-00008\/\" data-orig-file=\"https:\/\/i0.wp.com\/www.jazzzeitung.de\/cms\/wp-content\/uploads\/2025\/05\/Jazzfruehling-Wettbewerb-c-Karl-Jena-00008.jpg?fit=1280%2C852&amp;ssl=1\" data-orig-size=\"1280,852\" data-comments-opened=\"1\" data-image-meta=\"{&quot;aperture&quot;:&quot;0&quot;,&quot;credit&quot;:&quot;KARL JENA&quot;,&quot;camera&quot;:&quot;NIKON Z 6_2&quot;,&quot;caption&quot;:&quot;&quot;,&quot;created_timestamp&quot;:&quot;0&quot;,&quot;copyright&quot;:&quot;KARL JENA&quot;,&quot;focal_length&quot;:&quot;0&quot;,&quot;iso&quot;:&quot;0&quot;,&quot;shutter_speed&quot;:&quot;0&quot;,&quot;title&quot;:&quot;&quot;,&quot;orientation&quot;:&quot;0&quot;}\" data-image-title=\"Jazzfru\u0308hling Wettbewerb (c) Karl Jena 00008\" data-image-description=\"\" data-image-caption=\"\" data-large-file=\"https:\/\/i0.wp.com\/www.jazzzeitung.de\/cms\/wp-content\/uploads\/2025\/05\/Jazzfruehling-Wettbewerb-c-Karl-Jena-00008.jpg?fit=840%2C560&amp;ssl=1\" class=\"wp-image-32549 size-medium\" src=\"https:\/\/i0.wp.com\/www.jazzzeitung.de\/cms\/wp-content\/uploads\/2025\/05\/Jazzfruehling-Wettbewerb-c-Karl-Jena-00008.jpg?resize=300%2C200&#038;ssl=1\" alt=\"\" width=\"300\" height=\"200\" srcset=\"https:\/\/i0.wp.com\/www.jazzzeitung.de\/cms\/wp-content\/uploads\/2025\/05\/Jazzfruehling-Wettbewerb-c-Karl-Jena-00008.jpg?resize=300%2C200&amp;ssl=1 300w, https:\/\/i0.wp.com\/www.jazzzeitung.de\/cms\/wp-content\/uploads\/2025\/05\/Jazzfruehling-Wettbewerb-c-Karl-Jena-00008.jpg?resize=900%2C600&amp;ssl=1 900w, https:\/\/i0.wp.com\/www.jazzzeitung.de\/cms\/wp-content\/uploads\/2025\/05\/Jazzfruehling-Wettbewerb-c-Karl-Jena-00008.jpg?resize=768%2C511&amp;ssl=1 768w, https:\/\/i0.wp.com\/www.jazzzeitung.de\/cms\/wp-content\/uploads\/2025\/05\/Jazzfruehling-Wettbewerb-c-Karl-Jena-00008.jpg?resize=120%2C80&amp;ssl=1 120w, https:\/\/i0.wp.com\/www.jazzzeitung.de\/cms\/wp-content\/uploads\/2025\/05\/Jazzfruehling-Wettbewerb-c-Karl-Jena-00008.jpg?w=1280&amp;ssl=1 1280w\" sizes=\"auto, (max-width: 300px) 100vw, 300px\" \/><figcaption id=\"caption-attachment-32549\" class=\"wp-caption-text\">S\u00e4ngerin Teresa Luna mit ihrer Band. Foto: Karl Jena<\/figcaption><\/figure>\n<p>&nbsp;<\/p>\n<p>Aus insgesamt 17 Bewerbungen hatte eine Jury im Blindfold-Verfahren vier Ensembles f\u00fcr das Finale ausgew\u00e4hlt. Im TheaterOben in Kempten pr\u00e4sentierten sich diese am Abend des 29. April jeweils 25 Minuten lang einem aufmerksamen Festivalpublikum und einer f\u00fcnfk\u00f6pfigen Finaljury. Die musikalische Qualit\u00e4t und stilistische N\u00e4he der Beitr\u00e4ge machten der Jury und dem Publikum die Entscheidung in diesem Jahr besonders schwer.<\/p>\n<p>Erstmals wurde ein Publikumspreis vergeben \u2013 gestiftet von der Sozialbau Kempten. Rund 180 Besuchende nutzten die Gelegenheit, ihre Favoriten zu diskutieren und per Abstimmung ihren Publikumsliebling zu k\u00fcren.<\/p>\n<p>Gegen 22:55 Uhr stand das Ergebnis fest:<\/p>\n<ul>\n<li><strong>1. Platz und Gewinnerin der F\u00f6rdertour<\/strong>: Teresa Luna &amp; Band<\/li>\n<li><strong>2. Platz (1.500 \u20ac Preisgeld)<\/strong>: Mantra Trio<\/li>\n<li><strong>3. Platz (je 1.000 \u20ac Preisgeld)<\/strong>: miBanda und das Anastasija Sanina Trio<\/li>\n<li><strong>Publikumspreis (500 \u20ac)<\/strong>: Mantra Trio<\/li>\n<\/ul>\n<p>Die Jury bestand in diesem Jahr aus der Pianistin Gee Hye Lee, dem Journalisten Ralf Dombrowski, Bernhard Lindner vom Bayerischen Jazzverband, Josef Ego vom Vorstand des Kleinkunstvereins Klecks e.V. (Veranstalter des Jazzfr\u00fchlings) sowie Alexander Hold, dem 2. Vizepr\u00e4sidenten des Bayerischen Landtags.<\/p>\n<p>Die Tour der Gewinnerband Teresa Luna startet im Herbst und f\u00fchrt durch zahlreiche Jazzclubs und Festivals in ganz Bayern. Die Mitglieder des Bayerischen Jazzverbands \u00f6ffnen daf\u00fcr jedes Jahr ihre B\u00fchnen und pr\u00e4sentieren gemeinsam die Preistr\u00e4ger der F\u00f6rdertour.<\/p>\n<p><a href=\"https:\/\/bayerischer-jazzverband.de\/foerderpreis\/\">https:\/\/bayerischer-jazzverband.de\/foerderpreis\/<\/a><\/p>\n<h3><\/h3>\n<h3><strong>+++Jazzclub Regensburg e.V. w\u00e4hlt neuen Vorstand \u2013 Winfried Freisleben zum Ehrenvorstand ernannt+++<\/strong><\/h3>\n<p>Im Rahmen der ordentlichen Mitgliederversammlung des Jazzclub Regensburg e.V. am 6. Mai 2025 wurde der Vorstand des Vereins turnusgem\u00e4\u00df neu gew\u00e4hlt. Die Mitglieder stimmten f\u00fcr eine neue Vorstandschaft, die k\u00fcnftig aus Bernhard Lindner, Eva Brandl und Peter Reiterer besteht.<\/p>\n<figure id=\"attachment_32550\" aria-describedby=\"caption-attachment-32550\" style=\"width: 300px\" class=\"wp-caption alignright\"><img data-recalc-dims=\"1\" loading=\"lazy\" decoding=\"async\" data-attachment-id=\"32550\" data-permalink=\"https:\/\/www.jazzzeitung.de\/cms\/2025\/05\/news-5\/vorstand-2025-c-jazzclub-regensburg\/\" data-orig-file=\"https:\/\/i0.wp.com\/www.jazzzeitung.de\/cms\/wp-content\/uploads\/2025\/05\/Vorstand-2025-c-Jazzclub-Regensburg-scaled.jpg?fit=2560%2C1706&amp;ssl=1\" data-orig-size=\"2560,1706\" data-comments-opened=\"1\" data-image-meta=\"{&quot;aperture&quot;:&quot;6.3&quot;,&quot;credit&quot;:&quot;&quot;,&quot;camera&quot;:&quot;DMC-FZ1000&quot;,&quot;caption&quot;:&quot;&quot;,&quot;created_timestamp&quot;:&quot;1746728169&quot;,&quot;copyright&quot;:&quot;&quot;,&quot;focal_length&quot;:&quot;9.12&quot;,&quot;iso&quot;:&quot;6400&quot;,&quot;shutter_speed&quot;:&quot;0.016666666666667&quot;,&quot;title&quot;:&quot;&quot;,&quot;orientation&quot;:&quot;0&quot;}\" data-image-title=\"Vorstand 2025 (c) Jazzclub Regensburg\" data-image-description=\"\" data-image-caption=\"\" data-large-file=\"https:\/\/i0.wp.com\/www.jazzzeitung.de\/cms\/wp-content\/uploads\/2025\/05\/Vorstand-2025-c-Jazzclub-Regensburg-scaled.jpg?fit=840%2C560&amp;ssl=1\" class=\"wp-image-32550 size-medium\" src=\"https:\/\/i0.wp.com\/www.jazzzeitung.de\/cms\/wp-content\/uploads\/2025\/05\/Vorstand-2025-c-Jazzclub-Regensburg.jpg?resize=300%2C200&#038;ssl=1\" alt=\"\" width=\"300\" height=\"200\" srcset=\"https:\/\/i0.wp.com\/www.jazzzeitung.de\/cms\/wp-content\/uploads\/2025\/05\/Vorstand-2025-c-Jazzclub-Regensburg-scaled.jpg?resize=300%2C200&amp;ssl=1 300w, https:\/\/i0.wp.com\/www.jazzzeitung.de\/cms\/wp-content\/uploads\/2025\/05\/Vorstand-2025-c-Jazzclub-Regensburg-scaled.jpg?resize=900%2C600&amp;ssl=1 900w, https:\/\/i0.wp.com\/www.jazzzeitung.de\/cms\/wp-content\/uploads\/2025\/05\/Vorstand-2025-c-Jazzclub-Regensburg-scaled.jpg?resize=768%2C512&amp;ssl=1 768w, https:\/\/i0.wp.com\/www.jazzzeitung.de\/cms\/wp-content\/uploads\/2025\/05\/Vorstand-2025-c-Jazzclub-Regensburg-scaled.jpg?resize=1536%2C1024&amp;ssl=1 1536w, https:\/\/i0.wp.com\/www.jazzzeitung.de\/cms\/wp-content\/uploads\/2025\/05\/Vorstand-2025-c-Jazzclub-Regensburg-scaled.jpg?resize=2048%2C1365&amp;ssl=1 2048w, https:\/\/i0.wp.com\/www.jazzzeitung.de\/cms\/wp-content\/uploads\/2025\/05\/Vorstand-2025-c-Jazzclub-Regensburg-scaled.jpg?resize=120%2C80&amp;ssl=1 120w, https:\/\/i0.wp.com\/www.jazzzeitung.de\/cms\/wp-content\/uploads\/2025\/05\/Vorstand-2025-c-Jazzclub-Regensburg-scaled.jpg?resize=1320%2C880&amp;ssl=1 1320w, https:\/\/i0.wp.com\/www.jazzzeitung.de\/cms\/wp-content\/uploads\/2025\/05\/Vorstand-2025-c-Jazzclub-Regensburg-scaled.jpg?w=1680&amp;ssl=1 1680w, https:\/\/i0.wp.com\/www.jazzzeitung.de\/cms\/wp-content\/uploads\/2025\/05\/Vorstand-2025-c-Jazzclub-Regensburg-scaled.jpg?w=2520&amp;ssl=1 2520w\" sizes=\"auto, (max-width: 300px) 100vw, 300px\" \/><figcaption id=\"caption-attachment-32550\" class=\"wp-caption-text\">Ehrenvorstand mit neuem Vorstand (v.li.): Winfried Freisleben, Bernhard Lindner, Eva Brandl und Peter Reiterer. Foto: Jazzclub Regensburg<\/figcaption><\/figure>\n<p>Besondere Bedeutung hatte die diesj\u00e4hrige Versammlung durch den R\u00fccktritt von <strong>Winfried Freisleben,<\/strong> der zum Ehrenvorstand des Vereins gew\u00e4hlt wurde. In einer bewegenden Laudatio w\u00fcrdigte der Vorstand Bernhard Lindner das au\u00dfergew\u00f6hnliche Lebenswerk des Gr\u00fcnders. Freisleben hatte den Club 1987 gemeinsam mit seiner Frau Traudl und weiteren Jazzbegeisterten ins Leben gerufen \u2013 aus einer Vision heraus, den Jazz in Regensburg sichtbar zu machen.<\/p>\n<p>Als mutiges Projekt begonnen, entwickelte sich der Regensburger Jazzclub unter seiner Leitung zu einem der renommierten Jazzclubs Deutschlands. Internationale Stars, junge Talente, ein vielf\u00e4ltiges Programm \u2013 stets mit einem offenen, niederschwelligen Zugang: Das war Freislebens Handschrift. Nicht nur als Veranstalter, sondern als Gastgeber und F\u00f6rderer pr\u00e4gte er das kulturelle Leben der Stadt entscheidend mit.<\/p>\n<p>\u201eDu hast dem Club eine Seele gegeben\u201c, so Vorstandskolleg Bernhard Lindner in seiner Rede. \u201eMit Mut, Leidenschaft und Ausdauer hast du nicht nur Konzerte m\u00f6glich gemacht, sondern Menschen zusammengebracht \u2013 als Freund, Mentor und Herz des Jazzclubs.\u201c<\/p>\n<p>&nbsp;<\/p>\n<p>&nbsp;<\/p>\n<p>&nbsp;<\/p>\n","protected":false},"excerpt":{"rendered":"<p>+++ Uschi Br\u00fcning erh\u00e4lt den Preis f\u00fcrs Lebenswerk +++ Berlin, 13. Mai 2025. Der Deutsche Jazzpreis w\u00fcrdigt 2025 eine unverwechselbare Stimme des deutschen Jazz: Uschi Br\u00fcning erh\u00e4lt den Deutschen Jazzpreis f\u00fcr ihr Lebenswerk. Seit 2021 pr\u00e4miert der Deutsche Jazzpreis herausragende k\u00fcnstlerische Leistungen der nationalen und internationalen Jazzszene. Hauptf\u00f6rdernde des Preises ist die Beauftragte der Bundesregierung f\u00fcr Kultur und Medien (BKM). Die f\u00fcnfte Preisverleihung findet am 13. Juni 2025 in Kooperation mit der Stadt K\u00f6ln und dem Land Nordrhein-Westfalen im E-Werk K\u00f6ln statt. Die Jury ehrt sie als &#8222;gro\u00dfartige und faszinierende Musikerin, deren Wirken \u00fcber Jahrzehnte hinweg Generationen gepr\u00e4gt hat. Br\u00fcning gilt als eine Ikone des Ostens \u2013 ihre Kunst war immer von echter Leidenschaft und tiefem musikalischem Verst\u00e4ndnis getragen, wobei sie den k\u00fcnstlerischen Ausdruck stets \u00fcber kommerzielle Interessen stellte. Seit mehr als f\u00fcnf Jahrzehnten begeistert sie als stilistisch vielseitige S\u00e4ngerin mit einer einzigartigen Mischung aus Jazz, Soul und Chanson. Ihre k\u00fcnstlerische Integrit\u00e4t, ihr musikalischer Mut und ihre gesellschaftliche Haltung machen sie zu einer herausragenden Pers\u00f6nlichkeit der deutschen Musiklandschaft \u2013 \u00fcber Grenzen hinweg, zwischen Ost und West, zwischen Tradition und Innovation.&#8220; Beitragsbild: Uschi Br\u00fcning \u00a9cleografie by &hellip;<\/p>\n","protected":false},"author":7,"featured_media":32548,"comment_status":"open","ping_status":"closed","sticky":false,"template":"","format":"standard","meta":{"_jetpack_memberships_contains_paid_content":false,"footnotes":"","jetpack_publicize_message":"","jetpack_publicize_feature_enabled":true,"jetpack_social_post_already_shared":true,"jetpack_social_options":{"image_generator_settings":{"template":"highway","default_image_id":0,"font":"","enabled":false},"version":2}},"categories":[633],"tags":[5631,5627,735,5630,5629,5628,2691,786],"coauthors":[662],"class_list":["post-32543","post","type-post","status-publish","format-standard","has-post-thumbnail","hentry","category-nachrichten","tag-anastasija-sanina-trio","tag-bernhard-lindner","tag-deutscher-jazzpreis","tag-ibanda","tag-mantra-trio","tag-teresa-luna","tag-uschi-bruening","tag-winnie-freisleben"],"yoast_head":"<!-- This site is optimized with the Yoast SEO plugin v27.5 - https:\/\/yoast.com\/product\/yoast-seo-wordpress\/ -->\n<title>News: +++Deutscher Jazzpreis f\u00fcr Uschi Br\u00fcning+++Bayerische Jazzpreise f\u00fcr Teresa Luns, Mantra Trio, mibanda und das Anastasija Sanina Trio+++Winfried Freisleben neuer Ehrenvorstand des Regensburger Jazzclubs+++ - JazzZeitung<\/title>\n<meta name=\"robots\" content=\"index, follow, max-snippet:-1, max-image-preview:large, max-video-preview:-1\" \/>\n<link rel=\"canonical\" href=\"https:\/\/www.jazzzeitung.de\/cms\/2025\/05\/news-5\/\" \/>\n<meta property=\"og:locale\" content=\"de_DE\" \/>\n<meta property=\"og:type\" content=\"article\" \/>\n<meta property=\"og:title\" content=\"News: +++Deutscher Jazzpreis f\u00fcr Uschi Br\u00fcning+++Bayerische Jazzpreise f\u00fcr Teresa Luns, Mantra Trio, mibanda und das Anastasija Sanina Trio+++Winfried Freisleben neuer Ehrenvorstand des Regensburger Jazzclubs+++ - JazzZeitung\" \/>\n<meta property=\"og:description\" content=\"+++ Uschi Br\u00fcning erh\u00e4lt den Preis f\u00fcrs Lebenswerk +++ Berlin, 13. Mai 2025. Der Deutsche Jazzpreis w\u00fcrdigt 2025 eine unverwechselbare Stimme des deutschen Jazz: Uschi Br\u00fcning erh\u00e4lt den Deutschen Jazzpreis f\u00fcr ihr Lebenswerk. Seit 2021 pr\u00e4miert der Deutsche Jazzpreis herausragende k\u00fcnstlerische Leistungen der nationalen und internationalen Jazzszene. Hauptf\u00f6rdernde des Preises ist die Beauftragte der Bundesregierung f\u00fcr Kultur und Medien (BKM). Die f\u00fcnfte Preisverleihung findet am 13. Juni 2025 in Kooperation mit der Stadt K\u00f6ln und dem Land Nordrhein-Westfalen im E-Werk K\u00f6ln statt. Die Jury ehrt sie als &#8222;gro\u00dfartige und faszinierende Musikerin, deren Wirken \u00fcber Jahrzehnte hinweg Generationen gepr\u00e4gt hat. Br\u00fcning gilt als eine Ikone des Ostens \u2013 ihre Kunst war immer von echter Leidenschaft und tiefem musikalischem Verst\u00e4ndnis getragen, wobei sie den k\u00fcnstlerischen Ausdruck stets \u00fcber kommerzielle Interessen stellte. Seit mehr als f\u00fcnf Jahrzehnten begeistert sie als stilistisch vielseitige S\u00e4ngerin mit einer einzigartigen Mischung aus Jazz, Soul und Chanson. Ihre k\u00fcnstlerische Integrit\u00e4t, ihr musikalischer Mut und ihre gesellschaftliche Haltung machen sie zu einer herausragenden Pers\u00f6nlichkeit der deutschen Musiklandschaft \u2013 \u00fcber Grenzen hinweg, zwischen Ost und West, zwischen Tradition und Innovation.&#8220; Beitragsbild: Uschi Br\u00fcning \u00a9cleografie by &hellip;\" \/>\n<meta property=\"og:url\" content=\"https:\/\/www.jazzzeitung.de\/cms\/2025\/05\/news-5\/\" \/>\n<meta property=\"og:site_name\" content=\"JazzZeitung\" \/>\n<meta property=\"article:publisher\" content=\"https:\/\/www.facebook.com\/JazzZeitung\/\" \/>\n<meta property=\"article:published_time\" content=\"2025-05-15T07:38:11+00:00\" \/>\n<meta property=\"og:image\" content=\"https:\/\/i0.wp.com\/www.jazzzeitung.de\/cms\/wp-content\/uploads\/2025\/05\/Uschi-Bruening_%C2%A9cleografie-by-schleychwerbung-scaled.jpg?fit=2560%2C1597&ssl=1\" \/>\n\t<meta property=\"og:image:width\" content=\"2560\" \/>\n\t<meta property=\"og:image:height\" content=\"1597\" \/>\n\t<meta property=\"og:image:type\" content=\"image\/jpeg\" \/>\n<meta name=\"author\" content=\"Andreas Kolb\" \/>\n<script type=\"application\/ld+json\" class=\"yoast-schema-graph\">{\"@context\":\"https:\\\/\\\/schema.org\",\"@graph\":[{\"@type\":\"Article\",\"@id\":\"https:\\\/\\\/www.jazzzeitung.de\\\/cms\\\/2025\\\/05\\\/news-5\\\/#article\",\"isPartOf\":{\"@id\":\"https:\\\/\\\/www.jazzzeitung.de\\\/cms\\\/2025\\\/05\\\/news-5\\\/\"},\"author\":{\"name\":\"Andreas Kolb\",\"@id\":\"https:\\\/\\\/www.jazzzeitung.de\\\/cms\\\/#\\\/schema\\\/person\\\/23954215d035da9ee48d2a2c09a4a62c\"},\"headline\":\"News: +++Deutscher Jazzpreis f\u00fcr Uschi Br\u00fcning+++Bayerische Jazzpreise f\u00fcr Teresa Luns, Mantra Trio, mibanda und das Anastasija Sanina Trio+++Winfried Freisleben neuer Ehrenvorstand des Regensburger Jazzclubs+++\",\"datePublished\":\"2025-05-15T07:38:11+00:00\",\"mainEntityOfPage\":{\"@id\":\"https:\\\/\\\/www.jazzzeitung.de\\\/cms\\\/2025\\\/05\\\/news-5\\\/\"},\"wordCount\":762,\"commentCount\":0,\"publisher\":{\"@id\":\"https:\\\/\\\/www.jazzzeitung.de\\\/cms\\\/#organization\"},\"image\":{\"@id\":\"https:\\\/\\\/www.jazzzeitung.de\\\/cms\\\/2025\\\/05\\\/news-5\\\/#primaryimage\"},\"thumbnailUrl\":\"https:\\\/\\\/i0.wp.com\\\/www.jazzzeitung.de\\\/cms\\\/wp-content\\\/uploads\\\/2025\\\/05\\\/Uschi-Bruening_%C2%A9cleografie-by-schleychwerbung-scaled.jpg?fit=2560%2C1597&ssl=1\",\"keywords\":[\"Anastasija Sanina Trio\",\"Bernhard Lindner\",\"Deutscher Jazzpreis\",\"iBanda\",\"Mantra Trio\",\"Teresa Luna\",\"Uschi Br\u00fcning\",\"Winnie Freisleben\"],\"articleSection\":[\"News\"],\"inLanguage\":\"de\",\"potentialAction\":[{\"@type\":\"CommentAction\",\"name\":\"Comment\",\"target\":[\"https:\\\/\\\/www.jazzzeitung.de\\\/cms\\\/2025\\\/05\\\/news-5\\\/#respond\"]}]},{\"@type\":\"WebPage\",\"@id\":\"https:\\\/\\\/www.jazzzeitung.de\\\/cms\\\/2025\\\/05\\\/news-5\\\/\",\"url\":\"https:\\\/\\\/www.jazzzeitung.de\\\/cms\\\/2025\\\/05\\\/news-5\\\/\",\"name\":\"News: +++Deutscher Jazzpreis f\u00fcr Uschi Br\u00fcning+++Bayerische Jazzpreise f\u00fcr Teresa Luns, Mantra Trio, mibanda und das Anastasija Sanina Trio+++Winfried Freisleben neuer Ehrenvorstand des Regensburger Jazzclubs+++ - JazzZeitung\",\"isPartOf\":{\"@id\":\"https:\\\/\\\/www.jazzzeitung.de\\\/cms\\\/#website\"},\"primaryImageOfPage\":{\"@id\":\"https:\\\/\\\/www.jazzzeitung.de\\\/cms\\\/2025\\\/05\\\/news-5\\\/#primaryimage\"},\"image\":{\"@id\":\"https:\\\/\\\/www.jazzzeitung.de\\\/cms\\\/2025\\\/05\\\/news-5\\\/#primaryimage\"},\"thumbnailUrl\":\"https:\\\/\\\/i0.wp.com\\\/www.jazzzeitung.de\\\/cms\\\/wp-content\\\/uploads\\\/2025\\\/05\\\/Uschi-Bruening_%C2%A9cleografie-by-schleychwerbung-scaled.jpg?fit=2560%2C1597&ssl=1\",\"datePublished\":\"2025-05-15T07:38:11+00:00\",\"breadcrumb\":{\"@id\":\"https:\\\/\\\/www.jazzzeitung.de\\\/cms\\\/2025\\\/05\\\/news-5\\\/#breadcrumb\"},\"inLanguage\":\"de\",\"potentialAction\":[{\"@type\":\"ReadAction\",\"target\":[\"https:\\\/\\\/www.jazzzeitung.de\\\/cms\\\/2025\\\/05\\\/news-5\\\/\"]}]},{\"@type\":\"ImageObject\",\"inLanguage\":\"de\",\"@id\":\"https:\\\/\\\/www.jazzzeitung.de\\\/cms\\\/2025\\\/05\\\/news-5\\\/#primaryimage\",\"url\":\"https:\\\/\\\/i0.wp.com\\\/www.jazzzeitung.de\\\/cms\\\/wp-content\\\/uploads\\\/2025\\\/05\\\/Uschi-Bruening_%C2%A9cleografie-by-schleychwerbung-scaled.jpg?fit=2560%2C1597&ssl=1\",\"contentUrl\":\"https:\\\/\\\/i0.wp.com\\\/www.jazzzeitung.de\\\/cms\\\/wp-content\\\/uploads\\\/2025\\\/05\\\/Uschi-Bruening_%C2%A9cleografie-by-schleychwerbung-scaled.jpg?fit=2560%2C1597&ssl=1\",\"width\":2560,\"height\":1597},{\"@type\":\"BreadcrumbList\",\"@id\":\"https:\\\/\\\/www.jazzzeitung.de\\\/cms\\\/2025\\\/05\\\/news-5\\\/#breadcrumb\",\"itemListElement\":[{\"@type\":\"ListItem\",\"position\":1,\"name\":\"Startseite\",\"item\":\"https:\\\/\\\/www.jazzzeitung.de\\\/cms\\\/\"},{\"@type\":\"ListItem\",\"position\":2,\"name\":\"News: +++Deutscher Jazzpreis f\u00fcr Uschi Br\u00fcning+++Bayerische Jazzpreise f\u00fcr Teresa Luns, Mantra Trio, mibanda und das Anastasija Sanina Trio+++Winfried Freisleben neuer Ehrenvorstand des Regensburger Jazzclubs+++\"}]},{\"@type\":\"WebSite\",\"@id\":\"https:\\\/\\\/www.jazzzeitung.de\\\/cms\\\/#website\",\"url\":\"https:\\\/\\\/www.jazzzeitung.de\\\/cms\\\/\",\"name\":\"JazzZeitung\",\"description\":\"Jazz-News und Jazz-Kontroverses\",\"publisher\":{\"@id\":\"https:\\\/\\\/www.jazzzeitung.de\\\/cms\\\/#organization\"},\"potentialAction\":[{\"@type\":\"SearchAction\",\"target\":{\"@type\":\"EntryPoint\",\"urlTemplate\":\"https:\\\/\\\/www.jazzzeitung.de\\\/cms\\\/?s={search_term_string}\"},\"query-input\":{\"@type\":\"PropertyValueSpecification\",\"valueRequired\":true,\"valueName\":\"search_term_string\"}}],\"inLanguage\":\"de\"},{\"@type\":\"Organization\",\"@id\":\"https:\\\/\\\/www.jazzzeitung.de\\\/cms\\\/#organization\",\"name\":\"JazzZeitung online\",\"url\":\"https:\\\/\\\/www.jazzzeitung.de\\\/cms\\\/\",\"logo\":{\"@type\":\"ImageObject\",\"inLanguage\":\"de\",\"@id\":\"https:\\\/\\\/www.jazzzeitung.de\\\/cms\\\/#\\\/schema\\\/logo\\\/image\\\/\",\"url\":\"https:\\\/\\\/i0.wp.com\\\/www.jazzzeitung.de\\\/cms\\\/wp-content\\\/uploads\\\/2015\\\/08\\\/JAZZZEITUNGDE_Logo_Neu.png?fit=499%2C200&ssl=1\",\"contentUrl\":\"https:\\\/\\\/i0.wp.com\\\/www.jazzzeitung.de\\\/cms\\\/wp-content\\\/uploads\\\/2015\\\/08\\\/JAZZZEITUNGDE_Logo_Neu.png?fit=499%2C200&ssl=1\",\"width\":499,\"height\":200,\"caption\":\"JazzZeitung online\"},\"image\":{\"@id\":\"https:\\\/\\\/www.jazzzeitung.de\\\/cms\\\/#\\\/schema\\\/logo\\\/image\\\/\"},\"sameAs\":[\"https:\\\/\\\/www.facebook.com\\\/JazzZeitung\\\/\"]},{\"@type\":\"Person\",\"@id\":\"https:\\\/\\\/www.jazzzeitung.de\\\/cms\\\/#\\\/schema\\\/person\\\/23954215d035da9ee48d2a2c09a4a62c\",\"name\":\"Andreas Kolb\",\"image\":{\"@type\":\"ImageObject\",\"inLanguage\":\"de\",\"@id\":\"https:\\\/\\\/i0.wp.com\\\/www.jazzzeitung.de\\\/cms\\\/wp-content\\\/uploads\\\/2013\\\/05\\\/kolb-small.jpg?resize=96%2C96&ssl=1d81fdf4aa1b2f31d206a8dd371420dd4\",\"url\":\"https:\\\/\\\/i0.wp.com\\\/www.jazzzeitung.de\\\/cms\\\/wp-content\\\/uploads\\\/2013\\\/05\\\/kolb-small.jpg?resize=96%2C96&ssl=1\",\"contentUrl\":\"https:\\\/\\\/i0.wp.com\\\/www.jazzzeitung.de\\\/cms\\\/wp-content\\\/uploads\\\/2013\\\/05\\\/kolb-small.jpg?resize=96%2C96&ssl=1\",\"caption\":\"Andreas Kolb\"},\"description\":\"Andreas Kolb ist Chefredakteur der Jazzzeitung.\",\"sameAs\":[\"https:\\\/\\\/www.jazzzeitung.de\"],\"url\":\"https:\\\/\\\/www.jazzzeitung.de\\\/cms\\\/author\\\/kolb\\\/\"}]}<\/script>\n<!-- \/ Yoast SEO plugin. -->","yoast_head_json":{"title":"News: +++Deutscher Jazzpreis f\u00fcr Uschi Br\u00fcning+++Bayerische Jazzpreise f\u00fcr Teresa Luns, Mantra Trio, mibanda und das Anastasija Sanina Trio+++Winfried Freisleben neuer Ehrenvorstand des Regensburger Jazzclubs+++ - JazzZeitung","robots":{"index":"index","follow":"follow","max-snippet":"max-snippet:-1","max-image-preview":"max-image-preview:large","max-video-preview":"max-video-preview:-1"},"canonical":"https:\/\/www.jazzzeitung.de\/cms\/2025\/05\/news-5\/","og_locale":"de_DE","og_type":"article","og_title":"News: +++Deutscher Jazzpreis f\u00fcr Uschi Br\u00fcning+++Bayerische Jazzpreise f\u00fcr Teresa Luns, Mantra Trio, mibanda und das Anastasija Sanina Trio+++Winfried Freisleben neuer Ehrenvorstand des Regensburger Jazzclubs+++ - JazzZeitung","og_description":"+++ Uschi Br\u00fcning erh\u00e4lt den Preis f\u00fcrs Lebenswerk +++ Berlin, 13. Mai 2025. Der Deutsche Jazzpreis w\u00fcrdigt 2025 eine unverwechselbare Stimme des deutschen Jazz: Uschi Br\u00fcning erh\u00e4lt den Deutschen Jazzpreis f\u00fcr ihr Lebenswerk. Seit 2021 pr\u00e4miert der Deutsche Jazzpreis herausragende k\u00fcnstlerische Leistungen der nationalen und internationalen Jazzszene. Hauptf\u00f6rdernde des Preises ist die Beauftragte der Bundesregierung f\u00fcr Kultur und Medien (BKM). Die f\u00fcnfte Preisverleihung findet am 13. Juni 2025 in Kooperation mit der Stadt K\u00f6ln und dem Land Nordrhein-Westfalen im E-Werk K\u00f6ln statt. Die Jury ehrt sie als &#8222;gro\u00dfartige und faszinierende Musikerin, deren Wirken \u00fcber Jahrzehnte hinweg Generationen gepr\u00e4gt hat. Br\u00fcning gilt als eine Ikone des Ostens \u2013 ihre Kunst war immer von echter Leidenschaft und tiefem musikalischem Verst\u00e4ndnis getragen, wobei sie den k\u00fcnstlerischen Ausdruck stets \u00fcber kommerzielle Interessen stellte. Seit mehr als f\u00fcnf Jahrzehnten begeistert sie als stilistisch vielseitige S\u00e4ngerin mit einer einzigartigen Mischung aus Jazz, Soul und Chanson. Ihre k\u00fcnstlerische Integrit\u00e4t, ihr musikalischer Mut und ihre gesellschaftliche Haltung machen sie zu einer herausragenden Pers\u00f6nlichkeit der deutschen Musiklandschaft \u2013 \u00fcber Grenzen hinweg, zwischen Ost und West, zwischen Tradition und Innovation.&#8220; Beitragsbild: Uschi Br\u00fcning \u00a9cleografie by &hellip;","og_url":"https:\/\/www.jazzzeitung.de\/cms\/2025\/05\/news-5\/","og_site_name":"JazzZeitung","article_publisher":"https:\/\/www.facebook.com\/JazzZeitung\/","article_published_time":"2025-05-15T07:38:11+00:00","og_image":[{"width":2560,"height":1597,"url":"https:\/\/i0.wp.com\/www.jazzzeitung.de\/cms\/wp-content\/uploads\/2025\/05\/Uschi-Bruening_%C2%A9cleografie-by-schleychwerbung-scaled.jpg?fit=2560%2C1597&ssl=1","type":"image\/jpeg"}],"author":"Andreas Kolb","schema":{"@context":"https:\/\/schema.org","@graph":[{"@type":"Article","@id":"https:\/\/www.jazzzeitung.de\/cms\/2025\/05\/news-5\/#article","isPartOf":{"@id":"https:\/\/www.jazzzeitung.de\/cms\/2025\/05\/news-5\/"},"author":{"name":"Andreas Kolb","@id":"https:\/\/www.jazzzeitung.de\/cms\/#\/schema\/person\/23954215d035da9ee48d2a2c09a4a62c"},"headline":"News: +++Deutscher Jazzpreis f\u00fcr Uschi Br\u00fcning+++Bayerische Jazzpreise f\u00fcr Teresa Luns, Mantra Trio, mibanda und das Anastasija Sanina Trio+++Winfried Freisleben neuer Ehrenvorstand des Regensburger Jazzclubs+++","datePublished":"2025-05-15T07:38:11+00:00","mainEntityOfPage":{"@id":"https:\/\/www.jazzzeitung.de\/cms\/2025\/05\/news-5\/"},"wordCount":762,"commentCount":0,"publisher":{"@id":"https:\/\/www.jazzzeitung.de\/cms\/#organization"},"image":{"@id":"https:\/\/www.jazzzeitung.de\/cms\/2025\/05\/news-5\/#primaryimage"},"thumbnailUrl":"https:\/\/i0.wp.com\/www.jazzzeitung.de\/cms\/wp-content\/uploads\/2025\/05\/Uschi-Bruening_%C2%A9cleografie-by-schleychwerbung-scaled.jpg?fit=2560%2C1597&ssl=1","keywords":["Anastasija Sanina Trio","Bernhard Lindner","Deutscher Jazzpreis","iBanda","Mantra Trio","Teresa Luna","Uschi Br\u00fcning","Winnie Freisleben"],"articleSection":["News"],"inLanguage":"de","potentialAction":[{"@type":"CommentAction","name":"Comment","target":["https:\/\/www.jazzzeitung.de\/cms\/2025\/05\/news-5\/#respond"]}]},{"@type":"WebPage","@id":"https:\/\/www.jazzzeitung.de\/cms\/2025\/05\/news-5\/","url":"https:\/\/www.jazzzeitung.de\/cms\/2025\/05\/news-5\/","name":"News: +++Deutscher Jazzpreis f\u00fcr Uschi Br\u00fcning+++Bayerische Jazzpreise f\u00fcr Teresa Luns, Mantra Trio, mibanda und das Anastasija Sanina Trio+++Winfried Freisleben neuer Ehrenvorstand des Regensburger Jazzclubs+++ - JazzZeitung","isPartOf":{"@id":"https:\/\/www.jazzzeitung.de\/cms\/#website"},"primaryImageOfPage":{"@id":"https:\/\/www.jazzzeitung.de\/cms\/2025\/05\/news-5\/#primaryimage"},"image":{"@id":"https:\/\/www.jazzzeitung.de\/cms\/2025\/05\/news-5\/#primaryimage"},"thumbnailUrl":"https:\/\/i0.wp.com\/www.jazzzeitung.de\/cms\/wp-content\/uploads\/2025\/05\/Uschi-Bruening_%C2%A9cleografie-by-schleychwerbung-scaled.jpg?fit=2560%2C1597&ssl=1","datePublished":"2025-05-15T07:38:11+00:00","breadcrumb":{"@id":"https:\/\/www.jazzzeitung.de\/cms\/2025\/05\/news-5\/#breadcrumb"},"inLanguage":"de","potentialAction":[{"@type":"ReadAction","target":["https:\/\/www.jazzzeitung.de\/cms\/2025\/05\/news-5\/"]}]},{"@type":"ImageObject","inLanguage":"de","@id":"https:\/\/www.jazzzeitung.de\/cms\/2025\/05\/news-5\/#primaryimage","url":"https:\/\/i0.wp.com\/www.jazzzeitung.de\/cms\/wp-content\/uploads\/2025\/05\/Uschi-Bruening_%C2%A9cleografie-by-schleychwerbung-scaled.jpg?fit=2560%2C1597&ssl=1","contentUrl":"https:\/\/i0.wp.com\/www.jazzzeitung.de\/cms\/wp-content\/uploads\/2025\/05\/Uschi-Bruening_%C2%A9cleografie-by-schleychwerbung-scaled.jpg?fit=2560%2C1597&ssl=1","width":2560,"height":1597},{"@type":"BreadcrumbList","@id":"https:\/\/www.jazzzeitung.de\/cms\/2025\/05\/news-5\/#breadcrumb","itemListElement":[{"@type":"ListItem","position":1,"name":"Startseite","item":"https:\/\/www.jazzzeitung.de\/cms\/"},{"@type":"ListItem","position":2,"name":"News: +++Deutscher Jazzpreis f\u00fcr Uschi Br\u00fcning+++Bayerische Jazzpreise f\u00fcr Teresa Luns, Mantra Trio, mibanda und das Anastasija Sanina Trio+++Winfried Freisleben neuer Ehrenvorstand des Regensburger Jazzclubs+++"}]},{"@type":"WebSite","@id":"https:\/\/www.jazzzeitung.de\/cms\/#website","url":"https:\/\/www.jazzzeitung.de\/cms\/","name":"JazzZeitung","description":"Jazz-News und Jazz-Kontroverses","publisher":{"@id":"https:\/\/www.jazzzeitung.de\/cms\/#organization"},"potentialAction":[{"@type":"SearchAction","target":{"@type":"EntryPoint","urlTemplate":"https:\/\/www.jazzzeitung.de\/cms\/?s={search_term_string}"},"query-input":{"@type":"PropertyValueSpecification","valueRequired":true,"valueName":"search_term_string"}}],"inLanguage":"de"},{"@type":"Organization","@id":"https:\/\/www.jazzzeitung.de\/cms\/#organization","name":"JazzZeitung online","url":"https:\/\/www.jazzzeitung.de\/cms\/","logo":{"@type":"ImageObject","inLanguage":"de","@id":"https:\/\/www.jazzzeitung.de\/cms\/#\/schema\/logo\/image\/","url":"https:\/\/i0.wp.com\/www.jazzzeitung.de\/cms\/wp-content\/uploads\/2015\/08\/JAZZZEITUNGDE_Logo_Neu.png?fit=499%2C200&ssl=1","contentUrl":"https:\/\/i0.wp.com\/www.jazzzeitung.de\/cms\/wp-content\/uploads\/2015\/08\/JAZZZEITUNGDE_Logo_Neu.png?fit=499%2C200&ssl=1","width":499,"height":200,"caption":"JazzZeitung online"},"image":{"@id":"https:\/\/www.jazzzeitung.de\/cms\/#\/schema\/logo\/image\/"},"sameAs":["https:\/\/www.facebook.com\/JazzZeitung\/"]},{"@type":"Person","@id":"https:\/\/www.jazzzeitung.de\/cms\/#\/schema\/person\/23954215d035da9ee48d2a2c09a4a62c","name":"Andreas Kolb","image":{"@type":"ImageObject","inLanguage":"de","@id":"https:\/\/i0.wp.com\/www.jazzzeitung.de\/cms\/wp-content\/uploads\/2013\/05\/kolb-small.jpg?resize=96%2C96&ssl=1d81fdf4aa1b2f31d206a8dd371420dd4","url":"https:\/\/i0.wp.com\/www.jazzzeitung.de\/cms\/wp-content\/uploads\/2013\/05\/kolb-small.jpg?resize=96%2C96&ssl=1","contentUrl":"https:\/\/i0.wp.com\/www.jazzzeitung.de\/cms\/wp-content\/uploads\/2013\/05\/kolb-small.jpg?resize=96%2C96&ssl=1","caption":"Andreas Kolb"},"description":"Andreas Kolb ist Chefredakteur der Jazzzeitung.","sameAs":["https:\/\/www.jazzzeitung.de"],"url":"https:\/\/www.jazzzeitung.de\/cms\/author\/kolb\/"}]}},"wp-worthy-pixel":{"ignored":false,"public":null,"server":null,"url":null},"wp-worthy-type":"normal","jetpack_publicize_connections":[],"cc_featured_image_caption":{"caption_text":"","source_text":"","source_url":""},"jetpack_featured_media_url":"https:\/\/i0.wp.com\/www.jazzzeitung.de\/cms\/wp-content\/uploads\/2025\/05\/Uschi-Bruening_%C2%A9cleografie-by-schleychwerbung-scaled.jpg?fit=2560%2C1597&ssl=1","jetpack_shortlink":"https:\/\/wp.me\/p3KEcT-8sT","jetpack-related-posts":[{"id":33814,"url":"https:\/\/www.jazzzeitung.de\/cms\/2026\/04\/aki-takase-erhaelt-den-deutschen-jazzpreis-2026-fuer-ihr-lebenswerk\/","url_meta":{"origin":32543,"position":0},"title":"Aki Takase erh\u00e4lt den Deutschen Jazzpreis 2026 f\u00fcr ihr Lebenswerk","author":"Redaktion JazzZeitung","date":"15. April 2026","format":false,"excerpt":"Aki Takase erh\u00e4lt den Deutschen Jazzpreis 2026 f\u00fcr ihr Lebenswerk","rel":"","context":"In &quot;News&quot;","block_context":{"text":"News","link":"https:\/\/www.jazzzeitung.de\/cms\/thema\/nachrichten\/"},"img":{"alt_text":"Aki Takase. \u00a9 Frank Siemers","src":"https:\/\/i0.wp.com\/www.jazzzeitung.de\/cms\/wp-content\/uploads\/2026\/04\/Aki-Takase-by-frank-siemers-scaled.jpeg?fit=1200%2C1137&ssl=1&resize=350%2C200","width":350,"height":200,"srcset":"https:\/\/i0.wp.com\/www.jazzzeitung.de\/cms\/wp-content\/uploads\/2026\/04\/Aki-Takase-by-frank-siemers-scaled.jpeg?fit=1200%2C1137&ssl=1&resize=350%2C200 1x, https:\/\/i0.wp.com\/www.jazzzeitung.de\/cms\/wp-content\/uploads\/2026\/04\/Aki-Takase-by-frank-siemers-scaled.jpeg?fit=1200%2C1137&ssl=1&resize=525%2C300 1.5x, https:\/\/i0.wp.com\/www.jazzzeitung.de\/cms\/wp-content\/uploads\/2026\/04\/Aki-Takase-by-frank-siemers-scaled.jpeg?fit=1200%2C1137&ssl=1&resize=700%2C400 2x, https:\/\/i0.wp.com\/www.jazzzeitung.de\/cms\/wp-content\/uploads\/2026\/04\/Aki-Takase-by-frank-siemers-scaled.jpeg?fit=1200%2C1137&ssl=1&resize=1050%2C600 3x"},"classes":[]},{"id":30864,"url":"https:\/\/www.jazzzeitung.de\/cms\/2024\/04\/deutscher-jazzpreis-2024-alexander-von-schlippenbach-fuer-lebenswerk-geehrt\/","url_meta":{"origin":32543,"position":1},"title":"DEUTSCHER JAZZPREIS 2024: Alexander von Schlippenbach f\u00fcr Lebenswerk geehrt","author":"Redaktion JazzZeitung","date":"12. April 2024","format":false,"excerpt":"Am 18. April ist es so weit: Der Deutsche Jazzpreis wird im K\u00f6lner E-Werk verliehen, um zum vierten Mal herausragende Musiker:innen und Kulturschaffende im Bereich Jazz sowohl national als auch international zu w\u00fcrdigen. Ein erster Preistr\u00e4ger \u2013 in der Kategorie Lebenswerk \u2013 wurde bereits vorweg bei der Er\u00f6ffnung der jazzahead!,\u2026","rel":"","context":"In &quot;News&quot;","block_context":{"text":"News","link":"https:\/\/www.jazzzeitung.de\/cms\/thema\/nachrichten\/"},"img":{"alt_text":"Jazzfest Berlin 2016 - Pr\u00e4ludium. Alexander von Schlippenbach und Axel D\u00f6rner. Foto: Hufner","src":"https:\/\/i0.wp.com\/www.jazzzeitung.de\/cms\/wp-content\/uploads\/2016\/10\/2016_jazzfest_berlin_praeludium_c_hufner-180526.jpg?fit=1200%2C900&ssl=1&resize=350%2C200","width":350,"height":200,"srcset":"https:\/\/i0.wp.com\/www.jazzzeitung.de\/cms\/wp-content\/uploads\/2016\/10\/2016_jazzfest_berlin_praeludium_c_hufner-180526.jpg?fit=1200%2C900&ssl=1&resize=350%2C200 1x, https:\/\/i0.wp.com\/www.jazzzeitung.de\/cms\/wp-content\/uploads\/2016\/10\/2016_jazzfest_berlin_praeludium_c_hufner-180526.jpg?fit=1200%2C900&ssl=1&resize=525%2C300 1.5x, https:\/\/i0.wp.com\/www.jazzzeitung.de\/cms\/wp-content\/uploads\/2016\/10\/2016_jazzfest_berlin_praeludium_c_hufner-180526.jpg?fit=1200%2C900&ssl=1&resize=700%2C400 2x, https:\/\/i0.wp.com\/www.jazzzeitung.de\/cms\/wp-content\/uploads\/2016\/10\/2016_jazzfest_berlin_praeludium_c_hufner-180526.jpg?fit=1200%2C900&ssl=1&resize=1050%2C600 3x"},"classes":[]},{"id":30890,"url":"https:\/\/www.jazzzeitung.de\/cms\/2024\/04\/deutscher-jazzpreis-2024-glueckliche-preistraegerinnen-im-ausverkauften-e-werk-koeln\/","url_meta":{"origin":32543,"position":2},"title":"DEUTSCHER JAZZPREIS 2024 \u202f\u2013 Gl\u00fcckliche Preistr\u00e4ger:innen im ausverkauften E-Werk K\u00f6ln","author":"Redaktion JazzZeitung","date":"19. April 2024","format":false,"excerpt":"Pressemeldung der Deutschen Jazzunion: Erfolgreiche Verleihung des Deutschen Jazzpreises im E-Werk K\u00f6ln mit Preistr\u00e4ger:innen in 22 Kategorien. Am gestrigen Donnerstagabend stand K\u00f6ln ganz im Zeichen des Jazz: Im Rahmen einer feierlichen Live-Show im ausverkauften E-Werk wurde zum vierten Mal der Deutsche Jazzpreis verliehen. Ausgezeichnet wurden au\u00dfergew\u00f6hnliche, k\u00fcnstlerische und innovative Leistungen\u2026","rel":"","context":"In &quot;News&quot;","block_context":{"text":"News","link":"https:\/\/www.jazzzeitung.de\/cms\/thema\/nachrichten\/"},"img":{"alt_text":"Deutscher Jazzpreis. Ko\u0308ln, 18 April 2024. Foto: \u00a9 Niclas Weber","src":"https:\/\/i0.wp.com\/www.jazzzeitung.de\/cms\/wp-content\/uploads\/2024\/04\/Deutscher-Jazzpreis_Koeln_18-April-2024-%C2%A9niclasweber-33.jpg?fit=1200%2C800&ssl=1&resize=350%2C200","width":350,"height":200,"srcset":"https:\/\/i0.wp.com\/www.jazzzeitung.de\/cms\/wp-content\/uploads\/2024\/04\/Deutscher-Jazzpreis_Koeln_18-April-2024-%C2%A9niclasweber-33.jpg?fit=1200%2C800&ssl=1&resize=350%2C200 1x, https:\/\/i0.wp.com\/www.jazzzeitung.de\/cms\/wp-content\/uploads\/2024\/04\/Deutscher-Jazzpreis_Koeln_18-April-2024-%C2%A9niclasweber-33.jpg?fit=1200%2C800&ssl=1&resize=525%2C300 1.5x, https:\/\/i0.wp.com\/www.jazzzeitung.de\/cms\/wp-content\/uploads\/2024\/04\/Deutscher-Jazzpreis_Koeln_18-April-2024-%C2%A9niclasweber-33.jpg?fit=1200%2C800&ssl=1&resize=700%2C400 2x, https:\/\/i0.wp.com\/www.jazzzeitung.de\/cms\/wp-content\/uploads\/2024\/04\/Deutscher-Jazzpreis_Koeln_18-April-2024-%C2%A9niclasweber-33.jpg?fit=1200%2C800&ssl=1&resize=1050%2C600 3x"},"classes":[]},{"id":15456,"url":"https:\/\/www.jazzzeitung.de\/cms\/2018\/03\/neuer-deutscher-jazzpreis-mannheim-2018\/","url_meta":{"origin":32543,"position":3},"title":"Neuer Deutscher Jazzpreis Mannheim 2018","author":"Redaktion JazzZeitung","date":"26. M\u00e4rz 2018","format":false,"excerpt":"Am 23. und 24. M\u00e4rz fand in der alten Feuerwache in Mannheim zum dreizehnten Mal der Neue Deutsche Jazzpreis statt. Am Freitag w\u00e4hlte das Publikum den Gewinner des Neuen Deutschen Kompositionspreises, am Samstag die Gewinner des Neuen Deutschen Jazzpreises. Gewinner des L-Bank-Bandpreises in Ho\u0308he von 10.000 Euro wurde das Vincent\u2026","rel":"","context":"In &quot;News&quot;","block_context":{"text":"News","link":"https:\/\/www.jazzzeitung.de\/cms\/thema\/nachrichten\/"},"img":{"alt_text":"","src":"https:\/\/i0.wp.com\/www.jazzzeitung.de\/cms\/wp-content\/uploads\/2018\/03\/Eberle_Quintett_Copyright_Konni_Kern.jpg?fit=1200%2C800&ssl=1&resize=350%2C200","width":350,"height":200,"srcset":"https:\/\/i0.wp.com\/www.jazzzeitung.de\/cms\/wp-content\/uploads\/2018\/03\/Eberle_Quintett_Copyright_Konni_Kern.jpg?fit=1200%2C800&ssl=1&resize=350%2C200 1x, https:\/\/i0.wp.com\/www.jazzzeitung.de\/cms\/wp-content\/uploads\/2018\/03\/Eberle_Quintett_Copyright_Konni_Kern.jpg?fit=1200%2C800&ssl=1&resize=525%2C300 1.5x, https:\/\/i0.wp.com\/www.jazzzeitung.de\/cms\/wp-content\/uploads\/2018\/03\/Eberle_Quintett_Copyright_Konni_Kern.jpg?fit=1200%2C800&ssl=1&resize=700%2C400 2x, https:\/\/i0.wp.com\/www.jazzzeitung.de\/cms\/wp-content\/uploads\/2018\/03\/Eberle_Quintett_Copyright_Konni_Kern.jpg?fit=1200%2C800&ssl=1&resize=1050%2C600 3x"},"classes":[]},{"id":11694,"url":"https:\/\/www.jazzzeitung.de\/cms\/2017\/02\/swr-jazzpreis-2017-fuer-christian-lillinger\/","url_meta":{"origin":32543,"position":4},"title":"SWR Jazzpreis 2017 f\u00fcr Christian Lillinger","author":"Redaktion JazzZeitung","date":"15. Februar 2017","format":false,"excerpt":"Christian Lillinger erh\u00e4lt den je zur H\u00e4lfte vom Land Rheinland-Pfalz und vom S\u00fcdwestrundfunk gestifteten SWR Jazzpreis 2017. Dem 1984 in L\u00fcbben geborenen Schlagzeuger wird die Auszeichnung im kommenden Herbst beim Internationalen Festival \u201eEnjoy Jazz\u201c in Ludwigshafen \u00fcberreicht. Ebenfalls nominiert f\u00fcr den SWR Jazzpreis waren der Pianist Simon Nabatov, die Cellistin\u2026","rel":"","context":"In &quot;News&quot;","block_context":{"text":"News","link":"https:\/\/www.jazzzeitung.de\/cms\/thema\/nachrichten\/"},"img":{"alt_text":"","src":"https:\/\/i0.wp.com\/www.jazzzeitung.de\/cms\/wp-content\/uploads\/2017\/02\/1_SWR_Jazzpreis_2017-Christian-Lillinger.jpg?resize=350%2C200","width":350,"height":200,"srcset":"https:\/\/i0.wp.com\/www.jazzzeitung.de\/cms\/wp-content\/uploads\/2017\/02\/1_SWR_Jazzpreis_2017-Christian-Lillinger.jpg?resize=350%2C200 1x, https:\/\/i0.wp.com\/www.jazzzeitung.de\/cms\/wp-content\/uploads\/2017\/02\/1_SWR_Jazzpreis_2017-Christian-Lillinger.jpg?resize=525%2C300 1.5x, https:\/\/i0.wp.com\/www.jazzzeitung.de\/cms\/wp-content\/uploads\/2017\/02\/1_SWR_Jazzpreis_2017-Christian-Lillinger.jpg?resize=700%2C400 2x, https:\/\/i0.wp.com\/www.jazzzeitung.de\/cms\/wp-content\/uploads\/2017\/02\/1_SWR_Jazzpreis_2017-Christian-Lillinger.jpg?resize=1050%2C600 3x, https:\/\/i0.wp.com\/www.jazzzeitung.de\/cms\/wp-content\/uploads\/2017\/02\/1_SWR_Jazzpreis_2017-Christian-Lillinger.jpg?resize=1400%2C800 4x"},"classes":[]},{"id":20376,"url":"https:\/\/www.jazzzeitung.de\/cms\/2019\/08\/news-funk-und-jazz-party-am-atlantischen-ozean-4-algarve-smooth-jazz-festival-2019-42-goettinger-jazzfestival-2019\/","url_meta":{"origin":32543,"position":5},"title":"+++ News +++ Funk und Jazz Party am Atlantischen Ozean +++ 4. Algarve Smooth Jazz Festival 2019 +++ 42. G\u00f6ttinger Jazzfestival 2019 +++","author":"Redaktion JazzZeitung","date":"14. August 2019","format":false,"excerpt":"+++Funk und \u00a0Jazz Party am Atlantischen Ozean +++ 4. Algarve Smooth Jazz Festival +++ Im vierten Jahr findet das ALGARVE SMOOTH FESTIVAL in Portugal nun vom 01. bis 06. Oktober 2019 statt. Im Ressort PINE CLIFFS in Albufeira in einer spektakul\u00e4ren Lage am Meer finden die Konzerte auf den roten\u2026","rel":"","context":"In &quot;News&quot;","block_context":{"text":"News","link":"https:\/\/www.jazzzeitung.de\/cms\/thema\/nachrichten\/"},"img":{"alt_text":"","src":"https:\/\/i0.wp.com\/www.jazzzeitung.de\/cms\/wp-content\/uploads\/2019\/08\/CH4_3447-Presse-Q.jpg?fit=1200%2C807&ssl=1&resize=350%2C200","width":350,"height":200,"srcset":"https:\/\/i0.wp.com\/www.jazzzeitung.de\/cms\/wp-content\/uploads\/2019\/08\/CH4_3447-Presse-Q.jpg?fit=1200%2C807&ssl=1&resize=350%2C200 1x, https:\/\/i0.wp.com\/www.jazzzeitung.de\/cms\/wp-content\/uploads\/2019\/08\/CH4_3447-Presse-Q.jpg?fit=1200%2C807&ssl=1&resize=525%2C300 1.5x, https:\/\/i0.wp.com\/www.jazzzeitung.de\/cms\/wp-content\/uploads\/2019\/08\/CH4_3447-Presse-Q.jpg?fit=1200%2C807&ssl=1&resize=700%2C400 2x, https:\/\/i0.wp.com\/www.jazzzeitung.de\/cms\/wp-content\/uploads\/2019\/08\/CH4_3447-Presse-Q.jpg?fit=1200%2C807&ssl=1&resize=1050%2C600 3x"},"classes":[]}],"jetpack_sharing_enabled":true,"_links":{"self":[{"href":"https:\/\/www.jazzzeitung.de\/cms\/wp-json\/wp\/v2\/posts\/32543","targetHints":{"allow":["GET"]}}],"collection":[{"href":"https:\/\/www.jazzzeitung.de\/cms\/wp-json\/wp\/v2\/posts"}],"about":[{"href":"https:\/\/www.jazzzeitung.de\/cms\/wp-json\/wp\/v2\/types\/post"}],"author":[{"embeddable":true,"href":"https:\/\/www.jazzzeitung.de\/cms\/wp-json\/wp\/v2\/users\/7"}],"replies":[{"embeddable":true,"href":"https:\/\/www.jazzzeitung.de\/cms\/wp-json\/wp\/v2\/comments?post=32543"}],"version-history":[{"count":7,"href":"https:\/\/www.jazzzeitung.de\/cms\/wp-json\/wp\/v2\/posts\/32543\/revisions"}],"predecessor-version":[{"id":32553,"href":"https:\/\/www.jazzzeitung.de\/cms\/wp-json\/wp\/v2\/posts\/32543\/revisions\/32553"}],"wp:featuredmedia":[{"embeddable":true,"href":"https:\/\/www.jazzzeitung.de\/cms\/wp-json\/wp\/v2\/media\/32548"}],"wp:attachment":[{"href":"https:\/\/www.jazzzeitung.de\/cms\/wp-json\/wp\/v2\/media?parent=32543"}],"wp:term":[{"taxonomy":"category","embeddable":true,"href":"https:\/\/www.jazzzeitung.de\/cms\/wp-json\/wp\/v2\/categories?post=32543"},{"taxonomy":"post_tag","embeddable":true,"href":"https:\/\/www.jazzzeitung.de\/cms\/wp-json\/wp\/v2\/tags?post=32543"},{"taxonomy":"author","embeddable":true,"href":"https:\/\/www.jazzzeitung.de\/cms\/wp-json\/wp\/v2\/coauthors?post=32543"}],"curies":[{"name":"wp","href":"https:\/\/api.w.org\/{rel}","templated":true}]}}