{"id":32532,"date":"2025-05-13T11:40:11","date_gmt":"2025-05-13T09:40:11","guid":{"rendered":"https:\/\/www.jazzzeitung.de\/cms\/?p=32532"},"modified":"2025-05-13T11:40:11","modified_gmt":"2025-05-13T09:40:11","slug":"joke-lanz-almut-kuehne-und-gaeste-im-bunker-ulmenwall","status":"publish","type":"post","link":"https:\/\/www.jazzzeitung.de\/cms\/2025\/05\/joke-lanz-almut-kuehne-und-gaeste-im-bunker-ulmenwall\/","title":{"rendered":"Joke Lanz, Almut K\u00fchne und G\u00e4ste im Bunker Ulmenwall"},"content":{"rendered":"<p>(Text und Fotos: Stefan Pieper) Im Bunker Ulmenwall, tief unter Bielefelds Erdoberfl\u00e4che, fand wieder statt, was den internationalen Ruf dieser Spielst\u00e4tte begr\u00fcndet hat: Jazz und aktueller Musik ohne Kompromisse einen Raum zu geben -fernab der \u00fcblichen Risikovermeidungen des konventionellen Kultur- und Unterhaltungsbetriebs. Im Rahmen der &#8222;Soundtrips NRW&#8220; sorgten die Berliner Stimmvirtuosin Almut K\u00fchne, der Berliner Turntable-K\u00fcnstler Joke Lanz sowie Sebastian B\u00fcscher (Sax) und\u00a0Achim Zepezauer\u00a0(Liveelektronik) f\u00fcr einen besonderen Abend.<\/p>\n<p>Die Faszination f\u00fcr die Haptik von Schallplatten und deren Abspielger\u00e4te wurde urspr\u00fcnglich von Hip-Hop-DJs als eigene Kunstform emanzipiert. Die Entwicklung des ber\u00fchrungslosen Direktantriebs der legend\u00e4ren Technics-Plattenspieler erm\u00f6glichte &#8222;Scratching&#8220;. Daraus ging auch eine eigenst\u00e4ndige improvisierte Kunstform hervor\u2013 &#8222;Turntablism&#8220;, gepflegt von einer internationalen Szene von abenteuerlustigen Klangk\u00fcnstlern. Der Schweizer Joke Lanz ist einer von ihnen.<\/p>\n<h3>Emanzipation der Stimme<\/h3>\n<p>Die Emanzipation der Stimme als eigenst\u00e4ndiges Instrument ist heute noch viel verbreiterter &#8211; geh\u00f6rt doch heute das freie, abstrakte Gestalten zum Standardrepertoire fast jeder Jazzs\u00e4ngerin. Almut K\u00fchne hebt diese Kunst jedoch mit deutlich ausdifferenzierterer Charakteristik auf einen wesentlich verfeinerten Level und das ist Teil ihres ganz pers\u00f6nlichen Gesamtkunstwerkes, zu dem auch Zeichnen und Literatur geh\u00f6ren, ebenso ist das eine gro\u00dfe Affinit\u00e4t zur Dada-Bewegung \u2013 jener Kunstform, die schon vor etwa hundert Jahren \u00e4sthetisch keinen Stein auf dem anderen lassen wollte.<\/p>\n<div class=\"tiled-gallery type-rectangular tiled-gallery-unresized\" data-original-width=\"840\" data-carousel-extra='{&quot;blog_id&quot;:1,&quot;permalink&quot;:&quot;https:\\\/\\\/www.jazzzeitung.de\\\/cms\\\/2025\\\/05\\\/joke-lanz-almut-kuehne-und-gaeste-im-bunker-ulmenwall\\\/&quot;,&quot;likes_blog_id&quot;:55446655}' itemscope itemtype=\"http:\/\/schema.org\/ImageGallery\" > <div class=\"gallery-row\" style=\"width: 840px; height: 421px;\" data-original-width=\"840\" data-original-height=\"421\" > <div class=\"gallery-group images-1\" style=\"width: 560px; height: 421px;\" data-original-width=\"560\" data-original-height=\"421\" > <div class=\"tiled-gallery-item tiled-gallery-item-large\" itemprop=\"associatedMedia\" itemscope itemtype=\"http:\/\/schema.org\/ImageObject\"> <a href=\"https:\/\/www.jazzzeitung.de\/cms\/2025\/05\/joke-lanz-almut-kuehne-und-gaeste-im-bunker-ulmenwall\/almut-kuehne-2\/\" border=\"0\" itemprop=\"url\"> <meta itemprop=\"width\" content=\"556\"> <meta itemprop=\"height\" content=\"417\"> <img decoding=\"async\" class=\"\" data-attachment-id=\"32534\" data-orig-file=\"https:\/\/www.jazzzeitung.de\/cms\/wp-content\/uploads\/2025\/05\/Almut-Kuehne-1-scaled.jpg\" data-orig-size=\"2560,1920\" data-comments-opened=\"1\" data-image-meta=\"{&quot;aperture&quot;:&quot;0&quot;,&quot;credit&quot;:&quot;&quot;,&quot;camera&quot;:&quot;&quot;,&quot;caption&quot;:&quot;&quot;,&quot;created_timestamp&quot;:&quot;0&quot;,&quot;copyright&quot;:&quot;&quot;,&quot;focal_length&quot;:&quot;0&quot;,&quot;iso&quot;:&quot;0&quot;,&quot;shutter_speed&quot;:&quot;0&quot;,&quot;title&quot;:&quot;&quot;,&quot;orientation&quot;:&quot;1&quot;}\" data-image-title=\"Almut K\u00fchne\" data-image-description=\"\" data-medium-file=\"https:\/\/i0.wp.com\/www.jazzzeitung.de\/cms\/wp-content\/uploads\/2025\/05\/Almut-Kuehne-1-scaled.jpg?fit=300%2C225&#038;ssl=1\" data-large-file=\"https:\/\/i0.wp.com\/www.jazzzeitung.de\/cms\/wp-content\/uploads\/2025\/05\/Almut-Kuehne-1-scaled.jpg?fit=800%2C600&#038;ssl=1\" src=\"https:\/\/i0.wp.com\/www.jazzzeitung.de\/cms\/wp-content\/uploads\/2025\/05\/Almut-Kuehne-1-scaled.jpg?w=556&#038;h=417&#038;ssl=1\" srcset=\"https:\/\/i0.wp.com\/www.jazzzeitung.de\/cms\/wp-content\/uploads\/2025\/05\/Almut-Kuehne-1-scaled.jpg?w=2560&amp;ssl=1 2560w, https:\/\/i0.wp.com\/www.jazzzeitung.de\/cms\/wp-content\/uploads\/2025\/05\/Almut-Kuehne-1-scaled.jpg?resize=300%2C225&amp;ssl=1 300w, https:\/\/i0.wp.com\/www.jazzzeitung.de\/cms\/wp-content\/uploads\/2025\/05\/Almut-Kuehne-1-scaled.jpg?resize=800%2C600&amp;ssl=1 800w, https:\/\/i0.wp.com\/www.jazzzeitung.de\/cms\/wp-content\/uploads\/2025\/05\/Almut-Kuehne-1-scaled.jpg?resize=768%2C576&amp;ssl=1 768w, https:\/\/i0.wp.com\/www.jazzzeitung.de\/cms\/wp-content\/uploads\/2025\/05\/Almut-Kuehne-1-scaled.jpg?resize=1536%2C1152&amp;ssl=1 1536w, https:\/\/i0.wp.com\/www.jazzzeitung.de\/cms\/wp-content\/uploads\/2025\/05\/Almut-Kuehne-1-scaled.jpg?resize=2048%2C1536&amp;ssl=1 2048w, https:\/\/i0.wp.com\/www.jazzzeitung.de\/cms\/wp-content\/uploads\/2025\/05\/Almut-Kuehne-1-scaled.jpg?resize=1320%2C990&amp;ssl=1 1320w, https:\/\/i0.wp.com\/www.jazzzeitung.de\/cms\/wp-content\/uploads\/2025\/05\/Almut-Kuehne-1-scaled.jpg?w=1680&amp;ssl=1 1680w\" width=\"556\" height=\"417\" loading=\"lazy\" data-original-width=\"556\" data-original-height=\"417\" itemprop=\"http:\/\/schema.org\/image\" title=\"Almut K\u00fchne\" alt=\"Almut K\u00fchne\" style=\"width: 556px; height: 417px;\" \/> <\/a> <\/div> <\/div> <!-- close group --> <div class=\"gallery-group images-2\" style=\"width: 280px; height: 421px;\" data-original-width=\"280\" data-original-height=\"421\" > <div class=\"tiled-gallery-item tiled-gallery-item-large\" itemprop=\"associatedMedia\" itemscope itemtype=\"http:\/\/schema.org\/ImageObject\"> <a href=\"https:\/\/www.jazzzeitung.de\/cms\/2025\/05\/joke-lanz-almut-kuehne-und-gaeste-im-bunker-ulmenwall\/almut-kuehne-3\/\" border=\"0\" itemprop=\"url\"> <meta itemprop=\"width\" content=\"276\"> <meta itemprop=\"height\" content=\"207\"> <img decoding=\"async\" class=\"\" data-attachment-id=\"32535\" data-orig-file=\"https:\/\/www.jazzzeitung.de\/cms\/wp-content\/uploads\/2025\/05\/Almut-Kuehne-2-scaled.jpg\" data-orig-size=\"2560,1920\" data-comments-opened=\"1\" data-image-meta=\"{&quot;aperture&quot;:&quot;0&quot;,&quot;credit&quot;:&quot;&quot;,&quot;camera&quot;:&quot;&quot;,&quot;caption&quot;:&quot;&quot;,&quot;created_timestamp&quot;:&quot;0&quot;,&quot;copyright&quot;:&quot;&quot;,&quot;focal_length&quot;:&quot;0&quot;,&quot;iso&quot;:&quot;0&quot;,&quot;shutter_speed&quot;:&quot;0&quot;,&quot;title&quot;:&quot;&quot;,&quot;orientation&quot;:&quot;1&quot;}\" data-image-title=\"Almut K\u00fchne\" data-image-description=\"\" data-medium-file=\"https:\/\/i0.wp.com\/www.jazzzeitung.de\/cms\/wp-content\/uploads\/2025\/05\/Almut-Kuehne-2-scaled.jpg?fit=300%2C225&#038;ssl=1\" data-large-file=\"https:\/\/i0.wp.com\/www.jazzzeitung.de\/cms\/wp-content\/uploads\/2025\/05\/Almut-Kuehne-2-scaled.jpg?fit=800%2C600&#038;ssl=1\" src=\"https:\/\/i0.wp.com\/www.jazzzeitung.de\/cms\/wp-content\/uploads\/2025\/05\/Almut-Kuehne-2-scaled.jpg?w=276&#038;h=207&#038;ssl=1\" srcset=\"https:\/\/i0.wp.com\/www.jazzzeitung.de\/cms\/wp-content\/uploads\/2025\/05\/Almut-Kuehne-2-scaled.jpg?w=2560&amp;ssl=1 2560w, https:\/\/i0.wp.com\/www.jazzzeitung.de\/cms\/wp-content\/uploads\/2025\/05\/Almut-Kuehne-2-scaled.jpg?resize=300%2C225&amp;ssl=1 300w, https:\/\/i0.wp.com\/www.jazzzeitung.de\/cms\/wp-content\/uploads\/2025\/05\/Almut-Kuehne-2-scaled.jpg?resize=800%2C600&amp;ssl=1 800w, https:\/\/i0.wp.com\/www.jazzzeitung.de\/cms\/wp-content\/uploads\/2025\/05\/Almut-Kuehne-2-scaled.jpg?resize=768%2C576&amp;ssl=1 768w, https:\/\/i0.wp.com\/www.jazzzeitung.de\/cms\/wp-content\/uploads\/2025\/05\/Almut-Kuehne-2-scaled.jpg?resize=1536%2C1152&amp;ssl=1 1536w, https:\/\/i0.wp.com\/www.jazzzeitung.de\/cms\/wp-content\/uploads\/2025\/05\/Almut-Kuehne-2-scaled.jpg?resize=2048%2C1536&amp;ssl=1 2048w, https:\/\/i0.wp.com\/www.jazzzeitung.de\/cms\/wp-content\/uploads\/2025\/05\/Almut-Kuehne-2-scaled.jpg?resize=1320%2C990&amp;ssl=1 1320w, https:\/\/i0.wp.com\/www.jazzzeitung.de\/cms\/wp-content\/uploads\/2025\/05\/Almut-Kuehne-2-scaled.jpg?w=1680&amp;ssl=1 1680w\" width=\"276\" height=\"207\" loading=\"lazy\" data-original-width=\"276\" data-original-height=\"207\" itemprop=\"http:\/\/schema.org\/image\" title=\"Almut K\u00fchne\" alt=\"Almut K\u00fchne\" style=\"width: 276px; height: 207px;\" \/> <\/a> <\/div> <div class=\"tiled-gallery-item tiled-gallery-item-large\" itemprop=\"associatedMedia\" itemscope itemtype=\"http:\/\/schema.org\/ImageObject\"> <a href=\"https:\/\/www.jazzzeitung.de\/cms\/2025\/05\/joke-lanz-almut-kuehne-und-gaeste-im-bunker-ulmenwall\/dsc00317\/\" border=\"0\" itemprop=\"url\"> <meta itemprop=\"width\" content=\"276\"> <meta itemprop=\"height\" content=\"206\"> <img decoding=\"async\" class=\"\" data-attachment-id=\"32536\" data-orig-file=\"https:\/\/www.jazzzeitung.de\/cms\/wp-content\/uploads\/2025\/05\/DSC00317-scaled.jpg\" data-orig-size=\"2560,1920\" data-comments-opened=\"1\" data-image-meta=\"{&quot;aperture&quot;:&quot;0&quot;,&quot;credit&quot;:&quot;&quot;,&quot;camera&quot;:&quot;&quot;,&quot;caption&quot;:&quot;&quot;,&quot;created_timestamp&quot;:&quot;0&quot;,&quot;copyright&quot;:&quot;&quot;,&quot;focal_length&quot;:&quot;0&quot;,&quot;iso&quot;:&quot;0&quot;,&quot;shutter_speed&quot;:&quot;0&quot;,&quot;title&quot;:&quot;&quot;,&quot;orientation&quot;:&quot;1&quot;}\" data-image-title=\"DSC00317\" data-image-description=\"\" data-medium-file=\"https:\/\/i0.wp.com\/www.jazzzeitung.de\/cms\/wp-content\/uploads\/2025\/05\/DSC00317-scaled.jpg?fit=300%2C225&#038;ssl=1\" data-large-file=\"https:\/\/i0.wp.com\/www.jazzzeitung.de\/cms\/wp-content\/uploads\/2025\/05\/DSC00317-scaled.jpg?fit=800%2C600&#038;ssl=1\" src=\"https:\/\/i0.wp.com\/www.jazzzeitung.de\/cms\/wp-content\/uploads\/2025\/05\/DSC00317-scaled.jpg?w=276&#038;h=206&#038;ssl=1\" srcset=\"https:\/\/i0.wp.com\/www.jazzzeitung.de\/cms\/wp-content\/uploads\/2025\/05\/DSC00317-scaled.jpg?w=2560&amp;ssl=1 2560w, https:\/\/i0.wp.com\/www.jazzzeitung.de\/cms\/wp-content\/uploads\/2025\/05\/DSC00317-scaled.jpg?resize=300%2C225&amp;ssl=1 300w, https:\/\/i0.wp.com\/www.jazzzeitung.de\/cms\/wp-content\/uploads\/2025\/05\/DSC00317-scaled.jpg?resize=800%2C600&amp;ssl=1 800w, https:\/\/i0.wp.com\/www.jazzzeitung.de\/cms\/wp-content\/uploads\/2025\/05\/DSC00317-scaled.jpg?resize=768%2C576&amp;ssl=1 768w, https:\/\/i0.wp.com\/www.jazzzeitung.de\/cms\/wp-content\/uploads\/2025\/05\/DSC00317-scaled.jpg?resize=1536%2C1152&amp;ssl=1 1536w, https:\/\/i0.wp.com\/www.jazzzeitung.de\/cms\/wp-content\/uploads\/2025\/05\/DSC00317-scaled.jpg?resize=2048%2C1536&amp;ssl=1 2048w, https:\/\/i0.wp.com\/www.jazzzeitung.de\/cms\/wp-content\/uploads\/2025\/05\/DSC00317-scaled.jpg?resize=1320%2C990&amp;ssl=1 1320w, https:\/\/i0.wp.com\/www.jazzzeitung.de\/cms\/wp-content\/uploads\/2025\/05\/DSC00317-scaled.jpg?w=1680&amp;ssl=1 1680w\" width=\"276\" height=\"206\" loading=\"lazy\" data-original-width=\"276\" data-original-height=\"206\" itemprop=\"http:\/\/schema.org\/image\" title=\"DSC00317\" alt=\"DSC00317\" style=\"width: 276px; height: 206px;\" \/> <\/a> <\/div> <\/div> <!-- close group --> <\/div> <!-- close row --> <div class=\"gallery-row\" style=\"width: 840px; height: 211px;\" data-original-width=\"840\" data-original-height=\"211\" > <div class=\"gallery-group images-1\" style=\"width: 280px; height: 211px;\" data-original-width=\"280\" data-original-height=\"211\" > <div class=\"tiled-gallery-item tiled-gallery-item-large\" itemprop=\"associatedMedia\" itemscope itemtype=\"http:\/\/schema.org\/ImageObject\"> <a href=\"https:\/\/www.jazzzeitung.de\/cms\/2025\/05\/joke-lanz-almut-kuehne-und-gaeste-im-bunker-ulmenwall\/dsc00347\/\" border=\"0\" itemprop=\"url\"> <meta itemprop=\"width\" content=\"276\"> <meta itemprop=\"height\" content=\"207\"> <img decoding=\"async\" class=\"\" data-attachment-id=\"32537\" data-orig-file=\"https:\/\/www.jazzzeitung.de\/cms\/wp-content\/uploads\/2025\/05\/DSC00347-scaled.jpg\" data-orig-size=\"2560,1920\" data-comments-opened=\"1\" data-image-meta=\"{&quot;aperture&quot;:&quot;0&quot;,&quot;credit&quot;:&quot;&quot;,&quot;camera&quot;:&quot;&quot;,&quot;caption&quot;:&quot;&quot;,&quot;created_timestamp&quot;:&quot;0&quot;,&quot;copyright&quot;:&quot;&quot;,&quot;focal_length&quot;:&quot;0&quot;,&quot;iso&quot;:&quot;0&quot;,&quot;shutter_speed&quot;:&quot;0&quot;,&quot;title&quot;:&quot;&quot;,&quot;orientation&quot;:&quot;1&quot;}\" data-image-title=\"DSC00347\" data-image-description=\"\" data-medium-file=\"https:\/\/i0.wp.com\/www.jazzzeitung.de\/cms\/wp-content\/uploads\/2025\/05\/DSC00347-scaled.jpg?fit=300%2C225&#038;ssl=1\" data-large-file=\"https:\/\/i0.wp.com\/www.jazzzeitung.de\/cms\/wp-content\/uploads\/2025\/05\/DSC00347-scaled.jpg?fit=800%2C600&#038;ssl=1\" src=\"https:\/\/i0.wp.com\/www.jazzzeitung.de\/cms\/wp-content\/uploads\/2025\/05\/DSC00347-scaled.jpg?w=276&#038;h=207&#038;ssl=1\" srcset=\"https:\/\/i0.wp.com\/www.jazzzeitung.de\/cms\/wp-content\/uploads\/2025\/05\/DSC00347-scaled.jpg?w=2560&amp;ssl=1 2560w, https:\/\/i0.wp.com\/www.jazzzeitung.de\/cms\/wp-content\/uploads\/2025\/05\/DSC00347-scaled.jpg?resize=300%2C225&amp;ssl=1 300w, https:\/\/i0.wp.com\/www.jazzzeitung.de\/cms\/wp-content\/uploads\/2025\/05\/DSC00347-scaled.jpg?resize=800%2C600&amp;ssl=1 800w, https:\/\/i0.wp.com\/www.jazzzeitung.de\/cms\/wp-content\/uploads\/2025\/05\/DSC00347-scaled.jpg?resize=768%2C576&amp;ssl=1 768w, https:\/\/i0.wp.com\/www.jazzzeitung.de\/cms\/wp-content\/uploads\/2025\/05\/DSC00347-scaled.jpg?resize=1536%2C1152&amp;ssl=1 1536w, https:\/\/i0.wp.com\/www.jazzzeitung.de\/cms\/wp-content\/uploads\/2025\/05\/DSC00347-scaled.jpg?resize=2048%2C1536&amp;ssl=1 2048w, https:\/\/i0.wp.com\/www.jazzzeitung.de\/cms\/wp-content\/uploads\/2025\/05\/DSC00347-scaled.jpg?resize=1320%2C990&amp;ssl=1 1320w, https:\/\/i0.wp.com\/www.jazzzeitung.de\/cms\/wp-content\/uploads\/2025\/05\/DSC00347-scaled.jpg?w=1680&amp;ssl=1 1680w\" width=\"276\" height=\"207\" loading=\"lazy\" data-original-width=\"276\" data-original-height=\"207\" itemprop=\"http:\/\/schema.org\/image\" title=\"DSC00347\" alt=\"DSC00347\" style=\"width: 276px; height: 207px;\" \/> <\/a> <\/div> <\/div> <!-- close group --> <div class=\"gallery-group images-1\" style=\"width: 280px; height: 211px;\" data-original-width=\"280\" data-original-height=\"211\" > <div class=\"tiled-gallery-item tiled-gallery-item-large\" itemprop=\"associatedMedia\" itemscope itemtype=\"http:\/\/schema.org\/ImageObject\"> <a href=\"https:\/\/www.jazzzeitung.de\/cms\/2025\/05\/joke-lanz-almut-kuehne-und-gaeste-im-bunker-ulmenwall\/dsc00366\/\" border=\"0\" itemprop=\"url\"> <meta itemprop=\"width\" content=\"276\"> <meta itemprop=\"height\" content=\"207\"> <img decoding=\"async\" class=\"\" data-attachment-id=\"32538\" data-orig-file=\"https:\/\/www.jazzzeitung.de\/cms\/wp-content\/uploads\/2025\/05\/DSC00366-scaled.jpg\" data-orig-size=\"2560,1920\" data-comments-opened=\"1\" data-image-meta=\"{&quot;aperture&quot;:&quot;0&quot;,&quot;credit&quot;:&quot;&quot;,&quot;camera&quot;:&quot;&quot;,&quot;caption&quot;:&quot;&quot;,&quot;created_timestamp&quot;:&quot;0&quot;,&quot;copyright&quot;:&quot;&quot;,&quot;focal_length&quot;:&quot;0&quot;,&quot;iso&quot;:&quot;0&quot;,&quot;shutter_speed&quot;:&quot;0&quot;,&quot;title&quot;:&quot;&quot;,&quot;orientation&quot;:&quot;1&quot;}\" data-image-title=\"DSC00366\" data-image-description=\"\" data-medium-file=\"https:\/\/i0.wp.com\/www.jazzzeitung.de\/cms\/wp-content\/uploads\/2025\/05\/DSC00366-scaled.jpg?fit=300%2C225&#038;ssl=1\" data-large-file=\"https:\/\/i0.wp.com\/www.jazzzeitung.de\/cms\/wp-content\/uploads\/2025\/05\/DSC00366-scaled.jpg?fit=800%2C600&#038;ssl=1\" src=\"https:\/\/i0.wp.com\/www.jazzzeitung.de\/cms\/wp-content\/uploads\/2025\/05\/DSC00366-scaled.jpg?w=276&#038;h=207&#038;ssl=1\" srcset=\"https:\/\/i0.wp.com\/www.jazzzeitung.de\/cms\/wp-content\/uploads\/2025\/05\/DSC00366-scaled.jpg?w=2560&amp;ssl=1 2560w, https:\/\/i0.wp.com\/www.jazzzeitung.de\/cms\/wp-content\/uploads\/2025\/05\/DSC00366-scaled.jpg?resize=300%2C225&amp;ssl=1 300w, https:\/\/i0.wp.com\/www.jazzzeitung.de\/cms\/wp-content\/uploads\/2025\/05\/DSC00366-scaled.jpg?resize=800%2C600&amp;ssl=1 800w, https:\/\/i0.wp.com\/www.jazzzeitung.de\/cms\/wp-content\/uploads\/2025\/05\/DSC00366-scaled.jpg?resize=768%2C576&amp;ssl=1 768w, https:\/\/i0.wp.com\/www.jazzzeitung.de\/cms\/wp-content\/uploads\/2025\/05\/DSC00366-scaled.jpg?resize=1536%2C1152&amp;ssl=1 1536w, https:\/\/i0.wp.com\/www.jazzzeitung.de\/cms\/wp-content\/uploads\/2025\/05\/DSC00366-scaled.jpg?resize=2048%2C1536&amp;ssl=1 2048w, https:\/\/i0.wp.com\/www.jazzzeitung.de\/cms\/wp-content\/uploads\/2025\/05\/DSC00366-scaled.jpg?resize=1320%2C990&amp;ssl=1 1320w, https:\/\/i0.wp.com\/www.jazzzeitung.de\/cms\/wp-content\/uploads\/2025\/05\/DSC00366-scaled.jpg?w=1680&amp;ssl=1 1680w\" width=\"276\" height=\"207\" loading=\"lazy\" data-original-width=\"276\" data-original-height=\"207\" itemprop=\"http:\/\/schema.org\/image\" title=\"DSC00366\" alt=\"DSC00366\" style=\"width: 276px; height: 207px;\" \/> <\/a> <\/div> <\/div> <!-- close group --> <div class=\"gallery-group images-1\" style=\"width: 280px; height: 211px;\" data-original-width=\"280\" data-original-height=\"211\" > <div class=\"tiled-gallery-item tiled-gallery-item-large\" itemprop=\"associatedMedia\" itemscope itemtype=\"http:\/\/schema.org\/ImageObject\"> <a href=\"https:\/\/www.jazzzeitung.de\/cms\/2025\/05\/joke-lanz-almut-kuehne-und-gaeste-im-bunker-ulmenwall\/dsc00370\/\" border=\"0\" itemprop=\"url\"> <meta itemprop=\"width\" content=\"276\"> <meta itemprop=\"height\" content=\"207\"> <img decoding=\"async\" class=\"\" data-attachment-id=\"32539\" data-orig-file=\"https:\/\/www.jazzzeitung.de\/cms\/wp-content\/uploads\/2025\/05\/DSC00370-scaled.jpg\" data-orig-size=\"2560,1920\" data-comments-opened=\"1\" data-image-meta=\"{&quot;aperture&quot;:&quot;0&quot;,&quot;credit&quot;:&quot;&quot;,&quot;camera&quot;:&quot;&quot;,&quot;caption&quot;:&quot;&quot;,&quot;created_timestamp&quot;:&quot;0&quot;,&quot;copyright&quot;:&quot;&quot;,&quot;focal_length&quot;:&quot;0&quot;,&quot;iso&quot;:&quot;0&quot;,&quot;shutter_speed&quot;:&quot;0&quot;,&quot;title&quot;:&quot;&quot;,&quot;orientation&quot;:&quot;1&quot;}\" data-image-title=\"DSC00370\" data-image-description=\"\" data-medium-file=\"https:\/\/i0.wp.com\/www.jazzzeitung.de\/cms\/wp-content\/uploads\/2025\/05\/DSC00370-scaled.jpg?fit=300%2C225&#038;ssl=1\" data-large-file=\"https:\/\/i0.wp.com\/www.jazzzeitung.de\/cms\/wp-content\/uploads\/2025\/05\/DSC00370-scaled.jpg?fit=800%2C600&#038;ssl=1\" src=\"https:\/\/i0.wp.com\/www.jazzzeitung.de\/cms\/wp-content\/uploads\/2025\/05\/DSC00370-scaled.jpg?w=276&#038;h=207&#038;ssl=1\" srcset=\"https:\/\/i0.wp.com\/www.jazzzeitung.de\/cms\/wp-content\/uploads\/2025\/05\/DSC00370-scaled.jpg?w=2560&amp;ssl=1 2560w, https:\/\/i0.wp.com\/www.jazzzeitung.de\/cms\/wp-content\/uploads\/2025\/05\/DSC00370-scaled.jpg?resize=300%2C225&amp;ssl=1 300w, https:\/\/i0.wp.com\/www.jazzzeitung.de\/cms\/wp-content\/uploads\/2025\/05\/DSC00370-scaled.jpg?resize=800%2C600&amp;ssl=1 800w, https:\/\/i0.wp.com\/www.jazzzeitung.de\/cms\/wp-content\/uploads\/2025\/05\/DSC00370-scaled.jpg?resize=768%2C576&amp;ssl=1 768w, https:\/\/i0.wp.com\/www.jazzzeitung.de\/cms\/wp-content\/uploads\/2025\/05\/DSC00370-scaled.jpg?resize=1536%2C1152&amp;ssl=1 1536w, https:\/\/i0.wp.com\/www.jazzzeitung.de\/cms\/wp-content\/uploads\/2025\/05\/DSC00370-scaled.jpg?resize=2048%2C1536&amp;ssl=1 2048w, https:\/\/i0.wp.com\/www.jazzzeitung.de\/cms\/wp-content\/uploads\/2025\/05\/DSC00370-scaled.jpg?resize=1320%2C990&amp;ssl=1 1320w, https:\/\/i0.wp.com\/www.jazzzeitung.de\/cms\/wp-content\/uploads\/2025\/05\/DSC00370-scaled.jpg?w=1680&amp;ssl=1 1680w\" width=\"276\" height=\"207\" loading=\"lazy\" data-original-width=\"276\" data-original-height=\"207\" itemprop=\"http:\/\/schema.org\/image\" title=\"DSC00370\" alt=\"DSC00370\" style=\"width: 276px; height: 207px;\" \/> <\/a> <\/div> <\/div> <!-- close group --> <\/div> <!-- close row --> <div class=\"gallery-row\" style=\"width: 840px; height: 316px;\" data-original-width=\"840\" data-original-height=\"316\" > <div class=\"gallery-group images-1\" style=\"width: 420px; height: 316px;\" data-original-width=\"420\" data-original-height=\"316\" > <div class=\"tiled-gallery-item tiled-gallery-item-large\" itemprop=\"associatedMedia\" itemscope itemtype=\"http:\/\/schema.org\/ImageObject\"> <a href=\"https:\/\/www.jazzzeitung.de\/cms\/2025\/05\/joke-lanz-almut-kuehne-und-gaeste-im-bunker-ulmenwall\/dsc00439\/\" border=\"0\" itemprop=\"url\"> <meta itemprop=\"width\" content=\"416\"> <meta itemprop=\"height\" content=\"312\"> <img decoding=\"async\" class=\"\" data-attachment-id=\"32540\" data-orig-file=\"https:\/\/www.jazzzeitung.de\/cms\/wp-content\/uploads\/2025\/05\/DSC00439-scaled.jpg\" data-orig-size=\"2560,1920\" data-comments-opened=\"1\" data-image-meta=\"{&quot;aperture&quot;:&quot;0&quot;,&quot;credit&quot;:&quot;&quot;,&quot;camera&quot;:&quot;&quot;,&quot;caption&quot;:&quot;&quot;,&quot;created_timestamp&quot;:&quot;0&quot;,&quot;copyright&quot;:&quot;&quot;,&quot;focal_length&quot;:&quot;0&quot;,&quot;iso&quot;:&quot;0&quot;,&quot;shutter_speed&quot;:&quot;0&quot;,&quot;title&quot;:&quot;&quot;,&quot;orientation&quot;:&quot;1&quot;}\" data-image-title=\"DSC00439\" data-image-description=\"\" data-medium-file=\"https:\/\/i0.wp.com\/www.jazzzeitung.de\/cms\/wp-content\/uploads\/2025\/05\/DSC00439-scaled.jpg?fit=300%2C225&#038;ssl=1\" data-large-file=\"https:\/\/i0.wp.com\/www.jazzzeitung.de\/cms\/wp-content\/uploads\/2025\/05\/DSC00439-scaled.jpg?fit=800%2C600&#038;ssl=1\" src=\"https:\/\/i0.wp.com\/www.jazzzeitung.de\/cms\/wp-content\/uploads\/2025\/05\/DSC00439-scaled.jpg?w=416&#038;h=312&#038;ssl=1\" srcset=\"https:\/\/i0.wp.com\/www.jazzzeitung.de\/cms\/wp-content\/uploads\/2025\/05\/DSC00439-scaled.jpg?w=2560&amp;ssl=1 2560w, https:\/\/i0.wp.com\/www.jazzzeitung.de\/cms\/wp-content\/uploads\/2025\/05\/DSC00439-scaled.jpg?resize=300%2C225&amp;ssl=1 300w, https:\/\/i0.wp.com\/www.jazzzeitung.de\/cms\/wp-content\/uploads\/2025\/05\/DSC00439-scaled.jpg?resize=800%2C600&amp;ssl=1 800w, https:\/\/i0.wp.com\/www.jazzzeitung.de\/cms\/wp-content\/uploads\/2025\/05\/DSC00439-scaled.jpg?resize=768%2C576&amp;ssl=1 768w, https:\/\/i0.wp.com\/www.jazzzeitung.de\/cms\/wp-content\/uploads\/2025\/05\/DSC00439-scaled.jpg?resize=1536%2C1152&amp;ssl=1 1536w, https:\/\/i0.wp.com\/www.jazzzeitung.de\/cms\/wp-content\/uploads\/2025\/05\/DSC00439-scaled.jpg?resize=2048%2C1536&amp;ssl=1 2048w, https:\/\/i0.wp.com\/www.jazzzeitung.de\/cms\/wp-content\/uploads\/2025\/05\/DSC00439-scaled.jpg?resize=1320%2C990&amp;ssl=1 1320w, https:\/\/i0.wp.com\/www.jazzzeitung.de\/cms\/wp-content\/uploads\/2025\/05\/DSC00439-scaled.jpg?w=1680&amp;ssl=1 1680w\" width=\"416\" height=\"312\" loading=\"lazy\" data-original-width=\"416\" data-original-height=\"312\" itemprop=\"http:\/\/schema.org\/image\" title=\"DSC00439\" alt=\"DSC00439\" style=\"width: 416px; height: 312px;\" \/> <\/a> <\/div> <\/div> <!-- close group --> <div class=\"gallery-group images-1\" style=\"width: 420px; height: 316px;\" data-original-width=\"420\" data-original-height=\"316\" > <div class=\"tiled-gallery-item tiled-gallery-item-large\" itemprop=\"associatedMedia\" itemscope itemtype=\"http:\/\/schema.org\/ImageObject\"> <a href=\"https:\/\/www.jazzzeitung.de\/cms\/2025\/05\/joke-lanz-almut-kuehne-und-gaeste-im-bunker-ulmenwall\/dsc00510\/\" border=\"0\" itemprop=\"url\"> <meta itemprop=\"width\" content=\"416\"> <meta itemprop=\"height\" content=\"312\"> <img decoding=\"async\" class=\"\" data-attachment-id=\"32541\" data-orig-file=\"https:\/\/www.jazzzeitung.de\/cms\/wp-content\/uploads\/2025\/05\/DSC00510-scaled.jpg\" data-orig-size=\"2560,1920\" data-comments-opened=\"1\" data-image-meta=\"{&quot;aperture&quot;:&quot;0&quot;,&quot;credit&quot;:&quot;&quot;,&quot;camera&quot;:&quot;&quot;,&quot;caption&quot;:&quot;&quot;,&quot;created_timestamp&quot;:&quot;0&quot;,&quot;copyright&quot;:&quot;&quot;,&quot;focal_length&quot;:&quot;0&quot;,&quot;iso&quot;:&quot;0&quot;,&quot;shutter_speed&quot;:&quot;0&quot;,&quot;title&quot;:&quot;&quot;,&quot;orientation&quot;:&quot;1&quot;}\" data-image-title=\"DSC00510\" data-image-description=\"\" data-medium-file=\"https:\/\/i0.wp.com\/www.jazzzeitung.de\/cms\/wp-content\/uploads\/2025\/05\/DSC00510-scaled.jpg?fit=300%2C225&#038;ssl=1\" data-large-file=\"https:\/\/i0.wp.com\/www.jazzzeitung.de\/cms\/wp-content\/uploads\/2025\/05\/DSC00510-scaled.jpg?fit=800%2C600&#038;ssl=1\" src=\"https:\/\/i0.wp.com\/www.jazzzeitung.de\/cms\/wp-content\/uploads\/2025\/05\/DSC00510-scaled.jpg?w=416&#038;h=312&#038;ssl=1\" srcset=\"https:\/\/i0.wp.com\/www.jazzzeitung.de\/cms\/wp-content\/uploads\/2025\/05\/DSC00510-scaled.jpg?w=2560&amp;ssl=1 2560w, https:\/\/i0.wp.com\/www.jazzzeitung.de\/cms\/wp-content\/uploads\/2025\/05\/DSC00510-scaled.jpg?resize=300%2C225&amp;ssl=1 300w, https:\/\/i0.wp.com\/www.jazzzeitung.de\/cms\/wp-content\/uploads\/2025\/05\/DSC00510-scaled.jpg?resize=800%2C600&amp;ssl=1 800w, https:\/\/i0.wp.com\/www.jazzzeitung.de\/cms\/wp-content\/uploads\/2025\/05\/DSC00510-scaled.jpg?resize=768%2C576&amp;ssl=1 768w, https:\/\/i0.wp.com\/www.jazzzeitung.de\/cms\/wp-content\/uploads\/2025\/05\/DSC00510-scaled.jpg?resize=1536%2C1152&amp;ssl=1 1536w, https:\/\/i0.wp.com\/www.jazzzeitung.de\/cms\/wp-content\/uploads\/2025\/05\/DSC00510-scaled.jpg?resize=2048%2C1536&amp;ssl=1 2048w, https:\/\/i0.wp.com\/www.jazzzeitung.de\/cms\/wp-content\/uploads\/2025\/05\/DSC00510-scaled.jpg?resize=1320%2C990&amp;ssl=1 1320w, https:\/\/i0.wp.com\/www.jazzzeitung.de\/cms\/wp-content\/uploads\/2025\/05\/DSC00510-scaled.jpg?w=1680&amp;ssl=1 1680w\" width=\"416\" height=\"312\" loading=\"lazy\" data-original-width=\"416\" data-original-height=\"312\" itemprop=\"http:\/\/schema.org\/image\" title=\"DSC00510\" alt=\"DSC00510\" style=\"width: 416px; height: 312px;\" \/> <\/a> <\/div> <\/div> <!-- close group --> <\/div> <!-- close row --> <\/div>\n<h3><strong>Im kreativen Biotop unterwegs<\/strong><\/h3>\n<p>Also geht es im Bunker Ulmenwall mit Einf\u00fchlung und Pr\u00e4zision zur Sache: Mit viel handwerklichem Einsatz verwandelt der Schweizer Joke Lanz Vinylrillen in schillernde Klangexplosionen. Umringt von sorgf\u00e4ltig gesammelten, h\u00fcllenlos aufgestapelten Schallplatten \u2013 seiner pers\u00f6nlichen Schatzkammer \u2013 l\u00e4sst er r\u00fcckw\u00e4rts gespielte Glissandi wie Comicfiguren durch den Raum rasen, funktioniert Mischpultregler zu Percussion-Instrumenten um und wirbelt manchmal auch eine Platte einfach nur in der Luft herum, auf dass es fr\u00f6hlich zischelt.<\/p>\n<p>Ihm gegen\u00fcber entfaltet Almut K\u00fchne ihr au\u00dfergew\u00f6hnliches Stimm-Arsenal, manchmal so, als w\u00e4re ihre Kehle ein au\u00dferirdisches Instrument: Das klingt dann auch mal wie eine \u00fcberdrehte Schallplatte, oder es h\u00fcpft ihre Stimme wie ein Gummiball zwischen T\u00f6nen, die im konventionellen Gesang niemals vorkommen w\u00fcrden. Ihre Tremoli erreichen schwindelerregende H\u00f6hen der gro\u00dfen Oper, hier aber nur in Mikroorganismen, vielleicht nur einen Sekundenbruchteil lang, zwischen kindlicher Zartheit, zartem Fl\u00fcstern und h\u00f6chsten Tonlagen wechselnd. Dass sie das alles kann, ist letztlich ihrer klassischen Ausbildung geschuldet und auch ihrer Praxis als leidenschaftliche S\u00e4ngerin mit starker Vorliebe zu Bach und Alter Musik.<\/p>\n<h3>Hineintasten und Suchen<\/h3>\n<p>Was auch beeindruckte: Das \u00fcbliche, oft eine ganze Weile dauernde Hineintasten und Suchen wie bei anderen Impro-Konzerten entfiel- beide waren sofort v\u00f6llig in ihrer Sache drin, denn die Symbiose funktioniert auf h\u00f6chstem Level zwischen den beiden. Wenn man nun denkt, dass hier nun gar nichts mehr dazwischen passt, kamen im Bunker Ulmenwall die Interventionen von Sebastian B\u00fcscher auf Saxofon und\u00a0Achim Zepezauer\u00a0mit seiner Live-Elektronik ins Spiel. B\u00fcschers Instrument zischelte und bebte wie ein Eigenwesen \u2013 anfangs zur\u00fcckhaltend, bald mutiger mit Klangsplittern und impulsiven Solo-Eruptionen. Auf jeden Fall ist hier der besondere Moment im Spiel, etwas &#8222;hineinzugeben&#8220;. Derweil Zepezauer elektronische Klangnetze webte, in denen sich die anderen verfingen und wieder daraus befreiten.<\/p>\n<p>Im zweiten Set erweiterte sich die Interaktion aufs Publikum durch eine &#8222;dadaistische&#8220; Einlage. Auf K\u00fchnes Anregung skandierten die Zuschauer Wortfetzen und wurden selbst zu Instrumenten im kreativen Biotop. Trotz anf\u00e4nglicher Hemmungen bekommt der Prozess dadurch eine erfrischende Durchl\u00e4ssigkeit zwischen B\u00fchne und Zuh\u00f6rern. Also noch mehr spritzige Leichtigkeit und keine Spur von verkopftem Konzeptgest\u00f6ber \u2013 hier lebte ein funkelndes Spiel aus Poesie, Humor und Virtuosit\u00e4t.<\/p>\n<h3>Ein freier Kulturort in Gefahr<\/h3>\n<p>Die &#8222;Soundtrips NRW&#8220; verbinden Spielst\u00e4tten im ganzen Bundesland, indem sie ausgew\u00e4hlte K\u00fcnstler auf Tournee schicken, die an jedem Ort mit anderen Gastmusikern spielen. Nach Bochum, Gelsenkirchen, Bonn, Wuppertal, Duisburg und Bielefeld folgen noch Dortmund, M\u00fcnster, K\u00f6ln und D\u00fcsseldorf \u2013 ein kreatives Laboratorium in Bewegung.\u00a0Der Bunker Ulmenwall qualifizierte sich an diesem Abend mal wieder als idealer Ort f\u00fcr k\u00fcnstlerische Freiheiten. Die besondere r\u00e4umliche Situation, in der die Musiker vis-\u00e0-vis in direkter Kommunikation agieren, hat hier schon zahllose Begegnungen legend\u00e4r werden lassen.<\/p>\n<h3>Zukunft ungewiss<\/h3>\n<p>Die Zukunft ist auch hier ungewiss. Die finanzielle Lage ist problematisch \u2013 Einnahmeverluste entstanden nicht zuletzt durch das Ausbleiben der Spielst\u00e4ttenprogrammpr\u00e4mie &#8222;Applaus&#8220;. Ob das vielleicht auch daran liegt, dass mutige Konzertereignisse wie dieser Abend seit letztem Jahr doch sehr selten geworden sind? Eine vielversprechend angelaufene Crowdfunding-Kampagne sorgt im Moment f\u00fcr Entspannung, um bestehende Defizite aus der Welt zu schaffen. Geplant ist ein neues Konzept, bei dem wieder st\u00e4rker auf lokale Jugendarbeit gesetzt wird.<\/p>\n<p>Wenn das Land NRW mit den Soundtrips dem Bunker Ulmenwall einen hochkar\u00e4tigen Auftritt wie den von Joke Lanz und Almut K\u00fchne \u201egeschenkt&#8220; hat, dann wirkt dies idealerweise wie ein Fingerzeig f\u00fcr die Stadt und den Verein, auch k\u00fcnftig dem Jazz und der freien Musikkultur an diesem au\u00dfergew\u00f6hnlichen Ort einen engagierten Entfaltungsraum zu geben.<\/p>\n<p>&nbsp;<\/p>\n","protected":false},"excerpt":{"rendered":"<p>(Text und Fotos: Stefan Pieper) Im Bunker Ulmenwall, tief unter Bielefelds Erdoberfl\u00e4che, fand wieder statt, was den internationalen Ruf dieser Spielst\u00e4tte begr\u00fcndet hat: Jazz und aktueller Musik ohne Kompromisse einen Raum zu geben -fernab der \u00fcblichen Risikovermeidungen des konventionellen Kultur- und Unterhaltungsbetriebs. Im Rahmen der &#8222;Soundtrips NRW&#8220; sorgten die Berliner Stimmvirtuosin Almut K\u00fchne, der Berliner Turntable-K\u00fcnstler Joke Lanz sowie Sebastian B\u00fcscher (Sax) und\u00a0Achim Zepezauer\u00a0(Liveelektronik) f\u00fcr einen besonderen Abend. Die Faszination f\u00fcr die Haptik von Schallplatten und deren Abspielger\u00e4te wurde urspr\u00fcnglich von Hip-Hop-DJs als eigene Kunstform emanzipiert. Die Entwicklung des ber\u00fchrungslosen Direktantriebs der legend\u00e4ren Technics-Plattenspieler erm\u00f6glichte &#8222;Scratching&#8220;. Daraus ging auch eine eigenst\u00e4ndige improvisierte Kunstform hervor\u2013 &#8222;Turntablism&#8220;, gepflegt von einer internationalen Szene von abenteuerlustigen Klangk\u00fcnstlern. Der Schweizer Joke Lanz ist einer von ihnen. Emanzipation der Stimme Die Emanzipation der Stimme als eigenst\u00e4ndiges Instrument ist heute noch viel verbreiterter &#8211; geh\u00f6rt doch heute das freie, abstrakte Gestalten zum Standardrepertoire fast jeder Jazzs\u00e4ngerin. Almut K\u00fchne hebt diese Kunst jedoch mit deutlich ausdifferenzierterer Charakteristik auf einen wesentlich verfeinerten Level und das ist Teil ihres ganz pers\u00f6nlichen Gesamtkunstwerkes, zu dem auch Zeichnen und Literatur geh\u00f6ren, ebenso ist das eine gro\u00dfe Affinit\u00e4t &hellip;<\/p>\n","protected":false},"author":18,"featured_media":32533,"comment_status":"open","ping_status":"closed","sticky":false,"template":"","format":"standard","meta":{"_jetpack_memberships_contains_paid_content":false,"footnotes":"","jetpack_publicize_message":"","jetpack_publicize_feature_enabled":true,"jetpack_social_post_already_shared":true,"jetpack_social_options":{"image_generator_settings":{"template":"highway","default_image_id":0,"font":"","enabled":false},"version":2}},"categories":[1053],"tags":[1167,5626,5625],"coauthors":[695],"class_list":["post-32532","post","type-post","status-publish","format-standard","has-post-thumbnail","hentry","category-bericht","tag-almut-kuehne","tag-bunker-ulmenwall","tag-joke-lanz"],"yoast_head":"<!-- This site is optimized with the Yoast SEO plugin v27.5 - https:\/\/yoast.com\/product\/yoast-seo-wordpress\/ -->\n<title>Joke Lanz, Almut K\u00fchne und G\u00e4ste im Bunker Ulmenwall - JazzZeitung<\/title>\n<meta name=\"robots\" content=\"index, follow, max-snippet:-1, max-image-preview:large, max-video-preview:-1\" \/>\n<link rel=\"canonical\" href=\"https:\/\/www.jazzzeitung.de\/cms\/2025\/05\/joke-lanz-almut-kuehne-und-gaeste-im-bunker-ulmenwall\/\" \/>\n<meta property=\"og:locale\" content=\"de_DE\" \/>\n<meta property=\"og:type\" content=\"article\" \/>\n<meta property=\"og:title\" content=\"Joke Lanz, Almut K\u00fchne und G\u00e4ste im Bunker Ulmenwall - JazzZeitung\" \/>\n<meta property=\"og:description\" content=\"(Text und Fotos: Stefan Pieper) Im Bunker Ulmenwall, tief unter Bielefelds Erdoberfl\u00e4che, fand wieder statt, was den internationalen Ruf dieser Spielst\u00e4tte begr\u00fcndet hat: Jazz und aktueller Musik ohne Kompromisse einen Raum zu geben -fernab der \u00fcblichen Risikovermeidungen des konventionellen Kultur- und Unterhaltungsbetriebs. Im Rahmen der &#8222;Soundtrips NRW&#8220; sorgten die Berliner Stimmvirtuosin Almut K\u00fchne, der Berliner Turntable-K\u00fcnstler Joke Lanz sowie Sebastian B\u00fcscher (Sax) und\u00a0Achim Zepezauer\u00a0(Liveelektronik) f\u00fcr einen besonderen Abend. Die Faszination f\u00fcr die Haptik von Schallplatten und deren Abspielger\u00e4te wurde urspr\u00fcnglich von Hip-Hop-DJs als eigene Kunstform emanzipiert. Die Entwicklung des ber\u00fchrungslosen Direktantriebs der legend\u00e4ren Technics-Plattenspieler erm\u00f6glichte &#8222;Scratching&#8220;. Daraus ging auch eine eigenst\u00e4ndige improvisierte Kunstform hervor\u2013 &#8222;Turntablism&#8220;, gepflegt von einer internationalen Szene von abenteuerlustigen Klangk\u00fcnstlern. Der Schweizer Joke Lanz ist einer von ihnen. Emanzipation der Stimme Die Emanzipation der Stimme als eigenst\u00e4ndiges Instrument ist heute noch viel verbreiterter &#8211; geh\u00f6rt doch heute das freie, abstrakte Gestalten zum Standardrepertoire fast jeder Jazzs\u00e4ngerin. Almut K\u00fchne hebt diese Kunst jedoch mit deutlich ausdifferenzierterer Charakteristik auf einen wesentlich verfeinerten Level und das ist Teil ihres ganz pers\u00f6nlichen Gesamtkunstwerkes, zu dem auch Zeichnen und Literatur geh\u00f6ren, ebenso ist das eine gro\u00dfe Affinit\u00e4t &hellip;\" \/>\n<meta property=\"og:url\" content=\"https:\/\/www.jazzzeitung.de\/cms\/2025\/05\/joke-lanz-almut-kuehne-und-gaeste-im-bunker-ulmenwall\/\" \/>\n<meta property=\"og:site_name\" content=\"JazzZeitung\" \/>\n<meta property=\"article:publisher\" content=\"https:\/\/www.facebook.com\/JazzZeitung\/\" \/>\n<meta property=\"article:published_time\" content=\"2025-05-13T09:40:11+00:00\" \/>\n<meta property=\"og:image\" content=\"https:\/\/www.jazzzeitung.de\/cms\/wp-content\/uploads\/2025\/05\/Almut-Kuehne-scaled.jpg\" \/>\n\t<meta property=\"og:image:width\" content=\"2560\" \/>\n\t<meta property=\"og:image:height\" content=\"1920\" \/>\n\t<meta property=\"og:image:type\" content=\"image\/jpeg\" \/>\n<meta name=\"author\" content=\"Redaktion JazzZeitung\" \/>\n<script type=\"application\/ld+json\" class=\"yoast-schema-graph\">{\"@context\":\"https:\\\/\\\/schema.org\",\"@graph\":[{\"@type\":\"Article\",\"@id\":\"https:\\\/\\\/www.jazzzeitung.de\\\/cms\\\/2025\\\/05\\\/joke-lanz-almut-kuehne-und-gaeste-im-bunker-ulmenwall\\\/#article\",\"isPartOf\":{\"@id\":\"https:\\\/\\\/www.jazzzeitung.de\\\/cms\\\/2025\\\/05\\\/joke-lanz-almut-kuehne-und-gaeste-im-bunker-ulmenwall\\\/\"},\"author\":{\"name\":\"Redaktion JazzZeitung\",\"@id\":\"https:\\\/\\\/www.jazzzeitung.de\\\/cms\\\/#\\\/schema\\\/person\\\/2245b36b9cd1d24cea10f01c031fb92b\"},\"headline\":\"Joke Lanz, Almut K\u00fchne und G\u00e4ste im Bunker Ulmenwall\",\"datePublished\":\"2025-05-13T09:40:11+00:00\",\"mainEntityOfPage\":{\"@id\":\"https:\\\/\\\/www.jazzzeitung.de\\\/cms\\\/2025\\\/05\\\/joke-lanz-almut-kuehne-und-gaeste-im-bunker-ulmenwall\\\/\"},\"wordCount\":857,\"commentCount\":0,\"publisher\":{\"@id\":\"https:\\\/\\\/www.jazzzeitung.de\\\/cms\\\/#organization\"},\"image\":{\"@id\":\"https:\\\/\\\/www.jazzzeitung.de\\\/cms\\\/2025\\\/05\\\/joke-lanz-almut-kuehne-und-gaeste-im-bunker-ulmenwall\\\/#primaryimage\"},\"thumbnailUrl\":\"https:\\\/\\\/i0.wp.com\\\/www.jazzzeitung.de\\\/cms\\\/wp-content\\\/uploads\\\/2025\\\/05\\\/Almut-Kuehne-scaled.jpg?fit=2560%2C1920&ssl=1\",\"keywords\":[\"Almut K\u00fchne\",\"Bunker Ulmenwall\",\"Joke Lanz\"],\"articleSection\":[\"Bericht\"],\"inLanguage\":\"de\",\"potentialAction\":[{\"@type\":\"CommentAction\",\"name\":\"Comment\",\"target\":[\"https:\\\/\\\/www.jazzzeitung.de\\\/cms\\\/2025\\\/05\\\/joke-lanz-almut-kuehne-und-gaeste-im-bunker-ulmenwall\\\/#respond\"]}]},{\"@type\":\"WebPage\",\"@id\":\"https:\\\/\\\/www.jazzzeitung.de\\\/cms\\\/2025\\\/05\\\/joke-lanz-almut-kuehne-und-gaeste-im-bunker-ulmenwall\\\/\",\"url\":\"https:\\\/\\\/www.jazzzeitung.de\\\/cms\\\/2025\\\/05\\\/joke-lanz-almut-kuehne-und-gaeste-im-bunker-ulmenwall\\\/\",\"name\":\"Joke Lanz, Almut K\u00fchne und G\u00e4ste im Bunker Ulmenwall - JazzZeitung\",\"isPartOf\":{\"@id\":\"https:\\\/\\\/www.jazzzeitung.de\\\/cms\\\/#website\"},\"primaryImageOfPage\":{\"@id\":\"https:\\\/\\\/www.jazzzeitung.de\\\/cms\\\/2025\\\/05\\\/joke-lanz-almut-kuehne-und-gaeste-im-bunker-ulmenwall\\\/#primaryimage\"},\"image\":{\"@id\":\"https:\\\/\\\/www.jazzzeitung.de\\\/cms\\\/2025\\\/05\\\/joke-lanz-almut-kuehne-und-gaeste-im-bunker-ulmenwall\\\/#primaryimage\"},\"thumbnailUrl\":\"https:\\\/\\\/i0.wp.com\\\/www.jazzzeitung.de\\\/cms\\\/wp-content\\\/uploads\\\/2025\\\/05\\\/Almut-Kuehne-scaled.jpg?fit=2560%2C1920&ssl=1\",\"datePublished\":\"2025-05-13T09:40:11+00:00\",\"breadcrumb\":{\"@id\":\"https:\\\/\\\/www.jazzzeitung.de\\\/cms\\\/2025\\\/05\\\/joke-lanz-almut-kuehne-und-gaeste-im-bunker-ulmenwall\\\/#breadcrumb\"},\"inLanguage\":\"de\",\"potentialAction\":[{\"@type\":\"ReadAction\",\"target\":[\"https:\\\/\\\/www.jazzzeitung.de\\\/cms\\\/2025\\\/05\\\/joke-lanz-almut-kuehne-und-gaeste-im-bunker-ulmenwall\\\/\"]}]},{\"@type\":\"ImageObject\",\"inLanguage\":\"de\",\"@id\":\"https:\\\/\\\/www.jazzzeitung.de\\\/cms\\\/2025\\\/05\\\/joke-lanz-almut-kuehne-und-gaeste-im-bunker-ulmenwall\\\/#primaryimage\",\"url\":\"https:\\\/\\\/i0.wp.com\\\/www.jazzzeitung.de\\\/cms\\\/wp-content\\\/uploads\\\/2025\\\/05\\\/Almut-Kuehne-scaled.jpg?fit=2560%2C1920&ssl=1\",\"contentUrl\":\"https:\\\/\\\/i0.wp.com\\\/www.jazzzeitung.de\\\/cms\\\/wp-content\\\/uploads\\\/2025\\\/05\\\/Almut-Kuehne-scaled.jpg?fit=2560%2C1920&ssl=1\",\"width\":2560,\"height\":1920},{\"@type\":\"BreadcrumbList\",\"@id\":\"https:\\\/\\\/www.jazzzeitung.de\\\/cms\\\/2025\\\/05\\\/joke-lanz-almut-kuehne-und-gaeste-im-bunker-ulmenwall\\\/#breadcrumb\",\"itemListElement\":[{\"@type\":\"ListItem\",\"position\":1,\"name\":\"Startseite\",\"item\":\"https:\\\/\\\/www.jazzzeitung.de\\\/cms\\\/\"},{\"@type\":\"ListItem\",\"position\":2,\"name\":\"Joke Lanz, Almut K\u00fchne und G\u00e4ste im Bunker Ulmenwall\"}]},{\"@type\":\"WebSite\",\"@id\":\"https:\\\/\\\/www.jazzzeitung.de\\\/cms\\\/#website\",\"url\":\"https:\\\/\\\/www.jazzzeitung.de\\\/cms\\\/\",\"name\":\"JazzZeitung\",\"description\":\"Jazz-News und Jazz-Kontroverses\",\"publisher\":{\"@id\":\"https:\\\/\\\/www.jazzzeitung.de\\\/cms\\\/#organization\"},\"potentialAction\":[{\"@type\":\"SearchAction\",\"target\":{\"@type\":\"EntryPoint\",\"urlTemplate\":\"https:\\\/\\\/www.jazzzeitung.de\\\/cms\\\/?s={search_term_string}\"},\"query-input\":{\"@type\":\"PropertyValueSpecification\",\"valueRequired\":true,\"valueName\":\"search_term_string\"}}],\"inLanguage\":\"de\"},{\"@type\":\"Organization\",\"@id\":\"https:\\\/\\\/www.jazzzeitung.de\\\/cms\\\/#organization\",\"name\":\"JazzZeitung online\",\"url\":\"https:\\\/\\\/www.jazzzeitung.de\\\/cms\\\/\",\"logo\":{\"@type\":\"ImageObject\",\"inLanguage\":\"de\",\"@id\":\"https:\\\/\\\/www.jazzzeitung.de\\\/cms\\\/#\\\/schema\\\/logo\\\/image\\\/\",\"url\":\"https:\\\/\\\/i0.wp.com\\\/www.jazzzeitung.de\\\/cms\\\/wp-content\\\/uploads\\\/2015\\\/08\\\/JAZZZEITUNGDE_Logo_Neu.png?fit=499%2C200&ssl=1\",\"contentUrl\":\"https:\\\/\\\/i0.wp.com\\\/www.jazzzeitung.de\\\/cms\\\/wp-content\\\/uploads\\\/2015\\\/08\\\/JAZZZEITUNGDE_Logo_Neu.png?fit=499%2C200&ssl=1\",\"width\":499,\"height\":200,\"caption\":\"JazzZeitung online\"},\"image\":{\"@id\":\"https:\\\/\\\/www.jazzzeitung.de\\\/cms\\\/#\\\/schema\\\/logo\\\/image\\\/\"},\"sameAs\":[\"https:\\\/\\\/www.facebook.com\\\/JazzZeitung\\\/\"]},{\"@type\":\"Person\",\"@id\":\"https:\\\/\\\/www.jazzzeitung.de\\\/cms\\\/#\\\/schema\\\/person\\\/2245b36b9cd1d24cea10f01c031fb92b\",\"name\":\"Redaktion JazzZeitung\",\"image\":{\"@type\":\"ImageObject\",\"inLanguage\":\"de\",\"@id\":\"https:\\\/\\\/i0.wp.com\\\/www.jazzzeitung.de\\\/cms\\\/wp-content\\\/uploads\\\/2015\\\/08\\\/JAZZZEITUNGDE_Logo_Neu.png?resize=96%2C96&ssl=159975dcacb611b5700bd619b5daf0a7a\",\"url\":\"https:\\\/\\\/i0.wp.com\\\/www.jazzzeitung.de\\\/cms\\\/wp-content\\\/uploads\\\/2015\\\/08\\\/JAZZZEITUNGDE_Logo_Neu.png?resize=96%2C96&ssl=1\",\"contentUrl\":\"https:\\\/\\\/i0.wp.com\\\/www.jazzzeitung.de\\\/cms\\\/wp-content\\\/uploads\\\/2015\\\/08\\\/JAZZZEITUNGDE_Logo_Neu.png?resize=96%2C96&ssl=1\",\"caption\":\"Redaktion JazzZeitung\"},\"description\":\"Artikel der Redaktion der JazzZeitung.\",\"sameAs\":[\"http:\\\/\\\/www.jazzzeitung.de\\\/cms\\\/\"],\"url\":\"https:\\\/\\\/www.jazzzeitung.de\\\/cms\\\/author\\\/redaktion\\\/\"}]}<\/script>\n<!-- \/ Yoast SEO plugin. -->","yoast_head_json":{"title":"Joke Lanz, Almut K\u00fchne und G\u00e4ste im Bunker Ulmenwall - JazzZeitung","robots":{"index":"index","follow":"follow","max-snippet":"max-snippet:-1","max-image-preview":"max-image-preview:large","max-video-preview":"max-video-preview:-1"},"canonical":"https:\/\/www.jazzzeitung.de\/cms\/2025\/05\/joke-lanz-almut-kuehne-und-gaeste-im-bunker-ulmenwall\/","og_locale":"de_DE","og_type":"article","og_title":"Joke Lanz, Almut K\u00fchne und G\u00e4ste im Bunker Ulmenwall - JazzZeitung","og_description":"(Text und Fotos: Stefan Pieper) Im Bunker Ulmenwall, tief unter Bielefelds Erdoberfl\u00e4che, fand wieder statt, was den internationalen Ruf dieser Spielst\u00e4tte begr\u00fcndet hat: Jazz und aktueller Musik ohne Kompromisse einen Raum zu geben -fernab der \u00fcblichen Risikovermeidungen des konventionellen Kultur- und Unterhaltungsbetriebs. Im Rahmen der &#8222;Soundtrips NRW&#8220; sorgten die Berliner Stimmvirtuosin Almut K\u00fchne, der Berliner Turntable-K\u00fcnstler Joke Lanz sowie Sebastian B\u00fcscher (Sax) und\u00a0Achim Zepezauer\u00a0(Liveelektronik) f\u00fcr einen besonderen Abend. Die Faszination f\u00fcr die Haptik von Schallplatten und deren Abspielger\u00e4te wurde urspr\u00fcnglich von Hip-Hop-DJs als eigene Kunstform emanzipiert. Die Entwicklung des ber\u00fchrungslosen Direktantriebs der legend\u00e4ren Technics-Plattenspieler erm\u00f6glichte &#8222;Scratching&#8220;. Daraus ging auch eine eigenst\u00e4ndige improvisierte Kunstform hervor\u2013 &#8222;Turntablism&#8220;, gepflegt von einer internationalen Szene von abenteuerlustigen Klangk\u00fcnstlern. Der Schweizer Joke Lanz ist einer von ihnen. Emanzipation der Stimme Die Emanzipation der Stimme als eigenst\u00e4ndiges Instrument ist heute noch viel verbreiterter &#8211; geh\u00f6rt doch heute das freie, abstrakte Gestalten zum Standardrepertoire fast jeder Jazzs\u00e4ngerin. Almut K\u00fchne hebt diese Kunst jedoch mit deutlich ausdifferenzierterer Charakteristik auf einen wesentlich verfeinerten Level und das ist Teil ihres ganz pers\u00f6nlichen Gesamtkunstwerkes, zu dem auch Zeichnen und Literatur geh\u00f6ren, ebenso ist das eine gro\u00dfe Affinit\u00e4t &hellip;","og_url":"https:\/\/www.jazzzeitung.de\/cms\/2025\/05\/joke-lanz-almut-kuehne-und-gaeste-im-bunker-ulmenwall\/","og_site_name":"JazzZeitung","article_publisher":"https:\/\/www.facebook.com\/JazzZeitung\/","article_published_time":"2025-05-13T09:40:11+00:00","og_image":[{"width":2560,"height":1920,"url":"https:\/\/www.jazzzeitung.de\/cms\/wp-content\/uploads\/2025\/05\/Almut-Kuehne-scaled.jpg","type":"image\/jpeg"}],"author":"Redaktion JazzZeitung","schema":{"@context":"https:\/\/schema.org","@graph":[{"@type":"Article","@id":"https:\/\/www.jazzzeitung.de\/cms\/2025\/05\/joke-lanz-almut-kuehne-und-gaeste-im-bunker-ulmenwall\/#article","isPartOf":{"@id":"https:\/\/www.jazzzeitung.de\/cms\/2025\/05\/joke-lanz-almut-kuehne-und-gaeste-im-bunker-ulmenwall\/"},"author":{"name":"Redaktion JazzZeitung","@id":"https:\/\/www.jazzzeitung.de\/cms\/#\/schema\/person\/2245b36b9cd1d24cea10f01c031fb92b"},"headline":"Joke Lanz, Almut K\u00fchne und G\u00e4ste im Bunker Ulmenwall","datePublished":"2025-05-13T09:40:11+00:00","mainEntityOfPage":{"@id":"https:\/\/www.jazzzeitung.de\/cms\/2025\/05\/joke-lanz-almut-kuehne-und-gaeste-im-bunker-ulmenwall\/"},"wordCount":857,"commentCount":0,"publisher":{"@id":"https:\/\/www.jazzzeitung.de\/cms\/#organization"},"image":{"@id":"https:\/\/www.jazzzeitung.de\/cms\/2025\/05\/joke-lanz-almut-kuehne-und-gaeste-im-bunker-ulmenwall\/#primaryimage"},"thumbnailUrl":"https:\/\/i0.wp.com\/www.jazzzeitung.de\/cms\/wp-content\/uploads\/2025\/05\/Almut-Kuehne-scaled.jpg?fit=2560%2C1920&ssl=1","keywords":["Almut K\u00fchne","Bunker Ulmenwall","Joke Lanz"],"articleSection":["Bericht"],"inLanguage":"de","potentialAction":[{"@type":"CommentAction","name":"Comment","target":["https:\/\/www.jazzzeitung.de\/cms\/2025\/05\/joke-lanz-almut-kuehne-und-gaeste-im-bunker-ulmenwall\/#respond"]}]},{"@type":"WebPage","@id":"https:\/\/www.jazzzeitung.de\/cms\/2025\/05\/joke-lanz-almut-kuehne-und-gaeste-im-bunker-ulmenwall\/","url":"https:\/\/www.jazzzeitung.de\/cms\/2025\/05\/joke-lanz-almut-kuehne-und-gaeste-im-bunker-ulmenwall\/","name":"Joke Lanz, Almut K\u00fchne und G\u00e4ste im Bunker Ulmenwall - JazzZeitung","isPartOf":{"@id":"https:\/\/www.jazzzeitung.de\/cms\/#website"},"primaryImageOfPage":{"@id":"https:\/\/www.jazzzeitung.de\/cms\/2025\/05\/joke-lanz-almut-kuehne-und-gaeste-im-bunker-ulmenwall\/#primaryimage"},"image":{"@id":"https:\/\/www.jazzzeitung.de\/cms\/2025\/05\/joke-lanz-almut-kuehne-und-gaeste-im-bunker-ulmenwall\/#primaryimage"},"thumbnailUrl":"https:\/\/i0.wp.com\/www.jazzzeitung.de\/cms\/wp-content\/uploads\/2025\/05\/Almut-Kuehne-scaled.jpg?fit=2560%2C1920&ssl=1","datePublished":"2025-05-13T09:40:11+00:00","breadcrumb":{"@id":"https:\/\/www.jazzzeitung.de\/cms\/2025\/05\/joke-lanz-almut-kuehne-und-gaeste-im-bunker-ulmenwall\/#breadcrumb"},"inLanguage":"de","potentialAction":[{"@type":"ReadAction","target":["https:\/\/www.jazzzeitung.de\/cms\/2025\/05\/joke-lanz-almut-kuehne-und-gaeste-im-bunker-ulmenwall\/"]}]},{"@type":"ImageObject","inLanguage":"de","@id":"https:\/\/www.jazzzeitung.de\/cms\/2025\/05\/joke-lanz-almut-kuehne-und-gaeste-im-bunker-ulmenwall\/#primaryimage","url":"https:\/\/i0.wp.com\/www.jazzzeitung.de\/cms\/wp-content\/uploads\/2025\/05\/Almut-Kuehne-scaled.jpg?fit=2560%2C1920&ssl=1","contentUrl":"https:\/\/i0.wp.com\/www.jazzzeitung.de\/cms\/wp-content\/uploads\/2025\/05\/Almut-Kuehne-scaled.jpg?fit=2560%2C1920&ssl=1","width":2560,"height":1920},{"@type":"BreadcrumbList","@id":"https:\/\/www.jazzzeitung.de\/cms\/2025\/05\/joke-lanz-almut-kuehne-und-gaeste-im-bunker-ulmenwall\/#breadcrumb","itemListElement":[{"@type":"ListItem","position":1,"name":"Startseite","item":"https:\/\/www.jazzzeitung.de\/cms\/"},{"@type":"ListItem","position":2,"name":"Joke Lanz, Almut K\u00fchne und G\u00e4ste im Bunker Ulmenwall"}]},{"@type":"WebSite","@id":"https:\/\/www.jazzzeitung.de\/cms\/#website","url":"https:\/\/www.jazzzeitung.de\/cms\/","name":"JazzZeitung","description":"Jazz-News und Jazz-Kontroverses","publisher":{"@id":"https:\/\/www.jazzzeitung.de\/cms\/#organization"},"potentialAction":[{"@type":"SearchAction","target":{"@type":"EntryPoint","urlTemplate":"https:\/\/www.jazzzeitung.de\/cms\/?s={search_term_string}"},"query-input":{"@type":"PropertyValueSpecification","valueRequired":true,"valueName":"search_term_string"}}],"inLanguage":"de"},{"@type":"Organization","@id":"https:\/\/www.jazzzeitung.de\/cms\/#organization","name":"JazzZeitung online","url":"https:\/\/www.jazzzeitung.de\/cms\/","logo":{"@type":"ImageObject","inLanguage":"de","@id":"https:\/\/www.jazzzeitung.de\/cms\/#\/schema\/logo\/image\/","url":"https:\/\/i0.wp.com\/www.jazzzeitung.de\/cms\/wp-content\/uploads\/2015\/08\/JAZZZEITUNGDE_Logo_Neu.png?fit=499%2C200&ssl=1","contentUrl":"https:\/\/i0.wp.com\/www.jazzzeitung.de\/cms\/wp-content\/uploads\/2015\/08\/JAZZZEITUNGDE_Logo_Neu.png?fit=499%2C200&ssl=1","width":499,"height":200,"caption":"JazzZeitung online"},"image":{"@id":"https:\/\/www.jazzzeitung.de\/cms\/#\/schema\/logo\/image\/"},"sameAs":["https:\/\/www.facebook.com\/JazzZeitung\/"]},{"@type":"Person","@id":"https:\/\/www.jazzzeitung.de\/cms\/#\/schema\/person\/2245b36b9cd1d24cea10f01c031fb92b","name":"Redaktion JazzZeitung","image":{"@type":"ImageObject","inLanguage":"de","@id":"https:\/\/i0.wp.com\/www.jazzzeitung.de\/cms\/wp-content\/uploads\/2015\/08\/JAZZZEITUNGDE_Logo_Neu.png?resize=96%2C96&ssl=159975dcacb611b5700bd619b5daf0a7a","url":"https:\/\/i0.wp.com\/www.jazzzeitung.de\/cms\/wp-content\/uploads\/2015\/08\/JAZZZEITUNGDE_Logo_Neu.png?resize=96%2C96&ssl=1","contentUrl":"https:\/\/i0.wp.com\/www.jazzzeitung.de\/cms\/wp-content\/uploads\/2015\/08\/JAZZZEITUNGDE_Logo_Neu.png?resize=96%2C96&ssl=1","caption":"Redaktion JazzZeitung"},"description":"Artikel der Redaktion der JazzZeitung.","sameAs":["http:\/\/www.jazzzeitung.de\/cms\/"],"url":"https:\/\/www.jazzzeitung.de\/cms\/author\/redaktion\/"}]}},"wp-worthy-pixel":{"ignored":false,"public":null,"server":null,"url":null},"wp-worthy-type":"normal","jetpack_publicize_connections":[],"cc_featured_image_caption":{"caption_text":"","source_text":"","source_url":""},"jetpack_featured_media_url":"https:\/\/i0.wp.com\/www.jazzzeitung.de\/cms\/wp-content\/uploads\/2025\/05\/Almut-Kuehne-scaled.jpg?fit=2560%2C1920&ssl=1","jetpack_shortlink":"https:\/\/wp.me\/p3KEcT-8sI","jetpack-related-posts":[{"id":23609,"url":"https:\/\/www.jazzzeitung.de\/cms\/2020\/10\/luise-volkmann-erhaelt-kathrin-preis-2021\/","url_meta":{"origin":32532,"position":0},"title":"Luise Volkmann erh\u00e4lt Kathrin-Preis 2021","author":"Redaktion JazzZeitung","date":"12. Oktober 2020","format":false,"excerpt":"Luise Volkmann wird mit dem \"Kathrin-Preis \/ Kathrin Lemke Scholarship for Young Jazz Improvisers\" 2021 ausgezeichnet. Der Preis, der nach der 2016 im Alter von nur 44 Jahren verstorbenen Berliner Jazz-Saxophonistin Kathrin Lemke benannt \u00a0wurde, wird in Form einer vollfinanzierten, einw\u00f6chigen Werkstattphase, die vom 12. bis 17. April 2021 in\u2026","rel":"","context":"In &quot;News&quot;","block_context":{"text":"News","link":"https:\/\/www.jazzzeitung.de\/cms\/thema\/nachrichten\/"},"img":{"alt_text":"","src":"https:\/\/i0.wp.com\/www.jazzzeitung.de\/cms\/wp-content\/uploads\/2020\/10\/2021_Luise_Volkmann_by_Juergen_Volkmann_02-e1602161729109.jpg?fit=1200%2C726&ssl=1&resize=350%2C200","width":350,"height":200,"srcset":"https:\/\/i0.wp.com\/www.jazzzeitung.de\/cms\/wp-content\/uploads\/2020\/10\/2021_Luise_Volkmann_by_Juergen_Volkmann_02-e1602161729109.jpg?fit=1200%2C726&ssl=1&resize=350%2C200 1x, https:\/\/i0.wp.com\/www.jazzzeitung.de\/cms\/wp-content\/uploads\/2020\/10\/2021_Luise_Volkmann_by_Juergen_Volkmann_02-e1602161729109.jpg?fit=1200%2C726&ssl=1&resize=525%2C300 1.5x, https:\/\/i0.wp.com\/www.jazzzeitung.de\/cms\/wp-content\/uploads\/2020\/10\/2021_Luise_Volkmann_by_Juergen_Volkmann_02-e1602161729109.jpg?fit=1200%2C726&ssl=1&resize=700%2C400 2x, https:\/\/i0.wp.com\/www.jazzzeitung.de\/cms\/wp-content\/uploads\/2020\/10\/2021_Luise_Volkmann_by_Juergen_Volkmann_02-e1602161729109.jpg?fit=1200%2C726&ssl=1&resize=1050%2C600 3x"},"classes":[]},{"id":6001,"url":"https:\/\/www.jazzzeitung.de\/cms\/2015\/04\/bildergalerie-konzerte-auf-der-jazzahead\/","url_meta":{"origin":32532,"position":1},"title":"Bildergalerie: Konzerte auf der jazzahead!","author":"Redaktion JazzZeitung","date":"29. April 2015","format":false,"excerpt":"Von Ralf Dombrowski, danke! Unter anderem mit Gebhard Ullmann und Almut K\u00fchne, Franz von Chossy und vielen mehr. Einen aktuelle Bericht zur jazzahead! von Stefan Pieper finden Sie in der aktuellen Printausgabe der nmz. Auf nmz-online demn\u00e4chst ein weiterer Bericht von Hans-Dieter Gr\u00fcnefeld.","rel":"","context":"In &quot;Galerie&quot;","block_context":{"text":"Galerie","link":"https:\/\/www.jazzzeitung.de\/cms\/thema\/galerie\/"},"img":{"alt_text":"","src":"https:\/\/i0.wp.com\/www.jazzzeitung.de\/cms\/wp-content\/uploads\/2015\/04\/0K3A2838-Dada-Hattler-dombr.jpg?resize=350%2C200","width":350,"height":200,"srcset":"https:\/\/i0.wp.com\/www.jazzzeitung.de\/cms\/wp-content\/uploads\/2015\/04\/0K3A2838-Dada-Hattler-dombr.jpg?resize=350%2C200 1x, https:\/\/i0.wp.com\/www.jazzzeitung.de\/cms\/wp-content\/uploads\/2015\/04\/0K3A2838-Dada-Hattler-dombr.jpg?resize=525%2C300 1.5x, https:\/\/i0.wp.com\/www.jazzzeitung.de\/cms\/wp-content\/uploads\/2015\/04\/0K3A2838-Dada-Hattler-dombr.jpg?resize=700%2C400 2x"},"classes":[]},{"id":26414,"url":"https:\/\/www.jazzzeitung.de\/cms\/2021\/12\/vis-a-vis-und-auf-verschlungenen-pfaden-die-band-hilde-im-bielefelder-bunker-ulmenwall\/","url_meta":{"origin":32532,"position":2},"title":"Vis a vis und auf verschlungenen Pfaden: Die Band Hilde im Bielefelder Bunker Ulmenwall","author":"Redaktion JazzZeitung","date":"17. Dezember 2021","format":false,"excerpt":"Vergessen wir die Frontalbeschallung: Im ehemaligen Luftschutzbunker unterhalb der verkehrsreichen Bielefelder Stadtmitte bildet eine kleine B\u00fchne das Zentrum, flankiert von jeweils zwei Zuschauerr\u00e4umen. Raffinierte Perspektiven er\u00f6ffnen im Bunker Ulmenwall zudem mehrere, \u00fcber dem Viereck aufgeh\u00e4ngte Spiegel. Vis a vis zu spielen ist f\u00fcr jede Band die logische Konsequenz \u2013 und\u2026","rel":"","context":"In &quot;Bericht&quot;","block_context":{"text":"Bericht","link":"https:\/\/www.jazzzeitung.de\/cms\/thema\/bericht\/"},"img":{"alt_text":"","src":"https:\/\/i0.wp.com\/www.jazzzeitung.de\/cms\/wp-content\/uploads\/2021\/12\/Hilde3-scaled.jpg?fit=1200%2C800&ssl=1&resize=350%2C200","width":350,"height":200,"srcset":"https:\/\/i0.wp.com\/www.jazzzeitung.de\/cms\/wp-content\/uploads\/2021\/12\/Hilde3-scaled.jpg?fit=1200%2C800&ssl=1&resize=350%2C200 1x, https:\/\/i0.wp.com\/www.jazzzeitung.de\/cms\/wp-content\/uploads\/2021\/12\/Hilde3-scaled.jpg?fit=1200%2C800&ssl=1&resize=525%2C300 1.5x, https:\/\/i0.wp.com\/www.jazzzeitung.de\/cms\/wp-content\/uploads\/2021\/12\/Hilde3-scaled.jpg?fit=1200%2C800&ssl=1&resize=700%2C400 2x, https:\/\/i0.wp.com\/www.jazzzeitung.de\/cms\/wp-content\/uploads\/2021\/12\/Hilde3-scaled.jpg?fit=1200%2C800&ssl=1&resize=1050%2C600 3x"},"classes":[]},{"id":9576,"url":"https:\/\/www.jazzzeitung.de\/cms\/2016\/06\/news-andreras-hertel-trio-mit-goykovich-und-lakatos\/","url_meta":{"origin":32532,"position":3},"title":"+++ News +++ Andreas Hertel Trio mit Goykovich und Lakatos +++ Zehn Jahre Jazz im Musikinstrumentenmuseum Berlin +++ 13. Internationalen Jazztage Bad Elster+++","author":"Redaktion JazzZeitung","date":"27. Juni 2016","format":false,"excerpt":"+++Andreas Hertel Trio mit Goykovich und Lakatos+++ Die aktuelle CD \u201eKeepin\u2019 The Spirit\u201c\u00a0 (Laika Records) des Andreas Hertel Trios mit Stargast Dusko Goykovich (tp), Tony Lakatos (sax)\u00a0 wurde nominiert f\u00fcr den Preis der deutschen Schallplattenkritik. Live kann man das Andreas Hertel Trio mit \"Lady Bass\" Lindy Huppertsberg (b), Jens Biehl\u2026","rel":"","context":"In &quot;News&quot;","block_context":{"text":"News","link":"https:\/\/www.jazzzeitung.de\/cms\/thema\/nachrichten\/"},"img":{"alt_text":"Das Dusko Goykovich und Tony Lakatos mit dem Andreas Hertel Trio live am 15.05.16 bei der Jazzrally D\u00fcsseldorf","src":"https:\/\/i0.wp.com\/www.jazzzeitung.de\/cms\/wp-content\/uploads\/2016\/06\/Hertel-150x150.jpg?resize=350%2C200","width":350,"height":200},"classes":[]},{"id":9091,"url":"https:\/\/www.jazzzeitung.de\/cms\/2016\/04\/von-terzen-und-improvisationen-von-oja-bis-yeehaw-vier-konzerte-zwei-abenden\/","url_meta":{"origin":32532,"position":4},"title":"Jazz+ Festival: zwischen herzigen Terzen und freien Improvisationen","author":"Redaktion JazzZeitung","date":"29. April 2016","format":false,"excerpt":"Vier Konzerte an zwei Abenden, mal frei improvisiert, mal mit herzigen Terzen: das PLUS ist Programm beim Jazz+ Festival. Jazzmusiker, die das Programm f\u00fcr eine Konzertreihe oder ein Festival zusammenstellen, das klingt nach optimaler L\u00f6sung: Die wissen, was interessant ist und kennen sich aus in der Szene. Wenn's gut geht.\u2026","rel":"","context":"In &quot;News&quot;","block_context":{"text":"News","link":"https:\/\/www.jazzzeitung.de\/cms\/thema\/nachrichten\/"},"img":{"alt_text":"Trio Lauer-Westergaard-Smith. Foto: Benedikt Lauer","src":"https:\/\/i0.wp.com\/www.jazzzeitung.de\/cms\/wp-content\/uploads\/2016\/04\/lauer-westergaard-smith-2-foto-by-benedikt-lauer.jpg?resize=350%2C200","width":350,"height":200,"srcset":"https:\/\/i0.wp.com\/www.jazzzeitung.de\/cms\/wp-content\/uploads\/2016\/04\/lauer-westergaard-smith-2-foto-by-benedikt-lauer.jpg?resize=350%2C200 1x, https:\/\/i0.wp.com\/www.jazzzeitung.de\/cms\/wp-content\/uploads\/2016\/04\/lauer-westergaard-smith-2-foto-by-benedikt-lauer.jpg?resize=525%2C300 1.5x, https:\/\/i0.wp.com\/www.jazzzeitung.de\/cms\/wp-content\/uploads\/2016\/04\/lauer-westergaard-smith-2-foto-by-benedikt-lauer.jpg?resize=700%2C400 2x"},"classes":[]},{"id":18599,"url":"https:\/\/www.jazzzeitung.de\/cms\/2019\/02\/news-altin-guen-im-jazzhaus-freiburg-peter-ehwald-mit-le-septuor-de-grand-matin-auf-tour\/","url_meta":{"origin":32532,"position":5},"title":"+++ News: +++ Altin G\u00fcn im Jazzhaus Freiburg +++ Peter Ehwald mit \u201eLe Septuor De Grand Matin\u201c auf Tour +++","author":"Redaktion JazzZeitung","date":"8. Februar 2019","format":false,"excerpt":"Altin G\u00fcn: Eine junge Mischung bringt den Orient nach Freiburg Am Mittwoch, den 3. April 2013 kommt die Gruppe \u201eAltin G\u00fcn\u201c ins Jazzhaus nach Freiburg. Altin G\u00fcn vermengt traditionelle t\u00fcrkische Volksmusik mit Synthie-Sounds und vervollst\u00e4ndigt das Ganze mit unerwarteten Breaks und ausdrucksstarken Gitarrenriffs. Was dabei herauskommt, ist eine brisante und\u2026","rel":"","context":"In &quot;News&quot;","block_context":{"text":"News","link":"https:\/\/www.jazzzeitung.de\/cms\/thema\/nachrichten\/"},"img":{"alt_text":"","src":"https:\/\/i0.wp.com\/www.jazzzeitung.de\/cms\/wp-content\/uploads\/2019\/02\/171207-Trans_Musicales-Altin_G%C3%BCn-KEXP-by-Irina_Raiu-0702.jpg?fit=1200%2C800&ssl=1&resize=350%2C200","width":350,"height":200,"srcset":"https:\/\/i0.wp.com\/www.jazzzeitung.de\/cms\/wp-content\/uploads\/2019\/02\/171207-Trans_Musicales-Altin_G%C3%BCn-KEXP-by-Irina_Raiu-0702.jpg?fit=1200%2C800&ssl=1&resize=350%2C200 1x, https:\/\/i0.wp.com\/www.jazzzeitung.de\/cms\/wp-content\/uploads\/2019\/02\/171207-Trans_Musicales-Altin_G%C3%BCn-KEXP-by-Irina_Raiu-0702.jpg?fit=1200%2C800&ssl=1&resize=525%2C300 1.5x, https:\/\/i0.wp.com\/www.jazzzeitung.de\/cms\/wp-content\/uploads\/2019\/02\/171207-Trans_Musicales-Altin_G%C3%BCn-KEXP-by-Irina_Raiu-0702.jpg?fit=1200%2C800&ssl=1&resize=700%2C400 2x, https:\/\/i0.wp.com\/www.jazzzeitung.de\/cms\/wp-content\/uploads\/2019\/02\/171207-Trans_Musicales-Altin_G%C3%BCn-KEXP-by-Irina_Raiu-0702.jpg?fit=1200%2C800&ssl=1&resize=1050%2C600 3x"},"classes":[]}],"jetpack_sharing_enabled":true,"_links":{"self":[{"href":"https:\/\/www.jazzzeitung.de\/cms\/wp-json\/wp\/v2\/posts\/32532","targetHints":{"allow":["GET"]}}],"collection":[{"href":"https:\/\/www.jazzzeitung.de\/cms\/wp-json\/wp\/v2\/posts"}],"about":[{"href":"https:\/\/www.jazzzeitung.de\/cms\/wp-json\/wp\/v2\/types\/post"}],"author":[{"embeddable":true,"href":"https:\/\/www.jazzzeitung.de\/cms\/wp-json\/wp\/v2\/users\/18"}],"replies":[{"embeddable":true,"href":"https:\/\/www.jazzzeitung.de\/cms\/wp-json\/wp\/v2\/comments?post=32532"}],"version-history":[{"count":1,"href":"https:\/\/www.jazzzeitung.de\/cms\/wp-json\/wp\/v2\/posts\/32532\/revisions"}],"predecessor-version":[{"id":32542,"href":"https:\/\/www.jazzzeitung.de\/cms\/wp-json\/wp\/v2\/posts\/32532\/revisions\/32542"}],"wp:featuredmedia":[{"embeddable":true,"href":"https:\/\/www.jazzzeitung.de\/cms\/wp-json\/wp\/v2\/media\/32533"}],"wp:attachment":[{"href":"https:\/\/www.jazzzeitung.de\/cms\/wp-json\/wp\/v2\/media?parent=32532"}],"wp:term":[{"taxonomy":"category","embeddable":true,"href":"https:\/\/www.jazzzeitung.de\/cms\/wp-json\/wp\/v2\/categories?post=32532"},{"taxonomy":"post_tag","embeddable":true,"href":"https:\/\/www.jazzzeitung.de\/cms\/wp-json\/wp\/v2\/tags?post=32532"},{"taxonomy":"author","embeddable":true,"href":"https:\/\/www.jazzzeitung.de\/cms\/wp-json\/wp\/v2\/coauthors?post=32532"}],"curies":[{"name":"wp","href":"https:\/\/api.w.org\/{rel}","templated":true}]}}