{"id":3252,"date":"2014-01-01T06:59:12","date_gmt":"2014-01-01T05:59:12","guid":{"rendered":"http:\/\/www.jazzzeitung.de\/cms\/?p=3252"},"modified":"2013-12-30T13:47:35","modified_gmt":"2013-12-30T12:47:35","slug":"beruf-jazzmusiker-5-zusammen-ist-man-weniger-allein","status":"publish","type":"post","link":"https:\/\/www.jazzzeitung.de\/cms\/2014\/01\/beruf-jazzmusiker-5-zusammen-ist-man-weniger-allein\/","title":{"rendered":"Beruf: Jazzmusiker (5) &#8211; Zusammen ist man weniger allein"},"content":{"rendered":"<p>Jazzmusiker sind oft als Einzelk\u00e4mpfer unterwegs in einem Arbeitsfeld, das sehr auf den \u201eganz eigenen, pers\u00f6nlichen Stil\u201c fixiert ist. Jeder sucht f\u00fcr sich nach einer Nische, einer Marktl\u00fccke, in der er sich sein Auskommen sichern kann. Und die Kollegen sind immer auch ein St\u00fcck weit Konkurrenten.<\/p>\n<p>Wollen wir unser Werk einer breiteren \u00d6ffentlichkeit bekannt machen, ist es fast unumg\u00e4nglich, dass wir uns in Abh\u00e4ngigkeiten begeben \u2013 zu Konzertveranstaltern, Booking-Agenturen, Labels oder Musikverlagen.<\/p>\n<p>Solange es dem Marktsegment, in dem wir Einzelk\u00e4mpfer uns bewegen, einigerma\u00dfen gut geht \u2013 und das war im 20. Jahrhundert recht lange so \u2013, funktioniert diese \u201eInfrastruktur\u201c und wir k\u00f6nnen wir es uns leisten, unseren individualistischen Ansatz konsequent zu verfolgen.<\/p>\n<p>In schwierigen Zeiten aber \u2013 und <a href=\"http:\/\/www.jazzzeitung.de\/cms\/2013\/11\/beruf-jazzmusiker-2-ueber-wert-und-wertschaetzung\/\">momentan sind sie etwas schwierig<\/a> \u2013 wird schnell deutlich, dass der einzelne Musiker das schw\u00e4chste Glied der Kette ist. Gehen die Einnahmen aus Konzertkarten- und Tontr\u00e4gerverkauf zur\u00fcck, reichen Veranstalter, Agenturen und Labels das wirtschaftliche Risiko stets an den Musiker weiter, um ihr eigenes wirtschaftliches \u00dcberleben zu sichern. Da wir Musiker aber niemanden haben, auf den wir das Risiko abw\u00e4lzen k\u00f6nnten, stehen wir pl\u00f6tzlich vor der Frage, f\u00fcr wie viel weniger Geld wir bereit sind, unsere Arbeit anzubieten.<\/p>\n<p>In diesen schwierigen Zeiten m\u00fcssen wir Einzelk\u00e4mpfer uns zusammentun und unsere Kr\u00e4fte b\u00fcndeln, um gemeinsam unser Auskommen zu sichern. Das ist in der Geschichte des Jazz schon h\u00e4ufiger geschehen und hat eine <a href=\"http:\/\/de.wikipedia.org\/wiki\/Rent-Party\">lange Tradition<\/a> &#8211; und es geschieht auch zur Zeit wieder verst\u00e4rkt. Die Wiederbelebung der <a href=\"http:\/\/www.u-d-j.de\">Union Deutscher Jazzmusiker (UDJ)<\/a> ist das beste Beispiel f\u00fcr diese positive Entwicklung.<\/p>\n<p>Am Anfang dieser Wiederbelebung stand Anfang 2012 der <a href=\"https:\/\/www.facebook.com\/Jazzmusiker\/info\">Jazzmusikeraufruf<\/a>. Viele hundert Jazzmusiker forderten gemeinsam \u00f6ffentliche Unterst\u00fctzung, den Erhalt bestehender sowie den Aufbau neuer professioneller Strukturen. In der Folge bekamen wir zwar in erster Linie zu h\u00f6ren, unsere Musik sei gesellschaftlich nicht mehr relevant, und \u00fcberhaupt d\u00fcrfe man Kunst nicht wegen des Geldes machen. Aber der Jazz war zur\u00fcck in der \u00f6ffentlichen Wahrnehmung, \u00fcber ihn wurde diskutiert, und nicht nur Feuilletons und Radiosender, sondern auch Politiker wurden hellh\u00f6rig.<\/p>\n<p>Mittlerweile \u2013 gerade einmal zwei Jahre sp\u00e4ter \u2013 hat die neu organisierte UDJ bereits erstaunliche Erfolge vorzuweisen. Die Mitgliederzahl hat sich verdreifacht, die UDJ entsendet Vertreter in zahlreiche wichtige <a href=\"http:\/\/www.bk-jazz.de\">Fachgremien<\/a>, <a href=\"http:\/\/www.musikrat.de\">Organisationen<\/a> und <a href=\"http:\/\/www.jazzahead.de\/de\/festival\/\">Jurys<\/a>. Nicht zuletzt dank geschickter politischer Lobbyarbeit war die UDJ in der Jury des 2013 erstmalig vergebenen <a href=\"http:\/\/www.initiative-musik.de\/foerderprogramme\/programme\/sppp.html\">Spielst\u00e4ttenprogrammpreises<\/a> gleich zweifach vertreten \u2013 und \u00fcberaus erfolgreich: \u00fcber die H\u00e4lfte der Preise und \u00fcber 400.000\u20ac des Preisgeldes gingen an Clubs und Initiativen im Jazzbereich. F\u00fcr den Fortbestand dieses Preises wird nun auf politischer Ebene intensiv geworben.<\/p>\n<p>Der mit 15.000\u20ac dotierte <a href=\"http:\/\/de.wikipedia.org\/wiki\/Deutscher_Jazzpreis\">Albert-Mangelsdorff-Preis<\/a>, den die UDJ seit 1994 alle zwei Jahre vergibt, wurde 2013 an den Posaunisten Nils Wogram vergeben.<\/p>\n<p>Zahlreiche neue Kooperationen mit Fachzeitschriften, Tonstudios oder Versicherungen bieten UDJ-Mitgliedern zudem Rabatte und Sonderkonditionen.<\/p>\n<p>Zusammenhalt und Solidarit\u00e4t waren, sind und werden f\u00fcr uns Jazzmusiker stets von essentieller Wichtigkeit sein! Nat\u00fcrlich k\u00e4mpft nach wie vor jeder f\u00fcr seinen Platz, seine Nische. Aber wir brauchen starke \u00fcbergeordnete Organisationen, die uns an Stellen helfen, an die wir als Einzelk\u00e4mpfer niemals kommen k\u00f6nnten \u2013 aus Mangel an Zeit, Energie und dem richtigen Netzwerk an Kontakten.<br \/>\nDie UDJ ist ein Vorzeigebeispiel f\u00fcr Kollegialit\u00e4t und Zusammenhalt: der Vorstand besteht aus Jazzmusikern und arbeitet ehrenamtlich zur St\u00e4rkung der gesamten deutschen Jazzszene.<\/p>\n<p>Falls Ihr noch nicht Mitglied seid \u2013 genauere Informationen zur UDJ findet Ihr in dieser <a href=\"http:\/\/prezi.com\/k72jljxbeloc\/vorstellung-der-union-deutscher-jazzmusiker\/\">Pr\u00e4sentation<\/a>, hier geht es zum <a href=\"http:\/\/www.u-d-j.de\/wp-content\/uploads\/2012\/06\/UDJ-Antrag.pdf\">Mitgliedsantrag<\/a>. Dauert keine f\u00fcnf Minuten und kostet keine f\u00fcnf Euro im Monat. Seid alle dabei! Je mehr wir sind, desto st\u00e4rker ist unsere Stimme.<\/p>\n","protected":false},"excerpt":{"rendered":"<p>Jazzmusiker sind oft als Einzelk\u00e4mpfer unterwegs in einem Arbeitsfeld, das sehr auf den \u201eganz eigenen, pers\u00f6nlichen Stil\u201c fixiert ist. Jeder sucht f\u00fcr sich nach einer Nische, einer Marktl\u00fccke, in der er sich sein Auskommen sichern kann. Und die Kollegen sind immer auch ein St\u00fcck weit Konkurrenten. Wollen wir unser Werk einer breiteren \u00d6ffentlichkeit bekannt machen, ist es fast unumg\u00e4nglich, dass wir uns in Abh\u00e4ngigkeiten begeben \u2013 zu Konzertveranstaltern, Booking-Agenturen, Labels oder Musikverlagen. Solange es dem Marktsegment, in dem wir Einzelk\u00e4mpfer uns bewegen, einigerma\u00dfen gut geht \u2013 und das war im 20. Jahrhundert recht lange so \u2013, funktioniert diese \u201eInfrastruktur\u201c und wir k\u00f6nnen wir es uns leisten, unseren individualistischen Ansatz konsequent zu verfolgen. In schwierigen Zeiten aber \u2013 und momentan sind sie etwas schwierig \u2013 wird schnell deutlich, dass der einzelne Musiker das schw\u00e4chste Glied der Kette ist. Gehen die Einnahmen aus Konzertkarten- und Tontr\u00e4gerverkauf zur\u00fcck, reichen Veranstalter, Agenturen und Labels das wirtschaftliche Risiko stets an den Musiker weiter, um ihr eigenes wirtschaftliches \u00dcberleben zu sichern. Da wir Musiker aber niemanden haben, auf den wir das Risiko abw\u00e4lzen k\u00f6nnten, stehen wir pl\u00f6tzlich vor der Frage, f\u00fcr &hellip;<\/p>\n","protected":false},"author":15,"featured_media":0,"comment_status":"open","ping_status":"closed","sticky":false,"template":"","format":"standard","meta":{"_jetpack_memberships_contains_paid_content":false,"footnotes":"","jetpack_publicize_message":"","jetpack_publicize_feature_enabled":true,"jetpack_social_post_already_shared":false,"jetpack_social_options":{"image_generator_settings":{"template":"highway","default_image_id":0,"font":"","enabled":false},"version":2}},"categories":[82],"tags":[1192,198,281,420,449,565,571],"coauthors":[770],"class_list":["post-3252","post","type-post","status-publish","format-standard","hentry","category-blog","tag-clubs","tag-geschichte","tag-jazzmusiker","tag-nils-wogram","tag-preise","tag-udj","tag-union-deutscher-jazzmusiker"],"yoast_head":"<!-- This site is optimized with the Yoast SEO plugin v27.5 - https:\/\/yoast.com\/product\/yoast-seo-wordpress\/ -->\n<title>Beruf: Jazzmusiker (5) - Zusammen ist man weniger allein - JazzZeitung<\/title>\n<meta name=\"robots\" content=\"index, follow, max-snippet:-1, max-image-preview:large, max-video-preview:-1\" \/>\n<link rel=\"canonical\" href=\"https:\/\/www.jazzzeitung.de\/cms\/2014\/01\/beruf-jazzmusiker-5-zusammen-ist-man-weniger-allein\/\" \/>\n<meta property=\"og:locale\" content=\"de_DE\" \/>\n<meta property=\"og:type\" content=\"article\" \/>\n<meta property=\"og:title\" content=\"Beruf: Jazzmusiker (5) - Zusammen ist man weniger allein - JazzZeitung\" \/>\n<meta property=\"og:description\" content=\"Jazzmusiker sind oft als Einzelk\u00e4mpfer unterwegs in einem Arbeitsfeld, das sehr auf den \u201eganz eigenen, pers\u00f6nlichen Stil\u201c fixiert ist. Jeder sucht f\u00fcr sich nach einer Nische, einer Marktl\u00fccke, in der er sich sein Auskommen sichern kann. Und die Kollegen sind immer auch ein St\u00fcck weit Konkurrenten. Wollen wir unser Werk einer breiteren \u00d6ffentlichkeit bekannt machen, ist es fast unumg\u00e4nglich, dass wir uns in Abh\u00e4ngigkeiten begeben \u2013 zu Konzertveranstaltern, Booking-Agenturen, Labels oder Musikverlagen. Solange es dem Marktsegment, in dem wir Einzelk\u00e4mpfer uns bewegen, einigerma\u00dfen gut geht \u2013 und das war im 20. Jahrhundert recht lange so \u2013, funktioniert diese \u201eInfrastruktur\u201c und wir k\u00f6nnen wir es uns leisten, unseren individualistischen Ansatz konsequent zu verfolgen. In schwierigen Zeiten aber \u2013 und momentan sind sie etwas schwierig \u2013 wird schnell deutlich, dass der einzelne Musiker das schw\u00e4chste Glied der Kette ist. Gehen die Einnahmen aus Konzertkarten- und Tontr\u00e4gerverkauf zur\u00fcck, reichen Veranstalter, Agenturen und Labels das wirtschaftliche Risiko stets an den Musiker weiter, um ihr eigenes wirtschaftliches \u00dcberleben zu sichern. Da wir Musiker aber niemanden haben, auf den wir das Risiko abw\u00e4lzen k\u00f6nnten, stehen wir pl\u00f6tzlich vor der Frage, f\u00fcr &hellip;\" \/>\n<meta property=\"og:url\" content=\"https:\/\/www.jazzzeitung.de\/cms\/2014\/01\/beruf-jazzmusiker-5-zusammen-ist-man-weniger-allein\/\" \/>\n<meta property=\"og:site_name\" content=\"JazzZeitung\" \/>\n<meta property=\"article:publisher\" content=\"https:\/\/www.facebook.com\/JazzZeitung\/\" \/>\n<meta property=\"article:published_time\" content=\"2014-01-01T05:59:12+00:00\" \/>\n<meta property=\"og:image\" content=\"https:\/\/i0.wp.com\/www.jazzzeitung.de\/cms\/wp-content\/uploads\/2012\/01\/ipad-logo-200.png?fit=200%2C200&ssl=1\" \/>\n\t<meta property=\"og:image:width\" content=\"200\" \/>\n\t<meta property=\"og:image:height\" content=\"200\" \/>\n\t<meta property=\"og:image:type\" content=\"image\/png\" \/>\n<meta name=\"author\" content=\"Benjamin Schaefer\" \/>\n<script type=\"application\/ld+json\" class=\"yoast-schema-graph\">{\"@context\":\"https:\\\/\\\/schema.org\",\"@graph\":[{\"@type\":\"Article\",\"@id\":\"https:\\\/\\\/www.jazzzeitung.de\\\/cms\\\/2014\\\/01\\\/beruf-jazzmusiker-5-zusammen-ist-man-weniger-allein\\\/#article\",\"isPartOf\":{\"@id\":\"https:\\\/\\\/www.jazzzeitung.de\\\/cms\\\/2014\\\/01\\\/beruf-jazzmusiker-5-zusammen-ist-man-weniger-allein\\\/\"},\"author\":{\"name\":\"Benjamin Schaefer\",\"@id\":\"https:\\\/\\\/www.jazzzeitung.de\\\/cms\\\/#\\\/schema\\\/person\\\/3e3b81d403e660d7e97c67f7f805c875\"},\"headline\":\"Beruf: Jazzmusiker (5) &#8211; Zusammen ist man weniger allein\",\"datePublished\":\"2014-01-01T05:59:12+00:00\",\"mainEntityOfPage\":{\"@id\":\"https:\\\/\\\/www.jazzzeitung.de\\\/cms\\\/2014\\\/01\\\/beruf-jazzmusiker-5-zusammen-ist-man-weniger-allein\\\/\"},\"wordCount\":614,\"commentCount\":0,\"publisher\":{\"@id\":\"https:\\\/\\\/www.jazzzeitung.de\\\/cms\\\/#organization\"},\"keywords\":[\"Clubs\",\"Geschichte\",\"Jazzmusiker\",\"Nils Wogram\",\"Preise\",\"UdJ\",\"Union deutscher Jazzmusiker\"],\"articleSection\":[\"Blog\"],\"inLanguage\":\"de\",\"potentialAction\":[{\"@type\":\"CommentAction\",\"name\":\"Comment\",\"target\":[\"https:\\\/\\\/www.jazzzeitung.de\\\/cms\\\/2014\\\/01\\\/beruf-jazzmusiker-5-zusammen-ist-man-weniger-allein\\\/#respond\"]}]},{\"@type\":\"WebPage\",\"@id\":\"https:\\\/\\\/www.jazzzeitung.de\\\/cms\\\/2014\\\/01\\\/beruf-jazzmusiker-5-zusammen-ist-man-weniger-allein\\\/\",\"url\":\"https:\\\/\\\/www.jazzzeitung.de\\\/cms\\\/2014\\\/01\\\/beruf-jazzmusiker-5-zusammen-ist-man-weniger-allein\\\/\",\"name\":\"Beruf: Jazzmusiker (5) - Zusammen ist man weniger allein - JazzZeitung\",\"isPartOf\":{\"@id\":\"https:\\\/\\\/www.jazzzeitung.de\\\/cms\\\/#website\"},\"datePublished\":\"2014-01-01T05:59:12+00:00\",\"breadcrumb\":{\"@id\":\"https:\\\/\\\/www.jazzzeitung.de\\\/cms\\\/2014\\\/01\\\/beruf-jazzmusiker-5-zusammen-ist-man-weniger-allein\\\/#breadcrumb\"},\"inLanguage\":\"de\",\"potentialAction\":[{\"@type\":\"ReadAction\",\"target\":[\"https:\\\/\\\/www.jazzzeitung.de\\\/cms\\\/2014\\\/01\\\/beruf-jazzmusiker-5-zusammen-ist-man-weniger-allein\\\/\"]}]},{\"@type\":\"BreadcrumbList\",\"@id\":\"https:\\\/\\\/www.jazzzeitung.de\\\/cms\\\/2014\\\/01\\\/beruf-jazzmusiker-5-zusammen-ist-man-weniger-allein\\\/#breadcrumb\",\"itemListElement\":[{\"@type\":\"ListItem\",\"position\":1,\"name\":\"Startseite\",\"item\":\"https:\\\/\\\/www.jazzzeitung.de\\\/cms\\\/\"},{\"@type\":\"ListItem\",\"position\":2,\"name\":\"Beruf: Jazzmusiker (5) &#8211; Zusammen ist man weniger allein\"}]},{\"@type\":\"WebSite\",\"@id\":\"https:\\\/\\\/www.jazzzeitung.de\\\/cms\\\/#website\",\"url\":\"https:\\\/\\\/www.jazzzeitung.de\\\/cms\\\/\",\"name\":\"JazzZeitung\",\"description\":\"Jazz-News und Jazz-Kontroverses\",\"publisher\":{\"@id\":\"https:\\\/\\\/www.jazzzeitung.de\\\/cms\\\/#organization\"},\"potentialAction\":[{\"@type\":\"SearchAction\",\"target\":{\"@type\":\"EntryPoint\",\"urlTemplate\":\"https:\\\/\\\/www.jazzzeitung.de\\\/cms\\\/?s={search_term_string}\"},\"query-input\":{\"@type\":\"PropertyValueSpecification\",\"valueRequired\":true,\"valueName\":\"search_term_string\"}}],\"inLanguage\":\"de\"},{\"@type\":\"Organization\",\"@id\":\"https:\\\/\\\/www.jazzzeitung.de\\\/cms\\\/#organization\",\"name\":\"JazzZeitung online\",\"url\":\"https:\\\/\\\/www.jazzzeitung.de\\\/cms\\\/\",\"logo\":{\"@type\":\"ImageObject\",\"inLanguage\":\"de\",\"@id\":\"https:\\\/\\\/www.jazzzeitung.de\\\/cms\\\/#\\\/schema\\\/logo\\\/image\\\/\",\"url\":\"https:\\\/\\\/i0.wp.com\\\/www.jazzzeitung.de\\\/cms\\\/wp-content\\\/uploads\\\/2015\\\/08\\\/JAZZZEITUNGDE_Logo_Neu.png?fit=499%2C200&ssl=1\",\"contentUrl\":\"https:\\\/\\\/i0.wp.com\\\/www.jazzzeitung.de\\\/cms\\\/wp-content\\\/uploads\\\/2015\\\/08\\\/JAZZZEITUNGDE_Logo_Neu.png?fit=499%2C200&ssl=1\",\"width\":499,\"height\":200,\"caption\":\"JazzZeitung online\"},\"image\":{\"@id\":\"https:\\\/\\\/www.jazzzeitung.de\\\/cms\\\/#\\\/schema\\\/logo\\\/image\\\/\"},\"sameAs\":[\"https:\\\/\\\/www.facebook.com\\\/JazzZeitung\\\/\"]},{\"@type\":\"Person\",\"@id\":\"https:\\\/\\\/www.jazzzeitung.de\\\/cms\\\/#\\\/schema\\\/person\\\/3e3b81d403e660d7e97c67f7f805c875\",\"name\":\"Benjamin Schaefer\",\"image\":{\"@type\":\"ImageObject\",\"inLanguage\":\"de\",\"@id\":\"https:\\\/\\\/i0.wp.com\\\/www.jazzzeitung.de\\\/cms\\\/wp-content\\\/uploads\\\/2013\\\/09\\\/benjamin_schaefer_400.jpg?resize=96%2C96&ssl=1c443b59badf4cb4cef82900bff578357\",\"url\":\"https:\\\/\\\/i0.wp.com\\\/www.jazzzeitung.de\\\/cms\\\/wp-content\\\/uploads\\\/2013\\\/09\\\/benjamin_schaefer_400.jpg?resize=96%2C96&ssl=1\",\"contentUrl\":\"https:\\\/\\\/i0.wp.com\\\/www.jazzzeitung.de\\\/cms\\\/wp-content\\\/uploads\\\/2013\\\/09\\\/benjamin_schaefer_400.jpg?resize=96%2C96&ssl=1\",\"caption\":\"Benjamin Schaefer\"},\"description\":\"Benjamin Schaefer (geb. 1981) studierte von 2001 bis 2008 Jazzklavier und Komposition an der K\u00f6lner Musikhochschule bei Frank Wunsch, Hans L\u00fcdemann, John Taylor und Joachim Ullrich. Er war Mitglied des Landesjazzorchesters NRW und des Bundesjazzorchesters (BuJazzO). Tourneen dieser und anderer Formationen f\u00fchrten ihn bereits in zahlreiche europ\u00e4ische L\u00e4nder sowie nach Russland, S\u00fcdafrika, in die Ukraine, die USA und durch sieben L\u00e4nder Zentralamerikas. Neben seiner k\u00fcnstlerischen T\u00e4tigkeit arbeitet Benjamin Schaefer seit 2009 als Dozent f\u00fcr Jazz-Klavier an der HfMT K\u00f6ln.\",\"sameAs\":[\"http:\\\/\\\/\"],\"url\":\"https:\\\/\\\/www.jazzzeitung.de\\\/cms\\\/author\\\/benjamin\\\/\"}]}<\/script>\n<!-- \/ Yoast SEO plugin. -->","yoast_head_json":{"title":"Beruf: Jazzmusiker (5) - Zusammen ist man weniger allein - JazzZeitung","robots":{"index":"index","follow":"follow","max-snippet":"max-snippet:-1","max-image-preview":"max-image-preview:large","max-video-preview":"max-video-preview:-1"},"canonical":"https:\/\/www.jazzzeitung.de\/cms\/2014\/01\/beruf-jazzmusiker-5-zusammen-ist-man-weniger-allein\/","og_locale":"de_DE","og_type":"article","og_title":"Beruf: Jazzmusiker (5) - Zusammen ist man weniger allein - JazzZeitung","og_description":"Jazzmusiker sind oft als Einzelk\u00e4mpfer unterwegs in einem Arbeitsfeld, das sehr auf den \u201eganz eigenen, pers\u00f6nlichen Stil\u201c fixiert ist. Jeder sucht f\u00fcr sich nach einer Nische, einer Marktl\u00fccke, in der er sich sein Auskommen sichern kann. Und die Kollegen sind immer auch ein St\u00fcck weit Konkurrenten. Wollen wir unser Werk einer breiteren \u00d6ffentlichkeit bekannt machen, ist es fast unumg\u00e4nglich, dass wir uns in Abh\u00e4ngigkeiten begeben \u2013 zu Konzertveranstaltern, Booking-Agenturen, Labels oder Musikverlagen. Solange es dem Marktsegment, in dem wir Einzelk\u00e4mpfer uns bewegen, einigerma\u00dfen gut geht \u2013 und das war im 20. Jahrhundert recht lange so \u2013, funktioniert diese \u201eInfrastruktur\u201c und wir k\u00f6nnen wir es uns leisten, unseren individualistischen Ansatz konsequent zu verfolgen. In schwierigen Zeiten aber \u2013 und momentan sind sie etwas schwierig \u2013 wird schnell deutlich, dass der einzelne Musiker das schw\u00e4chste Glied der Kette ist. Gehen die Einnahmen aus Konzertkarten- und Tontr\u00e4gerverkauf zur\u00fcck, reichen Veranstalter, Agenturen und Labels das wirtschaftliche Risiko stets an den Musiker weiter, um ihr eigenes wirtschaftliches \u00dcberleben zu sichern. Da wir Musiker aber niemanden haben, auf den wir das Risiko abw\u00e4lzen k\u00f6nnten, stehen wir pl\u00f6tzlich vor der Frage, f\u00fcr &hellip;","og_url":"https:\/\/www.jazzzeitung.de\/cms\/2014\/01\/beruf-jazzmusiker-5-zusammen-ist-man-weniger-allein\/","og_site_name":"JazzZeitung","article_publisher":"https:\/\/www.facebook.com\/JazzZeitung\/","article_published_time":"2014-01-01T05:59:12+00:00","og_image":[{"width":200,"height":200,"url":"https:\/\/i0.wp.com\/www.jazzzeitung.de\/cms\/wp-content\/uploads\/2012\/01\/ipad-logo-200.png?fit=200%2C200&ssl=1","type":"image\/png"}],"author":"Benjamin Schaefer","schema":{"@context":"https:\/\/schema.org","@graph":[{"@type":"Article","@id":"https:\/\/www.jazzzeitung.de\/cms\/2014\/01\/beruf-jazzmusiker-5-zusammen-ist-man-weniger-allein\/#article","isPartOf":{"@id":"https:\/\/www.jazzzeitung.de\/cms\/2014\/01\/beruf-jazzmusiker-5-zusammen-ist-man-weniger-allein\/"},"author":{"name":"Benjamin Schaefer","@id":"https:\/\/www.jazzzeitung.de\/cms\/#\/schema\/person\/3e3b81d403e660d7e97c67f7f805c875"},"headline":"Beruf: Jazzmusiker (5) &#8211; Zusammen ist man weniger allein","datePublished":"2014-01-01T05:59:12+00:00","mainEntityOfPage":{"@id":"https:\/\/www.jazzzeitung.de\/cms\/2014\/01\/beruf-jazzmusiker-5-zusammen-ist-man-weniger-allein\/"},"wordCount":614,"commentCount":0,"publisher":{"@id":"https:\/\/www.jazzzeitung.de\/cms\/#organization"},"keywords":["Clubs","Geschichte","Jazzmusiker","Nils Wogram","Preise","UdJ","Union deutscher Jazzmusiker"],"articleSection":["Blog"],"inLanguage":"de","potentialAction":[{"@type":"CommentAction","name":"Comment","target":["https:\/\/www.jazzzeitung.de\/cms\/2014\/01\/beruf-jazzmusiker-5-zusammen-ist-man-weniger-allein\/#respond"]}]},{"@type":"WebPage","@id":"https:\/\/www.jazzzeitung.de\/cms\/2014\/01\/beruf-jazzmusiker-5-zusammen-ist-man-weniger-allein\/","url":"https:\/\/www.jazzzeitung.de\/cms\/2014\/01\/beruf-jazzmusiker-5-zusammen-ist-man-weniger-allein\/","name":"Beruf: Jazzmusiker (5) - Zusammen ist man weniger allein - JazzZeitung","isPartOf":{"@id":"https:\/\/www.jazzzeitung.de\/cms\/#website"},"datePublished":"2014-01-01T05:59:12+00:00","breadcrumb":{"@id":"https:\/\/www.jazzzeitung.de\/cms\/2014\/01\/beruf-jazzmusiker-5-zusammen-ist-man-weniger-allein\/#breadcrumb"},"inLanguage":"de","potentialAction":[{"@type":"ReadAction","target":["https:\/\/www.jazzzeitung.de\/cms\/2014\/01\/beruf-jazzmusiker-5-zusammen-ist-man-weniger-allein\/"]}]},{"@type":"BreadcrumbList","@id":"https:\/\/www.jazzzeitung.de\/cms\/2014\/01\/beruf-jazzmusiker-5-zusammen-ist-man-weniger-allein\/#breadcrumb","itemListElement":[{"@type":"ListItem","position":1,"name":"Startseite","item":"https:\/\/www.jazzzeitung.de\/cms\/"},{"@type":"ListItem","position":2,"name":"Beruf: Jazzmusiker (5) &#8211; Zusammen ist man weniger allein"}]},{"@type":"WebSite","@id":"https:\/\/www.jazzzeitung.de\/cms\/#website","url":"https:\/\/www.jazzzeitung.de\/cms\/","name":"JazzZeitung","description":"Jazz-News und Jazz-Kontroverses","publisher":{"@id":"https:\/\/www.jazzzeitung.de\/cms\/#organization"},"potentialAction":[{"@type":"SearchAction","target":{"@type":"EntryPoint","urlTemplate":"https:\/\/www.jazzzeitung.de\/cms\/?s={search_term_string}"},"query-input":{"@type":"PropertyValueSpecification","valueRequired":true,"valueName":"search_term_string"}}],"inLanguage":"de"},{"@type":"Organization","@id":"https:\/\/www.jazzzeitung.de\/cms\/#organization","name":"JazzZeitung online","url":"https:\/\/www.jazzzeitung.de\/cms\/","logo":{"@type":"ImageObject","inLanguage":"de","@id":"https:\/\/www.jazzzeitung.de\/cms\/#\/schema\/logo\/image\/","url":"https:\/\/i0.wp.com\/www.jazzzeitung.de\/cms\/wp-content\/uploads\/2015\/08\/JAZZZEITUNGDE_Logo_Neu.png?fit=499%2C200&ssl=1","contentUrl":"https:\/\/i0.wp.com\/www.jazzzeitung.de\/cms\/wp-content\/uploads\/2015\/08\/JAZZZEITUNGDE_Logo_Neu.png?fit=499%2C200&ssl=1","width":499,"height":200,"caption":"JazzZeitung online"},"image":{"@id":"https:\/\/www.jazzzeitung.de\/cms\/#\/schema\/logo\/image\/"},"sameAs":["https:\/\/www.facebook.com\/JazzZeitung\/"]},{"@type":"Person","@id":"https:\/\/www.jazzzeitung.de\/cms\/#\/schema\/person\/3e3b81d403e660d7e97c67f7f805c875","name":"Benjamin Schaefer","image":{"@type":"ImageObject","inLanguage":"de","@id":"https:\/\/i0.wp.com\/www.jazzzeitung.de\/cms\/wp-content\/uploads\/2013\/09\/benjamin_schaefer_400.jpg?resize=96%2C96&ssl=1c443b59badf4cb4cef82900bff578357","url":"https:\/\/i0.wp.com\/www.jazzzeitung.de\/cms\/wp-content\/uploads\/2013\/09\/benjamin_schaefer_400.jpg?resize=96%2C96&ssl=1","contentUrl":"https:\/\/i0.wp.com\/www.jazzzeitung.de\/cms\/wp-content\/uploads\/2013\/09\/benjamin_schaefer_400.jpg?resize=96%2C96&ssl=1","caption":"Benjamin Schaefer"},"description":"Benjamin Schaefer (geb. 1981) studierte von 2001 bis 2008 Jazzklavier und Komposition an der K\u00f6lner Musikhochschule bei Frank Wunsch, Hans L\u00fcdemann, John Taylor und Joachim Ullrich. Er war Mitglied des Landesjazzorchesters NRW und des Bundesjazzorchesters (BuJazzO). Tourneen dieser und anderer Formationen f\u00fchrten ihn bereits in zahlreiche europ\u00e4ische L\u00e4nder sowie nach Russland, S\u00fcdafrika, in die Ukraine, die USA und durch sieben L\u00e4nder Zentralamerikas. Neben seiner k\u00fcnstlerischen T\u00e4tigkeit arbeitet Benjamin Schaefer seit 2009 als Dozent f\u00fcr Jazz-Klavier an der HfMT K\u00f6ln.","sameAs":["http:\/\/"],"url":"https:\/\/www.jazzzeitung.de\/cms\/author\/benjamin\/"}]}},"wp-worthy-pixel":{"ignored":false,"public":"6dc734c3487848b78621a8fd1dc2d01d","server":"vg07.met.vgwort.de","url":"https:\/\/vg07.met.vgwort.de\/na\/6dc734c3487848b78621a8fd1dc2d01d"},"wp-worthy-type":"normal","jetpack_publicize_connections":[],"cc_featured_image_caption":{"caption_text":false,"source_text":false,"source_url":false},"jetpack_featured_media_url":"","jetpack_shortlink":"https:\/\/wp.me\/p3KEcT-Qs","jetpack-related-posts":[{"id":9453,"url":"https:\/\/www.jazzzeitung.de\/cms\/2016\/06\/urs-johnen-ist-neuer-geschaeftsfuehrer-der-union-deutscher-jazzmusiker\/","url_meta":{"origin":3252,"position":0},"title":"Urs Johnen ist neuer Gesch\u00e4ftsf\u00fchrer der Union Deutscher Jazzmusiker","author":"Redaktion JazzZeitung","date":"6. Juni 2016","format":false,"excerpt":"Der Musiker und Kulturmanager Urs Johnen ist vom Vorstand der Union Deutscher Jazzmusiker (UDJ) zum neuen Gesch\u00e4ftsf\u00fchrer des Vereins berufen worden. Sein Vorg\u00e4nger Jonas Pirzer wechselt nach vierj\u00e4hriger Amtszeit in das Kulturmanagement eines Gro\u00dfkonzerns.\u00a0 \u201eJazzmusik ist ein einzigartiger Botschafter f\u00fcr Werte wie Toleranz, Selbstbestimmtheit und Offenheit \u2013 und das ist\u2026","rel":"","context":"In &quot;News&quot;","block_context":{"text":"News","link":"https:\/\/www.jazzzeitung.de\/cms\/thema\/nachrichten\/"},"img":{"alt_text":"urs_johnen","src":"https:\/\/i0.wp.com\/www.jazzzeitung.de\/cms\/wp-content\/uploads\/2016\/06\/urs_johnen-150x150.jpg?resize=350%2C200","width":350,"height":200},"classes":[]},{"id":3015,"url":"https:\/\/www.jazzzeitung.de\/cms\/2013\/11\/beruf-jazzmusiker-2-ueber-wert-und-wertschaetzung\/","url_meta":{"origin":3252,"position":1},"title":"Beruf: Jazzmusiker (2) \u2013 \u00dcber Wert und Wertsch\u00e4tzung","author":"Benjamin Schaefer","date":"15. November 2013","format":false,"excerpt":"Mit der rasanten Entwicklung des Internets ist Musik im 21. Jahrhundert zu einer Massenware geworden, von der mit gro\u00dfer Selbstverst\u00e4ndlichkeit erwartet wird, dass sie immer und \u00fcberall verf\u00fcgbar ist, und das am besten kostenlos. Gesch\u00e4ftsmodelle wie Youtube und Spotify, die erst vor wenigen Jahren gegr\u00fcndet wurden, befeuern diese Umsonstmentalit\u00e4t und\u2026","rel":"","context":"In &quot;Blog&quot;","block_context":{"text":"Blog","link":"https:\/\/www.jazzzeitung.de\/cms\/thema\/blog\/"},"img":{"alt_text":"","src":"","width":0,"height":0},"classes":[]},{"id":3039,"url":"https:\/\/www.jazzzeitung.de\/cms\/2013\/11\/jahre-und-jahre-jazz-lobby-der-lange-weg-zum-spielstaettenprogrammpreis\/","url_meta":{"origin":3252,"position":2},"title":"\u201eJahre und Jahre Jazz-Lobby\u201c: Der lange Weg zum Spielst\u00e4ttenprogrammpreis","author":"Redaktion JazzZeitung","date":"19. November 2013","format":false,"excerpt":"Felix Falk, Saxophonist, stellvertretender Vorsitzender der Union Deutscher Jazzmusiker, Sprecher der Bundeskonferenz Jazz und Jurymitglied des Spielst\u00e4ttenprogrammpreises im Gespr\u00e4ch. - Der neu eingerichtete Spielst\u00e4ttenprogrammpreis Rock, Pop und Jazz wurde in diesem Jahr zum ersten Mal verliehen. Vom Bundestag mit einer Million Euro finanziert, durch Kulturstaatsminister Bernd Neumann in Hamburg am\u2026","rel":"","context":"In &quot;JazzZeitung (print)&quot;","block_context":{"text":"JazzZeitung (print)","link":"https:\/\/www.jazzzeitung.de\/cms\/thema\/archiv\/jazzzeitung-print\/"},"img":{"alt_text":"Felix Falk","src":"https:\/\/i0.wp.com\/www.jazzzeitung.de\/cms\/wp-content\/uploads\/2013\/11\/felix-falk-pf1_sw-150x150.jpg?resize=350%2C200","width":350,"height":200},"classes":[]},{"id":3067,"url":"https:\/\/www.jazzzeitung.de\/cms\/2013\/12\/beruf-jazzmusiker-3-mehr-selbstbewusstsein-bitte\/","url_meta":{"origin":3252,"position":3},"title":"Beruf: Jazzmusiker (3) &#8211; Mehr Selbstbewusstsein, bitte!","author":"Benjamin Schaefer","date":"1. Dezember 2013","format":false,"excerpt":"Im Laufe der Jahrhunderte hat sich unsere Vorstellung von Arbeit grundlegend gewandelt. Urspr\u00fcnglich nur Mittel zum Zweck der eigenen Bedarfsdeckung (Sicherung des Lebensunterhalts), wurde die Arbeit mehr und mehr zum Selbstzweck und das Erwirtschaften von Gewinnen zum erkl\u00e4rten Ziel. Alsbald wurde nach Wegen gesucht, diese Gewinne zu maximieren. Mittlerweile ist\u2026","rel":"","context":"In &quot;Blog&quot;","block_context":{"text":"Blog","link":"https:\/\/www.jazzzeitung.de\/cms\/thema\/blog\/"},"img":{"alt_text":"","src":"","width":0,"height":0},"classes":[]},{"id":14205,"url":"https:\/\/www.jazzzeitung.de\/cms\/2017\/11\/nikolaus-neuser-ist-neuer-vorsitzender-der-union-deutscher-jazzmusiker\/","url_meta":{"origin":3252,"position":4},"title":"Nikolaus Neuser ist neuer Vorsitzender der Union Deutscher Jazzmusiker","author":"Redaktion JazzZeitung","date":"7. November 2017","format":false,"excerpt":"Der Berliner Jazztrompeter Nikolaus Neuser ist neuer Vorsitzender der Union Deutscher Jazzmusiker (UDJ). Er wurde auf der Mitgliederversammlung der berufs- und fachpolitischen Interessenvereinigung am 04. November 2017 in Berlin in das Amt gew\u00e4hlt. Neuser tritt die Nachfolge des Saxophonisten und Komponisten Gebhard Ullmann an, der den Vorsitz seit 2013 innehatte.\u2026","rel":"","context":"In &quot;News&quot;","block_context":{"text":"News","link":"https:\/\/www.jazzzeitung.de\/cms\/thema\/nachrichten\/"},"img":{"alt_text":"UDJ-Vorstand und Gesch\u00e4ftsf\u00fchrer mit altem und neuem Vorsitzenden. V. l. n. r.: Silke Eberhard, Benjamin Schaefer, Anette von Eichel, Felix Falk,Gebhard Ullmann, Nikolaus Neuser, Alexandra Lehmler und Urs Johnen","src":"https:\/\/i0.wp.com\/www.jazzzeitung.de\/cms\/wp-content\/uploads\/2017\/11\/udj_vorstand_c_manuel_miethe.jpg?fit=1200%2C800&ssl=1&resize=350%2C200","width":350,"height":200,"srcset":"https:\/\/i0.wp.com\/www.jazzzeitung.de\/cms\/wp-content\/uploads\/2017\/11\/udj_vorstand_c_manuel_miethe.jpg?fit=1200%2C800&ssl=1&resize=350%2C200 1x, https:\/\/i0.wp.com\/www.jazzzeitung.de\/cms\/wp-content\/uploads\/2017\/11\/udj_vorstand_c_manuel_miethe.jpg?fit=1200%2C800&ssl=1&resize=525%2C300 1.5x, https:\/\/i0.wp.com\/www.jazzzeitung.de\/cms\/wp-content\/uploads\/2017\/11\/udj_vorstand_c_manuel_miethe.jpg?fit=1200%2C800&ssl=1&resize=700%2C400 2x, https:\/\/i0.wp.com\/www.jazzzeitung.de\/cms\/wp-content\/uploads\/2017\/11\/udj_vorstand_c_manuel_miethe.jpg?fit=1200%2C800&ssl=1&resize=1050%2C600 3x"},"classes":[]},{"id":3554,"url":"https:\/\/www.jazzzeitung.de\/cms\/2014\/03\/beruf-jazzmusiker-9-work-free-if\/","url_meta":{"origin":3252,"position":5},"title":"Beruf: Jazzmusiker (9) &#8211; I would work for free, if&#8230;","author":"Benjamin Schaefer","date":"1. M\u00e4rz 2014","format":false,"excerpt":"Ich gebe zu \u2013 die Idee des freiwilligen, kostenlosen Teilens oder Tauschens von G\u00fctern und Leistungen gef\u00e4llt mir sehr. Ich bin oft ger\u00fchrt vor Freude, wenn ich Berichte \u00fcber \u00f6ffentliche Gem\u00fcsebeete, Tauschhandel oder Recycling-Initiativen sehe. Klitzekleine gallische D\u00f6rfer. Winzige Lichtpunkte auf der dunklen Landkarte des wirtschaftlichen Weltimperiums. Daher m\u00f6chte ich\u2026","rel":"","context":"In &quot;Blog&quot;","block_context":{"text":"Blog","link":"https:\/\/www.jazzzeitung.de\/cms\/thema\/blog\/"},"img":{"alt_text":"","src":"","width":0,"height":0},"classes":[]}],"jetpack_sharing_enabled":true,"_links":{"self":[{"href":"https:\/\/www.jazzzeitung.de\/cms\/wp-json\/wp\/v2\/posts\/3252","targetHints":{"allow":["GET"]}}],"collection":[{"href":"https:\/\/www.jazzzeitung.de\/cms\/wp-json\/wp\/v2\/posts"}],"about":[{"href":"https:\/\/www.jazzzeitung.de\/cms\/wp-json\/wp\/v2\/types\/post"}],"author":[{"embeddable":true,"href":"https:\/\/www.jazzzeitung.de\/cms\/wp-json\/wp\/v2\/users\/15"}],"replies":[{"embeddable":true,"href":"https:\/\/www.jazzzeitung.de\/cms\/wp-json\/wp\/v2\/comments?post=3252"}],"version-history":[{"count":3,"href":"https:\/\/www.jazzzeitung.de\/cms\/wp-json\/wp\/v2\/posts\/3252\/revisions"}],"predecessor-version":[{"id":3255,"href":"https:\/\/www.jazzzeitung.de\/cms\/wp-json\/wp\/v2\/posts\/3252\/revisions\/3255"}],"wp:attachment":[{"href":"https:\/\/www.jazzzeitung.de\/cms\/wp-json\/wp\/v2\/media?parent=3252"}],"wp:term":[{"taxonomy":"category","embeddable":true,"href":"https:\/\/www.jazzzeitung.de\/cms\/wp-json\/wp\/v2\/categories?post=3252"},{"taxonomy":"post_tag","embeddable":true,"href":"https:\/\/www.jazzzeitung.de\/cms\/wp-json\/wp\/v2\/tags?post=3252"},{"taxonomy":"author","embeddable":true,"href":"https:\/\/www.jazzzeitung.de\/cms\/wp-json\/wp\/v2\/coauthors?post=3252"}],"curies":[{"name":"wp","href":"https:\/\/api.w.org\/{rel}","templated":true}]}}