{"id":32508,"date":"2025-05-11T12:00:22","date_gmt":"2025-05-11T10:00:22","guid":{"rendered":"https:\/\/www.jazzzeitung.de\/cms\/?p=32508"},"modified":"2025-05-07T12:08:10","modified_gmt":"2025-05-07T10:08:10","slug":"die-eingeschmolzene-jazz-radiowoche-vom-12-05-2025-bis-18-05-2025","status":"publish","type":"post","link":"https:\/\/www.jazzzeitung.de\/cms\/2025\/05\/die-eingeschmolzene-jazz-radiowoche-vom-12-05-2025-bis-18-05-2025\/","title":{"rendered":"Die eingeschmolzene Jazz-Radiowoche vom 12.05.2025 bis 18.05.2025"},"content":{"rendered":"<p class=\"western\"><a name=\"_Hlk71805784\"><\/a> Die \u00dcbersicht zum <span style=\"color: #0563c1;\"><u><a href=\"https:\/\/service.conbrio.de\/service\/download\/278\/\" name=\"Download des PDF\">Download als PDF<\/a><\/u><\/span><span style=\"text-decoration: line-through;\">.<\/span> Alle Angaben ohne Gew\u00e4hr. Erg\u00e4nzt mit den tollen Sendungen zur Neuen Musik von BR-KLASSIK und \u00d61.<\/p>\n<p class=\"western\">Leider hat die ARD ihre Suchmaschine in Fragen Radio in der Zwischenzeit komplett geschreddert, nachdem sie in den vergangenen Jahren schon nicht mehr \u00fcber Schlagworte funktioniert hat. Damit sind wir nun komplett auf Zulieferungen der Sendeanstalten angewiesen. Aktuell bekommen wir Informationen von SWR Kultur, \u00d61 und in Sachen Neue Musik von BR-KLASSIK und ebenfalls \u00d61.<\/p>\n<hr \/>\n<h2 class=\"western\"><a name=\"__RefHeading___Toc532_2049876245\"><\/a><a name=\"_Toc176424572\"><\/a><a name=\"_Toc183595478\"><\/a><a name=\"_Toc184290543\"><\/a><a name=\"_Toc185409041\"><\/a><a name=\"_Toc186792938\"><\/a><a name=\"_Toc187143015\"><\/a><a name=\"_Toc188530705\"><\/a><a name=\"_Toc188957623\"><\/a><a name=\"_Toc189813526\"><\/a><a name=\"_Toc189815284\"><\/a><a name=\"_Toc190257440\"><\/a><a name=\"_Toc174527976\"><\/a><a name=\"_Toc175140589\"><\/a> Senderliste:<\/h2>\n<hr \/>\n<ul>\n<li><span style=\"color: #0563c1;\"><u><a href=\"https:\/\/oe1.orf.at\/\" name=\"Link zum ORF\">ORF \u2013 \u00d61<\/a><\/u><\/span><\/li>\n<li><span style=\"color: #0563c1;\"><u><a href=\"https:\/\/www.deutschlandradio.de\/\" name=\"Link zum Deutschlandfunk\">Deutschlandfunk<\/a><\/u><\/span> \u2013 \u201eFakten und mehr\u201c<\/li>\n<li><span style=\"color: #0563c1;\"><u><a href=\"https:\/\/www.deutschlandfunkkultur.de\/\" name=\"Link zu Deutschlandfunk Kultur\">Deutschlandfunk-Kultur<\/a><\/u><\/span> \u2013 \u201eDas Feuilleton im Radio\u201c<\/li>\n<li><span style=\"color: #0563c1;\"><u><a href=\"https:\/\/www.ndr.de\/ndrkultur\/\" name=\"Link zu ndr kultur\">ndr Kultur<\/a><\/u><\/span> \u2013 H\u00f6ren und genie\u00dfen<\/li>\n<li><span style=\"color: #0563c1;\"><u><a href=\"https:\/\/www.ndr.de\/ndrblue\/index.html\" name=\"Link zu ndr blue\"><span lang=\"en-US\">ndr blue<\/span><\/a><\/u><\/span><span lang=\"en-US\"> \u2013 Meet The Music<\/span><\/li>\n<li><span style=\"color: #0563c1;\"><u><a href=\"https:\/\/www.bremenzwei.de\/\" name=\"Link zu Radio Bremen\">radio bremen<\/a><\/u><\/span> \u2013 Neugier lohnt sich.<\/li>\n<li><span style=\"color: #0563c1;\"><u><a href=\"https:\/\/www.radiodrei.de\/\" name=\"Link zu Radio 3 von Berlin\">Radio 3<\/a><\/u><\/span> \u2013<\/li>\n<li><span style=\"color: #0563c1;\"><u><a href=\"https:\/\/www.mdr.de\/kultur\/radio\/index.html\" name=\"Link zu medr-kultur\">mdr-kultur<\/a><\/u><\/span> \u2013 Das Radio.<\/li>\n<li><a href=\"https:\/\/www1.wdr.de\/radio\/wdr3\/\" name=\"Link zu WDR3\"><span style=\"color: #0563c1;\"><u>W<\/u><\/span><span style=\"color: #0563c1;\"><u>DR<\/u><\/span><span style=\"color: #0563c1;\"><u>3<\/u><\/span><\/a> \u2013 Das Kulturradio<\/li>\n<li><span style=\"color: #0563c1;\"><u><a href=\"https:\/\/www.hr2.de\/index.html\" name=\"Link zu hr2-kultur\">hr2-kultur<\/a><\/u><\/span> \u2013 Das Kulturradio f\u00fcr Hessen.<\/li>\n<li><a href=\"https:\/\/www.sr.de\/sr\/sr2\/index.html\" name=\"Link zu SR2-Kulturradio\"><span style=\"color: #0563c1;\"><u>S<\/u><\/span><span style=\"color: #0563c1;\"><u>R<\/u><\/span><span style=\"color: #0563c1;\"><u>2 Kulturradio<\/u><\/span><\/a> \u2013 \u2026 gut zu h\u00f6ren.<\/li>\n<li><a href=\"https:\/\/www.swr.de\/swr2\/\" name=\"Link zu SWR Kuultur\"><span style=\"color: #0563c1;\"><u>S<\/u><\/span><span style=\"color: #0563c1;\"><u>WR<\/u><\/span><u> <\/u><\/a><span style=\"color: #0563c1;\"><u>kultur<\/u><\/span> \u2013 Kultur neu entdecken<\/li>\n<li><span style=\"color: #0563c1;\"><u><a href=\"https:\/\/www.br.de\/radio\/br-klassik\/index.html\" name=\"Link zu BR-Klassik\">BR-KLASSIK<\/a><\/u><\/span> \u2013 Klassikstars geben auf BR-KLASSIK den Ton an. Attraktive Magazine bringen Interviews und Neuigkeiten aus dem Musikleben.<\/li>\n<li><span style=\"color: #0563c1;\"><u><a href=\"https:\/\/www.br.de\/radio\/bayern2\/index.html\" name=\"Link zu Bayern2\">Bayern 2<\/a><\/u><\/span> \u2013 Preisgekr\u00f6ntes Radio f\u00fcr H\u00f6rer, die mehr wissen wollen<br \/>\n<hr \/>\n<\/li>\n<\/ul>\n<h2 class=\"western\"><a name=\"__RefHeading___Toc534_2049876245\"><\/a><a name=\"_Toc190257441\"><\/a><a name=\"_Toc175140590\"><\/a><a name=\"_Toc176424573\"><\/a><a name=\"_Toc183595479\"><\/a><a name=\"_Toc184290544\"><\/a><a name=\"_Toc185409042\"><\/a><a name=\"_Toc186792939\"><\/a><a name=\"_Toc187143016\"><\/a><a name=\"_Toc188530706\"><\/a><a name=\"_Toc188957624\"><\/a><a name=\"_Toc189813527\"><\/a><a name=\"_Toc189815285\"><\/a> Internet:<\/h2>\n<hr \/>\n<ul>\n<li>Schweden: <span style=\"color: #0563c1;\"><u><a href=\"https:\/\/sverigesradio.se\/tabla.aspx?programid=2562\" name=\"Link zu Schwedens Radio P&quot;\">P2<\/a><\/u><\/span> sendet immer Dienstags von 21:00 bis 22:00 und Sonntags von 18:40 bis 20:00 ein Jazzkonzert<\/li>\n<li>Ungarn: <span style=\"color: #0563c1;\"><u><a href=\"https:\/\/mediaklikk.hu\/bartok\/\" name=\"Link zu Bart\u00f3k-Radio\">Bartok Radio<\/a><\/u><\/span> sendet t\u00e4glich von 23:00 bis 23:55 eine Jazzsendung<\/li>\n<\/ul>\n<hr \/>\n<h2 class=\"western\"><a name=\"__RefHeading___Toc4058_1763005389\"><\/a> mo &#8211; 12.05.2025<\/h2>\n<hr \/>\n<p class=\"western\">17:30:00 +++ \u00d61<br \/>\n<b>Musik aus allen Richtungen mit Astrid Schwarz und Rainer Elstner.<\/b><\/p>\n<p class=\"western\">19:30:00 +++ \u00d61<br \/>\n<b>Das Trio Kry, Pianist Kai Schumacher und Franz Hackls Outreach Orchestra beim Outreach-Festival in Schwaz 2024<\/b><\/p>\n<p class=\"western\" style=\"padding-left: 40px;\">Es ist seit vielen Jahren Tradition bei Outreach, dass an einem der Abende ein Orchester unter der Leitung von Trompeter und Impresario Franz Hackl die B\u00fchne betritt, zusammengesetzt aus regionalen Musiker:innen und solchen, die im Rahmen der parallel stattfindenden Outreach Academy junge Jazztalente unterrichten.<\/p>\n<p class=\"western\" style=\"padding-left: 40px;\">Am 2. August 2024 war es im Rahmen des im Silbersaal im SZentrum in Schwaz anberaumten Festivals wieder so weit: Das Outreach Orchestra, besetzt u. a. mit Bassposaunist Dave Taylor und Pianist Leo Genovese und dirigiert von Gitarrist Gene Pritsker, gab Kompositionen der genannten Musiker wie auch von den Saxofonisten Thomas Kugi und Dennis Brandner zum Besten, wobei sich bei einigen St\u00fccken die New Yorker S\u00e4ngerin Amira B. auf die B\u00fchne gesellte.<\/p>\n<p class=\"western\" style=\"padding-left: 40px;\">Wie seit dem Pandemie-Jahr 2020 bei Outreach obligat, wechselte sich das Orchester in rund 20- min\u00fctigen Sets mit zwei weiteren Acts ab: Mit dem zwischen Kammermusik und Free Rock pendelnden Wiener Trio Kry mit Klarinettistin Mona Matbou Riahi, Bassist Philipp Kienberger und Schlagzeuger Alexander Yannilos einerseits. Und mit dem aus Baden-Baden stammenden Pianisten Kai Schumacher andererseits, der faszinierende repetitive Soundtableaus mit gro\u00dfer Sogwirkung h\u00f6ren lie\u00df, beeinflusst sowohl von Minimal Music wie auch von elektronischer Tanzmusik.<\/p>\n<p class=\"western\">22:03 \u2013 23:00 UHR +++ SWR KULTUR<br \/>\n<b>ARD Jazz. Spotlight: WDR Big Band \u2013 Live at Birdland<\/b><\/p>\n<p class=\"western\" style=\"padding-left: 40px;\">Von J\u00f6rg Heyd. Eine Person? Ein Thema? Oder doch ein Konzert? Montags gehen wir in die Tiefe und werfen ein Schlaglicht auf Musik und Musikschaffende aus der internationalen und nationalen Jazzszene. Erleben Sie Portraits von au\u00dfergew\u00f6hnlichen K\u00fcnstler*innen oder fantastische Konzertaufnahmen. Abwechselnd tragen alle unsere Sender dazu bei \u2013 mit eigener Handschrift und eigenem Fokus. Denn wir alle finden: Jazz geh\u00f6rt ins Spotlight.<\/p>\n<p class=\"western\">23:03:00 +++ \u00d61<br \/>\n<b>Phace und Cantando Admont beim Osterfestival Tirol \u2013 R\u00e4tselhaft poetisch: Werke von Beat Furrer und Sarah Nemtsov<\/b><\/p>\n<p class=\"western\" style=\"padding-left: 40px;\">Beat Furrer, der im Dezember 2024 seinen 70. Geburtstag gefeiert hat, lie\u00df sich f\u00fcr sein 2019 entstandenes Werk \u201eAkusmata\u201c von den H\u00f6rspr\u00fcchen des Pythagoras inspirieren. Es sind kurze Lebensregeln und Spr\u00fcche, die von den Sch\u00fclern des Pythagoras \u00fcberliefert wurden. Sie sind r\u00e4tselhaft und schwer auszulegen. Mit \u201eAkusmata\u201c tritt Furrer mit der pythagoreischen Mystik in Verbindung in deren Mittelpunkt die Ordnung und die Mathematik standen. Furrer betreibt, wie das Ensemble Phace schreibt, \u201edabei nicht nur symbolisch eine Dekonstruktion der Verh\u00e4ltnisse, sondern zerlegt auch das harmonische Spektrum. So entsteht eine neue r\u00e4tselhafte Welt, die nur im Ohr existiert&#8220;.<\/p>\n<p class=\"western\" style=\"padding-left: 40px;\">Auch Sarah Nemtsovs Musik ist h\u00e4ufig von der Auseinandersetzung mit Literatur und anderen K\u00fcnsten gepr\u00e4gt. \u201eFrom shore to shore\u201c ist ein Auftragswerk von Phace und bezieht sich auf Virginia Woolfs poetischen, 1931 entstandenen Roman \u201eTheWa ves\u201c. Neun Instrumentalstimmen, treten miteinander, nebeneinander und gegeneinander in vielschichtige Beziehungen \u201ewie mehrere Ichs und mehrere Perspektiven eine pluralistische Wahrheit zusammenweben k\u00f6nnen\u201c (Zitat Phace). Ein Konzert des Osterfestivals Tirol im Salzlager Hall vom 16. April 2025. Gestaltung: Patrizia Jilg<\/p>\n<hr \/>\n<h2 class=\"western\"><a name=\"__RefHeading___Toc4060_1763005389\"><\/a>di &#8211; 13.05.2025<\/h2>\n<hr \/>\n<p class=\"western\">17:30:00 +++ \u00d61<br \/>\n<b>Musik aus allen Richtungen.<\/b><\/p>\n<p class=\"western\">21:00 \u2013 22:00 UHR +++ SWR KULTUR<br \/>\n<b>JetztMusik: Nordic Free Jazz \u2013 Anna H\u00f6gberg und Vilhelm Bromander beim Jazzfest Berlin 2024<\/b><\/p>\n<p class=\"western\" style=\"padding-left: 40px;\">Von Odilo Clausnitzer. Mit dem Sextettalbum \u201eLena\u201c gelang der schwedischen Saxofonistin Anna H\u00f6gberg und ihrer Band Attack 2020 ein gro\u00dfer Wurf: Free Jazz in der Albert Ayler-Tradition, mit griffigen Melodien und wilden Ausbr\u00fcchen. Beim Jazzfest Berlin pr\u00e4sentierte sie ihre Band in einer erweiterten Fassung, unter anderem mit drei Blechbl\u00e4sern, doppelt besetztem Schlagzeug und Turntablisten. Der Stockholmer Bassist Vilhelm Bromander dagegen setzte mit seinem Unfolding Orchestra auf den Kontrast von wilden Soli mit hymnischen Ensemblekl\u00e4ngen. Dabei band er auch Klangfarben au\u00dfereurop\u00e4ischer Musikkulturen ein.<\/p>\n<p class=\"western\">23:03:00 +++ \u00d61<br \/>\n<b>Neuerscheinungen und andere Entdeckungen \u2013 Aktuelle Aufnahmen zeitgen\u00f6ssischer Musik<\/b><\/p>\n<p class=\"western\" style=\"padding-left: 40px;\">Auch an diesem Dienstag pr\u00e4sentieren wir Ihnen wieder Neuerscheinungen und andere Entdeckungen aus dem Feld der neuen und experimentellen Musik. Gestaltung: Marlene Schnedl<\/p>\n<hr \/>\n<h2 class=\"western\"><a name=\"__RefHeading___Toc4062_1763005389\"><\/a>mi &#8211; 14.05.2025<\/h2>\n<hr \/>\n<p class=\"western\">17:30:00 +++ \u00d61<br \/>\n<b>Musik aus allen Richtungen mit Ulla Pilz und Michael Neuhauser.<\/b><\/p>\n<p class=\"western\">22:03 \u2013 23:00 UHR +++ SWR KULTUR<br \/>\n<b>ARD Jazz. Das Magazin<\/b><\/p>\n<p class=\"western\" style=\"padding-left: 40px;\">Von Anja Buchmann. Das w\u00f6chentliche Jazz-Update, pr\u00e4sentiert von Eurer ARD: Au\u00dfergew\u00f6hnliche Ver\u00f6ffentlichungen, relevante Ereignisse und aktuelle Debatten. Wir diskutieren Jazz in allen seinen Facetten und suchen auch deutschlandweit die Orte auf, an denen er zuhause ist. Nicht verpassen!<\/p>\n<hr \/>\n<h2 class=\"western\"><a name=\"__RefHeading___Toc4064_1763005389\"><\/a>do &#8211; 15.05.2025<\/h2>\n<hr \/>\n<p class=\"western\">17:30:00 +++ \u00d61<br \/>\n<b>Musik aus allen Richtungen mit Andreas Felber.<\/b><\/p>\n<p class=\"western\">22:03 \u2013 23:00 UHR +++ SWR KULTUR<br \/>\n<b>Jazz and More<\/b><\/p>\n<p class=\"western\" style=\"padding-left: 40px;\">Von Daniella Baumeister . Ja was haben wir denn da?! Neue Alben aus dem Jazz und seinen Randgebieten. Ob Blues, Neo-Klassik, Global-Pop oder freie Improvisation \u2013 hier darf alles mitmischen. (\u00dcbernahme von hr2-kultur)<\/p>\n<p class=\"western\">23:03 bis 00:00 Uhr +++ BR-KLASSIK<br \/>\n<b>Horizonte: Konzepte aus der Mitte des Lebens \u2013 Die Komponistin Karin Hau\u00dfmann<\/b><\/p>\n<p class=\"western\" style=\"padding-left: 40px;\">Karin Hau\u00dfmann wurde 1962 in Waiblingen geboren. Sie studierte Musiktheorie und Komposition bei Walter Zimmermann und Nicolaus A. Huber an der Folkwang Hochschule in Essen und an der Akademie der K\u00fcnste Berlin. Sie erhielt viele namhafte Stipendien, 2004 wurde ihre Portr\u00e4t-CD des Deutschen Musikrats ver\u00f6ffentlicht. Auftr\u00e4ge bekannter Ensembles f\u00fchren sie bis heute auf alle wichtigen Festivals, u.a. das Klangforum Heidelberg, und die Tage Neuer Musik Witten. F\u00f6rder-Stipendien und Preise stehen den Komponistinnen und Komponisten nur bis zum 35. Lebensjahr zur Verf\u00fcgung. Das deutsche F\u00f6rdersystem erwartet, dass K\u00fcnstler*innen sich bis zu diesem Lebenspunkt durchgesetzt haben, und von ihren Auftragshonoraren leben k\u00f6nnen m\u00fcssen. Karin Hau\u00dfmann ist in der Mitte des Lebens angekommen. Konnte sie diese Erwartung erf\u00fcllen? Eine Sendung von Nora Bauer<\/p>\n<p class=\"western\">23.03 Uhr +++ \u00d61<br \/>\n<b>Sound Art: Kunst zum H\u00f6ren<\/b><\/p>\n<p class=\"western\" style=\"padding-left: 40px;\">Nacht-Premiere \u201eDer Untergang der Titanic\u201c von Hans Magnus Enzensberger<\/p>\n<figure id=\"attachment_32509\" aria-describedby=\"caption-attachment-32509\" style=\"width: 840px\" class=\"wp-caption aligncenter\"><a href=\"https:\/\/i0.wp.com\/www.jazzzeitung.de\/cms\/wp-content\/uploads\/2025\/05\/ice_2.jpg?ssl=1\"><img data-recalc-dims=\"1\" loading=\"lazy\" decoding=\"async\" data-attachment-id=\"32509\" data-permalink=\"https:\/\/www.jazzzeitung.de\/cms\/2025\/05\/die-eingeschmolzene-jazz-radiowoche-vom-12-05-2025-bis-18-05-2025\/ice_2\/\" data-orig-file=\"https:\/\/i0.wp.com\/www.jazzzeitung.de\/cms\/wp-content\/uploads\/2025\/05\/ice_2.jpg?fit=1086%2C724&amp;ssl=1\" data-orig-size=\"1086,724\" data-comments-opened=\"1\" data-image-meta=\"{&quot;aperture&quot;:&quot;0&quot;,&quot;credit&quot;:&quot;&quot;,&quot;camera&quot;:&quot;&quot;,&quot;caption&quot;:&quot;&quot;,&quot;created_timestamp&quot;:&quot;0&quot;,&quot;copyright&quot;:&quot;&quot;,&quot;focal_length&quot;:&quot;0&quot;,&quot;iso&quot;:&quot;0&quot;,&quot;shutter_speed&quot;:&quot;0&quot;,&quot;title&quot;:&quot;&quot;,&quot;orientation&quot;:&quot;0&quot;}\" data-image-title=\"Unterwegs. Foto: Hufner\" data-image-description=\"&lt;p&gt;Unterwegs. Foto: Hufner&lt;\/p&gt;\n\" data-image-caption=\"&lt;p&gt;Unterwegs. Foto: Hufner&lt;\/p&gt;\n\" data-large-file=\"https:\/\/i0.wp.com\/www.jazzzeitung.de\/cms\/wp-content\/uploads\/2025\/05\/ice_2.jpg?fit=840%2C560&amp;ssl=1\" class=\"size-large wp-image-32509\" src=\"https:\/\/i0.wp.com\/www.jazzzeitung.de\/cms\/wp-content\/uploads\/2025\/05\/ice_2.jpg?resize=840%2C560&#038;ssl=1\" alt=\"Unterwegs. Foto: Hufner\" width=\"840\" height=\"560\" srcset=\"https:\/\/i0.wp.com\/www.jazzzeitung.de\/cms\/wp-content\/uploads\/2025\/05\/ice_2.jpg?resize=900%2C600&amp;ssl=1 900w, https:\/\/i0.wp.com\/www.jazzzeitung.de\/cms\/wp-content\/uploads\/2025\/05\/ice_2.jpg?resize=300%2C200&amp;ssl=1 300w, https:\/\/i0.wp.com\/www.jazzzeitung.de\/cms\/wp-content\/uploads\/2025\/05\/ice_2.jpg?resize=768%2C512&amp;ssl=1 768w, https:\/\/i0.wp.com\/www.jazzzeitung.de\/cms\/wp-content\/uploads\/2025\/05\/ice_2.jpg?resize=120%2C80&amp;ssl=1 120w, https:\/\/i0.wp.com\/www.jazzzeitung.de\/cms\/wp-content\/uploads\/2025\/05\/ice_2.jpg?w=1086&amp;ssl=1 1086w\" sizes=\"auto, (max-width: 840px) 100vw, 840px\" \/><\/a><figcaption id=\"caption-attachment-32509\" class=\"wp-caption-text\">Unterwegs. Foto: Hufner<\/figcaption><\/figure>\n<hr \/>\n<h2 class=\"western\"><a name=\"__RefHeading___Toc4066_1763005389\"><\/a>fr &#8211; 16.05.2025<\/h2>\n<hr \/>\n<p class=\"western\">14:05:00 +++ \u00d61<br \/>\n<b>Der belgische Pianist Bram De Looze und prominente Partner beim Brussels Jazz Festival 2025<\/b><\/p>\n<p class=\"western\" style=\"padding-left: 40px;\">\u201eDie Zusammenarbeit mit diesen drei wunderbaren Pers\u00f6nlichkeiten wird eine besondere Erfahrung sein. Sie alle haben einen einzigartigen Sound und Charakter, sowie ein tiefes Gesp\u00fcr f\u00fcr das Zusammenspiel. Es wird faszinierend sein, im Moment zu erleben, wohin die Musik gehen wird. [\u2026] Neugier, Vertrauen und Gro\u00dfz\u00fcgigkeit sind der Schl\u00fcssel.\u201c<\/p>\n<p class=\"western\" style=\"padding-left: 40px;\">So wurde Bram De Looze im Programmtext zum ersten seiner drei ganz unterschiedlich ausgerichteten Konzerte als Artist in Residence beim Brussels Jazz Festival 2025 zitiert. Die Erwartungen des 1991 geborenen belgischen Pianisten wurden wohl mehr als erf\u00fcllt. Keine geringeren als Cellist Hank Roberts, Schlagzeuger Joey Baron und Bassist Thomas Morgan waren seine Partner am 10. J\u00e4nner 2025 im gro\u00dfen Saal des Flagey, des edlen Kulturzentrums in Br\u00fcssel im ehemaligen Geb\u00e4ude des Institut national de radiodiffusion.<\/p>\n<p class=\"western\" style=\"padding-left: 40px;\">Nicht wenige St\u00fccke hat De Looze extra f\u00fcr diesen Abend komponiert und dabei wohl vor allem die besondere melodische Stellung des Cellos mitbedacht. Und trotz des enormen Respekts des Pianisten vor den drei \u00e4lteren US-amerikanischen Kollegen (den er auch in seinen Ansagen immer wieder zum Ausdruck brachte), war es ein Zusammenspiel auf Augenh\u00f6he in kammermusikalischer Intensit\u00e4t.<\/p>\n<p class=\"western\">17:30:00 +++ \u00d61<br \/>\n<b>Musik aus allen Richtungen mit Johann Kneihs.<\/b><\/p>\n<p class=\"western\">19:05 bis 20:00 Uhr +++ BR-KLASSIK<br \/>\n<b>KlassikPlus \u2013 Musikfeature: Leo Smit und die \u201eVerlorene Generation\u201c der niederl\u00e4ndischen Musik<\/b><\/p>\n<p class=\"western\" style=\"padding-left: 40px;\">Seine Musik klingt frisch und unbek\u00fcmmert. Sie vereint Einfl\u00fcsse des franz\u00f6sischen Impressionismus und der Neoklassik mit Bitonalit\u00e4t, Jazz und Foxtrott. Leo Smit kommt am 14. Mai 1900 als Sohn j\u00fcdischer Eltern in Amsterdam zur Welt. Unter der deutschen Besatzung der Niederlande beginnt ab Sommer 1940 die schrittweise Ausgrenzung, Entrechtung und schlie\u00dflich Deportation der j\u00fcdischen Bev\u00f6lkerung. Als Smit im April 1943 im Vernichtungslager Sobibor ermordet wird, sind erst wenige seiner Werke im Druck erschienen. Die \u00fcbrigen Manuskripte \u00fcberdauern den Krieg bei einem Freund und lagern sp\u00e4ter wenig beachtet in einem Archiv. Bis die Fl\u00f6tistin Eleonore Pameijer eher zuf\u00e4llig auf Smits Fl\u00f6tensonate st\u00f6\u00dft und begeistert von der Qualit\u00e4t dieser Musik die Leo Smit Foundation in Amsterdam gr\u00fcndet. Es ist der Beginn einer seit 25 Jahren andauernden Forschungsarbeit, in der auch die Werke vieler anderer verfolgter oder verbotener KomponistInnen wieder entdeckt, ediert und aufgef\u00fchrt werden, darunter Henri\u00ebtte Bosmans, Rosy Wertheim, Dick Kattenburg und P\u00e1l Hermann. Eine ganze \u201everlorene Generation\u201c der niederl\u00e4ndischen Musik erhielt wieder eine Stimme. Anl\u00e4sslich von Leo Smits 125. Geburtstag stellt Alexandra Maria Dielitz einige dieser Biografien vor. Eine Sendung von Alexandra Maria Dielitz<\/p>\n<p class=\"western\">23:03:00 +++ \u00d61<br \/>\n<b>\u201efreiStil\u201c im Zeit-Ton Portr\u00e4t \u2013 20 Jahre Musik-Magazin \u201efreiStil\u201c: Periphere Sounds im Zentrum.<\/b><\/p>\n<p class=\"western\" style=\"padding-left: 40px;\">\u201eMagazin f\u00fcr Musik und Umgebung\u201c, so der programmatische Untertitel des seit Mai 2005 erscheinenden \u201efreiStil\u201c. Eine seiner Besonderheiten ist der hohe Anteil an Musikerinnen und K\u00fcnstlern, die alle zwei Monate die internationale und besonders die \u00f6sterreichische Szene zwischen Improvisation, Jazz und experimenteller (Elektronik-)Musik beleuchten. Zudem: Labels, Veranstaltungsorte und viele Rezensionen \u00fcber Literatur und Alben. Im Zeit-Ton erz\u00e4hlt Andreas \u201eFelix\u201c Fellinger, Gr\u00fcnder und Herausgeber des \u201efreiStil\u201c, \u00fcber 20 Jahre Magazin-Journalismus.<\/p>\n<p class=\"western\" style=\"padding-left: 40px;\">In Wels gegr\u00fcndet und seit 2012 in Wien produziert, besch\u00e4ftigt sich \u201efreiStil\u201c mit Musik \u201eohne zwischen verschiedenen Genres qualitative Unterschiede zu machen, sowie um deren gesellschaftliche und \u00e4sthetische Umgebungen\u201c, stellt Andreas \u201eFelix\u201c Fellinger fest. Gut drei Viertel der anfallenden Agenden werden von ihm \u00fcbernommen, die zehn bis 15 \u201efreiStil&#8220;-Autorinnen und -Autoren kommen aus \u00d6sterreich und Deutschland.<\/p>\n<p class=\"western\" style=\"padding-left: 40px;\">Das Magazin ist kleinunternehmerisch organisiert, wodurch es politisch und wirtschaftlich autark ist. Aufgelegt wird es im Fachhandel wie in Plattenl\u00e4den und Kulturzentren sowie auf Festivals wie den Konfrontationen, dem Unlimited oder dem Ulrichsberger Kaleidophon.<\/p>\n<p class=\"western\" style=\"padding-left: 40px;\">In diesem Umfeld kristallisierte sich bei dem aus Gmunden stammenden Buchh\u00e4ndler und Musik-Autor Andreas Fellinger vor mittlerweile 20 Jahren die Absicht, die gro\u00dfe, stark vernetzte und \u00e4u\u00dferst produktive Improv-, Jazz- und Noise-Szene in einem regelm\u00e4\u00dfig erscheinenden Magazin abzubilden. \u201efreiStil\u201c ist eines der letzten verbliebenen Musik-Magazine \u00d6sterreichs, das in Papierform erscheint. Die Online-Auftritt wird \u00fcber das klingt.org-Netzwerk abgewickelt.<\/p>\n<p class=\"western\" style=\"padding-left: 40px;\">St\u00e4ndige Rubriken sind Portr\u00e4ts und Interviews mit international wichtigen Musikschaffenden, dazu gibt es Label- und Locations-Berichte sowie Live- und Plattenrezensionen. Und das mit feministischen Schwerpunkten, aus denen u.a. die Compilation-Reihe \u201eDAMN! freiStil-Samplerinnen\u201c entstanden ist. In einer Selbstbeschreibung war einmal zu lesen: Von \u201eA\u201c wie Peter Ablinger bis \u201eZ\u201c wie John Zorn.<\/p>\n<p class=\"western\" style=\"padding-left: 40px;\">Im Zeit-Ton Portr\u00e4t berichtet Andreas Fellinger, 20 Jahre ein unabh\u00e4ngiges Musik-Magazin zu gestalten, mehrmals in der Woche auf Veranstaltungen zu gehen und dem Engagement f\u00fcr Musik und Kunst feien Stils. Gestaltung: Heinrich Deisl<\/p>\n<hr \/>\n<h2 class=\"western\"><a name=\"__RefHeading___Toc4068_1763005389\"><\/a>sa &#8211; 17.05.2025<\/h2>\n<hr \/>\n<p class=\"western\">14.00 Uhr, Das \u00d61 H\u00f6rspiel<br \/>\n<b>\u201eDer Untergang der Titanic\u201c von Hans Magnus Enzensberger <\/b><b>(<a href=\"https:\/\/oe1.orf.at\/programm\/20250517#794765\/Untergang-des-Dampfers-Titanic\">link<\/a>)<\/b><\/p>\n<p class=\"western\" style=\"padding-left: 40px;\">Ausz\u00fcge aus \u201eDer Untergang der Titanic\u201c von Hans Magnus Enzensberger. Mit Minou Mehdizadeh Baghbani, Fabian Cabak, Paula Carbonell Sp\u00f6rk, Elias Eisold, Amrito Geiser, Samira Kossebau, Fabia Matuschek und Laetitia Toursarkissian, Tongestaltung: Anna Kuncio und Manuel Radinger, Hospitanz: Marie-Louise F\u00fcrnsinn, Regieassistenz: Alexandra Wimmer. Textauswahl und Regie: Harald Krewer, Projektleitung MUK: Markus Meyer und Urs Klebe (Eine Produktion des ORF in Kooperation mit der Musik und Kunst Privatuniversit\u00e4t der Stadt Wien 2025)<\/p>\n<p class=\"western\" style=\"padding-left: 40px;\">100 Jahre Radio und 80 Jahre Privatuniversit\u00e4t der Stadt Wien (MUK). Beide Jubil\u00e4en waren Anlass f\u00fcr eine gemeinsame H\u00f6rspielproduktion von Radio \u00d61 und der MUK. Gemeinsam mit Studierenden des Instituts Schauspiel entstand ein H\u00f6rst\u00fcck auf Basis von Hans Magnus Enzensbergers epischem Gedicht \u201eDer Untergang der Titanic\u201c.<\/p>\n<p class=\"western\" style=\"padding-left: 40px;\">Das Riesenschiff, das Weltwunder, das Ungeheuer, das in einer eisigen Nacht des Jahres 1912 versank, war ein ganz gew\u00f6hnlicher Dampfer &#8211; und zugleich ein Mythos: Inbegriff des Fortschritts. Das Verfahren der literarischen Montage des Textes eignet sich besonders f\u00fcr diese radiophone Ann\u00e4herung. Bei diesem Projekt ging es darum, mit Studierenden die Arbeit im Studio erfahrbar zu machen und gleichzeitig die M\u00f6glichkeiten des Erz\u00e4hlens vor dem Mikrofon zu erproben. Anhand dieses Textes der klassischen Moderne, in dem eine Katastrophe dargestellt wird, mit allen Einzelheiten, den Toten und den \u00dcberlebenden, den Zeitangaben, Temperaturen und Ger\u00e4uschen.<\/p>\n<p class=\"western\" style=\"padding-left: 40px;\">Ein d\u00fcsteres Bild des menschlichen Fortschritts und dennoch: \u201eAuch der Mensch\u201c, lehrt Enzensberger, \u201edem das Wasser bis zum Halse steht, kann seinen Kopf noch benutzen: zum Denken, nicht nur zum Schreien\u201c.<\/p>\n<p class=\"western\">18:20 \u2013 19:00 UHR +++ SWR KULTUR<br \/>\n<b>Jazz: Me and My Music \u2013 Jonas Esser<\/b><\/p>\n<p class=\"western\" style=\"padding-left: 40px;\">Von Konrad Bott. Die Bewegungen eines Rockdrummers, die Kreativit\u00e4t eines Jazzers und das Herz eines R`n`B-Producers \u2013 die haben Jonas Esser von Emmendingen nach New York gebracht. Als Sideman ein Fels in der Brandung und gleichzeitig ein kluger Ideengeber, der Elektronik und Akustik mit kindlicher Neugier zusammenpuzzelt. Jetzt hat Jonas Esser sein Debutalbum ver\u00f6ffentlicht, in dem er musikalisch konsequent nach vorne schaut und das er in einem Anflug von Ironie \u201eLast Album\u201c getauft hat. Lernen Sie Jonas Esser kennen \u2013 mit seinen Gedanken und seiner Musik!<\/p>\n<p class=\"western\">19:05 bis 20:00 Uhr +++ BR-KLASSIK<br \/>\n<b>Musik der Welt: Frei wie ein Vogel \u2013 Federleichtes f\u00fcr den Mai<\/b><\/p>\n<p class=\"western\" style=\"padding-left: 40px;\">\u201eWenn ich ein V\u00f6glein w\u00e4r\u2018 und auch zwei Fl\u00fcgel h\u00e4tt\u2018 \u2026\u201c &#8211; der Traum vom Fliegen ist uralt. Sich gedanklich wie ein Vogel in die Luft zu schwingen, kann Freiheit bedeuten, auch Aufbruch, Leichtigkeit, und die M\u00f6glichkeit, Vergangenes hinter sich lassen. Wie zart f\u00fchlt es sich an, einen zwitschernden federleichten Piepmatz in der Hand zu halten, ein paar Gramm Hoffnung? Das Aufsteigen des Adlers verstr\u00f6mt majest\u00e4tische Souver\u00e4nit\u00e4t, sich im Schwarm flatternder Gleichgesinnter wohlzuf\u00fchlen schenkt Geborgenheit. Nachtigall, Wildgans und Co. &#8211; V\u00f6gel schm\u00fccken mit ihren Ges\u00e4ngen und Rufen unseren Alltag und regen als ein Symbol der Freiheit die musikalische Fantasie in den verschiedensten Kulturr\u00e4umen an. \u201eMusik der Welt\u201c fliegt buchst\u00e4blich unter anderem von Irland in den Kongo, nach Vietnam, Nordamerika, die S\u00fcdsee und Norwegen. Und egal ob Spatz in der Hand oder Taube auf dem Dach &#8211; es ist, als bek\u00e4me auch die Musik Fl\u00fcgel. Eine Sendung von Julia Sch\u00f6lzel<\/p>\n<p class=\"western\">22:05:00 +++ \u00d61<br \/>\n<b>Neuigkeiten aus der Welt des Jazz<\/b><\/p>\n<p class=\"western\" style=\"padding-left: 40px;\">Konzertempfehlungen f\u00fcr die kommende Woche, Buchbesprechungen, Kurznachrufe und aktuelle Meldungen.<\/p>\n<p class=\"western\">23:03:00 +++ \u00d61<br \/>\n<b>Klarinettist Vincent Pongr\u00e1cz im Generationen-Dialog mit Lajos Dudas und konzertant mit Bernhard Hammer im RadioKulturhaus<\/b><\/p>\n<p class=\"western\" style=\"padding-left: 40px;\">Katharina Osztovics begr\u00fc\u00dft Lajos Dudas und Vincent Pongr\u00e1cz zum \u00d61 Jazznacht-Interview. Was sie vereint, ist die Liebe zur Klarinette als musikalischem Ausdrucksmittel f\u00fcr Emotion, Virtuosit\u00e4t und Exzentrik. Der 84-j\u00e4hrige ungarische Meisterklarinettist Lajos Dudas hat seine Karriere beendet und mit dem 40-j\u00e4hrigen Wiener Vincent Pongr\u00e1cz einen w\u00fcrdigen neuen Besitzer f\u00fcr sein geliebtes Instrument gefunden. Im Gespr\u00e4ch l\u00e4sst Dudas sein musikalisches Schaffen Revue passieren und verr\u00e4t, warum es Pongr\u00e1cz ist, der das geliebte Instrument der Marke \u201eSelmer \/ Paris &#8211; Bb Klarinette \/ B\u00f6hm-System &#8211; RECITAL 18\/6\u201c bald sein Eigen nennen darf.<\/p>\n<p class=\"western\" style=\"padding-left: 40px;\">Was dieses besondere Geschenk f\u00fcr ihn bedeutet, das wiederum erkl\u00e4rt Vincent Pongr\u00e1cz im \u00d61 Jazznacht-Interview, zudem spricht er \u00fcber seine Affinit\u00e4t zu Klang und Sprache und wie er als Syn\u00e4sthetiker T\u00f6ne wahrnimmt. Auch in seine Arbeit flie\u00dft diese Tatsache mit ein: Seine Band Synesthetic4 wurde 2024 mit dem \u00d6sterreichischen Jazzpreis in der Kategorie \u201eBest Live Act\u201c ausgezeichnet. Anl\u00e4sslich der Pr\u00e4sentation des dritten Tontr\u00e4gers von Synesthetic4 am 18. Mai im Wiener Porgy &amp; Bess wird die Klarinette von Lajos Dudas an Vincenz Pongr\u00e1cz \u00fcbergeben.<\/p>\n<p class=\"western\" style=\"padding-left: 40px;\">Auch in der \u00d61-Konzertaufnahme steht Pongr\u00e1cz auf der B\u00fchne: Am 24. J\u00e4nner 2025 war er im Rahmen der Reihe \u201eSoloTogether\u201c im Wiener Radiokulturhaus zu Gast. Der Zweite im Bunde war Gitarrist Bernhard Hammer. Jeder Musiker ist zuerst in einem Solo-Set zu h\u00f6ren, im zweiten Teil des Konzerts vereinen sich Hammer und Pongr\u00e1cz dann zum explosiven, exzentrischen Duo.<\/p>\n<hr \/>\n<h2 class=\"western\"><a name=\"__RefHeading___Toc4070_1763005389\"><\/a>so &#8211; 18.05.2025<\/h2>\n<hr \/>\n<p class=\"western\">00:05:00 +++ \u00d61<br \/>\n<b>(Fortsetzung); Klarinettist Vincent Pongr\u00e1cz im Generationen-Dialog mit Lajos Dudas und konzertant mit Bernhard Hammer im RadioKulturhaus<\/b><\/p>\n<p class=\"western\">03:03:00 +++ \u00d61<br \/>\n<b>Mit klingenden Kulinarien in den Sonntag-Morgen<\/b><\/p>\n<p class=\"western\" style=\"padding-left: 40px;\">Klassiker und Fundst\u00fccke aus 100 Jahren Jazzgeschichte (Wiederholung).<\/p>\n<p class=\"western\">17:10:00 +++ \u00d61<br \/>\n<b>Pete Townshend: Rockstar und komplexer Intellektueller<\/b><\/p>\n<p class=\"western\" style=\"padding-left: 40px;\">Unter den Gitarrenhelden und Songwritern der ersten Generation von Rockstars nimmt Pete Townshend eine widerspr\u00fcchliche Sonderstellung ein. Als komplexer Intellektueller und gleichzeitiger Bandleader von The Who, einer der aggressivsten und destruktivsten Bands seiner \u00c4ra. In den Fr\u00fchzeiten der mittleren Sechziger machte Townshend mehr Schlagzeilen durch das Zertr\u00fcmmern als das Spielen seines Instruments. Als Autor der Jugendhymne \u201eMy Generation\u201c gab er dem rebellischen Zeitgeist eine expressive Stimme, nur vier Jahre sp\u00e4ter schrieb er mit der Rockoper \u201eTommy\u201c \u00fcber einen taubstummen und blinden Jungen einen symbolischen Songzyklus (\u201ePinball Wizard\u201c, \u201eI&#8217;m Free\u201c), in dem seine zu Hippies gereiften Zeitgenossen den Ausdruck ihrer Kindheitstraumata fanden.<\/p>\n<p class=\"western\" style=\"padding-left: 40px;\">Songs wie \u201eWon&#8217;t Get Fooled Again\u201c und \u201eBaba O&#8217;Riley\u201c wurden wiederum Anfang der Siebziger zum Soundtrack ihrer Desillusionierung, gefolgt vom Konzeptwerk \u201eQuadrophenia\u201c, das die Grundlage f\u00fcr das Mod-Revival am Ende des Jahrzehnts schuf. Am 19. Mai wird Townshend seinen 80. Geburtstag feiern.<\/p>\n<p class=\"western\">19:05:00 +++ \u00d61<br \/>\n<b>Pianist Sebastian Knauer spielt Musik von David Newman<\/b><\/p>\n<p class=\"western\" style=\"padding-left: 40px;\">Der Hamburger Pianist Sebastian Knauer pr\u00e4sentiert seine liebsten Arrangements sowie Originalkompositionen, die ihm gewidmet worden sind. Dabei folgt er einer klugen Dramaturgie, spielt die St\u00fccke ohne Pause in einem hochkonzentrierten Set, exklusiv im Rahmen der \u00d61 Hausmusik.<\/p>\n<p class=\"western\" style=\"padding-left: 40px;\">Unter anderem sind auch Werke von einem der bekanntesten Film-Musik-Komponisten der Gegenwart zu h\u00f6ren, vom 71-j\u00e4hrigen Kalifornier David Newman. Knauer hat im November sein neues Album \u201eHollywood\u201c mit Werken von Aaron Copland bis George Gershwin vorgelegt, eine Aufnahme mit dem Deutschen Symphonie-Orchester Berlin unter der Leitung David Newmans, der auch f\u00fcr die Arrangements verantwortlich zeichnete.<\/p>\n<p class=\"western\">19:47 \u2013 20:00 UHR +++ SWR KULTUR<br \/>\n<b>Big Time Jazz. Jazz-Orchester, Big Band, Oktett \u2013 hier kommt Musik mit Vielen!<\/b><\/p>\n<p class=\"western\" style=\"padding-left: 40px;\">Im Big Time Jazz stellen wir f\u00fcr Sie interessante und sch\u00f6ne Kl\u00e4nge zusammen \u2013 von gro\u00dfen Ensembles aus dem Jazz und der improvisierten Musik. Wir bergen Archivaufnahmen und durchforsten Neuver\u00f6ffentlichungen f\u00fcr eine Zeit, die ganz den gro\u00dfen Kl\u00e4ngen geh\u00f6rt.<\/p>\n<p class=\"western\">22:03 \u2013 23:00 UHR +++ SWR KULTUR<br \/>\n<b>NOWJazz: Unstillbare Neugier \u2013 Die Saxofonistin Signe Emmelut<\/b><\/p>\n<p class=\"western\" style=\"padding-left: 40px;\">Von Ssirus W. Pakzad. Die d\u00e4nische Saxofonistin Signe Emmeluth hatte Gl\u00fcck mit ihrem Studium in Trondheim: Eirik Hegdal und Mette Rasmussen, ihre Lehrenden haben Sie unter ihre Fittiche und mit in die norwegische Jazz-Szene genommen. Mittlerweile ist die 32-J\u00e4hrige Mitglied in Gard Nilssens Supersonic Orchestra oder Jonas Cambiens \u201eMaca Conu\u201c. Au\u00dferdem macht Signe Emmeluth mit eigenen Formationen wie der kuriosen Band Amoeba Musik.<\/p>\n<p class=\"western\">23:03 bis 00:00 Uhr +++ BR-KLASSIK<br \/>\n<b>Musik der Welt: Zum 50. Todestag des Tangomusikers An\u00edbal Troilo<\/b><\/p>\n<p class=\"western\" style=\"padding-left: 40px;\">Buenos Aires, Tango und Troilo werden oft in einem Atemzug genannt. An\u00edbal Troilo war Bandoneonspieler, Orchesterleiter und Komponist vieler Lieder, die mittlerweile zu Klassikern geworden sind. Er ist auch unter dem Namen Pichuco in die Tangogeschichte eingegangen und eroberte die Herzen der Porte\u00f1os, also der Menschen aus Buenos Aires, durch seine einf\u00fchlsame Musik. Um 1940 brachte er den Tango zu seiner vollen Reife. Troilos Stil mit seiner Mischung aus Rhythmus und Melodien war wegweisend f\u00fcr Zeitgenossen und nachfolgende Generationen. Es ist eine Musik zum Tanzen und zum H\u00f6ren. Die Stimmen der legend\u00e4ren Tangos\u00e4nger der 1930er, 40er und 50er-Jahre verschmelzen mit dem Klang des von Troilo gegr\u00fcndeten Orchesters, und die Instrumente beginnen zu singen, allen voran Troilos Bandoneon. Anl\u00e4sslich des 50. Todestages von An\u00edbal Troilo am 19. Mai hat BR-KLASSIK mit seinem Enkel Francisco Torn\u00e9 gesprochen und zeichnet das Portr\u00e4t eines der wichtigsten Tangomusiker aller Zeiten. Eine Sendung von Florian Heurich.<\/p>\n<p class=\"western\">23:03:00 +++ \u00d61<br \/>\n<b>\u201eAmopera\u201c mit dem Klangforum Wien \u2013 Eine Meta-Oper zum Thema Liebe, aufgenommen im Wiener Konzerthaus<\/b><\/p>\n<p class=\"western\" style=\"padding-left: 40px;\">Es ist eine fulminante Reise durch die Opernliteratur der letzten 100 Jahre: Mit dem Projekt \u201eAmopera\u201c spannt das Klangforum Wien einen musikalischen Bogen zum Thema Liebe &#8211; von der letzten Szene aus &#8222;Lulu\u201c von Alban Berg \u00fcber \u201eAch ich f\u00fchl\u2019s\u201c von Bernhard Lang bis hin zu \u201eA respirar ritorno\u201c aus \u201eLuci mie traditrici\u201c von Salvatore Sciarrino.<\/p>\n<p class=\"western\" style=\"padding-left: 40px;\">Die konzertant-performative \u201eMeta-Oper\u201c entstand in Zusammenarbeit mit der Needcompany unter der Regie ihres Gr\u00fcnders Jan Lauwers. In der Auff\u00fchrung vom 11. Mai 2025 sangen Sarah Maria Sun (Sopran) und Holger Falk (Bariton) unter der Leitung von Tim Anderson. Gestaltung: Walter Weidringer<\/p>\n","protected":false},"excerpt":{"rendered":"<p>Jazz im Radio \u2013 Jeden Sonntag gibt es um 12 Uhr unsere \u00dcbersicht f\u00fcr die jeweils nachfolgende Woche. Die #Jazz-Radiowoche vom 12.05. bis 18.05.2025. Erheblich ausged\u00fcnnt. Auch als PDF zum Download \u2013 #Jazz #JazzZeitung #Radio #Radiowoche \u2013 Ein Service unserer Online-Redaktion.<\/p>\n","protected":false},"author":1,"featured_media":32509,"comment_status":"open","ping_status":"closed","sticky":false,"template":"","format":"standard","meta":{"_jetpack_memberships_contains_paid_content":false,"footnotes":"","jetpack_publicize_message":"","jetpack_publicize_feature_enabled":true,"jetpack_social_post_already_shared":true,"jetpack_social_options":{"image_generator_settings":{"template":"highway","default_image_id":0,"font":"","enabled":false},"version":2}},"categories":[633,452],"tags":[3773,1629],"coauthors":[650],"class_list":["post-32508","post","type-post","status-publish","format-standard","has-post-thumbnail","hentry","category-nachrichten","category-radio","tag-die-radiowoche","tag-jazz-im-radio"],"yoast_head":"<!-- This site is optimized with the Yoast SEO plugin v27.5 - https:\/\/yoast.com\/product\/yoast-seo-wordpress\/ -->\n<title>Die eingeschmolzene Jazz-Radiowoche vom 12.05.2025 bis 18.05.2025 - JazzZeitung<\/title>\n<meta name=\"robots\" content=\"index, follow, max-snippet:-1, max-image-preview:large, max-video-preview:-1\" \/>\n<link rel=\"canonical\" href=\"https:\/\/www.jazzzeitung.de\/cms\/2025\/05\/die-eingeschmolzene-jazz-radiowoche-vom-12-05-2025-bis-18-05-2025\/\" \/>\n<meta property=\"og:locale\" content=\"de_DE\" \/>\n<meta property=\"og:type\" content=\"article\" \/>\n<meta property=\"og:title\" content=\"Die eingeschmolzene Jazz-Radiowoche vom 12.05.2025 bis 18.05.2025 - JazzZeitung\" \/>\n<meta property=\"og:description\" content=\"Jazz im Radio \u2013 Jeden Sonntag gibt es um 12 Uhr unsere \u00dcbersicht f\u00fcr die jeweils nachfolgende Woche. Die #Jazz-Radiowoche vom 12.05. bis 18.05.2025. Erheblich ausged\u00fcnnt. Auch als PDF zum Download \u2013 #Jazz #JazzZeitung #Radio #Radiowoche \u2013 Ein Service unserer Online-Redaktion.\" \/>\n<meta property=\"og:url\" content=\"https:\/\/www.jazzzeitung.de\/cms\/2025\/05\/die-eingeschmolzene-jazz-radiowoche-vom-12-05-2025-bis-18-05-2025\/\" \/>\n<meta property=\"og:site_name\" content=\"JazzZeitung\" \/>\n<meta property=\"article:publisher\" content=\"https:\/\/www.facebook.com\/JazzZeitung\/\" \/>\n<meta property=\"article:author\" content=\"https:\/\/www.facebook.com\/hufner\" \/>\n<meta property=\"article:published_time\" content=\"2025-05-11T10:00:22+00:00\" \/>\n<meta property=\"og:image\" content=\"https:\/\/i0.wp.com\/www.jazzzeitung.de\/cms\/wp-content\/uploads\/2025\/05\/ice_2.jpg?fit=1086%2C724&ssl=1\" \/>\n\t<meta property=\"og:image:width\" content=\"1086\" \/>\n\t<meta property=\"og:image:height\" content=\"724\" \/>\n\t<meta property=\"og:image:type\" content=\"image\/jpeg\" \/>\n<meta name=\"author\" content=\"Martin Hufner\" \/>\n<script type=\"application\/ld+json\" class=\"yoast-schema-graph\">{\"@context\":\"https:\\\/\\\/schema.org\",\"@graph\":[{\"@type\":\"Article\",\"@id\":\"https:\\\/\\\/www.jazzzeitung.de\\\/cms\\\/2025\\\/05\\\/die-eingeschmolzene-jazz-radiowoche-vom-12-05-2025-bis-18-05-2025\\\/#article\",\"isPartOf\":{\"@id\":\"https:\\\/\\\/www.jazzzeitung.de\\\/cms\\\/2025\\\/05\\\/die-eingeschmolzene-jazz-radiowoche-vom-12-05-2025-bis-18-05-2025\\\/\"},\"author\":{\"name\":\"Martin Hufner\",\"@id\":\"https:\\\/\\\/www.jazzzeitung.de\\\/cms\\\/#\\\/schema\\\/person\\\/b9a4e5ac765d94fb8f617bfa8f1fc5f7\"},\"headline\":\"Die eingeschmolzene Jazz-Radiowoche vom 12.05.2025 bis 18.05.2025\",\"datePublished\":\"2025-05-11T10:00:22+00:00\",\"mainEntityOfPage\":{\"@id\":\"https:\\\/\\\/www.jazzzeitung.de\\\/cms\\\/2025\\\/05\\\/die-eingeschmolzene-jazz-radiowoche-vom-12-05-2025-bis-18-05-2025\\\/\"},\"wordCount\":3407,\"commentCount\":0,\"publisher\":{\"@id\":\"https:\\\/\\\/www.jazzzeitung.de\\\/cms\\\/#organization\"},\"image\":{\"@id\":\"https:\\\/\\\/www.jazzzeitung.de\\\/cms\\\/2025\\\/05\\\/die-eingeschmolzene-jazz-radiowoche-vom-12-05-2025-bis-18-05-2025\\\/#primaryimage\"},\"thumbnailUrl\":\"https:\\\/\\\/i0.wp.com\\\/www.jazzzeitung.de\\\/cms\\\/wp-content\\\/uploads\\\/2025\\\/05\\\/ice_2.jpg?fit=1086%2C724&ssl=1\",\"keywords\":[\"Die Radiowoche\",\"Jazz im Radio\"],\"articleSection\":[\"News\",\"Radio\"],\"inLanguage\":\"de\",\"potentialAction\":[{\"@type\":\"CommentAction\",\"name\":\"Comment\",\"target\":[\"https:\\\/\\\/www.jazzzeitung.de\\\/cms\\\/2025\\\/05\\\/die-eingeschmolzene-jazz-radiowoche-vom-12-05-2025-bis-18-05-2025\\\/#respond\"]}]},{\"@type\":\"WebPage\",\"@id\":\"https:\\\/\\\/www.jazzzeitung.de\\\/cms\\\/2025\\\/05\\\/die-eingeschmolzene-jazz-radiowoche-vom-12-05-2025-bis-18-05-2025\\\/\",\"url\":\"https:\\\/\\\/www.jazzzeitung.de\\\/cms\\\/2025\\\/05\\\/die-eingeschmolzene-jazz-radiowoche-vom-12-05-2025-bis-18-05-2025\\\/\",\"name\":\"Die eingeschmolzene Jazz-Radiowoche vom 12.05.2025 bis 18.05.2025 - JazzZeitung\",\"isPartOf\":{\"@id\":\"https:\\\/\\\/www.jazzzeitung.de\\\/cms\\\/#website\"},\"primaryImageOfPage\":{\"@id\":\"https:\\\/\\\/www.jazzzeitung.de\\\/cms\\\/2025\\\/05\\\/die-eingeschmolzene-jazz-radiowoche-vom-12-05-2025-bis-18-05-2025\\\/#primaryimage\"},\"image\":{\"@id\":\"https:\\\/\\\/www.jazzzeitung.de\\\/cms\\\/2025\\\/05\\\/die-eingeschmolzene-jazz-radiowoche-vom-12-05-2025-bis-18-05-2025\\\/#primaryimage\"},\"thumbnailUrl\":\"https:\\\/\\\/i0.wp.com\\\/www.jazzzeitung.de\\\/cms\\\/wp-content\\\/uploads\\\/2025\\\/05\\\/ice_2.jpg?fit=1086%2C724&ssl=1\",\"datePublished\":\"2025-05-11T10:00:22+00:00\",\"breadcrumb\":{\"@id\":\"https:\\\/\\\/www.jazzzeitung.de\\\/cms\\\/2025\\\/05\\\/die-eingeschmolzene-jazz-radiowoche-vom-12-05-2025-bis-18-05-2025\\\/#breadcrumb\"},\"inLanguage\":\"de\",\"potentialAction\":[{\"@type\":\"ReadAction\",\"target\":[\"https:\\\/\\\/www.jazzzeitung.de\\\/cms\\\/2025\\\/05\\\/die-eingeschmolzene-jazz-radiowoche-vom-12-05-2025-bis-18-05-2025\\\/\"]}]},{\"@type\":\"ImageObject\",\"inLanguage\":\"de\",\"@id\":\"https:\\\/\\\/www.jazzzeitung.de\\\/cms\\\/2025\\\/05\\\/die-eingeschmolzene-jazz-radiowoche-vom-12-05-2025-bis-18-05-2025\\\/#primaryimage\",\"url\":\"https:\\\/\\\/i0.wp.com\\\/www.jazzzeitung.de\\\/cms\\\/wp-content\\\/uploads\\\/2025\\\/05\\\/ice_2.jpg?fit=1086%2C724&ssl=1\",\"contentUrl\":\"https:\\\/\\\/i0.wp.com\\\/www.jazzzeitung.de\\\/cms\\\/wp-content\\\/uploads\\\/2025\\\/05\\\/ice_2.jpg?fit=1086%2C724&ssl=1\",\"width\":1086,\"height\":724,\"caption\":\"Unterwegs. Foto: Hufner\"},{\"@type\":\"BreadcrumbList\",\"@id\":\"https:\\\/\\\/www.jazzzeitung.de\\\/cms\\\/2025\\\/05\\\/die-eingeschmolzene-jazz-radiowoche-vom-12-05-2025-bis-18-05-2025\\\/#breadcrumb\",\"itemListElement\":[{\"@type\":\"ListItem\",\"position\":1,\"name\":\"Startseite\",\"item\":\"https:\\\/\\\/www.jazzzeitung.de\\\/cms\\\/\"},{\"@type\":\"ListItem\",\"position\":2,\"name\":\"Die eingeschmolzene Jazz-Radiowoche vom 12.05.2025 bis 18.05.2025\"}]},{\"@type\":\"WebSite\",\"@id\":\"https:\\\/\\\/www.jazzzeitung.de\\\/cms\\\/#website\",\"url\":\"https:\\\/\\\/www.jazzzeitung.de\\\/cms\\\/\",\"name\":\"JazzZeitung\",\"description\":\"Jazz-News und Jazz-Kontroverses\",\"publisher\":{\"@id\":\"https:\\\/\\\/www.jazzzeitung.de\\\/cms\\\/#organization\"},\"potentialAction\":[{\"@type\":\"SearchAction\",\"target\":{\"@type\":\"EntryPoint\",\"urlTemplate\":\"https:\\\/\\\/www.jazzzeitung.de\\\/cms\\\/?s={search_term_string}\"},\"query-input\":{\"@type\":\"PropertyValueSpecification\",\"valueRequired\":true,\"valueName\":\"search_term_string\"}}],\"inLanguage\":\"de\"},{\"@type\":\"Organization\",\"@id\":\"https:\\\/\\\/www.jazzzeitung.de\\\/cms\\\/#organization\",\"name\":\"JazzZeitung online\",\"url\":\"https:\\\/\\\/www.jazzzeitung.de\\\/cms\\\/\",\"logo\":{\"@type\":\"ImageObject\",\"inLanguage\":\"de\",\"@id\":\"https:\\\/\\\/www.jazzzeitung.de\\\/cms\\\/#\\\/schema\\\/logo\\\/image\\\/\",\"url\":\"https:\\\/\\\/i0.wp.com\\\/www.jazzzeitung.de\\\/cms\\\/wp-content\\\/uploads\\\/2015\\\/08\\\/JAZZZEITUNGDE_Logo_Neu.png?fit=499%2C200&ssl=1\",\"contentUrl\":\"https:\\\/\\\/i0.wp.com\\\/www.jazzzeitung.de\\\/cms\\\/wp-content\\\/uploads\\\/2015\\\/08\\\/JAZZZEITUNGDE_Logo_Neu.png?fit=499%2C200&ssl=1\",\"width\":499,\"height\":200,\"caption\":\"JazzZeitung online\"},\"image\":{\"@id\":\"https:\\\/\\\/www.jazzzeitung.de\\\/cms\\\/#\\\/schema\\\/logo\\\/image\\\/\"},\"sameAs\":[\"https:\\\/\\\/www.facebook.com\\\/JazzZeitung\\\/\"]},{\"@type\":\"Person\",\"@id\":\"https:\\\/\\\/www.jazzzeitung.de\\\/cms\\\/#\\\/schema\\\/person\\\/b9a4e5ac765d94fb8f617bfa8f1fc5f7\",\"name\":\"Martin Hufner\",\"image\":{\"@type\":\"ImageObject\",\"inLanguage\":\"de\",\"@id\":\"https:\\\/\\\/i0.wp.com\\\/www.jazzzeitung.de\\\/cms\\\/wp-content\\\/uploads\\\/2013\\\/07\\\/huf-06.jpg?resize=96%2C96&ssl=15fcc31aa94540751a3b804516452be00\",\"url\":\"https:\\\/\\\/i0.wp.com\\\/www.jazzzeitung.de\\\/cms\\\/wp-content\\\/uploads\\\/2013\\\/07\\\/huf-06.jpg?resize=96%2C96&ssl=1\",\"contentUrl\":\"https:\\\/\\\/i0.wp.com\\\/www.jazzzeitung.de\\\/cms\\\/wp-content\\\/uploads\\\/2013\\\/07\\\/huf-06.jpg?resize=96%2C96&ssl=1\",\"caption\":\"Martin Hufner\"},\"description\":\"Martin Hufner ist freier Autor der JazzZeitung.\",\"sameAs\":[\"https:\\\/\\\/www.kritische-masse.de\\\/logbuch\",\"https:\\\/\\\/www.facebook.com\\\/hufner\"],\"url\":\"https:\\\/\\\/www.jazzzeitung.de\\\/cms\\\/author\\\/admin\\\/\"}]}<\/script>\n<!-- \/ Yoast SEO plugin. -->","yoast_head_json":{"title":"Die eingeschmolzene Jazz-Radiowoche vom 12.05.2025 bis 18.05.2025 - JazzZeitung","robots":{"index":"index","follow":"follow","max-snippet":"max-snippet:-1","max-image-preview":"max-image-preview:large","max-video-preview":"max-video-preview:-1"},"canonical":"https:\/\/www.jazzzeitung.de\/cms\/2025\/05\/die-eingeschmolzene-jazz-radiowoche-vom-12-05-2025-bis-18-05-2025\/","og_locale":"de_DE","og_type":"article","og_title":"Die eingeschmolzene Jazz-Radiowoche vom 12.05.2025 bis 18.05.2025 - JazzZeitung","og_description":"Jazz im Radio \u2013 Jeden Sonntag gibt es um 12 Uhr unsere \u00dcbersicht f\u00fcr die jeweils nachfolgende Woche. Die #Jazz-Radiowoche vom 12.05. bis 18.05.2025. Erheblich ausged\u00fcnnt. Auch als PDF zum Download \u2013 #Jazz #JazzZeitung #Radio #Radiowoche \u2013 Ein Service unserer Online-Redaktion.","og_url":"https:\/\/www.jazzzeitung.de\/cms\/2025\/05\/die-eingeschmolzene-jazz-radiowoche-vom-12-05-2025-bis-18-05-2025\/","og_site_name":"JazzZeitung","article_publisher":"https:\/\/www.facebook.com\/JazzZeitung\/","article_author":"https:\/\/www.facebook.com\/hufner","article_published_time":"2025-05-11T10:00:22+00:00","og_image":[{"width":1086,"height":724,"url":"https:\/\/i0.wp.com\/www.jazzzeitung.de\/cms\/wp-content\/uploads\/2025\/05\/ice_2.jpg?fit=1086%2C724&ssl=1","type":"image\/jpeg"}],"author":"Martin Hufner","schema":{"@context":"https:\/\/schema.org","@graph":[{"@type":"Article","@id":"https:\/\/www.jazzzeitung.de\/cms\/2025\/05\/die-eingeschmolzene-jazz-radiowoche-vom-12-05-2025-bis-18-05-2025\/#article","isPartOf":{"@id":"https:\/\/www.jazzzeitung.de\/cms\/2025\/05\/die-eingeschmolzene-jazz-radiowoche-vom-12-05-2025-bis-18-05-2025\/"},"author":{"name":"Martin Hufner","@id":"https:\/\/www.jazzzeitung.de\/cms\/#\/schema\/person\/b9a4e5ac765d94fb8f617bfa8f1fc5f7"},"headline":"Die eingeschmolzene Jazz-Radiowoche vom 12.05.2025 bis 18.05.2025","datePublished":"2025-05-11T10:00:22+00:00","mainEntityOfPage":{"@id":"https:\/\/www.jazzzeitung.de\/cms\/2025\/05\/die-eingeschmolzene-jazz-radiowoche-vom-12-05-2025-bis-18-05-2025\/"},"wordCount":3407,"commentCount":0,"publisher":{"@id":"https:\/\/www.jazzzeitung.de\/cms\/#organization"},"image":{"@id":"https:\/\/www.jazzzeitung.de\/cms\/2025\/05\/die-eingeschmolzene-jazz-radiowoche-vom-12-05-2025-bis-18-05-2025\/#primaryimage"},"thumbnailUrl":"https:\/\/i0.wp.com\/www.jazzzeitung.de\/cms\/wp-content\/uploads\/2025\/05\/ice_2.jpg?fit=1086%2C724&ssl=1","keywords":["Die Radiowoche","Jazz im Radio"],"articleSection":["News","Radio"],"inLanguage":"de","potentialAction":[{"@type":"CommentAction","name":"Comment","target":["https:\/\/www.jazzzeitung.de\/cms\/2025\/05\/die-eingeschmolzene-jazz-radiowoche-vom-12-05-2025-bis-18-05-2025\/#respond"]}]},{"@type":"WebPage","@id":"https:\/\/www.jazzzeitung.de\/cms\/2025\/05\/die-eingeschmolzene-jazz-radiowoche-vom-12-05-2025-bis-18-05-2025\/","url":"https:\/\/www.jazzzeitung.de\/cms\/2025\/05\/die-eingeschmolzene-jazz-radiowoche-vom-12-05-2025-bis-18-05-2025\/","name":"Die eingeschmolzene Jazz-Radiowoche vom 12.05.2025 bis 18.05.2025 - JazzZeitung","isPartOf":{"@id":"https:\/\/www.jazzzeitung.de\/cms\/#website"},"primaryImageOfPage":{"@id":"https:\/\/www.jazzzeitung.de\/cms\/2025\/05\/die-eingeschmolzene-jazz-radiowoche-vom-12-05-2025-bis-18-05-2025\/#primaryimage"},"image":{"@id":"https:\/\/www.jazzzeitung.de\/cms\/2025\/05\/die-eingeschmolzene-jazz-radiowoche-vom-12-05-2025-bis-18-05-2025\/#primaryimage"},"thumbnailUrl":"https:\/\/i0.wp.com\/www.jazzzeitung.de\/cms\/wp-content\/uploads\/2025\/05\/ice_2.jpg?fit=1086%2C724&ssl=1","datePublished":"2025-05-11T10:00:22+00:00","breadcrumb":{"@id":"https:\/\/www.jazzzeitung.de\/cms\/2025\/05\/die-eingeschmolzene-jazz-radiowoche-vom-12-05-2025-bis-18-05-2025\/#breadcrumb"},"inLanguage":"de","potentialAction":[{"@type":"ReadAction","target":["https:\/\/www.jazzzeitung.de\/cms\/2025\/05\/die-eingeschmolzene-jazz-radiowoche-vom-12-05-2025-bis-18-05-2025\/"]}]},{"@type":"ImageObject","inLanguage":"de","@id":"https:\/\/www.jazzzeitung.de\/cms\/2025\/05\/die-eingeschmolzene-jazz-radiowoche-vom-12-05-2025-bis-18-05-2025\/#primaryimage","url":"https:\/\/i0.wp.com\/www.jazzzeitung.de\/cms\/wp-content\/uploads\/2025\/05\/ice_2.jpg?fit=1086%2C724&ssl=1","contentUrl":"https:\/\/i0.wp.com\/www.jazzzeitung.de\/cms\/wp-content\/uploads\/2025\/05\/ice_2.jpg?fit=1086%2C724&ssl=1","width":1086,"height":724,"caption":"Unterwegs. Foto: Hufner"},{"@type":"BreadcrumbList","@id":"https:\/\/www.jazzzeitung.de\/cms\/2025\/05\/die-eingeschmolzene-jazz-radiowoche-vom-12-05-2025-bis-18-05-2025\/#breadcrumb","itemListElement":[{"@type":"ListItem","position":1,"name":"Startseite","item":"https:\/\/www.jazzzeitung.de\/cms\/"},{"@type":"ListItem","position":2,"name":"Die eingeschmolzene Jazz-Radiowoche vom 12.05.2025 bis 18.05.2025"}]},{"@type":"WebSite","@id":"https:\/\/www.jazzzeitung.de\/cms\/#website","url":"https:\/\/www.jazzzeitung.de\/cms\/","name":"JazzZeitung","description":"Jazz-News und Jazz-Kontroverses","publisher":{"@id":"https:\/\/www.jazzzeitung.de\/cms\/#organization"},"potentialAction":[{"@type":"SearchAction","target":{"@type":"EntryPoint","urlTemplate":"https:\/\/www.jazzzeitung.de\/cms\/?s={search_term_string}"},"query-input":{"@type":"PropertyValueSpecification","valueRequired":true,"valueName":"search_term_string"}}],"inLanguage":"de"},{"@type":"Organization","@id":"https:\/\/www.jazzzeitung.de\/cms\/#organization","name":"JazzZeitung online","url":"https:\/\/www.jazzzeitung.de\/cms\/","logo":{"@type":"ImageObject","inLanguage":"de","@id":"https:\/\/www.jazzzeitung.de\/cms\/#\/schema\/logo\/image\/","url":"https:\/\/i0.wp.com\/www.jazzzeitung.de\/cms\/wp-content\/uploads\/2015\/08\/JAZZZEITUNGDE_Logo_Neu.png?fit=499%2C200&ssl=1","contentUrl":"https:\/\/i0.wp.com\/www.jazzzeitung.de\/cms\/wp-content\/uploads\/2015\/08\/JAZZZEITUNGDE_Logo_Neu.png?fit=499%2C200&ssl=1","width":499,"height":200,"caption":"JazzZeitung online"},"image":{"@id":"https:\/\/www.jazzzeitung.de\/cms\/#\/schema\/logo\/image\/"},"sameAs":["https:\/\/www.facebook.com\/JazzZeitung\/"]},{"@type":"Person","@id":"https:\/\/www.jazzzeitung.de\/cms\/#\/schema\/person\/b9a4e5ac765d94fb8f617bfa8f1fc5f7","name":"Martin Hufner","image":{"@type":"ImageObject","inLanguage":"de","@id":"https:\/\/i0.wp.com\/www.jazzzeitung.de\/cms\/wp-content\/uploads\/2013\/07\/huf-06.jpg?resize=96%2C96&ssl=15fcc31aa94540751a3b804516452be00","url":"https:\/\/i0.wp.com\/www.jazzzeitung.de\/cms\/wp-content\/uploads\/2013\/07\/huf-06.jpg?resize=96%2C96&ssl=1","contentUrl":"https:\/\/i0.wp.com\/www.jazzzeitung.de\/cms\/wp-content\/uploads\/2013\/07\/huf-06.jpg?resize=96%2C96&ssl=1","caption":"Martin Hufner"},"description":"Martin Hufner ist freier Autor der JazzZeitung.","sameAs":["https:\/\/www.kritische-masse.de\/logbuch","https:\/\/www.facebook.com\/hufner"],"url":"https:\/\/www.jazzzeitung.de\/cms\/author\/admin\/"}]}},"wp-worthy-pixel":{"ignored":true,"public":null,"server":null,"url":null},"wp-worthy-type":"normal","jetpack_publicize_connections":[],"cc_featured_image_caption":{"caption_text":"Unterwegs","source_text":"Foto: Martin Hufner","source_url":"http:\/\/www.kritische-masse.de"},"jetpack_featured_media_url":"https:\/\/i0.wp.com\/www.jazzzeitung.de\/cms\/wp-content\/uploads\/2025\/05\/ice_2.jpg?fit=1086%2C724&ssl=1","jetpack_shortlink":"https:\/\/wp.me\/p3KEcT-8sk","jetpack-related-posts":[{"id":33138,"url":"https:\/\/www.jazzzeitung.de\/cms\/2025\/09\/die-atomgrosse-jazz-radiowoche-vom-29-09-2025-bis-05-10-2025\/","url_meta":{"origin":32508,"position":0},"title":"Die atomgro\u00dfe Jazz-Radiowoche vom 29.09.2025 bis 05.10.2025","author":"Martin Hufner","date":"28. September 2025","format":false,"excerpt":"Jazz im Radio \u2013 Jeden Sonntag gibt es um 12 Uhr unsere \u00dcbersicht f\u00fcr die jeweils nachfolgende Woche. Die #Jazz-Radiowoche vom 29.09. bis zum 05.10.2025. Erheblich d\u00fcnn! Auch als PDF zum Download \u2013 #Jazz #JazzZeitung #Radio #Radiowoche \u2013 Ein Service unserer Online-Redaktion.","rel":"","context":"In &quot;News&quot;","block_context":{"text":"News","link":"https:\/\/www.jazzzeitung.de\/cms\/thema\/nachrichten\/"},"img":{"alt_text":"Botanische Supernova mit schwarzem Loch in der Na\u0308he von Terra Nova. Foto: Hufner","src":"https:\/\/i0.wp.com\/www.jazzzeitung.de\/cms\/wp-content\/uploads\/2025\/09\/Botanische-Supernova-mit-schwarzem-Loch-in-der-Naehe-von-Terra-Nova.jpg?fit=1200%2C900&ssl=1&resize=350%2C200","width":350,"height":200,"srcset":"https:\/\/i0.wp.com\/www.jazzzeitung.de\/cms\/wp-content\/uploads\/2025\/09\/Botanische-Supernova-mit-schwarzem-Loch-in-der-Naehe-von-Terra-Nova.jpg?fit=1200%2C900&ssl=1&resize=350%2C200 1x, https:\/\/i0.wp.com\/www.jazzzeitung.de\/cms\/wp-content\/uploads\/2025\/09\/Botanische-Supernova-mit-schwarzem-Loch-in-der-Naehe-von-Terra-Nova.jpg?fit=1200%2C900&ssl=1&resize=525%2C300 1.5x, https:\/\/i0.wp.com\/www.jazzzeitung.de\/cms\/wp-content\/uploads\/2025\/09\/Botanische-Supernova-mit-schwarzem-Loch-in-der-Naehe-von-Terra-Nova.jpg?fit=1200%2C900&ssl=1&resize=700%2C400 2x, https:\/\/i0.wp.com\/www.jazzzeitung.de\/cms\/wp-content\/uploads\/2025\/09\/Botanische-Supernova-mit-schwarzem-Loch-in-der-Naehe-von-Terra-Nova.jpg?fit=1200%2C900&ssl=1&resize=1050%2C600 3x"},"classes":[]},{"id":31928,"url":"https:\/\/www.jazzzeitung.de\/cms\/2024\/11\/die-geschmolzene-jazz-radiowoche-vom-25-11-2024-bis-01-12-2024\/","url_meta":{"origin":32508,"position":1},"title":"Die geschmolzene Jazz-Radiowoche vom 25.11.2024 bis 01.12.2024","author":"Martin Hufner","date":"24. November 2024","format":false,"excerpt":"Jazz im Radio \u2013 Jeden Sonntag gibt es um 12 Uhr unsere \u00dcbersicht f\u00fcr die jeweils nachfolgende Woche. Die #Jazz-Radiowoche vom 25. November bis zum 1. Dezember 2024. Erheblich ausged\u00fcnnt. Die ARD schafft ihr Radio gewisserma\u00dfen ab. Auch als PDF zum Download \u2013 #Jazz #JazzZeitung #Radio #Radiowoche \u2013 Ein Service\u2026","rel":"","context":"In &quot;News&quot;","block_context":{"text":"News","link":"https:\/\/www.jazzzeitung.de\/cms\/thema\/nachrichten\/"},"img":{"alt_text":"zugfahrt 2023 1. MH","src":"https:\/\/i0.wp.com\/www.jazzzeitung.de\/cms\/wp-content\/uploads\/2024\/11\/zugfahrt2023-1.-MH.jpg?fit=1200%2C900&ssl=1&resize=350%2C200","width":350,"height":200,"srcset":"https:\/\/i0.wp.com\/www.jazzzeitung.de\/cms\/wp-content\/uploads\/2024\/11\/zugfahrt2023-1.-MH.jpg?fit=1200%2C900&ssl=1&resize=350%2C200 1x, https:\/\/i0.wp.com\/www.jazzzeitung.de\/cms\/wp-content\/uploads\/2024\/11\/zugfahrt2023-1.-MH.jpg?fit=1200%2C900&ssl=1&resize=525%2C300 1.5x, https:\/\/i0.wp.com\/www.jazzzeitung.de\/cms\/wp-content\/uploads\/2024\/11\/zugfahrt2023-1.-MH.jpg?fit=1200%2C900&ssl=1&resize=700%2C400 2x, https:\/\/i0.wp.com\/www.jazzzeitung.de\/cms\/wp-content\/uploads\/2024\/11\/zugfahrt2023-1.-MH.jpg?fit=1200%2C900&ssl=1&resize=1050%2C600 3x"},"classes":[]},{"id":33149,"url":"https:\/\/www.jazzzeitung.de\/cms\/2025\/10\/die-protonenfette-jazz-radiowoche-vom-06-10-2025-bis-12-10-2025-2\/","url_meta":{"origin":32508,"position":2},"title":"Die atomgro\u00dfe Jazz-Radiowoche vom 06.10.2025 bis 12.10.2025","author":"Martin Hufner","date":"5. Oktober 2025","format":false,"excerpt":"Jazz im Radio \u2013 Jeden Sonntag gibt es um 12 Uhr unsere \u00dcbersicht f\u00fcr die jeweils nachfolgende Woche. Die #Jazz-Radiowoche vom 06.10. bis zum 12.10.2025. Erheblich d\u00fcnn! Auch als PDF zum Download \u2013 #Jazz #JazzZeitung #Radio #Radiowoche \u2013 Ein Service unserer Online-Redaktion.","rel":"","context":"In &quot;News&quot;","block_context":{"text":"News","link":"https:\/\/www.jazzzeitung.de\/cms\/thema\/nachrichten\/"},"img":{"alt_text":"Im G\u00e4stezimmer des Lebens. Foto: Hufner","src":"https:\/\/i0.wp.com\/www.jazzzeitung.de\/cms\/wp-content\/uploads\/2025\/10\/gaestezimmer.jpg?fit=960%2C1200&ssl=1&resize=350%2C200","width":350,"height":200,"srcset":"https:\/\/i0.wp.com\/www.jazzzeitung.de\/cms\/wp-content\/uploads\/2025\/10\/gaestezimmer.jpg?fit=960%2C1200&ssl=1&resize=350%2C200 1x, https:\/\/i0.wp.com\/www.jazzzeitung.de\/cms\/wp-content\/uploads\/2025\/10\/gaestezimmer.jpg?fit=960%2C1200&ssl=1&resize=525%2C300 1.5x, https:\/\/i0.wp.com\/www.jazzzeitung.de\/cms\/wp-content\/uploads\/2025\/10\/gaestezimmer.jpg?fit=960%2C1200&ssl=1&resize=700%2C400 2x"},"classes":[]},{"id":32452,"url":"https:\/\/www.jazzzeitung.de\/cms\/2025\/04\/die-eingeschmolzene-jazz-radiowoche-vom-21-04-2025-bis-27-04-2025\/","url_meta":{"origin":32508,"position":3},"title":"Die eingeschmolzene Jazz-Radiowoche vom 21.04.2025 bis 27.04.2025","author":"Martin Hufner","date":"20. April 2025","format":false,"excerpt":"Jazz im Radio \u2013 Jeden Sonntag gibt es um 12 Uhr unsere \u00dcbersicht f\u00fcr die jeweils nachfolgende Woche. Die #Jazz-Radiowoche vom 21. bis 27. April 2025. Erheblich ausged\u00fcnnt. Auch als PDF zum Download \u2013 #Jazz #JazzZeitung #Radio #Radiowoche \u2013 Ein Service unserer Online-Redaktion.","rel":"","context":"In &quot;News&quot;","block_context":{"text":"News","link":"https:\/\/www.jazzzeitung.de\/cms\/thema\/nachrichten\/"},"img":{"alt_text":"Kn\u00f6pfe. Foto: Hufner","src":"https:\/\/i0.wp.com\/www.jazzzeitung.de\/cms\/wp-content\/uploads\/2025\/04\/knoepfe.jpg?fit=1200%2C900&ssl=1&resize=350%2C200","width":350,"height":200,"srcset":"https:\/\/i0.wp.com\/www.jazzzeitung.de\/cms\/wp-content\/uploads\/2025\/04\/knoepfe.jpg?fit=1200%2C900&ssl=1&resize=350%2C200 1x, https:\/\/i0.wp.com\/www.jazzzeitung.de\/cms\/wp-content\/uploads\/2025\/04\/knoepfe.jpg?fit=1200%2C900&ssl=1&resize=525%2C300 1.5x, https:\/\/i0.wp.com\/www.jazzzeitung.de\/cms\/wp-content\/uploads\/2025\/04\/knoepfe.jpg?fit=1200%2C900&ssl=1&resize=700%2C400 2x, https:\/\/i0.wp.com\/www.jazzzeitung.de\/cms\/wp-content\/uploads\/2025\/04\/knoepfe.jpg?fit=1200%2C900&ssl=1&resize=1050%2C600 3x"},"classes":[]},{"id":33293,"url":"https:\/\/www.jazzzeitung.de\/cms\/2025\/11\/die-quarksminimale-jazz-radiowoche-vom-03-11-2025-bis-09-11-2025\/","url_meta":{"origin":32508,"position":4},"title":"Die quarksminimale Jazz-Radiowoche vom 03.11.2025 bis 09.11.2025","author":"Martin Hufner","date":"2. November 2025","format":false,"excerpt":"Jazz im Radio \u2013 Jeden Sonntag gibt es um 12 Uhr unsere \u00dcbersicht f\u00fcr die jeweils nachfolgende Woche. Die #Jazz-Radiowoche vom 03.11. bis zum 09.11.2025. Erheblich d\u00fcnn! Auch als PDF zum Download \u2013 #Jazz #JazzZeitung #Radio #Radiowoche \u2013 Ein Service unserer Online-Redaktion.","rel":"","context":"In &quot;News&quot;","block_context":{"text":"News","link":"https:\/\/www.jazzzeitung.de\/cms\/thema\/nachrichten\/"},"img":{"alt_text":"Holzstapel. Foto: Hufner","src":"https:\/\/i0.wp.com\/www.jazzzeitung.de\/cms\/wp-content\/uploads\/2025\/10\/Wie-viel.jpg?fit=1200%2C900&ssl=1&resize=350%2C200","width":350,"height":200,"srcset":"https:\/\/i0.wp.com\/www.jazzzeitung.de\/cms\/wp-content\/uploads\/2025\/10\/Wie-viel.jpg?fit=1200%2C900&ssl=1&resize=350%2C200 1x, https:\/\/i0.wp.com\/www.jazzzeitung.de\/cms\/wp-content\/uploads\/2025\/10\/Wie-viel.jpg?fit=1200%2C900&ssl=1&resize=525%2C300 1.5x, https:\/\/i0.wp.com\/www.jazzzeitung.de\/cms\/wp-content\/uploads\/2025\/10\/Wie-viel.jpg?fit=1200%2C900&ssl=1&resize=700%2C400 2x, https:\/\/i0.wp.com\/www.jazzzeitung.de\/cms\/wp-content\/uploads\/2025\/10\/Wie-viel.jpg?fit=1200%2C900&ssl=1&resize=1050%2C600 3x"},"classes":[]},{"id":32215,"url":"https:\/\/www.jazzzeitung.de\/cms\/2025\/02\/die-eingeschmolzene-jazz-radiowoche-vom-17-02-2025-bis-23-02-2025\/","url_meta":{"origin":32508,"position":5},"title":"Die eingeschmolzene Jazz-Radiowoche vom 17.02.2025 bis 23.02.2025","author":"Martin Hufner","date":"16. Februar 2025","format":false,"excerpt":"Jazz im Radio \u2013 Jeden Sonntag gibt es um 12 Uhr unsere \u00dcbersicht f\u00fcr die jeweils nachfolgende Woche. Die #Jazz-Radiowoche vom 10. bis 16. Februar 2025. Erheblich ausged\u00fcnnt. Die ARD schafft ihr Radio gewisserma\u00dfen ab. Auch als PDF zum Download \u2013 #Jazz #JazzZeitung #Radio #Radiowoche \u2013 Ein Service unserer Online-Redaktion.","rel":"","context":"In &quot;News&quot;","block_context":{"text":"News","link":"https:\/\/www.jazzzeitung.de\/cms\/thema\/nachrichten\/"},"img":{"alt_text":"Kunst vorm Bau. Foto: Hufner","src":"https:\/\/i0.wp.com\/www.jazzzeitung.de\/cms\/wp-content\/uploads\/2025\/02\/kunstvormbau.jpg?fit=1080%2C939&ssl=1&resize=350%2C200","width":350,"height":200,"srcset":"https:\/\/i0.wp.com\/www.jazzzeitung.de\/cms\/wp-content\/uploads\/2025\/02\/kunstvormbau.jpg?fit=1080%2C939&ssl=1&resize=350%2C200 1x, https:\/\/i0.wp.com\/www.jazzzeitung.de\/cms\/wp-content\/uploads\/2025\/02\/kunstvormbau.jpg?fit=1080%2C939&ssl=1&resize=525%2C300 1.5x, https:\/\/i0.wp.com\/www.jazzzeitung.de\/cms\/wp-content\/uploads\/2025\/02\/kunstvormbau.jpg?fit=1080%2C939&ssl=1&resize=700%2C400 2x, https:\/\/i0.wp.com\/www.jazzzeitung.de\/cms\/wp-content\/uploads\/2025\/02\/kunstvormbau.jpg?fit=1080%2C939&ssl=1&resize=1050%2C600 3x"},"classes":[]}],"jetpack_sharing_enabled":false,"_links":{"self":[{"href":"https:\/\/www.jazzzeitung.de\/cms\/wp-json\/wp\/v2\/posts\/32508","targetHints":{"allow":["GET"]}}],"collection":[{"href":"https:\/\/www.jazzzeitung.de\/cms\/wp-json\/wp\/v2\/posts"}],"about":[{"href":"https:\/\/www.jazzzeitung.de\/cms\/wp-json\/wp\/v2\/types\/post"}],"author":[{"embeddable":true,"href":"https:\/\/www.jazzzeitung.de\/cms\/wp-json\/wp\/v2\/users\/1"}],"replies":[{"embeddable":true,"href":"https:\/\/www.jazzzeitung.de\/cms\/wp-json\/wp\/v2\/comments?post=32508"}],"version-history":[{"count":1,"href":"https:\/\/www.jazzzeitung.de\/cms\/wp-json\/wp\/v2\/posts\/32508\/revisions"}],"predecessor-version":[{"id":32510,"href":"https:\/\/www.jazzzeitung.de\/cms\/wp-json\/wp\/v2\/posts\/32508\/revisions\/32510"}],"wp:featuredmedia":[{"embeddable":true,"href":"https:\/\/www.jazzzeitung.de\/cms\/wp-json\/wp\/v2\/media\/32509"}],"wp:attachment":[{"href":"https:\/\/www.jazzzeitung.de\/cms\/wp-json\/wp\/v2\/media?parent=32508"}],"wp:term":[{"taxonomy":"category","embeddable":true,"href":"https:\/\/www.jazzzeitung.de\/cms\/wp-json\/wp\/v2\/categories?post=32508"},{"taxonomy":"post_tag","embeddable":true,"href":"https:\/\/www.jazzzeitung.de\/cms\/wp-json\/wp\/v2\/tags?post=32508"},{"taxonomy":"author","embeddable":true,"href":"https:\/\/www.jazzzeitung.de\/cms\/wp-json\/wp\/v2\/coauthors?post=32508"}],"curies":[{"name":"wp","href":"https:\/\/api.w.org\/{rel}","templated":true}]}}