{"id":32482,"date":"2025-05-01T12:31:05","date_gmt":"2025-05-01T10:31:05","guid":{"rendered":"https:\/\/www.jazzzeitung.de\/cms\/?p=32482"},"modified":"2025-08-27T11:16:46","modified_gmt":"2025-08-27T09:16:46","slug":"pfeifen-im-dunklen-wald-eine-subjektive-bilanz-der-jazzahead-2025","status":"publish","type":"post","link":"https:\/\/www.jazzzeitung.de\/cms\/2025\/05\/pfeifen-im-dunklen-wald-eine-subjektive-bilanz-der-jazzahead-2025\/","title":{"rendered":"Pfeifen im dunklen Wald \u2013 eine subjektive Bilanz der Jazzahead 2025"},"content":{"rendered":"<p><strong>Gute Miene zum b\u00f6sen Spiel &#8211; so k\u00f6nnte man die Stimmung bei der Jazzahead 2025 in Bremen zusammenfassen. Mit dem Krisenmodus wohl vertraut, lassen die meisten Besucher dieses gro\u00dfen Familientreffens der Jazz-Gemeinde &#8211; und der immer noch gr\u00f6\u00dften Fachmesse des Genres in Europa &#8211; sich von ziemlich sicher kommenden neuen Grausamkeiten erstaunlich wen<\/strong><strong>ig beeindrucken.<\/strong><\/p>\n<p>Wer im Jazz zuhause ist und regelm\u00e4\u00dfig die Jazzahead besucht, der braucht f\u00fcr die 150 Meter vom Messe-Eingang bis in die Halle gerne mal eineinhalb Stunden. Denn man kommt keine zwei Meter weit, ohne wieder jemanden begr\u00fc\u00dfen zu m\u00fcssen. Freilich sind es nicht ganz dieselben Player wie in Vor-Corona-Zeiten, als die Messe noch ein ordentliches St\u00fcck gr\u00f6\u00dfer war. Die Booker und Agenten schwirren noch herum, und eher noch mehr Musiker, nicht nur die, die bei einem der 32 Showcases oder den 60 Konzerten der Clubnacht spielen.<\/p>\n<div class=\"tiled-gallery type-rectangular tiled-gallery-unresized\" data-original-width=\"840\" data-carousel-extra='{&quot;blog_id&quot;:1,&quot;permalink&quot;:&quot;https:\\\/\\\/www.jazzzeitung.de\\\/cms\\\/2025\\\/05\\\/pfeifen-im-dunklen-wald-eine-subjektive-bilanz-der-jazzahead-2025\\\/&quot;,&quot;likes_blog_id&quot;:55446655}' itemscope itemtype=\"http:\/\/schema.org\/ImageGallery\" > <div class=\"gallery-row\" style=\"width: 840px; height: 376px;\" data-original-width=\"840\" data-original-height=\"376\" > <div class=\"gallery-group images-1\" style=\"width: 559px; height: 376px;\" data-original-width=\"559\" data-original-height=\"376\" > <div class=\"tiled-gallery-item tiled-gallery-item-large\" itemprop=\"associatedMedia\" itemscope itemtype=\"http:\/\/schema.org\/ImageObject\"> <a href=\"https:\/\/www.jazzzeitung.de\/cms\/2025\/05\/pfeifen-im-dunklen-wald-eine-subjektive-bilanz-der-jazzahead-2025\/henryspencer2_oliverhochkeppel240425\/\" border=\"0\" itemprop=\"url\"> <meta itemprop=\"width\" content=\"555\"> <meta itemprop=\"height\" content=\"372\"> <img decoding=\"async\" class=\"\" data-attachment-id=\"32485\" data-orig-file=\"https:\/\/www.jazzzeitung.de\/cms\/wp-content\/uploads\/2025\/04\/HenrySpencer2_OliverHochkeppel240425-scaled.jpg\" data-orig-size=\"2560,1716\" data-comments-opened=\"1\" data-image-meta=\"{&quot;aperture&quot;:&quot;0&quot;,&quot;credit&quot;:&quot;&quot;,&quot;camera&quot;:&quot;ILCE-7M3&quot;,&quot;caption&quot;:&quot;&quot;,&quot;created_timestamp&quot;:&quot;1745687285&quot;,&quot;copyright&quot;:&quot;&quot;,&quot;focal_length&quot;:&quot;0&quot;,&quot;iso&quot;:&quot;4000&quot;,&quot;shutter_speed&quot;:&quot;0&quot;,&quot;title&quot;:&quot;&quot;,&quot;orientation&quot;:&quot;0&quot;}\" data-image-title=\"\" data-image-description=\"\" data-medium-file=\"https:\/\/i0.wp.com\/www.jazzzeitung.de\/cms\/wp-content\/uploads\/2025\/04\/HenrySpencer2_OliverHochkeppel240425-scaled.jpg?fit=300%2C201&#038;ssl=1\" data-large-file=\"https:\/\/i0.wp.com\/www.jazzzeitung.de\/cms\/wp-content\/uploads\/2025\/04\/HenrySpencer2_OliverHochkeppel240425-scaled.jpg?fit=840%2C563&#038;ssl=1\" src=\"https:\/\/i0.wp.com\/www.jazzzeitung.de\/cms\/wp-content\/uploads\/2025\/04\/HenrySpencer2_OliverHochkeppel240425-scaled.jpg?w=555&#038;h=372&#038;ssl=1\" srcset=\"https:\/\/i0.wp.com\/www.jazzzeitung.de\/cms\/wp-content\/uploads\/2025\/04\/HenrySpencer2_OliverHochkeppel240425-scaled.jpg?w=2560&amp;ssl=1 2560w, https:\/\/i0.wp.com\/www.jazzzeitung.de\/cms\/wp-content\/uploads\/2025\/04\/HenrySpencer2_OliverHochkeppel240425-scaled.jpg?resize=300%2C201&amp;ssl=1 300w, https:\/\/i0.wp.com\/www.jazzzeitung.de\/cms\/wp-content\/uploads\/2025\/04\/HenrySpencer2_OliverHochkeppel240425-scaled.jpg?resize=895%2C600&amp;ssl=1 895w, https:\/\/i0.wp.com\/www.jazzzeitung.de\/cms\/wp-content\/uploads\/2025\/04\/HenrySpencer2_OliverHochkeppel240425-scaled.jpg?resize=768%2C515&amp;ssl=1 768w, https:\/\/i0.wp.com\/www.jazzzeitung.de\/cms\/wp-content\/uploads\/2025\/04\/HenrySpencer2_OliverHochkeppel240425-scaled.jpg?resize=1536%2C1029&amp;ssl=1 1536w, https:\/\/i0.wp.com\/www.jazzzeitung.de\/cms\/wp-content\/uploads\/2025\/04\/HenrySpencer2_OliverHochkeppel240425-scaled.jpg?resize=2048%2C1372&amp;ssl=1 2048w, https:\/\/i0.wp.com\/www.jazzzeitung.de\/cms\/wp-content\/uploads\/2025\/04\/HenrySpencer2_OliverHochkeppel240425-scaled.jpg?resize=120%2C80&amp;ssl=1 120w, https:\/\/i0.wp.com\/www.jazzzeitung.de\/cms\/wp-content\/uploads\/2025\/04\/HenrySpencer2_OliverHochkeppel240425-scaled.jpg?resize=1320%2C885&amp;ssl=1 1320w, https:\/\/i0.wp.com\/www.jazzzeitung.de\/cms\/wp-content\/uploads\/2025\/04\/HenrySpencer2_OliverHochkeppel240425-scaled.jpg?w=1680&amp;ssl=1 1680w\" width=\"555\" height=\"372\" loading=\"lazy\" data-original-width=\"555\" data-original-height=\"372\" itemprop=\"http:\/\/schema.org\/image\" title=\"\" alt=\"Henry Spencer. Foto: Oliver Hochkeppel\" style=\"width: 555px; height: 372px;\" \/> <\/a> <div class=\"tiled-gallery-caption\" itemprop=\"caption description\"> Henry Spencer. Foto: Oliver Hochkeppel <\/div> <\/div> <\/div> <!-- close group --> <div class=\"gallery-group images-2\" style=\"width: 281px; height: 376px;\" data-original-width=\"281\" data-original-height=\"376\" > <div class=\"tiled-gallery-item tiled-gallery-item-large\" itemprop=\"associatedMedia\" itemscope itemtype=\"http:\/\/schema.org\/ImageObject\"> <a href=\"https:\/\/www.jazzzeitung.de\/cms\/2025\/05\/pfeifen-im-dunklen-wald-eine-subjektive-bilanz-der-jazzahead-2025\/jephtasextet_zibusisomakhathini1_oliverhochkeppel240425\/\" border=\"0\" itemprop=\"url\"> <meta itemprop=\"width\" content=\"277\"> <meta itemprop=\"height\" content=\"184\"> <img decoding=\"async\" class=\"\" data-attachment-id=\"32486\" data-orig-file=\"https:\/\/www.jazzzeitung.de\/cms\/wp-content\/uploads\/2025\/04\/JephtaSextet_ZibusisoMakhathini1_OliverHochkeppel240425-scaled.jpg\" data-orig-size=\"2560,1700\" data-comments-opened=\"1\" data-image-meta=\"{&quot;aperture&quot;:&quot;0&quot;,&quot;credit&quot;:&quot;&quot;,&quot;camera&quot;:&quot;ILCE-7M3&quot;,&quot;caption&quot;:&quot;&quot;,&quot;created_timestamp&quot;:&quot;1745531052&quot;,&quot;copyright&quot;:&quot;&quot;,&quot;focal_length&quot;:&quot;0&quot;,&quot;iso&quot;:&quot;8000&quot;,&quot;shutter_speed&quot;:&quot;0&quot;,&quot;title&quot;:&quot;&quot;,&quot;orientation&quot;:&quot;0&quot;}\" data-image-title=\"J\" data-image-description=\"\" data-medium-file=\"https:\/\/i0.wp.com\/www.jazzzeitung.de\/cms\/wp-content\/uploads\/2025\/04\/JephtaSextet_ZibusisoMakhathini1_OliverHochkeppel240425-scaled.jpg?fit=300%2C199&#038;ssl=1\" data-large-file=\"https:\/\/i0.wp.com\/www.jazzzeitung.de\/cms\/wp-content\/uploads\/2025\/04\/JephtaSextet_ZibusisoMakhathini1_OliverHochkeppel240425-scaled.jpg?fit=840%2C558&#038;ssl=1\" src=\"https:\/\/i0.wp.com\/www.jazzzeitung.de\/cms\/wp-content\/uploads\/2025\/04\/JephtaSextet_ZibusisoMakhathini1_OliverHochkeppel240425-scaled.jpg?w=277&#038;h=184&#038;ssl=1\" srcset=\"https:\/\/i0.wp.com\/www.jazzzeitung.de\/cms\/wp-content\/uploads\/2025\/04\/JephtaSextet_ZibusisoMakhathini1_OliverHochkeppel240425-scaled.jpg?w=2560&amp;ssl=1 2560w, https:\/\/i0.wp.com\/www.jazzzeitung.de\/cms\/wp-content\/uploads\/2025\/04\/JephtaSextet_ZibusisoMakhathini1_OliverHochkeppel240425-scaled.jpg?resize=300%2C199&amp;ssl=1 300w, https:\/\/i0.wp.com\/www.jazzzeitung.de\/cms\/wp-content\/uploads\/2025\/04\/JephtaSextet_ZibusisoMakhathini1_OliverHochkeppel240425-scaled.jpg?resize=900%2C598&amp;ssl=1 900w, https:\/\/i0.wp.com\/www.jazzzeitung.de\/cms\/wp-content\/uploads\/2025\/04\/JephtaSextet_ZibusisoMakhathini1_OliverHochkeppel240425-scaled.jpg?resize=768%2C510&amp;ssl=1 768w, https:\/\/i0.wp.com\/www.jazzzeitung.de\/cms\/wp-content\/uploads\/2025\/04\/JephtaSextet_ZibusisoMakhathini1_OliverHochkeppel240425-scaled.jpg?resize=1536%2C1020&amp;ssl=1 1536w, https:\/\/i0.wp.com\/www.jazzzeitung.de\/cms\/wp-content\/uploads\/2025\/04\/JephtaSextet_ZibusisoMakhathini1_OliverHochkeppel240425-scaled.jpg?resize=2048%2C1360&amp;ssl=1 2048w, https:\/\/i0.wp.com\/www.jazzzeitung.de\/cms\/wp-content\/uploads\/2025\/04\/JephtaSextet_ZibusisoMakhathini1_OliverHochkeppel240425-scaled.jpg?resize=120%2C80&amp;ssl=1 120w, https:\/\/i0.wp.com\/www.jazzzeitung.de\/cms\/wp-content\/uploads\/2025\/04\/JephtaSextet_ZibusisoMakhathini1_OliverHochkeppel240425-scaled.jpg?resize=1320%2C876&amp;ssl=1 1320w, https:\/\/i0.wp.com\/www.jazzzeitung.de\/cms\/wp-content\/uploads\/2025\/04\/JephtaSextet_ZibusisoMakhathini1_OliverHochkeppel240425-scaled.jpg?w=1680&amp;ssl=1 1680w\" width=\"277\" height=\"184\" loading=\"lazy\" data-original-width=\"277\" data-original-height=\"184\" itemprop=\"http:\/\/schema.org\/image\" title=\"J\" alt=\"Jephta Sextet: Zibusiso Makhathini. Foto: Oliver Hochkeppel\" style=\"width: 277px; height: 184px;\" \/> <\/a> <div class=\"tiled-gallery-caption\" itemprop=\"caption description\"> Jephta Sextet: Zibusiso Makhathini. Foto: Oliver Hochkeppel <\/div> <\/div> <div class=\"tiled-gallery-item tiled-gallery-item-large\" itemprop=\"associatedMedia\" itemscope itemtype=\"http:\/\/schema.org\/ImageObject\"> <a href=\"https:\/\/www.jazzzeitung.de\/cms\/2025\/05\/pfeifen-im-dunklen-wald-eine-subjektive-bilanz-der-jazzahead-2025\/mararcomezquida1_oliverhochkeppel240425\/\" border=\"0\" itemprop=\"url\"> <meta itemprop=\"width\" content=\"277\"> <meta itemprop=\"height\" content=\"184\"> <img decoding=\"async\" class=\"\" data-attachment-id=\"32487\" data-orig-file=\"https:\/\/www.jazzzeitung.de\/cms\/wp-content\/uploads\/2025\/04\/MararcoMezquida1_OliverHochkeppel240425-scaled.jpg\" data-orig-size=\"2560,1697\" data-comments-opened=\"1\" data-image-meta=\"{&quot;aperture&quot;:&quot;0&quot;,&quot;credit&quot;:&quot;&quot;,&quot;camera&quot;:&quot;ILCE-7M3&quot;,&quot;caption&quot;:&quot;&quot;,&quot;created_timestamp&quot;:&quot;1745689433&quot;,&quot;copyright&quot;:&quot;&quot;,&quot;focal_length&quot;:&quot;0&quot;,&quot;iso&quot;:&quot;4000&quot;,&quot;shutter_speed&quot;:&quot;0&quot;,&quot;title&quot;:&quot;&quot;,&quot;orientation&quot;:&quot;0&quot;}\" data-image-title=\"\" data-image-description=\"\" data-medium-file=\"https:\/\/i0.wp.com\/www.jazzzeitung.de\/cms\/wp-content\/uploads\/2025\/04\/MararcoMezquida1_OliverHochkeppel240425-scaled.jpg?fit=300%2C199&#038;ssl=1\" data-large-file=\"https:\/\/i0.wp.com\/www.jazzzeitung.de\/cms\/wp-content\/uploads\/2025\/04\/MararcoMezquida1_OliverHochkeppel240425-scaled.jpg?fit=840%2C556&#038;ssl=1\" src=\"https:\/\/i0.wp.com\/www.jazzzeitung.de\/cms\/wp-content\/uploads\/2025\/04\/MararcoMezquida1_OliverHochkeppel240425-scaled.jpg?w=277&#038;h=184&#038;ssl=1\" srcset=\"https:\/\/i0.wp.com\/www.jazzzeitung.de\/cms\/wp-content\/uploads\/2025\/04\/MararcoMezquida1_OliverHochkeppel240425-scaled.jpg?w=2560&amp;ssl=1 2560w, https:\/\/i0.wp.com\/www.jazzzeitung.de\/cms\/wp-content\/uploads\/2025\/04\/MararcoMezquida1_OliverHochkeppel240425-scaled.jpg?resize=300%2C199&amp;ssl=1 300w, https:\/\/i0.wp.com\/www.jazzzeitung.de\/cms\/wp-content\/uploads\/2025\/04\/MararcoMezquida1_OliverHochkeppel240425-scaled.jpg?resize=900%2C596&amp;ssl=1 900w, https:\/\/i0.wp.com\/www.jazzzeitung.de\/cms\/wp-content\/uploads\/2025\/04\/MararcoMezquida1_OliverHochkeppel240425-scaled.jpg?resize=768%2C509&amp;ssl=1 768w, https:\/\/i0.wp.com\/www.jazzzeitung.de\/cms\/wp-content\/uploads\/2025\/04\/MararcoMezquida1_OliverHochkeppel240425-scaled.jpg?resize=1536%2C1018&amp;ssl=1 1536w, https:\/\/i0.wp.com\/www.jazzzeitung.de\/cms\/wp-content\/uploads\/2025\/04\/MararcoMezquida1_OliverHochkeppel240425-scaled.jpg?resize=2048%2C1357&amp;ssl=1 2048w, https:\/\/i0.wp.com\/www.jazzzeitung.de\/cms\/wp-content\/uploads\/2025\/04\/MararcoMezquida1_OliverHochkeppel240425-scaled.jpg?resize=120%2C80&amp;ssl=1 120w, https:\/\/i0.wp.com\/www.jazzzeitung.de\/cms\/wp-content\/uploads\/2025\/04\/MararcoMezquida1_OliverHochkeppel240425-scaled.jpg?resize=1320%2C875&amp;ssl=1 1320w, https:\/\/i0.wp.com\/www.jazzzeitung.de\/cms\/wp-content\/uploads\/2025\/04\/MararcoMezquida1_OliverHochkeppel240425-scaled.jpg?w=1680&amp;ssl=1 1680w\" width=\"277\" height=\"184\" loading=\"lazy\" data-original-width=\"277\" data-original-height=\"184\" itemprop=\"http:\/\/schema.org\/image\" title=\"\" alt=\"Marco Mezquida. Foto: Oliver Hochkeppel\" style=\"width: 277px; height: 184px;\" \/> <\/a> <div class=\"tiled-gallery-caption\" itemprop=\"caption description\"> Marco Mezquida. Foto: Oliver Hochkeppel <\/div> <\/div> <\/div> <!-- close group --> <\/div> <!-- close row --> <div class=\"gallery-row\" style=\"width: 840px; height: 560px;\" data-original-width=\"840\" data-original-height=\"560\" > <div class=\"gallery-group images-1\" style=\"width: 840px; height: 560px;\" data-original-width=\"840\" data-original-height=\"560\" > <div class=\"tiled-gallery-item tiled-gallery-item-large\" itemprop=\"associatedMedia\" itemscope itemtype=\"http:\/\/schema.org\/ImageObject\"> <a href=\"https:\/\/www.jazzzeitung.de\/cms\/2025\/05\/pfeifen-im-dunklen-wald-eine-subjektive-bilanz-der-jazzahead-2025\/robinsonkhoury1_oliverhochkeppel240425-2\/\" border=\"0\" itemprop=\"url\"> <meta itemprop=\"width\" content=\"836\"> <meta itemprop=\"height\" content=\"556\"> <img decoding=\"async\" class=\"\" data-attachment-id=\"32490\" data-orig-file=\"https:\/\/www.jazzzeitung.de\/cms\/wp-content\/uploads\/2025\/04\/RobinsonKhoury1_OliverHochkeppel240425-1-scaled.jpg\" data-orig-size=\"2560,1702\" data-comments-opened=\"1\" data-image-meta=\"{&quot;aperture&quot;:&quot;0&quot;,&quot;credit&quot;:&quot;&quot;,&quot;camera&quot;:&quot;ILCE-7M3&quot;,&quot;caption&quot;:&quot;&quot;,&quot;created_timestamp&quot;:&quot;1745712847&quot;,&quot;copyright&quot;:&quot;&quot;,&quot;focal_length&quot;:&quot;0&quot;,&quot;iso&quot;:&quot;4000&quot;,&quot;shutter_speed&quot;:&quot;0&quot;,&quot;title&quot;:&quot;&quot;,&quot;orientation&quot;:&quot;1&quot;}\" data-image-title=\"\" data-image-description=\"\" data-medium-file=\"https:\/\/i0.wp.com\/www.jazzzeitung.de\/cms\/wp-content\/uploads\/2025\/04\/RobinsonKhoury1_OliverHochkeppel240425-1-scaled.jpg?fit=300%2C199&#038;ssl=1\" data-large-file=\"https:\/\/i0.wp.com\/www.jazzzeitung.de\/cms\/wp-content\/uploads\/2025\/04\/RobinsonKhoury1_OliverHochkeppel240425-1-scaled.jpg?fit=840%2C558&#038;ssl=1\" src=\"https:\/\/i0.wp.com\/www.jazzzeitung.de\/cms\/wp-content\/uploads\/2025\/04\/RobinsonKhoury1_OliverHochkeppel240425-1-scaled.jpg?w=836&#038;h=556&#038;ssl=1\" srcset=\"https:\/\/i0.wp.com\/www.jazzzeitung.de\/cms\/wp-content\/uploads\/2025\/04\/RobinsonKhoury1_OliverHochkeppel240425-1-scaled.jpg?w=2560&amp;ssl=1 2560w, https:\/\/i0.wp.com\/www.jazzzeitung.de\/cms\/wp-content\/uploads\/2025\/04\/RobinsonKhoury1_OliverHochkeppel240425-1-scaled.jpg?resize=300%2C199&amp;ssl=1 300w, https:\/\/i0.wp.com\/www.jazzzeitung.de\/cms\/wp-content\/uploads\/2025\/04\/RobinsonKhoury1_OliverHochkeppel240425-1-scaled.jpg?resize=900%2C598&amp;ssl=1 900w, https:\/\/i0.wp.com\/www.jazzzeitung.de\/cms\/wp-content\/uploads\/2025\/04\/RobinsonKhoury1_OliverHochkeppel240425-1-scaled.jpg?resize=768%2C511&amp;ssl=1 768w, https:\/\/i0.wp.com\/www.jazzzeitung.de\/cms\/wp-content\/uploads\/2025\/04\/RobinsonKhoury1_OliverHochkeppel240425-1-scaled.jpg?resize=1536%2C1021&amp;ssl=1 1536w, https:\/\/i0.wp.com\/www.jazzzeitung.de\/cms\/wp-content\/uploads\/2025\/04\/RobinsonKhoury1_OliverHochkeppel240425-1-scaled.jpg?resize=2048%2C1361&amp;ssl=1 2048w, https:\/\/i0.wp.com\/www.jazzzeitung.de\/cms\/wp-content\/uploads\/2025\/04\/RobinsonKhoury1_OliverHochkeppel240425-1-scaled.jpg?resize=120%2C80&amp;ssl=1 120w, https:\/\/i0.wp.com\/www.jazzzeitung.de\/cms\/wp-content\/uploads\/2025\/04\/RobinsonKhoury1_OliverHochkeppel240425-1-scaled.jpg?resize=1320%2C877&amp;ssl=1 1320w, https:\/\/i0.wp.com\/www.jazzzeitung.de\/cms\/wp-content\/uploads\/2025\/04\/RobinsonKhoury1_OliverHochkeppel240425-1-scaled.jpg?w=1680&amp;ssl=1 1680w\" width=\"836\" height=\"556\" loading=\"lazy\" data-original-width=\"836\" data-original-height=\"556\" itemprop=\"http:\/\/schema.org\/image\" title=\"\" alt=\"Posaunist Robinson Khoury mit der fantastischen Perkussionistin Anissa Nehari. Foto: Oliver Hochkeppel\" style=\"width: 836px; height: 556px;\" \/> <\/a> <div class=\"tiled-gallery-caption\" itemprop=\"caption description\"> Posaunist Robinson Khoury mit der fantastischen Perkussionistin Anissa Nehari. Foto: Oliver Hochkeppel <\/div> <\/div> <\/div> <!-- close group --> <\/div> <!-- close row --> <\/div>\n<p>Daf\u00fcr gibt es so gut wie keine St\u00e4nde von Labels mehr, und auch die Veranstalter haben sich eher rar gemacht. Einer der da war, Michael St\u00fcckl vom M\u00fcnchner Jazzclub Unterfahrt, sch\u00e4tzt, dass vom Veranstalter-Verband \u201eEuropean Jazz Network\u201c nur ungef\u00e4hr zehn Prozent vertreten waren. Gebuchte St\u00e4nde finden sich fast nur noch von Institutionen und L\u00e4ndern. Was zur Folge hat, dass einem auf der Jazzahead ganz \u00fcberwiegend Leute begegnen, die etwas verkaufen wollen. Aber nur noch sehr wenige K\u00e4ufer. Umso erstaunlicher, wie aufger\u00e4umt die Stimmung trotzdem war. H\u00f6chstens \u201edurchwachsen\u201c, wie mancher noch zugestand.<\/p>\n<p>Dabei h\u00e4tte es Gr\u00fcnde genug gegeben, laut wehzuklagen oder Alarm zu rufen. Aber vom Kahlschlag der Jazz-Sendungen im \u00f6ffentlich-rechtlichen Rundfunk \u00fcber die schon anlaufenden K\u00fcrzungen \u00f6ffentlicher F\u00f6rderungen bis zur GEMA-Reform wurde gewisserma\u00dfen nur hinter vorgehaltener Hand geredet. Dabei sind dies alles Dinge, die das ohnehin schon minimierte Einkommen der Jazz-Musiker und am Ende auch die Ums\u00e4tze der an ihnen h\u00e4ngenden, sehr klein gewordenen Industrie ernsthaft bedrohen.<\/p>\n<p>Symptomatisch mochte einem erscheinen, dass von den in neun Kategorien von \u201eAwareness\u201c und \u201eSustainability\u201c \u00fcber \u201eFunding\u201c und \u201eExport\u201c bis zu \u201eNetworking\u201c aufgeteilten 45 Panels und Podiumsveranstaltungen ganze zwei zum Thema \u201eJazz In The Media\u201c stattfanden: \u201eFinally All That Jazz\u201c und \u201eThe State Of Jazz On The Radio\u201c hie\u00dfen die \u2013 offensichtlich hat man sich damit abgefunden, keine Rolle mehr zu spielen.<\/p>\n<p>So wurde einem als Journalist \u2013 und damit halbwegs neutralem Beobachter \u2013 die Diskrepanz umso deutlicher. N\u00e4mlich die zwischen der Entwicklung von Vermittlung, Vermarktung und Versorgung des Jazz und der Entwicklung der Musik selbst. Denn bei den halbst\u00fcndigen Showcases (wie auch den Konzerten der Clubnacht), ob nun mit K\u00fcnstlern aus den \u201eRe-Connect\u201c-Gastl\u00e4ndern Spanien, Frankreich und Schweiz, den unter dem Logo \u201eGerman Jazz Expo\u201c versammelten einheimischen oder Bands aus aller Welt: Hier war wieder die ganze Pracht dieser sich mit immer mehr herausragenden Musikern geradezu exponentiell entwickelnden Musik zu erleben. Obwohl einem manche Jurorin und mancher Juror unter der Hand gestand, dass seine Favoriten gar nicht erw\u00e4hlt und damit vertreten waren.<\/p>\n<p>Man konnte wie immer nur einen Bruchteil der gebotenen Musik h\u00f6ren, aber auch so waren die Eindr\u00fccke stark. Was man zum Beispiel von einem Marco Mezquida auch erwarten konnte, der wie immer keine Angst vor Pathos und Emphase hatte, aber dies mit seiner Technik, seinem Tempo und seiner Lebensfreude ins Ziel brachte. Oder auch von Eva Klesse, die mit ihrem \u201eStimmen\u201c-Projekt begeisterte, in dem nicht zuletzt Michael Schiefel wieder einmal einen ganz gro\u00dfen Auftritt hatte. Auch der ja stets von Fado-Melancholie angehauchte Carlos Bica, das israelische Powertrio Shalosh oder das Nils Kugelmann Trio waren sichere Sachen.<\/p>\n<p>Und wie immer gab es reichlich Raum f\u00fcr Entdeckungen. Die Kenianerin Kasiva Mutua etwa, kein Jazz-Act und musikalisch nicht revolution\u00e4r, erwies sich im vierten eigenen Konzert ihres Lebens als geborene Entertainerin, die den Saal im Sturm eroberte. Der 27-j\u00e4hrige Senegalese Momi Maiga wiederum spielte die Cora so modern und jazzig, wie man sie selten geh\u00f6rt hat. Und wer den Posaunisten, Elektroniker und kommenden Star Robinson Khoury mit seinem unwiderstehlich druckvollen, so noch nicht geh\u00f6rten Mix der Stile und Kulturen noch nicht auf dem Zettel hatte, der wusste es nach dessen Abschlussauftritt besser.<\/p>\n<p>So kann man als Fazit festhalten, dass man sich um die Musik selbst nach wie vor keine Sorgen machen muss. Qualit\u00e4t, Vielfalt und Innovation ist im Jazz und den angrenzenden Bereichen in H\u00fclle und F\u00fclle vorhanden. Aber die Vermittlung und nicht zuletzt der Verkauf dieser Musik wird immer schwieriger. Was auf dieser Jazzahead eher mit einem Pfeifen im dunklen Walde zur Kenntnis genommen wurde.<\/p>\n<p>Beitragsfoto: Kasiva Mutua<br \/>\nText und Fotos: Oliver Hochkeppel<\/p>\n<p>&nbsp;<\/p>\n<p>&nbsp;<\/p>\n","protected":false},"excerpt":{"rendered":"<p>Gute Miene zum b\u00f6sen Spiel &#8211; so k\u00f6nnte man die Stimmung bei der Jazzahead 2025 in Bremen zusammenfassen. Mit dem Krisenmodus wohl vertraut, lassen die meisten Besucher dieses gro\u00dfen Familientreffens der Jazz-Gemeinde &#8211; und der immer noch gr\u00f6\u00dften Fachmesse des Genres in Europa &#8211; sich von ziemlich sicher kommenden neuen Grausamkeiten erstaunlich wenig beeindrucken. Wer im Jazz zuhause ist und regelm\u00e4\u00dfig die Jazzahead besucht, der braucht f\u00fcr die 150 Meter vom Messe-Eingang bis in die Halle gerne mal eineinhalb Stunden. Denn man kommt keine zwei Meter weit, ohne wieder jemanden begr\u00fc\u00dfen zu m\u00fcssen. Freilich sind es nicht ganz dieselben Player wie in Vor-Corona-Zeiten, als die Messe noch ein ordentliches St\u00fcck gr\u00f6\u00dfer war. Die Booker und Agenten schwirren noch herum, und eher noch mehr Musiker, nicht nur die, die bei einem der 32 Showcases oder den 60 Konzerten der Clubnacht spielen. Daf\u00fcr gibt es so gut wie keine St\u00e4nde von Labels mehr, und auch die Veranstalter haben sich eher rar gemacht. Einer der da war, Michael St\u00fcckl vom M\u00fcnchner Jazzclub Unterfahrt, sch\u00e4tzt, dass vom Veranstalter-Verband \u201eEuropean Jazz Network\u201c nur ungef\u00e4hr zehn Prozent vertreten waren. Gebuchte St\u00e4nde &hellip;<\/p>\n","protected":false},"author":18,"featured_media":32484,"comment_status":"open","ping_status":"closed","sticky":false,"template":"","format":"standard","meta":{"_jetpack_memberships_contains_paid_content":false,"footnotes":"","jetpack_publicize_message":"","jetpack_publicize_feature_enabled":true,"jetpack_social_post_already_shared":true,"jetpack_social_options":{"image_generator_settings":{"template":"highway","default_image_id":0,"font":"","enabled":false},"version":2}},"categories":[1053],"tags":[5623,966,845],"coauthors":[695],"class_list":["post-32482","post","type-post","status-publish","format-standard","has-post-thumbnail","hentry","category-bericht","tag-jazzahead-2025","tag-jazzahead-bremen","tag-oliver-hochkeppel"],"yoast_head":"<!-- This site is optimized with the Yoast SEO plugin v27.5 - https:\/\/yoast.com\/product\/yoast-seo-wordpress\/ -->\n<title>Pfeifen im dunklen Wald \u2013 eine subjektive Bilanz der Jazzahead 2025 - JazzZeitung<\/title>\n<meta name=\"robots\" content=\"index, follow, max-snippet:-1, max-image-preview:large, max-video-preview:-1\" \/>\n<link rel=\"canonical\" href=\"https:\/\/www.jazzzeitung.de\/cms\/2025\/05\/pfeifen-im-dunklen-wald-eine-subjektive-bilanz-der-jazzahead-2025\/\" \/>\n<meta property=\"og:locale\" content=\"de_DE\" \/>\n<meta property=\"og:type\" content=\"article\" \/>\n<meta property=\"og:title\" content=\"Pfeifen im dunklen Wald \u2013 eine subjektive Bilanz der Jazzahead 2025 - JazzZeitung\" \/>\n<meta property=\"og:description\" content=\"Gute Miene zum b\u00f6sen Spiel &#8211; so k\u00f6nnte man die Stimmung bei der Jazzahead 2025 in Bremen zusammenfassen. Mit dem Krisenmodus wohl vertraut, lassen die meisten Besucher dieses gro\u00dfen Familientreffens der Jazz-Gemeinde &#8211; und der immer noch gr\u00f6\u00dften Fachmesse des Genres in Europa &#8211; sich von ziemlich sicher kommenden neuen Grausamkeiten erstaunlich wenig beeindrucken. Wer im Jazz zuhause ist und regelm\u00e4\u00dfig die Jazzahead besucht, der braucht f\u00fcr die 150 Meter vom Messe-Eingang bis in die Halle gerne mal eineinhalb Stunden. Denn man kommt keine zwei Meter weit, ohne wieder jemanden begr\u00fc\u00dfen zu m\u00fcssen. Freilich sind es nicht ganz dieselben Player wie in Vor-Corona-Zeiten, als die Messe noch ein ordentliches St\u00fcck gr\u00f6\u00dfer war. Die Booker und Agenten schwirren noch herum, und eher noch mehr Musiker, nicht nur die, die bei einem der 32 Showcases oder den 60 Konzerten der Clubnacht spielen. Daf\u00fcr gibt es so gut wie keine St\u00e4nde von Labels mehr, und auch die Veranstalter haben sich eher rar gemacht. Einer der da war, Michael St\u00fcckl vom M\u00fcnchner Jazzclub Unterfahrt, sch\u00e4tzt, dass vom Veranstalter-Verband \u201eEuropean Jazz Network\u201c nur ungef\u00e4hr zehn Prozent vertreten waren. Gebuchte St\u00e4nde &hellip;\" \/>\n<meta property=\"og:url\" content=\"https:\/\/www.jazzzeitung.de\/cms\/2025\/05\/pfeifen-im-dunklen-wald-eine-subjektive-bilanz-der-jazzahead-2025\/\" \/>\n<meta property=\"og:site_name\" content=\"JazzZeitung\" \/>\n<meta property=\"article:publisher\" content=\"https:\/\/www.facebook.com\/JazzZeitung\/\" \/>\n<meta property=\"article:published_time\" content=\"2025-05-01T10:31:05+00:00\" \/>\n<meta property=\"article:modified_time\" content=\"2025-08-27T09:16:46+00:00\" \/>\n<meta property=\"og:image\" content=\"https:\/\/www.jazzzeitung.de\/cms\/wp-content\/uploads\/2025\/04\/KasivaMutua8_OliverHochkeppel250425-scaled.jpg\" \/>\n\t<meta property=\"og:image:width\" content=\"2560\" \/>\n\t<meta property=\"og:image:height\" content=\"1707\" \/>\n\t<meta property=\"og:image:type\" content=\"image\/jpeg\" \/>\n<meta name=\"author\" content=\"Redaktion JazzZeitung\" \/>\n<script type=\"application\/ld+json\" class=\"yoast-schema-graph\">{\"@context\":\"https:\\\/\\\/schema.org\",\"@graph\":[{\"@type\":\"Article\",\"@id\":\"https:\\\/\\\/www.jazzzeitung.de\\\/cms\\\/2025\\\/05\\\/pfeifen-im-dunklen-wald-eine-subjektive-bilanz-der-jazzahead-2025\\\/#article\",\"isPartOf\":{\"@id\":\"https:\\\/\\\/www.jazzzeitung.de\\\/cms\\\/2025\\\/05\\\/pfeifen-im-dunklen-wald-eine-subjektive-bilanz-der-jazzahead-2025\\\/\"},\"author\":{\"name\":\"Redaktion JazzZeitung\",\"@id\":\"https:\\\/\\\/www.jazzzeitung.de\\\/cms\\\/#\\\/schema\\\/person\\\/2245b36b9cd1d24cea10f01c031fb92b\"},\"headline\":\"Pfeifen im dunklen Wald \u2013 eine subjektive Bilanz der Jazzahead 2025\",\"datePublished\":\"2025-05-01T10:31:05+00:00\",\"dateModified\":\"2025-08-27T09:16:46+00:00\",\"mainEntityOfPage\":{\"@id\":\"https:\\\/\\\/www.jazzzeitung.de\\\/cms\\\/2025\\\/05\\\/pfeifen-im-dunklen-wald-eine-subjektive-bilanz-der-jazzahead-2025\\\/\"},\"wordCount\":783,\"commentCount\":0,\"publisher\":{\"@id\":\"https:\\\/\\\/www.jazzzeitung.de\\\/cms\\\/#organization\"},\"image\":{\"@id\":\"https:\\\/\\\/www.jazzzeitung.de\\\/cms\\\/2025\\\/05\\\/pfeifen-im-dunklen-wald-eine-subjektive-bilanz-der-jazzahead-2025\\\/#primaryimage\"},\"thumbnailUrl\":\"https:\\\/\\\/i0.wp.com\\\/www.jazzzeitung.de\\\/cms\\\/wp-content\\\/uploads\\\/2025\\\/04\\\/KasivaMutua8_OliverHochkeppel250425-scaled.jpg?fit=2560%2C1707&ssl=1\",\"keywords\":[\"jazzahead 2025\",\"jazzahead! Bremen\",\"Oliver Hochkeppel\"],\"articleSection\":[\"Bericht\"],\"inLanguage\":\"de\",\"potentialAction\":[{\"@type\":\"CommentAction\",\"name\":\"Comment\",\"target\":[\"https:\\\/\\\/www.jazzzeitung.de\\\/cms\\\/2025\\\/05\\\/pfeifen-im-dunklen-wald-eine-subjektive-bilanz-der-jazzahead-2025\\\/#respond\"]}]},{\"@type\":\"WebPage\",\"@id\":\"https:\\\/\\\/www.jazzzeitung.de\\\/cms\\\/2025\\\/05\\\/pfeifen-im-dunklen-wald-eine-subjektive-bilanz-der-jazzahead-2025\\\/\",\"url\":\"https:\\\/\\\/www.jazzzeitung.de\\\/cms\\\/2025\\\/05\\\/pfeifen-im-dunklen-wald-eine-subjektive-bilanz-der-jazzahead-2025\\\/\",\"name\":\"Pfeifen im dunklen Wald \u2013 eine subjektive Bilanz der Jazzahead 2025 - JazzZeitung\",\"isPartOf\":{\"@id\":\"https:\\\/\\\/www.jazzzeitung.de\\\/cms\\\/#website\"},\"primaryImageOfPage\":{\"@id\":\"https:\\\/\\\/www.jazzzeitung.de\\\/cms\\\/2025\\\/05\\\/pfeifen-im-dunklen-wald-eine-subjektive-bilanz-der-jazzahead-2025\\\/#primaryimage\"},\"image\":{\"@id\":\"https:\\\/\\\/www.jazzzeitung.de\\\/cms\\\/2025\\\/05\\\/pfeifen-im-dunklen-wald-eine-subjektive-bilanz-der-jazzahead-2025\\\/#primaryimage\"},\"thumbnailUrl\":\"https:\\\/\\\/i0.wp.com\\\/www.jazzzeitung.de\\\/cms\\\/wp-content\\\/uploads\\\/2025\\\/04\\\/KasivaMutua8_OliverHochkeppel250425-scaled.jpg?fit=2560%2C1707&ssl=1\",\"datePublished\":\"2025-05-01T10:31:05+00:00\",\"dateModified\":\"2025-08-27T09:16:46+00:00\",\"breadcrumb\":{\"@id\":\"https:\\\/\\\/www.jazzzeitung.de\\\/cms\\\/2025\\\/05\\\/pfeifen-im-dunklen-wald-eine-subjektive-bilanz-der-jazzahead-2025\\\/#breadcrumb\"},\"inLanguage\":\"de\",\"potentialAction\":[{\"@type\":\"ReadAction\",\"target\":[\"https:\\\/\\\/www.jazzzeitung.de\\\/cms\\\/2025\\\/05\\\/pfeifen-im-dunklen-wald-eine-subjektive-bilanz-der-jazzahead-2025\\\/\"]}]},{\"@type\":\"ImageObject\",\"inLanguage\":\"de\",\"@id\":\"https:\\\/\\\/www.jazzzeitung.de\\\/cms\\\/2025\\\/05\\\/pfeifen-im-dunklen-wald-eine-subjektive-bilanz-der-jazzahead-2025\\\/#primaryimage\",\"url\":\"https:\\\/\\\/i0.wp.com\\\/www.jazzzeitung.de\\\/cms\\\/wp-content\\\/uploads\\\/2025\\\/04\\\/KasivaMutua8_OliverHochkeppel250425-scaled.jpg?fit=2560%2C1707&ssl=1\",\"contentUrl\":\"https:\\\/\\\/i0.wp.com\\\/www.jazzzeitung.de\\\/cms\\\/wp-content\\\/uploads\\\/2025\\\/04\\\/KasivaMutua8_OliverHochkeppel250425-scaled.jpg?fit=2560%2C1707&ssl=1\",\"width\":2560,\"height\":1707},{\"@type\":\"BreadcrumbList\",\"@id\":\"https:\\\/\\\/www.jazzzeitung.de\\\/cms\\\/2025\\\/05\\\/pfeifen-im-dunklen-wald-eine-subjektive-bilanz-der-jazzahead-2025\\\/#breadcrumb\",\"itemListElement\":[{\"@type\":\"ListItem\",\"position\":1,\"name\":\"Startseite\",\"item\":\"https:\\\/\\\/www.jazzzeitung.de\\\/cms\\\/\"},{\"@type\":\"ListItem\",\"position\":2,\"name\":\"Pfeifen im dunklen Wald \u2013 eine subjektive Bilanz der Jazzahead 2025\"}]},{\"@type\":\"WebSite\",\"@id\":\"https:\\\/\\\/www.jazzzeitung.de\\\/cms\\\/#website\",\"url\":\"https:\\\/\\\/www.jazzzeitung.de\\\/cms\\\/\",\"name\":\"JazzZeitung\",\"description\":\"Jazz-News und Jazz-Kontroverses\",\"publisher\":{\"@id\":\"https:\\\/\\\/www.jazzzeitung.de\\\/cms\\\/#organization\"},\"potentialAction\":[{\"@type\":\"SearchAction\",\"target\":{\"@type\":\"EntryPoint\",\"urlTemplate\":\"https:\\\/\\\/www.jazzzeitung.de\\\/cms\\\/?s={search_term_string}\"},\"query-input\":{\"@type\":\"PropertyValueSpecification\",\"valueRequired\":true,\"valueName\":\"search_term_string\"}}],\"inLanguage\":\"de\"},{\"@type\":\"Organization\",\"@id\":\"https:\\\/\\\/www.jazzzeitung.de\\\/cms\\\/#organization\",\"name\":\"JazzZeitung online\",\"url\":\"https:\\\/\\\/www.jazzzeitung.de\\\/cms\\\/\",\"logo\":{\"@type\":\"ImageObject\",\"inLanguage\":\"de\",\"@id\":\"https:\\\/\\\/www.jazzzeitung.de\\\/cms\\\/#\\\/schema\\\/logo\\\/image\\\/\",\"url\":\"https:\\\/\\\/i0.wp.com\\\/www.jazzzeitung.de\\\/cms\\\/wp-content\\\/uploads\\\/2015\\\/08\\\/JAZZZEITUNGDE_Logo_Neu.png?fit=499%2C200&ssl=1\",\"contentUrl\":\"https:\\\/\\\/i0.wp.com\\\/www.jazzzeitung.de\\\/cms\\\/wp-content\\\/uploads\\\/2015\\\/08\\\/JAZZZEITUNGDE_Logo_Neu.png?fit=499%2C200&ssl=1\",\"width\":499,\"height\":200,\"caption\":\"JazzZeitung online\"},\"image\":{\"@id\":\"https:\\\/\\\/www.jazzzeitung.de\\\/cms\\\/#\\\/schema\\\/logo\\\/image\\\/\"},\"sameAs\":[\"https:\\\/\\\/www.facebook.com\\\/JazzZeitung\\\/\"]},{\"@type\":\"Person\",\"@id\":\"https:\\\/\\\/www.jazzzeitung.de\\\/cms\\\/#\\\/schema\\\/person\\\/2245b36b9cd1d24cea10f01c031fb92b\",\"name\":\"Redaktion JazzZeitung\",\"image\":{\"@type\":\"ImageObject\",\"inLanguage\":\"de\",\"@id\":\"https:\\\/\\\/i0.wp.com\\\/www.jazzzeitung.de\\\/cms\\\/wp-content\\\/uploads\\\/2015\\\/08\\\/JAZZZEITUNGDE_Logo_Neu.png?resize=96%2C96&ssl=159975dcacb611b5700bd619b5daf0a7a\",\"url\":\"https:\\\/\\\/i0.wp.com\\\/www.jazzzeitung.de\\\/cms\\\/wp-content\\\/uploads\\\/2015\\\/08\\\/JAZZZEITUNGDE_Logo_Neu.png?resize=96%2C96&ssl=1\",\"contentUrl\":\"https:\\\/\\\/i0.wp.com\\\/www.jazzzeitung.de\\\/cms\\\/wp-content\\\/uploads\\\/2015\\\/08\\\/JAZZZEITUNGDE_Logo_Neu.png?resize=96%2C96&ssl=1\",\"caption\":\"Redaktion JazzZeitung\"},\"description\":\"Artikel der Redaktion der JazzZeitung.\",\"sameAs\":[\"http:\\\/\\\/www.jazzzeitung.de\\\/cms\\\/\"],\"url\":\"https:\\\/\\\/www.jazzzeitung.de\\\/cms\\\/author\\\/redaktion\\\/\"}]}<\/script>\n<!-- \/ Yoast SEO plugin. -->","yoast_head_json":{"title":"Pfeifen im dunklen Wald \u2013 eine subjektive Bilanz der Jazzahead 2025 - JazzZeitung","robots":{"index":"index","follow":"follow","max-snippet":"max-snippet:-1","max-image-preview":"max-image-preview:large","max-video-preview":"max-video-preview:-1"},"canonical":"https:\/\/www.jazzzeitung.de\/cms\/2025\/05\/pfeifen-im-dunklen-wald-eine-subjektive-bilanz-der-jazzahead-2025\/","og_locale":"de_DE","og_type":"article","og_title":"Pfeifen im dunklen Wald \u2013 eine subjektive Bilanz der Jazzahead 2025 - JazzZeitung","og_description":"Gute Miene zum b\u00f6sen Spiel &#8211; so k\u00f6nnte man die Stimmung bei der Jazzahead 2025 in Bremen zusammenfassen. Mit dem Krisenmodus wohl vertraut, lassen die meisten Besucher dieses gro\u00dfen Familientreffens der Jazz-Gemeinde &#8211; und der immer noch gr\u00f6\u00dften Fachmesse des Genres in Europa &#8211; sich von ziemlich sicher kommenden neuen Grausamkeiten erstaunlich wenig beeindrucken. Wer im Jazz zuhause ist und regelm\u00e4\u00dfig die Jazzahead besucht, der braucht f\u00fcr die 150 Meter vom Messe-Eingang bis in die Halle gerne mal eineinhalb Stunden. Denn man kommt keine zwei Meter weit, ohne wieder jemanden begr\u00fc\u00dfen zu m\u00fcssen. Freilich sind es nicht ganz dieselben Player wie in Vor-Corona-Zeiten, als die Messe noch ein ordentliches St\u00fcck gr\u00f6\u00dfer war. Die Booker und Agenten schwirren noch herum, und eher noch mehr Musiker, nicht nur die, die bei einem der 32 Showcases oder den 60 Konzerten der Clubnacht spielen. Daf\u00fcr gibt es so gut wie keine St\u00e4nde von Labels mehr, und auch die Veranstalter haben sich eher rar gemacht. Einer der da war, Michael St\u00fcckl vom M\u00fcnchner Jazzclub Unterfahrt, sch\u00e4tzt, dass vom Veranstalter-Verband \u201eEuropean Jazz Network\u201c nur ungef\u00e4hr zehn Prozent vertreten waren. Gebuchte St\u00e4nde &hellip;","og_url":"https:\/\/www.jazzzeitung.de\/cms\/2025\/05\/pfeifen-im-dunklen-wald-eine-subjektive-bilanz-der-jazzahead-2025\/","og_site_name":"JazzZeitung","article_publisher":"https:\/\/www.facebook.com\/JazzZeitung\/","article_published_time":"2025-05-01T10:31:05+00:00","article_modified_time":"2025-08-27T09:16:46+00:00","og_image":[{"width":2560,"height":1707,"url":"https:\/\/www.jazzzeitung.de\/cms\/wp-content\/uploads\/2025\/04\/KasivaMutua8_OliverHochkeppel250425-scaled.jpg","type":"image\/jpeg"}],"author":"Redaktion JazzZeitung","schema":{"@context":"https:\/\/schema.org","@graph":[{"@type":"Article","@id":"https:\/\/www.jazzzeitung.de\/cms\/2025\/05\/pfeifen-im-dunklen-wald-eine-subjektive-bilanz-der-jazzahead-2025\/#article","isPartOf":{"@id":"https:\/\/www.jazzzeitung.de\/cms\/2025\/05\/pfeifen-im-dunklen-wald-eine-subjektive-bilanz-der-jazzahead-2025\/"},"author":{"name":"Redaktion JazzZeitung","@id":"https:\/\/www.jazzzeitung.de\/cms\/#\/schema\/person\/2245b36b9cd1d24cea10f01c031fb92b"},"headline":"Pfeifen im dunklen Wald \u2013 eine subjektive Bilanz der Jazzahead 2025","datePublished":"2025-05-01T10:31:05+00:00","dateModified":"2025-08-27T09:16:46+00:00","mainEntityOfPage":{"@id":"https:\/\/www.jazzzeitung.de\/cms\/2025\/05\/pfeifen-im-dunklen-wald-eine-subjektive-bilanz-der-jazzahead-2025\/"},"wordCount":783,"commentCount":0,"publisher":{"@id":"https:\/\/www.jazzzeitung.de\/cms\/#organization"},"image":{"@id":"https:\/\/www.jazzzeitung.de\/cms\/2025\/05\/pfeifen-im-dunklen-wald-eine-subjektive-bilanz-der-jazzahead-2025\/#primaryimage"},"thumbnailUrl":"https:\/\/i0.wp.com\/www.jazzzeitung.de\/cms\/wp-content\/uploads\/2025\/04\/KasivaMutua8_OliverHochkeppel250425-scaled.jpg?fit=2560%2C1707&ssl=1","keywords":["jazzahead 2025","jazzahead! Bremen","Oliver Hochkeppel"],"articleSection":["Bericht"],"inLanguage":"de","potentialAction":[{"@type":"CommentAction","name":"Comment","target":["https:\/\/www.jazzzeitung.de\/cms\/2025\/05\/pfeifen-im-dunklen-wald-eine-subjektive-bilanz-der-jazzahead-2025\/#respond"]}]},{"@type":"WebPage","@id":"https:\/\/www.jazzzeitung.de\/cms\/2025\/05\/pfeifen-im-dunklen-wald-eine-subjektive-bilanz-der-jazzahead-2025\/","url":"https:\/\/www.jazzzeitung.de\/cms\/2025\/05\/pfeifen-im-dunklen-wald-eine-subjektive-bilanz-der-jazzahead-2025\/","name":"Pfeifen im dunklen Wald \u2013 eine subjektive Bilanz der Jazzahead 2025 - JazzZeitung","isPartOf":{"@id":"https:\/\/www.jazzzeitung.de\/cms\/#website"},"primaryImageOfPage":{"@id":"https:\/\/www.jazzzeitung.de\/cms\/2025\/05\/pfeifen-im-dunklen-wald-eine-subjektive-bilanz-der-jazzahead-2025\/#primaryimage"},"image":{"@id":"https:\/\/www.jazzzeitung.de\/cms\/2025\/05\/pfeifen-im-dunklen-wald-eine-subjektive-bilanz-der-jazzahead-2025\/#primaryimage"},"thumbnailUrl":"https:\/\/i0.wp.com\/www.jazzzeitung.de\/cms\/wp-content\/uploads\/2025\/04\/KasivaMutua8_OliverHochkeppel250425-scaled.jpg?fit=2560%2C1707&ssl=1","datePublished":"2025-05-01T10:31:05+00:00","dateModified":"2025-08-27T09:16:46+00:00","breadcrumb":{"@id":"https:\/\/www.jazzzeitung.de\/cms\/2025\/05\/pfeifen-im-dunklen-wald-eine-subjektive-bilanz-der-jazzahead-2025\/#breadcrumb"},"inLanguage":"de","potentialAction":[{"@type":"ReadAction","target":["https:\/\/www.jazzzeitung.de\/cms\/2025\/05\/pfeifen-im-dunklen-wald-eine-subjektive-bilanz-der-jazzahead-2025\/"]}]},{"@type":"ImageObject","inLanguage":"de","@id":"https:\/\/www.jazzzeitung.de\/cms\/2025\/05\/pfeifen-im-dunklen-wald-eine-subjektive-bilanz-der-jazzahead-2025\/#primaryimage","url":"https:\/\/i0.wp.com\/www.jazzzeitung.de\/cms\/wp-content\/uploads\/2025\/04\/KasivaMutua8_OliverHochkeppel250425-scaled.jpg?fit=2560%2C1707&ssl=1","contentUrl":"https:\/\/i0.wp.com\/www.jazzzeitung.de\/cms\/wp-content\/uploads\/2025\/04\/KasivaMutua8_OliverHochkeppel250425-scaled.jpg?fit=2560%2C1707&ssl=1","width":2560,"height":1707},{"@type":"BreadcrumbList","@id":"https:\/\/www.jazzzeitung.de\/cms\/2025\/05\/pfeifen-im-dunklen-wald-eine-subjektive-bilanz-der-jazzahead-2025\/#breadcrumb","itemListElement":[{"@type":"ListItem","position":1,"name":"Startseite","item":"https:\/\/www.jazzzeitung.de\/cms\/"},{"@type":"ListItem","position":2,"name":"Pfeifen im dunklen Wald \u2013 eine subjektive Bilanz der Jazzahead 2025"}]},{"@type":"WebSite","@id":"https:\/\/www.jazzzeitung.de\/cms\/#website","url":"https:\/\/www.jazzzeitung.de\/cms\/","name":"JazzZeitung","description":"Jazz-News und Jazz-Kontroverses","publisher":{"@id":"https:\/\/www.jazzzeitung.de\/cms\/#organization"},"potentialAction":[{"@type":"SearchAction","target":{"@type":"EntryPoint","urlTemplate":"https:\/\/www.jazzzeitung.de\/cms\/?s={search_term_string}"},"query-input":{"@type":"PropertyValueSpecification","valueRequired":true,"valueName":"search_term_string"}}],"inLanguage":"de"},{"@type":"Organization","@id":"https:\/\/www.jazzzeitung.de\/cms\/#organization","name":"JazzZeitung online","url":"https:\/\/www.jazzzeitung.de\/cms\/","logo":{"@type":"ImageObject","inLanguage":"de","@id":"https:\/\/www.jazzzeitung.de\/cms\/#\/schema\/logo\/image\/","url":"https:\/\/i0.wp.com\/www.jazzzeitung.de\/cms\/wp-content\/uploads\/2015\/08\/JAZZZEITUNGDE_Logo_Neu.png?fit=499%2C200&ssl=1","contentUrl":"https:\/\/i0.wp.com\/www.jazzzeitung.de\/cms\/wp-content\/uploads\/2015\/08\/JAZZZEITUNGDE_Logo_Neu.png?fit=499%2C200&ssl=1","width":499,"height":200,"caption":"JazzZeitung online"},"image":{"@id":"https:\/\/www.jazzzeitung.de\/cms\/#\/schema\/logo\/image\/"},"sameAs":["https:\/\/www.facebook.com\/JazzZeitung\/"]},{"@type":"Person","@id":"https:\/\/www.jazzzeitung.de\/cms\/#\/schema\/person\/2245b36b9cd1d24cea10f01c031fb92b","name":"Redaktion JazzZeitung","image":{"@type":"ImageObject","inLanguage":"de","@id":"https:\/\/i0.wp.com\/www.jazzzeitung.de\/cms\/wp-content\/uploads\/2015\/08\/JAZZZEITUNGDE_Logo_Neu.png?resize=96%2C96&ssl=159975dcacb611b5700bd619b5daf0a7a","url":"https:\/\/i0.wp.com\/www.jazzzeitung.de\/cms\/wp-content\/uploads\/2015\/08\/JAZZZEITUNGDE_Logo_Neu.png?resize=96%2C96&ssl=1","contentUrl":"https:\/\/i0.wp.com\/www.jazzzeitung.de\/cms\/wp-content\/uploads\/2015\/08\/JAZZZEITUNGDE_Logo_Neu.png?resize=96%2C96&ssl=1","caption":"Redaktion JazzZeitung"},"description":"Artikel der Redaktion der JazzZeitung.","sameAs":["http:\/\/www.jazzzeitung.de\/cms\/"],"url":"https:\/\/www.jazzzeitung.de\/cms\/author\/redaktion\/"}]}},"wp-worthy-pixel":{"ignored":false,"public":null,"server":null,"url":null},"wp-worthy-type":"normal","jetpack_publicize_connections":[],"cc_featured_image_caption":{"caption_text":"","source_text":"","source_url":""},"jetpack_featured_media_url":"https:\/\/i0.wp.com\/www.jazzzeitung.de\/cms\/wp-content\/uploads\/2025\/04\/KasivaMutua8_OliverHochkeppel250425-scaled.jpg?fit=2560%2C1707&ssl=1","jetpack_shortlink":"https:\/\/wp.me\/p3KEcT-8rU","jetpack-related-posts":[{"id":22172,"url":"https:\/\/www.jazzzeitung.de\/cms\/2020\/03\/jazzahead-2020-wird-abgesagt-und-2021-nachgeholt\/","url_meta":{"origin":32482,"position":0},"title":"jazzahead! 2020 wird abgesagt und erst im Mai 2021 nachgeholt","author":"Redaktion JazzZeitung","date":"20. M\u00e4rz 2020","format":false,"excerpt":"Die jazzahead! 2020 wird abgesagt, dies gab die Bremer Messegesellschaft heute bekannt. Die Entscheidung begr\u00fcndet Hans Peter Schneider, Gesch\u00e4ftsf\u00fchrer der M3B GmbH, zu der die Messe Bremen geh\u00f6rt, wie folgt: \u201eDie jazzahead! lebt vom internationalen Austausch und von Begegnungen \u2013 dies wird in Corona-Zeiten leider nicht m\u00f6glich sein, auch Ende\u2026","rel":"","context":"In &quot;News&quot;","block_context":{"text":"News","link":"https:\/\/www.jazzzeitung.de\/cms\/thema\/nachrichten\/"},"img":{"alt_text":"","src":"https:\/\/i0.wp.com\/www.jazzzeitung.de\/cms\/wp-content\/uploads\/2017\/04\/001_Foto-van-Loon.jpg?fit=1200%2C801&ssl=1&resize=350%2C200","width":350,"height":200,"srcset":"https:\/\/i0.wp.com\/www.jazzzeitung.de\/cms\/wp-content\/uploads\/2017\/04\/001_Foto-van-Loon.jpg?fit=1200%2C801&ssl=1&resize=350%2C200 1x, https:\/\/i0.wp.com\/www.jazzzeitung.de\/cms\/wp-content\/uploads\/2017\/04\/001_Foto-van-Loon.jpg?fit=1200%2C801&ssl=1&resize=525%2C300 1.5x, https:\/\/i0.wp.com\/www.jazzzeitung.de\/cms\/wp-content\/uploads\/2017\/04\/001_Foto-van-Loon.jpg?fit=1200%2C801&ssl=1&resize=700%2C400 2x, https:\/\/i0.wp.com\/www.jazzzeitung.de\/cms\/wp-content\/uploads\/2017\/04\/001_Foto-van-Loon.jpg?fit=1200%2C801&ssl=1&resize=1050%2C600 3x"},"classes":[]},{"id":18049,"url":"https:\/\/www.jazzzeitung.de\/cms\/2018\/12\/erstmals-auf-der-jazzahead-showcases-zu-improvisation-und-jazz-fuer-kinder\/","url_meta":{"origin":32482,"position":1},"title":"Erstmals auf der jazzahead: Showcases zu Improvisation und Jazz f\u00fcr Kinder","author":"Redaktion JazzZeitung","date":"10. Dezember 2018","format":false,"excerpt":"Trotz der diesmal deutlich verk\u00fcrzten Einreichungsfrist gingen 764 Bewerbungen f\u00fcr die 40 Showcase-Konzerte ein und damit 25 Prozent mehr als im Vorjahr. In diesem Jahr sind unter den f\u00fcnf am st\u00e4rksten vertretenen Herkunftsl\u00e4ndern jenseits von Deutschland und dem Partnerland Norwegen die USA und Brasilien, womit Bewerbungen aus \u00dcbersee signifikant zulegten.\u2026","rel":"","context":"In &quot;News&quot;","block_context":{"text":"News","link":"https:\/\/www.jazzzeitung.de\/cms\/thema\/nachrichten\/"},"img":{"alt_text":"Jazzbusiness auf der Bremer jazzahead!. Foto: Jan Rathke","src":"https:\/\/i0.wp.com\/www.jazzzeitung.de\/cms\/wp-content\/uploads\/2018\/12\/MESSE-BREMENJan-RathkeDSC_9355.jpg?fit=1200%2C857&ssl=1&resize=350%2C200","width":350,"height":200,"srcset":"https:\/\/i0.wp.com\/www.jazzzeitung.de\/cms\/wp-content\/uploads\/2018\/12\/MESSE-BREMENJan-RathkeDSC_9355.jpg?fit=1200%2C857&ssl=1&resize=350%2C200 1x, https:\/\/i0.wp.com\/www.jazzzeitung.de\/cms\/wp-content\/uploads\/2018\/12\/MESSE-BREMENJan-RathkeDSC_9355.jpg?fit=1200%2C857&ssl=1&resize=525%2C300 1.5x, https:\/\/i0.wp.com\/www.jazzzeitung.de\/cms\/wp-content\/uploads\/2018\/12\/MESSE-BREMENJan-RathkeDSC_9355.jpg?fit=1200%2C857&ssl=1&resize=700%2C400 2x, https:\/\/i0.wp.com\/www.jazzzeitung.de\/cms\/wp-content\/uploads\/2018\/12\/MESSE-BREMENJan-RathkeDSC_9355.jpg?fit=1200%2C857&ssl=1&resize=1050%2C600 3x"},"classes":[]},{"id":19329,"url":"https:\/\/www.jazzzeitung.de\/cms\/2019\/04\/jazzahead-2019-besucher-aus-64-nationen-tauschten-sich-vier-tage-in-bremen-lang-aus\/","url_meta":{"origin":32482,"position":2},"title":"+++ jazzahead! 2019 +++ Besucher aus 64 Nationen tauschten sich vier Tage lang in Bremen aus +++","author":"Redaktion JazzZeitung","date":"30. April 2019","format":false,"excerpt":"Die Fachmesse jazzahead! 2019 in der Messe Bremen ist mit einem erneuten Plus an Fachteilnehmerinnen und -teilnehmern aus diesmal 64 Nationen zu Ende gegangen. Von Donnerstag bis Sonntag, 25. bis 28. April z\u00e4hlten die Veranstalter 3.408 (2018: 3.282) Teilnehmer. Rund 18.000 Besucher (2018: 17.362) erlebten die Messe und die 100\u2026","rel":"","context":"In &quot;News&quot;","block_context":{"text":"News","link":"https:\/\/www.jazzzeitung.de\/cms\/thema\/nachrichten\/"},"img":{"alt_text":"","src":"https:\/\/i0.wp.com\/www.jazzzeitung.de\/cms\/wp-content\/uploads\/2019\/04\/Sarbach_Messe.png?fit=1200%2C781&ssl=1&resize=350%2C200","width":350,"height":200,"srcset":"https:\/\/i0.wp.com\/www.jazzzeitung.de\/cms\/wp-content\/uploads\/2019\/04\/Sarbach_Messe.png?fit=1200%2C781&ssl=1&resize=350%2C200 1x, https:\/\/i0.wp.com\/www.jazzzeitung.de\/cms\/wp-content\/uploads\/2019\/04\/Sarbach_Messe.png?fit=1200%2C781&ssl=1&resize=525%2C300 1.5x, https:\/\/i0.wp.com\/www.jazzzeitung.de\/cms\/wp-content\/uploads\/2019\/04\/Sarbach_Messe.png?fit=1200%2C781&ssl=1&resize=700%2C400 2x, https:\/\/i0.wp.com\/www.jazzzeitung.de\/cms\/wp-content\/uploads\/2019\/04\/Sarbach_Messe.png?fit=1200%2C781&ssl=1&resize=1050%2C600 3x"},"classes":[]},{"id":11706,"url":"https:\/\/www.jazzzeitung.de\/cms\/2017\/02\/symposium-2017-zum-thema-improvisation-und-jazz-fuer-kinder-auf-der-bremer-messe-jazzahead\/","url_meta":{"origin":32482,"position":3},"title":"Symposium 2017 zum Thema Improvisation und Jazz f\u00fcr Kinder auf der Bremer Messe &#8222;jazzahead&#8220;","author":"Redaktion JazzZeitung","date":"18. Februar 2017","format":false,"excerpt":"Kinder sind\u00a0 nicht nur das Publikum der Zukunft, sondern auch das von heute: lebendig, ehrlich, begeisterungsf\u00e4hig und neugierig. Das passt zum Jazz, doch obwohl Jazz und Kinder so gut zusammen passen, gibt es wenig Jazzangebote f\u00fcr die Kleinsten, f\u00fcr Kinder im KiTa- und Grundschulalter. Warum ist das so? Und welche\u2026","rel":"","context":"In &quot;News&quot;","block_context":{"text":"News","link":"https:\/\/www.jazzzeitung.de\/cms\/thema\/nachrichten\/"},"img":{"alt_text":"","src":"https:\/\/i0.wp.com\/www.jazzzeitung.de\/cms\/wp-content\/uploads\/2017\/02\/Initiative-Improvisation-Plakat-13_Seite_2.jpg?resize=350%2C200","width":350,"height":200,"srcset":"https:\/\/i0.wp.com\/www.jazzzeitung.de\/cms\/wp-content\/uploads\/2017\/02\/Initiative-Improvisation-Plakat-13_Seite_2.jpg?resize=350%2C200 1x, https:\/\/i0.wp.com\/www.jazzzeitung.de\/cms\/wp-content\/uploads\/2017\/02\/Initiative-Improvisation-Plakat-13_Seite_2.jpg?resize=525%2C300 1.5x, https:\/\/i0.wp.com\/www.jazzzeitung.de\/cms\/wp-content\/uploads\/2017\/02\/Initiative-Improvisation-Plakat-13_Seite_2.jpg?resize=700%2C400 2x, https:\/\/i0.wp.com\/www.jazzzeitung.de\/cms\/wp-content\/uploads\/2017\/02\/Initiative-Improvisation-Plakat-13_Seite_2.jpg?resize=1050%2C600 3x, https:\/\/i0.wp.com\/www.jazzzeitung.de\/cms\/wp-content\/uploads\/2017\/02\/Initiative-Improvisation-Plakat-13_Seite_2.jpg?resize=1400%2C800 4x"},"classes":[]},{"id":21283,"url":"https:\/\/www.jazzzeitung.de\/cms\/2019\/11\/news-jazzahead-europaeische-kulturmarke-2019-jetzt-bewerben-um-showcases-fuer-kinder\/","url_meta":{"origin":32482,"position":4},"title":"+++ news +++ jazzahead! Europ\u00e4ische Kulturmarke 2019 +++ Jetzt bewerben um Showcases f\u00fcr Kinder +++","author":"Redaktion JazzZeitung","date":"12. November 2019","format":false,"excerpt":"+++ jazzahead! Europ\u00e4ische Kulturmarke 2019 +++ Die jazzahead!, weltweit einzigartige Kombination aus Fachmesse und begleitendem Festival, ist am Donnerstag, 7. November 2019, im Zollverein in Essen als Europ\u00e4ische Kulturmarke des Jahres 2019 ausgezeichnet worden. Der Award gilt als einer der der avanciertesten Kulturpreise in Europa. \u201eWir waren bereits sehr stolz,\u2026","rel":"","context":"In &quot;News&quot;","block_context":{"text":"News","link":"https:\/\/www.jazzzeitung.de\/cms\/thema\/nachrichten\/"},"img":{"alt_text":"","src":"https:\/\/i0.wp.com\/www.jazzzeitung.de\/cms\/wp-content\/uploads\/2019\/11\/jazzahead1.jpg?fit=1200%2C800&ssl=1&resize=350%2C200","width":350,"height":200,"srcset":"https:\/\/i0.wp.com\/www.jazzzeitung.de\/cms\/wp-content\/uploads\/2019\/11\/jazzahead1.jpg?fit=1200%2C800&ssl=1&resize=350%2C200 1x, https:\/\/i0.wp.com\/www.jazzzeitung.de\/cms\/wp-content\/uploads\/2019\/11\/jazzahead1.jpg?fit=1200%2C800&ssl=1&resize=525%2C300 1.5x, https:\/\/i0.wp.com\/www.jazzzeitung.de\/cms\/wp-content\/uploads\/2019\/11\/jazzahead1.jpg?fit=1200%2C800&ssl=1&resize=700%2C400 2x, https:\/\/i0.wp.com\/www.jazzzeitung.de\/cms\/wp-content\/uploads\/2019\/11\/jazzahead1.jpg?fit=1200%2C800&ssl=1&resize=1050%2C600 3x"},"classes":[]},{"id":4907,"url":"https:\/\/www.jazzzeitung.de\/cms\/2014\/11\/showcase-bewerbungsphase-fuer-jazzahead-endet-heute\/","url_meta":{"origin":32482,"position":5},"title":"Showcase-Bewerbungsphase f\u00fcr jazzahead endet heute","author":"Redaktion JazzZeitung","date":"11. November 2014","format":false,"excerpt":"Showcase-Bewerbungsphase endet am 11. November 2014 Bewerbungen f\u00fcr die 40 Showcases auf der zehnten jazzahead! k\u00f6nnen f\u00fcr die Module German Jazz Expo (K\u00fcnstler aus Deutschland), French Night (Jazz aus dem Partnerland 2015: Frankreich), European Jazz Meeting (europ\u00e4ische Jazzformationen) und Overseas Night (Jazz aus \u00dcbersee) eingereicht werden. Konditionen f\u00fcr eine Bewerbung\u2026","rel":"","context":"In &quot;News&quot;","block_context":{"text":"News","link":"https:\/\/www.jazzzeitung.de\/cms\/thema\/nachrichten\/"},"img":{"alt_text":"Staatsministerin f\u00fcr Kultur und Medien, Monika Gr\u00fctters, \u00fcbernimmt 2015 die Schirmherrschaft zur Jubil\u00e4umsausgabe der jazzahead! Foto: Christof Rieken","src":"https:\/\/i0.wp.com\/www.jazzzeitung.de\/cms\/wp-content\/uploads\/2014\/11\/Photo1-MonikaGr%C3%BCtters-c_Quelle-Christof-Rieken_800KB.jpg?fit=799%2C1200&ssl=1&resize=350%2C200","width":350,"height":200,"srcset":"https:\/\/i0.wp.com\/www.jazzzeitung.de\/cms\/wp-content\/uploads\/2014\/11\/Photo1-MonikaGr%C3%BCtters-c_Quelle-Christof-Rieken_800KB.jpg?fit=799%2C1200&ssl=1&resize=350%2C200 1x, https:\/\/i0.wp.com\/www.jazzzeitung.de\/cms\/wp-content\/uploads\/2014\/11\/Photo1-MonikaGr%C3%BCtters-c_Quelle-Christof-Rieken_800KB.jpg?fit=799%2C1200&ssl=1&resize=525%2C300 1.5x, https:\/\/i0.wp.com\/www.jazzzeitung.de\/cms\/wp-content\/uploads\/2014\/11\/Photo1-MonikaGr%C3%BCtters-c_Quelle-Christof-Rieken_800KB.jpg?fit=799%2C1200&ssl=1&resize=700%2C400 2x"},"classes":[]}],"jetpack_sharing_enabled":true,"_links":{"self":[{"href":"https:\/\/www.jazzzeitung.de\/cms\/wp-json\/wp\/v2\/posts\/32482","targetHints":{"allow":["GET"]}}],"collection":[{"href":"https:\/\/www.jazzzeitung.de\/cms\/wp-json\/wp\/v2\/posts"}],"about":[{"href":"https:\/\/www.jazzzeitung.de\/cms\/wp-json\/wp\/v2\/types\/post"}],"author":[{"embeddable":true,"href":"https:\/\/www.jazzzeitung.de\/cms\/wp-json\/wp\/v2\/users\/18"}],"replies":[{"embeddable":true,"href":"https:\/\/www.jazzzeitung.de\/cms\/wp-json\/wp\/v2\/comments?post=32482"}],"version-history":[{"count":5,"href":"https:\/\/www.jazzzeitung.de\/cms\/wp-json\/wp\/v2\/posts\/32482\/revisions"}],"predecessor-version":[{"id":32493,"href":"https:\/\/www.jazzzeitung.de\/cms\/wp-json\/wp\/v2\/posts\/32482\/revisions\/32493"}],"wp:featuredmedia":[{"embeddable":true,"href":"https:\/\/www.jazzzeitung.de\/cms\/wp-json\/wp\/v2\/media\/32484"}],"wp:attachment":[{"href":"https:\/\/www.jazzzeitung.de\/cms\/wp-json\/wp\/v2\/media?parent=32482"}],"wp:term":[{"taxonomy":"category","embeddable":true,"href":"https:\/\/www.jazzzeitung.de\/cms\/wp-json\/wp\/v2\/categories?post=32482"},{"taxonomy":"post_tag","embeddable":true,"href":"https:\/\/www.jazzzeitung.de\/cms\/wp-json\/wp\/v2\/tags?post=32482"},{"taxonomy":"author","embeddable":true,"href":"https:\/\/www.jazzzeitung.de\/cms\/wp-json\/wp\/v2\/coauthors?post=32482"}],"curies":[{"name":"wp","href":"https:\/\/api.w.org\/{rel}","templated":true}]}}