{"id":32443,"date":"2025-04-10T12:58:02","date_gmt":"2025-04-10T10:58:02","guid":{"rendered":"https:\/\/www.jazzzeitung.de\/cms\/?p=32443"},"modified":"2025-04-10T13:00:18","modified_gmt":"2025-04-10T11:00:18","slug":"deutsche-jazzunion-begruesst-koalitionsvertrag-und-betont-bedeutung-der-freien-kuenste","status":"publish","type":"post","link":"https:\/\/www.jazzzeitung.de\/cms\/2025\/04\/deutsche-jazzunion-begruesst-koalitionsvertrag-und-betont-bedeutung-der-freien-kuenste\/","title":{"rendered":"Deutsche Jazzunion begr\u00fc\u00dft Koalitionsvertrag und betont Bedeutung der freien K\u00fcnste"},"content":{"rendered":"<p><span style=\"font-family: Inclusive Sans, sans-serif;\">Die Deutsche Jazzunion, die Interessenvertretung der Jazzmusiker*innen in Deutschland, begr\u00fc\u00dft die im gestern ver\u00f6ffentlichten Koalitionsvertrag enthaltenen kulturpolitischen Bekenntnisse. Insbesondere die angek\u00fcndigten St\u00e4rkungen und die Stabilisierung der Bundeskulturf\u00f6rderung bewertet die Deutsche Jazzunion als wichtige Signale f\u00fcr die nachhaltige Unterst\u00fctzung der freien Musikszene. Dennoch besteht weiterhin Bedarf an Verbesserungen f\u00fcr die freien K\u00fcnste.<\/span><\/p>\n<p>\u201e<span style=\"font-family: Inclusive Sans, sans-serif;\">Im Koalitionsvertrag sind wichtige Punkte verankert, wie die soziale Absicherung freischaffender K\u00fcnstler*innen und die Stabilisierung der Bundeskulturfonds. Gleichzeitig braucht es mehr Augenmerk auf die freien K\u00fcnste wie Jazz und Improvisierte Musik. Darin liegt eine wichtige Aufgabe f\u00fcr die neue Regierung und den Deutschen Bundestag\u201c, erkl\u00e4rt <\/span><span style=\"font-family: Inclusive Sans, sans-serif;\">Anette von Eichel, Vorsitzende der Deutschen Jazzunion<\/span><span style=\"font-family: Inclusive Sans, sans-serif;\">.<\/span><\/p>\n<p><span style=\"font-family: Inclusive Sans, sans-serif;\">Im Austausch mit den Fachverb\u00e4nden braucht es die Ausarbeitung der konkreten Ma\u00dfnahmen zur sozialen Absicherung, insbesondere mit Blick auf die KSK sowie die substanzielle St\u00e4rkung des Jazz innerhalb der Initiative Musik. Die Unterst\u00fctzung der Kultureinrichtungen muss zudem das Bekenntnis der neuen Bundesregierung f\u00fcr die Entwicklung und Verortung eines Zentrums f\u00fcr Jazz und Improvisierte Musik in Berlin sowie die Verstetigung der begonnenen Finanzierung des Vorhabens beinhalten. (Siehe dazu auch die <a href=\"https:\/\/www.deutsche-jazzunion.de\/news\/es-gibt-viel-zu-tun-fuer-die-neue-bundesregierung\/\">Pressemitteilung\u00a0<\/a>vom 27. Februar 2025)<\/span><\/p>\n<p><span style=\"font-family: Inclusive Sans, sans-serif;\">Wie bereits in der <a href=\"https:\/\/www.deutsche-jazzunion.de\/news\/faireverguetung-kulturetats-und-foerderprogramme-muessen-erhoeht-werden\/\">gemeinsamen Pressemitteilung<\/a>\u00a0von Deutschem Musikrat, Deutscher Jazzunion, FREO\u00a0\u2013 Freie Ensembles und Orchester in Deutschland e.V. und unisono \u2013 Deutsche Musik- und Orchestervereinigung e.V. vom Dienstag dieser Woche betont, ist ein Aufwuchs des Kulturetats im n\u00e4chsten Schritt zwingend erforderlich, um eine nachhaltig aufgestellte soziale Absicherung und passgenaue F\u00f6rderstrukturen zu entwickeln.<\/span><\/p>\n<p><span style=\"font-family: Inclusive Sans, sans-serif;\">Die Deutsche Jazzunion steht bereit, die Umsetzung der geplanten Ma\u00dfnahmen mit ihrer Expertise zu begleiten. Als Sprachrohr und Netzwerk der professionellen Jazzszene in Deutschland setzt sich die Organisation seit Jahren f\u00fcr eine zukunftsf\u00e4hige Kulturf\u00f6rderung, faire Arbeitsbedingungen und eine gerechtere soziale Absicherung im Jazz sowie der Improvisierten Musik ein.<\/span><\/p>\n<hr \/>\n<p style=\"padding-left: 40px;\"><strong><span style=\"font-family: Inclusive Sans, sans-serif;\">\u00dcber die Deutsche Jazzunion<\/span><\/strong><\/p>\n<p style=\"padding-left: 40px;\"><span style=\"font-family: Inclusive Sans, sans-serif;\">Die Deutsche Jazzunion wurde 1973 gegr\u00fcndet und ist als Sprachrohr der Jazzmusiker*innen in Deutschland eine wichtige Ansprechpartnerin f\u00fcr die Politik auf Bundesebene. Zu den Kernzielen des Verbands geh\u00f6ren die Verbesserung der Verg\u00fctung und der sozialen Absicherung von Jazzmusikerinnen, der Ausbau der spezifischen F\u00f6rderung f\u00fcr Jazz und Improvisierte Musik sowie die St\u00e4rkung der Spielst\u00e4tten. Weitere Informationen finden Sie unter <a href=\"https:\/\/www.deutsche-jazzunion.de\/\">www.deutsche-jazzunion.de<\/a>.<\/span><\/p>\n","protected":false},"excerpt":{"rendered":"<p>Koalitionsvertrag beinhaltet wichtige Signale im Bereich der sozialen Absicherung und Bundeskulturf\u00f6rderung +++ Jazz in der Initiative Musik muss gest\u00e4rkt werden +++ +++ Nachhaltige Finanzierung der freien Musik sicherstellen<\/p>\n","protected":false},"author":1,"featured_media":31185,"comment_status":"open","ping_status":"closed","sticky":false,"template":"","format":"standard","meta":{"_jetpack_memberships_contains_paid_content":false,"footnotes":"","jetpack_publicize_message":"","jetpack_publicize_feature_enabled":true,"jetpack_social_post_already_shared":true,"jetpack_social_options":{"image_generator_settings":{"template":"highway","default_image_id":0,"font":"","enabled":false},"version":2}},"categories":[633],"tags":[2445,5618,332],"coauthors":[650],"class_list":["post-32443","post","type-post","status-publish","format-standard","has-post-thumbnail","hentry","category-nachrichten","tag-deutsche-jazzunion","tag-koalitionsvertrag","tag-kulturpolitik"],"yoast_head":"<!-- This site is optimized with the Yoast SEO plugin v27.5 - https:\/\/yoast.com\/product\/yoast-seo-wordpress\/ -->\n<title>Deutsche Jazzunion begr\u00fc\u00dft Koalitionsvertrag und betont Bedeutung der freien K\u00fcnste - JazzZeitung<\/title>\n<meta name=\"robots\" content=\"index, follow, max-snippet:-1, max-image-preview:large, max-video-preview:-1\" \/>\n<link rel=\"canonical\" href=\"https:\/\/www.jazzzeitung.de\/cms\/2025\/04\/deutsche-jazzunion-begruesst-koalitionsvertrag-und-betont-bedeutung-der-freien-kuenste\/\" \/>\n<meta property=\"og:locale\" content=\"de_DE\" \/>\n<meta property=\"og:type\" content=\"article\" \/>\n<meta property=\"og:title\" content=\"Deutsche Jazzunion begr\u00fc\u00dft Koalitionsvertrag und betont Bedeutung der freien K\u00fcnste - JazzZeitung\" \/>\n<meta property=\"og:description\" content=\"Koalitionsvertrag beinhaltet wichtige Signale im Bereich der sozialen Absicherung und Bundeskulturf\u00f6rderung +++ Jazz in der Initiative Musik muss gest\u00e4rkt werden +++ +++ Nachhaltige Finanzierung der freien Musik sicherstellen\" \/>\n<meta property=\"og:url\" content=\"https:\/\/www.jazzzeitung.de\/cms\/2025\/04\/deutsche-jazzunion-begruesst-koalitionsvertrag-und-betont-bedeutung-der-freien-kuenste\/\" \/>\n<meta property=\"og:site_name\" content=\"JazzZeitung\" \/>\n<meta property=\"article:publisher\" content=\"https:\/\/www.facebook.com\/JazzZeitung\/\" \/>\n<meta property=\"article:author\" content=\"https:\/\/www.facebook.com\/hufner\" \/>\n<meta property=\"article:published_time\" content=\"2025-04-10T10:58:02+00:00\" \/>\n<meta property=\"article:modified_time\" content=\"2025-04-10T11:00:18+00:00\" \/>\n<meta property=\"og:image\" content=\"https:\/\/www.jazzzeitung.de\/cms\/wp-content\/uploads\/2024\/06\/Vogel-ins-Freie.-Foto-\u00a9-Martin-Hufner.jpg\" \/>\n\t<meta property=\"og:image:width\" content=\"1600\" \/>\n\t<meta property=\"og:image:height\" content=\"1060\" \/>\n\t<meta property=\"og:image:type\" content=\"image\/jpeg\" \/>\n<meta name=\"author\" content=\"Martin Hufner\" \/>\n<script type=\"application\/ld+json\" class=\"yoast-schema-graph\">{\"@context\":\"https:\\\/\\\/schema.org\",\"@graph\":[{\"@type\":\"Article\",\"@id\":\"https:\\\/\\\/www.jazzzeitung.de\\\/cms\\\/2025\\\/04\\\/deutsche-jazzunion-begruesst-koalitionsvertrag-und-betont-bedeutung-der-freien-kuenste\\\/#article\",\"isPartOf\":{\"@id\":\"https:\\\/\\\/www.jazzzeitung.de\\\/cms\\\/2025\\\/04\\\/deutsche-jazzunion-begruesst-koalitionsvertrag-und-betont-bedeutung-der-freien-kuenste\\\/\"},\"author\":{\"name\":\"Martin Hufner\",\"@id\":\"https:\\\/\\\/www.jazzzeitung.de\\\/cms\\\/#\\\/schema\\\/person\\\/b9a4e5ac765d94fb8f617bfa8f1fc5f7\"},\"headline\":\"Deutsche Jazzunion begr\u00fc\u00dft Koalitionsvertrag und betont Bedeutung der freien K\u00fcnste\",\"datePublished\":\"2025-04-10T10:58:02+00:00\",\"dateModified\":\"2025-04-10T11:00:18+00:00\",\"mainEntityOfPage\":{\"@id\":\"https:\\\/\\\/www.jazzzeitung.de\\\/cms\\\/2025\\\/04\\\/deutsche-jazzunion-begruesst-koalitionsvertrag-und-betont-bedeutung-der-freien-kuenste\\\/\"},\"wordCount\":389,\"commentCount\":0,\"publisher\":{\"@id\":\"https:\\\/\\\/www.jazzzeitung.de\\\/cms\\\/#organization\"},\"image\":{\"@id\":\"https:\\\/\\\/www.jazzzeitung.de\\\/cms\\\/2025\\\/04\\\/deutsche-jazzunion-begruesst-koalitionsvertrag-und-betont-bedeutung-der-freien-kuenste\\\/#primaryimage\"},\"thumbnailUrl\":\"https:\\\/\\\/i0.wp.com\\\/www.jazzzeitung.de\\\/cms\\\/wp-content\\\/uploads\\\/2024\\\/06\\\/Vogel-ins-Freie.-Foto-%C2%A9-Martin-Hufner.jpg?fit=1600%2C1060&ssl=1\",\"keywords\":[\"Deutsche Jazzunion\",\"Koalitionsvertrag\",\"Kulturpolitik\"],\"articleSection\":[\"News\"],\"inLanguage\":\"de\",\"potentialAction\":[{\"@type\":\"CommentAction\",\"name\":\"Comment\",\"target\":[\"https:\\\/\\\/www.jazzzeitung.de\\\/cms\\\/2025\\\/04\\\/deutsche-jazzunion-begruesst-koalitionsvertrag-und-betont-bedeutung-der-freien-kuenste\\\/#respond\"]}]},{\"@type\":\"WebPage\",\"@id\":\"https:\\\/\\\/www.jazzzeitung.de\\\/cms\\\/2025\\\/04\\\/deutsche-jazzunion-begruesst-koalitionsvertrag-und-betont-bedeutung-der-freien-kuenste\\\/\",\"url\":\"https:\\\/\\\/www.jazzzeitung.de\\\/cms\\\/2025\\\/04\\\/deutsche-jazzunion-begruesst-koalitionsvertrag-und-betont-bedeutung-der-freien-kuenste\\\/\",\"name\":\"Deutsche Jazzunion begr\u00fc\u00dft Koalitionsvertrag und betont Bedeutung der freien K\u00fcnste - JazzZeitung\",\"isPartOf\":{\"@id\":\"https:\\\/\\\/www.jazzzeitung.de\\\/cms\\\/#website\"},\"primaryImageOfPage\":{\"@id\":\"https:\\\/\\\/www.jazzzeitung.de\\\/cms\\\/2025\\\/04\\\/deutsche-jazzunion-begruesst-koalitionsvertrag-und-betont-bedeutung-der-freien-kuenste\\\/#primaryimage\"},\"image\":{\"@id\":\"https:\\\/\\\/www.jazzzeitung.de\\\/cms\\\/2025\\\/04\\\/deutsche-jazzunion-begruesst-koalitionsvertrag-und-betont-bedeutung-der-freien-kuenste\\\/#primaryimage\"},\"thumbnailUrl\":\"https:\\\/\\\/i0.wp.com\\\/www.jazzzeitung.de\\\/cms\\\/wp-content\\\/uploads\\\/2024\\\/06\\\/Vogel-ins-Freie.-Foto-%C2%A9-Martin-Hufner.jpg?fit=1600%2C1060&ssl=1\",\"datePublished\":\"2025-04-10T10:58:02+00:00\",\"dateModified\":\"2025-04-10T11:00:18+00:00\",\"breadcrumb\":{\"@id\":\"https:\\\/\\\/www.jazzzeitung.de\\\/cms\\\/2025\\\/04\\\/deutsche-jazzunion-begruesst-koalitionsvertrag-und-betont-bedeutung-der-freien-kuenste\\\/#breadcrumb\"},\"inLanguage\":\"de\",\"potentialAction\":[{\"@type\":\"ReadAction\",\"target\":[\"https:\\\/\\\/www.jazzzeitung.de\\\/cms\\\/2025\\\/04\\\/deutsche-jazzunion-begruesst-koalitionsvertrag-und-betont-bedeutung-der-freien-kuenste\\\/\"]}]},{\"@type\":\"ImageObject\",\"inLanguage\":\"de\",\"@id\":\"https:\\\/\\\/www.jazzzeitung.de\\\/cms\\\/2025\\\/04\\\/deutsche-jazzunion-begruesst-koalitionsvertrag-und-betont-bedeutung-der-freien-kuenste\\\/#primaryimage\",\"url\":\"https:\\\/\\\/i0.wp.com\\\/www.jazzzeitung.de\\\/cms\\\/wp-content\\\/uploads\\\/2024\\\/06\\\/Vogel-ins-Freie.-Foto-%C2%A9-Martin-Hufner.jpg?fit=1600%2C1060&ssl=1\",\"contentUrl\":\"https:\\\/\\\/i0.wp.com\\\/www.jazzzeitung.de\\\/cms\\\/wp-content\\\/uploads\\\/2024\\\/06\\\/Vogel-ins-Freie.-Foto-%C2%A9-Martin-Hufner.jpg?fit=1600%2C1060&ssl=1\",\"width\":1600,\"height\":1060,\"caption\":\"Vogel ins Freie. Foto \u00a9 Martin Hufner\"},{\"@type\":\"BreadcrumbList\",\"@id\":\"https:\\\/\\\/www.jazzzeitung.de\\\/cms\\\/2025\\\/04\\\/deutsche-jazzunion-begruesst-koalitionsvertrag-und-betont-bedeutung-der-freien-kuenste\\\/#breadcrumb\",\"itemListElement\":[{\"@type\":\"ListItem\",\"position\":1,\"name\":\"Startseite\",\"item\":\"https:\\\/\\\/www.jazzzeitung.de\\\/cms\\\/\"},{\"@type\":\"ListItem\",\"position\":2,\"name\":\"Deutsche Jazzunion begr\u00fc\u00dft Koalitionsvertrag und betont Bedeutung der freien K\u00fcnste\"}]},{\"@type\":\"WebSite\",\"@id\":\"https:\\\/\\\/www.jazzzeitung.de\\\/cms\\\/#website\",\"url\":\"https:\\\/\\\/www.jazzzeitung.de\\\/cms\\\/\",\"name\":\"JazzZeitung\",\"description\":\"Jazz-News und Jazz-Kontroverses\",\"publisher\":{\"@id\":\"https:\\\/\\\/www.jazzzeitung.de\\\/cms\\\/#organization\"},\"potentialAction\":[{\"@type\":\"SearchAction\",\"target\":{\"@type\":\"EntryPoint\",\"urlTemplate\":\"https:\\\/\\\/www.jazzzeitung.de\\\/cms\\\/?s={search_term_string}\"},\"query-input\":{\"@type\":\"PropertyValueSpecification\",\"valueRequired\":true,\"valueName\":\"search_term_string\"}}],\"inLanguage\":\"de\"},{\"@type\":\"Organization\",\"@id\":\"https:\\\/\\\/www.jazzzeitung.de\\\/cms\\\/#organization\",\"name\":\"JazzZeitung online\",\"url\":\"https:\\\/\\\/www.jazzzeitung.de\\\/cms\\\/\",\"logo\":{\"@type\":\"ImageObject\",\"inLanguage\":\"de\",\"@id\":\"https:\\\/\\\/www.jazzzeitung.de\\\/cms\\\/#\\\/schema\\\/logo\\\/image\\\/\",\"url\":\"https:\\\/\\\/i0.wp.com\\\/www.jazzzeitung.de\\\/cms\\\/wp-content\\\/uploads\\\/2015\\\/08\\\/JAZZZEITUNGDE_Logo_Neu.png?fit=499%2C200&ssl=1\",\"contentUrl\":\"https:\\\/\\\/i0.wp.com\\\/www.jazzzeitung.de\\\/cms\\\/wp-content\\\/uploads\\\/2015\\\/08\\\/JAZZZEITUNGDE_Logo_Neu.png?fit=499%2C200&ssl=1\",\"width\":499,\"height\":200,\"caption\":\"JazzZeitung online\"},\"image\":{\"@id\":\"https:\\\/\\\/www.jazzzeitung.de\\\/cms\\\/#\\\/schema\\\/logo\\\/image\\\/\"},\"sameAs\":[\"https:\\\/\\\/www.facebook.com\\\/JazzZeitung\\\/\"]},{\"@type\":\"Person\",\"@id\":\"https:\\\/\\\/www.jazzzeitung.de\\\/cms\\\/#\\\/schema\\\/person\\\/b9a4e5ac765d94fb8f617bfa8f1fc5f7\",\"name\":\"Martin Hufner\",\"image\":{\"@type\":\"ImageObject\",\"inLanguage\":\"de\",\"@id\":\"https:\\\/\\\/i0.wp.com\\\/www.jazzzeitung.de\\\/cms\\\/wp-content\\\/uploads\\\/2013\\\/07\\\/huf-06.jpg?resize=96%2C96&ssl=15fcc31aa94540751a3b804516452be00\",\"url\":\"https:\\\/\\\/i0.wp.com\\\/www.jazzzeitung.de\\\/cms\\\/wp-content\\\/uploads\\\/2013\\\/07\\\/huf-06.jpg?resize=96%2C96&ssl=1\",\"contentUrl\":\"https:\\\/\\\/i0.wp.com\\\/www.jazzzeitung.de\\\/cms\\\/wp-content\\\/uploads\\\/2013\\\/07\\\/huf-06.jpg?resize=96%2C96&ssl=1\",\"caption\":\"Martin Hufner\"},\"description\":\"Martin Hufner ist freier Autor der JazzZeitung.\",\"sameAs\":[\"https:\\\/\\\/www.kritische-masse.de\\\/logbuch\",\"https:\\\/\\\/www.facebook.com\\\/hufner\"],\"url\":\"https:\\\/\\\/www.jazzzeitung.de\\\/cms\\\/author\\\/admin\\\/\"}]}<\/script>\n<!-- \/ Yoast SEO plugin. -->","yoast_head_json":{"title":"Deutsche Jazzunion begr\u00fc\u00dft Koalitionsvertrag und betont Bedeutung der freien K\u00fcnste - JazzZeitung","robots":{"index":"index","follow":"follow","max-snippet":"max-snippet:-1","max-image-preview":"max-image-preview:large","max-video-preview":"max-video-preview:-1"},"canonical":"https:\/\/www.jazzzeitung.de\/cms\/2025\/04\/deutsche-jazzunion-begruesst-koalitionsvertrag-und-betont-bedeutung-der-freien-kuenste\/","og_locale":"de_DE","og_type":"article","og_title":"Deutsche Jazzunion begr\u00fc\u00dft Koalitionsvertrag und betont Bedeutung der freien K\u00fcnste - JazzZeitung","og_description":"Koalitionsvertrag beinhaltet wichtige Signale im Bereich der sozialen Absicherung und Bundeskulturf\u00f6rderung +++ Jazz in der Initiative Musik muss gest\u00e4rkt werden +++ +++ Nachhaltige Finanzierung der freien Musik sicherstellen","og_url":"https:\/\/www.jazzzeitung.de\/cms\/2025\/04\/deutsche-jazzunion-begruesst-koalitionsvertrag-und-betont-bedeutung-der-freien-kuenste\/","og_site_name":"JazzZeitung","article_publisher":"https:\/\/www.facebook.com\/JazzZeitung\/","article_author":"https:\/\/www.facebook.com\/hufner","article_published_time":"2025-04-10T10:58:02+00:00","article_modified_time":"2025-04-10T11:00:18+00:00","og_image":[{"width":1600,"height":1060,"url":"https:\/\/www.jazzzeitung.de\/cms\/wp-content\/uploads\/2024\/06\/Vogel-ins-Freie.-Foto-\u00a9-Martin-Hufner.jpg","type":"image\/jpeg"}],"author":"Martin Hufner","schema":{"@context":"https:\/\/schema.org","@graph":[{"@type":"Article","@id":"https:\/\/www.jazzzeitung.de\/cms\/2025\/04\/deutsche-jazzunion-begruesst-koalitionsvertrag-und-betont-bedeutung-der-freien-kuenste\/#article","isPartOf":{"@id":"https:\/\/www.jazzzeitung.de\/cms\/2025\/04\/deutsche-jazzunion-begruesst-koalitionsvertrag-und-betont-bedeutung-der-freien-kuenste\/"},"author":{"name":"Martin Hufner","@id":"https:\/\/www.jazzzeitung.de\/cms\/#\/schema\/person\/b9a4e5ac765d94fb8f617bfa8f1fc5f7"},"headline":"Deutsche Jazzunion begr\u00fc\u00dft Koalitionsvertrag und betont Bedeutung der freien K\u00fcnste","datePublished":"2025-04-10T10:58:02+00:00","dateModified":"2025-04-10T11:00:18+00:00","mainEntityOfPage":{"@id":"https:\/\/www.jazzzeitung.de\/cms\/2025\/04\/deutsche-jazzunion-begruesst-koalitionsvertrag-und-betont-bedeutung-der-freien-kuenste\/"},"wordCount":389,"commentCount":0,"publisher":{"@id":"https:\/\/www.jazzzeitung.de\/cms\/#organization"},"image":{"@id":"https:\/\/www.jazzzeitung.de\/cms\/2025\/04\/deutsche-jazzunion-begruesst-koalitionsvertrag-und-betont-bedeutung-der-freien-kuenste\/#primaryimage"},"thumbnailUrl":"https:\/\/i0.wp.com\/www.jazzzeitung.de\/cms\/wp-content\/uploads\/2024\/06\/Vogel-ins-Freie.-Foto-%C2%A9-Martin-Hufner.jpg?fit=1600%2C1060&ssl=1","keywords":["Deutsche Jazzunion","Koalitionsvertrag","Kulturpolitik"],"articleSection":["News"],"inLanguage":"de","potentialAction":[{"@type":"CommentAction","name":"Comment","target":["https:\/\/www.jazzzeitung.de\/cms\/2025\/04\/deutsche-jazzunion-begruesst-koalitionsvertrag-und-betont-bedeutung-der-freien-kuenste\/#respond"]}]},{"@type":"WebPage","@id":"https:\/\/www.jazzzeitung.de\/cms\/2025\/04\/deutsche-jazzunion-begruesst-koalitionsvertrag-und-betont-bedeutung-der-freien-kuenste\/","url":"https:\/\/www.jazzzeitung.de\/cms\/2025\/04\/deutsche-jazzunion-begruesst-koalitionsvertrag-und-betont-bedeutung-der-freien-kuenste\/","name":"Deutsche Jazzunion begr\u00fc\u00dft Koalitionsvertrag und betont Bedeutung der freien K\u00fcnste - JazzZeitung","isPartOf":{"@id":"https:\/\/www.jazzzeitung.de\/cms\/#website"},"primaryImageOfPage":{"@id":"https:\/\/www.jazzzeitung.de\/cms\/2025\/04\/deutsche-jazzunion-begruesst-koalitionsvertrag-und-betont-bedeutung-der-freien-kuenste\/#primaryimage"},"image":{"@id":"https:\/\/www.jazzzeitung.de\/cms\/2025\/04\/deutsche-jazzunion-begruesst-koalitionsvertrag-und-betont-bedeutung-der-freien-kuenste\/#primaryimage"},"thumbnailUrl":"https:\/\/i0.wp.com\/www.jazzzeitung.de\/cms\/wp-content\/uploads\/2024\/06\/Vogel-ins-Freie.-Foto-%C2%A9-Martin-Hufner.jpg?fit=1600%2C1060&ssl=1","datePublished":"2025-04-10T10:58:02+00:00","dateModified":"2025-04-10T11:00:18+00:00","breadcrumb":{"@id":"https:\/\/www.jazzzeitung.de\/cms\/2025\/04\/deutsche-jazzunion-begruesst-koalitionsvertrag-und-betont-bedeutung-der-freien-kuenste\/#breadcrumb"},"inLanguage":"de","potentialAction":[{"@type":"ReadAction","target":["https:\/\/www.jazzzeitung.de\/cms\/2025\/04\/deutsche-jazzunion-begruesst-koalitionsvertrag-und-betont-bedeutung-der-freien-kuenste\/"]}]},{"@type":"ImageObject","inLanguage":"de","@id":"https:\/\/www.jazzzeitung.de\/cms\/2025\/04\/deutsche-jazzunion-begruesst-koalitionsvertrag-und-betont-bedeutung-der-freien-kuenste\/#primaryimage","url":"https:\/\/i0.wp.com\/www.jazzzeitung.de\/cms\/wp-content\/uploads\/2024\/06\/Vogel-ins-Freie.-Foto-%C2%A9-Martin-Hufner.jpg?fit=1600%2C1060&ssl=1","contentUrl":"https:\/\/i0.wp.com\/www.jazzzeitung.de\/cms\/wp-content\/uploads\/2024\/06\/Vogel-ins-Freie.-Foto-%C2%A9-Martin-Hufner.jpg?fit=1600%2C1060&ssl=1","width":1600,"height":1060,"caption":"Vogel ins Freie. Foto \u00a9 Martin Hufner"},{"@type":"BreadcrumbList","@id":"https:\/\/www.jazzzeitung.de\/cms\/2025\/04\/deutsche-jazzunion-begruesst-koalitionsvertrag-und-betont-bedeutung-der-freien-kuenste\/#breadcrumb","itemListElement":[{"@type":"ListItem","position":1,"name":"Startseite","item":"https:\/\/www.jazzzeitung.de\/cms\/"},{"@type":"ListItem","position":2,"name":"Deutsche Jazzunion begr\u00fc\u00dft Koalitionsvertrag und betont Bedeutung der freien K\u00fcnste"}]},{"@type":"WebSite","@id":"https:\/\/www.jazzzeitung.de\/cms\/#website","url":"https:\/\/www.jazzzeitung.de\/cms\/","name":"JazzZeitung","description":"Jazz-News und Jazz-Kontroverses","publisher":{"@id":"https:\/\/www.jazzzeitung.de\/cms\/#organization"},"potentialAction":[{"@type":"SearchAction","target":{"@type":"EntryPoint","urlTemplate":"https:\/\/www.jazzzeitung.de\/cms\/?s={search_term_string}"},"query-input":{"@type":"PropertyValueSpecification","valueRequired":true,"valueName":"search_term_string"}}],"inLanguage":"de"},{"@type":"Organization","@id":"https:\/\/www.jazzzeitung.de\/cms\/#organization","name":"JazzZeitung online","url":"https:\/\/www.jazzzeitung.de\/cms\/","logo":{"@type":"ImageObject","inLanguage":"de","@id":"https:\/\/www.jazzzeitung.de\/cms\/#\/schema\/logo\/image\/","url":"https:\/\/i0.wp.com\/www.jazzzeitung.de\/cms\/wp-content\/uploads\/2015\/08\/JAZZZEITUNGDE_Logo_Neu.png?fit=499%2C200&ssl=1","contentUrl":"https:\/\/i0.wp.com\/www.jazzzeitung.de\/cms\/wp-content\/uploads\/2015\/08\/JAZZZEITUNGDE_Logo_Neu.png?fit=499%2C200&ssl=1","width":499,"height":200,"caption":"JazzZeitung online"},"image":{"@id":"https:\/\/www.jazzzeitung.de\/cms\/#\/schema\/logo\/image\/"},"sameAs":["https:\/\/www.facebook.com\/JazzZeitung\/"]},{"@type":"Person","@id":"https:\/\/www.jazzzeitung.de\/cms\/#\/schema\/person\/b9a4e5ac765d94fb8f617bfa8f1fc5f7","name":"Martin Hufner","image":{"@type":"ImageObject","inLanguage":"de","@id":"https:\/\/i0.wp.com\/www.jazzzeitung.de\/cms\/wp-content\/uploads\/2013\/07\/huf-06.jpg?resize=96%2C96&ssl=15fcc31aa94540751a3b804516452be00","url":"https:\/\/i0.wp.com\/www.jazzzeitung.de\/cms\/wp-content\/uploads\/2013\/07\/huf-06.jpg?resize=96%2C96&ssl=1","contentUrl":"https:\/\/i0.wp.com\/www.jazzzeitung.de\/cms\/wp-content\/uploads\/2013\/07\/huf-06.jpg?resize=96%2C96&ssl=1","caption":"Martin Hufner"},"description":"Martin Hufner ist freier Autor der JazzZeitung.","sameAs":["https:\/\/www.kritische-masse.de\/logbuch","https:\/\/www.facebook.com\/hufner"],"url":"https:\/\/www.jazzzeitung.de\/cms\/author\/admin\/"}]}},"wp-worthy-pixel":{"ignored":true,"public":null,"server":null,"url":null},"wp-worthy-type":"normal","jetpack_publicize_connections":[],"cc_featured_image_caption":{"caption_text":"Vogel ins Freie.","source_text":"@ Martin Hufner","source_url":"http:\/\/www.kritische-masse.de"},"jetpack_featured_media_url":"https:\/\/i0.wp.com\/www.jazzzeitung.de\/cms\/wp-content\/uploads\/2024\/06\/Vogel-ins-Freie.-Foto-%C2%A9-Martin-Hufner.jpg?fit=1600%2C1060&ssl=1","jetpack_shortlink":"https:\/\/wp.me\/p3KEcT-8rh","jetpack-related-posts":[{"id":23815,"url":"https:\/\/www.jazzzeitung.de\/cms\/2020\/11\/news-deutsche-jazzunion-mit-gender-studiedeutsche-jazzunion-und-allianz-der-freien-kuenste-fordern-unternehmerinnenlohn-und-ausweitung-der-novemberhilfe\/","url_meta":{"origin":32443,"position":0},"title":"News: +++ Deutsche Jazzunion mit Gender-Studie +++ Unternehmer*innenlohn und Ausweitung der Novemberhilfe gefordert +++","author":"Redaktion JazzZeitung","date":"13. November 2020","format":false,"excerpt":"Neue Publikation zur Geschlechtergerechtigkeit im Jazz Es ist es soweit: Die Publikation \u201eGender.Macht.Musik. Geschlechtergerechtigkeit im Jazz\u201c der Deutschen Jazzunion als Download erh\u00e4ltlich. Mit geschlechtsspezifischen Nachauswertungen der jazzstudie2016 und der Mitgliederumfrage 2018 der Deutschen Jazzunion will die Publikation wichtige Einblicke in die aktuelle Situation von Geschlechtergerechtigkeit in der deutschen Jazzlandschaft geben.\u2026","rel":"","context":"In &quot;News&quot;","block_context":{"text":"News","link":"https:\/\/www.jazzzeitung.de\/cms\/thema\/nachrichten\/"},"img":{"alt_text":"Gender Macht Musik.","src":"https:\/\/i0.wp.com\/www.jazzzeitung.de\/cms\/wp-content\/uploads\/2020\/11\/GENDER.MACHT_.MUSIK_-scaled.jpg?fit=848%2C1200&ssl=1&resize=350%2C200","width":350,"height":200,"srcset":"https:\/\/i0.wp.com\/www.jazzzeitung.de\/cms\/wp-content\/uploads\/2020\/11\/GENDER.MACHT_.MUSIK_-scaled.jpg?fit=848%2C1200&ssl=1&resize=350%2C200 1x, https:\/\/i0.wp.com\/www.jazzzeitung.de\/cms\/wp-content\/uploads\/2020\/11\/GENDER.MACHT_.MUSIK_-scaled.jpg?fit=848%2C1200&ssl=1&resize=525%2C300 1.5x, https:\/\/i0.wp.com\/www.jazzzeitung.de\/cms\/wp-content\/uploads\/2020\/11\/GENDER.MACHT_.MUSIK_-scaled.jpg?fit=848%2C1200&ssl=1&resize=700%2C400 2x"},"classes":[]},{"id":22133,"url":"https:\/\/www.jazzzeitung.de\/cms\/2020\/03\/deutsche-jazzunion-existenz-vieler-jazzmusikerinnen-in-gefahr\/","url_meta":{"origin":32443,"position":1},"title":"Deutsche Jazzunion: Existenz vieler Jazzmusiker*innen in Gefahr","author":"Redaktion JazzZeitung","date":"12. M\u00e4rz 2020","format":false,"excerpt":"Wirtschaftliche Existenz vieler Jazzmusiker*innen durch Veranstaltungsabsagen wegen Coronavirus in Gefahr. Abgesagte Messen, geschlossene Konzerth\u00e4user und auf unbestimmte Zeit verschobene Veranstaltungen: Von den staatlichen Ma\u00dfnahmen gegen die Ausbreitung des neuartigen Coronavirus CoVid-19 in Deutschland sind nicht nur Gro\u00dfveranstaltungen betroffen, sondern auch unz\u00e4hlige Jazzspielst\u00e4tten wie Clubs und Kleinkunstb\u00fchnen. Gerade die \u00fcberwiegend freischaffenden\u2026","rel":"","context":"In &quot;News&quot;","block_context":{"text":"News","link":"https:\/\/www.jazzzeitung.de\/cms\/thema\/nachrichten\/"},"img":{"alt_text":"Logo der Deutschen Jazzunion","src":"https:\/\/i0.wp.com\/www.jazzzeitung.de\/cms\/wp-content\/uploads\/2019\/05\/DeutscheJazzunion.png?fit=811%2C456&ssl=1&resize=350%2C200","width":350,"height":200,"srcset":"https:\/\/i0.wp.com\/www.jazzzeitung.de\/cms\/wp-content\/uploads\/2019\/05\/DeutscheJazzunion.png?fit=811%2C456&ssl=1&resize=350%2C200 1x, https:\/\/i0.wp.com\/www.jazzzeitung.de\/cms\/wp-content\/uploads\/2019\/05\/DeutscheJazzunion.png?fit=811%2C456&ssl=1&resize=525%2C300 1.5x, https:\/\/i0.wp.com\/www.jazzzeitung.de\/cms\/wp-content\/uploads\/2019\/05\/DeutscheJazzunion.png?fit=811%2C456&ssl=1&resize=700%2C400 2x"},"classes":[]},{"id":24756,"url":"https:\/\/www.jazzzeitung.de\/cms\/2021\/04\/news-allianz-der-freien-kuenste-fordert-oeffnungsperspektive-runder-tisch-kultur-jetzt\/","url_meta":{"origin":32443,"position":2},"title":"+++news +++ Allianz der freien K\u00fcnste fordert \u00d6ffnungsperspektive +++ Runder Tisch Kultur jetzt! +++","author":"Redaktion JazzZeitung","date":"28. April 2021","format":false,"excerpt":"+++ Pressemitteilung - Effektive Ma\u00dfnahmen sind richtig, Kunst und Kultur brauchen dennoch eine klare \u00d6ffnungsperspektive +++ Berlin, 26.04.2021 | Mit Blick auf das am Wochenende in Kraft getretene Infektionsschutzgesetz fordern die in der Allianz der Freien Ku\u0308nste organisierten 19 Bundesverba\u0308nde eine klare O\u0308ffnungsperspektive \u2013 z. B. durch eine Differenzierung zwischen\u2026","rel":"","context":"In &quot;News&quot;","block_context":{"text":"News","link":"https:\/\/www.jazzzeitung.de\/cms\/thema\/nachrichten\/"},"img":{"alt_text":"","src":"https:\/\/i0.wp.com\/www.jazzzeitung.de\/cms\/wp-content\/uploads\/2021\/04\/auditorium-3514584_1920.jpg?fit=1200%2C799&ssl=1&resize=350%2C200","width":350,"height":200,"srcset":"https:\/\/i0.wp.com\/www.jazzzeitung.de\/cms\/wp-content\/uploads\/2021\/04\/auditorium-3514584_1920.jpg?fit=1200%2C799&ssl=1&resize=350%2C200 1x, https:\/\/i0.wp.com\/www.jazzzeitung.de\/cms\/wp-content\/uploads\/2021\/04\/auditorium-3514584_1920.jpg?fit=1200%2C799&ssl=1&resize=525%2C300 1.5x, https:\/\/i0.wp.com\/www.jazzzeitung.de\/cms\/wp-content\/uploads\/2021\/04\/auditorium-3514584_1920.jpg?fit=1200%2C799&ssl=1&resize=700%2C400 2x, https:\/\/i0.wp.com\/www.jazzzeitung.de\/cms\/wp-content\/uploads\/2021\/04\/auditorium-3514584_1920.jpg?fit=1200%2C799&ssl=1&resize=1050%2C600 3x"},"classes":[]},{"id":24529,"url":"https:\/\/www.jazzzeitung.de\/cms\/2021\/03\/unterstutzung-von-ksk-versicherten-in-der-corona-krise-gefordert\/","url_meta":{"origin":32443,"position":3},"title":"Unterstu\u0308tzung von KSK-Versicherten in der Corona-Krise gefordert","author":"Redaktion JazzZeitung","date":"12. M\u00e4rz 2021","format":false,"excerpt":"Allianz der Freien K\u00fcnste mit Forderungen an den Gesetzgeber zur wirksamen Unterstu\u0308tzung von KSK-Versicherten in der Corona-Krise (unver\u00e4nderte Pressemitteilung) In Artikel 5 Absatz 3 des Grundgesetzes ist mit der Kunstfreiheit das verfassungsma\u0308\u00dfige Bekenntnis zur besonderen Rolle der Ku\u0308nste in unserer Gesellschaft grundlegend formuliert. Mit dem Ku\u0308nstlersozialversicherungsgesetz und in der auf\u2026","rel":"","context":"In &quot;News&quot;","block_context":{"text":"News","link":"https:\/\/www.jazzzeitung.de\/cms\/thema\/nachrichten\/"},"img":{"alt_text":"jazz_news. Motiv. Foto: Hufner","src":"https:\/\/i0.wp.com\/www.jazzzeitung.de\/cms\/wp-content\/uploads\/2017\/10\/jazz_news.jpg?fit=1200%2C873&ssl=1&resize=350%2C200","width":350,"height":200,"srcset":"https:\/\/i0.wp.com\/www.jazzzeitung.de\/cms\/wp-content\/uploads\/2017\/10\/jazz_news.jpg?fit=1200%2C873&ssl=1&resize=350%2C200 1x, https:\/\/i0.wp.com\/www.jazzzeitung.de\/cms\/wp-content\/uploads\/2017\/10\/jazz_news.jpg?fit=1200%2C873&ssl=1&resize=525%2C300 1.5x, https:\/\/i0.wp.com\/www.jazzzeitung.de\/cms\/wp-content\/uploads\/2017\/10\/jazz_news.jpg?fit=1200%2C873&ssl=1&resize=700%2C400 2x, https:\/\/i0.wp.com\/www.jazzzeitung.de\/cms\/wp-content\/uploads\/2017\/10\/jazz_news.jpg?fit=1200%2C873&ssl=1&resize=1050%2C600 3x"},"classes":[]},{"id":22046,"url":"https:\/\/www.jazzzeitung.de\/cms\/2020\/02\/news-robyn-schulkowsky-gebrueder-teichmann-im-leeren-beutel-jazz-rally-duesseldorf-zugangshuerden-zur-grundrente-senken\/","url_meta":{"origin":32443,"position":4},"title":"+++ news +++ Robyn Schulkowsky &#038; Gebr\u00fcder Teichmann im Leeren Beutel +++ Jazz Rally D\u00fcsseldorf +++ Zugangsh\u00fcrden zur Grundrente senken +++","author":"Redaktion JazzZeitung","date":"28. Februar 2020","format":false,"excerpt":"+++ Robyn Schulkowsky & Gebr\u00fcder Teichmann a, 24. April im Leeren Beutel Regensburg +++ Mit Robyn Schulkowsky und den Gebr\u00fcder Teichmann treffen zwei Generationen stil\u00fcbergreifender Experimentierfreude und musikalischer Offenheit zusammen. Aus der Freundschaft der drei Musiker entsprang der Wunsch sich musikalisch auszutauschen. Das Konzept ist so einfach wie spannend: Einen\u2026","rel":"","context":"In &quot;News&quot;","block_context":{"text":"News","link":"https:\/\/www.jazzzeitung.de\/cms\/thema\/nachrichten\/"},"img":{"alt_text":"","src":"https:\/\/i0.wp.com\/www.jazzzeitung.de\/cms\/wp-content\/uploads\/2020\/02\/Robyn-Teichmanns_09175.jpg?fit=1200%2C822&ssl=1&resize=350%2C200","width":350,"height":200,"srcset":"https:\/\/i0.wp.com\/www.jazzzeitung.de\/cms\/wp-content\/uploads\/2020\/02\/Robyn-Teichmanns_09175.jpg?fit=1200%2C822&ssl=1&resize=350%2C200 1x, https:\/\/i0.wp.com\/www.jazzzeitung.de\/cms\/wp-content\/uploads\/2020\/02\/Robyn-Teichmanns_09175.jpg?fit=1200%2C822&ssl=1&resize=525%2C300 1.5x, https:\/\/i0.wp.com\/www.jazzzeitung.de\/cms\/wp-content\/uploads\/2020\/02\/Robyn-Teichmanns_09175.jpg?fit=1200%2C822&ssl=1&resize=700%2C400 2x, https:\/\/i0.wp.com\/www.jazzzeitung.de\/cms\/wp-content\/uploads\/2020\/02\/Robyn-Teichmanns_09175.jpg?fit=1200%2C822&ssl=1&resize=1050%2C600 3x"},"classes":[]},{"id":23646,"url":"https:\/\/www.jazzzeitung.de\/cms\/2020\/10\/jazz-now-2020-25-jazzforum-der-deutschen-jazzunion-fand-trotz-corona-pandemie-in-leipzig-statt\/","url_meta":{"origin":32443,"position":5},"title":"Jazz Now! 2020: 25. Jazzforum der Deutschen Jazzunion fand trotz Corona-Pandemie in Leipzig statt","author":"Redaktion JazzZeitung","date":"19. Oktober 2020","format":false,"excerpt":"Trotz den Corona-Einschr\u00e4nkungen hat die Deutsche Jazzunion an den vergangenen zwei Tagen ihre biennale Bundeskonferenz \u201eJazz Now! 2020\u201c im Kunstkraftwerk Leipzig durchgef\u00fchrt. Mit Abstand und Masken, sowie mit vielen digitalen und hybriden Formaten fanden Panels und Workshops statt, die von Jazzmusiker*innen aus ganz Deutschland und Europa beachtet wurden. Durch die\u2026","rel":"","context":"In &quot;News&quot;","block_context":{"text":"News","link":"https:\/\/www.jazzzeitung.de\/cms\/thema\/nachrichten\/"},"img":{"alt_text":"JazzNow Jazztage Leipzig 2020. Foto: Lukas Diller.","src":"https:\/\/i0.wp.com\/www.jazzzeitung.de\/cms\/wp-content\/uploads\/2020\/10\/JazzNow_Jazztage_c_LukasDiller-9.jpg?fit=1200%2C800&ssl=1&resize=350%2C200","width":350,"height":200,"srcset":"https:\/\/i0.wp.com\/www.jazzzeitung.de\/cms\/wp-content\/uploads\/2020\/10\/JazzNow_Jazztage_c_LukasDiller-9.jpg?fit=1200%2C800&ssl=1&resize=350%2C200 1x, https:\/\/i0.wp.com\/www.jazzzeitung.de\/cms\/wp-content\/uploads\/2020\/10\/JazzNow_Jazztage_c_LukasDiller-9.jpg?fit=1200%2C800&ssl=1&resize=525%2C300 1.5x, https:\/\/i0.wp.com\/www.jazzzeitung.de\/cms\/wp-content\/uploads\/2020\/10\/JazzNow_Jazztage_c_LukasDiller-9.jpg?fit=1200%2C800&ssl=1&resize=700%2C400 2x, https:\/\/i0.wp.com\/www.jazzzeitung.de\/cms\/wp-content\/uploads\/2020\/10\/JazzNow_Jazztage_c_LukasDiller-9.jpg?fit=1200%2C800&ssl=1&resize=1050%2C600 3x"},"classes":[]}],"jetpack_sharing_enabled":true,"_links":{"self":[{"href":"https:\/\/www.jazzzeitung.de\/cms\/wp-json\/wp\/v2\/posts\/32443","targetHints":{"allow":["GET"]}}],"collection":[{"href":"https:\/\/www.jazzzeitung.de\/cms\/wp-json\/wp\/v2\/posts"}],"about":[{"href":"https:\/\/www.jazzzeitung.de\/cms\/wp-json\/wp\/v2\/types\/post"}],"author":[{"embeddable":true,"href":"https:\/\/www.jazzzeitung.de\/cms\/wp-json\/wp\/v2\/users\/1"}],"replies":[{"embeddable":true,"href":"https:\/\/www.jazzzeitung.de\/cms\/wp-json\/wp\/v2\/comments?post=32443"}],"version-history":[{"count":3,"href":"https:\/\/www.jazzzeitung.de\/cms\/wp-json\/wp\/v2\/posts\/32443\/revisions"}],"predecessor-version":[{"id":32446,"href":"https:\/\/www.jazzzeitung.de\/cms\/wp-json\/wp\/v2\/posts\/32443\/revisions\/32446"}],"wp:featuredmedia":[{"embeddable":true,"href":"https:\/\/www.jazzzeitung.de\/cms\/wp-json\/wp\/v2\/media\/31185"}],"wp:attachment":[{"href":"https:\/\/www.jazzzeitung.de\/cms\/wp-json\/wp\/v2\/media?parent=32443"}],"wp:term":[{"taxonomy":"category","embeddable":true,"href":"https:\/\/www.jazzzeitung.de\/cms\/wp-json\/wp\/v2\/categories?post=32443"},{"taxonomy":"post_tag","embeddable":true,"href":"https:\/\/www.jazzzeitung.de\/cms\/wp-json\/wp\/v2\/tags?post=32443"},{"taxonomy":"author","embeddable":true,"href":"https:\/\/www.jazzzeitung.de\/cms\/wp-json\/wp\/v2\/coauthors?post=32443"}],"curies":[{"name":"wp","href":"https:\/\/api.w.org\/{rel}","templated":true}]}}